{"id":126165,"date":"2024-03-01T00:30:00","date_gmt":"2024-02-29T23:30:00","guid":{"rendered":"https:\/\/www.rdpemancipation.org\/?p=126165"},"modified":"2024-03-24T19:44:57","modified_gmt":"2024-03-24T18:44:57","slug":"mars-maghreb-4","status":"publish","type":"post","link":"https:\/\/www.rdpemancipation.org\/?p=126165","title":{"rendered":"Mars &#8211; Maghreb"},"content":{"rendered":"\n<p><strong><mark style=\"background-color:rgba(0, 0, 0, 0);color:#ed1010\" class=\"has-inline-color\">23 mars<\/mark><\/strong><\/p>\n\n\n\n<p><a href=\"https:\/\/orientxxi.info\/magazine\/la-france-se-rapproche-du-maroc-tout-en-negociant-avec-tebboune,7149\" target=\"_blank\" rel=\"noreferrer noopener\">La France se rapproche du Maroc tout en n\u00e9gociant avec Abdelmadjid Tebboune<\/a>&nbsp; (Orient XXI)<\/p>\n\n\n\n<p><a href=\"https:\/\/radio-m.net\/algerie-maroc-lapaisement-passe-t-il-par-la-voix-des-mouvements-citoyens\/\">Alg\u00e9rie-Maroc : l\u2019apaisement passe-t-il par la voix des mouvements citoyens?<\/a> (Radio M)<\/p>\n\n\n\n<p><strong>Alg\u00e9rie<\/strong><\/p>\n\n\n\n<p><a href=\"https:\/\/www.rfi.fr\/fr\/afrique\/20240324-alg%C3%A9rie-la-classe-politique-r%C3%A9agit-%C3%A0-la-pr%C3%A9sidentielle-anticip%C3%A9e?_ope=eyJndWlkIjoiYjFmOWRmZWI3ZTllZGE1NTM1NTJmMGIzNWYwZGIyYjcifQ%3D%3D\">La classe politique r\u00e9agit \u00e0 la pr\u00e9sidentielle anticip\u00e9e<\/a>&nbsp;(RFI)<\/p>\n\n\n\n<p><a href=\"https:\/\/algeria-watch.org\/?p=92222\">D\u00e9cision prise jeudi par le pr\u00e9sident Tebboune : La pr\u00e9sidentielle avanc\u00e9e au 7 septembre<\/a> (El Watan)<a href=\"https:\/\/radio-m.net\/elections-presidentielles-anticipees-le-clan-presidentiel-se-rejouit-lopposition-se-braque\/\"><\/a><\/p>\n\n\n\n<p><a href=\"https:\/\/radio-m.net\/elections-presidentielles-anticipees-le-clan-presidentiel-se-rejouit-lopposition-se-braque\/\">\u00c9lections pr\u00e9sidentielles anticip\u00e9es : le clan pr\u00e9sidentiel se r\u00e9jouit, l\u2019opposition se braque<\/a><a> (Radio M)<\/a><\/p>\n\n\n\n<p><a href=\"https:\/\/www.middleeasteye.net\/fr\/actu-et-enquetes\/liberez-les-une-campagne-pour-montrer-que-les-detenus-dopinion-algeriens-ne-sont\">\u00ab&nbsp;Lib\u00e9rez-les&nbsp;\u00bb&nbsp;: une campagne pour montrer que les d\u00e9tenus d\u2019opinion alg\u00e9riens ne sont pas des \u00ab&nbsp;terroristes&nbsp;\u00bb<\/a> (MEE)<\/p>\n\n\n\n<p><a href=\"https:\/\/radio-m.net\/ihsane-el-kadi-le-journaliste-qui-a-refuse-de-courber-lechine\/\">Ihsane El Kadi, le journaliste qui a refus\u00e9 de courber l\u2019\u00e9chine<\/a> (Radio M)<\/p>\n\n\n\n<p><a href=\"https:\/\/radio-m.net\/detenu-dopinion-kamira-nait-sid-lengagement-pour-lamazighite\/\">D\u00e9tenue d\u2019opinion kamira Nait Sid, l\u2019engagement pour l\u2019amazighit\u00e9<\/a> (Radio M)<\/p>\n\n\n\n<p><a href=\"https:\/\/radio-m.net\/radio-m-chronique-de-letouffement-dun-media-libre\/\">Radio M&nbsp;: chronique de l\u2019\u00e9touffement d\u2019un m\u00e9dia libre<\/a> (Radio M)<\/p>\n\n\n\n<p><a href=\"https:\/\/radio-m.net\/mohamed-tadjadit-brutalise-a-la-prison-del-harrach-selon-ca-famille\/\">Mohamed Tadjadit \u00ab&nbsp;brutalis\u00e9&nbsp;\u00bb \u00e0 la prison d\u2019El Harrach, selon sa famille<\/a> (Radio M)<\/p>\n\n\n\n<p><a href=\"https:\/\/radio-m.net\/detenu-dopinion-farid-belmokhtar-le-citoyen-exemplaire-de-naciria\/\">D\u00e9tenu d\u2019opinion Farid Belmokhtar, le citoyen exemplaire de Naciria<\/a> (Radio M)<\/p>\n\n\n\n<p><a href=\"https:\/\/orientxxi.info\/magazine\/dans-l-ombre-des-accords-d-evian-des-identites-nationales-en-suspens,7150\" target=\"_blank\" rel=\"noreferrer noopener\">Dans l&rsquo;ombre des accords d&rsquo;\u00c9vian, des identit\u00e9s nationales en suspens<\/a>&nbsp;(Orient XXI)<\/p>\n\n\n\n<p><a href=\"https:\/\/www.youtube.com\/watch?v=IpZHL8dNxzE\" target=\"_blank\" rel=\"noreferrer noopener\">Alg\u00e9rie : La France doit reconna\u00eetre ses crimes ?<\/a>&nbsp;(Le M\u00e9dia)<\/p>\n\n\n\n<p><a href=\"https:\/\/www.youtube.com\/watch?v=B5KzztMl874\" target=\"_blank\" rel=\"noreferrer noopener\"><em>LE PEN ET LA TORTURE<\/em> &#8211; Entretien avec Fabrice Riceputi et Philippe Poutou<\/a>&nbsp;(L&rsquo;Anticapitaliste)<\/p>\n\n\n\n<p><strong>Libye<\/strong><\/p>\n\n\n\n<p><a href=\"https:\/\/www.afriquesenlutte.org\/afrique-du-nord\/libye\/article\/libye-nouvelle-tentative-d-un-gouvernement\">Nouvelle tentative d\u2019un gouvernement d\u2019union<\/a> (Afriques en Lutte)<\/p>\n\n\n\n<p><a href=\"https:\/\/www.rfi.fr\/fr\/afrique\/20240322-une-fosse-commune-avec-au-moins-65-corps-de-migrants-d%C3%A9couverte-en-libye\">Une \u00abfosse commune\u00bb avec au moins 65 corps de migrants d\u00e9couverte en Libye<\/a> (RFI)<\/p>\n\n\n\n<p><a href=\"https:\/\/api.indigo-net.com\/email\/RedirectionEmailing?mail=n.chevillard@noos.fr&amp;ID=596323&amp;DOCIID=109703480&amp;ENAIID=870280&amp;RETOUR=SIMPLE&amp;link=https:\/\/www.africaintelligence.fr\/afrique-du-nord\/2024\/03\/18\/futur-gouvernement--nouveau-round-de-negociations-sous-le-parrainage-de-paris-rabat-et-le-caire,110192036-eve?cxt=PUB&amp;utm_source=AIF&amp;utm_medium=email&amp;utm_campaign=AUTO_EDIT_SOM_PROS\" target=\"_blank\" rel=\"noreferrer noopener\">Futur gouvernement : nouveau round de n\u00e9gociations sous le parrainage de Paris, Rabat et Le Caire<\/a> (Africa Intelligence)<\/p>\n\n\n\n<p><a href=\"https:\/\/api.indigo-net.com\/email\/RedirectionEmailing?mail=n.chevillard@noos.fr&amp;ID=596569&amp;DOCIID=109703480&amp;ENAIID=870526&amp;RETOUR=SIMPLE&amp;link=https:\/\/www.africaintelligence.fr\/afrique-du-nord\/2024\/03\/19\/fonds-souverain-vs-prince-de-belgique--l-equipe-arbitrale-constituee,110192324-art?cxt=PUB&amp;utm_source=AIF&amp;utm_medium=email&amp;utm_campaign=AUTO_EDIT_SOM_PROS\" target=\"_blank\" rel=\"noreferrer noopener\">Fonds souverain vs prince de Belgique : l&rsquo;\u00e9quipe arbitrale constitu\u00e9e<\/a> (Africa Intelligence)<\/p>\n\n\n\n<p><strong>Maroc<\/strong><\/p>\n\n\n\n<p><a><\/a><a href=\"https:\/\/radio-m.net\/des-milliers-de-marocains-reclament-la-fin-de-la-guerre-et-du-siege-a-gaza\/\">Des milliers de Marocains r\u00e9clament la fin de la guerre et du si\u00e8ge \u00e0 Gaza<\/a> (Radio M)<\/p>\n\n\n\n<p><a href=\"https:\/\/enass.ma\/2024\/03\/22\/maroc-les-gagnants-et-les-perdants-de-linflation\/\" target=\"_blank\" rel=\"noreferrer noopener\">Les gagnants et les perdants de l\u2019Inflation<\/a>&nbsp;(Enass)<\/p>\n\n\n\n<p><a href=\"https:\/\/api.indigo-net.com\/email\/RedirectionEmailing?mail=n.chevillard@noos.fr&amp;ID=597058&amp;DOCIID=109703480&amp;ENAIID=871012&amp;RETOUR=SIMPLE&amp;link=https:\/\/www.africaintelligence.fr\/afrique-du-nord\/2024\/03\/21\/bannis-des-ports-europeens-les-navires-russes-trouvent-refuge-a-agadir,110193865-gra?cxt=PUB&amp;utm_source=AIF&amp;utm_medium=email&amp;utm_campaign=AUTO_EDIT_SOM_PROS\" target=\"_blank\" rel=\"noreferrer noopener\">Bannis des ports europ\u00e9ens, les navires russes trouvent refuge \u00e0 Agadir<\/a> (Africa Intelligence)<\/p>\n\n\n\n<p><a href=\"https:\/\/www.middleeasteye.net\/fr\/actu-et-enquetes\/les-armes-israeliennes-au-service-du-maroc-pour-reprimer-le-sahara-occidental\">Les armes isra\u00e9liennes au service du Maroc pour r\u00e9primer le Sahara occidental<\/a> (MEE)<\/p>\n\n\n\n<p><a href=\"https:\/\/www.tsa-algerie.com\/expropriation-des-proprietes-algeriennes-au-maroc-le-detail-des-biens-concernes\/\">Expropriation des propri\u00e9t\u00e9s alg\u00e9riennes au Maroc : le d\u00e9tail des biens concern\u00e9s<\/a> (TSA)<\/p>\n\n\n\n<p><a href=\"https:\/\/www.tsa-algerie.com\/en-pleine-guerre-a-gaza-israel-teste-un-drone-militaire-au-maroc\/\">En pleine guerre \u00e0 Gaza : Isra\u00ebl teste un drone militaire au Maroc<\/a> (TSA)<\/p>\n\n\n\n<p><a href=\"https:\/\/enass.ma\/2024\/03\/12\/inegalites-des-salaires-des-ecarts-alarmants-au-maroc\/\" target=\"_blank\" rel=\"noreferrer noopener\">In\u00e9galit\u00e9s des salaires : Des \u00e9carts alarmants au Maroc&nbsp;<\/a> (Enass)<\/p>\n\n\n\n<p><a href=\"https:\/\/lanticapitaliste.org\/actualite\/international\/maroc-figuig-les-femmes-en-lutte-pour-le-bien-commun\">A Figuig, les femmes en lutte pour le bien commun<\/a> (l\u2019Anticapitaliste)<\/p>\n\n\n\n<p><strong>Tunisie<\/strong><\/p>\n\n\n\n<p><a href=\"https:\/\/api.indigo-net.com\/email\/RedirectionEmailing?mail=n.chevillard@noos.fr&amp;ID=597309&amp;DOCIID=109703480&amp;ENAIID=871264&amp;RETOUR=SIMPLE&amp;link=https:\/\/www.africaintelligence.fr\/afrique-du-nord\/2024\/03\/22\/tunis-s-attaque-a-la-fonte-des-reserves-de-devises,110194354-bre?cxt=PUB&amp;utm_source=AIF&amp;utm_medium=email&amp;utm_campaign=AUTO_EDIT_SOM_PROS\" target=\"_blank\" rel=\"noreferrer noopener\">Tunis s&rsquo;attaque \u00e0 la fonte des r\u00e9serves de devises<\/a> (Africa Intelligence)<\/p>\n\n\n\n<p><a href=\"https:\/\/inkyfada.com\/fr\/2024\/03\/24\/stouchi-mongi-pecheur-tunisie\/\" target=\"_blank\" rel=\"noreferrer noopener\">Mongi, 62 ans, p\u00eacheur, 650 dinars, ramer pour finir le mois<\/a>&nbsp;(Inkyfada)<\/p>\n\n\n\n<p><a href=\"https:\/\/api.indigo-net.com\/email\/RedirectionEmailing?mail=n.chevillard@noos.fr&amp;ID=596569&amp;DOCIID=109703480&amp;ENAIID=870526&amp;RETOUR=SIMPLE&amp;link=https:\/\/www.africaintelligence.fr\/afrique-du-nord\/2024\/03\/19\/a-l-approche-de-la-presidentielle-mondher-zenaidi-affine-sa-defense,110192240-art?cxt=PUB&amp;utm_source=AIF&amp;utm_medium=email&amp;utm_campaign=AUTO_EDIT_SOM_PROS\" target=\"_blank\" rel=\"noreferrer noopener\">\u00c0 l&rsquo;approche de la pr\u00e9sidentielle, Mondher Zenaidi affine sa d\u00e9fense<\/a> (Africa Intelligence)<\/p>\n\n\n\n<p><a href=\"https:\/\/www.lemonde.fr\/afrique\/article\/2024\/03\/12\/en-tunisie-le-president-kais-saied-seul-en-scene-pour-sa-reelection_6221545_3212.html\">En Tunisie, le pr\u00e9sident, Ka\u00efs Sa\u00efed, seul en&nbsp;sc\u00e8ne pour sa r\u00e9\u00e9lection<\/a> (Le Monde)<a href=\"https:\/\/www.lemonde.fr\/afrique\/article\/2024\/03\/06\/des-temperatures-de-pres-de-50-c-un-littoral-qui-s-erode-comment-attirer-les-touristes-dans-une-tunisie-percutee-par-le-changement-climatique_6220485_3212.html\"><\/a><\/p>\n\n\n\n<p><a href=\"https:\/\/www.lemonde.fr\/afrique\/article\/2024\/03\/06\/des-temperatures-de-pres-de-50-c-un-littoral-qui-s-erode-comment-attirer-les-touristes-dans-une-tunisie-percutee-par-le-changement-climatique_6220485_3212.html\">Des temp\u00e9ratures de pr\u00e8s de 50&nbsp;\u00b0C, un littoral qui s\u2019\u00e9rode&nbsp;: comment attirer les touristes dans une Tunisie percut\u00e9e par le d\u00e9r\u00e8glement climatique<\/a> (Le Monde)<a href=\"https:\/\/www.lemonde.fr\/afrique\/article\/2024\/03\/06\/des-temperatures-de-pres-de-50-c-un-littoral-qui-s-erode-comment-attirer-les-touristes-dans-une-tunisie-percutee-par-le-changement-climatique_6220485_3212.html\"><\/a><\/p>\n\n\n\n<p><strong><mark style=\"background-color:rgba(0, 0, 0, 0);color:#ed1010\" class=\"has-inline-color\">10 mars<\/mark><\/strong><\/p>\n\n\n\n<p><a href=\"https:\/\/algeria-watch.org\/?p=92061\">Elle englobe l\u2019Alg\u00e9rie, la Tunisie et la Libye : Une nouvelle dynamique maghr\u00e9bine lanc\u00e9e<\/a> (El Watan)<\/p>\n\n\n\n<p><strong>Alg\u00e9rie<\/strong><\/p>\n\n\n\n<p><a href=\"https:\/\/radio-m.net\/sos-disparus-projection-debat-sur-les-droits-des-femmes-interdite-par-les-autorites\/\"><strong>SOS Disparus : Projection-d\u00e9bat sur les droits des femmes interdite par les autorit\u00e9s<\/strong><\/a> (Radio M)<\/p>\n\n\n\n<p><a href=\"https:\/\/radio-m.net\/en-algerie-jirai-dormir-chez-vous-sest-transforme-en-jirai-dormir-escorte-par-la-police\/\">En Alg\u00e9rie, \u201cJ\u2019irai dormir chez vous\u201d s\u2019est transform\u00e9 en \u201cJ\u2019irai dormir escort\u00e9 par la police\u201d<\/a> (Radio M)<\/p>\n\n\n\n<p><a href=\"https:\/\/www.tsa-algerie.com\/france-une-journaliste-algerienne-depose-plainte-contre-marion-marechal-le-pen\/\">France : une journaliste alg\u00e9rienne d\u00e9pose plainte contre Marion Mar\u00e9chal Le Pen<\/a> (TSA)<\/p>\n\n\n\n<p><a href=\"https:\/\/radio-m.net\/ihsane-el-kadi-condamne-avant-detre-juge-retour-sur-des-revelations-inedites\/\">Ihsane El Kadi condamn\u00e9 avant d\u2019\u00eatre jug\u00e9 : retour sur des r\u00e9v\u00e9lations in\u00e9dites<\/a> (Radio M)<\/p>\n\n\n\n<p><a href=\"https:\/\/blogs.mediapart.fr\/christian-pheline\/blog\/090324\/la-torture-en-algerie-deja-en-1939\"><strong>La torture en Alg\u00e9rie : d\u00e9j\u00e0 en 1939&#8230;<\/strong><\/a> (Blog de&nbsp;Christian Ph\u00e9line)<\/p>\n\n\n\n<p><a href=\"https:\/\/algeria-watch.org\/?p=92059\">Torture durant la guerre de Lib\u00e9ration nationale : Des Associations demandent \u00e0 la France d\u2019assumer sa responsabilit\u00e9<\/a> (Le Quotidien d\u2019Oran)<\/p>\n\n\n\n<p><a href=\"https:\/\/radio-m.net\/dossier-explosif-a-lelysee-la-france-sommee-dassumer-la-torture-en-algerie\/\">Dossier explosif \u00e0 l\u2019\u00c9lys\u00e9e : la France somm\u00e9e d\u2019assumer la torture en Alg\u00e9rie<\/a> (Radio M)<\/p>\n\n\n\n<p><a href=\"https:\/\/radio-m.net\/politique-le-ffs-veut-peser-sur-la-prochaine-presidentielle\/\">Politique&nbsp;: Le FFS veut peser sur la prochaine pr\u00e9sidentielle<\/a> (Radio M)<\/p>\n\n\n\n<p><a href=\"https:\/\/algeria-watch.org\/?p=92071\">Industrie du gaz : Le projet de gazoduc Nigeria-Alg\u00e9rie sur la bonne voie<\/a> (El Watan)<\/p>\n\n\n\n<p><a href=\"https:\/\/radio-m.net\/lucp-de-zoubida-assoul-annonce-sa-participation-a-la-presidentielle-de-2024\/\">L\u2019UCP de Zoubida Assoul annonce sa participation \u00e0 la pr\u00e9sidentielle de 2024<\/a> (Radio M)<\/p>\n\n\n\n<p><a href=\"https:\/\/radio-m.net\/une-conference-sur-la-justice-transitionnelle-empechee-a-alger\/\">Une conf\u00e9rence sur la justice transitionnelle emp\u00each\u00e9e \u00e0 Alger<\/a> (Radio M)<\/p>\n\n\n\n<p><a href=\"https:\/\/radio-m.net\/adoption-dun-code-penal-repressif-en-depit-des-controverses\/\"><strong>Adoption d\u2019un code p\u00e9nal r\u00e9pressif en d\u00e9pit des controverses<\/strong><\/a> (Radio M)<\/p>\n\n\n\n<p><strong>Maroc<\/strong><\/p>\n\n\n\n<p><strong><a href=\"https:\/\/radio-m.net\/maroc-le-journaliste-incarcere-soulaimane-raissouni-en-greve-de-la-faim-depuis-7-jours\/\">Le journaliste incarc\u00e9r\u00e9, Soulaimane Raissouni en gr\u00e8ve de la faim<\/a><\/strong> (Radio M)<\/p>\n\n\n\n<p><a href=\"https:\/\/www.tsa-algerie.com\/entre-la-palestine-israel-et-le-sahara-occidental-le-maroc-ne-cache-plus-son-choix\/\">Entre la Palestine, Isra\u00ebl et le Sahara occidental, le Maroc ne cache plus son choix<\/a> (TSA)<\/p>\n\n\n\n<p><strong><a href=\"https:\/\/enass.ma\/2024\/03\/08\/agressions-et-diffamation-le-quotidien-des-militantes\/\" target=\"_blank\" rel=\"noreferrer noopener\">Agressions et diffamation : Le quotidien des militantes<\/a><\/strong>&nbsp;(Enass)<\/p>\n\n\n\n<p><a href=\"https:\/\/enass.ma\/2024\/03\/07\/cancer-dar-zhor-au-chevet-des-femmes\/\" target=\"_blank\" rel=\"noreferrer noopener\">Cancer : Dar Zhor au chevet des femmes&nbsp;<\/a> (Enass)<\/p>\n\n\n\n<p><a href=\"https:\/\/orientxxi.info\/magazine\/bensaid-ait-idder-homme-libre-et-resistant-marocain,7113\" target=\"_blank\" rel=\"noreferrer noopener\">Bensaid A\u00eft Idder, homme libre et r\u00e9sistant marocain<\/a>&nbsp;(Orient XXI)<\/p>\n\n\n\n<p><a href=\"https:\/\/orientxxi.info\/lu-vu-entendu\/maroc-la-mere-de-tous-les-mensonges-jeu-de-pistes-familial-sur-une-repression,7096\" target=\"_blank\" rel=\"noreferrer noopener\">\u00ab&nbsp;La m\u00e8re de tous les mensonges&nbsp;\u00bb, jeu de pistes familial sur une r\u00e9pression oubli\u00e9e<\/a> (Orient XXI)<\/p>\n\n\n\n<p><a href=\"https:\/\/enass.ma\/2024\/03\/02\/bai-xue-recit-dune-etudiante-chinoise-au-maroc\/\" target=\"_blank\" rel=\"noreferrer noopener\">Bai Xue, r\u00e9cit d\u2019une \u00e9tudiante chinoise au Maroc<\/a>&nbsp;(Enass)<\/p>\n\n\n\n<p><strong>Sahara occidental<\/strong><\/p>\n\n\n\n<p><strong><a href=\"https:\/\/lundi.am\/Sahara-occidental-perissent-nos-principes-plutot-que-la-derniere-colonie-d\" target=\"_blank\" rel=\"noreferrer noopener\">P\u00e9rissent nos principes plut\u00f4t que la derni\u00e8re colonie d\u2019Afrique&nbsp;?<\/a> <\/strong>(Lundimatin)<\/p>\n\n\n\n<p><strong>Tunisie<\/strong><\/p>\n\n\n\n<p><a href=\"https:\/\/radio-m.net\/tunisie-le-journaliste-khalifa-guesmi-libere\/\">Le journaliste Khalifa Guesmi lib\u00e9r\u00e9<\/a> (Radio M)<\/p>\n\n\n\n<p><a href=\"https:\/\/www.middleeasteye.net\/fr\/actu-et-enquetes\/tunisie-les-associations-nouveau-menacees-par-une-loi-visant-controler-leurs\">Les associations \u00e0 nouveau menac\u00e9es par une loi visant \u00e0 contr\u00f4ler leurs financements<\/a> (MEE)<\/p>\n\n\n\n<p><a href=\"https:\/\/radio-m.net\/tunisie-lisie-confirme-la-tenue-de-la-presidentielle-entre-septembre-et-octobre-2024\/\">L\u2019Isie confirme la tenue de la pr\u00e9sidentielle entre septembre et octobre 2024<\/a> (Radio M)<\/p>\n\n\n\n<figure class=\"wp-block-image size-full is-resized\"><img data-recalc-dims=\"1\" loading=\"lazy\" decoding=\"async\" width=\"700\" height=\"500\" src=\"https:\/\/i0.wp.com\/www.rdpemancipation.org\/wp-content\/uploads\/2024\/03\/image-6.png?resize=700%2C500&#038;ssl=1\" alt=\"\" class=\"wp-image-126531\" style=\"width:428px;height:auto\" srcset=\"https:\/\/i0.wp.com\/www.rdpemancipation.org\/wp-content\/uploads\/2024\/03\/image-6.png?w=700&amp;ssl=1 700w, https:\/\/i0.wp.com\/www.rdpemancipation.org\/wp-content\/uploads\/2024\/03\/image-6.png?resize=300%2C214&amp;ssl=1 300w\" sizes=\"auto, (max-width: 700px) 100vw, 700px\" \/><\/figure>\n\n\n\n<p><strong><mark style=\"background-color:rgba(0, 0, 0, 0);color:#ed1010\" class=\"has-inline-color\">1er mars<\/mark><\/strong><\/p>\n\n\n\n<p><strong><a href=\"https:\/\/www.mediapart.fr\/journal\/france\/290224\/travailleurs-saisonniers-du-maghreb-la-fnsea-lance-son-propre-business\" target=\"_blank\" rel=\"noreferrer noopener\">Travailleurs saisonniers du Maghreb : la FNSEA lance son propre business<\/a>&nbsp;<\/strong>(M\u00e9diapart)<\/p>\n\n\n\n<p><strong>Maroc<\/strong><\/p>\n\n\n\n<p><a href=\"https:\/\/lareleveetlapeste.fr\/au-maroc-des-villages-berberes-et-commerces-rases-pour-le-tourisme-de-luxe\/\" target=\"_blank\" rel=\"noreferrer noopener\">Au Maroc, des villages berb\u00e8res et commerces ras\u00e9s pour le tourisme de luxe<\/a>&nbsp;(La Rel\u00e8ve et La Peste)<\/p>\n\n\n\n<p><a href=\"https:\/\/enass.ma\/2024\/02\/29\/a-la-medina-casablanca-la-chasse-aux-pauvres-est-lancee\/\" target=\"_blank\" rel=\"noreferrer noopener\">A la M\u00e9dina Casablanca, la chasse aux pauvres est lanc\u00e9e&nbsp;<\/a> (Enass)<\/p>\n\n\n\n<p><a href=\"https:\/\/www.mediapart.fr\/journal\/international\/270224\/droit-l-avortement-les-marocaines-risquent-leur-vie-les-politiques-tergiversent\">Droit \u00e0 l\u2019avortement&nbsp;: les Marocaines risquent leur vie, les politiques tergiversent<\/a> (M\u00e9diapart)<\/p>\n\n\n\n<p><a href=\"https:\/\/enass.ma\/2024\/02\/26\/a-agadir-les-familles-de-migrants-exigent-la-verite\/\" target=\"_blank\" rel=\"noreferrer noopener\">\u00c0 Agadir les familles de migrants exigent la v\u00e9rit\u00e9<\/a>&nbsp;(Enass)<\/p>\n\n\n\n<p><a href=\"https:\/\/www.youtube.com\/watch?v=5gsTD2c0_2c\" target=\"_blank\" rel=\"noreferrer noopener\">Sahara marocain: L\u00b4Espagne r\u00e9it\u00e8re son soutien au plan d\u2019autonomie<\/a>&nbsp;&#8211; Medi TV Afrik<\/p>\n\n\n\n<p><a href=\"https:\/\/www.mediapart.fr\/journal\/international\/250224\/ravagee-par-un-seisme-il-y-20-ans-la-province-marocaine-d-al-hoceima-peine-toujours-decoller\" target=\"_blank\" rel=\"noreferrer noopener\">Ravag\u00e9e par un s\u00e9isme il y a 20 ans, la province marocaine d\u2019Al Hoce\u00efma peine toujours \u00e0 d\u00e9coller<\/a>&nbsp; (M\u00e9diapart)<\/p>\n\n\n\n<p><strong>Tunisie<\/strong><\/p>\n\n\n\n<p><a href=\"https:\/\/revueladeferlante.fr\/la-tunisie-pourrait-oublier-que-le-droit-a-lavortement-existe\/?utm_source=rss&amp;utm_medium=rss&amp;utm_campaign=la-tunisie-pourrait-oublier-que-le-droit-a-lavortement-existe\" target=\"_blank\" rel=\"noreferrer noopener\">La Tunisie pourrait oublier que le droit \u00e0 l\u2019avortement existe<\/a>&nbsp;(La D\u00e9ferlante)<\/p>\n\n\n\n<p><\/p>\n\n\n\n<p><\/p>\n","protected":false},"excerpt":{"rendered":"<p>23 mars La France se rapproche du Maroc tout en n\u00e9gociant avec Abdelmadjid Tebboune&nbsp; (Orient XXI) Alg\u00e9rie-Maroc : l\u2019apaisement passe-t-il par la voix des mouvements citoyens? (Radio M) Alg\u00e9rie La classe politique r\u00e9agit \u00e0 la pr\u00e9sidentielle anticip\u00e9e&nbsp;(RFI) D\u00e9cision prise jeudi par le pr\u00e9sident Tebboune : La pr\u00e9sidentielle avanc\u00e9e au 7 septembre (El Watan) \u00c9lections pr\u00e9sidentielles &#8230; <a title=\"Mars &#8211; Maghreb\" class=\"read-more\" href=\"https:\/\/www.rdpemancipation.org\/?p=126165\" aria-label=\"En savoir plus sur Mars &#8211; Maghreb\">Lire la suite<\/a><\/p>\n","protected":false},"author":1,"featured_media":0,"comment_status":"closed","ping_status":"closed","sticky":false,"template":"","format":"standard","meta":{"_lmt_disableupdate":"","_lmt_disable":"","_jetpack_memberships_contains_paid_content":false,"footnotes":""},"categories":[17],"tags":[],"class_list":["post-126165","post","type-post","status-publish","format-standard","hentry","category-maghreb"],"modified_by":"nch","jetpack_featured_media_url":"","jetpack_sharing_enabled":true,"_links":{"self":[{"href":"https:\/\/www.rdpemancipation.org\/index.php?rest_route=\/wp\/v2\/posts\/126165","targetHints":{"allow":["GET"]}}],"collection":[{"href":"https:\/\/www.rdpemancipation.org\/index.php?rest_route=\/wp\/v2\/posts"}],"about":[{"href":"https:\/\/www.rdpemancipation.org\/index.php?rest_route=\/wp\/v2\/types\/post"}],"author":[{"embeddable":true,"href":"https:\/\/www.rdpemancipation.org\/index.php?rest_route=\/wp\/v2\/users\/1"}],"replies":[{"embeddable":true,"href":"https:\/\/www.rdpemancipation.org\/index.php?rest_route=%2Fwp%2Fv2%2Fcomments&post=126165"}],"version-history":[{"count":6,"href":"https:\/\/www.rdpemancipation.org\/index.php?rest_route=\/wp\/v2\/posts\/126165\/revisions"}],"predecessor-version":[{"id":127042,"href":"https:\/\/www.rdpemancipation.org\/index.php?rest_route=\/wp\/v2\/posts\/126165\/revisions\/127042"}],"wp:attachment":[{"href":"https:\/\/www.rdpemancipation.org\/index.php?rest_route=%2Fwp%2Fv2%2Fmedia&parent=126165"}],"wp:term":[{"taxonomy":"category","embeddable":true,"href":"https:\/\/www.rdpemancipation.org\/index.php?rest_route=%2Fwp%2Fv2%2Fcategories&post=126165"},{"taxonomy":"post_tag","embeddable":true,"href":"https:\/\/www.rdpemancipation.org\/index.php?rest_route=%2Fwp%2Fv2%2Ftags&post=126165"}],"curies":[{"name":"wp","href":"https:\/\/api.w.org\/{rel}","templated":true}]}}