{"id":126163,"date":"2024-03-01T00:25:00","date_gmt":"2024-02-29T23:25:00","guid":{"rendered":"https:\/\/www.rdpemancipation.org\/?p=126163"},"modified":"2024-03-23T16:17:10","modified_gmt":"2024-03-23T15:17:10","slug":"mars-afrique-subsaharienne-4","status":"publish","type":"post","link":"https:\/\/www.rdpemancipation.org\/?p=126163","title":{"rendered":"Mars &#8211; Afrique subsaharienne"},"content":{"rendered":"\n<p><strong><mark style=\"background-color:rgba(0, 0, 0, 0);color:#ed1010\" class=\"has-inline-color\">23 mars<\/mark><\/strong><\/p>\n\n\n\n<p><strong>A la UNE<\/strong><\/p>\n\n\n\n<p><a href=\"https:\/\/mondafrique.com\/video\/elections-presidentielles-au-senegal-les-senegalais-aux-urnes-ce-24-mars-2024\/\"><strong>Elections pr\u00e9sidentielles\u00a0: les S\u00e9n\u00e9galais aux urnes ce 24 mars<\/strong><\/a> (Mondafrique)<\/p>\n\n\n\n<p><a><\/a><a href=\"https:\/\/afriquexxi.us20.list-manage.com\/track\/click?u=f9f8627cbcbbdcb07c28f3cdf&amp;id=ba7d4790a8&amp;e=58ff83d693\" target=\"_blank\" rel=\"noreferrer noopener\">En Calabre, les poings li\u00e9s mais la t\u00eate haute des travailleurs africains<\/a> (Afrique XXI)<\/p>\n\n\n\n<p><a href=\"https:\/\/afriquexxi.us20.list-manage.com\/track\/click?u=f9f8627cbcbbdcb07c28f3cdf&amp;id=d3dacc0681&amp;e=58ff83d693\" target=\"_blank\" rel=\"noreferrer noopener\">Les talk-show, l\u2019Afrique et l\u2019influence de la France<\/a><a> <\/a>(Afrique XXI)<\/p>\n\n\n\n<p><a href=\"https:\/\/afriquexxi.us20.list-manage.com\/track\/click?u=f9f8627cbcbbdcb07c28f3cdf&amp;id=18e07ce269&amp;e=58ff83d693\" target=\"_blank\" rel=\"noreferrer noopener\">Statues coloniales en Afrique. Les empires contre-attaquent<\/a> (Afrique XXI)<\/p>\n\n\n\n<p><a href=\"https:\/\/www.lemonde.fr\/afrique\/article\/2024\/03\/07\/african-initiative-la-nouvelle-tete-de-pont-de-la-propagande-russe-en-afrique_6220609_3212.html\">African Initiative, le nouveau r\u00e9seau de propagande russe en Afrique apr\u00e8s le d\u00e9mant\u00e8lement de Wagner<\/a> (Le Monde)<\/p>\n\n\n\n<p><strong>Pays<\/strong><\/p>\n\n\n\n<p><strong><a href=\"https:\/\/www.hrw.org\/fr\/news\/2024\/03\/21\/cameroun-le-gouvernement-interdit-des-coalitions-de-lopposition\">Cameroun : Le gouvernement interdit des coalitions de l\u2019opposition<\/a><\/strong> (Human Rights Watch)<\/p>\n\n\n\n<p><a href=\"https:\/\/afriquexxi.us20.list-manage.com\/track\/click?u=f9f8627cbcbbdcb07c28f3cdf&amp;id=61be8adaaf&amp;e=58ff83d693\" target=\"_blank\" rel=\"noreferrer noopener\">Cameroun&nbsp;: l\u2019am\u00e9nagement forestier, un fiasco franco-camerounais<\/a> (Afrique XXI)<\/p>\n\n\n\n<p><a href=\"https:\/\/www.hrw.org\/fr\/news\/2024\/03\/18\/un-chef-de-lopposition-face-au-tribunal-en-republique-centrafricaine\" target=\"_blank\" rel=\"noreferrer noopener\"><strong>Centrafrique<\/strong>&nbsp;: un chef de l\u2019opposition face au tribunal <\/a>&nbsp;(Human Rights Watch)<\/p>\n\n\n\n<p><a href=\"https:\/\/mondafrique.com\/a-la-une\/cote-divoire-gbagbo-pourra-t-il-avoir-sa-revanche-face-a-ouattara\/\"><strong>C\u00f4te d\u2019Ivoire<\/strong>&nbsp;: Gbagbo pourra-t-il avoir sa revanche face \u00e0 Ouattara ?<\/a> (Mondafrique)<\/p>\n\n\n\n<p><a href=\"https:\/\/www.aip.ci\/42497\/cote-divoire-aip-les-agents-municipaux-de-sikensi-reprennent-le-service-apres-trois-de-greve\/\">C\u00f4te d\u2019Ivoire : Les agents municipaux de Sikensi reprennent le service apr\u00e8s trois de gr\u00e8ve<\/a> (AIP)<\/p>\n\n\n\n<p><a href=\"https:\/\/www.boursorama.com\/videos\/actualites\/cote-d-ivoire-laurent-gbagbo-investi-par-le-ppa-ci-affaaddb82c449cbc699585363879ec4\">C\u00f4te d&rsquo;Ivoire : Laurent Gbagbo investi par le PPA-CI<\/a> (France 24)<\/p>\n\n\n\n<p><a href=\"https:\/\/www.rfi.fr\/fr\/afrique\/20240314-guin%C3%A9e-un-nouveau-gouvernement-avec-de-nombreux-ministres-venant-de-l-administration?_ope=eyJndWlkIjoiYjFmOWRmZWI3ZTllZGE1NTM1NTJmMGIzNWYwZGIyYjcifQ%3D%3D\"><strong>Guin\u00e9e<\/strong> : un nouveau gouvernement avec de nombreux ministres venant de l&rsquo;administration<\/a>&nbsp;(RFI<\/p>\n\n\n\n<p><a href=\"https:\/\/www.hrw.org\/fr\/news\/2024\/03\/15\/en-guinee-le-parquet-demande-la-requalification-des-faits-du-massacre-du-stade-en\">En Guin\u00e9e, le parquet demande la requalification des faits du massacre du stade en crimes contre l\u2019humanit\u00e9<\/a> (HRW)<\/p>\n\n\n\n<p><a href=\"https:\/\/www.msn.com\/fr-xl\/sante\/other\/kenya-les-m%C3%A9decins-d-h%C3%B4pitaux-publics-en-gr%C3%A8ve\/ar-BB1jWJRk\"><strong>Kenya<\/strong> : les m\u00e9decins d\u2019h\u00f4pitaux publics en gr\u00e8ve<\/a> (Euronews)<\/p>\n\n\n\n<p><a href=\"https:\/\/www.hrw.org\/fr\/news\/2024\/03\/15\/le-mali-durcit-sa-repression-contre-la-societe-civile\">Le <strong>Mali <\/strong>durcit sa r\u00e9pression contre la soci\u00e9t\u00e9 civile<\/a> (HRW)<\/p>\n\n\n\n<p><a href=\"https:\/\/www.lequotidien-oran.com\/index.php?news=5328460\">Le <strong>Niger<\/strong> rompt sa coop\u00e9ration militaire avec les <strong>Etats-Unis<\/strong><\/a> (Le Quotidien d\u2019Oran)<\/p>\n\n\n\n<p><a href=\"https:\/\/www.rfi.fr\/fr\/afrique\/20240313-le-nigeria-annonce-la-r%C3%A9ouverture-de-ses-fronti%C3%A8res-et-la-fin-des-sanctions-contre-le-niger?_ope=eyJndWlkIjoiYjFmOWRmZWI3ZTllZGE1NTM1NTJmMGIzNWYwZGIyYjcifQ%3D%3D\">Le <strong>Nigeria <\/strong>annonce la r\u00e9ouverture de ses fronti\u00e8res et la fin des sanctions contre le Niger<\/a>&nbsp;(RFI)<\/p>\n\n\n\n<p><a href=\"https:\/\/www.hrw.org\/fr\/news\/2024\/03\/19\/enlevements-de-masse-au-nigeria\">Enl\u00e8vements de masse au Nigeria<\/a> (HRW)<\/p>\n\n\n\n<p><a href=\"https:\/\/afriquexxi.info\/Dans-l-est-du-Congo-la-guerre-regionale-est-deja-la\" target=\"_blank\" rel=\"noreferrer noopener\"><strong>RDC<\/strong>\u00a0: dans l&rsquo;est du Congo, \u00ab la guerre r\u00e9gionale est d\u00e9j\u00e0 l\u00e0 \u00bb<\/a>\u00a0(Afrique XXI)<\/p>\n\n\n\n<p><a href=\"https:\/\/fr.africanews.com\/2024\/03\/23\/presidentielle-au-senegal-derniere-ligne-droite-avant-le-scrutin-decisif\/\"><strong>S\u00e9n\u00e9gal <\/strong>: derni\u00e8re ligne droite avant le scrutin d\u00e9cisif<\/a> (Africanews)<\/p>\n\n\n\n<p><a href=\"https:\/\/mondafrique.com\/limage-du-jour\/senegal-le-nouveau-front-de-macron\/\">S\u00e9n\u00e9gal, le nouveau front de Macron<\/a> (Mondafrique)\u00a0 <\/p>\n\n\n\n<figure class=\"wp-block-image size-full is-resized\"><img data-recalc-dims=\"1\" loading=\"lazy\" decoding=\"async\" width=\"696\" height=\"492\" src=\"https:\/\/i0.wp.com\/www.rdpemancipation.org\/wp-content\/uploads\/2024\/03\/image-26.png?resize=696%2C492&#038;ssl=1\" alt=\"\" class=\"wp-image-126991\" style=\"width:379px;height:auto\" srcset=\"https:\/\/i0.wp.com\/www.rdpemancipation.org\/wp-content\/uploads\/2024\/03\/image-26.png?w=696&amp;ssl=1 696w, https:\/\/i0.wp.com\/www.rdpemancipation.org\/wp-content\/uploads\/2024\/03\/image-26.png?resize=300%2C212&amp;ssl=1 300w\" sizes=\"auto, (max-width: 696px) 100vw, 696px\" \/><\/figure>\n\n\n\n<p><a href=\"https:\/\/afriquexxi.info\/Senegal-L-interminable-hyperpresidentalisme-senghorien\" target=\"_blank\" rel=\"noreferrer noopener\">S\u00e9n\u00e9gal. L&rsquo;interminable hyperpr\u00e9sidentalisme senghorien<\/a>&nbsp;(Afrique XXI)<\/p>\n\n\n\n<p><a href=\"https:\/\/api.indigo-net.com\/email\/RedirectionEmailing?mail=n.chevillard@noos.fr&amp;ID=597410&amp;DOCIID=109703480&amp;ENAIID=871365&amp;RETOUR=SIMPLE&amp;link=https:\/\/www.africaintelligence.fr\/afrique-ouest\/2024\/03\/22\/presidentielle--l-intrigant-commando-derriere-un-clip-de-campagne-d-amadou-ba,110195364-art?utm_source=AIF&amp;utm_medium=email&amp;utm_campaign=PROS_EDIT_ALE\" target=\"_blank\" rel=\"noreferrer noopener\">Pr\u00e9sidentielle : l&rsquo;intrigant commando derri\u00e8re un clip de campagne d&rsquo;Amadou Ba<\/a> (Africa Intelligence)<\/p>\n\n\n\n<p><a href=\"https:\/\/api.indigo-net.com\/email\/RedirectionEmailing?mail=n.chevillard@noos.fr&amp;ID=597058&amp;DOCIID=109703480&amp;ENAIID=871012&amp;RETOUR=SIMPLE&amp;link=https:\/\/www.africaintelligence.fr\/afrique-ouest\/2024\/03\/20\/presidentielle--karim-wade-sur-le-point-de-rallier-amadou-ba,110194525-art?cxt=PUB&amp;utm_source=AIF&amp;utm_medium=email&amp;utm_campaign=AUTO_EDIT_SOM_PROS\" target=\"_blank\" rel=\"noreferrer noopener\">Pr\u00e9sidentielle : Karim Wade sur le point de rallier Amadou Ba ?<\/a> (Africa Intelligence)<\/p>\n\n\n\n<p><a href=\"https:\/\/www.mediapart.fr\/journal\/fil-dactualites\/150324\/senegal-les-opposants-sonko-et-faye-sont-sortis-de-prison-scenes-de-liesse-dakar\">S\u00e9n\u00e9gal&nbsp;: les opposants Sonko et Faye sont sortis de prison, sc\u00e8nes de liesse \u00e0 Dakar<\/a> (AFP)<\/p>\n\n\n\n<p><a href=\"https:\/\/teranganews.sn\/2024\/03\/ziguinchor-les-etudiants-de-leno-en-greve-de-48h-pour-reclamer-5-mois-darrieres-de-bourses\/\">S\u00e9n\u00e9gal : Ziguinchor : Les \u00e9tudiants de l\u2019ENO en gr\u00e8ve pour r\u00e9clamer des arri\u00e9r\u00e9s de bourses <\/a>(Teranga News)<\/p>\n\n\n\n<p><a href=\"https:\/\/www.revue-ballast.fr\/soudan-de-la-revolution-a-la-guerre\/\" target=\"_blank\" rel=\"noreferrer noopener\"><strong>Soudan<\/strong> : de la r\u00e9volution \u00e0 la guerre<\/a>&nbsp;(Ballast)<\/p>\n\n\n\n<p><a href=\"https:\/\/www.lemonde.fr\/afrique\/article\/2024\/03\/07\/l-armee-francaise-restera-au-tchad-affirme-jean-marie-bockel-envoye-special-d-emmanuel-macron-en-afrique_6220751_3212.html\"><strong>Tchad&nbsp;<\/strong>: l\u2019arm\u00e9e fran\u00e7aise restera, affirme Jean-Marie Bockel, envoy\u00e9 sp\u00e9cial de Macron en Afrique<\/a> (Le Monde)<\/p>\n\n\n\n<p><strong><mark style=\"background-color:rgba(0, 0, 0, 0);color:#ed1010\" class=\"has-inline-color\">10 mars<\/mark><\/strong><\/p>\n\n\n\n<p><a href=\"https:\/\/www.fidh.org\/fr\/plaidoyer-international\/union-europeenne\/l-union-europeenne-doit-revoir-sa-politique-exterieure-dans-la-region\" target=\"_blank\" rel=\"noreferrer noopener\">L&rsquo;UE doit revoir sa politique ext\u00e9rieure dans la r\u00e9gion des Grands lacs<\/a>&nbsp;(FIDH)<\/p>\n\n\n\n<p><a href=\"https:\/\/afriquexxi.us20.list-manage.com\/track\/click?u=f9f8627cbcbbdcb07c28f3cdf&amp;id=63e13b92bc&amp;e=58ff83d693\" target=\"_blank\" rel=\"noreferrer noopener\">Tr\u00e9sor Nzila Kendet. \u00ab&nbsp;Les dirigeants ont fabriqu\u00e9 des peurs collectives&nbsp;\u00bb<\/a> (Afrique XXI)<\/p>\n\n\n\n<p><a><\/a><a href=\"https:\/\/www.rfi.fr\/fr\/afrique\/20240303-une-guerre-juridique-homophobe-en-afrique-de-nombreux-pays-durcissent-encore-leur-l%C3%A9gislation-anti-lgbt\">\u00abUne guerre juridique homophobe\u00bb: en Afrique, de nombreux pays durcissent encore leur l\u00e9gislation anti-LGBT+<\/a> (RFI)<\/p>\n\n\n\n<p><a href=\"https:\/\/histoirecoloniale.net\/eux-aussi-et-nos-freres-pourtant-les-originaires-des-colonies-dans-la-resistance-par-alain-ruscio\/\" target=\"_blank\" rel=\"noreferrer noopener\">Alain Ruscio : \u00ab \u2026et nos fr\u00e8res pourtant \u00bb, les originaires des colonies dans la R\u00e9sistance<\/a> (Histoire coloniale)<\/p>\n\n\n\n<p><strong>Pays<\/strong><\/p>\n\n\n\n<p><a href=\"https:\/\/www.fidh.org\/fr\/regions\/afrique\/burkina-faso\/spirale-de-violence-au-burkina-faso-la-fidh-demande-la-fin-de-l\" target=\"_blank\" rel=\"noreferrer noopener\"><strong>Burkina<\/strong>&nbsp;: spirale de violence : la FIDH demande la fin de l&rsquo;impunit\u00e9<\/a>&nbsp;(FIDH)<\/p>\n\n\n\n<p><a href=\"https:\/\/www.hrw.org\/fr\/news\/2024\/02\/27\/burkina-faso-les-autorites-ont-recours-des-enlevements-pour-reprimer-la-dissidence\">Burkina : Les autorit\u00e9s ont recours \u00e0 des enl\u00e8vements pour r\u00e9primer la dissidence<\/a> (HRW)<\/p>\n\n\n\n<p><a href=\"https:\/\/mondafrique.com\/politique\/cote-divoire-lascension-irresistible-de-tidjane-thiam\/\"><strong>C\u00f4te d\u2019Ivoire<\/strong>, l\u2019ascension (ir)r\u00e9sistible de Tidjane Thiam<\/a> (Mondafrique)<\/p>\n\n\n\n<p><a href=\"https:\/\/www.afriquesenlutte.org\/afrique-de-l-est\/ethiopie\/article\/ethiopie-revelations-sur-un-comite-secret-charge-d-organiser-la-repression-en\"><strong>\u00c9thiopie<\/strong>&nbsp;: r\u00e9v\u00e9lations sur un comit\u00e9 secret charg\u00e9 d\u2019organiser la r\u00e9pression en Oromia<\/a> (Afriques en lutte)<\/p>\n\n\n\n<p><a href=\"https:\/\/mondafrique.com\/a-la-une\/larrestation-dun-colonel-malien-lanceur-dalerte\/\"><strong>Mali&nbsp;<\/strong>: l\u2019arrestation d\u2019un colonel malien lanceur d\u2019alerte<\/a> (Mondafrique)<\/p>\n\n\n\n<p><a href=\"https:\/\/mondafrique.com\/a-la-une\/niger-la-junte-militaire-au-pouvoir-en-panne\/\"><strong>Niger,<\/strong> la junte militaire au pouvoir en panne de projet<\/a> (Mondafrique)<\/p>\n\n\n\n<p><a href=\"https:\/\/www.mediapart.fr\/journal\/economie-et-social\/020324\/au-nigeria-la-strategie-neoliberale-aggrave-la-crise-economique\">Au <strong>Nig\u00e9ria<\/strong>, la strat\u00e9gie n\u00e9olib\u00e9rale aggrave la crise \u00e9conomique<\/a> (M\u00e9diapart)<\/p>\n\n\n\n<p><a href=\"https:\/\/www.afriquesenlutte.org\/afrique-centrale\/congo-kinshasa\/article\/en-republique-democratique-du-congo-guerre-et-pillage\">En <strong>RDC<\/strong>, guerre et pillage<\/a> (Afriques en lutte)<\/p>\n\n\n\n<p><a href=\"https:\/\/www.liberation.fr\/international\/afrique\/rdc-a-goma-encerclee-par-les-rebelles-les-enfants-vivent-entoures-de-violence-20240309_IQXCIOZ7ANF73DJ3O2QN4YYLUU\/\">RDC&nbsp;: \u00e0 Goma encercl\u00e9e par les rebelles, \u00ables enfants vivent entour\u00e9s de violence\u00bb<\/a> (Lib\u00e9ration)<\/p>\n\n\n\n<p><a href=\"https:\/\/cqfd-journal.org\/Au-Senegal-on-va-continuer-a\" target=\"_blank\" rel=\"noreferrer noopener\">Au <strong>S\u00e9n\u00e9gal<\/strong>, \u00ab&nbsp;on va continuer \u00e0&nbsp;lutter&nbsp;\u00bb<\/a>&nbsp;(CQFD)<\/p>\n\n\n\n<p><a href=\"https:\/\/mondafrique.com\/a-la-une\/senegal-le-president-macky-sall-voudrait-blanchir-les-violences-policieres\/\">Le pr\u00e9sident Macky Sall voudrait blanchir les violences polici\u00e8res<\/a> (Mondafrique)<\/p>\n\n\n\n<p><a href=\"https:\/\/www.rfi.fr\/fr\/podcasts\/revue-de-presse-afrique\/20240306-%C3%A0-la-une-vers-l-adoption-de-la-loi-d-amnistie-au-s%C3%A9n%C3%A9gal?_ope=eyJndWlkIjoiYjFmOWRmZWI3ZTllZGE1NTM1NTJmMGIzNWYwZGIyYjcifQ%3D%3D\">Vers l\u2019adoption de la loi d\u2019amnistie au S\u00e9n\u00e9gal<\/a>&nbsp;(RFI)<\/p>\n\n\n\n<p><a href=\"https:\/\/mondafrique.com\/limage-du-jour\/senegal-macky-sall-quitte-le-pouvoir-le-2-avril\/\">S\u00e9n\u00e9gal, Macky Sall quitte le pouvoir le 2 avril<\/a> (Mondafrique)<\/p>\n\n\n\n<p><a href=\"https:\/\/www.sudquotidien.sn\/collectivites-territoriales-lintersyndicale-annonce-96-heures-de-greve-a-compter-de-ce-mardi\/\">Collectivit\u00e9s territoriales : l\u2019intersyndicale annonce 96 heures de gr\u00e8ve&nbsp;<\/a>(Sud Quotidien)<\/p>\n\n\n\n<p><a href=\"https:\/\/basta.media\/comment-maraichage-bio-et-energie-solaire-permettent-autonomie-alimentaire-femmes-Senegal\" target=\"_blank\" rel=\"noreferrer noopener\">Comment mara\u00eechage bio et \u00e9nergie solaire permettent l\u2019autonomie de villageoises au S\u00e9n\u00e9gal&nbsp;<\/a> (Basta!)<\/p>\n\n\n\n<p><a href=\"https:\/\/www.monde-diplomatique.fr\/2024\/03\/PRUNIER\/66645\" target=\"_blank\" rel=\"noreferrer noopener\"><strong>Soudan, de la transition \u00e0 la dislocation<\/strong><\/a>&nbsp; -G\u00e9rard Prunier (Le Monde diplomatique)&nbsp;&nbsp;&nbsp;&nbsp;&nbsp;&nbsp;&nbsp;&nbsp;&nbsp;&nbsp;&nbsp;&nbsp;&nbsp;<\/p>\n\n\n\n<p><a href=\"https:\/\/www.fidh.org\/fr\/regions\/afrique\/tchad\/tchad-une-enquete-independante-sur-les-violences-et-la-mort-de-l\" target=\"_blank\" rel=\"noreferrer noopener\"><strong>Tchad<\/strong> : la FIDH r\u00e9clame une enqu\u00eate ind\u00e9pendante sur la mort de l&rsquo;opposant Yaya Dillo<\/a>&nbsp;(FIDH)<\/p>\n\n\n\n<p><a href=\"https:\/\/www.hrw.org\/fr\/news\/2024\/03\/01\/tchad-un-eminent-dirigeant-de-lopposition-tue\">Tchad : Un \u00e9minent dirigeant de l\u2019opposition tu\u00e9<\/a> (HRW)<\/p>\n\n\n\n<p><a href=\"https:\/\/afriquexxi.us20.list-manage.com\/track\/click?u=f9f8627cbcbbdcb07c28f3cdf&amp;id=0f31a5f655&amp;e=58ff83d693\" target=\"_blank\" rel=\"noreferrer noopener\">Comment le Tchad fait pression sur un journaliste fran\u00e7ais<\/a> (Afrique XXI)<\/p>\n\n\n\n<figure class=\"wp-block-image size-full is-resized\"><img data-recalc-dims=\"1\" loading=\"lazy\" decoding=\"async\" width=\"592\" height=\"333\" src=\"https:\/\/i0.wp.com\/www.rdpemancipation.org\/wp-content\/uploads\/2024\/03\/image-7.png?resize=592%2C333&#038;ssl=1\" alt=\"\" class=\"wp-image-126535\" style=\"width:418px;height:auto\" srcset=\"https:\/\/i0.wp.com\/www.rdpemancipation.org\/wp-content\/uploads\/2024\/03\/image-7.png?w=592&amp;ssl=1 592w, https:\/\/i0.wp.com\/www.rdpemancipation.org\/wp-content\/uploads\/2024\/03\/image-7.png?resize=300%2C169&amp;ssl=1 300w\" sizes=\"auto, (max-width: 592px) 100vw, 592px\" \/><\/figure>\n\n\n\n<p><strong><mark style=\"background-color:rgba(0, 0, 0, 0);color:#ed1010\" class=\"has-inline-color\">1er mars<\/mark><\/strong><\/p>\n\n\n\n<p><a href=\"https:\/\/www.france24.com\/fr\/info-en-continu\/20240224-%F0%9F%94%B4-la-c%C3%A9d%C3%A9ao-annonce-la-lev%C3%A9e-avec-effet-imm%C3%A9diat-des-sanctions-contre-le-niger\">La C\u00e9d\u00e9ao annonce la lev\u00e9e \u00ab\u00a0avec effet imm\u00e9diat\u00a0\u00bb d&rsquo;une partie des sanctions contre&nbsp;<\/a><a href=\"https:\/\/www.france24.com\/fr\/info-en-continu\/20240224-%F0%9F%94%B4-la-c%C3%A9d%C3%A9ao-annonce-la-lev%C3%A9e-avec-effet-imm%C3%A9diat-des-sanctions-contre-le-niger\">le Niger<\/a>&nbsp;(France24)<\/p>\n\n\n\n<p><a href=\"https:\/\/www.alternatives-economiques.fr\/etats-dafrique-veulent-une-plus-grande-part-de-rente-miniere\/00109614\" target=\"_blank\" rel=\"noreferrer noopener\">Les Etats d\u2019Afrique veulent une plus grande part de la rente mini\u00e8re<\/a>&nbsp;(Alter \u00e9co)<\/p>\n\n\n\n<p><a href=\"https:\/\/www.alternatives-economiques.fr\/stephane-madaule\/politique-demmanuel-macron-afrique-un-bilan-loin-objectifs\/00109694\" target=\"_blank\" rel=\"noreferrer noopener\">Politique d\u2019Emmanuel Macron en Afrique : un bilan loin des objectifs<\/a>&nbsp;(Alter \u00e9co)<\/p>\n\n\n\n<p><a href=\"https:\/\/afriquexxi.us20.list-manage.com\/track\/click?u=f9f8627cbcbbdcb07c28f3cdf&amp;id=44d2b8ab30&amp;e=58ff83d693\" target=\"_blank\" rel=\"noreferrer noopener\">\u00c9mile Parfait Simb, de la cryptomonnaie \u00e0 la propagande russe<\/a> (Afrique XXI)<\/p>\n\n\n\n<p><a href=\"https:\/\/afriquexxi.us20.list-manage.com\/track\/click?u=f9f8627cbcbbdcb07c28f3cdf&amp;id=b4565fb08f&amp;e=58ff83d693\" target=\"_blank\" rel=\"noreferrer noopener\">Le journaliste, Lumumba et la fillette abandonn\u00e9e<\/a> (Afrique XXI)<\/p>\n\n\n\n<p><a href=\"https:\/\/afriquexxi.info\/Ghana-Centrafrique-Russie-Anatomie-d-une-fuite\" target=\"_blank\" rel=\"noreferrer noopener\">Ghana, Centrafrique, Russie&#8230; Anatomie d&rsquo;une fuite<\/a>&nbsp;(Afrique XXI)<\/p>\n\n\n\n<p><a href=\"https:\/\/survie.org\/l-association\/mob\/article\/pour-un-retrait-rapide-de-l-armee-francaise-d-afrique\"><strong>Meeting unitaire&nbsp;: Pour un retrait rapide de l\u2019arm\u00e9e fran\u00e7aise d\u2019Afrique<\/strong><\/a> (Survie)<\/p>\n\n\n\n<p><a href=\"https:\/\/survie.org\/pays\/comores\/article\/droit-du-sol-a-mayotte-les-comoriens-ne-sont-pas-des-etrangers\">Droit du sol, \u00ab&nbsp;A Mayotte, les Comoriens ne sont pas des \u00e9trangers&nbsp;\u00bb&nbsp;!<\/a> (Survie)<\/p>\n\n\n\n<p><a href=\"https:\/\/www.youtube.com\/watch?v=D_M0e-GPJBQ\" target=\"_blank\" rel=\"noreferrer noopener\">Abderrahmane Sissako : \u00ab L&rsquo;occident ne se voit pas dispara\u00eetre \u00bb. Interview par Edwy Plenel.<\/a>&nbsp;(M\u00e9diapart)<\/p>\n\n\n\n<p><a href=\"https:\/\/www.rfi.fr\/fr\/afrique\/20240215-burkina-mali-niger-les-ministres-en-l-aes-r%C3%A9unis-%C3%A0-ouagadougou-en-vue-de-cr%C3%A9er-une-conf%C3%A9d%C3%A9ration?_ope=eyJndWlkIjoiYjFmOWRmZWI3ZTllZGE1NTM1NTJmMGIzNWYwZGIyYjcifQ%3D%3D\">Burkina, Mali, Niger: les ministres de l&rsquo;AES r\u00e9unis \u00e0 Ouagadougou en vue de cr\u00e9er&nbsp;<\/a><a href=\"https:\/\/www.rfi.fr\/fr\/afrique\/20240215-burkina-mali-niger-les-ministres-en-l-aes-r%C3%A9unis-%C3%A0-ouagadougou-en-vue-de-cr%C3%A9er-une-conf%C3%A9d%C3%A9ration?_ope=eyJndWlkIjoiYjFmOWRmZWI3ZTllZGE1NTM1NTJmMGIzNWYwZGIyYjcifQ%3D%3D\">une conf\u00e9d\u00e9ration<\/a>&nbsp;(RFI)<\/p>\n\n\n\n<p><strong>Pays<\/strong><\/p>\n\n\n\n<p><a href=\"https:\/\/www.lemonde.fr\/afrique\/article\/2024\/02\/23\/gabon-la-famille-bongo-une-epine-dans-le-pied-de-brice-oligui-nguema_6218217_3212.html\" target=\"_blank\" rel=\"noreferrer noopener\"><strong>Gabon<\/strong> : la famille Bongo, une \u00e9pine dans le pied de Brice Oligui Nguema<\/a>&nbsp;(Le Monde)<\/p>\n\n\n\n<p><a href=\"https:\/\/mosaiqueguinee.com\/greve-generale-la-tentative-de-recuperation-se-transforme-en-echec-la-population-a-tout-compris-par-mandian-sidibe\/\"><strong>Guin\u00e9e&nbsp;<\/strong>: Gr\u00e8ve g\u00e9n\u00e9rale : la tentative de r\u00e9cup\u00e9ration se transforme en \u00e9chec : la population a tout compris !<\/a>&nbsp; (Mosa\u00efque Guin\u00e9e)<\/p>\n\n\n\n<p><a href=\"https:\/\/information.tv5monde.com\/afrique\/guinee-conakry-larret-pour-le-debut-dune-greve-generale-illimitee-contre-les-militaires\">Guin\u00e9e : Conakry \u00e0 l&rsquo;arr\u00eat pour le d\u00e9but d&rsquo;une gr\u00e8ve g\u00e9n\u00e9rale illimit\u00e9e contre les militaires<\/a>(TV5 Monde)<\/p>\n\n\n\n<p><a href=\"https:\/\/www.boursorama.com\/videos\/actualites\/guinee-on-a-un-president-qui-parle-de-moins-en-moins-de-transition-a1a8d10f6ef0d0d1461ce325955b2654\">Guin\u00e9e : \u00ab\u00a0On a un pr\u00e9sident qui parle de moins en moins de transition\u00a0\u00bb<\/a> (France 24)<\/p>\n\n\n\n<p><a href=\"https:\/\/www.boursorama.com\/videos\/actualites\/crise-politico-sociale-en-guinee-un-gouvernement-d-union-nationale-reclame-d0c3121f4415898f4a7815b733fa4acd\">Guin\u00e9e : un gouvernement d&rsquo;union nationale r\u00e9clam\u00e9<\/a> (France 24)<\/p>\n\n\n\n<p><a href=\"https:\/\/www.agenceecofin.com\/actualites\/1202-116106-moody-s-abaisse-la-note-du-niger-a-caa3-suite-a-l-accumulation-de-dettes-impayees\"><strong>Niger&nbsp;<\/strong>: Moody\u2019s baisse la note \u00e0 \u00abCaa3\u00bb suite \u00e0 l\u2019accumulation de dettes impay\u00e9es<\/a>&nbsp;(Ecofin)<\/p>\n\n\n\n<p><a href=\"https:\/\/fr.africanews.com\/2024\/02\/28\/nigeria-manifestations-et-2-jours-de-greve-contre-la-cherte-de-la-vie\/\"><strong>Nig\u00e9ria<\/strong>&nbsp;: manifestations et 2 jours de gr\u00e8ve contre la chert\u00e9 de la vie<\/a>&nbsp;(Africa News)<\/p>\n\n\n\n<p><a href=\"https:\/\/afriquexxi.info\/La-traite-des-femmes-nigerianes-en-Europe-un-business-complexe\" target=\"_blank\" rel=\"noreferrer noopener\">La traite des femmes nig\u00e9rianes en Europe, un \u00ab business \u00bb complexe<\/a>&nbsp;(Afrique XXI)<\/p>\n\n\n\n<p><strong><a href=\"https:\/\/afriquexxi.info\/Au-Senegal-le-regne-des-absents\" target=\"_blank\" rel=\"noreferrer noopener\">Au S\u00e9n\u00e9gal, le r\u00e8gne des absents<\/a>&nbsp;<\/strong>(Afrique XXI)<\/p>\n\n\n\n<p><a href=\"https:\/\/basta.media\/Senegal-Macky-Sall-meme-quand-vous-avez-alternance-programme-est-defini-avec-FMI\" target=\"_blank\" rel=\"noreferrer noopener\">\u00ab M\u00eame quand vous avez une alternance au S\u00e9n\u00e9gal, le programme est d\u00e9fini avec le FMI \u00bb<\/a> (Basta!)<\/p>\n\n\n\n<p><a href=\"https:\/\/www.seneplus.com\/opinions\/de-quel-dialogue-parle-t\">S\u00e9n\u00e9gal. De quel dialogue parlons-nous&nbsp;?<\/a>&nbsp;(S\u00e9n\u00e9plus)<\/p>\n\n\n\n<p><a href=\"https:\/\/www.rfi.fr\/fr\/afrique\/20240215-s%C3%A9n%C3%A9gal-le-conseil-constitutionnel-annule-le-report-de-la-pr%C3%A9sidentielle?_ope=eyJndWlkIjoiYjFmOWRmZWI3ZTllZGE1NTM1NTJmMGIzNWYwZGIyYjcifQ%3D%3D\">Le Conseil constitutionnel annule le report de la pr\u00e9sidentielle<\/a>&nbsp;(RFI)<\/p>\n\n\n\n<p><a href=\"https:\/\/afriquexxi.us20.list-manage.com\/track\/click?u=f9f8627cbcbbdcb07c28f3cdf&amp;id=c491b3c044&amp;e=58ff83d693\" target=\"_blank\" rel=\"noreferrer noopener\">Au S\u00e9n\u00e9gal, choisir qui peut se pr\u00e9senter&#8230; et qui peut voter<\/a> (Afrique XXI)<\/p>\n\n\n\n<p><strong><a href=\"https:\/\/eurasiabusinessnews.com\/2024\/02\/22\/la-marine-turque-protegera-les-eaux-territoriales-de-la-somalie-durant-10-ans\/\">Somalie<\/a><\/strong><a href=\"https:\/\/eurasiabusinessnews.com\/2024\/02\/22\/la-marine-turque-protegera-les-eaux-territoriales-de-la-somalie-durant-10-ans\/\">. La marine turque prot\u00e9gera les eaux territoriales de la Somalie durant 10&nbsp;ans<\/a>&nbsp;(Eurasia Business Review)<\/p>\n\n\n\n<p><a href=\"https:\/\/www.boursorama.com\/videos\/actualites\/soudan-risque-de-famine-catastrophique-a04ef7edbc030b2aaa3174566f7580f8\"><strong>Soudan<\/strong> : risque de famine \u00ab\u00a0catastrophique\u00a0\u00bb<\/a> (France 24)<\/p>\n\n\n\n<p><a href=\"https:\/\/afriquexxi.info\/Dynastie\" target=\"_blank\" rel=\"noreferrer noopener\"><strong>Tchad<\/strong>&nbsp;: Dynastie<\/a>&nbsp;(Afrique XXI)<\/p>\n\n\n\n<p><a href=\"https:\/\/www.rfi.fr\/fr\/en-bref\/20240224-togo-report-des-%C3%A9lections-l%C3%A9gislatives-et-r%C3%A9gionales-au-20-avril-prochain\"><strong>Togo<\/strong> : report des \u00e9lections l\u00e9gislatives et r\u00e9gionales au 20 avril prochain<\/a> (RFI)<\/p>\n\n\n\n<p><\/p>\n","protected":false},"excerpt":{"rendered":"<p>23 mars A la UNE Elections pr\u00e9sidentielles\u00a0: les S\u00e9n\u00e9galais aux urnes ce 24 mars (Mondafrique) En Calabre, les poings li\u00e9s mais la t\u00eate haute des travailleurs africains (Afrique XXI) Les talk-show, l\u2019Afrique et l\u2019influence de la France (Afrique XXI) Statues coloniales en Afrique. Les empires contre-attaquent (Afrique XXI) African Initiative, le nouveau r\u00e9seau de propagande &#8230; <a title=\"Mars &#8211; Afrique subsaharienne\" class=\"read-more\" href=\"https:\/\/www.rdpemancipation.org\/?p=126163\" aria-label=\"En savoir plus sur Mars &#8211; Afrique subsaharienne\">Lire la suite<\/a><\/p>\n","protected":false},"author":1,"featured_media":0,"comment_status":"closed","ping_status":"closed","sticky":false,"template":"","format":"standard","meta":{"_lmt_disableupdate":"","_lmt_disable":"","_jetpack_memberships_contains_paid_content":false,"footnotes":""},"categories":[19],"tags":[],"class_list":["post-126163","post","type-post","status-publish","format-standard","hentry","category-afrique-subsaharienne"],"modified_by":"nch","jetpack_featured_media_url":"","jetpack_sharing_enabled":true,"_links":{"self":[{"href":"https:\/\/www.rdpemancipation.org\/index.php?rest_route=\/wp\/v2\/posts\/126163","targetHints":{"allow":["GET"]}}],"collection":[{"href":"https:\/\/www.rdpemancipation.org\/index.php?rest_route=\/wp\/v2\/posts"}],"about":[{"href":"https:\/\/www.rdpemancipation.org\/index.php?rest_route=\/wp\/v2\/types\/post"}],"author":[{"embeddable":true,"href":"https:\/\/www.rdpemancipation.org\/index.php?rest_route=\/wp\/v2\/users\/1"}],"replies":[{"embeddable":true,"href":"https:\/\/www.rdpemancipation.org\/index.php?rest_route=%2Fwp%2Fv2%2Fcomments&post=126163"}],"version-history":[{"count":8,"href":"https:\/\/www.rdpemancipation.org\/index.php?rest_route=\/wp\/v2\/posts\/126163\/revisions"}],"predecessor-version":[{"id":126993,"href":"https:\/\/www.rdpemancipation.org\/index.php?rest_route=\/wp\/v2\/posts\/126163\/revisions\/126993"}],"wp:attachment":[{"href":"https:\/\/www.rdpemancipation.org\/index.php?rest_route=%2Fwp%2Fv2%2Fmedia&parent=126163"}],"wp:term":[{"taxonomy":"category","embeddable":true,"href":"https:\/\/www.rdpemancipation.org\/index.php?rest_route=%2Fwp%2Fv2%2Fcategories&post=126163"},{"taxonomy":"post_tag","embeddable":true,"href":"https:\/\/www.rdpemancipation.org\/index.php?rest_route=%2Fwp%2Fv2%2Ftags&post=126163"}],"curies":[{"name":"wp","href":"https:\/\/api.w.org\/{rel}","templated":true}]}}