{"id":126161,"date":"2024-03-01T00:20:00","date_gmt":"2024-02-29T23:20:00","guid":{"rendered":"https:\/\/www.rdpemancipation.org\/?p=126161"},"modified":"2024-03-28T10:11:44","modified_gmt":"2024-03-28T09:11:44","slug":"mars-proche-moyen-orient-3","status":"publish","type":"post","link":"https:\/\/www.rdpemancipation.org\/?p=126161","title":{"rendered":"Mars &#8211; Proche &#038; Moyen-Orient"},"content":{"rendered":"\n<p><strong><mark style=\"background-color:rgba(0, 0, 0, 0);color:#ed1010\" class=\"has-inline-color\">27 mars<\/mark><\/strong><\/p>\n\n\n\n<p><strong><a href=\"https:\/\/disclose.ngo\/fr\/article\/guerre-a-gaza-la-france-equipe-en-secret-des-mitrailleuses-utilisees-par-larmee-israelienne\">Gaza : la France a fourni en secret des \u00e9quipements de mitrailleuses utilis\u00e9es par l\u2019arm\u00e9e isra\u00e9lienne<\/a><\/strong>\u00a0(Disclose)<\/p>\n\n\n\n<p><a href=\"https:\/\/elwatan-dz.com\/les-plans-contraries-de-washington\">Les plans contrari\u00e9s de Washington<\/a>&nbsp;(El Watan)<\/p>\n\n\n\n<p><a href=\"https:\/\/arretsurinfo.ch\/ofer-le-guantanamo-israelien-munther-amira-temoigne\/\">Isra\u00ebl. Ofer, le Guantanamo isra\u00e9lien : Munther Amira t\u00e9moigne<\/a>&nbsp;(Haaretz&nbsp;<em>via<\/em>&nbsp;Arr\u00eat sur info)<\/p>\n\n\n\n<p><a href=\"https:\/\/www.les-crises.fr\/israel-a-menti-et-presente-de-fausses-preuves-devant-la-cour-internationale-de-justice\/\">Isra\u00ebl a menti et pr\u00e9sent\u00e9 de fausses \u00ab preuves \u00bb devant la Cour Internationale de Justice<\/a>\u00a0(Les Crises)<\/p>\n\n\n\n<p><a href=\"https:\/\/fajabce.r.bh.d.sendibt3.com\/tr\/cl\/q7Y5nH0q2KOe8sJL-LOb0t1OUMrPK3N5q4Iq49wy6C2Vf9xgZmrygLf5U2DJPEJyxm6FWFoY92mkhBK3MDw4F4JFXsb2j88-Kjwn0oCvxJaRATNicUYSTTVU-2hBI0hIKk8TeOGEjz_0Wza91Hu8FnPN9IYJ_LDxkjUJmK-KQ_xLRoBKt_Az5rpNxt0NCvGctBZqv18MS7cTNNcicZVAaaMbQBwbo9JJdm2NMY3wI9NLP0HExouz7Iy6Po1_oxiaiGsdpytaIO1DWkVL7oC0kEzt4Ixvn3qefJb3-Nl4KK9X0uwU6_-NTI1pec1p8ozcGUNZI-N0_u1WJcyqh7ETf_8DYNer4glSrP41tlD3ZKS6puRIHVfDKwu-nLbizNEZRqAy9vwVIaBWxxXAA1IDZw\"><strong>Les liaisons dangereuses de l\u2019industrie fran\u00e7aise de l\u2019armement avec Isra\u00ebl<\/strong><\/a> (Observatoire des multinationales)<\/p>\n\n\n\n<p><a href=\"https:\/\/multinationales.org\/fr\/actualites\/liaisons-dangereuses-la-lettre-du-27-mars-2024\">Liaisons dangereuses \u2013 La lettre du 27 mars 2024<\/a>\u00a0(Observatoire des multinationales)<\/p>\n\n\n\n<p><a href=\"https:\/\/www.lemonde.fr\/international\/article\/2023\/10\/27\/avec-la-guerre-l-economie-d-israel-s-apprete-a-traverser-une-periode-de-fortes-turbulences_6196753_3210.html\">L&rsquo;\u00e9conomie isra\u00e9lienne mise en difficult\u00e9 par la guerre contre le Hamas<\/a> (Le Monde)<\/p>\n\n\n\n<p><a href=\"https:\/\/www.francetvinfo.fr\/monde\/proche-orient\/israel-palestine\/j-ai-perdu-70-de-mon-chiffre-d-affaires-en-israel-depuis-le-debut-du-conflit-l-economie-locale-tourne-au-ralenti_6143835.html\">\u00ab\u00a0J&rsquo;ai perdu 70% de mon chiffre d&rsquo;affaires\u00a0\u00bb : en Isra\u00ebl, depuis le d\u00e9but du conflit l&rsquo;\u00e9conomie locale tourne au ralenti<\/a> (France info)<\/p>\n\n\n\n<p><a href=\"https:\/\/www.latribune.fr\/economie\/international\/penurie-de-main-d-oeuvre-en-israel-le-patronat-est-generalement-favorable-au-retour-des-travailleurs-palestiniens-993339.html\"><\/a><a href=\"https:\/\/www.latribune.fr\/economie\/international\/penurie-de-main-d-oeuvre-en-israel-le-patronat-est-generalement-favorable-au-retour-des-travailleurs-palestiniens-993339.html\">P\u00e9nurie de main-d&rsquo;oeuvre en Isra\u00ebl : le patronat est \u00ab g\u00e9n\u00e9ralement favorable \u00bb au retour des travailleurs palestiniens<\/a> (La Tribune)<\/p>\n\n\n\n<p><strong><mark style=\"background-color:rgba(0, 0, 0, 0);color:#ed1010\" class=\"has-inline-color\">26 mars<\/mark><\/strong><\/p>\n\n\n\n<p><a href=\"https:\/\/orientxxi.info\/magazine\/l-economie-egyptienne-vers-l-inconnu,7137\">L\u2019\u00e9conomie \u00e9gyptienne vers l\u2019inconnu<\/a>\u00a0(Orient XXI)<a href=\"https:\/\/fr.timesofisrael.com\/leconomie-israelienne-ravagee-par-la-guerre-se-contracte-de-pres-de-20-cbs\/\"><\/a><\/p>\n\n\n\n<p><a href=\"https:\/\/fr.timesofisrael.com\/leconomie-israelienne-ravagee-par-la-guerre-se-contracte-de-pres-de-20-cbs\/\">L\u2019\u00e9conomie isra\u00e9lienne, ravag\u00e9e par la guerre, se contracte de pr\u00e8s de 20 % \u2013 CBS<\/a> (The Times of Isra\u00ebl)<\/p>\n\n\n\n<p><a href=\"https:\/\/www.lorientlejour.com\/article\/1372103\/leconomie-libanaise-lautre-victime-de-la-guerre-hezbollah-israel.html\">L&rsquo;\u00e9conomie libanaise, l&rsquo;autre victime de la guerre Hezbollah-Isra\u00ebl<\/a> (L\u2019Orient-le Jour)<\/p>\n\n\n\n<p><strong><a href=\"https:\/\/lanticapitaliste.org\/actualite\/international\/de-nouvelles-perspectives-pour-la-mobilisation-pour-la-palestine\">De nouvelles perspectives pour la mobilisation pour la Palestine<\/a><\/strong>\u00a0(l\u2019Anticapitaliste)<\/p>\n\n\n\n<p><a href=\"https:\/\/www.alternatives-economiques.fr\/herve-nathan\/benyamin-netanyahou-fauteur-de-guerre-perpetuelle\/00110186\">Benyamin Netanyahou, fauteur de guerre perp\u00e9tuelle<\/a>\u00a0(Alter \u00e9co)<\/p>\n\n\n\n<p><a href=\"https:\/\/infos.lemonde.fr\/optiext\/optiextension.dll?ID=u23uXZN50XL5czsDk47Bz0UG_NeYm9KrX1jT_2vpz_E1TpvK9RL2FyBrsFYu7rZmZi%2BKyYsZrK85yy6UTdk6tT4kCBkotSxfp81U66uI\">Aux sources de la ferveur des chr\u00e9tiens \u00e9vang\u00e9liques envers Isra\u00ebl<\/a>\u00a0(Le Monde)<\/p>\n\n\n\n<p><strong><mark style=\"background-color:rgba(0, 0, 0, 0);color:#ed1010\" class=\"has-inline-color\">24 et 25 mars<\/mark><\/strong><\/p>\n\n\n\n<p><a href=\"https:\/\/www.boursorama.com\/actualite-economique\/actualites\/le-hamas-salue-le-vote-de-l-onu-pret-a-un-echange-de-prisonniers-avec-israel-3c87d718c73a0e9e798809a358ba1078\">Le Hamas salue le vote de l\u2019Onu, pr\u00eat \u00e0 un \u00e9change de prisonniers avec Isra\u00ebl<\/a>&nbsp;(Reuters)<\/p>\n\n\n\n<p><strong><a href=\"https:\/\/www.rfi.fr\/fr\/moyen-orient\/20240325-le-conseil-de-s%C3%A9curit%C3%A9-de-l-onu-adopte-une-r%C3%A9solution-pour-un-cessez-le-feu-imm%C3%A9diat-%C3%A0-gaza\">Le Conseil de s\u00e9curit\u00e9 de l\u2019ONU adopte une r\u00e9solution pour un cessez-le-feu imm\u00e9diat \u00e0 Gaza<\/a><\/strong>&nbsp;(RFI)<\/p>\n\n\n\n<p><a href=\"https:\/\/www.rfi.fr\/fr\/moyen-orient\/20240323-antonio-guterres-%C3%A0-rafah-il-faut-faire-taire-les-armes-dans-la-bande-de-gaza\">Antonio Guterres \u00e0 Rafah : \u00abFaire taire les armes\u00bb dans la bande de Gaza<\/a>\u00a0(RFI)<\/p>\n\n\n\n<p><a href=\"https:\/\/radio-m.net\/des-milliers-de-marocains-reclament-la-fin-de-la-guerre-et-du-siege-a-gaza\/\">Des milliers de&nbsp;<strong>Marocains<\/strong>&nbsp;r\u00e9clament la fin de la guerre et du si\u00e8ge \u00e0 Gaza<\/a>&nbsp;(Radio M)<\/p>\n\n\n\n<p><a href=\"https:\/\/radio-m.net\/lespagne-lirlande-malte-et-la-slovenie-oeuvrent-a-la-reconnaissance-de-letat-palestinien-au-sein-de-lue\/\">L\u2019Espagne, l\u2019Irlande, Malte et la Slov\u00e9nie \u0153uvrent \u00e0 la reconnaissance de l\u2019<strong>\u00c9tat palestinien<\/strong>&nbsp;au &nbsp;sein de l\u2019UE<\/a>&nbsp;(Radio M)<\/p>\n\n\n\n<p><a href=\"https:\/\/www.zonebourse.com\/actualite-bourse\/Israel-annonce-la-saisie-de-800-hectares-de-terres-en-Cisjordanie-46264055\/\">Isra\u00ebl annonce la saisie de 800 hectares de terres en&nbsp;<strong>Cisjordanie<\/strong><\/a>&nbsp;(Zone bourse)<\/p>\n\n\n\n<p><a href=\"https:\/\/arretsurinfo.ch\/les-chaines-israeliennes-diffusent-des-videos-montrant-les-tortures-infligees-aux-palestiniens\/\">Les cha\u00eenes\u00a0<strong>isra\u00e9liennes<\/strong>\u00a0diffusent des vid\u00e9os montrant les tortures inflig\u00e9es aux Palestiniens<\/a>\u00a0(Arr\u00eat sur info)<a href=\"https:\/\/www.lorientlejour.com\/article\/1372103\/leconomie-libanaise-lautre-victime-de-la-guerre-hezbollah-israel.html\"><\/a><\/p>\n\n\n\n<p><a href=\"https:\/\/www.lorientlejour.com\/article\/1372103\/leconomie-libanaise-lautre-victime-de-la-guerre-hezbollah-israel.html\">L&rsquo;\u00e9conomie libanaise, l&rsquo;autre victime de la guerre Hezbollah-Isra\u00ebl<\/a> (L\u2019Orient-le Jour)<\/p>\n\n\n\n<p><strong>Analyse<\/strong><\/p>\n\n\n\n<p><a href=\"https:\/\/www.hrw.org\/fr\/news\/2024\/03\/19\/israel-les-assurances-dutiliser-legalement-les-armes-americaines-sont-peu-credibles\"><strong>Isra\u00ebl<\/strong>&nbsp;: Les assurances d\u2019utiliser l\u00e9galement les armes am\u00e9ricaines sont peu cr\u00e9dibles<\/a>&nbsp;(HRW)<\/p>\n\n\n\n<p><a href=\"https:\/\/www.francetvinfo.fr\/monde\/proche-orient\/israel-palestine\/gaza-human-rights-watch-et-oxfam-accusent-israel-d-utiliser-des-armes-americaines-en-violation-des-regles-du-droit-international_6436537.html#xtor=RSS-3-%5Bgeneral%5D\">HRW et Oxfam accusent Isra\u00ebl d\u2019utiliser des armes am\u00e9ricaines en violation des r\u00e8gles du droit international<\/a>&nbsp;(France Info)<\/p>\n\n\n\n<p><em><strong>\u2018<a href=\"https:\/\/www.blast-info.fr\/articles\/2024\/le-monde-gaza-et-les-banlieues-tQy9GBlXQeinEoOINxsg0w\">Le Monde\u2019<\/a><\/strong><\/em><a href=\"https:\/\/www.blast-info.fr\/articles\/2024\/le-monde-gaza-et-les-banlieues-tQy9GBlXQeinEoOINxsg0w\"><strong>, Gaza et les \u00ab banlieues \u00bb<\/strong><\/a>\u00a0(Blast)<\/p>\n\n\n\n<p><strong><mark style=\"background-color:rgba(0, 0, 0, 0);color:#ed1010\" class=\"has-inline-color\">23 mars<\/mark><\/strong><\/p>\n\n\n\n<p><a href=\"https:\/\/www.blast-info.fr\/emissions\/2024\/ventes-darmes-a-linde-larabie-saoudite-israel-etc-une-honte-macroniste-85VDkvoMSgqVZMT6P-Pmng\">Ventes d\u2019armes \u00e0 l\u2019Inde, l\u2019Arabie Saoudite, Isra\u00ebl, etc. : une honte macroniste<\/a>\u00a0(Blast)<\/p>\n\n\n\n<p><a href=\"https:\/\/orientxxi.info\/dossiers-et-series\/ce-qui-rend-les-israeliens-furieux-c-est-que-le-hamas-est-toujours-la,7164\">\u00ab&nbsp;Ce qui rend les Isra\u00e9liens furieux, c\u2019est que le Hamas est toujours l\u00e0&nbsp;\u00bb<\/a>&nbsp; (Orient XXI)<\/p>\n\n\n\n<p><a href=\"https:\/\/alencontre.org\/moyenorient\/palestine\/temoignage-dun-prisonnier-palestinien-quand-les-prisons-israeliennes-ressemblent-a-celle-de-guantanamo.html\">T\u00e9moignage d\u2019un prisonnier palestinien: \u00abQuand les prisons isra\u00e9liennes ressemblent \u00e0 celle de Guantanamo\u00bb<\/a>\u00a0(A l\u2019encontre)<\/p>\n\n\n\n<p><a href=\"https:\/\/lvsl.fr\/gaza-derriere-les-massacres-les-profiteurs-de-guerre\/\"><strong>Gaza : derri\u00e8re les massacres, les profiteurs de guerre<\/strong><\/a>\u00a0(Le Vent Se L\u00e8ve)<\/p>\n\n\n\n<p><strong><mark style=\"background-color:rgba(0, 0, 0, 0);color:#ed1010\" class=\"has-inline-color\">22 mars<\/mark><\/strong><\/p>\n\n\n\n<p><strong><a href=\"https:\/\/xn--les%20franco-israelien%20auteurs%20dexactions%20peuvent-ils%20tre%20poursuivis%20en%20france%20-qgi27496e\/?\">Les Franco-Isra\u00e9liens auteurs d\u2019exactions peuvent-ils \u00eatre poursuivis en France&nbsp;?<\/a><\/strong>&nbsp;(RFI)<\/p>\n\n\n\n<p><a href=\"https:\/\/blogs.mediapart.fr\/histoire-coloniale-et-postcoloniale\/blog\/220324\/algerie-palestine-nouvelle-provocation-raciste-de-louis-aliot-perpignan\">Alg\u00e9rie-Palestine&nbsp;: nouvelle provocation raciste de Louis Aliot \u00e0 Perpignan<\/a>&nbsp;(Histoire coloniale et postcoloniale)<\/p>\n\n\n\n<p><a href=\"https:\/\/www.francetvinfo.fr\/monde\/proche-orient\/israel-palestine\/guerre-entre-israel-et-le-hamas-comment-les-etats-unis-ont-fini-par-inflechir-leur-position-sur-un-cessez-le-feu-a-gaza_6440008.html\">Comment les Etats-Unis ont fini par infl\u00e9chir leur position sur un cessez-le-feu \u00e0&nbsp;<strong>Gaza<\/strong><\/a>&nbsp;(France Info)<\/p>\n\n\n\n<p><a href=\"https:\/\/www.francetvinfo.fr\/monde\/proche-orient\/israel-palestine\/guerre-israel-hamas-la-russie-et-la-chine-opposent-leur-veto-a-la-resolution-americaine-pour-un-cessez-le-feu-immediat-au-conseil-de-securite-de-l-onu_6440518.html\">La Russie et la Chine opposent leur veto \u00e0 la r\u00e9solution am\u00e9ricaine pour un cessez-le-feu \u00ab&nbsp;imm\u00e9diat&nbsp;\u00bb<\/a>&nbsp;(France Info)<\/p>\n\n\n\n<p><a href=\"https:\/\/www.middleeasteye.net\/fr\/actu-et-enquetes\/guerre-gaza-netanyahou-suggere-que-le-nouveau-port-construit-par-les-etats-unis\"><strong>Gaza<\/strong>&nbsp;: Netanyahou sugg\u00e8re que le nouveau port construit par les \u00c9tats-Unis pourrait aider \u00e0 expulser les Palestiniens<\/a>&nbsp;(MEE)<\/p>\n\n\n\n<p><strong><a href=\"https:\/\/www.middleeasteye.net\/fr\/actu-et-enquetes\/guerre-gaza-jared-kushner-fait-leloge-du-potentiel-immobilier-de-lenclave\">Gaza&nbsp;: Jared Kushner fait l\u2019\u00e9loge du potentiel immobilier de l\u2019enclave et appelle \u00e0 expulser les civils<\/a>&nbsp;<\/strong>(MEE)<\/p>\n\n\n\n<p><a href=\"https:\/\/www.blast-info.fr\/emissions\/2024\/ventes-darmes-a-linde-larabie-saoudite-israel-etc-une-honte-macroniste-85VDkvoMSgqVZMT6P-Pmng\">Ventes d\u2019armes \u00e0 l\u2019Inde, l\u2019Arabie Saoudite, Isra\u00ebl, etc. : une honte macroniste<\/a>&nbsp;(Blast)<\/p>\n\n\n\n<p><a href=\"https:\/\/lvsl.fr\/gaza-derriere-les-massacres-les-profiteurs-de-guerre\/\"><strong>Gaza : derri\u00e8re les massacres, les profiteurs de guerre<\/strong><\/a>&nbsp;(Le Vent Se L\u00e8ve)<\/p>\n\n\n\n<p><strong><mark style=\"background-color:rgba(0, 0, 0, 0);color:#ed1010\" class=\"has-inline-color\">21 mars<\/mark><\/strong><\/p>\n\n\n\n<p><a href=\"https:\/\/multinationales.org\/fr\/actualites\/les-liaisons-dangereuses-de-l-industrie-francaise-de-l-armement-avec-israel\"><strong>Les liaisons dangereuses de l\u2019industrie fran\u00e7aise de l\u2019armement avec Isra\u00ebl<\/strong><\/a>&nbsp;(Observatoire des multinationales)<\/p>\n\n\n\n<p><a href=\"https:\/\/www.francetvinfo.fr\/monde\/proche-orient\/israel-palestine\/direct-guerre-israel-hamas-les-etats-unis-ont-presente-un-projet-de-resolution-a-l-onu-pour-un-cessez-le-feu-immediat-a-gaza_6437758.html\">4 Palestiniens tu\u00e9s dans une op\u00e9ration de l\u2019arm\u00e9e isra\u00e9lienne en&nbsp;<strong>Cisjordanie&nbsp;<\/strong>occup\u00e9e<\/a>&nbsp;(Le direct de France Info)<\/p>\n\n\n\n<p><a href=\"https:\/\/www.liberation.fr\/international\/guerre-hamas-israel-les-etats-unis-presentent-a-lonu-un-projet-de-cessez-le-feu-immediat-20240321_FS3IBQFZ3FEULM5KUFJIDTDWW4\/\"><strong>Gaza&nbsp;: les Etats-Unis pr\u00e9sentent \u00e0 l\u2019ONU un projet de \u00abcessez-le-feu imm\u00e9diat\u00bb<\/strong><\/a>&nbsp;(Lib\u00e9ration, en clair)<\/p>\n\n\n\n<p><a href=\"https:\/\/www.rfi.fr\/fr\/am%C3%A9riques\/20240320-gaza-le-canada-d%C3%A9clare-stopper-ses-exportations-d-armes-vers-isra%C3%ABl\">Le&nbsp;<strong>Canada<\/strong>&nbsp;d\u00e9clare stopper ses exportations d\u2019armes vers&nbsp;<strong>Isra\u00ebl<\/strong><\/a>&nbsp;(RFI)<\/p>\n\n\n\n<p><a href=\"https:\/\/www.politis.fr\/articles\/2024\/03\/lunion-europeenne-offre-200-millions-deuros-a-legypte-pour-retenir-les-migrants\/\">L\u2019<strong>UE<\/strong>&nbsp;offre 200 millions d\u2019euros \u00e0 l\u2019<strong>\u00c9gypte<\/strong>&nbsp;pour retenir les migrants<\/a>&nbsp;(Politis)<\/p>\n\n\n\n<p><strong><mark style=\"background-color:rgba(0, 0, 0, 0);color:#ed1010\" class=\"has-inline-color\">20 mars<\/mark><\/strong><\/p>\n\n\n\n<p><a href=\"https:\/\/www.lequotidien-oran.com\/index.php?news=5328508\"><strong>Agression sioniste : Isra\u00ebl a commenc\u00e9 \u00e0 d\u00e9truire Rafah<\/strong>&nbsp;<\/a>&nbsp;(Le Quotidien d\u2019Oran)<\/p>\n\n\n\n<p><a href=\"https:\/\/elwatan-dz.com\/restrictions-a-lentree-de-laide-humanitaire-lonu-evoque-un-crime-de-guerre-a-ghaza\">Restrictions \u00e0 l\u2019entr\u00e9e de l\u2019aide humanitaire : L\u2019ONU \u00e9voque un \u00abcrime de guerre\u00bb \u00e0 Ghaza&nbsp;<\/a>&nbsp;(El Watan DZ)<\/p>\n\n\n\n<p><a href=\"https:\/\/blogs.mediapart.fr\/afps-association-france-palestine-solidarite\/blog\/200324\/traitement-inhumain-de-marwan-barghouthi-et-des-prisonniers-politi\">Traitement inhumain de Marwan Barghouthi et des prisonniers politiques palestiniens<\/a>&nbsp;(Association France Palestine Solidarit\u00e9)<\/p>\n\n\n\n<p><strong>Analyse<\/strong><\/p>\n\n\n\n<p><a href=\"https:\/\/orientxxi.info\/lu-vu-entendu\/la-triple-illegalite-de-l-occupation-israelienne-du-territoire-palestinien,7151\">La triple ill\u00e9galit\u00e9 de l\u2019occupation isra\u00e9lienne du territoire palestinien<\/a>&nbsp;(Orient XXI)<\/p>\n\n\n\n<p><\/p>\n\n\n\n<p><strong><mark style=\"background-color:rgba(0, 0, 0, 0);color:#ed1010\" class=\"has-inline-color\">19 mars<\/mark><\/strong><\/p>\n\n\n\n<p><a href=\"https:\/\/blogs.mediapart.fr\/journal-de-bord-dhossam-al-madhoun\/blog\/190324\/tout-le-monde-parle-de-linvasion-de-rafah\">Tout le monde parle de l\u2019invasion de Rafah<\/a>&nbsp;(Journal de bord d\u2019Hossam Al-Madhoun)<\/p>\n\n\n\n<p><a href=\"https:\/\/www.cadtm.org\/Plus-de-200-organisations-de-la-societe-civile-exigent-la-suspension-de-l\">Plus de 200 organisations de la soci\u00e9t\u00e9 civile exigent la suspension de l\u2019accord d\u2019association UE-Isra\u00ebl<\/a>&nbsp;(CADTM)<\/p>\n\n\n\n<p><a href=\"https:\/\/www.francetvinfo.fr\/monde\/proche-orient\/israel-palestine\/direct-guerre-entre-israel-et-le-hamas-le-secretaire-d-etat-americain-attendu-dans-la-semaine-au-moyen-orient-dans-le-cadre-des-pourparlers-de-treve_6433396.html\"><strong>La totalit\u00e9 de la population de Gaza subit une \u00ab\u00a0ins\u00e9curit\u00e9 alimentaire grave\u00a0\u00bb, d\u00e9clare le secr\u00e9taire d&rsquo;Etat am\u00e9ricain<\/strong> <\/a>(France Info)<\/p>\n\n\n\n<p><a href=\"https:\/\/www.middleeasteye.net\/fr\/actu-et-enquetes\/guerre-gaza-israel-met-en-danger-la-vie-du-leader-palestinien-emprisonne-marouane\">I<\/a><strong><a href=\"https:\/\/www.middleeasteye.net\/fr\/actu-et-enquetes\/guerre-gaza-israel-met-en-danger-la-vie-du-leader-palestinien-emprisonne-marouane\">sra\u00ebl \u00ab met en danger \u00bb la vie du leader palestinien emprisonn\u00e9 Marouane Barghouti<\/a> <\/strong>(MEE)<\/p>\n\n\n\n<p><a href=\"https:\/\/www.tsa-algerie.com\/en-pleine-guerre-a-gaza-israel-teste-un-drone-militaire-au-maroc\/\">En pleine guerre \u00e0 Gaza : <strong>Isra\u00ebl<\/strong> teste un drone militaire au <strong>Maroc<\/strong><\/a> (TSA)<\/p>\n\n\n\n<p><a href=\"https:\/\/alencontre.org\/moyenorient\/iran\/iran-dossier-un-nouveau-vote-frauduleux-a-eu-lieu.html\"><strong>Iran<\/strong>-dossier. Un nouveau vote frauduleux a eu lieu<\/a>&nbsp;(A l\u2019encontre)<\/p>\n\n\n\n<p><strong><mark style=\"background-color:rgba(0, 0, 0, 0);color:#ed1010\" class=\"has-inline-color\">18 mars<\/mark><\/strong><\/p>\n\n\n\n<p><a href=\"https:\/\/www.middleeasteye.net\/fr\/actu-et-enquetes\/guerre-gaza-nouveau-raid-des-troupes-israeliennes-sur-lhopital-al-chifa\">Guerre \u00e0 Gaza : nouveau raid des troupes isra\u00e9liennes sur l\u2019h\u00f4pital al-Chifa<\/a> (MEE)<\/p>\n\n\n\n<p><a href=\"https:\/\/www.middleeasteye.net\/fr\/actu-et-enquetes\/israel-empeche-des-milliers-de-palestiniens-deffectuer-la-priere-du-vendredi-la\">Isra\u00ebl emp\u00eache des milliers de Palestiniens d\u2019effectuer la pri\u00e8re du vendredi \u00e0 la mosqu\u00e9e al-Aqsa<\/a> (MEE)<\/p>\n\n\n\n<p><a href=\"https:\/\/www.lequotidien-oran.com\/index.php?news=5328428&amp;archive_date=2024-03-17\">Massacres, famine : La situation s\u2019aggrave de jour en jour \u00e0&nbsp;<strong>Ghaza<\/strong><\/a>&nbsp;(Le Quotidien d\u2019Oran)<\/p>\n\n\n\n<p><a href=\"https:\/\/www.haaretz.com\/israel-news\/2024-03-16\/ty-article\/.premium\/israelis-protest-netanyahu-govt-across-the-country-demand-gantz-ditch-wartime-coalition\/0000018e-47a4-d7ea-a5de-7fb54b7f0000?utm_source=mailchimp&amp;utm_medium=Content&amp;utm_campaign=daily-brief&amp;utm_content=cf93f163c2\">Isra\u00ebl.&nbsp;<\/a><a href=\"https:\/\/www.haaretz.com\/israel-news\/2024-03-16\/ty-article\/.premium\/israelis-protest-netanyahu-govt-across-the-country-demand-gantz-ditch-wartime-coalition\/0000018e-47a4-d7ea-a5de-7fb54b7f0000?utm_source=mailchimp&amp;utm_medium=Content&amp;utm_campaign=daily-brief&amp;utm_content=cf93f163c2\">Thousands Protest Netanyahu Gov\u2019t Across Israel, Demand Gantz Ditch Wartime Coalition<\/a>&nbsp;(Haaretz)<\/p>\n\n\n\n<p><a href=\"https:\/\/www.lemonde.fr\/international\/article\/2024\/03\/17\/pour-benjamin-netanyahou-la-pression-internationale-n-empechera-pas-une-offensive-a-rafah_6222537_3210.html\">Pour Benyamin N\u00e9tanyahou, la \u00ab&nbsp;pression internationale&nbsp;\u00bb n\u2019emp\u00eachera pas une offensive \u00e0 Rafah<\/a>&nbsp;(Le Monde)<\/p>\n\n\n\n<p><a href=\"https:\/\/www.middleeasteye.net\/fr\/actu-et-enquetes\/barres-de-fer-decharges-electriques-attaques-de-chiens-et-brulures-de-cigarettes\">Barres de fer, d\u00e9charges \u00e9lectriques, attaques de chiens et br\u00fblures de cigarettes :&nbsp;<strong>la torture des Palestiniens dans les centres de d\u00e9tention isra\u00e9liens<\/strong><\/a>&nbsp;(MEE)<\/p>\n\n\n\n<p><a href=\"https:\/\/arretsurinfo.ch\/la-vraie-mission-du-port-americain-a-gaza\/\"><strong>Palestine<\/strong>. La vraie mission du \u201cport\u201d am\u00e9ricain \u00e0 Gaza<\/a>&nbsp;(Al Mayadeen&nbsp;<em>via<\/em>&nbsp;Arr\u00eat sur info)<\/p>\n\n\n\n<p><a href=\"https:\/\/arretsurinfo.ch\/bibi-le-probleme-de-biden\/\"><strong>USA<\/strong>. Bibi, le probl\u00e8me de Biden (Seymour Hersh)<\/a>&nbsp;(Arr\u00eat sur info)<\/p>\n\n\n\n<p><strong><mark style=\"background-color:rgba(0, 0, 0, 0);color:#ed1010\" class=\"has-inline-color\">17 mars<\/mark><\/strong><\/p>\n\n\n\n<p><a href=\"https:\/\/www.middleeasteye.net\/fr\/actu-et-enquetes\/guerre-gaza-des-dizaines-de-morts-et-de-blesses-dans-un-nouveau-massacre-de\"><strong>Gaza<\/strong>&nbsp;: des dizaines de morts et de bless\u00e9s dans un nouveau massacre de Palestiniens en attente d\u2019aide<\/a>&nbsp;(MEE)<\/p>\n\n\n\n<p><a href=\"https:\/\/www.rfi.fr\/fr\/moyen-orient\/20240316-cisjordanie-%C3%A0-ramallah-la-nomination-du-nouveau-premier-ministre-laisse-de-marbre-les-palestiniens\"><strong>Cisjordanie<\/strong>&nbsp;: \u00e0 Ramallah, la nomination du nouveau Premier ministre laisse de marbre les Palestiniens<\/a>&nbsp;(RFI)<\/p>\n\n\n\n<p><a href=\"https:\/\/www.lorientlejour.com\/article\/1371400\/violence-barrages-economie-en-berne-a-huwara-en-cisjordanie-on-meurt-a-petit-feu-reportage.html\">Violence, barrages, \u00e9conomie en berne : \u00e0 Huwara, en <strong>Cisjordanie<\/strong>, &nbsp;\u00bbon meurt \u00e0 petit feu&nbsp;\u00bb<\/a>&nbsp;(L\u2019Orient-Le Jour)<\/p>\n\n\n\n<p><strong><a href=\"https:\/\/www.mediapart.fr\/journal\/international\/140324\/ukraine-gaza-l-europe-face-deux-guerres\">Ukraine, Gaza : l\u2019Europe face \u00e0 deux guerres<\/a><\/strong>&nbsp;(\u00c0 l\u2019air libre)<\/p>\n\n\n\n<p><strong><mark style=\"background-color:rgba(0, 0, 0, 0);color:#ed1010\" class=\"has-inline-color\">16 mars<\/mark><\/strong><\/p>\n\n\n\n<p><a href=\"https:\/\/www.middleeasteye.net\/fr\/reportages\/accord-entre-legypte-et-les-emirats-arabes-unis-les-bedouins-de-ras-el-hikma-menaces-par\">Accord entre l\u2019<strong>\u00c9gypte<\/strong> et les <strong>\u00c9mirats arabes unis<\/strong>&nbsp;: les b\u00e9douins de Ras el-Hikma menac\u00e9s par un m\u00e9gaprojet<\/a> (MEE)<\/p>\n\n\n\n<p><a href=\"https:\/\/www.middleeasteye.net\/fr\/actu-et-enquetes\/la-turquie-prepare-une-campagne-militaire-en-irak-pour-securiser-un-projet-routier\">La <strong>Turquie <\/strong>pr\u00e9pare une campagne militaire en <strong>Irak<\/strong> pour s\u00e9curiser un projet routier et ferroviaire vers le Golfe<\/a> (MEE)<\/p>\n\n\n\n<p><a href=\"https:\/\/www.middleeasteye.net\/fr\/actu-et-enquetes\/guerre-gaza-des-dizaines-de-morts-et-de-blesses-dans-un-nouveau-massacre-de\"><strong>Gaza<\/strong> : des dizaines de morts et de bless\u00e9s dans un nouveau massacre de Palestiniens en attente d\u2019aide<\/a> (MEE)<\/p>\n\n\n\n<p><strong><mark style=\"background-color:rgba(0, 0, 0, 0);color:#ed1010\" class=\"has-inline-color\">14 et 15 mars<\/mark><\/strong><\/p>\n\n\n\n<p><a href=\"http:\/\/palestine.katinfo.fr\/Video.php\">Conf\u00e9rence Christophe Oberlin, Palestine. Ugine11\/03\/2024<\/a> (APU)<\/p>\n\n\n\n<p><a href=\"https:\/\/elwatan-dz.com\/impasse-militaire-a-ghaza-et-isolement-diplomatique-quand-la-cia-irrite-netanyahu#:~:text=La%20Central%20Intelligence%20Agency%20(CIA,moins%20en%20moins%20%C2%ABviable%C2%BB.\"><strong>Impasse militaire \u00e0 Ghaza et isolement diplomatique : Quand la CIA irrite Netanyahu<\/strong><\/a> (El Watan DZ)<\/p>\n\n\n\n<figure class=\"wp-block-image size-full is-resized\"><img data-recalc-dims=\"1\" loading=\"lazy\" decoding=\"async\" width=\"479\" height=\"549\" src=\"https:\/\/i0.wp.com\/www.rdpemancipation.org\/wp-content\/uploads\/2024\/03\/image-13.png?resize=479%2C549&#038;ssl=1\" alt=\"\" class=\"wp-image-126717\" style=\"width:291px;height:auto\" srcset=\"https:\/\/i0.wp.com\/www.rdpemancipation.org\/wp-content\/uploads\/2024\/03\/image-13.png?w=479&amp;ssl=1 479w, https:\/\/i0.wp.com\/www.rdpemancipation.org\/wp-content\/uploads\/2024\/03\/image-13.png?resize=262%2C300&amp;ssl=1 262w\" sizes=\"auto, (max-width: 479px) 100vw, 479px\" \/><\/figure>\n\n\n\n<p><strong><mark style=\"background-color:rgba(0, 0, 0, 0);color:#ed1010\" class=\"has-inline-color\">11 et 12 mars<\/mark><\/strong><\/p>\n\n\n\n<p><a href=\"https:\/\/www.liberation.fr\/idees-et-debats\/apres-ses-propos-sur-le-hamas-judith-butler-explique-persiste-et-signe-20240312_CHN2V5MLKFCCBHLMJNQBGHWN7Y\/\">Apr\u00e8s ses propos sur le Hamas, Judith Butler s\u2019explique, persiste et signe<\/a> (Lib\u00e9ration)<\/p>\n\n\n\n<p><a href=\"https:\/\/blogs.mediapart.fr\/judith-butler\/blog\/110324\/apres-pantin\">Judith Butler&nbsp;: Apr\u00e8s Pantin<\/a> (Blog de Judith Butler sur M\u00e9diapart)<\/p>\n\n\n\n<p><a href=\"https:\/\/link.newsletter.franceculture.fr\/m\/ml\/7429\/859190\/IOvAWxR7rV2yx_Gshyrny29C5lXTLJmivm821gAfcU8=\/6bXKvyxwn621KkcVFuuH4NaqJuPaZpvjMhuwkAXG7Bc=\/\" target=\"_blank\" rel=\"noreferrer noopener\">Aide humanitaire&nbsp;: les \u00c9tats-Unis peuvent-ils encore faire pression sur Isra\u00ebl&nbsp;?<\/a> (France Culture)<\/p>\n\n\n\n<p><a href=\"https:\/\/www.middleeasteye.net\/fr\/actu-et-enquetes\/les-emirats-arabes-unis-ont-entame-leur-deuxieme-plus-grand-proces-politique-et\">Les EAU ont entam\u00e9 leur deuxi\u00e8me plus grand proc\u00e8s politique. Et personne ne sait exactement qui est jug\u00e9<\/a> (MEE)<\/p>\n\n\n\n<p><a href=\"https:\/\/www.mediapart.fr\/journal\/international\/110324\/l-egypte-passe-sous-la-coupe-du-fmi\">L\u2019\u00c9gypte passe sous la coupe du FMI<\/a> (M\u00e9diapart)<\/p>\n\n\n\n<p><a href=\"https:\/\/www.ritimo.org\/La-dette-de-l-Egypte-nouvelle-arme-d-Israel-contre-la-Palestine\" target=\"_blank\" rel=\"noreferrer noopener\"><strong>La dette de l&rsquo;\u00c9gypte, nouvelle arme d&rsquo;Isra\u00ebl contre la Palestine<\/strong><\/a> (ritimo)<\/p>\n\n\n\n<p><a href=\"https:\/\/www.rfi.fr\/fr\/moyen-orient\/20240306-%C3%A9gypte-d%C3%A9valuation-massive-de-la-livre-par-rapport-au-dollar\" target=\"_blank\" rel=\"noreferrer noopener\"><strong>\u00c9gypte<\/strong> : d\u00e9valuation massive de la livre par rapport au dollar<\/a>&nbsp;(RFI)<\/p>\n\n\n\n<p><strong><a href=\"https:\/\/lundi.am\/Pisser-du-haut-du-plongeoir-L-Etat-d-Israel-contre-les-Juifs\" target=\"_blank\" rel=\"noreferrer noopener\">Pisser du haut du plongeoir&nbsp;: L\u2019\u00c9tat d\u2019Isra\u00ebl contre les Juifs<\/a><\/strong> -Sylvain Cypel (Lundimatin)<\/p>\n\n\n\n<p><a href=\"https:\/\/lundi.am\/Israel-Palestine-le-salut-viendra-d-Iran\" target=\"_blank\" rel=\"noreferrer noopener\">Isra\u00ebl-Palestine, le salut viendra d\u2019Iran<\/a> (Lundimatin)<\/p>\n\n\n\n<p><a href=\"https:\/\/www.rfi.fr\/fr\/europe\/20240310-espagne-s%C3%A1nchez-soumettra-la-reconnaissance-de-l-%C3%A9tat-palestinien-au-parlement-d-ici-2027\" target=\"_blank\" rel=\"noreferrer noopener\"><strong>Espagne<\/strong> : S\u00e1nchez soumettra la reconnaissance de l&rsquo;\u00c9tat palestinien au Parlement d&rsquo;ici 2027<\/a>&nbsp;(RFI)<\/p>\n\n\n\n<p><a href=\"https:\/\/www.ldh-france.org\/journee-internationale-de-la-femme-2024-la-destruction-des-droits-fondamentaux-des-femmes-en-palestine\/\" target=\"_blank\" rel=\"noreferrer noopener\">La destruction des droits fondamentaux des femmes en Palestine<\/a>&nbsp;(LDH)<\/p>\n\n\n\n<p><a href=\"https:\/\/aplutsoc.org\/2024\/03\/10\/des-israeliens-sopposent-a-loccupation-qui-occupe-israel-par-ira-berkovic\/\">Des <strong>Isra\u00e9liens<\/strong> s\u2019opposent \u00e0 \u00abl\u2019occupation qui occupe Isra\u00ebl\u00bb, par Ira Berkovic<\/a>&nbsp;(Aplutsoc)<\/p>\n\n\n\n<figure class=\"wp-block-image size-full is-resized\"><img data-recalc-dims=\"1\" loading=\"lazy\" decoding=\"async\" width=\"575\" height=\"324\" src=\"https:\/\/i0.wp.com\/www.rdpemancipation.org\/wp-content\/uploads\/2024\/03\/image-10.png?resize=575%2C324&#038;ssl=1\" alt=\"\" class=\"wp-image-126630\" style=\"width:472px;height:auto\" srcset=\"https:\/\/i0.wp.com\/www.rdpemancipation.org\/wp-content\/uploads\/2024\/03\/image-10.png?w=575&amp;ssl=1 575w, https:\/\/i0.wp.com\/www.rdpemancipation.org\/wp-content\/uploads\/2024\/03\/image-10.png?resize=300%2C169&amp;ssl=1 300w\" sizes=\"auto, (max-width: 575px) 100vw, 575px\" \/><\/figure>\n\n\n\n<p><strong><mark style=\"background-color:rgba(0, 0, 0, 0);color:#ed1010\" class=\"has-inline-color\">10 mars<\/mark><\/strong><\/p>\n\n\n\n<p><a href=\"https:\/\/www.tsa-algerie.com\/israel-en-afrique-le-role-crucial-des-instructeurs-militaires\/\"><strong>Isra\u00ebl en Afrique : le r\u00f4le crucial des \u00ab instructeurs militaires \u00bb<\/strong><\/a> (TSA)<\/p>\n\n\n\n<p><a href=\"https:\/\/www.lemonde.fr\/un-si-proche-orient\/article\/2024\/03\/10\/de-la-dignite-du-peuple-palestinien_6221146_6116995.html\">De la dignit\u00e9 du peuple palestinien<\/a> -J-P Filiu (Le Monde)<a href=\"https:\/\/www.francetvinfo.fr\/monde\/proche-orient\/israel-palestine\/guerre-entre-israel-et-le-hamas-joe-biden-juge-que-benjamin-netanyahu-fait-plus-de-mal-que-de-bien-a-israel_6415624.html\"><\/a><\/p>\n\n\n\n<p><a href=\"https:\/\/www.francetvinfo.fr\/monde\/proche-orient\/israel-palestine\/guerre-entre-israel-et-le-hamas-joe-biden-juge-que-benjamin-netanyahu-fait-plus-de-mal-que-de-bien-a-israel_6415624.html\"><strong>Joe Biden juge que Benyamin N\u00e9tanyahou \u00ab\u00a0fait plus de mal que de bien \u00e0 Isra\u00ebl\u00a0\u00bb<\/strong><\/a> (France Info)<\/p>\n\n\n\n<p><a href=\"https:\/\/algeria-watch.org\/?p=92081\">L\u2019UNRWA contre-attaque : \u00abNos employ\u00e9s nous ont rapport\u00e9 des choses atroces subies au cours de leur d\u00e9tention\u00bb<\/a> (El Watan)<\/p>\n\n\n\n<p><a href=\"https:\/\/algeria-watch.org\/?p=92063\">Washington mise sur l\u2019apr\u00e8s-Netanyahu<\/a> (El Watan)<\/p>\n\n\n\n<p><a href=\"https:\/\/algeria-watch.org\/?p=92055\">Apr\u00e8s son blocage par les USA, la d\u00e9claration de l\u2019Alg\u00e9rie adopt\u00e9e : L\u2019ONU \u00abexige\u00bb la protection des civils<\/a> (El Watan)<\/p>\n\n\n\n<p><strong><mark style=\"background-color:rgba(0, 0, 0, 0);color:#ed1010\" class=\"has-inline-color\">9 mars<\/mark><\/strong><\/p>\n\n\n\n<p><a href=\"https:\/\/www.liberation.fr\/international\/moyen-orient\/guerre-hamas-israel-des-milliers-de-manifestants-a-paris-et-plusieurs-villes-de-france-pour-un-cessez-le-feu-a-gaza-20240309_PIVQZ23UE5A3THVW7B3MSCVTI4\/\" target=\"_blank\" rel=\"noreferrer noopener\">Des milliers de manifestants \u00e0 Paris et plusieurs villes de France pour un \u00abcessez-le-feu\u00bb \u00e0 Gaza<\/a> (Lib\u00e9ration)<\/p>\n\n\n\n<p><a href=\"https:\/\/www.lemonde.fr\/international\/article\/2024\/03\/09\/a-gaza-de-nouveaux-temoignages-sur-le-massacre-de-la-farine_6221048_3210.html\">A Gaza, de nouveaux t\u00e9moignages sur le \u00ab&nbsp;massacre de la farine&nbsp;\u00bb<\/a> (Le Monde)<\/p>\n\n\n\n<p><a href=\"https:\/\/alencontre.org\/ameriques\/americnord\/usa\/etats-unis-gaza-une-jetee-temporaire-et-un-blocus-permanent-biden-et-sa-mascarade.html\">USA-Gaza. \u00abUne jet\u00e9e temporaire et un blocus permanent. Biden et sa mascarade\u00bb&nbsp;<\/a>(A l\u2019Encontre)<\/p>\n\n\n\n<p><a href=\"https:\/\/lanticapitaliste.org\/actualite\/international\/usa-le-mouvement-des-non-engages-pour-la-defense-de-la-palestine\">USA : Le mouvement des non-engag\u00e9s pour la d\u00e9fense de la Palestine<\/a> (L\u2019Anticapitaliste)<\/p>\n\n\n\n<p><strong><a href=\"https:\/\/www.alternatives-economiques.fr\/vincent-lemire-vision-dun-sempiternel-conflit-entre-juifs-musulm\/00109884\" target=\"_blank\" rel=\"noreferrer noopener\">La vision d\u2019un sempiternel conflit entre juifs et musulmans est historiquement fausse<\/a>&nbsp;<\/strong>(Alter \u00e9co)<\/p>\n\n\n\n<p><strong><mark style=\"background-color:rgba(0, 0, 0, 0);color:#ed1010\" class=\"has-inline-color\">7 et 8 mars<\/mark><\/strong><\/p>\n\n\n\n<p><a href=\"https:\/\/www.ldh-france.org\/gaza-cessez-le-feu-immediat-et-permanent\/\"><strong>Gaza&nbsp;<\/strong>: cessez-le-feu imm\u00e9diat et permanent !<\/a>&nbsp;(LDH)<\/p>\n\n\n\n<p><a href=\"https:\/\/orientxxi.info\/magazine\/le-calvaire-etouffe-des-palestiniennes,7121\">Le calvaire \u00e9touff\u00e9 des Palestiniennes<\/a>&nbsp;(Orient XXI)<a href=\"https:\/\/www.francetvinfo.fr\/monde\/proche-orient\/israel-palestine\/guerre-entre-israel-et-le-hamas-ou-en-sont-les-negociations-en-vue-d-une-treve-a-gaza_6411658.html\"><\/a><\/p>\n\n\n\n<p><a href=\"https:\/\/www.francetvinfo.fr\/monde\/proche-orient\/israel-palestine\/guerre-entre-israel-et-le-hamas-ou-en-sont-les-negociations-en-vue-d-une-treve-a-gaza_6411658.html\">Guerre entre Isra\u00ebl et le Hamas : o\u00f9 en sont les n\u00e9gociations en vue d\u2019une tr\u00eave \u00e0 Gaza ?<\/a>&nbsp;(France Info)<\/p>\n\n\n\n<p><a href=\"https:\/\/www.mediapart.fr\/journal\/politique\/080324\/avec-rima-hassan-lfi-met-gaza-au-coeur-de-la-campagne-des-europeennes\">Avec Rima Hassan, LFI met Gaza au c\u0153ur de la campagne des europ\u00e9ennes<\/a>&nbsp;(M\u00e9diapart)<\/p>\n\n\n\n<p><a href=\"https:\/\/www.contretemps.eu\/8-mars-greve-feministe-pour-gaza\/\"><strong>8 mars : gr\u00e8ve f\u00e9ministe pour Gaza !<\/strong><\/a>&nbsp;(Contretemps)<\/p>\n\n\n\n<p><a href=\"https:\/\/www.lemediatv.fr\/emissions\/2024\/nous-medecins-sommes-temoins-dun-genocide-de-retour-de-gaza-ils-racontent-lhorreur-R5kdKhYBS7mn7hPSpLRhLQ\" target=\"_blank\" rel=\"noreferrer noopener\">\u00ab\u00a0Nous m\u00e9decins, sommes t\u00e9moins d&rsquo;un g\u00e9nocide\u00a0\u00bb : de retour de Gaza, ils racontent l&rsquo;horreur<\/a>&nbsp;(Le M\u00e9dia)<\/p>\n\n\n\n<p><a href=\"https:\/\/www.humanite.fr\/monde\/aide-humanitaire\/guerre-a-gaza-des-kilometres-de-files-de-camions-humanitaires-bloques-en-egypte\" target=\"_blank\" rel=\"noreferrer noopener\">Gaza : \u00ab Des kilom\u00e8tres de files de camions humanitaires bloqu\u00e9s en \u00c9gypte \u00bb<\/a>&nbsp;(L\u2019Humanit\u00e9)<\/p>\n\n\n\n<p><a href=\"https:\/\/www.humanite.fr\/monde\/gaza\/anne-sinclair-la-journaliste-denonce-la-guerre-a-gaza-dans-une-tribune-dans-le-point\" target=\"_blank\" rel=\"noreferrer noopener\">Anne Sinclair, la journaliste d\u00e9nonce la guerre \u00e0 Gaza dans une tribune dans le Point<\/a>&nbsp;(L\u2019Humanit\u00e9)<\/p>\n\n\n\n<p><a href=\"https:\/\/alencontre.org\/ameriques\/americnord\/usa\/sur-la-question-de-la-palestine-comment-israel-a-cherche-a-faire-taire-les-premiers-contestataires-juifs-etats-uniens.html\">Sur la question de la Palestine, comment Isra\u00ebl a cherch\u00e9 \u00e0 faire taire les premiers contestataires juifs \u00e9tats-uniens&nbsp;<\/a>&nbsp;(A l\u2019Encontre)<\/p>\n\n\n\n<p><a href=\"https:\/\/blogs.mediapart.fr\/afps-association-france-palestine-solidarite\/blog\/070324\/israel-les-prisons-de-la-terreur\">Isra\u00ebl : les prisons de la terreur<\/a> (Association France Palestine Solidarit\u00e9)<\/p>\n\n\n\n<p><a href=\"https:\/\/link.newsletter.franceculture.fr\/m\/ml\/7429\/858216\/pP3u76b1vDmgU2QgVLjtp29C5lXTLJmivm821gAfcU8=\/p-t1IJFlO+xvfiOwJ5DAcTnHovyPiWDxYqfSE+y2Fro=\/\" target=\"_blank\" rel=\"noreferrer noopener\">Gaza&nbsp;: l\u2019aide humanitaire au coeur de la guerre<\/a> (France Culture)<\/p>\n\n\n\n<p><strong><a href=\"https:\/\/www.francetvinfo.fr\/monde\/proche-orient\/israel-palestine\/toutes-les-preuves-etaient-la-quelques-jours-avant-l-attaque-du-7-octobre-des-soldates-israeliennes-avaient-alerte-les-autorites_6408196.html\">\u00ab&nbsp;Toutes les preuves \u00e9taient l\u00e0&nbsp;\u00bb : quelques jours avant les attaques du Hamas, des soldates isra\u00e9liennes avaient alert\u00e9 les autorit\u00e9s<\/a>&nbsp;<\/strong>(France Info)<\/p>\n\n\n\n<p><a href=\"https:\/\/www.francetvinfo.fr\/monde\/proche-orient\/israel-palestine\/direct-guerre-entre-israel-et-le-hamas-la-situation-a-gaza-est-une-honte-pour-la-civilisation-selon-le-chef-de-la-diplomatie-chinoise_6409252.html\">Les n\u00e9gociations sur une tr\u00eave dans la bande de&nbsp;<strong>Gaza<\/strong>&nbsp;ne \u00ab&nbsp;sont pas rompues&nbsp;\u00bb, estime Washington<\/a>&nbsp;(Le direct de France Info)<\/p>\n\n\n\n<p><a href=\"https:\/\/www.rfi.fr\/fr\/moyen-orient\/20240307-discussions-sur-une-tr%C3%AAve-%C3%A0-gaza-la-d%C3%A9l%C3%A9gation-du-hamas-quitte-le-caire\">Discussions sur une tr\u00eave \u00e0 Gaza : la d\u00e9l\u00e9gation du Hamas quitte Le Caire<\/a>&nbsp;(RFI)<\/p>\n\n\n\n<p><a href=\"https:\/\/www.lemonde.fr\/economie\/article\/2024\/03\/08\/l-egypte-empetree-dans-la-crise-economique-brade-ses-terres-et-infrastructures-aux-pays-du-golfe_6220836_3234.html\">L\u2019<strong>Egypte,<\/strong> emp\u00eatr\u00e9e dans la crise \u00e9conomique, brade ses terres et infrastructures aux pays du Golfe<\/a> (Le Monde<\/p>\n\n\n\n<p><strong><mark style=\"background-color:rgba(0, 0, 0, 0);color:#ed1010\" class=\"has-inline-color\">6 mars<\/mark><\/strong><\/p>\n\n\n\n<p><strong><a href=\"https:\/\/www.lemonde.fr\/idees\/article\/2024\/03\/06\/gaza-l-injustifiable-politique-de-la-terre-brulee-d-israel_6220433_3232.html\">Gaza&nbsp;: l\u2019injustifiable politique de la terre br\u00fbl\u00e9e d\u2019Isra\u00ebl<\/a>&nbsp;<\/strong>(Le Monde, \u00e9ditorial)<\/p>\n\n\n\n<p><a href=\"https:\/\/brunobertez.com\/2024\/03\/06\/extension-de-la-famine-a-gaza\/\">Isra\u00ebl\/Palestine. Extension de la famine \u00e0 Gaza<\/a>&nbsp;(Bruno Bertez)<\/p>\n\n\n\n<p><a href=\"https:\/\/blogs.mediapart.fr\/francaises-juives-et-francais-juifs-pour-un-cessez-le-feu\/blog\/060324\/nous-francaises-juives-et-francais-juifs-appelons-un\">Nous, Fran\u00e7aises juives et Fran\u00e7ais juifs, appelons \u00e0 un cessez-le-feu imm\u00e9diat et durable \u00e0 Gaza<\/a>&nbsp;(Club de M\u00e9diapart, Tribune)<\/p>\n\n\n\n<p><a href=\"https:\/\/www.huffingtonpost.fr\/international\/article\/israel-le-cabinet-de-guerre-de-benjamin-netanyahu-au-bord-de-l-implosion_230852.html\">En pleines n\u00e9gociations sur Gaza, le cabinet de guerre de Netanyahu au bord de l\u2019implosion<\/a>&nbsp;(Huffpost)<\/p>\n\n\n\n<p><a href=\"https:\/\/www.mediapart.fr\/journal\/international\/050324\/un-rapport-de-l-onu-confirme-des-crimes-sexuels-du-hamas-le-7-octobre\">Un rapport de l\u2019ONU confirme des crimes sexuels du Hamas le 7&nbsp;octobre\u2026<\/a>&nbsp;Mais pas que\u2026 (M\u00e9diapart)<\/p>\n\n\n\n<p><strong><a href=\"https:\/\/orientxxi.info\/magazine\/aaron-bushnell-le-soldat-americain-qui-s-est-immole-pour-gaza,7114\">Aaron Bushnell, le soldat am\u00e9ricain qui s\u2019est immol\u00e9 pour Gaza<\/a>&nbsp;<\/strong>(Orient XXI)<\/p>\n\n\n\n<p><a href=\"https:\/\/www.chroniquepalestine.com\/hypocrisie-et-genocide-gaza-a-expose-occident-comme-jamais-auparavant\/\">Hypocrisie et g\u00e9nocide : Gaza a expos\u00e9 l\u2019Occident comme jamais auparavant<\/a>&nbsp;(Chronique de Palestine)<\/p>\n\n\n\n<p><a href=\"https:\/\/euromedmonitor.org\/en\/article\/6202\">Les chars isra\u00e9liens ont d\u00e9lib\u00e9r\u00e9ment \u00e9cras\u00e9 des dizaines de civils palestiniens vivants&nbsp;<\/a>(Rapport d\u2019Euro-Med Human Rights)<\/p>\n\n\n\n<p><a href=\"https:\/\/www.france24.com\/fr\/asie-pacifique\/20240304-l-iran-enregistre-son-taux-de-participation-le-plus-faible-pour-les-l%C3%A9gislatives\">L<strong>\u2018Iran&nbsp;<\/strong>enregistre son taux de participation le plus faible pour les l\u00e9gislatives<\/a> (France24)<\/p>\n\n\n\n<p><a href=\"https:\/\/www.middleeasteye.net\/fr\/actu-et-enquetes\/egypte-huit-hommes-politiques-de-lopposition-condamnes-la-peine-de-mort-lissue-dun\"><strong>\u00c9gypte<\/strong>&nbsp;: huit hommes politiques de l\u2019opposition condamn\u00e9s \u00e0 la peine de mort \u00e0 l\u2019issue d\u2019un proc\u00e8s de masse<\/a>&nbsp;(MEE)<\/p>\n\n\n\n<p><strong><mark style=\"background-color:rgba(0, 0, 0, 0);color:#ed1010\" class=\"has-inline-color\">5 mars<\/mark><\/strong><\/p>\n\n\n\n<p><a href=\"https:\/\/orientxxi.info\/magazine\/italie-faut-il-etre-un-alien-pour-pouvoir-parler-du-genocide-a-gaza,7108\">Italie. Faut-il \u00eatre un alien pour pouvoir parler du g\u00e9nocide \u00e0&nbsp;<strong>Gaza<\/strong>&nbsp;?<\/a>&nbsp;(Orient XXI)<\/p>\n\n\n\n<p><a href=\"https:\/\/orientxxi.info\/magazine\/cour-internationale-de-justice-ou-cour-penale-internationale-qui-peut-aider-le,7089\">Cour internationale de justice ou Cour p\u00e9nale internationale. Qui peut aider les&nbsp;<strong>Palestiniens<\/strong>&nbsp;?<\/a>&nbsp;(Orient XXI)<\/p>\n\n\n\n<p><a href=\"https:\/\/orientxxi.info\/magazine\/les-meandres-de-la-strategie-chinoise,7092\"><strong>Palestine<\/strong>&nbsp;: les m\u00e9andres de la strat\u00e9gie&nbsp;<strong>chinoise<\/strong><\/a>&nbsp;(Orient XXI)<\/p>\n\n\n\n<p><a href=\"https:\/\/www.blast-info.fr\/articles\/2024\/la-catastrophe-environnementale-lautre-menace-pour-gaza-YIvhNtfWR6SZPOgDFO6BDw\">La catastrophe environnementale, l\u2019autre menace pour&nbsp;<strong>Gaza<\/strong><\/a>&nbsp;(Blast)<\/p>\n\n\n\n<p><a href=\"https:\/\/www.humanite.fr\/monde\/benjamin-netanyahou\/guerre-a-gaza-pourquoi-ladministration-biden-evoque-enfin-un-cessez-le-feu\"><strong>Gaza&nbsp;<\/strong>: pourquoi l\u2019administration Biden \u00e9voque enfin un cessez-le-feu ?<\/a>&nbsp;(L\u2019Humanit\u00e9)<\/p>\n\n\n\n<p><a href=\"https:\/\/www.mediapart.fr\/journal\/international\/010324\/enquete-sur-la-campagne-d-israel-pour-tuer-l-unrwa-l-agence-de-l-onu-pour-les-palestiniens\"><strong>Enqu\u00eate sur la campagne d\u2019Isra\u00ebl pour tuer l\u2019UNRWA<\/strong><\/a> (M\u00e9diapart)<\/p>\n\n\n\n<p><strong><mark style=\"background-color:rgba(0, 0, 0, 0);color:#ed1010\" class=\"has-inline-color\">4 mars<\/mark><\/strong><\/p>\n\n\n\n<p><strong><a href=\"https:\/\/www.rfi.fr\/fr\/en-bref\/20240304-tr%C3%AAve-%C3%A0-gaza-deuxi%C3%A8me-jour-de-n%C3%A9gociations-au-caire-un-progr%C3%A8s-significatif-tv-%C3%A9gyptienne\">Tr\u00eave \u00e0 Gaza : deuxi\u00e8me jour de n\u00e9gociations au Caire, un \u00abprogr\u00e8s significatif\u00bb (TV \u00e9gyptienne)<\/a>&nbsp;<\/strong>(RFI)<\/p>\n\n\n\n<p><a href=\"https:\/\/www.rfi.fr\/fr\/moyen-orient\/20240303-isra%C3%ABl-la-visite-aux-%C3%A9tats-unis-de-benny-gantz-provoque-la-col%C3%A8re-de-benyamin-netanyahu\">Isra\u00ebl : la visite aux \u00c9tats-Unis de Benny Gantz provoque la col\u00e8re de Benyamin Netanyahu<\/a>&nbsp;(RFI)<\/p>\n\n\n\n<p><strong><a href=\"https:\/\/www.lemonde.fr\/international\/article\/2024\/03\/04\/guerre-israel-hamas-la-vice-presidente-americaine-kamala-harris-appelle-a-un-cessez-le-feu-immediat-a-gaza_6219849_3211.html\">La vice-pr\u00e9sidente am\u00e9ricaine, Kamala Harris, appelle \u00e0 un \u00ab&nbsp;cessez-le-feu imm\u00e9diat&nbsp;\u00bb \u00e0 Gaza<\/a><\/strong>&nbsp;(Le Monde)<\/p>\n\n\n\n<p><a href=\"https:\/\/www.middleeasteye.net\/fr\/opinion-fr\/guerre-gaza-les-etats-unis-gagnent-du-temps-pour-permettre-le-genocide-israelien\"><strong>Gaza<\/strong>&nbsp;: les \u00c9tats-Unis gagnent du temps pour permettre le g\u00e9nocide isra\u00e9lien<\/a>&nbsp;(MEE)<\/p>\n\n\n\n<p><a href=\"https:\/\/www.middleeasteye.net\/fr\/actu-et-enquetes\/guerre-gaza-des-images-montrent-un-vehicule-blinde-israelien-ecraser-un-detenu\"><strong>Gaza<\/strong>&nbsp;: des images montrent un v\u00e9hicule blind\u00e9 isra\u00e9lien \u00e9craser un d\u00e9tenu palestinien<\/a>&nbsp;(MEE)<\/p>\n\n\n\n<p><a href=\"https:\/\/www.alternatives-economiques.fr\/herve-nathan\/trois-livres-comprendre-guerre-de-gaza-ne-desesperer-complete\/00109917\" target=\"_blank\" rel=\"noreferrer noopener\">Trois livres pour comprendre la guerre de Gaza, et ne pas d\u00e9sesp\u00e9rer compl\u00e8tement<\/a>&nbsp;(Alter \u00e9co)<\/p>\n\n\n\n<p><a href=\"https:\/\/blogs.mediapart.fr\/internationale-progressiste\/blog\/010324\/nous-ne-serons-pas-complices-de-la-violation-du-droit-international-par-israel\"><strong>\u00abNous ne serons pas complices de la violation du droit international par Isra\u00ebl\u00bb<\/strong><\/a> Plus de 200 l\u00e9gislateurs de 13 pays s&rsquo;unissent pour s&rsquo;opposer aux exportations d&rsquo;armes provenant de leur pays \u00e0 destination d&rsquo;Isra\u00ebl. (Internationale Progressiste)<\/p>\n\n\n\n<p><a href=\"https:\/\/lecridespeuples.substack.com\/p\/comment-les-medias-occidentaux-rapportent?utm_source=post-email-title&amp;publication_id=2206131&amp;post_id=142252215&amp;utm_campaign=email-post-title&amp;isFreemail=true&amp;r=9slaa&amp;triedRedirect=true&amp;utm_medium=email\">Comment les m\u00e9dias occidentaux rapportent un massacre isra\u00e9lien<\/a>&nbsp;(Le cri des peuples)<\/p>\n\n\n\n<p><a href=\"https:\/\/schweizer-standpunkt.ch\/news-detailansicht-fr-international\/le-mythe-de-la-democratie-israelienne.html\">Isra\u00ebl.&nbsp;<\/a><a href=\"https:\/\/schweizer-standpunkt.ch\/news-detailansicht-fr-international\/le-mythe-de-la-democratie-israelienne.html\">Le mythe de la \u00abd\u00e9mocratie\u00bb isra\u00e9lienne<\/a>&nbsp;(Point de vue suisse)<\/p>\n\n\n\n<p><a href=\"https:\/\/www.lorientlejour.com\/article\/1369976\/-la-guerre-contre-le-hezbollah-sera-plus-destructrice-et-sanglante-que-nous-ne-limaginons-estime-un-rapport-israelien.html?utm_source=olj&amp;utm_medium=email&amp;utm_campaign=alaune\">\u00ab&nbsp;<\/a><a href=\"https:\/\/www.lorientlejour.com\/article\/1369976\/-la-guerre-contre-le-hezbollah-sera-plus-destructrice-et-sanglante-que-nous-ne-limaginons-estime-un-rapport-israelien.html?utm_source=olj&amp;utm_medium=email&amp;utm_campaign=alaune\"><em>La guerre contre le Hezbollah sera plus destructrice et sanglante que nous ne l\u2019imaginons<\/em><\/a><a href=\"https:\/\/www.lorientlejour.com\/article\/1369976\/-la-guerre-contre-le-hezbollah-sera-plus-destructrice-et-sanglante-que-nous-ne-limaginons-estime-un-rapport-israelien.html?utm_source=olj&amp;utm_medium=email&amp;utm_campaign=alaune\">&nbsp;\u00bb, estime un rapport isra\u00e9lien<\/a>&nbsp;(L\u2019Orient-le Jour)<\/p>\n\n\n\n<p><strong><mark style=\"background-color:rgba(0, 0, 0, 0);color:#ed1010\" class=\"has-inline-color\">2 mars<\/mark><\/strong><\/p>\n\n\n\n<p><a href=\"https:\/\/www.mediapart.fr\/journal\/fil-dactualites\/020324\/israel-accepte-une-treve-gaza-la-balle-dans-le-camp-du-hamas-selon-washington\"><strong>Isra\u00ebl&nbsp;<\/strong>a accept\u00e9 une tr\u00eave \u00e0 Gaza, \u00ab&nbsp;la balle dans le camp du Hamas&nbsp;\u00bb, selon Washington<\/a>&nbsp;(AFP)<a href=\"https:\/\/www.francetvinfo.fr\/monde\/proche-orient\/israel-palestine\/guerre-entre-israel-et-le-hamas-l-onu-temoigne-depuis-l-hopital-al-shifa-a-gaza_6399973.html\"><\/a><\/p>\n\n\n\n<p><a href=\"https:\/\/www.francetvinfo.fr\/monde\/proche-orient\/israel-palestine\/guerre-entre-israel-et-le-hamas-l-onu-temoigne-depuis-l-hopital-al-shifa-a-gaza_6399973.html\">Guerre entre Isra\u00ebl et le Hamas : l\u2019ONU t\u00e9moigne depuis l\u2019h\u00f4pital Al-Shifa, \u00e0 Gaza<\/a>&nbsp;(France info)<a href=\"https:\/\/www.rfi.fr\/fr\/en-bref\/20240302-les-%C3%A9tats-unis-ont-commenc%C3%A9-les-largages-a%C3%A9riens-d-aide-sur-gaza\"><\/a><\/p>\n\n\n\n<p><a href=\"https:\/\/www.rfi.fr\/fr\/en-bref\/20240302-les-%C3%A9tats-unis-ont-commenc%C3%A9-les-largages-a%C3%A9riens-d-aide-sur-gaza\">Les \u00c9tats-Unis ont commenc\u00e9 les largages a\u00e9riens d\u2019aide sur Gaza<\/a>&nbsp;(RFI)<\/p>\n\n\n\n<p><a href=\"https:\/\/www.ldh-france.org\/stop-au-massacre-et-a-la-famine-a-gaza-ne-laissons-pas-le-pouvoir-israelien-affamer-tout-un-peuple\/\">Stop au massacre et \u00e0 la famine \u00e0 Gaza : ne laissons pas le pouvoir isra\u00e9lien affamer tout un peuple !<\/a>&nbsp;(LDH)<\/p>\n\n\n\n<p><a href=\"https:\/\/www.blast-info.fr\/emissions\/2024\/un-medecin-de-msf-raconte-lhorreur-limpuissance-et-le-desespoir-a-gaza-dI-02bjWQA-OrUkKOtnN3w\">Un m\u00e9decin de MSF raconte l\u2019horreur, l\u2019impuissance et le d\u00e9sespoir \u00e0 Gaza<\/a>&nbsp;(Blast)<\/p>\n\n\n\n<p><a href=\"https:\/\/algeria-watch.org\/?p=91976\">Ghaza enregistre le pire niveau de malnutrition au monde<\/a>&nbsp;(El Watan)<\/p>\n\n\n\n<p><a href=\"https:\/\/www.fidh.org\/fr\/regions\/maghreb-moyen-orient\/israel-palestine\/justice-pour-les-deux-defenseuses-des-droits-humains-palestiniennes\">Justice pour les deux d\u00e9fenseures des droits humains palestiniennes assassin\u00e9es \u00e0 Gaza avec leurs familles<\/a> (FIDH)<\/p>\n\n\n\n<p><a href=\"https:\/\/www.mediapart.fr\/journal\/international\/010324\/enquete-sur-la-campagne-d-israel-pour-tuer-l-unrwa-l-agence-de-l-onu-pour-les-palestiniens\"><strong>Enqu\u00eate sur la campagne d\u2019Isra\u00ebl pour tuer l\u2019UNRWA<\/strong><\/a><a> (<\/a>M\u00e9diapart)<\/p>\n\n\n\n<p><strong><mark style=\"background-color:rgba(0, 0, 0, 0);color:#ed1010\" class=\"has-inline-color\">1er mars<\/mark><\/strong><\/p>\n\n\n\n<p><a href=\"https:\/\/www.boursorama.com\/actualite-economique\/actualites\/gaza-l-egypte-confiante-en-un-cessez-le-feu-avant-le-ramadan-ministre-b90c009e27acc168a9ea5b0e99cc947e\"><strong>Gaza&nbsp;<\/strong>\u2013 L\u2019Egypte confiante en un cessez-le-feu avant le ramadan<\/a>&nbsp;(Reuters)<\/p>\n\n\n\n<p><strong><a href=\"https:\/\/www.boursorama.com\/videos\/actualites\/gaza-condamnations-internationales-apres-les-tirs-israeliens-sur-un-convoi-d-aide-95edcb3fed7f47e17190aca77cd65a84\">Gaza : condamnations internationales apr\u00e8s les tirs isra\u00e9liens sur un convoi d\u2019aide<\/a>&nbsp;<\/strong>(France 24)<strong>&nbsp;&nbsp;<\/strong><\/p>\n\n\n\n<p><a href=\"https:\/\/www.boursorama.com\/actualite-economique\/actualites\/gaza-sept-otages-tues-par-les-bombardements-israeliens-selon-le-hamas-217391e6adca83e6dd5d6bfa28e9dca8\">Gaza \u2013 Sept otages tu\u00e9s par les bombardements isra\u00e9liens, selon le Hamas<\/a>&nbsp;(Reuters)<\/p>\n\n\n\n<p><a href=\"https:\/\/www.humanite.fr\/monde\/bande-de-gaza\/le-parlement-europeen-appelle-a-un-cessez-le-feu-immediat-et-permanent-a-gaza\">Le Parlement europ\u00e9en appelle \u00e0 un cessez-le-feu imm\u00e9diat et permanent \u00e0 Gaza<\/a>&nbsp;(L\u2019Humanit\u00e9)<\/p>\n\n\n\n<p><a href=\"https:\/\/www.liberation.fr\/international\/moyen-orient\/gaza-104-palestiniens-tues-par-balles-par-larmee-israelienne-lors-dune-distribution-daide-humanitaire-20240229_MRK56LNQQBFGZOKAMO4YDD3QH4\/\"><strong>Tirs de Tsahal \u00e0 Gaza&nbsp;: 104 Palestiniens tu\u00e9s lors d\u2019une distribution d\u2019aide humanitaire<\/strong><\/a> (Lib\u00e9ration acc\u00e8s libre)<\/p>\n\n\n\n<p><a><\/a><a href=\"https:\/\/www.middleeasteye.net\/fr\/reportages\/abus-sexuels-et-passages-tabac-le-calvaire-dune-mere-palestinienne-detenue-par-israel\">Abus sexuels et passages \u00e0 tabac : le calvaire d\u2019une m\u00e8re&nbsp;<strong>palestinienne<\/strong>&nbsp;d\u00e9tenue par Isra\u00ebl<\/a>&nbsp;(MEE)<\/p>\n\n\n\n<p><a href=\"https:\/\/www.blast-info.fr\/articles\/2024\/israel-tue-des-journalistes-a-gaza-pourquoi-un-tel-silence-eDCSjim_RkqgKVo53Krq1A\"><strong>Isra\u00ebl<\/strong>&nbsp;tue des journalistes \u00e0 Gaza : pourquoi un tel silence ?<\/a>&nbsp;(Blast)<\/p>\n\n\n\n<p><a href=\"https:\/\/alencontre.org\/moyenorient\/palestine\/cisjordanie-a-jenine-les-raids-israeliens-provoquent-une-inevitable-resistance-militaire-unie-de-jeunes-palestiniens.html\"><strong>Cisjordanie<\/strong>. \u00abA J\u00e9nine, les raids isra\u00e9liens provoquent une in\u00e9vitable r\u00e9sistance militaire, unie, de jeunes Palestiniens\u00bb&nbsp;<\/a>&nbsp;(A l\u2019Encontre)<\/p>\n\n\n\n<p><a href=\"https:\/\/english.enabbaladi.net\/archives\/2024\/02\/regimes-security-forces-open-fire-to-disperse-demonstration-in-as-suwayda\/\">En&nbsp;<strong>Syrie<\/strong>, les forces de s\u00e9curit\u00e9 du r\u00e9gime ouvrent le feu pour disperser une manifestation<\/a>&nbsp;(Enab Baladi)<\/p>\n\n\n\n<p><a href=\"https:\/\/www.rfi.fr\/fr\/moyen-orient\/20240227-la-france-livre-t-elle-toujours-des-armes-%C3%A0-isra%C3%ABl-pour-bombarder-la-bande-de-gaza\"><strong>La France livre-t-elle toujours des armes \u00e0 Isra\u00ebl pour bombarder la bande de Gaza?<\/strong><\/a>&nbsp;(RFI, \u00e9clairage)<\/p>\n\n\n\n<p><a href=\"https:\/\/www.boursorama.com\/actualite-economique\/actualites\/gaza-l-ue-verse-un-premier-montant-de-50-mlns-d-euros-a-l-unrwa-98574200e07d78a1ebca45f7114339e2\"><strong>Gaza<\/strong> &#8211; L&rsquo;UE verse un premier montant de 50 mlns d&rsquo;euros \u00e0 l&rsquo;UNRWA<\/a> (Reuters)<\/p>\n\n\n\n<p><a href=\"https:\/\/www.middleeasteye.net\/fr\/opinion-fr\/guerre-gaza-pourquoi-les-palestiniens-remettent-en-doute-les-promesses-occidentales-dun\">Gaza : pourquoi les Palestiniens remettent en doute les promesses occidentales d\u2019un \u00c9tat ind\u00e9pendant<\/a> (MEE)<\/p>\n\n\n\n<p><a href=\"https:\/\/www.contretemps.eu\/gaza-le-laisser-faire-dun-genocide-filme-podcast\/\">Gaza : le laisser-faire d\u2019un g\u00e9nocide film\u00e9 [Podcast]<\/a> (Contretemps)<\/p>\n\n\n\n<p><\/p>\n","protected":false},"excerpt":{"rendered":"<p>27 mars Gaza : la France a fourni en secret des \u00e9quipements de mitrailleuses utilis\u00e9es par l\u2019arm\u00e9e isra\u00e9lienne\u00a0(Disclose) Les plans contrari\u00e9s de Washington&nbsp;(El Watan) Isra\u00ebl. Ofer, le Guantanamo isra\u00e9lien : Munther Amira t\u00e9moigne&nbsp;(Haaretz&nbsp;via&nbsp;Arr\u00eat sur info) Isra\u00ebl a menti et pr\u00e9sent\u00e9 de fausses \u00ab preuves \u00bb devant la Cour Internationale de Justice\u00a0(Les Crises) Les liaisons dangereuses &#8230; <a title=\"Mars &#8211; Proche &#038; Moyen-Orient\" class=\"read-more\" href=\"https:\/\/www.rdpemancipation.org\/?p=126161\" aria-label=\"En savoir plus sur Mars &#8211; Proche &#038; Moyen-Orient\">Lire la suite<\/a><\/p>\n","protected":false},"author":1,"featured_media":0,"comment_status":"closed","ping_status":"closed","sticky":false,"template":"","format":"standard","meta":{"_lmt_disableupdate":"","_lmt_disable":"","_jetpack_memberships_contains_paid_content":false,"footnotes":""},"categories":[18],"tags":[],"class_list":["post-126161","post","type-post","status-publish","format-standard","hentry","category-proche-moyen-orient"],"modified_by":"nch","jetpack_featured_media_url":"","jetpack_sharing_enabled":true,"_links":{"self":[{"href":"https:\/\/www.rdpemancipation.org\/index.php?rest_route=\/wp\/v2\/posts\/126161","targetHints":{"allow":["GET"]}}],"collection":[{"href":"https:\/\/www.rdpemancipation.org\/index.php?rest_route=\/wp\/v2\/posts"}],"about":[{"href":"https:\/\/www.rdpemancipation.org\/index.php?rest_route=\/wp\/v2\/types\/post"}],"author":[{"embeddable":true,"href":"https:\/\/www.rdpemancipation.org\/index.php?rest_route=\/wp\/v2\/users\/1"}],"replies":[{"embeddable":true,"href":"https:\/\/www.rdpemancipation.org\/index.php?rest_route=%2Fwp%2Fv2%2Fcomments&post=126161"}],"version-history":[{"count":30,"href":"https:\/\/www.rdpemancipation.org\/index.php?rest_route=\/wp\/v2\/posts\/126161\/revisions"}],"predecessor-version":[{"id":127178,"href":"https:\/\/www.rdpemancipation.org\/index.php?rest_route=\/wp\/v2\/posts\/126161\/revisions\/127178"}],"wp:attachment":[{"href":"https:\/\/www.rdpemancipation.org\/index.php?rest_route=%2Fwp%2Fv2%2Fmedia&parent=126161"}],"wp:term":[{"taxonomy":"category","embeddable":true,"href":"https:\/\/www.rdpemancipation.org\/index.php?rest_route=%2Fwp%2Fv2%2Fcategories&post=126161"},{"taxonomy":"post_tag","embeddable":true,"href":"https:\/\/www.rdpemancipation.org\/index.php?rest_route=%2Fwp%2Fv2%2Ftags&post=126161"}],"curies":[{"name":"wp","href":"https:\/\/api.w.org\/{rel}","templated":true}]}}