{"id":125023,"date":"2024-02-01T01:50:00","date_gmt":"2024-02-01T00:50:00","guid":{"rendered":"https:\/\/www.rdpemancipation.org\/?p=125023"},"modified":"2024-02-29T08:31:02","modified_gmt":"2024-02-29T07:31:02","slug":"fevrier-social-4","status":"publish","type":"post","link":"https:\/\/www.rdpemancipation.org\/?p=125023","title":{"rendered":"F\u00e9vrier &#8211; Social"},"content":{"rendered":"\n<p class=\"has-text-color has-link-color wp-elements-b711f2a395007d21ee01e0dacef70fdf\" style=\"color:#f20505\"><strong>29 f\u00e9vrier<\/strong><\/p>\n\n\n\n<p><a href=\"https:\/\/www.revolutionpermanente.fr\/Repression-de-l-activite-politique-etudiante-a-Nanterre-un-front-denonce-la-politique-de-la\">R\u00e9pression de l\u2019activit\u00e9 politique \u00e9tudiante \u00e0 Nanterre&nbsp;: un front d\u00e9nonce la politique de la Pr\u00e9sidence<\/a> (RP)<\/p>\n\n\n\n<p><strong><a href=\"https:\/\/www.revolutionpermanente.fr\/Ritchy-Thibault-enferme-50h-et-poursuivi-pour-avoir-interpelle-Macron-solidarite\">Ritchy Thibault, enferm\u00e9 50h et poursuivi pour avoir interpell\u00e9 Macron\u00a0: solidarit\u00e9\u00a0!<\/a> (RP)<\/strong><\/p>\n\n\n\n<p><a href=\"https:\/\/www.boursier.com\/actualites\/economie\/le-ministre-des-transports-affirme-qu-il-n-y-aura-pas-de-greve-pendant-les-jo-a-paris-50633.html\">Le ministre des Transports affirme qu&rsquo;il n&rsquo;y aura pas de gr\u00e8ve pendant les JO \u00e0 Paris<\/a> (Boursier com)<\/p>\n\n\n\n<p><strong>Gr\u00e8ves<\/strong><\/p>\n\n\n\n<p><a href=\"https:\/\/www.clicanoo.re\/article\/societe\/2024\/02\/28\/la-snt-cd974-et-le-samffa-en-greve-au-conseil-departemental-ce-jeudi\">La SNT CD974 et le SAMFFA en gr\u00e8ve au Conseil D\u00e9partemental ce jeudi<\/a> (Clicanoo)<\/p>\n\n\n\n<p><a href=\"https:\/\/www.revolutionpermanente.fr\/C-est-du-jamais-vu-Greve-massive-des-conducteurs-de-bus-de-Lacroix-pour-les-salaires\">\u00ab&nbsp;C\u2019est du jamais-vu&nbsp;\u00bb&nbsp;: Gr\u00e8ve massive des conducteurs de bus de Lacroix pour les salaires <\/a>(RP)<\/p>\n\n\n\n<p><a href=\"https:\/\/www.revolutionpermanente.fr\/Reconductible-a-Paul-Eluard-la-mobilisation-se-construit-contre-la-casse-de-l-education\">Reconductible \u00e0 Paul Eluard&nbsp;: la mobilisation se construit contre la casse&nbsp;de&nbsp;l\u2019\u00e9ducation<\/a> (RP)<\/p>\n\n\n\n<p><a href=\"https:\/\/www.revolutionpermanente.fr\/Greve-l-usine-Bosch-de-Mondeville-a-l-arret-contre-la-menace-de-suppression-d-emplois\">Gr\u00e8ve&nbsp;: l\u2019usine Bosch de Mondeville \u00e0 l\u2019arr\u00eat contre la menace de suppression&nbsp;d\u2019emplois<\/a> (RP)<\/p>\n\n\n\n<p><a href=\"https:\/\/www.force-ouvriere.fr\/la-section-fec-fo-but-et-2-autres-organisations\">Gr\u00e8ve dans les magasins But le 1<sup>er<\/sup>&nbsp;mars 2024<\/a> (FO)<\/p>\n\n\n\n<p><a href=\"https:\/\/www.sudouest.fr\/gironde\/cestas\/greve-dans-les-centres-de-courriers-en-gironde-600-000-plis-en-attente-selon-les-syndicats-18758240.php\">Gr\u00e8ve dans les centres de courriers en Gironde&nbsp;: \u00ab&nbsp;600&nbsp;000&nbsp;plis en attente&nbsp;\u00bb, selon les syndicats<\/a> (Sud Ouest)<\/p>\n\n\n\n<p><a href=\"https:\/\/www.ladepeche.fr\/2024\/02\/29\/les-sapeurs-pompiers-du-bassin-aussi-en-greve-11795054.php\">Decazeville. Les sapeurs-pompiers du Bassin aussi en gr\u00e8ve<\/a> (La D\u00e9p\u00eache)<\/p>\n\n\n\n<p><a href=\"https:\/\/www.msn.com\/fr-fr\/actualite\/other\/culpabilit%C3%A9-%C3%A9puisement-pourquoi-les-soignants-des-urgences-du-mans-d%C3%A9butent-une-gr%C3%A8ve-illimit%C3%A9e\/ar-BB1j5ahI\">Culpabilit\u00e9, \u00e9puisement&#8230; pourquoi les soignants des urgences du Mans d\u00e9butent une gr\u00e8ve illimit\u00e9e<\/a> (RMC)<\/p>\n\n\n\n<p><a href=\"https:\/\/france3-regions.francetvinfo.fr\/auvergne-rhone-alpes\/isere\/grenoble\/elles-sont-poussees-a-la-demission-des-femmes-de-menage-en-greve-a-grenoble-contre-des-mutations-imposees-2932200.html\">Des femmes de m\u00e9nage en gr\u00e8ve \u00e0 Grenoble contre des mutations impos\u00e9es<\/a> (franceinfo)<\/p>\n\n\n\n<p><a href=\"https:\/\/lessablesdolonne.maville.com\/actu\/actudet_-aux-sables-d-olonne-des-agents-de-la-poste-en-greve-pour-demander-des-augmentations-de-salaire-_fil-6179350_actu.Htm\">Aux Sables-d\u2019Olonne, des agents de La Poste en gr\u00e8ve pour des augmentations de salaire<\/a>\u00a0(Ouest-France)<\/p>\n\n\n\n<p><strong>Monde<\/strong><\/p>\n\n\n\n<p><strong><a href=\"https:\/\/www.wsws.org\/fr\/articles\/2024\/02\/29\/cofx-f29.html\">Des milliers de travailleurs du textile en gr\u00e8ve dans la plus grande usine industrielle d&rsquo;\u00c9gypte<\/a> (WSWS)<\/strong><\/p>\n\n\n\n<p><a href=\"https:\/\/www.dhnet.be\/regions\/bruxelles\/2024\/02\/29\/tensions-sociales-chez-brussels-airlines-trois-vols-sur-dix-annules-par-brussels-airlines-lors-de-la-seconde-journee-de-greve-5X3V7F63XNGDXOYSCUBZ6XAZFY\/\"><strong>Brussels<\/strong> Airlines : Trois vols sur dix annul\u00e9s par Brussels Airlines lors de la seconde journ\u00e9e de gr\u00e8ve<\/a> (DH)<\/p>\n\n\n\n<p><a href=\"https:\/\/fr.africanews.com\/2024\/02\/28\/nigeria-manifestations-et-2-jours-de-greve-contre-la-cherte-de-la-vie\/\"><strong>Nig\u00e9ria<\/strong> : manifestations et 2 jours de gr\u00e8ve contre la chert\u00e9 de la vie<\/a> (Africa News)<\/p>\n\n\n\n<p><strong>Analyse<\/strong><\/p>\n\n\n\n<p><a href=\"https:\/\/www.contretemps.eu\/colere-agricole-joker-vert-statu-quo\/\">Col\u00e8re agricole&nbsp;: le \u00ab&nbsp;joker&nbsp;\u00bb vert au service du statu quo<\/a> (Contretemps)<\/p>\n\n\n\n<p><strong><a href=\"https:\/\/www.humanite.fr\/social-et-economie\/chatgpt\/en-entreprise-quand-lia-est-dans-la-place-les-salaries-sont-dans-limpasse\">En entreprise, quand l\u2019IA est dans la place, les salari\u00e9s sont dans l\u2019impasse<\/a> (l\u2019Humanit\u00e9)<\/strong><\/p>\n\n\n\n<p class=\"has-text-color has-link-color wp-elements-0375d15cc71f655d0beb7524c9ebeac2\" style=\"color:#f90707\"><strong>28 f\u00e9vrier<\/strong><\/p>\n\n\n\n<p><a href=\"https:\/\/www.youtube.com\/watch?v=JqCwK2_-7-A&amp;t=60s&amp;ab_channel=R%C3%A9volutionPermanente\">R\u00e9pression syndicale : quelle strat\u00e9gie ? &#8211; Christian Porta sur Le Media &#8211;&nbsp; Vid\u00e9o<\/a> (RP)<\/p>\n\n\n\n<p><a href=\"https:\/\/www.humanite.fr\/social-et-economie\/inflation\/precarite-les-banques-alimentaires-alertent-sur-le-desastre-sanitaire-cause-par-la-flambee-des-prix\">Pr\u00e9carit\u00e9&nbsp;: les Banques alimentaires alertent sur le d\u00e9sastre sanitaire caus\u00e9 par la flamb\u00e9e des prix <\/a>(l\u2019Humanit\u00e9)<\/p>\n\n\n\n<p><strong>Gr\u00e8ves<\/strong><\/p>\n\n\n\n<p><a href=\"https:\/\/rapportsdeforce.fr\/classes-en-lutte\/en-seine-saint-denis-la-greve-au-lieu-de-la-rentree-scolaire-un-signal-fort-en-direction-du-ministere-022720558\">En Seine-Saint-Denis, la gr\u00e8ve au lieu de la rentr\u00e9e scolaire : \u00ab un signal fort en direction du minist\u00e8re&nbsp;\u00bb<\/a> (R de F)<\/p>\n\n\n\n<p><a href=\"https:\/\/www.force-ouvriere.fr\/manifestation-au-siege-social-de-conforama-lognes-77-le-29\">Manifestation au si\u00e8ge social de Conforama (Lognes, 77) le 29 fevrier 2024 a 9 heures&nbsp;!<\/a> (FO)<\/p>\n\n\n\n<p><a href=\"https:\/\/www.courrier-picard.fr\/id498350\/article\/2024-02-27\/une-greve-au-sein-de-lusine-chimique-scott-bader-amiens\">Une gr\u00e8ve au sein de l\u2019usine chimique Scott Bader \u00e0 Amiens <\/a>(Courrier Picard)<\/p>\n\n\n\n<p><a href=\"https:\/\/www.ladepeche.fr\/2024\/02\/27\/greve-des-postiers-a-mirande-cest-lattitude-de-la-direction-qui-fait-durer-cette-greve-11791473.php\">Gr\u00e8ve des postiers \u00e0 Mirande : \u00ab\u00a0C&rsquo;est l&rsquo;attitude de la direction qui fait durer cette gr\u00e8ve\u00a0\u00bb<\/a> (La D\u00e9p\u00eache)<\/p>\n\n\n\n<p><a href=\"https:\/\/la1ere.francetvinfo.fr\/martinique\/vedettes-tropicales-de-martinique-2e-jour-de-greve-des-salaries-qui-denoncent-leurs-conditions-de-travail-1468341.html\">Vedettes de Martinique : 2e jour de gr\u00e8ve des salari\u00e9s qui d\u00e9noncent leurs conditions de travail<\/a> (franceinfo)<\/p>\n\n\n\n<p><a href=\"https:\/\/www.ladepeche.fr\/2024\/02\/27\/greve-des-pompiers-aveyronnais-la-mobilisation-continue-11790744.php\">Gr\u00e8ve des pompiers aveyronnais, la mobilisation continue<\/a> (La D\u00e9p\u00eache)<\/p>\n\n\n\n<p><a href=\"https:\/\/www.ouest-france.fr\/pays-de-la-loire\/brulon-72350\/brulon-fin-de-greve-a-fpee-un-accord-a-ete-trouve-8e5dc142-d55e-11ee-96ef-9660257def44\">Br\u00fblon. Fin de gr\u00e8ve \u00e0 FPEE, un accord a \u00e9t\u00e9 trouv\u00e9<\/a> (Ouest-France)<\/p>\n\n\n\n<p><a href=\"https:\/\/www.ouest-france.fr\/normandie\/mondeville-14120\/a-mondeville-80-pourcent-des-salaries-de-lusine-bosch-font-greve-7bf99d9c-d571-11ee-a613-258427ffa9f5\">\u00c0 Mondeville, 80&nbsp;% des salari\u00e9s de l\u2019usine Bosch font gr\u00e8ve<\/a> (Ouest-France)<\/p>\n\n\n\n<p><a href=\"https:\/\/www.franceguyane.fr\/regions\/guyane\/greve-a-la-poste-le-tribunal-examinera-laffaire-le-1er-mars-976691.php\">Gr\u00e8ve \u00e0 La Poste : le tribunal examinera l&rsquo;affaire le 1er mars<\/a> (France-Guyane)<\/p>\n\n\n\n<p><strong>Monde<\/strong><\/p>\n\n\n\n<p><a href=\"https:\/\/www.wsws.org\/fr\/articles\/2024\/02\/27\/mepb-f27.html\"><strong>USA<\/strong> : Alors que la col\u00e8re gronde apr\u00e8s les licenciements massifs de Stellantis, la faction UAWD couvre la bureaucratie Fain<\/a> (WSWS)<\/p>\n\n\n\n<p><a href=\"https:\/\/www.acadienouvelle.com\/atlantique\/2024\/02\/27\/pres-de-230-travailleurs-syndiques-de-lautoport-dhalifax-se-mettent-en-greve\/\"><strong>Canada<\/strong> : Pr\u00e8s de 230 travailleurs syndiqu\u00e9s de l\u2019Autoport d\u2019Halifax se mettent en gr\u00e8ve<\/a> (Acadie Nouvelle)<\/p>\n\n\n\n<p><a href=\"https:\/\/mosaiqueguinee.com\/greve-generale-la-tentative-de-recuperation-se-transforme-en-echec-la-population-a-tout-compris-par-mandian-sidibe\/\"><strong>Guin\u00e9e<\/strong> : Gr\u00e8ve g\u00e9n\u00e9rale : la tentative de r\u00e9cup\u00e9ration se transforme en \u00e9chec : la population a tout compris !<\/a>&nbsp; (Mosa\u00efque Guin\u00e9e)<\/p>\n\n\n\n<p><a href=\"https:\/\/www.lalibre.be\/economie\/entreprises-startup\/2024\/02\/27\/greve-maintenue-chez-brussels-airlines-par-la-csc-les-autres-syndicats-pourraient-embrayer-cest-gere-de-maniere-catastrophique-7ZIBOGM7TZHUTIGD7JYVXWZVNY\/\"><strong>Belgique<\/strong> : Gr\u00e8ve chez Brussels Airlines \u00e0 partir de mercredi: environ 20% des vols sont concern\u00e9s<\/a> (La Libre)<\/p>\n\n\n\n<p><a href=\"https:\/\/www.rts.ch\/info\/regions\/autres-cantons\/2024\/article\/greve-massive-de-la-fonction-publique-tessinoise-attendue-jeudi-28417991.html\"><strong>Suisse<\/strong> : Gr\u00e8ve massive de la fonction publique tessinoise attendue jeudi<\/a> (RTS)<\/p>\n\n\n\n<p><strong>Analyse<\/strong><\/p>\n\n\n\n<p><strong><a href=\"https:\/\/www.inegalites.fr\/precarite-energetique\">La pr\u00e9carit\u00e9 \u00e9nerg\u00e9tique est stable, mais jusqu\u2019\u00e0 quand&nbsp;?<\/a> (Observatoire des in\u00e9galit\u00e9s)<\/strong><\/p>\n\n\n\n<p><strong><a href=\"https:\/\/lvsl.fr\/lalgorithme-comme-outil-de-discrimination-salariale-quand-le-patron-duber-passe-aux-aveux\/\">L\u2019algorithme comme outil de discrimination salariale : quand le patron d\u2019UBER passe aux aveux<\/a> (LVSL)<\/strong><\/p>\n\n\n\n<p><a href=\"https:\/\/theconversation.com\/dans-les-hopitaux-le-mal-etre-des-soignants-face-a-lacceleration-du-rythme-de-travail-223946\">Dans les h\u00f4pitaux, le mal-\u00eatre des soignants face \u00e0 l\u2019acc\u00e9l\u00e9ration du rythme de&nbsp;travail<\/a> (The conversation)<\/p>\n\n\n\n<p class=\"has-text-color has-link-color wp-elements-e592ffd44a38b697e5be24d4de1e7ae9\" style=\"color:#f70505\"><strong>27 f\u00e9vrier<\/strong><\/p>\n\n\n\n<p><strong><a href=\"https:\/\/reporterre.net\/Agriculteurs-en-colere-Les-politiques-font-mourir-de-faim-ceux-qui-nourrissent-le-monde\">Lacrymos et canons \u00e0 eau&nbsp;: la col\u00e8re paysanne d\u00e9borde dans les rues de Bruxelles<\/a> (Reporterre)<\/strong><\/p>\n\n\n\n<p><strong><a href=\"https:\/\/www.youtube.com\/watch?v=E1Yn7k4mlBQ&amp;t=356s&amp;ab_channel=BLAST%2CLesouffledel%27info\">A69 : r\u00e9cit d\u2019un passage en force en toute ill\u00e9galit\u00e9<\/a> (Blast)<\/strong><\/p>\n\n\n\n<p><a href=\"https:\/\/www.force-ouvriere.fr\/fo-attaque-le-decret-supprimant-les-allocations-chomage-en-cas\">FO attaque le d\u00e9cret supprimant les allocations ch\u00f4mage en cas de refus de CDI \u00e0 l\u2019issue d\u2019un CDD<\/a> (FO)<\/p>\n\n\n\n<p><strong>Gr\u00e8ves<\/strong><\/p>\n\n\n\n<p><a href=\"https:\/\/solidaires.org\/sinformer-et-agir\/actualites-et-mobilisations\/sectorielles\/10-milliards-de-raisons-detre-massivement-en-greve-le-19-mars\/\">10 milliards de raisons d\u2019\u00eatre massivement en gr\u00e8ve le 19 mars !<\/a> (Solidaires)<\/p>\n\n\n\n<p><a href=\"https:\/\/www.liberation.fr\/societe\/education\/greve-des-profs-de-seine-saint-denis-quand-on-voit-les-conditions-de-travail-entre-nous-et-stanislas-il-y-a-deux-mondes-20240226_46NFEYIVHBETLHHTPW4DIX5Q4A\/\">Profs de Seine-Saint-Denis&nbsp;: \u00abQuand on voit les conditions de travail entre nous et Stanislas, il y a 2 mondes\u00bb<\/a> (Lib\u00e9ration)<\/p>\n\n\n\n<p><a href=\"https:\/\/lemans.maville.com\/sport\/detail_-des-salaries-de-fpee-a-brulon-en-greve-pour-reclamer-une-hausse-des-salaires-_fil-6176503_actu.Htm\">Des salari\u00e9s de FPEE \u00e0 Br\u00fblon en gr\u00e8ve pour r\u00e9clamer une hausse des salaires<\/a>&nbsp;(Ouest-France)<\/p>\n\n\n\n<p><a href=\"https:\/\/www.clicanoo.re\/article\/societe\/2024\/02\/26\/greve-reconduite-a-la-mfr\">Gr\u00e8ve reconduite \u00e0 la MFR<\/a> (Clicanoo)<\/p>\n\n\n\n<p><a href=\"https:\/\/actu.fr\/normandie\/l-aigle_61214\/fermetures-a-lhopital-de-laigle-en-colere-50-du-personnel-a-fait-greve_60749931.html\">Fermetures \u00e0 l&rsquo;h\u00f4pital de L&rsquo;Aigle : en col\u00e8re, 50% du personnel ont fait gr\u00e8ve<\/a> (Le R\u00e9veil Normand)<\/p>\n\n\n\n<p><a href=\"https:\/\/www.republicain-lorrain.fr\/social\/2024\/02\/26\/preavis-de-greve-de-la-cgt-territoriaux-ville-de-longwy-le-soutien-de-la-secretaire-generale-sophie-binet\">Pr\u00e9avis de gr\u00e8ve de la CGT territoriaux Ville de Longwy&nbsp;<\/a> (Le R\u00e9publicain Lorrain)<\/p>\n\n\n\n<p><a href=\"https:\/\/www.voltage.fr\/greve-des-conducteurs-de-bus-en-val-d-oise\">Gr\u00e8ve des conducteurs de bus dans le Val d\u2019Oise<\/a> (Voltage)<\/p>\n\n\n\n<p><a href=\"https:\/\/www.aisnenouvelle.fr\/id497905\/article\/2024-02-26\/greve-au-crous-en-picardie-le-personnel-bout\">Gr\u00e8ve au Crous en Picardie, le personnel \u00e0 bout<\/a> (L\u2019Aisne Nouvelle)<\/p>\n\n\n\n<p><strong>Monde<\/strong><\/p>\n\n\n\n<p><a href=\"https:\/\/www.wsws.org\/fr\/articles\/2024\/02\/26\/ysiq-f26.html\">Les licenciements collectifs se multiplient \u00e0 travers le <strong>Canada<\/strong> tandis que la hausse des taux d\u2019int\u00e9r\u00eat conduit l\u2019\u00e9conomie \u00e0 la r\u00e9cession<\/a> (WSWS)<\/p>\n\n\n\n<p><a href=\"https:\/\/www.rtbf.be\/article\/la-greve-des-travailleurs-d-aviapartner-se-poursuit-lundi-soir-a-brussels-airport-11335500\">La gr\u00e8ve des travailleurs d&rsquo;Aviapartner se poursuit lundi soir \u00e0 <strong>Brussels<\/strong> Airport<\/a> (RTBF)<\/p>\n\n\n\n<p><strong><a href=\"https:\/\/information.tv5monde.com\/afrique\/guinee-conakry-larret-pour-le-debut-dune-greve-generale-illimitee-contre-les-militaires\">Guin\u00e9e: Conakry \u00e0 l&rsquo;arr\u00eat pour le d\u00e9but d&rsquo;une gr\u00e8ve g\u00e9n\u00e9rale illimit\u00e9e contre les militaires<\/a> (TV5 Monde)<\/strong><\/p>\n\n\n\n<p><a href=\"https:\/\/www.msn.com\/fr-ca\/actualites\/quebec-canada\/des-milliers-de-travailleurs-de-l-universit%C3%A9-york-en-ontario-ont-entam%C3%A9-une-gr%C3%A8ve\/ar-BB1iUHLO\">Des milliers de travailleurs de l&rsquo;Universit\u00e9 York, en <strong>Ontario<\/strong>, ont entam\u00e9 une gr\u00e8v<\/a>e (La Presse Canadienne)<\/p>\n\n\n\n<p><a href=\"https:\/\/www.237online.com\/cameroun-les-enseignants-menacent-dune-greve-generale\/\"><strong>Cameroun<\/strong> : les enseignants menacent d\u2019une gr\u00e8ve g\u00e9n\u00e9rale<\/a> (237 on line)<\/p>\n\n\n\n<p><a href=\"https:\/\/www.senenews.com\/actualites\/nouvelle-greve-de-96-h-de-lintersyndicale-des-travailleurs-des-collectivites-territoriales_485595.html\"><strong>S\u00e9n\u00e9gal<\/strong> : Nouvelle gr\u00e8ve de 96 h de l\u2019Intersyndicale des travailleurs des collectivit\u00e9s territoriales<\/a> (Sene News)<\/p>\n\n\n\n<p><strong>Analyse<\/strong><\/p>\n\n\n\n<p><strong><a href=\"https:\/\/www.frustrationmagazine.fr\/patriarcat-racisme-sante-mentale\/\">Comment le patriarcat et le racisme d\u00e9gradent notre sant\u00e9 mentale <\/a>(Frustration)<\/strong><\/p>\n\n\n\n<p><a href=\"https:\/\/www.humanite.fr\/social-et-economie\/casino\/depecage-de-casino-tout-comprendre-au-grand-chamboule-tout-de-la-grande-distribution\">D\u00e9pe\u00e7age de Casino&nbsp;: tout comprendre au grand chamboule-tout de la grande distribution<\/a> (l\u2019Humanit\u00e9)<\/p>\n\n\n\n<p class=\"has-text-color has-link-color wp-elements-a76da7f353f0e8363cba18d66634d81a\" style=\"color:#f40505\"><strong>26 f\u00e9vrier<\/strong><\/p>\n\n\n\n<p><strong><a href=\"https:\/\/confpeps.org\/edito-de-peps-salon-de-lagriculture-reprenons-la-main-sur-le-systeme-agricole\/?utm_source=brevo&amp;utm_campaign=Infopeps%2020243-%20spciale%20mouvement%20paysan&amp;utm_medium=email\">Salon de l\u2019agriculture, reprenons la main sur le syst\u00e8me agricole !<\/a> (PEPS)<\/strong><\/p>\n\n\n\n<p><strong><a href=\"https:\/\/france.attac.org\/actus-et-medias\/salle-de-presse\/article\/action-tax-the-rich-attac-deploie-une-banderole-geante-sur-la-facade-du-futur\">Attac d\u00e9ploie une banderole g\u00e9ante sur la fa\u00e7ade du futur h\u00f4tel LVMH de Bernard Arnault<\/a> (Attac)<\/strong><\/p>\n\n\n\n<p><a href=\"https:\/\/lepoing.net\/clermont-lherault-les-restos-du-coeur-cherchent-des-benevoles-pour-leur-collecte-nationale\/\">Clermont l\u2019H\u00e9rault&nbsp;: les Restos du C\u0153ur cherchent des b\u00e9n\u00e9voles pour leur collecte nationale<\/a> (Le Poing)<\/p>\n\n\n\n<p><strong><a href=\"https:\/\/theconversation.com\/mobilisations-agricoles-ou-en-sont-les-femmes-224106\">Mobilisations agricoles&nbsp;: o\u00f9 (en) sont les&nbsp;femmes&nbsp;?<\/a> (The conversation)<\/strong><\/p>\n\n\n\n<p><strong>Gr\u00e8ves<\/strong><\/p>\n\n\n\n<p><a href=\"https:\/\/www.humanite.fr\/social-et-economie\/cgt\/quand-la-greve-permet-de-garder-la-tour-eiffel-en-bon-etat\">Quand la gr\u00e8ve permet de garder la tour Eiffel en bon \u00e9tat<\/a> (l\u2019Humanit\u00e9)<\/p>\n\n\n\n<p><a href=\"https:\/\/www.humanite.fr\/societe\/education\/education-pas-de-rentree-en-seine-saint-denis-pour-protester-contre-les-mesures-dausterite-du-gouvernement\">\u00c9ducation : pas de rentr\u00e9e en Seine-Saint-Denis pour protester contre les mesures d&rsquo;aust\u00e9rit\u00e9 <\/a>(l\u2019Humanit\u00e9)<\/p>\n\n\n\n<p><a href=\"https:\/\/www.franceguyane.fr\/actualite\/social\/cayenne-fin-de-la-greve-et-reouverture-des-ecoles-976389.php\">Cayenne: fin de la gr\u00e8ve et r\u00e9ouverture des \u00e9coles<\/a> (France-Guyane)<\/p>\n\n\n\n<p><a href=\"https:\/\/la1ere.francetvinfo.fr\/martinique\/transport-maritime-en-martinique-les-bateaux-resteront-a-quai-les-salaries-seront-greve-illimitee-lundi-26-fevrier-1467924.html\">Transport maritime en Martinique : Les salari\u00e9s seront en gr\u00e8ve illimit\u00e9e lundi 26 f\u00e9vrier<\/a> (franceinfo)<\/p>\n\n\n\n<p><a href=\"https:\/\/94.citoyens.com\/2024\/les-professeurs-de-seine-saint-denis-en-greve-ce-lundi,25-02-2024.html\">Les professeurs de Seine-saint-Denis en gr\u00e8ve ce lundi<\/a> (94 Citoyens)<\/p>\n\n\n\n<p><strong>Monde<\/strong><\/p>\n\n\n\n<p><a href=\"https:\/\/www.wsws.org\/fr\/articles\/2024\/02\/24\/mcts-f24.html\">T\u00e9moignage d\u2019un travailleur de l\u2019auto <strong>italien<\/strong>&nbsp;: \u00ab&nbsp;Il faut construire un fort mouvement de la classe ouvri\u00e8re \u00e0 l\u2019international&nbsp;\u00bb<\/a> (WSWS)<\/p>\n\n\n\n<p><a href=\"http:\/\/msn.com\/fr-xl\/afrique-de-l-ouest\/burkina-faso-actualite\/appel-a-la-greve-generale-illimitee-en-guinee-doumbouya-descendra-t-il-de-son-pi%C3%A9destal\/ar-BB1iRZ0U\">&nbsp;Appel \u00e0 la gr\u00e8ve illimit\u00e9s en <strong>Guin\u00e9e<\/strong> : Doumbouya descendra-t-il de son pi\u00e9destal ?<\/a> (Le Pays)<\/p>\n\n\n\n<p><strong>Analyse<\/strong><\/p>\n\n\n\n<p><strong><a href=\"https:\/\/www.revolutionpermanente.fr\/InVivo-derriere-la-cooperative-verte-un-geant-de-l-agrobusiness-anti-syndicats-et-anti-ecolo\">InVivo, derri\u00e8re la coop\u00e9rative \u00ab&nbsp;verte&nbsp;\u00bb, un g\u00e9ant de l\u2019agrobusiness anti-syndicats et anti-\u00e9colo<\/a> (RP)<\/strong><\/p>\n\n\n\n<p><a href=\"https:\/\/www.blast-info.fr\/articles\/2024\/salon-de-lagriculture-la-cr47-la-strategie-du-choc-rTjwvfRrS8aqvPzVT4-rkQ\">Salon de l\u2019agriculture : La CR47, la strat\u00e9gie du choc<\/a> (Blast)<\/p>\n\n\n\n<p class=\"has-text-color has-link-color wp-elements-392d69f55ae6c578abc5399b194e14d8\" style=\"color:#f70505\"><strong>24 f\u00e9vrier<\/strong><\/p>\n\n\n\n<p><strong><a href=\"https:\/\/www.revolutionpermanente.fr\/Tour-Eiffel-cinquieme-jour-de-greve-reconductible-la-mairie-de-Paris-cherche-a-calmer-la-colere\">Tour Eiffel&nbsp;: cinqui\u00e8me jour de gr\u00e8ve reconductible, la mairie de Paris cherche \u00e0 calmer la col\u00e8re<\/a> (RP)<\/strong><\/p>\n\n\n\n<p><a href=\"https:\/\/www.force-ouvriere.fr\/alstom-france-fo-denonce-298-suppressions-d-emplois-boursieres\">Alstom France&nbsp;: FO d\u00e9nonce 298 suppressions d\u2019emplois \u00ab&nbsp;boursi\u00e8res&nbsp;\u00bb<\/a> (FO)<\/p>\n\n\n\n<p><a href=\"https:\/\/www.force-ouvriere.fr\/nouvelle-greve-a-alinea-le-pontet\">Nouvelle gr\u00e8ve \u00e0 Alin\u00e9a Le Pontet<\/a> (FO)<\/p>\n\n\n\n<p><a href=\"https:\/\/la1ere.francetvinfo.fr\/guyane\/greve-a-la-poste-de-cayenne-notre-piquet-va-demeurer-au-moins-une-semaine-1467456.html\">Gr\u00e8ve \u00e0 La Poste de Cayenne : \u00ab\u00a0Notre piquet va demeurer au moins une semaine\u00a0\u00bb<\/a> (franceinfo)<\/p>\n\n\n\n<p><a href=\"https:\/\/www.laprovence.com\/article\/region\/37815136656891\/orcieres-merlette-des-salaries-du-domaine-skiable-prevoient-une-greve-les-pistes-peuvent-elles-fermer\">Orci\u00e8res Merlette : des salari\u00e9s du domaine skiable pr\u00e9voient une gr\u00e8ve<\/a> (La Provence)<\/p>\n\n\n\n<p><a href=\"https:\/\/actu.fr\/occitanie\/mirande_32256\/gers-les-facteurs-restent-dans-l-impasse-apres-23-jours-de-greve_60732196.html\">Gers. Les facteurs restent dans l&rsquo;impasse apr\u00e8s 24 jours de gr\u00e8ve<\/a> (actu)<\/p>\n\n\n\n<p><a href=\"https:\/\/www.ledauphine.com\/social\/2024\/02\/22\/la-greve-a-repris-chez-conforama\">La gr\u00e8ve a repris chez Conforama<\/a> (Le Dauphin\u00e9)<\/p>\n\n\n\n<p><a href=\"https:\/\/brest.maville.com\/actu\/actudet_-fermeture-de-bureaux-de-poste-a-brest-une-cinquantaine-d-agents-en-greve-et-des-habitants-inquiets-_loc-6172413_actu.Htm\">Fermeture de bureaux de poste \u00e0 Brest&nbsp;: une cinquantaine d\u2019agents en gr\u00e8ve<\/a>&nbsp;(Ouest-France)<\/p>\n\n\n\n<p><a href=\"https:\/\/marsactu.fr\/bref\/les-dockers-et-agents-portuaires-de-marseille-fos-suspendent-leur-greve\/\">Les dockers et agents portuaires de Marseille-Fos suspendent leur gr\u00e8ve<\/a> (Mars actu)<\/p>\n\n\n\n<p><strong>Monde<\/strong><\/p>\n\n\n\n<p><a href=\"https:\/\/www.zonebourse.com\/cours\/action\/LUFTHANSA-436827\/actualite\/Remaniement-du-directoire-et-risque-de-greve-chez-Lufthansa-L-action-sous-pression-46017164\/\"><strong>Allemagne<\/strong> : Remaniement du directoire et risque de gr\u00e8ve chez Lufthansa &#8211; L&rsquo;action sous pression<\/a> (Zonebourse)<\/p>\n\n\n\n<p><a href=\"https:\/\/guineenews.org\/menace-de-greve-en-guinee-les-telecoms-se-joignent-au-mouvement-syndical\/\">Menace de gr\u00e8ve en <strong>Guin\u00e9e<\/strong> : les T\u00e9l\u00e9coms se joignent au Mouvement syndical<\/a> (Guin\u00e9e News)<\/p>\n\n\n\n<p><strong>Analyse<\/strong><\/p>\n\n\n\n<p><strong><a href=\"youtube\">Agriculture : pouss\u00e9e de col\u00e8re d\u2019un monde en crise<\/a> (Blast)<\/strong><\/p>\n\n\n\n<p><a href=\"https:\/\/www.revue-ballast.fr\/tanguy-martin-la-fnsea-entretient-la-fiction-dun-monde-agricole-uniforme\/\">Tanguy Martin&nbsp;: \u00ab&nbsp;La&nbsp;FNSEA&nbsp;entretient la fiction d\u2019un monde agricole uniforme&nbsp;\u00bb<\/a> (Ballast)<\/p>\n\n\n\n<p><a href=\"https:\/\/www.frustrationmagazine.fr\/organisation-pour-gagner-les-recettes-de-karl-marx\/\">S\u2019organiser pour gagner : les recettes de Karl Marx<\/a> (Frustration)<\/p>\n\n\n\n<p><strong><a href=\"https:\/\/www.humanite.fr\/social-et-economie\/cotisations-sociales\/pas-dassurance-maladie-de-retraite-ni-de-droits-sociaux-leconomie-informelle-peut-conduire-a-des-situations-dramatiques\">\u00ab&nbsp;Pas d\u2019Assurance maladie, de retraite ni de droits sociaux, l\u2019\u00e9conomie informelle peut conduire \u00e0 des situations dramatiques&nbsp;\u00bb<\/a> (l\u2019Humanit\u00e9)<\/strong><\/p>\n\n\n\n<p class=\"has-text-color has-link-color wp-elements-a05b15fafce5e0dbb4e31f246950d8cd\" style=\"color:#f70505\"><strong>23 f\u00e9vrier<\/strong><\/p>\n\n\n\n<p><strong><a href=\"https:\/\/lessoulevementsdelaterre.org\/en-eu\/blog\/les-comites-locaux-et-urgence-palestine-contre-car\">Les comit\u00e9s locaux et Urgence Palestine contre Carrefour<\/a>. (Les Soul\u00e8vements de la Terre)<\/strong><\/p>\n\n\n\n<p><a href=\"https:\/\/www.inegalites.fr\/pollution-travail\">Les milieux sociaux sont in\u00e9gaux face \u00e0 la pollution au travail<\/a> (Observatoire des in\u00e9galit\u00e9s)<\/p>\n\n\n\n<p><a href=\"https:\/\/paris-luttes.info\/soiree-de-lutte-en-soutien-aux-17900\">Soir\u00e9e de lutte en soutien aux collectifs de sans-papiers et contre la loi Darmanin<\/a> (Paris-Luttes info)<\/p>\n\n\n\n<p><strong><a href=\"https:\/\/www.force-ouvriere.fr\/pret-a-porter-la-casse-sociale-se-poursuit-en-2024\">Pr\u00eat-\u00e0-porter&nbsp;: la casse sociale se poursuit en 2024<\/a> (FO)<\/strong><\/p>\n\n\n\n<p><strong>Gr\u00e8ves<\/strong><\/p>\n\n\n\n<p><a href=\"https:\/\/www.revolutionpermanente.fr\/Poursuite-de-la-greve-a-Neuhauser-200-000EUR-de-frais-d-huissiers-mais-pas-d-augmentation\">Poursuite de la gr\u00e8ve \u00e0 Neuhauser&nbsp;: \u00ab&nbsp;200 000\u20ac de frais d\u2019huissiers mais pas d\u2019augmentation&nbsp;!&nbsp;\u00bb<\/a> (RP)<\/p>\n\n\n\n<p><a href=\"https:\/\/lanticapitaliste.org\/actualite\/entreprises\/chez-galvanoplast-une-victoire-pour-les-grevistes\">Chez Galvanoplast, une victoire pour les gr\u00e9vistes<\/a> (l\u2019Anticapitaliste)<\/p>\n\n\n\n<p><strong><a href=\"https:\/\/www.msn.com\/fr-fr\/actualite\/france\/visite-de-sophie-binet-manif-devant-la-mairie-de-paris-%C3%A0-la-tour-eiffel-le-bras-de-fer-se-poursuit\/ar-BB1iJ5O0\">Visite de Sophie Binet, manif devant la mairie de Paris\u2026 \u00e0 la tour Eiffel, le bras de fer se poursuit<\/a> (Lib\u00e9ration)<\/strong><\/p>\n\n\n\n<p><a href=\"https:\/\/france3-regions.francetvinfo.fr\/occitanie\/aveyron\/rodez\/hausse-des-effectifs-reorganisation-on-vous-explique-pourquoi-ces-pompiers-sont-en-greve-2929455.html\">Hausse des effectifs, r\u00e9organisation : on vous explique pourquoi ces pompiers sont en gr\u00e8ve<\/a> (franceinfo)<\/p>\n\n\n\n<p><a href=\"https:\/\/www.lamontagne.fr\/avermes-03000\/actualites\/180-salaries-en-greve-a-manitowoc-a-avermes-pour-revendiquer-des-augmentations-de-salaires_14457765\/\">180 salari\u00e9s en gr\u00e8ve \u00e0 Manitowoc \u00e0 Avermes, pour revendiquer des augmentations de salaires<\/a> (La Montagne)<\/p>\n\n\n\n<p><a href=\"https:\/\/www.ouest-france.fr\/pays-de-la-loire\/la-fleche-72200\/en-greve-les-profs-de-ce-college-de-la-fleche-denoncent-un-tri-social-des-enfants-3935a4a2-d18d-11ee-89c0-6cefac77e04a\">En gr\u00e8ve, les profs de ce coll\u00e8ge de La Fl\u00e8che d\u00e9noncent \u00ab&nbsp;un tri social des enfants&nbsp;\u00bb<\/a> (Ouest-France)<\/p>\n\n\n\n<p><a href=\"https:\/\/www.ouest-france.fr\/normandie\/caen-14000\/caen-a-saint-martin-la-greve-continue-et-se-renforce-il-sagit-de-la-survie-de-lhopital-65c346cc-d16b-11ee-89c0-6cefac77e04a\">Caen. \u00c0 Saint-Martin, la gr\u00e8ve continue et se renforce&nbsp;: \u00ab&nbsp;Il s\u2019agit de la survie de l\u2019h\u00f4pital&nbsp;\u00bb<\/a> (Ouest-France)<\/p>\n\n\n\n<p><a href=\"https:\/\/www.courrier-picard.fr\/id496830\/article\/2024-02-22\/greve-du-crous-en-picardie-vendredi-23-fevrier-risques-de-perturbations-dans-les\">Gr\u00e8ve du Crous en Picardie vendredi 23 f\u00e9vrier&nbsp;: risques de perturbations dans les restaurants universitaires<\/a> (Courrier Picard)<\/p>\n\n\n\n<p><a href=\"https:\/\/www.laprovence.com\/article\/region\/38768162259999\/meteo-france-est-en-crise-a-aix-les-previsionnistes-en-greve-contre-les-reductions-deffectifs\">\u00ab\u00a0M\u00e9t\u00e9o France est en crise\u00a0\u00bb : \u00e0 Aix, les pr\u00e9visionnistes en gr\u00e8ve contre les r\u00e9ductions d&rsquo;effectifs<\/a> (La Provence)<\/p>\n\n\n\n<p><a href=\"https:\/\/www.lunion.fr\/id571990\/article\/2024-02-22\/conde-en-brie-100-des-enseignants-et-aesh-en-greve\">\u00c0 Cond\u00e9-en-Brie, 100&nbsp;% des enseignants et AESH en gr\u00e8ve<\/a> (L\u2019union)<\/p>\n\n\n\n<p><a href=\"https:\/\/www.letelegramme.fr\/cotes-d-armor\/guingamp-22200\/a-graces-les-salaries-de-socopa-en-greve-pour-un-meilleur-salaire-6531701.php\">\u00c0 Gr\u00e2ces, les salari\u00e9s de Socopa en gr\u00e8ve pour un meilleur salaire<\/a> (Le T\u00e9l\u00e9gramme)<\/p>\n\n\n\n<p><strong>Monde<\/strong><\/p>\n\n\n\n<p><a href=\"https:\/\/www.force-ouvriere.fr\/en-allemagne-une-flambee-de-colere-inedite-face-a-l-inflation\">En <strong>Allemagne<\/strong>, une flamb\u00e9e de col\u00e8re in\u00e9dite face \u00e0 l\u2019inflation<\/a> (FO)<\/p>\n\n\n\n<p><a href=\"https:\/\/www.msn.com\/fr-fr\/actualite\/monde\/nouvelle-gr%C3%A8ve-annonc%C3%A9e-dans-les-transports-publics-allemands\/ar-BB1iIpIV\">Nouvelle gr\u00e8ve annonc\u00e9e dans les transports publics <strong>allemands<\/strong><\/a> (Reuters)<\/p>\n\n\n\n<p><a href=\"https:\/\/guineenews.org\/greve-generale-illimitee-voici-les-points-de-revendication-du-mouvement-syndical\/\"><strong>Guin\u00e9e<\/strong> : Gr\u00e8ve g\u00e9n\u00e9rale illimit\u00e9e : voici les points de revendication du mouvement syndical<\/a>&nbsp;(Guin\u00e9e News)<\/p>\n\n\n\n<p><a href=\"https:\/\/www.lorientlejour.com\/article\/1369039\/la-greve-de-3000-fonctionnaires-du-ministere-des-finances-menacerait-les-salaires-du-public.html\"><strong>Liban<\/strong> : La gr\u00e8ve de 3.000 fonctionnaires du minist\u00e8re des Finances menacerait les salaires<\/a> (L\u2019Orient-Le Jour)<\/p>\n\n\n\n<p><strong>Analyse<\/strong><\/p>\n\n\n\n<p><a href=\"https:\/\/rapportsdeforce.fr\/classes-en-lutte\/10-milliards-deuros-dausterite-et-une-saignee-sur-lemploi-public-022220541\">10 milliards d\u2019euros d\u2019aust\u00e9rit\u00e9 et une saign\u00e9e sur l\u2019emploi public<\/a> (Rapports de force)<\/p>\n\n\n\n<p><a href=\"https:\/\/www.bondyblog.fr\/societe\/musulmane-et-citoyenne\/musulman-citoyen-4-4-ridwan-sahye-engage-jour-et-nuit-contre-la-precarite-etudiante\/\">Musulman &amp; Citoyen (4\/4) : R\u00eedwan Sahye, engag\u00e9 jour et nuit contre la pr\u00e9carit\u00e9 \u00e9tudiante<\/a> (Le Bondy Blog)<\/p>\n\n\n\n<p class=\"has-text-color has-link-color wp-elements-9f351590aa01bf3c9225db81639c65e2\" style=\"color:#f60505\"><strong>22 f\u00e9vrier<\/strong><\/p>\n\n\n\n<p><a href=\"https:\/\/www.revolutionpermanente.fr\/Georges-Abdallah-un-resistant-communiste-emprisonne-depuis-40-ans-qui-revele-l-hypocrisie-de-Macron\">Georges Abdallah, un r\u00e9sistant communiste emprisonn\u00e9 depuis 40 ans qui r\u00e9v\u00e8le l\u2019hypocrisie de Macron<\/a> (RP)<\/p>\n\n\n\n<p><a href=\"https:\/\/rapportsdeforce.fr\/classes-en-lutte\/depouille-de-sanglier-deposee-sur-le-piquet-les-grevistes-demmaus-nieppe-denoncent-une-menace-de-mort-raciste-022020503\">D\u00e9pouille de sanglier : les gr\u00e9vistes d\u2019Emma\u00fcs Nieppe d\u00e9noncent une \u00ab menace de mort raciste \u00bb<\/a> (R. de force)<\/p>\n\n\n\n<p><strong>Gr\u00e8ves<\/strong><\/p>\n\n\n\n<p><strong><a href=\"https:\/\/rapportsdeforce.fr\/classes-en-lutte\/apres-les-controleurs-les-aiguilleurs-en-greve-a-la-sncf-022120496\">Aiguilleurs en gr\u00e8ve : vers une multiplication des luttes cat\u00e9gorielles \u00e0 la SNCF ?<\/a> (Rapports de force)<\/strong><\/p>\n\n\n\n<p><strong><a href=\"https:\/\/reporterre.net\/Lactalis-predateur-200-paysans-occupent-le-siege-du-geant-laitier\">\u00ab&nbsp;Lactalis, pr\u00e9dateur&nbsp;!&nbsp;\u00bb 200 paysans occupent le si\u00e8ge du g\u00e9ant laitier<\/a> (Reporterre)<\/strong><\/p>\n\n\n\n<p><a href=\"https:\/\/www.midilibre.fr\/2024\/02\/22\/greve-des-taxis-a-nimes-vers-un-bras-de-fer-avec-la-municipalite-11778682.php\">Gr\u00e8ve des taxis \u00e0 N\u00eemes : vers un bras de fer avec la municipalit\u00e9 ?<\/a> (Midi libre)<\/p>\n\n\n\n<p><a href=\"https:\/\/www.ladepeche.fr\/2024\/02\/21\/greve-des-postiers-a-mirande-la-rencontre-avec-la-direction-naboutit-pas-le-mouvement-se-poursuit-11779467.php\">Gr\u00e8ve des postiers \u00e0 Mirande : la rencontre avec la direction n&rsquo;aboutit pas, le mouvement se poursuit<\/a> (La D\u00e9p\u00eache)<\/p>\n\n\n\n<p><a href=\"https:\/\/www.lamontagne.fr\/thiers-63300\/actualites\/des-infirmiers-liberaux-du-puy-de-dome-en-greve-nous-sommes-les-oublies-de-la-sante_14456996\/\">Des infirmiers lib\u00e9raux du Puy-de-D\u00f4me en gr\u00e8ve : \u00ab\u00a0Nous sommes les oubli\u00e9s de la sant\u00e9\u00a0\u00bb<\/a> (La Montagne)<\/p>\n\n\n\n<p><a href=\"https:\/\/la1ere.francetvinfo.fr\/guyane\/greve-a-la-mairie-de-cayenne-la-mobilisation-se-poursuit-mais-les-discussions-avancent-1466895.html\">Gr\u00e8ve \u00e0 la mairie de Cayenne : la mobilisation se poursuit, mais les discussions avancent<\/a> (franceinfo)<\/p>\n\n\n\n<p><a href=\"https:\/\/www.laprovence.com\/article\/region\/42188810367108\/la-greve-illimitee-des-facteurs-de-manosque-se-durcit-et-prend-une-ampleur-departementale\">La gr\u00e8ve illimit\u00e9e des facteurs de Manosque se durcit et prend une ampleur d\u00e9partementale<\/a> (La Provence)<\/p>\n\n\n\n<p><a href=\"https:\/\/www.francebleu.fr\/infos\/societe\/bourges-greve-au-conservatoire-de-musique-et-de-danse-8189540\">Bourges&nbsp;: gr\u00e8ve au conservatoire de musique et de danse<\/a> (ici)<\/p>\n\n\n\n<p><a href=\"https:\/\/94.citoyens.com\/2024\/troisieme-jour-de-greve-a-la-tour-eiffel-contre-la-gestion-financiere-du-monument,21-02-2024.html\">Troisi\u00e8me jour de gr\u00e8ve \u00e0 la Tour Eiffel contre la gestion financi\u00e8re du monument<\/a> (94 citoyens)<\/p>\n\n\n\n<p><a href=\"https:\/\/solidaires.org\/sinformer-et-agir\/actualites-et-mobilisations\/locales\/video-les-postier-es-de-mirande-en-greve-pour-une-poste-a-visage-humain\/\">Vid\u00e9o : les postier-es de Mirande en gr\u00e8ve pour une poste \u00e0 visage humain<\/a> (Solidaires)<\/p>\n\n\n\n<p><strong>Monde<\/strong><\/p>\n\n\n\n<p><a href=\"https:\/\/www.lefigaro.fr\/societes\/greve-chez-tesla-en-suede-les-bornes-de-recharges-bloquees-a-partir-du-4-mars-20240221\">Gr\u00e8ve chez Tesla en <strong>Su\u00e8de<\/strong>: les bornes de recharges bloqu\u00e9es \u00e0 partir du 4 mars<\/a> (Le Figaro)<\/p>\n\n\n\n<p><a href=\"https:\/\/www.ilmattino.it\/fr\/greve_nationale_des_travailleurs_de_la_construction_et_des_metallurgistes_a_naples-7949457.html?refresh_ce\">Gr\u00e8ve nationale des travailleurs de la construction et des m\u00e9tallurgistes \u00e0 <strong>Naples<\/strong><\/a> (Il Matino)<\/p>\n\n\n\n<p><a href=\"http:\/\/french.china.org.cn\/foreign\/txt\/2024-02\/22\/content_117013112.htm\">La gr\u00e8ve des cheminots <strong>argentins<\/strong> paralyse les transports en commun<\/a> (China org)<\/p>\n\n\n\n<p><a href=\"https:\/\/www.dhnet.be\/actu\/belgique\/2024\/02\/21\/brussels-airlines-trois-jours-de-greve-pour-le-personnel-de-cabine-decrete-la-semaine-prochaine-YO6DFIXLORGT5IMG6FG5SIKVOA\/\"><strong>Brussels<\/strong> Airlines&nbsp;: trois jours de gr\u00e8ve pour le personnel de cabine d\u00e9cr\u00e9t\u00e9 la semaine prochaine<\/a> (DH)<\/p>\n\n\n\n<p><a href=\"https:\/\/www.ledevoir.com\/societe\/807590\/1700-charges-cours-universite-laval-menacent-poursuivre-greve-lundi\"><strong>Canada<\/strong> : Entente de principe pour le syndicat des 1700 charg\u00e9s de cours de l\u2019Universit\u00e9 Laval<\/a> (le Devoir)<\/p>\n\n\n\n<p><strong>Analyse<\/strong><\/p>\n\n\n\n<p><strong><a href=\"https:\/\/www.lemonde.fr\/politique\/article\/2024\/02\/15\/existe-t-il-un-devoir-de-travailler-comme-l-a-suggere-gabriel-attal_6216756_823448.html\">Existe-t-il un \u00ab&nbsp;devoir de travailler&nbsp;\u00bb, comme l\u2019a sugg\u00e9r\u00e9 Gabriel Attal&nbsp;?<\/a> (Le Monde)<\/strong><\/p>\n\n\n\n<p><strong><a href=\"https:\/\/www.frustrationmagazine.fr\/souffrance-psychique\/\">Pourquoi la souffrance psychique explose en France <\/a>(Frustration)<\/strong><\/p>\n\n\n\n<p><a href=\"https:\/\/basta.media\/trois-petites-fermes-valent-mieux-qu-une-grande-des-paysans-montrent-la-voie\">\u00ab&nbsp;Trois petites fermes valent mieux qu\u2019une grande&nbsp;\u00bb&nbsp;: des paysans montrent la voie<\/a> (Basta!)<\/p>\n\n\n\n<p><a href=\"https:\/\/www.equaltimes.org\/gilles-perret-cineaste-pour-filmer\">Gilles Perret, cin\u00e9aste&nbsp;: \u00ab&nbsp;Pour filmer le travail, les travailleurs et leurs gestes il faut les aimer et les conna\u00eetre&nbsp;\u00bb<\/a> (Equal Times)<\/p>\n\n\n\n<p class=\"has-text-color has-link-color wp-elements-5a46c579c350138c10f8ff7d30a5fc89\" style=\"color:#f30505\"><strong>21 f\u00e9vrier<\/strong><\/p>\n\n\n\n<p><a href=\"https:\/\/lepoing.net\/montpellier-une-centaine-de-personnes-reunie-pour-demander-la-liberation-de-julian-assange\/\">Montpellier : une centaine de personnes r\u00e9unie pour demander la lib\u00e9ration de Julian Assange<\/a> (Le Poing)<\/p>\n\n\n\n<p><a href=\"https:\/\/paris-luttes.info\/soiree-de-lutte-en-soutien-aux-17900\">Soir\u00e9e de lutte en soutien aux collectifs de sans-papiers et contre la loi Darmanin<\/a> (Paris-Luttes info)<\/p>\n\n\n\n<p><a href=\"https:\/\/rebellyon.info\/Pour-GAZA-rassemblement-samedi-24-fev-15h-25677\">Pour Gaza&nbsp;: rassemblement samedi 24 fevrier 15h Place des Terreaux<\/a> (Rebellyon)<\/p>\n\n\n\n<p><strong><a href=\"https:\/\/www.revolutionpermanente.fr\/Transports-la-macronie-prete-a-interdire-la-greve-sur-de-larges-periodes\">Transports&nbsp;: la macronie pr\u00eate \u00e0 interdire la gr\u00e8ve sur de larges p\u00e9riodes<\/a> (RP)<\/strong><\/p>\n\n\n\n<p><a href=\"https:\/\/www.revolutionpermanente.fr\/Toulouse-3-salaries-de-GSF-Proprete-licencies-apres-avoir-denonce-du-racisme-a-la-Cite-de-l-espace\">Toulouse. 3 salari\u00e9s de GSF-Propret\u00e9 licenci\u00e9s apr\u00e8s avoir d\u00e9nonc\u00e9 du racisme \u00e0 la Cit\u00e9 de l\u2019espace<\/a> (RP)<\/p>\n\n\n\n<p><a href=\"https:\/\/www.humanite.fr\/social-et-economie\/repression-antisyndicale\/le-refere-dheure-a-heure-une-arme-essentielle-face-a-la-delinquance-patronale\">Le r\u00e9f\u00e9r\u00e9 d\u2019heure \u00e0 heure&nbsp;: une arme essentielle face \u00e0 la d\u00e9linquance patronale<\/a> (l\u2019Humanit\u00e9)<\/p>\n\n\n\n<p><a href=\"https:\/\/www.force-ouvriere.fr\/social-et-medico-social-en-amont-de-la-conference-salariale-du\">Social et m\u00e9dico-social&nbsp;: en amont de la conf\u00e9rence salariale du 28&nbsp;f\u00e9vrier, des n\u00e9gociations toujours bloqu\u00e9es<\/a> (FO)<\/p>\n\n\n\n<p><a href=\"https:\/\/reporterre.net\/Blindes-grenades-et-LBD-l-Etat-reprime-la-zad-contre-l-A69\">Blind\u00e9s, grenades et&nbsp;LBD&nbsp;: l\u2019\u00c9tat r\u00e9prime la zad contre l\u2019A69<\/a> (Reporterre)<\/p>\n\n\n\n<p><strong>Gr\u00e8ves<\/strong><\/p>\n\n\n\n<p><a href=\"https:\/\/www.revolutionpermanente.fr\/Montpellier-Dans-le-travail-social-une-semaine-de-greve-et-mobilisation-contre-le-manque-de-moyens\">Montpellier. Dans le travail social, une semaine de gr\u00e8ve et mobilisation contre le manque de moyens<\/a> (RP)<\/p>\n\n\n\n<p><a href=\"https:\/\/basta.media\/Les-revenus-point-central-des-mobilisations-agricoles-en-Europe-Espagne-Portugal-Grece\">\u00ab&nbsp;Les revenus, c\u2019est le point central&nbsp;\u00bb&nbsp;: de la Gr\u00e8ce \u00e0 l\u2019Espagne, partout des mobilisations agricoles<\/a> (Basta!)<\/p>\n\n\n\n<p><a href=\"https:\/\/www.ladepeche.fr\/2024\/02\/20\/greve-des-postiers-a-mirande-une-rencontre-entre-direction-et-syndicats-est-prevue-ce-mercredi-matin-11776798.php\">Postiers \u00e0 Mirande : une rencontre entre direction et syndicats est pr\u00e9vue ce mercredi matin<\/a> (La D\u00e9p\u00eache)<\/p>\n\n\n\n<p><strong><a href=\"https:\/\/actu.fr\/ile-de-france\/paris_75056\/greve-a-la-tour-eiffel-les-raisons-de-la-colere_60721363.html\">Gr\u00e8ve \u00e0 la tour Eiffel : les raisons de la col\u00e8re<\/a> (actu)<\/strong><\/p>\n\n\n\n<p><a href=\"https:\/\/www.midilibre.fr\/2024\/02\/20\/greve-a-demain-nous-appartient-le-tournage-de-la-serie-setoise-perturbe-pour-la-cinquieme-fois-depuis-decembre-11776255.php\">Gr\u00e8ve \u00e0 Demain nous appartient : le tournage de la s\u00e9rie s\u00e9toise perturb\u00e9 pour la cinqui\u00e8me fois <\/a> (Midi libre)<\/p>\n\n\n\n<p><a href=\"https:\/\/www.dna.fr\/education\/2024\/02\/21\/un-mouvement-de-greve-au-college-nicolas-copernic\">Un mouvement de gr\u00e8ve au coll\u00e8ge Nicolas-Copernic<\/a> (DNA)<\/p>\n\n\n\n<p><a href=\"https:\/\/www.lefigaro.fr\/nice\/la-discrete-greve-des-pompiers-azureens-inquiets-de-la-multiplication-des-cancers-dans-leurs-rangs-20240220\">La discr\u00e8te gr\u00e8ve des pompiers azur\u00e9ens, inquiets de la multiplication des cancers dans leurs rangs<\/a> (Le Figaro)<\/p>\n\n\n\n<p><a href=\"https:\/\/www.ouest-france.fr\/pays-de-la-loire\/cholet-49300\/greve-chez-graphic-packaging-a-cholet-la-cfdt-nous-a-trahis-45c8e4d2-cfd9-11ee-89c0-6cefac77e04a\">Gr\u00e8ve&nbsp;chez Graphic Packaging \u00e0 Cholet&nbsp;: \u00ab&nbsp;La CFDT nous a trahis&nbsp;<\/a>\u00bb (Ouest-France)<\/p>\n\n\n\n<p><a href=\"https:\/\/actu.fr\/normandie\/boulon_14090\/greve-au-sud-de-caen-essores-et-revoltes-par-le-manque-de-consideration-de-la-direction_60722005.html\">Gr\u00e8ve au sud de Caen : \u00ab\u00a0essor\u00e9s et r\u00e9volt\u00e9s par le manque de consid\u00e9ration de la direction\u00a0\u00bb<\/a> (actu)<\/p>\n\n\n\n<p><a href=\"https:\/\/la1ere.francetvinfo.fr\/nouvellecaledonie\/province-sud\/noumea\/le-lycee-laperouse-ferme-suite-a-un-mouvement-de-greve-1466655.html\">Apr\u00e8s une journ\u00e9e de gr\u00e8ve, le lyc\u00e9e Lap\u00e9rouse de Noum\u00e9a reprend les cours ce jeudi <\/a>(franceinfo)<\/p>\n\n\n\n<p><a href=\"https:\/\/www.estrepublicain.fr\/social\/2024\/02\/20\/greve-chez-dalkia-blocage-a-la-chaufferie-biomasse-des-rives-de-meurthe\">Gr\u00e8ve chez Dalkia&nbsp;: blocage \u00e0 la chaufferie biomasse des Rives de Meurthe<\/a> (L\u2019Est R\u00e9publicain)<\/p>\n\n\n\n<p><a href=\"https:\/\/www.ledauphine.com\/social\/2024\/02\/20\/la-greve-illimitee-des-postiers-de-manosque-s-etend-a-tout-le-departement\">La gr\u00e8ve illimit\u00e9e des postiers de Manosque s\u2019\u00e9tend \u00e0 tout le d\u00e9partement<\/a> (Le Dauphin\u00e9)<\/p>\n\n\n\n<p><strong>Monde<\/strong><\/p>\n\n\n\n<p><a href=\"https:\/\/www.wsws.org\/fr\/articles\/2024\/02\/21\/zkwu-f21.html\">Des travailleurs d\u00e9noncent l\u2019\u00e9lection syndicale frauduleuse \u00e0 General Motors au <strong>Mexique<\/strong><\/a> (WSWS)<\/p>\n\n\n\n<p><a href=\"https:\/\/www.sudinfo.be\/id795950\/article\/2024-02-21\/mouvement-de-greve-lavj-de-liege-une-asbl-qui-soccupe-de-personnes-handicapees\">Mouvement de gr\u00e8ve \u00e0 l\u2019AVJ de <strong>Li\u00e8ge<\/strong>, une ASBL qui s\u2019occupe de personnes handicap\u00e9es&nbsp;<\/a>(Sud Info)<\/p>\n\n\n\n<p><strong>Analyse<\/strong><\/p>\n\n\n\n<p><strong><a href=\"https:\/\/www.frustrationmagazine.fr\/bruno-le-maire-annonces\/\">Droits sociaux, budget : Bruno Le Maire pr\u00e9pare sa saign\u00e9e<\/a> (Frustration)<\/strong><\/p>\n\n\n\n<p><a href=\"https:\/\/www.inegalites.fr\/15-de-personnes-percues-comme-non-blanches-a-la-television\">15&nbsp;% de personnes per\u00e7ues comme non blanches \u00e0 la t\u00e9l\u00e9vision<\/a> (Observatoire des in\u00e9galit\u00e9s)<\/p>\n\n\n\n<p><a href=\"https:\/\/lanticapitaliste.org\/arguments\/histoire\/republique-et-luttes-des-classes\">R\u00e9publique et luttes des classes<\/a> (l\u2019Anticapitaliste)<\/p>\n\n\n\n<p class=\"has-text-color has-link-color wp-elements-9a7bbcf1e81654a46fbb111495164961\" style=\"color:#f90404\"><strong>20 f\u00e9vrier<\/strong><\/p>\n\n\n\n<p><a href=\"https:\/\/bellaciao.org\/FREE-ASSANGE\">Free Assange !!!<\/a> (Bellaciao)<\/p>\n\n\n\n<p><strong><a href=\"https:\/\/www.revolutionpermanente.fr\/Repression-chez-InVivo-120-syndicats-apportent-leur-soutien-a-Christian-Porta-delegue-CGT\">R\u00e9pression chez InVivo&nbsp;: 120 syndicats apportent leur soutien \u00e0 Christian Porta, d\u00e9l\u00e9gu\u00e9 CGT<\/a> (RP)<\/strong><\/p>\n\n\n\n<p><a href=\"https:\/\/www.streetpress.com\/sujet\/1708002579-mort-bary-keita-chantier-employeur-coupable-homicide\">Mort de Bary Ke\u00efta sur un chantier&nbsp;: son employeur d\u00e9clar\u00e9 coupable d\u2019homicide involontaire<\/a> (Street Press)<\/p>\n\n\n\n<p><strong>Gr\u00e8ves<\/strong><\/p>\n\n\n\n<p><strong><a href=\"https:\/\/www.humanite.fr\/social-et-economie\/cgt\/pourquoi-les-salaries-de-la-tour-eiffel-sont-ils-en-greve\">Pourquoi les salari\u00e9s de la tour Eiffel sont-ils en gr\u00e8ve&nbsp;?<\/a> (l\u2019Humanit\u00e9)<\/strong><\/p>\n\n\n\n<p><a href=\"https:\/\/www.force-ouvriere.fr\/wallis-et-futuna-a-l-appel-de-fo-huit-jours-de-greve-pour-se\">Wallis-et-Futuna&nbsp;: \u00e0 l\u2019appel de FO, huit jours de gr\u00e8ve pour se faire entendre<\/a> (FO)<\/p>\n\n\n\n<p><strong><a href=\"https:\/\/reporterre.net\/Colere-des-agriculteurs-les-manifs-reprennent-partout-en-France\">Col\u00e8re des agriculteurs&nbsp;: les manifs reprennent partout en France<\/a> (Reporterre)<\/strong><\/p>\n\n\n\n<p><a href=\"https:\/\/www.ladepeche.fr\/2024\/02\/19\/greve-des-postiers-a-mirande-mobilisation-devant-la-mairie-ce-mardi-11775359.php\">Gr\u00e8ve des postiers \u00e0 Mirande&nbsp;: mobilisation devant la mairie ce mardi<\/a> (La D\u00e9p\u00eache)<\/p>\n\n\n\n<p><a href=\"https:\/\/www.letelegramme.fr\/finistere\/brest-29200\/greve-a-la-poste-dans-le-finistere-vendredi-a-loccasion-de-la-venue-du-p-dg-6529730.php\">Gr\u00e8ve \u00e0 La Poste dans le Finist\u00e8re vendredi \u00e0 l\u2019occasion de la venue du P-DG<\/a> (Le T\u00e9l\u00e9gramme)<\/p>\n\n\n\n<p><a href=\"https:\/\/www.lest-eclair.fr\/id570943\/article\/2024-02-19\/greve-lacoste-troyes-lintersyndicale-recue-la-prefecture\">Fin de gr\u00e8ve chez Lacoste Logistique<\/a> (L\u2019Est \u00e9clair)<\/p>\n\n\n\n<p><a href=\"https:\/\/www.msn.com\/fr-fr\/finance\/other\/un-pr%C3%A9avis-de-gr%C3%A8ve-reconductible-d%C3%A9pos%C3%A9-chez-manpower-%C3%A0-partir-du-5-mars\/ar-BB1ix3Iq\">Un pr\u00e9avis de gr\u00e8ve reconductible d\u00e9pos\u00e9 chez Manpower \u00e0 partir du 5 mars<\/a> (Ouest-France)<\/p>\n\n\n\n<p><a href=\"https:\/\/www.msn.com\/fr-fr\/actualite\/france\/convention-avec-la-cpam-concurrence-des-vtc-la-coupe-est-pleine-pour-les-taxis-en-gr%C3%A8ve\/ar-BB1iwEOA\">Convention avec la CPAM, concurrence des VTC\u2026 \u00ab La coupe est pleine \u00bb pour les taxis en gr\u00e8ve<\/a> (20 Minutes)<\/p>\n\n\n\n<p><strong><a href=\"https:\/\/www.francebleu.fr\/infos\/societe\/droits-des-femmes-appels-a-la-greve-et-a-des-debrayages-le-8-mars-9715620\">Droits des femmes&nbsp;: appels \u00e0 la gr\u00e8ve et \u00e0 des d\u00e9brayages le 8 mars<\/a> (ici)<\/strong><\/p>\n\n\n\n<p><a href=\"https:\/\/www.msn.com\/fr-fr\/actualite\/france\/valdunes-la-gr%C3%A8ve-reprend-au-site-de-trith-saint-l%C3%A9ger-les-salari%C3%A9s-r%C3%A9clament-des-r%C3%A9ponses\/ar-BB1ixmLs\">Valdunes: la gr\u00e8ve reprend au site de Trith-Saint-L\u00e9ger, les salari\u00e9s r\u00e9clament des r\u00e9ponses<\/a> (msn)<\/p>\n\n\n\n<p><a href=\"https:\/\/www.laprovence.com\/article\/region\/24063554822643\/a-marseille-les-brancardiers-de-linstitut-paoli-calmettes-toujours-en-greve\">\u00c0 Marseille, les brancardiers de l&rsquo;Institut Paoli-Calmettes toujours en gr\u00e8ve<\/a> (La Provence)<\/p>\n\n\n\n<p><a href=\"https:\/\/www.franceguyane.fr\/actualite\/social\/les-transporteurs-routiers-vont-deposer-un-preavis-de-greve-illimitee-975635.php\">Les transporteurs routiers vont d\u00e9poser un pr\u00e9avis de gr\u00e8ve illimit\u00e9e<\/a> (France-Guyane)<\/p>\n\n\n\n<p><a href=\"https:\/\/www.leberry.fr\/vierzon-18100\/actualites\/un-appel-a-la-greve-au-ccas-de-vierzon-ce-mardi-20-fevrier-pour-contester-le-licenciement-prevu-d-un-agent_14455785\/\">Gr\u00e8ve au CCAS de Vierzon ce 20 f\u00e9vrier pour contester le licenciement d&rsquo;un agent<\/a> (Le Berry R\u00e9publicain)<\/p>\n\n\n\n<p><strong>Monde<\/strong><\/p>\n\n\n\n<p><a href=\"https:\/\/alencontre.org\/europe\/ukraine\/ukraine-les-travailleurs-et-travailleuses-face-a-la-realite-sociale-et-a-la-guerre.html\"><strong>Ukraine<\/strong>. Les travailleurs et travailleuses face \u00e0 la r\u00e9alit\u00e9 sociale et \u00e0 la guerre<\/a> (A l\u2019encontre)<\/p>\n\n\n\n<p><a href=\"https:\/\/www.dakaractu.com\/MAC-de-Ziguinchor-118-detenus-entament-une-greve-de-la-fin-contre-les-longues-detentions-preventives_a244693.html\"><strong>Ziguinchor<\/strong> : 118 d\u00e9tenus entament une gr\u00e8ve de la fin contre les longues d\u00e9tentions pr\u00e9ventives<\/a> (Dakar actu)<\/p>\n\n\n\n<p><strong>Analyse<\/strong><\/p>\n\n\n\n<p><a href=\"https:\/\/www.revue-ballast.fr\/les-chibanis-et-le-mythe-du-retour-au-pays\/\">Les chibanis et le mythe du retour au&nbsp;pays<\/a> (Ballast)<\/p>\n\n\n\n<p><strong><a href=\"https:\/\/france.attac.org\/IMG\/pdf\/note_attac_mega_ine_galite_s.pdf\">Super-profits, ultra-riches \u2026 m\u00e9ga-injustices<\/a> (Attac France)<\/strong><\/p>\n\n\n\n<p><strong><a href=\"https:\/\/theconversation.com\/une-pauvrete-invisible-des-jeunes-en-milieu-rural-223041\">Une pauvret\u00e9 invisible des jeunes en milieu&nbsp;rural&nbsp;?<\/a> (The conversation)<\/strong><\/p>\n\n\n\n<p class=\"has-text-color has-link-color wp-elements-75c5952a0a8af7f76fe7024bab97c26f\" style=\"color:#f80505\"><strong>19 f\u00e9vrier<\/strong><\/p>\n\n\n\n<p><a href=\"https:\/\/lepoing.net\/cette-semaine-dans-lherault-manifs-pour-la-paix-hommage-a-la-resistance\/\">Cette semaine dans l\u2019H\u00e9rault : manifs pour la paix, hommage \u00e0 la R\u00e9sistance<\/a> (Le Poing)<\/p>\n\n\n\n<p><strong><a href=\"https:\/\/www.force-ouvriere.fr\/l-executif-n-en-finit-plus-de-taper-sur-les-chomeurs\">L\u2019ex\u00e9cutif n\u2019en finit plus de taper sur les ch\u00f4meurs<\/a> (FO)<\/strong><\/p>\n\n\n\n<p><strong>Gr\u00e8ves<\/strong><\/p>\n\n\n\n<p><a href=\"https:\/\/france3-regions.francetvinfo.fr\/paris-ile-de-france\/paris\/greve-a-la-sncf-un-preavis-des-aiguilleurs-depose-le-week-end-prochain-2926782.html\">Gr\u00e8ve \u00e0 la SNCF : un pr\u00e9avis des aiguilleurs d\u00e9pos\u00e9 le week-end prochain<\/a> (franceinfo)<\/p>\n\n\n\n<p><a href=\"https:\/\/www.msn.com\/fr-fr\/finance\/economie\/gr%C3%A8ve-%C3%A0-la-tour-eiffel-les-visiteurs-vont-peut-%C3%AAtre-souffrir-mais-cest-pour-garantir-une-qualit%C3%A9-de-visite-optimale-pour-les-ann%C3%A9es-%C3%A0-venir-explique-un-syndicaliste\/ar-BB1iuWMN\">Gr\u00e8ve \u00e0 la tour Eiffel : \u00ab\u00a0Les visiteurs vont peut-\u00eatre souffrir mais c&rsquo;est pour garantir une qualit\u00e9 de visite \u2026\u201d<\/a> (franceinfo)<\/p>\n\n\n\n<p><a href=\"https:\/\/www.tf1info.fr\/societe\/greve-des-taxis-des-operations-escargot-dans-plusieurs-villes-marseille-aix-en-provence-strasbourg-ce-lundi-2286621.html\">Gr\u00e8ve des taxis : des op\u00e9rations escargot dans plusieurs villes ce lundi<\/a> (TF1)<\/p>\n\n\n\n<p><a href=\"https:\/\/www.francebleu.fr\/infos\/environnement\/on-est-la-chair-a-canon-les-pompiers-des-alpes-maritimes-en-greve-contre-le-risque-de-cancer-8127912\">\u00ab\u00a0On est de la chair \u00e0 canon\u00a0\u00bb : les pompiers des Alpes-Maritimes en gr\u00e8ve contre le risque de cance<\/a>r (ici)<\/p>\n\n\n\n<p><a href=\"https:\/\/actu.fr\/normandie\/saint-andre-sur-orne_14556\/augmentation-de-salaires-la-greve-se-prolonge-et-se-durcit-dans-le-prive-a-caen_60715388.html\">Augmentation de salaires : la gr\u00e8ve se prolonge et se durcit dans le priv\u00e9 \u00e0 Caen<\/a> (actu)<\/p>\n\n\n\n<p><a href=\"https:\/\/www.lunion.fr\/id570424\/article\/2024-02-18\/des-enseignants-du-lycee-oehmichen-en-greve-ce-mardi-20-fevrier-chalons-en\">Des enseignants du lyc\u00e9e \u0152hmichen en gr\u00e8ve ce mardi 20 f\u00e9vrier \u00e0 Ch\u00e2lons-en-Champagne<\/a> (L\u2019union)<\/p>\n\n\n\n<p><strong>Monde<\/strong><\/p>\n\n\n\n<p><a href=\"https:\/\/www.wsws.org\/fr\/articles\/2024\/02\/16\/saah-f16.html\">Face aux gr\u00e8ves sauvages en <strong>Turquie<\/strong>, les bureaucrates syndicaux accusent les travailleurs de terrorisme<\/a> (WSWS)<\/p>\n\n\n\n<p><a href=\"https:\/\/www.zonebourse.com\/cours\/action\/LUFTHANSA-436827\/actualite\/La-greve-des-pilotes-de-Discover-prend-fin-VC-appelle-a-une-greve-de-solidarite-45978797\/\"><strong>Allemagne<\/strong> : La gr\u00e8ve des pilotes de Discover prend fin &#8211; VC appelle \u00e0 une gr\u00e8ve de solidarit\u00e9<\/a> (Zonebourse)<\/p>\n\n\n\n<p><a href=\"https:\/\/www.aa.com.tr\/fr\/afrique\/tchad-gr%C3%A8ve-de-six-jours-contre-la-hausse-des-prix-des-carburants\/3141254\"><strong>Tchad<\/strong> : Gr\u00e8ve de six jours contre la hausse des prix des carburants<\/a> (AA)<\/p>\n\n\n\n<p><strong>Analyse<\/strong><\/p>\n\n\n\n<p><strong><a href=\"https:\/\/www.youtube.com\/watch?v=gNZ9E0cbo1I&amp;ab_channel=lundimatin\">Le hold-up de la FNSEA &#8211; un lundisoir avec des agricultrices et des agriculteurs<\/a> (lundimatin)<\/strong><\/p>\n\n\n\n<p><a href=\"https:\/\/www.bondyblog.fr\/societe\/aux-antilles-la-dimension-sociale-et-politique-du-carnaval\/\">Aux Antilles, la dimension sociale et politique du carnava<\/a>l (Le Bondy Blog)<\/p>\n\n\n\n<figure class=\"wp-block-embed is-type-video is-provider-youtube wp-block-embed-youtube wp-embed-aspect-16-9 wp-has-aspect-ratio\"><div class=\"wp-block-embed__wrapper\">\n<iframe loading=\"lazy\" title=\"C. DETTINGER : LE PRIX \u00c0 PAYER EST \u00c9LEV\u00c9 SI ON VEUT RENDRE LES COUPS\" width=\"1200\" height=\"675\" src=\"https:\/\/www.youtube.com\/embed\/aKvOOF4ooXI?feature=oembed\" frameborder=\"0\" allow=\"accelerometer; autoplay; clipboard-write; encrypted-media; gyroscope; picture-in-picture; web-share\" allowfullscreen><\/iframe>\n<\/div><\/figure>\n\n\n\n<p class=\"has-text-color has-link-color wp-elements-481200a5354d6720899c98bb56e3a0f0\" style=\"color:#f70606\"><strong>17 f\u00e9vrier<\/strong><\/p>\n\n\n\n<p><strong><a href=\"https:\/\/france.attac.org\/nos-publications\/lignes-d-attac\/article\/pour-retablir-l-impot-sur-la-fortune\">Pour r\u00e9tablir l\u2019imp\u00f4t sur la fortune<\/a> <\/strong>(Attac)<\/p>\n\n\n\n<p><a href=\"https:\/\/www.revolutionpermanente.fr\/Repression-syndicale-chez-InVivo-200-soutiens-rassembles-aux-cotes-de-Christian-Porta-delegue-CGT\">R\u00e9pression syndicale chez InVivo&nbsp;: 200 soutiens rassembl\u00e9s aux c\u00f4t\u00e9s de Christian Porta, d\u00e9l\u00e9gu\u00e9 CGT<\/a> (RP)<\/p>\n\n\n\n<p><strong><a href=\"https:\/\/www.humanite.fr\/social-et-economie\/casino\/depecage-de-casino-tout-comprendre-du-grand-chamboule-tout-de-la-grande-distribution\">D\u00e9pe\u00e7age de Casino : tout comprendre du grand chamboule-tout de la grande distribution<\/a> (l\u2019Humanit\u00e9)<\/strong><\/p>\n\n\n\n<p><a href=\"https:\/\/reporterre.net\/La-plus-grande-machine-a-tuer-en-Bretagne-ils-manifestent-contre-un-chalutier-geant\">\u00ab&nbsp;La plus grande machine \u00e0 tuer&nbsp;\u00bb&nbsp;: en Bretagne, ils manifestent contre un chalutier g\u00e9ant<\/a> (Reporterre)<\/p>\n\n\n\n<p><strong>Gr\u00e8ves<\/strong><\/p>\n\n\n\n<p><strong><a href=\"https:\/\/www.force-ouvriere.fr\/greve-des-controleurs-halte-a-la-desinformation\">Gr\u00e8ve des contr\u00f4leurs&nbsp;: halte \u00e0 la d\u00e9sinformation&nbsp;!<\/a> (FO)<\/strong><\/p>\n\n\n\n<p><a href=\"https:\/\/www.lest-eclair.fr\/id569898\/article\/2024-02-16\/greve-chez-lacoste-lentrepot-toujours-bloque\">Gr\u00e8ve chez Lacoste, \u00e0 Buch\u00e8res&nbsp;: l\u2019entrep\u00f4t bloqu\u00e9 depuis lundi, le mouvement continue<\/a> (L\u2019Est \u00e9clair)<\/p>\n\n\n\n<p><a href=\"https:\/\/cholet.maville.com\/actu\/actudet_-salaires-une-greve-annoncee-par-la-cgt-chez-graphic-packaging-international-a-cholet-_fil-6162290_actu.Htm\">Salaires&nbsp;: une gr\u00e8ve annonc\u00e9e par la CGT chez Graphic packaging international \u00e0 Cholet<\/a>&nbsp; (Ouest-France)<\/p>\n\n\n\n<p><a href=\"https:\/\/www.ouest-france.fr\/economie\/entreprises\/la-poste\/la-greve-des-postiers-va-setendre-au-dela-de-nantes-04809f72-cced-11ee-84f3-30cb0ba0cd2f\">La gr\u00e8ve des Postiers va s\u2019\u00e9tendre au-del\u00e0 de Nantes <\/a>(Ouest-France)<\/p>\n\n\n\n<p><a href=\"https:\/\/caen.maville.com\/actu\/actudet_-chez-legallais-la-cgt-et-la-cfdt-durcissent-la-greve-pour-les-salaires-_fil-6162272_actu.Htm\">Chez Legallais, la CGT et la CFDT durcissent la gr\u00e8ve pour les salaires<\/a>&nbsp; (Ouest-France)<\/p>\n\n\n\n<p><a href=\"https:\/\/www.midilibre.fr\/2024\/02\/16\/menace-de-greve-pendant-escale-a-sete-les-chauffeurs-de-bus-keolis-deposent-leur-preavis-pour-la-manifestation-11768938.php\">Menace de gr\u00e8ve pendant Escale \u00e0 S\u00e8te : les chauffeurs de bus Keolis d\u00e9posent leur pr\u00e9avis pour le festival <\/a>(Midi Libre)<\/p>\n\n\n\n<p><strong>Monde<\/strong><\/p>\n\n\n\n<p><a href=\"https:\/\/www.wsws.org\/fr\/articles\/2024\/02\/16\/saah-f16.html\">Face \u00e0 la vague de gr\u00e8ves sauvages en <strong>Turquie<\/strong>, les bureaucrates syndicaux accusent les travailleurs de terrorisme<\/a> (WSWS)<\/p>\n\n\n\n<p><a href=\"https:\/\/lanticapitaliste.org\/actualite\/international\/athenes-une-manif-geante-pour-refuser-les-facs-privees\">\u00c0 <strong>Ath\u00e8nes<\/strong>, une manif g\u00e9ante pour refuser les facs priv\u00e9es\u2009!<\/a> (l\u2019Anticapitaliste)<\/p>\n\n\n\n<p class=\"has-accent-color has-text-color has-link-color wp-elements-c08dbafb835488fc2175b04416274782\"><strong>USA<\/strong> : <a href=\"https:\/\/www.zonebourse.com\/cours\/action\/FORD-MOTOR-COMPANY-12542\/actualite\/Les-travailleurs-de-l-UAW-de-l-usine-de-camions-Ford-du-Kentucky-deposent-un-preavis-de-greve-45974211\/\">Les travailleurs de l&rsquo;UAW de l&rsquo;usine de camions Ford du Kentucky d\u00e9posent un pr\u00e9avis de gr\u00e8ve<\/a> (Zonebourse)<\/p>\n\n\n\n<p><strong>Analyse<\/strong><\/p>\n\n\n\n<p><strong><a href=\"https:\/\/rebellyon.info\/La-CGT-devoile-un-document-ultra-detaille-25666\">La&nbsp;CGT&nbsp;d\u00e9voile un document sur la loi \u00ab&nbsp;Plein emploi&nbsp;\u00bb, France Travail et le r\u00e9seau pour l\u2019emploi<\/a> (Rebellyon)<\/strong><\/p>\n\n\n\n<p><a href=\"https:\/\/www.revolutionpermanente.fr\/Derogations-aux-accords-de-branches-vers-une-nouvelle-attaque-contre-le-Code-du-Travail\">D\u00e9rogations aux accords de branches&nbsp;: vers une nouvelle attaque contre le Code du Travail<\/a> (RP)<\/p>\n\n\n\n<p class=\"has-text-color has-link-color wp-elements-e4704302a59d80467765640796fecd40\" style=\"color:#f60707\"><strong>16 f\u00e9vrier<\/strong><\/p>\n\n\n\n<p><a href=\"https:\/\/www.liberation.fr\/societe\/familles\/protection-de-lenfance-a-clermont-ferrand-une-mobilisation-apres-le-suicide-dune-ado-placee-dans-une-chambre-dhotel-20240215_UA6O5CPNDJHTLDHCICJOOIBWC4\/\">Clermont-Ferrand, une mobilisation apr\u00e8s le suicide d\u2019une ado plac\u00e9e dans une chambre d\u2019h\u00f4tel <\/a>(Lib\u00e9ration)<\/p>\n\n\n\n<p><a href=\"https:\/\/lepoing.net\/montpellier-le-lieu-militant-les-bouzarts-lance-une-cagnotte-de-soutien-pour-aider-des-precaires\/\">Montpellier : Le lieu militant Les Bouzarts lance une cagnotte de soutien pour aider des pr\u00e9caires<\/a> (Le Poing)<\/p>\n\n\n\n<p><a href=\"https:\/\/rebellyon.info\/Casse-de-l-education-prioritaire-groupe-25665\">Casse de l\u2019\u00e9ducation prioritaire, groupe de niveaux, tri social\u2026 la col\u00e8re gronde au coll\u00e8ge Maria Casar\u00e8s <\/a>(Rebellyon)<\/p>\n\n\n\n<p><strong><a href=\"https:\/\/www.revolutionpermanente.fr\/Stellantis-fait-18-6-milliards-d-euros-de-benefices-et-met-des-centaines-d-interimaires-a-la-porte\">Stellantis fait 18,6 milliards d\u2019euros de b\u00e9n\u00e9fices et met des centaines d\u2019int\u00e9rimaires \u00e0 la porte<\/a> (RP)<\/strong><\/p>\n\n\n\n<p><strong>Gr\u00e8ves<\/strong><\/p>\n\n\n\n<p><strong><a href=\"https:\/\/www.msn.com\/fr-fr\/actualite\/france\/la-sncf-en-gr%C3%A8ve-pour-les-vacances-la-nouvelle-astuce-des-s%C3%A9nateurs-pour-encadrer-le-droit-de-gr%C3%A8ve\/ar-BB1ijBZ6\">La SNCF en gr\u00e8ve : la nouvelle astuce des s\u00e9nateurs pour encadrer le droit de gr\u00e8ve<\/a> (Le Huff Post)<\/strong><\/p>\n\n\n\n<p><a href=\"https:\/\/www.revolutionpermanente.fr\/3eme-jour-de-greve-a-Neuhauser-la-colere-contre-la-repression-syndicale-renforce-la-determination\">3\u00e8me jour de gr\u00e8ve&nbsp;: \u00e0 Neuhauser, la col\u00e8re contre la r\u00e9pression syndicale renforce la d\u00e9termination<\/a> (RP)<\/p>\n\n\n\n<p><a href=\"https:\/\/www.humanite.fr\/social-et-economie\/cgt-cheminots\/porter-luniforme-sncf-nest-plus-une-fierte-avant-la-greve-les-controleurs-desabuses\">\u00ab&nbsp;Porter l\u2019uniforme SNCF n\u2019est plus une fiert\u00e9&nbsp;\u00bb&nbsp;: avant la gr\u00e8ve, les contr\u00f4leurs d\u00e9sabus\u00e9s<\/a> (l\u2019Humanit\u00e9)<\/p>\n\n\n\n<p><a href=\"https:\/\/www.lest-eclair.fr\/id569581\/article\/2024-02-15\/greve-chez-lacoste-le-blocage-reste-total-lentrepot-logistique\">Gr\u00e8ve chez Lacoste&nbsp;: le blocage reste total \u00e0 l\u2019entrep\u00f4t logistique de Buch\u00e8res<\/a> (L\u2019Est \u00e9clair)<\/p>\n\n\n\n<p><a href=\"https:\/\/www.lavoixdunord.fr\/1430719\/article\/2024-02-15\/greve-lme-trith-saint-leger-pour-reclamer-des-augmentations-de-salaires\">Gr\u00e8ve \u00e0 LME Trith-Saint-L\u00e9ger pour r\u00e9clamer des augmentations de salaires<\/a> (La Voix du Nord)<\/p>\n\n\n\n<p><a href=\"https:\/\/vannes.maville.com\/sport\/detail_-a-groix-le-personnel-soignant-de-l-ehpad-ty-laouen-est-a-bout-et-se-met-en-greve-_fil-6161003_actu.Htm\">\u00c0 Groix, le personnel soignant de l\u2019Ehpad Ty Laouen est \u00e0 bout et se met en gr\u00e8ve<\/a>&nbsp;(Ouest-France)<\/p>\n\n\n\n<p><a href=\"https:\/\/www.courrier-picard.fr\/id494527\/article\/2024-02-15\/fin-de-la-greve-des-salaries-chez-nemera-au-treport\">Fin de la gr\u00e8ve des salari\u00e9s chez Nemera, au Tr\u00e9port<\/a> (Courrier Picard)<\/p>\n\n\n\n<p><a href=\"https:\/\/www.lindependant.fr\/2024\/02\/15\/greve-des-postiers-a-perpignan-chaque-jour-on-a-davantage-de-mal-a-joindre-les-deux-bouts-11766931.php\">Gr\u00e8ve des postiers \u00e0 Perpignan : \u00ab\u00a0Chaque jour, on a davantage de mal \u00e0 joindre les deux bouts\u00a0\u00bb<\/a> (L\u2019ind\u00e9pendant)<\/p>\n\n\n\n<p><a href=\"https:\/\/www.dna.fr\/economie\/2024\/02\/15\/les-salaries-des-deux-plateformes-logistiques-u-log-de-mulhouse-en-greve\">Les salari\u00e9s des deux plateformes logistiques \u00ab&nbsp;U Log&nbsp;\u00bb de Mulhouse en gr\u00e8ve<\/a> (DNA)<\/p>\n\n\n\n<p><a href=\"https:\/\/www.charentelibre.fr\/le-cognac\/cognac-rouillac-en-greve-les-salaries-de-martell-reclament-leur-part-du-gateau-18584797.php\">Vid\u00e9o &#8211; Cognac\/Rouillac : en gr\u00e8ve, les salari\u00e9s de Martell r\u00e9clament leur part du g\u00e2teau<\/a> (Charente Libre)<\/p>\n\n\n\n<p><a href=\"https:\/\/www.ledauphine.com\/sante\/2024\/02\/15\/le-mouvement-de-greve-se-poursuit-au-centre-hospitalier\">\u00ab On se dirige vers une maltraitance institutionnelle \u00bb : la gr\u00e8ve se poursuit au centre hospitalier<\/a> (Le Dauphin\u00e9)<\/p>\n\n\n\n<p><strong>Monde<\/strong><\/p>\n\n\n\n<p><strong><a href=\"https:\/\/www.equaltimes.org\/au-japon-la-creation-d-anime-et-de\">Au Japon, la cr\u00e9ation d\u2019anime et de manga cache une grande pr\u00e9carit\u00e9<\/a> (Equal Times)<\/strong><\/p>\n\n\n\n<p><a href=\"https:\/\/www.zonebourse.com\/cours\/action\/LUFTHANSA-436827\/actualite\/L-unite-Discover-de-Lufthansa-fait-face-a-une-nouvelle-greve-des-pilotes-45965097\/\"><strong>Allemagne<\/strong> : L\u2019unit\u00e9 Discover de Lufthansa fait face \u00e0 une nouvelle gr\u00e8ve des pilotes<\/a> (Zonebourse)<\/p>\n\n\n\n<p><strong>Analyse<\/strong><\/p>\n\n\n\n<p><a href=\"https:\/\/www.inegalites.fr\/Les-enfants-de-familles-aisees-plus-exposes-a-la-pollution-mais-leur-sante-est\">Les enfants de familles ais\u00e9es plus expos\u00e9s \u00e0 la pollution, mais leur sant\u00e9 est moins affect\u00e9e<\/a> (Observatoire des in\u00e9galit\u00e9s)<\/p>\n\n\n\n<p><a href=\"https:\/\/theconversation.com\/comment-le-teletravail-impacte-t-il-nos-mobilites-223121\">Comment le t\u00e9l\u00e9travail&nbsp;impacte-t-il nos&nbsp;mobilit\u00e9s&nbsp;?<\/a>&nbsp; (The conversation)<\/p>\n\n\n\n<p class=\"has-text-color has-link-color wp-elements-f0356668ac062a4cfa5c0b22940d6c38\" style=\"color:#f40707\"><strong>15 f\u00e9vrier<\/strong><\/p>\n\n\n\n<p><a href=\"https:\/\/rebellyon.info\/6-interpellations-et-3-perquisitions-25663\">6 interpellations et 3 perquisitions pour des escaliers repeints aux couleurs du drapeau Palestinien<\/a> (Rebellyon)<\/p>\n\n\n\n<p><strong><a href=\"https:\/\/basta.media\/avec-suppression-ass-demandeurs-emploi-plus-50-ans-dans-viseur\">Avec la suppression de l\u2019ASS, les demandeurs d\u2019emploi de plus de 50 ans dans le viseur<\/a> (Basta!)<\/strong><\/p>\n\n\n\n<p><strong>Gr\u00e8ves<\/strong><\/p>\n\n\n\n<p><strong><a href=\"https:\/\/rapportsdeforce.fr\/classes-en-lutte\/controleurs-sncf-une-greve-categorielle-tres-majoritaire-021420472\">Contr\u00f4leurs SNCF&nbsp;: une gr\u00e8ve cat\u00e9gorielle tr\u00e8s majoritaire<\/a> (Rapports de force)<\/strong><\/p>\n\n\n\n<p><a href=\"https:\/\/lepoing.net\/montpellier-mouvement-de-greve-chez-ubisfot-pour-de-meilleurs-salaires2\/\">Montpellier : mouvement de gr\u00e8ve chez Ubisoft pour de meilleurs salaires<\/a>&nbsp; (Le Poing)<\/p>\n\n\n\n<p><strong><a href=\"https:\/\/www.humanite.fr\/social-et-economie\/conflit-social\/video-mobilisation-nationale-chez-ubisoft-au-coeur-du-piquet-de-greve-de-montreuil\">Vid\u00e9o. Mobilisation nationale chez Ubisoft : au c\u0153ur du piquet de gr\u00e8ve de Montreuil<\/a> (l\u2019Humanit\u00e9)<\/strong><\/p>\n\n\n\n<p><a href=\"https:\/\/www.humanite.fr\/social-et-economie\/alstom\/alstom-le-geant-ferroviaire-supprime-293-postes-en-france\">Alstom&nbsp;: le g\u00e9ant ferroviaire supprime 293 postes en France<\/a> (l\u2019Humanit\u00e9)<\/p>\n\n\n\n<p><a href=\"https:\/\/www.force-ouvriere.fr\/groupe-pernod-ricard-les-salaries-du-champagne-exigent-une\">Groupe Pernod-Ricard&nbsp;: les salari\u00e9s du champagne exigent une redistribution des b\u00e9n\u00e9fices<\/a> (FO)<\/p>\n\n\n\n<p><a href=\"https:\/\/www.force-ouvriere.fr\/les-salaries-de-la-clinique-de-vontes-korian-sont-en-greve\">Les salari\u00e9s de la Clinique de Vontes (Korian) sont en gr\u00e8ve depuis le mardi 13&nbsp;f\u00e9vrier 2024&nbsp;!<\/a> (FO)&nbsp;<\/p>\n\n\n\n<p><a href=\"https:\/\/www.revolutionpermanente.fr\/Enedis-n-est-pas-au-dessus-des-lois-rassemblement-contre-la-repression-syndicale-en-Gironde\">Enedis n\u2019est pas \u00ab&nbsp;au-dessus des lois&nbsp;\u00bb&nbsp;: rassemblement contre la r\u00e9pression syndicale en Gironde<\/a> (RP)<\/p>\n\n\n\n<p><a href=\"https:\/\/www.rue89strasbourg.com\/greve-enseignants-college-mort-leclerc-schiltigheim-293963\">Gr\u00e8ve des enseignants jeudi et \u00ab&nbsp;coll\u00e8ge mort&nbsp;\u00bb vendredi \u00e0 Schiltigheim<\/a> (Rue 89)<\/p>\n\n\n\n<p><a href=\"https:\/\/www.ladepeche.fr\/2024\/02\/14\/greve-des-postiers-a-mirande-la-recherche-dune-fin-de-conflit-11765703.php\">Gr\u00e8ve des postiers \u00e0 Mirande : la recherche d\u2019une fin de conflit<\/a> (La D\u00e9p\u00eache)<\/p>\n\n\n\n<p><a href=\"https:\/\/www.lalsace.fr\/environnement\/2024\/02\/15\/les-hydrogeologues-agrees-en-greve-illimitee\">Les hydrog\u00e9ologues agr\u00e9\u00e9s en gr\u00e8ve illimit\u00e9e<\/a> (L\u2019Alsace)<\/p>\n\n\n\n<p><a href=\"https:\/\/www.lindependant.fr\/2024\/02\/14\/pyrenees-orientales-greve-pour-les-salaires-a-la-poste-ce-jeudi-des-perturbations-annoncees-11765514.php\">Pyr\u00e9n\u00e9es-Orientales : gr\u00e8ve pour les salaires \u00e0 La Poste ce jeudi, des perturbations annonc\u00e9es<\/a> (L\u2019ind\u00e9pendant)<\/p>\n\n\n\n<p><a href=\"https:\/\/www.lamontagne.fr\/saint-remy-sur-durolle-63550\/actualites\/tout-le-monde-est-a-bout-des-employes-de-la-maison-denfants-arc-en-ciel-en-greve-a-saint-remy-sur-durolle_14453266\/\">\u00ab\u00a0Tout le monde est \u00e0 bout\u00a0\u00bb : des employ\u00e9s de la Maison d\u2019enfants Arc-en-ciel en gr\u00e8ve \u00e0 Saint-R\u00e9my-sur-Durolle<\/a> (La Montagne)<\/p>\n\n\n\n<p><a href=\"https:\/\/www.letelegramme.fr\/bretagne\/faute-deffectifs-suffisants-les-operateurs-du-18-seront-en-greve-vendredi-a-vannes-6526234.php\">Faute d\u2019effectifs suffisants, les op\u00e9rateurs du 18 seront en gr\u00e8ve&nbsp;vendredi \u00e0 Vannes<\/a> (Le T\u00e9l\u00e9gramme)<\/p>\n\n\n\n<p><a href=\"https:\/\/www.charentelibre.fr\/charente\/cognac\/chez-safran-cognac-la-greve-tient-son-rang-18569964.php\">Chez Safran Cognac, la gr\u00e8ve tient son rang<\/a> (Charente Libre)<\/p>\n\n\n\n<p><strong>Monde<\/strong><\/p>\n\n\n\n<p><a href=\"https:\/\/www.wsws.org\/fr\/articles\/2024\/02\/14\/dbdx-f14.html\"><strong>Etats-Unis<\/strong> : Ford Saarlouis: le syndicat IG Metall et le comit\u00e9 d&rsquo;entreprise scellent la fermeture de l\u2019usine<\/a> (WSWS)<\/p>\n\n\n\n<p><a href=\"https:\/\/www.lapresse.ca\/actualites\/education\/2024-02-14\/universite-laval\/les-charges-de-cours-declenchent-la-greve.php\"><strong>Canada<\/strong> : Les charg\u00e9s de cours d\u00e9clenchent la gr\u00e8ve<\/a> (La Presse)<\/p>\n\n\n\n<p><strong>Analyse<\/strong><\/p>\n\n\n\n<p><strong><a href=\"https:\/\/www.blast-info.fr\/articles\/2024\/de-lexploitation-consentie-a-la-soumission-heureuse-le-nouvel-age-du-salariat-dans-une-etrange-affaire-de-pierre-granier-deferre-5MIhTK9TT_28EWJ-Fn0l8A\">De l\u2019exploitation consentie \u00e0 la soumission heureuse&nbsp;dans \u00ab&nbsp;Une \u00e9trange affaire&nbsp;\u00bb de Pierre Granier-Deferre <\/a>(Blast)<\/strong><\/p>\n\n\n\n<p class=\"has-text-color has-link-color wp-elements-26562673017f97cf632e6674e3a02297\" style=\"color:#f60505\"><strong>14 f\u00e9vrier<\/strong><\/p>\n\n\n\n<p><a href=\"https:\/\/www.revolutionpermanente.fr\/Contre-l-offensive-israelienne-a-Rafah-tous-devant-le-ministere-des-Affaires-Etrangeres-ce-mercredi\">Contre l\u2019offensive isra\u00e9lienne \u00e0 Rafah&nbsp;: tous devant le minist\u00e8re des Affaires Etrang\u00e8res ce mercredi&nbsp;!<\/a> (RP)<\/p>\n\n\n\n<p><a href=\"https:\/\/www.revolutionpermanente.fr\/Gendarmes-vigiles-lettre-d-intimidation-la-direction-de-Neuhauser-tente-d-instaurer-un-climat1\">Gendarmes, vigiles, lettre d\u2019intimidation&nbsp;: la direction de Neuhauser tente d\u2019instaurer un climat policier<\/a> (RP)<\/p>\n\n\n\n<p><a href=\"https:\/\/www.humanite.fr\/social-et-economie\/jeux-video\/jeu-video-le-malaise-social-grandit-chez-dont-nod\">Jeu vid\u00e9o : le malaise social grandit chez Don\u2019t Nod<\/a> (l\u2019Humanit\u00e9)<\/p>\n\n\n\n<p><strong>Gr\u00e8ves<\/strong><\/p>\n\n\n\n<p><a href=\"https:\/\/www.humanite.fr\/social-et-economie\/cgt-cheminots\/sncf-70-a-90-des-controleurs-feront-greve-ce-week-end-annonce-la-cgt\">SNCF&nbsp;: \u00ab&nbsp;70 \u00e0 90&nbsp;% des contr\u00f4leurs feront gr\u00e8ve ce week-end \u00bb, annonce la CGT<\/a> (l\u2019Humanit\u00e9)<\/p>\n\n\n\n<p><a href=\"https:\/\/www.msn.com\/fr-fr\/actualite\/france\/gr%C3%A8ve-des-contr%C3%B4leurs-sncf-il-y-a-une-volont%C3%A9-daller-jusquau-bout-du-conflit-pr%C3%A9vient-sud-rail\/ar-BB1ieca7\">Gr\u00e8ve des contr\u00f4leurs SNCF : \u00ab\u00a0Il y a une volont\u00e9 d&rsquo;aller jusqu&rsquo;au bout du conflit\u00a0\u00bb, pr\u00e9vient Sud Rail<\/a> (franceinfo)<\/p>\n\n\n\n<p><a href=\"https:\/\/www.ouest-france.fr\/economie\/greve\/greve-des-taxis-les-acces-a-laeroport-de-nantes-bloques-les-chauffeurs-determines-8ce7ebf0-ca53-11ee-a3b1-a38454b34a5c\">Gr\u00e8ve des taxis&nbsp;: les acc\u00e8s \u00e0 l\u2019a\u00e9roport de Nantes bloqu\u00e9s, les chauffeurs d\u00e9termin\u00e9s<\/a> (Ouest-France)<\/p>\n\n\n\n<p><a href=\"https:\/\/www.dna.fr\/social\/2024\/02\/13\/essity-a-kunheim-en-greve\">Essity \u00e0 Kunheim, en gr\u00e8ve<\/a> (DNA)<\/p>\n\n\n\n<p><a href=\"https:\/\/www.franceguyane.fr\/actualite\/social\/greve-cayenne-plus-que-jamais-dans-limpasse-974914.php\">Gr\u00e8ve : Cayenne plus que jamais dans l&rsquo;impasse<\/a> (France-Cayenne)<\/p>\n\n\n\n<p><a href=\"https:\/\/www.leparisien.fr\/paris-75\/a-paris-la-tour-eiffel-sous-le-coup-dune-greve-reconductible-a-partir-du-19-fevrier-13-02-2024-SING2QURDFCZDDGGJSGHBB4TBY.php\">\u00c0 Paris, la tour Eiffel sous le coup d\u2019une gr\u00e8ve reconductible \u00e0 partir du 19&nbsp;f\u00e9vrier<\/a> (Le Parisien)<\/p>\n\n\n\n<p><a href=\"https:\/\/vannes.maville.com\/actu\/actudet_-les-sapeurs-pompiers-morbihannais-du-18-seront-en-greve-vendredi-_fil-6157449_actu.Htm\">Les sapeurs-pompiers morbihannais du 18&nbsp;seront en gr\u00e8ve vendredi<\/a>&nbsp;(Ouest-France)<\/p>\n\n\n\n<p><a href=\"https:\/\/www.gamekult.com\/actualite\/greve-a-ubisoft-les-delegues-du-stjv-repondent-a-nos-questions-3050857641.html\">Gr\u00e8ve \u00e0 Ubisoft&nbsp;: les d\u00e9l\u00e9gu\u00e9s du STJV r\u00e9pondent \u00e0 nos questions<\/a> (Gamekult)<\/p>\n\n\n\n<p><a href=\"https:\/\/www.lavoixdunord.fr\/1430076\/article\/2024-02-13\/une-greve-pour-soutenir-un-salarie-menace-de-licenciement-carrefour-supply-chain\">Une gr\u00e8ve pour un salari\u00e9 menac\u00e9 de licenciement \u00e0 Carrefour Supply Chain \u00e0 Aire-sur-la-Lys<\/a> (La Voix du Nord)<\/p>\n\n\n\n<p><a href=\"https:\/\/www.charentelibre.fr\/charente\/cognac\/cognac-greve-annoncee-chez-safran-aerosystems-ce-mercredi-18560755.php\">Cognac : gr\u00e8ve annonc\u00e9e chez Safran Aerosystems ce mercredi<\/a> (Charente Libre)<\/p>\n\n\n\n<p><a href=\"https:\/\/www.lest-eclair.fr\/id568759\/article\/2024-02-13\/la-greve-se-poursuit-chez-lacoste-bucheres\">La gr\u00e8ve des ouvriers des entrep\u00f4ts logistiques se poursuit chez Lacoste \u00e0 Buch\u00e8res<\/a> (L\u2019Est-Eclair)<\/p>\n\n\n\n<p><a href=\"https:\/\/www.courrier-picard.fr\/id493738\/article\/2024-02-13\/abbeville-la-cgt-de-la-ville-et-de-lagglomeration-menace-dun-mouvement-de-greve\">Abbeville&nbsp;: la CGT de la Ville et de l\u2019Agglom\u00e9ration menace d\u2019un mouvement de gr\u00e8ve<\/a> (Le Courrier Picard)<\/p>\n\n\n\n<p><a href=\"https:\/\/www.ladepeche.fr\/2024\/02\/13\/on-recoit-des-dons-15e-jour-de-greve-pour-les-postiers-de-mirande-11763310.php\">\u00ab\u00a0On re\u00e7oit des dons\u00a0\u00bb : 15e jour de gr\u00e8ve pour les postiers de Mirande<\/a> (La D\u00e9p\u00eache)<\/p>\n\n\n\n<p><a href=\"https:\/\/www.estrepublicain.fr\/culture-loisirs\/2024\/02\/13\/un-preavis-de-greve-plane-sur-la-polyclinique-de-gentilly\">Un pr\u00e9avis de gr\u00e8ve plane sur la polyclinique de Gentilly<\/a> (L\u2019Est R\u00e9publicain)<\/p>\n\n\n\n<p><a href=\"https:\/\/www.lobservateur.fr\/orchies-greve-chez-atalian-ce-mardi-13-fevrier\/\">Orchies : un mouvement de gr\u00e8ve chez Atalian ce mardi 13 f\u00e9vrier<\/a> (L\u2019Observatoire)<\/p>\n\n\n\n<p><a href=\"https:\/\/www.paris-normandie.fr\/id493697\/article\/2024-02-13\/malgre-de-nouvelles-negociations-chez-revima-la-greve-continue-rives-en-seine\">Malgr\u00e9 de nouvelles n\u00e9gociations chez Revima, la gr\u00e8ve continue \u00e0 Rives-en-Seine<\/a> (Paris-Normandie)<\/p>\n\n\n\n<p><strong>Monde<\/strong><\/p>\n\n\n\n<p><a href=\"https:\/\/www.msn.com\/fr-ca\/actualites\/other\/quand-la-gr%C3%A8ve-devient-un-outil-n%C3%A9cessaire-en-milieu-universitaire\/ar-BB1ieSoY\"><strong>Canada<\/strong> : Quand la gr\u00e8ve devient un outil n\u00e9cessaire en milieu universitaire<\/a> (Le Devoir)<\/p>\n\n\n\n<p><strong><a href=\"https:\/\/www.msn.com\/fr-ch\/actualite\/other\/gr%C3%A8ve-au-royaume-uni-les-travailleurs-des-plateformes-se-mettent-en-gr%C3%A8ve-pour-la-saint-valentin\/ar-BB1idHFI\">Gr\u00e8ve au Royaume-Uni: Les travailleurs des plateformes se mettent en gr\u00e8ve pour la Saint-Valentin<\/a> (Blick)<\/strong><\/p>\n\n\n\n<p><a href=\"https:\/\/www.zonebourse.com\/cours\/action\/ALASKA-AIR-GROUP-INC-11619\/actualite\/Les-agents-de-bord-d-Alaska-Air-autorisent-une-greve-pour-la-premiere-fois-depuis-trois-decennies-45943231\/\">Les agents de bord <strong>d&rsquo;Alaska<\/strong> Air autorisent une gr\u00e8ve pour la premi\u00e8re fois depuis trois d\u00e9cennies<\/a> (Zonebourse)<\/p>\n\n\n\n<p><strong>Analyse<\/strong><\/p>\n\n\n\n<p><strong><a href=\"https:\/\/www.youtube.com\/watch?v=ZipTXPgzldc&amp;ab_channel=BLAST%2CLesouffledel%27info\">Attal, Macron : une guerre sociale contre les pauvres, d\u00e9cryptage avec M. Zemmour (partie 2)<\/a> (Blast)<\/strong><\/p>\n\n\n\n<p><a href=\"https:\/\/www.inegalites.fr\/propositions-contre-inegalites-travail-precaire\">Comment lutter contre la pr\u00e9carisation du travail&nbsp;?<\/a> (Observatoire des in\u00e9galit\u00e9s)<\/p>\n\n\n\n<p><strong><a href=\"https:\/\/lvsl.fr\/ruffin-binet-mercier-le-choix-du-mal-travail\/\">Ruffin, Binet, Mercier : le choix du mal-travail<\/a> (LVSL)<\/strong><\/p>\n\n\n\n<p class=\"has-text-color has-link-color wp-elements-17673e10f2f277557c9d09a6b935526b\" style=\"color:#f80606\"><strong>13 f\u00e9vrier<\/strong><\/p>\n\n\n\n<p><a href=\"https:\/\/www.revolutionpermanente.fr\/Scandale-Christian-Porta-delegue-CGT-accuse-de-harceler-sa-direction-et-menace-de-licenciement\">Scandale&nbsp;: Christian Porta, d\u00e9l\u00e9gu\u00e9 CGT, accus\u00e9 de \u00ab&nbsp;harceler&nbsp;\u00bb sa direction et menac\u00e9 de licenciement<\/a> (RP)<\/p>\n\n\n\n<p><strong><a href=\"https:\/\/www.humanite.fr\/social-et-economie\/cgt\/repression-antisyndicale-des-militants-cgt-cibles-par-la-societe-transdev-a-roissy\">R\u00e9pression antisyndicale : des militants CGT cibl\u00e9s par la soci\u00e9t\u00e9 Transdev \u00e0 Roissy<\/a> (l\u2019Humanit\u00e9)<\/strong><\/p>\n\n\n\n<p><strong>Gr\u00e8ves<\/strong><\/p>\n\n\n\n<p><a href=\"https:\/\/www.sudouest.fr\/economie\/transports\/sncf-une-greve-le-week-end-prochain-jean-pierre-farandou-appelle-les-controleurs-a-bien-reflechir-18555133.php\">SNCF&nbsp;: une gr\u00e8ve le week-end prochain\u202f? JP Farandou appelle les contr\u00f4leurs \u00e0 bien \u00ab&nbsp;r\u00e9fl\u00e9chir&nbsp;\u00bb<\/a> (Sud Ouest)<\/p>\n\n\n\n<p><a href=\"https:\/\/www.ouest-france.fr\/info-trafic\/greve-des-taxis-a-nantes-une-operation-escargot-en-cours-trafic-deja-sature-sur-le-peripherique-64e9b7e0-ca3b-11ee-a3b1-a38454b34a5c\">Gr\u00e8ve des taxis \u00e0 Nantes&nbsp;: une op\u00e9ration escargot en cours, trafic d\u00e9j\u00e0 satur\u00e9 sur le p\u00e9riph\u00e9rique<\/a> (Ouest-France)<\/p>\n\n\n\n<p><a href=\"https:\/\/www.ouest-france.fr\/economie\/greve\/tour-eiffel-les-syndicats-votent-un-preavis-de-greve-reconductible-a-partir-du-19-fevrier-69aaa77e-c9de-11ee-bd89-65961cacb703\">Tour Eiffel&nbsp;: les syndicats votent&nbsp;un pr\u00e9avis de gr\u00e8ve reconductible \u00e0 partir du 19&nbsp;f\u00e9vrie<\/a>r (Ouest-France)<\/p>\n\n\n\n<p><a href=\"https:\/\/france3-regions.francetvinfo.fr\/grand-est\/aube\/troyes\/greve-des-employes-de-lacoste-mepris-fins-de-mois-a-decouvert-les-raisons-de-leur-colere-2923068.html\">Gr\u00e8ve des employ\u00e9s de Lacoste : \u00ab\u00a0m\u00e9pris\u00a0\u00bb, \u00ab\u00a0fins de mois \u00e0 d\u00e9couvert\u00a0\u00bb&#8230; les raisons de leur col\u00e8re<\/a> (franceinfo)<\/p>\n\n\n\n<p><a href=\"https:\/\/www.clicanoo.re\/article\/societe\/2024\/02\/13\/les-syndicats-action-categorie-c-et-avenir-secours-annoncent-un-preavis-de-greve\">Les syndicats Action Cat\u00e9gorie C et Avenir Secours annoncent un pr\u00e9avis de gr\u00e8ve<\/a> (Clicanoo)<\/p>\n\n\n\n<p><a href=\"https:\/\/actu.fr\/normandie\/lisieux_14366\/lisieux-les-salaries-de-charal-en-greve-ils-denoncent-des-cadences-trop-elevees_60689615.html\">Lisieux. Les salari\u00e9s de Charal en gr\u00e8ve, ils d\u00e9noncent des \u00ab\u00a0cadences trop \u00e9lev\u00e9es\u00a0\u00bb<\/a> (actu)<\/p>\n\n\n\n<p><a href=\"https:\/\/www.letelegramme.fr\/finistere\/chateaulin-29150\/greve-dans-les-ecoles-a-chateaulin-des-incidences-a-kerjean-et-kerneis-6524790.php\">Gr\u00e8ve dans les \u00e9coles&nbsp;: \u00e0 Ch\u00e2teaulin, des incidences \u00e0 Kerjean et Kern\u00e9is<\/a> (Le T\u00e9l\u00e9gramme)<\/p>\n\n\n\n<p><a href=\"https:\/\/www.lest-eclair.fr\/id568427\/article\/2024-02-12\/lacoste-pourquoi-les-ouvriers-de-la-logistique-bucheres-sont-en-greve\">Lacoste&nbsp;: pourquoi les ouvriers de la logistique \u00e0 Buch\u00e8res sont en gr\u00e8ve<\/a> (L\u2019est \u00c9clair)<\/p>\n\n\n\n<p><a href=\"https:\/\/laval.maville.com\/actu\/actudet_-a-laval-les-salaries-d-intelcia-ex-coriolis-appeles-a-faire-greve-_loc-6155597_actu.Htm\">\u00c0 Laval, les salari\u00e9s d\u2019Intelcia (ex-Coriolis) appel\u00e9s \u00e0 faire gr\u00e8ve<\/a>&nbsp; (Ouest-France)<\/p>\n\n\n\n<p><a href=\"https:\/\/www.larep.fr\/dadonville-45300\/actualites\/des-professeurs-en-greve-au-college-mary-jackson-a-dadonville-c-est-un-ras-le-bol_14451612\/\">\u00ab\u00a0C&rsquo;est un ras-le-bol\u00a0\u00bb : des professeurs en gr\u00e8ve dans un coll\u00e8ge du nord du Loiret<\/a> (La R\u00e9publique du Centre)<\/p>\n\n\n\n<p><a href=\"https:\/\/www.tf1info.fr\/sante\/video-reportage-tf1-drome-desert-medical-on-se-sent-abandonnes-face-au-manque-de-soignants-des-habitants-recourent-au-systeme-d-2285980.html\">\u00ab\u00a0On se sent abandonn\u00e9s\u00a0\u00bb : face au manque de soignants, des habitants de la Dr\u00f4me recourent au syst\u00e8me D<\/a> (TF1)<\/p>\n\n\n\n<p><a href=\"https:\/\/www.letelegramme.fr\/finistere\/douarnenez-29100\/a-douarnenez-les-professeurs-de-lecole-francois-guillou-en-greve-ce-mardi-6524877.php\">\u00c0 Douarnenez, les professeurs de l\u2019\u00e9cole Fran\u00e7ois-Guillou en gr\u00e8ve ce mardi <\/a>(Le T\u00e9l\u00e9gramme)<\/p>\n\n\n\n<p><strong>Monde<\/strong><\/p>\n\n\n\n<p><a href=\"https:\/\/www.revolutionpermanente.fr\/Senegal-Un-lyceen-de-19-ans-tue-en-manifestation-la-mobilisation-se-poursuit-contre-Macky-Sall\"><strong>S\u00e9n\u00e9gal<\/strong>. Un lyc\u00e9en de 19 ans tu\u00e9 en manifestation, la mobilisation se poursuit contre Macky Sall<\/a> (RP)<\/p>\n\n\n\n<p><a href=\"https:\/\/www.msn.com\/fr-xl\/actualite\/other\/au-s%C3%A9n%C3%A9gal-les-universit%C3%A9s-d%C3%A9brayent\/ar-BB1iaQPz\">Au <strong>S\u00e9n\u00e9gal<\/strong>, les universit\u00e9s d\u00e9brayent<\/a> (DW)<\/p>\n\n\n\n<p><strong>Analyse<\/strong><\/p>\n\n\n\n<p><strong><a href=\"https:\/\/www.youtube.com\/watch?v=7_jqwZ2xyVU&amp;ab_channel=BLAST%2CLesouffledel%27info\">\u201cLe comportement des poss\u00e9dants est suicidaire\u201d (partie 1)<\/a> (Blast)<\/strong><\/p>\n\n\n\n<p><strong><a href=\"https:\/\/basta.media\/30-000-euros-de-dette-et-pas-encore-18-ans-quand-les-amendes-forfaitaires\">30&nbsp;000 euros de dette et pas encore 18 ans&nbsp;: quand les amendes forfaitaires&nbsp;facilitent l\u2019arbitraire<\/a> (Basta!)<\/strong><\/p>\n\n\n\n<p><a href=\"https:\/\/rapportsdeforce.fr\/pas-de-cote\/chomage-des-seniors-en-trois-ans-je-nai-recu-quun-seul-appel-021320395\">Ch\u00f4mage des seniors : \u00ab en trois ans, je n\u2019ai re\u00e7u qu\u2019un seul appel \u00bb<\/a> (Rapport de force)<\/p>\n\n\n\n<p class=\"has-text-color has-link-color wp-elements-4ea276fde95ae43590e02a5e5b501470\" style=\"color:#f70c0c\"><strong>12 f\u00e9vrier<\/strong><\/p>\n\n\n\n<p><a href=\"https:\/\/www.liberation.fr\/environnement\/en-images-dans-le-tarn-le-week-end-de-mobilisation-contre-la69-tourne-aux-heurts-20240211_JGV7XLQDHRDUBCZ6CM4UW6KWOE\/\">Dans le Tarn, le week-end de mobilisation contre l\u2019A69 tourne aux heurts<\/a> (Lib\u00e9ration)<\/p>\n\n\n\n<p><a href=\"https:\/\/rebellyon.info\/L-extreme-droite-sort-encore-les-25657\">L\u2019extr\u00eame droite sort encore les couteaux&nbsp;: Rassemblement unitaire face \u00e0 l\u2019extr\u00eame droite<\/a> (Rebellyon)<\/p>\n\n\n\n<p><strong><a href=\"https:\/\/basta.media\/chasse-aux-arrets-de-travail-medecins-denoncent-campagne-intimidation\">Chasse aux arr\u00eats de travail&nbsp;: des m\u00e9decins d\u00e9noncent \u00ab&nbsp;une campagne d\u2019intimidation g\u00e9n\u00e9rale&nbsp;\u00bb<\/a>&nbsp; (Basta!)<\/strong><\/p>\n\n\n\n<p><strong>Gr\u00e8ves<\/strong><\/p>\n\n\n\n<p><a href=\"https:\/\/www.force-ouvriere.fr\/chez-amcor-flexibles-fo-defend-le-zero-licenciement-contraint\">Chez Amcor Flexibles, FO d\u00e9fend le \u00ab&nbsp;z\u00e9ro licenciement contraint&nbsp;\u00bb<\/a> (FO)<\/p>\n\n\n\n<p><a href=\"https:\/\/www.ouest-france.fr\/bretagne\/concarneau-29900\/a-concarneau-les-agents-municipaux-en-greve-auront-50-pourcent-de-la-prime-ef10f60a-c8dc-11ee-9a26-b3fe0ec43b85\">\u00c0 Concarneau, les agents municipaux en gr\u00e8ve auront 50&nbsp;% de la prime<\/a> (Ouest-France)<\/p>\n\n\n\n<p><a href=\"https:\/\/www.letelegramme.fr\/finistere\/quimper-29000\/projet-de-67-classes-fermees-dans-le-finistere-un-appel-a-la-greve-et-au-rassemblement-a-quimper-6524012.php\">Projet de 67 classes ferm\u00e9es dans le Finist\u00e8re&nbsp;: appel \u00e0 la gr\u00e8ve et au rassemblement \u00e0 Quimper<\/a> (Le T\u00e9l\u00e9gramme)<\/p>\n\n\n\n<p><a href=\"https:\/\/www.ouest-france.fr\/sante\/hopital\/une-greve-annoncee-a-lhopital-de-lisieux-tout-le-monde-a-le-droit-a-des-vacances-89c02df8-c8c7-11ee-9a26-b3fe0ec43b85\">Une gr\u00e8ve annonc\u00e9e \u00e0 l\u2019h\u00f4pital de Lisieux&nbsp;: \u00ab&nbsp;Tout le monde a le droit \u00e0 des vacances&nbsp;\u00bb<\/a> (Ouest-France)<\/p>\n\n\n\n<p><a href=\"https:\/\/france3-regions.francetvinfo.fr\/provence-alpes-cote-d-azur\/bouches-du-rhone\/marseille\/un-climat-de-stress-et-de-peur-pourquoi-les-salaries-de-la-grotte-cosquer-font-greve-2922639.html\">\u00ab\u00a0Un climat de stress et de peur\u00a0\u00bb : pourquoi les salari\u00e9s de la grotte Cosquer font gr\u00e8ve<\/a> (franceinfo)<\/p>\n\n\n\n<p><a href=\"https:\/\/www.msn.com\/fr-fr\/actualite\/france\/%C3%A0-perpignan-les-%C3%A9boueurs-%C3%A9teignent-les-braseros-de-la-gr%C3%A8ve\/ar-BB1i6Cay\">\u00c0 Perpignan, les \u00e9boueurs \u00e9teignent les braseros de la gr\u00e8ve<\/a> (Le Parisien)<\/p>\n\n\n\n<p><a href=\"https:\/\/france3-regions.francetvinfo.fr\/provence-alpes-cote-d-azur\/vaucluse\/avignon\/on-ne-pourra-pas-lutter-contre-la-fermeture-des-salaries-d-alinea-manifestent-a-avignon-contre-des-suppressions-de-postes-2922735.html\">Des salari\u00e9s d&rsquo;Alinea manifestent \u00e0 Avignon contre des suppressions de postes<\/a> (franceinfo)<\/p>\n\n\n\n<p><strong>Monde<\/strong><\/p>\n\n\n\n<p><strong><a href=\"https:\/\/www.wsws.org\/fr\/articles\/2024\/02\/12\/enpd-f12.html\">En Italie, les travailleurs de l&rsquo;automobile d\u00e9brayent chez Stellantis Mirafiori pour le troisi\u00e8me jour cons\u00e9cutif<\/a> (WSWS)<\/strong><\/p>\n\n\n\n<p><a href=\"https:\/\/www.zonebourse.com\/cours\/action\/BHP-GROUP-LIMITED-6492795\/actualite\/Les-conducteurs-de-trains-de-minerai-de-fer-de-BHP-Pilbara-feront-greve-pendant-24-heures-vendredi-45929025\/\">Les conducteurs de trains de minerai de fer de BHP Pilbara feront gr\u00e8ve pendant 24 heures vendredi<\/a> (Zonebourse)<\/p>\n\n\n\n<p><a href=\"https:\/\/www.senenews.com\/actualites\/arrestations-massives-les-enseignants-de-louga-declenchent-une-longue-greve_481902.html\">S\u00e9n\u00e9gal : Arrestations massives : Les enseignants de Louga d\u00e9clenchent une longue gr\u00e8ve<\/a> (Senenews)<\/p>\n\n\n\n<p><a href=\"https:\/\/lundi.am\/Une-journee-particuliere-a-Buenos-Aires-5996\">Une journ\u00e9e particuli\u00e8r\u00e8re \u00e0 Buenos Aires<\/a> (Lundi matin)<\/p>\n\n\n\n<p><strong>Analyse<\/strong><\/p>\n\n\n\n<p><a href=\"https:\/\/lvsl.fr\/le-capitalisme-est-en-passe-de-tuer-lagriculture-paysanne-entretien-avec-la-confederation-paysanne\/\">\u201cLe capitalisme est en passe de tuer l\u2019agriculture paysanne\u201d : Entretien avec la conf\u00e9d\u00e9ration paysanne <\/a>(LVSL)<\/p>\n\n\n\n<p class=\"has-text-color has-link-color wp-elements-ab54ae0ea560df9ccee7a944699c635b\" style=\"color:#fa0505\"><strong>10 f\u00e9vrier<\/strong><\/p>\n\n\n\n<p><a href=\"https:\/\/www.revolutionpermanente.fr\/CDI-et-temps-partiel-senior-les-directions-syndicales-au-chevet-du-MEDEF\">CDI et temps partiel senior&nbsp;: les directions syndicales au chevet du MEDEF<\/a> (RP)<\/p>\n\n\n\n<p><strong><a href=\"https:\/\/www.humanite.fr\/social-et-economie\/crous\/elections-lunion-etudiante-simpose-comme-premiere-force-des-crous\">\u00c9lections&nbsp;: l\u2019Union \u00e9tudiante s\u2019impose comme premi\u00e8re force des Crous<\/a> (l\u2019Humanit\u00e9)<\/strong><\/p>\n\n\n\n<p><strong>Gr\u00e8ves<\/strong><\/p>\n\n\n\n<p><a href=\"https:\/\/www.humanite.fr\/social-et-economie\/cfdt\/sncf-une-prime-et-des-embauches-pour-eviter-une-greve-pendant-les-vacances-scolaires\">SNCF&nbsp;: une prime et des embauches pour \u00e9viter une gr\u00e8ve pendant les vacances scolaires<\/a> (l\u2019Humanit\u00e9)<\/p>\n\n\n\n<p><a href=\"https:\/\/www.letelegramme.fr\/finistere\/concarneau-29900\/une-greve-annoncee-dans-les-services-municipaux-de-concarneau-pour-lundi-6523032.php\">Une gr\u00e8ve annonc\u00e9e dans les services municipaux de Concarneau pour lundi<\/a> (Le T\u00e9l\u00e9gramme)<\/p>\n\n\n\n<p><a href=\"https:\/\/www.ouest-france.fr\/economie\/greve\/une-greve-prevue-dans-une-entreprise-charal-de-normandie-pour-denoncer-les-conditions-de-travail-a1c7a524-c760-11ee-bd89-65961cacb703\">Gr\u00e8ve pr\u00e9vue dans une entreprise Charal de Normandie, pour d\u00e9noncer les conditions de travail<\/a> (Ouest-France)<\/p>\n\n\n\n<p><a href=\"https:\/\/www.ouest-france.fr\/pays-de-la-loire\/sainte-hermine-85210\/en-vendee-un-appel-a-la-greve-courte-chez-maitre-coq-a-sainte-hermine-a0646ab0-c76e-11ee-9a26-b3fe0ec43b85\">En Vend\u00e9e, un appel \u00e0 \u00ab&nbsp;la gr\u00e8ve courte&nbsp;\u00bb chez Ma\u00eetre CoQ \u00e0 Sainte-Hermine<\/a> (Ouest-France)<\/p>\n\n\n\n<p><a href=\"https:\/\/www.franceguyane.fr\/actualite\/social\/greve-a-cayenne-lutg-demande-la-demission-du-maire-974396.php\">Gr\u00e8ve \u00e0 Cayenne : l&rsquo;UTG demande la d\u00e9mission du maire<\/a> (France-Guyane)<\/p>\n\n\n\n<p><a href=\"https:\/\/www.clicanoo.re\/article\/societe\/2024\/02\/10\/plus-de-ramassage-des-animaux-morts-65c6e022e00e6\">Gr\u00e8ve illimit\u00e9 au GDS : plus de ramassage des animaux morts<\/a> (Clicanoo)<\/p>\n\n\n\n<p><a href=\"https:\/\/www.francebleu.fr\/infos\/economie-social\/greve-des-eboueurs-dans-l-agglo-de-perpignan-les-agents-votent-la-reprise-du-travail-7449318\">Gr\u00e8ve des \u00e9boueurs dans l&rsquo;agglo de Perpignan&nbsp;: les agents votent la reprise du travail<\/a> (ici)<\/p>\n\n\n\n<p><a href=\"https:\/\/www.francetvinfo.fr\/economie\/transports\/sncf\/greve-a-la-sncf\/sncf-la-menace-d-une-greve-des-controleurs-plane-sur-le-week-end-du-16-au-18-fevrier-pendant-les-vacances-scolaires_6356206.html\">SNCF : la menace d&rsquo;une gr\u00e8ve des contr\u00f4leurs plane sur le week-end du 16 au 18 f\u00e9vrier<\/a> (franceinfo)<\/p>\n\n\n\n<p><a href=\"https:\/\/actu.fr\/occitanie\/mirande_32256\/dans-le-gers-des-facteurs-sont-en-greve-depuis-fin-janvier-le-service-n-est-plus-assure_60680329.html\">Dans le Gers, des facteurs sont en gr\u00e8ve depuis fin janvier : le service n&rsquo;est plus assur\u00e9<\/a> (actu)<\/p>\n\n\n\n<p><a href=\"https:\/\/france3-regions.francetvinfo.fr\/nouvelle-aquitaine\/gironde\/bordeaux\/les-salaries-sont-fatigues-une-centrale-d-achat-de-carrefour-paralysee-par-un-mouvement-de-greve-des-employes-2921625.html\">Une centrale d&rsquo;achat de Carrefour paralys\u00e9e par un mouvement de gr\u00e8ve des employ\u00e9s<\/a> (franceinfo)<\/p>\n\n\n\n<p><a href=\"https:\/\/www.midilibre.fr\/2024\/02\/09\/demain-nous-appartient-la-production-setoise-lun-des-bastions-solides-des-greves-nationales-11755246.php\">Demain nous appartient : la s\u00e9rie s\u00e9toise, l&rsquo;un des bastions solides du mouvement de gr\u00e8ve national<\/a> (Midi Libre)<\/p>\n\n\n\n<p><a href=\"https:\/\/solidaires.org\/connaitre-ses-droits\/solidaires-fp\/les-communiques-fp\/fonction-publique-il-y-a-enfin-un-ministre-il-y-aura-aussi-greve-le-19-mars\/\">Fonction Publique : il y a enfin un ministre, il y aura aussi gr\u00e8ve le 19 mars<\/a> (Solidaires)<\/p>\n\n\n\n<p><strong>Monde<\/strong><\/p>\n\n\n\n<p><a href=\"https:\/\/www.revolutionpermanente.fr\/Senegal-mobilisation-d-ampleur-contre-le-coup-d-Etat-institutionnel-de-Macky-Sall\"><strong>S\u00e9n\u00e9gal<\/strong>&nbsp;: mobilisation d\u2019ampleur contre le coup d\u2019\u00c9tat institutionnel de Macky Sall<\/a> (RP)<\/p>\n\n\n\n<p><strong><a href=\"https:\/\/www.youtube.com\/watch?v=DjmesNLsLLs&amp;ab_channel=Philippe\">Travail forc\u00e9, le SOS d&rsquo;un prisonnier chinois<\/a> (Arte)<\/strong><\/p>\n\n\n\n<p><a href=\"https:\/\/www.dhnet.be\/regions\/brabant\/2024\/02\/09\/greve-chez-inbw-nous-deplorons-lattitude-de-la-cgsp-tant-sur-le-fond-que-sur-la-forme-C5TMUZ2ZPREBZPDMLW2BFNKF5I\/\"><strong>Belgique<\/strong> : Gr\u00e8ve chez InBW&nbsp;: \u201cnous d\u00e9plorons l\u2019attitude de la CGSP, tant sur le fond que sur la forme\u201d<\/a> (DH)<\/p>\n\n\n\n<p><a href=\"https:\/\/www.lalibre.be\/regions\/flandre\/2024\/02\/09\/la-greve-a-la-prison-de-hasselt-est-bien-suivie-IL7OKLHKB5FLBFVOAJMHL25QBY\/\"><strong>Belgique<\/strong> : La gr\u00e8ve \u00e0 la prison de Hasselt est bien suivie<\/a> (La Libre)<\/p>\n\n\n\n<p><strong><a href=\"https:\/\/www.msn.com\/fr-fr\/actualite\/monde\/les-agriculteurs-polonais-entament-une-gr%C3%A8ve-g%C3%A9n%C3%A9rale\/ar-BB1i1ZGX\">Les agriculteurs polonais entament une gr\u00e8ve g\u00e9n\u00e9rale<\/a> (Reuters)<\/strong><\/p>\n\n\n\n<p><a href=\"https:\/\/www.lalibre.be\/dernieres-depeches\/2024\/02\/09\/espagne-plus-de-300-trains-annules-en-raison-dune-greve-a-la-renfe-4UN3JQHPNRFALL4KLB5YZIPYQE\/\"><strong>Espagne<\/strong>: plus de 300 trains annul\u00e9s en raison d&rsquo;une gr\u00e8ve \u00e0 la Renfe<\/a> (La Libre)<\/p>\n\n\n\n<p><a href=\"https:\/\/www.agenceecofin.com\/economie\/0902-116061-nigeria-menace-de-nouvelles-greves-alors-que-les-syndicats-appellent-tinubu-a-honorer-ses-engagements\">Menaces de gr\u00e8ve nationale au <strong>Nigeria<\/strong>&nbsp;: les syndicats exigent l&rsquo;ex\u00e9cution des promesses de Tinubu<\/a> (Public)<\/p>\n\n\n\n<p><strong>Analyse<\/strong><\/p>\n\n\n\n<p><strong><a href=\"https:\/\/www.youtube.com\/watch?v=uZc9WqxYBUU&amp;ab_channel=BLAST%2CLesouffledel%27info\">Classe ouvri\u00e8re : les vrais h\u00e9ros invisibles &#8211; Doc Doc Doc<\/a> (Blast)<\/strong><\/p>\n\n\n\n<p><a href=\"https:\/\/www.politis.fr\/articles\/2024\/02\/en-sabordant-la-loi-sru-gabriel-attal-attaque-un-pilier-de-la-republique\/\">\u00ab&nbsp;En sabordant la loi SRU, Gabriel Attal attaque un pilier de la R\u00e9publique&nbsp;\u00bb<\/a> (Politis)<\/p>\n\n\n\n<p><strong><a href=\"https:\/\/rebellyon.info\/La-France-condamnee-pour-la-nasse-du-21-25653\">La France condamn\u00e9e pour la nasse du 21&nbsp;octobre 2010&nbsp;; et apr\u00e8s&nbsp;?<\/a> (Rebellyon)<\/strong><\/p>\n\n\n\n<p><a href=\"https:\/\/www.blast-info.fr\/articles\/2024\/dans-lempire-mediatique-du-credit-mutuel-5-7-aux-dna-vie-et-mort-dun-technicien-6emNAYIzSJSid3MQez7ojw\">Dans l&#8217;empire m\u00e9diatique du Cr\u00e9dit Mutuel [5\/7]&nbsp;: Aux DNA, vie et mort d\u2019un technicien<\/a> (Blast)<\/p>\n\n\n\n<p class=\"has-text-color has-link-color wp-elements-d00debb566e3aed775158f2046ebe6da\" style=\"color:#f30909\"><strong>9 f\u00e9vrier<\/strong><\/p>\n\n\n\n<p><a href=\"https:\/\/www.liberation.fr\/economie\/social\/acquisition-de-conges-payes-en-arret-maladie-le-conseil-constitutionnel-valide-le-droit-francais-20240208_CBQRT2NQ7FBP7K4ZPPPMODSQUA\/\">Le Conseil constitutionnel valide le droit fran\u00e7ais, qui emp\u00eachait l\u2019acquisition de cong\u00e9s pay\u00e9s pendant les arr\u00eats maladie<\/a> (Lib\u00e9ration)<\/p>\n\n\n\n<p><a href=\"https:\/\/lepoing.net\/proces-pour-apologie-du-terrorisme-a-montpellier-de-la-prison-avec-sursis-requise\/\">Proc\u00e8s pour apologie du terrorisme \u00e0 Montpellier : de la prison avec sursis requise <\/a>(Le Poing)<\/p>\n\n\n\n<p><a href=\"https:\/\/paris-luttes.info\/coup-dur-pour-la-prefecture-recit-17853\">Coup dur pour la pr\u00e9fecture, r\u00e9cit de l\u2019occupation de l\u2019acad\u00e9mie du Climat, le 6&nbsp;f\u00e9vrier 2024<\/a> (Paris-Luttes info)<\/p>\n\n\n\n<p><a href=\"https:\/\/www.revolutionpermanente.fr\/Remettre-la-revolution-a-l-ordre-du-jour-meeting-le-6-mars-avec-A-Kazib-F-Lordon-S-Hamouri\">\u00ab&nbsp;Remettre la r\u00e9volution \u00e0 l\u2019ordre du jour&nbsp;\u00bb&nbsp;: meeting le 6 mars avec A. Kazib, F. Lordon, S. Hamouri\u2026<\/a> (RP)<\/p>\n\n\n\n<p><strong><a href=\"https:\/\/www.humanite.fr\/social-et-economie\/cedh\/nasses-policieres-la-france-condamnee-par-la-cedh\">Nasses polici\u00e8res : la France condamn\u00e9e par la CEDH<\/a> (l\u2019Humanit\u00e9)<\/strong><\/p>\n\n\n\n<p><a href=\"https:\/\/lanticapitaliste.org\/actualite\/sante\/apres-le-discours-dattal-rearmons-nos-luttes-pour-la-sante-publique\">Apr\u00e8s le discours d\u2019Attal, r\u00e9armons nos luttes pour la sant\u00e9 publique<\/a> (l\u2019Anticapitaliste)<\/p>\n\n\n\n<p><a href=\"https:\/\/reporterre.net\/Ils-avaient-peint-un-avion-en-vert-Votre-cause-est-juste-reconnait-le-procureur\">Ils avaient peint un avion en vert&nbsp;: \u00ab&nbsp;Votre cause est juste&nbsp;\u00bb, reconna\u00eet le procureur<\/a> (Reporterre)<\/p>\n\n\n\n<p><strong><a href=\"https:\/\/rapportsdeforce.fr\/classes-en-lutte\/suppression-de-lass-une-punition-pour-les-demandeurs-demploi-de-plus-de-50-ans-020920408\">Suppression de l\u2019ASS&nbsp;: une punition pour les demandeurs d\u2019emploi de plus de 50 ans<\/a> (Rapports de force)<\/strong><\/p>\n\n\n\n<p><strong>Gr\u00e8ves<\/strong><\/p>\n\n\n\n<p><a href=\"https:\/\/lepoing.net\/montpellier-nouvelle-greve-chez-les-salaries-de-lassociation-issue\/\">Montpellier&nbsp;: nouvelle gr\u00e8ve chez les salari\u00e9s de l\u2019association Issue<\/a> (Le Poing)<\/p>\n\n\n\n<p><a href=\"https:\/\/www.humanite.fr\/social-et-economie\/manifestation\/arreter-lhemorragie-avant-de-devenir-un-cimetiere-industriel-a-calais-les-syndicats-dans-la-rue-pour-sauver-les-emplois\">A Calais, les syndicats dans la rue pour sauver les emplois<\/a> (l\u2019Humanit\u00e9)<\/p>\n\n\n\n<p><a href=\"https:\/\/www.force-ouvriere.fr\/sortie-de-crise-au-centre-pompidou\">Sortie de crise au Centre Pompidou<\/a> (FO)<\/p>\n\n\n\n<p><a href=\"https:\/\/france3-regions.francetvinfo.fr\/occitanie\/haute-garonne\/toulouse\/on-est-les-moins-bien-payes-de-tous-les-sites-un-argument-de-plus-pour-faire-greve-chez-omya-2921217.html\">\u00ab\u00a0On est les moins bien pay\u00e9s de tous les sites\u00a0\u00bb : un argument de plus pour faire gr\u00e8ve chez Omya<\/a> (franceinfo)<\/p>\n\n\n\n<p><a href=\"https:\/\/www.lamarseillaise.fr\/social\/a-l-hopital-nord-les-infirmieres-sont-a-bloc-NF15452780\">\u00c0 l\u2019h\u00f4pital Nord, les infirmi\u00e8res sont \u00e0 bloc<\/a> (La Marseillaise)<\/p>\n\n\n\n<p><a href=\"https:\/\/lemans.maville.com\/actu\/actudet_-saint-cosmes-en-vairais.-des-salaries-de-l-entreprise-howmet-se-sont-mis-en-greve-_dep-6150357_actu.Htm\">Saint-Cosmes-en-Vairais. Des salari\u00e9s de l\u2019entreprise Howmet se sont mis en gr\u00e8ve<\/a>&nbsp;(Ouest-France)<\/p>\n\n\n\n<p><a href=\"https:\/\/www.sudouest.fr\/economie\/transports\/greve-a-la-sncf-pendant-les-vacances-de-fevrier-le-pdg-propose-une-nouvelle-prime-suffisant-pour-une-sortie-de-crise-18491005.php\">SNCF&nbsp;: le PDG propose une nouvelle prime, suffisant pour une sortie de crise\u202f?<\/a> (Sud Ouest)<\/p>\n\n\n\n<p><a href=\"https:\/\/www.francebleu.fr\/infos\/economie-social\/en-greve-depuis-fin-novembre-des-pompiers-de-reims-manifestent-devant-la-mairie-4868486\">En gr\u00e8ve depuis fin novembre, des pompiers de Reims manifestent devant la mairie<\/a> (ici)<\/p>\n\n\n\n<p><a href=\"https:\/\/www.clicanoo.re\/article\/societe\/2024\/02\/09\/gds-debut-dune-greve-illimitee-65c588137edbe\">GDS : d\u00e9but d&rsquo;une gr\u00e8ve illimit\u00e9e<\/a> (Clicanoo)<\/p>\n\n\n\n<p><a href=\"https:\/\/www.lindependant.fr\/2024\/02\/08\/poubelles-a-perpignan-le-bras-de-fer-continue-au-neuvieme-jour-de-greve-11753266.php\">Poubelles \u00e0 Perpignan : le bras de fer continue au neuvi\u00e8me jour de gr\u00e8ve<\/a> (L\u2019Ind\u00e9pendant)<\/p>\n\n\n\n<p><a href=\"https:\/\/www.leprogres.fr\/education\/2024\/02\/09\/reforme-des-colleges-quatrieme-jour-de-greve-en-deux-semaines-a-maria-casares\">R\u00e9forme des coll\u00e8ges&nbsp;: quatri\u00e8me jour de gr\u00e8ve en deux semaines \u00e0 Maria-Casar\u00e8s<\/a> (Le Progr\u00e8s)<\/p>\n\n\n\n<p><a href=\"https:\/\/www.ouest-france.fr\/pays-de-la-loire\/saint-cosme-en-vairais-72110\/greve-a-lentreprise-howmet-de-saint-cosme-en-vairais-98710764-c69c-11ee-8011-b976796527e7\">Gr\u00e8ve \u00e0 l\u2019entreprise Howmet de Saint-Cosme-en-Vairais<\/a> (Ouest-France)<\/p>\n\n\n\n<p><a href=\"https:\/\/nantes.maville.com\/actu\/actudet_-nantes.-appel-a-la-greve-chez-les-agents-du-service-des-formalites-a-la-ville-_fil-6150698_actu.Htm\">Nantes. Appel \u00e0 la gr\u00e8ve chez les agents du service des formalit\u00e9s \u00e0 la Ville<\/a>&nbsp;(Ouest-France)<\/p>\n\n\n\n<p><strong>Monde<\/strong><\/p>\n\n\n\n<p><strong><a href=\"https:\/\/reporterre.net\/Au-Chili-la-terrible-repression-des-indigenes-en-lutte-contre-l-industrie-forestiere\">Au Chili, la terrible r\u00e9pression des indig\u00e8nes en lutte contre l\u2019industrie foresti\u00e8re<\/a> (Reporterre)<\/strong><\/p>\n\n\n\n<p><a href=\"https:\/\/guineenews.org\/le-front-social-en-ebullition-les-syndicats-haussent-le-ton-le-gouvernement-appelle-a-negocier\/\"><strong>Guin\u00e9e<\/strong> : Les syndicats haussent le ton, le gouvernement appelle \u00e0 n\u00e9gocier<\/a>&nbsp; (Guin\u00e9e News)<\/p>\n\n\n\n<p><a href=\"https:\/\/www.msn.com\/fr-fr\/actualite\/monde\/tchad-les-enseignants-du-primaire-et-du-secondaire-poursuivent-la-suspension-de-leur-gr%C3%A8ve\/ar-BB1hY0bO\"><strong>Tchad<\/strong>: les enseignants du primaire et du secondaire poursuivent la suspension de leur gr\u00e8ve<\/a> (RFI)<\/p>\n\n\n\n<p><a href=\"https:\/\/www.lavenir.net\/regions\/brabantwallon\/2024\/02\/08\/meprises-par-leur-responsable-les-travailleurs-du-recyparc-de-braine-le-chateau-seront-en-greve-samedi-OWCBDKDYQ5A2FCXIOVQ5EEQRBM\/\"><strong>Belgique<\/strong> : \u00ab\u00a0M\u00e9pris\u00e9s par leur responsable\u00a0\u00bb, les travailleurs du recyparc de Braine-le-Ch\u00e2teau seront en gr\u00e8ve, samedi<\/a> (l\u2019avenir)<\/p>\n\n\n\n<p><strong>Analyse<\/strong><\/p>\n\n\n\n<p><a href=\"https:\/\/www.equaltimes.org\/enrico-somaglia-de-l-effat-ce-que\">Enrico Somaglia de l\u2019EFFAT&nbsp;: \u00ab&nbsp;Ce que d\u2019aucuns aiment \u00e0 nommer des tracasseries administratives repr\u00e9sente pour nous une ligne rouge&nbsp;\u00bb<\/a> (Equal Times)<\/p>\n\n\n\n<p class=\"has-text-color has-link-color wp-elements-44390d605da64a49be945f4a99faa940\" style=\"color:#fa0707\"><strong>8 f\u00e9vrier<\/strong><\/p>\n\n\n\n<p><a href=\"https:\/\/www.revolutionpermanente.fr\/Le-parquet-et-Enedis-font-appel-apres-la-relaxe-des-grevistes-de-l-energie-stop-a-la\">Le parquet et Enedis font appel apr\u00e8s la relaxe des gr\u00e9vistes de l\u2019\u00e9nergie&nbsp;: stop \u00e0 la criminalisation&nbsp;!<\/a> (RP)<\/p>\n\n\n\n<p><strong><a href=\"https:\/\/www.humanite.fr\/social-et-economie\/agriculture-bio\/video-colere-des-agriculteurs-les-producteurs-de-bio-sonnent-lalarme\">Vid\u00e9o. Col\u00e8re des agriculteurs : les producteurs de bio sonnent l\u2019alarme<\/a> (l\u2019Humanit\u00e9)<\/strong><\/p>\n\n\n\n<p><a href=\"https:\/\/www.force-ouvriere.fr\/fo-en-premiere-ligne-pour-le-pouvoir-d-achat-des-salaries-de\">FO en premi\u00e8re ligne pour le pouvoir d\u2019achat des salari\u00e9s de Safran<\/a> (FO)<\/p>\n\n\n\n<p><a href=\"https:\/\/www.lechorepublicain.fr\/dreux-28100\/actualites\/greve-des-konecranes-dreux-vernouillet-les-salaries-obtiennent-satifaction_14449328\/\">Gr\u00e8ve des Konecranes Dreux-Vernouillet : les salari\u00e9s obtiennent satisfaction<\/a> (L\u2019Echo R\u00e9publicain)<\/p>\n\n\n\n<p><a href=\"https:\/\/www.msn.com\/fr-fr\/finance\/other\/gr%C3%A8ve-%C3%A0-la-sncf-pendant-les-vacances-a-ce-stade-toujours-pas-de-sortie-de-crise-en-vue\/ar-BB1hWqDd\">Gr\u00e8ve \u00e0 la SNCF pendant les vacances ? A ce stade, toujours pas de sortie de crise en vue<\/a> (franceinfo)<\/p>\n\n\n\n<p><a href=\"https:\/\/la1ere.francetvinfo.fr\/guadeloupe\/greve-au-pole-logistique-du-chu-la-direction-estime-les-revendications-legitimes-1463406.html\">Gr\u00e8ve au p\u00f4le logistique du CHU : la direction estime les revendications \u00ab\u00a0l\u00e9gitimes\u00a0\u00bb<\/a> (franceinfo)<\/p>\n\n\n\n<p><a href=\"https:\/\/www.francebleu.fr\/infos\/sante-sciences\/une-greve-illimitee-a-l-hopital-d-orange-pour-lutter-contre-des-suppressions-de-postes-1780663\">Une gr\u00e8ve illimit\u00e9e \u00e0 l&rsquo;h\u00f4pital d&rsquo;Orange pour lutter contre des suppressions de postes<\/a> (ici)<\/p>\n\n\n\n<p><a href=\"https:\/\/france3-regions.francetvinfo.fr\/normandie\/seine-maritime\/dieppe\/pourquoi-le-conservatoire-de-dieppe-est-en-greve-2920599.html\">Pourquoi le conservatoire de Dieppe est en gr\u00e8ve ?<\/a> (franceinfo)<\/p>\n\n\n\n<p><a href=\"https:\/\/www.lindependant.fr\/2024\/02\/07\/perpignan-7e-jour-de-greve-pour-les-eboueurs-mais-des-poubelles-collectees-11749942.php\">Perpignan : 7e jour de gr\u00e8ve pour les \u00e9boueurs, mais des poubelles collect\u00e9es<\/a> (L\u2019Ind\u00e9pendant)<\/p>\n\n\n\n<p><a href=\"https:\/\/www.midilibre.fr\/2024\/02\/08\/bras-de-fer-entre-keolis-et-les-salaries-du-reseau-de-bus-de-lagglo-de-sete-menace-de-greve-pendant-escale-a-sete-11749723.php\">Bras de fer entre K\u00e9olis et les salari\u00e9s du r\u00e9seau de bus de l&rsquo;Agglo de S\u00e8te <\/a>(Midi Libre)<\/p>\n\n\n\n<p><strong><a href=\"https:\/\/www.lemonde.fr\/economie\/article\/2024\/02\/07\/les-principaux-ports-de-france-touches-par-une-greve-des-dockers-contre-la-reforme-des-retraites_6215249_3234.html\">Les principaux ports de France affect\u00e9s par une gr\u00e8ve des dockers contre la r\u00e9forme des retraites<\/a> (Le Monde)<\/strong><\/p>\n\n\n\n<p><a href=\"https:\/\/www.ladepeche.fr\/2024\/02\/07\/video-on-na-jamais-vu-ca-apres-9-jours-de-greve-la-mobilisation-des-postiers-ne-faiblit-pas-a-mirande-11749922.php\">Vid\u00e9o. Apr\u00e8s 9 jours de gr\u00e8ve, la mobilisation des postiers ne faiblit pas \u00e0 Mirande<\/a> (La D\u00e9p\u00eache)<\/p>\n\n\n\n<p><a href=\"https:\/\/la1ere.francetvinfo.fr\/reunion\/saint-denis\/la-greve-du-btp-suspendue-un-accord-a-ete-trouve-sur-les-salaires-de-nouvelles-negociations-sont-prevues-1463331.html\">La gr\u00e8ve du BTP suspendue, un accord a \u00e9t\u00e9 trouv\u00e9 sur les salaires<\/a> (franceinfo)<\/p>\n\n\n\n<p><a href=\"https:\/\/marsactu.fr\/a-la-grotte-cosquer-les-salaries-denoncent-des-conditions-de-travail-dun-autre-temps\/\">\u00c0 la Grotte Cosquer, les salari\u00e9s d\u00e9noncent des conditions de travail d\u2019un autre temps <\/a>(Mars Actu)<\/p>\n\n\n\n<p><a href=\"https:\/\/www.tf1info.fr\/societe\/video-reportage-tf1-sncf-les-abonnes-tgv-en-greve-pour-lutter-contre-des-tarifs-qui-n-arretent-pas-d-augmenter-2285464.html\">Vid\u00e9o &#8211; SNCF : les abonn\u00e9s TGV en gr\u00e8ve pour lutter contre \u00ab\u00a0des tarifs qui n&rsquo;arr\u00eatent pas d&rsquo;augmenter\u00a0\u00bb<\/a> (TF1)<\/p>\n\n\n\n<p><a href=\"https:\/\/www.lindependant.fr\/2024\/02\/07\/pyrenees-orientales-les-salaries-de-lusine-omya-de-salses-reconduisent-la-greve-pour-ce-jeudi-11750569.php\">Pyr\u00e9n\u00e9es-Orientales : les salari\u00e9s de l&rsquo;usine Omya de Salses reconduisent la gr\u00e8ve pour ce jeudi <\/a>(L\u2019ind\u00e9pendant)<\/p>\n\n\n\n<p><strong>Monde<\/strong><\/p>\n\n\n\n<p><a href=\"https:\/\/www.frustrationmagazine.fr\/gaza-armement\/\">Gaza : Au<strong> Royaume-Uni<\/strong>, les blocages d\u2019usines d\u2019armement se multiplient<\/a> (Frustration)<\/p>\n\n\n\n<p><strong><a href=\"https:\/\/theconversation.com\/extreme-pauvrete-leternelle-urgence-dans-le-grand-sud-malgache-220708\">Extr\u00eame pauvret\u00e9, l&rsquo;\u00e9ternelle urgence dans le Grand Sud&nbsp;malgache<\/a> (The conversation)<\/strong><\/p>\n\n\n\n<p><a href=\"https:\/\/www.lavenir.net\/actu\/belgique\/2024\/02\/07\/mouvement-de-greve-chez-bpost-la-distribution-du-courrier-perturbee-ce-jeudi-D6WE2QUVQRAKLCZ5SPAXANT6W4\/\"><strong>Belgique<\/strong> : Mouvement de gr\u00e8ve chez bpost: la distribution du courrier perturb\u00e9e ce jeudi<\/a> (L\u2019avenir)<\/p>\n\n\n\n<p><a href=\"https:\/\/www.letemps.ch\/suisse\/geneve\/a-geneve-les-enseignants-suspendent-leur-greve-et-acceptent-la-main-tendue-par-anne-hiltpold\">A <strong>Gen\u00e8ve<\/strong>, les enseignants suspendent leur gr\u00e8ve et acceptent la main tendue par Anne Hiltpold<\/a> (Le Temps)<\/p>\n\n\n\n<p><a href=\"https:\/\/www.lalibre.be\/dernieres-depeches\/2024\/02\/07\/le-syndicat-verdi-menace-de-prolonger-la-greve-chez-lufthansa-6FZG7SY335H4RDMLQA5GOFOD3A\/\"><strong>Allemagne<\/strong> : Le syndicat Verdi menace de prolonger la gr\u00e8ve chez Lufthansa<\/a> (La Libre)<\/p>\n\n\n\n<p><strong>Analyse<\/strong><\/p>\n\n\n\n<p><strong><a href=\"https:\/\/www.youtube.com\/watch?v=9RVQFnDQd5E&amp;ab_channel=BLAST%2CLesouffledel%27info\">Tri social \u00e0 l\u2019\u00e9cole : \u201cC\u2019est le gouvernement qui fait du s\u00e9paratisme\u201d &#8211; vid\u00e9o<\/a> (Blast)<\/strong><\/p>\n\n\n\n<p><a href=\"https:\/\/www.inegalites.fr\/Les-sports-d-hiver-une-pratique-de-privilegies\">Les sports d\u2019hiver, une pratique de privil\u00e9gi\u00e9s<\/a> (Observatoire des in\u00e9galit\u00e9s)<\/p>\n\n\n\n<p><a href=\"https:\/\/basta.media\/Israel-Palestine-On-le-vit-comme-une-injustice-ces-soignants-profs-ou-militants-engages-pour-Gaza\">\u00ab&nbsp;On le vit comme une injustice&nbsp;\u00bb&nbsp;: ces soignants, profs ou militants engag\u00e9s pour Gaza<\/a> (Basta!)<\/p>\n\n\n\n<p class=\"has-text-color has-link-color wp-elements-553d769e256f03fa9c5d63e11e9e44c6\" style=\"color:#f80606\"><strong>7 f\u00e9vrier<\/strong><\/p>\n\n\n\n<p><a href=\"https:\/\/lepoing.net\/des-agents-de-luniversite-de-montpellier-en-greve-contre-laugmentation-de-leur-temps-de-travail\/\">Des agents de l\u2019Universit\u00e9 de Montpellier en gr\u00e8ve contre l\u2019augmentation de leur temps de travail<\/a> (Le Poing)<\/p>\n\n\n\n<p><a href=\"https:\/\/rebellyon.info\/Semaine-contre-les-frontieres-Grenoble-25642\">Semaine contre les fronti\u00e8res&nbsp;! (Grenoble)<\/a> (Rebellyon)<\/p>\n\n\n\n<p><a href=\"https:\/\/www.revolutionpermanente.fr\/Greve-du-6-fevrier-dans-l-education-contre-le-tri-social-et-la-mise-au-pas-de-la-jeunesse-il-faut\">Gr\u00e8ve du 6 f\u00e9vrier dans l\u2019\u00e9ducation&nbsp;: contre le tri social et la mise au pas de la jeunesse, il faut un plan global&nbsp;!<\/a> (RP)<\/p>\n\n\n\n<p><a href=\"https:\/\/www.revolutionpermanente.fr\/Lidl-Greve-nationale-pour-les-salaires-on-arrive-plus-a-finir-les-mois\">Lidl. Gr\u00e8ve nationale pour les salaires&nbsp;: \u00ab&nbsp;on arrive plus \u00e0 finir les mois&nbsp;\u00bb<\/a> (RP)<\/p>\n\n\n\n<p><strong><a href=\"https:\/\/www.humanite.fr\/social-et-economie\/cgt\/sante-salaires-emploi-des-seniors-la-cgt-presente-sa-feuille-de-route\">Sant\u00e9, salaires, emploi des seniors&nbsp;: la CGT pr\u00e9sente sa feuille de route<\/a> (l\u2019Humanit\u00e9)<\/strong><\/p>\n\n\n\n<p><a href=\"https:\/\/www.force-ouvriere.fr\/sncf-a-nice-une-greve-victorieuse-sur-fond-de-prochaine\">SNCF&nbsp;: \u00e0 Nice, une gr\u00e8ve victorieuse sur fond de prochaine ouverture \u00e0 la concurrence<\/a> (FO)<\/p>\n\n\n\n<p><a href=\"https:\/\/www.force-ouvriere.fr\/dans-le-vaucluse-fo-aux-cotes-des-saisonniers-marocains-non\">Dans le Vaucluse, FO aux c\u00f4t\u00e9s des saisonniers marocains non pay\u00e9s depuis des mois<\/a> (FO)<\/p>\n\n\n\n<p><a href=\"https:\/\/reporterre.net\/Mobilisation-avant-le-vote-sur-les-nouveaux-OGM-au-Parlement-europeen\">Mobilisation avant le vote sur les nouveaux&nbsp;OGM&nbsp;au Parlement europ\u00e9en<\/a> (Reporterre)<\/p>\n\n\n\n<p><a href=\"https:\/\/rapportsdeforce.fr\/classes-en-lutte\/enseignants-poursuivre-la-greve-pour-que-notre-ecole-publique-ne-disparaisse-pas-020720369\">Enseignants : amplifier la gr\u00e8ve \u00ab pour que notre \u00e9cole publique ne disparaisse pas \u00bb<\/a> (l\u2019Anticapitaliste)<\/p>\n\n\n\n<p><a href=\"https:\/\/www.msn.com\/fr-fr\/actualite\/france\/gr%C3%A8ve-des-%C3%A9boueurs-de-perpignan-le-conflit-s-enlise\/ar-BB1hScs5\">Gr\u00e8ve des \u00e9boueurs de Perpignan : le conflit s\u2019enlise<\/a> (Le Parisien)<\/p>\n\n\n\n<p><a href=\"https:\/\/france3-regions.francetvinfo.fr\/normandie\/seine-maritime\/havre\/greve-des-dockers-et-des-agents-portuaires-a-quoi-s-attendre-dans-les-ports-du-havre-et-de-rouen-2919711.html\">Gr\u00e8ve des dockers et des agents portuaires : \u00e0 quoi s&rsquo;attendre dans les ports du Havre et de Rouen ?<\/a> (franceinfo)<\/p>\n\n\n\n<p><a href=\"https:\/\/www.franceguyane.fr\/actualite\/education-sante-environnement\/greve-a-cayenne-la-cantine-reprend-dans-quelques-etablissements-973807.php\">Gr\u00e8ve \u00e0 Cayenne : la cantine reprend dans quelques \u00e9tablissements<\/a> (France-Guyane)<\/p>\n\n\n\n<p><a href=\"https:\/\/www.lamarseillaise.fr\/social\/le-port-de-fos-marseille-en-greve-et-ses-salaries-devant-la-prefecture-ED15431027\">Le port de Fos-Marseille en gr\u00e8ve et ses salari\u00e9s devant la pr\u00e9fecture<\/a> (La Marseillaise)<\/p>\n\n\n\n<p><strong>Monde<\/strong><\/p>\n\n\n\n<p><a href=\"https:\/\/www.wsws.org\/fr\/articles\/2024\/02\/07\/fdsv-f07.html\"><strong>Stellantis<\/strong>, fer de lance de la vague mondiale de suppressions d\u2019emplois dans l\u2019industrie automobile<\/a> (WSWS)<\/p>\n\n\n\n<p><a href=\"https:\/\/www.zonebourse.com\/cours\/action\/LUFTHANSA-436827\/actualite\/Greve-d-avertissement-a-l-aeroport-BER-Vols-Lufthansa-annules-45898610\/\"><strong>Allemagne<\/strong> : Gr\u00e8ve d&rsquo;avertissement \u00e0 l&rsquo;a\u00e9roport BER &#8211; Vols Lufthansa annul\u00e9s<\/a> (Zonebourse)<\/p>\n\n\n\n<p><a href=\"https:\/\/solidaires.org\/rsisl-grece-soutien-a-la-greve-dans-les-centres-dappel\/\">RSISL &#8211; <strong>Gr\u00e8ce<\/strong> : soutien \u00e0 la gr\u00e8ve dans les centres d\u2019appel<\/a> (Solidaires)<\/p>\n\n\n\n<p><strong>Analyse<\/strong><\/p>\n\n\n\n<p><strong><a href=\"https:\/\/www.inegalites.fr\/Ecole-et-si-les-familles-de-milieux-populaires-ne-se-laissaient-pas-faire\">\u00c9cole&nbsp;: et si les familles de milieux populaires ne se laissaient pas faire&nbsp;?<\/a> (Observatoire des in\u00e9galit\u00e9s)<\/strong><\/p>\n\n\n\n<p class=\"has-text-color has-link-color wp-elements-413155c6c8f6b1801134675f82d6a506\" style=\"color:#f90707\"><strong>6 f\u00e9vrier<\/strong><\/p>\n\n\n\n<p><a href=\"https:\/\/bellaciao.org\/Conference-gesticulee\">Conf\u00e9rence gesticul\u00e9e &#8211; Impertinente du spectacle : t\u2019as pas la gueule de l\u2019emploi<\/a> (Bellaciao)<\/p>\n\n\n\n<p><a href=\"https:\/\/lepoing.net\/montpellier-action-symbolique-dextinction-rebellion-contre-une-entreprise-impliquee-dans-des-chantiers-routiers\/\">Action symbolique d\u2019Extinction Rebellion contre une entreprise impliqu\u00e9e dans des chantiers routiers<\/a> (Rebellyon)<\/p>\n\n\n\n<p><a href=\"https:\/\/paris-luttes.info\/assemblee-pour-des-soins-17841\">Assembl\u00e9e pour des soins antiracistes et populaires &#8211; mardi 6&nbsp;f\u00e9vrier<\/a> (Paris-Luttes info)<\/p>\n\n\n\n<p><strong><a href=\"https:\/\/lanticapitaliste.org\/actualite\/entreprises\/regain-de-combativite-maintenant-le-tour-de-la-sncf\">Regain de combativit\u00e9, maintenant le tour de la SNCF&nbsp;!<\/a> (l\u2019Anticapitaliste)<\/strong><\/p>\n\n\n\n<p><a href=\"https:\/\/www.zinfos974.com\/btp-la-greve-reportee-a-jeudi-pour-permettre-de-nouvelles-negociations\/\">BTP : La gr\u00e8ve report\u00e9e \u00e0 jeudi pour permettre de nouvelles n\u00e9gociations<\/a> (zinfos 974)<\/p>\n\n\n\n<p><strong><a href=\"https:\/\/france3-regions.francetvinfo.fr\/centre-val-de-loire\/greve-dans-l-education-salaires-classes-de-niveau-les-enseignants-appeles-a-nouveau-a-se-mobiliser-2918994.html\">Gr\u00e8ve dans l&rsquo;\u00e9ducation : salaires, classes de niveau, les enseignants appel\u00e9s \u00e0 nouveau \u00e0 se mobiliser<\/a> (franceinfo)<\/strong><\/p>\n\n\n\n<p><a href=\"https:\/\/www.francebleu.fr\/infos\/economie-social\/la-greve-se-poursuit-dans-la-clinique-zander-a-aix-les-bains-7991783\">La gr\u00e8ve se poursuit dans la clinique Zander \u00e0 Aix-les-Bains <\/a>(ici)<\/p>\n\n\n\n<p><a href=\"https:\/\/www.ladepeche.fr\/2024\/02\/05\/les-postiers-de-mirande-au-6e-jour-de-greve-reconduisent-le-mouvement-11745610.php\">Les postiers de Mirande, au 6e jour de gr\u00e8ve, reconduisent le mouvement<\/a> (La D\u00e9p\u00eache)<\/p>\n\n\n\n<p><a href=\"https:\/\/www.lunion.fr\/id565796\/article\/2024-02-05\/mouvement-de-greve-en-cours-chez-omya-omey\">Mouvement de gr\u00e8ve en cours chez Omya \u00e0 Omey<\/a> (L\u2019union)<\/p>\n\n\n\n<p><a href=\"https:\/\/france3-regions.francetvinfo.fr\/occitanie\/pyrenees-orientales\/perpignan\/jour-5-de-la-greve-des-eboueurs-a-perpignan-le-maire-demande-au-prefet-de-debloquer-la-situation-2919168.html\">Jour 5 de la gr\u00e8ve des \u00e9boueurs \u00e0 Perpignan : le maire demande au pr\u00e9fet de \u00ab\u00a0d\u00e9bloquer la situation\u00a0\u00bb<\/a> (franceinfo)<\/p>\n\n\n\n<p><a href=\"https:\/\/www.lavoixdunord.fr\/1427169\/article\/2024-02-05\/retards-de-salaire-chez-dispeo-hem-le-syndicat-sud-solidaires-appele-la-greve-ce\">Retards de salaire chez Dispeo \u00e0 Hem&nbsp;: le syndicat Sud Solidaires a appel\u00e9 \u00e0 la gr\u00e8ve ce lundi<\/a> (La Voix du Nord)<\/p>\n\n\n\n<p><a href=\"https:\/\/www.sudouest.fr\/gironde\/belin-beliet\/gironde-les-aides-a-domicile-en-colere-deposent-un-preavis-de-greve-au-ccas-de-belin-beliet-18439081.php\">Gironde&nbsp;: les aides \u00e0 domicile en col\u00e8re d\u00e9posent un pr\u00e9avis de gr\u00e8ve au CCAS de Belin-B\u00e9liet<\/a> (Sud-ouest)<\/p>\n\n\n\n<p><a href=\"https:\/\/www.ledauphine.com\/economie\/2024\/02\/05\/la-greve-reconduite-sur-le-site-de-l-entreprise-galderma\">La gr\u00e8ve reconduite sur le site de l\u2019entreprise Galderma<\/a> (Le Dauphin\u00e9)<\/p>\n\n\n\n<p><a href=\"https:\/\/www.linfo.re\/la-reunion\/societe\/fin-de-la-greve-chez-les-pompiers-du-sdis-974-signature-d-un-protocol\">Sdis 974&nbsp;: fin de la gr\u00e8ve chez les pompiers, signature d\u2019un protocole<\/a> (L\u2019Info re)<\/p>\n\n\n\n<p><a href=\"https:\/\/www.clicanoo.re\/article\/economie\/2024\/02\/06\/la-chambre-verte-en-situation-durgence-65c1a0b359c0f\">La chambre verte en situation \u00ab\u00a0d&rsquo;urgence\u00a0\u00bb<\/a> (Clicanoo)<\/p>\n\n\n\n<p><a href=\"https:\/\/marsactu.fr\/bref\/les-dockers-du-golfe-de-fos-en-greve-ce-lundi\/\">Les dockers du golfe de Fos en gr\u00e8ve ce lundi<\/a> (Mars actu)<\/p>\n\n\n\n<p><strong>Monde<\/strong><\/p>\n\n\n\n<p><a href=\"https:\/\/www.revolutionpermanente.fr\/Manifestation-en-Allemagne-pour-lutter-contre-l-AfD-il-faut-aussi-lutter-contre-le-gouvernement\">Manifestation en <strong>Allemagne<\/strong>&nbsp;: \u00ab&nbsp;pour lutter contre l\u2019AfD, il faut aussi lutter contre le&nbsp;gouvernement&nbsp;\u00bb<\/a> (RP)<\/p>\n\n\n\n<p><a href=\"https:\/\/www.letemps.ch\/suisse\/geneve\/la-greve-des-enseignants-genevois-erigee-en-symbole-par-la-gauche\"><strong>Gen\u00e8ve<\/strong> : La gr\u00e8ve des enseignants genevois \u00e9rig\u00e9e en symbole par la gauche<\/a> (Le Temps)<\/p>\n\n\n\n<p><a href=\"https:\/\/www.lavenir.net\/regions\/liege\/2024\/02\/05\/greve-du-tec-liege-verviers-une-reprise-du-travail-toujours-incertaine-ce-mardi-6-fevrier-PPTR55B4NNEJDNJ4PZT4UOA7NM\/\"><strong>Belgique<\/strong> : Gr\u00e8ve du TEC Li\u00e8ge-Verviers: pas de reprise du travail ce mardi 6 f\u00e9vrier<\/a> (L\u2019avenir)<\/p>\n\n\n\n<p><a href=\"https:\/\/www.ilmattino.it\/fr\/manifestation_des_agriculteurs_a_capua_fermeture_de_l_autoroute_a1_et_distribution_de_fruits_et_legumes-7916001.html?refresh_ce\"><strong>Italie<\/strong> : Manifestation des agriculteurs \u00e0 Capua : fermeture de l&rsquo;autoroute A1 et distribution de fruits et l\u00e9gumes<\/a> (Il Mattino)<\/p>\n\n\n\n<p><strong>Analyse<\/strong><\/p>\n\n\n\n<p><strong><a href=\"https:\/\/www.youtube.com\/watch?v=rtHtjXQYr9Y&amp;ab_channel=BLAST%2CLesouffledel%27info\">\u201cJe vous nourris et moi je meurs\u201d : comment r\u00e9concilier fin du monde et fin du mois ? &#8211; Vid\u00e9o<\/a> (Blast)<\/strong><\/p>\n\n\n\n<p><a href=\"https:\/\/www.humanite.fr\/social-et-economie\/agriculteurs\/crise-agricole-la-loi-pourrait-sinspirer-du-commerce-equitable\">Crise agricole&nbsp;: \u00ab&nbsp;La loi pourrait s\u2019inspirer du commerce \u00e9quitable&nbsp;\u00bb<\/a> (l\u2019Humanit\u00e9)<\/p>\n\n\n\n<p><strong><a href=\"https:\/\/www.equaltimes.org\/afin-de-faire-evoluer-l\">Afin de faire \u00e9voluer l\u2019exploitation mini\u00e8re vers le respect des droits du travail et des peuples indig\u00e8nes, la soci\u00e9t\u00e9 civile s\u2019organise et r\u00e9siste<\/a> (Equal Times)<\/strong><\/p>\n\n\n\n<p class=\"has-text-color has-link-color wp-elements-d2a1b716af2d715d749641a2c3bd6ef9\" style=\"color:#f40505\"><strong>5 f\u00e9vrier<\/strong><\/p>\n\n\n\n<p><strong><a href=\"https:\/\/www.youtube.com\/watch?v=86vdgaF1h1I&amp;ab_channel=BLAST%2CLesouffledel%27info\">Agriculteurs : \u201cJeune on en r\u00eave, adulte on en cr\u00e8ve\u201d &#8211; Vid\u00e9o<\/a> (Blast)<\/strong><\/p>\n\n\n\n<p><a href=\"https:\/\/rebellyon.info\/Mobilisation-des-apiculteurs-et-25637\">Mobilisation des apiculteurs et apicultrices place Bellecour ce Lundi matin&nbsp;!<\/a> (Rebellyon)<\/p>\n\n\n\n<p><a href=\"https:\/\/www.humanite.fr\/social-et-economie\/plan-social\/pourquoi-la-societe-generale-veut-supprimer-900-postes\">Pourquoi la Soci\u00e9t\u00e9 g\u00e9n\u00e9rale veut supprimer 900 postes&nbsp;?<\/a> (l\u2019Humanit\u00e9)<\/p>\n\n\n\n<p><a href=\"https:\/\/www.francebleu.fr\/infos\/transports\/greve-dans-les-transports-en-commun-de-reims-ce-lundi-5-fevrier-8573520\">Gr\u00e8ve dans les transports en commun de Reims ce lundi 5 f\u00e9vrier<\/a> (ici)<\/p>\n\n\n\n<p><a href=\"https:\/\/france3-regions.francetvinfo.fr\/occitanie\/pyrenees-orientales\/perpignan\/c-est-quand-ils-ne-travaillent-pas-qu-on-voit-qu-ils-sont-essentiels-la-greve-des-eboueurs-reconduite-a-perpignan-jusqu-au-5-fevrier-2918520.html\">La gr\u00e8ve des \u00e9boueurs reconduite \u00e0 Perpignan jusqu&rsquo;au 5 f\u00e9vrier<\/a> (franceinfo)<\/p>\n\n\n\n<p><a href=\"https:\/\/actu.fr\/nouvelle-aquitaine\/bordeaux_33063\/sncf-un-mouvement-de-greve-perturbe-la-circulation-des-trains-en-nouvelle-aquitaine_60656267.html\">SNCF : un mouvement de gr\u00e8ve perturbe la circulation des trains en Nouvelle-Aquitaine <\/a>(actu)<\/p>\n\n\n\n<p><a href=\"https:\/\/www.guadeloupe.franceantilles.fr\/actualite\/social\/en-images-greve-surprise-a-la-mairie-de-capesterre-belle-eau-973478.php\">&nbsp;Gr\u00e8ve surprise \u00e0 la mairie de Capesterre-Belle-Eau<\/a> (France-Antilles)<\/p>\n\n\n\n<p><a href=\"https:\/\/www.francebleu.fr\/infos\/economie-social\/reforme-des-retraites-investissements-une-semaine-de-mobilisation-au-port-du-havre-7681183\">R\u00e9forme des retraites, investissements&#8230; Une semaine de mobilisation au port du Havre<\/a> (ici)<\/p>\n\n\n\n<p class=\"has-text-color has-link-color wp-elements-c4ddfb6476fcee78c62c1d7976bf7b89\" style=\"color:#f70707\"><strong>3 f\u00e9vrier<\/strong><\/p>\n\n\n\n<p><strong><a href=\"https:\/\/www.liberation.fr\/societe\/education\/education-nationale-les-syndicats-enseignants-appellent-a-une-nouvelle-journee-de-greve-mardi-6-fevrier-20240202_3EVGQ5YJFFBCLJPEGSDO6JUIG4\/\">Les syndicats enseignants appellent \u00e0 une nouvelle journ\u00e9e de gr\u00e8ve mardi 6&nbsp;f\u00e9vrier<\/a> (Lib\u00e9ration)<\/strong><\/p>\n\n\n\n<p><a href=\"https:\/\/www.revolutionpermanente.fr\/Suppression-de-l-ASS-Attal-s-attaque-aux-chomeurs-de-longue-duree\">Suppression de l\u2019ASS&nbsp;: Attal s\u2019attaque aux ch\u00f4meurs de&nbsp;longue&nbsp;dur\u00e9e<\/a> (RP)<\/p>\n\n\n\n<p><a href=\"https:\/\/www.humanite.fr\/social-et-economie\/agriculture\/agriculture-le-modef-appelle-a-poursuivre-les-mobilisations\">Agriculture&nbsp;: le Modef appelle \u00e0 poursuivre les mobilisations<\/a> (l\u2019Humanit\u00e9)<\/p>\n\n\n\n<p><strong><a href=\"https:\/\/basta.media\/controles-des-agriculteurs-l-office-de-la-biodiversite-bouc-emissaire-du-gouvernement-colere-agricole\">L\u2019Office de la biodiversit\u00e9, \u00ab&nbsp;bouc \u00e9missaire&nbsp;\u00bb du gouvernement<\/a> (Basta!)<\/strong><\/p>\n\n\n\n<p><a href=\"https:\/\/www.lindependant.fr\/2024\/02\/02\/perpignan-les-eboueurs-en-greve-veulent-etendre-leur-mouvement-ce-samedi-3-fevrier-11740116.php\">Perpignan : les \u00e9boueurs en gr\u00e8ve veulent \u00e9tendre leur mouvement ce samedi 3 f\u00e9vrier<\/a> (L\u2019ind\u00e9pendant)<\/p>\n\n\n\n<p><a href=\"https:\/\/www.ledauphine.com\/social\/2024\/02\/02\/greve-chez-galderma-une-soixantaine-de-salaries-aux-portes-de-la-societe-de-cosmetiques\">Gr\u00e8ve chez Galderma&nbsp;: une soixantaine de salari\u00e9s aux portes de la soci\u00e9t\u00e9 de cosm\u00e9tiques<\/a> (Le Dauphin\u00e9)<\/p>\n\n\n\n<p><a href=\"https:\/\/la1ere.francetvinfo.fr\/guyane\/greve-a-la-mairie-de-cayenne-ou-en-est-le-mouvement-1462206.html\">Gr\u00e8ve \u00e0 la mairie de Cayenne : o\u00f9 en est le mouvement ?<\/a> (franceinfo)<\/p>\n\n\n\n<p><a href=\"https:\/\/www.leprogres.fr\/social\/2024\/02\/02\/un-mouvement-de-greve-bloque-la-production-de-sandvik\">Un mouvement de gr\u00e8ve bloque la production de Sandvik<\/a> (Le Progr\u00e8s)<\/p>\n\n\n\n<p><a href=\"https:\/\/www.paris-normandie.fr\/id490007\/article\/2024-02-02\/pont-audemer-le-mouvement-de-greve-du-lycee-jacques-prevert-pourrait-etre\">\u00c0 Pont-Audemer, le mouvement de gr\u00e8ve du lyc\u00e9e Jacques-Pr\u00e9vert pourrait \u00eatre reconduit<\/a> (Paris-Normandie)<\/p>\n\n\n\n<p><strong><a href=\"https:\/\/www.la-croix.com\/levee-des-deux-derniers-blocages-de-la-confederation-paysanne-20240203\">Lev\u00e9e des deux derniers blocages de la Conf\u00e9d\u00e9ration paysanne<\/a> (La Croix)<\/strong><\/p>\n\n\n\n<p><strong>Monde<\/strong><\/p>\n\n\n\n<p><strong><a href=\"https:\/\/lanticapitaliste.org\/actualite\/international\/usa-le-syndicat-de-lautomobile-appelle-preparer-une-greve-generale-tout-en\">USA : Le syndicat de l\u2019automobile appelle \u00e0 pr\u00e9parer une gr\u00e8ve g\u00e9n\u00e9rale tout en soutenant Biden<\/a> (l\u2019Anticapitaliste)<\/strong><\/p>\n\n\n\n<p><a href=\"https:\/\/lanticapitaliste.org\/actualite\/international\/usa-le-syndicat-de-lautomobile-appelle-preparer-une-greve-generale-tout-en\">En <strong>Finlande<\/strong>, protestation massive contre les remises en cause du mod\u00e8le social et du droit de gr\u00e8ve <\/a>(Le Monde)<\/p>\n\n\n\n<p><a href=\"https:\/\/www.zonebourse.com\/cours\/action\/LUFTHANSA-436827\/actualite\/Allemagne-greve-dimanche-et-lundi-chez-Discover-filiale-de-Lufthansa-45876868\/\"><strong>Allemagne<\/strong> : gr\u00e8ve dimanche et lundi chez Discover, filiale de Lufthansa<\/a> (Zonebourse)<\/p>\n\n\n\n<p><a href=\"https:\/\/www.lorientlejour.com\/article\/1366766\/les-fonctionnaires-de-tripoli-en-greve-revendiquent-des-mesures-salariales.html\">Les fonctionnaires de <strong>Tripoli<\/strong> en gr\u00e8ve revendiquent des mesures salariales<\/a> (Challenges)<\/p>\n\n\n\n<p><strong>Analyse<\/strong><\/p>\n\n\n\n<p><a href=\"http:\/\/revue-ballast.fr\/pierre-bergounioux-la-passion-francaise-cest-legalite-2-2\/\">Pierre Bergounioux&nbsp;: \u00ab&nbsp;La passion fran\u00e7aise, c\u2019est l\u2019\u00e9galit\u00e9&nbsp;\u00bb [2\/2]<\/a> (Ballast)<\/p>\n\n\n\n<p><strong><a href=\"https:\/\/theconversation.com\/de-la-fin-des-quotas-de-la-pac-a-aujourdhui-20-ans-de-politiques-agricoles-en-echec-222535\">De la fin des quotas de la PAC \u00e0 aujourd\u2019hui, 20 ans de politiques agricoles en&nbsp;\u00e9chec<\/a> (The conversation)<\/strong><\/p>\n\n\n\n<p class=\"has-text-color has-link-color wp-elements-0fe009a0b2bbd696dd1f9d78390a8493\" style=\"color:#f60606\"><strong>2 f\u00e9vrier<\/strong><\/p>\n\n\n\n<p><strong><a href=\"https:\/\/www.revolutionpermanente.fr\/Pres-de-50-de-grevistes-dans-l-Education-une-mobilisation-massive-ce-1er-fevrier\">Pr\u00e8s de 50&nbsp;% de gr\u00e9vistes dans l\u2019Education&nbsp;: une mobilisation massive ce 1er f\u00e9vrier<\/a> (RP)<\/strong><\/p>\n\n\n\n<p><strong><a href=\"https:\/\/www.humanite.fr\/social-et-economie\/agriculteurs\/blocage-des-agriculteurs-le-point-sur-les-barrages-leves-et-maintenus\">Blocage des agriculteurs&nbsp;: le point sur les barrages lev\u00e9s et maintenus<\/a> (l\u2019Humanit\u00e9)<\/strong><\/p>\n\n\n\n<p><a href=\"https:\/\/france.attac.org\/actus-et-medias\/salle-de-presse\/article\/samedi-3-fevrier-mobilisation-nationale-contre-la-loi-darmanin\">Samedi 3&nbsp;f\u00e9vrier &#8211; Mobilisation nationale contre la loi Darmanin&nbsp;!<\/a> (Attac)<\/p>\n\n\n\n<p><a href=\"https:\/\/lepoing.net\/montpellier-face-au-genocide-les-soutiens-au-peuple-gazaoui-emboitent-le-pas-de-la-marche-paris-bruxelles\/\">Montpellier : face au g\u00e9nocide, les soutiens au peuple gazaoui embo\u00eetent le pas de la marche Paris-Bruxelles<\/a> (Le Poing)<\/p>\n\n\n\n<p><a href=\"https:\/\/www.revolutionpermanente.fr\/Plusieurs-centaines-de-personnes-reunies-a-Roissy-contre-le-licenciement-du-secretaire-de-l-UL-CGT\">Plusieurs centaines de personnes r\u00e9unies \u00e0 Roissy contre le licenciement du secr\u00e9taire de l\u2019UL CGT<\/a> (RP)<\/p>\n\n\n\n<p><a href=\"https:\/\/www.force-ouvriere.fr\/chez-edf-sa-une-greve-nationale-pour-les-salaires-le-30-janvier\">Chez EDF&nbsp;SA, une gr\u00e8ve nationale pour les salaires le 30&nbsp;janvier<\/a> (FO)<\/p>\n\n\n\n<p><a href=\"https:\/\/www.msn.com\/fr-fr\/actualite\/other\/gr%C3%A8ve-des-policiers-municipaux-un-appel-%C3%A0-la-mobilisation-samedi-pour-une-meilleure-reconnaissance\/ar-BB1hEju9\">Gr\u00e8ve des policiers municipaux : Un appel \u00e0 la mobilisation samedi pour une meilleure reconnaissance<\/a> (20 Minutes)<\/p>\n\n\n\n<p><a href=\"https:\/\/www.clicanoo.re\/article\/economie\/2024\/02\/02\/greve-dans-le-btp-nous-ne-pouvons-pas-partager-une-richesse-quon-na-pas-repond-la-frbtp\">Gr\u00e8ve dans le BTP : \u00ab\u00a0nous ne pouvons pas partager une richesse qu&rsquo;on n&rsquo;a pas\u00a0\u00bb, r\u00e9pond la FRBTP<\/a> (Clicanoo)<\/p>\n\n\n\n<p><a href=\"https:\/\/www.ledauphine.com\/social\/2024\/02\/01\/isere-saint-georges-d-esperanche-greve-a-conforama-j-ai-beaucoup-pleure-j-ai-tres-peur-pour-l-avenir\">Gr\u00e8ve \u00e0 Conforama&nbsp;: \u00ab&nbsp;J\u2019ai beaucoup pleur\u00e9, j\u2019ai tr\u00e8s peur pour l\u2019avenir&nbsp;\u00bb<\/a> (Le Dauphin\u00e9)<\/p>\n\n\n\n<p><strong>Monde<\/strong><\/p>\n\n\n\n<p><a href=\"https:\/\/www.revolutionpermanente.fr\/Argentine-le-gouvernement-reprime-violemment-la-contestation-devant-le-Parlement\"><strong>Argentine<\/strong>&nbsp;: le gouvernement r\u00e9prime violemment la contestation devant le Parlement<\/a> (RP)<\/p>\n\n\n\n<p><strong>Analyse<\/strong><\/p>\n\n\n\n<p><strong><a href=\"https:\/\/theconversation.com\/les-ecotafeurs-ces-salaries-qui-contribuent-de-linterieur-a-la-transition-ecologique-de-leur-entreprise-222290\">Les \u00ab&nbsp;\u00e9cotafeurs&nbsp;\u00bb, ces salari\u00e9s qui contribuent de l\u2019int\u00e9rieur \u00e0 la transition \u00e9cologique de leur&nbsp;entreprise<\/a> (The conversation)<\/strong><\/p>\n\n\n\n<p class=\"has-text-color has-link-color wp-elements-c5047ec253265427189215eaecb78939\" style=\"color:#f90505\"><strong>1er f\u00e9vrier<\/strong><\/p>\n\n\n\n<p><strong><a href=\"https:\/\/www.liberation.fr\/environnement\/agriculture\/en-direct-les-agriculteurs-maintiennent-les-blocages-et-la-pression-en-marge-du-sommet-europeen-20240201_FH3P2T3S6BAGBPKZEJ5LBBRMVI\/\">EN DIRECT &#8211; Les agriculteurs maintiennent les blocages et la pression en marge du Sommet europ\u00e9en <\/a>(Lib\u00e9ration)<\/strong><\/p>\n\n\n\n<p><a href=\"https:\/\/lepoing.net\/quand-la-fnsea-en-appelle-a-la-repression-du-mouvement-paysan\/\">Quand la FNSEA en appelle \u00e0 la r\u00e9pression\u2026 du mouvement paysan<\/a> (Le Poing)<\/p>\n\n\n\n<p><a href=\"https:\/\/www.humanite.fr\/social-et-economie\/agriculture\/ce-quon-veut-cest-un-revenu-decent-au-peage-de-saint-quentin-fallavier-les-paysans-veulent-vivre-de-leur-travail\">Au p\u00e9age de Saint-Quentin-Fallavier, les paysans veulent vivre de leur travail<\/a> (l\u2019Humanit\u00e9)<\/p>\n\n\n\n<p><a href=\"https:\/\/basta.media\/Crise-agricole-vers-un-recul-ecologique-et-social-orchestre-par-la-FNSEA-et-l-agrobusiness-normes-environnementales\">Crise agricole&nbsp;: vers un recul \u00e9cologique et social orchestr\u00e9 par la FNSEA et l\u2019agrobusiness&nbsp;?<\/a> (Basta!)<\/p>\n\n\n\n<p><a href=\"https:\/\/www.revolutionpermanente.fr\/Contre-le-projet-reactionnaire-de-Macron-pour-l-education-en-greve-le-1er-fevrier\">Contre le projet r\u00e9actionnaire de Macron pour l\u2019\u00e9ducation&nbsp;: en gr\u00e8ve le 1er f\u00e9vrier&nbsp;!<\/a> (RP)<\/p>\n\n\n\n<p><strong><a href=\"https:\/\/france3-regions.francetvinfo.fr\/nouvelle-aquitaine\/gironde\/greve-des-enseignants-retour-en-arriere-impossible-a-mettre-en-place-pourquoi-ils-manifestent-contre-la-reforme-de-gabriel-attal-2916462.html\">Gr\u00e8ve des enseignants : pourquoi ils manifestent contre la r\u00e9forme de Gabriel Attal<\/a> (franceinfo)<\/strong><\/p>\n\n\n\n<p><a href=\"https:\/\/la1ere.francetvinfo.fr\/guyane\/greve-des-stations-service-en-guyane-pas-de-reponse-satisfaisante-pour-l-instant-le-mouvement-se-poursuit-1461648.html\">Gr\u00e8ve des stations-service en Guyane : le mouvement se poursuit<\/a> (franceinfo)<\/p>\n\n\n\n<p><strong>Monde<\/strong><\/p>\n\n\n\n<p><a href=\"https:\/\/www.force-ouvriere.fr\/argentine-greve-generale-contre-une-batterie-de-mesures\"><strong>Argentine<\/strong>&nbsp;: gr\u00e8ve g\u00e9n\u00e9rale contre une batterie de mesures antisociales<\/a> (FO)<\/p>\n\n\n\n<p><strong><a href=\"https:\/\/www.wsws.org\/fr\/articles\/2024\/02\/01\/ognm-f01.html\">Etats-Unis : Les licenciements de masse s\u2019acc\u00e9l\u00e8rent et UPS annonce 12.000 mises \u00e0 pied<\/a> (WSWS)<\/strong><\/p>\n\n\n\n<p><a href=\"https:\/\/lanticapitaliste.org\/actualite\/international\/en-grece-malgre-les-menaces-le-mouvement-etudiant-se-renforce\">En <strong>Gr\u00e8ce<\/strong>, malgr\u00e9 les menaces, le mouvement \u00e9tudiant se renforce !<\/a> (l\u2019Anticapitaliste)<\/p>\n\n\n\n<p><a href=\"https:\/\/www.lefigaro.fr\/flash-eco\/en-finlande-une-greve-de-grande-ampleur-contre-un-projet-de-reforme-du-marche-du-travail-20240201\">En <strong>Finlande<\/strong>, une gr\u00e8ve de grande ampleur contre un projet de r\u00e9forme du march\u00e9 du travail <\/a>(Le Figaro)<\/p>\n\n\n\n<p><a href=\"https:\/\/www.journalexpress.ca\/2024\/01\/31\/greve-possible-des-conducteurs-des-autobus-voltigeurs-1-500-eleves-seraient-impactes\/\"><strong>Canada<\/strong> : Gr\u00e8ve possible des conducteurs des Autobus Voltigeurs:&nbsp; 1 500 \u00e9l\u00e8ves seraient impact\u00e9s<\/a> (Journal express)<\/p>\n\n\n\n<p><a href=\"https:\/\/www.deplacementspros.com\/international\/europe\/allemagne-aeroports-et-transports-en-commun-en-greve\"><strong>Allemagne<\/strong> : a\u00e9roports et transports en commun en gr\u00e8ve<\/a> (D\u00e9placements pros)<\/p>\n\n\n\n<p><strong>Analyse<\/strong><\/p>\n\n\n\n<p><strong><a href=\"https:\/\/www.liberation.fr\/economie\/social\/rapport-au-travail-les-jeunes-sont-aussi-investis-que-leurs-aines-demontre-une-etude-20240201_RNVD4QHJEBF2RGQFPIVRPEO26Y\/\">Rapport au travail&nbsp;: les jeunes sont aussi investis que leurs a\u00een\u00e9s, d\u00e9montre une \u00e9tude<\/a> (Lib\u00e9ration)<\/strong><\/p>\n","protected":false},"excerpt":{"rendered":"<p>29 f\u00e9vrier R\u00e9pression de l\u2019activit\u00e9 politique \u00e9tudiante \u00e0 Nanterre&nbsp;: un front d\u00e9nonce la politique de la Pr\u00e9sidence (RP) Ritchy Thibault, enferm\u00e9 50h et poursuivi pour avoir interpell\u00e9 Macron\u00a0: solidarit\u00e9\u00a0! (RP) Le ministre des Transports affirme qu&rsquo;il n&rsquo;y aura pas de gr\u00e8ve pendant les JO \u00e0 Paris (Boursier com) Gr\u00e8ves La SNT CD974 et le SAMFFA &#8230; <a title=\"F\u00e9vrier &#8211; Social\" class=\"read-more\" href=\"https:\/\/www.rdpemancipation.org\/?p=125023\" aria-label=\"En savoir plus sur F\u00e9vrier &#8211; Social\">Lire la suite<\/a><\/p>\n","protected":false},"author":1,"featured_media":0,"comment_status":"closed","ping_status":"closed","sticky":false,"template":"","format":"standard","meta":{"_lmt_disableupdate":"","_lmt_disable":"","_jetpack_memberships_contains_paid_content":false,"footnotes":""},"categories":[8],"tags":[],"class_list":["post-125023","post","type-post","status-publish","format-standard","hentry","category-social"],"modified_by":"man","jetpack_featured_media_url":"","jetpack_sharing_enabled":true,"_links":{"self":[{"href":"https:\/\/www.rdpemancipation.org\/index.php?rest_route=\/wp\/v2\/posts\/125023","targetHints":{"allow":["GET"]}}],"collection":[{"href":"https:\/\/www.rdpemancipation.org\/index.php?rest_route=\/wp\/v2\/posts"}],"about":[{"href":"https:\/\/www.rdpemancipation.org\/index.php?rest_route=\/wp\/v2\/types\/post"}],"author":[{"embeddable":true,"href":"https:\/\/www.rdpemancipation.org\/index.php?rest_route=\/wp\/v2\/users\/1"}],"replies":[{"embeddable":true,"href":"https:\/\/www.rdpemancipation.org\/index.php?rest_route=%2Fwp%2Fv2%2Fcomments&post=125023"}],"version-history":[{"count":52,"href":"https:\/\/www.rdpemancipation.org\/index.php?rest_route=\/wp\/v2\/posts\/125023\/revisions"}],"predecessor-version":[{"id":126146,"href":"https:\/\/www.rdpemancipation.org\/index.php?rest_route=\/wp\/v2\/posts\/125023\/revisions\/126146"}],"wp:attachment":[{"href":"https:\/\/www.rdpemancipation.org\/index.php?rest_route=%2Fwp%2Fv2%2Fmedia&parent=125023"}],"wp:term":[{"taxonomy":"category","embeddable":true,"href":"https:\/\/www.rdpemancipation.org\/index.php?rest_route=%2Fwp%2Fv2%2Fcategories&post=125023"},{"taxonomy":"post_tag","embeddable":true,"href":"https:\/\/www.rdpemancipation.org\/index.php?rest_route=%2Fwp%2Fv2%2Ftags&post=125023"}],"curies":[{"name":"wp","href":"https:\/\/api.w.org\/{rel}","templated":true}]}}