{"id":125021,"date":"2024-02-01T01:42:00","date_gmt":"2024-02-01T00:42:00","guid":{"rendered":"https:\/\/www.rdpemancipation.org\/?p=125021"},"modified":"2024-02-28T19:57:28","modified_gmt":"2024-02-28T18:57:28","slug":"fevrier-politique-4","status":"publish","type":"post","link":"https:\/\/www.rdpemancipation.org\/?p=125021","title":{"rendered":"F\u00e9vrier &#8211; Politique"},"content":{"rendered":"\n<p><strong><mark style=\"background-color:rgba(0, 0, 0, 0);color:#ed1010\" class=\"has-inline-color\">27 et 28 f\u00e9vrier<\/mark><\/strong><\/p>\n\n\n\n<p><strong>France<\/strong><\/p>\n\n\n\n<p><strong><a href=\"https:\/\/rapportsdeforce.fr\/classes-en-lutte\/loi-pacte-2-demolir-encore-les-prudhommes-022820551\" target=\"_blank\" rel=\"noreferrer noopener\">Loi Pacte 2 : d\u00e9molir encore les Prud\u2019hommes<\/a> <\/strong>(Rapports de Force)<\/p>\n\n\n\n<p><strong><a href=\"https:\/\/www.politis.fr\/articles\/2024\/02\/assurance-chomage-gabriel-attal-a-contretemps\/\" target=\"_blank\" rel=\"noreferrer noopener\">Assurance-ch\u00f4mage : Gabriel Attal \u00e0 contretemps<\/a> <\/strong>(Politis)<\/p>\n\n\n\n<p><a href=\"https:\/\/www.lemediatv.fr\/emissions\/2024\/salon-de-lagriculture-le-week-end-ou-macron-sest-crashe-ZVopd5ncQQif-4X3Dj8cIg\" target=\"_blank\" rel=\"noreferrer noopener\">Salon de l&rsquo;Agriculture : le week-end o\u00f9 Macron s&rsquo;est crash\u00e9<\/a> (Le M\u00e9dia)<\/p>\n\n\n\n<p><strong><a href=\"https:\/\/www.mediapart.fr\/journal\/politique\/270224\/au-salon-de-l-agriculture-francois-ruffin-trouve-un-large-accord-avec-la-coordination-rurale\" target=\"_blank\" rel=\"noreferrer noopener\">Au Salon de l\u2019agriculture, Fran\u00e7ois Ruffin trouve un \u2018large accord\u2019 avec la Coordination rurale<\/a> <\/strong>(M\u00e9diapart)<\/p>\n\n\n\n<p><strong><a href=\"https:\/\/www.off-investigation.fr\/revolte-agricolemacron-fauteur-de-troubles\/\" target=\"_blank\" rel=\"noreferrer noopener\">R\u00e9volte agricole. Macron fauteur de troubles ?<\/a> <\/strong>(Off Investigation)<\/p>\n\n\n\n<p><a href=\"https:\/\/www.mediapart.fr\/journal\/politique\/280224\/alignee-sur-le-rn-la-region-sud-retire-des-subventions-deux-films-juges-anti-israeliens\">Align\u00e9e sur le RN, la r\u00e9gion Sud retire des subventions \u00e0 deux films jug\u00e9s \u00abanti-isra\u00e9liens\u00bb<\/a> (M\u00e9diapart)<\/p>\n\n\n\n<p><a href=\"https:\/\/www.blast-info.fr\/articles\/2024\/papacito-lepreuve-de-la-justice-MocFeaMrTu2PHKEsqPgKlw\" target=\"_blank\" rel=\"noreferrer noopener\">Extr\u00eame droite&nbsp;: Papacito, l\u2019\u00e9preuve de la justice<\/a> (Blast)<\/p>\n\n\n\n<p><a href=\"https:\/\/www.humanite.fr\/monde\/anticolonialisme\/kanaky-nouvelle-caledonie-comment-letat-francais-manoeuvre-pour-garder-sa-colonie\" target=\"_blank\" rel=\"noreferrer noopener\">Kanaky-Nouvelle-Cal\u00e9donie : comment l\u2019\u00c9tat fran\u00e7ais man\u0153uvre pour garder \u00ab sa colonie \u00bb<\/a> &nbsp;(L\u2019Humanit\u00e9)<\/p>\n\n\n\n<p><a href=\"https:\/\/www.mediapart.fr\/journal\/international\/270224\/otages-gaza-affaires-judiciaires-et-business-les-dessous-de-la-visite-de-l-emir-du-qatar-paris\">Otages \u00e0 Gaza, affaires judiciaires et business&nbsp;: les dessous de la visite de l\u2019\u00e9mir du Qatar \u00e0 Paris<\/a> (M\u00e9diapart)<\/p>\n\n\n\n<p><a href=\"https:\/\/blogs.mediapart.fr\/attac\/blog\/270224\/banderole-tax-rich-sur-l-hotel-vuitton-une-enieme-surenchere-repressive\"><strong>Banderole \u00ab Tax the Rich \u00bb sur l\u2019h\u00f4tel Vuitton : une \u00e9ni\u00e8me surench\u00e8re r\u00e9pressive<\/strong><\/a>&nbsp;(Attac)<\/p>\n\n\n\n<p><a href=\"https:\/\/9tcmw.r.sp1-brevo.net\/mk\/cl\/f\/sh\/1t6Af4OiGsHn13dq0ZCZ4BCCrroQRZ\/Li7DTG513lI4\" target=\"_blank\" rel=\"noreferrer noopener\">Cyrielle Chatelain, d\u00e9put\u00e9e \u00e9colo\u00a0: \u00ab\u00a0La r\u00e9partition des richesses, c\u2019est la base de la base\u00a0\u00bb<\/a> (Basta\u00a0!)<a href=\"https:\/\/www.liberation.fr\/societe\/police-justice\/au-cra-de-vincennes-de-nouveaux-soupcons-de-violences-policieres-envers-des-retenus-20240224_CE7K7KKO2NAMFELMYNNKKOQTUA\/\"><\/a><\/p>\n\n\n\n<p><strong>Monde<\/strong><\/p>\n\n\n\n<p><strong><a href=\"https:\/\/www.middleeasteye.net\/fr\/actu-et-enquetes\/guerre-gaza-une-coalition-palestinienne-appelle-un-embargo-energetique-total\">Gaza : une coalition palestinienne appelle \u00e0 un \u00ab&nbsp;embargo \u00e9nerg\u00e9tique total&nbsp;\u00bb contre Isra\u00ebl<\/a><\/strong> (MEE)<\/p>\n\n\n\n<p><a href=\"https:\/\/www.mediapart.fr\/journal\/international\/270224\/accusations-de-genocide-israel-pietine-la-decision-de-la-cour-internationale-de-justice\" target=\"_blank\" rel=\"noreferrer noopener\">Accusations de g\u00e9nocide : <strong>Isra\u00ebl <\/strong>pi\u00e9tine la d\u00e9cision de la CIJ<\/a> (M\u00e9diapart)<\/p>\n\n\n\n<p><a href=\"https:\/\/www.humanite.fr\/monde\/cour-internationale-de-justice\/a-gaza-laide-humanitaire-a-baisse-de-moitie-malgre-les-injonctions-de-la-cour-internationale-de-justice-a-israel\" target=\"_blank\" rel=\"noreferrer noopener\">\u00c0 <strong>Gaza<\/strong>, l\u2019aide humanitaire a baiss\u00e9 de moiti\u00e9 malgr\u00e9 les injonctions de la CIJ \u00e0 Isra\u00ebl<\/a>&nbsp; (L\u2019Humanit\u00e9)<\/p>\n\n\n\n<p><a href=\"https:\/\/lvsl.fr\/Tribunal%20de%20la%20Haye&nbsp;:%20Jusqu\u2019\u00e0%20quand%20Isra\u00ebl%20\u00e9chappera-t-il%20au%20droit%20international&nbsp;?\">Tribunal de la Haye&nbsp;: Jusqu\u2019\u00e0 quand <strong>Isra\u00ebl<\/strong> \u00e9chappera-t-il au droit international&nbsp;?<\/a> (LVSL)<\/p>\n\n\n\n<p><a href=\"https:\/\/afriquexxi.info\/Au-Cameroun-la-chasse-aux-trophees-contre-le-droit-des-Baka\" target=\"_blank\" rel=\"noreferrer noopener\">Au <strong>Cameroun<\/strong>, la chasse aux troph\u00e9es contre le droit des Baka<\/a> (Afrique XXI)<\/p>\n\n\n\n<p><a href=\"https:\/\/www.mediapart.fr\/journal\/international\/260224\/la-democratie-est-en-jeu-les-republicains-anti-trump-se-mobilisent-pour-joe-biden\"><strong>USA&nbsp;: Les r\u00e9publicains anti-Trump se mobilisent pour Joe Biden<\/strong><\/a>(M\u00e9diapart)<\/p>\n\n\n\n<p><a href=\"https:\/\/www.lemonde.fr\/international\/article\/2024\/02\/27\/en-sardaigne-giorgia-meloni-subit-son-premier-revers-electoral_6218856_3210.html\">En <strong>Sardaigne<\/strong>, Giorgia Meloni subit son premier revers \u00e9lectoral<\/a> (Le Monde)<\/p>\n\n\n\n<p><a href=\"https:\/\/link.newsletter.franceculture.fr\/m\/ml\/7429\/856648\/iCChJRbYF5Ef0QJhyEWVd29C5lXTLJmivm821gAfcU8=\/hThJ9eOuKaxNzABMe90j+FUS3nRgzCklahfkyTUl+6A=\/\" target=\"_blank\" rel=\"noreferrer noopener\">L\u2019envoi de troupes occidentales en <strong>Ukraine<\/strong> est-elle une option s\u00e9rieuse&nbsp;?<\/a> (France Culture)<\/p>\n\n\n\n<p><a href=\"https:\/\/www.mediapart.fr\/journal\/international\/270224\/la-justice-russe-condamne-oleg-orlov-fondateur-de-l-ong-memorial-deux-ans-et-demi-de-prison\"><strong>Russie<\/strong>&nbsp;: Oleg Orlov, fondateur de l\u2019ONG Memorial, condamn\u00e9 \u00e0 deux ans et demi de prison<\/a> (M\u00e9diapart)<\/p>\n\n\n\n<p><strong><a href=\"https:\/\/blogs.mediapart.fr\/memorial-france\/blog\/270224\/oleg-orlov-dissident-russe-et-co-president-de-memorial-je-n-ai-commis-aucun-crime\">Oleg Orlov, dissident russe et co-pr\u00e9sident de Memorial&nbsp;: \u2018Je n\u2019ai commis aucun crime\u2019<\/a>&nbsp;<\/strong>(M\u00e9morial-France)<\/p>\n\n\n\n<p><strong>Analyse<\/strong><\/p>\n\n\n\n<p><strong><a href=\"https:\/\/link.newsletter.franceculture.fr\/m\/ml\/7429\/856445\/Ul6h2I9YOiNePdnS3cazZm9C5lXTLJmivm821gAfcU8=\/nHCExqBYgW3WJ+CUGdztBOfS4v+RnzjYJ6cOvxTFWFs=\/\" target=\"_blank\" rel=\"noreferrer noopener\">Pauvret\u00e9&nbsp;: fatalit\u00e9 ou choix politique&nbsp;?<\/a><\/strong> (France Culture)<\/p>\n\n\n\n<p><a href=\"https:\/\/www.humanite.fr\/environnement\/climat\/la-repression-des-defenseurs-de-lenvironnement-est-une-menace-majeure-pour-la-democratie-alerte-lonu\" target=\"_blank\" rel=\"noreferrer noopener\">La r\u00e9pression des d\u00e9fenseurs de l\u2019environnement est une \u00ab menace majeure pour la d\u00e9mocratie \u00bb, alerte l\u2019ONU<\/a> (L\u2019Humanit\u00e9)<\/p>\n\n\n\n<p><strong><mark style=\"background-color:rgba(0, 0, 0, 0);color:#ed1010\" class=\"has-inline-color\">26 f\u00e9vrier<\/mark><\/strong><\/p>\n\n\n\n<p><strong>France<\/strong><\/p>\n\n\n\n<p><a href=\"https:\/\/api.indigo-net.com\/email\/RedirectionEmailing?mail=n.chevillard@noos.fr&amp;ID=591320&amp;DOCIID=109703480&amp;ENAIID=865280&amp;RETOUR=SIMPLE&amp;link=https:\/\/www.lalettre.fr\/fr\/action-publique_executif\/2024\/02\/26\/stephane-sejourne-presidera-un-hommage-aux-agents-du-quai-decedes-a-gaza,110184182-art?cxt=PUB&amp;utm_source=LLA&amp;utm_medium=email&amp;utm_campaign=AUTO_EDIT_SOM_PROS\" target=\"_blank\" rel=\"noreferrer noopener\">St\u00e9phane S\u00e9journ\u00e9 pr\u00e9sidera un hommage aux agents du Quai d\u00e9c\u00e9d\u00e9s \u00e0 Gaza<\/a> (La Lettre)<\/p>\n\n\n\n<p><a href=\"https:\/\/www.lemediatv.fr\/emissions\/2024\/la-tactique-cynique-de-macron-qui-fait-monter-le-rn-osPZx159S5C0GzSjqV86YQ\" target=\"_blank\" rel=\"noreferrer noopener\">La tactique cynique de Macron qui fait monter le RN<\/a>&nbsp;(Le M\u00e9dia)<\/p>\n\n\n\n<p><a href=\"https:\/\/www.lemediatv.fr\/emissions\/2024\/macron-et-la-francafrique-le-double-jeu-lyNxwS_6Q5irqI0mFpIQpw\" target=\"_blank\" rel=\"noreferrer noopener\">Macron et la fran\u00e7afrique : le double jeu ?<\/a>&nbsp;(Le M\u00e9dia)<\/p>\n\n\n\n<p><a href=\"https:\/\/www.francetvinfo.fr\/france\/mayotte\/mayotte-des-associations-d-aide-aux-migrants-prises-pour-cible_6384607.html#xtor=RSS-3-%5Bfrance%5D\">Mayotte : des associations d&rsquo;aide aux migrants prises pour cible<\/a>&nbsp;(Francetvinfo)<\/p>\n\n\n\n<p><a href=\"https:\/\/www.youtube.com\/watch?v=vv-uT4Ga3tk\" target=\"_blank\" rel=\"noreferrer noopener\">Les macronistes experts en d\u00e9sinformation<\/a>&nbsp;(Blast)<\/p>\n\n\n\n<p><a href=\"https:\/\/lequotidien.lu\/editoriaux\/elegance-a-la-francaise\/?utm_source=LUMEDIA+S.+A.&amp;utm_campaign=c3b306450e-EMAIL_CAMPAIGN_6_8_2022_7_59_COPY_01&amp;utm_medium=email&amp;utm_term=0_bdf53943d9-c3b306450e-390739384\">\u00c9l\u00e9gance \u00e0 la fran\u00e7aise<\/a>&nbsp;(Le Quotidien)<\/p>\n\n\n\n<p><a href=\"https:\/\/www.youtube.com\/watch?v=oWnJaOaYx9o\" target=\"_blank\" rel=\"noreferrer noopener\">Les Fran\u00e7ais sont en souffrance ? Fran\u00e7ois Ruffin r\u00e9pond.<\/a>&nbsp;(Crayons)<a href=\"https:\/\/www.liberation.fr\/societe\/police-justice\/au-cra-de-vincennes-de-nouveaux-soupcons-de-violences-policieres-envers-des-retenus-20240224_CE7K7KKO2NAMFELMYNNKKOQTUA\/\"><\/a><\/p>\n\n\n\n<p><strong>Monde<\/strong><\/p>\n\n\n\n<p><a href=\"https:\/\/www.alternatives-economiques.fr\/ans-apres-resistance-ukrainienne-a-lepreuve\/00109746\" target=\"_blank\" rel=\"noreferrer noopener\">Deux ans apr\u00e8s, la r\u00e9sistance <strong>ukrainienne<\/strong> \u00e0 l&rsquo;\u00e9preuve<\/a>&nbsp;(Alter \u00e9co)<\/p>\n\n\n\n<p><a href=\"https:\/\/www.blast-info.fr\/emissions\/2024\/deux-ans-de-guerre-en-ukraine-a-kherson-secourir-sous-les-bombes-0jRfAbpiSQCOPm5hqpvnIQ\" target=\"_blank\" rel=\"noreferrer noopener\">Deux ans de guerre en <strong>Ukraine<\/strong> : \u00e0 Kherson, secourir sous les bombes<\/a>&nbsp;(Blast)<\/p>\n\n\n\n<p><a href=\"https:\/\/www.alternatives-economiques.fr\/ukraine-de-clivages-sociaux-apparaissent-a-mesure-guerr\/00109737\" target=\"_blank\" rel=\"noreferrer noopener\">En <strong>Ukraine<\/strong>, de nouveaux clivages sociaux apparaissent \u00e0 mesure que la guerre s\u2019\u00e9ternise<\/a> (Alter \u00e9co)<\/p>\n\n\n\n<p><a href=\"https:\/\/www.politico.eu\/article\/ukraine-war-hang-on-in-2024-to-win-in-2025-putin-zelenskky-russia-counteroffensive\/\"><strong>Ukraine<\/strong>\u2019s war strategy: Survive 2024 to win in 2025<\/a>&nbsp;(Politico)<\/p>\n\n\n\n<p><a href=\"https:\/\/alencontre.org\/moyenorient\/palestine\/israel-pas-de-visas-pour-les-employes-des-ong-humanitaires-en-cisjordanie-a-jerusalem-est-et-a-gaza.html\"><strong>Isra\u00ebl. <\/strong>Pas de visas pour les employ\u00e9s des ONG humanitaires en Cisjordanie, \u00e0 J\u00e9rusalem-est et \u00e0 Gaza<\/a> (A l\u2019Encontre)<\/p>\n\n\n\n<p><strong><a href=\"https:\/\/www.politis.fr\/articles\/2024\/02\/en-allemagne-la-traque-aux-pro-palestiniens\/\" target=\"_blank\" rel=\"noreferrer noopener\">En Allemagne, la traque aux pro-palestiniens<\/a><\/strong>&nbsp;(Politis)<\/p>\n\n\n\n<p><a href=\"https:\/\/www.politis.fr\/articles\/2024\/02\/lula-netanyahou-gaza-genocide-le-mot-pour-le-dire\/\" target=\"_blank\" rel=\"noreferrer noopener\">Lula et <strong>Gaza<\/strong> : g\u00e9nocide, le mot pour le dire<\/a>&nbsp;(Politis)<\/p>\n\n\n\n<p><a href=\"https:\/\/www.humanite.fr\/monde\/autorite-palestinienne\/guerre-a-gaza-le-gouvernement-palestinien-remet-sa-demission-au-president-mahmoud-abbas\" target=\"_blank\" rel=\"noreferrer noopener\"><strong>Gaza<\/strong> : le gouvernement palestinien remet sa d\u00e9mission au pr\u00e9sident Mahmoud Abbas<\/a>&nbsp;(L\u2019Humanit\u00e9)<\/p>\n\n\n\n<p><a href=\"https:\/\/www.rfi.fr\/fr\/moyen-orient\/20240225-les-premi%C3%A8res-pistes-d-un-possible-nouveau-cessez-le-feu-entre-isra%C3%ABl-et-le-hamas\"><strong>Les premi\u00e8res pistes d&rsquo;un possible nouveau cessez-le-feu entre Isra\u00ebl et le Hamas<\/strong><\/a> (RFI)<\/p>\n\n\n\n<p><a href=\"https:\/\/arretsurinfo.ch\/je-suis-fiere-des-ruines-de-gaza-may-golan-ministre-israelienne\/\"><strong>Isra\u00ebl<\/strong>. \u00ab&nbsp;<\/a><a href=\"https:\/\/arretsurinfo.ch\/je-suis-fiere-des-ruines-de-gaza-may-golan-ministre-israelienne\/\"><em>Je suis fi\u00e8re des ruines de Gaza<\/em><\/a><a href=\"https:\/\/arretsurinfo.ch\/je-suis-fiere-des-ruines-de-gaza-may-golan-ministre-israelienne\/\">&nbsp;\u00bb. May Golan, ministre isra\u00e9lienne<\/a>&nbsp;(Arr\u00eat sur info)<\/p>\n\n\n\n<p><a href=\"https:\/\/brunobertez.com\/2024\/02\/21\/les-plus-hautes-instances-du-tribunal-de-lonu-revelent-les-projets-israeliens-de-longue-date-doccuper-et-dannexer-les-terres-palestiniennes\/\"><strong>Isra\u00ebl<\/strong>. L<\/a><a href=\"https:\/\/brunobertez.com\/2024\/02\/21\/les-plus-hautes-instances-du-tribunal-de-lonu-revelent-les-projets-israeliens-de-longue-date-doccuper-et-dannexer-les-terres-palestiniennes\/\">es plus hautes instances du tribunal de l\u2019ONU r\u00e9v\u00e8lent les projets isra\u00e9liens de longue&nbsp;<\/a><a href=\"https:\/\/brunobertez.com\/2024\/02\/21\/les-plus-hautes-instances-du-tribunal-de-lonu-revelent-les-projets-israeliens-de-longue-date-doccuper-et-dannexer-les-terres-palestiniennes\/\">date d\u2019occuper et d\u2019annexer les terres palestiniennes<\/a>&nbsp;(Bruno Bertez)<\/p>\n\n\n\n<p><a href=\"https:\/\/lesakerfrancophone.fr\/lautodestruction-disrael\">L\u2019autodestruction d\u2019<strong>Isra\u00ebl<\/strong><\/a>&nbsp; (Le saker francophone)<\/p>\n\n\n\n<p><a href=\"https:\/\/lesakerfrancophone.fr\/je-suis-un-medecin-americain-qui-sest-rendu-a-gaza-ce-que-jy-ai-vu-ce-nest-pas-une-guerre-cest-un-aneantissement\">Je suis un m\u00e9decin am\u00e9ricain qui s\u2019est rendu \u00e0 <strong>Gaza<\/strong>. Ce que j\u2019y ai vu, ce n\u2019est pas une guerre, c\u2019est un an\u00e9antissement<\/a>&nbsp;(Le saker francophone)<\/p>\n\n\n\n<p><a href=\"https:\/\/www.mediapart.fr\/journal\/international\/240224\/execution-d-un-deserteur-russe-en-espagne-un-message-ceux-qui-voudraient-faire-defection\" target=\"_blank\" rel=\"noreferrer noopener\">Ex\u00e9cution d\u2019un d\u00e9serteur <strong>russe<\/strong> en <strong>Espagne <\/strong>: \u00abUn message \u00e0 ceux qui voudraient faire d\u00e9fection\u00bb<\/a>&nbsp;(M\u00e9diapart)<\/p>\n\n\n\n<p><strong>Analyse<\/strong><\/p>\n\n\n\n<p><strong><a href=\"https:\/\/lundi.am\/Racismes-d-Etat-Etats-racistes-Une-breve-histoire\" target=\"_blank\" rel=\"noreferrer noopener\">Racismes d\u2019\u00c9tat, \u00c9tats racistes. Une br\u00e8ve histoire<\/a><\/strong> (Lundimatin)<\/p>\n\n\n\n<p><a href=\"https:\/\/regards.fr\/les-partis-politiques-sont-necessaires-a-la-democratie-et-a-lemancipation-collective\/\" target=\"_blank\" rel=\"noreferrer noopener\">Les partis politiques sont n\u00e9cessaires \u00e0 la d\u00e9mocratie et \u00e0 l\u2019\u00e9mancipation collective<\/a>&nbsp;(Regards)<\/p>\n\n\n\n<p><a href=\"https:\/\/www.blast-info.fr\/articles\/2024\/salon-de-lagriculture-la-cr47-la-strategie-du-choc-rTjwvfRrS8aqvPzVT4-rkQ\" target=\"_blank\" rel=\"noreferrer noopener\">Salon de l\u2019agriculture : La CR47, la strat\u00e9gie du choc<\/a>&nbsp;(Blast)<\/p>\n\n\n\n<p><a href=\"https:\/\/theconversation.com\/limpact-de-la-guerre-en-ukraine-sur-la-cooperation-militaire-franco-allemande-223671\" target=\"_blank\" rel=\"noreferrer noopener\">L\u2019impact de la guerre en Ukraine sur la coop\u00e9ration militaire franco-allemande<\/a>&nbsp;(The Conversation)<\/p>\n\n\n\n<p><strong><mark style=\"background-color:rgba(0, 0, 0, 0);color:#ed1010\" class=\"has-inline-color\">24 f\u00e9vrier<\/mark><\/strong><\/p>\n\n\n\n<p><strong>France<\/strong><\/p>\n\n\n\n<p><a href=\"https:\/\/www.liberation.fr\/environnement\/agriculture\/en-direct-emmanuel-macron-attendu-ce-samedi-au-salon-de-lagriculture-20240224_LFAXES7H2VF6PPW7RQZQYKWT7E\/\">EN DIRECT &#8211; <strong>Salon de l\u2019Agriculture&nbsp;: apr\u00e8s une inauguration sous les hu\u00e9es, Macron d\u00e9ambule sous tr\u00e8s bonne garde<\/strong><\/a>  (Lib\u00e9ration en acc\u00e8s libre)<\/p>\n\n\n\n<p><a href=\"https:\/\/www.francetvinfo.fr\/economie\/crise\/blocus-des-agriculteurs\/salon-de-l-agriculture-malgre-les-annonces-du-president-la-coordination-rurale-ne-met-pas-un-terme-a-la-mobilisation_6386131.html\">Malgr\u00e9 les annonces du pr\u00e9sident, la Coordination rurale ne met pas un terme \u00e0 la mobilisation<\/a> (France info)<\/p>\n\n\n\n<p><a href=\"https:\/\/www.confederationpaysanne.fr\/rp_article.php?id=14223\" target=\"_blank\" rel=\"noreferrer noopener\">Emmanuel Macron doit r\u00e9pondre aux probl\u00e8mes de fond, pas faire de la com&rsquo; sur le dos des paysan\u00b7nes !<\/a>&nbsp; (Conf\u00e9d\u00e9ration Paysanne)<\/p>\n\n\n\n<p><a href=\"https:\/\/www.liberation.fr\/societe\/police-justice\/au-cra-de-vincennes-de-nouveaux-soupcons-de-violences-policieres-envers-des-retenus-20240224_CE7K7KKO2NAMFELMYNNKKOQTUA\/\">Deux&nbsp;ans de la guerre en Ukraine&nbsp;: des milliers de personnes manifestent en France<\/a> (Lib\u00e9ration en acc\u00e8s libre)<\/p>\n\n\n\n<p><a href=\"https:\/\/www.liberation.fr\/societe\/police-justice\/au-cra-de-vincennes-de-nouveaux-soupcons-de-violences-policieres-envers-des-retenus-20240224_CE7K7KKO2NAMFELMYNNKKOQTUA\/\">Au CRA de Vincennes, de nouveaux soup\u00e7ons de violences polici\u00e8res envers des retenus<\/a> (Lib\u00e9ration)<a href=\"https:\/\/www.francetvinfo.fr\/culture\/cinema\/cesar\/il-faut-que-le-massacre-cesse-des-appels-pour-un-cessez-le-feu-a-gaza-lors-de-la-49e-ceremonie-des-cesar_6385852.html\"><\/a><\/p>\n\n\n\n<p><a href=\"https:\/\/www.francetvinfo.fr\/culture\/cinema\/cesar\/il-faut-que-le-massacre-cesse-des-appels-pour-un-cessez-le-feu-a-gaza-lors-de-la-49e-ceremonie-des-cesar_6385852.html\">\u00ab\u00a0Il faut que le massacre cesse\u00a0\u00bb : les appels pour un cessez-le-feu \u00e0 Gaza lors de la 49e c\u00e9r\u00e9monie des C\u00e9sar <\/a>&nbsp;(France info)<\/p>\n\n\n\n<p><a href=\"https:\/\/www.blast-info.fr\/articles\/2024\/le-plan-q-de-lelysee-paris-promet-limmunite-de-nasser--ysP7f5rR6moEXgoiYBMdg\" target=\"_blank\" rel=\"noreferrer noopener\">Le plan Qatar de l&rsquo;Elys\u00e9e : Paris promet l\u2019immunit\u00e9 de Nasser<\/a>&nbsp;(Blast)<\/p>\n\n\n\n<p><a href=\"https:\/\/www.youtube.com\/watch?v=zEbg57HUHUs\">Les Marioles&nbsp;: premier \u00e9pisode de la nouvelle s\u00e9rie<\/a> &nbsp;(Blast)<\/p>\n\n\n\n<p><strong>Monde<\/strong><a href=\"https:\/\/www.francetvinfo.fr\/monde\/russie\/alexei-navalny\/le-corps-de-l-opposant-russe-alexei-navalny-a-ete-remis-a-sa-mere_6386092.html\"><\/a><\/p>\n\n\n\n<p><a href=\"https:\/\/www.francetvinfo.fr\/monde\/russie\/alexei-navalny\/le-corps-de-l-opposant-russe-alexei-navalny-a-ete-remis-a-sa-mere_6386092.html\">Le corps de l&rsquo;opposant russe Alexe\u00ef Navalny a \u00e9t\u00e9 remis \u00e0 sa m\u00e8re<\/a> (France info)<\/p>\n\n\n\n<p><strong><a href=\"https:\/\/www.mediapart.fr\/journal\/international\/240224\/en-russie-des-similitudes-frappantes-avec-la-fin-de-l-ere-stalinienne\">En Russie, \u00ab des similitudes frappantes avec la fin de l&rsquo;\u00e8re stalinienne \u00bb<\/a> <\/strong>(M\u00e9diapart)<\/p>\n\n\n\n<p><a href=\"https:\/\/www.rfi.fr\/fr\/europe\/20240224-russie-des-journalistes-et-des-femmes-de-soldats-arr%C3%AAt%C3%A9s-pour-les-deux-ans-de-la-guerre\"><strong>Russie<\/strong> : des journalistes et des femmes de soldats arr\u00eat\u00e9s pour les 2 ans de la guerre<\/a> (RFI)<a href=\"https:\/\/www.rfi.fr\/fr\/podcasts\/le-grand-invit%C3%A9-international\/20240224-alexe%C3%AF-venediktov-russie-echos-moscou-meme-soutiens-de-l-op%C3%A9ration-sp%C3%A9ciale-de-poutine-sont-fatigu%C3%A9s-travail-journalistes\"><\/a><\/p>\n\n\n\n<p><a href=\"https:\/\/www.rfi.fr\/fr\/podcasts\/le-grand-invit%C3%A9-international\/20240224-alexe%C3%AF-venediktov-russie-echos-moscou-meme-soutiens-de-l-op%C3%A9ration-sp%C3%A9ciale-de-poutine-sont-fatigu%C3%A9s-travail-journalistes\">Alexe\u00ef Venediktov: en Russie, \u00abm\u00eame les soutiens de l&rsquo;op\u00e9ration sp\u00e9ciale de Poutine sont fatigu\u00e9s\u00bb (RFI)<\/a><\/p>\n\n\n\n<p><a href=\"https:\/\/alencontre.org\/europe\/russie\/navalny-et-nous-deux-interventions-dune-gauche-russe.html\">Navalny et nous. Deux interventions d\u2019une gauche russe<\/a> (A l\u2019Encontre)<a href=\"https:\/\/www.rfi.fr\/fr\/am%C3%A9riques\/20240223-argentine-face-%C3%A0-l-aust%C3%A9rit%C3%A9-de-javier-milei-le-climat-social-se-tend\"><\/a><\/p>\n\n\n\n<p><strong><a href=\"https:\/\/www.rfi.fr\/fr\/am%C3%A9riques\/20240223-argentine-face-%C3%A0-l-aust%C3%A9rit%C3%A9-de-javier-milei-le-climat-social-se-tend\">Argentine : face \u00e0 l&rsquo;aust\u00e9rit\u00e9 de Javier Milei, le climat social se tend<\/a><\/strong> (RFI)<\/p>\n\n\n\n<p><a href=\"https:\/\/alencontre.org\/moyenorient\/palestine\/gaza-les-enfants-qui-survivent-ne-vivent-pas.html\"><strong>Gaza<\/strong>. Les enfants qui survivent ne vivent pas&nbsp;<\/a> (A l\u2019Encontre)<\/p>\n\n\n\n<p><a href=\"https:\/\/agencemediapalestine.fr\/blog\/2024\/02\/23\/les-medecins-de-gaza-nous-ont-simplement-demander-de-parler-deux-car-ils-ne-voient-plus-le-bout-entretien-avec-des-medecins-volontaires-a-gaza\/\" target=\"_blank\" rel=\"noreferrer noopener\">Agence Media <strong>Palestine<\/strong> : Entretien avec des m\u00e9decins volontaires de retour de Gaza<\/a>&nbsp;(CICP)<\/p>\n\n\n\n<p><strong><a href=\"https:\/\/www.fidh.org\/fr\/regions\/maghreb-moyen-orient\/israel-palestine\/l-union-europeenne-doit-sanctionner-israel-pour-ses-crimes-a-gaza\" target=\"_blank\" rel=\"noreferrer noopener\">L&rsquo;Union europ\u00e9enne doit sanctionner Isra\u00ebl pour ses crimes \u00e0 Gaza<\/a>&nbsp;<\/strong>(FIDH)<\/p>\n\n\n\n<p><strong>Analyse<\/strong><\/p>\n\n\n\n<p><strong><a href=\"https:\/\/www.fidh.org\/fr\/themes\/liberte-d-expression\/liberte-pour-julian-assange-exposer-des-violations-des-droits-humains\" target=\"_blank\" rel=\"noreferrer noopener\">Libert\u00e9 pour Julian Assange : exposer des violations des droits humains n&rsquo;est pas un crime<\/a><\/strong>&nbsp;(FIDH)<\/p>\n\n\n\n<p><strong><a href=\"https:\/\/www.contretemps.eu\/milei-davos-forum-neoliberalisme-capital-argentine\/\">Le num\u00e9ro de cirque de Javier Milei \u00e0 Davos est un avant-go\u00fbt de la politique capitaliste \u00e0 venir<\/a><\/strong> (Contretemps)<\/p>\n\n\n\n<p><strong><mark style=\"background-color:rgba(0, 0, 0, 0);color:#ed1010\" class=\"has-inline-color\">23 f\u00e9vrier<\/mark><\/strong><\/p>\n\n\n\n<p><strong>France<\/strong><\/p>\n\n\n\n<p><a href=\"https:\/\/rapportsdeforce.fr\/classes-en-lutte\/10-milliards-deuros-dausterite-et-une-saignee-sur-lemploi-public-022220541\" target=\"_blank\" rel=\"noreferrer noopener\">10 milliards d\u2019euros d\u2019aust\u00e9rit\u00e9 et une saign\u00e9e sur l\u2019emploi public<\/a>&nbsp;(Rapports de Force)<\/p>\n\n\n\n<p><a href=\"https:\/\/regards.fr\/10-milliards-en-moins-le-mensonge-les-pretextes-et-les-degats\/\" target=\"_blank\" rel=\"noreferrer noopener\">10 milliards en moins ? Le mensonge, les pr\u00e9textes et les d\u00e9g\u00e2ts<\/a>&nbsp; -Cl\u00e9mentine Autain (Regards)<\/p>\n\n\n\n<p><a href=\"https:\/\/www.politis.fr\/articles\/2024\/02\/generation%c2%b7s-derriere-la-crise-la-main-de-lfi\/\" target=\"_blank\" rel=\"noreferrer noopener\">G\u00e9n\u00e9ration\u00b7s : derri\u00e8re la crise, la main de LFI ?<\/a>&nbsp;(Politis)<\/p>\n\n\n\n<p><a href=\"https:\/\/regards.fr\/europeennes-lfi-trouve-enfin-des-allies-a-generations\/\" target=\"_blank\" rel=\"noreferrer noopener\">Europ\u00e9ennes : LFI trouve (enfin) des alli\u00e9s\u2026<\/a>&nbsp;(Regards)<\/p>\n\n\n\n<p><a href=\"https:\/\/www.monde-diplomatique.fr\/carnet\/2024-02-23-Encore-une-fake-news-du-Point\" target=\"_blank\" rel=\"noreferrer noopener\">Encore une \u00ab fake news \u00bb du \u00ab Point \u00bb<\/a>&nbsp;(Le Monde diplomatique)<\/p>\n\n\n\n<p><a href=\"https:\/\/api.indigo-net.com\/email\/RedirectionEmailing?mail=n.chevillard@noos.fr&amp;ID=590633&amp;DOCIID=109703480&amp;ENAIID=864593&amp;RETOUR=SIMPLE&amp;link=https:\/\/www.lalettre.fr\/fr\/action-publique_executif\/2024\/02\/23\/quai-d-orsay--le-cab--de-sejourne-fait-l-autruche-sur-l-hommage-aux-agents-decedes-a-gaza,110183610-art?cxt=PUB&amp;utm_source=LLA&amp;utm_medium=email&amp;utm_campaign=AUTO_EDIT_SOM_PROS\" target=\"_blank\" rel=\"noreferrer noopener\">Quai d&rsquo;Orsay : le cab&rsquo; de S\u00e9journ\u00e9 fait l&rsquo;autruche sur l&rsquo;hommage aux agents d\u00e9c\u00e9d\u00e9s \u00e0 Gaza<\/a> (La Lettre)<\/p>\n\n\n\n<p><a href=\"https:\/\/www.alternatives-economiques.fr\/stephane-madaule\/politique-demmanuel-macron-afrique-un-bilan-loin-objectifs\/00109694\" target=\"_blank\" rel=\"noreferrer noopener\">Politique d\u2019Emmanuel Macron en Afrique : un bilan loin des objectifs<\/a>&nbsp;(Alter \u00e9co)<\/p>\n\n\n\n<p><strong><a href=\"https:\/\/blogs.mediapart.fr\/histoire-coloniale-et-postcoloniale\/blog\/220224\/manouchian-marine-le-pen-et-la-legion-etrangere-0\">Manouchian, Marine Le Pen et la L\u00e9gion \u00e9trang\u00e8re<\/a><\/strong>&nbsp;(Histoire coloniale et postcoloniale)<\/p>\n\n\n\n<p><a href=\"https:\/\/link.newsletter.franceculture.fr\/m\/ml\/7429\/855287\/vHI6dP1b9sbTtWp7ZAgd8W9C5lXTLJmivm821gAfcU8=\/4Jxo8QfBOo4-hDenp-krA6wiKycAYHmHQUvoqdy5-7Q=\/\" target=\"_blank\" rel=\"noreferrer noopener\">Manouchian au Panth\u00e9on&nbsp;: Missak, Thomas, Maurice et les autres<\/a> (France Culture)<\/p>\n\n\n\n<p><strong>Monde<\/strong><\/p>\n\n\n\n<p><a href=\"https:\/\/www.mediapart.fr\/journal\/international\/200224\/hiam-abbass-et-lina-soualem-faire-exister-l-humanite-du-peuple-palestinien\">Hiam Abbass et Lina Soualem&nbsp;: \u00ab&nbsp;Faire exister l\u2019humanit\u00e9 du peuple palestinien&nbsp;\u00bb<\/a>&nbsp;(\u00c0 l\u2019air libre)<\/p>\n\n\n\n<p><a href=\"https:\/\/blogs.mediapart.fr\/mouais-le-journal-dubitatif\/blog\/230224\/en-cisjordanie-occupee-la-mobilite-sous-apartheid\">En <strong>Cisjordanie<\/strong> occup\u00e9e, la mobilit\u00e9 sous apartheid<\/a>&nbsp;(Mouais, le journal dubitatif)<\/p>\n\n\n\n<p><a href=\"https:\/\/redirection.b2b.infopro-digital.com\/lnk\/AWEAADcrk3EAAcXFdlAAAHnKuI0AAABZQTkAANzxAAwsSQBl2EFCSw4KtOoiS9aKQTDqD-CBWQAMCy8\/14\/3bTwLxlPw-3xoB4Mntwgww\/aHR0cDovL3d3dy51c2luZS1kaWdpdGFsZS5mci9hcnRpY2xlL2xlcy1tZXRob2Rlcy1kLWVzcGlvbm5hZ2UtZWxlY3Ryb25pcXVlLWRlLWxhLWNoaW5lLWRldm9pbGVlcy1wYXItdW5lLWZ1aXRlLWRlLWRvY3VtZW50cy5OMjIwODYyMz91dG1fc291cmNlPW5ld3NsZXR0ZXImdXRtX21lZGl1bT1lbWFpbCZ1dG1fY2FtcGFpZ249aW5mb191ZC1xdW90aWRpZW5uZSZlbWFpbD0yMDQzMzI4NjUzJmlkYmRkPTU2NTYx\" target=\"_blank\" rel=\"noreferrer noopener\">Les m\u00e9thodes d&rsquo;espionnage \u00e9lectronique de la <strong>Chine<\/strong> d\u00e9voil\u00e9es par une fuite de documents<\/a> (Usine Digitale)<\/p>\n\n\n\n<p><strong><a href=\"https:\/\/www.blast-info.fr\/articles\/2024\/assange-un-dernier-recours-pour-defendre-la-liberte-dinformer-BK1hpV6hSX-vtQevhh9I1w\" target=\"_blank\" rel=\"noreferrer noopener\">Assange : un dernier recours pour d\u00e9fendre la libert\u00e9 d&rsquo;informer<\/a><\/strong>&nbsp;(Blast)<\/p>\n\n\n\n<p><strong>Analyse<\/strong><\/p>\n\n\n\n<p><strong><a href=\"https:\/\/www.frustrationmagazine.fr\/organisation-pour-gagner-les-recettes-de-karl-marx\/\" target=\"_blank\" rel=\"noreferrer noopener\">S\u2019organiser pour gagner : les recettes de Karl Marx<\/a><\/strong>&nbsp;(Frustration)<\/p>\n\n\n\n<p><a href=\"https:\/\/www.blast-info.fr\/emissions\/2024\/lavant-premiere-gens-de-france-leon-97-ans-resistant-Mkj32GtmTreiHNsWQ8dwow\" target=\"_blank\" rel=\"noreferrer noopener\">L&rsquo;Avant-Premi\u00e8re : Gens de France, L\u00e9on, 97 ans, r\u00e9sistant<\/a>&nbsp;(Blast)<\/p>\n\n\n\n<p><a href=\"https:\/\/link.newsletter.franceculture.fr\/m\/ml\/7429\/855684\/OCK0d8-TfTyZYSJ68PyDAG9C5lXTLJmivm821gAfcU8=\/PodYmeEzCrOsYmVTu+iKl178Blc3S-QOiwFa7-uWCJE=\/\" target=\"_blank\" rel=\"noreferrer noopener\">Deux ans de guerre en Ukraine&nbsp;: le conflit \u00e0 hauteur d\u2019\u00e2mes<\/a> (France Culture)<\/p>\n\n\n\n<p><a href=\"https:\/\/link.newsletter.franceculture.fr\/m\/ml\/7429\/855482\/kCi9khh1bH91d20Fg7pf5W9C5lXTLJmivm821gAfcU8=\/jVXaprsoklniynehwAup5QyQrNuUJZJs8xSwNSjrt58=\/\" target=\"_blank\" rel=\"noreferrer noopener\">Lutter pour son ind\u00e9pendance, l&rsquo;ire de l&rsquo;Irlande<\/a> (France Culture)<\/p>\n\n\n\n<p><strong><mark style=\"background-color:rgba(0, 0, 0, 0);color:#ed1010\" class=\"has-inline-color\">22 f\u00e9vrier<\/mark><\/strong><\/p>\n\n\n\n<p><strong>France<\/strong><\/p>\n\n\n\n<p><a href=\"https:\/\/www.boursorama.com\/actualite-economique\/actualites\/eric-zemmour-condamne-a-15-000-euros-d-amende-pour-une-diatribe-anti-immigration-en-2019-9d888dfd4255380f8fb93be77d3c666e\">Eric Zemmour condamn\u00e9 \u00e0 15.000 \u20ac d&rsquo;amende pour une diatribe anti-immigration en 2019<\/a> (AFP) &nbsp;&nbsp;<\/p>\n\n\n\n<p><a href=\"https:\/\/www.boursorama.com\/actualite-economique\/actualites\/europeennes-lfi-ferme-la-porte-a-un-accord-avec-le-npa-c34e87f2ebdccdbaa4e6a2c887b3f42c\">Europ\u00e9ennes : LFI ferme la porte \u00e0 un accord avec le NPA<\/a> (AFP) &nbsp;&nbsp;<\/p>\n\n\n\n<p><strong><a href=\"https:\/\/www.monde-diplomatique.fr\/2024\/02\/HALIMI\/66560\">Le journalisme fran\u00e7ais, un danger public<\/a><\/strong>&nbsp;(Le Monde diplomatique)<\/p>\n\n\n\n<p><a href=\"https:\/\/www.huffingtonpost.fr\/politique\/article\/loi-fin-de-vie-firmin-le-bodo-reconnait-un-trouble-apres-la-nomination-de-ses-successeurs-a-la-sante_230134.html\">L\u2019ex-ministre charg\u00e9e de \u00ab&nbsp;la fin de vie&nbsp;\u00bb reconnait un \u00ab&nbsp;trouble&nbsp;\u00bb apr\u00e8s le remaniement<\/a> (HuffPost)<\/p>\n\n\n\n<p><a href=\"https:\/\/www.youtube.com\/watch?v=BfEskb6sKLk\" target=\"_blank\" rel=\"noreferrer noopener\">Marie Toussaint, t\u00eate de liste \u00e9cologiste aux europ\u00e9ennes, sur France Info<\/a> (France Info)<\/p>\n\n\n\n<p><a href=\"https:\/\/reporterre.net\/Carrefour-complice-des-militants-ecolos-denoncent-les-accords-du-groupe-avec-Israel?utm_source=newsletter&amp;utm_medium=email&amp;utm_campaign=nl_quotidienne\">\u00ab&nbsp;Carrefour complice&nbsp;\u00bb&nbsp;: des militants \u00e9colos d\u00e9noncent les accords du groupe avec Isra\u00ebl<\/a>&nbsp;(Reporterre)<\/p>\n\n\n\n<p><strong>Monde<\/strong><\/p>\n\n\n\n<p><a href=\"https:\/\/www.middleeasteye.net\/fr\/reportages\/passage-tabac-vol-et-execution-le-jour-ou-les-soldats-israeliens-ont-envahi-le-stade\"><strong>Passage \u00e0 tabac, vols et ex\u00e9cutions : le jour o\u00f9 les soldats isra\u00e9liens ont envahi le stade Yarmouk \u00e0 Gaza<\/strong><\/a> (MEE)<\/p>\n\n\n\n<p><a href=\"https:\/\/www.middleeasteye.net\/fr\/actu-et-enquetes\/loffensive-terrestre-israelienne-transformerait-rafah-en-cimetiere-alertent-des\">L\u2019offensive terrestre isra\u00e9lienne transformerait Rafah en \u00ab&nbsp;cimeti\u00e8re&nbsp;\u00bb, alertent des sp\u00e9cialistes des droits de l\u2019homme<\/a> (MEE)<\/p>\n\n\n\n<p><a href=\"https:\/\/www.boursorama.com\/actualite-economique\/actualites\/pour-gaza-des-americains-d-origine-arabe-jurent-de-punir-biden-dans-les-urnes-bb512f3b0b15c68580cd02fbef582ebd\">Pour Gaza, des Am\u00e9ricains d&rsquo;origine arabe jurent de \u00ab\u00a0punir\u00a0\u00bb Biden dans les urnes<\/a> (AFP) &nbsp;&nbsp;<\/p>\n\n\n\n<p><a href=\"https:\/\/www.boursorama.com\/videos\/actualites\/pologne-manifestations-d-agriculteurs-et-blocage-de-la-frontiere-avec-l-ukraine-49d09279b567be3c2abd17b4c14aa6c1\"><strong>Pologne <\/strong>: manifestations d&rsquo;agriculteurs et blocage de la fronti\u00e8re avec l&rsquo;Ukraine<\/a> (France 24)<\/p>\n\n\n\n<p><a href=\"https:\/\/www.francetvinfo.fr\/faits-divers\/affaire\/assange\/extradition-de-julian-assange-l-audience-s-est-achevee-pas-de-decision-avant-le-5-mars-au-plus-tot_6379903.html\"><strong>Extradition de Julian Assange : l&rsquo;audience s&rsquo;est achev\u00e9e, pas de d\u00e9cision avant le 5 mars au plus t\u00f4t<\/strong><\/a> (France info)<\/p>\n\n\n\n<p><a href=\"https:\/\/blogs.mediapart.fr\/medecins-sans-frontieres\/blog\/210224\/msf-exprime-sa-solidarite-avec-julian-assange-et-demande-sa-liberation\">MSF exprime sa solidarit\u00e9 avec Julian Assange et demande sa lib\u00e9ration<\/a>&nbsp;(M\u00e9decins sans fronti\u00e8res)<\/p>\n\n\n\n<p><a href=\"https:\/\/www.rfi.fr\/fr\/en-bref\/20240221-une-majorit%C3%A9-d-isra%C3%A9liens-ne-croit-pas-%C3%A0-la-victoire-totale-%C3%A0-gaza-sondage\"><strong>Une majorit\u00e9 d&rsquo;Isra\u00e9liens ne croit pas \u00e0 la \u00abvictoire totale\u00bb \u00e0 Gaza (sondage)<\/strong><\/a> (RFI)<\/p>\n\n\n\n<p><strong>Analyse<\/strong><\/p>\n\n\n\n<p><a href=\"https:\/\/www.mediapart.fr\/journal\/international\/220224\/ce-que-les-gauches-ukrainiennes-ont-nous-dire\"><strong>Ce que les gauches ukrainiennes ont \u00e0 nous dire<\/strong><\/a> (M\u00e9diapart)<\/p>\n\n\n\n<p><a href=\"https:\/\/www.boursorama.com\/videos\/actualites\/ukraine-10-ans-apres-maidan-9b364ee86171ff1bec9402aea57ee169\">Ukraine : 10 ans apr\u00e8s \u00ab\u00a0Ma\u00efdan\u00a0\u00bb<\/a> (France 24)<\/p>\n\n\n\n<p><a href=\"https:\/\/www.middleeasteye.net\/fr\/decryptages\/rafah-cette-ville-oasis-divisee-par-une-frontiere-controversee-entre-le-sinai-et-gaza\"><strong>Rafah, cette ville oasis divis\u00e9e par une fronti\u00e8re controvers\u00e9e entre le Sina\u00ef et Gaza<\/strong><\/a> (MEE)<\/p>\n\n\n\n<p><strong><mark style=\"background-color:rgba(0, 0, 0, 0);color:#ed1010\" class=\"has-inline-color\">20 f\u00e9vrier<\/mark><\/strong><\/p>\n\n\n\n<p><strong>France<\/strong><\/p>\n\n\n\n<p><a href=\"https:\/\/confpeps.org\/pour-une-ecologie-internationaliste-et-decoloniale\/\">Pour une \u00e9cologie internationaliste et d\u00e9coloniale<\/a> (PEPS)<\/p>\n\n\n\n<p><strong><a href=\"https:\/\/survie.org\/l-association\/mob\/article\/pour-un-retrait-rapide-de-l-armee-francaise-d-afrique\">Meeting unitaire&nbsp;: Pour un retrait rapide de l\u2019arm\u00e9e fran\u00e7aise d\u2019Afrique<\/a><\/strong> (Survie)<\/p>\n\n\n\n<figure class=\"wp-block-image size-full is-resized\"><img data-recalc-dims=\"1\" loading=\"lazy\" decoding=\"async\" width=\"552\" height=\"675\" src=\"https:\/\/i0.wp.com\/www.rdpemancipation.org\/wp-content\/uploads\/2024\/02\/image-10.png?resize=552%2C675&#038;ssl=1\" alt=\"\" class=\"wp-image-125827\" style=\"width:304px;height:auto\" srcset=\"https:\/\/i0.wp.com\/www.rdpemancipation.org\/wp-content\/uploads\/2024\/02\/image-10.png?w=552&amp;ssl=1 552w, https:\/\/i0.wp.com\/www.rdpemancipation.org\/wp-content\/uploads\/2024\/02\/image-10.png?resize=245%2C300&amp;ssl=1 245w\" sizes=\"auto, (max-width: 552px) 100vw, 552px\" \/><\/figure>\n\n\n\n<p><a href=\"https:\/\/survie.org\/pays\/comores\/article\/droit-du-sol-a-mayotte-les-comoriens-ne-sont-pas-des-etrangers\">Droit du sol, \u00ab&nbsp;A Mayotte, les Comoriens ne sont pas des \u00e9trangers&nbsp;\u00bb&nbsp;!<\/a> (Survie)<\/p>\n\n\n\n<p><a href=\"https:\/\/www.mediapart.fr\/journal\/international\/200224\/livraison-d-armes-israel-le-silence-troublant-de-la-france\" target=\"_blank\" rel=\"noreferrer noopener\">Livraison d\u2019armes \u00e0 <strong>Isra\u00ebl<\/strong> : le silence troublant de la France<\/a>&nbsp;(M\u00e9diapart)<\/p>\n\n\n\n<p><a href=\"https:\/\/www.amnesty.fr\/controle-des-armes\/actualites\/Face%20au%20risqiue%20de%20g\u00e9nocide%20il%20est%20urgent%20de%20suspendre%20toutes%20les%20ventes%20d\u2019armes%20\u00e0%20Isra\u00ebl\">Face au risque de g\u00e9nocide il est urgent de suspendre toutes les ventes d\u2019armes \u00e0 <strong>Isra\u00ebl<\/strong><\/a> (Amnesty France)<\/p>\n\n\n\n<p><a href=\"https:\/\/www.tsa-algerie.com\/journee-du-chahid-et-hirak-deux-rassemblements-dalgeriens-a-paris-interdits\/\">Journ\u00e9e du Chahid et Hirak : deux rassemblements d\u2019Alg\u00e9riens \u00e0 Paris interdits<\/a> (TSA)<\/p>\n\n\n\n<p><a href=\"https:\/\/lepoing.net\/clermont-lherault-rassemblement-de-soutien-a-un-maraicher-menace-dexpulsion-du-marche-a-cause-de-son-soutien-a-la-palestine\/\" target=\"_blank\" rel=\"noreferrer noopener\">Clermont-L\u2019H\u00e9rault : un mara\u00eecher menac\u00e9 d\u2019expulsion du march\u00e9 \u00e0 cause de son soutien \u00e0 la Palestine<\/a>&nbsp;(Le Poing)<\/p>\n\n\n\n<p><strong><a href=\"https:\/\/www.humanite.fr\/feminisme\/adrien-quatennens\/le-retour-dadrien-quatennens\" target=\"_blank\" rel=\"noreferrer noopener\">Le retour d\u2019Adrien Quatennens<\/a>&nbsp;<\/strong> (L\u2019Humanit\u00e9)<\/p>\n\n\n\n<p><strong>Monde<\/strong><\/p>\n\n\n\n<p><strong><a href=\"https:\/\/www.tsa-algerie.com\/cessez-le-feu-a-gaza-les-etats-unis-bloquent-la-resolution-de-lalgerie\/\">Cessez-le-feu \u00e0 Gaza : les Etats-Unis bloquent la r\u00e9solution de l\u2019Alg\u00e9rie<\/a> <\/strong>(TSA)<\/p>\n\n\n\n<p><a href=\"https:\/\/www.tsa-algerie.com\/guerre-contre-gaza-le-temoignage-bouleversant-dune-infirmiere-francaise\/\">Guerre contre <strong>Gaza<\/strong> : le t\u00e9moignage bouleversant d\u2019une infirmi\u00e8re fran\u00e7aise<\/a> (TSA)<\/p>\n\n\n\n<p><a href=\"https:\/\/www.lequotidien-oran.com\/index.php?news=5327853\">\u00abViols\u00bb et \u00abex\u00e9cutions extrajudiciaires\u00bb de femmes et de jeunes filles <strong>palestiniennes<\/strong>: Des experts de l&rsquo;ONU demandent une enqu\u00eate<\/a> (Le Quotidien d\u2019Oran)<\/p>\n\n\n\n<p><a href=\"https:\/\/alencontre.org\/moyenorient\/palestine\/le-mouvement-des-colons-des-ministres-colons-et-leurs-terrifiants-plans-dapres-guerre-pour-gaza.html\">Le mouvement des colons, des ministres-colons et leurs terrifiants plans d\u2019apr\u00e8s-guerre pour <strong>Gaza<\/strong><\/a> (A l\u2019Encontre)<\/p>\n\n\n\n<p><a href=\"https:\/\/alencontre.org\/moyenorient\/palestine\/le-monde-doit-imposer-la-paix-a-israel.html\">\u00abLe monde doit imposer la paix \u00e0 <strong>Isra\u00ebl<\/strong>\u00bb<\/a> (A l\u2019Encontre)<\/p>\n\n\n\n<p><a href=\"https:\/\/www.alternatives-economiques.fr\/a-gaza-lirreparable-a-deja-ete-commis\/00109727\" target=\"_blank\" rel=\"noreferrer noopener\">A <strong>Gaza<\/strong>, l\u2019irr\u00e9parable a d\u00e9j\u00e0 \u00e9t\u00e9 commis<\/a>&nbsp;(Alter \u00e9co)<\/p>\n\n\n\n<p><a href=\"https:\/\/alencontre.org\/europe\/ukraine\/ukraine-les-travailleurs-et-travailleuses-face-a-la-realite-sociale-et-a-la-guerre.html\"><strong>Ukraine<\/strong>. Les travailleurs et travailleuses face \u00e0 la r\u00e9alit\u00e9 sociale et \u00e0 la guerre<\/a> (A l\u2019Encontre)<\/p>\n\n\n\n<p><a href=\"https:\/\/go.ldh-france.org\/lnk\/AWwAADkS_w0AAcuJwawAAG8x62wAAVQQeZ0AHnIRAAi26gBlz5b-IE2hptXtSCylyTlPO191xwAIRKs\/1\/A2KCo-X8yI4W3OSl-T23hg\/aHR0cHM6Ly93d3cubGRoLWZyYW5jZS5vcmcvZW1vdGlvbi1ldC1jb2xlcmUtYXByZXMtbGFzc2Fzc2luYXQtZGFsZXhlaS1uYXZhbG55Lw\" target=\"_blank\" rel=\"noreferrer noopener\">Emotion et col\u00e8re apr\u00e8s l\u2019assassinat d\u2019Alexe\u00ef <strong>Navalny<\/strong><\/a> (LDH)<\/p>\n\n\n\n<p><strong>Analyse<\/strong><\/p>\n\n\n\n<p><a href=\"https:\/\/orientxxi.info\/va-comprendre\/pourquoi-le-keffieh-est-il-le-symbole-de-la-resistance-palestinienne,7066\" target=\"_blank\" rel=\"noreferrer noopener\">Pourquoi le keffieh est-il le symbole de la r\u00e9sistance <strong>palestinienne<\/strong>&nbsp;?<\/a>&nbsp; (Orient XXI)<\/p>\n\n\n\n<p><a href=\"https:\/\/www.mediapart.fr\/journal\/international\/200224\/contre-l-extradition-de-julian-assange-pour-le-droit-de-savoir\" target=\"_blank\" rel=\"noreferrer noopener\">Contre l\u2019extradition de Julian Assange, pour le droit de savoir<\/a>&nbsp; (M\u00e9diapart)<\/p>\n\n\n\n<p><a href=\"https:\/\/www.alternatives-economiques.fr\/lukraine-gagner-guerre\/00109745\" target=\"_blank\" rel=\"noreferrer noopener\">L\u2019<strong>Ukraine<\/strong> peut-elle encore gagner la guerre ?<\/a>&nbsp;(Alter \u00e9co)<\/p>\n\n\n\n<p><a href=\"https:\/\/www.tsa-algerie.com\/israel-comment-netanyahou-mene-son-pays-a-lautodestruction\/\"><strong>Isra\u00ebl<\/strong> : comment Netanyahou m\u00e8ne son pays \u00e0 l\u2019autodestruction<\/a> (TSA)<\/p>\n\n\n\n<p><a href=\"https:\/\/link.newsletter.franceculture.fr\/m\/ml\/7429\/854896\/XYnlxvM85usaUhNm261H2m9C5lXTLJmivm821gAfcU8=\/gpqRd60-ya9Byjt174UdZdVrFdy2nttckIMw6WUnzFE=\/\" target=\"_blank\" rel=\"noreferrer noopener\">Guerre <strong>Isra\u00ebl-Hamas<\/strong>&nbsp;: l\u2019abandon de Gaza&nbsp;?<\/a> &nbsp;-J-P Filiu (France Culture)<\/p>\n\n\n\n<p><strong><mark style=\"background-color:rgba(0, 0, 0, 0);color:#ed1010\" class=\"has-inline-color\">19 f\u00e9vrier<\/mark><\/strong><\/p>\n\n\n\n<p><strong>France<\/strong><\/p>\n\n\n\n<p><strong><a href=\"https:\/\/lundi.am\/Le-hold-up-de-la-FNSEA\" target=\"_blank\" rel=\"noreferrer noopener\">Le hold-up de la FNSEA<\/a><\/strong><a> (Lundimatin)<\/a><\/p>\n\n\n\n<p><a href=\"https:\/\/www.france24.com\/fr\/france\/20240218-la-pr%C3%A9fecture-de-police-de-paris-interdit-les-rassemblements-li%C3%A9s-%C3%A0-l-alg%C3%A9rie\">La pr\u00e9fecture de police de Paris interdit les rassemblements li\u00e9s \u00e0 l&rsquo;Alg\u00e9rie<\/a>&nbsp;(France24)<\/p>\n\n\n\n<p><a href=\"https:\/\/www.youtube.com\/watch?v=VK8YgILHHcs\">Macron prot\u00e8ge les violeurs !<\/a>&nbsp;-Manon Aubry (TV5&nbsp;monde)<\/p>\n\n\n\n<p><a href=\"https:\/\/www.youtube.com\/watch?v=itBZydtxXDc\">Castera. La reine des macronistes ! (Et c&rsquo;est pas fini&#8230;)<\/a>&nbsp;(Canard R\u00e9fractaire)<\/p>\n\n\n\n<p><a href=\"https:\/\/www.politis.fr\/articles\/2024\/02\/manouchian-affiche-rouge-ils-etaient-vingt-et-trois-morts-pour-la-france\/\">\u00ab\u2009Ils \u00e9taient vingt et trois\u2026 morts pour la France\u2009\u00bb<\/a>&nbsp;(Politis)<\/p>\n\n\n\n<p><a href=\"https:\/\/www.politis.fr\/articles\/2024\/02\/wieviorka-manouchian-affiche-rouge-il-est-etrange-que-lon-ne-fasse-pas-entrer-les-23-au-pantheon\/\">\u00ab\u2009Il est \u00e9trange que l\u2019on ne fasse pas entrer les 23 au Panth\u00e9on\u2009\u00bb<\/a>&nbsp;(Politis)<\/p>\n\n\n\n<p><a href=\"https:\/\/www.politis.fr\/articles\/2024\/02\/rearmer-ou-lideologie-de-la-guerre-de-tous-contre-tous\/\">R\u00e9armer ou l\u2019id\u00e9ologie de la guerre de tous contre tous<\/a>&nbsp;(Politis)<\/p>\n\n\n\n<p><a href=\"https:\/\/www.mondialisation.ca\/les-consignes-pro-israeliennes-donnees-a-lafp\/5686480?doing_wp_cron=1708123170.1748459339141845703125\">Les consignes pro-isra\u00e9liennes donnees a l\u2019AFP<\/a>&nbsp;(Mondialisation.ca)<\/p>\n\n\n\n<p><a href=\"https:\/\/www.economiematin.fr\/greve-scnf-senat-encadrement-droit\">Gr\u00e8ve&nbsp;: le S\u00e9nat veut l\u2019encadrer \u00e0 la SNCF<\/a>&nbsp;(Economie matin)<\/p>\n\n\n\n<p><strong>Monde<\/strong><\/p>\n\n\n\n<p><a href=\"https:\/\/lundi.am\/Voyage-dans-l-Amerique-rurale-et-trumpiste\" target=\"_blank\" rel=\"noreferrer noopener\">Voyage dans l\u2019Am\u00e9rique rurale et \u00ab&nbsp;trumpiste&nbsp;\u00bb<\/a> (Lundimatin)<\/p>\n\n\n\n<p><a href=\"https:\/\/www.courrierinternational.com\/article\/opinion-pourquoi-la-russie-a-tue-alexei-navalny\">Pourquoi la Russie a tu\u00e9 Alexe\u00ef Navalny (Courrier international)<\/a><\/p>\n\n\n\n<p><a href=\"https:\/\/ovd-info.translate.goog\/2024\/02\/16\/ubiystvo-navalnogo-spiski-zaderzhannykh-za-cvety-i-protesty?_x_tr_sl=auto&amp;_x_tr_tl=fr&amp;_x_tr_hl=fr\">Meurtre de Navalny. Listes des personnes arr\u00eat\u00e9es pour fleurs et manifestations<\/a>&nbsp;(OVD)<\/p>\n\n\n\n<p><strong><a href=\"https:\/\/www.courrierinternational.com\/article\/gaza-l-egypte-finira-t-elle-par-etre-complice-d-une-seconde-nakba?xtor=EREC-21-20240216-8-nl_bestof\">L\u2019\u00c9gypte finira-t-elle par \u00eatre complice d\u2019une seconde \u201cNakba\u201d&nbsp;?<\/a>&nbsp;<\/strong>(Courrier international)<\/p>\n\n\n\n<p><a href=\"https:\/\/www.rfi.fr\/fr\/moyen-orient\/20240216-l-%C3%A9gypte-se-pr%C3%A9pare-t-elle-%C3%A0-accueillir-des-r%C3%A9fugi%C3%A9s-de-gaza-en-cas-d-offensive-contre-rafah\" target=\"_blank\" rel=\"noreferrer noopener\">&lsquo;\u00c9gypte se pr\u00e9pare-t-elle \u00e0 accueillir des r\u00e9fugi\u00e9s de Gaza en cas d&rsquo;offensive contre Rafah&nbsp;?<\/a>&nbsp;(RFI)<\/p>\n\n\n\n<p><a href=\"https:\/\/theconversation.com\/lia-au-coeur-de-la-strategie-israelienne-a-gaza-222960?utm_medium=email&amp;utm_campaign=La%20lettre%20de%20The%20Conversation%20France%20du%2016%20fvrier%202024%20-%202879929228&amp;utm_content=La%20lettre%20de%20The%20Conversation%20France%20du%2016%20fvrier%202024%20-%202879929228+CID_cf72fb6eef7c72d4a9555cc73c5f92ba&amp;utm_source=campaign_monitor_fr&amp;utm_term=LIA%20au%20cur%20de%20la%20stratgie%20isralienne%20%20Gaza\">L\u2019IA au c\u0153ur de la strat\u00e9gie isra\u00e9lienne \u00e0&nbsp;Gaza<\/a>&nbsp;(The Conversation)<\/p>\n\n\n\n<p><a href=\"https:\/\/www.rfi.fr\/fr\/europe\/20240215-poursuites-judiciaires-contre-julian-assange-trop-c-est-trop-d%C3%A9plore-le-premier-ministre-australien?_ope=eyJndWlkIjoiYjFmOWRmZWI3ZTllZGE1NTM1NTJmMGIzNWYwZGIyYjcifQ%3D%3D\">Poursuites judiciaires contre Julian Assange: \u00abtrop, c&rsquo;est trop\u00bb d\u00e9plore le Premier ministre australien<\/a>&nbsp;(RFI)<\/p>\n\n\n\n<p><strong>Analyse<\/strong><\/p>\n\n\n\n<p><a href=\"https:\/\/lundi.am\/La-brute-et-la-victime-un-match-truque\" target=\"_blank\" rel=\"noreferrer noopener\">La brute et la victime&nbsp;: un match truqu\u00e9<\/a> (Lundimatin)<\/p>\n\n\n\n<p><strong><a href=\"https:\/\/www.youtube.com\/watch?v=PAFhiU__lLk\">La d\u00e9vastation du monde par \u2018Les derniers des hommes\u2019 &#8211; Johann Chapoutot<\/a><\/strong>&nbsp;(Elucid)<\/p>\n\n\n\n<p><a href=\"https:\/\/www.youtube.com\/watch?v=rZlqphmelwk\" target=\"_blank\" rel=\"noreferrer noopener\">Ilan Papp\u00e9 : historien, juif et antisioniste<\/a>&nbsp;(Investigaction)<\/p>\n\n\n\n<p><strong><a href=\"https:\/\/www.les-crises.fr\/face-au-massacre-a-gaza-le-congres-americain-est-deconnecte-de-ses-electeurs\/\">Face au massacre \u00e0 Gaza, le Congr\u00e8s am\u00e9ricain est d\u00e9connect\u00e9 de ses \u00e9lecteurs<\/a><\/strong>&nbsp;(Les Crises)<\/p>\n\n\n\n<p><a href=\"https:\/\/kapitalis.com\/tunisie\/2024\/02\/14\/la-guerre-contre-gaza-ou-la-faillite-morale-dun-occident-en-perte-de-reperes\/\">La guerre contre Gaza ou la faillite morale d\u2019un Occident en perte de rep\u00e8res<\/a>&nbsp;(Kapitalis)<\/p>\n\n\n\n<p><a href=\"https:\/\/lcp.fr\/programmes\/debatdoc\/nazisme-l-extermination-par-le-travail-250238\">Nazisme : l&rsquo;extermination par le travail\u2026<\/a>&nbsp;(LCP, vid\u00e9o)<\/p>\n\n\n\n<p><strong><mark style=\"background-color:rgba(0, 0, 0, 0);color:#ed1010\" class=\"has-inline-color\">17 f\u00e9vrier<\/mark><\/strong><\/p>\n\n\n\n<p><strong>France<\/strong><\/p>\n\n\n\n<p><a href=\"https:\/\/blog.mondediplo.net\/la-france-en-tete-de-la-coalition-artillerie-pour\">La France en t\u00eate de la \u00ab coalition artillerie \u00bb pour l\u2019Ukraine<\/a> (Blog D\u00e9fense en ligne)<\/p>\n\n\n\n<p><strong>Monde<\/strong><\/p>\n\n\n\n<p><a href=\"https:\/\/infos.lemonde.fr\/optiext\/optiextension.dll?ID=RjiRk9H7ibMk4SeR3XgIZVJrj2mRRvG%2BeuaAjTuh0OBZp077dwPu9XZolotzgrip6F%2BVXkJgiRgZyTiblBkr4piR1fMamddPCFbH73lc\" target=\"_blank\" rel=\"noreferrer noopener\">Aux USA, un ancien informateur du FBI poursuivi pour avoir fabriqu\u00e9 de fausses accusations sur Hunter Biden<\/a> (Le Monde)<\/p>\n\n\n\n<p><a href=\"https:\/\/www.monde-diplomatique.fr\/2022\/07\/PERRAGIN\/64821\">Plong\u00e9e dans les colonies p\u00e9nitentiaires russes<\/a> (Le monde diplomatique)<\/p>\n\n\n\n<p><strong>Analyse<\/strong><\/p>\n\n\n\n<p><a href=\"https:\/\/www.mediapart.fr\/journal\/international\/170224\/sanctions-contre-israel-les-gauches-convergent-sur-le-principe\">Sanctions contre Isra\u00ebl : les gauches convergent sur le principe<\/a> (M\u00e9diapart)<\/p>\n\n\n\n<p><a href=\"https:\/\/www.lemonde.fr\/idees\/article\/2024\/02\/17\/si-le-gouvernement-d-israel-s-enferme-dans-une-logique-mortifere-il-faut-tout-faire-pour-l-arreter_6217064_3232.html\"><strong>Si le gouvernement d\u2019Isra\u00ebl s\u2019enferme dans une logique mortif\u00e8re, il faut tout faire pour l\u2019arr\u00eater<\/strong><\/a> (Tribune Le Monde)<\/p>\n\n\n\n<p><a href=\"https:\/\/www.mediapart.fr\/journal\/international\/170224\/william-bourdon-navalny-etait-un-juste-sa-mort-est-une-injonction-poursuivre-le-combat\">William Bourdon : \u00ab&nbsp;Navalny \u00e9tait un juste. Sa mort est une injonction \u00e0 poursuivre le combat&nbsp;\u00bb<\/a> (M\u00e9diapart)<\/p>\n\n\n\n<p><a href=\"https:\/\/www.mediapart.fr\/journal\/international\/170224\/poutine-un-fascisme-construit-dans-le-silence-des-tombes-et-des-cachots\"><strong>Poutine, un fascisme construit dans le silence des tombes et des cachots<\/strong><\/a> (M\u00e9diapart)<\/p>\n\n\n\n<p><a href=\"https:\/\/www.contretemps.eu\/strategie-ecosocialiste-decroissance-futur-sabrina-fernandes\/\">Une strat\u00e9gie \u00e9cosocialiste pour gagner le futur<\/a> (Contretemps)<\/p>\n\n\n\n<p><strong><mark style=\"background-color:rgba(0, 0, 0, 0);color:#ed1010\" class=\"has-inline-color\">16 f\u00e9vrier<\/mark><\/strong><\/p>\n\n\n\n<p><strong>Monde<\/strong><\/p>\n\n\n\n<p><a href=\"https:\/\/www.mediapart.fr\/journal\/international\/150224\/les-medecins-des-hopitaux-de-gaza-lancent-un-sos-au-monde-entier\"><strong>Les m\u00e9decins des h\u00f4pitaux de Gaza lancent un SOS au monde entier<\/strong><\/a> (M\u00e9diapart)<\/p>\n\n\n\n<p><a href=\"https:\/\/alencontre.org\/moyenorient\/palestine\/gaza-israel-des-prisonniers-palestiniens-tortures-et-filmes.html\"><strong>Gaza-Isra\u00ebl<\/strong>. Des prisonniers palestiniens tortur\u00e9s et film\u00e9s<\/a> (A l\u2019Encontre)<\/p>\n\n\n\n<p><a href=\"https:\/\/euromedmonitor.org\/en\/article\/6153\/%E2%80%9CThey-brought-Israeli-civilians-to-watch-our-nude-torture%E2%80%9D:-IDF-torture-of-Palestinian-prisoners-is-turned-into-entertainment-for-Israeli-viewers\">\u00ab Ils ont amen\u00e9 des civils isra\u00e9liens pour assister \u00e0 nos tortures nues \u00bb : la torture des prisonniers palestiniens par Tsahal est transform\u00e9e en divertissement pour les t\u00e9l\u00e9spectateurs isra\u00e9liens<\/a> (Euro-med Human Rights Monitor)<a href=\"https:\/\/www.rfi.fr\/fr\/moyen-orient\/20240216-l-%C3%A9gypte-se-pr%C3%A9pare-t-elle-%C3%A0-accueillir-des-r%C3%A9fugi%C3%A9s-de-gaza-en-cas-d-offensive-contre-rafah\"><\/a><\/p>\n\n\n\n<p><a href=\"https:\/\/www.rfi.fr\/fr\/moyen-orient\/20240216-l-%C3%A9gypte-se-pr%C3%A9pare-t-elle-%C3%A0-accueillir-des-r%C3%A9fugi%C3%A9s-de-gaza-en-cas-d-offensive-contre-rafah\">L&rsquo;<strong>\u00c9gypte<\/strong> se pr\u00e9pare-t-elle \u00e0 accueillir des r\u00e9fugi\u00e9s de Gaza en cas d&rsquo;offensive contre Rafah ?<\/a> (RFI)<a href=\"https:\/\/www.francetvinfo.fr\/monde\/russie\/alexei-navalny\/ce-que-l-on-sait-de-la-mort-en-prison-de-l-opposant-russe-alexei-navalny_6369790.html\"><\/a><\/p>\n\n\n\n<p><strong><a href=\"https:\/\/www.francetvinfo.fr\/monde\/russie\/alexei-navalny\/ce-que-l-on-sait-de-la-mort-en-prison-de-l-opposant-russe-alexei-navalny_6369790.html\">Ce que l&rsquo;on sait de la mort en prison de l&rsquo;opposant russe Alexe\u00ef Navalny<\/a><\/strong> (France Info)<\/p>\n\n\n\n<p><a href=\"https:\/\/www.mediapart.fr\/journal\/international\/160224\/alexei-navalny-itineraire-d-un-jeune-avocat-devenu-principal-opposant\">Itin\u00e9raire d\u2019un jeune avocat devenu principal opposant<\/a> (M\u00e9diapart)<\/p>\n\n\n\n<p><a href=\"https:\/\/www.mediapart.fr\/journal\/international\/160224\/coup-de-theatre-au-senegal-le-report-de-l-election-presidentielle-annule\">Coup de th\u00e9\u00e2tre au <strong>S\u00e9n\u00e9gal<\/strong>&nbsp;: le report de l\u2019\u00e9lection pr\u00e9sidentielle annul\u00e9<\/a> (M\u00e9diapart)<\/p>\n\n\n\n<p><a href=\"https:\/\/alencontre.org\/ameriques\/amelat\/argentine\/argentine-face-aux-medias-publics-la-politique-de-privatisation-de-milei.html\"><strong>Argentine<\/strong>. Face aux m\u00e9dias publics la politique de privatisation de Milei<\/a> (A l\u2019Encontre)<\/p>\n\n\n\n<p><strong>Analyse<\/strong><\/p>\n\n\n\n<p><a href=\"https:\/\/www.mediapart.fr\/journal\/international\/dossier\/navalny-l-anti-poutine\"><strong>Navalny, l\u2019anti-Poutine<\/strong><\/a> (Dossier M\u00e9diapart)<\/p>\n\n\n\n<p><strong><mark style=\"background-color:rgba(0, 0, 0, 0);color:#ed1010\" class=\"has-inline-color\">15 f\u00e9vrier<\/mark><\/strong><\/p>\n\n\n\n<p><a href=\"https:\/\/blogs.mediapart.fr\/allan-barte\/blog\/150224\/limitation-du-droit-de-greve\">Limitation du droit de gr\u00e8ve<\/a>&nbsp;(Allan Barte)<\/p>\n\n\n\n<figure class=\"wp-block-image size-full is-resized\"><img data-recalc-dims=\"1\" loading=\"lazy\" decoding=\"async\" width=\"470\" height=\"422\" src=\"https:\/\/i0.wp.com\/www.rdpemancipation.org\/wp-content\/uploads\/2024\/02\/image-6.png?resize=470%2C422&#038;ssl=1\" alt=\"\" class=\"wp-image-125611\" style=\"width:363px;height:auto\" srcset=\"https:\/\/i0.wp.com\/www.rdpemancipation.org\/wp-content\/uploads\/2024\/02\/image-6.png?w=470&amp;ssl=1 470w, https:\/\/i0.wp.com\/www.rdpemancipation.org\/wp-content\/uploads\/2024\/02\/image-6.png?resize=300%2C269&amp;ssl=1 300w\" sizes=\"auto, (max-width: 470px) 100vw, 470px\" \/><\/figure>\n\n\n\n<p><a href=\"https:\/\/www.francetvinfo.fr\/politique\/affaire-bygmalion\/cour-de-cassation-mises-en-examen-et-affaires-en-cours-ce-qui-attend-nicolas-sarkozy-sur-le-front-judiciaire_6366034.html\"><\/a><a href=\"https:\/\/www.francetvinfo.fr\/politique\/affaire-bygmalion\/cour-de-cassation-mises-en-examen-et-affaires-en-cours-ce-qui-attend-nicolas-sarkozy-sur-le-front-judiciaire_6366034.html\">Cour de cassation, mises en examen et affaires en cours : ce qui attend Nicolas Sarkozy sur le front judiciaire<\/a> (France Info)<\/p>\n\n\n\n<p><a><\/a><a href=\"https:\/\/blogs.mediapart.fr\/collectif-chronik\/blog\/150224\/la-fnsea-ou-l-impossible-sortie-de-crise-du-monde-agricole\"><strong>La FNSEA ou l\u2019impossible sortie de crise du monde agricole<\/strong><\/a>&nbsp;(Collectif Chronik)<\/p>\n\n\n\n<p><a href=\"https:\/\/www.politis.fr\/articles\/2024\/02\/eclats-et-traumatismes-sonores-les-nouvelles-grenades-du-maintien-de-lordre\/\" target=\"_blank\" rel=\"noreferrer noopener\">\u00c9clats et traumatismes sonores : les nouvelles grenades du maintien de l\u2019ordre<\/a>&nbsp;(Politis)<\/p>\n\n\n\n<p><strong><a href=\"https:\/\/la-bas.org\/7237\" target=\"_blank\" rel=\"noreferrer noopener\">Vente d&rsquo;armes \u00e0 Isra\u00ebl : la l\u00e2chet\u00e9 fran\u00e7aise<\/a><\/strong>&nbsp;(L\u00e0-bas si j\u2019y suis)<\/p>\n\n\n\n<p><a href=\"https:\/\/regards.fr\/mayotte-laboratoire-francais-de-lindignite-republicaine\/\" target=\"_blank\" rel=\"noreferrer noopener\">Mayotte, laboratoire fran\u00e7ais de l\u2019indignit\u00e9 r\u00e9publicaine<\/a>&nbsp;(Regards)<\/p>\n\n\n\n<p><strong><a href=\"https:\/\/www.humanite.fr\/politique\/assemblee-nationale\/a-69-de-nombreuses-zones-dombre-cachees-derriere-le-secret-des-affaires\" target=\"_blank\" rel=\"noreferrer noopener\">A 69 : De \u2018nombreuses zones d\u2019ombre\u2019 cach\u00e9es derri\u00e8re le \u2018secret des affaires\u2019<\/a><\/strong>&nbsp;(L\u2019Humanit\u00e9)<\/p>\n\n\n\n<p><a href=\"https:\/\/www.blast-info.fr\/emissions\/2024\/oudea-castera-vs-leducation-nationale-anatomie-dun-crash-LEp3saCNS2qSUji1LoiQxA\" target=\"_blank\" rel=\"noreferrer noopener\">Oud\u00e9a-Cast\u00e9ra VS l&rsquo;\u00e9ducation nationale : anatomie d&rsquo;un crash<\/a>&nbsp;(Blast)<\/p>\n\n\n\n<p><strong>Monde<\/strong><\/p>\n\n\n\n<p><a href=\"https:\/\/www.rfi.fr\/fr\/moyen-orient\/20240215-cisjordanie-occup%C3%A9e-nombre-record-de-colonies-ill%C3%A9gales-en-2023-pointe-l-ong-la-paix-maintenant\"><strong>Cisjordanie<\/strong> occup\u00e9e : nombre record de colonies ill\u00e9gales en 2023, pointe l&rsquo;ONG La Paix Maintenant<\/a> (RFI)<\/p>\n\n\n\n<p><a href=\"https:\/\/www.rfi.fr\/fr\/europe\/20240215-le-vatican-tance-isra%C3%ABl-sur-le-carnage-%C3%A0-gaza\">Le <strong>Vatican<\/strong> tance Isra\u00ebl sur le \u00abcarnage\u00bb \u00e0 Gaza<\/a> (RFI)<\/p>\n\n\n\n<p><a href=\"https:\/\/orientxxi.info\/magazine\/les-relations-entre-israel-et-l-arabie-saoudite-a-l-epreuve-de-gaza,7063\" target=\"_blank\" rel=\"noreferrer noopener\">Les relations entre <strong>Isra\u00ebl<\/strong> et l&rsquo;<strong>Arabie saoudite<\/strong> \u00e0 l&rsquo;\u00e9preuve de Gaza<\/a>&nbsp;(Orient XXI)<\/p>\n\n\n\n<p><a href=\"https:\/\/www.lequotidien-oran.com\/index.php?news=5327714&amp;archive_date=2024-02-14\">Attaque sioniste contre Rafah : L&rsquo;<strong>Afrique du Sud<\/strong> d\u00e9pose une nouvelle requ\u00eate devant la CIJ<\/a> (Le Quotidien d&rsquo;Oran)<a href=\"https:\/\/www.rfi.fr\/fr\/en-bref\/20240215-%C3%A9tats-unis-proc%C3%A8s-p%C3%A9nal-in%C3%A9dit-pr%C3%A9vu-pour-donald-trump-le-25-mars\"><\/a><\/p>\n\n\n\n<p><a href=\"https:\/\/www.rfi.fr\/fr\/en-bref\/20240215-%C3%A9tats-unis-proc%C3%A8s-p%C3%A9nal-in%C3%A9dit-pr%C3%A9vu-pour-donald-trump-le-25-mars\"><strong>\u00c9tats-Unis<\/strong> : proc\u00e8s p\u00e9nal in\u00e9dit pr\u00e9vu pour Donald Trump le 25 mars<\/a> (RFI)<\/p>\n\n\n\n<p><strong><a href=\"https:\/\/reporterre.net\/Au-Royaume-Uni-une-criminalisation-preocuppante-des-militants-ecolos\" target=\"_blank\" rel=\"noreferrer noopener\">Au Royaume-Uni, une criminalisation \u00ab&nbsp;pr\u00e9occupante&nbsp;\u00bb des militants \u00e9colos<\/a><\/strong>&nbsp;(Reporterre)<\/p>\n\n\n\n<p><strong>Analyse<\/strong><\/p>\n\n\n\n<p><strong><a href=\"https:\/\/alencontre.org\/europe\/elections-europeennes-la-place-de-giorgia-meloni-et-de-fratelli-ditalia-dans-le-processus-de-renforcement-et-recomposition-des-droites-extremes-au-sein-de-lue.html\">La place de Giorgia Meloni et de Fratelli d\u2019Italia dans le processus de renforcement des droites extr\u00eames au sein de l\u2019UE<\/a><\/strong> (A l\u2019Encontre)<\/p>\n\n\n\n<p><strong><mark style=\"background-color:rgba(0, 0, 0, 0);color:#ed1010\" class=\"has-inline-color\">14 f\u00e9vrier<\/mark><\/strong><\/p>\n\n\n\n<p><strong>France<\/strong><\/p>\n\n\n\n<p><a href=\"https:\/\/www.lemediatv.fr\/emissions\/2024\/darmanin-attal-macron-la-ruee-vers-lextreme-dfKW40T1T8yA7IbYYwd2ag\" target=\"_blank\" rel=\"noreferrer noopener\">Darmanin-Attal-Macron : la ru\u00e9e vers l\u2019extr\u00eame<\/a>&nbsp;(Le M\u00e9dia)<\/p>\n\n\n\n<p><a href=\"https:\/\/www.rfi.fr\/fr\/france\/20240214-affaire-bygmalion-nicolas-sarkozy-condamn%C3%A9-%C3%A0-un-an-de-prison-dont-six-mois-avec-sursis-en-appel\">Affaire Bygmalion : en appel, Nicolas Sarkozy condamn\u00e9 \u00e0 un an de prison dont six mois avec sursis <\/a>(RFI)<\/p>\n\n\n\n<p><a><\/a><a href=\"https:\/\/www.acrimed.org\/Israel-Palestine-le-7-octobre-et-apres-1-un\">Isra\u00ebl-Palestine, le 7 octobre et apr\u00e8s : un cadrage m\u00e9diatique verrouill\u00e9<\/a>&nbsp;(Acrimed)<\/p>\n\n\n\n<p><strong><a href=\"https:\/\/theconversation.com\/mayotte-ambigu-tes-et-non-dits-dune-situation-post-coloniale-206004?utm_medium=email&amp;utm_campaign=La%20lettre%20de%20The%20Conversation%20France%20du%2013%20fvrier%202024%20-%202876929193&amp;utm_content=La%20lettre%20de%20The%20Conversation%20France%20du%2013%20fvrier%202024%20-%202876929193+CID_770ad0bd9a9e21019417948c03207add&amp;utm_source=campaign_monitor_fr&amp;utm_term=Mayotte%20%20ambiguts%20et%20non-dits%20dune%20situation%20postcoloniale\">Mayotte : ambigu\u00eft\u00e9s et non-dits d\u2019une situation (post)coloniale<\/a><\/strong>&nbsp;(The Conversation)<\/p>\n\n\n\n<p><a href=\"https:\/\/www.ldh-france.org\/la-suppression-du-droit-du-sol-a-mayotte-une-mesure-dexception-dangereuse-pour-toutes-et-tous\/\" target=\"_blank\" rel=\"noreferrer noopener\">La suppression du \u00abdroit du sol\u00bb \u00e0 Mayotte : une mesure d\u2019exception dangereuse pour toutes et tous<\/a>&nbsp;(LDH)<\/p>\n\n\n\n<p><strong>Monde<\/strong><\/p>\n\n\n\n<p><a href=\"https:\/\/www.boursorama.com\/actualite-economique\/actualites\/gaza-israel-appele-a-ne-pas-declencher-a-rafah-un-assaut-desastreux-e693d2b91a97340c9bb08b6b5af2856d\"><strong>Gaza<\/strong> : Isra\u00ebl appel\u00e9 \u00e0 ne pas d\u00e9clencher \u00e0 Rafah un assaut \u00ab\u00a0d\u00e9sastreux\u00a0\u00bb<\/a> (Reuters)<\/p>\n\n\n\n<p><a href=\"https:\/\/www.lemonde.fr\/afrique\/article\/2024\/02\/14\/pretoria-depose-une-nouvelle-requete-devant-la-cij-contre-l-offensive-israelienne-a-rafah_6216472_3212.html\"><strong>Pretoria d\u00e9pose une nouvelle requ\u00eate devant la CIJ contre l\u2019offensive isra\u00e9lienne \u00e0 Rafah<\/strong><\/a> (Le Monde)<\/p>\n\n\n\n<p><a href=\"https:\/\/www.lemonde.fr\/international\/article\/2024\/02\/14\/a-gaza-les-bombes-israeliennes-effacent-le-patrimoine-de-l-enclave_6216433_3210.html\">Dans la bande de <strong>Gaza<\/strong>, les bombes isra\u00e9liennes d\u00e9truisent le patrimoine et effacent la m\u00e9moire<\/a> (Le Monde)<\/p>\n\n\n\n<p><a href=\"https:\/\/alencontre.org\/ameriques\/americnord\/usa\/etats-unis-senat-seuls-trois-democrates-dont-bernie-sanders-sopposent-a-une-aide-militaire-nouvelle-de-10-milliards-de-dollars-pour-netanyahou.html\"><strong>USA<\/strong>-S\u00e9nat. Seuls trois d\u00e9mocrates, dont Bernie Sanders, s\u2019opposent \u00e0 une aide militaire nouvelle de 10 mds $ pour Netanyahou<\/a> (A l\u2019Encontre)<\/p>\n\n\n\n<p><a href=\"https:\/\/www.francetvinfo.fr\/monde\/proche-orient\/israel-palestine\/guerre-entre-israel-et-le-hamas-l-armee-israelienne-annonce-avoir-lance-des-raids-aeriens-sur-le-liban_6365674.html\">L\u2019arm\u00e9e isra\u00e9lienne annonce avoir lanc\u00e9 des raids a\u00e9riens sur le <strong>Liban<\/strong><\/a> (France info)<\/p>\n\n\n\n<p><a href=\"https:\/\/www.middleeasteye.net\/fr\/decryptages\/pourquoi-egypte-et-turquie-mettent-fin-decennie-de-divergence\">Pourquoi l\u2019<strong>\u00c9gypte<\/strong> et la <strong>Turquie<\/strong> mettent fin \u00e0 une d\u00e9cennie de divergence<\/a> (MEE)<a href=\"https:\/\/www.rfi.fr\/fr\/afrique\/20240214-report-de-l-%C3%A9lection-au-s%C3%A9n%C3%A9gal-la-soci%C3%A9t%C3%A9-civile-se-mobilise-les-appels-au-calme-se-multiplient\"><\/a><\/p>\n\n\n\n<p><a href=\"https:\/\/www.rfi.fr\/fr\/afrique\/20240214-report-de-l-%C3%A9lection-au-s%C3%A9n%C3%A9gal-la-soci%C3%A9t%C3%A9-civile-se-mobilise-les-appels-au-calme-se-multiplient\">Report de l&rsquo;\u00e9lection au <strong>S\u00e9n\u00e9gal<\/strong> : la soci\u00e9t\u00e9 civile se mobilise<\/a> (RFI)<\/p>\n\n\n\n<p><a href=\"https:\/\/www.boursorama.com\/videos\/actualites\/serbie-les-russes-anti-guerre-menaces-d-expulsion-2b9ffa0929143e4914676d2573ca8709\"><strong>Serbie<\/strong> : les <strong>Russes<\/strong> anti-guerre menac\u00e9s d&rsquo;expulsion<\/a> (France 24)<\/p>\n\n\n\n<p><strong>Analyse<\/strong><\/p>\n\n\n\n<p><a href=\"https:\/\/www.obsarm.info\/spip.php?article638\" target=\"_blank\" rel=\"noreferrer noopener\">M. Robert Badinter et la suppression des tribunaux militaires<\/a>&nbsp;(Observatoire des armements)<\/p>\n\n\n\n<p><strong><a href=\"https:\/\/www.youtube.com\/watch?v=IjSdrg5Bq3w\">V<\/a><a href=\"https:\/\/www.youtube.com\/watch?v=IjSdrg5Bq3w\">aleurs actuelles&nbsp;: quand la bourgeoisie s\u2019ensauvage<\/a><\/strong>&nbsp;(Blast)<\/p>\n\n\n\n<p><strong><a href=\"https:\/\/alencontre.org\/moyenorient\/palestine\/gaza-rafah-une-horreur-indescriptible-mais-laide-militaire-a-israel-continue.html\">Rafah. \u00abUne horreur indescriptible\u00bb. Mais l\u2019aide militaire \u00e0 Isra\u00ebl continue<\/a><\/strong> (A l\u2019Encontre)<\/p>\n\n\n\n<p><strong><mark style=\"background-color:rgba(0, 0, 0, 0);color:#ed1010\" class=\"has-inline-color\">13 f\u00e9vrier<\/mark><\/strong><\/p>\n\n\n\n<p><strong>France<\/strong><\/p>\n\n\n\n<p><strong><a href=\"https:\/\/disclose.ngo\/fr\/article\/immigration-en-europe-la-france-a-la-manoeuvre-pour-autoriser-la-retention-des-enfants-des-le-plus-jeune-age\" target=\"_blank\" rel=\"noreferrer noopener\">Immigration en Europe : la France \u00e0 la man\u0153uvre pour autoriser la r\u00e9tention des enfants d\u00e8s le plus jeune \u00e2ge<\/a>&nbsp;<\/strong>(Disclose)<\/p>\n\n\n\n<p><a href=\"https:\/\/www.lemonde.fr\/politique\/article\/2024\/02\/13\/comment-mayotte-est-devenue-le-laboratoire-ideologique-de-l-extreme-droite_6216351_823448.html\"><strong>Comment Mayotte est devenue le laboratoire id\u00e9ologique de l\u2019extr\u00eame droite<\/strong><\/a> (Le Monde)<a href=\"https:\/\/www.liberation.fr\/politique\/avec-son-referendum-dinitiative-partagee-sur-limmigration-la-droite-veut-montrer-quelle-bouge-encore-20240213_24IBMTWPB5AYZF6YIY4GZOVI4Y\/\" target=\"_blank\" rel=\"noreferrer noopener\"><\/a><\/p>\n\n\n\n<p><a href=\"https:\/\/www.liberation.fr\/politique\/avec-son-referendum-dinitiative-partagee-sur-limmigration-la-droite-veut-montrer-quelle-bouge-encore-20240213_24IBMTWPB5AYZF6YIY4GZOVI4Y\/\" target=\"_blank\" rel=\"noreferrer noopener\">Avec son r\u00e9f\u00e9rendum d\u2019initiative partag\u00e9e sur l\u2019immigration, la droite veut montrer qu\u2019elle bouge encore<\/a> (Lib\u00e9ration)<\/p>\n\n\n\n<p><a href=\"https:\/\/www.rfi.fr\/fr\/france\/20240213-france-sur-l-immigration-la-droite-tente-le-r%C3%A9f%C3%A9rendum-d-initiative-partag%C3%A9e\">Sur l&rsquo;immigration, la droite tente le R\u00e9f\u00e9rendum d&rsquo;initiative partag\u00e9e<\/a> (RFI)<\/p>\n\n\n\n<p><strong>Monde<\/strong><\/p>\n\n\n\n<p><strong><a href=\"https:\/\/www.francetvinfo.fr\/monde\/proche-orient\/israel-palestine\/direct-guerre-a-gaza-la-pression-internationale-s-intensifie-pour-un-accord-entre-israel-et-le-hamas_6362854.html\">La pression internationale s&rsquo;intensifie pour une tr\u00eave \u00e0 Gaza<\/a><\/strong> (Le direct de France Info)<\/p>\n\n\n\n<p><a href=\"https:\/\/www.liberation.fr\/international\/violences-en-cisjordanie-la-france-sanctionne-28-colons-extremistes-20240213_ZUHI2UKCWFGGNPIJ7L7LVP733M\/\">Violences en <strong>Cisjordanie<\/strong> : la France sanctionne 28 colons \u00abextr\u00e9mistes\u00bb<\/a><a> <\/a>(Lib\u00e9ration)<\/p>\n\n\n\n<p><a href=\"https:\/\/blogs.mediapart.fr\/journal-de-bord-dhossam-al-madhoun\/blog\/130224\/rafah-les-frappes-aeriennes-se-poursuivent-pendant-que-jecris-ces-mots\">\u00c0 <strong>Rafah<\/strong>, les frappes a\u00e9riennes se poursuivent pendant que j&rsquo;\u00e9cris ces mots<\/a>&nbsp;(Journal de bord d&rsquo;Hossam Al-Madhoun)<\/p>\n\n\n\n<p><a href=\"https:\/\/enass.ma\/2024\/02\/13\/de-rabat-a-gaza-les-femmes-pour-la-palestine\/\" target=\"_blank\" rel=\"noreferrer noopener\">De <strong>Rabat<\/strong> \u00e0 Gaza, les femmes pour la Palestine<\/a>&nbsp;(Enass)<\/p>\n\n\n\n<p><a href=\"https:\/\/www.lemonde.fr\/pixels\/article\/2024\/02\/13\/guerre-en-ukraine-la-societe-starlink-d-elon-musk-accusee-de-laisser-les-forces-russes-utiliser-ses-satellites_6216354_4408996.html\">La soci\u00e9t\u00e9 Starlink d\u2019Elon Musk accus\u00e9e de laisser les forces <strong>russes<\/strong> utiliser ses satellites<\/a> (Le Monde)<\/p>\n\n\n\n<p><a href=\"https:\/\/www.lemonde.fr\/international\/article\/2024\/02\/13\/en-argentine-javier-milei-s-en-prend-aux-traitres-qui-ont-fait-echouer-son-mega-projet-de-loi_6216298_3210.html\"><\/a><a href=\"https:\/\/www.lemonde.fr\/international\/article\/2024\/02\/13\/en-argentine-javier-milei-s-en-prend-aux-traitres-qui-ont-fait-echouer-son-mega-projet-de-loi_6216298_3210.html\">Le pr\u00e9sident <strong>argentin<\/strong> Javier Milei s\u2019en prend aux \u2018tra\u00eetres\u2019 qui ont fait \u00e9chouer son m\u00e9gaprojet de loi <\/a>&nbsp;(Le Monde)<\/p>\n\n\n\n<p><strong>Analyse<\/strong><\/p>\n\n\n\n<p><a href=\"https:\/\/orientxxi.info\/magazine\/pourquoi-la-libye-ne-compte-plus-un-seul-juif,7053\" target=\"_blank\" rel=\"noreferrer noopener\">Pourquoi la <strong>Libye<\/strong> ne compte plus un seul juif<\/a>&nbsp; (Orient XXI)<\/p>\n\n\n\n<p><strong><mark style=\"background-color:rgba(0, 0, 0, 0);color:#ed1010\" class=\"has-inline-color\">12 f\u00e9vrier<\/mark><\/strong><\/p>\n\n\n\n<p><strong>France<\/strong><\/p>\n\n\n\n<p><a href=\"https:\/\/regards.fr\/remaniement-la-provocation-permanente\/\" target=\"_blank\" rel=\"noreferrer noopener\">Remaniement : la provocation permanente<\/a>&nbsp;par Cl\u00e9mentine Autain (Regards)<\/p>\n\n\n\n<p><a href=\"https:\/\/www.humanite.fr\/en-debat\/agriculture\/paysans-une-allusion-de-gabriel-attal-rappelle-la-faute-a-macron\" target=\"_blank\" rel=\"noreferrer noopener\">Paysans : Une allusion de Gabriel Attal rappelle la faute \u00e0 Macron<\/a>&nbsp;(L\u2019Humanit\u00e9)<\/p>\n\n\n\n<p><a href=\"https:\/\/lanticapitaliste.org\/actualite\/education\/le-gouvernement-veut-la-guerre-scolaire\">Le gouvernement veut la guerre scolaire<\/a> (L\u2019Anticapitaliste)<\/p>\n\n\n\n<p><strong><a href=\"https:\/\/www.liberation.fr\/societe\/immigration\/a-mayotte-gerald-darmanin-foudroie-le-droit-du-sol-20240211_SFXCBV2FCZDBDGYQAFKOJDFHSY\/\">A Mayotte, G\u00e9rald Darmanin foudroie le droit du sol<\/a><\/strong> (Lib\u00e9ration)<\/p>\n\n\n\n<p><a href=\"https:\/\/www.revolutionpermanente.fr\/Offensive-contre-le-droit-du-sol-Darmanin-relance-la-surenchere-anti-immigres\">Offensive contre le droit du sol&nbsp;: Darmanin relance la surench\u00e8re anti-immigr\u00e9s<\/a> (RP)<\/p>\n\n\n\n<p><strong><a href=\"https:\/\/www.revolutionpermanente.fr\/Ambiguite-sur-le-7-octobre-Aurore-Berge-relance-l-offensive-pro-Israel-contre-le-mouvement\">Aurore Berg\u00e9 relance l\u2019offensive pro-Isra\u00ebl contre le mouvement f\u00e9ministe<\/a><\/strong> (RP)<\/p>\n\n\n\n<p><a href=\"https:\/\/www.huffingtonpost.fr\/environnement\/article\/plan-ecophyto-huit-associations-ecologistes-claquent-la-porte-d-une-reunion-avec-le-gouvernement_229717.html\">Des assos \u00e9colos claquent la porte d\u2019une r\u00e9union sur Ecophyto avec le gouvernement<\/a> (Huffpost)<\/p>\n\n\n\n<p><a href=\"https:\/\/reporterre.net\/En-Occitanie-Greta-Thunberg-electrise-la-lutte-contre-l-A69-et-les-forages-petroliers\" target=\"_blank\" rel=\"noreferrer noopener\">En Occitanie, Greta Thunberg \u00e9lectrise la lutte contre l&rsquo;A69 et les forages p\u00e9troliers<\/a>&nbsp;(Reporterre)<\/p>\n\n\n\n<p><strong>Monde<\/strong><\/p>\n\n\n\n<p><a href=\"https:\/\/www.lemonde.fr\/international\/article\/2024\/02\/12\/les-pays-bas-sommes-de-stopper-la-livraison-de-composants-militaires-a-israel_6216164_3210.html\"><strong>Les Pays-Bas somm\u00e9s de stopper la livraison de composants militaires \u00e0 Isra\u00ebl<\/strong><\/a> (Le Monde)<\/p>\n\n\n\n<p><strong><a href=\"https:\/\/www.rfi.fr\/fr\/moyen-orient\/20240212-en-direct-guerre-%C3%A0-gaza-l-arm%C3%A9e-isra%C3%A9lienne-lib%C3%A8re-deux-otages-apr%C3%A8s-une-op%C3%A9ration-nocturne-%C3%A0-rafah\">Gaza : la perspective d&rsquo;une offensive \u00e0 Rafah est \u00abterrifiante\u00bb, affirme l&rsquo;Onu<\/a><\/strong> (RFI)<\/p>\n\n\n\n<p><a href=\"https:\/\/alencontre.org\/moyenorient\/palestine\/gaza-quand-le-systeme-de-sante-est-lobjectif-de-loffensive-militaire-recit-dun-humanitaire-palestinien.html\">Gaza. Quand le syst\u00e8me de sant\u00e9 est l\u2019objectif de l\u2019offensive militaire. R\u00e9cit d\u2019un humanitaire palestinien<\/a> (A l\u2019encontre)<\/p>\n\n\n\n<p><a href=\"https:\/\/alencontre.org\/moyenorient\/palestine\/gaza-contexte-de-lescalade-militaire-a-rafah-plus-de-600-000-enfants-et-leurs-familles-y-sont-masses-apres-avoir-ete-deplaces-plusieurs-fois.html\">Gaza. Contexte de l\u2019escalade militaire \u00e0 Rafah : plus de 600&nbsp;000 enfants et leurs familles y sont mass\u00e9s, apr\u00e8s avoir \u00e9t\u00e9 d\u00e9plac\u00e9s plusieurs fois&nbsp;<\/a> (A l\u2019encontre)<\/p>\n\n\n\n<p><strong><a href=\"https:\/\/lanticapitaliste.org\/actualite\/international\/genocide-israelien-en-palestine-lelection-de-biden-pourrait-etre-en-jeu\">G\u00e9nocide isra\u00e9lien en Palestine&nbsp;: l\u2019\u00e9lection de Biden pourrait \u00eatre en jeu<\/a><\/strong><a> (L\u2019Anticapitaliste)<\/a><\/p>\n\n\n\n<p><a href=\"https:\/\/www.politis.fr\/articles\/2024\/02\/joe-biden-la-febrilite-des-democrates\/\" target=\"_blank\" rel=\"noreferrer noopener\">Joe Biden, la f\u00e9brilit\u00e9 des d\u00e9mocrates<\/a>&nbsp;(Politis)<\/p>\n\n\n\n<p><a href=\"https:\/\/www.liberation.fr\/international\/europe\/elon-musk-et-le-kremlin-dementent-lutilisation-de-starlink-par-les-forces-russes-20240212_OHXQ6SCFKZFBNKPEWUF7TRSWZQ\/\">Ukraine<\/a>&nbsp;: <a href=\"https:\/\/www.liberation.fr\/international\/europe\/elon-musk-et-le-kremlin-dementent-lutilisation-de-starlink-par-les-forces-russes-20240212_OHXQ6SCFKZFBNKPEWUF7TRSWZQ\/\">Elon Musk et le Kremlin d\u00e9mentent l\u2019utilisation de Starlink par les forces russes<\/a> (Lib\u00e9ration)<\/p>\n\n\n\n<p><strong>Analyse<\/strong><\/p>\n\n\n\n<p><a href=\"https:\/\/www.contretemps.eu\/chili-gauche-allende-boric\/\">Le Chili d\u2019Allende \u00e0 Boric&nbsp;: des questions de fond qui continuent \u00e0 hanter&nbsp;le pr\u00e9sent<\/a> (Contretemps)<\/p>\n\n\n\n<p><a href=\"https:\/\/www.contretemps.eu\/lutte-contre-antisemitisme-monzat\/\">Sous quelles formes survit l\u2019antis\u00e9mitisme et comment l\u2019affronter ?<\/a> (Contretemps)<\/p>\n\n\n\n<p><strong><mark style=\"background-color:rgba(0, 0, 0, 0);color:#ed1010\" class=\"has-inline-color\">10 f\u00e9vrier<\/mark><\/strong><\/p>\n\n\n\n<p><strong>France<\/strong><\/p>\n\n\n\n<p><strong><a href=\"https:\/\/www.lemediatv.fr\/emissions\/2024\/macron-attal-bayrou-les-lecons-dun-remaniement-rate-yAqawOfhR46alc842QaB0w\" target=\"_blank\" rel=\"noreferrer noopener\">Macron-Attal-Bayrou : les le\u00e7ons d&rsquo;un remaniement rat\u00e9<\/a><\/strong>&nbsp;(Le M\u00e9dia)<\/p>\n\n\n\n<p><a href=\"https:\/\/www.politis.fr\/articles\/2024\/02\/remaniement-emmanuel-macron-nomme-un-gouvernement-de-guerre-sociale\/\" target=\"_blank\" rel=\"noreferrer noopener\">Remaniement : Emmanuel Macron nomme un gouvernement de \u00ab guerre sociale \u00bb<\/a>&nbsp;(Politis)<\/p>\n\n\n\n<p><a href=\"https:\/\/reporterre.net\/Herve-Berville-l-inquietant-Monsieur-biodiversite-du-gouvernement\" target=\"_blank\" rel=\"noreferrer noopener\">Herv\u00e9 Berville, l&rsquo;inqui\u00e9tant \u00ab&nbsp;Monsieur biodiversit\u00e9&nbsp;\u00bb du gouvernement<\/a>&nbsp;(Reporterre)<\/p>\n\n\n\n<p><a><\/a><a href=\"https:\/\/www.mediapart.fr\/journal\/politique\/090224\/guillaume-kasbarian-au-logement-le-coup-de-fouet-liberal-d-emmanuel-macron\" target=\"_blank\" rel=\"noreferrer noopener\">Guillaume Kasbarian au logement : le coup de fouet lib\u00e9ral d\u2019Emmanuel Macron<\/a>&nbsp;(M\u00e9diapart)<\/p>\n\n\n\n<p><a href=\"https:\/\/www.politis.fr\/articles\/2024\/02\/en-sabordant-la-loi-sru-gabriel-attal-attaque-un-pilier-de-la-republique\/\" target=\"_blank\" rel=\"noreferrer noopener\">\u00ab&nbsp;En sabordant la loi SRU, Gabriel Attal attaque un pilier de la R\u00e9publique&nbsp;\u00bb&nbsp;<\/a> (Politis)<\/p>\n\n\n\n<p><a href=\"https:\/\/www.lemediatv.fr\/emissions\/2024\/zemmour-et-cnews-condamnes-le-temoignage-exclusif-de-daniele-obono-bv9F6N6rT1eAL1W2Bx_UOA\" target=\"_blank\" rel=\"noreferrer noopener\">Zemmour et CNEWS condamn\u00e9s : le t\u00e9moignage exclusif de Dani\u00e8le Obono<\/a>&nbsp;(Le M\u00e9dia)<\/p>\n\n\n\n<p><strong><a href=\"https:\/\/www.humanite.fr\/social-et-economie\/crous\/elections-lunion-etudiante-simpose-comme-premiere-force-des-crous\" target=\"_blank\" rel=\"noreferrer noopener\">\u00c9lections : l\u2019Union \u00e9tudiante s\u2019impose comme premi\u00e8re force des Crous<\/a>&nbsp;<\/strong>(L\u2019Humanit\u00e9)<\/p>\n\n\n\n<p><strong><a href=\"https:\/\/www.monde-diplomatique.fr\/2024\/02\/FAUQUETTE\/66566\" target=\"_blank\" rel=\"noreferrer noopener\">Soignants suspendus, autopsie d&rsquo;une erreur<\/a><\/strong>&nbsp;(Le Monde diplomatique)<\/p>\n\n\n\n<p><a href=\"https:\/\/www.mediapart.fr\/journal\/politique\/090224\/au-ps-le-changement-se-heurte-au-poids-du-passe\" target=\"_blank\" rel=\"noreferrer noopener\">Au PS, le changement se heurte au poids du pass\u00e9<\/a>&nbsp;(M\u00e9diapart)<\/p>\n\n\n\n<p><strong>Monde<\/strong><\/p>\n\n\n\n<figure class=\"wp-block-image size-full is-resized\"><img data-recalc-dims=\"1\" loading=\"lazy\" decoding=\"async\" width=\"549\" height=\"313\" src=\"https:\/\/i0.wp.com\/www.rdpemancipation.org\/wp-content\/uploads\/2024\/02\/image-3.png?resize=549%2C313&#038;ssl=1\" alt=\"\" class=\"wp-image-125423\" style=\"width:421px;height:auto\" srcset=\"https:\/\/i0.wp.com\/www.rdpemancipation.org\/wp-content\/uploads\/2024\/02\/image-3.png?w=549&amp;ssl=1 549w, https:\/\/i0.wp.com\/www.rdpemancipation.org\/wp-content\/uploads\/2024\/02\/image-3.png?resize=300%2C171&amp;ssl=1 300w\" sizes=\"auto, (max-width: 549px) 100vw, 549px\" \/><\/figure>\n\n\n\n<p><a href=\"https:\/\/reporterre.net\/Au-Chili-la-terrible-repression-des-indigenes-en-lutte-contre-l-industrie-forestiere\" target=\"_blank\" rel=\"noreferrer noopener\">Au <strong>Chili<\/strong>, la terrible r\u00e9pression des indig\u00e8nes en lutte contre l&rsquo;industrie foresti\u00e8re<\/a>&nbsp;(Reporterre)<\/p>\n\n\n\n<p><a href=\"https:\/\/orientxxi.info\/magazine\/de-la-nakba-a-gaza-poesie-et-resistance-en-palestine,7054\" target=\"_blank\" rel=\"noreferrer noopener\">De la Nakba \u00e0 Gaza. Po\u00e9sie et r\u00e9sistance en Palestine<\/a>&nbsp;(Orient XXI)<a href=\"https:\/\/www.francetvinfo.fr\/monde\/proche-orient\/israel-palestine\/le-bureau-de-medecins-du-monde-dans-le-centre-de-gaza-a-ete-deliberement-detruit-cette-semaine-annonce-son-vice-president_6357976.html\"><\/a><\/p>\n\n\n\n<p><a href=\"https:\/\/www.francetvinfo.fr\/monde\/proche-orient\/israel-palestine\/le-bureau-de-medecins-du-monde-dans-le-centre-de-gaza-a-ete-deliberement-detruit-cette-semaine-annonce-son-vice-president_6357976.html\">Le bureau de M\u00e9decins du Monde \u00e0 <strong>Gaza <\/strong>a \u00e9t\u00e9 \u2018d\u00e9lib\u00e9r\u00e9ment d\u00e9truit cette semaine\u2019, annonce son vice-pr\u00e9sident<\/a><a> (France Info)<\/a><\/p>\n\n\n\n<p><a href=\"https:\/\/www.francetvinfo.fr\/monde\/proche-orient\/israel-palestine\/direct-guerre-entre-israel-et-le-hamas-des-frappes-en-cours-sur-rafah-dans-le-sud-de-la-bande-de-gaza_6357358.html\"><strong>Gaza<\/strong> : l&rsquo;Allemagne met en garde contre une \u00ab\u00a0catastrophe humanitaire\u00a0\u00bb en cas d&rsquo;offensive \u00e0 Rafah<\/a> (Le direct de France Info)<\/p>\n\n\n\n<p><a href=\"https:\/\/www.rfi.fr\/fr\/moyen-orient\/20240210-en-direct-%C3%A0-rafah-l-intensification-des-frappes-isra%C3%A9liennes-fait-craindre-une-intervention-terrestre\"><strong>Gaza<\/strong> : un responsable du Hamas \u00e9chappe \u00e0 un raid isra\u00e9lien au Liban<\/a> (Le Live de RFI)<\/p>\n\n\n\n<p><a href=\"https:\/\/www.francetvinfo.fr\/monde\/afrique\/senegal\/senegal-deux-jeunes-tues-pendant-des-manifestations-contre-le-president-macky-sall_6357850.html\"><strong>S\u00e9n\u00e9gal<\/strong> : deux jeunes hommes tu\u00e9s pendant des manifestations contre le report de l&rsquo;\u00e9lection pr\u00e9sidentielle <\/a>&nbsp;(France Info)<\/p>\n\n\n\n<p><strong>Analyse<\/strong><\/p>\n\n\n\n<p><strong><a href=\"https:\/\/www.blast-info.fr\/emissions\/2024\/la-classe-ouvriere-les-vrais-heros-invisibles-cZdjvTRoQHe_8728xxA6FQ\" target=\"_blank\" rel=\"noreferrer noopener\">La classe ouvri\u00e8re : les vrais h\u00e9ros invisibles<\/a><\/strong>&nbsp;(Blast)<\/p>\n\n\n\n<p><strong><mark style=\"background-color:rgba(0, 0, 0, 0);color:#ed1010\" class=\"has-inline-color\">9 f\u00e9vrier<\/mark><\/strong><\/p>\n\n\n\n<p><strong>France<\/strong><\/p>\n\n\n\n<p><a href=\"https:\/\/www.mediapart.fr\/journal\/politique\/080224\/gouvernement-attal-un-remaniement-dans-la-douleur-sans-bayrou-ni-saveur\">Un remaniement dans la douleur, sans Bayrou ni saveur<\/a> (M\u00e9diapart)<\/p>\n\n\n\n<p><a href=\"https:\/\/www.mediapart.fr\/journal\/france\/080224\/education-la-ministre-oudea-castera-part-deja-mais-quel-bilan\"><strong>Oud\u00e9a-Cast\u00e9ra part d\u00e9j\u00e0, mais quel bilan&nbsp;!<\/strong><\/a> (M\u00e9diapart)<\/p>\n\n\n\n<p><a href=\"https:\/\/blogs.mediapart.fr\/pascale-fourier\/blog\/090224\/quand-nicole-belloubet-pronait-une-education-decentralisee\"><strong>Quand Nicole Belloubet pr\u00f4nait une \u00e9ducation d\u00e9centralis\u00e9<\/strong>e<\/a>&nbsp;(Blog de Pascale Fourier)<\/p>\n\n\n\n<p><a href=\"https:\/\/www.off-investigation.fr\/Emmanuel%20Macron,%20l\u2019idiot%20pas%20si%20utile%20de%20la%20politique%20internationale\">Emmanuel Macron, l\u2019idiot pas si utile de la politique internationale<\/a> (Off Investigation)<a href=\"https:\/\/www.francetvinfo.fr\/france\/occitanie\/en-images-autoroute-a89-nouvelle-intervention-de-gendarmerie-sur-la-zad-des-opposants_6355657.html\" target=\"_blank\" rel=\"noreferrer noopener\"><\/a><\/p>\n\n\n\n<p><a href=\"https:\/\/www.francetvinfo.fr\/france\/occitanie\/en-images-autoroute-a89-nouvelle-intervention-de-gendarmerie-sur-la-zad-des-opposants_6355657.html\" target=\"_blank\" rel=\"noreferrer noopener\">A69 : une nouvelle intervention des gendarmes sur la ZAD des opposants au projet&nbsp;d&rsquo;autoroute<\/a> (France Info)<\/p>\n\n\n\n<p><a href=\"https:\/\/www.humanite.fr\/social-et-economie\/cedh\/nasses-policieres-la-france-condamnee-par-la-cedh\" target=\"_blank\" rel=\"noreferrer noopener\"><strong>Nasses polici\u00e8res : La France condamn\u00e9e par la CEDH<\/strong><\/a>&nbsp;(L\u2019Humanit\u00e9)<\/p>\n\n\n\n<p><strong>Monde<\/strong><\/p>\n\n\n\n<p><a href=\"https:\/\/alencontre.org\/moyenorient\/palestine\/cisjordanie-occupee-les-colons-nagissent-pas-seuls-ils-sont-au-service-du-gouvernement-ils-en-font-de-fait-partie.html\"><strong>Cisjordanie<\/strong>. Les colons n\u2019agissent pas seuls, ils sont au service du gouvernement. Ils en font de fait partie<\/a>(A l\u2019encontre)<\/p>\n\n\n\n<p><a href=\"https:\/\/www.middleeasteye.net\/fr\/actu-et-enquetes\/guerre-gaza-le-gel-du-financement-unrwa-sans-preuve-allegations-israel\">Le gel du financement de l\u2019UNRWA a \u00e9t\u00e9 d\u00e9cid\u00e9 sans preuve des all\u00e9gations isra\u00e9liennes<\/a> (MEE)<\/p>\n\n\n\n<p><strong><a href=\"https:\/\/www.cadtm.org\/Quand-l-Occident-cloue-le-cercueil-israelien-du-peuple-palestinien\">Quand l\u2019Occident cloue le cercueil isra\u00e9lien du peuple palestinien !<\/a>&nbsp;<\/strong>(CADTM)<\/p>\n\n\n\n<p><strong><a href=\"https:\/\/www.francetvinfo.fr\/monde\/usa\/joe-biden\/sante-de-joe-biden-le-parti-democrate-est-dramatiquement-inquiet-analyse-la-specialiste-des-etats-unis-nicole-bacharan_6355693.html\">Sant\u00e9 de Joe Biden : \u00ab\u00a0Le Parti d\u00e9mocrate est dramatiquement inquiet\u00a0\u00bb<\/a><\/strong> (France Info)<a href=\"https:\/\/www.francetvinfo.fr\/monde\/europe\/manifestations-en-ukraine\/guerre-en-ukraine-quatre-questions-sur-le-remplacement-du-commandant-en-chef-des-armees-ukrainiennes-valeri-zaloujny_6355204.html\"><\/a><\/p>\n\n\n\n<p><strong><a href=\"https:\/\/www.francetvinfo.fr\/monde\/europe\/manifestations-en-ukraine\/guerre-en-ukraine-quatre-questions-sur-le-remplacement-du-commandant-en-chef-des-armees-ukrainiennes-valeri-zaloujny_6355204.html\">Ukraine : 4 questions sur le remplacement du commandant en chef des arm\u00e9es, Valeri Zaloujny<\/a><\/strong><a> (France Info)<\/a><\/p>\n\n\n\n<p><a href=\"https:\/\/www.boursorama.com\/actualite-economique\/actualites\/colombie-le-gouvernement-entame-des-pourparlers-de-paix-avec-la-derniere-dissidence-des-farc-02d6a41e37cd933816526d0c7cae23ab\"><strong>Colombie<\/strong> : le gouvernement entame des pourparlers avec la derni\u00e8re dissidence des FARC<\/a> (AFP) &nbsp;&nbsp;<\/p>\n\n\n\n<p><a href=\"https:\/\/www.boursorama.com\/actualite-economique\/actualites\/enquete-pour-tentative-de-coup-d-etat-bolsonaro-interdit-de-quitter-le-bresil-8909525ee4d660f1c020c5275f69aee4\">Enqu\u00eate pour \u00ab\u00a0tentative de coup d&rsquo;Etat\u00a0\u00bb: Bolsonaro interdit de quitter le <strong>Br\u00e9sil<\/strong><\/a> (AFP) &nbsp;&nbsp;<\/p>\n\n\n\n<p><a href=\"https:\/\/www.boursorama.com\/videos\/actualites\/elections-au-pakistan-une-course-serree-entre-le-parti-d-imran-khan-et-celui-de-nawaz-sharif-96c17f45155b338734e352671bb2394c\">\u00c9lections au <strong>Pakistan<\/strong> : une course serr\u00e9e entre le parti d&rsquo;Imran Khan et celui de Nawaz Sharif<\/a> (France 24)<\/p>\n\n\n\n<p><strong>Analyse<\/strong><\/p>\n\n\n\n<p><strong><a href=\"https:\/\/www.mediapart.fr\/journal\/international\/080224\/israel-est-en-train-de-detruire-gaza-sans-detruire-le-hamas\">\u00ab&nbsp;Isra\u00ebl est en train de d\u00e9truire Gaza sans d\u00e9truire le Hamas&nbsp;\u00bb<\/a> &#8211; <\/strong>J-P Filiu (A l\u2019air libre)<\/p>\n\n\n\n<p><strong><mark style=\"background-color:rgba(0, 0, 0, 0);color:#ed1010\" class=\"has-inline-color\">8 f\u00e9vrier<\/mark><\/strong><\/p>\n\n\n\n<p><strong>France<\/strong><\/p>\n\n\n\n<p><a href=\"https:\/\/blogs.mediapart.fr\/allan-barte\/blog\/070224\/kohler-surveille-le-cas-anticor\">Kohler surveille le cas Anticor<\/a> (par&nbsp;Allan Barte)<\/p>\n\n\n\n<figure class=\"wp-block-image size-full is-resized\"><img data-recalc-dims=\"1\" loading=\"lazy\" decoding=\"async\" width=\"453\" height=\"403\" src=\"https:\/\/i0.wp.com\/www.rdpemancipation.org\/wp-content\/uploads\/2024\/02\/image-2.png?resize=453%2C403&#038;ssl=1\" alt=\"\" class=\"wp-image-125346\" style=\"width:336px;height:auto\" srcset=\"https:\/\/i0.wp.com\/www.rdpemancipation.org\/wp-content\/uploads\/2024\/02\/image-2.png?w=453&amp;ssl=1 453w, https:\/\/i0.wp.com\/www.rdpemancipation.org\/wp-content\/uploads\/2024\/02\/image-2.png?resize=300%2C267&amp;ssl=1 300w\" sizes=\"auto, (max-width: 453px) 100vw, 453px\" \/><\/figure>\n\n\n\n<p><strong><a href=\"https:\/\/www.francetvinfo.fr\/politique\/remaniement\/direct-remaniement-apres-le-refus-de-francois-bayrou-le-casting-des-nouveaux-ministres-du-gouvernement-de-gabriel-attal-toujours-en-suspens_6352888.html\"><\/a><a href=\"https:\/\/www.francetvinfo.fr\/politique\/remaniement\/direct-remaniement-apres-le-refus-de-francois-bayrou-le-casting-des-nouveaux-ministres-du-gouvernement-de-gabriel-attal-toujours-en-suspens_6352888.html\">Remaniement : Nicole Belloubet nomm\u00e9e ministre de l&rsquo;Education nationale \u00e0 la place d&rsquo;Am\u00e9lie Oud\u00e9a-Cast\u00e9ra<\/a><\/strong> (Le Direct de France Info)<\/p>\n\n\n\n<p><a href=\"https:\/\/disclose.ngo\/fr\/article\/operation-sirli-la-france-visee-par-une-plainte-devant-la-cour-europeenne-des-droits-de-lhomme\" target=\"_blank\" rel=\"noreferrer noopener\">Op\u00e9ration Sirli : la France vis\u00e9e par une plainte devant la Cour europ\u00e9enne des droits de l\u2019Homme<\/a>&nbsp;(Disclose)<\/p>\n\n\n\n<p><a href=\"https:\/\/basta.media\/Israel-Palestine-On-le-vit-comme-une-injustice-ces-soignants-profs-ou-militants-engages-pour-Gaza\" target=\"_blank\" rel=\"noreferrer noopener\">\u00ab On le vit comme une injustice \u00bb : ces soignants, profs ou militants engag\u00e9s pour Gaza<\/a>&nbsp;(Basta!)<\/p>\n\n\n\n<p><a href=\"https:\/\/www.humanite.fr\/politique\/antiterrorisme\/comment-lextreme-droite-sarme-legalement-en-france\" target=\"_blank\" rel=\"noreferrer noopener\">Comment l\u2019extr\u00eame droite s\u2019arme l\u00e9galement en France ?<\/a>&nbsp;(L\u2019Humanit\u00e9)<\/p>\n\n\n\n<p><a href=\"https:\/\/radio-m.net\/scandale-au-senat-francais-un-senateur-pris-en-flagrant-delit-de-culotte-baissee\/\">Scandale au S\u00e9nat fran\u00e7ais&nbsp;: un&nbsp;s\u00e9nateur pris en flagrant d\u00e9lit de culotte baiss\u00e9e<\/a> (Radio M)<\/p>\n\n\n\n<p><a href=\"https:\/\/www.middleeasteye.net\/fr\/actu-et-enquetes\/france-lhommage-aux-victimes-du-7-octobre-fait-resurgir-la-polemique-avec-la\">l\u2019hommage aux victimes du 7 octobre fait resurgir la pol\u00e9mique avec la gauche radicale<\/a><a href=\"https:\/\/radio-m.net\/assassinat-de-belaid-un-accuse-revele-avoir-ete-menace-de-mort-sil-disait-la-verite\/\"><br><\/a>(MEE)<\/p>\n\n\n\n<p><strong>Monde<\/strong><\/p>\n\n\n\n<p><strong><a href=\"https:\/\/www.lemediatv.fr\/emissions\/2024\/une-horreur-jamais-vue-le-temoignage-dun-grand-medecin-revenu-de-gaza-ElkcHpURTx21A7QWEDnzCg\" target=\"_blank\" rel=\"noreferrer noopener\">\u00ab\u00a0Une horreur jamais vue\u00a0\u00bb : le t\u00e9moignage d&rsquo;un grand m\u00e9decin revenu de Gaza<\/a><\/strong>&nbsp;(Le M\u00e9dia)<a href=\"https:\/\/www.francetvinfo.fr\/monde\/proche-orient\/israel-palestine\/gaza-les-pays-occidentaux-sont-en-train-de-devenir-activement-complices-de-ce-carnage-et-cette-boucherie-accuse-rony-brauman-ex-president-de-msf_6353332.html\"><\/a><\/p>\n\n\n\n<p><a href=\"https:\/\/www.francetvinfo.fr\/monde\/proche-orient\/israel-palestine\/gaza-les-pays-occidentaux-sont-en-train-de-devenir-activement-complices-de-ce-carnage-et-cette-boucherie-accuse-rony-brauman-ex-president-de-msf_6353332.html\">Gaza :&nbsp;Les pays occidentaux sont \u00ab\u00a0en train de devenir activement complices de ce carnage\u00a0\u00bb, accuse&nbsp;Rony Brauman, ex-pr\u00e9sident de MSF<\/a> (France Info)<\/p>\n\n\n\n<p><a href=\"https:\/\/www.middleeasteye.net\/fr\/actu-et-enquetes\/guerre-gaza-le-hamas-propose-un-cessez-le-feu-de-135-jours-en-trois-etapes-avec\">Gaza&nbsp;: le Hamas propose un cessez-le-feu de 135 jours en trois \u00e9tapes avec Isra\u00ebl<\/a> (MEE)<\/p>\n\n\n\n<p><a href=\"https:\/\/www.middleeasteye.net\/fr\/actu-et-enquetes\/guerre-gaza-la-photo-dun-palestinien-blesse-en-sous-vetement-pres-dun-soldat\">Gaza : la photo d\u2019un Palestinien bless\u00e9 en sous-v\u00eatement pr\u00e8s d\u2019un soldat isra\u00e9lien suscite la col\u00e8re<\/a> (MEE)<\/p>\n\n\n\n<p><a href=\"https:\/\/www.middleeasteye.net\/fr\/actu-et-enquetes\/gaza-israel-prevoit-de-remplacer-lunrwa-par-lusaid-ou-le-pam\">\u00c0 Gaza, Isra\u00ebl pr\u00e9voit de remplacer l\u2019UNRWA par l\u2019USAID ou le PAM<\/a> (MEE)<\/p>\n\n\n\n<p><a href=\"https:\/\/radio-m.net\/onu-le-niveau-de-la-faim-a-ete-multiplie-par-12-a-gaza-a-cause-des-agressions-israeliennes\/\">ONU : le niveau de la faim a \u00e9t\u00e9 multipli\u00e9 par 12 \u00e0 Gaza, \u00e0 cause des agressions isra\u00e9liennes<\/a> (Radio M)<\/p>\n\n\n\n<p><a href=\"https:\/\/radio-m.net\/lespagne-a-lintention-de-financer-lunrwa-avec-35-millions-deuros\/\">L\u2019Espagne a l\u2019intention de financer l\u2019UNRWA avec 3,5 millions d\u2019euros<\/a> (Radio M)<\/p>\n\n\n\n<p><a href=\"https:\/\/www.amnesty.fr\/conflits-armes-et-populations\/actualites\/cisjordanie-nette-augmentation-force-illegale-palestiniens-gaza\">Cisjordanie occup\u00e9e : nette augmentation du recours \u00e0 la force meurtri\u00e8re ill\u00e9gale par Isra\u00ebl contre les Palestinien\u00b7ne\u00b7s<\/a> (Amnesty)<\/p>\n\n\n\n<p><a href=\"https:\/\/algeria-watch.org\/?p=91530\">&nbsp;17 000 enfants livr\u00e9s \u00e0 leur sort \u00e0 Ghaza<\/a> (El Watan)<\/p>\n\n\n\n<p><strong>Analyse<\/strong><\/p>\n\n\n\n<p><a href=\"https:\/\/www.contretemps.eu\/dossier-palestine-guerre-gaza-liberation\/\">Dossier : Palestine, guerre coloniale et lutte de lib\u00e9ration nationale<\/a> (Contretemps)<\/p>\n\n\n\n<p><strong><mark style=\"background-color:rgba(0, 0, 0, 0);color:#ed1010\" class=\"has-inline-color\">7 f\u00e9vrier<\/mark><\/strong><\/p>\n\n\n\n<p><strong>France<\/strong><\/p>\n\n\n\n<p><a href=\"https:\/\/www.acrimed.org\/Enthousiasme-mediatique-pour-Raphael-Glucksmann\" target=\"_blank\" rel=\"noreferrer noopener\">Enthousiasme m\u00e9diatique pour Rapha\u00ebl Glucksmann<\/a>&nbsp;(Acrimed)<\/p>\n\n\n\n<p><a href=\"https:\/\/www.mediapart.fr\/journal\/france\/070224\/lyon-des-identitaires-violents-bien-connectes-aux-partis-traditionnels\" target=\"_blank\" rel=\"noreferrer noopener\">\u00c0 Lyon, des identitaires violents bien connect\u00e9s aux partis traditionnels<\/a>&nbsp;(M\u00e9diapart)<\/p>\n\n\n\n<p><a href=\"https:\/\/www.saphirnews.com\/Un-hommage-national-rendu-aux-victimes-francaises-en-Israel-et-bientot-a-celles-de-Gaza_a30070.html\" target=\"_blank\" rel=\"noreferrer noopener\"><strong>Un hommage national rendu aux victimes fran\u00e7aises en Isra\u00ebl&#8230; et bient\u00f4t \u00e0 celles de Gaza?<\/strong><\/a>&nbsp;(SaphirNews.com)<\/p>\n\n\n\n<p><strong><a href=\"https:\/\/www.off-investigation.fr\/megabassines-histoire-secrete-dun-mensonge-detat\/\" target=\"_blank\" rel=\"noreferrer noopener\">Megabassines, histoire secr\u00e8te d\u2019un mensonge d\u2019Etat<\/a>&nbsp;<\/strong>(Off Investigation)<\/p>\n\n\n\n<p><a href=\"https:\/\/lundi.am\/Crosse-en-l-air\">Crosse en l\u2019air&nbsp;? Darmanin, la police et les agriculteurs<\/a>&nbsp;(Lundimatin)<\/p>\n\n\n\n<p><a href=\"https:\/\/www.politico.eu\/article\/ecrans-cyberharcelement-comment-brigitte-sactive-en-coulisse\/\">\u00c9crans, cyberharc\u00e8lement : comment Brigitte Macron s\u2019active en coulisse<\/a>&nbsp;(Politico)<\/p>\n\n\n\n<p><strong>Monde<\/strong><\/p>\n\n\n\n<p><strong><a href=\"https:\/\/www.francetvinfo.fr\/monde\/proche-orient\/israel-palestine\/direct-guerre-entre-israel-et-le-hamas-anthony-blinken-est-arrive-en-israel-pour-discuter-d-une-treve-a-gaza_6350482.html\">Le chef de l&rsquo;ONU met en garde contre un assaut isra\u00e9lien de Rafah aux impacts \u00ab\u00a0incalculables\u00a0\u00bb<\/a><\/strong> (France Info)<\/p>\n\n\n\n<p><a href=\"https:\/\/la-bas.org\/7226\" target=\"_blank\" rel=\"noreferrer noopener\"><strong>Gaza<\/strong> : un enfant est tu\u00e9 toutes les 15 minutes<\/a>&nbsp;(L\u00e0-bas si j\u2019y suis)<\/p>\n\n\n\n<p><a href=\"https:\/\/orientxxi.info\/magazine\/on-ampute-des-enfants-sans-anesthesie-c-est-ca-la-realite,7057\" target=\"_blank\" rel=\"noreferrer noopener\"><strong>Gaza<\/strong>. \u00ab&nbsp;On ampute des enfants sans anesth\u00e9sie. C&rsquo;est \u00e7a la r\u00e9alit\u00e9&nbsp;\u00bb<\/a>&nbsp;(Orient XXI)<\/p>\n\n\n\n<p><a href=\"https:\/\/www.mediapart.fr\/journal\/international\/070224\/en-israel-le-sort-des-otages-au-coeur-du-debat-sur-un-accord-avec-le-hamas\" target=\"_blank\" rel=\"noreferrer noopener\"><strong>En Isra\u00ebl<\/strong>, le sort des otages au c\u0153ur du d\u00e9bat sur un accord avec le Hamas<\/a>&nbsp;(M\u00e9diapart)<\/p>\n\n\n\n<p><a href=\"https:\/\/www.humanite.fr\/monde\/bande-de-gaza\/ils-reviennent-de-lenfer-de-gaza-le-jaccuse-des-medecins-francais\" target=\"_blank\" rel=\"noreferrer noopener\">Ils reviennent de l\u2019enfer de <strong>Gaza<\/strong> : le \u00ab J\u2019accuse \u00bb des m\u00e9decins fran\u00e7ais<\/a>&nbsp;(L\u2019Humanit\u00e9)<\/p>\n\n\n\n<p><a href=\"https:\/\/www.politis.fr\/articles\/2024\/02\/a-tyr-le-calvaire-des-deplaces-du-sud-liban\/\" target=\"_blank\" rel=\"noreferrer noopener\">\u00c0 Tyr, le calvaire des d\u00e9plac\u00e9s du Sud-Liban&nbsp;<\/a> (Politis)<\/p>\n\n\n\n<p><a href=\"https:\/\/www.mediapart.fr\/journal\/international\/070224\/les-femmes-pourraient-desormais-obtenir-le-statut-de-refugiees-en-raison-de-leur-genre\" target=\"_blank\" rel=\"noreferrer noopener\">Les femmes pourraient d\u00e9sormais obtenir le statut de r\u00e9fugi\u00e9es en raison de leur genre<\/a>&nbsp;(M\u00e9diapart)<\/p>\n\n\n\n<p><a href=\"https:\/\/afriquexxi.info\/Senegal-Les-ferments-du-coup-d-Etat-institutionnel\" target=\"_blank\" rel=\"noreferrer noopener\"><strong>S\u00e9n\u00e9gal<\/strong>. Les ferments du coup d&rsquo;\u00c9tat institutionnel<\/a>&nbsp;(Afrique XXI)<\/p>\n\n\n\n<p><strong>Analyse<\/strong><\/p>\n\n\n\n<p><a href=\"https:\/\/www.mediapart.fr\/journal\/international\/060224\/gaza-la-france-doit-en-finir-avec-le-deni\" target=\"_blank\" rel=\"noreferrer noopener\"><strong>Gaza<\/strong> : la France doit en finir avec le d\u00e9ni<\/a>&nbsp;(M\u00e9diapart)<\/p>\n\n\n\n<p><a href=\"https:\/\/www.monde-diplomatique.fr\/2024\/02\/ANDERSON\/66574\" target=\"_blank\" rel=\"noreferrer noopener\">Le droit international du plus fort<\/a>&nbsp;(Le Monde diplomatique)<\/p>\n\n\n\n<p><a href=\"https:\/\/www.lemediatv.fr\/emissions\/2024\/senegal-le-coup-detat-de-macky-sall-et-limperialisme-electoral-y5z3MhW2RaeHpB_m9JdMeA\" target=\"_blank\" rel=\"noreferrer noopener\">S\u00e9n\u00e9gal : le \u00ab\u00a0coup d&rsquo;\u00e9tat\u00a0\u00bb de Macky Sall et \u00ab\u00a0l&rsquo;imp\u00e9rialisme \u00e9lectoral\u00a0\u00bb<\/a>&nbsp;(Le M\u00e9dia)<\/p>\n\n\n\n<p><strong><a href=\"https:\/\/link.newsletter.franceculture.fr\/m\/ml\/7429\/852138\/kEW2_vDlTpoyf6reXU9AjW9C5lXTLJmivm821gAfcU8=\/NUGNYkp3k4ztQyhjiuMAeSftHo7fxYJYu8OJZVNx1+U=\/\" target=\"_blank\" rel=\"noreferrer noopener\">Exploiter les masses, exploiter la race&nbsp;: une histoire du capitalisme<\/a><\/strong> (France Culture)<\/p>\n\n\n\n<p><\/p>\n\n\n\n<p><strong><mark style=\"background-color:rgba(0, 0, 0, 0);color:#ed1010\" class=\"has-inline-color\">6 f\u00e9vrier<\/mark><\/strong><\/p>\n\n\n\n<p><strong>France<\/strong><\/p>\n\n\n\n<p><a href=\"https:\/\/www.humanite.fr\/politique\/extreme-droite\/extreme-droite-a-lyon-un-ancien-candidat-rn-arrete-apres-une-agression-raciste\" target=\"_blank\" rel=\"noreferrer noopener\">Extr\u00eame droite : \u00e0 Lyon, un ancien candidat RN arr\u00eat\u00e9 apr\u00e8s une agression raciste<\/a>&nbsp;(L\u2019Humanit\u00e9)<\/p>\n\n\n\n<p><a href=\"https:\/\/www.humanite.fr\/sciences\/evasion-fiscale\/pierre-edouard-sterin-nouveau-parrain-de-lextreme-droite\" target=\"_blank\" rel=\"noreferrer noopener\">Pierre-\u00c9douard St\u00e9rin, nouveau parrain de l\u2019extr\u00eame droite ?<\/a>&nbsp;(L\u2019Humanit\u00e9)<\/p>\n\n\n\n<p><a href=\"https:\/\/basta.media\/bilal-tase-et-tue-par-balle-comment-une-expulsion-locative-a-vire-au-drame\" target=\"_blank\" rel=\"noreferrer noopener\">Bilal, tas\u00e9 et tu\u00e9 par balle : comment une expulsion locative a vir\u00e9 au drame<\/a>&nbsp;(Basta!)<\/p>\n\n\n\n<p><a href=\"https:\/\/regards.fr\/nous-qui-avons-connu-le-lambertisme-sommes-sideres-par-lorganisation-aussi-autoritaire-de-lfi\/\" target=\"_blank\" rel=\"noreferrer noopener\">\u00ab Nous qui avons connu le lambertisme sommes sid\u00e9r\u00e9s par l\u2019organisation aussi autoritaire de LFI \u00bb<\/a>&nbsp;(Regards)<\/p>\n\n\n\n<p><strong>Monde<\/strong><\/p>\n\n\n\n<p><strong><a href=\"https:\/\/www.mediapart.fr\/journal\/international\/060224\/la-rapporteuse-speciale-de-l-onu-sur-la-torture-alerte-sur-une-extradition-d-assange\" target=\"_blank\" rel=\"noreferrer noopener\">La rapporteuse sp\u00e9ciale de l\u2019ONU sur la torture alerte sur une extradition d\u2019Assange<\/a><\/strong>&nbsp;(M\u00e9diapart)<\/p>\n\n\n\n<p><a href=\"https:\/\/www.blast-info.fr\/emissions\/2024\/yemen-comment-les-houthis-pesent-sur-la-guerre-a-gaza-g3SvDCJQRF-QsOaMy66l4g\" target=\"_blank\" rel=\"noreferrer noopener\"><strong>Y\u00e9men<\/strong> : comment les houthis p\u00e8sent sur la guerre \u00e0 Gaza<\/a>&nbsp;(Blast)<\/p>\n\n\n\n<p><a href=\"https:\/\/www.middleeasteye.net\/fr\/decryptages\/guerre-israel-palestine-quelles-seront-consequences-inondation-eau-de-mer-tunnels-gaza\">Cons\u00e9quences de l\u2019inondation \u00e0 l\u2019eau de mer des tunnels de <strong>Gaza<\/strong> ?<\/a> (MEE)<\/p>\n\n\n\n<p><strong>Analyse<\/strong><\/p>\n\n\n\n<p><a href=\"https:\/\/confpeps.org\/du-6-fevrier-34-au-6-fevrier-2024-pour-un-mouvement-populaire-antifasciste\/\"><strong>Du 6 f\u00e9vrier 34 au 6 f\u00e9vrier 2024, pour un mouvement populaire antifasciste<\/strong><\/a> (PEPS)<\/p>\n\n\n\n<p><a><\/a><a href=\"https:\/\/www.lemonde.fr\/idees\/article\/2024\/02\/06\/capital-et-race-histoire-d-une-hydre-moderne-les-destins-lies-de-la-question-raciale-et-du-capitalisme_6215001_3232.html\">\u00ab&nbsp;Capital et race. Histoire d\u2019une hydre moderne&nbsp;\u00bb&nbsp;: les destins li\u00e9s de la question raciale et du capitalisme<\/a> (Le Monde)<\/p>\n\n\n\n<p><strong><a href=\"https:\/\/www.lemonde.fr\/idees\/article\/2024\/02\/06\/l-autrichienne-elfriede-jelinek-prix-nobel-de-litterature-sur-la-montee-de-l-extreme-droite-j-entends-respirer-un-monstre_6214978_3232.html\">L\u2019Autrichienne Elfriede Jelinek, Prix Nobel de litt\u00e9rature, sur la mont\u00e9e de l\u2019extr\u00eame droite&nbsp;: \u00ab&nbsp;J\u2019entends respirer un monstre&nbsp;\u00bb<\/a><\/strong> (Le Monde)<\/p>\n\n\n\n<p><a href=\"https:\/\/www.blast-info.fr\/articles\/2024\/quand-les-agriculteurs-attaquent-letat-et-ses-services-O7GNj1n_TkSJTVIGH7Z74w\" target=\"_blank\" rel=\"noreferrer noopener\">Quand les agriculteurs attaquent l\u2019\u00c9tat et ses services<\/a>&nbsp;(Blast)<\/p>\n\n\n\n<p><a href=\"https:\/\/www.middleeasteye.net\/fr\/opinion-fr\/guerre-gaza-pourquoi-les-etats-unis-refusent-ils-de-tirer-les-lecons-du-passe\"><strong>Gaza<\/strong> : pourquoi les \u00c9tats-Unis refusent-ils de tirer les le\u00e7ons du pass\u00e9 ?<\/a> (MEE)<\/p>\n\n\n\n<p><strong><mark style=\"background-color:rgba(0, 0, 0, 0);color:#ed1010\" class=\"has-inline-color\">5 f\u00e9vrier<\/mark><\/strong><\/p>\n\n\n\n<p><strong>France<\/strong><\/p>\n\n\n\n<p><a href=\"https:\/\/www.frustrationmagazine.fr\/glucksmann\/\" target=\"_blank\" rel=\"noreferrer noopener\">\u00c0 quoi sert Rapha\u00ebl Glucksmann ?<\/a>&nbsp;(Frustration)<\/p>\n\n\n\n<p><a href=\"https:\/\/www.mediapart.fr\/journal\/france\/050224\/emplois-fictifs-du-modem-huit-condamnes-et-bayrou-relaxe\" target=\"_blank\" rel=\"noreferrer noopener\">Emplois fictifs du MoDem : huit condamn\u00e9s et Bayrou relax\u00e9<\/a>&nbsp;(M\u00e9diapart)<\/p>\n\n\n\n<p><a href=\"https:\/\/www.causette.fr\/terre\/regulation-des-suv-a-paris-une-victoire-a-larrachee-pour-la-planete\/\" target=\"_blank\" rel=\"noreferrer noopener\">R\u00e9gulation des SUV \u00e0 Paris : une victoire \u00e0 l&rsquo;arrach\u00e9e pour la plan\u00e8te<\/a>&nbsp;(Causette)<\/p>\n\n\n\n<p><a href=\"https:\/\/orientxxi.info\/magazine\/gaza-serieuses-fritures-sur-la-ligne-au-parti-communiste-francais,7048\" target=\"_blank\" rel=\"noreferrer noopener\">Gaza. S\u00e9rieuses fritures sur la ligne au Parti communiste fran\u00e7ais<\/a>&nbsp;(Orient XXI)<\/p>\n\n\n\n<p><a href=\"https:\/\/api.indigo-net.com\/email\/RedirectionEmailing?mail=n.chevillard@noos.fr&amp;ID=586314&amp;DOCIID=109703480&amp;ENAIID=860277&amp;RETOUR=SIMPLE&amp;link=https:\/\/www.lalettre.fr\/fr\/action-publique_elysee-matignon\/2024\/02\/05\/gabriel-attal-s-attaque-a-la-bureaucratie-avec-une-evaluation-vieille-de-vingt-ans,110155517-art?cxt=PUB&amp;utm_source=LLA&amp;utm_medium=email&amp;utm_campaign=AUTO_EDIT_SOM_PROS\" target=\"_blank\" rel=\"noreferrer noopener\"><strong>Gabriel Attal s&rsquo;attaque \u00e0 la bureaucratie avec une \u00e9valuation vieille de vingt ans<\/strong><\/a>(Lalettre)<\/p>\n\n\n\n<p><a href=\"https:\/\/www.youtube.com\/watch?v=d5OCtQpFiJ4\" target=\"_blank\" rel=\"noreferrer noopener\">Agriculteurs : Attal calme la r\u00e9volte mais s\u00e8me le chaos<\/a>&nbsp;(Regards)<\/p>\n\n\n\n<p><a href=\"https:\/\/www.youtube.com\/watch?v=GfmlsdYK0Wk\" target=\"_blank\" rel=\"noreferrer noopener\">Aur\u00e9lie Trouv\u00e9 (LFI) est l&rsquo;invit\u00e9e d&rsquo;Apolline Matin<\/a>&nbsp;(BFMTV)<\/p>\n\n\n\n<p><strong>Monde<\/strong><\/p>\n\n\n\n<p><a href=\"https:\/\/reporterre.net\/PAC-libre-echange-en-Europe-la-droite-vote-contre-les-paysans?utm_source=newsletter&amp;utm_medium=email&amp;utm_campaign=nl_quotidienne\"><strong>PAC, libre-\u00e9change&nbsp;: en Europe, la droite vote contre les paysans<\/strong><\/a> (Reporterre)<\/p>\n\n\n\n<p><a href=\"https:\/\/www.rfi.fr\/fr\/en-bref\/20240204-la-premi%C3%A8re-ministre-nord-irlandaise-%C3%A9voque-un-r%C3%A9f%C3%A9rendum-sur-l-unification-dans-les-dix-ans\">La Premi\u00e8re ministre <strong>nord-irlandaise<\/strong> \u00e9voque un r\u00e9f\u00e9rendum sur l&rsquo;unification dans les dix ans<\/a>&nbsp;(RFI)<\/p>\n\n\n\n<p><a href=\"https:\/\/www.humanite.fr\/monde\/bande-de-gaza\/guerre-a-gaza-supprimer-le-financement-de-lunrwa-serait-disproportionne-et-dangereux-selon-le-chef-de-la-diplomatie-europeenne\" target=\"_blank\" rel=\"noreferrer noopener\"><strong>Gaza<\/strong> : supprimer le financement de l\u2019Unrwa serait \u2018disproportionn\u00e9 et dangereux\u2019 selon le chef de la diplomatie europ\u00e9enne<\/a>&nbsp;(L\u2019Humanit\u00e9)<\/p>\n\n\n\n<p><a href=\"https:\/\/news-24.fr\/plus-de-800-responsables-aux-etats-unis-et-en-europe-signent-une-lettre-protestant-contre-la-politique-israelienne\">Plus de 800 responsables aux USA et en Europe signent une lettre protestant contre la politique isra\u00e9lienne<\/a>&nbsp;(News24)<\/p>\n\n\n\n<p><a href=\"https:\/\/www.rfi.fr\/fr\/moyen-orient\/20240202-gouvernement-netanyahu-comment-l-extr%C3%AAme-droite-isra%C3%A9lienne-arrive-%C3%A0-imposer-son-agenda?_ope=eyJndWlkIjoiYjFmOWRmZWI3ZTllZGE1NTM1NTJmMGIzNWYwZGIyYjcifQ%3D%3D\">Gouvernement Netanyahu : comment l&rsquo;extr\u00eame droite isra\u00e9lienne arrive \u00e0 imposer son agenda<\/a>&nbsp;(RFI)<\/p>\n\n\n\n<p><a href=\"https:\/\/lvsl.fr\/frappes-americaines-sur-le-yemen-vers-une-nouvelle-guerre-au-moyen-orient\/\" target=\"_blank\" rel=\"noreferrer noopener\">Frappes am\u00e9ricaines sur le <strong>Y\u00e9men<\/strong> : vers une nouvelle guerre au Moyen-Orient ?<\/a>&nbsp;(Le Vent Se L\u00e8ve)<\/p>\n\n\n\n<p><a href=\"https:\/\/www.youtube.com\/watch?v=wBLffyo9APY\" target=\"_blank\" rel=\"noreferrer noopener\"><strong>Argentine<\/strong>&nbsp;: La r\u00e9sistance populaire s&rsquo;organise face \u00e0 Milei<\/a>&nbsp; (Blast)<\/p>\n\n\n\n<p><a href=\"https:\/\/api.indigo-net.com\/email\/RedirectionEmailing?mail=n.chevillard@noos.fr&amp;ID=586311&amp;DOCIID=109703480&amp;ENAIID=860274&amp;RETOUR=SIMPLE&amp;link=https:\/\/www.intelligenceonline.fr\/renseignement-d-etat\/2024\/02\/05\/le-discret-soft-power-suisse-aupres-de-l-opposition-armee-birmane,110152299-art?cxt=PUB&amp;utm_source=LMR&amp;utm_medium=email&amp;utm_campaign=AUTO_EDIT_SOM_PROS\" target=\"_blank\" rel=\"noreferrer noopener\"><strong>Birmanie&nbsp;<\/strong>: le discret soft power suisse aupr\u00e8s de l&rsquo;opposition arm\u00e9e birmane<\/a> (Intelligence Online)<\/p>\n\n\n\n<p><a href=\"https:\/\/www.politis.fr\/articles\/2024\/02\/en-birmanie-la-possibilite-dune-defaite-de-la-junte\/\" target=\"_blank\" rel=\"noreferrer noopener\">En <strong>Birmanie<\/strong>, \u00ab la possibilit\u00e9 d\u2019une d\u00e9faite de la junte \u00bb<\/a>&nbsp; (Politis)<\/p>\n\n\n\n<p><a href=\"https:\/\/www.rfi.fr\/fr\/europe\/20240201-dans-les-ge%C3%B4les-d-azerba%C3%AFdjan-la-torture-continue-la-coop%C3%A9ration-europ%C3%A9enne-aussi\" target=\"_blank\" rel=\"noreferrer noopener\"><strong>Azerba\u00efdjan <\/strong>: la torture continue, la coop\u00e9ration europ\u00e9enne aussi<\/a>&nbsp;(RFI)<\/p>\n\n\n\n<p><a href=\"https:\/\/www.lalibre.be\/international\/europe\/guerre-ukraine-russie\/2024\/02\/03\/guerre-en-ukraine-les-russes-voudraient-ils-ne-jamais-avoir-lance-linvasion-de-lukraine-voici-ce-que-revelent-les-derniers-sondages-DDV3FHFA35DH5B4FBD3TV7IKZU\/\">Les <strong>Russes<\/strong> voudraient-ils ne jamais avoir lanc\u00e9 l\u2019invasion de l\u2019Ukraine ? Les derniers sondages<\/a> (La Libre)<\/p>\n\n\n\n<p><a href=\"https:\/\/www.pressafrik.com\/Le-coup-d-etat-constitutionnel-de-Macky-Sall-Par-Pape-Ale-Niang_a268251.html\"><strong>S\u00e9n\u00e9gal<\/strong> : Le coup d&rsquo;Etat constitutionnel de Macky Sall (par Pape Al\u00e9 Niang)<\/a>&nbsp;(Press Afrik)<\/p>\n\n\n\n<p><a href=\"https:\/\/www.courrierdesbalkans.fr\/Macedoine-du-Nord-l-Eglise-orthodoxe-veut-poursuivre-un-journaliste-devant-les-tribunaux-ecclesiastiques\" target=\"_blank\" rel=\"noreferrer noopener\"><strong>Mac\u00e9doine du Nord<\/strong> : l&rsquo;\u00c9glise orthodoxe veut poursuivre un journaliste devant les tribunaux eccl\u00e9siastiques<\/a>&nbsp;(Le Courrier des Balkans)<\/p>\n\n\n\n<p><strong>Analyse<\/strong><\/p>\n\n\n\n<p><a href=\"https:\/\/redirection.b2b.infopro-digital.com\/lnk\/AWkAADeKaJAAAcXFavIAAHnKuI0AAABZQTkAANzxAAwsSQBlwH0wh6rnN93qRvyg8NC9WqhPowAMCy8\/10\/VgJ6qwIz3cXIleXy9NVt6Q\/aHR0cDovL3d3dy51c2luZS1kaWdpdGFsZS5mci9hcnRpY2xlLzIwLWFucy1kZS1mYWNlYm9vay1jb21tZW50LWxlLXJlc2VhdS1zb2NpYWwtYS1tb2RlbGUtbm9zLXJhcHBvcnRzLWEtbC1pbmZvcm1hdGlvbi1ldC1hLWxhLXBvbGl0aXF1ZS5OMjIwNzU2OD91dG1fc291cmNlPW5ld3NsZXR0ZXImdXRtX21lZGl1bT1lbWFpbCZ1dG1fY2FtcGFpZ249aW5mb191ZC1xdW90aWRpZW5uZSZlbWFpbD0yMDQzMzI4NjUzJmlkYmRkPTU2NTYx\" target=\"_blank\" rel=\"noreferrer noopener\"><strong>20 ans de Facebook : comment le r\u00e9seau social a model\u00e9 nos rapports \u00e0 l&rsquo;information et \u00e0 la politique<\/strong><\/a> (Usine Digitale)<\/p>\n\n\n\n<p><a href=\"https:\/\/www.les-crises.fr\/la-dissidence-juive-sur-la-declaration-balfour\/\"><strong>La dissidence juive sur la d\u00e9claration Balfour<\/strong>&nbsp;<\/a>(Jewish Virtual Library&nbsp;<em>via<\/em>&nbsp;Les Crises)<\/p>\n\n\n\n<p><a href=\"https:\/\/lactualite.us20.list-manage.com\/track\/click?u=26d8bf9748f19c85b7b5355ff&amp;id=c06f51b7c3&amp;e=d1e06bc79a\" target=\"_blank\" rel=\"noreferrer noopener\"><strong>Isra\u00ebl<\/strong> : la col\u00e8re des pacifistes<\/a> (L\u2019actualit\u00e9, Canada)<\/p>\n\n\n\n<p><a href=\"https:\/\/lesakerfrancophone.fr\/ukraine-le-combat-des-chefs-continue\"><strong>Ukraine<\/strong>. Le combat des chefs continue<\/a>&nbsp;(Le saker francophone)<\/p>\n\n\n\n<p><strong><a href=\"https:\/\/lvsl.fr\/la-politique-en-france-reste-un-sport-de-riches-entretien-avec-niels-planel\/\">\u201cLa politique reste un sport de riches\u201d &#8211; Entretien avec Niels Planel<\/a> <\/strong>(LVSL)<\/p>\n\n\n\n<p><strong><mark style=\"background-color:rgba(0, 0, 0, 0);color:#ed1010\" class=\"has-inline-color\">2 et 3 f\u00e9vrier<\/mark><\/strong><\/p>\n\n\n\n<p><strong>France<\/strong><\/p>\n\n\n\n<p><a href=\"https:\/\/t.nl.france3.fr\/r\/?id=h13e035d9,6c6abf86,5fd7ddec&amp;p1=20240202&amp;p2=726375-1613287517-668363dc\"><strong>Plus de barrages en Franche-Comt\u00e9, mais \u201cla r\u00e9mun\u00e9ration du travail paysan\u201d, toujours pas r\u00e9gl\u00e9e<\/strong><\/a> (France 3)<\/p>\n\n\n\n<p><a href=\"https:\/\/www.liberation.fr\/idees-et-debats\/editorial\/attal-et-la-colere-des-agriculteurs-le-prix-eleve-de-lapaisement-20240201_RSOAHOKMSJGCFLMYUG4RI5GLV4\/\">Attal et la col\u00e8re des agriculteurs&nbsp;: le prix \u00e9lev\u00e9 de l\u2019apaisement<\/a><a> (Lib\u00e9ration<\/a>, acc\u00e8s libre)<\/p>\n\n\n\n<p><a href=\"https:\/\/www.liberation.fr\/politique\/benoit-biteau-le-gouvernement-enterre-lambition-de-reduire-lusage-des-pesticides-20240201_EJ5M2NX3QRHX3OAPVEMMEHZFCY\/\">Beno\u00eet Biteau&nbsp;: \u00abLe gouvernement enterre l\u2019ambition de r\u00e9duire l\u2019usage des pesticides\u00bb<\/a> (Lib\u00e9ration )<a href=\"https:\/\/www.liberation.fr\/environnement\/agriculture\/mouvement-des-agriculteurs-la-confederation-paysanne-plie-barrages-a-son-tour-20240203_F376IWH2QRCHDOVTTJYNIK4FYE\/\"><\/a><\/p>\n\n\n\n<p><a href=\"https:\/\/www.liberation.fr\/environnement\/agriculture\/mouvement-des-agriculteurs-la-confederation-paysanne-plie-barrages-a-son-tour-20240203_F376IWH2QRCHDOVTTJYNIK4FYE\/\">Mouvement des agriculteurs&nbsp;: la Conf\u00e9d\u00e9ration paysanne contrainte de plier barrages<\/a> &nbsp;(Lib\u00e9ration, acc\u00e8s libre)<\/p>\n\n\n\n<p><a href=\"https:\/\/vert.eco\/articles\/pesticides-soutien-aux-eleveurs-souverainete-alimentaire-qua-promis-gabriel-attal-pour-calmer-les-agriculteurs\" target=\"_blank\" rel=\"noreferrer noopener\">Pesticides, soutien aux \u00e9leveurs, souverainet\u00e9 alimentaire : qu\u2019a promis Gabriel Attal pour calmer les agriculteurs ?<\/a>&nbsp;(vert.eco)<\/p>\n\n\n\n<p><a href=\"https:\/\/basta.media\/controles-des-agriculteurs-l-office-de-la-biodiversite-bouc-emissaire-du-gouvernement-colere-agricole\" target=\"_blank\" rel=\"noreferrer noopener\"><strong>L&rsquo;Office de la biodiversit\u00e9, \u00ab bouc \u00e9missaire \u00bb du gouvernement<\/strong><\/a> (Basta!)<\/p>\n\n\n\n<p><a href=\"https:\/\/www.alternatives-economiques.fr\/revenu-agriculteurs-france-taper-poing-table-de-lu\/00109580\" target=\"_blank\" rel=\"noreferrer noopener\"><strong>Aur\u00e9lie Trouv\u00e9 : \u00ab Votons la garantie d\u2019un revenu d\u00e9cent pour les agriculteurs \u00bb<\/strong><\/a> (Alter \u00e9co)<\/p>\n\n\n\n<p><a href=\"https:\/\/www.lemonde.fr\/societe\/article\/2024\/02\/01\/loi-immigration-les-senateurs-de-l-union-centriste-proposent-un-nouveau-texte_6214283_3224.html\">Loi \u00ab&nbsp;immigration&nbsp;\u00bb&nbsp;: les s\u00e9nateurs de l\u2019Union centriste proposent un nouveau texte<\/a> (Le Monde)<\/p>\n\n\n\n<p><a href=\"https:\/\/www.lemonde.fr\/international\/article\/2024\/01\/30\/la-france-amorce-une-baisse-drastique-de-ses-effectifs-militaires-dans-ses-bases-d-afrique-de-l-ouest_6213852_3210.html\">La France amorce une baisse drastique de ses effectifs militaires dans ses bases d\u2019Afrique de l\u2019Ouest<\/a> (Le Monde)<\/p>\n\n\n\n<p><a href=\"https:\/\/www.streetpress.com\/sujet\/1706541426-operation-v-mysterieux-mecene-extreme-droite-financer-projets-agressions-violence-Sambuis\" target=\"_blank\" rel=\"noreferrer noopener\">\u00ab Op\u00e9ration V \u00bb : Un myst\u00e9rieux m\u00e9c\u00e8ne d\u2019extr\u00eame droite veut financer des projets d\u2019agressions<\/a>&nbsp;<a>(StreetPress)<\/a><\/p>\n\n\n\n<p><strong>Monde<\/strong><\/p>\n\n\n\n<p><a href=\"https:\/\/www.lemonde.fr\/afrique\/article\/2024\/02\/03\/au-senegal-le-president-macky-sall-annonce-le-report-sine-die-de-l-election-presidentielle_6214594_3212.html\"><strong>Au S\u00e9n\u00e9gal, le pr\u00e9sident, Macky Sall, annonce le report sine die de l\u2019\u00e9lection pr\u00e9sidentielle<\/strong><\/a> (Le Monde)<\/p>\n\n\n\n<p><a href=\"https:\/\/www.lemonde.fr\/m-le-mag\/article\/2024\/02\/02\/a-paris-dans-l-oural-la-guerre-entre-la-russie-et-l-ukraine-en-bruit-de-fond_6214363_4500055.html\">\u00ab&nbsp;Puisqu\u2019il le faut&#8230;&nbsp;\u00bb&nbsp;: dans la <strong>Russie<\/strong> profonde, l\u2019acceptation fataliste de la guerre <\/a>&nbsp;(Le Monde)<\/p>\n\n\n\n<p><a href=\"https:\/\/www.boursorama.com\/actualite-economique\/actualites\/la-syrie-et-l-irak-denoncent-les-frappes-americaines-meurtrieres-sur-leurs-territoires-6936965fae2dd0ca2f7b2e22838c95ea\">La <strong>Syrie <\/strong>et l&rsquo;<strong>Irak<\/strong> d\u00e9noncent les frappes am\u00e9ricaines meurtri\u00e8res sur leurs territoires<\/a> (AFP) &nbsp;&nbsp;<\/p>\n\n\n\n<p><a href=\"https:\/\/www.boursorama.com\/actualite-economique\/actualites\/irlande-du-nord-les-institutions-redemarrent-avec-un-basculement-historique-16997e8c3f41f9d5ed97b93f8cfa9791\"><strong>Irlande du Nord<\/strong> : les institutions red\u00e9marrent avec un basculement historique<\/a> (AFP) &nbsp;&nbsp;<\/p>\n\n\n\n<p><a href=\"https:\/\/www.boursorama.com\/videos\/actualites\/argentine-la-police-fait-face-aux-manifestants-devant-le-parlement-8890d7839dfd5d05c798276bceed99bc\"><strong>Argentine<\/strong> : la police fait face aux manifestants devant le Parlement<\/a> (AFP vid\u00e9o) &nbsp;&nbsp;<\/p>\n\n\n\n<p><a href=\"https:\/\/www.boursorama.com\/videos\/actualites\/des-manifestantes-a-tel-aviv-exigent-un-accord-sur-la-liberation-des-otages-49a05f1bea28e0661913048ddb34dbc4\">Des manifestantes \u00e0 <strong>Tel-Aviv<\/strong> exigent un accord sur la lib\u00e9ration des otages<\/a> (AFP vid\u00e9o) &nbsp;&nbsp;<\/p>\n\n\n\n<p><a href=\"https:\/\/www.boursorama.com\/actualite-economique\/actualites\/guerre-a-gaza-l-armee-israelienne-pilonne-la-ville-de-rafah-surpeuplee-4b53856ca4e88a9e72bdca3f83db9796\">Guerre \u00e0 <strong>Gaza<\/strong> : l&rsquo;arm\u00e9e isra\u00e9lienne pilonne la ville de Rafah surpeupl\u00e9e<\/a> (AFP) &nbsp;&nbsp;<\/p>\n\n\n\n<p><a href=\"https:\/\/www.lemonde.fr\/international\/article\/2024\/02\/02\/dans-la-bande-de-gaza-detruite-le-hamas-perdure-malgre-les-operations-de-l-armee-israelienne_6214358_3210.html\">Dans la bande de <strong>Gaza<\/strong> d\u00e9truite, le Hamas perdure, malgr\u00e9 les op\u00e9rations de l\u2019arm\u00e9e isra\u00e9lienne<\/a> (Le Monde)<\/p>\n\n\n\n<p><a href=\"https:\/\/www.lequotidien-oran.com\/index.php?news=5327342&amp;archive_date=2024-02-01\">Ex\u00e9cut\u00e9s par l&rsquo;arm\u00e9e sioniste dans une \u00e9cole : D\u00e9couverte des corps de 30 martyrs \u00e0 <strong>Ghaza<\/strong><\/a> (Le Quotidien d\u2019Oran)<\/p>\n\n\n\n<p><strong>Analyse<\/strong><\/p>\n\n\n\n<p><a href=\"https:\/\/link.newsletter.franceculture.fr\/m\/ml\/7429\/851577\/wOdgaiPZ_XxT-WCyIhEVM29C5lXTLJmivm821gAfcU8=\/dqATD87O99BYQndZ1o224R0xLiXCAU4IZG1rKBdJ6P0=\/\" target=\"_blank\" rel=\"noreferrer noopener\"><strong>La gauche et les paysans<\/strong><\/a> (France Culture)<\/p>\n\n\n\n<p><a><\/a><a href=\"https:\/\/histoirecoloniale.net\/nejma-brahim-apres-la-loi-immigration-mes-raisons-desperer-malgre-tout\/\" target=\"_blank\" rel=\"noreferrer noopener\">Nejma Brahim : \u00ab&nbsp;Apr\u00e8s la loi immigration, mes raisons d\u2019esp\u00e9rer malgr\u00e9 tout&nbsp;\u00bb<\/a> (Histoire coloniale)<\/p>\n\n\n\n<p><a href=\"https:\/\/algeria-watch.org\/?p=91391\" target=\"_blank\" rel=\"noreferrer noopener\">Gaza : La d\u00e9cision de la CIJ est loin d\u2019\u00eatre \u00e0 la hauteur de la situation <\/a>&nbsp;(Algeria Watch)<\/p>\n\n\n\n<p><a href=\"https:\/\/algeria-watch.org\/?p=91408\">Onze pays alli\u00e9s \u00e0 Isra\u00ebl coupent les vivres aux r\u00e9fugi\u00e9s palestiniens : L\u2019Unrwa, un t\u00e9moin g\u00eanant<\/a> (El Watan)<\/p>\n\n\n\n<p><strong><mark style=\"background-color:rgba(0, 0, 0, 0);color:#ed1010\" class=\"has-inline-color\">1er f\u00e9vrier<\/mark><\/strong><\/p>\n\n\n\n<p><strong>France<\/strong><\/p>\n\n\n\n<p><a href=\"https:\/\/regards.fr\/gabriel-attal-deja-boomer-a-34-ans\/\" target=\"_blank\" rel=\"noreferrer noopener\">Gabriel Attal, d\u00e9j\u00e0 boomer \u00e0 34 ans<\/a> (Regards)<\/p>\n\n\n\n<p><a href=\"https:\/\/reporterre.net\/Virile-anti-ecolo-protectionniste-Que-defend-la-Coordination-rurale\" target=\"_blank\" rel=\"noreferrer noopener\">\u00ab&nbsp;Virile&nbsp;\u00bb, anti-\u00e9colo, protectionniste&#8230; Que d\u00e9fend la Coordination rurale&nbsp;?<\/a>&nbsp;(Reporterre)<\/p>\n\n\n\n<p><a href=\"https:\/\/lepoing.net\/quand-la-fnsea-en-appelle-a-la-repression-du-mouvement-paysan\/\" target=\"_blank\" rel=\"noreferrer noopener\">Quand la FNSEA en appelle \u00e0 la r\u00e9pression\u2026 du mouvement paysan<\/a>&nbsp;(Le Poing)<\/p>\n\n\n\n<p><a href=\"https:\/\/www.lemediatv.fr\/emissions\/2024\/le-pen-tortionnaire-de-la-republique-en-algerie-ce-quon-veut-nous-faire-oublier-fabrice-riceputi-julien-thery-cpEtlqG-QPGIUnQjk_Cbng\" target=\"_blank\" rel=\"noreferrer noopener\">Le Pen tortionnaire de la R\u00e9publique en Alg\u00e9rie : ce qu&rsquo;on veut nous faire oublier <\/a>&nbsp;(Le M\u00e9dia)<a href=\"https:\/\/www.lemonde.fr\/politique\/article\/2024\/02\/01\/fin-de-l-allocation-de-solidarite-specifique-vers-une-fragilisation-des-chomeurs-de-longue-duree_6214246_823448.html\"><\/a><\/p>\n\n\n\n<p><a href=\"https:\/\/www.lemonde.fr\/politique\/article\/2024\/02\/01\/fin-de-l-allocation-de-solidarite-specifique-vers-une-fragilisation-des-chomeurs-de-longue-duree_6214246_823448.html\">Fin de l\u2019allocation de solidarit\u00e9 sp\u00e9cifique&nbsp;: vers une fragilisation des ch\u00f4meurs de longue dur\u00e9e<\/a> (Le Monde)<\/p>\n\n\n\n<p><a href=\"https:\/\/lvsl.fr\/raphael-glucksmann-nouvel-enfant-prodige-de-la-bourgeoisie-de-gauche\/\"><strong>Rapha\u00ebl Glucksmann, nouvel enfant prodige de la bourgeoisie de gauche<\/strong><\/a> (LVSL)<\/p>\n\n\n\n<p><strong>Monde<\/strong><\/p>\n\n\n\n<p><a href=\"https:\/\/orientxxi.info\/magazine\/offensive-contre-gaza-premieres-fractures-en-israel,7037\" target=\"_blank\" rel=\"noreferrer noopener\">Offensive contre Gaza. Premi\u00e8res fractures en Isra\u00ebl<\/a>&nbsp;(Orient XXI)<\/p>\n\n\n\n<p><a><\/a><a href=\"https:\/\/www.humanite.fr\/monde\/guerre-israel-hamas\/parmi-les-morts-jai-apercu-ma-mere-a-gaza-la-vie-des-enfants-brisee-par-la-guerre\" target=\"_blank\" rel=\"noreferrer noopener\">\u00ab&nbsp;Parmi les morts, j&rsquo;ai aper\u00e7u ma m\u00e8re \u00bb&nbsp;: \u00e0 Gaza, la vie des enfants bris\u00e9e par la guerre &#8211; L&rsquo;Humanit\u00e9<\/a>&nbsp;(L\u2019Humanit\u00e9)<\/p>\n\n\n\n<p><a href=\"https:\/\/www.lemonde.fr\/international\/article\/2024\/02\/01\/sols-pollues-armes-au-phosphore-eau-contaminee-a-gaza-la-crise-sanitaire-pourrait-etre-plus-meurtriere-que-les-bombes_6214176_3210.html\"><strong>L\u2019autre menace pour Gaza&nbsp;: sols et air pollu\u00e9s, eau contamin\u00e9e<\/strong><\/a> (Le Monde)<\/p>\n\n\n\n<p><a href=\"https:\/\/lvsl.fr\/le-retour-de-lextreme-droite-allemande\/?utm_source=sendinblue&amp;utm_campaign=Newsletter_Derniers_Articles&amp;utm_medium=email\">Le retour de l\u2019extr\u00eame droite allemande<\/a> (LVSL)<\/p>\n\n\n\n<p><a href=\"https:\/\/redirection.b2b.infopro-digital.com\/lnk\/AV4AADSljVAAAcXFaRAAAHnKuI0AAABZQTkAANzxAAwsSQBlu0Eoc8RcRBR3Q0avc_7tSHAh1gAMCy8\/18\/QKjteBE6ExakziDfzjQWZw\/aHR0cDovL3d3dy51c2luZS1kaWdpdGFsZS5mci9hcnRpY2xlL2xlLXJlbnNlaWduZW1lbnQtbWlsaXRhaXJlLXVrcmFpbmllbi1yZXZlbmRpcXVlLXVuZS1jeWJlcmF0dGFxdWUtY29udHJlLWxlLW1pbmlzdGVyZS1ydXNzZS1kZS1sYS1kZWZlbnNlLk4yMjA3NDI2P3V0bV9zb3VyY2U9bmV3c2xldHRlciZ1dG1fbWVkaXVtPWVtYWlsJnV0bV9jYW1wYWlnbj1pbmZvX3VkLXF1b3RpZGllbm5lJmVtYWlsPTIwNDMzMjg2NTMmaWRiZGQ9NTY1NjE\" target=\"_blank\" rel=\"noreferrer noopener\">Le renseignement militaire ukrainien revendique une cyberattaque contre le minist\u00e8re russe de la D\u00e9fense<\/a><a> (Usine Digitale)<\/a><\/p>\n\n\n\n<p><a href=\"https:\/\/www.politis.fr\/articles\/2024\/01\/gaza-quand-une-information-chasse-lautre\/\"><strong>Gaza&nbsp;: quand une information chasse l\u2019autre<\/strong><\/a><strong>&nbsp;(<\/strong>Politis)<\/p>\n\n\n\n<p><strong>Analyse<\/strong><\/p>\n\n\n\n<p><a href=\"https:\/\/www.blast-info.fr\/articles\/2024\/en-france-et-a-bruxelles-le-double-langage-de-la-fnsea-0ioYVb7hS3eOA9lqfIRysg\" target=\"_blank\" rel=\"noreferrer noopener\"><strong>En France et \u00e0 Bruxelles, le double langage de la FNSEA<\/strong><\/a> (Blast)<a href=\"https:\/\/www.lemonde.fr\/idees\/article\/2024\/02\/01\/les-protestations-des-agriculteurs-ne-relevent-pas-du-desordre-mais-du-rituel_6214168_3232.html\"><\/a><\/p>\n\n\n\n<p><a href=\"https:\/\/www.lemonde.fr\/idees\/article\/2024\/02\/01\/les-protestations-des-agriculteurs-ne-relevent-pas-du-desordre-mais-du-rituel_6214168_3232.html\">\u00ab&nbsp;Les protestations des agriculteurs ne rel\u00e8vent pas du d\u00e9sordre, mais du rituel&nbsp;\u00bb<\/a> (Le Monde)<\/p>\n\n\n\n<p><\/p>\n","protected":false},"excerpt":{"rendered":"<p>27 et 28 f\u00e9vrier France Loi Pacte 2 : d\u00e9molir encore les Prud\u2019hommes (Rapports de Force) Assurance-ch\u00f4mage : Gabriel Attal \u00e0 contretemps (Politis) Salon de l&rsquo;Agriculture : le week-end o\u00f9 Macron s&rsquo;est crash\u00e9 (Le M\u00e9dia) Au Salon de l\u2019agriculture, Fran\u00e7ois Ruffin trouve un \u2018large accord\u2019 avec la Coordination rurale (M\u00e9diapart) R\u00e9volte agricole. Macron fauteur de &#8230; <a title=\"F\u00e9vrier &#8211; Politique\" class=\"read-more\" href=\"https:\/\/www.rdpemancipation.org\/?p=125021\" aria-label=\"En savoir plus sur F\u00e9vrier &#8211; Politique\">Lire la suite<\/a><\/p>\n","protected":false},"author":1,"featured_media":0,"comment_status":"closed","ping_status":"closed","sticky":false,"template":"","format":"standard","meta":{"_lmt_disableupdate":"","_lmt_disable":"","_jetpack_memberships_contains_paid_content":false,"footnotes":""},"categories":[6],"tags":[],"class_list":["post-125021","post","type-post","status-publish","format-standard","hentry","category-politique"],"modified_by":"nch","jetpack_featured_media_url":"","jetpack_sharing_enabled":true,"_links":{"self":[{"href":"https:\/\/www.rdpemancipation.org\/index.php?rest_route=\/wp\/v2\/posts\/125021","targetHints":{"allow":["GET"]}}],"collection":[{"href":"https:\/\/www.rdpemancipation.org\/index.php?rest_route=\/wp\/v2\/posts"}],"about":[{"href":"https:\/\/www.rdpemancipation.org\/index.php?rest_route=\/wp\/v2\/types\/post"}],"author":[{"embeddable":true,"href":"https:\/\/www.rdpemancipation.org\/index.php?rest_route=\/wp\/v2\/users\/1"}],"replies":[{"embeddable":true,"href":"https:\/\/www.rdpemancipation.org\/index.php?rest_route=%2Fwp%2Fv2%2Fcomments&post=125021"}],"version-history":[{"count":53,"href":"https:\/\/www.rdpemancipation.org\/index.php?rest_route=\/wp\/v2\/posts\/125021\/revisions"}],"predecessor-version":[{"id":126121,"href":"https:\/\/www.rdpemancipation.org\/index.php?rest_route=\/wp\/v2\/posts\/125021\/revisions\/126121"}],"wp:attachment":[{"href":"https:\/\/www.rdpemancipation.org\/index.php?rest_route=%2Fwp%2Fv2%2Fmedia&parent=125021"}],"wp:term":[{"taxonomy":"category","embeddable":true,"href":"https:\/\/www.rdpemancipation.org\/index.php?rest_route=%2Fwp%2Fv2%2Fcategories&post=125021"},{"taxonomy":"post_tag","embeddable":true,"href":"https:\/\/www.rdpemancipation.org\/index.php?rest_route=%2Fwp%2Fv2%2Ftags&post=125021"}],"curies":[{"name":"wp","href":"https:\/\/api.w.org\/{rel}","templated":true}]}}