{"id":125019,"date":"2024-02-01T01:36:00","date_gmt":"2024-02-01T00:36:00","guid":{"rendered":"https:\/\/www.rdpemancipation.org\/?p=125019"},"modified":"2024-02-28T20:04:00","modified_gmt":"2024-02-28T19:04:00","slug":"fevrier-economie-3","status":"publish","type":"post","link":"https:\/\/www.rdpemancipation.org\/?p=125019","title":{"rendered":"F\u00e9vrier &#8211; \u00c9conomie"},"content":{"rendered":"\n<p><strong><mark style=\"background-color:rgba(0, 0, 0, 0);color:#ed1010\" class=\"has-inline-color\">27 et 28 f\u00e9vrier<\/mark><\/strong><\/p>\n\n\n\n<p><strong>France<\/strong><\/p>\n\n\n\n<p><a href=\"https:\/\/redirection.b2b.infopro-digital.com\/lnk\/AWcAADqGJF0AAcXFeYAAAHnKuI0AAABZQUUAANzvAAwsSQBl325wYGg8_os4QS65Mqhh2wY_CgAMCy8\/9\/uJ7suKLsw-u0gaF3WN0ndA\/aHR0cDovL3d3dy51c2luZW5vdXZlbGxlLmNvbS9lZGl0b3JpYWwvYXByZXMtbC1lY2hlYy1kZS1sYS12ZW50ZS1kZS10ZWNoLWZvdW5kYXRpb25zLWEtZGFuaWVsLWtyZXRpbnNreS1xdWVsbGVzLW9wdGlvbnMtcG91ci1hdG9zLk4yMjA5MDIzP3V0bV9zb3VyY2U9bmV3c2xldHRlciZ1dG1fbWVkaXVtPWVtYWlsJnV0bV9jYW1wYWlnbj1pbmZvX2xhLXF1b3RpZGllbm5lJmVtYWlsPTIwNDMzMjg2NTMmaWRiZGQ9NTY1NTk\" target=\"_blank\" rel=\"noreferrer noopener\">Apr\u00e8s l\u2019\u00e9chec des n\u00e9gociations avec Daniel Kretinsky, quelles options pour Atos ?<\/a> (Usine Nouvelle)<\/p>\n\n\n\n<p><a href=\"https:\/\/api.indigo-net.com\/email\/RedirectionEmailing?mail=n.chevillard@noos.fr&amp;ID=591567&amp;DOCIID=109703480&amp;ENAIID=865527&amp;RETOUR=SIMPLE&amp;link=https:\/\/www.lalettre.fr\/fr\/entreprises_conseil-et-services\/2024\/02\/27\/atos--le-consortium-astek-chapsvision-revient-a-la-charge,110185120-art?cxt=PUB&amp;utm_source=LLA&amp;utm_medium=email&amp;utm_campaign=AUTO_EDIT_SOM_PROS\" target=\"_blank\" rel=\"noreferrer noopener\">Atos : le consortium Astek-ChapsVision revient \u00e0 la charge<\/a> (La Lettre)<\/p>\n\n\n\n<p><a href=\"https:\/\/blogs.mediapart.fr\/attac\/blog\/270224\/banderole-tax-rich-sur-l-hotel-vuitton-une-enieme-surenchere-repressive\"><strong>Banderole \u00abTax the Rich\u00bb sur l\u2019h\u00f4tel Vuitton : une \u00e9ni\u00e8me surench\u00e8re r\u00e9pressive<\/strong><\/a>\u00a0(Attac)<\/p>\n\n\n\n<p><a href=\"https:\/\/france.attac.org\/actus-et-medias\/salle-de-presse\/article\/action-tax-the-rich-attac-deploie-une-banderole-geante-sur-la-facade-du-futur\">Attac d\u00e9ploie une banderole g\u00e9ante sur la fa\u00e7ade du futur h\u00f4tel LVMH de Bernard Arnault<\/a>\u00a0(Attac)<\/p>\n\n\n\n<figure class=\"wp-block-image size-full is-resized\"><img data-recalc-dims=\"1\" loading=\"lazy\" decoding=\"async\" width=\"433\" height=\"289\" src=\"https:\/\/i0.wp.com\/www.rdpemancipation.org\/wp-content\/uploads\/2024\/02\/image-13.png?resize=433%2C289&#038;ssl=1\" alt=\"\" class=\"wp-image-126127\" style=\"width:347px;height:auto\" srcset=\"https:\/\/i0.wp.com\/www.rdpemancipation.org\/wp-content\/uploads\/2024\/02\/image-13.png?w=433&amp;ssl=1 433w, https:\/\/i0.wp.com\/www.rdpemancipation.org\/wp-content\/uploads\/2024\/02\/image-13.png?resize=300%2C200&amp;ssl=1 300w\" sizes=\"auto, (max-width: 433px) 100vw, 433px\" \/><\/figure>\n\n\n\n<p><a><\/a><a><\/a><a><\/a><a href=\"https:\/\/redirection.b2b.infopro-digital.com\/lnk\/AWEAADepfZUAAcXFeKIAAHnKuI0AAABZQUUAANzvAAwsSQBl3ijFtHVZDyg5ScCV6T-oJSDjnwAMCy8\/4\/jTpvKgRHlNeiEYObq698XQ\/aHR0cDovL3d3dy51c2luZW5vdXZlbGxlLmNvbS9lZGl0b3JpYWwvYXZlYy1sYS1iYWlzc2UtZGVzLXByaXgtZGUtbC1lbGVjdHJpY2l0ZS1sZS1ub3V2ZWF1LWNhZHJlLWRlLXJlZ3VsYXRpb24tcG9zdC1hcmVuaC1kZWphLW9ic29sZXRlLk4yMjA4OTc3P3V0bV9zb3VyY2U9bmV3c2xldHRlciZ1dG1fbWVkaXVtPWVtYWlsJnV0bV9jYW1wYWlnbj1pbmZvX2xhLXF1b3RpZGllbm5lJmVtYWlsPTIwNDMzMjg2NTMmaWRiZGQ9NTY1NTk\" target=\"_blank\" rel=\"noreferrer noopener\">La baisse du prix de l\u2019\u00e9lectricit\u00e9 chahute d\u00e9j\u00e0 le nouveau cadre de r\u00e9gulation post-Arenh<\/a> <a>(Usine Nouvelle)<\/a><\/p>\n\n\n\n<p><a href=\"https:\/\/api.indigo-net.com\/email\/RedirectionEmailing?mail=n.chevillard@noos.fr&amp;ID=591567&amp;DOCIID=109703480&amp;ENAIID=865527&amp;RETOUR=SIMPLE&amp;link=https:\/\/www.lalettre.fr\/fr\/action-publique_lobbying\/2024\/02\/27\/le-cabinet-de-lobbying-atlas-public-affairs-pris-en-flagrant-delit-a-l-assemblee,110185125-eve?cxt=PUB&amp;utm_source=LLA&amp;utm_medium=email&amp;utm_campaign=AUTO_EDIT_SOM_PROS\" target=\"_blank\" rel=\"noreferrer noopener\">Le cabinet de lobbying Atlas Public Affairs pris en flagrant d\u00e9lit \u00e0 l&rsquo;Assembl\u00e9e<\/a> (La Lettre)<\/p>\n\n\n\n<p><a href=\"https:\/\/redirection.b2b.infopro-digital.com\/lnk\/AWcAADqGJF0AAcXFeYAAAHnKuI0AAABZQUUAANzvAAwsSQBl325wYGg8_os4QS65Mqhh2wY_CgAMCy8\/15\/bJpzjsUcz5sBKGdzSzLHZg\/aHR0cDovL3d3dy51c2luZW5vdXZlbGxlLmNvbS9lZGl0b3JpYWwvdW4tcGFubmVhdS1zb2xhaXJlLXBob3RvbmlxdWUtcHJvbWV0LWF1eC1hZ3JpY3VsdGV1cnMtcGx1cy1kLWVuZXJnaWUtZXQtZGUtcmVuZGVtZW50cy5OMjIwOTAwOT91dG1fc291cmNlPW5ld3NsZXR0ZXImdXRtX21lZGl1bT1lbWFpbCZ1dG1fY2FtcGFpZ249aW5mb19sYS1xdW90aWRpZW5uZSZlbWFpbD0yMDQzMzI4NjUzJmlkYmRkPTU2NTU5\" target=\"_blank\" rel=\"noreferrer noopener\">Un panneau solaire photonique promet aux agriculteurs plus d\u2019\u00e9nergie et de rendements<\/a> (Usine Nouvelle)<\/p>\n\n\n\n<p><a href=\"https:\/\/redirection.b2b.infopro-digital.com\/lnk\/AU4AADgAkcgAAcXFd94AAHnKuI0AAABZQTkAANzxAAwsSQBl3YzK-IhCNlt9S_-PIx76NXPaVQAMCy8\/19\/4YBw-W6DMijqwHzyB0kNCw\/aHR0cDovL3d3dy51c2luZS1kaWdpdGFsZS5mci9hcnRpY2xlL2xhLWNhaXNzZS1kLWFsbG9jYXRpb25zLWZhbWlsaWFsZXMtY29uZmlybWUtZmluYWxlbWVudC11bmUtZnVpdGUtZGUtZG9ubmVlcy1wZXJzb25uZWxsZXMuTjIyMDg3NDg_dXRtX3NvdXJjZT1uZXdzbGV0dGVyJnV0bV9tZWRpdW09ZW1haWwmdXRtX2NhbXBhaWduPWluZm9fdWQtcXVvdGlkaWVubmUmZW1haWw9MjA0MzMyODY1MyZpZGJkZD01NjU2MQ\" target=\"_blank\" rel=\"noreferrer noopener\">La Caisse d\u2019allocations familiales confirme finalement une fuite de donn\u00e9es personnelles<\/a> (Usine Digitale)<\/p>\n\n\n\n<p><strong>Monde<\/strong><\/p>\n\n\n\n<p><a href=\"https:\/\/redirection.b2b.infopro-digital.com\/lnk\/AWcAADqGJF0AAcXFeYAAAHnKuI0AAABZQUUAANzvAAwsSQBl325wYGg8_os4QS65Mqhh2wY_CgAMCy8\/12\/zyEACHpmfn-gLam1hcps4w\/aHR0cDovL3d3dy51c2luZW5vdXZlbGxlLmNvbS9lZGl0b3JpYWwvYnJ1eGVsbGVzLW5lLWdvdXRlLXBhcy1hdXgtcHJvcG9zaXRpb25zLWZyYW5jYWlzZXMtZGUtcHJpeC1wbGFuY2hlci1kYW5zLWwtYWdyaWN1bHR1cmUuTjIyMDkwMjQ_dXRtX3NvdXJjZT1uZXdzbGV0dGVyJnV0bV9tZWRpdW09ZW1haWwmdXRtX2NhbXBhaWduPWluZm9fbGEtcXVvdGlkaWVubmUmZW1haWw9MjA0MzMyODY1MyZpZGJkZD01NjU1OQ\" target=\"_blank\" rel=\"noreferrer noopener\">Bruxelles ne go\u00fbte pas aux propositions fran\u00e7aises de \u2018prix plancher\u2019 dans l\u2019agriculture<\/a> (Usine Nouvelle)<\/p>\n\n\n\n<p><a href=\"https:\/\/link.newsletter.franceculture.fr\/m\/ml\/7429\/856648\/iCChJRbYF5Ef0QJhyEWVd29C5lXTLJmivm821gAfcU8=\/hThJ9eOuKaxNzABMe90j+LKNCp3wU-jaCtEEn9L9ltM=\/\" target=\"_blank\" rel=\"noreferrer noopener\">Agriculture et Union europ\u00e9enne&nbsp;: le bonheur est-il dans la PAC&nbsp;?<\/a> (France Culture)<\/p>\n\n\n\n<p><strong><a href=\"https:\/\/blogs.mediapart.fr\/aitec-et-collectif-national-stop-cetamercosur\/blog\/270224\/les-deputes-europeens-vont-ils-ratifier-deux-nouveaux-accords-de\">Les d\u00e9put\u00e9s europ\u00e9ens vont-ils ratifier deux nouveaux accords de libre-\u00e9change en pleine crise agricole ?<\/a><\/strong> (Aitec et collectif national Stop CETA\/Mercosur)<\/p>\n\n\n\n<p><a href=\"http:\/\/www.cepii.fr\/BLOG\/bi\/post.asp?IDcommunique=1019\">UE-Mercosur: \u00ab<\/a><a href=\"http:\/\/www.cepii.fr\/BLOG\/bi\/post.asp?IDcommunique=1019\"><em>Cet accord risque de fragiliser un peu plus des fili\u00e8res, comme celles des ovins et des bovins<\/em><\/a><a href=\"http:\/\/www.cepii.fr\/BLOG\/bi\/post.asp?IDcommunique=1019\">\u00bb<\/a>&nbsp;(Cepii)<\/p>\n\n\n\n<p><a href=\"https:\/\/redirection.b2b.infopro-digital.com\/lnk\/AVMAADhag1sAAcXFeMwAAHnKuI0AAABZQTkAANzxAAwsSQBl3tEzQhrmghrSTSO6rgJFFLMA7gAMCy8\/13\/PIWKx-EzZxijAykJv_bRpA\/aHR0cDovL3d3dy51c2luZS1kaWdpdGFsZS5mci9hcnRpY2xlL2FwcGxlLWNhci10aW0tY29vay1hYmFuZG9ubmUtc29uLXByb2pldC1kZS12b2l0dXJlLWVsZWN0cmlxdWUtZXQtYXV0b25vbWUuTjIyMDkwMTA_dXRtX3NvdXJjZT1uZXdzbGV0dGVyJnV0bV9tZWRpdW09ZW1haWwmdXRtX2NhbXBhaWduPWluZm9fdWQtcXVvdGlkaWVubmUmZW1haWw9MjA0MzMyODY1MyZpZGJkZD01NjU2MQ\" target=\"_blank\" rel=\"noreferrer noopener\">Apple Car : Tim Cook abandonne son projet de voiture \u00e9lectrique et autonome<\/a> (Usine Digitale)<\/p>\n\n\n\n<p><strong>Analyse<\/strong><\/p>\n\n\n\n<p><a href=\"https:\/\/www.xerficanal.com\/economie\/emission\/Olivier-Passet-Croissance-americaine-l-abus-de-l-avantage-exorbitant-du-dollar-_3752552.html?utm_source=sendinblue&amp;utm_campaign=&amp;utm_medium=email\">Croissance am\u00e9ricaine : l&rsquo;abus de l&rsquo;avantage exorbitant du dollar ?<\/a>&nbsp;(Xerfi Canal)<\/p>\n\n\n\n<p><a href=\"https:\/\/www.alternatives-economiques.fr\/linflation-une-bombe-sociale-a-retardement\/00109692\" target=\"_blank\" rel=\"noreferrer noopener\"><strong>L&rsquo;inflation, une bombe sociale \u00e0 retardement<\/strong><\/a>(Alter \u00e9co)<\/p>\n\n\n\n<p><strong><a href=\"https:\/\/assafirarabi.com\/fr\/58354\/2024\/02\/25\/quels-changements-dans-le-capitalisme-dominant\/\">Quels changements dans le capitalisme dominant&nbsp;?<\/a> <\/strong>-Omar Benderra (Assafir Al Arabi)<\/p>\n\n\n\n<p><\/p>\n\n\n\n<p><strong><mark style=\"background-color:rgba(0, 0, 0, 0);color:#ed1010\" class=\"has-inline-color\">26 f\u00e9vrier<\/mark><\/strong><\/p>\n\n\n\n<p><strong>France<a><\/a><a><\/a><a><\/a><\/strong><\/p>\n\n\n\n<p><a href=\"https:\/\/www.alternatives-economiques.fr\/accords-de-libre-echange-importent-une-partie-de-crise-agricole\/00109649?utm_source=emailing&amp;utm_medium=email&amp;utm_content=26022024&amp;utm_campaign=quotidien\"><strong>Les accords de libre-\u00e9change importent une partie de la crise agricole<\/strong><\/a> (Alter \u00e9co)<\/p>\n\n\n\n<p><strong><a href=\"https:\/\/basta.media\/Ultra-ecologie-enquete-lobbyiste-rois-agroindustrie-Herve-Le-Prince-Les-Zhomnivores\" target=\"_blank\" rel=\"noreferrer noopener\">Il s&rsquo;en prend \u00e0 l&rsquo;ultra-\u00e9cologie : enqu\u00eate sur le lobbyiste des g\u00e9ants de l&rsquo;agro-industrie<\/a>&nbsp;<\/strong>(Basta!)<\/p>\n\n\n\n<p><a href=\"https:\/\/www.alternatives-economiques.fr\/aides-aux-entreprises-grand-bazar-collectivites-locales\/00109858\" target=\"_blank\" rel=\"noreferrer noopener\">Aides aux entreprises : le grand bazar dans les collectivit\u00e9s locales<\/a>&nbsp;(Alter \u00e9co)<\/p>\n\n\n\n<p><a href=\"https:\/\/reporterre.net\/Toujours-plus-industrielle-l-agriculture-francaise-coincee-dans-l-impasse\" target=\"_blank\" rel=\"noreferrer noopener\">Toujours plus industrielle, l&rsquo;agriculture fran\u00e7aise s&rsquo;enferme dans l&rsquo;impasse<\/a>&nbsp;(Alter \u00e9co)<\/p>\n\n\n\n<p><a href=\"https:\/\/www.humanite.fr\/social-et-economie\/cgt\/industrie-lavenir-de-valdunes-sur-de-bons-rails\" target=\"_blank\" rel=\"noreferrer noopener\">Industrie : l\u2019avenir de Valdunes sur de bons rails<\/a>&nbsp;(L\u2019Humanit\u00e9)<\/p>\n\n\n\n<p><a href=\"https:\/\/www.mediapart.fr\/journal\/economie-et-social\/250224\/le-leader-francais-de-la-protection-sociale-menace-de-privatisation\" target=\"_blank\" rel=\"noreferrer noopener\"><strong>Le leader fran\u00e7ais de la protection sociale menac\u00e9 de privatisation<\/strong><\/a>&nbsp; -Martine Orange (M\u00e9diapart)<\/p>\n\n\n\n<p><a href=\"https:\/\/www.novethic.fr\/environnement\/biodiversite\/salon-de-lagriculture-un-miroir-deforme-du-monde-agricole-francais?utm_source=mailpoet&amp;utm_medium=email&amp;utm_campaign=salon-de-lagriculture-indice-durabilite-villas-suspendues-le-recap-du-23-fevrier-178\">Salon de l\u2019Agriculture : un miroir d\u00e9form\u00e9 du monde agricole fran\u00e7ais<\/a>&nbsp;(Novethic)<\/p>\n\n\n\n<p><a href=\"https:\/\/www.youtube.com\/watch?v=BckWEjanTl4\" target=\"_blank\" rel=\"noreferrer noopener\">10 MILLIARDS de coupes budg\u00e9taires sans vote du Parlement !<\/a>&nbsp;(Ostpolitik)<\/p>\n\n\n\n<p><a href=\"https:\/\/www.xerficanal.com\/economie\/emission\/Olivier-Passet-France-de-la-politique-de-l-offre-a-la-perte-de-productivite-_3752544.html?utm_source=sendinblue&amp;utm_campaign=XC230224&amp;utm_medium=email\">France : de la politique de l&rsquo;offre \u00e0 la perte de productivit\u00e9<\/a>&nbsp;(Xerfi Canal)<\/p>\n\n\n\n<p><a href=\"https:\/\/www.economiematin.fr\/crise-immobilier-baisse-record-permis-construire\">Crise immobili\u00e8re&nbsp;: baisse record des permis de construire<\/a>&nbsp;(Economie matin)<\/p>\n\n\n\n<p><strong>Monde<\/strong><\/p>\n\n\n\n<p><a href=\"https:\/\/disclose.ngo\/fr\/article\/au-bresil-le-principal-fournisseur-dikea-accuse-datteintes-a-lenvironnement\" target=\"_blank\" rel=\"noreferrer noopener\"><strong>Au Br\u00e9sil, le principal fournisseur d\u2019Ikea accus\u00e9 d\u2019atteintes \u00e0 l\u2019environnement<\/strong><\/a>(Disclose)<\/p>\n\n\n\n<p><a href=\"https:\/\/www.alternatives-economiques.fr\/jean-joseph-boillot\/nouvelle-donne-emergents\/00109719\" target=\"_blank\" rel=\"noreferrer noopener\">La nouvelle donne des \u00e9mergents<\/a>&nbsp;(Alter \u00e9co)<\/p>\n\n\n\n<p><a href=\"https:\/\/www.mediapart.fr\/journal\/economie-et-social\/240224\/l-industrie-allemande-en-plein-marasme-existentiel\" target=\"_blank\" rel=\"noreferrer noopener\"><strong>L\u2019industrie allemande en plein marasme existentiel<\/strong><\/a>(M\u00e9diapart)<\/p>\n\n\n\n<p><a href=\"https:\/\/www.alimenterre.org\/l-etat-de-la-securite-alimentaire-dans-le-monde-rapport-2023\">L\u2019\u00e9tat de la s\u00e9curit\u00e9 alimentaire dans le monde \u2013 rapport 2023<\/a>&nbsp;(Alimenterre)<\/p>\n\n\n\n<p><a href=\"https:\/\/www.aljazeera.com\/news\/2024\/2\/24\/how-israels-war-on-gaza-is-bleeding-egypts-economy\"><strong>Egypte<\/strong>.&nbsp;<\/a><a href=\"https:\/\/www.aljazeera.com\/news\/2024\/2\/24\/how-israels-war-on-gaza-is-bleeding-egypts-economy\">How Israel\u2019s war on Gaza is bleeding Egypt\u2019s economy<\/a>&nbsp;(Al Jazeera)<\/p>\n\n\n\n<p><a href=\"https:\/\/brunobertez.com\/2024\/02\/21\/israel-le-talon-dachille-de-lelectricite\/\"><strong>Isra\u00ebl <\/strong>: le talon d\u2019Achille de l\u2019\u00e9lectricit\u00e9<\/a>&nbsp; (Bruno Bertez)<\/p>\n\n\n\n<p><a href=\"https:\/\/siecledigital.fr\/2024\/02\/20\/lallemagne-investit-abondamment-en-chine-malgre-le-contexte-geopolitique\/\">M<\/a><a href=\"https:\/\/siecledigital.fr\/2024\/02\/20\/lallemagne-investit-abondamment-en-chine-malgre-le-contexte-geopolitique\/\">algr\u00e9 le contexte g\u00e9opolitique, l\u2019<strong>Allemagne<\/strong> n\u2019a jamais autant investi en <strong>Chine<\/strong><\/a>&nbsp;(Si\u00e8cle digital)<\/p>\n\n\n\n<p><a href=\"https:\/\/brunobertez.com\/2024\/02\/22\/pourquoi-la-fed-se-retrouve-desormais-sur-une-trajectoire-de-collision-avec-les-elections-de-2024\/\"><strong>USA.<\/strong> Pourquoi la Fed se retrouve d\u00e9sormais sur une trajectoire de collision avec les \u00e9lections de 2024<\/a>&nbsp;(Bruno Bertez)<\/p>\n\n\n\n<p><strong>Analyse<\/strong><\/p>\n\n\n\n<p><strong><a href=\"https:\/\/www.les-crises.fr\/les-dirigeants-de-l-union-europeenne-sont-accros-a-l-austerite-budgetaire\/\">Les dirigeants de l\u2019UE sont accros \u00e0 l\u2019aust\u00e9rit\u00e9 budg\u00e9taire<\/a>&nbsp;<\/strong>(Les Crises)<\/p>\n\n\n\n<p><a href=\"https:\/\/lundi.am\/Qu-est-ce-que-l-economie-6027\" target=\"_blank\" rel=\"noreferrer noopener\">Qu\u2019est-ce que l\u2019\u00e9conomie&nbsp;?<\/a> (Lundimatin)<\/p>\n\n\n\n<p><a href=\"https:\/\/www.alternatives-economiques.fr\/robert-boyer\/revolte-paysanne-cache-une-grande-crise-regime-socio-economique\/00109602\" target=\"_blank\" rel=\"noreferrer noopener\">La r\u00e9volte paysanne cache une grande crise du r\u00e9gime socio-\u00e9conomique<\/a>&nbsp;(Alter \u00e9co)<\/p>\n\n\n\n<p><a href=\"https:\/\/www.youtube.com\/watch?v=MZf7dzLP3Sw\" target=\"_blank\" rel=\"noreferrer noopener\">Qui sont les riches et que veulent-ils ? &#8211; Monique Pin\u00e7on-Charlot<\/a>&nbsp;(Elucid)<\/p>\n\n\n\n<p><a href=\"https:\/\/collectifnourrir.fr\/basta-les-profiteurs-de-la-pac\/\">L<\/a><a href=\"https:\/\/collectifnourrir.fr\/basta-les-profiteurs-de-la-pac\/\">es profiteurs de la&nbsp;PAC&nbsp;!<\/a>&nbsp;(Collectif Nourrir&nbsp;: 6 articles)<\/p>\n\n\n\n<p><a href=\"https:\/\/basta.media\/trois-petites-fermes-valent-mieux-qu-une-grande-des-paysans-montrent-la-voie\">\u00ab&nbsp;Trois petites fermes valent mieux qu\u2019une grande&nbsp;\u00bb&nbsp;: des paysans montrent la voie<\/a>&nbsp;(Basta!)<\/p>\n\n\n\n<p><strong><mark style=\"background-color:rgba(0, 0, 0, 0);color:#ed1010\" class=\"has-inline-color\">24 f\u00e9vrier<\/mark><\/strong><\/p>\n\n\n\n<p><strong>France<a><\/a><a><\/a><a><\/a><\/strong><\/p>\n\n\n\n<p><a href=\"https:\/\/www.liberation.fr\/environnement\/agriculture\/en-direct-emmanuel-macron-attendu-ce-samedi-au-salon-de-lagriculture-20240224_LFAXES7H2VF6PPW7RQZQYKWT7E\/\"><strong>EN DIRECT &#8211; Salon de l\u2019Agriculture&nbsp;: apr\u00e8s une inauguration sous les hu\u00e9es, Macron d\u00e9ambule sous tr\u00e8s bonne garde<\/strong><\/a><strong> (<\/strong>Lib\u00e9ration en acc\u00e8s libre)<\/p>\n\n\n\n<p><a href=\"https:\/\/www.alternatives-economiques.fr\/salon-de-lagriculture-tension-monte-limpasse-demeure\/00109771?utm_source=emailing&amp;utm_medium=email&amp;utm_content=23022024&amp;utm_campaign=quotidien\">Salon de l\u2019agriculture&nbsp;: la tension monte, l\u2019impasse demeure<\/a> (Alter \u00e9co)<\/p>\n\n\n\n<p><a href=\"https:\/\/www.politis.fr\/articles\/2024\/02\/salon-agriculture-main-dans-la-main-le-gouvernement-et-la-fnsea-tapent-encore-sur-les-plus-precaires\/\" target=\"_blank\" rel=\"noreferrer noopener\">Main dans la main, le gouvernement et la FNSEA tapent encore sur les plus pr\u00e9caires<\/a>&nbsp;(Politis)<\/p>\n\n\n\n<p><a href=\"https:\/\/www.revue-ballast.fr\/tanguy-martin-la-fnsea-entretient-la-fiction-dun-monde-agricole-uniforme\/\" target=\"_blank\" rel=\"noreferrer noopener\">Tanguy Martin : \u00ab La FNSEA entretient la fiction d\u2019un monde agricole uniforme \u00bb<\/a>&nbsp;(Ballast)<\/p>\n\n\n\n<p><a href=\"https:\/\/www.confederationpaysanne.fr\/rp_article.php?id=14223\" target=\"_blank\" rel=\"noreferrer noopener\">Emmanuel Macron doit r\u00e9pondre aux probl\u00e8mes de fond, pas faire de la com&rsquo; sur le dos des paysan\u00b7nes !<\/a>&nbsp;(Conf\u00e9d\u00e9ration Paysanne)<\/p>\n\n\n\n<p><strong>Monde<\/strong><\/p>\n\n\n\n<p><a href=\"https:\/\/www.rfi.fr\/fr\/afrique\/20240224-une-ong-pointe-les-d%C3%A9boires-de-la-major-p%C3%A9troli%C3%A8re-eni-dans-ses-projets-de-biocarburants-en-afrique\">Une ONG pointe les d\u00e9boires de la major p\u00e9troli\u00e8re ENI dans ses projets de biocarburants en Afrique<\/a> (RFI)<\/p>\n\n\n\n<p><a href=\"https:\/\/www.lexpress.fr\/monde\/europe\/sanctions-contournees-les-etats-unis-sattaquent-a-la-flotte-fantome-russe-OZ734J3XLRD55M6XLU3IODNL5I\/\">Sanctions contourn\u00e9es : les Etats-Unis s&rsquo;attaquent \u00e0 la \u00ab\u00a0flotte fant\u00f4me\u00a0\u00bb russe<\/a> (L\u2019Express)<\/p>\n\n\n\n<p><a href=\"https:\/\/www.blast-info.fr\/emissions\/2024\/agriculture-poussee-de-colere-dun-monde-en-crise-g2LCsX0CTae3-S5ruZ5Ltw\" target=\"_blank\" rel=\"noreferrer noopener\"><strong>Agriculture : pouss\u00e9e de col\u00e8re d&rsquo;un monde en crise<\/strong><\/a>&nbsp;(Blast)<\/p>\n\n\n\n<p><a href=\"https:\/\/disclose.ngo\/fr\/article\/ikea-le-seigneur-des-forets\"><strong>Ikea, le seigneur des for\u00eats : documentaire en acc\u00e8s libre<\/strong><\/a> (Disclose)<\/p>\n\n\n\n<p><a href=\"https:\/\/redirection.b2b.infopro-digital.com\/lnk\/AWUAADjPl9MAAcXFdv4AAHnKuI0AAABZQTkAANzrAAwsSQBl2ZOE7tD-y4SmQ4qDMZiqUe2i2gAMCy8\/14\/CbxLw2oq7FE-eD2i1dNfMw\/aHR0cDovL3d3dy51c2luZS1kaWdpdGFsZS5mci9hcnRpY2xlL3N1aXRlLWEtbGEtcGxhaW50ZS1hbnRpdHJ1c3QtZGUtc3BvdGlmeS1hcHBsZS1wb3VycmFpdC1zZS12b2lyLWluZmxpZ2VyLXVuZS1hbWVuZGUtZGUtNTAwLW1pbGxpb25zLWQtZXVyb3MuTjIyMDg0MzM_dXRtX3NvdXJjZT1uZXdzbGV0dGVyJnV0bV9tZWRpdW09ZW1haWwmdXRtX2NhbXBhaWduPWluZm9fdWQtd2Vlay1lbmQmZW1haWw9MjA0MzMyODY1MyZpZGJkZD01NjU1NQ\" target=\"_blank\" rel=\"noreferrer noopener\">Antitrust : Apple pourrait se voir infliger une amende de 500 millions d&rsquo;euros<\/a> (Usine digitale)<\/p>\n\n\n\n<p><strong><mark style=\"background-color:rgba(0, 0, 0, 0);color:#ed1010\" class=\"has-inline-color\">23 f\u00e9vrier<\/mark><\/strong><\/p>\n\n\n\n<p><strong>France<a><\/a><a><\/a><a><\/a><\/strong><\/p>\n\n\n\n<p><a href=\"https:\/\/disclose.ngo\/fr\/article\/malgre-leurs-engagements-climatiques-les-assureurs-axa-et-scor-soutiennent-le-gaz-de-schiste-americain\"><strong>Malgr\u00e9 leurs engagements climatiques, les assureurs Axa et Scor soutiennent le gaz de schiste am\u00e9ricain<\/strong><\/a> (Disclose)<\/p>\n\n\n\n<p><a href=\"https:\/\/redirection.b2b.infopro-digital.com\/lnk\/AXEAADlgiokAAcXFdMAAAHnKuI0AAABZQUUAANzvAAwsSQBl1OuXpMuZuKwsQkeSAAEcW8MgvgAMCy8\/4\/QaWwRskpjdbZdeZhr9JTcg\/aHR0cDovL3d3dy51c2luZW5vdXZlbGxlLmNvbS9hcnRpY2xlL2VkZi1yZXRhcmRlLWxhLWZpbmFsaXNhdGlvbi1kZXMtcGxhbnMtZGUtc29uLWVwcjIuTjIyMDg0ODU_dXRtX3NvdXJjZT1uZXdzbGV0dGVyJnV0bV9tZWRpdW09ZW1haWwmdXRtX2NhbXBhaWduPWluZm9fbGEtcXVvdGlkaWVubmUmZW1haWw9MjA0MzMyODY1MyZpZGJkZD01NjU1OQ\" target=\"_blank\" rel=\"noreferrer noopener\">EDF est en retard, les plans de conception du futur r\u00e9acteur EPR 2 attendus mi-2024<\/a> (Usine Nouvelle)<\/p>\n\n\n\n<p><a href=\"https:\/\/www.monde-diplomatique.fr\/cartes\/medicaments-france\" target=\"_blank\" rel=\"noreferrer noopener\">M\u00e9dicaments en France : production, p\u00e9nuries, exportations<\/a>&nbsp;(Le Monde diplomatique)<\/p>\n\n\n\n<p><a href=\"https:\/\/rapportsdeforce.fr\/classes-en-lutte\/10-milliards-deuros-dausterite-et-une-saignee-sur-lemploi-public-022220541\" target=\"_blank\" rel=\"noreferrer noopener\">10 milliards d\u2019euros d\u2019aust\u00e9rit\u00e9 et une saign\u00e9e sur l\u2019emploi public<\/a>&nbsp;(Rapports de Force)<\/p>\n\n\n\n<p><a href=\"https:\/\/www.alternatives-economiques.fr\/10-milliards-de-coupes-budgetaires-anti-ecologiques-antis\/00109789\" target=\"_blank\" rel=\"noreferrer noopener\">Pourquoi les 10 milliards de coupes budg\u00e9taires sont anti-\u00e9cologiques et antisociales<\/a>&nbsp;(Alter \u00e9co)<\/p>\n\n\n\n<p><a href=\"https:\/\/www.alternatives-economiques.fr\/letat-francais-nest-un-mammouth-administratif-3-autres-infographie\/00109777\" target=\"_blank\" rel=\"noreferrer noopener\">L\u2019Etat fran\u00e7ais n\u2019est pas un mammouth administratif et 3 autres infographies <\/a>&nbsp;(Alter \u00e9co)<\/p>\n\n\n\n<p><a href=\"https:\/\/www.mediapart.fr\/journal\/economie-et-social\/220224\/montagne-d-or-en-guyane-la-justice-tire-un-trait-sur-le-renouvellement-des-concessions\">Montagne d\u2019or en Guyane&nbsp;: la justice tire un trait sur le renouvellement des concessions<\/a> (M\u00e9diapart)<\/p>\n\n\n\n<p><a href=\"https:\/\/lvsl.fr\/rachat-des-turbines-arabelle-la-soumission-francaise-aux-etats-unis-continue\/\" target=\"_blank\" rel=\"noreferrer noopener\">Rachat des turbines Arabelle : la soumission fran\u00e7aise aux \u00c9tats-Unis continue<\/a>&nbsp;(LVSL)<\/p>\n\n\n\n<p><a href=\"https:\/\/lvsl.fr\/le-paradoxe-ecologique-des-grands-projets-ferroviaires\/?utm_source=sendinblue&amp;utm_campaign=Newsletter_Derniers_Articles&amp;utm_medium=email\"><strong>Le paradoxe \u00e9cologique des grands projets ferroviaires<\/strong><\/a> (LVSL)<\/p>\n\n\n\n<p><strong>Monde<\/strong><\/p>\n\n\n\n<p><a href=\"https:\/\/www.alternatives-economiques.fr\/entre-nucleaire-europeen-russie-atomes-restent-crochus\/00109673\" target=\"_blank\" rel=\"noreferrer noopener\">Entre le nucl\u00e9aire europ\u00e9en et la Russie, les atomes restent crochus<\/a>&nbsp;(Alter \u00e9co)<\/p>\n\n\n\n<p><a href=\"https:\/\/www.alternatives-economiques.fr\/etats-dafrique-veulent-une-plus-grande-part-de-rente-miniere\/00109614\" target=\"_blank\" rel=\"noreferrer noopener\">Les Etats d\u2019Afrique veulent une plus grande part de la rente mini\u00e8re<\/a>&nbsp;(Alter \u00e9co)<\/p>\n\n\n\n<p><a href=\"https:\/\/basta.media\/Senegal-Macky-Sall-meme-quand-vous-avez-alternance-programme-est-defini-avec-FMI\" target=\"_blank\" rel=\"noreferrer noopener\">\u00ab M\u00eame quand vous avez une alternance au S\u00e9n\u00e9gal, le programme est d\u00e9fini avec le FMI \u00bb<\/a> (Basta!)<\/p>\n\n\n\n<p><a href=\"https:\/\/www.alternatives-economiques.fr\/tournant-occidental-de-leconomie-ukrainienne\/00109773\" target=\"_blank\" rel=\"noreferrer noopener\"><strong>Le tournant occidental de l\u2019\u00e9conomie ukrainienne<\/strong><\/a> (Alter \u00e9co)<\/p>\n\n\n\n<p><a href=\"https:\/\/redirection.b2b.infopro-digital.com\/lnk\/AVsAADcrGzkAAcXFdWAAAHnKuI0AAABZQUUAANzvAAwsSQBl1j6cqBGHB-S9SFyUaMBYYOCiIwAMCy8\/4\/5HPpYCz6Ha5vs37Z3n7zRw\/aHR0cDovL3d3dy51c2luZW5vdXZlbGxlLmNvbS9lZGl0b3JpYWwvcG91cnF1b2ktbC1ldXJvcGUtZXN0LXByaXNlLWRhbnMtdW5lLWNvdXJzZS1hdXgtc3VidmVudGlvbnMtcHVibGlxdWVzLXBvdXItY3JlZXItc2Etc291dmVyYWluZXRlLWluZHVzdHJpZWxsZS5OMjIwODUxNz91dG1fc291cmNlPW5ld3NsZXR0ZXImdXRtX21lZGl1bT1lbWFpbCZ1dG1fY2FtcGFpZ249aW5mb19sYS1xdW90aWRpZW5uZSZlbWFpbD0yMDQzMzI4NjUzJmlkYmRkPTU2NTU5\" target=\"_blank\" rel=\"noreferrer noopener\">La course aux subventions publiques de l&rsquo;Europe pour attirer des m\u00e9ga-usines<\/a> (Usine Nouvelle)<\/p>\n\n\n\n<p><a href=\"https:\/\/cqfd-journal.org\/Gaza-L-heure-de-gloire-de-l\" target=\"_blank\" rel=\"noreferrer noopener\">Gaza&nbsp;: \u00ab&nbsp;L&rsquo;heure de gloire de&nbsp;l&rsquo;industrie de&nbsp;la&nbsp;d\u00e9fense&nbsp;\u00bb<\/a>&nbsp;(CQFD)<\/p>\n\n\n\n<p><strong>Analyse<\/strong><\/p>\n\n\n\n<p><a href=\"https:\/\/multinationales.org\/fr\/actualites\/l-observatoire-des-multinationales-propose-une-nouvelle-serie-de-formations\" target=\"_blank\" rel=\"noreferrer noopener\">L&rsquo;Observatoire des multinationales propose une nouvelle s\u00e9rie de formations<\/a>&nbsp;(Observatoire des multinationales)<\/p>\n\n\n\n<p><strong><mark style=\"background-color:rgba(0, 0, 0, 0);color:#ed1010\" class=\"has-inline-color\">22 f\u00e9vrier<\/mark><\/strong><\/p>\n\n\n\n<p><strong>France<a><\/a><a><\/a><a><\/a><\/strong><\/p>\n\n\n\n<p><a href=\"https:\/\/www.boursorama.com\/actualite-economique\/actualites\/france-le-climat-des-affaires-se-degrade-legerement-en-fevrier-insee-5fda9f087b0d614787a84fed11105a7f\">Le climat des affaires se d\u00e9grade l\u00e9g\u00e8rement en f\u00e9vrier (Insee)<\/a> (Boursorama)&nbsp;&nbsp;<\/p>\n\n\n\n<p><a href=\"https:\/\/www.boursorama.com\/actualite-economique\/actualites\/sncf-farandou-annonce-des-resultats-2023-en-baisse-8d31d1ad7fa512b4fb2be80a73f4e1ed\">SNCF: Farandou annonce des r\u00e9sultats 2023 en baisse<\/a> (Boursorama)&nbsp;&nbsp;<\/p>\n\n\n\n<p><a href=\"https:\/\/blogs.mediapart.fr\/attac\/blog\/200224\/10-milliards-deconomies-supplementaires-lausterite-en-marche\"><strong>10 milliards d&rsquo;\u00e9conomies suppl\u00e9mentaires : l&rsquo;aust\u00e9rit\u00e9 en marche<\/strong><\/a> (Blog de Attac)<\/p>\n\n\n\n<p><a href=\"https:\/\/www.boursorama.com\/videos\/actualites\/des-agriculteurs-envahissent-le-siege-de-lactalis-a-laval-974c495651bda1698887e05cfbb6d2c4\">Des agriculteurs envahissent le si\u00e8ge de Lactalis \u00e0 Laval<\/a> (AFP vid\u00e9o) &nbsp;&nbsp;<\/p>\n\n\n\n<p><strong>Monde<\/strong><\/p>\n\n\n\n<p><a href=\"https:\/\/www.boursorama.com\/actualite-economique\/actualites\/usa-l-inflation-poursuit-sa-baisse-prononcee-jefferson-fed-527af451e80a1e7b0f035e0663800535\">USA-L&rsquo;inflation poursuit sa baisse \u00ab\u00a0prononc\u00e9e\u00a0\u00bb &#8211; Jefferson (Fed)<\/a> (Reuters)<\/p>\n\n\n\n<p><a href=\"https:\/\/www.boursorama.com\/actualite-economique\/actualites\/nouvelle-greve-annoncee-dans-les-transports-publics-allemands-b44f31d103f1c3a0fc01a47089a7aeb6\">Nouvelle gr\u00e8ve annonc\u00e9e dans les transports publics allemands<\/a> (Reuters)<\/p>\n\n\n\n<p><a href=\"https:\/\/www.boursorama.com\/actualite-economique\/actualites\/la-bce-annonce-une-perte-record-pour-2023-avec-les-hausses-de-taux-b3d1b3b2d347d891ff9c403beb64c052\">La BCE annonce une perte record pour 2023 avec les hausses de taux<\/a> (Reuters)<\/p>\n\n\n\n<p><a href=\"https:\/\/www.boursorama.com\/actualite-economique\/actualites\/zone-euro-l-inflation-confirmee-a-2-8-sur-un-an-en-janvier-d1c2341e6911e9a323627d473a80073a\">Zone euro : L&rsquo;inflation confirm\u00e9e \u00e0 2,8% sur un an en janvier<\/a> (Reuters)<\/p>\n\n\n\n<p><a href=\"https:\/\/www.boursorama.com\/videos\/actualites\/israel-face-au-manque-de-main-d-oeuvre-l-etat-hebreu-fait-venir-des-travailleurs-indiens-e7dbf7706682a1b6dd65c1dc2cd810c1\"><strong>Isra\u00ebl<\/strong> : face au manque de main d&rsquo;oeuvre, l&rsquo;Etat h\u00e9breu fait venir des travailleurs indiens<\/a> (France 24)<\/p>\n\n\n\n<p><a href=\"https:\/\/www.rfi.fr\/fr\/podcasts\/aujourd-hui-l-%C3%A9conomie\/20240220-la-guerre-%C3%A0-gaza-essore-l-%C3%A9conomie-isra%C3%A9lienne\"><strong>Comment la guerre \u00e0 Gaza essore l\u2019\u00e9conomie isra\u00e9lienne<\/strong><\/a> (RFI)<\/p>\n\n\n\n<p><strong><mark style=\"background-color:rgba(0, 0, 0, 0);color:#ed1010\" class=\"has-inline-color\">20 f\u00e9vrier<\/mark><\/strong><\/p>\n\n\n\n<p><strong>France<a><\/a><a><\/a><a><\/a><\/strong><\/p>\n\n\n\n<p><a href=\"https:\/\/www.politis.fr\/articles\/2024\/02\/un-bon-sens-a-dix-milliards\/\" target=\"_blank\" rel=\"noreferrer noopener\">Budget&nbsp;: un \u00ab bon sens \u00bb \u00e0 dix milliards<\/a>&nbsp;(Politis)<\/p>\n\n\n\n<p><a href=\"https:\/\/www.politis.fr\/articles\/2024\/02\/leila-chaibi-uber-macron-defend-les-interets-des-plates-formes-contre-ceux-des-travailleurs\/\" target=\"_blank\" rel=\"noreferrer noopener\">Macron d\u00e9fend les int\u00e9r\u00eats des plateformes contre ceux des travailleurs<\/a>&nbsp;(Politis)<\/p>\n\n\n\n<p><a href=\"https:\/\/www.alternatives-economiques.fr\/echanges-exterieurs-de-france-eclaircies-un-ciel-menaca\/00109750\" target=\"_blank\" rel=\"noreferrer noopener\">Echanges ext\u00e9rieurs de la France : des \u00e9claircies dans un ciel encore mena\u00e7ant<\/a>&nbsp;(Alter \u00e9co)<\/p>\n\n\n\n<p><a href=\"https:\/\/api.indigo-net.com\/email\/RedirectionEmailing?mail=n.chevillard@noos.fr&amp;ID=588966&amp;DOCIID=109703480&amp;ENAIID=862927&amp;RETOUR=SIMPLE&amp;link=https:\/\/www.lalettre.fr\/fr\/entreprises_conseil-et-services\/2024\/02\/16\/fin-des-negociations-exclusives-entre-atos-et-daniel-kretinsky,110160503-eve?cxt=PUB&amp;utm_source=LLA&amp;utm_medium=email&amp;utm_campaign=AUTO_EDIT_SOM_PROS\" target=\"_blank\" rel=\"noreferrer noopener\">Fin des n\u00e9gociations exclusives entre Atos et Daniel Kretinsky<\/a> (La Lettre)<\/p>\n\n\n\n<p><strong>Monde<\/strong><\/p>\n\n\n\n<p><a href=\"https:\/\/basta.media\/Les-revenus-point-central-des-mobilisations-agricoles-en-Europe-Espagne-Portugal-Grece\" target=\"_blank\" rel=\"noreferrer noopener\">\u00ab Les revenus, c&rsquo;est le point central \u00bb : de la Gr\u00e8ce \u00e0 l&rsquo;Espagne, partout des mobilisations agricoles<\/a>&nbsp;(Basta!)<\/p>\n\n\n\n<p><a href=\"https:\/\/www.alternatives-economiques.fr\/christian-chavagneux\/vraies-causes-retard-technologique-europeen\/00109742?utm_source=emailing&amp;utm_medium=email&amp;utm_content=19022024&amp;utm_campaign=quotidien\">Les vraies causes du retard technologique europ\u00e9en<\/a> (Alter \u00e9co)<\/p>\n\n\n\n<p><strong>Analyse<\/strong><\/p>\n\n\n\n<p><a href=\"https:\/\/www.alternatives-economiques.fr\/francois-ruffin-plus-gabriel-attal-parle-de-travail-plus-l\/00109720?utm_source=emailing&amp;utm_medium=email&amp;utm_content=17022024&amp;utm_campaign=quotidien\">Fran\u00e7ois Ruffin&nbsp;: Plus Gabriel Attal parle de la valeur travail, plus il l\u2019\u00e9crase<\/a> (Alter \u00e9co)<\/p>\n\n\n\n<p><strong><mark style=\"background-color:rgba(0, 0, 0, 0);color:#ed1010\" class=\"has-inline-color\">19 f\u00e9vrier<\/mark><\/strong><\/p>\n\n\n\n<p><strong>France<\/strong><\/p>\n\n\n\n<p><strong><a href=\"https:\/\/lvsl.fr\/niches-fiscales-et-sociales-plus-de-200-milliards-dexonerations-tres-opaques\/\" target=\"_blank\" rel=\"noreferrer noopener\">Niches fiscales et sociales : plus de 200 milliards d\u2019exon\u00e9rations tr\u00e8s opaques<\/a><\/strong>&nbsp;(Le Vent Se L\u00e8ve)<\/p>\n\n\n\n<p><a href=\"https:\/\/france.attac.org\/IMG\/pdf\/note_attac_mega_ine_galite_s.pdf\">Attac France publie une note sur les Mega-Injustices<\/a> (Attac)<\/p>\n\n\n\n<p><strong><a href=\"https:\/\/blogs.mediapart.fr\/maxime-combes\/blog\/190224\/raboter-le-budget-de-maprimerenov-sans-alternative-est-une-stupidite-sans-nom\">Raboter le budget de MaPrimeRenov sans alternative est une stupidit\u00e9 sans nom<\/a><\/strong>&nbsp;(Blog de Maxime Combes)<\/p>\n\n\n\n<p><a href=\"https:\/\/www.novethic.fr\/economie-et-social\/transformation-de-leconomie\/edf-amazon-donnees-souverainete-numerique?utm_source=mailpoet&amp;utm_medium=email&amp;utm_campaign=bunker-equateur-demesure-le-recap-du-16-fevrier-171\">EDF confie ses donn\u00e9es de maintenance \u00e0 Amazon, au risque d\u2019une perte de souverainet\u00e9 num\u00e9rique<\/a>&nbsp;(Novethic)<\/p>\n\n\n\n<p><a href=\"https:\/\/www.youtube.com\/watch?v=G3-L9UtBP78\">Obligations de TotalEnergies : audition de Jean-Marc Jancovici<\/a>&nbsp;(S\u00e9nat, vid\u00e9o)<\/p>\n\n\n\n<p><a href=\"https:\/\/www.strategie.gouv.fr\/publications\/quinze-ans-de-pnru-effets-lhabitat-peuplement\">Quinze ans de PNRU : quels effets sur l\u2019habitat et le peuplement ?<\/a>&nbsp;(France strat\u00e9gie)<\/p>\n\n\n\n<p><a href=\"https:\/\/www.ofce.sciences-po.fr\/blog\/leconomie-francaise-au-ralenti-retoursur-2023-et-perspectives-pour-2024-selonles-panelistes-de-lofcn\/\">L\u2019\u00e9conomie fran\u00e7aise au ralenti : retour sur 2023 et perspectives 2024<\/a> (OFCE)<\/p>\n\n\n\n<p><strong>Monde<\/strong><\/p>\n\n\n\n<p><a href=\"https:\/\/www.middleeasteye.net\/fr\/actu-et-enquetes\/entreprises-energetiques-menacees-poursuites-judiciaires-licences-israeliennes-forage-gaz-gaza\">Des entreprises \u00e9nerg\u00e9tiques menac\u00e9es de poursuites concernant des licences isra\u00e9liennes de forage de gaz au large de Gaza<\/a> (MEE)<\/p>\n\n\n\n<p><a href=\"https:\/\/www.rfi.fr\/fr\/podcasts\/aujourd-hui-l-%C3%A9conomie\/20240216-qui-sont-les-gagnants-des-sanctions-contre-la-russie\" target=\"_blank\" rel=\"noreferrer noopener\">Russie &#8211; Qui sont les gagnants des sanctions contre la Russie ?<\/a>&nbsp;(RFI)<\/p>\n\n\n\n<p><a href=\"https:\/\/fr.statista.com\/infographie\/26233\/gafam-google-apple-microsoft-benefices-profits-par-seconde\/?utm_source=Statista+Newsletters&amp;utm_campaign=3344e24db0-FR_DailyData_Thurs_KW07_2024&amp;utm_medium=email&amp;utm_term=0_-460a53cfce-%5BLIST_EMAIL_ID%5D\">Combien de b\u00e9n\u00e9fices les g\u00e9ants de la tech empochent-ils chaque seconde ?<\/a>&nbsp;(Statista)<\/p>\n\n\n\n<p><a href=\"https:\/\/ratings.moodys.com\/ratings-news\/415081\">Moody&rsquo;s downgrades Israel&rsquo;s ratings to A2, changes outlook to negative<\/a>&nbsp;(Moody\u2019s)<\/p>\n\n\n\n<p><a href=\"https:\/\/www.courrierinternational.com\/article\/economie-le-royaume-uni-est-officiellement-en-recession?xtor=EREC-20-20240216-6-nl_quotidienne\">Le Royaume-Uni est officiellement en r\u00e9cession<\/a>&nbsp;(Courrier international)<\/p>\n\n\n\n<p><strong>Analyse<\/strong><\/p>\n\n\n\n<p><strong><a href=\"https:\/\/www.novethic.fr\/economie-et-social\/droits-humains\/des-bunkers-ultra-luxueux-la-lubie-des-ultra-riches-pour-echapper-a-leffondrement?utm_source=mailpoet&amp;utm_medium=email&amp;utm_campaign=bunker-equateur-demesure-le-recap-du-16-fevrier-171\">Des bunkers ultra-luxueux, la lubie des ultra-riches pour \u00e9chapper \u00e0 l\u2019effondrement<\/a>&nbsp;<\/strong>(Novethic)<\/p>\n\n\n\n<p><strong><mark style=\"background-color:rgba(0, 0, 0, 0);color:#ed1010\" class=\"has-inline-color\">17 f\u00e9vrier<\/mark><\/strong><\/p>\n\n\n\n<p><strong>France<a><\/a><a><\/a><a><\/a><\/strong><\/p>\n\n\n\n<p><a href=\"https:\/\/www.humanite.fr\/social-et-economie\/casino\/depecage-de-casino-tout-comprendre-du-grand-chamboule-tout-de-la-grande-distribution\"><strong>D\u00e9pe\u00e7age de Casino : tout comprendre du grand chamboule-tout de la grande distribution<\/strong><\/a> (l\u2019Humanit\u00e9)<\/p>\n\n\n\n<p><a href=\"https:\/\/france.attac.org\/nos-publications\/lignes-d-attac\/article\/pour-retablir-l-impot-sur-la-fortune\"><strong>Pour r\u00e9tablir l\u2019imp\u00f4t sur la fortune<\/strong><\/a> (Attac)<\/p>\n\n\n\n<p><a href=\"https:\/\/t.nl.france3.fr\/r\/?id=h18cabeeb,6c7b8bc3,5fdb91d1&amp;p1=20240215&amp;p2=726375-1613287517-668363dc\">Nucl\u00e9aire. Une entreprise sp\u00e9cialis\u00e9e dans les micro-r\u00e9acteurs s&rsquo;implante au Creusot<\/a> (France 3)<\/p>\n\n\n\n<p><a href=\"https:\/\/api.indigo-net.com\/email\/RedirectionEmailing?mail=n.chevillard@noos.fr&amp;ID=588472&amp;DOCIID=109703480&amp;ENAIID=862433&amp;RETOUR=SIMPLE&amp;link=https:\/\/www.lalettre.fr\/fr\/entreprises_grande-distribution-et-services\/2024\/02\/14\/intermarche-auchan-et-casino-prolongent-leur-accord-a-l-achat-sur-dix-ans,110159521-eve?cxt=PUB&amp;utm_source=LLA&amp;utm_medium=email&amp;utm_campaign=AUTO_EDIT_SOM_PROS\" target=\"_blank\" rel=\"noreferrer noopener\">Intermarch\u00e9, Auchan et Casino prolongent leur accord \u00e0 l&rsquo;achat sur dix ans<\/a> (La Lettre)<\/p>\n\n\n\n<p><a href=\"https:\/\/infos.lemonde.fr\/optiext\/optiextension.dll?ID=RjiRnEJvgGlazQ7v8emB2OgiExv0Pks7xTV45U7XJolbqvV7cFjsOZa8yoOsfr1fmBqJ4CtScs4ebu41jSGNxKq6rfhBidUcR5g78bl6\" target=\"_blank\" rel=\"noreferrer noopener\">Derri\u00e8re les bonnes marges de Renault et Stellantis, le doute sur les ventes de v\u00e9hicules \u00e9lectriques<\/a> (Le Monde)<\/p>\n\n\n\n<p><strong>Monde<\/strong><\/p>\n\n\n\n<p><a href=\"https:\/\/infos.lemonde.fr\/optiext\/optiextension.dll?ID=lPOlVkPDe9YYMxHgtkAq3idUw3KW2zlQNfhI7vjhcYQSema7IkiLjQRdgy1eFMX6dtQBb_HMtfSlSA8HR_0hsZhXPu%2BsA8fDXROnsglc\" target=\"_blank\" rel=\"noreferrer noopener\">L\u2019Allemagne devient la troisi\u00e8me puissance \u00e9conomique mondiale, devant le Japon, un titre en trompe-l\u2019\u0153il<\/a> (Le Monde)<\/p>\n\n\n\n<p><strong><a href=\"https:\/\/redirection.b2b.infopro-digital.com\/lnk\/AWIAADYUWKsAAcXFcW4AAHnKuI0AAABZQUUAANzvAAwsSQBlzQLErCgjWzlNTv-cfPTgrsUYqQAMCy8\/4\/PZTkuy4rbuFXvyv-ZBXgMg\/aHR0cDovL3d3dy51c2luZW5vdXZlbGxlLmNvbS9hcnRpY2xlL2ZpbmFuY2lhcmlzYXRpb24tdmFsc2UtZGVzLWRpcmlnZWFudHMtY29tbWVudC1sYS1xdWV0ZS1kZS1wcm9maXRzLWEtbWVuZS1ib2VpbmctZGFucy1sZS1tdXIuTjIyMDgyMTM_dXRtX3NvdXJjZT1uZXdzbGV0dGVyJnV0bV9tZWRpdW09ZW1haWwmdXRtX2NhbXBhaWduPWluZm9fbGEtcXVvdGlkaWVubmUmZW1haWw9MjA0MzMyODY1MyZpZGJkZD01NjU1OQ\" target=\"_blank\" rel=\"noreferrer noopener\">Comment la qu\u00eate de profits a men\u00e9 Boeing dans le mur<\/a> <\/strong>(Usine Nouvelle)&nbsp;<\/p>\n\n\n\n<p><strong>Analyse<\/strong><\/p>\n\n\n\n<p><a href=\"https:\/\/infos.lemonde.fr\/optiext\/optiextension.dll?ID=RjiRivSAcB1lXbZO36G3SkmX2zrStVdrvSUlraZjvhGzzk1Bdax_pXZt7odsIgINhmyommdn3sZs0xzpRvZ15ouW5jr1OqHBcVdwjkR0\" target=\"_blank\" rel=\"noreferrer noopener\"><strong>Depuis quatre ans, les revenus du travail n\u2019ont pas enrichi les Fran\u00e7ais, selon l\u2019OFCE<\/strong><\/a> (Le Monde)<\/p>\n\n\n\n<p><a href=\"https:\/\/infos.lemonde.fr\/optiext\/optiextension.dll?ID=E89E50qlGihRq8uwajKbQ11GQFWiPm4A07yvRt8AHm_bp%2BUU3c0oS1QM7Xh8G9dN9_tkmE6PZ98mEM%2BEmFFOtr7Pmm_J%2BHQUFn0qll_8\" target=\"_blank\" rel=\"noreferrer noopener\">L\u2019inflation qui dure et la crise du pouvoir d\u2019achat alimentent la d\u00e9fiance et le sentiment de d\u00e9classement en France<\/a> (Le Monde)<\/p>\n\n\n\n<p><strong><mark style=\"background-color:rgba(0, 0, 0, 0);color:#ed1010\" class=\"has-inline-color\">16 f\u00e9vrier<\/mark><\/strong><\/p>\n\n\n\n<p><strong>France<a><\/a><a><\/a><a><\/a><\/strong><\/p>\n\n\n\n<p><a href=\"https:\/\/www.alternatives-economiques.fr\/innovation-mirage-de-start-up-nation\/00109715\" target=\"_blank\" rel=\"noreferrer noopener\"><strong>Innovation : le mirage de la \u00ab start-up nation \u00bb<\/strong><\/a>&nbsp;(Alter \u00e9co)<\/p>\n\n\n\n<p><a href=\"https:\/\/basta.media\/Ce-que-recouvre-vraiment-la-souverainete-alimentaire-Via-Campesina-droit-pays-developper-capacite-produire-alimentation-respect-diversite-culturelle\" target=\"_blank\" rel=\"noreferrer noopener\">Ce qu&rsquo;est vraiment la souverainet\u00e9 alimentaire, au contraire de ce que pr\u00e9tend le gouvernement<\/a>&nbsp;(Basta!)<\/p>\n\n\n\n<p><a href=\"https:\/\/redirection.b2b.infopro-digital.com\/lnk\/AWoAADiOx3MAAcXFckgAAHnKuI0AAABZQUUAANzvAAwsSQBlzlSkLwPOcd1PQlOL0pAaSMJKkAAMCy8\/4\/7P5KUAkkO3B2ikTwJNki_w\/aHR0cDovL3d3dy51c2luZW5vdXZlbGxlLmNvbS9hcnRpY2xlL3BvdXJxdW9pLWxlcy1hY3Rpdml0ZXMtc3BhdGlhbGVzLWV0LW1pbGl0YWlyZXMtcGVuYWxpc2VudC1lbmNvcmUtbGEtcmVudGFiaWxpdGUtZC1haXJidXMuTjIyMDgzNDE_dXRtX3NvdXJjZT1uZXdzbGV0dGVyJnV0bV9tZWRpdW09ZW1haWwmdXRtX2NhbXBhaWduPWluZm9fbGEtcXVvdGlkaWVubmUmZW1haWw9MjA0MzMyODY1MyZpZGJkZD01NjU1OQ\" target=\"_blank\" rel=\"noreferrer noopener\">Pourquoi les activit\u00e9s spatiales et militaires p\u00e9nalisent encore la rentabilit\u00e9 d\u2019Airbus<\/a> (Usine nouvelle)<\/p>\n\n\n\n<p><strong>Monde<\/strong><\/p>\n\n\n\n<p><a href=\"https:\/\/www.alternatives-economiques.fr\/argentine-classique-se-retrouve-programme-de-javier-mi\/00109630\" target=\"_blank\" rel=\"noreferrer noopener\">\u00ab En <strong>Argentine<\/strong>, la droite classique se retrouve dans le programme de Javier Milei \u00bb<\/a>&nbsp; (Alter \u00e9co)<\/p>\n\n\n\n<p><a href=\"https:\/\/www.mediapart.fr\/journal\/international\/160224\/l-economie-britannique-en-recession-et-sans-perspectives\">L\u2019\u00e9conomie <strong>britannique<\/strong> en r\u00e9cession et sans perspectives<\/a> (M\u00e9diapart)<\/p>\n\n\n\n<p><a href=\"https:\/\/www.alternatives-economiques.fr\/france-contre-droits-sociaux-uberises-europe\/00109701\" target=\"_blank\" rel=\"noreferrer noopener\">La France contre les droits sociaux des ub\u00e9ris\u00e9s en <strong>Europe<\/strong> ?<\/a>&nbsp;(Alter \u00e9co)<\/p>\n\n\n\n<p><strong>Analyse<\/strong><\/p>\n\n\n\n<p><a href=\"https:\/\/blogs.mediapart.fr\/geographies-en-mouvement\/blog\/140224\/de-l-exception-culturelle-l-exception-agricole-et-ecologique\"><strong>De l\u2019exception culturelle \u00e0 l\u2019exception agricole et \u00e9cologique<\/strong><\/a>&nbsp;(G\u00e9ographies en mouvement)<\/p>\n\n\n\n<p><a href=\"https:\/\/www.alternatives-economiques.fr\/casino-de-consommation-de-masse-rien-ne-va-plus\/00109716\" target=\"_blank\" rel=\"noreferrer noopener\">Casino, de la consommation de masse au rien ne va plus<\/a>&nbsp;(Alter \u00e9co)<\/p>\n\n\n\n<p><strong><mark style=\"background-color:rgba(0, 0, 0, 0);color:#ed1010\" class=\"has-inline-color\">15 f\u00e9vrier<\/mark><\/strong><\/p>\n\n\n\n<p><strong>France<\/strong><\/p>\n\n\n\n<p><a href=\"https:\/\/elucid.media\/economie\/chomage-taux-france-02-2024-inscrits-pole-emploi-fin-illusions-macroniennes\"><strong>Hausse du ch\u00f4mage : la fin des illusions macroniennes<\/strong><\/a> (Elucid)<\/p>\n\n\n\n<p><a href=\"https:\/\/www.latribune.fr\/climat\/energie-environnement\/nucleaire-edf-fait-fonctionner-une-centrale-francaise-avec-de-l-uranium-enrichi-en-russie-990619.html\"><strong>Nucl\u00e9aire&nbsp;: EDF fait fonctionner une centrale fran\u00e7aise avec de l&rsquo;uranium enrichi en Russie<\/strong><\/a> (La Tribune)<\/p>\n\n\n\n<p><a href=\"https:\/\/blogs.mediapart.fr\/collectif-chronik\/blog\/150224\/la-fnsea-ou-l-impossible-sortie-de-crise-du-monde-agricole\">La FNSEA ou l\u2019impossible sortie de crise du monde agricole<\/a>&nbsp;(Collectif Chronik)<\/p>\n\n\n\n<p><a href=\"https:\/\/www.mediapart.fr\/journal\/economie-et-social\/140224\/les-geants-de-l-agroalimentaire-ne-respectent-pas-la-loi-selon-la-cour-des-comptes-0\">Les g\u00e9ants de l\u2019agroalimentaire ne respectent pas la loi, selon la Cour des comptes<\/a> (M\u00e9diapart)<\/p>\n\n\n\n<p><a href=\"https:\/\/www.alternatives-economiques.fr\/agriculteurs-croient-de-plus-plus-politique-na-aucune-prise\/00109674\" target=\"_blank\" rel=\"noreferrer noopener\">Les agriculteurs croient de plus en plus que le politique n\u2019a aucune prise sur leurs revenus<\/a>&nbsp;(Alter \u00e9co)<\/p>\n\n\n\n<p><a href=\"https:\/\/www.alternatives-economiques.fr\/magasins-casino-cedes-a-intermarche-un-fort-risque-de-hausse-prix\/00109711\" target=\"_blank\" rel=\"noreferrer noopener\">Magasins Casino c\u00e9d\u00e9s \u00e0 Intermarch\u00e9 : un fort risque de hausse des prix en zone rurale<\/a> (Alter \u00e9co)<\/p>\n\n\n\n<p><strong>Analyse<\/strong><\/p>\n\n\n\n<p><a href=\"https:\/\/elucid.media\/environnement\/penuries-capitalisme-mondialise-vecteur-petrole-electricite-minerais-sobriete-renaud-duterme\">\u00ab Le capitalisme mondialis\u00e9 est vecteur de graves p\u00e9nuries \u00bb &#8211; Renaud Duterme<\/a> (Elucid)<\/p>\n\n\n\n<p><a href=\"https:\/\/www.alternatives-economiques.fr\/non-salaires-nont-rattrape-linflation-3-autres-infographie\/00109705\" target=\"_blank\" rel=\"noreferrer noopener\">Non, les salaires n&rsquo;ont pas encore rattrap\u00e9 l&rsquo;inflation et 3 autres infographies<\/a>&nbsp;(Alter \u00e9co)<\/p>\n\n\n\n<p><strong><mark style=\"background-color:rgba(0, 0, 0, 0);color:#ed1010\" class=\"has-inline-color\">13 et 14 f\u00e9vrier<\/mark><\/strong><\/p>\n\n\n\n<p><strong>France<\/strong><\/p>\n\n\n\n<p><a href=\"https:\/\/theconversation.com\/les-multinationales-francaises-de-nouveau-a-lorigine-de-la-degradation-du-solde-commercial-223027?utm_medium=email&amp;utm_campaign=La%20lettre%20de%20The%20Conversation%20France%20du%2011%20fvrier%202024%20-%202876229186&amp;utm_content=La%20lettre%20de%20The%20Conversation%20France%20du%2011%20fvrier%202024%20-%202876229186+CID_2b62aae617319977d78d80e63ca03e1f&amp;utm_source=campaign_monitor_fr&amp;utm_term=Les%20multinationales%20franaises%20de%20nouveau%20%20lorigine%20de%20la%20dgradation%20du%20solde%20commercial\">Les multinationales fran\u00e7aises, de nouveau \u00e0 l\u2019origine de la d\u00e9gradation du solde&nbsp;commercial<\/a>&nbsp;(The Conversation)<\/p>\n\n\n\n<p><a href=\"https:\/\/reporterre.net\/Entrepots-logistiques-un-etalement-en-toute-opacite\">Absence d\u2019\u00e9tudes, soci\u00e9t\u00e9s fictives&#8230; Le march\u00e9 opaque des entrep\u00f4ts logistiques<\/a>&nbsp;(Reporterre)<\/p>\n\n\n\n<p><a href=\"https:\/\/www.alternatives-economiques.fr\/chute-de-casino-accroit-concentration-grande-distribution\/00109699\" target=\"_blank\" rel=\"noreferrer noopener\">La chute de Casino accro\u00eet la concentration dans la grande distribution<\/a>&nbsp;(Alter \u00e9co)<\/p>\n\n\n\n<p><a href=\"https:\/\/www.boursorama.com\/actualite-economique\/actualites\/en-2023-16-des-entreprises-individuelles-ont-ete-creees-par-un-etranger-insee-549b16d87b854164ece56e6458358c72\">En 2023, 16% des entreprises individuelles ont \u00e9t\u00e9 cr\u00e9\u00e9es par un \u00e9tranger (Insee)<\/a> (Boursorama)&nbsp;&nbsp;<\/p>\n\n\n\n<p><a href=\"https:\/\/www.boursorama.com\/actualite-economique\/actualites\/edf-un-texte-ps-contre-le-demembrement-passe-une-etape-cle-a-l-assemblee-995554c46a27c0a0e27d1945faf61102\">EDF : un texte PS contre le d\u00e9membrement passe une \u00e9tape-cl\u00e9 \u00e0 l&rsquo;Assembl\u00e9e<\/a> (Boursorama)&nbsp;&nbsp;<\/p>\n\n\n\n<p><a href=\"https:\/\/www.boursorama.com\/videos\/actualites\/jusqu-ou-le-chomage-va-t-il-remonter-en-france-bed387ae7e965619adf8304f0dc4c31c\">Jusqu&rsquo;o\u00f9 le ch\u00f4mage va-t-il remonter en France ?<\/a> (Ecorama)<\/p>\n\n\n\n<p><a href=\"https:\/\/www.liberation.fr\/economie\/alstom-293-suppressions-de-postes-en-vue-au-siege-du-constructeur-ferroviaire-20240213_KPFFHMHUBRDDJOYHHOTKU43FUE\/\">Alstom&nbsp;: 293 suppressions de postes en vue au si\u00e8ge du constructeur ferroviaire<\/a> (Lib\u00e9ration)<\/p>\n\n\n\n<p><a href=\"https:\/\/www.alternatives-economiques.fr\/logement-social-gabriel-attal-annonce-reculs-tres-inquietants\/00109618\" target=\"_blank\" rel=\"noreferrer noopener\">Logement social : Gabriel Attal annonce deux reculs tr\u00e8s inqui\u00e9tants<\/a>&nbsp;(Alter \u00e9co)<\/p>\n\n\n\n<p><a href=\"https:\/\/www.alternatives-economiques.fr\/gaelle-krikorian\/industrie-pharmaceutique-financements-publics-transparence-contr\/00109551\" target=\"_blank\" rel=\"noreferrer noopener\">Industrie pharmaceutique : des financements publics sans transparence ni contr\u00f4le<\/a>&nbsp;(Alter \u00e9co)<\/p>\n\n\n\n<p><a href=\"https:\/\/basta.media\/semaine-de-mobilisations-contre-organisation-mondiale-du-commerce-OMC-appel-Via-Campesina-agroecologie\" target=\"_blank\" rel=\"noreferrer noopener\">Semaine de mobilisations contre l&rsquo;Organisation mondiale du commerce<\/a>&nbsp;(Basta!)<\/p>\n\n\n\n<p><strong><a href=\"https:\/\/www.lemediatv.fr\/emissions\/2024\/super-profits-de-total-voici-ce-qui-est-vraiment-scandaleux-Bl5pL-y6RqKP83ZplEaLmA\" target=\"_blank\" rel=\"noreferrer noopener\">Super-profits de Total : \u00ab\u00a0Voici ce qui est vraiment scandaleux\u00a0\u00bb<\/a><\/strong>&nbsp;(Le M\u00e9dia)<\/p>\n\n\n\n<p><strong>Monde<\/strong><\/p>\n\n\n\n<p><a href=\"https:\/\/www.contretemps.eu\/israel-politique-economique-palestine-genocide-eau\/\">La politique \u00e9conomique du g\u00e9nocide <strong>palestinien<\/strong> et le peuple du Commun<\/a> (Contretemps)<\/p>\n\n\n\n<p><a href=\"https:\/\/www.boursorama.com\/actualite-economique\/actualites\/les-investissements-allemands-en-chine-atteignent-un-record-5fceb0a179eeed7b89c550e28129a040\">Les investissements <strong>allemands<\/strong> en <strong>Chine<\/strong> atteignent un record<\/a> (Reuters)<\/p>\n\n\n\n<p><a href=\"https:\/\/www.boursorama.com\/actualite-economique\/actualites\/russie-l-inflation-stagne-a-7-4-sur-un-an-en-janvier-rosstat-1a682b529b4acfde1abab7955977b2aa\"><strong>Russie<\/strong> : l&rsquo;inflation stagne \u00e0 7,4% sur un an en janvier (Rosstat)<\/a> (Boursorama)&nbsp;&nbsp;<\/p>\n\n\n\n<p><a href=\"https:\/\/www.boursorama.com\/actualite-economique\/actualites\/en-inde-des-agriculteurs-revoltes-devant-des-barrages-policiers-cb916740cf86cd8ba4b08103eb14c90d\">En <strong>Inde<\/strong>, des agriculteurs r\u00e9volt\u00e9s devant des barrages policiers<\/a> (AFP) &nbsp;&nbsp;<\/p>\n\n\n\n<p><strong>Analyse<\/strong><\/p>\n\n\n\n<p><strong><a href=\"https:\/\/www.contretemps.eu\/capitalisme-stagnation-seculaire-benanav-ackerman\/\">Le capitalisme est-il en phase terminale ? D\u00e9bat<\/a><\/strong> (Contretemps)<\/p>\n\n\n\n<p><strong><a href=\"https:\/\/www.mediapart.fr\/journal\/economie-et-social\/110224\/l-exploitation-point-de-fuite-de-la-contestation-du-capitalisme\">L\u2019exploitation, point de fuite de la contestation du capitalisme<\/a><\/strong>&nbsp;-Romaric Godin (M\u00e9diapart)<\/p>\n\n\n\n<p><a href=\"https:\/\/www.blast-info.fr\/emissions\/2024\/le-comportement-des-possedants-est-sucidaire-partie-1-gtYRB2QnQbG1-XF2mNrUbA\" target=\"_blank\" rel=\"noreferrer noopener\">\u00ab Le comportement des poss\u00e9dants est sucidaire \u00bb (Partie 1)<\/a>&nbsp;(Blast)<\/p>\n\n\n\n<p><a href=\"https:\/\/theconversation.com\/la-globalisation-a-laube-dun-nouveau-cycle-223126?utm_medium=email&amp;utm_campaign=La%20lettre%20de%20The%20Conversation%20France%20du%2014%20fvrier%202024%20-%202877929202&amp;utm_content=La%20lettre%20de%20The%20Conversation%20France%20du%2014%20fvrier%202024%20-%202877929202+CID_876e44c572e00ef7ad0229a495e38d24&amp;utm_source=campaign_monitor_fr&amp;utm_term=La%20globalisation%20%20laube%20dun%20nouveau%20cycle\">La globalisation \u00e0 l\u2019aube d\u2019un nouveau&nbsp;cycle<\/a>&nbsp;&nbsp;(The Conversation)<\/p>\n\n\n\n<p><a href=\"https:\/\/www.cadtm.org\/Pourquoi-l-annulation-de-la-dette-allemande-de-1953-n-est-pas-reproductible\" target=\"_blank\" rel=\"noreferrer noopener\">Pourquoi l&rsquo;annulation de la dette allemande de 1953 n&rsquo;est pas reproductible pour la Gr\u00e8ce et les Pays en d\u00e9veloppement<\/a>&nbsp;(CADTM)<\/p>\n\n\n\n<p><strong><mark style=\"background-color:rgba(0, 0, 0, 0);color:#ed1010\" class=\"has-inline-color\">12 f\u00e9vrier<\/mark><\/strong><\/p>\n\n\n\n<p><strong>France<a><\/a><a><\/a><a><\/a><\/strong><\/p>\n\n\n\n<p><a href=\"https:\/\/redirection.b2b.infopro-digital.com\/lnk\/AVYAADZ5uGkAAcXFb8QAAHnKuI0AAABZQUUAANzvAAwsSQBlymGPjNPH2V0TQz2EmCOKDLdeRQAMCy8\/12\/Bzm8gmDlwdStbTBwWnf8pA\/aHR0cDovL3d3dy51c2luZW5vdXZlbGxlLmNvbS9hcnRpY2xlL3BvdXJxdW9pLWxlcy1zaXgtcHJlbWllcnMtZXByMi12b250LWNvdXRlci1iZWF1Y291cC1wbHVzLXF1ZS1sZXMtNTItbWlsbGlhcmRzLWQtZXVyb3MtcHJldnVzLXBhci1lZGYtYXUtZGVwYXJ0Lk4yMjA4MTM5P3V0bV9zb3VyY2U9bmV3c2xldHRlciZ1dG1fbWVkaXVtPWVtYWlsJnV0bV9jYW1wYWlnbj1pbmZvX2xhLXF1b3RpZGllbm5lJmVtYWlsPTIwNDMzMjg2NTMmaWRiZGQ9NTY1NTk\" target=\"_blank\" rel=\"noreferrer noopener\"><strong>EDF revoit d\u00e9j\u00e0 \u00e0 la hausse le co\u00fbt des six premiers EPR2<\/strong><\/a> (Usine Nouvelle)<\/p>\n\n\n\n<p><a href=\"https:\/\/www.rue89lyon.fr\/2024\/02\/12\/amiante-volait-partout-anciens-de-renault-trucks-lutte\/\" target=\"_blank\" rel=\"noreferrer noopener\">\u00ab L\u2019amiante volait de partout \u00bb : les anciens de Renault Trucks racontent leur lutte<\/a>&nbsp;(Rue89Lyon)<\/p>\n\n\n\n<p><a href=\"https:\/\/www.cadtm.org\/En-video-Eric-Toussaint-plaide-pour-une-loi-anti-fonds-vautours-a-l-Assemblee\" target=\"_blank\" rel=\"noreferrer noopener\">\u00c9ric Toussaint plaide pour une loi anti-fonds vautours \u00e0 l&rsquo;Assembl\u00e9e nationale fran\u00e7aise<\/a>&nbsp;(CADTM)<\/p>\n\n\n\n<p><a href=\"https:\/\/rapportsdeforce.fr\/breves\/casino-la-justice-se-penche-sur-le-plan-de-sauvegarde-et-ses-6000-emplois-menaces-021220431\" target=\"_blank\" rel=\"noreferrer noopener\">Casino : la justice se penche sur le plan de sauvegarde et ses 6000 emplois menac\u00e9s<\/a>&nbsp;(Rapports de Force)<\/p>\n\n\n\n<p><a href=\"https:\/\/www.alternatives-economiques.fr\/a-grenoble-dilemme-entre-preservation-de-leau-reindustrialisation\/00109669\" target=\"_blank\" rel=\"noreferrer noopener\">A Grenoble, le dilemme entre pr\u00e9servation de l&rsquo;eau et r\u00e9industrialisation<\/a>(Alter \u00e9co)<\/p>\n\n\n\n<p><strong>Monde<\/strong><\/p>\n\n\n\n<p><a href=\"https:\/\/redirection.b2b.infopro-digital.com\/lnk\/AVYAADZ5uGkAAcXFb8QAAHnKuI0AAABZQUUAANzvAAwsSQBlymGPjNPH2V0TQz2EmCOKDLdeRQAMCy8\/15\/yB80KcbzfPw_rGaJvO8ySQ\/aHR0cDovL3d3dy51c2luZW5vdXZlbGxlLmNvbS9hcnRpY2xlL3F1LWVzdC1jZS1xdWUtbC1pbWVjLWNlLWNvcnJpZG9yLWluZGUtZXVyb3BlLXF1aS1kb2l0LWNvbnRyZXItbGVzLXJvdXRlcy1kZS1sYS1zb2llLWNoaW5vaXNlcy5OMjIwODE0NT91dG1fc291cmNlPW5ld3NsZXR0ZXImdXRtX21lZGl1bT1lbWFpbCZ1dG1fY2FtcGFpZ249aW5mb19sYS1xdW90aWRpZW5uZSZlbWFpbD0yMDQzMzI4NjUzJmlkYmRkPTU2NTU5\" target=\"_blank\" rel=\"noreferrer noopener\">Projet de corridor <strong>Inde-Europe<\/strong> qui doit contrer les routes de la soie chinoises<\/a> (Usine Nouvelle)<\/p>\n\n\n\n<p><a href=\"https:\/\/french.presstv.ir\/Detail\/2024\/02\/07\/719632\/Guerre-%C3%A0-Gaza---boycott-d%E2%80%99Isra%C3%ABl-par-des-grandes-entreprises-du-monde-entier\">Guerre \u00e0 <strong>Gaza<\/strong> : des entreprises du monde entier rompent leurs liens avec Isra\u00ebl<\/a>&nbsp;(Press TV)<\/p>\n\n\n\n<p><a href=\"https:\/\/www.les-crises.fr\/dividendes-des-majors-petrolieres-plus-de-100-milliards-de-dollars-pour-les-actionnaires-des-grands-groupes-petroliers-en-2023\/\">Majors p\u00e9troli\u00e8res : plus de 100 milliards $ pour les actionnaires des grands groupes p\u00e9troliers en 2023<\/a>&nbsp;(Les Crises)<\/p>\n\n\n\n<p><strong>Analyse<\/strong><\/p>\n\n\n\n<p><a href=\"https:\/\/www.alternatives-economiques.fr\/christian-chavagneux\/dimpot-assez-de-productivite\/00109668\" target=\"_blank\" rel=\"noreferrer noopener\">Trop d\u2019imp\u00f4t ou pas assez de productivit\u00e9 ?<\/a>&nbsp;(Alter \u00e9co)<\/p>\n\n\n\n<p><a href=\"https:\/\/www.cadtm.org\/Partie-1-Questions-reponses-sur-la-Chine-comme-puissance-creanciere-de-premier\" target=\"_blank\" rel=\"noreferrer noopener\">Questions\/r\u00e9ponses sur la <strong>Chine<\/strong> comme puissance cr\u00e9anci\u00e8re de premier ordre<\/a>&nbsp;(CADTM)<\/p>\n\n\n\n<p><a href=\"https:\/\/www.ldh-france.org\/10-fevrier-2024-tribune-collective-monsieur-le-ministre-du-logement-refusez-toute-mesure-qui-signerait-la-suppression-de-la-loi-sru-publiee-dans-liberation\/\" target=\"_blank\" rel=\"noreferrer noopener\">Tribune collective \u201cMonsieur le ministre du Logement, refusez toute mesure qui signerait la suppression de la loi SRU\u201d <\/a>&nbsp;(LDH)<\/p>\n\n\n\n<p><strong><mark style=\"background-color:rgba(0, 0, 0, 0);color:#ed1010\" class=\"has-inline-color\">10 f\u00e9vrier<\/mark><\/strong><\/p>\n\n\n\n<p><strong>France<a><\/a><a><\/a><a><\/a><\/strong><\/p>\n\n\n\n<p><a href=\"https:\/\/www.alternatives-economiques.fr\/medias-recettes-de-lindependance\/00109654\" target=\"_blank\" rel=\"noreferrer noopener\">M\u00e9dias : les recettes de l&rsquo;ind\u00e9pendance<\/a>&nbsp;(Alter \u00e9co)<\/p>\n\n\n\n<p><a href=\"https:\/\/lvsl.fr\/francois-piquemal-la-renovation-urbaine-se-fait-sans-les-habitants-des-quartiers-populaires\/\" target=\"_blank\" rel=\"noreferrer noopener\">La r\u00e9novation urbaine se fait sans les habitants des quartiers populaires<\/a>&nbsp; (Le Vent Se L\u00e8ve)<\/p>\n\n\n\n<p><a href=\"https:\/\/www.mediapart.fr\/journal\/politique\/090224\/guillaume-kasbarian-au-logement-le-coup-de-fouet-liberal-d-emmanuel-macron\" target=\"_blank\" rel=\"noreferrer noopener\">Guillaume Kasbarian au logement : le coup de fouet lib\u00e9ral d\u2019Emmanuel Macron<\/a>&nbsp;(M\u00e9diapart)<\/p>\n\n\n\n<p><a href=\"https:\/\/www.mediapart.fr\/journal\/france\/090224\/gouvernement-attal-menace-sur-le-logement-social\" target=\"_blank\" rel=\"noreferrer noopener\"><strong>Gouvernement Attal : menace sur le logement social<\/strong><\/a>&nbsp;(\u00c0 l\u2019air libre)<\/p>\n\n\n\n<p><a href=\"https:\/\/www.politis.fr\/articles\/2024\/02\/en-sabordant-la-loi-sru-gabriel-attal-attaque-un-pilier-de-la-republique\/\" target=\"_blank\" rel=\"noreferrer noopener\">\u00ab&nbsp;En sabordant la loi SRU, Gabriel Attal attaque un pilier de la R\u00e9publique&nbsp;\u00bb&nbsp;<\/a> (Politis)<\/p>\n\n\n\n<p><a href=\"https:\/\/www.humanite.fr\/societe\/banque-de-france\/surendettement-le-nombre-de-dossiers-deposes-en-2023-augmente-de-8\" target=\"_blank\" rel=\"noreferrer noopener\">Surendettement : le nombre de dossiers d\u00e9pos\u00e9s en 2023 augmente de 8 %<\/a>&nbsp;(L\u2019Humanit\u00e9)<\/p>\n\n\n\n<p><a href=\"https:\/\/www.alternatives-economiques.fr\/jo-dhiver-2030-montagne-francaise-une-mauvaise-piste\/00109619\" target=\"_blank\" rel=\"noreferrer noopener\"><strong>JO d\u2019hiver 2030 : la montagne fran\u00e7aise sur une fausse piste<\/strong><\/a>&nbsp;(Alter \u00e9co)<\/p>\n\n\n\n<p><a href=\"https:\/\/www.dinamopress.it\/news\/corteo-dalla-montagna-alla-citta-olimpiadi-insostenibili\/\" target=\"_blank\" rel=\"noreferrer noopener\">\u00c0 Milan, opposition aux JO d&rsquo;hiver<\/a>&nbsp;(DinamoPress)<\/p>\n\n\n\n<p><strong>Monde<\/strong><\/p>\n\n\n\n<p><a href=\"https:\/\/www.alternatives-economiques.fr\/clara-leonard-mathilde-viennot\/nouvelles-regles-budgetaires-europeennes-soutenabilite-climatique-oubli\/00109514\" target=\"_blank\" rel=\"noreferrer noopener\">Nouvelles r\u00e8gles budg\u00e9taires europ\u00e9ennes : la soutenabilit\u00e9 climatique oubli\u00e9e<\/a>&nbsp;(Alter \u00e9co)<\/p>\n\n\n\n<p><a href=\"https:\/\/redirection.b2b.infopro-digital.com\/lnk\/AUgAADYBDSYAAcXFbwQAAHnKuI0AAABZQTkAANzrAAwsSQBlxxyI8ql8kh7RQLCGEyxftcORPwAMCy8\/55\/ItvYooQNgK-6OH8iEiP8ng\/aHR0cDovL3d3dy51c2luZS1kaWdpdGFsZS5mci9hcnRpY2xlL3NuYXAtbGljZW5jaWUtMTAtZGUtc2VzLWVmZmVjdGlmcy10YWlsbGFudC1kYW5zLXNvbi1tYW5hZ2VtZW50Lk4yMjA3ODQ3P3V0bV9zb3VyY2U9bmV3c2xldHRlciZ1dG1fbWVkaXVtPWVtYWlsJnV0bV9jYW1wYWlnbj1pbmZvX3VkLXdlZWstZW5kJmVtYWlsPTIwNDMzMjg2NTMmaWRiZGQ9NTY1NTU\" target=\"_blank\" rel=\"noreferrer noopener\">Snap licencie 10% de ses effectifs, taillant dans son management<\/a> &nbsp;(Usine Digitale)<\/p>\n\n\n\n<p><strong>Analyse<\/strong><\/p>\n\n\n\n<p><a href=\"https:\/\/www.alternatives-economiques.fr\/lia-pourrait-aggraver-linstabilite-secteur-financier\/00109564\" target=\"_blank\" rel=\"noreferrer noopener\">Comment l&rsquo;IA pourrait aggraver l&rsquo;instabilit\u00e9 du secteur financier<\/a>&nbsp;(Alter \u00e9co)<\/p>\n\n\n\n<p><a href=\"https:\/\/www.alternatives-economiques.fr\/12-graphiques-demonter-idees-recues-lemploi-seniors\/00109631\" target=\"_blank\" rel=\"noreferrer noopener\">12 graphiques qui d\u00e9mentent les pr\u00e9jug\u00e9s sur l&#8217;emploi des seniors<\/a>&nbsp;<a>(Alter \u00e9co)<\/a><strong><a href=\"https:\/\/www.lemonde.fr\/idees\/article\/2024\/02\/10\/thomas-piketty-les-paysans-apparaissent-comme-la-plus-inegale-des-professions-en-france-actuellement_6215797_3232.html\">&nbsp;<\/a><\/strong><\/p>\n\n\n\n<p><strong><a href=\"https:\/\/www.lemonde.fr\/idees\/article\/2024\/02\/10\/thomas-piketty-les-paysans-apparaissent-comme-la-plus-inegale-des-professions-en-france-actuellement_6215797_3232.html\">Les paysans apparaissent comme la plus in\u00e9gale des professions en France actuellement<\/a><\/strong> -Thomas Piketty (Le Monde)<\/p>\n\n\n\n<p><strong><mark style=\"background-color:rgba(0, 0, 0, 0);color:#ed1010\" class=\"has-inline-color\">9 f\u00e9vrier<\/mark><\/strong><\/p>\n\n\n\n<p><strong>France<a><\/a><a><\/a><a><\/a><\/strong><\/p>\n\n\n\n<p><a href=\"https:\/\/www.boursorama.com\/actualite-economique\/actualites\/lafarge-en-syrie-premier-proces-requis-contre-la-societe-et-d-ex-dirigeants-pour-financement-du-terrorisme-c81dbdd241c8a2d9ef0fe00d60d687a3\">Lafarge en Syrie : premier proc\u00e8s requis contre la soci\u00e9t\u00e9 et ex-dirigeants <\/a>&nbsp;(Boursorama)&nbsp;&nbsp;<\/p>\n\n\n\n<p><a href=\"https:\/\/www.boursorama.com\/actualite-economique\/actualites\/bretagne-la-confederation-paysanne-manifeste-devant-un-site-du-groupe-avril-fb2c8bba928e1dfd855a79de902b11c6\">Bretagne : la Conf\u00e9d\u00e9ration paysanne manifeste devant un site du groupe Avril<\/a> (Boursorama)<\/p>\n\n\n\n<p><a href=\"https:\/\/redirection.b2b.infopro-digital.com\/lnk\/AVcAADWuPAgAAcXFbjoAAHnKuI0AAABZQTkAANzxAAwsSQBlxdZp7BjkzQTBSpGELm80i6eVkQAMCy8\/14\/AVCVM78obMdmKHtNG0hzJg\/aHR0cDovL3d3dy51c2luZS1kaWdpdGFsZS5mci9hcnRpY2xlL3F1ZS1zYWl0LW9uLXN1ci1sYS12aW9sYXRpb24tZGUtZG9ubmVlcy1zZW5zaWJsZXMtdG91Y2hhbnQtMzMtbWlsbGlvbnMtZGUtZnJhbmNhaXMuTjIyMDc5NjQ_dXRtX3NvdXJjZT1uZXdzbGV0dGVyJnV0bV9tZWRpdW09ZW1haWwmdXRtX2NhbXBhaWduPWluZm9fdWQtcXVvdGlkaWVubmUmZW1haWw9MjA0MzMyODY1MyZpZGJkZD01NjU2MQ\" target=\"_blank\" rel=\"noreferrer noopener\">Que sait-on sur la violation de donn\u00e9es sensibles touchant 33 millions de Fran\u00e7ais ?<\/a><a> (Usine Digitale)<\/a><\/p>\n\n\n\n<p><a href=\"https:\/\/www.alternatives-economiques.fr\/baisse-de-productivite-francais-vraiment-grave\/00109431?utm_source=emailing&amp;utm_medium=email&amp;utm_content=06022024&amp;utm_campaign=quotidien\">Baisse de la productivit\u00e9 fran\u00e7aise&nbsp;: est-ce vraiment grave&nbsp;?<\/a> (Alter \u00e9co)<\/p>\n\n\n\n<p><a href=\"https:\/\/www.off-investigation.fr\/insecurite-nucleaire-lirsn-alerte-le-senat\/\"><strong>Ins\u00e9curit\u00e9 nucl\u00e9aire&nbsp;: lettre ouverte aux s\u00e9nateurs<\/strong><\/a> (Off Investigation)<\/p>\n\n\n\n<p><strong>Monde<\/strong><\/p>\n\n\n\n<p><a href=\"https:\/\/www.boursorama.com\/actualite-economique\/actualites\/union-europeenne-la-directive-sur-le-devoir-de-vigilance-des-entreprises-en-suspens-1f9fe2f5471a487fa5469e7a8cb6fcfa\">UE : La directive sur le \u00ab\u00a0devoir de vigilance\u00a0\u00bb des entreprises en suspens<\/a> (Reuters)<\/p>\n\n\n\n<p><a href=\"https:\/\/www.boursorama.com\/actualite-economique\/actualites\/l-italie-voit-sa-production-industrielle-baisser-de-2-5-en-2023-9b508abdfc15f2363ea48de8af629cda\">L&rsquo;Italie voit sa production industrielle baisser de 2,5% en 2023<\/a> (Boursorama)&nbsp;&nbsp;<\/p>\n\n\n\n<p><a href=\"https:\/\/www.boursorama.com\/actualite-economique\/actualites\/agriculteurs-en-colere-meloni-restaure-des-exemptions-d-impots-cc525e51b7958ad8f39e1f4ea549b57e\">Agriculteurs en col\u00e8re en Italie : Meloni restaure des exemptions d&rsquo;imp\u00f4ts<\/a> (AFP) &nbsp;&nbsp;<\/p>\n\n\n\n<p><a href=\"https:\/\/link.newsletter.franceculture.fr\/m\/ml\/7429\/852753\/K22dy-P4SbjGs2eJL7dOsG9C5lXTLJmivm821gAfcU8=\/zbiGp2jVYw7fpQ0OQtDfmeBwyuE2f0pf0xRJu3sDWv8=\/\" target=\"_blank\" rel=\"noreferrer noopener\">Le Brexit blues des fermiers anglais<\/a> (France Culture)<\/p>\n\n\n\n<p><a href=\"https:\/\/www.boursorama.com\/actualite-economique\/actualites\/allemagne-la-baisse-de-l-inflation-confirmee-a-2-9-sur-un-an-en-janvier-7523aa6f6422b0df5347c560da61f696\">Allemagne : la baisse de l&rsquo;inflation confirm\u00e9e \u00e0 2,9% sur un an en janvier<\/a> (Boursorama)&nbsp;&nbsp;<\/p>\n\n\n\n<p><a href=\"https:\/\/www.frustrationmagazine.fr\/gaza-armement\/\">Gaza : Au<strong>&nbsp;Royaume-Uni<\/strong>, les blocages d\u2019usines d\u2019armement se multiplient<\/a>&nbsp;(Frustration)<\/p>\n\n\n\n<p><strong>Analyse<\/strong><\/p>\n\n\n\n<p><a href=\"https:\/\/redirection.b2b.infopro-digital.com\/lnk\/AV8AADXo40kAAcXFbnoAAHnKuI0AAABZQTkAANz-AAwsSQBlxibZQxrVDYs1Rz-ZlR4PNhxdCgAMCy8\/2\/skTadTgsKEec24wpD2LYGg\/aHR0cDovL3d3dy51c2luZS1kaWdpdGFsZS5mci9hcnRpY2xlL3RyYW5zcG9ydHMtZW5lcmdpZS1lYXUtcGVuZGFudC1hdS1tb2lucy01LWFucy1kZXMtaGFja2Vycy1jaGlub2lzLW9udC1pbmZpbHRyZS1kZXMtaW5mcmFzdHJ1Y3R1cmVzLWFtZXJpY2FpbmVzLk4yMjA4MDkzP3V0bV9zb3VyY2U9bmV3c2xldHRlciZ1dG1fbWVkaXVtPWVtYWlsJnV0bV9jYW1wYWlnbj1pbmZvX3VkLWZsYXNoJmVtYWlsPTIwNDMzMjg2NTMmaWRiZGQ9NTY1NzR9\" target=\"_blank\" rel=\"noreferrer noopener\">Transports, \u00e9nergie, eau\u2026 Pendant 5 ans, des hackers chinois ont infiltr\u00e9 des infrastructures am\u00e9ricaines<\/a> (Usine Digitale)<\/p>\n\n\n\n<p><strong><mark style=\"background-color:rgba(0, 0, 0, 0);color:#ed1010\" class=\"has-inline-color\">8 f\u00e9vrier<\/mark><\/strong><\/p>\n\n\n\n<p><strong>France<a><\/a><a><\/a><a><\/a><\/strong><\/p>\n\n\n\n<p><a href=\"https:\/\/www.mediapart.fr\/journal\/ecologie\/060224\/une-autre-agriculture-c-est-possible\"><strong>Une autre agriculture, c\u2019est possibl<\/strong>e<\/a> (A l\u2019air libre)<\/p>\n\n\n\n<p><a href=\"https:\/\/basta.media\/appel-treize-mutuelles-agriculture-francaise-europeenne-sans-pesticide-amiante-maladies-chroniques-prevention-reparation-prejudices\" target=\"_blank\" rel=\"noreferrer noopener\">Treize mutuelles appellent \u00e0 une agriculture fran\u00e7aise et europ\u00e9enne sans pesticides<\/a>&nbsp;(Basta!)<\/p>\n\n\n\n<p><a href=\"https:\/\/www.off-investigation.fr\/megabassines-histoire-secrete-dun-mensonge-detat\/\" target=\"_blank\" rel=\"noreferrer noopener\"><strong>Megabassines, histoire secr\u00e8te d\u2019un mensonge d\u2019Etat<\/strong><\/a>&nbsp;(Off Investigation)<\/p>\n\n\n\n<p><a href=\"https:\/\/www.contretemps.eu\/crise-agriculture-syndicat-fnsea\/\"><strong>Comment expliquer la domination de la FNSEA&nbsp;parmi les agriculteurs\u00b7rices ?<\/strong><\/a> (Contretemps)<\/p>\n\n\n\n<p><strong>Monde<\/strong><\/p>\n\n\n\n<p><a href=\"https:\/\/www.alternatives-economiques.fr\/paysans-allemands-veulent-enfin-de-vraies-mesures-lagriculture\/00109616\" target=\"_blank\" rel=\"noreferrer noopener\">Les paysans allemands veulent enfin de vraies mesures sur l&rsquo;agriculture<\/a>&nbsp;(Alter \u00e9co)<\/p>\n\n\n\n<p><a href=\"https:\/\/alencontre.org\/laune\/lindustrie-des-combustibles-fossiles-etait-au-courant-du-danger-climatique-des-1954.html\"><strong>L\u2019industrie des combustibles fossiles \u00e9tait au courant du danger climatique d\u00e8s 1954<\/strong><\/a> (A l\u2019encontre)<\/p>\n\n\n\n<p><strong>Analyse<\/strong><\/p>\n\n\n\n<p><a href=\"https:\/\/www.alternatives-economiques.fr\/lemploi-ne-suffit-a-reduire-pauvrete-3-autres-infographies-a-ne-p\/00109624\" target=\"_blank\" rel=\"noreferrer noopener\">L&#8217;emploi ne suffit pas \u00e0 r\u00e9duire la pauvret\u00e9 et 3 autres infographies \u00e0 ne pas rater<\/a>&nbsp;(Alter \u00e9co)<\/p>\n\n\n\n<p><a href=\"https:\/\/www.60millions-mag.com\/2024\/02\/08\/mutuelles-etes-vous-victime-du-mega-piratage-de-donnees-22595\" target=\"_blank\" rel=\"noreferrer noopener\">Mutuelles : \u00eates-vous victime du m\u00e9ga-piratage de donn\u00e9es ?<\/a>&nbsp;(60 Millions de Consommateurs)<\/p>\n\n\n\n<p><strong><mark style=\"background-color:rgba(0, 0, 0, 0);color:#ed1010\" class=\"has-inline-color\">7 f\u00e9vrier<\/mark><\/strong><\/p>\n\n\n\n<p><strong>France<a><\/a><a><\/a><a><\/a><\/strong><\/p>\n\n\n\n<p><a href=\"https:\/\/link.newsletter.franceculture.fr\/m\/ml\/7429\/852342\/bO8bjGyLs8-DyJa8NhFPmG9C5lXTLJmivm821gAfcU8=\/cJp7hGuq9VU-96+RtAlEAdMJLLB9OGT4wT8wCqiKMw4=\/\" target=\"_blank\" rel=\"noreferrer noopener\">Services publics en crise&nbsp;: notre syst\u00e8me de sant\u00e9 est-il mal g\u00e9r\u00e9&nbsp;?<\/a> (France Culture)<a href=\"https:\/\/www.francetvinfo.fr\/economie\/energie\/le-groupe-totalenergies-annonce-un-nouveau-benefice-record-en-2023_6350752.html\"><\/a><\/p>\n\n\n\n<p><a href=\"https:\/\/www.francetvinfo.fr\/economie\/energie\/le-groupe-totalenergies-annonce-un-nouveau-benefice-record-en-2023_6350752.html\">Avec pr\u00e8s de 20 mds \u20ac, le groupe TotalEnergies annonce un nouveau b\u00e9n\u00e9fice record en 2023<\/a><a> (France Info)<\/a><\/p>\n\n\n\n<p><a href=\"https:\/\/www.mediapart.fr\/journal\/ecologie\/070224\/chez-totalenergies-detruire-la-planete-continue-de-rapporter-gros\" target=\"_blank\" rel=\"noreferrer noopener\"><strong>Chez TotalEnergies, d\u00e9truire la plan\u00e8te continue de rapporter gros<\/strong><\/a> (M\u00e9diapart)<\/p>\n\n\n\n<p><a href=\"https:\/\/www.mediacites.fr\/breve\/national\/2024\/02\/07\/perquisitions-chez-lactalis-dans-une-enquete-pour-fraude-fiscale-massive\/\" target=\"_blank\" rel=\"noreferrer noopener\"><strong>Perquisitions chez Lactalis dans une enqu\u00eate pour fraude fiscale massive<\/strong><\/a>&nbsp;(Mediacit\u00e9s)<\/p>\n\n\n\n<p><a href=\"https:\/\/www.blast-info.fr\/emissions\/2024\/agriculteurs-les-solutions-sont-la-mais-macron-nen-veut-pas-sRFH9ngDSLe8BsyQgO0pWg\" target=\"_blank\" rel=\"noreferrer noopener\"><strong>Agriculteurs : les solutions sont l\u00e0, mais Macron n&rsquo;en veut pas<\/strong><\/a>&nbsp;(Blast)<\/p>\n\n\n\n<p><strong>Monde<\/strong><\/p>\n\n\n\n<p><a href=\"https:\/\/reporterre.net\/Coca-Cola-champion-du-monde-de-la-pollution-plastique-pour-la-sixieme-annee-consecutive\" target=\"_blank\" rel=\"noreferrer noopener\">Coca-Cola, sponsor des JO et champion de la pollution plastique<\/a>&nbsp;(Reporterre)<\/p>\n\n\n\n<p><a href=\"https:\/\/www.alternatives-economiques.fr\/commission-europeenne-parasitee-lobbys-de-lagriculture-i\/00109615\" target=\"_blank\" rel=\"noreferrer noopener\"><strong>La Commission europ\u00e9enne est parasit\u00e9e par les lobbys de l\u2019agriculture industrielle<\/strong><\/a><strong>&nbsp; &#8211;<\/strong>Herv\u00e9 Nathan (Alter \u00e9co)<\/p>\n\n\n\n<p><a href=\"https:\/\/redirection.b2b.infopro-digital.com\/lnk\/AUUAADXwAwQAAcXFbGYAAHnKuI0AAABZQUUAANzvAAwsSQBlwnfaUFxqudUSRoqMqSd_g3AHvQAMCy8\/4\/WO01i-j4DOSFIUSn4TbmTg\/aHR0cDovL3d3dy51c2luZW5vdXZlbGxlLmNvbS9hcnRpY2xlL2ZhY2UtYS1sYS1kZWZlcmxhbnRlLWNoaW5vaXNlLWwtYXBwZWwtYS1sLWFpZGUtZGVzLWZhYnJpY2FudHMtZXVyb3BlZW5zLWRlLXBhbm5lYXV4LXBob3Rvdm9sdGFpcXVlcy5OMjIwNzg1MD91dG1fc291cmNlPW5ld3NsZXR0ZXImdXRtX21lZGl1bT1lbWFpbCZ1dG1fY2FtcGFpZ249aW5mb19sYS1xdW90aWRpZW5uZSZlbWFpbD0yMDQzMzI4NjUzJmlkYmRkPTU2NTU5\" target=\"_blank\" rel=\"noreferrer noopener\">La fili\u00e8re europ\u00e9enne du photovolta\u00efque alerte d&rsquo;une d\u00e9ferlante chinoise<\/a> (Usine Nouvelle)<\/p>\n\n\n\n<p><a href=\"https:\/\/www.francetvinfo.fr\/economie\/aeronautique\/boeing-737-max-des-boulons-censes-bloquer-la-porte-etaient-manquants-selon-un-rapport-d-enquete_6349732.html\">Boeing 737 MAX : des boulons cens\u00e9s bloquer la porte \u00e9taient manquants, selon un rapport d&rsquo;enqu\u00eate<\/a> (France Info)<\/p>\n\n\n\n<p><strong>Analyse<\/strong><\/p>\n\n\n\n<p><strong><a href=\"https:\/\/lvsl.fr\/les-nouveaux-creanciers-prives-des-pays-en-developpement\/?utm_source=sendinblue&amp;utm_campaign=Newsletter_Derniers_Articles&amp;utm_medium=email\">Les nouveaux cr\u00e9anciers priv\u00e9s des pays en d\u00e9veloppement<\/a> <\/strong>(LVSL)<\/p>\n\n\n\n<p><a href=\"https:\/\/lundi.am\/Philosophie-politique-du-nucleaire-5985\" target=\"_blank\" rel=\"noreferrer noopener\">Philosophie politique du nucl\u00e9aire<\/a> (Lundimatin)<\/p>\n\n\n\n<p><strong><mark style=\"background-color:rgba(0, 0, 0, 0);color:#ed1010\" class=\"has-inline-color\">6 f\u00e9vrier<\/mark><\/strong><\/p>\n\n\n\n<p><strong>France<a><\/a><a><\/a><a><\/a><\/strong><\/p>\n\n\n\n<p><a href=\"https:\/\/multinationales.org\/fr\/enquetes\/les-portes-tournantes\/fil-240\/un-cabinet-de-conseil-a-utilise-richard-ferrand-comme-cheval-de-troie-au\" target=\"_blank\" rel=\"noreferrer noopener\"><strong>Un cabinet de conseil a utilis\u00e9 Richard Ferrand comme cheval de Troie au Parlement<\/strong><\/a> (Observatoire des multinationales)<\/p>\n\n\n\n<p><a href=\"https:\/\/lareleveetlapeste.fr\/le-gouvernement-a-obei-a-la-fnsea-en-ignorant-les-demandes-des-agriculteurs-sur-leurs-revenus\/\" target=\"_blank\" rel=\"noreferrer noopener\">Le gouvernement a ob\u00e9i \u00e0 la FNSEA en ignorant les demandes des agriculteurs sur leurs revenus<\/a>&nbsp;(La Rel\u00e8ve et La Peste)<\/p>\n\n\n\n<p><a href=\"https:\/\/reporterre.net\/Le-gouvernement-et-la-FNSEA-jettent-les-agriculteurs-dans-le-gueule-du-loup\" target=\"_blank\" rel=\"noreferrer noopener\"><strong>\u00ab&nbsp;Le gouvernement et la FNSEA jettent les agriculteurs dans la gueule du loup&nbsp;\u00bb<\/strong><\/a> (Reporterre)<\/p>\n\n\n\n<p><a href=\"https:\/\/www.humanite.fr\/social-et-economie\/agriculture\/suspension-du-plan-ecophyto-revenus-les-agriculteurs-bio-appellent-a-se-mobiliser-devant-lassemblee\" target=\"_blank\" rel=\"noreferrer noopener\">Suspension du plan Ecophyto, revenus\u2026 les agriculteurs bio appellent \u00e0 se mobiliser devant l\u2019Assembl\u00e9e<\/a>&nbsp; (L\u2019Humanit\u00e9)<\/p>\n\n\n\n<p><a href=\"https:\/\/www.alternatives-economiques.fr\/partage-de-daugmentations-prevues-cette-annee\/00109591\" target=\"_blank\" rel=\"noreferrer noopener\">Partage de la valeur : moins d\u2019augmentations pr\u00e9vues cette ann\u00e9e<\/a>&nbsp;(Alter \u00e9co)<\/p>\n\n\n\n<p><a href=\"https:\/\/www.mediapart.fr\/journal\/economie-et-social\/050224\/atos-le-demantelement-comme-seul-horizon\" target=\"_blank\" rel=\"noreferrer noopener\">Atos : le d\u00e9mant\u00e8lement comme seul horizon<\/a>&nbsp; -Martine Orange (M\u00e9diapart)<\/p>\n\n\n\n<p><strong>Monde<\/strong><\/p>\n\n\n\n<p><a href=\"https:\/\/www.ritimo.org\/Scandale-du-cobalt-responsable-de-BMW-et-Renault-au-Maroc\" target=\"_blank\" rel=\"noreferrer noopener\">Scandale du \u00ab cobalt responsable \u00bb de BMW et Renault au Maroc<\/a>&nbsp;(ritimo)<\/p>\n\n\n\n<p><a href=\"https:\/\/www.humanite.fr\/monde\/allemagne\/allemagne-lextreme-rigueur-budgetaire-favorise-la-progression-de-lafd-estime-uwe-karge-dirigeant-dig-metall\" target=\"_blank\" rel=\"noreferrer noopener\">Allemagne : \u00ab L\u2019extr\u00eame rigueur budg\u00e9taire favorise la progression de l\u2019AfD \u00bb, estime Uwe Karge, dirigeant d\u2019IG Metall<\/a>&nbsp;(L\u2019Humanit\u00e9)<\/p>\n\n\n\n<p><strong>Analyse<\/strong><\/p>\n\n\n\n<p><strong><a href=\"https:\/\/www.monde-diplomatique.fr\/2024\/02\/RUFFIN\/66572\" target=\"_blank\" rel=\"noreferrer noopener\">\u00c0 Jacques Delors, le grand march\u00e9 unique europ\u00e9en reconnaissant<\/a><\/strong>&nbsp;-Fran\u00e7ois Ruffin (Le Monde diplomatique)<\/p>\n\n\n\n<p><strong><mark style=\"background-color:rgba(0, 0, 0, 0);color:#ed1010\" class=\"has-inline-color\">5 f\u00e9vrier<\/mark><\/strong><\/p>\n\n\n\n<p><strong>France<\/strong><\/p>\n\n\n\n<p><a href=\"https:\/\/api.indigo-net.com\/email\/RedirectionEmailing?mail=n.chevillard@noos.fr&amp;ID=586314&amp;DOCIID=109703480&amp;ENAIID=860277&amp;RETOUR=SIMPLE&amp;link=https:\/\/www.lalettre.fr\/fr\/action-publique_elysee-matignon\/2024\/02\/05\/gabriel-attal-s-attaque-a-la-bureaucratie-avec-une-evaluation-vieille-de-vingt-ans,110155517-art?cxt=PUB&amp;utm_source=LLA&amp;utm_medium=email&amp;utm_campaign=AUTO_EDIT_SOM_PROS\" target=\"_blank\" rel=\"noreferrer noopener\"><strong>Gabriel Attal s&rsquo;attaque \u00e0 la bureaucratie avec une \u00e9valuation vieille de vingt ans<\/strong><\/a> (La lettre)<\/p>\n\n\n\n<p><a href=\"https:\/\/rapportsdeforce.fr\/breves\/valdunes-un-repreneur-mais-133-emplois-en-moins-020520342\" target=\"_blank\" rel=\"noreferrer noopener\">Valdunes : un repreneur trouv\u00e9 mais 133 emplois perdus<\/a>&nbsp;(Rapports de Force)<\/p>\n\n\n\n<p><a href=\"https:\/\/basta.media\/Trains-supprimes-bus-bondes-pourquoi-les-transports-en-commun-franciliens-sont-en-mode-degrade\" target=\"_blank\" rel=\"noreferrer noopener\">Trains supprim\u00e9s, bus bond\u00e9s : pourquoi les transports en commun franciliens sont en mode d\u00e9grad\u00e9<\/a>&nbsp;(Basta!)<\/p>\n\n\n\n<p><a href=\"https:\/\/www.alternatives-economiques.fr\/christian-chavagneux\/francais-limpot-4-lecons-surprenantes\/00109593\" target=\"_blank\" rel=\"noreferrer noopener\">Les Fran\u00e7ais et l\u2019imp\u00f4t : 4 le\u00e7ons surprenantes<\/a>&nbsp;(Alter \u00e9co)<\/p>\n\n\n\n<p><a href=\"https:\/\/www.60millions-mag.com\/2024\/02\/05\/que-cache-l-enorme-amende-infligee-la-societe-generale-22574\" target=\"_blank\" rel=\"noreferrer noopener\">Que cache l\u2019\u00e9norme amende inflig\u00e9e \u00e0 la Soci\u00e9t\u00e9 G\u00e9n\u00e9rale ?<\/a>&nbsp;(60 Millions de Consommateurs)<\/p>\n\n\n\n<p><a href=\"https:\/\/api.indigo-net.com\/email\/RedirectionEmailing?mail=n.chevillard@noos.fr&amp;ID=586314&amp;DOCIID=109703480&amp;ENAIID=860277&amp;RETOUR=SIMPLE&amp;link=https:\/\/www.lalettre.fr\/fr\/entreprises_conseil-et-services\/2024\/02\/05\/les-senateurs-vont-convoquer-le-top-management-d-atos-pour-se-pencher-sur-son-futur,110155532-eve?cxt=PUB&amp;utm_source=LLA&amp;utm_medium=email&amp;utm_campaign=AUTO_EDIT_SOM_PROS\" target=\"_blank\" rel=\"noreferrer noopener\">Les s\u00e9nateurs vont convoquer le top management d&rsquo;Atos pour se pencher sur son futur<\/a> (La lettre)<\/p>\n\n\n\n<p><a href=\"https:\/\/api.indigo-net.com\/email\/RedirectionEmailing?mail=n.chevillard@noos.fr&amp;ID=586311&amp;DOCIID=109703480&amp;ENAIID=860274&amp;RETOUR=SIMPLE&amp;link=https:\/\/www.intelligenceonline.fr\/grands-contrats\/2024\/02\/05\/mirage-2000d-a-kiev--dans-les-coulisses-des-ultimes-negociations-franco-ukrainiennes,110155127-eve?cxt=PUB&amp;utm_source=LMR&amp;utm_medium=email&amp;utm_campaign=AUTO_EDIT_SOM_PROS\" target=\"_blank\" rel=\"noreferrer noopener\">Mirage 2000D \u00e0 Kiev : dans les coulisses des ultimes n\u00e9gociations franco-ukrainiennes<\/a> (Intelligence Online)<\/p>\n\n\n\n<p><strong><a href=\"https:\/\/www.youtube.com\/watch?v=h2YRlpLhQmY&amp;ab_channel=BLAST%2CLesouffledel%27info\">La ferme des Bertrand : un contre mod\u00e8le au lib\u00e9ralisme agricole &#8211; Vid\u00e9o<\/a> <\/strong>(Blast)<\/p>\n\n\n\n<p><strong>Monde<\/strong><\/p>\n\n\n\n<p><a href=\"https:\/\/www.youtube.com\/watch?v=kBTV0R5ZjPQ\" target=\"_blank\" rel=\"noreferrer noopener\">Comment les multinationales pillent l&rsquo;<strong>Afrique<\/strong> ? Antoine Souef<\/a>&nbsp;(Educpop)<\/p>\n\n\n\n<p><a href=\"https:\/\/redirection.b2b.infopro-digital.com\/lnk\/AWkAADeKaJAAAcXFavIAAHnKuI0AAABZQTkAANzxAAwsSQBlwH0wh6rnN93qRvyg8NC9WqhPowAMCy8\/27\/VeEq9juGK08ibdjOOV5OoQ\/aHR0cDovL3d3dy51c2luZS1kaWdpdGFsZS5mci9hcnRpY2xlL2F1eC1wYXlzLWJhcy11YmVyLWVjb3BlLWQtdW5lLWFtZW5kZS1kZS0xMC1taWxsaW9ucy1kLWV1cm9zLXBvdXItbWF1dmFpc2UtZ2VzdGlvbi1kZXMtZG9ubmVlcy1wZXJzb25uZWxsZXMuTjIyMDc1NTk_dXRtX3NvdXJjZT1uZXdzbGV0dGVyJnV0bV9tZWRpdW09ZW1haWwmdXRtX2NhbXBhaWduPWluZm9fdWQtcXVvdGlkaWVubmUmZW1haWw9MjA0MzMyODY1MyZpZGJkZD01NjU2MQ\" target=\"_blank\" rel=\"noreferrer noopener\">Aux <strong>Pays-Bas<\/strong>, Uber \u00e9cope d\u2019une amende de 10 mns \u20ac pour mauvaise gestion des donn\u00e9es personnelles<\/a> (Usine Digitale)<\/p>\n\n\n\n<p><a><\/a><a href=\"https:\/\/reporterre.net\/PAC-libre-echange-en-Europe-la-droite-vote-contre-les-paysans?utm_source=newsletter&amp;utm_medium=email&amp;utm_campaign=nl_quotidienne\"><strong>PAC, libre-\u00e9change&nbsp;: en Europe, la droite vote contre les paysans<\/strong><\/a>&nbsp;(Reporterre)<\/p>\n\n\n\n<p><strong>Analyse<\/strong><\/p>\n\n\n\n<p><strong><a href=\"https:\/\/www.lemonde.fr\/idees\/article\/2024\/02\/04\/les-reponses-de-l-etat-a-la-crise-agricole-beneficient-plus-aux-grosses-unites-de-production-qu-aux-petites_6214734_3232.html\">Les r\u00e9ponses de l\u2019Etat \u00e0 la crise agricole b\u00e9n\u00e9ficient plus aux grosses unit\u00e9s de production qu\u2019aux petites<\/a><\/strong> (Tribune dans Le Monde)<\/p>\n\n\n\n<p><a href=\"https:\/\/www.alternatives-economiques.fr\/faut-vraiment-faire-bebes-relancer-leconomie\/00109568\" target=\"_blank\" rel=\"noreferrer noopener\">Faut-il vraiment faire des b\u00e9b\u00e9s pour relancer l&rsquo;\u00e9conomie ?<\/a>&nbsp;(Alter \u00e9co)<\/p>\n\n\n\n<p><a href=\"https:\/\/redirection.b2b.infopro-digital.com\/lnk\/AWkAADeKaJAAAcXFavIAAHnKuI0AAABZQTkAANzxAAwsSQBlwH0wh6rnN93qRvyg8NC9WqhPowAMCy8\/10\/VgJ6qwIz3cXIleXy9NVt6Q\/aHR0cDovL3d3dy51c2luZS1kaWdpdGFsZS5mci9hcnRpY2xlLzIwLWFucy1kZS1mYWNlYm9vay1jb21tZW50LWxlLXJlc2VhdS1zb2NpYWwtYS1tb2RlbGUtbm9zLXJhcHBvcnRzLWEtbC1pbmZvcm1hdGlvbi1ldC1hLWxhLXBvbGl0aXF1ZS5OMjIwNzU2OD91dG1fc291cmNlPW5ld3NsZXR0ZXImdXRtX21lZGl1bT1lbWFpbCZ1dG1fY2FtcGFpZ249aW5mb191ZC1xdW90aWRpZW5uZSZlbWFpbD0yMDQzMzI4NjUzJmlkYmRkPTU2NTYx\" target=\"_blank\" rel=\"noreferrer noopener\"><strong>20 ans de Facebook : comment le r\u00e9seau social a model\u00e9 nos rapports \u00e0 l&rsquo;information et \u00e0 la politique<\/strong><\/a><strong> <a>&nbsp;<\/a><\/strong>(Usine Digitale)<\/p>\n\n\n\n<p><strong><a href=\"https:\/\/www.monde-diplomatique.fr\/2024\/02\/DENOYEL\/66564\">Pourquoi des m\u00e9dicaments essentiels viennent \u00e0 manquer<\/a> <\/strong>(Le Monde Diplomatique)<\/p>\n\n\n\n<p><strong><mark style=\"background-color:rgba(0, 0, 0, 0);color:#ed1010\" class=\"has-inline-color\">4 f\u00e9vrier<\/mark><\/strong><\/p>\n\n\n\n<p><a href=\"https:\/\/www.youtube.com\/watch?v=mxgH1Dnf4tM\">Les milliardaires: un nouveau probl\u00e8me historique<\/a> (osons causer)<\/p>\n\n\n\n<p><strong><mark style=\"background-color:rgba(0, 0, 0, 0);color:#ed1010\" class=\"has-inline-color\">2 et 3 f\u00e9vrier<\/mark><\/strong><\/p>\n\n\n\n<p><strong>France<a><\/a><a><\/a><a><\/a><\/strong><\/p>\n\n\n\n<p><a href=\"https:\/\/www.boursorama.com\/actualite-economique\/actualites\/france-la-production-industrielle-progresse-en-decembre-e4970b9b242c53a02b86375395b38a85\">France : La production industrielle progresse en d\u00e9cembre<\/a> (Reuters)<\/p>\n\n\n\n<p><a href=\"https:\/\/www.alternatives-economiques.fr\/diagnostic-de-performance-energetique-dpe-detraque\/00109561\" target=\"_blank\" rel=\"noreferrer noopener\">Le diagnostic de performance \u00e9nerg\u00e9tique (DPE) est-il d\u00e9traqu\u00e9 ?<\/a>&nbsp;(Alter \u00e9co)<\/p>\n\n\n\n<p><a href=\"https:\/\/www.off-investigation.fr\/revolte-agricolele-productivisme-contre-notre-sante\/\" target=\"_blank\" rel=\"noreferrer noopener\">R\u00e9volte agricole. Le productivisme contre notre sant\u00e9<\/a>&nbsp;(Off Investigation)<\/p>\n\n\n\n<p><a href=\"https:\/\/www.lemonde.fr\/economie\/article\/2024\/02\/01\/agriculteurs-et-grande-distribution-ces-centrales-d-achat-internationales-qui-brouillent-les-regles_6214206_3234.html\"><strong>Agriculteurs : ces centrales d\u2019achat internationales qui brouillent les r\u00e8gles<\/strong><\/a> (Le Monde)<\/p>\n\n\n\n<p><a href=\"https:\/\/redirection.b2b.infopro-digital.com\/lnk\/AWIAADR2K0MAAcXFadAAAHnKuI0AAABZQUUAANzvAAwsSQBlu93T_IhKXDSoTnSYz9zHg5FoPwAMCy8\/7\/xMlfnLmK54dEmtCKiz8txA\/aHR0cDovL3d3dy51c2luZW5vdXZlbGxlLmNvbS9hcnRpY2xlL2ZhY2UtYXV4LTUtMDAwLXNpZ25hbGVtZW50cy1kZS1ydXB0dXJlcy1kZS1zdG9jay1hLWwtYWdlbmNlLWR1LW1lZGljYW1lbnQtbGVzLWluZHVzdHJpZWxzLXBoYXJtYWNldXRpcXVlcy1hdHRlbmRlbnQtbGV1ci1taW5pc3RyZS5OMjIwNzQ2MT91dG1fc291cmNlPW5ld3NsZXR0ZXImdXRtX21lZGl1bT1lbWFpbCZ1dG1fY2FtcGFpZ249aW5mb19sYS1xdW90aWRpZW5uZSZlbWFpbD0yMDQzMzI4NjUzJmlkYmRkPTU2NTU5\" target=\"_blank\" rel=\"noreferrer noopener\">Un record de 5 000 signalements de ruptures de stock \u00e0 l\u2019Agence du m\u00e9dicament<\/a> (Usine Nouvelle)<\/p>\n\n\n\n<p><a href=\"https:\/\/redirection.b2b.infopro-digital.com\/lnk\/AWIAADR2K0MAAcXFadAAAHnKuI0AAABZQUUAANzvAAwsSQBlu93T_IhKXDSoTnSYz9zHg5FoPwAMCy8\/20\/xtyfIUcUeGABjIDZhSEnWg\/aHR0cDovL3d3dy51c2luZW5vdXZlbGxlLmNvbS9lZGl0b3JpYWwvbGEtY291ci1kZXMtY29tcHRlcy1zLWFsYXJtZS1kZXMtZmFpbGxlcy1kdS1jb250cm9sZS1kZXMtc2l0ZXMtaW5kdXN0cmllbHMtY2xhc3Nlcy5OMjIwNzQ0Mj91dG1fc291cmNlPW5ld3NsZXR0ZXImdXRtX21lZGl1bT1lbWFpbCZ1dG1fY2FtcGFpZ249aW5mb19sYS1xdW90aWRpZW5uZSZlbWFpbD0yMDQzMzI4NjUzJmlkYmRkPTU2NTU5\" target=\"_blank\" rel=\"noreferrer noopener\">La Cour des comptes s\u2019alarme des failles du contr\u00f4le des sites industriels class\u00e9s<\/a> (Usine Nouvelle)<\/p>\n\n\n\n<p><strong>Monde<\/strong><\/p>\n\n\n\n<p><a href=\"https:\/\/www.boursorama.com\/actualite-economique\/actualites\/argentine-les-reformes-de-l-ultraliberal-milei-passent-une-premiere-etape-au-parlement-9d51049a18036aab1d207cdb3ab3c246\">Argentine : les r\u00e9formes de l&rsquo;ultralib\u00e9ral Milei passent une premi\u00e8re \u00e9tape au Parlement<\/a> (AFP) &nbsp;&nbsp;<\/p>\n\n\n\n<p><a href=\"https:\/\/www.boursorama.com\/actualite-economique\/actualites\/cma-cgm-suspend-le-trafic-de-sa-flotte-par-la-mer-rouge-3f2f0225876227c55e73616b9619a7b2\">CMA CGM suspend le trafic de sa flotte par la mer Rouge<\/a> (Reuters)<\/p>\n\n\n\n<p><a href=\"https:\/\/www.boursorama.com\/videos\/actualites\/l-allemagne-de-nouveau-bloquee-par-une-greve-des-transports-57c46a0fb51a7689d32ce717ff07acf2\">L&rsquo;Allemagne de nouveau bloqu\u00e9e par une gr\u00e8ve des transports<\/a> (France 24)<\/p>\n\n\n\n<p><a href=\"https:\/\/prixdubaril.com\/news-petrole\/72426-petrole-le-qatar-octroie-6-milliards-de.html\">P\u00e9trole : le Qatar octroie 6 milliards de dollars de contrats<\/a> (Prixdubaril)<\/p>\n\n\n\n<p><a href=\"https:\/\/www.boursorama.com\/actualite-economique\/actualites\/les-prix-alimentaires-mondiaux-se-replient-un-peu-en-janvier-selon-la-fao-b590cdd2a84168b06c7d276e92d1a995\">Les prix alimentaires mondiaux se replient un peu en janvier, selon la FAO<\/a> (Boursorama)&nbsp;&nbsp;<\/p>\n\n\n\n<p><a href=\"https:\/\/www.lemonde.fr\/economie\/article\/2024\/01\/31\/brexit-le-royaume-uni-impose-de-nouveaux-controles-sur-les-exportations-europeennes_6214116_3234.html\">Brexit&nbsp;: le Royaume-Uni impose de&nbsp;nouveaux contr\u00f4les aux exportations europ\u00e9ennes<\/a> (Le Monde)<\/p>\n\n\n\n<p><a href=\"https:\/\/redirection.b2b.infopro-digital.com\/lnk\/AWIAADR2K0MAAcXFadAAAHnKuI0AAABZQUUAANzvAAwsSQBlu93T_IhKXDSoTnSYz9zHg5FoPwAMCy8\/4\/Fq7S8HkpEeRqYxqv9incaA\/aHR0cDovL3d3dy51c2luZW5vdXZlbGxlLmNvbS9hcnRpY2xlL2NlLWRlZmF1dC1wcmVvY2N1cGFudC1kdS03MzctbWF4LXF1ZS1ib2VpbmctZG9pdC1lbmNvcmUtcmVnbGVyLk4yMjA3NDgzP3V0bV9zb3VyY2U9bmV3c2xldHRlciZ1dG1fbWVkaXVtPWVtYWlsJnV0bV9jYW1wYWlnbj1pbmZvX2xhLXF1b3RpZGllbm5lJmVtYWlsPTIwNDMzMjg2NTMmaWRiZGQ9NTY1NTk\" target=\"_blank\" rel=\"noreferrer noopener\">Ce d\u00e9faut pr\u00e9occupant du 737 MAX que Boeing doit encore r\u00e9gler<\/a> (Usine Nouvelle)<\/p>\n\n\n\n<p><a href=\"https:\/\/www.lemonde.fr\/planete\/article\/2024\/01\/31\/demographie-une-baisse-spectaculaire-de-la-fecondite-dans-le-monde-en-vingt-ans_6213933_3244.html\">D\u00e9mographie&nbsp;: une baisse \u00abspectaculaire\u00bb de la f\u00e9condit\u00e9 dans le monde en vingt ans<\/a> (Le Monde)<\/p>\n\n\n\n<p><strong>Analyse<\/strong><\/p>\n\n\n\n<p><a href=\"https:\/\/www.alternatives-economiques.fr\/six-graphiques-prendre-mesure-de-crise-logement\/00109581\" target=\"_blank\" rel=\"noreferrer noopener\">Six graphiques pour prendre la mesure de la crise du logement<\/a>&nbsp;(Alter \u00e9co)<\/p>\n\n\n\n<p><a href=\"https:\/\/link.newsletter.franceculture.fr\/m\/ml\/7429\/851371\/NMNMw9fRZHlmFaoIIVce4G9C5lXTLJmivm821gAfcU8=\/EhGdoCs+qtxAwXeRaOq9mX1ANVcMPAPQ\/\" target=\"_blank\" rel=\"noreferrer noopener\">Agriculteurs, in\u00e9galit\u00e9s sociales, IA&nbsp;: l\u2019\u00e9conomie d\u00e9shumanis\u00e9e&nbsp;? Avec l&rsquo;\u00e9conomiste Esther Duflo<\/a> (France Culture)<\/p>\n\n\n\n<p><a href=\"https:\/\/www.boursorama.com\/videos\/actualites\/immobilier-placements-comment-investissent-les-grandes-fortunes-dans-le-monde-24ec53b32460cdc078914c9c224bf301\">Immobilier, placements : comment investissent les grandes fortunes dans le monde ?<\/a> (Ecorama)<\/p>\n\n\n\n<p><a href=\"https:\/\/r.info.newsletter-dgtresor.fr\/mk\/cl\/f\/sh\/6rqJfgq8dINmO7oIiP6yOxWKDCL\/4YFe4VI7vLZc\" target=\"_blank\" rel=\"noreferrer noopener\">&nbsp;Les d\u00e9pendances des \u00e9conomies \u00e9mergentes \u00e0 la croissance Chinoise<\/a> (Tr\u00e9sor \u00e9co)<\/p>\n\n\n\n<p><a href=\"https:\/\/www.boursorama.com\/videos\/actualites\/argent-facile-et-faux-reportages-quand-l-ia-alimente-les-arnaques-f99b3231f78956c919c447de42c2dfaf\">Argent facile et faux reportages : quand l&rsquo;IA alimente les arnaques<\/a> (France 24)<\/p>\n\n\n\n<p><\/p>\n\n\n\n<p><strong><mark style=\"background-color:rgba(0, 0, 0, 0);color:#ed1010\" class=\"has-inline-color\">1er f\u00e9vrier<\/mark><\/strong><\/p>\n\n\n\n<p><strong>France<\/strong><\/p>\n\n\n\n<p><a href=\"https:\/\/www.humanite.fr\/social-et-economie\/banques\/cac-40-benefices-records-pour-la-bnp-paribas\" target=\"_blank\" rel=\"noreferrer noopener\">CAC 40 : b\u00e9n\u00e9fices records pour la BNP Paribas<\/a>&nbsp;(L\u2019Humanit\u00e9)<\/p>\n\n\n\n<p><a href=\"https:\/\/www.alternatives-economiques.fr\/autoroutes-concedees-prive-letat-reprendre-volant\/00109544\" target=\"_blank\" rel=\"noreferrer noopener\">Autoroutes conc\u00e9d\u00e9es au priv\u00e9 : l\u2019Etat peut-il reprendre le volant ?<\/a>&nbsp;(Alter \u00e9co)<\/p>\n\n\n\n<p><a href=\"https:\/\/basta.media\/Crise-agricole-vers-un-recul-ecologique-et-social-orchestre-par-la-FNSEA-et-l-agrobusiness-normes-environnementales\" target=\"_blank\" rel=\"noreferrer noopener\">Crise agricole : vers un recul \u00e9cologique et social orchestr\u00e9 par la FNSEA et l&rsquo;agrobusiness ?<\/a>&nbsp;(Basta!)<\/p>\n\n\n\n<p><a href=\"https:\/\/link.newsletter.franceculture.fr\/m\/ml\/7429\/851171\/3fDl823S7_zIy4gMCVebUW9C5lXTLJmivm821gAfcU8=\/TqZeUkrSOVyanP8oAXJ+xKxHrzWLJ76gyBf4ve4ziys=\/\" target=\"_blank\" rel=\"noreferrer noopener\">Agriculteurs&nbsp;: les espoirs en jach\u00e8re&nbsp;?<\/a> (France Culture)<\/p>\n\n\n\n<p><a href=\"https:\/\/redirection.b2b.infopro-digital.com\/lnk\/AUoAADVLccQAAcXFaPAAAHnKuI0AAABZQUUAANzvAAwsSQBlupJ9RbLCsn8rSeOMpcAZaXU_ewAMCy8\/4\/p4reB9-9QkQcHVby0tbwfw\/aHR0cDovL3d3dy51c2luZW5vdXZlbGxlLmNvbS9lZGl0b3JpYWwvYWxlcnRlLXJvdWdlLXN1ci1sYS1jb21wZXRpdGl2aXRlLWZyYW5jYWlzZS5OMjIwNzI2Nj91dG1fc291cmNlPW5ld3NsZXR0ZXImdXRtX21lZGl1bT1lbWFpbCZ1dG1fY2FtcGFpZ249aW5mb19sYS1xdW90aWRpZW5uZSZlbWFpbD0yMDQzMzI4NjUzJmlkYmRkPTU2NTU5\" target=\"_blank\" rel=\"noreferrer noopener\">Alerte rouge sur la comp\u00e9titivit\u00e9 fran\u00e7aise<\/a> (Usine Nouvelle)<\/p>\n\n\n\n<p><a href=\"https:\/\/redirection.b2b.infopro-digital.com\/lnk\/AUoAADVLccQAAcXFaPAAAHnKuI0AAABZQUUAANzvAAwsSQBlupJ9RbLCsn8rSeOMpcAZaXU_ewAMCy8\/7\/a8sCOu0foKxBnuqMqVEC6A\/aHR0cDovL3d3dy51c2luZW5vdXZlbGxlLmNvbS9hcnRpY2xlL2FpcmJ1cy1kYXNzYXVsdC1zYWZyYW4tdW5lLWNvbnRyZS1wcm9kdWN0aXZlLWd1ZXJyZS1kZXMtdGFsZW50cy1hdmVjLWxlcy1zb3VzLXRyYWl0YW50cy5OMjIwNzIzMj91dG1fc291cmNlPW5ld3NsZXR0ZXImdXRtX21lZGl1bT1lbWFpbCZ1dG1fY2FtcGFpZ249aW5mb19sYS1xdW90aWRpZW5uZSZlbWFpbD0yMDQzMzI4NjUzJmlkYmRkPTU2NTU5\" target=\"_blank\" rel=\"noreferrer noopener\">Airbus, Dassault, Safran\u2026 Une contre-productive guerre des talents avec les sous-traitants ?<\/a> (Usine Nouvelle)<\/p>\n\n\n\n<p><a href=\"https:\/\/redirection.b2b.infopro-digital.com\/lnk\/AUoAADVLccQAAcXFaPAAAHnKuI0AAABZQUUAANzvAAwsSQBlupJ9RbLCsn8rSeOMpcAZaXU_ewAMCy8\/20\/JzVIlB55HIFAbDPx_btxDQ\/aHR0cDovL3d3dy51c2luZW5vdXZlbGxlLmNvbS9lZGl0b3JpYWwvbGEtc3RhcnQtdXAtZGlvbnltZXItcmV1c3NpdC1hLWZhYnJpcXVlci11bi1iaW9wbGFzdGlxdWUtYXZlYy1ub3MtZGVjaGV0cy1hbGltZW50YWlyZXMuTjIyMDY3Mjg_dXRtX3NvdXJjZT1uZXdzbGV0dGVyJnV0bV9tZWRpdW09ZW1haWwmdXRtX2NhbXBhaWduPWluZm9fbGEtcXVvdGlkaWVubmUmZW1haWw9MjA0MzMyODY1MyZpZGJkZD01NjU1OQ\" target=\"_blank\" rel=\"noreferrer noopener\">La start-up Dionymer r\u00e9ussit \u00e0 fabriquer un bioplastique avec nos d\u00e9chets alimentaires<\/a> (Usine Nouvelle)<\/p>\n\n\n\n<p><strong>Monde<\/strong><\/p>\n\n\n\n<p><a href=\"https:\/\/www.natura-sciences.com\/comprendre\/uranium-securite-approvisionnement-europe.html\" target=\"_blank\" rel=\"noreferrer noopener\">Uranium : quelle s\u00e9curit\u00e9 d\u2019approvisionnement pour l\u2019Europe ?<\/a>&nbsp;(Natura Sciences)<\/p>\n\n\n\n<p><a href=\"https:\/\/redirection.b2b.infopro-digital.com\/lnk\/AUoAADVLccQAAcXFaPAAAHnKuI0AAABZQUUAANzvAAwsSQBlupJ9RbLCsn8rSeOMpcAZaXU_ewAMCy8\/14\/p-3jm2ageqJGzS-ZdmYaew\/aHR0cDovL3d3dy51c2luZW5vdXZlbGxlLmNvbS9hcnRpY2xlL2JvZWluZy1yZXBvcnRlLWwtYW5ub25jZS1kZS1zZXMtcGVyc3BlY3RpdmVzLXBvdXItMjAyNC5OMjIwNzQxND91dG1fc291cmNlPW5ld3NsZXR0ZXImdXRtX21lZGl1bT1lbWFpbCZ1dG1fY2FtcGFpZ249aW5mb19sYS1xdW90aWRpZW5uZSZlbWFpbD0yMDQzMzI4NjUzJmlkYmRkPTU2NTU5\" target=\"_blank\" rel=\"noreferrer noopener\">En crise, Boeing renonce \u00e0 faire des pr\u00e9visions pour 2024<\/a> (Usine Nouvelle)<\/p>\n\n\n\n<p><a href=\"https:\/\/redirection.b2b.infopro-digital.com\/lnk\/AV4AADSljVAAAcXFaRAAAHnKuI0AAABZQTkAANzxAAwsSQBlu0Eoc8RcRBR3Q0avc_7tSHAh1gAMCy8\/23\/XjMtuOWq5fLwEFheKLuvRQ\/aHR0cDovL3d3dy51c2luZS1kaWdpdGFsZS5mci9hcnRpY2xlL21hbGdyZS11bmUtYm9ubmUtYW5uZWUtMjAyMy1wYXlwYWwtc3VwcHJpbWUtMjUwMC1wb3N0ZXMtcG91ci1yZWR1aXJlLWVuY29yZS1zZXMtY291dHMuTjIyMDc0Mzk_dXRtX3NvdXJjZT1uZXdzbGV0dGVyJnV0bV9tZWRpdW09ZW1haWwmdXRtX2NhbXBhaWduPWluZm9fdWQtcXVvdGlkaWVubmUmZW1haWw9MjA0MzMyODY1MyZpZGJkZD01NjU2MQ\" target=\"_blank\" rel=\"noreferrer noopener\">Malgr\u00e9 une bonne ann\u00e9e 2023, PayPal supprime 2500 postes pour r\u00e9duire encore ses co\u00fbts<\/a> (Usine Digitale)<\/p>\n\n\n\n<p><a href=\"https:\/\/lvsl.fr\/une-fournaise-sous-embargo-financier-la-tenaille-qui-sest-refermee-sur-liran\/?utm_source=sendinblue&amp;utm_campaign=Newsletter_Derniers_Articles&amp;utm_medium=email\">Sous embargo financier&nbsp;: la tenaille qui s\u2019est referm\u00e9e sur l\u2019Iran<\/a> (LVSL)<\/p>\n\n\n\n<p><strong>Analyse<\/strong><\/p>\n\n\n\n<p><a href=\"https:\/\/www.mediapart.fr\/journal\/international\/010224\/politique-agricole-le-contre-exemple-americain\" target=\"_blank\" rel=\"noreferrer noopener\">Politique agricole : le contre-exemple am\u00e9ricain<\/a>&nbsp; -Martine Orange (M\u00e9diapart)<\/p>\n\n\n\n<p><a href=\"https:\/\/www.alternatives-economiques.fr\/voitures-nen-finissent-plus-de-grossir-3-autres-infographies-a-ne-r\/00109560\" target=\"_blank\" rel=\"noreferrer noopener\">Les voitures n&rsquo;en finissent plus de grossir et 3 autres infographies<\/a> (Alter \u00e9co)<\/p>\n\n\n\n<p><a href=\"https:\/\/www.lemonde.fr\/idees\/article\/2024\/02\/01\/pourquoi-les-salaires-au-dessus-du-smic-augmentent-ils-si-peu-alors-que-le-chomage-baisse_6214171_3232.html\">\u00ab&nbsp;Pourquoi les salaires au-dessus du smic augmentent-ils si peu alors que le ch\u00f4mage baisse&nbsp;?&nbsp;\u00bb<\/a> (Le Monde)<a href=\"https:\/\/www.lemonde.fr\/emploi\/article\/2024\/02\/01\/mckinsey-pour-le-meilleur-et-pour-le-pire-la-face-sombre-du-geant-du-conseil_6214181_1698637.html\"><\/a><\/p>\n\n\n\n<p><a href=\"https:\/\/www.lemonde.fr\/emploi\/article\/2024\/02\/01\/mckinsey-pour-le-meilleur-et-pour-le-pire-la-face-sombre-du-geant-du-conseil_6214181_1698637.html\">\u00ab&nbsp;McKinsey, pour le meilleur et pour le pire&nbsp;\u00bb&nbsp;: la face sombre du g\u00e9ant du conseil<\/a> (Le Monde)<\/p>\n\n\n\n<p><a href=\"https:\/\/link.newsletter.franceculture.fr\/m\/ml\/7429\/851171\/3fDl823S7_zIy4gMCVebUW9C5lXTLJmivm821gAfcU8=\/TqZeUkrSOVyanP8oAXJ+xKfmhBC5Os1BKLb96bDnbRE=\/\" target=\"_blank\" rel=\"noreferrer noopener\">Que reste-t-il du livre de Marx \u00ab\u00a0Le Capital\u00a0\u00bb ?<\/a> (France Culture)<\/p>\n\n\n\n<p><a href=\"https:\/\/www.contretemps.eu\/francois-chesnais-economie-technologie-production-capitalisme\/\"><strong>Fran\u00e7ois Chesnais : une contribution incontournable \u00e0 l\u2019analyse du capitalisme<\/strong><\/a>&nbsp;(Contretemps)<\/p>\n\n\n\n<p><\/p>\n","protected":false},"excerpt":{"rendered":"<p>27 et 28 f\u00e9vrier France Apr\u00e8s l\u2019\u00e9chec des n\u00e9gociations avec Daniel Kretinsky, quelles options pour Atos ? (Usine Nouvelle) Atos : le consortium Astek-ChapsVision revient \u00e0 la charge (La Lettre) Banderole \u00abTax the Rich\u00bb sur l\u2019h\u00f4tel Vuitton : une \u00e9ni\u00e8me surench\u00e8re r\u00e9pressive\u00a0(Attac) Attac d\u00e9ploie une banderole g\u00e9ante sur la fa\u00e7ade du futur h\u00f4tel LVMH de &#8230; <a title=\"F\u00e9vrier &#8211; \u00c9conomie\" class=\"read-more\" href=\"https:\/\/www.rdpemancipation.org\/?p=125019\" aria-label=\"En savoir plus sur F\u00e9vrier &#8211; \u00c9conomie\">Lire la suite<\/a><\/p>\n","protected":false},"author":1,"featured_media":0,"comment_status":"closed","ping_status":"closed","sticky":false,"template":"","format":"standard","meta":{"_lmt_disableupdate":"","_lmt_disable":"","_jetpack_memberships_contains_paid_content":false,"footnotes":""},"categories":[11],"tags":[],"class_list":["post-125019","post","type-post","status-publish","format-standard","hentry","category-economie"],"modified_by":"nch","jetpack_featured_media_url":"","jetpack_sharing_enabled":true,"_links":{"self":[{"href":"https:\/\/www.rdpemancipation.org\/index.php?rest_route=\/wp\/v2\/posts\/125019","targetHints":{"allow":["GET"]}}],"collection":[{"href":"https:\/\/www.rdpemancipation.org\/index.php?rest_route=\/wp\/v2\/posts"}],"about":[{"href":"https:\/\/www.rdpemancipation.org\/index.php?rest_route=\/wp\/v2\/types\/post"}],"author":[{"embeddable":true,"href":"https:\/\/www.rdpemancipation.org\/index.php?rest_route=\/wp\/v2\/users\/1"}],"replies":[{"embeddable":true,"href":"https:\/\/www.rdpemancipation.org\/index.php?rest_route=%2Fwp%2Fv2%2Fcomments&post=125019"}],"version-history":[{"count":39,"href":"https:\/\/www.rdpemancipation.org\/index.php?rest_route=\/wp\/v2\/posts\/125019\/revisions"}],"predecessor-version":[{"id":126128,"href":"https:\/\/www.rdpemancipation.org\/index.php?rest_route=\/wp\/v2\/posts\/125019\/revisions\/126128"}],"wp:attachment":[{"href":"https:\/\/www.rdpemancipation.org\/index.php?rest_route=%2Fwp%2Fv2%2Fmedia&parent=125019"}],"wp:term":[{"taxonomy":"category","embeddable":true,"href":"https:\/\/www.rdpemancipation.org\/index.php?rest_route=%2Fwp%2Fv2%2Fcategories&post=125019"},{"taxonomy":"post_tag","embeddable":true,"href":"https:\/\/www.rdpemancipation.org\/index.php?rest_route=%2Fwp%2Fv2%2Ftags&post=125019"}],"curies":[{"name":"wp","href":"https:\/\/api.w.org\/{rel}","templated":true}]}}