{"id":125017,"date":"2024-02-01T01:30:00","date_gmt":"2024-02-01T00:30:00","guid":{"rendered":"https:\/\/www.rdpemancipation.org\/?p=125017"},"modified":"2024-02-28T18:58:53","modified_gmt":"2024-02-28T17:58:53","slug":"fevrier-leur-etat-4","status":"publish","type":"post","link":"https:\/\/www.rdpemancipation.org\/?p=125017","title":{"rendered":"F\u00e9vrier &#8211; Leur \u00c9tat"},"content":{"rendered":"\n<p><strong><mark style=\"background-color:rgba(0, 0, 0, 0);color:#ed1010\" class=\"has-inline-color\">28 f\u00e9vrier<\/mark><\/strong><\/p>\n\n\n\n<p><a href=\"https:\/\/www.monde-diplomatique.fr\/2024\/03\/BREVILLE\/66629\">Punitions collectives<\/a> (Le Monde Diplomatique)<\/p>\n\n\n\n<p><strong><mark style=\"background-color:rgba(0, 0, 0, 0);color:#ed1010\" class=\"has-inline-color\">24 f\u00e9vrier<\/mark><\/strong><\/p>\n\n\n\n<p><a href=\"https:\/\/www.liberation.fr\/societe\/police-justice\/au-cra-de-vincennes-de-nouveaux-soupcons-de-violences-policieres-envers-des-retenus-20240224_CE7K7KKO2NAMFELMYNNKKOQTUA\/\">Au CRA de Vincennes, de nouveaux soup\u00e7ons de violences polici\u00e8res envers des retenus<\/a> (Lib\u00e9ration)<\/p>\n\n\n\n<p><strong><mark style=\"background-color:rgba(0, 0, 0, 0);color:#ed1010\" class=\"has-inline-color\">20 f\u00e9vrier<\/mark><\/strong><\/p>\n\n\n\n<p><a href=\"https:\/\/9tcmw.r.sp1-brevo.net\/mk\/cl\/f\/sh\/7nVU1aA2nfwMGwU57tR0s8tKfbpJsbl\/kDFPyfOzrHTi\" target=\"_blank\" rel=\"noreferrer noopener\">\u00ab&nbsp;Les policiers recevaient l\u2019instruction de proc\u00e9der \u00e0 des \u00ab\u00a0\u00e9victions d\u2019ind\u00e9sirables\u00a0\u00bb&nbsp;\u00bb<\/a> (Basta!)<\/p>\n\n\n\n<p><strong><a href=\"https:\/\/www.mediapart.fr\/journal\/international\/180224\/l-ancien-patron-de-frontex-rejoint-le-rassemblement-national-pour-les-europeennes\">L\u2019ex-patron de Frontex rejoint le RN<\/a>&nbsp;<\/strong>(M\u00e9diapart)<\/p>\n\n\n\n<p><a href=\"https:\/\/link.newsletter.franceculture.fr\/m\/ml\/7429\/855086\/JQzDsveOejQ7o0SpGmrkCG9C5lXTLJmivm821gAfcU8=\/yg-Wwk1Hgbh5oBWAbkDEE69DkBVIKphoKRZqvIU5iEA=\/\">Frontex, comment sont gard\u00e9es les fronti\u00e8res de l\u2019Union europ\u00e9enne&nbsp;?<\/a>&nbsp;(France Culture)<\/p>\n\n\n\n<p><strong><mark style=\"background-color:rgba(0, 0, 0, 0);color:#ed1010\" class=\"has-inline-color\">19 f\u00e9vrier<\/mark><\/strong><\/p>\n\n\n\n<p><strong><a href=\"https:\/\/www.blast-info.fr\/articles\/2024\/violence-et-racisme-a-bruxelles-les-chefs-de-la-police-imposent-lomerta-zPP-bGqBTyqoak4lnagCKg\" target=\"_blank\" rel=\"noreferrer noopener\">Violence et racisme : \u00c0 Bruxelles, les chefs de la police imposent l\u2019omerta<\/a>&nbsp;<\/strong>(Blast)<\/p>\n\n\n\n<p><a href=\"https:\/\/infos.lemonde.fr\/optiext\/optiextension.dll?ID=RjiRlIQJeiYpgFihnd75eP8uvpiwLvJTUNdopLqZmluwgNVBdSZ1V59o4CstKrx1wJ5KJCOpizzwORcRPD4SpIQSsrBCIVqVYfawRFl3\" target=\"_blank\" rel=\"noreferrer noopener\">Violences contre un \u00ab&nbsp;gilet jaune&nbsp;\u00bb&nbsp;: six mois de prison avec sursis pour un policier<\/a> (Le Monde)<\/p>\n\n\n\n<p><a href=\"https:\/\/www.politis.fr\/articles\/2024\/02\/eclats-et-traumatismes-sonores-les-nouvelles-grenades-du-maintien-de-lordre\/\" target=\"_blank\" rel=\"noreferrer noopener\">\u00c9clats et traumatismes sonores : les nouvelles grenades du maintien de l\u2019ordre<\/a>&nbsp;(Politis)<\/p>\n\n\n\n<p><strong><mark style=\"background-color:rgba(0, 0, 0, 0);color:#ed1010\" class=\"has-inline-color\">10 f\u00e9vrier<\/mark><\/strong><\/p>\n\n\n\n<p><a href=\"https:\/\/rebellyon.info\/La-France-condamnee-pour-la-nasse-du-21-25653\">La France condamn\u00e9e pour la nasse du 21&nbsp;octobre 2010&nbsp;; et apr\u00e8s&nbsp;?<\/a>&nbsp;(Rebellyon)<\/p>\n\n\n\n<p><a href=\"https:\/\/www.mediapart.fr\/journal\/france\/080224\/pour-la-premiere-fois-la-france-est-condamnee-pour-une-nasse-policiere\"><strong>Pour la premi\u00e8re fois, la France est condamn\u00e9e pour une nasse polici\u00e8re<\/strong><\/a> (M\u00e9diapart)<\/p>\n\n\n\n<p><a href=\"https:\/\/www.humanite.fr\/social-et-economie\/cedh\/nasses-policieres-la-france-condamnee-par-la-cedh\" target=\"_blank\" rel=\"noreferrer noopener\">Nasses polici\u00e8res : La France condamn\u00e9e par la CEDH<\/a>&nbsp;(L\u2019Humanit\u00e9)<\/p>\n\n\n\n<p><a href=\"https:\/\/www.politis.fr\/articles\/2024\/02\/remaniement-emmanuel-macron-nomme-un-gouvernement-de-guerre-sociale\/\">Remaniement : Emmanuel Macron nomme un gouvernement de \u00ab guerre sociale \u00bb<\/a>&nbsp;(Politis)<\/p>\n\n\n\n<p><a href=\"https:\/\/www.francetvinfo.fr\/france\/occitanie\/en-images-autoroute-a89-nouvelle-intervention-de-gendarmerie-sur-la-zad-des-opposants_6355657.html\">A69 : une nouvelle intervention des gendarmes sur la ZAD des opposants au projet&nbsp;d\u2019autoroute<\/a>&nbsp;(France Info)<\/p>\n\n\n\n<p><strong><mark style=\"background-color:rgba(0, 0, 0, 0);color:#ed1010\" class=\"has-inline-color\">7 f\u00e9vrier<\/mark><\/strong><\/p>\n\n\n\n<p><a href=\"https:\/\/www.causette.fr\/societe\/en-france\/le-commissaire-mis-en-examen-pour-la-mort-de-steve-a-nantes-va-etre-promu-quelques-jours-avant-son-proces\/\" target=\"_blank\" rel=\"noreferrer noopener\">Le commissaire mis en examen pour la mort de Steve, \u00e0 Nantes, va \u00eatre promu quelques jours avant son proc\u00e8s<\/a>&nbsp;(Causette)<\/p>\n\n\n\n<p><a href=\"https:\/\/basta.media\/bilal-tase-et-tue-par-balle-comment-une-expulsion-locative-a-vire-au-drame\" target=\"_blank\" rel=\"noreferrer noopener\">Bilal, tas\u00e9 et tu\u00e9 par balle : comment une expulsion locative a vir\u00e9 au drame<\/a>&nbsp;(Basta!)<\/p>\n\n\n\n<p><a href=\"https:\/\/www.rue89strasbourg.com\/mere-enzo-zones-ombre-classement-sans-suite-plainte-292763\" target=\"_blank\" rel=\"noreferrer noopener\">La m\u00e8re d\u2019Enzo, noy\u00e9 dans l\u2019Ill, d\u00e9nonce des zones d\u2019ombre apr\u00e8s le classement de sa plainte<\/a>&nbsp;(Rue89 Strasbourg)<\/p>\n\n\n\n<p><strong><mark style=\"background-color:rgba(0, 0, 0, 0);color:#ed1010\" class=\"has-inline-color\">3 f\u00e9vrier<\/mark><\/strong><\/p>\n\n\n\n<p><a href=\"https:\/\/www.blast-info.fr\/articles\/2024\/bilal-m-tue-par-la-police-victime-oubliee-de-lexpulsion-locative-HxGl2kXTRS6J1__mXps4iA\" target=\"_blank\" rel=\"noreferrer noopener\"><strong>Bilal M., tu\u00e9 par la police : victime oubli\u00e9e de l\u2019expulsion locative<\/strong><\/a>&nbsp;(Blast)<\/p>\n\n\n\n<p><a href=\"https:\/\/www.blast-info.fr\/emissions\/2024\/bilal-m-revelations-sur-un-homicide-policier-cache-par-le-pouvoir-sO16oeSdSDipkz6479bzyA\" target=\"_blank\" rel=\"noreferrer noopener\">Bilal M. : R\u00e9v\u00e9lations sur un homicide policier cach\u00e9 par le pouvoir<\/a>&nbsp;(Blast)<\/p>\n\n\n\n<p><a href=\"https:\/\/cqfd-journal.org\/Affaire-Legay-Tout-le-monde-a\" target=\"_blank\" rel=\"noreferrer noopener\">Affaire Legay&nbsp;: \u00ab&nbsp;Tout&nbsp;le monde a&nbsp;menti pour prot\u00e9ger l&rsquo;institution polici\u00e8re&nbsp;\u00bb<\/a>&nbsp;(CQFD)<\/p>\n\n\n\n<p><strong><mark style=\"background-color:rgba(0, 0, 0, 0);color:#ed1010\" class=\"has-inline-color\">1er f\u00e9vrier<\/mark><\/strong><\/p>\n\n\n\n<p><a href=\"https:\/\/www.ldh-france.org\/contre-la-desorganisation-de-la-gouvernance-des-risques-nucleaires-et-radiologiques\/\" target=\"_blank\" rel=\"noreferrer noopener\">Contre la d\u00e9sorganisation de la gouvernance des risques nucl\u00e9aires et radiologiques<\/a>&nbsp;(LDH)<\/p>\n\n\n\n<p><a href=\"https:\/\/www.laquadrature.net\/2024\/01\/30\/la-france-cree-un-fichier-des-personnes-trans\/\" target=\"_blank\" rel=\"noreferrer noopener\">La France cr\u00e9e un fichier des personnes trans<\/a>&nbsp;(La Quadrature du Net)<\/p>\n\n\n\n<p><\/p>\n","protected":false},"excerpt":{"rendered":"<p>28 f\u00e9vrier Punitions collectives (Le Monde Diplomatique) 24 f\u00e9vrier Au CRA de Vincennes, de nouveaux soup\u00e7ons de violences polici\u00e8res envers des retenus (Lib\u00e9ration) 20 f\u00e9vrier \u00ab&nbsp;Les policiers recevaient l\u2019instruction de proc\u00e9der \u00e0 des \u00ab\u00a0\u00e9victions d\u2019ind\u00e9sirables\u00a0\u00bb&nbsp;\u00bb (Basta!) L\u2019ex-patron de Frontex rejoint le RN&nbsp;(M\u00e9diapart) Frontex, comment sont gard\u00e9es les fronti\u00e8res de l\u2019Union europ\u00e9enne&nbsp;?&nbsp;(France Culture) 19 f\u00e9vrier Violence &#8230; <a title=\"F\u00e9vrier &#8211; Leur \u00c9tat\" class=\"read-more\" href=\"https:\/\/www.rdpemancipation.org\/?p=125017\" aria-label=\"En savoir plus sur F\u00e9vrier &#8211; Leur \u00c9tat\">Lire la suite<\/a><\/p>\n","protected":false},"author":1,"featured_media":0,"comment_status":"closed","ping_status":"closed","sticky":false,"template":"","format":"standard","meta":{"_lmt_disableupdate":"","_lmt_disable":"","_jetpack_memberships_contains_paid_content":false,"footnotes":""},"categories":[5],"tags":[],"class_list":["post-125017","post","type-post","status-publish","format-standard","hentry","category-leur-etat"],"modified_by":"rdpemancipation","jetpack_featured_media_url":"","jetpack_sharing_enabled":true,"_links":{"self":[{"href":"https:\/\/www.rdpemancipation.org\/index.php?rest_route=\/wp\/v2\/posts\/125017","targetHints":{"allow":["GET"]}}],"collection":[{"href":"https:\/\/www.rdpemancipation.org\/index.php?rest_route=\/wp\/v2\/posts"}],"about":[{"href":"https:\/\/www.rdpemancipation.org\/index.php?rest_route=\/wp\/v2\/types\/post"}],"author":[{"embeddable":true,"href":"https:\/\/www.rdpemancipation.org\/index.php?rest_route=\/wp\/v2\/users\/1"}],"replies":[{"embeddable":true,"href":"https:\/\/www.rdpemancipation.org\/index.php?rest_route=%2Fwp%2Fv2%2Fcomments&post=125017"}],"version-history":[{"count":11,"href":"https:\/\/www.rdpemancipation.org\/index.php?rest_route=\/wp\/v2\/posts\/125017\/revisions"}],"predecessor-version":[{"id":126116,"href":"https:\/\/www.rdpemancipation.org\/index.php?rest_route=\/wp\/v2\/posts\/125017\/revisions\/126116"}],"wp:attachment":[{"href":"https:\/\/www.rdpemancipation.org\/index.php?rest_route=%2Fwp%2Fv2%2Fmedia&parent=125017"}],"wp:term":[{"taxonomy":"category","embeddable":true,"href":"https:\/\/www.rdpemancipation.org\/index.php?rest_route=%2Fwp%2Fv2%2Fcategories&post=125017"},{"taxonomy":"post_tag","embeddable":true,"href":"https:\/\/www.rdpemancipation.org\/index.php?rest_route=%2Fwp%2Fv2%2Ftags&post=125017"}],"curies":[{"name":"wp","href":"https:\/\/api.w.org\/{rel}","templated":true}]}}