{"id":124995,"date":"2024-02-01T00:30:00","date_gmt":"2024-01-31T23:30:00","guid":{"rendered":"https:\/\/www.rdpemancipation.org\/?p=124995"},"modified":"2024-02-25T11:57:38","modified_gmt":"2024-02-25T10:57:38","slug":"fevrier-maghreb-3","status":"publish","type":"post","link":"https:\/\/www.rdpemancipation.org\/?p=124995","title":{"rendered":"F\u00e9vrier &#8211; Maghreb"},"content":{"rendered":"\n<p><strong><mark style=\"background-color:rgba(0, 0, 0, 0);color:#ed1010\" class=\"has-inline-color\">10 au 24 f\u00e9vrier<\/mark><\/strong><\/p>\n\n\n\n<p><a href=\"https:\/\/www.middleeasteye.net\/fr\/opinion-fr\/khaled-nezzar-et-les-deserteurs-de-larmee-francaise-leur-pouvoir-reel-reste-une-enigme\"><strong>Khaled Nezzar et les d\u00e9serteurs de l\u2019arm\u00e9e fran\u00e7aise\u00a0: leur pouvoir r\u00e9el reste une \u00e9nigme<\/strong><\/a> (MEE)<\/p>\n\n\n\n<p><a href=\"https:\/\/radio-m.net\/alger-madrid-un-exemple-dauto-intoxication-politico-mediatique-a-etudier\/\">Alger- Madrid : un exemple d\u2019auto-intoxication politico-m\u00e9diatique \u00e0 \u00e9tudier<\/a> <strong>(<\/strong>Radio M)<\/p>\n\n\n\n<p><a href=\"https:\/\/radio-m.net\/mesures-dapaisement-le-refus-obstine-des-autorites\/\">Mesures d\u2019apaisement\u00a0: le refus obstin\u00e9 des autorit\u00e9s<\/a><strong> (<\/strong>Radio M)<\/p>\n\n\n\n<p><strong><a href=\"https:\/\/radio-m.net\/discriminations-envers-les-militantes-feministes-la-colere-monte\/\">Discriminations envers les militantes f\u00e9ministes : la col\u00e8re monte<\/a> (<\/strong>Radio M)<\/p>\n\n\n\n<p><a href=\"https:\/\/www.fidh.org\/fr\/regions\/maghreb-moyen-orient\/algerie\/algerie-apres-cinq-annees-de-contestation-le-retrecissement-de-l\" target=\"_blank\" rel=\"noreferrer noopener\">Apr\u00e8s cinq ann\u00e9es de contestation, le r\u00e9tr\u00e9cissement de l&rsquo;espace civique s&rsquo;\u00e9tend <\/a>&nbsp;(FIDH)<\/p>\n\n\n\n<p><a href=\"https:\/\/radio-m.net\/bejaia-le-journaliste-merzoug-touati-arrete\/\">Bejaia : le journaliste Merzoug Touati arr\u00eat\u00e9&nbsp;<\/a> (Radio M)<\/p>\n\n\n\n<p><a href=\"https:\/\/radio-m.net\/hirak-vague-darrestations-dactivistes-dans-plusieurs-wilayas\/\">Hirak&nbsp;: vague d\u2019arrestations d\u2019activistes dans plusieurs wilayas<\/a> (Radio M)<\/p>\n\n\n\n<p><a href=\"https:\/\/radio-m.net\/hirak-amnesty-appelle-a-la-liberation-des-detenus-dopinion\/\">Hirak&nbsp;: Amnesty appelle \u00e0 la lib\u00e9ration des d\u00e9tenus d\u2019opinion<\/a> (Radio M)<\/p>\n\n\n\n<p><a href=\"https:\/\/radio-m.net\/quand-le-hirak-continue-a-hanter-le-pouvoir\/\">Quand le Hirak continue \u00e0 hanter le pouvoir<\/a><strong> (<\/strong>Radio M)<\/p>\n\n\n\n<p><a href=\"https:\/\/www.tsa-algerie.com\/journee-du-chahid-et-hirak-deux-rassemblements-dalgeriens-a-paris-interdits\/\">Journ\u00e9e du Chahid et Hirak : deux rassemblements d\u2019Alg\u00e9riens \u00e0 Paris interdits<\/a> (TSA)<\/p>\n\n\n\n<p><a href=\"https:\/\/radio-m.net\/veille-du-5e-anniversaire-du-hirak-la-charge-de-fersaoui-contre-le-statu-quo-politique\/\">Veille du 5e anniversaire du Hirak: la charge de Fersaoui contre le statu quo politique<\/a><strong> (<\/strong>Radio M)<\/p>\n\n\n\n<p><a href=\"https:\/\/mondafrique.com\/a-la-une\/la-militarisation-de-letat-algerien\/\">La militarisation de l\u2019\u00c9tat alg\u00e9rien<\/a> (Mondafrique)<\/p>\n\n\n\n<p><a href=\"https:\/\/www.obsarm.info\/spip.php?article639\" target=\"_blank\" rel=\"noreferrer noopener\">13 f\u00e9vrier 2024 : comm\u00e9moration du 64e anniversaire du premier essai nucl\u00e9aire fran\u00e7ais \u2018Gerboise Bleue\u2019<\/a>\u00a0 (Observatoire des armements)<\/p>\n\n\n\n<p><strong>Libye<\/strong><\/p>\n\n\n\n<p><a href=\"https:\/\/mondafrique.com\/a-la-une\/libye-saddam-haftar-entre-corruption-et-abus\/\">Le libyen Saddam Haftar, l\u2019h\u00e9ritier de son p\u00e8re<\/a> (Mondafrique)<\/p>\n\n\n\n<p><a href=\"https:\/\/orientxxi.info\/magazine\/pourquoi-la-libye-ne-compte-plus-un-seul-juif,7053\" target=\"_blank\" rel=\"noreferrer noopener\">Pourquoi la Libye ne compte plus un seul juif<\/a>&nbsp; (Orient XXI)<\/p>\n\n\n\n<p><a href=\"https:\/\/api.indigo-net.com\/email\/RedirectionEmailing?mail=n.chevillard@noos.fr&amp;ID=587301&amp;DOCIID=109703480&amp;ENAIID=861262&amp;RETOUR=SIMPLE&amp;link=https:\/\/www.africaintelligence.fr\/afrique-du-nord\/2024\/02\/09\/paris-met-en-branle-un-nouveau-plan-de-sortie-de-crise,110157245-art?cxt=PUB&amp;utm_source=AIF&amp;utm_medium=email&amp;utm_campaign=AUTO_EDIT_SOM_PROS\" target=\"_blank\" rel=\"noreferrer noopener\">Paris met en branle un nouveau plan de sortie de crise<\/a> (Africa intelligence)<\/p>\n\n\n\n<p><strong>Maroc<\/strong><\/p>\n\n\n\n<p><a href=\"https:\/\/enass.ma\/2024\/02\/23\/privatisation-de-leau-le-mouvement-de-figuig-expose-ses-arguments\/\" target=\"_blank\" rel=\"noreferrer noopener\">Privatisation de l\u2019eau : Le mouvement de Figuig expose ses arguments&nbsp;<\/a> (Enass)<\/p>\n\n\n\n<p><a href=\"https:\/\/infos.lemonde.fr\/optiext\/optiextension.dll?ID=RjiRiCxro7_aPY5oiTknJnNDJCXTUtP0T4DL69twRxlR7pS7cRq6GiWMBFmrYMA7H8EXbjPZBHEBTsosQpQBL0j0I0RVihOHEzgo_llx\" target=\"_blank\" rel=\"noreferrer noopener\">Le Maroc confront\u00e9 \u00e0 une p\u00e9nurie critique de m\u00e9decins<\/a>\u00a0(Le Monde)<\/p>\n\n\n\n<p><a href=\"https:\/\/enass.ma\/2024\/02\/15\/une-decennie-apres-tarajal-commemoration-en-memoire-des-victimes-de-la-migration\/\" target=\"_blank\" rel=\"noreferrer noopener\">Une d\u00e9cennie apr\u00e8s Tarajal, comm\u00e9moration en m\u00e9moire des victimes de la migration<\/a>&nbsp;(Enass)<\/p>\n\n\n\n<p><a href=\"https:\/\/www.middleeasteye.net\/fr\/actu-et-enquetes\/maroc-nouvelle-grande-manifestation-contre-un-genocide-gaza\">Maroc : nouvelle grande manifestation contre un \u00ab&nbsp;g\u00e9nocide&nbsp;\u00bb \u00e0 Gaza<\/a> (MEE)<\/p>\n\n\n\n<p><a href=\"https:\/\/www.infomediaire.net\/faillites-dentreprises-lhemorragie-continue\/\">Maroc. Faillites d\u2019entreprises : l\u2019h\u00e9morragie continue<\/a>&nbsp;(Infom\u00e9diaire)<\/p>\n\n\n\n<p><strong><a href=\"https:\/\/enass.ma\/2024\/02\/13\/de-rabat-a-gaza-les-femmes-pour-la-palestine\/\" target=\"_blank\" rel=\"noreferrer noopener\">De Rabat \u00e0 Gaza, les femmes pour la Palestine<\/a>&nbsp;<\/strong>(Enass)<\/p>\n\n\n\n<p><a href=\"https:\/\/enass.ma\/2024\/02\/09\/formes-de-la-vie-conjugale-chez-les-ait-hkem\/\" target=\"_blank\" rel=\"noreferrer noopener\">Formes de la vie conjugale chez les A\u00eft Hkem<\/a>&nbsp;(Enass)<\/p>\n\n\n\n<p><strong>Tunisie<\/strong><\/p>\n\n\n\n<p><a href=\"https:\/\/mondafrique.com\/confidentiels\/la-tunisie-glisse-vers-lautocratie\/\">La Tunisie glisse vers l\u2019autocratie<\/a> (Mondafrique)<\/p>\n\n\n\n<p><a href=\"https:\/\/www.middleeasteye.net\/fr\/actu-et-enquetes\/plus-de-1-300-migrants-morts-ou-disparus-devant-les-cotes-tunisiennes-en-2023-un\">Plus de 1 300 migrants morts ou disparus devant les c\u00f4tes tunisiennes en 2023 : \u00ab&nbsp;un chiffre jamais atteint&nbsp;\u00bb<\/a> (MEE)<\/p>\n\n\n\n<p><a href=\"https:\/\/inkyfada.com\/fr\/2024\/02\/11\/affaire-complot-surete-bilan\/\" target=\"_blank\" rel=\"noreferrer noopener\">Tunisie : Affaire du complot contre la s\u00fbret\u00e9 de l\u2019\u00c9tat : un an apr\u00e8s, quel bilan ? <\/a>(Inkyfada)<\/p>\n\n\n\n<p><strong><mark style=\"background-color:rgba(0, 0, 0, 0);color:#ed1010\" class=\"has-inline-color\">1er au 8 f\u00e9vrier<\/mark><\/strong><\/p>\n\n\n\n<p><strong>Alg\u00e9rie<\/strong><\/p>\n\n\n\n<p><a href=\"https:\/\/mondafrique.com\/a-la-une\/les-reticences-dabdelmadjid-tebboune-dans-la-crise-entre-lalgerie-et-les-emirats-arabes-unis\/\">Abdelmadjid Tebboune coinc\u00e9 entre l\u2019Alg\u00e9rie et les Emirats Arabes Unis<\/a> (Mondafrique)<\/p>\n\n\n\n<p><a href=\"https:\/\/afriquexxi.info\/L-Algerie-grande-absente-du-soutien-international-a-la-Palestine\" target=\"_blank\" rel=\"noreferrer noopener\">L&rsquo;Alg\u00e9rie, grande absente du soutien international \u00e0 la Palestine<\/a>&nbsp;(Afrique XXI)<\/p>\n\n\n\n<p><a href=\"https:\/\/radio-m.net\/algerie-palestine-de-lamour-a-la-desillusion\/\"><strong>Alg\u00e9rie-Palestine : de l\u2019amour \u00e0 la d\u00e9sillusion<\/strong><\/a> (Radio M)<\/p>\n\n\n\n<p><a href=\"https:\/\/mondafrique.com\/decryptage\/essaid-bensdira-refugie-algerien-a-londres-et-relais-de-certains-clans-militaires\/\">Essaid Bensdira, un \u00ab&nbsp;r\u00e9fugi\u00e9&nbsp;\u00bb \u00e0 la solde des clans militaires alg\u00e9riens<\/a> (Mondafrique)<\/p>\n\n\n\n<p><a href=\"https:\/\/radio-m.net\/leuro-continue-sa-montee-face-au-dinar-sur-le-marche-parallele\/\">L\u2019euro continue sa mont\u00e9e face au dinar sur le march\u00e9 parall\u00e8le<\/a><a>&nbsp;<\/a>(Radio M)&nbsp;<\/p>\n\n\n\n<p><a href=\"https:\/\/radio-m.net\/amnesty-international-appelle-a-la-liberation-des-detenus-dopinion-en-algerie\/\">Amnesty International appelle \u00e0 la lib\u00e9ration des&nbsp;d\u00e9tenus&nbsp;d\u2019opinion en Alg\u00e9rie<\/a> (Radio M)&nbsp;<\/p>\n\n\n\n<p><a href=\"https:\/\/algeria-watch.org\/?p=91544\">Partis : Le FFS ouvre le d\u00e9bat sur l\u2019\u00e9conomie nationale<\/a> (El Watan)<\/p>\n\n\n\n<p><a href=\"https:\/\/radio-m.net\/issad-rebrab-11eme-fortune-africaine-selon-forbes\/\">Issad Rebrab, 11\u00e8me fortune africaine selon Forbes<\/a> (Radio M)&nbsp; <a href=\"https:\/\/radio-m.net\/lalgerie-campe-sur-sa-position-de-boycott-des-ports-marocains\/\"><\/a><\/p>\n\n\n\n<p><a href=\"https:\/\/radio-m.net\/lalgerie-campe-sur-sa-position-de-boycott-des-ports-marocains\/\">L\u2019Alg\u00e9rie campe sur sa position de boycott des ports marocains<\/a> (Radio M)&nbsp; <a href=\"https:\/\/radio-m.net\/les-monnaies-americaine-et-canadienne-battent-des-records-sur-le-marche-noir-en-algerie\/\"><\/a><\/p>\n\n\n\n<p><a href=\"https:\/\/radio-m.net\/les-monnaies-americaine-et-canadienne-battent-des-records-sur-le-marche-noir-en-algerie\/\">Les monnaies am\u00e9ricaine et canadienne battent des records sur le march\u00e9 noir en Alg\u00e9rie<\/a> (Radio M)&nbsp; <a href=\"https:\/\/radio-m.net\/marche-parallele-des-devises-leuro-bat-deux-records-en-trois-jours\/\"><\/a><\/p>\n\n\n\n<p><a href=\"https:\/\/radio-m.net\/marche-parallele-des-devises-leuro-bat-deux-records-en-trois-jours\/\">March\u00e9 parall\u00e8le&nbsp;des devises : l\u2019euro bat deux records en trois jours<\/a> (Radio M)&nbsp; <a href=\"https:\/\/radio-m.net\/maissa-bey-une-signature-rare-en-faveur-de-ihsane-el-kadi\/\"><\/a><\/p>\n\n\n\n<p><a href=\"https:\/\/radio-m.net\/maissa-bey-une-signature-rare-en-faveur-de-ihsane-el-kadi\/\">Ma\u00efssa Bey, une signature rare en faveur de Ihsane El Kadi<\/a> (Radio M)&nbsp;<\/p>\n\n\n\n<p><a href=\"https:\/\/algeria-watch.org\/?p=91507\">\u00ab Affaire du r\u00e9seau solidarit\u00e9 \u00bb : la Cour d\u2019Alger confirme l\u2019acquittement des pr\u00e9venus<\/a> (Interlignes)<\/p>\n\n\n\n<p><a href=\"https:\/\/orientxxi.info\/lu-vu-entendu\/el-ajouad-d-abdelkader-alloula-ode-au-theatre-algerien-populaire,7042\" target=\"_blank\" rel=\"noreferrer noopener\">\u00ab&nbsp;El Ajouad&nbsp;\u00bb d\u2019Abdelkader Alloula. Ode au th\u00e9\u00e2tre alg\u00e9rien populaire<\/a> (Orient XXI)<\/p>\n\n\n\n<p><a href=\"https:\/\/www.lemediatv.fr\/emissions\/2024\/le-pen-tortionnaire-de-la-republique-en-algerie-ce-quon-veut-nous-faire-oublier-fabrice-riceputi-julien-thery-cpEtlqG-QPGIUnQjk_Cbng\" target=\"_blank\" rel=\"noreferrer noopener\">Le Pen tortionnaire de la R\u00e9publique en Alg\u00e9rie : ce qu&rsquo;on veut nous faire oublier <\/a>(Le M\u00e9dia)<\/p>\n\n\n\n<p><strong>Libye<\/strong><\/p>\n\n\n\n<p><a href=\"https:\/\/algeria-watch.org\/?p=91540\">Ahmed Attaf en visite \u00e0 Tripoli : L\u2019Alg\u00e9rie r\u00e9it\u00e8re son soutien \u00e0 une \u00absolution libo-libyenne\u00bb<\/a> (El Watan)<\/p>\n\n\n\n<p><a href=\"https:\/\/www.lemonde.fr\/afrique\/article\/2024\/01\/30\/libye-quatre-mois-apres-le-passage-de-la-tempete-daniel-derna-compte-toujours-ses-morts_6213900_3212.html\">Quatre mois apr\u00e8s le passage de la temp\u00eate Daniel, Derna compte toujours ses morts<\/a> (Le Monde)<\/p>\n\n\n\n<p><strong>Maroc<\/strong><\/p>\n\n\n\n<p><a href=\"https:\/\/www.mediapart.fr\/journal\/economie-et-social\/060224\/dix-sept-saisonniers-marocains-agricoles-denoncent-l-exploitation\" target=\"_blank\" rel=\"noreferrer noopener\">Dix-sept saisonniers marocains agricoles d\u00e9noncent l\u2019exploitation<\/a>&nbsp;(M\u00e9diapart)<\/p>\n\n\n\n<p><a href=\"https:\/\/www.tsa-algerie.com\/maroc-la-crise-sociale-continue-de-saggraver-le-chomage-en-hausse-en-2023\/\">La crise sociale continue de s&rsquo;aggraver, le ch\u00f4mage en hausse en 2023<\/a> (TSA)<\/p>\n\n\n\n<p><a href=\"https:\/\/www.ritimo.org\/Scandale-du-cobalt-responsable-de-BMW-et-Renault-au-Maroc\" target=\"_blank\" rel=\"noreferrer noopener\">Scandale du \u00ab cobalt responsable \u00bb de BMW et Renault au Maroc<\/a>&nbsp;(ritimo)<\/p>\n\n\n\n<p><a href=\"https:\/\/enass.ma\/2024\/02\/02\/harragas-marocains-en-algerie-inquietude-des-familles\/\" target=\"_blank\" rel=\"noreferrer noopener\">Harragas marocains en Alg\u00e9rie : Inqui\u00e9tude des familles&nbsp;<\/a>(Enass)<\/p>\n\n\n\n<p><strong>Tunisie<a href=\"https:\/\/radio-m.net\/assassinat-de-belaid-un-accuse-revele-avoir-ete-menace-de-mort-sil-disait-la-verite\/\"><br>Assassinat de Bela\u00efd : un accus\u00e9 r\u00e9v\u00e8le avoir \u00e9t\u00e9 menac\u00e9 de mort s\u2019il disait la v\u00e9rit\u00e9<\/a> <\/strong>(Radio M)&nbsp;<\/p>\n\n\n\n<p><a href=\"https:\/\/nawaat.org\/2024\/02\/06\/reportage-au-lac-1-la-tunisie-face-a-lafflux-des-soudanais\/\" target=\"_blank\" rel=\"noreferrer noopener\">Reportage au Lac 1 : La Tunisie face \u00e0 l\u2019afflux des Soudanais<\/a>&nbsp;(Nawaat)<\/p>\n\n\n\n<p><a href=\"https:\/\/radio-m.net\/tunisie-le-chef-du-mouvement-ennahdha-rached-ghannouchi-condamne-a-3-ans-de-prison\/\">Le chef du mouvement Ennahdha, Rached Ghannouchi, condamn\u00e9 \u00e0 3 ans de prison<\/a> (Radio M)&nbsp;<\/p>\n\n\n\n<p><a href=\"https:\/\/www.lemonde.fr\/afrique\/article\/2024\/01\/31\/en-tunisie-la-chasse-aux-biens-mal-acquis-a-du-plomb-dans-l-aile_6214115_3212.html\">En Tunisie, la chasse aux biens mal acquis a du plomb dans l\u2019aile<\/a> (Le Monde)<\/p>\n\n\n\n<p><a href=\"https:\/\/orientxxi.info\/magazine\/tunisie-hommage-a-ahmed-manai-un-inclassable-dissident,7033\" target=\"_blank\" rel=\"noreferrer noopener\">Tunisie. Hommage \u00e0 Ahmed Mana\u00ef, un inclassable dissident<\/a> (Orient XXI)<\/p>\n\n\n\n<p><\/p>\n","protected":false},"excerpt":{"rendered":"<p>10 au 24 f\u00e9vrier Khaled Nezzar et les d\u00e9serteurs de l\u2019arm\u00e9e fran\u00e7aise\u00a0: leur pouvoir r\u00e9el reste une \u00e9nigme (MEE) Alger- Madrid : un exemple d\u2019auto-intoxication politico-m\u00e9diatique \u00e0 \u00e9tudier (Radio M) Mesures d\u2019apaisement\u00a0: le refus obstin\u00e9 des autorit\u00e9s (Radio M) Discriminations envers les militantes f\u00e9ministes : la col\u00e8re monte (Radio M) Apr\u00e8s cinq ann\u00e9es de contestation, &#8230; <a title=\"F\u00e9vrier &#8211; Maghreb\" class=\"read-more\" href=\"https:\/\/www.rdpemancipation.org\/?p=124995\" aria-label=\"En savoir plus sur F\u00e9vrier &#8211; Maghreb\">Lire la suite<\/a><\/p>\n","protected":false},"author":1,"featured_media":0,"comment_status":"closed","ping_status":"closed","sticky":false,"template":"","format":"standard","meta":{"_lmt_disableupdate":"","_lmt_disable":"","_jetpack_memberships_contains_paid_content":false,"footnotes":""},"categories":[17],"tags":[],"class_list":["post-124995","post","type-post","status-publish","format-standard","hentry","category-maghreb"],"modified_by":"nch","jetpack_featured_media_url":"","jetpack_sharing_enabled":true,"_links":{"self":[{"href":"https:\/\/www.rdpemancipation.org\/index.php?rest_route=\/wp\/v2\/posts\/124995","targetHints":{"allow":["GET"]}}],"collection":[{"href":"https:\/\/www.rdpemancipation.org\/index.php?rest_route=\/wp\/v2\/posts"}],"about":[{"href":"https:\/\/www.rdpemancipation.org\/index.php?rest_route=\/wp\/v2\/types\/post"}],"author":[{"embeddable":true,"href":"https:\/\/www.rdpemancipation.org\/index.php?rest_route=\/wp\/v2\/users\/1"}],"replies":[{"embeddable":true,"href":"https:\/\/www.rdpemancipation.org\/index.php?rest_route=%2Fwp%2Fv2%2Fcomments&post=124995"}],"version-history":[{"count":6,"href":"https:\/\/www.rdpemancipation.org\/index.php?rest_route=\/wp\/v2\/posts\/124995\/revisions"}],"predecessor-version":[{"id":125986,"href":"https:\/\/www.rdpemancipation.org\/index.php?rest_route=\/wp\/v2\/posts\/124995\/revisions\/125986"}],"wp:attachment":[{"href":"https:\/\/www.rdpemancipation.org\/index.php?rest_route=%2Fwp%2Fv2%2Fmedia&parent=124995"}],"wp:term":[{"taxonomy":"category","embeddable":true,"href":"https:\/\/www.rdpemancipation.org\/index.php?rest_route=%2Fwp%2Fv2%2Fcategories&post=124995"},{"taxonomy":"post_tag","embeddable":true,"href":"https:\/\/www.rdpemancipation.org\/index.php?rest_route=%2Fwp%2Fv2%2Ftags&post=124995"}],"curies":[{"name":"wp","href":"https:\/\/api.w.org\/{rel}","templated":true}]}}