{"id":124993,"date":"2024-02-01T00:25:00","date_gmt":"2024-01-31T23:25:00","guid":{"rendered":"https:\/\/www.rdpemancipation.org\/?p=124993"},"modified":"2024-02-11T19:52:51","modified_gmt":"2024-02-11T18:52:51","slug":"fevrier-subsaharienne","status":"publish","type":"post","link":"https:\/\/www.rdpemancipation.org\/?p=124993","title":{"rendered":"F\u00e9vrier &#8211; Afrique Subsaharienne"},"content":{"rendered":"\n<p><strong><mark style=\"background-color:rgba(0, 0, 0, 0);color:#ed1010\" class=\"has-inline-color\">10 f\u00e9vrier <\/mark><\/strong><\/p>\n\n\n\n<p><a href=\"https:\/\/www.afriquesenlutte.org\/afrique-de-l-ouest\/article\/sahel-le-coup-d-eclat-des-militaires\">Sahel&nbsp;: le coup d\u2019\u00e9clat des militaires<\/a> (Afriques en Lutte)<\/p>\n\n\n\n<p><a href=\"https:\/\/www.lemediatv.fr\/emissions\/2024\/niger-mali-et-burkina-faso-quittent-la-cedeao-la-francafrique-en-miettes-22-us7XbRmeUx-vHG7Bsnw\" target=\"_blank\" rel=\"noreferrer noopener\">Niger, Mali et Burkina Faso quittent la CEDEAO : la fran\u00e7afrique en miettes<\/a>&nbsp;(Le M\u00e9dia)<\/p>\n\n\n\n<p><a href=\"https:\/\/www.rfi.fr\/fr\/afrique\/20240203-pr%C3%A9sidence-de-l-union-africaine-%C3%A0-moins-de-vingt-jours-du-37e-sommet-c-est-toujours-l-impasse?_ope=eyJndWlkIjoiYjFmOWRmZWI3ZTllZGE1NTM1NTJmMGIzNWYwZGIyYjcifQ%3D%3D\">Pr\u00e9sidence de l&rsquo;UA : \u00e0 deux semaines du 37e sommet, c&rsquo;est toujours l&rsquo;impasse<\/a> (RFI)<\/p>\n\n\n\n<p><a><\/a><a href=\"https:\/\/www.youtube.com\/watch?v=kBTV0R5ZjPQ\" target=\"_blank\" rel=\"noreferrer noopener\">Comment les multinationales pillent l&rsquo;Afrique ? Antoine Souef<\/a>&nbsp;(Educpop)<\/p>\n\n\n\n<p><strong>Pays<\/strong><\/p>\n\n\n\n<p>&nbsp;<a href=\"https:\/\/www.boursorama.com\/videos\/actualites\/violence-au-cameroun-les-separatistes-menacent-les-zones-francophones-0b99e07426e61e98d712d4f85d64e555\"><strong>Cameroun<\/strong> : les s\u00e9paratistes menacent les zones francophones<\/a> &nbsp;(France 24)<\/p>\n\n\n\n<p><a href=\"https:\/\/afriquexxi.us20.list-manage.com\/track\/click?u=f9f8627cbcbbdcb07c28f3cdf&amp;id=8fcf5eb317&amp;e=58ff83d693\" target=\"_blank\" rel=\"noreferrer noopener\">Assassinat de Martinez Zogo. Une affaire envoy\u00e9e aux oubliettes&nbsp;?<\/a> (Afrique XXI)<\/p>\n\n\n\n<p><a href=\"https:\/\/mondafrique.com\/confidentiels\/afrique\/la-centrafrique-va-accueillir-la-premiere-base-militaire-russe-en-afrique\/\">La <strong>Centrafrique<\/strong> va accueillir la premi\u00e8re base militaire russe en Afrique<\/a> (Mondafrique)<\/p>\n\n\n\n<p><a href=\"https:\/\/mondafrique.com\/a-la-une\/lincroyable-constellation-des-groupes-armes-en-centrafrique\/\">L\u2019incroyable constellation des groupes arm\u00e9s en Centrafrique<\/a> (Mondafrique)<\/p>\n\n\n\n<p><a href=\"https:\/\/www.afriquesenlutte.org\/afrique-centrale\/congo-brazzaville\/article\/congo-brazzaville-repression-contre-le-peuple-autochtone-baka\"><strong>Congo Brazzaville<\/strong>&nbsp;: R\u00e9pression contre le peuple autochtone baka<\/a> (Afriques en Lutte)<\/p>\n\n\n\n<p><a href=\"https:\/\/api.indigo-net.com\/email\/RedirectionEmailing?mail=n.chevillard@noos.fr&amp;ID=587050&amp;DOCIID=109703480&amp;ENAIID=861012&amp;RETOUR=SIMPLE&amp;link=https:\/\/www.africaintelligence.fr\/afrique-centrale\/2024\/02\/08\/le-general-oligui-veut-se-separer-du-palais-parisien-d-ali-bongo,110156694-eve?cxt=PUB&amp;utm_source=AIF&amp;utm_medium=email&amp;utm_campaign=AUTO_EDIT_SOM_PROS\" target=\"_blank\" rel=\"noreferrer noopener\"><strong>Gabon&nbsp;: <\/strong>le g\u00e9n\u00e9ral Oligui veut se s\u00e9parer du palais parisien d&rsquo;Ali Bongo<\/a> (Africa Intelligence)<\/p>\n\n\n\n<p><a href=\"https:\/\/guineenews.org\/le-front-social-en-ebullition-les-syndicats-haussent-le-ton-le-gouvernement-appelle-a-negocier\/\"><strong>Guin\u00e9e<\/strong>&nbsp;: Les syndicats haussent le ton, le gouvernement appelle \u00e0 n\u00e9gocier<\/a>&nbsp; (Guin\u00e9e News)<\/p>\n\n\n\n<p><a href=\"https:\/\/mondafrique.com\/international\/wagner-prend-position-a-la-mine-dor-dintahaka-au-mali\/\"><strong>Mali<\/strong>&nbsp;: Wagner prend position \u00e0 la mine d\u2019or d\u2019Intahaka<\/a> (Mondafrique)<\/p>\n\n\n\n<p><a href=\"https:\/\/www.afriquesenlutte.org\/afrique-de-l-ouest\/mali\/article\/8-ans-apres-la-disparition-du-journaliste-birama-toure-au-mali-la-douce-vie-des\">8 ans apr\u00e8s la disparition du journaliste Birama Tour\u00e9 au Mali, la douce vie des suspects \u201crecherch\u00e9s\u201d<\/a> (RSF)<\/p>\n\n\n\n<p><a href=\"https:\/\/www.agenceecofin.com\/economie\/0902-116061-nigeria-menace-de-nouvelles-greves-alors-que-les-syndicats-appellent-tinubu-a-honorer-ses-engagements\"><strong>Nigeria<\/strong>&nbsp;: les syndicats exigent l\u2019ex\u00e9cution des promesses de Tinubu<\/a>&nbsp;(Public)<\/p>\n\n\n\n<p><a href=\"https:\/\/www.afriquesenlutte.org\/afrique-centrale\/congo-kinshasa\/article\/rd-congo-il-faut-liberer-stanis-bujakera-et-mettre-fin-aux-poursuites-contre\"><strong>RDC&nbsp;<\/strong>: Il faut lib\u00e9rer Stanis Bujakera et mettre fin aux poursuites contre lui<\/a> (HRW)<\/p>\n\n\n\n<p><a href=\"https:\/\/www.rfi.fr\/fr\/afrique\/20240211-rdc-des-violences-lors-de-manifestations-anti-occidentales-%C3%A0-kinshasa\">RDC : des violences lors de manifestations anti-occidentales \u00e0 Kinshasa<\/a> (RFI)<\/p>\n\n\n\n<p><a href=\"https:\/\/www.francetvinfo.fr\/monde\/afrique\/senegal\/senegal-deux-jeunes-tues-pendant-des-manifestations-contre-le-president-macky-sall_6357850.html\"><strong>S\u00e9n\u00e9gal<\/strong>\u00a0: deux jeunes tu\u00e9s pendant des manifestations contre le report de la pr\u00e9sidentielle\u00a0<\/a>(France Info)<\/p>\n\n\n\n<p><a href=\"https:\/\/afriquexxi.info\/Au-Senegal-des-visages-et-des-noms-sur-les-morts-de-la-repression\" target=\"_blank\" rel=\"noreferrer noopener\">Au S\u00e9n\u00e9gal, des visages et des noms sur les morts de la r\u00e9pression<\/a>\u00a0(Afrique XXI)<\/p>\n\n\n\n<p><strong><a href=\"https:\/\/afriquexxi.info\/Senegal-Les-ferments-du-coup-d-Etat-institutionnel\" target=\"_blank\" rel=\"noreferrer noopener\">S\u00e9n\u00e9gal. Les ferments du coup d&rsquo;\u00c9tat institutionnel<\/a><\/strong>&nbsp;(Afrique XXI)<\/p>\n\n\n\n<p><a href=\"https:\/\/www.revolutionpermanente.fr\/Senegal-mobilisation-d-ampleur-contre-le-coup-d-Etat-institutionnel-de-Macky-Sall\">S\u00e9n\u00e9gal&nbsp;: mobilisation d\u2019ampleur contre le coup d\u2019\u00c9tat institutionnel de Macky Sall<\/a>&nbsp;(RP)<\/p>\n\n\n\n<p><a href=\"https:\/\/www.afriquesenlutte.org\/afrique-de-l-ouest\/senegal\/article\/resister-et-vaincre-le-putsch-anticonstitutionnel-de-macky-apr-wade-pds\">R\u00e9sister et vaincre le putsch anticonstitutionnel de MACKY\/APR\/WADE\/PDS<\/a> (Afriques en Lutte)<\/p>\n\n\n\n<p><a href=\"https:\/\/www.pressafrik.com\/Le-coup-d-etat-constitutionnel-de-Macky-Sall-Par-Pape-Ale-Niang_a268251.html\">S\u00e9n\u00e9gal&nbsp;: Le coup d&rsquo;\u00e9tat constitutionnel de Macky Sall (Par Pape Al\u00e9 Niang)<\/a>&nbsp;(Press Afrik)<\/p>\n\n\n\n<p><a href=\"https:\/\/www.seneplus.com\/politique\/les-opposants-crient-la-forfaiture\">S\u00e9n\u00e9gal. Les opposants crient \u00e0 la forfaiture<\/a>&nbsp;(S\u00e9n\u00e9plus)<\/p>\n\n\n\n<p><a href=\"https:\/\/www.msn.com\/fr-fr\/actualite\/monde\/tchad-les-enseignants-du-primaire-et-du-secondaire-poursuivent-la-suspension-de-leur-gr%C3%A8ve\/ar-BB1hY0bO\"><strong>Tchad<\/strong> : les enseignants du primaire et du secondaire poursuivent la suspension de leur gr\u00e8ve<\/a>&nbsp;(RFI)<\/p>\n\n\n\n<p><strong><mark style=\"background-color:rgba(0, 0, 0, 0);color:#ed1010\" class=\"has-inline-color\">8 f\u00e9vrier <\/mark><\/strong><\/p>\n\n\n\n<p><strong><a href=\"https:\/\/www.youtube.com\/watch?v=NNt4_lEbT8U&amp;ab_channel=Thinkerview\">Mon Afrique va mal ? Tiken Jah Fakoly &#8211; interview<\/a> (<\/strong>Thinkerview)<\/p>\n\n\n\n<p><strong><mark style=\"background-color:rgba(0, 0, 0, 0);color:#ed1010\" class=\"has-inline-color\">3 f\u00e9vrier <\/mark><\/strong><\/p>\n\n\n\n<p><a href=\"https:\/\/www.lemonde.fr\/international\/article\/2024\/01\/30\/la-france-amorce-une-baisse-drastique-de-ses-effectifs-militaires-dans-ses-bases-d-afrique-de-l-ouest_6213852_3210.html\">La France amorce une baisse drastique de ses effectifs militaires dans ses bases d\u2019Afrique de l\u2019Ouest<\/a>&nbsp;(Le Monde)<\/p>\n\n\n\n<p><a href=\"https:\/\/theconversation.com\/leconomie-africaine-entre-endettement-excessif-et-investissements-insuffisants-221354?utm_medium=email&amp;utm_campaign=La%20lettre%20de%20The%20Conversation%20France%20du%2025%20janvier%202024%20-%202858428994&amp;utm_content=La%20lettre%20de%20The%20Conversation%20France%20du%2025%20janvier%202024%20-%202858428994+CID_0c974137a2cbf2215e5da1c1d0134670&amp;utm_source=campaign_monitor_fr&amp;utm_term=Lconomie%20africaine%20entre%20endettement%20excessif%20et%20investissements%20insuffisants\"><strong>Afrique<\/strong>. L\u2019\u00e9conomie africaine entre endettement excessif et investissements insuffisants<\/a>&nbsp;(The Conversation)<\/p>\n\n\n\n<p><a href=\"https:\/\/www.humanite.fr\/monde\/burkina-faso\/afrique-le-mali-le-burkina-faso-et-le-niger-quittent-la-cedeao\" target=\"_blank\" rel=\"noreferrer noopener\">Afrique : le Mali, le Burkina Faso et le Niger quittent la C\u00e9d\u00e9ao<\/a>&nbsp;(L\u2019Humanit\u00e9)<\/p>\n\n\n\n<p><strong>Pays<\/strong><\/p>\n\n\n\n<p><a href=\"https:\/\/www.agenceecofin.com\/actualites\/2501-115552-burkina-faso-les-troupes-russes-entament-leur-deploiement-sous-le-nouveau-label-africa-corps\"><strong>Burkina Faso<\/strong>&nbsp;: les troupes russes entament leur d\u00e9ploiement sous le nouveau label \u00ab&nbsp;Africa Corps&nbsp;\u00bb<\/a>&nbsp;(Ecofin)<\/p>\n\n\n\n<p><a href=\"https:\/\/afriquexxi.us20.list-manage.com\/track\/click?u=f9f8627cbcbbdcb07c28f3cdf&amp;id=8682d0762f&amp;e=58ff83d693\" target=\"_blank\" rel=\"noreferrer noopener\">En <strong>Guin\u00e9e<\/strong>, la junte \u00e9crase la presse<\/a> (Afrique XXI)<\/p>\n\n\n\n<p><a href=\"https:\/\/www.lemonde.fr\/afrique\/article\/2024\/02\/01\/au-kenya-la-mobilisation-s-amplifie-contre-les-violences-faites-aux-femmes_6214265_3212.html\">Au <strong>Kenya<\/strong>, la mobilisation s\u2019amplifie contre les violences faites aux femmes<\/a>&nbsp;(Le Monde)<\/p>\n\n\n\n<p><a href=\"https:\/\/www.lemonde.fr\/afrique\/article\/2024\/02\/03\/au-senegal-le-president-macky-sall-annonce-le-report-sine-die-de-l-election-presidentielle_6214594_3212.html\">Au <strong>S\u00e9n\u00e9gal<\/strong>, le pr\u00e9sident, Macky Sall, annonce le report sine die de l\u2019\u00e9lection pr\u00e9sidentielle<\/a> (Le Monde)<\/p>\n\n\n\n<p><a href=\"https:\/\/mondafrique.com\/a-la-une\/la-suspension-de-la-presidentielle-signe-la-mort-du-modele-democratique-senegalais\/\">La suspension de la Pr\u00e9sidentielle signe la mort du mod\u00e8le d\u00e9mocratique s\u00e9n\u00e9galais<\/a> (Mondafrique)<\/p>\n\n\n\n<p><a href=\"https:\/\/www.saphirnews.com\/Senegal-les-leaders-musulmans-lancent-un-appel-pour-une-election-presidentielle-pacifique_a30060.html\" target=\"_blank\" rel=\"noreferrer noopener\">S\u00e9n\u00e9gal : les leaders musulmans lancent un appel pour une \u00e9lection pr\u00e9sidentielle pacifique<\/a>&nbsp;(SaphirNews.com)<\/p>\n\n\n\n<p><a href=\"https:\/\/afriquexxi.info\/Senegal-Treize-ans-apres-Y-en-a-toujours-marre\" target=\"_blank\" rel=\"noreferrer noopener\">S\u00e9n\u00e9gal. Treize ans apr\u00e8s, Y en a (toujours) marre<\/a>&nbsp;(Afrique XXI)<\/p>\n\n\n\n<p><a href=\"https:\/\/www.off-investigation.fr\/macron-soutient-macky-sall-coline-fay-se-confie-a-off-investigation\/\" target=\"_blank\" rel=\"noreferrer noopener\">\u00ab Macron soutient Macky Sall \u00bb. Coline Fay se confie \u00e0 Off Investigation<\/a>&nbsp;(Off Investigation)<\/p>\n\n\n\n<p>&nbsp;<a href=\"https:\/\/www.boursorama.com\/videos\/actualites\/jean-bernard-padare-nouveau-president-de-la-cour-constitutionnel-au-tchad-77174ff07efa7d2f22bba58455b15b84\"><strong>Tchad<\/strong>&nbsp;: Jean Bernard Padar\u00e9 nouveau pr\u00e9sident de la Cour Constitutionnelle<\/a> (France 24)<\/p>\n\n\n\n<p><\/p>\n\n\n\n<p><\/p>\n","protected":false},"excerpt":{"rendered":"<p>10 f\u00e9vrier Sahel&nbsp;: le coup d\u2019\u00e9clat des militaires (Afriques en Lutte) Niger, Mali et Burkina Faso quittent la CEDEAO : la fran\u00e7afrique en miettes&nbsp;(Le M\u00e9dia) Pr\u00e9sidence de l&rsquo;UA : \u00e0 deux semaines du 37e sommet, c&rsquo;est toujours l&rsquo;impasse (RFI) Comment les multinationales pillent l&rsquo;Afrique ? Antoine Souef&nbsp;(Educpop) Pays &nbsp;Cameroun : les s\u00e9paratistes menacent les zones &#8230; <a title=\"F\u00e9vrier &#8211; Afrique Subsaharienne\" class=\"read-more\" href=\"https:\/\/www.rdpemancipation.org\/?p=124993\" aria-label=\"En savoir plus sur F\u00e9vrier &#8211; Afrique Subsaharienne\">Lire la suite<\/a><\/p>\n","protected":false},"author":1,"featured_media":0,"comment_status":"closed","ping_status":"closed","sticky":false,"template":"","format":"standard","meta":{"_lmt_disableupdate":"","_lmt_disable":"","_jetpack_memberships_contains_paid_content":false,"footnotes":""},"categories":[19],"tags":[],"class_list":["post-124993","post","type-post","status-publish","format-standard","hentry","category-afrique-subsaharienne"],"modified_by":"nch","jetpack_featured_media_url":"","jetpack_sharing_enabled":true,"_links":{"self":[{"href":"https:\/\/www.rdpemancipation.org\/index.php?rest_route=\/wp\/v2\/posts\/124993","targetHints":{"allow":["GET"]}}],"collection":[{"href":"https:\/\/www.rdpemancipation.org\/index.php?rest_route=\/wp\/v2\/posts"}],"about":[{"href":"https:\/\/www.rdpemancipation.org\/index.php?rest_route=\/wp\/v2\/types\/post"}],"author":[{"embeddable":true,"href":"https:\/\/www.rdpemancipation.org\/index.php?rest_route=\/wp\/v2\/users\/1"}],"replies":[{"embeddable":true,"href":"https:\/\/www.rdpemancipation.org\/index.php?rest_route=%2Fwp%2Fv2%2Fcomments&post=124993"}],"version-history":[{"count":8,"href":"https:\/\/www.rdpemancipation.org\/index.php?rest_route=\/wp\/v2\/posts\/124993\/revisions"}],"predecessor-version":[{"id":125475,"href":"https:\/\/www.rdpemancipation.org\/index.php?rest_route=\/wp\/v2\/posts\/124993\/revisions\/125475"}],"wp:attachment":[{"href":"https:\/\/www.rdpemancipation.org\/index.php?rest_route=%2Fwp%2Fv2%2Fmedia&parent=124993"}],"wp:term":[{"taxonomy":"category","embeddable":true,"href":"https:\/\/www.rdpemancipation.org\/index.php?rest_route=%2Fwp%2Fv2%2Fcategories&post=124993"},{"taxonomy":"post_tag","embeddable":true,"href":"https:\/\/www.rdpemancipation.org\/index.php?rest_route=%2Fwp%2Fv2%2Ftags&post=124993"}],"curies":[{"name":"wp","href":"https:\/\/api.w.org\/{rel}","templated":true}]}}