{"id":124991,"date":"2024-02-01T00:20:00","date_gmt":"2024-01-31T23:20:00","guid":{"rendered":"https:\/\/www.rdpemancipation.org\/?p=124991"},"modified":"2024-02-28T20:01:14","modified_gmt":"2024-02-28T19:01:14","slug":"fevrier-proche-moyen-orient-4","status":"publish","type":"post","link":"https:\/\/www.rdpemancipation.org\/?p=124991","title":{"rendered":"F\u00e9vrier &#8211; Proche &#038; Moyen-Orient"},"content":{"rendered":"\n<p><strong><mark style=\"background-color:rgba(0, 0, 0, 0);color:#ed1010\" class=\"has-inline-color\">27 et 28 f\u00e9vrier<\/mark><\/strong><\/p>\n\n\n\n<p><a href=\"https:\/\/www.mediapart.fr\/journal\/politique\/280224\/alignee-sur-le-rn-la-region-sud-retire-des-subventions-deux-films-juges-anti-israeliens\">Align\u00e9e sur le RN, la r\u00e9gion Sud retire des subventions \u00e0 deux films jug\u00e9s \u00abanti-isra\u00e9liens\u00bb<\/a>\u00a0(M\u00e9diapart)<\/p>\n\n\n\n<p><a href=\"https:\/\/www.mediapart.fr\/journal\/international\/270224\/otages-gaza-affaires-judiciaires-et-business-les-dessous-de-la-visite-de-l-emir-du-qatar-paris\">Otages \u00e0 Gaza, affaires judiciaires et business\u00a0: les dessous de la visite de l\u2019\u00e9mir du <strong>Qatar<\/strong> \u00e0 Paris<\/a>\u00a0(M\u00e9diapart)<\/p>\n\n\n\n<p><strong><a href=\"https:\/\/www.middleeasteye.net\/fr\/actu-et-enquetes\/guerre-gaza-une-coalition-palestinienne-appelle-un-embargo-energetique-total\">Gaza : une coalition palestinienne appelle \u00e0 un \u00ab&nbsp;embargo \u00e9nerg\u00e9tique total&nbsp;\u00bb contre Isra\u00ebl<\/a><\/strong>&nbsp;(MEE)<\/p>\n\n\n\n<p><a href=\"https:\/\/www.mediapart.fr\/journal\/international\/270224\/accusations-de-genocide-israel-pietine-la-decision-de-la-cour-internationale-de-justice\">Accusations de g\u00e9nocide :&nbsp;<strong>Isra\u00ebl&nbsp;<\/strong>pi\u00e9tine la d\u00e9cision de la CIJ<\/a>&nbsp;(M\u00e9diapart)<\/p>\n\n\n\n<p><a href=\"https:\/\/www.humanite.fr\/monde\/cour-internationale-de-justice\/a-gaza-laide-humanitaire-a-baisse-de-moitie-malgre-les-injonctions-de-la-cour-internationale-de-justice-a-israel\">\u00c0&nbsp;<strong>Gaza<\/strong>, l\u2019aide humanitaire a baiss\u00e9 de moiti\u00e9 malgr\u00e9 les injonctions de la CIJ \u00e0 Isra\u00ebl<\/a>&nbsp; (L\u2019Humanit\u00e9)<\/p>\n\n\n\n<p><a href=\"https:\/\/lvsl.fr\/Tribunal%20de%20la%20Haye%C2%A0:%20Jusqu%E2%80%99%C3%A0%20quand%20Isra%C3%ABl%20%C3%A9chappera-t-il%20au%20droit%20international%C2%A0?\">Tribunal de la Haye\u00a0: Jusqu\u2019\u00e0 quand\u00a0<strong>Isra\u00ebl<\/strong>\u00a0\u00e9chappera-t-il au droit international\u00a0?<\/a>\u00a0(LVSL)<\/p>\n\n\n\n<p><a href=\"https:\/\/www.occrp.org\/en\/37-ccblog\/ccblog\/18400-only-those-with-money-can-leave-gazans-pay-thousands-to-escape-through-egypt\" target=\"_blank\" rel=\"noreferrer noopener\">Seuls ceux qui ont de l&rsquo;argent peuvent partir : Les habitants de <strong>Gaza<\/strong> paient des milliers de dollars pour s&rsquo;\u00e9chapper par l&rsquo;<strong>\u00c9gypte<\/strong><\/a>\u00a0(OCCRP)<\/p>\n\n\n\n<p><strong><mark style=\"background-color:rgba(0, 0, 0, 0);color:#ed1010\" class=\"has-inline-color\">26 f\u00e9vrier<\/mark><\/strong><\/p>\n\n\n\n<p><a href=\"https:\/\/alencontre.org\/moyenorient\/palestine\/israel-pas-de-visas-pour-les-employes-des-ong-humanitaires-en-cisjordanie-a-jerusalem-est-et-a-gaza.html\"><strong>Isra\u00ebl.&nbsp;<\/strong>Pas de visas pour les employ\u00e9s des ONG humanitaires en Cisjordanie, \u00e0 J\u00e9rusalem-est et \u00e0 Gaza<\/a>&nbsp;(A l\u2019Encontre)<\/p>\n\n\n\n<p><strong><a href=\"https:\/\/www.politis.fr\/articles\/2024\/02\/en-allemagne-la-traque-aux-pro-palestiniens\/\">En Allemagne, la traque aux pro-palestiniens<\/a><\/strong>&nbsp;(Politis)<\/p>\n\n\n\n<p><a href=\"https:\/\/www.politis.fr\/articles\/2024\/02\/lula-netanyahou-gaza-genocide-le-mot-pour-le-dire\/\">Lula et&nbsp;<strong>Gaza<\/strong>&nbsp;: g\u00e9nocide, le mot pour le dire<\/a>&nbsp;(Politis)<\/p>\n\n\n\n<p><a href=\"https:\/\/www.humanite.fr\/monde\/autorite-palestinienne\/guerre-a-gaza-le-gouvernement-palestinien-remet-sa-demission-au-president-mahmoud-abbas\"><strong>Gaza<\/strong>&nbsp;: le gouvernement palestinien remet sa d\u00e9mission au pr\u00e9sident Mahmoud Abbas<\/a>&nbsp;(L\u2019Humanit\u00e9)<\/p>\n\n\n\n<p><a href=\"https:\/\/www.occrp.org\/en\/37-ccblog\/ccblog\/18400-only-those-with-money-can-leave-gazans-pay-thousands-to-escape-through-egypt\" target=\"_blank\" rel=\"noreferrer noopener\">Seuls ceux qui ont de l&rsquo;argent peuvent partir : Les habitants de Gaza paient des milliers de dollars pour s&rsquo;\u00e9chapper par l&rsquo;\u00c9gypte<\/a>&nbsp;(OCCRP)<\/p>\n\n\n\n<p><a href=\"https:\/\/arretsurinfo.ch\/je-suis-fiere-des-ruines-de-gaza-may-golan-ministre-israelienne\/\"><strong>Isra\u00ebl<\/strong>. \u00ab&nbsp;<\/a><a href=\"https:\/\/arretsurinfo.ch\/je-suis-fiere-des-ruines-de-gaza-may-golan-ministre-israelienne\/\"><em>Je suis fi\u00e8re des ruines de Gaza<\/em><\/a><a href=\"https:\/\/arretsurinfo.ch\/je-suis-fiere-des-ruines-de-gaza-may-golan-ministre-israelienne\/\">&nbsp;\u00bb. May Golan, ministre isra\u00e9lienne<\/a>&nbsp;(Arr\u00eat sur info)<\/p>\n\n\n\n<p><a href=\"https:\/\/brunobertez.com\/2024\/02\/21\/les-plus-hautes-instances-du-tribunal-de-lonu-revelent-les-projets-israeliens-de-longue-date-doccuper-et-dannexer-les-terres-palestiniennes\/\"><strong>Isra\u00ebl<\/strong>. L<\/a><a href=\"https:\/\/brunobertez.com\/2024\/02\/21\/les-plus-hautes-instances-du-tribunal-de-lonu-revelent-les-projets-israeliens-de-longue-date-doccuper-et-dannexer-les-terres-palestiniennes\/\">es plus hautes instances du tribunal de l\u2019ONU r\u00e9v\u00e8lent les projets isra\u00e9liens de longue&nbsp;<\/a><a href=\"https:\/\/brunobertez.com\/2024\/02\/21\/les-plus-hautes-instances-du-tribunal-de-lonu-revelent-les-projets-israeliens-de-longue-date-doccuper-et-dannexer-les-terres-palestiniennes\/\">date d\u2019occuper et d\u2019annexer les terres palestiniennes<\/a>&nbsp;(Bruno Bertez)<\/p>\n\n\n\n<p><a href=\"https:\/\/lesakerfrancophone.fr\/lautodestruction-disrael\">L\u2019autodestruction d\u2019<strong>Isra\u00ebl<\/strong><\/a>&nbsp; (Le saker francophone)<\/p>\n\n\n\n<p><a href=\"https:\/\/lesakerfrancophone.fr\/je-suis-un-medecin-americain-qui-sest-rendu-a-gaza-ce-que-jy-ai-vu-ce-nest-pas-une-guerre-cest-un-aneantissement\">Je suis un m\u00e9decin am\u00e9ricain qui s\u2019est rendu \u00e0&nbsp;<strong>Gaza<\/strong>. Ce que j\u2019y ai vu, ce n\u2019est pas une guerre, c\u2019est un an\u00e9antissement<\/a>&nbsp;(Le saker francophone)<\/p>\n\n\n\n<p><a href=\"https:\/\/www.aljazeera.com\/news\/2024\/2\/24\/how-israels-war-on-gaza-is-bleeding-egypts-economy\"><strong>Egypte<\/strong>.&nbsp;<\/a><a href=\"https:\/\/www.aljazeera.com\/news\/2024\/2\/24\/how-israels-war-on-gaza-is-bleeding-egypts-economy\">How Israel\u2019s war on Gaza is bleeding Egypt\u2019s economy<\/a>&nbsp;(Al Jazeera)<\/p>\n\n\n\n<p><a href=\"https:\/\/brunobertez.com\/2024\/02\/21\/israel-le-talon-dachille-de-lelectricite\/\"><strong>Isra\u00ebl&nbsp;<\/strong>: le talon d\u2019Achille de l\u2019\u00e9lectricit\u00e9<\/a> (Bruno Bertez)<\/p>\n\n\n\n<p><strong><mark style=\"background-color:rgba(0, 0, 0, 0);color:#ed1010\" class=\"has-inline-color\">25 f\u00e9vrier<\/mark><\/strong><\/p>\n\n\n\n<p><a href=\"https:\/\/www.rfi.fr\/fr\/moyen-orient\/20240225-les-premi%C3%A8res-pistes-d-un-possible-nouveau-cessez-le-feu-entre-isra%C3%ABl-et-le-hamas\"><strong>Les premi\u00e8res pistes d&rsquo;un possible nouveau cessez-le-feu entre Isra\u00ebl et le Hamas<\/strong><\/a> (RFI)<\/p>\n\n\n\n<p><a href=\"https:\/\/www.mediapart.fr\/journal\/international\/250224\/bande-de-gaza-ce-sont-des-heros-malgre-eux-mais-ils-sont-en-train-de-mourir\" target=\"_blank\" rel=\"noreferrer noopener\">Bande de Gaza: \u00abCe sont des h\u00e9ros malgr\u00e9 eux, mais ils sont en train de mourir\u00bb<\/a>&nbsp;(M\u00e9diapart)<\/p>\n\n\n\n<p><a href=\"https:\/\/www.mediapart.fr\/journal\/international\/250224\/rafah-la-vie-quotidienne-est-un-exploit\" target=\"_blank\" rel=\"noreferrer noopener\">\u00c0 Rafah, la vie quotidienne est un exploit<\/a>&nbsp;(M\u00e9diapart)<\/p>\n\n\n\n<p><strong><mark style=\"background-color:rgba(0, 0, 0, 0);color:#ed1010\" class=\"has-inline-color\">24 f\u00e9vrier<\/mark><\/strong><a href=\"https:\/\/www.rfi.fr\/fr\/moyen-orient\/20240224-viols-tortures-arrestations-les-femmes-de-gaza-font-face-%C3%A0-des-abus-immenses-pointe-l-onu\"><\/a><\/p>\n\n\n\n<p><a href=\"https:\/\/www.rfi.fr\/fr\/moyen-orient\/20240224-viols-tortures-arrestations-les-femmes-de-gaza-font-face-%C3%A0-des-abus-immenses-pointe-l-onu\"><strong>Viols, tortures, arrestations&#8230; les femmes de Gaza font face \u00e0 des \u00ababus immenses\u00bb, pointe l&rsquo;ONU<\/strong><\/a> (RFI)<a href=\"https:\/\/www.francetvinfo.fr\/culture\/cinema\/cesar\/il-faut-que-le-massacre-cesse-des-appels-pour-un-cessez-le-feu-a-gaza-lors-de-la-49e-ceremonie-des-cesar_6385852.html\"><\/a><\/p>\n\n\n\n<p><a href=\"https:\/\/www.francetvinfo.fr\/culture\/cinema\/cesar\/il-faut-que-le-massacre-cesse-des-appels-pour-un-cessez-le-feu-a-gaza-lors-de-la-49e-ceremonie-des-cesar_6385852.html\">\u00ab\u00a0Il faut que le massacre cesse\u00a0\u00bb : les appels pour un cessez-le-feu \u00e0 Gaza lors de la 49e c\u00e9r\u00e9monie des C\u00e9sar<\/a> (France Info)<\/p>\n\n\n\n<p><a href=\"https:\/\/www.rfi.fr\/fr\/moyen-orient\/20240224-isra%C3%ABl-l-annonce-de-l-extension-des-colonies-en-cisjordanie-contrarie-washington\">Isra\u00ebl : l&rsquo;annonce de l&rsquo;extension des colonies en Cisjordanie contrarie Washington<\/a> (RFI)<\/p>\n\n\n\n<p><a href=\"https:\/\/alencontre.org\/moyenorient\/palestine\/gaza-les-enfants-qui-survivent-ne-vivent-pas.html\"><strong>Gaza<\/strong>. Les enfants qui survivent ne vivent pas&nbsp;<\/a> (A l\u2019Encontre)<\/p>\n\n\n\n<p><a href=\"https:\/\/agencemediapalestine.fr\/blog\/2024\/02\/23\/les-medecins-de-gaza-nous-ont-simplement-demander-de-parler-deux-car-ils-ne-voient-plus-le-bout-entretien-avec-des-medecins-volontaires-a-gaza\/\" target=\"_blank\" rel=\"noreferrer noopener\">Agence Media <strong>Palestine<\/strong> : Entretien avec des m\u00e9decins volontaires de retour de Gaza<\/a>&nbsp;(CICP)<\/p>\n\n\n\n<p><a href=\"https:\/\/www.fidh.org\/fr\/regions\/maghreb-moyen-orient\/israel-palestine\/l-union-europeenne-doit-sanctionner-israel-pour-ses-crimes-a-gaza\" target=\"_blank\" rel=\"noreferrer noopener\"><strong>L&rsquo;Union europ\u00e9enne doit sanctionner Isra\u00ebl pour ses crimes \u00e0 Gaza<\/strong><\/a> (FIDH)<\/p>\n\n\n\n<p><strong><mark style=\"background-color:rgba(0, 0, 0, 0);color:#ed1010\" class=\"has-inline-color\">23 f\u00e9vrier<\/mark><\/strong><\/p>\n\n\n\n<p><a href=\"https:\/\/www.mediapart.fr\/journal\/international\/200224\/hiam-abbass-et-lina-soualem-faire-exister-l-humanite-du-peuple-palestinien\">Hiam Abbass et Lina Soualem&nbsp;: \u00ab&nbsp;Faire exister l\u2019humanit\u00e9 du peuple palestinien&nbsp;\u00bb<\/a>&nbsp;(\u00c0 l\u2019air libre)<\/p>\n\n\n\n<p><a href=\"https:\/\/blogs.mediapart.fr\/mouais-le-journal-dubitatif\/blog\/230224\/en-cisjordanie-occupee-la-mobilite-sous-apartheid\">En <strong>Cisjordanie<\/strong> occup\u00e9e, la mobilit\u00e9 sous apartheid<\/a>&nbsp;(Mouais, le journal dubitatif)<\/p>\n\n\n\n<p><a href=\"https:\/\/cqfd-journal.org\/Gaza-L-heure-de-gloire-de-l\" target=\"_blank\" rel=\"noreferrer noopener\">Gaza&nbsp;: \u00ab&nbsp;L&rsquo;heure de gloire de&nbsp;l&rsquo;industrie de&nbsp;la&nbsp;d\u00e9fense&nbsp;\u00bb<\/a>&nbsp;(CQFD)<\/p>\n\n\n\n<p><a href=\"https:\/\/www.acrimed.org\/Israel-Palestine-le-7-octobre-et-apres-3\">Isra\u00ebl-Palestine, le 7 octobre et apr\u00e8s (3)&nbsp;: invisibilisation de Gaza et d\u00e9shumanisation des Palestiniens<\/a> (Acrimed)<\/p>\n\n\n\n<p><a href=\"https:\/\/www.acrimed.org\/Israel-Palestine-le-7-octobre-et-apres-2-doubles\">Isra\u00ebl-Palestine, le 7 octobre et apr\u00e8s (2)&nbsp;: doubles standards et compassions s\u00e9lectives<\/a>&nbsp;(Acrimed)<\/p>\n\n\n\n<figure class=\"wp-block-image size-full is-resized\"><img data-recalc-dims=\"1\" loading=\"lazy\" decoding=\"async\" width=\"737\" height=\"453\" src=\"https:\/\/i0.wp.com\/www.rdpemancipation.org\/wp-content\/uploads\/2024\/02\/image-12.png?resize=737%2C453&#038;ssl=1\" alt=\"\" class=\"wp-image-126010\" style=\"width:593px;height:auto\" srcset=\"https:\/\/i0.wp.com\/www.rdpemancipation.org\/wp-content\/uploads\/2024\/02\/image-12.png?w=737&amp;ssl=1 737w, https:\/\/i0.wp.com\/www.rdpemancipation.org\/wp-content\/uploads\/2024\/02\/image-12.png?resize=300%2C184&amp;ssl=1 300w\" sizes=\"auto, (max-width: 737px) 100vw, 737px\" \/><\/figure>\n\n\n\n<p><strong><mark style=\"background-color:rgba(0, 0, 0, 0);color:#ed1010\" class=\"has-inline-color\">22 f\u00e9vrier<\/mark><\/strong><\/p>\n\n\n\n<p><strong><a href=\"https:\/\/www.monde-diplomatique.fr\/2024\/02\/HALIMI\/66560\">Le journalisme fran\u00e7ais, un danger public<\/a><\/strong>&nbsp;(Le Monde diplomatique)<\/p>\n\n\n\n<p><a href=\"https:\/\/reporterre.net\/Carrefour-complice-des-militants-ecolos-denoncent-les-accords-du-groupe-avec-Israel?utm_source=newsletter&amp;utm_medium=email&amp;utm_campaign=nl_quotidienne\">\u00ab&nbsp;Carrefour complice&nbsp;\u00bb&nbsp;: des militants \u00e9colos d\u00e9noncent les accords du groupe avec Isra\u00ebl<\/a>&nbsp;(Reporterre)<\/p>\n\n\n\n<p><a href=\"https:\/\/www.middleeasteye.net\/fr\/reportages\/passage-tabac-vol-et-execution-le-jour-ou-les-soldats-israeliens-ont-envahi-le-stade\"><strong>Passage \u00e0 tabac, vols et ex\u00e9cutions : le jour o\u00f9 les soldats isra\u00e9liens ont envahi le stade Yarmouk \u00e0 Gaza<\/strong><\/a>&nbsp;(MEE)<\/p>\n\n\n\n<p><a href=\"https:\/\/www.middleeasteye.net\/fr\/actu-et-enquetes\/loffensive-terrestre-israelienne-transformerait-rafah-en-cimetiere-alertent-des\">L\u2019offensive terrestre isra\u00e9lienne transformerait Rafah en \u00ab&nbsp;cimeti\u00e8re&nbsp;\u00bb, alertent des sp\u00e9cialistes des droits de l\u2019homme<\/a>&nbsp;(MEE)<\/p>\n\n\n\n<p><a href=\"https:\/\/www.middleeasteye.net\/fr\/actu-et-enquetes\/tel-aviv-un-escape-game-propose-des-israeliens-de-jouer-la-guerre-gaza\">\u00c0 Tel Aviv, un escape game propose \u00e0 des Isra\u00e9liens de \u00ab&nbsp;jouer&nbsp;\u00bb \u00e0 la guerre \u00e0 Gaza<\/a> (MEE)<\/p>\n\n\n\n<p><a href=\"https:\/\/www.middleeasteye.net\/fr\/reportages\/les-images-du-port-de-gaza-en-ruine\">Les images du port de Gaza en ruines<\/a> (MEE)<\/p>\n\n\n\n<p><a href=\"https:\/\/www.middleeasteye.net\/fr\/actu-et-enquetes\/guerre-gaza-ces-israeliens-qui-bloquent-laide-humanitaire\">Gaza : ces Isra\u00e9liens qui bloquent l\u2019aide humanitaire<\/a> (MEE)<\/p>\n\n\n\n<p><a href=\"https:\/\/www.boursorama.com\/actualite-economique\/actualites\/pour-gaza-des-americains-d-origine-arabe-jurent-de-punir-biden-dans-les-urnes-bb512f3b0b15c68580cd02fbef582ebd\">Pour Gaza, des Am\u00e9ricains d\u2019origine arabe jurent de \u00ab&nbsp;punir&nbsp;\u00bb Biden dans les urnes<\/a>&nbsp;(AFP) &nbsp;&nbsp;<\/p>\n\n\n\n<p><a href=\"https:\/\/www.rfi.fr\/fr\/en-bref\/20240221-une-majorit%C3%A9-d-isra%C3%A9liens-ne-croit-pas-%C3%A0-la-victoire-totale-%C3%A0-gaza-sondage\"><strong>Une majorit\u00e9 d\u2019Isra\u00e9liens ne croit pas \u00e0 la \u00abvictoire totale\u00bb \u00e0 Gaza (sondage)<\/strong><\/a>&nbsp;(RFI)<\/p>\n\n\n\n<p><a href=\"https:\/\/www.boursorama.com\/videos\/actualites\/israel-face-au-manque-de-main-d-oeuvre-l-etat-hebreu-fait-venir-des-travailleurs-indiens-e7dbf7706682a1b6dd65c1dc2cd810c1\"><strong>Isra\u00ebl<\/strong> : face au manque de main d&rsquo;oeuvre, l&rsquo;Etat h\u00e9breu fait venir des travailleurs indiens<\/a> (France 24)<\/p>\n\n\n\n<p><a href=\"https:\/\/www.rfi.fr\/fr\/podcasts\/aujourd-hui-l-%C3%A9conomie\/20240220-la-guerre-%C3%A0-gaza-essore-l-%C3%A9conomie-isra%C3%A9lienne\"><strong>Comment la guerre \u00e0 Gaza essore l\u2019\u00e9conomie isra\u00e9lienne<\/strong><\/a> (RFI)<\/p>\n\n\n\n<p><strong><mark style=\"background-color:rgba(0, 0, 0, 0);color:#ed1010\" class=\"has-inline-color\">20 f\u00e9vrier<\/mark><\/strong><\/p>\n\n\n\n<p><a href=\"https:\/\/www.mediapart.fr\/journal\/international\/200224\/livraison-d-armes-israel-le-silence-troublant-de-la-france\">Livraison d\u2019armes \u00e0 Isra\u00ebl: le silence troublant de la France<\/a>&nbsp;(M\u00e9diapart)<\/p>\n\n\n\n<p><a href=\"https:\/\/www.amnesty.fr\/controle-des-armes\/actualites\/Face%20au%20risqiue%20de%20g%C3%A9nocide%20il%20est%20urgent%20de%20suspendre%20toutes%20les%20ventes%20d%E2%80%99armes%20%C3%A0%20Isra%C3%ABl\">Face au risque de g\u00e9nocide il est urgent de suspendre toutes les ventes d\u2019armes \u00e0 Isra\u00ebl<\/a>&nbsp;(Amnesty France)<\/p>\n\n\n\n<p><a href=\"https:\/\/lepoing.net\/clermont-lherault-rassemblement-de-soutien-a-un-maraicher-menace-dexpulsion-du-marche-a-cause-de-son-soutien-a-la-palestine\/\">Clermont-L\u2019H\u00e9rault : un mara\u00eecher menac\u00e9 d\u2019expulsion du march\u00e9 \u00e0 cause de son soutien \u00e0 la Palestine<\/a>&nbsp;(Le Poing)<\/p>\n\n\n\n<p><strong><a href=\"https:\/\/www.tsa-algerie.com\/cessez-le-feu-a-gaza-les-etats-unis-bloquent-la-resolution-de-lalgerie\/\">Cessez-le-feu \u00e0 Gaza : les Etats-Unis bloquent la r\u00e9solution de l\u2019Alg\u00e9rie<\/a>&nbsp;<\/strong>(TSA)<\/p>\n\n\n\n<p><a href=\"https:\/\/www.tsa-algerie.com\/guerre-contre-gaza-le-temoignage-bouleversant-dune-infirmiere-francaise\/\">Guerre contre Gaza : le t\u00e9moignage bouleversant d\u2019une infirmi\u00e8re fran\u00e7aise<\/a>&nbsp;(TSA)<\/p>\n\n\n\n<p><a href=\"https:\/\/www.lequotidien-oran.com\/index.php?news=5327853\">\u00abViols\u00bb et \u00abex\u00e9cutions extrajudiciaires\u00bb de femmes et de jeunes filles palestiniennes: Des experts de l\u2019ONU demandent une enqu\u00eate<\/a>&nbsp;(Le Quotidien d\u2019Oran)<\/p>\n\n\n\n<p><a href=\"https:\/\/alencontre.org\/moyenorient\/palestine\/le-mouvement-des-colons-des-ministres-colons-et-leurs-terrifiants-plans-dapres-guerre-pour-gaza.html\">Le mouvement des colons, des ministres-colons et leurs terrifiants plans d\u2019apr\u00e8s-guerre pour Gaza<\/a>&nbsp;(A l\u2019Encontre)<\/p>\n\n\n\n<p><a href=\"https:\/\/alencontre.org\/moyenorient\/palestine\/le-monde-doit-imposer-la-paix-a-israel.html\">\u00abLe monde doit imposer la paix \u00e0 Isra\u00ebl\u00bb<\/a>&nbsp;(A l\u2019Encontre)<\/p>\n\n\n\n<p><a href=\"https:\/\/www.alternatives-economiques.fr\/a-gaza-lirreparable-a-deja-ete-commis\/00109727\">A Gaza, l\u2019irr\u00e9parable a d\u00e9j\u00e0 \u00e9t\u00e9 commis<\/a>&nbsp;(Alter \u00e9co)<\/p>\n\n\n\n<p><a href=\"https:\/\/orientxxi.info\/va-comprendre\/pourquoi-le-keffieh-est-il-le-symbole-de-la-resistance-palestinienne,7066\">Pourquoi le keffieh est-il le symbole de la r\u00e9sistance palestinienne&nbsp;?<\/a>&nbsp; (Orient XXI)<\/p>\n\n\n\n<p><a href=\"https:\/\/www.tsa-algerie.com\/israel-comment-netanyahou-mene-son-pays-a-lautodestruction\/\">Isra\u00ebl : comment Netanyahou m\u00e8ne son pays \u00e0 l\u2019autodestruction<\/a>&nbsp;(TSA)<\/p>\n\n\n\n<p><a href=\"https:\/\/link.newsletter.franceculture.fr\/m\/ml\/7429\/854896\/XYnlxvM85usaUhNm261H2m9C5lXTLJmivm821gAfcU8=\/gpqRd60-ya9Byjt174UdZdVrFdy2nttckIMw6WUnzFE=\/\">Guerre Isra\u00ebl-Hamas&nbsp;: l\u2019abandon de Gaza&nbsp;?<\/a>&nbsp;&nbsp;-J-P Filiu (France Culture)<\/p>\n\n\n\n<p><strong><mark style=\"background-color:rgba(0, 0, 0, 0);color:#ed1010\" class=\"has-inline-color\">19 f\u00e9vrier<\/mark><\/strong><\/p>\n\n\n\n<p><a href=\"https:\/\/www.latimes.com\/opinion\/story\/2024-02-16\/rafah-gaza-hospitals-surgery-israel-bombing-ground-offensive-children\">I\u2019m an American doctor who went to Gaza. What I saw wasn\u2019t war \u2014 it was annihilation<\/a>&nbsp;(latimes.com)<\/p>\n\n\n\n<figure class=\"wp-block-image size-full\"><img data-recalc-dims=\"1\" loading=\"lazy\" decoding=\"async\" width=\"714\" height=\"242\" src=\"https:\/\/i0.wp.com\/www.rdpemancipation.org\/wp-content\/uploads\/2024\/02\/image-9.png?resize=714%2C242&#038;ssl=1\" alt=\"\" class=\"wp-image-125758\" srcset=\"https:\/\/i0.wp.com\/www.rdpemancipation.org\/wp-content\/uploads\/2024\/02\/image-9.png?w=714&amp;ssl=1 714w, https:\/\/i0.wp.com\/www.rdpemancipation.org\/wp-content\/uploads\/2024\/02\/image-9.png?resize=300%2C102&amp;ssl=1 300w\" sizes=\"auto, (max-width: 714px) 100vw, 714px\" \/><\/figure>\n\n\n\n<p><a href=\"https:\/\/www.mondialisation.ca\/les-consignes-pro-israeliennes-donnees-a-lafp\/5686480?doing_wp_cron=1708123170.1748459339141845703125\">Les consignes pro-isra\u00e9liennes donn\u00e9es a l\u2019AFP<\/a>&nbsp;(Mondialisation.ca)<\/p>\n\n\n\n<p><a href=\"https:\/\/lundi.am\/Occupation-de-la-terre-et-existences-palestiniennes\" target=\"_blank\" rel=\"noreferrer noopener\">Occupation de la terre et existences palestiniennes<\/a> (Lundimatin)<\/p>\n\n\n\n<p><strong><a href=\"https:\/\/www.middleeasteye.net\/fr\/actu-et-enquetes\/guerre-gaza-larmee-et-les-services-de-renseignement-israeliens-avertissent-les\">L\u2019arm\u00e9e et les services de renseignement isra\u00e9liens avertissent les dirigeants politiques que le Hamas survivra \u00e0 l\u2019offensive<\/a> <\/strong>(MEE)<\/p>\n\n\n\n<p><a href=\"https:\/\/www.middleeasteye.net\/fr\/actu-et-enquetes\/guerre-gaza-les-drones-tueurs-israeliens-de-fabrication-indienne-deployes-gaza\">Des drones \u00ab&nbsp;tueurs&nbsp;\u00bb isra\u00e9liens de fabrication <strong>indienne<\/strong> bient\u00f4t d\u00e9ploy\u00e9s \u00e0 <strong>Gaza<\/strong><\/a> (MEE)<\/p>\n\n\n\n<p><a href=\"https:\/\/www.middleeasteye.net\/fr\/actu-et-enquetes\/entreprises-energetiques-menacees-poursuites-judiciaires-licences-israeliennes-forage-gaz-gaza\">Des entreprises \u00e9nerg\u00e9tiques menac\u00e9es de poursuites concernant des licences isra\u00e9liennes de forage de gaz au large de Gaza<\/a> (MEE)<\/p>\n\n\n\n<p><a href=\"https:\/\/www.middleeasteye.net\/fr\/decryptages\/guerre-gaza-pourquoi-legypte-redoute-t-elle-lattaque-israelienne-rafah-et-quelles\">Pourquoi l\u2019<strong>\u00c9gypte<\/strong> redoute-t-elle l\u2019attaque isra\u00e9lienne \u00e0 Rafah et quelles&nbsp;cons\u00e9quences pour le trait\u00e9 de paix ?<\/a> (MEE)<\/p>\n\n\n\n<p><strong><a href=\"https:\/\/www.courrierinternational.com\/article\/gaza-l-egypte-finira-t-elle-par-etre-complice-d-une-seconde-nakba?xtor=EREC-21-20240216-8-nl_bestof\">L\u2019\u00c9gypte finira-t-elle par \u00eatre complice d\u2019une seconde \u201cNakba\u201d&nbsp;?<\/a>&nbsp;<\/strong>(Courrier international)<\/p>\n\n\n\n<p><a href=\"https:\/\/www.rfi.fr\/fr\/moyen-orient\/20240216-l-%C3%A9gypte-se-pr%C3%A9pare-t-elle-%C3%A0-accueillir-des-r%C3%A9fugi%C3%A9s-de-gaza-en-cas-d-offensive-contre-rafah\" target=\"_blank\" rel=\"noreferrer noopener\">L&rsquo;<strong>\u00c9gypte<\/strong> se pr\u00e9pare-t-elle \u00e0 accueillir des r\u00e9fugi\u00e9s de Gaza en cas d&rsquo;offensive contre Rafah&nbsp;?<\/a>&nbsp;(RFI)<\/p>\n\n\n\n<p><a href=\"https:\/\/theconversation.com\/lia-au-coeur-de-la-strategie-israelienne-a-gaza-222960?utm_medium=email&amp;utm_campaign=La%20lettre%20de%20The%20Conversation%20France%20du%2016%20fvrier%202024%20-%202879929228&amp;utm_content=La%20lettre%20de%20The%20Conversation%20France%20du%2016%20fvrier%202024%20-%202879929228+CID_cf72fb6eef7c72d4a9555cc73c5f92ba&amp;utm_source=campaign_monitor_fr&amp;utm_term=LIA%20au%20cur%20de%20la%20stratgie%20isralienne%20%20Gaza\">L\u2019IA au c\u0153ur de la strat\u00e9gie isra\u00e9lienne \u00e0&nbsp;<strong>Gaza<\/strong><\/a>&nbsp;(The Conversation)<\/p>\n\n\n\n<p><a href=\"https:\/\/www.youtube.com\/watch?v=rZlqphmelwk\" target=\"_blank\" rel=\"noreferrer noopener\">Ilan Papp\u00e9 : historien, juif et antisioniste<\/a>&nbsp;(Investigaction)<\/p>\n\n\n\n<p><strong><a href=\"https:\/\/www.les-crises.fr\/face-au-massacre-a-gaza-le-congres-americain-est-deconnecte-de-ses-electeurs\/\">Face au massacre \u00e0 Gaza, le Congr\u00e8s am\u00e9ricain est d\u00e9connect\u00e9 de ses \u00e9lecteurs<\/a><\/strong>&nbsp;(Les Crises)<\/p>\n\n\n\n<p><a href=\"https:\/\/kapitalis.com\/tunisie\/2024\/02\/14\/la-guerre-contre-gaza-ou-la-faillite-morale-dun-occident-en-perte-de-reperes\/\">La guerre contre <strong>Gaza<\/strong> ou la faillite morale d\u2019un Occident en perte de rep\u00e8res<\/a>&nbsp;(Kapitalis)<\/p>\n\n\n\n<p><a href=\"https:\/\/ratings.moodys.com\/ratings-news\/415081\">Moody&rsquo;s downgrades <strong>Israel<\/strong>&lsquo;s ratings to A2, changes outlook to negative<\/a>&nbsp;(Moody\u2019s)<\/p>\n\n\n\n<p><strong><mark style=\"background-color:rgba(0, 0, 0, 0);color:#ed1010\" class=\"has-inline-color\">17 f\u00e9vrier<\/mark><\/strong><\/p>\n\n\n\n<p><a href=\"https:\/\/www.monde-diplomatique.fr\/mav\/193\/BELKAID\/66509\"><strong>L\u2019hubris d\u2019Isra\u00ebl<\/strong><\/a> (Mani\u00e8re de voir)<\/p>\n\n\n\n<p><a href=\"https:\/\/www.mediapart.fr\/journal\/international\/170224\/sanctions-contre-israel-les-gauches-convergent-sur-le-principe\">Sanctions contre <strong>Isra\u00ebl<\/strong> : les gauches convergent sur le principe<\/a> (M\u00e9diapart)<\/p>\n\n\n\n<p><a href=\"https:\/\/www.lemonde.fr\/idees\/article\/2024\/02\/17\/si-le-gouvernement-d-israel-s-enferme-dans-une-logique-mortifere-il-faut-tout-faire-pour-l-arreter_6217064_3232.html\"><strong>Si le gouvernement d\u2019Isra\u00ebl s\u2019enferme dans une logique mortif\u00e8re, il faut tout faire pour l\u2019arr\u00eater<\/strong><\/a> (Tribune Le Monde)<\/p>\n\n\n\n<p><a href=\"https:\/\/www.middleeasteye.net\/fr\/actu-et-enquetes\/guerre-gaza-le-procureur-de-la-cpi-menace-israel-de-mesures-potentielles\">Le procureur de la CPI menace Isra\u00ebl de mesures potentielles concernant ses op\u00e9rations militaires \u00e0 Rafah<\/a> (MEE)<\/p>\n\n\n\n<p><a href=\"https:\/\/www.middleeasteye.net\/fr\/reportages\/en-images-rafah-les-palestiniens-accules-sont-abattus-dans-leurs-tentes\">EN IMAGES : \u00c0 Rafah, les Palestiniens accul\u00e9s sont abattus dans leurs tentes<\/a> (MEE)<\/p>\n\n\n\n<p><a href=\"https:\/\/www.middleeasteye.net\/fr\/actu-et-enquetes\/apres-la-mort-dun-troisieme-collaborateur-la-france-fait-evacuer-42-personnes-de\">Apr\u00e8s la mort d\u2019un troisi\u00e8me collaborateur, la France fait \u00e9vacuer 42 personnes de la bande de Gaza<\/a> (MEE)<\/p>\n\n\n\n<p><strong><mark style=\"background-color:rgba(0, 0, 0, 0);color:#ed1010\" class=\"has-inline-color\">16 f\u00e9vrier<\/mark><\/strong><\/p>\n\n\n\n<p><strong><a href=\"https:\/\/www.mediapart.fr\/journal\/international\/150224\/les-medecins-des-hopitaux-de-gaza-lancent-un-sos-au-monde-entier\">Les m\u00e9decins des h\u00f4pitaux de Gaza lancent un SOS au monde entier<\/a><\/strong> (M\u00e9diapart)<\/p>\n\n\n\n<p><a href=\"https:\/\/alencontre.org\/moyenorient\/palestine\/gaza-israel-des-prisonniers-palestiniens-tortures-et-filmes.html\">Gaza-Isra\u00ebl. Des prisonniers palestiniens tortur\u00e9s et film\u00e9s<\/a> (A l\u2019Encontre)<\/p>\n\n\n\n<p><a href=\"https:\/\/euromedmonitor.org\/en\/article\/6153\/%E2%80%9CThey-brought-Israeli-civilians-to-watch-our-nude-torture%E2%80%9D:-IDF-torture-of-Palestinian-prisoners-is-turned-into-entertainment-for-Israeli-viewers\">\u00ab Ils ont amen\u00e9 des civils isra\u00e9liens pour assister \u00e0 nos tortures nues \u00bb : la torture des prisonniers palestiniens par Tsahal est transform\u00e9e en divertissement pour les t\u00e9l\u00e9spectateurs isra\u00e9liens<\/a> (Euro-med Human Rights Monitor)<\/p>\n\n\n\n<p><a href=\"https:\/\/www.rfi.fr\/fr\/moyen-orient\/20240216-l-%C3%A9gypte-se-pr%C3%A9pare-t-elle-%C3%A0-accueillir-des-r%C3%A9fugi%C3%A9s-de-gaza-en-cas-d-offensive-contre-rafah\"><\/a><a href=\"https:\/\/www.rfi.fr\/fr\/moyen-orient\/20240216-l-%C3%A9gypte-se-pr%C3%A9pare-t-elle-%C3%A0-accueillir-des-r%C3%A9fugi%C3%A9s-de-gaza-en-cas-d-offensive-contre-rafah\">L&rsquo;\u00c9gypte se pr\u00e9pare-t-elle \u00e0 accueillir des r\u00e9fugi\u00e9s de Gaza en cas d&rsquo;offensive contre Rafah ?<\/a> (RFI)<\/p>\n\n\n\n<p><strong><mark style=\"background-color:rgba(0, 0, 0, 0);color:#ed1010\" class=\"has-inline-color\">15 f\u00e9vrier<\/mark><\/strong><\/p>\n\n\n\n<p><strong><a href=\"https:\/\/la-bas.org\/7237\">Vente d\u2019armes \u00e0 Isra\u00ebl : la l\u00e2chet\u00e9 fran\u00e7aise<\/a><\/strong>&nbsp;(L\u00e0-bas si j\u2019y suis)<\/p>\n\n\n\n<p><a href=\"https:\/\/www.rfi.fr\/fr\/moyen-orient\/20240215-cisjordanie-occup%C3%A9e-nombre-record-de-colonies-ill%C3%A9gales-en-2023-pointe-l-ong-la-paix-maintenant\">Cisjordanie occup\u00e9e : nombre record de colonies ill\u00e9gales en 2023, pointe l\u2019ONG La Paix Maintenant<\/a>&nbsp;(RFI)<\/p>\n\n\n\n<p><a href=\"https:\/\/www.rfi.fr\/fr\/europe\/20240215-le-vatican-tance-isra%C3%ABl-sur-le-carnage-%C3%A0-gaza\">Le Vatican tance Isra\u00ebl sur le \u00abcarnage\u00bb \u00e0 Gaza<\/a>&nbsp;(RFI)<\/p>\n\n\n\n<p><a href=\"https:\/\/orientxxi.info\/magazine\/les-relations-entre-israel-et-l-arabie-saoudite-a-l-epreuve-de-gaza,7063\">Les relations entre Isra\u00ebl et l\u2019Arabie saoudite \u00e0 l\u2019\u00e9preuve de Gaza<\/a>&nbsp;(Orient XXI)<\/p>\n\n\n\n<p><a href=\"https:\/\/www.lequotidien-oran.com\/index.php?news=5327714&amp;archive_date=2024-02-14\">Attaque sioniste contre Rafah: L\u2019Afrique du Sud d\u00e9pose une nouvelle requ\u00eate devant la CIJ<\/a>&nbsp;(Le Quotidien d\u2019Oran)<\/p>\n\n\n\n<p><strong><mark style=\"background-color:rgba(0, 0, 0, 0);color:#ed1010\" class=\"has-inline-color\">14 f\u00e9vrier<\/mark><\/strong><\/p>\n\n\n\n<p><a href=\"https:\/\/www.boursorama.com\/actualite-economique\/actualites\/gaza-israel-appele-a-ne-pas-declencher-a-rafah-un-assaut-desastreux-e693d2b91a97340c9bb08b6b5af2856d\">Gaza : Isra\u00ebl appel\u00e9 \u00e0 ne pas d\u00e9clencher \u00e0 Rafah un assaut \u00ab\u00a0d\u00e9sastreux\u00a0\u00bb<\/a> (Reuters)<\/p>\n\n\n\n<p><strong><a href=\"https:\/\/www.lemonde.fr\/afrique\/article\/2024\/02\/14\/pretoria-depose-une-nouvelle-requete-devant-la-cij-contre-l-offensive-israelienne-a-rafah_6216472_3212.html\">Pretoria d\u00e9pose une nouvelle requ\u00eate devant la CIJ contre l\u2019offensive isra\u00e9lienne \u00e0 Rafah<\/a><\/strong> (Le Monde)<\/p>\n\n\n\n<p><a href=\"https:\/\/www.lemonde.fr\/international\/article\/2024\/02\/14\/a-gaza-les-bombes-israeliennes-effacent-le-patrimoine-de-l-enclave_6216433_3210.html\">Dans la bande de Gaza, les bombes isra\u00e9liennes d\u00e9truisent le patrimoine et effacent la m\u00e9moire<\/a> (Le Monde)<\/p>\n\n\n\n<p><strong><a href=\"https:\/\/alencontre.org\/moyenorient\/palestine\/gaza-rafah-une-horreur-indescriptible-mais-laide-militaire-a-israel-continue.html\">Rafah. \u00abUne horreur indescriptible\u00bb. Mais l\u2019aide militaire \u00e0 Isra\u00ebl continue<\/a><\/strong> (A l\u2019Encontre)<\/p>\n\n\n\n<p><a href=\"https:\/\/alencontre.org\/ameriques\/americnord\/usa\/etats-unis-senat-seuls-trois-democrates-dont-bernie-sanders-sopposent-a-une-aide-militaire-nouvelle-de-10-milliards-de-dollars-pour-netanyahou.html\">USA-S\u00e9nat. Seuls trois d\u00e9mocrates, dont Bernie Sanders, s\u2019opposent \u00e0 une aide militaire nouvelle de 10 mds $ pour Netanyahou<\/a> (A l\u2019Encontre)<\/p>\n\n\n\n<p><a href=\"https:\/\/www.francetvinfo.fr\/monde\/proche-orient\/israel-palestine\/guerre-entre-israel-et-le-hamas-l-armee-israelienne-annonce-avoir-lance-des-raids-aeriens-sur-le-liban_6365674.html\">L\u2019arm\u00e9e isra\u00e9lienne annonce avoir lanc\u00e9 des raids a\u00e9riens sur le Liban<\/a> (France info)<\/p>\n\n\n\n<p><a href=\"https:\/\/www.middleeasteye.net\/fr\/decryptages\/pourquoi-egypte-et-turquie-mettent-fin-decennie-de-divergence\">Pourquoi l\u2019\u00c9gypte et la Turquie mettent fin \u00e0 une d\u00e9cennie de divergence<\/a> (MEE)<\/p>\n\n\n\n<p><a href=\"https:\/\/www.acrimed.org\/Israel-Palestine-le-7-octobre-et-apres-1-un\">Isra\u00ebl-Palestine, le 7 octobre et apr\u00e8s : un cadrage m\u00e9diatique verrouill\u00e9<\/a>&nbsp;(Acrimed)<\/p>\n\n\n\n<p><a href=\"https:\/\/www.contretemps.eu\/israel-politique-economique-palestine-genocide-eau\/\"><strong>La politique \u00e9conomique du g\u00e9nocide palestinien et le peuple du Commun<\/strong><\/a> (Contretemps)<\/p>\n\n\n\n<p><strong><mark style=\"background-color:rgba(0, 0, 0, 0);color:#ed1010\" class=\"has-inline-color\">13 f\u00e9vrier<\/mark><\/strong><\/p>\n\n\n\n<p><strong><a href=\"https:\/\/www.francetvinfo.fr\/monde\/proche-orient\/israel-palestine\/direct-guerre-a-gaza-la-pression-internationale-s-intensifie-pour-un-accord-entre-israel-et-le-hamas_6362854.html\">La pression internationale s\u2019intensifie pour une tr\u00eave \u00e0 Gaza<\/a><\/strong>&nbsp;(Le direct de France Info)<\/p>\n\n\n\n<p><a href=\"https:\/\/www.liberation.fr\/international\/violences-en-cisjordanie-la-france-sanctionne-28-colons-extremistes-20240213_ZUHI2UKCWFGGNPIJ7L7LVP733M\/\">Violences en Cisjordanie : la France sanctionne 28 colons \u00abextr\u00e9mistes\u00bb<\/a><a>&nbsp;<\/a>(Lib\u00e9ration)<\/p>\n\n\n\n<p><a href=\"https:\/\/blogs.mediapart.fr\/journal-de-bord-dhossam-al-madhoun\/blog\/130224\/rafah-les-frappes-aeriennes-se-poursuivent-pendant-que-jecris-ces-mots\">\u00c0 Rafah, les frappes a\u00e9riennes se poursuivent pendant que j\u2019\u00e9cris ces mots<\/a>&nbsp;(Journal de bord d\u2019Hossam Al-Madhoun)<\/p>\n\n\n\n<p><a href=\"https:\/\/enass.ma\/2024\/02\/13\/de-rabat-a-gaza-les-femmes-pour-la-palestine\/\">De Rabat \u00e0 Gaza, les femmes pour la Palestine<\/a>&nbsp;(Enass)<\/p>\n\n\n\n<p><a href=\"https:\/\/www.middleeasteye.net\/fr\/actu-et-enquetes\/guerre-gaza-le-procureur-de-la-cpi-menace-israel-de-mesures-potentielles\">Le procureur de la CPI menace Isra\u00ebl de mesures potentielles concernant ses op\u00e9rations militaires \u00e0 Rafah<\/a> (MEE)<\/p>\n\n\n\n<p><a href=\"https:\/\/www.middleeasteye.net\/fr\/reportages\/en-images-rafah-les-palestiniens-accules-sont-abattus-dans-leurs-tentes\">EN IMAGES : \u00c0 Rafah, les Palestiniens accul\u00e9s sont abattus dans leurs tentes<\/a> (MEE)<\/p>\n\n\n\n<p><a href=\"https:\/\/www.middleeasteye.net\/fr\/actu-et-enquetes\/apres-la-mort-dun-troisieme-collaborateur-la-france-fait-evacuer-42-personnes-de\">Apr\u00e8s la mort d\u2019un troisi\u00e8me collaborateur, la France fait \u00e9vacuer 42 personnes de la bande de Gaza<\/a> (MEE)<\/p>\n\n\n\n<p><strong><mark style=\"background-color:rgba(0, 0, 0, 0);color:#ed1010\" class=\"has-inline-color\">12 f\u00e9vrier<\/mark><\/strong><\/p>\n\n\n\n<p><a href=\"https:\/\/www.lemonde.fr\/international\/article\/2024\/02\/12\/les-pays-bas-sommes-de-stopper-la-livraison-de-composants-militaires-a-israel_6216164_3210.html\"><strong>Les Pays-Bas somm\u00e9s de stopper la livraison de composants militaires \u00e0 Isra\u00ebl<\/strong><\/a> (Le Monde)<\/p>\n\n\n\n<p><strong><a href=\"https:\/\/www.rfi.fr\/fr\/moyen-orient\/20240212-en-direct-guerre-%C3%A0-gaza-l-arm%C3%A9e-isra%C3%A9lienne-lib%C3%A8re-deux-otages-apr%C3%A8s-une-op%C3%A9ration-nocturne-%C3%A0-rafah\">Gaza : la perspective d&rsquo;une offensive \u00e0 Rafah est \u00abterrifiante\u00bb, affirme l&rsquo;Onu<\/a><\/strong> (RFI)<\/p>\n\n\n\n<p><a href=\"https:\/\/alencontre.org\/moyenorient\/palestine\/gaza-quand-le-systeme-de-sante-est-lobjectif-de-loffensive-militaire-recit-dun-humanitaire-palestinien.html\">Gaza. Quand le syst\u00e8me de sant\u00e9 est l\u2019objectif de l\u2019offensive militaire. R\u00e9cit d\u2019un humanitaire palestinien<\/a> (A l\u2019encontre)<\/p>\n\n\n\n<p><a href=\"https:\/\/alencontre.org\/moyenorient\/palestine\/gaza-contexte-de-lescalade-militaire-a-rafah-plus-de-600-000-enfants-et-leurs-familles-y-sont-masses-apres-avoir-ete-deplaces-plusieurs-fois.html\">Gaza. Contexte de l\u2019escalade militaire \u00e0 Rafah : plus de 600&nbsp;000 enfants et leurs familles y sont mass\u00e9s, apr\u00e8s avoir \u00e9t\u00e9 d\u00e9plac\u00e9s plusieurs fois&nbsp;<\/a> (A l\u2019encontre)<\/p>\n\n\n\n<p><strong><a href=\"https:\/\/lanticapitaliste.org\/actualite\/international\/genocide-israelien-en-palestine-lelection-de-biden-pourrait-etre-en-jeu\">G\u00e9nocide isra\u00e9lien en Palestine&nbsp;: l\u2019\u00e9lection de Biden pourrait \u00eatre en jeu<\/a><\/strong> (L\u2019Anticapitaliste)<\/p>\n\n\n\n<p><strong><mark style=\"background-color:rgba(0, 0, 0, 0);color:#ed1010\" class=\"has-inline-color\">11 f\u00e9vrier<\/mark><\/strong><\/p>\n\n\n\n<figure class=\"wp-block-image size-full\"><img data-recalc-dims=\"1\" loading=\"lazy\" decoding=\"async\" width=\"534\" height=\"530\" src=\"https:\/\/i0.wp.com\/www.rdpemancipation.org\/wp-content\/uploads\/2024\/02\/image-4.png?resize=534%2C530&#038;ssl=1\" alt=\"\" class=\"wp-image-125439\" srcset=\"https:\/\/i0.wp.com\/www.rdpemancipation.org\/wp-content\/uploads\/2024\/02\/image-4.png?w=534&amp;ssl=1 534w, https:\/\/i0.wp.com\/www.rdpemancipation.org\/wp-content\/uploads\/2024\/02\/image-4.png?resize=300%2C298&amp;ssl=1 300w, https:\/\/i0.wp.com\/www.rdpemancipation.org\/wp-content\/uploads\/2024\/02\/image-4.png?resize=150%2C150&amp;ssl=1 150w\" sizes=\"auto, (max-width: 534px) 100vw, 534px\" \/><\/figure>\n\n\n\n<p><a href=\"https:\/\/www.humanite.fr\/monde\/abdullah-ocalan\/kurdistan-la-solution-est-politique\">Kurdistan, la solution est politique<\/a>&nbsp;(L\u2019humanit\u00e9)<\/p>\n\n\n\n<p><a href=\"https:\/\/www.equaltimes.org\/guerre-en-syrie-un-conflit-sans\">Guerre en Syrie&nbsp;: un conflit sans tr\u00eave, \u00e9clips\u00e9 et intensifi\u00e9 par la guerre de Gaza<\/a>&nbsp;(equaltimes.org)<\/p>\n\n\n\n<p><strong><mark style=\"background-color:rgba(0, 0, 0, 0);color:#ed1010\" class=\"has-inline-color\">10 f\u00e9vrier<\/mark><\/strong><\/p>\n\n\n\n<p><a href=\"https:\/\/orientxxi.info\/magazine\/de-la-nakba-a-gaza-poesie-et-resistance-en-palestine,7054\">De la Nakba \u00e0 Gaza. Po\u00e9sie et r\u00e9sistance en Palestine<\/a>&nbsp;(Orient XXI)<a href=\"https:\/\/www.francetvinfo.fr\/monde\/proche-orient\/israel-palestine\/le-bureau-de-medecins-du-monde-dans-le-centre-de-gaza-a-ete-deliberement-detruit-cette-semaine-annonce-son-vice-president_6357976.html\"><\/a><\/p>\n\n\n\n<p><a href=\"https:\/\/www.francetvinfo.fr\/monde\/proche-orient\/israel-palestine\/le-bureau-de-medecins-du-monde-dans-le-centre-de-gaza-a-ete-deliberement-detruit-cette-semaine-annonce-son-vice-president_6357976.html\">Le bureau de M\u00e9decins du Monde \u00e0&nbsp;<strong>Gaza&nbsp;<\/strong>a \u00e9t\u00e9 \u2018d\u00e9lib\u00e9r\u00e9ment d\u00e9truit cette semaine\u2019, annonce son vice-pr\u00e9sident<\/a><a>&nbsp;(France Info)<\/a><\/p>\n\n\n\n<p><a href=\"https:\/\/www.francetvinfo.fr\/monde\/proche-orient\/israel-palestine\/direct-guerre-entre-israel-et-le-hamas-des-frappes-en-cours-sur-rafah-dans-le-sud-de-la-bande-de-gaza_6357358.html\"><strong>Gaza<\/strong>&nbsp;: l\u2019Allemagne met en garde contre une \u00ab&nbsp;catastrophe humanitaire&nbsp;\u00bb en cas d\u2019offensive \u00e0 Rafah<\/a>&nbsp;(Le direct de France Info)<\/p>\n\n\n\n<p><a href=\"https:\/\/www.rfi.fr\/fr\/moyen-orient\/20240210-en-direct-%C3%A0-rafah-l-intensification-des-frappes-isra%C3%A9liennes-fait-craindre-une-intervention-terrestre\"><strong>Gaza<\/strong>&nbsp;: un responsable du Hamas \u00e9chappe \u00e0 un raid isra\u00e9lien au Liban<\/a>&nbsp;(Le Live de RFI)<\/p>\n\n\n\n<p><strong><mark style=\"background-color:rgba(0, 0, 0, 0);color:#ed1010\" class=\"has-inline-color\">9 f\u00e9vrier<\/mark><\/strong><\/p>\n\n\n\n<p><a href=\"https:\/\/www.mediapart.fr\/journal\/international\/080224\/israel-est-en-train-de-detruire-gaza-sans-detruire-le-hamas\"><strong>\u00ab&nbsp;Isra\u00ebl est en train de d\u00e9truire Gaza sans d\u00e9truire le Hamas&nbsp;\u00bb<\/strong><\/a> &#8211; J-P Filiu (A l\u2019air libre)<\/p>\n\n\n\n<p><a href=\"https:\/\/alencontre.org\/moyenorient\/palestine\/cisjordanie-occupee-les-colons-nagissent-pas-seuls-ils-sont-au-service-du-gouvernement-ils-en-font-de-fait-partie.html\"><strong>Cisjordanie<\/strong>. Les colons n\u2019agissent pas seuls, ils sont au service du gouvernement. Ils en font de fait partie<\/a>(A l\u2019encontre)<\/p>\n\n\n\n<p><a href=\"https:\/\/www.middleeasteye.net\/fr\/actu-et-enquetes\/guerre-gaza-le-gel-du-financement-unrwa-sans-preuve-allegations-israel\">Le gel du financement de l\u2019UNRWA a \u00e9t\u00e9 d\u00e9cid\u00e9 sans preuve des all\u00e9gations isra\u00e9liennes<\/a> (MEE)<\/p>\n\n\n\n<p><a href=\"https:\/\/mondafrique.com\/a-la-une\/les-reticences-dabdelmadjid-tebboune-dans-la-crise-entre-lalgerie-et-les-emirats-arabes-unis\/\">Abdelmadjid Tebboune coinc\u00e9 entre l\u2019Alg\u00e9rie et les Emirats Arabes Unis<\/a>&nbsp;(Mondafrique)<\/p>\n\n\n\n<p><a href=\"https:\/\/afriquexxi.info\/L-Algerie-grande-absente-du-soutien-international-a-la-Palestine\">L\u2019Alg\u00e9rie, grande absente du soutien international \u00e0 la Palestine<\/a>&nbsp;(Afrique XXI)<\/p>\n\n\n\n<p><a href=\"https:\/\/radio-m.net\/algerie-palestine-de-lamour-a-la-desillusion\/\"><strong>Alg\u00e9rie-Palestine : de l\u2019amour \u00e0 la d\u00e9sillusion<\/strong><\/a>&nbsp;(Radio M)<\/p>\n\n\n\n<p><a href=\"https:\/\/www.frustrationmagazine.fr\/gaza-armement\/\">Gaza : Au<strong>&nbsp;Royaume-Uni<\/strong>, les blocages d\u2019usines d\u2019armement se multiplient<\/a>&nbsp;(Frustration)<\/p>\n\n\n\n<p><strong><mark style=\"background-color:rgba(0, 0, 0, 0);color:#ed1010\" class=\"has-inline-color\">8 f\u00e9vrier <\/mark><\/strong><\/p>\n\n\n\n<p><a href=\"https:\/\/basta.media\/Israel-Palestine-On-le-vit-comme-une-injustice-ces-soignants-profs-ou-militants-engages-pour-Gaza\">\u00ab On le vit comme une injustice \u00bb : ces soignants, profs ou militants engag\u00e9s pour <\/a><strong><a href=\"https:\/\/basta.media\/Israel-Palestine-On-le-vit-comme-une-injustice-ces-soignants-profs-ou-militants-engages-pour-Gaza\">Gaza<\/a>&nbsp;<\/strong>(Basta!)<\/p>\n\n\n\n<p><strong><a href=\"https:\/\/www.lemediatv.fr\/emissions\/2024\/une-horreur-jamais-vue-le-temoignage-dun-grand-medecin-revenu-de-gaza-ElkcHpURTx21A7QWEDnzCg\">\u00ab&nbsp;Une horreur jamais vue&nbsp;\u00bb : le t\u00e9moignage d\u2019un grand m\u00e9decin revenu de Gaza<\/a><\/strong>&nbsp;(Le M\u00e9dia)<a href=\"https:\/\/www.francetvinfo.fr\/monde\/proche-orient\/israel-palestine\/gaza-les-pays-occidentaux-sont-en-train-de-devenir-activement-complices-de-ce-carnage-et-cette-boucherie-accuse-rony-brauman-ex-president-de-msf_6353332.html\"><\/a><\/p>\n\n\n\n<p><a href=\"https:\/\/www.francetvinfo.fr\/monde\/proche-orient\/israel-palestine\/gaza-les-pays-occidentaux-sont-en-train-de-devenir-activement-complices-de-ce-carnage-et-cette-boucherie-accuse-rony-brauman-ex-president-de-msf_6353332.html\"><strong>Gaza <\/strong>:&nbsp;Les pays occidentaux sont \u00ab&nbsp;en train de devenir activement complices de ce carnage&nbsp;\u00bb, accuse&nbsp;Rony Brauman, ex-pr\u00e9sident de MSF<\/a>&nbsp;(France Info)<\/p>\n\n\n\n<p><a href=\"https:\/\/www.middleeasteye.net\/fr\/actu-et-enquetes\/guerre-gaza-le-hamas-propose-un-cessez-le-feu-de-135-jours-en-trois-etapes-avec\">Gaza&nbsp;: le Hamas propose un cessez-le-feu de 135 jours en trois \u00e9tapes avec <strong>Isra\u00ebl<\/strong><\/a>&nbsp;(MEE)<\/p>\n\n\n\n<p><a href=\"https:\/\/www.middleeasteye.net\/fr\/actu-et-enquetes\/guerre-gaza-la-photo-dun-palestinien-blesse-en-sous-vetement-pres-dun-soldat\"><strong>Gaza<\/strong> : la photo d\u2019un Palestinien bless\u00e9 en sous-v\u00eatement pr\u00e8s d\u2019un soldat isra\u00e9lien suscite la col\u00e8re<\/a>&nbsp;(MEE)<\/p>\n\n\n\n<p><a href=\"https:\/\/www.middleeasteye.net\/fr\/actu-et-enquetes\/gaza-israel-prevoit-de-remplacer-lunrwa-par-lusaid-ou-le-pam\">\u00c0 Gaza, Isra\u00ebl pr\u00e9voit de remplacer l\u2019UNRWA par l\u2019USAID ou le PAM<\/a>&nbsp;(MEE)<\/p>\n\n\n\n<p><a href=\"https:\/\/radio-m.net\/onu-le-niveau-de-la-faim-a-ete-multiplie-par-12-a-gaza-a-cause-des-agressions-israeliennes\/\">ONU : le niveau de la faim a \u00e9t\u00e9 multipli\u00e9 par 12 \u00e0 <strong>Gaza<\/strong>, \u00e0 cause des agressions isra\u00e9liennes<\/a>&nbsp;(Radio M)<\/p>\n\n\n\n<p><a href=\"https:\/\/radio-m.net\/lespagne-a-lintention-de-financer-lunrwa-avec-35-millions-deuros\/\">L\u2019Espagne a l\u2019intention de financer l\u2019<strong>UNRWA<\/strong> avec 3,5 millions d\u2019euros<\/a>&nbsp;(Radio M)<\/p>\n\n\n\n<p><a href=\"https:\/\/www.amnesty.fr\/conflits-armes-et-populations\/actualites\/cisjordanie-nette-augmentation-force-illegale-palestiniens-gaza\"><strong>Cisjordanie<\/strong> occup\u00e9e : nette augmentation du recours \u00e0 la force meurtri\u00e8re ill\u00e9gale par <strong>Isra\u00ebl<\/strong> contre les Palestinien\u00b7ne\u00b7s<\/a>&nbsp;(Amnesty)<\/p>\n\n\n\n<p><a href=\"https:\/\/algeria-watch.org\/?p=91530\">&nbsp;17 000 enfants livr\u00e9s \u00e0 leur sort \u00e0 <strong>Ghaza<\/strong><\/a>&nbsp;(El Watan)<\/p>\n\n\n\n<p><strong>Analyse<\/strong><\/p>\n\n\n\n<p><a href=\"https:\/\/www.contretemps.eu\/dossier-palestine-guerre-gaza-liberation\/\">Dossier : Palestine, guerre coloniale et lutte de lib\u00e9ration nationale<\/a>&nbsp;(Contretemps)<\/p>\n\n\n\n<p><a href=\"https:\/\/www.cadtm.org\/Quand-l-Occident-cloue-le-cercueil-israelien-du-peuple-palestinien\"><strong>Quand l\u2019Occident cloue le cercueil isra\u00e9lien du peuple palestinien<\/strong> !<\/a> (CADTM)<\/p>\n\n\n\n<p><strong><mark style=\"background-color:rgba(0, 0, 0, 0);color:#ed1010\" class=\"has-inline-color\">7 f\u00e9vrier <\/mark><\/strong><\/p>\n\n\n\n<p><a href=\"https:\/\/www.saphirnews.com\/Un-hommage-national-rendu-aux-victimes-francaises-en-Israel-et-bientot-a-celles-de-Gaza_a30070.html\"><strong>Un hommage national rendu aux victimes fran\u00e7aises en Isra\u00ebl\u2026 et bient\u00f4t \u00e0 celles de Gaza?<\/strong><\/a>&nbsp;(SaphirNews.com)<\/p>\n\n\n\n<p><strong><a href=\"https:\/\/www.francetvinfo.fr\/monde\/proche-orient\/israel-palestine\/direct-guerre-entre-israel-et-le-hamas-anthony-blinken-est-arrive-en-israel-pour-discuter-d-une-treve-a-gaza_6350482.html\">Le chef de l\u2019ONU met en garde contre un assaut isra\u00e9lien de Rafah aux impacts \u00ab&nbsp;incalculables&nbsp;\u00bb<\/a><\/strong>&nbsp;(France Info)<\/p>\n\n\n\n<p><a href=\"https:\/\/la-bas.org\/7226\"><strong>Gaza<\/strong>&nbsp;: un enfant est tu\u00e9 toutes les 15 minutes<\/a>&nbsp;(L\u00e0-bas si j\u2019y suis)<\/p>\n\n\n\n<p><a href=\"https:\/\/orientxxi.info\/magazine\/on-ampute-des-enfants-sans-anesthesie-c-est-ca-la-realite,7057\"><strong>Gaza<\/strong>. \u00ab&nbsp;On ampute des enfants sans anesth\u00e9sie. C\u2019est \u00e7a la r\u00e9alit\u00e9&nbsp;\u00bb<\/a>&nbsp;(Orient XXI)<\/p>\n\n\n\n<p><a href=\"https:\/\/www.mediapart.fr\/journal\/international\/070224\/en-israel-le-sort-des-otages-au-coeur-du-debat-sur-un-accord-avec-le-hamas\"><strong>En Isra\u00ebl<\/strong>, le sort des otages au c\u0153ur du d\u00e9bat sur un accord avec le Hamas<\/a>&nbsp;(M\u00e9diapart)<\/p>\n\n\n\n<p><a href=\"https:\/\/www.humanite.fr\/monde\/bande-de-gaza\/ils-reviennent-de-lenfer-de-gaza-le-jaccuse-des-medecins-francais\">Ils reviennent de l\u2019enfer de&nbsp;<strong>Gaza<\/strong>&nbsp;: le \u00ab J\u2019accuse \u00bb des m\u00e9decins fran\u00e7ais<\/a>&nbsp;(L\u2019Humanit\u00e9)<\/p>\n\n\n\n<p><a href=\"https:\/\/www.politis.fr\/articles\/2024\/02\/a-tyr-le-calvaire-des-deplaces-du-sud-liban\/\">\u00c0 Tyr, le calvaire des d\u00e9plac\u00e9s du Sud-Liban&nbsp;<\/a>&nbsp;(Politis)<\/p>\n\n\n\n<p><a href=\"https:\/\/www.mediapart.fr\/journal\/international\/060224\/gaza-la-france-doit-en-finir-avec-le-deni\"><strong>Gaza<\/strong>&nbsp;: la France doit en finir avec le d\u00e9ni<\/a>&nbsp;(M\u00e9diapart)<\/p>\n\n\n\n<p><strong><mark style=\"background-color:rgba(0, 0, 0, 0);color:#ed1010\" class=\"has-inline-color\">6 f\u00e9vrier <\/mark><\/strong><\/p>\n\n\n\n<p><a href=\"https:\/\/www.middleeasteye.net\/fr\/decryptages\/guerre-israel-palestine-quelles-seront-consequences-inondation-eau-de-mer-tunnels-gaza\">Cons\u00e9quences de l\u2019inondation \u00e0 l\u2019eau de mer des tunnels de&nbsp;<strong>Gaza<\/strong>&nbsp;?<\/a>&nbsp;(MEE)<\/p>\n\n\n\n<p><a href=\"https:\/\/www.middleeasteye.net\/fr\/opinion-fr\/guerre-gaza-pourquoi-les-etats-unis-refusent-ils-de-tirer-les-lecons-du-passe\"><strong>Gaza<\/strong>&nbsp;: pourquoi les \u00c9tats-Unis refusent-ils de tirer les le\u00e7ons du pass\u00e9 ?<\/a>&nbsp;(MEE)<\/p>\n\n\n\n<p><a href=\"https:\/\/www.revuesilence.net\/numeros\/530-Prendre-soin-de-nous-dans-les-luttes\/heba-zaqout-vie-et-mort-d-une-artiste-a-gaza\" target=\"_blank\" rel=\"noreferrer noopener\">Heba Zaqout Vie et mort d&rsquo;une artiste \u00e0 <strong>Gaza<\/strong><\/a>&nbsp;(Silence)<\/p>\n\n\n\n<p><a href=\"https:\/\/lundi.am\/Empechons-l-assassinat-de-la-culture-palestinienne\" target=\"_blank\" rel=\"noreferrer noopener\">Emp\u00eachons l\u2019assassinat de la culture <strong>palestinienne<\/strong><\/a> (Lundimatin)<\/p>\n\n\n\n<p><strong><mark style=\"background-color:rgba(0, 0, 0, 0);color:#ed1010\" class=\"has-inline-color\">5 f\u00e9vrier <\/mark><\/strong><\/p>\n\n\n\n<p><a href=\"https:\/\/orientxxi.info\/magazine\/gaza-serieuses-fritures-sur-la-ligne-au-parti-communiste-francais,7048\"><strong>Gaza<\/strong>. S\u00e9rieuses fritures sur la ligne au Parti communiste fran\u00e7ais<\/a>&nbsp;(Orient XXI)<\/p>\n\n\n\n<p><a href=\"https:\/\/www.humanite.fr\/monde\/bande-de-gaza\/guerre-a-gaza-supprimer-le-financement-de-lunrwa-serait-disproportionne-et-dangereux-selon-le-chef-de-la-diplomatie-europeenne\"><strong>Gaza<\/strong>&nbsp;: supprimer le financement de l\u2019Unrwa serait \u2018disproportionn\u00e9 et dangereux\u2019 selon le chef de la diplomatie europ\u00e9enne<\/a>&nbsp;(L\u2019Humanit\u00e9)<\/p>\n\n\n\n<p><a href=\"https:\/\/news-24.fr\/plus-de-800-responsables-aux-etats-unis-et-en-europe-signent-une-lettre-protestant-contre-la-politique-israelienne\">Plus de 800 responsables aux USA et en Europe signent une lettre protestant contre la politique isra\u00e9lienne<\/a>&nbsp;(News24)<\/p>\n\n\n\n<p><a href=\"https:\/\/www.rfi.fr\/fr\/moyen-orient\/20240202-gouvernement-netanyahu-comment-l-extr%C3%AAme-droite-isra%C3%A9lienne-arrive-%C3%A0-imposer-son-agenda?_ope=eyJndWlkIjoiYjFmOWRmZWI3ZTllZGE1NTM1NTJmMGIzNWYwZGIyYjcifQ%3D%3D\">Gouvernement Netanyahu : comment l\u2019extr\u00eame droite isra\u00e9lienne arrive \u00e0 imposer son agenda<\/a>&nbsp;(RFI)<\/p>\n\n\n\n<p><a href=\"https:\/\/lvsl.fr\/frappes-americaines-sur-le-yemen-vers-une-nouvelle-guerre-au-moyen-orient\/\">Frappes am\u00e9ricaines sur le&nbsp;<strong>Y\u00e9men<\/strong>&nbsp;: vers une nouvelle guerre au Moyen-Orient ?<\/a>&nbsp;(Le Vent Se L\u00e8ve)<\/p>\n\n\n\n<p><a href=\"https:\/\/www.iris-france.org\/182431-crise-politique-en-israel-quelles-repercussions-sur-levolution-du-conflit-a-gaza\/\">Crise politique en <strong>Isra\u00ebl <\/strong>: quelles r\u00e9percussions sur l\u2019\u00e9volution du conflit \u00e0 Gaza ?<\/a>&nbsp;(Iris)<\/p>\n\n\n\n<p><a href=\"https:\/\/www.rfi.fr\/fr\/moyen-orient\/20240203-syrie-damas-d%C3%A9nonce-l-occupation-am%C3%A9ricaine-apr%C3%A8s-les-bombardements-sur-son-sol?_ope=eyJndWlkIjoiYjFmOWRmZWI3ZTllZGE1NTM1NTJmMGIzNWYwZGIyYjcifQ%3D%3D\"><strong>Syrie<\/strong> : Damas d\u00e9nonce \u00abl&rsquo;occupation\u00bb am\u00e9ricaine apr\u00e8s les bombardements sur son sol<\/a>&nbsp;(RFI)<\/p>\n\n\n\n<p><strong><mark style=\"background-color:rgba(0, 0, 0, 0);color:#ed1010\" class=\"has-inline-color\">3 f\u00e9vrier <\/mark><\/strong><\/p>\n\n\n\n<p><a href=\"https:\/\/www.middleeasteye.net\/fr\/actu-et-enquetes\/educide-destruction-pas-israel-monde-universitaire-palestininien-gaza\">\u00ab&nbsp;\u00c9ducide&nbsp;\u00bb&nbsp;: les militants d\u00e9noncent la destruction par Isra\u00ebl du monde universitaire palestinien \u00e0 Gaza<\/a> (MEE)<\/p>\n\n\n\n<p><a href=\"https:\/\/www.middleeasteye.net\/fr\/decryptages\/israel-guerre-gaza-une-coalition-grandissante-soppose-la-guerre-sans-fin-de-netanyahou\"><strong>Gaza&nbsp;: une coalition grandissante s\u2019oppose \u00e0 la guerre sans fin de Netanyahou en Isra\u00ebl<\/strong><\/a> (MEE)<\/p>\n\n\n\n<p><a href=\"https:\/\/mondafrique.com\/limage-du-jour\/israel-detient-le-record-du-nombre-de-journalistes-en-prison\/\"><strong>Isra\u00ebl <\/strong>d\u00e9tient le record du nombre de journalistes en prison<\/a> (Mondafrique)<\/p>\n\n\n\n<p><a href=\"https:\/\/prixdubaril.com\/news-petrole\/72426-petrole-le-qatar-octroie-6-milliards-de.html\">P\u00e9trole : le <strong>Qatar<\/strong> octroie 6 milliards de dollars de contrats<\/a>&nbsp;(Prixdubaril)<\/p>\n\n\n\n<p><a href=\"https:\/\/www.boursorama.com\/actualite-economique\/actualites\/cma-cgm-suspend-le-trafic-de-sa-flotte-par-la-mer-rouge-3f2f0225876227c55e73616b9619a7b2\">CMA CGM suspend le trafic de sa flotte par la mer Rouge<\/a>&nbsp;(Reuters)<\/p>\n\n\n\n<p><a href=\"https:\/\/www.boursorama.com\/videos\/actualites\/des-manifestantes-a-tel-aviv-exigent-un-accord-sur-la-liberation-des-otages-49a05f1bea28e0661913048ddb34dbc4\">Des manifestantes \u00e0&nbsp;<strong>Tel-Aviv<\/strong>&nbsp;exigent un accord sur la lib\u00e9ration des otages<\/a>&nbsp;(AFP vid\u00e9o) &nbsp;&nbsp;<\/p>\n\n\n\n<p><a href=\"https:\/\/www.boursorama.com\/actualite-economique\/actualites\/guerre-a-gaza-l-armee-israelienne-pilonne-la-ville-de-rafah-surpeuplee-4b53856ca4e88a9e72bdca3f83db9796\">Guerre \u00e0&nbsp;<strong>Gaza<\/strong>&nbsp;: l\u2019arm\u00e9e isra\u00e9lienne pilonne la ville de Rafah surpeupl\u00e9e<\/a>&nbsp;(AFP) &nbsp;&nbsp;<\/p>\n\n\n\n<p><a href=\"https:\/\/www.middleeasteye.net\/fr\/reportages\/guerre-gaza-les-quadricopteres-israeliens-cette-arme-de-haute-technologie-qui-menace-les\"><strong>Gaza<\/strong> : les quadricopt\u00e8res isra\u00e9liens, arme de haute technologie qui menace les civils palestiniens<\/a> (MEE)<\/p>\n\n\n\n<p><a href=\"https:\/\/www.middleeasteye.net\/fr\/actu-et-enquetes\/joe-biden-prend-des-sanctions-face-aux-violences-intolerables-de-colons-israeliens-cisjordanie\">Joe Biden prend des sanctions face aux violences \u2018intol\u00e9rables\u2019 de colons isra\u00e9liens en <strong>Cisjordanie<\/strong><\/a> (MEE)<\/p>\n\n\n\n<p><a href=\"https:\/\/www.middleeasteye.net\/fr\/actu-et-enquetes\/jordanie-des-journalistes-avocats-et-militants-cibles-par-le-logiciel-espion\"><strong>Jordanie<\/strong> : des journalistes, avocats et militants cibl\u00e9s par le logiciel espion Pegasus<\/a> (MEE)<\/p>\n\n\n\n<p><strong><mark style=\"background-color:rgba(0, 0, 0, 0);color:#ed1010\" class=\"has-inline-color\">2 f\u00e9vrier <\/mark><\/strong><\/p>\n\n\n\n<p><a href=\"https:\/\/www.lemonde.fr\/international\/article\/2024\/02\/02\/dans-la-bande-de-gaza-detruite-le-hamas-perdure-malgre-les-operations-de-l-armee-israelienne_6214358_3210.html\">Dans la bande de&nbsp;<strong>Gaza<\/strong>&nbsp;d\u00e9truite, le Hamas perdure, malgr\u00e9 les op\u00e9rations de l\u2019arm\u00e9e isra\u00e9lienne<\/a>&nbsp;(Le Monde)<\/p>\n\n\n\n<p><a href=\"https:\/\/www.lequotidien-oran.com\/index.php?news=5327342&amp;archive_date=2024-02-01\">Ex\u00e9cut\u00e9s par l\u2019arm\u00e9e sioniste dans une \u00e9cole : D\u00e9couverte des corps de 30 martyrs \u00e0&nbsp;<strong>Ghaza<\/strong><\/a>&nbsp;(Le Quotidien d\u2019Oran)<\/p>\n\n\n\n<p><a href=\"https:\/\/algeria-watch.org\/?p=91391\"><strong>Gaza<\/strong> : La d\u00e9cision de la CIJ est loin d\u2019\u00eatre \u00e0 la hauteur de la situation&nbsp;<\/a>&nbsp;(Algeria Watch)<\/p>\n\n\n\n<p><a href=\"https:\/\/algeria-watch.org\/?p=91408\">Onze pays alli\u00e9s \u00e0 <strong>Isra\u00ebl<\/strong> coupent les vivres aux r\u00e9fugi\u00e9s palestiniens : L\u2019Unrwa, un t\u00e9moin g\u00eanant<\/a>&nbsp;(El Watan)<\/p>\n\n\n\n<p><a href=\"https:\/\/orientxxi.info\/va-comprendre\/qui-sont-les-druzes,7026\" target=\"_blank\" rel=\"noreferrer noopener\">Qui sont les <strong>Druzes<\/strong>&nbsp;?<\/a> (Orient XXI)<\/p>\n\n\n\n<p><a href=\"https:\/\/orientxxi.info\/lu-vu-entendu\/yemen-des-mercenaires-americains-tuent-pour-le-compte-des-emirats-arabes-unis,7027\" target=\"_blank\" rel=\"noreferrer noopener\"><strong>Y\u00e9men<\/strong>. Des mercenaires am\u00e9ricains tuent pour le compte des \u00c9mirats arabes unis<\/a> (Orient XXI)<\/p>\n\n\n\n<p><a href=\"https:\/\/www.middleeasteye.net\/fr\/actu-et-enquetes\/exclusif-ong-revele-entreprise-liee-renseignements-egyptiens-exige-dollars-aide-gaza\">Une ONG r\u00e9v\u00e8le qu\u2019une entreprise li\u00e9e aux renseignements <strong>\u00e9gyptiens<\/strong> exige 5 000 $ pour acheminer l\u2019aide \u00e0 Gaza<\/a> (MEE)<\/p>\n\n\n\n<p><a href=\"https:\/\/www.middleeasteye.net\/fr\/actu-et-enquetes\/guerre-gaza-les-corps-de-dizaines-de-palestiniens-retrouves-dans-des-sacs\"><strong>Gaza<\/strong> : les corps de dizaines de Palestiniens retrouv\u00e9s dans des sacs mortuaires zipp\u00e9s dans une \u00e9cole<\/a> (MEE)<\/p>\n\n\n\n<p><a href=\"https:\/\/www.middleeasteye.net\/fr\/actu-et-enquetes\/les-emirats-arabes-unis-ont-recrute-al-qaida-pour-commettre-des-assassinats-au\">Les <strong>\u00c9mirats arabes unis<\/strong> \u00ab&nbsp;ont recrut\u00e9 al-Qa\u00efda&nbsp;\u00bb pour commettre des assassinats au <strong>Y\u00e9men<\/strong><\/a> (MEE)<\/p>\n\n\n\n<p><strong><mark style=\"background-color:rgba(0, 0, 0, 0);color:#ed1010\" class=\"has-inline-color\">1er f\u00e9vrier <\/mark><\/strong><\/p>\n\n\n\n<p><a href=\"https:\/\/orientxxi.info\/magazine\/offensive-contre-gaza-premieres-fractures-en-israel,7037\" target=\"_blank\" rel=\"noreferrer noopener\">Offensive contre Gaza. Premi\u00e8res fractures en <strong>Isra\u00eb<\/strong>l<\/a>&nbsp;(Orient XXI)<\/p>\n\n\n\n<p><a href=\"https:\/\/www.humanite.fr\/monde\/guerre-israel-hamas\/parmi-les-morts-jai-apercu-ma-mere-a-gaza-la-vie-des-enfants-brisee-par-la-guerre\" target=\"_blank\" rel=\"noreferrer noopener\">\u00ab&nbsp;Parmi les morts, j&rsquo;ai aper\u00e7u ma m\u00e8re \u00bb&nbsp;: \u00e0 <strong>Gaza<\/strong>, la vie des enfants bris\u00e9e par la guerre <\/a>&nbsp;(L\u2019Humanit\u00e9)<\/p>\n\n\n\n<p><a href=\"https:\/\/www.lemonde.fr\/international\/article\/2024\/02\/01\/sols-pollues-armes-au-phosphore-eau-contaminee-a-gaza-la-crise-sanitaire-pourrait-etre-plus-meurtriere-que-les-bombes_6214176_3210.html\"><strong>L\u2019autre menace pour Gaza&nbsp;: sols et air pollu\u00e9s, eau contamin\u00e9e<\/strong><\/a> (Le Monde)<\/p>\n\n\n\n<p><a href=\"https:\/\/www.politis.fr\/articles\/2024\/01\/gaza-quand-une-information-chasse-lautre\/\"><strong>Gaza&nbsp;: quand une information chasse l\u2019autre<\/strong><\/a><strong>&nbsp;(<\/strong>Politis)<\/p>\n\n\n\n<p><\/p>\n","protected":false},"excerpt":{"rendered":"<p>27 et 28 f\u00e9vrier Align\u00e9e sur le RN, la r\u00e9gion Sud retire des subventions \u00e0 deux films jug\u00e9s \u00abanti-isra\u00e9liens\u00bb\u00a0(M\u00e9diapart) Otages \u00e0 Gaza, affaires judiciaires et business\u00a0: les dessous de la visite de l\u2019\u00e9mir du Qatar \u00e0 Paris\u00a0(M\u00e9diapart) Gaza : une coalition palestinienne appelle \u00e0 un \u00ab&nbsp;embargo \u00e9nerg\u00e9tique total&nbsp;\u00bb contre Isra\u00ebl&nbsp;(MEE) Accusations de g\u00e9nocide :&nbsp;Isra\u00ebl&nbsp;pi\u00e9tine la &#8230; <a title=\"F\u00e9vrier &#8211; Proche &#038; Moyen-Orient\" class=\"read-more\" href=\"https:\/\/www.rdpemancipation.org\/?p=124991\" aria-label=\"En savoir plus sur F\u00e9vrier &#8211; Proche &#038; Moyen-Orient\">Lire la suite<\/a><\/p>\n","protected":false},"author":1,"featured_media":0,"comment_status":"closed","ping_status":"closed","sticky":false,"template":"","format":"standard","meta":{"_lmt_disableupdate":"","_lmt_disable":"","_jetpack_memberships_contains_paid_content":false,"footnotes":""},"categories":[18],"tags":[],"class_list":["post-124991","post","type-post","status-publish","format-standard","hentry","category-proche-moyen-orient"],"modified_by":"nch","jetpack_featured_media_url":"","jetpack_sharing_enabled":true,"_links":{"self":[{"href":"https:\/\/www.rdpemancipation.org\/index.php?rest_route=\/wp\/v2\/posts\/124991","targetHints":{"allow":["GET"]}}],"collection":[{"href":"https:\/\/www.rdpemancipation.org\/index.php?rest_route=\/wp\/v2\/posts"}],"about":[{"href":"https:\/\/www.rdpemancipation.org\/index.php?rest_route=\/wp\/v2\/types\/post"}],"author":[{"embeddable":true,"href":"https:\/\/www.rdpemancipation.org\/index.php?rest_route=\/wp\/v2\/users\/1"}],"replies":[{"embeddable":true,"href":"https:\/\/www.rdpemancipation.org\/index.php?rest_route=%2Fwp%2Fv2%2Fcomments&post=124991"}],"version-history":[{"count":50,"href":"https:\/\/www.rdpemancipation.org\/index.php?rest_route=\/wp\/v2\/posts\/124991\/revisions"}],"predecessor-version":[{"id":126125,"href":"https:\/\/www.rdpemancipation.org\/index.php?rest_route=\/wp\/v2\/posts\/124991\/revisions\/126125"}],"wp:attachment":[{"href":"https:\/\/www.rdpemancipation.org\/index.php?rest_route=%2Fwp%2Fv2%2Fmedia&parent=124991"}],"wp:term":[{"taxonomy":"category","embeddable":true,"href":"https:\/\/www.rdpemancipation.org\/index.php?rest_route=%2Fwp%2Fv2%2Fcategories&post=124991"},{"taxonomy":"post_tag","embeddable":true,"href":"https:\/\/www.rdpemancipation.org\/index.php?rest_route=%2Fwp%2Fv2%2Ftags&post=124991"}],"curies":[{"name":"wp","href":"https:\/\/api.w.org\/{rel}","templated":true}]}}