{"id":124987,"date":"2024-02-01T00:10:00","date_gmt":"2024-01-31T23:10:00","guid":{"rendered":"https:\/\/www.rdpemancipation.org\/?p=124987"},"modified":"2024-02-16T11:33:41","modified_gmt":"2024-02-16T10:33:41","slug":"fevrier-amerique-latine-caraibes-4","status":"publish","type":"post","link":"https:\/\/www.rdpemancipation.org\/?p=124987","title":{"rendered":"F\u00e9vrier &#8211; Am\u00e9rique latine &#038; Cara\u00efbes"},"content":{"rendered":"\n<p class=\"has-text-color has-link-color wp-elements-f8707c63418a6f642c94255337ab0161\" style=\"color:#f60707\"><strong>14 F\u00e9vrier<\/strong><\/p>\n\n\n\n<p><a href=\"https:\/\/www.medelu.org\/Et-au-milieu-coule-l-Esequibo\">Et au milieu coule l\u2019Esequibo \u2013 M.Lemoine<\/a>\u00a0(M\u00e9moire des luttes)<\/p>\n\n\n\n<p class=\"has-text-color has-link-color wp-elements-69b1f311ef1a43ea0cfa108da4d59b95\" style=\"color:#f00707\"><strong>11 F\u00e9vrier<\/strong><\/p>\n\n\n\n<p><a href=\"https:\/\/www.revolutionpermanente.fr\/Argentine-le-gouvernement-reprime-violemment-la-contestation-devant-le-Parlement\">Argentine&nbsp;: le gouvernement r\u00e9prime violemment la contestation devant le Parlement<\/a>&nbsp;(RP)<\/p>\n\n\n\n<p><a href=\"https:\/\/www.liberation.fr\/international\/amerique\/letat-dexception-decrete-au-chili-en-proie-a-des-feux-de-foret-mortels-20240203_QK7MWD55PBDANHL4APPMYTWYWM\/\">L\u2019\u00e9tat d\u2019exception d\u00e9cr\u00e9t\u00e9 au Chili, en proie \u00e0 des feux de for\u00eat mortels<\/a>&nbsp;(Liberation)<\/p>\n\n\n\n<p><\/p>\n","protected":false},"excerpt":{"rendered":"<p>14 F\u00e9vrier Et au milieu coule l\u2019Esequibo \u2013 M.Lemoine\u00a0(M\u00e9moire des luttes) 11 F\u00e9vrier Argentine&nbsp;: le gouvernement r\u00e9prime violemment la contestation devant le Parlement&nbsp;(RP) L\u2019\u00e9tat d\u2019exception d\u00e9cr\u00e9t\u00e9 au Chili, en proie \u00e0 des feux de for\u00eat mortels&nbsp;(Liberation)<\/p>\n","protected":false},"author":1,"featured_media":0,"comment_status":"closed","ping_status":"closed","sticky":false,"template":"","format":"standard","meta":{"_lmt_disableupdate":"","_lmt_disable":"","_jetpack_memberships_contains_paid_content":false,"footnotes":""},"categories":[21],"tags":[],"class_list":["post-124987","post","type-post","status-publish","format-standard","hentry","category-amerique-latine-caraibes"],"modified_by":"rdpemancipation","jetpack_featured_media_url":"","jetpack_sharing_enabled":true,"_links":{"self":[{"href":"https:\/\/www.rdpemancipation.org\/index.php?rest_route=\/wp\/v2\/posts\/124987","targetHints":{"allow":["GET"]}}],"collection":[{"href":"https:\/\/www.rdpemancipation.org\/index.php?rest_route=\/wp\/v2\/posts"}],"about":[{"href":"https:\/\/www.rdpemancipation.org\/index.php?rest_route=\/wp\/v2\/types\/post"}],"author":[{"embeddable":true,"href":"https:\/\/www.rdpemancipation.org\/index.php?rest_route=\/wp\/v2\/users\/1"}],"replies":[{"embeddable":true,"href":"https:\/\/www.rdpemancipation.org\/index.php?rest_route=%2Fwp%2Fv2%2Fcomments&post=124987"}],"version-history":[{"count":4,"href":"https:\/\/www.rdpemancipation.org\/index.php?rest_route=\/wp\/v2\/posts\/124987\/revisions"}],"predecessor-version":[{"id":125639,"href":"https:\/\/www.rdpemancipation.org\/index.php?rest_route=\/wp\/v2\/posts\/124987\/revisions\/125639"}],"wp:attachment":[{"href":"https:\/\/www.rdpemancipation.org\/index.php?rest_route=%2Fwp%2Fv2%2Fmedia&parent=124987"}],"wp:term":[{"taxonomy":"category","embeddable":true,"href":"https:\/\/www.rdpemancipation.org\/index.php?rest_route=%2Fwp%2Fv2%2Fcategories&post=124987"},{"taxonomy":"post_tag","embeddable":true,"href":"https:\/\/www.rdpemancipation.org\/index.php?rest_route=%2Fwp%2Fv2%2Ftags&post=124987"}],"curies":[{"name":"wp","href":"https:\/\/api.w.org\/{rel}","templated":true}]}}