{"id":124133,"date":"2024-01-03T18:23:45","date_gmt":"2024-01-03T17:23:45","guid":{"rendered":"https:\/\/www.rdpemancipation.org\/?p=124133"},"modified":"2024-01-24T19:49:33","modified_gmt":"2024-01-24T18:49:33","slug":"janvier-feminisme-lgbt-5","status":"publish","type":"post","link":"https:\/\/www.rdpemancipation.org\/?p=124133","title":{"rendered":"Janvier &#8211; F\u00e9minisme\/LGBT+"},"content":{"rendered":"\n<p><mark style=\"font-weight: bold; background-color: rgba(0, 0, 0, 0); color: rgb(195, 20, 20);\" class=\"has-inline-color\">24 janvier<\/mark><\/p>\n\n\n\n<p><a href=\"https:\/\/enass.ma\/2024\/01\/24\/asmatou-prisonniere-de-lattente-le-recours-elusif\/\" target=\"_blank\" rel=\"noreferrer noopener\">Asmatou : prisonni\u00e8re de l\u2019attente, le recours \u00e9lusif<\/a> (Enass)<\/p>\n\n\n\n<p><a href=\"https:\/\/www.ritimo.org\/Violence-sexuelle-aux-frontieres-la-realite-des-femmes-migrantes-sur-la-route\" target=\"_blank\" rel=\"noreferrer noopener\">Violence sexuelle aux fronti\u00e8res : la r\u00e9alit\u00e9 des femmes migrantes sur la route des Balkans<\/a> (ritimo)<\/p>\n\n\n\n<p><a href=\"https:\/\/bellaciao.org\/Femmes-en-lutte-au-Chili-projection-de-Hoy-y-no-manana-de-Josefina-Morande\">Femmes en lutte au <strong>Chili<\/strong>&nbsp;: projection de \u00ab\u00a0Hoy y no ma\u00f1ana\u00a0\u00bb de Josefina Morand\u00e9 Jeudi 25 janvier 2024<\/a> (Bellaciao)<\/p>\n\n\n\n<p><a href=\"https:\/\/www.alternatives-economiques.fr\/rachel-silvera\/toujours-de-pub-sexiste\/00109085\" target=\"_blank\" rel=\"noreferrer noopener\">Encore et toujours de la pub sexiste !<\/a>&nbsp;(Alter \u00e9co)<\/p>\n\n\n\n<p><a href=\"https:\/\/vert.eco\/articles\/comment-les-femelles-dautres-especes-esquivent-leurs-gros-lourdeaux\" target=\"_blank\" rel=\"noreferrer noopener\"><strong>Comment les femelles d\u2019autres esp\u00e8ces esquivent leurs gros lourdeaux ?<\/strong><\/a>(vert.eco)<\/p>\n\n\n\n<p><mark style=\"font-weight: bold; background-color: rgba(0, 0, 0, 0); color: rgb(195, 20, 20);\" class=\"has-inline-color\">23 janvier<\/mark><\/p>\n\n\n\n<p><strong><a href=\"https:\/\/www.boursorama.com\/videos\/actualites\/france-le-sexisme-bien-ancre-selon-un-rapport-du-haut-conseil-a-l-egalite-42c2a646d41f4d5e433486a609773521\">France : le sexisme bien ancr\u00e9 selon un rapport du haut conseil \u00e0 l&rsquo;\u00e9galit\u00e9<\/a><\/strong> (France 24)<\/p>\n\n\n\n<p><a href=\"https:\/\/www.boursorama.com\/actualite-economique\/actualites\/la-famille-l-ecole-et-internet-incubateurs-du-sexisme-selon-le-hce-1a18e63db1f2fb78cf6d904110e1ff5b\">La famille, l&rsquo;\u00e9cole et internet, \u00ab\u00a0incubateurs\u00a0\u00bb du sexisme, selon le HCE<\/a> (AFP)<\/p>\n\n\n\n<p><a href=\"https:\/\/link.newsletter.franceculture.fr\/m\/ml\/7429\/849406\/APavPAwSDRHZn_HR4WjfI29C5lXTLJmivm821gAfcU8=\/eeYt5WdglS1j15B8-fs4Pna7zhgoyhdd2oom9gJlODk=\/\" target=\"_blank\" rel=\"noreferrer noopener\">F\u00e9minisme, l&rsquo;avant-garde espagnole&nbsp;: Yo te creo, je te crois<\/a> (France Culture)<\/p>\n\n\n\n<p><a href=\"https:\/\/www.boursorama.com\/actualite-economique\/actualites\/inceste-la-france-appelee-a-l-onu-a-proteger-les-enfants-et-leurs-meres-bd3833eb11b95d53468d099543386f2e\">Inceste : la France appel\u00e9e \u00e0 l&rsquo;ONU \u00e0 prot\u00e9ger les enfants et leurs m\u00e8res<\/a> (AFP)<\/p>\n\n\n\n<p><strong><a href=\"https:\/\/www.huffingtonpost.fr\/science\/article\/les-femmes-ont-toujours-ete-moins-bien-traite-que-les-hommes-et-cela-expliquerait-leur-difference-de-taille_228403.html\">Les in\u00e9galit\u00e9s hommes\/femmes expliquerait leur diff\u00e9rence de taille depuis longtemps<\/a><\/strong> (Huffpost)<\/p>\n\n\n\n<p><a href=\"https:\/\/www.alternatives-economiques.fr\/veut-dire-etre-ecofeministe\/00109204\" target=\"_blank\" rel=\"noreferrer noopener\">Que veut dire \u00eatre \u00e9cof\u00e9ministe ?<\/a>&nbsp;(Alter \u00e9co)<\/p>\n\n\n\n<p><a href=\"https:\/\/www.mediapart.fr\/journal\/france\/200124\/loi-europeenne-sur-le-viol-macron-est-sur-la-meme-ligne-qu-orban-c-est-une-honte\">Loi europ\u00e9enne sur le viol&nbsp;: \u00ab&nbsp;Macron est sur la m\u00eame ligne qu\u2019Orb\u00e1n, c\u2019est une honte&nbsp;\u00bb<\/a> (M\u00e9diapart)<\/p>\n\n\n\n<p><mark style=\"font-weight: bold; background-color: rgba(0, 0, 0, 0); color: rgb(195, 20, 20);\" class=\"has-inline-color\">20 janvier<\/mark><\/p>\n\n\n\n<p><strong><a href=\"https:\/\/www.lesnouvellesnews.fr\/la-france-a-davos-beaucoup-dhommes\/\" target=\"_blank\" rel=\"noreferrer noopener\">La France \u00e0 Davos ? Beaucoup d\u2019hommes !<\/a><\/strong> (Les Nouvelles News)<\/p>\n\n\n\n<p><a href=\"https:\/\/www.alternatives-economiques.fr\/changement-climatique-accroit-inegalites-de-genre\/00109332\" target=\"_blank\" rel=\"noreferrer noopener\">Comment le changement climatique accro\u00eet les in\u00e9galit\u00e9s de genre<\/a> (Alter \u00e9co)<\/p>\n\n\n\n<p><a href=\"https:\/\/www.alternatives-economiques.fr\/rachel-silvera\/baisse-de-natalite-une-tendance-beaucoup-cout-de-mat\/00109368\" target=\"_blank\" rel=\"noreferrer noopener\">La baisse de la natalit\u00e9, une tendance qui doit beaucoup au \u00abco\u00fbt de la maternit\u00e9\u00bb<\/a> (Alter \u00e9co)<\/p>\n\n\n\n<p><a href=\"https:\/\/www.lesnouvellesnews.fr\/de-lelysee-a-davos-le-corps-des-femmes-au-service-du-pib\/\" target=\"_blank\" rel=\"noreferrer noopener\">De l\u2019Elys\u00e9e \u00e0 Davos, le corps des femmes au service du PIB <\/a>&nbsp;(Les Nouvelles News)<\/p>\n\n\n\n<p><a href=\"https:\/\/www.causette.fr\/societe\/en-france\/les-anti-ivg-prosperent-en-ligne-un-nouveau-rapport-denonce-la-desinformation-liee-a-lavortement-sur-les-reseaux-sociaux\/\" target=\"_blank\" rel=\"noreferrer noopener\">Un nouveau rapport d\u00e9nonce la d\u00e9sinformation li\u00e9e \u00e0 l\u2019avortement sur les r\u00e9seaux sociaux<\/a> (Causette)<\/p>\n\n\n\n<p><strong><a href=\"https:\/\/www.mediapart.fr\/journal\/politique\/170124\/herve-le-bras-le-rearmement-demographique-c-est-grotesque\">\u00ab Le r\u00e9armement d\u00e9mographique, c\u2019est grotesque&nbsp;\u00bb<\/a> <\/strong>(M\u00e9diapart)<\/p>\n\n\n\n<p><a href=\"https:\/\/www.boursorama.com\/actualite-economique\/actualites\/emmanuel-macron-veut-relancer-la-natalite-les-femmes-font-absolument-ce-qu-elles-veulent-de-leur-corps-repond-sandrine-rousseau-5646c1b505e9bb331f108831d1c07db2\">Macron veut relancer la natalit\u00e9 : \u00ab\u00a0Les femmes font absolument ce qu&rsquo;elles veulent de leur corps\u00a0\u00bb, r\u00e9pond Sandrine Rousseau<\/a> (Agences)<\/p>\n\n\n\n<p><strong><a href=\"https:\/\/www.causette.fr\/feminismes\/au-lance-flammes\/macron-lache-nous-luterus\/\" target=\"_blank\" rel=\"noreferrer noopener\">Macron, l\u00e2che-nous l\u2019ut\u00e9rus !<\/a><\/strong>&nbsp; (Causette)<\/p>\n\n\n\n<p><a href=\"https:\/\/www.contretemps.eu\/attal-premier-ministre-gay-macron-homophobie\/\">De quoi l\u2019homosexualit\u00e9 de Gabriel Attal est-elle le nom&nbsp;?<\/a> (Contretemps)<\/p>\n\n\n\n<p><mark style=\"font-weight: bold; background-color: rgba(0, 0, 0, 0); color: rgb(195, 20, 20);\" class=\"has-inline-color\">15 janvier<\/mark><\/p>\n\n\n\n<p><a href=\"https:\/\/www.francetvinfo.fr\/politique\/gouvernement-de-gabriel-attal\/infographie-gouvernement-de-gabriel-attal-visualisez-a-quel-point-les-ministeres-regaliens-echappent-aux-femmes-sous-la-ve-republique_6303123.html\"><strong>Visualisez \u00e0 quel point les minist\u00e8res r\u00e9galiens \u00e9chappent aux femmes sous la Ve R\u00e9publique<\/strong><\/a> (France Info)<\/p>\n\n\n\n<p><a href=\"https:\/\/www.off-investigation.fr\/Depardieu&nbsp;:%20ce%20jour%20o\u00f9%20Macron%20a%20m\u00e9pris\u00e9%20les%20femmes\">Depardieu&nbsp;: ce jour o\u00f9 Macron a m\u00e9pris\u00e9 les femmes<\/a> (Off Investigation)<\/p>\n\n\n\n<p><mark style=\"font-weight: bold; background-color: rgba(0, 0, 0, 0); color: rgb(195, 20, 20);\" class=\"has-inline-color\">12 janvier<\/mark><\/p>\n\n\n\n<p><a href=\"https:\/\/www.contretemps.eu\/revolution-feministe-capital-arcane-reproduction-fortunati\/\"><strong>Une r\u00e9volution f\u00e9ministe contre le capital. A propos de&nbsp;<em>L\u2019Arcane de la reproduction<\/em><\/strong><\/a> (Contretemps)<\/p>\n\n\n\n<p><a href=\"https:\/\/www.lemonde.fr\/afrique\/article\/2024\/01\/12\/les-eveques-africains-s-opposent-a-la-benediction-des-couples-homosexuels-autorisee-par-le-pape_6210425_3212.html\">Les \u00e9v\u00eaques africains s\u2019opposent \u00e0 la b\u00e9n\u00e9diction des couples homosexuels autoris\u00e9e par le pape<\/a> (Le Monde)<\/p>\n\n\n\n<p><a href=\"https:\/\/www.causette.fr\/societe\/en-france\/remaniement-un-gouvernement-paritaire-mais-sans-aucune-femme-a-un-ministere-regalien\/\" target=\"_blank\" rel=\"noreferrer noopener\">Remaniement : un gouvernement paritaire, mais sans aucune femme \u00e0 un minist\u00e8re r\u00e9galien<\/a> (Causette)<\/p>\n\n\n\n<p><a href=\"https:\/\/www.causette.fr\/societe\/en-france\/legitime-defense-la-cour-dassises-du-pas-de-calais-acquitte-une-femme-du-meurtre-de-son-conjoint\/\" target=\"_blank\" rel=\"noreferrer noopener\">L\u00e9gitime d\u00e9fense : la cour d\u2019assises du Pas-de-Calais acquitte une femme du meurtre de son conjoint<\/a> (Causette)<\/p>\n\n\n\n<p><a href=\"https:\/\/www.alternatives-economiques.fr\/feminicides-ont-vraiment-baisse-de-20-2023\/00109303\" target=\"_blank\" rel=\"noreferrer noopener\">Les f\u00e9minicides ont-ils vraiment baiss\u00e9 de 20 % en 2023 ?<\/a> &nbsp;(Alter \u00e9co)<\/p>\n\n\n\n<p><a href=\"https:\/\/www.equalpayinternationalcoalition.org\/index.php\/fr\/whats_new\/australia-is-taking-further-steps-to-increase-womens-workforce-participation-by-supporting-a-more-equitable-distribution-of-work-and-care-between-parents\">L\u2019Australie prend de nouvelles mesures visant \u00e0 accro\u00eetre la participation des femmes au march\u00e9 du travail<\/a>&nbsp;(L&rsquo;Epic)<\/p>\n\n\n\n<p><mark style=\"font-weight: bold; background-color: rgba(0, 0, 0, 0); color: rgb(195, 20, 20);\" class=\"has-inline-color\">8 janvier<\/mark><\/p>\n\n\n\n<p><a href=\"https:\/\/www.axellemag.be\/exilee-pour-avortement-enquete-belgo-senegalaise\/\" target=\"_blank\" rel=\"noreferrer noopener\"><strong>Exil\u00e9e pour avortement. Du S\u00e9n\u00e9gal \u00e0 la Belgique, enqu\u00eate sur des femmes invisibles<\/strong><\/a> (Axelle Magazine)<\/p>\n\n\n\n<p><a href=\"https:\/\/www.mediapart.fr\/journal\/international\/060124\/au-moyen-orient-les-artistes-lgbtqia-devant-l-obstacle-du-conservatisme\" target=\"_blank\" rel=\"noreferrer noopener\">Au Moyen-Orient, les artistes LGBTQIA+ devant l\u2019obstacle du conservatisme<\/a> (M\u00e9diapart)<\/p>\n\n\n\n<p><a href=\"https:\/\/www.liberation.fr\/idees-et-debats\/editorial\/affaire-depardieu-quand-le-vieux-monde-se-prend-le-backlash-en-pleine-face-20240105_OEB56NN4HBBWZK43KJU2RT7X44\/\">Affaire Depardieu&nbsp;: quand le vieux monde se prend le \u00ab&nbsp;backlash&nbsp;\u00bb en pleine face<\/a>&nbsp;(liberation.fr)<\/p>\n\n\n\n<p><a href=\"https:\/\/www.ldh-france.org\/gardez-votre-vieux-monde-nous-en-voulons-un-sans-violence-sexiste-et-sexuelle\/\" target=\"_blank\" rel=\"noreferrer noopener\">Gardez votre vieux monde, nous en voulons un sans violence sexiste et sexuelle<\/a> (LDH)<\/p>\n\n\n\n<p><strong><mark style=\"background-color:rgba(0, 0, 0, 0);color:#c31414\" class=\"has-inline-color\">5 janvier<\/mark><\/strong><\/p>\n\n\n\n<p><a href=\"https:\/\/basta.media\/le-feminicide-est-un-crime-de-proprietaire-qui-tue-parce-qu-il-perd-le-pouvoir\" target=\"_blank\" rel=\"noreferrer noopener\">\u00ab Le f\u00e9minicide est un crime de propri\u00e9taire qui tue parce qu&rsquo;il perd le pouvoir \u00bb<\/a>&nbsp;(Basta!))<\/p>\n\n\n\n<p><a href=\"https:\/\/www.lemediatv.fr\/emissions\/2024\/violette-leduc-monique-wittig-ecrivaines-et-lesbiennes-au-xxe-siecle-emilie-noterie-alexandre-antolin-_UOF9yBETF2qo8zb8a8A_A\" target=\"_blank\" rel=\"noreferrer noopener\">Violette Leduc, Monique Wittig : \u00e9crivaines et lesbiennes au XXe si\u00e8cle<\/a> (Le M\u00e9dia)<\/p>\n\n\n\n<p><a href=\"https:\/\/www.lesnouvellesnews.fr\/mediatisation-des-femmes-inferieure-a-20-il-faudra-faire-beaucoup-mieux-en-2024\/\" target=\"_blank\" rel=\"noreferrer noopener\">M\u00e9diatisation des femmes inf\u00e9rieure \u00e0 20 % : il faudra faire beaucoup mieux en 2024 !<\/a> (Les Nouvelles News)<\/p>\n\n\n\n<p><strong><mark style=\"background-color:rgba(0, 0, 0, 0);color:#c31414\" class=\"has-inline-color\">3 janvier<\/mark><\/strong><\/p>\n\n\n\n<p><a href=\"https:\/\/www.causette.fr\/feminismes\/combats\/emmanuelle-handschuh-de-nous-toutes-le-chiffre-de-94-feminicides-comptabilises-par-le-gouvernement-est-tres-sous-evalue\/\" target=\"_blank\" rel=\"noreferrer noopener\">Pour Nous Toutes, \u00ab\u00a0le chiffre de 94 f\u00e9minicides comptabilis\u00e9s par le gouvernement est tr\u00e8s sous-\u00e9valu\u00e9\u00a0\u00bb<\/a> (Causette)<\/p>\n\n\n\n<p><a href=\"https:\/\/www.terrestres.org\/2023\/12\/30\/resister-au-bresil-pas-dagroecologie-sans-feminisme\/?utm_source=rss&amp;utm_medium=rss&amp;utm_campaign=resister-au-bresil-pas-dagroecologie-sans-feminisme\" target=\"_blank\" rel=\"noreferrer noopener\">R\u00e9sister au Br\u00e9sil : pas d\u2019agro\u00e9cologie sans f\u00e9minisme<\/a> (Terrestres)<\/p>\n\n\n\n<p><a href=\"https:\/\/link.newsletter.franceculture.fr\/m\/ml\/7429\/844619\/t40fM6svvHXeVc7ti2pDlm9C5lXTLJmivm821gAfcU8=\/7inEyS4FHlt+-vixInQ8aCBIQNsYyjeQyvszzmqcy8M=\/\" target=\"_blank\" rel=\"noreferrer noopener\"><strong>Histoire de l&rsquo;art&nbsp;: comment les femmes en ont \u00e9t\u00e9 gomm\u00e9es<\/strong><\/a> (France Culture)<\/p>\n\n\n\n<p><a href=\"https:\/\/link.newsletter.franceculture.fr\/m\/ml\/7429\/844424\/2Zv9sXXMm_nKVSqEhwRze29C5lXTLJmivm821gAfcU8=\/W+ZNgWnMdr48lil+Z5PhEAaz0e85EXW69eFoxnGkT9k=\/\" target=\"_blank\" rel=\"noreferrer noopener\">Vandana Shiva, les souvenirs d&rsquo;une femme de combat<\/a> (France Culture)<\/p>\n\n\n\n<p><a href=\"https:\/\/www.mediapart.fr\/journal\/france\/261223\/feminicides-et-infanticides-la-serie-noire-des-violences-masculines-se-poursuit\" target=\"_blank\" rel=\"noreferrer noopener\">F\u00e9minicides et infanticides : la s\u00e9rie noire des violences masculines se poursuit<\/a> &nbsp;(M\u00e9diapart)<\/p>\n\n\n\n<p><\/p>\n","protected":false},"excerpt":{"rendered":"<p>24 janvier Asmatou : prisonni\u00e8re de l\u2019attente, le recours \u00e9lusif (Enass) Violence sexuelle aux fronti\u00e8res : la r\u00e9alit\u00e9 des femmes migrantes sur la route des Balkans (ritimo) Femmes en lutte au Chili&nbsp;: projection de \u00ab\u00a0Hoy y no ma\u00f1ana\u00a0\u00bb de Josefina Morand\u00e9 Jeudi 25 janvier 2024 (Bellaciao) Encore et toujours de la pub sexiste !&nbsp;(Alter \u00e9co) &#8230; <a title=\"Janvier &#8211; F\u00e9minisme\/LGBT+\" class=\"read-more\" href=\"https:\/\/www.rdpemancipation.org\/?p=124133\" aria-label=\"En savoir plus sur Janvier &#8211; F\u00e9minisme\/LGBT+\">Lire la suite<\/a><\/p>\n","protected":false},"author":1,"featured_media":0,"comment_status":"closed","ping_status":"closed","sticky":false,"template":"","format":"standard","meta":{"_lmt_disableupdate":"","_lmt_disable":"","_jetpack_memberships_contains_paid_content":false,"footnotes":""},"categories":[12],"tags":[],"class_list":["post-124133","post","type-post","status-publish","format-standard","hentry","category-feminisme"],"modified_by":"nch","jetpack_featured_media_url":"","jetpack_sharing_enabled":true,"_links":{"self":[{"href":"https:\/\/www.rdpemancipation.org\/index.php?rest_route=\/wp\/v2\/posts\/124133","targetHints":{"allow":["GET"]}}],"collection":[{"href":"https:\/\/www.rdpemancipation.org\/index.php?rest_route=\/wp\/v2\/posts"}],"about":[{"href":"https:\/\/www.rdpemancipation.org\/index.php?rest_route=\/wp\/v2\/types\/post"}],"author":[{"embeddable":true,"href":"https:\/\/www.rdpemancipation.org\/index.php?rest_route=\/wp\/v2\/users\/1"}],"replies":[{"embeddable":true,"href":"https:\/\/www.rdpemancipation.org\/index.php?rest_route=%2Fwp%2Fv2%2Fcomments&post=124133"}],"version-history":[{"count":9,"href":"https:\/\/www.rdpemancipation.org\/index.php?rest_route=\/wp\/v2\/posts\/124133\/revisions"}],"predecessor-version":[{"id":124716,"href":"https:\/\/www.rdpemancipation.org\/index.php?rest_route=\/wp\/v2\/posts\/124133\/revisions\/124716"}],"wp:attachment":[{"href":"https:\/\/www.rdpemancipation.org\/index.php?rest_route=%2Fwp%2Fv2%2Fmedia&parent=124133"}],"wp:term":[{"taxonomy":"category","embeddable":true,"href":"https:\/\/www.rdpemancipation.org\/index.php?rest_route=%2Fwp%2Fv2%2Fcategories&post=124133"},{"taxonomy":"post_tag","embeddable":true,"href":"https:\/\/www.rdpemancipation.org\/index.php?rest_route=%2Fwp%2Fv2%2Ftags&post=124133"}],"curies":[{"name":"wp","href":"https:\/\/api.w.org\/{rel}","templated":true}]}}