{"id":124131,"date":"2024-01-03T18:23:00","date_gmt":"2024-01-03T17:23:00","guid":{"rendered":"https:\/\/www.rdpemancipation.org\/?p=124131"},"modified":"2024-01-28T11:37:27","modified_gmt":"2024-01-28T10:37:27","slug":"janvier-maghreb-5","status":"publish","type":"post","link":"https:\/\/www.rdpemancipation.org\/?p=124131","title":{"rendered":"Janvier &#8211; Maghreb"},"content":{"rendered":"\n<p><strong><mark style=\"background-color:rgba(0, 0, 0, 0);color:#f70808\" class=\"has-inline-color\">28 janvier<\/mark><\/strong><\/p>\n\n\n\n<p><strong>Alg\u00e9rie<\/strong><\/p>\n\n\n\n<p><a href=\"https:\/\/radio-m.net\/maersk-et-cma-cgm-contournent-lembargo-algeriensur-les-ports-marocains\/\">Maersk et CMA-CGM contournent l\u2019embargo alg\u00e9rien sur les ports marocains<\/a> (Radio M)<\/p>\n\n\n\n<p><a href=\"https:\/\/algeria-watch.org\/?p=91286\">Gaza : le Conseil de S\u00e9curit\u00e9 se r\u00e9unit \u00e0 la demande de l\u2019Alg\u00e9rie<\/a> (Maghreb Emergent)<\/p>\n\n\n\n<p><a href=\"https:\/\/algeria-watch.org\/?p=91288\">L\u2019Alg\u00e9rie dans la nasse des Emirats<\/a> (Blog de Ali Bensaad)<\/p>\n\n\n\n<p><a href=\"https:\/\/www.middleeasteye.net\/fr\/actu-et-enquetes\/algerie-signales-ou-interdits-de-voyager-opposants-hommes-daffaires-et\">\u2018Signal\u00e9s\u2019 ou interdits de voyager, opposants, hommes d\u2019affaires et journalistes&nbsp;vivent dans la hantise de passer la fronti\u00e8re<\/a> (MEE)<\/p>\n\n\n\n<p><a href=\"https:\/\/algeria-watch.org\/?p=91280\">D\u00e9nonciation par Bamako de l\u2019Accord de paix au Mali : Alger r\u00e9pond aux accusations d\u2019Assimi Go\u00efta<\/a> (El Watan)<\/p>\n\n\n\n<p><a href=\"https:\/\/radio-m.net\/le-cpa-va-vendre-30-de-son-capital-social\/\">Le CPA va vendre 30% de son capital social<\/a> (Radio M)<\/p>\n\n\n\n<p><a href=\"https:\/\/radio-m.net\/disparu-2-mois-apres-un-enieme-transfert-en-prison-le-detenu-dopinion-laalami-reapparait-a-mascara\/\">Disparu 2 mois apr\u00e8s un \u00e9ni\u00e8me transfert en prison, le d\u00e9tenu d\u2019opinion Laalami r\u00e9appara\u00eet \u00e0 Mascara<\/a> (Radio M)<\/p>\n\n\n\n<p><a href=\"https:\/\/radio-m.net\/recensement-annuel-du-cpj-el-kadi-et-bendjama-deux-plumes-independantes-derriere-les-barreaux\/\">Recensement annuel du CPJ : El-Kadi et Bendjama, deux plumes ind\u00e9pendantes derri\u00e8re les barreaux<\/a> (Radio M)<\/p>\n\n\n\n<p><a href=\"https:\/\/www.tsa-algerie.com\/lusine-renault-algerie-nous-navons-pas-encore-obtenu-lagrement\/\">L\u2019usine Renault Alg\u00e9rie : \u00ab Nous n&rsquo;avons pas encore obtenu l\u2019agr\u00e9ment \u00bb<\/a> (TSA)<\/p>\n\n\n\n<p><a href=\"https:\/\/algeria-watch.org\/?p=91264\">Une forte d\u00e9l\u00e9gation am\u00e9ricaine \u00e0 Alger : Chevron et Exxon arrivent en Alg\u00e9rie<\/a> (Le Quotidien d\u2019Oran)<\/p>\n\n\n\n<p><a href=\"https:\/\/orientxxi.info\/magazine\/algerie-au-pays-du-mouton-les-petits-eleveurs-sont-penalises,7016\" target=\"_blank\" rel=\"noreferrer noopener\">Alg\u00e9rie. Au pays du mouton, les petits \u00e9leveurs sont p\u00e9nalis\u00e9s<\/a> (Orient XXI)<\/p>\n\n\n\n<p><a href=\"https:\/\/www.rfi.fr\/fr\/culture\/20240117-alg%C3%A9rie-achewiq-le-chant-du-courage-des-femmes-kabyles-elina-kastler\" target=\"_blank\" rel=\"noreferrer noopener\">Alg\u00e9rie: \u00abAchewiq\u00bb, le chant du courage des femmes kabyles<\/a>&nbsp;(RFI)<\/p>\n\n\n\n<p><a href=\"https:\/\/www.pressenza.com\/fr\/2024\/01\/kabylie-un-modele-de-democratie\/\">Alg\u00e9rie. Kabylie&nbsp;: un mod\u00e8le de d\u00e9mocratie<\/a>&nbsp;(Pressenza)<\/p>\n\n\n\n<p><strong><a href=\"https:\/\/www.mediapart.fr\/journal\/international\/190124\/en-algerie-en-1957-jean-marie-le-pen-torture\">En Alg\u00e9rie en 1957, \u00ab&nbsp;Jean-Marie Le Pen a tortur\u00e9&nbsp;\u00bb<\/a><\/strong> (A l\u2019air Libre, vid\u00e9o)<\/p>\n\n\n\n<p><a href=\"https:\/\/algeria-watch.org\/?p=90977\">Tribunal de Dar El Beida : D\u00e9but du proc\u00e8s du MAK<\/a> (El Watan)<\/p>\n\n\n\n<p><strong>Libye<\/strong><\/p>\n\n\n\n<p><a href=\"https:\/\/api.indigo-net.com\/email\/RedirectionEmailing?mail=n.chevillard@noos.fr&amp;ID=583974&amp;DOCIID=109703480&amp;ENAIID=857938&amp;RETOUR=SIMPLE&amp;link=https:\/\/www.africaintelligence.fr\/afrique-du-nord\/2024\/01\/26\/le-bras-de-fer-entre-le-gouverneur-de-la-banque-centrale-et-abdelhamid-dabaiba-paralyse-l-economie,110151994-art?cxt=PUB&amp;utm_source=AIF&amp;utm_medium=email&amp;utm_campaign=AUTO_EDIT_SOM_PROS\" target=\"_blank\" rel=\"noreferrer noopener\">Le bras de fer entre le gouverneur de la Banque centrale et Abdelhamid Dabaiba paralyse l&rsquo;\u00e9conomie<\/a> (Africa Intelligence)<\/p>\n\n\n\n<p><strong>Maroc<\/strong><\/p>\n\n\n\n<p><a href=\"https:\/\/radio-m.net\/maroc-un-rassemblement-en-solidarite-avec-gaza-exige-la-fin-de-la-normalisation-avec-israel\/\">Un rassemblement en solidarit\u00e9 avec Gaza exige la fin de la \u201cnormalisation\u201d avec Isra\u00ebl<\/a> (Radio M)<\/p>\n\n\n\n<p><a href=\"https:\/\/api.indigo-net.com\/email\/RedirectionEmailing?mail=n.chevillard@noos.fr&amp;ID=583482&amp;DOCIID=109703480&amp;ENAIID=857446&amp;RETOUR=SIMPLE&amp;link=https:\/\/www.africaintelligence.fr\/afrique-du-nord\/2024\/01\/24\/greve-des-enseignants--comment-chakib-benmoussa-a-ete-contraint-de-ceder,110150324-art?cxt=PUB&amp;utm_source=AIF&amp;utm_medium=email&amp;utm_campaign=AUTO_EDIT_SOM_PROS\" target=\"_blank\" rel=\"noreferrer noopener\">Gr\u00e8ve des enseignants : comment Chakib Benmoussa a \u00e9t\u00e9 contraint de c\u00e9der<\/a> (Africa Intelligence)<\/p>\n\n\n\n<p><a href=\"https:\/\/www.tsa-algerie.com\/secheresse-au-maroc-la-filiere-lait-durement-touchee\/\">S\u00e9cheresse au Maroc : la fili\u00e8re lait durement touch\u00e9e<\/a> (TSA)<\/p>\n\n\n\n<p><a href=\"https:\/\/enass.ma\/2024\/01\/27\/refugies-en-peril-entre-violence-et-manque-de-protection\/\" target=\"_blank\" rel=\"noreferrer noopener\">R\u00e9fugi\u00e9s en p\u00e9ril : Entre violence et manque de protection<\/a>&nbsp;(Enass)<\/p>\n\n\n\n<p><a href=\"https:\/\/enass.ma\/2024\/01\/25\/procedure-dasile-au-maroc-enjeux-et-realites\/\" target=\"_blank\" rel=\"noreferrer noopener\">Proc\u00e9dure d\u2019Asile au Maroc : Enjeux et r\u00e9alit\u00e9s<\/a>&nbsp;(Enass)<\/p>\n\n\n\n<p><a href=\"https:\/\/enass.ma\/2024\/01\/24\/asmatou-prisonniere-de-lattente-le-recours-elusif\/\" target=\"_blank\" rel=\"noreferrer noopener\">Asmatou : prisonni\u00e8re de l\u2019attente, le recours \u00e9lusif<\/a>\u00a0(Enass)<\/p>\n\n\n\n<p><strong>Tunisie<\/strong><\/p>\n\n\n\n<p><a href=\"https:\/\/nawaat.org\/2024\/01\/26\/tunisie-fonds-qatari-pour-le-developpement-toujours-controverse\/\" target=\"_blank\" rel=\"noreferrer noopener\">Fonds qatari pour le d\u00e9veloppement, toujours controvers\u00e9<\/a>\u00a0(Nawaat)<\/p>\n\n\n\n<p><a href=\"https:\/\/api.indigo-net.com\/email\/RedirectionEmailing?mail=n.chevillard@noos.fr&amp;ID=583240&amp;DOCIID=109703480&amp;ENAIID=857204&amp;RETOUR=SIMPLE&amp;link=https:\/\/www.africaintelligence.fr\/afrique-du-nord\/2024\/01\/23\/des-candidats-a-la-presidentielle-dans-le-viseur-de-la-police-judiciaire,110150111-art?cxt=PUB&amp;utm_source=AIF&amp;utm_medium=email&amp;utm_campaign=AUTO_EDIT_SOM_PROS\" target=\"_blank\" rel=\"noreferrer noopener\">Des candidats \u00e0 la pr\u00e9sidentielle dans le viseur de la police judiciaire<\/a> (Africa Intelligence)<\/p>\n\n\n\n<p><a href=\"https:\/\/orientxxi.info\/dossiers-et-series\/le-parti-communiste-tunisien-peser-sans-les-masses,7023\" target=\"_blank\" rel=\"noreferrer noopener\">Le Parti communiste tunisien. Peser sans les masses<\/a>&nbsp;(Orient XXI)<\/p>\n\n\n\n<p><a href=\"https:\/\/nawaat.org\/2024\/01\/24\/biodiversite-en-tunisie-des-arbustes-a-valoriser-1-3\/\" target=\"_blank\" rel=\"noreferrer noopener\">Biodiversit\u00e9 en Tunisie : Des arbustes \u00e0 valoriser (1\/3)<\/a>&nbsp;(Nawaat)<\/p>\n\n\n\n<p><strong><mark style=\"background-color:rgba(0, 0, 0, 0);color:#f70808\" class=\"has-inline-color\">19 janvier<\/mark><\/strong><\/p>\n\n\n\n<p><a href=\"https:\/\/api.indigo-net.com\/email\/RedirectionEmailing?mail=n.chevillard@noos.fr&amp;ID=581821&amp;DOCIID=109703480&amp;ENAIID=855787&amp;RETOUR=SIMPLE&amp;link=https:\/\/www.africaintelligence.fr\/afrique-du-nord\/2024\/01\/17\/le-spectre-de-la-loi-immigration-plane-sur-les-relations-france-maghreb,110147837-art?cxt=PUB&amp;utm_source=AIF&amp;utm_medium=email&amp;utm_campaign=AUTO_EDIT_SOM_PROS\" target=\"_blank\" rel=\"noreferrer noopener\">Le spectre de la loi \u00ab\u00a0immigration\u00a0\u00bb plane sur les relations France-Maghreb<\/a>&nbsp;(Africa Intelligence)<\/p>\n\n\n\n<p><a href=\"https:\/\/www.cadtm.org\/Moyen-Orient-et-Afrique-du-Nord-politiques-liberales-et-consequences-sociales\" target=\"_blank\" rel=\"noreferrer noopener\">\u00ab Moyen-Orient et Afrique du Nord \u00bb, politiques lib\u00e9rales et cons\u00e9quences sociales<\/a> (CADTM)<\/p>\n\n\n\n<p><strong>Alg\u00e9rie<\/strong><\/p>\n\n\n\n<p><a href=\"https:\/\/link.newsletter.franceculture.fr\/m\/ml\/7429\/848840\/UzYUCDZioSWwFh5CbLTSJm9C5lXTLJmivm821gAfcU8=\/u-Wf09zzp5-AsL8cePoAlb07TR4PVgCPc9kJgpH+ti4=\/\" target=\"_blank\" rel=\"noreferrer noopener\">Magyd Cherfi&nbsp;: \u00ab\u00a0Un peu comme toutes les m\u00e9moires bless\u00e9es, il a fallu arracher des lambeaux \u00e0 nos parents\u00a0\u00bb <\/a>(France Culture)<\/p>\n\n\n\n<p><a href=\"https:\/\/link.newsletter.franceculture.fr\/m\/ml\/7429\/848441\/kdn1CNhQAHkCkXWDpBBoVW9C5lXTLJmivm821gAfcU8=\/z7J8+QFbnRWSKPVqCYTuEMZsCmsjUOZCcU4SbRn7kbU=\/\" target=\"_blank\" rel=\"noreferrer noopener\">Les stades de football alg\u00e9riens, des tribunes politiques<\/a>&nbsp;(France Culture)<\/p>\n\n\n\n<p><a href=\"https:\/\/radio-m.net\/amnesty-international-appelle-le-president-algerien-a-gracier-le-journaliste-ihsane-el-kadi\/\">Amnesty International appelle le pr\u00e9sident alg\u00e9rien \u00e0 lib\u00e9rer le journaliste Ihsane El Kadi<\/a> (Radio M)<\/p>\n\n\n\n<p><a href=\"https:\/\/radio-m.net\/noureddine-tounsi-nouveau-report-du-proces-du-lanceur-dalerte\/\">Noureddine Tounsi&nbsp;: nouveau report du proc\u00e8s du lanceur d\u2019alerte<\/a> (Radio M)<\/p>\n\n\n\n<p><a href=\"https:\/\/algeria-watch.org\/?p=90977\">Tribunal de Dar El Beida : D\u00e9but du proc\u00e8s du MAK<\/a> (El Watan)<\/p>\n\n\n\n<p><a href=\"https:\/\/radio-m.net\/bel-horizon-mise-sous-scelles-lassociation-engage-des-poursuites-contre-la-fermeture-arbitraire-de-son-local\/\">Bel Horizon : l\u2019association engage des poursuites contre la fermeture de son local<\/a> (Radio M)<\/p>\n\n\n\n<p><a href=\"https:\/\/api.indigo-net.com\/email\/RedirectionEmailing?mail=n.chevillard@noos.fr&amp;ID=580646&amp;DOCIID=109703480&amp;ENAIID=854612&amp;RETOUR=SIMPLE&amp;link=https:\/\/www.africaintelligence.fr\/afrique-du-nord\/2024\/01\/12\/le-vice-president-du-crea-hassen-khelifati-mis-sur-la-touche,110136848-gra?cxt=PUB&amp;utm_source=AIF&amp;utm_medium=email&amp;utm_campaign=AUTO_EDIT_SOM_PROS\" target=\"_blank\" rel=\"noreferrer noopener\">Le vice-pr\u00e9sident du CREA, Hassen Khelifati, mis sur la touche<\/a>&nbsp;(Africa Intelligence)<\/p>\n\n\n\n<p><strong>Libye<\/strong><\/p>\n\n\n\n<p><strong><a href=\"https:\/\/mondafrique.com\/confidentiels\/maghreb\/la-revolte-des-libyens-contre-laccaparement-de-la-rente-petroliere\/\">La r\u00e9volte des Libyens contre l\u2019accaparement de la rente p\u00e9troli\u00e8re<\/a><\/strong> (Mondafrique)<\/p>\n\n\n\n<p><a href=\"https:\/\/mondafrique.com\/confidentiels\/maghreb\/libye-fermeture-du-champ-petrolier-del-sharara-par-des-manifestants\/\">Libye&nbsp;: fermeture du champ p\u00e9trolier d\u2019El Sharara par des manifestants<\/a> (Mondafrique)<\/p>\n\n\n\n<p><a href=\"https:\/\/api.indigo-net.com\/email\/RedirectionEmailing?mail=n.chevillard@noos.fr&amp;ID=579671&amp;DOCIID=109703480&amp;ENAIID=853638&amp;RETOUR=SIMPLE&amp;link=https:\/\/www.africaintelligence.fr\/afrique-du-nord\/2024\/01\/08\/eni-grand-perdant-du-conflit-entre-le-ministre-du-petrole-et-la-noc,110134877-art?cxt=PUB&amp;utm_source=AIF&amp;utm_medium=email&amp;utm_campaign=AUTO_EDIT_SOM_PROS\" target=\"_blank\" rel=\"noreferrer noopener\">ENI, grand perdant du conflit entre le ministre du p\u00e9trole et la NOC<\/a>&nbsp;(Africa Intelligence)<\/p>\n\n\n\n<p><strong>Maroc<\/strong><\/p>\n\n\n\n<p><a href=\"https:\/\/api.indigo-net.com\/email\/RedirectionEmailing?mail=n.chevillard@noos.fr&amp;ID=582064&amp;DOCIID=109703480&amp;ENAIID=856029&amp;RETOUR=SIMPLE&amp;link=https:\/\/www.africaintelligence.fr\/afrique-du-nord\/2024\/01\/18\/dans-les-coulisses-des-preparatifs-de-la-visite-d-emmanuel-macron-a-rabat,110149139-eve?cxt=PUB&amp;utm_source=AIF&amp;utm_medium=email&amp;utm_campaign=AUTO_EDIT_SOM_PROS\" target=\"_blank\" rel=\"noreferrer noopener\">Dans les coulisses des pr\u00e9paratifs de la visite d&rsquo;Emmanuel Macron \u00e0 Rabat<\/a> (Africa Intelligence)<\/p>\n\n\n\n<p><a href=\"https:\/\/enass.ma\/2024\/01\/16\/post-seisme-lassociation-insaf-mobilisee-au-haouz\/\" target=\"_blank\" rel=\"noreferrer noopener\">Post-s\u00e9isme : L\u2019association Insaf mobilis\u00e9e au Haouz<\/a> (Enass)<\/p>\n\n\n\n<p><a href=\"https:\/\/enass.ma\/2024\/01\/16\/figuig-mobilisation-contre-la-privatisation-de-leau\/\" target=\"_blank\" rel=\"noreferrer noopener\">Figuig : Mobilisation contre la \u00ab privatisation de l\u2019eau \u00bb<\/a> (Enass)<\/p>\n\n\n\n<p><a href=\"https:\/\/enass.ma\/2024\/01\/14\/journalisme-au-maroc-des-injustices-frappantes\/\" target=\"_blank\" rel=\"noreferrer noopener\">Journalistes au Maroc : l\u2019atteinte aux droits sociaux<\/a> (Enass)<\/p>\n\n\n\n<p><a href=\"https:\/\/api.indigo-net.com\/email\/RedirectionEmailing?mail=n.chevillard@noos.fr&amp;ID=580156&amp;DOCIID=109703480&amp;ENAIID=854122&amp;RETOUR=SIMPLE&amp;link=https:\/\/www.africaintelligence.fr\/afrique-du-nord\/2024\/01\/10\/le-palais-abandonne-de-mohammed-vi-a-zanzibar,110134358-eve?cxt=PUB&amp;utm_source=AIF&amp;utm_medium=email&amp;utm_campaign=AUTO_EDIT_SOM_PROS\" target=\"_blank\" rel=\"noreferrer noopener\">Le palais abandonn\u00e9 de Mohammed VI \u00e0 Zanzibar<\/a> (Africa Intelligence)<\/p>\n\n\n\n<p><a href=\"https:\/\/mondafrique.com\/decryptage\/le-regime-marocain-vent-debout-contre-emmanuel-macron\/\">Notre bilan Macron 2023 (2), le Maroc vent debout contre Paris<\/a> (Mondafrique)<\/p>\n\n\n\n<p><strong>Tunisie<\/strong><\/p>\n\n\n\n<p><strong><a href=\"https:\/\/nawaat.org\/2024\/01\/18\/tunisie-la-justice-vit-le-pire-moment-de-son-histoire\/\" target=\"_blank\" rel=\"noreferrer noopener\">Tunisie : La Justice vit \u201cle pire moment de son histoire\u201d<\/a><\/strong> (Nawaat)<\/p>\n\n\n\n<p><a href=\"https:\/\/radio-m.net\/tunisie-arrestation-de-21-individus-pour-appartenance-a-une-organisation-terroriste\/\">Tunisie : arrestation de 21 individus pour appartenance \u00e0 une \u2018\u2019organisation terroriste\u2019\u2019<\/a> (Radio M)<\/p>\n\n\n\n<p><a href=\"https:\/\/www.tunisienumerique.com\/tataouine-greve-de-deux-jours-des-employes-du-champ-petrolier-sitep-el-borma\/\">Tataouine : Gr\u00e8ve de deux jours des employ\u00e9s du champ p\u00e9trolier \u201cSitep El Borma\u201d<\/a> (Tunisie Num\u00e9rique)<\/p>\n\n\n\n<p><a href=\"https:\/\/inkyfada.com\/fr\/2024\/01\/18\/penurie-pharmaceutique-la-sante-otage-des-dettes\/\" target=\"_blank\" rel=\"noreferrer noopener\">P\u00e9nurie pharmaceutique en Tunisie : quand la sant\u00e9 est prise en otage par les dettes<\/a> (Inkyfada)<\/p>\n\n\n\n<p><a href=\"https:\/\/orientxxi.info\/lu-vu-entendu\/tunis-au-nawaat-festival-la-resistance-comme-mot-d-ordre,7001\" target=\"_blank\" rel=\"noreferrer noopener\">Tunis. Au Nawaat Festival, la r\u00e9sistance comme mot d&rsquo;ordre<\/a> (Orient XXI)<\/p>\n\n\n\n<p><strong><mark style=\"background-color:rgba(0, 0, 0, 0);color:#c31414\" class=\"has-inline-color\">15 janvier<\/mark><\/strong><\/p>\n\n\n\n<p><strong>Alg\u00e9rie<\/strong><a href=\"https:\/\/radio-m.net\/lassociation-culturelle-bel-horizon-doran-mise-sous-scelles\/\"><\/a><\/p>\n\n\n\n<p><a href=\"https:\/\/radio-m.net\/lassociation-culturelle-bel-horizon-doran-mise-sous-scelles\/\">L\u2019association culturelle Bel Horizon d\u2019Oran mise sous scell\u00e9s<\/a> (Radio M)<\/p>\n\n\n\n<p><a href=\"https:\/\/radio-m.net\/ahmed-manseri-et-hmida-horr-condamnes-a-six-mois-de-prison-dont-trois-fermes\/\">Ahmed&nbsp;Manseri&nbsp;et&nbsp;H\u2019mida&nbsp;Horr&nbsp;condamn\u00e9s \u00e0 six mois de prison dont trois fermes<\/a> (Radio M)<\/p>\n\n\n\n<p><a href=\"https:\/\/radio-m.net\/liberation-dihsane-el-kadi-des-personnalites-algeriennes-adressent-une-lettre-ouverte-au-president\/\">Lib\u00e9ration d\u2019Ihsane El Kadi : Des personnalit\u00e9s alg\u00e9riennes adressent une lettre ouverte au pr\u00e9sident<\/a> (Radio M)<\/p>\n\n\n\n<p><a href=\"https:\/\/www.tsa-algerie.com\/el-kadi-ihsane-une-lettre-a-tebboune-pour-demander-sa-liberation\/\">El Kadi Ihsane : une lettre \u00e0 Tebboune pour demander sa lib\u00e9ration<\/a> (TSA)<a href=\"https:\/\/radio-m.net\/affaire-bouraoui-le-journaliste-bendjama-maintenu-en-detention\/\"><\/a><\/p>\n\n\n\n<p><a href=\"https:\/\/radio-m.net\/affaire-bouraoui-le-journaliste-bendjama-maintenu-en-detention\/\">Affaire Bouraoui : le journaliste Bendjama maintenu en d\u00e9tention<\/a> (Radio M)<\/p>\n\n\n\n<p><a href=\"https:\/\/radio-m.net\/escalade-des-tensions-entre-lalgerie-et-les-emirats-arabes-unis\/\">Escalade des tensions entre l\u2019Alg\u00e9rie et les \u00c9mirats arabes unis<\/a> (Radio M)<\/p>\n\n\n\n<p><a href=\"https:\/\/www.lemonde.fr\/afrique\/article\/2024\/01\/12\/la-brouille-entre-alger-et-abou-dhabi-tourne-a-la-crise-ouverte_6210495_3212.html\">La brouille entre Alger et Abou Dhabi tourne \u00e0 la crise ouverte<\/a><a> <\/a>(Le Monde)<\/p>\n\n\n\n<p><a href=\"https:\/\/algeria-watch.org\/?p=90686\">Le putsch du 11 janvier 1992 et le 70e anniversaire du d\u00e9clenchement de la r\u00e9volution<\/a> (Algeria-Watch)<\/p>\n\n\n\n<p><strong>Maroc<\/strong><\/p>\n\n\n\n<p><a href=\"https:\/\/www.tsa-algerie.com\/france-maroc-la-nomination-de-stephane-sejourne-inquiete-rabat\/\">France &#8211; Maroc : la nomination de St\u00e9phane S\u00e9journ\u00e9 inqui\u00e8te Rabat<\/a> (TSA)<\/p>\n\n\n\n<p><a href=\"https:\/\/www.tsa-algerie.com\/maroc-secheresse-pauvrete-et-enieme-residence-a-letranger-pour-mohammed-vi\/\">Maroc : s\u00e9cheresse, pauvret\u00e9 et \u00e9ni\u00e8me r\u00e9sidence \u00e0 l\u2019\u00e9tranger pour Mohammed VI<\/a> (TSA)<\/p>\n\n\n\n<p><a href=\"https:\/\/www.youtube.com\/watch?v=nKl2RRW9XGY\">La Belgique sous influence marocaine ?<\/a>&nbsp;(RTBF)<\/p>\n\n\n\n<p><a href=\"https:\/\/www.lemonde.fr\/afrique\/article\/2023\/12\/12\/au-maroc-le-chef-du-gouvernement-peine-a-concretiser-ses-promesses_6205383_3212.html\">Au Maroc, le chef du gouvernement peine \u00e0 concr\u00e9tiser ses promesses<\/a> (Le Monde)<\/p>\n\n\n\n<p><strong>Tunisie<\/strong><\/p>\n\n\n\n<p><a href=\"https:\/\/www.lemonde.fr\/afrique\/article\/2024\/01\/11\/en-tunisie-le-journaliste-zied-el-heni-condamne-a-six-mois-de-prison-avec-sursis_6210213_3212.html\">En Tunisie, le journaliste Zied El-Heni condamn\u00e9 \u00e0 six mois de prison avec sursis<\/a> (Le Monde)<\/p>\n\n\n\n<p><a href=\"https:\/\/www.lemonde.fr\/afrique\/article\/2024\/01\/12\/en-tunisie-le-retour-de-libye-des-femmes-et-d-enfants-de-djihadistes-ne-passe-toujours-pas_6210412_3212.html\">En Tunisie, le retour de Libye des femmes et d\u2019enfants de djihadistes ne passe toujours pas<\/a> (Le Monde)<\/p>\n\n\n\n<p><a href=\"https:\/\/www.hrw.org\/fr\/news\/2024\/01\/11\/tunisie-la-derive-autoritaire-erode-les-droits-humains\" target=\"_blank\" rel=\"noreferrer noopener\">Tunisie : La d\u00e9rive autoritaire \u00e9rode les droits humains<\/a> (Human Rights Watch)<\/p>\n\n\n\n<p><strong><mark style=\"background-color:rgba(0, 0, 0, 0);color:#c31414\" class=\"has-inline-color\">11 janvier<\/mark><\/strong><\/p>\n\n\n\n<p><a href=\"https:\/\/www.mediapart.fr\/journal\/international\/060124\/au-moyen-orient-les-artistes-lgbtqia-devant-l-obstacle-du-conservatisme\" target=\"_blank\" rel=\"noreferrer noopener\">Au Moyen-Orient, les artistes LGBTQIA+ devant l\u2019obstacle du conservatisme<\/a> (M\u00e9diapart)<\/p>\n\n\n\n<p><strong>Alg\u00e9rie<\/strong><\/p>\n\n\n\n<p><a href=\"https:\/\/www.middleeasteye.net\/fr\/actu-et-enquetes\/un-clandestin-algerien-retrouve-dans-un-avion-orly-provoque-une-crise-alger\">Un clandestin alg\u00e9rien retrouv\u00e9 dans un avion \u00e0 Orly provoque une crise \u00e0 Alger<\/a> (MEE)<\/p>\n\n\n\n<p><a href=\"https:\/\/histoirecoloniale.net\/messali-hadj-pere-oublie-du\/\" target=\"_blank\" rel=\"noreferrer noopener\">Messali Hadj, p\u00e8re oubli\u00e9 du nationalisme alg\u00e9rien<\/a> (Histoire coloniale)<\/p>\n\n\n\n<p><a href=\"https:\/\/lanticapitaliste.org\/actualite\/international\/kamel-aissat-est-acquitte-la-solidarite-et-la-resistance-ont-vaincu\">Alg\u00e9rie&nbsp;: Kamel A\u00efssat est acquitt\u00e9 ! La solidarit\u00e9 et la r\u00e9sistance ont vaincu<\/a> (L\u2019Anticapitaliste)<\/p>\n\n\n\n<p><a href=\"https:\/\/elucid.media\/environnement\/algerie-menacee-hydrocarbures-epuisement-reserves-petrole-gaz\">L&rsquo;Alg\u00e9rie est menac\u00e9e par l&rsquo;\u00e9puisement des r\u00e9serves de p\u00e9trole et de gaz<\/a> (Elucid)<\/p>\n\n\n\n<p><strong>Libye<\/strong><\/p>\n\n\n\n<p><a href=\"https:\/\/orientxxi.info\/magazine\/libye-derna-engloutie-le-sombre-bilan-de-l-incurie,6982\" target=\"_blank\" rel=\"noreferrer noopener\">Libye. Derna engloutie, le sombre bilan de l&rsquo;incurie<\/a> (Orient XXI)<\/p>\n\n\n\n<p><strong>Maroc<\/strong><\/p>\n\n\n\n<p><a href=\"https:\/\/www.middleeasteye.net\/fr\/actu-et-enquetes\/le-maroc-elu-la-presidence-du-conseil-des-droits-de-lhomme-de-lonu-un-choix\">Le Maroc \u00e9lu \u00e0 la pr\u00e9sidence du Conseil des droits de l\u2019homme de l\u2019ONU, un choix controvers\u00e9<\/a> (MEE)<\/p>\n\n\n\n<p><a href=\"https:\/\/arretsurinfo.ch\/le-maroc-a-la-presidence-du-conseil-des-droits-de-lhomme-est-ce-une-farce\/\">Le Maroc \u00e0 la pr\u00e9sidence du Conseil des droits de l\u2019Homme : est-ce une farce ?&nbsp;<\/a>(Arr\u00eat sur info)<\/p>\n\n\n\n<p><a href=\"https:\/\/enass.ma\/2024\/01\/05\/dans-le-sud-est-marocain-des-oasis-qui-saignent-une-population-en-exode\/\" target=\"_blank\" rel=\"noreferrer noopener\">Dans le sud-est marocain : Des oasis qui saignent, une population en exode&nbsp;<\/a> (Enass)<\/p>\n\n\n\n<p><a href=\"https:\/\/enass.ma\/2024\/01\/04\/droit-a-linformation-un-acces-inegal\/\" target=\"_blank\" rel=\"noreferrer noopener\">Droit \u00e0 l\u2019information : Un acc\u00e8s in\u00e9gal<\/a> (Enass)<\/p>\n\n\n\n<p><a href=\"https:\/\/fr.hespress.com\/346439-le-plf-2024-expose-les-tpe-pme-a-un-risque-de-faillite.html\">Maroc. Le PLF 2024 expose les TPE-PME \u00e0 un risque de faillite<\/a>&nbsp;(Hespress)<\/p>\n\n\n\n<p><strong>Tunisie<\/strong><\/p>\n\n\n\n<p><a href=\"https:\/\/www.middleeasteye.net\/fr\/actu-et-enquetes\/tunisie-le-president-par-interim-dennahdha-en-greve-de-la-faim\">Tunisie : le pr\u00e9sident par int\u00e9rim d\u2019Ennahdha en gr\u00e8ve de la faim<\/a> (MEE)<\/p>\n\n\n\n<p><a href=\"https:\/\/www.humanite.fr\/monde\/journalistes\/zied-el-heni-le-journaliste-tunisien-emprisonne-pour-avoir-critique-le-gouvernement-a-la-radio\" target=\"_blank\" rel=\"noreferrer noopener\">Zied El Heni, le journaliste tunisien emprisonn\u00e9 pour avoir critiqu\u00e9 le gouvernement \u00e0 la radio<\/a> &nbsp;(L\u2019Humanit\u00e9)<\/p>\n\n\n\n<p><a href=\"https:\/\/www.middleeasteye.net\/fr\/actu-et-enquetes\/deux-journalistes-arretes-depuis-le-1er-janvier-inquietudes-pour-la-liberte-de-la\">Deux journalistes arr\u00eat\u00e9s depuis le 1er janvier : inqui\u00e9tudes pour la libert\u00e9 de la presse en Tunisie<\/a> (MEE)<\/p>\n\n\n\n<p><a href=\"https:\/\/www.middleeasteye.net\/fr\/actu-et-enquetes\/tunisie-le-president-par-interim-dennahdha-en-greve-de-la-faim\">Tunisie : le pr\u00e9sident par int\u00e9rim d\u2019Ennahdha en gr\u00e8ve de la faim<\/a> (MEE)<\/p>\n\n\n\n<p><a href=\"https:\/\/www.tuniscope.com\/article\/371297\/business\/services\/l-effondrement-200-000-entreprises-tunisiennes-en-faillite-en-2023-263211\">Tunisie. 200 000 entreprises tunisiennes en faillite en 2023<\/a>&nbsp;(Tuniscope)<\/p>\n\n\n\n<p><a href=\"https:\/\/inkyfada.com\/fr\/2024\/01\/05\/site-petro-gaziers-aires-protegees-systeme-dabus-global-de-perenco\/\" target=\"_blank\" rel=\"noreferrer noopener\"><strong>Sites p\u00e9tro-gaziers et aires prot\u00e9g\u00e9es : le syst\u00e8me d\u2019abus global du g\u00e9ant Perenco<\/strong><\/a> (Inkyfada)<\/p>\n\n\n\n<p><a href=\"https:\/\/nawaat.org\/2024\/01\/05\/la-hausse-alarmante-des-violences-envers-les-enfants-interview-avec-moez-cherif\/\" target=\"_blank\" rel=\"noreferrer noopener\">La hausse alarmante des violences envers les enfants, Interview avec Moez Cherif<\/a> (Nawaat)<\/p>\n\n\n\n<p><strong><mark style=\"background-color:rgba(0, 0, 0, 0);color:#c31414\" class=\"has-inline-color\">3 janvier<\/mark><\/strong><\/p>\n\n\n\n<p><a href=\"https:\/\/orientxxi.info\/lu-vu-entendu\/parcours-maghrebins-de-la-construction-etatique,6947\" target=\"_blank\" rel=\"noreferrer noopener\">Parcours maghr\u00e9bins de la construction \u00e9tatique<\/a> (Orient XXI)<\/p>\n\n\n\n<p><strong>Alg\u00e9rie<\/strong><\/p>\n\n\n\n<p><a href=\"https:\/\/algeria-watch.org\/?p=90379\">A l\u2019occasion du d\u00e9c\u00e8s du g\u00e9n\u00e9ral Khaled Nezzar quelques rappels<\/a> (Algeria-Watch)<\/p>\n\n\n\n<p><a href=\"https:\/\/www.middleeasteye.net\/fr\/actu-et-enquetes\/algerie-mort-general-nezzar-ministre-proces-crimes-guerre-civile-justice\">En Alg\u00e9rie, la mort de Khaled Nezzar \u00e9loigne tout proc\u00e8s autour des ann\u00e9es de guerre civile<\/a> (MEE)<\/p>\n\n\n\n<p><a href=\"https:\/\/algeria-watch.org\/?p=90251\">AIT AHMED : T\u00e9moignage exclusif sur la R\u00e9volution alg\u00e9rienne en 1954<\/a>&nbsp;(Vid\u00e9o, <a>Algeria-Watch)<\/a><\/p>\n\n\n\n<p><a href=\"https:\/\/algeria-watch.org\/?p=90290\">Essais nucl\u00e9aires fran\u00e7ais : l\u2019Alg\u00e9rie r\u00e9clame la \u2018reconnaissance et l\u2019indemnisation\u2019<\/a> (TSA)<\/p>\n\n\n\n<p><a href=\"https:\/\/algeria-watch.org\/?p=90288\">Le tribunal de Sidi M\u2019hemed confirme la fermeture des locaux d\u2019interface M\u00e9dias<\/a> (Maghreb Emergent)<\/p>\n\n\n\n<p><a href=\"https:\/\/algeria-watch.org\/?p=90278\">Ihsane El Kadi, l\u2019amoureux du d\u00e9sert qui refuse la d\u00e9sertification de la nation<\/a> (Maghreb Emergent)<\/p>\n\n\n\n<p><a href=\"https:\/\/www.tsa-algerie.com\/exfiltration-des-dirigeants-du-hamas-vers-lalgerie-ballon-sonde-ou-manoeuvre\/\">Exfiltration des dirigeants du Hamas vers l\u2019Alg\u00e9rie : ballon sonde ou man\u0153uvre ?<\/a> (TSA)<\/p>\n\n\n\n<p><a href=\"https:\/\/api.indigo-net.com\/email\/RedirectionEmailing?mail=n.chevillard@noos.fr&amp;ID=577419&amp;DOCIID=109703480&amp;ENAIID=851386&amp;RETOUR=SIMPLE&amp;link=https:\/\/www.africaintelligence.fr\/afrique-du-nord\/2023\/12\/04\/toufik-hakkar--les-secrets-de-la-chute-du-tout-puissant-patron-de-sonatrach,110114297-ge0?cxt=PUB&amp;utm_source=AIF&amp;utm_medium=email&amp;utm_campaign=AUTO_EDIT_SOM_PROS\" target=\"_blank\" rel=\"noreferrer noopener\">Toufik Hakkar : les secrets de la chute du tout-puissant patron de Sonatrach<\/a> (Africa Intelligence)<\/p>\n\n\n\n<p><strong>Libye<\/strong><\/p>\n\n\n\n<p><a href=\"https:\/\/api.indigo-net.com\/email\/RedirectionEmailing?mail=n.chevillard@noos.fr&amp;ID=578264&amp;DOCIID=109703480&amp;ENAIID=852231&amp;RETOUR=SIMPLE&amp;link=https:\/\/www.africaintelligence.fr\/afrique-du-nord\/2023\/09\/14\/le-plan-de-washington-et-paris-pour-la-formation-d-un-gouvernement-unifie,110042739-eve?cxt=PUB&amp;utm_source=AIF&amp;utm_medium=email&amp;utm_campaign=AUTO_EDIT_SOM_PROS\" target=\"_blank\" rel=\"noreferrer noopener\">Le plan de Washington et Paris pour la formation d&rsquo;un gouvernement unifi\u00e9<\/a> (Africa Intelligence)<\/p>\n\n\n\n<p><a href=\"https:\/\/api.indigo-net.com\/email\/RedirectionEmailing?mail=n.chevillard@noos.fr&amp;ID=578506&amp;DOCIID=109703480&amp;ENAIID=852473&amp;RETOUR=SIMPLE&amp;link=https:\/\/www.africaintelligence.fr\/afrique-du-nord\/2024\/01\/03\/noc-contre-trasta-energy--les-dessous-d-une-negociation-a-plusieurs-centaines-de-millions-de-dollars,110133349-eve?cxt=PUB&amp;utm_source=AIF&amp;utm_medium=email&amp;utm_campaign=AUTO_EDIT_SOM_PROS\" target=\"_blank\" rel=\"noreferrer noopener\">NOC contre Trasta Energy : les dessous d&rsquo;une n\u00e9gociation \u00e0 plusieurs centaines de millions $<\/a> (Africa Intelligence)<\/p>\n\n\n\n<p><a href=\"https:\/\/api.indigo-net.com\/email\/RedirectionEmailing?mail=n.chevillard@noos.fr&amp;ID=577419&amp;DOCIID=109703480&amp;ENAIID=851386&amp;RETOUR=SIMPLE&amp;link=https:\/\/www.africaintelligence.fr\/afrique-du-nord\/2023\/11\/02\/les-tensions-en-cyrenaique-menacent-khalifa-haftar,110083201-eve?cxt=PUB&amp;utm_source=AIF&amp;utm_medium=email&amp;utm_campaign=AUTO_EDIT_SOM_PROS\" target=\"_blank\" rel=\"noreferrer noopener\">Les tensions en Cyr\u00e9na\u00efque menacent Khalifa Haftar<\/a> (Africa Intelligence)<\/p>\n\n\n\n<p><a href=\"https:\/\/api.indigo-net.com\/email\/RedirectionEmailing?mail=n.chevillard@noos.fr&amp;ID=576682&amp;DOCIID=109703480&amp;ENAIID=850649&amp;RETOUR=SIMPLE&amp;link=https:\/\/www.africaintelligence.fr\/afrique-du-nord\/2023\/10\/11\/le-pas-de-deux-de-vladimir-poutine-avec-abdelhamid-dabaiba,110061950-eve?cxt=PUB&amp;utm_source=AIF&amp;utm_medium=email&amp;utm_campaign=AUTO_EDIT_SOM_PROS\" target=\"_blank\" rel=\"noreferrer noopener\">Le pas de deux de Vladimir Poutine avec Abdelhamid Dabaiba<\/a> <a>(Africa Intelligence)<\/a><\/p>\n\n\n\n<p><strong>Maroc<\/strong><\/p>\n\n\n\n<p><a href=\"https:\/\/api.indigo-net.com\/email\/RedirectionEmailing?mail=n.chevillard@noos.fr&amp;ID=578264&amp;DOCIID=109703480&amp;ENAIID=852231&amp;RETOUR=SIMPLE&amp;link=https:\/\/www.africaintelligence.fr\/afrique-du-nord\/2023\/10\/24\/cosumar--les-dessous-de-l-alliance-avec-le-francais-sucden,110079565-eve?cxt=PUB&amp;utm_source=AIF&amp;utm_medium=email&amp;utm_campaign=AUTO_EDIT_SOM_PROS\" target=\"_blank\" rel=\"noreferrer noopener\">Cosumar : les dessous de l&rsquo;alliance avec le fran\u00e7ais Sucden<\/a> (Africa Intelligence)<\/p>\n\n\n\n<p><a href=\"https:\/\/enass.ma\/2023\/12\/20\/les-assises-du-feminisme-presentent-un-etat-des-luttes-pour-legalite\/\" target=\"_blank\" rel=\"noreferrer noopener\">Les Assises du f\u00e9minisme pr\u00e9sentent un \u00e9tat des luttes pour l\u2019Egalit\u00e9<\/a> (Enass)<\/p>\n\n\n\n<p><a href=\"https:\/\/theconversation.com\/a-quand-une-vraie-politique-dasile-pour-le-maroc-219376\">\u00c0 quand une vraie politique d\u2019asile pour le&nbsp;Maroc&nbsp;?<\/a> (The Conversation)<\/p>\n\n\n\n<p><a href=\"https:\/\/www.msn.com\/fr-xl\/afrique-du-nord\/maroc-actualite\/gr%C3%A8ves-des-enseignants-pas-de-retour-en-classe-pour-la-coordination-de-l-%C3%A9ducation\/ar-AA1lJwcT\">Gr\u00e8ves des enseignants : pas de retour en classe pour la coordination de l\u2019\u00e9ducation<\/a>&nbsp;(Le Matin)<\/p>\n\n\n\n<p><strong>Tunisie<\/strong><\/p>\n\n\n\n<p><a href=\"https:\/\/www.middleeasteye.net\/fr\/actu-et-enquetes\/tunisie-economie-rapport-indicateurs-alarmants-fmi-pret-kais-saied-europe\">Tunisie : des indicateurs \u00e9conomiques \u00ab&nbsp;alarmants&nbsp;\u00bb, selon un think tank<\/a> (MEE)<\/p>\n\n\n\n<p><a href=\"https:\/\/www.middleeasteye.net\/fr\/reportages\/tunisie-crise-economique-societe-humoristes-soupape\">Tunisie&nbsp;: crise \u00e9conomique et soci\u00e9t\u00e9, le carburant des nouveaux humoristes<\/a> (MEE)<\/p>\n\n\n\n<p><a href=\"https:\/\/www.middleeasteye.net\/fr\/opinion-fr\/tunisie-elections-locales-kais-saied-centralisation-politique-boycott\">Les \u00e9lections locales, une \u00e9tape suppl\u00e9mentaire pour acc\u00e9l\u00e9rer la centralisation du pouvoir<\/a> (MEE)<\/p>\n\n\n\n<p><a href=\"https:\/\/inkyfada.com\/fr\/2023\/12\/18\/elamra-sfax-migrants-garde-nationale-tunisie\/\" target=\"_blank\" rel=\"noreferrer noopener\">Reportage | \u00c0 El-Amra, un d\u00e9sastre annonc\u00e9 pour les migrant\u00b7es<\/a> &nbsp;(Inkyfada)<\/p>\n\n\n\n<p><a href=\"https:\/\/nawaat.org\/2023\/12\/20\/nawaat-debates-les-femmes-entre-violences-et-resistances\/\" target=\"_blank\" rel=\"noreferrer noopener\">Nawaat Debates: Les femmes, entre violences et r\u00e9sistances<\/a> (Nawaat)<\/p>\n\n\n\n<p><a href=\"https:\/\/www.middleeasteye.net\/fr\/actu-et-enquetes\/tunisie-migrants-rapport-omct-torture-mauvais-traitements-union-europeenne-sfax\">Un rapport d\u00e9nonce une \u00ab&nbsp;violence institutionnelle quotidienne&nbsp;\u00bb contre les migrants<\/a> (MEE)<\/p>\n\n\n\n<p><a href=\"https:\/\/inkyfada.com\/fr\/2023\/12\/20\/ghar-el-mleh-ecosysteme-fragile-menace-tunisie\/\" target=\"_blank\" rel=\"noreferrer noopener\">La lagune de Ghar El Melh, un fragile \u00e9cosyst\u00e8me menac\u00e9<\/a> (Inkyfada)<\/p>\n\n\n\n<p><a href=\"https:\/\/www.hrw.org\/fr\/news\/2023\/12\/19\/tunisie-un-decret-sur-la-cybercriminalite-utilise-contre-les-detracteurs-des\">Un d\u00e9cret sur la cybercriminalit\u00e9 utilis\u00e9 contre les d\u00e9tracteurs des autorit\u00e9s<\/a> (HRW)<\/p>\n\n\n\n<p><\/p>\n\n\n\n<p><\/p>\n","protected":false},"excerpt":{"rendered":"<p>28 janvier Alg\u00e9rie Maersk et CMA-CGM contournent l\u2019embargo alg\u00e9rien sur les ports marocains (Radio M) Gaza : le Conseil de S\u00e9curit\u00e9 se r\u00e9unit \u00e0 la demande de l\u2019Alg\u00e9rie (Maghreb Emergent) L\u2019Alg\u00e9rie dans la nasse des Emirats (Blog de Ali Bensaad) \u2018Signal\u00e9s\u2019 ou interdits de voyager, opposants, hommes d\u2019affaires et journalistes&nbsp;vivent dans la hantise de passer &#8230; <a title=\"Janvier &#8211; Maghreb\" class=\"read-more\" href=\"https:\/\/www.rdpemancipation.org\/?p=124131\" aria-label=\"En savoir plus sur Janvier &#8211; Maghreb\">Lire la suite<\/a><\/p>\n","protected":false},"author":1,"featured_media":0,"comment_status":"closed","ping_status":"closed","sticky":false,"template":"","format":"standard","meta":{"_lmt_disableupdate":"","_lmt_disable":"","_jetpack_memberships_contains_paid_content":false,"footnotes":""},"categories":[17],"tags":[],"class_list":["post-124131","post","type-post","status-publish","format-standard","hentry","category-maghreb"],"modified_by":"nch","jetpack_featured_media_url":"","jetpack_sharing_enabled":true,"_links":{"self":[{"href":"https:\/\/www.rdpemancipation.org\/index.php?rest_route=\/wp\/v2\/posts\/124131","targetHints":{"allow":["GET"]}}],"collection":[{"href":"https:\/\/www.rdpemancipation.org\/index.php?rest_route=\/wp\/v2\/posts"}],"about":[{"href":"https:\/\/www.rdpemancipation.org\/index.php?rest_route=\/wp\/v2\/types\/post"}],"author":[{"embeddable":true,"href":"https:\/\/www.rdpemancipation.org\/index.php?rest_route=\/wp\/v2\/users\/1"}],"replies":[{"embeddable":true,"href":"https:\/\/www.rdpemancipation.org\/index.php?rest_route=%2Fwp%2Fv2%2Fcomments&post=124131"}],"version-history":[{"count":10,"href":"https:\/\/www.rdpemancipation.org\/index.php?rest_route=\/wp\/v2\/posts\/124131\/revisions"}],"predecessor-version":[{"id":124840,"href":"https:\/\/www.rdpemancipation.org\/index.php?rest_route=\/wp\/v2\/posts\/124131\/revisions\/124840"}],"wp:attachment":[{"href":"https:\/\/www.rdpemancipation.org\/index.php?rest_route=%2Fwp%2Fv2%2Fmedia&parent=124131"}],"wp:term":[{"taxonomy":"category","embeddable":true,"href":"https:\/\/www.rdpemancipation.org\/index.php?rest_route=%2Fwp%2Fv2%2Fcategories&post=124131"},{"taxonomy":"post_tag","embeddable":true,"href":"https:\/\/www.rdpemancipation.org\/index.php?rest_route=%2Fwp%2Fv2%2Ftags&post=124131"}],"curies":[{"name":"wp","href":"https:\/\/api.w.org\/{rel}","templated":true}]}}