{"id":123999,"date":"2024-01-01T01:55:00","date_gmt":"2024-01-01T00:55:00","guid":{"rendered":"https:\/\/www.rdpemancipation.org\/?p=123999"},"modified":"2024-01-31T12:32:53","modified_gmt":"2024-01-31T11:32:53","slug":"janvier-social-4","status":"publish","type":"post","link":"https:\/\/www.rdpemancipation.org\/?p=123999","title":{"rendered":"Janvier &#8211; Social"},"content":{"rendered":"\n<p class=\"has-text-color has-link-color wp-elements-a656c6a0604af3ac8352c53995793cf6\" style=\"color:#f70707\"><strong>31 janvier<\/strong><\/p>\n\n\n\n<p><strong><a href=\"https:\/\/www.youtube.com\/watch?v=ZDp6aRphulY&amp;ab_channel=BLAST%2CLesouffledel%27info\">Agriculteurs : \u201cil faut tordre le bras \u00e0 la grande distribution et \u00e0 l\u2019agro-industrie -vid\u00e9o-<\/a> (Blast)<\/strong><\/p>\n\n\n\n<p><strong><a href=\"https:\/\/www.force-ouvriere.fr\/education-nationale-en-greve-le-1er-fevrier-les-personnels\">Education nationale&nbsp;: en gr\u00e8ve le 1<sup>er<\/sup>&nbsp;f\u00e9vrier, les personnels sonnent l\u2019alarme<\/a> (FO)<\/strong><\/p>\n\n\n\n<p><a href=\"https:\/\/reporterre.net\/Couper-la-foret-pour-faire-voler-les-avions-dans-les-Pyrenees-la-resistance-s-organise\">Couper la for\u00eat pour faire voler les avions&nbsp;: dans les Pyr\u00e9n\u00e9es, la r\u00e9sistance s\u2019organise<\/a> (Reporterre)<\/p>\n\n\n\n<p><a href=\"https:\/\/www.lindependant.fr\/2024\/01\/30\/perpignan-les-eboueurs-appeles-a-se-mettre-en-greve-ce-jeudi-1er-fevrier-11731197.php\">Perpignan : les \u00e9boueurs appel\u00e9s \u00e0 se mettre en gr\u00e8ve ce jeudi 1er f\u00e9vrier<\/a> (L\u2019ind\u00e9pendant)<\/p>\n\n\n\n<p><a href=\"https:\/\/france3-regions.francetvinfo.fr\/bourgogne-franche-comte\/saone-et-loire\/toujours-pas-d-augmentation-pourquoi-la-greve-pourrait-reprendre-au-centre-d-appels-konecta-de-chalon-sur-saone-2915070.html\">Pourquoi la gr\u00e8ve pourrait reprendre au centre d&rsquo;appels Konecta de Chalon-sur-Sa\u00f4ne<\/a> (franceinfo)<\/p>\n\n\n\n<p><strong>Monde<\/strong><\/p>\n\n\n\n<p><a href=\"https:\/\/www.wsws.org\/fr\/articles\/2024\/01\/30\/ylmk-j30.html\">Les conducteurs de train <strong>allemands<\/strong> demandent l\u2019extension de leur gr\u00e8ve<\/a> (WSWS)<\/p>\n\n\n\n<p><a href=\"https:\/\/www.lalibre.be\/international\/europe\/2024\/01\/30\/allemagne-appel-a-la-greve-jeudi-dans-la-plupart-des-aeroports-SNXOLO72RBBZXPQTMSDE7EICIA\/\"><strong>Allemagne<\/strong>: appel \u00e0 la gr\u00e8ve jeudi dans la plupart des a\u00e9roports<\/a> (La Libre)<\/p>\n\n\n\n<p><strong>Analyse<\/strong><\/p>\n\n\n\n<p><a href=\"https:\/\/www.monde-diplomatique.fr\/2024\/02\/BREVILLE\/66550\">La r\u00e9volte des tracteurs<\/a>\u00a0(Le Monde diplomatique)<\/p>\n\n\n\n<p><strong><a href=\"https:\/\/lessoulevementsdelaterre.org\/fr-fr\/blog\/mouvement-agricole-communique-soulevements\">Position et appel des Soul\u00e8vements de la Terre sur le mouvement agricole en cour<\/a>s (SDT)<\/strong><\/p>\n\n\n\n<p><a href=\"https:\/\/www.revue-ballast.fr\/pierre-bergounioux-la-litterature-est-par-essence-dissidente-1-2\/\">Pierre Bergounioux&nbsp;: \u00ab&nbsp;La litt\u00e9rature est par essence dissidente&nbsp;\u00bb [1\/2]<\/a> (Ballast)<\/p>\n\n\n\n<p><a href=\"https:\/\/www.monde-diplomatique.fr\/2024\/02\/BREVILLE\/66550\">La r\u00e9volte des tracteurs<\/a> (Le Monde Diplomatique)<\/p>\n\n\n\n<p><strong><a href=\"https:\/\/www.revolutionpermanente.fr\/Generalisation-du-RSA-conditionne-une-offensive-historique-contre-le-monde-du-travail\">G\u00e9n\u00e9ralisation du RSA conditionn\u00e9&nbsp;: une offensive historique contre le monde du travail<\/a> (RP)<\/strong><\/p>\n\n\n\n<p><strong><a href=\"https:\/\/lvsl.fr\/raphael-glucksmann-nouvel-enfant-prodige-de-la-bourgeoisie-de-gauche\/\">Rapha\u00ebl Glucksmann, nouvel enfant prodige de la bourgeoisie de gauche<\/a> (LVSL)<\/strong><\/p>\n\n\n\n<p><a href=\"https:\/\/rapportsdeforce.fr\/pouvoir-et-contre-pouvoir\/gabriel-attal-les-six-themes-sur-lesquels-il-faudra-se-battre-013020298\">Gabriel Attal : les six th\u00e8mes sur lesquels il faudra se battre<\/a> (Rapports de force)<\/p>\n\n\n\n<p><a href=\"https:\/\/theconversation.com\/sanction-contre-amazon-comment-penser-la-surveillance-des-salaries-sans-tomber-dans-lexces-222222\">Sanction contre Amazon : comment penser la surveillance des salari\u00e9s sans tomber dans l\u2019exc\u00e8s&nbsp;?<\/a> (The conversation)<\/p>\n\n\n\n<p class=\"has-text-color has-link-color wp-elements-6aa4ca2a06ba2f7bb8e0066d2ffad2b4\" style=\"color:#f40808\"><strong>30 janvier<\/strong><\/p>\n\n\n\n<p><strong><a href=\"https:\/\/france3-regions.francetvinfo.fr\/paris-ile-de-france\/paris\/ratp-la-cgt-depose-un-preavis-de-greve-de-fevrier-a-septembre-2915352.html\">RATP&nbsp;: la CGT d\u00e9pose un pr\u00e9avis de gr\u00e8ve de f\u00e9vrier \u00e0 septembre<\/a> (franceinfo)<\/strong><\/p>\n\n\n\n<p><a href=\"https:\/\/lepoing.net\/fuites-et-moisissures-le-calvaire-de-locataires-dacm-habitat-a-montpellier\/\">Fuites et moisissures : le calvaire de locataires d\u2019ACM Habitat \u00e0 Montpellier<\/a> (Le Poing)<\/p>\n\n\n\n<p><a href=\"https:\/\/www.revolutionpermanente.fr\/Siege-de-Paris-la-mobilisation-des-agriculteurs-se-durcit-autour-de-la-capitale\">\u00ab&nbsp;Si\u00e8ge de Paris&nbsp;\u00bb&nbsp;: la mobilisation des agriculteurs se durcit autour de la capitale<\/a> (RP)<\/p>\n\n\n\n<p><strong><a href=\"https:\/\/www.humanite.fr\/social-et-economie\/edf\/pourquoi-les-agents-dedf-sont-en-greve-ce-mardi\">Pourquoi les agents d\u2019EDF sont en gr\u00e8ve ce mardi&nbsp;?<\/a> (l\u2019Humanit\u00e9)<\/strong><\/p>\n\n\n\n<p><a href=\"https:\/\/www.humanite.fr\/social-et-economie\/centre-pompidou\/greve-a-beaubourg-un-protocole-daccord-signe-entre-fo-cfdt-et-la-direction\">Gr\u00e8ve \u00e0 Beaubourg&nbsp;: un protocole d\u2019accord sign\u00e9 entre FO, CFDT et la direction<\/a> (l\u2019Humanit\u00e9)<\/p>\n\n\n\n<p><a href=\"https:\/\/www.force-ouvriere.fr\/sortie-de-conflit-a-l-etablissement-francais-du-sang\">Sortie de conflit \u00e0 l\u2019\u00c9tablissement fran\u00e7ais du sang<\/a> (FO)<\/p>\n\n\n\n<p><strong><a href=\"https:\/\/basta.media\/Actions-blocage-agriculteurs-ciblent-hypermarches-et-agroalimentaire-accuses-de-mal-payer-les-producteurs-Robin-des-bois\">Des actions ciblent les hypermarch\u00e9s et l\u2019agroalimentaire, accus\u00e9s de \u00ab&nbsp;mal payer&nbsp;\u00bb les agriculteurs<\/a> (Basta!)<\/strong><\/p>\n\n\n\n<p><a href=\"https:\/\/www.vosgesmatin.fr\/social\/2024\/01\/29\/greve-a-la-carriere-de-trapp-a-raon-l-etape-tous-les-camions-repartent-a-vide\">Gr\u00e8ve \u00e0 la carri\u00e8re de trapp&nbsp;\u00e0 Raon-l\u2019Etape : tous les camions repartent \u00e0 vide<\/a> (Vosges Matin)<\/p>\n\n\n\n<p><a href=\"https:\/\/www.estrepublicain.fr\/social\/2024\/01\/30\/plus-de-10-jours-de-greve-sur-le-depot-petrolier-de-saint-baussant-pres-de-pont-a-mousson\">Plus de 10 jours de gr\u00e8ve sur le d\u00e9p\u00f4t p\u00e9trolier de Saint-Baussant pr\u00e8s de Pont-\u00e0-Mousson<\/a> (L\u2019Est R\u00e9publicain)<\/p>\n\n\n\n<p><a href=\"https:\/\/france3-regions.francetvinfo.fr\/hauts-de-france\/nord-0\/vertbaudet-apres-la-greve-historique-les-salariees-de-la-relation-clientele-se-mobilisent-a-nouveau-2915223.html\">Vertbaudet : apr\u00e8s la gr\u00e8ve historique, les salari\u00e9es de la relation client\u00e8le se mobilisent \u00e0 nouveau<\/a> (franceinfo)<\/p>\n\n\n\n<p><a href=\"https:\/\/www.franceguyane.fr\/actualite\/societe-social-emploi\/crise-sociale\/greve-a-la-mairie-de-cayenne-le-point-sur-les-fermetures-detablissements-scolaires-ce-mardi-972738.php\">Gr\u00e8ve \u00e0 la mairie de Cayenne: le point sur les fermetures d\u2019\u00e9tablissements scolaires ce mardi <\/a>(France-Guyane)<\/p>\n\n\n\n<p><strong>Monde<\/strong><\/p>\n\n\n\n<p><a href=\"https:\/\/www.blast-info.fr\/articles\/2024\/terres-rebelles-histoire-de-luttes-au-chiapas-et-ailleurs-0P8vkjaHQ-qd8lo4oGfpog\">Terres Rebelles : histoire de luttes au <strong>Chiapas<\/strong> et ailleurs<\/a> (Blast)<\/p>\n\n\n\n<p><a href=\"https:\/\/www.wsws.org\/fr\/articles\/2024\/01\/30\/ylmk-j30.html\">Les conducteurs de train <strong>allemands<\/strong> demandent l\u2019extension de leur gr\u00e8ve<\/a> (WSWS)<\/p>\n\n\n\n<p><a href=\"https:\/\/www.zonebourse.com\/cours\/action\/LUFTHANSA-436827\/actualite\/Verdi-600-salaries-en-greve-aux-aeroports-de-Leipzig-et-Dresde-45830782\/\"><strong>Allemagne<\/strong> : Verdi : 600 salari\u00e9s en gr\u00e8ve aux a\u00e9roports de Leipzig et Dresde<\/a> (Zonebourse)<\/p>\n\n\n\n<p><strong>Analyse<\/strong><\/p>\n\n\n\n<p><strong><a href=\"https:\/\/lundi.am\/LA-GAUCHE-LE-PROGRES-ET-LE-PAYSAN\">La gauche, le progr\u00e8s et le paysan <\/a>(Lundi matin)<\/strong><\/p>\n\n\n\n<p><a href=\"https:\/\/www.streetpress.com\/sujet\/1706550950-financement-ecole-privee-mixite-sociale-publique-stanislas-tribune-professeure\">\u00ab Le financement de l&rsquo;\u00e9cole priv\u00e9e nuit \u00e0 la mixit\u00e9 sociale&nbsp;\u00bb<\/a> (StreetPress)<\/p>\n\n\n\n<p class=\"has-text-color has-link-color wp-elements-4640c8da7894bd72b9c764e28509811b\" style=\"color:#f70707\"><strong>29 janvier<\/strong><\/p>\n\n\n\n<p><strong><a href=\"https:\/\/www.revolutionpermanente.fr\/Billet-La-colere-paysanne-la-FNSEA-et-l-enjeu-d-une-reponse-anticapitaliste\">Billet. La col\u00e8re paysanne, la FNSEA et l\u2019enjeu d\u2019une r\u00e9ponse anticapitaliste<\/a> (RP)<\/strong><\/p>\n\n\n\n<p><a href=\"https:\/\/www.force-ouvriere.fr\/strasbourg-face-aux-difficultes-d-accueil-des-urgences-fo-hus\">Strasbourg \u2013 Face aux difficult\u00e9s d\u2019accueil des urgences, FO HUS entame une proc\u00e9dure judiciaire<\/a> (FO)<\/p>\n\n\n\n<p><a href=\"https:\/\/www.force-ouvriere.fr\/sante-au-travail-anticiper-les-evolutions-a-venir\">Sant\u00e9 au travail&nbsp;: anticiper les \u00e9volutions \u00e0 venir <\/a>(FO)<\/p>\n\n\n\n<p><a href=\"https:\/\/www.lunion.fr\/id563122\/article\/2024-01-29\/les-transports-remois-en-greve-ce-lundi\">Les transports r\u00e9mois en&nbsp; gr\u00e8ve ce lundi<\/a> (L\u2019union)<\/p>\n\n\n\n<p><a href=\"https:\/\/france3-regions.francetvinfo.fr\/grand-est\/moselle\/metz\/greve-des-taxis-nancy-et-metz-concernees-ce-lundi-29-janvier-2914703.html\">&nbsp;Col\u00e8re des chauffeurs de taxis, Nancy et Metz concern\u00e9es ce lundi 29 janvier<\/a> (franceinfo)<\/p>\n\n\n\n<p><a href=\"https:\/\/www.centrepresseaveyron.fr\/2024\/01\/29\/revendications-consequences-appel-a-la-greve-nationale-des-salaries-dedf-ce-mardi-a-quoi-sattendre-11728383.php\">Revendications, cons\u00e9quences&#8230; appel \u00e0 la gr\u00e8ve nationale des salari\u00e9s d&rsquo;EDF ce mardi, \u00e0 quoi s&rsquo;attendre ?<\/a> (Centre Presse Aveyron)<\/p>\n\n\n\n<p><a href=\"https:\/\/la1ere.francetvinfo.fr\/mayotte\/greve-et-droit-de-retrait-dans-certains-colleges-le-recteur-caillasse-a-majicavo-1460741.html\">Gr\u00e8ve et droit de retrait dans certains coll\u00e8ges, le recteur caillass\u00e9 \u00e0 Majicavo<\/a> (franceinfo)<\/p>\n\n\n\n<p><strong><a href=\"https:\/\/www.gaucherepublicaine.org\/respublica-combats\/respublica-combat-social\/chronopost-une-greve-qui-dure-depuis-deux-ans\/7435246\">Chronopost : une gr\u00e8ve qui dure depuis deux ans ! <\/a>(ReSPublica)<\/strong><\/p>\n\n\n\n<p><a href=\"https:\/\/www.ledauphine.com\/social\/2024\/01\/28\/greve-a-l-usine-sanofi-de-sisteron-a-la-suite-de-licenciements-contestes\">Gr\u00e8ve \u00e0 l\u2019usine Sanofi de Sisteron \u00e0 la suite de licenciements contest\u00e9s<\/a> (Le Dauphin\u00e9)<\/p>\n\n\n\n<p><strong>Monde<\/strong><\/p>\n\n\n\n<p><a href=\"https:\/\/vantbefinfo.com\/greve-contre-linsecurite-reveil-national-exhorte-la-population-a-rester-chez-elle\/\"><strong>Haiti<\/strong> : Gr\u00e8ve contre l\u2019ins\u00e9curit\u00e9 : R\u00e9veil national exhorte la population \u00e0 rester chez elle<\/a> (Vont Bef Info)<\/p>\n\n\n\n<p><strong>Analyse<\/strong><\/p>\n\n\n\n<p><strong><a href=\"https:\/\/basta.media\/Annie-Thebaud-Mony-Il-faut-que-droit-penal-prenne-en-compte-crimes-industriels-amiante\">\u00ab&nbsp;Il faut que le droit p\u00e9nal prenne en compte les crimes industriels&nbsp;\u00bb<\/a> (Basta!)<\/strong><\/p>\n\n\n\n<p><strong><a href=\"https:\/\/rapportsdeforce.fr\/linternationale\/lactu-des-oublie-e-s-stand-up-les-luttes-dans-lautomobile-012920284\">L\u2019actu des Oubli\u00e9.e.s : Stand-up ! Les luttes dans l\u2019automobile<\/a> (Rapports de force)<\/strong><\/p>\n\n\n\n<p class=\"has-text-color has-link-color wp-elements-7a8b87153d55d195935a0a5b718c0775\" style=\"color:#f60505\"><strong>27 janvier<\/strong><\/p>\n\n\n\n<p><a href=\"https:\/\/www.revolutionpermanente.fr\/Pressions-passe-droit-et-repression-un-machiniste-denonce-la-direction-de-Transdev-Chelles\">Pressions, \u00ab&nbsp;passe-droit&nbsp;\u00bb et r\u00e9pression&nbsp;: un machiniste d\u00e9nonce la direction de Transdev Chelles<\/a> (RP)<\/p>\n\n\n\n<p><strong><a href=\"https:\/\/www.humanite.fr\/social-et-economie\/agriculture\/colere-paysanne-gabriel-attal-annonce-des-mesures-pas-cheres-qui-ne-convainquent-pas-les-syndicats\">Col\u00e8re paysanne: Gabriel Attal annonce des mesures pas ch\u00e8res qui ne convainquent pas les syndicats<\/a> (l\u2019Humanit\u00e9)<\/strong><\/p>\n\n\n\n<p><a href=\"https:\/\/www.force-ouvriere.fr\/un-plan-peut-en-cacher-un-autre\">Un plan peut en cacher un autre<\/a> (FO)<\/p>\n\n\n\n<p><a href=\"https:\/\/brest.maville.com\/actu\/actudet_-greve-du-btp-le-pont-de-l-iroise-debloque-la-circulation-va-reprendre-_dep-6131573_actu.Htm\">Gr\u00e8ve du BTP&nbsp;: le pont de l\u2019Iroise d\u00e9bloqu\u00e9, la circulation va reprendre<\/a>&nbsp;(Ouest-France)<\/p>\n\n\n\n<p><a href=\"https:\/\/www.lefigaro.fr\/flash-eco\/finlande-une-grande-greve-dans-les-trains-et-l-energie-prevue-debut-fevrier-20240126\">Finlande&nbsp;: une grande gr\u00e8ve dans les trains et l&rsquo;\u00e9nergie pr\u00e9vue d\u00e9but f\u00e9vrier<\/a> (Le Figaro)<\/p>\n\n\n\n<p><a href=\"https:\/\/www.sudouest.fr\/economie\/social\/centres-sociaux-en-greve-en-charente-maritime-notre-seule-richesse-c-est-la-production-de-lien-social-18289338.php\">Gr\u00e8ve des centres sociaux en Charente-Maritime&nbsp;<\/a> (Sud Ouest)<\/p>\n\n\n\n<p><a href=\"https:\/\/www.franceguyane.fr\/actualite\/societe-social-emploi\/crise-sociale\/greve-a-la-mairie-de-cayenne-la-liste-des-ecoles-fermees-sallonge-972278.php\">Gr\u00e8ve \u00e0 la mairie de Cayenne : la liste des \u00e9coles ferm\u00e9es s&rsquo;allonge<\/a> (France-Guyane)<\/p>\n\n\n\n<p><a href=\"https:\/\/www.ouest-france.fr\/pays-de-la-loire\/donges-44480\/a-donges-le-depot-petrolier-de-la-sfdm-continue-la-greve-0c56cb2a-bc37-11ee-96ed-15a2bf803bd0\">Au d\u00e9p\u00f4t p\u00e9trolier de la SFDM \u00e0 Donges, la gr\u00e8ve continue<\/a> (Ouest-France)<\/p>\n\n\n\n<p><a href=\"https:\/\/france3-regions.francetvinfo.fr\/hauts-de-france\/nord-0\/greve-chez-emmaus-fin-de-la-garde-a-vue-pour-le-president-et-la-directrice-de-la-halte-saint-jean-de-saint-andre-2913446.html\">Emma\u00fcs : proc\u00e8s en vue pour le pr\u00e9sident et la directrice de la Halte Saint-Jean de Saint-Andr\u00e9<\/a> (franceinfo)<\/p>\n\n\n\n<p><a href=\"https:\/\/www.estrepublicain.fr\/social\/2024\/01\/26\/nouveau-jour-de-greve-chez-mobilites-bourgogne-franche-comte\">Nouveau jour de gr\u00e8ve pour les chauffeurs de transport scolaire<\/a> (L\u2019Est R\u00e9publicain)<\/p>\n\n\n\n<p><a href=\"https:\/\/actu.fr\/occitanie\/toulouse_31555\/aeroport-de-toulouse-bloque-peripherique-a-l-arret-la-greve-des-taxis-va-se-durcir_60618108.html\">A\u00e9roport de Toulouse bloqu\u00e9, p\u00e9riph\u00e9rique \u00e0 l&rsquo;arr\u00eat : la gr\u00e8ve des taxis va se durcir<\/a> (actu)<\/p>\n\n\n\n<p><a href=\"https:\/\/www.midilibre.fr\/2024\/01\/26\/site-nucleaire-de-marcoule-lintersyndicale-demande-la-reouverture-des-negociations-sous-peine-de-greve-en-fevrier-11722072.php\">Site nucl\u00e9aire de Marcoule : l&rsquo;intersyndicale demande la r\u00e9ouverture des n\u00e9gociations<\/a> (Midi libre)<\/p>\n\n\n\n<p><a href=\"https:\/\/www.ladepeche.fr\/2024\/01\/26\/salaires-postes-conditions-de-travail-reformes-dans-leducation-nationale-les-motifs-de-la-greve-des-syndicats-11723385.php\">Les motifs de la gr\u00e8ve des syndicats<\/a> (La D\u00e9p\u00eache)<\/p>\n\n\n\n<p><a href=\"https:\/\/solidaires.org\/connaitre-ses-droits\/solidaires-fp\/les-preavis-de-greve\/preavis-de-greve-fevrier-2024\/\">Pr\u00e9avis de gr\u00e8ve f\u00e9vrier 2024<\/a> (Solidaires)<\/p>\n\n\n\n<p><strong>Monde<\/strong><\/p>\n\n\n\n<p><strong><a href=\"https:\/\/basta.media\/Allemagne-lutte-contre-extreme-droite-nous-devons-faire-front-avec-AfD\">Les Allemands luttent contre l\u2019extr\u00eame droite, nous devons faire front avec eux<\/a> (Basta!)<\/strong><\/p>\n\n\n\n<p><a href=\"https:\/\/www.lalibre.be\/dernieres-depeches\/2024\/01\/26\/cinquieme-journee-de-greve-chez-ab-inbev-a-hoegaarden-K5KCNZX7MJEPLCUQ6Z7ZWUO6NY\/\"><strong>Belgique<\/strong> : Cinqui\u00e8me journ\u00e9e de gr\u00e8ve chez AB Inbev \u00e0 Hoegaarden<\/a> (La Libre)<\/p>\n\n\n\n<p><a href=\"https:\/\/www.msn.com\/fr-ca\/actualites\/ontario\/les-enseignants-franco-ontariens-votent-%C3%A0-93-en-faveur-d-un-mandat-de-gr%C3%A8ve\/ar-BB1hjADS\"><strong>Canada<\/strong> : Les enseignants franco-ontariens votent \u00e0 93 % en faveur d\u2019un mandat de gr\u00e8ve<\/a> (Radio Canada)<\/p>\n\n\n\n<p><strong>Analyse<\/strong><\/p>\n\n\n\n<p><strong><a href=\"https:\/\/www.politis.fr\/articles\/2024\/01\/derriere-la-colere-des-agriculteurs-la-petite-musique-de-la-convergence-des-luttes\/\">Derri\u00e8re la col\u00e8re des agriculteurs, la petite musique de la convergence des luttes<\/a> (Politis)<\/strong><\/p>\n\n\n\n<p><strong><a href=\"https:\/\/lvsl.fr\/manifestations-des-agriculteurs-la-fnsea-depassee\/\">Manifestations des agriculteurs : la FNSEA d\u00e9pass\u00e9e<\/a> (LVSL)<\/strong><\/p>\n\n\n\n<p><a href=\"https:\/\/www.streetpress.com\/sujet\/1706197340-vraie-vie-sacha-militante-ecologiste-derniere-renovation-desobeissance-civile\">La vraie vie de Sacha, militante \u00e9cologiste de Derni\u00e8re R\u00e9novation<\/a> (Street Press)<\/p>\n\n\n\n<p class=\"has-text-color has-link-color wp-elements-f6c740c84452a1ccfc5df3e3b94af486\" style=\"color:#f80606\"><strong>26 janvier<\/strong><\/p>\n\n\n\n<p><strong><a href=\"https:\/\/www.francetvinfo.fr\/economie\/crise\/blocus-des-agriculteurs\/colere-des-agriculteurs-la-cgt-appelle-ses-militants-a-rejoindre-la-mobilisation_6325452.html\">Col\u00e8re des agriculteurs : la CGT appelle ses militants \u00e0 rejoindre la mobilisation <\/a>(Franceinfo)<\/strong><\/p>\n\n\n\n<p><strong><a href=\"https:\/\/rebellyon.info\/La-Confederation-paysanne-appelle-a-se-25609\">La Conf\u00e9d\u00e9ration paysanne appelle \u00e0 se mobiliser <\/a>! (Rebellyon)<\/strong><\/p>\n\n\n\n<p><a href=\"https:\/\/reporterre.net\/Deux-porte-parole-des-Soulevements-de-la-Terre-encore-cibles-par-la-justice\">La justice cible \u00e0 nouveau les Soul\u00e8vements de la Terre<\/a> (Reporterre)<\/p>\n\n\n\n<p><a href=\"https:\/\/www.estrepublicain.fr\/social\/2024\/01\/26\/des-salaries-en-greve-au-depot-petrolier-sdfm-de-saint-baussant\">Des salari\u00e9s en gr\u00e8ve au d\u00e9p\u00f4t p\u00e9trolier SDFM de Saint-Baussant<\/a> (L\u2019Est R\u00e9publicain)<\/p>\n\n\n\n<p><a href=\"https:\/\/france3-regions.francetvinfo.fr\/bourgogne-franche-comte\/doubs\/sochaux\/nos-conges-ne-sont-pas-un-saucisson-a-decouper-en-tranches-les-salaries-de-stellantis-a-sochaux-appeles-a-faire-greve-2913149.html\">Les salari\u00e9s de Stellantis \u00e0 Sochaux appel\u00e9s \u00e0 faire gr\u00e8ve<\/a> (franceinfo)<\/p>\n\n\n\n<p><a href=\"https:\/\/www.radioscoop.com\/infos\/taxis-a-lyon-vers-une-greve-et-des-blocages-ce-lundi_293330\">Taxis \u00e0 Lyon : vers une gr\u00e8ve et des blocages ce lundi<\/a> ( Radio Scoop)<\/p>\n\n\n\n<p><a href=\"https:\/\/www.guadeloupe.franceantilles.fr\/actualite\/social\/suspensions-au-port-les-dockers-en-greve-972239.php\">Suspensions au port : les dockers en gr\u00e8ve<\/a> (France-Antilles)<\/p>\n\n\n\n<p><a href=\"https:\/\/www.paris-normandie.fr\/id487612\/article\/2024-01-25\/une-greve-de-24-heures-des-dockers-et-agents-portuaires-annoncee-dans-les-ports\">Une gr\u00e8ve de 24 heures des dockers et agents portuaires annonc\u00e9e dans les ports fran\u00e7ais<\/a> (Paris-Normandie)<\/p>\n\n\n\n<p><a href=\"https:\/\/www.franceguyane.fr\/actualite\/economie-consommation\/greve-illimitee-a-la-mairie-de-cayenne-972092.php\">Gr\u00e8ve \u00e0 la mairie de Cayenne : les \u00e9coles Boris, Hermine, Horth et Mont-Lucas ferm\u00e9es <\/a>(France-Guyane)<\/p>\n\n\n\n<p><a href=\"https:\/\/www.estrepublicain.fr\/social\/2024\/01\/25\/des-salaries-d-un-depot-petrolier-en-greve-depuis-vendredi\">Des salari\u00e9s d\u2019un d\u00e9p\u00f4t p\u00e9trolier en gr\u00e8ve depuis vendredi<\/a> (L\u2019Est R\u00e9publicain)<\/p>\n\n\n\n<p><a href=\"https:\/\/www.ladepeche.fr\/2024\/01\/25\/100-des-aides-soignants-en-greve-au-sicasmir-11720482.php\">100% des aides-soignants en gr\u00e8ve au Sicasmir<\/a> (La D\u00e9p\u00eache)<\/p>\n\n\n\n<p><a href=\"https:\/\/www.sudouest.fr\/economie\/social\/bordeaux-deux-syndicats-obtiennent-la-condamnation-de-la-poste-pour-des-pratiques-antigreve-18297662.php\">Bordeaux&nbsp;: deux syndicats obtiennent la condamnation de la Poste pour des pratiques \u00ab&nbsp;antigr\u00e8ve&nbsp;\u00bb<\/a> (Sud Ouest)<\/p>\n\n\n\n<p><a href=\"https:\/\/www.lamarseillaise.fr\/social\/negociations-sous-l-il-de-l-inspection-du-travail-a-pamar-JP15382182\">N\u00e9gociations sous l\u2019\u0153il de l\u2019inspection du travail \u00e0 Pamar<\/a> (La Marseillaise)<\/p>\n\n\n\n<p><strong>Monde<\/strong><\/p>\n\n\n\n<p><strong><a href=\"https:\/\/www.wsws.org\/fr\/articles\/2024\/01\/26\/bwzl-j26.html\">Tata Steel va supprimer 2 800 emplois au Royaume-Uni, d\u00e9cimant les emplois \u00e0 l&rsquo;usine de Port Talbot<\/a> (WSWS)<\/strong><\/p>\n\n\n\n<p><a href=\"https:\/\/www.zonebourse.com\/cours\/action\/LUFTHANSA-436827\/actualite\/Debut-de-la-greve-chez-Discover-Airlines-filiale-de-Lufthansa-45818686\/\"><strong>Allemagne<\/strong> : D\u00e9but de la gr\u00e8ve chez Discover Airlines, filiale de Lufthansa<\/a> (Zonebourse)<\/p>\n\n\n\n<p><a href=\"https:\/\/www.msn.com\/fr-fr\/voyage\/actualite\/p%C3%A9rou-une-gr%C3%A8ve-ralentit-lactivit%C3%A9-touristique-au-machu-picchu\/ar-BB1hgiwg\"><strong>P\u00e9rou<\/strong>: une gr\u00e8ve ralentit l&rsquo;activit\u00e9 touristique au Machu Picchu<\/a> (AFP)<\/p>\n\n\n\n<p><a href=\"https:\/\/www.msn.com\/fr-fr\/video\/regarder\/allemagne-80-des-trains-longue-distance-%C3%A0-larr%C3%AAt\/vi-BB1heMwh#\"><strong>Allemagne<\/strong> : 80% des trains longue distance \u00e0 l\u2019arr\u00eat<\/a> (Euronews)<\/p>\n\n\n\n<p><a href=\"https:\/\/audioblog.arteradio.com\/blog\/157476\/podcast\/220331\/saison-iv-episode-8-stand-up\"><strong>USA<\/strong> L\u2019Actu des Oubli\u00e9.es \u2013 Saison IV \u2022&nbsp; 8 \u2022 Stand Up! Automobiles<\/a>&nbsp;(Arte radio)<\/p>\n\n\n\n<p><strong>Analyse<\/strong><\/p>\n\n\n\n<p><strong><a href=\"https:\/\/www.frustrationmagazine.fr\/agriculteurs-colere\/\">Pourquoi nous sommes tous des paysans en col\u00e8re<\/a> (Frustration)<\/strong><\/p>\n\n\n\n<p><a href=\"https:\/\/basta.media\/Eat-ne-se-donne-pas-moyens-de-lutter-contre-fleau-accidents-du-travail\">\u00ab&nbsp;L\u2019\u00c9tat ne se donne pas les moyens de lutter contre le fl\u00e9au des accidents du travail&nbsp;\u00bb<\/a> (Basta!)<\/p>\n\n\n\n<p><strong><a href=\"https:\/\/www.blast-info.fr\/articles\/2024\/fnsea-le-gouvernement-au-chevet-des-agro-terroristes-3wlaVchPSsKs5TyxFNoT9w\">FNSEA : Le gouvernement au chevet des \u00ab agro-terroristes \u00bb<\/a> (Blast)<\/strong><\/p>\n\n\n\n<p><a href=\"https:\/\/www.revue-ballast.fr\/forets-publiques-luttes-collectives-rencontre-avec-le-forestier-daniel-pons\/\">For\u00eats publiques, luttes collectives&nbsp;: rencontre avec le forestier Daniel Pons<\/a> (Ballast)<\/p>\n\n\n\n<p class=\"has-text-color has-link-color wp-elements-d6a1b9ea63a767b8fc829ca9c9b36766\" style=\"color:#f60606\"><strong>25 janvier<\/strong><\/p>\n\n\n\n<p><a href=\"https:\/\/rebellyon.info\/Rassemblement-contre-la-loi-immigration-25598\">Rassemblement antifasciste contre la loi immigration jeudi \u00e0 19h place de la Croix Rousse<\/a> (Rebellyon)<\/p>\n\n\n\n<p><strong><a href=\"https:\/\/www.revolutionpermanente.fr\/Pas-de-Calais-Bretagne-Normandie-la-mobilisation-des-agriculteurs-s-etend-et-se-durcit\">Pas-de-Calais, Bretagne, Normandie&nbsp;: la mobilisation des agriculteurs s\u2019\u00e9tend et se durcit<\/a> (RP)<\/strong><\/p>\n\n\n\n<p><a href=\"https:\/\/www.force-ouvriere.fr\/prestataires-de-services-la-negociation-salariale-tourne-a-la\">Prestataires de services&nbsp;: la n\u00e9gociation salariale tourne \u00e0 la farce<\/a> (FO)<\/p>\n\n\n\n<p><a href=\"https:\/\/www.ladepeche.fr\/2024\/01\/24\/greve-des-taxis-une-premiere-victoire-pour-les-manifestants-nouvelle-journee-de-mobilisation-prevue-le-29-janvier-11717705.php\">Gr\u00e8ve des taxis\u2005: une premi\u00e8re victoire pour les manifestants, nouvelle journ\u00e9e de mobilisation pr\u00e9vue le 29 janvier<\/a> (La D\u00e9p\u00eache)<\/p>\n\n\n\n<p><a href=\"https:\/\/www.ouest-france.fr\/pays-de-la-loire\/saumur-49400\/saumur-greve-du-jeudi-25-janvier-la-ville-met-en-place-le-droit-daccueil-01e38606-b9f3-11ee-afe8-d81ceac7fa4c\">Saumur. Gr\u00e8ve du jeudi 25&nbsp;janvier&nbsp;: la Ville met en place le droit d\u2019accueil<\/a> (Ouest-France)<\/p>\n\n\n\n<p><a href=\"https:\/\/france3-regions.francetvinfo.fr\/hauts-de-france\/nord-0\/lille\/greve-a-emmaus-le-directeur-et-la-responsable-regionale-de-la-halte-saint-jean-places-en-garde-a-vue-2912648.html\">Gr\u00e8ve \u00e0 Emma\u00fcs : le directeur et la responsable r\u00e9gionale de la Halte Saint-Jean plac\u00e9s en garde \u00e0 vue<\/a> (franceinfo)<\/p>\n\n\n\n<p><a href=\"https:\/\/www.estrepublicain.fr\/social\/2024\/01\/24\/greve-chez-alstom-la-cfdt-n-a-pas-signe-le-protocole-de-fin-de-conflit-et-le-fait-savoir-a-travers-un-tract\">Gr\u00e8ve chez Alstom&nbsp;: pourquoi la CFDT n\u2019a pas sign\u00e9 le protocole de fin de conflit<\/a> (L\u2019Est R\u00e9publicain)<\/p>\n\n\n\n<p><a href=\"https:\/\/www.francebleu.fr\/infos\/economie-social\/une-greve-dans-les-depots-petroliers-de-la-sfdm-a-donges-les-dechargements-des-tankers-paralyses-1966863\">Une gr\u00e8ve dans les d\u00e9p\u00f4ts p\u00e9troliers de la SFDM&nbsp;: \u00e0 Donges, \u00ab\u00a0les d\u00e9chargements des tankers paralys\u00e9s\u00a0\u00bb<\/a> (ici)<\/p>\n\n\n\n<p><a href=\"https:\/\/www.francebleu.fr\/infos\/economie-social\/la-greve-est-terminee-chez-teisseire-a-crolles-1087540\">La gr\u00e8ve est termin\u00e9e chez Teisseire \u00e0 Crolles<\/a> (ici)<\/p>\n\n\n\n<p><a href=\"https:\/\/www.usinenouvelle.com\/article\/en-nouvelle-caledonie-des-salaries-du-nickel-en-greve-sur-fond-de-risque-de-bombe-sociale.N2207004\">En Nouvelle-Cal\u00e9donie, des salari\u00e9s du nickel en gr\u00e8ve sur fond de risque de bombe sociale<\/a> (L\u2019usine nouvelle)<\/p>\n\n\n\n<p><strong>Monde<\/strong><\/p>\n\n\n\n<p><a href=\"https:\/\/www.wsws.org\/fr\/articles\/2024\/01\/24\/chkv-j24.html\">L\u2019Alliance ouvri\u00e8re <strong>internationale<\/strong> des comit\u00e9s de base tient une r\u00e9union d\u2019urgence en ligne pour organiser la lutte contre les suppressions massives d\u2019emplois<\/a> (WSWS)<\/p>\n\n\n\n<p><a href=\"https:\/\/www.zonebourse.com\/cours\/action\/LUFTHANSA-436827\/actualite\/Le-personnel-navigant-fait-greve-vendredi-chez-Discover-filiale-de-Lufthansa-45806117\/\"><strong>Allemagne<\/strong> : Le personnel navigant fait gr\u00e8ve vendredi chez Discover, filiale de Lufthansa<\/a> (Zonebourse)<\/p>\n\n\n\n<p><strong><a href=\"https:\/\/www.letemps.ch\/monde\/les-argentins-prennent-la-rue-le-nouveau-president-javier-milei-face-a-sa-premiere-greve-generale\">Les Argentins prennent la rue: le nouveau pr\u00e9sident Javier Milei face \u00e0 sa premi\u00e8re gr\u00e8ve g\u00e9n\u00e9rale<\/a> (Le Temps)<\/strong><\/p>\n\n\n\n<p><a href=\"https:\/\/www.msn.com\/fr-be\/actualite\/other\/brussels-airlines-gr%C3%A8ve-spontan%C3%A9e-au-sein-du-service-de-maintenance\/ar-BB1hbrRE\"><strong>Belgique<\/strong> : Brussels Airlines : gr\u00e8ve spontan\u00e9e au sein du service de maintenance<\/a> (Le Soir)<\/p>\n\n\n\n<p><strong><a href=\"https:\/\/information.tv5monde.com\/international\/video\/greve-totale-des-trains-en-allemagne-historique-2704359\">Gr\u00e8ve totale des trains en Allemagne, historique <\/a>(TV5 Monde)<\/strong><\/p>\n\n\n\n<p><strong>Analyse<\/strong><\/p>\n\n\n\n<p><a href=\"https:\/\/www.frustrationmagazine.fr\/logement\/\">Comment notre gouvernement marginalise les locataires pr\u00e9caires et les sans-abri<\/a> (Frustration)<\/p>\n\n\n\n<p><strong><a href=\"https:\/\/www.inegalites.fr\/Dossier-d-actu-Chiffres-cles-sur-les-salaires\">Dossier d\u2019actu | Chiffres cl\u00e9s sur les salaires<\/a> (Observatoire des in\u00e9galit\u00e9s)<\/strong><\/p>\n\n\n\n<p><a href=\"https:\/\/www.blast-info.fr\/articles\/2024\/fnsea-le-gouvernement-au-chevet-des-agro-terroristes-3wlaVchPSsKs5TyxFNoT9w\">FNSEA : Le gouvernement au chevet des \u00ab agro-terroristes \u00bb<\/a> (Blast)<\/p>\n\n\n\n<p class=\"has-text-color has-link-color wp-elements-6b6cf9108716154bcf5f9f0db0027d18\" style=\"color:#f80b0b\"><strong>24 janvier<\/strong><\/p>\n\n\n\n<p><strong><a href=\"https:\/\/france.attac.org\/actus-et-medias\/le-flux\/article\/deux-portes-paroles-des-soulevements-de-la-terre-auditionne-es-par-la-police\">Deux portes-paroles des Soul\u00e8vements de la terre auditionn\u00e9\u00b7es par la police suite \u00e0 la commission d\u2019enqu\u00eate parlementaire sur les \u00ab&nbsp;groupuscules violents&nbsp;\u00bb<\/a> (Attac)<\/strong><\/p>\n\n\n\n<p><a href=\"https:\/\/lepoing.net\/cette-semaine-dans-lherault-antifascisme-mobilisations-agricoles\/\">Cette semaine dans l\u2019H\u00e9rault : antifascisme, mobilisations agricoles<\/a> (Le Poing)<\/p>\n\n\n\n<p><a href=\"https:\/\/paris-luttes.info\/loi-darmanin-le-25-janvier-17779\">Loi Darmanin&nbsp;: le 25&nbsp;janvier, bloquons le pays&nbsp;!<\/a> (Paris-Luttes info)<\/p>\n\n\n\n<p><a href=\"https:\/\/rebellyon.info\/LA-ZAD-EST-VIVANTE-FACE-A-UNE-REPRESSION-25594\">LA&nbsp;ZAD&nbsp;du Crem\u2019arbre est vivante face a une r\u00e9pression abjecte<\/a> (Rebellyon)<\/p>\n\n\n\n<p><strong><a href=\"https:\/\/www.revolutionpermanente.fr\/La-colere-des-petits-agriculteurs-est-legitime-il-faut-degager-la-FNSEA-et-se-lier-aux-ouvriers\">La col\u00e8re des petits agriculteurs est l\u00e9gitime&nbsp;: il faut d\u00e9gager la FNSEA et se lier aux ouvriers<\/a> (RP)<\/strong><\/p>\n\n\n\n<p><strong><a href=\"https:\/\/www.humanite.fr\/social-et-economie\/amazon\/amazon-condamnee-a-payer-32-millions-deuros-pour-le-flicage-de-ses-salaries\">Amazon condamn\u00e9e \u00e0 payer 32&nbsp;millions d\u2019euros pour le flicage de ses salari\u00e9s<\/a> (l\u2019Humanit\u00e9)<\/strong><\/p>\n\n\n\n<p><a href=\"https:\/\/www.leberry.fr\/bourges-18000\/loisirs\/greve-des-enseignants-le-1er-fevrier-le-cher-pourrait-perdre-19-postes-dans-les-ecoles-a-la-rentree-2024-selon-l-intersyndicale_14440273\/\">Gr\u00e8ve des enseignants le 1er f\u00e9vrier : le Cher pourrait perdre 19 postes dans les \u00e9coles \u00e0 la rentr\u00e9e 2024 selon l&rsquo;intersyndicale<\/a> (Le Berry)<\/p>\n\n\n\n<p><a href=\"https:\/\/www.lyonmag.com\/article\/134194\/greve-des-enseignants-a-villeurbanne-contre-la-suppression-de-postes-de-remplacants-atsem\">Gr\u00e8ve des enseignants \u00e0 Villeurbanne contre la suppression de postes de rempla\u00e7ants (Atsem)<\/a> (Lyon Mag)<\/p>\n\n\n\n<p><a href=\"https:\/\/www.midilibre.fr\/2024\/01\/23\/situation-dans-les-ecoles-celestin-freinet-et-jean-jaures-de-bagnols-sur-ceze-apres-lappel-a-la-greve-11714796.php\">Situation dans les \u00e9coles C\u00e9lestin Freinet et Jean Jaur\u00e8s de Bagnols-sur-C\u00e8ze apr\u00e8s l&rsquo;appel \u00e0 la gr\u00e8ve<\/a> (Midi Libre)<\/p>\n\n\n\n<p><a href=\"https:\/\/www.nordlittoral.fr\/198064\/article\/2024-01-23\/calais-une-cinquantaine-d-enseignants-en-greve-devant-leonard-de-vinci-medaille\">Calais: une cinquantaine d\u2019enseignants en gr\u00e8ve devant L\u00e9onard de Vinci, \u00abm\u00e9daille d\u2019or des suppressions de postes\u00bb<\/a> (Nord Littoral)<\/p>\n\n\n\n<p><a href=\"https:\/\/www.letelegramme.fr\/finistere\/brest-29200\/mouvement-social-jeudi-des-perturbations-attendues-dans-le-periscolaire-a-brest-6511337.php\">Mouvement social jeudi&nbsp;: des perturbations attendues dans le p\u00e9riscolaire \u00e0 Brest<\/a> (Le T\u00e9l\u00e9gramme)<\/p>\n\n\n\n<p><a href=\"https:\/\/pleinair.net\/actualites\/item\/10974-social-nouvelle-journee-d-action-chez-mobilite-bourgogne-franche-comte\">Social : nouvelle journ\u00e9e d&rsquo;action chez Mobilit\u00e9 Bourgogne Franche-Comt\u00e9<\/a> (Plein Air)<\/p>\n\n\n\n<p><a href=\"https:\/\/www.ouest-france.fr\/pays-de-la-loire\/bouguenais-44340\/a-bouguenais-la-colere-des-employes-municipaux-ne-retombe-pas-d1b78a70-ba0d-11ee-9be1-f8188b81091e\">A Bouguenais, la col\u00e8re des employ\u00e9s municipaux ne retombe pas<\/a> (Ouest-France)<\/p>\n\n\n\n<p><a href=\"https:\/\/www.sudouest.fr\/gironde\/cestas\/greve-a-la-plateforme-industrielle-courrier-de-la-poste-a-cestas-6e-debrayage-appel-a-la-mobilisation-nationale-18260167.php\">\u00c0 Cestas, les gr\u00e9vistes de la plateforme industrielle courrier de La Poste&nbsp;appellent \u00e0 la mobilisation nationale<\/a> (Sud-Ouest)<\/p>\n\n\n\n<p><a href=\"https:\/\/www.midilibre.fr\/2024\/01\/23\/greve-du-jeudi-25-janvier-la-liste-des-ecoles-setoises-impactees-par-le-mouvement-national-11715175.php\">Gr\u00e8ve du jeudi 25 janvier : la liste des \u00e9coles s\u00e9toises impact\u00e9es par le mouvement national <\/a>(Midi libre)<\/p>\n\n\n\n<p><a href=\"https:\/\/www.lechorepublicain.fr\/dreux-28100\/actualites\/greve-a-intelcia-a-dreux-on-perd-de-l-argent-en-venant-travailler_14440108\/\">Gr\u00e8ve \u00e0 Intelcia \u00e0 Dreux : \u00ab\u00a0On perd de l&rsquo;argent en venant travailler\u00a0\u00bb<\/a> (L\u2019Echo R\u00e9publicain)<\/p>\n\n\n\n<p><a href=\"https:\/\/actu.fr\/nouvelle-aquitaine\/bordeaux_33063\/greve-sncf-en-nouvelle-aquitaine-on-demande-a-nos-conducteurs-de-travailler-gratuitement_60600980.html\">Gr\u00e8ve SNCF en Nouvelle-Aquitaine : \u00ab\u00a0On demande \u00e0 nos conducteurs de travailler gratuitement\u00a0\u00bb<\/a> (actu)<\/p>\n\n\n\n<p><a href=\"https:\/\/saint-nazaire.maville.com\/actu\/actudet_-greve-des-municipaux-a-bouguenais-la-prime-pouvoir-d-achat-toujours-en-cause-_dep-6125976_actu.Htm\">Gr\u00e8ve des municipaux&nbsp;: \u00e0 Bouguenais, la prime pouvoir d\u2019achat toujours en cause<\/a>&nbsp;(Ouest-France)<\/p>\n\n\n\n<p><a href=\"https:\/\/actu.fr\/normandie\/la-hague_50041\/nucleaire-orano-la-hague-l-intersyndicale-maintient-l-appel-a-la-greve_60603691.html\">Nucl\u00e9aire. Orano La Hague : l&rsquo;intersyndicale maintient l&rsquo;appel \u00e0 la gr\u00e8ve<\/a> (actu)<\/p>\n\n\n\n<p><a href=\"https:\/\/www.lunion.fr\/id561150\/article\/2024-01-23\/la-cimenterie-de-couvrot-subit-la-greve-et-un-marche-en-baisse\">La cimenterie de Couvrot subit la gr\u00e8ve et un march\u00e9 en baisse<\/a> (actu)<\/p>\n\n\n\n<p><a href=\"https:\/\/www.centre-presse.fr\/article-884835-technopole-du-futuroscope-des-salaries-des-centres-d-apos-appels-armatis-lc-et-konecta-en-greve.html\">Technopole du Futuroscope&nbsp;: des salari\u00e9s des centres d&rsquo;appels Armatis LC et Konecta en gr\u00e8ve<\/a> (Centre-Presse)<\/p>\n\n\n\n<p><a href=\"https:\/\/www.lelezard.com\/communique-21228800.html\">Les chauffeuses et chauffeurs d&rsquo;autobus chez Ro-Bus \u00e0 Ch\u00e2teauguay d\u00e9clenchent la gr\u00e8ve <\/a>(Le L\u00e9zard)<\/p>\n\n\n\n<p><a href=\"https:\/\/www.republicain-lorrain.fr\/social\/2024\/01\/23\/les-salariees-du-cercle-konecta-en-greve\">Les salari\u00e9es du centre d&rsquo;appels Cercle Konecta en gr\u00e8ve<\/a> (Le RL)<\/p>\n\n\n\n<p><a href=\"https:\/\/www.lavoixdunord.fr\/1422111\/article\/2024-01-23\/avenir-de-valdunes-pas-de-greve-trith-saint-leger-les-salaries-temporisent\">Avenir de Valdunes&nbsp;: pas de gr\u00e8ve \u00e0 Trith-Saint-L\u00e9ger, les salari\u00e9s temporisent<\/a> (La Voix du Nord)<\/p>\n\n\n\n<p><strong>Monde<\/strong><\/p>\n\n\n\n<p><strong><a href=\"https:\/\/bellaciao.org\/Femmes-en-lutte-au-Chili-projection-de-Hoy-y-no-manana-de-Josefina-Morande\">Femmes en lutte au Chili&nbsp;: projection de \u00ab\u00a0Hoy y no ma\u00f1ana\u00a0\u00bb de Josefina Morand\u00e9 Jeudi 25 janvier 2024<\/a> (Bellaciao)<\/strong><\/p>\n\n\n\n<p><a href=\"https:\/\/www.lesoir.be\/563356\/article\/2024-01-23\/allemagne-une-greve-de-six-jours-assomme-une-deutsche-bahn-deja-tres-fragile\"><strong>Allemagne<\/strong>&nbsp;: une gr\u00e8ve de six jours assomme une Deutsche Bahn d\u00e9j\u00e0 tr\u00e8s fragile<\/a> (Le Soir)<\/p>\n\n\n\n<p><a href=\"https:\/\/www.la-croix.com\/un-cinquieme-des-journalistes-du-los-angeles-times-licencies-greve-chez-ceux-de-conde-nast-20240123\"><strong>Etats-Unis<\/strong> &#8211; Un cinqui\u00e8me des journalistes du Los Angeles Times licenci\u00e9s, gr\u00e8ve chez ceux de Cond\u00e9 Nast<\/a> (La Croix)<\/p>\n\n\n\n<p><a href=\"https:\/\/www.msn.com\/fr-be\/finance\/other\/ab-inbev-les-n%C3%A9gociations-entre-la-direction-et-les-syndicats-%C3%A9chouent-la-gr%C3%A8ve-continue\/ar-BB1h90ix\"><strong>Belgique<\/strong> : AB InBev : les n\u00e9gociations entre la direction et les syndicats \u00e9chouent, la gr\u00e8ve continue<\/a> (Le Soir)<\/p>\n\n\n\n<p><a href=\"https:\/\/www.pressafrik.com\/Greve-de-la-faim-des-ex-travailleurs-de-Sotrac-Sias-et-Ama-Senegal-six-6-evacuations-dont-1-dans-un-etat-critique_a267706.html\">S\u00e9n\u00e9gal : Gr\u00e8ve de la faim des ex-travailleurs de Sotrac, Sias et Ama S\u00e9n\u00e9gal : six (6) \u00e9vacuations dont 1 dans un \u00e9tat critique<\/a> (Press Afrik)<\/p>\n\n\n\n<p><a href=\"https:\/\/www.humanite.fr\/monde\/californie\/etats-unis-pourquoi-29-000-universitaires-californiens-se-sont-mis-en-greve\"><strong>\u00c9tats-Unis<\/strong>&nbsp;: pourquoi 29 000 universitaires californiens se sont mis en gr\u00e8ve ?<\/a> (l\u2019Humanit\u00e9)<\/p>\n\n\n\n<p><a href=\"https:\/\/www.zonebourse.com\/cours\/action\/LUFTHANSA-436827\/actualite\/Les-pilotes-allemands-votent-en-faveur-d-une-greve-chez-Lufthansa-s-Discover-syndicat-45792457\/\">Les pilotes <strong>allemands<\/strong> votent en faveur d&rsquo;une gr\u00e8ve chez Lufthansa&rsquo;s Discover &#8211; syndicat<\/a> (Zonebourse)<\/p>\n\n\n\n<p><strong>Analyse<\/strong><\/p>\n\n\n\n<p><strong><a href=\"https:\/\/reporterre.net\/L-ecologie-bouc-emissaire-de-la-colere-agricole\">L\u2019\u00e9cologie, bouc \u00e9missaire de la col\u00e8re agricole<\/a> (Reporterre)<\/strong><\/p>\n\n\n\n<p><a href=\"https:\/\/www.revue-ballast.fr\/harmonies-revolutionnaires-une-discussion-avec-le-musicien-stefan-christoff\/\">Harmonies r\u00e9volutionnaires&nbsp;: discussion avec le musicien Stefan Christoff<\/a> (Ballast)<\/p>\n\n\n\n<p><strong><a href=\"https:\/\/lanticapitaliste.org\/actualite\/politique\/mobiliser-les-classes-populaires-face-au-pouvoir-imperialiste-de-macron\">Mobiliser les classes populaires face au pouvoir imp\u00e9rialiste de Macron<\/a> (l\u2019Anticapitaliste)<\/strong><\/p>\n\n\n\n<p class=\"has-text-color has-link-color wp-elements-048eb40b1343e26e0ae65ae36094e4bb\" style=\"color:#f80707\"><strong>23 janvier<\/strong><\/p>\n\n\n\n<p><a href=\"https:\/\/www.liberation.fr\/environnement\/agriculture\/les-agriculteurs-en-colere-recus-a-matignon-pas-de-solutions-concretes-annoncees-le-mouvement-continue-20240122_DSTPEE7FBRGWHJMM7P6PSCK54M\/\">Les agriculteurs en col\u00e8re re\u00e7us \u00e0 Matignon&nbsp;<\/a>(Lib\u00e9ration)<\/p>\n\n\n\n<p><a href=\"https:\/\/lepoing.net\/montpellier-les-deux-syndicalistes-dauchan-perols-ne-seront-pas-licencies\/\">Montpellier : les deux syndicalistes d\u2019Auchan P\u00e9rols ne seront pas licenci\u00e9s<\/a> (Le Poing)<\/p>\n\n\n\n<p><a href=\"https:\/\/www.force-ouvriere.fr\/pimkie-stop-au-massacre\">Pimkie&nbsp;: Stop au massacre&nbsp;<\/a>! (FO)<\/p>\n\n\n\n<p><a href=\"https:\/\/reporterre.net\/Detruite-par-les-gendarmes-la-zad-de-l-A69-resiste\">D\u00e9truite par les gendarmes, la zad de l\u2019A69 r\u00e9siste<\/a> (Reporterre)<\/p>\n\n\n\n<p><strong><a href=\"https:\/\/rapportsdeforce.fr\/breves\/edf-lintersyndicale-appelle-a-une-greve-pour-les-salaires-le-30-janvier-012220216\">EDF : l\u2019intersyndicale appelle \u00e0 une gr\u00e8ve pour les salaires le 30 janvier<\/a> (Rapports de force)<\/strong><\/p>\n\n\n\n<p><a href=\"https:\/\/www.radioscoop.com\/infos\/riom-les-surveillants-du-lycee-pierre-joel-bonte-sont-en-greve_293118\">Riom : les surveillants du lyc\u00e9e Jo\u00ebl sont en gr\u00e8ve<\/a> (Radio Scoop)<\/p>\n\n\n\n<p><a href=\"https:\/\/www.ouest-france.fr\/pays-de-la-loire\/angers-49000\/la-greve-de-brancardiers-du-chu-dangers-se-poursuit-c51ffa92-b948-11ee-b555-02d8a57a04de\">La gr\u00e8ve de brancardiers du CHU d\u2019Angers se poursuit<\/a> (Ouest-France)<\/p>\n\n\n\n<p><a href=\"https:\/\/www.vousnousils.fr\/2024\/01\/22\/greve-du-1er-fevrier-les-lycees-professionnels-se-joignent-au-mouvement-681647\">Gr\u00e8ve du 1er f\u00e9vrier&nbsp;: les lyc\u00e9es professionnels se joignent au mouvement<\/a> (VNI)<\/p>\n\n\n\n<p><a href=\"https:\/\/www.nordlittoral.fr\/198017\/article\/2024-01-22\/calais-greve-hqe-le-23-janvier-contre-les-suppressions-de-postes\">Calais: gr\u00e8ve \u00e0 HQE le 23 janvier contre les suppressions de postes<\/a> (La voix du Nord<\/p>\n\n\n\n<p><a href=\"https:\/\/france3-regions.francetvinfo.fr\/normandie\/seine-maritime\/rouen\/pourquoi-les-agents-du-service-cardiologie-du-chu-de-rouen-sont-en-greve-2911202.html\">Pourquoi les agents du service cardiologie du CHU de Rouen sont en gr\u00e8ve<\/a> (franceinfo)<\/p>\n\n\n\n<p><a href=\"https:\/\/www.bienpublic.com\/education\/2024\/01\/22\/au-castel-des-enseignants-en-greve-face-a-la-baisse-des-moyens-pedagogiques-pqfj\">Au Castel, des enseignants en gr\u00e8ve \u00ab&nbsp;face \u00e0 la baisse des moyens p\u00e9dagogiques&nbsp;\u00bb<\/a> ( Le Bien Public)<\/p>\n\n\n\n<p><a href=\"https:\/\/la1ere.francetvinfo.fr\/polynesie\/tahiti\/polynesie-francaise\/nlle-caledonie-usines-de-nickel-en-quasi-faillite-appel-a-la-greve-generale-jeudi-1459223.html\">Nlle-Cal\u00e9donie : usines de nickel en quasi-faillite, appel \u00e0 la gr\u00e8ve g\u00e9n\u00e9rale jeudi<\/a> (franceinfo)<\/p>\n\n\n\n<p><a href=\"https:\/\/brest.maville.com\/actu\/actudet_-dans-le-finistere-les-salaries-de-mademoiselle-desserts-sont-en-greve-depuis-le-18-janvier-_fil-6123892_actu.Htm\">Dans le Finist\u00e8re, les salari\u00e9s de Mademoiselle Desserts sont en gr\u00e8ve depuis le 18&nbsp;janvier<\/a>&nbsp;(Ouest-France)<\/p>\n\n\n\n<p><a href=\"https:\/\/www.laprovence.com\/article\/region\/1514762705883416\/sorgues-chez-eurenco-la-cgt-reclame-des-hausses-de-salaire-et-des-embauches\">Sorgues : chez Eurenco, la CGT r\u00e9clame des hausses de salaire et des embauches<\/a> (La Provence)<\/p>\n\n\n\n<p><a href=\"https:\/\/www.paris-normandie.fr\/id486347\/article\/2024-01-22\/evreux-les-agents-de-la-poste-en-greve-nous-pousse-bout\">\u00c0 \u00c9vreux, les agents de La Poste en gr\u00e8ve&nbsp;: \u00ab&nbsp;On nous pousse \u00e0 bout&nbsp;!&nbsp;\u00bb<\/a> (Paris-Normandie)<\/p>\n\n\n\n<p><a href=\"https:\/\/www.lejdc.fr\/clamecy-58500\/actualites\/les-enseignants-et-personnels-du-college-giroud-de-villette-de-clamecy-en-greve-denoncent-un-profond-mal-etre-general_14439466\/\">Les enseignants et personnels du coll\u00e8ge Giroud-de-Villette de Clamecy, en gr\u00e8ve<\/a> (JDC)<\/p>\n\n\n\n<p><a href=\"https:\/\/www.ladepeche.fr\/2024\/01\/23\/manifestation-des-taxis-a-toulouse-des-bouchons-a-prevoir-mercredi-sur-le-peripherique-et-en-centre-ville-11712755.php\">Manifestation des taxis \u00e0 Toulouse<\/a> (La D\u00e9p\u00eache)<\/p>\n\n\n\n<p><strong>Monde<\/strong><\/p>\n\n\n\n<p><a href=\"https:\/\/www.revolutionpermanente.fr\/24-janvier-suivez-la-greve-nationale-en-Argentine-en-direct-sur-Revolution-Permanente\">24 janvier&nbsp;: suivez la gr\u00e8ve nationale en <strong>Argentine<\/strong> en direct sur R\u00e9volution Permanente<\/a> (RP)<\/p>\n\n\n\n<p><a href=\"https:\/\/www.msn.com\/fr-ca\/finances\/affaires\/une-gr%C3%A8ve-paralyse-une-partie-du-transport-en-commun-dans-le-grand-vancouver\/ar-BB1h4QUs\"><strong>Canada<\/strong> : Une gr\u00e8ve paralyse une partie du transport en commun dans le Grand Vancouver<\/a> (Radio Canada)<\/p>\n\n\n\n<p><a href=\"https:\/\/www.msn.com\/fr-be\/actualite\/other\/gr%C3%A8ve-des-conducteurs-de-train-en-allemagne-la-belgique-impact%C3%A9e\/ar-BB1h5bUi\">Gr\u00e8ve des conducteurs de train en <strong>Allemagne<\/strong> : la Belgique impact\u00e9e<\/a> (Le Soir)<\/p>\n\n\n\n<p><a href=\"https:\/\/www.lapresse.ca\/affaires\/entreprises\/2024-01-22\/mine-du-lac-bloom\/les-metallos-se-dotent-d-un-mandat-de-greve-a-98-6.php\"><strong>Canada<\/strong> : Mine du lac Bloom&nbsp;Les M\u00e9tallos se dotent d\u2019un mandat de gr\u00e8ve \u00e0 98,6&nbsp;%<\/a> (La Presse)<\/p>\n\n\n\n<p><strong><a href=\"https:\/\/www.wsws.org\/fr\/articles\/2024\/01\/23\/pnaj-j23.html\">Plus d&rsquo;un million de personnes manifestent en Allemagne contre le retour du fascisme<\/a> (WSWS)<\/strong><\/p>\n\n\n\n<p><strong>Analyse<\/strong><\/p>\n\n\n\n<p><strong><a href=\"https:\/\/www.frustrationmagazine.fr\/comprendre-chomage\/\">Vous ne comprenez rien au ch\u00f4mage ? C\u2019est le but<\/a> (Frustration)<\/strong><\/p>\n\n\n\n<p><a href=\"https:\/\/lundi.am\/Theses-sur-le-concept-de-competence-3-3\">Th\u00e8ses sur le concept de comp\u00e9tence<\/a> (3\/3)<\/p>\n\n\n\n<p><strong><a href=\"https:\/\/www.humanite.fr\/social-et-economie\/agriculteurs\/a-la-tete-de-la-fnsea-qui-est-arnaud-rousseau-le-businessman-qui-voulait-passer-pour-un-paysan\">\u00c0 la t\u00eate de la FNSEA, qui est Arnaud Rousseau, le businessman qui voulait passer pour un paysan&nbsp;?<\/a> (l\u2019Humanit\u00e9)<\/strong><\/p>\n\n\n\n<p class=\"has-text-color has-link-color wp-elements-5bdc3abb3ec5a5bb5893a17098e0196c\" style=\"color:#f90101\"><strong>22 janvier<\/strong><\/p>\n\n\n\n<p><a href=\"https:\/\/www.revolutionpermanente.fr\/150-000-personnes-contre-la-loi-immigration-apres-la-mobilisation-reussie-la-bataille-doit-se\">150 000 personnes contre la loi immigration&nbsp;: apr\u00e8s la mobilisation r\u00e9ussie, la bataille doit se poursuivre<\/a> (RP)<\/p>\n\n\n\n<p><strong><a href=\"https:\/\/www.humanite.fr\/politique\/agriculture-intensive\/les-grands-cerealiers-ne-manifestent-pas-ils-sont-au-ski-les-agriculteurs-reclament-des-prix-plus-justes-la-fnsea-sattaque-aux-normes-ecologiques\">\u00ab Les grands c\u00e9r\u00e9aliers ne manifestent pas, ils sont au ski&nbsp;\u00bb<\/a> (l\u2019Humanit\u00e9)<\/strong><\/p>\n\n\n\n<p><a href=\"https:\/\/paris-luttes.info\/assemblee-feministe-transnationale-17776\">Assembl\u00e9e F\u00e9ministe Transnationale&nbsp;: r\u00e9sistances f\u00e9ministes en temps de guerre<\/a> (Paris-Luttes info)<\/p>\n\n\n\n<p><a href=\"https:\/\/www.sudouest.fr\/lot-et-garonne\/aiguillon\/lycee-d-aiguillon-une-filiere-menacee-les-enseignants-en-greve-mardi-18208857.php\">Lyc\u00e9e d\u2019Aiguillon&nbsp;: une fili\u00e8re menac\u00e9e, les enseignants en gr\u00e8ve mardi<\/a> (Sud Ouest)<\/p>\n\n\n\n<p><a href=\"https:\/\/www.leprogres.fr\/education\/2024\/01\/21\/greve-annoncee-ce-mardi-dans-les-cantines-et-periscolaires-des-ecoles-de-villeurbanne\">Gr\u00e8ve ce mardi dans les cantines et p\u00e9riscolaires, manif&rsquo; devant le Palais du travail<\/a> (Le Progr\u00e8s)<\/p>\n\n\n\n<p><a href=\"https:\/\/www.francebleu.fr\/infos\/education\/reforme-lycee-professionnel-greve-contre-la-suppression-de-la-filiere-stmg-au-lycee-duruy-de-mont-de-marsan-8110947\">Landes&nbsp;: gr\u00e8ve contre la suppression de la fili\u00e8re STMG au lyc\u00e9e Duruy de Mont-de-Marsan<\/a> (ici)<\/p>\n\n\n\n<p><a href=\"https:\/\/www.sudouest.fr\/gironde\/arveyres\/gironde-pourquoi-les-enseignants-du-college-d-arveyres-appellent-a-la-greve-18236435.php\">Gironde&nbsp;: pourquoi les enseignants du coll\u00e8ge d\u2019Arveyres appellent \u00e0 la gr\u00e8ve<\/a> (Sud Ouest)<\/p>\n\n\n\n<p><a href=\"https:\/\/www.ladepeche.fr\/2024\/01\/22\/adapei09-colere-et-inquietudes-chez-les-salaries-ariegeois-qui-se-mobilisent-11706897.php\">Adapei09\u2005: col\u00e8re et inqui\u00e9tudes chez les salari\u00e9s ari\u00e9geois, qui se mobilisent<\/a> (La D\u00e9p\u00eache)<\/p>\n\n\n\n<p><strong>Monde<\/strong><\/p>\n\n\n\n<p><a href=\"https:\/\/www.rtbf.be\/article\/les-douaniers-en-colere-poursuivront-leurs-actions-cette-semaine-11315710\"><strong>Belgique<\/strong> &#8211; Les douaniers, en col\u00e8re, poursuivront leurs actions cette semaine<\/a> (RTBF)<\/p>\n\n\n\n<p><a href=\"https:\/\/www.cbnews.fr\/medias\/image-usa-los-angeles-times-sports-illustrated-vont-licencier-81675\"><strong>USA<\/strong>&nbsp;: Le Los Angeles Times et Sports illustrated vont licencier<\/a> ( CN News)<\/p>\n\n\n\n<p><a href=\"https:\/\/www.msn.com\/fr-be\/actualite\/monde\/gr%C3%A8ve-en-allemagne-les-conducteurs-de-train-appel%C3%A9s-%C3%A0-se-croiser-les-bras-six-jours-d%C3%A8s-mercredi\/ar-BB1h3uQ5\">Gr\u00e8ve en <strong>Allemagne<\/strong> : les conducteurs de train appel\u00e9s \u00e0 se croiser les bras six jours d\u00e8s mercredi<\/a> (Le Soir)<\/p>\n\n\n\n<p><strong>Analyse<\/strong><\/p>\n\n\n\n<p><strong><a href=\"https:\/\/basta.media\/Sans-paie-sans-eau-sans-electricite-des-ouvriers-agricoles-exploites-survivent-grace-solidarite-travailleurs-saisonniers\">Sans paie, sans eau, sans \u00e9lectricit\u00e9&nbsp;: des ouvriers agricoles exploit\u00e9s survivent gr\u00e2ce \u00e0 la solidarit\u00e9<\/a> (Basta!)<\/strong><\/p>\n\n\n\n<p><a href=\"https:\/\/www.msn.com\/fr-ca\/finances\/affaires\/la-grande-d%C3%A9mission-des-travailleurs-%C3%A0-bout-de-souffle\/ar-BB1h3jug\">La \u00abgrande d\u00e9mission\u00bb des travailleurs \u00e0 bout de souffle<\/a> (Le Devoir)<\/p>\n\n\n\n<p><a href=\"https:\/\/actu.fr\/bretagne\/rennes_35238\/fabrice-lerestif-secretaire-force-ouvriere-ille-et-vilaine-vivre-c-est-lutter_60461735.html\">Fabrice Lerestif, secr\u00e9taire Force Ouvri\u00e8re Ille-et-Vilaine : \u00ab\u00a0Vivre, c&rsquo;est lutter\u00a0\u00bb<\/a> (actu)<\/p>\n\n\n\n<p class=\"has-text-color has-link-color wp-elements-e952b001e4c2f6452c98b1815d1357b6\" style=\"color:#f90808\"><strong>20 janvier<\/strong><\/p>\n\n\n\n<p><a href=\"https:\/\/www.humanite.fr\/social-et-economie\/crise\/crise-du-pret-a-porter-lavenir-sassombrit-encore-pour-pimkie-qui-prevoit-de-fermer-36-autres-magasins\">Crise du pr\u00eat-\u00e0-porter&nbsp;: l\u2019avenir s\u2019assombrit encore pour Pimkie qui pr\u00e9voit de fermer 36 autres magasins<\/a> (RP)<\/p>\n\n\n\n<p><a href=\"https:\/\/actu.fr\/pays-de-la-loire\/le-mans_72181\/greve-au-centre-de-cancerologie-de-la-sarthe-la-promesse-se-transforme-en-coquille-vide_60590463.html\">Gr\u00e8ve au centre de canc\u00e9rologie de la Sarthe : \u00ab la promesse se transforme en coquille vide \u00bb<\/a> (actu)<\/p>\n\n\n\n<p><a href=\"https:\/\/www.ouest-france.fr\/pays-de-la-loire\/le-mans-72000\/les-agents-des-mediatheques-du-mans-en-greve-ce-samedi-64eafdd6-b6f3-11ee-b555-02d8a57a04de\">Les agents des m\u00e9diath\u00e8ques du Mans en gr\u00e8ve ce samedi<\/a> (Ouest-France)<\/p>\n\n\n\n<p><a href=\"https:\/\/www.letelegramme.fr\/finistere\/saint-renan-29290\/a-saint-renan-des-salaries-de-mademoiselle-desserts-en-greve-pour-davantage-de-salaire-6508387.php\">\u00c0 Saint-Renan, des salari\u00e9s de Mademoiselle Desserts en gr\u00e8ve pour davantage de salaire<\/a> (Le T\u00e9l\u00e9gramme)<\/p>\n\n\n\n<p><a href=\"https:\/\/la1ere.francetvinfo.fr\/reunion\/greve-des-taxiteurs-a-la-reunon-la-cgss-bloquee-1458527.html\">Gr\u00e8ve des taxiteurs \u00e0 La R\u00e9union : la CGSS bloqu\u00e9e<\/a> (franceinfo)<\/p>\n\n\n\n<p><a href=\"https:\/\/www.ledauphine.com\/societe\/2024\/01\/19\/les-agents-d-entretien-d-avignon-universite-en-greve\">Les agents d\u2019entretien d\u2019Avignon Universit\u00e9 en gr\u00e8ve<\/a> (Le Dauphin\u00e9)<\/p>\n\n\n\n<p><a href=\"https:\/\/www.lejdc.fr\/decize-58300\/actualites\/apres-7-jours-de-greve-la-production-a-ete-relancee-a-anvis-a-decize_14438270\/\">Apr\u00e8s 7 jours de gr\u00e8ve, la production a \u00e9t\u00e9 relanc\u00e9e \u00e0 Anvis, \u00e0 Decize.<\/a> (Le Journal du Centre)<\/p>\n\n\n\n<p><a href=\"https:\/\/www.usinenouvelle.com\/article\/deja-deux-reacteurs-nucleaires-a-l-arret-la-greve-nationale-du-30-janvier-se-prepare-chez-edf.N2206801\">D\u00e9j\u00e0 deux r\u00e9acteurs nucl\u00e9aires \u00e0 l&rsquo;arr\u00eat, la gr\u00e8ve nationale du 30 janvier se pr\u00e9pare chez EDF<\/a> (L\u2019usine nouvelle)<\/p>\n\n\n\n<p><a href=\"https:\/\/dinan.maville.com\/actu\/actudet_-en-greve-illimitee-a-l-hopital-le-syndicat-force-ouvriere-appelle-a-boycotter-la-ceremonie-des-voeux-_une-6120260_actu.Htm\">En gr\u00e8ve illimit\u00e9e \u00e0 l\u2019h\u00f4pital, le syndicat Force ouvri\u00e8re appelle \u00e0 boycotter la c\u00e9r\u00e9monie des v\u0153ux<\/a>&nbsp; (Ouest-France)<\/p>\n\n\n\n<p><a href=\"https:\/\/www.letelegramme.fr\/finistere\/guilers-29820\/a-guilers-le-personnel-du-service-ssr-geriatrique-debraye-pour-exprimer-un-ras-le-bol-general-6508545.php\">\u00c0 Guilers, le personnel du service SSR g\u00e9riatrique a d\u00e9bray\u00e9 pour exprimer un ras-le-bol g\u00e9n\u00e9ral<\/a> (Le T\u00e9l\u00e9gramme)<\/p>\n\n\n\n<p><strong>Monde<\/strong><\/p>\n\n\n\n<p><a href=\"https:\/\/www.lemonde.fr\/international\/article\/2024\/01\/20\/etats-unis-vague-annoncee-de-licenciements-au-sein-du-magazine-emblematique-sports-illustrated_6211872_3210.html\"><strong>Etats-Unis<\/strong>&nbsp;: vague annonc\u00e9e de licenciements au sein du magazine \u00ab&nbsp;Sports Illustrated&nbsp;\u00bb<\/a> (Le Monde)<\/p>\n\n\n\n<p><a href=\"https:\/\/www.libe.ma\/Port-de-brassards-et-greve-nationale-pour-la-defense-des-revendications-du-greffe-des-tribunaux_a142376.html\"><strong>Maroc<\/strong> : Port de brassards et gr\u00e8ve nationale pour la d\u00e9fense des revendications du greffe des tribunaux<\/a> (Lib\u00e9ration)<\/p>\n\n\n\n<p><strong>Analyse<\/strong><\/p>\n\n\n\n<p><a href=\"https:\/\/www.frustrationmagazine.fr\/oudea-castera-bourgeoisie\/\">Les 4 le\u00e7ons bourgeoises de l\u2019affaire Oud\u00e9a-Cast\u00e9ra<\/a> (Frustration)<\/p>\n\n\n\n<p><strong><a href=\"https:\/\/www.inegalites.fr\/Billet-d-entree-dans-les-musees-quand-les-prix-montent-l-egalite-recule\">Billet d\u2019entr\u00e9e dans les mus\u00e9es&nbsp;: quand les prix montent, l\u2019\u00e9galit\u00e9 recule<\/a> (Observatoire des in\u00e9galit\u00e9s)<\/strong><\/p>\n\n\n\n<p><strong><a href=\"https:\/\/www.revolutionpermanente.fr\/250-000-emplois-menaces-en-2024-selon-le-groupe-BPCE-il-faut-interdire-les-licenciements\">250 000 emplois menac\u00e9s en 2024 selon le groupe BPCE&nbsp;: il faut interdire les licenciements&nbsp;!<\/a> (RP)<\/strong><\/p>\n\n\n\n<p><a href=\"https:\/\/reporterre.net\/Les-luttes-ont-remporte-plusieurs-victoires-en-ce-debut-d-annee\">Les luttes ont remport\u00e9 plusieurs victoires en ce d\u00e9but d\u2019ann\u00e9e<\/a> (Reporterre)<\/p>\n\n\n\n<p class=\"has-text-color has-link-color wp-elements-9b50756a08cb5befe6bbbb65a42e482b\" style=\"color:#f60606\"><strong>19 janvier<\/strong><\/p>\n\n\n\n<p><a href=\"https:\/\/lepoing.net\/le-vigan-colere-contre-france-travail-les-facades-de-pole-emploi-et-de-la-caf-peinturlurees\/\">Le Vigan : col\u00e8re contre France Travail, les fa\u00e7ades de P\u00f4le emploi et de la CAF peinturlur\u00e9es<\/a> (Le Poing)<\/p>\n\n\n\n<p><strong><a href=\"https:\/\/rapportsdeforce.fr\/pouvoir-et-contre-pouvoir\/avec-la-loi-immigration-au-moins-110-000-personnes-dont-30-000-enfants-basculeront-dans-la-pauvrete-en-perdant-leurs-droits-sociaux-011920205\">Avec la loi immigration, au moins 110 000 personnes, dont 30 000 enfants, basculeront dans la pauvret\u00e9<\/a> (R de F)<\/strong><\/p>\n\n\n\n<p><strong><a href=\"https:\/\/www.humanite.fr\/social-et-economie\/assurance-chomage-2\/le-scandale-des-offres-bidons-61-des-offres-demploi-de-france-travail-sont-illegales\">Le scandale des offres bidons&nbsp;: 61&nbsp;%&nbsp;des offres d\u2019emploi de France Travail&nbsp;sont ill\u00e9gales<\/a> (l\u2019Humanit\u00e9)<\/strong><\/p>\n\n\n\n<p><a href=\"https:\/\/www.force-ouvriere.fr\/valeo-en-guise-de-voeux-un-pse\">Valeo&nbsp;: en guise de v\u0153ux, un PSE<\/a> (FO)<\/p>\n\n\n\n<p><a href=\"https:\/\/www.force-ouvriere.fr\/greve-au-centre-pompidou-preavis-reconduit-jusqu-au-15-fevrier\">Gr\u00e8ve au Centre Pompidou&nbsp;: pr\u00e9avis reconduit jusqu\u2019au 15&nbsp;f\u00e9vrier<\/a> (FO)<\/p>\n\n\n\n<p><strong><a href=\"https:\/\/www.blast-info.fr\/articles\/2024\/sainte-soline-letat-obtient-la-condamnation-des-neuf-opposants-cXmOJOdLQDSimZ9uaey1mQ\">Sainte-Soline : l\u2019Etat obtient la condamnation des neuf opposants<\/a> (Blast)<\/strong><\/p>\n\n\n\n<p><a href=\"https:\/\/reporterre.net\/Valdunes-moins-d-un-mois-pour-sauver-les-roues-made-in-france\">Moins d\u2019un mois pour sauver les roues de&nbsp;TGV&nbsp;\u00ab&nbsp;made in France&nbsp;\u00bb<\/a> (Reporterre)<\/p>\n\n\n\n<p><a href=\"https:\/\/www.ladepeche.fr\/2024\/01\/19\/la-greve-maintenue-pour-lundi-a-letablissement-public-de-sante-de-lomagne-11705128.php\">La gr\u00e8ve maintenue pour lundi \u00e0 l&rsquo;\u00e9tablissement public de sant\u00e9 de Lomagne<\/a> (La D\u00e9p\u00eache)<\/p>\n\n\n\n<p><a href=\"https:\/\/www.francetvinfo.fr\/societe\/manifestation-des-policiers\/jeux-olympiques-les-policiers-en-greve-expriment-leur-mecontentement_6313410.html\">Jeux olympiques : les policiers en gr\u00e8ve expriment leur m\u00e9contentement<\/a> (franceinfo)<\/p>\n\n\n\n<p><a href=\"https:\/\/france3-regions.francetvinfo.fr\/auvergne-rhone-alpes\/rhone\/lyon\/greve-pour-les-salaires-chez-boehringer-ingelheim-un-possible-impact-sur-la-production-de-vaccins-pour-animaux-2908862.html\">Gr\u00e8ve pour les salaires chez Boehringer Ingelheim <\/a>(franceinfo)<\/p>\n\n\n\n<p><a href=\"https:\/\/la1ere.francetvinfo.fr\/nouvellecaledonie\/un-appel-a-la-greve-generale-dans-le-nickel-pour-alerter-sur-les-enjeux-autour-des-trois-usines-1458380.html\">Un appel \u00e0 la gr\u00e8ve g\u00e9n\u00e9rale dans le nickel pour alerter sur les enjeux autour des trois usines<\/a> (franceinfo)<\/p>\n\n\n\n<p><a href=\"https:\/\/france3-regions.francetvinfo.fr\/auvergne-rhone-alpes\/ain\/greve-des-agents-du-nucleaire-des-reacteurs-a-l-arret-peut-on-manquer-d-electricite-2908607.html\">Gr\u00e8ve des agents du Nucl\u00e9aire : des r\u00e9acteurs \u00e0 l&rsquo;arr\u00eat, peut-on manquer d&rsquo;\u00e9lectricit\u00e9 ?<\/a> (franceinfo)<\/p>\n\n\n\n<p><a href=\"https:\/\/www.ledauphine.com\/sante\/2024\/01\/18\/des-brancardiers-de-la-clinique-generale-en-greve\">Des brancardiers de la Clinique g\u00e9n\u00e9rale en gr\u00e8ve<\/a> (Le Dauphin\u00e9)<\/p>\n\n\n\n<p><a href=\"https:\/\/www.msn.com\/fr-fr\/finance\/other\/appel-%C3%A0-la-gr%C3%A8ve-des-syndicats-dedf-le-30-janvier\/ar-AA1nbimU\">Appel \u00e0 la gr\u00e8ve des syndicats d&rsquo;EDF le 30 janvier<\/a> (Reuters)<\/p>\n\n\n\n<p><a href=\"https:\/\/www.ladepeche.fr\/2024\/01\/19\/la-cgt-appelle-a-la-greve-et-denonce-une-chasse-aux-sorcieres-chez-bigard-11705610.php\">Castres. La CGT appelle \u00e0 la gr\u00e8ve et d\u00e9nonce une \u00ab\u00a0chasse aux sorci\u00e8res\u00a0\u00bb chez Bigard<\/a> (La D\u00e9p\u00eache)<\/p>\n\n\n\n<p><a href=\"https:\/\/www.nordlittoral.fr\/197621\/article\/2024-01-18\/coquelles-les-salaries-de-la-clinique-des-2-caps-en-greve-une-premiere-dans-l\">Coquelles : les salari\u00e9s de la clinique des 2 Caps en gr\u00e8ve<\/a> (Nord Littoral)<\/p>\n\n\n\n<p><a href=\"https:\/\/ladepeche.pf\/2024\/01\/18\/social-vers-une-levee-de-preavis-chez-gaz-de-tahiti-les-hydrocarbures-au-point-mort\/\">Vers une lev\u00e9e de pr\u00e9avis chez Gaz de Tahiti, les hydrocarbures au point mort<\/a> (La D\u00e9p\u00eache de Tahiti)<\/p>\n\n\n\n<p><a href=\"https:\/\/www.ouest-france.fr\/bretagne\/mordelles-35310\/brient-a-mordelles-le-mouvement-social-a-fini-par-payer-a682e048-b634-11ee-a06e-10925c317fdf\">Brient \u00e0 Mordelles, le mouvement social a fini par payer<\/a> (Ouest-France)<\/p>\n\n\n\n<p><a href=\"https:\/\/www.lindependant.fr\/2024\/01\/18\/perpignan-non-paiement-des-salaires-negligences-des-employes-dun-fast-food-en-greve-depuis-le-17-janvier-11704654.php\">Des employ\u00e9s d&rsquo;un fast-food en gr\u00e8ve depuis le 17 janvier \u00e0 Perpignan<\/a> (L\u2019ind\u00e9pendant)<\/p>\n\n\n\n<p><a href=\"https:\/\/la1ere.francetvinfo.fr\/guyane\/conflit-a-la-semop-agglo-bus-les-negocations-suspendues-faute-d-accord-sur-une-revendication-1458332.html\">SEMOP Agglo&rsquo;bus : les n\u00e9gociations suspendues faute d&rsquo;accord sur l&rsquo;une des revendications<\/a> (franceinfo)<\/p>\n\n\n\n<p><a href=\"https:\/\/www.midilibre.fr\/2024\/01\/18\/nos-conditions-de-travail-sont-deplorables-le-ras-le-bol-des-agents-de-la-poste-de-neuf-bureaux-du-biterrois-11704571.php\">Le ras-le-bol des agents de La Poste de neuf bureaux du Biterrois <\/a>(Midi Libre)<\/p>\n\n\n\n<p><strong>Monde<\/strong><\/p>\n\n\n\n<p><strong><a href=\"https:\/\/www.revolutionpermanente.fr\/Grece-Manifestations-et-assemblees-etudiantes-se-multiplient-contre-la-privatisation-des\">Gr\u00e8ce&nbsp;: Manifestations et assembl\u00e9es \u00e9tudiantes se multiplient contre la privatisation des universit\u00e9s<\/a> (RP)<\/strong><\/p>\n\n\n\n<p><a href=\"https:\/\/www.wsws.org\/fr\/articles\/2024\/01\/18\/pers-j18.html\"><strong>Etats-Unis<\/strong> : Opposez-vous aux licenciements massifs chez Stellantis et \u00e0 l\u2019assaut contre l\u2019emploi!<\/a> (WSWS)<\/p>\n\n\n\n<p><strong><a href=\"https:\/\/www.equaltimes.org\/stress-pics-de-chaleur-et\">Stress, pics de chaleur et m\u00e9nopause&nbsp;: Un cocktail \u00e9prouvant pour les travailleuses de la sant\u00e9 en Inde<\/a> (Equal Times)<\/strong><\/p>\n\n\n\n<p><a href=\"https:\/\/www.lalibre.be\/belgique\/mobilite\/2024\/01\/19\/la-greve-chez-de-lijn-setend-autour-de-bruxelles-ZW4MLD67SNFXTPCHSDVPJWRFHM\/\"><strong>Belgique<\/strong> : La gr\u00e8ve chez De Lijn s&rsquo;\u00e9tend autour de Bruxelles<\/a> (La Libre)<\/p>\n\n\n\n<p><strong><a href=\"https:\/\/www.msn.com\/fr-fr\/actualite\/monde\/gr%C3%A8ve-massive-dans-le-secteur-public-en-irlande-du-nord\/ar-AA1nb0me\">Gr\u00e8ve massive dans le secteur public en Irlande du Nord<\/a> (RFI)<\/strong><\/p>\n\n\n\n<p><a href=\"https:\/\/www.rts.ch\/audio-podcast\/2024\/audio\/la-greve-du-climat-de-8-000-jeunes-a-lausanne-fete-ses-5-ans-interview-de-gary-domeniconi-27492312.html?id=27492312\">La Gr\u00e8ve du climat de 8&rsquo;000 jeunes \u00e0 <strong>Lausanne<\/strong> f\u00eate ses 5 ans : interview de Gary Domeniconi <\/a>(RTS)<\/p>\n\n\n\n<p class=\"has-text-color has-link-color wp-elements-36f55458fb97a1ef4c22a59d473443ab\" style=\"color:#fa0606\"><strong>18 janvier<\/strong><\/p>\n\n\n\n<p><a href=\"https:\/\/lepoing.net\/un-conge-menstruel-mis-en-place-a-luniversite-paul-valery-pour-septembre-2024\/\">Un cong\u00e9 menstruel mis en place \u00e0 l\u2019universit\u00e9 Paul Val\u00e9ry pour septembre 2024<\/a> (Le Poing)<\/p>\n\n\n\n<p><a href=\"https:\/\/rebellyon.info\/MARCHONS-Pour-Gaza-pour-la-Palestine-25580\">Marchons Pour Gaza, pour la Palestine &#8211; Samedi 20&nbsp;janvier 14h30<\/a> (Rebellyon)<\/p>\n\n\n\n<p><a href=\"https:\/\/www.revolutionpermanente.fr\/On-veut-notre-part-du-gateau-Les-salaries-de-la-centrale-de-Cruas-en-greve-pour-leurs-salaires\">\u00ab&nbsp;On veut notre part du g\u00e2teau&nbsp;\u00bb. Les salari\u00e9s de la centrale de Cruas en gr\u00e8ve pour leurs salaires<\/a> (RP)<\/p>\n\n\n\n<p><a href=\"https:\/\/www.humanite.fr\/social-et-economie\/creches\/petite-enfance-a-paris-des-parents-mobilises-pour-sauver-la-creche-associative-les-passerelles\">Petite enfance&nbsp;: \u00e0 Paris, des parents mobilis\u00e9s pour sauver la cr\u00e8che associative \u00ab&nbsp;Les Passerelles&nbsp;\u00bb<\/a> (l\u2019Humanit\u00e9)<\/p>\n\n\n\n<p><a href=\"https:\/\/www.force-ouvriere.fr\/greve-et-manifestation-nationale-le-25-janvier-en-defense-de-l\">Gr\u00e8ve et manifestation nationale le 25&nbsp;janvier en d\u00e9fense de l\u2019enseignement sp\u00e9cialis\u00e9 et adapt\u00e9<\/a> (FO)<\/p>\n\n\n\n<p><strong><a href=\"https:\/\/rapportsdeforce.fr\/ici-et-maintenant\/megabassines-un-an-de-prison-avec-sursis-pour-le-porte-parole-du-collectif-bassines-non-merci-011720195\">Un an de prison avec sursis pour le porte-parole du collectif \u00ab&nbsp;Bassines non merci&nbsp;\u00bb<\/a> (Rapports de force)<\/strong><\/p>\n\n\n\n<p><a href=\"https:\/\/www.ladepeche.fr\/2024\/01\/17\/greve-des-chauffeurs-de-ladapei09-on-se-debrouille-mais-cest-loin-detre-simple-regrette-la-maman-dun-enfant-autiste-11699202.php\">Gr\u00e8ve des chauffeurs de l&rsquo;Adapei09 <\/a> (La D\u00e9p\u00eache)<\/p>\n\n\n\n<p><a href=\"https:\/\/www.lelezard.com\/communique-21221869.html\">Possible gr\u00e8ve des chauffeuses et chauffeurs d&rsquo;autobus scolaire \u00e0 Ch\u00e2teauguay<\/a> (Le l\u00e9zard)<\/p>\n\n\n\n<p><a href=\"https:\/\/www.sudouest.fr\/economie\/social\/greve\/des-salaries-de-la-plateforme-industrielle-de-la-poste-en-greve-a-cestas-les-salaires-stagnent-on-s-appauvrit-18178536.php\">Des salari\u00e9s de la plateforme industrielle de La Poste en gr\u00e8ve \u00e0 Cestas&nbsp;<\/a>(Sud ouest)<\/p>\n\n\n\n<p><a href=\"https:\/\/www.ouest-france.fr\/pays-de-la-loire\/angers-49000\/en-greve-a-angers-les-plombiers-chauffagistes-de-proxiserve-demandent-plus-de-consideration-c39ae610-b54b-11ee-be97-0ca6f5a426b0\">En gr\u00e8ve \u00e0 Angers, les plombiers-chauffagistes de Proxiserve demandent plus de consid\u00e9ration<\/a> (Ouest-France)<\/p>\n\n\n\n<p><a href=\"https:\/\/www.ledauphine.com\/social\/2024\/01\/17\/isere-grenoble-laboratoires-d-analyse-biogroup-la-greve-continue\">Laboratoires d\u2019analyse Biogroup&nbsp;: la gr\u00e8ve continue<\/a> (Le Dauphin\u00e9)<\/p>\n\n\n\n<p><a href=\"https:\/\/france3-regions.francetvinfo.fr\/auvergne-rhone-alpes\/allier\/moulins\/manque-de-personnel-locaux-vetustes-un-mouvement-de-greve-illimite-a-l-hopital-psychiatrique-de-moulins-yzeure-2908133.html\">Mouvement de gr\u00e8ve illimit\u00e9 \u00e0 l&rsquo;h\u00f4pital psychiatrique de Moulins-Yzeure<\/a> (franceinfo)<\/p>\n\n\n\n<p><a href=\"https:\/\/www.ledauphine.com\/social\/2024\/01\/17\/greve-et-mobilisation-des-salaries-devant-l-entrepot-conforama-qui-va-fermer\">Gr\u00e8ve et mobilisation des salari\u00e9s devant l\u2019entrep\u00f4t Conforama qui va fermer<\/a> (Le Dauphin\u00e9)<\/p>\n\n\n\n<p><a href=\"https:\/\/www.lindependant.fr\/2024\/01\/17\/limoux-haute-vallee-les-facteurs-reprennent-le-travail-apres-un-jour-de-greve-11702034.php\">Haute Vall\u00e9e de l&rsquo;Aude : les facteurs reprennent le travail apr\u00e8s un jour de gr\u00e8ve<\/a> (L\u2019ind\u00e9pendant)<\/p>\n\n\n\n<p><a href=\"https:\/\/www.francebleu.fr\/infos\/education\/les-agents-du-periscolaire-en-greve-ce-jeudi-a-nantes-4825312\">Les agents du p\u00e9riscolaire en gr\u00e8ve ce jeudi \u00e0 Nantes<\/a> (ici)<\/p>\n\n\n\n<p><a href=\"https:\/\/actu.fr\/pays-de-la-loire\/nantes_44109\/nantes-des-ecoles-privees-d-accueil-ce-jeudi-en-raison-d-une-greve_60576619.html\">Nantes : des \u00e9coles priv\u00e9es d&rsquo;accueil ce jeudi en raison d&rsquo;une gr\u00e8ve<\/a> (actu)<\/p>\n\n\n\n<p><a href=\"https:\/\/la1ere.francetvinfo.fr\/polynesie\/tahiti\/polynesie-francaise\/hydrocarbures-les-clients-des-iles-bientot-en-panne-seche-les-negociations-au-point-mort-1458077.html\">Hydrocarbures: les clients des \u00eeles bient\u00f4t en panne s\u00e8che, les n\u00e9gociations au point mort<\/a> (franceinfo)<\/p>\n\n\n\n<p><strong><a href=\"https:\/\/solidaires.org\/sinformer-et-agir\/les-journaux-et-bulletins\/solidaires-en-action\/solidaires-en-action-n-165\/education-nationale-toutes-et-tous-en-greve-le-1er-fevrier\/\">\u00c9ducation nationale &#8211; Toutes et tous en gr\u00e8ve le 1er f\u00e9vrie<\/a>r (Solidaires)<\/strong><\/p>\n\n\n\n<p><strong>Monde<\/strong><\/p>\n\n\n\n<p><a href=\"https:\/\/www.wsws.org\/fr\/articles\/2024\/01\/17\/fabv-j17.html\">Les manifestations des agriculteurs en <strong>Allemagne<\/strong>: un soul\u00e8vement social contre le gouvernement <\/a>(WSWS)<\/p>\n\n\n\n<p><a href=\"https:\/\/www.sudinfo.be\/id772853\/article\/2024-01-17\/greve-des-bus-aux-depots-tec-domal-de-wanze-et-de-verlaine-aucun-conducteur-ne\"><strong>Belgique<\/strong> : Gr\u00e8ve des bus aux d\u00e9p\u00f4ts TEC d\u2019Omal, de Wanze et de Verlaine&nbsp;<\/a> (Sud Info)<\/p>\n\n\n\n<p><a href=\"https:\/\/www.lapresse.ca\/actualites\/education\/2024-01-17\/ecole-de-technologie-superieure\/600-employes-en-greve-mercredi.php\"><strong>Canada<\/strong> : \u00c9cole de technologie sup\u00e9rieure&nbsp;600 employ\u00e9s en gr\u00e8ve mercredi<\/a> (La Presse)<\/p>\n\n\n\n<p><a href=\"https:\/\/www.tunisienumerique.com\/tataouine-greve-de-deux-jours-des-employes-du-champ-petrolier-sitep-el-borma\/\"><strong>Tataouine<\/strong>: Gr\u00e8ve de deux jours des employ\u00e9s du champ p\u00e9trolier \u201cSitep El Borma\u201d<\/a> (Tunisie Num\u00e9rique)<\/p>\n\n\n\n<p><a href=\"https:\/\/www.msn.com\/fr-xl\/afrique-de-l-ouest\/actualite\/guin%C3%A9e-les-enseignants-contractuels-communautaires-menacent-d-aller-en-gr%C3%A8ve-g%C3%A9n%C3%A9rale-les-raisons\/ar-AA1n8CYp\"><strong>Guin\u00e9e<\/strong> : les enseignants contractuels communautaires menacent d\u2019aller en gr\u00e8ve g\u00e9n\u00e9rale<\/a> (La Guin\u00e9e profonde)<\/p>\n\n\n\n<p class=\"has-text-color has-link-color wp-elements-dbe8a12afa0c552fa8c3db69b8977d16\" style=\"color:#f70606\"><strong>17 janvier<\/strong><\/p>\n\n\n\n<p><strong><a href=\"https:\/\/www.revolutionpermanente.fr\/Relevement-des-seuils-une-bombe-surprise-de-Macron-contre-les-travailleurs\">\u00ab&nbsp;Rel\u00e8vement des seuils&nbsp;\u00bb&nbsp;: une bombe surprise de Macron contre les travailleurs&nbsp;?<\/a> (RP)<\/strong><\/p>\n\n\n\n<p><a href=\"LGV%20du%20Sud-Ouest%20:%20les%20opposants%20bloquent%20les%20premiers%20travaux\">LGV&nbsp;du Sud-Ouest&nbsp;: les opposants bloquent les premiers travaux<\/a> (Reporterre)<\/p>\n\n\n\n<p><a href=\"v\">\u00ab Aux parents qui ont les moyens, le priv\u00e9. Aux pauvres, un r\u00e9sidu de service public \u00bb : les enseignants en gr\u00e8ve le 1er f\u00e9vrier<\/a> (Rapports de force)<\/p>\n\n\n\n<p><a href=\"https:\/\/www.lindependant.fr\/2024\/01\/16\/en-greve-les-facteurs-de-limoux-et-de-la-haute-vallee-denoncent-des-tournees-inadaptees-a-la-realite-11699519.php\">En gr\u00e8ve, les facteurs de Limoux et de la Haute Vall\u00e9e d\u00e9noncent des tourn\u00e9es \u00ab\u00a0inadapt\u00e9es \u00e0 la r\u00e9alit\u00e9\u00a0\u00bb<\/a> (L\u2019ind\u00e9pendant)<\/p>\n\n\n\n<p><a href=\"https:\/\/www.france24.com\/fr\/info-en-continu\/20240116-centre-pompidou-trois-mois-de-gr%C3%A8ve-pas-de-solution-n%C3%A9goci%C3%A9e-en-vue\">Centre Pompidou: trois mois de gr\u00e8ve, pas de solution n\u00e9goci\u00e9e en vue<\/a> (France24)<\/p>\n\n\n\n<p><a href=\"https:\/\/www.francebleu.fr\/infos\/economie-social\/la-greve-est-suspendue-chez-tango-a-nimes-7685626\">La gr\u00e8ve est suspendue chez Tango \u00e0 N\u00eemes<\/a> (ici)<\/p>\n\n\n\n<p><a href=\"https:\/\/angers.maville.com\/actu\/actudet_-des-brancardiers-en-greve-au-centre-hospitalier-universitaire-d-angers-_une-6115443_actu.Htm\">Des brancardiers en gr\u00e8ve au centre hospitalier universitaire d\u2019Angers<\/a>&nbsp;(Ouest-France)<\/p>\n\n\n\n<p><a href=\"https:\/\/www.francebleu.fr\/infos\/economie-social\/les-salaries-de-l-usine-de-sirops-teisseire-en-greve-se-plaignent-du-management-9411517\">Crolles&nbsp;: les salari\u00e9s de l&rsquo;usine de sirops Teisseire, en gr\u00e8ve, se plaignent du management<\/a> (ici)<\/p>\n\n\n\n<p><a href=\"https:\/\/actu.fr\/normandie\/montivilliers_76447\/pres-du-havre-la-greve-se-poursuit-a-l-hopital-jacques-monod_60570812.html\">Pr\u00e8s du Havre, la gr\u00e8ve se poursuit \u00e0 l&rsquo;h\u00f4pital Jacques-Monod<\/a> (actu)<\/p>\n\n\n\n<p><a href=\"https:\/\/www.ouest-france.fr\/pays-de-la-loire\/nantes-44000\/les-agents-du-periscolaire-tirent-la-sonnette-dalarme-et-annoncent-une-greve-a-nantes-ce91413c-b478-11ee-b2a2-ccb95da3b2ac\">Les agents du p\u00e9riscolaire tirent la sonnette d\u2019alarme et annoncent une gr\u00e8ve \u00e0 Nantes<\/a> (Ouest-France)<\/p>\n\n\n\n<p><a href=\"https:\/\/www.paris-normandie.fr\/id484479\/article\/2024-01-16\/au-havre-les-agents-hospitaliers-debrayent-pour-protester-contre-leurs\">Au Havre, les agents hospitaliers d\u00e9brayent pour protester contre leurs conditions de travai<\/a>l (Paris Normandie)<\/p>\n\n\n\n<p><a href=\"https:\/\/www.republicain-lorrain.fr\/social\/2024\/01\/16\/les-employes-de-ford-a-sarrelouis-en-greve-pour-defendre-leur-usine-mercredi-et-jeudi\">Les employ\u00e9s de Ford \u00e0 Sarrelouis en gr\u00e8ve pour d\u00e9fendre leur usine mercredi et jeudi <\/a>(R\u00e9publicain Lorrain)<\/p>\n\n\n\n<p><a href=\"https:\/\/france3-regions.francetvinfo.fr\/occitanie\/haute-garonne\/toulouse\/essores-epuises-inquiets-des-personnels-psychiatrique-en-greve-illimitee-pour-denoncer-leurs-conditions-de-travail-2907752.html\">\u00ab\u00a0Essor\u00e9s\u00a0\u00bb, \u00ab\u00a0\u00e9puis\u00e9s\u00a0\u00bb, \u00ab\u00a0inquiets\u00a0\u00bb : des personnels de psychiatrie en gr\u00e8ve illimit\u00e9e<\/a> (franceinfo)<\/p>\n\n\n\n<p><a href=\"https:\/\/www.ledauphine.com\/societe\/2024\/01\/16\/isere-tignieu-jameyzieu-biogroup-oriade-noviale-les-salaries-en-greve\">Biogroup Oriade-Noviale&nbsp;: les salari\u00e9s en gr\u00e8ve<\/a> (Le Dauphin\u00e9)<\/p>\n\n\n\n<p><strong><a href=\"https:\/\/www.radioscoop.com\/infos\/la-suppression-de-60-postes-d-enseignants-confirmee-dans-le-rhone_292621\">La suppression de 60 postes d\u2019enseignants confirm\u00e9e dans le Rh\u00f4ne<\/a> (Radio Scoop)<\/strong><\/p>\n\n\n\n<p><strong>Monde<\/strong><\/p>\n\n\n\n<p><a href=\"https:\/\/www.revolutionpermanente.fr\/Citigroup-annonce-un-carnage-social-avec-20-000-suppressions-de-postes\"><strong>Etats-Unis<\/strong> : Citigroup annonce un carnage social avec 20 000 suppressions de postes<\/a> (RP)<\/p>\n\n\n\n<p><a href=\"https:\/\/ici.radio-canada.ca\/nouvelle\/2042160\/transco-greve-chauffeurs-autobus-montreal\"><strong>Canada<\/strong> : Transport d\u2019\u00e9coliers&nbsp;: bient\u00f4t trois mois de gr\u00e8ve chez Transco<\/a> (Radio Canada)<\/p>\n\n\n\n<p><a href=\"https:\/\/www.dhnet.be\/regions\/liege\/2024\/01\/16\/liege-airport-le-personnel-de-protection-unit-depose-un-preavis-de-greve-sans-avancees-nous-arreterons-le-travail-JCQMQR3GQFGMZBSCUSV5OGMRSQ\/\"><strong>Liege<\/strong> Airport&nbsp;: le personnel de Protection Unit d\u00e9pose un pr\u00e9avis de gr\u00e8ve. \u201cSans avanc\u00e9es, nous arr\u00eaterons le travail\u201d<\/a> (DH)<\/p>\n\n\n\n<p><strong>Analyse<\/strong><\/p>\n\n\n\n<p><strong><a href=\"https:\/\/www.frustrationmagazine.fr\/jo\/\">Pour des gr\u00e8ves massives pendant les Jeux Olympiques <\/a>(Frustration)<\/strong><\/p>\n\n\n\n<p><strong><a href=\"https:\/\/www.nonfiction.fr\/article-11916-dossier-travail-prendre-a-bras-le-corps-le-mal-etre-au-travail.htm\">Dossier Travail : Prendre \u00e0 bras le corps le mal-\u00eatre au travail <\/a>(Nonfiction)<\/strong><\/p>\n\n\n\n<p><a href=\"https:\/\/www.streetpress.com\/sujet\/1705419753-racisme-traite-etres-humains-scandale-emmaus-esclavage-moderne-nord-sans-papiers\">Traite d\u2019\u00eatres humains chez Emma\u00fcs ? Les r\u00e9v\u00e9lations qui secouent l\u2019association<\/a> (Street Press)<\/p>\n\n\n\n<p class=\"has-text-color has-link-color wp-elements-e08f3522d0cf0752cd30dceb33621f38\" style=\"color:#f70606\"><strong>16 janvier<\/strong><\/p>\n\n\n\n<p><a href=\"https:\/\/paris-luttes.info\/reunion-publique-saccage2024-17761\">R\u00e9union publique Saccage2024<\/a> (Paris-Luttes info)<\/p>\n\n\n\n<p><a href=\"https:\/\/www.humanite.fr\/social-et-economie\/greves\/au-mont-saint-michel-les-agents-arrachent-un-bel-accord-de-fin-de-greve\">Au Mont-Saint-Michel, les agents arrachent un bel accord de fin de gr\u00e8ve<\/a> (l\u2019Humanit\u00e9)<\/p>\n\n\n\n<p><a href=\"https:\/\/france3-regions.francetvinfo.fr\/auvergne-rhone-alpes\/ardeche\/la-greve-pour-la-hausse-des-salaires-se-poursuit-a-la-centrale-nucleaire-de-cruas-2906726.html\">La gr\u00e8ve pour la hausse des salaires se poursuit \u00e0 la centrale nucl\u00e9aire de Cruas<\/a> (franceinfo)<\/p>\n\n\n\n<p><a href=\"https:\/\/www.la-croix.com\/culture\/greve-au-centre-pompidou-les-syndicats-attendent-une-ouverture-de-la-nouvelle-ministre-rachida-dati-20240115\">Gr\u00e8ve au Centre Pompidou&nbsp;: les syndicats attendent une ouverture de la nouvelle ministre, Rachida Dati<\/a> (La Croix)<\/p>\n\n\n\n<p><a href=\"https:\/\/actu.fr\/normandie\/caen_14118\/greve-a-la-clinique-saint-martin-a-caen-direction-et-personnels-frustres_60566505.html\">Gr\u00e8ve \u00e0 la clinique Saint-Martin \u00e0 Caen : direction et personnels frustr\u00e9s<\/a> (Le Bonhomme Libre)<\/p>\n\n\n\n<p><a href=\"https:\/\/www.lejdc.fr\/nevers-58000\/actualites\/greve-illimitee-a-aubert-duval-a-imphy-les-dernieres-infos-sur-le-cyclone-belal-un-mort-sur-le-dakar-2024-l-actu-a-retenir-de-ce-lundi_14435327\/\">Gr\u00e8ve illimit\u00e9e \u00e0 Aubert &amp; Duval \u00e0 Imphy<\/a> (Le Journal du Centre)<\/p>\n\n\n\n<p><a href=\"https:\/\/www.msn.com\/fr-fr\/actualite\/france\/la-poste-un-appel-%C3%A0-la-gr%C3%A8ve-vendredi-dans-le-finist%C3%A8re\/ar-AA1n0u7L\">La Poste : un appel \u00e0 la gr\u00e8ve vendredi dans le Finist\u00e8re<\/a> (Ouest-France)<\/p>\n\n\n\n<p><a href=\"https:\/\/actu.fr\/bretagne\/rennes_35238\/rennes-pourquoi-l-ecole-elementaire-joseph-lotte-a-fait-greve_60565498.html\">Rennes : pourquoi l&rsquo;\u00e9cole \u00e9l\u00e9mentaire Joseph Lotte a fait gr\u00e8ve&nbsp;?<\/a> (actu)<\/p>\n\n\n\n<p><a href=\"https:\/\/www.laprovence.com\/article\/region\/26696396426477\/a-marseille-les-salaries-de-pamar-en-greve-apres-des-menaces-de-mort\">A Marseille, les salari\u00e9s de Pamar en gr\u00e8ve apr\u00e8s des menaces de mort<\/a> (La Provence)<\/p>\n\n\n\n<p><a href=\"https:\/\/www.ledauphine.com\/social\/2024\/01\/15\/service-d-aides-a-la-personne-60-des-salariees-d-une-societe-en-greve-reconductible\">Service d\u2019aides \u00e0 la personne&nbsp;: 60&nbsp;% des salari\u00e9es d\u2019une&nbsp;soci\u00e9t\u00e9 en gr\u00e8ve reconductible<\/a> (Le Dauphin\u00e9)<\/p>\n\n\n\n<p><a href=\"https:\/\/www.ladepeche.fr\/2024\/01\/15\/maternite-paule-de-viguier-les-soignantes-de-la-salle-de-reveil-en-greve-11697898.php\">Maternit\u00e9 Paule de Viguier : les soignantes de la salle de r\u00e9veil en gr\u00e8ve<\/a> (La D\u00e9p\u00eache)<\/p>\n\n\n\n<p><a href=\"https:\/\/www.franceguyane.fr\/actualite\/social\/conflit-a-la-semop-les-salaries-veulent-passer-a-letape-superieure-970566.php\">Conflit \u00e0 la Semop : les salari\u00e9s veulent passer \u00e0 l&rsquo;\u00e9tape sup\u00e9rieure<\/a> (France-Guyane)<\/p>\n\n\n\n<p><strong>Monde<\/strong><\/p>\n\n\n\n<p><a href=\"https:\/\/www.msn.com\/fr-ca\/actualites\/R%C3%A9gion%20de%20Trois-Rivi%C3%A8res\/les-employ%C3%A9s-de-sup%C3%A9rieur-propane-adoptent-%C3%A0-l-unanimit%C3%A9-un-mandat-de-gr%C3%A8ve\/ar-AA1n0VPn\"><strong>Canada<\/strong> : Les employ\u00e9s de Sup\u00e9rieur Propane adoptent \u00e0 l\u2019unanimit\u00e9 un mandat de gr\u00e8ve<\/a> (Radio Canada)<\/p>\n\n\n\n<p><strong>Analyse<\/strong><\/p>\n\n\n\n<p><strong><a href=\"https:\/\/www.inegalites.fr\/Inflation-le-RSA-ne-suit-pas\">Inflation&nbsp;: le RSA ne suit pas<\/a> (Observatoire des in\u00e9galit\u00e9s)<\/strong><\/p>\n\n\n\n<p class=\"has-text-color has-link-color wp-elements-e4289fc7e220fdbf279eb057ca2598ab\" style=\"color:#f40505\"><strong>15 janvier<\/strong><\/p>\n\n\n\n<p><strong><a href=\"https:\/\/www.humanite.fr\/social-et-economie\/cgt\/julien-gicquel-infocom-cgt-relaxe-pour-une-banderole-macron-demission\">Julien Gicquel (Info\u2019Com CGT) relax\u00e9 pour une banderole \u00ab&nbsp;Macron d\u00e9mission&nbsp;\u00bb<\/a> (l\u2019Humanit\u00e9)<\/strong><\/p>\n\n\n\n<p><a href=\"https:\/\/www.francebleu.fr\/infos\/transports\/les-transports-scolaires-fortement-perturbes-ce-lundi-dans-le-grand-besancon-2555830\">Les transports scolaires fortement perturb\u00e9s ce lundi dans le Grand Besan\u00e7on<\/a> (ici)<\/p>\n\n\n\n<p><a href=\"https:\/\/actu.fr\/nouvelle-aquitaine\/bordeaux_33063\/un-mouvement-social-perturbe-la-circulation-des-ter-nouvelle-aquitaine_60561478.html\">SNCF : un mouvement social perturbe la circulation des TER Nouvelle-Aquitaine<\/a> (actu)<\/p>\n\n\n\n<p><a href=\"https:\/\/la1ere.francetvinfo.fr\/nouvellecaledonie\/province-nord\/poindimie\/greve-dans-six-agences-de-l-opt-de-la-cote-est-1457153.html\">Gr\u00e8ve dans six agences de l&rsquo;OPT de la c\u00f4te Est<\/a> (franceinfo)<\/p>\n\n\n\n<p><a href=\"https:\/\/www.msn.com\/fr-fr\/actualite\/other\/fin-de-la-gr%C3%A8ve-%C3%A0-l-abbaye-du-mont-saint-michel-un-accord-a-%C3%A9t%C3%A9-trouv%C3%A9\/ar-AA1mXA6y\">Fin de la gr\u00e8ve \u00e0 l&rsquo;abbaye du Mont-Saint-Michel, un accord a \u00e9t\u00e9 trouv\u00e9<\/a> (franceinfo)<\/p>\n\n\n\n<p><a href=\"https:\/\/www.midilibre.fr\/2024\/01\/14\/greve-sur-le-reseau-de-transports-tango-a-nimes-lintersyndicale-durcit-le-mouvement-social-11694365.php\">Gr\u00e8ve sur le r\u00e9seau de transports Tango \u00e0 N\u00eemes : l&rsquo;intersyndicale durcit le mouvement social<\/a> (Midi Libre)<\/p>\n\n\n\n<p><a href=\"https:\/\/www.republicain-lorrain.fr\/transport\/2024\/01\/14\/greve-sncf-en-lorraine-quels-trains-vont-circuler-ce-lundi\">Gr\u00e8ve SNCF en Lorraine ce lundi : quels sont les trains qui vont circuler ?<\/a> (R\u00e9publicain Lorrain)<\/p>\n\n\n\n<p><strong>Monde<\/strong><\/p>\n\n\n\n<p><a href=\"https:\/\/www.msn.com\/fr-fr\/actualite\/other\/congo-brazzaville-fin-de-la-gr%C3%A8ve-qui-paralysait-l-universit%C3%A9-publique\/ar-AA1mXEn9\"><strong>Congo-Brazzaville<\/strong>: fin de la gr\u00e8ve qui paralysait l\u2019universit\u00e9 publique<\/a> (RFI)<\/p>\n\n\n\n<p><strong>Analyse<\/strong><\/p>\n\n\n\n<p><strong><a href=\"https:\/\/www.equaltimes.org\/scandale-sanitaire-et-raciste-du\">Scandale sanitaire et raciste du chlord\u00e9cone dans les Antilles fran\u00e7aises&nbsp;: le combat continue<\/a> (Equal Times)<\/strong><\/p>\n\n\n\n<p class=\"has-text-color has-link-color wp-elements-76db43ce28a9c8caa0482e1e5e700c7f\" style=\"color:#f70707\"><strong>13 janvier<\/strong><\/p>\n\n\n\n<p><a href=\"https:\/\/www.politis.fr\/articles\/2024\/01\/manif-en-camion-labsurde-proces-de-deux-militants-cgt\/\">\u00ab&nbsp;Manif&nbsp;\u00bb en camion&nbsp;: l\u2019absurde proc\u00e8s de deux militants CGT<\/a> (Politis)<\/p>\n\n\n\n<p><a href=\"https:\/\/www.revolutionpermanente.fr\/C-est-le-moment-de-taper-tous-ensemble-vers-un-durcissement-du-mouvement-a-la-maintenance-TGV\">\u00ab&nbsp;C\u2019est le moment de taper tous ensemble&nbsp;\u00bb&nbsp;: vers un durcissement du mouvement \u00e0 la maintenance TGV&nbsp;?<\/a> (RP)<\/p>\n\n\n\n<p><a href=\"https:\/\/www.humanite.fr\/social-et-economie\/dunkerque\/chez-valdunes-douche-froide-a-valenciennes-espoir-mesure-a-dunkerque\">Chez Valdunes, \u00ab&nbsp;douche froide&nbsp;\u00bb \u00e0 Valenciennes, espoir mesur\u00e9 \u00e0 Dunkerque ?<\/a> (l\u2019Humanit\u00e9)<\/p>\n\n\n\n<p><a href=\"https:\/\/lanticapitaliste.org\/actualite\/social\/mont-saint-michel-la-greve\">Mont-Saint-Michel\u2009: la gr\u00e8ve\u2009!<\/a> (l\u2019Anticapitaliste)<\/p>\n\n\n\n<p><a href=\"https:\/\/www.ladepeche.fr\/2024\/01\/13\/social-en-greve-les-chauffeurs-de-la-plus-importante-association-daide-aux-personnes-handicapees-de-lariege-demandent-a-etre-reconnus-11692370.php\">En gr\u00e8ve, les chauffeurs de la plus importante association d&rsquo;aide aux personnes handicap\u00e9es <\/a>&#8230; (La D\u00e9p\u00eache)<\/p>\n\n\n\n<p><a href=\"https:\/\/www.lamontagne.fr\/moulins-03000\/actualites\/lhopital-psy-dyzeure-est-en-colere-mobilisation-et-greve-illimitee_14434405\/\">L\u2019h\u00f4pital psy d\u2019Yzeure est \u00ab\u00a0en col\u00e8re !\u00a0\u00bb : mobilisation et gr\u00e8ve illimit\u00e9e<\/a> (La Montagne)<\/p>\n\n\n\n<p><a href=\"https:\/\/www.lindependant.fr\/2024\/01\/12\/les-facteurs-de-limoux-et-de-la-haute-vallee-a-nouveau-en-greve-ce-mardi-16-janvier-11691896.php\">Les facteurs de Limoux et de la Haute Vall\u00e9e \u00e0 nouveau en gr\u00e8ve ce mardi 16 janvier<\/a> (L\u2019Ind\u00e9pendant)<\/p>\n\n\n\n<p><a href=\"https:\/\/www.estrepublicain.fr\/social\/2024\/01\/12\/greve-chez-alstom-un-accord-trouve-avec-la-direction-locale-acte-la-fin-du-conflit\">Gr\u00e8ve chez Alstom&nbsp;: un accord trouv\u00e9 avec la direction locale acte la fin du conflit<\/a> (L\u2019Est R\u00e9publicain)<\/p>\n\n\n\n<p><strong>Monde<\/strong><\/p>\n\n\n\n<p><a href=\"https:\/\/www.revolutionpermanente.fr\/Allemagne-agriculteurs-et-cheminots-font-front-et-bloquent-une-partie-du-pays\"><strong>Allemagne<\/strong>&nbsp;: agriculteurs et cheminots font front et bloquent une partie du pays<\/a> (RP)<\/p>\n\n\n\n<p><a href=\"https:\/\/www.maroc-hebdo.press.ma\/crise-lenseignement-rien-ne-va-plus-entre-benmoussa-enseignants\"><strong>Maroc<\/strong> : Crise de l&rsquo;enseignement : Rien ne va plus entre Benmoussa et les enseignants<\/a> (Maroc Hebdo)<\/p>\n\n\n\n<p><a href=\"https:\/\/www.lalibre.be\/economie\/entreprises-startup\/2024\/01\/13\/greve-des-pilotes-de-brussels-airlines-le-point-sur-la-situation-FFWSGECUG5F3BIY6QMK7WUVKZQ\/\"><strong>Belgique<\/strong> &#8211; Gr\u00e8ve des pilotes de Brussels Airlines : le point sur la situation<\/a> (La Libre)<\/p>\n\n\n\n<p><strong>Analyse<\/strong><\/p>\n\n\n\n<p><a href=\"https:\/\/www.contretemps.eu\/annick-coupe-mai-68-syndicalisme-feminisme-attac\/\">Annick&nbsp;Coup\u00e9, de mai 68 au mouvement altermondialiste <\/a>(Contretemps)<\/p>\n\n\n\n<p><strong><a href=\"https:\/\/www.frustrationmagazine.fr\/2023-bourgeois-gaze-encore-et-toujours\/\">2023 : Bourgeois gaze, encore et toujours.<\/a> (Frustration)<\/strong><\/p>\n\n\n\n<p><strong><a href=\"https:\/\/www.inegalites.fr\/minimum-social-pour-tous-les-jeunes\">Comment instaurer un minimum social pour tous les jeunes&nbsp;?<\/a> (Observatoire des in\u00e9galit\u00e9s)<\/strong><\/p>\n\n\n\n<p><strong><a href=\"https:\/\/rebellyon.info\/Quelques-nouvelles-de-France-Travail-25564\">Quelques nouvelles de France Travail<\/a> (Rebellyon)<\/strong><\/p>\n\n\n\n<p><a href=\"https:\/\/www.bondyblog.fr\/societe\/vague-de-froid-a-la-courneuve-la-solidarite-se-met-en-place\/\">Vague de froid : \u00c0 la Courneuve, la solidarit\u00e9 se met en place<\/a> (Le Bondy Blog)<\/p>\n\n\n\n<p class=\"has-text-color has-link-color wp-elements-79ff348200f14ef6da01cc27b7030730\" style=\"color:#f70606\"><strong>12 janvier<\/strong><\/p>\n\n\n\n<p><a href=\"https:\/\/paris-luttes.info\/rassemblement-contre-la-17744\">Rassemblement contre la manifestation identitaire organis\u00e9e par Paris Fiert\u00e9 dans le Q. Latin<\/a> (Paris-Luttes info)<\/p>\n\n\n\n<p><a href=\"https:\/\/www.politis.fr\/articles\/2024\/01\/a-alfortville-apres-deux-ans-de-greve-la-lutte-des-sans-papiers-de-chronopost-continue\/\">\u00c0 Alfortville, apr\u00e8s deux ans de gr\u00e8ve, la lutte des sans-papiers de Chronopost continue<\/a> (Politis)<\/p>\n\n\n\n<p><a href=\"https:\/\/www.revolutionpermanente.fr\/C-est-le-moment-de-taper-tous-ensemble-vers-un-durcissement-du-mouvement-a-la-maintenance-TGV\">\u00ab&nbsp;C\u2019est le moment de taper tous ensemble&nbsp;\u00bb&nbsp;: vers un durcissement du mouvement \u00e0 la maintenance TGV&nbsp;?<\/a> (RP)<\/p>\n\n\n\n<p><a href=\"https:\/\/www.revolutionpermanente.fr\/Les-travailleurs-d-Alstom-a-Belfort-en-greve-Il-faut-se-battre-pour-conserver-nos-acquis\">Les travailleurs d\u2019Alstom \u00e0 Belfort en gr\u00e8ve&nbsp;: \u00ab&nbsp;Il faut se battre pour conserver nos acquis&nbsp;\u00bb<\/a> (RP)<\/p>\n\n\n\n<p><a href=\"https:\/\/www.humanite.fr\/social-et-economie\/dunkerque\/chez-valdunes-douche-froide-a-valenciennes-espoir-mesure-a-dunkerque\">Chez Valdunes, \u00ab&nbsp;douche froide&nbsp;\u00bb \u00e0 Valenciennes, espoir mesur\u00e9 \u00e0 Dunkerque ?<\/a> (l\u2019Humanit\u00e9)<\/p>\n\n\n\n<p><a href=\"https:\/\/www.force-ouvriere.fr\/conforama-ferme-le-site-logistique-de-saint-georges-d-esperanche\">Conforama ferme le site logistique de Saint-Georges d\u2019Esp\u00e9ranche (38)&nbsp;!<\/a> (FO)<\/p>\n\n\n\n<p><a href=\"https:\/\/www.estrepublicain.fr\/social\/2024\/01\/11\/greve-chez-alstom-des-avancees-de-la-direction-locale-mais-le-mouvement-continue-ce-vendredi\">Alstom&nbsp;: des avanc\u00e9es de la direction locale mais le mouvement continue ce vendredi<\/a> (L\u2019Est R\u00e9publicain)<\/p>\n\n\n\n<p><a href=\"https:\/\/france3-regions.francetvinfo.fr\/paris-ile-de-france\/paris\/la-greve-est-reconduite-au-centre-pompidou-si-les-agents-se-battent-c-est-pour-maintenir-leur-savoir-faire-2904707.html\">Centre Pompidou : \u00ab\u00a0Si les agents se battent, c&rsquo;est pour maintenir leur savoir-faire\u00a0\u00bb<\/a> (franceinfo)<\/p>\n\n\n\n<p><a href=\"https:\/\/www.msn.com\/fr-fr\/actualite\/france\/mouvement-de-gr%C3%A8ve-g%C3%A9n%C3%A9ral-%C3%A0-l-h%C3%B4pital-de-chartres\/ar-AA1mOcwP\">Mouvement de gr\u00e8ve g\u00e9n\u00e9ral \u00e0 l\u2019h\u00f4pital de Chartres<\/a> (Le Parisien)<\/p>\n\n\n\n<p><a href=\"https:\/\/la1ere.francetvinfo.fr\/nouvellecaledonie\/cinq-agences-opt-de-la-cote-est-resteront-fermees-lundi-15-janvier-en-raison-d-une-greve-1456466.html\">Cinq agences OPT de la c\u00f4te Est resteront ferm\u00e9es lundi 15 janvier en raison d\u2019une gr\u00e8ve<\/a> (franceinfo)<\/p>\n\n\n\n<p><a href=\"https:\/\/www.leprogres.fr\/social\/2024\/01\/11\/greve-a-vaulx-en-velin-une-centaine-d-agents-mobilises-du-grabuge-a-la-mairie\">Gr\u00e8ve \u00e0 Vaulx-en-Velin&nbsp;: une centaine d\u2019agents mobilis\u00e9s, du grabuge \u00e0 la mairie<\/a> (Le Progr\u00e8s)<\/p>\n\n\n\n<p><a href=\"https:\/\/www.sudouest.fr\/economie\/social\/les-salaries-d-ineo-en-greve-a-bergerac-et-agen-18090065.php\">Gr\u00e8ve chez In\u00e9o \u00e0 Bergerac et Agen&nbsp;: un accord en vue<\/a> (Sud Ouest)<\/p>\n\n\n\n<p><a href=\"https:\/\/www.lalsace.fr\/social\/2024\/01\/12\/hospices-civils-le-personnel-de-bloc-en-greve-ce-vendredi-matin\">Hospices civils&nbsp;: le personnel de bloc en gr\u00e8ve, ce vendredi matin<\/a> (L\u2019Alsace)<\/p>\n\n\n\n<p><a href=\"https:\/\/www.lavoixdunord.fr\/videos\/a_la_une\/armentierois-vers-un-nouveau-mouvement-de-greve-des-livreurs-uber-eats?param01=qfpmxu3&amp;param02=01499695&amp;param03=6\">Armenti\u00e9rois : Vers un nouveau mouvement de gr\u00e8ve des livreurs Uber Eats ? &#8211; Vid\u00e9o<\/a> (La Voix du Nord)<\/p>\n\n\n\n<p><a href=\"https:\/\/actu.fr\/occitanie\/nimes_30189\/nimes-pourquoi-la-greve-dans-les-transports-en-commun-se-durcit_60544320.html\">N\u00eemes : pourquoi la gr\u00e8ve dans les transports en commun se durcit&nbsp;?<\/a> (Actu)<\/p>\n\n\n\n<p><a href=\"https:\/\/www.bienpublic.com\/social\/2024\/01\/11\/greve-a-l-hopital-on-nous-annonce-dix-postes-en-moins-d-ici-avril\">Gr\u00e8ve \u00e0 l\u2019h\u00f4pital&nbsp;: \u00ab&nbsp;On nous annonce dix postes en moins d\u2019ici avril&nbsp;\u00bb<\/a> (Bien Public)<\/p>\n\n\n\n<p><a href=\"https:\/\/www.guadeloupe.franceantilles.fr\/actualite\/social\/baie-mahault-fin-de-la-greve-aux-eaux-claires-970024.php\">Baie-Mahault: fin de la gr\u00e8ve aux Eaux Claires<\/a> (France-Antilles)<\/p>\n\n\n\n<p><a href=\"https:\/\/solidaires.org\/sinformer-et-agir\/actualites-et-mobilisations\/locales\/sud-education-en-greve-le-1er-fevrier-manif-et-ag-de-grevistes-a-carcassonne\/\">Sud Education : en gr\u00e8ve le 1er f\u00e9vrier, manif et AG de gr\u00e9vistes \u00e0 Carcassonne<\/a> (Solidaires)<\/p>\n\n\n\n<p><strong>Monde<\/strong><\/p>\n\n\n\n<p><a href=\"https:\/\/www.lalibre.be\/regions\/hainaut\/2024\/01\/11\/greve-du-zele-des-douaniers-de-laeroport-de-charleroi-des-files-a-bsca-depuis-ce-matin-tous-les-bagages-sont-fouilles-ID2QFHNHIVHLHC6DBVAF2Z357Y\/\">\u00ab\u00a0Gr\u00e8ve du z\u00e8le\u00a0\u00bb des douaniers de l\u2019a\u00e9roport de <strong>Charleroi<\/strong>&nbsp;: tous les bagages sont fouill\u00e9s<\/a> (La Libre)<\/p>\n\n\n\n<p><strong><a href=\"https:\/\/indigobuzz.fr\/2024\/01\/tesla-aurait-augmente-les-salaires-des-ouvriers-dusine-aux-etats-unis-alors-que-le-syndicat-se-profile.html\">Tesla aurait augment\u00e9 les salaires des ouvriers d\u2019usine aux \u00c9tats-Unis alors que le syndicat se profile<\/a> (Indigo buzz)<\/strong><\/p>\n\n\n\n<p><strong>Analyse<\/strong><\/p>\n\n\n\n<p><a href=\"https:\/\/rapportsdeforce.fr\/classes-en-lutte\/14-et-21-janvier-pourquoi-deux-manifestations-contre-la-loi-asile-et-immigration-011120139\">14 et 21 janvier : pourquoi deux manifestations contre la loi asile et immigration ?<\/a> (Rapports de force)<\/p>\n\n\n\n<p><strong><a href=\"https:\/\/www.streetpress.com\/sujet\/1704977138-greve-repression-compagnons-emmaus-nord-traite-esclavage-violences-policieres\">Depuis leur gr\u00e8ve in\u00e9dite, la r\u00e9pression s\u2019abat sur les compagnons d\u2019Emma\u00fcs<\/a> (Street Press)<\/strong><\/p>\n\n\n\n<p class=\"has-text-color has-link-color wp-elements-55e398670535981d610a01afc0db0a07\" style=\"color:#f90404\"><strong>11 janvier<\/strong><\/p>\n\n\n\n<p><a href=\"https:\/\/www.humanite.fr\/social-et-economie\/conditions-de-travail\/paris-2024-les-policiers-manifestent-pour-une-prime-jo\">Paris 2024&nbsp;: les policiers manifestent pour une prime JO<\/a> (l\u2019Humanit\u00e9)<\/p>\n\n\n\n<p><strong><a href=\"https:\/\/france3-regions.francetvinfo.fr\/occitanie\/pyrenees-orientales\/perpignan\/greve-chez-un-sous-traitant-d-orange-des-salaries-de-toute-l-occitanie-rassembles-a-perpignan-2903924.html\">Gr\u00e8ve chez un sous-traitant d&rsquo;Orange&nbsp;: des salari\u00e9s de toute l&rsquo;Occitanie rassembl\u00e9s \u00e0 Perpignan<\/a> (franceinfo)<\/strong><\/p>\n\n\n\n<p><a href=\"https:\/\/www.lechorepublicain.fr\/coudray-28630\/actualites\/le-mouvement-de-greve-illimitee-aux-hopitaux-de-chartres-etendu-a-tous-les-services_14433247\/\">Le mouvement de gr\u00e8ve illimit\u00e9e aux H\u00f4pitaux de Chartres \u00e9tendu \u00e0 tous les services<\/a> (L\u2019Echo R\u00e9publicain)<\/p>\n\n\n\n<p><a href=\"https:\/\/www.lavoixdunord.fr\/1417406\/article\/2024-01-10\/greve-la-halte-saint-jean-pour-la-maire-il-faut-passer-par-une-fermeture-de-l\">Gr\u00e8ve \u00e0 la Halte Saint-Jean : pour la maire, il faut passer par une fermeture de l\u2019\u00e9tablissement<\/a> (La Voix du Nord)<\/p>\n\n\n\n<p><a href=\"https:\/\/www.ouest-france.fr\/pays-de-la-loire\/nantes-44000\/au-chu-des-agents-en-greve-depuis-plus-dun-an-si-rien-nest-fait-il-se-passera-un-drame-6b96f2f8-af04-11ee-aa61-307337b06e99\">Au CHU, des agents en gr\u00e8ve depuis plus d\u2019un an&nbsp;: \u00ab&nbsp;Si rien n\u2019est fait, il se passera un drame&nbsp;\u00bb<\/a> (Ouest-France)<\/p>\n\n\n\n<p><a href=\"https:\/\/www.francebleu.fr\/infos\/economie-social\/les-salaries-d-ineo-a-bergerac-en-greve-a-cause-de-nouveaux-horaires-imposes-par-la-direction-2958294\">Les salari\u00e9s d&rsquo;In\u00e9o \u00e0 Bergerac en gr\u00e8ve \u00e0 cause de nouveaux horaires impos\u00e9s par la direction<\/a> (ici)<\/p>\n\n\n\n<p><a href=\"https:\/\/www.lindependant.fr\/2024\/01\/10\/perpignan-greve-surprise-chez-solutions-30-ex-sotranasa-ce-mercredi-11687298.php\">Perpignan : gr\u00e8ve surprise chez Solutions 30 (ex-Sotranasa) ce mercredi<\/a> (L\u2019Ind\u00e9pendant)<\/p>\n\n\n\n<p><a href=\"https:\/\/www.francebleu.fr\/infos\/economie-social\/une-greve-pour-les-salaires-a-la-centrale-nucleaire-de-cruas-3219774\">Une gr\u00e8ve pour les salaires \u00e0 la centrale nucl\u00e9aire de Cruas<\/a> (ici)<\/p>\n\n\n\n<p><a href=\"https:\/\/www.msn.com\/fr-fr\/finance\/economie\/reportage-il-ny-a-quune-infirmi%C3%A8re-pour-28-patients-%C3%A0-lh%C3%B4pital-de-meulan-les-mureaux-les-urgences-en-gr%C3%A8ve-pour-r%C3%A9clamer-un-poste-suppl%C3%A9mentaire\/ar-AA1mJEOJ\">H\u00f4pital de Meulan-Les Mureaux, les urgences en gr\u00e8ve pour r\u00e9clamer un poste suppl\u00e9mentaire<\/a> (franceinfo)<\/p>\n\n\n\n<p><a href=\"https:\/\/www.aisnenouvelle.fr\/id482482\/article\/2024-01-10\/nouvelle-journee-de-greve-ce-jeudi-10-janvier-au-centre-hospitalier-de-saint\">Nouvelle journ\u00e9e de gr\u00e8ve ce jeudi 10 janvier au centre hospitalier de Saint-Quentin<\/a> (L\u2019Aisne Nouvelle)<\/p>\n\n\n\n<p><strong>Monde<\/strong><\/p>\n\n\n\n<p><strong><a href=\"https:\/\/alencontre.org\/societe\/syndicats\/grande-bretagne-la-campagne-syndicale-et-de-greve-chez-amazon-setend.html\">Grande-Bretagne. La campagne syndicale et de gr\u00e8ve chez Amazon s\u2019\u00e9tend<\/a>&nbsp;(A l\u2019encontre)<\/strong><\/p>\n\n\n\n<p><a href=\"https:\/\/www.wsws.org\/fr\/articles\/2024\/01\/10\/jlou-j10.html\">Alors que les licenciements chez Stellantis se profilent aux<strong> \u00c9tats-Unis<\/strong>, <\/a>&#8230; (WSWS)<\/p>\n\n\n\n<p><a href=\"https:\/\/www.lalibre.be\/dernieres-depeches\/2024\/01\/10\/le-personnel-des-prisons-belges-en-greve-des-22h00-jeudi-pendant-24-heures-USVDHFXOZNAZDMEFPZEMR2IT2I\/\">Le personnel des prisons <strong>belges<\/strong> en gr\u00e8ve d\u00e8s 22h00 jeudi pendant 24 heures<\/a> (La Libre)<\/p>\n\n\n\n<p><a href=\"https:\/\/www.yenisafak.com\/fr\/international\/portugal-greve-chez-un-groupe-de-medias-en-difficulte-19213\"><strong>Portugal<\/strong>: gr\u00e8ve chez un groupe de m\u00e9dias en difficult\u00e9<\/a> (Yeni Safak)<\/p>\n\n\n\n<p><a href=\"https:\/\/www.msn.com\/fr-fr\/lifestyle\/trucs-et-astuces\/allemagne-gr%C3%A8ve-des-m%C3%A9decins-qui-r%C3%A9clament-de-meilleures-conditions-de-travail\/ar-AA1mJSQ8\"><strong>Allemagne<\/strong> : gr\u00e8ve des m\u00e9decins qui r\u00e9clament de meilleures conditions de travail<\/a> (Euronews)<\/p>\n\n\n\n<p><a href=\"https:\/\/www.lalibre.be\/dernieres-depeches\/2024\/01\/10\/la-greve-dun-sous-traitant-de-de-lijn-pourrait-etre-prolongee-en-province-danvers-IKPTHBOLDJBGBNEMKZFODW23RU\/\"><strong>Belgique<\/strong> : La gr\u00e8ve d&rsquo;un sous-traitant de De Lijn pourrait \u00eatre prolong\u00e9e en province d&rsquo;Anvers<\/a> (La Libre)<\/p>\n\n\n\n<p><a href=\"https:\/\/france3-regions.francetvinfo.fr\/grand-est\/bas-rhin\/strasbourg-0\/greve-des-conducteurs-de-train-en-allemagne-de-fortes-perturbations-attendues-sur-les-lignes-2903537.html\">Gr\u00e8ve des conducteurs de train en <strong>Allemagne<\/strong>&nbsp;: de fortes perturbations attendues sur les lignes ferroviaires<\/a> (franceinfo)<\/p>\n\n\n\n<p><a href=\"https:\/\/www.lalibre.be\/dernieres-depeches\/2024\/01\/10\/le-blocage-du-centre-de-distribution-de-lidl-a-la-louviere-leve-par-un-huissier-FI6CP2EPPNCNPHE5B36K2T6KSI\/\"><strong>Belgique<\/strong> : Le blocage du centre de distribution de Lidl \u00e0 La Louvi\u00e8re lev\u00e9 par un huissier <\/a>(La Libre)<\/p>\n\n\n\n<p><strong>Analyse<\/strong><\/p>\n\n\n\n<p><strong><a href=\"https:\/\/www.revue-ballast.fr\/des-villes-policieres-et-un-monde-militarise\/\">Des villes polici\u00e8res et un monde militaris\u00e9<\/a> (Ballast)<\/strong><\/p>\n\n\n\n<p><strong><a href=\"https:\/\/www.revolutionpermanente.fr\/Hausse-des-prix-gentrification-repression-comment-les-JO-2024-s-attaquent-aux-classes-populaires\">Hausse des prix, gentrification, r\u00e9pression&nbsp;: comment les JO 2024 s\u2019attaquent aux classes populaires<\/a> (RP)<\/strong><\/p>\n\n\n\n<p><a href=\"https:\/\/www.blast-info.fr\/articles\/2024\/assises-de-bobigny-affaire-theo-apres-les-violences-les-denegations-policieres-mms6qkM_QLC_P_ojFPq5RA\">Assises de Bobigny&nbsp;: \u00ab Affaire Th\u00e9o \u00bb, apr\u00e8s les violences, les d\u00e9n\u00e9gations polici\u00e8res<\/a> (Blast)<\/p>\n\n\n\n<p class=\"has-text-color has-link-color wp-elements-5b2bdcbdb7cd8174941f940d3593a1e4\" style=\"color:#f70505\"><strong>10 janvier<\/strong><a href=\"https:\/\/lepoing.net\/cette-semaine-dans-lherault-rassemblement-contre-les-violences-sexistes-soutien-au-quartier-genereux\/\"><\/a><\/p>\n\n\n\n<p><a href=\"https:\/\/lepoing.net\/cette-semaine-dans-lherault-rassemblement-contre-les-violences-sexistes-soutien-au-quartier-genereux\/\">H\u00e9rault : rassemblement contre les violences sexistes, soutien au Quartier G\u00e9n\u00e9reux<\/a> (Le Poing)<\/p>\n\n\n\n<p><strong><a href=\"https:\/\/rebellyon.info\/ZAD-CONTRE-L-A69-ET-POUR-LA-DEFENSE-DU-25546\">ZAD&nbsp;contre l\u2019A69 et pour la d\u00e9fense du vivant<\/a> (Rebellyon)<\/strong><\/p>\n\n\n\n<p><strong><a href=\"https:\/\/www.revolutionpermanente.fr\/On-veut-notre-argent-Debrayage-massif-dans-5-technicentres-TGV\">\u00ab&nbsp;On arr\u00eate tout&nbsp;\u00bb&nbsp;: d\u00e9brayage massif dans 5 technicentres TGV pour des augmentations de salaire<\/a> (RP)<\/strong><\/p>\n\n\n\n<p><a href=\"https:\/\/www.revolutionpermanente.fr\/College-la-Cerisaie-94-les-personnels-en-greve-contre-la-loi-immigration\">Coll\u00e8ge la Cerisaie (94)&nbsp;: les personnels en gr\u00e8ve contre la loi immigration<\/a> (RP)<\/p>\n\n\n\n<p><a href=\"https:\/\/la1ere.francetvinfo.fr\/polynesie\/tahiti\/polynesie-francaise\/hydrocarbures-le-mouvement-de-greve-se-poursuit-peut-etre-rejoint-par-gaz-de-tahiti-1455926.html\">Hydrocarbures : le mouvement de gr\u00e8ve se poursuit, peut-\u00eatre rejoint par Gaz de Tahiti<\/a> (franceinfo)<\/p>\n\n\n\n<p><a href=\"https:\/\/www.ouest-france.fr\/pays-de-la-loire\/le-mans-72000\/les-salaries-de-la-sarr-pour-la-premiere-fois-en-greve-pour-une-redistribution-de-la-richesse-e4665e38-af0b-11ee-aa61-307337b06e99\">Les salari\u00e9s de la SARR pour la premi\u00e8re fois en gr\u00e8ve&nbsp;pour une \u00ab&nbsp;redistribution de la richesse&nbsp;\u00bb<\/a> (Ouest-France)<\/p>\n\n\n\n<p><a href=\"https:\/\/www.leprogres.fr\/education\/2024\/01\/09\/une-greve-suivie-a-pres-de-100-au-college-paul-vallon\">Une gr\u00e8ve suivie \u00e0 pr\u00e8s de 100&nbsp;% au coll\u00e8ge Paul-Vallon<\/a> (Le Progr\u00e8s)<\/p>\n\n\n\n<p><a href=\"https:\/\/www.midilibre.fr\/2024\/01\/09\/greve-sur-le-reseau-de-transports-tango-a-nimes-lagglo-demande-aux-salaries-grevistes-de-lui-faire-confiance-11685286.php\">Gr\u00e8ve sur le r\u00e9seau  Tango \u00e0 N\u00eemes : l&rsquo;Agglo demande aux salari\u00e9s gr\u00e9vistes de lui \u00ab\u00a0faire confiance\u00a0\u00bb<\/a> (Midi Libre)<\/p>\n\n\n\n<p><a href=\"https:\/\/www.oisehebdo.fr\/2024\/01\/09\/chambly-soignants-ehpad-louise-michel-greve-depuis-4-janvier\/\">Chambly. Les soignants de l\u2019Ehpad Louise-Michel en gr\u00e8ve depuis le 4 janvier<\/a> (Oise Hebdo)<\/p>\n\n\n\n<p><a href=\"https:\/\/www.lejsl.com\/social\/2024\/01\/09\/centre-orthopedique-la-greve-reconduite\">Centre orthop\u00e9dique&nbsp;de Dracy : la gr\u00e8ve reconduite<\/a> (Le Journal de Sa\u00f4ne et Loire)<\/p>\n\n\n\n<p><a href=\"https:\/\/www.lunion.fr\/videos\/mobile\/l-actu-de-reims\/les-pompiers-de-reims-sont-en-greve-ils-reclament-du-chauffage-dans-leur-caserne?param01=qfpuvqr&amp;param02=01342685&amp;param03=1\">Les pompiers de Reims sont en gr\u00e8ve, ils r\u00e9clament du chauffage dans leur caserne<\/a> (L\u2019union)<\/p>\n\n\n\n<p><a href=\"https:\/\/www.paris-normandie.fr\/id482283\/article\/2024-01-09\/le-havre-les-brancardiers-de-lhopital-monod-en-greve-contre-la-refonte-de-leurs\">Le Havre. Les brancardiers de l\u2019h\u00f4pital Monod en gr\u00e8ve contre la refonte de leurs horaires<\/a> (Paris-Normandie)<\/p>\n\n\n\n<p><strong><a href=\"https:\/\/www.estrepublicain.fr\/social\/2024\/01\/09\/baisse-des-rtt-et-conditions-de-travail-degradees-110-employes-d-alstom-en-greve\">Baisse des RTT et conditions de travail d\u00e9grad\u00e9es&nbsp;: 110 employ\u00e9s d\u2019Alstom en gr\u00e8ve<\/a> (L\u2019Est R\u00e9publicain)<\/strong><\/p>\n\n\n\n<p><a href=\"https:\/\/www.paris-normandie.fr\/id482147\/article\/2024-01-09\/la-cgt-de-la-centrale-de-penly-promet-des-actions-alors-que-les-negociations\">La CGT de la centrale de Penly promet des actions, les n\u00e9gociations salariales patinent<\/a> (Partis-Normandie)<\/p>\n\n\n\n<p><a href=\"https:\/\/www.larep.fr\/dampierre-en-burly-45570\/actualites\/une-partie-des-effectifs-de-la-centrale-de-dampierre-a-interrompu-ses-activites-lundi_14432521\/\">Une partie des effectifs de la centrale de Dampierre a interrompu ses activit\u00e9s lundi<\/a> (La R\u00e9publique du Centre)<\/p>\n\n\n\n<p><a href=\"https:\/\/www.msn.com\/fr-fr\/actualite\/france\/a-bordeaux-deux-militants-cgt-relax%C3%A9s-apr%C3%A8s-des-coupures-de-courant-pendant-la-mobilisation-contre-la-r%C3%A9forme-des-retraites\/ar-AA1mHkIi\">A Bordeaux, deux militants CGT relax\u00e9s apr\u00e8s des coupures de courant pendant la mobilisation contre la r\u00e9forme des retraites<\/a> (Lib\u00e9ration)<\/p>\n\n\n\n<p><strong>Monde<\/strong><\/p>\n\n\n\n<p><a href=\"https:\/\/www.dakaractu.com\/Greve-et-augmentation-du-prix-du-pain-Desaccord-entre-les-boulangers-du-Senegal_a242873.html\">Gr\u00e8ve et augmentation du prix du pain : D\u00e9saccord entre les boulangers du <\/a><strong><a href=\"https:\/\/www.dakaractu.com\/Greve-et-augmentation-du-prix-du-pain-Desaccord-entre-les-boulangers-du-Senegal_a242873.html\">S\u00e9n\u00e9ga<\/a>l<\/strong> (Dakar actu)<\/p>\n\n\n\n<p><a href=\"https:\/\/www.rtbf.be\/article\/greve-chez-lidl-le-grand-centre-de-distribution-de-la-louviere-est-bloque-depuis-6-heures-ce-matin-11310526\"><strong>Belgique<\/strong> &#8211; Gr\u00e8ve chez Lidl&nbsp;: le grand centre de distribution de La Louvi\u00e8re est bloqu\u00e9 depuis 6&nbsp;heures ce matin<\/a> (RTBF)<\/p>\n\n\n\n<p><strong>Analyse<\/strong><\/p>\n\n\n\n<p><strong><a href=\"https:\/\/www.youtube.com\/watch?v=b7P2BKnNY_M&amp;ab_channel=BLAST%2CLesouffledel%27info\">De Friedman \u00e0 Macron : le choix du ch\u00f4mage<\/a> (Blast)<\/strong><\/p>\n\n\n\n<p><a href=\"https:\/\/basta.media\/chaque-jour-est-pire-bretagne-urgences-accueillent-plus-patients-dignement-hopital\">\u00ab&nbsp;Chaque jour est pire&nbsp;\u00bb&nbsp;: en Bretagne, les urgences n\u2019accueillent plus les patients dignement<\/a> (Basta!)<\/p>\n\n\n\n<p class=\"has-text-color has-link-color wp-elements-6b231f821af86f5c2c8fbdf67359d173\" style=\"color:#f40707\"><strong>9 janvier<\/strong><\/p>\n\n\n\n<p><strong><a href=\"https:\/\/bellaciao.org\/201-personnalites-appellent-a-marcher-le-dimanche-21-janvier-contre-la-loi\">201 personnes appellent \u00e0 marcher le dimanche 21 janvier contre la loi immigration<\/a> (Bellaciao)<\/strong><\/p>\n\n\n\n<p><a href=\"https:\/\/paris-luttes.info\/soiree-de-soutien-pour-les-17723\">Soir\u00e9e pour les prisonnier-es politiques et les 30 ans de l\u2019insurrection zapatiste (1994 &#8211; 2024)<\/a> (Paris-Luttes info)<\/p>\n\n\n\n<p><a href=\"https:\/\/www.revolutionpermanente.fr\/Affronter-la-loi-immigration-reunion-publique-le-12-janvier-avec-les-Gilets-noirs-le-CSP75-RP\">Affronter la loi immigration&nbsp;: r\u00e9union publique le 12 janvier avec les Gilets noirs, le CSP75, RP\u2026<\/a> (RP)<\/p>\n\n\n\n<p><a href=\"https:\/\/www.lejsl.com\/sante\/2024\/01\/08\/centre-orthopedique-les-salaries-reclament-de-meilleures-conditions-de-travail\">Centre orthop\u00e9dique&nbsp;: les salari\u00e9s r\u00e9clament de meilleures conditions de travail<\/a> (Le Journal de Sa\u00f4ne et Loire)<\/p>\n\n\n\n<p><a href=\"https:\/\/www.ouest-france.fr\/economie\/entreprises\/greve-chez-mondial-assistance-au-mans-nous-travaillons-en-flux-tendu-a6323528-ae3a-11ee-8ce5-c353cc4f1a17\">Gr\u00e8ve chez Mondial assistance au Mans&nbsp;: \u00ab&nbsp;Nous travaillons en flux tendu&nbsp;\u00bb<\/a> (Ouest-France)<\/p>\n\n\n\n<p><a href=\"https:\/\/www.midilibre.fr\/2024\/01\/08\/greve-des-transports-en-commun-a-nimes-le-mouvement-est-parti-pour-se-durcir-selon-lintersyndicale-11682932.php\">Gr\u00e8ve des transports en commun \u00e0 N\u00eemes <\/a> (Midi Libre)<\/p>\n\n\n\n<p><a href=\"https:\/\/www.activradio.com\/casino-les-syndicats-entrent-en-greve\">Un mouvement de gr\u00e8ve du c\u00f4t\u00e9 de Casino<\/a> (Activ Radio)<\/p>\n\n\n\n<p><a href=\"https:\/\/france3-regions.francetvinfo.fr\/auvergne-rhone-alpes\/rhone\/lyon\/30-par-classe-ce-ne-sont-pas-de-bonnes-conditions-de-travail-greve-dans-un-college-pres-de-lyon-2900441.html\">\u00ab\u00a030 par classe, ce ne sont pas de bonnes conditions de travail\u00a0\u00bb : gr\u00e8ve dans un coll\u00e8ge pr\u00e8s de Lyon<\/a> (franceinfo)<\/p>\n\n\n\n<p><a href=\"https:\/\/www.lavoixdunord.fr\/1416629\/article\/2024-01-08\/les-negociations-salariales-toyotomi-onnaing-coincent-des-salaries-sont-en-greve\">Les n\u00e9gociations salariales \u00e0 Toyotomi Onnaing coincent, salari\u00e9s en gr\u00e8ve depuis vendredi<\/a> (La Voix du Nord)<\/p>\n\n\n\n<p><a href=\"https:\/\/www.msn.com\/fr-fr\/actualite\/other\/menace-de-gr%C3%A8ve-chez-edf-apr%C3%A8s-l-%C3%A9chec-des-n%C3%A9gociations-salariales\/ar-AA1mEJOs\">Menace de gr\u00e8ve chez EDF apr\u00e8s l\u2019\u00e9chec des n\u00e9gociations salariales<\/a> (20 minutes)<\/p>\n\n\n\n<p><a href=\"https:\/\/www.ouest-france.fr\/normandie\/le-mont-saint-michel-50170\/la-greve-au-mont-saint-michel-est-reconduite-tous-les-samedis-bcedb8c6-ae0f-11ee-aeab-9ccdc43864cb\">La gr\u00e8ve au Mont Saint-Michel est reconduite tous les samedis<\/a> (Ouest-France)<\/p>\n\n\n\n<p><a href=\"https:\/\/www.radio1.pf\/preavis-de-greve-a-gaz-de-tahiti\/\">Pr\u00e9avis de gr\u00e8ve \u00e0 Gaz de Tahiti<\/a> ( Radio 1)<\/p>\n\n\n\n<p><a href=\"https:\/\/www.leberry.fr\/orleans-45000\/actualites\/un-mouvement-de-greve-annonce-sur-le-reseau-de-trains-remi-en-centre-val-de-loire-ce-lundi-8-janvier_14431663\/\">Un mouvement de gr\u00e8ve annonc\u00e9 sur le r\u00e9seau de trains R\u00e9mi en Centre-Val de Loire<\/a> (Le Berry R\u00e9publicain)<\/p>\n\n\n\n<p><strong>Monde<\/strong><\/p>\n\n\n\n<p><a href=\"https:\/\/www.revolutionpermanente.fr\/Argentine-La-greve-nationale-du-24-janvier-contre-l-attaque-generalisee-de-Milei-se-prepare\"><strong>Argentine<\/strong>. La gr\u00e8ve nationale du 24 janvier contre l\u2019attaque g\u00e9n\u00e9ralis\u00e9e de Milei se pr\u00e9pare<\/a> (RP)<\/p>\n\n\n\n<p><a href=\"https:\/\/www.msn.com\/fr-fr\/actualite\/monde\/tchad-apr%C3%A8s-deux-mois-de-gr%C3%A8ve-de-leurs-profs-les-%C3%A9l%C3%A8ves-du-public-ont-repris-les-cours\/ar-AA1mELHe\"><strong>Tchad<\/strong>: apr\u00e8s deux mois de gr\u00e8ve de leurs profs, les \u00e9l\u00e8ves du public ont repris les cours<\/a> (RFI)<\/p>\n\n\n\n<p><a href=\"https:\/\/www.sudquotidien.sn\/les-volontaires-du-service-civique-national-en-greve-pour-reclamer-le-paiement-de-leurs-indemnites\/\"><strong>S\u00e9n\u00e9gal<\/strong> &#8211; les volontaires du Service Civique National en gr\u00e8ve pour r\u00e9clamer leurs indemnit\u00e9s<\/a> (Sud Quotidien)<\/p>\n\n\n\n<p><a href=\"https:\/\/www.zonebourse.com\/cours\/action\/MGM-RESORTS-INTERNATIONAL-13513\/actualite\/Les-syndicats-des-travailleurs-de-l-hotellerie-et-de-la-restauration-de-Las-Vegas-fixent-la-date-li-45694590\/\">Les syndicats des travailleurs de l&rsquo;h\u00f4tellerie de <strong>Las Vegas<\/strong> fixent la date limite de la gr\u00e8ve au 2 f\u00e9vrier<\/a> (Zonebourse)<\/p>\n\n\n\n<p><a href=\"https:\/\/senego.com\/sytjust-72-heures-de-greve-a-partir-de-ce-mardi_1645101.html\"><strong>S\u00e9n\u00e9gal<\/strong> &#8211; Paralysie des tribunaux : 3 jours de gr\u00e8ve du Sytjust, \u00e0 partir de ce mardi<\/a> (S\u00e9n\u00e9go)<\/p>\n\n\n\n<p><a href=\"https:\/\/www.maroc-hebdo.press.ma\/sante-infirmiers-techniciens-sante-greve-trois-jours-partir-semaine-prochaine\"><strong>Maroc<\/strong> &#8211; Sant\u00e9 : Les infirmiers et techniciens de sant\u00e9 en gr\u00e8ve de trois jours<\/a> (Maroc Hebdo)<\/p>\n\n\n\n<p><a href=\"https:\/\/www.humanite.fr\/monde\/rishi-sunak\/royaume-uni-les-jeunes-medecins-accusent-les-autorites-davoir-voulu-briser-la-greve\"><strong>Royaume-uni <\/strong>: les jeunes m\u00e9decins accusent les autorit\u00e9s d\u2019avoir voulu briser la gr\u00e8ve<\/a> (l\u2019Humanit\u00e9)<\/p>\n\n\n\n<p><strong><a href=\"https:\/\/www.sudinfo.be\/id769010\/article\/2024-01-08\/la-greve-du-zele-des-douaniers-continue-et-setend-liege-airport-il-y-aurait-plus\">Belgique &#8211; La gr\u00e8ve du z\u00e8le des douaniers s\u2019\u00e9tend \u00e0 Liege Airport&nbsp;: plus de 120.000 colis bloqu\u00e9s&nbsp;!<\/a> (Sud Info)<\/strong><\/p>\n\n\n\n<p><strong><a href=\"https:\/\/france3-regions.francetvinfo.fr\/grand-est\/alsace\/pourquoi-les-agriculteurs-allemands-manifestent-toute-la-semaine-et-perturbent-fortement-la-circulation-2902061.html\">Allemagne &#8211; Pourquoi les agriculteurs allemands manifestent toute la semaine <\/a> (franceinfo)<\/strong><\/p>\n\n\n\n<p><strong>Analyse<\/strong><\/p>\n\n\n\n<p><strong><a href=\"https:\/\/www.frustrationmagazine.fr\/france-souffrance-travail\/\">Comment la France est devenue championne de la souffrance au travail<\/a> (Frustration)<\/strong><\/p>\n\n\n\n<p><a href=\"Devrions-nous%20%C3%AAtre%20%E2%80%9Cmachiav%C3%A9liques%E2%80%9D%20?\">Devrions-nous \u00eatre \u201cmachiav\u00e9liques\u201d ?<\/a>&nbsp;&nbsp; (Frustration)<\/p>\n\n\n\n<p><strong><a href=\"https:\/\/www.monde-diplomatique.fr\/2024\/01\/SUPIOT\/66442\">Vers un droit international de la gr\u00e8ve&nbsp;?<\/a> (Le Monde Diplomatique)<\/strong><\/p>\n\n\n\n<p><a href=\"https:\/\/demarchesadministratives.fr\/actualites\/un-salarie-peut-il-appeler-a-la-greve-si-la-direction-refuse-engager-du-personnel\">Un salari\u00e9 peut-il appeler \u00e0 la gr\u00e8ve si la direction refuse d&rsquo;engager du personnel&nbsp;?<\/a> (D\u00e9marches Administratives)<\/p>\n\n\n\n<p class=\"has-text-color has-link-color wp-elements-149a9ae81d3406e1d5c971ad7a6e654a\" style=\"color:#f90707\"><strong>8 janvier<\/strong><\/p>\n\n\n\n<p><a href=\"https:\/\/www.revolutionpermanente.fr\/Affronter-la-loi-immigration-reunion-publique-le-12-janvier-avec-les-Gilets-noirs-le-CSP75-RP\">Affronter la loi immigration&nbsp;: r\u00e9union publique le 12 janvier avec les Gilets noirs, le CSP75, RP\u2026 <\/a>(RP)<\/p>\n\n\n\n<p><a href=\"https:\/\/www.force-ouvriere.fr\/caroline-calvo-preparatrice-en-pharmacie-encore-beaucoup-de\">Caroline Calvo, pr\u00e9paratrice en pharmacie&nbsp;:&nbsp;<em>\u201cEncore beaucoup de travail \u00e0 faire pour faire reconna\u00eetre ce m\u00e9tier&nbsp;!\u201d<\/em><\/a><em> (FO)<\/em><\/p>\n\n\n\n<p><a href=\"https:\/\/france3-regions.francetvinfo.fr\/provence-alpes-cote-d-azur\/alpes-maritimes\/nice\/greve-des-ter-en-paca-trafic-au-plus-bas-selon-la-cgt-cheminots-des-usagers-otages-selon-renaud-muselier-2901935.html\">Gr\u00e8ve des TER en PACA : \u00ab\u00a0trafic au plus bas\u00a0\u00bb selon la CGT Cheminots, des usagers \u00ab\u00a0otages\u00a0\u00bb selon Renaud Muselier<\/a> (franceinfo)<\/p>\n\n\n\n<p><a href=\"https:\/\/www.francebleu.fr\/infos\/transports\/mouvement-de-greve-ce-lundi-8-janvier-sur-le-reseau-des-ter-remi-2206966\">Mouvement de gr\u00e8ve ce lundi 8 janvier sur le r\u00e9seau R\u00e9mi<\/a> (ici)<\/p>\n\n\n\n<p><a href=\"https:\/\/www.sudouest.fr\/economie\/social\/greve\/ter-nouvelle-aquitaine-4-trains-sur-10-supprimes-ce-dimanche-et-lundi-en-raison-d-une-greve-18044299.php\">TER Nouvelle-Aquitaine&nbsp;: encore 4&nbsp;trains sur 10&nbsp;supprim\u00e9s ce lundi en raison d\u2019une gr\u00e8ve <\/a>(Sud-Ouest)<\/p>\n\n\n\n<p><strong>Monde<\/strong><\/p>\n\n\n\n<p><a href=\"https:\/\/www.la-croix.com\/economie\/allemagne-en-colere-les-agriculteurs-descendent-dans-la-rue-cette-semaine-20240107\"><strong>Allemagne<\/strong>&nbsp;: en col\u00e8re, les agriculteurs descendent dans la rue cette semaine<\/a> (La Croix)<\/p>\n\n\n\n<p><a href=\"https:\/\/www.rfi.fr\/fr\/en-bref\/20240107-allemagne-les-conducteurs-de-train-appel%C3%A9s-%C3%A0-trois-jours-de-gr%C3%A8ve-de-mercredi-%C3%A0-vendredi\"><strong>Allemagne<\/strong>: les conducteurs de train appel\u00e9s \u00e0 trois jours de gr\u00e8ve, de mercredi \u00e0 vendredi<\/a> (RFI)<\/p>\n\n\n\n<p><strong>Analyse<\/strong><\/p>\n\n\n\n<p><strong><a href=\"https:\/\/www.nonfiction.fr\/article-11913-confinement-et-travail-a-distance-entretien-avec-francois-granier.htm\">Confinement et travail \u00e0 distance : entretien avec Fran\u00e7ois Granier<\/a> (Nonfiction)<\/strong><\/p>\n\n\n\n<p class=\"has-text-color has-link-color wp-elements-c7d08148ce1b5719443d2cdd6f74c3f3\" style=\"color:#f40505\"><strong>6 janvier<\/strong><\/p>\n\n\n\n<p><strong><a href=\"https:\/\/www.revolutionpermanente.fr\/Stef-Logistic-Vitry-Apres-la-greve-la-direction-menace-des-salaries-de-licenciement\">Stef Logistic Vitry. Apr\u00e8s la gr\u00e8ve, la direction menace des salari\u00e9s de licenciement<\/a> (RP)<\/strong><\/p>\n\n\n\n<p><strong><a href=\"https:\/\/www.humanite.fr\/social-et-economie\/emmaus\/greve-a-emmaus-il-y-a-des-dysfonctionnements-dans-certaines-communautes-admet-le-directeur-general-tarek-daher\">Gr\u00e8ve \u00e0 Emma\u00fcs&nbsp;: \u00ab&nbsp;Il y a des dysfonctionnements dans certaines communaut\u00e9s&nbsp;\u00bb, admet le D.G..<\/a> (l\u2019Humanit\u00e9)<\/strong><\/p>\n\n\n\n<p><strong><a href=\"https:\/\/www.rue89strasbourg.com\/lappel-des-appels-a-strasbourg-trois-jours-pour-resister-a-la-peur-qui-nous-gouverne-289438\">L\u2019appel des appels \u00e0 Strasbourg&nbsp;: trois jours pour r\u00e9sister \u00e0 \u00ab&nbsp;la peur qui nous gouverne&nbsp;\u00bb<\/a> (Rue 89)<\/strong><\/p>\n\n\n\n<p><a href=\"https:\/\/www.bondyblog.fr\/portrait\/william-keo-le-photographe-des-mille-mille-aux-1000-vies\/\">William Keo, le photographe des Mille-Mille aux 1000 vies<\/a> (Le Bondy Blog)<\/p>\n\n\n\n<p><a href=\"https:\/\/www.francebleu.fr\/infos\/economie-social\/savoie-les-salaries-de-l-usine-chimique-mssa-de-saint-marcel-en-greve-on-a-peur-de-mourir-au-travail-4365050\">Savoie&nbsp;: les salari\u00e9s de l&rsquo;usine chimique MSSA de Saint-Marcel en gr\u00e8ve, \u00ab\u00a0on a peur de mourir au travail<\/a>\u00a0\u00bb (ici)<\/p>\n\n\n\n<p><a href=\"https:\/\/www.letelegramme.fr\/finistere\/brest-29200\/aeroport-brest-bretagne-greve-suivie-du-personnel-dassistance-mais-peu-de-perturbations-6499488.php\">A\u00e9roport Brest Bretagne&nbsp;: gr\u00e8ve suivie du personnel d\u2019assistance mais peu de perturbations<\/a> (Le T\u00e9l\u00e9gramme)<\/p>\n\n\n\n<p><a href=\"https:\/\/www.lechorepublicain.fr\/chartres-28000\/actualites\/un-preavis-de-greve-illimitee-depose-par-l-intersyndicale-dans-tous-les-services-des-hopitaux-de-chartres-a-partir-du-10-janvier_14431120\/\">Un pr\u00e9avis de gr\u00e8ve illimit\u00e9e d\u00e9pos\u00e9 par l&rsquo;intersyndicale dans tous les services des H\u00f4pitaux de Chartres, \u00e0 partir du 10 janvier <\/a>(L\u2019Echo R\u00e9publicain)<\/p>\n\n\n\n<p><a href=\"https:\/\/france3-regions.francetvinfo.fr\/normandie\/manche\/froid-manque-d-effectif-salaires-pourquoi-les-salaries-du-mont-saint-michel-sont-en-greve-2901011.html\">Froid, manque d&rsquo;effectif, salaires&#8230; Pourquoi les employ\u00e9s du Mont-Saint-Michel sont en gr\u00e8ve<\/a> (franceinfo)<\/p>\n\n\n\n<p><a href=\"https:\/\/actu.fr\/occitanie\/nimes_30189\/nimes-une-nouvelle-journee-de-greve-annoncee-pour-le-reseau-de-bus-tango_60521826.html\">N\u00eemes. Une nouvelle journ\u00e9e de gr\u00e8ve annonc\u00e9e pour le r\u00e9seau de bus Tango<\/a> (actu)<\/p>\n\n\n\n<p><a href=\"https:\/\/www.sudouest.fr\/economie\/transports\/gironde-perturbations-sur-le-reseau-des-ter-ce-dimanche-7-et-lundi-8-janvier-18025488.php\">Gironde&nbsp;: perturbations sur le r\u00e9seau des TER ce dimanche&nbsp;7&nbsp;et lundi 8&nbsp;janvie<\/a>r (Sud-Ouest)<\/p>\n\n\n\n<p><strong>Monde<\/strong><\/p>\n\n\n\n<p><a href=\"https:\/\/www.humanite.fr\/monde\/greves\/angleterre-la-greve-des-internes-prend-une-tournure-politique\"><strong>Angleterre<\/strong>&nbsp;: La gr\u00e8ve des internes prend une tournure politique<\/a> (l\u2019Humanit\u00e9)<\/p>\n\n\n\n<p><a href=\"https:\/\/www.msn.com\/fr-ch\/actualite\/other\/les-employ%C3%A9s-des-tpg-vont-d%C3%A9cider-s-ils-font-gr%C3%A8ve\/ar-AA1mwldX\"><strong>Suisse<\/strong> &#8211; Les employ\u00e9s des TPG vont d\u00e9cider s\u2019ils font gr\u00e8ve<\/a> (20 Minutes)<\/p>\n\n\n\n<p><a href=\"https:\/\/www.msn.com\/fr-xl\/actualite\/other\/le-tchad-vers-une-possible-reprise-des-cours\/ar-AA1mwca3\">Le <strong>Tchad<\/strong> vers une possible reprise des cours<\/a> (DW)<\/p>\n\n\n\n<p><a href=\"https:\/\/www.ledevoir.com\/societe\/804845\/negociations-reprennent-air-transat-apres-rejet-syndiques\"><strong>Canada<\/strong> &#8211; Les n\u00e9gociations reprennent chez Air Transat apr\u00e8s le rejet des syndiqu\u00e9s<\/a> (Le Devoir)<\/p>\n\n\n\n<p><a href=\"https:\/\/www.lalibre.be\/dernieres-depeches\/2024\/01\/05\/conflit-social-a-la-deutsche-bahn-des-horaires-flexibles-proposes-aux-conducteurs-XB7TVWRP5FHX5HO6SGX4PMKL4E\/\"><strong>Allemagne<\/strong> &#8211; Conflit social \u00e0 la Deutsche Bahn: des horaires flexibles propos\u00e9s aux conducteurs<\/a> (La Libre)<\/p>\n\n\n\n<p><strong><a href=\"https:\/\/www.msn.com\/fr-fr\/finance\/other\/tesla-accus%C3%A9-de-d%C3%A9lit-d-entrave-%C3%A0-l-uaw-par-le-s%C3%A9nat-us\/ar-AA1mw7Yv\">Tesla accus\u00e9 de d\u00e9lit d\u2019entrave \u00e0 l\u2019UAW par le S\u00e9nat US<\/a> (Le blog auto)<\/strong><\/p>\n\n\n\n<p><a href=\"https:\/\/lematin.ma\/nation\/renvoyer-un-enseignant-greviste-que-dit-la-loi\/207822\"><strong>Maroc<\/strong> &#8211; Renvoyer un enseignant gr\u00e9viste pour abandon de poste, une question tr\u00e8s clivante<\/a> (Le Matin)<\/p>\n\n\n\n<p><strong>Analyse<\/strong><\/p>\n\n\n\n<p><strong><a href=\"https:\/\/www.inegalites.fr\/Doit-on-croire-au-merite\">Doit-on croire au m\u00e9rite&nbsp;?<\/a> (Observatoire des in\u00e9galit\u00e9s)<\/strong><\/p>\n\n\n\n<p><a href=\"https:\/\/www.inegalites.fr\/reapropritation-du-travail-par-les-travailleurs\">Comment donner aux travailleurs les moyens de se r\u00e9approprier leur travail&nbsp;?<\/a> (Observatoire des in\u00e9galit\u00e9s)<\/p>\n\n\n\n<p><strong><a href=\"https:\/\/www.politis.fr\/articles\/2024\/01\/christophe-dettinger-gilet-jaune-en-liberte-si-conditionnelle\/\">Christophe Dettinger, gilet jaune en libert\u00e9 si conditionnelle<\/a> (Politis)<\/strong><\/p>\n\n\n\n<p class=\"has-text-color has-link-color wp-elements-ddd5b696ad4dafe2472861efbd701363\" style=\"color:#f60505\"><strong>5 janvier<\/strong><\/p>\n\n\n\n<p><a href=\"https:\/\/lepoing.net\/montpellier-le-cafe-associatif-le-quartier-genereux-convoque-par-la-police\/\">Montpellier : Le caf\u00e9 associatif le Quartier g\u00e9n\u00e9reux convoqu\u00e9 par la police<\/a> (Le Poing)<\/p>\n\n\n\n<p><a href=\"https:\/\/www.revolutionpermanente.fr\/14-janvier-mobilisons-nous-massivement-contre-la-loi-immigration-et-les-lois-racistes\">14 janvier&nbsp;: mobilisons-nous massivement contre la loi immigration et les lois racistes&nbsp;!<\/a> (RP)<\/p>\n\n\n\n<p><a href=\"https:\/\/www.revolutionpermanente.fr\/Victoire-Airbus-condamne-pour-discrimination-syndicale-contre-un-militant-CGT\">Victoire&nbsp;! Airbus condamn\u00e9 pour discrimination syndicale contre un militant CGT<\/a> (RP)<\/p>\n\n\n\n<p><a href=\"https:\/\/www.humanite.fr\/social-et-economie\/lejaby\/lenseigne-de-lingerie-maison-lejaby-placee-en-redressement-judiciaire\">L\u2019enseigne de lingerie Maison Lejaby plac\u00e9e en redressement judiciaire<\/a> (l\u2019Humanit\u00e9)<\/p>\n\n\n\n<p><a href=\"https:\/\/94.citoyens.com\/2024\/greve-au-musee-beaubourg-de-paris-le-preavis-prolonge-au-15-fevrier,05-01-2024.html\">Gr\u00e8ve au mus\u00e9e Beaubourg de Paris&nbsp;: le pr\u00e9avis prolong\u00e9 au 15 f\u00e9vrier<\/a> (94 Citoyens)<\/p>\n\n\n\n<p><a href=\"https:\/\/ladepeche.pf\/2024\/01\/04\/hydrocarbures-la-greve-se-poursuit-mais-des-avancees-dans-les-discussions\/\">Hydrocarbures : la gr\u00e8ve se poursuit mais des avanc\u00e9es dans les discussions<\/a> (La D\u00e9p\u00eache de Tahiti)<\/p>\n\n\n\n<p><a href=\"https:\/\/actu.fr\/normandie\/le-havre_76351\/pres-du-havre-les-brancardiers-de-l-hopital-monod-en-greve_60524742.html\">Pr\u00e8s du Havre, les brancardiers de l&rsquo;h\u00f4pital Monod en gr\u00e8ve<\/a> (actu)<\/p>\n\n\n\n<p><a href=\"https:\/\/www.lavoixdunord.fr\/1415262\/article\/2024-01-04\/collecte-des-dechets-des-agents-de-nicollin-en-greve-le-ramassage-perturbe-dans\">Collecte des d\u00e9chets&nbsp;: une gr\u00e8ve perturbe la prise en main de Nicollin dans le Valenciennois<\/a> (La Voix du Nord)<\/p>\n\n\n\n<p><a href=\"https:\/\/www.sudouest.fr\/charente-maritime\/puilboreau\/charente-maritime-les-magasiniers-de-but-a-puilboreau-ne-lachent-rien-18016417.php\">Charente-Maritime&nbsp;: les magasiniers de BUT \u00e0 Puilboreau ne l\u00e2chent rien<\/a> (Sud Ouest)<\/p>\n\n\n\n<p><a href=\"https:\/\/france3-regions.francetvinfo.fr\/provence-alpes-cote-d-azur\/bouches-du-rhone\/pourquoi-les-syndicats-de-la-police-nationale-appellent-a-la-greve-le-18-janvier-2900294.html\">Pourquoi les syndicats de la police nationale appellent \u00e0 la gr\u00e8ve le 18 janvier<\/a> (Franceinfo)<\/p>\n\n\n\n<p><a href=\"https:\/\/www.francebleu.fr\/infos\/economie-social\/berry-la-nouvelle-convention-de-la-metallurgie-ne-convainc-pas-partout-1108603\">Berry&nbsp;: la nouvelle convention de la m\u00e9tallurgie ne convainc pas partout<\/a> (ici)<\/p>\n\n\n\n<p><strong>Monde<\/strong><\/p>\n\n\n\n<p><strong><a href=\"https:\/\/www.humanite.fr\/monde\/espagne\/telefonica-sapprete-a-licencier-3-421-salaries-en-espagne\">Telefonica s\u2019appr\u00eate \u00e0 licencier 3&nbsp;421 salari\u00e9s en Espagne <\/a>(l\u2019Humanit\u00e9)<\/strong><\/p>\n\n\n\n<p><a href=\"https:\/\/www.zonebourse.com\/cours\/action\/INTERNATIONAL-CONSOLIDATE-7233512\/actualite\/Le-personnel-au-sol-d-Iberia-propriete-d-IAG-en-greve-a-partir-de-minuit-45675864\/\"><strong>Espagne<\/strong> &#8211; Le personnel au sol d&rsquo;Iberia, propri\u00e9t\u00e9 d&rsquo;IAG, en gr\u00e8ve \u00e0 partir de minuit<\/a> (Zonebourse)<\/p>\n\n\n\n<p><a href=\"https:\/\/www.tuniscope.com\/article\/371369\/actualites\/tunisie\/ifm-152412\"><strong>Tunisie<\/strong> &#8211; Gr\u00e8ve \u00e0 la radio IFM<\/a> (Tuniscope)<\/p>\n\n\n\n<p><a href=\"https:\/\/www.lalibre.be\/dernieres-depeches\/2024\/01\/04\/la-cgsp-cheminots-depose-un-preavis-pour-une-greve-de-trois-jours-sur-le-rail-CNQKIVNLBBDCJMZS5DDOJSHMMI\/\"><strong>Belgique<\/strong><em> &#8211; <\/em>La CGSP Cheminots d\u00e9pose un pr\u00e9avis pour une gr\u00e8ve de trois jours sur le rail <\/a>(La Libre)<\/p>\n\n\n\n<p><a href=\"https:\/\/www.zonebourse.com\/cours\/matiere-premiere\/LME-NICKEL-CASH-16165\/actualite\/Les-travailleurs-de-la-societe-de-manutention-de-cereales-Viterra-en-Saskatchewan-sont-prets-a-45675039\/\"><strong>Canada<\/strong> &#8211; Les travailleurs de la soci\u00e9t\u00e9 Viterra en Saskatchewan sont pr\u00eats \u00e0 faire gr\u00e8ve<\/a> (Zonebourse)<\/p>\n\n\n\n<p><a href=\"https:\/\/www.voaafrique.com\/a\/maroc-manifestation-de-milliers-d-enseignants-%c3%a0-rabat\/7426828.html\"><strong>Maroc<\/strong> &#8211; Manifestation de milliers d&rsquo;enseignants \u00e0 Rabat<\/a> (VOA)<\/p>\n\n\n\n<p><strong>Analyse<\/strong><\/p>\n\n\n\n<p><strong><a href=\"https:\/\/www.revolutionpermanente.fr\/Milliers-d-emplois-menaces-casse-des-conditions-de-travail-la-vente-de-Casino-prepare-un-drame\">Milliers d\u2019emplois menac\u00e9s, casse des conditions de travail&nbsp;: la vente de Casino pr\u00e9pare un drame social<\/a> (RP)<\/strong><\/p>\n\n\n\n<p><strong><a href=\"https:\/\/www.humanite.fr\/en-debat\/associations\/claire-thoury-sociologue-les-tres-jeunes-nous-font-entrer-dans-une-nouvelle-ere-de-lengagement\" title=\"\">Claire Thoury, sociologue&nbsp;: \u00ab&nbsp;Les tr\u00e8s jeunes nous font entrer dans une nouvelle \u00e8re de l\u2019engagement&nbsp;\u00bb<\/a> (l\u2019Humanit\u00e9)<\/strong><\/p>\n\n\n\n<p><a href=\"https:\/\/www.force-ouvriere.fr\/construction-de-logements-sociaux-a-quand-une-veritable-18343\">Construction de logements sociaux&nbsp;: \u00e0 quand une v\u00e9ritable politique publique&nbsp;?<\/a> (FO)<\/p>\n\n\n\n<p class=\"has-text-color has-link-color wp-elements-2895a77c657158891a8e2d62455c2149\" style=\"color:#f90505\"><strong>4 janvier<\/strong><\/p>\n\n\n\n<p><a href=\"https:\/\/rebellyon.info\/Manifestation-unitaire-pour-Gaza-pour-la-25540\">Manifestation unitaire pour Gaza pour la Palestine samedi 6&nbsp;janvier \u00e0 Lyon<\/a> (Rebellyon)<\/p>\n\n\n\n<p><a href=\"https:\/\/www.revolutionpermanente.fr\/Nimes-Les-travailleurs-des-transports-en-greve-pour-leurs-conditions-de-travail-le-8-janvier\">N\u00eemes. Les travailleurs des transports en gr\u00e8ve pour leurs conditions de travail le 8 janvier<\/a> (RP)<\/p>\n\n\n\n<p><a href=\"https:\/\/lanticapitaliste.org\/actualite\/politique\/rafle-de-livreurs-velo-grenoble-et-dans-plusieurs-autres-villes\">Rafle de livreurs \u00e0 v\u00e9lo \u00e0 Grenoble et dans plusieurs autres villes<\/a> (l\u2019Anticapitaliste)<\/p>\n\n\n\n<p><a href=\"https:\/\/actu.fr\/societe\/les-pompiers-du-gard-en-greve-illimitee-une-sortie-de-crise-est-elle-possible_60517689.html\">Les pompiers du Gard en gr\u00e8ve illimit\u00e9e : une sortie de crise est-elle possible&nbsp;?<\/a> (actu)<\/p>\n\n\n\n<p><a href=\"https:\/\/www.francebleu.fr\/infos\/economie-social\/greve-a-l-abbaye-du-mont-saint-michel-pas-d-accord-entre-syndicats-et-direction-des-monuments-nationaux-8262965\">Gr\u00e8ve \u00e0 l&rsquo;abbaye du Mont-Saint-Michel&nbsp;: pas d&rsquo;accord entre syndicats et direction des Monuments nationaux<\/a> (ici)<\/p>\n\n\n\n<p><a href=\"https:\/\/la1ere.francetvinfo.fr\/polynesie\/tahiti\/polynesie-francaise\/greve-au-port-autonome-deux-remorqueurs-filtrent-l-acces-dans-la-rade-de-papeete-1454711.html\">Gr\u00e8ve au port autonome : deux remorqueurs filtrent l&rsquo;acc\u00e8s dans la rade de Papeete <\/a>(franceinfo)<\/p>\n\n\n\n<p><a href=\"https:\/\/www.msn.com\/fr-fr\/actualite\/other\/%C3%A0-nantes-les-agents-d-accueil-des-machines-sont-en-gr%C3%A8ve-mais-le-site-reste-ouvert\/ar-AA1mqnYM\">\u00c0 Nantes, les agents d\u2019accueil des Machines sont en gr\u00e8ve, mais le site reste ouvert<\/a> (Ouest-France)<\/p>\n\n\n\n<p><strong><a href=\"https:\/\/france3-regions.francetvinfo.fr\/hauts-de-france\/nord-0\/lille\/greve-a-emmaus-la-halte-saint-jean-fermee-sur-decision-du-prefet-les-compagnons-mobilises-ne-lacheront-rien-2899118.html\">Gr\u00e8ve \u00e0 Emma\u00fcs : la Halte Saint-Jean ferm\u00e9e sur d\u00e9cision du pr\u00e9fet<\/a> (franceinfo)<\/strong><\/p>\n\n\n\n<p><a href=\"https:\/\/www.leprogres.fr\/education\/2024\/01\/04\/classes-surchargees-violences-recurrentes-greve-prevue-a-la-rentree-au-college-paul-vallon-de-givors\">\u00abClasses surcharg\u00e9es et violences\u00bb&nbsp;: gr\u00e8ve au coll\u00e8ge Paul-Vallon de Givors<\/a> (Le Progr\u00e8s)<\/p>\n\n\n\n<p><strong><a href=\"https:\/\/www.placegrenet.fr\/2024\/01\/03\/grenoble-sud-ptt-accuse-la-poste-davoir-congedie-tous-les-facteurs-precaires-ayant-fait-greve\/621298\">Grenoble&nbsp;: Sud PTT accuse La Poste d\u2019avoir cong\u00e9di\u00e9 tous les facteurs pr\u00e9caires ayant fait&nbsp;gr\u00e8ve<\/a> (Place Grenet)<\/strong><\/p>\n\n\n\n<p><a href=\"https:\/\/guingamp.maville.com\/sport\/detail_-jo-2024.-les-salaries-de-la-tour-eiffel-menacent-de-faire-greve-pendant-la-competition-_-6094585_actu.Htm\">JO 2024. Les salari\u00e9s de la tour Eiffel menacent de faire gr\u00e8ve pendant la comp\u00e9tition<\/a>&nbsp; (Ouest-France)<\/p>\n\n\n\n<p><strong>Monde<\/strong><\/p>\n\n\n\n<p><a href=\"https:\/\/www.francetvinfo.fr\/replay-radio\/un-monde-d-avance\/angleterre-une-greve-de-medecins-d-une-longueur-inedite-denonce-l-hemorragie-qui-touche-les-hopitaux_6253740.html\"><strong>Royaume-Uni<\/strong>&nbsp;: une gr\u00e8ve de m\u00e9decins d&rsquo;une longueur in\u00e9dite d\u00e9nonce l&rsquo;h\u00e9morragie qui touche les h\u00f4pitaux<\/a> (franceinfo)<\/p>\n\n\n\n<p><a href=\"https:\/\/www.lalibre.be\/international\/moyen-orient\/2024\/01\/03\/guerre-israel-hamas-greve-generale-en-cisjordanie-apres-la-mort-de-saleh-al-arouri-TLVJJ4KS2RERFEOJESETKFHFBI\/\">Guerre Isra\u00ebl-Hamas: gr\u00e8ve g\u00e9n\u00e9rale en <strong>Cisjordanie<\/strong> apr\u00e8s la mort de Saleh al-Arouri<\/a> (La Libre)<\/p>\n\n\n\n<p><strong><a href=\"https:\/\/www.lemonde.fr\/international\/article\/2024\/01\/03\/en-argentine-la-justice-suspend-provisoirement-les-reformes-liees-au-droit-du-travail-portees-par-javier-milei_6208914_3210.html\">En Argentine, la justice suspend provisoirement les r\u00e9formes li\u00e9es au droit du travail port\u00e9es par Javier Milei<\/a> (Le Monde)<\/strong><\/p>\n\n\n\n<p><strong>Analyse<\/strong><\/p>\n\n\n\n<p><strong><a href=\"https:\/\/www.inegalites.fr\/discriminations-selon-age-et-sexe\">Les jeunes femmes, se disent beaucoup plus souvent victimes de discriminations<\/a> (Observatoire des in\u00e9galit\u00e9s)<\/strong><\/p>\n\n\n\n<p><strong><a href=\"https:\/\/www.force-ouvriere.fr\/logement-social-en-crise-vite-une-politique-d-investissements-18342\">Logement social en crise&nbsp;: vite une politique d\u2019investissements massifs&nbsp;!<\/a> (FO)<\/strong><\/p>\n\n\n\n<p class=\"has-text-color has-link-color wp-elements-f0fb81edf2a586aa93fbd003e637789b\" style=\"color:#f80606\"><strong>3 janvier<\/strong><\/p>\n\n\n\n<p><a href=\"https:\/\/www.force-ouvriere.fr\/axa-fini-le-forfait-jours-pour-les-commerciaux-non-cadres\">Axa&nbsp;: fini le forfait jours pour les commerciaux non-cadres<\/a> (FO)<\/p>\n\n\n\n<p><a href=\"https:\/\/la1ere.francetvinfo.fr\/polynesie\/tahiti\/polynesie-francaise\/greve-effective-ce-soir-au-port-autonome-1454552.html\">Polyn\u00e9sie &#8211; Gr\u00e8ve effective ce soir au port autonome<\/a> (franceinfo)<\/p>\n\n\n\n<p><a href=\"https:\/\/www.lavoixdunord.fr\/videos\/metropole-lilloise\/greve-a-la-halte-stjean-pres-de-70-militants-reunis-en-ce-debut-dannee-en-tintamarre?param01=qfmpqzz&amp;param02=01499695&amp;param03=34\">Gr\u00e8ve \u00e0 la Halte St-Jean : pr\u00e8s de 70 militants r\u00e9unis en ce d\u00e9but d\u2019ann\u00e9e en tintamarre<\/a> (La Voix du Nord)<\/p>\n\n\n\n<p><a href=\"https:\/\/www.francebleu.fr\/infos\/societe\/les-pompiers-des-landes-menacent-d-une-greve-illimitee-faute-d-effectif-suffisant-7572061\">Les pompiers des Landes menacent d&rsquo;une gr\u00e8ve illimit\u00e9e faute d&rsquo;effectif suffisant<\/a> (ici)<\/p>\n\n\n\n<p><a href=\"https:\/\/actu.fr\/provence-alpes-cote-d-azur\/marseille_13055\/marseille-greve-a-la-sncf-trafic-perturbe-sur-les-trains-gare-saint-charles_60513756.html\">Marseille. Gr\u00e8ve \u00e0 la SNCF : trafic perturb\u00e9 sur les trains \u00e0 la gare Saint Charles<\/a> (actu)<\/p>\n\n\n\n<p><a href=\"https:\/\/www.larep.fr\/montargis-45200\/actualites\/pourquoi-le-personnel-de-la-gare-de-montargis-fait-il-une-greve-illimitee_14429766\/\">Pourquoi le personnel de la gare de Montargis fait-il une gr\u00e8ve illimit\u00e9e ?<\/a> (La R\u00e9publique du Centre))<\/p>\n\n\n\n<p><a href=\"https:\/\/www.lanouvellerepublique.fr\/loir-et-cher\/commune\/nouan-le-fuzelier\/nouan-le-fuzelier-les-salaries-de-grandvision-debrayent\">Nouan-le-Fuzelier&nbsp;: les salari\u00e9s de Grandvision d\u00e9brayent <\/a>(La Nouvelle R\u00e9publique)<\/p>\n\n\n\n<p><strong>Monde<\/strong><\/p>\n\n\n\n<p><strong><a href=\"https:\/\/www.msn.com\/fr-fr\/actualite\/societe\/angleterre-les-m%C3%A9decins-lancent-une-gr%C3%A8ve-dune-longueur-in%C3%A9dite\/ar-AA1mnLet\">Angleterre: les m\u00e9decins lancent une gr\u00e8ve d&rsquo;une longueur in\u00e9dite<\/a> (AFP)<\/strong><\/p>\n\n\n\n<p><a href=\"https:\/\/www.lapresse.ca\/affaires\/2024-01-02\/vie-au-travail\/le-choc-culturel-de-tesla-en-suede.php\">Le choc culturel de&nbsp;Tesla en <strong>Su\u00e8de<\/strong><\/a> (La Presse)<\/p>\n\n\n\n<p><strong>Analyse<\/strong><\/p>\n\n\n\n<p><strong><a href=\"https:\/\/www.politis.fr\/articles\/2024\/01\/la-precarisation-de-la-main-doeuvre-favorise-grandement-les-accidents-du-travail\/\">\u00ab La pr\u00e9carisation de la main-d\u2019\u0153uvre favorise grandement les accidents du travail&nbsp;\u00bb<\/a> (Politis)<\/strong><\/p>\n\n\n\n<p><strong><a href=\"https:\/\/www.humanite.fr\/social-et-economie\/cgt\/de-la-fen-a-la-fsu-comment-le-syndicalisme-enseignant-sest-construit-hors-des-confederations\">De la Fen \u00e0 la FSU : comment le syndicalisme enseignant s&rsquo;est construit hors des conf\u00e9d\u00e9rations<\/a> (l\u2019Humanit\u00e9)<\/strong><\/p>\n\n\n\n<p><strong><a href=\"https:\/\/basta.media\/france-travail-la-pression-mise-sur-les-chomeurs-n-a-pas-d-effet-significatif\">France Travail&nbsp;: \u00ab&nbsp;La pression mise sur les ch\u00f4meurs n\u2019a pas d\u2019effet significatif sur le retour en emploi&nbsp;\u00bb<\/a> (Basta!)<\/strong><\/p>\n\n\n\n<p><strong><a href=\"https:\/\/www.youtube.com\/watch?v=iMGUSdR31Pg&amp;ab_channel=BLAST%2CLesouffledel%27info\">BCE : faire monter le ch\u00f4mage, c\u2019est son projeeeet -vid\u00e9o<\/a> (Blast)<\/strong><\/p>\n\n\n\n<p class=\"has-text-color has-link-color wp-elements-0c00193b0a1f5200f617e3579e0378d8\" style=\"color:#f60707\"><strong>2 janvier<\/strong><\/p>\n\n\n\n<p><strong><a href=\"https:\/\/www.revolutionpermanente.fr\/2024-Macron-promet-un-millesime-d-attaques-opposons-lui-le-rearmement-de-la-lutte-de-classes\">2024&nbsp;: Macron promet un \u00ab&nbsp;mill\u00e9sime&nbsp;\u00bb d\u2019attaques, opposons-lui le \u00ab&nbsp;r\u00e9armement&nbsp;\u00bb de la lutte de classes&nbsp;!<\/a> (RP)<\/strong><\/p>\n\n\n\n<p><a href=\"https:\/\/www.humanite.fr\/social-et-economie\/chapelle-darblay\/lusine-le-bon-la-brute-et-le-truand-a-chapelle-darblay-un-western-social\">\u00ab L\u2019Usine, le bon, la brute et le truand&nbsp;\u00bb&nbsp;: \u00e0 Chapelle&nbsp;Darblay, \u00ab&nbsp;un western social&nbsp;\u00bb<\/a> (l\u2019Humanit\u00e9)<\/p>\n\n\n\n<p><a href=\"https:\/\/la1ere.francetvinfo.fr\/guadeloupe\/aeroport-guadeloupe-pole-caraibes-greve-a-la-dgac-1454291.html\">A\u00e9roport Guadeloupe P\u00f4le Cara\u00efbes : gr\u00e8ve \u00e0 la DGAC<\/a>. (franceinfo)<\/p>\n\n\n\n<p><a href=\"https:\/\/www.midilibre.fr\/2024\/01\/01\/greve-sur-le-reseau-de-transports-en-commun-tango-vers-des-debrayages-en-matinee-a-partir-du-8-janvier-a-nimes-11672491.php\">Gr\u00e8ve sur le r\u00e9seau de transports en commun Tango :  \u00e0 partir du 8 janvier \u00e0 N\u00eemes <\/a>(Midi Libre)<\/p>\n\n\n\n<p><strong>Monde<\/strong><\/p>\n\n\n\n<p><a href=\"https:\/\/www.tunisienumerique.com\/maroc-on-commence-2024-avec-9-jours-de-greves-nationales-dans-lelectricite-et-leau\/\"><strong>Maroc<\/strong> : On commence 2024 avec 9 jours de gr\u00e8ves nationales dans l\u2019\u00e9lectricit\u00e9 et l\u2019eau<\/a> (Tunisie Num\u00e9rique)<\/p>\n\n\n\n<p><a href=\"https:\/\/www.aa.com.tr\/fr\/vg\/galerie-de-vid%C3%A9os\/20241111119_istanbul-des-dizaines-de-milliers-de-personnes-rassembl%C3%A9es-sur-le-pont-galata-en-soutien-%C3%A0-la-palestine\/0\"><strong>Istanbul<\/strong>: Des dizaines de milliers de personnes rassembl\u00e9es sur le Pont Galata en soutien \u00e0 la Palestine<\/a> (AA)<\/p>\n\n\n\n<p><a href=\"https:\/\/lepetitjournal.com\/madrid\/actualites\/iberia-annulation-444-vols-greve-personnel-sol-375845\"><strong>Espagne<\/strong> &#8211; Iberia annule 444 vols en raison de la gr\u00e8ve du personnel au sol<\/a> (Le Petit Journal)<\/p>\n\n\n\n<p><a href=\"https:\/\/www.msn.com\/fr-fr\/actualite\/monde\/comores-la-gr%C3%A8ve-des-enseignants-du-primaire-et-du-secondaire-s-invite-dans-la-campagne\/ar-AA1mktyV\"><strong>Comores<\/strong> &#8211; Comores: la gr\u00e8ve des enseignants du primaire et du secondaire s\u2019invite dans la campagne<\/a>&nbsp; (RFI)<\/p>\n\n\n\n<p><strong>Analyse<\/strong><\/p>\n\n\n\n<p><strong><a href=\"https:\/\/www.revue-ballast.fr\/2023-rage\/\">2023&nbsp;: rage<\/a> (Ballast)<\/strong><\/p>\n\n\n\n<p><strong><a href=\"https:\/\/www.humanite.fr\/social-et-economie\/salaire-minimun\/salaires-pourquoi-les-salaries-vont-encore-devoir-se-battre-en-2024\">Salaires : pourquoi les salari\u00e9s vont (encore) devoir se battre en 2024<\/a> (l\u2019Humanit\u00e9)<\/strong><\/p>\n\n\n\n<p><strong><a href=\"https:\/\/basta.media\/France-Travail-reforme-RSA-les-agriculteurs-effectuent-15-heures-activites-obligatoires-avant-apres-traite\">RSA&nbsp;: \u00ab&nbsp;Les agriculteurs vont-ils effectuer 15 heures d\u2019activit\u00e9s avant ou apr\u00e8s la traite&nbsp;?&nbsp;\u00bb<\/a> (Basta!)<\/strong><\/p>\n","protected":false},"excerpt":{"rendered":"<p>31 janvier Agriculteurs : \u201cil faut tordre le bras \u00e0 la grande distribution et \u00e0 l\u2019agro-industrie -vid\u00e9o- (Blast) Education nationale&nbsp;: en gr\u00e8ve le 1er&nbsp;f\u00e9vrier, les personnels sonnent l\u2019alarme (FO) Couper la for\u00eat pour faire voler les avions&nbsp;: dans les Pyr\u00e9n\u00e9es, la r\u00e9sistance s\u2019organise (Reporterre) Perpignan : les \u00e9boueurs appel\u00e9s \u00e0 se mettre en gr\u00e8ve ce &#8230; <a title=\"Janvier &#8211; Social\" class=\"read-more\" href=\"https:\/\/www.rdpemancipation.org\/?p=123999\" aria-label=\"En savoir plus sur Janvier &#8211; Social\">Lire la suite<\/a><\/p>\n","protected":false},"author":1,"featured_media":0,"comment_status":"closed","ping_status":"closed","sticky":false,"template":"","format":"standard","meta":{"_lmt_disableupdate":"","_lmt_disable":"","_jetpack_memberships_contains_paid_content":false,"footnotes":""},"categories":[8],"tags":[],"class_list":["post-123999","post","type-post","status-publish","format-standard","hentry","category-social"],"modified_by":"rdpemancipation","jetpack_featured_media_url":"","jetpack_sharing_enabled":true,"_links":{"self":[{"href":"https:\/\/www.rdpemancipation.org\/index.php?rest_route=\/wp\/v2\/posts\/123999","targetHints":{"allow":["GET"]}}],"collection":[{"href":"https:\/\/www.rdpemancipation.org\/index.php?rest_route=\/wp\/v2\/posts"}],"about":[{"href":"https:\/\/www.rdpemancipation.org\/index.php?rest_route=\/wp\/v2\/types\/post"}],"author":[{"embeddable":true,"href":"https:\/\/www.rdpemancipation.org\/index.php?rest_route=\/wp\/v2\/users\/1"}],"replies":[{"embeddable":true,"href":"https:\/\/www.rdpemancipation.org\/index.php?rest_route=%2Fwp%2Fv2%2Fcomments&post=123999"}],"version-history":[{"count":51,"href":"https:\/\/www.rdpemancipation.org\/index.php?rest_route=\/wp\/v2\/posts\/123999\/revisions"}],"predecessor-version":[{"id":124976,"href":"https:\/\/www.rdpemancipation.org\/index.php?rest_route=\/wp\/v2\/posts\/123999\/revisions\/124976"}],"wp:attachment":[{"href":"https:\/\/www.rdpemancipation.org\/index.php?rest_route=%2Fwp%2Fv2%2Fmedia&parent=123999"}],"wp:term":[{"taxonomy":"category","embeddable":true,"href":"https:\/\/www.rdpemancipation.org\/index.php?rest_route=%2Fwp%2Fv2%2Fcategories&post=123999"},{"taxonomy":"post_tag","embeddable":true,"href":"https:\/\/www.rdpemancipation.org\/index.php?rest_route=%2Fwp%2Fv2%2Ftags&post=123999"}],"curies":[{"name":"wp","href":"https:\/\/api.w.org\/{rel}","templated":true}]}}