{"id":123991,"date":"2024-01-01T01:30:00","date_gmt":"2024-01-01T00:30:00","guid":{"rendered":"https:\/\/www.rdpemancipation.org\/?p=123991"},"modified":"2024-01-30T21:47:32","modified_gmt":"2024-01-30T20:47:32","slug":"janvier-leur-etat-5","status":"publish","type":"post","link":"https:\/\/www.rdpemancipation.org\/?p=123991","title":{"rendered":"Janvier &#8211; Leur \u00c9tat"},"content":{"rendered":"\n<p><strong><mark style=\"background-color:rgba(0, 0, 0, 0);color:#f20606\" class=\"has-inline-color\">30 janvier<\/mark><\/strong><\/p>\n\n\n\n<p><a href=\"https:\/\/www.politis.fr\/articles\/2024\/01\/la-droite-contre-le-droit\/\" target=\"_blank\" rel=\"noreferrer noopener\">La droite contre le droit<\/a>\u00a0(Politis)<\/p>\n\n\n\n<p><a href=\"https:\/\/www.lemonde.fr\/international\/article\/2024\/01\/25\/en-espagne-la-justice-se-saisit-de-l-espionnage-politique-des-independantistes-catalans_6212983_3210.html\" target=\"_blank\" rel=\"noreferrer noopener\">Espagne, la justice se saisit de l\u2019espionnage politique des ind\u00e9pendantistes catalans<\/a>\u00a0(Le Monde)<\/p>\n\n\n\n<p><strong><mark style=\"background-color:rgba(0, 0, 0, 0);color:#f20606\" class=\"has-inline-color\">27 janvier<\/mark><\/strong><\/p>\n\n\n\n<p><strong><a href=\"https:\/\/www.hrw.org\/fr\/news\/2024\/01\/24\/meurtres-detat-en-iran-et-aux-etats-unis\">Meurtres d&rsquo;\u00c9tat en Iran et aux \u00c9tats-Unis<\/a><\/strong> (HRW)<a href=\"https:\/\/www.rfi.fr\/fr\/moyen-orient\/20240124-en-direct-guerre-%C3%A0-gaza-les-raids-a%C3%A9riens-se-poursuivent-%C3%A0-khan-youn%C3%A8s-dans-l-attente-de-discussions-sur-une-pause\"><\/a><\/p>\n\n\n\n<p><a href=\"https:\/\/basta.media\/Eat-ne-se-donne-pas-moyens-de-lutter-contre-fleau-accidents-du-travail\" target=\"_blank\" rel=\"noreferrer noopener\">\u00ab L&rsquo;\u00c9tat ne se donne pas les moyens de lutter contre le fl\u00e9au des accidents du travail \u00bb<\/a> (Basta!)<\/p>\n\n\n\n<p><a href=\"https:\/\/basta.media\/chronologie-60-ans-d-actions-violentes-faut-il-pour-autant-dissoudre-la-FNSEA\">60 ans d\u2019actions violentes : faut-il pour autant dissoudre la FNSEA ?<\/a> (Basta!)<\/p>\n\n\n\n<p><strong><mark style=\"background-color:rgba(0, 0, 0, 0);color:#f20606\" class=\"has-inline-color\">23 janvier<\/mark><\/strong><\/p>\n\n\n\n<p><a href=\"https:\/\/www.bondyblog.fr\/societe\/affaire-theo-les-policiers-condamnes-a-des-peines-de-sursis-linfirmite-permanente-ecartee\/\" target=\"_blank\" rel=\"noreferrer noopener\">Affaire Th\u00e9o : les policiers condamn\u00e9s \u00e0 des peines de sursis, l\u2019infirmit\u00e9 permanente \u00e9cart\u00e9e<\/a> (Le Bondy Blog)<\/p>\n\n\n\n<p><strong><mark style=\"background-color:rgba(0, 0, 0, 0);color:#c31414\" class=\"has-inline-color\">21 janvier<\/mark><\/strong><\/p>\n\n\n\n<p><a href=\"https:\/\/www.youtube.com\/watch?v=emdc6suIeCc\">Ecole privee: le drame qui nous menace<\/a> (osons causer)<\/p>\n\n\n\n<p><strong><mark style=\"background-color:rgba(0, 0, 0, 0);color:#c31414\" class=\"has-inline-color\">17 janvier<\/mark><\/strong><\/p>\n\n\n\n<p><a href=\"https:\/\/lessoulevementsdelaterre.org\/en-eu\/blog\/delibere-sainte-soline-une-justice-au-service\">D\u00e9lib\u00e9r\u00e9 Sainte-Soline : une justice au service du pouvoir et du syst\u00e8me bassines<\/a> (SDT)<\/p>\n\n\n\n<p><strong><mark style=\"background-color:rgba(0, 0, 0, 0);color:#c31414\" class=\"has-inline-color\">16 janvier<\/mark><\/strong><\/p>\n\n\n\n<p><a href=\"https:\/\/www.blast-info.fr\/articles\/2024\/affaire-theo-un-controle-matraque-au-poing-M87wpWRSTq-IBUPb2fPj4Q\" target=\"_blank\" rel=\"noreferrer noopener\">\u00ab Affaire Th\u00e9o \u00bb : un contr\u00f4le matraque au poing<\/a> (Blast)<\/p>\n\n\n\n<p><strong><a href=\"https:\/\/www.bondyblog.fr\/societe\/theo-a-la-barre-jaimerais-quon-me-redonne-mon-corps-davant\/\" target=\"_blank\" rel=\"noreferrer noopener\">Th\u00e9o \u00e0 la barre : \u00ab J\u2019aimerais qu\u2019on me redonne mon corps d\u2019avant \u00bb<\/a><\/strong> (Le Bondy Blog)<\/p>\n\n\n\n<p><a href=\"https:\/\/reporterre.net\/Au-proces-d-Extinction-Rebellion-des-magistrats-climatosceptiques?utm_source=newsletter&amp;utm_medium=email&amp;utm_campaign=nl_quotidienne\">Au proc\u00e8s d\u2019Extinction Rebellion, un magistrat climatosceptique<\/a>&nbsp;(Reporterre)<\/p>\n\n\n\n<p><a href=\"https:\/\/theconversation.com\/on-peut-acceder-a-votre-smartphone-a-votre-insu-a-quelles-conditions-est-ce-legal-220236?utm_medium=email&amp;utm_campaign=La%20lettre%20de%20The%20Conversation%20France%20du%2011%20janvier%202024%20-%202846628856&amp;utm_content=La%20lettre%20de%20The%20Conversation%20France%20du%2011%20janvier%202024%20-%202846628856+CID_08668f9885d93e42b934d12758e0e85d&amp;utm_source=campaign_monitor_fr&amp;utm_term=On%20peut%20accder%20%20votre%20smartphone%20%20votre%20insu%20%20quelles%20conditions%20est-ce%20lgal\">On peut acc\u00e9der \u00e0 votre smartphone \u00e0 votre insu\u2026 \u00e0 quelles conditions est-ce&nbsp;l\u00e9gal&nbsp;?<\/a>&nbsp;(The Conversation)<\/p>\n\n\n\n<p><strong><mark style=\"background-color:rgba(0, 0, 0, 0);color:#c31414\" class=\"has-inline-color\">13 janvier<\/mark><\/strong><\/p>\n\n\n\n<p><strong><a href=\"https:\/\/www.lemonde.fr\/societe\/article\/2024\/01\/12\/proces-de-l-affaire-theo-sur-la-legitimite-du-coup-de-matraque-l-igpn-contredit-l-igpn_6210409_3224.html\">Proc\u00e8s de l\u2019affaire Th\u00e9o&nbsp;: sur la l\u00e9gitimit\u00e9 du coup de matraque, l\u2019IGPN contredit l\u2019IGPN<\/a><\/strong> (Le Monde)<\/p>\n\n\n\n<p><a href=\"https:\/\/www.humanite.fr\/medias\/documentaire\/dupond-moretti-portrait-dun-ministre-qui-ne-devrait-pas-letre\" target=\"_blank\" rel=\"noreferrer noopener\">Dupond-Moretti, portrait d\u2019un ministre qui ne devrait pas l\u2019\u00eatre<\/a> (L\u2019Humanit\u00e9)<\/p>\n\n\n\n<p><a href=\"https:\/\/www.liberation.fr\/societe\/police-justice\/au-proces-de-laffaire-theo-luhaka-le-malaise-des-enqueteurs-de-ligpn-appeles-a-temoigner-20240112_QE42HOHZF5HPXIUFFPUOUNRGJY\/\">Au proc\u00e8s de l\u2019affaire Th\u00e9o Luhaka, le malaise des enqu\u00eateurs de l\u2019IGPN appel\u00e9s \u00e0 t\u00e9moigner<\/a> (Lib\u00e9ration)<\/p>\n\n\n\n<p><a href=\"https:\/\/www.politis.fr\/articles\/2024\/01\/manif-en-camion-labsurde-proces-de-deux-militants-cgt\/\" target=\"_blank\" rel=\"noreferrer noopener\">\u00ab Manif \u00bb en camion : l\u2019absurde proc\u00e8s de deux militants CGT<\/a> (Politis)<\/p>\n\n\n\n<p><strong><mark style=\"background-color:rgba(0, 0, 0, 0);color:#c31414\" class=\"has-inline-color\">11 janvier<\/mark><\/strong><\/p>\n\n\n\n<p><strong><a href=\"https:\/\/www.blast-info.fr\/articles\/2024\/affaire-genevieve-legay-un-commissaire-hors-de-controle-qGblNFAUTVGdUl-Kx26ElQ\" target=\"_blank\" rel=\"noreferrer noopener\">Affaire Genevi\u00e8ve Legay : un commissaire hors de contr\u00f4le<\/a><\/strong> (Blast)<\/p>\n\n\n\n<p><a href=\"https:\/\/www.mediapart.fr\/journal\/france\/110124\/un-syndicaliste-policier-au-tribunal-pour-violences-intrafamiliales\" target=\"_blank\" rel=\"noreferrer noopener\">Un syndicaliste policier au tribunal pour violences intrafamiliales<\/a> (M\u00e9diapart)<\/p>\n\n\n\n<p><a href=\"https:\/\/www.blast-info.fr\/articles\/2024\/assises-de-bobigny-affaire-theo-apres-les-violences-les-denegations-policieres-mms6qkM_QLC_P_ojFPq5RA\" target=\"_blank\" rel=\"noreferrer noopener\">Assises de Bobigny : \u00ab Affaire Th\u00e9o \u00bb, apr\u00e8s les violences, les d\u00e9n\u00e9gations polici\u00e8res<\/a>&nbsp; (Blast)<\/p>\n\n\n\n<p><a href=\"https:\/\/www.revue-ballast.fr\/des-villes-policieres-et-un-monde-militarise\/\"><strong>Des villes polici\u00e8res et un monde militaris\u00e9<\/strong><\/a> (Ballast)<\/p>\n\n\n\n<p><a href=\"https:\/\/www.bondyblog.fr\/societe\/a-montfermeil-une-communaute-en-deuil-apres-la-mort-de-kilyan-qui-a-recu-une-douzaine-de-coups-de-taser\/\" target=\"_blank\" rel=\"noreferrer noopener\">\u00c0 Montfermeil, une communaut\u00e9 en deuil apr\u00e8s la mort de Kilyan qui a re\u00e7u une douzaine de coups de taser<\/a>&nbsp;(Le Bondy Blog)<\/p>\n\n\n\n<p><strong><mark style=\"background-color:rgba(0, 0, 0, 0);color:#c31414\" class=\"has-inline-color\">8 janvier<\/mark><\/strong><\/p>\n\n\n\n<p><a href=\"https:\/\/www.lemediatv.fr\/emissions\/2024\/grands-corps-de-l-etat-une-caste-qui-fabrique-et-controle-nos-gouvernants-dHugKyRMQAyFSnmOE3hznQ\" target=\"_blank\" rel=\"noreferrer noopener\">Grands corps de l&rsquo; Etat : une \u00ab\u00a0caste\u00a0\u00bb qui fabrique et contr\u00f4le nos gouvernants<\/a> (Le M\u00e9dia)<\/p>\n\n\n\n<p><strong><a href=\"https:\/\/www.mediapart.fr\/journal\/france\/070124\/affaire-legay-la-construction-d-un-mensonge-d-etat\" target=\"_blank\" rel=\"noreferrer noopener\">Affaire Legay: la construction d\u2019un mensonge d\u2019\u00c9tat<\/a><\/strong> (M\u00e9diapart)<\/p>\n\n\n\n<p><a href=\"https:\/\/lepoing.net\/montpellier-une-personne-interpellee-a-carrefour-lors-dune-action-de-soutien-a-la-palestine\/\" target=\"_blank\" rel=\"noreferrer noopener\">Montpellier : une personne interpell\u00e9e \u00e0 Carrefour lors d\u2019une action de soutien \u00e0 la Palestine<\/a> (Le Poing)<\/p>\n\n\n\n<p><a href=\"https:\/\/www.lemediatv.fr\/emissions\/2024\/violences-policeres-comment-est-construite-limpunite-de-la-police-BxQ81r5oSNO-g0nEn18dYg\" target=\"_blank\" rel=\"noreferrer noopener\"><strong>Violences polic\u00e8res : comment est construite l&rsquo;impunit\u00e9 de la police<\/strong><\/a> (Le M\u00e9dia)<\/p>\n\n\n\n<p><a href=\"https:\/\/www.alternatives-economiques.fr\/militariser-nos-frontieres-une-mise-scene-couteuse-inefficace\/00109068\" target=\"_blank\" rel=\"noreferrer noopener\">\u00ab Militariser nos fronti\u00e8res est une mise en sc\u00e8ne co\u00fbteuse et inefficace \u00bb<\/a>&nbsp;(Alter \u00e9co)<\/p>\n\n\n\n<p><a href=\"https:\/\/www.liberation.fr\/societe\/police-justice\/seine-saint-denis-un-homme-decede-lors-de-son-interpellation-apres-avoir-recu-une-dizaine-de-decharges-electriques-20240105_X6EQDUAZURDZ3LITZRUUJ6CTKU\/\">Seine-Saint-Denis&nbsp;: un homme meurt lors de son interpellation, apr\u00e8s avoir re\u00e7u une dizaine de d\u00e9charges \u00e9lectriques<\/a>&nbsp;(Lib\u00e9ration)<\/p>\n\n\n\n<p><strong><mark style=\"background-color:rgba(0, 0, 0, 0);color:#c31414\" class=\"has-inline-color\">5 janvier<\/mark><\/strong><\/p>\n\n\n\n<p><strong><a href=\"https:\/\/www.humanite.fr\/politique\/gerald-darmanin\/gerald-darmanin-conseiller-fiscal-du-psg-qatari\" target=\"_blank\" rel=\"noreferrer noopener\">G\u00e9rald Darmanin, conseiller fiscal du PSG qatari ?<\/a> <\/strong>(L\u2019Humanit\u00e9)<\/p>\n\n\n\n<p><strong><a href=\"https:\/\/www.blast-info.fr\/emissions\/2024\/voeux-2024-de-macron-mensonges-arnaques-et-deni-de-realite-JBUSqKSSRmSCG8-dtCrocA\" target=\"_blank\" rel=\"noreferrer noopener\">Voeux 2024 de Macron : mensonges, arnaques et d\u00e9ni de r\u00e9alit\u00e9<\/a><\/strong> (Blast)<\/p>\n","protected":false},"excerpt":{"rendered":"<p>30 janvier La droite contre le droit\u00a0(Politis) Espagne, la justice se saisit de l\u2019espionnage politique des ind\u00e9pendantistes catalans\u00a0(Le Monde) 27 janvier Meurtres d&rsquo;\u00c9tat en Iran et aux \u00c9tats-Unis (HRW) \u00ab L&rsquo;\u00c9tat ne se donne pas les moyens de lutter contre le fl\u00e9au des accidents du travail \u00bb (Basta!) 60 ans d\u2019actions violentes : faut-il pour &#8230; <a title=\"Janvier &#8211; Leur \u00c9tat\" class=\"read-more\" href=\"https:\/\/www.rdpemancipation.org\/?p=123991\" aria-label=\"En savoir plus sur Janvier &#8211; Leur \u00c9tat\">Lire la suite<\/a><\/p>\n","protected":false},"author":1,"featured_media":0,"comment_status":"closed","ping_status":"closed","sticky":false,"template":"","format":"standard","meta":{"_lmt_disableupdate":"","_lmt_disable":"","_jetpack_memberships_contains_paid_content":false,"footnotes":""},"categories":[5],"tags":[],"class_list":["post-123991","post","type-post","status-publish","format-standard","hentry","category-leur-etat"],"modified_by":"nch","jetpack_featured_media_url":"","jetpack_sharing_enabled":true,"_links":{"self":[{"href":"https:\/\/www.rdpemancipation.org\/index.php?rest_route=\/wp\/v2\/posts\/123991","targetHints":{"allow":["GET"]}}],"collection":[{"href":"https:\/\/www.rdpemancipation.org\/index.php?rest_route=\/wp\/v2\/posts"}],"about":[{"href":"https:\/\/www.rdpemancipation.org\/index.php?rest_route=\/wp\/v2\/types\/post"}],"author":[{"embeddable":true,"href":"https:\/\/www.rdpemancipation.org\/index.php?rest_route=\/wp\/v2\/users\/1"}],"replies":[{"embeddable":true,"href":"https:\/\/www.rdpemancipation.org\/index.php?rest_route=%2Fwp%2Fv2%2Fcomments&post=123991"}],"version-history":[{"count":13,"href":"https:\/\/www.rdpemancipation.org\/index.php?rest_route=\/wp\/v2\/posts\/123991\/revisions"}],"predecessor-version":[{"id":124942,"href":"https:\/\/www.rdpemancipation.org\/index.php?rest_route=\/wp\/v2\/posts\/123991\/revisions\/124942"}],"wp:attachment":[{"href":"https:\/\/www.rdpemancipation.org\/index.php?rest_route=%2Fwp%2Fv2%2Fmedia&parent=123991"}],"wp:term":[{"taxonomy":"category","embeddable":true,"href":"https:\/\/www.rdpemancipation.org\/index.php?rest_route=%2Fwp%2Fv2%2Fcategories&post=123991"},{"taxonomy":"post_tag","embeddable":true,"href":"https:\/\/www.rdpemancipation.org\/index.php?rest_route=%2Fwp%2Fv2%2Ftags&post=123991"}],"curies":[{"name":"wp","href":"https:\/\/api.w.org\/{rel}","templated":true}]}}