{"id":123989,"date":"2024-01-01T01:25:00","date_gmt":"2024-01-01T00:25:00","guid":{"rendered":"https:\/\/www.rdpemancipation.org\/?p=123989"},"modified":"2024-01-30T21:48:32","modified_gmt":"2024-01-30T20:48:32","slug":"janvier-alternatives-3","status":"publish","type":"post","link":"https:\/\/www.rdpemancipation.org\/?p=123989","title":{"rendered":"Janvier &#8211; Alternatives"},"content":{"rendered":"\n<p><strong><mark style=\"background-color:rgba(0, 0, 0, 0);color:#c31414\" class=\"has-inline-color\">30 janvier<\/mark><\/strong><\/p>\n\n\n\n<p><a href=\"https:\/\/vert.eco\/articles\/team-for-the-planet-la-communaute-de-120-000-associes-qui-accelere-linnovation-pour-la-sobriete\" target=\"_blank\" rel=\"noreferrer noopener\"><strong>Team for the planet, la communaut\u00e9 de 120 000 associ\u00e9s qui acc\u00e9l\u00e8re l\u2019innovation pour la sobri\u00e9t\u00e9<\/strong><\/a> (vert.eco)<\/p>\n\n\n\n<p><a href=\"https:\/\/lareleveetlapeste.fr\/lalsace-moselle-a-plante-90-000-arbres-chez-les-agriculteurs-pour-lutter-contre-lerosion-des-sols\/\" target=\"_blank\" rel=\"noreferrer noopener\">L\u2019Alsace-Moselle a plant\u00e9 90 000 arbres chez les agriculteurs pour lutter contre l\u2019\u00e9rosion des sols<\/a>&nbsp;(La Rel\u00e8ve et La Peste)<\/p>\n\n\n\n<p><strong><mark style=\"background-color:rgba(0, 0, 0, 0);color:#c31414\" class=\"has-inline-color\">19 janvier<\/mark><\/strong><\/p>\n\n\n\n<p><a href=\"https:\/\/lareleveetlapeste.fr\/lassociation-caracol-transforme-les-batiments-inoccupes-en-colocations-solidaires-et-multiculturelles\/\">L\u2019association \u00ab&nbsp;Caracol&nbsp;\u00bb transforme les b\u00e2timents inoccup\u00e9s en colocations solidaires et multiculturelles<\/a> (La rel\u00e8ve et la peste)<\/p>\n\n\n\n<p><strong><mark style=\"background-color:rgba(0, 0, 0, 0);color:#c31414\" class=\"has-inline-color\">16 janvier<\/mark><\/strong><\/p>\n\n\n\n<p><a href=\"https:\/\/reporterre.net\/Victoire-contre-la-carriere-de-Lafarge-a-Saint-Colomban\" target=\"_blank\" rel=\"noreferrer noopener\">Victoire contre la carri\u00e8re de Lafarge \u00e0 Saint-Colomban<\/a> (Reporterre)<\/p>\n\n\n\n<p><a href=\"https:\/\/vert.eco\/articles\/virginie-et-isabelle-maitres-composteures-et-fabricantes-dun-terreau-fertile-a-la-vie-citoyenne\" target=\"_blank\" rel=\"noreferrer noopener\">Virginie et Isabelle, ma\u00eetres-composteures et fabricantes d\u2019un terreau fertile \u00e0 la vie citoyenne&nbsp;<\/a> (vert.eco)<\/p>\n\n\n\n<p><a href=\"https:\/\/reporterre.net\/Urbanisme-ecolo-au-Bresil-Curitiba-veut-rester-ville-modele\" target=\"_blank\" rel=\"noreferrer noopener\">Urbanisme \u00e9colo&nbsp;: au Br\u00e9sil, Curitiba veut rester ville-mod\u00e8le<\/a>&nbsp;(Reporterre)<\/p>\n\n\n\n<p><strong><mark style=\"background-color:rgba(0, 0, 0, 0);color:#c31414\" class=\"has-inline-color\">8 janvier<\/mark><\/strong><\/p>\n\n\n\n<p><a href=\"https:\/\/www.mediapart.fr\/journal\/economie-et-social\/020124\/un-film-pour-dire-que-la-victoire-syndicale-est-possible\" target=\"_blank\" rel=\"noreferrer noopener\">Un film pour dire que la victoire syndicale est possible<\/a> (M\u00e9diapart)<\/p>\n\n\n\n<p><a href=\"https:\/\/www.cadtm.org\/Bonnes-Nouvelles-Les-30-plus-belles-victoires-de-l-annee-2023-agriculture\" target=\"_blank\" rel=\"noreferrer noopener\">Bonnes Nouvelles : Les 30 plus belles victoires de l&rsquo;ann\u00e9e 2023 (agriculture, \u00e9cologie, d\u00e9mocratie, \u00e9conomie, droits sociaux, f\u00e9minisme&#8230;)<\/a> (CADTM)<\/p>\n\n\n\n<p><strong><mark style=\"background-color:rgba(0, 0, 0, 0);color:#c31414\" class=\"has-inline-color\">5 janvier<\/mark><\/strong><\/p>\n\n\n\n<p><a href=\"https:\/\/marcelle.media\/en-quoi-les-lieux-autres-ou-heterotopies-peuvent-ils-nourrir-lespoir\/\" target=\"_blank\" rel=\"noreferrer noopener\">En quoi les \u00ab lieux autres \u00bb (ou \u00ab h\u00e9t\u00e9rotopies \u00bb) peuvent-ils nourrir l\u2019espoir ?<\/a> (Marcelle)<\/p>\n\n\n\n<p><a href=\"https:\/\/www.mediapart.fr\/journal\/politique\/050124\/dans-les-cotes-d-armor-un-collectif-veut-faire-front-commun-contre-l-extreme-droite\" target=\"_blank\" rel=\"noreferrer noopener\">Dans les C\u00f4tes-d\u2019Armor, un collectif veut faire \u00abfront commun\u00bb contre l\u2019extr\u00eame droite<\/a> (M\u00e9diapart)<\/p>\n\n\n\n<p><a href=\"https:\/\/reporterre.net\/Agriculteurs-ils-ont-sauve-l-independance-de-leur-cooperative-bio\" target=\"_blank\" rel=\"noreferrer noopener\">Malgr\u00e9 la crise, ils ont sauv\u00e9 l&rsquo;ind\u00e9pendance de leur coop\u00e9rative bio<\/a> (Reporterre)<\/p>\n\n\n\n<p><a href=\"https:\/\/www.natura-sciences.com\/s-adapter\/chauffe-eaux-electriques-alternatives.html\" target=\"_blank\" rel=\"noreferrer noopener\">Quelles alternatives aux chauffe-eaux \u00e9lectriques ?<\/a> (Natura Sciences)<\/p>\n\n\n\n<p><a href=\"https:\/\/lagedefaire-lejournal.fr\/le-moulin-de-la-bree-reprend-vie\/\" target=\"_blank\" rel=\"noreferrer noopener\">Le moulin de la Br\u00e9e reprend vie<\/a> (L\u2019\u00e2ge de faire)<\/p>\n\n\n\n<p><a href=\"https:\/\/reporterre.net\/En-Jordanie-ils-plantent-des-citronniers-contre-la-secheresse\" target=\"_blank\" rel=\"noreferrer noopener\">En Jordanie, ils plantent des citronniers contre la s\u00e9cheresse<\/a>&nbsp;(Reporterre)<\/p>\n\n\n\n<p><strong><mark style=\"background-color:rgba(0, 0, 0, 0);color:#c31414\" class=\"has-inline-color\">1er janvier<\/mark><\/strong><\/p>\n\n\n\n<p><a href=\"https:\/\/www.terrestres.org\/2023\/12\/30\/resister-au-bresil-pas-dagroecologie-sans-feminisme\/?utm_source=rss&amp;utm_medium=rss&amp;utm_campaign=resister-au-bresil-pas-dagroecologie-sans-feminisme\" target=\"_blank\" rel=\"noreferrer noopener\">R\u00e9sister au Br\u00e9sil : pas d\u2019agro\u00e9cologie sans f\u00e9minisme<\/a> (Terrestres)<\/p>\n\n\n\n<p><\/p>\n","protected":false},"excerpt":{"rendered":"<p>30 janvier Team for the planet, la communaut\u00e9 de 120 000 associ\u00e9s qui acc\u00e9l\u00e8re l\u2019innovation pour la sobri\u00e9t\u00e9 (vert.eco) L\u2019Alsace-Moselle a plant\u00e9 90 000 arbres chez les agriculteurs pour lutter contre l\u2019\u00e9rosion des sols&nbsp;(La Rel\u00e8ve et La Peste) 19 janvier L\u2019association \u00ab&nbsp;Caracol&nbsp;\u00bb transforme les b\u00e2timents inoccup\u00e9s en colocations solidaires et multiculturelles (La rel\u00e8ve et la &#8230; <a title=\"Janvier &#8211; Alternatives\" class=\"read-more\" href=\"https:\/\/www.rdpemancipation.org\/?p=123989\" aria-label=\"En savoir plus sur Janvier &#8211; Alternatives\">Lire la suite<\/a><\/p>\n","protected":false},"author":1,"featured_media":0,"comment_status":"closed","ping_status":"closed","sticky":false,"template":"","format":"standard","meta":{"_lmt_disableupdate":"","_lmt_disable":"","_jetpack_memberships_contains_paid_content":false,"footnotes":""},"categories":[28],"tags":[],"class_list":["post-123989","post","type-post","status-publish","format-standard","hentry","category-alternatives"],"modified_by":"nch","jetpack_featured_media_url":"","jetpack_sharing_enabled":true,"_links":{"self":[{"href":"https:\/\/www.rdpemancipation.org\/index.php?rest_route=\/wp\/v2\/posts\/123989","targetHints":{"allow":["GET"]}}],"collection":[{"href":"https:\/\/www.rdpemancipation.org\/index.php?rest_route=\/wp\/v2\/posts"}],"about":[{"href":"https:\/\/www.rdpemancipation.org\/index.php?rest_route=\/wp\/v2\/types\/post"}],"author":[{"embeddable":true,"href":"https:\/\/www.rdpemancipation.org\/index.php?rest_route=\/wp\/v2\/users\/1"}],"replies":[{"embeddable":true,"href":"https:\/\/www.rdpemancipation.org\/index.php?rest_route=%2Fwp%2Fv2%2Fcomments&post=123989"}],"version-history":[{"count":7,"href":"https:\/\/www.rdpemancipation.org\/index.php?rest_route=\/wp\/v2\/posts\/123989\/revisions"}],"predecessor-version":[{"id":124943,"href":"https:\/\/www.rdpemancipation.org\/index.php?rest_route=\/wp\/v2\/posts\/123989\/revisions\/124943"}],"wp:attachment":[{"href":"https:\/\/www.rdpemancipation.org\/index.php?rest_route=%2Fwp%2Fv2%2Fmedia&parent=123989"}],"wp:term":[{"taxonomy":"category","embeddable":true,"href":"https:\/\/www.rdpemancipation.org\/index.php?rest_route=%2Fwp%2Fv2%2Fcategories&post=123989"},{"taxonomy":"post_tag","embeddable":true,"href":"https:\/\/www.rdpemancipation.org\/index.php?rest_route=%2Fwp%2Fv2%2Ftags&post=123989"}],"curies":[{"name":"wp","href":"https:\/\/api.w.org\/{rel}","templated":true}]}}