{"id":123987,"date":"2024-01-01T01:20:00","date_gmt":"2024-01-01T00:20:00","guid":{"rendered":"https:\/\/www.rdpemancipation.org\/?p=123987"},"modified":"2024-01-30T21:52:11","modified_gmt":"2024-01-30T20:52:11","slug":"janvier-ecologie-4","status":"publish","type":"post","link":"https:\/\/www.rdpemancipation.org\/?p=123987","title":{"rendered":"Janvier &#8211; \u00c9cologie"},"content":{"rendered":"\n<p><strong><mark style=\"background-color:rgba(0, 0, 0, 0);color:#f40d0d\" class=\"has-inline-color\">30 janvier<\/mark><\/strong><\/p>\n\n\n\n<p><a href=\"https:\/\/lareleveetlapeste.fr\/agriculteurs-et-ecolos-nous-refusons-detre-catalogues-comme-ennemis-de-la-mobilisation\/\" target=\"_blank\" rel=\"noreferrer noopener\">Agriculteurs et \u00e9colos, nous refusons d\u2019\u00eatre catalogu\u00e9s comme ennemis de la mobilisation<\/a>\u00a0(La Rel\u00e8ve et La Peste)<\/p>\n\n\n\n<p><a href=\"https:\/\/reporterre.net\/Traite-UE-Mercosur-la-Commission-contredit-l-Elysee\" target=\"_blank\" rel=\"noreferrer noopener\">Trait\u00e9 UE-Mercosur&nbsp;: la Commission contredit l&rsquo;\u00c9lys\u00e9e<\/a>&nbsp;(Reporterre)<\/p>\n\n\n\n<p><a href=\"https:\/\/reporterre.net\/Gaz-naturel-liquefie-Joe-Biden-stoppe-les-nouveaux-projets-d-exportation\" target=\"_blank\" rel=\"noreferrer noopener\">Joe Biden stoppe les nouveaux projets d&rsquo;exportation de GNL<\/a>&nbsp;(Reporterre)<\/p>\n\n\n\n<p><a href=\"https:\/\/www.rfi.fr\/fr\/podcasts\/questions-d-environnement\/20240124-europe-l-onu-d%C3%A9nonce-la-r%C3%A9pression-contre-les-militants-du-climat?_ope=eyJndWlkIjoiYjFmOWRmZWI3ZTllZGE1NTM1NTJmMGIzNWYwZGIyYjcifQ%3D%3D\">Europe: l&rsquo;ONU d\u00e9nonce la r\u00e9pression contre les militants du climat<\/a>&nbsp;(RFI)<\/p>\n\n\n\n<p><a href=\"https:\/\/www.huffingtonpost.fr\/politique\/article\/agriculteurs-les-ecologistes-au-defi-de-ne-pas-devenir-les-boucs-emissaires-de-la-crise_228977.html\">Les \u00e9cologistes au d\u00e9fi de ne pas devenir les boucs \u00e9missaires de la crise agricole<\/a> (Huffpost)<\/p>\n\n\n\n<p><strong><mark style=\"background-color:rgba(0, 0, 0, 0);color:#f40d0d\" class=\"has-inline-color\">29 janvier<\/mark><\/strong><\/p>\n\n\n\n<p><a href=\"https:\/\/www.rfi.fr\/fr\/france\/20240125-alimentation-en-france-hausse-des-%C3%A9missions-de-gaz-%C3%A0-effet-de-serre-li%C3%A9es-aux-importations\" target=\"_blank\" rel=\"noreferrer noopener\">Alimentation en France : hausse des \u00e9missions de gaz \u00e0 effet de serre li\u00e9es aux importations<\/a> (RFI)<\/p>\n\n\n\n<p><a href=\"https:\/\/www.rfi.fr\/fr\/france\/20240122-r%C3%A9chauffement-climatique-ces-communes-fran%C3%A7aises-qui-ne-trouvent-plus-d-assureur\" target=\"_blank\" rel=\"noreferrer noopener\">R\u00e9chauffement climatique: ces communes fran\u00e7aises qui ne trouvent plus d\u2019assureur<\/a> (RFI)<\/p>\n\n\n\n<p><a href=\"https:\/\/www.planet.fr\/conso-riz-contamine-voici-toutes-les-references-a-ne-surtout-pas-acheter.2949979.1404.html?a=&amp;utm_source=list&amp;utm_medium=email&amp;utm_campaign=base-envoi-planet-info&amp;utm_content=rizcontaminlespiresrfrencesselon60millionsdeconsommateurs_20240126\" target=\"_blank\" rel=\"noreferrer noopener\">Riz contamin\u00e9 : voici toutes les r\u00e9f\u00e9rences \u00e0 ne surtout pas acheter<\/a> (Planet 4)<\/p>\n\n\n\n<p><a href=\"https:\/\/www.eurovia.org\/fr\/publications\/manifeste-pour-que-la-transition-agricole-reponde-aux-crises-climatiques-systemiques\/\" target=\"_blank\" rel=\"noreferrer noopener\">Manifeste pour que la transition agricole r\u00e9ponde aux crises climatiques syst\u00e9miques<\/a> (Eurovia &#8211; Via Campesina)<\/p>\n\n\n\n<p><a href=\"https:\/\/www.eurovia.org\/fr\/actualite\/notre-manifeste-climatique-anime\/\" target=\"_blank\" rel=\"noreferrer noopener\">Manifeste Climatique<\/a> (Eurovia)<\/p>\n\n\n\n<p><a href=\"https:\/\/www.lafranceagricole.fr\/amerique-du-nord\/article\/861765\/roundup-monsanto-condamne-a-verser-2-25-milliards-de-dollars-de-dommages\" target=\"_blank\" rel=\"noreferrer noopener\">Roundup : Monsanto condamn\u00e9 \u00e0 verser 2,25 milliards de dollars de dommages<\/a> (France Agricole)<\/p>\n\n\n\n<p><strong><mark style=\"background-color:rgba(0, 0, 0, 0);color:#f40d0d\" class=\"has-inline-color\">27 janvier<\/mark><\/strong><\/p>\n\n\n\n<p><a href=\"https:\/\/framablog.org\/2024\/01\/27\/les-nouvelles-du-samedi-2042\/\">Les nouvelles du samedi-2042<\/a> (Framasoft)<\/p>\n\n\n\n<p><a href=\"https:\/\/reporterre.net\/On-enquille-les-CDD-la-precarite-fait-craquer-les-chercheurs-sur-le-climat?utm_source=newsletter&amp;utm_medium=email&amp;utm_campaign=nl_quotidienne\">La pr\u00e9carit\u00e9 fait craquer les chercheurs sur le climat<\/a> (Reporterre)<\/p>\n\n\n\n<p><a href=\"https:\/\/9fc60d19.sibforms.com\/serve\/MUIFANW-P9Yi8alI7k48h3VizXQbVx6DktSZih4xA2w8v5KHvbyRl2J0cT5o8WEglFym3OSE6gGC1cwk9rGXOMQcAAdcoXJX7ZC41O-rtpKWoGNAOkwxOoQRVCpA9_uWTlVY8vwfDgztVcbGy612PRAUqADxTADPrNrTutEporrBcorNwNJ_WpPdowQEOeDQF43f1DaIkr__nVDB\">Agriculteurs et \u00e9colos : nous refusons d&rsquo;\u00eatre catalogu\u00e9s comme ennemis et irons aux mobilisations des prochains jours<\/a> (Tribune)<\/p>\n\n\n\n<p><strong><mark style=\"background-color:rgba(0, 0, 0, 0);color:#f40d0d\" class=\"has-inline-color\">26 janvier<\/mark><\/strong><\/p>\n\n\n\n<p><a href=\"https:\/\/www.alternatives-economiques.fr\/lecologie-secours-de-lagriculture\/00109465\" target=\"_blank\" rel=\"noreferrer noopener\">L&rsquo;\u00e9cologie au secours de l&rsquo;agriculture<\/a>&nbsp;(Alter \u00e9co)<\/p>\n\n\n\n<p><strong><a href=\"https:\/\/reporterre.net\/L-ecologie-peut-sauver-l-agriculture-voici-comment\" target=\"_blank\" rel=\"noreferrer noopener\">L&rsquo;\u00e9cologie peut sauver l&rsquo;agriculture&nbsp;: voici comment<\/a>&nbsp;<\/strong>(Reporterre)<\/p>\n\n\n\n<p><a href=\"https:\/\/www.mediapart.fr\/journal\/ecologie\/250124\/dans-la-manche-des-navires-usines-ravagent-les-aires-marines-protegees-francaises\" target=\"_blank\" rel=\"noreferrer noopener\">Dans la Manche, des navires-usines ravagent les aires marines prot\u00e9g\u00e9es fran\u00e7aises<\/a>&nbsp;(M\u00e9diapart)<\/p>\n\n\n\n<p><a href=\"https:\/\/infos.lemonde.fr\/optiext\/optiextension.dll?ID=VnmVks%2BNh6WOfYzBIuenNqngOXqzVkwr9_kn95g_K5xx1ApFhMvQr94bz_KRh95Nv4SJNMEdjbqigse2xs9t3Pzot8fn20fnZfXVoMVD\" target=\"_blank\" rel=\"noreferrer noopener\">Plus de 80&nbsp;ONG pr\u00eates \u00e0 saisir la justice contre la r\u00e9autorisation du glyphosate en Europe<\/a> (Le Monde)<\/p>\n\n\n\n<p><a href=\"https:\/\/reporterre.net\/En-Espagne-des-temperatures-typiques-d-un-mois-de-juin\" target=\"_blank\" rel=\"noreferrer noopener\">En Espagne, des temp\u00e9ratures typiques d&rsquo;un mois de juin<\/a>&nbsp;(Reporterre)<\/p>\n\n\n\n<p><a href=\"https:\/\/reporterre.net\/Petrole-les-sables-bitumineux-bien-plus-polluants\" target=\"_blank\" rel=\"noreferrer noopener\">P\u00e9trole&nbsp;: les sables bitumineux bien plus polluants qu&rsquo;annonc\u00e9 par l&rsquo;industrie<\/a>&nbsp;(Reporterre)<\/p>\n\n\n\n<p><a href=\"https:\/\/www.revue-ballast.fr\/forets-publiques-luttes-collectives-rencontre-avec-le-forestier-daniel-pons\/\" target=\"_blank\" rel=\"noreferrer noopener\"><strong>For\u00eats publiques, luttes collectives : rencontre avec le forestier Daniel Pons<\/strong><\/a>&nbsp;(Ballast)<\/p>\n\n\n\n<p><a href=\"https:\/\/www.lemonde.fr\/idees\/article\/2024\/01\/20\/climat-la-foret-ne-peut-pas-etre-un-puits-infini-de-carbone_6211947_3232.html\">Climat&nbsp;: \u00ab&nbsp;La for\u00eat ne peut pas \u00eatre un puits infini de carbone&nbsp;\u00bb<\/a> (Le Monde)<\/p>\n\n\n\n<p><a href=\"https:\/\/www.xerficanal.com\/economie\/emission\/Gilles-Rotillon-Le-mirage-de-la-substitution-energetique-une-transition-en-conte-de-fees_3752442.html?utm_source=sendinblue&amp;utm_campaign=&amp;utm_medium=email\">Le mirage de la substitution \u00e9nerg\u00e9tique : une transition en conte de f\u00e9es<\/a> (Xerfi canal)<\/p>\n\n\n\n<p><a href=\"https:\/\/www.rfi.fr\/fr\/france\/20240122-r%C3%A9chauffement-climatique-ces-communes-fran%C3%A7aises-qui-ne-trouvent-plus-d-assureur\">R\u00e9chauffement climatique: ces communes fran\u00e7aises qui ne trouvent plus d\u2019assureur<\/a> (RFI)<\/p>\n\n\n\n<p><a href=\"https:\/\/reporterre.net\/Stocker-l-eau-en-sous-sol-mieux-que-les-megabassines\">Stocker l\u2019eau en sous-sol, mieux que les m\u00e9gabassines<\/a> (Reporterre)<\/p>\n\n\n\n<p><a href=\"https:\/\/mrmondialisation.org\/plastique-cette-dependance-qui-nous-tue\/\">Plastique&nbsp;: cette d\u00e9pendance qui nous tue<\/a> (mrmondialisation)<\/p>\n\n\n\n<p><a href=\"https:\/\/www.confederationpaysanne.fr\/actu.php?id=14070\" target=\"_blank\" rel=\"noreferrer noopener\">Sainte-Soline : un d\u00e9lib\u00e9r\u00e9 qui pi\u00e9tine l&rsquo;exercice du droit syndical<\/a> (Aplutsoc)<\/p>\n\n\n\n<p><a href=\"https:\/\/www.rfi.fr\/fr\/environnement\/20240118-greenwashing-les-eurod%C3%A9put%C3%A9s-s-accordent-pour-bannir-les-mentions-environnementales-trompeuses\" target=\"_blank\" rel=\"noreferrer noopener\">Greenwashing : les eurod\u00e9put\u00e9s s&rsquo;accordent pour bannir les mentions environnementales trompeuses<\/a> (RFI)<\/p>\n\n\n\n<p><a href=\"https:\/\/www.youtube.com\/watch?v=VK_f4siV_Mk\" target=\"_blank\" rel=\"noreferrer noopener\">Journ\u00e9es \u00e9conomiques &#8211; Financer la bifurcation \u00e9cologique et remettre en question la croissance ?<\/a> (La Bo\u00e9tie)<\/p>\n\n\n\n<p><strong><mark style=\"background-color:rgba(0, 0, 0, 0);color:#f40d0d\" class=\"has-inline-color\">25 janvier<\/mark><\/strong><\/p>\n\n\n\n<p><a href=\"https:\/\/www.mediapart.fr\/journal\/economie-et-social\/250124\/nucleaire-les-deboires-sans-fin-d-hinkley-point-revelent-le-choix-politique-de-detruire-edf\"><strong>Les d\u00e9boires d\u2019Hinkley Point r\u00e9v\u00e8lent le choix politique de d\u00e9truire EDF<\/strong><\/a> -Martine Orange (M\u00e9diapart)<\/p>\n\n\n\n<p><a href=\"https:\/\/www.boursorama.com\/actualite-economique\/actualites\/la-france-toujours-en-retard-dans-les-renouvelables-malgre-les-progres-du-solaire-34ad712372b643e2042a14e8df8e18b5\">La France toujours en retard dans les renouvelables, malgr\u00e9 les progr\u00e8s du solaire<\/a> (AFP)<\/p>\n\n\n\n<p><a href=\"https:\/\/www.boursorama.com\/actualite-economique\/actualites\/climat-et-droits-humains-totalenergies-scrute-par-une-commission-de-senateurs-pendant-6-mois-8e63879ff778e2a61bf28d9a3dcdfcf2\">TotalEnergies scrut\u00e9 par une commission de s\u00e9nateurs pendant 6 mois<\/a> (Boursorama)&nbsp;&nbsp;<\/p>\n\n\n\n<p><a href=\"https:\/\/www.boursorama.com\/actualite-economique\/actualites\/l-ukraine-veut-lancer-cette-annee-la-construction-de-quatre-reacteurs-nucleaires-9194325ac59523879cd02f756656a648\">L&rsquo;Ukraine veut lancer cette ann\u00e9e la construction de quatre r\u00e9acteurs nucl\u00e9aires<\/a> (Reuters)<\/p>\n\n\n\n<p><a href=\"https:\/\/www.boursorama.com\/actualite-economique\/actualites\/chine-les-energies-propres-principal-moteur-de-croissance-du-pib-en-2023-selon-une-etude-c386e43d1eed7112ac44ae38c12b2e00\">Chine : les \u00e9nergies propres, principal moteur de croissance du PIB en 2023<\/a> (AFP)<\/p>\n\n\n\n<p><a href=\"https:\/\/vert.eco\/articles\/le-gouvernement-sempetre-dans-la-planification-energie-climat\" target=\"_blank\" rel=\"noreferrer noopener\">Le gouvernement s\u2019emp\u00eatre dans la planification \u00e9nergie-climat<\/a> (vert.eco)<\/p>\n\n\n\n<p><a href=\"https:\/\/redirection.b2b.infopro-digital.com\/lnk\/AVkAADQd4NoAAcXFY7oAAHnKuI0AAABZQUUAIBNRAAwsSQBlr9k2N3NS7uMURGqf8slcIL2FYAAMCy8\/3\/sJhx-sznHjWY-fcC41un0g\/aHR0cHM6Ly93d3cudXNpbmVub3V2ZWxsZS5jb20vZWRpdG9yaWFsL2xhLXBlcGl0ZS1iaW9taXRlY2gtdmV1dC1kZWNhcmJvbmVyLWxlcy1ncmFuZHMtc2l0ZXMtaW5kdXN0cmllbHMtYXZlYy1kZXMtbWljcm9hbGd1ZXMuTjIyMDU4NDg\" target=\"_blank\" rel=\"noreferrer noopener\">Biomitech veut d\u00e9carboner les grands sites industriels avec des microalgues<\/a> (Usine Nouvelle)<\/p>\n\n\n\n<p><a href=\"https:\/\/reporterre.net\/J-ai-honte-de-mon-ecole-AgroParisTech-annule-l-invitation-de-militants-ecolos?utm_source=newsletter&amp;utm_medium=email&amp;utm_campaign=nl_quotidienne\">\u00ab J\u2019ai honte de mon \u00e9cole \u00bb : AgroParisTech annule l\u2019invitation de militants \u00e9colos<\/a> (Reporterre)<\/p>\n\n\n\n<p><strong><mark style=\"background-color:rgba(0, 0, 0, 0);color:#f80a0a\" class=\"has-inline-color\">24 janvier<\/mark><\/strong><\/p>\n\n\n\n<p><a href=\"https:\/\/vert.eco\/articles\/la-peche-industrielle-detruit-locean-et-cree-deux-fois-moins-demplois-que-la-peche-cotiere-selon-lassociation-bloom\">La p\u00eache industrielle d\u00e9truit l\u2019oc\u00e9an et cr\u00e9e deux fois moins d\u2019emplois que la p\u00eache c\u00f4ti\u00e8re<\/a>&nbsp; (vert.eco)<\/p>\n\n\n\n<p><a href=\"https:\/\/reporterre.net\/Perfusee-aux-aides-publiques-la-peche-industrielle-detruit-l-ocean-et-les-emplois\">Malgr\u00e9 ses d\u00e9g\u00e2ts, la p\u00eache industrielle re\u00e7oit plus d\u2019aides publiques<\/a>&nbsp;(Reporterre)<\/p>\n\n\n\n<p><a href=\"https:\/\/link.newsletter.franceculture.fr\/m\/ml\/7429\/849807\/AMzyVs5Gna3eo2KysPIp2G9C5lXTLJmivm821gAfcU8=\/JeXESXJBZC59ABy4+4fEi9OiqGxSsUnALq-ciMwx9e4=\/\" target=\"_blank\" rel=\"noreferrer noopener\">Pr\u00e9server la p\u00eache et les oc\u00e9ans<\/a> (France Culture)<\/p>\n\n\n\n<p><a href=\"https:\/\/www.mediapart.fr\/journal\/culture-et-idees\/240124\/avec-l-adaptation-le-capitalisme-utilise-le-climat-pour-etendre-son-emprise\" target=\"_blank\" rel=\"noreferrer noopener\">\u00abAvec l\u2019adaptation, le capitalisme utilise le climat pour \u00e9tendre son emprise\u00bb<\/a> (M\u00e9diapart)<\/p>\n\n\n\n<p><a href=\"https:\/\/link.newsletter.franceculture.fr\/m\/ml\/7429\/849807\/AMzyVs5Gna3eo2KysPIp2G9C5lXTLJmivm821gAfcU8=\/JeXESXJBZC59ABy4+4fEi9OiqGxSsUnAVwuKLrXLMAY=\/\" target=\"_blank\" rel=\"noreferrer noopener\">En autorisant la prospection mini\u00e8re de ses fonds marins, la Norv\u00e8ge cr\u00e9e-t-elle un pr\u00e9c\u00e9dent dangereux&nbsp;?<\/a><a> (France Culture)<\/a><\/p>\n\n\n\n<p><a href=\"https:\/\/www.politis.fr\/articles\/2024\/01\/inaction-climatique-europeenne\/\" target=\"_blank\" rel=\"noreferrer noopener\">Inaction climatique europ\u00e9enne<\/a> (Politis)<\/p>\n\n\n\n<p><a href=\"https:\/\/www.youtube.com\/watch?v=VcKTmCpSi9A\">Jean-Baptiste Fressoz &#8211; Sans transition : une nouvelle histoire de l&rsquo;\u00e9nergie<\/a> (Vid\u00e9o)<\/p>\n\n\n\n<p><strong><mark style=\"background-color:rgba(0, 0, 0, 0);color:#f30707\" class=\"has-inline-color\">23 janvier<\/mark><\/strong><\/p>\n\n\n\n<p><strong><a href=\"https:\/\/reporterre.net\/Comment-Total-se-sert-du-foot-pour-cacher-ses-mefaits-en-Afrique\" target=\"_blank\" rel=\"noreferrer noopener\">En Afrique, Total prot\u00e8ge son p\u00e9trole en arrosant le foot<\/a> <\/strong>(Reporterre)<\/p>\n\n\n\n<p><a href=\"https:\/\/redirection.b2b.infopro-digital.com\/lnk\/AU4AADPKuE4AAcXFYxYAAHnKuI0AAABZQUUAANzvAAwsSQBlrq5tRVmPzDsDTG-UAPmpMTUT0AAMCy8\/4\/JWS2-gLIDAjc2J4j-6P5hA\/aHR0cDovL3d3dy51c2luZW5vdXZlbGxlLmNvbS9hcnRpY2xlL2xhLWRlY2FyYm9uYXRpb24tZGUtbC1pbmR1c3RyaWUtbm91dmVhdS1zdXBlci1wb3V2b2lyLWQtZWRmLk4yMjA2ODE5P3V0bV9zb3VyY2U9bmV3c2xldHRlciZ1dG1fbWVkaXVtPWVtYWlsJnV0bV9jYW1wYWlnbj1pbmZvX2xhLXF1b3RpZGllbm5lJmVtYWlsPTIwNDMzMjg2NTMmaWRiZGQ9NTY1NTk\" target=\"_blank\" rel=\"noreferrer noopener\">La d\u00e9carbonation de l\u2019industrie, nouveau super pouvoir d\u2019EDF<\/a> (Usine Nouvelle)<\/p>\n\n\n\n<p><a href=\"https:\/\/www.boursorama.com\/actualite-economique\/actualites\/une-cartographie-de-la-pollution-dans-le-metro-et-le-rer-revele-trois-stations-dans-le-rouge-4e5780239a4752a1767fc6ac8839c2a7\">Une cartographie de la pollution dans le m\u00e9tro et le RER r\u00e9v\u00e8le trois stations dans le rouge<\/a> (AFP)<\/p>\n\n\n\n<p><a href=\"https:\/\/www.boursorama.com\/actualite-economique\/actualites\/rejets-toxiques-en-mediterranee-l-usine-alteo-de-gardanne-mise-en-examen-95d145e18d690674ab046c4e598c20f6\">Rejets toxiques en M\u00e9diterran\u00e9e: l&rsquo;usine Alteo de Gardanne mise en examen<\/a> (AFP)<\/p>\n\n\n\n<p><a href=\"https:\/\/lareleveetlapeste.fr\/alerte-rouge-pour-locean-le-plus-grand-chalutier-pelagique-du-monde-arrive-en-france\/\">Alerte rouge pour l\u2019Oc\u00e9an&nbsp;: le plus grand chalutier p\u00e9lagique du monde arrive en France<\/a> (La rel\u00e8ve et la peste)<\/p>\n\n\n\n<p><a href=\"https:\/\/www.novethic.fr\/actualite\/environnement\/biodiversite\/isr-rse\/changement-climatique-en-siberie-les-temperatures-anormalement-elevees-engendrent-des-ours-zombies-151997.html?utm_source=Abonn%C3%A9s+Novethic&amp;utm_campaign=ff8a441f91-EMAIL_CAMPAIGN_2024_01_18_05_28&amp;utm_medium=email&amp;utm_term=0_-ff8a441f91-%5BLIST_EMAIL_ID%5D\">Crise climatique en Sib\u00e9rie : la hausse des temp\u00e9ratures cr\u00e9e des ours zombies<\/a> (novethic)<\/p>\n\n\n\n<p><a href=\"https:\/\/lequotidien.lu\/a-la-une\/amphibiens%E2%80%89-au-luxembourg-certaines-populations-sont-menacees\/?utm_source=LUMEDIA+S.+A.&amp;utm_campaign=c9a5a897a9-EMAIL_CAMPAIGN_6_8_2022_7_59_COPY_01&amp;utm_medium=email&amp;utm_term=0_bdf53943d9-c9a5a897a9-390739384\">Amphibiens\u2009: \u00abAu Luxembourg, certaines populations sont menac\u00e9es\u00bb<\/a> (Le Quotidien)<\/p>\n\n\n\n<p><a href=\"https:\/\/reporterre.net\/Peche-le-chalutage-de-fond-libere-des-quantites-colossales-de-CO%E2%82%82\">P\u00eache&nbsp;: le chalutage de fond lib\u00e8re des quantit\u00e9s colossales de CO\u2082<\/a> (Reporterre)<\/p>\n\n\n\n<p><a href=\"https:\/\/www.novethic.fr\/actualite\/infographies\/isr-rse\/infographie-l-empreinte-carbone-des-plus-riches-est-en-realite-deux-a-trois-plus-importante-que-ce-qu-on-pensait-152031.html?utm_source=Abonn%C3%A9s+Novethic&amp;utm_campaign=ff8a441f91-EMAIL_CAMPAIGN_2024_01_18_05_28&amp;utm_medium=email&amp;utm_term=0_-ff8a441f91-%5BLIST_EMAIL_ID%5D\">L&#8217;empreinte carbone des plus riches est en r\u00e9alit\u00e9 deux \u00e0 trois plus importante que ce qu&rsquo;on pensait<\/a> (novethic)<\/p>\n\n\n\n<p><strong><mark style=\"background-color:rgba(0, 0, 0, 0);color:#c31414\" class=\"has-inline-color\">22 janvier<\/mark><\/strong><\/p>\n\n\n\n<p><a href=\"https:\/\/www.france24.com\/fr\/asie-pacifique\/20240119-en-tha%C3%AFlande-le-gouvernement-somm%C3%A9-d-agir-contre-la-pollution-atmosph%C3%A9rique\">En Tha\u00eflande, le gouvernement somm\u00e9 par la justice d\u2019agir contre la pollution atmosph\u00e9rique<\/a>&nbsp;(france24.com)<\/p>\n\n\n\n<p><a href=\"https:\/\/reporterre.net\/La-Norvege-autorise-le-deversement-de-dechets-miniers-dans-un-fjord\">La Norv\u00e8ge autorise le d\u00e9versement de d\u00e9chets miniers dans un fjord<\/a>&nbsp;(reporterre.net)<\/p>\n\n\n\n<p><a href=\"https:\/\/reporterre.net\/Detruite-par-les-gendarmes-la-zad-de-l-A69-resiste?utm_source=newsletter&amp;utm_medium=email&amp;utm_campaign=nl_quotidienne\">D\u00e9truite par les gendarmes, la zad de l\u2019A69 r\u00e9siste<\/a> (Reporterre)<\/p>\n\n\n\n<p><strong><mark style=\"background-color:rgba(0, 0, 0, 0);color:#c31414\" class=\"has-inline-color\">20 janvier<\/mark><\/strong><\/p>\n\n\n\n<p><a href=\"https:\/\/www.alternatives-economiques.fr\/gouvernement-cumule-cafouillages-autour-projet-de-loi-souverain\/00109388?utm_source=emailing&amp;utm_medium=email&amp;utm_content=19012024&amp;utm_campaign=quotidien\"><strong>Le gouvernement cumule les cafouillages autour du projet de loi sur la souverainet\u00e9 \u00e9nerg\u00e9tique<\/strong><\/a> (Alter \u00e9co)<\/p>\n\n\n\n<p><strong><a href=\"https:\/\/www.off-investigation.fr\/megabassines-comment-letat-a-pris-le-parti-des-gros-cerealiers\/\">M\u00e9gabassines&nbsp;: comment l\u2019Etat a pris le parti des gros c\u00e9r\u00e9aliers<\/a><\/strong> (Off Investigation et Reporterre)<\/p>\n\n\n\n<p><a href=\"https:\/\/Profits,%20export%20et%20grandes%20cultures&nbsp;:%20les%20vraies%20raisons%20des%20m\u00e9gabassines\">Profits, export et grandes cultures&nbsp;: les vraies raisons des m\u00e9gabassines<\/a> (Off Investigation et Reporterre)<\/p>\n\n\n\n<p><a href=\"https:\/\/redirection.b2b.infopro-digital.com\/lnk\/AV4AADMcYbIAAcXFYWAAAHnKuI0AAABZQUUAANzvAAwsSQBlqWfD_8zo5GZBTA22x9vCHQrcuAAMCy8\/4\/vkWX_TglnzxuQkUnt2UuwA\/aHR0cDovL3d3dy51c2luZW5vdXZlbGxlLmNvbS9hcnRpY2xlL3NhbnMtbGEtcmVsYW5jZS1kdS1udWNsZWFpcmUtbGEtbG9pLWRlLXNvdXZlcmFpbmV0ZS1lbmVyZ2V0aXF1ZS1kb2l0LWNoYW5nZXItZGUtbm9tLk4yMjA2NzM3P3V0bV9zb3VyY2U9bmV3c2xldHRlciZ1dG1fbWVkaXVtPWVtYWlsJnV0bV9jYW1wYWlnbj1pbmZvX2xhLXF1b3RpZGllbm5lJmVtYWlsPTIwNDMzMjg2NTMmaWRiZGQ9NTY1NTk\" target=\"_blank\" rel=\"noreferrer noopener\">Une loi mal n\u00e9e&nbsp;: les premiers pas de Bercy sur l\u2019\u00e9nergie s\u00e8ment le trouble<\/a> (Usine Nouvelle)<\/p>\n\n\n\n<p><a href=\"https:\/\/www.alternatives-economiques.fr\/changement-climatique-accroit-inegalites-de-genre\/00109332\" target=\"_blank\" rel=\"noreferrer noopener\">Comment le changement climatique accro\u00eet les in\u00e9galit\u00e9s de genre<\/a> (Alter \u00e9co)<\/p>\n\n\n\n<p><a href=\"https:\/\/www.blast-info.fr\/articles\/2024\/sainte-soline-letat-obtient-la-condamnation-des-neuf-opposants-cXmOJOdLQDSimZ9uaey1mQ\" target=\"_blank\" rel=\"noreferrer noopener\">Sainte-Soline : l\u2019Etat obtient la condamnation des neuf opposants<\/a> (Blast)<\/p>\n\n\n\n<p><a href=\"https:\/\/link.newsletter.franceculture.fr\/m\/ml\/7429\/848441\/kdn1CNhQAHkCkXWDpBBoVW9C5lXTLJmivm821gAfcU8=\/z7J8+QFbnRWSKPVqCYTuEMZsCmsjUOZCyKjm8eKG6fg=\/\" target=\"_blank\" rel=\"noreferrer noopener\">D\u00e9clin des insectes&nbsp;: la pollinisation a le bourdon <\/a>&nbsp;(France Culture)<\/p>\n\n\n\n<p><a href=\"https:\/\/www.boursorama.com\/actualite-economique\/actualites\/l-ue-contraint-les-poids-lourds-a-reduire-leurs-emissions-de-co2-ca0e64a286d7d90787f285e49159d261\">L&rsquo;UE contraint les poids lourds \u00e0 r\u00e9duire leurs \u00e9missions de CO2<\/a> (AFP)<\/p>\n\n\n\n<p><a href=\"https:\/\/www.boursorama.com\/actualite-economique\/actualites\/le-groenland-a-perdu-plus-de-glace-qu-estime-jusqu-alors-selon-une-etude-140e75d406bd3dc5d683d9e71754888e\">Le Groenland a perdu plus de glace qu&rsquo;estim\u00e9 jusqu&rsquo;alors, selon une \u00e9tude<\/a> (AFP)<\/p>\n\n\n\n<p><a href=\"https:\/\/www.novethic.fr\/actualite\/environnement\/climat\/isr-rse\/face-a-l-augmentation-des-aleas-climatiques-1-000-a-2-000-collectivites-locales-se-retrouvent-sans-assurance-152028.html?utm_source=Abonn%C3%A9s+Novethic&amp;utm_campaign=c124fa7604-EMAIL_CAMPAIGN_2024_01_15_05_22&amp;utm_medium=email&amp;utm_term=0_-c124fa7604-%5BLIST_EMAIL_ID%5D\">Face \u00e0 la crise climatique, une partie de la France d\u00e9j\u00e0 inassurable<\/a> (Novethic)<\/p>\n\n\n\n<p><strong><mark style=\"background-color:rgba(0, 0, 0, 0);color:#c31414\" class=\"has-inline-color\">18 janvier<\/mark><\/strong><\/p>\n\n\n\n<p><a href=\"https:\/\/www.francetvinfo.fr\/replay-jt\/france-2\/20-heures\/cyclone-belal-des-scenes-de-chaos-sur-l-ile-maurice_6305739.html#xtor=RSS-3-%5Bmonde%5D\">Cyclone Belal : des sc\u00e8nes de chaos sur l\u2019\u00eele Maurice<\/a> (francetvinfo)<\/p>\n\n\n\n<p><a href=\"https:\/\/lequotidien.lu\/a-la-une\/le-luxembourg-paralyse-par-les-pluies-verglacantes\/?utm_source=LUMEDIA+S.+A.&amp;utm_campaign=6613332ca2-EMAIL_CAMPAIGN_6_8_2022_7_59_COPY_01&amp;utm_medium=email&amp;utm_term=0_bdf53943d9-6613332ca2-390739384\">Le Luxembourg paralys\u00e9 par les pluies vergla\u00e7antes<\/a> (Le Quotidien)<\/p>\n\n\n\n<p><a href=\"https:\/\/france3-regions.francetvinfo.fr\/auvergne-rhone-alpes\/rhone\/lyon\/polluants-eternels-l-appel-de-10-associations-et-37-riverains-contre-l-usine-arkema-pierre-benite-juge-irrecevable-2904479.html\">Polluants \u00e9ternels : l&rsquo;appel de 10 associations et 37 riverains contre l&rsquo;usine Arkema-Pierre B\u00e9nite jug\u00e9 irrecevable<\/a> (francetvinfo)<\/p>\n\n\n\n<p><a href=\"https:\/\/mrmondialisation.org\/la-biodiversite-un-enjeu-vital-trop-souvent-oublie\/\">La biodiversit\u00e9, un enjeu vital trop souvent oubli\u00e9<\/a> (mrmondialisation)<\/p>\n\n\n\n<p><strong><mark style=\"background-color:rgba(0, 0, 0, 0);color:#c31414\" class=\"has-inline-color\">17 janvier<\/mark><\/strong><\/p>\n\n\n\n<p><a href=\"https:\/\/www.alternatives-economiques.fr\/inondations-a-repetition-a-faute\/00109350\" target=\"_blank\" rel=\"noreferrer noopener\">Inondations \u00e0 r\u00e9p\u00e9tition : \u00e0 qui la faute ?<\/a> &nbsp;(Alter \u00e9co)<\/p>\n\n\n\n<p><strong><a href=\"https:\/\/www.alternatives-economiques.fr\/ecole-ecologie-economie-fantasmes-reactionnaires-demmanuel-macron\/00109365\" target=\"_blank\" rel=\"noreferrer noopener\">Ecole, \u00e9cologie, \u00e9conomie : les fantasmes r\u00e9actionnaires d&rsquo;Emmanuel Macron<\/a> <\/strong>(Alter \u00e9co)<\/p>\n\n\n\n<p><a href=\"https:\/\/www.politis.fr\/articles\/2024\/01\/desamorcer-les-bombes-carbone\/\" target=\"_blank\" rel=\"noreferrer noopener\">D\u00e9samorcer les bombes carbone <\/a>&nbsp;(Politis)<\/p>\n\n\n\n<p><a href=\"https:\/\/www.politis.fr\/articles\/2024\/01\/victoire-detape-pour-les-antipesticides\/\" target=\"_blank\" rel=\"noreferrer noopener\">Victoire d\u2019\u00e9tape pour les antipesticides<\/a> (Politis)<\/p>\n\n\n\n<p><a href=\"https:\/\/rapportsdeforce.fr\/ici-et-maintenant\/megabassines-un-an-de-prison-avec-sursis-pour-le-porte-parole-du-collectif-bassines-non-merci-011720195\" target=\"_blank\" rel=\"noreferrer noopener\">M\u00e9gabassines : un an de prison avec sursis pour le porte-parole du collectif &lsquo;Bassines non merci&rsquo;<\/a> (Rapports de Force)<\/p>\n\n\n\n<p><a href=\"https:\/\/www.xerficanal.com\/economie\/emission\/Olivier-Passet-En-finir-avec-le-mythe-du-consommateur-responsable-qui-va-sauver-la-planete_3752448.html?utm_source=sendinblue&amp;utm_campaign=XC110124&amp;utm_medium=email\">En finir avec le mythe du consommateur responsable qui va sauver la plan\u00e8te<\/a> (Xerfi Canal)<\/p>\n\n\n\n<p><a href=\"https:\/\/www.liberation.fr\/idees-et-debats\/charbon-eolien-petrole-la-transition-energetique-a-un-probleme-a-la-source-20240110_WL6JYV27N5ABFHO43J6SH4ADCA\/\" target=\"_blank\" rel=\"noreferrer noopener\">Charbon, \u00e9olien, p\u00e9trole\u2026 La transition \u00e9nerg\u00e9tique a un probl\u00e8me \u00e0 la source<\/a> (Lib\u00e9ration)<\/p>\n\n\n\n<p><a href=\"https:\/\/www.lapresse.ca\/actualites\/environnement\/2024-01-10\/hemisphere-nord\/moins-d-accumulation-de-neige-en-raison-des-changements-climatiques.php\" target=\"_blank\" rel=\"noreferrer noopener\">H\u00e9misph\u00e8re Nord&nbsp; Moins d\u2019accumulation de neige en raison des changements climatiques<\/a> (La Presse.ca)<\/p>\n\n\n\n<p><a href=\"https:\/\/www.youtube.com\/watch?v=UHhjmLXiwdM\" target=\"_blank\" rel=\"noreferrer noopener\">Transition \u00e9nerg\u00e9tique : aux sources d\u2019une fausse promesse<\/a> (France Culture)<\/p>\n\n\n\n<p><a href=\"https:\/\/www.rfi.fr\/fr\/podcasts\/chronique-des-mati%C3%A8res-premi%C3%A8res\/20240110-en-france-on-a-peu-de-p%C3%A9trole-mais-ses-jours-sont-compt%C3%A9s\" target=\"_blank\" rel=\"noreferrer noopener\">En France, on a peu de p\u00e9trole, mais ses jours sont compt\u00e9s<\/a> (RFI)<\/p>\n\n\n\n<p><strong><mark style=\"background-color:rgba(0, 0, 0, 0);color:#c31414\" class=\"has-inline-color\">16 janvier<\/mark><\/strong><\/p>\n\n\n\n<p><a href=\"https:\/\/www.terrestres.org\/2024\/01\/16\/les-plus-pessimistes-etaient-beaucoup-trop-optimistes\/?utm_source=rss&amp;utm_medium=rss&amp;utm_campaign=les-plus-pessimistes-etaient-beaucoup-trop-optimistes\" target=\"_blank\" rel=\"noreferrer noopener\">\u00ab Les plus pessimistes \u00e9taient beaucoup trop optimistes \u00bb<\/a> (Terrestres)<\/p>\n\n\n\n<p><strong><a href=\"https:\/\/www.alternatives-economiques.fr\/future-loi-climat-devenue-une-loi-nucleaire\/00109334\" target=\"_blank\" rel=\"noreferrer noopener\">Comment la future loi climat est devenue une loi nucl\u00e9aire&nbsp;<\/a> <\/strong>(Alter \u00e9co)<\/p>\n\n\n\n<p><a href=\"https:\/\/reporterre.net\/Pesticides-les-distances-de-securite-autour-des-zones-traitees-jugees-insuffisantes\" target=\"_blank\" rel=\"noreferrer noopener\">Pesticides&nbsp;: les distances de s\u00e9curit\u00e9 autour des zones trait\u00e9es jug\u00e9es insuffisantes<\/a> (Reporterre)<\/p>\n\n\n\n<p><a href=\"https:\/\/www.politis.fr\/articles\/2024\/01\/nouveaux-ogm-cest-toujours-non\/\" target=\"_blank\" rel=\"noreferrer noopener\">Nouveaux OGM : c\u2019est toujours non !<\/a>&nbsp; (Politis)<\/p>\n\n\n\n<p><a href=\"https:\/\/reporterre.net\/Victoire-contre-la-carriere-de-Lafarge-a-Saint-Colomban\" target=\"_blank\" rel=\"noreferrer noopener\">Victoire contre la carri\u00e8re de Lafarge \u00e0 Saint-Colomban<\/a>&nbsp;(Reporterre)<\/p>\n\n\n\n<p><a href=\"https:\/\/reporterre.net\/Agir-pour-le-climat-permettrait-d-economiser-1000-milliards-d-euros-en-Europe\" target=\"_blank\" rel=\"noreferrer noopener\">Agir pour le climat permettrait d&rsquo;\u00e9conomiser 1000 milliards d&rsquo;euros en Europe<\/a>&nbsp;(Reporterre)<\/p>\n\n\n\n<p><strong><a href=\"https:\/\/basta.media\/coupes-du-monde-football-jo-hiver-notre-maison-brule-et-nous-regardons-du-sport-climat\" target=\"_blank\" rel=\"noreferrer noopener\">Coupes du monde de football, JO d&rsquo;hiver&#8230; Notre maison br\u00fble et nous regardons du sport<\/a> <\/strong>(Basta!)<\/p>\n\n\n\n<p><a href=\"https:\/\/lundi.am\/Rockwool-de%CC%81gage\" target=\"_blank\" rel=\"noreferrer noopener\">Rockwool d\u00e9gage&nbsp;!<\/a> (Lundimatin)<\/p>\n\n\n\n<p><a href=\"https:\/\/www.equaltimes.org\/scandale-sanitaire-et-raciste-du\" target=\"_blank\" rel=\"noreferrer noopener\">Scandale sanitaire et raciste du chlord\u00e9cone dans les Antilles fran\u00e7aises : apr\u00e8s le non-lieu, le combat continue<\/a> (Equal Times)<\/p>\n\n\n\n<p><a href=\"https:\/\/vert.eco\/articles\/trump-pour-qui-travaillez-vous-une-poignee-de-militants-ecologistes-donnent-de-la-voix-au-meeting-de-lancien-president\" target=\"_blank\" rel=\"noreferrer noopener\">\u00abTrump, pour qui travaillez-vous ?\u00bb : des militants \u00e9cologistes donnent de la voix au meeting de l\u2019ancien pr\u00e9sident<\/a> (vert.eco)<\/p>\n\n\n\n<p><a href=\"https:\/\/www.elclip.org\/Delta%20Airlines%20a%20une%20fois%20de%20plus%20achet\u00e9%20des%20cr\u00e9dits%20carbone%20douteux\">Delta Airlines a une fois de plus achet\u00e9 des cr\u00e9dits-carbone douteux<\/a> (Elclip)<\/p>\n\n\n\n<p><a href=\"https:\/\/reporterre.net\/Au-proces-d-Extinction-Rebellion-des-magistrats-climatosceptiques?utm_source=newsletter&amp;utm_medium=email&amp;utm_campaign=nl_quotidienne\"><strong>Au proc\u00e8s d\u2019Extinction Rebellion, un magistrat climatosceptique<\/strong><\/a> (Reporterre)<\/p>\n\n\n\n<p><a href=\"https:\/\/www.rfi.fr\/fr\/podcasts\/questions-d-environnement\/20240115-comment-la-chine-est-elle-devenue-la-championne-des-%C3%A9nergies-renouvelables\">Comment la Chine est-elle devenue la championne des \u00e9nergies renouvelables ?<\/a> (RFI)<\/p>\n\n\n\n<p><strong><a href=\"https:\/\/www.youtube.com\/watch?v=OZ_VdHOsI14&amp;ab_channel=BLAST%2CLesouffledel%27info\">Dry January, \u00e9cologie : pourquoi le pouvoir a-t-il si peur de la sobri\u00e9t\u00e9 ?<\/a> <\/strong>(Blast)<\/p>\n\n\n\n<p><strong><mark style=\"background-color:rgba(0, 0, 0, 0);color:#c31414\" class=\"has-inline-color\">13 janvier<\/mark><\/strong><\/p>\n\n\n\n<p><a href=\"https:\/\/www.mediapart.fr\/journal\/politique\/120124\/le-nouveau-gouvernement-fait-marche-arriere-sur-l-ecologie\" target=\"_blank\" rel=\"noreferrer noopener\">Le nouveau gouvernement fait marche arri\u00e8re sur l\u2019\u00e9cologie<\/a> (M\u00e9diapart)<\/p>\n\n\n\n<p><a href=\"https:\/\/redirection.b2b.infopro-digital.com\/lnk\/AU4AADKXZ3kAAcXFXSIAAHnKuI0AAABZQUUAANzvAAwsSQBloCPrP82gIh3JQp-wZSa_CiBzGAAMCy8\/4\/BgFs3EIhlnUhoQoroXEh4w\/aHR0cDovL3d3dy51c2luZW5vdXZlbGxlLmNvbS9hcnRpY2xlL2xhLWNhcGFjaXRlLW1vbmRpYWxlLWRlLXByb2R1Y3Rpb24tZC1lbmVyZ2llcy1yZW5vdXZlbGFibGVzLWEtYXVnbWVudGUtZGUtNTAtZW4tMjAyMy5OMjIwNjMwMD91dG1fc291cmNlPW5ld3NsZXR0ZXImdXRtX21lZGl1bT1lbWFpbCZ1dG1fY2FtcGFpZ249aW5mb19sYS1xdW90aWRpZW5uZSZlbWFpbD0yMDQzMzI4NjUzJmlkYmRkPTU2NTU5\" target=\"_blank\" rel=\"noreferrer noopener\">La production d&rsquo;\u00e9nergies renouvelables dans le monde au plus haut<\/a> (Usine Nouvelle)<\/p>\n\n\n\n<p><a href=\"https:\/\/reporterre.net\/A-Maubeuge-la-resistance-s-organise-contre-le-projet-de-gigafactory\" target=\"_blank\" rel=\"noreferrer noopener\">Batteries \u00e9lectriques&nbsp;: dans le Nord, la r\u00e9sistance aux gigafactories<\/a> (Reporterre)<\/p>\n\n\n\n<p><a href=\"https:\/\/www.alternatives-economiques.fr\/milliards-dexclus-nont-toujours-acces-a-leau-potable\/00109335\" target=\"_blank\" rel=\"noreferrer noopener\">Deux milliards d&rsquo;exclus n&rsquo;ont toujours pas acc\u00e8s \u00e0 l&rsquo;eau potable<\/a>&nbsp;(Alter \u00e9co)<\/p>\n\n\n\n<p><a href=\"https:\/\/www.60millions-mag.com\/2024\/01\/11\/maison-fissuree-comment-reparer-les-degats-21765\" target=\"_blank\" rel=\"noreferrer noopener\">Maison fissur\u00e9e : comment r\u00e9parer les d\u00e9g\u00e2ts ?<\/a> (60 Millions de Consommateurs)<\/p>\n\n\n\n<p><strong><mark style=\"background-color:rgba(0, 0, 0, 0);color:#c31414\" class=\"has-inline-color\">12 janvier<\/mark><\/strong><\/p>\n\n\n\n<p><strong><a href=\"https:\/\/multinationales.org\/fr\/actualites\/face-aux-plaintes-des-communautes-d-accueil-au-nigeria-le-geant-petrolier-eni\">Face aux plaintes des communaut\u00e9s d\u2019accueil au Nigeria, le g\u00e9ant p\u00e9trolier Eni fait la sourde oreille<\/a> <\/strong>(Observatoire des multinationales)<\/p>\n\n\n\n<p><a href=\"https:\/\/insolentiae.com\/ecologie-113-milliards-de-investis-par-2-societes-pour-augmenter-la-production-de-petrole\/\">113 milliards de $ investis par 2 soci\u00e9t\u00e9s pour augmenter la production de p\u00e9trole <\/a>(Insolentiae)<\/p>\n\n\n\n<p><a href=\"https:\/\/www.novethic.fr\/actualite\/energie\/energies-fossiles\/isr-rse\/superprofits-des-energies-fossiles-des-dividendes-records-verses-aux-actionnaires-152003.html?utm_source=Abonn%C3%A9s+Novethic&amp;utm_campaign=146e8ef1db-EMAIL_CAMPAIGN_2024_01_08_04_37&amp;utm_medium=email&amp;utm_term=0_-146e8ef1db-%5BLIST_EMAIL_ID%5D\">Superprofits des \u00e9nergies fossiles : les actionnaires engrangent des dividendes records<\/a> (novethic)<\/p>\n\n\n\n<p><a href=\"https:\/\/www.rfi.fr\/fr\/europe\/20240108-intemp%C3%A9ries-un-vortex-polaire-s-%C3%A9tend-sur-l-europe-des-temp%C3%A9ratures-glaciales-attendues-en-france\" target=\"_blank\" rel=\"noreferrer noopener\">Intemp\u00e9ries: un vortex polaire s&rsquo;\u00e9tend sur l&rsquo;Europe, des temp\u00e9ratures glaciales attendues en France<\/a> (RFI)<\/p>\n\n\n\n<p><a href=\"https:\/\/www.lemonde.fr\/planete\/article\/2024\/01\/09\/l-union-europeenne-tentee-de-baisser-le-niveau-de-protection-du-loup_6209731_3244.html\" target=\"_blank\" rel=\"noreferrer noopener\">L\u2019Union europ\u00e9enne tent\u00e9e de baisser le niveau de protection du loup<\/a> (Le Monde)<\/p>\n\n\n\n<p><a href=\"https:\/\/ici.radio-canada.ca\/nouvelle\/2039986\/copernicus-2023-annee-plus-chaude-histoire\" target=\"_blank\" rel=\"noreferrer noopener\">L\u2019observatoire Copernicus confirme que 2023 a \u00e9t\u00e9 l\u2019ann\u00e9e la plus chaude de l\u2019histoire<\/a> (Radio Canada)<\/p>\n\n\n\n<p><strong><mark style=\"background-color:rgba(0, 0, 0, 0);color:#c31414\" class=\"has-inline-color\">11 janvier<\/mark><\/strong><\/p>\n\n\n\n<p><strong><a href=\"https:\/\/www.alternatives-economiques.fr\/valerie-murat-militante-anti-pesticides-lobby-viticole-a-voulu-faire\/00109101\" target=\"_blank\" rel=\"noreferrer noopener\">Val\u00e9rie Murat, la militante anti-pesticides que le lobby viticole a voulu faire taire<\/a> <\/strong>(Alter \u00e9co)<\/p>\n\n\n\n<p>&nbsp;<a href=\"https:\/\/www.alternatives-economiques.fr\/faut-preserver-davantage-exploiter-foret-francaise\/00108965\">Faut-il pr\u00e9server ou davantage exploiter la foret fran\u00e7aise&nbsp;?<\/a> (Alter \u00e9co)<\/p>\n\n\n\n<p><a href=\"https:\/\/reporterre.net\/Guerre-a-Gaza-300-000-tonnes-de-CO2-relachees-dans-l-atmosphere\" target=\"_blank\" rel=\"noreferrer noopener\"><strong>Guerre \u00e0 Gaza&nbsp;: 300 000 tonnes de CO2 rel\u00e2ch\u00e9es dans l&rsquo;atmosph\u00e8re<\/strong><\/a> (Reporterre)<\/p>\n\n\n\n<p><a href=\"https:\/\/www.alternatives-economiques.fr\/veut-peau-ecolos\/00109279\" target=\"_blank\" rel=\"noreferrer noopener\">Qui veut la peau des \u00e9colos ?<\/a>&nbsp;(Alter \u00e9co)<\/p>\n\n\n\n<p><a href=\"https:\/\/www.alternatives-economiques.fr\/pressions-repression-devient-dangereux-detre-militant-ecol\/00109042\" target=\"_blank\" rel=\"noreferrer noopener\">Pressions, r\u00e9pression : pourquoi il devient dangereux d\u2019\u00eatre militant \u00e9cologiste<\/a> (Alter \u00e9co)<\/p>\n\n\n\n<p><a href=\"https:\/\/basta.media\/ZAD-Tarn-projet-autoroute-A69-appel-des-opposants-Zone-a-Defendre-Cremarbre\" target=\"_blank\" rel=\"noreferrer noopener\">Projet d&rsquo;autoroute A69 : l&rsquo;appel des opposants \u00e0 cr\u00e9er une Zone \u00e0 d\u00e9fendre<\/a>&nbsp;(Basta!)<\/p>\n\n\n\n<p><a href=\"https:\/\/lundi.am\/Guerre-generalisee-au-vivant-et-biotechnologies-4-4\" target=\"_blank\" rel=\"noreferrer noopener\">Guerre g\u00e9n\u00e9ralis\u00e9e au vivant et biotechnologies [4\/4]<\/a> (Lundi matin)<\/p>\n\n\n\n<p><strong><mark style=\"background-color:rgba(0, 0, 0, 0);color:#c31414\" class=\"has-inline-color\">10 janvier<\/mark><\/strong><\/p>\n\n\n\n<p><a href=\"https:\/\/www.futura-sciences.com\/planete\/breves\/meteorologie-temperatures-envolent-australie-atteignent-50-c-9030\/\">Les temp\u00e9ratures s\u2019envolent en Australie et atteignent 50 \u00b0C<\/a>&nbsp;(futura-sciences.com)<\/p>\n\n\n\n<figure class=\"wp-block-image size-full is-resized\"><img data-recalc-dims=\"1\" loading=\"lazy\" decoding=\"async\" width=\"420\" height=\"412\" src=\"https:\/\/i0.wp.com\/www.rdpemancipation.org\/wp-content\/uploads\/2024\/01\/image-14.png?resize=420%2C412&#038;ssl=1\" alt=\"\" class=\"wp-image-124307\" style=\"width:271px;height:auto\" srcset=\"https:\/\/i0.wp.com\/www.rdpemancipation.org\/wp-content\/uploads\/2024\/01\/image-14.png?w=420&amp;ssl=1 420w, https:\/\/i0.wp.com\/www.rdpemancipation.org\/wp-content\/uploads\/2024\/01\/image-14.png?resize=300%2C294&amp;ssl=1 300w\" sizes=\"auto, (max-width: 420px) 100vw, 420px\" \/><\/figure>\n\n\n\n<p><a href=\"https:\/\/www.france24.com\/fr\/plan%C3%A8te\/20240105-le-pr%C3%A9sident-de-la-cop29-en-azerba%C3%AFdjan-sera-un-ancien-de-la-compagnie-p%C3%A9troli%C3%A8re-nationale\">Le pr\u00e9sident de la COP29 en Azerba\u00efdjan sera un ancien de la compagnie p\u00e9troli\u00e8re nationale<\/a>&nbsp;(france24.com)<\/p>\n\n\n\n<p><a href=\"https:\/\/reporterre.net\/Loi-souverainete-energetique-Macron-a-fond-l-atome?utm_source=newsletter&amp;utm_medium=email&amp;utm_campaign=nl_quotidienne\">Souverainet\u00e9 \u00e9nerg\u00e9tique : les renouvelables sacrifi\u00e9es sur l\u2019autel du nucl\u00e9aire<\/a> (Reporterre)<\/p>\n\n\n\n<p><strong><mark style=\"background-color:rgba(0, 0, 0, 0);color:#c31414\" class=\"has-inline-color\">9 janvier<\/mark><\/strong><\/p>\n\n\n\n<p><a href=\"https:\/\/lenumerozero.info\/Pourquoi-et-comment-lutter-contre-l-A69-6629\" target=\"_blank\" rel=\"noreferrer noopener\">Pourquoi et comment lutter contre l&rsquo;A69 ?<\/a>&nbsp;(Num\u00e9ro Z\u00e9ro)<\/p>\n\n\n\n<p><a href=\"https:\/\/lenumerozero.info\/ZAD-CONTRE-L-A69-ET-POUR-LA-DEFENSE-DU-VIVANT-6646\" target=\"_blank\" rel=\"noreferrer noopener\">ZAD contre l&rsquo;A69 et pour la d\u00e9fense du vivant<\/a>&nbsp;(Num\u00e9ro Z\u00e9ro)<\/p>\n\n\n\n<p><a href=\"https:\/\/www.terrestres.org\/2023\/11\/24\/sante-planetaire-sante-extra-terrestre\/\">Sant\u00e9 Plan\u00e9taire, sant\u00e9 extra-terrestre&nbsp;?<\/a> (Terrestres)<\/p>\n\n\n\n<p><a href=\"https:\/\/theconversation.com\/dans-les-mers-des-tonnes-de-dechets-radioactifs-laisses-a-labandon-219125?utm_medium=email&amp;utm_campaign=La%20lettre%20de%20The%20Conversation%20France%20du%203%20janvier%202024%20-%202840028787&amp;utm_content=La%20lettre%20de%20The%20Conversation%20France%20du%203%20janvier%202024%20-%202840028787+CID_6d77fe7f8e2ce4cd2d5bee97ad3ea3a3&amp;utm_source=campaign_monitor_fr&amp;utm_term=Dans%20les%20mers%20des%20tonnes%20de%20dchets%20radioactifs%20laisss%20%20labandon\">Dans les mers, des tonnes de d\u00e9chets radioactifs laiss\u00e9s \u00e0&nbsp;l\u2019abandon<\/a> (The Conversatio<strong>n<\/strong>)<\/p>\n\n\n\n<p><a href=\"https:\/\/www.novethic.fr\/actualite\/environnement\/climat\/isr-rse\/l-intelligence-artificielle-une-bombe-climatique-invisible-151897.html?utm_source=Abonn%C3%A9s+Novethic&amp;utm_campaign=6862706761-EMAIL_CAMPAIGN_2024_01_04_03_03&amp;utm_medium=email&amp;utm_term=0_-6862706761-%5BLIST_EMAIL_ID%5D\">L&rsquo;intelligence artificielle, une \u00ab\u00a0bombe climatique\u00a0\u00bb invisible<\/a> (novethic)<\/p>\n\n\n\n<p><a href=\"https:\/\/www.francetvinfo.fr\/replay-radio\/le-billet-vert\/climat-la-couche-d-ozone-continue-d-inquieter_6253902.html#xtor=RSS-3-%5Bmonde%5D\">Climat : la couche d\u2019ozone continue d&rsquo;inqui\u00e9ter<\/a> (francetvinfo)<\/p>\n\n\n\n<p><a href=\"https:\/\/reporterre.net\/Bruler-du-plastique-pour-le-climat-le-futur-poison-de-Taiwan?utm_source=newsletter&amp;utm_medium=email&amp;utm_campaign=nl_quotidienne\">Br\u00fbler du plastique pour le climat, le futur \u00ab&nbsp;poison&nbsp;\u00bb de Ta\u00efwan&nbsp;?<\/a> (Reporterre)<\/p>\n\n\n\n<p><a href=\"https:\/\/lareleveetlapeste.fr\/leffroyable-emprise-de-coca-cola-au-mexique-et-le-pillage-de-leau\/\">L\u2019effroyable emprise de Coca-Cola au Mexique et le pillage de l\u2019eau<\/a> (La rel\u00e8ve et la peste)<\/p>\n\n\n\n<p><a href=\"https:\/\/reporterre.net\/Le-gouvernement-fragilise-le-regime-des-forets-protegees\">France. L\u2019\u00c9tat affaiblit la protection des for\u00eats prot\u00e9g\u00e9es<\/a> (Reporterre)<\/p>\n\n\n\n<p><strong><mark style=\"background-color:rgba(0, 0, 0, 0);color:#c31414\" class=\"has-inline-color\">8 janvier<\/mark><\/strong><\/p>\n\n\n\n<p><a href=\"https:\/\/inkyfada.com\/fr\/2024\/01\/05\/site-petro-gaziers-aires-protegees-systeme-dabus-global-de-perenco\/\" target=\"_blank\" rel=\"noreferrer noopener\"><strong>Sites p\u00e9tro-gaziers et aires prot\u00e9g\u00e9es : le syst\u00e8me d\u2019abus global du g\u00e9ant Perenco<\/strong><\/a> (Inkyfada)<\/p>\n\n\n\n<p><strong><a href=\"https:\/\/alencontre.org\/ecologie\/forcer-la-nature-a-produire-ce-quelle-ne-produit-pas-spontanement-ii.html\">Forcer la nature \u00e0 produire ce qu\u2019elle ne produit pas spontan\u00e9ment (II)<\/a> <\/strong>(A l\u2019encontre)<\/p>\n\n\n\n<p><a href=\"https:\/\/rebellyon.info\/ZAD-CONTRE-L-A69-ET-POUR-LA-DEFENSE-DU-25546\">ZAD&nbsp;contre l\u2019A69 et pour la d\u00e9fense du vivant<\/a> (Rebellyon)<\/p>\n\n\n\n<p><strong><a href=\"https:\/\/lvsl.fr\/disgrace-de-la-theorie-du-nudge\/\">Disgr\u00e2ce de la \u201cth\u00e9orie du nudge\u201d<\/a> <\/strong>(LVSL)<\/p>\n\n\n\n<p><a href=\"%C3%80%20Dar%20es-Salaam,%20cartographier%20les%20arbres%20pour%20renforcer%20la%20r%C3%A9silience%20urbaine%20et%20lutter%20contre%20les%20inondations\">\u00c0 Dar es-Salaam, cartographier les arbres pour renforcer la r\u00e9silience urbaine et lutter contre les inondations<\/a> (Equaltimes)<\/p>\n\n\n\n<p><a href=\"https:\/\/www.liberation.fr\/environnement\/biodiversite\/les-trois-quarts-des-bateaux-de-peche-du-monde-echappent-a-toute-surveillance-20240103_C2OLEKZDGRCEBJRCF4675AZRMU\/\">Les trois quarts des bateaux de p\u00eache du monde \u00e9chappent \u00e0 toute surveillance<\/a>&nbsp;(Lib\u00e9ration)<\/p>\n\n\n\n<p><a href=\"https:\/\/www.numerama.com\/sciences\/1600286-des-tonnes-de-dechets-radioactifs-laisses-a-labandon-dans-les-oceans.html\">Des tonnes de d\u00e9chets radioactifs laiss\u00e9s \u00e0 l\u2019abandon dans les oc\u00e9ans<\/a>&nbsp;(Numerama)<\/p>\n\n\n\n<p><strong><mark style=\"background-color:rgba(0, 0, 0, 0);color:#c31414\" class=\"has-inline-color\">5 janvier<\/mark><\/strong><\/p>\n\n\n\n<p><a href=\"https:\/\/link.newsletter.franceculture.fr\/m\/ml\/7429\/846146\/SecZRfZ0N_UinVLpAe-AOm9C5lXTLJmivm821gAfcU8=\/Qz2qI9lgu7-bPITwajVXsH2FVvSeLlMThTJMjAm4gig=\/\" target=\"_blank\" rel=\"noreferrer noopener\">Transition \u00e9nerg\u00e9tique&nbsp;: aux sources d\u2019une fausse promesse<\/a> (France Culture)<\/p>\n\n\n\n<p><a href=\"https:\/\/www.alternatives-economiques.fr\/faut-preserver-davantage-exploiter-foret-francaise\/00108965\" target=\"_blank\" rel=\"noreferrer noopener\">Faut-il pr\u00e9server ou davantage exploiter la for\u00eat fran\u00e7aise ?<\/a>&nbsp; (Alter \u00e9co)<\/p>\n\n\n\n<p><a href=\"https:\/\/reporterre.net\/Le-gouvernement-fragilise-le-regime-des-forets-protegees\" target=\"_blank\" rel=\"noreferrer noopener\">L&rsquo;\u00c9tat affaiblit la protection des for\u00eats prot\u00e9g\u00e9es<\/a>&nbsp;(Reporterre)<\/p>\n\n\n\n<p><a href=\"https:\/\/www.mediapart.fr\/journal\/ecologie\/050124\/inondations-les-habitants-du-pas-de-calais-plongent-en-insecurite-climatique\" target=\"_blank\" rel=\"noreferrer noopener\">Inondations : les habitants du Pas-de-Calais plongent en ins\u00e9curit\u00e9 climatique<\/a> (M\u00e9diapart)<\/p>\n\n\n\n<p><a href=\"https:\/\/www.lemonde.fr\/planete\/article\/2024\/01\/05\/en-allemagne-les-emissions-de-gaz-a-effet-de-serre-tombent-a-leur-plus-bas-niveau-depuis-soixante-dix-ans_6209167_3244.html\">En Allemagne, les \u00e9missions de gaz \u00e0 effet de serre tombent \u00e0 leur plus bas niveau depuis 70&nbsp;ans<\/a> (Le Monde)<\/p>\n\n\n\n<p><a href=\"https:\/\/www.lemonde.fr\/planete\/article\/2024\/01\/04\/au-canada-la-taxe-sur-le-carbone-menacee-de-toutes-parts_6209064_3244.html\">Au Canada, la taxe sur le carbone menac\u00e9e de toutes parts<\/a> (Le Monde)<\/p>\n\n\n\n<p><a href=\"https:\/\/www.lemonde.fr\/international\/article\/2023\/12\/15\/l-etat-canadien-vise-par-un-proces-pour-inaction-climatique_6205886_3210.html\">L\u2019Etat canadien vis\u00e9 par un proc\u00e8s pour inaction climatique<\/a> (Le Monde)<\/p>\n\n\n\n<p><a href=\"https:\/\/www.novethic.fr\/actualite\/economie\/isr-rse\/rechauffement-climatique-la-station-de-ski-de-la-plagne-ferme-definitivement-les-pistes-sur-son-glacier-historique-151995.html?utm_source=Abonn%C3%A9s+Novethic&amp;utm_campaign=c8d4c12d72-EMAIL_CAMPAIGN_2024_01_01_04_46&amp;utm_medium=email&amp;utm_term=0_-c8d4c12d72-%5BLIST_EMAIL_ID%5D\">La Plagne : la station de ski la plus fr\u00e9quent\u00e9e au monde ferme plusieurs pistes \u00e0 cause de la crise climatique<\/a> (novethic)<\/p>\n\n\n\n<p><a href=\"https:\/\/reporterre.net\/Avec-le-changement-climatique-le-Pas-de-Calais-condamne-a-des-inondations-repetees?utm_source=newsletter&amp;utm_medium=email&amp;utm_campaign=nl_quotidienne\">Avec le changement climatique, le Pas-de-Calais condamn\u00e9 \u00e0 des inondations r\u00e9p\u00e9t\u00e9es<\/a> (Reporterre)<\/p>\n\n\n\n<p><a href=\"https:\/\/www.europe1.fr\/societe\/inondations-10000-foyers-prives-delectricite-dans-le-nord-et-le-pas-de-calais-4223152\">Inondations : 10.000 foyers priv\u00e9s d&rsquo;\u00e9lectricit\u00e9 dans le Nord et le Pas-de-Calais<\/a> (Europe1)<\/p>\n\n\n\n<p><a href=\"https:\/\/france3-regions.francetvinfo.fr\/occitanie\/pyrenees-orientales\/perpignan\/meteo-climat-secheresse-chaleur-et-canicule-un-desert-aride-est-en-formation-dans-le-sud-de-la-france-2899595.html\">S\u00e9cheresse, chaleur et canicule, un d\u00e9sert aride est en formation dans le sud de la France<\/a> (france3)<\/p>\n\n\n\n<p><a href=\"https:\/\/lareleveetlapeste.fr\/face-au-manque-de-pollinisateurs-les-fleurs-produisent-de-moins-en-moins-de-nectar\/\">Face au manque de pollinisateurs, les fleurs produisent de moins en moins de nectar<\/a> (La rel\u00e8ve et la peste)<\/p>\n\n\n\n<p><strong><mark style=\"background-color:rgba(0, 0, 0, 0);color:#c31414\" class=\"has-inline-color\">4 janvier<\/mark><\/strong><\/p>\n\n\n\n<p><a href=\"https:\/\/www.alternatives-economiques.fr\/fossiles-enfin-exclus-investissements-socialement-responsables\/00109102\" target=\"_blank\" rel=\"noreferrer noopener\">Les fossiles sont enfin exclus des investissements socialement responsables<\/a> (Alter \u00e9co)<\/p>\n\n\n\n<p><a href=\"https:\/\/link.newsletter.franceculture.fr\/m\/ml\/7429\/845757\/Rdb1e5lOBoBjlPSPGgBUGW9C5lXTLJmivm821gAfcU8=\/CjXZNagFvRfoa5l7YiII5g2RkYJ3gcNGiRUugbSXZdU=\/\" target=\"_blank\" rel=\"noreferrer noopener\">Ventes records de voitures \u00e9lectriques&nbsp;: le march\u00e9 en voie de d\u00e9mocratisation&nbsp;?<\/a> (France Culture)<\/p>\n\n\n\n<p><a href=\"https:\/\/reporterre.net\/Trop-de-catastrophes-climatiques-les-assurances-lachent-les-communes\" target=\"_blank\" rel=\"noreferrer noopener\">Trop de catastrophes climatiques, les assurances l\u00e2chent les communes<\/a> (Reporterre)<\/p>\n\n\n\n<p><a href=\"https:\/\/api.indigo-net.com\/email\/RedirectionEmailing?mail=n.chevillard@noos.fr&amp;ID=578264&amp;DOCIID=109703480&amp;ENAIID=852231&amp;RETOUR=SIMPLE&amp;link=https:\/\/www.africaintelligence.fr\/afrique-australe-et-iles\/2023\/11\/13\/mozambique-lng--le-timing-de-la-levee-de-la-force-majeure-se-precise,110086170-bre?cxt=PUB&amp;utm_source=AIF&amp;utm_medium=email&amp;utm_campaign=AUTO_EDIT_SOM_PROS\" target=\"_blank\" rel=\"noreferrer noopener\">Mozambique LNG : le timing de la lev\u00e9e de la force majeure se pr\u00e9cise<\/a>&nbsp;(Africa Intelligence)<\/p>\n\n\n\n<p><a href=\"https:\/\/reporterre.net\/Au-Portugal-61-de-l-electricite-vient-des-renouvelables\" target=\"_blank\" rel=\"noreferrer noopener\">Au Portugal, 61&nbsp;% de l&rsquo;\u00e9lectricit\u00e9 vient des renouvelables<\/a>&nbsp;(Reporterre)<\/p>\n\n\n\n<p><a href=\"https:\/\/reporterre.net\/Avec-le-changement-climatique-le-Pas-de-Calais-condamne-a-des-inondations-repetees\" target=\"_blank\" rel=\"noreferrer noopener\">Avec le changement climatique, le Pas-de-Calais condamn\u00e9 \u00e0 des inondations r\u00e9p\u00e9t\u00e9es<\/a>&nbsp;(Reporterre)<\/p>\n\n\n\n<p><a href=\"https:\/\/www.alternatives-economiques.fr\/eloi-laurent\/populisme-anti-ecologique-sortir\/00109241\" target=\"_blank\" rel=\"noreferrer noopener\">Le populisme anti-\u00e9cologique : comment en sortir<\/a> (Alter \u00e9co)<\/p>\n\n\n\n<p><a href=\"https:\/\/www.alternatives-economiques.fr\/planification-ecologique-lheure-de-verite-gouvernement\/00108963\" target=\"_blank\" rel=\"noreferrer noopener\">Planification \u00e9cologique : l\u2019heure de v\u00e9rit\u00e9 pour le gouvernement<\/a>&nbsp;(Alter \u00e9co)<\/p>\n\n\n\n<figure class=\"wp-block-image size-full is-resized\"><img data-recalc-dims=\"1\" loading=\"lazy\" decoding=\"async\" width=\"306\" height=\"344\" src=\"https:\/\/i0.wp.com\/www.rdpemancipation.org\/wp-content\/uploads\/2024\/01\/image-9.png?resize=306%2C344&#038;ssl=1\" alt=\"\" class=\"wp-image-124178\" style=\"width:314px;height:auto\" srcset=\"https:\/\/i0.wp.com\/www.rdpemancipation.org\/wp-content\/uploads\/2024\/01\/image-9.png?w=306&amp;ssl=1 306w, https:\/\/i0.wp.com\/www.rdpemancipation.org\/wp-content\/uploads\/2024\/01\/image-9.png?resize=267%2C300&amp;ssl=1 267w\" sizes=\"auto, (max-width: 306px) 100vw, 306px\" \/><\/figure>\n\n\n\n<p class=\"has-text-color has-link-color wp-elements-5c1b71c9dff160dc0249cdae2572cbeb\" style=\"color:#e70d0d\"><strong>3 janvier<\/strong><\/p>\n\n\n\n<p><a href=\"https:\/\/confpeps.org\/comprendre-deconstruire-lutter-contre-lecofascisme-les-cahiers-de-formation-de-peps-n1\/\">Comprendre, d\u00e9construire et lutter contre l&rsquo;\u00e9cofascisme<\/a> (PEPS)<\/p>\n\n\n\n<p><a href=\"https:\/\/reporterre.net\/100-milliards-de-dollars-verses-aux-actionnaires-du-petrole\">100 milliards de dollars vers\u00e9s aux actionnaires du p\u00e9trole<\/a>&nbsp;(Reporterre)<\/p>\n\n\n\n<p class=\"has-text-color has-link-color wp-elements-e0a650ab00af0add9ad05e3ffeecf237\" style=\"color:#f30c0c\"><strong>1er janvier<\/strong><\/p>\n\n\n\n<p><a href=\"https:\/\/savoie-antinucleaire.fr\/2023\/12\/31\/pourquoi-2024-est-decisive-pour-la-relance-du-nucleaire-francais\/\">Pourquoi 2024 est d\u00e9cisive pour la relance du nucl\u00e9aire fran\u00e7ais<\/a>&nbsp;(Nucl\u00e9aire infos)<\/p>\n\n\n\n<p><a href=\"https:\/\/www.lespasseurslemag.com\/blogs\/news\/interview-mikael-chambru\">D\u00e9croissance et transition en montagne : Interview de Mika\u00ebl Chambru<\/a> (Les passeurs)<\/p>\n\n\n\n<p><a href=\"https:\/\/lejournal.cnrs.fr\/articles\/pandemies-leternel-retour\">Pand\u00e9mies, l\u2019\u00e9ternel retour<\/a>&nbsp;(JCNRS)<\/p>\n\n\n\n<p><strong><a href=\"https:\/\/reporterre.net\/Forets-si-2024-ressemble-a-2023-ce-sera-le-coup-de-grace\" target=\"_blank\" rel=\"noreferrer noopener\">2024 pourrait \u00eatre \u00ab&nbsp;le coup de gr\u00e2ce&nbsp;\u00bb pour nos for\u00eats<\/a><\/strong> &nbsp;(Reporterre)<\/p>\n\n\n\n<p><a href=\"https:\/\/www.terrestres.org\/2023\/12\/30\/resister-au-bresil-pas-dagroecologie-sans-feminisme\/?utm_source=rss&amp;utm_medium=rss&amp;utm_campaign=resister-au-bresil-pas-dagroecologie-sans-feminisme\" target=\"_blank\" rel=\"noreferrer noopener\">R\u00e9sister au Br\u00e9sil : pas d\u2019agro\u00e9cologie sans f\u00e9minisme<\/a> &nbsp;(Terrestres)<\/p>\n\n\n\n<p><a href=\"https:\/\/link.newsletter.franceculture.fr\/m\/ml\/7429\/844424\/2Zv9sXXMm_nKVSqEhwRze29C5lXTLJmivm821gAfcU8=\/W+ZNgWnMdr48lil+Z5PhEAaz0e85EXW69eFoxnGkT9k=\/\" target=\"_blank\" rel=\"noreferrer noopener\">Vandana Shiva, les souvenirs d&rsquo;une femme de combat<\/a> (France Culture)<\/p>\n\n\n\n<p><a href=\"https:\/\/link.newsletter.franceculture.fr\/m\/ml\/7429\/844424\/2Zv9sXXMm_nKVSqEhwRze29C5lXTLJmivm821gAfcU8=\/W+ZNgWnMdr48lil+Z5PhEAaz0e85EXW6ZWNCMnEMHbs=\/\" target=\"_blank\" rel=\"noreferrer noopener\">Affaire du si\u00e8cle&nbsp;: pourquoi l\u2019\u00c9tat \u00e9chappe-t-il \u00e0 une nouvelle condamnation&nbsp;?<\/a>&nbsp;(France Culture)<\/p>\n\n\n\n<p><a href=\"https:\/\/lvsl.fr\/Face\">Face \u00e0 l\u2019\u00e9cologie anti-populaire : tout changer&nbsp;?<\/a> (LVSL)<\/p>\n\n\n\n<p><a href=\"https:\/\/basta.media\/ecologie-dominante-moralise-classes-populaires-invisibilise-debrouilles-rurales-campagne-bricoler-reparer-entraide\" target=\"_blank\" rel=\"noreferrer noopener\">\u00ab L&rsquo;\u00e9cologie dominante moralise les classes populaires et invisibilise les d\u00e9brouilles rurales \u00bb<\/a> &nbsp;(Basta!)<\/p>\n\n\n\n<p><a href=\"https:\/\/librairie.ademe.fr\/consommer-autrement\/4967-le-paradoxe-du-plastique-en-10-questions-9791029710377.html\">Le paradoxe du plastique en 10 questions<\/a> (Ademe)<\/p>\n\n\n\n<figure class=\"wp-block-image size-full is-resized\"><img data-recalc-dims=\"1\" loading=\"lazy\" decoding=\"async\" width=\"381\" height=\"509\" src=\"https:\/\/i0.wp.com\/www.rdpemancipation.org\/wp-content\/uploads\/2024\/01\/image-4.png?resize=381%2C509&#038;ssl=1\" alt=\"\" class=\"wp-image-124038\" style=\"width:270px;height:auto\" srcset=\"https:\/\/i0.wp.com\/www.rdpemancipation.org\/wp-content\/uploads\/2024\/01\/image-4.png?w=381&amp;ssl=1 381w, https:\/\/i0.wp.com\/www.rdpemancipation.org\/wp-content\/uploads\/2024\/01\/image-4.png?resize=225%2C300&amp;ssl=1 225w\" sizes=\"auto, (max-width: 381px) 100vw, 381px\" \/><\/figure>\n","protected":false},"excerpt":{"rendered":"<p>30 janvier Agriculteurs et \u00e9colos, nous refusons d\u2019\u00eatre catalogu\u00e9s comme ennemis de la mobilisation\u00a0(La Rel\u00e8ve et La Peste) Trait\u00e9 UE-Mercosur&nbsp;: la Commission contredit l&rsquo;\u00c9lys\u00e9e&nbsp;(Reporterre) Joe Biden stoppe les nouveaux projets d&rsquo;exportation de GNL&nbsp;(Reporterre) Europe: l&rsquo;ONU d\u00e9nonce la r\u00e9pression contre les militants du climat&nbsp;(RFI) Les \u00e9cologistes au d\u00e9fi de ne pas devenir les boucs \u00e9missaires de &#8230; <a title=\"Janvier &#8211; \u00c9cologie\" class=\"read-more\" href=\"https:\/\/www.rdpemancipation.org\/?p=123987\" aria-label=\"En savoir plus sur Janvier &#8211; \u00c9cologie\">Lire la suite<\/a><\/p>\n","protected":false},"author":1,"featured_media":0,"comment_status":"closed","ping_status":"closed","sticky":false,"template":"","format":"standard","meta":{"_lmt_disableupdate":"","_lmt_disable":"","_jetpack_memberships_contains_paid_content":false,"footnotes":""},"categories":[9],"tags":[],"class_list":["post-123987","post","type-post","status-publish","format-standard","hentry","category-ecologie"],"modified_by":"nch","jetpack_featured_media_url":"","jetpack_sharing_enabled":true,"_links":{"self":[{"href":"https:\/\/www.rdpemancipation.org\/index.php?rest_route=\/wp\/v2\/posts\/123987","targetHints":{"allow":["GET"]}}],"collection":[{"href":"https:\/\/www.rdpemancipation.org\/index.php?rest_route=\/wp\/v2\/posts"}],"about":[{"href":"https:\/\/www.rdpemancipation.org\/index.php?rest_route=\/wp\/v2\/types\/post"}],"author":[{"embeddable":true,"href":"https:\/\/www.rdpemancipation.org\/index.php?rest_route=\/wp\/v2\/users\/1"}],"replies":[{"embeddable":true,"href":"https:\/\/www.rdpemancipation.org\/index.php?rest_route=%2Fwp%2Fv2%2Fcomments&post=123987"}],"version-history":[{"count":53,"href":"https:\/\/www.rdpemancipation.org\/index.php?rest_route=\/wp\/v2\/posts\/123987\/revisions"}],"predecessor-version":[{"id":124945,"href":"https:\/\/www.rdpemancipation.org\/index.php?rest_route=\/wp\/v2\/posts\/123987\/revisions\/124945"}],"wp:attachment":[{"href":"https:\/\/www.rdpemancipation.org\/index.php?rest_route=%2Fwp%2Fv2%2Fmedia&parent=123987"}],"wp:term":[{"taxonomy":"category","embeddable":true,"href":"https:\/\/www.rdpemancipation.org\/index.php?rest_route=%2Fwp%2Fv2%2Fcategories&post=123987"},{"taxonomy":"post_tag","embeddable":true,"href":"https:\/\/www.rdpemancipation.org\/index.php?rest_route=%2Fwp%2Fv2%2Ftags&post=123987"}],"curies":[{"name":"wp","href":"https:\/\/api.w.org\/{rel}","templated":true}]}}