{"id":122851,"date":"2023-12-01T10:01:50","date_gmt":"2023-12-01T09:01:50","guid":{"rendered":"https:\/\/www.rdpemancipation.org\/?p=122851"},"modified":"2023-12-20T23:43:13","modified_gmt":"2023-12-20T22:43:13","slug":"decembre-leur-etat-4","status":"publish","type":"post","link":"https:\/\/www.rdpemancipation.org\/?p=122851","title":{"rendered":"D\u00e9cembre &#8211; Leur \u00c9tat"},"content":{"rendered":"\n<p><mark style=\"background-color:rgba(0, 0, 0, 0);color:#ee0505\" class=\"has-inline-color\"><strong>21 d\u00e9cembre<\/strong><\/mark><\/p>\n\n\n\n<p><a href=\"https:\/\/blogs.mediapart.fr\/la-quadrature-du-net\/blog\/191223\/l-activisme-ecologiste-nouveau-terrain-d-experimentation-de-la-technopolice\">Activisme \u00e9cologiste: nouveau terrain d&rsquo;exp\u00e9rimentation de la technopolice<\/a> (quadrature du net)<\/p>\n\n\n\n<p><mark style=\"background-color:rgba(0, 0, 0, 0);color:#ee0505\" class=\"has-inline-color\"><strong>19 d\u00e9cembre<\/strong><\/mark><\/p>\n\n\n\n<p><a href=\"https:\/\/www.blast-info.fr\/articles\/2023\/rapport-exclusif-a-bruxelles-comme-a-paris-la-police-tue-et-la-justice-enterre-ftU2pT4fQw2es4hwtqdTmw\" target=\"_blank\" rel=\"noreferrer noopener\"><strong>Rapport exclusif : \u00e0 Bruxelles comme \u00e0 Paris, la police tue et la justice enterre<\/strong><\/a> (Blast)<\/p>\n\n\n\n<p><a href=\"https:\/\/www.liberation.fr\/societe\/police-justice\/marseille-mort-dun-homme-de-22-ans-dans-un-accident-de-scooter-apres-un-refus-dobtemperer-20231216_CRWCWZAQ4RATXF5KYXGNHCFGTA\/\">Refus d\u2019obtemp\u00e9rer \u00e0 Marseille&nbsp;: enqu\u00eate ouverte apr\u00e8s la mort d\u2019un jeune en scooter<\/a> (Lib\u00e9ration)<\/p>\n\n\n\n<p><a href=\"https:\/\/www.mediapart.fr\/journal\/france\/121223\/affaire-hedi-le-passe-violent-et-impuni-de-deux-des-policiers-mis-en-cause\" target=\"_blank\" rel=\"noreferrer noopener\">Affaire Hedi: le pass\u00e9 violent et impuni de deux des policiers mis en cause<\/a> (M\u00e9diapart)<\/p>\n\n\n\n<p><mark style=\"background-color:rgba(0, 0, 0, 0);color:#ee0505\" class=\"has-inline-color\"><strong>11 d\u00e9cembre<\/strong><\/mark><\/p>\n\n\n\n<p><a href=\"https:\/\/www.linternaute.com\/actualite\/faits-divers\/4091691-refus-d-obtemperer-deux-adolescents-de-17-ans-decedes-en-seine-et-marne-ce-que-l-on-sait\/\">Refus d&rsquo;obtemp\u00e9rer&nbsp;: un deuxi\u00e8me adolescent de 17&nbsp;ans d\u00e9c\u00e9d\u00e9 en Seine-et-Marne<\/a> (Interroute)<\/p>\n\n\n\n<p><a href=\"https:\/\/www.msn.com\/fr-fr\/actualite\/france\/course-poursuite-%C3%A0-chelles-ce-que-lon-sait-de-la-mort-de-deux-adolescents-apr%C3%A8s-un-refus-dobtemp%C3%A9rer\/ar-AA1ljL66\" target=\"_blank\" rel=\"noreferrer noopener\">Chelles : ce que l&rsquo;on sait de la mort de deux adolescents apr\u00e8s un refus d&rsquo;obtemp\u00e9rer<\/a> (France Info)<\/p>\n\n\n\n<p><mark style=\"background-color:rgba(0, 0, 0, 0);color:#ee0505\" class=\"has-inline-color\"><strong>9 d\u00e9cembre<\/strong><\/mark><\/p>\n\n\n\n<p><a href=\"https:\/\/www.streetpress.com\/sujet\/1702029452-institution-judiciaire-raciste-sexiste-bourgeoise-dessins-ana-pich-audiences-penales\" target=\"_blank\" rel=\"noreferrer noopener\">Comment l\u2019institution judiciaire \u00ab prot\u00e8ge la classe bourgeoise \u00bb<\/a>&nbsp;(StreetPress)<\/p>\n\n\n\n<p><a href=\"https:\/\/www.lemediatv.fr\/emissions\/2023\/7-amendes-pour-une-manif-quand-la-police-sacharne-sur-un-militant-insoumis-de-rennes-S6KfVSh7Scqjyak5FOG8aA\" target=\"_blank\" rel=\"noreferrer noopener\">\u00ab\u00a07 amendes pour une manif'\u00a0\u00bb : quand la police s&rsquo;acharne sur un militant insoumis de Rennes<\/a> (Le M\u00e9dia)<\/p>\n\n\n\n<p><mark style=\"background-color:rgba(0, 0, 0, 0);color:#ee0505\" class=\"has-inline-color\"><strong>7 d\u00e9cembre<\/strong><\/mark><\/p>\n\n\n\n<p><strong><a href=\"https:\/\/www.frustrationmagazine.fr\/jo-2024-le-cauchemar-continue\/\" target=\"_blank\" rel=\"noreferrer noopener\">JO 2024 : le cauchemar continue<\/a><\/strong> (Frustration)<\/p>\n\n\n\n<p><a href=\"https:\/\/www.politis.fr\/articles\/2023\/12\/47-millions-de-controle-didentite-par-an-pas-evalues-et-peu-encadres\/\" target=\"_blank\" rel=\"noreferrer noopener\">47 millions de contr\u00f4les d\u2019identit\u00e9 par an, pas \u00e9valu\u00e9s et peu encadr\u00e9s<\/a>&nbsp;(Politis)<\/p>\n\n\n\n<p><a href=\"https:\/\/www.alternatives-economiques.fr\/christian-chavagneux\/dangers-liberalisme-autoritaire-macronien\/00108907\" target=\"_blank\" rel=\"noreferrer noopener\">Les dangers du lib\u00e9ralisme autoritaire macronien<\/a>&nbsp;(Alter \u00e9co)<\/p>\n\n\n\n<p><mark style=\"background-color:rgba(0, 0, 0, 0);color:#ee0505\" class=\"has-inline-color\"><strong>5 d\u00e9cembre<\/strong><\/mark><\/p>\n\n\n\n<p><a href=\"https:\/\/www.politis.fr\/articles\/2023\/12\/poitiers-le-prefet-desavoue-sur-la-desobeissance-civile-dalternatiba\/\" target=\"_blank\" rel=\"noreferrer noopener\">Poitiers : le pr\u00e9fet d\u00e9savou\u00e9 sur la \u00abd\u00e9sob\u00e9issance civile\u00bb d\u2019Alternatiba<\/a>&nbsp;(Politis)<\/p>\n\n\n\n<p><a href=\"https:\/\/www.francetvinfo.fr\/politique\/eric-dupond-moretti\/relaxe-d-eric-dupond-moretti-la-decision-du-parquet-general-de-ne-pas-se-pourvoir-en-cassation-est-incomprehensible-estime-l-avocat-d-anticor_6222651.html\">Relaxe d&rsquo;Eric Dupond-Moretti : il est \u00ab\u00a0incompr\u00e9hensible\u00a0\u00bb que le parquet ne se pourvoie pas en cassation, estime Anticor<\/a> (France Info)<\/p>\n\n\n\n<p><a href=\"https:\/\/blogs.mediapart.fr\/publius\/blog\/041223\/le-pourvoi-n-aura-pas-lieu\"><strong>Le pourvoi n\u2019aura pas lieu<\/strong><\/a>&nbsp;(Tribune Publius d\u2019un collectif de magistrats)<\/p>\n\n\n\n<p><a href=\"https:\/\/www.mediapart.fr\/journal\/france\/301123\/mort-de-mohamed-bendriss-marseille-la-version-du-raid-contredite-par-l-image\">Mort de Mohamed Bendriss \u00e0 Marseille&nbsp;:&nbsp;la version du Raid contredite par l\u2019image<\/a> (M\u00e9diapart)<\/p>\n\n\n\n<p><a href=\"https:\/\/www.youtube.com\/watch?v=fJyZe3Lbosg\">Violences&nbsp;: les pompiers pyromanes du pouvoir<\/a>&nbsp;(Blast)<\/p>\n\n\n\n<p><mark style=\"background-color:rgba(0, 0, 0, 0);color:#ee0505\" class=\"has-inline-color\"><strong>3 d\u00e9cembre<\/strong><\/mark><\/p>\n\n\n\n<p><strong><a href=\"https:\/\/www.blast-info.fr\/emissions\/2023\/nous-ne-vivons-pas-dans-des-democraties-mais-dans-des-etats-autoritaires-LsY2OaM3RLKPwSucFGXeSw\" target=\"_blank\" rel=\"noreferrer noopener\">\u00ab Nous ne vivons pas dans des d\u00e9mocraties mais dans des Etats autoritaires \u00bb<\/a>&nbsp;<\/strong>(Blast)<\/p>\n\n\n\n<p><mark style=\"background-color:rgba(0, 0, 0, 0);color:#ee0505\" class=\"has-inline-color\"><strong>1er d\u00e9cembre<\/strong><\/mark><\/p>\n\n\n\n<p><a href=\"https:\/\/regards.fr\/six-ans-en-macronie\/\">Six ans et demi en Macronie : 18 condamnations, 7 mises en examen et 13 enqu\u00eates en cours<\/a>&nbsp;(Regards)<\/p>\n\n\n\n<p><a href=\"https:\/\/lvsl.fr\/R\u00e9forme%20des%20grands%20corps&nbsp;:%20le%20grand%20enfumage%20de%20Macron&nbsp;?\">R\u00e9forme des grands corps&nbsp;: le grand enfumage de Macron&nbsp;?<\/a> (LVSL)<\/p>\n\n\n\n<p><a href=\"https:\/\/basta.media\/Violences-policieres-des-versions-officielles-trop-souvent-dementies-par-les-faits\" target=\"_blank\" rel=\"noreferrer noopener\"><strong>Violences polici\u00e8res : des versions officielles trop souvent d\u00e9menties par les fa<\/strong>its<\/a> (Basta!)<\/p>\n\n\n\n<p><a href=\"https:\/\/www.mediapart.fr\/journal\/france\/291123\/eric-dupond-moretti-faute-mais-il-doit-etre-relaxe-dit-la-cjr\" target=\"_blank\" rel=\"noreferrer noopener\"><strong>\u00c9ric Dupond-Moretti a faut\u00e9&#8230; mais il doit \u00eatre relax\u00e9, dit la CJR<\/strong><\/a> (M\u00e9diapart)<\/p>\n\n\n\n<p><\/p>\n","protected":false},"excerpt":{"rendered":"<p>21 d\u00e9cembre Activisme \u00e9cologiste: nouveau terrain d&rsquo;exp\u00e9rimentation de la technopolice (quadrature du net) 19 d\u00e9cembre Rapport exclusif : \u00e0 Bruxelles comme \u00e0 Paris, la police tue et la justice enterre (Blast) Refus d\u2019obtemp\u00e9rer \u00e0 Marseille&nbsp;: enqu\u00eate ouverte apr\u00e8s la mort d\u2019un jeune en scooter (Lib\u00e9ration) Affaire Hedi: le pass\u00e9 violent et impuni de deux des &#8230; <a title=\"D\u00e9cembre &#8211; Leur \u00c9tat\" class=\"read-more\" href=\"https:\/\/www.rdpemancipation.org\/?p=122851\" aria-label=\"En savoir plus sur D\u00e9cembre &#8211; Leur \u00c9tat\">Lire la suite<\/a><\/p>\n","protected":false},"author":1,"featured_media":0,"comment_status":"closed","ping_status":"closed","sticky":false,"template":"","format":"standard","meta":{"_lmt_disableupdate":"","_lmt_disable":"","_jetpack_memberships_contains_paid_content":false,"footnotes":""},"categories":[5],"tags":[],"class_list":["post-122851","post","type-post","status-publish","format-standard","hentry","category-leur-etat"],"modified_by":"jls","jetpack_featured_media_url":"","jetpack_sharing_enabled":true,"_links":{"self":[{"href":"https:\/\/www.rdpemancipation.org\/index.php?rest_route=\/wp\/v2\/posts\/122851","targetHints":{"allow":["GET"]}}],"collection":[{"href":"https:\/\/www.rdpemancipation.org\/index.php?rest_route=\/wp\/v2\/posts"}],"about":[{"href":"https:\/\/www.rdpemancipation.org\/index.php?rest_route=\/wp\/v2\/types\/post"}],"author":[{"embeddable":true,"href":"https:\/\/www.rdpemancipation.org\/index.php?rest_route=\/wp\/v2\/users\/1"}],"replies":[{"embeddable":true,"href":"https:\/\/www.rdpemancipation.org\/index.php?rest_route=%2Fwp%2Fv2%2Fcomments&post=122851"}],"version-history":[{"count":11,"href":"https:\/\/www.rdpemancipation.org\/index.php?rest_route=\/wp\/v2\/posts\/122851\/revisions"}],"predecessor-version":[{"id":123627,"href":"https:\/\/www.rdpemancipation.org\/index.php?rest_route=\/wp\/v2\/posts\/122851\/revisions\/123627"}],"wp:attachment":[{"href":"https:\/\/www.rdpemancipation.org\/index.php?rest_route=%2Fwp%2Fv2%2Fmedia&parent=122851"}],"wp:term":[{"taxonomy":"category","embeddable":true,"href":"https:\/\/www.rdpemancipation.org\/index.php?rest_route=%2Fwp%2Fv2%2Fcategories&post=122851"},{"taxonomy":"post_tag","embeddable":true,"href":"https:\/\/www.rdpemancipation.org\/index.php?rest_route=%2Fwp%2Fv2%2Ftags&post=122851"}],"curies":[{"name":"wp","href":"https:\/\/api.w.org\/{rel}","templated":true}]}}