{"id":122827,"date":"2023-12-01T09:56:33","date_gmt":"2023-12-01T08:56:33","guid":{"rendered":"https:\/\/www.rdpemancipation.org\/?p=122827"},"modified":"2023-12-20T12:10:08","modified_gmt":"2023-12-20T11:10:08","slug":"decembre-afrique-subsaharienne-4","status":"publish","type":"post","link":"https:\/\/www.rdpemancipation.org\/?p=122827","title":{"rendered":"D\u00e9cembre &#8211; Afrique subsaharienne"},"content":{"rendered":"\n<p><mark style=\"background-color:rgba(0, 0, 0, 0);color:#ee0505\" class=\"has-inline-color\"><strong>20 d\u00e9cembre<\/strong><\/mark><\/p>\n\n\n\n<p><a href=\"https:\/\/afriquexxi.info\/Changement-climatique-Le-role-ignore-des-ex-empires-coloniaux\" target=\"_blank\" rel=\"noreferrer noopener\">Changement climatique. Le r\u00f4le ignor\u00e9 des ex-empires coloniaux<\/a> (Afrique XXI)<\/p>\n\n\n\n<p><a href=\"https:\/\/afriquexxi.info\/La-grande-illusion-des-retours-volontaires\" target=\"_blank\" rel=\"noreferrer noopener\">La grande illusion des \u00ab retours volontaires \u00bb<\/a> (Afrique XXI<\/p>\n\n\n\n<p><a href=\"https:\/\/www.afriquesenlutte.org\/afrique-de-l-ouest\/burkina-faso\/article\/affaire-sankara-sur-la-livraison-des-archives-le-gouvernement-choisit-le\">Affaire Sankara, sur la livraison des archives, le gouvernement choisit le mensonge<\/a> (Afriques en lutte)<\/p>\n\n\n\n<p><a href=\"https:\/\/www.cadtm.org\/Critique-de-la-strategie-globale-des-echanges-dette-nature-en-Afrique-22119\" target=\"_blank\" rel=\"noreferrer noopener\">Critique de la strat\u00e9gie globale des \u00e9changes dette-nature en Afrique<\/a> (CADTM)<\/p>\n\n\n\n<p><a href=\"https:\/\/www.equaltimes.org\/comment-les-coupures-d-internet\">Comment les coupures d\u2019internet menacent la d\u00e9mocratie et affectent le monde du travail en Afrique francophone<\/a> (Equal Times)<\/p>\n\n\n\n<p><strong>Pays<\/strong><\/p>\n\n\n\n<p><a href=\"https:\/\/www.afriquesenlutte.org\/afrique-de-l-ouest\/cote-d-ivoire\/article\/cote-d-ivoire-le-bilan-social-desastreux-du-president-ouattara\"><strong>C\u00f4te d\u2019Ivoire<\/strong>, le bilan social d\u00e9sastreux du Pr\u00e9sident Ouattara<\/a> (Afriques en lutte)<\/p>\n\n\n\n<p><a href=\"https:\/\/www.boursorama.com\/actualite-economique\/actualites\/la-justice-ivoirienne-suspend-le-congres-du-principal-parti-d-opposition-262a94f687df64372255fa1df042da31\">La justice ivoirienne suspend le congr\u00e8s du principal parti d&rsquo;opposition<\/a> (Reuters)<\/p>\n\n\n\n<p><a href=\"https:\/\/www.connaissancedesenergies.org\/afp\/le-mozambique-approuve-la-creation-dun-fonds-souverain-finance-par-les-revenus-lies-au-gaz-naturel-231215\"><strong>Le Mozambique<\/strong> approuve la cr\u00e9ation d&rsquo;un fonds souverain financ\u00e9 par les revenus li\u00e9s au gaz naturel<\/a> (AFP)<\/p>\n\n\n\n<p><a href=\"https:\/\/www.afriquesenlutte.org\/afrique-australe\/mozambique\/article\/lettre-ouverte-de-124-ong-dont-la-ldh-aux-28-institutions-financieres-qui\">Lettre ouverte de 124 ONG aux 28 institutions financi\u00e8res qui soutiennent le projet de TotalEnergies Mozambique LNG<\/a> (Afriques en lutte)<\/p>\n\n\n\n<p><a href=\"https:\/\/www.boursorama.com\/actualite-economique\/actualites\/rdc-apres-un-mois-de-meetings-et-de-promesses-fin-de-campagne-electorale-00f3143c1f10d264b18c313875c83658\"><strong>RDC<\/strong> : apr\u00e8s un mois de meetings et de promesses, fin de campagne \u00e9lectorale<\/a> (AFP)<\/p>\n\n\n\n<p><a href=\"https:\/\/www.boursorama.com\/videos\/actualites\/en-rdc-de-fortes-attentes-avant-la-presidentielle-ff3561cbb2808a8c5b8aaef9289cb316\">RDC, de fortes attentes avant la pr\u00e9sidentielle<\/a> (AFP vid\u00e9o)<\/p>\n\n\n\n<p><a href=\"https:\/\/basta.media\/soudan-la-guerre-dont-on-ne-parle-pas\" target=\"_blank\" rel=\"noreferrer noopener\"><strong>Soudan : la guerre dont on ne parle pas<\/strong><\/a> (Basta!)<\/p>\n\n\n\n<p><a href=\"https:\/\/www.afriquesenlutte.org\/afrique-centrale\/tchad\/article\/tchad-une-loi-d-amnistie-au-detriment-de-la-justice\"><strong>Tchad&nbsp;<\/strong>: une loi d\u2019amnistie au d\u00e9triment de la justice<\/a> (Afriques en lutte)<\/p>\n\n\n\n<p><a href=\"https:\/\/www.hrw.org\/fr\/news\/2023\/12\/14\/tchad-la-loi-damnistie-trahit-les-victimes-dabus\" target=\"_blank\" rel=\"noreferrer noopener\">Tchad : La loi d\u2019amnistie trahit les victimes d\u2019abus<\/a>&nbsp;(Human Rights Watch)<\/p>\n\n\n\n<p><a href=\"https:\/\/www.boursorama.com\/actualite-economique\/actualites\/referendum-constitutionnel-au-tchad-apres-deux-ans-et-demi-de-regime-militaire-7d416d6cd30b49159205d4e588af15b2\">R\u00e9f\u00e9rendum constitutionnel au Tchad apr\u00e8s deux ans et demi de r\u00e9gime militaire<\/a> (AFP)<\/p>\n\n\n\n<p><a href=\"https:\/\/www.mediapart.fr\/journal\/france\/151223\/un-million-d-euros-de-costumes-les-folles-emplettes-du-president-du-tchad-paris\" target=\"_blank\" rel=\"noreferrer noopener\">Un million d\u2019euros de costumes: les folles emplettes du pr\u00e9sident du Tchad \u00e0 Paris<\/a> (M\u00e9diapart)<\/p>\n\n\n\n<p><mark style=\"background-color:rgba(0, 0, 0, 0);color:#ee0505\" class=\"has-inline-color\"><strong>13 d\u00e9cembre<\/strong><\/mark><\/p>\n\n\n\n<p><a href=\"https:\/\/afriquexxi.us20.list-manage.com\/track\/click?u=f9f8627cbcbbdcb07c28f3cdf&amp;id=1fbe73d970&amp;e=58ff83d693\" target=\"_blank\" rel=\"noreferrer noopener\">La \u00ab&nbsp;vie ch\u00e8re&nbsp;\u00bb en Afrique de l\u2019Ouest, une affaire politique<\/a> (Afrique XXI)<\/p>\n\n\n\n<p><a href=\"https:\/\/lundi.am\/L-Afrique-intellectuelle-francophone-est-mal-partie-5849\" target=\"_blank\" rel=\"noreferrer noopener\">L\u2019Afrique intellectuelle francophone est mal partie<\/a> (Lundimatin)<\/p>\n\n\n\n<p><a href=\"https:\/\/www.wakatsera.com\/sahel-le-g5-passe-au-g2-en-attendant\/\">Afrique. Sahel: le G5 passe au G2, en attendant\u2026!<\/a>&nbsp;(Wakat S\u00e9ra)<\/p>\n\n\n\n<p><a href=\"https:\/\/www.youtube.com\/watch?v=nOCUeKw4IG4\">Afrique.&nbsp;<\/a><a href=\"https:\/\/www.youtube.com\/watch?v=nOCUeKw4IG4\">R<\/a><a href=\"https:\/\/www.youtube.com\/watch?v=nOCUeKw4IG4\">\u00e9union des ministres des affaires \u00e9trang\u00e8res de l\u2019AES<\/a>&nbsp;(Mali Online)<\/p>\n\n\n\n<p><a href=\"https:\/\/www.cadtm.org\/Libre-echange-et-dette-les-deux-faces-du-neocolonialisme\" target=\"_blank\" rel=\"noreferrer noopener\">Libre-\u00e9change et dette : les deux faces du n\u00e9ocolonialisme<\/a> (CADTM)<\/p>\n\n\n\n<p><a href=\"https:\/\/www.youtube.com\/watch?v=8PKAMd1obro\">Mali, Burkina Faso et Niger vers la cr\u00e9ation d&rsquo;une banque d&rsquo;investissement commun<\/a>&nbsp;(CGTN)<\/p>\n\n\n\n<p><strong>Pays<\/strong><\/p>\n\n\n\n<p><a href=\"https:\/\/afriquexxi.info\/En-Afrique-du-Sud-les-tiraillements-de-la-communaute-juive\" target=\"_blank\" rel=\"noreferrer noopener\">En <strong>Afrique du Sud<\/strong>, les tiraillements de la communaut\u00e9 juive<\/a> <a>(Afrique XXI)<\/a><\/p>\n\n\n\n<p><a href=\"https:\/\/www.rfi.fr\/fr\/afrique\/20231206-burkina-faso-le-tribunal-juge-ill%C3%A9gales-les-r%C3%A9quisitions-de-certaines-personnalit%C3%A9s-dans-les-vdp\"><strong>Burkina Faso<\/strong> : le tribunal juge ill\u00e9gales les r\u00e9quisitions de certaines personnalit\u00e9s dans les VDP<\/a> (RFI)<\/p>\n\n\n\n<p><a href=\"https:\/\/www.youtube.com\/watch?v=HINrLrEcpUQ\" target=\"_blank\" rel=\"noreferrer noopener\">Burkina Faso &#8211; Traore Le retour du nationalisme africain<\/a>&nbsp;(Canard R\u00e9fractaire)<\/p>\n\n\n\n<p><a href=\"https:\/\/blogs.mediapart.fr\/coalition-citoyenne-pour-le-sahel\/blog\/041223\/burkina-faso-nous-exigeons-la-liberation-immediate-de-notre-collegue-le-dr-da\">Burkina&nbsp;:&nbsp;Nous exigeons la lib\u00e9ration imm\u00e9diate de notre coll\u00e8gue le Dr Daouda Diallo<\/a>&nbsp;(Coalition citoyenne pour le Sahel)<\/p>\n\n\n\n<p><a href=\"https:\/\/afriquexxi.info\/Au-Cameroun-la-difficile-mobilisation-des-electeurs\" target=\"_blank\" rel=\"noreferrer noopener\">Au <strong>Cameroun<\/strong>, la difficile mobilisation des \u00e9lecteurs<\/a> (Afrique XXI)<\/p>\n\n\n\n<p><a href=\"https:\/\/www.boursorama.com\/videos\/actualites\/penurie-de-carburant-au-cameroun-c10dbe756286b30dff06613209c96873\">P\u00e9nurie de carburant au Cameroun<\/a> (France 24)<\/p>\n\n\n\n<p><a href=\"https:\/\/api.indigo-net.com\/email\/RedirectionEmailing?mail=n.chevillard@noos.fr&amp;ID=571422&amp;DOCIID=109703480&amp;ENAIID=845403&amp;RETOUR=SIMPLE&amp;link=https:\/\/www.africaintelligence.fr\/afrique-ouest\/2023\/12\/04\/apres-patrick-achi-et-abdourahmane-cisse-alassane-ouattara-continue-son-grand-menage,110114628-art?cxt=PUB&amp;utm_source=AIF&amp;utm_medium=email&amp;utm_campaign=AUTO_EDIT_SOM_PROS\" target=\"_blank\" rel=\"noreferrer noopener\">C\u00f4te&nbsp;d&rsquo;Ivoire&nbsp;: apr\u00e8s Patrick Achi et Abdourahmane Ciss\u00e9, Ouattara continue son grand m\u00e9nage<\/a> (Africa Intelligence)<\/p>\n\n\n\n<p><a href=\"https:\/\/www.rfi.fr\/fr\/afrique\/20231130-trois-mois-apr%C3%A8s-le-coup-d-%C3%A9tat-au-gabon-que-devient-ali-bongo\" target=\"_blank\" rel=\"noreferrer noopener\"><strong>Gabon<\/strong>&nbsp;: Trois mois apr\u00e8s le coup d&rsquo;\u00c9tat au Gabon, que devient le pr\u00e9sident d\u00e9chu Ali Bongo?<\/a>&nbsp;(RFI)<\/p>\n\n\n\n<p><a href=\"https:\/\/www.boursorama.com\/actualite-economique\/actualites\/au-kenya-l-inquietante-progression-des-mutilations-genitales-feminines-medicalisees-c33a8c74120751f2a4bbaec9d42bbeb0\">Au <strong>Kenya<\/strong>, l&rsquo;inqui\u00e9tante progression des mutilations g\u00e9nitales f\u00e9minines \u00ab\u00a0m\u00e9dicalis\u00e9es\u00a0\u00bb<\/a> (AFP)<\/p>\n\n\n\n<p><a href=\"https:\/\/www.liberation.fr\/international\/afrique\/a-kidal-la-junte-malienne-a-obtenu-ce-quelle-cherchait-une-reconquete-militaire-avec-un-fort-retentissement-politique-20231209_PLBHCZFFKBC4FKQBGLDF76FEUE\/\" target=\"_blank\" rel=\"noreferrer noopener\"><strong>Mali<\/strong>&nbsp;: A Kidal, la junte malienne a obtenu ce qu\u2019elle cherchait&nbsp;: une reconqu\u00eate militaire avec un fort retentissement politique<\/a> (Lib\u00e9ration)<\/p>\n\n\n\n<p><a href=\"https:\/\/www.rfi.fr\/fr\/en-bref\/20231204-le-niger-met-fin-%C3%A0-des-partenariats-de-s%C3%A9curit%C3%A9-et-de-d%C3%A9fense-avec-l-union-europ%C3%A9enne\" target=\"_blank\" rel=\"noreferrer noopener\">Le <strong>Niger<\/strong> met fin \u00e0 des partenariats de s\u00e9curit\u00e9 et de d\u00e9fense avec l\u2019Union europ\u00e9enne<\/a>&nbsp;(RFI)<\/p>\n\n\n\n<p><a href=\"https:\/\/afriquexxi.info\/Les-eleveurs-touaregs-au-Niger-en-quete-d-eau-et-de-securite\" target=\"_blank\" rel=\"noreferrer noopener\">Les \u00e9leveurs touaregs au Niger, en qu\u00eate d&rsquo;eau et de s\u00e9curit\u00e9<\/a> (Afrique XXI)<\/p>\n\n\n\n<p><a href=\"https:\/\/www.rfi.fr\/fr\/afrique\/20231206-nigeria-apr%C3%A8s-le-bombardement-par-erreur-d-un-village-les-autorit%C3%A9s-doivent-rendre-des-comptes\" target=\"_blank\" rel=\"noreferrer noopener\"><strong>Nigeria<\/strong> : apr\u00e8s le bombardement \u00abpar erreur\u00bb d&rsquo;un village, les autorit\u00e9s doivent rendre des comptes<\/a>&nbsp;(RFI)<\/p>\n\n\n\n<p><a href=\"https:\/\/www.mediapart.fr\/journal\/ecologie\/111223\/dans-le-bassin-du-congo-les-sites-de-perenco-polluent-gravement-l-air\" target=\"_blank\" rel=\"noreferrer noopener\"><strong>RDC&nbsp;<\/strong>: dans le bassin du Congo, les sites de Perenco polluent gravement l\u2019air<\/a> (M\u00e9diapart)<\/p>\n\n\n\n<p><a href=\"https:\/\/www.equaltimes.org\/soudan-une-guerre-a-laquelle-le\" target=\"_blank\" rel=\"noreferrer noopener\">Au <strong>Soudan<\/strong>, la guerre \u00e0 laquelle le monde a tourn\u00e9 le dos se poursuit<\/a> (Equal Times)<\/p>\n\n\n\n<p><a href=\"https:\/\/www.fidh.org\/fr\/regions\/afrique\/tchad\/tchad-une-loi-d-amnistie-au-detriment-de-la-justice\" target=\"_blank\" rel=\"noreferrer noopener\"><strong>Tchad <\/strong>: une loi d&rsquo;amnistie au d\u00e9triment de la justice<\/a> (FIDH)<\/p>\n\n\n\n<p><mark style=\"background-color:rgba(0, 0, 0, 0);color:#ee0505\" class=\"has-inline-color\"><strong>2 d\u00e9cembre<\/strong><\/mark><\/p>\n\n\n\n<p><a href=\"https:\/\/sahel-intelligence.com\/32624-sahel-vers-une-integration-economique-rapide-dans-laes.html\">Sahel : Vers une int\u00e9gration \u00e9conomique rapide dans l\u2019AES<\/a>&nbsp;(Sahel Intelligence)<\/p>\n\n\n\n<p><strong>Pays<\/strong><\/p>\n\n\n\n<p><a href=\"https:\/\/www.lemonde.fr\/afrique\/article\/2023\/11\/29\/au-burkina-mariam-ouedraogo-une-journaliste-hantee-par-les-viols-des-djihadistes_6202947_3212.html\">Au <strong>Burkina<\/strong>, Mariam Ouedraogo, une journaliste hant\u00e9e par les viols commis par les djihadistes<\/a> (Le Monde)<\/p>\n\n\n\n<p><a href=\"https:\/\/api.indigo-net.com\/email\/RedirectionEmailing?mail=n.chevillard@noos.fr&amp;ID=570484&amp;DOCIID=109703480&amp;ENAIID=844465&amp;RETOUR=SIMPLE&amp;link=https:\/\/www.africaintelligence.fr\/le-continent\/2023\/11\/30\/amadou-ba-kais-saied-paul-biya,110113664-art?cxt=PUB&amp;utm_source=AIF&amp;utm_medium=email&amp;utm_campaign=AUTO_EDIT_SOM_PROS\" target=\"_blank\" rel=\"noreferrer noopener\"><strong>Cameroun<\/strong>&nbsp;: sans bon de sortie de Paul Biya, le ministre manque son rendez-vous au Medef<\/a> (Africa Intelligence)<\/p>\n\n\n\n<p><a href=\"https:\/\/www.lemonde.fr\/afrique\/article\/2023\/11\/28\/le-niger-defie-l-europe-sur-la-question-migratoire_6202814_3212.html\">Le <strong>Niger<\/strong> d\u00e9fie l\u2019Europe sur la question migratoire<\/a> (Le Monde)<a href=\"https:\/\/www.lemonde.fr\/afrique\/article\/2023\/11\/27\/le-niger-sous-sanctions-met-en-service-une-nouvelle-centrale-photovoltaique_6202579_3212.html\"><\/a><\/p>\n\n\n\n<p><a href=\"https:\/\/www.lemonde.fr\/afrique\/article\/2023\/11\/27\/le-niger-sous-sanctions-met-en-service-une-nouvelle-centrale-photovoltaique_6202579_3212.html\">Le Niger, sous sanctions, met en service une nouvelle centrale photovolta\u00efque<\/a> (Le Monde)<\/p>\n\n\n\n<p><a href=\"https:\/\/www.agenceecofin.com\/actualites\/2411-113999-le-nigeria-veut-rejoindre-le-bloc-des-brics-d-ici-deux-ans-ministre\">Le <strong>Nigeria<\/strong> veut rejoindre le bloc des BRICS d\u2019ici deux ans (ministre)<\/a>&nbsp;(Ecofin)<\/p>\n\n\n\n<p><a href=\"https:\/\/afriquexxi.us20.list-manage.com\/track\/click?u=f9f8627cbcbbdcb07c28f3cdf&amp;id=0b39d777f1&amp;e=58ff83d693\" target=\"_blank\" rel=\"noreferrer noopener\">Le <strong>Rwanda<\/strong>, un nouveau \u00ab gendarme\u00bb africain ?<\/a> ((Afrique XXI)<\/p>\n\n\n\n<p><\/p>\n","protected":false},"excerpt":{"rendered":"<p>20 d\u00e9cembre Changement climatique. Le r\u00f4le ignor\u00e9 des ex-empires coloniaux (Afrique XXI) La grande illusion des \u00ab retours volontaires \u00bb (Afrique XXI Affaire Sankara, sur la livraison des archives, le gouvernement choisit le mensonge (Afriques en lutte) Critique de la strat\u00e9gie globale des \u00e9changes dette-nature en Afrique (CADTM) Comment les coupures d\u2019internet menacent la d\u00e9mocratie &#8230; <a title=\"D\u00e9cembre &#8211; Afrique subsaharienne\" class=\"read-more\" href=\"https:\/\/www.rdpemancipation.org\/?p=122827\" aria-label=\"En savoir plus sur D\u00e9cembre &#8211; Afrique subsaharienne\">Lire la suite<\/a><\/p>\n","protected":false},"author":1,"featured_media":0,"comment_status":"closed","ping_status":"closed","sticky":false,"template":"","format":"standard","meta":{"_lmt_disableupdate":"","_lmt_disable":"","_jetpack_memberships_contains_paid_content":false,"footnotes":""},"categories":[19],"tags":[],"class_list":["post-122827","post","type-post","status-publish","format-standard","hentry","category-afrique-subsaharienne"],"modified_by":"nch","jetpack_featured_media_url":"","jetpack_sharing_enabled":true,"_links":{"self":[{"href":"https:\/\/www.rdpemancipation.org\/index.php?rest_route=\/wp\/v2\/posts\/122827","targetHints":{"allow":["GET"]}}],"collection":[{"href":"https:\/\/www.rdpemancipation.org\/index.php?rest_route=\/wp\/v2\/posts"}],"about":[{"href":"https:\/\/www.rdpemancipation.org\/index.php?rest_route=\/wp\/v2\/types\/post"}],"author":[{"embeddable":true,"href":"https:\/\/www.rdpemancipation.org\/index.php?rest_route=\/wp\/v2\/users\/1"}],"replies":[{"embeddable":true,"href":"https:\/\/www.rdpemancipation.org\/index.php?rest_route=%2Fwp%2Fv2%2Fcomments&post=122827"}],"version-history":[{"count":4,"href":"https:\/\/www.rdpemancipation.org\/index.php?rest_route=\/wp\/v2\/posts\/122827\/revisions"}],"predecessor-version":[{"id":123622,"href":"https:\/\/www.rdpemancipation.org\/index.php?rest_route=\/wp\/v2\/posts\/122827\/revisions\/123622"}],"wp:attachment":[{"href":"https:\/\/www.rdpemancipation.org\/index.php?rest_route=%2Fwp%2Fv2%2Fmedia&parent=122827"}],"wp:term":[{"taxonomy":"category","embeddable":true,"href":"https:\/\/www.rdpemancipation.org\/index.php?rest_route=%2Fwp%2Fv2%2Fcategories&post=122827"},{"taxonomy":"post_tag","embeddable":true,"href":"https:\/\/www.rdpemancipation.org\/index.php?rest_route=%2Fwp%2Fv2%2Ftags&post=122827"}],"curies":[{"name":"wp","href":"https:\/\/api.w.org\/{rel}","templated":true}]}}