{"id":122824,"date":"2023-12-01T09:55:55","date_gmt":"2023-12-01T08:55:55","guid":{"rendered":"https:\/\/www.rdpemancipation.org\/?p=122824"},"modified":"2024-01-01T20:08:46","modified_gmt":"2024-01-01T19:08:46","slug":"decembre-proche-moyen-orient-4","status":"publish","type":"post","link":"https:\/\/www.rdpemancipation.org\/?p=122824","title":{"rendered":"D\u00e9cembre &#8211; Proche &#038; Moyen-Orient"},"content":{"rendered":"\n<p><mark style=\"background-color:rgba(0, 0, 0, 0);color:#ee0505\" class=\"has-inline-color\"><strong>30 d\u00e9cembre<\/strong><\/mark><\/p>\n\n\n\n<p><strong><a href=\"https:\/\/www.lemonde.fr\/un-si-proche-orient\/article\/2023\/12\/31\/le-destin-de-l-europe-en-2024-se-jouera-a-gaza_6208510_6116995.html\">\u00ab&nbsp;Le destin de l\u2019Europe en&nbsp;2024&nbsp;se jouera \u00e0 Gaza&nbsp;\u00bb<\/a><\/strong> -Jean-Pierre Filiu (Le Monde)<\/p>\n\n\n\n<p><a href=\"https:\/\/www.humanite.fr\/monde\/armee-israelienne\/washington-approuve-une-nouvelle-vente-darmes-a-israel-sans-passer-par-le-congres\" target=\"_blank\" rel=\"noreferrer noopener\">Washington approuve une nouvelle vente d\u2019armes \u00e0 Isra\u00ebl sans passer par le Congr\u00e8s<\/a> (L\u2019Humanit\u00e9)<\/p>\n\n\n\n<p><strong><a href=\"https:\/\/www.humanite.fr\/monde\/armee-israelienne\/israel-officiellement-accusee-de-genocide\" target=\"_blank\" rel=\"noreferrer noopener\"><strong>Isra\u00ebl officiellement accus\u00e9e de g\u00e9nocide<\/strong><\/a><\/strong> (L\u2019Humanit\u00e9)<\/p>\n\n\n\n<p><a href=\"https:\/\/www.alternatives-economiques.fr\/on-retrouve-une-symetrie-de-discours-radicaux-chez-hamas-certains-ult\/00108966\" target=\"_blank\" rel=\"noreferrer noopener\">\u00ab On retrouve une sym\u00e9trie de discours radicaux chez le Hamas et certains ultranationalistes isra\u00e9liens \u00bb<\/a> (Alter \u00e9co)<\/p>\n\n\n\n<p><mark style=\"background-color:rgba(0, 0, 0, 0);color:#ee0505\" class=\"has-inline-color\"><strong>28 d\u00e9cembre<\/strong><\/mark><\/p>\n\n\n\n<div class=\"wp-block-columns is-layout-flex wp-container-core-columns-is-layout-9d6595d7 wp-block-columns-is-layout-flex\">\n<div class=\"wp-block-column is-layout-flow wp-block-column-is-layout-flow\" style=\"flex-basis:100%\">\n<div id=\"page\" class=\"site grid-container container hfeed grid-parent\">\n<div id=\"content\" class=\"site-content\">\n<div id=\"primary\" class=\"content-area grid-parent mobile-grid-100 grid-75 tablet-grid-75\"><main id=\"main\" class=\"site-main\">\n<article id=\"post-122855\" class=\"post-122855 post type-post status-publish format-standard hentry category-politique\">\n<div class=\"inside-article\">\n<div class=\"entry-content\">\n<p><a href=\"https:\/\/www.france-palestine.org\/Rassemblement-Halte-au-massacre-a-Gaza-La-France-doit-demander-un-cessez-le-feu-46941\" target=\"_blank\" rel=\"noreferrer noopener\">Halte au massacre \u00e0 Gaza ! La France doit demander un cessez-le-feu imm\u00e9diat<\/a> (CICP)<\/p>\n<p><strong><a href=\"https:\/\/www.youtube.com\/watch?v=9IODM4a91Ss&amp;ab_channel=BLAST%2CLesouffledel%27info\">Netanyahu : h\u00e9ritier du racisme, messie de l\u2019extr\u00eame droite en Isra\u00ebl (partie 1)<\/a> <\/strong>(Blast)<\/p>\n<p><a href=\"https:\/\/www.middleeasteye.net\/fr\/opinion-fr\/guerre-israel-palestine-gaza-hamas-biden-survie-politique-netanyahou\">Netanyahou voulait \u00abfaire tomber\u00bb le Hamas. Cette guerre pourrait faire tomber Isra\u00ebl<\/a> \u00a0-David Hearst (MEE)<\/p>\n<p><strong><a href=\"https:\/\/www.humanite.fr\/monde\/bande-de-gaza\/guerre-a-gaza-la-gauche-palestinienne-a-loffensive\" target=\"_blank\" rel=\"noreferrer noopener\">Guerre \u00e0 Gaza : La gauche palestinienne \u00e0 l\u2019offensive<\/a><\/strong> (L\u2019Humanit\u00e9)<\/p>\n<p><a href=\"https:\/\/www.middleeasteye.net\/fr\/actu-et-enquetes\/guerre-israel-palestine-gaza-prisonniers-humiliations-executions-arrestations-masse\">\u00a0Gaza\u00a0: des soldats isra\u00e9liens rassemblent des Palestiniens d\u00e9v\u00eatus dans un stade<\/a> (MEE)<\/p>\n<p><a href=\"https:\/\/www.middleeasteye.net\/fr\/actu-et-enquetes\/guerre-israel-palestine-gaza-couloir-securite-deplaces-enfants-interrogatoire\">\u00a0Gaza\u00a0: le calvaire de deux\u00a0enfants palestiniens d\u00e9tenus par les forces isra\u00e9liennes<\/a> (MEE)<\/p>\n<p><a>Un tournant dans la l\u00e9gitimit\u00e9 mondiale d\u2019Israel<\/a> (LVSL)<\/p>\n<p><a href=\"https:\/\/www.france-palestine.org\/Israel-arrete-Khalida-Jarrar-la-repression-contre-la-resistance-palestinienne-s\" target=\"_blank\" rel=\"noreferrer noopener\">Isra\u00ebl arr\u00eate Khalida Jarrar : la r\u00e9pression contre la r\u00e9sistance palestinienne s\u2019intensifie encore <\/a>\u00a0(CICP)<\/p>\n<\/div>\n<\/div>\n<\/article>\n<\/main><\/div>\n<\/div>\n<\/div>\n<\/div>\n<\/div>\n\n\n\n<p><a href=\"https:\/\/link.newsletter.franceculture.fr\/m\/ml\/7429\/844424\/2Zv9sXXMm_nKVSqEhwRze29C5lXTLJmivm821gAfcU8=\/W+ZNgWnMdr48lil+Z5PhEAaz0e85EXW6CE5Ls9cc+iQ=\/\"><strong>Les pressions internationales sur Isra\u00ebl peuvent-elles \u00eatre efficaces&nbsp;?<\/strong><\/a> (France Culture)<\/p>\n\n\n\n<p><a href=\"https:\/\/www.middleeasteye.net\/fr\/actu-et-enquetes\/guerre-israel-palestine-gaza-camps-refugies-nakba-intifada-histoire-occupation\">Guerre Isra\u00ebl-Palestine&nbsp;: une br\u00e8ve histoire des camps de r\u00e9fugi\u00e9s de Gaza<\/a> (MEE)<\/p>\n\n\n\n<p><\/p>\n\n\n\n<p><mark style=\"background-color:rgba(0, 0, 0, 0);color:#ee0505\" class=\"has-inline-color\"><strong>26 d\u00e9cembre<\/strong><\/mark><\/p>\n\n\n\n<p><strong><a href=\"https:\/\/www.francetvinfo.fr\/monde\/proche-orient\/israel-palestine\/conflit-israel-hamas-on-n-a-plus-de-mots-pour-decrire-l-horreur-de-ce-qui-se-passe-a-gaza-temoigne-msf_6266841.html\">\u00ab&nbsp;On n\u2019a plus de mots pour d\u00e9crire l\u2019horreur de ce qui se passe \u00e0 Gaza&nbsp;\u00bb, t\u00e9moigne MSF<\/a><\/strong> (France Info)<\/p>\n\n\n\n<p><a href=\"https:\/\/www.humanite.fr\/monde\/bande-de-gaza\/guerre-a-gaza-a-quoi-ressemble-le-plan-de-paix-propose-par-legypte\">Guerre \u00e0 Gaza : \u00e0 quoi ressemble le plan de paix propos\u00e9 par l\u2019\u00c9gypte ?<\/a> (L\u2019Humanit\u00e9)<\/p>\n\n\n\n<p><a href=\"https:\/\/www.hrw.org\/fr\/news\/2023\/12\/21\/meta-censure-systemique-de-contenus-pro-palestiniens\"><strong>Meta : Censure syst\u00e9mique de contenus pro-palestiniens<\/strong><\/a> (HRW)<\/p>\n\n\n\n<p><a href=\"https:\/\/www.boursorama.com\/videos\/actualites\/guerre-israel-hamas-vers-une-nouvelle-phase-militaire-a-gaza-1e3f0e076cd13e3298d0b403977281ed\">Guerre Isra\u00ebl-Hamas : Vers une nouvelle phase militaire \u00e0 Gaza ?<\/a> (France 24)<\/p>\n\n\n\n<p><a href=\"https:\/\/www.boursorama.com\/actualite-economique\/actualites\/israel-pilonne-gaza-au-lendemain-d-un-deplacement-de-netanyahu-1b394090fae0317e0acd7a2d02008495\">Isra\u00ebl pilonne Gaza au lendemain d\u2019un d\u00e9placement de Netanyahu<\/a> (Reuters)<\/p>\n\n\n\n<p><a href=\"https:\/\/www.boursorama.com\/videos\/actualites\/gaza-la-population-menacee-de-famine-40b2b4e162a94a890b481a1ac2d81320\">Gaza : la population menac\u00e9e de famine<\/a> (France 24)<\/p>\n\n\n\n<p><a href=\"https:\/\/www.boursorama.com\/videos\/actualites\/israel-netanyahu-chahute-par-des-familles-d-otages-lors-d-un-discours-au-parlement-b671bc9d5af57794b118603b6487aab7\">Isra\u00ebl : Netanyahu chahut\u00e9 par des familles d\u2019otages lors d\u2019un discours au Parlement<\/a> (AFP vid\u00e9o)<\/p>\n\n\n\n<p><a href=\"https:\/\/www.contretemps.eu\/judeite-sionisme-colonialisme-cecite\/\">Jud\u00e9it\u00e9, sionisme, colonialisme : sur une c\u00e9cit\u00e9<\/a> (Contretemps)<\/p>\n\n\n\n<p><a href=\"https:\/\/orientxxi.info\/lu-vu-entendu\/ces-juifs-partisans-d-une-vision-universaliste,6922\">Ces juifs partisans d\u2019une vision universaliste<\/a> (Orient XXI)<\/p>\n\n\n\n<p><mark style=\"background-color:rgba(0, 0, 0, 0);color:#ee0505\" class=\"has-inline-color\"><strong>25 d\u00e9cembre<\/strong><\/mark><\/p>\n\n\n\n<p><a href=\"https:\/\/www.tsa-algerie.com\/lenfer-de-gaza-les-incroyables-aveux-dun-soldat-israelien\/\">\u00ab L\u2019enfer de Gaza \u00bb : les incroyables aveux d\u2019un soldat isra\u00e9lien<\/a>&nbsp;(TSA)<\/p>\n\n\n\n<p><a href=\"https:\/\/www.tsa-algerie.com\/gaza-israel-est-en-train-de-perdre-la-guerre\/\">Gaza : Isra\u00ebl est en \u00ab train de perdre la guerre \u00bb<\/a>&nbsp;(TSA)<a href=\"https:\/\/www.francetvinfo.fr\/monde\/proche-orient\/israel-palestine\/guerre-israel-hamas-benjamin-netanyahu-dit-s-etre-rendu-a-gaza-et-annonce-une-intensification-des-combats_6265581.html\"><\/a><\/p>\n\n\n\n<p><a href=\"https:\/\/www.francetvinfo.fr\/monde\/proche-orient\/israel-palestine\/guerre-israel-hamas-benjamin-netanyahu-dit-s-etre-rendu-a-gaza-et-annonce-une-intensification-des-combats_6265581.html\">Benyamin N\u00e9tanyahou dit s\u2019\u00eatre rendu \u00e0 Gaza et annonce une \u00ab&nbsp;intensification&nbsp;\u00bb des combats<\/a>&nbsp;(France Inter)<a href=\"https:\/\/www.francetvinfo.fr\/monde\/proche-orient\/israel-palestine\/guerre-israel-hamas-des-frappes-ont-touche-la-bande-de-gaza-dans-la-nuit-et-la-matinee_6265197.html\"><\/a><\/p>\n\n\n\n<p><a href=\"https:\/\/www.francetvinfo.fr\/monde\/proche-orient\/israel-palestine\/guerre-israel-hamas-des-frappes-ont-touche-la-bande-de-gaza-dans-la-nuit-et-la-matinee_6265197.html\">Benyamin N\u00e9tanyahou chahut\u00e9 par des familles d\u2019otages lors d\u2019un discours au Parlement isra\u00e9lien<\/a>&nbsp;(France Inter)<\/p>\n\n\n\n<p><a href=\"https:\/\/www.rfi.fr\/fr\/moyen-orient\/20231225-gaza-les-chr%C3%A9tiens-enferm%C3%A9s-%C3%A0-l-%C3%A9glise-de-la-sainte-famille-perdent-espoir-en-l-humanit%C3%A9\">Gaza : les chr\u00e9tiens enferm\u00e9s \u00e0 l\u2019\u00e9glise de la Sainte-Famille \u00abperdent espoir en l\u2019humanit\u00e9\u00bb<\/a>&nbsp;(RFI)<\/p>\n\n\n\n<p><a href=\"https:\/\/www.liberation.fr\/international\/moyen-orient\/hala-abou-hassira-forte-voix-de-la-palestine-en-france-20231224_P4JYLONXHJGUPAPOR3I32A3ZUA\/\">Israel \u2013 Palestine \u2013 Hala Abou Hassira, forte voix de la Palestine en France<\/a>&nbsp;(Lib\u00e9ration)&nbsp;<\/p>\n\n\n\n<p><mark style=\"background-color:rgba(0, 0, 0, 0);color:#ee0505\" class=\"has-inline-color\"><strong>23 d\u00e9cembre<\/strong><\/mark><\/p>\n\n\n\n<p><a href=\"https:\/\/api.indigo-net.com\/email\/RedirectionEmailing?mail=n.chevillard@noos.fr&amp;ID=575514&amp;DOCIID=109703480&amp;ENAIID=849483&amp;RETOUR=SIMPLE&amp;link=https:\/\/www.lalettre.fr\/fr\/action-publique_parlement\/2023\/12\/21\/l-etonnante-agence-israelienne-derriere-la-campagne-de-meyer-habib,110131758-art?cxt=PUB&amp;utm_source=LLA&amp;utm_medium=email&amp;utm_campaign=AUTO_EDIT_SOM_PROS\">L\u2019\u00e9tonnante agence isra\u00e9lienne derri\u00e8re la campagne de Meyer Habib<\/a>&nbsp;(La Lettre)<\/p>\n\n\n\n<p><a href=\"https:\/\/www.tsa-algerie.com\/exfiltration-des-dirigeants-du-hamas-vers-lalgerie-ballon-sonde-ou-manoeuvre\/\"><strong>Exfiltration des dirigeants du Hamas vers l\u2019Alg\u00e9rie : ballon sonde ou man\u0153uvre ?<\/strong><\/a>&nbsp;(TSA)<\/p>\n\n\n\n<p><a href=\"https:\/\/www.rfi.fr\/fr\/moyen-orient\/20231223-en-direct-gaza-le-conseil-de-s%C3%A9curit%C3%A9-de-l-onu-exige-une-aide-%C3%A0-grande-%C3%A9chelle-les-combats-continuent\"><strong>Une frappe isra\u00e9lienne fait 76 morts d\u2019une m\u00eame famille \u00e0 Gaza-ville<\/strong><\/a>&nbsp;(Le direct de RFI)<\/p>\n\n\n\n<p><a href=\"https:\/\/www.middleeasteye.net\/fr\/opinion-fr\/guerre-israel-palestine-hamas-medias-ignorent-preuves-crimes-7-octobre\">&nbsp;Pourquoi les m\u00e9dias ignorent-ils les preuves des actes perp\u00e9tr\u00e9s par Isra\u00ebl le 7&nbsp;octobre&nbsp;?<\/a>&nbsp;(MEE)<\/p>\n\n\n\n<p><a href=\"http:\/\/alencontre.org\/video\/a-gaza-20-000-personnes-ont-ete-tuees-voici-quelques-unes-de-leurs-histoires.html\">\u00abA Gaza, 20&nbsp;000 personnes ont \u00e9t\u00e9 tu\u00e9es. Voici quelques-unes de leurs histoires\u00bb<\/a>&nbsp;(A l\u2019Encontre)<\/p>\n\n\n\n<p><a href=\"https:\/\/www.tsa-algerie.com\/plus-de-4-000-francais-se-battent-avec-israel-vive-polemique-en-france\/\">Plus de 4.000 fran\u00e7ais se battent avec Isra\u00ebl : vive pol\u00e9mique en France<\/a>&nbsp;(TSA)<\/p>\n\n\n\n<p><mark style=\"background-color:rgba(0, 0, 0, 0);color:#ee0505\" class=\"has-inline-color\"><strong>22 d\u00e9cembre<\/strong><\/mark><\/p>\n\n\n\n<p><a href=\"https:\/\/www.humanite.fr\/monde\/assemblee-nationale\/guerre-a-gaza-les-deputes-de-gauche-demandent-la-levee-de-limmunite-parlementaire-de-meyer-habib\">Gaza : les d\u00e9put\u00e9s de gauche demandent la lev\u00e9e de l\u2019immunit\u00e9 parlementaire de Meyer Habib<\/a>&nbsp;(L\u2019Humanit\u00e9)<\/p>\n\n\n\n<p><strong><a href=\"https:\/\/www.rfi.fr\/fr\/moyen-orient\/20231222-en-direct-gaza-un-texte-remani%C3%A9-finalement-vot%C3%A9-par-l-onu-avec-la-b%C3%A9n%C3%A9diction-des-%C3%A9tats-unis\">L\u2019arm\u00e9e isra\u00e9lienne appelle \u00e0 l\u2019\u00e9vacuation du centre de Gaza<\/a><\/strong>&nbsp;(Le direct de RFI)<\/p>\n\n\n\n<p><a href=\"https:\/\/orientxxi.info\/magazine\/en-jordanie-les-refugies-palestiniens-des-camps-renouent-avec-leur-cause,6963\">En Jordanie, les r\u00e9fugi\u00e9s palestiniens des camps renouent avec leur cause<\/a>&nbsp;(Orient XXI)<\/p>\n\n\n\n<p><a href=\"https:\/\/www.auposte.fr\/rony-brauman-israel-le-hamas-lhumanitaire-et-nous\/\">Rony Brauman, Isra\u00ebl, le Hamas, l\u2019humanitaire et nous<\/a>&nbsp;(Au Poste)<\/p>\n\n\n\n<p><a href=\"https:\/\/orientxxi.info\/magazine\/palestiniens-en-israel-une-minorite-sous-pression,6943\">Palestiniens en Isra\u00ebl, une minorit\u00e9 sous pression<\/a>&nbsp;(Orient XXI)<\/p>\n\n\n\n<p><a href=\"https:\/\/www.mediapart.fr\/journal\/international\/211223\/sur-le-conflit-israelo-palestinien-la-cour-penale-internationale-joue-son-avenir\">Sur le conflit isra\u00e9lo-palestinien, la Cour p\u00e9nale internationale joue son avenir<\/a>&nbsp;(M\u00e9diapart)<\/p>\n\n\n\n<p><mark style=\"background-color:rgba(0, 0, 0, 0);color:#ee0505\" class=\"has-inline-color\"><strong>21 d\u00e9cembre<\/strong><\/mark><\/p>\n\n\n\n<p><strong><a href=\"https:\/\/www.middleeasteye.net\/fr\/actu-et-enquetes\/guerre-israel-palestine-france-soignants-solidarite-secteur-medical-gaza\">Guerre Isra\u00ebl-Palestine&nbsp;: les soignants de France se mobilisent pour Gaza<\/a>&nbsp;<\/strong>(MEE)<\/p>\n\n\n\n<p><a href=\"https:\/\/www.boursorama.com\/actualite-economique\/actualites\/pilonnage-intensif-israelien-du-sud-de-gaza-salves-de-roquettes-sur-israel-7cc7a13b92d403c0896c3075cdfbb19e\">Pilonnage intensif isra\u00e9lien du sud de Gaza, salves de roquettes sur Isra\u00ebl<\/a>&nbsp;(AFP) &nbsp;&nbsp;<\/p>\n\n\n\n<p><a href=\"https:\/\/www.middleeasteye.net\/fr\/actu-et-enquetes\/gaza-onu-reclame-enquete-israel-crime-guerre-execution-palestiniens\">L\u2019ONU r\u00e9clame une enqu\u00eate \u00e0 Isra\u00ebl sur un \u00ab&nbsp;possible crime de guerre&nbsp;\u00bb \u00e0 Gaza<\/a>&nbsp;(MEE)<\/p>\n\n\n\n<p><a href=\"http:\/\/alencontre.org\/moyenorient\/palestine\/la-crise-sanitaire-de-gaza-est-catastrophique-selon-des-medecins-palestiniens.html\">La crise sanitaire de Gaza est \u00abcatastrophique\u00bb, selon des m\u00e9decins palestiniens<\/a>&nbsp;(A l\u2019Encontre)<\/p>\n\n\n\n<p><a href=\"http:\/\/alencontre.org\/moyenorient\/palestine\/les-secouristes-de-gaza-sont-hantes-par-ceux-quils-nont-pas-pu-sauver.html\">\u00abLes secouristes de Gaza sont hant\u00e9s par ceux qu\u2019ils n\u2019ont pas pu sauver\u00bb<\/a>&nbsp;(A l\u2019Encontre)<\/p>\n\n\n\n<p><strong>Analyse<\/strong><\/p>\n\n\n\n<p><a href=\"https:\/\/www.boursorama.com\/videos\/actualites\/guerre-israel-hamas-il-y-aura-une-treve-5d3bb8c3a37de3f0dd5278f75f5a0643\">Guerre Isra\u00ebl-Hamas : \u00ab&nbsp;il y aura une tr\u00eave&nbsp;\u00bb<\/a>&nbsp;(France 24)<\/p>\n\n\n\n<p><mark style=\"background-color:rgba(0, 0, 0, 0);color:#ee0505\" class=\"has-inline-color\"><strong>20 d\u00e9cembre<\/strong><\/mark><\/p>\n\n\n\n<p><a href=\"https:\/\/www.boursorama.com\/actualite-economique\/actualites\/les-tractations-se-multiplient-pour-une-treve-entre-le-hamas-et-israel-e179a3d1a3b6e1580c44b960d4ce865c\">Les tractations se multiplient pour une tr\u00eave entre le Hamas et Isra\u00ebl<\/a>&nbsp;(AFP) &nbsp;&nbsp;<\/p>\n\n\n\n<p><a href=\"https:\/\/www.mediapart.fr\/journal\/france\/191223\/deces-d-ahmed-s-gaza-le-quai-d-orsay-est-reste-sourd-aux-appels-l-aide-de-son-agent\">D\u00e9c\u00e8s d\u2019Ahmed S. \u00e0 Gaza: le Quai d\u2019Orsay est rest\u00e9 sourd aux appels \u00e0 l\u2019aide de son agent<\/a>&nbsp;(M\u00e9diapart)<\/p>\n\n\n\n<p><a href=\"https:\/\/www.boursorama.com\/actualite-economique\/actualites\/dans-l-attente-d-un-vote-a-l-onu-israel-poursuit-ses-frappes-et-ses-operations-a-gaza-fafa8795cc64977cd22fa524a6aed71e\">Dans l\u2019attente d\u2019un vote \u00e0 l\u2019ONU, Isra\u00ebl poursuit ses frappes et ses op\u00e9rations \u00e0 Gaza<\/a>&nbsp;(AFP)&nbsp;&nbsp;<\/p>\n\n\n\n<p><mark style=\"background-color:rgba(0, 0, 0, 0);color:#ee0505\" class=\"has-inline-color\"><strong>18 d\u00e9cembre<\/strong><\/mark><\/p>\n\n\n\n<p><strong><a href=\"https:\/\/www.hrw.org\/fr\/news\/2023\/12\/18\/israel-la-famine-utilisee-comme-arme-de-guerre-gaza\">Isra\u00ebl : La famine utilis\u00e9e comme arme de guerre \u00e0 Gaza<\/a><\/strong> (HRW)<\/p>\n\n\n\n<p><a href=\"https:\/\/www.boursorama.com\/actualite-economique\/actualites\/israel-confronte-a-l-indignation-internationale-dans-sa-guerre-a-gaza-57f7ccabee05a589f6465d906f2a8b4e\">Isra\u00ebl confront\u00e9 \u00e0 l\u2019indignation internationale dans sa guerre \u00e0 Gaza<\/a> (AFP) &nbsp;&nbsp;<\/p>\n\n\n\n<p><a href=\"https:\/\/orientxxi.info\/magazine\/nakba-le-mot-de-l-annee-2023,6950\">\u00ab&nbsp;Nakba&nbsp;\u00bb, le mot de l\u2019ann\u00e9e 2023<\/a> (Orient XXI)<\/p>\n\n\n\n<p><strong><a href=\"https:\/\/orientxxi.info\/magazine\/s-il-est-ecrit-que-je-dois-mourir,6951\">\u00ab&nbsp;S\u2019il est \u00e9crit que je dois mourir\u2026&nbsp;\u00bb<\/a> <\/strong>(Orient XXI)<\/p>\n\n\n\n<p><a href=\"https:\/\/www.contretemps.eu\/israel-perd-cette-guerre\/\">Isra\u00ebl perd cette guerre<\/a> (Contretemps)<\/p>\n\n\n\n<p><a href=\"https:\/\/lanticapitaliste.org\/actualite\/antiracisme\/confondre-antisionisme-et-antisemitisme-cest-trahir-ce-qui-etait-la-majorite\">Confondre antisionisme et antis\u00e9mitisme, c\u2019est trahir ce qui \u00e9tait la majorit\u00e9 des juifs d\u2019avant la deuxi\u00e8me guerre mondiale<\/a> -Mich\u00e8le Sibony (L\u2019Anticapitaliste)<\/p>\n\n\n\n<p><a href=\"https:\/\/www.boursorama.com\/actualite-economique\/actualites\/gaza-nouvelle-manifestation-pro-palestinienne-a-paris-73a95d0753df6d19f620abc181fcfdc6\">Nouvelle manifestation pro-palestinienne \u00e0 Paris<\/a> (AFP) &nbsp;&nbsp;<\/p>\n\n\n\n<p><mark style=\"background-color:rgba(0, 0, 0, 0);color:#ee0505\" class=\"has-inline-color\"><strong>16 d\u00e9cembre<\/strong><\/mark><\/p>\n\n\n\n<p><a href=\"https:\/\/www.liberation.fr\/international\/moyen-orient\/israel-la-tension-monte-apres-la-tragedie-des-trois-otages-tues-par-erreur-par-tsahal-20231216_XCLZY6NRBRBELHPYS7FQPLMS3Y\/\">Isra\u00ebl : la tension monte apr\u00e8s la trag\u00e9die des trois otages tu\u00e9s par erreur par Tsahal<\/a>&nbsp;(Lib\u00e9ration)<\/p>\n\n\n\n<p><a href=\"https:\/\/www.rfi.fr\/fr\/moyen-orient\/20231216-des-familles-exigent-un-accord-isra%C3%ABl-hamas-imm%C3%A9diat-apr%C3%A8s-la-mort-d-otages-par-erreur-%C3%A0-gaza\">Les otages isra\u00e9liens tu\u00e9s \u00abpar erreur\u00bb \u00e0 Gaza brandissaient un drapeau blanc, selon l\u2019enqu\u00eate<\/a>&nbsp;(Le Live de RFI)<\/p>\n\n\n\n<p><a href=\"https:\/\/www.francetvinfo.fr\/monde\/proche-orient\/israel-palestine\/direct-guerre-en-israel-et-le-hamas-benyamin-netanyahou-regrette-une-insupportable-tragedie-apres-la-mort-de-trois-otages-tues-par-erreur-a-gaza_6248040.html\">Les familles d\u2019otages retenus \u00e0 Gaza demandent au gouvernement isra\u00e9lien de \u00abcesser les combats et n\u00e9gocier\u00bb<\/a>&nbsp;(France Info)<\/p>\n\n\n\n<figure class=\"wp-block-image size-full is-resized\"><img data-recalc-dims=\"1\" loading=\"lazy\" decoding=\"async\" width=\"708\" height=\"398\" src=\"https:\/\/i0.wp.com\/www.rdpemancipation.org\/wp-content\/uploads\/2023\/12\/image-8.png?resize=708%2C398&#038;ssl=1\" alt=\"\" class=\"wp-image-123468\" style=\"width:475px;height:auto\" srcset=\"https:\/\/i0.wp.com\/www.rdpemancipation.org\/wp-content\/uploads\/2023\/12\/image-8.png?w=708&amp;ssl=1 708w, https:\/\/i0.wp.com\/www.rdpemancipation.org\/wp-content\/uploads\/2023\/12\/image-8.png?resize=300%2C169&amp;ssl=1 300w\" sizes=\"auto, (max-width: 708px) 100vw, 708px\" \/><\/figure>\n\n\n\n<p><a href=\"https:\/\/reporterre.net\/Gaza-ou-la-fin-de-l-humanite\">Gaza ou la fin de l\u2019humanit\u00e9<\/a>&nbsp; -Herv\u00e9 Kempf (Reporterre)<\/p>\n\n\n\n<p><mark style=\"background-color:rgba(0, 0, 0, 0);color:#ee0505\" class=\"has-inline-color\"><strong>15 d\u00e9cembre<\/strong><\/mark><\/p>\n\n\n\n<p><strong><a href=\"https:\/\/www.blast-info.fr\/articles\/2023\/7-octobre-lecrasante-responsabilite-de-la-politique-de-netanyahou-atORGkRnSXy2iZ93D08QkQ\">7 octobre, l\u2019\u00e9crasante responsabilit\u00e9 de la politique de Netanyahou<\/a>&nbsp;<\/strong>(Blast)<\/p>\n\n\n\n<p><a href=\"https:\/\/www.ldh-france.org\/halte-aux-massacres-a-gaza-et-en-cisjordanie-cessez-le-feu-total-et-permanent-protection-du-peuple-palestinien\/\">Halte aux massacres \u00e0 Gaza et en Cisjordanie ! Cessez-le-feu total et permanent, protection du peuple palestinien !<\/a>&nbsp;(LDH)<\/p>\n\n\n\n<p><strong><a href=\"https:\/\/www.middleeasteye.net\/fr\/actu-et-enquetes\/guerre-israel-palestine-gaza-epidemie-maladies-mort-faim\">Gaza face \u00e0 une \u00ab\u00e9pid\u00e9mie in\u00e9vitable\u00bb tandis que les enfants meurent de faim<\/a><\/strong>&nbsp;(MEE)<a href=\"https:\/\/www.francetvinfo.fr\/monde\/proche-orient\/israel-palestine\/guerre-israel-hamas-a-gaza-il-y-a-une-hecatombe-de-la-population-civile-alerte-un-ancien-diplomate-palestinien_6245952.html\"><\/a><\/p>\n\n\n\n<p><a href=\"https:\/\/www.francetvinfo.fr\/monde\/proche-orient\/israel-palestine\/guerre-israel-hamas-a-gaza-il-y-a-une-hecatombe-de-la-population-civile-alerte-un-ancien-diplomate-palestinien_6245952.html\">Gaza, \u00ab&nbsp;il y a une h\u00e9catombe de la population civile&nbsp;\u00bb (ancien diplomate palestinien)<\/a>&nbsp;(France Info)<\/p>\n\n\n\n<p><a href=\"https:\/\/www.humanite.fr\/monde\/armee-israelienne\/israel-palestine-le-quartier-armenien-de-jerusalem-est-menace-par-les-colons\">Isra\u00ebl-Palestine : le quartier arm\u00e9nien de J\u00e9rusalem-Est menac\u00e9 par les colons<\/a>&nbsp;(L\u2019Humanit\u00e9)<\/p>\n\n\n\n<p><strong><a href=\"https:\/\/www.bfmtv.com\/international\/moyen-orient\/palestine\/des-journalistes-sans-escorte-au-coeur-de-gaza_VN-202312140905.html\">Des journalistes sans escorte au c\u0153ur de Gaza<\/a>&nbsp;<\/strong>(BFMTV)<\/p>\n\n\n\n<p><a href=\"https:\/\/www.monde-diplomatique.fr\/2023\/12\/ACHCAR\/66374\">Palestine, le spectre de l\u2019expulsion, par Gilbert Achcar<\/a>&nbsp;(Le Monde Diplomatique)<\/p>\n\n\n\n<p><a href=\"https:\/\/www.middleeasteye.net\/fr\/actu-et-enquetes\/guerre-israel-palestine-civil-bouclier-humain-explosifs-tunnel-hamas\">Gaza : un civil utilis\u00e9 comme bouclier humain dans un tunnel du Hamas<\/a>&nbsp;(MEE)<a href=\"https:\/\/www.unicef.fr\/article\/israel-palestine-les-enfants-paient-le-prix-de-la-guerre\/\"><\/a><\/p>\n\n\n\n<p><a href=\"https:\/\/www.unicef.fr\/article\/israel-palestine-les-enfants-paient-le-prix-de-la-guerre\/\">Isra\u00ebl-Palestine : les enfants, victimes de l\u2019horreur<\/a>&nbsp;(UNICEF)<\/p>\n\n\n\n<p><a href=\"https:\/\/orientxxi.info\/magazine\/a-oman-la-cause-palestinienne-relance-la-fievre-politique,6946\">\u00c0 Oman, la cause palestinienne relance la fi\u00e8vre politique<\/a>&nbsp;(Orient XXI)<\/p>\n\n\n\n<p><a href=\"https:\/\/www.off-investigation.fr\/israel-palestine-ces-teles-qui-ont-choisi-leur-camp\/\">Isra\u00ebl-Palestine : ces t\u00e9l\u00e9s qui ont choisi leur camp<\/a>&nbsp;(Off Investigation)<\/p>\n\n\n\n<p><a href=\"https:\/\/www.youtube.com\/watch?v=VWFm5JIP9yw\">\u00abIsra\u00ebl\/Palestine: sans justice, quelle paix?\u00bb avec S. Cypel, S. Rousseau, B. Nabli et B. Barthe<\/a>&nbsp;(QG TV)<\/p>\n\n\n\n<p><a href=\"https:\/\/www.nouvelobs.com\/monde\/20231213.OBS82066\/selon-elie-barnavi-pour-resoudre-le-conflit-israelo-palestinien-une-solution-sera-imposee-ou-ne-sera-pas.html\">Selon Elie Barnavi, pour r\u00e9soudre le conflit isra\u00e9lo-palestinien, \u00ab une solution sera impos\u00e9e ou ne sera pas \u00bb<\/a>&nbsp;(L\u2019Obs)<\/p>\n\n\n\n<p><a href=\"https:\/\/www.fidh.org\/fr\/themes\/justice-internationale\/cour-penale-internationale-cpi\/la-fidh-appelle-a-la-poursuite-des-efforts-pour-reduire-la-distance\">R\u00e9duire la distance entre la Cour p\u00e9nale internationale, les victimes et la soci\u00e9t\u00e9 civile<\/a>&nbsp;(FIDH)<\/p>\n\n\n\n<p><mark style=\"background-color:rgba(0, 0, 0, 0);color:#ee0505\" class=\"has-inline-color\"><strong>14 d\u00e9cembre<\/strong><\/mark><\/p>\n\n\n\n<p><a href=\"https:\/\/blogs.mediapart.fr\/fidh\/blog\/131223\/palestine-un-genocide-est-en-cours\"><strong>Palestine&nbsp;: un g\u00e9nocide est en cours<\/strong><\/a> (FIDH)<\/p>\n\n\n\n<p><a href=\"https:\/\/www.middleeasteye.net\/fr\/actu-et-enquetes\/guerre-palestine-biden-israel-bombarde-sans-discernement-gaza-etats-unis\">Palestine : Biden affirme qu\u2019Isra\u00ebl \u00ab bombarde sans discernement \u00bb Gaza<\/a>&nbsp;(MEE)<\/p>\n\n\n\n<p><a href=\"https:\/\/www.boursorama.com\/actualite-economique\/actualites\/gb-les-colons-israeliens-responsables-de-violences-en-cisjordanie-interdits-de-sejour-f6da14fd112fbd989a91b3c2f97734d0\">GB \u2013 Les colons isra\u00e9liens responsables de violences en Cisjordanie interdits de s\u00e9jour<\/a>&nbsp;(Reuters)<\/p>\n\n\n\n<p><a href=\"https:\/\/www.contretemps.eu\/antisemitisme-droite-extreme-le-pen-rn-darmanin\/\">L\u2019antis\u00e9mitisme tourne toujours \u00e0 droite<\/a>&nbsp;(Contretemps)<\/p>\n\n\n\n<p><a href=\"https:\/\/www.contretemps.eu\/gaza-blocus-palestine-hamas-israel-etats-unis\/\">Quelle histoire n\u2019a pas commenc\u00e9 le 7 octobre&nbsp;? Retour sur seize ann\u00e9es d\u2019enfermement de Gaza<\/a>&nbsp;(Contretemps)<\/p>\n\n\n\n<p><mark style=\"background-color:rgba(0, 0, 0, 0);color:#ee0505\" class=\"has-inline-color\"><strong>13 d\u00e9cembre<\/strong><\/mark><\/p>\n\n\n\n<p><a href=\"https:\/\/www.blast-info.fr\/emissions\/2023\/israel-palestine-temoignage-exclusif-de-la-situation-apocalyptique-a-gaza-EFAYT1n2Q3K6fCMnsgeTNQ\"><strong>Isra\u00ebl \u2013 Palestine : t\u00e9moignage exclusif de la situation \u00ab&nbsp;apocalyptique&nbsp;\u00bb \u00e0 Gaza<\/strong><\/a>&nbsp;(Blast)<\/p>\n\n\n\n<p><a href=\"https:\/\/www.boursorama.com\/actualite-economique\/actualites\/les-combats-font-rage-a-gaza-malgre-les-pressions-sur-israel-6796392c00487810ca41b714836e3d6c\">Les combats font rage \u00e0 Gaza, malgr\u00e9 les pressions sur Isra\u00ebl<\/a>&nbsp;(AFP) &nbsp;&nbsp;<\/p>\n\n\n\n<p><a href=\"https:\/\/www.boursorama.com\/videos\/actualites\/israel-hamas-les-allies-prennent-leur-distance-avec-l-etat-hebreux-176f879951a51a7a7e1f4a306acfa653\">Isra\u00ebl-Hamas : les alli\u00e9s prennent leur distance avec l\u2019\u00e9tat h\u00e9breux<\/a>&nbsp;(France 24)<\/p>\n\n\n\n<p><strong><a href=\"https:\/\/www.boursorama.com\/actualite-economique\/actualites\/gaza-vit-l-enfer-sur-terre-selon-l-onu-la-pression-monte-contre-israel-d63a46578ce11094f197ea9bce3537db\">Gaza vit \u00ab&nbsp;l\u2019enfer sur terre&nbsp;\u00bb selon l\u2019ONU, la pression monte contre Isra\u00ebl<\/a><\/strong>&nbsp;(AFP) &nbsp;&nbsp;<\/p>\n\n\n\n<p><a href=\"https:\/\/www.boursorama.com\/actualite-economique\/actualites\/majorite-ecrasante-a-l-onu-pour-un-cessez-le-feu-humanitaire-a-gaza-2f91e74c71e388b4f5f5c5d139d3e64f\">Majorit\u00e9 \u00e9crasante \u00e0 l\u2019ONU pour un \u00ab&nbsp;cessez-le-feu humanitaire&nbsp;\u00bb \u00e0 Gaza<\/a>&nbsp;(AFP) &nbsp;&nbsp;<\/p>\n\n\n\n<p><a href=\"https:\/\/www.boursorama.com\/videos\/actualites\/bande-de-gaza-115-soldats-israeliens-tues-selon-l-armee-ec3d0eb68cd25ecf13df967e8196e2ba\">Bande de Gaza : 115 soldats isra\u00e9liens tu\u00e9s selon l\u2019arm\u00e9e<\/a>&nbsp;(France 24)<\/p>\n\n\n\n<p><a href=\"https:\/\/www.boursorama.com\/videos\/actualites\/guerre-israel-hamas-que-signifie-l-irruption-des-rebelles-houthis-dans-le-conflit-ba95cfccd625b31d410c90e353e2610c\">Guerre Isra\u00ebl-Hamas : que signifie l\u2019irruption des rebelles houthis dans le conflit ?<\/a>&nbsp;(France 24)<\/p>\n\n\n\n<p><mark style=\"background-color:rgba(0, 0, 0, 0);color:#ee0505\" class=\"has-inline-color\"><strong>12 d\u00e9cembre<\/strong><\/mark><\/p>\n\n\n\n<p><a href=\"https:\/\/www.chroniquepalestine.com\/les-autocrates-arabes-ont-definitivement-trahi-la-cause-palestinienne\/\">Moyen-Orient.&nbsp;Les autocrates arabes ont d\u00e9finitivement trahi la cause palestinienne<\/a>&nbsp;(Chronique de Palestine)<\/p>\n\n\n\n<p><a href=\"https:\/\/alencontre.org\/moyenorient\/palestine\/gaza-meme-si-la-guerre-sarretait-demain-les-personnes-encore-en-vie-nauraient-plus-dendroit-ou-vivre.html\">Gaza. \u00abM\u00eame si la guerre s\u2019arr\u00eatait demain, les personnes encore en vie n\u2019auraient plus d\u2019endroit o\u00f9 vivre\u00bb&nbsp;<\/a>&nbsp;(A l\u2019encontre)<\/p>\n\n\n\n<p><a href=\"https:\/\/www.middleeasteye.net\/fr\/actu-et-enquetes\/guerre-gaza-israel-mise-en-scene-palestinien-rendre-armes\">Isra\u00ebl accus\u00e9 d\u2019avoir mis en sc\u00e8ne des images montrant un Palestinien rendre des armes<\/a> (MEE)<\/p>\n\n\n\n<p><a href=\"https:\/\/www.middleeasteye.net\/fr\/actu-et-enquetes\/guerre-israel-palestine-armee-detient-arbitrairement-femmes-filles-gaza\">L\u2019arm\u00e9e isra\u00e9lienne d\u00e9tient arbitrairement des Palestiniennes de Gaza<\/a> (MEE)<\/p>\n\n\n\n<p><a href=\"https:\/\/www.middleeasteye.net\/fr\/actu-et-enquetes\/guerre-gaza-palestine-milliers-soldats-israeliens-blesses-invalides-combats\">Guerre \u00e0 Gaza&nbsp;: des milliers de soldats isra\u00e9liens bless\u00e9s et \u00ab rendus invalides \u00bb lors des combats<\/a> (MEE)<\/p>\n\n\n\n<p><a href=\"https:\/\/www.middleeasteye.net\/fr\/actu-et-enquetes\/guerre-israel-palestine-siege-hopital-al-awda-gaza-snipers-famine\">Guerre Isra\u00ebl-Palestine : le si\u00e8ge d\u2019un h\u00f4pital au nord de Gaza r\u00e9duit ses occupants \u00e0 la famine<\/a> (MEE)<\/p>\n\n\n\n<p><a href=\"https:\/\/www.middleeasteye.net\/fr\/actu-et-enquetes\/guerre-israel-palestine-gaza-khan-younes-ligne-front-combats-hamas\">Guerre \u00e0 Gaza : Khan Youn\u00e8s, derni\u00e8re ligne de front en date entre Isra\u00ebl et le Hamas<\/a> (MEE)<\/p>\n\n\n\n<p><a href=\"https:\/\/www.middleeasteye.net\/fr\/opinion-fr\/guerre-israel-palestine-netanyahou-hamas-otages-avenir-politique-extreme-droite?utm_source=facebook&amp;utm_medium=social&amp;utm_campaign=Social_Traffic&amp;utm_content=ap_qldz4qbam5\">Pour Netanyahou et ses alli\u00e9s politiques, la paix est plus dangereuse que la guerre<\/a> (MEE)<\/p>\n\n\n\n<p><mark style=\"background-color:rgba(0, 0, 0, 0);color:#ee0505\" class=\"has-inline-color\"><strong>11 d\u00e9cembre<\/strong><\/mark><\/p>\n\n\n\n<p><strong><a href=\"https:\/\/www.humanite.fr\/monde\/bande-de-gaza\/gaza-nous-ne-sommes-pas-dans-lerreur-de-ciblage-le-carnage-est-totalement-assume-par-israel\">Gaza&nbsp;: \u2018Nous ne sommes pas dans l\u2019erreur de ciblage, le carnage est totalement assum\u00e9 par Isra\u00ebl\u2019 <\/a>&nbsp;<\/strong>(L\u2019Humanit\u00e9)<\/p>\n\n\n\n<p><a href=\"https:\/\/orientxxi.info\/magazine\/egypte-pour-gaza-le-syndicat-des-journalistes-ouvre-une-breche-dans-la-chape-de,6930\">\u00c9gypte. Pour Gaza, le syndicat des journalistes ouvre une br\u00e8che dans la chape de plomb<\/a> (Orient XXI)<\/p>\n\n\n\n<p><a href=\"https:\/\/orientxxi.info\/magazine\/l-etrange-passivite-de-la-syrie,6889\">L\u2019\u00e9trange passivit\u00e9 de la Syrie<\/a> (Orient XXI)<\/p>\n\n\n\n<p><a href=\"https:\/\/orientxxi.info\/magazine\/l-arabie-saoudite-reticente-a-s-engager-contre-la-guerre-a-gaza,6920\">L\u2019Arabie saoudite r\u00e9ticente \u00e0 s\u2019engager contre la guerre \u00e0 Gaza<\/a> (Orient XXI)<\/p>\n\n\n\n<p><a href=\"https:\/\/orientxxi.info\/magazine\/israel-et-ses-allies-au-mepris-du-droit-des-peuples,6918\">Isra\u00ebl et ses alli\u00e9s au m\u00e9pris du droit des peuples <\/a>&nbsp;(Orient XXI)<\/p>\n\n\n\n<p><mark style=\"background-color:rgba(0, 0, 0, 0);color:#ee0505\" class=\"has-inline-color\"><strong>9 d\u00e9cembre<\/strong><\/mark><\/p>\n\n\n\n<p><a href=\"https:\/\/www.mediapart.fr\/journal\/international\/091223\/le-veto-americain-l-onu-condamne-de-toutes-parts\">Le veto am\u00e9ricain \u00e0 l\u2019ONU condamn\u00e9 de toutes parts<\/a> (M\u00e9diapart)<\/p>\n\n\n\n<p><strong><a href=\"https:\/\/www.humanite.fr\/monde\/bande-de-gaza\/a-lonu-les-etats-unis-bloquent-la-paix-a-gaza\">\u00c0 l\u2019ONU, Les \u00c9tats-Unis Bloquent la paix \u00e0 Gaza<\/a> <\/strong>(L\u2019Humanit\u00e9)<strong><a href=\"https:\/\/www.francetvinfo.fr\/monde\/proche-orient\/israel-palestine\/guerre-israel-hamas-une-semaine-apres-la-fin-de-la-treve-le-sud-de-la-bande-de-gaza-s-enfonce-dans-l-enfer-du-conflit_6230862.html\"><\/a><\/strong><\/p>\n\n\n\n<p><strong><a href=\"https:\/\/www.francetvinfo.fr\/monde\/proche-orient\/israel-palestine\/guerre-israel-hamas-une-semaine-apres-la-fin-de-la-treve-le-sud-de-la-bande-de-gaza-s-enfonce-dans-l-enfer-du-conflit_6230862.html\">Une semaine apr\u00e8s la fin de la tr\u00eave, le sud de la bande de Gaza s\u2019enfonce dans \u00ab&nbsp;l\u2019enfer&nbsp;\u00bb du conflit<\/a><\/strong> (France Info)<\/p>\n\n\n\n<p><a href=\"http:\/\/alencontre.org\/moyenorient\/palestine\/le-camp-de-refugies-de-jenine-est-devenu-un-petit-gaza-de-jeunes-refugies-condamnes-a-etre-des-morts-en-sursis.html\">Le camp de r\u00e9fugi\u00e9s de J\u00e9nine est devenu un petit Gaza<\/a> &nbsp;(A l\u2019encontre)<\/p>\n\n\n\n<p><a href=\"https:\/\/www.mediapart.fr\/journal\/international\/081223\/gaza-israel-veut-tuer-les-journalistes-temoins-de-ses-crimes\">\u00c0 Gaza, \u00abIsra\u00ebl veut tuer les journalistes t\u00e9moins de ses crimes\u00bb<\/a>&nbsp;(M\u00e9diapart)<\/p>\n\n\n\n<p><a href=\"https:\/\/www.lemediatv.fr\/emissions\/2023\/une-usine-a-assassinats-de-masse-tout-sur-le-logiciel-qui-seme-la-mort-a-gaza-IKbLenL6TCuE2EiwntcUyQ\">Une \u00ab&nbsp;usine \u00e0 assassinats de masse&nbsp;\u00bb : tout sur le logiciel qui s\u00e8me la mort \u00e0 Gaza<\/a>&nbsp;(Le M\u00e9dia)<\/p>\n\n\n\n<p><a href=\"https:\/\/orientxxi.info\/magazine\/egypte-pour-gaza-le-syndicat-des-journalistes-ouvre-une-breche-dans-la-chape-de,6930\">\u00c9gypte. Pour Gaza, le syndicat des journalistes ouvre une br\u00e8che dans la chape de plomb<\/a>&nbsp;(Orient XXI)<\/p>\n\n\n\n<p><a href=\"https:\/\/www.off-investigation.fr\/israel-palestine-la-guerre-coloniale-sintensifie\/\">Isra\u00ebl-Palestine La guerre coloniale s\u2019intensifie<\/a>&nbsp;(Off Investigation)<\/p>\n\n\n\n<p><a href=\"https:\/\/www.aljazeera.com\/news\/2023\/12\/6\/why-is-israel-at-war-with-the-un\">Isra\u00ebl. Why is Israel at war with the UN ?&nbsp;<\/a>(Al Jazeera)<\/p>\n\n\n\n<p><a href=\"http:\/\/www.defenddemocracy.press\/frappes-sur-gaza-vous-naurez-pas-le-silence-des-juifs-de-france\/\">Frappes sur Gaza : \u00ab<em>Vous n\u2019aurez pas le silence des juifs de France<\/em>\u00bb<\/a>&nbsp;(Defend Democracy Press)<\/p>\n\n\n\n<p><mark style=\"background-color:rgba(0, 0, 0, 0);color:#ee0505\" class=\"has-inline-color\"><strong>8 d\u00e9cembre<\/strong><\/mark><\/p>\n\n\n\n<p><a href=\"https:\/\/www.mediapart.fr\/journal\/international\/061223\/emission-speciale-guerre-au-proche-orient-deux-mois-qui-ont-change-le-monde\">\u00c9mission sp\u00e9ciale&nbsp;:&nbsp;guerre au Proche-Orient, deux mois qui ont chang\u00e9 le monde&nbsp;<\/a>&nbsp;(Mediapart)<\/p>\n\n\n\n<p><strong><a href=\"https:\/\/www.rfi.fr\/fr\/moyen-orient\/20231208-en-direct-le-conseil-de-s%C3%A9curit%C3%A9-doit-voter-sur-un-appel-%C3%A0-un-cessez-le-feu-humanitaire-imm%C3%A9diat-%C3%A0-gaza\">A l\u2019ONU, les \u00c9tats-Unis rejettent les appels \u00e0 un \u00abcessez-le-feu imm\u00e9diat\u00bb \u00e0 Gaza<\/a>&nbsp;<\/strong>(Le live de RFI)<\/p>\n\n\n\n<p><a href=\"https:\/\/www.francetvinfo.fr\/monde\/proche-orient\/israel-palestine\/direct-guerre-entre-israel-et-le-hamas-joe-biden-insiste-sur-la-necessite-absolue-de-proteger-les-civils-dans-la-bande-de-gaza_6230397.html\">Le chef de l\u2019ONU qualifie les bombardements isra\u00e9liens de \u00ab&nbsp;punition collective&nbsp;\u00bb contre les populations de Gaza<\/a>&nbsp;(Le direct de France Info)<\/p>\n\n\n\n<p><a href=\"https:\/\/www.liberation.fr\/economie\/medias\/a-gaza-58-journalistes-tues-par-larmee-israelienne-et-un-trou-noir-de-linformation-20231208_YFUIGH6WD5HBVHJN5HXSOIUTPY\/\">A Gaza, 58 journalistes tu\u00e9s par l\u2019arm\u00e9e isra\u00e9lienne et un \u00abtrou noir\u00bb de l\u2019information<\/a>&nbsp;(Lib\u00e9ration)<\/p>\n\n\n\n<p><a href=\"https:\/\/www.lemonde.fr\/international\/article\/2023\/12\/08\/israel-s-organise-pour-documenter-les-violences-sexuelles-commises-lors-de-l-attaque-du-hamas_6204604_3210.html\">Isra\u00ebl s\u2019organise pour documenter les violences sexuelles commises lors de l\u2019attaque du Hamas<\/a>&nbsp;(Le Monde)<\/p>\n\n\n\n<p><a href=\"https:\/\/www.lemonde.fr\/idees\/article\/2023\/12\/08\/guerre-israel-hamas-moralement-il-existe-toujours-une-alternative-a-la-mort-en-masse-d-enfants-et-de-civils_6204586_3232.html\">Isra\u00ebl-Hamas&nbsp;: \u00abMoralement, il existe toujours une alternative \u00e0 la mort en masse d\u2019enfants et de civils\u00bb&nbsp;<\/a>(Le Monde, Tribune)<\/p>\n\n\n\n<p><a href=\"https:\/\/agencemediapalestine.fr\/blog\/2023\/12\/08\/le-spectre-de-la-famine-hante-maintenant-des-milliers-de-familles-deplacees\/\">Agence Media Palestine : Le spectre de la famine hante maintenant des milliers de familles d\u00e9plac\u00e9es<\/a>&nbsp;(CICP)<\/p>\n\n\n\n<p><strong>Analyse<\/strong><\/p>\n\n\n\n<p><a href=\"https:\/\/www.contretemps.eu\/treve-guerre-genocidaire-israel-gaza-palestine\/\">Entre tr\u00eave et fuite en avant, un tournant dans la guerre g\u00e9nocidaire men\u00e9e par Isra\u00ebl<\/a>&nbsp;(Contretemps)<\/p>\n\n\n\n<p><mark style=\"background-color:rgba(0, 0, 0, 0);color:#ee0505\" class=\"has-inline-color\"><strong>7 d\u00e9cembre<\/strong><\/mark><\/p>\n\n\n\n<p><a href=\"https:\/\/www.francetvinfo.fr\/monde\/proche-orient\/israel-palestine\/reportage-plus-les-jours-passent-plus-on-a-peur-sur-la-place-des-otages-a-tel-aviv-la-mobilisation-continue-apres-deux-mois-de-guerre-entre-israel-et-le-hamas_6226764.html\">\u00ab&nbsp;Plus les jours passent, plus on a peur&nbsp;\u00bb&nbsp;: sur la \u00ab&nbsp;place des otages&nbsp;\u00bb, \u00e0 Tel-Aviv, la mobilisation continue&nbsp;<\/a>&nbsp;(Reportage France t\u00e9l\u00e9vision)<\/p>\n\n\n\n<p><strong><a href=\"https:\/\/www.francetvinfo.fr\/replay-magazine\/france-2\/envoye-special\/video-je-ne-me-vois-pas-comme-un-pro-israelien-ou-un-pro-palestinien-je-suis-un-pro-etre-humain-la-colere-d-arik-ascherman-le-rabbin-qui-vient-en-aide-aux-palestiniens-chasses-de-leurs-terres_6228891.html\">La col\u00e8re d\u2019Arik Ascherman, le rabbin qui vient en aide aux Palestiniens chass\u00e9s de leurs terres<\/a><\/strong>&nbsp;(France 2, envoy\u00e9 sp\u00e9cial)<\/p>\n\n\n\n<p><a href=\"http:\/\/alencontre.org\/ameriques\/americnord\/usa\/comment-ce-sionisme-nourrit-lantisemitisme.html\">\u00abComment ce sionisme nourrit l\u2019antis\u00e9mitisme\u00bb<\/a>&nbsp;(A l\u2019encontre)<\/p>\n\n\n\n<p><a href=\"http:\/\/alencontre.org\/moyenorient\/palestine\/gaza-crateres-gigantesques-enfants-morts-maisons-effondrees-dans-le-sud-de-gaza-il-ny-a-nulle-part-ou-fuir.html\">Gaza. \u00abCrat\u00e8res gigantesques, enfants morts, maisons effondr\u00e9es: dans le sud de Gaza, il n\u2019y a nulle part o\u00f9 fuir\u00bb<\/a>&nbsp;(A l\u2019encontre)<\/p>\n\n\n\n<p><a href=\"http:\/\/alencontre.org\/moyenorient\/palestine\/les-familles-palestiniennes-du-sud-de-la-bande-de-gaza-doivent-quitter-leur-refuge-elles-nont-plus-dendroit-ou-fuir.html\">Les familles palestiniennes du sud de la bande de Gaza doivent quitter leur \u00abrefuge\u00bb: elles n\u2019ont plus d\u2019endroit o\u00f9 fuir<\/a>&nbsp;(A l\u2019encontre)<\/p>\n\n\n\n<p><a href=\"https:\/\/www.mediapart.fr\/journal\/international\/071223\/guerre-au-proche-orient-londres-shaista-aziz-claque-la-porte-du-parti-travailliste\">Proche-Orient : \u00e0 Londres, Shaista Aziz a claqu\u00e9 la porte du Parti travailliste<\/a>&nbsp;(M\u00e9diapart)<\/p>\n\n\n\n<p><a href=\"https:\/\/www.mediapart.fr\/journal\/international\/071223\/gaza-ou-meurt-notre-humanite\">Gaza, o\u00f9 meurt notre humanit\u00e9<\/a>&nbsp; -Edwy Plenel (M\u00e9diapart)<\/p>\n\n\n\n<p><a href=\"https:\/\/orientxxi.info\/magazine\/jean-luc-melenchon-a-gaza-ce-n-est-pas-de-la-legitime-defense-mais-un-genocide,6925\">Jean-Luc M\u00e9lenchon. \u00c0 Gaza, \u00ab&nbsp;ce n\u2019est pas de la l\u00e9gitime d\u00e9fense mais un g\u00e9nocide&nbsp;\u00bb<\/a>&nbsp; -Alain Gresh (Orient XXI)<\/p>\n\n\n\n<p><mark style=\"background-color:rgba(0, 0, 0, 0);color:#ee0505\" class=\"has-inline-color\"><strong>6 d\u00e9cembre<\/strong><\/mark><\/p>\n\n\n\n<p><a href=\"https:\/\/www.rfi.fr\/fr\/moyen-orient\/20231206-en-direct-bande-de-gaza-hamas-khan-younes-encercl%C3%A9e-par-isra%C3%ABl\">[En direct] Un exode r\u00e9gional des Palestiniens de Gaza serait \u00abcatastrophique\u00bb, selon le HCR<\/a>&nbsp;(RFI)<a href=\"https:\/\/www.rfi.fr\/fr\/moyen-orient\/20231206-en-direct-bande-de-gaza-hamas-khan-younes-encercl%C3%A9e-par-isra%C3%ABl\"><\/a><\/p>\n\n\n\n<p><a href=\"https:\/\/www.rfi.fr\/fr\/moyen-orient\/20231206-en-direct-bande-de-gaza-hamas-khan-younes-encercl%C3%A9e-par-isra%C3%ABl\">Le chef de l\u2019ONU met en garde contre un \u00abeffondrement total de l\u2019ordre public bient\u00f4t\u00bb \u00e0 Gaza<\/a>&nbsp;(RFI)<\/p>\n\n\n\n<p><a href=\"https:\/\/www.lemonde.fr\/international\/article\/2023\/12\/05\/la-mort-d-un-israelien-tue-par-un-tir-ami-lors-d-un-attentat-a-jerusalem-divise-le-pays_6204052_3210.html\">La mort d\u2019un Isra\u00e9lien tu\u00e9 par un \u00abtir ami\u00bb lors d\u2019un attentat \u00e0 J\u00e9rusalem divise le pays<\/a>&nbsp;(Le Monde)<\/p>\n\n\n\n<p><a href=\"https:\/\/www.lemonde.fr\/international\/article\/2023\/12\/06\/pour-la-premiere-fois-les-etats-unis-adoptent-des-sanctions-contre-les-colons-violents-en-cisjordanie_6204172_3210.html\">Les Etats-Unis adoptent pour la premi\u00e8re fois des sanctions contre les colons violents en Cisjordanie<\/a>&nbsp;(Le Monde)<\/p>\n\n\n\n<p><a href=\"https:\/\/www.liberation.fr\/international\/moyen-orient\/en-pleine-guerre-a-gaza-israel-approuve-la-construction-de-nouveaux-logements-pour-colons-a-jerusalem-est-20231206_TMNPBDM26FHWTDGMNP4J3DQOZM\/\">En pleine guerre \u00e0 Gaza, Isra\u00ebl approuve la construction de nouveaux logements pour colons \u00e0 J\u00e9rusalem-Est<\/a>&nbsp;(Lib\u00e9ration)<\/p>\n\n\n\n<p><a href=\"https:\/\/lactualite.us20.list-manage.com\/track\/click?u=26d8bf9748f19c85b7b5355ff&amp;id=09847febf5&amp;e=d1e06bc79a\">Sous les bombes \u00e0 Gaza<\/a>&nbsp;(L\u2019actualit\u00e9 \u2013 Qu\u00e9bec)<\/p>\n\n\n\n<p><a href=\"https:\/\/www.contretemps.eu\/de-la-mer-au-jourdain-israel-sionisme-palestine\/\">\u00abDe la mer au Jourdain\u00bb, ou ce qu\u2019Isra\u00ebl a impos\u00e9 \u00e0 la Palestine depuis 1967<\/a>&nbsp;(Contretemps)<\/p>\n\n\n\n<p><a href=\"https:\/\/www.lemonde.fr\/un-si-proche-orient\/article\/2023\/12\/03\/les-fanatiques-du-troisieme-temple-a-jerusalem_6203641_6116995.html\">En Isra\u00ebl, les fanatiques du Troisi\u00e8me Temple \u00e0 J\u00e9rusalem<\/a>&nbsp;(Le Monde)<\/p>\n\n\n\n<p><mark style=\"background-color:rgba(0, 0, 0, 0);color:#ee0505\" class=\"has-inline-color\"><strong>5 d\u00e9cembre<\/strong><\/mark><\/p>\n\n\n\n<p><a href=\"https:\/\/www.liberation.fr\/international\/moyen-orient\/en-direct-guerre-hamas-israel-lonu-redoute-un-scenario-encore-plus-infernal-a-gaza-20231205_TWEQOS6QCVHBFJCGQ6IRJ2DJYU\/\">EN DIRECT&nbsp;: l\u2019offensive isra\u00e9lienne s\u2019intensifie dans le sud de Gaza, l\u2019arm\u00e9e combat \u00abau c\u0153ur\u00bb de Khan Youn\u00e8s<\/a><strong>&nbsp;<\/strong>(Lib\u00e9ration)<\/p>\n\n\n\n<p><strong><a href=\"https:\/\/radio-m.net\/lonu-alerte-sur-un-scenario-infernal-imminent-a-gaza\/\">L\u2019Onu alerte sur un \u2018\u2019sc\u00e9nario infernal imminent\u2019\u2019 \u00e0 Gaza<\/a>&nbsp;<\/strong>(Radio M)<\/p>\n\n\n\n<p><a href=\"https:\/\/www.hrw.org\/fr\/news\/2023\/12\/04\/cpi-lutter-contre-deux-poids-deux-mesures-dans-la-justice\"><strong>CPI : Lutter contre \u00ab deux poids, deux mesures \u00bb dans la justice<\/strong><\/a>&nbsp;(Human Rights Watch)<\/p>\n\n\n\n<p><mark style=\"background-color:rgba(0, 0, 0, 0);color:#ee0505\" class=\"has-inline-color\"><strong>4 d\u00e9cembre<\/strong><\/mark><\/p>\n\n\n\n<p><a href=\"https:\/\/www.middleeasteye.net\/fr\/actu-et-enquetes\/guerre-israel-palestine-fausses-informations-crimes-hamas-7-octobre\">De fausses informations ont \u00e9t\u00e9 fournies par des responsables et b\u00e9n\u00e9voles isra\u00e9liens sur les crimes commis le 7 octobre<\/a>&nbsp;(MEE)<\/p>\n\n\n\n<p><a href=\"https:\/\/www.wsws.org\/fr\/articles\/2023\/11\/27\/nflf-n27.html\">Isra\u00ebl.&nbsp;Les mensonges d\u2019Isra\u00ebl sur l\u2019incursion du 7 octobre s\u2019effondrent<\/a>&nbsp;(wsws)<\/p>\n\n\n\n<p><strong><a href=\"https:\/\/api.indigo-net.com\/email\/RedirectionEmailing?mail=n.chevillard@noos.fr&amp;ID=571409&amp;DOCIID=109703480&amp;ENAIID=845390&amp;RETOUR=SIMPLE&amp;link=https:\/\/www.intelligenceonline.fr\/renseignement-d-etat\/2023\/12\/04\/lawfare-international--le-rapprochement-entre-washington-et-la-cpi-dans-la-tourmente-de-la-guerre-a-gaza,110114058-art?cxt=PUB&amp;utm_source=LMR&amp;utm_medium=email&amp;utm_campaign=AUTO_EDIT_SOM_PROS\">Le rapprochement entre Washington et la CPI dans la tourmente de la guerre \u00e0 Gaza<\/a><\/strong>&nbsp;(Intelligence Online)<\/p>\n\n\n\n<p><a href=\"https:\/\/www.mediapart.fr\/journal\/international\/041223\/dans-la-bande-de-gaza-la-suite-d-un-cauchemar-sans-fin-pour-les-civils\">Dans la bande de Gaza, la suite d\u2019un cauchemar sans fin pour les civils<\/a>&nbsp;(M\u00e9diapart)<a href=\"https:\/\/www.rfi.fr\/fr\/podcasts\/revue-de-presse-internationale\/20231204-%C3%A0-la-une-les-civils-pris-au-pi%C3%A8ge-dans-le-sud-de-la-bande-de-gaza\"><\/a><\/p>\n\n\n\n<p><a href=\"https:\/\/www.rfi.fr\/fr\/podcasts\/revue-de-presse-internationale\/20231204-%C3%A0-la-une-les-civils-pris-au-pi%C3%A8ge-dans-le-sud-de-la-bande-de-gaza\">\u00c0 la Une : les civils pris au pi\u00e8ge dans le sud de la bande de Gaza<\/a>&nbsp;(RFI)<\/p>\n\n\n\n<p><a href=\"https:\/\/www.rfi.fr\/fr\/moyen-orient\/20231204-en-direct-bande-de-gaza-les-civils-sous-le-feu-des-raids-isra%C3%A9liens-meurtriers\"><strong>[En direct] Des chars isra\u00e9liens entrent dans le sud de la bande de Gaza<\/strong><\/a> (RFI) <\/p>\n\n\n\n<p><a href=\"https:\/\/www.rfi.fr\/fr\/moyen-orient\/20231204-isra%C3%ABl-quelle-place-pour-le-d%C3%A9bat-sur-la-responsabilit%C3%A9-de-netanyahu-dans-la-guerre\">Isra\u00ebl : quelle place pour le d\u00e9bat sur la responsabilit\u00e9 de Netanyahu dans la guerre<\/a>&nbsp;(RFI)<\/p>\n\n\n\n<p><a href=\"https:\/\/www.francetvinfo.fr\/monde\/proche-orient\/israel-palestine\/guerre-israel-hamas-reprise-du-proces-pour-corruption-du-premier-ministre-israelien-benyamin-netanyahou_6222705.html\">I<strong>sra\u00ebl : reprise du proc\u00e8s pour corruption de Benyamin N\u00e9tanyahou<\/strong><\/a>&nbsp;(France Info)<a href=\"https:\/\/www.francetvinfo.fr\/monde\/proche-orient\/israel-palestine\/direct-guerre-israel-hamas-l-armee-israelienne-annonce-etendre-ses-operations-terrestres-a-l-ensemble-de-la-bande-de-gaza_6222423.html\"><\/a><\/p>\n\n\n\n<p><a href=\"https:\/\/www.francetvinfo.fr\/monde\/proche-orient\/israel-palestine\/direct-guerre-israel-hamas-l-armee-israelienne-annonce-etendre-ses-operations-terrestres-a-l-ensemble-de-la-bande-de-gaza_6222423.html\">En visite \u00e0 Gaza, la pr\u00e9sidente du CICR d\u00e9nonce les souffrances \u00ab&nbsp;intol\u00e9rables&nbsp;\u00bb de la population<\/a>&nbsp;(France Info)<\/p>\n\n\n\n<p><a href=\"https:\/\/www.middleeasteye.net\/fr\/opinion-fr\/guerre-palestine-israel-detruit-gaza-ouvre-front-jordanie\">En d\u00e9truisant Gaza, Isra\u00ebl ouvre un gigantesque front en Jordanie<\/a>&nbsp;-David Hearst (MEE)<\/p>\n\n\n\n<p><a href=\"https:\/\/www.francetvinfo.fr\/monde\/proche-orient\/liban\/reportage-si-tu-respires-tu-t-etouffes-a-la-frontiere-avec-israel-des-libanais-denoncent-l-utilisation-de-phosphore-blanc-par-l-armee-israelienne_6214923.html#xtor=RSS-3-%5Bmonde%5D\">Des Libanais d\u00e9noncent l\u2019utilisation de phosphore blanc par l\u2019arm\u00e9e isra\u00e9lienne<\/a>&nbsp;(Francetvinfo)<\/p>\n\n\n\n<p><a href=\"https:\/\/www.francetvinfo.fr\/monde\/proche-orient\/israel-palestine\/guerre-entre-israel-et-le-hamas-le-secteur-du-batiment-a-l-arret-en-israel-un-enorme-probleme-pour-l-economie_6219789.html\">Le secteur du b\u00e2timent \u00e0 l&rsquo;arr\u00eat en Isra\u00ebl, un \u00e9norme probl\u00e8me pour l&rsquo;\u00e9conomie<\/a> (France Info)<\/p>\n\n\n\n<p><a href=\"https:\/\/www.xerficanal.com\/economie\/emission\/Alexandre-Mirlicourtois-Israel-le-cout-economique-de-la-guerre_3752310.html?utm_source=brevo&amp;utm_campaign=XC301123&amp;utm_medium=email\">Isra\u00ebl : le co\u00fbt \u00e9conomique de la guerre<\/a>&nbsp;(Xerfi Canal)<\/p>\n\n\n\n<p><a href=\"https:\/\/radio-m.net\/motaz-azaiza-le-visage-de-la-resilience-a-gaza-en-homme-de-lannee-de-gq-middle-east\/\">Motaz Azaiza, le visage de la r\u00e9silience \u00e0 Gaza&nbsp;en&nbsp;homme de l\u2019ann\u00e9e&nbsp;de&nbsp;GQ Middle East<\/a> (Radio M)<\/p>\n\n\n\n<p><a href=\"https:\/\/adherez.attac.org\/civicrm\/mailing\/url?u=27158&amp;qid=26387146\">Pour une approche internationaliste du conflit isra\u00e9lo-palestinien<\/a>&nbsp;-Janette Habel (Les Possibles)<\/p>\n\n\n\n<p><a href=\"https:\/\/orientxxi.info\/magazine\/israel-et-ses-allies-au-mepris-du-droit-des-peuples,6918\">Isra\u00ebl et ses alli\u00e9s au m\u00e9pris du droit des peuples<\/a>&nbsp;(Orient XXI)<\/p>\n\n\n\n<p><a href=\"https:\/\/orientxxi.info\/magazine\/apartheid-hydrique-et-colonialisme-vert-en-palestine,6910\" target=\"_blank\" rel=\"noreferrer noopener\"><strong>Apartheid hydrique et colonialisme vert en Palestine<\/strong><\/a> (Orient XXI)<\/p>\n\n\n\n<p><a href=\"https:\/\/www.afrique-asie.fr\/leconomie-israelienne-en-temps-de-guerre-ne-pourra-pas-tenir-eternellement\/\">L\u2019\u00e9conomie isra\u00e9lienne en temps de guerre ne pourra pas tenir \u00e9ternellement<\/a>&nbsp;(Foreign Policy&nbsp;<em>via<\/em>&nbsp;Afrique-Asie)<\/p>\n\n\n\n<p><a href=\"https:\/\/www.caitlinjohnst.one\/p\/the-goal-is-ethnic-cleansing-not?utm_source=post-email-title&amp;publication_id=82124&amp;post_id=139350958&amp;utm_campaign=email-post-title&amp;isFreemail=true&amp;r=9slaa&amp;utm_medium=email\">Palestine.&nbsp;The Goal Is Ethnic Cleansing, Not Defeating Hamas<\/a>&nbsp;(Caitlin Johnstone)<\/p>\n\n\n\n<figure class=\"wp-block-image size-large is-resized\"><img data-recalc-dims=\"1\" loading=\"lazy\" decoding=\"async\" width=\"1024\" height=\"576\" src=\"https:\/\/i0.wp.com\/www.rdpemancipation.org\/wp-content\/uploads\/2023\/12\/image-3.png?resize=1024%2C576&#038;ssl=1\" alt=\"\" class=\"wp-image-123018\" style=\"aspect-ratio:1.7773487773487773;width:478px;height:auto\" srcset=\"https:\/\/i0.wp.com\/www.rdpemancipation.org\/wp-content\/uploads\/2023\/12\/image-3.png?resize=1024%2C576&amp;ssl=1 1024w, https:\/\/i0.wp.com\/www.rdpemancipation.org\/wp-content\/uploads\/2023\/12\/image-3.png?resize=300%2C169&amp;ssl=1 300w, https:\/\/i0.wp.com\/www.rdpemancipation.org\/wp-content\/uploads\/2023\/12\/image-3.png?resize=768%2C432&amp;ssl=1 768w, https:\/\/i0.wp.com\/www.rdpemancipation.org\/wp-content\/uploads\/2023\/12\/image-3.png?resize=1536%2C864&amp;ssl=1 1536w, https:\/\/i0.wp.com\/www.rdpemancipation.org\/wp-content\/uploads\/2023\/12\/image-3.png?resize=2048%2C1152&amp;ssl=1 2048w, https:\/\/i0.wp.com\/www.rdpemancipation.org\/wp-content\/uploads\/2023\/12\/image-3.png?w=2400&amp;ssl=1 2400w\" sizes=\"auto, (max-width: 1024px) 100vw, 1024px\" \/><figcaption class=\"wp-element-caption\"><sup>Benyamin Netanyahou pr\u00e9sente \u00e0 l\u2019ONU une carte int\u00e9grant la Cisjordanie et Gaza \u00e0 Isra\u00ebl, le 22&nbsp;septembre&nbsp;2023 (Reuters)<\/sup><\/figcaption><\/figure>\n\n\n\n<p><mark style=\"background-color:rgba(0, 0, 0, 0);color:#ee0505\" class=\"has-inline-color\"><strong>2 d\u00e9cembre<\/strong><\/mark><\/p>\n\n\n\n<p><a href=\"https:\/\/alencontre.org\/moyenorient\/palestine\/gaza-israel-reprend-ses-bombardements-et-ordonne-aux-palestiniens-de-nouveaux-deplacements.html\">Gaza. Isra\u00ebl reprend ses bombardements et ordonne aux Palestiniens de nouveaux d\u00e9placements<\/a>&nbsp;(A l\u2019encontre)<\/p>\n\n\n\n<p><a href=\"https:\/\/www.france-palestine.org\/Nouvelle-agression-contre-Jenine-l-armee-israelienne-tue-4-palestiniens-dont-2\">Nouvelle agression contre J\u00e9nine, l\u2019arm\u00e9e isra\u00e9lienne tue 4 palestiniens dont 2 enfants<\/a>&nbsp;(AFPS)<\/p>\n\n\n\n<p><a href=\"https:\/\/www.francetvinfo.fr\/monde\/proche-orient\/israel-palestine\/guerre-israel-hamas-c-est-a-nouveau-l-enfer-dans-la-bande-de-gaza-raconte-le-vice-president-de-medecins-du-monde_6219423.html\">\u00ab&nbsp;C\u2019est \u00e0 nouveau l\u2019enfer dans la bande de Gaza&nbsp;\u00bb, raconte le vice-pr\u00e9sident de M\u00e9decins du monde<\/a>&nbsp;(France Info)<\/p>\n\n\n\n<p><a href=\"https:\/\/www.boursorama.com\/actualite-economique\/actualites\/a-khan-younes-sous-les-bombes-partir-en-courant-sans-savoir-vers-ou-03f5ff2200b14b9fcb39603bb46a206a\">A Khan Youn\u00e8s sous les bombes, partir en courant sans savoir vers o\u00f9<\/a>&nbsp;(AFP) &nbsp;&nbsp;<\/p>\n\n\n\n<p><a href=\"https:\/\/www.lemediatv.fr\/emissions\/2023\/cisjordanie-la-guerre-masquee-de-netanyahou-hnMWRUYGQm2cwk_noVq1zg\">Cisjordanie : La guerre \u00ab&nbsp;masqu\u00e9e&nbsp;\u00bb de Netanyahou<\/a>&nbsp;(Le M\u00e9dia)<\/p>\n\n\n\n<p><a href=\"https:\/\/www.mediapart.fr\/journal\/international\/021223\/nous-n-etions-plus-traites-comme-des-etres-humains-la-maltraitance-et-la-torture-des-prisonniers-pa\">\u00ab&nbsp;Nous n\u2019\u00e9tions plus trait\u00e9s comme des \u00eatres humains&nbsp;\u00bb&nbsp;:&nbsp;la maltraitance et la torture des prisonniers palestiniens&nbsp;<\/a>&nbsp;(M\u00e9diapart)<\/p>\n\n\n\n<p><a href=\"https:\/\/www.lemonde.fr\/international\/article\/2023\/11\/28\/guerre-israel-hamas-ce-que-l-on-sait-des-conditions-de-detention-des-otages-israeliens-liberes_6202807_3210.html\">Guerre Isra\u00ebl-Hamas&nbsp;: ce que l\u2019on sait des conditions de d\u00e9tention des otages isra\u00e9liens lib\u00e9r\u00e9s<\/a>&nbsp;(Le Monde)<\/p>\n\n\n\n<p><a href=\"https:\/\/www.lemonde.fr\/un-si-proche-orient\/article\/2023\/11\/26\/jamais-la-palestine-n-a-autant-souffert_6202438_6116995.html\"><strong>Jamais la Palestine n\u2019a autant souffert<\/strong><\/a>&nbsp;(Jean \u2013 Pierre Filiu, Le Monde)<\/p>\n\n\n\n<p><a href=\"https:\/\/www.lemediatv.fr\/emissions\/2023\/droit-international-peut-on-parler-de-genocide-en-palestine-GU1y1Db3T4K4yFlgEYUfkw\">Droit international : peut-on parler de g\u00e9nocide en Palestine<\/a>&nbsp;(Le M\u00e9dia)<\/p>\n\n\n\n<p><a href=\"https:\/\/www.boursorama.com\/actualite-economique\/actualites\/des-milliers-de-soutiens-aux-palestiniens-de-nouveau-dans-la-rue-a-paris-beb571919e27a841dc1b9f1bb6bbfea3\">Des milliers de soutiens aux Palestiniens de nouveau dans la rue \u00e0 Paris<\/a>&nbsp;(AFP) &nbsp;&nbsp;<\/p>\n\n\n\n<p><strong><a href=\"https:\/\/www.ldh-france.org\/attaques-contre-le-mouvement-feministe-et-metoo-un-proces-intolerable-et-injuste\/\" target=\"_blank\" rel=\"noreferrer noopener\">Attaques contre le mouvement f\u00e9ministe et #Metoo : un proc\u00e8s intol\u00e9rable et injuste<\/a>&nbsp;<\/strong>(LDH)<\/p>\n\n\n\n<p><mark style=\"background-color:rgba(0, 0, 0, 0);color:#ee0505\" class=\"has-inline-color\"><strong>1er d\u00e9cembre<\/strong><\/mark><\/p>\n\n\n\n<p><strong><a href=\"https:\/\/www.francetvinfo.fr\/monde\/proche-orient\/israel-palestine\/direct-guerre-entre-israel-et-le-hamas-les-tractations-se-poursuivent-jusqu-au-bout-pour-tenter-de-reconduire-la-treve_6217038.html\">L\u2019arm\u00e9e isra\u00e9lienne annonce avoir repris les combats, la ville de Gaza est la cible de frappes<\/a>&nbsp;<\/strong>(France Info)<\/p>\n\n\n\n<p><strong><a href=\"https:\/\/www.francetvinfo.fr\/monde\/proche-orient\/israel-palestine\/guerre-entre-israel-et-le-hamas-ce-que-l-on-sait-de-l-attaque-qui-a-fait-au-moins-trois-morts-a-jerusalem_6215301.html\">J\u00e9rusalem&nbsp;: ce que l\u2019on sait de l\u2019attaque qui a fait trois morts<\/a>&nbsp;<\/strong>(France T\u00e9l\u00e9vision)<\/p>\n\n\n\n<p><strong><a href=\"https:\/\/www.boursorama.com\/videos\/actualites\/attaque-du-7-octobre-israel-etait-au-courant-depuis-un-an-52341744af9da392eb15ef3f88baaa3b\">Attaque du 7 octobre : \u00ab Isra\u00ebl \u00e9tait au courant depuis un an \u00bb<\/a>&nbsp;<\/strong>(France 24)<\/p>\n\n\n\n<p><a href=\"https:\/\/link.newsletter.franceculture.fr\/m\/ml\/7429\/839226\/zpZ_v8VHahavsN_I0-yPM29C5lXTLJmivm821gAfcU8=\/mvpe-Okl5rA5jyxDIevNu2WCJgYlC8ra9BvNv1KO5Hg=\/\">Qui sont les prisonniers palestiniens d\u00e9tenus et lib\u00e9r\u00e9s par Isra\u00ebl&nbsp;?<\/a><a>&nbsp;<\/a>(France Culture)<\/p>\n\n\n\n<p><\/p>\n","protected":false},"excerpt":{"rendered":"<p>30 d\u00e9cembre \u00ab&nbsp;Le destin de l\u2019Europe en&nbsp;2024&nbsp;se jouera \u00e0 Gaza&nbsp;\u00bb -Jean-Pierre Filiu (Le Monde) Washington approuve une nouvelle vente d\u2019armes \u00e0 Isra\u00ebl sans passer par le Congr\u00e8s (L\u2019Humanit\u00e9) Isra\u00ebl officiellement accus\u00e9e de g\u00e9nocide (L\u2019Humanit\u00e9) \u00ab On retrouve une sym\u00e9trie de discours radicaux chez le Hamas et certains ultranationalistes isra\u00e9liens \u00bb (Alter \u00e9co) 28 d\u00e9cembre Halte &#8230; <a title=\"D\u00e9cembre &#8211; Proche &#038; Moyen-Orient\" class=\"read-more\" href=\"https:\/\/www.rdpemancipation.org\/?p=122824\" aria-label=\"En savoir plus sur D\u00e9cembre &#8211; Proche &#038; Moyen-Orient\">Lire la suite<\/a><\/p>\n","protected":false},"author":1,"featured_media":0,"comment_status":"closed","ping_status":"closed","sticky":false,"template":"","format":"standard","meta":{"_lmt_disableupdate":"","_lmt_disable":"","_jetpack_memberships_contains_paid_content":false,"footnotes":""},"categories":[18],"tags":[],"class_list":["post-122824","post","type-post","status-publish","format-standard","hentry","category-proche-moyen-orient"],"modified_by":"nch","jetpack_featured_media_url":"","jetpack_sharing_enabled":true,"_links":{"self":[{"href":"https:\/\/www.rdpemancipation.org\/index.php?rest_route=\/wp\/v2\/posts\/122824","targetHints":{"allow":["GET"]}}],"collection":[{"href":"https:\/\/www.rdpemancipation.org\/index.php?rest_route=\/wp\/v2\/posts"}],"about":[{"href":"https:\/\/www.rdpemancipation.org\/index.php?rest_route=\/wp\/v2\/types\/post"}],"author":[{"embeddable":true,"href":"https:\/\/www.rdpemancipation.org\/index.php?rest_route=\/wp\/v2\/users\/1"}],"replies":[{"embeddable":true,"href":"https:\/\/www.rdpemancipation.org\/index.php?rest_route=%2Fwp%2Fv2%2Fcomments&post=122824"}],"version-history":[{"count":23,"href":"https:\/\/www.rdpemancipation.org\/index.php?rest_route=\/wp\/v2\/posts\/122824\/revisions"}],"predecessor-version":[{"id":124049,"href":"https:\/\/www.rdpemancipation.org\/index.php?rest_route=\/wp\/v2\/posts\/122824\/revisions\/124049"}],"wp:attachment":[{"href":"https:\/\/www.rdpemancipation.org\/index.php?rest_route=%2Fwp%2Fv2%2Fmedia&parent=122824"}],"wp:term":[{"taxonomy":"category","embeddable":true,"href":"https:\/\/www.rdpemancipation.org\/index.php?rest_route=%2Fwp%2Fv2%2Fcategories&post=122824"},{"taxonomy":"post_tag","embeddable":true,"href":"https:\/\/www.rdpemancipation.org\/index.php?rest_route=%2Fwp%2Fv2%2Ftags&post=122824"}],"curies":[{"name":"wp","href":"https:\/\/api.w.org\/{rel}","templated":true}]}}