{"id":121754,"date":"2023-11-01T15:36:15","date_gmt":"2023-11-01T14:36:15","guid":{"rendered":"https:\/\/www.rdpemancipation.org\/?p=121754"},"modified":"2023-11-30T08:39:25","modified_gmt":"2023-11-30T07:39:25","slug":"novembre-social-3","status":"publish","type":"post","link":"https:\/\/www.rdpemancipation.org\/?p=121754","title":{"rendered":"Novembre &#8211; Social"},"content":{"rendered":"\n<p class=\"has-text-color\" style=\"color:#f60707\"><strong>30 novembre<\/strong><\/p>\n\n\n\n<p><a href=\"https:\/\/paris-luttes.info\/contre-le-chomage-et-la-precarite-17606\">Contre le ch\u00f4mage et la pr\u00e9carit\u00e9&nbsp;: non \u00e0 France Travail&nbsp;! Rassemblement samedi 2\/12<\/a> (Paris-Luttes info)<\/p>\n\n\n\n<p><a href=\"https:\/\/rebellyon.info\/La-metropole-de-Lyon-expulse-des-25436\">La m\u00e9tropole de Lyon expulse des nourissons&nbsp;!<\/a> (Rebellyon)<\/p>\n\n\n\n<p><strong><a href=\"https:\/\/www.humanite.fr\/social-et-economie\/acces-a-la-culture\/greve-au-centre-pompidou-jai-peur-pour-la-transmission-des-savoirs\">Gr\u00e8ve au Centre Pompidou\u00a0: \u00ab\u00a0J\u2019ai peur pour la transmission des savoirs\u00a0\u00bb<\/a> (l\u2019Humanit\u00e9)<\/strong><\/p>\n\n\n\n<p><a href=\"https:\/\/www.force-ouvriere.fr\/france-3-greve-massive-pour-un-moratoire-sur-la-reforme-de-l\">France 3&nbsp;: gr\u00e8ve massive pour un moratoire sur la r\u00e9forme de l\u2019information<\/a> (FO)<\/p>\n\n\n\n<p><a href=\"https:\/\/rapportsdeforce.fr\/classes-en-lutte\/plus-rien-a-perdre-les-compagnons-emmaus-du-nord-determines-a-poursuivre-la-greve-113019817\">\u00ab Plus rien \u00e0 perdre \u00bb : les compagnons Emma\u00fcs du Nord d\u00e9termin\u00e9s \u00e0 poursuivre la gr\u00e8ve.<\/a> (Rapports de force)<\/p>\n\n\n\n<p><a href=\"https:\/\/france3-regions.francetvinfo.fr\/grand-est\/vosges\/epinal\/greve-a-l-institut-medico-educatif-du-val-d-ajol-on-n-est-pas-la-pour-occuper-les-enfants-avec-du-systeme-d-2881343.html\">Gr\u00e8ve \u00e0 l\u2019institut m\u00e9dico-\u00e9ducatif du Val d\u2019Ajol, \u201con n\u2019est pas l\u00e0 pour occuper les enfants avec du syst\u00e8me D\u201d<\/a> (Franceinfo)<\/p>\n\n\n\n<p><a href=\"https:\/\/www.leparisien.fr\/info-paris-ile-de-france-oise\/transports\/greve-a-la-sncf-plusieurs-transilien-et-lignes-de-rer-perturbes-jeudi-et-vendredi-en-ile-de-france-29-11-2023-SSWMDOGEMFH3RPVNFP4IC2V5WY.php\">Gr\u00e8ve \u00e0 la SNCF&nbsp;: plusieurs Transilien et lignes de RER perturb\u00e9s jeudi et vendredi en \u00cele-de-France<\/a> (Le Parisien)<\/p>\n\n\n\n<p><a href=\"https:\/\/actu.fr\/ile-de-france\/chelles_77108\/le-bus-est-un-danger-public-a-chelles-les-chauffeurs-de-bus-sont-en-greve-depuis-quelques-jours_60397774.html\">\u00ab\u00a0Le bus est un danger public\u00a0\u00bb : \u00e0 Chelles, les chauffeurs de bus sont en gr\u00e8ve depuis quelques jours<\/a> (actu)<\/p>\n\n\n\n<p><a href=\"https:\/\/www.sudouest.fr\/economie\/social\/greve-des-livreurs-a-velo-pourquoi-le-mouvement-sera-suivi-les-2-et-3-decembre-a-bordeaux-17626735.php\">Gr\u00e8ve des livreurs \u00e0 v\u00e9lo&nbsp;: pourquoi le mouvement sera suivi les 2&nbsp;et 3&nbsp;d\u00e9cembre \u00e0 Bordeaux<\/a> (Sud Ouest)<\/p>\n\n\n\n<p><a href=\"https:\/\/www.francebleu.fr\/infos\/societe\/greve-des-agents-d-accueil-de-la-mutualite-sociale-agricole-pour-plus-de-reconnaissance-7146409\">Gr\u00e8ve des agents d&rsquo;accueil de la Mutualit\u00e9 Sociale Agricole pour plus de reconnaissance<\/a> (ici)<\/p>\n\n\n\n<p><a href=\"https:\/\/france3-regions.francetvinfo.fr\/occitanie\/haute-garonne\/toulouse\/les-salaries-de-meteo-france-denoncent-des-bugs-dans-les-previsions-trois-syndicats-appellent-a-la-greve-2881364.html\">Les salari\u00e9s de M\u00e9t\u00e9o France d\u00e9noncent des \u00ab\u00a0bugs\u00a0\u00bb dans les pr\u00e9visions, trois syndicats appellent \u00e0 la gr\u00e8ve<\/a> (Franceinfo)<\/p>\n\n\n\n<p><a href=\"https:\/\/www.francebleu.fr\/infos\/education\/mouvement-de-greve-dans-les-ecoles-et-colleges-a-agde-pour-reclamer-le-classement-en-zone-prioritaire-6446495\">Mouvement de gr\u00e8ve dans les \u00e9coles et coll\u00e8ges \u00e0 Agde pour r\u00e9clamer le classement en zone prioritaire<\/a> (ici)<\/p>\n\n\n\n<p><a href=\"https:\/\/www.francetvinfo.fr\/economie\/greve\/suede-les-salaries-de-tesla-en-greve_6213993.html\">Su\u00e8de : les salari\u00e9s de Tesla en gr\u00e8ve<\/a> (Franceinfo)<\/p>\n\n\n\n<p><a href=\"https:\/\/www.ouest-france.fr\/pays-de-la-loire\/seiches-sur-le-loir-49140\/une-greve-des-facteurs-au-centre-de-distribution-de-seiches-sur-le-loir-545ab410-8ebd-11ee-81ce-f12d7d2fb9c2\">Une gr\u00e8ve des facteurs au centre de distribution de Seiches-sur-le-Loir<\/a> (Ouest France)<\/p>\n\n\n\n<p><a href=\"https:\/\/www.ledauphine.com\/social\/2023\/11\/29\/en-greve-les-agents-d-accueil-de-la-msa-reclament-plus-de-reconnaissance\">En gr\u00e8ve, les agents d\u2019accueil de la MSA r\u00e9clament plus de reconnaissance<\/a> (Le Dauphin\u00e9)<\/p>\n\n\n\n<p><a href=\"https:\/\/www.liberation.fr\/culture\/nouvelle-journee-de-mobilisation-pour-les-techniciens-de-laudiovisuel-qui-reclament-20-de-salaire-20231130_N7KZCJR4YZDQTJKJHFABFECKL4\/\">Nouvelle journ\u00e9e de mobilisation pour les techniciens de l\u2019audiovisuel, qui r\u00e9clament +20&nbsp;% de salaire<\/a> (Lib\u00e9ration)<\/p>\n\n\n\n<p><a href=\"https:\/\/www.le-pays.fr\/roanne-42300\/actualites\/une-greve-d-un-jour-tres-suivie-au-sein-de-la-redaction-du-journal-le-progres_14412686\/\">Une gr\u00e8ve tr\u00e8s suivie au sein de la r\u00e9daction du journal \u00ab\u00a0Le Progr\u00e8s\u00a0\u00bb Loire\/Haute-Loire<\/a> (Le Pays)<\/p>\n\n\n\n<p><a href=\"https:\/\/94.citoyens.com\/2023\/greve-des-animateurs-et-des-agents-municipaux-a-maisons-alfort,29-11-2023.html\">Gr\u00e8ve des animateurs et des agents municipaux \u00e0 Maisons-Alfort&nbsp;<\/a> (94citoyens)<\/p>\n\n\n\n<p><a href=\"https:\/\/www.msn.com\/fr-fr\/actualite\/other\/provence-alpes-c%C3%B4te-d-azur-la-cgt-cheminots-d%C3%A9pose-un-pr%C3%A9avis-de-gr%C3%A8ve-pour-la-journ%C3%A9e-de-vendredi\/ar-AA1kIYsz\">Provence-Alpes-C\u00f4te d&rsquo;Azur: la CGT Cheminots d\u00e9pose un pr\u00e9avis de gr\u00e8ve pour la journ\u00e9e de vendredi<\/a> (msn)<\/p>\n\n\n\n<p><a href=\"https:\/\/lemans.maville.com\/actu\/actudet_-sarthe.-les-syndicats-d-enseignants-veulent-deposer-un-preavis-de-greve-_une-6052416_actu.Htm\">Sarthe. Les syndicats d\u2019enseignants veulent d\u00e9poser un pr\u00e9avis de gr\u00e8ve<\/a>&nbsp;(Ouest France)<\/p>\n\n\n\n<p><a href=\"https:\/\/www.lavoixdunord.fr\/1402663\/article\/2023-11-29\/vendin-le-vieil-les-salaries-du-depot-du-magasin-en-greve\">\u00c0 Vendin-le-Vieil, les salari\u00e9s du d\u00e9p\u00f4t du magasin BUT en gr\u00e8ve <\/a>(La Voix du Nord)<\/p>\n\n\n\n<p><strong>Monde<\/strong><\/p>\n\n\n\n<p><strong><a href=\"https:\/\/www.force-ouvriere.fr\/bangladesh-la-greve-des-ouvriers-du-textile-violemment-reprimee\">Bangladesh\u00a0: la gr\u00e8ve des ouvriers du textile violemment r\u00e9prim\u00e9e<\/a> (FO)<\/strong><\/p>\n\n\n\n<p><a href=\"https:\/\/www.wsws.org\/fr\/articles\/2023\/11\/30\/ccvk-n30.html\"><strong>Qu\u00e9bec<\/strong>\u00a0: Le gouvernement et les syndicats tentent d\u2019\u00e9touffer la vague de gr\u00e8ve montante du secteur public<\/a> (WSWS)<\/p>\n\n\n\n<p><strong><a href=\"https:\/\/www.lanouvelle.net\/actualites\/les-80-000-professionnelles-en-soins-en-greve-du-11-au-14-decembre\/\">Qu\u00e9bec &#8211; Les 80 000 professionnelles en soins en gr\u00e8ve du 11 au 14 d\u00e9cembre<\/a> (La Nouvelle Union)<\/strong><\/p>\n\n\n\n<p><strong>Analyse<\/strong><\/p>\n\n\n\n<p><a href=\"https:\/\/lepoing.net\/montpellier-les-opposants-au-lien-denoncent-lillegalite-des-travaux-une-plainte-va-etre-deposee\/\">Montpellier : les opposants au LIEN d\u00e9noncent \u201cl\u2019ill\u00e9galit\u00e9 des travaux\u201d, une plainte va \u00eatre d\u00e9pos\u00e9e<\/a> (Le Poing)<\/p>\n\n\n\n<p><strong><a href=\"https:\/\/basta.media\/megabassines-annulees-surdimensionnement-climat-eau-justice-legitime-luttes-terrain-soulevements-de-la-terre\">M\u00e9gabassines retoqu\u00e9es\u00a0: la justice l\u00e9gitime-t-elle les luttes de terrain\u00a0?<\/a> (Basta!)<\/strong><\/p>\n\n\n\n<p><a href=\"https:\/\/lanticapitaliste.org\/actualite\/politique\/riposte-sociale-antiraciste-et-antifasciste\">Riposte sociale, antiraciste et antifasciste<\/a> (l\u2019Anticapitaliste)<\/p>\n\n\n\n<p class=\"has-text-color\" style=\"color:#f90b0b\"><strong>29 novembre<\/strong><\/p>\n\n\n\n<figure class=\"wp-block-image size-full is-resized\"><img data-recalc-dims=\"1\" loading=\"lazy\" decoding=\"async\" width=\"1000\" height=\"400\" src=\"https:\/\/i0.wp.com\/www.rdpemancipation.org\/wp-content\/uploads\/2023\/11\/image-16.png?resize=1000%2C400&#038;ssl=1\" alt=\"\" class=\"wp-image-122778\" style=\"aspect-ratio:2.5;width:532px;height:auto\" srcset=\"https:\/\/i0.wp.com\/www.rdpemancipation.org\/wp-content\/uploads\/2023\/11\/image-16.png?w=1000&amp;ssl=1 1000w, https:\/\/i0.wp.com\/www.rdpemancipation.org\/wp-content\/uploads\/2023\/11\/image-16.png?resize=300%2C120&amp;ssl=1 300w, https:\/\/i0.wp.com\/www.rdpemancipation.org\/wp-content\/uploads\/2023\/11\/image-16.png?resize=768%2C307&amp;ssl=1 768w\" sizes=\"auto, (max-width: 1000px) 100vw, 1000px\" \/><\/figure>\n\n\n\n<p><a href=\"https:\/\/www.force-ouvriere.fr\/just-eat-greve-victorieuse-pour-la-defense-des-travailleurs-sans\">Just Eat&nbsp;: gr\u00e8ve victorieuse pour la d\u00e9fense des travailleurs sans-papiers<\/a> (FO)<\/p>\n\n\n\n<p><a href=\"https:\/\/basta.media\/menace-fermeture-bourse-du-travail-Aubervilliers-ville-populaire-destruction-maison-des-solidarites-bien-public\">\u00ab&nbsp;Aubervilliers, ville populaire, ne peut laisser d\u00e9truire sa maison des solidarit\u00e9s&nbsp;\u00bb<\/a> (Basta!)<\/p>\n\n\n\n<p><strong><a href=\"https:\/\/rapportsdeforce.fr\/classes-en-lutte\/la-lutte-plutot-que-lexploitation-112819775\">2 ans de combat pour les r\u00e9gularisations des Chronopost d\u2019Alfortville<\/a> (Rapports de force)<\/strong><\/p>\n\n\n\n<p><a href=\"https:\/\/www.francebleu.fr\/infos\/transports\/greve-nationale-des-aiguilleurs-du-rail-ce-samedi-1369190\">Gr\u00e8ve nationale des aiguilleurs du rail ce samedi<\/a> (ici)<\/p>\n\n\n\n<p><a href=\"https:\/\/france3-regions.francetvinfo.fr\/normandie\/calvados\/lisieux\/sanofi-annonce-se-separer-de-son-usine-de-doliprane-a-lisieux-les-salaries-en-greve-2880203.html\">Sanofi annonce se s\u00e9parer de son usine de Doliprane \u00e0 Lisieux, les salari\u00e9s en gr\u00e8ve<\/a> (Franceinfo)<\/p>\n\n\n\n<p><a href=\"https:\/\/www.centrepresseaveyron.fr\/2023\/11\/28\/aveyron-fin-de-la-greve-la-poste-un-accord-trouve-avec-les-facteurs-de-millau-apres-un-mois-de-conflit-11608691.php\">Fin de la gr\u00e8ve La Poste, un accord trouv\u00e9 avec les facteurs de Millau apr\u00e8s un mois de conflit<\/a> (Centre Presse)<\/p>\n\n\n\n<p><a href=\"https:\/\/www.placegrenet.fr\/2023\/11\/28\/en-isere-un-professeur-contractuel-entame-une-greve-illimitee-pour-etre-paye-par-leducation-nationale\/618651\">Un professeur contractuel entame une gr\u00e8ve illimit\u00e9e pour \u00eatre pay\u00e9 par l\u2019Education nationale<\/a> (Place Grenet)<\/p>\n\n\n\n<p><a href=\"https:\/\/www.leprogres.fr\/sante\/2023\/11\/29\/les-salaries-de-l-adapei-du-rhone-tirent-la-sonnette-d-alarme\">Les salari\u00e9s de l\u2019Adapei du Rh\u00f4ne tirent la sonnette d\u2019alarme<\/a> (Le Progr\u00e8s)<\/p>\n\n\n\n<p><a href=\"https:\/\/www.lamontagne.fr\/thiers-63300\/actualites\/les-agents-municipaux-de-la-ville-de-thiers-en-greve-ce-jeudi-30-novembre_14411875\/\">Les agents municipaux de la Ville de Thiers ont d\u00e9pos\u00e9 un pr\u00e9avis de gr\u00e8ve<\/a> (La Montagne)<\/p>\n\n\n\n<p><a href=\"https:\/\/www.lalsace.fr\/culture-loisirs\/2023\/11\/28\/laboratoires-b2a-25-des-salaries-en-greve\">Laboratoires B2A&nbsp;: 25&nbsp;% des salari\u00e9s en gr\u00e8ve<\/a> (L\u2019Alsace)<\/p>\n\n\n\n<p><a href=\"https:\/\/www.letelegramme.fr\/finistere\/morlaix-29600\/future-regie-de-leau-an-dour-les-agents-de-morlaix-co-en-greve-illimitee-6477556.php\">Future r\u00e9gie de l\u2019eau An Dour&nbsp;: les agents de Morlaix Co en gr\u00e8ve illimit\u00e9e<\/a> (Le T\u00e9l\u00e9gramme)<\/p>\n\n\n\n<p><strong>Monde<\/strong><\/p>\n\n\n\n<p><a href=\"https:\/\/reporterre.net\/Scandale-du-cobalt-marocain-l-Etat-allemand-va-enqueter-sur-BMW\">Scandale du cobalt <strong>marocain<\/strong>&nbsp;: lancement d\u2019une enqu\u00eate sur&nbsp;BMW<\/a> (Reporterre)<\/p>\n\n\n\n<p><a href=\"https:\/\/www.wsws.org\/fr\/articles\/2023\/11\/29\/ihwc-n29.html\">T\u00e9moignages d\u2019enseignants du <strong>Qu\u00e9bec<\/strong> en gr\u00e8ve g\u00e9n\u00e9rale illimit\u00e9e<\/a> (WSWS)<\/p>\n\n\n\n<p><a href=\"https:\/\/www.euractiv.fr\/section\/economie\/news\/les-syndicats-italiens-maintiennent-la-greve-de-decembre-suite-a-labsence-daccord-avec-le-gouvernement-sur-le-budget\/\">Les syndicats <strong>italiens<\/strong> maintiennent la gr\u00e8ve de d\u00e9cembre<\/a> (Euractiv)<\/p>\n\n\n\n<p><a href=\"https:\/\/www.msn.com\/fr-ca\/actualites\/other\/une-gr%C3%A8ve-de-sept-jours-pour-le-front-commun-dans-l-espoir-d-acc%C3%A9l%C3%A9rer-les-n%C3%A9gociations\/ar-AA1kGAd4\"><strong>Canada<\/strong> &#8211; Une gr\u00e8ve de sept jours pour le Front commun dans l\u2019espoir d\u2019acc\u00e9l\u00e9rer les n\u00e9gociations<\/a> (Radio Canada)<\/p>\n\n\n\n<p><a href=\"https:\/\/www.france24.com\/fr\/info-en-continu\/20231128-sao-paulo-capitale-%C3%A9conomique-du-br%C3%A9sil-perturb%C3%A9e-par-une-gr%C3%A8ve-des-transports\">Sao Paulo, capitale \u00e9conomique du <strong>Br\u00e9sil<\/strong>, perturb\u00e9e par une gr\u00e8ve des transports<\/a> (France 24)<\/p>\n\n\n\n<p><strong><a href=\"https:\/\/www.courrierinternational.com\/article\/austerite-en-tchequie-la-greve-la-plus-importante-depuis-trente-quatre-ans\">En Tch\u00e9quie, la \u201cgr\u00e8ve la plus importante depuis trente-quatre ans\u201d<\/a> (Courrier International)<\/strong><\/p>\n\n\n\n<p><strong><a href=\"https:\/\/www.lalibre.be\/dernieres-depeches\/2023\/11\/28\/20000-travailleurs-du-secteur-public-partent-en-greve-en-allemagne-CCVS636UHRGERE3WXXCSZZW2K4\/\">20.000 travailleurs du secteur public partent en gr\u00e8ve en Allemagne<\/a> (La Libre)<\/strong><\/p>\n\n\n\n<p><strong>Analyse<\/strong><\/p>\n\n\n\n<p><a href=\"https:\/\/www.frustrationmagazine.fr\/the-smiths\/\">\u201cHeaven Knows I\u2019m Miserable Now\u201d : Les Smiths contre le salariat<\/a> (Frustration)<\/p>\n\n\n\n<p><strong><a href=\"https:\/\/www.inegalites.fr\/L-essentiel-sur-les-discriminations-en-France\">L\u2019essentiel sur les discriminations en France<\/a> (Observatoire des in\u00e9galit\u00e9s)<\/strong><\/p>\n\n\n\n<p class=\"has-text-color\" style=\"color:#f40404\"><strong>28 novembre<\/strong><\/p>\n\n\n\n<figure class=\"wp-block-image size-full is-resized\"><img data-recalc-dims=\"1\" loading=\"lazy\" decoding=\"async\" width=\"1000\" height=\"450\" src=\"https:\/\/i0.wp.com\/www.rdpemancipation.org\/wp-content\/uploads\/2023\/11\/image-15.png?resize=1000%2C450&#038;ssl=1\" alt=\"\" class=\"wp-image-122738\" style=\"aspect-ratio:2.2222222222222223;width:453px;height:auto\" srcset=\"https:\/\/i0.wp.com\/www.rdpemancipation.org\/wp-content\/uploads\/2023\/11\/image-15.png?w=1000&amp;ssl=1 1000w, https:\/\/i0.wp.com\/www.rdpemancipation.org\/wp-content\/uploads\/2023\/11\/image-15.png?resize=300%2C135&amp;ssl=1 300w, https:\/\/i0.wp.com\/www.rdpemancipation.org\/wp-content\/uploads\/2023\/11\/image-15.png?resize=768%2C346&amp;ssl=1 768w\" sizes=\"auto, (max-width: 1000px) 100vw, 1000px\" \/><\/figure>\n\n\n\n<p><strong><a href=\"https:\/\/www.rdpemancipation.org\/wp-admin\/post.php?post=121754&amp;action=edit\">Nouvelles attaques contre les ch\u00f4meurEs<\/a> (l\u2019Anticapitaliste)<\/strong><\/p>\n\n\n\n<p><strong><a href=\"https:\/\/www.humanite.fr\/social-et-economie\/chomage\/chomage-le-gouvernement-charge-les-seniors-pour-justifier-son-echec\">Ch\u00f4mage : le gouvernement charge les seniors pour justifier son \u00e9che<\/a>c (l\u2019Humanit\u00e9)<\/strong><\/p>\n\n\n\n<p><a href=\"https:\/\/www.liberation.fr\/economie\/social\/assurance-chomage-le-gouvernement-refuse-dagreer-laccord-entre-syndicats-et-patronat-20231127_DWXUQJL44NBU3INKUFX52TGORE\/\">Assurance ch\u00f4mage&nbsp;: le gouvernement refuse d\u2019agr\u00e9er l\u2019accord entre syndicats et patronat<\/a> (Lib\u00e9ration)<\/p>\n\n\n\n<p><a href=\"https:\/\/rebellyon.info\/Face-au-manque-de-chauffage-dans-25426\">Du chauffage pours les logements&nbsp;CROUS&nbsp;! Rassemblement le 29\/11 \u00e0 20h devant le Crous de Lyon<\/a> (Rebellyon)<\/p>\n\n\n\n<p><a href=\"https:\/\/www.revolutionpermanente.fr\/Toulouse-Rassemblement-de-soutien-mardi-a-11-h-pour-Gaetan-convoque-par-la-police-pour-son-soutien\">Toulouse. Soyons nombreux ce mardi devant le commissariat en soutien \u00e0 Ga\u00ebtan, convoqu\u00e9 par la police&nbsp;!<\/a> (RP)<\/p>\n\n\n\n<p><a href=\"https:\/\/www.tahiti-infos.com\/Greve-effective-a-L-Epic-qui-gere-l-electricite-de-Moorea-Maiao_a220862.html\">Gr\u00e8ve effective \u00e0 L&rsquo;Epic qui g\u00e8re l&rsquo;\u00e9lectricit\u00e9 de Moorea-Maiao<\/a> (Tahiti Infos)<\/p>\n\n\n\n<p><a href=\"https:\/\/www.ouest-france.fr\/pays-de-la-loire\/sarthe\/sarthe-psychiatrie-appel-a-la-greve-et-rassemblement-ce-jeudi-aecb7008-8d08-11ee-8574-017bb85f3fb1\">Sarthe. Psychiatrie&nbsp;: appel \u00e0 la gr\u00e8ve et rassemblement, ce jeudi<\/a> (Ouest France)<\/p>\n\n\n\n<p><a href=\"https:\/\/www.zinfos974.com\/greve-chez-adel-bge-la-direction-repond-aux-employes-mecontents\/\">Gr\u00e8ve chez ADEL-BGE : La direction r\u00e9pond aux employ\u00e9s m\u00e9contents<\/a> (zinfos974)<\/p>\n\n\n\n<p><a href=\"https:\/\/www.ouest-france.fr\/bretagne\/saint-brieuc-22000\/un-service-de-lhopital-de-saint-brieuc-est-en-greve-depuis-plus-de-80-jours-voici-pourquoi-70bb6a80-8c99-11ee-8574-017bb85f3fb1\">Un service de l\u2019h\u00f4pital de Saint-Brieuc est en gr\u00e8ve depuis plus de 80&nbsp;jours&nbsp;: voici pourquoi<\/a> (Ouest France)<\/p>\n\n\n\n<p><a href=\"https:\/\/www.midilibre.fr\/2023\/11\/27\/ramassage-des-dechets-a-nimes-fo-appelle-a-un-mouvement-de-greve-illimitee-des-salaries-de-suez-11605804.php\">Ramassage des d\u00e9chets \u00e0 N\u00eemes M\u00e9tropole : FO appelle \u00e0 un mouvement de gr\u00e8ve illimit\u00e9e des salari\u00e9s de Suez<\/a> (Midi Libre)<\/p>\n\n\n\n<p><a href=\"https:\/\/www.magnumlaradio.com\/infos\/emploi\/crise-sociale-a-lusine-trane-dans-les-vosges-300-salaries-en-greve-depuis-4-semaines\/44951\">Crise sociale \u00e0 l\u2019usine Trans dans les Vosges : 300 salari\u00e9s en gr\u00e8ve depuis 4 semaines<\/a> (Magnum radio)<\/p>\n\n\n\n<p><a href=\"https:\/\/www.msn.com\/fr-fr\/actualite\/france\/cinq-mois-de-gr%C3%A8ve-chez-les-emma%C3%BCs-de-saint-andr%C3%A9-lez-lille-des-semaines-de-48-heures-pay%C3%A9es-180-euros\/ar-AA1kByRe\">Cinq mois de gr\u00e8ve chez les Emma\u00fcs de Saint-Andr\u00e9-lez-Lille : des semaines \u00ab de 48 heures pay\u00e9es 180 euros \u00bb<\/a> (La Parisien)<\/p>\n\n\n\n<p><a href=\"https:\/\/france3-regions.francetvinfo.fr\/centre-val-de-loire\/indre-loire\/tours\/l-hopital-brule-de-l-interieur-il-n-y-aura-bientot-plus-personne-pour-soigner-la-greve-au-chru-de-tours-se-durcit-2879954.html\">\u00ab\u00a0L&rsquo;h\u00f4pital br\u00fble de l&rsquo;int\u00e9rieur, il n&rsquo;y aura bient\u00f4t plus personne pour soigner \u00ab\u00a0, la gr\u00e8ve au CHRU de Tours se durcit<\/a> (Franceinfo)<\/p>\n\n\n\n<p><a href=\"https:\/\/www.msn.com\/fr-fr\/actualite\/other\/r%C3%A9forme-de-la-s%C3%BBret%C3%A9-nucl%C3%A9aire-l-intersyndicale-de-l-irsn-met-en-garde-contre-une-baisse-du-niveau-de-protection\/ar-AA1kCDUL\">R\u00e9forme de la s\u00fbret\u00e9 nucl\u00e9aire : l\u2019intersyndicale de l\u2019IRSN met en garde contre \u00abune baisse du niveau de protection\u00bb<\/a> (Lib\u00e9ration)<\/p>\n\n\n\n<p><a href=\"https:\/\/www.lyonmag.com\/article\/133284\/panique-au-college-aragon-a-venissieux-la-greve-reconduite\">Panique au coll\u00e8ge Aragon \u00e0 V\u00e9nissieux : la gr\u00e8ve reconduite<\/a> (Lyon Mag)<\/p>\n\n\n\n<p><a href=\"https:\/\/actu.fr\/ile-de-france\/juvisy-sur-orge_91326\/greve-chez-sncf-reseau-des-perturbations-sur-le-rer-c-et-le-rer-d-en-essonne_60386818.html\">Gr\u00e8ve chez SNCF R\u00e9seau : des perturbations sur le RER C et le RER D en Essonne<\/a> (actu)<\/p>\n\n\n\n<p><strong>Monde<\/strong><\/p>\n\n\n\n<p><a href=\"https:\/\/www.ledevoir.com\/economie\/802721\/2100-agents-bord-air-transat-dotent-mandat-greve\"><strong>Canada<\/strong> &#8211; Les agents de bord d\u2019Air Transat se dotent d\u2019un mandat de gr\u00e8ve<\/a> (Le Devoir)<\/p>\n\n\n\n<p><a href=\"https:\/\/www.zonebourse.com\/cours\/action\/KERING-4683\/actualite\/Kering-greve-chez-Gucci-craintes-pour-les-emplois-du-pole-creatif-45443378\/\"><strong>Italie<\/strong> &#8211; Kering: gr\u00e8ve chez Gucci, craintes pour les emplois du p\u00f4le cr\u00e9atif <\/a>(Zonebourse)<\/p>\n\n\n\n<p><a href=\"https:\/\/www.zonebourse.com\/cours\/action\/TESLA-INC-6344549\/actualite\/Tesla-poursuit-la-Suede-pour-blocage-des-plaques-d-immatriculation-en-raison-d-une-greve-45443709\/\">Tesla poursuit la <strong>Su\u00e8de<\/strong> pour blocage des plaques d&rsquo;immatriculation en raison d&rsquo;une gr\u00e8ve<\/a> (Zonebourse)<\/p>\n\n\n\n<p><a href=\"https:\/\/www.journalducameroun.com\/cameroun-les-enseignants-maintiennent-la-greve-malgre-le-paiement-annonce-de-96-milliards\/\"><strong>Cameroun<\/strong> : les enseignants maintiennent la gr\u00e8ve malgr\u00e9 le paiement annonc\u00e9 de 96 milliards<\/a> (Journal du Cameroun)<\/p>\n\n\n\n<p><strong><a href=\"https:\/\/www.jeuneafrique.com\/1507965\/politique\/au-maroc-pourquoi-la-greve-des-enseignants-nen-finit-pas\/\">Au Maroc, pourquoi la gr\u00e8ve des enseignants n\u2019en&nbsp;finit pas<\/a> (Jeune Afrique)<\/strong><\/p>\n\n\n\n<p><a href=\"https:\/\/www.telesatellite.com\/actu\/63714-amazon-les-travailleurs-ont-declenche-leur-vendredi-noir.html\"><strong>Amazon<\/strong> : les travailleurs ont d\u00e9clench\u00e9 leur \u00ab vendredi noir \u00bb<\/a> (T\u00e9l\u00e9 satellite)<\/p>\n\n\n\n<p><a href=\"https:\/\/www.msn.com\/fr-ca\/actualites\/other\/la-fae-en-gr%C3%A8ve-esp%C3%A8re-des-progr%C3%A8s-cette-semaine\/ar-AA1kByhg\"><strong>Canada<\/strong> &#8211; la FAE esp\u00e8re des \u00ab progr\u00e8s \u00bb, Drainville se dit inquiet pour la suite<\/a> (Radio Canada)<\/p>\n\n\n\n<p><a href=\"https:\/\/www.lessentiel.lu\/fr\/story\/la-greve-chez-ampacet-durera-le-temps-quil-faudra-973737804606\"><strong>Luxembourg<\/strong> &#8211; La gr\u00e8ve chez Ampacet \u00abdurera le temps qu\u2019il&nbsp;faudra\u00bb<\/a> (L\u2019essentiel)<\/p>\n\n\n\n<p><strong>Analyse<\/strong><\/p>\n\n\n\n<p><strong><a href=\"https:\/\/bellaciao.org\/Angle-d-ATTAC-De-quoi-avons-nous-vraiment-besoin\">Angle d\u2019ATTAC&nbsp;: De quoi avons-nous vraiment besoin&nbsp;?<\/a> (Bellaciao)<\/strong><\/p>\n\n\n\n<p><a href=\"https:\/\/lundi.am\/Du-Fric-ou-on-vous-tue\">\u201cDu fric ou on vous tue !\u201d<\/a> (Lundimatin)<\/p>\n\n\n\n<p><strong><a href=\"https:\/\/www.humanite.fr\/social-et-economie\/chomage\/la-fallacieuse-promesse-du-plein-emploi-facon-macron\">La fallacieuse promesse du \u00ab&nbsp;plein-emploi&nbsp;\u00bb fa\u00e7on Macron<\/a> (l\u2019Humanit\u00e9)<\/strong><\/p>\n\n\n\n<p><a href=\"https:\/\/reporterre.net\/Les-lecons-ecologiques-des-Gilets-jaunes\">Gilets jaunes, anti-\u00e9colos&nbsp;? Une \u00e9tude d\u00e9montre le contraire<\/a> (Reporterre)<\/p>\n\n\n\n<p class=\"has-text-color\" style=\"color:#f40505\"><strong>27 novembre<\/strong><\/p>\n\n\n\n<p><strong><a href=\"https:\/\/www.humanite.fr\/social-et-economie\/aviation-civile\/une-erreur-decriture-le-gouvernement-renonce-a-mettre-linspection-du-travail-sous-la-tutelle-de-laviation\">\u00ab Une erreur d&rsquo;\u00e9criture \u00bb : le gouvernement renonce \u00e0 mettre l&rsquo;inspection du travail sous la tutelle de l&rsquo;aviation<\/a> (l\u2019Humanit\u00e9)<\/strong><\/p>\n\n\n\n<p><a href=\"https:\/\/www.force-ouvriere.fr\/recipharm-monts-37-les-salaries-refusent-la-fermeture-de-l-usine\">Recipharm Monts (37)&nbsp;: les salari\u00e9s refusent la fermeture de l\u2019usine&nbsp;!<\/a> (FO)<\/p>\n\n\n\n<p><a href=\"https:\/\/www.force-ouvriere.fr\/centre-pompidou-la-greve-se-durcit-encore-le\">Centre Pompidou&nbsp;: la gr\u00e8ve se durcit encore <\/a>(FO)<\/p>\n\n\n\n<p><strong><a href=\"https:\/\/www.force-ouvriere.fr\/en-2022-le-salaire-net-moyen-a-baisse-de-1-dans-le-secteur-prive\">En 2022, le salaire net moyen a baiss\u00e9 de 1&nbsp;% dans le secteur priv\u00e9<\/a> (FO)<\/strong><\/p>\n\n\n\n<p><a href=\"https:\/\/www.blast-info.fr\/articles\/2023\/versailles-la-levee-de-fourches-des-jardiniers-qvTxP5JHSqqVTWp5b1mGXQ\">Versailles&nbsp;: la lev\u00e9e de fourches des jardiniers<\/a> (Blast)<\/p>\n\n\n\n<p><a href=\"https:\/\/lanticapitaliste.org\/actualite\/entreprises\/pour-les-salaires-la-sncf-il-faudra-la-greve\">Pour les salaires, \u00e0 la SNCF il faudra la gr\u00e8ve\u2009!<\/a> (l\u2019Anticapitaliste)<\/p>\n\n\n\n<p><a href=\"https:\/\/www.francebleu.fr\/infos\/sante-sciences\/urgences-cardiologie-psychiatrie-d-autres-services-en-greve-au-chu-de-tours-un-dialogue-social-en-panne-2688810\">Urgences, cardiologie, psychiatrie, d&rsquo;autres services en gr\u00e8ve au CHU de Tours&nbsp;: un dialogue social en panne&nbsp;?<\/a> (Ici)<\/p>\n\n\n\n<p><a href=\"https:\/\/www.francebleu.fr\/infos\/economie-social\/greve-chez-sanofi-a-lisieux-ce-mardi-les-salaries-face-a-un-avenir-incertain-8108995\">Gr\u00e8ve chez Sanofi \u00e0 Lisieux ce mardi&nbsp;: les salari\u00e9s face \u00e0 un avenir incertain<\/a> (ici)<\/p>\n\n\n\n<p><a href=\"https:\/\/www.ladepeche.fr\/2023\/11\/26\/toulouse-la-mairie-prete-a-negocier-sur-certains-points-avec-les-gardiens-de-parcs-et-jardins-en-greve-11595648.php\">Toulouse\u2005: la mairie pr\u00eate \u00e0 n\u00e9gocier sur \u00ab\u00a0certains points\u00a0\u00bb avec les gardiens de parcs et jardins en gr\u00e8ve<\/a> (La D\u00e9p\u00eache)<\/p>\n\n\n\n<p><a href=\"https:\/\/solidaires.org\/connaitre-ses-droits\/solidaires-fp\/les-preavis-de-greve\/preavis-de-greve-decembre-2023\/\">Pr\u00e9avis de gr\u00e8ve &#8211; d\u00e9cembre 2023<\/a> (Solidaires)<\/p>\n\n\n\n<p><a href=\"https:\/\/www.ouest-france.fr\/pays-de-la-loire\/nantes-44000\/la-boutique-habitat-menacee-de-fermeture-a-nantes-af5e8de8-8c3b-11ee-8574-017bb85f3fb1\">La boutique Habitat menac\u00e9e de fermeture \u00e0 Nantes<\/a> (Ouest France)<\/p>\n\n\n\n<p><strong>Monde<\/strong><\/p>\n\n\n\n<p><a href=\"https:\/\/www.lessentiel.lu\/fr\/story\/la-greve-demarre-ce-lundi-matin-chez-ampacet-778567800887\"><strong>Luxembourg<\/strong> &#8211; La gr\u00e8ve d\u00e9marre ce lundi matin chez Ampacet<\/a> (L\u2019essentiel)<\/p>\n\n\n\n<p><strong><a href=\"https:\/\/www.msn.com\/fr-fr\/actualite\/monde\/gabon-des-pr%C3%A9avis-de-gr%C3%A8ve-d%C3%A9pos%C3%A9s-aupr%C3%A8s-de-plusieurs-compagnies-du-secteur-p%C3%A9trolier\/ar-AA1kzuYv\">Gabon: des pr\u00e9avis de gr\u00e8ve d\u00e9pos\u00e9s aupr\u00e8s de plusieurs compagnies du secteur p\u00e9trolier<\/a> (RFI)<\/strong><\/p>\n\n\n\n<p><a href=\"https:\/\/www.lapresse.ca\/actualites\/2023-11-26\/la-fae-en-greve-generale-illimitee\/des-centaines-de-grevistes-manifestent-devant-radio-canada.php\">La FAE en gr\u00e8ve g\u00e9n\u00e9rale illimit\u00e9e&nbsp;Des centaines de gr\u00e9vistes manifestent devant Radio-<strong>Canada<\/strong><\/a> (La Presse)<\/p>\n\n\n\n<p><a href=\"https:\/\/www.237online.com\/matgenie-paralysee-par-une-greve-generale-pour-denoncer-24-mois-darrieres-de-salaires\/\"><strong>Cameroun<\/strong> &#8211; MATGENIE paralys\u00e9e par une gr\u00e8ve g\u00e9n\u00e9rale pour d\u00e9noncer 24 mois d\u2019arri\u00e9r\u00e9s de salaires<\/a> (237online)<\/p>\n\n\n\n<p><a href=\"https:\/\/www.zonebourse.com\/actualite-bourse\/Greve-dans-les-centrales-energetiques-Shell-de-Mossmorran-et-St-Fergus-45439338\/\"><strong>Grande Bretagne<\/strong> &#8211; Gr\u00e8ve dans les centrales \u00e9nerg\u00e9tiques Shell de Mossmorran et St Fergus<\/a> (Zonebourse)<\/p>\n\n\n\n<p><strong>Analyse<\/strong><\/p>\n\n\n\n<p><a href=\"https:\/\/www.revolutionpermanente.fr\/Pour-une-ecologie-de-la-classe-ouvriere-avec-Paul-Guillibert\">Pour une \u00e9cologie de la classe ouvri\u00e8re avec Paul Guillibert<\/a> (RP)<\/p>\n\n\n\n<p><strong><a href=\"https:\/\/basta.media\/Le-combat-d-un-village-contre-le-sabotage-de-la-planete-ecologie-ruralite\">Le combat d\u2019un village contre le \u00ab&nbsp;sabotage de la plan\u00e8te&nbsp;\u00bb<\/a>&nbsp;(Basta!)<\/strong><\/p>\n\n\n\n<p><strong><a href=\"https:\/\/reporterre.net\/Conquete-spaciale-ville-intelligente-L-imaginaire-a-ete-recupere-par-les-dominants\">Conqu\u00eate de mars, ville intelligente&nbsp;: \u00ab&nbsp;L\u2019imaginaire a \u00e9t\u00e9 r\u00e9cup\u00e9r\u00e9 par les dominants&nbsp;\u00bb<\/a> (Reporterre)<\/strong><\/p>\n\n\n\n<p><a href=\"https:\/\/theconversation.com\/comment-les-jeunes-sengagent-218165\">Comment les jeunes&nbsp;s\u2019engagent<\/a> (The conversation)<\/p>\n\n\n\n<p class=\"has-text-color\" style=\"color:#fa0606\"><strong>24 novembre<\/strong><\/p>\n\n\n\n<p><a href=\"https:\/\/paris-luttes.info\/manifestation-contre-les-violences-17601\">Manifestation contre les violences de genre, sociales et d\u2019Etat<\/a> (Paris-Luttes info)<\/p>\n\n\n\n<p><a href=\"https:\/\/lepoing.net\/elections-universitaire-le-scum-devient-premier-syndicat-etudiant-a-luniversite-de-monptellier2\/\">\u00c9lections universitaires : le SCUM devient premier syndicat \u00e9tudiant \u00e0 l\u2019Universit\u00e9 de Monptellie<\/a>r (Le Poing)<\/p>\n\n\n\n<p><a href=\"https:\/\/www.revolutionpermanente.fr\/Roissy-Transdev-met-a-pied-un-syndicaliste-et-menace-de-licencier-le-secretaire-de-l-UL-CGT\">Roissy. Transdev met \u00e0 pied un syndicaliste et menace de licencier le secr\u00e9taire de l\u2019UL CGT&nbsp;: solidarit\u00e9&nbsp;!<\/a> (RP)<\/p>\n\n\n\n<p><a href=\"https:\/\/www.revolutionpermanente.fr\/Gazage-tabassage-caisse-de-greve-volee-La-police-reprime-les-grevistes-d-Emmaus-de-la-Halte-Saint\">Gazage, tabassage, caisse de gr\u00e8ve vol\u00e9e\u2026 La police r\u00e9prime les gr\u00e9vistes d\u2019Emma\u00fcs de la Halte-Saint-Jean <\/a>(RP)<\/p>\n\n\n\n<p><strong><a href=\"https:\/\/www.humanite.fr\/social-et-economie\/clement-beaune\/transport-aerien-pilotes-et-stewards-unis-contre-limpuissance-de-linspection-du-travail\">Transport a\u00e9rien : pilotes et stewards unis contre \u00ab&nbsp;l&rsquo;impuissance&nbsp;\u00bb de l&rsquo;inspection du travail<\/a>&nbsp;(l\u2019Humanit\u00e9)<\/strong><\/p>\n\n\n\n<p><a href=\"https:\/\/www.force-ouvriere.fr\/lycees-agricoles-mobilisation-contre-la-baisse-des-remunerations\">Lyc\u00e9es agricoles&nbsp;: mobilisation contre la baisse des r\u00e9mun\u00e9rations des enseignants<\/a> (FO)<\/p>\n\n\n\n<p><a href=\"https:\/\/actu.fr\/ile-de-france\/orly_94054\/aeroport-d-orly-les-syndicats-appellent-a-la-greve-mardi_60372466.html\">A\u00e9roport d&rsquo;Orly : les syndicats appellent \u00e0 la gr\u00e8ve mardi<\/a> (actu)<\/p>\n\n\n\n<p><a href=\"https:\/\/www.ladepeche.fr\/2023\/11\/23\/greve-et-inquietude-au-magasin-habitat-de-toulouse-11598565.php\">Gr\u00e8ve et inqui\u00e9tude au magasin Habitat de Toulouse<\/a> (La D\u00e9p\u00eache)<\/p>\n\n\n\n<p><strong>Monde<\/strong><\/p>\n\n\n\n<p><a href=\"https:\/\/www.msn.com\/fr-ca\/actualites\/quebec-canada\/des-syndicats-repr%C3%A9sentant-570-000-travailleurs-du-secteur-public-en-gr%C3%A8ve\/ar-AA1kpgHk\"><strong>Canada<\/strong> &#8211; Legault pr\u00eat \u00e0 bonifier son offre; 570 000 travailleurs du secteur public en gr\u00e8ve<\/a> (La Presse Canadienne)<\/p>\n\n\n\n<p><a href=\"https:\/\/www.lalibre.be\/dernieres-depeches\/2023\/11\/23\/greve-sur-le-rail-la-csc-transcom-demande-lintervention-dun-conciliateur-social-HWXE5USQPFFRRAME5L2Q4QYW7E\/\"><strong>Belgique<\/strong> &#8211; Gr\u00e8ve sur le rail &#8211; La CSC-Transcom demande l&rsquo;intervention d&rsquo;un conciliateur social<\/a> (La Libre)<\/p>\n\n\n\n<p><strong><a href=\"https:\/\/www.zonebourse.com\/actualite-bourse\/Le-syndicat-allemand-Verdi-appelle-a-la-greve-chez-Amazon-pour-le-Black-Friday-45427868\/\">Le syndicat allemand Verdi appelle \u00e0 la gr\u00e8ve chez Amazon pour le Black Friday<\/a> (Zonebourse)<\/strong><\/p>\n\n\n\n<p><a href=\"https:\/\/www.msn.com\/fr-fr\/actualite\/insolite\/gr%C3%A8ve-tesla-en-su%C3%A8de-un-mouvement-interprofessionnel-in%C3%A9dit-pour-soutenir-les-salari%C3%A9s\/ar-AA1kpADE\">Gr\u00e8ve Tesla en <strong>Su\u00e8de<\/strong> : un mouvement interprofessionnel in\u00e9dit pour soutenir les salari\u00e9s<\/a> (Le Parisien)<\/p>\n\n\n\n<p><strong>Analyse<\/strong><\/p>\n\n\n\n<p><strong><a href=\"https:\/\/www.youtube.com\/watch?v=0XzD5qgD9aM&amp;ab_channel=BLAST%2CLesouffledel%27info\">Crise de l\u2019eau, expulsions : 24h en \u201csous France\u201d \u00e0 Mayotte (vid\u00e9o)<\/a> (Blast)<\/strong><\/p>\n\n\n\n<p><strong><a href=\"https:\/\/france.attac.org\/nos-publications\/notes-et-rapports\/article\/note-black-friday-un-vendredi-noir-pour-l-ecologie-la-justice-sociale-et\">Black-Friday&nbsp;: un \u00ab&nbsp;vendredi noir&nbsp;\u00bb pour l\u2019\u00e9cologie, la justice sociale et fiscale<\/a> (Attac)<\/strong><\/p>\n\n\n\n<p><strong><a href=\"https:\/\/www.frustrationmagazine.fr\/crepol-faut-il-nier-linsecurite\/\">Cr\u00e9pol : faut-il nier l\u2019ins\u00e9curit\u00e9 ?<\/a> (Frustration)<\/strong><\/p>\n\n\n\n<p class=\"has-text-color\" style=\"color:#f60707\"><strong>23 novembre<\/strong><\/p>\n\n\n\n<p><strong><a href=\"https:\/\/www.inegalites.fr\/evolution_pauvrete_annuelle\">La pauvret\u00e9 en hausse<\/a> (Observatoire des in\u00e9galit\u00e9s)<\/strong><\/p>\n\n\n\n<p><a href=\"https:\/\/www.humanite.fr\/social-et-economie\/sante\/a-lime-de-marquefave-une-greve-illimitee-pour-denoncer-des-conditions-de-travail-degradees\">\u00c0 l\u2019IME de Marquefave, une gr\u00e8ve illimit\u00e9e pour d\u00e9noncer des conditions de travail d\u00e9grad\u00e9es<\/a> (l\u2019Humanit\u00e9)<\/p>\n\n\n\n<p><a href=\"https:\/\/www.la-croix.com\/Loire-Atlantique-greve-usine-engrais-Yara-contre-plan-139-licenciements-2023-11-22-1301291818\">Loire-Atlantique: gr\u00e8ve \u00e0 l&rsquo;usine d&rsquo;engrais Yara contre le plan de 139 licenciements<\/a> (La Croix)<\/p>\n\n\n\n<p><a href=\"https:\/\/www.lanouvellerepublique.fr\/chatellerault\/greve-dans-la-fonction-publique-perturbations-dans-les-ecoles-de-chatellerault-jeudi-23-novembre\">Gr\u00e8ve Fonction publique&nbsp;: perturbations dans les \u00e9coles de Ch\u00e2tellerault jeudi 23&nbsp;novembre<\/a> (La N. R\u00e9publique)<\/p>\n\n\n\n<p><a href=\"https:\/\/www.francebleu.fr\/infos\/economie-social\/dockers-et-portuaires-sont-appeles-a-24-heures-de-greve-ce-jeudi-au-port-du-havre-4552182\">Dockers et portuaires sont appel\u00e9s \u00e0 24 heures de gr\u00e8ve ce jeudi au port du Havre<\/a> (ici)<\/p>\n\n\n\n<p><a href=\"https:\/\/actu.fr\/ile-de-france\/versailles_78646\/versailles-les-personnels-de-la-petite-enfance-se-mettent-en-greve_60365171.html\">Versailles : les personnels de la petite enfance se mettent en gr\u00e8ve<\/a> (78actu)<\/p>\n\n\n\n<p><a href=\"https:\/\/www.centre-presse.fr\/article-883655-france-poitou-charentes-les-raisons-de-la-colere-et-de-la-greve.html\">France&nbsp;3 Poitou-Charentes&nbsp;: les raisons de la col\u00e8re et de la gr\u00e8ve<\/a> (Centre Presse)<\/p>\n\n\n\n<p><a href=\"https:\/\/www.midilibre.fr\/2023\/11\/22\/70e-jour-de-greve-pour-les-salaries-donet-employes-au-chu-de-montpellier-11596554.php\">70e jour de gr\u00e8ve pour les salari\u00e9s d&rsquo;Onet employ\u00e9s au CHU de Montpellier<\/a> (Midi libre)<\/p>\n\n\n\n<p><a href=\"https:\/\/la1ere.francetvinfo.fr\/martinique\/traitement-des-dechets-en-martinique-les-salaries-du-smtvd-en-sont-a-leur-2e-jour-de-greve-1445435.html\">Traitement des d\u00e9chets en Martinique : les salari\u00e9s du SMTVD en sont \u00e0 leur 2e jour de gr\u00e8ve <\/a>(Franceinfo)<\/p>\n\n\n\n<p><a href=\"https:\/\/caen.maville.com\/actu\/actudet_-a-l-hopital-robert-bisson-de-lisieux-le-syndicat-force-ouvriere-lance-un-preavis-de-greve-_fil-6041635_actu.Htm\">\u00c0 l\u2019h\u00f4pital Robert-Bisson de Lisieux, le syndicat Force ouvri\u00e8re lance un&nbsp;pr\u00e9avis de gr\u00e8ve<\/a>&nbsp; (Ouest France)<\/p>\n\n\n\n<p><a href=\"https:\/\/www.lavoixdunord.fr\/1399823\/article\/2023-11-22\/samer-apres-huit-jours-de-conflit-fin-du-mouvement-de-greve-chez-specitubes\">Samer: apr\u00e8s huit jours de conflit, fin du mouvement de gr\u00e8ve chez Sp\u00e9citubes<\/a> (La Voix du Nord)<\/p>\n\n\n\n<p><strong>Monde<\/strong><\/p>\n\n\n\n<p><a href=\"https:\/\/alencontre.org\/ameriques\/americnord\/usa\/etats-unis-apres-quatre-decennies-de-defaites-le-retour-de-luttes-syndicales-victorieuses.html\"><strong>Etats-Unis<\/strong>. Apr\u00e8s quatre d\u00e9cennies de d\u00e9faites, le retour de luttes syndicales victorieuses<\/a> (A l\u2019encontre)<\/p>\n\n\n\n<p><a href=\"https:\/\/www.revue-ballast.fr\/a-diyarbakir-un-village-perdu-dans-la-ville\/\">\u00c0 <strong>Diyarbak\u0131r<\/strong>&nbsp;: un village perdu dans la&nbsp;ville<\/a> (Ballast)<\/p>\n\n\n\n<p><strong><a href=\"https:\/\/www.revolutionpermanente.fr\/Italie-Des-milliers-de-travailleurs-en-greve-contre-la-politique-austeritaire-de-Meloni\">Italie. Des milliers de travailleurs en gr\u00e8ve contre la politique aust\u00e9ritaire de Meloni<\/a> (RP)<\/strong><\/p>\n\n\n\n<p><a href=\"https:\/\/www.msn.com\/fr-ca\/actualites\/other\/une-loi-sp%C3%A9ciale-for%C3%A7ant-le-retour-au-travail-des-employ%C3%A9s-de-l-%C3%A9tat-point-elle-%C3%A0-l-horizon\/ar-AA1knYbD\"><strong>Canada<\/strong> &#8211; Une loi sp\u00e9ciale for\u00e7ant le retour au travail des employ\u00e9s de l\u2019\u00c9tat point-elle \u00e0 l\u2019horizon?<\/a> (Le devoir)<\/p>\n\n\n\n<p><a href=\"https:\/\/www.liberation.fr\/international\/europe\/en-suede-la-production-tesla-a-larret-en-raison-dun-mouvement-de-greve-interprofessionnel-historique-20231122_2I3B6HKBQNFJXL22VKKLL3B7CA\/\">En <strong>Su\u00e8de<\/strong>, les services Tesla \u00e0 l\u2019arr\u00eat en raison d\u2019un mouvement de gr\u00e8ve interprofessionnel historique<\/a> (Lib\u00e9ration)<\/p>\n\n\n\n<p><a href=\"https:\/\/www.zonebourse.com\/cours\/future\/FEEDER-CATTLE-FUTURE-GF-C-4373646\/actualite\/Les-employes-de-Macy-s-de-l-Etat-de-Washington-en-greve-pendant-trois-jours-a-partir-du-vendredi-45422123\/\">Les employ\u00e9s de Macy&rsquo;s de l&rsquo;\u00c9tat de <strong>Washington<\/strong> en gr\u00e8ve pendant trois jours \u00e0 partir du vendredi noir<\/a> (Zonebourse)<\/p>\n\n\n\n<p><strong><a href=\"https:\/\/www.tvanouvelles.ca\/2023\/11\/22\/greve-du-front-commun-des-manifestants-forment-une-chaine-humaine-a-sherbrooke\">Canada &#8211;&nbsp; du Front commun: des manifestants forment une cha\u00eene humaine \u00e0 Sherbrooke<\/a> (TVA Nouvelles)<\/strong><\/p>\n\n\n\n<p><a href=\"https:\/\/www.lavenir.net\/actu\/belgique\/2023\/11\/22\/preavis-de-greve-pour-les-pilotes-de-brussels-airlines-des-actions-possibles-des-le-11-decembre-SQI5MZD7GNHJDARTYXAMBFTZSY\/\">Pr\u00e9avis de gr\u00e8ve pour les pilotes de <strong>Brussels<\/strong> Airlines, des actions possibles d\u00e8s le 11&nbsp;d\u00e9cembre<\/a> (L\u2019avenir)<\/p>\n\n\n\n<p><strong>Analyse<\/strong><\/p>\n\n\n\n<p><strong><a href=\"https:\/\/www.youtube.com\/watch?v=ZQ8hNH3OOrE&amp;ab_channel=BLAST%2CLesouffledel%27info\">RSA : E. Macron d\u00e9clare la guerre aux pauvres (vid\u00e9o) <\/a>(Blast)<\/strong><\/p>\n\n\n\n<p><strong><a href=\"https:\/\/www.humanite.fr\/social-et-economie\/droits-des-handicapes\/loi-plein-emploi-le-gouvernement-veut-mettre-les-travailleurs-handicapes-au-boulot-coute-que-coute\">Loi plein-emploi&nbsp;: le gouvernement veut mettre les travailleurs handicap\u00e9s au boulot co\u00fbte que co\u00fbte<\/a> (l\u2019Humanit\u00e9)<\/strong><\/p>\n\n\n\n<p><a href=\"https:\/\/rapportsdeforce.fr\/classes-en-lutte\/je-suis-sous-anxiolytiques-je-ne-dors-pas-la-nuit-salaries-en-crise-a-forum-refugies-association-gestionnaire-de-letat-112219702\">\u00ab Je suis sous anxiolytiques, je ne dors pas la nuit \u00bb : salari\u00e9s en crise \u00e0 Forum R\u00e9fugi\u00e9s<\/a> (Rapports de force)<\/p>\n\n\n\n<p class=\"has-text-color\" style=\"color:#f60202\"><strong>22 novembre<\/strong><\/p>\n\n\n\n<p><strong><a href=\"https:\/\/france.attac.org\/actus-et-medias\/salle-de-presse\/article\/black-friday-les-24-et-25-novembre-mettons-amazon-hors-service\">Black Friday&nbsp;: les 24 et 25 novembre, mettons Amazon hors-service&nbsp;!<\/a> (Attac)<\/strong><\/p>\n\n\n\n<p><strong><a href=\"https:\/\/www.revolutionpermanente.fr\/Justice-patronale-les-syndicats-de-Tisseo-condamnes-a-15-000-euros-d-amende-pour-faits-de-greve\">Justice patronale&nbsp;: les syndicats de Tiss\u00e9o condamn\u00e9s \u00e0 15.000 euros d\u2019amende pour faits de gr\u00e8ve<\/a> (RP)<\/strong><\/p>\n\n\n\n<p><strong><a href=\"https:\/\/www.humanite.fr\/social-et-economie\/bordeaux\/ce-ne-sont-pas-des-criminels-au-proces-de-militants-cgt-a-bordeaux-800-personnes-sont-venues-soutenir-ces-robins-des-bois\">\u00ab&nbsp;Ce ne sont pas des criminels&nbsp;\u00bb : au proc\u00e8s de militants CGT \u00e0 Bordeaux, 800 personnes sont venues soutenir ces Robins des bois<\/a> (l\u2019Humanit\u00e9)<\/strong><\/p>\n\n\n\n<p><a href=\"https:\/\/www.force-ouvriere.fr\/a-la-poste-de-sarlat-les-grevistes-font-entendre-raison-a-la\">\u00c0 La Poste de Sarlat, les gr\u00e9vistes font entendre raison \u00e0 la direction&nbsp;!<\/a> (FO)<\/p>\n\n\n\n<p><a href=\"https:\/\/www.rue89strasbourg.com\/treve-hivernale-squat-sarlat-evacue-mercredi-285694\">Malgr\u00e9 la tr\u00eave hivernale, le squat Sarlat sera enti\u00e8rement \u00e9vacu\u00e9 mercredi<\/a> (Rue 89)<\/p>\n\n\n\n<p><a href=\"https:\/\/www.francebleu.fr\/infos\/economie-social\/les-fonctionnaires-de-cherbourg-en-cotentin-denoncent-la-degradation-de-leurs-conditions-de-travail-5884915\">Les fonctionnaires de Cherbourg-en-Cotentin d\u00e9noncent la d\u00e9gradation de leurs conditions de travai<\/a>l (ici)<\/p>\n\n\n\n<p><a href=\"https:\/\/actu.fr\/occitanie\/albi_81004\/greve-et-rassemblement-des-enseignants-dans-le-tarn-apres-un-stylo-lance_60360605.html\">Gr\u00e8ve et rassemblement des enseignants dans le Tarn apr\u00e8s un stylo lanc\u00e9<\/a> (actu)<\/p>\n\n\n\n<p><a href=\"https:\/\/www.lanouvellerepublique.fr\/poitiers\/poitiers-la-communaute-educative-du-college-jean-moulin-en-greve\">Poitiers&nbsp;: la communaut\u00e9 \u00e9ducative du coll\u00e8ge Jean-Moulin en gr\u00e8ve<\/a> (La Nouvelle R\u00e9publique)<\/p>\n\n\n\n<p><a href=\"https:\/\/www.lavoixdunord.fr\/1399315\/article\/2023-11-21\/armentieres-les-livreurs-uber-eats-appellent-aussi-la-greve-debut-decembre\">Armenti\u00e8res : les livreurs Uber Eats appellent aussi \u00e0 la gr\u00e8ve d\u00e9but d\u00e9cembre<\/a> (La Voix du Nord)<\/p>\n\n\n\n<p><a href=\"https:\/\/www.francebleu.fr\/infos\/economie-social\/au-vaisseau-le-centre-de-culture-scientifique-de-strasbourg-les-salaries-appeles-a-faire-greve-6456120\">Au Vaisseau, le centre de culture scientifique de Strasbourg, les salari\u00e9s appel\u00e9s \u00e0 faire gr\u00e8ve<\/a> (ici)<\/p>\n\n\n\n<p><a href=\"https:\/\/www.ouest-france.fr\/pays-de-la-loire\/montoir-de-bretagne-44550\/montoir-de-bretagne-les-salaries-de-lusine-dengrais-yara-en-greve-28911236-8853-11ee-a92a-0b4bc05f91ae\">Montoir-de-Bretagne. Les salari\u00e9s de l\u2019usine d\u2019engrais Yara en gr\u00e8ve<\/a> (Ouest-France)<\/p>\n\n\n\n<p><a href=\"https:\/\/france3-regions.francetvinfo.fr\/paris-ile-de-france\/paris\/greve-au-centre-pompidou-les-personnels-de-la-bibliotheque-du-musee-rejoignent-le-mouvement-2876807.html\">Gr\u00e8ve au Centre Pompidou&nbsp;: les personnels de la biblioth\u00e8que du mus\u00e9e rejoignent le mouvement<\/a> (Franceinfo)<\/p>\n\n\n\n<p><a href=\"https:\/\/www.tahiti-infos.com\/Preavis-de-greve-a-l-Epic-l-organisme-qui-gere-l-electricite-de-la-commune-de-Moorea-Maiao_a220752.html\">Pr\u00e9avis de gr\u00e8ve \u00e0 l&rsquo;\u00c9pic, l&rsquo;organisme qui g\u00e8re l&rsquo;\u00e9lectricit\u00e9 de la commune de Moorea-Maiao <\/a>(Tahiti Infos)<\/p>\n\n\n\n<p><a href=\"https:\/\/quimper.maville.com\/actu\/actudet_-quimperle.-preavis-de-greve-a-l-hopital-lundi-27-_dep-6039806_actu.Htm\">Quimperl\u00e9. Pr\u00e9avis de gr\u00e8ve \u00e0 l\u2019h\u00f4pital lundi&nbsp;27<\/a>&nbsp;(Ouest France)<\/p>\n\n\n\n<p><a href=\"https:\/\/www.ledauphine.com\/social\/2023\/11\/21\/annonay-le-personnel-des-ehpad-du-grand-cedre-et-du-clos-des-vignes-en-greve\">Annonay : le personnel des Ehpad du Grand C\u00e8dre et du Clos des vignes en gr\u00e8ve<\/a> (Le Dauphin\u00e9)<\/p>\n\n\n\n<p><a href=\"https:\/\/www.letelegramme.fr\/morbihan\/lorient-56100\/hopital-du-scorff-a-lorient-un-preavis-de-greve-ce-lundi-27-novembre-6472816.php\">H\u00f4pital du Scorff \u00e0 Lorient&nbsp;: un pr\u00e9avis de gr\u00e8ve ce lundi 27&nbsp;novembre<\/a> (Le T\u00e9l\u00e9gramme)<\/p>\n\n\n\n<p><a href=\"v\">Apr\u00e8s plus d&rsquo;un mois de gr\u00e8ve, les facteurs de Millau n\u00e9gocient toujours avec leur direction<\/a> (Centre Presse)<\/p>\n\n\n\n<p><a href=\"https:\/\/www.charentelibre.fr\/charente\/chasseneuil-sur-bonnieure\/chasseneuil-sur-bonnieure-les-19-salaries-de-limousin-aide-a-domicile-en-greve-ce-mardi-matin-17541572.php\">Chasseneuil)sur-Bonnieure : Les 19 salari\u00e9s de Limousin aide \u00e0 domicile en gr\u00e8ve ce mardi matin<\/a> (Charente Libre)<\/p>\n\n\n\n<p><strong>Monde<\/strong><\/p>\n\n\n\n<p><strong><a href=\"https:\/\/www.yenisafak.com\/fr\/international\/greve-massive-des-fonctionnaires-au-quebec-16243\">Gr\u00e8ve massive des fonctionnaires au Qu\u00e9bec<\/a> (Yeni Safak)<\/strong><\/p>\n\n\n\n<p><a href=\"https:\/\/directinfo.webmanagercenter.com\/2023\/11\/21\/sfax-lugtt-appelle-a-une-greve-generale-en-soutien-aux-syndicalistes-arretes\/\"><strong>Sfax<\/strong>&nbsp;: l\u2019UGTT appelle \u00e0 une gr\u00e8ve g\u00e9n\u00e9rale en soutien aux syndicalistes arr\u00eat\u00e9s<\/a> (Directinfo<\/p>\n\n\n\n<p><strong>Analyse<\/strong><\/p>\n\n\n\n<p><strong><a href=\"https:\/\/www.frustrationmagazine.fr\/aide-medicale-etat\/\">5 faits contre la suppression de l\u2019Aide M\u00e9dicale d\u2019\u00c9tat&nbsp;(AME)<\/a> (Frustration)<\/strong><\/p>\n\n\n\n<p><a href=\"https:\/\/www.nonfiction.fr\/article-11876-negociation-dentreprise-entretien-avec-b-giraud-et-c-signoretto.htm\">N\u00e9gociation d&rsquo;entreprise : entretien avec B. Giraud et C. Signoretto<\/a> (Nonfiction)<\/p>\n\n\n\n<p class=\"has-text-color\" style=\"color:#f90707\"><strong>21 novembre<\/strong><\/p>\n\n\n\n<p><strong><a href=\"https:\/\/www.humanite.fr\/politique\/aviation\/controleurs-aeriens-une-greve-pour-defendre-le-droit-de-greve\">Contr\u00f4leurs a\u00e9riens&nbsp;: une gr\u00e8ve pour d\u00e9fendre le droit de gr\u00e8ve<\/a> (l\u2019Humanit\u00e9)<\/strong><\/p>\n\n\n\n<p><a href=\"https:\/\/www.force-ouvriere.fr\/a-meteo-france-les-previsionnistes-en-greve-pour-denoncer-l\">\u00c0 M\u00e9t\u00e9o France, les pr\u00e9visionnistes en gr\u00e8ve pour d\u00e9noncer l\u2019automatisation<\/a> (FO)<\/p>\n\n\n\n<p><a href=\"https:\/\/basta.media\/heures-non-payees-pression-personnel-nettoyage-en-lutte-hopital-Rennes\">Sous-effectif, manque de mat\u00e9riel, pressions&nbsp;: le personnel de nettoyage se rebelle \u00e0 l\u2019h\u00f4pital de Rennes<\/a> (Basta!)<\/p>\n\n\n\n<p><strong><a href=\"https:\/\/lanticapitaliste.org\/actualite\/social\/restos-du-coeur-de-woippy-en-moselle-nous-apprenons-dire-non-aux-demandeures\">Restos du c\u0153ur de Woippy, en Moselle&nbsp;: \u00ab&nbsp;Nous apprenons \u00e0 dire non aux demandeurEs&#8230;&nbsp;\u00bb<\/a> (l\u2019Anticapitaliste)<\/strong><\/p>\n\n\n\n<p><a href=\"https:\/\/lepoing.net\/montpellier-eat-the-rich-au-barricade-entre-cantine-populaire-et-debats-politiques2\/\">Montpellier : \u201cEat the rich\u201d au Barricade, entre cantine populaire et d\u00e9bats politiques <\/a>(Le Poing)<\/p>\n\n\n\n<p><a href=\"https:\/\/www.revolutionpermanente.fr\/SNCF-les-organisations-syndicales-vont-elles-signer-l-accord-salarial\">SNCF&nbsp;: les organisations syndicales vont-elles signer l\u2019accord salarial&nbsp;?<\/a> (RP)<\/p>\n\n\n\n<p><a href=\"https:\/\/www.revolutionpermanente.fr\/On-avait-jamais-vu-ca-greve-illimitee-pour-les-conducteurs-de-bus-a-Coubron-et-Chelles\">\u00ab&nbsp;On avait jamais vu \u00e7a&nbsp;!&nbsp;\u00bb&nbsp;: gr\u00e8ve illimit\u00e9e pour les conducteurs de bus \u00e0 Coubron et Chelles <\/a>(RP)<\/p>\n\n\n\n<p><a href=\"https:\/\/www.francebleu.fr\/infos\/agriculture-peche\/greve-a-la-laiterie-de-saint-pere-en-retz-des-milliers-de-litres-de-lait-jetes-a-la-poubelle-6266975\">Gr\u00e8ve \u00e0 la laiterie de Saint-P\u00e8re-en-Retz&nbsp;: des milliers de litres de lait jet\u00e9s \u00e0 la poubelle<\/a> (ici)<\/p>\n\n\n\n<p><a href=\"https:\/\/www.francetvinfo.fr\/economie\/greve\/greve-des-controleurs-aeriens-que-va-donc-changer-le-service-le-service-minimum_6195654.html\">Gr\u00e8ve des contr\u00f4leurs a\u00e9riens&nbsp;: que va donc changer le \u00ab\u00a0service minimum\u00a0\u00bb<\/a> (Franceinfo)<\/p>\n\n\n\n<p><a href=\"https:\/\/www.msn.com\/fr-ch\/actualite\/other\/des-fonctionnaires-croulent-sous-les-dossiers-et-se-mettent-en-gr%C3%A8ve\/ar-AA1kfsai\">Des fonctionnaires croulent sous les dossiers et se mettent en gr\u00e8ve<\/a> (20 Minutes)<\/p>\n\n\n\n<p><a href=\"https:\/\/www.ladepeche.fr\/2023\/11\/20\/greve-chez-tisseo-les-syndicats-condamnes-pour-deux-blocages-11591752.php\">Gr\u00e8ve chez Tiss\u00e9o : les syndicats condamn\u00e9s pour deux blocages<\/a> (La D\u00e9p\u00eache)<\/p>\n\n\n\n<p><a href=\"https:\/\/www.clicanoo.re\/article\/politique\/2023\/11\/21\/au-tour-de-la-cirest-de-menacer-de-rentrer-en-greve-655c0b62e5d82\">Au tour de la Cirest de menacer de rentrer en gr\u00e8ve<\/a> (Clicanoo)<\/p>\n\n\n\n<p><a href=\"https:\/\/www.lemonde.fr\/economie\/article\/2023\/11\/20\/la-redaction-de-la-provence-suspend-sa-greve-le-quotidien-sera-a-nouveau-en-kiosque-mardi_6201318_3234.html\">La r\u00e9daction de \u00ab&nbsp;La Provence&nbsp;\u00bb suspend sa&nbsp;gr\u00e8ve, le&nbsp;quotidien sera \u00e0&nbsp;nouveau en&nbsp;kiosque mardi<\/a> (Le Monde)<\/p>\n\n\n\n<p><a href=\"https:\/\/la1ere.francetvinfo.fr\/reunion\/spl-estival-satisfaite-des-avancees-obtenues-l-intersyndicale-poursuit-neanmoins-la-greve-1444895.html\">SPL Estival : satisfaite des avanc\u00e9es obtenues, l&rsquo;intersyndicale poursuit n\u00e9anmoins la gr\u00e8ve<\/a> (Franceinfo)<\/p>\n\n\n\n<p><a href=\"https:\/\/www.lunion.fr\/id541380\/article\/2023-11-20\/une-partie-des-salaries-de-preciculture-de-fere-champenoise-en-greve\">Une partie des salari\u00e9s de Pr\u00e9ciculture \u00e0 F\u00e8re-Champenoise en gr\u00e8ve<\/a> (L\u2019union)<\/p>\n\n\n\n<p><a href=\"https:\/\/www.bienpublic.com\/social\/2023\/11\/20\/conseil-regional-des-agents-denoncent-la-degradation-de-leurs-conditions-de-travail\">Conseil r\u00e9gional&nbsp;: des agents d\u00e9noncent la \u00ab&nbsp;d\u00e9gradation&nbsp;\u00bb de leurs conditions de travail<\/a> (Le bien public)<\/p>\n\n\n\n<p><strong>Monde<\/strong><\/p>\n\n\n\n<p><a href=\"https:\/\/www.msn.com\/fr-be\/actualite\/other\/actions-de-gr%C3%A8ve-au-centre-de-distribution-delhaize-de-ninove\/ar-AA1kfJnn\"><strong>Belgique<\/strong> &#8211; Actions de gr\u00e8ve au centre de distribution Delhaize de Ninove<\/a> (RTL)<\/p>\n\n\n\n<p><a href=\"https:\/\/www.zonebourse.com\/cours\/indice\/MSCI-PERU-GDTR-121752020\/actualite\/Greve-syndicale-en-cours-a-la-mine-de-cuivre-Las-Bambas-de-MMG-au-Perou-45399244\/\">Gr\u00e8ve syndicale en cours \u00e0 la mine de cuivre Las Bambas de MMG au <strong>P\u00e9rou<\/strong><\/a> (Zonebourse)<\/p>\n\n\n\n<p><strong>Analyse<\/strong><\/p>\n\n\n\n<p><a href=\"https:\/\/lundi.am\/A-celle-qui-se-souleve-5826\">\u00c0 celle qui se soul\u00e8ve<\/a>&nbsp; (Lundi matin)<\/p>\n\n\n\n<p><strong><a href=\"https:\/\/lundi.am\/Gilets-Jaunes-un-assaut-contre-la-societe-5817\">Gilets jaunes : un assaut contre la soci\u00e9t\u00e9<\/a> (Lundi matin)<\/strong><\/p>\n\n\n\n<pre class=\"wp-block-preformatted\">Paru en avril 2019 et \u00e9coul\u00e9 \u00e0 3000 exemplaires, ce num\u00e9ro de&nbsp;<em>lundimatin<\/em>&nbsp;papier qui compile les meilleurs textes publi\u00e9s au fil du mouvement dans notre journal, est d\u00e9sormais \u00e9puis\u00e9. \u00c0 l\u2019occasion du 5e&nbsp;anniversaire de ce soul\u00e8vement in\u00e9dit qui a \u00e9branl\u00e9 l\u2019\u00c9tat et les certitudes, nous le rendons accessible gratuitement.<\/pre>\n\n\n\n<p><a href=\"https:\/\/www.blast-info.fr\/articles\/2023\/joules-a-lache-sa-gratte-juste-avant-lanniversaire-des-gilets-jaunes-WqiiTm0WTHiZuqs1yr5vIg\">Joules a l\u00e2ch\u00e9 sa gratte juste avant l\u2019anniversaire des gilets jaunes<\/a> (Blast)<\/p>\n\n\n\n<p><strong><a href=\"https:\/\/reporterre.net\/Reforme-du-RSA-L-Etat-cherche-a-retenir-les-deserteurs\">R\u00e9forme du&nbsp;RSA&nbsp;: \u00ab&nbsp;L\u2019\u00c9tat cherche \u00e0 retenir les d\u00e9serteurs&nbsp;\u00bb<\/a> (Reporterre)<\/strong><\/p>\n\n\n\n<p class=\"has-text-color\" style=\"color:#eb0b0b\"><strong>20 novembre<\/strong><\/p>\n\n\n\n<p><a href=\"https:\/\/www.msn.com\/fr-fr\/finance\/other\/la-r%C3%A9daction-de-la-provence-en-gr%C3%A8ve-apr%C3%A8s-l-annonce-d-un-plan-de-suppression-de-30-postes-de-journalistes\/ar-AA1kbD4V\">La r\u00e9daction de \u00ab\u00a0La Provence\u00a0\u00bb en gr\u00e8ve apr\u00e8s l&rsquo;annonce d&rsquo;un plan de suppression de 30 postes de journalistes<\/a> (Pure Media)<\/p>\n\n\n\n<p><a href=\"https:\/\/france3-regions.francetvinfo.fr\/nouvelle-aquitaine\/gironde\/bordeaux\/greve-des-controleurs-aeriens-nombreux-vols-annules-ce-20-novembre-au-depart-et-a-l-arrivee-a-bordeaux-2875574.html\">Gr\u00e8ve des contr\u00f4leurs a\u00e9riens : de nombreux vols annul\u00e9s ce 20 novembre au d\u00e9part et \u00e0 l&rsquo;arriv\u00e9e \u00e0 Bordeaux<\/a> (Franceinfo)<\/p>\n\n\n\n<p><a href=\"https:\/\/94.citoyens.com\/2023\/greve-de-controleurs-aeriens-un-quart-des-vols-annules-ce-lundi-a-laeroport-dorly,20-11-2023.html\">Gr\u00e8ve de contr\u00f4leurs a\u00e9riens&nbsp;: un quart des vols annul\u00e9s ce lundi \u00e0 l\u2019a\u00e9roport d\u2019Orly<\/a> (94 citoyens)<\/p>\n\n\n\n<p><a href=\"https:\/\/www.francebleu.fr\/infos\/sante-sciences\/le-personnel-de-la-clinique-d-aressy-toujours-en-greve-les-negociations-compliquees-1389644\">Le personnel de la clinique d&rsquo;Aressy toujours en gr\u00e8ve, les n\u00e9gociations compliqu\u00e9es<\/a> (ici)<\/p>\n\n\n\n<p><a href=\"https:\/\/actu.fr\/ile-de-france\/coubron_93015\/seine-saint-denis-une-greve-au-depot-transdev-de-coubron_60351711.html\">Seine-Saint-Denis : une gr\u00e8ve au d\u00e9p\u00f4t Transdev de Coubron<\/a> (actu)<\/p>\n\n\n\n<p><a href=\"https:\/\/la1ere.francetvinfo.fr\/reunion\/spl-estival-entre-blocage-et-negociations-les-salaries-entament-une-deuxieme-semaine-de-greve-1444754.html\">SPL Estival : entre blocage et n\u00e9gociations, les salari\u00e9s entament une deuxi\u00e8me semaine de gr\u00e8ve<\/a> (Franceinfo)<\/p>\n\n\n\n<p><a href=\"https:\/\/www.dna.fr\/social\/2023\/11\/20\/les-livreurs-a-velo-en-greve-pour-reclamer-leur-prime-pluie\">Les livreurs \u00e0 v\u00e9lo en gr\u00e8ve pour r\u00e9clamer leur prime \u00ab\u00a0pluie\u00a0\u00bb<\/a> (DNA)<\/p>\n\n\n\n<p><strong>Monde<\/strong><\/p>\n\n\n\n<p><a href=\"https:\/\/rapportsdeforce.fr\/linternationale\/le-patronat-israelien-compte-sur-les-indiens-pour-remplacer-les-travailleurs-palestiniens-des-syndicats-sopposent-112019675\">Le patronat <strong>isra\u00e9lien<\/strong> compte sur les indiens pour remplacer les travailleurs palestiniens : des syndicats s\u2019opposent<\/a> (Rapports de force)<\/p>\n\n\n\n<p><a href=\"https:\/\/www.rtbf.be\/article\/bangladesh-quel-bilan-pour-les-ouvriers-textiles-apres-la-greve-historique-11288959\"><strong>Bangladesh<\/strong>&nbsp;: quel bilan pour les ouvriers textiles apr\u00e8s la gr\u00e8ve historique&nbsp;? <\/a>(RTBF)<\/p>\n\n\n\n<p><a href=\"https:\/\/www.lalibre.be\/dernieres-depeches\/2023\/11\/20\/journee-de-greve-dans-les-universites-dune-cinquantaine-de-villes-allemandes-MYV7MDAREBBYBEGVX5RHLN3H44\/\">Journ\u00e9e de gr\u00e8ve dans les universit\u00e9s d&rsquo;une cinquantaine de villes <strong>allemandes<\/strong><\/a> (La Libre)<\/p>\n\n\n\n<p><strong>Analyse<\/strong><\/p>\n\n\n\n<p><a href=\"https:\/\/www.humanite.fr\/social-et-economie\/compagnies-aeriennes\/linspection-du-travail-mise-sous-tutelle-de-laviation-avec-ce-decret-on-marche-sur-la-tete\">L\u2019inspection du travail mise sous tutelle de l\u2019aviation : \u00ab&nbsp;Avec ce d\u00e9cret, on marche sur la t\u00eate \u00bb<\/a> (l\u2019Humanit\u00e9)<\/p>\n\n\n\n<p><a href=\"https:\/\/www.humanite.fr\/social-et-economie\/aviation\/plan-de-vol\"><strong>Plan de vo<\/strong><\/a><strong>l (l\u2019Humanit\u00e9)<\/strong><\/p>\n\n\n\n<p><a href=\"https:\/\/www.ledevoir.com\/opinion\/idees\/802248\/territoire-nous-aussi-on-faim\"><strong>Nous aussi, on a faim<\/strong><\/a><strong> (Le Devoir)<\/strong><\/p>\n\n\n\n<p><a href=\"https:\/\/basta.media\/heures-non-payees-pression-personnel-nettoyage-en-lutte-hopital-Rennes\" target=\"_blank\" rel=\"noreferrer noopener\">Heures non pay\u00e9es et pression : le personnel de nettoyage en lutte \u00e0 l&rsquo;h\u00f4pital de Rennes<\/a> (Basta!)<\/p>\n\n\n\n<p><a href=\"https:\/\/www.bondyblog.fr\/societe\/a-la-marche-pour-nahel-il-faut-quils-arretent-de-tuer-nos-enfants\/\" target=\"_blank\" rel=\"noreferrer noopener\">\u00c0 la marche pour Nahel, \u00ab il faut qu\u2019ils arr\u00eatent de tuer nos enfants \u00bb<\/a>&nbsp;(Le Bondy Blog)<\/p>\n\n\n\n<p class=\"has-text-color\" style=\"color:#f80505\"><strong>18 novembre<\/strong><\/p>\n\n\n\n<p><strong><a href=\"https:\/\/www.revolutionpermanente.fr\/Loi-anti-greve-adoptee-les-syndicats-des-aiguilleurs-du-ciel-appellent-a-la-mobilisation\">Loi anti-gr\u00e8ve adopt\u00e9e&nbsp;: les syndicats des aiguilleurs du ciel appellent \u00e0&nbsp;la&nbsp;mobilisation<\/a> (RP)<\/strong><\/p>\n\n\n\n<p><a href=\"https:\/\/www.rue89strasbourg.com\/memoire-personnes-transgrenres-assassinees-rassemblement-285420\">En m\u00e9moire des personnes transgrenres assassin\u00e9es, un rassemblement place d\u2019Austerlitz dimanche<\/a> (Rue 89)<\/p>\n\n\n\n<p><a href=\"https:\/\/www.leparisien.fr\/seine-saint-denis-93\/creches-cantines-une-greve-perturbe-les-services-municipaux-a-pantin-les-agents-sont-payes-au-lance-pierre-17-11-2023-PUSF6F4S2BF2FHPQA34363TWPQ.php\">Cr\u00e8ches, cantines\u2026 une gr\u00e8ve perturbe les services municipaux \u00e0 Pantin&nbsp;: \u00ab&nbsp;Les agents sont pay\u00e9s au lance-pierre&nbsp;\u00bb <\/a>(Le Parisien)<\/p>\n\n\n\n<p><a href=\"https:\/\/www.lavoixdunord.fr\/1398002\/article\/2023-11-17\/hainaut-la-greve-des-dechetteries-reconduite-malgre-une-derniere-offre-du-siaved\">Hainaut: la gr\u00e8ve des d\u00e9chetteries reconduite, malgr\u00e9 une \u00abderni\u00e8re offre\u00bb du SIAVED<\/a> (La Voix du Nord)<\/p>\n\n\n\n<p><a href=\"https:\/\/actu.fr\/pays-de-la-loire\/saint-pere-en-retz_44187\/loire-atlantique-des-salaries-en-greve-a-la-laiterie-saint-pere-la-collecte-du-lait-menace_60348461.html\">Loire-Atlantique : des salari\u00e9s en gr\u00e8ve \u00e0 la laiterie Saint-P\u00e8re, la collecte du lait menac\u00e9e&nbsp;?<\/a> (Actu)<\/p>\n\n\n\n<p><a href=\"https:\/\/www.placegrenet.fr\/2023\/11\/17\/nouveau-preavis-de-greve-illimitee-a-la-mc2-de-grenoble-a-compter-du-vendredi-17-novembre\/617875\">Nouveau pr\u00e9avis de gr\u00e8ve illimit\u00e9e \u00e0 la MC2 de Grenoble \u00e0 compter du vendredi 17 novembre<\/a> (Place Grenet)<\/p>\n\n\n\n<p><a href=\"https:\/\/france3-regions.francetvinfo.fr\/provence-alpes-cote-d-azur\/bouches-du-rhone\/marseille\/greve-a-la-provence-la-direction-du-groupe-prevoit-la-suppression-de-30-postes-2874383.html\">Gr\u00e8ve \u00e0 La Provence : quatre questions sur la mobilisation des journalistes contre la suppression de 30 postes<\/a> (Franceinfo)<\/p>\n\n\n\n<p><a href=\"https:\/\/www.lanouvellerepublique.fr\/romorantin\/romorantin-en-danger-le-pole-de-pedopsychiatrie-de-l-hopital-decide-de-faire-greve\">Romorantin&nbsp;: en danger, le p\u00f4le de p\u00e9dopsychiatrie de l\u2019h\u00f4pital d\u00e9cide de faire gr\u00e8ve<\/a> (La Nouvelle R\u00e9publique)<\/p>\n\n\n\n<p><a href=\"https:\/\/www.ouest-france.fr\/bretagne\/saint-malo-35400\/saint-malo-apres-la-greve-la-direction-de-seifel-defend-sa-politique-salariale-02482f08-852c-11ee-9611-92c86d4d078f\">Saint-Malo. Apr\u00e8s la gr\u00e8ve, la direction de Seifel d\u00e9fend sa politique salariale<\/a> (Ouest-France)<\/p>\n\n\n\n<p><strong>Monde<\/strong><\/p>\n\n\n\n<p><a href=\"Canada%20:%20Les%20syndicats%20c%C3%A9l%C3%A8brent%20une%20loi%20anti-briseurs%20de%20gr%C3%A8ve%20pour%20sauver%20l%E2%80%99image%20%C2%ABprogressiste%C2%BB%20du%20gouvernement%20lib%C3%A9ral%20alors%20qu%E2%80%99il%20appuie%20le%20g%C3%A9nocide%20isra%C3%A9lien%20%C3%A0%20Gaza\"><strong>Canada<\/strong>&nbsp;: Les syndicats c\u00e9l\u00e8brent une loi anti-briseurs de gr\u00e8ve pour sauver l\u2019image \u00abprogressiste\u00bb du gouvernement lib\u00e9ral alors qu\u2019il appuie le g\u00e9nocide isra\u00e9lien \u00e0 Gaza<\/a> (WSWS)<\/p>\n\n\n\n<p><a href=\"https:\/\/www.msn.com\/fr-ca\/finances\/affaires\/une-gr%C3%A8ve-chez-rogers-sugar-cause-une-p%C3%A9nurie-de-sucre-%C3%A0-lapproche-des-f%C3%AAtes\/ar-AA1k745Q\"><strong>Canada<\/strong> &#8211; Une gr\u00e8ve chez Rogers Sugar cause une p\u00e9nurie de sucre \u00e0 l&rsquo;approche des F\u00eates <\/a>(PC)<\/p>\n\n\n\n<p><a href=\"https:\/\/www.yenisafak.com\/fr\/international\/greve-en-italie-pour-protester-contre-le-budget-du-gouvernement-meloni-16057\">Gr\u00e8ve en <strong>Italie<\/strong> pour protester contre le budget du gouvernement Melon<\/a>i (Yeni Safak)<\/p>\n\n\n\n<p><a href=\"https:\/\/www.lemonde.fr\/economie\/article\/2023\/11\/17\/fin-de-greve-amere-dans-les-usines-textiles-du-bangladesh_6200798_3234.html\">Fin de gr\u00e8ve am\u00e8re dans les usines textiles du <strong>Bangladesh<\/strong><\/a> (Le Monde)<\/p>\n\n\n\n<p><strong><a href=\"https:\/\/www.francetvinfo.fr\/replay-radio\/le-monde-est-a-nous\/en-suede-la-greve-des-salaries-de-tesla-prend-une-ampleur-nationale_6160959.html\">En Su\u00e8de, la gr\u00e8ve des salari\u00e9s de Tesla prend une ampleur nationale<\/a> (Franceinfo)<\/strong><\/p>\n\n\n\n<p><a href=\"https:\/\/www.msn.com\/fr-ch\/actualite\/other\/nouvelle-gr%C3%A8ve-des-fonctionnaires-annonc%C3%A9e-jeudi\/ar-AA1k6g8A\">Suisse &#8211; Nouvelle gr\u00e8ve des fonctionnaires annonc\u00e9e jeudi<\/a> (20 Minutes)<\/p>\n\n\n\n<p><a href=\"https:\/\/www.dhnet.be\/conso\/vacances\/2023\/11\/17\/le-personnel-de-cabine-depose-un-preavis-de-greve-a-partir-du-23-novembre-on-ne-fait-pas-cela-pour-rigoler-FNJLJEM5IBAK5NSVNSMPLHFHRI\/\">Le personnel de cabine de <strong>Brussels<\/strong> Airlines d\u00e9pose un pr\u00e9avis de gr\u00e8ve \u00e0 partir du 23&nbsp;novembre&nbsp;: \u201con ne fait pas cela pour rigoler&nbsp;!\u201d<\/a> (DH)<\/p>\n\n\n\n<p><a href=\"https:\/\/video.lefigaro.fr\/figaro\/video\/aux-etats-unis-des-milliers-demployes-de-starbucks-en-greve-pour-denoncer-leurs-conditions-de-travail\/\">Aux<strong> \u00c9tats-Unis<\/strong>, des milliers d&#8217;employ\u00e9s de Starbucks en gr\u00e8ve pour d\u00e9noncer leurs conditions de travail<\/a> (Le Figaro)<\/p>\n\n\n\n<p><a href=\"https:\/\/www.zonebourse.com\/cours\/action\/MGM-RESORTS-INTERNATIONAL-13513\/actualite\/De-Detroit-Three-aux-soins-de-sante-les-syndicats-americains-jouent-des-coudes-45387735\/\">De Detroit Three aux soins de sant\u00e9, les syndicats <strong>am\u00e9ricains<\/strong> jouent des coudes<\/a> (Zonebourse)<\/p>\n\n\n\n<p><strong>Analyse<\/strong><\/p>\n\n\n\n<p><strong><a href=\"https:\/\/www.inegalites.fr\/evol-inegalites-long\">Les in\u00e9galit\u00e9s de revenus remontent<\/a> (Observatoire des in\u00e9galit\u00e9s)<\/strong><\/p>\n\n\n\n<p class=\"has-text-color\" style=\"color:#f70202\"><strong>17 novembre<\/strong><\/p>\n\n\n\n<figure class=\"wp-block-image size-full is-resized\"><img data-recalc-dims=\"1\" loading=\"lazy\" decoding=\"async\" width=\"540\" height=\"360\" src=\"https:\/\/i0.wp.com\/www.rdpemancipation.org\/wp-content\/uploads\/2023\/11\/image-9.png?resize=540%2C360&#038;ssl=1\" alt=\"\" class=\"wp-image-122347\" style=\"aspect-ratio:1.5;width:475px;height:auto\" srcset=\"https:\/\/i0.wp.com\/www.rdpemancipation.org\/wp-content\/uploads\/2023\/11\/image-9.png?w=540&amp;ssl=1 540w, https:\/\/i0.wp.com\/www.rdpemancipation.org\/wp-content\/uploads\/2023\/11\/image-9.png?resize=300%2C200&amp;ssl=1 300w\" sizes=\"auto, (max-width: 540px) 100vw, 540px\" \/><\/figure>\n\n\n\n<p><a href=\"https:\/\/www.lemonde.fr\/economie\/article\/2023\/11\/16\/un-tribunal-annule-un-accord-prevoyant-300-suppressions-de-postes-chez-yves-rocher_6200524_3234.html\">Yves Rocher&nbsp;: un tribunal annule un accord pr\u00e9voyant 300&nbsp;suppressions de postes<\/a> (Le Monde)<\/p>\n\n\n\n<p><a href=\"https:\/\/paris-luttes.info\/halte-au-massacre-a-gaza-17579\">Halte au massacre \u00e0 Gaza&nbsp;! Manifestations ce week-end <\/a>(Paris-Luttes info)<\/p>\n\n\n\n<p><a href=\"https:\/\/www.revolutionpermanente.fr\/350-etudiant-es-en-AG-a-Paris-la-lutte-de-la-Palestine-c-est-celle-de-toute-la-jeunesse\">350 \u00e9tudiant-es en AG \u00e0 Paris&nbsp;: \u00ab&nbsp;la lutte de la Palestine, c\u2019est celle de toute la jeunesse&nbsp;\u00bb<\/a> (RP)<\/p>\n\n\n\n<p><a href=\"https:\/\/www.force-ouvriere.fr\/a-saint-brevin-fo-sur-le-pont-pour-defendre-les-etablissements\">\u00c0 Saint-Brevin, FO sur le pont pour d\u00e9fendre les \u00e9tablissements m\u00e9dico-sociaux de Mindin<\/a> (FO)<\/p>\n\n\n\n<p><strong><a href=\"https:\/\/www.bondyblog.fr\/societe\/hausse-des-loyers-rats-humidite-a-aubervilliers-les-habitants-se-mobilisent\/\">Hausse des loyers, rats, humidit\u00e9\u2026 \u00c0 Aubervilliers, les habitants se mobilisent<\/a> (Bondy Blog)<\/strong><\/p>\n\n\n\n<p><a href=\"https:\/\/www.msn.com\/fr-fr\/actualite\/france\/gr%C3%A8ve-des-contr%C3%B4leurs-a%C3%A9riens-orly-toulouse-des-vols-annul%C3%A9s-dans-plusieurs-a%C3%A9roports-lundi\/ar-AA1k2kTd\">Gr\u00e8ve des contr\u00f4leurs a\u00e9riens : Orly, Toulouse&#8230; Des vols annul\u00e9s dans plusieurs a\u00e9roports lundi<\/a> (msn)<\/p>\n\n\n\n<p><a href=\"https:\/\/actu.fr\/normandie\/bernay_27056\/bernay-des-soignants-en-greve-pour-sopposer-a-la-casse-de-lhopital-public_60343957.html\">Bernay. Des soignants en gr\u00e8ve pour s&rsquo;opposer \u00e0 \u00ab la casse de l&rsquo;h\u00f4pital public \u00bb<\/a> (actu)<\/p>\n\n\n\n<p><a href=\"https:\/\/www.letelegramme.fr\/finistere\/brest-29200\/le-collectif-des-urgentistes-du-nord-finistere-toujours-en-greve-apres-une-reunion-avortee-avec-lars-6469622.php\">Le collectif des urgentistes du Nord-Finist\u00e8re toujours en gr\u00e8ve apr\u00e8s une r\u00e9union avort\u00e9e avec l\u2019ARS<\/a> (Le T\u00e9l\u00e9gramme)<\/p>\n\n\n\n<p><a href=\"https:\/\/www.lnc.nc\/article\/social\/grand-noumea\/noumea\/cinquieme-jour-de-greve-pour-des-ambulanciers-qui-attendent-leurs-salaires\">5\u00e8me jour de gr\u00e8ve pour des ambulanciers qui attendent leur salaire<\/a> (Les Nouvelles Cal\u00e9doniennes)<\/p>\n\n\n\n<p><a href=\"https:\/\/www.francebleu.fr\/infos\/economie-social\/video-greve-d-une-cinquantaine-de-salaries-de-renault-a-nimes-4670463\">Gr\u00e8ve d&rsquo;une cinquantaine de salari\u00e9s de Renault \u00e0 N\u00eemes<\/a> (ici)<\/p>\n\n\n\n<p><a href=\"https:\/\/www.sudouest.fr\/culture\/medias\/trente-postes-supprimes-a-la-provence-la-redaction-en-greve-17489451.php\">Trente postes de journalistes supprim\u00e9s \u00e0 La Provence&nbsp;: la r\u00e9daction en gr\u00e8ve<\/a> (Sud Ouest)<\/p>\n\n\n\n<p><a href=\"https:\/\/www.paris-normandie.fr\/id467205\/article\/2023-11-16\/les-salaries-normands-de-marelli-font-greve-pour-mettre-la-pression-avant-la\">Les salari\u00e9s normands de Marelli font gr\u00e8ve pour \u00ab&nbsp;mettre la pression&nbsp;\u00bb avant la fermeture de l\u2019usine<\/a> (Paris-Normandie)<\/p>\n\n\n\n<p><a href=\"https:\/\/www.leprogres.fr\/social\/2023\/11\/16\/salaires-et-conditions-de-travail-des-conducteurs-de-transdev-en-greve\">Salaires et conditions de travail&nbsp;: des conducteurs de Transdev en gr\u00e8ve<\/a> (Le Progr\u00e8s)<\/p>\n\n\n\n<p><a href=\"https:\/\/www.lunion.fr\/id540028\/article\/2023-11-16\/un-nouvel-appel-la-greve-pour-les-journalistes-et-les-techniciens-de-france-3\">Un nouvel appel \u00e0 la gr\u00e8ve pour les journalistes et les techniciens de France 3<\/a> (L\u2019union)<\/p>\n\n\n\n<p><strong>Monde<\/strong><\/p>\n\n\n\n<p><a href=\"https:\/\/www.equaltimes.org\/deces-blessures-et-maladies-le\">D\u00e9c\u00e8s, blessures et maladies&nbsp;: le combat pour am\u00e9liorer les conditions de travail sur les chantiers de d\u00e9molition des navires en <strong>Asie du Sud<\/strong><\/a> (Equal Times)<\/p>\n\n\n\n<p><a href=\"https:\/\/www.lalibre.be\/regions\/flandre\/2023\/11\/17\/tensions-sociales-chez-de-lijn-greve-dans-plusieurs-depots-a-anvers-et-dans-le-limbourg-S2VFYTATCRHKJKWOBTNTXMVB5I\/\"><strong>Belgique<\/strong> &#8211; Tensions sociales chez De Lijn&nbsp;: gr\u00e8ve dans plusieurs d\u00e9p\u00f4ts \u00e0 Anvers et dans le Limbourg<\/a> (La Libre)<\/p>\n\n\n\n<p><a href=\"https:\/\/www.7sur7.be\/economie\/greve-chez-ab-inbev-la-production-a-l-arret-nous-voulons-une-partie-du-gateau~a498257b\/\"><strong>Belgique<\/strong> &#8211; Gr\u00e8ve chez AB InBev, la production \u00e0 l&rsquo;arr\u00eat: \u201cNous voulons une partie du g\u00e2teau\u201d<\/a> (7sur7)<\/p>\n\n\n\n<p><strong>Analyse<\/strong><\/p>\n\n\n\n<p><strong><a href=\"https:\/\/www.frustrationmagazine.fr\/ecologie-paul-guillibert\/\">(Vid\u00e9o) Travail et \u00c9cologie \u2013 Entretien avec Paul Guillibert<\/a> (Frustration )<\/strong><\/p>\n\n\n\n<p><strong><a href=\"https:\/\/www.youtube.com\/watch?v=nEHYqyQJxu0&amp;t=823s&amp;ab_channel=CerveauxNonDisponibles\">Les Magnifiques Sauvages [Film Documentaire sur les Gilets Jaunes]<\/a> (Cerveaux non Disponibles)<\/strong><\/p>\n\n\n\n<p><a href=\"https:\/\/reporterre.net\/Lyceens-nous-nous-sommes-mis-en-gre%CC%80ve-contre\">\u00ab&nbsp;Lyc\u00e9ens, nous sommes en gr\u00e8ve contre l\u2019A69&nbsp;\u00bb<\/a> (Reporterre)<\/p>\n\n\n\n<p class=\"has-text-color\" style=\"color:#f80606\"><strong>16 novembre<\/strong><\/p>\n\n\n\n<p><strong><a href=\"https:\/\/www.liberation.fr\/economie\/pour-essayer-de-se-desendetter-alstom-supprime-1-500-cols-blancs-a-travers-le-monde-20231115_HKVRBQHA7RCF7LQYTWVZY23FEM\/\">Plomb\u00e9 par sa dette, Alstom va supprimer 1&nbsp;500 postes de cols blancs dans le monde, 200 emplois menac\u00e9s en France<\/a> (Lib\u00e9ration)<\/strong><\/p>\n\n\n\n<p><a href=\"https:\/\/www.humanite.fr\/social-et-economie\/desindustrialisation\/pollution-yara-la-multinationale-des-engrais-qui-prefere-licencier-plutot-que-dappliquer-les-normes-environnementales\">Pollution&nbsp;: Yara, la multinationale des engrais qui pr\u00e9f\u00e8re licencier plut\u00f4t que d\u2019appliquer les normes environnementales<\/a> (l\u2019Humanit\u00e9)<\/p>\n\n\n\n<p><a href=\"https:\/\/la1ere.francetvinfo.fr\/reunion\/greve-illimitee-a-la-spl-estival-les-manifestants-bloquent-la-sortie-des-bus-a-bras-panon-le-mouvement-de-greve-se-durcit-1443833.html\">Gr\u00e8ve illimit\u00e9e \u00e0 la SPL Estival : les manifestants bloquent la sortie des bus \u00e0 Bras Panon, le mouvement se durcit<\/a> (Franceinfo)<\/p>\n\n\n\n<p><a href=\"https:\/\/www.zinfos974.com\/greve-au-chu-gare-aux-embouteillages-ce-matin-a-saint-denis-et-saint-pierre\/\">Gr\u00e8ve au CHU&nbsp;: Gare aux embouteillages ce matin \u00e0 Saint-Denis et Saint-Pierre <\/a>(Zinfos974)<\/p>\n\n\n\n<p><a href=\"https:\/\/www.telerama.fr\/debats-reportages\/greve-au-centre-pompidou-le-ton-se-durcit-entre-syndicats-et-direction-7018083.php\">Gr\u00e8ve au Centre Pompidou&nbsp;: le ton se durcit entre syndicats et direction<\/a> (T\u00e9l\u00e9rama)<\/p>\n\n\n\n<p><a href=\"https:\/\/www.francebleu.fr\/infos\/economie-social\/loi-de-financement-de-la-securite-sociale-deux-syndicats-hospitaliers-appellent-a-la-greve-5170900\">Loi de financement de la S\u00e9curit\u00e9 sociale&nbsp;: deux syndicats hospitaliers appellent \u00e0 la gr\u00e8ve <\/a>(ici)<\/p>\n\n\n\n<p><a href=\"https:\/\/actu.fr\/auvergne-rhone-alpes\/lyon_69123\/le-tournage-de-cette-serie-de-france-2-interrompu-a-lyon-tout-le-monde-fait-greve_60337446.html\">Le tournage de cette s\u00e9rie de France 2 interrompu \u00e0 Lyon : \u00ab\u00a0Tout le monde fait gr\u00e8ve\u00a0\u00bb<\/a> (actu)<\/p>\n\n\n\n<p><a href=\"https:\/\/www.lavoixdunord.fr\/1397142\/article\/2023-11-15\/douai-faute-d-accord-avec-la-mairie-sur-la-prime-anti-inflation-des-agents\">Douai : faute d\u2019accord avec la mairie sur la prime anti-inflation, des agents municipaux en gr\u00e8ve ce vendredi<\/a> (La Voix du Nord)<\/p>\n\n\n\n<p><a href=\"https:\/\/www.leprogres.fr\/social\/2023\/11\/15\/appel-a-la-greve-autour-des-lycees-de-la-region\">Appel \u00e0 la gr\u00e8ve autour des lyc\u00e9es de la R\u00e9gion<\/a> (Le Progr\u00e8s)<\/p>\n\n\n\n<p><a href=\"https:\/\/www.sudouest.fr\/economie\/social\/reforme-du-lycee-professionnel-appel-a-une-greve-d-ampleur-le-12-decembre-par-l-intersyndicale-17473588.php\">R\u00e9forme du lyc\u00e9e professionnel&nbsp;: appel \u00e0 une gr\u00e8ve \u00ab&nbsp;d\u2019ampleur&nbsp;\u00bb le 12&nbsp;d\u00e9cembre par l\u2019intersyndicale<\/a> (Sud Ouest)<\/p>\n\n\n\n<p><strong><a href=\"https:\/\/www.msn.com\/fr-fr\/actualite\/france\/contr%C3%B4leurs-a%C3%A9riens-le-parlement-adopte-un-texte-pour-permettre-un-service-minimum-adapt%C3%A9-en-cas-de-gr%C3%A8ve\/ar-AA1jZt8v\">Contr\u00f4leurs a\u00e9riens : le parlement adopte un texte pour permettre \u00ab\u00a0un service minimum adapt\u00e9\u00a0\u00bb en cas de gr\u00e8ve<\/a> (Franceinfo)<\/strong><\/p>\n\n\n\n<p><a href=\"https:\/\/www.dna.fr\/social\/2023\/11\/15\/fiberweb-a-biesheim-en-greve-contre-le-pse\">Fiberweb \u00e0 Biesheim : en gr\u00e8ve contre le PSE<\/a> (DNA)<\/p>\n\n\n\n<p><strong>Monde<\/strong><\/p>\n\n\n\n<p><a href=\"https:\/\/lepetitjournal.com\/barcelone\/actualites\/bicing-greve-amelioration-service-barcelone-372946\"><strong>Espagne<\/strong> : Bicing : gr\u00e8ve et am\u00e9lioration \u00e0 venir \u00e0 <strong>Barcelone<\/strong><\/a> (Le petit journal)<\/p>\n\n\n\n<p><a href=\"https:\/\/www.zonebourse.com\/cours\/action\/TESLA-INC-6344549\/actualite\/Tesla-sous-pression-en-Suede-les-travailleurs-d-un-de-ses-fournisseurs-se-mettent-en-greve-45363349\/\">Tesla sous pression en <strong>Su\u00e8de<\/strong> : les travailleurs d&rsquo;un de ses fournisseurs se mettent en gr\u00e8ve<\/a> (Zonebourse)<\/p>\n\n\n\n<p><strong><a href=\"https:\/\/francais.radio.cz\/greve-pour-le-climat-dans-plusieurs-universites-tcheques-8800120\">Gr\u00e8ve pour le climat dans plusieurs universit\u00e9s tch\u00e8ques<\/a> (Radio Prague Internationale)<\/strong><\/p>\n\n\n\n<p><a href=\"https:\/\/www.retaildetail.be\/fr\/news\/food\/greve-dans-les-entrepots-daldi-de-colruyt-et-de-delhaize\/\"><strong>Belgique<\/strong> &#8211; Gr\u00e8ve dans les entrep\u00f4ts d\u2019Aldi, de Colruyt et de Delhaize<\/a> (Retail Detail)<\/p>\n\n\n\n<p><strong>Analyse<\/strong><\/p>\n\n\n\n<p><strong><a href=\"https:\/\/www.humanite.fr\/medias\/france-3\/information-locale-pourquoi-les-journalistes-et-les-techniciens-de-france-3-font-ils-a-nouveau-greve\">Information locale : Pourquoi les journalistes et les techniciens de France 3 font-ils \u00e0 nouveau gr\u00e8ve ?<\/a> (l\u2019Humanit\u00e9)<\/strong><\/p>\n\n\n\n<p class=\"has-text-color\" style=\"color:#f40909\"><strong>15 novembre<\/strong><\/p>\n\n\n\n<p><a href=\"https:\/\/france.attac.org\/actus-et-medias\/salle-de-presse\/article\/non-a-la-suppression-de-l-aide-medicale-d-etat\">Non \u00e0 la suppression de l\u2019Aide M\u00e9dicale d\u2019\u00c9tat&nbsp;!<\/a> (Attac)<\/p>\n\n\n\n<p><a href=\"https:\/\/rebellyon.info\/Unite-pour-le-retrait-du-projet-de-loi-25384\">Unit\u00e9 pour le retrait du projet de loi Darmanin&nbsp;! Manif vendredi 17&nbsp;novembre \u00e0 18h<\/a> (Rebellyon)<\/p>\n\n\n\n<p><a href=\"https:\/\/www.rue89strasbourg.com\/manifestation-protection-peuple-palestinien-strasbourg-284969\">Manifestation \u00ab&nbsp;pour la protection du peuple palestinien&nbsp;\u00bb samedi 18 novembre \u00e0 Strasbourg<\/a> (Rue 89)<\/p>\n\n\n\n<p><a href=\"https:\/\/paris-luttes.info\/soiree-de-soutien-pour-la-17569\">Soir\u00e9e de soutien pour la Palestine<\/a> (Paris-Luttes info)<\/p>\n\n\n\n<p><a href=\"https:\/\/www.revolutionpermanente.fr\/Trahison-La-CFDT-CFTC-et-FO-signent-avec-le-MEDEF-pour-baisser-l-indemnisation-des-chomeurs\">Trahison&nbsp;! La CFDT, CFTC et FO signent avec le MEDEF pour baisser l\u2019indemnisation des ch\u00f4meurs<\/a>. (RP)<\/p>\n\n\n\n<p><a href=\"https:\/\/www.humanite.fr\/social-et-economie\/cfe-cgc\/elections-professionnelles-la-cgt-premiere-organisation-chez-les-energeticiens-mais-seconde-a-edf\">\u00c9lections professionnelles&nbsp;: la CGT, premi\u00e8re organisation chez les \u00e9nerg\u00e9ticiens, mais seconde \u00e0 EDF<\/a> (l\u2019Humanit\u00e9)<\/p>\n\n\n\n<p><a href=\"https:\/\/lanticapitaliste.org\/actualite\/feminisme\/salaires-contre-les-discriminations-sexistes-au-travail-soyons-motivees\">Salaires : Contre les discriminations sexistes au travail, soyons motiv\u00e9es !<\/a> (l\u2019Anticapitaliste)<\/p>\n\n\n\n<p><a href=\"https:\/\/www.clicanoo.re\/article\/societe\/2023\/11\/14\/greve-illimitee-a-la-spl-estival-les-lignes-de-bus-restent-perturbees-ce-mercredi\">Gr\u00e8ve illimit\u00e9e \u00e0 la SPL Estival : les lignes de bus restent perturb\u00e9es ce mercredi<\/a> (Clicano)<\/p>\n\n\n\n<p><strong><a href=\"https:\/\/www.politis.fr\/articles\/2023\/11\/greve-a-lofpra-les-conditions-daccueil-des-exiles-sont-liees-a-nos-conditions-de-travail\/\">Gr\u00e8ve \u00e0 l\u2019Ofpra&nbsp;: \u00ab&nbsp;Les conditions d\u2019accueil des exil\u00e9s sont li\u00e9es \u00e0 nos conditions de travail&nbsp;\u00bb<\/a> (Politis)<\/strong><\/p>\n\n\n\n<p><a href=\"https:\/\/www.letelegramme.fr\/finistere\/morlaix-29600\/hopital-de-morlaix-les-urgences-en-greve-a-compter-de-ce-mercredi-6468339.php\">H\u00f4pital de Morlaix&nbsp;: les urgences en gr\u00e8ve \u00e0 compter de ce jeudi 16&nbsp;novembre<\/a> (Le T\u00e9l\u00e9gramme)<\/p>\n\n\n\n<p><a href=\"https:\/\/www.msn.com\/fr-fr\/actualite\/other\/les-techniciens-en-gr%C3%A8ve-les-tournages-de-hpi-d%C3%A9ter-ou-encore-la-superbe-suspendus\/ar-AA1jVwRT\">Les techniciens en gr\u00e8ve, les tournages de \u00ab HPI \u00bb, \u00ab Astrid et Rapha\u00eblle \u00bb ou encore \u00ab D\u00e9ter \u00bb suspendus<\/a> (msn)<\/p>\n\n\n\n<p><a href=\"https:\/\/france3-regions.francetvinfo.fr\/paris-ile-de-france\/paris\/animateurs-periscolaires-en-greve-a-paris-seule-avec-32-enfants-c-est-le-quotidien-en-ce-moment-2873036.html\">Animateurs p\u00e9riscolaires en gr\u00e8ve \u00e0 Paris : \u00ab\u00a0seule avec 32 enfants. C&rsquo;est le quotidien en ce moment\u00a0\u00bb<\/a> (Franceinfo)<\/p>\n\n\n\n<p><a href=\"https:\/\/www.centrepresseaveyron.fr\/2023\/11\/14\/la-poste-le-mouvement-de-greve-de-millau-setend-au-centre-de-tri-a-rodez-11579218.php\">La Poste : le mouvement de gr\u00e8ve de Millau s&rsquo;\u00e9tend au centre de tri \u00e0 Rodez<\/a> (Centre Presse)<\/p>\n\n\n\n<p><a href=\"https:\/\/www.leprogres.fr\/transport\/2023\/11\/15\/a-sarcey-une-nouvelle-greve-attendue-jeudi-chez-transdev\">\u00c0 Sarcey, une nouvelle gr\u00e8ve attendue jeudi chez Transdev<\/a> (Le Progr\u00e8s)<\/p>\n\n\n\n<p><strong><a href=\"https:\/\/www.msn.com\/fr-fr\/actualite\/other\/sncf-sud-rail-envisage-une-gr%C3%A8ve-%C3%A0-no%C3%ABl-pour-les-salaires-des-cheminots\/ar-AA1jVeZL\">SNCF : SUD-rail envisage une gr\u00e8ve \u00e0 No\u00ebl pour les salaires des cheminots<\/a> (Lib\u00e9ration)<\/strong><\/p>\n\n\n\n<p><a href=\"https:\/\/www.larepubliquedespyrenees.fr\/societe\/greve-et-manifestations\/le-conflit-social-a-la-clinique-d-aressy-s-enlise-greve-reconduite-et-etablissement-toujours-ferme-17458976.php\">Le conflit social \u00e0 la clinique d\u2019Aressy s\u2019enlise&nbsp;: gr\u00e8ve reconduite et \u00e9tablissement toujours ferm\u00e9<\/a> (la R\u00e9publique des Pyr\u00e9n\u00e9es)<\/p>\n\n\n\n<p><a href=\"https:\/\/www.lamontagne.fr\/paris-75000\/actualites\/management-autoritaire-renouvellement-des-contractuels-les-personnels-de-la-pjj-appeles-a-faire-greve-en-auvergne_14403810\/\">\u00ab\u00a0Management autoritaire\u00a0\u00bb, \u00ab\u00a0renouvellement des contractuels\u00a0\u00bb : les personnels de la PJJ appel\u00e9s \u00e0 faire gr\u00e8ve en Auvergne<\/a> (La Montagne)<\/p>\n\n\n\n<p><a href=\"https:\/\/www.centre-presse.fr\/article-883486-thales-a-chatellerault-greve-contre-le-projet-de-nouvel-accord-sur-le-temps-de-travail.html\">Thales \u00e0 Ch\u00e2tellerault&nbsp;: gr\u00e8ve contre le projet de nouvel accord sur le temps de travail<\/a> (Centre Presse)<\/p>\n\n\n\n<p><a href=\"https:\/\/rennes.maville.com\/actu\/actudet_-aux-urgences-de-morlaix-un-preavis-de-greve-illimitee-a-partir-du-16-novembre-_fil-6030101_actu.Htm\">Aux urgences de Morlaix, un pr\u00e9avis de gr\u00e8ve illimit\u00e9e \u00e0 partir du 16&nbsp;novembre<\/a>&nbsp;(Ouest France)<\/p>\n\n\n\n<p><a href=\"https:\/\/www.leprogres.fr\/social\/2023\/11\/14\/fin-de-la-greve-chez-technopole-pathologie-les-salaries-tres-contents\">Gr\u00e8ve chez Technopole Pathologie : les salari\u00e9s obtiennent 7% d&rsquo;augmentation<\/a> (Le Progr\u00e8s)<\/p>\n\n\n\n<p><a href=\"https:\/\/www.lanouvellerepublique.fr\/tours\/hopital-clocheville-a-tours-nouvelle-manifestation\">H\u00f4pital Clocheville \u00e0 Tours&nbsp;: nouvelle manifestation<\/a> (La Nouvelle R\u00e9publique)<\/p>\n\n\n\n<p><strong>Monde<\/strong><\/p>\n\n\n\n<p><a href=\"https:\/\/www.journaldequebec.com\/2023\/11\/14\/une-greve-des-profs-historique-qui-pourrait-etre-longue\"><strong>Qu\u00e9bec<\/strong> &#8211; Une gr\u00e8ve des profs \u00abhistorique\u00bb qui pourrait \u00eatre longue<\/a> (Journal de Qu\u00e9bec)<\/p>\n\n\n\n<p><strong><a href=\"https:\/\/www.7sur7.be\/monde\/les-conducteurs-de-train-allemands-partent-en-greve-pour-de-meilleurs-salaires-et-horaires~a4389631\/\">Les conducteurs de train allemands partent en gr\u00e8ve pour de meilleurs salaires et horaires<\/a> (7sur7)<\/strong><\/p>\n\n\n\n<p><strong>Analyse<\/strong><\/p>\n\n\n\n<p><a href=\"https:\/\/www.miroirsocial.com\/participatif\/politique-sociale-le-rapport-sextant-presente-aux-elus-du-cse-de-la-macif-est-encore\">Politique sociale : le rapport Sextant pr\u00e9sent\u00e9 aux \u00e9lus du CSE de la Macif est encore plus inqui\u00e9tant que les ann\u00e9es pr\u00e9c\u00e9dentes<\/a> (Miroir Social)<\/p>\n\n\n\n<p><strong><a href=\"https:\/\/www.humanite.fr\/social-et-economie\/cgt\/harcelement-et-discrimination-syndicale-a-dassault-aviation\">Harc\u00e8lement et discrimination syndicale \u00e0 Dassault Aviation<\/a> (l\u2019Humanit\u00e9)<\/strong><\/p>\n\n\n\n<p class=\"has-text-color\" style=\"color:#f70404\"><strong>14 novembre<\/strong><\/p>\n\n\n\n<p><a href=\"https:\/\/lepoing.net\/montpellier-une-action-symbolique-pour-denoncer-le-greenwashing-du-departement\/\">Montpellier : une action symbolique pour d\u00e9noncer le \u201cgreenwashing\u201d du D\u00e9partement<\/a> (Le Poing)<\/p>\n\n\n\n<p><a href=\"https:\/\/rebellyon.info\/Manif-sauvage-antifasciste-dans-le-vieux-25379\">Manif sauvage antifasciste dans le Vieux Lyon en r\u00e9ponse \u00e0 l\u2019attaque de la conf\u00e9rence organis\u00e9e par le collectif 69 Palestine <\/a>(Rebellyon)<\/p>\n\n\n\n<p><strong><a href=\"https:\/\/www.revolutionpermanente.fr\/SNCF-1-8-d-augmentation-les-cheminots-doivent-se-preparer-a-lutter-pour-les-salaires\">SNCF&nbsp;: 1,8% d\u2019augmentation, les cheminots doivent se pr\u00e9parer \u00e0 lutter pour les salaires<\/a> (RP)<\/strong><\/p>\n\n\n\n<p><a href=\"https:\/\/www.force-ouvriere.fr\/reforme-des-retraites-la-hausse-des-petites-pensions-loin-des\">R\u00e9forme des retraites&nbsp;: la hausse des petites pensions loin des promesses gouvernementales&nbsp;!<\/a> (FO)<\/p>\n\n\n\n<p><strong><a href=\"https:\/\/reporterre.net\/Dans-les-Yvelines-un-projet-routier-passeiste-et-obsolete\">\u00ab&nbsp;La pollution va vers les \u00e9coles&nbsp;\u00bb&nbsp;: \u00e0 Ach\u00e8res, mobilisation contre un projet routier<\/a> (Reporterre)<\/strong><\/p>\n\n\n\n<p><a href=\"https:\/\/la1ere.francetvinfo.fr\/reunion\/greve-a-la-spl-estival-les-salaries-rassembles-au-siege-de-la-cirest-1443305.html\">Gr\u00e8ve \u00e0 la SPL Estival : rassembl\u00e9s au si\u00e8ge de la Cirest, les salari\u00e9s r\u00e9clament la pr\u00e9sence des \u00e9lus<\/a> (Franceinfo)<\/p>\n\n\n\n<p><a href=\"https:\/\/www.zinfos974.com\/greve-au-chu-au-tour-du-chor-et-de-lepsmr-ce-matin\/\">Gr\u00e8ve au CHU&nbsp;: Au tour du CHOR et de l\u2019EPSMR ce matin<\/a> (zinfos974)<\/p>\n\n\n\n<p><a href=\"https:\/\/www.msn.com\/fr-fr\/actualite\/france\/on-ne-devrait-pas-avoir-%C3%A0-pleurer-pour-obtenir-une-prime-les-agents-de-bobigny-lancent-une-gr%C3%A8ve\/ar-AA1jThBE\">\u00ab\u00a0On ne devrait pas avoir \u00e0 pleurer pour obtenir une prime\u00a0\u00bb: les agents de Bobigny lancent une gr\u00e8ve<\/a> (RMC)<\/p>\n\n\n\n<p><a href=\"https:\/\/www.lemonde.fr\/culture\/article\/2023\/11\/13\/greve-au-centre-pompidou-les-syndicats-maintiennent-la-pression-pour-faire-entendre-leurs-revendications_6199889_3246.html\">Gr\u00e8ve au Centre Pompidou&nbsp;: les syndicats maintiennent la pression pour faire entendre leurs revendications<\/a> (Le Monde)<\/p>\n\n\n\n<p><a href=\"https:\/\/alpesdusud.alpes1.com\/news\/hautes-alpes\/101141\/hautes-alpes-la-greve-reconduite-a-tiers-temps\">Hautes-Alpes : la gr\u00e8ve reconduite \u00e0 Tiers Temps<\/a> (Alpes 1 mag)<\/p>\n\n\n\n<p><a href=\"https:\/\/www.francebleu.fr\/infos\/societe\/plus-d-activites-apres-les-cours-plus-de-cantine-les-agents-periscolaires-sont-en-greve-a-paris-1765988\">Plus d&rsquo;activit\u00e9s apr\u00e8s les cours, plus de cantine, les agents p\u00e9riscolaires sont en gr\u00e8ve \u00e0 Paris<\/a> (ici)<\/p>\n\n\n\n<p><a href=\"https:\/\/www.guadeloupe.franceantilles.fr\/actualite\/social\/la-greve-de-la-poste-de-guadeloupe-sintensifie-et-touchera-le-centre-de-tri-de-laeroport-961797.php\">La gr\u00e8ve de la Poste de Guadeloupe s&rsquo;intensifie et touchera le centre de tri de l&rsquo;a\u00e9roport<\/a> (France-Antilles)<\/p>\n\n\n\n<p><a href=\"https:\/\/www.marxiste.org\/actualite-francaise\/luttes-mouvement-syndical\/3318-marseille-victoire-pour-les-grevistes-d-areas\">Marseille : victoire pour les gr\u00e9vistes d\u2019Areas !<\/a> (R\u00e9volution)<\/p>\n\n\n\n<p><a href=\"https:\/\/granville.maville.com\/sport\/detail_-greve-sncf-en-normandie-9-lignes-de-train-totalement-interrompues-circulation-difficile-ce-lundi-_fil-6027612_actu.Htm\">Gr\u00e8ve SNCF en Normandie&nbsp;: 9 lignes de train totalement interrompues, circulation difficile ce lundi<\/a>&nbsp; (Ouest France)<\/p>\n\n\n\n<p><strong>Monde<\/strong><\/p>\n\n\n\n<p><a href=\"https:\/\/www.lapresse.ca\/affaires\/entreprises\/2023-11-13\/sqdc\/quelque-250-employes-reprendront-le-travail-apres-un-an-et-demi-de-greve.php\"><strong>Qu\u00e9bec<\/strong> &#8211; SQDC&nbsp;Quelque 250&nbsp;employ\u00e9s reprendront le travail apr\u00e8s un an et demi de gr\u00e8ve<\/a> (La Presse)<\/p>\n\n\n\n<p><a href=\"https:\/\/fr.finance.yahoo.com\/actualites\/tesla-salari%C3%A9s-su%C3%A9dois-d%C3%A9brayent-gr%C3%A8ve-220846669.html?guccounter=1&amp;guce_referrer=aHR0cHM6Ly93d3cuYmluZy5jb20v&amp;guce_referrer_sig=AQAAACprE648LARknXPEKg2_7Gu2TQjEAvca36fsoLE7f4v-k6-I80-N18uJpDYbqEzHzijVS3tHbIyUDVtdlghmg7-Ht7DvpaRVe0ht-lfYMhp6aDrnMbFhq0LfvpAm7IaSS5ezy6c1ingcfloWrtPlo5un1MdKUFK8W23_nHOSSA8V\">Tesla : des salari\u00e9s <strong>su\u00e9dois<\/strong> d\u00e9brayent, vers une gr\u00e8ve g\u00e9n\u00e9rale chez le constructeur ?<\/a> (Yahoo)<\/p>\n\n\n\n<p><a href=\"https:\/\/www.boursier.com\/actions\/actualites\/news\/stellantis-va-proposer-une-indemnite-de-depart-volontaire-a-6-400-salaries-aux-etats-unis-913164.html\">Stellantis va proposer une indemnit\u00e9 de d\u00e9part volontaire \u00e0 6.400 salari\u00e9s aux <strong>Etats-Unis<\/strong><\/a> (Boursier com)<\/p>\n\n\n\n<p><a href=\"https:\/\/www.wsws.org\/fr\/articles\/2023\/11\/14\/pers-n14.html\">La manifestation de masse \u00e0 <strong>Londres<\/strong> et la lutte mondiale contre le g\u00e9nocide isra\u00e9lien \u00e0 Gaza<\/a> (WSWS)<\/p>\n\n\n\n<p><strong>Analyse<\/strong><\/p>\n\n\n\n<p><a href=\"https:\/\/lundi.am\/On-a-commence-notre-printemps-le-17-novembre\">Ona commenc\u00e9 notre printemps le 17 novembre<\/a> (Lundi matin)<\/p>\n\n\n\n<p><a href=\"https:\/\/lundi.am\/A-celle-qui-se-souleve\">\u00c0 celle qui se soul\u00e8ve<\/a> (lundi matin)<\/p>\n\n\n\n<p><a href=\"https:\/\/www.revue-ballast.fr\/les-anarchistes-espagnols-par-murray-bookchin\/\">Les anarchistes espagnols \u2014 par Murray Bookchin<\/a> (Ballast)<\/p>\n\n\n\n<p><strong><a href=\"https:\/\/www.nonfiction.fr\/article-11867-abolir-lexploitation-entretien-avec-emmanuel-renault.htm\">Abolir l&rsquo;exploitation : entretien avec Emmanuel Renault<\/a> (Nonfiction)<\/strong><\/p>\n\n\n\n<p><a href=\"https:\/\/www.blast-info.fr\/articles\/2023\/marseille-lexorciste-et-le-logement-indigne-imJQgDj3Q0i7jy30pX5iLg\">Marseille : l\u2019Exorciste et le logement indigne<\/a> (Blast)<\/p>\n\n\n\n<p class=\"has-text-color\" style=\"color:#f80707\"><strong>13 novembre<\/strong><\/p>\n\n\n\n<figure class=\"wp-block-image size-large is-resized\"><img data-recalc-dims=\"1\" loading=\"lazy\" decoding=\"async\" width=\"1024\" height=\"859\" src=\"https:\/\/i0.wp.com\/www.rdpemancipation.org\/wp-content\/uploads\/2023\/11\/image-6.png?resize=1024%2C859&#038;ssl=1\" alt=\"\" class=\"wp-image-122197\" style=\"aspect-ratio:1.1920838183934808;width:428px;height:auto\" srcset=\"https:\/\/i0.wp.com\/www.rdpemancipation.org\/wp-content\/uploads\/2023\/11\/image-6.png?resize=1024%2C859&amp;ssl=1 1024w, https:\/\/i0.wp.com\/www.rdpemancipation.org\/wp-content\/uploads\/2023\/11\/image-6.png?resize=300%2C252&amp;ssl=1 300w, https:\/\/i0.wp.com\/www.rdpemancipation.org\/wp-content\/uploads\/2023\/11\/image-6.png?resize=768%2C644&amp;ssl=1 768w, https:\/\/i0.wp.com\/www.rdpemancipation.org\/wp-content\/uploads\/2023\/11\/image-6.png?w=1359&amp;ssl=1 1359w\" sizes=\"auto, (max-width: 1024px) 100vw, 1024px\" \/><\/figure>\n\n\n\n<p><strong><a href=\"https:\/\/basta.media\/14-000-deces-par-an-lies-au-chomage-pas-du-tout-une-priorite-de-l-etat-France-Travail\">14&nbsp;000 d\u00e9c\u00e8s par an li\u00e9s au ch\u00f4mage&nbsp;: \u00ab&nbsp;Ce n\u2019est pas du tout une priorit\u00e9 de l\u2019\u00c9tat&nbsp;\u00bb<\/a> (Basta!)<\/strong><\/p>\n\n\n\n<p><a href=\"https:\/\/www.force-ouvriere.fr\/bareme-macron-l-europe-appelle-la-france-a-revoir-sa-copie\">Bar\u00e8me Macron&nbsp;: l\u2019Europe appelle la France \u00e0 revoir sa copie<\/a> (FO)<\/p>\n\n\n\n<p><a href=\"https:\/\/la1ere.francetvinfo.fr\/reunion\/greve-illimitee-au-chu-de-la-reunion-la-circulation-perturbee-ce-matin-a-saint-pierre-1443047.html\">Gr\u00e8ve illimit\u00e9e au CHU de La R\u00e9union : la circulation perturb\u00e9e ce matin \u00e0 Saint-Pierre<\/a> (Franceinfo)<\/p>\n\n\n\n<p><a href=\"https:\/\/www.leprogres.fr\/social\/2023\/11\/13\/pourquoi-les-salaries-de-meteo-france-sont-en-greve-ce-lundi\">Pourquoi les salari\u00e9s de M\u00e9t\u00e9o France sont en gr\u00e8ve ce lundi<\/a> (Le Progr\u00e8s)<\/p>\n\n\n\n<p><a href=\"https:\/\/france3-regions.francetvinfo.fr\/normandie\/greve-sncf-des-perturbations-prevues-sur-les-trains-regionaux-lundi-13-novembre-2871515.html\">Gr\u00e8ve SNCF : des perturbations pr\u00e9vues sur les trains r\u00e9gionaux lundi 13 novembre<\/a>(Franceinfo)<\/p>\n\n\n\n<p><a href=\"https:\/\/www.lavoixdunord.fr\/videos\/l-actus-du-hainaut-en-videos-player\/les-agents-des-dechetteries-du-caudresiscatesis-en-greve-ce-dimanche?param01=qpqlrqq&amp;param02=01499695&amp;param03=29\">Les agents des d\u00e9chetteries du Caudr\u00e9sis-Cat\u00e9sis en gr\u00e8ve ce dimanche<\/a> (La Voix du Nord)<\/p>\n\n\n\n<p><a href=\"https:\/\/saint-nazaire.maville.com\/actu\/actudet_-fermeture-du-college-rosa-parks-a-nantes-greve-annoncee-mardi-14-novembre-_dep-6022488_actu.Htm\">Fermeture du coll\u00e8ge Rosa-Parks, \u00e0 Nantes&nbsp;: gr\u00e8ve annonc\u00e9e mardi 14&nbsp;novembre<\/a>&nbsp;(Ouest France)<\/p>\n\n\n\n<p><strong>Monde<\/strong><\/p>\n\n\n\n<p><a href=\"https:\/\/www.equaltimes.org\/les-hopitaux-publics-camerounais\">Les h\u00f4pitaux publics <strong>camerounais<\/strong> face au mal-\u00eatre des personnels de sant\u00e9 vacataires et au manque de m\u00e9decins<\/a> (Equal Times)<\/p>\n\n\n\n<p><a href=\"https:\/\/www.7sur7.be\/belgique\/greve-spontanee-chez-de-lijn-dans-le-brabant-flamand-et-en-flandre-occidentale~aac7f9dc\/?referrer=https%3A%2F%2Fwww.bing.com%2F\"><strong>Belgique<\/strong> &#8211; Gr\u00e8ve spontan\u00e9e chez De Lijn dans le Brabant flamand et en Flandre occidentale<\/a> (7sur7)<\/p>\n\n\n\n<p><a href=\"https:\/\/www.msn.com\/fr-fr\/finance\/other\/en-su%C3%A8de-tesla-bouscul%C3%A9-par-une-gr%C3%A8ve-qui-pourrait-faire-boule-de-neige\/ar-AA1jP2AR\">En <strong>Su\u00e8de<\/strong>, Tesla bouscul\u00e9 par une gr\u00e8ve qui pourrait faire boule de neige<\/a> (BFM)<\/p>\n\n\n\n<p><a href=\"https:\/\/www.zonebourse.com\/cours\/action\/GENERAL-MOTORS-COMPANY-6873535\/actualite\/Les-ouvriers-de-production-de-Ford-au-Kentucky-et-a-Louisville-votent-contre-un-nouveau-contrat-de-45308021\/\"><strong>USA<\/strong> &#8211; Les ouvriers de production de Ford au Kentucky et \u00e0 Louisville votent contre un nouveau contrat de travail <\/a>(Zonebourse)<\/p>\n\n\n\n<p><strong>Analyse<\/strong><\/p>\n\n\n\n<p><strong><a href=\"https:\/\/www.blast-info.fr\/podcasts\/les-invisibles-X4cDgcbvSW6qbsX-wTW3aA\">Podcast &#8211; P\u00e9nibilit\u00e9 et retraites cass\u00e9es : parole aux ouvriers invisibles du BTP<\/a> (Blast)<\/strong><\/p>\n\n\n\n<p><a href=\"https:\/\/rapportsdeforce.fr\/classes-en-lutte\/paris-quelles-suites-pour-le-mouvement-de-soutien-a-la-palestine-111219632\">Paris : quelles suites pour le mouvement de soutien \u00e0 la Palestine ?<\/a> (Rapports de force)<\/p>\n\n\n\n<p class=\"has-text-color\" style=\"color:#f80202\"><strong>11 novembre<\/strong><\/p>\n\n\n\n<p><a href=\"https:\/\/lepoing.net\/greve-des-salaries-donet-au-chu-de-montpellier-toujours-pas-de-negociations-la-lutte-continue\/\">Gr\u00e8ve des salari\u00e9s d\u2019Onet au CHU de Montpellier : toujours pas de n\u00e9gociations, la lutte continue<\/a> (Le Poing)<\/p>\n\n\n\n<p><strong><a href=\"https:\/\/paris-luttes.info\/halte-au-massacre-a-gaza-17549\">Halte au massacre \u00e0 Gaza&nbsp;! Manifestation samedi 11&nbsp;novembre <\/a>(Paris-Luttes info)<\/strong><\/p>\n\n\n\n<p><a href=\"https:\/\/www.force-ouvriere.fr\/greve-au-centre-pompidou-les-personnels-exigent-des-garanties\">Gr\u00e8ve au Centre Pompidou&nbsp;: les personnels exigent des garanties avant la fermeture pour travaux<\/a> (FO)<\/p>\n\n\n\n<p><a href=\"https:\/\/www.francebleu.fr\/infos\/economie-social\/greve-chez-bricorama-a-bessoncourt-contre-les-conditions-du-plan-social-6130386\">Gr\u00e8ve chez Bricorama \u00e0 Bessoncourt contre les conditions du plan social<\/a> (ici)<\/p>\n\n\n\n<p><a href=\"https:\/\/www.ladepeche.fr\/2023\/11\/10\/peguilhan-greve-des-routiers-on-ne-veut-pas-ceder-11571816.php\">P\u00e9guilhan. Gr\u00e8ve des routiers : \u00ab\u00a0On ne veut pas c\u00e9der\u00a0\u00bb<\/a> (La D\u00e9p\u00eache)<\/p>\n\n\n\n<p><a href=\"https:\/\/actu.fr\/normandie\/le-neubourg_27428\/en-greve-les-maitres-nageurs-de-la-piscine-du-neubourg-sopposent-au-nouveau-planning_60318716.html\">En gr\u00e8ve, les ma\u00eetres-nageurs de la piscine du Neubourg s\u2019opposent au nouveau planning<\/a> (actu)<\/p>\n\n\n\n<p><a href=\"https:\/\/www.oisehebdo.fr\/2023\/11\/10\/compiegnois-livreurs-uber-eats-greve\/\">Compi\u00e9gnois. Des livreurs Uber Eats en gr\u00e8ve contre leur r\u00e9mun\u00e9ration encore en baisse<\/a> (Oise Hebdo)<\/p>\n\n\n\n<p><a href=\"https:\/\/www.centre-presse.fr\/article-883397-poitiers-la-greve-se-poursuit-a-france-poitou-charentes.html\">Poitiers&nbsp;: la gr\u00e8ve se poursuit \u00e0 France&nbsp;3 Poitou-Charentes<\/a> (Centre Presse)<\/p>\n\n\n\n<p><a href=\"https:\/\/www.francebleu.fr\/infos\/economie-social\/pas-de-plan-social-au-rabais-les-salaries-de-bricorama-a-guilherand-granges-en-greve-3883027\">Fermeture de Bricorama \u00e0 Guilherand-Granges&nbsp;: les salari\u00e9s en gr\u00e8ve<\/a> (ici)<\/p>\n\n\n\n<p><a href=\"https:\/\/www.le-pays.fr\/roanne-42300\/actualites\/a-roanne-les-livreurs-uber-eats-prolongent-leur-greve-jusqu-a-lundi-13-novembre_14402292\/\">\u00c0 Roanne, les livreurs Uber Eats prolongent leur gr\u00e8ve jusqu&rsquo;\u00e0 lundi 13 novembre<\/a> (Le Pays)<\/p>\n\n\n\n<p><a href=\"https:\/\/www.leprogres.fr\/social\/2023\/11\/10\/la-greve-se-poursuit-chez-technopole-pathologie\">La gr\u00e8ve se poursuit chez Technopole Pathologie<\/a> (Le Progr\u00e8s)<\/p>\n\n\n\n<p><a href=\"https:\/\/www.paris-normandie.fr\/id465399\/article\/2023-11-10\/sncf-en-normandie-la-circulation-des-trains-impactee-par-un-mouvement-de-greve\">SNCF&nbsp;: en Normandie, la circulation des trains impact\u00e9e par un mouvement de gr\u00e8ve lundi 13 novembre<\/a> (Paris-Normandie)<\/p>\n\n\n\n<p><a href=\"https:\/\/www.corsematin.com\/article\/social\/1210617750117614\/mouvement-de-greve-des-salaries-de-la-macotab-a-furiani\">Mouvement de gr\u00e8ve des salari\u00e9s de la Macotab \u00e0 Furiani<\/a> (Corse Matin)<\/p>\n\n\n\n<p><a href=\"https:\/\/www.clicanoo.re\/article\/societe\/2023\/11\/11\/beaucoup-de-colere-et-pas-davancee-654ef2e2abb02\">Gr\u00e8ve au CHU : Beaucoup de col\u00e8re et pas d&rsquo;avanc\u00e9e<\/a> (Clicanoo)<\/p>\n\n\n\n<p><a href=\"https:\/\/www.clicanoo.re\/article\/politique\/2023\/11\/11\/spl-estival-lintersyndicale-renforcee-avant-la-greve-654ef3d32ba16\">SPL Estival, l\u2019intersyndicale renforc\u00e9e avant la gr\u00e8ve<\/a> (Clicanoo)<\/p>\n\n\n\n<p><a href=\"https:\/\/www.larepubliquedespyrenees.fr\/societe\/greve-et-manifestations\/greve-a-la-clinique-d-aressy-l-etablissement-ferme-ce-vendredi-negociations-prevues-dans-l-apres-midi-17409584.php\">Gr\u00e8ve \u00e0 la clinique d\u2019Aressy&nbsp;: l\u2019\u00e9tablissement restera ferm\u00e9 ce week-end<\/a> (La R\u00e9publique des Pyr\u00e9n\u00e9es)<\/p>\n\n\n\n<p><strong>Monde<\/strong><\/p>\n\n\n\n<p><strong><a href=\"https:\/\/lvsl.fr\/aux-etats-unis-les-syndicats-enchainent-les-victoires\/\">Aux Etats-Unis, les syndicats encha\u00eenent les victoires<\/a> (LVSL)<\/strong><\/p>\n\n\n\n<p><strong><a href=\"https:\/\/www.rfi.fr\/fr\/asie-pacifique\/20231108-bangladesh-les-ouvriers-du-textile-demandent-une-meilleure-augmentation-la-gr%C3%A8ve-se-tend-encore\">Bangladesh: les ouvriers du textile en gr\u00e8ve, le gouvernement durcit le ton<\/a> (RFI)<\/strong><\/p>\n\n\n\n<p><a href=\"https:\/\/www.msn.com\/fr-be\/actualite\/other\/gr%C3%A8ve-imminente-dans-les-d%C3%A9p%C3%B4ts-de-supermarch%C3%A9s\/ar-AA1jJqQC\"><strong>Belgique<\/strong> : Gr\u00e8ve imminente dans les d\u00e9p\u00f4ts de supermarch\u00e9s<\/a> (Le Soir)<\/p>\n\n\n\n<p><strong>Analyse<\/strong><\/p>\n\n\n\n<p><strong><a href=\"https:\/\/www.frustrationmagazine.fr\/antisemitisme\/\">Pour des rassemblements populaires contre l\u2019antis\u00e9mitisme et l\u2019islamophobie<\/a> (Frustration)<\/strong><\/p>\n\n\n\n<p><strong><a href=\"https:\/\/www.force-ouvriere.fr\/l-affaire-france-telecom-orange-sur-grand-ecran\">L\u2019affaire France T\u00e9l\u00e9com-Orange sur grand \u00e9cran<\/a> (FO)<\/strong><\/p>\n\n\n\n<p><strong><a href=\"https:\/\/rapportsdeforce.fr\/linternationale\/des-syndicats-du-monde-entier-tentent-dempecher-les-livraisons-darmes-en-israel-111119605\">Des syndicats du monde entier tentent d\u2019emp\u00eacher les livraisons d\u2019armes en Isra\u00ebl <\/a>(Rapports de force)<\/strong><\/p>\n\n\n\n<p class=\"has-text-color\" style=\"color:#f70404\"><strong>10 novembre<\/strong><\/p>\n\n\n\n<p><strong><a href=\"https:\/\/france.attac.org\/actus-et-medias\/salle-de-presse\/article\/black-friday-mettons-amazon-hors-service-8950\">Black Friday&nbsp;: mettons Amazon hors service&nbsp;!<\/a> (Attac)<\/strong><\/p>\n\n\n\n<p><a href=\"https:\/\/lepoing.net\/montpellier-la-deputee-insoumise-rachel-keke-a-echange-avec-les-grevistes-donet\/\">Montpellier : la d\u00e9put\u00e9e Insoumise Rachel Keke a \u00e9chang\u00e9 avec les gr\u00e9vistes d\u2019Onet<\/a> (Le Poing)<\/p>\n\n\n\n<p><a href=\"https:\/\/reporterre.net\/2-mois-de-greve-pour-les-femmes-de-menage-d-Onet-On-veut-juste-vivre-dignement\">Gr\u00e8ve chez un g\u00e9ant du nettoyage&nbsp;: \u00ab&nbsp;Il existe une forme d\u2019esclavagisme moderne&nbsp;\u00bb<\/a> (Reporterre)<\/p>\n\n\n\n<p><strong><a href=\"https:\/\/www.youtube.com\/watch?v=3i0cloXoiWA&amp;ab_channel=LesSoul%C3%A8vementsdelaTerre\">G\u00e9rald vs la dissolutionn des Soul\u00e8vements de la terre<\/a> (les Soul\u00e8vements de la Terre)<\/strong><\/p>\n\n\n\n<p><a href=\"https:\/\/www.revolutionpermanente.fr\/Mariam-Abu-Daqqa-violemment-arretee-par-4-policiers-cette-nuit-l-Etat-s-acharne-faisons-front\">Mariam Abu-Daqqa violemment arr\u00eat\u00e9e par 4 policiers cette nuit&nbsp;: l\u2019\u00c9tat s\u2019acharne, faisons front&nbsp;!<\/a> (RP)<\/p>\n\n\n\n<p><a href=\"https:\/\/www.revolutionpermanente.fr\/Nantes-Chez-Lidl-la-greve-pour-la-dignite-s-etend-dans-4-magasins-soutenez-les-grevistes-samedi\">Nantes. Chez Lidl, la gr\u00e8ve pour la dignit\u00e9 s\u2019\u00e9tend dans 4 magasins&nbsp;: soutenez les gr\u00e9vistes samedi&nbsp;!<\/a> (RP)<\/p>\n\n\n\n<p><a href=\"https:\/\/www.clicanoo.re\/article\/societe\/2023\/11\/10\/greve-au-chu-on-ne-bloque-pas-on-ne-fait-que-distribuer-654d8ae19ece1\">Gr\u00e8ve au CHU : \u00ab\u00a0On ne bloque pas, on ne fait que distribuer des tracts\u00a0\u00bb<\/a> (Clicanoo)<\/p>\n\n\n\n<p><a href=\"https:\/\/www.midilibre.fr\/2023\/11\/09\/greve-a-la-poste-des-usagers-bloquent-un-entrepot-de-distribution-a-la-cavalerie-11569697.php\">Gr\u00e8ve \u00e0 la Poste : des usagers bloquent un entrep\u00f4t de distribution \u00e0 La Cavalerie<\/a> (Midi Libre)<\/p>\n\n\n\n<p><a href=\"https:\/\/www.francebleu.fr\/infos\/economie-social\/en-images-les-salaries-de-marelli-a-saint-julien-du-sault-de-nouveau-en-greve-illimitee-7191233\">Les salari\u00e9s de Marelli \u00e0 Saint-Julien-du-Sault de nouveau en gr\u00e8ve illimit\u00e9e<\/a> (ici)<\/p>\n\n\n\n<p><a href=\"https:\/\/www.lalsace.fr\/social\/2023\/11\/09\/greve-historique-chez-erismann\">Gr\u00e8ve historique chez Erismann<\/a> (L\u2019Alsace)<\/p>\n\n\n\n<p><a href=\"https:\/\/www.lanouvellerepublique.fr\/indre-et-loire\/commune\/blere\/blere-les-salaries-de-la-boite-d-a-cote-en-action-pour-la-greve-du-chomage\">Bl\u00e9r\u00e9&nbsp;: les salari\u00e9s de la Bo\u00eete d\u2019\u00e0 C\u00f4t\u00e9 en action pour la gr\u00e8ve du ch\u00f4mage<\/a> (La Nouvelle R\u00e9publique)<\/p>\n\n\n\n<p><a href=\"https:\/\/www.lavoixdunord.fr\/1394582\/article\/2023-11-09\/la-greve-continue-et-se-durcit-chez-specitubes-samer\">La gr\u00e8ve continue et se durcit chez Sp\u00e9citubes \u00e0 Samer<\/a> (La Voix du Nord)<\/p>\n\n\n\n<p><strong>Monde<\/strong><\/p>\n\n\n\n<p><a href=\"https:\/\/www.force-ouvriere.fr\/etats-unis-six-semaines-de-greve-dans-l-industrie-automobile\"><strong>\u00c9tats-Unis<\/strong>&nbsp;: six semaines de gr\u00e8ve dans l\u2019industrie automobile pour 25&nbsp;% d\u2019augmentation<\/a> (FO)<\/p>\n\n\n\n<p><a href=\"https:\/\/www.wsws.org\/fr\/articles\/2023\/11\/09\/pers-n09.html\">Pour une mobilisation totale de la classe ouvri\u00e8re le 9 novembre contre le g\u00e9nocide soutenu par l\u2019imp\u00e9rialisme \u00e0 Gaza<\/a> (WSWS)<\/p>\n\n\n\n<p><a href=\"https:\/\/www.equaltimes.org\/dans-un-contexte-de-crises-les\">Dans un contexte de crises, les services publics du <strong>Liban et d\u2019Afghanistan<\/strong>, d\u00e9j\u00e0 d\u00e9ficients, sont d\u00e9sormais dans un \u00e9tat d\u00e9sesp\u00e9r\u00e9<\/a> (Equal Times)<\/p>\n\n\n\n<p><a href=\"https:\/\/www.msn.com\/fr-fr\/actualite\/france\/seoul-metro-la-gr%C3%A8ve-davertissement-sach%C3%A8vera-%C3%A0-18h\/ar-AA1jGvQc\">Seoul Metro : la gr\u00e8ve d&rsquo;avertissement s&rsquo;ach\u00e8vera \u00e0 18h<\/a> (Yonhap)<\/p>\n\n\n\n<p><strong><a href=\"https:\/\/www.courrierinternational.com\/article\/mouvement-social-la-greve-des-acteurs-a-hollywood-aboutit-a-un-projet-d-accord-historique\">La gr\u00e8ve des acteurs \u00e0 Hollywood aboutit \u00e0 un projet d\u2019accord historique<\/a> (Courrier International)<\/strong><\/p>\n\n\n\n<p><a href=\"https:\/\/www.dhnet.be\/actu\/belgique\/2023\/11\/09\/la-reunion-entre-les-gestionnaires-du-rail-et-les-syndicats-na-rien-donne-de-concret-le-preavis-de-greve-pour-decembre-est-maintenu-HO2YM47TOBDF5CJMXEIBBIU7HQ\/\"><strong>Belgique<\/strong> La r\u00e9union entre les gestionnaires du rail et les syndicats \u201cn\u2019a rien donn\u00e9 de concret\u201d, le pr\u00e9avis de gr\u00e8ve pour d\u00e9cembre est maintenu<\/a> (DHnet)<\/p>\n\n\n\n<p><a href=\"https:\/\/hyeres.maville.com\/actu\/actudet_-greve-chez-tesla-en-suede-la-mobilisation-s-etend-et-prend-de-l-ampleur-_fil-6022874_actu.Htm\">Gr\u00e8ve chez Tesla en <strong>Su\u00e8de<\/strong>&nbsp;: la mobilisation s\u2019\u00e9tend et prend de l\u2019ampleur&nbsp;<\/a> (Ouest-France)<\/p>\n\n\n\n<p><strong><a href=\"https:\/\/ici.radio-canada.ca\/nouvelle\/2025497\/projet-loi-anti-briseurs-greve-depot-ottawa-syndicats\">Le projet de loi anti-briseurs de gr\u00e8ve d\u00e9pos\u00e9 \u00e0&nbsp;Ottawa, les syndicats applaudissent<\/a> (Radio Canada)<\/strong><\/p>\n\n\n\n<p><a href=\"https:\/\/www.zonebourse.com\/cours\/action\/MAGNA-INTERNATIONAL-INC-1410786\/actualite\/Le-syndicat-canadien-Unifor-et-Magna-reprennent-les-negociations-apres-une-greve-dans-une-usine-d-45290653\/\">Le syndicat <strong>canadien<\/strong> Unifor et Magna reprennent les n\u00e9gociations apr\u00e8s une gr\u00e8ve dans une usine de si\u00e8ges<\/a> (Zonebourse)<\/p>\n\n\n\n<p><a href=\"https:\/\/www.pressenza.com\/fr\/2023\/11\/panama-deuxieme-semaine-de-greve-contre-lexploitation-miniere\/\"><strong>Panama<\/strong> : deuxi\u00e8me semaine de gr\u00e8ve contre l\u2019exploitation mini\u00e8re<\/a> (Pressenza)<\/p>\n\n\n\n<p><a href=\"https:\/\/consonews.ma\/50772.html\"><strong>Maroc<\/strong> : Gr\u00e8ve de 48 heures : Les fonctionnaires des collectivit\u00e9s territoriales cessent le travail pendant deux jours.<\/a> (Consonnes)<\/p>\n\n\n\n<p><strong>Analyse<\/strong><\/p>\n\n\n\n<p><strong><a href=\"https:\/\/www.inegalites.fr\/ameliorer-le-travail-de-la-police-du-quotidien\">Comment r\u00e9pondre aux in\u00e9galit\u00e9s face \u00e0 l\u2019ins\u00e9curit\u00e9&nbsp;?<\/a> (Observatoire des in\u00e9galit\u00e9s)<\/strong><\/p>\n\n\n\n<p class=\"has-text-color\" style=\"color:#f70404\"><strong>9 novembre<\/strong><\/p>\n\n\n\n<p><a href=\"https:\/\/rebellyon.info\/GAZA-Halte-aux-crimes-contre-l-Humanite-25344\">Solidaires du peuple palestinien&nbsp;RASSEMBLEMENT&nbsp;vendredi 10&nbsp;novembre 18h Lyon<\/a> (Rebellyon)<\/p>\n\n\n\n<p><a href=\"https:\/\/www.revolutionpermanente.fr\/4-militant-e-s-de-RP-en-garde-a-vue-apres-un-collage-sur-la-Palestine-tous-a-Melun-a-12h\">4 militant\u00b7e\u00b7s de RP en garde-\u00e0-vue apr\u00e8s un collage sur la Palestine&nbsp;: tous \u00e0 Melun \u00e0 12h&nbsp;!<\/a> (RP)<\/p>\n\n\n\n<p><a href=\"https:\/\/www.humanite.fr\/social-et-economie\/arles\/quand-patrick-de-carolis-veut-installer-loffice-de-tourisme-darles-dans-la-bourse-du-travail\">Quand Patrick de Carolis veut installer l\u2019office de tourisme d\u2019Arles\u2026 dans la bourse du travail<\/a> (l\u2019Humanit\u00e9)<\/p>\n\n\n\n<p><a href=\"https:\/\/www.force-ouvriere.fr\/greve-a-meteo-france-on-ne-prevoit-pas-le-temps-qu-il-fera-sans\">Gr\u00e8ve \u00e0 M\u00e9t\u00e9o-France&nbsp;: On ne pr\u00e9voit pas le temps qu\u2019il fera sans pr\u00e9visionnis<\/a>tes (FO)<\/p>\n\n\n\n<p><a href=\"https:\/\/www.force-ouvriere.fr\/assurance-chomage-la-negociation-entre-dans-le-dur\">Assurance ch\u00f4mage&nbsp;: la n\u00e9gociation entre dans le dur<\/a> (FO)<\/p>\n\n\n\n<p><strong><a href=\"https:\/\/www.blast-info.fr\/articles\/2023\/le-salon-des-lanceurs-dalerte-les-11-12-et-13-novembre-prochains-O3h_NdFtR12GuLWcapLfnw\">Le salon des lanceurs d&rsquo;alerte, les 11, 12 et 13 novembre prochains<\/a> (Blast)<\/strong><\/p>\n\n\n\n<p><a href=\"https:\/\/lanticapitaliste.org\/actualite\/feminisme\/guerre-violences-solidarite-de-toutes-les-femmes-le-25-novembre\">Guerre, violences\u2009: solidarit\u00e9 de toutes les femmes le 25&nbsp;novembre<\/a> (l\u2019Anticapitaliste)<\/p>\n\n\n\n<p><a href=\"https:\/\/rapportsdeforce.fr\/classes-en-lutte\/un-acharnement-dans-les-hauts-de-seine-une-travailleuse-sociale-syndiquee-cgt-menacee-de-licenciement-110819560\">\u00ab Un acharnement \u00bb : dans les Hauts-de-Seine, une travailleuse sociale syndiqu\u00e9e CGT menac\u00e9e de licenciement<\/a> (Rapports de force)<\/p>\n\n\n\n<p><strong><a href=\"https:\/\/www.bondyblog.fr\/reportages\/dematerialisation-des-chibanis-prives-de-pensions-de-retraites-se-mobilisent\/\">D\u00e9mat\u00e9rialisation : des chibanis priv\u00e9s de pensions de retraites se mobilisent<\/a> (Bondy Blog)<\/strong><\/p>\n\n\n\n<p><a href=\"https:\/\/www.letelegramme.fr\/finistere\/brest-29200\/en-greve-les-medecins-urgentistes-du-chu-de-brest-sont-tres-inquiets-de-lavenir-qui-se-dessine-6464680.php\">En gr\u00e8ve, les m\u00e9decins urgentistes du CHU de Brest \u00ab&nbsp;sont tr\u00e8s inquiets de l\u2019avenir qui se dessine&nbsp;\u00bb<\/a> (Le T\u00e9l\u00e9gramme)<\/p>\n\n\n\n<p><a href=\"https:\/\/www.francebleu.fr\/infos\/societe\/greve-a-l-institut-mediterranee-formation-a-avignon-4326390\">Gr\u00e8ve \u00e0 l&rsquo;Institut M\u00e9diterran\u00e9e Formation \u00e0 Avignon<\/a> (France bleu)<\/p>\n\n\n\n<p><a href=\"https:\/\/www.cbnews.fr\/medias\/image-greve-france-3-contre-reforme-jt-80207\">Gr\u00e8ve \u00e0 France 3 contre la r\u00e9forme des JT<\/a> (CB news)<\/p>\n\n\n\n<p><a href=\"https:\/\/www.franceguyane.fr\/actualite\/social\/cayenne-les-services-municipaux-en-greve-960969.php\">Gr\u00e8ve \u00e0 Cayenne : le service de cantine suspendu<\/a> (France-Guyane)<\/p>\n\n\n\n<p><a href=\"https:\/\/www.midilibre.fr\/2023\/11\/08\/greve-a-la-poste-de-millau-entre-colis-transferes-en-catimini-et-syndicats-toujours-tres-en-colere-11567801.php\">Gr\u00e8ve \u00e0 la Poste de Millau\u2005: colis transf\u00e9r\u00e9s en catimini, syndicats en col\u00e8re et proposition d&rsquo;un mod\u00e9rateur par la pr\u00e9fet de l&rsquo;Aveyron<\/a> (Midi Libre)<\/p>\n\n\n\n<p><a href=\"https:\/\/www.lavoixdunord.fr\/1394245\/article\/2023-11-08\/mouvement-de-greve-specitubes-samer-une-grande-partie-du-personnel-debraye\">Mouvement de gr\u00e8ve \u00e0 Sp\u00e9citubes \u00e0 Samer, une grande partie du personnel a d\u00e9bray\u00e9<\/a> (La Voix du Nord)<\/p>\n\n\n\n<p><a href=\"https:\/\/www.msn.com\/fr-fr\/actualite\/france\/pouvoir-d-achat-menace-de-gr%C3%A8ve-illimit%C3%A9e-%C3%A0-la-mairie-de-bobigny\/ar-AA1jBVs8\">Pouvoir d\u2019achat : menace de gr\u00e8ve illimit\u00e9e \u00e0 la mairie de Bobigny<\/a> (Le Parisien)<\/p>\n\n\n\n<p><a href=\"https:\/\/www.ledauphine.com\/culture-loisirs\/2023\/11\/08\/isere-grenoble-mc2-une-partie-des-salaries-en-greve-une-representation-annulee\">MC2&nbsp;: une partie des salari\u00e9s en gr\u00e8ve,&nbsp;une repr\u00e9sentation annul\u00e9e<\/a> (le Dauphin\u00e9)<\/p>\n\n\n\n<p><a href=\"https:\/\/www.laprovence.com\/article\/france-monde\/30041096288358\/livraison-de-repas-just-eat-quasiment-a-larret-en-raison-dune-greve\">Livraison de repas : Just Eat quasiment \u00e0 l&rsquo;arr\u00eat en raison d&rsquo;une gr\u00e8ve<\/a> (La Provence)<\/p>\n\n\n\n<p><strong>Monde<\/strong><\/p>\n\n\n\n<p><strong><a href=\"https:\/\/www.wsws.org\/fr\/articles\/2023\/11\/08\/kajt-n08.html\">D\u00e9brayages de centaines de milliers de travailleurs du secteur public au Qu\u00e9bec<\/a> (WSWS)<\/strong><\/p>\n\n\n\n<p><a href=\"https:\/\/www.lemonde.fr\/international\/article\/2023\/11\/09\/a-hollywood-les-acteurs-obtiennent-un-accord-qui-devrait-mettre-fin-a-leur-greve-plus-d-un-mois-apres-les-scenaristes_6199057_3210.html\">A <strong>Hollywood<\/strong>, les acteurs obtiennent un accord qui devrait mettre fin \u00e0 leur gr\u00e8ve, plus d\u2019un mois apr\u00e8s les sc\u00e9naristes <\/a>(Le Monde)<\/p>\n\n\n\n<p><a href=\"https:\/\/bx1.be\/categories\/news\/greve-a-la-sncb-le-mecontentement-est-important\/\"><strong>Belgique<\/strong> &#8211; Gr\u00e8ve \u00e0 la SNCB : \u201cLe m\u00e9contentement est important\u201d<\/a> (bx 1)<\/p>\n\n\n\n<p><a href=\"https:\/\/www.lavenir.net\/regions\/verviers\/verviers\/2023\/11\/08\/greve-sur-le-rail-une-direction-sourde-a-nos-appels-cheminots-EST2KNW22RASBF2URT77WT25TY\/\">Belgique &#8211; Gr\u00e8ve sur le rail Verviers-Li\u00e8ge: \u00ab\u00a0Une direction sourde \u00e0 nos appels\u00a0\u00bb<\/a> (L\u2019avenir)<\/p>\n\n\n\n<p><strong><a href=\"https:\/\/www.msn.com\/fr-fr\/actualite\/other\/au-bangladesh-une-gr%C3%A8ve-historique-des-ouvriers-du-textile\/ar-AA1jBWPX\">Au Bangladesh, une gr\u00e8ve historique des ouvriers du textile<\/a> (Lib\u00e9ration)<\/strong><\/p>\n\n\n\n<p><a href=\"https:\/\/www.automobile-magazine.fr\/toute-l-actualite\/article\/40756-greve-de-tesla-en-suede-les-dockers-rejoignent-le-mouvement\">Gr\u00e8ve de Tesla en <strong>Su\u00e8de<\/strong> : les dockers rejoignent le mouvement !<\/a> (Automobile Magazine)<\/p>\n\n\n\n<p><a href=\"https:\/\/gabonactu.com\/depot-imminent-dun-preavis-de-greve-a-addax\/\"><strong>Gabon<\/strong> &#8211; D\u00e9p\u00f4t imminent d\u2019un pr\u00e9avis de gr\u00e8ve \u00e0 Addax<\/a>&nbsp;(Gabon actu)<\/p>\n\n\n\n<p><a href=\"https:\/\/www.zonebourse.com\/cours\/action\/DS-SMITH-PLC-9590140\/actualite\/Les-chauffeurs-de-DS-Smith-se-mettront-en-greve-en-novembre-pour-des-raisons-salariales-selon-le-s-45274515\/\"><strong>Royaume-Uni <\/strong>&#8211; Les chauffeurs de DS Smith se mettront en gr\u00e8ve en novembre pour des raisons salariales, selon le syndicat<\/a> (Zonebourse)<\/p>\n\n\n\n<p><strong>Analyse<\/strong><\/p>\n\n\n\n<p><a href=\"https:\/\/basta.media\/Exploitation-etres-humains-travailleuse-detachee-agricole-Yasmina-Tellal-fait-plier-grande-entreprise-travail-temporaire-Laboral-Terra\">L\u2019incroyable combat d\u2019une travailleuse agricole contre l\u2019exploitation des \u00eatres humains<\/a> (Basta!)<\/p>\n\n\n\n<p><strong><a href=\"https:\/\/theconversation.com\/un-effondrement-de-la-productivite-des-salaries-francais-en-trompe-loeil-217123\">Un effondrement de la productivit\u00e9 des salari\u00e9s fran\u00e7ais en&nbsp;trompe-l\u2019\u0153il<\/a> (The conversation)<\/strong><\/p>\n\n\n\n<p class=\"has-text-color\" style=\"color:#f70505\"><strong>8 novembre<\/strong><\/p>\n\n\n\n<p><a href=\"https:\/\/www.revolutionpermanente.fr\/Greve-a-Airbus-Il-faut-que-le-mouvement-s-elargisse-a-la-chaine-d-assemblage\">Gr\u00e8ve \u00e0 Airbus&nbsp;: \u00ab&nbsp;Il faut que le mouvement s\u2019\u00e9largisse \u00e0 la cha\u00eene d\u2019assemblage&nbsp;\u00bb<\/a> (RP)<\/p>\n\n\n\n<p><a href=\"https:\/\/www.humanite.fr\/social-et-economie\/agents-de-nettoyage\/a-brest-les-agents-de-nettoyage-des-sous-marins-en-greve-pour-leur-salaires\">\u00c0 Brest, les agents de nettoyage des sous-marins en gr\u00e8ve pour leur salaires<\/a> (l\u2019Humanit\u00e9)<\/p>\n\n\n\n<p><a href=\"https:\/\/www.touleco.fr\/Chez-Airbus-une-greve-souleve-la-question-de-la-securite-au,39881\">Chez Airbus, une gr\u00e8ve soul\u00e8ve la question de la s\u00e9curit\u00e9 au travai<\/a>l (Toul\u00e9co)<\/p>\n\n\n\n<p><a href=\"https:\/\/actu.fr\/ile-de-france\/paris_75056\/greve-a-la-sncf-du-8-novembre-quel-impact-sur-les-rer-et-trains-en-ile-de-france_60306323.html\">Gr\u00e8ve \u00e0 la SNCF du 8 novembre : quel impact sur les RER et trains en \u00cele-de-France<\/a> (actu)<\/p>\n\n\n\n<p><a href=\"https:\/\/www.midilibre.fr\/2023\/11\/07\/pres-de-60-jours-de-greve-pour-les-salaries-donet-du-chu-de-montpellier-on-ira-jusquau-bout-11565575.php\">Pr\u00e8s de 60 jours de gr\u00e8ve pour les salari\u00e9s d&rsquo;Onet \u00e0 Montpellier : \u00ab\u00a0On ira jusqu&rsquo;au bout\u00a0\u00bb<\/a> (Midi Libre)<\/p>\n\n\n\n<p><a href=\"https:\/\/la1ere.francetvinfo.fr\/guyane\/agents-municipaux-de-cayenne-en-greve-la-mairie-la-police-et-les-services-municipaux-bloques-1441757.html\">Agents municipaux de Cayenne en gr\u00e8ve : la mairie, la police et les services communaux bloqu\u00e9s<\/a> (Franceinfo)<\/p>\n\n\n\n<p><strong><a href=\"https:\/\/www.msn.com\/fr-fr\/actualite\/other\/france-gr%C3%A8ve-des-collaborateurs-parlementaires\/ar-AA1jxWvv\">France: gr\u00e8ve des collaborateurs parlementaires <\/a>(RFI)<\/strong><\/p>\n\n\n\n<p><a href=\"https:\/\/www.letelegramme.fr\/finistere\/brest-29200\/le-personnel-des-urgences-du-chu-de-brest-en-greve-depuis-ce-mardi-6464129.php\">Le personnel des urgences du CHU de Brest en gr\u00e8ve depuis ce mardi<\/a> (Le T\u00e9l\u00e9gramme)<\/p>\n\n\n\n<p><a href=\"https:\/\/www.leprogres.fr\/social\/2023\/11\/07\/a-roanne-les-livreurs-uber-eats-en-greve\">\u00c0 Roanne, les livreurs Uber eats en gr\u00e8ve<\/a> (Le Progr\u00e8s)<\/p>\n\n\n\n<p><a href=\"https:\/\/www.bienpublic.com\/environnement\/2023\/11\/07\/front-orageux-a-meteo-france-une-greve-se-prepare\">Front orageux \u00e0 M\u00e9t\u00e9o France&nbsp;: une gr\u00e8ve se pr\u00e9pare<\/a> (Le Bien&nbsp; Public)<\/p>\n\n\n\n<p><a href=\"https:\/\/www.charentelibre.fr\/charente\/cognac\/cognac-les-salariees-du-laboratoire-cerballiance-en-greve-17372708.php\">Cognac : les salari\u00e9es du laboratoire Cerballiance en gr\u00e8ve<\/a> ( Charente Libre)<\/p>\n\n\n\n<p><a href=\"https:\/\/www.temoignages.re\/social\/luttes-sociales\/chu-de-la-reunion-preavis-de-greve-illimitee-pour-le-9-novembre,108850\">CHU de La R\u00e9union&nbsp;: pr\u00e9avis de gr\u00e8ve illimit\u00e9e pour le 9 novembre<\/a> (T\u00e9moignages)<\/p>\n\n\n\n<p><a href=\"https:\/\/www.vosgesmatin.fr\/faits-divers-justice\/2023\/11\/07\/les-policiers-municipaux-de-saint-die-font-la-greve-des-pv\">Les policiers municipaux de Saint-Di\u00e9 font la gr\u00e8ve des PV<\/a> (Vosges Matin)<\/p>\n\n\n\n<p><strong>Monde<\/strong><\/p>\n\n\n\n<p><a href=\"https:\/\/www.revolutionpermanente.fr\/Espagne-Etats-Unis-dockers-et-manifestants-bloquent-l-envoi-d-armes-a-Israel-et-exigent-le-cessez\"><strong>Espagne<\/strong>, Etats-Unis&nbsp;: dockers et manifestants bloquent l\u2019envoi d\u2019armes \u00e0 Isra\u00ebl et exigent le cessez-le-feu<\/a> (RP)<\/p>\n\n\n\n<p><a href=\"https:\/\/www.wsws.org\/fr\/articles\/2023\/11\/07\/gjsy-n07.html\"><strong>USA<\/strong> &#8211; La bureaucratie de l\u2019AFL-CIO s\u2019attaque au soutien grandissant des travailleurs am\u00e9ricains \u00e0 la Palestine<\/a> (WSWS)<\/p>\n\n\n\n<p><a href=\"https:\/\/www.lalibre.be\/debats\/edito\/2023\/11\/08\/une-greve-du-rail-qui-passe-mal-Q3TPKB7WTJA53LE5CSQCSPQEUI\/\"><strong>Belgique<\/strong> &#8211; Une gr\u00e8ve du rail qui passe mal<\/a> (La Libre)<\/p>\n\n\n\n<p><a href=\"https:\/\/www.msn.com\/fr-fr\/actualite\/culture\/gr%C3%A8ve-%C3%A0-hollywood-les-acteurs-insatisfaits-de-la-derni%C3%A8re-offre-des-studios\/ar-AA1juZKh\">Gr\u00e8ve \u00e0 <strong>Hollywood<\/strong>: les acteurs insatisfaits de la \u00ab\u00a0derni\u00e8re\u00a0\u00bb offre des studios<\/a> (AFP)<\/p>\n\n\n\n<p><a href=\"https:\/\/www.lechodelaval.ca\/actualites\/politique\/597203\/etablissements-de-sante-la-fiq-en-greve-pour-deux-jours-a-compter-de-minuit\"><strong>Canada<\/strong> &#8211; \u00c9tablissements de sant\u00e9: la FIQ en gr\u00e8ve pour deux jours \u00e0 compter de minuit<\/a> (L\u2019\u00e9cho de Laval)<\/p>\n\n\n\n<p><a href=\"https:\/\/www.zonebourse.com\/cours\/matiere-premiere\/LME-COPPER-CASH-16161\/actualite\/Les-livraisons-de-cuivre-et-de-cobalt-en-provenance-du-Congo-sont-bloquees-par-la-greve-des-camion-45262359\/\">Les livraisons de cuivre et de cobalt en provenance du <strong>Congo<\/strong> sont bloqu\u00e9es par la gr\u00e8ve des camionneurs<\/a> (Zonebourse)<\/p>\n\n\n\n<p><strong><a href=\"https:\/\/www.zonebourse.com\/cours\/action\/AMAZON-COM-INC-12864605\/actualite\/Les-travailleurs-d-Amazon-dans-un-entrepot-au-Royaume-Uni-a-nouveau-en-greve-45256703\/\">Les travailleurs d&rsquo;Amazon dans un entrep\u00f4t au Royaume-Uni \u00e0 nouveau en gr\u00e8ve<\/a> (Zonebourse)<\/strong><\/p>\n\n\n\n<p><strong>Analyse<\/strong><\/p>\n\n\n\n<p><strong><a href=\"https:\/\/bellaciao.org\/Manpower-France-une-entreprise-qui-surfe-sur-la-precarite\">Manpower France, une entreprise qui surfe sur la pr\u00e9carit\u00e9<\/a>. (Bellaciao)<\/strong><\/p>\n\n\n\n<p><strong><a href=\"https:\/\/www.inegalites.fr\/Ou-vivent-les-classes-sociales\">O\u00f9 vivent les classes sociales&nbsp;?<\/a> (Observatoire des in\u00e9galit\u00e9s)<\/strong><\/p>\n\n\n\n<p><strong><a href=\"https:\/\/www.socialter.fr\/article\/cartographie-lutte-militante\">La cartographie comme outil de luttes<\/a> (Socilater)<\/strong><\/p>\n\n\n\n<p class=\"has-text-color\" style=\"color:#f60505\"><strong>7 novembre<\/strong><\/p>\n\n\n\n<p><a href=\"https:\/\/lepoing.net\/montpellier-plaintes-apres-une-manif-pro-palestine-les-organisateurs-denoncent-une-instrumentalisation\/\">Montpellier : plaintes apr\u00e8s une manif\u2019 pro-Palestine, les organisateurs d\u00e9noncent une \u201cinstrumentalisation\u201d<\/a> (Le Poing)<\/p>\n\n\n\n<p><a href=\"https:\/\/paris-luttes.info\/non-a-l-immigration-jetable-non-a-17538\">Non \u00e0 l\u2019immigration jetable, non \u00e0 la loi Darmanin, d\u00e9fendre et \u00e9tendre l\u2019aide m\u00e9dicale d\u2019\u00e9tat&nbsp;!<\/a> (Paris-Luttes info)<\/p>\n\n\n\n<p><a href=\"https:\/\/rebellyon.info\/10-ANS-du-Lyon-Antifa-Fest-25332\">10&nbsp;ANS&nbsp;du Lyon Antifa Fest<\/a> (Rebellyon)<\/p>\n\n\n\n<p><strong><a href=\"https:\/\/www.humanite.fr\/social-et-economie\/senat\/loi-immigration-les-travailleurs-sans-papiers-font-du-bruit-pour-se-faire-entendre-devant-le-senat\">Loi immigration&nbsp;: les travailleurs sans-papiers \u00ab&nbsp;font du bruit pour se faire entendre&nbsp;\u00bb devant le S\u00e9nat<\/a> (l\u2019Humanit\u00e9)<\/strong><\/p>\n\n\n\n<p><a href=\"https:\/\/www.force-ouvriere.fr\/apres-les-engagements-fo-revendique-des-actes-a-travail-egal\">Apr\u00e8s les engagements, FO revendique des actes&nbsp;: \u00e0 travail \u00e9gal, salaire \u00e9gal&nbsp;!<\/a> (FO)<\/p>\n\n\n\n<p><strong><a href=\"https:\/\/reporterre.net\/200-militants-bloquent-le-ministere-de-la-trahison-ecologique\">200 militants bloquent le minist\u00e8re de la \u00ab&nbsp;trahison \u00e9cologique&nbsp;\u00bb<\/a> (Reporterre)<\/strong><\/p>\n\n\n\n<p><a href=\"https:\/\/actu.fr\/societe\/greve-du-8-novembre-a-la-sncf-plusieurs-lignes-transilien-touchees-en-ile-de-france_60301700.html\">Gr\u00e8ve du 8 novembre \u00e0 la SNCF : plusieurs lignes Transilien touch\u00e9es en \u00cele-de-France<\/a> (actu)<\/p>\n\n\n\n<p><a href=\"https:\/\/www.msn.com\/fr-fr\/actualite\/other\/apr%C3%A8s-12-jours-de-gr%C3%A8ve-un-accord-trouv%C3%A9-entre-la-poste-et-les-gr%C3%A9vistes-de-thourotte\/ar-AA1jtVON\">Apr\u00e8s 12 jours de gr\u00e8ve, un accord trouv\u00e9 entre La Poste et les gr\u00e9vistes de Thourotte<\/a> (Le Parisien)<\/p>\n\n\n\n<p><a href=\"https:\/\/www.lavoixdunord.fr\/1393491\/article\/2023-11-06\/roubaix-la-greve-des-agents-de-la-cantine-reportee-lundi\">Roubaix : la gr\u00e8ve des agents de la cantine report\u00e9e \u00e0 lundi<\/a> (La Voix du Nord)<\/p>\n\n\n\n<p><a href=\"https:\/\/www.larepubliquedespyrenees.fr\/societe\/greve-et-manifestations\/mouvement-de-greve-lance-ce-lundi-a-la-clinique-d-aressy-17363636.php\">Mouvement de gr\u00e8ve lanc\u00e9 ce lundi \u00e0 la clinique d\u2019Aressy<\/a> (La R\u00e9publique des Pyr\u00e9n\u00e9es)<\/p>\n\n\n\n<p><a href=\"https:\/\/www.ledauphine.com\/economie\/2023\/11\/06\/greve-illimitee-des-techniciens-a-framatome-on-a-zero-perspective-d-evolution\">Gr\u00e8ve illimit\u00e9e des techniciens \u00e0 Framatome&nbsp;: \u00ab&nbsp;On a z\u00e9ro perspective d\u2019\u00e9volution&nbsp;\u00bb<\/a> (Le Dauphin\u00e9 Lib\u00e9r\u00e9)<\/p>\n\n\n\n<p><a href=\"https:\/\/www.bienpublic.com\/transport\/2023\/11\/06\/greve-a-divia-de-nouvelles-perturbations-annoncees-pour-la-journee-du-mercredi-8-novembre\">Gr\u00e8ve \u00e0 Divia : de nouvelles perturbations annonc\u00e9es pour la journ\u00e9e du mercredi 8 novembre<\/a> (Bien Public)<\/p>\n\n\n\n<p><strong><a href=\"https:\/\/france3-regions.francetvinfo.fr\/hauts-de-france\/somme\/amiens\/greve-des-salaries-d-une-filiale-d-air-liquide-c-est-beaucoup-de-colere-beaucoup-de-deception-2868110.html\">Gr\u00e8ve des salari\u00e9s d&rsquo;une filiale d&rsquo;Air Liquide, \u00ab\u00a0c&rsquo;est beaucoup de col\u00e8re, beaucoup de d\u00e9ception\u00a0\u00bb<\/a> (Franceinfo)<\/strong><\/p>\n\n\n\n<p><a href=\"https:\/\/www.msn.com\/fr-fr\/actualite\/other\/gr%C3%A8ve-reconduite-au-centre-pompidou-%C3%A0-nouveau-ferm%C3%A9-lundi\/ar-AA1jtACL\">Gr\u00e8ve reconduite au Centre Pompidou, \u00e0 nouveau ferm\u00e9 lundi<\/a> (Franceinfo)<\/p>\n\n\n\n<p><a href=\"https:\/\/solidaires.org\/sinformer-et-agir\/actualites-et-mobilisations\/sectorielles\/millau-la-greve-des-postieres-continue-besoin-de-soutien\/\">Millau : la gr\u00e8ve des postiers continue! Besoin de soutien !<\/a> (Solidaires)<\/p>\n\n\n\n<p><a href=\"https:\/\/www.nordlittoral.fr\/190350\/article\/2023-11-06\/gravelines-les-salaries-du-depot-petrolier-sont-en-greve-car-leurs-emplois-sont\">Gravelines : les salari\u00e9s du d\u00e9p\u00f4t p\u00e9trolier sont en gr\u00e8ve car leurs emplois sont menac\u00e9s<\/a> (Nord Littoral)<\/p>\n\n\n\n<p><strong>Monde<\/strong><\/p>\n\n\n\n<p><strong><a href=\"https:\/\/www.revolutionpermanente.fr\/Malgre-la-repression-des-travailleurs-de-la-sante-aux-Etats-Unis-s-organisent-pour-soutenir-la\">Malgr\u00e9 la r\u00e9pression, des travailleurs de la sant\u00e9 aux Etats-Unis s\u2019organisent pour soutenir la Palestine<\/a> (RP)<\/strong><\/p>\n\n\n\n<p><strong><a href=\"https:\/\/www.msn.com\/fr-ca\/actualites\/other\/gr%C3%A8ve-en-sant%C3%A9-400-cadres-mis-%C3%A0-contribution-%C3%A0-laval\/ar-AA1jup2d\">Canada : Gr\u00e8ve en sant\u00e9 : 400 cadres mis \u00e0 contribution \u00e0 Laval <\/a>(Radio Canada)<\/strong><\/p>\n\n\n\n<p><strong><a href=\"https:\/\/www.dhnet.be\/actu\/belgique\/2023\/11\/06\/greve-sur-le-rail-de-mardi-soir-a-jeudi-soir-les-syndicats-denoncent-la-ryanairisation-des-chemins-de-fer-UCXBZPROBFGDLKTQKD42G4EHDU\/\">Belgique : Gr\u00e8ve sur le rail de mardi soir \u00e0 jeudi soir&nbsp;: les syndicats d\u00e9noncent la \u201cRyanairisation des chemins de fer\u201d<\/a> (DH)<\/strong><\/p>\n\n\n\n<p><a href=\"https:\/\/www.autoplus.fr\/actualite\/tesla-salarie-greve-1290134.html\"><strong>Su\u00e8de<\/strong> Pourquoi ces salari\u00e9s de Tesla sont-ils en gr\u00e8ve ?<\/a> (Auto plus)<\/p>\n\n\n\n<p><a href=\"https:\/\/www.senenews.com\/enseignement-superieur\/ucad-les-professeurs-lancent-une-greve-et-rejoignent-les-etudiants_464890.html\"><strong>S\u00e9n\u00e9gal<\/strong> : UCAD : Les professeurs lancent une gr\u00e8ve et rejoignent les \u00e9tudiants<\/a> (Senenews)<\/p>\n\n\n\n<p class=\"has-text-color\" style=\"color:#f70404\"><strong>6 novembre<\/strong><\/p>\n\n\n\n<p><a href=\"https:\/\/rebellyon.info\/Plusieurs-actions-de-boycott-contre-des-25334\">Plusieurs actions de boycott contre des Macdos dans l\u2019agglom\u00e9ration lyonnaise<\/a> (Rebellyon)<\/p>\n\n\n\n<p><a href=\"https:\/\/www.ouest-france.fr\/pays-de-la-loire\/pontchateau-44160\/a-pontchateau-une-greve-pour-faire-de-lemploi-un-droit-7a3862bc-797e-11ee-8244-875977830c7e\">A Pontch\u00e2teau, une gr\u00e8ve pour faire de l\u2019emploi un droit<\/a> (Ouest-France)<\/p>\n\n\n\n<p><a href=\"https:\/\/www.herault-tribune.com\/articles\/montpellier-greve-des-livreurs-il-y-a-une-revolte-qui-se-prepare\/\">Montpellier : gr\u00e8ve des livreurs, \u201cIl y a une r\u00e9volte qui se pr\u00e9pare\u201d<\/a> (H\u00e9rault Tribune)<\/p>\n\n\n\n<p><a href=\"https:\/\/france3-regions.francetvinfo.fr\/normandie\/seine-maritime\/rouen\/pourquoi-la-capitainerie-du-port-de-rouen-est-en-greve-2867819.html\">Pourquoi la capitainerie du port de Rouen est en gr\u00e8ve<\/a> (Franceinfo)<\/p>\n\n\n\n<p><a href=\"https:\/\/www.courrier-picard.fr\/id463851\/article\/2023-11-05\/adep-assistance-filiale-dair-liquide-nouveau-en-greve-ce-lundi-6-novembre\">Adep assistance, filiale d\u2019Air Liquide, \u00e0 nouveau en gr\u00e8ve ce lundi 6 novembre \u00e0 Salou\u00ebl<\/a> (Courrier Picard)<\/p>\n\n\n\n<p><strong>Monde<\/strong><\/p>\n\n\n\n<p><strong><a href=\"https:\/\/www.wsws.org\/fr\/articles\/2023\/11\/06\/qrme-n06.html\">Etats-Unis : Un puissant appel aux travailleurs du port d\u2019Oakland bloque un navire militaire en route vers Isra\u00ebl<\/a> (WSWS)<\/strong><\/p>\n\n\n\n<p><a href=\"https:\/\/lanticapitaliste.org\/actualite\/international\/philippines-mindanao-ou-les-droits-des-peuples-indigenes-dans-la-region\"><strong>Philippines<\/strong> : Mindanao ou les droits des peuples indig\u00e8nes dans la r\u00e9gion autonome musulmane<\/a> (l\u2019Anticapitaliste)<\/p>\n\n\n\n<p><a href=\"https:\/\/www.lesoir.be\/547630\/article\/2023-11-06\/georges-gilkinet-sur-la-greve-la-sncb-ne-peut-pas-se-permettre-dappuyer-sur\"><strong>Belgique<\/strong> : Georges Gilkinet sur la gr\u00e8ve \u00e0 la SNCB&nbsp;: \u00ab&nbsp;On ne peut pas se permettre d\u2019appuyer sur pause&nbsp;\u00bb<\/a> (Le Soir)<\/p>\n\n\n\n<p><a href=\"https:\/\/www.pressafrik.com\/CBAO-les-syndicalistes-decretent-a-nouveau-72-heures-de-greve_a263960.html\"><strong>S\u00e9n\u00e9gal<\/strong> : CBAO: les syndicalistes d\u00e9cr\u00e8tent \u00e0 nouveau 72 heures de gr\u00e8ve<\/a> (Press Afrik)<\/p>\n\n\n\n<p><strong><a href=\"https:\/\/www.clubic.com\/actualite-507766-tesla-a-mis-en-colere-les-dockers-d-un-pays-europeen-qui-menacent-de-bloquer-l-arrivee-des-vehicules.html\">Su\u00e9de : Tesla a mis en col\u00e8re les dockers d&rsquo;un pays europ\u00e9en, qui menacent de bloquer l&rsquo;arriv\u00e9e des v\u00e9hicules <\/a>(Clubic)<\/strong><\/p>\n\n\n\n<p><a href=\"https:\/\/gabonactu.com\/mal-payes-et-maltraites-les-eboueurs-cessent-le-travail-a-libreville-qui-sent-mauvais\/\"><strong>Gabon<\/strong> : Mal pay\u00e9s et maltrait\u00e9s les \u00e9boueurs cessent le travail \u00e0 Libreville qui sent mauvais<\/a> (Gabon Actu)<\/p>\n\n\n\n<p><a href=\"https:\/\/www.msn.com\/fr-ca\/actualites\/other\/bataille-pour-l-opinion-publique-en-vue-de-la-gr%C3%A8ve-du-front-commun\/ar-AA1jrZZi\"><strong>Canada<\/strong> : Bataille pour l\u2019opinion publique en vue de la gr\u00e8ve du Front commun <\/a>(Radio Canada)<\/p>\n\n\n\n<p><strong>Analyse<\/strong><\/p>\n\n\n\n<p><strong><a href=\"https:\/\/lundi.am\/S-ecrire-dans-l-histoire-s-inscrire-dans-l-avenir\">S\u2019\u00e9crire dans l\u2019histoire, s\u2019inscrire dans l\u2019avenir<\/a> ( Lundi matin)<\/strong><\/p>\n\n\n\n<p><a href=\"https:\/\/lundi.am\/Theses-sur-le-concept-de-competence-1-3\">Th\u00e8se sur le concepts de comp\u00e9tences (1\/3)<\/a> (Lundi matin)<\/p>\n\n\n\n<p><strong><a href=\"https:\/\/www.youtube.com\/watch?v=UuirU5b8L1Q&amp;ab_channel=BLAST%2CLesouffledel%27info\">Salaire \u00e0 vie, revenu de base et si on changeait tout ? <\/a>(Blast)<\/strong><\/p>\n\n\n\n<p><strong><a href=\"https:\/\/www.humanite.fr\/social-et-economie\/egalite-femmes-hommes\/inegalites-salariales-payer-correctement-les-femmes-permet-de-les-proteger-dautres-violences\">In\u00e9galit\u00e9s salariales&nbsp;: \u00ab&nbsp;Payer correctement les femmes permet de les prot\u00e9ger d\u2019autres violences&nbsp;\u00bb<\/a>(l\u2019Humanit\u00e9)<\/strong><\/p>\n\n\n\n<p><a href=\"https:\/\/www.force-ouvriere.fr\/fonction-publique-une-annee-blanche-en-2024-est-inconcevable-18155\">Fonction publique&nbsp;: Une ann\u00e9e blanche en 2024 est inconcevable<\/a> (FO)<\/p>\n\n\n\n<p><a href=\"https:\/\/www.force-ouvriere.fr\/salaires-dans-les-branches-les-travailleurs-demandent-des\">Salaires dans les branches&nbsp;: les travailleurs demandent des am\u00e9liorations concr\u00e8tes<\/a> (FO)<\/p>\n\n\n\n<p><a href=\"https:\/\/basta.media\/parents-ecole-publique-cedent-pas-sirenes-prive-education-nationale\">Ces parents qui \u00ab&nbsp;portent l\u2019\u00e9cole publique&nbsp;\u00bb et ne c\u00e8dent pas aux sir\u00e8nes du priv\u00e9<\/a> (Basta!)<\/p>\n\n\n\n<p><a href=\"https:\/\/rapportsdeforce.fr\/linternationale\/lactu-des-oublie-e-s-gentrification-110619527\">L\u2019Actu des Oubli\u00e9.e.s : gentrification<\/a> (Rapports de force)<\/p>\n\n\n\n<p><a href=\"https:\/\/www.equaltimes.org\/eliya-zulu-demographe-malawien-la\">Eliya Zulu, d\u00e9mographe malawien&nbsp;: \u00ab&nbsp;La population jeune d\u2019Afrique pourrait \u00eatre le moteur de la transformation socio-\u00e9conomique du continent&nbsp;\u00bb<\/a> (Equal Times)<\/p>\n\n\n\n<p class=\"has-text-color\" style=\"color:#f30505\"><strong>4 novembre<\/strong><\/p>\n\n\n\n<p><strong><a href=\"https:\/\/bellaciao.org\/Le-droit-au-boycott-des-produits-israeliens-enfin-reconnu-par-la-Cour-de\">Le droit au boycott des produits isra\u00e9liens enfin reconnu par la Cour de cassation<\/a> (Bellaciao)<\/strong><\/p>\n\n\n\n<p><strong><a href=\"https:\/\/www.rue89strasbourg.com\/observatoire-strasbourgeois-libertes-publiques-manifester-liberte-fondamentale-284047\">L\u2019ODL  pointe les d\u00e9rives de la pr\u00e9fecture contre les pancartes et drapeaux en manifestation<\/a> (Rue 89)<\/strong><\/p>\n\n\n\n<p><a href=\"https:\/\/lepoing.net\/montpellier-une-greve-des-livreurs-peu-suivie-mais-en-construction\/\">Montpellier : une gr\u00e8ve des livreurs peu suivie mais en construction<\/a> (Le Poing)<\/p>\n\n\n\n<p><a href=\"https:\/\/www.revolutionpermanente.fr\/Airbus-La-production-est-l-arret-et-la-greve-est-reconduite-au-pole-peinture-de-Toulouse\">Airbus. \u00ab&nbsp;La production est \u00e0 l\u2019arr\u00eat et la gr\u00e8ve est reconduite&nbsp;\u00bb au p\u00f4le peinture de Toulouse<\/a> (RP)<\/p>\n\n\n\n<p><a href=\"https:\/\/www.humanite.fr\/social-et-economie\/hopital-delafontaine\/sous-effectif-centre-dhebergement-durgence-a-saint-denis-la-maternite-delafontaine-en-voie-dasphyxie\">Sous-effectif, centre d\u2019h\u00e9bergement d\u2019urgence\u2026 \u00c0 Saint-Denis, la maternit\u00e9 Delafontaine en voie d\u2019asphyxie<\/a> (l\u2019Humanit\u00e9)<\/p>\n\n\n\n<p><a href=\"https:\/\/www.force-ouvriere.fr\/a-la-secu-les-agents-vent-debout-contre-la-politique-salariale-18153\">\u00c0 la S\u00e9cu, les agents vent debout contre la politique salariale de l\u2019Ucanss<\/a> (FO)<\/p>\n\n\n\n<p><a href=\"https:\/\/www.sudouest.fr\/economie\/social\/royan-les-salaries-du-labo-cerballiance-en-greve-17321586.php\">Rayan&nbsp;: les salari\u00e9s du labo Cerballiance en gr\u00e8ve<\/a> (Sud Ouest)<\/p>\n\n\n\n<p><a href=\"https:\/\/france3-regions.francetvinfo.fr\/corse\/corse-du-sud\/grand-ajaccio\/greve-pas-de-ramassage-scolaire-en-corse-ce-lundi-pour-la-rentree-2866925.html\">Gr\u00e8ve : pas de ramassage scolaire en Corse ce lundi, pour la rentr\u00e9e<\/a> (franceinfo)<\/p>\n\n\n\n<p><a href=\"https:\/\/www.lobservateur.fr\/valenciennois-un-mouvement-de-greve-dans-les-dechetteries-ces-samedi-4-et-dimanche-5-novembre\/\">Valenciennois. Un mouvement de gr\u00e8ve dans les d\u00e9chetteries ces samedi 4 et dimanche 5 novembre<\/a> (L\u2019observateur)<\/p>\n\n\n\n<p><a href=\"https:\/\/www.zinfos974.com\/la-plaine-des-palmistes-fait-la-greve-du-chomage\/\">La Plaine-des-Palmistes fait la gr\u00e8ve du ch\u00f4mage<\/a> (zinfos 974)<\/p>\n\n\n\n<p><a href=\"https:\/\/actu.fr\/normandie\/rouen_76540\/greve-a-la-capitainerie-du-port-de-rouen-il-n-y-a-plus-de-suivi-des-navires_60291639.html\">Gr\u00e8ve \u00e0 la capitainerie du port de Rouen : \u00ab Il n&rsquo;y a plus de suivi des navires \u00bb<\/a> (actu)<\/p>\n\n\n\n<p><a href=\"https:\/\/www.clicanoo.re\/article\/societe\/2023\/11\/04\/la-greve-a-pris-fin-a-lusine-du-gol-6545a0f2b212b\">La gr\u00e8ve a pris fin \u00e0 l&rsquo;usine du Gol <\/a>(Clicanoo)<\/p>\n\n\n\n<p><a href=\"https:\/\/www.francebleu.fr\/infos\/transports\/dijon-la-greve-continuera-de-perturber-les-transports-en-commun-divia-le-lundi-6-novembre-3987785\">Dijon&nbsp;: la gr\u00e8ve continuera de perturber les transports en commun Divia lundi 6 novembre<\/a> (ici)<\/p>\n\n\n\n<p><a href=\"https:\/\/actu.fr\/hauts-de-france\/thourotte_60636\/ces-facteurs-sont-en-greve-illimitee-depuis-dix-jours-dans-l-oise-un-metier-usant_60290743.html\">Ces facteurs sont en gr\u00e8ve illimit\u00e9e depuis dix jours dans l&rsquo;Oise, \u00ab un m\u00e9tier usant \u00bb<\/a> (actu)<\/p>\n\n\n\n<p><strong>Monde<\/strong><\/p>\n\n\n\n<p><a href=\"https:\/\/ici.radio-canada.ca\/info\/videos\/1-8847002\/enseignants-greve-generale-illimitee-23-novembre\"><strong>Canada<\/strong> : Enseignants : gr\u00e8ve g\u00e9n\u00e9rale illimit\u00e9e le 23 novembre<\/a> (Radio Canada)<\/p>\n\n\n\n<p><a href=\"https:\/\/teranganews.sn\/2023\/11\/ziguinchor-greve-mouvementee-a-luasz-les-etudiants-reclament-la-liberation-immediate-et-sans-conditions-des-leurs\/\"><strong>S\u00e9n\u00e9gal<\/strong> &#8211; Ziguinchor \u2013 Gr\u00e8ve mouvement\u00e9e \u00e0 l\u2019UASZ : Les \u00e9tudiants r\u00e9clament \u00ab la lib\u00e9ration imm\u00e9diate et sans conditions \u00bb des leurs<\/a> (Teranga news)<\/p>\n\n\n\n<p><a href=\"https:\/\/www.journaldemontreal.com\/2023\/11\/03\/les-employes-de-tesla-etendent-leur-greve-en-suede\">Les employ\u00e9s de Tesla \u00e9tendent leur gr\u00e8ve en <strong>Su\u00e8de<\/strong><\/a> (Journal de Montr\u00e9al)<\/p>\n\n\n\n<p><strong>Analyse<\/strong><\/p>\n\n\n\n<p><strong><a href=\"https:\/\/www.blast-info.fr\/articles\/2023\/crise-de-leau-en-guadeloupe-la-nouvelle-gifle-de-lonu-a-la-france-Q2kljVUFScOW_2U5aT9ugw\">Crise de l\u2019eau en Guadeloupe&nbsp;: la nouvelle gifle de l\u2019ONU \u00e0 la France<\/a> (Blast)<\/strong><\/p>\n\n\n\n<p class=\"has-text-color\" style=\"color:#fa0202\"><strong>3 novembre<\/strong><\/p>\n\n\n\n<p><strong><a href=\"https:\/\/france.attac.org\/actus-et-medias\/salle-de-presse\/article\/contre-la-loi-darmanin-appel-a-une-mobilisation-nationale-le-6-novembre\">Contre la loi Darmanin, appel \u00e0 une mobilisation nationale le 6 novembre<\/a> (Attac)<\/strong><\/p>\n\n\n\n<p><a href=\"https:\/\/rebellyon.info\/Occupation-de-la-DR-de-Pole-Emploi-contre-25326\">Occupation de la&nbsp;DR&nbsp;de Pole Emploi contre France Travail<\/a> (Rebellyon)<\/p>\n\n\n\n<p><a href=\"https:\/\/www.revolutionpermanente.fr\/Airbus-Greve-spontanee-contre-le-licenciement-d-un-collegue-au-pole-peinture\">Airbus. Gr\u00e8ve spontan\u00e9e contre le licenciement d\u2019un coll\u00e8gue au p\u00f4le peinture <\/a>(RP)<\/p>\n\n\n\n<p><a href=\"https:\/\/www.midilibre.fr\/2023\/11\/02\/greve-des-facteurs-la-maire-de-millau-souhaite-desamorcer-la-situation-11556561.php\">Gr\u00e8ve des facteurs : la maire de Millau souhaite d\u00e9samorcer la situation<\/a> (Midi Libre)<\/p>\n\n\n\n<p><a href=\"https:\/\/actu.fr\/occitanie\/montpellier_34172\/chu-de-montpellier-nettoyage-une-quarantaine-de-salaries-d-onet-en-greve-et-dans-la-rue_60283409.html\">CHU de Montpellier. Nettoyage : une quarantaine de salari\u00e9s d&rsquo;Onet en gr\u00e8ve et dans la rue<\/a> (actu)<\/p>\n\n\n\n<p><a href=\"https:\/\/www.linfo.re\/videos?ps=69001871\">Gr\u00e8ve illimit\u00e9e au CHU de La R\u00e9union&nbsp;: G\u00e9rard Cotellon, directeur de l\u2019ARS r\u00e9agit<\/a> (L\u2019info re)<\/p>\n\n\n\n<p><a href=\"https:\/\/www.estrepublicain.fr\/social\/2023\/11\/02\/les-travailleurs-sociaux-de-l-ars-en-colere-face-au-manque-d-hebergements-d-urgence\">Les travailleurs sociaux de l\u2019Ars en col\u00e8re face au manque d\u2019h\u00e9bergements d\u2019urgence<\/a> (L\u2019Est R\u00e9publicain)<\/p>\n\n\n\n<p><a href=\"https:\/\/la1ere.francetvinfo.fr\/reunion\/spl-estival-les-syndicats-prets-a-boycotter-le-nouveau-plan-social-de-l-emploi-1440593.html\">SPL Estival : les syndicats pr\u00eats \u00e0 boycotter le nouveau plan social de l\u2019emploi<\/a> (franceinfo)<\/p>\n\n\n\n<p><strong>Monde<\/strong><\/p>\n\n\n\n<p><a href=\"https:\/\/www.zonebourse.com\/cours\/action\/CAESARS-ENTERTAINMENT-INC-6881150\/actualite\/Les-employes-des-casinos-et-des-hotels-de-Las-Vegas-fixent-une-date-limite-pour-la-greve-apres-l-45228421\/\">Les employ\u00e9s des casinos et des h\u00f4tels de <strong>Las Vegas<\/strong> fixent une date limite pour la gr\u00e8ve<\/a> (Zonebourse)<\/p>\n\n\n\n<p><a href=\"https:\/\/www.ptb.be\/actualites\/gares-sans-personnel-retards-navetteurs-en-galere-les-enjeux-caches-de-la-greve%60\"><strong>Belgique<\/strong> : Gares sans personnel, retards, navetteurs en gal\u00e8re&nbsp;: les enjeux cach\u00e9s de la gr\u00e8ve<\/a> (ptb)<\/p>\n\n\n\n<p><strong><a href=\"https:\/\/www.rts.ch\/info\/economie\/14437752-les-ouvriers-du-textile-au-bangladesh-en-greve-pour-de-meilleurs-salaires.html\">Les ouvriers du textile au Bangladesh en gr\u00e8ve pour de meilleurs salaires<\/a> (RTS)<\/strong><\/p>\n\n\n\n<p><a href=\"https:\/\/gabonactu.com\/les-employes-de-clean-africa-en-greve-generale-pour-protester-contre-des-salaires-minables\/\"><strong>Gabon<\/strong> : Les employ\u00e9s de Clean Africa en gr\u00e8ve g\u00e9n\u00e9rale contre des salaires minables de<\/a> (Gabon actu)<\/p>\n\n\n\n<p><a href=\"https:\/\/senego.com\/cbao-une-nouvelle-greve-de-48-decretee-par-les-travailleurs_1618536.html\"><strong>S\u00e9n\u00e9gal<\/strong> : Cbao: Une nouvelle gr\u00e8ve de 48 d\u00e9cr\u00e9t\u00e9e par les travailleurs<\/a> (Senego)<\/p>\n\n\n\n<p><a href=\"https:\/\/www.alwihdainfo.com\/Tchad-le-Syndicat-des-enseignants-lance-une-greve-de-sept-jours_a127570.html\">&nbsp;<strong>Tchad<\/strong> : le Syndicat des enseignants lance une gr\u00e8ve de sept jours<\/a> (Alwidha)<\/p>\n\n\n\n<p><strong>Analyse<\/strong><\/p>\n\n\n\n<p><strong><a href=\"https:\/\/www.liberation.fr\/politique\/reforme-du-rsa-a-gauche-le-conseil-constitutionnel-comme-dernier-recours-20231102_34UXCKKT3BBNNAAMYMMCZFOP2U\/\">R\u00e9forme du RSA&nbsp;: \u00e0 gauche, le Conseil constitutionnel comme dernier recours<\/a>&nbsp; (Lib\u00e9ration)<\/strong><\/p>\n\n\n\n<p><strong><a href=\"https:\/\/www.humanite.fr\/social-et-economie\/attac\/alice-picard-en-militant-avec-attac-on-est-moins-demuni\">Alice Picard&nbsp;: \u00ab&nbsp;En militant avec Attac, on est moins d\u00e9muni&nbsp;\u00bb<\/a> (l\u2019Humanit\u00e9)<\/strong><\/p>\n\n\n\n<p><strong><a href=\"https:\/\/www.socialter.fr\/article\/collectif-icare-polyactivite-travail-ecologie\">Pour un nouveau rapport au travail\u2009: exp\u00e9rimenter la polyactivit\u00e9<\/a> (Socialter)<\/strong><\/p>\n\n\n\n<p class=\"has-text-color\" style=\"color:#f70606\"><strong>2 novembre<\/strong><\/p>\n\n\n\n<p><a href=\"https:\/\/paris-luttes.info\/affiches-journal-mural-contre-les-17521\">Affiches \/ journal mural contre les&nbsp;JO&nbsp;!<\/a> (Paris-Luttes info)<\/p>\n\n\n\n<p><a href=\"https:\/\/rebellyon.info\/SAMEDI-4-NOV-15h-LYON-BELLECOUR-HALTE-AUX-25315\">Halte aux crimes contre l\u2019humanit\u00e9, marchons pour Gaza samedi 4 nov -15h Bellecour <\/a>(Rebellyon)<\/p>\n\n\n\n<p><a href=\"https:\/\/www.force-ouvriere.fr\/a-la-clinique-nct-de-tours-de-pas-en-pas-vers-la-victoire\">\u00c0 la clinique NCT+ de Tours, de pas en pas vers la victoire<\/a> (FO)<\/p>\n\n\n\n<p><a href=\"https:\/\/basta.media\/ca-va-defoncer-les-coraux-mobilisation-tahiti-ctour-surf-jo-Paris-2024\">\u00ab&nbsp;\u00c7a va d\u00e9foncer les coraux&nbsp;\u00bb&nbsp;: mobilisation \u00e0 Tahiti contre la tour de surf des JO<\/a> (Basta!)<\/p>\n\n\n\n<p><a href=\"https:\/\/www.francebleu.fr\/infos\/transports\/dijon-une-deuxieme-journee-de-greve-dans-les-transports-en-commun-ce-vendredi-3-novembre-3246508\">Dijon&nbsp;: une deuxi\u00e8me journ\u00e9e de gr\u00e8ve dans les transports en commun vendredi 3 novembre<\/a> (ici)<\/p>\n\n\n\n<p><a href=\"https:\/\/la1ere.francetvinfo.fr\/mayotte\/journee-de-greve-prevue-par-l-intersyndicale-de-l-education-nationale-ce-jeudi-2-novembre-1440434.html\">Journ\u00e9e de gr\u00e8ve pr\u00e9vue par l\u2019intersyndicale de l\u2019\u00c9ducation nationale, ce jeudi 2 novembre<\/a> (Franceinfo)<\/p>\n\n\n\n<p><strong>Monde<\/strong><\/p>\n\n\n\n<p><a href=\"https:\/\/www.humanite.fr\/social-et-economie\/desindustrialisation\/florence-des-anciens-ouvriers-de-lusine-gkn-menent-une-lutte-historique-et-creative\"><strong>Florence<\/strong>&nbsp;: des anciens ouvriers de l\u2019usine GKN m\u00e8nent une lutte historique et cr\u00e9ative<\/a> (l\u2019Humanit\u00e9)<\/p>\n\n\n\n<p><strong><a href=\"https:\/\/www.force-ouvriere.fr\/13-heures-par-jour-6-jours-sur-7-le-droit-du-travail-deregule-en\">13 heures par jour, 6 jours sur 7&nbsp;: le droit du travail d\u00e9r\u00e9gul\u00e9 en Gr\u00e8ce<\/a> (FO)<\/strong><\/p>\n\n\n\n<p><a href=\"https:\/\/rapportsdeforce.fr\/linternationale\/greve-dans-lautomobile-aux-etats-unis-ce-qui-a-ete-gagne-110119502\">Gr\u00e8ve dans l\u2019automobile aux <strong>\u00c9tats-Unis<\/strong> : ce qui a \u00e9t\u00e9 gagn\u00e9<\/a> (Rapports de force)<\/p>\n\n\n\n<p><strong><a href=\"https:\/\/sana.sy\/fr\/?p=309082\">Une gr\u00e8ve g\u00e9n\u00e9rale toute la Cisjordanie en d\u00e9nonciation de l\u2019agression de l\u2019occupation isra\u00e9lienne fasciste<\/a> (Sana)<\/strong><\/p>\n\n\n\n<p><a href=\"https:\/\/guineenews.org\/vers-une-greve-generale-des-travailleurs-en-guinee-abdoulaye-sow-de-lustg-alerte\/\">Vers une gr\u00e8ve g\u00e9n\u00e9rale des travailleurs en <strong>Guin\u00e9e<\/strong> ? : Abdoulaye Sow de l\u2019USTG alerte<\/a> (Guin\u00e9e News)<\/p>\n\n\n\n<p><a href=\"https:\/\/www.msn.com\/fr-ca\/actualites\/R%C3%A9gion%20de%20Gatineau\/gr%C3%A8ve-du-personnel-cong%C3%A9-lundi-matin-pour-des-milliers-d-%C3%A9l%C3%A8ves-en-outaouais\/ar-AA1jax0P\"><strong>Canada<\/strong> : Gr\u00e8ve du personnel : cong\u00e9 lundi matin pour des milliers d\u2019\u00e9l\u00e8ves en Outaouais<\/a> (Radio Canada)<\/p>\n\n\n\n<p><strong>Analyse<\/strong><\/p>\n\n\n\n<p><strong><a href=\"https:\/\/www.revolutionpermanente.fr\/Logement-17-500-expulsions-en-2022-un-chiffre-record-en-pleine-crise-sociale\">Logement. 17 500 expulsions en 2022&nbsp;: un chiffre record en pleine crise sociale<\/a> (RP)<\/strong><\/p>\n\n\n\n<p><a href=\"https:\/\/basta.media\/Gorillas-si-sans-papiers-est-soulage-quitter-boite-travail-entreprises-livraison\">\u00ab&nbsp;Si un sans-papiers est soulag\u00e9 de quitter une bo\u00eete, imaginez ce qu\u2019il a subi&nbsp;\u00bb<\/a> (Basta!)<\/p>\n\n\n\n<p><strong><a href=\"https:\/\/www.ledevoir.com\/opinion\/idees\/801162\/idees-greve-lit\">La gr\u00e8ve de mon lit<\/a> (Le Devoir)<\/strong><\/p>\n\n\n\n<p class=\"has-text-color\" style=\"color:#f70606\"><strong>1er novembre<\/strong><\/p>\n\n\n\n<p><a href=\"https:\/\/lepoing.net\/montpellier-50-jours-de-greve-pour-les-salariees-donet-les-invisibles-de-lhopital\/\">Montpellier : 50 jours de gr\u00e8ve pour les salari\u00e9es d\u2019Onet, \u201cles invisibles de l\u2019h\u00f4pital\u201c<\/a> (Le Poing)<\/p>\n\n\n\n<p><strong><a href=\"https:\/\/lundi.am\/Contre-Lafarge-et-le-monde-du-beton\">Contre Lafarge et le monde dus b\u00e9ton<\/a> (Lundi matin)<\/strong><\/p>\n\n\n\n<p><a href=\"https:\/\/www.humanite.fr\/social-et-economie\/cathy-apourceau-poly\/amnistie-des-mouvements-sociaux-le-senat-rejette-la-proposition-communiste\">Amnistie des mouvements sociaux : le S\u00e9nat rejette la proposition communiste<\/a> (l\u2019Humanit\u00e9)<\/p>\n\n\n\n<p><strong><a href=\"https:\/\/lanticapitaliste.org\/actualite\/societe\/paris-2024-entorses-au-droit-du-travail-et-redwashing\">Paris 2024\u2009: entorses au droit du travail et redwashing<\/a> (l\u2019Anticapitaliste)<\/strong><\/p>\n\n\n\n<p><a href=\"https:\/\/www.midilibre.fr\/2023\/10\/31\/greve-a-la-poste-de-millau-la-mediation-refusee-les-facteurs-devant-la-sous-prefecture-11553080.php\">Gr\u00e8ve \u00e0 La Poste de Millau : la m\u00e9diation refus\u00e9e, les facteurs devant la sous-pr\u00e9fecture<\/a> (Midi Libre)<\/p>\n\n\n\n<p><a href=\"https:\/\/www.bienpublic.com\/transport\/2023\/10\/31\/greve-a-keolis-dijon-multimodalite-la-circulation-des-bus-divia-perturbee\">Gr\u00e8ve \u00e0 Keolis Dijon Multimodalit\u00e9 : la circulation des bus Divia perturb\u00e9e<\/a> (Bien public)<\/p>\n\n\n\n<p><a href=\"https:\/\/www.lavoixdunord.fr\/1391499\/article\/2023-10-31\/calais-mouvements-de-greves-chez-po-et-irish-ferries-pas-d-impact-sur-le-trafic\">Calais: mouvements de gr\u00e8ves chez P&amp;O et Irish Ferries, pas d\u2019impact sur le trafic<\/a> (La Voix du Nord)<\/p>\n\n\n\n<p><a href=\"https:\/\/www.francebleu.fr\/infos\/faits-divers-justice\/des-compagnons-grevistes-d-emmaues-a-saint-andre-lez-lille-devant-la-justice-3143459\">Des compagnons gr\u00e9vistes d&rsquo;Emma\u00fcs \u00e0 Saint-Andr\u00e9-lez-Lille devant la justice<\/a> (ici)<\/p>\n\n\n\n<p><a href=\"https:\/\/www.francebleu.fr\/infos\/societe\/greve-aux-urgences-de-l-hopital-du-mans-la-journee-de-travail-de-12-heures-divise-3851845\">Gr\u00e8ve aux urgences de l&rsquo;h\u00f4pital du Mans&nbsp;: la journ\u00e9e de travail de 12 heures divise<\/a> (ici)<\/p>\n\n\n\n<p><strong>Monde<\/strong><\/p>\n\n\n\n<p><strong><a href=\"https:\/\/www.revolutionpermanente.fr\/Des-syndicats-belges-de-la-manutention-refusent-de-transporter-des-armes-vers-Israel\">Des syndicats belges de la manutention refusent de transporter des armes vers Isra\u00ebl<\/a> (RP)<\/strong><\/p>\n\n\n\n<p><a href=\"https:\/\/www.tvanouvelles.ca\/2023\/10\/31\/une-greve-dautobus-touche-environ-15-000-eleves-a-montreal\">Une gr\u00e8ve d&rsquo;autobus touche environ 15 000 \u00e9l\u00e8ves \u00e0 <strong>Montr\u00e9al<\/strong><\/a> (TVA Nouvelles)<\/p>\n\n\n\n<p><strong><a href=\"https:\/\/www.humanite.fr\/monde\/automobile\/greve-automobile-aux-etats-unis-le-syndicat-uaw-fait-plier-general-motors-ford-et-stellantis\">Gr\u00e8ve automobile aux \u00c9tats-Unis&nbsp;: le syndicat UAW fait plier General Motors, Ford et Stellantis<\/a> (l\u2019Humanit\u00e9)<\/strong><\/p>\n\n\n\n<p><strong>Analyse<\/strong><\/p>\n\n\n\n<p><strong><a href=\"https:\/\/www.frustrationmagazine.fr\/desespoir\/\">D\u00e9sespoirs<\/a> (Frustration)<\/strong><\/p>\n\n\n\n<p><a href=\"https:\/\/rapportsdeforce.fr\/chomage\/projet-de-loi-plein-emploi-les-15-heures-dactivite-concerneront-potentiellement-tous-les-demandeurs-demploi-103119472\">Projet de loi \u00ab plein emploi \u00bb : les 15 heures d\u2019activit\u00e9 concerneront potentiellement tous les demandeurs d\u2019emploi<\/a> (Rapports de force)<\/p>\n","protected":false},"excerpt":{"rendered":"<p>30 novembre Contre le ch\u00f4mage et la pr\u00e9carit\u00e9&nbsp;: non \u00e0 France Travail&nbsp;! Rassemblement samedi 2\/12 (Paris-Luttes info) La m\u00e9tropole de Lyon expulse des nourissons&nbsp;! (Rebellyon) Gr\u00e8ve au Centre Pompidou\u00a0: \u00ab\u00a0J\u2019ai peur pour la transmission des savoirs\u00a0\u00bb (l\u2019Humanit\u00e9) France 3&nbsp;: gr\u00e8ve massive pour un moratoire sur la r\u00e9forme de l\u2019information (FO) \u00ab Plus rien \u00e0 perdre &#8230; <a title=\"Novembre &#8211; Social\" class=\"read-more\" href=\"https:\/\/www.rdpemancipation.org\/?p=121754\" aria-label=\"En savoir plus sur Novembre &#8211; Social\">Lire la suite<\/a><\/p>\n","protected":false},"author":1,"featured_media":0,"comment_status":"closed","ping_status":"closed","sticky":false,"template":"","format":"standard","meta":{"_lmt_disableupdate":"","_lmt_disable":"","_jetpack_memberships_contains_paid_content":false,"footnotes":""},"categories":[8],"tags":[],"class_list":["post-121754","post","type-post","status-publish","format-standard","hentry","category-social"],"modified_by":"man","jetpack_featured_media_url":"","jetpack_sharing_enabled":true,"_links":{"self":[{"href":"https:\/\/www.rdpemancipation.org\/index.php?rest_route=\/wp\/v2\/posts\/121754","targetHints":{"allow":["GET"]}}],"collection":[{"href":"https:\/\/www.rdpemancipation.org\/index.php?rest_route=\/wp\/v2\/posts"}],"about":[{"href":"https:\/\/www.rdpemancipation.org\/index.php?rest_route=\/wp\/v2\/types\/post"}],"author":[{"embeddable":true,"href":"https:\/\/www.rdpemancipation.org\/index.php?rest_route=\/wp\/v2\/users\/1"}],"replies":[{"embeddable":true,"href":"https:\/\/www.rdpemancipation.org\/index.php?rest_route=%2Fwp%2Fv2%2Fcomments&post=121754"}],"version-history":[{"count":55,"href":"https:\/\/www.rdpemancipation.org\/index.php?rest_route=\/wp\/v2\/posts\/121754\/revisions"}],"predecessor-version":[{"id":122802,"href":"https:\/\/www.rdpemancipation.org\/index.php?rest_route=\/wp\/v2\/posts\/121754\/revisions\/122802"}],"wp:attachment":[{"href":"https:\/\/www.rdpemancipation.org\/index.php?rest_route=%2Fwp%2Fv2%2Fmedia&parent=121754"}],"wp:term":[{"taxonomy":"category","embeddable":true,"href":"https:\/\/www.rdpemancipation.org\/index.php?rest_route=%2Fwp%2Fv2%2Fcategories&post=121754"},{"taxonomy":"post_tag","embeddable":true,"href":"https:\/\/www.rdpemancipation.org\/index.php?rest_route=%2Fwp%2Fv2%2Ftags&post=121754"}],"curies":[{"name":"wp","href":"https:\/\/api.w.org\/{rel}","templated":true}]}}