{"id":121752,"date":"2023-11-01T15:35:51","date_gmt":"2023-11-01T14:35:51","guid":{"rendered":"https:\/\/www.rdpemancipation.org\/?p=121752"},"modified":"2023-11-30T19:39:17","modified_gmt":"2023-11-30T18:39:17","slug":"novembre-politique-3","status":"publish","type":"post","link":"https:\/\/www.rdpemancipation.org\/?p=121752","title":{"rendered":"Novembre &#8211; Politique"},"content":{"rendered":"\n<p><mark style=\"background-color:rgba(0, 0, 0, 0);color:#ee0505\" class=\"has-inline-color\"><strong>30 novembre<\/strong><\/mark><\/p>\n\n\n\n<p><strong>France<\/strong><\/p>\n\n\n\n<p><strong><a href=\"https:\/\/aplutsoc.org\/2023\/11\/29\/appel-a-mobilisation-generale-contre-la-loi-darmanin-avec-des-manifestations-dans-tout-le-pays-le-18-decembre\/\" target=\"_blank\" rel=\"noreferrer noopener\">Appel \u00e0 mobilisation g\u00e9n\u00e9rale contre la loi Darmanin \u2013 Manifestations dans tout le pays le 18 d\u00e9cembre<\/a>\u00a0\u00a0<\/strong>(Aplutsoc)<\/p>\n\n\n\n<p><a href=\"https:\/\/regards.fr\/six-ans-en-macronie\/\">Six ans et demi en Macronie : 18 condamnations, 7 mises en examen et 13 enqu\u00eates en cours<\/a>&nbsp;(Regards)<\/p>\n\n\n\n<p><a href=\"https:\/\/lvsl.fr\/R\u00e9forme%20des%20grands%20corps&nbsp;:%20le%20grand%20enfumage%20de%20Macron&nbsp;?\">R\u00e9forme des grands corps&nbsp;: le grand enfumage de Macron&nbsp;?<\/a> (LVSL)<\/p>\n\n\n\n<p><a href=\"https:\/\/basta.media\/Violences-policieres-des-versions-officielles-trop-souvent-dementies-par-les-faits\" target=\"_blank\" rel=\"noreferrer noopener\"><strong>Violences polici\u00e8res : des versions officielles trop souvent d\u00e9menties par les fa<\/strong>its<\/a> (Basta!)<\/p>\n\n\n\n<p><a href=\"https:\/\/reporterre.net\/Megabassines-le-gratin-de-l-extreme-gauche-en-proces\" target=\"_blank\" rel=\"noreferrer noopener\"><strong>M\u00e9gabassines&nbsp;: \u00ab&nbsp;le gratin de l&rsquo;extr\u00eame-gauche&nbsp;\u00bb en proc\u00e8s<\/strong><\/a> (Reporterre)<\/p>\n\n\n\n<p><a href=\"https:\/\/www.mediapart.fr\/journal\/france\/291123\/affaire-dussopt-le-pnf-denonce-des-pratiques-qui-degradent-la-confiance-avec-les-citoyens\" target=\"_blank\" rel=\"noreferrer noopener\">Affaire Dussopt : le PNF d\u00e9nonce des pratiques qui \u00abd\u00e9gradent la confiance\u00bb avec les citoyens<\/a> &nbsp;(M\u00e9diapart)<\/p>\n\n\n\n<p><a href=\"https:\/\/www.mediapart.fr\/journal\/france\/291123\/eric-dupond-moretti-faute-mais-il-doit-etre-relaxe-dit-la-cjr\" target=\"_blank\" rel=\"noreferrer noopener\"><strong>\u00c9ric Dupond-Moretti a faut\u00e9&#8230; mais il doit \u00eatre relax\u00e9, dit la CJR<\/strong><\/a> (M\u00e9diapart)<\/p>\n\n\n\n<p><a href=\"https:\/\/www.blast-info.fr\/articles\/2023\/case-prison-pour-des-militants-dultradroite-ZQ_TequUQ76yaWcQlrxTxw\" target=\"_blank\" rel=\"noreferrer noopener\"><strong>Case prison pour des militants d&rsquo;ultradroite<\/strong><\/a> (Blast)<\/p>\n\n\n\n<figure class=\"wp-block-image size-full is-resized\"><img data-recalc-dims=\"1\" loading=\"lazy\" decoding=\"async\" width=\"405\" height=\"244\" src=\"https:\/\/i0.wp.com\/www.rdpemancipation.org\/wp-content\/uploads\/2023\/11\/image-17.png?resize=405%2C244&#038;ssl=1\" alt=\"\" class=\"wp-image-122811\" style=\"aspect-ratio:1.6598360655737705;width:468px;height:auto\" srcset=\"https:\/\/i0.wp.com\/www.rdpemancipation.org\/wp-content\/uploads\/2023\/11\/image-17.png?w=405&amp;ssl=1 405w, https:\/\/i0.wp.com\/www.rdpemancipation.org\/wp-content\/uploads\/2023\/11\/image-17.png?resize=300%2C181&amp;ssl=1 300w\" sizes=\"auto, (max-width: 405px) 100vw, 405px\" \/><\/figure>\n\n\n\n<p><strong>Monde<\/strong><\/p>\n\n\n\n<p><a href=\"https:\/\/news.un.org\/fr\/story\/2023\/11\/1141077\">Ne d\u00e9tournez pas les yeux de l\u2019\u00e9norme \u2018catastrophe humanitaire \u00e0 Gaza\u2019, d\u00e9clare Guterres au Conseil de s\u00e9curit\u00e9<\/a>\u00a0(Onu)<\/p>\n\n\n\n<p><a href=\"https:\/\/www.tsa-algerie.com\/otages-liberes-cette-lettre-et-ces-sourires-qui-enragent-israel\/\"><strong>Otages lib\u00e9r\u00e9s : cette lettre et ces sourires qui enragent Isra\u00ebl<\/strong><\/a> (TSA)<\/p>\n\n\n\n<p><a href=\"https:\/\/aplutsoc.org\/2023\/11\/29\/tendances-mondiales-la-lutte-de-classe-devient-sexy-aux-usa-tandis-quon-y-prepare-ouvertement-la-greve-generale-par-jacques-chastaing\/\" target=\"_blank\" rel=\"noreferrer noopener\">La lutte de classe devient \u2018sexy\u2019 aux USA, tandis qu\u2019on y pr\u00e9pare ouvertement la gr\u00e8ve g\u00e9n\u00e9rale<\/a>&nbsp;-Jacques Chastaing (Aplutsoc)<\/p>\n\n\n\n<p><a href=\"https:\/\/lesakerfrancophone.fr\/sitrep-ukraine-pertes-elevees-luttes-politiques-intestines-frontieres-bloquees\">Ukraine. Pertes \u00e9lev\u00e9es, luttes politiques intestines, fronti\u00e8res bloqu\u00e9es<\/a>&nbsp;(Le saker francophone)<\/p>\n\n\n\n<p><a href=\"https:\/\/aplutsoc.org\/2023\/11\/23\/la-persecution-dune-dissidente-de-gauche-par-le-gouvernement-cubain-par-samuel-farber\/\" target=\"_blank\" rel=\"noreferrer noopener\">Cuba &#8211; La pers\u00e9cution d\u2019une dissidente de gauche par le gouvernement cubain<\/a>&nbsp;(Aplutsoc)<\/p>\n\n\n\n<p><a href=\"https:\/\/theconversation.com\/pays-bas-quels-scenarios-apres-la-victoire-du-leader-populiste-geert-wilders-218549?utm_medium=email&amp;utm_campaign=La%20lettre%20de%20The%20Conversation%20France%20du%2027%20novembre%202023%20-%202806828420&amp;utm_content=La%20lettre%20de%20The%20Conversation%20France%20du%2027%20novembre%202023%20-%202806828420+CID_382fa69a3f6e7686f27246b84693ce1c&amp;utm_source=campaign_monitor_fr&amp;utm_term=Pays-Bas%20%20quels%20scnarios%20aprs%20la%20victoire%20du%20leader%20populiste%20Geert%20Wilders\">Pays-Bas : quels sc\u00e9narios apr\u00e8s la victoire du leader populiste Geert&nbsp;Wilders&nbsp;?<\/a>&nbsp;(The Conversation)<\/p>\n\n\n\n<p><a href=\"https:\/\/www.rfi.fr\/fr\/podcasts\/reportage-international\/20231126-la-crise-sociale-au-panama-li%C3%A9e-%C3%A0-l-exploitation-des-mines\">Panama &#8211; La crise sociale au Panama li\u00e9e \u00e0 l&rsquo;exploitation des mines<\/a>&nbsp;(RFI)<\/p>\n\n\n\n<p><strong>Analyse<\/strong><\/p>\n\n\n\n<p><strong><a href=\"https:\/\/www.politis.fr\/articles\/2023\/11\/capitalisme-ou-neoliberalisme\/\">Capitalisme ou n\u00e9olib\u00e9ralisme\u2009?<\/a>&nbsp;<\/strong>(Politis)<\/p>\n\n\n\n<p><a href=\"https:\/\/reflets.info\/articles\/le-retour-des-ligues-fascistes\">Le retour des ligues fascistes ?<\/a>&nbsp;(Reflets)<\/p>\n\n\n\n<p><a href=\"https:\/\/lvsl.fr\/la-guerre-economique-prepare-la-guerre-militaire-entretien-avec-peter-mertens-ptb\/\" target=\"_blank\" rel=\"noreferrer noopener\">\u00ab\u00a0La guerre \u00e9conomique pr\u00e9pare la guerre militaire &#8211; entretien avec Peter Mertens<\/a>&nbsp;(LVSL)<\/p>\n\n\n\n<p><strong><a href=\"https:\/\/www.mondialisation.ca\/israel-admet-avoir-tue-les-siens-au-festival-de-musique-de-nova\/5683672?doing_wp_cron=1701039296.0454730987548828125000\">Isra\u00ebl admet avoir tu\u00e9 les siens au festival de musique de Nova<\/a>\u00a0<\/strong> (Mondialisation)<\/p>\n\n\n\n<p><mark style=\"background-color:rgba(0, 0, 0, 0);color:#ee0505\" class=\"has-inline-color\"><strong>28 novembre<\/strong><\/mark><\/p>\n\n\n\n<p><a><strong><mark style=\"background-color:rgba(0, 0, 0, 0)\" class=\"has-inline-color has-contrast-color\">France<\/mark><\/strong><\/a><\/p>\n\n\n\n<p><a href=\"https:\/\/www.mediapart.fr\/journal\/fil-dactualites\/281123\/bassines-reprise-du-proces-des-organisateurs-des-manifestations-interdites\">Bassines : reprise du proc\u00e8s des organisateurs des manifestations interdites<\/a> (AFP)<a href=\"https:\/\/www.francetvinfo.fr\/monde\/environnement\/mega-bassine\/proces-des-anti-bassines-de-sainte-soline-comment-l-etat-a-durci-sa-reponse-face-a-la-radicalite-des-militants-ecologistes_6146022.html\"><\/a><\/p>\n\n\n\n<p><a href=\"https:\/\/www.francetvinfo.fr\/monde\/environnement\/mega-bassine\/proces-des-anti-bassines-de-sainte-soline-comment-l-etat-a-durci-sa-reponse-face-a-la-radicalite-des-militants-ecologistes_6146022.html\">Sainte-Soline : comment l&rsquo;Etat a durci sa r\u00e9ponse face \u00e0 la radicalit\u00e9 des militants \u00e9cologistes<\/a> (France t\u00e9l\u00e9vision)<\/p>\n\n\n\n<p><a href=\"https:\/\/www.mediapart.fr\/journal\/france\/271123\/l-extreme-droite-violente-s-organise-la-police-aussi\"><strong>L\u2019extr\u00eame droite violente s\u2019organise, la police aussi<\/strong><\/a> (M\u00e9diapart)<\/p>\n\n\n\n<p><a href=\"https:\/\/blogs.mediapart.fr\/histoire-coloniale-et-postcoloniale\/blog\/271123\/ratonnade-le-retour-dun-mot-du-racisme-colonial\">\u00ab<strong>&nbsp;Ratonnade \u00bb : le retour d&rsquo;un mot du racisme colonial<\/strong><\/a>&nbsp;(Histoire coloniale et postcoloniale)<\/p>\n\n\n\n<p><a href=\"https:\/\/www.mediapart.fr\/journal\/fil-dactualites\/281123\/loi-immigration-les-deputes-lancent-les-debats-et-font-leurs-premieres-retouches\">Loi immigration : les d\u00e9put\u00e9s lancent les d\u00e9bats et font leurs premi\u00e8res retouches<\/a> (AFP)<a href=\"https:\/\/www.francetvinfo.fr\/societe\/justice\/info-franceinfo-soupcons-d-emplois-fictifs-aupres-de-laurent-wauquiez-des-perquisitions-menees-a-paris_6209943.html\"><\/a><\/p>\n\n\n\n<p><a href=\"https:\/\/www.francetvinfo.fr\/societe\/justice\/info-franceinfo-soupcons-d-emplois-fictifs-aupres-de-laurent-wauquiez-des-perquisitions-menees-a-paris_6209943.html\">Soup\u00e7ons d&#8217;emplois fictifs aupr\u00e8s de Laurent Wauquiez : des perquisitions men\u00e9es \u00e0 Paris<\/a> (France inter)<\/p>\n\n\n\n<p><a href=\"https:\/\/www.youtube.com\/watch?v=o3rOtsv_4xg\">Budget 2024, la m\u00e9thode du gouvernement \u00e9pingl\u00e9e au S\u00e9nat: \u00ab\u00a0<\/a><a href=\"https:\/\/www.youtube.com\/watch?v=o3rOtsv_4xg\"><em>Vous organisez la d\u00e9mocratie \u00e0 l\u2019envers<\/em><\/a><a href=\"https:\/\/www.youtube.com\/watch?v=o3rOtsv_4xg\">\u00ab\u00a0<\/a>&nbsp;(Public S\u00e9nat)<\/p>\n\n\n\n<p><a href=\"https:\/\/www.youtube.com\/watch?v=wWJ8XDYBod8\"><strong>Darmanin, Braun-Pivet&nbsp;: mentir en toute impunit\u00e9<\/strong><\/a> (Blast)<\/p>\n\n\n\n<p><a href=\"https:\/\/www.youtube.com\/watch?v=zicM6MfDha4\">Darmanin\/Xavier Bertrand&nbsp;: guerre d\u00e9clar\u00e9e aux musulmans&nbsp;?<\/a>&nbsp;(Le M\u00e9dia)<\/p>\n\n\n\n<p><a href=\"https:\/\/www.youtube.com\/watch?v=KAoqnvwkW3o\">Universit\u00e9s, m\u00e9dias&nbsp;: la chasse aux sorci\u00e8res contre les \u00ab&nbsp;pro-Palestine&nbsp;\u00bb est lanc\u00e9e<\/a>&nbsp;(Le M\u00e9dia)<\/p>\n\n\n\n<p><strong>Monde<\/strong><\/p>\n\n\n\n<p><a href=\"https:\/\/www.francetvinfo.fr\/monde\/proche-orient\/israel-palestine\/guerre-entre-israel-et-le-hamas-onze-otages-dont-trois-mineurs-francais-ont-ete-liberes-lundi-soir_6210033.html\">Isra\u00ebl\/Hamas : onze otages, dont trois mineurs Fran\u00e7ais, ont \u00e9t\u00e9 lib\u00e9r\u00e9s lundi soir<\/a> (France info)<\/p>\n\n\n\n<p><a href=\"https:\/\/www.agenceecofin.com\/actualites\/2411-113999-le-nigeria-veut-rejoindre-le-bloc-des-brics-d-ici-deux-ans-ministre\">Le Nigeria veut rejoindre le bloc des BRICS d\u2019ici deux ans <\/a>(Ecofin)<\/p>\n\n\n\n<p><a href=\"https:\/\/www.iris-france.org\/wp-content\/uploads\/2023\/11\/ObsEtatsUnis_note1.pdf\">USA. Faut-il s\u2019alarmer du \u00ab&nbsp;Project 2025&nbsp;\u00bb de Donald Trump&nbsp;?<\/a>&nbsp;(Iris)<\/p>\n\n\n\n<p><strong>Analyse<\/strong><\/p>\n\n\n\n<p><strong><a href=\"https:\/\/blog.mondediplo.net\/catalyse-totalitaire\">Catalyse totalitaire<\/a><\/strong>&nbsp;(Le monde diplomatique)<\/p>\n\n\n\n<p><a href=\"https:\/\/schweizer-standpunkt.ch\/news-detailansicht-fr-international\/pourquoi-israel-veut-effacer-le-contexte-de-la-guerre-contre-gaza.html\">Isra\u00ebl. Pourquoi Isra\u00ebl veut effacer le contexte de la guerre contre Gaza<\/a>&nbsp;(Point de vue suisse)<\/p>\n\n\n\n<p><strong><a href=\"https:\/\/www.haaretz.com\/israel-news\/2023-11-22\/ty-article-magazine\/.premium\/my-estimate-is-that-bibis-afraid-of-the-political-result-of-releasing-the-hostages\/0000018b-f7e3-d330-a9bb-fff70c460000?utm_source=mailchimp&amp;utm_medium=Content&amp;utm_campaign=daily-brief&amp;utm_content=dc82cbe5a9\">Isra\u00ebl. &lsquo;Bibi&rsquo;s Afraid of the Political Result of Releasing Hostages&rsquo;<\/a><\/strong><strong>&nbsp;<\/strong>(Haaretz)<\/p>\n\n\n\n<p><mark style=\"background-color:rgba(0, 0, 0, 0);color:#ee0505\" class=\"has-inline-color\"><strong>27 novembre<\/strong><\/mark><\/p>\n\n\n\n<p><a><strong><mark style=\"background-color:rgba(0, 0, 0, 0)\" class=\"has-inline-color has-contrast-color\">France<\/mark><\/strong><\/a><\/p>\n\n\n\n<p><a href=\"https:\/\/www.blast-info.fr\/articles\/2023\/meurtre-de-thomas-a-crepol-lextreme-droite-se-constitue-en-milices-poRm7PQHTBGvT1ZgA4EDgw\"><strong>Meurtre de Thomas \u00e0 Cr\u00e9pol&nbsp;: l&rsquo;extr\u00eame droite se constitue en milices<\/strong><\/a>(Blast)<\/p>\n\n\n\n<p><a href=\"https:\/\/radio-m.net\/france-demission-de-la-vice-presidente-de-sos-racisme\/\">France : d\u00e9mission de la vice-pr\u00e9sidente de SOS Racisme<\/a> (Radio M)<\/p>\n\n\n\n<p><a href=\"https:\/\/www.streetpress.com\/sujet\/1701088297-descente-raciste-romans-isere-profils-interpelles-thomas-extreme-droite-neonazis\" target=\"_blank\" rel=\"noreferrer noopener\">Descente raciste \u00e0 Romans-sur-Is\u00e8re : quels sont les profils des interpell\u00e9s ?<\/a>&nbsp;(StreetPress)<\/p>\n\n\n\n<p><a href=\"https:\/\/www.humanite.fr\/politique\/annonay\/le-ministre-du-travail-olivier-dussopt-en-proces-pour-favoritisme\" target=\"_blank\" rel=\"noreferrer noopener\">Le ministre du Travail Olivier Dussopt en proc\u00e8s pour favoritisme<\/a>&nbsp;(L\u2019Humanit\u00e9)<\/p>\n\n\n\n<p><a href=\"https:\/\/www.huffingtonpost.fr\/politique\/video\/le-proces-d-olivier-dussopt-pour-favoritisme-s-est-ouvert-et-il-tombe-tres-mal-pour-le-ministre-clx1_226220.html\">Pourquoi le proc\u00e8s d\u2019Olivier Dussopt pour \u00ab&nbsp;favoritisme&nbsp;\u00bb tombe tr\u00e8s mal<\/a> (Huffpost)<\/p>\n\n\n\n<p><a href=\"https:\/\/www.blast-info.fr\/articles\/2023\/poursuivie-en-justice-par-raphael-enthoven-rokhaya-diallo-est-relaxee-37Ul33_KRKSKp6nzy3TTiQ\" target=\"_blank\" rel=\"noreferrer noopener\">Poursuivie (en justice) par Rapha\u00ebl Enthoven, Rokhaya Diallo est relax\u00e9e<\/a>&nbsp;(Blast)<\/p>\n\n\n\n<p><strong>Monde<\/strong><\/p>\n\n\n\n<p><a href=\"https:\/\/www.liberation.fr\/international\/moyen-orient\/en-direct-guerre-hamas-israel-dernier-jour-de-treve-negociee-le-hamas-assure-chercher-a-prolonger-la-pause-20231127_RCP5WSGEB5HZVJT4YYMHITQEYE\/\">EN DIRECT &#8211; la tr\u00eave entre le Hamas et Isra\u00ebl prolong\u00e9e de deux jours, selon les Etats-Unis<\/a> (Lib\u00e9ration)<\/p>\n\n\n\n<p><strong><a href=\"https:\/\/www.francetvinfo.fr\/monde\/proche-orient\/israel-palestine\/direct-guerre-entre-israel-et-le-hamas-des-discussions-sont-en-cours-pour-prolonger-la-treve-qui-entre-aujourd-hui-dans-sa-derniere-journee_6208758.html\">Le Qatar annonce avoir trouv\u00e9 un accord pour prolonger de 2 jours la tr\u00eave \u00e0 Gaza<\/a> <\/strong>(France Info)<\/p>\n\n\n\n<p><a href=\"https:\/\/www.boursorama.com\/actualite-economique\/actualites\/pays-bas-revers-pour-wilders-dans-la-recherche-d-une-coalition-gouvernementale-cdac15b0a959c2c32c5f0582b74f088f\">Pays-Bas : revers pour Wilders dans la recherche d&rsquo;une coalition gouvernementale<\/a> (AFP)<\/p>\n\n\n\n<p><strong><a href=\"https:\/\/link.newsletter.franceculture.fr\/m\/ml\/7429\/838633\/gWX4E8Sm7_BgpSiHjLLXXW9C5lXTLJmivm821gAfcU8=\/PKqjij0Y5CPc8D2ryLJNHhg9AZ4MYYhfWphQJlSrTdQ=\/\" target=\"_blank\" rel=\"noreferrer noopener\">Irlande, Pays-Bas\u2026 Dans la rue et dans les urnes&nbsp;: la nouvelle vague de l\u2019extr\u00eame droite en Europe<\/a> <\/strong>(France Culture)<\/p>\n\n\n\n<p><a><\/a><a href=\"https:\/\/www.mediapart.fr\/journal\/ecologie\/271123\/cop28-la-dystopique-dubai-l-heure-du-greenwashing\" target=\"_blank\" rel=\"noreferrer noopener\">COP28 : la dystopique Duba\u00ef \u00e0 l\u2019heure du greenwashing<\/a>&nbsp;(M\u00e9diapart)<\/p>\n\n\n\n<p><a href=\"https:\/\/www.politis.fr\/articles\/2023\/11\/et-pendant-ce-temps-la-en-cisjordanie\/\" target=\"_blank\" rel=\"noreferrer noopener\">Cisjordanie : \u00abDes soldats sont arriv\u00e9s, ont attaqu\u00e9 nos maisons et ont tir\u00e9 au hasard\u00bb<\/a> (Politis)<\/p>\n\n\n\n<p><strong>Analyse<\/strong><\/p>\n\n\n\n<p><a href=\"https:\/\/lvsl.fr\/comment-heriter-dantonio-gramsci\/\" target=\"_blank\" rel=\"noreferrer noopener\">Comment h\u00e9riter d\u2019Antonio Gramsci ?<\/a>&nbsp;(Le Vent Se L\u00e8ve)<\/p>\n\n\n\n<p><strong><a href=\"https:\/\/orientxxi.info\/lu-vu-entendu\/yallah-gaza-un-documentaire-pour-memoire,6902\" target=\"_blank\" rel=\"noreferrer noopener\">\u00ab&nbsp;Yallah Gaza&nbsp;\u00bb, un documentaire pour m\u00e9moire<\/a>&nbsp;<\/strong>(Orient XXI)<\/p>\n\n\n\n<p><mark style=\"background-color:rgba(0, 0, 0, 0);color:#ee0505\" class=\"has-inline-color\"><strong>26 novembre<\/strong><\/mark><\/p>\n\n\n\n<p><a><strong><mark style=\"background-color:rgba(0, 0, 0, 0)\" class=\"has-inline-color has-contrast-color\">France<\/mark><\/strong><\/a><\/p>\n\n\n\n<p><a href=\"https:\/\/www.mediapart.fr\/journal\/france\/261123\/meurtre-de-thomas-neuf-mises-en-examen-un-quartier-cible-par-l-ultradroite\" target=\"_blank\" rel=\"noreferrer noopener\"><strong>Meurtre de Thomas : neuf mises en examen, un quartier cibl\u00e9 par l\u2019ultradroite<\/strong><\/a>&nbsp;(M\u00e9diapart)<\/p>\n\n\n\n<p><a href=\"https:\/\/www.arretsurimages.net\/chroniques\/plateau-tele\/rsa-arrets-de-travail-m6-traque-encore-les-fraudeurs\" target=\"_blank\" rel=\"noreferrer noopener\">RSA, arr\u00eats de travail : M6 traque (encore) les fraudeurs<\/a>&nbsp;(Arr\u00eat sur images)<\/p>\n\n\n\n<p><a href=\"https:\/\/www.causette.fr\/feminismes\/combats\/le-conflit-israelo-palestinien-sinvite-a-la-marche-du-25-novembre-entre-large-soutien-aux-palestiniennes-et-mise-a-lecart-des-feministes-juives\/\" target=\"_blank\" rel=\"noreferrer noopener\">Le conflit isra\u00e9lo-palestinien s&rsquo;invite \u00e0 la Marche du 25 novembre<\/a> (Causette)<\/p>\n\n\n\n<p><a href=\"https:\/\/www.ldh-france.org\/25-novembre-2023-notre-systeme-institutionnel-permet-de-violer-ou-de-battre-une-femme-en-toute-impunite-des-lors-quelle-est-en-situation-irreguliere-publiee-dans-le-monde\/\" target=\"_blank\" rel=\"noreferrer noopener\"><strong>\u201cNotre syst\u00e8me institutionnel permet de violer ou de battre une femme en toute impunit\u00e9 d\u00e8s lors qu\u2019elle est en situation irr\u00e9guli\u00e8re\u201d <\/strong><\/a>&nbsp;(Tribune de la LDH)<\/p>\n\n\n\n<p><a href=\"https:\/\/theconversation.com\/laide-medicale-detat-un-droit-republicain-sur-la-sellette-216211\">L\u2019aide m\u00e9dicale d\u2019\u00c9tat, un droit \u00ab&nbsp;r\u00e9publicain&nbsp;\u00bb sur la&nbsp;sellette<\/a> (The Conversation)<\/p>\n\n\n\n<p><strong>Monde<\/strong><\/p>\n\n\n\n<p><a href=\"https:\/\/www.francetvinfo.fr\/monde\/proche-orient\/israel-palestine\/guerre-entre-israel-et-le-hamas-un-nouvel-echange-d-otages-et-de-prisonniers-est-prevu-au-troisieme-jour-de-la-treve_6207249.html\">Gaza : un nouveau groupe de 17 otages, dont 14 Isra\u00e9liens, remis \u00e0 la Croix-Rouge, annonce l&rsquo;arm\u00e9e isra\u00e9lienne<\/a> (France Info)<\/p>\n\n\n\n<p><a href=\"https:\/\/www.rfi.fr\/fr\/moyen-orient\/20231126-en-direct-guerre-isra%C3%ABl-hamas-un-3e-jour-de-fragile-tr%C3%AAve-d%C3%A9bute\">Tr\u00eave \u00e0 Gaza: Isra\u00ebl lib\u00e8re 39 prisonniers palestiniens<\/a> (RFI)<\/p>\n\n\n\n<p><a href=\"https:\/\/www.boursorama.com\/actualite-economique\/actualites\/biden-annonce-la-liberation-d-une-americaine-de-4-ans-par-le-hamas-14ff393e9dff37f0b278a8c5f272ed0f\">Biden annonce la lib\u00e9ration d&rsquo;une Am\u00e9ricaine de 4 ans par le Hamas<\/a> (Reuters)<\/p>\n\n\n\n<p><strong><a href=\"https:\/\/www.rfi.fr\/fr\/moyen-orient\/20231125-guerre-isra%C3%ABl-hamas-isra%C3%ABl-convoque-les-ambassadeurs-de-belgique-et-de-l-espagne\">Isra\u00ebl convoque les ambassadeurs de Belgique et de l&rsquo;Espagne<\/a> <\/strong>(RFI)<\/p>\n\n\n\n<p><strong><a href=\"https:\/\/www.boursorama.com\/actualite-economique\/actualites\/des-milliers-de-personnes-marchent-contre-l-antisemitisme-a-londres-d4c7a918c099c20ff74353354ed43c6d\">Des milliers de personnes marchent contre l&rsquo;antis\u00e9mitisme \u00e0 Londres<\/a><\/strong> (AFP)<\/p>\n\n\n\n<p><a href=\"https:\/\/www.rfi.fr\/fr\/afrique\/20231126-mali-lib%C3%A9ration-du-pr%C3%AAtre-allemand-hans-joachim-lohre-enlev%C3%A9-il-y-a-un-an-%C3%A0-bamako\">Mali : lib\u00e9ration du pr\u00eatre allemand Hans Joachim Lohre enlev\u00e9 il y a un an \u00e0 Bamako<\/a> (RFI)<\/p>\n\n\n\n<p><strong>Analyse<\/strong><\/p>\n\n\n\n<p><strong><a href=\"https:\/\/alencontre.org\/moyenorient\/palestine\/questions-a-poser-a-propos-de-la-liberation-de-palestiniens-en-echange-de-celle-dotages-detenus-par-le-hamas.html\">Questions \u00e0 poser \u00e0 propos de la lib\u00e9ration de Palestiniens en \u2018\u00e9change\u2019 de celle d\u2019otages d\u00e9tenus par le Hamas<\/a> <\/strong>(A l\u2019encontre)<\/p>\n\n\n\n<p><a href=\"https:\/\/www.contretemps.eu\/violence-genocidaire-destruction-palestine\/\">En Palestine, destruction physique totale ou partielle<\/a> (Contretemps)<\/p>\n\n\n\n<p><a href=\"https:\/\/theconversation.com\/israel-palestine-un-affrontement-apocalyptique-entre-deux-memoires-traumatisees-217721\">Isra\u00ebl-Palestine&nbsp;: un affrontement \u00ab&nbsp;apocalyptique&nbsp;\u00bb entre deux m\u00e9moires traumatis\u00e9es<\/a> (The Conversation)<\/p>\n\n\n\n<p><mark style=\"background-color:rgba(0, 0, 0, 0);color:#ee0505\" class=\"has-inline-color\"><strong>25 novembre<\/strong><\/mark><\/p>\n\n\n\n<p><a><strong><mark style=\"background-color:rgba(0, 0, 0, 0)\" class=\"has-inline-color has-contrast-color\">France<\/mark><\/strong><\/a><\/p>\n\n\n\n<p><a href=\"https:\/\/www.boursorama.com\/actualite-economique\/actualites\/manifs-violences-contre-les-femmes-on-ne-veut-plus-compter-les-mortes-92b33b83c33cd78a855dadb61da000a7\">Manifs violences contre les femmes : on \u00ab\u00a0ne veut plus compter les mortes\u00a0\u00bb<\/a> (AFP)<\/p>\n\n\n\n<p><strong><a href=\"https:\/\/www.francetvinfo.fr\/societe\/violences-faites-aux-femmes\/nous-toutes\/violences-faites-aux-femmes-un-viol-commis-toutes-les-six-minutes-en-france-rappelle-le-collectif-noustoutes_6205905.html\">\u00ab\u00a0un viol commis toutes les six minutes\u00a0\u00bb en France, rappelle le collectif NousToutes<\/a> <\/strong>(France Info)<\/p>\n\n\n\n<p><a href=\"https:\/\/www.mediapart.fr\/journal\/france\/251123\/chaque-semaine-le-115-dit-non-des-dizaines-de-meres-et-leurs-nouveau-nes\">Chaque semaine, le 115 dit non \u00e0 des dizaines de m\u00e8res et \u00e0 leurs nouveau-n\u00e9s<\/a> (M\u00e9diapart)<\/p>\n\n\n\n<p><a href=\"https:\/\/www.liberation.fr\/politique\/cyrielle-chatelain-et-jean-jouzel-il-faut-saffranchir-de-ceux-qui-senrichissent-du-drame-climatique-20231124_SLV4L5NZSRCZRLSN3AEMY75SXE\/\"><strong>Cyrielle Chatelain et&nbsp;Jean Jouzel&nbsp;: \u00abIl faut s\u2019affranchir de&nbsp;ceux qui&nbsp;s\u2019enrichissent du&nbsp;drame climatique\u00bb<\/strong><\/a> (Lib\u00e9ration)<\/p>\n\n\n\n<p><strong>Monde<\/strong><\/p>\n\n\n\n<p><a href=\"https:\/\/www.boursorama.com\/actualite-economique\/actualites\/le-hamas-reporte-la-liberation-d-otages-jusqu-a-l-entree-d-aide-humanitaire-au-nord-de-gaza-2d33a8eaa1a5a5433844b75d5bdcb1ac\">Le Hamas reporte la lib\u00e9ration d&rsquo;otages jusqu&rsquo;\u00e0 l&rsquo;entr\u00e9e d&rsquo;aide humanitaire au nord de Gaza<\/a> (Reuters)<\/p>\n\n\n\n<p><a href=\"https:\/\/www.boursorama.com\/actualite-economique\/actualites\/nouvelle-manifestation-d-ampleur-en-soutien-aux-palestiniens-a-londres-a829574006682c67bd93f7ddc1e9d2b4\"><strong>Nouvelle manifestation d&rsquo;ampleur en soutien aux Palestiniens \u00e0 Londres<\/strong><\/a> (AFP)<\/p>\n\n\n\n<p><mark style=\"background-color:rgba(0, 0, 0, 0);color:#ee0505\" class=\"has-inline-color\"><strong>24 novembre<\/strong><\/mark><\/p>\n\n\n\n<p><a><strong><mark style=\"background-color:rgba(0, 0, 0, 0)\" class=\"has-inline-color has-contrast-color\">France<\/mark><\/strong><\/a><\/p>\n\n\n\n<p><a href=\"https:\/\/www.mediapart.fr\/journal\/france\/231123\/meurtre-de-thomas-crepol-c-etait-quoi-la-probabilite-que-ca-se-passe-ici\">Meurtre de Thomas \u00e0 Cr\u00e9pol : \u00ab&nbsp;C\u2019\u00e9tait quoi la probabilit\u00e9 que \u00e7a se passe ici&nbsp;?&nbsp;\u00bb<\/a> (M\u00e9diapart)<\/p>\n\n\n\n<p><a href=\"https:\/\/www.francetvinfo.fr\/faits-divers\/meurtre-de-thomas-a-crepol\/mort-de-thomas-dans-la-drome-un-imprimeur-insulte-sur-les-reseaux-sociaux-pour-avoir-refuse-de-realiser-des-affiches-pour-l-ultradroite_6203532.html\">Mort de Thomas : un imprimeur insult\u00e9 pour avoir refus\u00e9 de r\u00e9aliser des affiches pour l&rsquo;ultradroite <\/a>&nbsp;(France Info)<\/p>\n\n\n\n<p><a href=\"https:\/\/basta.media\/megabassines-annulees-surdimensionnement-climat-eau-justice-legitime-luttes-terrain-soulevements-de-la-terre\" target=\"_blank\" rel=\"noreferrer noopener\">M\u00e9gabassines retoqu\u00e9es : la justice l\u00e9gitime-t-elle les luttes de terrain ?<\/a> (Basta!)<\/p>\n\n\n\n<p><a href=\"https:\/\/www.boursorama.com\/videos\/actualites\/assemblee-borne-declenche-a-nouveau-le-49-3-sur-le-budget-de-la-secu-0e1ce41f79257bd2a32e83f42f483e30\">Assembl\u00e9e : Borne d\u00e9clenche \u00e0 nouveau le 49.3 sur le budget de la S\u00e9cu<\/a> (AFP vid\u00e9o) &nbsp;&nbsp;<\/p>\n\n\n\n<p><a href=\"https:\/\/www.boursorama.com\/actualite-economique\/actualites\/europeennes-sejourne-sera-tres-probablement-la-tete-de-liste-renaissance-selon-canfin-945afbd76ed17944d8d91a416555efb2\">Europ\u00e9ennes : S\u00e9journ\u00e9 sera tr\u00e8s probablement la t\u00eate de liste Renaissance<\/a> (AFP) &nbsp;&nbsp;<\/p>\n\n\n\n<p><a href=\"https:\/\/www.mediapart.fr\/journal\/politique\/231123\/les-intrigues-du-clan-sarkozy-pendant-les-senatoriales\" target=\"_blank\" rel=\"noreferrer noopener\">Les intrigues du clan Sarkozy pendant les s\u00e9natoriales<\/a>&nbsp;(M\u00e9diapart)<\/p>\n\n\n\n<p><a href=\"https:\/\/www.boursorama.com\/actualite-economique\/actualites\/pour-2027-la-musique-ruffin-se-fait-entendre-de-plus-en-plus-fort-488e5b2cbdfed880b9d4f1e1e9250bc4\">Pour 2027, la musique Ruffin se fait entendre de plus en plus fort<\/a> (AFP) &nbsp;&nbsp;<\/p>\n\n\n\n<p><a href=\"https:\/\/www.lemediatv.fr\/emissions\/2023\/darmanin-xavier-bertrand-guerre-declaree-aux-musulmans-F1xYUg5BRy2U4V8h3VH4fw\" target=\"_blank\" rel=\"noreferrer noopener\">Darmanin-Xavier Bertrand : Guerre d\u00e9clar\u00e9e aux musulmans ?<\/a> (Le M\u00e9dia)<\/p>\n\n\n\n<p><a href=\"https:\/\/www.mediapart.fr\/journal\/france\/211123\/loi-immigration-le-debat-public-est-lepenise\">Loi immigration : \u00ab&nbsp;Le d\u00e9bat public est lep\u00e9nis\u00e9&nbsp;\u00bb<\/a> (A l\u2019air libre)<\/p>\n\n\n\n<p><a href=\"https:\/\/rapportsdeforce.fr\/pas-de-cote\/le-3-decembre-manifestation-contre-le-racisme-et-la-loi-darmanin-112319744\" target=\"_blank\" rel=\"noreferrer noopener\">Le 3 d\u00e9cembre : manifestation contre le racisme et la loi Darmanin<\/a>&nbsp;(Rapports de Force)<\/p>\n\n\n\n<p><strong>Monde<\/strong><\/p>\n\n\n\n<p><a href=\"https:\/\/www.boursorama.com\/actualite-economique\/actualites\/pays-bas-debut-des-delicates-negociations-en-vue-d-une-coalition-gouvernementale-4305e23127c03587826ac25a81ed9dcf\">Pays-Bas&nbsp;: D\u00e9licates n\u00e9gociations en vue d&rsquo;une coalition gouvernementale<\/a> (Reuters)<\/p>\n\n\n\n<p><a href=\"https:\/\/www.mediapart.fr\/journal\/international\/241123\/les-pays-bas-un-cas-d-ecole-de-la-banalisation-de-l-extreme-droite\" target=\"_blank\" rel=\"noreferrer noopener\">Les Pays-Bas, un cas d\u2019\u00e9cole de la banalisation de l\u2019extr\u00eame droite<\/a>&nbsp;(M\u00e9diapart)<\/p>\n\n\n\n<p><a href=\"https:\/\/www.boursorama.com\/videos\/actualites\/irlande-a-dublin-de-violents-heurts-imputes-a-l-extreme-droite-ec94c42db4f188944d4ce2e9c9efd06e\">Irlande : \u00e0 Dublin, de violents heurts imput\u00e9s \u00e0 l&rsquo;extr\u00eame droite<\/a> (France 24)<\/p>\n\n\n\n<p><a href=\"https:\/\/www.boursorama.com\/videos\/actualites\/argentine-manifestation-de-mouvements-de-gauche-apres-l-election-de-l-ultraliberal-milei-8306a78203749332ed0972be00c5fceb\">Argentine : manifestation de mouvements de gauche apr\u00e8s l&rsquo;\u00e9lection de l&rsquo;ultralib\u00e9ral Milei<\/a> (AFP vid\u00e9o) &nbsp;&nbsp;<\/p>\n\n\n\n<p><strong><a href=\"https:\/\/www.francetvinfo.fr\/monde\/proche-orient\/israel-palestine\/direct-guerre-entre-israel-et-le-hamas-la-treve-dans-les-combats-a-commence-et-durera-quatre-jours_6203211.html\">Isra\u00ebl \/ Hamas : la Croix-Rouge a annonc\u00e9 \u00ab\u00a0la lib\u00e9ration en toute s\u00e9curit\u00e9 de 24 otages\u00a0\u00bb<\/a><\/strong> &nbsp;(France Info)<\/p>\n\n\n\n<p><strong><a href=\"http:\/\/www.lequotidien-oran.com\/index.php?news=5325387\">Ghaza : chroniques d&rsquo;un d\u00e9sastre de la raison<\/a><\/strong> (Le Quotidien d\u2019Oran)<\/p>\n\n\n\n<p><a href=\"https:\/\/www.equaltimes.org\/il-est-temps-de-protester-contre-l\" target=\"_blank\" rel=\"noreferrer noopener\">Il est temps de protester contre l&rsquo;assassinat de masse des journalistes \u00e0 Gaza<\/a>&nbsp;(Equal Times)<\/p>\n\n\n\n<p><a href=\"http:\/\/www.lequotidien-oran.com\/index.php?news=5325397\">47e jour de l&rsquo;agression contre Ghaza: Intenses bombardements sionistes avant la tr\u00eave<\/a> (Le Quotidien d\u2019Oran)<\/p>\n\n\n\n<p><a href=\"https:\/\/www.boursorama.com\/actualite-economique\/actualites\/eclairage-ismail-haniyeh-negociateur-en-chef-du-hamas-en-marge-de-la-guerre-0f10d8baffdc4086e1e0e7d9e204b2a4\">Isma\u00efl Haniyeh, n\u00e9gociateur en chef du Hamas en marge de la guerre<\/a> (Reuters)<\/p>\n\n\n\n<p><a href=\"https:\/\/www.boursorama.com\/actualite-economique\/actualites\/a-gaza-des-familles-entieres-disparues-et-des-meres-devastees-b0f1ab44f8779e3009c85474ab42be86\">A Gaza, des familles enti\u00e8res \u00ab\u00a0disparues\u00a0\u00bb et des m\u00e8res d\u00e9vast\u00e9es<\/a> (AFP) &nbsp;&nbsp;<\/p>\n\n\n\n<p><a href=\"https:\/\/www.francetvinfo.fr\/monde\/proche-orient\/israel-palestine\/temoignage-il-est-mort-entre-nos-mains-un-habitant-de-gaza-decrit-la-situation-a-rafah_6203697.html\">\u00ab\u00a0Il est mort entre nos mains\u00a0\u00bb : un habitant de Gaza d\u00e9crit la situation \u00e0 Rafah<\/a> (France info)<\/p>\n\n\n\n<p><a href=\"https:\/\/www.boursorama.com\/actualite-economique\/actualites\/l-armee-israelienne-dit-interroger-le-directeur-de-l-hopital-al-chifa-de-gaza-15a0a9ba486b6b3f30420bc95773a3cc\">L&rsquo;arm\u00e9e isra\u00e9lienne dit interroger le directeur de l&rsquo;h\u00f4pital Al Chifa de Gaza<\/a> (Reuters)<\/p>\n\n\n\n<p><strong>Analyse<\/strong><\/p>\n\n\n\n<p><a href=\"https:\/\/blogs.mediapart.fr\/philippe-marliere\/blog\/241123\/histoire-de-l-acclimatation-de-l-extreme-droite-au-mainstream-politique-francais\">Histoire de l\u2019acclimatation de l\u2019extr\u00eame droite au mainstream politique fran\u00e7ais<\/a>&nbsp;(Blog de Philippe Marli\u00e8re)<\/p>\n\n\n\n<p><a href=\"https:\/\/www.contretemps.eu\/introduction-machiavel-realisme-politique-luttes-populaires\/\">R\u00e9alisme politique et luttes populaires chez Machiavel<\/a> (Contretemps)<\/p>\n\n\n\n<p><a href=\"https:\/\/www.contretemps.eu\/hamas-mouvement-national-palestinien-historique\/\">Le Hamas dans le mouvement national palestinien&nbsp;: une mise en perspective historique<\/a> (Contretemps)<\/p>\n\n\n\n<p><a href=\"https:\/\/www.observationsociete.fr\/modes-de-vie\/mdv-valeurs\/valeurs_immigres-2\/\">De moins en moins de Fran\u00e7ais estiment que les immigr\u00e9s sont trop nombreux<\/a> (Centre d\u2019observation de la soci\u00e9t\u00e9)<\/p>\n\n\n\n<p><a href=\"https:\/\/www.boursorama.com\/videos\/actualites\/on-ne-veut-pas-la-lune-on-veut-juste-vivre-que-reste-il-de-la-marche-des-beurs-il-y-a-40-ans-99714ebad336cd390fc613a764ae36f3\">\u00ab\u00a0On ne veut pas la Lune, on veut juste vivre\u00a0\u00bb : que reste-il de la Marche des Beurs, il y a 40 ans ?<\/a> (France 24)<\/p>\n\n\n\n<p><strong><a href=\"https:\/\/www.frustrationmagazine.fr\/desespoir-video\/\" target=\"_blank\" rel=\"noreferrer noopener\">(Vid\u00e9o) Que faire de notre d\u00e9sespoir&nbsp;? Nicolas Framont<\/a><\/strong> (Frustration)<\/p>\n\n\n\n<p><mark style=\"background-color:rgba(0, 0, 0, 0);color:#ee0505\" class=\"has-inline-color\"><strong>23 novembre<\/strong><\/mark><\/p>\n\n\n\n<p><a><strong><mark style=\"background-color:rgba(0, 0, 0, 0)\" class=\"has-inline-color has-contrast-color\">France<\/mark><\/strong><\/a><\/p>\n\n\n\n<p><a href=\"https:\/\/www.francetvinfo.fr\/economie\/emploi\/chomage\/assurance-chomage-bruno-le-maire-veut-aligner-la-duree-d-indemnisation-des-seniors-sur-celle-les-autres-chomeurs_6201414.html\">Assurance-ch\u00f4mage : Bruno Le Maire souhaite r\u00e9duire la dur\u00e9e d&rsquo;indemnisation des ch\u00f4meurs de plus de 55 ans<\/a> (France Info)<\/p>\n\n\n\n<p><a href=\"https:\/\/www.lalettre.fr\/fr\/action-publique_parlement\/2023\/11\/22\/des-deputes-et-senateurs-preparent-un-nouveau-voyage-en-israel%2C110100422-art?cxt=PUB&amp;utm_source=LLA&amp;utm_medium=email&amp;utm_campaign=AUTO_EDIT_SOM_PROS&amp;did=108392778\">Des d\u00e9put\u00e9s et s\u00e9nateurs pr\u00e9parent un nouveau voyage en Isra\u00ebl<\/a>&nbsp;(La lettre)<\/p>\n\n\n\n<p><strong><a href=\"https:\/\/reporterre.net\/Comment-des-deputes-veulent-reprimer-encore-plus-les-militants?utm_source=newsletter&amp;utm_medium=email&amp;utm_campaign=nl_quotidienne\">Comment des d\u00e9put\u00e9s veulent r\u00e9primer encore plus les militants<\/a><\/strong>&nbsp;(Reporterre)<\/p>\n\n\n\n<p><a href=\"https:\/\/www.cafepedagogique.net\/2023\/11\/20\/le-choix-dattal\/?utm_campaign=Lexpresso_20-11-2023_1&amp;utm_medium=email&amp;utm_source=Expresso\">Le choix d\u2019Attal<\/a>&nbsp;(Caf\u00e9 p\u00e9dagogique)<\/p>\n\n\n\n<p><a href=\"https:\/\/www.rfi.fr\/fr\/france\/20231122-france-vives-discussions-au-parlement-sur-les-relations-entre-paris-et-l-afrique\">Vives discussions au Parlement sur les relations entre Paris et l&rsquo;Afrique<\/a>&nbsp;(RFI)<\/p>\n\n\n\n<p><strong><a href=\"https:\/\/www.youtube.com\/watch?v=G5a3b28oEio\">Immigration&nbsp;: quand France2 fait du Cnews \u00ab&nbsp;chic&nbsp;\u00bb<\/a>&nbsp; <\/strong>(Blast, Rhinoc\u00e9ros)<\/p>\n\n\n\n<p><a href=\"https:\/\/www.courrierinternational.com\/article\/vu-de-l-etranger-guerre-israel-hamas-le-malaise-des-musulmans-de-france-depuis-le-7-octobre?xtor=EREC-20-20231121-4-nl_quotidienne\">Guerre Isra\u00ebl-Hamas&nbsp;: le malaise des musulmans de France depuis le 7&nbsp;octobre<\/a>&nbsp;(Courrier international)<\/p>\n\n\n\n<p><a href=\"https:\/\/www.aa.com.tr\/fr\/monde\/france-la-majorit%C3%A9-pr%C3%A9sidentielle-et-le-rn-refusent-une-minute-de-silence-pour-les-victimes-palestiniennes\/3060519\">La majorit\u00e9 pr\u00e9sidentielle et le RN refusent une minute de silence pour les victimes palestiniennes<\/a>&nbsp;(Agence Anadolu)<\/p>\n\n\n\n<p><strong>Monde<\/strong><\/p>\n\n\n\n<p><a href=\"https:\/\/www.francetvinfo.fr\/monde\/palestine\/gaza\/treve-a-gaza-personne-ne-peut-imaginer-la-situation-les-habitants-de-gaza-attendent-de-constater-les-degats_6201462.html\">\u00ab\u00a0Personne ne peut imaginer la situation\u00a0\u00bb : avant la tr\u00eave, les habitants de Gaza attendent de constater les d\u00e9g\u00e2ts<\/a> (France Info)<\/p>\n\n\n\n<p><a href=\"https:\/\/theconversation.com\/le-duo-israel-etats-unis-face-a-la-cohesion-croissante-des-pays-arabes-et-musulmans-217577?utm_medium=email&amp;utm_campaign=La%20lettre%20de%20The%20Conversation%20France%20du%2019%20novembre%202023%20-%202799328331&amp;utm_content=La%20lettre%20de%20The%20Conversation%20France%20du%2019%20novembre%202023%20-%202799328331+CID_7bee5c1fde7c9c4d411843a4d42f7737&amp;utm_source=campaign_monitor_fr&amp;utm_term=Le%20duo%20Israltats-Unis%20face%20%20la%20cohsion%20croissante%20des%20pays%20arabes%20et%20musulmans\">Le duo Isra\u00ebl\/\u00c9tats-Unis face \u00e0 la coh\u00e9sion croissante des pays arabes et&nbsp;musulmans<\/a>&nbsp;(The Conversation)<\/p>\n\n\n\n<p><a href=\"https:\/\/www.courrierinternational.com\/article\/israel-projet-de-loi-sur-la-peine-de-mort-en-israel-des-scenes-nauseabondes-a-la-knesset?xtor=EREC-20-20231121-2-nl_quotidienne\">Isra\u00ebl. Projet de loi sur la peine de mort en Isra\u00ebl&nbsp;: des \u201csc\u00e8nes naus\u00e9abondes\u201d \u00e0 la Knesset<\/a>&nbsp;(Courrier international)<\/p>\n\n\n\n<p><a href=\"https:\/\/www.francetvinfo.fr\/monde\/pays-bas\/pays-bas-cinq-questions-sur-la-victoire-de-l-extreme-droite-aux-elections-legislatives_6201336.html\">Pays-Bas&nbsp;: cinq questions sur la victoire de l&rsquo;extr\u00eame droite aux \u00e9lections l\u00e9gislatives<\/a> (France Info)<\/p>\n\n\n\n<p><a href=\"https:\/\/aplutsoc.org\/2023\/11\/20\/lviv-la-droite-se-mobilise-contre-le-syndicat-priama-diia-action-directe\/\" target=\"_blank\" rel=\"noreferrer noopener\"><strong>Ukraine Lviv \u2013 La droite se mobilise contre le syndicat Priama Diia <\/strong><\/a>&nbsp;(Aplutsoc)<\/p>\n\n\n\n<p><a href=\"https:\/\/www.rfi.fr\/fr\/asie-pacifique\/20231121-bangladesh-139-repr%C3%A9sentants-et-militants-de-l-opposition-condamn%C3%A9s-%C3%A0-l-approche-des-%C3%A9lections\" target=\"_blank\" rel=\"noreferrer noopener\">Bangladesh : 139 repr\u00e9sentants et militants de l&rsquo;opposition condamn\u00e9s \u00e0 l&rsquo;approche des \u00e9lections<\/a>&nbsp;(RFI)<\/p>\n\n\n\n<p><strong>Analyse<\/strong><\/p>\n\n\n\n<p><strong><a href=\"https:\/\/www.youtube.com\/watch?v=DG9-6rQEZYs&amp;pp=ygUeQW5nZWxhIERhdmlzIGV0IE5lbHNvbiBNYW5kZWxh\" target=\"_blank\" rel=\"noreferrer noopener\">Angela Davis : \u00ab\u00a0Je sens un lien tr\u00e8s profond avec les luttes palestiniennes\u00a0\u00bb<\/a>&nbsp;<\/strong>(France Inter)<\/p>\n\n\n\n<p><a href=\"https:\/\/laviedesidees.fr\/Israel-la-paix-est-elle-encore-possible\">Isra\u00ebl&nbsp;: la paix est-elle encore possible&nbsp;? Entretien avec Henry Laurens<\/a>&nbsp;(La vie des id\u00e9es)<\/p>\n\n\n\n<p><mark style=\"background-color:rgba(0, 0, 0, 0);color:#ee0505\" class=\"has-inline-color\"><strong>22 novembre<\/strong><\/mark><\/p>\n\n\n\n<p><a><strong><mark style=\"background-color:rgba(0, 0, 0, 0)\" class=\"has-inline-color has-contrast-color\">France<\/mark><\/strong><\/a><\/p>\n\n\n\n<p><a href=\"https:\/\/www.politis.fr\/articles\/2023\/11\/macron-une-drague-ehontee-de-la-droite\/\" target=\"_blank\" rel=\"noreferrer noopener\">Macron : une drague \u00e9hont\u00e9e de la droite<\/a>&nbsp;(Politis)<\/p>\n\n\n\n<p><a href=\"https:\/\/www.lemonde.fr\/politique\/article\/2023\/11\/21\/a-gauche-des-divergences-sur-les-moyens-d-atteindre-une-france-zero-carbone_6201501_823448.html\">A gauche, des divergences sur les moyens d\u2019atteindre une \u00ab&nbsp;France z\u00e9ro carbone&nbsp;\u00bb<\/a> (Le Monde)<a href=\"https:\/\/www.liberation.fr\/politique\/olivier-dussopt-lhomme-invisible-du-projet-de-loi-immigration-20231121_JGPONZXHFVDUNG7UFNLNDBJBZA\/\"><\/a><\/p>\n\n\n\n<p><a href=\"https:\/\/www.liberation.fr\/politique\/olivier-dussopt-lhomme-invisible-du-projet-de-loi-immigration-20231121_JGPONZXHFVDUNG7UFNLNDBJBZA\/\">Olivier Dussopt, l\u2019homme invisible du projet de loi immigration<\/a> &nbsp;(Lib\u00e9ration)<\/p>\n\n\n\n<p><a href=\"https:\/\/www.liberation.fr\/societe\/pres-de-3000-enfants-a-la-rue-en-france-et-encore-la-situation-est-sous-estimee-20231122_S4CVNPEMDNFI5C4PQNJA6DDJXA\/\"><strong>\u00abPr\u00e8s de&nbsp;3000 enfants \u00e0 la rue en France, et encore, la situation est sous-estim\u00e9e\u00bb<\/strong><\/a> (Lib\u00e9ration)<\/p>\n\n\n\n<p><a><\/a><a href=\"https:\/\/www.lemonde.fr\/afrique\/article\/2023\/11\/22\/la-politique-africaine-d-emmanuel-macron-dans-le-viseur-des-deputes_6201760_3212.html\">La politique africaine d\u2019Emmanuel Macron dans le viseur des d\u00e9put\u00e9s<\/a> (Le Monde)<\/p>\n\n\n\n<p><a href=\"https:\/\/www.cadtm.org\/Tchad-Macron-aux-cotes-de-la-dictature-tchadienne\" target=\"_blank\" rel=\"noreferrer noopener\">Macron aux c\u00f4t\u00e9s de la dictature tchadienne<\/a>&nbsp;(CADTM)<\/p>\n\n\n\n<p><strong>Monde<\/strong><\/p>\n\n\n\n<p><a href=\"https:\/\/www.liberation.fr\/international\/moyen-orient\/en-direct-guerre-hamas-israel-liberation-dotages-quelle-treve-militaire-et-quand-nouvelle-aide-humanitaire-suivez-toutes-les-informations-de-ce-mercredi-22-novembre-20231122_3SCI5RR3PNA4TBCBLMY7Z2DVAE\/\">EN DIRECT &#8211; Hamas-Isra\u00ebl&nbsp;: la majorit\u00e9 des Palestiniens susceptibles d\u2019\u00eatre lib\u00e9r\u00e9s sont des adolescents<\/a> (Lib\u00e9ration, en clair)<\/p>\n\n\n\n<p><a href=\"https:\/\/www.liberation.fr\/checknews\/guerre-hamas-israel-combien-y-a-t-il-denfants-et-de-femmes-parmi-les-otages-a-gaza-20231122_UYBXKBBMDJHUBDLWRXWI45G4KU\/\">Hamas-Isra\u00ebl&nbsp;: combien y a-t-il d\u2019enfants et de femmes parmi les otages \u00e0 Gaza&nbsp;?<\/a> (Lib\u00e9ration, en clair)<\/p>\n\n\n\n<p><strong><a href=\"https:\/\/www.fidh.org\/fr\/regions\/maghreb-moyen-orient\/israel-palestine\/a-gaza-les-defenseur%E2%8B%85ses-des-droits-humains-sont-en-danger-de-mort\" target=\"_blank\" rel=\"noreferrer noopener\">\u00c0 Gaza les d\u00e9fenseur\u22c5es des droits humains sont en danger de mort<\/a>&nbsp;<\/strong>(FIDH)<\/p>\n\n\n\n<p><a href=\"https:\/\/www.mediapart.fr\/journal\/fil-dactualites\/221123\/accord-israelhamas-une-treve-de-quatre-jours-insuffisante-selon-les-principales-ong-dont-amnesty\">Isra\u00ebl\/Hamas : une tr\u00eave de quatre jours \u00abinsuffisante\u00bb, selon les principales ONG dont Amnesty<\/a> (AFP)<\/p>\n\n\n\n<p><a href=\"https:\/\/www.francetvinfo.fr\/monde\/proche-orient\/israel-palestine\/guerre-entre-israel-et-le-hamas-trois-medecins-dont-deux-travaillant-pour-msf-tues-dans-une-frappe-sur-un-hopital-du-nord-de-gaza_6198204.html\">Trois m\u00e9decins, dont deux travaillant pour MSF, tu\u00e9s dans une frappe sur un h\u00f4pital du nord de Gaza<\/a> (France Info)<\/p>\n\n\n\n<p><a href=\"https:\/\/www.francetvinfo.fr\/monde\/proche-orient\/israel-palestine\/hopital-al-chifa-de-gaza-pourquoi-les-revelations-de-l-armee-israelienne-sur-les-armes-et-les-tunnels-du-hamas-sont-scrutees-par-la-communaute-internationale_6195927.html\"><strong>H\u00f4pital al-Chifa de Gaza : r\u00e9v\u00e9lations de l&rsquo;arm\u00e9e isra\u00e9lienne scrut\u00e9es par la communaut\u00e9 internationale<\/strong> <\/a>&nbsp;(France Info)<\/p>\n\n\n\n<p><a href=\"https:\/\/www.contretemps.eu\/gauche-israel-sionisme-colonialisme-haaretz\/\">La fureur vertueuse de la gauche&nbsp;isra\u00e9lienne<\/a> (Contretemps)<\/p>\n\n\n\n<p><a href=\"https:\/\/blogs.mediapart.fr\/agir-pour-soulaiman-raissouni\/blog\/221123\/je-vous-souhaite-un-prompt-retour-votre-bureau-lettre-de-soutien-soulaiman-raisso\">Maroc&nbsp;: lettre de soutien \u00e0 Soulaiman Raissouni, par Andrey Kurkov<\/a>&nbsp;(Agir pour Soulaiman Raissouni)<\/p>\n\n\n\n<p><a href=\"https:\/\/enass.ma\/2023\/11\/21\/pen-international-lance-une-campagne-pour-liberer-raissouni\/\" target=\"_blank\" rel=\"noreferrer noopener\">PEN International lance une campagne pour lib\u00e9rer Raissouni&nbsp;<\/a> (Enass)<\/p>\n\n\n\n<p><a href=\"https:\/\/alencontre.org\/ameriques\/americnord\/usa\/etats-unis-apres-quatre-decennies-de-defaites-le-retour-de-luttes-syndicales-victorieuses.html\">Etats-Unis. Apr\u00e8s quatre d\u00e9cennies de d\u00e9faites, le retour de luttes syndicales victorieuses<\/a> (A l\u2019Encontre)<\/p>\n\n\n\n<p><strong><a href=\"https:\/\/basta.media\/extreme-droite-italie-Meloni-s-en-prend-aux-enfants-de-meres-lesbiennes-droits-LGBTQ\" target=\"_blank\" rel=\"noreferrer noopener\">L&rsquo;extr\u00eame droite au pouvoir en Italie s&rsquo;en prend aux enfants de m\u00e8res lesbiennes<\/a>&nbsp;<\/strong>(Basta!)<\/p>\n\n\n\n<p><strong>Analyse<\/strong><\/p>\n\n\n\n<p><a href=\"https:\/\/blogs.mediapart.fr\/collectif-chronik\/blog\/221123\/gaza-les-hantises-du-genocide\">Gaza, les hantises du g\u00e9nocide<\/a> (collectif Chronik)<\/p>\n\n\n\n<p><strong><a href=\"https:\/\/www.mediapart.fr\/journal\/culture-et-idees\/221123\/ceux-qui-ont-banalise-l-idee-folle-du-grand-remplacement\">Ceux qui ont banalis\u00e9 \u00ab&nbsp;l\u2019id\u00e9e folle&nbsp;\u00bb du \u00ab&nbsp;grand remplacement&nbsp;\u00bb<\/a> <\/strong>(M\u00e9diapart)<\/p>\n\n\n\n<p><a href=\"https:\/\/alencontre.org\/ameriques\/amelat\/argentine\/argentine-les-sept-cles-pour-comprendre-le-scenario-de-lelection-presidentielle.html\">Argentine. \u00abLes sept cl\u00e9s pour comprendre le sc\u00e9nario de l\u2019\u00e9lection pr\u00e9sidentielle\u00bb<\/a> (A l\u2019Encontre)<\/p>\n\n\n\n<p><a href=\"https:\/\/www.contretemps.eu\/sionisme-colonisation-palestine-extreme-droite-israel-podcast\/\">Le projet sioniste, la colonisation de la Palestine et l\u2019extr\u00eame droite isra\u00e9lienne [Podcast]<\/a> (Contretemps)<\/p>\n\n\n\n<p><a href=\"https:\/\/www.acrimed.org\/Ukraine-Israel-meme-combat-misere-de-l-analogie\" target=\"_blank\" rel=\"noreferrer noopener\">\u00ab Ukraine-Isra\u00ebl : m\u00eame combat \u00bb : mis\u00e8re de l&rsquo;analogie<\/a>&nbsp;(Acrimed)<\/p>\n\n\n\n<p><mark style=\"background-color:rgba(0, 0, 0, 0);color:#ee0505\" class=\"has-inline-color\"><strong>21 novembre<\/strong><\/mark><\/p>\n\n\n\n<p><a><strong><mark style=\"background-color:rgba(0, 0, 0, 0)\" class=\"has-inline-color has-contrast-color\">France<\/mark><\/strong><\/a><\/p>\n\n\n\n<p><a href=\"https:\/\/www.humanite.fr\/politique\/christian-estrosi\/christian-estrosi-un-cas-decole-de-la-paranoia-islamophobe\" target=\"_blank\" rel=\"noreferrer noopener\">Christian Estrosi, un cas d\u2019\u00e9cole de la parano\u00efa islamophobe<\/a>&nbsp;(L\u2019Humanit\u00e9)<\/p>\n\n\n\n<p><a href=\"https:\/\/www.frustrationmagazine.fr\/aide-medicale-etat\/\" target=\"_blank\" rel=\"noreferrer noopener\">5 faits contre la suppression de l\u2019Aide M\u00e9dicale d\u2019\u00c9tat (AME)<\/a>&nbsp;(Frustration)<\/p>\n\n\n\n<p><a href=\"https:\/\/www.mediapart.fr\/journal\/france\/211123\/tirs-policiers-mortels-la-reforme-cazeneuve-cause-trop-de-degats-depuis-2017\" target=\"_blank\" rel=\"noreferrer noopener\">Tirs policiers mortels: \u00abLa r\u00e9forme Cazeneuve a caus\u00e9 trop de d\u00e9g\u00e2ts depuis 2017\u00bb&nbsp;<\/a> (M\u00e9diapart)<\/p>\n\n\n\n<p><a href=\"https:\/\/www.alternatives-economiques.fr\/claire-rodier\/droit-sol-senat-foule-pied-tradition-francaise\/00108674\" target=\"_blank\" rel=\"noreferrer noopener\">Droit du sol : le S\u00e9nat foule au pied la tradition fran\u00e7aise<\/a>&nbsp;(Alter \u00e9co)<\/p>\n\n\n\n<p><a href=\"https:\/\/www.blast-info.fr\/emissions\/2023\/immigration-la-realite-face-aux-mensonges-n0FQCIrhRXSUR9S2DLUfGA\" target=\"_blank\" rel=\"noreferrer noopener\"><strong>Immigration : la r\u00e9alit\u00e9 face aux mensonges<\/strong><\/a> (Blast)<\/p>\n\n\n\n<p><strong>Monde<\/strong><\/p>\n\n\n\n<p><a href=\"https:\/\/www.humanite.fr\/monde\/bande-de-gaza\/israel-palestine-le-hamas-assure-approcher-de-la-conclusion-dun-accord-de-treve\" target=\"_blank\" rel=\"noreferrer noopener\">Isra\u00ebl-Palestine : Le Hamas assure approcher \u00abde la conclusion d\u2019un accord de tr\u00eave\u00bb<\/a>&nbsp;(L\u2019Humanit\u00e9)<\/p>\n\n\n\n<p><a href=\"https:\/\/www.mediapart.fr\/journal\/international\/211123\/le-fil-du-jour-vers-un-accord-pour-un-echange-d-otages-et-une-treve-gaza\" target=\"_blank\" rel=\"noreferrer noopener\">Le fil du jour. Vers un accord pour un \u00e9change d\u2019otages et une tr\u00eave \u00e0 Gaza ?<\/a>&nbsp;(M\u00e9diapart)<\/p>\n\n\n\n<p><strong><a href=\"https:\/\/www.humanite.fr\/monde\/armee-israelienne\/ils-ont-elimine-tout-le-monde-y-compris-les-otages-des-civils-israeliens-ont-ils-ete-tues-par-leur-armee\" target=\"_blank\" rel=\"noreferrer noopener\">\u00abIls ont \u00e9limin\u00e9 tout le monde, y compris les otages\u00bb : des civils isra\u00e9liens ont-ils \u00e9t\u00e9 tu\u00e9s par leur arm\u00e9e ?<\/a>&nbsp;<\/strong>(L\u2019Humanit\u00e9)<\/p>\n\n\n\n<p><a href=\"https:\/\/lvsl.fr\/guerre-israel-hamas-le-desengagement-americain-au-proche-orient-remis-en-question\/\" target=\"_blank\" rel=\"noreferrer noopener\">Guerre Isra\u00ebl-Hamas : le d\u00e9sengagement am\u00e9ricain au Proche-Orient remis en question<\/a>&nbsp;(Le Vent Se L\u00e8ve)<\/p>\n\n\n\n<p><a href=\"https:\/\/lundi.am\/L-ouragan-Milei\" target=\"_blank\" rel=\"noreferrer noopener\">L\u2019ouragan Milei<\/a>&nbsp;: 7 cl\u00e9s pour comprendre l\u2019\u00e9lection argentine (Lundimatin)<\/p>\n\n\n\n<p><a href=\"https:\/\/lundi.am\/Qui-est-Javier-Milei-le-nouveau-president-argentin-libertarien\" target=\"_blank\" rel=\"noreferrer noopener\">Qui est Javier Milei le nouveau pr\u00e9sident argentin libertarien&nbsp;?<\/a> (Lundimatin)<\/p>\n\n\n\n<p><strong>Analyse<\/strong><\/p>\n\n\n\n<p><a href=\"https:\/\/www.revue-ballast.fr\/relire-le-manifeste-du-parti-communiste-175-ans-apres\/\" target=\"_blank\" rel=\"noreferrer noopener\">Relire le Manifeste du parti communiste, 175 ans apr\u00e8s<\/a>&nbsp;(Ballast)<\/p>\n\n\n\n<p><a href=\"https:\/\/www.monde-diplomatique.fr\/cartes\/gaza2023-armee-israelienne\" target=\"_blank\" rel=\"noreferrer noopener\">Un \u00c9tat surmilitaris\u00e9<\/a>&nbsp; (Le Monde diplomatique)<\/p>\n\n\n\n<p><a href=\"https:\/\/www.blast-info.fr\/articles\/2023\/les-drahi-mecenes-de-larmee-israelienne-5FAKV4emSGml7DqCYCf9XA\" target=\"_blank\" rel=\"noreferrer noopener\">Les Drahi, m\u00e9c\u00e8nes de l\u2019arm\u00e9e isra\u00e9lienne<\/a>&nbsp;(Blast)<\/p>\n\n\n\n<p><a href=\"https:\/\/www.mediapart.fr\/journal\/international\/201123\/le-libertarianisme-nouveau-levier-de-l-extreme-droite\" target=\"_blank\" rel=\"noreferrer noopener\">Le libertarianisme, nouveau levier de l\u2019extr\u00eame droite ?<\/a>&nbsp;(M\u00e9diapart)<\/p>\n\n\n\n<p><mark style=\"background-color:rgba(0, 0, 0, 0);color:#ee0505\" class=\"has-inline-color\"><strong>20 novembre<\/strong><\/mark><\/p>\n\n\n\n<p><a><strong><mark style=\"background-color:rgba(0, 0, 0, 0)\" class=\"has-inline-color has-contrast-color\">France<\/mark><\/strong><\/a><\/p>\n\n\n\n<p><a href=\"https:\/\/www.mediapart.fr\/journal\/fil-dactualites\/201123\/bien-vieillir-en-suspens-depuis-sept-mois-la-proposition-de-loi-de-retour-l-assemblee\">\u00ab&nbsp;Bien vieillir&nbsp;\u00bb: en suspens depuis sept mois, la proposition de loi de retour \u00e0 l\u2019Assembl\u00e9e<\/a> (AFP)<\/p>\n\n\n\n<p><a href=\"https:\/\/www.bondyblog.fr\/societe\/a-la-marche-pour-nahel-il-faut-quils-arretent-de-tuer-nos-enfants\/\" target=\"_blank\" rel=\"noreferrer noopener\">\u00c0 la marche pour Nahel, \u00ab il faut qu\u2019ils arr\u00eatent de tuer nos enfants \u00bb<\/a>&nbsp;(Le Bondy Blog)<\/p>\n\n\n\n<p><a href=\"https:\/\/regards.fr\/soutien-inconditionnel-a-israel-yael-braun-pivet-jure-quelle-na-jamais-dit-ce-quelle-a-dit\/\" target=\"_blank\" rel=\"noreferrer noopener\">\u00ab Soutien inconditionnel \u00bb \u00e0 Isra\u00ebl : Ya\u00ebl Braun-Pivet jure qu\u2019elle n\u2019a jamais dit ce qu\u2019elle a dit<\/a>&nbsp;(Regards)<\/p>\n\n\n\n<p><a><\/a><a href=\"https:\/\/www.cadtm.org\/Transition-politique-au-Niger-et-au-Sahel-vers-la-fin-de-la-Francafrique-quel\" target=\"_blank\" rel=\"noreferrer noopener\">Transition politique au Niger et au Sahel, vers la fin de la Fran\u00e7afrique<\/a>&nbsp;(CADTM)<\/p>\n\n\n\n<p><a><\/a><a href=\"https:\/\/theconversation.com\/le-recul-de-la-france-en-afrique-une-perte-de-credibilite-mondiale-217735?utm_medium=email&amp;utm_campaign=La%20lettre%20de%20The%20Conversation%20France%20du%2016%20novembre%202023%20-%202796328297&amp;utm_content=La%20lettre%20de%20The%20Conversation%20France%20du%2016%20novembre%202023%20-%202796328297+CID_94e797407dea94822e5108976cc57c48&amp;utm_source=campaign_monitor_fr&amp;utm_term=Le%20recul%20de%20la%20France%20en%20Afrique%20%20une%20perte%20de%20crdibilit%20mondiale\">Le recul de la France en Afrique : une perte de cr\u00e9dibilit\u00e9 mondiale<\/a>&nbsp;(The Conversation)<\/p>\n\n\n\n<p><a href=\"https:\/\/www.youtube.com\/watch?v=DtnK8dwRhU0\" target=\"_blank\" rel=\"noreferrer noopener\">Fabien Roussel \u00e0 la sortie de la rencontre de Saint-Denis avec le Pr\u00e9sident de la R\u00e9publique<\/a>&nbsp;(PCF)<\/p>\n\n\n\n<p><a href=\"https:\/\/www.courrierinternational.com\/article\/syrie-le-mandat-d-arret-francais-contre-bachar-el-assad-un-precedent-judiciaire-historique?xtor=EREC-20-20231116-5-nl_quotidienne\">Le mandat d\u2019arr\u00eat fran\u00e7ais contre Bachar El-Assad, un \u201cpr\u00e9c\u00e9dent judiciaire historique\u201d<\/a>&nbsp;(Courrier international)<\/p>\n\n\n\n<p><a href=\"https:\/\/siecledigital.fr\/2023\/11\/15\/la-cnil-epingle-le-ministere-de-linterieur-accuse-davoir-recours-a-la-reconnaissance-faciale\/\">La CNIL \u00e9pingle le minist\u00e8re de l\u2019Int\u00e9rieur, accus\u00e9 d\u2019avoir recours \u00e0 la reconnaissance faciale<\/a>&nbsp;(Si\u00e8cle digital)<\/p>\n\n\n\n<p><strong>Monde<\/strong><\/p>\n\n\n\n<p><a href=\"https:\/\/radio-m.net\/gaza-plus-de-3-000-eleves-palestiniens-tues-par-israel-depuis-le-7-octobre\/\">Gaza : Plus de 3 000 \u00e9l\u00e8ves palestiniens tu\u00e9s par Isra\u00ebl depuis le 7 octobre<\/a> (Radio M)<\/p>\n\n\n\n<p><strong><a href=\"https:\/\/radio-m.net\/une-enquete-contredit-la-version-israelienne-sur-la-mort-de-plus-de-300-fetards-le-7-octobre\/\">Une enqu\u00eate contredit la version isra\u00e9lienne sur la mort de plus de 300 personnes le 7 octobre<\/a><\/strong> (Radio M)<\/p>\n\n\n\n<figure class=\"wp-block-image size-full is-resized\"><img data-recalc-dims=\"1\" loading=\"lazy\" decoding=\"async\" width=\"598\" height=\"383\" src=\"https:\/\/i0.wp.com\/www.rdpemancipation.org\/wp-content\/uploads\/2023\/11\/image-12.png?resize=598%2C383&#038;ssl=1\" alt=\"\" class=\"wp-image-122492\" style=\"aspect-ratio:1.5613577023498695;width:463px;height:auto\" srcset=\"https:\/\/i0.wp.com\/www.rdpemancipation.org\/wp-content\/uploads\/2023\/11\/image-12.png?w=598&amp;ssl=1 598w, https:\/\/i0.wp.com\/www.rdpemancipation.org\/wp-content\/uploads\/2023\/11\/image-12.png?resize=300%2C192&amp;ssl=1 300w\" sizes=\"auto, (max-width: 598px) 100vw, 598px\" \/><\/figure>\n\n\n\n<p><strong><a href=\"https:\/\/lesakerfrancophone.fr\/les-temoignages-du-7-octobre-revelent-que-larmee-israelienne-a-bombarde-les-citoyens-israeliens-avec-des-chars-et-des-missiles\">T\u00e9moignages du 7 octobre&nbsp;: l\u2019arm\u00e9e isra\u00e9lienne a bombard\u00e9 les citoyens isra\u00e9liens avec des chars et des missiles<\/a>&nbsp;<\/strong>(The Grayzone&nbsp;<em>via<\/em>&nbsp;Le saker francophone)<\/p>\n\n\n\n<p><a href=\"https:\/\/www.mediapart.fr\/journal\/international\/201123\/le-fil-du-jour-une-frappe-sur-un-hopital-de-gaza-aurait-fait-12-morts\">Le fil du jour. Une frappe sur un h\u00f4pital de Gaza aurait fait 12 morts<\/a> (M\u00e9diapart)<\/p>\n\n\n\n<p><a href=\"https:\/\/www.tsa-algerie.com\/un-soldat-israelien-filme-en-train-de-jeter-une-grenade-dans-une-mosquee\/\">Un soldat isra\u00e9lien film\u00e9 en train de jeter une grenade dans une mosqu\u00e9e<\/a> (TSA)<\/p>\n\n\n\n<p><a href=\"https:\/\/www.tsa-algerie.com\/larmee-israelienne-tournee-en-derision-sur-les-reseaux-sociaux\/\">L&rsquo;arm\u00e9e isra\u00e9lienne tourn\u00e9e en d\u00e9rision sur les r\u00e9seaux sociaux<\/a> (TSA)<\/p>\n\n\n\n<p><a href=\"https:\/\/link.newsletter.franceculture.fr\/m\/ml\/7429\/837272\/IWlVv3sPf_0euekfsJ-iFW9C5lXTLJmivm821gAfcU8=\/x0h2Ng7IM3gjU6NLSpWl9h-cFOWuPF+7U2WMx1xQb34=\/\" target=\"_blank\" rel=\"noreferrer noopener\">Argentine&nbsp;: la menace du libertarien Javier Milei, nouveau pr\u00e9sident de la R\u00e9publique<\/a> (France Culture)<\/p>\n\n\n\n<p><a href=\"https:\/\/www.lemonde.fr\/international\/article\/2023\/11\/17\/en-russie-sept-ans-de-prison-pour-une-action-antiguerre-dans-un-supermarche_6200654_3210.html\" target=\"_blank\" rel=\"noreferrer noopener\">Russie, sept ans de prison pour une action antiguerre dans un supermarch\u00e9<\/a>&nbsp;(Le Monde)<\/p>\n\n\n\n<p><strong>Analyse<\/strong><\/p>\n\n\n\n<p><a href=\"https:\/\/orientxxi.info\/magazine\/le-spectre-d-une-seconde-nakba-en-cisjordanie,6887\" target=\"_blank\" rel=\"noreferrer noopener\">Le spectre d&rsquo;une seconde Nakba en Cisjordanie<\/a>&nbsp;(Orient XXI)<\/p>\n\n\n\n<p><a href=\"https:\/\/www.mediapart.fr\/journal\/international\/191123\/guerre-israel-hamas-la-devastatrice-doctrine-dahiya\">La d\u00e9vastatrice \u00ab&nbsp;doctrine Dahiya&nbsp;\u00bb<\/a> (M\u00e9diapart)<\/p>\n\n\n\n<p><a href=\"https:\/\/www.haaretz.com\/israel-news\/2023-11-15\/ty-article\/.premium\/gaza-in-ruins-the-largest-palestinian-city-in-the-world-soon-uninhabitable\/0000018b-d3a4-d423-affb-f3a70ff40000\" target=\"_blank\" rel=\"noreferrer noopener\">Isra\u00ebl &#8211; Gaza in ruins: The largest Palestinian city in the world, soon uninhabitable<\/a>&nbsp;(Haaretz)<\/p>\n\n\n\n<p><\/p>\n\n\n\n<p><mark style=\"background-color:rgba(0, 0, 0, 0);color:#ee0505\" class=\"has-inline-color\"><strong>19 novembre<\/strong><\/mark><\/p>\n\n\n\n<p><a><strong><mark style=\"background-color:rgba(0, 0, 0, 0)\" class=\"has-inline-color has-contrast-color\">France<\/mark><\/strong><\/a><\/p>\n\n\n\n<p><a href=\"https:\/\/afriquexxi.us20.list-manage.com\/track\/click?u=f9f8627cbcbbdcb07c28f3cdf&amp;id=c88484d2c8&amp;e=58ff83d693\" target=\"_blank\" rel=\"noreferrer noopener\">Thiaroye 44, un massacre colonial<\/a> (France Inter, Affaires sensibles)<\/p>\n\n\n\n<p><a href=\"https:\/\/www.youtube.com\/watch?v=ZlHBgyaDE-s\">Le RN pas antis\u00e9mite, vraiment&nbsp;?<\/a>&nbsp;(Blast)<\/p>\n\n\n\n<p><strong>Monde<\/strong><\/p>\n\n\n\n<p><a href=\"https:\/\/www.youtube.com\/watch?v=BBGAl0EsftQ\"><strong>Isra\u00ebl-Palestine&nbsp;: un conflit qui fracture le monde entier<\/strong><\/a>&nbsp;(Blast)<\/p>\n\n\n\n<p><a href=\"https:\/\/www.theguardian.com\/world\/Une%20famille%20thailandaise%20attend%20des%20nouvelles%20de%20son%20fils%20enlev\u00e9%20en%20Isra\u00ebl\">Une famille tha\u00eflandaise attend des nouvelles de son fils enlev\u00e9 en Isra\u00ebl<\/a> (The Guardian)<\/p>\n\n\n\n<p><a href=\"http:\/\/www.lequotidien-oran.com\/index.php?news=5325228&amp;archive_date=2023-11-16\">A Gen\u00e8ve, le calvaire de Ghaza cr\u00e9e du remous dans les instances internationales<\/a> (Le Quotidien d\u2019Oran)<\/p>\n\n\n\n<p><a href=\"https:\/\/www.lemonde.fr\/idees\/article\/2023\/11\/14\/karim-khan-procureur-de-la-cpi-sur-la-guerre-israel-hamas-au-milieu-de-la-violence-au-milieu-de-la-fureur-des-regles-d-humanite-s-appliquent-qui-ne-peuvent-etre-transgressees_6199982_3232.html\" target=\"_blank\" rel=\"noreferrer noopener\">Tribune de Karim Khan, procureur de la CPI sur la guerre Isra\u00ebl Hamas<\/a> (Tribune dans Le Monde)<\/p>\n\n\n\n<p><a href=\"https:\/\/reseauinternational.net\/israel-a-menti-au-sujet-du-7-octobre\/\"><strong>Isra\u00ebl a menti au sujet du 7 octobre<\/strong><\/a>&nbsp;(Indi<em>&nbsp;via<\/em>&nbsp;R\u00e9seau International)<\/p>\n\n\n\n<p><a href=\"https:\/\/www.afrique-asie.fr\/des-helicopteres-apache-israeliens-ont-tue-des-soldats-et-des-civils-le-7-octobre-rt\/\">Isra\u00ebl.&nbsp;<\/a><a href=\"https:\/\/www.afrique-asie.fr\/des-helicopteres-apache-israeliens-ont-tue-des-soldats-et-des-civils-le-7-octobre-rt\/\">Des h\u00e9licopt\u00e8res Apache isra\u00e9liens ont tu\u00e9 des soldats et des civils le 7 octobre<\/a>&nbsp;(RT&nbsp;<em>via<\/em>&nbsp;Afrique-Asie)<\/p>\n\n\n\n<p><mark style=\"background-color:rgba(0, 0, 0, 0);color:#ee0505\" class=\"has-inline-color\"><strong>18 novembre<\/strong><\/mark><\/p>\n\n\n\n<p><a><strong><mark style=\"background-color:rgba(0, 0, 0, 0)\" class=\"has-inline-color has-contrast-color\">France<\/mark><\/strong><\/a><\/p>\n\n\n\n<p><a href=\"https:\/\/www.lemediatv.fr\/emissions\/2023\/proces-contre-dupond-moretti-un-an-de-prison-contre-le-ministre-de-la-justice-7SRXJxjlTw-GQeIijEeD7w\" target=\"_blank\" rel=\"noreferrer noopener\">Proc\u00e8s contre Dupond-Moretti : un an de prison contre le ministre de la Justice ?<\/a>&nbsp;(Le M\u00e9dia)<\/p>\n\n\n\n<p><a href=\"https:\/\/reporterre.net\/Deux-journalistes-de-Reporterre-convoques-par-la-gendarmerie-encore-une-atteinte-au-droit-d-informer\" target=\"_blank\" rel=\"noreferrer noopener\">Deux journalistes de Reporterre convoqu\u00e9s par la gendarmerie&nbsp;: encore une atteinte au droit d&rsquo;informer&nbsp;!<\/a>&nbsp;(Reporterre)<\/p>\n\n\n\n<p><a href=\"https:\/\/www.francetvinfo.fr\/politique\/parlement-francais\/assemblee-nationale\/video-le-49-3-donne-l-illusion-que-l-on-peut-gouverner-sans-majorite-juge-l-economiste-thomas-piketty-pour-qui-cet-article-permet-surtout-d-eviter-les-coalitions_6190095.html\">\u00ab\u00a0Le 49.3 donne l&rsquo;illusion que l&rsquo;on peut gouverner sans majorit\u00e9\u00a0\u00bb, juge Thomas Piketty<\/a> (France info)<\/p>\n\n\n\n<p><a href=\"https:\/\/www.huffingtonpost.fr\/politique\/article\/a-saint-denis-les-rencontres-de-macron-avec-les-partis-se-soldent-par-un-nouvel-echec-previsible_225930.html\">Les rencontres de Saint-Denis, nouvel \u00e9chec pr\u00e9visible pour Macron<\/a> (Huffpost)<a href=\"https:\/\/www.huffingtonpost.fr\/politique\/article\/inceste-le-sort-de-la-ciivise-inquiete-edouard-durand-le-copresident-sur-la-sellette_225926.html\"><\/a><\/p>\n\n\n\n<p><a href=\"https:\/\/www.huffingtonpost.fr\/politique\/article\/inceste-le-sort-de-la-ciivise-inquiete-edouard-durand-le-copresident-sur-la-sellette_225926.html\">Le sort de la Ciivise inqui\u00e8te apr\u00e8s son rapport choc, son pr\u00e9sident sur la sellette&nbsp;?<\/a> (Huffpost)<\/p>\n\n\n\n<p><a href=\"https:\/\/cqfd-journal.org\/Macron-ouvre-la-voie-au-fascisme\" target=\"_blank\" rel=\"noreferrer noopener\">Macron ouvre la voie au fascisme<\/a>&nbsp;(CQFD)<\/p>\n\n\n\n<p><a href=\"https:\/\/www.blast-info.fr\/articles\/2023\/loin-des-plateaux-teles-les-nervis-neofascistes-se-dechainent-D7GP0bjkRTSKuX_ED4tNNg\" target=\"_blank\" rel=\"noreferrer noopener\">Loin des plateaux t\u00e9l\u00e9s, les nervis n\u00e9ofascistes se d\u00e9cha\u00eenent<\/a>&nbsp;(Blast)<\/p>\n\n\n\n<p><strong>Monde<\/strong><\/p>\n\n\n\n<p><a href=\"https:\/\/www.liberation.fr\/international\/moyen-orient\/en-direct-une-frappe-israelienne-sur-des-immeubles-du-sud-de-la-bande-de-gaza-aurait-fait-26-morts-20231118_IDTON327IFAKVDISQP5GW2SLUA\/\"><strong>Des frappes isra\u00e9liennes sur des habitations du sud de la bande de Gaza auraient fait 32 morts<\/strong><\/a> (Le direct de Lib\u00e9, en clair)<strong><a href=\"https:\/\/www.francetvinfo.fr\/monde\/proche-orient\/israel-palestine\/temoignage-ce-que-l-on-voit-est-terrible-une-association-de-l-oise-fait-partie-des-rares-structures-d-aide-humanitaire-presentes-a-gaza_6190086.html\"><\/a><\/strong><\/p>\n\n\n\n<p><strong><a href=\"https:\/\/www.francetvinfo.fr\/monde\/proche-orient\/israel-palestine\/temoignage-ce-que-l-on-voit-est-terrible-une-association-de-l-oise-fait-partie-des-rares-structures-d-aide-humanitaire-presentes-a-gaza_6190086.html\">\u2018Ce que l&rsquo;on voit est terrible\u2019&nbsp;: une association de l&rsquo;Oise fait partie des rares ONG humanitaire \u00e0 Gaza<\/a><\/strong> (France info)<\/p>\n\n\n\n<p><a href=\"https:\/\/www.mediapart.fr\/journal\/fil-dactualites\/181123\/les-soldats-israeliens-ont-ordonne-l-evacuation-sous-une-heure-de-l-hopital-al-chifa-de-gaza\"><strong>Les soldats isra\u00e9liens ont ordonn\u00e9 l\u2019\u00e9vacuation \u2018sous une heure\u2019 de l\u2019h\u00f4pital al-Chifa de Gaza<\/strong><\/a> (AFP)<\/p>\n\n\n\n<p><a href=\"https:\/\/www.ldh-france.org\/stop-a-linhumain-cessez-le-feu-immediat-liberation-des-otages-protection-des-populations-civiles-3\/\" target=\"_blank\" rel=\"noreferrer noopener\"><strong>Stop \u00e0 l\u2019inhumain. Cessez-le-feu imm\u00e9diat, lib\u00e9ration des otages, protection des populations civiles<\/strong><\/a>&nbsp;(LDH, appel aux mobilisations)<\/p>\n\n\n\n<p><a href=\"https:\/\/www.mediapart.fr\/journal\/fil-dactualites\/171123\/gaza-cinq-etats-parties-saisissent-la-cpi\">Gaza : cinq Etats parties saisissent la CPI<\/a> (AFP)<\/p>\n\n\n\n<p><a href=\"https:\/\/alencontre.org\/moyenorient\/palestine\/cisjordanie-arracher-leurs-terres-et-leurs-oliviers-aux-palestiniens.html\">Cisjordanie. Arracher leurs terres et leurs oliviers aux Palestiniens<\/a> (A l\u2019encontre)<\/p>\n\n\n\n<p><a href=\"https:\/\/www.monde-diplomatique.fr\/2023\/11\/ABIDI\/66242\" target=\"_blank\" rel=\"noreferrer noopener\">Riyad &#8211; Tel-Aviv, coup de frein \u00e0 la normalisation<\/a>&nbsp;(Le Monde diplomatique)<\/p>\n\n\n\n<p><a href=\"https:\/\/alencontre.org\/europe\/italie\/italie-un-dur-affrontement-sur-le-droit-de-greve-quelles-suites-apres-la-journee-du-17-novembre.html\">Italie. Un dur affrontement sur le droit de gr\u00e8ve. Quelles suites apr\u00e8s la journ\u00e9e du 17 novembre?<\/a> (A l\u2019encontre)<\/p>\n\n\n\n<p><a href=\"https:\/\/alencontre.org\/ameriques\/amelat\/argentine\/argentine-la-pauperisation-a-la-veille-de-lelection-presidentielle-du-19-novembre.html\">Argentine. La paup\u00e9risation \u00e0 la veille de l\u2019\u00e9lection pr\u00e9sidentielle du 19 novembre<\/a> (A l\u2019encontre)<\/p>\n\n\n\n<p><strong>Analyse<\/strong><\/p>\n\n\n\n<p><a href=\"https:\/\/www.blast-info.fr\/emissions\/2023\/israel-palestine-un-conflit-qui-fracture-le-monde-entier-Sof2gxRFQv2nl2sMQdsVOA\" target=\"_blank\" rel=\"noreferrer noopener\">Isra\u00ebl-Palestine : un conflit qui fracture le monde entier<\/a>&nbsp;(Blast)<\/p>\n\n\n\n<p><a href=\"https:\/\/www.contretemps.eu\/sionisme-colonisation-palestine-extreme-droite-israel-podcast\/\">Le projet sioniste, la colonisation de la Palestine et l\u2019extr\u00eame droite isra\u00e9lienne [Podcast]<\/a><a> <\/a>(Contretemps)<\/p>\n\n\n\n<p><a href=\"https:\/\/www.contretemps.eu\/siege-gaza-appel-liberation\/\">Du si\u00e8ge g\u00e9nocidaire de Gaza, l\u2019appel \u00e0 la lib\u00e9ration<\/a> (Contretemps)<\/p>\n\n\n\n<p><a href=\"https:\/\/www.contretemps.eu\/gauche-critique-sionisme-traverso-judaisme-question-nationale\/\">Une gauche qui ne critique pas le sionisme n\u2019est pas une gauche v\u00e9ritable<\/a> (Contretemps)<\/p>\n\n\n\n<p><a href=\"https:\/\/www.blast-info.fr\/emissions\/2023\/antisemitisme-le-jeu-tres-dangereux-du-gouvernement-et-des-medias-wtdtELKDSi25lRf56cn6OA\" target=\"_blank\" rel=\"noreferrer noopener\">Antis\u00e9mitisme : le jeu tr\u00e8s dangereux du gouvernement et des m\u00e9dias<\/a>&nbsp;(Blast)<\/p>\n\n\n\n<p><mark style=\"background-color:rgba(0, 0, 0, 0);color:#ee0505\" class=\"has-inline-color\"><strong>17 novembre<\/strong><\/mark><\/p>\n\n\n\n<p><a><strong><mark style=\"background-color:rgba(0, 0, 0, 0)\" class=\"has-inline-color has-contrast-color\">France<\/mark><\/strong><\/a><\/p>\n\n\n\n<p><a href=\"https:\/\/www.liberation.fr\/societe\/police-justice\/affaire-nahel-la-mere-de-lado-appelle-a-un-rassemblement-dimanche-a-nanterre-apres-la-liberation-du-policier-20231117_3EOEEOVUVNHKNCN3ZYR7GTA5H4\/\"><strong>La m\u00e8re de Nahel appelle \u00e0 un rassemblement dimanche \u00e0 Nanterre apr\u00e8s la lib\u00e9ration du policier<\/strong><\/a> (Lib\u00e9ration)<\/p>\n\n\n\n<p><a href=\"https:\/\/www.francetvinfo.fr\/monde\/proche-orient\/israel-palestine\/guerre-entre-israel-et-le-hamas-macron-est-en-train-de-commettre-une-grande-erreur-l-image-de-la-france-ecornee-a-jerusalem-est_6189282.html\">\u00ab\u00a0Macron est en train de commettre une grande erreur\u00a0\u00bb&nbsp;: l&rsquo;image de la France \u00e9corn\u00e9e \u00e0 J\u00e9rusalem-Est<\/a> (France info)<\/p>\n\n\n\n<p><a href=\"https:\/\/mondafrique.com\/a-la-une\/serie-barkhane-volet-5-un-grand-flou-sur-la-strategie-francaise-au-sahel\/\"><strong>Un conseil de d\u00e9fense sur l\u2019incertaine strat\u00e9gie fran\u00e7aise au Sahel<\/strong><\/a> (Mondafrique)<\/p>\n\n\n\n<p><a href=\"https:\/\/algeria-watch.org\/?p=89657\">Retour vers le futur colonial<\/a> -Khaled Satour (Contredit)<\/p>\n\n\n\n<p><strong>Monde<\/strong><\/p>\n\n\n\n<p><a href=\"https:\/\/www.liberation.fr\/international\/moyen-orient\/en-direct-guerre-hamas-israel-le-corps-dune-deuxieme-otage-israelienne-decouverte-pres-de-lhopital-al-shifa-20231117_57YZD4PZY5A2TMRYLIGMGCLJNA\/\">EN DIRECT &#8211; Gaza&nbsp;: l\u2019arm\u00e9e isra\u00e9lienne annonce que \u00abplus d\u2019un millier d\u2019hommes du Hamas\u00bb ont \u00e9t\u00e9 tu\u00e9s depuis le d\u00e9but de l\u2019offensive terrestre<\/a><a> (Lib\u00e9ration)<\/a><\/p>\n\n\n\n<p><a href=\"https:\/\/mondafrique.com\/video\/le-41eme-jour-de-guerre-larmee-israelienne-affirme-avoir-pris-le-port-de-gaza\/\">41\u00e8me jour de guerre, Tsahal a pris le port de Gaza<\/a> (Mondafrique)<\/p>\n\n\n\n<p><strong><a href=\"https:\/\/www.middleeasteye.net\/fr\/actu-et-enquetes\/guerre-israel-gaza-palestine-derniers-messages-victimes-morts\">\u00ab&nbsp;Personne ne nous exilera&nbsp;\u00bb&nbsp;: les derniers messages des victimes de Gaza<\/a> &nbsp;<\/strong>(MEE)<\/p>\n\n\n\n<p><a href=\"https:\/\/www.middleeasteye.net\/fr\/actu-et-enquetes\/guerre-israel-palestine-ancien-prisonnier-raconte-enfer-prisons-maltraitance\">Un ancien prisonnier palestinien raconte l\u2019\u00ab&nbsp;enfer&nbsp;\u00bb des prisons isra\u00e9liennes<\/a> (MEE)<\/p>\n\n\n\n<p><a href=\"https:\/\/www.lemediatv.fr\/emissions\/2023\/la-cpi-peut-elle-juger-israel-une-armee-davocats-porte-plainte-pour-genocide-xqex5Dh5TM-KwT1Rt1CO7Q\" target=\"_blank\" rel=\"noreferrer noopener\">La CPI peut-elle juger Isra\u00ebl ? : Une arm\u00e9e d&rsquo;avocats porte plainte pour \u00ab\u00a0g\u00e9nocide\u00a0\u00bb<\/a>&nbsp; (Le M\u00e9dia)<\/p>\n\n\n\n<p><strong><a href=\"https:\/\/www.humanite.fr\/monde\/guerre-israel-hamas\/au-royaume-uni-le-labour-se-dechire-sur-un-cessez-le-feu-a-gaza\" target=\"_blank\" rel=\"noreferrer noopener\">Au Royaume-Uni, le Labour se d\u00e9chire sur un cessez-le-feu \u00e0 Gaza<\/a>&nbsp; <\/strong>(L\u2019Humanit\u00e9)<\/p>\n\n\n\n<p><a href=\"https:\/\/www.huffingtonpost.fr\/international\/article\/gaza-netanyahou-concede-pour-la-premiere-fois-qu-israel-echoue-a-limiter-le-nombre-de-victimes-civiles_225898.html\">Netanyahou conc\u00e8de (enfin) l\u2019\u00e9chec d\u2019Isra\u00ebl \u00e0 limiter le nombre de victimes civiles \u00e0 Gaza<\/a> (Huffpost)<\/p>\n\n\n\n<p><a href=\"https:\/\/www.middleeasteye.net\/fr\/actu-et-enquetes\/palestine-jerusalem-est-colons-israeliens-quartier-armenien-chretiens-occupation\">J\u00e9rusalem-Est : des colons isra\u00e9liens cherchent \u00e0 s\u2019emparer du quartier arm\u00e9nien par la force<\/a> (MEE)<\/p>\n\n\n\n<p><a href=\"https:\/\/algeria-watch.org\/?p=89654\">La Mosqu\u00e9e Al Aqsa fait l\u2019objet d\u2019une nouvelle invasion des colons isra\u00e9liens<\/a> (El Watan)<\/p>\n\n\n\n<p><a href=\"https:\/\/mondafrique.com\/a-la-une\/madagascar-lelection-presidentielle-consacre-un-capitalisme-predateur\/\">Madagascar, la Pr\u00e9sidentielle consacre le r\u00e8gne d\u2019un capitalisme pr\u00e9dateur<\/a> (Mondafrique)<\/p>\n\n\n\n<p><a href=\"https:\/\/blogs.mediapart.fr\/collectif-chronik\/blog\/171123\/presidentielle-en-argentine-javier-milei-une-singularite-populiste\">Pr\u00e9sidentielle en Argentine : Javier Milei, une singularit\u00e9 populiste ?<\/a>&nbsp;(collectif Chronik)<\/p>\n\n\n\n<p><a href=\"https:\/\/basta.media\/Argentine-Javier-Milei-populisme-ultraliberal-et-anti-feministe-au-second-tour-election-presidentielle\" target=\"_blank\" rel=\"noreferrer noopener\">Un populisme ultralib\u00e9ral et anti-f\u00e9ministe au second tour de la pr\u00e9sidentielle argentine<\/a>&nbsp;(Basta!)<\/p>\n\n\n\n<p><strong>Analyse<\/strong><\/p>\n\n\n\n<p><a href=\"https:\/\/link.newsletter.franceculture.fr\/m\/ml\/7429\/836709\/YGo7iurRLw-UHtrOwr_I0m9C5lXTLJmivm821gAfcU8=\/BYLNfrWRofWNJsW+ZFa0R8Fw07CbXWywPXyqrPPC8fU=\/\" target=\"_blank\" rel=\"noreferrer noopener\">Peut-il exister une alternative politique au Hamas&nbsp;?<\/a> (France Culture)<\/p>\n\n\n\n<p><a href=\"https:\/\/algeria-watch.org\/?p=89682\">Anthropologie n\u00e9ocoloniale et lutte de lib\u00e9ration&nbsp;: Deux textes pour une controverse entre Occident et Palestine<\/a> &nbsp;(Algeria-Watch)<\/p>\n\n\n\n<p><a href=\"https:\/\/algeria-watch.org\/?p=89687\">Les pathologies de l\u2019espoir dans la guerre pour la Palestine : Une r\u00e9ponse \u00e0 Adam Shatz<\/a> (Algeria-Watch)<\/p>\n\n\n\n<p><mark style=\"background-color:rgba(0, 0, 0, 0);color:#ee0505\" class=\"has-inline-color\"><strong>16 novembre<\/strong><\/mark><\/p>\n\n\n\n<p><a><strong><mark style=\"background-color:rgba(0, 0, 0, 0)\" class=\"has-inline-color has-contrast-color\">France<\/mark><\/strong><\/a><\/p>\n\n\n\n<p><a href=\"https:\/\/www.ldh-france.org\/non-a-la-suppression-de-laide-medicale-detat\/\" target=\"_blank\" rel=\"noreferrer noopener\">Non \u00e0 la suppression de l\u2019Aide M\u00e9dicale d\u2019Etat<\/a>&nbsp;(LDH et Attac)<\/p>\n\n\n\n<p><a href=\"https:\/\/www.saphirnews.com\/Islamophobie-des-tags-menacants-retrouves-sur-la-mosquee-de-Pessac_a29951.html\" target=\"_blank\" rel=\"noreferrer noopener\">Islamophobie : des tags mena\u00e7ants retrouv\u00e9s sur la mosqu\u00e9e de Pessac<\/a>&nbsp;(SaphirNews.com)<\/p>\n\n\n\n<p><a href=\"https:\/\/www.humanite.fr\/societe\/antisemitisme\/antisemitisme-dix-steles-juives-degradees-dans-un-cimetiere-militaire\" target=\"_blank\" rel=\"noreferrer noopener\">Antis\u00e9mitisme : dix st\u00e8les juives d\u00e9grad\u00e9es dans un cimeti\u00e8re militaire<\/a>&nbsp;(L\u2019Humanit\u00e9)<\/p>\n\n\n\n<p><a href=\"https:\/\/link.newsletter.franceculture.fr\/m\/ml\/7429\/836326\/cRoaHjki9XJxjpBDHotaoW9C5lXTLJmivm821gAfcU8=\/iiJsMnlr0otXhsZZoBIDtyczCVXcah3HKyJBQ87dc-Q=\/\" target=\"_blank\" rel=\"noreferrer noopener\"><strong>RN&nbsp;: apr\u00e8s \u201cl\u2019arc r\u00e9publicain\u201d, l\u2019\u00c9lys\u00e9e en ligne de mire&nbsp;?<\/strong><\/a> (France Culture)<\/p>\n\n\n\n<p><strong><a href=\"https:\/\/radio-m.net\/pascal-praud-de-cnews-si-tu-pouvais-arreter-de-defendre-les-palestiniens-a-lantenne-ca-serait-bien\/\">Pascal Praud de CNEWS : <em>Si tu pouvais arr\u00eater de d\u00e9fendre les Palestiniens \u00e0 l\u2019antenne \u00e7a serait bien <\/em><\/a><\/strong>(Radio M)<\/p>\n\n\n\n<p><a href=\"https:\/\/www.tsa-algerie.com\/algerie-france-un-projet-de-resolution-pour-denoncer-laccord-de-1968-devant-le-parlement\/\">Alg\u00e9rie \u2013 France : un projet de r\u00e9solution pour d\u00e9noncer l\u2019accord de 1968 devant le Parlement<\/a> (TSA)<\/p>\n\n\n\n<p><strong><a href=\"https:\/\/www.tsa-algerie.com\/france-un-senateur-fait-le-parallele-entre-les-animaux-et-les-etrangers\/\">Un s\u00e9nateur fran\u00e7ais fait le parall\u00e8le entre les animaux et les \u00e9trangers<\/a> <\/strong>(TSA)<\/p>\n\n\n\n<p><a href=\"https:\/\/api.indigo-net.com\/email\/RedirectionEmailing?mail=n.chevillard@noos.fr&amp;ID=566700&amp;DOCIID=109703480&amp;ENAIID=840694&amp;RETOUR=SIMPLE&amp;link=https:\/\/www.africaintelligence.fr\/afrique-ouest\/2023\/11\/14\/bases-militaires-francaises--les-plans-contraries-d-emmanuel-macron,110087363-art?cxt=PUB&amp;utm_source=AIF&amp;utm_medium=email&amp;utm_campaign=AUTO_EDIT_SOM_PROS\" target=\"_blank\" rel=\"noreferrer noopener\">Bases militaires fran\u00e7aises : les plans contrari\u00e9s d&rsquo;Emmanuel Macron<\/a> (Africa Intelligence)<\/p>\n\n\n\n<p><a href=\"https:\/\/t.nl.france3.fr\/r\/?id=hf961cb64,6c13fc64,5fc33024&amp;p1=20231113&amp;p2=726375-1613287517-668363dc\">Tracts n\u00e9onazis distribu\u00e9s dans des bo\u00eetes aux lettres \u00e0 Belfort : la LDH porte plainte<\/a> (France 3)<\/p>\n\n\n\n<p><strong>Monde<\/strong><\/p>\n\n\n\n<p><a href=\"https:\/\/www.humanite.fr\/monde\/catalogne\/espagne-le-parlement-reconduit-pedro-sanchez-comme-premier-ministre\" target=\"_blank\" rel=\"noreferrer noopener\">Espagne : le parlement reconduit Pedro Sanchez comme premier ministre<\/a>&nbsp;(L\u2019Humanit\u00e9)<\/p>\n\n\n\n<p><a href=\"https:\/\/www.lemonde.fr\/international\/article\/2023\/11\/15\/aux-etats-unis-la-ligne-pro-israelienne-de-biden-est-contestee-au-sein-meme-de-l-etat-federal_6200231_3210.html\">Aux USA, la ligne pro-isra\u00e9lienne de Biden est contest\u00e9e au sein m\u00eame de l\u2019Etat f\u00e9d\u00e9ral<\/a> (Le Monde)<\/p>\n\n\n\n<p><a href=\"https:\/\/radio-m.net\/washington-des-organisations-depose-plainte-contre-biden-pour-le-soutien-de-genocide-a-gaza\/\">Washington : une ONG d\u00e9pose plainte contre Biden pour soutien de g\u00e9nocide \u00e0 Gaza<\/a> (Radio M)<\/p>\n\n\n\n<p><strong><a href=\"https:\/\/lvsl.fr\/pourquoi-benjamin-netanyahou-na-plus-davenir-politique\/\" target=\"_blank\" rel=\"noreferrer noopener\">Pourquoi Benjamin Netanyahou n\u2019a plus d\u2019avenir politique<\/a>&nbsp;<\/strong>(Le Vent Se L\u00e8ve)<\/p>\n\n\n\n<p><a href=\"https:\/\/link.newsletter.franceculture.fr\/m\/ml\/7429\/836326\/cRoaHjki9XJxjpBDHotaoW9C5lXTLJmivm821gAfcU8=\/iiJsMnlr0otXhsZZoBIDtyczCVXcah3H3ZdMiAgVSDQ=\/\" target=\"_blank\" rel=\"noreferrer noopener\">Guerre en Ukraine, la justice en temps r\u00e9el <\/a>&nbsp;(France Culture)<\/p>\n\n\n\n<p><a href=\"https:\/\/www.tsa-algerie.com\/gaza-ces-pays-europeens-ont-pris-des-positions-fortes-contre-israel\/\">Gaza : ces pays europ\u00e9ens ont pris des positions fortes contre Isra\u00ebl<\/a> (TSA)<\/p>\n\n\n\n<p><a href=\"https:\/\/www.tsa-algerie.com\/enorme-drapeau-palestinien-deploye-lors-dun-concert-au-chili-video\/\">\u00c9norme drapeau palestinien d\u00e9ploy\u00e9 lors d\u2019un concert au Chili (vid\u00e9o)<\/a> (TSA)<\/p>\n\n\n\n<p><a href=\"https:\/\/www.tsa-algerie.com\/guerre-israel-palestine-mohammed-vi-face-a-la-colere-des-anti-normalisation\/\">Isra\u00ebl \u2013 Palestine : Mohammed VI face \u00e0 la col\u00e8re des anti-normalisation<\/a> (TSA)<\/p>\n\n\n\n<p><a href=\"https:\/\/www.tsa-algerie.com\/sommet-arabo-musulman-le-veto-des-amis-arabes-disrael\/\">Sommet arabo-musulman : le \u00ab v\u00e9to \u00bb des amis arabes d\u2019Isra\u00ebl<\/a> (TSA)<\/p>\n\n\n\n<p><strong>Analyse<\/strong><\/p>\n\n\n\n<p><a href=\"https:\/\/lundi.am\/Les-magnifiques-sauvages\" target=\"_blank\" rel=\"noreferrer noopener\">Les magnifiques sauvages<\/a> -Un film documentaire sur les Gilets Jaunes (Lundimatin)<\/p>\n\n\n\n<p><a href=\"https:\/\/orientxxi.info\/magazine\/mossoul-six-ans-apres-daesh-de-l-enfer-au-purgatoire,6869\" target=\"_blank\" rel=\"noreferrer noopener\">Irak. Mossoul, de l&rsquo;enfer djihadiste au purgatoire de la lib\u00e9ration<\/a>&nbsp;(Orient XXI)<\/p>\n\n\n\n<p><a href=\"https:\/\/www.ritimo.org\/Palestine-la-lutte-pour-l-information\" target=\"_blank\" rel=\"noreferrer noopener\">Palestine : la lutte pour l&rsquo;information<\/a>&nbsp;(Ritimo)<\/p>\n\n\n\n<p><a href=\"https:\/\/www.middleeasteye.net\/fr\/decryptages\/guerre-palestine-gaza-israel-societe-fascisme-peur-deni\">Guerre \u00e0 Gaza&nbsp;: en proie \u00e0 la peur et au d\u00e9ni, la soci\u00e9t\u00e9 isra\u00e9lienne glisse vers le fascisme<\/a> (MEE)<\/p>\n\n\n\n<p><a href=\"https:\/\/www.off-investigation.fr\/israel-palestinedes-medecins-israeliens-appellent-a-bombarder-les-hopitaux-de-gaza\/\">Des m\u00e9decins isra\u00e9liens appellent \u00e0 bombarder les h\u00f4pitaux de Gaza<\/a> (Off Investigation)<\/p>\n\n\n\n<p><mark style=\"background-color:rgba(0, 0, 0, 0);color:#ee0505\" class=\"has-inline-color\"><strong>15 novembre<\/strong><\/mark><\/p>\n\n\n\n<p><a><strong><mark style=\"background-color:rgba(0, 0, 0, 0)\" class=\"has-inline-color has-contrast-color\">France<\/mark><\/strong><\/a><\/p>\n\n\n\n<p><a href=\"https:\/\/rapportsdeforce.fr\/boite-a-outils\/projet-de-loi-immigration-lextreme-droite-en-a-reve-le-senat-la-vote-111519642\" target=\"_blank\" rel=\"noreferrer noopener\">Projet de loi immigration, l\u2019extr\u00eame droite en a r\u00eav\u00e9, le S\u00e9nat l\u2019a vot\u00e9<\/a> (Rapports de Force)<\/p>\n\n\n\n<p><a href=\"https:\/\/www.lemediatv.fr\/emissions\/2023\/macron-borne-darmanin-le-gouvernement-marche-t-il-pour-lextreme-droite-_sF5jYLMS9mWvqX1x76Npg\" target=\"_blank\" rel=\"noreferrer noopener\">Macron, Borne, Darmanin : Le gouvernement marche-t-il pour l&rsquo;extr\u00eame-droite<\/a> (Le M\u00e9dia)<\/p>\n\n\n\n<p><a href=\"https:\/\/www.blast-info.fr\/emissions\/2023\/asile-et-immigration-une-loi-pour-flirter-avec-lextreme-droite-1Fq0BbDORXyZwPKwqg3K7Q\" target=\"_blank\" rel=\"noreferrer noopener\">Asile et immigration : une loi pour flirter avec l&rsquo;extr\u00eame droite<\/a> (Blast)<\/p>\n\n\n\n<p><a href=\"https:\/\/disclose.ngo\/fr\/article\/la-police-nationale-utilise-illegalement-un-logiciel-israelien-de-reconnaissance-faciale\" target=\"_blank\" rel=\"noreferrer noopener\"><strong>La police nationale utilise ill\u00e9galement un logiciel isra\u00e9lien de reconnaissance faciale<\/strong><\/a> (Disclose)<\/p>\n\n\n\n<p><a href=\"https:\/\/www.saphirnews.com\/Antisemitisme-la-Grande-Mosquee-de-Paris-sommee-de-s-expliquer-face-aux-propos-de-son-imam_a29949.html\" target=\"_blank\" rel=\"noreferrer noopener\"><strong>La Grande Mosqu\u00e9e de Paris somm\u00e9e de s\u2019expliquer face aux propos de son imam<\/strong><\/a> (SaphirNews.com)<\/p>\n\n\n\n<p><a href=\"https:\/\/www.streetpress.com\/sujet\/1699893281-tabassage-intimidations-soutien-lepen-rassemblement-national-ligue-defense-juive-manifestation-antisemitisme-ldj\" target=\"_blank\" rel=\"noreferrer noopener\">Tabassage, intimidations et soutien au RN, la Ligue de d\u00e9fense juive est de retour<\/a> &nbsp;(StreetPress)<\/p>\n\n\n\n<p><a href=\"https:\/\/www.mediapart.fr\/journal\/france\/131123\/aux-marches-contre-l-antisemitisme-des-elus-d-extreme-droite-au-lourd-passif\" target=\"_blank\" rel=\"noreferrer noopener\">Aux marches contre l\u2019antis\u00e9mitisme, des \u00e9lus d\u2019extr\u00eame droite au lourd passif<\/a> (M\u00e9diapart)<\/p>\n\n\n\n<p><a href=\"https:\/\/www.blast-info.fr\/articles\/2023\/marche-contre-lantisemitisme-lextreme-droite-adoubee-par-la-republique-jbqYd9IxRWKNz_3flPyJFw\" target=\"_blank\" rel=\"noreferrer noopener\">Marche contre l&rsquo;antis\u00e9mitisme : l&rsquo;extr\u00eame droite adoub\u00e9e par la R\u00e9publique<\/a> (Blast)<\/p>\n\n\n\n<p><strong><a href=\"https:\/\/www.auposte.fr\/police-partout-justice-nulle-part-le-chemin-de-croix-des-victimes-de-la-police\/\" target=\"_blank\" rel=\"noreferrer noopener\">\u00abPolice partout, justice nulle part\u00bb: le chemin de croix des victimes de la police<\/a> <\/strong>(Au Poste)<\/p>\n\n\n\n<p><strong>Monde<\/strong><\/p>\n\n\n\n<p><a href=\"https:\/\/afriquexxi.info\/La-France-nous-a-abandonnes-les-bourreaux-nous-ont-executes\" target=\"_blank\" rel=\"noreferrer noopener\">Rwanda : \u00ab La France nous a abandonn\u00e9s, les bourreaux nous ont ex\u00e9cut\u00e9s \u00bb<\/a> &nbsp;(Afrique XXI)<\/p>\n\n\n\n<p><a href=\"https:\/\/www.alternatives-economiques.fr\/colonisation-israelienne-cisjordanie-sape-methodiquement-solution-a\/00108610\" target=\"_blank\" rel=\"noreferrer noopener\">La colonisation isra\u00e9lienne en Cisjordanie sape m\u00e9thodiquement la solution \u00e0 deux Etats<\/a> (Alter \u00e9co)<\/p>\n\n\n\n<p><a href=\"https:\/\/www.bondyblog.fr\/opinions\/interview\/rony-brauman-les-hopitaux-sont-totalement-debordes-et-la-plupart-des-blesses-narrivent-meme-pas-dans-les-hopitaux\/\" target=\"_blank\" rel=\"noreferrer noopener\">Rony Brauman : \u00ab Les h\u00f4pitaux sont totalement d\u00e9bord\u00e9s et la plupart des bless\u00e9s n\u2019arrivent m\u00eame pas dans les h\u00f4pitaux \u00bb<\/a> (Le Bondy Blog)<\/p>\n\n\n\n<p><a href=\"https:\/\/www.huffingtonpost.fr\/international\/article\/royaume-uni-david-cameron-nomme-ministre-des-affaires-etrangeres-par-rishi-sunak-en-plein-remaniement_225678.html\">David Cameron fait un retour surprise dans le gouvernement britannique<\/a> (Huffpost)<\/p>\n\n\n\n<p><a href=\"https:\/\/www.huffingtonpost.fr\/international\/article\/royaume-uni-suella-braverman-ministre-de-l-interieur-limogee-apres-une-tribune-incendiaire-sur-la-police_225671.html\">La ministre de l\u2019Int\u00e9rieur britannique limog\u00e9e apr\u00e8s une tribune incendiaire<\/a> (Huffpost)<\/p>\n\n\n\n<p><strong>Analyse<\/strong><\/p>\n\n\n\n<p><a href=\"https:\/\/www.monde-diplomatique.fr\/2023\/11\/BELKAID\/66255\" target=\"_blank\" rel=\"noreferrer noopener\">Le spectre d&rsquo;un conflit r\u00e9gional<\/a> &nbsp;-Akram Belka\u00efd (Le Monde diplomatique)<\/p>\n\n\n\n<p><a href=\"https:\/\/www.alternatives-economiques.fr\/neuf-graphiques-contrer-fantasmes-limmigration\/00108618\" target=\"_blank\" rel=\"noreferrer noopener\"><strong>Neuf graphiques pour contrer les fantasmes sur l&rsquo;immigration<\/strong><\/a> (Alter \u00e9co)<\/p>\n\n\n\n<p><a href=\"https:\/\/www.politis.fr\/articles\/2023\/11\/gauche-de-la-colere-au-decouragement\/\" target=\"_blank\" rel=\"noreferrer noopener\">Gauche : de la col\u00e8re au d\u00e9couragement ?<\/a> (Politis)<\/p>\n\n\n\n<p><mark style=\"background-color:rgba(0, 0, 0, 0);color:#ee0505\" class=\"has-inline-color\"><strong>14 novembre<\/strong><\/mark><\/p>\n\n\n\n<p><a href=\"https:\/\/www.liberation.fr\/societe\/police-justice\/emeutes-a-marseille-le-raid-implique-dans-une-seconde-affaire-de-violences-policieres-20231114_SV4QFWSIRNHXZL47ON6E5LUFP4\/\"><\/a><a><strong><mark style=\"background-color:rgba(0, 0, 0, 0)\" class=\"has-inline-color has-contrast-color\">France<\/mark><\/strong><\/a><\/p>\n\n\n\n<p><strong><a href=\"https:\/\/www.liberation.fr\/societe\/police-justice\/emeutes-a-marseille-le-raid-implique-dans-une-seconde-affaire-de-violences-policieres-20231114_SV4QFWSIRNHXZL47ON6E5LUFP4\/\">Emeutes \u00e0 Marseille&nbsp;: le Raid impliqu\u00e9 dans une seconde affaire de violences polici\u00e8res<\/a> <\/strong>(Lib\u00e9ration)<a href=\"https:\/\/www.liberation.fr\/politique\/pourquoi-la-ligue-de-defense-juive-a-t-elle-marche-dimanche-aux-cotes-du-rassemblement-national-contre-lantisemitisme-20231113_GWI5ZBV4FBEABH2JUI7NIKKQJ4\/\"><\/a><\/p>\n\n\n\n<p><a href=\"https:\/\/www.liberation.fr\/politique\/pourquoi-la-ligue-de-defense-juive-a-t-elle-marche-dimanche-aux-cotes-du-rassemblement-national-contre-lantisemitisme-20231113_GWI5ZBV4FBEABH2JUI7NIKKQJ4\/\"><strong>Pourquoi la Ligue de d\u00e9fense juive a-t-elle march\u00e9 aux c\u00f4t\u00e9s du RN contre l\u2019antis\u00e9mitisme ?<\/strong><\/a> (Lib\u00e9ration)<\/p>\n\n\n\n<figure class=\"wp-block-image size-full is-resized\"><img data-recalc-dims=\"1\" loading=\"lazy\" decoding=\"async\" width=\"465\" height=\"278\" src=\"https:\/\/i0.wp.com\/www.rdpemancipation.org\/wp-content\/uploads\/2023\/11\/image-8.png?resize=465%2C278&#038;ssl=1\" alt=\"\" class=\"wp-image-122252\" style=\"aspect-ratio:1.6726618705035972;width:502px;height:auto\" srcset=\"https:\/\/i0.wp.com\/www.rdpemancipation.org\/wp-content\/uploads\/2023\/11\/image-8.png?w=465&amp;ssl=1 465w, https:\/\/i0.wp.com\/www.rdpemancipation.org\/wp-content\/uploads\/2023\/11\/image-8.png?resize=300%2C179&amp;ssl=1 300w\" sizes=\"auto, (max-width: 465px) 100vw, 465px\" \/><figcaption class=\"wp-element-caption\"><sup>Des membres de la Ligue de d\u00e9fense juive s&rsquo;en prennent au collectif juif de gauche Golem (Denis Allard\/Lib\u00e9ration)<\/sup><\/figcaption><\/figure>\n\n\n\n<p><a href=\"https:\/\/www.acrimed.org\/Couverture-de-la-guerre-Israel-Palestine-L-AJAR\" target=\"_blank\" rel=\"noreferrer noopener\">Couverture de la guerre Isra\u00ebl\/Palestine : L&rsquo;AJAR d\u00e9nonce le double standard<\/a> (Acrimed)<\/p>\n\n\n\n<p><strong>Monde<\/strong><\/p>\n\n\n\n<p><strong><a href=\"https:\/\/www.rfi.fr\/fr\/moyen-orient\/20231114-gaza-isra%C3%ABl-h%C3%B4pital-al-chifa-appel-biden-unrwa-aide-humanitaire-combats\">H\u00f4pital al-Chifa \u00e0 Gaza : au moins 179 corps ont \u00e9t\u00e9 enterr\u00e9s dans une fosse commune<\/a> <\/strong>(Le Live de RFI)<\/p>\n\n\n\n<p><a href=\"https:\/\/www.francetvinfo.fr\/monde\/proche-orient\/israel-palestine\/reportage-ils-portent-l-uniforme-de-l-armee-mais-n-ont-pas-d-insigne-en-cisjordanie-des-milices-armees-se-forment-pour-expulser-les-palestiniens-de-leurs-terres_6182865.html\">\u00ab\u00a0Ils portent l&rsquo;uniforme de l&rsquo;arm\u00e9e mais n&rsquo;ont pas d&rsquo;insigne\u00a0\u00bb : en Cisjordanie, des milices arm\u00e9es expulsent les Palestiniens de leurs terres<\/a> (France info)<\/p>\n\n\n\n<p><strong><a href=\"https:\/\/www.rfi.fr\/fr\/europe\/20231113-isra%C3%ABl-hamas-greta-thunberg-tr%C3%A8s-critiqu%C3%A9e-en-allemagne-apr%C3%A8s-un-appel-au-cessez-le-feu\">Isra\u00ebl-Hamas : Greta Thunberg tr\u00e8s critiqu\u00e9e en Allemagne apr\u00e8s un appel au \u00abcessez-le-feu\u00bb<\/a><\/strong> (RFI)<\/p>\n\n\n\n<p><a href=\"https:\/\/www.rfi.fr\/fr\/en-bref\/20231114-pologne-la-gauche-polonaise-membre-de-la-coalition-au-pouvoir-au-parlement-a-d%C3%A9pos%C3%A9-deux-propositions-de-loi-visant-notamment-%C3%A0-l%C3%A9galiser-le-droit-%C3%A0-l-avortement\">La gauche polonaise a d\u00e9pos\u00e9 2 propositions de loi visant notamment \u00e0 l\u00e9galiser le droit \u00e0 l&rsquo;avortement<\/a> (RFI)<\/p>\n\n\n\n<p><a href=\"https:\/\/www.francetvinfo.fr\/replay-radio\/le-monde-est-a-nous\/scandale-de-corruption-au-portugal-la-demission-surprise-du-premier-ministre-plonge-le-pays-dans-une-crise-politique_6144528.html\">&nbsp;Portugal : la d\u00e9mission surprise du Premier ministre plonge le pays dans une crise politique<\/a> (France info)<\/p>\n\n\n\n<p><mark style=\"background-color:rgba(0, 0, 0, 0);color:#ee0505\" class=\"has-inline-color\"><strong>13 novembre<\/strong><\/mark><\/p>\n\n\n\n<p><a><strong><mark style=\"background-color:rgba(0, 0, 0, 0)\" class=\"has-inline-color has-contrast-color\">France<\/mark><\/strong><\/a><\/p>\n\n\n\n<p><a href=\"https:\/\/www.rfi.fr\/fr\/france\/20231113-marche-contre-l-antis%C3%A9mitisme-en-france-une-image-d-unit%C3%A9-qui-cache-de-profondes-divisions-politiques\">Marche contre l&rsquo;antis\u00e9mitisme : une image d&rsquo;unit\u00e9 qui cache de profondes divisions politiques<\/a> (RFI)<\/p>\n\n\n\n<p><a href=\"https:\/\/www.ldh-france.org\/le-25-novembre-journee-internationale-contre-les-violences-faites-aux-femmes-manifestons-contre-toutes-les-violences-sexistes-et-sexuelles\/\" target=\"_blank\" rel=\"noreferrer noopener\"><strong>Le 25 novembre, journ\u00e9e internationale contre les violences faites aux femmes, manifestons\u2026<\/strong> <\/a>&nbsp;(LDH)<\/p>\n\n\n\n<p><strong><a href=\"https:\/\/rapportsdeforce.fr\/classes-en-lutte\/paris-quelles-suites-pour-le-mouvement-de-soutien-a-la-palestine-111219632\" target=\"_blank\" rel=\"noreferrer noopener\">Paris : quelles suites pour le mouvement de soutien \u00e0 la Palestine ?<\/a> <\/strong>(Rapports de Force)<\/p>\n\n\n\n<p><a href=\"https:\/\/www.humanite.fr\/medias\/attentats-du-13-novembre-2015\/laudience-est-levee-un-documentaire-sans-moralisme-sur-le-proces-des-attentats-du13-novembre\" target=\"_blank\" rel=\"noreferrer noopener\">\u00ab L\u2019audience est lev\u00e9e \u00bb, un documentaire sans moralisme sur le proc\u00e8s des attentats du13 novembre<\/a> (L\u2019Humanit\u00e9)<\/p>\n\n\n\n<p><a href=\"https:\/\/www.humanite.fr\/-\/-\/emmanuel-macron-naccuse-pas-israel-de-porter-atteinte-intentionnellement-aux-civils-selon-le-president-israelien\" target=\"_blank\" rel=\"noreferrer noopener\">Macron \u00abn\u2019accuse pas Isra\u00ebl de porter atteinte intentionnellement aux civils\u00bb, selon le pr\u00e9sident isra\u00e9lien<\/a>&nbsp; (L\u2019Humanit\u00e9)<\/p>\n\n\n\n<p><a href=\"https:\/\/www.mediapart.fr\/journal\/france\/131123\/antisemitisme-et-antiwokisme-le-cocktail-haineux-d-un-concert-neonazi-pres-de-lyon\" target=\"_blank\" rel=\"noreferrer noopener\">Antis\u00e9mitisme et antiwokisme: le cocktail haineux d\u2019un concert n\u00e9onazi pr\u00e8s de Lyon<\/a>&nbsp; (M\u00e9diapart)<\/p>\n\n\n\n<p><a href=\"https:\/\/www.lemonde.fr\/actualite-medias\/article\/2023\/11\/12\/guillaume-meurice-plaisante-pour-son-retour-a-l-antenne-la-patronne-de-radio-france-exclut-son-licenciement_6199663_3237.html\">Guillaume Meurice plaisante pour son retour \u00e0 l\u2019antenne, la patronne de Radio France exclut son licenciement<\/a> (Le Monde)<\/p>\n\n\n\n<p><a href=\"https:\/\/marsactu.fr\/avec-la-cocarde-lultra-droite-tente-un-retour-par-les-urnes-a-luniversite-daix-marseille\/\" target=\"_blank\" rel=\"noreferrer noopener\">Avec La Cocarde, l\u2019ultra-droite tente un retour par les urnes \u00e0 l\u2019universit\u00e9 d\u2019Aix-Marseille<\/a> (Marsactu)<\/p>\n\n\n\n<p><strong>Monde<\/strong><\/p>\n\n\n\n<p><a href=\"https:\/\/www.lemonde.fr\/international\/article\/2023\/11\/12\/un-officier-ukrainien-designe-comme-l-auteur-du-sabotage-des-gazoducs-nord-stream-1-et-2_6199728_3210.html\">Nord Stream 1&nbsp;et 2&nbsp;: un officier ukrainien d\u00e9sign\u00e9 comme l\u2019auteur du sabotage des gazoducs<\/a><a> (Le Monde)<\/a><\/p>\n\n\n\n<p><a href=\"https:\/\/www.humanite.fr\/-\/-\/cinq-bebes-prematures-seraient-morts-a-lhopital-al-chifa-faute-delectricite\" target=\"_blank\" rel=\"noreferrer noopener\">Cinq b\u00e9b\u00e9s pr\u00e9matur\u00e9s seraient morts \u00e0 l\u2019h\u00f4pital al-Chifa, faute d\u2019\u00e9lectricit\u00e9<\/a> (L\u2019Humanit\u00e9)<\/p>\n\n\n\n<p><a href=\"https:\/\/www.middleeasteye.net\/fr\/reportages\/guerre-israel-palestine-periple-famille-couloir-bombardements-temoignage\">Guerre Isra\u00ebl-Palestine&nbsp;: le dangereux p\u00e9riple d\u2019une famille dans le \u00ab&nbsp;couloir de s\u00e9curit\u00e9&nbsp;\u00bb de Gaza<\/a> (MEE)<\/p>\n\n\n\n<p><a href=\"https:\/\/www.middleeasteye.net\/fr\/actu-et-enquetes\/guerre-israel-palestine-cijordanie-hebron-colons-couvrefeu-punition-collective\">En Cisjordanie occup\u00e9e, les forces isra\u00e9liennes assi\u00e8gent depuis plus d\u2019un mois 750 familles d\u2019H\u00e9bron<\/a> (MEE)<\/p>\n\n\n\n<p><a href=\"https:\/\/afriquexxi.info\/Dans-le-nord-est-du-Mali-l-Etat-islamique-en-voie-de-normalisation\" target=\"_blank\" rel=\"noreferrer noopener\">Dans le nord-est du Mali, l&rsquo;\u00c9tat islamique en voie de \u00ab normalisation \u00bb ?<\/a>&nbsp;(Afrique XXI)<\/p>\n\n\n\n<p><a href=\"https:\/\/alencontre.org\/europe\/italie\/italie-lorientation-neoliberale-economique-du-gouvernement-meloni-se-double-dun-autoritarisme-qui-saffirme.html\">Italie. L\u2019orientation n\u00e9olib\u00e9rale \u00e9conomique du gouvernement Meloni se double d\u2019un autoritarisme qui s\u2019affirme<\/a> (A l\u2019encontre)<\/p>\n\n\n\n<p><strong>Analyse<\/strong><\/p>\n\n\n\n<p><a href=\"https:\/\/orientxxi.info\/magazine\/la-proximite-entre-le-hamas-et-les-djihadistes-une-mystification-occidentale,6859\" target=\"_blank\" rel=\"noreferrer noopener\">La proximit\u00e9 entre le Hamas et les djihadistes, une mystification occidentale<\/a>&nbsp;(Orient XXI)<\/p>\n\n\n\n<p><strong><a href=\"https:\/\/lvsl.fr\/lecosocialisme-de-marx-loeuvre-de-reinterpretation-par-kohei-saito\/\" target=\"_blank\" rel=\"noreferrer noopener\">L\u2019\u00e9cosocialisme de Marx : l\u2019\u0153uvre de r\u00e9interpr\u00e9tation par Kohei Saito<\/a>&nbsp;<\/strong>(Le Vent Se L\u00e8ve)<\/p>\n\n\n\n<p><a href=\"https:\/\/www.obsarm.info\/spip.php?article627\" target=\"_blank\" rel=\"noreferrer noopener\">\u00c0 quoi pensent les Russes<\/a>&nbsp;(En BD, Observatoire des armements)<\/p>\n\n\n\n<p><a href=\"https:\/\/www.laquadrature.net\/2023\/11\/09\/une-coalition-de-6-organisations-attaque-en-justice-le-dangereux-reglement-de-lue-sur-les-contenus-terroristes\/\" target=\"_blank\" rel=\"noreferrer noopener\">Une coalition de 6 organisations attaque en justice le dangereux r\u00e8glement de l\u2019UE sur les contenus terroristes<\/a>&nbsp;(La Quadrature du Net)<\/p>\n\n\n\n<p><mark style=\"background-color:rgba(0, 0, 0, 0);color:#ee0505\" class=\"has-inline-color\"><strong>12 novembre<\/strong><\/mark><\/p>\n\n\n\n<p><a><strong><mark style=\"background-color:rgba(0, 0, 0, 0)\" class=\"has-inline-color has-contrast-color\">France<\/mark><\/strong><\/a><\/p>\n\n\n\n<p><a href=\"https:\/\/www.boursorama.com\/actualite-economique\/actualites\/marche-contre-l-antisemitisme-emaillee-de-polemiques-en-france-e177b7af48e91f2b1fc7dd0a74b7ed82\"><strong>Marche contre l&rsquo;antis\u00e9mitisme \u00e9maill\u00e9e de pol\u00e9miques en France<\/strong><\/a> (Reuters)<\/p>\n\n\n\n<p><a href=\"https:\/\/www.boursorama.com\/videos\/actualites\/marche-contre-l-antisemistime-la-presence-du-rn-inconcevable-militant-golem-527eafc1133add8bb55515322a51057e\">Marche contre l&rsquo;antis\u00e9mistime: la pr\u00e9sence du RN \u00ab\u00a0inconcevable\u00a0\u00bb (militant GOLEM)<\/a> (AFP vid\u00e9o) &nbsp;&nbsp;<\/p>\n\n\n\n<p><a href=\"https:\/\/rfi.fr\/fr\/moyen-orient\/20231112-en-direct-guerre-isra%C3%ABl-hamas-les-h%C3%B4pitaux-de-gaza-en-passe-de-se-transformer-en-morgues-alerte-msf\">Marche contre l&rsquo;antis\u00e9mitisme : 105 000 manifestants \u00e0 Paris, selon la pr\u00e9fecture de police<\/a> (RFI)<\/p>\n\n\n\n<p><a href=\"https:\/\/www.youtube.com\/watch?v=57RjVCwBJpc\" target=\"_blank\" rel=\"noreferrer noopener\">Marine Tondelier : \u00ab\u00a0La participation du RN \u00e0 la marche contre l&rsquo;antis\u00e9mitisme en change la nature\u00a0\u00bb<\/a>&nbsp;(France Inter)<\/p>\n\n\n\n<p><a href=\"https:\/\/www.boursorama.com\/actualite-economique\/actualites\/lyon-une-conference-sur-la-palestine-prise-pour-cible-par-l-ultradroite-trois-blesses-legers-8b04ec6249e356a4aef878d85913fd0c\">Lyon : une conf\u00e9rence sur la Palestine prise pour cible par l&rsquo;ultradroite, trois bless\u00e9s l\u00e9gers<\/a> (AFP) &nbsp;&nbsp;<\/p>\n\n\n\n<p><a href=\"https:\/\/www.youtube.com\/watch?v=t_VDlcSPnBk\" target=\"_blank\" rel=\"noreferrer noopener\">Fran\u00e7ois Ruffin face \u00e0 cinquante nuances de droite extr\u00eame<\/a>&nbsp;(F. Ruffin)<\/p>\n\n\n\n<p><strong><a href=\"https:\/\/www.boursorama.com\/actualite-economique\/actualites\/etat-hypocrite-des-agriculteurs-defendent-des-mesures-pour-l-environnement-ed27b376a7b668c2d205b1e13d20f572\">\u00ab\u00a0Etat hypocrite\u00a0\u00bb: des agriculteurs d\u00e9fendent des mesures pour l&rsquo;environnement<\/a> <\/strong>(AFP) &nbsp;&nbsp;<\/p>\n\n\n\n<p><strong><a href=\"https:\/\/www.liberation.fr\/economie\/social\/sans-papiers-3-500-medecins-promettent-de-desobeir-si-laide-medicale-durgence-est-supprimee-20231112_2QFHUCLKDFGTFHABOVYNOWLTBA\/\">Sans-papiers&nbsp;: 3&nbsp;500 m\u00e9decins promettent de \u00abd\u00e9sob\u00e9ir\u00bb si l\u2019Aide m\u00e9dicale d\u2019Etat est supprim\u00e9e <\/a>(<\/strong>Lib\u00e9ration)<\/p>\n\n\n\n<p><a href=\"https:\/\/www.boursorama.com\/actualite-economique\/actualites\/des-milliers-de-manifestants-en-france-pour-un-cessez-le-feu-a-gaza-37c2b28da9a81d6933349a65184b7cb5\">Des milliers de manifestants en France pour un \u00ab\u00a0cessez-le-feu\u00a0\u00bb \u00e0 Gaza<\/a> (AFP) &nbsp;&nbsp;<\/p>\n\n\n\n<p><strong><a href=\"https:\/\/www.youtube.com\/watch?v=CI91eUuq95w\">Le rapport qui accable Dupond-Moretti<\/a> <\/strong>(Blast)<\/p>\n\n\n\n<p><strong>Monde<\/strong><\/p>\n\n\n\n<p><strong><a href=\"https:\/\/www.contretemps.eu\/travailleurs-palestiniens-gaza-disparition-israel\/\">Nous ne savons pas s\u2019ils sont morts ou vivants : des milliers de travailleurs palestiniens ont disparu en Isra\u00ebl<\/a><\/strong> (Contretemps)<\/p>\n\n\n\n<p><strong><a href=\"https:\/\/www.boursorama.com\/actualite-economique\/actualites\/manifestation-geante-en-soutien-a-la-palestine-a-londres-e96e91eeb1a7865ab123c02f8e19e851\">Manifestation g\u00e9ante en soutien \u00e0 la Palestine \u00e0 Londres<\/a><\/strong> (Reuters)<\/p>\n\n\n\n<p><a href=\"https:\/\/www.rfi.fr\/fr\/moyen-orient\/20231112-guerre-isra%C3%ABl-hamas-les-h%C3%B4pitaux-de-gaza-%C3%A9picentre-des-combats\">Guerre Isra\u00ebl-Hamas : les h\u00f4pitaux de Gaza, \u00e9picentre des combats<\/a> (RFI)<\/p>\n\n\n\n<p><a href=\"https:\/\/www.boursorama.com\/actualite-economique\/actualites\/gaza-combats-intenses-autour-des-hopitaux-situation-catastrophique-selon-msf-a36b218b5388ae3bc1cd4bba42b234b5\">Gaza : combats intenses autour des h\u00f4pitaux, situation \u00ab\u00a0catastrophique\u00a0\u00bb selon MSF<\/a> (AFP) &nbsp;&nbsp;<\/p>\n\n\n\n<p><a href=\"https:\/\/www.boursorama.com\/actualite-economique\/actualites\/espagne-la-droite-dans-la-rue-contre-sanchez-et-l-amnistie-des-independantistes-catalans-4c339df9a0daa0cff8dee946b79bd637\">Espagne : la droite dans la rue contre S\u00e1nchez et l&rsquo;amnistie des ind\u00e9pendantistes catalans<\/a> (AFP) &nbsp;&nbsp;<\/p>\n\n\n\n<p><a href=\"https:\/\/alencontre.org\/ameriques\/amelat\/argentine\/argentine-le-pacte-macri-milei-vers-un-macrismo-2-0-et-ou-un-saut-dans-le-vide-le-19-novembre.html\">Argentine. Le pacte Macri-Milei: vers un \u00abmacrismo 2.0\u00bb et\/ou un saut dans le vide\u2026 le 19 novembre<\/a> (A l\u2019encontre)<\/p>\n\n\n\n<p><a><\/a><a href=\"https:\/\/www.rfi.fr\/fr\/afrique\/20231112-pr%C3%A9sidentielle-%C3%A0-madagascar-un-bras-de-fer-politique-s-annonce\">Pr\u00e9sidentielle \u00e0 Madagascar : un bras de fer politique s\u2019annonce<\/a> (RFI)<\/p>\n\n\n\n<p><a href=\"https:\/\/www.boursorama.com\/actualite-economique\/actualites\/les-dirigeants-arabes-demandent-l-arret-immediat-de-la-guerre-a-gaza-522b84f092320e6cb567235517a61de9\">Les dirigeants arabes demandent l&rsquo;arr\u00eat imm\u00e9diat de la guerre \u00e0 Gaza<\/a> (Reuters)<\/p>\n\n\n\n<p><a href=\"https:\/\/www.boursorama.com\/actualite-economique\/actualites\/trump-projette-des-rafles-et-des-camps-pour-les-sans-papiers-ny-times-450cbb7070c0d52457222bfe97b210f3\">Trump projette des rafles et des camps pour les sans-papiers-NY Times<\/a> (Reuters)<\/p>\n\n\n\n<p><strong>Analyse<\/strong><\/p>\n\n\n\n<p><strong><a href=\"https:\/\/brunobertez.com\/2023\/11\/08\/ce-que-la-bbc-ne-vous-dit-pas-sur-le-7-octobre\/\">\u00ab&nbsp;<\/a><a href=\"https:\/\/brunobertez.com\/2023\/11\/08\/ce-que-la-bbc-ne-vous-dit-pas-sur-le-7-octobre\/\">Ce que la BBC ne vous dit pas sur le 7 octobre<\/a><a href=\"https:\/\/brunobertez.com\/2023\/11\/08\/ce-que-la-bbc-ne-vous-dit-pas-sur-le-7-octobre\/\">&nbsp;\u00bb<\/a><\/strong>&nbsp; (Jonathan Cook&nbsp;<em>via<\/em>&nbsp;Bruno Bertez)<\/p>\n\n\n\n<p><a href=\"https:\/\/brunobertez.com\/2023\/11\/08\/les-dix-choses-les-plus-stupides-quon-vous-demande-de-croire-a-propos-de-gaza-caitlin-johnstone\/\">Les dix choses les plus stupides qu\u2019on vous demande de croire \u00e0 propos de Gaza<\/a>&nbsp;(Caitlin Johnstone<em>&nbsp;via<\/em>&nbsp;Bruno Bertez)<\/p>\n\n\n\n<p><a href=\"https:\/\/www.youtube.com\/watch?v=igyGeHVxwBI\" target=\"_blank\" rel=\"noreferrer noopener\">Une histoire de l\u2019extr\u00eame droite en France<\/a>&nbsp;(Institut la Boetie)<\/p>\n\n\n\n<p><a href=\"https:\/\/elucid.media\/democratie\/peut-on-critiquer-israel-le-dessous-du-conflit-israelo-palestinien\" target=\"_blank\" rel=\"noreferrer noopener\">Isra\u00ebl &#8211; Palestine. Peut-on critiquer Isra\u00ebl ? Le dessous du conflit Isra\u00e9lo-Palestinien<\/a>&nbsp;(Elucid)<\/p>\n\n\n\n<p><mark style=\"background-color:rgba(0, 0, 0, 0);color:#ee0505\" class=\"has-inline-color\"><strong>11 novembre<\/strong><\/mark><\/p>\n\n\n\n<p><a><strong><mark style=\"background-color:rgba(0, 0, 0, 0)\" class=\"has-inline-color has-contrast-color\">France<\/mark><\/strong><\/a><\/p>\n\n\n\n<p><a href=\"https:\/\/www.arretsurimages.net\/emissions\/arret-sur-images\/antisemitisme-les-juifs-ne-sont-pas-dupes-de-lextreme-droite\" target=\"_blank\" rel=\"noreferrer noopener\">Antis\u00e9mitisme : \u00ab\u00a0Les Juifs ne sont pas dupes de l&rsquo;extr\u00eame droite\u00a0\u00bb&nbsp;<\/a> (Arr\u00eat sur Images)<\/p>\n\n\n\n<p><a href=\"https:\/\/www.lemediatv.fr\/emissions\/2023\/marche-contre-lantisemitisme-la-grande-recuperation-politique-5skRbB3ITQOXaARyVEKdfQ\" target=\"_blank\" rel=\"noreferrer noopener\">Marche contre l&rsquo;antis\u00e9mitisme : La grande r\u00e9cup\u00e9ration politique ?<\/a>&nbsp;(Le M\u00e9dia)<\/p>\n\n\n\n<p><strong><a href=\"https:\/\/www.politis.fr\/articles\/2023\/11\/collectif-tsedek-hors-de-question-de-manifester-contre-lantisemitisme-avec-des-racistes\/\" target=\"_blank\" rel=\"noreferrer noopener\">\u00ab Hors de question de manifester contre l\u2019antis\u00e9mitisme avec des racistes \u00bb<\/a><\/strong> (Politis avec Tsedek)<\/p>\n\n\n\n<p><a href=\"https:\/\/www.bondyblog.fr\/opinions\/interview\/ils-vont-menvoyer-me-faire-tuer-un-professeur-de-francais-gazaoui-menace-dexpulsion\/\" target=\"_blank\" rel=\"noreferrer noopener\">\u00ab Ils vont m\u2019envoyer me faire tuer \u00bb : Un professeur de fran\u00e7ais Gazaoui menac\u00e9 d\u2019expulsion<\/a>&nbsp;(Le Bondy Blog)<\/p>\n\n\n\n<p><a href=\"https:\/\/www.blast-info.fr\/articles\/2023\/a-mayotte-la-politique-de-la-terre-brulee-X0p8GyaGRmGyoYrocGJAeQ\" target=\"_blank\" rel=\"noreferrer noopener\">A Mayotte, la politique de la terre br\u00fbl\u00e9e<\/a>&nbsp;(Blast)<\/p>\n\n\n\n<p><a href=\"https:\/\/www.politis.fr\/articles\/2023\/11\/marche-contre-lantisemitisme-qui-a-vraiment-lu-la-tribune-de-larcher-et-braun-pivet\/\" target=\"_blank\" rel=\"noreferrer noopener\">Marche contre l\u2019antis\u00e9mitisme : qui a vraiment lu la tribune de Larcher et Braun-Pivet ?<\/a>&nbsp;(Politis)<\/p>\n\n\n\n<p><a href=\"https:\/\/www.lemediatv.fr\/articles\/2023\/la-gauche-antisemite-serieusement-le-debat-thery-jakubowicz-sn7uqKBoSPiGwNo-O6TNIQ\" target=\"_blank\" rel=\"noreferrer noopener\">La gauche \u00ab\u00a0antis\u00e9mite\u00a0\u00bb, s\u00e9rieusement ? Le d\u00e9bat Th\u00e9ry-Jakubowicz<\/a>&nbsp;(Le M\u00e9dia)<\/p>\n\n\n\n<p><strong><a href=\"https:\/\/www.saphirnews.com\/Chaque-vie-compte-a-Bussy-Saint-Georges-juifs-et-musulmans-soudes-face-au-conflit-israelo-palestinien_a29942.html\" target=\"_blank\" rel=\"noreferrer noopener\">\u00abChaque vie compte\u00bb : \u00e0 Bussy-Saint-Georges, juifs et musulmans soud\u00e9s face au conflit isra\u00e9lo-palestinien<\/a>&nbsp;<\/strong>(SaphirNews.com)<\/p>\n\n\n\n<p><a href=\"https:\/\/la-bas.org\/7147\" target=\"_blank\" rel=\"noreferrer noopener\">Y a-t-il vraiment eu 1 040 actes antis\u00e9mites en un mois ?<\/a>&nbsp;(L\u00e0-bas si j\u2019y suis)<\/p>\n\n\n\n<p><strong>Monde<\/strong><\/p>\n\n\n\n<p><a href=\"https:\/\/rapportsdeforce.fr\/linternationale\/des-syndicats-du-monde-entier-tentent-dempecher-les-livraisons-darmes-en-israel-111119605\" target=\"_blank\" rel=\"noreferrer noopener\"><strong>Des syndicats du monde entier tentent d\u2019emp\u00eacher les livraisons d\u2019armes en Isra\u00ebl<\/strong><\/a> (Rapports de Force)<\/p>\n\n\n\n<p><strong><a href=\"https:\/\/lvsl.fr\/aux-etats-unis-les-syndicats-enchainent-les-victoires\/\" target=\"_blank\" rel=\"noreferrer noopener\">Aux \u00c9tats-Unis, les syndicats encha\u00eenent les victoires<\/a>&nbsp;<\/strong>(Le Vent Se L\u00e8ve)<\/p>\n\n\n\n<p><a href=\"https:\/\/www.humanite.fr\/monde\/camps-palestinens\/ces-refugies-de-la-nakba-quisrael-bombarde\" target=\"_blank\" rel=\"noreferrer noopener\">Ces r\u00e9fugi\u00e9s de la \u00ab Nakba \u00bb qu\u2019Isra\u00ebl bombarde !<\/a>&nbsp;(L\u2019Humanit\u00e9)<\/p>\n\n\n\n<p><a href=\"https:\/\/www.saphirnews.com\/Israel-Palestine-la-CPI-saisie-d-une-plainte-pour-genocide-a-Gaza_a29941.html\" target=\"_blank\" rel=\"noreferrer noopener\">Isra\u00ebl\/Palestine : la CPI saisie d&rsquo;une plainte pour \u00ab g\u00e9nocide \u00bb \u00e0 Gaza<\/a>&nbsp;(SaphirNews.com)<\/p>\n\n\n\n<p><a href=\"https:\/\/www.blast-info.fr\/emissions\/2023\/israel-palestine-lonu-face-a-limpasse-z96ZNs3WQnmK6hQ2RyFnpg\" target=\"_blank\" rel=\"noreferrer noopener\">Isra\u00ebl-Palestine : l&rsquo;ONU face \u00e0 l&rsquo;impasse<\/a>&nbsp;(Blast)<\/p>\n\n\n\n<p><a href=\"https:\/\/www.revue-ballast.fr\/chroniques-depuis-lenfer-de-gaza\/\" target=\"_blank\" rel=\"noreferrer noopener\">Chroniques depuis l\u2019enfer de Gaza<\/a>&nbsp;(Ballast)<\/p>\n\n\n\n<p><a href=\"https:\/\/orientxxi.info\/lu-vu-entendu\/anxious-in-beirut-un-pays-plusieurs-crises,6844\" target=\"_blank\" rel=\"noreferrer noopener\">\u00ab&nbsp;Anxious in Beirut&nbsp;\u00bb. Liban, un pays, plusieurs crises<\/a>&nbsp;(Orient XXI)<\/p>\n\n\n\n<p><strong>Analyse<\/strong><\/p>\n\n\n\n<p><strong><a href=\"https:\/\/basta.media\/supprimer-aide-medicale-etat-met-en-danger-systeme-sante\" target=\"_blank\" rel=\"noreferrer noopener\">Supprimer l&rsquo;aide m\u00e9dicale d&rsquo;\u00c9tat met-il en danger le syst\u00e8me de sant\u00e9 ?<\/a>&nbsp;<\/strong>(Basta!)<\/p>\n\n\n\n<p><strong><a href=\"https:\/\/www.blast-info.fr\/emissions\/2023\/2-poids-2-mesures-ou-lindignite-du-monde-politico-mediatique-j00XnAi2Rhug3EzRgKJUPg\" target=\"_blank\" rel=\"noreferrer noopener\">2 poids, 2 mesures ou l&rsquo;indignit\u00e9 du monde politico-m\u00e9diatique<\/a><\/strong> (Blast)<\/p>\n\n\n\n<p><a href=\"https:\/\/www.saphirnews.com\/Avec-l-attaque-du-7-Octobre-que-veut-le-Hamas_a29939.html\" target=\"_blank\" rel=\"noreferrer noopener\">Avec l&rsquo;attaque du 7-Octobre, que veut le Hamas ?<\/a>&nbsp;(SaphirNews.com)<\/p>\n\n\n\n<p><mark style=\"background-color:rgba(0, 0, 0, 0);color:#ee0505\" class=\"has-inline-color\"><strong>10 novembre<\/strong><\/mark><\/p>\n\n\n\n<p><a><strong><mark style=\"background-color:rgba(0, 0, 0, 0)\" class=\"has-inline-color has-contrast-color\">France<\/mark><\/strong><\/a><\/p>\n\n\n\n<p><strong><a href=\"https:\/\/www.blast-info.fr\/articles\/2023\/soulevements-de-la-terre-2-darmanin-0-SCmwQKxhRZKkKdK79x2KVA\">Soul\u00e8vements de la Terre 2 \u2013 Darmanin 0<\/a> <\/strong>(Blast)<a href=\"https:\/\/www.radiofrance.fr\/franceculture\/podcasts\/le-billet-politique\/soulevements-de-la-terre-une-lecon-pour-l-etat-6572139\"><\/a><\/p>\n\n\n\n<p><a href=\"https:\/\/www.radiofrance.fr\/franceculture\/podcasts\/le-billet-politique\/soulevements-de-la-terre-une-lecon-pour-l-etat-6572139\"><strong>Annulation de la dissolution des Soul\u00e8vements de la Terre : une le\u00e7on pour l&rsquo;Etat ?<\/strong><\/a> (France Culture)<\/p>\n\n\n\n<p><strong><a href=\"https:\/\/www.lemonde.fr\/international\/article\/2023\/11\/10\/apres-la-premiere-conference-humanitaire-pour-gaza-les-ong-affichent-leur-deception_6199282_3210.html\">Les ONG affichent leur d\u00e9ception apr\u00e8s la premi\u00e8re conf\u00e9rence humanitaire pour Gaza<\/a> <\/strong>(Le Monde)<\/p>\n\n\n\n<p><a href=\"https:\/\/www.off-investigation.fr\/Macron%20\u2013%20Netanyahou%20:%20ce%20blanc-seing%20qui%20divise%20la%20France\">Macron \u2013 Netanyahou : ce blanc-seing qui divise la France<\/a> (Off Investigation)<\/p>\n\n\n\n<p><a href=\"https:\/\/www.lemonde.fr\/politique\/article\/2023\/11\/10\/immigration-le-senat-renforce-les-leviers-d-expulsion-des-etrangers_6199305_823448.html\">Immigration&nbsp;: le S\u00e9nat renforce les leviers d\u2019expulsion des \u00e9trangers<\/a> (Le Monde)<\/p>\n\n\n\n<p><a href=\"https:\/\/www.lemonde.fr\/societe\/article\/2023\/11\/10\/proces-d-eric-dupond-moretti-francois-molins-et-le-parquet-general-ebranlent-la-defense-du-ministre-de-la-justice_6199243_3224.html\">Proc\u00e8s Dupond-Moretti&nbsp;: Fran\u00e7ois Molins et le parquet g\u00e9n\u00e9ral \u00e9branlent la d\u00e9fense du ministre <\/a>(Le Monde)<\/p>\n\n\n\n<p><a href=\"https:\/\/www.lemonde.fr\/les-decodeurs\/article\/2023\/11\/08\/bygmalion-bismuth-financement-libyen-ou-en-sont-les-affaires-concernant-nicolas-sarkozy_6071603_4355771.html\">Bygmalion, Bismuth, financement libyen&nbsp;: o\u00f9 en sont les affaires concernant Nicolas Sarkozy&nbsp;?<\/a> (Le Monde)<\/p>\n\n\n\n<p><strong>Monde<\/strong><\/p>\n\n\n\n<p><a href=\"https:\/\/orientxxi.info\/magazine\/les-dilemmes-du-hezbollah-face-a-la-guerre-sur-gaza,6862\" target=\"_blank\" rel=\"noreferrer noopener\">Les dilemmes du Hezbollah face \u00e0 la guerre sur Gaza<\/a> (Orient XXI)<\/p>\n\n\n\n<p><a href=\"https:\/\/alencontre.org\/moyenorient\/palestine\/2014-je-me-suis-battu-pour-les-israel-defence-forces-a-gaza-cela-ma-pousse-a-me-battre-pour-la-paix.html\">2014: \u00abJe me suis battu pour les Israel Defence Forces \u00e0 Gaza. Cela m\u2019a pouss\u00e9 \u00e0 me battre pour la paix\u00bb<\/a> (A l\u2019encontre)<\/p>\n\n\n\n<p><a href=\"https:\/\/alencontre.org\/moyenorient\/palestine\/gaza-je-ne-veux-plus-dormir-je-ne-supporte-plus-les-cauchemars.html\">Gaza. \u00abJe ne veux plus dormir, je ne supporte plus les cauchemars\u00bb<\/a> (A l\u2019encontre)<\/p>\n\n\n\n<p><a href=\"https:\/\/www.contretemps.eu\/je-vis-a-gaza\/\">\u00ab&nbsp;Je vis \u00e0 Gaza. Les bombardements&nbsp;isra\u00e9liens ne ressemblent&nbsp;\u00e0&nbsp;rien de ce que j\u2019ai pu voir auparavant&nbsp;\u00bb<\/a> (Contretemps)<\/p>\n\n\n\n<p><a href=\"https:\/\/alencontre.org\/europe\/grece\/grece-quelle-configuration-politique-apres-le-cycle-electoral-de-2023-quelle-decadence-de-syriza-quel-retour-du-pasok.html\">Gr\u00e8ce. Quelle configuration politique apr\u00e8s le cycle \u00e9lectoral de 2023 ?<\/a> (A l\u2019encontre)<\/p>\n\n\n\n<p><strong>Analyse<\/strong><\/p>\n\n\n\n<p><a href=\"https:\/\/orientxxi.info\/dossiers-et-series\/gauches-arabes-memoires-vivaces-empreinte-persistante,6852\" target=\"_blank\" rel=\"noreferrer noopener\">Gauches arabes. M\u00e9moires vivaces, empreinte persistante<\/a> (Orient XXI)<\/p>\n\n\n\n<p><a href=\"https:\/\/www.lemonde.fr\/politique\/article\/2023\/11\/06\/bardella-nie-l-antisemitisme-de-jean-marie-le-pen-et-rediabolise-le-rassemblement-national_6198584_823448.html\">Jordan Bardella nie l\u2019antis\u00e9mitisme de Jean-Marie Le&nbsp;Pen et rediabolise le RN<\/a> (Le Monde)<\/p>\n\n\n\n<p><a href=\"https:\/\/www.lemonde.fr\/idees\/article\/2023\/11\/09\/les-rapaces-a-frejus-le-rn-et-l-heritage-d-un-systeme-d-entente-vereux_6199101_3232.html\">\u00ab&nbsp;Les Rapaces&nbsp;\u00bb&nbsp;: \u00e0 Fr\u00e9jus, le RN et l\u2019h\u00e9ritage d\u2019un syst\u00e8me d\u2019entente v\u00e9reux<\/a> (Le Monde)<\/p>\n\n\n\n<figure class=\"wp-block-image size-full is-resized\"><img data-recalc-dims=\"1\" loading=\"lazy\" decoding=\"async\" width=\"453\" height=\"444\" src=\"https:\/\/i0.wp.com\/www.rdpemancipation.org\/wp-content\/uploads\/2023\/11\/image-5.png?resize=453%2C444&#038;ssl=1\" alt=\"\" class=\"wp-image-122138\" style=\"aspect-ratio:1.0202702702702702;width:429px;height:auto\" srcset=\"https:\/\/i0.wp.com\/www.rdpemancipation.org\/wp-content\/uploads\/2023\/11\/image-5.png?w=453&amp;ssl=1 453w, https:\/\/i0.wp.com\/www.rdpemancipation.org\/wp-content\/uploads\/2023\/11\/image-5.png?resize=300%2C294&amp;ssl=1 300w\" sizes=\"auto, (max-width: 453px) 100vw, 453px\" \/><\/figure>\n\n\n\n<p><mark style=\"background-color:rgba(0, 0, 0, 0);color:#ee0505\" class=\"has-inline-color\"><strong>9 novembre<\/strong><\/mark><\/p>\n\n\n\n<p><a><strong><mark style=\"background-color:rgba(0, 0, 0, 0)\" class=\"has-inline-color has-contrast-color\">France<\/mark><\/strong><\/a><\/p>\n\n\n\n<p><a href=\"https:\/\/www.rfi.fr\/fr\/en-bref\/20231109-france-le-conseil-d-%C3%A9tat-annule-la-dissolution-du-collectif-les-soul%C3%A8vements-de-la-terre\"><strong>Le Conseil d&rsquo;\u00c9tat annule la dissolution du collectif les Soul\u00e8vements de la Terre<\/strong><\/a> (RFI)<\/p>\n\n\n\n<p><a href=\"https:\/\/www.francetvinfo.fr\/monde\/proche-orient\/israel-palestine\/guerre-entre-israel-et-le-hamas-emmanuel-macron-appelle-clairement-a-un-cessez-le-feu-pour-la-premiere-fois-depuis-le-debut-du-conflit_6173427.html\"><strong>Gaza&nbsp;: Macron appelle clairement \u00e0 un cessez-le-feu pour la premi\u00e8re fois depuis le d\u00e9but du conflit<\/strong><\/a> (France Info)<\/p>\n\n\n\n<p><a href=\"https:\/\/www.alternatives-economiques.fr\/herve-nathan\/senat-prise-de-folie-anti-immigres\/00108587\" target=\"_blank\" rel=\"noreferrer noopener\">Au S\u00e9nat, la droite prise de folie anti immigr\u00e9s<\/a>&nbsp; -Herv\u00e9 Nathan (Alter \u00e9co)<\/p>\n\n\n\n<p><a href=\"https:\/\/www.alternatives-economiques.fr\/antoine-math-matiere-de-droit-etrangers-digues-ont-saute\/00108578\" target=\"_blank\" rel=\"noreferrer noopener\">Antoine Math : \u00ab En mati\u00e8re de droit des \u00e9trangers, les digues ont saut\u00e9 \u00bb<\/a> (Alter \u00e9co)<\/p>\n\n\n\n<p><strong><a href=\"https:\/\/www.francetvinfo.fr\/societe\/immigration\/projet-de-loi-immigration-870-associations-denoncent-la-derive-engagee-au-senat_6173361.html\">Projet de loi immigration : 870 associations d\u00e9noncent la \u00ab\u00a0d\u00e9rive engag\u00e9e au S\u00e9nat\u00a0\u00bb<\/a><\/strong> (France Info)<\/p>\n\n\n\n<p><strong><a href=\"https:\/\/www.politis.fr\/articles\/2023\/11\/la-marche-contre-lantisemitisme-vire-a-la-crise-de-nerfs-pour-la-macronie\/\" target=\"_blank\" rel=\"noreferrer noopener\">La marche contre l\u2019antis\u00e9mitisme vire \u00e0 la crise de nerfs pour la Macronie<\/a> <\/strong>(Politis)<\/p>\n\n\n\n<p><a href=\"https:\/\/www.lemediatv.fr\/emissions\/2023\/israel-palestine-pourquoi-la-france-se-fracture-kP7ltTWmRBixl9WY0hi56Q\" target=\"_blank\" rel=\"noreferrer noopener\">Isra\u00ebl &#8211; Palestine : Pourquoi la France se fracture<\/a> (Le M\u00e9dia)<\/p>\n\n\n\n<p><strong>Monde<\/strong><\/p>\n\n\n\n<p><a href=\"https:\/\/www.humanite.fr\/monde\/chili\/au-chili-lultra-droite-accouche-de-son-projet-de-constitution\" target=\"_blank\" rel=\"noreferrer noopener\">Au Chili, l\u2019ultra-droite accouche de son projet de Constitution<\/a> (L\u2019Humanit\u00e9)<\/p>\n\n\n\n<p><a href=\"https:\/\/www.rfi.fr\/fr\/europe\/20231109-espagne-s%C3%A1nchez-obtient-l-appui-des-ind%C3%A9pendantistes-catalans-pour-se-maintenir-au-pouvoir\">Espagne : Pedro Sanchez obtient l&rsquo;appui des ind\u00e9pendantistes catalans<\/a> (RFI)<\/p>\n\n\n\n<p><a href=\"https:\/\/www.boursorama.com\/actualite-economique\/actualites\/portugal-elections-en-vue-apres-la-demission-d-antonio-costa-d7f217e580a506ba899584c707efef5b\">Portugal : \u00e9lections en vue apr\u00e8s la d\u00e9mission d&rsquo;Antonio Costa<\/a> (AFP) &nbsp;&nbsp;<\/p>\n\n\n\n<p><a href=\"https:\/\/www.boursorama.com\/actualite-economique\/actualites\/bangladesh-affrontements-entre-la-police-et-des-milliers-d-ouvriers-du-textile-mobilises-pour-leurs-salaires-57c4fbbe64171d78f99cbcc952906bef\">Bangladesh : affrontements entre la police et des milliers d&rsquo;ouvriers du textile mobilis\u00e9s pour leurs salaires<\/a> (AFP)<\/p>\n\n\n\n<p><a href=\"https:\/\/mondafrique.com\/actualites-liban\/le-33eme-jour-de-guerredes-bombes-au-phosphore-israeliennes\/\">Le 33eme jour de guerre : des bombes au phosphore isra\u00e9liennes<\/a> (Journal de guerre de IciBeyrouth, via Mondafrique)<\/p>\n\n\n\n<p><strong><a href=\"https:\/\/algeria-watch.org\/?p=89513\">Phosphore blanc, bombes JDAM, Bunker Busters et roof knocking : Les armes d\u2019Isra\u00ebl \u00e0 Ghaza<\/a><\/strong> (El Watan)<\/p>\n\n\n\n<p><a href=\"https:\/\/algeria-watch.org\/?p=89529\">Coloniser, n\u00e9gocier, exterminer\u2026 \u00e9mouvoir<\/a> (Contredit)<\/p>\n\n\n\n<p><a href=\"https:\/\/www.tsa-algerie.com\/leve-palestina-la-chanson-qui-a-rendu-virales-des-manifs-pro-palestiniens-en-europe\/\">Leve Palestina, la chanson qui a rendu virales des manifs pro-Palestiniens en Europe<\/a> (TSA)<\/p>\n\n\n\n<p><a href=\"https:\/\/radio-m.net\/ahed-tamimi-icone-de-la-resistance-palestienienne-arretee\/\">Ahed Tamimi, ic\u00f4ne de la r\u00e9sistance palestienienne, arr\u00eat\u00e9e<\/a> (Radio M)<\/p>\n\n\n\n<p><a href=\"https:\/\/www.middleeasteye.net\/fr\/decryptages\/guerre-israel-palestine-egypte-refuse-projets-deplacements-refugies-gaza-hamas-sinai\">Guerre Isra\u00ebl-Palestine&nbsp;: inqui\u00e8te des projets isra\u00e9liens pour Gaza, l\u2019\u00c9gypte se rebelle<\/a> (MEE)<\/p>\n\n\n\n<p><a href=\"https:\/\/www.contretemps.eu\/universitaires-potentiel-genocide-gaza\/\">Des universitaires mettent en garde contre un potentiel g\u00e9nocide \u00e0 Gaza<\/a> (Collectif)<\/p>\n\n\n\n<p><a href=\"https:\/\/basta.media\/que-nous-reste-t-il-la-vie-en-sursis-des-refugies-palestiniens-au-sud-de-gaza\" target=\"_blank\" rel=\"noreferrer noopener\">\u00abQue nous reste-t-il ?\u00bb : la vie en sursis des r\u00e9fugi\u00e9s palestiniens au sud de Gaza<\/a> (Basta!)<\/p>\n\n\n\n<p><strong>Analyse<\/strong><\/p>\n\n\n\n<p><a href=\"https:\/\/www.francetvinfo.fr\/culture\/livres\/la-rentree-litteraire\/en-immersion-chez-les-ultra-riches-que-notre-joie-demeure-dernier-roman-torrentiel-du-canadien-kevin-lambert_6129633.html\">En immersion chez les ultra-riches : \u00ab\u00a0Que notre joie demeure\u00a0\u00bb, d\u00e9croche le prix M\u00e9dicis<\/a> (France Info)<\/p>\n\n\n\n<p><a href=\"https:\/\/alencontre.org\/moyenorient\/palestine\/gaza-pathologies-de-la-vengeance.html\">Gaza. Pathologies de la vengeance<\/a> (A l\u2019encontre)<\/p>\n\n\n\n<p><a href=\"https:\/\/www.contretemps.eu\/algerie-palestine-colonisation-violence-oppression\/\">De l\u2019Alg\u00e9rie \u00e0 la Palestine, la fausse \u00e9quivalence entre le colonis\u00e9 et le colonisateur<\/a> (Contretemps)<\/p>\n\n\n\n<p><a href=\"https:\/\/www.contretemps.eu\/un-cas-decole-de-genocide\/\">Guerre d\u2019Isra\u00ebl contre Gaza : un cas d\u2019\u00e9cole de g\u00e9nocide<\/a> (Contretemps)<\/p>\n\n\n\n<p><mark style=\"background-color:rgba(0, 0, 0, 0);color:#ee0505\" class=\"has-inline-color\"><strong>8 novembre<\/strong><\/mark><\/p>\n\n\n\n<p><a><strong><mark style=\"background-color:rgba(0, 0, 0, 0)\" class=\"has-inline-color has-contrast-color\">France<\/mark><\/strong><\/a><\/p>\n\n\n\n<p><a href=\"https:\/\/www.lemonde.fr\/politique\/article\/2023\/11\/08\/projet-de-loi-immigration-les-concessions-de-darmanin-a-la-droite_6198925_823448.html\">Projet de loi \u00ab&nbsp;immigration&nbsp;\u00bb&nbsp;: les concessions de Darmanin \u00e0 la droite<\/a> (Le Monde)<\/p>\n\n\n\n<p><a href=\"https:\/\/www.francetvinfo.fr\/societe\/immigration\/projet-de-loi-immigration-quatre-questions-sur-la-suppression-de-l-aide-medicale-d-etat-votee-par-le-senat_6170814.html\">Immigration : 4 questions sur la suppression de l&rsquo;aide m\u00e9dicale d&rsquo;Etat vot\u00e9e par le S\u00e9nat<\/a> (France Info)<\/p>\n\n\n\n<p><a href=\"https:\/\/www.francetvinfo.fr\/france\/occitanie\/video-vous-vivrez-une-colere-du-secteur-medical-comme-jamais-vous-n-en-avez-vecu-face-a-la-suppression-de-l-aide-medicale-de-l-etat-les-medecins-menacent_6171270.html\" target=\"_blank\" rel=\"noreferrer noopener\">\u2018Vous vivrez une col\u00e8re comme jamais vous n&rsquo;en avez v\u00e9cu\u2019 : <strong>des m\u00e9decins s&rsquo;\u00e9l\u00e8vent face \u00e0 la suppression de&nbsp;l&rsquo;AME&nbsp;<\/strong><\/a> (France Info)<\/p>\n\n\n\n<p><a href=\"https:\/\/regards.fr\/immigration-le-monde-de-darmanin-nest-heureusement-pas-le-monde-des-francais\/\" target=\"_blank\" rel=\"noreferrer noopener\">Immigration : \u2018Le monde de Darmanin n\u2019est heureusement pas le monde des Fran\u00e7ais\u2019<\/a> (Regards)<\/p>\n\n\n\n<p><a href=\"https:\/\/www.politis.fr\/articles\/2023\/11\/lecoterrorisme-explique-aux-futurs-policiers\/\" target=\"_blank\" rel=\"noreferrer noopener\"><strong>L\u2019\u00e9coterrorisme expliqu\u00e9 aux futurs policiers<\/strong><\/a> (Politis)<\/p>\n\n\n\n<p><a href=\"https:\/\/reporterre.net\/Historique-le-droit-a-un-futur-sain-consacre-en-justice\" target=\"_blank\" rel=\"noreferrer noopener\">\u00ab&nbsp;Historique&nbsp;\u00bb&nbsp;: le droit \u00e0 un futur sain consacr\u00e9 en justice<\/a> (Reporterre)<\/p>\n\n\n\n<p><a href=\"https:\/\/www.lemonde.fr\/afrique\/article\/2023\/11\/08\/le-rapport-sans-concessions-de-parlementaires-francais-sur-la-politique-de-paris-en-afrique_6198946_3212.html\">Un rapport parlementaire sans concessions sur la politique de la France en Afrique<\/a> (Le Monde)<\/p>\n\n\n\n<p><a href=\"https:\/\/www.lemonde.fr\/politique\/article\/2023\/11\/08\/budget-de-l-etat-elisabeth-borne-declenche-un-seizieme-49-3_6198792_823448.html\">Budget de l\u2019Etat&nbsp;: Elisabeth Borne d\u00e9clenche un seizi\u00e8me 49.3<\/a> (Le Monde)<\/p>\n\n\n\n<p><a href=\"https:\/\/www.arretsurimages.net\/emissions\/le-7-15\/etoiles-de-david-taguees-la-piste-russe\" target=\"_blank\" rel=\"noreferrer noopener\">\u00c9toiles de David tagu\u00e9es : la piste russe<\/a>&nbsp;(Arr\u00eat sur images)<\/p>\n\n\n\n<p><a href=\"https:\/\/www.blast-info.fr\/emissions\/2023\/tags-detoiles-de-david-un-emballement-politique-et-mediatique-5TtCZ6zDTqON92PWiQKGLQ\" target=\"_blank\" rel=\"noreferrer noopener\">Tags d&rsquo;\u00e9toiles de David : un emballement politique et m\u00e9diatique<\/a> (Blast)<\/p>\n\n\n\n<p><a href=\"https:\/\/blogs.mediapart.fr\/albert-herszkowicz\/blog\/071123\/85eme-anniversaire-de-la-nuit-de-cristal-du-9-novembre-1938-rassemblement-paris\">85\u00e8me anniversaire de la Nuit de Cristal du 9 novembre 1938&nbsp;: rassemblement \u00e0 Paris<\/a>&nbsp;(Blog d\u2019albert herszkowicz)<\/p>\n\n\n\n<p><a href=\"https:\/\/www.francetvinfo.fr\/societe\/antisemitisme\/la-france-insoumise-rassemblement-national-parti-socialiste-quels-seront-les-partis-presents-a-la-marche-contre-l-antisemitisme-dimanche_6171072.html\">LFI, RN, PS, majorit\u00e9&#8230; Qui sera pr\u00e9sent lors de la marche contre l&rsquo;antis\u00e9mitisme dimanche ?<\/a> (France Info)<\/p>\n\n\n\n<p><a href=\"https:\/\/www.mediapart.fr\/journal\/fil-dactualites\/081123\/marche-contre-l-antisemitisme-roussel-pcf-ne-defilera-pas-aux-cotes-du-rn\">Marche contre l\u2019antis\u00e9mitisme : Roussel (PCF) \u00ab&nbsp;ne d\u00e9filera pas aux c\u00f4t\u00e9s du RN&nbsp;\u00bb<\/a> (AFP)<\/p>\n\n\n\n<p><a href=\"https:\/\/www.mediapart.fr\/journal\/fil-dactualites\/081123\/le-conseil-d-etat-donne-son-feu-vert-l-expulsion-d-une-militante-palestinienne\">Le Conseil d\u2019Etat donne son feu vert \u00e0 l\u2019expulsion d\u2019une militante palestinienne<\/a> (AFP)<\/p>\n\n\n\n<p><a href=\"https:\/\/www.lemediatv.fr\/emissions\/2023\/dupond-moretti-lindignite-de-la-macronie-YdYmEPw1S-eOTCakOjBTKA\" target=\"_blank\" rel=\"noreferrer noopener\"><strong>Dupond-Moretti : L&rsquo;indignit\u00e9 de la Macronie<\/strong><\/a> (Le M\u00e9dia)<\/p>\n\n\n\n<p><strong>Monde<\/strong><\/p>\n\n\n\n<p><a href=\"https:\/\/www.mediapart.fr\/journal\/fil-dactualites\/081123\/conference-sur-gaza-appel-de-13-ong-un-cessez-le-feu-immediat\">Conf\u00e9rence sur Gaza : appel de 13 ONG \u00e0 un cessez-le-feu imm\u00e9diat<\/a>(AFP)<\/p>\n\n\n\n<p><a href=\"https:\/\/lvsl.fr\/le-declin-du-hezbollah\/?utm_source=sendinblue&amp;utm_campaign=Newsletter_Derniers_Articles&amp;utm_medium=email\">Le d\u00e9clin du Hezbollah<\/a> (LVSL)<\/p>\n\n\n\n<p><a href=\"https:\/\/www.politis.fr\/articles\/2023\/11\/israel-palestine-le-sumud-de-gaza\/\" target=\"_blank\" rel=\"noreferrer noopener\">Le \u2018sumud\u2019 de Gaza<\/a>&nbsp; (Politis)<\/p>\n\n\n\n<p><strong><a href=\"https:\/\/www.bondyblog.fr\/international\/en-cisjordanie-loccupation-ne-peut-plus-durer\/\" target=\"_blank\" rel=\"noreferrer noopener\">En Cisjordanie, \u00ab l\u2019occupation ne peut plus durer \u00bb<\/a> <\/strong>(Le Bondy Blog)<\/p>\n\n\n\n<p><a href=\"https:\/\/reporterre.net\/En-RDC-des-Congolais-refusent-de-vendre-leur-lac-a-Total\" target=\"_blank\" rel=\"noreferrer noopener\">En RDC, des Congolais refusent de \u00ab&nbsp;vendre&nbsp;\u00bb leur lac \u00e0 Total<\/a> (Reporterre)<\/p>\n\n\n\n<p><a href=\"https:\/\/www.mediapart.fr\/journal\/international\/081123\/portugal-un-scandale-de-corruption-pousse-le-premier-ministre-la-demission\">Au Portugal, un scandale de corruption pousse le premier ministre \u00e0 la d\u00e9mission<\/a> (M\u00e9diapart)<\/p>\n\n\n\n<p><a href=\"https:\/\/www.lemonde.fr\/international\/article\/2023\/11\/08\/le-droit-a-l-avortement-l-etendard-electoral-gagnant-des-democrates-americains_6198919_3210.html\">Le droit \u00e0 l\u2019avortement, l\u2019\u00e9tendard \u00e9lectoral gagnant des d\u00e9mocrates am\u00e9ricains<\/a> (Le Monde)<\/p>\n\n\n\n<p><a href=\"https:\/\/link.newsletter.franceculture.fr\/m\/ml\/7429\/834912\/_GL6lfJ6hA-6n-OpvbPpkG9C5lXTLJmivm821gAfcU8=\/hxge-VJCBG6t6ljR3PJtuYHZMNgOeYukfSBbO8wy2tk=\/\" target=\"_blank\" rel=\"noreferrer noopener\">Pourquoi la contre-offensive ukrainienne a-t-elle \u00e9chou\u00e9&nbsp;?<\/a> (France Culture)<\/p>\n\n\n\n<p><a href=\"https:\/\/www.humanite.fr\/monde\/birmanie\/birmanie-comment-la-russie-coopere-avec-la-junte\" target=\"_blank\" rel=\"noreferrer noopener\">Birmanie : comment la Russie coop\u00e8re avec la junte<\/a> (L\u2019Humanit\u00e9)<\/p>\n\n\n\n<p><strong>Analyse<\/strong><\/p>\n\n\n\n<p><a href=\"https:\/\/blogs.mediapart.fr\/thomasvescovi\/blog\/071123\/anti-israelien\">\u00ab Anti-isra\u00e9lien \u00bb ?<\/a>&nbsp;(Blog de Thomas.Vescovi)<\/p>\n\n\n\n<p><a href=\"https:\/\/www.blast-info.fr\/articles\/2023\/pour-la-liberation-de-kamel-daoudi-qMYSISqeRfSkhfFCMr6tHQ\" target=\"_blank\" rel=\"noreferrer noopener\">Pour la lib\u00e9ration de Kamel Daoudi<\/a> (Blast)<\/p>\n\n\n\n<p><a href=\"https:\/\/www.blast-info.fr\/articles\/2023\/gaza-ceux-qui-survivront-8Xl7u4CTStqqI-7vn3IhMg\" target=\"_blank\" rel=\"noreferrer noopener\">Gaza, ceux qui survivront<\/a> (Blast)<\/p>\n\n\n\n<p><a href=\"https:\/\/www.lemediatv.fr\/emissions\/2023\/si-le-hamas-est-une-organisation-terroriste-alors-israel-est-un-etat-terroriste-alain-gresh-lthhZZIHRquOOkUYSe2Vkw\" target=\"_blank\" rel=\"noreferrer noopener\">\u00ab\u00a0Si le Hamas est une organisation terroriste, alors Isra\u00ebl est un \u00e9tat terroriste\u00a0\u00bb. Alain Gresh<\/a> (Le M\u00e9dia)<\/p>\n\n\n\n<p><a href=\"https:\/\/www.streetpress.com\/sujet\/1699289537-plus-grande-enquete-participative-extreme-droite\" target=\"_blank\" rel=\"noreferrer noopener\">La plus grande enqu\u00eate participative sur l\u2019extr\u00eame droite en France<\/a> (StreetPress)<\/p>\n\n\n\n<p><strong><a href=\"https:\/\/basta.media\/le-sang-des-uns-n-est-pas-plus-rouge-que-celui-des-autres\" target=\"_blank\" rel=\"noreferrer noopener\">\u00ab Le sang des uns n&rsquo;est pas plus rouge que celui des autres \u00bb<\/a> <\/strong>(Basta!)<\/p>\n\n\n\n<p><mark style=\"background-color:rgba(0, 0, 0, 0);color:#ee0505\" class=\"has-inline-color\"><strong>7 novembre<\/strong><\/mark><\/p>\n\n\n\n<p><a><strong><mark style=\"background-color:rgba(0, 0, 0, 0)\" class=\"has-inline-color has-contrast-color\">France<\/mark><\/strong><\/a><\/p>\n\n\n\n<p><a href=\"https:\/\/rapportsdeforce.fr\/ici-et-maintenant\/projet-de-loi-immigration-ce-sont-les-sans-papiers-et-refugies-qui-en-parlent-le-mieux-110719542\" target=\"_blank\" rel=\"noreferrer noopener\">Projet de loi immigration : ce sont les sans-papiers et r\u00e9fugi\u00e9s qui en parlent le mieux<\/a>&nbsp; (Rapports de Force)<\/p>\n\n\n\n<p><a href=\"https:\/\/www.ldh-france.org\/remise-en-cause-du-droit-du-sol\/\" target=\"_blank\" rel=\"noreferrer noopener\"><strong>Immigration&nbsp;: remise en cause du droit du sol<\/strong><\/a> (LDH)<\/p>\n\n\n\n<p><a href=\"https:\/\/www.ldh-france.org\/loi-asile-et-immigration-les-associations-denoncent-des-atteintes-sans-precedent-aux-droits-des-personnes-exilees\/\" target=\"_blank\" rel=\"noreferrer noopener\">Immigration : les associations d\u00e9noncent des atteintes sans pr\u00e9c\u00e9dent aux droits des personnes exil\u00e9es<\/a> (LDH)<\/p>\n\n\n\n<p><a href=\"https:\/\/www.humanite.fr\/social-et-economie\/senat\/loi-immigration-les-travailleurs-sans-papiers-font-du-bruit-pour-se-faire-entendre-devant-le-senat\">Loi immigration&nbsp;: les travailleurs sans-papiers \u2018font du bruit pour se faire entendre\u2019 devant le S\u00e9nat<\/a>&nbsp;(l\u2019Humanit\u00e9)<\/p>\n\n\n\n<p><a href=\"https:\/\/www.politis.fr\/articles\/2023\/11\/lfi-raquel-garrido-condamnee-au-silence-pour-cause-de-divergence\/\" target=\"_blank\" rel=\"noreferrer noopener\">LFI : Raquel Garrido, condamn\u00e9e au silence pour cause de divergence<\/a> (Politis)<\/p>\n\n\n\n<p><a href=\"https:\/\/www.francetvinfo.fr\/politique\/la-france-insoumise\/la-france-insoumise-trois-questions-sur-la-sanction-polemique-visant-la-deputee-raquel-garrido_6169233.html\">LFI : trois questions sur la sanction pol\u00e9mique visant la d\u00e9put\u00e9e Raquel Garrido<\/a> (France Info)<\/p>\n\n\n\n<p><a href=\"https:\/\/www.huffingtonpost.fr\/politique\/article\/rencontres-de-saint-denis-la-france-insoumise-comme-le-ps-decline-l-invitation-d-emmanuel-macron_225414.html\">Comme le PS, LFI d\u00e9cline l\u2019invitation de Macron \u00e0 Saint-Denis<\/a> (Huffpost)<\/p>\n\n\n\n<p><a href=\"https:\/\/www.rue89lyon.fr\/2023\/11\/07\/extreme-droite-manifestation-samedi\/\" target=\"_blank\" rel=\"noreferrer noopener\">\u00c0 Lyon, une manifestation contre l\u2019extr\u00eame droite le 11 novembre<\/a> (Rue89Lyon)<\/p>\n\n\n\n<p><a href=\"https:\/\/www.huffingtonpost.fr\/politique\/video\/la-contre-offensive-de-jean-philippe-tanguy-sur-l-antisemitisme-s-est-retournee-contre-lui_225419.html\">La contre-offensive d\u2019un d\u00e9put\u00e9 RN sur l\u2019antis\u00e9mitisme s\u2019est retourn\u00e9e contre lui<\/a> (Huffpost)<\/p>\n\n\n\n<p><strong>Monde<\/strong><\/p>\n\n\n\n<p><a href=\"https:\/\/www.mediapart.fr\/journal\/international\/071123\/un-mois-apres-le-7-octobre-cette-guerre-est-en-train-de-creer-des-monstres\">\u00ab&nbsp;Cette guerre est en train de cr\u00e9er des monstres&nbsp;\u00bb<\/a> (Emission sp\u00e9ciale \u2018A l\u2019air libre\u2019)<\/p>\n\n\n\n<p><a href=\"https:\/\/www.middleeasteye.net\/fr\/opinion-fr\/guerre-israel-palestine-objectif-final-gaza-colons-securite-nettoyage-ethnique\"><strong>Isra\u00ebl-Palestine&nbsp;: l\u2019objectif final d\u2019Isra\u00ebl est bien plus sinistre qu\u2019un r\u00e9tablissement de la \u2018s\u00e9curit\u00e9\u2019<\/strong><\/a> -Richard Falk (MEE)<\/p>\n\n\n\n<p><a href=\"https:\/\/www.middleeasteye.net\/fr\/actu-et-enquetes\/guerre-israel-palestine-gaza-travailleurs-detenus-torture\">Des travailleurs palestiniens originaires de Gaza d\u00e9crivent la torture subie en d\u00e9tention en Isra\u00ebl<\/a> (MEE)<\/p>\n\n\n\n<p><a href=\"https:\/\/alencontre.org\/moyenorient\/palestine\/raser-gaza-avec-une-bombe-nucleaire-un-enonce-qui-raconte-une-extreme-droite-gouvernementale.html\">\u00abRaser Gaza avec une bombe nucl\u00e9aire\u00bb: un \u00e9nonc\u00e9 qui raconte une extr\u00eame droite gouvernementale<\/a> (Editorial de&nbsp;<em>Haaretz)<\/em><\/p>\n\n\n\n<p><a href=\"https:\/\/www.972mag.com\/Assez%20avec%20les%20seigneurs%20de%20la%20guerre.%20Il%20y%20a%20une%20autre%20fa\u00e7on\">Assez avec les seigneurs de la guerre. Il y a une autre fa\u00e7on<\/a> (972mag)<\/p>\n\n\n\n<p><a href=\"https:\/\/www.mediapart.fr\/journal\/france\/071123\/l-improbable-tournee-diplomatique-du-fils-du-marechal-haftar-de-paris-bruxelles\">L\u2019improbable tourn\u00e9e diplomatique du fils du mar\u00e9chal Haftar de Paris \u00e0 Bruxelles<\/a> (M\u00e9diapart)<\/p>\n\n\n\n<p><a href=\"https:\/\/enass.ma\/2023\/11\/07\/les-enseignants-organisent-la-marche-de-la-dignite\/\" target=\"_blank\" rel=\"noreferrer noopener\">Au Maroc, les enseignants organisent \u00ab La Marche de la dignit\u00e9 \u00bb<\/a> (Enass)<\/p>\n\n\n\n<p><a href=\"https:\/\/legrandcontinent.eu\/fr\/2023\/11\/07\/deuxieme-essai-de-reforme-constitutionnelle-au-chili-lassemblee-constituante-remet-son-projet-a-gabriel-boric\/\">Deuxi\u00e8me essai de r\u00e9forme constitutionnelle au Chili&nbsp;: l\u2019Assembl\u00e9e constituante remet son projet \u00e0 Gabriel Boric<\/a> (Le Grand Continent)<\/p>\n\n\n\n<p><strong>Analyse<\/strong><\/p>\n\n\n\n<p><a href=\"https:\/\/blogs.mediapart.fr\/les-invites-de-mediapart\/blog\/071123\/la-scene-culturelle-francaise-en-soutien-au-peuple-palestinien\">La sc\u00e8ne culturelle fran\u00e7aise en soutien au peuple palestinien<\/a>&nbsp;(Les invit\u00e9s de Mediapart)<\/p>\n\n\n\n<p><mark style=\"background-color:rgba(0, 0, 0, 0);color:#ee0505\" class=\"has-inline-color\"><strong>6 novembre<\/strong><\/mark><\/p>\n\n\n\n<p><a><strong><mark style=\"background-color:rgba(0, 0, 0, 0)\" class=\"has-inline-color has-contrast-color\">France<\/mark><\/strong><\/a><\/p>\n\n\n\n<p><a href=\"https:\/\/www.greenpeace.fr\/espace-presse\/action-huit-associations-du-mouvement-climat-ferment-le-ministere-de-la-transition-ecologique-pour-inaction-climatique\/\" target=\"_blank\" rel=\"noreferrer noopener\"><strong>Huit associations du mouvement climat ferment le minist\u00e8re de la transition \u00e9cologique<\/strong><\/a> (Greenpeace)<\/p>\n\n\n\n<p><a href=\"https:\/\/www.mediapart.fr\/journal\/politique\/051123\/sur-la-loi-immigration-droites-et-extreme-droite-sont-l-unisson\" target=\"_blank\" rel=\"noreferrer noopener\">Sur la loi immigration, droites et extr\u00eame droite sont \u00e0 l\u2019unisson<\/a> (M\u00e9diapart)<\/p>\n\n\n\n<p><a href=\"https:\/\/www.rue89strasbourg.com\/observatoire-strasbourgeois-libertes-publiques-manifester-liberte-fondamentale-284047\" target=\"_blank\" rel=\"noreferrer noopener\">L\u2019Observatoire des libert\u00e9s pointe les d\u00e9rives de la pr\u00e9fecture contre les pancartes et drapeaux en manifestation<\/a> (Rue89 Strasbourg)<\/p>\n\n\n\n<p><a href=\"https:\/\/orientxxi.info\/magazine\/france-la-liberte-d-expression-bafouee-et-reprimee,6838\" target=\"_blank\" rel=\"noreferrer noopener\"><strong>France. La libert\u00e9 d&rsquo;expression bafou\u00e9e et r\u00e9prim\u00e9e<\/strong><\/a> (Orient XXI)<\/p>\n\n\n\n<p><a href=\"https:\/\/www.acrimed.org\/D-Israel-a-Gaza-3-sur-BFM-TV-une-propagande-en\" target=\"_blank\" rel=\"noreferrer noopener\">D&rsquo;Isra\u00ebl \u00e0 Gaza (3) : sur BFM-TV, une propagande \u00ab en continu \u00bb<\/a> (Acrimed)<\/p>\n\n\n\n<p><a href=\"https:\/\/www.monde-diplomatique.fr\/2023\/11\/HALIMI\/66266\" target=\"_blank\" rel=\"noreferrer noopener\">Quand la guerre percute la politique fran\u00e7aise<\/a> (Le Monde diplomatique)<\/p>\n\n\n\n<p><a href=\"https:\/\/alencontre.org\/europe\/france\/israel-palestine-prises-de-position-de-la-cgt-et-de-solidaires.html\">Isra\u00ebl-Palestine. Prises de position de la CGT et de Solidaires<\/a> (A l\u2019encontre)<\/p>\n\n\n\n<p><a href=\"https:\/\/lundi.am\/Appel-internationaliste-a-une-assemblee-pour-la-Palestine\" target=\"_blank\" rel=\"noreferrer noopener\">Appel internationaliste \u00e0 une assembl\u00e9e pour la Palestine<\/a> (Lundimatin)<\/p>\n\n\n\n<p><a href=\"https:\/\/lundi.am\/Saix-symbole-d-une-depossession\" target=\"_blank\" rel=\"noreferrer noopener\">Sa\u00efx, symbole d\u2019une d\u00e9possession<\/a> (Lundimatin)<\/p>\n\n\n\n<p><a href=\"https:\/\/www.blast-info.fr\/articles\/2023\/au-proces-de-lultra-gauche-des-requisitions-lourdes-pour-un-dossier-tres-fragile-083vW8HtQBSgzEdyxLehDw\" target=\"_blank\" rel=\"noreferrer noopener\">Au proc\u00e8s de l\u2019ultra-gauche, des r\u00e9quisitions lourdes pour un dossier tr\u00e8s fragile<\/a> (Blast)<\/p>\n\n\n\n<p><a href=\"https:\/\/www.youtube.com\/watch?v=SKrpeAlH05w\" target=\"_blank\" rel=\"noreferrer noopener\"><strong>La France vire \u00e0 droite&nbsp;? La r\u00e9alit\u00e9 derri\u00e8re les chiffres et les cartes<\/strong><\/a> (Elucid)<\/p>\n\n\n\n<p><strong>Monde<\/strong><\/p>\n\n\n\n<p><a href=\"https:\/\/www.mediapart.fr\/journal\/international\/061123\/en-cisjordanie-les-palestiniens-subissent-les-offensives-des-colons-israeliens\">En Cisjordanie, les Palestiniens subissent les offensives des colons isra\u00e9liens<\/a> (M\u00e9diapart)<\/p>\n\n\n\n<p><a href=\"https:\/\/alencontre.org\/moyenorient\/palestine\/le-nord-de-la-bande-de-gaza-pilonne-et-rase-pour-etre-une-zone-de-securite-israelienne-ses-residents-deja-refugies-sont-condamnes-a-redevenir-des-refugies-ou.html\">Le nord de la bande de Gaza pilonn\u00e9 et ras\u00e9 pour \u00eatre une zone de s\u00e9curit\u00e9 isra\u00e9lienne&#8230; <\/a>&nbsp;(A l\u2019encontre)<\/p>\n\n\n\n<p><a href=\"https:\/\/link.newsletter.franceculture.fr\/m\/ml\/7429\/834515\/4IUKkgMJL7P7OYqEBNGrxW9C5lXTLJmivm821gAfcU8=\/SHBUfzeFgx-Ot7GUUXRMLekWCVyfoMrFuO8nt4TiwN0=\/\" target=\"_blank\" rel=\"noreferrer noopener\">Jordanie, Liban&nbsp;: le dilemme des Palestiniens en exil<\/a> (France Culture)<\/p>\n\n\n\n<p><a href=\"https:\/\/www.blast-info.fr\/articles\/2023\/new-york-gaza-les-deux-lettres-de-demission-qui-jettent-le-trouble-sur-loffensive-israelienne-iK8iEXSJQY2492SUA4cH6g\" target=\"_blank\" rel=\"noreferrer noopener\">New York-Gaza : les deux lettres de d\u00e9mission qui jettent le trouble sur l&rsquo;offensive isra\u00e9lienne<\/a> (Blast)<\/p>\n\n\n\n<p><a href=\"https:\/\/www.lemonde.fr\/international\/article\/2023\/11\/04\/bezalel-smotrich-agent-du-chaos-au-sein-du-gouvernement-israelien_6198189_3210.html\">Israel &#8211; Bezalel Smotrich, agent du chaos au sein du gouvernement isra\u00e9lien<\/a>&nbsp;(Le Monde)<\/p>\n\n\n\n<p><a href=\"https:\/\/french.presstv.ir\/Detail\/2023\/11\/02\/713859\/Le-compte-%C3%A0-rebours-commence-pour-Netanyahu-\">Isra\u00ebl.&nbsp;<\/a><a href=\"https:\/\/french.presstv.ir\/Detail\/2023\/11\/02\/713859\/Le-compte-%C3%A0-rebours-commence-pour-Netanyahu-\">Le compte \u00e0 rebours commence pour Netanyahu selon l\u2019administration US<\/a>&nbsp;(french press tv)<\/p>\n\n\n\n<p><a href=\"https:\/\/www.monde-diplomatique.fr\/2023\/11\/FAUJOUR\/66262\" target=\"_blank\" rel=\"noreferrer noopener\">Guatemala&nbsp;: le pacte des corrompus<\/a> (Le Monde diplomatique)<\/p>\n\n\n\n<p><strong>Analyse<\/strong><\/p>\n\n\n\n<p><a href=\"https:\/\/lundi.am\/Fascismes-d-hier-et-d-aujourd-hui\" target=\"_blank\" rel=\"noreferrer noopener\">Fascismes d\u2019hier et d\u2019aujourd\u2019hui<\/a> (Lundimatin)<\/p>\n\n\n\n<p><a href=\"https:\/\/lundi.am\/Deflagrations\" target=\"_blank\" rel=\"noreferrer noopener\">D\u00e9flagrations<\/a> Natacha Samuel (Lundimatin)<\/p>\n\n\n\n<p><strong><a href=\"https:\/\/www.contretemps.eu\/dossier-palestine-guerre-gaza-liberation\/\">Dossier : Palestine, guerre coloniale et lutte de lib\u00e9ration nationale<\/a> <\/strong>(Contretemps)<\/p>\n\n\n\n<p><a href=\"https:\/\/www.contretemps.eu\/israel-occident-deni-palestine\/\">Entre Isra\u00ebl et l\u2019Occident, le d\u00e9ni potentiellement g\u00e9nocidaire de la Palestine<\/a> (Contretemps)<\/p>\n\n\n\n<p>&nbsp;<a href=\"https:\/\/lundi.am\/Strategies-de-solidarite-avec-les-Palestinien-nes\" target=\"_blank\" rel=\"noreferrer noopener\">Strat\u00e9gies de solidarit\u00e9 avec les Palestinien\u00b7nes&nbsp;<\/a> &nbsp;(Collectif d\u2019anarchistes juif\u00b7ves impliqu\u00e9 dans la lutte contre Cop City \u00e0 Atlanta)<\/p>\n\n\n\n<p><strong><a href=\"https:\/\/www.france24.com\/fr\/moyen-orient\/20231102-marwan-barghouti-le-nelson-mandela-palestinien-peut-il-%C3%AAtre-le-faiseur-de-paix-%C3%A0-gaza?xtor=EPR-300&amp;_ope=eyJndWlkIjoiZjI4YjA2MTEzODIxNTJjNDEzY2EyNTczNDcwOTQ5ZTkifQ%3D%3D\" target=\"_blank\" rel=\"noreferrer noopener\">Isra\u00ebl &#8211; Marwan Barghouti, le \u00ab\u00a0Nelson Mandela palestinien\u00a0\u00bb, peut-il \u00eatre le faiseur de paix \u00e0 Gaza ?<\/a>&nbsp;<\/strong>(France 24)<\/p>\n\n\n\n<p><mark style=\"background-color:rgba(0, 0, 0, 0);color:#ee0505\" class=\"has-inline-color\"><strong>4 novembre<\/strong><\/mark><\/p>\n\n\n\n<p><a><strong><mark style=\"background-color:rgba(0, 0, 0, 0)\" class=\"has-inline-color has-contrast-color\">France<\/mark><\/strong><\/a><\/p>\n\n\n\n<p><strong><a href=\"https:\/\/www.liberation.fr\/international\/moyen-orient\/en-direct-guerre-hamas-israel-situation-dans-la-bande-de-gaza-frappe-sur-une-ambulance-tournee-de-blinken-suivez-toutes-les-informations-de-ce-samedi-4-novembre-20231104_PKI4BIM26BHKJHTJDSKHZOIWU4\/\">A Paris, Toulouse ou Nice, des milliers de manifestants pour soutenir les Palestiniens<\/a> <\/strong>(Le Direct de Lib\u00e9ration)<\/p>\n\n\n\n<p><a href=\"https:\/\/www.francetvinfo.fr\/monde\/proche-orient\/israel-palestine\/direct-guerre-en-israel-et-le-hamas-le-chef-de-l-onu-se-dit-horrifie-par-la-frappe-israelienne-sur-une-ambulance-a-gaza_6163185.html\">Des manifestations de soutien aux Palestiniens organis\u00e9es \u00e0 Paris et dans plusieurs villes de France<\/a> (AFP)<\/p>\n\n\n\n<p><a><\/a><a href=\"https:\/\/link.newsletter.franceculture.fr\/m\/ml\/7429\/833957\/YeF1yW0TTeyctyJFmaUYH29C5lXTLJmivm821gAfcU8=\/X9ls0nbsPape6Fk8iLbuL5JhkYSMpNeuDt7fY4-iSig=\/\" target=\"_blank\" rel=\"noreferrer noopener\">Affaire Bygmalion&nbsp;: la nouvelle saison des M\u00e9caniques du journalisme<\/a> (France Culture)<\/p>\n\n\n\n<p><a href=\"https:\/\/www.off-investigation.fr\/guyane-un-soutien-de-macron-rase-la-foret\/\">Guyane : Un soutien de Macron rase la for\u00eat<\/a> (Off Investigation)<\/p>\n\n\n\n<p><strong>Monde<\/strong><\/p>\n\n\n\n<p>&nbsp;<a href=\"https:\/\/www.boursorama.com\/videos\/actualites\/des-milliers-de-personnnes-manifestent-en-solidarite-avec-les-palestiniens-a-londres-0960f5bb3d85197c61538ec8e664bffc\">Des milliers de personnnes manifestent en solidarit\u00e9 avec les Palestiniens \u00e0 Londres<\/a> (AFP Vid\u00e9o)<\/p>\n\n\n\n<p><a href=\"https:\/\/www.boursorama.com\/videos\/actualites\/berlin-des-milliers-de-personnes-participent-a-une-manifestation-pro-palestinienne-0622b3286b946c5bb29301bec03f342e\">Berlin : Des milliers de personnes participent \u00e0 une manifestation pro-palestinienne<\/a> (AFP Vid\u00e9o)<\/p>\n\n\n\n<p><a href=\"https:\/\/blogs.mediapart.fr\/les-invites-de-mediapart\/blog\/041123\/lettre-ukrainienne-de-solidarite-avec-le-peuple-palestinien\">Lettre ukrainienne de solidarit\u00e9 avec le peuple palestinien<\/a>&nbsp;(Les invit\u00e9s de Mediapart)<\/p>\n\n\n\n<p><a href=\"https:\/\/www.mediapart.fr\/journal\/international\/031123\/liban-le-discours-de-nasrallah-montre-qu-une-guerre-regionale-n-est-pas-au-programme\">\u00ab&nbsp;Le discours de Nasrallah montre qu\u2019une guerre r\u00e9gionale n\u2019est pas au programme&nbsp;\u00bb<\/a> (M\u00e9diapart)<\/p>\n\n\n\n<p><strong><a href=\"https:\/\/www.francetvinfo.fr\/monde\/israel\/guerre-entre-israel-et-le-hamas-pourquoi-l-avenir-politique-de-benyamin-netanyahou-s-est-assombri-depuis-les-attaques-du-7-octobre_6155607.html\">Isra\u00ebl : l&rsquo;avenir politique de N\u00e9tanyahou s&rsquo;est assombri depuis les attaques du 7 octobre<\/a><\/strong> (France Info)<\/p>\n\n\n\n<p><a href=\"https:\/\/www.francetvinfo.fr\/monde\/proche-orient\/israel-palestine\/quand-la-guerre-sera-terminee-les-questions-seront-nombreuses-apres-la-revelation-d-un-document-secret-defense-benyamin-netanyahou-fragilise-en-israel_6155172.html\">Apr\u00e8s la r\u00e9v\u00e9lation d&rsquo;un document secret d\u00e9fense, Benyamin N\u00e9tanyahou fragilis\u00e9 en Isra\u00ebl<\/a> (France Info)<\/p>\n\n\n\n<p><a href=\"https:\/\/www.francetvinfo.fr\/monde\/proche-orient\/israel-palestine\/reportage-prenez-netanyahou-rendez-nous-les-otages-en-israel-les-proches-des-otages-font-entendre-leur-colere-contre-le-gouvernement_6151476.html\">\u00ab\u00a0Prenez N\u00e9tanyahou, rendez-nous les otages\u00a0\u00bb : en Isra\u00ebl, la col\u00e8re des proches des personnes kidnapp\u00e9es par le Hamas<\/a> (France Info)<\/p>\n\n\n\n<p><a href=\"https:\/\/orientxxi.info\/lu-vu-entendu\/palestine-un-genocide-qui-se-deroule-sous-nos-yeux,6848\" target=\"_blank\" rel=\"noreferrer noopener\">Palestine. \u00ab&nbsp;Un g\u00e9nocide qui se d\u00e9roule sous nos yeux&nbsp;\u00bb<\/a> (Orient XXI)<\/p>\n\n\n\n<p><a href=\"https:\/\/www.contretemps.eu\/argentine-elections-milei-massa-peronisme\/\">Argentine&nbsp;: les effets inattendus d\u2019un vote d\u00e9fensif<\/a> (Contretemps)<\/p>\n\n\n\n<p><strong>Analyse<\/strong><\/p>\n\n\n\n<p><a href=\"https:\/\/blogs.mediapart.fr\/tsedek\/blog\/041123\/l-antisemitisme-doit-etre-combattu-son-instrumentalisation-aussi\">L\u2019antis\u00e9mitisme doit \u00eatre combattu, son instrumentalisation aussi<\/a>&nbsp;(Blog de Tsedek!)<\/p>\n\n\n\n<p><a href=\"https:\/\/alencontre.org\/moyenorient\/egypte\/depuis-75-ans-les-palestiniens-sont-contraints-de-vivre-comme-une-population-apatride.html\">\u00abDepuis 75 ans, les Palestiniens sont contraints de vivre comme une population apatride\u00bb<\/a> (A L\u2019encontre)<\/p>\n\n\n\n<p><strong><a href=\"https:\/\/alencontre.org\/moyenorient\/palestine\/le-scenario-dune-population-gazaouie-deplacee.html\">\u00abLe sc\u00e9nario d\u2019une population gazaouie d\u00e9plac\u00e9e\u00bb<\/a> <\/strong>(A L\u2019encontre)<\/p>\n\n\n\n<p><a href=\"https:\/\/www.francetvinfo.fr\/monde\/proche-orient\/israel-palestine\/temoignage-je-suis-furieux-contre-mon-gouvernement-un-ancien-soldat-israelien-denonce-la-riposte-a-gaza_6159555.html\">\u00ab\u00a0Je suis furieux contre mon gouvernement\u00a0\u00bb : un ancien soldat isra\u00e9lien d\u00e9nonce la riposte \u00e0 Gaza<\/a> (France Info)<\/p>\n\n\n\n<p><a href=\"https:\/\/en.idi.org.il\/articles\/51147\" target=\"_blank\" rel=\"noreferrer noopener\">Enqu\u00eate d\u2019opinion de l\u2019Israel Democracy Institute publi\u00e9e le 23 octobre<\/a> (IDI)<\/p>\n\n\n\n<p><strong><a href=\"https:\/\/www.contretemps.eu\/lettre-demission-craig-mokhiber-gaza-genocide\/\">Gaza : lettre de d\u00e9mission du directeur du Bureau de New York du Haut Commissariat aux droits humains<\/a> <\/strong>(Contretemps)<\/p>\n\n\n\n<p><a href=\"https:\/\/www.contretemps.eu\/gaza-occident-instrumentalisation-genocide\/\">Gaza, l\u2019Ouest et le reste<\/a> (Contretemps)<\/p>\n\n\n\n<p><mark style=\"background-color:rgba(0, 0, 0, 0);color:#ee0505\" class=\"has-inline-color\"><strong>3 novembre<\/strong><\/mark><\/p>\n\n\n\n<p><a><strong><mark style=\"background-color:rgba(0, 0, 0, 0)\" class=\"has-inline-color has-contrast-color\">France<\/mark><\/strong><\/a><\/p>\n\n\n\n<p><a href=\"https:\/\/france.attac.org\/actus-et-medias\/salle-de-presse\/article\/contre-la-loi-darmanin-appel-a-une-mobilisation-nationale-le-6-novembre\" target=\"_blank\" rel=\"noreferrer noopener\"><strong>Contre la loi Darmanin, appel \u00e0 une mobilisation nationale le 6 novembre<\/strong><\/a> (Attac)<\/p>\n\n\n\n<p><a href=\"https:\/\/lafranceinsoumise.fr\/2023\/11\/03\/gaza-tous-les-rassemblements-et-manifestations-dans-toute-la-france-pour-demander-un-cessez-le-feu-immediat\/\"><strong>Liste des rassemblements en France samedi pour demander un cessez-le-feu imm\u00e9diat \u00e0 Gaza<\/strong><\/a> (LFI)<\/p>\n\n\n\n<p><a href=\"https:\/\/www.boursorama.com\/videos\/actualites\/paris-des-centaines-de-personnes-en-soutien-aux-palestiniens-408cc0cd8d62bcb93fa15abdb13800e4\">Paris : des centaines de personnes en soutien aux Palestiniens<\/a> (AFP vid\u00e9o) &nbsp;&nbsp;<\/p>\n\n\n\n<p><a href=\"https:\/\/www.politis.fr\/articles\/2023\/11\/lfi-les-militants-divises-sur-la-crise-de-leur-mouvement\/\" target=\"_blank\" rel=\"noreferrer noopener\">LFI : les militants divis\u00e9s sur la crise de leur mouvement<\/a> (Politis)<\/p>\n\n\n\n<p><a href=\"https:\/\/blogs.mediapart.fr\/association-gisti\/blog\/031123\/des-attaques-repetees-contre-les-associations-qui-defendent-les-exiles\"><strong>Des attaques r\u00e9p\u00e9t\u00e9es contre les associations qui d\u00e9fendent les exil\u00e9s<\/strong><\/a>&nbsp;(Association GISTI)<\/p>\n\n\n\n<p><a href=\"https:\/\/www.liberation.fr\/societe\/education\/la-lutte-lyceenne-ne-peut-pas-se-permettre-detre-divisee-les-organisations-annoncent-la-creation-de-lusl-premier-syndicat-lyceen-unifie-20231103_QEXB2SHBKVHGVJPPNPUEGB5V34\/\">\u00abLa lutte lyc\u00e9enne ne peut pas se permettre d\u2019\u00eatre divis\u00e9e\u00bb&nbsp;: cr\u00e9ation de l\u2019USL, premier syndicat lyc\u00e9en unifi\u00e9<\/a><a> <\/a> (Lib\u00e9ration)<\/p>\n\n\n\n<p><a href=\"https:\/\/www.huffingtonpost.fr\/politique\/article\/eric-dupond-moretti-maintenu-a-son-poste-pendant-son-proces-devant-la-cjr-comment-le-gouvernement-le-justifie_225257.html\"><strong>Comment le gouvernement justifie le maintien de Dupond-Moretti \u00e0 son poste pendant son proc\u00e8s<\/strong><\/a> (Huffpost)<\/p>\n\n\n\n<p><a href=\"https:\/\/www.boursorama.com\/videos\/actualites\/liberte-de-la-presse-10-ans-apres-l-assassinat-de-g-dupont-et-c-verlon-2f2d137adfbf2b520efa90558b325877\">Libert\u00e9 de la presse : 10 ans apr\u00e8s l&rsquo;assassinat de G. Dupont et C. Verlon<\/a> (France 24)<\/p>\n\n\n\n<p><a href=\"https:\/\/www.alternatives-economiques.fr\/herve-nathan\/gilbert-cette-conseil-dorientation-retraites-vengeance-de-macron\/00108545\" target=\"_blank\" rel=\"noreferrer noopener\">Gilbert Cette au Conseil d\u2019orientation des retraites : la vengeance de Macron<\/a> (Alter \u00e9co)<\/p>\n\n\n\n<p><a href=\"https:\/\/www.blast-info.fr\/articles\/2023\/a-bfm-la-redaction-sonne-lalarme-contre-une-couverture-pro-israelienne-XDT74fV3RZ2mOGmtf4SudQ\" target=\"_blank\" rel=\"noreferrer noopener\">\u00c0 BFM, la r\u00e9daction sonne l&rsquo;alarme contre une couverture pro-isra\u00e9lienne<\/a> (Blast)<\/p>\n\n\n\n<p><a href=\"https:\/\/www.mediapart.fr\/journal\/politique\/021123\/en-israel-eric-zemmour-cultive-ses-obsessions-identitaires\" target=\"_blank\" rel=\"noreferrer noopener\"><strong>En Isra\u00ebl, \u00c9ric Zemmour cultive ses obsessions identitaires<\/strong><\/a> (M\u00e9diapart)<\/p>\n\n\n\n<p><strong>Monde<\/strong><\/p>\n\n\n\n<p><a href=\"https:\/\/www.liberation.fr\/international\/europe\/guerre-avec-la-russie-le-chef-des-forces-armees-ukrainiennes-reconnait-lechec-de-la-contre-offensive-20231103_2PPDKCTFIBERPAPJ7WNJLGPH2U\/\" target=\"_blank\" rel=\"noreferrer noopener\">Guerre avec la Russie&nbsp;: le chef des arm\u00e9es ukrainiennes reconna\u00eet l\u2019\u00e9chec de la contre-offensive<\/a> (Lib\u00e9ration acc\u00e8s libre)<\/p>\n\n\n\n<p><a href=\"https:\/\/blogs.mediapart.fr\/israelis-against-apartheid\/blog\/031123\/mettre-un-terme-limpunite-appel-urgent-karim-khan-procureur-de-la-cpi\">Mettre un terme \u00e0 l&rsquo;impunit\u00e9 &#8211; Appel urgent \u00e0 Karim A. A. Khan, procureur de la CPI<\/a>&nbsp;(Israelis against Apartheid)<\/p>\n\n\n\n<p><a href=\"https:\/\/www.huffingtonpost.fr\/international\/video\/guerre-israel-hamas-l-institut-francais-de-gaza-et-les-bureaux-de-l-afp-vises-par-des-frappes-israeliennes_225276.html\">L\u2019Institut fran\u00e7ais et l\u2019AFP dans la bande de Gaza vis\u00e9s par des frappes isra\u00e9liennes<\/a> (Huffpost)<\/p>\n\n\n\n<p><a href=\"https:\/\/www.boursorama.com\/actualite-economique\/actualites\/des-milliers-de-travailleurs-palestiniens-renvoyes-a-gaza-c7cb72d2f33509ed437689f3fe393f95\">Des milliers de travailleurs palestiniens renvoy\u00e9s \u00e0 Gaza<\/a> (Reuters)<\/p>\n\n\n\n<p><a href=\"https:\/\/www.boursorama.com\/actualite-economique\/actualites\/les-conditions-de-vie-a-gaza-sous-siege-israelien-plus-sinistres-que-jamais-055fd3516fd84097d85ee435632e5204\">Les conditions de vie \u00e0 Gaza sous si\u00e8ge isra\u00e9lien plus sinistres que jamais<\/a> (Reuters)<\/p>\n\n\n\n<p><strong><a href=\"https:\/\/www.boursorama.com\/actualite-economique\/actualites\/grave-risque-de-genocide-pour-les-palestiniens-estiment-des-experts-de-l-onu-ae5f6856487da819a610829e6e529201\">\u00ab\u00a0Grave risque de g\u00e9nocide\u00a0\u00bb pour les Palestiniens, estiment des experts de l&rsquo;Onu<\/a> <\/strong>(Reuters)<\/p>\n\n\n\n<p><a href=\"https:\/\/www.boursorama.com\/actualite-economique\/actualites\/les-republicains-defient-biden-sur-l-aide-a-israel-gaza-et-l-ukraine-c4550b433e36a26ec364b2df31a41703\">USA&nbsp;:les r\u00e9publicains d\u00e9fient Biden sur l&rsquo;aide \u00e0 Isra\u00ebl, Gaza et l&rsquo;Ukraine<\/a> (AFP) &nbsp;&nbsp;<\/p>\n\n\n\n<p><a href=\"https:\/\/www.alternatives-economiques.fr\/andreu-misse\/gouvernement-espagnol-suspendu-aux-negociations-independantistes\/00108324\" target=\"_blank\" rel=\"noreferrer noopener\">Le gouvernement espagnol suspendu aux n\u00e9gociations avec les ind\u00e9pendantistes<\/a> (Alter \u00e9co)<\/p>\n\n\n\n<p><strong>Analyse<\/strong><\/p>\n\n\n\n<p><a href=\"https:\/\/www.blast-info.fr\/articles\/2023\/russian-papers-4-au-nom-de-la-souverainete-des-emplois-et-des-milliards-Ztn68DQHT1edMklyahCMgA\" target=\"_blank\" rel=\"noreferrer noopener\">Russian Papers #4 : Au nom de la souverainet\u00e9, des emplois et des milliards<\/a>&nbsp;(Blast)<\/p>\n\n\n\n<p><a href=\"https:\/\/www.blast-info.fr\/articles\/2023\/labbe-pierre-une-vie-de-combats-la-posterite-sage-et-la-colere-dun-homme-rDGYhBVgRpiu4fKBvUbXAw\" target=\"_blank\" rel=\"noreferrer noopener\">L\u2019abb\u00e9 Pierre, une vie de combats : la post\u00e9rit\u00e9 sage et la col\u00e8re d\u2019un homme<\/a>&nbsp;(Blast)<\/p>\n\n\n\n<p><a href=\"https:\/\/www.frustrationmagazine.fr\/international-gaza\/\" target=\"_blank\" rel=\"noreferrer noopener\">Gaza : \u00e0 l\u2019international comme en Isra\u00ebl, le massacre est d\u00e9nonc\u00e9<\/a> (Frustration)<\/p>\n\n\n\n<p><mark style=\"background-color:rgba(0, 0, 0, 0);color:#ee0505\" class=\"has-inline-color\"><strong>2 novembre<\/strong><\/mark><\/p>\n\n\n\n<p><strong>France<\/strong><\/p>\n\n\n\n<p><a href=\"https:\/\/www.ldh-france.org\/la-ldh-reclame-le-retrait-du-lbd-40-dans-le-maintien-de-lordre\/\" target=\"_blank\" rel=\"noreferrer noopener\">La LDH r\u00e9clame le retrait du LBD 40 dans le maintien de l\u2019ordre<\/a> (LDH)<\/p>\n\n\n\n<p><a href=\"https:\/\/www.ldh-france.org\/31-octobre-2023-tribune-collective-levez-lassignation-a-residence-perpetuelle-de-kamel-daoudi-pour-lui-et-sa-famille\/\" target=\"_blank\" rel=\"noreferrer noopener\">Tribune&nbsp;: \u201cLevez l\u2019assignation \u00e0 r\u00e9sidence perp\u00e9tuelle de Kamel Daoudi pour lui et sa famille\u201d<\/a>&nbsp;(Collectif)<\/p>\n\n\n\n<p><a href=\"https:\/\/www.ldh-france.org\/non-au-nouveau-projet-de-loi-sur-lasile-et-limmigration\/\" target=\"_blank\" rel=\"noreferrer noopener\">Non au nouveau projet de loi sur l\u2019asile et l\u2019immigration !<\/a>&nbsp;(LDH)<\/p>\n\n\n\n<p><strong>Monde<\/strong><\/p>\n\n\n\n<p><a href=\"https:\/\/radio-m.net\/gaza-38-journalistes-ont-ete-assassines-depuis-le-7-octobre\/\">Gaza : 38 journalistes ont \u00e9t\u00e9 assassin\u00e9s depuis le 7 octobre<\/a> (Radio M)<\/p>\n\n\n\n<p><strong><a href=\"https:\/\/radio-m.net\/blackout-impose-a-gaza-lappel-des-internautes-a-elon-musk-patron-de-x\/\">Blackout impos\u00e9 \u00e0 Gaza&nbsp;: l\u2019appel des internautes \u00e0 Elon Musk, patron de \u00ab&nbsp;X&nbsp;\u00bb<\/a><\/strong> (Radio M)<\/p>\n\n\n\n<p><a href=\"https:\/\/algeria-watch.org\/?p=89371\">La CPI rappelle que le blocage de l\u2019aide humanitaire peut constituer un \u00abcrime\u00bb<\/a> (El Watan)<\/p>\n\n\n\n<p><strong><a href=\"https:\/\/algeria-watch.org\/?p=89293\">Human Rights Watch accuse l\u2019arm\u00e9e isra\u00e9lienne d\u2019utiliser des bombes au phosphore<\/a><\/strong> (El Watan)<\/p>\n\n\n\n<p><a href=\"https:\/\/www.middleeasteye.net\/fr\/opinion-fr\/guerre-israel-palestine-biden-netanyahou-nettoyage-ethnique\">Guerre Isra\u00ebl-Palestine&nbsp;: Biden a-t-il perdu le contr\u00f4le de Netanyahou&nbsp;?<\/a> -David Hearst (MEE)<\/p>\n\n\n\n<p><a href=\"https:\/\/www.middleeasteye.net\/fr\/actu-et-enquetes\/guerre-israel-palestine-bombardement-camp-refugies-jabaliya-massacre\">Isra\u00ebl-Palestine : le bombardement du camp de r\u00e9fugi\u00e9s de Jabaliya, un \u00ab&nbsp;massacre&nbsp;\u00bb<\/a> (MEE)<\/p>\n\n\n\n<p><a href=\"https:\/\/www.middleeasteye.net\/fr\/actu-et-enquetes\/guerre-israel-palestine-cisjordanie-menaces-colons-enfants-deplacements-oliveraies-nakba\">Isra\u00ebl : des colons menacent les enfants de Cisjordanie avec des poup\u00e9es ensanglant\u00e9es<\/a> (MEE)<\/p>\n\n\n\n<figure class=\"wp-block-image size-full is-resized\"><img data-recalc-dims=\"1\" loading=\"lazy\" decoding=\"async\" width=\"527\" height=\"296\" src=\"https:\/\/i0.wp.com\/www.rdpemancipation.org\/wp-content\/uploads\/2023\/11\/image-1.png?resize=527%2C296&#038;ssl=1\" alt=\"\" class=\"wp-image-121809\" style=\"aspect-ratio:1.7804054054054055;width:447px;height:auto\" srcset=\"https:\/\/i0.wp.com\/www.rdpemancipation.org\/wp-content\/uploads\/2023\/11\/image-1.png?w=527&amp;ssl=1 527w, https:\/\/i0.wp.com\/www.rdpemancipation.org\/wp-content\/uploads\/2023\/11\/image-1.png?resize=300%2C169&amp;ssl=1 300w\" sizes=\"auto, (max-width: 527px) 100vw, 527px\" \/><\/figure>\n\n\n\n<p><a href=\"https:\/\/www.cadtm.org\/Quand-Einstein-appelait-fascistes-ceux-qui-gouvernent-Israel-depuis-44-ans\" target=\"_blank\" rel=\"noreferrer noopener\"><strong>Quand Einstein appelait \u00ab fascistes \u00bb ceux qui gouvernent Isra\u00ebl depuis 44 ans&#8230;<\/strong><\/a> (CADTM)<\/p>\n\n\n\n<p><mark style=\"background-color:rgba(0, 0, 0, 0);color:#ee0505\" class=\"has-inline-color\"><strong>1er novembre<\/strong><\/mark><\/p>\n\n\n\n<p><a><strong><mark style=\"background-color:rgba(0, 0, 0, 0)\" class=\"has-inline-color has-contrast-color\">France<\/mark><\/strong><\/a><\/p>\n\n\n\n<p><a href=\"https:\/\/go.ldh-france.org\/lnk\/AVcAACnjQXoAAcuJUYQAAG8yE-4AAVQQeZ0AHnIRAAi26gBlQSWN9BLYeW5MTsmufbCpZdPVuwAIRKs\/8\/J55bkl_XPebKND7lqBLvoQ\/aHR0cHM6Ly93d3cubGRoLWZyYW5jZS5vcmcvYXBwZWwtY29udHJlLWxpbW1pZ3JhdGlvbi1qZXRhYmxlLWV0LXBvdXItdW5lLXBvbGl0aXF1ZS1taWdyYXRvaXJlLWRhY2N1ZWlsLw\" target=\"_blank\" rel=\"noreferrer noopener\">Appel contre l\u2019immigration jetable et pour une politique migratoire d\u2019accueil<\/a> (LDH)<\/p>\n\n\n\n<p><a href=\"https:\/\/www.politis.fr\/articles\/2023\/11\/loi-darmanin-asile-immigration-la-menace-a-lordre-public-lepouvantail-de-linterieur\/\" target=\"_blank\" rel=\"noreferrer noopener\">Loi Darmanin : la \u00ab menace \u00e0 l\u2019ordre public \u00bb, l\u2019\u00e9pouvantail de l\u2019Int\u00e9rieur<\/a> (Politis)<\/p>\n\n\n\n<p><a href=\"https:\/\/lvsl.fr\/au-nom-du-peuple-francais-quelle-justice-sans-jury-populaire\/\" target=\"_blank\" rel=\"noreferrer noopener\">\u00ab Au nom du peuple fran\u00e7ais \u00bb : quelle justice sans jury populaire ?<\/a> (Le Vent Se L\u00e8ve)<\/p>\n\n\n\n<p><a href=\"https:\/\/www.mediapart.fr\/journal\/international\/011123\/liens-avec-la-russie-des-elus-du-rn-dans-le-viseur-de-la-dgsi\" target=\"_blank\" rel=\"noreferrer noopener\">Liens avec la Russie : des \u00e9lus du RN dans le viseur de la DGSI<\/a> (M\u00e9diapart)<\/p>\n\n\n\n<p><a href=\"https:\/\/www.politis.fr\/articles\/2023\/10\/ultragauche-lombre-de-tarnac-plane-sur-laffaire-du-8-decembre\/\" target=\"_blank\" rel=\"noreferrer noopener\">Ultragauche : l\u2019ombre de Tarnac plane sur \u00ab l\u2019affaire du 8 d\u00e9cembre \u00bb<\/a> (Politis)<\/p>\n\n\n\n<p><a href=\"https:\/\/api.indigo-net.com\/email\/RedirectionEmailing?mail=n.chevillard@noos.fr&amp;ID=563705&amp;DOCIID=109703480&amp;ENAIID=837712&amp;RETOUR=SIMPLE&amp;link=https:\/\/www.intelligenceonline.fr\/renseignement-d-affaires\/2023\/11\/01\/fillon-sarkozy-djebbari-le-drian-attali--les-politiques-en-retrait-de-la-ve-republique-se-ruent-a-riyad,110082302-eve?cxt=PUB&amp;utm_source=LMR&amp;utm_medium=email&amp;utm_campaign=AUTO_EDIT_SOM_PROS\" target=\"_blank\" rel=\"noreferrer noopener\">Les politiques \u00ab\u00a0en retrait\u00a0\u00bb de la Ve R\u00e9publique se ruent \u00e0 Riyad<\/a> (Intelligence Online)<\/p>\n\n\n\n<p><a href=\"https:\/\/api.indigo-net.com\/email\/RedirectionEmailing?mail=n.chevillard@noos.fr&amp;ID=563715&amp;DOCIID=109703480&amp;ENAIID=837722&amp;RETOUR=SIMPLE&amp;link=https:\/\/www.africaintelligence.fr\/afrique-ouest\/2023\/11\/01\/dans-les-coulisses-du-retrait-a-haut-risque-de-l-armee-francaise,110082419-eve?cxt=PUB&amp;utm_source=AIF&amp;utm_medium=email&amp;utm_campaign=AUTO_EDIT_SOM_PROS\" target=\"_blank\" rel=\"noreferrer noopener\">Dans les coulisses du retrait \u00e0 haut risque de l&rsquo;arm\u00e9e fran\u00e7aise du Niger<\/a> (Africa Intelligence)<\/p>\n\n\n\n<p><strong>Monde<\/strong><\/p>\n\n\n\n<p><a href=\"https:\/\/www.mediapart.fr\/journal\/international\/011123\/guerre-au-proche-orient-selon-msf-gaza-il-faut-des-centaines-de-camions-d-aide-humanitaire-par-jour\" target=\"_blank\" rel=\"noreferrer noopener\">Selon MSF \u00e0 Gaza, il faut \u00abdes centaines de camions d\u2019aide humanitaire par jour\u00bb<\/a> (M\u00e9diapart)<\/p>\n\n\n\n<p><a href=\"https:\/\/link.newsletter.franceculture.fr\/m\/ml\/7429\/833376\/fDIKpmxhkyRHwKw0KLSAQm9C5lXTLJmivm821gAfcU8=\/osjk4GXi5YzzRsiL0kIl9YXsLej-8svgUlzGwML6aIQ=\/\" target=\"_blank\" rel=\"noreferrer noopener\">Gaza&nbsp;: face au d\u00e9sastre humanitaire, l\u2019impuissance du droit international&nbsp;?<\/a> (France Culture)<\/p>\n\n\n\n<p><strong><a href=\"https:\/\/go.ldh-france.org\/lnk\/AVcAACnjQXoAAcuJUYQAAG8yE-4AAVQQeZ0AHnIRAAi26gBlQSWN9BLYeW5MTsmufbCpZdPVuwAIRKs\/1\/Rqbssgw4DlHm1XlA4tbS0g\/aHR0cHM6Ly93d3cubGRoLWZyYW5jZS5vcmcvc3RvcC1hLWxpbmh1bWFpbi1jZXNzZXotbGUtZmV1LWltbWVkaWF0LWxpYmVyYXRpb24tZGVzLW90YWdlcy1wcm90ZWN0aW9uLWRlcy1wb3B1bGF0aW9ucy1jaXZpbGVzLw\" target=\"_blank\" rel=\"noreferrer noopener\">Stop \u00e0 l\u2019inhumain. Cessez-le-feu imm\u00e9diat, lib\u00e9ration des otages, protection des populations civiles<\/a> <\/strong>(LDH)<\/p>\n\n\n\n<p><a href=\"https:\/\/www.acrimed.org\/D-Israel-a-Gaza-2-la-guerre-plutot-que-la-paix\" target=\"_blank\" rel=\"noreferrer noopener\">D&rsquo;Isra\u00ebl \u00e0 Gaza (2) : la guerre plut\u00f4t que la paix<\/a> (Acrimed)<\/p>\n\n\n\n<p><strong><a href=\"https:\/\/lvsl.fr\/likoud-et-hamas-histoire-dun-renforcement-mutuel\/\" target=\"_blank\" rel=\"noreferrer noopener\">Likoud et Hamas : histoire d\u2019un renforcement mutuel<\/a><\/strong> (Le Vent Se L\u00e8ve)<\/p>\n\n\n\n<p><a href=\"https:\/\/www.politis.fr\/articles\/2023\/11\/controle-social-chine-lempire-du-milieu-ne-fait-pas-les-choses-a-moitie\/\" target=\"_blank\" rel=\"noreferrer noopener\">Contr\u00f4le : l\u2019empire du Milieu ne fait pas les choses \u00e0 moiti\u00e9<\/a> (Politis)<\/p>\n\n\n\n<p><a href=\"https:\/\/lvsl.fr\/plus-keir-starmer-se-rapproche-du-pouvoir-plus-le-labour-seloigne-du-monde-du-travail\/\" target=\"_blank\" rel=\"noreferrer noopener\">Plus Keir Starmer se rapproche du pouvoir, plus le Labour s\u2019\u00e9loigne du monde du travail<\/a> (Le Vent Se L\u00e8ve)<\/p>\n\n\n\n<p><a href=\"https:\/\/www.monde-diplomatique.fr\/2023\/11\/RICHARD\/66289\" target=\"_blank\" rel=\"noreferrer noopener\">Loin du front, la soci\u00e9t\u00e9 ukrainienne coup\u00e9e en deux<\/a> (Le Monde diplomatique)<\/p>\n\n\n\n<p><strong>Analyse<\/strong><\/p>\n\n\n\n<p><a href=\"https:\/\/histoirecoloniale.net\/Aux-origines-coloniales-de-la-question-palestinienne-par-Gilbert-Meynier.html\" target=\"_blank\" rel=\"noreferrer noopener\">Aux origines coloniales de la question palestinienne, par Gilbert Meynier<\/a> (Histoire coloniale)<\/p>\n\n\n\n<p><a href=\"https:\/\/www.lemonde.fr\/idees\/article\/2023\/10\/31\/l-ecrivaine-libanaise-dominique-edde-sur-la-guerre-israel-hamas-le-recours-au-nous-contre-eux-signe-fatalement-le-debut-de-l-obscurantisme-et-de-la-cecite_6197490_3232.html\" target=\"_blank\" rel=\"noreferrer noopener\">Le \u2018nous contre eux\u2019 signe fatalement le d\u00e9but de l\u2019obscurantisme et de la c\u00e9cit\u00e9<\/a> (Tribune de l\u2019\u00e9crivaine libanaise Dominique Edd\u00e9)<\/p>\n\n\n\n<p><a href=\"https:\/\/aoc.media\/opinion\/2023\/10\/31\/le-spectre-dun-genocide-a-gaza\/\">Le spectre d\u2019un g\u00e9nocide \u00e0 Gaza<\/a> -Didier Fassin (AOC)<\/p>\n\n\n\n<p><a href=\"https:\/\/www.lemediatv.fr\/emissions\/2023\/israel-antisemitisme-antisionisme-la-grande-hypocrisie-AhKcQ5ifRNGKGySKJbWx5A\" target=\"_blank\" rel=\"noreferrer noopener\">Isra\u00ebl, antis\u00e9mitisme, antisionisme : la grande hypocrisie<\/a> (Le M\u00e9dia)<\/p>\n\n\n\n<p><strong><a href=\"https:\/\/www.frustrationmagazine.fr\/desespoir\/\" target=\"_blank\" rel=\"noreferrer noopener\">D\u00e9sespoirs<\/a><\/strong> (Frustration)<\/p>\n\n\n\n<p><\/p>\n","protected":false},"excerpt":{"rendered":"<p>30 novembre France Appel \u00e0 mobilisation g\u00e9n\u00e9rale contre la loi Darmanin \u2013 Manifestations dans tout le pays le 18 d\u00e9cembre\u00a0\u00a0(Aplutsoc) Six ans et demi en Macronie : 18 condamnations, 7 mises en examen et 13 enqu\u00eates en cours&nbsp;(Regards) R\u00e9forme des grands corps&nbsp;: le grand enfumage de Macron&nbsp;? (LVSL) Violences polici\u00e8res : des versions officielles trop &#8230; <a title=\"Novembre &#8211; Politique\" class=\"read-more\" href=\"https:\/\/www.rdpemancipation.org\/?p=121752\" aria-label=\"En savoir plus sur Novembre &#8211; Politique\">Lire la suite<\/a><\/p>\n","protected":false},"author":1,"featured_media":0,"comment_status":"closed","ping_status":"closed","sticky":false,"template":"","format":"standard","meta":{"_lmt_disableupdate":"","_lmt_disable":"","_jetpack_memberships_contains_paid_content":false,"footnotes":""},"categories":[6],"tags":[],"class_list":["post-121752","post","type-post","status-publish","format-standard","hentry","category-politique"],"modified_by":"nch","jetpack_featured_media_url":"","jetpack_sharing_enabled":true,"_links":{"self":[{"href":"https:\/\/www.rdpemancipation.org\/index.php?rest_route=\/wp\/v2\/posts\/121752","targetHints":{"allow":["GET"]}}],"collection":[{"href":"https:\/\/www.rdpemancipation.org\/index.php?rest_route=\/wp\/v2\/posts"}],"about":[{"href":"https:\/\/www.rdpemancipation.org\/index.php?rest_route=\/wp\/v2\/types\/post"}],"author":[{"embeddable":true,"href":"https:\/\/www.rdpemancipation.org\/index.php?rest_route=\/wp\/v2\/users\/1"}],"replies":[{"embeddable":true,"href":"https:\/\/www.rdpemancipation.org\/index.php?rest_route=%2Fwp%2Fv2%2Fcomments&post=121752"}],"version-history":[{"count":60,"href":"https:\/\/www.rdpemancipation.org\/index.php?rest_route=\/wp\/v2\/posts\/121752\/revisions"}],"predecessor-version":[{"id":122817,"href":"https:\/\/www.rdpemancipation.org\/index.php?rest_route=\/wp\/v2\/posts\/121752\/revisions\/122817"}],"wp:attachment":[{"href":"https:\/\/www.rdpemancipation.org\/index.php?rest_route=%2Fwp%2Fv2%2Fmedia&parent=121752"}],"wp:term":[{"taxonomy":"category","embeddable":true,"href":"https:\/\/www.rdpemancipation.org\/index.php?rest_route=%2Fwp%2Fv2%2Fcategories&post=121752"},{"taxonomy":"post_tag","embeddable":true,"href":"https:\/\/www.rdpemancipation.org\/index.php?rest_route=%2Fwp%2Fv2%2Ftags&post=121752"}],"curies":[{"name":"wp","href":"https:\/\/api.w.org\/{rel}","templated":true}]}}