{"id":121750,"date":"2023-11-01T15:35:18","date_gmt":"2023-11-01T14:35:18","guid":{"rendered":"https:\/\/www.rdpemancipation.org\/?p=121750"},"modified":"2023-11-27T19:45:44","modified_gmt":"2023-11-27T18:45:44","slug":"novembre-economie-3","status":"publish","type":"post","link":"https:\/\/www.rdpemancipation.org\/?p=121750","title":{"rendered":"Novembre &#8211; \u00c9conomie"},"content":{"rendered":"\n<p><mark style=\"background-color:rgba(0, 0, 0, 0);color:#ee0505\" class=\"has-inline-color\"><strong>27 novembre<\/strong><\/mark><\/p>\n\n\n\n<p><strong>France<a><\/a><a><\/a><a><\/a><\/strong><\/p>\n\n\n\n<p><a href=\"https:\/\/www.mediapart.fr\/journal\/france\/271123\/thales-s-est-offert-un-membre-du-conseil-de-l-agence-francaise-anticorruption\" target=\"_blank\" rel=\"noreferrer noopener\">Thales s\u2019est offert un membre du conseil de l\u2019Agence fran\u00e7aise anticorruption<\/a>&nbsp;(M\u00e9diapart)<\/p>\n\n\n\n<p><a href=\"https:\/\/reporterre.net\/Privatisation-du-fret-SNCF-On-fait-tout-pour-couler-le-ferroviaire\" target=\"_blank\" rel=\"noreferrer noopener\"><strong>Privatisation du fret SNCF\u00a0: \u00abOn fait tout pour couler le ferroviaire\u00bb<\/strong><\/a> (Reporterre)<\/p>\n\n\n\n<p><a href=\"https:\/\/www.alternatives-economiques.fr\/5-crises-logement\/00108756\" target=\"_blank\" rel=\"noreferrer noopener\">Les 5 crises du logement<\/a>&nbsp;(Alter \u00e9co)<\/p>\n\n\n\n<p><a href=\"https:\/\/www.francetvinfo.fr\/economie\/emploi\/chomage\/assurance-chomage-le-gouvernement-a-decide-de-ne-pas-agreer-en-l-etat-la-nouvelle-convention-trouvee-entre-les-partenaires-sociaux_6209547.html\">Assurance-ch\u00f4mage&nbsp;: le gouvernement n&rsquo;approuve pas la nouvelle convention entre les partenaires sociaux<\/a> (France Info)<\/p>\n\n\n\n<p><a href=\"https:\/\/www.boursorama.com\/actualite-economique\/actualites\/fibre-optique-400-personnes-a-calais-contre-la-fermeture-de-prysmian-draka-dbbf11f7b1ed03edd20b19b99c05db6b\">Fibre optique : 400 personnes \u00e0 Calais contre la fermeture de Prysmian-Draka<\/a> (Boursorama)&nbsp;&nbsp;<\/p>\n\n\n\n<p><a href=\"https:\/\/www.boursorama.com\/actualite-economique\/actualites\/la-france-souhaite-un-accord-d-ici-janvier-pour-sauver-le-secteur-du-nickel-en-nouvelle-caledonie-9909180fd7fd47f610a2c99f243ace37\">La France souhaite un accord d&rsquo;ici janvier pour sauver le secteur du nickel en Nouvelle-Cal\u00e9donie<\/a> (Reuters)<\/p>\n\n\n\n<p><a href=\"https:\/\/www.ldh-france.org\/la-france-soutient-elle-la-reprise-des-negociations-ue-mercosur\/\" target=\"_blank\" rel=\"noreferrer noopener\">La France soutient-elle la reprise des n\u00e9gociations UE-Mercosur ?<\/a>&nbsp;(LDH)<\/p>\n\n\n\n<p><a href=\"https:\/\/theconversation.com\/en-france-une-taxation-des-terres-agricoles-qui-favorise-leur-artificialisation-216194\">En France, une taxation des terres agricoles qui favorise leur artificialisation<\/a> (The Conversation)<\/p>\n\n\n\n<p><strong>Monde<\/strong><\/p>\n\n\n\n<p><a href=\"https:\/\/www.boursorama.com\/actualite-economique\/actualites\/volkswagen-pret-a-supprimer-des-postes-pour-retrouver-la-rentabilite-96f5cbb9d7334e6d0b5f26f30a9504fb\">Volkswagen pr\u00eat \u00e0 supprimer des postes pour retrouver la rentabilit\u00e9<\/a> (Boursorama)&nbsp;&nbsp;<\/p>\n\n\n\n<p><a href=\"https:\/\/www.boursorama.com\/videos\/actualites\/cop28-la-consommation-d-energies-fossiles-bat-des-records-4d3e5ded1725157dbcd032820687a2f5\">COP28 : la consommation d&rsquo;\u00e9nergies fossiles bat des records<\/a> (France 24)<\/p>\n\n\n\n<p><a href=\"https:\/\/alencontre.org\/ecologie\/cop28-a-dubai-en-plus-du-sultan-il-y-aura-la-cohorte-des-lobbyistes.html\">COP28 : \u00e0 Duba\u00ef, en plus du sultan, il y aura la cohorte des lobbyistes&nbsp;<\/a> (A l\u2019encontre)<\/p>\n\n\n\n<p><a href=\"https:\/\/www.francetvinfo.fr\/monde\/environnement\/cop\/le-president-de-la-cop28-accuse-d-avoir-voulu-utiliser-son-role-a-la-conference-climatique-pour-conclure-des-marches-dans-les-energies-fossiles_6209373.html\"><strong>Le pr\u00e9sident de la COP28 accus\u00e9 d&rsquo;utiliser sa fonction pour conclure des march\u00e9s dans les \u00e9nergies fossiles<\/strong><\/a>(France Info)<\/p>\n\n\n\n<p><a href=\"https:\/\/www.cadtm.org\/Comprendre-le-systeme-d-endettement-et-les-alternatives-pour-les-pays-du-Sud\" target=\"_blank\" rel=\"noreferrer noopener\">\u00ab Comprendre le syst\u00e8me d&rsquo;endettement et les alternatives pour les pays du Sud \u00bb<\/a>&nbsp;(CADTM<\/p>\n\n\n\n<p><a href=\"https:\/\/www.middleeasteye.net\/fr\/reportages\/guerre-israel-palestine-cisjordanie-attaques-colons-restrictions-paralysent-economie\">En Cisjordanie, les attaques de colons et les restrictions isra\u00e9liennes paralysent l\u2019\u00e9conomie<\/a> (MEE)<\/p>\n\n\n\n<p><strong>Analyse<\/strong><\/p>\n\n\n\n<p><a href=\"https:\/\/www.alternatives-economiques.fr\/blanche-segrestin\/gouvernance-adopter-on-se-donne-une-mission-lecons-de-laffa\/00108707\" target=\"_blank\" rel=\"noreferrer noopener\">Quelle gouvernance adopter quand on se donne une mission ? Les le\u00e7ons de l&rsquo;affaire OpenAI<\/a>&nbsp;(Alter \u00e9co)<\/p>\n\n\n\n<p><a href=\"https:\/\/reporterre.net\/L-industrie-petrogaziere-devrait-dedier-50-de-ses-investissements-aux-energies-propres\" target=\"_blank\" rel=\"noreferrer noopener\">L&rsquo;industrie p\u00e9trogazi\u00e8re devrait d\u00e9dier 50&nbsp;% de ses investissements aux \u00e9nergies propres<\/a>&nbsp;(Reporterre)<\/p>\n\n\n\n<p><a href=\"https:\/\/www.alternatives-economiques.fr\/neutralite-carbone-promesses-compagnies-petrolieres-nengagent\/00108273\" target=\"_blank\" rel=\"noreferrer noopener\">Neutralit\u00e9 carbone : les promesses des compagnies p\u00e9troli\u00e8res n&rsquo;engagent que ceux qui y croient<\/a>&nbsp;(Alter \u00e9co)<\/p>\n\n\n\n<p><strong><a href=\"https:\/\/www.alternatives-economiques.fr\/acteurs-financiers-nont-disparaitre-grandes-familles-ca\/00108819\" target=\"_blank\" rel=\"noreferrer noopener\">\u00ab Les acteurs financiers n\u2019ont pas fait dispara\u00eetre les grandes familles capitalistes \u00bb<\/a>\u00a0<\/strong>(Alter \u00e9co)<\/p>\n\n\n\n<p><mark style=\"background-color:rgba(0, 0, 0, 0);color:#ee0505\" class=\"has-inline-color\"><strong>24 novembre<\/strong><\/mark><\/p>\n\n\n\n<p><strong>France<\/strong><\/p>\n\n\n\n<p><a href=\"https:\/\/www.alternatives-economiques.fr\/aux-sources-de-puissance-de-bernard-arnault\/00108818\" target=\"_blank\" rel=\"noreferrer noopener\">Aux sources de la puissance de Bernard Arnault<\/a>&nbsp;(Alter \u00e9co)<\/p>\n\n\n\n<figure class=\"wp-block-image size-full is-resized\"><img data-recalc-dims=\"1\" loading=\"lazy\" decoding=\"async\" width=\"522\" height=\"259\" src=\"https:\/\/i0.wp.com\/www.rdpemancipation.org\/wp-content\/uploads\/2023\/11\/image-14.png?resize=522%2C259&#038;ssl=1\" alt=\"\" class=\"wp-image-122631\" style=\"aspect-ratio:2.0154440154440154;width:445px;height:auto\" srcset=\"https:\/\/i0.wp.com\/www.rdpemancipation.org\/wp-content\/uploads\/2023\/11\/image-14.png?w=522&amp;ssl=1 522w, https:\/\/i0.wp.com\/www.rdpemancipation.org\/wp-content\/uploads\/2023\/11\/image-14.png?resize=300%2C149&amp;ssl=1 300w\" sizes=\"auto, (max-width: 522px) 100vw, 522px\" \/><\/figure>\n\n\n\n<p><a href=\"https:\/\/www.alternatives-economiques.fr\/charbon-distribution-medias-fulgurante-ascension-de-daniel-kretinsky\/00108713\" target=\"_blank\" rel=\"noreferrer noopener\">Charbon, distribution, m\u00e9dias : la fulgurante ascension de Daniel Kretinsky<\/a>&nbsp;(Alter \u00e9co)<\/p>\n\n\n\n<p><strong><a href=\"https:\/\/reporterre.net\/Le-gouvernement-veut-donner-plus-d-argent-aux-agro-industriels\" target=\"_blank\" rel=\"noreferrer noopener\">Le gouvernement veut donner plus d&rsquo;argent aux agro-industriels<\/a>&nbsp;<\/strong>(Reporterre)<\/p>\n\n\n\n<p><a href=\"https:\/\/www.boursorama.com\/actualite-economique\/actualites\/france-les-creations-d-entreprises-ont-recule-a-nouveau-en-octobre-dc7a72f793c38dbcc8a4d5bd11a70c50\">Les cr\u00e9ations d&rsquo;entreprises ont recul\u00e9 \u00e0 nouveau en octobre<\/a> (Boursorama)&nbsp;&nbsp;<\/p>\n\n\n\n<p><a href=\"https:\/\/www.observationsociete.fr\/modes-de-vie\/logement-modevie\/precaires-de-lenergie\/\">La pr\u00e9carit\u00e9 \u00e9nerg\u00e9tique est stable, jusqu\u2019\u00e0 quand ?<\/a><a> (Centre d\u2019observation de la soci\u00e9t\u00e9)<\/a><\/p>\n\n\n\n<p><a href=\"https:\/\/www.observationsociete.fr\/revenus\/inegalites-revenus\/comment-evoluent-les-inegalites-de-revenu-2\/\">Revenus : des in\u00e9galit\u00e9s qui s\u2019accroissent<\/a> (Centre d\u2019observation de la soci\u00e9t\u00e9)<\/p>\n\n\n\n<p><a href=\"https:\/\/www.boursorama.com\/actualite-economique\/actualites\/eolien-terrestre-une-cinquantaine-de-parcs-supplementaires-attribues-les-projets-repartent-3cbcbf1167be3155b69f649f26758a98\">Eolien terrestre : une cinquantaine de parcs suppl\u00e9mentaires attribu\u00e9s, les projets repartent<\/a> (Boursorama)&nbsp;&nbsp;<\/p>\n\n\n\n<p><a href=\"https:\/\/redirection.b2b.infopro-digital.com\/lnk\/AWMAACxkjBUAAcXFRNYAAHnKuI0AAABZQUUAANzvAAwsSQBlX5ZvRwn2cGFhTC6NSduGNGyYtAAMCy8\/4\/5TzT-Zrq70ay1WNphpLdLQ\/aHR0cHM6Ly93d3cudXNpbmVub3V2ZWxsZS5jb20vYXJ0aWNsZS9wcmVzLWQtYXJjYWNob24tdmVybWlsaW9uLXBsYW5pZmllLXNlcy1wcm9jaGFpbnMtcHVpdHMtZC1leHRyYWN0aW9uLWRlLXBldHJvbGUtZW4tZnJhbmNlLWV0LXNlLWNoZXJjaGUtdW4tYXZlbmlyLk4yMTk3OTYzP3V0bV9zb3VyY2U9bmV3c2xldHRlciZ1dG1fbWVkaXVtPWVtYWlsJnV0bV9jYW1wYWlnbj1pbmZvX2xhLXF1b3RpZGllbm5lJmVtYWlsPTIwNDMzMjg2NTMmaWRiZGQ9NTY1NTk\" target=\"_blank\" rel=\"noreferrer noopener\">Pr\u00e8s d\u2019Arcachon, Vermilion planifie ses prochains puits d\u2019extraction de p\u00e9trole en France<\/a> (Usine Nouvelle)<\/p>\n\n\n\n<p><strong>Monde<\/strong><\/p>\n\n\n\n<p><a href=\"https:\/\/www.mediapart.fr\/journal\/economie-et-social\/231123\/openai-le-fracassant-retour-de-sam-altman\" target=\"_blank\" rel=\"noreferrer noopener\">OpenAI : le fracassant retour de Sam Altman<\/a>&nbsp; -Martine Orange (M\u00e9diapart)<\/p>\n\n\n\n<p><a href=\"https:\/\/www.boursorama.com\/actualite-economique\/actualites\/allemagne-le-recul-du-pib-confirme-au-t3-b6b5a0c719d624ae4c4043b8c872b7d3\">Allemagne : Le recul du PIB confirm\u00e9 au T3<\/a> (Reuters)<\/p>\n\n\n\n<p><a href=\"https:\/\/www.mediapart.fr\/journal\/international\/231123\/l-allemagne-fait-face-une-grave-crise-budgetaire\" target=\"_blank\" rel=\"noreferrer noopener\">L\u2019Allemagne fait face \u00e0 une grave crise budg\u00e9taire<\/a>&nbsp; -Romaric Godin (M\u00e9diapart)<\/p>\n\n\n\n<p><a href=\"https:\/\/www.boursorama.com\/actualite-economique\/actualites\/de-l-equateur-au-zimbabwe-lecons-de-la-dollarisation-pour-l-argentine-58ec63715aae3ad6588509d55c8c3dad\">De l&rsquo;Equateur au Zimbabwe, le\u00e7ons de la dollarisation pour l&rsquo;Argentine<\/a> (Reuters)<\/p>\n\n\n\n<p><a href=\"https:\/\/www.boursorama.com\/actualite-economique\/actualites\/russie-en-difficulte-gazprom-prevoit-des-investissements-en-baisse-de-20-en-2024-05085c1902d512dbc02860efc7c53601\">Russie : en difficult\u00e9, Gazprom pr\u00e9voit des investissements en baisse de 20% en 2024<\/a> (Boursorama)&nbsp;&nbsp;<\/p>\n\n\n\n<p><a href=\"https:\/\/www.boursorama.com\/actualite-economique\/actualites\/les-femmes-fondatrices-n-obtiennent-qu-une-infime-partie-des-fonds-de-capital-risque-selon-un-rapport-a7843503c9fe4449a9189c8cf562f7a6\">Les femmes fondatrices n&rsquo;obtiennent qu&rsquo;une infime partie des fonds de capital-risque<\/a> (Reuters)<\/p>\n\n\n\n<p><strong>Analyse<\/strong><\/p>\n\n\n\n<p><a href=\"https:\/\/www.boursorama.com\/videos\/actualites\/jean-luc-tavernier-dg-de-l-insee-alors-que-le-choc-inflationniste-se-dissipe-le-climat-des-affaires-s-assombrit-4061a77803764c278bd785f0daa607cc\">Jean-Luc Tavernier (Insee) : \u00ab\u00a0Alors que le choc inflationniste se dissipe, le climat des affaires s&rsquo;assombrit !\u00a0\u00bb<\/a> (Ecorama)&nbsp;&nbsp;<\/p>\n\n\n\n<p><a href=\"https:\/\/www.alternatives-economiques.fr\/30-daugmentation-3-ans-patrons-cac-40-3-autres-infograp\/00108702\" target=\"_blank\" rel=\"noreferrer noopener\">30 % d&rsquo;augmentation en 3 ans pour les patrons du CAC 40 et 3 autres infographies \u00e0 ne pas rater<\/a>&nbsp;(Alter \u00e9co)<\/p>\n\n\n\n<p><a href=\"https:\/\/www.connaissancedesenergies.org\/tribune-actualite-energies\/cop28-et-le-desinvestissement-des-fossiles-laie-met-les-points-sur-les-i\"><strong>COP28 et le d\u00e9sinvestissement des fossiles : l\u2019AIE met les points sur les \u00ab i \u00bb<\/strong><\/a> (Connaissance des \u00e9nergies)&nbsp;<\/p>\n\n\n\n<p><mark style=\"background-color:rgba(0, 0, 0, 0);color:#ee0505\" class=\"has-inline-color\"><strong>23 novembre<\/strong><\/mark><\/p>\n\n\n\n<p><strong>France<\/strong><\/p>\n\n\n\n<p><a href=\"https:\/\/fajabce.r.af.d.sendibt2.com\/tr\/cl\/y1-jRi4f8siWrGwEEaV8-oVHeg8YIMIcsU-L1Mp8fTymt99u94fqPgSYiWe3mkGYqG4indNzZHjOC8pG6gH8Rc2rTFgb3j5I3TKBzi5RTO5aAEH6ois_QrU_C481qfJZahoDnCZMZ8pXsIUoEHeK6FW35LEOFrZVLDOZNFd1_kV7xxVGXQvvx1wJ8KDtHxAQI1JMIj7HW91YWUaHHlCU1LA_g4061PCD9wS7U0jRqnyflpYbXboOSpEPmLSRpTn0gHrPYezpGlWaVKugpixfxnzzUqXKlaLN73jJZyx6GxU9ZmhOw6YQ9vqato-bBgxPJIy45hx7wMPJhEDRDGGKrD4mc3ZFcW2Q1-AsTfWIw2QPe9QnmhpXGCu_e53oBzlG-am2QcJhPKqCxp5r0Ndn\" target=\"_blank\" rel=\"noreferrer noopener\">Les bonnes affaires de C\u00e9dric O, ex-secr\u00e9taire d\u2019\u00c9tat<\/a> (Observatoire des multinationales)<\/p>\n\n\n\n<p><a href=\"https:\/\/www.francetvinfo.fr\/economie\/emploi\/chomage\/assurance-chomage-bruno-le-maire-veut-aligner-la-duree-d-indemnisation-des-seniors-sur-celle-les-autres-chomeurs_6201414.html\">Assurance-ch\u00f4mage : Bruno Le Maire souhaite r\u00e9duire la dur\u00e9e d&rsquo;indemnisation des ch\u00f4meurs de plus de 55 ans<\/a> (France Info)<\/p>\n\n\n\n<p><a href=\"https:\/\/www.greenpeace.fr\/espace-presse\/poursuite-baillon-de-totalenergies-greenpeace-demande-la-condamnation-de-la-major-petro-gaziere-pour-procedure-abusive\/\" target=\"_blank\" rel=\"noreferrer noopener\">Poursuite-b\u00e2illon de TotalEnergies : Greenpeace demande une condamnation pour proc\u00e9dure abusive<\/a>&nbsp;(Greenpeace)<\/p>\n\n\n\n<p><a href=\"https:\/\/disclose.ngo\/fr\/article\/mine-de-lithium-dans-lallier-le-rapport-qui-devoile-une-bombe-toxique\"><strong>Mine de lithium dans l\u2019Allier : le rapport qui d\u00e9voile une bombe toxique<\/strong><\/a> (Disclose)<\/p>\n\n\n\n<p><a href=\"https:\/\/redirection.b2b.infopro-digital.com\/lnk\/AUgAACy1GvMAAcXFREAAAHnKuI0AAABZQUUAANz4AAwsSQBlXx2rDCCtKHPxTsmF8FYNgUHlsgAMCy8\/3\/k0aOUfmNmPBUH5JEaMIJIw\/aHR0cHM6Ly93d3cudXNpbmVub3V2ZWxsZS5jb20vYXJ0aWNsZS9ub3ZvLW5vcmRpc2staW52ZXN0aXQtMi0xLW1pbGxpYXJkcy1kLWV1cm9zLWEtY2hhcnRyZXMtZXQtYW5ub25jZS01MDAtZW1wbG9pcy5OMjE5Nzc1Mz91dG1fc291cmNlPW5ld3NsZXR0ZXImdXRtX21lZGl1bT1lbWFpbCZ1dG1fY2FtcGFpZ249aW5mb19mbGFzaCZlbWFpbD0yMDQzMzI4NjUzJmlkYmRkPTU2NTY4\" target=\"_blank\" rel=\"noreferrer noopener\">Novo Nordisk investit 2,1 milliards \u20ac \u00e0 Chartres et annonce 500 emplois<\/a> (Usine Nouvelle)<\/p>\n\n\n\n<p><a href=\"https:\/\/redirection.b2b.infopro-digital.com\/lnk\/AVUAACzfPRYAAcXFQ0AAAHnKuI0AAABZQUUAANzvAAwsSQBlXPRbw-bY77-9QLWu31Q0ffzBugAMCy8\/17\/jvVqiMVQv74QMdPlphCBfw\/aHR0cHM6Ly93d3cudXNpbmVub3V2ZWxsZS5jb20vYXJ0aWNsZS9wb3VyLWxhLW1vZGVybmlzYXRpb24tZHUtcmVzZWF1LWMtZXN0LWxhLXNuY2YtcXVpLXZhLXBhc3Nlci1hLWxhLWNhaXNzZS5OMjE5Njg0Mz91dG1fc291cmNlPW5ld3NsZXR0ZXImdXRtX21lZGl1bT1lbWFpbCZ1dG1fY2FtcGFpZ249aW5mb19sYS1xdW90aWRpZW5uZSZlbWFpbD0yMDQzMzI4NjUzJmlkYmRkPTU2NTU5\" target=\"_blank\" rel=\"noreferrer noopener\">Pour le r\u00e9seau, c&rsquo;est la SNCF qui va passer \u00e0 la caisse<\/a> (Usine Nouvelle)<\/p>\n\n\n\n<p><a href=\"https:\/\/redirection.b2b.infopro-digital.com\/lnk\/AWkAAC7okRQAAcXFQ3QAAHnKuI0AAABZQTkAANzxAAwsSQBlXa6KWmrbps3fT26A0qBrrs6AUQAMCy8\/14\/vzuapm4-bAsEOcX_zM33ww\/aHR0cHM6Ly93d3cudXNpbmUtZGlnaXRhbGUuZnIvYXJ0aWNsZS9wb3VyLXNlLWRlc2VuZGV0dGVyLWFsdGljZS1yZXZlbmQtc2VzLWRhdGEtY2VudGVycy1lbi1mcmFuY2UuTjIxOTcwNDM_dXRtX3NvdXJjZT1uZXdzbGV0dGVyJnV0bV9tZWRpdW09ZW1haWwmdXRtX2NhbXBhaWduPWluZm9fdWQtcXVvdGlkaWVubmUmZW1haWw9MjA0MzMyODY1MyZpZGJkZD01NjU2MQ\" target=\"_blank\" rel=\"noreferrer noopener\">Pour se d\u00e9sendetter, Altice revend ses data centers en France<\/a> (Usine Digitale)<\/p>\n\n\n\n<p><strong><a href=\"https:\/\/www.economiematin.fr\/cac40-salaire-augmentation-2022-inegalites\">CAC40&nbsp;: les patrons pay\u00e9s 320 ann\u00e9es de SMIC en moyenne en 2022<\/a><\/strong>&nbsp;(Economie matin)<\/p>\n\n\n\n<p><strong>Monde<\/strong><\/p>\n\n\n\n<p><a href=\"https:\/\/courrierdeuropecentrale.fr\/les-transporteurs-polonais-font-barrage-a-la-concurrence-ukrainienne-cest-de-la-concurrence-deloyale\/\" target=\"_blank\" rel=\"noreferrer noopener\">Les transporteurs polonais font barrage \u00e0 la concurrence ukrainienne : \u00abIls nous prennent notre travail !\u00bb&nbsp;<\/a> (Le Courrier d\u2019Europe centrale)<\/p>\n\n\n\n<p><a href=\"https:\/\/www.alterpresse68.info\/2023\/11\/23\/le-parlement-de-strasbourg-ratifie-limportation-de-viandes-laits-fromages-beurres-pommes-et-kiwis-en-provenance-de-nouvelle-zelande\/\" target=\"_blank\" rel=\"noreferrer noopener\">Le Parlement de Strasbourg ratifie l\u2019importation de viande, lait, fromage, beurre (etc.) de Nouvelle-Z\u00e9lande<\/a> (L\u2019Alterpresse68)<\/p>\n\n\n\n<p><a href=\"https:\/\/redirection.b2b.infopro-digital.com\/lnk\/AVUAACzfPRYAAcXFQ0AAAHnKuI0AAABZQUUAANzvAAwsSQBlXPRbw-bY77-9QLWu31Q0ffzBugAMCy8\/14\/T_9by_j2DhBS7Sktdcn_tA\/aHR0cHM6Ly93d3cudXNpbmVub3V2ZWxsZS5jb20vYXJ0aWNsZS9sZS1nZWFudC1jaGlub2lzLWNhdGwtcG91cnJhaXQtbGl2cmVyLWRlcy1iYXR0ZXJpZXMtbGZwLXBvdXItc3RlbGxhbnRpcy1lbi1ldXJvcGUuTjIxOTY5Mjg_dXRtX3NvdXJjZT1uZXdzbGV0dGVyJnV0bV9tZWRpdW09ZW1haWwmdXRtX2NhbXBhaWduPWluZm9fbGEtcXVvdGlkaWVubmUmZW1haWw9MjA0MzMyODY1MyZpZGJkZD01NjU1OQ\" target=\"_blank\" rel=\"noreferrer noopener\">Le g\u00e9ant chinois CATL pourrait livrer des batteries LFP pour Stellantis en Europe<\/a> (Usine Nouvelle)<\/p>\n\n\n\n<p><a href=\"https:\/\/redirection.b2b.infopro-digital.com\/lnk\/AWkAAC7okRQAAcXFQ3QAAHnKuI0AAABZQTkAANzxAAwsSQBlXa6KWmrbps3fT26A0qBrrs6AUQAMCy8\/27\/COmzYA8qekzgBxnmLxh4kQ\/aHR0cHM6Ly93d3cudXNpbmUtZGlnaXRhbGUuZnIvYXJ0aWNsZS9hdS1yb3lhdW1lLXVuaS1sZXMtbGl2cmV1cnMtZGUtZGVsaXZlcm9vLW4tb2J0aWVubmVudC1wYXMtbGUtZHJvaXQtZGUtZm9ybWVyLXVuLXN5bmRpY2F0Lk4yMTk3MjQzP3V0bV9zb3VyY2U9bmV3c2xldHRlciZ1dG1fbWVkaXVtPWVtYWlsJnV0bV9jYW1wYWlnbj1pbmZvX3VkLXF1b3RpZGllbm5lJmVtYWlsPTIwNDMzMjg2NTMmaWRiZGQ9NTY1NjE\" target=\"_blank\" rel=\"noreferrer noopener\">Au Royaume-Uni, les livreurs de Deliveroo n&rsquo;obtiennent pas le droit de former un syndicat<\/a> (Usine Digitale)<\/p>\n\n\n\n<p><a href=\"https:\/\/redirection.b2b.infopro-digital.com\/lnk\/AWQAAC9kzdQAAcXFRCYAAHnKuI0AAABZQTkAANzxAAwsSQBlXvxz8sQMkrLGQQa9Ons3W17ndwAMCy8\/10\/4Ptk8LMbs0FA8aH1X-wujw\/aHR0cHM6Ly93d3cudXNpbmUtZGlnaXRhbGUuZnIvYXJ0aWNsZS9zYW0tYWx0bWFuLXZhLXJldmVuaXItYS1sYS10ZXRlLWQtb3BlbmFpLWFjY29tcGFnbmUtZC11bi1ub3V2ZWF1LWNvbnNlaWwtZC1hZG1pbmlzdHJhdGlvbi5OMjE5NzM4Mz91dG1fc291cmNlPW5ld3NsZXR0ZXImdXRtX21lZGl1bT1lbWFpbCZ1dG1fY2FtcGFpZ249aW5mb191ZC1xdW90aWRpZW5uZSZlbWFpbD0yMDQzMzI4NjUzJmlkYmRkPTU2NTYx\" target=\"_blank\" rel=\"noreferrer noopener\">Sam Altman va revenir \u00e0 la t\u00eate d&rsquo;OpenAI accompagn\u00e9 d&rsquo;un nouveau conseil d&rsquo;administration<\/a><a> <\/a>(Usine Digitale)<\/p>\n\n\n\n<p><a href=\"https:\/\/redirection.b2b.infopro-digital.com\/lnk\/AWQAAC9kzdQAAcXFRCYAAHnKuI0AAABZQTkAANzxAAwsSQBlXvxz8sQMkrLGQQa9Ons3W17ndwAMCy8\/31\/bmK2XpVAScOoj02raZTUvg\/aHR0cHM6Ly93d3cudXNpbmUtZGlnaXRhbGUuZnIvYXJ0aWNsZS9sZXMtdmVudGVzLWRlLXNtYXJ0cGhvbmVzLW9udC1hdWdtZW50ZS1lbi1vY3RvYnJlLXBvdXItbGEtcHJlbWllcmUtZm9pcy1kZXB1aXMtcGx1cy1kZS1kZXV4LWFucy5OMjE5NzY0Mz91dG1fc291cmNlPW5ld3NsZXR0ZXImdXRtX21lZGl1bT1lbWFpbCZ1dG1fY2FtcGFpZ249aW5mb191ZC1xdW90aWRpZW5uZSZlbWFpbD0yMDQzMzI4NjUzJmlkYmRkPTU2NTYx\" target=\"_blank\" rel=\"noreferrer noopener\">Les ventes de smartphones ont augment\u00e9 en octobre, pour la premi\u00e8re fois depuis plus de deux ans<\/a> (Usine Digitale)<\/p>\n\n\n\n<p><strong>Analyse<\/strong><\/p>\n\n\n\n<p><a href=\"https:\/\/www.politis.fr\/articles\/2023\/11\/politis-hors-serie-78-faim-restos-du-coeur-inflation-devore-la-solidarite\/\" target=\"_blank\" rel=\"noreferrer noopener\">Quand l\u2019inflation d\u00e9vore la&nbsp;solidarit\u00e9<\/a> (Politis)<\/p>\n\n\n\n<p><a href=\"https:\/\/www.mediapart.fr\/journal\/economie-et-social\/231123\/les-menages-les-plus-aises-ont-echappe-au-piege-de-l-inflation-pas-les-plus-modestes\" target=\"_blank\" rel=\"noreferrer noopener\">Les m\u00e9nages les plus ais\u00e9s ont \u00e9chapp\u00e9 au pi\u00e8ge de l\u2019inflation, pas les plus modestes<\/a>&nbsp;(M\u00e9diapart)<\/p>\n\n\n\n<p><mark style=\"background-color:rgba(0, 0, 0, 0);color:#ee0505\" class=\"has-inline-color\"><strong>22 novembre<\/strong><\/mark><\/p>\n\n\n\n<p><strong>France<a><\/a><a><\/a><a><\/a><\/strong><\/p>\n\n\n\n<p><a href=\"https:\/\/www.mediapart.fr\/journal\/economie-et-social\/211123\/emmanuel-macron-ou-la-violence-du-capital\"><strong>Emmanuel Macron ou la violence du Capital<\/strong><\/a> (M\u00e9diapart)<\/p>\n\n\n\n<p><a href=\"https:\/\/www.alternatives-economiques.fr\/xavier-niel-veritable-president-de-start-up-nation\/00108696\" target=\"_blank\" rel=\"noreferrer noopener\">Xavier Niel, le v\u00e9ritable pr\u00e9sident de la \u00ab start-up nation \u00bb<\/a>&nbsp; (Alter \u00e9co)<\/p>\n\n\n\n<p><a href=\"https:\/\/www.latribune.fr\/climat\/energie-environnement\/climat-le-plan-de-la-france-pour-sortir-de-sa-dependance-aux-energies-fossiles-983828.html\">Le plan de la France pour sortir de sa d\u00e9pendance aux \u00e9nergies fossiles<\/a> (La Tribune)<\/p>\n\n\n\n<p><a href=\"https:\/\/www.alternatives-economiques.fr\/nathalie-coutinet\/relocalisation-medicaments-france-a-t-bonne-strategie\/00108615\" target=\"_blank\" rel=\"noreferrer noopener\">Relocalisation des m\u00e9dicaments : la France a-t-elle la bonne strat\u00e9gie ?<\/a>&nbsp;(Alter \u00e9co)<\/p>\n\n\n\n<p><a href=\"https:\/\/lvsl.fr\/obligations-indexees-sur-linflation-quand-letat-se-lie-les-mains-par-des-menottes-en-or\/\" target=\"_blank\" rel=\"noreferrer noopener\">Obligations index\u00e9es sur l\u2019inflation : quand l\u2019Etat se lie les mains par des menottes en or<\/a>&nbsp;(Le Vent Se L\u00e8ve)<\/p>\n\n\n\n<p><a href=\"https:\/\/www.latribune.fr\/technos-medias\/les-ventes-d-altice-france-sfr-baissent-de-nouveau-983904.html\">&nbsp;Les ventes d\u2019Altice France (SFR) baissent de nouveau<\/a> (La Tribune)<\/p>\n\n\n\n<p><a href=\"https:\/\/www.connaissancedesenergies.org\/afp\/feu-vert-de-lue-la-prolongation-des-aides-carburant-un-premier-pas-pour-les-pecheurs-francais-231122\">Feu vert de l&rsquo;UE \u00e0 la prolongation des aides carburant : un premier pas pour les p\u00eacheurs fran\u00e7ais<\/a> (AFP)<\/p>\n\n\n\n<p><a href=\"https:\/\/www.latribune.fr\/climat\/energie-environnement\/face-aux-derives-la-normandie-suspend-ses-aides-a-la-methanisation-983805.html\">&nbsp;Face aux d\u00e9rives, la Normandie suspend ses aides \u00e0 la m\u00e9thanisation<\/a> (La Tribune)<\/p>\n\n\n\n<p><a href=\"https:\/\/www.connaissancedesenergies.org\/afp\/agnes-pannier-runacher-regrette-le-choix-de-totalenergies-daccroitre-sa-production-dhydrocarbures-231121\">Agn\u00e8s Pannier-Runacher \u00ab regrette \u00bb le choix de TotalEnergies d&rsquo;accro\u00eetre sa production d&rsquo;hydrocarbures<\/a> (AFP)<\/p>\n\n\n\n<p><a href=\"https:\/\/www.latribune.fr\/entreprises-finance\/services\/distribution\/grande-distribution-etrangle-par-une-dette-colossale-casino-reduit-encore-ses-previsions-983850.html\">Grande distribution&nbsp;: \u00e9trangl\u00e9 par une dette colossale, Casino r\u00e9duit encore ses pr\u00e9vision<\/a> (La Tribune)<\/p>\n\n\n\n<p><a href=\"https:\/\/www.latribune.fr\/entreprises-finance\/industrie\/agroalimentaire-biens-de-consommation-luxe\/lait-contamine-le-laboratoire-eurofins-rejette-toute-responsabilite-lactalis-s-en-remet-a-la-justice-983866.html\">Lait contamin\u00e9&nbsp;: le laboratoire Eurofins rejette toute responsabilit\u00e9, Lactalis s&rsquo;en remet \u00e0 la justice<\/a> (La Tribune)<\/p>\n\n\n\n<p><a href=\"https:\/\/france.attac.org\/actus-et-medias\/salle-de-presse\/article\/black-friday-les-24-et-25-novembre-mettons-amazon-hors-service\" target=\"_blank\" rel=\"noreferrer noopener\"><strong>Black Friday : les 24 et 25 novembre, Attac met Amazon hors-service <\/strong>!<\/a>&nbsp;(Attac France)<\/p>\n\n\n\n<p><strong>Monde<\/strong><\/p>\n\n\n\n<p><a href=\"https:\/\/www.liberation.fr\/economie\/finance-verte-une-etude-fustige-les-activites-des-banques-europeennes-20231122_JUT27NQ3XZB6NPCISUONYT6OIQ\/\" target=\"_blank\" rel=\"noreferrer noopener\">Finance verte&nbsp;: une \u00e9tude fustige les activit\u00e9s des banques europ\u00e9ennes<\/a> (Lib\u00e9ration)<\/p>\n\n\n\n<p><a href=\"https:\/\/blogs.mediapart.fr\/les-economistes-atterres\/blog\/211123\/argentine-milei-le-dollar-et-le-cauchemar-monetaire\">Argentine : Milei, le dollar et le cauchemar mon\u00e9taire<\/a>&nbsp;(Les \u00c9conomistes Atterr\u00e9s)<\/p>\n\n\n\n<p><a href=\"https:\/\/www.cadtm.org\/Argentine-l-economiste-Murray-Rothbard-maitre-a-penser-du-candidat-libertarien\" target=\"_blank\" rel=\"noreferrer noopener\">Argentine : l&rsquo;\u00e9conomiste Murray Rothbard, ma\u00eetre \u00e0 penser du candidat libertarien Javier Milei<\/a>&nbsp; (CADTM)<\/p>\n\n\n\n<p><a href=\"https:\/\/www.capital.fr\/entreprises-marches\/petrole-le-prix-du-baril-de-brent-plonge-la-reunion-de-lopep-annulee-1486301\">P\u00e9trole : le prix du baril de Brent plonge, la r\u00e9union de l\u2019Opep+ annul\u00e9e<\/a> (Capital)<\/p>\n\n\n\n<p><a href=\"https:\/\/www.latribune.fr\/climat\/energie-environnement\/climat-le-geant-italien-enel-revoit-a-la-baisse-ses-investissements-sur-les-energies-renouvelables-983882.html\">Le g\u00e9ant italien Enel revoit \u00e0 la baisse ses investissements sur les \u00e9nergies renouvelables<\/a> (La Tribune)<\/p>\n\n\n\n<p><a><\/a><a href=\"https:\/\/www.connaissancedesenergies.org\/afp\/en-plein-casse-tete-financier-lallemagne-repousse-le-vote-final-sur-le-budget-2024-231122\">En plein casse-t\u00eate financier, l&rsquo;Allemagne repousse le vote final sur le budget 2024<\/a> (AFP)<\/p>\n\n\n\n<p><a><\/a><a href=\"https:\/\/www.connaissancedesenergies.org\/afp\/les-subventions-aux-energies-fossiles-ont-plus-que-double-en-2022-dans-les-pays-du-g20-231121\">Les subventions aux \u00e9nergies fossiles ont plus que doubl\u00e9 en 2022 dans les pays du G20<\/a> (AFP)<\/p>\n\n\n\n<p><a href=\"https:\/\/www.cadtm.org\/Bresil-Conference-internationale-Souverainete-financiere-dette-pillage-et\" target=\"_blank\" rel=\"noreferrer noopener\">Br\u00e9sil : Conf\u00e9rence internationale \u00ab Souverainet\u00e9 financi\u00e8re, dette, pillage et r\u00e9sistances \u00bb<\/a> (CADTM)<\/p>\n\n\n\n<p><strong>Analyse<\/strong><\/p>\n\n\n\n<p><a href=\"https:\/\/www.alternatives-economiques.fr\/apprentissage-faut-mettre-fin-a-lopen-bar-aides-entrepris\/00108675\" target=\"_blank\" rel=\"noreferrer noopener\">Apprentissage : faut-il mettre fin \u00e0 l\u2019open bar des aides pour les entreprises ?<\/a>&nbsp;(Alter \u00e9co)<\/p>\n\n\n\n<p><strong><a href=\"https:\/\/orientxxi.info\/magazine\/le-chantage-aux-financements-europeens-accable-la-palestine,6886\" target=\"_blank\" rel=\"noreferrer noopener\">Le chantage aux financements europ\u00e9ens accable la Palestine<\/a>&nbsp;<\/strong>(Orient XXI)<\/p>\n\n\n\n<p><mark style=\"background-color:rgba(0, 0, 0, 0);color:#ee0505\" class=\"has-inline-color\"><strong>21 novembre<\/strong><\/mark><\/p>\n\n\n\n<p><strong>France<a><\/a><a><\/a><a><\/a><\/strong><\/p>\n\n\n\n<p><a href=\"https:\/\/basta.media\/geant-industriel-porc-francais-Cooperl-main-basse-fermes-agricoles-France\"><strong>Quand le g\u00e9ant industriel du porc fran\u00e7ais fait main basse sur des fermes<\/strong><\/a> (Basta!)<\/p>\n\n\n\n<p><a href=\"https:\/\/basta.media\/Comment-Cooperl-plus-grande-cooperative-de-porcs-France-muee-empire-industriel-detriment-eleveurs\" target=\"_blank\" rel=\"noreferrer noopener\">Comment la plus grande coop\u00e9rative de porcs en France s&rsquo;est mu\u00e9e en empire industriel<\/a>&nbsp;(Basta!)<\/p>\n\n\n\n<p><a href=\"https:\/\/splann.org\/enquete\/les-travers-du-porc\/\" target=\"_blank\" rel=\"noreferrer noopener\">Dossier d&rsquo;enqu\u00eate : Les travers du porc<\/a>&nbsp;(Splann&nbsp;!)<\/p>\n\n\n\n<p><a href=\"https:\/\/www.humanite.fr\/social-et-economie\/cabinet-de-conseil-mckinsey\/liquidation-de-fret-sncf-le-gouvernement-avait-il-tout-prevu-des-2019\" target=\"_blank\" rel=\"noreferrer noopener\">Liquidation de Fret SNCF : le gouvernement avait-il tout pr\u00e9vu d\u00e8s 2019 ?<\/a>&nbsp;(L\u2019Humanit\u00e9)<\/p>\n\n\n\n<p><a href=\"https:\/\/link.newsletter.franceculture.fr\/m\/ml\/7429\/837474\/RC1lh39YE6PNAGeqQKoQNG9C5lXTLJmivm821gAfcU8=\/mkpHhaUj-VEM-Qaw85IdkvJxwE8NxdLVmTOl2mNbVSE=\/\" target=\"_blank\" rel=\"noreferrer noopener\">M\u00e9dicaments&nbsp;: vers une industrie bleu-blanc-rouge<\/a> (France Culture)<\/p>\n\n\n\n<p><a href=\"https:\/\/www.alternatives-economiques.fr\/rodolphe-saade-etend-empire-maritime-aux-routes-terrestres\/00108685\" target=\"_blank\" rel=\"noreferrer noopener\">Rodolphe Saad\u00e9 \u00e9tend son empire maritime aux routes terrestres<\/a>&nbsp;(Alter \u00e9co)<\/p>\n\n\n\n<p><a href=\"https:\/\/www.alternatives-economiques.fr\/grand-difficile-relocalisation-de-filiere-bois\/00108202\" target=\"_blank\" rel=\"noreferrer noopener\">Dans le Grand-Est, la difficile relocalisation de la fili\u00e8re bois<\/a>&nbsp;(Alter \u00e9co)<\/p>\n\n\n\n<p><a href=\"https:\/\/www.blast-info.fr\/articles\/2023\/le-sedif-sourd-aux-contestations-contre-sa-gestion-de-leau-lLLtlaCSQqqYosAqwsnOIw\" target=\"_blank\" rel=\"noreferrer noopener\">Le Sedif sourd aux contestations contre sa gestion de l\u2019eau<\/a>&nbsp;(Blast)<\/p>\n\n\n\n<p><a href=\"https:\/\/www.connaissancedesenergies.org\/afp\/ferme-agricole-100-dediee-aux-panneaux-solaires-la-confederation-paysanne-porte-plainte-231121\">Ferme agricole 100% d\u00e9di\u00e9e aux panneaux solaires : la Conf\u00e9d\u00e9ration paysanne porte plainte<\/a> (AFP)<\/p>\n\n\n\n<p><a href=\"https:\/\/www.connaissancedesenergies.org\/afp\/fourniture-delectricite-et-de-gaz-le-regulateur-ne-convainc-pas-avec-ses-regles-anti-derapages-tarifaires-231121\">\u00c9lectricit\u00e9, gaz: le r\u00e9gulateur ne convainc pas avec ses r\u00e8gles anti-d\u00e9rapages tarifaires<\/a> (AFP)<\/p>\n\n\n\n<p><a href=\"https:\/\/redirection.b2b.infopro-digital.com\/lnk\/AWEAACwXfCoAAcXFQjYAAHnKuI0AAABZQUUAANzvAAwsSQBlW56oowODOZZHRESjW8p9tZdvQwAMCy8\/7\/H0bFyOJYAnkg4Rc279hKqA\/aHR0cHM6Ly93d3cudXNpbmVub3V2ZWxsZS5jb20vYXJ0aWNsZS9hbHN0b20tdmEtc29ydGlyLWRlLWwtZW50cmVwcmlzZS1ydXNzZS10bWgtZC1pY2ktbGEtZmluLWRlLWwtYW5uZWUuTjIxOTYyNDg_dXRtX3NvdXJjZT1uZXdzbGV0dGVyJnV0bV9tZWRpdW09ZW1haWwmdXRtX2NhbXBhaWduPWluZm9fbGEtcXVvdGlkaWVubmUmZW1haWw9MjA0MzMyODY1MyZpZGJkZD01NjU1OQ\" target=\"_blank\" rel=\"noreferrer noopener\">Alstom va sortir de l&rsquo;entreprise russe TMH d&rsquo;ici la fin de l&rsquo;ann\u00e9e<\/a> (Usine Nouvelle)<\/p>\n\n\n\n<p><strong>Monde<\/strong><\/p>\n\n\n\n<p><a href=\"https:\/\/redirection.b2b.infopro-digital.com\/lnk\/AUwAACy80LQAAcXFQnwAAHnKuI0AAABZQTkAANzxAAwsSQBlXF-P66dzVlkESq683QL0uutAwAAMCy8\/14\/-VoA35RU7ea36Tu1QWAiKA\/aHR0cHM6Ly93d3cudXNpbmUtZGlnaXRhbGUuZnIvYXJ0aWNsZS9hbWF6b24tbGljZW5jaWUtZGVzLWNlbnRhaW5lcy1kLWVtcGxveWVzLWRhbnMtc2EtZGl2aXNpb24tYWxleGEuTjIxOTY4Njg_dXRtX3NvdXJjZT1uZXdzbGV0dGVyJnV0bV9tZWRpdW09ZW1haWwmdXRtX2NhbXBhaWduPWluZm9fdWQtcXVvdGlkaWVubmUmZW1haWw9MjA0MzMyODY1MyZpZGJkZD01NjU2MQ\" target=\"_blank\" rel=\"noreferrer noopener\">Amazon licencie des centaines d&#8217;employ\u00e9s au sein de sa division Alexa<\/a> (Usine Digitale)<\/p>\n\n\n\n<p><a href=\"https:\/\/www.lemonde.fr\/economie\/article\/2023\/11\/19\/en-inde-le-scandale-de-l-affaire-adani-remonte-jusqu-a-narendra-modi_6201125_3234.html\">En Inde, le scandale de l\u2019affaire Adani embarrassant pour Narendra Modi<\/a> (Le Monde)<a href=\"https:\/\/www.lemonde.fr\/planete\/article\/2023\/11\/21\/le-nucleaire-inscrit-dans-la-liste-des-technologies-vertes-par-le-parlement-europeen_6201506_3244.html\"><\/a><\/p>\n\n\n\n<p><a href=\"https:\/\/www.connaissancedesenergies.org\/afp\/le-parlement-europeen-reconnait-le-nucleaire-comme-industrie-verte-soutenir-231121\">Le Parlement europ\u00e9en reconnait le nucl\u00e9aire comme industrie verte \u00e0 soutenir<\/a> (AFP)<\/p>\n\n\n\n<p><a href=\"https:\/\/www.lemonde.fr\/planete\/article\/2023\/11\/21\/cop28-tripler-les-capacites-d-energies-renouvelables-d-ici-a-2030-un-objectif-atteignable_6201339_3244.html\">COP28&nbsp;: tripler les capacit\u00e9s d\u2019\u00e9nergies renouvelables d\u2019ici \u00e0 2030, un objectif atteignable<\/a> (Le Monde)<a href=\"https:\/\/www.lemonde.fr\/planete\/article\/2023\/11\/21\/le-nucleaire-inscrit-dans-la-liste-des-technologies-vertes-par-le-parlement-europeen_6201506_3244.html\"><\/a><\/p>\n\n\n\n<p><a href=\"https:\/\/www.lemonde.fr\/economie\/article\/2023\/11\/20\/prix-de-l-energie-la-commission-europeenne-prolonge-les-subventions-aux-entreprises_6201331_3234.html\">Prix de l\u2019\u00e9nergie&nbsp;: la Commission europ\u00e9enne prolonge les subventions aux entreprises<\/a> (Le Monde)<a href=\"https:\/\/www.lemonde.fr\/planete\/article\/2023\/11\/21\/le-nucleaire-inscrit-dans-la-liste-des-technologies-vertes-par-le-parlement-europeen_6201506_3244.html\"><\/a><\/p>\n\n\n\n<p><strong>Analyse<\/strong><\/p>\n\n\n\n<p><strong><a href=\"https:\/\/u7061146.ct.sendgrid.net\/ls\/click?upn=4tNED-2FM8iDZJQyQ53jATUdY8EUGD0xbJ9Aa-2Flby9V2aGPb5Mm9x6mNpI7LxO9R98160kq7bdo0X3xJTuhEokB7jztBibJhkpAcGMqr-2B5jR5-2FyPiYGLTtFeIumrS-2BB9U1WZiu_9lJWQoRg-2BKaa3KSkJQTCZvagMEBZxhyko68STv2neD2gYTx8FoTkEltdchO0XuhCN1oOkxe4jWgCw4hLhfRrWyuXw3iUix-2FUA302CepC3qb7Hn-2Fd4P4JZE4PpJPW6PAMX9tO5AETf4JKKLvH3rm0Mj89XpJEjHDVZf-2Bjh3dsO6SWqNEjEtDBUwj12qg4EpVHd34GdkRPJPb1ykrJD5hXlobNfVPrYQysi8-2Fliw6q-2BoKa6duTuJ8wQ3lbsUXNFiI1YLQZT-2BGKRYcJRR110WIgNT-2BJu1QDg4sHEwd3yUCRMnkMt94i7-2Br8nS3NIZqy-2BTGpSUi3OUwjHalort3aJY7gvD-2FYFod-2FQ4Les21s2iANZBs-3D\" target=\"_blank\" rel=\"noreferrer noopener\">Imposition des multinationales : b\u00e9n\u00e9fices faiblement impos\u00e9s au niveau mondial<\/a> <\/strong>(OCDE)<\/p>\n\n\n\n<p><a href=\"https:\/\/www.lemonde.fr\/economie\/article\/2023\/11\/19\/en-inde-les-conglomerats-regnent-en-maitre-sur-l-economie_6201112_3234.html\">En Inde, les conglom\u00e9rats r\u00e8gnent en ma\u00eetres sur l\u2019\u00e9conomie<\/a> (Le Monde)<a href=\"https:\/\/www.lemonde.fr\/planete\/article\/2023\/11\/21\/le-nucleaire-inscrit-dans-la-liste-des-technologies-vertes-par-le-parlement-europeen_6201506_3244.html\"><\/a><\/p>\n\n\n\n<p><a href=\"https:\/\/www.connaissancedesenergies.org\/bois-energie-lademe-donne-son-avis-sur-une-ressource-essentielle-la-transition-energetique-francaise-231121\">Bois : l&rsquo;Ademe donne son avis sur une \u2018ressource essentielle \u00e0 la transition \u00e9nerg\u00e9tique fran\u00e7aise\u2019<\/a> (Connaissance des \u00e9nergies)&nbsp;<\/p>\n\n\n\n<p><mark style=\"background-color:rgba(0, 0, 0, 0);color:#ee0505\" class=\"has-inline-color\"><strong>20 novembre<\/strong><\/mark><\/p>\n\n\n\n<p><strong>France<a><\/a><a><\/a><a><\/a><\/strong><\/p>\n\n\n\n<p><a href=\"https:\/\/www.alternatives-economiques.fr\/de-bollore-a-kretinsky-linfluence-norme-grands-capitalistes-franca\/00108662\" target=\"_blank\" rel=\"noreferrer noopener\"><strong>De Bollor\u00e9 \u00e0 Kretinsky, l&rsquo;influence hors-norme des grands capitalistes fran\u00e7ais<\/strong><\/a>&nbsp; -Herv\u00e9 Nathan (Alter \u00e9co)<\/p>\n\n\n\n<p><a href=\"https:\/\/www.alternatives-economiques.fr\/bretagne-un-vent-de-colere-souffle-contre-tourisme-de-croisiere\/00108665\" target=\"_blank\" rel=\"noreferrer noopener\">En Bretagne, un vent de col\u00e8re souffle contre le tourisme de croisi\u00e8re<\/a>&nbsp;(Alter \u00e9co)<\/p>\n\n\n\n<p><a href=\"https:\/\/www.alternatives-economiques.fr\/batiment-filiere-reemploi-essaie-de-se-structurer\/00108653\" target=\"_blank\" rel=\"noreferrer noopener\">B\u00e2timent : quand la fili\u00e8re du r\u00e9emploi essaie de se structurer<\/a>&nbsp;(Alter \u00e9co)<\/p>\n\n\n\n<p><a href=\"https:\/\/www.blast-info.fr\/emissions\/2023\/bercy-un-monstre-budgetaire-au-service-de-macron-cU20NB7TTMSKemdWTCJJ9A\">Bercy&nbsp;: un monstre budg\u00e9taire au service de Macron<\/a> (Blast)<\/p>\n\n\n\n<p><a href=\"https:\/\/elucid.media\/economie\/impots-recettes-publiques-prelevements-propagande-neoliberale-france-retraite-patrimoine-subventions\">Trop d&rsquo;imp\u00f4ts en France ? La r\u00e9alit\u00e9 derri\u00e8re la propagande n\u00e9olib\u00e9rale<\/a> (Elucid)<\/p>\n\n\n\n<p><a href=\"https:\/\/elucid.media\/economie\/depenses-publiques-neoliberalisme-retraites-commission-europenne-sacrifice-modele-social-services-publics\">Le sacrifice de notre mod\u00e8le social sur l&rsquo;autel de l&rsquo;UE n\u00e9olib\u00e9rale<\/a><a> <\/a>(Elucid)<\/p>\n\n\n\n<p><a href=\"https:\/\/elucid.media\/politique\/francois-boulo-macron-pas-liberal-mais-inegalitaire-autoritaire\">Macron n&rsquo;est pas un lib\u00e9ral ! C&rsquo;est un in\u00e9galitaire autoritaire<\/a> (Elucid)<\/p>\n\n\n\n<p><strong>Monde<\/strong><\/p>\n\n\n\n<p><a href=\"https:\/\/api.indigo-net.com\/email\/RedirectionEmailing?mail=n.chevillard@noos.fr&amp;ID=568086&amp;DOCIID=109703480&amp;ENAIID=842068&amp;RETOUR=SIMPLE&amp;link=https:\/\/www.lalettre.fr\/fr\/action-publique_lobbying\/2023\/11\/20\/de-bruxelles-a-paris-le-lobbying-de-totalenergies-pour-aspirer-les-fonds-du-co2-dans-ses-puits,110099181-ge0?cxt=PUB&amp;utm_source=LLA&amp;utm_medium=email&amp;utm_campaign=AUTO_EDIT_SOM_PROS\" target=\"_blank\" rel=\"noreferrer noopener\"><strong>De Bruxelles \u00e0 Paris, le lobbying de TotalEnergies pour aspirer les fonds du CO2 dans ses puits<\/strong><\/a> (La Lettre)<\/p>\n\n\n\n<p><a href=\"https:\/\/blogs.mediapart.fr\/aitec-et-collectif-national-stop-cetamercosur\/blog\/201123\/appel-aux-deputes-europeens-votez-non-l-accord-ue-nouvelle-zeland\">Appel aux d\u00e9put\u00e9s europ\u00e9ens : \u2018Votez non \u00e0 l\u2019accord UE-Nouvelle-Z\u00e9lande&nbsp;!\u2019<\/a>&nbsp;(Aitec et collectif national Stop CETA\/Mercosur)<\/p>\n\n\n\n<p><a href=\"https:\/\/www.cadtm.org\/Nouvelle-vague-de-privatisations-imposees-par-le-FMI-au-Pakistan\" target=\"_blank\" rel=\"noreferrer noopener\">Nouvelle vague de privatisations impos\u00e9es par le FMI au Pakistan<\/a>&nbsp;(CADTM)<\/p>\n\n\n\n<p><a href=\"https:\/\/www.connaissancedesenergies.org\/afp\/allemagne-les-plans-budgetaires-du-gouvernement-dolaf-scholz-censures-par-la-cour-constitutionnelle-231115?utm_source=newsletter&amp;utm_medium=fil-info-energies&amp;utm_campaign=\/newsletter\/cde-aujourdhui-15-novembre-2023\">Allemagne : les plans budg\u00e9taires d&rsquo;Olaf Scholz censur\u00e9s par la Cour constitutionnelle<\/a>&nbsp;(CDE)<\/p>\n\n\n\n<p><a href=\"https:\/\/www.alternatives-economiques.fr\/christian-chavagneux\/contre-modele-budgetaire-allemand\/00108672\" target=\"_blank\" rel=\"noreferrer noopener\">Le contre-mod\u00e8le budg\u00e9taire allemand<\/a>&nbsp;(Alter \u00e9co)<\/p>\n\n\n\n<p><strong>Analyse<\/strong><\/p>\n\n\n\n<p><a href=\"https:\/\/elucid.media\/societe\/capitalisme-cannibale-transforme-corps-marchandises-fabrice-colomb\">\u00ab Le capitalisme cannibale transforme nos corps en marchandises \u00bb Fabrice Colomb<\/a> (Elucid)<\/p>\n\n\n\n<p><a href=\"https:\/\/www.notre-planete.info\/actualites\/935-black-Friday-planete-solde?a=b1f9dfeb7e9eda553552f0b35f0db2b7&amp;l=722\">Black Friday : la Plan\u00e8te en solde<\/a>&nbsp;(Notre Plan\u00e8te Info)<\/p>\n\n\n\n<p><a href=\"https:\/\/theconversation.com\/qui-paye-linflation-importee-217706?utm_medium=email&amp;utm_campaign=La%20lettre%20de%20The%20Conversation%20France%20du%2016%20novembre%202023%20-%202796328297&amp;utm_content=La%20lettre%20de%20The%20Conversation%20France%20du%2016%20novembre%202023%20-%202796328297+CID_94e797407dea94822e5108976cc57c48&amp;utm_source=campaign_monitor_fr&amp;utm_term=Qui%20paye%20linflation%20importe\">Qui paye l\u2019inflation import\u00e9e&nbsp;?<\/a>&nbsp;(The Conversation)<\/p>\n\n\n\n<p><a href=\"https:\/\/www.youtube.com\/watch?v=bXm2NOKLrrw\">Parrique d\u00e9monte les arguments anti-d\u00e9croissance un par un<\/a>&nbsp;(Ethique et tac)<\/p>\n\n\n\n<p><a href=\"https:\/\/www.connaissancedesenergies.org\/totalenergies-energy-outlook-2023-231115\">TotalEnergies Energy Outlook 2023<\/a> (Connaissance des \u00e9nergies)&nbsp;<\/p>\n\n\n\n<p><mark style=\"background-color:rgba(0, 0, 0, 0);color:#ee0505\" class=\"has-inline-color\"><strong>18 novembre<\/strong><\/mark><\/p>\n\n\n\n<p><strong>France<a><\/a><a><\/a><a><\/a><\/strong><\/p>\n\n\n\n<p><a href=\"https:\/\/www.mediapart.fr\/journal\/economie-et-social\/181123\/reforme-du-marche-de-l-electricite-le-grand-bricolage\" target=\"_blank\" rel=\"noreferrer noopener\">R\u00e9forme du march\u00e9 de l\u2019\u00e9lectricit\u00e9 : le grand bricolage<\/a>&nbsp; -Martine Orange (M\u00e9diapart)<\/p>\n\n\n\n<p><a href=\"https:\/\/www.alternatives-economiques.fr\/un-demi-million-de-ont-bascule-pauvrete-2021\/00108660\" target=\"_blank\" rel=\"noreferrer noopener\">Un demi-million de personnes ont bascul\u00e9 dans la pauvret\u00e9 en 2021<\/a>&nbsp;(Alter \u00e9co)<\/p>\n\n\n\n<p><a href=\"https:\/\/www.alternatives-economiques.fr\/climat-collectivites-locales-largent\/00108652\" target=\"_blank\" rel=\"noreferrer noopener\">Climat et collectivit\u00e9s locales : o\u00f9 est l\u2019argent ?<\/a>&nbsp;(Alter \u00e9co)<\/p>\n\n\n\n<p><a href=\"https:\/\/www.youtube.com\/watch?v=DVYw6m1-S2s\" target=\"_blank\" rel=\"noreferrer noopener\">A quoi et \u00e0 qui servent nos imp\u00f4ts<\/a>&nbsp;(Blast)<\/p>\n\n\n\n<p><a href=\"https:\/\/www.ecoreseau.fr\/actualites\/economie-societe\/kretinsky-et-niel-les-businessmen-milliardaires-sactivent-2023-11-14-99527?utm_campaign=Matinale%20Mercredi%20-%2020231115&amp;utm_medium=email&amp;utm_source=brevo\">Kretinsky et Niel&nbsp;: les businessmen milliardaires s\u2019activent<\/a>&nbsp;(Ecor\u00e9seau)<\/p>\n\n\n\n<p><a href=\"https:\/\/www.youtube.com\/watch?v=wx1wkfyC7JY\">O\u00f9 sont pass\u00e9s les 7 mds \u20ac de l&rsquo;association patronale de garantie des salaires ?<\/a>&nbsp;(Sud Radio)<\/p>\n\n\n\n<p><a href=\"https:\/\/www.economiematin.fr\/inflation-alimentaire-explosion-prix-france\">Inflation alimentaire&nbsp;: explosion des prix en France, recul en Europe<\/a>&nbsp;(Economie matin)<\/p>\n\n\n\n<p><strong>Monde<\/strong><\/p>\n\n\n\n<p><a href=\"https:\/\/www.alternatives-economiques.fr\/isabelle-this-saint-jean\/faut-dautres-choix-budgetaires-face-decrochage-europeen\/00108571\" target=\"_blank\" rel=\"noreferrer noopener\">Il faut d\u2019autres choix budg\u00e9taires face au d\u00e9crochage europ\u00e9en<\/a>&nbsp;(Alter \u00e9co)<\/p>\n\n\n\n<p><a href=\"https:\/\/www.mediapart.fr\/journal\/international\/161123\/le-plan-secret-pour-bousiller-l-enquete-sur-les-detournements-de-la-banque-du-liban\" target=\"_blank\" rel=\"noreferrer noopener\">Le plan secret pour \u00abbousiller\u00bb l\u2019enqu\u00eate sur les d\u00e9tournements de la Banque du Liban<\/a>&nbsp;(M\u00e9diapart)<\/p>\n\n\n\n<p><a href=\"https:\/\/theconversation.com\/commande-publique-de-biens-manufactures-qui-recourt-le-plus-aux-importations-217569?utm_medium=email&amp;utm_campaign=La%20lettre%20de%20The%20Conversation%20France%20du%2015%20novembre%202023%20-%202795028285&amp;utm_content=La%20lettre%20de%20The%20Conversation%20France%20du%2015%20novembre%202023%20-%202795028285+CID_014f6044140707e72dfaf98a43397c42&amp;utm_source=campaign_monitor_fr&amp;utm_term=Commande%20publique%20de%20biens%20manufacturs%20%20qui%20recourt%20le%20plus%20aux%20importations\">Commande publique de biens manufactur\u00e9s : qui recourt le plus aux&nbsp;importations&nbsp;?<\/a>&nbsp;(The Conversation)<\/p>\n\n\n\n<p><a href=\"https:\/\/www.afrique-asie.fr\/leconomie-israelienne-en-temps-de-guerre-ne-pourra-pas-tenir-eternellement\/\">L\u2019\u00e9conomie isra\u00e9lienne en temps de guerre ne pourra pas tenir \u00e9ternellement<\/a>&nbsp;(Foreign Policy&nbsp;<em>via<\/em>&nbsp;Afrique-Asie)<\/p>\n\n\n\n<p><strong>Analyse<\/strong><\/p>\n\n\n\n<p><a href=\"https:\/\/www.politis.fr\/articles\/2023\/11\/politis-hors-serie-faim-4\/\" target=\"_blank\" rel=\"noreferrer noopener\">Agriculture : contrer les ravages du libre-\u00e9change<\/a>&nbsp;(Politis)<\/p>\n\n\n\n<p><a href=\"https:\/\/www.politis.fr\/articles\/2023\/11\/politis-hors-serie-78-faim-du-monde-et-soif-dalternatives-le-nouveau-hors-serie-de-politis\/\" target=\"_blank\" rel=\"noreferrer noopener\">\u00ab Faim du monde et soif d\u2019alternatives \u00bb, le nouveau hors-s\u00e9rie de Politis<\/a>&nbsp;(Politis)<\/p>\n\n\n\n<p>\u00ab&nbsp;<a href=\"https:\/\/reporterre.net\/Contre-les-banques-epargnons-citoyen\">Contre les banques, \u00e9pargnons citoyen&nbsp;!<\/a>&nbsp;\u00bb (Reporterre)<\/p>\n\n\n\n<p><a href=\"https:\/\/insolentiae.com\/selon-la-directrice-generale-du-fmi-lattention-na-pas-suffisamment-porte-sur-ceux-dont-les-emplois-et-les-moyens-de-subsistance-se-sont-evapores-a-cause-de-la-mondialisa\/\">\u00abL\u2019attention n\u2019a pas suffisamment port\u00e9 sur ceux dont les emplois et les moyens de subsistance se sont \u00e9vapor\u00e9s \u00e0 cause de la mondialisation&nbsp;\u00bb&nbsp;(FMI)<\/a>&nbsp;(Insolentiae)<\/p>\n\n\n\n<p><mark style=\"background-color:rgba(0, 0, 0, 0);color:#ee0505\" class=\"has-inline-color\"><strong>17 novembre<\/strong><\/mark><\/p>\n\n\n\n<p><strong>France<a><\/a><a><\/a><a><\/a><\/strong><\/p>\n\n\n\n<p><a href=\"https:\/\/www.ldh-france.org\/projet-de-totalenergies-mozambique-lng\/\" target=\"_blank\" rel=\"noreferrer noopener\"><strong>Projet de TotalEnergies Mozambique LNG<\/strong><\/a> (Appel de 124 ONG, dont LDH, aux financiers)<\/p>\n\n\n\n<p><a href=\"https:\/\/www.lemonde.fr\/politique\/article\/2023\/11\/17\/elisabeth-borne-relance-la-chasse-aux-economies-avant-la-notation-de-standard-poor-s-debut-decembre_6200660_823448.html\">Elisabeth Borne relance la chasse aux \u00e9conomies avant la notation de Standard &amp; Poor\u2019s d\u00e9but d\u00e9cembre<\/a> (Le Monde)<\/p>\n\n\n\n<p><a href=\"https:\/\/redirection.b2b.infopro-digital.com\/lnk\/AWsAAC4qb9sAAcXFQIoAAHnKuI0AAABZQUUAANzvAAwsSQBlVl7gqCgiN_ObQ4aFgi0lcFWgMQAMCy8\/11\/RYgsaPgxAPJ3eWNitZUCQw\/aHR0cHM6Ly93d3cudXNpbmVub3V2ZWxsZS5jb20vYXJ0aWNsZS9sYS1jaHV0ZS1kdS1jaGVwdGVsLWZyYW5jYWlzLXJpc3F1ZS1kZS1saW1pdGVyLWxhLXByb2R1Y3Rpb24tZGVzLWluZHVzdHJpZXMtZGUtbGEtdmlhbmRlLk4yMTk1ODU4P3V0bV9zb3VyY2U9bmV3c2xldHRlciZ1dG1fbWVkaXVtPWVtYWlsJnV0bV9jYW1wYWlnbj1pbmZvX2xhLXF1b3RpZGllbm5lJmVtYWlsPTIwNDMzMjg2NTMmaWRiZGQ9NTY1NTk\" target=\"_blank\" rel=\"noreferrer noopener\">La chute du cheptel fran\u00e7ais risque de limiter la production des industries de la viande<\/a> (Usine Nouvelle)<\/p>\n\n\n\n<p><a href=\"https:\/\/multinationales.org\/fr\/actualites\/Goliaths&nbsp;:le-podcast%20de%20l\u2019enqu\u00eate%20sur%20les%20multinationales\"><strong>Goliaths&nbsp;: le podcast de l\u2019enqu\u00eate sur les multinationales<\/strong><\/a> (1. Total en Ouganda. 2. Qatar&nbsp;: l\u2019esclavage) (Observatoire des multinationales)<\/p>\n\n\n\n<p><strong>Monde<\/strong><\/p>\n\n\n\n<p><a href=\"https:\/\/www.liberation.fr\/economie\/economie-numerique\/publications-pro-nazis-ibm-suspend-ses-publicites-sur-x-20231117_G6EIUEDL3RB53OOUNLG3WOG7DM\/\" target=\"_blank\" rel=\"noreferrer noopener\">Apr\u00e8s IBM, la Commission europ\u00e9enne suspend ses publicit\u00e9s sur X (ex-Twitter) face \u00e0 la d\u00e9sinformation et aux discours de haine<\/a> (Lib\u00e9ration)<\/p>\n\n\n\n<p><a href=\"https:\/\/www.lemonde.fr\/economie\/article\/2023\/11\/17\/la-double-face-de-la-politique-energetique-chinoise_6200752_3234.html\">La double face de la politique \u00e9nerg\u00e9tique chinoise<\/a> (Le Monde)<\/p>\n\n\n\n<p><a href=\"https:\/\/www.liberation.fr\/environnement\/ecocides-lunion-europeenne-renforce-la-legislation-sur-les-crimes-environnementaux-20231117_22NPJ5AOMZGHRGBYA6WAFOBGMM\/\">Ecocides&nbsp;: l\u2019UE renforce la l\u00e9gislation sur les crimes environnementaux<\/a> (Lib\u00e9ration)<\/p>\n\n\n\n<p><a><\/a><a href=\"https:\/\/www.connaissancedesenergies.org\/amerique-latine-un-role-essentiel-jouer-dans-la-transition-energetique-231113\">Am\u00e9rique latine : un r\u00f4le \u00ab essentiel \u00bb \u00e0 jouer dans la transition \u00e9nerg\u00e9tique<\/a> (Connaissance des \u00e9nergies)&nbsp;<\/p>\n\n\n\n<p><strong>Analyse<\/strong><\/p>\n\n\n\n<p><a href=\"https:\/\/lvsl.fr\/finance-la-guerre-pour-lhegemonie-europeenne-frederic-lemaire-theo-bourgeron\/\" target=\"_blank\" rel=\"noreferrer noopener\">Finance : La guerre pour l\u2019h\u00e9g\u00e9monie europ\u00e9enne<\/a>&nbsp;(Le Vent Se L\u00e8ve)<\/p>\n\n\n\n<p><a href=\"https:\/\/www.connaissancedesenergies.org\/cop28-quand-finance-energies-fossiles-et-divisions-redessinent-lavenir-231117\">COP28 : quand finance, \u00e9nergies fossiles, et divisions redessinent l&rsquo;avenir<\/a> (Connaissance des \u00e9nergies)<\/p>\n\n\n\n<p><mark style=\"background-color:rgba(0, 0, 0, 0);color:#ee0505\" class=\"has-inline-color\"><strong>16 novembre<\/strong><\/mark><\/p>\n\n\n\n<p><strong>France<\/strong><\/p>\n\n\n\n<p><a href=\"https:\/\/www.alternatives-economiques.fr\/alexandre-bompard-a-transforme-carrefour-machine-a-cash\/00108572\" target=\"_blank\" rel=\"noreferrer noopener\">Comment Alexandre Bompard a transform\u00e9 Carrefour en machine \u00e0 cash<\/a>&nbsp;(Alter \u00e9co)<\/p>\n\n\n\n<p><a href=\"https:\/\/www.alternatives-economiques.fr\/gouvernement-va-t-valider-laccord-a-minima-syndicats-lassura\/00108649\" target=\"_blank\" rel=\"noreferrer noopener\">Le gouvernement va-t-il valider l\u2019accord a minima des syndicats sur l\u2019assurance ch\u00f4mage ?<\/a>&nbsp;(Alter \u00e9co)<\/p>\n\n\n\n<p><a href=\"https:\/\/www.lemonde.fr\/politique\/article\/2023\/11\/16\/plein-emploi-emmanuel-macron-face-au-defi-de-la-remontee-du-chomage_6200411_823448.html\">Plein-emploi&nbsp;: Emmanuel Macron face au d\u00e9fi de la remont\u00e9e du ch\u00f4mage<\/a> (Le Monde)<\/p>\n\n\n\n<p><a href=\"https:\/\/www.connaissancedesenergies.org\/afp\/surete-nucleaire-parlementaires-et-syndicalistes-denoncent-le-flou-dun-reforme-menee-au-pas-de-charge-231115-0\">S\u00fbret\u00e9 nucl\u00e9aire : parlementaires et syndicalistes d\u00e9noncent le flou d&rsquo;un r\u00e9forme men\u00e9e au pas de charge<\/a> (AFP)<\/p>\n\n\n\n<p><a href=\"https:\/\/www.connaissancedesenergies.org\/afp\/renault-va-lancer-une-twingo-electrique-moins-de-20000-euros-231115-0\">Renault va lancer une Twingo \u00e9lectrique \u00e0 moins de 20.000 euros<\/a> (AFP)<\/p>\n\n\n\n<p><a href=\"https:\/\/www.connaissancedesenergies.org\/afp\/elections-chez-edf-la-cgt-perd-sa-place-de-premiere-organisation-syndicale-231114\">Elections chez EDF : la CGT perd sa place de premi\u00e8re organisation syndicale<\/a> (AFP)<\/p>\n\n\n\n<p><a href=\"https:\/\/redirection.b2b.infopro-digital.com\/lnk\/AWUAAC0R-e4AAcXFP5gAAHnKuI0AAABZQUUAANzvAAwsSQBlVQCtcQMQ7lGRSnq_o0D91Q4Q4wAMCy8\/4\/gyPoY1kUXbrvw6jVDJ4ftQ\/aHR0cHM6Ly93d3cudXNpbmVub3V2ZWxsZS5jb20vYXJ0aWNsZS9saWNlbmNpZW1lbnRzLWV0LWNlc3Npb25zLWQtYWN0aWZzLWxlLXBsYW4tZGUtc2F1dmV0YWdlLWQtYWxzdG9tLWZhY2UtYS1zZXMtZGVib2lyZXMtZmluYW5jaWVycy5OMjE5NTU0Mz91dG1fc291cmNlPW5ld3NsZXR0ZXImdXRtX21lZGl1bT1lbWFpbCZ1dG1fY2FtcGFpZ249aW5mb19sYS1xdW90aWRpZW5uZSZlbWFpbD0yMDQzMzI4NjUzJmlkYmRkPTU2NTU5\" target=\"_blank\" rel=\"noreferrer noopener\">Plan de sauvetage d&rsquo;Alstom pour sortir de ses d\u00e9boires financiers<\/a> (Usine Nouvelle)<\/p>\n\n\n\n<p><a href=\"https:\/\/redirection.b2b.infopro-digital.com\/lnk\/AWUAAC0R-e4AAcXFP5gAAHnKuI0AAABZQUUAANzvAAwsSQBlVQCtcQMQ7lGRSnq_o0D91Q4Q4wAMCy8\/17\/ZGpyOL9a79eG6UFw2j9OCg\/aHR0cHM6Ly93d3cudXNpbmVub3V2ZWxsZS5jb20vYXJ0aWNsZS9haXJidXMtZGVmZW5jZS1hbmQtc3BhY2Utc3VwcHJpbWUtNzUwLXBvc3Rlcy1kYW5zLWxlLW1vbmRlLWRvbnQtdW5lLWNlbnRhaW5lLWVuLWZyYW5jZS5OMjE5NTQ1Mz91dG1fc291cmNlPW5ld3NsZXR0ZXImdXRtX21lZGl1bT1lbWFpbCZ1dG1fY2FtcGFpZ249aW5mb19sYS1xdW90aWRpZW5uZSZlbWFpbD0yMDQzMzI4NjUzJmlkYmRkPTU2NTU5\" target=\"_blank\" rel=\"noreferrer noopener\">Airbus Defence and Space supprime 750 postes, dont une centaine en France<\/a> (Usine Nouvelle)<\/p>\n\n\n\n<p><strong>Monde<\/strong><\/p>\n\n\n\n<p><a href=\"https:\/\/www.cadtm.org\/Rachel-Keke-au-contre-sommet-des-peuples-de-Marrakech-Les-capitalistes-s\" target=\"_blank\" rel=\"noreferrer noopener\">Rachel Keke au contre-sommet de Marrakech : \u2018Les capitalistes s&rsquo;organisent, nous devons \u00eatre organis\u00e9\u00b7es, solidaires et uni\u00b7es\u2019<\/a>&nbsp;(CADTM)<\/p>\n\n\n\n<p><a href=\"https:\/\/www.alternatives-economiques.fr\/chez-tesla-casser-prixquoi-quil-coute\/00108504\" target=\"_blank\" rel=\"noreferrer noopener\">Chez Tesla, casser les prix&#8230;quoi qu&rsquo;il en co\u00fbte<\/a>&nbsp;(Alter \u00e9co)<\/p>\n\n\n\n<p><a href=\"https:\/\/www.lemonde.fr\/international\/article\/2023\/11\/16\/le-congres-americain-evite-le-shutdown-grace-a-l-adoption-d-une-rallonge-budgetaire_6200429_3210.html\">Le Congr\u00e8s am\u00e9ricain \u00e9vite le shutdown gr\u00e2ce \u00e0&nbsp;l\u2019adoption d\u2019une rallonge budg\u00e9taire<\/a> (Le Monde)<\/p>\n\n\n\n<p><a href=\"https:\/\/www.lemonde.fr\/economie\/article\/2023\/11\/15\/etats-unis-avec-une-inflation-nulle-entre-septembre-et-octobre-wall-street-jubile-et-parie-sur-la-fin-de-la-hausse-des-taux_6200103_3234.html\">USA&nbsp;: avec 0 inflation entre septembre et octobre, Wall Street jubile et parie sur la fin de la hausse des taux<\/a> (Le Monde)<\/p>\n\n\n\n<p><a href=\"https:\/\/www.lemonde.fr\/economie\/article\/2023\/11\/14\/des-dizaines-de-banques-europeennes-soupconnees-d-avoir-une-influence-sur-les-tensions-au-soudan-du-sud_6199980_3234.html\">Des dizaines de banques europ\u00e9ennes soup\u00e7onn\u00e9es d\u2019avoir une influence sur les tensions au Soudan du Sud<\/a> (Le Monde)<\/p>\n\n\n\n<p><a href=\"https:\/\/www.connaissancedesenergies.org\/afp\/allemagne-les-plans-budgetaires-du-gouvernement-dolaf-scholz-censures-par-la-cour-constitutionnelle-231115\">Allemagne : les plans budg\u00e9taires du gouvernement d&rsquo;Olaf Scholz censur\u00e9s par la Cour constitutionnelle<\/a> (AFP)<\/p>\n\n\n\n<p><a href=\"https:\/\/www.connaissancedesenergies.org\/afp\/climat-lue-saccorde-pour-reduire-ses-emissions-de-methane-provenant-des-puits-dhydrocarbures-et-mines-de-charbon-231115\">L\u2019UE s&rsquo;accorde pour r\u00e9duire ses \u00e9missions de m\u00e9thane provenant des puits d&rsquo;hydrocarbures et mines de charbon<\/a> (AFP)<\/p>\n\n\n\n<p><a href=\"https:\/\/www.connaissancedesenergies.org\/afp\/petrole-laie-revoit-la-hausse-la-croissance-de-la-demande-mondiale-pour-2023-231114\">P\u00e9trole : l&rsquo;AIE revoit \u00e0 la hausse la croissance de la demande mondiale pour 2023<\/a> (AFP)<\/p>\n\n\n\n<p><a href=\"https:\/\/redirection.b2b.infopro-digital.com\/lnk\/AVwAACwCb4IAAcXFPw4AAHnKuI0AAABZQTkAANzxAAwsSQBlVHIxWoeyTteoTT6oPiBcf4omRAAMCy8\/31\/DJyWyNZ-GKB6-ohxFa-7fQ\/aHR0cHM6Ly93d3cudXNpbmUtZGlnaXRhbGUuZnIvYXJ0aWNsZS9hbWF6b24tbGljZW5jaWUtZGFucy1zYS1icmFuY2hlLWRlZGllZS1hdXgtamV1eC12aWRlby5OMjE5NTIxOD91dG1fc291cmNlPW5ld3NsZXR0ZXImdXRtX21lZGl1bT1lbWFpbCZ1dG1fY2FtcGFpZ249aW5mb191ZC1xdW90aWRpZW5uZSZlbWFpbD0yMDQzMzI4NjUzJmlkYmRkPTU2NTYx\" target=\"_blank\" rel=\"noreferrer noopener\">Amazon licencie dans sa branche d\u00e9di\u00e9e aux jeux vid\u00e9o<\/a> (Usine Digitale)<\/p>\n\n\n\n<p><a href=\"https:\/\/redirection.b2b.infopro-digital.com\/lnk\/AUgAACuWCFUAAcXFPrwAAHnKuI0AAABZQUUAIBNRAAwsSQBlU5BvsdJFI9i8RACwEDuoYZSabQAMCy8\/4\/14TZG1QaVS55Q9bRc0SgHg\/aHR0cHM6Ly93d3cudXNpbmVub3V2ZWxsZS5jb20vYXJ0aWNsZS9wbG9tYmVlLXBhci1sLWluZmxhdGlvbi1udXNjYWxlLXJlbm9uY2UtYS1zYS1taW5pLWNlbnRyYWxlLW51Y2xlYWlyZS1waWxvdGUtZGFucy1sLWlkYWhvLk4yMTk0OTM4\" target=\"_blank\" rel=\"noreferrer noopener\">Abandon de la construction d\u2019un premier SMR commercial aux \u00c9tats-Unis par Nuscale<\/a> (Usine Nouvelle)<\/p>\n\n\n\n<p><strong><a href=\"https:\/\/www.middleeasteye.net\/fr\/opinion-fr\/guerre-israel-palestine-gisement-gazier-gaza-milliards-dollars\">Gaza : Isra\u00ebl veut s\u2019emparer d\u2019un gisement gazier palestinien de plusieurs milliards $<\/a><\/strong> (MEE)<\/p>\n\n\n\n<p><a href=\"http:\/\/www.lequotidien-oran.com\/index.php?news=5325177&amp;archive_date=2023-11-14\">Gisements gaziers au large de Ghaza: La face cach\u00e9e d&rsquo;une sale guerre <\/a>&nbsp;(Le Quotidien d\u2019Oran)<\/p>\n\n\n\n<p><a href=\"https:\/\/api.indigo-net.com\/email\/RedirectionEmailing?mail=n.chevillard@noos.fr&amp;ID=566468&amp;DOCIID=109703480&amp;ENAIID=840466&amp;RETOUR=SIMPLE&amp;link=https:\/\/www.africaintelligence.fr\/afrique-ouest\/2023\/11\/13\/cma-cgm-maersk-msc--au-coeur-de-la-bataille-des-ports-de-lagos,110084599-ge0?cxt=PUB&amp;utm_source=AIF&amp;utm_medium=email&amp;utm_campaign=AUTO_EDIT_SOM_PROS\" target=\"_blank\" rel=\"noreferrer noopener\">CMA CGM, Maersk, MSC : au c\u0153ur de la bataille des ports de Lagos<\/a> (Africa Intelligence)<\/p>\n\n\n\n<p><strong>Analyse<\/strong><\/p>\n\n\n\n<p><a href=\"https:\/\/www.alternatives-economiques.fr\/chomage-de-retour-3-autres-infographies-a-ne-rater\/00108621\" target=\"_blank\" rel=\"noreferrer noopener\">Le ch\u00f4mage est de retour et 3 autres infographies \u00e0 ne pas rater<\/a>&nbsp;(Alter \u00e9co)<\/p>\n\n\n\n<p><a href=\"https:\/\/redirection.b2b.infopro-digital.com\/lnk\/AMYAACwQknwAAcXFPfoAAHnKuI0AAABZQUUAANzvAAwsSQBlUly7QrPom0amSNialMU5sQlRMAAMCy8\/4\/enI6lRcdWWLfuOfoFcMXGQ\/aHR0cHM6Ly93d3cudXNpbmVub3V2ZWxsZS5jb20vYXJ0aWNsZS9jb21tZW50LWxlLXBsYXN0aXF1ZS1wb3Vyc3VpdC1zb24taXJyZXNpc3RpYmxlLWFzY2Vuc2lvbi1tYWxncmUtc29uLWVtcHJlaW50ZS1zdXItbGUtY2xpbWF0Lk4yMTg4OTU4P3V0bV9zb3VyY2U9bmV3c2xldHRlciZ1dG1fbWVkaXVtPWVtYWlsJnV0bV9jYW1wYWlnbj1pbmZvX2xhLXF1b3RpZGllbm5lJmVtYWlsPTIwNDMzMjg2NTMmaWRiZGQ9NTY1NTk\" target=\"_blank\" rel=\"noreferrer noopener\">Comment le plastique poursuit son irr\u00e9sistible ascension malgr\u00e9 son empreinte sur le climat<\/a> (Usine Nouvelle)<\/p>\n\n\n\n<p><mark style=\"background-color:rgba(0, 0, 0, 0);color:#ee0505\" class=\"has-inline-color\"><strong>15 novembre<\/strong><\/mark><\/p>\n\n\n\n<p><strong>France<a><\/a><a><\/a><a><\/a><\/strong><\/p>\n\n\n\n<p><a href=\"https:\/\/www.mediapart.fr\/journal\/economie-et-social\/141123\/autoroutes-les-fausses-promesses-de-taxation-de-la-rente-faites-par-bercy\" target=\"_blank\" rel=\"noreferrer noopener\"><strong>Autoroutes : les fausses promesses de taxation de la rente faites par Bercy<\/strong><\/a><strong> &nbsp;<\/strong>-Martine Orange (M\u00e9diapart)<\/p>\n\n\n\n<p><a href=\"https:\/\/www.rue89strasbourg.com\/citiz-management-toxique-entreprise-solidaire-284939\" target=\"_blank\" rel=\"noreferrer noopener\">\u00c0 Citiz, l\u2019\u00e9lan de l\u2019entreprise solidaire plomb\u00e9 par un management toxique<\/a> (Rue89 Strasbourg)<\/p>\n\n\n\n<p><a href=\"https:\/\/www.alternatives-economiques.fr\/plan-dinvestissement-massif-lhopital-public\/00108577\" target=\"_blank\" rel=\"noreferrer noopener\">O\u00f9 est le plan d\u2019investissement massif pour l\u2019h\u00f4pital public ?<\/a> (Alter \u00e9co)<\/p>\n\n\n\n<p><a href=\"https:\/\/www.francetvinfo.fr\/economie\/inflation\/energie-l-etat-et-edf-s-accordent-sur-un-prix-de-l-electricite-nucleaire-autour-de-70-euros-le-megawattheure_6183093.html\">Prix de l&rsquo;\u00e9nergie : l&rsquo;Etat et EDF s&rsquo;accordent sur un MWH issu du nucl\u00e9aire autour de 70 \u20ac<\/a> (France Info)<\/p>\n\n\n\n<p><a href=\"https:\/\/theconversation.com\/un-effondrement-de-la-productivite-des-salaries-francais-en-trompe-loeil-217123\">Un effondrement de la productivit\u00e9 des salari\u00e9s fran\u00e7ais en&nbsp;trompe-l\u2019\u0153il<\/a> (The conversation)<\/p>\n\n\n\n<p><strong>Monde<\/strong><\/p>\n\n\n\n<p><a href=\"https:\/\/orientxxi.info\/magazine\/entreprises-de-defense-les-dividendes-de-la-guerre-a-gaza,6874\" target=\"_blank\" rel=\"noreferrer noopener\">Entreprises de d\u00e9fense, les dividendes de la guerre \u00e0 Gaza<\/a> (Orient XXI)<\/p>\n\n\n\n<p><a href=\"https:\/\/www.lemediatv.fr\/emissions\/2023\/dette-comment-loccident-empeche-lafrique-de-se-developper-qeFc7Iv3R7qXi3t1nT5qSw\" target=\"_blank\" rel=\"noreferrer noopener\">Dette : Comment l&rsquo;occident emp\u00eache l&rsquo;Afrique de se d\u00e9velopper<\/a> (Le M\u00e9dia)<\/p>\n\n\n\n<p><a href=\"https:\/\/www.off-investigation.fr\/casse-moteur-chez-renault-13-millions-de-vehicules-concernes-en-europelinterview-de-olivier-blanchet\/\" target=\"_blank\" rel=\"noreferrer noopener\">\u00ab Casse moteur chez Renault : 1,3 millions de v\u00e9hicules concern\u00e9s en Europe \u00bb<\/a> (Off Investigation)<\/p>\n\n\n\n<p><a href=\"https:\/\/www.nouvelobs.com\/ecologie\/20231112.OBS80756\/cop28-des-lanceurs-d-alerte-denoncent-le-double-jeu-de-mckinsey-sur-le-climat.html\"><strong>COP28&nbsp;: des lanceurs d\u2019alerte d\u00e9noncent le double jeu de McKinsey sur le climat <\/strong><\/a><strong>&nbsp;<\/strong>(L\u2019Obs)<\/p>\n\n\n\n<p><a href=\"https:\/\/www.capital.fr\/economie-politique\/guerre-israel-hamas-des-syndicalistes-bloquent-une-usine-darmements-en-angleterre-1485025\">Gaza&nbsp;: des syndicalistes bloquent une usine d&rsquo;armements en Angleterre <\/a>&nbsp;(Capital)<\/p>\n\n\n\n<p><a href=\"https:\/\/www.capital.fr\/economie-politique\/comment-la-russie-dejoue-les-sanctions-pour-exporter-son-petrole-1484784\">Comment la Russie d\u00e9joue les sanctions pour exporter son p\u00e9trole <\/a>&nbsp;(Capital)<\/p>\n\n\n\n<p><strong>Analyse<\/strong><\/p>\n\n\n\n<p><strong><a href=\"https:\/\/www.alternatives-economiques.fr\/neuf-graphiques-contrer-fantasmes-limmigration\/00108618\">Neuf graphiques pour contrer les fantasmes sur l\u2019immigration<\/a> <\/strong>(Alter \u00e9co)<\/p>\n\n\n\n<p><a href=\"https:\/\/www.alternatives-economiques.fr\/eric-monnet\/fragmentation-monde-futur-monnaies-internationales\/00108538\" target=\"_blank\" rel=\"noreferrer noopener\">La fragmentation du monde et le futur des monnaies internationales<\/a> (Alter \u00e9co)<\/p>\n\n\n\n<p><a href=\"https:\/\/theconversation.com\/comment-le-rechauffement-climatique-redessine-la-carte-du-commerce-international-217336\">Comment le r\u00e9chauffement climatique redessine la carte du commerce international<\/a> (The conversation)<\/p>\n\n\n\n<p><a href=\"https:\/\/theconversation.com\/economie-numerique-le-bilan-comptable-reflete-mal-la-valeur-economique-des-entreprises-216934\">\u00c9conomie num\u00e9rique&nbsp;: le bilan comptable refl\u00e8te mal la valeur \u00e9conomique des&nbsp;entreprises<\/a> (The conversation)<\/p>\n\n\n\n<p><a href=\"https:\/\/theconversation.com\/demissionner-pour-lenvironnement-songez-vous-aussi-au-climate-quitting-217016\">D\u00e9missionner pour l\u2019environnement&nbsp;: songez-vous aussi au \u00ab&nbsp;climate quitting&nbsp;\u00bb&nbsp;?<\/a> (The conversation)<\/p>\n\n\n\n<p><a href=\"https:\/\/www.alternatives-economiques.fr\/christian-chavagneux\/bce-deboussolee\/00108612\" target=\"_blank\" rel=\"noreferrer noopener\">La BCE d\u00e9boussol\u00e9e<\/a> (Alter \u00e9co)<\/p>\n\n\n\n<p><mark style=\"background-color:rgba(0, 0, 0, 0);color:#ee0505\" class=\"has-inline-color\"><strong>13 novembre<\/strong><\/mark><\/p>\n\n\n\n<p><strong>France<\/strong><\/p>\n\n\n\n<p><a href=\"https:\/\/www.alternatives-economiques.fr\/economiser-investir-plus-injonctions-contradictoires-gouvernement-a\/00108597\" target=\"_blank\" rel=\"noreferrer noopener\">Economiser et investir plus : les injonctions contradictoires du gouvernement aux collectivit\u00e9s locales<\/a>&nbsp;(Alter \u00e9co)<\/p>\n\n\n\n<p><a href=\"https:\/\/www.lemonde.fr\/economie\/article\/2023\/11\/13\/reindustrialisation-de-la-france-le-defi-de-l-acceptabilite-sociale_6199805_3234.html\">R\u00e9industrialisation&nbsp;: la perspective de nouveaux emplois n\u2019est plus suffisante face aux menaces environnementales<\/a> (Le Monde)<\/p>\n\n\n\n<p><a href=\"https:\/\/www.lemonde.fr\/economie\/article\/2023\/11\/11\/la-crise-du-logement-renforce-les-tensions-sur-le-marche-du-travail_6199505_3234.html\">La crise du logement renforce les tensions sur le march\u00e9 du travail<\/a> (Le Monde)<\/p>\n\n\n\n<figure class=\"wp-block-image size-full\"><img data-recalc-dims=\"1\" loading=\"lazy\" decoding=\"async\" width=\"377\" height=\"238\" src=\"https:\/\/i0.wp.com\/www.rdpemancipation.org\/wp-content\/uploads\/2023\/11\/image-7.png?resize=377%2C238&#038;ssl=1\" alt=\"\" class=\"wp-image-122228\" srcset=\"https:\/\/i0.wp.com\/www.rdpemancipation.org\/wp-content\/uploads\/2023\/11\/image-7.png?w=377&amp;ssl=1 377w, https:\/\/i0.wp.com\/www.rdpemancipation.org\/wp-content\/uploads\/2023\/11\/image-7.png?resize=300%2C189&amp;ssl=1 300w\" sizes=\"auto, (max-width: 377px) 100vw, 377px\" \/><\/figure>\n\n\n\n<p><a href=\"https:\/\/france.attac.org\/actus-et-medias\/salle-de-presse\/article\/black-friday-mettons-amazon-hors-service-8950\" target=\"_blank\" rel=\"noreferrer noopener\">Black Friday : mettons Amazon hors service !<\/a> (Attac France)<\/p>\n\n\n\n<p><a href=\"https:\/\/www.revolutionpermanente.fr\/Ventes-d-armes-l-Etat-et-les-entreprises-francaises-ont-du-sang-sur-les-mains-en-Palestine\">Ventes d\u2019armes&nbsp;: l\u2019Etat et les entreprises fran\u00e7aises ont du sang sur les mains en Palestine<\/a> (RP)<\/p>\n\n\n\n<p><strong>Monde<\/strong><\/p>\n\n\n\n<p><a href=\"https:\/\/www.middleeasteye.net\/fr\/actu-et-enquetes\/palestine-israel-france-boycott-carrefour-mcdonalds-bds-gaza-guerre-colonisation\">Carrefour et McDonald\u2019s dans le viseur de la campagne de boycott pour Gaza<\/a> (MEE)<\/p>\n\n\n\n<p><a href=\"https:\/\/www.lemonde.fr\/international\/live\/2023\/11\/12\/en-direct-guerre-en-ukraine-la-finlande-achete-un-systeme-antimissile-a-israel-face-a-la-menace-constituee-par-la-russie_6199660_3210.html\">La Finlande ach\u00e8te un&nbsp;syst\u00e8me antimissile \u00e0&nbsp;Isra\u00ebl face \u00e0&nbsp;la&nbsp;menace constitu\u00e9e par la Russie<\/a> (Le Monde)<\/p>\n\n\n\n<p><strong><a href=\"https:\/\/reporterre.net\/BMW-et-Renault-impliques-dans-un-scandale-ecologique-au-Maroc\" target=\"_blank\" rel=\"noreferrer noopener\">BMW et Renault impliqu\u00e9s dans un scandale \u00e9cologique au Maroc<\/a><\/strong> (Reporterre)<\/p>\n\n\n\n<p><strong><a href=\"https:\/\/www.contretemps.eu\/greve-automobile-usa-syndicats-uaw-victoire\/\">Gr\u00e8ve dans l\u2019automobile aux \u00c9tats-Unis : une victoire qui en appelle d\u2019autres !<\/a><\/strong> (Contretemps)<\/p>\n\n\n\n<p><strong>Analyse<\/strong><\/p>\n\n\n\n<p><a href=\"https:\/\/www.lemonde.fr\/economie\/article\/2023\/11\/12\/pourquoi-les-start-up-sont-confrontees-a-la-frilosite-des-investisseurs_6199712_3234.html\">Pourquoi les start-up sont confront\u00e9es \u00e0 la frilosit\u00e9 des investisseurs<\/a> (Le Monde)<\/p>\n\n\n\n<p><a href=\"https:\/\/www.lemonde.fr\/economie\/article\/2023\/11\/10\/porte-conteneurs-l-accostage-brutal-des-geants-des-mers_6199384_3234.html\">Porte-conteneurs&nbsp;: l\u2019accostage brutal des g\u00e9ants des mers<\/a> (Le Monde)<\/p>\n\n\n\n<p><strong><a href=\"https:\/\/lvsl.fr\/lecosocialisme-de-marx-loeuvre-de-reinterpretation-par-kohei-saito\/\" target=\"_blank\" rel=\"noreferrer noopener\">L\u2019\u00e9cosocialisme de Marx : l\u2019\u0153uvre de r\u00e9interpr\u00e9tation par Kohei Saito<\/a><\/strong> (Le Vent Se L\u00e8ve)<\/p>\n\n\n\n<p><mark style=\"background-color:rgba(0, 0, 0, 0);color:#ee0505\" class=\"has-inline-color\"><strong>12 novembre<\/strong><\/mark><\/p>\n\n\n\n<p><strong>France<a><\/a><a><\/a><a><\/a><\/strong><\/p>\n\n\n\n<p><a href=\"https:\/\/www.boursorama.com\/actualite-economique\/actualites\/etat-hypocrite-des-agriculteurs-defendent-des-mesures-pour-l-environnement-ed27b376a7b668c2d205b1e13d20f572\"><strong>\u00ab\u00a0Etat hypocrite\u00a0\u00bb: des agriculteurs d\u00e9fendent des mesures pour l&rsquo;environnement<\/strong><\/a>(AFP)<strong> &nbsp;&nbsp;<\/strong><\/p>\n\n\n\n<p><a href=\"https:\/\/www.latribune.fr\/economie\/france\/assurance-chomage-les-intermittents-seuls-a-avoir-reussi-a-preserver-leurs-droits-982999.html\">Assurance ch\u00f4mage&nbsp;: les intermittents, seuls, \u00e0 avoir r\u00e9ussi \u00e0 pr\u00e9server leurs droits<\/a> (La Tribune)<\/p>\n\n\n\n<p><a href=\"https:\/\/www.humanite.fr\/social-et-economie\/assurance-chomage-intermittents\/assurance-chomage-laccord-des-partenaires-sociaux-sous-la-menace-du-gouvernement\" target=\"_blank\" rel=\"noreferrer noopener\">Assurance ch\u00f4mage : l\u2019accord des partenaires sociaux sous la menace du gouvernement<\/a>&nbsp; (L\u2019Humanit\u00e9)<\/p>\n\n\n\n<p><a href=\"https:\/\/www.latribune.fr\/economie\/france\/emploi-vers-une-chute-des-embauches-de-cadres-a-la-fin-2023-982777.html\">Emploi&nbsp;: vers une chute des embauches de cadres \u00e0 la fin 2023<\/a> (La Tribune)<\/p>\n\n\n\n<p><a href=\"https:\/\/www.latribune.fr\/economie\/france\/au-salon-du-made-in-france-les-industriels-entre-fierte-et-desarroi-982866.html\">Au salon du Made in France, les industriels entre fiert\u00e9 et d\u00e9sarroi<\/a> (La Tribune)<\/p>\n\n\n\n<p><a href=\"https:\/\/www.latribune.fr\/economie\/france\/bercy-epingle-224-entreprises-pour-des-retards-de-paiement-a-leurs-fournisseurs-982760.html\">Bercy \u00e9pingle 224 entreprises pour des retards de paiement \u00e0 leurs fournisseurs<\/a> (La Tribune)<\/p>\n\n\n\n<p><a href=\"https:\/\/www.latribune.fr\/entreprises-finance\/industrie\/aeronautique-defense\/le-gouvernement-ne-compte-ni-nationaliser-atos-ni-prendre-une-participation-982718.html\">&nbsp;Le gouvernement ne compte ni nationaliser Atos, ni prendre une participation<\/a> (La Tribune)<\/p>\n\n\n\n<p><a href=\"https:\/\/www.cafepedagogique.net\/2023\/11\/09\/budget-2024-un-49-3-en-forme-de-pied-de-nez\/?utm_campaign=Lexpresso_09-11-2023_1&amp;utm_medium=email&amp;utm_source=Expresso\">Budget 2024 : Un 49-3 en forme de pied de nez<\/a>&nbsp;(Caf\u00e9 p\u00e9dagogique)<\/p>\n\n\n\n<p><strong>Monde<\/strong><\/p>\n\n\n\n<p><a href=\"https:\/\/www.boursorama.com\/actualite-economique\/actualites\/le-tresor-americain-travaille-a-des-relations-saines-avec-la-chine-02e4526839bb9fa2f9122003ca31f4de\">Le Tr\u00e9sor am\u00e9ricain travaille \u00e0 des relations \u00ab\u00a0saines\u00a0\u00bb avec la Chine<\/a>(AFP) &nbsp;&nbsp;<\/p>\n\n\n\n<p><a href=\"https:\/\/www.latribune.fr\/economie\/international\/en-russie-le-poison-lent-des-sanctions-982959.html\">En Russie, le poison lent des sanctions<\/a> (La Tribune)<\/p>\n\n\n\n<p><a href=\"https:\/\/redirection.b2b.infopro-digital.com\/lnk\/AVwAACuvFzMAAcXFPVYAAHnKuI0AAABZQTkAANzrAAwsSQBlULKc1SWF9LpEQeGzRA2QXsk4bAAMCy8\/9\/9J2GWIzWpkPQ4Mtpu5lqfg\/aHR0cHM6Ly93d3cudXNpbmUtZGlnaXRhbGUuZnIvYXJ0aWNsZS9kZS00Ny1taWxsaWFyZHMtZGUtZG9sbGFycy1kZS12YWxvcmlzYXRpb24tYS1sYS1mYWlsbGl0ZS1sLWluZWx1Y3RhYmxlLWNodXRlLWRlLXdld29yay5OMjE5MTQ5Mz91dG1fc291cmNlPW5ld3NsZXR0ZXImdXRtX21lZGl1bT1lbWFpbCZ1dG1fY2FtcGFpZ249aW5mb191ZC13ZWVrLWVuZCZlbWFpbD0yMDQzMzI4NjUzJmlkYmRkPTU2NTU1\" target=\"_blank\" rel=\"noreferrer noopener\">De 47 milliards $ de valorisation \u00e0 la faillite : l&rsquo;in\u00e9luctable chute de WeWork<\/a> (Usine Digitale)<\/p>\n\n\n\n<p><a href=\"https:\/\/redirection.b2b.infopro-digital.com\/lnk\/AVwAACuvFzMAAcXFPVYAAHnKuI0AAABZQTkAANzrAAwsSQBlULKc1SWF9LpEQeGzRA2QXsk4bAAMCy8\/13\/mjKLqUG9v5QvA48HMrk2mw\/aHR0cHM6Ly93d3cudXNpbmUtZGlnaXRhbGUuZnIvYXJ0aWNsZS9jcnVpc2UtbGljZW5jaWUtdW5lLXBhcnRpZS1kZS1zZXMtZW1wbG95ZXMtc3VpdGUtYS1sLWFycmV0LWNvbXBsZXQtZGUtc2VzLW9wZXJhdGlvbnMuTjIxOTQwOTg_dXRtX3NvdXJjZT1uZXdzbGV0dGVyJnV0bV9tZWRpdW09ZW1haWwmdXRtX2NhbXBhaWduPWluZm9fdWQtd2Vlay1lbmQmZW1haWw9MjA0MzMyODY1MyZpZGJkZD01NjU1NQ\" target=\"_blank\" rel=\"noreferrer noopener\">Cruise licencie une partie de ses employ\u00e9s suite \u00e0 l&rsquo;arr\u00eat complet de ses op\u00e9rations<\/a> (Usine Digitale)<\/p>\n\n\n\n<p><a href=\"https:\/\/www.alternatives-economiques.fr\/robert-boyer\/nouvelle-geographie-de-lautomobile\/00108413\" target=\"_blank\" rel=\"noreferrer noopener\">La nouvelle g\u00e9ographie de l\u2019automobile<\/a>&nbsp;(Alter \u00e9co)<\/p>\n\n\n\n<p><strong>Analyse<\/strong><\/p>\n\n\n\n<p><a href=\"https:\/\/www.wsws.org\/fr\/articles\/2023\/11\/11\/bjwr-n11.html\">L\u2019incertitude et la crainte montent dans les milieux financiers dirigeants<\/a>&nbsp;(wsws)<\/p>\n\n\n\n<p><a href=\"https:\/\/www.alternatives-economiques.fr\/lagriculture-preserve-leau\/00108310\" target=\"_blank\" rel=\"noreferrer noopener\">Quand l\u2019agriculture pr\u00e9serve l\u2019eau<\/a>&nbsp;(Alter \u00e9co)<\/p>\n\n\n\n<p><mark style=\"background-color:rgba(0, 0, 0, 0);color:#ee0505\" class=\"has-inline-color\"><strong>10 novembre<\/strong><\/mark><\/p>\n\n\n\n<p><strong>France<\/strong><\/p>\n\n\n\n<p><a href=\"https:\/\/redirection.b2b.infopro-digital.com\/lnk\/AU4AACtiFF0AAcXFPGoAAHnKuI0AAABZQUUAANzvAAwsSQBlTSkNTSQjKTL_Rg6NObFjaKMwOQAMCy8\/11\/lglwYJ6B7XvPn4mPImA1zg\/aHR0cHM6Ly93d3cudXNpbmVub3V2ZWxsZS5jb20vZWRpdG9yaWFsL2xlLWNvbWl0ZS1kLWVudHJlcHJpc2UtZC1hdG9zLW5lLXNlLXByb25vbmNlLXBhcy1zdXItbGUtcHJvamV0LWRlLWNlc3Npb24tZGUtdGVjaC1mb3VuZGF0aW9ucy5OMjE5MzU1Mz91dG1fc291cmNlPW5ld3NsZXR0ZXImdXRtX21lZGl1bT1lbWFpbCZ1dG1fY2FtcGFpZ249aW5mb19sYS1xdW90aWRpZW5uZSZlbWFpbD0yMDQzMzI4NjUzJmlkYmRkPTU2NTU5\" target=\"_blank\" rel=\"noreferrer noopener\">Le comit\u00e9 d\u2019entreprise d\u2019Atos ne se prononce pas sur le projet de cession de Tech Foundations<\/a> (Usine Nouvelle)<\/p>\n\n\n\n<p><a href=\"https:\/\/www.connaissancedesenergies.org\/afp\/parafoudres-radioactifs-ex-salaries-dorange-et-syndicats-veulent-saisir-un-juge-231110-0\">Parafoudres radioactifs: ex-salari\u00e9s d&rsquo;Orange et syndicats veulent saisir un juge<\/a> (AFP)<\/p>\n\n\n\n<p><a href=\"https:\/\/www.connaissancedesenergies.org\/afp\/nouvelle-vie-industrielle-en-moselle-les-energies-renouvelables-pour-remplacer-les-houilleres-231109\">Nouvelle vie industrielle en Moselle : les \u00e9nergies renouvelables pour remplacer les houill\u00e8res<\/a> (AFP)<\/p>\n\n\n\n<p><a href=\"https:\/\/redirection.b2b.infopro-digital.com\/lnk\/AVQAACtSx_kAAcXFO7IAAHnKuI0AAABZQTkAANzxAAwsSQBlTIfN7I8K2hBPRgiaUomSKGakTgAMCy8\/17\/JAqbh1aRSK9mJA-FiE299Q\/aHR0cHM6Ly93d3cudXNpbmUtZGlnaXRhbGUuZnIvYXJ0aWNsZS9vcmFuZ2UtZWNvcGUtZC11bmUtYW1lbmRlLWRlLTI2LW1pbGxpb25zLWQtZXVyb3MtY2FyLWlsLW4tYS1wYXMtdGVudS1zZXMtZW5nYWdlbWVudHMtZGUtZGVwbG9pZW1lbnQtZGUtbGEtZmlicmUuTjIxOTI4NjM_dXRtX3NvdXJjZT1uZXdzbGV0dGVyJnV0bV9tZWRpdW09ZW1haWwmdXRtX2NhbXBhaWduPWluZm9fdWQtcXVvdGlkaWVubmUmZW1haWw9MjA0MzMyODY1MyZpZGJkZD01NjU2MQ\" target=\"_blank\" rel=\"noreferrer noopener\">Orange \u00e9cope d&rsquo;une amende de 26 mns \u20ac car il n&rsquo;a pas tenu ses engagements de d\u00e9ploiement de la fibre<\/a> (Usine Digitale)<\/p>\n\n\n\n<p><strong><a href=\"https:\/\/basta.media\/loi-agriculture-ecologique-sociale-gouvernement-refuse\" target=\"_blank\" rel=\"noreferrer noopener\">Une loi pour rendre l&rsquo;agriculture plus \u00e9cologique et sociale ? Le gouvernement s&rsquo;y refuse<\/a> <\/strong>(Basta!)<\/p>\n\n\n\n<p><a href=\"https:\/\/www.alternatives-economiques.fr\/bouclier-contre-linflation-livret-depargne-populaire-reste-utilis\/00108492\" target=\"_blank\" rel=\"noreferrer noopener\">Bouclier contre l&rsquo;inflation, le livret d\u2019\u00e9pargne populaire reste sous-utilis\u00e9<\/a> (Alter \u00e9co)<\/p>\n\n\n\n<p><strong><a href=\"https:\/\/www.francetvinfo.fr\/replay-radio\/le-brief-eco\/epargne-le-livret-a-va-financer-l-industrie-de-la-defense_6144471.html\">Le Livret A va financer l\u2019industrie de la d\u00e9fense<\/a> (<\/strong>France Info)<\/p>\n\n\n\n<p><a href=\"https:\/\/www.francetvinfo.fr\/economie\/emploi\/chomage\/reforme-de-l-assurance-chomage-les-negociations-reprennent-entre-syndicats-et-patronat_6173298.html\">Assurance-ch\u00f4mage : les n\u00e9gociations reprennent entre syndicats et patronat<\/a> (France Info)<\/p>\n\n\n\n<p><strong>Monde<\/strong><\/p>\n\n\n\n<p><a href=\"https:\/\/redirection.b2b.infopro-digital.com\/lnk\/AUcAACvEmMoAAcXFPIYAAHnKuI0AAABZQTkAANzxAAwsSQBlTd3zfWl3Y203SeyWV5mPz00XmQAMCy8\/13\/N44HCE0Vm4eehNBuvDL_Ng\/aHR0cHM6Ly93d3cudXNpbmUtZGlnaXRhbGUuZnIvYXJ0aWNsZS9mYWNlLWF1eC1hdmFudGFnZXMtZmlzY2F1eC1kLWFwcGxlLWxhLWNvbW1pc3Npb24tZXVyb3BlZW5uZS1vYnRpZW50LXVuZS1wcmVtaWVyZS12aWN0b2lyZS5OMjE5MzY2OD91dG1fc291cmNlPW5ld3NsZXR0ZXImdXRtX21lZGl1bT1lbWFpbCZ1dG1fY2FtcGFpZ249aW5mb191ZC1xdW90aWRpZW5uZSZlbWFpbD0yMDQzMzI4NjUzJmlkYmRkPTU2NTYx\" target=\"_blank\" rel=\"noreferrer noopener\">Face aux avantages fiscaux d&rsquo;Apple, la Commission europ\u00e9enne obtient une premi\u00e8re victoire<\/a> (Usine Digitale)<\/p>\n\n\n\n<p><a href=\"https:\/\/api.indigo-net.com\/email\/RedirectionEmailing?mail=n.chevillard@noos.fr&amp;ID=565542&amp;DOCIID=109703480&amp;ENAIID=839544&amp;RETOUR=SIMPLE&amp;link=https:\/\/www.intelligenceonline.fr\/grands-contrats\/2023\/11\/09\/les-autorites-pro-russes-de-donetsk-a-la-peche-aux-investisseurs-pour-le-charbon,110083973-art?cxt=PUB&amp;utm_source=LMR&amp;utm_medium=email&amp;utm_campaign=AUTO_EDIT_SOM_PROS\" target=\"_blank\" rel=\"noreferrer noopener\">Russie,&nbsp;Ukraine Les autorit\u00e9s pro-russes de Donetsk \u00e0 la p\u00eache aux investisseurs pour le charbon<\/a> (Intelligence online)<a href=\"https:\/\/www.lemonde.fr\/economie\/article\/2023\/11\/07\/le-geant-des-bureaux-partages-wework-depose-le-bilan-en-amerique-du-nord_6198658_3234.html\"><\/a><\/p>\n\n\n\n<p><a href=\"https:\/\/www.lemonde.fr\/economie\/article\/2023\/11\/07\/le-geant-des-bureaux-partages-wework-depose-le-bilan-en-amerique-du-nord_6198658_3234.html\">WeWork, le sp\u00e9cialiste des bureaux partag\u00e9s, d\u00e9pose le&nbsp;bilan en&nbsp;Am\u00e9rique du Nord<\/a> (Le Monde)<\/p>\n\n\n\n<p><strong><a href=\"https:\/\/www.boursorama.com\/actualite-economique\/actualites\/le-double-jeu-du-cabinet-mckinsey-sur-le-climat-selon-des-lanceurs-d-alerte-41a7d36c371756e04c713cf089dc5f2a\">Le double jeu du cabinet McKinsey sur le climat, selon des lanceurs d&rsquo;alerte<\/a> <\/strong>(AFP)<\/p>\n\n\n\n<p><strong>Analyse<\/strong><\/p>\n\n\n\n<p><a><\/a><a href=\"https:\/\/www.lemonde.fr\/economie\/article\/2023\/10\/31\/ferroviaire-la-gestion-absurde-de-la-ligne-saintes-niort-symbole-d-une-maintenance-erratique-du-reseau_6197477_3234.html\">Ferroviaire&nbsp;: la gestion absurde de la ligne Saintes-Niort, symbole d\u2019une maintenance erratique du r\u00e9seau<\/a> (Le Monde)<\/p>\n\n\n\n<p><a href=\"https:\/\/www.connaissancedesenergies.org\/tribune-actualite-energies\/prix-de-lenergie-en-hausse-renovation-qui-stagne-comment-expliquer-ce-paradoxe\">Prix de l\u2019\u00e9nergie en hausse, r\u00e9novation qui stagne&nbsp;: comment expliquer ce&nbsp;paradoxe&nbsp;?<\/a> (Connaissance des \u00e9nergies)&nbsp;<\/p>\n\n\n\n<p><mark style=\"background-color:rgba(0, 0, 0, 0);color:#ee0505\" class=\"has-inline-color\"><strong>8 novembre<\/strong><\/mark><\/p>\n\n\n\n<p><strong>France<a><\/a><a><\/a><a><\/a><\/strong><\/p>\n\n\n\n<p><a href=\"https:\/\/www.lemonde.fr\/politique\/article\/2023\/11\/08\/budget-de-l-etat-elisabeth-borne-declenche-un-seizieme-49-3_6198792_823448.html\">Budget de l\u2019Etat&nbsp;: Elisabeth Borne d\u00e9clenche un seizi\u00e8me 49.3<\/a> (Le Monde)<\/p>\n\n\n\n<p><a href=\"https:\/\/www.alternatives-economiques.fr\/jeunes-plombent-productivite-francaise\/00108573\" target=\"_blank\" rel=\"noreferrer noopener\">Les jeunes plombent-ils la productivit\u00e9 fran\u00e7aise ?<\/a>&nbsp;(Alter \u00e9co)<\/p>\n\n\n\n<p><a href=\"https:\/\/www.francetvinfo.fr\/economie\/pouvoir-achat\/le-pouvoir-d-achat-des-salaries-du-prive-est-en-baisse-sauf-pour-les-smicards_6171438.html\">Le pouvoir d\u2019achat des salari\u00e9s du priv\u00e9 est en baisse, sauf pour les personnes au smic<\/a> (France Info)<\/p>\n\n\n\n<p><a href=\"https:\/\/www.blast-info.fr\/emissions\/2023\/dette-publique-la-realite-derriere-les-discours-catastrophistes-hpLp6L6PQXSdJrLteGvjcw\" target=\"_blank\" rel=\"noreferrer noopener\">Dette publique : la r\u00e9alit\u00e9 derri\u00e8re les discours catastrophistes<\/a>&nbsp;(Blast)<\/p>\n\n\n\n<p><a href=\"https:\/\/basta.media\/film-proces-france-telecom-orange-cinema-documentaire\" target=\"_blank\" rel=\"noreferrer noopener\">\u00ab Par la fen\u00eatre ou par la porte \u00bb : film sur l&rsquo;affaire France T\u00e9l\u00e9com \u00e0 voir en salle<\/a> (Basta!)<\/p>\n\n\n\n<p><a href=\"https:\/\/www.alternatives-economiques.fr\/chez-vuitton-hermes-luxe-blesse-ouvrieres\/00108478\" target=\"_blank\" rel=\"noreferrer noopener\">Chez Vuitton et Herm\u00e8s, le luxe blesse ses ouvri\u00e8res<\/a>&nbsp;(Alter \u00e9co)<\/p>\n\n\n\n<p><strong>Monde<\/strong><\/p>\n\n\n\n<p><a href=\"https:\/\/disclose.ngo\/fr\/article\/deforestation-au-bresil-quatre-banques-francaises-visees-par-une-plainte-pour-blanchiment\" target=\"_blank\" rel=\"noreferrer noopener\"><strong>D\u00e9forestation au Br\u00e9sil : 4 banques fran\u00e7aises vis\u00e9es par une plainte pour blanchiment<\/strong><\/a> (Disclose)<\/p>\n\n\n\n<p><a href=\"https:\/\/reporterre.net\/En-RDC-des-Congolais-refusent-de-vendre-leur-lac-a-Total\" target=\"_blank\" rel=\"noreferrer noopener\">En RDC, des Congolais refusent de \u00ab&nbsp;vendre&nbsp;\u00bb leur lac \u00e0 Total<\/a> (Reporterre)<\/p>\n\n\n\n<p><a href=\"https:\/\/www.mediapart.fr\/journal\/fil-dactualites\/081123\/secteur-petrolier-maurel-prom-va-reprendre-ses-activites-au-venezuela\">Secteur p\u00e9trolier: Maurel &amp; Prom va reprendre ses activit\u00e9s au Venezuela<\/a> (AFP)<\/p>\n\n\n\n<p><strong>Analyse<\/strong><\/p>\n\n\n\n<p><a href=\"https:\/\/www.60millions-mag.com\/2023\/11\/07\/retraite-la-pension-de-reversion-en-huit-questions-reponses-22229\" target=\"_blank\" rel=\"noreferrer noopener\">Retraite : la pension de r\u00e9version en huit questions-r\u00e9ponses<\/a>&nbsp;(60 Millions de Consommateurs)<\/p>\n\n\n\n<p><a href=\"https:\/\/www.blast-info.fr\/emissions\/2021\/charles-piaget-le-doux-reve-de-lautogestion-politique-iQHGS07xT8y5GLa4TZgaNA\" target=\"_blank\" rel=\"noreferrer noopener\">Charles Piaget : le doux r\u00eave de l&rsquo;autogestion politique<\/a>&nbsp;(Blast)<\/p>\n\n\n\n<p><a href=\"https:\/\/www.alternatives-economiques.fr\/bonus-reparation-textile-changer-mode\/00108516\" target=\"_blank\" rel=\"noreferrer noopener\">Le bonus r\u00e9paration textile peut-il changer la mode ?<\/a>&nbsp;(Alter \u00e9co)<\/p>\n\n\n\n<p><mark style=\"background-color:rgba(0, 0, 0, 0);color:#ee0505\" class=\"has-inline-color\"><strong>7 novembre<\/strong><\/mark><\/p>\n\n\n\n<p><strong>France<a><\/a><a><\/a><a><\/a><\/strong><\/p>\n\n\n\n<p><a href=\"https:\/\/api.indigo-net.com\/email\/RedirectionEmailing?mail=n.chevillard@noos.fr&amp;ID=565080&amp;DOCIID=109703480&amp;ENAIID=839085&amp;RETOUR=SIMPLE&amp;link=https:\/\/www.lalettre.fr\/fr\/entreprises_sante\/2023\/11\/07\/le-dopage-de-la-com--financiere-de-sanofi-dans-le-collimateur-du-pnf,110085311-eve?cxt=PUB&amp;utm_source=LLA&amp;utm_medium=email&amp;utm_campaign=AUTO_EDIT_SOM_PROS\" target=\"_blank\" rel=\"noreferrer noopener\">Le dopage de la com&rsquo; financi\u00e8re de Sanofi dans le collimateur du PNF<\/a> (La Lettre)<\/p>\n\n\n\n<p><a href=\"https:\/\/www.connaissancedesenergies.org\/afp\/la-france-la-traine-sur-les-reseaux-de-chauffage-urbain-231107-0\">La France \u00e0 la tra\u00eene sur les r\u00e9seaux de chauffage urbain<\/a> &nbsp;(AFP)<\/p>\n\n\n\n<p><a href=\"https:\/\/www.connaissancedesenergies.org\/afp\/engie-annonce-un-resultat-dexploitation-hors-nucleaire-en-hausse-de-274-sur-9-mois-objectifs-annuels-revises-la-hausse-231107\">Engie annonce un r\u00e9sultat d&rsquo;exploitation hors nucl\u00e9aire en hausse de 27,4% sur 9 mois<\/a> (AFP)<\/p>\n\n\n\n<p><a href=\"https:\/\/www.connaissancedesenergies.org\/afp\/un-avant-projet-de-loi-pour-reformer-la-surete-nucleaire-en-france-231106\">Un avant-projet de loi pour r\u00e9former la s\u00fbret\u00e9 nucl\u00e9aire en France<\/a> (AFP)<\/p>\n\n\n\n<p><a href=\"https:\/\/redirection.b2b.infopro-digital.com\/lnk\/AWQAAC1b_GwAAcXFOcoAAHnKuI0AAABZQUUAANzvAAwsSQBlSSx5GW2GNwD_RYi6twWJvC2qQgAMCy8\/17\/-LbgSxjkuhrm232Zd25dBQ\/aHR0cHM6Ly93d3cudXNpbmVub3V2ZWxsZS5jb20vYXJ0aWNsZS95YXJhLWZyYW5jZS1zdXBwcmltZS0xMzktcG9zdGVzLWRhbnMtc29uLXVzaW5lLWRlLW1vbnRvaXItZGUtYnJldGFnbmUuTjIxOTEzNDM_dXRtX3NvdXJjZT1uZXdzbGV0dGVyJnV0bV9tZWRpdW09ZW1haWwmdXRtX2NhbXBhaWduPWluZm9fbGEtcXVvdGlkaWVubmUmZW1haWw9MjA0MzMyODY1MyZpZGJkZD01NjU1OQ\" target=\"_blank\" rel=\"noreferrer noopener\">Yara France (engrais) supprime 139 postes dans son usine de Montoir-de-Bretagne<\/a> (Usine Nouvelle)<\/p>\n\n\n\n<p><strong>Monde<\/strong><\/p>\n\n\n\n<p><a href=\"https:\/\/fajabce.r.bh.d.sendibt3.com\/tr\/cl\/uW77dD1jLsP1xGz22mb857lhPpaYOFJvC_MirQqJgUZvdtcjKAAoNbv-y7bg4qRJAfW7Q5UbnZBKvMTsz88-ZMVvU73NQ7zcPnk_k31k3vncX8XS4NoKV--VI7PTbBwtyUbFfQMTAyWWxKx1rhU6viNGMuvgJaJy7IbLwgEAURMeI0koj4jmQbILUdoU_LIQmTCRKoyVsgVS5l8g-adez9mJUoqPKGpZRhP6JAytaMW7UD5uV-OucIx9FH3u-xy5PQS8VlLAlrBgLCtTUXgCVEu2Db-8aGGUgFsNpz8sW8fRkwGQKogw05me9_Nh2ONhSeRF__5XJlhVQ3WyUrCZQEKYLPpo33Cnp-jjiSuFBmOiZNDxk4D5ocpBWJ_W3xgMG03sLYAfrhihMnCD\" target=\"_blank\" rel=\"noreferrer noopener\"><strong>Du sang sur le Green Deal&nbsp;? L\u2019UE au service des multinationales des mines et des armes<\/strong><\/a> (Observatoire des multinationales)<\/p>\n\n\n\n<p><a href=\"https:\/\/multinationales.org\/fr\/enquetes\/du-sang-sur-le-pacte-vert\/des-minerais-critiques-pour-qui-et-pour-quoi\" target=\"_blank\" rel=\"noreferrer noopener\">Des minerais critiques pour qui et pour quoi ?<\/a>&nbsp;(Observatoire des multinationales)<\/p>\n\n\n\n<p><a href=\"https:\/\/www.mediapart.fr\/journal\/economie-et-social\/071123\/un-apres-giorgia-meloni-sous-la-surveillance-des-marches-financiers\">Un an apr\u00e8s, Giorgia Meloni sous la surveillance des march\u00e9s financiers<\/a> (M\u00e9diapart)<\/p>\n\n\n\n<p><a href=\"https:\/\/redirection.b2b.infopro-digital.com\/lnk\/AWQAAC1b_GwAAcXFOcoAAHnKuI0AAABZQUUAANzvAAwsSQBlSSx5GW2GNwD_RYi6twWJvC2qQgAMCy8\/7\/HuYT2JH5YD2swRieP4cEPg\/aHR0cHM6Ly93d3cudXNpbmVub3V2ZWxsZS5jb20vYXJ0aWNsZS90ZXNsYS12YS1mYWJyaXF1ZXItdW5lLXZvaXR1cmUtYS0yNS0wMDAtZXVyb3MtZGFucy1zb24tdXNpbmUtYWxsZW1hbmRlLXNlbG9uLXJldXRlcnMuTjIxOTExNDg_dXRtX3NvdXJjZT1uZXdzbGV0dGVyJnV0bV9tZWRpdW09ZW1haWwmdXRtX2NhbXBhaWduPWluZm9fbGEtcXVvdGlkaWVubmUmZW1haWw9MjA0MzMyODY1MyZpZGJkZD01NjU1OQ\" target=\"_blank\" rel=\"noreferrer noopener\">Tesla va fabriquer une voiture \u00e0 25 000 euros dans son usine allemande<\/a><a> (Usine Nouvelle)<\/a><\/p>\n\n\n\n<p><a href=\"https:\/\/www.connaissancedesenergies.org\/afp\/lopep-reste-optimiste-sur-la-demande-mondiale-de-brut-231107\">L&rsquo;OPEP reste \u00ab optimiste \u00bb sur la demande mondiale de brut<\/a> (AFP)<\/p>\n\n\n\n<p><a href=\"https:\/\/www.connaissancedesenergies.org\/afp\/gnl-le-qatar-signe-un-nouvel-accord-de-27-ans-avec-le-groupe-chinois-sinopec-231104\">GNL : le Qatar signe un nouvel accord de 27 ans avec le groupe chinois Sinopec<\/a> (AFP)<\/p>\n\n\n\n<p><strong>Analyse<\/strong><\/p>\n\n\n\n<p><a><\/a><a href=\"https:\/\/www.connaissancedesenergies.org\/chiffres-cles-des-energies-renouvelables-edition-2023-231106\">Chiffres cl\u00e9s des \u00e9nergies renouvelables &#8211; \u00e9dition 2023<\/a> (Connaissance des \u00e9nergies)&nbsp;<\/p>\n\n\n\n<p><a href=\"https:\/\/www.connaissancedesenergies.org\/en-librairie-carbone-fossile-carbone-vivant-de-christian-de-perthuis-extraits-231107\">En librairie : \u00ab Carbone fossile, carbone vivant \u00bb de Christian de Perthuis (extraits)<\/a> (Connaissance des \u00e9nergies)&nbsp;<\/p>\n\n\n\n<p><mark style=\"background-color:rgba(0, 0, 0, 0);color:#ee0505\" class=\"has-inline-color\"><strong>6 novembre<\/strong><\/mark><\/p>\n\n\n\n<p><strong>France<\/strong><\/p>\n\n\n\n<p><a href=\"https:\/\/www.mediapart.fr\/journal\/economie-et-social\/051123\/le-dereglement-climatique-met-au-defi-le-monde-de-l-assurance\" target=\"_blank\" rel=\"noreferrer noopener\">Le d\u00e9r\u00e8glement climatique met au d\u00e9fi le monde de l\u2019assurance<\/a>&nbsp; -Martine Orange (M\u00e9diapart)<\/p>\n\n\n\n<p><a href=\"https:\/\/www.transrural-initiatives.org\/2023\/11\/loi-dorientation-agricole-des-craintes-et-des-mobilisations\/\" target=\"_blank\" rel=\"noreferrer noopener\">Loi d\u2019orientation agricole : des craintes et des mobilisations<\/a> (Transrural initiatives)<\/p>\n\n\n\n<p><a href=\"https:\/\/www.alternatives-economiques.fr\/regulariser-travailleurs-papiers-ne-cree-dappel-dair\/00108556\" target=\"_blank\" rel=\"noreferrer noopener\">\u00ab R\u00e9gulariser des travailleurs sans papiers ne cr\u00e9e pas d&rsquo;appel d&rsquo;air \u00bb<\/a>&nbsp;(Alter \u00e9co)<\/p>\n\n\n\n<p><a href=\"https:\/\/www.alternatives-economiques.fr\/lile-doleron-plier-geants-de-location-immobiliere\/00108557\" target=\"_blank\" rel=\"noreferrer noopener\">L\u2019\u00eele d\u2019Ol\u00e9ron fait plier les g\u00e9ants de la location immobili\u00e8re<\/a>&nbsp;(Alter \u00e9co)<\/p>\n\n\n\n<p><a href=\"https:\/\/www.alternatives-economiques.fr\/cinq-ans-apres-drame-de-rue-daubagne-marseille-avance-a-petits-c\/00108544\" target=\"_blank\" rel=\"noreferrer noopener\">Cinq ans apr\u00e8s le drame de la rue d\u2019Aubagne, Marseille avance \u00e0 petits pas contre le logement indigne<\/a>&nbsp;(Alter \u00e9co)<\/p>\n\n\n\n<p><a href=\"https:\/\/www.youtube.com\/watch?v=6S7ZCPxiPbA\">Comment la France a perdu son industrie de pointe?<\/a>&nbsp; -Alain Juillet (vid\u00e9o)<\/p>\n\n\n\n<p><strong>Monde<\/strong><\/p>\n\n\n\n<p><a href=\"https:\/\/www.mediapart.fr\/journal\/economie-et-social\/041123\/le-japon-perd-sa-troisieme-place-dans-l-economie-mondiale\" target=\"_blank\" rel=\"noreferrer noopener\">Le Japon perd sa troisi\u00e8me place dans l\u2019\u00e9conomie mondiale<\/a> (M\u00e9diapart)<\/p>\n\n\n\n<p><a href=\"https:\/\/fr.statista.com\/infographie\/31151\/cout-abus-fiscal-des-entreprises-par-pays-europe\/?utm_source=Statista+Newsletters&amp;utm_campaign=8ea43d81eb-All_InfographTicker_daily_FR_2023_KW44_Thu&amp;utm_medium=email&amp;utm_term=0_662f7ed75e-8ea43d81eb-316414913\">Europe. Abus fiscal des entreprises : quel manque \u00e0 gagner pour les recettes de l&rsquo;\u00c9tat ?<\/a>&nbsp; (Statista)<\/p>\n\n\n\n<p><a href=\"https:\/\/redirection.b2b.infopro-digital.com\/lnk\/AMYAACslm4MAAcXFOTgAAHnKuI0AAABZQTkAANzxAAwsSQBlSJKix4N_K4bZSky_w6d8mPsG3gAMCy8\/13\/Un3wKChazwuo7juh5K7bKg\/aHR0cHM6Ly93d3cudXNpbmUtZGlnaXRhbGUuZnIvYXJ0aWNsZS9jb21tZW50LXVuLWFsZ29yaXRobWUtc2VjcmV0LWEtcGVybWlzLWEtYW1hem9uLWRlLWdhZ25lci11bi1taWxsaWFyZC1kZS1kb2xsYXJzLk4yMTkwNzY4P3V0bV9zb3VyY2U9bmV3c2xldHRlciZ1dG1fbWVkaXVtPWVtYWlsJnV0bV9jYW1wYWlnbj1pbmZvX3VkLXF1b3RpZGllbm5lJmVtYWlsPTIwNDMzMjg2NTMmaWRiZGQ9NTY1NjE\" target=\"_blank\" rel=\"noreferrer noopener\">Comment un algorithme secret a permis \u00e0 Amazon de gagner un milliard de dollars<\/a> (Usine Digitale)<\/p>\n\n\n\n<p><\/p>\n\n\n\n<p><strong>Analyse<\/strong><\/p>\n\n\n\n<p><strong><a href=\"https:\/\/link.newsletter.franceculture.fr\/m\/ml\/7429\/834515\/4IUKkgMJL7P7OYqEBNGrxW9C5lXTLJmivm821gAfcU8=\/SHBUfzeFgx-Ot7GUUXRMLekWCVyfoMrFfEz2w7IXmZE=\/\" target=\"_blank\" rel=\"noreferrer noopener\">200 ans apr\u00e8s Marx, peut-on se passer du concept d\u2019ali\u00e9nation&nbsp;?<\/a> <\/strong>(France Culture)<\/p>\n\n\n\n<p><a href=\"https:\/\/www.mediapart.fr\/journal\/culture-et-idees\/051123\/capitalisme-fossile-un-nouveau-regard-sur-les-luttes-des-peuples-autochtones\" target=\"_blank\" rel=\"noreferrer noopener\">Capitalisme fossile : un nouveau regard sur les luttes des peuples autochtones<\/a> (M\u00e9diapart)<\/p>\n\n\n\n<p><a href=\"https:\/\/www.economist.com\/finance-and-economics\/2023\/10\/30\/what-a-third-world-war-would-mean-for-investors\">What a third world war would mean for investors<\/a>&nbsp;(economist.com)<\/p>\n\n\n\n<p><mark style=\"background-color:rgba(0, 0, 0, 0);color:#ee0505\" class=\"has-inline-color\"><strong>4 novembre<\/strong><\/mark><\/p>\n\n\n\n<p><a href=\"https:\/\/reporterre.net\/TotalEnergies-en-Ouganda-HRW-denonce-les-pressions-contre-les-opposants-au-projet-EACOP\" target=\"_blank\" rel=\"noreferrer noopener\">Total en Ouganda&nbsp;: les opposants subissent arrestations et pressions<\/a> (Reporterre)<\/p>\n\n\n\n<p><strong>Analyse<\/strong><\/p>\n\n\n\n<p><strong><a href=\"https:\/\/lvsl.fr\/julian-assange-a-permis-de-reveler-lampleur-du-pillage-de-leconomie-francaise-par-les-etats-unis-entretien-avec-john-shipton\/\" target=\"_blank\" rel=\"noreferrer noopener\">\u00abJulian Assange a permis de r\u00e9v\u00e9ler l\u2019ampleur du pillage de l\u2019\u00e9conomie fran\u00e7aise par les \u00c9tats-Unis\u00bb John Shipton<\/a><\/strong> (LVSL)<\/p>\n\n\n\n<p><a href=\"https:\/\/link.newsletter.franceculture.fr\/m\/ml\/7429\/833957\/YeF1yW0TTeyctyJFmaUYH29C5lXTLJmivm821gAfcU8=\/X9ls0nbsPape6Fk8iLbuL5JhkYSMpNeu1+aRWdmHrsg=\/\" target=\"_blank\" rel=\"noreferrer noopener\">L&rsquo;\u00e9conomie selon Mary Shelley, cr\u00e9atrice de Frankenstein<\/a> (France Culture)<\/p>\n\n\n\n<p><strong><a href=\"https:\/\/www.alternatives-economiques.fr\/nouveau-rapport-club-de-rome-regime-de-croissance-reste-insoute\/00108528\" target=\"_blank\" rel=\"noreferrer noopener\">Nouveau rapport du Club de Rome : \u2018Notre r\u00e9gime de croissance reste insoutenable\u2019<\/a> <\/strong>(Alter \u00e9co)<\/p>\n\n\n\n<p><mark style=\"background-color:rgba(0, 0, 0, 0);color:#ee0505\" class=\"has-inline-color\"><strong>3 novembre<\/strong><\/mark><\/p>\n\n\n\n<p><strong>France<a><\/a><a><\/a><a><\/a><\/strong><\/p>\n\n\n\n<p><a href=\"https:\/\/www.latribune.fr\/economie\/france\/la-production-industrielle-continue-de-reculer-en-france-982233.html\">La production industrielle continue de reculer en France<\/a> (La Tribune)<\/p>\n\n\n\n<p><a href=\"https:\/\/redirection.b2b.infopro-digital.com\/lnk\/AWwAACyc2wwAAcXFODIAAHnKuI0AAABZQUUAANzvAAwsSQBlQ-jC_DSMnpGiT2-qxbOK-AZEHwAMCy8\/7\/UCLparJATurOPx_W9zzNRA\/aHR0cHM6Ly93d3cudXNpbmVub3V2ZWxsZS5jb20vZWRpdG9yaWFsL2wtaW5zZWUtbWVzdXJlLWxlcy1lZmZldHMtcG90ZW50aWVscy1kZS1sYS1yZWluZHVzdHJpYWxpc2F0aW9uLXN1ci1sLWVjb25vbWllLWZyYW5jYWlzZS5OMjE4OTgxMz91dG1fc291cmNlPW5ld3NsZXR0ZXImdXRtX21lZGl1bT1lbWFpbCZ1dG1fY2FtcGFpZ249aW5mb19sYS1xdW90aWRpZW5uZSZlbWFpbD0yMDQzMzI4NjUzJmlkYmRkPTU2NTU5\" target=\"_blank\" rel=\"noreferrer noopener\">L&rsquo;Insee mesure les effets potentiels de la r\u00e9industrialisation sur l&rsquo;\u00e9conomie fran\u00e7aise<\/a><a> (Usine Nouvelle)<\/a><\/p>\n\n\n\n<p><a href=\"https:\/\/www.boursorama.com\/actualite-economique\/actualites\/france-17-700-emplois-supprimes-dans-le-prive-0-1-au-3e-trimestre-selon-l-insee-19dbe1d0c7e728390299e21c49cbb615\">17.700 emplois supprim\u00e9s dans le priv\u00e9 (-0,1%) au 3e trimestre, selon l&rsquo;Insee<\/a> (AFP)<\/p>\n\n\n\n<p><a href=\"https:\/\/www.alternatives-economiques.fr\/entreprises-profitent-de-crise-3-autres-infographies-a-ne-rater\/00108525\" target=\"_blank\" rel=\"noreferrer noopener\"><strong>Les entreprises profitent de la crise et 3 autres infographies <\/strong><\/a><strong>&nbsp;<\/strong>(Alter \u00e9co)<\/p>\n\n\n\n<p><a href=\"https:\/\/www.latribune.fr\/economie\/france\/soupcons-de-prise-illegale-d-interets-les-locaux-de-bpifrance-ont-ete-perquisitionnes-en-juillet-982222.html\">Soup\u00e7ons de prise ill\u00e9gale d&rsquo;int\u00e9r\u00eats&nbsp;: les locaux de Bpifrance ont \u00e9t\u00e9 perquisitionn\u00e9s&#8230;<\/a> (La Tribune)<\/p>\n\n\n\n<p><a href=\"https:\/\/www.boursorama.com\/actualite-economique\/actualites\/budget-2024-les-credits-justice-adoptes-par-l-assemblee-malgre-les-critiques-e5d4222a2c8d4ed08582d00aacd6a85c\">Budget 2024 : les cr\u00e9dits \u00ab\u00a0justice\u00a0\u00bb adopt\u00e9s par l&rsquo;Assembl\u00e9e, malgr\u00e9 les critiques<\/a> (AFP)<\/p>\n\n\n\n<p><a href=\"https:\/\/www.boursorama.com\/actualite-economique\/actualites\/france-2030-les-deputes-votent-une-conditionnalite-des-aides-aux-entreprises-992409cad3716fb223e9e2aca78aae67\">France 2030 : les d\u00e9put\u00e9s votent une conditionnalit\u00e9 des aides aux entreprises<\/a> (AFP)<\/p>\n\n\n\n<p><a href=\"https:\/\/www.connaissancedesenergies.org\/afp\/extraction-duranium-orano-met-le-pied-en-ouzbekistan-231102\">Extraction d&rsquo;uranium : Orano met le pied en Ouzb\u00e9kistan<\/a> (AFP)<\/p>\n\n\n\n<p><a href=\"https:\/\/www.lemonde.fr\/les-decodeurs\/article\/2023\/10\/31\/bombes-carbone-totalenergies-numero-deux-mondial-des-megagisements-fossiles_6197487_4355770.html\"><strong>\u00ab&nbsp;Bombes carbone&nbsp;\u00bb&nbsp;: TotalEnergies, num\u00e9ro deux mondial des m\u00e9gagisements fossiles<\/strong><\/a>(Le Monde)<\/p>\n\n\n\n<p><a href=\"https:\/\/www.connaissancedesenergies.org\/afp\/totalenergies-prolonge-des-partenariats-avec-oman-dans-la-production-de-gnl-231102\">TotalEnergies prolonge des partenariats avec Oman dans la production de GNL<\/a> (AFP)<\/p>\n\n\n\n<p><a href=\"https:\/\/redirection.b2b.infopro-digital.com\/lnk\/AWwAACyc2wwAAcXFODIAAHnKuI0AAABZQUUAANzvAAwsSQBlQ-jC_DSMnpGiT2-qxbOK-AZEHwAMCy8\/20\/zbATWBS2fHDkL_Fy9k5hjw\/aHR0cHM6Ly93d3cudXNpbmVub3V2ZWxsZS5jb20vYXJ0aWNsZS9vbmVwb2ludC1kZXRpZW50LXByZXMtZGUtMTAtZHUtY2FwaXRhbC1kLWF0b3MuTjIxOTAwNzg_dXRtX3NvdXJjZT1uZXdzbGV0dGVyJnV0bV9tZWRpdW09ZW1haWwmdXRtX2NhbXBhaWduPWluZm9fbGEtcXVvdGlkaWVubmUmZW1haWw9MjA0MzMyODY1MyZpZGJkZD01NjU1OQ\" target=\"_blank\" rel=\"noreferrer noopener\">Onepoint d\u00e9tient pr\u00e8s de 10% du capital d&rsquo;Atos<\/a> (Usine Nouvelle)<\/p>\n\n\n\n<p><strong>Monde<\/strong><\/p>\n\n\n\n<p><a href=\"https:\/\/www.latribune.fr\/economie\/international\/comme-la-fed-et-la-bce-la-banque-d-angleterre-maintient-ses-taux-982180.html\">Comme la Fed et la BCE, la Banque d&rsquo;Angleterre maintient ses taux<\/a> (La Tribune)<\/p>\n\n\n\n<p><a href=\"https:\/\/www.latribune.fr\/technos-medias\/innovation-et-start-up\/wework-vers-la-fin-programmee-du-geant-du-coworking-982183.html\">&nbsp;WeWork&nbsp;: vers la fin programm\u00e9e du g\u00e9ant du \u00ab coworking \u00bb&nbsp;?<\/a> (La Tribune)<\/p>\n\n\n\n<p><a href=\"https:\/\/www.boursorama.com\/actualite-economique\/actualites\/allemagne-les-exportations-baissent-plus-que-prevu-en-septembre-e6478ad291998d740fe6cf41834b92ed\">Allemagne : Les exportations baissent plus que pr\u00e9vu en septembre<\/a> (Reuters)<\/p>\n\n\n\n<p><a href=\"https:\/\/www.latribune.fr\/economie\/international\/allemagne-le-chomage-repart-a-la-hausse-dans-une-economie-morose-982169.html\">Allemagne&nbsp;: le ch\u00f4mage repart \u00e0 la hausse dans une \u00e9conomie morose<\/a> (La Tribune)<\/p>\n\n\n\n<p><a href=\"https:\/\/www.boursorama.com\/actualite-economique\/actualites\/cryptomonnaies-sam-bankman-fried-coupable-risque-jusqu-a-110-ans-de-prison-762d8c9aec849288f288599b16300f0b\">Cryptomonnaies : Sam Bankman-Fried coupable, risque jusqu&rsquo;\u00e0 110 ans de prison<\/a> (AFP)<\/p>\n\n\n\n<p><a href=\"https:\/\/www.boursorama.com\/actualite-economique\/actualites\/nouvelle-baisse-du-chiffre-d-affaires-apple-malgre-un-rebond-de-l-iphone-e73b55a0f94b1e30c9d518fedd2b6042\">Nouvelle baisse du chiffre d&rsquo;affaires Apple malgr\u00e9 un rebond de l&rsquo;iPhone<\/a>(AFP)<\/p>\n\n\n\n<p><a href=\"https:\/\/www.latribune.fr\/entreprises-finance\/industrie\/automobile\/voitures-electriques-la-chine-casse-les-prix-les-modeles-europeens-restent-jusqu-a-cinq-fois-plus-chers-982207.html\">&nbsp;Voitures \u00e9lectriques&nbsp;: la Chine casse les prix<\/a> (La Tribune)<\/p>\n\n\n\n<p><a href=\"https:\/\/www.latribune.fr\/entreprises-finance\/services\/transport-logistique\/ete-record-pour-lufthansa-encore-mieux-qu-air-france-klm-982149.html\">\u00c9t\u00e9 record pour Lufthansa, encore mieux qu&rsquo;Air France-KLM<\/a> (La Tribune)<\/p>\n\n\n\n<p><strong>Analyse<\/strong><\/p>\n\n\n\n<p><a href=\"https:\/\/www.alternatives-economiques.fr\/leconomie-cette-science-nen-une\/00108517\" target=\"_blank\" rel=\"noreferrer noopener\">L&rsquo;\u00e9conomie, cette science\u2026 qui n\u2019en est pas une<\/a>&nbsp; (Alter \u00e9co)<\/p>\n\n\n\n<p><a href=\"https:\/\/www.alternatives-economiques.fr\/chine-etats-unis-guerre-technologique-sintensifie\/00108292\" target=\"_blank\" rel=\"noreferrer noopener\">Chine &#8211; Etats-Unis : la guerre technologique s&rsquo;intensifie<\/a> (Alter \u00e9co)<\/p>\n\n\n\n<p><strong><a href=\"https:\/\/www.connaissancedesenergies.org\/tribune-actualite-energies\/comment-le-magnat-du-petrole-qui-preside-la-cop28-compte-porter-les-ambitions-des-pays-du-sud\">Comment le magnat du p\u00e9trole qui pr\u00e9side la COP28 compte porter les ambitions des pays du&nbsp;Sud<\/a> <\/strong>(Connaissance des \u00e9nergies)&nbsp;<\/p>\n\n\n\n<figure class=\"wp-block-image size-full is-resized\"><img data-recalc-dims=\"1\" loading=\"lazy\" decoding=\"async\" width=\"553\" height=\"304\" src=\"https:\/\/i0.wp.com\/www.rdpemancipation.org\/wp-content\/uploads\/2023\/11\/Capture-prod-petrole.png?resize=553%2C304&#038;ssl=1\" alt=\"\" class=\"wp-image-121862\" style=\"aspect-ratio:1.819078947368421;width:560px;height:auto\" srcset=\"https:\/\/i0.wp.com\/www.rdpemancipation.org\/wp-content\/uploads\/2023\/11\/Capture-prod-petrole.png?w=553&amp;ssl=1 553w, https:\/\/i0.wp.com\/www.rdpemancipation.org\/wp-content\/uploads\/2023\/11\/Capture-prod-petrole.png?resize=300%2C165&amp;ssl=1 300w\" sizes=\"auto, (max-width: 553px) 100vw, 553px\" \/><\/figure>\n\n\n\n<p><\/p>\n\n\n\n<p><\/p>\n\n\n\n<p><mark style=\"background-color:rgba(0, 0, 0, 0);color:#ee0505\" class=\"has-inline-color\"><strong>1er novembre<\/strong><\/mark><\/p>\n\n\n\n<p><strong>France<\/strong><\/p>\n\n\n\n<p><a href=\"https:\/\/www.lemonde.fr\/les-decodeurs\/article\/2023\/10\/31\/bombes-carbone-totalenergies-numero-deux-mondial-des-megagisements-fossiles_6197487_4355770.html\">\u00ab&nbsp;Bombes carbone&nbsp;\u00bb&nbsp;: TotalEnergies, num\u00e9ro deux mondial des m\u00e9gagisements fossiles<\/a> (Le Monde)<\/p>\n\n\n\n<p><a href=\"https:\/\/www.politis.fr\/articles\/2023\/11\/les-impasses-du-budget-2024\/\" target=\"_blank\" rel=\"noreferrer noopener\">Les impasses du budget 2024<\/a> (Politis)<\/p>\n\n\n\n<p><a href=\"https:\/\/9tcmw.r.a.d.sendibm1.com\/mk\/cl\/f\/sh\/1t6Af4OiGsEag4ErG4X6uMlPB6xGT7\/17gUlcgRn2dk\" target=\"_blank\" rel=\"noreferrer noopener\">Vie et mort du quick commerce en France&nbsp;: des ann\u00e9es de non-respect de la loi<\/a> (Basta!)<\/p>\n\n\n\n<p><a href=\"https:\/\/www.connaissancedesenergies.org\/afp\/le-marche-automobile-francais-nouveau-progresse-en-octobre-mais-un-tassement-se-profile-231101\">Le march\u00e9 automobile fran\u00e7ais a progress\u00e9 en octobre mais un tassement se profile<\/a> (AFP)<\/p>\n\n\n\n<p><a href=\"https:\/\/www.connaissancedesenergies.org\/afp\/la-plus-grande-usine-de-panneaux-solaires-deurope-se-dessine-en-moselle-231101\">La \u00ab\u00a0plus grande\u00a0\u00bb usine de panneaux solaires d&rsquo;Europe se dessine en Moselle<\/a> (AFP)<\/p>\n\n\n\n<p><a href=\"https:\/\/www.mediapart.fr\/journal\/fil-dactualites\/311023\/france-l-inflation-ralentit-nettement-en-octobre-4-sur-un-selon-l-insee\">L\u2019inflation ralentit nettement en octobre, \u00e0 4% sur un an, selon l\u2019Insee<\/a><a> (AFP)<\/a><\/p>\n\n\n\n<p><a href=\"https:\/\/www.mediapart.fr\/journal\/fil-dactualites\/311023\/france-la-croissance-du-pib-ralenti-01-au-troisieme-trimestre-insee\">La croissance du PIB a ralenti \u00e0 0,1% au troisi\u00e8me trimestre (Insee)<\/a> (AFP)<\/p>\n\n\n\n<p><a href=\"https:\/\/redirection.b2b.infopro-digital.com\/lnk\/AWAAACo5h84AAcXFN1wAAHnKuI0AAABZQUUAANzvAAwsSQBlQUObLt9ETnHcT2OBa26Sng_sSQAMCy8\/4\/F8_3Xtjv2-iuan34SszTYA\/aHR0cHM6Ly93d3cudXNpbmVub3V2ZWxsZS5jb20vYXJ0aWNsZS9sZXMtYXRvdXRzLWRlcy1lcHIxMjAwLWQtZWRmLXBvdXItbGEtcmVwdWJsaXF1ZS10Y2hlcXVlLWZhY2UtYS13ZXN0aW5naG91c2UtZXQta2hucC5OMjE4OTc5OD91dG1fc291cmNlPW5ld3NsZXR0ZXImdXRtX21lZGl1bT1lbWFpbCZ1dG1fY2FtcGFpZ249aW5mb19sYS1xdW90aWRpZW5uZSZlbWFpbD0yMDQzMzI4NjUzJmlkYmRkPTU2NTU5\" target=\"_blank\" rel=\"noreferrer noopener\">EDF veut construire quatre EPR 1200 en R\u00e9publique tch\u00e8que<\/a> (Usine Nouvelle)<\/p>\n\n\n\n<p><a href=\"https:\/\/www.off-investigation.fr\/moteurs-defectueux-quand-renault-et-stellantis-lachent-leurs-clients\/\" target=\"_blank\" rel=\"noreferrer noopener\">Moteurs d\u00e9fectueux : Quand Renault et Stellantis l\u00e2chent leurs clients<\/a> (Off Investigation)<\/p>\n\n\n\n<p><a href=\"https:\/\/www.alternatives-economiques.fr\/timothee-duverger\/railcoop-un-cas-decole-difficultes-a-financer-less\/00108536\" target=\"_blank\" rel=\"noreferrer noopener\">Railcoop, un cas d&rsquo;\u00e9cole des difficult\u00e9s \u00e0 financer l\u2019ESS<\/a>&nbsp;(Alter \u00e9co)<\/p>\n\n\n\n<p><a href=\"https:\/\/www.lemediatv.fr\/emissions\/2023\/evasion-fiscale-nos-dirigeants-sont-des-hypocrites-yVr3JXFhSYSNPvMw3fAZ0Q\" target=\"_blank\" rel=\"noreferrer noopener\">Evasion fiscale : \u00ab\u00a0Nos dirigeants sont des hypocrites\u00a0\u00bb<\/a>&nbsp; (Le M\u00e9dia)<\/p>\n\n\n\n<p><strong>Monde<\/strong><\/p>\n\n\n\n<p><a href=\"https:\/\/www.courrierdesbalkans.fr\/Energie-la-Bulgarie-tourne-encore-un-peu-plus-le-dos-a-la-Russie\" target=\"_blank\" rel=\"noreferrer noopener\">\u00c9nergie : la Bulgarie tourne encore un peu plus le dos \u00e0 la Russie<\/a> (Le Courrier des Balkans)<\/p>\n\n\n\n<p><a href=\"https:\/\/www.mediapart.fr\/journal\/fil-dactualites\/311023\/zone-euro-la-contraction-de-l-economie-ravive-le-spectre-de-la-recession\">Zone euro : la contraction de l\u2019\u00e9conomie ravive le spectre de la r\u00e9cession<\/a> (AFP)<\/p>\n\n\n\n<p><a href=\"https:\/\/www.connaissancedesenergies.org\/afp\/leurope-pourrait-avoir-investi-dans-trop-de-nouveaux-terminaux-de-gnl-met-en-garde-un-rapport-231031\"><strong>L&rsquo;Europe pourrait avoir investi dans trop de nouveaux terminaux de GNL<\/strong><\/a> (AFP)<\/p>\n\n\n\n<p><a href=\"https:\/\/www.mediapart.fr\/journal\/fil-dactualites\/311023\/zone-euro-l-economie-se-contracte-au-3e-trimestre-l-inflation-chute-en-octobre\">Zone euro : l\u2019\u00e9conomie se contracte au 3e trimestre, l\u2019inflation chute en octobre<\/a> (AFP)<\/p>\n\n\n\n<p><strong>Analyse<\/strong><\/p>\n\n\n\n<p><a href=\"https:\/\/www.alternatives-economiques.fr\/compagnies-petrolieres-nationales-discretes-ennemies-de-transition-e\/00108205\" target=\"_blank\" rel=\"noreferrer noopener\">Les compagnies p\u00e9troli\u00e8res nationales, discr\u00e8tes ennemies de la transition \u00e9nerg\u00e9tique<\/a> (Alter \u00e9co)<\/p>\n\n\n\n<p><a href=\"https:\/\/www.alternatives-economiques.fr\/clara-leonard-mathilde-viennot\/reindustrialiser-decarboner-lelectricite-une-question-de-societ\/00108401\" target=\"_blank\" rel=\"noreferrer noopener\">R\u00e9industrialiser et d\u00e9carboner par l\u2019\u00e9lectricit\u00e9 : une question de soci\u00e9t\u00e9<\/a> (Alter \u00e9co)<\/p>\n\n\n\n<p><strong><a href=\"https:\/\/link.newsletter.franceculture.fr\/m\/ml\/7429\/833563\/Raq-m_WwViRSb5d_qMHaa29C5lXTLJmivm821gAfcU8=\/wobsDbGlBxOSPrFcNJVRr9SDSG8RG7K42jlCk92kYHM=\/\" target=\"_blank\" rel=\"noreferrer noopener\">X, anciennement Twitter&nbsp;: un r\u00e9seau social de plus en plus toxique<\/a><\/strong> (France Culture)<\/p>\n\n\n\n<p><a href=\"https:\/\/www.connaissancedesenergies.org\/gnl-y-t-il-trop-dinfrastructures-en-europe-par-rapport-la-demande-231031\">GNL : y a-t-il trop d&rsquo;infrastructures en Europe par rapport \u00e0 la demande ?<\/a> (Connaissance des \u00e9nergies)&nbsp;<\/p>\n","protected":false},"excerpt":{"rendered":"<p>27 novembre France Thales s\u2019est offert un membre du conseil de l\u2019Agence fran\u00e7aise anticorruption&nbsp;(M\u00e9diapart) Privatisation du fret SNCF\u00a0: \u00abOn fait tout pour couler le ferroviaire\u00bb (Reporterre) Les 5 crises du logement&nbsp;(Alter \u00e9co) Assurance-ch\u00f4mage&nbsp;: le gouvernement n&rsquo;approuve pas la nouvelle convention entre les partenaires sociaux (France Info) Fibre optique : 400 personnes \u00e0 Calais contre la &#8230; <a title=\"Novembre &#8211; \u00c9conomie\" class=\"read-more\" href=\"https:\/\/www.rdpemancipation.org\/?p=121750\" aria-label=\"En savoir plus sur Novembre &#8211; \u00c9conomie\">Lire la suite<\/a><\/p>\n","protected":false},"author":1,"featured_media":0,"comment_status":"closed","ping_status":"closed","sticky":false,"template":"","format":"standard","meta":{"_lmt_disableupdate":"","_lmt_disable":"","_jetpack_memberships_contains_paid_content":false,"footnotes":""},"categories":[11],"tags":[],"class_list":["post-121750","post","type-post","status-publish","format-standard","hentry","category-economie"],"modified_by":"nch","jetpack_featured_media_url":"","jetpack_sharing_enabled":true,"_links":{"self":[{"href":"https:\/\/www.rdpemancipation.org\/index.php?rest_route=\/wp\/v2\/posts\/121750","targetHints":{"allow":["GET"]}}],"collection":[{"href":"https:\/\/www.rdpemancipation.org\/index.php?rest_route=\/wp\/v2\/posts"}],"about":[{"href":"https:\/\/www.rdpemancipation.org\/index.php?rest_route=\/wp\/v2\/types\/post"}],"author":[{"embeddable":true,"href":"https:\/\/www.rdpemancipation.org\/index.php?rest_route=\/wp\/v2\/users\/1"}],"replies":[{"embeddable":true,"href":"https:\/\/www.rdpemancipation.org\/index.php?rest_route=%2Fwp%2Fv2%2Fcomments&post=121750"}],"version-history":[{"count":37,"href":"https:\/\/www.rdpemancipation.org\/index.php?rest_route=\/wp\/v2\/posts\/121750\/revisions"}],"predecessor-version":[{"id":122732,"href":"https:\/\/www.rdpemancipation.org\/index.php?rest_route=\/wp\/v2\/posts\/121750\/revisions\/122732"}],"wp:attachment":[{"href":"https:\/\/www.rdpemancipation.org\/index.php?rest_route=%2Fwp%2Fv2%2Fmedia&parent=121750"}],"wp:term":[{"taxonomy":"category","embeddable":true,"href":"https:\/\/www.rdpemancipation.org\/index.php?rest_route=%2Fwp%2Fv2%2Fcategories&post=121750"},{"taxonomy":"post_tag","embeddable":true,"href":"https:\/\/www.rdpemancipation.org\/index.php?rest_route=%2Fwp%2Fv2%2Ftags&post=121750"}],"curies":[{"name":"wp","href":"https:\/\/api.w.org\/{rel}","templated":true}]}}