{"id":121748,"date":"2023-11-01T15:34:55","date_gmt":"2023-11-01T14:34:55","guid":{"rendered":"https:\/\/www.rdpemancipation.org\/?p=121748"},"modified":"2023-11-24T20:05:22","modified_gmt":"2023-11-24T19:05:22","slug":"novembre-leur-etat-3","status":"publish","type":"post","link":"https:\/\/www.rdpemancipation.org\/?p=121748","title":{"rendered":"Novembre &#8211; Leur \u00c9tat"},"content":{"rendered":"\n<p><mark style=\"background-color:rgba(0, 0, 0, 0);color:#ee0505\" class=\"has-inline-color\"><strong>24 novembre<\/strong><\/mark><\/p>\n\n\n\n<p><a href=\"https:\/\/www.bondyblog.fr\/societe\/les-violences-policieres-constituent-la-condition-des-personnes-exilees-a-paris\/\" target=\"_blank\" rel=\"noreferrer noopener\">Les violences polici\u00e8res \u00ab constituent la condition des personnes exil\u00e9es \u00e0 Paris \u00bb<\/a>&nbsp;(Le Bondy Blog)<\/p>\n\n\n\n<p><a href=\"https:\/\/www.blast-info.fr\/articles\/2023\/personnes-exilees-a-paris-un-rapport-denonce-des-violences-policieres-systemiques-miARQltjT9iGPoI9HvE6yA\" target=\"_blank\" rel=\"noreferrer noopener\">Personnes exil\u00e9es \u00e0 Paris : un rapport d\u00e9nonce des violences polici\u00e8res syst\u00e9miques<\/a>&nbsp;(Blast)<\/p>\n\n\n\n<p><a href=\"https:\/\/www.mediapart.fr\/journal\/france\/211123\/tirs-policiers-mortels-la-reforme-cazeneuve-cause-trop-de-degats-depuis-2017\" target=\"_blank\" rel=\"noreferrer noopener\">Tirs policiers mortels: \u00abLa r\u00e9forme Cazeneuve a caus\u00e9 trop de d\u00e9g\u00e2ts depuis 2017\u00bb&nbsp;<\/a> (M\u00e9diapart)<\/p>\n\n\n\n<p><a href=\"https:\/\/redirection.b2b.infopro-digital.com\/lnk\/AUwAACy80LQAAcXFQnwAAHnKuI0AAABZQTkAANzxAAwsSQBlXF-P66dzVlkESq683QL0uutAwAAMCy8\/27\/K8RuHuOoJPS8fho3TnR-hA\/aHR0cHM6Ly93d3cudXNpbmUtZGlnaXRhbGUuZnIvYXJ0aWNsZS90cm9pcy1xdWVzdGlvbnMtc3VyLWxlLXJlY291cnMtYS1sYS1yZWNvbm5haXNzYW5jZS1mYWNpYWxlLXBhci1sZXMtZm9yY2VzLWRlLWwtb3JkcmUuTjIxOTY2MDM_dXRtX3NvdXJjZT1uZXdzbGV0dGVyJnV0bV9tZWRpdW09ZW1haWwmdXRtX2NhbXBhaWduPWluZm9fdWQtcXVvdGlkaWVubmUmZW1haWw9MjA0MzMyODY1MyZpZGJkZD01NjU2MQ\" target=\"_blank\" rel=\"noreferrer noopener\">Trois questions sur le recours \u00e0 la reconnaissance faciale par les forces de l&rsquo;ordre<\/a> (Usine Digitale)<\/p>\n\n\n\n<p><mark style=\"background-color:rgba(0, 0, 0, 0);color:#ee0505\" class=\"has-inline-color\"><strong>20 novembre<\/strong><\/mark><\/p>\n\n\n\n<p><a><\/a><a href=\"https:\/\/www.bondyblog.fr\/societe\/a-la-marche-pour-nahel-il-faut-quils-arretent-de-tuer-nos-enfants\/\" target=\"_blank\" rel=\"noreferrer noopener\">\u00c0 la marche pour Nahel, \u00ab il faut qu\u2019ils arr\u00eatent de tuer nos enfants \u00bb<\/a>&nbsp;(Le Bondy Blog)<\/p>\n\n\n\n<p><a href=\"https:\/\/www.streetpress.com\/sujet\/1700233298-policiers-justice-violemment-frappe-jeunes-proces-violences-policieres\" target=\"_blank\" rel=\"noreferrer noopener\">Deux policiers devant la justice pour avoir violemment frapp\u00e9 deux jeunes<\/a>&nbsp;(StreetPress)<\/p>\n\n\n\n<p><a href=\"https:\/\/reporterre.net\/Deux-journalistes-de-Reporterre-convoques-par-la-gendarmerie-encore-une-atteinte-au-droit-d-informer\">Deux journalistes de Reporterre convoqu\u00e9s par la gendarmerie&nbsp;: encore une atteinte au droit d\u2019informer&nbsp;!<\/a>&nbsp;(Reporterre)<\/p>\n\n\n\n<p><mark style=\"background-color:rgba(0, 0, 0, 0);color:#ee0505\" class=\"has-inline-color\"><strong>16 novembre<\/strong><\/mark><\/p>\n\n\n\n<p><strong><a href=\"https:\/\/www.causette.fr\/societe\/en-france\/mort-de-nahel-remise-en-liberte-sous-controle-judiciaire-du-policier-auteur-du-tir\/\" target=\"_blank\" rel=\"noreferrer noopener\">Mort de Nahel : remise en libert\u00e9, sous contr\u00f4le judiciaire, du policier auteur du tir<\/a>&nbsp;<\/strong>(Causette)<\/p>\n\n\n\n<p><a href=\"https:\/\/www.laquadrature.net\/2023\/11\/14\/videosurveillance-algorithmique-a-la-police-nationale-des-revelations-passibles-du-droit-penal\/\" target=\"_blank\" rel=\"noreferrer noopener\">Vid\u00e9osurveillance algorithmique \u00e0 la police nationale : des faits passibles du droit p\u00e9nal<\/a>&nbsp;(La Quadrature du Net)<\/p>\n\n\n\n<p><a href=\"https:\/\/www.youtube.com\/watch?v=wcToU9D958Q\">Antis\u00e9mitisme : le jeu dangereux du gouvernement et des m\u00e9dias<\/a> (Blast)<\/p>\n\n\n\n<p><a href=\"https:\/\/www.youtube.com\/watch?v=OeORH4TVhnY\">Bercy : un monstre au service de Macron<\/a> (Blast)<\/p>\n\n\n\n<p><mark style=\"background-color:rgba(0, 0, 0, 0);color:#ee0505\" class=\"has-inline-color\"><strong>15 novembre<\/strong><\/mark><\/p>\n\n\n\n<p><strong><a href=\"https:\/\/disclose.ngo\/fr\/article\/la-police-nationale-utilise-illegalement-un-logiciel-israelien-de-reconnaissance-faciale\" target=\"_blank\" rel=\"noreferrer noopener\">La police nationale utilise ill\u00e9galement un logiciel isra\u00e9lien de reconnaissance faciale<\/a><\/strong>&nbsp;(Disclose)<\/p>\n\n\n\n<p><strong><a href=\"https:\/\/www.auposte.fr\/police-partout-justice-nulle-part-le-chemin-de-croix-des-victimes-de-la-police\/\" target=\"_blank\" rel=\"noreferrer noopener\">\u00abPolice partout, justice nulle part\u00bb: le chemin de croix des victimes de la police<\/a> <\/strong>(Au Poste)<\/p>\n\n\n\n<p><a href=\"https:\/\/www.liberation.fr\/societe\/police-justice\/emeutes-a-marseille-le-raid-implique-dans-une-seconde-affaire-de-violences-policieres-20231114_SV4QFWSIRNHXZL47ON6E5LUFP4\/\">Emeutes \u00e0 Marseille&nbsp;: le Raid impliqu\u00e9 dans une seconde affaire de violences polici\u00e8res<\/a> (Lib\u00e9ration)<\/p>\n\n\n\n<p><mark style=\"background-color:rgba(0, 0, 0, 0);color:#ee0505\" class=\"has-inline-color\"><strong>12 novembre<\/strong><\/mark><\/p>\n\n\n\n<p><a href=\"https:\/\/www.youtube.com\/watch?v=q5_Un_Fzq0U\">La macronie n&rsquo;en a plus rien \u00e0 foutre des proc\u00e9dures<\/a> (Blast)<\/p>\n\n\n\n<p><mark style=\"background-color:rgba(0, 0, 0, 0);color:#ee0505\" class=\"has-inline-color\"><strong>9 novembre<\/strong><\/mark><\/p>\n\n\n\n<p><a href=\"https:\/\/www.politis.fr\/articles\/2023\/11\/lecoterrorisme-explique-aux-futurs-policiers\/\" target=\"_blank\" rel=\"noreferrer noopener\">L\u2019\u00e9coterrorisme expliqu\u00e9 aux futurs policiers<\/a> (Politis)<\/p>\n\n\n\n<p><a href=\"https:\/\/www.mediapart.fr\/journal\/fil-dactualites\/081123\/pollution-de-l-air-vers-une-nouvelle-condamnation-de-l-etat\">Pollution de l\u2019air: vers une nouvelle condamnation de l\u2019Etat<\/a> (AFP)<\/p>\n\n\n\n<p><mark style=\"background-color:rgba(0, 0, 0, 0);color:#ee0505\" class=\"has-inline-color\"><strong>1er novembre<\/strong><\/mark><\/p>\n\n\n\n<p><a href=\"https:\/\/www.frustrationmagazine.fr\/desespoir\/\" target=\"_blank\" rel=\"noreferrer noopener\"><strong>D\u00e9sespoirs<\/strong><\/a> (Frustration)<\/p>\n\n\n\n<p><a href=\"https:\/\/www.politis.fr\/articles\/2023\/10\/ultragauche-lombre-de-tarnac-plane-sur-laffaire-du-8-decembre\/\" target=\"_blank\" rel=\"noreferrer noopener\">Ultragauche : l\u2019ombre de Tarnac plane sur \u00ab l\u2019affaire du 8 d\u00e9cembre \u00bb<\/a> (Politis)<\/p>\n\n\n\n<p><a href=\"https:\/\/go.ldh-france.org\/lnk\/AVcAACnjQXoAAcuJUYQAAG8yE-4AAVQQeZ0AHnIRAAi26gBlQSWN9BLYeW5MTsmufbCpZdPVuwAIRKs\/8\/J55bkl_XPebKND7lqBLvoQ\/aHR0cHM6Ly93d3cubGRoLWZyYW5jZS5vcmcvYXBwZWwtY29udHJlLWxpbW1pZ3JhdGlvbi1qZXRhYmxlLWV0LXBvdXItdW5lLXBvbGl0aXF1ZS1taWdyYXRvaXJlLWRhY2N1ZWlsLw\" target=\"_blank\" rel=\"noreferrer noopener\">Appel contre l\u2019immigration jetable et pour une politique migratoire d\u2019accueil<\/a> (LDH)<\/p>\n\n\n\n<p><a href=\"https:\/\/www.politis.fr\/articles\/2023\/11\/loi-darmanin-asile-immigration-la-menace-a-lordre-public-lepouvantail-de-linterieur\/\" target=\"_blank\" rel=\"noreferrer noopener\">Loi Darmanin : la \u00ab menace \u00e0 l\u2019ordre public \u00bb, l\u2019\u00e9pouvantail de l\u2019Int\u00e9rieur<\/a> (Politis)<\/p>\n\n\n\n<p><a href=\"https:\/\/lvsl.fr\/au-nom-du-peuple-francais-quelle-justice-sans-jury-populaire\/\" target=\"_blank\" rel=\"noreferrer noopener\">\u00ab Au nom du peuple fran\u00e7ais \u00bb : quelle justice sans jury populaire ?<\/a> (Le Vent Se L\u00e8ve)<\/p>\n\n\n\n<p><a href=\"https:\/\/lundi.am\/Quelques-nuances-de-LBD\" target=\"_blank\" rel=\"noreferrer noopener\"><strong>Quelques nuances de LBD<\/strong><\/a> (Lundimatin)<\/p>\n\n\n\n<p><a href=\"https:\/\/www.blast-info.fr\/articles\/2023\/info-blast-10-ans-et-3-heures-face-aux-gendarmes-5XGXIOvzQtGH9rAy3_BY4A\" target=\"_blank\" rel=\"noreferrer noopener\">INFO BLAST : 10 ans et 3 heures face aux gendarmes<\/a> (Blast)<\/p>\n","protected":false},"excerpt":{"rendered":"<p>24 novembre Les violences polici\u00e8res \u00ab constituent la condition des personnes exil\u00e9es \u00e0 Paris \u00bb&nbsp;(Le Bondy Blog) Personnes exil\u00e9es \u00e0 Paris : un rapport d\u00e9nonce des violences polici\u00e8res syst\u00e9miques&nbsp;(Blast) Tirs policiers mortels: \u00abLa r\u00e9forme Cazeneuve a caus\u00e9 trop de d\u00e9g\u00e2ts depuis 2017\u00bb&nbsp; (M\u00e9diapart) Trois questions sur le recours \u00e0 la reconnaissance faciale par les forces &#8230; <a title=\"Novembre &#8211; Leur \u00c9tat\" class=\"read-more\" href=\"https:\/\/www.rdpemancipation.org\/?p=121748\" aria-label=\"En savoir plus sur Novembre &#8211; Leur \u00c9tat\">Lire la suite<\/a><\/p>\n","protected":false},"author":1,"featured_media":0,"comment_status":"closed","ping_status":"closed","sticky":false,"template":"","format":"standard","meta":{"_lmt_disableupdate":"","_lmt_disable":"","_jetpack_memberships_contains_paid_content":false,"footnotes":""},"categories":[5],"tags":[],"class_list":["post-121748","post","type-post","status-publish","format-standard","hentry","category-leur-etat"],"modified_by":"nch","jetpack_featured_media_url":"","jetpack_sharing_enabled":true,"_links":{"self":[{"href":"https:\/\/www.rdpemancipation.org\/index.php?rest_route=\/wp\/v2\/posts\/121748","targetHints":{"allow":["GET"]}}],"collection":[{"href":"https:\/\/www.rdpemancipation.org\/index.php?rest_route=\/wp\/v2\/posts"}],"about":[{"href":"https:\/\/www.rdpemancipation.org\/index.php?rest_route=\/wp\/v2\/types\/post"}],"author":[{"embeddable":true,"href":"https:\/\/www.rdpemancipation.org\/index.php?rest_route=\/wp\/v2\/users\/1"}],"replies":[{"embeddable":true,"href":"https:\/\/www.rdpemancipation.org\/index.php?rest_route=%2Fwp%2Fv2%2Fcomments&post=121748"}],"version-history":[{"count":11,"href":"https:\/\/www.rdpemancipation.org\/index.php?rest_route=\/wp\/v2\/posts\/121748\/revisions"}],"predecessor-version":[{"id":122635,"href":"https:\/\/www.rdpemancipation.org\/index.php?rest_route=\/wp\/v2\/posts\/121748\/revisions\/122635"}],"wp:attachment":[{"href":"https:\/\/www.rdpemancipation.org\/index.php?rest_route=%2Fwp%2Fv2%2Fmedia&parent=121748"}],"wp:term":[{"taxonomy":"category","embeddable":true,"href":"https:\/\/www.rdpemancipation.org\/index.php?rest_route=%2Fwp%2Fv2%2Fcategories&post=121748"},{"taxonomy":"post_tag","embeddable":true,"href":"https:\/\/www.rdpemancipation.org\/index.php?rest_route=%2Fwp%2Fv2%2Ftags&post=121748"}],"curies":[{"name":"wp","href":"https:\/\/api.w.org\/{rel}","templated":true}]}}