{"id":121746,"date":"2023-11-01T15:34:28","date_gmt":"2023-11-01T14:34:28","guid":{"rendered":"https:\/\/www.rdpemancipation.org\/?p=121746"},"modified":"2023-11-24T20:06:53","modified_gmt":"2023-11-24T19:06:53","slug":"novembre-alternatives-3","status":"publish","type":"post","link":"https:\/\/www.rdpemancipation.org\/?p=121746","title":{"rendered":"Novembre &#8211; Alternatives"},"content":{"rendered":"\n<p><mark style=\"background-color:rgba(0, 0, 0, 0);color:#ee0505\" class=\"has-inline-color\"><strong>24 novembre<\/strong><\/mark><\/p>\n\n\n\n<p>\u00ab&nbsp;<a href=\"https:\/\/reporterre.net\/Contre-les-banques-epargnons-citoyen\">Contre les banques, \u00e9pargnons citoyen&nbsp;!<\/a>&nbsp;\u00bb (Reporterre)<\/p>\n\n\n\n<p><a href=\"https:\/\/www.politis.fr\/articles\/2023\/11\/hors-serie-politis-78-faim-du-monde-et-soif-dalternatives-pour-aller-plus-loin\/\" target=\"_blank\" rel=\"noreferrer noopener\">Hors-s\u00e9rie Politis \u00ab Faim du monde et soif d\u2019alternatives \u00bb : pour aller plus loin<\/a> (Politis)<\/p>\n\n\n\n<p><a href=\"https:\/\/www.alternatives-economiques.fr\/mobilite-douce-nest-reservee-aux-zones-denses\/00108719\" target=\"_blank\" rel=\"noreferrer noopener\">La mobilit\u00e9 douce n\u2019est pas r\u00e9serv\u00e9e aux zones denses<\/a>&nbsp;(Alter \u00e9co)<\/p>\n\n\n\n<p><mark style=\"background-color:rgba(0, 0, 0, 0);color:#ee0505\" class=\"has-inline-color\"><strong>14 novembre<\/strong><\/mark><\/p>\n\n\n\n<p><a href=\"https:\/\/rue89bordeaux.com\/2023\/11\/habitat-cooperatif-malgre-les-embuches-les-premieres-pierres-posees-en-2024-en-gironde\/\" target=\"_blank\" rel=\"noreferrer noopener\">Habitat coop\u00e9ratif : malgr\u00e9 les embuches, les premi\u00e8res pierres pos\u00e9es en 2024 en Gironde<\/a>&nbsp; (Rue89 Bordeaux)<\/p>\n\n\n\n<p><a href=\"https:\/\/www.bondyblog.fr\/reportages\/lequipage-solidaire-une-entraide-etudiante-face-a-la-precarite\/\" target=\"_blank\" rel=\"noreferrer noopener\">L\u2019\u00c9quipage solidaire : une entraide \u00e9tudiante face \u00e0 la pr\u00e9carit\u00e9<\/a>&nbsp;(Le Bondy Blog)<\/p>\n\n\n\n<p><a href=\"https:\/\/www.alternatives-economiques.fr\/lagriculture-preserve-leau\/00108310\" target=\"_blank\" rel=\"noreferrer noopener\">Quand l\u2019agriculture pr\u00e9serve l\u2019eau<\/a>&nbsp;(Alter \u00e9co)<\/p>\n\n\n\n<p><mark style=\"background-color:rgba(0, 0, 0, 0);color:#ee0505\" class=\"has-inline-color\"><strong>9 novembre<\/strong><\/mark><\/p>\n\n\n\n<p><a href=\"https:\/\/grand-format.net\/breve\/dans-lorne-le-medicobus-parcourt-les-deserts-medicaux\/\" target=\"_blank\" rel=\"noreferrer noopener\">Dans l&rsquo;Orne, le m\u00e9dicobus parcourt les d\u00e9serts m\u00e9dicaux<\/a> (Grand-Format)<\/p>\n\n\n\n<p><a href=\"https:\/\/reporterre.net\/Historique-le-droit-a-un-futur-sain-consacre-en-justice\" target=\"_blank\" rel=\"noreferrer noopener\">\u00ab&nbsp;Historique&nbsp;\u00bb&nbsp;: le droit \u00e0 un futur sain consacr\u00e9 en justice<\/a> (Reporterre)<\/p>\n\n\n\n<p><mark style=\"background-color:rgba(0, 0, 0, 0);color:#ee0505\" class=\"has-inline-color\"><strong>2 novembre<\/strong><\/mark><\/p>\n\n\n\n<p><a href=\"https:\/\/rapportsdeforce.fr\/linternationale\/greve-dans-lautomobile-aux-etats-unis-ce-qui-a-ete-gagne-110119502\" target=\"_blank\" rel=\"noreferrer noopener\">Gr\u00e8ve dans l\u2019automobile aux \u00c9tats-Unis : ce qui a \u00e9t\u00e9 gagn\u00e9<\/a> (Rapports de Force)<\/p>\n\n\n\n<p><a href=\"https:\/\/regards.fr\/en-espagne-lunion-de-la-gauche-au-pouvoir-ca-marche-et-ca-continue\/\" target=\"_blank\" rel=\"noreferrer noopener\">En Espagne, l\u2019union de la gauche au pouvoir, \u00e7a marche (et \u00e7a continue !)<\/a> (Regards)<\/p>\n\n\n\n<p><a href=\"https:\/\/www.cadtm.org\/Bonnes-nouvelles-Les-bonnes-nouvelles-de-octobre-2024\" target=\"_blank\" rel=\"noreferrer noopener\">Les bonnes nouvelles d\u2019octobre 2024<\/a> (CADTM)<\/p>\n","protected":false},"excerpt":{"rendered":"<p>24 novembre \u00ab&nbsp;Contre les banques, \u00e9pargnons citoyen&nbsp;!&nbsp;\u00bb (Reporterre) Hors-s\u00e9rie Politis \u00ab Faim du monde et soif d\u2019alternatives \u00bb : pour aller plus loin (Politis) La mobilit\u00e9 douce n\u2019est pas r\u00e9serv\u00e9e aux zones denses&nbsp;(Alter \u00e9co) 14 novembre Habitat coop\u00e9ratif : malgr\u00e9 les embuches, les premi\u00e8res pierres pos\u00e9es en 2024 en Gironde&nbsp; (Rue89 Bordeaux) L\u2019\u00c9quipage solidaire : &#8230; <a title=\"Novembre &#8211; Alternatives\" class=\"read-more\" href=\"https:\/\/www.rdpemancipation.org\/?p=121746\" aria-label=\"En savoir plus sur Novembre &#8211; Alternatives\">Lire la suite<\/a><\/p>\n","protected":false},"author":1,"featured_media":0,"comment_status":"closed","ping_status":"closed","sticky":false,"template":"","format":"standard","meta":{"_lmt_disableupdate":"","_lmt_disable":"","_jetpack_memberships_contains_paid_content":false,"footnotes":""},"categories":[28],"tags":[],"class_list":["post-121746","post","type-post","status-publish","format-standard","hentry","category-alternatives"],"modified_by":"nch","jetpack_featured_media_url":"","jetpack_sharing_enabled":true,"_links":{"self":[{"href":"https:\/\/www.rdpemancipation.org\/index.php?rest_route=\/wp\/v2\/posts\/121746","targetHints":{"allow":["GET"]}}],"collection":[{"href":"https:\/\/www.rdpemancipation.org\/index.php?rest_route=\/wp\/v2\/posts"}],"about":[{"href":"https:\/\/www.rdpemancipation.org\/index.php?rest_route=\/wp\/v2\/types\/post"}],"author":[{"embeddable":true,"href":"https:\/\/www.rdpemancipation.org\/index.php?rest_route=\/wp\/v2\/users\/1"}],"replies":[{"embeddable":true,"href":"https:\/\/www.rdpemancipation.org\/index.php?rest_route=%2Fwp%2Fv2%2Fcomments&post=121746"}],"version-history":[{"count":5,"href":"https:\/\/www.rdpemancipation.org\/index.php?rest_route=\/wp\/v2\/posts\/121746\/revisions"}],"predecessor-version":[{"id":122636,"href":"https:\/\/www.rdpemancipation.org\/index.php?rest_route=\/wp\/v2\/posts\/121746\/revisions\/122636"}],"wp:attachment":[{"href":"https:\/\/www.rdpemancipation.org\/index.php?rest_route=%2Fwp%2Fv2%2Fmedia&parent=121746"}],"wp:term":[{"taxonomy":"category","embeddable":true,"href":"https:\/\/www.rdpemancipation.org\/index.php?rest_route=%2Fwp%2Fv2%2Fcategories&post=121746"},{"taxonomy":"post_tag","embeddable":true,"href":"https:\/\/www.rdpemancipation.org\/index.php?rest_route=%2Fwp%2Fv2%2Ftags&post=121746"}],"curies":[{"name":"wp","href":"https:\/\/api.w.org\/{rel}","templated":true}]}}