{"id":121744,"date":"2023-11-01T15:34:04","date_gmt":"2023-11-01T14:34:04","guid":{"rendered":"https:\/\/www.rdpemancipation.org\/?p=121744"},"modified":"2023-11-30T08:41:46","modified_gmt":"2023-11-30T07:41:46","slug":"novembre-ecologie-2","status":"publish","type":"post","link":"https:\/\/www.rdpemancipation.org\/?p=121744","title":{"rendered":"Novembre &#8211; \u00c9cologie"},"content":{"rendered":"\n<p><mark style=\"background-color:rgba(0, 0, 0, 0);color:#ee0505\" class=\"has-inline-color\"><strong>30 novembre<\/strong><\/mark><\/p>\n\n\n\n<p><a href=\"https:\/\/www.blast-info.fr\/articles\/2023\/dominique-marchais-realisateur-les-interconnexions-des-rivieres-peuvent-nous-servir-a-penser-nos-solidarites-XNf-t6IdSsiy9J6-jgtfUw\">Dominique Marchais, r\u00e9alisateur : \u00ab Les interconnexions des rivi\u00e8res peuvent nous servir \u00e0 penser nos solidarit\u00e9s \u00bb<\/a> (Blast)<\/p>\n\n\n\n<p><strong><a href=\"https:\/\/reporterre.net\/TotalEnergies-la-carte-exclusive-des-projets-qui-vont-faire-flamber-le-climat\">Total\u00c9nergies\u00a0: explorez les projets qui vont faire exploser le climat<\/a> (Reporterre)<\/strong><\/p>\n\n\n\n<p><a href=\"https:\/\/mrmondialisation.org\/accord-ue-nouvelle-zelande\/\">Accord UE-Nouvelle-Z\u00e9lande&nbsp;: un nouveau d\u00e9sastre environnemental<\/a> (mrmondialisation)<\/p>\n\n\n\n<p><a href=\"https:\/\/www.eea.europa.eu\/fr\/publications\/signaux-de-l2019aee-2023-la\">Signaux de l\u2019AEE 2023 &#8211; La sant\u00e9 et l\u2019environnement en Europe<\/a> (Agence Europ\u00e9enne de l\u2019Environement)<\/p>\n\n\n\n<p><a href=\"https:\/\/www.france24.com\/fr\/europe\/20211115-la-pollution-de-l-air-responsable-de-300-000-morts-par-an-dans-l-ue\">La pollution de l&rsquo;air responsable de 300\u00a0000 morts par an dans l&rsquo;UE<\/a> (France24)<\/p>\n\n\n\n<p><mark style=\"background-color:rgba(0, 0, 0, 0);color:#ee0505\" class=\"has-inline-color\"><strong>29 novembre<\/strong><\/mark><\/p>\n\n\n\n<p><strong><a href=\"http:\/\/youtube.com\/watch?v=RAbqVRNbepU&amp;ab_channel=BLAST%2CLesouffledel%27info\">Glyphosate : 10 ans d\u2019empoisonnement en plus &#8211; vid\u00e9o-<\/a> (Blast)<\/strong><\/p>\n\n\n\n<p><strong><a href=\"https:\/\/basta.media\/Le-cadmium-engrais-cancerogene-notoire-present-dans-les-cereales-et-les-viennoiseries\">Le cadmium, un canc\u00e9rog\u00e8ne notoire, pr\u00e9sent dans les c\u00e9r\u00e9ales et les viennoiseries<\/a> (Basta!)<\/strong><\/p>\n\n\n\n<p><a href=\"https:\/\/www.blast-info.fr\/articles\/2023\/montagne-comment-la-droite-dure-murmure-a-loreille-des-maires-des-stations-de-ski-_F3Yu2W4QvOsDRxYDwjk4g\">Montagne : comment la droite dure murmure \u00e0 l\u2019oreille des maires des stations de ski<\/a> (Blast)<\/p>\n\n\n\n<p><a href=\"https:\/\/www.socialter.fr\/article\/privatisation-accaparement-ressources-ecologie\">Aux nouvelles fronti\u00e8res de la propri\u00e9t\u00e9 : privatiser la plan\u00e8te<\/a> (Socialter)<\/p>\n\n\n\n<p><mark style=\"background-color:rgba(0, 0, 0, 0);color:#ee0505\" class=\"has-inline-color\"><strong>28 novembre<\/strong><\/mark><\/p>\n\n\n\n<p><a href=\"https:\/\/www.francetvinfo.fr\/monde\/environnement\/cop\/le-president-de-la-cop28-accuse-d-avoir-voulu-utiliser-son-role-a-la-conference-climatique-pour-conclure-des-marches-dans-les-energies-fossiles_6209373.html\"><strong>Le pr\u00e9sident de la COP28 accus\u00e9 d&rsquo;utiliser sa fonction pour conclure des march\u00e9s dans les \u00e9nergies fossiles<\/strong><\/a>(France Info)<\/p>\n\n\n\n<p><a href=\"https:\/\/www.ldh-france.org\/la-france-soutient-elle-la-reprise-des-negociations-ue-mercosur\/\" target=\"_blank\" rel=\"noreferrer noopener\">La France soutient-elle la reprise des n\u00e9gociations UE-Mercosur ?<\/a>&nbsp;(LDH)<\/p>\n\n\n\n<p><a href=\"https:\/\/theconversation.com\/en-france-une-taxation-des-terres-agricoles-qui-favorise-leur-artificialisation-216194\">En France, une taxation des terres agricoles qui favorise leur artificialisation<\/a> (The Conversation)<\/p>\n\n\n\n<p><a href=\"https:\/\/www.boursorama.com\/videos\/actualites\/cop28-la-consommation-d-energies-fossiles-bat-des-records-4d3e5ded1725157dbcd032820687a2f5\">COP28 : la consommation d&rsquo;\u00e9nergies fossiles bat des records<\/a> (France 24)<\/p>\n\n\n\n<p><a href=\"https:\/\/alencontre.org\/ecologie\/cop28-a-dubai-en-plus-du-sultan-il-y-aura-la-cohorte-des-lobbyistes.html\">COP28 : \u00e0 Duba\u00ef, en plus du sultan, il y aura la cohorte des lobbyistes&nbsp;<\/a> (A l\u2019encontre)<\/p>\n\n\n\n<p><a href=\"https:\/\/www.mediapart.fr\/journal\/ecologie\/271123\/cop28-la-dystopique-dubai-l-heure-du-greenwashing\" target=\"_blank\" rel=\"noreferrer noopener\">COP28 : la dystopique Duba\u00ef \u00e0 l\u2019heure du greenwashing<\/a>&nbsp;(M\u00e9diapart)<\/p>\n\n\n\n<p><a href=\"https:\/\/reporterre.net\/L-industrie-petrogaziere-devrait-dedier-50-de-ses-investissements-aux-energies-propres\" target=\"_blank\" rel=\"noreferrer noopener\">L&rsquo;industrie p\u00e9trogazi\u00e8re devrait d\u00e9dier 50&nbsp;% de ses investissements aux \u00e9nergies propres<\/a>&nbsp;(Reporterre)<\/p>\n\n\n\n<p><a href=\"https:\/\/www.alternatives-economiques.fr\/neutralite-carbone-promesses-compagnies-petrolieres-nengagent\/00108273\" target=\"_blank\" rel=\"noreferrer noopener\">Neutralit\u00e9 carbone : les promesses des compagnies p\u00e9troli\u00e8res n&rsquo;engagent que ceux qui y croient<\/a>&nbsp;(Alter \u00e9co)<\/p>\n\n\n\n<p><a href=\"https:\/\/www.novethic.fr\/actualite\/environnement\/dechets\/isr-rse\/l-ue-met-fin-a-l-exportation-de-ses-dechets-plastiques-vers-les-pays-pauvres-151908.html?utm_source=Abonn%C3%A9s+Novethic&amp;utm_campaign=876235dc63-EMAIL_CAMPAIGN_2023_11_23_04_45&amp;utm_medium=email&amp;utm_term=0_-876235dc63-%5BLIST_EMAIL_ID%5D\">L\u2019UE ne pourra plus exporter ses d\u00e9chets plastiques vers les pays pauvres<\/a>&nbsp;(Novethic)<\/p>\n\n\n\n<p><strong><a href=\"https:\/\/lundi.am\/La-toupie-tourne\">&nbsp;La toupie tourne &#8211; Reprendre le b\u00e2ti au b\u00eaton [Podcast]<\/a> <\/strong>(Lundimatin)<\/p>\n\n\n\n<p><mark style=\"background-color:rgba(0, 0, 0, 0);color:#ee0505\" class=\"has-inline-color\"><strong>27 novembre<\/strong><\/mark><\/p>\n\n\n\n<p><a href=\"https:\/\/reporterre.net\/Au-Parlement-europeen-l-echec-de-la-lutte-contre-le-plastique\">Au Parlement europ\u00e9en, l\u2019\u00e9chec de la lutte contre le plastique<\/a> (reporterre)<\/p>\n\n\n\n<p><a href=\"https:\/\/reporterre.net\/La-France-cancre-des-energies-renouvelables\">La France, cancre des \u00e9nergies renouvelables<\/a> (reporterre)<\/p>\n\n\n\n<p><a href=\"https:\/\/reporterre.net\/L-Etat-condamne-a-payer-deux-astreintes-de-5\">Pollution de l\u2019air&nbsp;: l\u2019\u00c9tat condamn\u00e9 \u00e0 payer 10 millions d\u2019euros<\/a> (reporterre)<\/p>\n\n\n\n<p><a href=\"https:\/\/reporterre.net\/Les-lobbies-fossiles-etouffent-les-negociations-climatiques\">COP28&nbsp;: \u00ab&nbsp;Les lobbies fossiles inondent les n\u00e9gociations climatiques&nbsp;\u00bb <\/a>(reporterre)<\/p>\n\n\n\n<p><a href=\"https:\/\/reporterre.net\/98-des-pick-up-echappent-au-malus-ecologique\">98&nbsp;% des pick-up \u00e9chappent au malus \u00e9cologique<\/a> (reporterre)<\/p>\n\n\n\n<p><a href=\"https:\/\/www.youtube.com\/watch?v=RfYVQK2sx2U\">Catastrophes (pas si) naturelles : interview avec un climatologue<\/a> (Greenpeace)<\/p>\n\n\n\n<p><a href=\"https:\/\/basta.media\/Peut-on-depolluer-les-sols-contamines-aux-pesticides-dieldrine\">Peut-on d\u00e9polluer les sols contamin\u00e9s aux pesticides&nbsp;?<\/a> (Basta)<\/p>\n\n\n\n<p><a href=\"https:\/\/basta.media\/Le-combat-d-un-village-contre-le-sabotage-de-la-planete-ecologie-ruralite\">Le combat d\u2019un village contre le \u00ab&nbsp;sabotage de la plan\u00e8te&nbsp;\u00bb<\/a>&nbsp;(Basta!)<\/p>\n\n\n\n<p><mark style=\"background-color:rgba(0, 0, 0, 0);color:#ee0505\" class=\"has-inline-color\"><strong>26 novembre<\/strong><\/mark><\/p>\n\n\n\n<p><a href=\"https:\/\/www.liberation.fr\/politique\/cyrielle-chatelain-et-jean-jouzel-il-faut-saffranchir-de-ceux-qui-senrichissent-du-drame-climatique-20231124_SLV4L5NZSRCZRLSN3AEMY75SXE\/\">Cyrielle Chatelain et&nbsp;Jean Jouzel&nbsp;: \u00abIl faut s\u2019affranchir de&nbsp;ceux qui&nbsp;s\u2019enrichissent du&nbsp;drame climatique\u00bb<\/a> (Lib\u00e9ration)<\/p>\n\n\n\n<p><a href=\"https:\/\/alencontre.org\/ecologie\/la-triple-inegalite-qui-est-au-coeur-de-cette-crise-climatique.html\">La \u00abtriple in\u00e9galit\u00e9\u00bb qui est au c\u0153ur de cette crise climatique<\/a> (A l\u2019encontre)<\/p>\n\n\n\n<p><a href=\"https:\/\/redirection.b2b.infopro-digital.com\/lnk\/AWMAACxkjBUAAcXFRNYAAHnKuI0AAABZQUUAANzvAAwsSQBlX5ZvRwn2cGFhTC6NSduGNGyYtAAMCy8\/4\/5TzT-Zrq70ay1WNphpLdLQ\/aHR0cHM6Ly93d3cudXNpbmVub3V2ZWxsZS5jb20vYXJ0aWNsZS9wcmVzLWQtYXJjYWNob24tdmVybWlsaW9uLXBsYW5pZmllLXNlcy1wcm9jaGFpbnMtcHVpdHMtZC1leHRyYWN0aW9uLWRlLXBldHJvbGUtZW4tZnJhbmNlLWV0LXNlLWNoZXJjaGUtdW4tYXZlbmlyLk4yMTk3OTYzP3V0bV9zb3VyY2U9bmV3c2xldHRlciZ1dG1fbWVkaXVtPWVtYWlsJnV0bV9jYW1wYWlnbj1pbmZvX2xhLXF1b3RpZGllbm5lJmVtYWlsPTIwNDMzMjg2NTMmaWRiZGQ9NTY1NTk\" target=\"_blank\" rel=\"noreferrer noopener\">Pr\u00e8s d\u2019Arcachon, Vermilion planifie ses prochains puits d\u2019extraction de p\u00e9trole en France<\/a> (Usine Nouvelle)<\/p>\n\n\n\n<p><a href=\"https:\/\/vert.eco\/articles\/a-eux-seuls-les-1-les-plus-riches-aggravent-plus-la-crise-climatique-que-les-deux-tiers-les-plus-pauvres-de-lhumanite\">Les 1% les plus riches aggravent plus la crise climatique que les deux tiers les plus pauvres de l\u2019humanit\u00e9<\/a> (Vert)<\/p>\n\n\n\n<p><a href=\"https:\/\/www.francetvinfo.fr\/monde\/environnement\/cop\/les-subventions-aux-energies-fossiles-ont-plus-que-double-en-2022-dans-les-pays-du-g20_6198330.html#xtor=RSS-3-%5Bmonde%5D\">Les subventions aux \u00e9nergies fossiles ont plus que doubl\u00e9 en 2022 dans les pays du G20<\/a> (francetvinfo)<\/p>\n\n\n\n<p><a href=\"https:\/\/www.connaissancedesenergies.org\/afp\/climat-les-2degc-de-rechauffement-depasses-pour-la-premiere-fois-sur-une-journee-selon-lobservatoire-copernicus-231120?utm_source=newsletter&amp;utm_medium=fil-info-energies&amp;utm_campaign=\/newsletter\/cde-aujourdhui-20-novembre-2023\">Climat : les 2\u00b0C de r\u00e9chauffement d\u00e9pass\u00e9s pour la premi\u00e8re fois sur une journ\u00e9e selon l&rsquo;observatoire Copernicus<\/a> (CDE)<\/p>\n\n\n\n<p><mark style=\"background-color:rgba(0, 0, 0, 0);color:#ee0505\" class=\"has-inline-color\"><strong>25 novembre<\/strong><\/mark><\/p>\n\n\n\n<p><a href=\"https:\/\/reporterre.net\/Pourquoi-les-records-de-pluie-n-ont-pas-rempli-les-nappes?utm_source=newsletter&amp;utm_medium=email&amp;utm_campaign=nl_quotidienne\">Pourquoi les records de pluie n\u2019ont pas rempli les nappes<\/a> (Reporterre)<\/p>\n\n\n\n<p><a href=\"https:\/\/www.socialter.fr\/article\/urbanisation-monoculture-platane\">Urbanisation et monoculture : la fin du r\u00e8gne du Platane ?<\/a> (socialter)<\/p>\n\n\n\n<p><a href=\"https:\/\/mrmondialisation.org\/poulets-genetiquement-modifies-enquete-choc-l124\/\">Poulets g\u00e9n\u00e9tiquement modifi\u00e9s chez le Gaulois : une enqu\u00eate choc de L124<\/a> (mrmondialisation)<\/p>\n\n\n\n<p><mark style=\"background-color:rgba(0, 0, 0, 0);color:#ee0505\" class=\"has-inline-color\"><strong>24 novembre<\/strong><\/mark><\/p>\n\n\n\n<p><a href=\"https:\/\/basta.media\/megabassines-annulees-surdimensionnement-climat-eau-justice-legitime-luttes-terrain-soulevements-de-la-terre\" target=\"_blank\" rel=\"noreferrer noopener\">M\u00e9gabassines retoqu\u00e9es : la justice l\u00e9gitime-t-elle les luttes de terrain ?<\/a>&nbsp; (Basta!)<\/p>\n\n\n\n<p><strong><a href=\"https:\/\/www.connaissancedesenergies.org\/tribune-actualite-energies\/cop28-et-le-desinvestissement-des-fossiles-laie-met-les-points-sur-les-i\">COP28 et le d\u00e9sinvestissement des fossiles : l\u2019AIE met les points sur les \u00ab i \u00bb<\/a><\/strong> (Connaissance des \u00e9nergies)&nbsp;<\/p>\n\n\n\n<p><a href=\"https:\/\/www.arretsurimages.net\/articles\/france-2-traite-les-ecologistes-en-dangereux-criminels\" target=\"_blank\" rel=\"noreferrer noopener\">France 2 traite les \u00e9cologistes en dangereux criminels<\/a>&nbsp;(Arr\u00eat sur images)<\/p>\n\n\n\n<p><a href=\"https:\/\/reporterre.net\/Dechets-miniers-de-Stocamine-l-Etat-contre-attaque\" target=\"_blank\" rel=\"noreferrer noopener\">D\u00e9chets miniers de Stocamine&nbsp;: l&rsquo;\u00c9tat contre-attaque<\/a>&nbsp;(Reporterre)<\/p>\n\n\n\n<p><a href=\"https:\/\/www.francetvinfo.fr\/monde\/environnement\/europe-la-pollution-aux-particules-fines-a-tue-253-000-personnes-en-2021-selon-un-rapport_6203865.html\">Europe : la pollution aux particules fines a tu\u00e9 253&nbsp;000 personnes en 2021<\/a> (France Info)<\/p>\n\n\n\n<p><a href=\"https:\/\/basta.media\/Peut-on-depolluer-les-sols-contamines-aux-pesticides-dieldrine\">Peut-on d\u00e9polluer les sols contamin\u00e9s aux pesticides&nbsp;?<\/a> (Basta!)<\/p>\n\n\n\n<p><a href=\"https:\/\/multinationales.org\/fr\/enquetes\/les-multinationales-vertes-demasquees\/\">Le vrai visage des multinationales \u2018vertes\u2019<\/a> (Observatoire des multinationales)<\/p>\n\n\n\n<p><a href=\"https:\/\/www.boursorama.com\/actualite-economique\/actualites\/cop28-comment-se-positionnent-les-emirats-arabes-unis-sur-le-climat-307286349bf9406c2b23bbe23bfa2678\">COP28 : comment se positionnent les \u00c9mirats arabes unis sur le climat ?<\/a> (Boursorama)<\/p>\n\n\n\n<p><a href=\"https:\/\/www.boursorama.com\/actualite-economique\/actualites\/climat-forte-augmentation-des-emissions-au-bresil-sous-bolsonaro-6e82e9b6d664eddd2278b852af482776\">Climat : forte augmentation des \u00e9missions au Br\u00e9sil sous Bolsonaro<\/a> (AFP) &nbsp;&nbsp;<\/p>\n\n\n\n<p><strong><a href=\"https:\/\/www.boursorama.com\/actualite-economique\/actualites\/guterres-en-antarctique-pour-constater-l-impact-mortel-de-la-crise-climatique-37a345ed2a25de6472e6c3c947ff1205\">Guterres en Antarctique pour constater \u00ab\u00a0l&rsquo;impact mortel de la crise climatique\u00a0\u00bb<\/a> <\/strong>(AFP)<strong> &nbsp;&nbsp;<\/strong><\/p>\n\n\n\n<p><a href=\"https:\/\/disclose.ngo\/fr\/article\/mine-de-lithium-dans-lallier-le-rapport-qui-devoile-une-bombe-toxique\"><strong>Mine de lithium dans l\u2019Allier : le rapport qui d\u00e9voile une bombe toxique<\/strong><\/a> (Disclose)<\/p>\n\n\n\n<p><a href=\"https:\/\/www.greenpeace.fr\/espace-presse\/poursuite-baillon-de-totalenergies-greenpeace-demande-la-condamnation-de-la-major-petro-gaziere-pour-procedure-abusive\/\" target=\"_blank\" rel=\"noreferrer noopener\">Poursuite-b\u00e2illon de TotalEnergies : Greenpeace demande une condamnation pour proc\u00e9dure abusive<\/a>&nbsp;(Greenpeace)<\/p>\n\n\n\n<p><mark style=\"background-color:rgba(0, 0, 0, 0);color:#ee0505\" class=\"has-inline-color\"><strong>23 novembre<\/strong><\/mark><\/p>\n\n\n\n<p><strong><a href=\"https:\/\/basta.media\/desticides-ultratoxiques-interdits-depuis-30-ans-continuent-de-polluer-legumes\">Des pesticides ultratoxiques et interdits depuis 30 ans continuent de polluer nos l\u00e9gumes<\/a> <\/strong>(Basta!)<\/p>\n\n\n\n<p><a href=\"https:\/\/reporterre.net\/Comment-des-deputes-veulent-reprimer-encore-plus-les-militants\">Comment des d\u00e9put\u00e9s veulent r\u00e9primer encore plus les militants<\/a> (Reporterre)<\/p>\n\n\n\n<p><mark style=\"background-color:rgba(0, 0, 0, 0);color:#ee0505\" class=\"has-inline-color\"><strong>22 novembre<\/strong><\/mark><\/p>\n\n\n\n<p><a href=\"https:\/\/www.latribune.fr\/climat\/energie-environnement\/climat-le-plan-de-la-france-pour-sortir-de-sa-dependance-aux-energies-fossiles-983828.html\">Le plan de la France pour sortir de sa d\u00e9pendance aux \u00e9nergies fossiles<\/a> (La Tribune)<\/p>\n\n\n\n<p><a href=\"https:\/\/www.latribune.fr\/climat\/energie-environnement\/face-aux-derives-la-normandie-suspend-ses-aides-a-la-methanisation-983805.html\">Face aux d\u00e9rives, la Normandie suspend ses aides \u00e0 la m\u00e9thanisation<\/a> (La Tribune)<\/p>\n\n\n\n<p><a href=\"https:\/\/www.connaissancedesenergies.org\/afp\/agnes-pannier-runacher-regrette-le-choix-de-totalenergies-daccroitre-sa-production-dhydrocarbures-231121\">Agn\u00e8s Pannier-Runacher \u2018regrette\u2019 le choix de TotalEnergies d&rsquo;accro\u00eetre sa production d&rsquo;hydrocarbures<\/a> (AFP)<\/p>\n\n\n\n<p><a href=\"https:\/\/www.liberation.fr\/economie\/finance-verte-une-etude-fustige-les-activites-des-banques-europeennes-20231122_JUT27NQ3XZB6NPCISUONYT6OIQ\/\" target=\"_blank\" rel=\"noreferrer noopener\">Finance verte&nbsp;: une \u00e9tude fustige les activit\u00e9s des banques europ\u00e9ennes<\/a> (Lib\u00e9ration)<\/p>\n\n\n\n<p><a href=\"https:\/\/www.latribune.fr\/climat\/energie-environnement\/climat-le-geant-italien-enel-revoit-a-la-baisse-ses-investissements-sur-les-energies-renouvelables-983882.html\">Le g\u00e9ant italien Enel revoit \u00e0 la baisse ses investissements sur les \u00e9nergies renouvelables<\/a> (La Tribune)<\/p>\n\n\n\n<p><a href=\"https:\/\/www.connaissancedesenergies.org\/afp\/les-subventions-aux-energies-fossiles-ont-plus-que-double-en-2022-dans-les-pays-du-g20-231121\"><strong>Les subventions aux \u00e9nergies fossiles ont plus que doubl\u00e9 en 2022 dans les pays du G20<\/strong><\/a> (AFP)<\/p>\n\n\n\n<p><a href=\"https:\/\/www.lemonde.fr\/politique\/article\/2023\/11\/21\/a-gauche-des-divergences-sur-les-moyens-d-atteindre-une-france-zero-carbone_6201501_823448.html\">A gauche, des divergences sur les moyens d\u2019atteindre une \u00abFrance z\u00e9ro carbone\u00bb<\/a> (Le Monde)<\/p>\n\n\n\n<p><a href=\"https:\/\/reporterre.net\/Le-Parlement-europeen-rejette-l-objectif-de-diminution-de-50-des-pesticides-en-2030\" target=\"_blank\" rel=\"noreferrer noopener\">50&nbsp;% de pesticides en moins&nbsp;? L&rsquo;Europe dit non<\/a>&nbsp;(Reporterre)<\/p>\n\n\n\n<p><a><\/a><a href=\"https:\/\/link.newsletter.franceculture.fr\/m\/ml\/7429\/837679\/wbtU-B5bvSg57oEtWk82SG9C5lXTLJmivm821gAfcU8=\/SzrOVWKQWaEYmKb3vi8P1SkRpSnTYGdUN1k197G6KSc=\/\" target=\"_blank\" rel=\"noreferrer noopener\"><strong>Perturbateurs endocriniens&nbsp;: menace sur la sant\u00e9&nbsp;!<\/strong><\/a> (France Culture)<\/p>\n\n\n\n<p><mark style=\"background-color:rgba(0, 0, 0, 0);color:#ee0505\" class=\"has-inline-color\"><strong>21 novembre<\/strong><\/mark><\/p>\n\n\n\n<p><strong><a href=\"https:\/\/www.humanite.fr\/environnement\/accord-de-paris\/rechauffement-climatique-le-monde-sur-une-trajectoire-catastrophique-de-3-c-selon-lonu\" target=\"_blank\" rel=\"noreferrer noopener\">Climat : le monde sur une trajectoire catastrophique de + 3 \u00b0C, selon l\u2019ONU<\/a>&nbsp;<\/strong>(L\u2019Humanit\u00e9)<\/p>\n\n\n\n<p><a href=\"https:\/\/www.mediapart.fr\/journal\/ecologie\/201123\/l-onu-alerte-les-emissions-de-co2-augmentent-quand-elles-devraient-baisser-drastiquement\" target=\"_blank\" rel=\"noreferrer noopener\">L\u2019ONU alerte: les \u00e9missions de CO2 augmentent quand elles devraient baisser drastiquement<\/a>&nbsp;(M\u00e9diapart)<\/p>\n\n\n\n<p><a href=\"https:\/\/basta.media\/Defense-eau-bien-commun-proces-opposants-megabassines-28-novembre-mobilisation-soutien\" target=\"_blank\" rel=\"noreferrer noopener\">\u00ab D\u00e9fendre l&rsquo;eau comme commun \u00bb : proc\u00e8s des opposants aux m\u00e9gabassines le 28 novembre<\/a>&nbsp; (Basta!)<\/p>\n\n\n\n<p><a href=\"https:\/\/www.natura-sciences.com\/comprendre\/traite-pollution-plastique-reduire-production-plastique-defi.html\" target=\"_blank\" rel=\"noreferrer noopener\">Futur trait\u00e9 plastique : r\u00e9duire la production plastique, un d\u00e9fi capital<\/a>&nbsp;(Natura Sciences)<\/p>\n\n\n\n<p><a href=\"https:\/\/reporterre.net\/Moratoire-sur-les-megabassines-71-des-Francais-y-sont-favorables\" target=\"_blank\" rel=\"noreferrer noopener\">Moratoire sur les m\u00e9gabassines&nbsp;: \u00ab&nbsp;71&nbsp;% des Fran\u00e7ais y sont favorables&nbsp;\u00bb<\/a>&nbsp;(Reporterre)<\/p>\n\n\n\n<p><a href=\"https:\/\/www.connaissancedesenergies.org\/afp\/des-milliers-de-lobbyistes-des-energies-fossiles-ont-participe-aux-cop-depuis-2003-231121\">Des milliers de lobbyistes des \u00e9nergies fossiles ont particip\u00e9 aux COP depuis 2003<\/a> (AFP)<\/p>\n\n\n\n<p><a href=\"https:\/\/www.connaissancedesenergies.org\/afp\/cop28-le-methane-lautre-gaz-effet-de-serre-qui-concentre-les-attentes-231121\">COP28 : le m\u00e9thane, l&rsquo;autre gaz \u00e0 effet de serre qui concentre les attentes<\/a> (AFP)<\/p>\n\n\n\n<p><strong><a href=\"https:\/\/reporterre.net\/Plastique-le-lobby-bloque-un-traite-international-ambitieux\">L\u2019industrie p\u00e9troli\u00e8re freine l\u2019accord mondial sur le plastique<\/a> <\/strong>(Reporterre)<\/p>\n\n\n\n<p><mark style=\"background-color:rgba(0, 0, 0, 0);color:#ee0505\" class=\"has-inline-color\"><strong>20 novembre<\/strong><\/mark><\/p>\n\n\n\n<p><strong><a href=\"https:\/\/www.oxfamfrance.org\/communiques-de-presse\/inegalites-climatiques-les-1-les-plus-riches-emettent-autant-de-co2-que-deux-tiers-de-lhumanite\/\">Les 1% les plus riches \u00e9mettent autant de CO2 que deux tiers de l\u2019humanit\u00e9<\/a><\/strong> (Oxfam)<\/p>\n\n\n\n<p><a href=\"https:\/\/reporterre.net\/En-Haute-Provence-des-femmes-protegent-la-foret-de-leurs-corps\" target=\"_blank\" rel=\"noreferrer noopener\">En Haute-Provence, des femmes prot\u00e8gent la for\u00eat de leurs corps<\/a>&nbsp;(Reporterre)<\/p>\n\n\n\n<p><a href=\"https:\/\/reporterre.net\/90-des-hirondelles-d-Ile-de-France-ont-disparu-en-20-ans\" target=\"_blank\" rel=\"noreferrer noopener\">90&nbsp;% des hirondelles d&rsquo;\u00cele-de-France ont disparu en 20 ans<\/a>&nbsp;(Reporterre)<\/p>\n\n\n\n<p><a href=\"https:\/\/www.causette.fr\/feminismes\/figures\/barbara-steininger-la-biologiste-qui-vole-avec-les-oiseaux-migrateurs\/\" target=\"_blank\" rel=\"noreferrer noopener\">Barbara Steininger, la biologiste qui vole avec les oiseaux migrateurs<\/a>&nbsp;(Causette)<\/p>\n\n\n\n<p><a href=\"https:\/\/api.indigo-net.com\/email\/RedirectionEmailing?mail=n.chevillard@noos.fr&amp;ID=568086&amp;DOCIID=109703480&amp;ENAIID=842068&amp;RETOUR=SIMPLE&amp;link=https:\/\/www.lalettre.fr\/fr\/action-publique_lobbying\/2023\/11\/20\/de-bruxelles-a-paris-le-lobbying-de-totalenergies-pour-aspirer-les-fonds-du-co2-dans-ses-puits,110099181-ge0?cxt=PUB&amp;utm_source=LLA&amp;utm_medium=email&amp;utm_campaign=AUTO_EDIT_SOM_PROS\"><strong>De Bruxelles \u00e0 Paris, le lobbying de TotalEnergies pour aspirer les fonds du CO2 dans ses puits<\/strong><\/a>&nbsp;(La Lettre)<\/p>\n\n\n\n<p><a href=\"https:\/\/blogs.mediapart.fr\/aitec-et-collectif-national-stop-cetamercosur\/blog\/201123\/appel-aux-deputes-europeens-votez-non-l-accord-ue-nouvelle-zeland\">Appel aux d\u00e9put\u00e9s europ\u00e9ens : \u2018Votez non \u00e0 l\u2019accord UE-Nouvelle-Z\u00e9lande&nbsp;!\u2019<\/a>&nbsp;(Aitec et collectif national Stop CETA\/Mercosur)<\/p>\n\n\n\n<p><a href=\"https:\/\/www.notre-planete.info\/actualites\/935-black-Friday-planete-solde?a=b1f9dfeb7e9eda553552f0b35f0db2b7&amp;l=722\">Black Friday : la Plan\u00e8te en solde<\/a>&nbsp;(Notre Plan\u00e8te Info)<\/p>\n\n\n\n<p><a href=\"https:\/\/www.youtube.com\/watch?v=bXm2NOKLrrw\">Parrique d\u00e9monte les arguments anti-d\u00e9croissance un par un<\/a>&nbsp;(Ethique et tac)<\/p>\n\n\n\n<p><a href=\"https:\/\/www.blast-info.fr\/articles\/2023\/le-sedif-sourd-aux-contestations-contre-sa-gestion-de-leau-lLLtlaCSQqqYosAqwsnOIw\" target=\"_blank\" rel=\"noreferrer noopener\">Le Sedif sourd aux contestations contre sa gestion de l\u2019eau<\/a>&nbsp;(Blast)<\/p>\n\n\n\n<p><a href=\"https:\/\/www.connaissancedesenergies.org\/afp\/climat-les-2degc-de-rechauffement-depasses-pour-la-premiere-fois-sur-une-journee-copernicus-231120-0\">Climat : les 2\u00b0C de r\u00e9chauffement d\u00e9pass\u00e9s pour la premi\u00e8re fois sur une journ\u00e9e (Copernicus)<\/a> (AFP)<\/p>\n\n\n\n<p><a href=\"https:\/\/reporterre.net\/Glyphosate-un-recours-en-justice-contre-la-reautorisation\" target=\"_blank\" rel=\"noreferrer noopener\">Glyphosate&nbsp;: un recours en justice contre la r\u00e9autorisation<\/a>&nbsp;(Reporterre)<\/p>\n\n\n\n<p><a href=\"https:\/\/www.alternatives-economiques.fr\/climat-collectivites-locales-largent\/00108652\" target=\"_blank\" rel=\"noreferrer noopener\">Climat et collectivit\u00e9s locales : o\u00f9 est l\u2019argent ?<\/a>&nbsp;(Alter \u00e9co)<\/p>\n\n\n\n<p><a href=\"https:\/\/fr.africanews.com\/2023\/11\/16\/kenya-un-rapport-accablant-sur-le-cout-reel-des-dechets-plastiques\/\">Kenya : un rapport accablant sur le co\u00fbt r\u00e9el des d\u00e9chets plastiques<\/a> (Africanews)<\/p>\n\n\n\n<p><mark style=\"background-color:rgba(0, 0, 0, 0);color:#ee0505\" class=\"has-inline-color\"><strong>18 novembre<\/strong><\/mark><\/p>\n\n\n\n<p><a href=\"https:\/\/www.ldh-france.org\/projet-de-totalenergies-mozambique-lng\/\" target=\"_blank\" rel=\"noreferrer noopener\"><strong>Projet de TotalEnergies Mozambique LNG<\/strong><\/a>&nbsp;(Appel de 124 ONG dont LDH)<\/p>\n\n\n\n<p><strong><a href=\"https:\/\/reporterre.net\/Crimes-contre-la-nature-On-va-mettre-fin-a-l-impunite\">Crimes contre la nature&nbsp;: \u00ab&nbsp;On va mettre fin \u00e0 l\u2019impunit\u00e9&nbsp;\u00bb<\/a> <\/strong>(Reporterre)<\/p>\n\n\n\n<figure class=\"wp-block-image size-full is-resized\"><img data-recalc-dims=\"1\" loading=\"lazy\" decoding=\"async\" width=\"588\" height=\"338\" src=\"https:\/\/i0.wp.com\/www.rdpemancipation.org\/wp-content\/uploads\/2023\/11\/image-10.png?resize=588%2C338&#038;ssl=1\" alt=\"\" class=\"wp-image-122413\" style=\"aspect-ratio:1.7396449704142012;width:484px;height:auto\" srcset=\"https:\/\/i0.wp.com\/www.rdpemancipation.org\/wp-content\/uploads\/2023\/11\/image-10.png?w=588&amp;ssl=1 588w, https:\/\/i0.wp.com\/www.rdpemancipation.org\/wp-content\/uploads\/2023\/11\/image-10.png?resize=300%2C172&amp;ssl=1 300w\" sizes=\"auto, (max-width: 588px) 100vw, 588px\" \/><\/figure>\n\n\n\n<p><a href=\"https:\/\/www.mediapart.fr\/journal\/politique\/171123\/glyphosate-les-macronistes-s-embourbent-dans-l-abstention-de-la-france\"><strong>Glyphosate&nbsp;: les macronistes s\u2019embourbent dans l\u2019abstention de la France<\/strong><\/a> (M\u00e9diapart)<\/p>\n\n\n\n<p><a href=\"https:\/\/www.connaissancedesenergies.org\/afp\/depollution-de-lex-raffinerie-petroplus-lentreprise-valgo-mise-en-demeure-231117\">D\u00e9pollution de l&rsquo;ex-raffinerie P\u00e9troplus : l&rsquo;entreprise Valgo mise en demeure<\/a> (AFP)<\/p>\n\n\n\n<p><mark style=\"background-color:rgba(0, 0, 0, 0);color:#ee0505\" class=\"has-inline-color\"><strong><mark style=\"background-color:rgba(0, 0, 0, 0);color:#ee0505\" class=\"has-inline-color\"><strong>17 novembre<\/strong><\/mark><\/strong><\/mark><\/p>\n\n\n\n<p><a href=\"https:\/\/www.connaissancedesenergies.org\/amerique-latine-un-role-essentiel-jouer-dans-la-transition-energetique-231113\">Am\u00e9rique latine : un r\u00f4le \u00ab essentiel \u00bb \u00e0 jouer dans la transition \u00e9nerg\u00e9tique<\/a> (Connaissance des \u00e9nergies)<\/p>\n\n\n\n<p><a><\/a><a href=\"https:\/\/www.connaissancedesenergies.org\/cop28-quand-finance-energies-fossiles-et-divisions-redessinent-lavenir-231117\">COP28 : quand finance, \u00e9nergies fossiles, et divisions redessinent l&rsquo;avenir<\/a> (Connaissance des \u00e9nergies)<\/p>\n\n\n\n<p><a href=\"https:\/\/u7061146.ct.sendgrid.net\/ls\/click?upn=4tNED-2FM8iDZJQyQ53jATUTkzQ-2FfscWzTD-2FI-2Feg4G5B0tgKMLiIqQu9jtKJOF1wzByKC8GftyFrp0fwhbkTyvRcPN6DWpeZx6s5gWkLz3JZtjSx9olH8Q6YI2R4KCINGoqfuAbGPD-2BRfV97oTY9Ja6Q-3D-3DjZkP_9lJWQoRg-2BKaa3KSkJQTCZvagMEBZxhyko68STv2neD2gYTx8FoTkEltdchO0XuhCN1oOkxe4jWgCw4hLhfRrWyuXw3iUix-2FUA302CepC3qb7Hn-2Fd4P4JZE4PpJPW6PAMgZceiUpxNNG4CxRFKBuEAewQt4wnXeiT5lBxas7fOT3MKt0-2FBLo97VXA0g8wpp1QTROrMpGS-2FiDEUluO3-2FJjkPdNUwzzxpBKlBFm6eGz3gbV84cvutlDK5YRFuKHOS7iZyvpWtWenhTwvJodEMqGb83e-2FHZpDimvYYlzDvMHota4Qx9rYy1VZt3Tz0kB9je-2FGTjtG4bE9AhsVJAWpT6yWFpZj2Kv7Na-2FaSxQ9PfZFwM-3D\" target=\"_blank\" rel=\"noreferrer noopener\">L\u2019Observateur de l\u2019action climatique 2023<\/a> (OCDE)<\/p>\n\n\n\n<p><a href=\"https:\/\/www.rue89strasbourg.com\/weinbourg-energiculteur-panneaux-solaires-284809\">\u00c0 Weinbourg, un \u00ab&nbsp;\u00e9nergiculteur&nbsp;\u00bb veut recouvrir de panneaux solaires l\u2019\u00e9quivalent de 50 terrains de foot<\/a> (Rue 89)<\/p>\n\n\n\n<p><mark style=\"background-color:rgba(0, 0, 0, 0);color:#ee0505\" class=\"has-inline-color\"><strong>16 novembre<\/strong><\/mark><\/p>\n\n\n\n<p><a href=\"https:\/\/www.greenpeace.fr\/espace-presse\/glyphosate-greenpeace-sindigne-de-son-renouvellement-et-appelle-a-un-sursaut-du-gouvernement-francais\/\" target=\"_blank\" rel=\"noreferrer noopener\">Glyphosate : Greenpeace s\u2019indigne de son renouvellement et appelle \u00e0 un sursaut du gouvernement fran\u00e7ais<\/a>&nbsp;(Greenpeace France)<\/p>\n\n\n\n<p><a href=\"https:\/\/www.confederationpaysanne.fr\/rp_article.php?id=13882\" target=\"_blank\" rel=\"noreferrer noopener\">Glyphosate : la d\u00e9cision scandaleuse de la Commission europ\u00e9enne se fait sur le dos des paysan\u00b7nes<\/a>&nbsp;(Conf\u00e9d\u00e9ration Paysanne)<\/p>\n\n\n\n<p><a href=\"https:\/\/www.mediapart.fr\/journal\/ecologie\/161123\/le-glyphosate-est-re-homologue-pour-dix-ans-avec-l-abstention-de-la-france\">L&rsquo;UE re-homologue le glyphosate<\/a> (M\u00e9diapart)<\/p>\n\n\n\n<p><a href=\"https:\/\/lareleveetlapeste.fr\/la-reautorisation-du-glyphosate-pour-10-ans-signe-une-victoire-sans-precedent-pour-les-lobbies\/\" target=\"_blank\" rel=\"noreferrer noopener\"><strong>La r\u00e9autorisation du glyphosate pour 10 ans signe une victoire sans pr\u00e9c\u00e9dent pour les lobbies<\/strong><\/a> (La Rel\u00e8ve et La Peste)<\/p>\n\n\n\n<p><a href=\"https:\/\/www.alternatives-economiques.fr\/derriere-reautorisation-glyphosate-se-joue-lavenir-pesticides\/00108644\" target=\"_blank\" rel=\"noreferrer noopener\">\u00ab Derri\u00e8re la r\u00e9autorisation du glyphosate se joue l\u2019avenir des pesticides dans l\u2019agriculture \u00bb<\/a>&nbsp;(Alter \u00e9co)<\/p>\n\n\n\n<p><a href=\"https:\/\/www.natura-sciences.com\/decider\/le-monde-toujours-hors-piste-pour-baisser-ses-emissions-dici-2030.html\" target=\"_blank\" rel=\"noreferrer noopener\"><strong>Le monde toujours \u00ab hors-piste \u00bb pour baisser ses \u00e9missions d\u2019ici 2030<\/strong><\/a> (Natura Sciences)<\/p>\n\n\n\n<p><a href=\"https:\/\/lareleveetlapeste.fr\/a69-tu-nes-plus-proprietaire-de-ta-maison-ni-du-champ-ni-dici-cest-lautoroute-qui-ta-tout-pris\/\" target=\"_blank\" rel=\"noreferrer noopener\">A69 : \u00ab tu n\u2019es plus propri\u00e9taire de ta maison, ni du champ, ni d\u2019ici, c\u2019est l\u2019autoroute qui t\u2019a tout pris \u00bb<\/a>&nbsp; (La Rel\u00e8ve et La Peste)<\/p>\n\n\n\n<p><a href=\"https:\/\/www.off-investigation.fr\/expropries-par-lautoroute-a69\/\" target=\"_blank\" rel=\"noreferrer noopener\">Expropri\u00e9s par l\u2019autoroute A69<\/a>&nbsp;(Off Investigation)<\/p>\n\n\n\n<p><a href=\"https:\/\/www.socialter.fr\/article\/changement-climatique-deforestation-production-cacao\" target=\"_blank\" rel=\"noreferrer noopener\">D\u00e9forestation et pauvret\u00e9 : l&rsquo;envers du cacao<\/a>&nbsp;(Socialter)<\/p>\n\n\n\n<p><a href=\"https:\/\/t.nl.france3.fr\/r\/?id=hf9b2e918,6c1509ec,5fc37b57&amp;p1=20231114&amp;p2=726375-1613287517-668363dc\">Pollution, b\u00e9tonisation&#8230; des habitants vent debout contre la future zone industrielle \u00e0 l&rsquo;est de Beaune<\/a> (France 3)<\/p>\n\n\n\n<p><a href=\"https:\/\/www.connaissancedesenergies.org\/afp\/nouveau-record-de-chaleur-au-bresil-585-degc-de-temperature-ressentie-rio-231115\">Nouveau record de chaleur au Br\u00e9sil, 58,5 \u00b0C de temp\u00e9rature ressentie \u00e0 Rio<\/a> (AFP)<\/p>\n\n\n\n<p><a href=\"https:\/\/www.connaissancedesenergies.org\/afp\/les-emissions-de-co2-de-la-chine-appelees-baisser-en-2024-grace-aux-energies-renouvelables-231114\">Les \u00e9missions de CO<sub>2<\/sub> de la Chine appel\u00e9es \u00e0 baisser en 2024 gr\u00e2ce aux \u00e9nergies renouvelables<\/a> (AFP)<\/p>\n\n\n\n<p><mark style=\"background-color:rgba(0, 0, 0, 0);color:#ee0505\" class=\"has-inline-color\"><strong>15 novembre<\/strong><\/mark><\/p>\n\n\n\n<p><a href=\"https:\/\/www.nouvelobs.com\/ecologie\/20231112.OBS80756\/cop28-des-lanceurs-d-alerte-denoncent-le-double-jeu-de-mckinsey-sur-le-climat.html\">COP28&nbsp;: des lanceurs d\u2019alerte d\u00e9noncent le double jeu de McKinsey sur le climat <\/a>&nbsp;(L\u2019Obs)<\/p>\n\n\n\n<p><strong><a href=\"https:\/\/www.blast-info.fr\/articles\/2023\/les-algues-vertes-sattaquent-a-la-franche-comte-ywl5ISMXQo2wOHVB0SK-Jw\">Les algues vertes s&rsquo;attaquent \u00e0 la Franche-Comt\u00e9<\/a> <\/strong>(Blast)<\/p>\n\n\n\n<p><mark style=\"background-color:rgba(0, 0, 0, 0);color:#ee0505\" class=\"has-inline-color\"><strong>14 novembre<\/strong><\/mark><\/p>\n\n\n\n<p><a href=\"https:\/\/lareleveetlapeste.fr\/300-scientifiques-et-300-dirigeants-exigent-un-traite-de-non-proliferation-des-energies-fossiles\/\" target=\"_blank\" rel=\"noreferrer noopener\">300 scientifiques et 300 dirigeants exigent un trait\u00e9 de non-prolif\u00e9ration des \u00e9nergies fossiles<\/a> &nbsp;(La Rel\u00e8ve et La Peste)<\/p>\n\n\n\n<p><a href=\"https:\/\/www.francetvinfo.fr\/monde\/environnement\/pollution-en-60-ans-la-population-mondiale-a-ete-multipliee-par-2-la-consommation-de-plastique-par-40-denonce-la-presidente-de-la-fondation-de-la-mer_6181014.html\">Pollution&nbsp;: en 60 ans, la population mondiale a \u00e9t\u00e9 multipli\u00e9e par 2, la consommation de plastique par 40 <\/a>&nbsp;(France Info)<\/p>\n\n\n\n<p><a href=\"https:\/\/www.lemonde.fr\/economie\/article\/2023\/11\/13\/reindustrialisation-de-la-france-le-defi-de-l-acceptabilite-sociale_6199805_3234.html\">R\u00e9industrialisation&nbsp;: la perspective de nouveaux emplois n\u2019est plus suffisante face aux menaces environnementales<\/a> (Le Monde)<\/p>\n\n\n\n<p><a href=\"https:\/\/basta.media\/dangers-du-glyphosate-etat-des-connaissances-controverses-pesticides-Roundup-toxicite-sante-cancer\" target=\"_blank\" rel=\"noreferrer noopener\">Effets du glyphosate sur la sant\u00e9 : ce qu&rsquo;on sait et ce qui fait d\u00e9bat<\/a> (Basta!)<\/p>\n\n\n\n<p><strong><a href=\"https:\/\/basta.media\/pesticides-ces-pays-europeens-qui-veulent-sortir-du-glyphosate-et-le-font-alternative-luxembourg\">Ces pays europ\u00e9ens qui veulent sortir du glyphosate (et le font)<\/a> <\/strong>(Basta!)<\/p>\n\n\n\n<p><a href=\"https:\/\/reporterre.net\/Les-voitures-electriques-assoiffent-les-pays-du-Sud\">Les voitures \u00e9lectriques assoiffent les pays du Sud<\/a> (Reporterre)<\/p>\n\n\n\n<p><mark style=\"background-color:rgba(0, 0, 0, 0);color:#ee0505\" class=\"has-inline-color\"><strong>13 novembre<\/strong><\/mark><\/p>\n\n\n\n<p><strong><a href=\"https:\/\/reporterre.net\/BMW-et-Renault-impliques-dans-un-scandale-ecologique-au-Maroc\">BMW&nbsp;et Renault impliqu\u00e9s dans un scandale \u00e9cologique au Maroc<\/a> <\/strong>(Reporterre)<\/p>\n\n\n\n<p><a href=\"https:\/\/journal-labreche.fr\/malgre-les-alertes-des-scientifiques-le-boscalid-inonde-toujours-les-cultures\/\" target=\"_blank\" rel=\"noreferrer noopener\">Malgr\u00e9 les alertes des scientifiques, le boscalid inonde toujours les cultures<\/a>&nbsp; (La Br\u00e8che)<\/p>\n\n\n\n<p><a href=\"https:\/\/lvsl.fr\/lecosocialisme-de-marx-loeuvre-de-reinterpretation-par-kohei-saito\/\" target=\"_blank\" rel=\"noreferrer noopener\"><strong>L\u2019\u00e9cosocialisme de Marx : l\u2019\u0153uvre de r\u00e9interpr\u00e9tation par Kohei Saito<\/strong><\/a> (Le Vent Se L\u00e8ve)<\/p>\n\n\n\n<p><a href=\"https:\/\/www.ritimo.org\/Un-site-pour-lutter-contre-les-grands-projets-d-amenagement-routier\" target=\"_blank\" rel=\"noreferrer noopener\">Un site pour lutter contre les grands projets d&rsquo;am\u00e9nagement routier<\/a> (Ritimo)<\/p>\n\n\n\n<p><a href=\"https:\/\/www.greenpeace.fr\/espace-presse\/ouverture-de-larctique-a-lexploitation-miniere-en-eaux-profondes-greenpeace-se-mobilise-a-paris-et-dans-16-villes-en-france\/\" target=\"_blank\" rel=\"noreferrer noopener\">Ouverture de l\u2019Arctique \u00e0 l\u2019exploitation mini\u00e8re en eaux profondes : Greenpeace se mobilise\u2026<\/a> (Greenpeace France)<\/p>\n\n\n\n<p><mark style=\"background-color:rgba(0, 0, 0, 0);color:#ee0505\" class=\"has-inline-color\"><strong>12 novembre<\/strong><\/mark><\/p>\n\n\n\n<p><strong><a href=\"https:\/\/www.boursorama.com\/actualite-economique\/actualites\/etat-hypocrite-des-agriculteurs-defendent-des-mesures-pour-l-environnement-ed27b376a7b668c2d205b1e13d20f572\">\u00ab\u00a0Etat hypocrite\u00a0\u00bb: des agriculteurs d\u00e9fendent des mesures pour l&rsquo;environnement<\/a> <\/strong>(AFP)<strong> &nbsp;&nbsp;<\/strong><\/p>\n\n\n\n<p><a href=\"https:\/\/www.contretemps.eu\/luttes-ecologistes-france-comby-dubuisson-quellier\/\">O\u00f9 vont les luttes \u00e9cologistes en France aujourd\u2019hui&nbsp;? \u00c0 propos d\u2019un livre r\u00e9cent<\/a> (Contretemps)<\/p>\n\n\n\n<p><a href=\"https:\/\/reporterre.net\/Megabassines-illegales-le-ministere-embarrasse\" target=\"_blank\" rel=\"noreferrer noopener\"><strong>M\u00e9gabassines ill\u00e9gales&nbsp;: le minist\u00e8re embarrass\u00e9<\/strong><\/a> (Reporterre)<\/p>\n\n\n\n<p><a href=\"https:\/\/lanticapitaliste.org\/actualite\/ecologie\/climat-encore-un-rapport-accablant\">Climat\u2009: encore un rapport accablant\u2009!<\/a> (L\u2019Anticapitaliste)<\/p>\n\n\n\n<p><a><\/a><a href=\"https:\/\/www.alternatives-economiques.fr\/lagriculture-preserve-leau\/00108310\" target=\"_blank\" rel=\"noreferrer noopener\">Quand l\u2019agriculture pr\u00e9serve l\u2019eau<\/a>&nbsp;(Alter \u00e9co)<\/p>\n\n\n\n<p><a href=\"https:\/\/www.alternatives-economiques.fr\/exces-de-sel-montee-de-mer-secheresse-menacent-littoral-mediterran\/00108358\" target=\"_blank\" rel=\"noreferrer noopener\">Exc\u00e8s de sel, mont\u00e9e de la mer et s\u00e9cheresse menacent le littoral m\u00e9diterran\u00e9en<\/a>&nbsp;(Alter \u00e9co)<\/p>\n\n\n\n<p><a href=\"https:\/\/marsactu.fr\/la-centrale-biomasse-de-gardanne-contrainte-de-pousser-son-etude-dimpact-jusquau-bresil\/\" target=\"_blank\" rel=\"noreferrer noopener\">La centrale biomasse de Gardanne contrainte de pousser son \u00e9tude d\u2019impact jusqu\u2019au Br\u00e9sil<\/a>&nbsp;(Marsactu)<\/p>\n\n\n\n<p><a href=\"https:\/\/www.lemonde.fr\/planete\/article\/2023\/11\/09\/en-belgique-une-pollution-massive-des-eaux-aux-pfas-fait-scandale_6199219_3244.html\">En Belgique, une pollution massive des eaux aux PFAS fait scandale<\/a> (Le Monde)<\/p>\n\n\n\n<p><a href=\"https:\/\/www.lemonde.fr\/planete\/article\/2023\/11\/09\/certains-pesticides-sont-aussi-des-polluants-eternels-revelent-deux-ong_6199102_3244.html\">Certains pesticides sont aussi des \u00ab&nbsp;polluants \u00e9ternels&nbsp;\u00bb, r\u00e9v\u00e8lent deux ONG<\/a> (Le Monde)<\/p>\n\n\n\n<p><a href=\"https:\/\/www.lemonde.fr\/planete\/article\/2023\/11\/09\/les-alertes-a-la-pollution-de-l-eau-potable-se-multiplient-un-peu-partout-en-france_6199100_3244.html\">Les alertes \u00e0 la pollution de l\u2019eau potable se multiplient en France<\/a> (Le Monde)<\/p>\n\n\n\n<p><mark style=\"background-color:rgba(0, 0, 0, 0);color:#ee0505\" class=\"has-inline-color\"><strong>10 novembre<\/strong><\/mark><\/p>\n\n\n\n<p><a href=\"https:\/\/www.novethic.fr\/actualite\/environnement\/climat\/isr-rse\/adaptation-au-changement-climatique-les-pays-n-investissent-pas-assez-alerte-l-onu-151865.html?utm_source=Abonn%C3%A9s+Novethic&amp;utm_campaign=d8d0603aca-EMAIL_CAMPAIGN_2023_11_06_04_25&amp;utm_medium=email&amp;utm_term=0_-d8d0603aca-%5BLIST_EMAIL_ID%5D\">Les financements pour s&rsquo;adapter au changement climatique sont encore plus faibles que <\/a><a href=\"https:\/\/www.novethic.fr\/actualite\/environnement\/climat\/isr-rse\/adaptation-au-changement-climatique-les-pays-n-investissent-pas-assez-alerte-l-onu-151865.html?utm_source=Abonn%C3%A9s+Novethic&amp;utm_campaign=d8d0603aca-EMAIL_CAMPAIGN_2023_11_06_04_25&amp;utm_medium=email&amp;utm_term=0_-d8d0603aca-%5BLIST_EMAIL_ID%5D\">pr\u00e9vus, \u00e0 un mois de la COP28<\/a> (novethic)<\/p>\n\n\n\n<p><a href=\"https:\/\/lareleveetlapeste.fr\/dans-les-yvelines-mobilisation-contre-un-projet-routier-dun-autre-temps-qui-a-entraine-labattage-dun-tilleul-de-150-ans\/\">Dans les Yvelines, mobilisation contre un projet routier \u201cd\u2019un autre temps\u201d qui a entra\u00een\u00e9 <\/a><a href=\"https:\/\/lareleveetlapeste.fr\/dans-les-yvelines-mobilisation-contre-un-projet-routier-dun-autre-temps-qui-a-entraine-labattage-dun-tilleul-de-150-ans\/\">l\u2019abattage d\u2019un tilleul de 150 ans<\/a> (La rel\u00e8ve et la peste)<\/p>\n\n\n\n<p><a href=\"https:\/\/www.francetvinfo.fr\/replay-radio\/le-billet-vert\/environnement-les-productions-de-charbon-de-petrole-et-de-gaz-vont-continuer-d-augmenter-dans-les-annees-a-venir-alerte-l-onu_6142431.html#xtor=RSS-3-%5Bmonde%5D\">Environnement : les productions de charbon, de p\u00e9trole et de gaz vont continuer d&rsquo;augmenter dans les ann\u00e9es \u00e0 venir, alerte l&rsquo;ONU<\/a> (francetvinfo)<\/p>\n\n\n\n<p><a href=\"https:\/\/reporterre.net\/Nous-ne-savons-pas-vivre-sans-glacier\">\u00ab&nbsp;Nous ne savons pas vivre sans glacier&nbsp;\u00bb<\/a> (Reporterre)<\/p>\n\n\n\n<p><a href=\"https:\/\/reporterre.net\/Energies-fossiles-les-pays-foncent-droit-dans-le-mur\">\u00c9nergies fossiles&nbsp;: les pays foncent droit dans le mur<\/a> (Reporterre)<\/p>\n\n\n\n<p><a href=\"https:\/\/www.novethic.fr\/actualite\/environnement\/climat\/isr-rse\/la-tempete-ciaran-est-elle-liee-au-changement-climatique-151863.html?utm_source=Abonn%C3%A9s+Novethic&amp;utm_campaign=d8d0603aca-EMAIL_CAMPAIGN_2023_11_06_04_25&amp;utm_medium=email&amp;utm_term=0_-d8d0603aca-%5BLIST_EMAIL_ID%5D\">Temp\u00eate Ciaran : Comment la crise climatique rend les populations plus vuln\u00e9rables<\/a> (Novethic)<\/p>\n\n\n\n<p><a href=\"https:\/\/www.novethic.fr\/actualite\/environnement\/climat\/isr-rse\/nos-forets-absorbent-de-moins-en-moins-de-co2-un-obstacle-supplementaire-pour-atteindre-la-neutralite-carbone-151861.html?utm_source=Abonn%C3%A9s+Novethic&amp;utm_campaign=d8d0603aca-EMAIL_CAMPAIGN_2023_11_06_04_25&amp;utm_medium=email&amp;utm_term=0_-d8d0603aca-%5BLIST_EMAIL_ID%5D\">Infographie : Nos for\u00eats absorbent de moins en moins de CO2 et pourraient devenir un obstacle \u00e0 la neutralit\u00e9 carbone<\/a> (Novethic)<\/p>\n\n\n\n<p><mark style=\"background-color:rgba(0, 0, 0, 0);color:#ee0505\" class=\"has-inline-color\"><strong>9 novembre<\/strong><\/mark><\/p>\n\n\n\n<p><a href=\"https:\/\/www.boursorama.com\/actualite-economique\/actualites\/action-militante-a-carcassonne-contre-le-glyphosate-0e3fa81fdd3cb397bd1a3ab7a185f360\">Action militante \u00e0 Carcassonne contre le glyphosate<\/a> (AFP)<\/p>\n\n\n\n<p><a href=\"https:\/\/www.alternatives-economiques.fr\/pesticides-prosulfocarbe-va-t-tuer-sarrasin-bio\/00108347\" target=\"_blank\" rel=\"noreferrer noopener\">Pesticides : le prosulfocarbe va-t-il tuer le sarrasin bio ?<\/a>&nbsp;(Alter \u00e9co)<\/p>\n\n\n\n<p><a href=\"https:\/\/www.politis.fr\/articles\/2023\/11\/lecoterrorisme-explique-aux-futurs-policiers\/\" target=\"_blank\" rel=\"noreferrer noopener\">L\u2019\u00e9coterrorisme expliqu\u00e9 aux futurs policiers<\/a> (Politis)<\/p>\n\n\n\n<p><a href=\"https:\/\/www.politis.fr\/articles\/2023\/11\/victimes-des-pesticides-la-reconnaissance-au-coeur-de-la-bataille\/\" target=\"_blank\" rel=\"noreferrer noopener\">Victimes des pesticides : la reconnaissance au c\u0153ur de la bataille<\/a> (Politis)<\/p>\n\n\n\n<p><strong><a href=\"https:\/\/disclose.ngo\/fr\/article\/deforestation-au-bresil-quatre-banques-francaises-visees-par-une-plainte-pour-blanchiment\">D\u00e9forestation au Br\u00e9sil : quatre banques fran\u00e7aises vis\u00e9es par une plainte pour blanchiment<\/a> <\/strong>(Disclose)<\/p>\n\n\n\n<p><strong><a href=\"https:\/\/www.rue89strasbourg.com\/lacunes-stocamine-suspicion-de-dechets-irreguliers-nappe-phreatique-204565\">Les grandes lacunes de Stocamine&nbsp;: suspicion de d\u00e9chets irr\u00e9guliers sous la nappe phr\u00e9atique<\/a> <\/strong>(Rue 89)<\/p>\n\n\n\n<p><a href=\"https:\/\/reporterre.net\/En-RDC-des-Congolais-refusent-de-vendre-leur-lac-a-Total\" target=\"_blank\" rel=\"noreferrer noopener\">En RDC, des Congolais refusent de \u00ab&nbsp;vendre&nbsp;\u00bb leur lac \u00e0 Total<\/a>&nbsp;(Reporterre)<\/p>\n\n\n\n<p><a href=\"https:\/\/reporterre.net\/Historique-le-droit-a-un-futur-sain-consacre-en-justice\" target=\"_blank\" rel=\"noreferrer noopener\">\u00ab&nbsp;Historique&nbsp;\u00bb&nbsp;: le droit \u00e0 un futur sain consacr\u00e9 en justice<\/a> (Reporterre)<\/p>\n\n\n\n<p><a href=\"https:\/\/reporterre.net\/La-geoingenierie-solaire-ou-les-apprentis-sorciers-du-climat\" target=\"_blank\" rel=\"noreferrer noopener\">La g\u00e9oing\u00e9nierie solaire ou les apprentis sorciers du climat<\/a>&nbsp;(Reporterre)<\/p>\n\n\n\n<p><a href=\"https:\/\/reporterre.net\/Octobre-bat-un-nouveau-record-de-chaleur-a-l-echelle-mondiale\" target=\"_blank\" rel=\"noreferrer noopener\">Octobre bat un nouveau record de chaleur \u00e0 l&rsquo;\u00e9chelle mondiale<\/a>&nbsp;(Reporterre)<\/p>\n\n\n\n<p><a href=\"https:\/\/www.mediapart.fr\/journal\/fil-dactualites\/081123\/pollution-de-l-air-vers-une-nouvelle-condamnation-de-l-etat\">Pollution de l\u2019air : vers une nouvelle condamnation de l\u2019Etat<\/a> (AFP)<\/p>\n\n\n\n<p><mark style=\"background-color:rgba(0, 0, 0, 0);color:#ee0505\" class=\"has-inline-color\"><strong>7 novembre<\/strong><\/mark><\/p>\n\n\n\n<p><a href=\"https:\/\/www.connaissancedesenergies.org\/chiffres-cles-des-energies-renouvelables-edition-2023-231106\">Chiffres cl\u00e9s des \u00e9nergies renouvelables &#8211; \u00e9dition 2023<\/a> (Connaissance des \u00e9nergies)&nbsp;<\/p>\n\n\n\n<p><a href=\"https:\/\/www.connaissancedesenergies.org\/en-librairie-carbone-fossile-carbone-vivant-de-christian-de-perthuis-extraits-231107\">En librairie : \u00ab Carbone fossile, carbone vivant \u00bb de Christian de Perthuis (extraits)<\/a> (Connaissance des \u00e9nergies)&nbsp;<\/p>\n\n\n\n<p><a href=\"https:\/\/lareleveetlapeste.fr\/pollution-lumineuse-des-contraventions-contre-les-publicites-non-eteintes\/\" target=\"_blank\" rel=\"noreferrer noopener\">Pollution lumineuse : des contraventions contre les publicit\u00e9s non-\u00e9teintes<\/a> (La Rel\u00e8ve et La Peste)<\/p>\n\n\n\n<p><a href=\"https:\/\/www.connaissancedesenergies.org\/tribune-actualite-energies\/comment-le-magnat-du-petrole-qui-preside-la-cop28-compte-porter-les-ambitions-des-pays-du-sud\">Comment le magnat du p\u00e9trole qui pr\u00e9side la COP28 compte porter les ambitions des pays du&nbsp;Sud<\/a> (Connaissance des \u00e9nergies)&nbsp;<\/p>\n\n\n\n<p><a href=\"https:\/\/www.connaissancedesenergies.org\/afp\/air-pocalypse-delhi-se-dote-dune-salle-de-guerre-verte-contre-la-pollution-231103\">\u00ab\u00a0Air-pocalypse\u00a0\u00bb: Delhi se dote d&rsquo;une \u00ab\u00a0salle de guerre verte\u00a0\u00bb contre la pollution<\/a> (AFP)<\/p>\n\n\n\n<p><mark style=\"background-color:rgba(0, 0, 0, 0);color:#ee0505\" class=\"has-inline-color\"><strong>6 novembre<\/strong><\/mark><\/p>\n\n\n\n<p><a href=\"https:\/\/www.greenpeace.fr\/espace-presse\/action-huit-associations-du-mouvement-climat-ferment-le-ministere-de-la-transition-ecologique-pour-inaction-climatique\/\" target=\"_blank\" rel=\"noreferrer noopener\">Huit associations du mouvement climat ferment le Minist\u00e8re de la transition \u00e9cologique<\/a> (Greenpeace)<\/p>\n\n\n\n<p><a href=\"https:\/\/lundi.am\/Saix-symbole-d-une-depossession\" target=\"_blank\" rel=\"noreferrer noopener\">Sa\u00efx, symbole d\u2019une d\u00e9possession<\/a> (Lundimatin)<\/p>\n\n\n\n<p><a href=\"https:\/\/www.liberation.fr\/environnement\/agriculture\/bassine-dans-les-deux-sevres-le-permis-damenager-la-retenue-deau-de-priaires-suspendu-pour-conflit-dinterets-20231031_Q2MQD6ZUUFBYJLQJFLYELLS7VQ\/\">Bassine dans les Deux-S\u00e8vres&nbsp;: le permis d\u2019am\u00e9nager la retenue d\u2019eau de Priaires suspendu, pour conflit d\u2019int\u00e9r\u00eats<\/a>&nbsp;(liberation.fr)<\/p>\n\n\n\n<p><a href=\"https:\/\/www.alternatives-economiques.fr\/nouveau-rapport-club-de-rome-regime-de-croissance-reste-insoute\/00108528?utm_source=emailing&amp;utm_medium=email&amp;utm_content=04112023&amp;utm_campaign=quotidienne\">Nouveau rapport du Club de Rome&nbsp;: \u00ab&nbsp;Notre r\u00e9gime de croissance reste insoutenable&nbsp;\u00bb<\/a> (Alternatives \u00e9conomiques)<\/p>\n\n\n\n<p><a href=\"https:\/\/www.sciencesetavenir.fr\/nature-environnement\/plantes-et-vegetaux\/les-forets-tropicales-menacees-par-des-temperatures-incompatibles-avec-la-photosynthese_173325\">Les for\u00eats tropicales menac\u00e9es par des temp\u00e9ratures incompatibles avec la photosynth\u00e8se<\/a> (Sciences &amp; Avenir)<\/p>\n\n\n\n<p><a href=\"https:\/\/fr.statista.com\/infographie\/31020\/subventions-combustibles-fossiles\/\">L&rsquo;explosion des subventions aux \u00e9nergies fossiles<\/a> (Statista)<\/p>\n\n\n\n<p><a href=\"https:\/\/reporterre.net\/TotalEnergies-en-Ouganda-HRW-denonce-les-pressions-contre-les-opposants-au-projet-EACOP\">Total en Ouganda&nbsp;: les opposants subissent arrestations et pressions<\/a>&nbsp;(Reporterre)<\/p>\n\n\n\n<p><a href=\"https:\/\/www.novethic.fr\/actualite\/environnement\/climat\/isr-rse\/bombes-climatiques-decouvrez-les-entreprises-et-les-banques-qui-se-cachent-derriere-les-projets-les-plus-climaticides-au-monde-151859.html?utm_source=Abonn%C3%A9s+Novethic&amp;utm_campaign=9c2e5fcde3-EMAIL_CAMPAIGN_2023_11_02_04_02&amp;utm_medium=email&amp;utm_term=0_-9c2e5fcde3-%5BLIST_EMAIL_ID%5D\">Bombes climatiques : d\u00e9couvrez les entreprises et les banques qui se cachent derri\u00e8re les <\/a><a href=\"https:\/\/www.novethic.fr\/actualite\/environnement\/climat\/isr-rse\/bombes-climatiques-decouvrez-les-entreprises-et-les-banques-qui-se-cachent-derriere-les-projets-les-plus-climaticides-au-monde-151859.html?utm_source=Abonn%C3%A9s+Novethic&amp;utm_campaign=9c2e5fcde3-EMAIL_CAMPAIGN_2023_11_02_04_02&amp;utm_medium=email&amp;utm_term=0_-9c2e5fcde3-%5BLIST_EMAIL_ID%5D\">projets les plus climaticides au monde<\/a> (novethic)<\/p>\n\n\n\n<p><a href=\"https:\/\/reporterre.net\/Les-humains-rendent-la-Terre-plus-salee\">Les humains rendent la Terre plus sal\u00e9e<\/a> (Reporterre)<\/p>\n\n\n\n<p><a href=\"https:\/\/www.frustrationmagazine.fr\/capitalisme-campagnes\/\">Comment le capitalisme a tu\u00e9 nos campagnes<\/a> (Frustration magazine)<\/p>\n\n\n\n<p><a href=\"https:\/\/reporterre.net\/Glaciers-condamnes-les-Alpes-en-premiere-ligne\">Glaciers condamn\u00e9s&nbsp;: les Alpes en premi\u00e8re ligne<\/a> (Reporterre)<\/p>\n\n\n\n<p><a href=\"https:\/\/www.liberation.fr\/environnement\/pollution\/inde-delhi-suffoque-encore-et-toujours-sous-la-pollution-les-ecoles-ferment-pour-deux-jours-20231103_WQ22QAO745BQ5GOGW7JPNB4SXY\/\">Inde&nbsp;: Delhi suffoque encore et toujours sous la pollution, les \u00e9coles ferment pour deux jours<\/a>&nbsp;(liberation.fr)<\/p>\n\n\n\n<p><mark style=\"background-color:rgba(0, 0, 0, 0);color:#ee0505\" class=\"has-inline-color\"><strong>4 novembre<\/strong><\/mark><\/p>\n\n\n\n<p><a href=\"https:\/\/www.lemonde.fr\/les-decodeurs\/article\/2023\/10\/31\/bombes-carbone-totalenergies-numero-deux-mondial-des-megagisements-fossiles_6197487_4355770.html\"><strong>\u00ab&nbsp;Bombes carbone&nbsp;\u00bb&nbsp;: TotalEnergies, num\u00e9ro deux mondial des m\u00e9gagisements fossiles<\/strong><\/a> (Le Monde)<\/p>\n\n\n\n<p><a href=\"https:\/\/www.connaissancedesenergies.org\/tribune-actualite-energies\/comment-le-magnat-du-petrole-qui-preside-la-cop28-compte-porter-les-ambitions-des-pays-du-sud\">Comment le magnat du p\u00e9trole qui pr\u00e9side la COP28 compte porter les ambitions des pays du&nbsp;Sud<\/a> (Connaissance des \u00e9nergies)&nbsp;<\/p>\n\n\n\n<p><a href=\"https:\/\/www.connaissancedesenergies.org\/afp\/air-pocalypse-delhi-se-dote-dune-salle-de-guerre-verte-contre-la-pollution-231103\">\u00ab\u00a0Air-pocalypse\u00a0\u00bb: Delhi se dote d&rsquo;une \u00ab\u00a0salle de guerre verte\u00a0\u00bb contre la pollution<\/a> (AFP)<\/p>\n\n\n\n<p><a href=\"https:\/\/www.pourlascience.fr\/sr\/entretien\/le-pic-de-la-production-petroliere-est-hypothetique-on-ne-l-atteindra-sans-doute-jamais-25718.php?utm_source=fb&amp;utm_medium=cpc&amp;utm_campaign=PLS%20-%20FB_IG_TR_Trafic%20Articles%20Magazine&amp;utm_content=FB_IG_TR_hs_121_monde_sans_petrole&amp;from=SMA23TRA\">\u00ab Le pic de la production p\u00e9troli\u00e8re est hypoth\u00e9tique, on ne l\u2019atteindra sans doute jamais \u00bb<\/a> (Pour la science)<\/p>\n\n\n\n<p><a href=\"https:\/\/confpeps.org\/peps-organise-un-seminaire-dauto-formation-a-partir-de-novembre-2023-la-democratie-alimentaire-a-lepreuve-du-communalisme\/\">\u00ab La d\u00e9mocratie alimentaire \u00e0 l\u2019\u00e9preuve du communalisme \u00bb<\/a> (PEPS)<\/p>\n\n\n\n<figure class=\"wp-block-image size-full is-resized\"><img data-recalc-dims=\"1\" loading=\"lazy\" decoding=\"async\" width=\"785\" height=\"496\" src=\"https:\/\/i0.wp.com\/www.rdpemancipation.org\/wp-content\/uploads\/2023\/11\/image-3.png?resize=785%2C496&#038;ssl=1\" alt=\"\" class=\"wp-image-121900\" style=\"aspect-ratio:1.5826612903225807;width:488px;height:auto\" srcset=\"https:\/\/i0.wp.com\/www.rdpemancipation.org\/wp-content\/uploads\/2023\/11\/image-3.png?w=785&amp;ssl=1 785w, https:\/\/i0.wp.com\/www.rdpemancipation.org\/wp-content\/uploads\/2023\/11\/image-3.png?resize=300%2C190&amp;ssl=1 300w, https:\/\/i0.wp.com\/www.rdpemancipation.org\/wp-content\/uploads\/2023\/11\/image-3.png?resize=768%2C485&amp;ssl=1 768w\" sizes=\"auto, (max-width: 785px) 100vw, 785px\" \/><\/figure>\n\n\n\n<p><mark style=\"background-color:rgba(0, 0, 0, 0);color:#ee0505\" class=\"has-inline-color\"><strong>2 novembre<\/strong><\/mark><\/p>\n\n\n\n<p><a href=\"https:\/\/www.connaissancedesenergies.org\/afp\/leurope-pourrait-avoir-investi-dans-trop-de-nouveaux-terminaux-de-gnl-met-en-garde-un-rapport-231031\"><strong>L&rsquo;Europe pourrait avoir investi dans trop de nouveaux terminaux de GNL<\/strong><\/a> (AFP)<\/p>\n\n\n\n<p><a href=\"https:\/\/www.alternatives-economiques.fr\/compagnies-petrolieres-nationales-discretes-ennemies-de-transition-e\/00108205\" target=\"_blank\" rel=\"noreferrer noopener\">Les compagnies p\u00e9troli\u00e8res nationales, discr\u00e8tes ennemies de la transition \u00e9nerg\u00e9tique<\/a> (Alter \u00e9co)<\/p>\n\n\n\n<p class=\"has-text-color\" style=\"color:#f70404\"><mark style=\"background-color:rgba(0, 0, 0, 0);color:#ee0505\" class=\"has-inline-color\"><strong>1er novembre<\/strong><\/mark><\/p>\n\n\n\n<p><a href=\"https:\/\/www.blast-info.fr\/articles\/2023\/le-projet-de-bassine-a-priaires-suspendu-par-la-justice-administrative-mbDUjaHXQFq-upW5xJGRUA\" target=\"_blank\" rel=\"noreferrer noopener\">Le projet de bassine \u00e0 Priaires suspendu par la justice administrative<\/a> (Blast)<\/p>\n\n\n\n<p><a href=\"https:\/\/www.connaissancedesenergies.org\/afp\/cop28-exiger-la-fin-des-energies-fossiles-nest-pas-une-demande-frivole-de-lue-231031-0\">COP28 : exiger la fin des \u00e9nergies fossiles n&rsquo;est pas une \u00ab\u00a0demande frivole\u00a0\u00bb de l&rsquo;UE<\/a> (AFP)<\/p>\n\n\n\n<p><a href=\"https:\/\/www.connaissancedesenergies.org\/afp\/sultan-al-jaber-un-methodique-businessman-aux-commandes-de-la-cop28-231031\">Sultan Al Jaber, un m\u00e9thodique businessman aux commandes de la COP28<\/a> (AFP)<a href=\"https:\/\/www.lemonde.fr\/idees\/article\/2023\/10\/31\/les-bombes-carbone-menacent-la-lutte-contre-le-rechauffement-climatique_6197517_3232.html\"><\/a><\/p>\n\n\n\n<p><a href=\"https:\/\/www.lemonde.fr\/idees\/article\/2023\/10\/31\/les-bombes-carbone-menacent-la-lutte-contre-le-rechauffement-climatique_6197517_3232.html\"><strong>Les \u00ab&nbsp;bombes carbone&nbsp;\u00bb menacent la lutte contre le r\u00e9chauffement climatique<\/strong><\/a> (Dossier dans Le Monde)<a href=\"https:\/\/www.lemonde.fr\/les-decodeurs\/article\/2023\/10\/31\/bombes-carbone-les-etats-premiers-responsables-de-l-exploitation-des-reserves-fossiles_6197505_4355770.html\"><\/a><\/p>\n\n\n\n<p><a href=\"https:\/\/www.lemonde.fr\/les-decodeurs\/article\/2023\/10\/31\/bombes-carbone-les-etats-premiers-responsables-de-l-exploitation-des-reserves-fossiles_6197505_4355770.html\">\u00ab&nbsp;Bombes carbone&nbsp;\u00bb&nbsp;: les Etats, premiers responsables de l\u2019exploitation des r\u00e9serves fossiles<\/a> (Le Monde)<a href=\"https:\/\/www.lemonde.fr\/les-decodeurs\/article\/2023\/10\/31\/bombes-carbone-totalenergies-numero-deux-mondial-des-megagisements-fossiles_6197487_4355770.html\"><\/a><\/p>\n\n\n\n<p><a href=\"https:\/\/www.lemonde.fr\/les-decodeurs\/article\/2023\/10\/31\/bombes-carbone-totalenergies-numero-deux-mondial-des-megagisements-fossiles_6197487_4355770.html\">\u00ab&nbsp;Bombes carbone&nbsp;\u00bb&nbsp;: TotalEnergies, num\u00e9ro 2 mondial des m\u00e9gagisements fossiles<\/a> (Le Monde)<a href=\"https:\/\/www.lemonde.fr\/les-decodeurs\/article\/2023\/11\/01\/bombes-carbone-le-soutien-crucial-des-banques-francaises-aux-projets-fossiles-mondiaux_6197638_4355770.html\"><\/a><\/p>\n\n\n\n<p><a href=\"https:\/\/www.lemonde.fr\/les-decodeurs\/article\/2023\/11\/01\/bombes-carbone-le-soutien-crucial-des-banques-francaises-aux-projets-fossiles-mondiaux_6197638_4355770.html\">\u00ab&nbsp;Bombes carbone&nbsp;\u00bb&nbsp;: le soutien crucial des banques fran\u00e7aises aux projets fossiles mondiaux<\/a> (Le Monde)<\/p>\n\n\n\n<p><a href=\"https:\/\/reporterre.net\/Objectif-1-5-oC-la-fenetre-se-referme-selon-une-nouvelle-etude\">Objectif 1,5 \u00b0C&nbsp;: la fen\u00eatre se referme, selon une nouvelle \u00e9tude<\/a> (Reporterre)<\/p>\n\n\n\n<p><a href=\"https:\/\/www.sciencesetavenir.fr\/nature-environnement\/climat\/la-crise-environnementale-est-une-urgence-de-sante-mondiale-200-revues-scientifiques-ecrivent-a-l-oms_174730?utm_source=pocket-newtab-fr-fr\">\u00ab\u00a0<\/a><a href=\"https:\/\/www.sciencesetavenir.fr\/nature-environnement\/climat\/la-crise-environnementale-est-une-urgence-de-sante-mondiale-200-revues-scientifiques-ecrivent-a-l-oms_174730?utm_source=pocket-newtab-fr-fr\"><em>La crise environnementale est une urgence de sant\u00e9 mondiale<\/em><\/a><a href=\"https:\/\/www.sciencesetavenir.fr\/nature-environnement\/climat\/la-crise-environnementale-est-une-urgence-de-sante-mondiale-200-revues-scientifiques-ecrivent-a-l-oms_174730?utm_source=pocket-newtab-fr-fr\">\u00a0\u00bb&nbsp;: 200 revues scientifiques \u00e9crivent \u00e0 l&rsquo;OMS<\/a> (Sciences &amp; Avenir)<\/p>\n\n\n\n<p><a href=\"https:\/\/www.novethic.fr\/actualite\/economie\/isr-rse\/la-crise-climatique-premier-risque-mondial-devant-la-cybersecurite-et-l-instabilite-geopolitique-151856.html?utm_source=Abonn%C3%A9s+Novethic&amp;utm_campaign=5ae83defef-EMAIL_CAMPAIGN_2023_10_30_04_41&amp;utm_medium=email&amp;utm_term=0_-5ae83defef-%5BLIST_EMAIL_ID%5D\">La crise climatique, premier risque mondial devant la cybers\u00e9curit\u00e9 et l\u2019instabilit\u00e9 g\u00e9opolitique<\/a> (novethic)<\/p>\n\n\n\n<p><a href=\"https:\/\/www.youtube.com\/watch?v=oTxcv9cODOM\">Sortir de l&rsquo;impasse m\u00e9tallique de nos soci\u00e9t\u00e9s <\/a><a href=\"https:\/\/www.youtube.com\/watch?v=oTxcv9cODOM\">(<\/a><a href=\"https:\/\/www.youtube.com\/watch?v=oTxcv9cODOM\">Aurore St\u00e9phant<\/a><a href=\"https:\/\/www.youtube.com\/watch?v=oTxcv9cODOM\">)<\/a> (Ethique et tac)<\/p>\n\n\n\n<p><a href=\"https:\/\/www.francetvinfo.fr\/monde\/environnement\/crise-climatique\/pollution-air\/cop28-46-millions-de-professionnels-de-sante-a-travers-le-monde-signent-une-lettre-pour-demander-l-abandon-des-combustibles-fossiles_6157473.html#xtor=RSS-3-%5Bmonde%5D\">COP28 : 46 millions de professionnels de sant\u00e9 \u00e0 travers le monde signent une lettre pour demander l&rsquo;abandon des combustibles fossiles<\/a> (francetvinfo)<\/p>\n","protected":false},"excerpt":{"rendered":"<p>30 novembre Dominique Marchais, r\u00e9alisateur : \u00ab Les interconnexions des rivi\u00e8res peuvent nous servir \u00e0 penser nos solidarit\u00e9s \u00bb (Blast) Total\u00c9nergies\u00a0: explorez les projets qui vont faire exploser le climat (Reporterre) Accord UE-Nouvelle-Z\u00e9lande&nbsp;: un nouveau d\u00e9sastre environnemental (mrmondialisation) Signaux de l\u2019AEE 2023 &#8211; La sant\u00e9 et l\u2019environnement en Europe (Agence Europ\u00e9enne de l\u2019Environement) La pollution &#8230; <a title=\"Novembre &#8211; \u00c9cologie\" class=\"read-more\" href=\"https:\/\/www.rdpemancipation.org\/?p=121744\" aria-label=\"En savoir plus sur Novembre &#8211; \u00c9cologie\">Lire la suite<\/a><\/p>\n","protected":false},"author":1,"featured_media":0,"comment_status":"closed","ping_status":"closed","sticky":false,"template":"","format":"standard","meta":{"_lmt_disableupdate":"","_lmt_disable":"","_jetpack_memberships_contains_paid_content":false,"footnotes":""},"categories":[9],"tags":[],"class_list":["post-121744","post","type-post","status-publish","format-standard","hentry","category-ecologie"],"modified_by":"man","jetpack_featured_media_url":"","jetpack_sharing_enabled":true,"_links":{"self":[{"href":"https:\/\/www.rdpemancipation.org\/index.php?rest_route=\/wp\/v2\/posts\/121744","targetHints":{"allow":["GET"]}}],"collection":[{"href":"https:\/\/www.rdpemancipation.org\/index.php?rest_route=\/wp\/v2\/posts"}],"about":[{"href":"https:\/\/www.rdpemancipation.org\/index.php?rest_route=\/wp\/v2\/types\/post"}],"author":[{"embeddable":true,"href":"https:\/\/www.rdpemancipation.org\/index.php?rest_route=\/wp\/v2\/users\/1"}],"replies":[{"embeddable":true,"href":"https:\/\/www.rdpemancipation.org\/index.php?rest_route=%2Fwp%2Fv2%2Fcomments&post=121744"}],"version-history":[{"count":52,"href":"https:\/\/www.rdpemancipation.org\/index.php?rest_route=\/wp\/v2\/posts\/121744\/revisions"}],"predecessor-version":[{"id":122804,"href":"https:\/\/www.rdpemancipation.org\/index.php?rest_route=\/wp\/v2\/posts\/121744\/revisions\/122804"}],"wp:attachment":[{"href":"https:\/\/www.rdpemancipation.org\/index.php?rest_route=%2Fwp%2Fv2%2Fmedia&parent=121744"}],"wp:term":[{"taxonomy":"category","embeddable":true,"href":"https:\/\/www.rdpemancipation.org\/index.php?rest_route=%2Fwp%2Fv2%2Fcategories&post=121744"},{"taxonomy":"post_tag","embeddable":true,"href":"https:\/\/www.rdpemancipation.org\/index.php?rest_route=%2Fwp%2Fv2%2Ftags&post=121744"}],"curies":[{"name":"wp","href":"https:\/\/api.w.org\/{rel}","templated":true}]}}