{"id":121742,"date":"2023-11-01T15:33:42","date_gmt":"2023-11-01T14:33:42","guid":{"rendered":"https:\/\/www.rdpemancipation.org\/?p=121742"},"modified":"2023-11-27T16:10:29","modified_gmt":"2023-11-27T15:10:29","slug":"novembre-feminisme-lgbt-3","status":"publish","type":"post","link":"https:\/\/www.rdpemancipation.org\/?p=121742","title":{"rendered":"Novembre &#8211; F\u00e9minisme\/LGBT+"},"content":{"rendered":"\n<p><\/p>\n\n\n\n<p><mark style=\"background-color:rgba(0, 0, 0, 0);color:#ee0505\" class=\"has-inline-color\"><strong>25 novembre<\/strong><\/mark><\/p>\n\n\n\n<p><a href=\"https:\/\/www.boursorama.com\/actualite-economique\/actualites\/manifs-violences-contre-les-femmes-on-ne-veut-plus-compter-les-mortes-92b33b83c33cd78a855dadb61da000a7\">Manifs violences contre les femmes : on \u00ab&nbsp;ne veut plus compter les mortes&nbsp;\u00bb<\/a>&nbsp;(AFP)<\/p>\n\n\n\n<p><strong><a href=\"https:\/\/www.francetvinfo.fr\/societe\/violences-faites-aux-femmes\/nous-toutes\/violences-faites-aux-femmes-un-viol-commis-toutes-les-six-minutes-en-france-rappelle-le-collectif-noustoutes_6205905.html\">\u00ab&nbsp;un viol commis toutes les six minutes&nbsp;\u00bb en France, rappelle le collectif NousToutes<\/a>&nbsp;<\/strong>(France Info)<\/p>\n\n\n\n<p><a href=\"https:\/\/www.mediapart.fr\/journal\/france\/251123\/chaque-semaine-le-115-dit-non-des-dizaines-de-meres-et-leurs-nouveau-nes\">Chaque semaine, le 115 dit non \u00e0 des dizaines de m\u00e8res et \u00e0 leurs nouveau-n\u00e9s<\/a>&nbsp;(M\u00e9diapart)<\/p>\n\n\n\n<p><a href=\"https:\/\/www.ldh-france.org\/25-novembre-2023-notre-systeme-institutionnel-permet-de-violer-ou-de-battre-une-femme-en-toute-impunite-des-lors-quelle-est-en-situation-irreguliere-publiee-dans-le-monde\/\"><strong>\u201cNotre syst\u00e8me institutionnel permet de violer ou de battre une femme en toute impunit\u00e9 d\u00e8s lors qu\u2019elle est en situation irr\u00e9guli\u00e8re\u201d\u00a0<\/strong><\/a>\u00a0(Tribune de la LDH)<\/p>\n\n\n\n<p><a href=\"https:\/\/radio-m.net\/algerie-au-moins-261-femmes-victimes-de-feminicide-depuis-2019\/\">Alg\u00e9rie\u00a0: au moins 261 femmes victimes de f\u00e9minicide depuis 2019<\/a>\u00a0(Radio M)<\/p>\n\n\n\n<p><a href=\"https:\/\/enass.ma\/2023\/11\/23\/le-feminisme-au-maroc-tient-ses-assises\/\">Le f\u00e9minisme au Maroc tient ses Assises<\/a>\u00a0(Enass)<\/p>\n\n\n\n<p><mark style=\"background-color:rgba(0, 0, 0, 0);color:#ee0505\" class=\"has-inline-color\"><strong>24 novembre<\/strong><\/mark><\/p>\n\n\n\n<p><a href=\"https:\/\/www.alternatives-economiques.fr\/rachel-silvera\/nouvel-appel-a-lutter-contre-violences-aux-femmes\/00108690\" target=\"_blank\" rel=\"noreferrer noopener\">Nouvel appel \u00e0 lutter contre les violences faites aux femmes<\/a>&nbsp;(Alter \u00e9co)<\/p>\n\n\n\n<p><a href=\"https:\/\/www.boursorama.com\/actualite-economique\/actualites\/les-femmes-fondatrices-n-obtiennent-qu-une-infime-partie-des-fonds-de-capital-risque-selon-un-rapport-a7843503c9fe4449a9189c8cf562f7a6\">Les femmes fondatrices n&rsquo;obtiennent qu&rsquo;une infime partie des fonds de capital-risque<\/a> (Reuters)<\/p>\n\n\n\n<p><a href=\"https:\/\/www.causette.fr\/feminismes\/au-lance-flammes\/la-police-force-des-militantes-a-decoller-un-collage-feministe-geant-la-lettre-ouverte-de-noustoutes-a-la-mairie-de-paris\/\" target=\"_blank\" rel=\"noreferrer noopener\">La police force des militantes \u00e0 d\u00e9coller un collage f\u00e9ministe g\u00e9ant : la lettre ouverte de #NousToutes \u00e0 la mairie de Paris<\/a>&nbsp; (Causette)<\/p>\n\n\n\n<p><mark style=\"background-color:rgba(0, 0, 0, 0);color:#ee0505\" class=\"has-inline-color\"><strong>22 novembre<\/strong><\/mark><\/p>\n\n\n\n<p><a href=\"https:\/\/rebellyon.info\/Manifestation-pour-la-journee-25404\">Manifestation pour la journ\u00e9e internationale de lutte contre les violences sexistes et sexuelles samedi 25&nbsp;novembre<\/a> (Rebellyon)<\/p>\n\n\n\n<p><strong><a href=\"https:\/\/basta.media\/extreme-droite-italie-Meloni-s-en-prend-aux-enfants-de-meres-lesbiennes-droits-LGBTQ\">L\u2019extr\u00eame droite au pouvoir en Italie s\u2019en prend aux enfants de m\u00e8res lesbiennes<\/a> <\/strong>(Basta!)<\/p>\n\n\n\n<p><mark style=\"background-color:rgba(0, 0, 0, 0);color:#ee0505\" class=\"has-inline-color\"><strong>20 novembre<\/strong><\/mark><\/p>\n\n\n\n<p><a href=\"https:\/\/rebellyon.info\/Rassemblement-le-20-novembre-pour-la-25400\">Rassemblement le 20&nbsp;novembre pour la Journ\u00e9e du Souvenir Trans<\/a> (Rebellyon)<\/p>\n\n\n\n<p><a href=\"https:\/\/rapportsdeforce.fr\/linternationale\/lactu-des-oublie-e-s-feminisme-au-japon-111919671\">L\u2019Actu des Oubli\u00e9.e.s : f\u00e9minisme au Japon<\/a> (Rapports d\u00e9 force)<\/p>\n\n\n\n<p><a href=\"https:\/\/reporterre.net\/En-Haute-Provence-des-femmes-protegent-la-foret-de-leurs-corps\" target=\"_blank\" rel=\"noreferrer noopener\">En Haute-Provence, des femmes prot\u00e8gent la for\u00eat de leurs corps<\/a>&nbsp;(Reporterre)<\/p>\n\n\n\n<p><a href=\"https:\/\/lempaille.fr\/femmes-paysannes-et-machines-agricoles-combattre-la-domination-masculine\" target=\"_blank\" rel=\"noreferrer noopener\">Femmes paysannes et machines agricoles : combattre la domination masculine<\/a>&nbsp;(L\u2019Empaill\u00e9)<\/p>\n\n\n\n<p><a href=\"https:\/\/blogs.mediapart.fr\/julietteraynaud\/blog\/201123\/les-femmes-ou-les-oublis-de-lhistoire-episode-37-sojourner-truth\">Les femmes ou les \u00ab&nbsp;oublis \u00bb de l&rsquo;Histoire &#8211; \u00e9pisode 37 : Sojourner Truth<\/a> (Blog&nbsp;juliette.raynaud)<\/p>\n\n\n\n<p><a href=\"https:\/\/www.lemonde.fr\/international\/article\/2023\/11\/16\/au-pakistan-les-personnes-transgenres-sous-la-menace-des-religieux_6200549_3210.html\" target=\"_blank\" rel=\"noreferrer noopener\">Pakistan, les personnes transgenres sous la menace des religieux<\/a>&nbsp;(Le Monde)<\/p>\n\n\n\n<p><a href=\"https:\/\/lesjours.fr\/obsessions\/feminicides-2023\/ep21-survivante\/\" target=\"_blank\" rel=\"noreferrer noopener\">\u00ab Je sais que j\u2019avais les yeux ouverts, mais c\u2019\u00e9tait noir. Il m\u2019avait tranch\u00e9 la gorge \u00bb<\/a>&nbsp; (Les Jours)<\/p>\n\n\n\n<p><a href=\"https:\/\/www.causette.fr\/societe\/a-l-etranger\/la-russie-veut-interdire-le-mouvement-international-lgbt-pour-extremisme\/\" target=\"_blank\" rel=\"noreferrer noopener\">La Russie veut interdire \u00ab\u00a0le mouvement international LGBT\u00a0\u00bb pour \u00ab\u00a0extr\u00e9misme\u00a0\u00bb<\/a>&nbsp;(Causette)<\/p>\n\n\n\n<p><a href=\"https:\/\/www.causette.fr\/societe\/en-france\/tu-nes-rien-tu-nas-rien-tout-est-a-moi-les-violences-economiques-conjugales-sortent-peu-a-peu-de-lombre\/\" target=\"_blank\" rel=\"noreferrer noopener\">\u201cTu n\u2019es rien, tu n\u2019as rien, tout est \u00e0 moi\u201d : les violences \u00e9conomiques conjugales sortent peu \u00e0 peu de l\u2019ombre<\/a>&nbsp; (Causette)<\/p>\n\n\n\n<p><a href=\"https:\/\/revueladeferlante.fr\/crimes-sexuels-contre-des-israeliennes-la-justice-doit-prendre-le-temps-denqueter\/\" target=\"_blank\" rel=\"noreferrer noopener\">Crimes sexuels contre des Isra\u00e9liennes : \u00ab la justice doit prendre le temps d\u2019enqu\u00eater \u00bb<\/a>&nbsp;(La D\u00e9ferlante)<\/p>\n\n\n\n<p><a href=\"https:\/\/marsactu.fr\/la-difficile-eclosion-du-grand-centre-lgbt-de-marseille\/\" target=\"_blank\" rel=\"noreferrer noopener\">La difficile \u00e9closion du grand centre LGBT+ de Marseille<\/a>&nbsp;(Marsactu)<\/p>\n\n\n\n<p><mark style=\"background-color:rgba(0, 0, 0, 0);color:#ee0505\" class=\"has-inline-color\"><strong>16 novembre<\/strong><\/mark><\/p>\n\n\n\n<p><a href=\"https:\/\/reporterre.net\/Le-partage-des-taches-reste-sexiste-dans-les-milieux-militants\" target=\"_blank\" rel=\"noreferrer noopener\">Le partage des t\u00e2ches reste sexiste dans les milieux militants<\/a>&nbsp;(Reporterre)<\/p>\n\n\n\n<p><a href=\"https:\/\/www.lesnouvellesnews.fr\/la-pauvrete-se-feminise-et-la-precarite-des-femmes-saggrave-en-france\/\" target=\"_blank\" rel=\"noreferrer noopener\">La pauvret\u00e9 se f\u00e9minise et la pr\u00e9carit\u00e9 des femmes s\u2019aggrave en France<\/a>&nbsp;(Les Nouvelles News)<\/p>\n\n\n\n<p><a href=\"https:\/\/www.humanite.fr\/societe\/femmes\/pourquoi-les-femmes-sont-elles-plus-exposees-a-la-pauvrete\" target=\"_blank\" rel=\"noreferrer noopener\">Pourquoi les femmes sont-elles plus expos\u00e9es \u00e0 la pauvret\u00e9&nbsp;?<\/a> (L\u2019Humanit\u00e9)<\/p>\n\n\n\n<p><a href=\"https:\/\/link.newsletter.franceculture.fr\/m\/ml\/7429\/836113\/Cg0VGKdWIDvetwbAQhfeD29C5lXTLJmivm821gAfcU8=\/pu4Xp0+1a9iv2I4KNF81kKJQf+IFdGbsA9SUzrpSKhg=\/\" target=\"_blank\" rel=\"noreferrer noopener\">L\u2019odyss\u00e9e de l&rsquo;espace de Samantha Cristoforetti, premi\u00e8re femme commandante de l&rsquo;ISS<\/a> (France Culture)<\/p>\n\n\n\n<p><a href=\"https:\/\/blogs.mediapart.fr\/julietteraynaud\/blog\/121123\/les-femmes-ou-les-oublis-de-lhistoire-episode-36-sarah-chapman\">Les femmes ou les \u00ab&nbsp;oublis&nbsp;\u00bb&nbsp;de l&rsquo;Histoire &#8211; \u00e9pisode 36 : Sarah Chapman<\/a> (Blog&nbsp;juliette.raynaud)<\/p>\n\n\n\n<p><a href=\"https:\/\/www.lemonde.fr\/idees\/article\/2023\/11\/12\/le-fisc-n-est-pas-tendre-envers-les-femmes_6199656_3232.html\">\u00ab&nbsp;Le fisc n\u2019est pas tendre envers les femmes&nbsp;\u00bb<\/a> (Le Monde)<\/p>\n\n\n\n<p><a href=\"https:\/\/www.lemonde.fr\/idees\/article\/2023\/11\/07\/en-francais-le-masculin-fait-l-homme-le-dominant-il-ne-fait-pas-le-neutre-la-tribune-de-130-personnalites-feministes_6198705_3232.html\">\u00ab&nbsp;En fran\u00e7ais, le masculin fait l\u2019homme, le dominant, il ne \u201cfait pas le neutre\u201d&nbsp;\u00bb&nbsp;: la tribune de 130&nbsp;f\u00e9ministes en r\u00e9ponse \u00e0 Macron<\/a> (Le Monde)<\/p>\n\n\n\n<p><a href=\"https:\/\/www.ldh-france.org\/le-25-novembre-journee-internationale-contre-les-violences-faites-aux-femmes-manifestons-contre-toutes-les-violences-sexistes-et-sexuelles\/\" target=\"_blank\" rel=\"noreferrer noopener\">Le 25 novembre, journ\u00e9e internationale contre les violences faites aux femmes, manifestons\u2026 <\/a>&nbsp; (LDH)<\/p>\n\n\n\n<p><mark style=\"background-color:rgba(0, 0, 0, 0);color:#ee0505\" class=\"has-inline-color\"><strong>9 novembre<\/strong><\/mark><\/p>\n\n\n\n<p><a href=\"https:\/\/www.boursorama.com\/videos\/actualites\/vague-metoo-a-taiwan-les-femmes-s-expriment-contre-les-violences-sexuelles-6b14b7d3b496b7531df207b1b8d26c56\">Vague #MeToo \u00e0 Ta\u00efwan : les femmes s&rsquo;expriment contre les violences sexuelles<\/a> (France 24)<\/p>\n\n\n\n<p><a href=\"https:\/\/www.causette.fr\/societe\/en-france\/a-partir-de-11h25-lundi-les-francaises-travaillent-gratuitement\/\" target=\"_blank\" rel=\"noreferrer noopener\">\u00c0 partir de 11 h 25 lundi, les Fran\u00e7aises travaillent gratuitement<\/a>&nbsp;(Causette)<\/p>\n\n\n\n<figure class=\"wp-block-image size-full\"><img data-recalc-dims=\"1\" loading=\"lazy\" decoding=\"async\" width=\"451\" height=\"291\" src=\"https:\/\/i0.wp.com\/www.rdpemancipation.org\/wp-content\/uploads\/2023\/11\/image-4.png?resize=451%2C291&#038;ssl=1\" alt=\"\" class=\"wp-image-122110\" srcset=\"https:\/\/i0.wp.com\/www.rdpemancipation.org\/wp-content\/uploads\/2023\/11\/image-4.png?w=451&amp;ssl=1 451w, https:\/\/i0.wp.com\/www.rdpemancipation.org\/wp-content\/uploads\/2023\/11\/image-4.png?resize=300%2C194&amp;ssl=1 300w\" sizes=\"auto, (max-width: 451px) 100vw, 451px\" \/><\/figure>\n\n\n\n<p><a href=\"https:\/\/www.causette.fr\/societe\/en-france\/femmes-et-numerique-le-cercle-vicieux-du-sexisme\/\" target=\"_blank\" rel=\"noreferrer noopener\">Femmes et num\u00e9rique : le \u201ccercle vicieux\u201d du sexisme<\/a>&nbsp; (Causette)<\/p>\n\n\n\n<p><a href=\"https:\/\/www.axellemag.be\/le-grand-entretien-il-faut-raconter-lhistoire-des-feminicides\/\" target=\"_blank\" rel=\"noreferrer noopener\">Le grand entretien : \u201cIl faut raconter l\u2019histoire des f\u00e9minicides, comme on raconte les guerres\u201d<\/a>&nbsp; (Axelle Magazine)<\/p>\n\n\n\n<p><a href=\"https:\/\/www.courrierdesbalkans.fr\/Bulgarie-le-renouveau-du-mouvement-feministe\" target=\"_blank\" rel=\"noreferrer noopener\">Bulgarie : le renouveau du mouvement f\u00e9ministe<\/a>&nbsp;(Le Courrier des Balkans)<\/p>\n\n\n\n<p><a><\/a><a href=\"https:\/\/link.newsletter.franceculture.fr\/m\/ml\/7429\/833957\/YeF1yW0TTeyctyJFmaUYH29C5lXTLJmivm821gAfcU8=\/X9ls0nbsPape6Fk8iLbuL5JhkYSMpNeu1+aRWdmHrsg=\/\" target=\"_blank\" rel=\"noreferrer noopener\">L&rsquo;\u00e9conomie selon Mary Shelley, cr\u00e9atrice de Frankenstein<\/a> (France Culture)<\/p>\n\n\n\n<p><a href=\"https:\/\/lesjours.fr\/obsessions\/feminicides-2023\/ep20-octobre-2023\/\" target=\"_blank\" rel=\"noreferrer noopener\">Octobre 2023, cinq f\u00e9minicides, cinq de trop<\/a>&nbsp;(Les Jours)<\/p>\n\n\n\n<p><a href=\"https:\/\/link.newsletter.franceculture.fr\/m\/ml\/7429\/833763\/eSnrEAlKnjQXvWTyg2mFSm9C5lXTLJmivm821gAfcU8=\/kV2kF60mi2rNA1crKMnoyGLubRPG3D4YkztL6DRIHq0=\/\" target=\"_blank\" rel=\"noreferrer noopener\">Institutrices, directrices, inspectrices&nbsp;: les femmes \u00e0 l&rsquo;\u00e9cole de la Troisi\u00e8me R\u00e9publique<\/a> (France Culture)<\/p>\n\n\n\n<p><\/p>\n\n\n\n<p><mark style=\"background-color:rgba(0, 0, 0, 0);color:#ee0505\" class=\"has-inline-color\"><strong>3 novembre<\/strong><\/mark><\/p>\n\n\n\n<p><a href=\"https:\/\/www.inegalites.fr\/LGBT-discriminations-parents-et-famille\">Les homosexuels et trans, victimes de discriminations dans leur famille<\/a> (Observatoire des in\u00e9galit\u00e9s)<\/p>\n\n\n\n<p><mark style=\"background-color:rgba(0, 0, 0, 0);color:#ee0505\" class=\"has-inline-color\"><strong>2 novembre<\/strong><\/mark><\/p>\n\n\n\n<p><a href=\"https:\/\/www.blast-info.fr\/emissions\/2023\/violences-et-agressions-sexuelles-pourquoi-si-peu-de-femmes-portent-plainte-KuWpasXRSwe0Dnudm-FEBQ\" target=\"_blank\" rel=\"noreferrer noopener\">Violences et agressions sexuelles&nbsp;: pourquoi si peu de femmes portent plainte ?<\/a> (Blast)<\/p>\n\n\n\n<p><a href=\"https:\/\/link.newsletter.franceculture.fr\/m\/ml\/7429\/833178\/b4nzqVd3jd7Q2jWuLBGHdm9C5lXTLJmivm821gAfcU8=\/rd5SZcMKUSDgF6J3MZ22h39qzmvkyaUIfaeBZORvClU=\/\" target=\"_blank\" rel=\"noreferrer noopener\">Juliette Drouet, la l\u00e9gende d\u2019un si\u00e8cle<\/a> (France Culture)<\/p>\n\n\n\n<p><a href=\"https:\/\/nawaat.org\/2023\/10\/30\/tunisie-les-stigmates-des-migrantes-victimes-de-violences-sexuelles\/\" target=\"_blank\" rel=\"noreferrer noopener\">Tunisie : Les stigmates des migrantes victimes de violences sexuelles<\/a> (Nawaat)<\/p>\n","protected":false},"excerpt":{"rendered":"<p>25 novembre Manifs violences contre les femmes : on \u00ab&nbsp;ne veut plus compter les mortes&nbsp;\u00bb&nbsp;(AFP) \u00ab&nbsp;un viol commis toutes les six minutes&nbsp;\u00bb en France, rappelle le collectif NousToutes&nbsp;(France Info) Chaque semaine, le 115 dit non \u00e0 des dizaines de m\u00e8res et \u00e0 leurs nouveau-n\u00e9s&nbsp;(M\u00e9diapart) \u201cNotre syst\u00e8me institutionnel permet de violer ou de battre une femme &#8230; <a title=\"Novembre &#8211; F\u00e9minisme\/LGBT+\" class=\"read-more\" href=\"https:\/\/www.rdpemancipation.org\/?p=121742\" aria-label=\"En savoir plus sur Novembre &#8211; F\u00e9minisme\/LGBT+\">Lire la suite<\/a><\/p>\n","protected":false},"author":1,"featured_media":0,"comment_status":"closed","ping_status":"closed","sticky":false,"template":"","format":"standard","meta":{"_lmt_disableupdate":"","_lmt_disable":"","_jetpack_memberships_contains_paid_content":false,"footnotes":""},"categories":[12],"tags":[],"class_list":["post-121742","post","type-post","status-publish","format-standard","hentry","category-feminisme"],"modified_by":"nch","jetpack_featured_media_url":"","jetpack_sharing_enabled":true,"_links":{"self":[{"href":"https:\/\/www.rdpemancipation.org\/index.php?rest_route=\/wp\/v2\/posts\/121742","targetHints":{"allow":["GET"]}}],"collection":[{"href":"https:\/\/www.rdpemancipation.org\/index.php?rest_route=\/wp\/v2\/posts"}],"about":[{"href":"https:\/\/www.rdpemancipation.org\/index.php?rest_route=\/wp\/v2\/types\/post"}],"author":[{"embeddable":true,"href":"https:\/\/www.rdpemancipation.org\/index.php?rest_route=\/wp\/v2\/users\/1"}],"replies":[{"embeddable":true,"href":"https:\/\/www.rdpemancipation.org\/index.php?rest_route=%2Fwp%2Fv2%2Fcomments&post=121742"}],"version-history":[{"count":10,"href":"https:\/\/www.rdpemancipation.org\/index.php?rest_route=\/wp\/v2\/posts\/121742\/revisions"}],"predecessor-version":[{"id":122710,"href":"https:\/\/www.rdpemancipation.org\/index.php?rest_route=\/wp\/v2\/posts\/121742\/revisions\/122710"}],"wp:attachment":[{"href":"https:\/\/www.rdpemancipation.org\/index.php?rest_route=%2Fwp%2Fv2%2Fmedia&parent=121742"}],"wp:term":[{"taxonomy":"category","embeddable":true,"href":"https:\/\/www.rdpemancipation.org\/index.php?rest_route=%2Fwp%2Fv2%2Fcategories&post=121742"},{"taxonomy":"post_tag","embeddable":true,"href":"https:\/\/www.rdpemancipation.org\/index.php?rest_route=%2Fwp%2Fv2%2Ftags&post=121742"}],"curies":[{"name":"wp","href":"https:\/\/api.w.org\/{rel}","templated":true}]}}