{"id":121740,"date":"2023-11-01T15:33:03","date_gmt":"2023-11-01T14:33:03","guid":{"rendered":"https:\/\/www.rdpemancipation.org\/?p=121740"},"modified":"2023-11-30T08:42:44","modified_gmt":"2023-11-30T07:42:44","slug":"novembre-antiracisme-migrations-2","status":"publish","type":"post","link":"https:\/\/www.rdpemancipation.org\/?p=121740","title":{"rendered":"Novembre &#8211; Antiracisme\/Migrations"},"content":{"rendered":"\n<p><mark style=\"background-color:rgba(0, 0, 0, 0);color:#ee0505\" class=\"has-inline-color\"><strong>30 novembre<\/strong><\/mark><\/p>\n\n\n\n<p><a href=\"https:\/\/www.equaltimes.org\/des-activistes-et-des-groupes-de\">Activistes et groupes de d\u00e9fense des r\u00e9fugi\u00e9s r\u00e9clament le retrait du Canada de l\u2019Entente sur les tiers pays s\u00fbrs conclue avec les \u00c9tats-Unis<\/a> (Equal Times)<\/p>\n\n\n\n<p><mark style=\"background-color:rgba(0, 0, 0, 0);color:#ee0505\" class=\"has-inline-color\"><strong>29 novembre<\/strong><\/mark><\/p>\n\n\n\n<p><a href=\"https:\/\/paris-luttes.info\/pour-l-hebergement-des-jeunes-17615\">Pour l\u2019h\u00e9bergement des jeunes mineurs non accompagn\u00e9s du parc de Belleville&nbsp;!<\/a> (Paris-Luttes info)<\/p>\n\n\n\n<p><a href=\"https:\/\/www.bondyblog.fr\/societe\/40-ans-apres-la-marche-quel-heritage-pour-les-jeunes-generations\/\">40 ans apr\u00e8s la marche : quel h\u00e9ritage pour les jeunes g\u00e9n\u00e9rations ?<\/a> (Bondy Blog)<\/p>\n\n\n\n<p><mark style=\"background-color:rgba(0, 0, 0, 0);color:#ee0505\" class=\"has-inline-color\"><strong>28 novembre<\/strong><\/mark><\/p>\n\n\n\n<p><a href=\"https:\/\/lepoing.net\/appel-presence-sur-place-quelle-implication-de-lextreme-droite-locale-dans-la-ratonnade-de-romans-sur-isere\/\">Appel, pr\u00e9sence sur place : quelle implication de l\u2019extr\u00eame droite locale dans la ratonnade de Romans-sur-Is\u00e8re ?<\/a> (Le Poing)<\/p>\n\n\n\n<p><a href=\"https:\/\/paris-luttes.info\/pour-l-hebergement-des-jeunes-17615\">Pour l\u2019h\u00e9bergement des jeunes mineurs non accompagn\u00e9s du parc de Belleville&nbsp;!<\/a> (Paris-Luttes info)<\/p>\n\n\n\n<p><strong><a href=\"https:\/\/www.blast-info.fr\/articles\/2023\/meurtre-de-thomas-a-crepol-lextreme-droite-se-constitue-en-milices-poRm7PQHTBGvT1ZgA4EDgw\">Meurtre de Thomas \u00e0 Cr\u00e9pol&nbsp;: l&rsquo;extr\u00eame droite se constitue en milices<\/a> (Basta!)<\/strong><\/p>\n\n\n\n<p><mark style=\"background-color:rgba(0, 0, 0, 0);color:#ee0505\" class=\"has-inline-color\"><strong>25 novembre<\/strong><\/mark><\/p>\n\n\n\n<p><a href=\"https:\/\/www.lemediatv.fr\/emissions\/2023\/darmanin-xavier-bertrand-guerre-declaree-aux-musulmans-F1xYUg5BRy2U4V8h3VH4fw\" target=\"_blank\" rel=\"noreferrer noopener\">Darmanin-Xavier Bertrand : Guerre d\u00e9clar\u00e9e aux musulmans ?<\/a> (Le M\u00e9dia)<\/p>\n\n\n\n<p><a href=\"https:\/\/www.mediapart.fr\/journal\/france\/211123\/loi-immigration-le-debat-public-est-lepenise\">Loi immigration : \u00ab&nbsp;Le d\u00e9bat public est lep\u00e9nis\u00e9&nbsp;\u00bb<\/a> (A l\u2019air libre)<\/p>\n\n\n\n<p><a href=\"https:\/\/rapportsdeforce.fr\/pas-de-cote\/le-3-decembre-manifestation-contre-le-racisme-et-la-loi-darmanin-112319744\" target=\"_blank\" rel=\"noreferrer noopener\">Le 3 d\u00e9cembre : manifestation contre le racisme et la loi Darmanin<\/a>&nbsp;(Rapports de Force)<\/p>\n\n\n\n<p><a href=\"https:\/\/www.observationsociete.fr\/modes-de-vie\/mdv-valeurs\/valeurs_immigres-2\/\">De moins en moins de Fran\u00e7ais estiment que les immigr\u00e9s sont trop nombreux<\/a> (Centre d\u2019observation de la soci\u00e9t\u00e9)<\/p>\n\n\n\n<p><a href=\"https:\/\/www.boursorama.com\/videos\/actualites\/on-ne-veut-pas-la-lune-on-veut-juste-vivre-que-reste-il-de-la-marche-des-beurs-il-y-a-40-ans-99714ebad336cd390fc613a764ae36f3\">\u00ab\u00a0On ne veut pas la Lune, on veut juste vivre\u00a0\u00bb : que reste-il de la Marche des Beurs, il y a 40 ans ?<\/a> (France 24)<\/p>\n\n\n\n<p><a href=\"https:\/\/afriquexxi.info\/Perdre-espoir-et-prendre-la-route-de-l-exil\" target=\"_blank\" rel=\"noreferrer noopener\">Perdre espoir&#8230; et prendre la route de l&rsquo;exil<\/a>&nbsp;(Afrique XXI)<\/p>\n\n\n\n<p><strong><a href=\"https:\/\/www.youtube.com\/watch?v=G5a3b28oEio\">Immigration&nbsp;: quand France2 fait du Cnews \u00ab&nbsp;chic&nbsp;\u00bb<\/a>&nbsp; <\/strong>(Blast, Rhinoc\u00e9ros)<\/p>\n\n\n\n<p><mark style=\"background-color:rgba(0, 0, 0, 0);color:#ee0505\" class=\"has-inline-color\"><strong>24 novembre<\/strong><\/mark><\/p>\n\n\n\n<p><strong><a href=\"https:\/\/www.blast-info.fr\/articles\/2023\/personnes-exilees-a-paris-un-rapport-denonce-des-violences-policieres-systemiques-miARQltjT9iGPoI9HvE6yA\">Personnes exil\u00e9es \u00e0 Paris : un rapport d\u00e9nonce des violences polici\u00e8res syst\u00e9miques<\/a> <\/strong>(Blast)<\/p>\n\n\n\n<p><a href=\"https:\/\/www.equaltimes.org\/crise-des-deplaces-en-rd-congo-l\">Crise des d\u00e9plac\u00e9s en RD-Congo&nbsp;: l\u2019invention de nouvelles formes de solidarit\u00e9 en r\u00e9ponse \u00e0 un \u00c9tat tr\u00e8s souvent absent<\/a> (Equal Times)<\/p>\n\n\n\n<p><mark style=\"background-color:rgba(0, 0, 0, 0);color:#ee0505\" class=\"has-inline-color\"><strong>23 novembre<\/strong><\/mark><\/p>\n\n\n\n<p><strong><a href=\"https:\/\/www.streetpress.com\/sujet\/1700230511-haitiens-fuient-massacres-gangs-france-refuse-droit-asile\">Les Ha\u00eftiens fuient les massacres des gangs, la France leur refuse l&rsquo;asile<\/a> <\/strong>(Street Press)<\/p>\n\n\n\n<p><mark style=\"background-color:rgba(0, 0, 0, 0);color:#ee0505\" class=\"has-inline-color\"><strong>22 novembre<\/strong><\/mark><\/p>\n\n\n\n<p><a href=\"https:\/\/www.liberation.fr\/politique\/olivier-dussopt-lhomme-invisible-du-projet-de-loi-immigration-20231121_JGPONZXHFVDUNG7UFNLNDBJBZA\/\">Olivier Dussopt, l\u2019homme invisible du projet de loi immigration<\/a> (Lib\u00e9ration)<\/p>\n\n\n\n<p><a href=\"https:\/\/www.frustrationmagazine.fr\/aide-medicale-etat\/\" target=\"_blank\" rel=\"noreferrer noopener\">5 faits contre la suppression de l\u2019Aide M\u00e9dicale d\u2019\u00c9tat (AME)<\/a>&nbsp;(Frustration)<\/p>\n\n\n\n<p><a href=\"https:\/\/www.alternatives-economiques.fr\/claire-rodier\/droit-sol-senat-foule-pied-tradition-francaise\/00108674\" target=\"_blank\" rel=\"noreferrer noopener\">Droit du sol : le S\u00e9nat foule au pied la tradition fran\u00e7aise<\/a>&nbsp;(Alter \u00e9co)<\/p>\n\n\n\n<p><a href=\"https:\/\/www.blast-info.fr\/emissions\/2023\/immigration-la-realite-face-aux-mensonges-n0FQCIrhRXSUR9S2DLUfGA\" target=\"_blank\" rel=\"noreferrer noopener\"><strong>Immigration : la r\u00e9alit\u00e9 face aux mensonges<\/strong><\/a> (Blast)<\/p>\n\n\n\n<p><a href=\"https:\/\/orientxxi.info\/magazine\/accord-migratoire-avec-l-egypte-des-navires-francais-en-eaux-troubles,6872\" target=\"_blank\" rel=\"noreferrer noopener\">Accord migratoire avec l&rsquo;\u00c9gypte. Des navires fran\u00e7ais en eaux troubles<\/a>&nbsp;(Orient XXI)<\/p>\n\n\n\n<p><a href=\"https:\/\/link.newsletter.franceculture.fr\/m\/ml\/7429\/836709\/YGo7iurRLw-UHtrOwr_I0m9C5lXTLJmivm821gAfcU8=\/BYLNfrWRofWNJsW+ZFa0R8Fw07CbXWywEFudanZr-YA=\/\" target=\"_blank\" rel=\"noreferrer noopener\">Brian\u00e7on, une zone fronti\u00e8re \u00e0 bout de souffle<\/a> (France Culture)<\/p>\n\n\n\n<p><a href=\"https:\/\/www.alternatives-economiques.fr\/immigration-senat-vend-ame-a-lextreme\/00108654\" target=\"_blank\" rel=\"noreferrer noopener\">Immigration : le S\u00e9nat vend son \u00e2me \u00e0 l\u2019extr\u00eame droite<\/a>&nbsp;(Alter \u00e9co)<\/p>\n\n\n\n<p><a href=\"https:\/\/www.lemonde.fr\/international\/article\/2023\/11\/17\/la-maison-blanche-accuse-elon-musk-de-faire-une-promotion-abjecte-de-l-antisemitisme_6200759_3210.html\">La Maison Blanche accuse Elon Musk de faire une&nbsp;promotion \u2018abjecte\u2019 de l\u2019antis\u00e9mitisme<\/a> (Le Monde)<\/p>\n\n\n\n<p><mark style=\"background-color:rgba(0, 0, 0, 0);color:#ee0505\" class=\"has-inline-color\"><strong>21 novembre<\/strong><\/mark><\/p>\n\n\n\n<p><a href=\"https:\/\/lepoing.net\/montpellier-avec-migrantscene-la-cimade-porte-la-solidarite-en-etendard\/\">Montpellier : avec \u201cMigrant\u2019sc\u00e8ne\u201d, la CIMADE porte la solidarit\u00e9 en \u00e9tendard<\/a> (Le Poing)<\/p>\n\n\n\n<p><mark style=\"background-color:rgba(0, 0, 0, 0);color:#ee0505\" class=\"has-inline-color\"><strong>17 novembre<\/strong><\/mark><\/p>\n\n\n\n<p><strong><a href=\"https:\/\/www.revolutionpermanente.fr\/Suppression-de-l-aide-medicale-d-Etat-4-500-medecins-denoncent-et-appellent-a-desobeir\">Suppression de l\u2019aide m\u00e9dicale d\u2019\u00c9tat&nbsp;: 4.500 m\u00e9decins d\u00e9noncent et appellent \u00e0 d\u00e9sob\u00e9ir<\/a> <\/strong>(RP)<\/p>\n\n\n\n<p><strong><a href=\"https:\/\/www.streetpress.com\/sujet\/1700133112-centaines-adolescents-mineurs-isoles-sans-papiers-rue-expulsion-jeux-olympiques\">Des centaines d\u2019ados sans-papiers mis \u00e0 la rue apr\u00e8s avoir refus\u00e9 le chantage des pouvoirs publics<\/a> <\/strong>(Street Press)<\/p>\n\n\n\n<p><mark style=\"background-color:rgba(0, 0, 0, 0);color:#ee0505\" class=\"has-inline-color\"><strong>16 novembre<\/strong><\/mark><\/p>\n\n\n\n<p><strong><a href=\"https:\/\/www.revolutionpermanente.fr\/Permis-de-sejour-soumis-a-caution-controles-renforces-la-loi-immigration-attaque-les-etudiants\">Permis de s\u00e9jour soumis \u00e0 caution, contr\u00f4les renforc\u00e9s&nbsp;: la loi immigration attaque les \u00e9tudiants \u00e9trangers<\/a> <\/strong>(RP)<\/p>\n\n\n\n<p><strong><a href=\"https:\/\/basta.media\/crainte-nettoyage-social-sans-abri-SDF-approche-JO-Paris-2024\">Crainte d\u2019un \u00ab&nbsp;nettoyage social&nbsp;\u00bb des sans-abri \u00e0 l\u2019approche des JO de Paris <\/a><\/strong>(Basta!)<\/p>\n\n\n\n<p><a href=\"https:\/\/www.causette.fr\/les-quiches\/royaume-uni-le-gouvernement-a-toujours-tres-envie-dexpulser-les-migrants-au-rwanda\/\" target=\"_blank\" rel=\"noreferrer noopener\">Royaume-Uni : le gouvernement a toujours tr\u00e8s envie d&rsquo;expulser les migrants au Rwanda<\/a>&nbsp;(Causette)<\/p>\n\n\n\n<p><a href=\"https:\/\/www.ldh-france.org\/les-travailleurs-sans-papiers-pourront-ils-enfin-acceder-a-laide-juridictionnelle-un-grand-pas-vers-le-retablissement-de-legalite\/\" target=\"_blank\" rel=\"noreferrer noopener\">Les travailleurs sans papiers pourront-ils enfin acc\u00e9der \u00e0 l\u2019aide juridictionnelle ? Un grand pas vers le r\u00e9tablissement de l\u2019\u00e9galit\u00e9<\/a>&nbsp;(LDH)<\/p>\n\n\n\n<p><a href=\"https:\/\/france.attac.org\/actus-et-medias\/salle-de-presse\/article\/non-a-la-suppression-de-l-aide-medicale-d-etat\" target=\"_blank\" rel=\"noreferrer noopener\">Non \u00e0 la suppression de l&rsquo;Aide M\u00e9dicale d&rsquo;\u00c9tat !<\/a>&nbsp;(Attac et LDH)<\/p>\n\n\n\n<p><a href=\"https:\/\/www.streetpress.com\/sujet\/1700133112-centaines-adolescents-mineurs-isoles-sans-papiers-rue-expulsion-jeux-olympiques\" target=\"_blank\" rel=\"noreferrer noopener\">Des centaines d\u2019ados sans-papiers mis \u00e0 la rue apr\u00e8s avoir refus\u00e9 le chantage des pouvoirs publics<\/a>&nbsp;(StreetPress)<\/p>\n\n\n\n<p><mark style=\"background-color:rgba(0, 0, 0, 0);color:#ee0505\" class=\"has-inline-color\"><strong>14 novembre<\/strong><\/mark><\/p>\n\n\n\n<p><strong><a href=\"https:\/\/reporterre.net\/J-ai-perdu-ma-dignite-a-Calais-les-exiles-seuls-face-aux-inondations\">\u00ab&nbsp;J\u2019ai perdu ma dignit\u00e9&nbsp;\u00bb&nbsp;: \u00e0 Calais, les exil\u00e9s seuls face aux inondations<\/a> <\/strong>(Reporterre)<\/p>\n\n\n\n<p><a href=\"https:\/\/www.bondyblog.fr\/societe\/les-migrants-asiatiques-sont-les-grands-oublies-de-lhistoire-migratoire-en-france\/\">\u00ab Les migrants asiatiques sont les grands oubli\u00e9s de l\u2019histoire migratoire en France \u00bb<\/a> (Bondy Blog)<\/p>\n\n\n\n<p><mark style=\"background-color:rgba(0, 0, 0, 0);color:#ee0505\" class=\"has-inline-color\"><strong>13 novembre<\/strong><\/mark><\/p>\n\n\n\n<p><strong><a href=\"https:\/\/www.blast-info.fr\/articles\/2023\/a-mayotte-la-politique-de-la-terre-brulee-X0p8GyaGRmGyoYrocGJAeQ\">A Mayotte, la politique de la terre br\u00fbl\u00e9e<\/a> <\/strong>(Blast)<\/p>\n\n\n\n<p><a href=\"https:\/\/theconversation.com\/a-la-reunion-des-sri-lankais-victimes-des-deficiences-de-la-politique-migratoire-216293\">\u00c0 La R\u00e9union, des Sri Lankais victimes des d\u00e9ficiences de la politique migratoire<\/a> (The conversation)<\/p>\n\n\n\n<p><strong><a href=\"https:\/\/www.bondyblog.fr\/opinions\/interview\/ils-vont-menvoyer-me-faire-tuer-un-professeur-de-francais-gazaoui-menace-dexpulsion\/\">\u00ab Ils vont m\u2019envoyer me faire tuer \u00bb : Un professeur de fran\u00e7ais Gazaoui menac\u00e9 d\u2019expulsion<\/a> <\/strong>(Bondy Blog)<\/p>\n\n\n\n<p><mark style=\"background-color:rgba(0, 0, 0, 0);color:#ee0505\" class=\"has-inline-color\"><strong>9 novembre<\/strong><\/mark><\/p>\n\n\n\n<p><a href=\"https:\/\/www.alternatives-economiques.fr\/herve-nathan\/senat-prise-de-folie-anti-immigres\/00108587\">Au S\u00e9nat, la droite prise de folie anti immigr\u00e9s<\/a>&nbsp; -Herv\u00e9 Nathan (Alter \u00e9co)<\/p>\n\n\n\n<p><a href=\"https:\/\/www.alternatives-economiques.fr\/antoine-math-matiere-de-droit-etrangers-digues-ont-saute\/00108578\">Antoine Math : \u00ab En mati\u00e8re de droit des \u00e9trangers, les digues ont saut\u00e9 \u00bb<\/a>&nbsp;(Alter \u00e9co)<\/p>\n\n\n\n<p><strong><a href=\"https:\/\/www.francetvinfo.fr\/societe\/immigration\/projet-de-loi-immigration-870-associations-denoncent-la-derive-engagee-au-senat_6173361.html\">Projet de loi immigration : 870 associations d\u00e9noncent la \u00ab&nbsp;d\u00e9rive engag\u00e9e au S\u00e9nat&nbsp;\u00bb<\/a><\/strong>&nbsp;(France Info)<\/p>\n\n\n\n<p><strong><a href=\"https:\/\/www.lemonde.fr\/politique\/article\/2023\/11\/08\/loi-immigration-le-senat-supprime-la-mesure-du-gouvernement-sur-les-metiers-en-tension_6199048_823448.html\">Loi immigration&nbsp;: le S\u00e9nat supprime la mesure du gouvernement sur les m\u00e9tiers en tension<\/a> <\/strong>(Le Monde)<\/p>\n\n\n\n<p><a href=\"https:\/\/www.lemonde.fr\/politique\/article\/2023\/11\/08\/projet-de-loi-immigration-les-concessions-de-darmanin-a-la-droite_6198925_823448.html\">Projet de loi \u00ab&nbsp;immigration&nbsp;\u00bb&nbsp;: les concessions de Darmanin \u00e0 la droite<\/a>&nbsp;(Le Monde)<\/p>\n\n\n\n<p><a href=\"https:\/\/www.francetvinfo.fr\/societe\/immigration\/projet-de-loi-immigration-quatre-questions-sur-la-suppression-de-l-aide-medicale-d-etat-votee-par-le-senat_6170814.html\">Immigration : 4 questions sur la suppression de l\u2019aide m\u00e9dicale d\u2019Etat vot\u00e9e par le S\u00e9nat<\/a>&nbsp;(France Info)<\/p>\n\n\n\n<p><a href=\"https:\/\/www.francetvinfo.fr\/france\/occitanie\/video-vous-vivrez-une-colere-du-secteur-medical-comme-jamais-vous-n-en-avez-vecu-face-a-la-suppression-de-l-aide-medicale-de-l-etat-les-medecins-menacent_6171270.html\">\u2018Vous vivrez une col\u00e8re comme jamais vous n\u2019en avez v\u00e9cu\u2019 :&nbsp;<strong>des m\u00e9decins s\u2019\u00e9l\u00e8vent face \u00e0 la suppression de&nbsp;l\u2019AME&nbsp;<\/strong><\/a>&nbsp;(France Info)<\/p>\n\n\n\n<p><a href=\"https:\/\/regards.fr\/immigration-le-monde-de-darmanin-nest-heureusement-pas-le-monde-des-francais\/\">Immigration : \u2018Le monde de Darmanin n\u2019est heureusement pas le monde des Fran\u00e7ais\u2019<\/a>&nbsp;(Regards)<\/p>\n\n\n\n<p><a href=\"https:\/\/www.humanite.fr\/social-et-economie\/senat\/loi-immigration-les-travailleurs-sans-papiers-font-du-bruit-pour-se-faire-entendre-devant-le-senat\">Loi immigration&nbsp;: les travailleurs sans-papiers \u00ab&nbsp;font du bruit pour se faire entendre&nbsp;\u00bb devant le S\u00e9nat<\/a>&nbsp;(l\u2019Humanit\u00e9)<\/p>\n\n\n\n<p><a href=\"https:\/\/www.mediapart.fr\/journal\/politique\/051123\/sur-la-loi-immigration-droites-et-extreme-droite-sont-l-unisson\" target=\"_blank\" rel=\"noreferrer noopener\">Sur la loi immigration, droites et extr\u00eame droite sont \u00e0 l\u2019unisson<\/a> (M\u00e9diapart)<\/p>\n\n\n\n<p><a href=\"https:\/\/lesjours.fr\/obsessions\/loi-immigration\/ep1-enjeux\/\" target=\"_blank\" rel=\"noreferrer noopener\">L\u2019immigration met la Macronie en tension<\/a> (Les Jours)<\/p>\n\n\n\n<p><a href=\"https:\/\/www.mediapart.fr\/journal\/fil-dactualites\/041123\/quatre-morts-lors-d-une-nouvelle-arrivee-massive-de-migrants-aux-canaries\">Quatre morts lors d\u2019une nouvelle arriv\u00e9e massive de migrants aux Canaries<\/a> (AFP)<\/p>\n\n\n\n<p><mark style=\"background-color:rgba(0, 0, 0, 0);color:#ee0505\" class=\"has-inline-color\"><strong>7 novembre<\/strong><\/mark><\/p>\n\n\n\n<p><a href=\"https:\/\/rapportsdeforce.fr\/ici-et-maintenant\/projet-de-loi-immigration-ce-sont-les-sans-papiers-et-refugies-qui-en-parlent-le-mieux-110719542\">Projet de loi immigration : ce sont les sans-papiers et r\u00e9fugi\u00e9s qui en parlent le mieux<\/a>&nbsp; (Rapports de Force)<\/p>\n\n\n\n<p><a href=\"https:\/\/www.ldh-france.org\/remise-en-cause-du-droit-du-sol\/\"><strong>Immigration&nbsp;: remise en cause du droit du sol<\/strong><\/a>&nbsp;(LDH)<\/p>\n\n\n\n<p><a href=\"https:\/\/www.ldh-france.org\/loi-asile-et-immigration-les-associations-denoncent-des-atteintes-sans-precedent-aux-droits-des-personnes-exilees\/\">Immigration : les associations d\u00e9noncent des atteintes sans pr\u00e9c\u00e9dent aux droits des personnes exil\u00e9es<\/a>&nbsp;(LDH)<\/p>\n\n\n\n<p><a href=\"https:\/\/blogs.mediapart.fr\/association-gisti\/blog\/031123\/des-attaques-repetees-contre-les-associations-qui-defendent-les-exiles\"><strong>Des attaques r\u00e9p\u00e9t\u00e9es contre les associations qui d\u00e9fendent les exil\u00e9s<\/strong><\/a>&nbsp;(Association GISTI)<\/p>\n\n\n\n<p><mark style=\"background-color:rgba(0, 0, 0, 0);color:#ee0505\" class=\"has-inline-color\"><strong>2 novembre<\/strong><\/mark><\/p>\n\n\n\n<p><a href=\"https:\/\/www.ldh-france.org\/31-octobre-2023-tribune-collective-levez-lassignation-a-residence-perpetuelle-de-kamel-daoudi-pour-lui-et-sa-famille\/\" target=\"_blank\" rel=\"noreferrer noopener\">Tribune&nbsp;: \u201cLevez l\u2019assignation \u00e0 r\u00e9sidence perp\u00e9tuelle de Kamel Daoudi pour lui et sa famille\u201d<\/a>&nbsp;(Collectif)<\/p>\n\n\n\n<p><a href=\"https:\/\/www.ldh-france.org\/non-au-nouveau-projet-de-loi-sur-lasile-et-limmigration\/\" target=\"_blank\" rel=\"noreferrer noopener\">Non au nouveau projet de loi sur l\u2019asile et l\u2019immigration !<\/a>&nbsp;(LDH)<\/p>\n\n\n\n<p><a href=\"https:\/\/rapportsdeforce.fr\/analyse\/loi-immigration-lactualite-au-service-du-projet-droitier-de-darmanin-103019443\" target=\"_blank\" rel=\"noreferrer noopener\"><strong>Loi Immigration : l\u2019actualit\u00e9 mise au service du projet droitier de Darmanin<\/strong><\/a> (Rapports de Force)<\/p>\n\n\n\n<p><a href=\"https:\/\/www.alternatives-economiques.fr\/lutte-onereuse-fin-contre-business-passeurs-manche\/00108509\" target=\"_blank\" rel=\"noreferrer noopener\">La lutte on\u00e9reuse et sans fin contre le business des passeurs dans la Manche<\/a> (Alter \u00e9co)<\/p>\n\n\n\n<p><a href=\"https:\/\/nawaat.org\/2023\/10\/30\/tunisie-les-stigmates-des-migrantes-victimes-de-violences-sexuelles\/\" target=\"_blank\" rel=\"noreferrer noopener\">Tunisie : Les stigmates des migrantes victimes de violences sexuelles<\/a> (Nawaat)<\/p>\n\n\n\n<p><a href=\"https:\/\/www.blast-info.fr\/articles\/2023\/accueil-des-migrants-lultradroite-gagne-en-rase-campagne-tLgzG-K5S3aAyNp68Xm9sA\" target=\"_blank\" rel=\"noreferrer noopener\"><strong>Accueil des migrants : l&rsquo;ultradroite gagne en rase campagne<\/strong><\/a> (Blast)<\/p>\n\n\n\n<p><a href=\"https:\/\/lanticapitaliste.org\/actualite\/societe\/darmanin-benzema-et-lennemi-interieur\">Darmanin, Benzema et l\u2019ennemi int\u00e9rieur<\/a> (L\u2019Anticapitaliste)<\/p>\n\n\n\n<p><a href=\"https:\/\/alencontre.org\/europe\/controler-les-migrations-entre-laisser-mourir-et-permis-de-tuer.html\">\u00abContr\u00f4ler\u00bb les migrations : entre laisser-mourir et permis de tuer<\/a><strong>&nbsp;<\/strong>(A l\u2019encontre)<\/p>\n\n\n\n<p><\/p>\n","protected":false},"excerpt":{"rendered":"<p>30 novembre Activistes et groupes de d\u00e9fense des r\u00e9fugi\u00e9s r\u00e9clament le retrait du Canada de l\u2019Entente sur les tiers pays s\u00fbrs conclue avec les \u00c9tats-Unis (Equal Times) 29 novembre Pour l\u2019h\u00e9bergement des jeunes mineurs non accompagn\u00e9s du parc de Belleville&nbsp;! (Paris-Luttes info) 40 ans apr\u00e8s la marche : quel h\u00e9ritage pour les jeunes g\u00e9n\u00e9rations ? &#8230; <a title=\"Novembre &#8211; Antiracisme\/Migrations\" class=\"read-more\" href=\"https:\/\/www.rdpemancipation.org\/?p=121740\" aria-label=\"En savoir plus sur Novembre &#8211; Antiracisme\/Migrations\">Lire la suite<\/a><\/p>\n","protected":false},"author":1,"featured_media":0,"comment_status":"closed","ping_status":"closed","sticky":false,"template":"","format":"standard","meta":{"_lmt_disableupdate":"","_lmt_disable":"","_jetpack_memberships_contains_paid_content":false,"footnotes":""},"categories":[13,27],"tags":[],"class_list":["post-121740","post","type-post","status-publish","format-standard","hentry","category-antiracisme","category-migrations"],"modified_by":"man","jetpack_featured_media_url":"","jetpack_sharing_enabled":true,"_links":{"self":[{"href":"https:\/\/www.rdpemancipation.org\/index.php?rest_route=\/wp\/v2\/posts\/121740","targetHints":{"allow":["GET"]}}],"collection":[{"href":"https:\/\/www.rdpemancipation.org\/index.php?rest_route=\/wp\/v2\/posts"}],"about":[{"href":"https:\/\/www.rdpemancipation.org\/index.php?rest_route=\/wp\/v2\/types\/post"}],"author":[{"embeddable":true,"href":"https:\/\/www.rdpemancipation.org\/index.php?rest_route=\/wp\/v2\/users\/1"}],"replies":[{"embeddable":true,"href":"https:\/\/www.rdpemancipation.org\/index.php?rest_route=%2Fwp%2Fv2%2Fcomments&post=121740"}],"version-history":[{"count":21,"href":"https:\/\/www.rdpemancipation.org\/index.php?rest_route=\/wp\/v2\/posts\/121740\/revisions"}],"predecessor-version":[{"id":122805,"href":"https:\/\/www.rdpemancipation.org\/index.php?rest_route=\/wp\/v2\/posts\/121740\/revisions\/122805"}],"wp:attachment":[{"href":"https:\/\/www.rdpemancipation.org\/index.php?rest_route=%2Fwp%2Fv2%2Fmedia&parent=121740"}],"wp:term":[{"taxonomy":"category","embeddable":true,"href":"https:\/\/www.rdpemancipation.org\/index.php?rest_route=%2Fwp%2Fv2%2Fcategories&post=121740"},{"taxonomy":"post_tag","embeddable":true,"href":"https:\/\/www.rdpemancipation.org\/index.php?rest_route=%2Fwp%2Fv2%2Ftags&post=121740"}],"curies":[{"name":"wp","href":"https:\/\/api.w.org\/{rel}","templated":true}]}}