{"id":121738,"date":"2023-11-01T15:32:29","date_gmt":"2023-11-01T14:32:29","guid":{"rendered":"https:\/\/www.rdpemancipation.org\/?p=121738"},"modified":"2023-11-27T16:15:46","modified_gmt":"2023-11-27T15:15:46","slug":"novembre-jeunesse-education-3","status":"publish","type":"post","link":"https:\/\/www.rdpemancipation.org\/?p=121738","title":{"rendered":"Novembre &#8211; Jeunesse\/\u00c9ducation"},"content":{"rendered":"\n<p><mark style=\"background-color:rgba(0, 0, 0, 0);color:#ee0505\" class=\"has-inline-color\"><strong>26 novembre<\/strong><\/mark><\/p>\n\n\n\n<p><a href=\"https:\/\/www.alternatives-economiques.fr\/on-a-a-gagner-a-plus-de-mixite-sociale-a-lecole\/00108701\" target=\"_blank\" rel=\"noreferrer noopener\">Pourquoi on a tout \u00e0 gagner \u00e0 avoir plus de mixit\u00e9 sociale \u00e0 l\u2019\u00e9cole<\/a>&nbsp;(Alter \u00e9co)<\/p>\n\n\n\n<p><a href=\"https:\/\/www.francetvinfo.fr\/societe\/education\/enquete-formation-en-alternance-de-nombreuses-ecoles-facturent-illegalement-des-frais-d-inscription_6201834.html\">Formation en alternance : de nombreuses \u00e9coles facturent ill\u00e9galement des frais d\u2019inscription<\/a> (France Info)<\/p>\n\n\n\n<p><a href=\"https:\/\/www.cafepedagogique.net\/2023\/11\/20\/le-choix-dattal\/?utm_campaign=Lexpresso_20-11-2023_1&amp;utm_medium=email&amp;utm_source=Expresso\">Le choix d\u2019Attal<\/a>&nbsp;(Caf\u00e9 p\u00e9dagogique)<\/p>\n\n\n\n<p><a href=\"https:\/\/www.politis.fr\/articles\/2023\/11\/snu-que-nos-enfants-preparent-la-paix-pas-la-guerre\/\" target=\"_blank\" rel=\"noreferrer noopener\">SNU : \u00ab Que nos enfants pr\u00e9parent la paix, pas la guerre ! \u00bb<\/a>&nbsp;(Politis)<\/p>\n\n\n\n<p><a href=\"https:\/\/theconversation.com\/creer-des-classes-de-niveau-atouts-ou-freins-a-la-reussite-des-eleves-217469?utm_medium=email&amp;utm_campaign=La%20lettre%20de%20The%20Conversation%20France%20du%2022%20novembre%202023%20-%202801228350&amp;utm_content=La%20lettre%20de%20The%20Conversation%20France%20du%2022%20novembre%202023%20-%202801228350+CID_b3b2ff473d1b4db04d7dcb8453cc7e41&amp;utm_source=campaign_monitor_fr&amp;utm_term=Crer%20des%20classes%20de%20niveau%20%20atouts%20ou%20freins%20%20la%20russite%20des%20lves\">Cr\u00e9er des classes de&nbsp;niveau&nbsp;: atouts ou freins \u00e0 la r\u00e9ussite des&nbsp;\u00e9l\u00e8ves&nbsp;?<\/a>&nbsp;(The Conversation)<\/p>\n\n\n\n<p><a href=\"https:\/\/www.cafepedagogique.net\/2023\/11\/16\/mardi-12-decembre-greve-en-lycee-professionnel\/?utm_campaign=Lexpresso_16-11-2023_1&amp;utm_medium=email&amp;utm_source=Expresso\">Mardi 12 d\u00e9cembre&nbsp;: Gr\u00e8ve en lyc\u00e9e professionnel<\/a>&nbsp;(Caf\u00e9 p\u00e9dagogique)<\/p>\n\n\n\n<p><a href=\"https:\/\/www.humanite.fr\/societe\/droit-de-manifester\/guerre-israel-hamas-a-paris-le-lycee-balzac-bloque-en-solidarite-avec-le-peuple-palestinien\" target=\"_blank\" rel=\"noreferrer noopener\">Guerre Isra\u00ebl-Hamas : \u00e0 Paris, le lyc\u00e9e Balzac bloqu\u00e9 \u00ab en solidarit\u00e9 avec le peuple palestinien \u00bb<\/a>&nbsp;(L\u2019Humanit\u00e9)<\/p>\n\n\n\n<p><a href=\"https:\/\/www.saphirnews.com\/Le-lycee-Averroes-de-Lille-remporte-de-nouveau-son-proces-contre-la-Region-Hauts-de-France_a29954.html\" target=\"_blank\" rel=\"noreferrer noopener\">Le lyc\u00e9e Averro\u00e8s de Lille remporte de nouveau son proc\u00e8s contre la R\u00e9gion Hauts-de-France<\/a>&nbsp;(SaphirNews.com)<\/p>\n\n\n\n<p><mark style=\"background-color:rgba(0, 0, 0, 0);color:#ee0505\" class=\"has-inline-color\"><strong>16 novembre<\/strong><\/mark><\/p>\n\n\n\n<p><a href=\"https:\/\/france3-regions.francetvinfo.fr\/paris-ile-de-france\/paris\/animateurs-periscolaires-en-greve-a-paris-seule-avec-32-enfants-c-est-le-quotidien-en-ce-moment-2873036.html\">Animateurs p\u00e9riscolaires en gr\u00e8ve \u00e0 Paris : \u00ab&nbsp;seule avec 32 enfants. C\u2019est le quotidien en ce moment&nbsp;\u00bb<\/a>&nbsp;(Franceinfo)<\/p>\n\n\n\n<p><a href=\"https:\/\/www.sudouest.fr\/economie\/social\/reforme-du-lycee-professionnel-appel-a-une-greve-d-ampleur-le-12-decembre-par-l-intersyndicale-17473588.php\">R\u00e9forme du lyc\u00e9e professionnel&nbsp;: appel \u00e0 une gr\u00e8ve \u00ab&nbsp;d\u2019ampleur&nbsp;\u00bb le 12&nbsp;d\u00e9cembre par l\u2019intersyndicale<\/a>&nbsp;(Sud Ouest)<\/p>\n\n\n\n<p><a href=\"https:\/\/www.humanite.fr\/societe\/ecole\/parents-vigilants-les-syndicats-denseignants-exigent-un-sursaut-face-au-harcelement-de-ces-militants-dextreme-droite\" target=\"_blank\" rel=\"noreferrer noopener\">\u00ab Parents vigilants \u00bb : les syndicats d\u2019enseignants exigent un sursaut face au harc\u00e8lement de ces militants d\u2019extr\u00eame droite<\/a>&nbsp;(L\u2019Humanit\u00e9)<\/p>\n\n\n\n<p><a href=\"https:\/\/www.streetpress.com\/sujet\/1700133112-centaines-adolescents-mineurs-isoles-sans-papiers-rue-expulsion-jeux-olympiques\" target=\"_blank\" rel=\"noreferrer noopener\">Des centaines d\u2019ados sans-papiers mis \u00e0 la rue apr\u00e8s avoir refus\u00e9 le chantage des pouvoirs publics<\/a>&nbsp;(StreetPress)<\/p>\n\n\n\n<p><a href=\"https:\/\/marsactu.fr\/avec-la-cocarde-lultra-droite-tente-un-retour-par-les-urnes-a-luniversite-daix-marseille\/\" target=\"_blank\" rel=\"noreferrer noopener\">Avec La Cocarde, l\u2019ultra-droite tente un retour par les urnes \u00e0 l\u2019universit\u00e9 d\u2019Aix-Marseille<\/a>&nbsp;(Marsactu)<\/p>\n\n\n\n<p><mark style=\"background-color:rgba(0, 0, 0, 0);color:#ee0505\" class=\"has-inline-color\"><strong>15 novembre<\/strong><\/mark><\/p>\n\n\n\n<p><a href=\"https:\/\/www.francebleu.fr\/infos\/societe\/plus-d-activites-apres-les-cours-plus-de-cantine-les-agents-periscolaires-sont-en-greve-a-paris-1765988\">Plus d\u2019activit\u00e9s apr\u00e8s les cours, plus de cantine, les agents p\u00e9riscolaires sont en gr\u00e8ve \u00e0 Paris<\/a>&nbsp;(ici)<\/p>\n\n\n\n<p><a href=\"https:\/\/saint-nazaire.maville.com\/actu\/actudet_-fermeture-du-college-rosa-parks-a-nantes-greve-annoncee-mardi-14-novembre-_dep-6022488_actu.Htm\">Fermeture du coll\u00e8ge Rosa-Parks, \u00e0 Nantes&nbsp;: gr\u00e8ve annonc\u00e9e mardi 14&nbsp;novembre<\/a>&nbsp;(Ouest France)<\/p>\n\n\n\n<p><mark style=\"background-color:rgba(0, 0, 0, 0);color:#ee0505\" class=\"has-inline-color\"><strong>9 novembre<\/strong><\/mark><\/p>\n\n\n\n<p><a href=\"https:\/\/mouais.org\/petite-balade-automnale-en-ecole-superieure-de-commerce-pour-ne-pas-etre-radie\/\" target=\"_blank\" rel=\"noreferrer noopener\">Petite balade automnale en \u00e9cole sup\u00e9rieure de commerce (pour ne pas \u00eatre radi\u00e9)<\/a>&nbsp;(Mouais)<\/p>\n\n\n\n<p><a href=\"https:\/\/www.alternatives-economiques.fr\/rachel-silvera\/accompagnants-eleves-situation-de-handicap-lutte\/00108403\" target=\"_blank\" rel=\"noreferrer noopener\">Les accompagnants des \u00e9l\u00e8ves en situation de handicap sont en lutte<\/a>&nbsp;(Alter \u00e9co)<\/p>\n\n\n\n<p><a href=\"https:\/\/basta.media\/parents-ecole-publique-cedent-pas-sirenes-prive-education-nationale\" target=\"_blank\" rel=\"noreferrer noopener\">Ces parents qui \u00ab portent l&rsquo;\u00e9cole publique \u00bb et ne c\u00e8dent pas aux sir\u00e8nes du priv\u00e9<\/a>&nbsp;(Basta!)<\/p>\n\n\n\n<p><mark style=\"background-color:rgba(0, 0, 0, 0);color:#ee0505\" class=\"has-inline-color\"><strong>7 novembre<\/strong><\/mark><\/p>\n\n\n\n<p><a href=\"https:\/\/www.senenews.com\/enseignement-superieur\/ucad-les-professeurs-lancent-une-greve-et-rejoignent-les-etudiants_464890.html\"><strong>S\u00e9n\u00e9gal<\/strong>&nbsp;: UCAD : Les professeurs lancent une gr\u00e8ve et rejoignent les \u00e9tudiants<\/a>&nbsp;(Senenews)<\/p>\n\n\n\n<p><mark style=\"background-color:rgba(0, 0, 0, 0);color:#ee0505\" class=\"has-inline-color\"><strong>4 novembre<\/strong><\/mark><\/p>\n\n\n\n<p><a href=\"https:\/\/www.alternatives-economiques.fr\/rentree-tension-a-fac\/00108495?utm_source=emailing&amp;utm_medium=email&amp;utm_content=04112023&amp;utm_campaign=quotidienne\">Rentr\u00e9e sous tension \u00e0 la Fac<\/a> (Alter \u00e9co)<\/p>\n\n\n\n<p><a href=\"https:\/\/ici.radio-canada.ca\/info\/videos\/1-8847002\/enseignants-greve-generale-illimitee-23-novembre\"><strong>Canada<\/strong>&nbsp;: Enseignants : gr\u00e8ve g\u00e9n\u00e9rale illimit\u00e9e le 23 novembre<\/a>&nbsp;(Radio Canada)<\/p>\n\n\n\n<p><a href=\"https:\/\/rapportsdeforce.fr\/breves\/les-syndicats-lyceens-annoncent-leur-unification-110319489\" target=\"_blank\" rel=\"noreferrer noopener\"><strong>Les syndicats lyc\u00e9ens annoncent leur unification<\/strong><\/a> (Rapports de Force)<\/p>\n\n\n\n<p><a href=\"https:\/\/www.liberation.fr\/societe\/education\/la-lutte-lyceenne-ne-peut-pas-se-permettre-detre-divisee-les-organisations-annoncent-la-creation-de-lusl-premier-syndicat-lyceen-unifie-20231103_QEXB2SHBKVHGVJPPNPUEGB5V34\/\">\u00abLa lutte lyc\u00e9enne ne peut pas se permettre d\u2019\u00eatre divis\u00e9e\u00bb&nbsp;: cr\u00e9ation de l\u2019USL, premier syndicat lyc\u00e9en unifi\u00e9<\/a> (Lib\u00e9ration acc\u00e8s libre)<\/p>\n\n\n\n<p><a href=\"https:\/\/www.alternatives-economiques.fr\/pauvrete-etudiante-lallocation-universelle-solution\/00108286\" target=\"_blank\" rel=\"noreferrer noopener\">Pauvret\u00e9 \u00e9tudiante : l&rsquo;allocation universelle est-elle la solution ?<\/a>&nbsp; (Alter \u00e9co)<\/p>\n\n\n\n<p><a href=\"https:\/\/www.alternatives-economiques.fr\/fac-professionnalisation-vieux-cliches-demmanuel-macron\/00108365\" target=\"_blank\" rel=\"noreferrer noopener\"><strong>Fac et professionnalisation : les vieux clich\u00e9s d&rsquo;Emmanuel Macron<\/strong><\/a>&nbsp; (Alter \u00e9co)<\/p>\n\n\n\n<p><a href=\"https:\/\/la1ere.francetvinfo.fr\/mayotte\/journee-de-greve-prevue-par-l-intersyndicale-de-l-education-nationale-ce-jeudi-2-novembre-1440434.html\">Journ\u00e9e de gr\u00e8ve de l\u2019intersyndicale de l\u2019\u00c9ducation nationale, jeudi 2 novembre<\/a>&nbsp;(Franceinfo)<\/p>\n\n\n\n<p><mark style=\"background-color:rgba(0, 0, 0, 0);color:#ee0505\" class=\"has-inline-color\"><strong>2 novembre<\/strong><\/mark><\/p>\n\n\n\n<p><a href=\"https:\/\/www.bondyblog.fr\/reportages\/au-tableau\/lecole-nest-pas-un-sanctuaire-elle-est-le-reflet-de-la-societe\/\"><strong>\u00ab L\u2019\u00c9cole n\u2019est pas un sanctuaire, elle est le reflet de la soci\u00e9t\u00e9 \u00bb<\/strong><\/a> (Bondy Blog)<\/p>\n\n\n\n<p><a href=\"https:\/\/www.alternatives-economiques.fr\/lausterite-paralyse-luniversite\/00108494\" target=\"_blank\" rel=\"noreferrer noopener\">Comment l&rsquo;aust\u00e9rit\u00e9 paralyse l&rsquo;universit\u00e9<\/a> (Alter \u00e9co)<\/p>\n\n\n\n<p><a href=\"https:\/\/lanticapitaliste.org\/actualite\/education\/du-hussard-au-rempart-les-profs-variables-dajustement-de-la-politique\">Du hussard au rempart : les profs, variables d\u2019ajustement de la politique r\u00e9publicaine<\/a> (L\u2019Anticapitaliste)<\/p>\n\n\n\n<p><a href=\"https:\/\/www.saphirnews.com\/Au-lycee-Averroes-lassitude-et-inquietude-apres-l-annonce-d-une-possible-resiliation-du-contrat-d-association-avec-l_a29916.html\" target=\"_blank\" rel=\"noreferrer noopener\">Au lyc\u00e9e Averro\u00e8s, lassitude et inqui\u00e9tude apr\u00e8s l\u2019annonce d\u2019une possible r\u00e9siliation du contrat d\u2019association avec l\u2019Etat<\/a> (SaphirNews.com)<\/p>\n\n\n\n<p><a href=\"https:\/\/www.alternatives-economiques.fr\/francois-dubet\/lenseignement-etait-un-metier\/00108232\" target=\"_blank\" rel=\"noreferrer noopener\">Et si l\u2019enseignement \u00e9tait un m\u00e9tier ?<\/a>&nbsp;(Alter \u00e9co)<\/p>\n\n\n\n<p><\/p>\n","protected":false},"excerpt":{"rendered":"<p>26 novembre Pourquoi on a tout \u00e0 gagner \u00e0 avoir plus de mixit\u00e9 sociale \u00e0 l\u2019\u00e9cole&nbsp;(Alter \u00e9co) Formation en alternance : de nombreuses \u00e9coles facturent ill\u00e9galement des frais d\u2019inscription (France Info) Le choix d\u2019Attal&nbsp;(Caf\u00e9 p\u00e9dagogique) SNU : \u00ab Que nos enfants pr\u00e9parent la paix, pas la guerre ! \u00bb&nbsp;(Politis) Cr\u00e9er des classes de&nbsp;niveau&nbsp;: atouts ou &#8230; <a title=\"Novembre &#8211; Jeunesse\/\u00c9ducation\" class=\"read-more\" href=\"https:\/\/www.rdpemancipation.org\/?p=121738\" aria-label=\"En savoir plus sur Novembre &#8211; Jeunesse\/\u00c9ducation\">Lire la suite<\/a><\/p>\n","protected":false},"author":1,"featured_media":0,"comment_status":"closed","ping_status":"closed","sticky":false,"template":"","format":"standard","meta":{"_lmt_disableupdate":"","_lmt_disable":"","_jetpack_memberships_contains_paid_content":false,"footnotes":""},"categories":[15],"tags":[],"class_list":["post-121738","post","type-post","status-publish","format-standard","hentry","category-jeunesse-education"],"modified_by":"nch","jetpack_featured_media_url":"","jetpack_sharing_enabled":true,"_links":{"self":[{"href":"https:\/\/www.rdpemancipation.org\/index.php?rest_route=\/wp\/v2\/posts\/121738","targetHints":{"allow":["GET"]}}],"collection":[{"href":"https:\/\/www.rdpemancipation.org\/index.php?rest_route=\/wp\/v2\/posts"}],"about":[{"href":"https:\/\/www.rdpemancipation.org\/index.php?rest_route=\/wp\/v2\/types\/post"}],"author":[{"embeddable":true,"href":"https:\/\/www.rdpemancipation.org\/index.php?rest_route=\/wp\/v2\/users\/1"}],"replies":[{"embeddable":true,"href":"https:\/\/www.rdpemancipation.org\/index.php?rest_route=%2Fwp%2Fv2%2Fcomments&post=121738"}],"version-history":[{"count":10,"href":"https:\/\/www.rdpemancipation.org\/index.php?rest_route=\/wp\/v2\/posts\/121738\/revisions"}],"predecessor-version":[{"id":122713,"href":"https:\/\/www.rdpemancipation.org\/index.php?rest_route=\/wp\/v2\/posts\/121738\/revisions\/122713"}],"wp:attachment":[{"href":"https:\/\/www.rdpemancipation.org\/index.php?rest_route=%2Fwp%2Fv2%2Fmedia&parent=121738"}],"wp:term":[{"taxonomy":"category","embeddable":true,"href":"https:\/\/www.rdpemancipation.org\/index.php?rest_route=%2Fwp%2Fv2%2Fcategories&post=121738"},{"taxonomy":"post_tag","embeddable":true,"href":"https:\/\/www.rdpemancipation.org\/index.php?rest_route=%2Fwp%2Fv2%2Ftags&post=121738"}],"curies":[{"name":"wp","href":"https:\/\/api.w.org\/{rel}","templated":true}]}}