{"id":121724,"date":"2023-11-01T15:29:03","date_gmt":"2023-11-01T14:29:03","guid":{"rendered":"https:\/\/www.rdpemancipation.org\/?p=121724"},"modified":"2023-11-27T16:01:54","modified_gmt":"2023-11-27T15:01:54","slug":"novembre-afrique-subsaharienne-3","status":"publish","type":"post","link":"https:\/\/www.rdpemancipation.org\/?p=121724","title":{"rendered":"Novembre &#8211; Afrique subsaharienne"},"content":{"rendered":"\n<p><mark style=\"background-color:rgba(0, 0, 0, 0);color:#ee0505\" class=\"has-inline-color\"><strong>27 novembre<\/strong><\/mark><\/p>\n\n\n\n<p><a href=\"https:\/\/www.afriquesenlutte.org\/communiques-luttes-et-debats\/livres-etudes-debats\/article\/israel-au-service-des-pouvoirs-africains\">Isra\u00ebl au service des pouvoirs africains<\/a> (Afriques en lutte)<\/p>\n\n\n\n<p><a href=\"https:\/\/afriquexxi.us20.list-manage.com\/track\/click?u=f9f8627cbcbbdcb07c28f3cdf&amp;id=96c0fbd771&amp;e=58ff83d693\" target=\"_blank\" rel=\"noreferrer noopener\">Pourquoi il faut r\u00e9former le droit des r\u00e9fugi\u00e9s en Afrique<\/a> (Afrique XXI)<\/p>\n\n\n\n<p><a href=\"https:\/\/www.contretemps.eu\/decolonisons-nous-un-extrait-du-livre-de-frank-lao\/\">D\u00e9colonisons-nous ! Un extrait du livre de Frank Lao<\/a> (Contretemps)<\/p>\n\n\n\n<p><a href=\"https:\/\/www.cadtm.org\/Imperialisme-francais-au-Sahel-comment-faire-du-neuf-avec-du-vieux\" target=\"_blank\" rel=\"noreferrer noopener\">Imp\u00e9rialisme fran\u00e7ais au Sahel, comment faire du neuf avec du vieux ?<\/a>&nbsp;(CADTM)<\/p>\n\n\n\n<p><a href=\"https:\/\/www.lemonde.fr\/afrique\/article\/2023\/11\/22\/la-politique-africaine-d-emmanuel-macron-dans-le-viseur-des-deputes_6201760_3212.html\">La politique africaine d\u2019Emmanuel Macron dans le viseur des d\u00e9put\u00e9s<\/a><a> <\/a>(Le Monde)<\/p>\n\n\n\n<p><a href=\"https:\/\/www.cadtm.org\/Transition-politique-au-Niger-et-au-Sahel-vers-la-fin-de-la-Francafrique-quel\" target=\"_blank\" rel=\"noreferrer noopener\">Transition politique au Niger et au Sahel, vers la fin de la Fran\u00e7afrique<\/a>&nbsp;(CADTM)<\/p>\n\n\n\n<p><a href=\"https:\/\/theconversation.com\/le-recul-de-la-france-en-afrique-une-perte-de-credibilite-mondiale-217735?utm_medium=email&amp;utm_campaign=La%20lettre%20de%20The%20Conversation%20France%20du%2016%20novembre%202023%20-%202796328297&amp;utm_content=La%20lettre%20de%20The%20Conversation%20France%20du%2016%20novembre%202023%20-%202796328297+CID_94e797407dea94822e5108976cc57c48&amp;utm_source=campaign_monitor_fr&amp;utm_term=Le%20recul%20de%20la%20France%20en%20Afrique%20%20une%20perte%20de%20crdibilit%20mondiale\">Le recul de la France en Afrique : une perte de cr\u00e9dibilit\u00e9 mondiale<\/a>&nbsp;(The Conversation)<\/p>\n\n\n\n<p><a href=\"https:\/\/www.cadtm.org\/Aminata-Traore-oser-une-autre-Afrique\" target=\"_blank\" rel=\"noreferrer noopener\">Aminata Traor\u00e9 : oser une autre Afrique<\/a>&nbsp;(CADTM)<\/p>\n\n\n\n<p><strong>Pays<\/strong><\/p>\n\n\n\n<p><a href=\"https:\/\/www.lemonde.fr\/afrique\/article\/2023\/11\/15\/le-burkina-faso-resserre-son-alliance-avec-la-russie_6200216_3212.html\" target=\"_blank\" rel=\"noreferrer noopener\">Le <strong>Burkina Faso<\/strong> resserre son alliance avec la Russie<\/a>&nbsp;(Le Monde)<\/p>\n\n\n\n<p><a href=\"https:\/\/www.cadtm.org\/Le-CADTM-soutient-les-camarades-arbitrairement-requisitionnes-au-Burkina-Faso\" target=\"_blank\" rel=\"noreferrer noopener\">Le CADTM soutient les camarades arbitrairement r\u00e9quisitionn\u00e9s au Burkina Faso<\/a>&nbsp;(CADTM)<\/p>\n\n\n\n<p><a href=\"https:\/\/www.boursorama.com\/videos\/actualites\/cameroun-a-bamenyam-des-villageois-tues-par-des-rebelles-anglophones-selon-les-autorites-8d68c883548da4d55b5c3600f7fdfc15\"><strong>Cameroun<\/strong> : \u00e0 Bamenyam, des villageois tu\u00e9s par des rebelles anglophones, selon les autorit\u00e9s<\/a> (France 24)<\/p>\n\n\n\n<p><a href=\"https:\/\/afriquexxi.info\/Cocotte-Minute\" target=\"_blank\" rel=\"noreferrer noopener\"><strong>Congo<\/strong>&nbsp;: cocotte-Minute<\/a>&nbsp;(Afrique XXI)<\/p>\n\n\n\n<p><a href=\"https:\/\/www.fidh.org\/fr\/regions\/afrique\/cote-d-ivoire\/protection-des-victimes-de-violences-sexuelles-en-cote-d-ivoire\" target=\"_blank\" rel=\"noreferrer noopener\"><strong>C\u00f4te d\u2019Ivoire<\/strong>&nbsp;: protection des victimes de violences sexuelles : avanc\u00e9es et lacunes<\/a>&nbsp;(FIDH)<\/p>\n\n\n\n<p><a href=\"https:\/\/mondafrique.com\/politique\/cote-divoire-guillaume-soro-recu-par-les-ennemis-douattara\/\">Du Niger au Burkina, Guillaume Soro re\u00e7u par les ennemis d\u2019Ouattara<\/a> (Mondafrique)<\/p>\n\n\n\n<p><a href=\"https:\/\/www.msn.com\/fr-fr\/actualite\/monde\/gabon-des-pr%C3%A9avis-de-gr%C3%A8ve-d%C3%A9pos%C3%A9s-aupr%C3%A8s-de-plusieurs-compagnies-du-secteur-p%C3%A9trolier\/ar-AA1kzuYv\"><strong>Gabon <\/strong>: des pr\u00e9avis de gr\u00e8ve d\u00e9pos\u00e9s aupr\u00e8s de plusieurs compagnies du secteur p\u00e9trolier<\/a>&nbsp;(RFI)<\/p>\n\n\n\n<p><a href=\"https:\/\/www.boursorama.com\/videos\/actualites\/gabon-trois-mois-appres-le-coup-d-etat-ou-en-est-la-transition-4d28c83ca940fe0b4ee85cc2ab02cb9c\">Gabon : trois mois appr\u00e8s le coup d&rsquo;Etat, o\u00f9 en est la transition ?<\/a> (France 24)<\/p>\n\n\n\n<p><a href=\"https:\/\/www.lemonde.fr\/m-le-mag\/article\/2023\/11\/19\/de-karl-lagerfeld-a-la-famille-bongo-les-hotes-si-particuliers-de-l-hotel-pozzo-di-borgo_6201062_4500055.html\">De Karl Lagerfeld \u00e0 la famille Bongo, les h\u00f4tes si&nbsp;particuliers de l\u2019h\u00f4tel Pozzo di Borgo<\/a> (Le Monde)<\/p>\n\n\n\n<p><a href=\"https:\/\/mondafrique.com\/a-la-une\/madagascar-la-mascarade-de-lelection-presidentielle\/\"><strong>Madagascar<\/strong>&nbsp;: la mascarade de l\u2019\u00e9lection pr\u00e9sidentielle<\/a> (Mondafrique)<\/p>\n\n\n\n<p><a href=\"https:\/\/mondafrique.com\/limage-du-jour\/le-pepuple-malgache-grad-perdant-de-la-presidentielle\/\">Le peuple malgache, grand perdant de la Pr\u00e9sidentielle<\/a> (Mondafrique)<\/p>\n\n\n\n<p><a href=\"https:\/\/mondafrique.com\/a-la-une\/emmanuel-macron-gere-mais-de-loin-la-crise-electorale-malgache\/\">Emmanuel Macron g\u00e8re, de loin, la crise malgache<\/a> (Mondafrique)<\/p>\n\n\n\n<p><a href=\"https:\/\/link.newsletter.franceculture.fr\/m\/ml\/7429\/838071\/-OtAcNq0v-9aqQb6b3Kpvm9C5lXTLJmivm821gAfcU8=\/40aPU67-3cDoh4tZwmJ73URPgxXtq3T5yabqauGuKfo=\/\" target=\"_blank\" rel=\"noreferrer noopener\">Madagascar&nbsp;: pendant l&rsquo;\u00e9lection pr\u00e9sidentielle, la population lutte contre la mis\u00e8re<\/a> (France Culture)<\/p>\n\n\n\n<p><a href=\"https:\/\/mondafrique.com\/confidentiels\/le-drapeau-noir-du-groupe-wagner-a-kidal\/\"><strong>Mali\u00a0<\/strong>: le drapeau noir du groupe Wagner flotte \u00e0 Kidal<\/a> (Mondafrique)<\/p>\n\n\n\n<p><a href=\"https:\/\/www.rfi.fr\/fr\/afrique\/20231126-mali-lib%C3%A9ration-du-pr%C3%AAtre-allemand-hans-joachim-lohre-enlev%C3%A9-il-y-a-un-an-%C3%A0-bamako\">Lib\u00e9ration du pr\u00eatre allemand Hans Joachim Lohre enlev\u00e9 il y a un an \u00e0 Bamako<\/a> (RFI)<\/p>\n\n\n\n<p><a href=\"https:\/\/www.boursorama.com\/videos\/actualites\/sanctions-de-la-cedeao-au-niger-les-liquidites-manquent-les-entreprises-sont-en-difficulte-92a1e049d4f7258c3872705a6c0fe692\"><strong>Niger <\/strong>: les liquidit\u00e9s manquent, les entreprises sont en difficult\u00e9<\/a> (France 24)<\/p>\n\n\n\n<p><a href=\"https:\/\/www.boursorama.com\/videos\/actualites\/en-rd-congo-six-candidats-a-la-presidentielle-deposent-plainte-6fc3fef046d3ce796a7c88bdd14af96d\"><strong>RDC<\/strong>, six candidats \u00e0 la pr\u00e9sidentielle d\u00e9posent plainte<\/a> (France 24)<\/p>\n\n\n\n<p><a href=\"https:\/\/www.equaltimes.org\/crise-des-deplaces-en-rd-congo-l\" target=\"_blank\" rel=\"noreferrer noopener\">D\u00e9plac\u00e9s en RDC : nouvelles formes de solidarit\u00e9 en r\u00e9ponse \u00e0 un \u00c9tat tr\u00e8s souvent absent<\/a>&nbsp;(Equal Times)<\/p>\n\n\n\n<p><a href=\"https:\/\/fr.africanews.com\/2023\/11\/27\/transition-au-tchad-debut-de-campagne-pour-un-referendum-constitutionnel\/\"><strong>Tchad<\/strong> : d\u00e9but de campagne pour un r\u00e9f\u00e9rendum constitutionnel<\/a> (Africanews)<\/p>\n\n\n\n<p><a href=\"https:\/\/fr.africanews.com\/2023\/11\/24\/tchad-amnistie-generale-des-manifestants-doctobre-2022\/\">Tchad : amnistie g\u00e9n\u00e9rale des manifestants d&rsquo;octobre 2022<\/a> (Africanews)<\/p>\n\n\n\n<p><a href=\"https:\/\/www.cadtm.org\/Tchad-Macron-aux-cotes-de-la-dictature-tchadienne\" target=\"_blank\" rel=\"noreferrer noopener\">Macron aux c\u00f4t\u00e9s de la dictature tchadienne<\/a>&nbsp;(CADTM)<\/p>\n\n\n\n<p><a href=\"https:\/\/www.boursorama.com\/videos\/actualites\/togo-ferdinand-ayite-laureat-du-prix-international-de-la-liberte-de-la-presse-2023-993920a74387b154e513235e911380e8\"><strong>Togo<\/strong> : Ferdinand Ayit\u00e9, laur\u00e9at du Prix international de la libert\u00e9 de la presse 2023<\/a> (France 24)<\/p>\n\n\n\n<p><mark style=\"background-color:rgba(0, 0, 0, 0);color:#ee0505\" class=\"has-inline-color\"><strong>19 novembre<\/strong><\/mark><\/p>\n\n\n\n<p><a href=\"https:\/\/www.lemonde.fr\/afrique\/article\/2023\/11\/17\/les-armees-suspendues-aux-arbitrages-de-l-elysee-pour-l-avenir-de-leurs-bases-en-afrique_6200773_3212.html\">Les arm\u00e9es suspendues aux arbitrages de l\u2019Elys\u00e9e pour l\u2019avenir de leurs bases en Afrique<\/a> (Le Monde)<\/p>\n\n\n\n<p><strong>Pays<\/strong><\/p>\n\n\n\n<p><a href=\"https:\/\/www.afriquesenlutte.org\/afrique-de-l-ouest\/burkina-faso\/article\/burkina-faso-la-loi-d-urgence-cible-les-dissidents\"><strong>Burkina Faso<\/strong>&nbsp;: La loi d\u2019urgence cible les dissidents<\/a> (Afriques en lutte)<\/p>\n\n\n\n<p><a href=\"https:\/\/mondafrique.com\/limage-du-jour\/cote-divoire-des-heurts-entre-etudiants-et-forces-de-lordre\/\"><strong>C\u00f4te d\u2019Ivoire<\/strong>, des heurts entre \u00e9tudiants et forces de l\u2019ordre<\/a> (Mondafrique)<\/p>\n\n\n\n<p><a href=\"https:\/\/fr.africanews.com\/2023\/11\/18\/gabon-le-calendrier-de-la-transition-fait-debat\/\"><strong>Gabon<\/strong> : le calendrier de la transition fait d\u00e9bat<\/a> (Africanews)<\/p>\n\n\n\n<p><a><\/a><a href=\"https:\/\/fr.africanews.com\/2023\/11\/16\/kenya-un-rapport-accablant-sur-le-cout-reel-des-dechets-plastiques\/\"><strong>Kenya<\/strong> : un rapport accablant sur le co\u00fbt r\u00e9el des d\u00e9chets plastiques<\/a> (Africanews)<\/p>\n\n\n\n<p><a href=\"https:\/\/www.lemonde.fr\/afrique\/article\/2023\/11\/18\/liberia-joseph-boakai-dribble-george-weah-et-decroche-la-presidence_6200916_3212.html\"><strong>Liberia<\/strong>&nbsp;: Joseph Boakai dribble George Weah et d\u00e9croche la pr\u00e9sidence<\/a> (Le Monde)<\/p>\n\n\n\n<p><a href=\"https:\/\/mondafrique.com\/a-la-une\/madagascar-lelection-presidentielle-consacre-un-capitalisme-predateur\/\"><strong>Madagascar<\/strong>, la Pr\u00e9sidentielle consacre le r\u00e8gne d\u2019un capitalisme pr\u00e9dateur<\/a> (Mondafrique)<\/p>\n\n\n\n<p><a href=\"https:\/\/fr.africanews.com\/2023\/11\/17\/presidentielle-a-madagascar-forte-abstention-lopposition-satisfaite\/\">Pr\u00e9sidentielle \u00e0 Madagascar : forte abstention, l&rsquo;opposition satisfaite<\/a> (Africanews)<\/p>\n\n\n\n<p><a href=\"https:\/\/fr.africanews.com\/2023\/11\/19\/mali-lonu-a-quitte-sa-base-dansongo-remise-aux-autorites-maliennes\/\"><strong>Mali<\/strong> : l&rsquo;ONU a quitt\u00e9 sa base d&rsquo;Ansongo, remise aux autorit\u00e9s maliennes<\/a><a> <\/a>(Africanews)<\/p>\n\n\n\n<p><a href=\"https:\/\/mondafrique.com\/international\/presidentielle-rdc-les-mauvais-genies-de-felix-tshisekedi\/\">Pr\u00e9sidentielle <strong>RDC<\/strong>&nbsp;: les mauvais g\u00e9nies de F\u00e9lix Tshisekedi<\/a> (Mondafrique)<\/p>\n\n\n\n<p><a href=\"https:\/\/www.mediapart.fr\/journal\/fil-dactualites\/171123\/presidentielle-au-senegal-la-cour-supreme-casse-un-jugement-qui-remettait-l-opposant-sonko-dans-l\"><strong>S\u00e9n\u00e9gal <\/strong>: la Cour supr\u00eame casse un jugement qui remettait l\u2019opposant Sonko dans la course<\/a> (AFP)<\/p>\n\n\n\n<p><a href=\"https:\/\/afriquexxi.us20.list-manage.com\/track\/click?u=f9f8627cbcbbdcb07c28f3cdf&amp;id=c88484d2c8&amp;e=58ff83d693\" target=\"_blank\" rel=\"noreferrer noopener\"><strong>Thiaroye 44, un massacre colonial<\/strong><\/a> (France Inter, Affaires sensibles)<\/p>\n\n\n\n<figure class=\"wp-block-image size-full is-resized\"><img data-recalc-dims=\"1\" loading=\"lazy\" decoding=\"async\" width=\"875\" height=\"492\" src=\"https:\/\/i0.wp.com\/www.rdpemancipation.org\/wp-content\/uploads\/2023\/11\/image-11.png?resize=875%2C492&#038;ssl=1\" alt=\"\" class=\"wp-image-122450\" style=\"aspect-ratio:1.7784552845528456;width:467px;height:auto\" srcset=\"https:\/\/i0.wp.com\/www.rdpemancipation.org\/wp-content\/uploads\/2023\/11\/image-11.png?w=875&amp;ssl=1 875w, https:\/\/i0.wp.com\/www.rdpemancipation.org\/wp-content\/uploads\/2023\/11\/image-11.png?resize=300%2C169&amp;ssl=1 300w, https:\/\/i0.wp.com\/www.rdpemancipation.org\/wp-content\/uploads\/2023\/11\/image-11.png?resize=768%2C432&amp;ssl=1 768w\" sizes=\"auto, (max-width: 875px) 100vw, 875px\" \/><figcaption class=\"wp-element-caption\"><sup>Avril 1946, des Tirailleurs s\u00e9n\u00e9galais attendent leur d\u00e9part pour Dakar \u00e0 bord du SS Pasteur dans le port de Marseille. \u00a9AFP &#8211; afp<\/sup><\/figcaption><\/figure>\n\n\n\n<p><a href=\"https:\/\/lanticapitaliste.org\/actualite\/international\/soudan-le-jeu-criminel-des-generaux\"><strong>Soudan<\/strong> : le jeu criminel des g\u00e9n\u00e9raux<\/a> (L\u2019Anticapitaliste)<\/p>\n\n\n\n<p><a href=\"https:\/\/fr.africanews.com\/2023\/11\/16\/togo-2-journalistes-emprisonnes-pour-diffamation-envers-un-ministre\/\"><strong>Togo <\/strong>: 2 journalistes emprisonn\u00e9s pour \u00ab\u00a0diffamation\u00a0\u00bb envers un ministre<\/a> (Africanews)<\/p>\n\n\n\n<p><mark style=\"background-color:rgba(0, 0, 0, 0);color:#ee0505\" class=\"has-inline-color\"><strong>16 novembre<\/strong><\/mark><\/p>\n\n\n\n<p><a href=\"https:\/\/api.indigo-net.com\/email\/RedirectionEmailing?mail=n.chevillard@noos.fr&amp;ID=566700&amp;DOCIID=109703480&amp;ENAIID=840694&amp;RETOUR=SIMPLE&amp;link=https:\/\/www.africaintelligence.fr\/afrique-ouest\/2023\/11\/14\/bases-militaires-francaises--les-plans-contraries-d-emmanuel-macron,110087363-art?cxt=PUB&amp;utm_source=AIF&amp;utm_medium=email&amp;utm_campaign=AUTO_EDIT_SOM_PROS\" target=\"_blank\" rel=\"noreferrer noopener\">Bases militaires fran\u00e7aises : les plans contrari\u00e9s d&rsquo;Emmanuel Macron<\/a> (Africa Intelligence)<\/p>\n\n\n\n<p><a href=\"https:\/\/www.socialter.fr\/article\/changement-climatique-deforestation-production-cacao\" target=\"_blank\" rel=\"noreferrer noopener\">D\u00e9forestation et pauvret\u00e9 : l&rsquo;envers du cacao<\/a>&nbsp;(Socialter)<\/p>\n\n\n\n<p><a href=\"https:\/\/www.lemediatv.fr\/emissions\/2023\/dette-comment-loccident-empeche-lafrique-de-se-developper-qeFc7Iv3R7qXi3t1nT5qSw\" target=\"_blank\" rel=\"noreferrer noopener\">Dette : Comment l&rsquo;occident emp\u00eache l&rsquo;Afrique de se d\u00e9velopper<\/a> (Le M\u00e9dia)<\/p>\n\n\n\n<p><strong>Pays<\/strong><\/p>\n\n\n\n<p><a href=\"https:\/\/www.equaltimes.org\/les-hopitaux-publics-camerounais\" target=\"_blank\" rel=\"noreferrer noopener\"><strong>Cameroun<\/strong>&nbsp;: les h\u00f4pitaux publics face au mal-\u00eatre des personnels de sant\u00e9 vacataires et au manque de m\u00e9decins<\/a>&nbsp;(Equal Times)<\/p>\n\n\n\n<p><a href=\"https:\/\/www.ritimo.org\/Le-Lesotho-peut-il-inspirer-d-autres-pays-en-matiere-de-lutte-contre-la\" target=\"_blank\" rel=\"noreferrer noopener\">Le <strong>Lesotho<\/strong> peut-il inspirer d&rsquo;autres pays en mati\u00e8re de lutte contre la violence et le harc\u00e8lement sexiste dans les usines textile ?<\/a>&nbsp; (ritimo)<\/p>\n\n\n\n<p><a href=\"https:\/\/www.mediapart.fr\/journal\/international\/161123\/madagascar-dix-candidats-la-presidentielle-sur-treize-boycottent-le-scrutin\" target=\"_blank\" rel=\"noreferrer noopener\">\u00c0 <strong>Madagascar<\/strong>, dix candidats \u00e0 la pr\u00e9sidentielle sur treize boycottent le scrutin<\/a>&nbsp;(M\u00e9diapart)<\/p>\n\n\n\n<p><a href=\"https:\/\/www.humanite.fr\/monde\/azawad\/mali-kidal-une-victoire-en-trompe-loeil-pour-le-regime-de-transition\" target=\"_blank\" rel=\"noreferrer noopener\"><strong>Mali <\/strong>: Kidal, une victoire en trompe-l\u2019\u0153il pour le r\u00e9gime de transition<\/a>&nbsp;(L\u2019Humanit\u00e9)<\/p>\n\n\n\n<p><a href=\"https:\/\/afriquexxi.info\/Dans-le-nord-est-du-Mali-l-Etat-islamique-en-voie-de-normalisation\" target=\"_blank\" rel=\"noreferrer noopener\">Dans le nord-est du Mali, l&rsquo;\u00c9tat islamique en voie de \u00ab normalisation \u00bb ?<\/a>&nbsp;(Afrique XXI)<\/p>\n\n\n\n<p><a href=\"https:\/\/www.humanite.fr\/monde\/congo\/congo-le-proces-de-roger-lumbala-un-premier-pas-vers-la-fin-de-limpunite\" target=\"_blank\" rel=\"noreferrer noopener\"><strong>RDC<\/strong> : le proc\u00e8s de Roger Lumbala, un premier pas vers la fin de l\u2019impunit\u00e9<\/a> (L\u2019Humanit\u00e9)<\/p>\n\n\n\n<p><a href=\"https:\/\/afriquexxi.info\/La-France-nous-a-abandonnes-les-bourreaux-nous-ont-executes\" target=\"_blank\" rel=\"noreferrer noopener\"><strong>Rwanda<\/strong> : \u00ab La France nous a abandonn\u00e9s, les bourreaux nous ont ex\u00e9cut\u00e9s \u00bb<\/a> (Afrique XXI)<\/p>\n\n\n\n<p><a href=\"https:\/\/www.lemonde.fr\/economie\/article\/2023\/11\/14\/des-dizaines-de-banques-europeennes-soupconnees-d-avoir-une-influence-sur-les-tensions-au-soudan-du-sud_6199980_3234.html\">Des dizaines de banques europ\u00e9ennes soup\u00e7onn\u00e9es d\u2019avoir une influence sur les tensions au <strong>Soudan du Sud<\/strong><\/a>&nbsp;(Le Monde)<\/p>\n\n\n\n<p><mark style=\"background-color:rgba(0, 0, 0, 0);color:#ee0505\" class=\"has-inline-color\"><strong>12 novembre<\/strong><\/mark><\/p>\n\n\n\n<p><a href=\"https:\/\/www.equaltimes.org\/eliya-zulu-demographe-malawien-la\" target=\"_blank\" rel=\"noreferrer noopener\">\u00ab La population jeune d&rsquo;Afrique pourrait \u00eatre le moteur de la transformation socio-\u00e9conomique du continent \u00bb<\/a>&nbsp; (Equal Times)<\/p>\n\n\n\n<p><a href=\"https:\/\/www.boursorama.com\/videos\/actualites\/sahel-le-desert-de-l-information-90cba65131376fa60471651f4a4da621\">Sahel : le d\u00e9sert de l\u2019information<\/a> (France 24)<\/p>\n\n\n\n<p><a href=\"https:\/\/www.lemonde.fr\/afrique\/article\/2023\/11\/02\/en-afrique-de-l-ouest-la-france-desavouee-par-les-opinions-publiques_6197820_3212.html\">En Afrique de l\u2019Ouest, la France d\u00e9savou\u00e9e par les opinions publiques<\/a> (Le Monde)<\/p>\n\n\n\n<p><strong>Pays<\/strong><\/p>\n\n\n\n<p><a href=\"https:\/\/www.boursorama.com\/actualite-economique\/actualites\/burkina-faso-l-enrolement-force-d-opposants-indigne-la-societe-civile-4058d966655f3ba6f1b9068a51dd1040\"><strong>Burkina Faso<\/strong>&nbsp;: L&rsquo;enr\u00f4lement forc\u00e9 d&rsquo;opposants indigne la soci\u00e9t\u00e9 civile<\/a> (Reuters)<\/p>\n\n\n\n<p><a href=\"https:\/\/mondafrique.com\/decryptage\/ces-deux-millions-de-civils-deplaces-au-burkina\/\">Ces deux millions de civils d\u00e9plac\u00e9s au Burkina!<\/a> (Mondafrique)<\/p>\n\n\n\n<p><a href=\"https:\/\/www.sciencespo.fr\/ceri\/fr\/content\/centrafrique-la-fabrique-d-un-autoritarisme.html\"><strong>Centrafrique&nbsp;<\/strong>: la fabrique d\u2019un autoritarisme<\/a> (CERI, Sciences po)<\/p>\n\n\n\n<p><a href=\"https:\/\/afriquexxi.us20.list-manage.com\/track\/click?u=f9f8627cbcbbdcb07c28f3cdf&amp;id=1728cfb2e0&amp;e=58ff83d693\" target=\"_blank\" rel=\"noreferrer noopener\"><strong>\u00c9thiopie<\/strong>. Un g\u00e9nocide a-t-il \u00e9t\u00e9 commis au Tigray&nbsp;?<\/a> (Afrique XXI)<\/p>\n\n\n\n<p><a href=\"https:\/\/api.indigo-net.com\/email\/RedirectionEmailing?mail=n.chevillard@noos.fr&amp;ID=565083&amp;DOCIID=109703480&amp;ENAIID=839088&amp;RETOUR=SIMPLE&amp;link=https:\/\/www.africaintelligence.fr\/afrique-centrale\/2023\/11\/07\/la-junte-sur-la-trace-des-actifs-londoniens-de-noureddin-bongo,110085214-art?cxt=PUB&amp;utm_source=AIF&amp;utm_medium=email&amp;utm_campaign=AUTO_EDIT_SOM_PROS\" target=\"_blank\" rel=\"noreferrer noopener\"><strong>Gabon<\/strong> &#8211; La junte sur la trace des actifs londoniens de Noureddin Bongo<\/a> (Africa Intelligence)<\/p>\n\n\n\n<p><a href=\"https:\/\/gabonactu.com\/depot-imminent-dun-preavis-de-greve-a-addax\/\">Gabon&nbsp;: D\u00e9p\u00f4t imminent d\u2019un pr\u00e9avis de gr\u00e8ve \u00e0 Addax<\/a>&nbsp;(Gabon actu)<\/p>\n\n\n\n<p><a href=\"https:\/\/gabonactu.com\/les-employes-de-clean-africa-en-greve-generale-pour-protester-contre-des-salaires-minables\/\">Gabon&nbsp;: Les employ\u00e9s de Clean Africa en gr\u00e8ve g\u00e9n\u00e9rale contre des salaires minables de<\/a>&nbsp;(Gabon actu)<\/p>\n\n\n\n<p><a href=\"https:\/\/www.afriquesenlutte.org\/afrique-de-l-ouest\/guinee\/article\/evasion-en-guinee-doute-sur-la-securite-du-proces-du-28-septembre\"><strong>Guin\u00e9e<\/strong>&nbsp;: doute sur la s\u00e9curit\u00e9 du proc\u00e8s du 28 septembre<\/a> (FIDH via Afrique en Luttes)<\/p>\n\n\n\n<p><a href=\"https:\/\/www.mediapart.fr\/journal\/fil-dactualites\/041123\/guinee-l-ex-dictateur-dadis-camara-repris-de-retour-en-prison-armee-avocat\">Guin\u00e9e : l\u2019ex-dictateur Dadis Camara, repris, de retour en prison<\/a> (AFP)<\/p>\n\n\n\n<p><a href=\"https:\/\/afriquexxi.info\/La-democratie-un-long-combat-guineen\" target=\"_blank\" rel=\"noreferrer noopener\">Guin\u00e9e&nbsp;: la d\u00e9mocratie, un long combat guin\u00e9en<\/a> (Afrique XXI)<\/p>\n\n\n\n<p><a href=\"https:\/\/guineenews.org\/vers-une-greve-generale-des-travailleurs-en-guinee-abdoulaye-sow-de-lustg-alerte\/\">Vers une gr\u00e8ve g\u00e9n\u00e9rale des travailleurs en&nbsp;Guin\u00e9e&nbsp;? : Abdoulaye Sow de l\u2019USTG alerte<\/a>&nbsp;(Guin\u00e9e News)<\/p>\n\n\n\n<p><a href=\"https:\/\/www.rfi.fr\/fr\/afrique\/20231112-pr%C3%A9sidentielle-%C3%A0-madagascar-un-bras-de-fer-politique-s-annonce\"><strong>Madagascar<\/strong> : un bras de fer politique s\u2019annonce<\/a> (RFI)<\/p>\n\n\n\n<p><a href=\"https:\/\/www.rfi.fr\/fr\/afrique\/20231112-mali-les-combats-se-poursuivent-entre-l-arm%C3%A9e-et-la-coalition-csp-psd-pour-le-contr%C3%B4le-de-kidal\"><strong>Mali <\/strong>: les combats se poursuivent pour le contr\u00f4le de Kidal<\/a> (RFI)<\/p>\n\n\n\n<p><a href=\"https:\/\/mondafrique.com\/decryptage\/la-situation-securitaire-se-degrade-au-mali\/\">La situation s\u00e9curitaire se d\u00e9grade au Mali<\/a> (Mondafrique)<\/p>\n\n\n\n<p><a href=\"https:\/\/www.connaissancedesenergies.org\/afp\/niger-mise-en-service-dun-oleoduc-geant-vers-le-benin-231101\"><strong>Niger<\/strong> : mise en service d&rsquo;un ol\u00e9oduc g\u00e9ant vers le B\u00e9nin<\/a> (AFP)<\/p>\n\n\n\n<p><a href=\"https:\/\/www.rfi.fr\/fr\/afrique\/20231112-s%C3%A9n%C3%A9gal-une-nouvelle-coalition-de-l-opposition-voit-le-jour\"><strong>S\u00e9n\u00e9gal<\/strong> : une nouvelle coalition de l&rsquo;opposition voit le jour<\/a> (RFI)<\/p>\n\n\n\n<p><a href=\"https:\/\/afriquexxi.info\/Senegal-Qui-a-brule-le-cadavre-de-C-F\" target=\"_blank\" rel=\"noreferrer noopener\">S\u00e9n\u00e9gal. Qui a br\u00fbl\u00e9 le cadavre de C.F. ?<\/a>&nbsp;<a> (Afrique XXI)<\/a><\/p>\n\n\n\n<p><a href=\"https:\/\/teranganews.sn\/2023\/11\/ziguinchor-greve-mouvementee-a-luasz-les-etudiants-reclament-la-liberation-immediate-et-sans-conditions-des-leurs\/\">Ziguinchor : Les \u00e9tudiants r\u00e9clament \u00ab la lib\u00e9ration imm\u00e9diate et sans conditions \u00bb des leurs<\/a>&nbsp;(Teranga news)<\/p>\n\n\n\n<p><a href=\"https:\/\/www.boursorama.com\/videos\/actualites\/aliou-dia-candidat-du-pur-opposition-les-senegalais-reclament-un-homme-nouveau-cbee3bd496f95f14024c3e1863a73871\">Aliou Dia candidat du PUR : \u00ab\u00a0Les S\u00e9n\u00e9galais r\u00e9clament un homme nouveau\u00a0\u00bb<\/a> (France 24)<\/p>\n\n\n\n<p><a href=\"https:\/\/senego.com\/cbao-une-nouvelle-greve-de-48-decretee-par-les-travailleurs_1618536.html\">S\u00e9n\u00e9gal&nbsp;: Cbao: Une nouvelle gr\u00e8ve de 48 d\u00e9cr\u00e9t\u00e9e par les travailleurs<\/a>&nbsp;(Senego)<\/p>\n\n\n\n<p><a href=\"https:\/\/www.senenews.com\/enseignement-superieur\/ucad-les-professeurs-lancent-une-greve-et-rejoignent-les-etudiants_464890.html\">S\u00e9n\u00e9gal&nbsp;: UCAD : Les professeurs lancent une gr\u00e8ve et rejoignent les \u00e9tudiants<\/a>&nbsp;(Senenews)<\/p>\n\n\n\n<p><a href=\"https:\/\/lanticapitaliste.org\/actualite\/international\/tchad-macron-aux-cotes-de-la-dictature-tchadienne\"><strong>Tchad <\/strong>: Macron aux c\u00f4t\u00e9s de la dictature tchadienne<\/a> (L\u2019Anticapitaliste)<\/p>\n\n\n\n<p><a href=\"https:\/\/www.alwihdainfo.com\/Tchad-le-Syndicat-des-enseignants-lance-une-greve-de-sept-jours_a127570.html\">&nbsp;Tchad&nbsp;: le Syndicat des enseignants lance une gr\u00e8ve de sept jours<\/a>&nbsp;(Alwidha)<\/p>\n\n\n\n<p><mark style=\"background-color:rgba(0, 0, 0, 0);color:#ee0505\" class=\"has-inline-color\"><strong>2 novembre<\/strong><\/mark><\/p>\n\n\n\n<p><a href=\"https:\/\/www.oecd-ilibrary.org\/taxation\/revenue-statistics-in-africa_2617653x?mlang=fr\" target=\"_blank\" rel=\"noreferrer noopener\">Edition 2023 des Statistiques des recettes publiques en Afrique<\/a> (OCDE)<\/p>\n\n\n\n<p><strong><a href=\"https:\/\/afriquexxi.info\/Hubert-Vedrine-le-Rwanda-les-idiots-utiles-et-les-ronds-de-serviette\" target=\"_blank\" rel=\"noreferrer noopener\">Hubert V\u00e9drine, le Rwanda, les \u00ab idiots utiles \u00bb et les ronds de serviette<\/a> <\/strong>(Afrique XXI)<\/p>\n\n\n\n<p><a href=\"https:\/\/www.oecd.org\/fr\/dev\/afrique\/dynamiques-developpement\/\" target=\"_blank\" rel=\"noreferrer noopener\">Dynamique du d\u00e9veloppement en Afrique 2023<\/a> (UA et OCDE)<\/p>\n\n\n\n<p><a href=\"https:\/\/afriquexxi.info\/L-industrie-automobile-un-bon-plan-pour-la-Cedeao\" target=\"_blank\" rel=\"noreferrer noopener\">L&rsquo;industrie automobile, un bon plan pour la Cedeao ?<\/a> (Afrique XXI)<\/p>\n\n\n\n<p><a href=\"https:\/\/www.lemediatv.fr\/emissions\/2023\/lafrique-la-france-sen-fout-daniel-schneidermann-pI0CvzAzQzOt6VerdImWrg\" target=\"_blank\" rel=\"noreferrer noopener\">\u00ab\u00a0L&rsquo;Afrique, la France s&rsquo;en fout\u00a0\u00bb | Daniel Schneidermann<\/a> (Le M\u00e9dia)<\/p>\n\n\n\n<p><a href=\"https:\/\/afriquexxi.info\/Dans-l-enfer-des-camps-de-detention-de-Sekou-Toure\" target=\"_blank\" rel=\"noreferrer noopener\">Dans l&rsquo;enfer des camps de d\u00e9tention de S\u00e9kou Tour\u00e9<\/a> (Afrique XXI)<\/p>\n\n\n\n<p><strong>Pays<\/strong><\/p>\n\n\n\n<p><a href=\"https:\/\/www.ritimo.org\/Chronologie-historique-du-Burundi\" target=\"_blank\" rel=\"noreferrer noopener\"><strong>Burundi&nbsp;<\/strong>: chronologie historique<\/a> (Ritimo)<\/p>\n\n\n\n<p><a href=\"https:\/\/api.indigo-net.com\/email\/RedirectionEmailing?mail=n.chevillard@noos.fr&amp;ID=563244&amp;DOCIID=109703480&amp;ENAIID=837255&amp;RETOUR=SIMPLE&amp;link=https:\/\/www.africaintelligence.fr\/afrique-ouest\/2023\/10\/30\/alassane-ouattara-bientot-recu-a-l-elysee-par-emmanuel-macron,110082321-bre?cxt=PUB&amp;utm_source=AIF&amp;utm_medium=email&amp;utm_campaign=AUTO_EDIT_SOM_PROS\" target=\"_blank\" rel=\"noreferrer noopener\"><strong>C\u00f4te d\u2019Ivoire<\/strong>&nbsp;: Alassane Ouattara bient\u00f4t re\u00e7u \u00e0 l&rsquo;\u00c9lys\u00e9e par Emmanuel Macron<\/a> (Africa Intelligence)<\/p>\n\n\n\n<p><a href=\"https:\/\/api.indigo-net.com\/email\/RedirectionEmailing?mail=n.chevillard@noos.fr&amp;ID=562491&amp;DOCIID=109703480&amp;ENAIID=836502&amp;RETOUR=SIMPLE&amp;link=https:\/\/www.africaintelligence.fr\/afrique-centrale\/2023\/08\/30\/coup-d-etat--dans-l-ombre-du-general-oligui-la-guerre-fratricide-du-clan-bongo,110037803-art?utm_source=AIF&amp;utm_medium=email&amp;utm_campaign=PROS_EDIT_FULL_WEB\" target=\"_blank\" rel=\"noreferrer noopener\"><strong>Gabon<\/strong>&nbsp;: coup d&rsquo;Etat : dans l&rsquo;ombre du g\u00e9n\u00e9ral Oligui, la guerre fratricide du clan Bongo<\/a> (Africa Intelligence)<\/p>\n\n\n\n<p><a href=\"https:\/\/afriquexxi.info\/Au-Kenya-les-Johnnies-ne-sont-plus-en-terrain-conquis\" target=\"_blank\" rel=\"noreferrer noopener\">Au <strong>Kenya<\/strong>, les \u00ab Johnnies \u00bb ne sont plus en terrain conquis<\/a> (Afrique XXI)<\/p>\n\n\n\n<p><a href=\"https:\/\/fr.africanews.com\/2023\/10\/31\/mali-a-kidal-la-crainte-de-wagner\/\"><strong>Mali<\/strong> : \u00e0 Kidal, la crainte de Wagner<\/a> (Africanews)<\/p>\n\n\n\n<p><a href=\"https:\/\/fr.africanews.com\/2023\/10\/31\/mali-les-soldats-de-la-minusma-quittent-gao\/\">Mali : les soldats de la Minusma quittent Kidal<\/a> (Africanews)<\/p>\n\n\n\n<p><a href=\"https:\/\/www.hrw.org\/fr\/news\/2023\/10\/26\/niger-les-autorites-mettent-les-droits-en-danger\"><strong>Niger <\/strong>: Les autorit\u00e9s mettent les droits en danger<\/a> (HRW)<\/p>\n\n\n\n<p><a href=\"https:\/\/api.indigo-net.com\/email\/RedirectionEmailing?mail=n.chevillard@noos.fr&amp;ID=563715&amp;DOCIID=109703480&amp;ENAIID=837722&amp;RETOUR=SIMPLE&amp;link=https:\/\/www.africaintelligence.fr\/afrique-ouest\/2023\/11\/01\/dans-les-coulisses-du-retrait-a-haut-risque-de-l-armee-francaise,110082419-eve?cxt=PUB&amp;utm_source=AIF&amp;utm_medium=email&amp;utm_campaign=AUTO_EDIT_SOM_PROS\" target=\"_blank\" rel=\"noreferrer noopener\">Dans les coulisses du retrait \u00e0 haut risque de l&rsquo;arm\u00e9e fran\u00e7aise du Niger<\/a> (Africa Intelligence)<\/p>\n\n\n\n<p><a href=\"https:\/\/www.connaissancedesenergies.org\/afp\/londres-un-tribunal-tranche-en-faveur-du-nigeria-dans-un-litige-gazier-majeur-231023-0\">Nig\u00e9ria&nbsp;: \u00e0 Londres, un tribunal tranche en sa faveur dans un litige gazier majeur<\/a> (AFP)<\/p>\n\n\n\n<p><a href=\"https:\/\/fr.africanews.com\/2023\/11\/02\/rdc-journaliste-en-danger-deplore-les-promesses-non-tenues-de-tshisekedi\/\"><strong>RDC<\/strong> : \u00ab\u00a0Journaliste en danger\u00a0\u00bb d\u00e9plore \u00ab\u00a0les promesses non tenues\u00a0\u00bb de Tshisekedi<\/a> (Africanews)<\/p>\n\n\n\n<p><a href=\"https:\/\/afriquexxi.us20.list-manage.com\/track\/click?u=f9f8627cbcbbdcb07c28f3cdf&amp;id=8819722c84&amp;e=58ff83d693\" target=\"_blank\" rel=\"noreferrer noopener\">RDC&nbsp;: Bienvenu Matumo (Lucha)&nbsp;: \u00ab&nbsp;Il faut faire battre Tshisekedi, qui a \u00e9chou\u00e9&nbsp;\u00bb<\/a> (Afrique XXI)<\/p>\n\n\n\n<p><a href=\"https:\/\/fr.africanews.com\/2023\/11\/01\/tchad-signature-dun-accord-entre-lopposition-et-le-pouvoir\/\"><strong>Tchad <\/strong>: signature d&rsquo;un accord entre l&rsquo;opposition et le pouvoir<\/a> (Africanews)<\/p>\n\n\n\n<p><\/p>\n","protected":false},"excerpt":{"rendered":"<p>27 novembre Isra\u00ebl au service des pouvoirs africains (Afriques en lutte) Pourquoi il faut r\u00e9former le droit des r\u00e9fugi\u00e9s en Afrique (Afrique XXI) D\u00e9colonisons-nous ! Un extrait du livre de Frank Lao (Contretemps) Imp\u00e9rialisme fran\u00e7ais au Sahel, comment faire du neuf avec du vieux ?&nbsp;(CADTM) La politique africaine d\u2019Emmanuel Macron dans le viseur des d\u00e9put\u00e9s &#8230; <a title=\"Novembre &#8211; Afrique subsaharienne\" class=\"read-more\" href=\"https:\/\/www.rdpemancipation.org\/?p=121724\" aria-label=\"En savoir plus sur Novembre &#8211; Afrique subsaharienne\">Lire la suite<\/a><\/p>\n","protected":false},"author":1,"featured_media":0,"comment_status":"closed","ping_status":"closed","sticky":false,"template":"","format":"standard","meta":{"_lmt_disableupdate":"","_lmt_disable":"","_jetpack_memberships_contains_paid_content":false,"footnotes":""},"categories":[19],"tags":[],"class_list":["post-121724","post","type-post","status-publish","format-standard","hentry","category-afrique-subsaharienne"],"modified_by":"nch","jetpack_featured_media_url":"","jetpack_sharing_enabled":true,"_links":{"self":[{"href":"https:\/\/www.rdpemancipation.org\/index.php?rest_route=\/wp\/v2\/posts\/121724","targetHints":{"allow":["GET"]}}],"collection":[{"href":"https:\/\/www.rdpemancipation.org\/index.php?rest_route=\/wp\/v2\/posts"}],"about":[{"href":"https:\/\/www.rdpemancipation.org\/index.php?rest_route=\/wp\/v2\/types\/post"}],"author":[{"embeddable":true,"href":"https:\/\/www.rdpemancipation.org\/index.php?rest_route=\/wp\/v2\/users\/1"}],"replies":[{"embeddable":true,"href":"https:\/\/www.rdpemancipation.org\/index.php?rest_route=%2Fwp%2Fv2%2Fcomments&post=121724"}],"version-history":[{"count":12,"href":"https:\/\/www.rdpemancipation.org\/index.php?rest_route=\/wp\/v2\/posts\/121724\/revisions"}],"predecessor-version":[{"id":122704,"href":"https:\/\/www.rdpemancipation.org\/index.php?rest_route=\/wp\/v2\/posts\/121724\/revisions\/122704"}],"wp:attachment":[{"href":"https:\/\/www.rdpemancipation.org\/index.php?rest_route=%2Fwp%2Fv2%2Fmedia&parent=121724"}],"wp:term":[{"taxonomy":"category","embeddable":true,"href":"https:\/\/www.rdpemancipation.org\/index.php?rest_route=%2Fwp%2Fv2%2Fcategories&post=121724"},{"taxonomy":"post_tag","embeddable":true,"href":"https:\/\/www.rdpemancipation.org\/index.php?rest_route=%2Fwp%2Fv2%2Ftags&post=121724"}],"curies":[{"name":"wp","href":"https:\/\/api.w.org\/{rel}","templated":true}]}}