{"id":121722,"date":"2023-11-01T15:28:37","date_gmt":"2023-11-01T14:28:37","guid":{"rendered":"https:\/\/www.rdpemancipation.org\/?p=121722"},"modified":"2023-11-27T19:49:12","modified_gmt":"2023-11-27T18:49:12","slug":"novembre-proche-moyen-orient-3","status":"publish","type":"post","link":"https:\/\/www.rdpemancipation.org\/?p=121722","title":{"rendered":"Novembre &#8211; Proche &#038; Moyen-Orient"},"content":{"rendered":"\n<p><mark style=\"background-color:rgba(0, 0, 0, 0);color:#ee0505\" class=\"has-inline-color\"><strong>27 novembre<\/strong><\/mark><\/p>\n\n\n\n<p><a href=\"https:\/\/www.liberation.fr\/international\/moyen-orient\/en-direct-guerre-hamas-israel-dernier-jour-de-treve-negociee-le-hamas-assure-chercher-a-prolonger-la-pause-20231127_RCP5WSGEB5HZVJT4YYMHITQEYE\/\">EN DIRECT \u2013 la tr\u00eave entre le Hamas et Isra\u00ebl prolong\u00e9e de deux jours, selon les Etats-Unis<\/a>&nbsp;(Lib\u00e9ration)<\/p>\n\n\n\n<p><strong><a href=\"https:\/\/www.francetvinfo.fr\/monde\/proche-orient\/israel-palestine\/direct-guerre-entre-israel-et-le-hamas-des-discussions-sont-en-cours-pour-prolonger-la-treve-qui-entre-aujourd-hui-dans-sa-derniere-journee_6208758.html\">Le Qatar annonce avoir trouv\u00e9 un accord pour prolonger de 2 jours la tr\u00eave \u00e0 Gaza<\/a>\u00a0<\/strong>(France Info)<\/p>\n\n\n\n<p><a href=\"https:\/\/www.politis.fr\/articles\/2023\/11\/et-pendant-ce-temps-la-en-cisjordanie\/\">Cisjordanie : \u00abDes soldats sont arriv\u00e9s, ont attaqu\u00e9 nos maisons et ont tir\u00e9 au hasard\u00bb<\/a>\u00a0(Politis)<\/p>\n\n\n\n<p><strong><a href=\"https:\/\/orientxxi.info\/lu-vu-entendu\/yallah-gaza-un-documentaire-pour-memoire,6902\">\u00ab\u00a0Yallah Gaza\u00a0\u00bb, un documentaire pour m\u00e9moire<\/a>\u00a0<\/strong>(Orient XXI)<\/p>\n\n\n\n<p><mark style=\"background-color:rgba(0, 0, 0, 0);color:#ee0505\" class=\"has-inline-color\"><strong>26 novembre<\/strong><\/mark><\/p>\n\n\n\n<p><a href=\"https:\/\/www.francetvinfo.fr\/monde\/proche-orient\/israel-palestine\/guerre-entre-israel-et-le-hamas-un-nouvel-echange-d-otages-et-de-prisonniers-est-prevu-au-troisieme-jour-de-la-treve_6207249.html\">Gaza : un nouveau groupe de 17 otages, dont 14 Isra\u00e9liens, remis \u00e0 la Croix-Rouge, annonce l\u2019arm\u00e9e isra\u00e9lienne<\/a>&nbsp;(France Info)<\/p>\n\n\n\n<p><a href=\"https:\/\/www.rfi.fr\/fr\/moyen-orient\/20231126-en-direct-guerre-isra%C3%ABl-hamas-un-3e-jour-de-fragile-tr%C3%AAve-d%C3%A9bute\">Tr\u00eave \u00e0 Gaza: Isra\u00ebl lib\u00e8re 39 prisonniers palestiniens<\/a>&nbsp;(RFI)<\/p>\n\n\n\n<p><a href=\"https:\/\/www.boursorama.com\/actualite-economique\/actualites\/biden-annonce-la-liberation-d-une-americaine-de-4-ans-par-le-hamas-14ff393e9dff37f0b278a8c5f272ed0f\">Biden annonce la lib\u00e9ration d\u2019une Am\u00e9ricaine de 4 ans par le Hamas<\/a>&nbsp;(Reuters)<\/p>\n\n\n\n<p><strong><a href=\"https:\/\/www.rfi.fr\/fr\/moyen-orient\/20231125-guerre-isra%C3%ABl-hamas-isra%C3%ABl-convoque-les-ambassadeurs-de-belgique-et-de-l-espagne\">Isra\u00ebl convoque les ambassadeurs de Belgique et de l\u2019Espagne<\/a>&nbsp;<\/strong>(RFI)<\/p>\n\n\n\n<p><strong><a href=\"https:\/\/alencontre.org\/moyenorient\/palestine\/questions-a-poser-a-propos-de-la-liberation-de-palestiniens-en-echange-de-celle-dotages-detenus-par-le-hamas.html\">Questions \u00e0 poser \u00e0 propos de la lib\u00e9ration de Palestiniens en \u2018\u00e9change\u2019 de celle d\u2019otages d\u00e9tenus par le Hamas<\/a>&nbsp;<\/strong>(A l\u2019encontre)<\/p>\n\n\n\n<p><a href=\"https:\/\/www.contretemps.eu\/violence-genocidaire-destruction-palestine\/\">En Palestine, destruction physique totale ou partielle<\/a>&nbsp;(Contretemps)<\/p>\n\n\n\n<p><a href=\"https:\/\/theconversation.com\/israel-palestine-un-affrontement-apocalyptique-entre-deux-memoires-traumatisees-217721\">Isra\u00ebl-Palestine&nbsp;: un affrontement \u00ab&nbsp;apocalyptique&nbsp;\u00bb entre deux m\u00e9moires traumatis\u00e9es<\/a>&nbsp;(The Conversation)<\/p>\n\n\n\n<p><mark style=\"background-color:rgba(0, 0, 0, 0);color:#ee0505\" class=\"has-inline-color\"><strong>25 novembre<\/strong><\/mark><\/p>\n\n\n\n<p><a href=\"https:\/\/www.boursorama.com\/actualite-economique\/actualites\/le-hamas-reporte-la-liberation-d-otages-jusqu-a-l-entree-d-aide-humanitaire-au-nord-de-gaza-2d33a8eaa1a5a5433844b75d5bdcb1ac\">Le Hamas reporte la lib\u00e9ration d\u2019otages jusqu\u2019\u00e0 l\u2019entr\u00e9e d\u2019aide humanitaire au nord de Gaza<\/a>&nbsp;(Reuters)<\/p>\n\n\n\n<p><a href=\"https:\/\/www.boursorama.com\/actualite-economique\/actualites\/nouvelle-manifestation-d-ampleur-en-soutien-aux-palestiniens-a-londres-a829574006682c67bd93f7ddc1e9d2b4\"><strong>Nouvelle manifestation d\u2019ampleur en soutien aux Palestiniens \u00e0 Londres<\/strong><\/a>&nbsp;(AFP)<\/p>\n\n\n\n<p><mark style=\"background-color:rgba(0, 0, 0, 0);color:#ee0505\" class=\"has-inline-color\"><strong>24 novembre<\/strong><\/mark><\/p>\n\n\n\n<p><strong><a href=\"https:\/\/www.francetvinfo.fr\/monde\/proche-orient\/israel-palestine\/direct-guerre-entre-israel-et-le-hamas-la-treve-dans-les-combats-a-commence-et-durera-quatre-jours_6203211.html\">Isra\u00ebl \/ Hamas : la Croix-Rouge a annonc\u00e9 \u00ab&nbsp;la lib\u00e9ration en toute s\u00e9curit\u00e9 de 24 otages&nbsp;\u00bb<\/a><\/strong>&nbsp;&nbsp;(France Info)<\/p>\n\n\n\n<p><strong><a href=\"http:\/\/www.lequotidien-oran.com\/index.php?news=5325387\">Ghaza : chroniques d\u2019un d\u00e9sastre de la raison<\/a><\/strong>&nbsp;(Le Quotidien d\u2019Oran)<\/p>\n\n\n\n<p><a href=\"https:\/\/www.equaltimes.org\/il-est-temps-de-protester-contre-l\">Il est temps de protester contre l\u2019assassinat de masse des journalistes \u00e0 Gaza<\/a>&nbsp;(Equal Times)<\/p>\n\n\n\n<p><a href=\"http:\/\/www.lequotidien-oran.com\/index.php?news=5325397\">47e jour de l\u2019agression contre Ghaza: Intenses bombardements sionistes avant la tr\u00eave<\/a>&nbsp;(Le Quotidien d\u2019Oran)<\/p>\n\n\n\n<p><a href=\"https:\/\/www.boursorama.com\/actualite-economique\/actualites\/eclairage-ismail-haniyeh-negociateur-en-chef-du-hamas-en-marge-de-la-guerre-0f10d8baffdc4086e1e0e7d9e204b2a4\">Isma\u00efl Haniyeh, n\u00e9gociateur en chef du Hamas en marge de la guerre<\/a>&nbsp;(Reuters)<\/p>\n\n\n\n<p><a href=\"https:\/\/www.boursorama.com\/actualite-economique\/actualites\/a-gaza-des-familles-entieres-disparues-et-des-meres-devastees-b0f1ab44f8779e3009c85474ab42be86\">A Gaza, des familles enti\u00e8res \u00ab&nbsp;disparues&nbsp;\u00bb et des m\u00e8res d\u00e9vast\u00e9es<\/a>&nbsp;(AFP) &nbsp;&nbsp;<\/p>\n\n\n\n<p><a href=\"https:\/\/www.francetvinfo.fr\/monde\/proche-orient\/israel-palestine\/temoignage-il-est-mort-entre-nos-mains-un-habitant-de-gaza-decrit-la-situation-a-rafah_6203697.html\">\u00ab&nbsp;Il est mort entre nos mains&nbsp;\u00bb : un habitant de Gaza d\u00e9crit la situation \u00e0 Rafah<\/a>&nbsp;(France info)<\/p>\n\n\n\n<p><a href=\"https:\/\/www.boursorama.com\/actualite-economique\/actualites\/l-armee-israelienne-dit-interroger-le-directeur-de-l-hopital-al-chifa-de-gaza-15a0a9ba486b6b3f30420bc95773a3cc\">L\u2019arm\u00e9e isra\u00e9lienne dit interroger le directeur de l\u2019h\u00f4pital Al Chifa de Gaza<\/a>&nbsp;(Reuters)<\/p>\n\n\n\n<p><a href=\"https:\/\/www.contretemps.eu\/hamas-mouvement-national-palestinien-historique\/\">Le Hamas dans le mouvement national palestinien&nbsp;: une mise en perspective historique<\/a>&nbsp;(Contretemps)<\/p>\n\n\n\n<p><mark style=\"background-color:rgba(0, 0, 0, 0);color:#ee0505\" class=\"has-inline-color\"><strong>23 novembre<\/strong><\/mark><\/p>\n\n\n\n<p><strong><a href=\"http:\/\/www.lequotidien-oran.com\/index.php?news=5325387\">Ghaza : chroniques d&rsquo;un d\u00e9sastre de la raison<\/a><\/strong> (Le Quotidien d\u2019Oran)<\/p>\n\n\n\n<p><a href=\"http:\/\/www.lequotidien-oran.com\/index.php?news=5325397\">47e jour de l&rsquo;agression contre Ghaza: Intenses bombardements sionistes avant la tr\u00eave<\/a> (Le Quotidien d\u2019Oran)<\/p>\n\n\n\n<p><a href=\"https:\/\/www.francetvinfo.fr\/monde\/palestine\/gaza\/treve-a-gaza-personne-ne-peut-imaginer-la-situation-les-habitants-de-gaza-attendent-de-constater-les-degats_6201462.html\">\u00ab&nbsp;Personne ne peut imaginer la situation&nbsp;\u00bb : avant la tr\u00eave, les habitants de Gaza attendent de constater les d\u00e9g\u00e2ts<\/a>&nbsp;(France Info)<\/p>\n\n\n\n<p><a href=\"https:\/\/laviedesidees.fr\/Israel-la-paix-est-elle-encore-possible\">Isra\u00ebl&nbsp;: la paix est-elle encore possible&nbsp;? Entretien avec Henry Laurens<\/a>&nbsp;(La vie des id\u00e9es)<\/p>\n\n\n\n<p><a href=\"https:\/\/theconversation.com\/le-duo-israel-etats-unis-face-a-la-cohesion-croissante-des-pays-arabes-et-musulmans-217577?utm_medium=email&amp;utm_campaign=La%20lettre%20de%20The%20Conversation%20France%20du%2019%20novembre%202023%20-%202799328331&amp;utm_content=La%20lettre%20de%20The%20Conversation%20France%20du%2019%20novembre%202023%20-%202799328331+CID_7bee5c1fde7c9c4d411843a4d42f7737&amp;utm_source=campaign_monitor_fr&amp;utm_term=Le%20duo%20Israltats-Unis%20face%20%20la%20cohsion%20croissante%20des%20pays%20arabes%20et%20musulmans\">Le duo Isra\u00ebl\/\u00c9tats-Unis face \u00e0 la coh\u00e9sion croissante des pays arabes et&nbsp;musulmans<\/a>&nbsp;(The Conversation)<\/p>\n\n\n\n<p><a href=\"https:\/\/www.courrierinternational.com\/article\/israel-projet-de-loi-sur-la-peine-de-mort-en-israel-des-scenes-nauseabondes-a-la-knesset?xtor=EREC-20-20231121-2-nl_quotidienne\">Isra\u00ebl. Projet de loi sur la peine de mort en Isra\u00ebl&nbsp;: des \u201csc\u00e8nes naus\u00e9abondes\u201d \u00e0 la Knesset<\/a>&nbsp;(Courrier international)<\/p>\n\n\n\n<p><strong><a href=\"https:\/\/www.youtube.com\/watch?v=DG9-6rQEZYs&amp;pp=ygUeQW5nZWxhIERhdmlzIGV0IE5lbHNvbiBNYW5kZWxh\">Angela Davis : \u00ab&nbsp;Je sens un lien tr\u00e8s profond avec les luttes palestiniennes&nbsp;\u00bb<\/a>&nbsp;<\/strong>(France Inter)<\/p>\n\n\n\n<p><a href=\"https:\/\/www.courrierinternational.com\/article\/vu-de-l-etranger-guerre-israel-hamas-le-malaise-des-musulmans-de-france-depuis-le-7-octobre?xtor=EREC-20-20231121-4-nl_quotidienne\">Guerre Isra\u00ebl-Hamas&nbsp;: le malaise des musulmans de France depuis le 7&nbsp;octobre<\/a>&nbsp;(Courrier international)<\/p>\n\n\n\n<p><a href=\"https:\/\/www.aa.com.tr\/fr\/monde\/france-la-majorit%C3%A9-pr%C3%A9sidentielle-et-le-rn-refusent-une-minute-de-silence-pour-les-victimes-palestiniennes\/3060519\">La majorit\u00e9 pr\u00e9sidentielle et le RN refusent une minute de silence pour les victimes palestiniennes<\/a>&nbsp;(Agence Anadolu)<\/p>\n\n\n\n<p><mark style=\"background-color:rgba(0, 0, 0, 0);color:#ee0505\" class=\"has-inline-color\"><strong>22 novembre<\/strong><\/mark><\/p>\n\n\n\n<p><a href=\"https:\/\/www.liberation.fr\/international\/moyen-orient\/en-direct-guerre-hamas-israel-liberation-dotages-quelle-treve-militaire-et-quand-nouvelle-aide-humanitaire-suivez-toutes-les-informations-de-ce-mercredi-22-novembre-20231122_3SCI5RR3PNA4TBCBLMY7Z2DVAE\/\">EN DIRECT \u2013 Hamas-Isra\u00ebl&nbsp;: la majorit\u00e9 des Palestiniens susceptibles d\u2019\u00eatre lib\u00e9r\u00e9s sont des adolescents<\/a>&nbsp;(Lib\u00e9ration, en clair)<\/p>\n\n\n\n<p><a href=\"https:\/\/www.liberation.fr\/checknews\/guerre-hamas-israel-combien-y-a-t-il-denfants-et-de-femmes-parmi-les-otages-a-gaza-20231122_UYBXKBBMDJHUBDLWRXWI45G4KU\/\">Hamas-Isra\u00ebl&nbsp;: combien y a-t-il d\u2019enfants et de femmes parmi les otages \u00e0 Gaza&nbsp;?<\/a>&nbsp;(Lib\u00e9ration, en clair)<\/p>\n\n\n\n<p><strong><a href=\"https:\/\/www.fidh.org\/fr\/regions\/maghreb-moyen-orient\/israel-palestine\/a-gaza-les-defenseur%E2%8B%85ses-des-droits-humains-sont-en-danger-de-mort\">\u00c0 Gaza les d\u00e9fenseur\u22c5es des droits humains sont en danger de mort<\/a>&nbsp;<\/strong>(FIDH)<\/p>\n\n\n\n<p><a href=\"https:\/\/www.mediapart.fr\/journal\/fil-dactualites\/221123\/accord-israelhamas-une-treve-de-quatre-jours-insuffisante-selon-les-principales-ong-dont-amnesty\">Isra\u00ebl\/Hamas : une tr\u00eave de quatre jours \u00abinsuffisante\u00bb, selon les principales ONG dont Amnesty<\/a>&nbsp;(AFP)<\/p>\n\n\n\n<p><a href=\"https:\/\/www.francetvinfo.fr\/monde\/proche-orient\/israel-palestine\/guerre-entre-israel-et-le-hamas-trois-medecins-dont-deux-travaillant-pour-msf-tues-dans-une-frappe-sur-un-hopital-du-nord-de-gaza_6198204.html\">Trois m\u00e9decins, dont deux travaillant pour MSF, tu\u00e9s dans une frappe sur un h\u00f4pital du nord de Gaza<\/a>&nbsp;(France Info)<\/p>\n\n\n\n<p><a href=\"https:\/\/www.francetvinfo.fr\/monde\/proche-orient\/israel-palestine\/hopital-al-chifa-de-gaza-pourquoi-les-revelations-de-l-armee-israelienne-sur-les-armes-et-les-tunnels-du-hamas-sont-scrutees-par-la-communaute-internationale_6195927.html\"><strong>H\u00f4pital al-Chifa de Gaza : r\u00e9v\u00e9lations de l\u2019arm\u00e9e isra\u00e9lienne scrut\u00e9es par la communaut\u00e9 internationale<\/strong>&nbsp;<\/a>&nbsp;(France Info)<\/p>\n\n\n\n<p><a href=\"https:\/\/www.contretemps.eu\/gauche-israel-sionisme-colonialisme-haaretz\/\">La fureur vertueuse de la gauche&nbsp;isra\u00e9lienne<\/a>&nbsp;(Contretemps)<\/p>\n\n\n\n<p><a href=\"https:\/\/blogs.mediapart.fr\/collectif-chronik\/blog\/221123\/gaza-les-hantises-du-genocide\">Gaza, les hantises du g\u00e9nocide<\/a>&nbsp;(collectif Chronik)<\/p>\n\n\n\n<p><a href=\"https:\/\/www.contretemps.eu\/sionisme-colonisation-palestine-extreme-droite-israel-podcast\/\">Le projet sioniste, la colonisation de la Palestine et l\u2019extr\u00eame droite isra\u00e9lienne [Podcast]<\/a>&nbsp;(Contretemps)<\/p>\n\n\n\n<p><a href=\"https:\/\/www.acrimed.org\/Ukraine-Israel-meme-combat-misere-de-l-analogie\">\u00ab Ukraine-Isra\u00ebl : m\u00eame combat \u00bb : mis\u00e8re de l\u2019analogie<\/a>&nbsp;(Acrimed)<\/p>\n\n\n\n<p><mark style=\"background-color:rgba(0, 0, 0, 0);color:#ee0505\" class=\"has-inline-color\"><strong>21 novembre<\/strong><\/mark><\/p>\n\n\n\n<p><a href=\"https:\/\/www.humanite.fr\/monde\/bande-de-gaza\/israel-palestine-le-hamas-assure-approcher-de-la-conclusion-dun-accord-de-treve\">Isra\u00ebl-Palestine : Le Hamas assure approcher \u00abde la conclusion d\u2019un accord de tr\u00eave\u00bb<\/a>&nbsp;(L\u2019Humanit\u00e9)<\/p>\n\n\n\n<p><a href=\"https:\/\/www.mediapart.fr\/journal\/international\/211123\/le-fil-du-jour-vers-un-accord-pour-un-echange-d-otages-et-une-treve-gaza\">Le fil du jour. Vers un accord pour un \u00e9change d\u2019otages et une tr\u00eave \u00e0 Gaza ?<\/a>&nbsp;(M\u00e9diapart)<\/p>\n\n\n\n<p><strong><a href=\"https:\/\/www.humanite.fr\/monde\/armee-israelienne\/ils-ont-elimine-tout-le-monde-y-compris-les-otages-des-civils-israeliens-ont-ils-ete-tues-par-leur-armee\">\u00abIls ont \u00e9limin\u00e9 tout le monde, y compris les otages\u00bb : des civils isra\u00e9liens ont-ils \u00e9t\u00e9 tu\u00e9s par leur arm\u00e9e ?<\/a>&nbsp;<\/strong>(L\u2019Humanit\u00e9)<\/p>\n\n\n\n<p><a href=\"https:\/\/lvsl.fr\/guerre-israel-hamas-le-desengagement-americain-au-proche-orient-remis-en-question\/\">Guerre Isra\u00ebl-Hamas : le d\u00e9sengagement am\u00e9ricain au Proche-Orient remis en question<\/a>&nbsp;(Le Vent Se L\u00e8ve)<\/p>\n\n\n\n<p><a href=\"https:\/\/www.monde-diplomatique.fr\/cartes\/gaza2023-armee-israelienne\">Un \u00c9tat surmilitaris\u00e9<\/a>&nbsp; (Le Monde diplomatique)<\/p>\n\n\n\n<p><a href=\"https:\/\/www.blast-info.fr\/articles\/2023\/les-drahi-mecenes-de-larmee-israelienne-5FAKV4emSGml7DqCYCf9XA\">Les Drahi, m\u00e9c\u00e8nes de l\u2019arm\u00e9e isra\u00e9lienne<\/a>&nbsp;(Blast)<\/p>\n\n\n\n<p><mark style=\"background-color:rgba(0, 0, 0, 0);color:#ee0505\" class=\"has-inline-color\"><strong>20 novembre<\/strong><\/mark><\/p>\n\n\n\n<p><a href=\"http:\/\/www.lequotidien-oran.com\/index.php?news=5325308&amp;archive_date=2023-11-20\">44e jour de l&rsquo;agression contre Ghaza : Le bombardement du si\u00e8ge de l&rsquo;UNRWA \u00e9tait d\u00e9lib\u00e9r\u00e9<\/a> (Le Quotidien d\u2019Oran))<\/p>\n\n\n\n<p><a href=\"https:\/\/radio-m.net\/gaza-plus-de-3-000-eleves-palestiniens-tues-par-israel-depuis-le-7-octobre\/\">Gaza : Plus de 3 000 \u00e9l\u00e8ves palestiniens tu\u00e9s par Isra\u00ebl depuis le 7 octobre<\/a>&nbsp;(Radio M)<\/p>\n\n\n\n<p><strong><a href=\"https:\/\/radio-m.net\/une-enquete-contredit-la-version-israelienne-sur-la-mort-de-plus-de-300-fetards-le-7-octobre\/\">Une enqu\u00eate contredit la version isra\u00e9lienne sur la mort de plus de 300 personnes le 7 octobre<\/a><\/strong>&nbsp;(Radio M)<\/p>\n\n\n\n<figure class=\"wp-block-image size-full is-resized\"><img data-recalc-dims=\"1\" loading=\"lazy\" decoding=\"async\" width=\"598\" height=\"383\" src=\"https:\/\/i0.wp.com\/www.rdpemancipation.org\/wp-content\/uploads\/2023\/11\/image-13.png?resize=598%2C383&#038;ssl=1\" alt=\"\" class=\"wp-image-122532\" style=\"aspect-ratio:1.5613577023498695;width:447px;height:auto\" srcset=\"https:\/\/i0.wp.com\/www.rdpemancipation.org\/wp-content\/uploads\/2023\/11\/image-13.png?w=598&amp;ssl=1 598w, https:\/\/i0.wp.com\/www.rdpemancipation.org\/wp-content\/uploads\/2023\/11\/image-13.png?resize=300%2C192&amp;ssl=1 300w\" sizes=\"auto, (max-width: 598px) 100vw, 598px\" \/><\/figure>\n\n\n\n<p><strong><a href=\"https:\/\/lesakerfrancophone.fr\/les-temoignages-du-7-octobre-revelent-que-larmee-israelienne-a-bombarde-les-citoyens-israeliens-avec-des-chars-et-des-missiles\">T\u00e9moignages du 7 octobre&nbsp;: l\u2019arm\u00e9e isra\u00e9lienne a bombard\u00e9 les citoyens isra\u00e9liens avec des chars et des missiles<\/a>&nbsp;<\/strong>(The Grayzone&nbsp;<em>via<\/em>&nbsp;Le saker francophone)<\/p>\n\n\n\n<p><a href=\"https:\/\/www.mediapart.fr\/journal\/international\/201123\/le-fil-du-jour-une-frappe-sur-un-hopital-de-gaza-aurait-fait-12-morts\">Le fil du jour. Une frappe sur un h\u00f4pital de Gaza aurait fait 12 morts<\/a>&nbsp;(M\u00e9diapart)<\/p>\n\n\n\n<p><a href=\"https:\/\/www.tsa-algerie.com\/un-soldat-israelien-filme-en-train-de-jeter-une-grenade-dans-une-mosquee\/\">Un soldat isra\u00e9lien film\u00e9 en train de jeter une grenade dans une mosqu\u00e9e<\/a>&nbsp;(TSA)<\/p>\n\n\n\n<p><a href=\"https:\/\/www.tsa-algerie.com\/larmee-israelienne-tournee-en-derision-sur-les-reseaux-sociaux\/\">L\u2019arm\u00e9e isra\u00e9lienne tourn\u00e9e en d\u00e9rision sur les r\u00e9seaux sociaux<\/a>&nbsp;(TSA)<\/p>\n\n\n\n<p><a href=\"https:\/\/orientxxi.info\/magazine\/le-spectre-d-une-seconde-nakba-en-cisjordanie,6887\">Le spectre d\u2019une seconde Nakba en Cisjordanie<\/a>&nbsp;(Orient XXI)<\/p>\n\n\n\n<p><a href=\"https:\/\/www.mediapart.fr\/journal\/international\/191123\/guerre-israel-hamas-la-devastatrice-doctrine-dahiya\">La d\u00e9vastatrice \u00ab&nbsp;doctrine Dahiya&nbsp;\u00bb<\/a>&nbsp;(M\u00e9diapart)<\/p>\n\n\n\n<p><a href=\"https:\/\/www.haaretz.com\/israel-news\/2023-11-15\/ty-article\/.premium\/gaza-in-ruins-the-largest-palestinian-city-in-the-world-soon-uninhabitable\/0000018b-d3a4-d423-affb-f3a70ff40000\">Isra\u00ebl \u2013 Gaza in ruins: The largest Palestinian city in the world, soon uninhabitable<\/a>&nbsp;(Haaretz)<\/p>\n\n\n\n<p><a href=\"https:\/\/regards.fr\/soutien-inconditionnel-a-israel-yael-braun-pivet-jure-quelle-na-jamais-dit-ce-quelle-a-dit\/\">\u00ab Soutien inconditionnel \u00bb \u00e0 Isra\u00ebl : Ya\u00ebl Braun-Pivet jure qu\u2019elle n\u2019a jamais dit ce qu\u2019elle a dit<\/a>&nbsp;(Regards)<\/p>\n\n\n\n<p><mark style=\"background-color:rgba(0, 0, 0, 0);color:#ee0505\" class=\"has-inline-color\"><strong>19 novembre<\/strong><\/mark><\/p>\n\n\n\n<p><a href=\"https:\/\/reseauinternational.net\/israel-a-menti-au-sujet-du-7-octobre\/\">Isra\u00ebl a menti au sujet du 7 octobre<\/a>&nbsp;(Indi<em>&nbsp;via<\/em>&nbsp;R\u00e9seau International)<\/p>\n\n\n\n<p><a href=\"https:\/\/www.afrique-asie.fr\/des-helicopteres-apache-israeliens-ont-tue-des-soldats-et-des-civils-le-7-octobre-rt\/\">Isra\u00ebl.&nbsp;<\/a><a href=\"https:\/\/www.afrique-asie.fr\/des-helicopteres-apache-israeliens-ont-tue-des-soldats-et-des-civils-le-7-octobre-rt\/\">Des h\u00e9licopt\u00e8res Apache isra\u00e9liens ont tu\u00e9 des soldats et des civils le 7 octobre<\/a>&nbsp;(RT&nbsp;<em>via<\/em>&nbsp;Afrique-Asie)<\/p>\n\n\n\n<p><a href=\"https:\/\/www.theguardian.com\/world\/Une%20famille%20thailandaise%20attend%20des%20nouvelles%20de%20son%20fils%20enlev\u00e9%20en%20Isra\u00ebl\">Une famille thailandaise attend des nouvelles de son fils enlev\u00e9 en Isra\u00ebl<\/a> (The Guardian)<\/p>\n\n\n\n<p><a href=\"http:\/\/www.lequotidien-oran.com\/index.php?news=5325228&amp;archive_date=2023-11-16\">A Gen\u00e8ve, le calvaire de Ghaza cr\u00e9e du remous dans les instances internationales<\/a> (Le Quotidien d\u2019Oran)<\/p>\n\n\n\n<p><a href=\"https:\/\/www.lemonde.fr\/idees\/article\/2023\/11\/14\/karim-khan-procureur-de-la-cpi-sur-la-guerre-israel-hamas-au-milieu-de-la-violence-au-milieu-de-la-fureur-des-regles-d-humanite-s-appliquent-qui-ne-peuvent-etre-transgressees_6199982_3232.html\" target=\"_blank\" rel=\"noreferrer noopener\">Tribune de Karim Khan, procureur de la CPI sur la guerre Isra\u00ebl Hamas<\/a> (Tribune dans Le Monde)<\/p>\n\n\n\n<p><mark style=\"background-color:rgba(0, 0, 0, 0);color:#ee0505\" class=\"has-inline-color\"><strong>18 novembre<\/strong><\/mark><\/p>\n\n\n\n<p><a href=\"https:\/\/www.liberation.fr\/international\/moyen-orient\/en-direct-une-frappe-israelienne-sur-des-immeubles-du-sud-de-la-bande-de-gaza-aurait-fait-26-morts-20231118_IDTON327IFAKVDISQP5GW2SLUA\/\"><strong>Des frappes isra\u00e9liennes sur des habitations du sud de la bande de Gaza auraient fait 32 morts<\/strong><\/a>&nbsp;(Le direct de Lib\u00e9, en clair)<strong><a href=\"https:\/\/www.francetvinfo.fr\/monde\/proche-orient\/israel-palestine\/temoignage-ce-que-l-on-voit-est-terrible-une-association-de-l-oise-fait-partie-des-rares-structures-d-aide-humanitaire-presentes-a-gaza_6190086.html\"><\/a><\/strong><\/p>\n\n\n\n<p><strong><a href=\"https:\/\/www.francetvinfo.fr\/monde\/proche-orient\/israel-palestine\/temoignage-ce-que-l-on-voit-est-terrible-une-association-de-l-oise-fait-partie-des-rares-structures-d-aide-humanitaire-presentes-a-gaza_6190086.html\">\u2018Ce que l\u2019on voit est terrible\u2019&nbsp;: une association de l\u2019Oise fait partie des rares ONG humanitaire \u00e0 Gaza<\/a><\/strong>&nbsp;(France info)<\/p>\n\n\n\n<p><a href=\"https:\/\/www.mediapart.fr\/journal\/fil-dactualites\/181123\/les-soldats-israeliens-ont-ordonne-l-evacuation-sous-une-heure-de-l-hopital-al-chifa-de-gaza\"><strong>Les soldats isra\u00e9liens ont ordonn\u00e9 l\u2019\u00e9vacuation \u2018sous une heure\u2019 de l\u2019h\u00f4pital al-Chifa de Gaza<\/strong><\/a>&nbsp;(AFP)<\/p>\n\n\n\n<p><a href=\"https:\/\/www.ldh-france.org\/stop-a-linhumain-cessez-le-feu-immediat-liberation-des-otages-protection-des-populations-civiles-3\/\"><strong>Stop \u00e0 l\u2019inhumain. Cessez-le-feu imm\u00e9diat, lib\u00e9ration des otages, protection des populations civiles<\/strong><\/a>&nbsp;(LDH, appel aux mobilisations)<\/p>\n\n\n\n<p><a href=\"https:\/\/www.mediapart.fr\/journal\/fil-dactualites\/171123\/gaza-cinq-etats-parties-saisissent-la-cpi\">Gaza : cinq Etats parties saisissent la CPI<\/a>&nbsp;(AFP)<\/p>\n\n\n\n<p><a href=\"https:\/\/alencontre.org\/moyenorient\/palestine\/cisjordanie-arracher-leurs-terres-et-leurs-oliviers-aux-palestiniens.html\">Cisjordanie. Arracher leurs terres et leurs oliviers aux Palestiniens<\/a>&nbsp;(A l\u2019encontre)<\/p>\n\n\n\n<p><a href=\"https:\/\/www.monde-diplomatique.fr\/2023\/11\/ABIDI\/66242\">Riyad \u2013 Tel-Aviv, coup de frein \u00e0 la normalisation<\/a>&nbsp;(Le Monde diplomatique)<\/p>\n\n\n\n<p><a href=\"https:\/\/www.blast-info.fr\/emissions\/2023\/israel-palestine-un-conflit-qui-fracture-le-monde-entier-Sof2gxRFQv2nl2sMQdsVOA\">Isra\u00ebl-Palestine : un conflit qui fracture le monde entier<\/a>&nbsp;(Blast)<\/p>\n\n\n\n<p><a href=\"https:\/\/www.contretemps.eu\/sionisme-colonisation-palestine-extreme-droite-israel-podcast\/\">Le projet sioniste, la colonisation de la Palestine et l\u2019extr\u00eame droite isra\u00e9lienne [Podcast]<\/a><a>&nbsp;<\/a>(Contretemps)<\/p>\n\n\n\n<p><a href=\"https:\/\/www.contretemps.eu\/siege-gaza-appel-liberation\/\">Du si\u00e8ge g\u00e9nocidaire de Gaza, l\u2019appel \u00e0 la lib\u00e9ration<\/a>&nbsp;(Contretemps)<\/p>\n\n\n\n<p><a href=\"https:\/\/www.contretemps.eu\/gauche-critique-sionisme-traverso-judaisme-question-nationale\/\">Une gauche qui ne critique pas le sionisme n\u2019est pas une gauche v\u00e9ritable<\/a>&nbsp;(Contretemps)<\/p>\n\n\n\n<p><mark style=\"background-color:rgba(0, 0, 0, 0);color:#ee0505\" class=\"has-inline-color\"><strong>17 novembre<\/strong><\/mark><\/p>\n\n\n\n<p><a href=\"https:\/\/link.newsletter.franceculture.fr\/m\/ml\/7429\/836709\/YGo7iurRLw-UHtrOwr_I0m9C5lXTLJmivm821gAfcU8=\/BYLNfrWRofWNJsW+ZFa0R8Fw07CbXWywPXyqrPPC8fU=\/\">Peut-il exister une alternative politique au Hamas&nbsp;?<\/a>&nbsp;(France Culture)<\/p>\n\n\n\n<p><a href=\"https:\/\/algeria-watch.org\/?p=89682\">Anthropologie n\u00e9ocoloniale et lutte de lib\u00e9ration&nbsp;: Deux textes pour une controverse entre Occident et Palestine<\/a>&nbsp;&nbsp;(Algeria-Watch)<\/p>\n\n\n\n<p><a href=\"https:\/\/algeria-watch.org\/?p=89687\">Les pathologies de l\u2019espoir dans la guerre pour la Palestine : Une r\u00e9ponse \u00e0 Adam Shatz<\/a>&nbsp;(Algeria-Watch)<\/p>\n\n\n\n<p><a href=\"https:\/\/www.liberation.fr\/international\/moyen-orient\/en-direct-guerre-hamas-israel-le-corps-dune-deuxieme-otage-israelienne-decouverte-pres-de-lhopital-al-shifa-20231117_57YZD4PZY5A2TMRYLIGMGCLJNA\/\">EN DIRECT \u2013 Gaza&nbsp;: l\u2019arm\u00e9e isra\u00e9lienne annonce que \u00abplus d\u2019un millier d\u2019hommes du Hamas\u00bb ont \u00e9t\u00e9 tu\u00e9s depuis le d\u00e9but de l\u2019offensive terrestre<\/a><a>&nbsp;<\/a>(Lib\u00e9ration)<\/p>\n\n\n\n<p><a href=\"https:\/\/mondafrique.com\/video\/le-41eme-jour-de-guerre-larmee-israelienne-affirme-avoir-pris-le-port-de-gaza\/\">41\u00e8me jour de guerre, Tsahal a pris le port de Gaza<\/a>&nbsp;(Mondafrique)<\/p>\n\n\n\n<p><strong><a href=\"https:\/\/www.middleeasteye.net\/fr\/actu-et-enquetes\/guerre-israel-gaza-palestine-derniers-messages-victimes-morts\">\u00ab&nbsp;Personne ne nous exilera&nbsp;\u00bb&nbsp;: les derniers messages des victimes de Gaza<\/a>&nbsp;&nbsp;<\/strong>(MEE)<\/p>\n\n\n\n<p><a href=\"https:\/\/www.middleeasteye.net\/fr\/actu-et-enquetes\/guerre-israel-palestine-ancien-prisonnier-raconte-enfer-prisons-maltraitance\">Un ancien prisonnier palestinien raconte l\u2019\u00ab&nbsp;enfer&nbsp;\u00bb des prisons isra\u00e9liennes<\/a>&nbsp;(MEE)<\/p>\n\n\n\n<p><a href=\"https:\/\/www.lemediatv.fr\/emissions\/2023\/la-cpi-peut-elle-juger-israel-une-armee-davocats-porte-plainte-pour-genocide-xqex5Dh5TM-KwT1Rt1CO7Q\">La CPI peut-elle juger Isra\u00ebl ? : Une arm\u00e9e d\u2019avocats porte plainte pour \u00ab&nbsp;g\u00e9nocide&nbsp;\u00bb<\/a>&nbsp; (Le M\u00e9dia)<\/p>\n\n\n\n<p><strong><a href=\"https:\/\/www.humanite.fr\/monde\/guerre-israel-hamas\/au-royaume-uni-le-labour-se-dechire-sur-un-cessez-le-feu-a-gaza\">Au Royaume-Uni, le Labour se d\u00e9chire sur un cessez-le-feu \u00e0 Gaza<\/a>&nbsp;&nbsp;<\/strong>(L\u2019Humanit\u00e9)<\/p>\n\n\n\n<p><a href=\"https:\/\/www.huffingtonpost.fr\/international\/article\/gaza-netanyahou-concede-pour-la-premiere-fois-qu-israel-echoue-a-limiter-le-nombre-de-victimes-civiles_225898.html\">Netanyahou conc\u00e8de (enfin) l\u2019\u00e9chec d\u2019Isra\u00ebl \u00e0 limiter le nombre de victimes civiles \u00e0 Gaza<\/a>&nbsp;(Huffpost)<\/p>\n\n\n\n<p><a href=\"https:\/\/www.middleeasteye.net\/fr\/actu-et-enquetes\/palestine-jerusalem-est-colons-israeliens-quartier-armenien-chretiens-occupation\">J\u00e9rusalem-Est : des colons isra\u00e9liens cherchent \u00e0 s\u2019emparer du quartier arm\u00e9nien par la force<\/a>&nbsp;(MEE)<\/p>\n\n\n\n<p><a href=\"https:\/\/algeria-watch.org\/?p=89654\">La Mosqu\u00e9e Al Aqsa fait l\u2019objet d\u2019une nouvelle invasion des colons isra\u00e9liens<\/a>&nbsp;(El Watan)<\/p>\n\n\n\n<p><mark style=\"background-color:rgba(0, 0, 0, 0);color:#ee0505\" class=\"has-inline-color\"><strong>16 novembre<\/strong><\/mark><\/p>\n\n\n\n<p><a href=\"https:\/\/assawra.blogspot.com\/2023\/11\/bref-tour-dhorizon-avant-la-tombee-de.html\" title=\"\">Bref tour d&rsquo;horizon  hier soir<\/a> (Roland Richa)<\/p>\n\n\n\n<p><a href=\"Gaza: des milliers de civils pris au pi\u00e8ge dans l\u2019h\u00f4pital al-Chifa\">Gaza : des milliers de civils pris au pi\u00e8ge dans l\u2019h\u00f4pital al-Chifa<\/a> (RFI)<\/p>\n\n\n\n<p><a href=\"https:\/\/www.renenaba.com\/israel-palestine-un-massacre-a-huis-clos-pour-un-nettoyage-par-le-vide\/\" title=\"\">Un massacre \u00e0 huis clos pour un nettoyage par le vide<\/a> (En Point de mire)<\/p>\n\n\n\n<p><a href=\"https:\/\/www.middleeasteye.net\/fr\/actu-et-enquetes\/guerre-palestine-israel-gaza-hopital-chifa-raid-operation-armee\" title=\"\">Les forces isra\u00e9liennes m\u00e8nent une op\u00e9ration dans l\u2019h\u00f4pital al-Chifa, terrorisant les civils<\/a> (MEE)<\/p>\n\n\n\n<p><a href=\"https:\/\/www.humanite.fr\/monde\/gaza\/guerre-israel-hamas-a-gaza-les-hopitaux-transformes-en-theatres-de-guerre\" title=\"\">les h\u00f4pitaux transform\u00e9s en th\u00e9\u00e2tres de guerre<\/a> (L&rsquo;Huma, acc\u00e8s libre)<\/p>\n\n\n\n<p><a href=\"https:\/\/assawra.blogspot.com\/2023\/11\/entreprises-de-defense-les-dividendes.html\">Entreprises de d\u00e9fense, les dividendes de la guerre \u00e0 Gaza<\/a> (Assawra)<\/p>\n\n\n\n<p><a href=\"https:\/\/www.middleeasteye.net\/fr\/actu-et-enquetes\/guerre-israel-palestine-deces-activiste-vivian-silver-hommages\" title=\"\">Les hommages affluent apr\u00e8s le d\u00e9c\u00e8s de l\u2019activiste Vivian Silver, tu\u00e9e dans l\u2019attaque contre un kibboutz<\/a> (MEE)<\/p>\n\n\n\n<p><a href=\"https:\/\/www.middleeasteye.net\/fr\/decryptages\/guerre-palestine-gaza-israel-societe-fascisme-peur-deni\" title=\"\">Vague de r\u00e9pression  en Isra\u00ebl : en proie \u00e0 la peur et au d\u00e9ni, la soci\u00e9t\u00e9 glisse vers le fascisme<\/a> (MEE)<\/p>\n\n\n\n<p><a href=\"https:\/\/assawra.blogspot.com\/2023\/11\/tulkarem-pleure-les-7-palestiniens-tues.html\">Tulkarem pleure les 7 Palestiniens tu\u00e9s dans un raid de l\u2019arm\u00e9e isra\u00e9lienne<\/a> (Assawra)<\/p>\n\n\n\n<p><strong><a href=\"https:\/\/radio-m.net\/pascal-praud-de-cnews-si-tu-pouvais-arreter-de-defendre-les-palestiniens-a-lantenne-ca-serait-bien\/\">Pascal Praud de CNEWS :&nbsp;<em>Si tu pouvais arr\u00eater de d\u00e9fendre les Palestiniens \u00e0 l\u2019antenne \u00e7a serait bien&nbsp;<\/em><\/a><\/strong>(Radio M)<\/p>\n\n\n\n<p><strong><a href=\"https:\/\/lvsl.fr\/pourquoi-benjamin-netanyahou-na-plus-davenir-politique\/\">Pourquoi Benjamin Netanyahou n\u2019a plus d\u2019avenir politique<\/a>&nbsp;<\/strong>(Le Vent Se L\u00e8ve)<\/p>\n\n\n\n<p><mark style=\"background-color:rgba(0, 0, 0, 0);color:#ee0505\" class=\"has-inline-color\"><strong>15 novembre<\/strong><\/mark><\/p>\n\n\n\n<p><a href=\"https:\/\/www.tsa-algerie.com\/gaza-ces-pays-europeens-ont-pris-des-positions-fortes-contre-israel\/\">Gaza : ces pays europ\u00e9ens ont pris des positions fortes contre Isra\u00ebl<\/a>&nbsp;(TSA)<\/p>\n\n\n\n<p><a href=\"https:\/\/www.tsa-algerie.com\/enorme-drapeau-palestinien-deploye-lors-dun-concert-au-chili-video\/\">\u00c9norme drapeau palestinien d\u00e9ploy\u00e9 lors d\u2019un concert au Chili (vid\u00e9o)<\/a>&nbsp;(TSA)<\/p>\n\n\n\n<p><a href=\"https:\/\/www.tsa-algerie.com\/guerre-israel-palestine-mohammed-vi-face-a-la-colere-des-anti-normalisation\/\">Isra\u00ebl \u2013 Palestine : Mohammed VI face \u00e0 la col\u00e8re des anti-normalisation<\/a>&nbsp;(TSA)<\/p>\n\n\n\n<p><a href=\"https:\/\/www.tsa-algerie.com\/sommet-arabo-musulman-le-veto-des-amis-arabes-disrael\/\">Sommet arabo-musulman : le \u00ab v\u00e9to \u00bb des amis arabes d\u2019Isra\u00ebl<\/a>&nbsp;(TSA)<\/p>\n\n\n\n<p><a href=\"https:\/\/www.ritimo.org\/Palestine-la-lutte-pour-l-information\">Palestine : la lutte pour l\u2019information<\/a>&nbsp;(Ritimo)<\/p>\n\n\n\n<p><a href=\"https:\/\/www.off-investigation.fr\/israel-palestinedes-medecins-israeliens-appellent-a-bombarder-les-hopitaux-de-gaza\/\">Des m\u00e9decins isra\u00e9liens appellent \u00e0 bombarder les h\u00f4pitaux de Gaza<\/a>&nbsp;(Off Investigation)<\/p>\n\n\n\n<p><a href=\"https:\/\/www.saphirnews.com\/Antisemitisme-la-Grande-Mosquee-de-Paris-sommee-de-s-expliquer-face-aux-propos-de-son-imam_a29949.html\"><strong>La Grande Mosqu\u00e9e de Paris somm\u00e9e de s\u2019expliquer face aux propos de son imam<\/strong><\/a>&nbsp;(SaphirNews.com)<\/p>\n\n\n\n<p><a href=\"https:\/\/www.alternatives-economiques.fr\/colonisation-israelienne-cisjordanie-sape-methodiquement-solution-a\/00108610\">La colonisation isra\u00e9lienne en Cisjordanie sape m\u00e9thodiquement la solution \u00e0 deux Etats<\/a>&nbsp;(Alter \u00e9co)<\/p>\n\n\n\n<p><a href=\"https:\/\/www.bondyblog.fr\/opinions\/interview\/rony-brauman-les-hopitaux-sont-totalement-debordes-et-la-plupart-des-blesses-narrivent-meme-pas-dans-les-hopitaux\/\">Rony Brauman : \u00ab Les h\u00f4pitaux sont totalement d\u00e9bord\u00e9s et la plupart des bless\u00e9s n\u2019arrivent m\u00eame pas dans les h\u00f4pitaux \u00bb<\/a>&nbsp;(Le Bondy Blog)<\/p>\n\n\n\n<p><a href=\"https:\/\/www.monde-diplomatique.fr\/2023\/11\/BELKAID\/66255\">Le spectre d\u2019un conflit r\u00e9gional<\/a>&nbsp;&nbsp;-Akram Belka\u00efd (Le Monde diplomatique)<\/p>\n\n\n\n<p><mark style=\"background-color:rgba(0, 0, 0, 0);color:#ee0505\" class=\"has-inline-color\"><strong>14 novembre<\/strong><\/mark><\/p>\n\n\n\n<p><a href=\"https:\/\/www.acrimed.org\/Couverture-de-la-guerre-Israel-Palestine-L-AJAR\">Couverture de la guerre Isra\u00ebl\/Palestine : L\u2019AJAR d\u00e9nonce le double standard<\/a>&nbsp;(Acrimed)<\/p>\n\n\n\n<p><strong><a href=\"https:\/\/www.rfi.fr\/fr\/moyen-orient\/20231114-gaza-isra%C3%ABl-h%C3%B4pital-al-chifa-appel-biden-unrwa-aide-humanitaire-combats\">H\u00f4pital al-Chifa \u00e0 Gaza : au moins 179 corps ont \u00e9t\u00e9 enterr\u00e9s dans une fosse commune<\/a>&nbsp;<\/strong>(Le Live de RFI)<\/p>\n\n\n\n<p><a href=\"https:\/\/www.francetvinfo.fr\/monde\/proche-orient\/israel-palestine\/reportage-ils-portent-l-uniforme-de-l-armee-mais-n-ont-pas-d-insigne-en-cisjordanie-des-milices-armees-se-forment-pour-expulser-les-palestiniens-de-leurs-terres_6182865.html\">\u00ab&nbsp;Ils portent l\u2019uniforme de l\u2019arm\u00e9e mais n\u2019ont pas d\u2019insigne&nbsp;\u00bb : en Cisjordanie, des milices arm\u00e9es expulsent les Palestiniens de leurs terres<\/a>&nbsp;(France info)<\/p>\n\n\n\n<p><strong><a href=\"https:\/\/www.rfi.fr\/fr\/europe\/20231113-isra%C3%ABl-hamas-greta-thunberg-tr%C3%A8s-critiqu%C3%A9e-en-allemagne-apr%C3%A8s-un-appel-au-cessez-le-feu\">Isra\u00ebl-Hamas : Greta Thunberg tr\u00e8s critiqu\u00e9e en Allemagne apr\u00e8s un appel au \u00abcessez-le-feu\u00bb<\/a><\/strong>&nbsp;(RFI)<\/p>\n\n\n\n<p><a href=\"https:\/\/www.humanite.fr\/-\/-\/cinq-bebes-prematures-seraient-morts-a-lhopital-al-chifa-faute-delectricite\">Cinq b\u00e9b\u00e9s pr\u00e9matur\u00e9s seraient morts \u00e0 l\u2019h\u00f4pital al-Chifa, faute d\u2019\u00e9lectricit\u00e9<\/a>&nbsp;(L\u2019Humanit\u00e9)<\/p>\n\n\n\n<p><a href=\"https:\/\/www.middleeasteye.net\/fr\/reportages\/guerre-israel-palestine-periple-famille-couloir-bombardements-temoignage\">Guerre Isra\u00ebl-Palestine&nbsp;: le dangereux p\u00e9riple d\u2019une famille dans le \u00ab&nbsp;couloir de s\u00e9curit\u00e9&nbsp;\u00bb de Gaza<\/a>&nbsp;(MEE)<\/p>\n\n\n\n<p><a href=\"https:\/\/www.middleeasteye.net\/fr\/actu-et-enquetes\/guerre-israel-palestine-cijordanie-hebron-colons-couvrefeu-punition-collective\">En Cisjordanie occup\u00e9e, les forces isra\u00e9liennes assi\u00e8gent depuis plus d\u2019un mois 750 familles d\u2019H\u00e9bron<\/a>&nbsp;(MEE)<\/p>\n\n\n\n<p><a href=\"https:\/\/orientxxi.info\/magazine\/la-proximite-entre-le-hamas-et-les-djihadistes-une-mystification-occidentale,6859\">La proximit\u00e9 entre le Hamas et les djihadistes, une mystification occidentale<\/a>&nbsp;(Orient XXI)<\/p>\n\n\n\n<p><mark style=\"background-color:rgba(0, 0, 0, 0);color:#ee0505\" class=\"has-inline-color\"><strong>12 novembre<\/strong><\/mark><\/p>\n\n\n\n<p><strong><a href=\"https:\/\/www.contretemps.eu\/travailleurs-palestiniens-gaza-disparition-israel\/\">Nous ne savons pas s\u2019ils sont morts ou vivants : des milliers de travailleurs palestiniens ont disparu en Isra\u00ebl<\/a><\/strong>&nbsp;(Contretemps)<\/p>\n\n\n\n<p><strong><a href=\"https:\/\/www.boursorama.com\/actualite-economique\/actualites\/manifestation-geante-en-soutien-a-la-palestine-a-londres-e96e91eeb1a7865ab123c02f8e19e851\">Manifestation g\u00e9ante en soutien \u00e0 la Palestine \u00e0 Londres<\/a><\/strong>&nbsp;(Reuters)<\/p>\n\n\n\n<p><a href=\"https:\/\/www.rfi.fr\/fr\/moyen-orient\/20231112-guerre-isra%C3%ABl-hamas-les-h%C3%B4pitaux-de-gaza-%C3%A9picentre-des-combats\">Guerre Isra\u00ebl-Hamas : les h\u00f4pitaux de Gaza, \u00e9picentre des combats<\/a>&nbsp;(RFI)<\/p>\n\n\n\n<p><a href=\"https:\/\/www.boursorama.com\/actualite-economique\/actualites\/gaza-combats-intenses-autour-des-hopitaux-situation-catastrophique-selon-msf-a36b218b5388ae3bc1cd4bba42b234b5\">Gaza : combats intenses autour des h\u00f4pitaux, situation \u00ab&nbsp;catastrophique&nbsp;\u00bb selon MSF<\/a>&nbsp;(AFP) &nbsp;&nbsp;<\/p>\n\n\n\n<p><a href=\"https:\/\/www.boursorama.com\/actualite-economique\/actualites\/les-dirigeants-arabes-demandent-l-arret-immediat-de-la-guerre-a-gaza-522b84f092320e6cb567235517a61de9\">Les dirigeants arabes demandent l\u2019arr\u00eat imm\u00e9diat de la guerre \u00e0 Gaza<\/a>&nbsp;(Reuters)<\/p>\n\n\n\n<p><strong><a href=\"https:\/\/brunobertez.com\/2023\/11\/08\/ce-que-la-bbc-ne-vous-dit-pas-sur-le-7-octobre\/\">\u00ab&nbsp;<\/a><a href=\"https:\/\/brunobertez.com\/2023\/11\/08\/ce-que-la-bbc-ne-vous-dit-pas-sur-le-7-octobre\/\">Ce que la BBC ne vous dit pas sur le 7 octobre<\/a><a href=\"https:\/\/brunobertez.com\/2023\/11\/08\/ce-que-la-bbc-ne-vous-dit-pas-sur-le-7-octobre\/\">&nbsp;\u00bb<\/a><\/strong>&nbsp; (Jonathan Cook&nbsp;<em>via<\/em>&nbsp;Bruno Bertez)<\/p>\n\n\n\n<p><a href=\"https:\/\/brunobertez.com\/2023\/11\/08\/les-dix-choses-les-plus-stupides-quon-vous-demande-de-croire-a-propos-de-gaza-caitlin-johnstone\/\">Les dix choses les plus stupides qu\u2019on vous demande de croire \u00e0 propos de Gaza<\/a>&nbsp;(Caitlin Johnstone<em>&nbsp;via<\/em>&nbsp;Bruno Bertez)<\/p>\n\n\n\n<p><a href=\"https:\/\/elucid.media\/democratie\/peut-on-critiquer-israel-le-dessous-du-conflit-israelo-palestinien\">Isra\u00ebl \u2013 Palestine. Peut-on critiquer Isra\u00ebl ? Le dessous du conflit Isra\u00e9lo-Palestinien<\/a>&nbsp;(Elucid)<\/p>\n\n\n\n<p><mark style=\"background-color:rgba(0, 0, 0, 0);color:#ee0505\" class=\"has-inline-color\"><strong>11 novembre<\/strong><\/mark><\/p>\n\n\n\n<p><a href=\"https:\/\/www.saphirnews.com\/Avec-l-attaque-du-7-Octobre-que-veut-le-Hamas_a29939.html\">Avec l\u2019attaque du 7-Octobre, que veut le Hamas ?<\/a>&nbsp;(SaphirNews.com)<\/p>\n\n\n\n<p><a href=\"https:\/\/www.humanite.fr\/monde\/camps-palestinens\/ces-refugies-de-la-nakba-quisrael-bombarde\">Ces r\u00e9fugi\u00e9s de la \u00ab Nakba \u00bb qu\u2019Isra\u00ebl bombarde !<\/a>&nbsp;(L\u2019Humanit\u00e9)<\/p>\n\n\n\n<p><a href=\"https:\/\/www.saphirnews.com\/Israel-Palestine-la-CPI-saisie-d-une-plainte-pour-genocide-a-Gaza_a29941.html\">Isra\u00ebl\/Palestine : la CPI saisie d\u2019une plainte pour \u00ab g\u00e9nocide \u00bb \u00e0 Gaza<\/a>&nbsp;(SaphirNews.com)<\/p>\n\n\n\n<p><a href=\"https:\/\/www.blast-info.fr\/emissions\/2023\/israel-palestine-lonu-face-a-limpasse-z96ZNs3WQnmK6hQ2RyFnpg\">Isra\u00ebl-Palestine : l\u2019ONU face \u00e0 l\u2019impasse<\/a>&nbsp;(Blast)<\/p>\n\n\n\n<p><a href=\"https:\/\/www.revue-ballast.fr\/chroniques-depuis-lenfer-de-gaza\/\">Chroniques depuis l\u2019enfer de Gaza<\/a>&nbsp;(Ballast)<\/p>\n\n\n\n<p><a href=\"https:\/\/www.bondyblog.fr\/opinions\/interview\/ils-vont-menvoyer-me-faire-tuer-un-professeur-de-francais-gazaoui-menace-dexpulsion\/\">\u00ab Ils vont m\u2019envoyer me faire tuer \u00bb : Un professeur de fran\u00e7ais Gazaoui menac\u00e9 d\u2019expulsion<\/a>&nbsp;(Le Bondy Blog)<\/p>\n\n\n\n<p><a href=\"https:\/\/rapportsdeforce.fr\/linternationale\/des-syndicats-du-monde-entier-tentent-dempecher-les-livraisons-darmes-en-israel-111119605\"><strong>Des syndicats du monde entier tentent d\u2019emp\u00eacher les livraisons d\u2019armes en Isra\u00ebl<\/strong><\/a>&nbsp;(Rapports de Force)<\/p>\n\n\n\n<p><mark style=\"background-color:rgba(0, 0, 0, 0);color:#ee0505\" class=\"has-inline-color\"><strong>10 novembre<\/strong><\/mark><\/p>\n\n\n\n<p><a href=\"https:\/\/orientxxi.info\/magazine\/les-dilemmes-du-hezbollah-face-a-la-guerre-sur-gaza,6862\">Les dilemmes du Hezbollah face \u00e0 la guerre sur Gaza<\/a>&nbsp;(Orient XXI)<\/p>\n\n\n\n<p><a href=\"https:\/\/alencontre.org\/moyenorient\/palestine\/2014-je-me-suis-battu-pour-les-israel-defence-forces-a-gaza-cela-ma-pousse-a-me-battre-pour-la-paix.html\">2014: \u00abJe me suis battu pour les Israel Defence Forces \u00e0 Gaza. Cela m\u2019a pouss\u00e9 \u00e0 me battre pour la paix\u00bb<\/a>&nbsp;(A l\u2019encontre)<\/p>\n\n\n\n<p><a href=\"https:\/\/alencontre.org\/moyenorient\/palestine\/gaza-je-ne-veux-plus-dormir-je-ne-supporte-plus-les-cauchemars.html\">Gaza. \u00abJe ne veux plus dormir, je ne supporte plus les cauchemars\u00bb<\/a>&nbsp;(A l\u2019encontre)<\/p>\n\n\n\n<p><a href=\"https:\/\/www.contretemps.eu\/je-vis-a-gaza\/\">\u00ab&nbsp;Je vis \u00e0 Gaza. Les bombardements&nbsp;isra\u00e9liens ne ressemblent&nbsp;\u00e0&nbsp;rien de ce que j\u2019ai pu voir auparavant&nbsp;\u00bb<\/a>&nbsp;(Contretemps)<\/p>\n\n\n\n<p><mark style=\"background-color:rgba(0, 0, 0, 0);color:#ee0505\" class=\"has-inline-color\"><strong>9 novembre<\/strong><\/mark><\/p>\n\n\n\n<p><a href=\"https:\/\/alencontre.org\/moyenorient\/palestine\/gaza-pathologies-de-la-vengeance.html\">Gaza. Pathologies de la vengeance<\/a>&nbsp;(A l\u2019encontre)<\/p>\n\n\n\n<p><a href=\"https:\/\/www.contretemps.eu\/algerie-palestine-colonisation-violence-oppression\/\">De l\u2019Alg\u00e9rie \u00e0 la Palestine, la fausse \u00e9quivalence entre le colonis\u00e9 et le colonisateur<\/a>&nbsp;(Contretemps)<\/p>\n\n\n\n<p><a href=\"https:\/\/www.contretemps.eu\/un-cas-decole-de-genocide\/\">Guerre d\u2019Isra\u00ebl contre Gaza : un cas d\u2019\u00e9cole de g\u00e9nocide<\/a>&nbsp;(Contretemps)<\/p>\n\n\n\n<p><a href=\"https:\/\/mondafrique.com\/actualites-liban\/le-33eme-jour-de-guerredes-bombes-au-phosphore-israeliennes\/\">Le 33eme jour de guerre : des bombes au phosphore isra\u00e9liennes<\/a>&nbsp;(Journal de guerre de IciBeyrouth, via Mondafrique)<\/p>\n\n\n\n<p><strong><a href=\"https:\/\/algeria-watch.org\/?p=89513\">Phosphore blanc, bombes JDAM, Bunker Busters et roof knocking : Les armes d\u2019Isra\u00ebl \u00e0 Ghaza<\/a><\/strong>&nbsp;(El Watan)<\/p>\n\n\n\n<p><a href=\"https:\/\/algeria-watch.org\/?p=89529\">Coloniser, n\u00e9gocier, exterminer\u2026 \u00e9mouvoir<\/a>&nbsp;(Contredit)<\/p>\n\n\n\n<p><a href=\"https:\/\/www.tsa-algerie.com\/leve-palestina-la-chanson-qui-a-rendu-virales-des-manifs-pro-palestiniens-en-europe\/\">Leve Palestina, la chanson qui a rendu virales des manifs pro-Palestiniens en Europe<\/a>&nbsp;(TSA)<\/p>\n\n\n\n<p><a href=\"https:\/\/radio-m.net\/ahed-tamimi-icone-de-la-resistance-palestienienne-arretee\/\">Ahed Tamimi, ic\u00f4ne de la r\u00e9sistance palestienienne, arr\u00eat\u00e9e<\/a>&nbsp;(Radio M)<\/p>\n\n\n\n<p><a href=\"https:\/\/www.middleeasteye.net\/fr\/decryptages\/guerre-israel-palestine-egypte-refuse-projets-deplacements-refugies-gaza-hamas-sinai\">Guerre Isra\u00ebl-Palestine&nbsp;: inqui\u00e8te des projets isra\u00e9liens pour Gaza, l\u2019\u00c9gypte se rebelle<\/a>&nbsp;(MEE)<\/p>\n\n\n\n<p><a href=\"https:\/\/www.contretemps.eu\/universitaires-potentiel-genocide-gaza\/\">Des universitaires mettent en garde contre un potentiel g\u00e9nocide \u00e0 Gaza<\/a>&nbsp;(Collectif)<\/p>\n\n\n\n<p><a href=\"https:\/\/basta.media\/que-nous-reste-t-il-la-vie-en-sursis-des-refugies-palestiniens-au-sud-de-gaza\">\u00abQue nous reste-t-il ?\u00bb : la vie en sursis des r\u00e9fugi\u00e9s palestiniens au sud de Gaza<\/a>&nbsp;(Basta!)<\/p>\n\n\n\n<p><a href=\"https:\/\/www.francetvinfo.fr\/monde\/proche-orient\/israel-palestine\/guerre-entre-israel-et-le-hamas-emmanuel-macron-appelle-clairement-a-un-cessez-le-feu-pour-la-premiere-fois-depuis-le-debut-du-conflit_6173427.html\"><strong>Gaza&nbsp;: Macron appelle clairement \u00e0 un cessez-le-feu pour la premi\u00e8re fois depuis le d\u00e9but du conflit<\/strong><\/a>&nbsp;(France Info)<\/p>\n\n\n\n<p><a href=\"https:\/\/www.lemediatv.fr\/emissions\/2023\/israel-palestine-pourquoi-la-france-se-fracture-kP7ltTWmRBixl9WY0hi56Q\">Isra\u00ebl \u2013 Palestine : Pourquoi la France se fracture<\/a>&nbsp;(Le M\u00e9dia)<\/p>\n\n\n\n<p><mark style=\"background-color:rgba(0, 0, 0, 0);color:#ee0505\" class=\"has-inline-color\"><strong>8 novembre<\/strong><\/mark><\/p>\n\n\n\n<p><a href=\"https:\/\/www.rfi.fr\/fr\/moyen-orient\/20231108-en-direct-l-arm%C3%A9e-isra%C3%A9lienne-dans-la-ville-de-gaza-la-situation-humanitaire-de-plus-en-plus-d%C3%A9sastreuse\" title=\"\">L&rsquo;arm\u00e9e isra\u00e9lienne dans la ville de Gaza, la situation humanitaire de plus en plus d\u00e9sastreuse<\/a> (RFI)<\/p>\n\n\n\n<p><a href=\"https:\/\/french.wafa.ps\/Pages\/Details\/212389\" title=\"\">Raids intensifs et bombardements d\u2019artillerie sur la bande de Gaza<\/a> (wafa)<\/p>\n\n\n\n<p><a href=\"https:\/\/www.france-palestine.org\/Transfert-force-de-communautes-et-de-familles-palestiniennes-isolees-dans-la\" title=\"\">Transfert forc\u00e9 de communaut\u00e9s et de familles palestiniennes isol\u00e9es dans la zone C sous couvert des combats \u00e0 Gaza<\/a> (AFPS)<\/p>\n\n\n\n<p><a href=\"https:\/\/www.francetvinfo.fr\/replay-radio\/8h30-fauvelle-dely\/grand-entretien-conflit-israel-hamas-israel-est-en-train-de-mener-une-guerre-d-hier-estime-dominique-de-villepin_6140460.html\" title=\"\">\u00ab\u00a0Isra\u00ebl est en train de mener une guerre d&rsquo;hier\u00a0\u00bb, estime Dominique de Villepin<\/a> (France Info)<\/p>\n\n\n\n<p><a href=\"https:\/\/www.la-croix.com\/international\/Bande-Gaza-chiffres-disent-difficulte-vie-Gazaouis-2023-10-11-1201286424\" title=\"\">Gaza en 2023&nbsp;: population, densit\u00e9, superficie\u2026 Ce qu\u2019il faut savoir<\/a> (La Croix, acc\u00e8s libre)<\/p>\n\n\n\n<p><a href=\"https:\/\/agencemediapalestine.fr\/blog\/2023\/11\/07\/israel-tue-32-journalistes-palestinien-ne-s-en-1-mois-de-bombardements-sur-gaza\/\" title=\"\">Isra\u00ebl tue 32 journalistes palestinien.ne.s, en 1 mois de bombardements sur Gaza<\/a> (Agence Media Palestine)<\/p>\n\n\n\n<p><mark style=\"background-color:rgba(0, 0, 0, 0);color:#ee0505\" class=\"has-inline-color\"><strong>7 novembre<\/strong><\/mark><\/p>\n\n\n\n<p><a href=\"https:\/\/www.rfi.fr\/fr\/moyen-orient\/20231106-proche-orient-la-diplomatie-am%C3%A9ricaine-dans-l-impasse\" title=\"\">Proche-Orient : la diplomatie am\u00e9ricaine dans l\u2019impasse<\/a> (RFI)<\/p>\n\n\n\n<p><a href=\"https:\/\/www.lorientlejour.com\/article\/1356405\/netanyahu-refuse-un-cessez-le-feu-et-revendique-le-controle-de-la-securite-a-gaza-apres-la-guerre-papier-general.html\" title=\"\">Netanyahu revendique le contr\u00f4le de la s\u00e9curit\u00e9 \u00e0 Gaza apr\u00e8s la guerre; un sous-marin US dans la r\u00e9gion<\/a> (L&rsquo;OrientLeJour)<\/p>\n\n\n\n<p><a href=\"https:\/\/www.middleeasteye.net\/fr\/decryptages\/guerre-israel-palestine-gaza-armee-avance-zones-ouvertes-eviter-repeter-erreurs\" title=\"\">A Gaza, l\u2019arm\u00e9e isra\u00e9lienne avance dans les zones ouvertes pour \u00e9viter de r\u00e9p\u00e9ter les erreurs de&nbsp;2014<\/a> (MEE)<\/p>\n\n\n\n<p><a href=\"https:\/\/www.middleeasteye.net\/fr\/opinion-fr\/guerre-israel-palestine-objectif-final-gaza-colons-securite-nettoyage-ethnique\" title=\"\"><strong>L\u2019objectif final d\u2019Isra\u00ebl est bien plus sinistre qu\u2019un r\u00e9tablissement de la \u00ab&nbsp;s\u00e9curit\u00e9&nbsp;\u00bb<\/strong><\/a> (Richard Falk, rapporteur ONU Palestine)<\/p>\n\n\n\n<p><a href=\"https:\/\/french.wafa.ps\/Pages\/Details\/212357\" title=\"\">Des dizaines de martyrs et de bless\u00e9s lors des raids d&rsquo;occupation  dans diverses zones de la bande de Gaza<\/a> (Wafa Palestine)<\/p>\n\n\n\n<p><a href=\"https:\/\/www.rfi.fr\/fr\/moyen-orient\/20231106-ahed-tamimi-l-icone-palestinienne-qui-embarrasse-isra%C3%ABl\" title=\"\">Ahed Tamimi, l&rsquo;ic\u00f4ne palestinienne qui embarrasse Isra\u00ebl<\/a> (RFI)<\/p>\n\n\n\n<p><a href=\"https:\/\/www.lemonde.fr\/international\/live\/2023\/11\/07\/en-direct-guerre-israel-hamas-benyamin-netanyahou-estime-qu-israel-assumera-pour-une-duree-indeterminee-la-responsabilite-generale-de-la-securite-a-gaza-apres-la-guerre_6198472_3210.html\" title=\"\">L\u2019attente des travailleurs gazaouis&nbsp;qui ont trouv\u00e9 refuge \u00e0 J\u00e9richo<\/a> (Le Monde)<\/p>\n\n\n\n<p><strong><a href=\"https:\/\/www.mediapart.fr\/journal\/international\/071123\/un-mois-apres-le-7-octobre-cette-guerre-est-en-train-de-creer-des-monstres\">\u00ab&nbsp;Cette guerre est en train de cr\u00e9er des monstres&nbsp;\u00bb<\/a>&nbsp;<\/strong>(Emission sp\u00e9ciale \u2018A l\u2019air libre\u2019)<\/p>\n\n\n\n<p><a href=\"https:\/\/www.middleeasteye.net\/fr\/actu-et-enquetes\/guerre-israel-palestine-gaza-travailleurs-detenus-torture\">Des travailleurs palestiniens originaires de Gaza d\u00e9crivent la torture subie en d\u00e9tention en Isra\u00ebl<\/a>&nbsp;(MEE)<\/p>\n\n\n\n<p><a href=\"https:\/\/alencontre.org\/moyenorient\/palestine\/raser-gaza-avec-une-bombe-nucleaire-un-enonce-qui-raconte-une-extreme-droite-gouvernementale.html\">\u00abRaser Gaza avec une bombe nucl\u00e9aire\u00bb : un \u00e9nonc\u00e9 qui raconte une extr\u00eame droite gouvernementale<\/a>&nbsp;(Editorial de&nbsp;<em>Haaretz)<\/em><\/p>\n\n\n\n<p><a href=\"https:\/\/www.972mag.com\/Assez%20avec%20les%20seigneurs%20de%20la%20guerre.%20Il%20y%20a%20une%20autre%20fa%C3%A7on\">Assez avec les seigneurs de la guerre. Il y a une autre fa\u00e7on<\/a>&nbsp;(972mag)<\/p>\n\n\n\n<p><mark style=\"background-color:rgba(0, 0, 0, 0);color:#ee0505\" class=\"has-inline-color\"><strong>6 novembre<\/strong><\/mark><\/p>\n\n\n\n<p><a href=\"https:\/\/www.lorientlejour.com\/article\/1356275\/violents-combats-a-gaza-coupe-en-deux-selon-larmee-israelienne-papier-general.html\" title=\"\">Gaza coup\u00e9 en deux; indignation d&rsquo;agences de l&rsquo;Onu; week-end sanglant au Liban-sud <\/a>(Lorient le Jour)<\/p>\n\n\n\n<p><a href=\"https:\/\/www.rfi.fr\/fr\/moyen-orient\/20231106-en-direct-le-nord-de-la-bande-de-gaza-%C3%A0-feu-et-%C3%A0-sang-les-civils-en-premi%C3%A8re-ligne\" title=\"\">Le nord de la bande de Gaza \u00e0 feu et \u00e0 sang, les civils en premi\u00e8re ligne<\/a> (RFI)<\/p>\n\n\n\n<p><a href=\"https:\/\/www.liberation.fr\/checknews\/le-gouvernement-israelien-souhaite-t-il-faire-voter-une-loi-autorisant-la-police-a-tirer-sur-les-manifestants-anti-guerre-20231031_Y7BMM4LQJNBBDPGUJHUHSVEJVY\/\">Le gouvernement isra\u00e9lien souhaite-t-il faire voter une loi autorisant la police \u00e0 tirer sur les manifestants anti-guerre&nbsp;?<\/a>&nbsp;(liberation.fr)<\/p>\n\n\n\n<p><a href=\"https:\/\/french.wafa.ps\/Pages\/Details\/212317\" title=\"\">Raids isra\u00e9liens sur diverses zones, en se concentrant sur la r\u00e9gion nord-ouest<\/a> (Wafa PAlestine)<\/p>\n\n\n\n<p><a href=\"https:\/\/www.middleeasteye.net\/fr\/opinion-fr\/guerre-israel-palestine-nettoyage-ethnique-egypte-sinai-nakba\" title=\"\">Des preuves de plus en plus nombreuses donnent \u00e0 penser qu\u2019Isra\u00ebl pourrait \u00eatre pr\u00eat \u00e0 \u00ab&nbsp;nettoyer&nbsp;\u00bb Gaza<\/a> (MEE)<\/p>\n\n\n\n<p><a href=\"https:\/\/www.contretemps.eu\/israel-occident-deni-palestine\/\" title=\"\"> Entre Isra\u00ebl et l\u2019Occident, le d\u00e9ni potentiellement g\u00e9nocidaire de la Palestine<\/a> (Contretemps)<\/p>\n\n\n\n<p><img data-recalc-dims=\"1\" loading=\"lazy\" decoding=\"async\" width=\"1200\" height=\"533\" class=\"attachment-medium-large size-medium-large wp-post-image\" src=\"https:\/\/i0.wp.com\/www.contretemps.eu\/wp-content\/uploads\/Capture-decran-2023-11-05-a-17.00.51-1536x857-1.png?resize=1200%2C533&#038;ssl=1\" alt=\"\"> <\/p>\n\n\n\n<p><a href=\"https:\/\/www.acrimed.org\/D-Israel-a-Gaza-3-sur-BFM-TV-une-propagande-en\">D\u2019Isra\u00ebl \u00e0 Gaza (3) : sur BFM-TV, une propagande \u00ab en continu \u00bb<\/a>&nbsp;(Acrimed)<\/p>\n\n\n\n<p><a href=\"https:\/\/www.monde-diplomatique.fr\/2023\/11\/HALIMI\/66266\">Quand la guerre percute la politique fran\u00e7aise<\/a>&nbsp;(Le Monde diplomatique)<\/p>\n\n\n\n<p><a href=\"https:\/\/alencontre.org\/europe\/france\/israel-palestine-prises-de-position-de-la-cgt-et-de-solidaires.html\">Isra\u00ebl-Palestine. Prises de position de la CGT et de Solidaires<\/a>&nbsp;(A l\u2019encontre)<\/p>\n\n\n\n<p><a href=\"https:\/\/lundi.am\/Appel-internationaliste-a-une-assemblee-pour-la-Palestine\">Appel internationaliste \u00e0 une assembl\u00e9e pour la Palestine<\/a>&nbsp;(Lundimatin)<\/p>\n\n\n\n<p><a href=\"https:\/\/www.mediapart.fr\/journal\/international\/061123\/en-cisjordanie-les-palestiniens-subissent-les-offensives-des-colons-israeliens\">En Cisjordanie, les Palestiniens subissent les offensives des colons isra\u00e9liens<\/a>&nbsp;(M\u00e9diapart)<\/p>\n\n\n\n<p><a href=\"https:\/\/alencontre.org\/moyenorient\/palestine\/le-nord-de-la-bande-de-gaza-pilonne-et-rase-pour-etre-une-zone-de-securite-israelienne-ses-residents-deja-refugies-sont-condamnes-a-redevenir-des-refugies-ou.html\">Le nord de la bande de Gaza pilonn\u00e9 et ras\u00e9 pour \u00eatre une zone de s\u00e9curit\u00e9 isra\u00e9lienne\u2026&nbsp;<\/a>&nbsp;(A l\u2019encontre)<\/p>\n\n\n\n<p><a href=\"https:\/\/link.newsletter.franceculture.fr\/m\/ml\/7429\/834515\/4IUKkgMJL7P7OYqEBNGrxW9C5lXTLJmivm821gAfcU8=\/SHBUfzeFgx-Ot7GUUXRMLekWCVyfoMrFuO8nt4TiwN0=\/\">Jordanie, Liban&nbsp;: le dilemme des Palestiniens en exil<\/a>&nbsp;(France Culture)<\/p>\n\n\n\n<p><a href=\"https:\/\/www.blast-info.fr\/articles\/2023\/new-york-gaza-les-deux-lettres-de-demission-qui-jettent-le-trouble-sur-loffensive-israelienne-iK8iEXSJQY2492SUA4cH6g\">New York-Gaza : les deux lettres de d\u00e9mission qui jettent le trouble sur l\u2019offensive isra\u00e9lienne<\/a>&nbsp;(Blast)<\/p>\n\n\n\n<p><a href=\"https:\/\/www.lemonde.fr\/international\/article\/2023\/11\/04\/bezalel-smotrich-agent-du-chaos-au-sein-du-gouvernement-israelien_6198189_3210.html\">Isra\u00ebl. Bezalel Smotrich, agent du chaos au sein du gouvernement isra\u00e9lien<\/a>&nbsp;(Le Monde)<\/p>\n\n\n\n<p><a href=\"https:\/\/french.presstv.ir\/Detail\/2023\/11\/02\/713859\/Le-compte-%C3%A0-rebours-commence-pour-Netanyahu-\">Isra\u00ebl.&nbsp;Le compte \u00e0 rebours commence pour Netanyahu selon l\u2019administration US<\/a>&nbsp;(french press tv)<\/p>\n\n\n\n<p><strong><a href=\"https:\/\/www.contretemps.eu\/dossier-palestine-guerre-gaza-liberation\/\">Dossier : Palestine, guerre coloniale et lutte de lib\u00e9ration nationale<\/a>&nbsp;<\/strong>(Contretemps)<\/p>\n\n\n\n<p>&nbsp;<a href=\"https:\/\/lundi.am\/Strategies-de-solidarite-avec-les-Palestinien-nes\">Strat\u00e9gies de solidarit\u00e9 avec les Palestinien\u00b7nes&nbsp;<\/a>&nbsp;&nbsp;(Collectif d\u2019anarchistes juif\u00b7ves impliqu\u00e9 dans la lutte contre Cop City \u00e0 Atlanta)<\/p>\n\n\n\n<p><strong><a href=\"https:\/\/www.france24.com\/fr\/moyen-orient\/20231102-marwan-barghouti-le-nelson-mandela-palestinien-peut-il-%C3%AAtre-le-faiseur-de-paix-%C3%A0-gaza?xtor=EPR-300&amp;_ope=eyJndWlkIjoiZjI4YjA2MTEzODIxNTJjNDEzY2EyNTczNDcwOTQ5ZTkifQ%3D%3D\">Isra\u00ebl. Marwan Barghouti, le \u00ab&nbsp;Nelson Mandela palestinien&nbsp;\u00bb, peut-il \u00eatre le faiseur de paix \u00e0 Gaza ?<\/a>&nbsp;<\/strong>(France 24)<\/p>\n\n\n\n<p><mark style=\"background-color:rgba(0, 0, 0, 0);color:#ee0505\" class=\"has-inline-color\"><strong>4 novembre<\/strong><\/mark><\/p>\n\n\n\n<p><strong><a href=\"https:\/\/www.liberation.fr\/international\/moyen-orient\/en-direct-guerre-hamas-israel-situation-dans-la-bande-de-gaza-frappe-sur-une-ambulance-tournee-de-blinken-suivez-toutes-les-informations-de-ce-samedi-4-novembre-20231104_PKI4BIM26BHKJHTJDSKHZOIWU4\/\">A Paris, Toulouse ou Nice, des milliers de manifestants pour soutenir les Palestiniens<\/a>&nbsp;<\/strong>(Le Direct de Lib\u00e9ration)<\/p>\n\n\n\n<p>&nbsp;<a href=\"https:\/\/www.boursorama.com\/videos\/actualites\/des-milliers-de-personnnes-manifestent-en-solidarite-avec-les-palestiniens-a-londres-0960f5bb3d85197c61538ec8e664bffc\">Des milliers de personnnes manifestent en solidarit\u00e9 avec les Palestiniens \u00e0 Londres<\/a>&nbsp;(AFP Vid\u00e9o)<\/p>\n\n\n\n<p><a href=\"https:\/\/www.boursorama.com\/videos\/actualites\/berlin-des-milliers-de-personnes-participent-a-une-manifestation-pro-palestinienne-0622b3286b946c5bb29301bec03f342e\">Berlin : Des milliers de personnes participent \u00e0 une manifestation pro-palestinienne<\/a>&nbsp;(AFP Vid\u00e9o)<\/p>\n\n\n\n<p><a href=\"https:\/\/blogs.mediapart.fr\/les-invites-de-mediapart\/blog\/041123\/lettre-ukrainienne-de-solidarite-avec-le-peuple-palestinien\">Lettre ukrainienne de solidarit\u00e9 avec le peuple palestinien<\/a>&nbsp;(Les invit\u00e9s de Mediapart)<\/p>\n\n\n\n<p><a href=\"https:\/\/www.mediapart.fr\/journal\/international\/031123\/liban-le-discours-de-nasrallah-montre-qu-une-guerre-regionale-n-est-pas-au-programme\">\u00ab&nbsp;Le discours de Nasrallah montre qu\u2019une guerre r\u00e9gionale n\u2019est pas au programme&nbsp;\u00bb<\/a>&nbsp;(M\u00e9diapart)<\/p>\n\n\n\n<p><strong><a href=\"https:\/\/www.francetvinfo.fr\/monde\/israel\/guerre-entre-israel-et-le-hamas-pourquoi-l-avenir-politique-de-benyamin-netanyahou-s-est-assombri-depuis-les-attaques-du-7-octobre_6155607.html\">Isra\u00ebl : l\u2019avenir politique de N\u00e9tanyahou s\u2019est assombri depuis les attaques du 7 octobre<\/a><\/strong>&nbsp;(France Info)<\/p>\n\n\n\n<p><a href=\"https:\/\/www.francetvinfo.fr\/monde\/proche-orient\/israel-palestine\/quand-la-guerre-sera-terminee-les-questions-seront-nombreuses-apres-la-revelation-d-un-document-secret-defense-benyamin-netanyahou-fragilise-en-israel_6155172.html\">Apr\u00e8s la r\u00e9v\u00e9lation d\u2019un document secret d\u00e9fense, Benyamin N\u00e9tanyahou fragilis\u00e9 en Isra\u00ebl<\/a>&nbsp;(France Info)<\/p>\n\n\n\n<p><a href=\"https:\/\/www.francetvinfo.fr\/monde\/proche-orient\/israel-palestine\/reportage-prenez-netanyahou-rendez-nous-les-otages-en-israel-les-proches-des-otages-font-entendre-leur-colere-contre-le-gouvernement_6151476.html\">\u00ab&nbsp;Prenez N\u00e9tanyahou, rendez-nous les otages&nbsp;\u00bb : en Isra\u00ebl, la col\u00e8re des proches des personnes kidnapp\u00e9es par le Hamas<\/a>&nbsp;(France Info)<\/p>\n\n\n\n<p><a href=\"https:\/\/orientxxi.info\/lu-vu-entendu\/palestine-un-genocide-qui-se-deroule-sous-nos-yeux,6848\">Palestine. \u00ab&nbsp;Un g\u00e9nocide qui se d\u00e9roule sous nos yeux&nbsp;\u00bb<\/a>&nbsp;(Orient XXI)<\/p>\n\n\n\n<p><a href=\"https:\/\/blogs.mediapart.fr\/tsedek\/blog\/041123\/l-antisemitisme-doit-etre-combattu-son-instrumentalisation-aussi\">L\u2019antis\u00e9mitisme doit \u00eatre combattu, son instrumentalisation aussi<\/a>&nbsp;(Blog de Tsedek!)<\/p>\n\n\n\n<p><a href=\"https:\/\/alencontre.org\/moyenorient\/egypte\/depuis-75-ans-les-palestiniens-sont-contraints-de-vivre-comme-une-population-apatride.html\">\u00abDepuis 75 ans, les Palestiniens sont contraints de vivre comme une population apatride\u00bb<\/a>&nbsp;(A L\u2019encontre)<\/p>\n\n\n\n<p><strong><a href=\"https:\/\/alencontre.org\/moyenorient\/palestine\/le-scenario-dune-population-gazaouie-deplacee.html\">\u00abLe sc\u00e9nario d\u2019une population gazaouie d\u00e9plac\u00e9e\u00bb<\/a>&nbsp;<\/strong>(A L\u2019encontre)<\/p>\n\n\n\n<p><a href=\"https:\/\/www.francetvinfo.fr\/monde\/proche-orient\/israel-palestine\/temoignage-je-suis-furieux-contre-mon-gouvernement-un-ancien-soldat-israelien-denonce-la-riposte-a-gaza_6159555.html\">\u00ab&nbsp;Je suis furieux contre mon gouvernement&nbsp;\u00bb : un ancien soldat isra\u00e9lien d\u00e9nonce la riposte \u00e0 Gaza<\/a>&nbsp;(France Info)<\/p>\n\n\n\n<p><a href=\"https:\/\/en.idi.org.il\/articles\/51147\">Enqu\u00eate d\u2019opinion de l\u2019Israel Democracy Institute publi\u00e9e le 23 octobre<\/a>&nbsp;(IDI)<\/p>\n\n\n\n<p><strong><a href=\"https:\/\/www.contretemps.eu\/lettre-demission-craig-mokhiber-gaza-genocide\/\">Gaza : lettre de d\u00e9mission du directeur du Bureau de New York du Haut Commissariat aux droits humains<\/a>&nbsp;<\/strong>(Contretemps)<\/p>\n\n\n\n<p><a href=\"https:\/\/www.contretemps.eu\/gaza-occident-instrumentalisation-genocide\/\">Gaza, l\u2019Ouest et le reste<\/a>&nbsp;(Contretemps)<\/p>\n\n\n\n<p><mark style=\"background-color:rgba(0, 0, 0, 0);color:#ee0505\" class=\"has-inline-color\"><strong>3 novembre<\/strong><\/mark><\/p>\n\n\n\n<p><a href=\"https:\/\/www.boursorama.com\/videos\/actualites\/paris-des-centaines-de-personnes-en-soutien-aux-palestiniens-408cc0cd8d62bcb93fa15abdb13800e4\">Paris : des centaines de personnes en soutien aux Palestiniens<\/a>&nbsp;(AFP vid\u00e9o) &nbsp;&nbsp;<\/p>\n\n\n\n<p><a href=\"https:\/\/www.mediapart.fr\/journal\/politique\/021123\/en-israel-eric-zemmour-cultive-ses-obsessions-identitaires\"><strong>En Isra\u00ebl, \u00c9ric Zemmour cultive ses obsessions identitaires<\/strong><\/a>&nbsp;(M\u00e9diapart)<\/p>\n\n\n\n<p><a href=\"https:\/\/blogs.mediapart.fr\/israelis-against-apartheid\/blog\/031123\/mettre-un-terme-limpunite-appel-urgent-karim-khan-procureur-de-la-cpi\">Mettre un terme \u00e0 l\u2019impunit\u00e9 \u2013 Appel urgent \u00e0 Karim A. A. Khan, procureur de la CPI<\/a>&nbsp;(Israelis against Apartheid)<\/p>\n\n\n\n<p><a href=\"https:\/\/www.huffingtonpost.fr\/international\/video\/guerre-israel-hamas-l-institut-francais-de-gaza-et-les-bureaux-de-l-afp-vises-par-des-frappes-israeliennes_225276.html\">L\u2019Institut fran\u00e7ais et l\u2019AFP dans la bande de Gaza vis\u00e9s par des frappes isra\u00e9liennes<\/a>&nbsp;(Huffpost)<\/p>\n\n\n\n<p><a href=\"https:\/\/www.boursorama.com\/actualite-economique\/actualites\/des-milliers-de-travailleurs-palestiniens-renvoyes-a-gaza-c7cb72d2f33509ed437689f3fe393f95\">Des milliers de travailleurs palestiniens renvoy\u00e9s \u00e0 Gaza<\/a>&nbsp;(Reuters)<\/p>\n\n\n\n<p><a href=\"https:\/\/www.boursorama.com\/actualite-economique\/actualites\/les-conditions-de-vie-a-gaza-sous-siege-israelien-plus-sinistres-que-jamais-055fd3516fd84097d85ee435632e5204\">Les conditions de vie \u00e0 Gaza sous si\u00e8ge isra\u00e9lien plus sinistres que jamais<\/a>&nbsp;(Reuters)<\/p>\n\n\n\n<p><strong><a href=\"https:\/\/www.boursorama.com\/actualite-economique\/actualites\/grave-risque-de-genocide-pour-les-palestiniens-estiment-des-experts-de-l-onu-ae5f6856487da819a610829e6e529201\">\u00ab&nbsp;Grave risque de g\u00e9nocide&nbsp;\u00bb pour les Palestiniens, estiment des experts de l\u2019Onu<\/a>&nbsp;<\/strong>(Reuters)<\/p>\n\n\n\n<p><a href=\"https:\/\/www.boursorama.com\/actualite-economique\/actualites\/les-republicains-defient-biden-sur-l-aide-a-israel-gaza-et-l-ukraine-c4550b433e36a26ec364b2df31a41703\">USA&nbsp;: les r\u00e9publicains d\u00e9fient Biden sur l\u2019aide \u00e0 Isra\u00ebl, Gaza et l\u2019Ukraine<\/a>&nbsp;(AFP) &nbsp;&nbsp;<\/p>\n\n\n\n<p><a href=\"https:\/\/www.frustrationmagazine.fr\/international-gaza\/\"><strong>Gaza : \u00e0 l\u2019international comme en Isra\u00ebl, le massacre est d\u00e9nonc\u00e9<\/strong><\/a>&nbsp;(Frustration)<\/p>\n\n\n\n<p><mark style=\"background-color:rgba(0, 0, 0, 0);color:#ee0505\" class=\"has-inline-color\"><strong>2 novembre<\/strong><\/mark><\/p>\n\n\n\n<p><a href=\"https:\/\/www.cadtm.org\/Quand-Einstein-appelait-fascistes-ceux-qui-gouvernent-Israel-depuis-44-ans\" target=\"_blank\" rel=\"noreferrer noopener\"><strong>Quand Einstein appelait \u00ab fascistes \u00bb ceux qui gouvernent Isra\u00ebl depuis 44 ans&#8230;<\/strong><\/a> (CADTM)<\/p>\n\n\n\n<p><a href=\"https:\/\/radio-m.net\/gaza-38-journalistes-ont-ete-assassines-depuis-le-7-octobre\/\">Gaza : 38 journalistes ont \u00e9t\u00e9 assassin\u00e9s depuis le 7 octobre<\/a> (Radio M)<\/p>\n\n\n\n<p><strong><a href=\"https:\/\/radio-m.net\/blackout-impose-a-gaza-lappel-des-internautes-a-elon-musk-patron-de-x\/\">Blackout impos\u00e9 \u00e0 Gaza&nbsp;: l\u2019appel des internautes \u00e0 Elon Musk, patron de \u00ab&nbsp;X&nbsp;\u00bb<\/a><\/strong> (Radio M)<\/p>\n\n\n\n<p><a href=\"https:\/\/algeria-watch.org\/?p=89371\">La CPI rappelle que le blocage de l\u2019aide humanitaire peut constituer un \u00abcrime\u00bb<\/a> (El Watan)<\/p>\n\n\n\n<p><strong><a href=\"https:\/\/algeria-watch.org\/?p=89293\">Human Rights Watch accuse l\u2019arm\u00e9e isra\u00e9lienne d\u2019utiliser des bombes au phosphore<\/a><\/strong> (El Watan)<\/p>\n\n\n\n<p><a href=\"https:\/\/www.middleeasteye.net\/fr\/opinion-fr\/guerre-israel-palestine-biden-netanyahou-nettoyage-ethnique\">Guerre Isra\u00ebl-Palestine&nbsp;: Biden a-t-il perdu le contr\u00f4le de Netanyahou&nbsp;?<\/a> -David Hearst (MEE)<\/p>\n\n\n\n<p><a href=\"https:\/\/www.middleeasteye.net\/fr\/actu-et-enquetes\/guerre-israel-palestine-bombardement-camp-refugies-jabaliya-massacre\">Isra\u00ebl-Palestine : le bombardement du camp de r\u00e9fugi\u00e9s de Jabaliya, un \u00ab&nbsp;massacre&nbsp;\u00bb<\/a> (MEE)<\/p>\n\n\n\n<p><a href=\"https:\/\/www.middleeasteye.net\/fr\/actu-et-enquetes\/guerre-israel-palestine-cisjordanie-menaces-colons-enfants-deplacements-oliveraies-nakba\">Isra\u00ebl : des colons menacent les enfants de Cisjordanie avec des poup\u00e9es ensanglant\u00e9es<\/a> (MEE)<\/p>\n\n\n\n<figure class=\"wp-block-image size-full is-resized\"><img data-recalc-dims=\"1\" loading=\"lazy\" decoding=\"async\" width=\"527\" height=\"296\" src=\"https:\/\/i0.wp.com\/www.rdpemancipation.org\/wp-content\/uploads\/2023\/11\/image-2.png?resize=527%2C296&#038;ssl=1\" alt=\"\" class=\"wp-image-121813\" style=\"aspect-ratio:1.7804054054054055;width:423px;height:auto\" srcset=\"https:\/\/i0.wp.com\/www.rdpemancipation.org\/wp-content\/uploads\/2023\/11\/image-2.png?w=527&amp;ssl=1 527w, https:\/\/i0.wp.com\/www.rdpemancipation.org\/wp-content\/uploads\/2023\/11\/image-2.png?resize=300%2C169&amp;ssl=1 300w\" sizes=\"auto, (max-width: 527px) 100vw, 527px\" \/><\/figure>\n\n\n\n<p><mark style=\"background-color:rgba(0, 0, 0, 0);color:#ee0505\" class=\"has-inline-color\"><strong>1er novembre<\/strong><\/mark><\/p>\n\n\n\n<p><a href=\"https:\/\/www.mediapart.fr\/journal\/international\/011123\/guerre-au-proche-orient-selon-msf-gaza-il-faut-des-centaines-de-camions-d-aide-humanitaire-par-jour\">Selon MSF \u00e0 Gaza, il faut \u00abdes centaines de camions d\u2019aide humanitaire par jour\u00bb<\/a>&nbsp;(M\u00e9diapart)<\/p>\n\n\n\n<p><a href=\"https:\/\/link.newsletter.franceculture.fr\/m\/ml\/7429\/833376\/fDIKpmxhkyRHwKw0KLSAQm9C5lXTLJmivm821gAfcU8=\/osjk4GXi5YzzRsiL0kIl9YXsLej-8svgUlzGwML6aIQ=\/\">Gaza&nbsp;: face au d\u00e9sastre humanitaire, l\u2019impuissance du droit international&nbsp;?<\/a>&nbsp;(France Culture)<\/p>\n\n\n\n<p><strong><a href=\"https:\/\/go.ldh-france.org\/lnk\/AVcAACnjQXoAAcuJUYQAAG8yE-4AAVQQeZ0AHnIRAAi26gBlQSWN9BLYeW5MTsmufbCpZdPVuwAIRKs\/1\/Rqbssgw4DlHm1XlA4tbS0g\/aHR0cHM6Ly93d3cubGRoLWZyYW5jZS5vcmcvc3RvcC1hLWxpbmh1bWFpbi1jZXNzZXotbGUtZmV1LWltbWVkaWF0LWxpYmVyYXRpb24tZGVzLW90YWdlcy1wcm90ZWN0aW9uLWRlcy1wb3B1bGF0aW9ucy1jaXZpbGVzLw\">Stop \u00e0 l\u2019inhumain. Cessez-le-feu imm\u00e9diat, lib\u00e9ration des otages, protection des populations civiles<\/a>&nbsp;<\/strong>(LDH)<\/p>\n\n\n\n<p><a href=\"https:\/\/www.acrimed.org\/D-Israel-a-Gaza-2-la-guerre-plutot-que-la-paix\">D\u2019Isra\u00ebl \u00e0 Gaza (2) : la guerre plut\u00f4t que la paix<\/a>&nbsp;(Acrimed)<\/p>\n\n\n\n<p><strong><a href=\"https:\/\/lvsl.fr\/likoud-et-hamas-histoire-dun-renforcement-mutuel\/\">Likoud et Hamas : histoire d\u2019un renforcement mutuel<\/a><\/strong>&nbsp;(Le Vent Se L\u00e8ve)<\/p>\n\n\n\n<p><a href=\"https:\/\/histoirecoloniale.net\/Aux-origines-coloniales-de-la-question-palestinienne-par-Gilbert-Meynier.html\">Aux origines coloniales de la question palestinienne, par Gilbert Meynier<\/a>&nbsp;(Histoire coloniale)<\/p>\n\n\n\n<p><a href=\"https:\/\/www.lemonde.fr\/idees\/article\/2023\/10\/31\/l-ecrivaine-libanaise-dominique-edde-sur-la-guerre-israel-hamas-le-recours-au-nous-contre-eux-signe-fatalement-le-debut-de-l-obscurantisme-et-de-la-cecite_6197490_3232.html\">Le \u2018nous contre eux\u2019 signe fatalement le d\u00e9but de l\u2019obscurantisme et de la c\u00e9cit\u00e9<\/a>&nbsp;(Tribune de l\u2019\u00e9crivaine libanaise Dominique Edd\u00e9)<\/p>\n\n\n\n<p><a href=\"https:\/\/aoc.media\/opinion\/2023\/10\/31\/le-spectre-dun-genocide-a-gaza\/\">Le spectre d\u2019un g\u00e9nocide \u00e0 Gaza<\/a>&nbsp;-Didier Fassin (AOC)<\/p>\n\n\n\n<p><a href=\"https:\/\/www.lemediatv.fr\/emissions\/2023\/israel-antisemitisme-antisionisme-la-grande-hypocrisie-AhKcQ5ifRNGKGySKJbWx5A\">Isra\u00ebl, antis\u00e9mitisme, antisionisme : la grande hypocrisie<\/a>&nbsp;(Le M\u00e9dia)<\/p>\n","protected":false},"excerpt":{"rendered":"<p>27 novembre EN DIRECT \u2013 la tr\u00eave entre le Hamas et Isra\u00ebl prolong\u00e9e de deux jours, selon les Etats-Unis&nbsp;(Lib\u00e9ration) Le Qatar annonce avoir trouv\u00e9 un accord pour prolonger de 2 jours la tr\u00eave \u00e0 Gaza\u00a0(France Info) Cisjordanie : \u00abDes soldats sont arriv\u00e9s, ont attaqu\u00e9 nos maisons et ont tir\u00e9 au hasard\u00bb\u00a0(Politis) \u00ab\u00a0Yallah Gaza\u00a0\u00bb, un documentaire &#8230; <a title=\"Novembre &#8211; Proche &#038; Moyen-Orient\" class=\"read-more\" href=\"https:\/\/www.rdpemancipation.org\/?p=121722\" aria-label=\"En savoir plus sur Novembre &#8211; Proche &#038; Moyen-Orient\">Lire la suite<\/a><\/p>\n","protected":false},"author":1,"featured_media":0,"comment_status":"closed","ping_status":"closed","sticky":false,"template":"","format":"standard","meta":{"_lmt_disableupdate":"","_lmt_disable":"","_jetpack_memberships_contains_paid_content":false,"footnotes":""},"categories":[18],"tags":[],"class_list":["post-121722","post","type-post","status-publish","format-standard","hentry","category-proche-moyen-orient"],"modified_by":"nch","jetpack_featured_media_url":"","jetpack_sharing_enabled":true,"_links":{"self":[{"href":"https:\/\/www.rdpemancipation.org\/index.php?rest_route=\/wp\/v2\/posts\/121722","targetHints":{"allow":["GET"]}}],"collection":[{"href":"https:\/\/www.rdpemancipation.org\/index.php?rest_route=\/wp\/v2\/posts"}],"about":[{"href":"https:\/\/www.rdpemancipation.org\/index.php?rest_route=\/wp\/v2\/types\/post"}],"author":[{"embeddable":true,"href":"https:\/\/www.rdpemancipation.org\/index.php?rest_route=\/wp\/v2\/users\/1"}],"replies":[{"embeddable":true,"href":"https:\/\/www.rdpemancipation.org\/index.php?rest_route=%2Fwp%2Fv2%2Fcomments&post=121722"}],"version-history":[{"count":32,"href":"https:\/\/www.rdpemancipation.org\/index.php?rest_route=\/wp\/v2\/posts\/121722\/revisions"}],"predecessor-version":[{"id":122734,"href":"https:\/\/www.rdpemancipation.org\/index.php?rest_route=\/wp\/v2\/posts\/121722\/revisions\/122734"}],"wp:attachment":[{"href":"https:\/\/www.rdpemancipation.org\/index.php?rest_route=%2Fwp%2Fv2%2Fmedia&parent=121722"}],"wp:term":[{"taxonomy":"category","embeddable":true,"href":"https:\/\/www.rdpemancipation.org\/index.php?rest_route=%2Fwp%2Fv2%2Fcategories&post=121722"},{"taxonomy":"post_tag","embeddable":true,"href":"https:\/\/www.rdpemancipation.org\/index.php?rest_route=%2Fwp%2Fv2%2Ftags&post=121722"}],"curies":[{"name":"wp","href":"https:\/\/api.w.org\/{rel}","templated":true}]}}