{"id":119243,"date":"2023-09-01T12:06:49","date_gmt":"2023-09-01T10:06:49","guid":{"rendered":"https:\/\/www.rdpemancipation.org\/?p=119243"},"modified":"2023-09-28T18:33:33","modified_gmt":"2023-09-28T16:33:33","slug":"septembre-leur-etat-3","status":"publish","type":"post","link":"https:\/\/www.rdpemancipation.org\/?p=119243","title":{"rendered":"Septembre &#8211; Leur \u00c9tat"},"content":{"rendered":"\n<p><mark style=\"background-color:rgba(0, 0, 0, 0);color:#ee0505\" class=\"has-inline-color\"><strong>28 septembre<\/strong><\/mark><\/p>\n\n\n\n<p><a href=\"https:\/\/www.youtube.com\/watch?v=d9FxlZMFA9o\">Libert\u00e9s fondamentales: un glissement sans pr\u00e9c\u00e9dent sign\u00e9 Macron<\/a> (Blast)<\/p>\n\n\n\n<p><mark style=\"background-color:rgba(0, 0, 0, 0);color:#ee0505\" class=\"has-inline-color\"><strong>26 septembre<\/strong><\/mark><\/p>\n\n\n\n<p><a href=\"https:\/\/www.off-investigation.fr\/il-y-a-plus-daffaires-de-corruption-depuis-quemmanuel-macron-est-au-pouvoir-linterview-de-jerome-karsenti-avocat-historique-danticor\/\" target=\"_blank\" rel=\"noreferrer noopener\">Il y a plus d\u2019affaires de corruption depuis qu\u2019Emmanuel Macron est au pouvoir<\/a> (Off Investigation avec J\u00e9r\u00f4me Karsenti d\u2019Anticor)<\/p>\n\n\n\n<p><a href=\"https:\/\/93k59.r.a.d.sendibm1.com\/mk\/cl\/f\/sh\/1t6Af4OiGsE8LIlZyuofZhhX98oNHh\/72ObAyK8bbhk\" target=\"_blank\" rel=\"noreferrer noopener\">Affaire Lafarge&nbsp;:&nbsp; moyens d&rsquo;enqu\u00eates utilis\u00e9s, notamment par la Sous-Direction-Anti-Terroriste <\/a>&nbsp;(Soul\u00e8vement de la Terre)<\/p>\n\n\n\n<p><a href=\"https:\/\/www.youtube.com\/watch?v=PFuvZAemaQQ\">L\u2019Etat hors la loi ; plaidoyer pour en finir avec les violences polici\u00e8res<\/a>&nbsp;(Blast)<\/p>\n\n\n\n<p><a href=\"https:\/\/basta.media\/mon-fils-est-plus-que-courageux-la-vie-d-ahmad-9-ans-ecolier-sans-abri-logement\" target=\"_blank\" rel=\"noreferrer noopener\">\u00ab Mon fils est plus que courageux \u00bb : la vie d&rsquo;Ahmad, 9 ans, \u00e9colier sans-abri<\/a> (Basta!)<\/p>\n\n\n\n<p><a href=\"https:\/\/reporterre.net\/Arie-Alimi-Les-violences-policieres-sont-la-consequence-d-un-pouvoir-peu-legitime\" target=\"_blank\" rel=\"noreferrer noopener\">Ari\u00e9 Alimi&nbsp;: \u00ab&nbsp;Les violences polici\u00e8res sont la cons\u00e9quence d&rsquo;un pouvoir peu l\u00e9gitime&nbsp;\u00bb<\/a> (Reporterre)<\/p>\n\n\n\n<p><a href=\"https:\/\/lundi.am\/Desarmement-de-l-usine-Lafarge-de-Bouc-Bel-Air-5680\" target=\"_blank\" rel=\"noreferrer noopener\">D\u00e9sarmement de l\u2019usine Lafarge de Bouc-Bel-Air<\/a> (Lundimatin)<\/p>\n\n\n\n<p><mark style=\"background-color:rgba(0, 0, 0, 0);color:#ee0505\" class=\"has-inline-color\"><strong>23 septembre<\/strong><\/mark><\/p>\n\n\n\n<p><a href=\"https:\/\/www.ldh-france.org\/france-harcelement-judiciaire-contre-la-journaliste-ariane-lavrilleux-une-atteinte-intolerable-a-la-liberte-de-la-presse\/\" target=\"_blank\" rel=\"noreferrer noopener\"><strong>Harc\u00e8lement judiciaire contre la journaliste Ariane Lavrilleux, une atteinte intol\u00e9rable \u00e0 la libert\u00e9 de la presse<\/strong><\/a> (LDH)<\/p>\n\n\n\n<p><a href=\"https:\/\/www.off-investigation.fr\/violences-policiereslimpunite-organisee\/\" target=\"_blank\" rel=\"noreferrer noopener\"><strong>Violences polici\u00e8res. L\u2019impunit\u00e9 organis\u00e9<\/strong>e<\/a> (Off Investigation)<\/p>\n\n\n\n<p><mark style=\"background-color:rgba(0, 0, 0, 0);color:#ee0505\" class=\"has-inline-color\"><strong>22 septembre<\/strong><\/mark><\/p>\n\n\n\n<p><a href=\"https:\/\/www.spiil.org\/s\/position\/perquisition-chez-ariane-lavrilleux-journaliste-de-disclose-le-spiil-d-nonce-une-MCHUM54SCS7ZCSJCGX733F22SGHQ\">Communiqu\u00e9 du SPIIL sur la Libert\u00e9 de la presse<\/a> (Syndicat de la Presse Ind\u00e9pendante d&rsquo;Information en Ligne)<\/p>\n\n\n\n<p><a href=\"https:\/\/www.acrimed.org\/Violences-policieres-des-marches-sous\" target=\"_blank\" rel=\"noreferrer noopener\"><strong>Violences polici\u00e8res : les marches du 23 septembre sous surveillance (et discr\u00e9dit) m\u00e9diatique<\/strong><\/a> (Acrimed)<\/p>\n\n\n\n<p><a href=\"https:\/\/www.ldh-france.org\/controle-des-frontieres-le-gouvernement-contraint-de-sortir-de-lillegalite\/\" target=\"_blank\" rel=\"noreferrer noopener\">Contr\u00f4le des fronti\u00e8res : le gouvernement contraint de sortir de l\u2019ill\u00e9galit\u00e9<\/a>&nbsp;(LDH)<\/p>\n\n\n\n<p><a href=\"https:\/\/www.acrimed.org\/Racisme-et-violences-policieres-l-information\" target=\"_blank\" rel=\"noreferrer noopener\">Racisme et violences polici\u00e8res : l&rsquo;information verrouill\u00e9e (tract)<\/a> (Acrimed)<\/p>\n\n\n\n<p><a href=\"https:\/\/lesjours.fr\/obsessions\/lbd-violences-policieres\/ep1-victimes-lbd\/\" target=\"_blank\" rel=\"noreferrer noopener\">Le LBD, une violence qui cr\u00e8ve les yeux<\/a> (Les Jours)<\/p>\n\n\n\n<p><a href=\"https:\/\/www.politis.fr\/articles\/2023\/09\/priscilla-majani-en-prison-pour-avoir-voulu-proteger-sa-fille-de-linceste\/\" target=\"_blank\" rel=\"noreferrer noopener\">Priscilla Majani, en prison pour avoir voulu prot\u00e9ger sa fille de l\u2019inceste<\/a> (Politis)<\/p>\n\n\n\n<p><mark style=\"background-color:rgba(0, 0, 0, 0);color:#ee0505\" class=\"has-inline-color\"><strong>21 septembre<\/strong><\/mark><\/p>\n\n\n\n<p><a href=\"https:\/\/www.ldh-france.org\/pas-de-papiers-pas-davocat-les-travailleurs-sans-papiers-seront-ils-toujours-prives-de-laide-juridictionnelle-2\/\" target=\"_blank\" rel=\"noreferrer noopener\">Pas de papiers, pas d\u2019avocat : les travailleurs sans papiers seront-ils toujours priv\u00e9s de l\u2019aide juridictionnelle ?<\/a>&nbsp; (LDH)<\/p>\n\n\n\n<p><a href=\"https:\/\/www.huffingtonpost.fr\/medias\/article\/la-journaliste-ariane-lavrilleux-sortie-de-garde-a-vue-appelle-a-continuer-le-combat_223368.html\"><strong>\u2018Continuons le combat\u2019, appelle la journaliste Ariane Lavrilleux apr\u00e8s sa garde \u00e0 vue<\/strong><\/a> (Huffpost)<\/p>\n\n\n\n<p><a href=\"https:\/\/disclose.ngo\/fr\/article\/secret-des-sources-une-journaliste-de-disclose-placee-en-garde-a-vue\"><strong>Secret des sources : la journaliste de Disclose lib\u00e9r\u00e9e au terme de 39 heures de garde \u00e0 vue<\/strong><\/a> (Disclose)<\/p>\n\n\n\n<p><a href=\"https:\/\/france.attac.org\/actus-et-medias\/le-flux\/article\/proces-du-commissaire-souchi-a-lyon-le-13-octobre-pourquoi-se-mobiliser\"><strong>Proc\u00e8s du commissaire Souchi \u00e0 Lyon le 13 octobre&nbsp;: pourquoi se mobiliser&nbsp;?<\/strong><\/a>(Attac)<\/p>\n\n\n\n<p><a href=\"http:\/\/alencontre.org\/europe\/france\/france-la-condition-des-etrangers-a-toujours-ete-determinee-par-des-considerations-utilitaristes-et-letat-viole-le-droit-des-etrangers.html\">\u00ab<strong>La condition des \u00e9trangers a toujours \u00e9t\u00e9 d\u00e9termin\u00e9e par des consid\u00e9rations utilitaristes et l\u2019Etat viole le droit des \u00e9trangers<\/strong>\u00bb<\/a> (A l\u2019Encontre)<\/p>\n\n\n\n<p><a href=\"https:\/\/www.index.ngo\/enquetes\/affaire-de-lile-saint-denis-analyse-de-lenregistrement-audio-complet\/\" target=\"_blank\" rel=\"noreferrer noopener\">Affaire de L\u2019\u00cele-Saint-Denis : analyse de l\u2019enregistrement audio complet<\/a> (Index)<\/p>\n\n\n\n<p><mark style=\"background-color:rgba(0, 0, 0, 0);color:#ee0505\" class=\"has-inline-color\"><strong>20 septembre<\/strong><\/mark><\/p>\n\n\n\n<p><a href=\"https:\/\/disclose.ngo\/fr\/investigations\/vente-darmes-letat-francais-traque-nos-sources\">Vente d\u2019armes&nbsp;: l\u2019Etat fran\u00e7ais traque nos sources<\/a> (Disclose)<\/p>\n\n\n\n<p><a href=\"https:\/\/www.acrimed.org\/Arrestation-d-Ariane-Lavrilleux-une-grave\" target=\"_blank\" rel=\"noreferrer noopener\">Arrestation d&rsquo;Ariane Lavrilleux : une grave atteinte aux sources journalistiques<\/a> (Acrimed et SNJ CGT)<a href=\"https:\/\/www.huffingtonpost.fr\/politique\/video\/sur-le-service-national-universel-obligatoire-ou-pas-prisca-thevenot-a-t-elle-vendu-la-meche_223315.html\"><\/a><\/p>\n\n\n\n<p><a href=\"https:\/\/www.huffingtonpost.fr\/politique\/video\/sur-le-service-national-universel-obligatoire-ou-pas-prisca-thevenot-a-t-elle-vendu-la-meche_223315.html\">Sur l\u2019obligation (ou pas) du SNU, les contradiction de la ministre Prisca Th\u00e9venot<\/a> (Huffpost)<a href=\"https:\/\/www.huffingtonpost.fr\/politique\/video\/sur-le-service-national-universel-obligatoire-ou-pas-prisca-thevenot-a-t-elle-vendu-la-meche_223315.html\"><\/a><\/p>\n\n\n\n<p><mark style=\"background-color:rgba(0, 0, 0, 0);color:#ee0505\" class=\"has-inline-color\"><strong>19 septembre<\/strong><\/mark><\/p>\n\n\n\n<p><a href=\"https:\/\/link.newsletter.franceculture.fr\/m\/ml\/7429\/824864\/knAuKMsfBBdgw4aKJdJLoW9C5lXTLJmivm821gAfcU8=\/o57z6-wbq-QeTIz8SkIuWtYDUR3m5EPkn2Y4TcxZahA=\/\" target=\"_blank\" rel=\"noreferrer noopener\"><strong>Refus d&rsquo;obtemp\u00e9rer&nbsp;: r\u00e9cits de vies bris\u00e9es<\/strong><\/a> (France Culture)<\/p>\n\n\n\n<p><a href=\"https:\/\/www.politis.fr\/articles\/2023\/09\/btc-pantin-cinq-policiers-condamnes-pour-violences-quatre-toujours-en-exercice\/\" target=\"_blank\" rel=\"noreferrer noopener\">Pantin : cinq policiers condamn\u00e9s pour violences, quatre toujours en exercice<\/a> (Politis)<\/p>\n\n\n\n<p><a href=\"https:\/\/reflets.info\/articles\/explosion-de-la-surveillance-dans-l-espace-public\" target=\"_blank\" rel=\"noreferrer noopener\">Explosion de la surveillance dans l&rsquo;espace public<\/a> (Reflets.info)<\/p>\n\n\n\n<p><a href=\"https:\/\/rapportsdeforce.fr\/ici-et-maintenant\/violences-policieres-episode-2-nahel-vider-la-rue-remplir-les-prisons-091318910\" target=\"_blank\" rel=\"noreferrer noopener\">Violences polici\u00e8res, \u00e9pisode 2 \u2013 Nahel : vider la rue, remplir les prisons<\/a> (Rapports de Force)<\/p>\n\n\n\n<p class=\"has-base-3-color has-text-color\"><mark style=\"background-color:rgba(0, 0, 0, 0);color:#ee0505\" class=\"has-inline-color\"><strong>12 septembre<\/strong><\/mark><\/p>\n\n\n\n<p><strong><a href=\"https:\/\/lessoulevementsdelaterre.org\/blog\/affaire-lafarge-enquete-de-terrain-au-4e-sous-sol-de-levallois-perret\">Enqu\u00eate de terrain au 4e sous-sol de Levallois-Perret<\/a>&nbsp;<\/strong>(Soul\u00e8vements de la Terre, SDLT)<\/p>\n\n\n\n<p><a href=\"https:\/\/93k59.r.a.d.sendibm1.com\/mk\/cl\/f\/sh\/1t6Af4OiGsDg0aZ9aYikPRdhlJpdZd\/enF0CmyfOh48\">Compte rendu du proc\u00e8s de Niort sur les m\u00e9gabassines<\/a><strong><a href=\"https:\/\/93k59.r.a.d.sendibm1.com\/mk\/cl\/f\/sh\/1t6Af4OiGsDg0aZ9aYikPRdhlJpdZd\/enF0CmyfOh48\">&nbsp;<\/a><\/strong>(SDLT)<\/p>\n\n\n\n<p><strong><a href=\"https:\/\/93k59.r.a.d.sendibm1.com\/mk\/cl\/f\/sh\/1t6Af4OiGsF30jAQld0VuDpBumlqhp\/cnz_78TQexbq\">Bande dessin\u00e9e du proc\u00e8s de Niort r\u00e9alis\u00e9e par le m\u00e9dia Contre-Attaque<\/a><\/strong>&nbsp;(SDLT)<\/p>\n\n\n\n<figure class=\"wp-block-image size-full is-resized\"><img data-recalc-dims=\"1\" loading=\"lazy\" decoding=\"async\" src=\"https:\/\/i0.wp.com\/www.rdpemancipation.org\/wp-content\/uploads\/2023\/09\/Capture-tribunal.png?resize=465%2C481&#038;ssl=1\" alt=\"\" class=\"wp-image-119795\" style=\"width:465px;height:481px\" width=\"465\" height=\"481\" srcset=\"https:\/\/i0.wp.com\/www.rdpemancipation.org\/wp-content\/uploads\/2023\/09\/Capture-tribunal.png?w=372&amp;ssl=1 372w, https:\/\/i0.wp.com\/www.rdpemancipation.org\/wp-content\/uploads\/2023\/09\/Capture-tribunal.png?resize=290%2C300&amp;ssl=1 290w\" sizes=\"auto, (max-width: 465px) 100vw, 465px\" \/><\/figure>\n\n\n\n<p><a href=\"https:\/\/www.off-investigation.fr\/proces-de-sainte-solinecomment-les-macronistes-criminalisent-les-defenseurs-de-la-terre\/\">Proc\u00e8s de Sainte Soline&nbsp;: comment les macronistes criminalisent les d\u00e9fenseurs de la terre<\/a>&nbsp;(Off Investigation)<\/p>\n\n\n\n<p><a href=\"https:\/\/www.politis.fr\/articles\/2023\/09\/quand-le-proces-de-militants-dextreme-droite-vire-au-fiasco\/\">Quand le proc\u00e8s de militants d\u2019extr\u00eame droite vire au fiasco<\/a>&nbsp;(Politis)<\/p>\n\n\n\n<p><a href=\"https:\/\/www.off-investigation.fr\/mort-de-sefa-des-temoins-contestent-la-version-policiere\/\" target=\"_blank\" rel=\"noreferrer noopener\">Accident d\u2019Elancourt : des t\u00e9moins contestent la version polici\u00e8re<\/a> (Off Investigation)<\/p>\n\n\n\n<p><a href=\"https:\/\/www.ldh-france.org\/mayotte-le-combat-de-la-ldh-contre-les-arretes-elan-peut-se-poursuivre\/\" target=\"_blank\" rel=\"noreferrer noopener\">Mayotte : le combat de la LDH contre les arr\u00eat\u00e9s Elan peut se poursuivre<\/a> (LDH)<\/p>\n\n\n\n<p class=\"has-text-color\" style=\"color:#e50a0a\"><strong>7 septembre<\/strong><\/p>\n\n\n\n<p><a href=\"https:\/\/www.mediapart.fr\/journal\/france\/050923\/l-ex-chef-des-services-secrets-bernard-squarcini-est-renvoye-devant-le-tribunal-pour-onze-delits\" target=\"_blank\" rel=\"noreferrer noopener\">L\u2019ex-chef des services secrets Bernard Squarcini est renvoy\u00e9 devant le tribunal pour onze d\u00e9lits<\/a> (M\u00e9diapart)<\/p>\n\n\n\n<p><a href=\"https:\/\/www.youtube.com\/watch?v=JzH84CIbYIc\">La r\u00e9alit\u00e9 derri\u00e8re l&rsquo;abaya d&rsquo;Attal<\/a> (Blast)<\/p>\n\n\n\n<p class=\"has-text-color\" style=\"color:#f00d0d\"><strong>5 septembre <\/strong><\/p>\n\n\n\n<figure class=\"wp-block-image size-large is-resized\"><img data-recalc-dims=\"1\" loading=\"lazy\" decoding=\"async\" src=\"https:\/\/i0.wp.com\/www.rdpemancipation.org\/wp-content\/uploads\/2023\/09\/image-7.png?resize=318%2C318&#038;ssl=1\" alt=\"\" class=\"wp-image-119442\" style=\"width:318px;height:318px\" width=\"318\" height=\"318\" srcset=\"https:\/\/i0.wp.com\/www.rdpemancipation.org\/wp-content\/uploads\/2023\/09\/image-7.png?resize=1024%2C1024&amp;ssl=1 1024w, https:\/\/i0.wp.com\/www.rdpemancipation.org\/wp-content\/uploads\/2023\/09\/image-7.png?resize=300%2C300&amp;ssl=1 300w, https:\/\/i0.wp.com\/www.rdpemancipation.org\/wp-content\/uploads\/2023\/09\/image-7.png?resize=150%2C150&amp;ssl=1 150w, https:\/\/i0.wp.com\/www.rdpemancipation.org\/wp-content\/uploads\/2023\/09\/image-7.png?resize=768%2C768&amp;ssl=1 768w, https:\/\/i0.wp.com\/www.rdpemancipation.org\/wp-content\/uploads\/2023\/09\/image-7.png?w=1080&amp;ssl=1 1080w\" sizes=\"auto, (max-width: 318px) 100vw, 318px\" \/><\/figure>\n\n\n\n<p class=\"has-text-color\" style=\"color:#f01010\"><strong>4 septembre <\/strong><\/p>\n\n\n\n<figure class=\"wp-block-image size-full\"><img data-recalc-dims=\"1\" loading=\"lazy\" decoding=\"async\" width=\"447\" height=\"507\" src=\"https:\/\/i0.wp.com\/www.rdpemancipation.org\/wp-content\/uploads\/2023\/09\/image-10.png?resize=447%2C507&#038;ssl=1\" alt=\"\" class=\"wp-image-119451\" srcset=\"https:\/\/i0.wp.com\/www.rdpemancipation.org\/wp-content\/uploads\/2023\/09\/image-10.png?w=447&amp;ssl=1 447w, https:\/\/i0.wp.com\/www.rdpemancipation.org\/wp-content\/uploads\/2023\/09\/image-10.png?resize=264%2C300&amp;ssl=1 264w\" sizes=\"auto, (max-width: 447px) 100vw, 447px\" \/><\/figure>\n","protected":false},"excerpt":{"rendered":"<p>28 septembre Libert\u00e9s fondamentales: un glissement sans pr\u00e9c\u00e9dent sign\u00e9 Macron (Blast) 26 septembre Il y a plus d\u2019affaires de corruption depuis qu\u2019Emmanuel Macron est au pouvoir (Off Investigation avec J\u00e9r\u00f4me Karsenti d\u2019Anticor) Affaire Lafarge&nbsp;:&nbsp; moyens d&rsquo;enqu\u00eates utilis\u00e9s, notamment par la Sous-Direction-Anti-Terroriste &nbsp;(Soul\u00e8vement de la Terre) L\u2019Etat hors la loi ; plaidoyer pour en finir avec &#8230; <a title=\"Septembre &#8211; Leur \u00c9tat\" class=\"read-more\" href=\"https:\/\/www.rdpemancipation.org\/?p=119243\" aria-label=\"En savoir plus sur Septembre &#8211; Leur \u00c9tat\">Lire la suite<\/a><\/p>\n","protected":false},"author":1,"featured_media":0,"comment_status":"closed","ping_status":"closed","sticky":false,"template":"","format":"standard","meta":{"_lmt_disableupdate":"","_lmt_disable":"","_jetpack_memberships_contains_paid_content":false,"footnotes":""},"categories":[5],"tags":[],"class_list":["post-119243","post","type-post","status-publish","format-standard","hentry","category-leur-etat"],"modified_by":"jls","jetpack_featured_media_url":"","jetpack_sharing_enabled":true,"_links":{"self":[{"href":"https:\/\/www.rdpemancipation.org\/index.php?rest_route=\/wp\/v2\/posts\/119243","targetHints":{"allow":["GET"]}}],"collection":[{"href":"https:\/\/www.rdpemancipation.org\/index.php?rest_route=\/wp\/v2\/posts"}],"about":[{"href":"https:\/\/www.rdpemancipation.org\/index.php?rest_route=\/wp\/v2\/types\/post"}],"author":[{"embeddable":true,"href":"https:\/\/www.rdpemancipation.org\/index.php?rest_route=\/wp\/v2\/users\/1"}],"replies":[{"embeddable":true,"href":"https:\/\/www.rdpemancipation.org\/index.php?rest_route=%2Fwp%2Fv2%2Fcomments&post=119243"}],"version-history":[{"count":15,"href":"https:\/\/www.rdpemancipation.org\/index.php?rest_route=\/wp\/v2\/posts\/119243\/revisions"}],"predecessor-version":[{"id":120625,"href":"https:\/\/www.rdpemancipation.org\/index.php?rest_route=\/wp\/v2\/posts\/119243\/revisions\/120625"}],"wp:attachment":[{"href":"https:\/\/www.rdpemancipation.org\/index.php?rest_route=%2Fwp%2Fv2%2Fmedia&parent=119243"}],"wp:term":[{"taxonomy":"category","embeddable":true,"href":"https:\/\/www.rdpemancipation.org\/index.php?rest_route=%2Fwp%2Fv2%2Fcategories&post=119243"},{"taxonomy":"post_tag","embeddable":true,"href":"https:\/\/www.rdpemancipation.org\/index.php?rest_route=%2Fwp%2Fv2%2Ftags&post=119243"}],"curies":[{"name":"wp","href":"https:\/\/api.w.org\/{rel}","templated":true}]}}