{"id":117721,"date":"2023-08-01T01:40:00","date_gmt":"2023-07-31T23:40:00","guid":{"rendered":"https:\/\/www.rdpemancipation.org\/?p=117721"},"modified":"2023-08-31T18:55:28","modified_gmt":"2023-08-31T16:55:28","slug":"aout-politique-3","status":"publish","type":"post","link":"https:\/\/www.rdpemancipation.org\/?p=117721","title":{"rendered":"Ao\u00fbt &#8211; Politique"},"content":{"rendered":"\n<p><strong><mark style=\"background-color:rgba(0, 0, 0, 0);color:#5e6a0d\" class=\"has-inline-color\">Fran\u00e7afrique<\/mark>&nbsp;: <\/strong>apr\u00e8s le dossier<strong> <a href=\"https:\/\/www.rdpemancipation.org\/?p=13891\">Mali<\/a>, <\/strong>\u00ab\u00a0Emancipation!\u00a0\u00bb ouvre un nouveau dossier :<strong> \u2018<a href=\"https:\/\/www.rdpemancipation.org\/?p=118014\">SAHEL<\/a>\u2019.<\/strong><\/p>\n\n\n\n<p><mark style=\"background-color:rgba(0, 0, 0, 0);color:#ee0505\" class=\"has-inline-color\"><strong>31 ao\u00fbt<\/strong><\/mark><\/p>\n\n\n\n<p><a><strong><mark style=\"background-color:rgba(0, 0, 0, 0)\" class=\"has-inline-color has-contrast-color\">France<\/mark><\/strong><\/a><\/p>\n\n\n\n<p><a href=\"https:\/\/www.ldh-france.org\/la-ldh-rend-hommage-a-francois-geze\/\" target=\"_blank\" rel=\"noreferrer noopener\">La LDH rend hommage \u00e0 Fran\u00e7ois G\u00e8ze<\/a> (LDH)<\/p>\n\n\n\n<p><a href=\"https:\/\/reporterre.net\/Politique-l-ecologie-zappee-lors-de-la-reunion-entre-chefs-de-partis\" target=\"_blank\" rel=\"noreferrer noopener\"><strong>Politique\u00a0: l&rsquo;\u00e9cologie zapp\u00e9e lors de la r\u00e9union entre chefs de partis<\/strong><\/a> (Reporterre)<\/p>\n\n\n\n<p><a href=\"https:\/\/orientxxi.info\/magazine\/abaya-interdite-a-l-ecole-ou-l-extension-d-une-laicite-repressive,6676\" target=\"_blank\" rel=\"noreferrer noopener\">Abaya interdite \u00e0 l&rsquo;\u00e9cole, ou l&rsquo;extension d&rsquo;une \u00ab&nbsp;la\u00efcit\u00e9&nbsp;\u00bb r\u00e9pressive<\/a> (Orient XXI)<\/p>\n\n\n\n<p><a href=\"https:\/\/www.politis.fr\/articles\/2023\/08\/droit-des-etranger%c2%b7es-lengrenage-des-oqtf-pour-menace-a-lordre-public\/\" target=\"_blank\" rel=\"noreferrer noopener\">Droit des \u00e9tranger\u00b7es : l\u2019engrenage des OQTF pour \u00abmenace \u00e0 l\u2019ordre public\u00bb<\/a> (Politis)<\/p>\n\n\n\n<p><a href=\"https:\/\/www.youtube.com\/watch?v=0nccJLAbf7I\">France&nbsp;\/ Niger : Et si Macron pr\u00e9parait la guerre ?<\/a>&nbsp; (Le M\u00e9dia)<\/p>\n\n\n\n<p><a href=\"https:\/\/www.youtube.com\/watch?v=OUR01cI7nMQ\">Faut-il dissoudre la presse bourgeoise ? Avec Philippe Poutou et Dominique Pinsolle<\/a>&nbsp; (NPA)<\/p>\n\n\n\n<p><a href=\"https:\/\/www.youtube.com\/watch?v=wYF0TL0H7Bc\">Sophie Binet : \u00ab\u00a0<\/a><a href=\"https:\/\/www.youtube.com\/watch?v=wYF0TL0H7Bc\"><em>On voit bien qu&rsquo;on fonce dans un mur \u00e0 grande vitesse<\/em><\/a><a href=\"https:\/\/www.youtube.com\/watch?v=wYF0TL0H7Bc\">\u00ab\u00a0<\/a>&nbsp;(France Inter)<\/p>\n\n\n\n<p><strong>Monde<\/strong><\/p>\n\n\n\n<p><a href=\"https:\/\/www.fidh.org\/fr\/com\/on-en-parle-sur-le-web\/instagram\/journee-internationales-des-victimes-de-disparition-forcee\" target=\"_blank\" rel=\"noreferrer noopener\">Journ\u00e9e internationales des victimes de disparition forc\u00e9e<\/a> (FIDH)<\/p>\n\n\n\n<p><a href=\"https:\/\/www.fidh.org\/fr\/regions\/europe-asie-centrale\/belarus\/disparitions-forcees-au-belarus-un-ancien-membre-de-l-escadron-d\" target=\"_blank\" rel=\"noreferrer noopener\">Disparitions au B\u00e9larus : un ancien membre de l&rsquo;escadron d&rsquo;\u00e9lite de Loukachenko comparait devant un tribunal suisse<\/a> (FIDH)<\/p>\n\n\n\n<p><strong><a href=\"https:\/\/algeria-watch.org\/?p=88200\">Le g\u00e9n\u00e9ral Khald Nezzar sera enfin jug\u00e9 en Suisse pour crimes de guerre et crimes contre l\u2019humanit\u00e9<\/a><\/strong> &nbsp;(Trial, Gen\u00e8ve)<\/p>\n\n\n\n<p><a href=\"https:\/\/www.hrw.org\/fr\/news\/2023\/08\/30\/burundi-de-nouveaux-appels-la-liberation-dune-journaliste-un-apres-son-arrestation\" target=\"_blank\" rel=\"noreferrer noopener\">Burundi : nouveaux appels \u00e0 la lib\u00e9ration d\u2019une journaliste, un an apr\u00e8s son arrestation<\/a> (HRW)<\/p>\n\n\n\n<p><a href=\"https:\/\/www.mediapart.fr\/journal\/international\/300823\/au-gabon-le-coup-d-etat-est-accueilli-par-une-liesse-populaire\" target=\"_blank\" rel=\"noreferrer noopener\">Au Gabon, le coup d\u2019\u00c9tat est accueilli par une liesse populaire<\/a> (M\u00e9diapart)<\/p>\n\n\n\n<p><strong><a href=\"https:\/\/www.gabonreview.com\/gabon-les-militaires-portes-en-triomphe-apres-le-putsch\/\">Gabon&nbsp;: Les militaires port\u00e9s en triomphe apr\u00e8s le putsch<\/a>&nbsp;<\/strong>(Gabon review)<\/p>\n\n\n\n<p><a href=\"https:\/\/www.middleeasteye.net\/fr\/actu-et-enquetes\/wagner-afrique-mort-prigojine-russie-perdre-influence\">Wagner&nbsp;: sans Prigojine, la Russie devrait perdre gros en Afrique<\/a>&nbsp;(MEE)<\/p>\n\n\n\n<p><a href=\"https:\/\/www.france-palestine.org\/L-armee-israelienne-procede-a-des-demolitions-a-Hebron-Al-Khalil-et-dans-les\" target=\"_blank\" rel=\"noreferrer noopener\">L&rsquo;arm\u00e9e isra\u00e9lienne proc\u00e8de \u00e0 des d\u00e9molitions \u00e0 H\u00e9bron\/Al-Khalil et dans les territoires de 48<\/a> (CICP)<\/p>\n\n\n\n<p><strong>Analyse<\/strong><\/p>\n\n\n\n<p><strong><a href=\"https:\/\/www.monde-diplomatique.fr\/2023\/09\/ROBERT\/66087\">Pourquoi tous ces putschs ?<\/a> <\/strong>(Le Monde Diplomatique)<\/p>\n\n\n\n<p><strong><a href=\"https:\/\/www.middleeasteye.net\/fr\/opinion-fr\/etats-unis-prison-guantanamo-deni-justice-biden-obama-trump-torture\">Pourquoi les \u00c9tats-Unis ne vont pas fermer Guant\u00e1namo<\/a>&nbsp;<\/strong>(MEE)<\/p>\n\n\n\n<p><a href=\"https:\/\/www.ldh-france.org\/dl-203-la-democratie-environnementale-une-jeune-pousse-pietinee-a-faire-foisonner\/\" target=\"_blank\" rel=\"noreferrer noopener\">La d\u00e9mocratie environnementale : une jeune pousse pi\u00e9tin\u00e9e \u00e0 faire foisonner<\/a> (Droits et libert\u00e9s, LDH)<\/p>\n\n\n\n<p><a href=\"https:\/\/www.equaltimes.org\/beatrice-fihn-tant-que-nous-aurons-22660\" target=\"_blank\" rel=\"noreferrer noopener\">Beatrice Fihn : \u00abTant que nous aurons des armes nucl\u00e9aires, la guerre nucl\u00e9aire restera une option\u00bb<\/a> (Equal Times)<\/p>\n\n\n\n<p><mark style=\"background-color:rgba(0, 0, 0, 0);color:#ee0505\" class=\"has-inline-color\"><strong>30 ao\u00fbt<\/strong><\/mark><\/p>\n\n\n\n<p><a><strong><mark style=\"background-color:rgba(0, 0, 0, 0)\" class=\"has-inline-color has-contrast-color\">France<\/mark><\/strong><\/a><\/p>\n\n\n\n<p><a href=\"https:\/\/algeria-watch.org\/?p=88173\">Pour Fran\u00e7ois G\u00e8ze<\/a> (Algeria-Watch)<\/p>\n\n\n\n<p><a href=\"https:\/\/www.politis.fr\/articles\/2023\/08\/nupes-laimer-ne-suffit-pas\/\" target=\"_blank\" rel=\"noreferrer noopener\">Nupes : l\u2019aimer ne suffit pas<\/a> (Politis)<\/p>\n\n\n\n<p><a href=\"https:\/\/www.politis.fr\/articles\/2023\/08\/expulsions-darmanin-preconise-labus-de-pouvoir\/\" target=\"_blank\" rel=\"noreferrer noopener\">Expulsions : Darmanin pr\u00e9conise l\u2019abus de pouvoir<\/a> (Politis)<\/p>\n\n\n\n<p><a href=\"https:\/\/blogs.mediapart.fr\/ruffin-francois\/blog\/300823\/je-vous-l-avais-bien-ecrit\">Je vous l\u2019avais bien \u00e9crit\u2026<\/a>&nbsp;(Ruffin Fran\u00e7ois)<\/p>\n\n\n\n<p><a href=\"https:\/\/france.attac.org\/actus-et-medias\/salle-de-presse\/article\/communique-le-31-aout-2023-soutien-aux-activistes-juge-es-pour-avoir-denonce\" target=\"_blank\" rel=\"noreferrer noopener\">Le 31 ao\u00fbt 2023, soutien aux activistes jug\u00e9\u00b7es pour avoir d\u00e9nonc\u00e9 les ultra-riches et leurs jets priv\u00e9s<\/a> (Attac France)<\/p>\n\n\n\n<p><a href=\"https:\/\/marsactu.fr\/emeutes-un-policier-marseillais-en-garde-a-vue-pour-avoir-fracasse-le-visage-dotman\/\" target=\"_blank\" rel=\"noreferrer noopener\">\u00c9meutes : un policier marseillais en garde \u00e0 vue pour avoir fracass\u00e9 le visage d\u2019Otman<\/a> (Marsactu)<\/p>\n\n\n\n<p><strong>Monde<\/strong><\/p>\n\n\n\n<p><strong><a href=\"https:\/\/fr.africanews.com\/2023\/08\/30\/gabon-fin-du-regne-des-bongo\/\">Gabon : fin de la \u00ab\u00a0dynastie Bongo\u00a0\u00bb<\/a><\/strong> (Africanews)<\/p>\n\n\n\n<p><strong><a href=\"https:\/\/www.liberation.fr\/international\/afrique\/en-direct-coup-detat-au-gabon-suivez-les-derniers-developpements-de-la-prise-de-pouvoir-par-des-militaires-20230830_IGICI5OVHREDHHGUSCQNFYBUHE\/\">Coup d\u2019Etat au Gabon&nbsp;: Ali Bongo en r\u00e9sidence surveill\u00e9e, la France condamne le putsch<\/a><\/strong> (Lib\u00e9ration, Le Direct en clair)<\/p>\n\n\n\n<p><strong><a href=\"https:\/\/survie.org\/pays\/gabon\/article\/au-gabon-la-france-doit-rester-en-retrait-et-ses-militaires-ne-doivent-pas\">Au Gabon, la France doit rester en retrait et ses militaires ne doivent pas intervenir<\/a> <\/strong>(Survie)<\/p>\n\n\n\n<p><a href=\"https:\/\/www.mediapart.fr\/journal\/international\/300823\/le-peuple-veut-la-chute-du-regime-resonne-nouveau-dans-les-rues-syriennes\" target=\"_blank\" rel=\"noreferrer noopener\">\u00abLe peuple veut la chute du r\u00e9gime\u00bb r\u00e9sonne \u00e0 nouveau dans les rues syriennes<\/a> (M\u00e9diapart)<\/p>\n\n\n\n<p><a href=\"https:\/\/www.contretemps.eu\/argentine-extreme-droite-milei-libertarianisme\/\" target=\"_blank\" rel=\"noreferrer noopener\">Argentine : comment expliquer l\u2019ascension du libertarianisme d\u2019extr\u00eame droite ?<\/a> (Contretemps)<\/p>\n\n\n\n<p><a href=\"https:\/\/www.politis.fr\/articles\/2023\/08\/italie-surencheres-racistes-dans-le-camp-meloni\/\" target=\"_blank\" rel=\"noreferrer noopener\">Italie : surench\u00e8res racistes dans le camp Meloni<\/a> (Politis)<\/p>\n\n\n\n<p><a href=\"https:\/\/theconversation.com\/disparition-de-prigojine-quelles-consequences-pour-les-ultra-nationalistes-russes-212404\" target=\"_blank\" rel=\"noreferrer noopener\">Disparition de Prigojine : quelles cons\u00e9quences pour les ultra-nationalistes russes ?<\/a>&nbsp;(The Conversation)<\/p>\n\n\n\n<p><strong>Analyse<\/strong><\/p>\n\n\n\n<p><a href=\"https:\/\/www.frustrationmagazine.fr\/abaya\/\" target=\"_blank\" rel=\"noreferrer noopener\">Interdiction de l\u2019abaya : \u00e9ni\u00e8me d\u00e9monstration du \u201cd\u00e9j\u00e0-l\u00e0 fasciste\u201d<\/a> (Frustration)<\/p>\n\n\n\n<p><a href=\"http:\/\/alencontre.org\/ameriques\/americnord\/usa\/lactualite-du-reve-de-martin-luther-king.html\">L\u2019actualit\u00e9 du r\u00eave de Martin Luther King<\/a> (A l\u2019encontre)<\/p>\n\n\n\n<p><a href=\"https:\/\/link.newsletter.franceculture.fr\/m\/ml\/7429\/820950\/5aTOQTmncl_xhOkQ7SSy-m9C5lXTLJmivm821gAfcU8=\/YJ9DwNjaGtG2iy7BedLybWT8m2ws25F5C7twhHfk1Fw=\/\" target=\"_blank\" rel=\"noreferrer noopener\">\u00ab\u00a0La Communaut\u00e9\u00a0\u00bb, ou l\u2019\u00e9chec d&rsquo;un Commonwealth \u00e0 la fran\u00e7aise<\/a> (France culture)<\/p>\n\n\n\n<p><mark style=\"background-color:rgba(0, 0, 0, 0);color:#ee0505\" class=\"has-inline-color\"><strong>29 ao\u00fbt<\/strong><\/mark><\/p>\n\n\n\n<figure class=\"wp-block-image size-full is-resized\"><img data-recalc-dims=\"1\" loading=\"lazy\" decoding=\"async\" src=\"https:\/\/i0.wp.com\/www.rdpemancipation.org\/wp-content\/uploads\/2023\/08\/image-53.png?resize=392%2C262&#038;ssl=1\" alt=\"\" class=\"wp-image-119142\" style=\"width:392px;height:262px\" width=\"392\" height=\"262\" srcset=\"https:\/\/i0.wp.com\/www.rdpemancipation.org\/wp-content\/uploads\/2023\/08\/image-53.png?w=1024&amp;ssl=1 1024w, https:\/\/i0.wp.com\/www.rdpemancipation.org\/wp-content\/uploads\/2023\/08\/image-53.png?resize=300%2C200&amp;ssl=1 300w, https:\/\/i0.wp.com\/www.rdpemancipation.org\/wp-content\/uploads\/2023\/08\/image-53.png?resize=768%2C512&amp;ssl=1 768w\" sizes=\"auto, (max-width: 392px) 100vw, 392px\" \/><\/figure>\n\n\n\n<p><a><strong><mark style=\"background-color:rgba(0, 0, 0, 0)\" class=\"has-inline-color has-contrast-color\">France<\/mark><\/strong><\/a><\/p>\n\n\n\n<p><a href=\"https:\/\/www.cafepedagogique.net\/2023\/08\/29\/attal-une-rentree-entre-droitisation-et-appel-au-dialogue\/\">Attal : Une rentr\u00e9e entre droitisation et appel au dialogue<\/a> (Caf\u00e9 p\u00e9dagogique)<\/p>\n\n\n\n<p><a><strong><mark style=\"background-color:rgba(0, 0, 0, 0)\" class=\"has-inline-color has-contrast-color\">Monde<\/mark><\/strong><\/a><\/p>\n\n\n\n<p><a href=\"https:\/\/www.rfi.fr\/fr\/am%C3%A9riques\/20230829-ha%C3%AFti-la-police-se-d%C3%A9fend-apr%C3%A8s-un-bain-de-sang-lors-d-une-manifestation-antigangs\">Ha\u00efti: la police se d\u00e9fend apr\u00e8s un bain de sang lors d&rsquo;une manifestation antigangs<\/a> (RFI)<\/p>\n\n\n\n<p><a href=\"https:\/\/jacobin.com\/2023\/08\/justin-trudeau-saudi-arabia-arms-sales-war-crimes-yemen\">Sous Justin Trudeau, le Canada encourage les crimes de guerre de l&rsquo;Arabie saoudite au Y\u00e9men<\/a> (Jacobin)<\/p>\n\n\n\n<p><mark style=\"background-color:rgba(0, 0, 0, 0);color:#ee0505\" class=\"has-inline-color\"><strong>28 ao\u00fbt<\/strong><\/mark><\/p>\n\n\n\n<p><a><strong><mark style=\"background-color:rgba(0, 0, 0, 0)\" class=\"has-inline-color has-contrast-color\">France<\/mark><\/strong><\/a><\/p>\n\n\n\n<p><a href=\"https:\/\/www.mediapart.fr\/journal\/france\/280823\/comment-le-raid-novice-en-maintien-de-l-ordre-provoque-la-mort-de-mohamed-bendriss-marseille\">Comment le Raid a provoqu\u00e9 la mort de Mohamed Bendriss<\/a> (M\u00e9diapart)<\/p>\n\n\n\n<p><a href=\"https:\/\/www.liberation.fr\/societe\/police-justice\/violences-policieres-les-bean-bags-utilises-par-le-raid-sont-plus-dangereux-que-les-lbd-20230828_JFHISHLOS5EPRBVXAVEIFI6GRQ\/\">Violences polici\u00e8res&nbsp;: les \u00abbean bags\u00bb utilis\u00e9s par le Raid sont plus dangereux que les LBD<\/a> (Lib\u00e9ration)<\/p>\n\n\n\n<p><a href=\"https:\/\/www.liberation.fr\/societe\/police-justice\/gilets-jaunes-blesses-par-des-tirs-de-lbd-des-scientifiques-publient-des-resultats-preoccupants-20230828_I7G5LO2QOZGLRECG6MJQ2IE3HE\/\">Gilets jaunes&nbsp;bless\u00e9s par des tirs de LBD&nbsp;: des scientifiques publient des \u00abr\u00e9sultats pr\u00e9occupants\u00bb<\/a> (Lib\u00e9ration)<\/p>\n\n\n\n<p><a href=\"https:\/\/link.newsletter.franceculture.fr\/m\/ml\/7429\/820747\/SgJPOAKv20m92gZsdzxq629C5lXTLJmivm821gAfcU8=\/gajzLGwUKubU0LH+JWT0vBWPeSVLvuJIV5sASvx1Dwc=\/\" target=\"_blank\" rel=\"noreferrer noopener\">Rentr\u00e9e politique&nbsp;: l\u2019unit\u00e9 r\u00e9publicaine selon Emmanuel Macron<\/a> (France Culture)<\/p>\n\n\n\n<p><a href=\"https:\/\/www.liberation.fr\/checknews\/gabriel-attal-peut-il-decider-dinterdire-systematiquement-le-port-de-labaya-a-lecole-20230828_W2HGPXKGDRF6RKTVAJW5RNDP24\/\">Gabriel Attal peut-il d\u00e9cider d\u2019interdire syst\u00e9matiquement le port de l\u2019abaya \u00e0 l\u2019\u00e9cole&nbsp;?<\/a> (Lib\u00e9ration en clair)<\/p>\n\n\n\n<p><a href=\"https:\/\/www.cafepedagogique.net\/2023\/06\/15\/labaya-larbre-qui-cache-la-foret\/\">L\u2019abaya, l\u2019arbre qui cache la for\u00eat ?<\/a> (Caf\u00e9 p\u00e9dagogique)<\/p>\n\n\n\n<p><a href=\"https:\/\/www.mediapart.fr\/journal\/politique\/270823\/tourcoing-gerald-darmanin-fait-sa-rentree-autoritaire\" target=\"_blank\" rel=\"noreferrer noopener\">\u00c0 Tourcoing, G\u00e9rald Darmanin fait sa rentr\u00e9e autoritaire<\/a> (M\u00e9diapart)<\/p>\n\n\n\n<p><strong>Monde<\/strong><\/p>\n\n\n\n<p><a href=\"https:\/\/link.newsletter.franceculture.fr\/m\/ml\/7429\/820747\/SgJPOAKv20m92gZsdzxq629C5lXTLJmivm821gAfcU8=\/gajzLGwUKubU0LH+JWT0vBWPeSVLvuJIU1xhClp5GzE=\/\" target=\"_blank\" rel=\"noreferrer noopener\">60 ans apr\u00e8s la marche des droits civiques, o\u00f9 en est la fracture raciale aux Etats-Unis&nbsp;?<\/a> (France Culture)<\/p>\n\n\n\n<p><a href=\"https:\/\/www.liberation.fr\/international\/asie-pacifique\/a-taiwan-le-milliardaire-terry-gou-entre-dans-la-course-a-la-presidentielle-20230828_PYMC7T2QS5FYLJXPUT6FMX6TSE\/\">A Taiwan, le milliardaire Terry Gou entre dans la course \u00e0 la pr\u00e9sidentielle<\/a> (Lib\u00e9ration en clair)<\/p>\n\n\n\n<p><a href=\"https:\/\/www.politis.fr\/articles\/2023\/08\/la-dangereuse-trumpisation-de-la-defense-des-puissants-mis-en-cause\/\" target=\"_blank\" rel=\"noreferrer noopener\">La dangereuse trumpisation de la d\u00e9fense des puissants mis en cause<\/a> (Politis)<\/p>\n\n\n\n<p><strong>Analyse<\/strong><\/p>\n\n\n\n<p><strong><a href=\"https:\/\/blogs.mediapart.fr\/ahg-randon\/blog\/280823\/la-francafrique-pour-les-nuls\">La Fran\u00e7afrique pour les nuls<\/a><\/strong> (Blog de&nbsp;A.H.G. Randon)<\/p>\n\n\n\n<p><strong><a href=\"https:\/\/blogs.mediapart.fr\/edition\/fragments-de-marx\/article\/250823\/marx-au-milieu-des-flammes\">Marx au milieu des flammes<\/a>&nbsp;<\/strong>(Blog de Dimitris Fasfalis)<\/p>\n\n\n\n<p><a><\/a><a href=\"https:\/\/link.newsletter.franceculture.fr\/m\/ml\/7429\/820747\/SgJPOAKv20m92gZsdzxq629C5lXTLJmivm821gAfcU8=\/gajzLGwUKubU0LH+JWT0vBWPeSVLvuJIBiKlek2kjBc=\/\" target=\"_blank\" rel=\"noreferrer noopener\">Administration coloniale fran\u00e7aise, \u00e9lites locales, liaisons dangereuses en Afrique<\/a> (France Culture)<\/p>\n\n\n\n<p><a href=\"https:\/\/www.contretemps.eu\/mario-tronti-operaisme-italie-marxisme-trajectoire-politique\/\" target=\"_blank\" rel=\"noreferrer noopener\">Mario Tronti, un intellectuel et sa conjoncture<\/a> (Contretemps)<\/p>\n\n\n\n<p><mark style=\"background-color:rgba(0, 0, 0, 0);color:#ee0505\" class=\"has-inline-color\"><strong>27 ao\u00fbt<\/strong><\/mark><\/p>\n\n\n\n<p><a><strong><mark style=\"background-color:rgba(0, 0, 0, 0)\" class=\"has-inline-color has-contrast-color\">France<\/mark><\/strong><\/a><\/p>\n\n\n\n<p><a href=\"https:\/\/www.lemediatv.fr\/emissions\/2023\/convoi-contre-les-mega-bassines-letat-sentete-les-opposants-durcissent-le-ton-5gIrwuoiQvqgGHgFlAa9Pw\" target=\"_blank\" rel=\"noreferrer noopener\"><strong>Convoi contre les m\u00e9ga-bassines : L&rsquo;Etat s&rsquo;ent\u00eate, les opposants durcissent le ton<\/strong><\/a> (Le M\u00e9dia)<\/p>\n\n\n\n<p><a href=\"https:\/\/www.liberation.fr\/politique\/en-direct-ee-lv-lfi-darmanin-suivez-ce-super-week-end-de-rentree-politique-a-gauche-et-a-droite-20230825_JEB52EFZINB6VC4RZJDRLXR7Q4\/\">Rentr\u00e9e politique : \u00abNous sommes les gardiens de la R\u00e9publique\u00bb, claironne l\u2019insoumise Mathilde Panot<\/a> (Le direct de Lib\u00e9, en clair)<\/p>\n\n\n\n<p><a href=\"https:\/\/www.liberation.fr\/politique\/merde-ca-vaut-le-coup-devant-les-ecolos-au-havre-benoit-hamon-defend-une-candidature-commune-20230826_CZRQ4N4RHRARXFBWQU36MTPIYQ\/\"><strong>\u00abMerde, \u00e7a vaut le coup !\u00bb : devant les \u00e9colos au Havre, Beno\u00eet Hamon d\u00e9fend une candidature commune<\/strong><\/a> (Lib\u00e9ration, en clair)<\/p>\n\n\n\n<p><a href=\"https:\/\/www.liberation.fr\/politique\/pour-fabien-roussel-la-nupes-ne-doit-pas-devenir-une-force-politique-20230826_GXM57OC6DRFO5DR6JW7U73K7EA\/\">Pour Fabien Roussel, la Nupes \u00abne doit pas devenir une force politique\u00bb<\/a> (Lib\u00e9ration, en clair)<\/p>\n\n\n\n<p><a href=\"https:\/\/www.liberation.fr\/politique\/francois-ruffin-devant-les-insoumis-pourquoi-demeurer-dans-la-culture-minoritaire-20230826_TB5NJZV47VBHTK6EKIB7LVHRNU\/\">Fran\u00e7ois Ruffin devant les insoumis&nbsp;: \u00abPourquoi demeurer dans la culture minoritaire&nbsp;?\u00bb<\/a> (Lib\u00e9ration)<\/p>\n\n\n\n<p><a href=\"https:\/\/lepoing.net\/convoi-de-leau-un-final-a-paris\/\" target=\"_blank\" rel=\"noreferrer noopener\">Convoi de l\u2019eau : un final \u00e0 Paris<\/a> (Le Poing)<\/p>\n\n\n\n<p><a href=\"https:\/\/www.mediapart.fr\/journal\/international\/240823\/le-discours-complotiste-s-est-ancre-au-sein-du-parti-republicain\" target=\"_blank\" rel=\"noreferrer noopener\">\u00abLe discours complotiste s\u2019est ancr\u00e9 au sein du Parti r\u00e9publicain\u00bb<\/a> (M\u00e9diapart)<\/p>\n\n\n\n<p><a href=\"https:\/\/reporterre.net\/La-gauche-a-une-vraie-incapacite-a-identifier-ce-qu-est-l-antisemitisme\" target=\"_blank\" rel=\"noreferrer noopener\">\u00ab&nbsp;La gauche a une vraie incapacit\u00e9 \u00e0 identifier ce qu&rsquo;est l&rsquo;antis\u00e9mitisme&nbsp;\u00bb<\/a> (Reporterre)<\/p>\n\n\n\n<p><a href=\"https:\/\/www.humanite.fr\/societe\/anticor\/anticor-depose-un-recours-pour-retrouver-son-agrement-et-agir-en-justice-806845#xtor=RSS-1\" target=\"_blank\" rel=\"noreferrer noopener\">Anticor d\u00e9pose un recours pour retrouver son agr\u00e9ment et agir en justice<\/a> (L\u2019Humanit\u00e9)<\/p>\n\n\n\n<p><strong>Monde<\/strong><\/p>\n\n\n\n<p><a><\/a><a href=\"https:\/\/afriquexxi.info\/Au-Gabon-un-ardent-desir-de-parvenir-a-l-alternance\" target=\"_blank\" rel=\"noreferrer noopener\">Au Gabon, \u00ab un ardent d\u00e9sir de parvenir \u00e0 l&rsquo;alternance \u00bb<\/a> (Afrique XXI)<\/p>\n\n\n\n<p><a href=\"https:\/\/www.wakatsera.com\/crise-au-niger-la-france-soppose-au-depart-de-son-ambassadeur\/\"><strong>Crise au Niger : la France s\u2019oppose au d\u00e9part de son ambassadeur<\/strong><\/a>&nbsp;(WakatSera)<\/p>\n\n\n\n<p><a href=\"https:\/\/www.mediapart.fr\/journal\/international\/260823\/en-israel-la-derive-autoritaire-de-netanyahou-inquiete-jusque-dans-les-rangs-de-l-armee\" target=\"_blank\" rel=\"noreferrer noopener\">En Isra\u00ebl, la d\u00e9rive autoritaire de N\u00e9tanyahou inqui\u00e8te jusque dans les rangs de l\u2019arm\u00e9e<\/a> (M\u00e9diapart)<\/p>\n\n\n\n<p><a href=\"http:\/\/alencontre.org\/ameriques\/americnord\/usa\/etats-unis-laccord-entre-le-syndicat-des-teamsters-et-ups-offre-la-possibilite-dune-reflexion-sur-une-orientation-syndicale-classiste.html\">USA&nbsp;: L\u2019accord entre le syndicat des Teamsters et UPS offre la possibilit\u00e9 d\u2019une r\u00e9flexion sur une orientation syndicale classiste<\/a> (A l\u2019encontre)<\/p>\n\n\n\n<p><strong>Analyse<\/strong><\/p>\n\n\n\n<p><strong><a href=\"https:\/\/lvsl.fr\/jdd-europe-1-cnews-derriere-la-croisade-mediatique-de-bollore-la-defense-dun-empire-fossile-et-neo-colonial\/\" target=\"_blank\" rel=\"noreferrer noopener\">JDD, Europe 1, CNews\u2026 Derri\u00e8re la croisade m\u00e9diatique de Bollor\u00e9, la d\u00e9fense d\u2019un empire fossile et n\u00e9o-colonial<\/a><\/strong> (Le Vent Se L\u00e8ve)<\/p>\n\n\n\n<p><a href=\"https:\/\/link.newsletter.franceculture.fr\/m\/ml\/7429\/820182\/G5QgixEQv20xS9hEf1_QBm9C5lXTLJmivm821gAfcU8=\/S3KcOdeEMFtXIfpCHUor9dKzmEUoF-Xei5Eq7Q6x0Tk=\/\" target=\"_blank\" rel=\"noreferrer noopener\">Disparition de Prigojine&nbsp;: que va devenir le groupe Wagner&nbsp;?<\/a> (France Culture)<\/p>\n\n\n\n<p><mark style=\"background-color:rgba(0, 0, 0, 0);color:#ee0505\" class=\"has-inline-color\"><strong>26 ao\u00fbt<\/strong><\/mark><\/p>\n\n\n\n<p><a><strong><mark style=\"background-color:rgba(0, 0, 0, 0)\" class=\"has-inline-color has-contrast-color\">France<\/mark><\/strong><\/a><\/p>\n\n\n\n<p><a href=\"https:\/\/www.wakatsera.com\/crise-au-niger-la-france-soppose-au-depart-de-son-ambassadeur\/\">Crise au Niger: la France s\u2019oppose au d\u00e9part de son ambassadeur<\/a>&nbsp;(WakatSera)<\/p>\n\n\n\n<p><a><strong><mark style=\"background-color:rgba(0, 0, 0, 0)\" class=\"has-inline-color has-contrast-color\">Monde<\/mark><\/strong><\/a><\/p>\n\n\n\n<p><a href=\"http:\/\/www.defenddemocracy.press\/western-imperialism-turns-a-blind-eye-as-saudi-regime-massacres-migrants\/\">Western imperialism turns a blind eye as Saudi regime massacres migrants<\/a> (DDP)<\/p>\n\n\n\n<p><mark style=\"background-color:rgba(0, 0, 0, 0);color:#ee0505\" class=\"has-inline-color\"><strong>24 ao\u00fbt<\/strong><\/mark><\/p>\n\n\n\n<p><a><strong><mark style=\"background-color:rgba(0, 0, 0, 0)\" class=\"has-inline-color has-contrast-color\">France<\/mark><\/strong><\/a><\/p>\n\n\n\n<p><strong><a href=\"https:\/\/www.francetvinfo.fr\/replay-radio\/l-edito-politique\/edito-immigration-controlee-referendums-gaulliens-et-education-pour-sa-rentree-emmanuel-macron-choisit-un-tryptique-de-droite_5987582.html\">Immigration, r\u00e9f\u00e9rendums, \u00e9ducation&#8230; Pour sa rentr\u00e9e, Macron choisit un tryptique de droite<\/a> <\/strong>(France Info)<\/p>\n\n\n\n<p><a href=\"https:\/\/www.francetvinfo.fr\/politique\/direct-rentree-politique-premier-conseil-des-ministres-depuis-la-pause-estivale-elisabeth-borne-va-s-exprimer-sur-france-bleu_6021035.html\">\u00ab\u00a0Nous devons r\u00e9duire significativement l&rsquo;immigration\u00a0\u00bb, affirme Macron avant le projet de loi au Parlement<\/a> (France Info)<\/p>\n\n\n\n<p><a href=\"https:\/\/www.francetvinfo.fr\/politique\/emmanuel-macron\/afrique-emmanuel-macron-estime-que-les-interventions-francaises-au-sahel-ont-ete-des-succes-malgre-les-crises-successives_6021839.html\">Afrique : Macron estime que les interventions fran\u00e7aises au Sahel \u00ab\u00a0ont \u00e9t\u00e9 des succ\u00e8s\u00a0\u00bb\u2026<\/a> (France Info)<\/p>\n\n\n\n<p><a href=\"https:\/\/www.lemonde.fr\/politique\/article\/2023\/08\/24\/la-rentree-tres-politique-de-gabriel-attal_6186385_823448.html\">La rentr\u00e9e tr\u00e8s politique de Gabriel Attal <\/a> (Le Monde)<\/p>\n\n\n\n<p><a href=\"https:\/\/www.francetvinfo.fr\/politique\/nicolas-sarkozy\/comment-peut-on-dire-qu-ils-ne-sont-pas-republicains-interroge-nicolas-sarkozy-a-propos-du-rassemblement-national_6022952.html\">\u00ab\u00a0Comment peut-on dire qu&rsquo;ils ne sont pas r\u00e9publicains ?\u00a0\u00bb, interroge Nicolas Sarkozy \u00e0 propos du RN<\/a> (France Info)<\/p>\n\n\n\n<p><a href=\"https:\/\/www.huffingtonpost.fr\/politique\/article\/jdd-sarkozy-soutient-lejeune-et-bollore-victime-d-un-proces-en-sorcellerie-avec-la-reprise-de-l-hebdo_222131.html\">\u00abPas le droit d\u2019avoir un journal de centre-droit&nbsp;?\u00bb,&nbsp;Sarkozy soutient Lejeune et le nouveau JDD<\/a> &nbsp;(Huffpost)<\/p>\n\n\n\n<p><strong>Monde<\/strong><\/p>\n\n\n\n<p><a href=\"https:\/\/www.lemonde.fr\/international\/article\/2023\/08\/24\/la-mort-annoncee-d-evgueni-prigojine-un-signal-pour-l-elite-russe_6186375_3210.html\"><strong>L\u2019annonce de la mort d\u2019Evgueni Prigojine, un signal pour l\u2019\u00e9lite russe<\/strong> <\/a>&nbsp;(Le Monde)<a href=\"https:\/\/www.lemonde.fr\/international\/article\/2023\/08\/24\/la-mort-annoncee-d-evgueni-prigojine-un-signal-pour-l-elite-russe_6186375_3210.html\"><\/a><\/p>\n\n\n\n<p><a href=\"https:\/\/www.lemonde.fr\/idees\/article\/2023\/08\/24\/avec-la-mort-annoncee-d-evgueni-prigojine-la-fin-ineluctable-d-une-saga-russe_6186400_3232.html\">Avec la mort annonc\u00e9e d\u2019Evgueni Prigojine, la fin in\u00e9luctable d\u2019une saga russe (Le Monde)<u><\/u><\/a><\/p>\n\n\n\n<p><a href=\"https:\/\/www.lemonde.fr\/idees\/article\/2023\/08\/24\/avec-la-mort-annoncee-d-evgueni-prigojine-la-fin-ineluctable-d-une-saga-russe_6186400_3232.html\">Sommet des Brics : six nouveaux pays int\u00e8grent le bloc des pays \u00e9mergents<\/a><a href=\"https:\/\/www.lemonde.fr\/idees\/article\/2023\/08\/24\/avec-la-mort-annoncee-d-evgueni-prigojine-la-fin-ineluctable-d-une-saga-russe_6186400_3232.html\"> &nbsp;(France Info)<\/a><\/p>\n\n\n\n<p><a href=\"https:\/\/www.lemonde.fr\/idees\/article\/2023\/08\/24\/avec-la-mort-annoncee-d-evgueni-prigojine-la-fin-ineluctable-d-une-saga-russe_6186400_3232.html\"><strong><\/strong><\/a><strong><a href=\"https:\/\/theconversation.com\/premiere-historique-en-equateur-un-vote-stoppe-lexploitation-dun-gisement-petrolier-212126\">Premi\u00e8re historique : en \u00c9quateur, un vote stoppe l\u2019exploitation d\u2019un gisement p\u00e9trolier<\/a><\/strong> &nbsp;(The Conversation)<\/p>\n\n\n\n<p><a href=\"https:\/\/alencontre.org\/ameriques\/amelat\/argentine\/argentine-dossier-un-jour-de-rage-lheure-du-liberalisme-plebeien.html\">Argentine-dossier. \u00abUn jour de rage. L\u2019heure du lib\u00e9ralisme pl\u00e9b\u00e9ien\u00bb&nbsp;<\/a>(A l\u2019encontre)<\/p>\n\n\n\n<p><mark style=\"background-color:rgba(0, 0, 0, 0);color:#ee0505\" class=\"has-inline-color\"><strong>21 ao\u00fbt<\/strong><\/mark><\/p>\n\n\n\n<p><a><strong><mark style=\"background-color:rgba(0, 0, 0, 0)\" class=\"has-inline-color has-contrast-color\">France<\/mark><\/strong><\/a><\/p>\n\n\n\n<p><a href=\"https:\/\/mondafrique.com\/limage-du-jour\/la-piste-algerienne-dans-lassassinat-des-journalistes-de-rfi\/\"><strong>La piste alg\u00e9rienne dans l\u2019assassinat des journalistes de RFI<\/strong><\/a><strong> (<\/strong>Mondafrique)<\/p>\n\n\n\n<p><a href=\"https:\/\/www.huffingtonpost.fr\/environnement\/article\/le-golf-de-beaumont-saint-cyr-degrade-en-marge-du-convoi-de-l-eau-marc-fesneau-s-insurge_222014.html\">Le Convoi de l\u2019eau cibl\u00e9 par le ministre de l\u2019Agriculture apr\u00e8s la d\u00e9gradation d\u2019un golf<\/a> (Huffpost)<\/p>\n\n\n\n<p><a href=\"https:\/\/common.indigo-net.com\/lib\/cookie_log\/redirector.asp?mail=n.chevillard@noos.fr&amp;ID=550728&amp;DOCIID=109703480&amp;ENAIID=824853&amp;RETOUR=SIMPLE&amp;link=https:\/\/www.intelligenceonline.fr\/renseignement-d-etat\/2023\/08\/21\/xi-jinping-rejette-la-venue-d-emmanuel-macron-au-sommet-des-brics,110033365-art?cxt=PUB&amp;utm_source=LMR&amp;utm_medium=email&amp;utm_campaign=AUTO_EDIT_SOM\" target=\"_blank\" rel=\"noreferrer noopener\">Xi Jinping rejette la venue d&rsquo;Emmanuel Macron au sommet des BRICS<\/a> (Intelligence Online)<\/p>\n\n\n\n<p><a><\/a><a href=\"https:\/\/www.wathi.org\/laboratoire\/tribune\/laide-publique-au-developpement-les-implications-et-contradictions-francaises-en-afrique\/\">L\u2019aide publique au d\u00e9veloppement, les implications et contradictions fran\u00e7aises en Afrique<\/a>&nbsp;(Wathi)<\/p>\n\n\n\n<p><a href=\"https:\/\/reporterre.net\/Sept-militants-d-Extinction-Rebellion-condamnes-pour-avoir-peinturlure-la-BNP?utm_source=newsletter&amp;utm_medium=email&amp;utm_campaign=nl_quotidienne\">XR contre BNP Paribas&nbsp;: \u00e0 Dijon, un proc\u00e8s hautement politique<\/a>&nbsp;(Reporterre)<\/p>\n\n\n\n<p><a href=\"https:\/\/www.youtube.com\/watch?v=3XHrVT5M9nQ\">Le Pr\u00e9fet, le Fond\u00e9 de pouvoir et le clan corse<\/a>&nbsp;(Blast)<\/p>\n\n\n\n<p><a href=\"https:\/\/www.nexus.fr\/actualite\/entretien\/alexandre-boisson\/\">Entretien avec Alexandre Boisson, ancien garde du corps de Chirac et Sarkozy<\/a>&nbsp;(Nexus)<\/p>\n\n\n\n<p><strong>Monde<\/strong><\/p>\n\n\n\n<p><a href=\"https:\/\/www.humanite.fr\/monde\/equateur\/presidentielle-en-equateur-la-socialiste-luisa-gonzalez-en-tete-du-premier-tour-806384#xtor=RSS-1\" target=\"_blank\" rel=\"noreferrer noopener\">Pr\u00e9sidentielle en \u00c9quateur : la socialiste Luisa Gonzalez en t\u00eate du premier tour<\/a> (L\u2019Humanit\u00e9)<\/p>\n\n\n\n<p><a><\/a><a href=\"https:\/\/www.hrw.org\/fr\/news\/2023\/08\/21\/arabie-saoudite-massacre-de-migrants-la-frontiere-du-yemen\" target=\"_blank\" rel=\"noreferrer noopener\">Arabie saoudite : Massacre de migrants \u00e0 la fronti\u00e8re du Y\u00e9men<\/a> (HRW)<\/p>\n\n\n\n<p><a href=\"https:\/\/www.les-crises.fr\/alors-que-l-italie-et-la-grece-sont-en-flammes-leurs-dirigeants-sont-obsedes-par-l-immigration\/\">Alors que l\u2019Italie et la Gr\u00e8ce sont en flammes, leurs dirigeants sont obs\u00e9d\u00e9s par l\u2019immigration<\/a>&nbsp; (Les Crises)<\/p>\n\n\n\n<p><a href=\"https:\/\/www.wakatsera.com\/cedeao-avant-de-jeter-le-bebe-avec-leau-du-bain-prenons-le-temps-de-la-reflexion\/\">CEDEAO: \u00abAvant de jeter le b\u00e9b\u00e9 avec l\u2019eau du bain, prenons le temps de la&nbsp;<\/a><a href=\"https:\/\/www.wakatsera.com\/cedeao-avant-de-jeter-le-bebe-avec-leau-du-bain-prenons-le-temps-de-la-reflexion\/\">r\u00e9flexion\u00bb<\/a>&nbsp;(Wakat S\u00e9ra<\/p>\n\n\n\n<p><a href=\"https:\/\/www.wathi.org\/laboratoire\/choix_de_wathi\/les-societes-civiles-au-sahel-cartographie-raisonnee-de-la-connaissance-des-contextes-a-laccompagnement-du-changement-social-juin-2023\/\">Les soci\u00e9t\u00e9s civiles au Sahel : de la connaissance des contextes \u00e0 l\u2019accompagnement du changement social<\/a>&nbsp;(Wathi)<\/p>\n\n\n\n<p><a href=\"https:\/\/www.youtube.com\/watch?v=nQx4ffx_Hu8\">Bons baisers de Bosnie<\/a>&nbsp;(Blast)<\/p>\n\n\n\n<p><strong>Analyse<\/strong><\/p>\n\n\n\n<p><a href=\"https:\/\/afriquexxi.info\/Les-sanctions-une-arme-a-double-tranchant-au-Sahel\" target=\"_blank\" rel=\"noreferrer noopener\"><strong>Les sanctions, une arme \u00e0 double tranchant au Sahel<\/strong><\/a> (Afrique XXI)<\/p>\n\n\n\n<p><a href=\"https:\/\/link.newsletter.franceculture.fr\/m\/ml\/7429\/819407\/aFDKkM4fSE8Rl5-3Ufiumm9C5lXTLJmivm821gAfcU8=\/qbR75W+UNzJrjIMz6iHLlRHC4S+h4qvEReDRGIM5VI8=\/\" target=\"_blank\" rel=\"noreferrer noopener\">Niger&nbsp;: aux racines de la crise<\/a> (France Culture)<\/p>\n\n\n\n<p><a href=\"https:\/\/aplutsoc.org\/2023\/08\/16\/une-lecon-de-choses-sur-lotan\/\">Une le\u00e7on de choses sur l\u2019OTAN.<\/a>&nbsp;(Aplutsoc)<\/p>\n\n\n\n<p><a href=\"https:\/\/theconversation.com\/la-chine-un-mediateur-au-centre-de-lechiquier-geopolitique-mondial-209633?utm_medium=email&amp;utm_campaign=La%20lettre%20de%20The%20Conversation%20France%20du%2016%20aot%202023%20-%202711027392&amp;utm_content=La%20lettre%20de%20The%20Conversation%20France%20du%2016%20aot%202023%20-%202711027392+CID_303f11175ca02d39b12d5914666611c3&amp;utm_source=campaign_monitor_fr&amp;utm_term=La%20Chine%20un%20mdiateur%20au%20centre%20de%20lchiquier%20gopolitique%20mondial\">La Chine, un m\u00e9diateur au centre de l\u2019\u00e9chiquier g\u00e9opolitique mondial&nbsp;?<\/a>&nbsp;(The Conversation)<\/p>\n\n\n\n<p><mark style=\"background-color:rgba(0, 0, 0, 0);color:#ee0505\" class=\"has-inline-color\"><strong>20 ao\u00fbt<\/strong><\/mark><\/p>\n\n\n\n<p><a><strong><mark style=\"background-color:rgba(0, 0, 0, 0)\" class=\"has-inline-color has-contrast-color\">France<\/mark><\/strong><\/a><\/p>\n\n\n\n<p><strong><a href=\"https:\/\/www.lemediatv.fr\/emissions\/2023\/francafrique-destabilisation-malettes-dargent-le-temoignage-choc-dun-ancien-espion-_KnPjCp0SJKAz-WVE2aZzw\" target=\"_blank\" rel=\"noreferrer noopener\">Fran\u00e7afrique, d\u00e9stabilisation, mallettes d&rsquo;argent : le t\u00e9moignage choc d&rsquo;un ancien espion<\/a> <\/strong>(Le M\u00e9dia)<\/p>\n\n\n\n<p><a href=\"https:\/\/www.mediapart.fr\/journal\/politique\/200823\/l-echec-permanent-des-opposants-la-ve-republique\" target=\"_blank\" rel=\"noreferrer noopener\">L\u2019\u00e9chec permanent des opposants \u00e0 la Ve R\u00e9publique<\/a> (M\u00e9diapart)<\/p>\n\n\n\n<p><a href=\"https:\/\/www.mediapart.fr\/journal\/france\/190823\/le-cuisinier-indien-interpelle-dans-une-eglise-caen-n-est-plus-menace-d-expulsion\" target=\"_blank\" rel=\"noreferrer noopener\">Le cuisinier indien interpell\u00e9 dans une \u00e9glise \u00e0 Caen n\u2019est plus menac\u00e9 d\u2019expulsion<\/a>&nbsp; (M\u00e9diapart)<\/p>\n\n\n\n<p><a href=\"https:\/\/www.cadtm.org\/LA-CONFEDERATION-PAYSANNE-DENONCE-LE-RISQUE-D-INTERVENTION-MILITAIRE-AU-NIGER\" target=\"_blank\" rel=\"noreferrer noopener\"><strong>La Conf\u00e9d\u00e9ration paysanne d\u00e9nonce le risque d\u2019intervention militaire au Niger et soutient les populations et paysans du Sahel<\/strong><\/a> (CADTM)<\/p>\n\n\n\n<p><strong>Monde<\/strong><\/p>\n\n\n\n<p><a href=\"https:\/\/lvsl.fr\/la-belgique-tiraillee-entre-une-wallonie-de-gauche-et-une-flandre-de-droite\/\" target=\"_blank\" rel=\"noreferrer noopener\">La Belgique tiraill\u00e9e entre une Wallonie de gauche et une Flandre de droite<\/a> (Le Vent Se L\u00e8ve)<\/p>\n\n\n\n<p><a href=\"https:\/\/www.courrierdesbalkans.fr\/Blog-o-Le-pragmatisme-du-Kosovo-une-voie-vers-une-paix-durable\" target=\"_blank\" rel=\"noreferrer noopener\">Blog \u2022 Le pragmatisme du Kosovo : une voie vers une paix durable<\/a> (Le Courrier des Balkans)<\/p>\n\n\n\n<p><a href=\"https:\/\/truthout.org\/articles\/biden-urged-to-back-hawaiian-cases-against-big-oil-ahead-of-maui-visit\/\" target=\"_blank\" rel=\"noreferrer noopener\">Biden Urged to Back Hawaiian Cases Against Big Oil Ahead of Maui Visit<\/a> (TruthOut)<\/p>\n\n\n\n<p><a href=\"https:\/\/www.les-crises.fr\/turquie-la-determination-d-erdogan-a-rentrer-dans-l-ue-n-est-pas-qu-un-effet-de-manche\/\">Turquie : La d\u00e9termination d\u2019Erdo\u011fan \u00e0 rentrer dans l\u2019UE n\u2019est pas qu\u2019un effet de manche<\/a> (Les Crises)<\/p>\n\n\n\n<p><a href=\"https:\/\/entreleslignesentrelesmots.wordpress.com\/2023\/08\/19\/russie-coup-detat-de-prigojine-et-apres\/\">Russie. Coup d\u2019\u00c9tat de Prigojine et apr\u00e8s&nbsp;?<\/a> (Entre les lignes, entre les mots)<\/p>\n\n\n\n<p><mark style=\"background-color:rgba(0, 0, 0, 0);color:#ee0505\" class=\"has-inline-color\"><strong>19 ao\u00fbt<\/strong><\/mark><\/p>\n\n\n\n<p><a><strong><mark style=\"background-color:rgba(0, 0, 0, 0)\" class=\"has-inline-color has-contrast-color\">France<\/mark><\/strong><\/a><\/p>\n\n\n\n<p><strong><a href=\"https:\/\/blogs.mediapart.fr\/les-ami-es-des-soulevements-de-la-terre\/blog\/190823\/appel-vendredi-8-septembre\">Appel vendredi 8 septembre<\/a> <\/strong>(Les ami\u00b7es des Soul\u00e8vements de la Terre)<\/p>\n\n\n\n<p><a href=\"https:\/\/www.huffingtonpost.fr\/international\/article\/niger-la-france-avait-ete-sollicitee-pour-aider-a-liberer-le-president-mohamed-bazoum_221967.html\">Au Niger, la France avait \u00e9t\u00e9 sollicit\u00e9e pour aider \u00e0 lib\u00e9rer le pr\u00e9sident Bazoum<\/a> (Huffpost)<\/p>\n\n\n\n<p><a href=\"https:\/\/www.mediapart.fr\/journal\/france\/180823\/fier-d-etre-libere-par-la-justice-meme-si-casse-des-jambes-des-petites-salopes-de-gauchistes\">Quand l\u2019extr\u00eame droite violente se sent l\u00e9gitim\u00e9e par la justice<\/a> (M\u00e9diapart)<\/p>\n\n\n\n<p><a href=\"https:\/\/blogs.mediapart.fr\/louis-bulidon\/blog\/180823\/la-france-face-son-passe-colonial\">La France face \u00e0 son pass\u00e9 colonial<\/a>&nbsp;(Blog de Louis Bulidon)<\/p>\n\n\n\n<p><strong>Monde<\/strong><\/p>\n\n\n\n<p><a href=\"http:\/\/alencontre.org\/europe\/italie\/italie-le-gouvernement-meloni-a-lepreuve-de-pressions-socio-politiques-contradictoires.html\">Italie. Le gouvernement Meloni \u00e0 l\u2019\u00e9preuve de pressions socio-politiques contradictoires<\/a> (A l\u2019encontre)<\/p>\n\n\n\n<p><a href=\"https:\/\/www.mediapart.fr\/journal\/international\/190823\/niger-la-cedeao-se-dit-prete-intervenir-militairement-la-diplomatie-continue\">Niger&nbsp;: la Cedeao se dit pr\u00eate \u00e0 intervenir militairement, la diplomatie continue<\/a> (M\u00e9diapart)<\/p>\n\n\n\n<p><a href=\"https:\/\/www.boursorama.com\/actualite-economique\/actualites\/guatemala-fin-de-campagne-agitee-entre-deux-pretendants-de-gauche-712c797da0bcb5633addb6bef672e70c\">Guatemala : fin de campagne agit\u00e9e entre deux pr\u00e9tendants de gauche<\/a> (AFP) &nbsp;&nbsp;<\/p>\n\n\n\n<p><a href=\"https:\/\/www.boursorama.com\/actualite-economique\/actualites\/les-inegalites-le-defi-pour-le-roi-du-maroc-apres-un-quart-de-siecle-au-pouvoir-1eb9754f701f62a74f3ca9fcfd23adf5\">Les in\u00e9galit\u00e9s, le d\u00e9fi pour le roi du Maroc apr\u00e8s un quart de si\u00e8cle au pouvoir<\/a> (AFP) &nbsp;&nbsp;<\/p>\n\n\n\n<p><a href=\"https:\/\/www.boursorama.com\/actualite-economique\/actualites\/nouveaux-exercices-militaires-chinois-autour-de-taiwan-55dee764cbaed486b9e0ad534d3ff1e8\">Nouveaux exercices militaires chinois autour de Taiwan<\/a> (Reuters) &nbsp;&nbsp;<\/p>\n\n\n\n<p><a href=\"https:\/\/www.boursorama.com\/actualite-economique\/actualites\/russie-un-dirigeant-de-l-ong-de-surveillance-des-elections-golos-arrete-16b6e68e92a9effb1644d8df5109bfa0\">Russie-Un dirigeant de l&rsquo;ONG de surveillance des \u00e9lections Golos arr\u00eat\u00e9<\/a> (Reuters) &nbsp;&nbsp;<\/p>\n\n\n\n<p><a href=\"https:\/\/www.middleeasteye.net\/fr\/actu-et-enquetes\/libye-combats-groupes-armes-tripoli-brigade-444-force-radaa\">Libye : 55 morts dans les pires combats entre groupes arm\u00e9s depuis un an<\/a> (MEE)<\/p>\n\n\n\n<p><strong>Analyse<\/strong><\/p>\n\n\n\n<p><a href=\"https:\/\/www.francetvinfo.fr\/monde\/afrique\/niger\/l-article-a-lire-pour-comprendre-la-crise-que-traverse-le-niger-apres-le-coup-d-etat-militaire_6006353.html\">Comprendre la crise que traverse le Niger apr\u00e8s le coup d&rsquo;Etat militaire<\/a> (France Info)<\/p>\n\n\n\n<p><mark style=\"background-color:rgba(0, 0, 0, 0);color:#ee0505\" class=\"has-inline-color\"><strong>18 ao\u00fbt<\/strong><\/mark><\/p>\n\n\n\n<p><a><strong><mark style=\"background-color:rgba(0, 0, 0, 0)\" class=\"has-inline-color has-contrast-color\">France<\/mark><\/strong><\/a><\/p>\n\n\n\n<p><a href=\"https:\/\/reporterre.net\/Megabassines-partage-de-l-eau-un-convoi-s-elance-pour-renouer-le-dialogue\">M\u00e9gabassines&nbsp;: 300 km \u00e0 v\u00e9lo et en tracteur pour renouer le dialogue<\/a> (Reporterre)<\/p>\n\n\n\n<p><a href=\"https:\/\/www.huffingtonpost.fr\/politique\/article\/attal-et-les-mahorais-le-ministre-presente-ses-excuses-et-reconnait-une-maladresse-apres-un-debut-de-tolle_221944.html\">Houspill\u00e9 pour cette sortie sur les Mahorais, Attal s\u2019excuse et reconna\u00eet une \u00ab&nbsp;maladresse&nbsp;\u00bb<\/a> (Huffpost)<\/p>\n\n\n\n<p><a href=\"https:\/\/www.huffingtonpost.fr\/politique\/article\/penser-l-apres-macron-les-organisations-de-jeunesse-de-la-majorite-face-au-vertige-de-la-succession-du-president_221898.html\">\u00ab\u00c7a risque d\u2019\u00eatre tr\u00e8s douloureux\u00bb&nbsp;: Les jeunes macronistes face au vertige de l\u2019apr\u00e8s-Macron<\/a> (Huffpost)<\/p>\n\n\n\n<p><a href=\"https:\/\/www.francetvinfo.fr\/politique\/nicolas-sarkozy\/presidentielle-2027-pourquoi-nicolas-sarkozy-adoube-gerald-darmanin_6011180.html\">Pr\u00e9sidentielle 2027 : pourquoi Nicolas Sarkozy adoube G\u00e9rald Darmanin<\/a> (France Info)<\/p>\n\n\n\n<p><a href=\"https:\/\/www.mediapart.fr\/journal\/france\/180823\/fier-d-etre-libere-par-la-justice-meme-si-casse-des-jambes-des-petites-salopes-de-gauchistes\">Fier d\u2019\u00eatre \u2018lib\u00e9r\u00e9\u2019 par la justice \u00abm\u00eame si on casse des jambes \u00e0 des petites salopes de gauchistes&nbsp;\u00bb<\/a> (M\u00e9diapart)<a href=\"https:\/\/www.lemonde.fr\/international\/article\/2023\/08\/17\/au-venezuela-l-ambassade-de-france-normalise-ses-relations-avec-le-president-maduro_6185618_3210.html\"><\/a><\/p>\n\n\n\n<p><a href=\"https:\/\/www.lemonde.fr\/international\/article\/2023\/08\/17\/au-venezuela-l-ambassade-de-france-normalise-ses-relations-avec-le-president-maduro_6185618_3210.html\">La France normalise ses relations avec le Venezuela du pr\u00e9sident Maduro<\/a> (Le Monde)<\/p>\n\n\n\n<p><strong>Monde<\/strong><\/p>\n\n\n\n<p><a href=\"http:\/\/alencontre.org\/europe\/allemagne\/allemagne-le-nouvel-essor-dalternative-fur-deutschland.html\">Allemagne. Le nouvel essor d\u2019Alternative f\u00fcr Deutschland<\/a> (A l\u2019encontre)<\/p>\n\n\n\n<p><a><\/a><a href=\"https:\/\/www.mediapart.fr\/journal\/international\/180823\/comment-le-chef-de-guerre-soudanais-hemetti-est-devenu-la-coqueluche-des-occidentaux\">Comment le chef de guerre soudanais Hemetti est devenu la coqueluche des Occidentaux<\/a> (M\u00e9diapart)<\/p>\n\n\n\n<p><a href=\"http:\/\/www.lequotidien-oran.com\/index.php?news=5323178\">Alg\u00e9rie, sur la situation au Niger : \u00abAucune intervention militaire n&rsquo;a \u00e9t\u00e9 un succ\u00e8s\u00bb<\/a> (Le Quotidien d\u2019Oran)<\/p>\n\n\n\n<p><a href=\"https:\/\/www.lemonde.fr\/afrique\/article\/2023\/08\/17\/les-casques-bleus-de-l-onu-partent-d-un-troisieme-camp-au-mali_6185752_3212.html\">Les casques bleus partent d\u2019un troisi\u00e8me camp au Mali<\/a> (Le Monde)<\/p>\n\n\n\n<p><a href=\"https:\/\/maghrebemergent.net\/retour-des-affrontements-entre-les-forces-maliennes-et-les-azawad\/\">Retour des affrontements entre les forces maliennes et les Azawad<\/a> (Maghreb \u00e9mergent)<\/p>\n\n\n\n<p><a href=\"https:\/\/www.lemonde.fr\/afrique\/article\/2023\/08\/17\/au-niger-le-nombre-d-attaques-djihadistes-augmente-depuis-le-coup-d-etat_6185701_3212.html\">Au Niger, le nombre d\u2019attaques djihadistes augmente depuis le coup d\u2019Etat<\/a> (Le Monde)<\/p>\n\n\n\n<p><a href=\"https:\/\/www.lemonde.fr\/international\/article\/2023\/08\/17\/ukraine-le-spectre-de-la-guerre-longue-s-installe_6185621_3210.html\">Ukraine&nbsp;: le spectre de la guerre longue s\u2019installe<\/a> (Le Monde)<\/p>\n\n\n\n<p><a href=\"https:\/\/www.courrierdesbalkans.fr\/La-mobilisation-Bulgare-contre-le-fleau-des-violences-conjugales\" target=\"_blank\" rel=\"noreferrer noopener\">Bulgarie : mobilisation in\u00e9dite contre les violences faites aux femmes<\/a> (Le Courrier des Balkans)<\/p>\n\n\n\n<p><strong>Analyse<\/strong><\/p>\n\n\n\n<p><a href=\"https:\/\/www.lemediatv.fr\/emissions\/2023\/condamnes-a-boire-de-leau-salee-la-catastrophe-internationale-qui-vient-aYHAjxqSSlaWNPQaVwZbAw\" target=\"_blank\" rel=\"noreferrer noopener\">Condamn\u00e9s \u00e0 boire de l&rsquo;eau sal\u00e9e ? La catastrophe internationale qui vient<\/a> (Le M\u00e9dia)<\/p>\n\n\n\n<p><mark style=\"background-color:rgba(0, 0, 0, 0);color:#ee0505\" class=\"has-inline-color\"><strong>17 ao\u00fbt<\/strong><\/mark><\/p>\n\n\n\n<p><a><strong><mark style=\"background-color:rgba(0, 0, 0, 0)\" class=\"has-inline-color has-contrast-color\">France<\/mark><\/strong><\/a><\/p>\n\n\n\n<p><a href=\"https:\/\/www.mediapart.fr\/journal\/france\/170823\/interview-de-sarkozy-au-figaro-mediapart-rectifie-les-questions-et-les-reponses\">Ce que Sarkozy a oubli\u00e9 de dire <\/a>&nbsp;(M\u00e9diapart)<\/p>\n\n\n\n<p><a href=\"https:\/\/www.huffingtonpost.fr\/politique\/article\/les-propos-de-nicolas-sarkozy-sur-la-russie-et-l-ukraine-largement-critiques_221881.html\">Les propos de Nicolas Sarkozy sur la Russie et l\u2019Ukraine (tr\u00e8s) largement critiqu\u00e9s<\/a> (Huffpost)<\/p>\n\n\n\n<p><a href=\"https:\/\/link.newsletter.franceculture.fr\/m\/ml\/7429\/818462\/_gec9yvxCVTknY6ICJPxrW9C5lXTLJmivm821gAfcU8=\/e6x55ivTg34pqAg8mPBuuZ1VEf23NqNkWByl8AHCjg4=\/\" target=\"_blank\" rel=\"noreferrer noopener\">\u00c9tat et police, rapports de pouvoirs<\/a> (France Culture)<\/p>\n\n\n\n<p><a href=\"https:\/\/www.mediapart.fr\/journal\/france\/170823\/au-proces-des-activistes-d-extinction-rebellion-une-jeunesse-depassee-de-se-retrouver-devant-le-tribunal\" target=\"_blank\" rel=\"noreferrer noopener\">Au proc\u00e8s d\u2019Extinction Rebellion, une jeunesse \u00abd\u00e9pass\u00e9e\u00bb de se retrouver devant le tribunal<\/a>&nbsp;(M\u00e9diapart)<\/p>\n\n\n\n<p><a href=\"https:\/\/www.youtube.com\/watch?v=7h5yK8AeJwc\">Reportage au coeur des luttes d\u00e9coloniales &amp; \u00e9cologistes<\/a>&nbsp;(Le M\u00e9dia)<\/p>\n\n\n\n<p><a href=\"https:\/\/www.francetvinfo.fr\/politique\/gerald-darmanin\/il-est-gonfle-les-ambitions-de-moins-en-moins-cachees-de-gerald-darmanin-agacent-au-sein-de-la-majorite_5940002.html\">\u00ab\u00a0Il est gonfl\u00e9&nbsp;!\u00a0\u00bb&nbsp;: les ambitions de Darmanin agacent au sein de la majorit\u00e9<\/a> (France info)<\/p>\n\n\n\n<p><a href=\"https:\/\/www.youtube.com\/watch?v=xZkXHik2yw0\"><strong>Darmanin : la terreur<\/strong><\/a> (Blast)<\/p>\n\n\n\n<p><a href=\"https:\/\/www.youtube.com\/watch?v=CvTsx_9Msto\">La nouvelle corruption du pouvoir<\/a>&nbsp;(Le Canard R\u00e9fractaire)<\/p>\n\n\n\n<p><a href=\"https:\/\/reseauinternational.net\/florilege-des-mensonges-de-macron-depuis-6-ans\/\"><strong>Floril\u00e8ge des mensonges de Macron depuis 6 ans<\/strong><\/a> (R\u00e9seau International)<\/p>\n\n\n\n<p><strong>Monde<\/strong><\/p>\n\n\n\n<p><a href=\"https:\/\/www.mediapart.fr\/journal\/fil-dactualites\/170823\/espagne-victoire-socialiste-pour-l-ouverture-de-la-session-parlementaire\">Espagne&nbsp;:&nbsp;victoire socialiste pour l\u2019ouverture de la session parlementaire <\/a>&nbsp;(M\u00e9diapart)<\/p>\n\n\n\n<p><a href=\"https:\/\/www.francetvinfo.fr\/monde\/europe\/manifestations-en-ukraine\/tout-le-systeme-est-corrompu-en-ukraine-la-difficile-lutte-contre-le-fleau-de-la-corruption_6010967.html\">\u00ab\u00a0Tout le syst\u00e8me est corrompu !\u00a0\u00bb : en Ukraine, la difficile lutte contre le fl\u00e9au de la corruption<\/a> (France Inter)<\/p>\n\n\n\n<p><a href=\"https:\/\/link.newsletter.franceculture.fr\/m\/ml\/7429\/818462\/_gec9yvxCVTknY6ICJPxrW9C5lXTLJmivm821gAfcU8=\/e6x55ivTg34pqAg8mPBuuQVDRUkxq+TO-eQj1iO5RFQ=\/\" target=\"_blank\" rel=\"noreferrer noopener\">Qui est le candidat d&rsquo;extr\u00eame droite Javier Milei, favori surprise de la pr\u00e9sidentielle en Argentine&nbsp;?<\/a> (France Culture)<\/p>\n\n\n\n<p><a href=\"https:\/\/link.newsletter.franceculture.fr\/m\/ml\/7429\/818462\/_gec9yvxCVTknY6ICJPxrW9C5lXTLJmivm821gAfcU8=\/e6x55ivTg34pqAg8mPBuuea0IIci1OacUoiNgt8ya68=\/\" target=\"_blank\" rel=\"noreferrer noopener\">Italie&nbsp;: Giorgia Meloni, mod\u00e8le pour l&rsquo;extr\u00eame droite europ\u00e9enne&nbsp;?<\/a> (France Culture)<\/p>\n\n\n\n<p><a href=\"https:\/\/www.youtube.com\/watch?v=-pG33nc2180\">Le Burkina Faso met fin \u00e0 un accord colonial ag\u00e9 de 58 ans<\/a>&nbsp;(Investir au Pays)<\/p>\n\n\n\n<p><strong>Analyse<\/strong><\/p>\n\n\n\n<p><a href=\"https:\/\/lanticapitaliste.org\/actualite\/societe\/le-front-unique-des-delinquants-reunir-la-classe-contre-lordre-capitaliste\">Le front unique des d\u00e9linquants\u2009: r\u00e9unir la classe contre l\u2019ordre capitaliste<\/a> (L\u2019Anticapitaliste)<\/p>\n\n\n\n<p><a href=\"https:\/\/lanticapitaliste.org\/opinions\/societe\/marxisme-et-racisme\">Marxisme et racisme<\/a> (L\u2019Anticapitaliste)<\/p>\n\n\n\n<p><a href=\"https:\/\/link.newsletter.franceculture.fr\/m\/ml\/7429\/818462\/_gec9yvxCVTknY6ICJPxrW9C5lXTLJmivm821gAfcU8=\/e6x55ivTg34pqAg8mPBuufAM-5wl9YEDny2gIrVUJSQ=\/\" target=\"_blank\" rel=\"noreferrer noopener\">La traque d&rsquo;Angela Davis<\/a> (France Culture)<\/p>\n\n\n\n<p><mark style=\"background-color:rgba(0, 0, 0, 0);color:#ee0505\" class=\"has-inline-color\"><strong>16 ao\u00fbt<\/strong><\/mark><\/p>\n\n\n\n<p><a><strong><mark style=\"background-color:rgba(0, 0, 0, 0)\" class=\"has-inline-color has-contrast-color\">France<\/mark><\/strong><\/a><\/p>\n\n\n\n<p><a href=\"https:\/\/www.huffingtonpost.fr\/politique\/article\/sarkozy-se-demarque-de-macron-sur-les-emeutes-liees-a-la-morte-de-nahel-et-pointe-l-heritage-de-mai-68_221866.html\">Sarkozy se d\u00e9marque de Macron sur les \u00e9meutes et y voit \u00abl\u2019influence d\u00e9l\u00e9t\u00e8re de mai 68\u00bb<\/a> (Huffpost)<\/p>\n\n\n\n<p><a href=\"https:\/\/www.francetvinfo.fr\/politique\/nicolas-sarkozy\/nicolas-sarkozy-souhaite-a-gerald-darmanin-de-franchir-l-etape-qui-mene-a-la-presidence-dans-son-nouveau-livre_6009626.html\">Sarkozy souhaite \u00e0 Darmanin de franchir l&rsquo;\u00e9tape qui \u2018m\u00e8ne \u00e0 la pr\u00e9sidence\u2019 dans son nouveau livre<\/a> (France Info)<\/p>\n\n\n\n<p><a href=\"https:\/\/www.huffingtonpost.fr\/politique\/article\/la-france-3e-pays-en-nombre-de-millionnaires-ces-deputes-de-la-nupes-s-etranglent_221833.html\"><strong>La France est le 3e pays avec le plus de millionnaires<\/strong>, ces d\u00e9put\u00e9s de la Nupes s\u2019\u00e9tranglent<\/a> (Huffpost)<\/p>\n\n\n\n<p><a href=\"https:\/\/www.humanite.fr\/social-et-economie\/pauvrete\/3-millions-de-millionnaires-en-france-la-medaille-de-bronze-derriere-les-etats-unis-et-la-chine-806025#xtor=RSS-1\" target=\"_blank\" rel=\"noreferrer noopener\">3 millions de millionnaires en France, la m\u00e9daille de bronze derri\u00e8re les USA et la Chine<\/a> (L\u2019Humanit\u00e9)<\/p>\n\n\n\n<p><a href=\"https:\/\/www.liberation.fr\/politique\/rentree-politique-les-figures-de-renaissance-priees-de-ne-pas-se-meler-aux-insoumis-20230815_QHZSSC3NUVAMBICOP4WJ2QFTUQ\/\">Rentr\u00e9e politique&nbsp;: les figures de Renaissance pri\u00e9es de ne pas se m\u00ealer aux insoumis<\/a> (Lib\u00e9ration)<\/p>\n\n\n\n<p><a href=\"https:\/\/www.liberation.fr\/idees-et-debats\/editorial\/au-rn-largument-du-social-sonne-creux-20230815_S4B373A47NBMPNOCIT7FITOB3I\/\" target=\"_blank\" rel=\"noreferrer noopener\">Au RN, l\u2019argument du social sonne creux<\/a> (Lib\u00e9ration)<\/p>\n\n\n\n<p><a href=\"https:\/\/www.mediapart.fr\/journal\/france\/160823\/lyon-turin-des-militants-contestent-leur-interdiction-du-territoire-francais\" target=\"_blank\" rel=\"noreferrer noopener\">Lyon-Turin : des militants contestent leur interdiction du territoire fran\u00e7ais<\/a> (M\u00e9diapart)<\/p>\n\n\n\n<p><a href=\"https:\/\/histoireetsociete.com\/2023\/08\/13\/limage-de-plus-en-plus-degradee-de-la-france-dans-le-monde\/\">L\u2019image de plus en plus d\u00e9grad\u00e9e de la France dans le Monde\u2026<\/a>&nbsp; (Histoire et Soci\u00e9t\u00e9)<\/p>\n\n\n\n<p><a href=\"https:\/\/www.iveris.eu\/list\/notes\/573-au_niger_la_france_lachee_par_ses_allies\"><strong>Au Niger, la France l\u00e2ch\u00e9e par ses alli\u00e9s<\/strong><\/a> (Iveris)<\/p>\n\n\n\n<p><strong>Monde<\/strong><\/p>\n\n\n\n<p><a href=\"https:\/\/www.lemonde.fr\/afrique\/article\/2023\/08\/16\/l-union-africaine-rejette-une-intervention-militaire-au-niger_6185522_3212.html\">L\u2019Union africaine rejette toute intervention militaire au Niger et se d\u00e9solidarise de la Cedeao<\/a> (Le Monde)<\/p>\n\n\n\n<p><a href=\"https:\/\/www.lemonde.fr\/international\/live\/2023\/08\/16\/guerre-en-ukraine-en-direct-45-000-moscovites-combattraient-actuellement-en-ukraine_6185507_3210.html\">En direct&nbsp;: 45&nbsp;000&nbsp;moscovites combattraient actuellement en Ukraine<\/a> (Le Live du Monde)<\/p>\n\n\n\n<p><a href=\"https:\/\/www.huffingtonpost.fr\/international\/article\/donald-trump-inculpe-en-georgie-qui-est-fani-willis-la-procureure-qui-a-enquete-sur-cette-affaire_221825.html\">Qui est Fani Willis, la procureure \u00ab&nbsp;pitbull&nbsp;\u00bb qui a inculp\u00e9 Trump en G\u00e9orgie&nbsp;?<\/a> (Huffpost)<\/p>\n\n\n\n<p><a href=\"https:\/\/www.liberation.fr\/politique\/elections\/en-italie-lextreme-droite-de-meloni-contre-les-minima-sociaux-20230816_XTR7WEU3ZVDJJHSC3RJNF44X5I\/\" target=\"_blank\" rel=\"noreferrer noopener\">En Italie, l\u2019extr\u00eame droite de Meloni contre les minima sociaux<\/a> (Lib\u00e9ration)<\/p>\n\n\n\n<p><a href=\"https:\/\/www.courrierdesbalkans.fr\/Albanie-comment-les-reseaux-criminels-se-sont-implantes-en-Australie\" target=\"_blank\" rel=\"noreferrer noopener\">Albanie : comment les r\u00e9seaux criminels se sont implant\u00e9s en Australie<\/a> (Le Courrier des Balkans)<\/p>\n\n\n\n<p><strong>Analyse<\/strong><\/p>\n\n\n\n<p><a href=\"http:\/\/alencontre.org\/asie\/japon\/hiroshima-nagasaki-6-et-9-aout-1945-la-fabrication-du-mythe.html\">Hiroshima, Nagasaki, 6 et 9&nbsp;ao\u00fbt 1945. La fabrication du mythe<\/a> (A l\u2019encontre)<\/p>\n\n\n\n<p><a href=\"https:\/\/www.les-crises.fr\/le-film-oppenheimer-garde-le-silence-sur-les-premieres-victimes-de-l-ere-nucleaire\/\">Le film Oppenheimer garde le silence sur les premi\u00e8res victimes de l&rsquo;\u00e8re nucl\u00e9aire<\/a> &nbsp;(Les Crises)<\/p>\n\n\n\n<p><a href=\"https:\/\/arretsurinfo.ch\/afrique-un-deuxieme-mouvement-anticolonial-se-profile-t-il-a-lhorizon\/\"><strong>Afrique : Un deuxi\u00e8me mouvement anticolonial se profile-t-il \u00e0 l\u2019horizon ?<\/strong><\/a> (Arr\u00eat sur info)<\/p>\n\n\n\n<p><a href=\"https:\/\/orientxxi.info\/l-orient-dans-la-guerre-1914-1918\/comment-la-premiere-guerre-mondiale-a-transforme-le-proche-orient,0734\" target=\"_blank\" rel=\"noreferrer noopener\">Comment la premi\u00e8re guerre mondiale a transform\u00e9 le Proche-Orient<\/a> (Orient XXI)<\/p>\n\n\n\n<p><mark style=\"background-color:rgba(0, 0, 0, 0);color:#ee0505\" class=\"has-inline-color\"><strong>15 ao\u00fbt<\/strong><\/mark><\/p>\n\n\n\n<p><a><strong><mark style=\"background-color:rgba(0, 0, 0, 0)\" class=\"has-inline-color has-contrast-color\">France<\/mark><\/strong><\/a><\/p>\n\n\n\n<p><a href=\"https:\/\/www.socialter.fr\/article\/eco-terrorisme-soulevements-terre-gouvernement\" target=\"_blank\" rel=\"noreferrer noopener\">William Bourdon : \u00ab Parler d&rsquo;\u00e9co-terrorisme est d&rsquo;une monstruosit\u00e9 absolue \u00bb<\/a> (Socialter)<\/p>\n\n\n\n<p><a href=\"https:\/\/www.humanite.fr\/politique\/conseil-d-etat\/les-soulevements-de-la-terre-defait-darmanin-fait-profil-bas-805830#xtor=RSS-1\" target=\"_blank\" rel=\"noreferrer noopener\">Les Soul\u00e8vements de la Terre : d\u00e9fait, Darmanin fait profil bas<\/a> (L\u2019Humanit\u00e9)<\/p>\n\n\n\n<p><a href=\"https:\/\/reporterre.net\/Le-revers-de-Darmanin-une-victoire-culturelle-du-mouvement-ecologiste\" target=\"_blank\" rel=\"noreferrer noopener\">\u00abLe revers de Darmanin, une victoire culturelle du mouvement \u00e9cologiste\u00bb<\/a>&nbsp;(Reporterre)<\/p>\n\n\n\n<p><a href=\"https:\/\/www.lemediatv.fr\/emissions\/2023\/operation-elysee-comment-darmanin-a-lance-la-guerre-de-succession-XuqvnhB_RzC-VkvKn05xRA\" target=\"_blank\" rel=\"noreferrer noopener\"><strong>Op\u00e9ration \u00c9lys\u00e9e : comment Darmanin a lanc\u00e9 la guerre de succession<\/strong><\/a> (Le M\u00e9dia)<\/p>\n\n\n\n<p><a href=\"https:\/\/www.liberation.fr\/politique\/gerald-darmanin-fera-une-rentree-politique-toute-personnelle-avec-2027-en-tete-20230814_2EYUPVY2KNBC7H3BX64QTFXP6Q\/\">G\u00e9rald Darmanin fera une \u00abrentr\u00e9e politique\u00bb toute personnelle avec 2027 en t\u00eate<\/a> (Lib\u00e9ration)<\/p>\n\n\n\n<p><a href=\"https:\/\/www.boursorama.com\/actualite-economique\/actualites\/majorite-quand-darmanin-ouvre-le-dossier-de-la-succession-de-macron-6a541e040165e31278b008ff05bf4feb\">Majorit\u00e9 : quand Darmanin ouvre le dossier de la succession de Macron<\/a> (AFP) &nbsp;&nbsp;<\/p>\n\n\n\n<p><a href=\"https:\/\/www.humanite.fr\/social-et-economie\/reforme-des-retraites\/retraites-six-nouveaux-decrets-805848#xtor=RSS-1\" target=\"_blank\" rel=\"noreferrer noopener\">Retraites : six nouveaux d\u00e9crets<\/a> (L\u2019Humanit\u00e9)<\/p>\n\n\n\n<p><a href=\"https:\/\/www.liberation.fr\/politique\/les-nazies-colonies-de-vacances-20230813_DYIGZ7UP7FFWFA7WSKKVSUMWGE\/\">Camps d\u2019\u00e9t\u00e9 : des nationalistes aux antis\u00e9mites, l\u2019extr\u00eame droite ne prend pas de vacances<\/a> (Lib\u00e9ration)<\/p>\n\n\n\n<p><strong>Monde<\/strong><\/p>\n\n\n\n<p><strong><a href=\"https:\/\/www.mediapart.fr\/journal\/international\/150823\/tunisie-l-obsession-migratoire-rend-l-union-europeenne-aveugle\" target=\"_blank\" rel=\"noreferrer noopener\">Tunisie : l\u2019obsession migratoire rend l\u2019Union europ\u00e9enne aveugle<\/a> <\/strong>(M\u00e9diapart)<\/p>\n\n\n\n<p><a href=\"https:\/\/www.boursorama.com\/actualite-economique\/actualites\/afghanistan-les-autorites-talibanes-celebrent-le-deuxieme-anniversaire-de-leur-conquete-du-pouvoir-38ed0f51481adc042b72b7a8a6dffadd\">Afghanistan : les autorit\u00e9s talibanes c\u00e9l\u00e8brent le deuxi\u00e8me anniversaire de leur \u00ab\u00a0conqu\u00eate\u00a0\u00bb du pouvoir<\/a> (AFP)<\/p>\n\n\n\n<p><a href=\"https:\/\/www.boursorama.com\/videos\/actualites\/etats-unis-l-ancien-president-donald-trump-inculpe-en-georgie-991ef3df78ad427785b5fa87875e9970\">\u00c9tats-Unis : L&rsquo;ancien pr\u00e9sident Donald Trump inculp\u00e9 en G\u00e9orgie<\/a> (France 24)<\/p>\n\n\n\n<p><strong><a href=\"https:\/\/www.liberation.fr\/international\/amerique\/en-argentine-lextreme-droite-en-position-de-force-apres-les-primaires-20230814_O4M32N7XAZBUZLUPMVZJUBOOAQ\/\">En Argentine, l\u2019extr\u00eame droite en position de force apr\u00e8s les primaires<\/a> <\/strong>(Lib\u00e9ration)<\/p>\n\n\n\n<p><a href=\"https:\/\/www.huffingtonpost.fr\/international\/article\/au-niger-la-cedeao-envisage-une-intervention-militaire-mais-c-est-loin-d-etre-un-succes-garanti_221780.html\">Pourquoi une intervention militaire au Niger est loin d\u2019\u00eatre un succ\u00e8s garanti pour la Cedeao<\/a> (Huffpost)<\/p>\n\n\n\n<p><a href=\"http:\/\/nigerexpress.info\/2023\/08\/14\/iger-la-junte-envisage-de-poursuivre-le-president-dechu-bazoum-pour-haute-trahison\/\"><strong>Niger : la junte envisage de poursuivre le pr\u00e9sident d\u00e9chu Bazoum pour \u00abhaute trahison\u00bb<\/strong><\/a> (Niger Express)<\/p>\n\n\n\n<p><a href=\"https:\/\/www.humanite.fr\/monde\/donald-trump\/guerre-en-ukraine-entre-joe-biden-et-volodymyr-zelensky-de-la-friture-sur-la-ligne-805851#xtor=RSS-1\" target=\"_blank\" rel=\"noreferrer noopener\">Guerre en Ukraine : entre Joe Biden et Volodymyr Zelensky, de la friture sur la ligne<\/a> (L\u2019Humanit\u00e9)<\/p>\n\n\n\n<p><strong>Analyse<\/strong><\/p>\n\n\n\n<p><a href=\"https:\/\/www.socialter.fr\/article\/l-industrie-du-complotisme-matthieu-amiech\" target=\"_blank\" rel=\"noreferrer noopener\">L&rsquo;industrie du complotisme<\/a> (Socialter)<\/p>\n\n\n\n<p><a href=\"https:\/\/www.mediapart.fr\/journal\/france\/140823\/la-naissance-de-la-cinquieme-republique-l-ombre-de-la-sedition\" target=\"_blank\" rel=\"noreferrer noopener\">La naissance de la Cinqui\u00e8me R\u00e9publique, \u00e0 l\u2019ombre de la s\u00e9dition<\/a> (M\u00e9diapart)<\/p>\n\n\n\n<p><a href=\"https:\/\/lvsl.fr\/la-premiere-vie-de-fidel-castro-portrait-de-cuba-avant-la-revolution\/\" target=\"_blank\" rel=\"noreferrer noopener\">La premi\u00e8re vie de Fidel Castro : portrait de Cuba avant la R\u00e9volution<\/a> (Le Vent Se L\u00e8ve)<\/p>\n\n\n\n<p><mark style=\"background-color:rgba(0, 0, 0, 0);color:#ee0505\" class=\"has-inline-color\"><strong>14 ao\u00fbt<\/strong><\/mark><\/p>\n\n\n\n<p><strong>France<\/strong><\/p>\n\n\n\n<p><a href=\"https:\/\/www.francebleu.fr\/infos\/environnement\/mobilisation-anti-bassines-un-convoi-de-l-eau-au-depart-des-deux-sevres-vendredi-18-aout-5551977\">Mobilisation anti-bassines : un \u00ab\u00a0convoi de l&rsquo;eau\u00a0\u00bb au d\u00e9part des Deux-S\u00e8vres vendredi 18 ao\u00fbt<\/a> (France bleu)<\/p>\n\n\n\n<figure class=\"wp-block-image size-full is-resized\"><img data-recalc-dims=\"1\" loading=\"lazy\" decoding=\"async\" src=\"https:\/\/i0.wp.com\/www.rdpemancipation.org\/wp-content\/uploads\/2023\/08\/image-40.png?resize=342%2C411&#038;ssl=1\" alt=\"\" class=\"wp-image-118456\" style=\"width:342px;height:411px\" width=\"342\" height=\"411\" srcset=\"https:\/\/i0.wp.com\/www.rdpemancipation.org\/wp-content\/uploads\/2023\/08\/image-40.png?w=748&amp;ssl=1 748w, https:\/\/i0.wp.com\/www.rdpemancipation.org\/wp-content\/uploads\/2023\/08\/image-40.png?resize=249%2C300&amp;ssl=1 249w\" sizes=\"auto, (max-width: 342px) 100vw, 342px\" \/><\/figure>\n\n\n\n<p><strong>Monde<\/strong><\/p>\n\n\n\n<p><a href=\"https:\/\/www.telesurtv.net\/news\/millones-mexicanos-superan-pobreza-20230811-0002.html?fbclid=IwAR2ImzgYzorVoBgqESuwIQDXqb24829soJVqTCbk6DGJE-FEO9xZj_G0sHk\">8.9 millions de M\u00e9xicain.es sont sorti.es de la pauvret\u00e9 en 2022<\/a> (Telesur)<\/p>\n\n\n\n<p><a href=\"https:\/\/venezuelainfos.wordpress.com\/2023\/08\/12\/eliminer-les-toiles-daraignee-de-la-bureaucratie-comment-travaille-le-gouvernement-maduro-en-temps-de-blocus\/\">Eliminer les toiles d&rsquo;araign\u00e9e de la bureaucratie, comment travaille le gouvernement Maduro en temps de blocus ?<\/a> (VNZ info)<\/p>\n\n\n\n<p><a href=\"https:\/\/www.rtbf.be\/article\/pas-de-reforme-sur-l-avortement-en-ohio-nouveau-revers-des-republicains-1123844\">Pas de r\u00e9forme sur l\u2019avortement en Ohio, nouveau revers des r\u00e9publicains<\/a>&nbsp;(rtbf.be)<\/p>\n\n\n\n<p><a href=\"https:\/\/www.contretemps.eu\/debacle-afghanistan-imperialisme-retraits-etats-unis-guerre-biden\/\">D\u00e9b\u00e2cle imp\u00e9riale en Afghanistan<\/a> (Contretemps, 09\/2021)<\/p>\n\n\n\n<p><a href=\"https:\/\/www.liberation.fr\/international\/amerique\/en-argentine-lextreme-droite-en-position-de-force-apres-les-primaires-20230814_O4M32N7XAZBUZLUPMVZJUBOOAQ\/\">En Argentine, l\u2019extr\u00eame droite en position de force apr\u00e8s les primaires<\/a> (Lib\u00e9ration)<\/p>\n\n\n\n<p><mark style=\"background-color:rgba(0, 0, 0, 0);color:#ee0505\" class=\"has-inline-color\"><strong>12 ao\u00fbt<\/strong><\/mark><\/p>\n\n\n\n<p><a><strong><mark style=\"background-color:rgba(0, 0, 0, 0)\" class=\"has-inline-color has-contrast-color\">France<\/mark><\/strong><\/a><\/p>\n\n\n\n<p><a href=\"https:\/\/www.lemonde.fr\/societe\/article\/2023\/08\/12\/la-dissolution-des-soulevements-de-la-terre-suspendue-un-revers-majeur-pour-gerald-darmanin_6185188_3224.html\"><strong>La dissolution des Soul\u00e8vements de la Terre suspendue&nbsp;: un revers majeur pour G\u00e9rald Darmanin<\/strong><\/a> (Le Monde)<\/p>\n\n\n\n<p><a href=\"https:\/\/www.ldh-france.org\/les-soulevements-de-la-terre-le-conseil-detat-freine-les-ardeurs-repressives-du-ministre-de-linterieur\/\" target=\"_blank\" rel=\"noreferrer noopener\">Les Soul\u00e8vements de la Terre : le Conseil d\u2019Etat freine les ardeurs r\u00e9pressives du ministre de l\u2019Int\u00e9rieur<\/a> (LDH)<\/p>\n\n\n\n<p><a href=\"https:\/\/blogs.mediapart.fr\/charles-de-lacombe\/blog\/110823\/dissolution-ou-pas-des-soulevements-de-la-terre-lettre-ouverte-aux-reacs\">Dissolution (ou pas) des Soul\u00e8vements de la Terre : lettre ouverte aux r\u00e9acs<\/a>&nbsp;(Blog de Charles de Lacombe)<\/p>\n\n\n\n<figure class=\"wp-block-image size-full is-resized\"><img data-recalc-dims=\"1\" loading=\"lazy\" decoding=\"async\" src=\"https:\/\/i0.wp.com\/www.rdpemancipation.org\/wp-content\/uploads\/2023\/08\/image-36.png?resize=423%2C314&#038;ssl=1\" alt=\"\" class=\"wp-image-118402\" style=\"width:423px;height:314px\" width=\"423\" height=\"314\" srcset=\"https:\/\/i0.wp.com\/www.rdpemancipation.org\/wp-content\/uploads\/2023\/08\/image-36.png?w=823&amp;ssl=1 823w, https:\/\/i0.wp.com\/www.rdpemancipation.org\/wp-content\/uploads\/2023\/08\/image-36.png?resize=300%2C223&amp;ssl=1 300w, https:\/\/i0.wp.com\/www.rdpemancipation.org\/wp-content\/uploads\/2023\/08\/image-36.png?resize=768%2C570&amp;ssl=1 768w\" sizes=\"auto, (max-width: 423px) 100vw, 423px\" \/><\/figure>\n\n\n\n<p><a href=\"https:\/\/www.lemonde.fr\/societe\/article\/2023\/08\/12\/aux-comparutions-immediates-non-l-insigne-de-la-police-nationale-n-est-pas-gage-de-verite_6185186_3224.html\">Aux comparutions imm\u00e9diates&nbsp;: \u00abNon, l\u2019insigne de la police nationale n\u2019est pas gage de v\u00e9rit\u00e9&nbsp;!\u00bb<\/a> (Le Monde)<\/p>\n\n\n\n<p><a href=\"https:\/\/www.huffingtonpost.fr\/france\/article\/migrants-6-morts-dans-un-nouveau-naufrage-dans-la-manche-le-ministre-herve-berville-sur-place_221727.html\">Six morts dans un nouveau naufrage de migrants dans la Manche, le ministre sur place<\/a> (Huffpost)<\/p>\n\n\n\n<p><a href=\"https:\/\/blogs.mediapart.fr\/alain-marshal\/blog\/110823\/violences-policieres-et-impunite-le-naufrage-de-l-etat-de-droit\">Violences polici\u00e8res et impunit\u00e9&nbsp;: le naufrage de l\u2019\u00c9tat de droit<\/a>&nbsp; (Blog de Alain Marshal)<\/p>\n\n\n\n<p><strong>Monde<\/strong><\/p>\n\n\n\n<p><a href=\"https:\/\/www.les-crises.fr\/niger-forme-par-les-etats-unis-le-leader-du-coup-d-etat-veut-mettre-fin-a-la-cooperation-militaire-avec-la-france\/\">Niger : form\u00e9 par les USA, le leader du coup d\u2019\u00c9tat veut mettre fin \u00e0 la coop\u00e9ration avec la France<\/a> (Les Crises)<\/p>\n\n\n\n<p><a href=\"https:\/\/www.lemonde.fr\/afrique\/article\/2023\/08\/12\/au-niger-le-sort-des-forces-francaises-en-suspens_6185211_3212.html\">Au Niger, le sort des forces fran\u00e7aises en suspens<\/a> (Le Monde)<\/p>\n\n\n\n<p><a href=\"https:\/\/link.newsletter.franceculture.fr\/m\/ml\/7429\/817525\/i9W4QlYilqohuUotARA5sW9C5lXTLJmivm821gAfcU8=\/j3Lp6ykw-7Ivyv+gM7+ss3vnD1X2eafTJmBgNBtLEy4=\/\" target=\"_blank\" rel=\"noreferrer noopener\">Russie&nbsp;: quelle voix pour la dissidence&nbsp;?<\/a> (France Culture)<\/p>\n\n\n\n<p><strong><a href=\"https:\/\/blogs.mediapart.fr\/les-invites-de-mediapart\/blog\/120823\/l-alerte-ecologique-criminalisee-en-algerie-solidarite-avec-kamel-aissat\">L\u2019alerte \u00e9cologique criminalis\u00e9e en Alg\u00e9rie : solidarit\u00e9 avec Kamel A\u00efssat<\/a>&nbsp;<\/strong>(Les invit\u00e9s de Mediapart)<\/p>\n\n\n\n<p><a href=\"https:\/\/lanticapitaliste.org\/actualite\/international\/destruction-du-camp-de-jenine-une-vague-de-solidarite-inter-palestinienne\">Destruction du camp de J\u00e9nine\u2009: une vague de solidarit\u00e9 inter-palestinienne<\/a> (L\u2019Anticapitaliste)<\/p>\n\n\n\n<p><strong>Analyse<\/strong><\/p>\n\n\n\n<p><a><\/a><a href=\"https:\/\/www.lemonde.fr\/les-decodeurs\/article\/2023\/08\/11\/quelles-sont-les-trente-trois-associations-visees-par-une-dissolution-sous-la-presidence-d-emmanuel-macron_6184932_4355771.html\">Quelles sont les 33 associations vis\u00e9es par une dissolution sous la pr\u00e9sidence de Macron&nbsp;?<\/a> (Le Monde)<\/p>\n\n\n\n<p><a href=\"https:\/\/www.contretemps.eu\/mario-tronti-marxisme-operaisme\/\" target=\"_blank\" rel=\"noreferrer noopener\">\u00ab L\u2019histoire, c\u2019est eux, nous, c\u2019est la politique \u00bb. Entretien avec Mario Tronti<\/a> (Contretemps)<\/p>\n\n\n\n<p><a href=\"https:\/\/www.saphirnews.com\/Penser-et-repenser-l-islam-dans-la-Republique-la-compatibilite-entre-le-Coran-et-les-declarations-des-droits-humains-en_a29797.html\" target=\"_blank\" rel=\"noreferrer noopener\">Penser et repenser l\u2019islam dans la R\u00e9publique : la compatibilit\u00e9 entre le Coran et les d\u00e9clarations des droits humains<\/a> (SaphirNews.com)<\/p>\n\n\n\n<p><a href=\"https:\/\/lanticapitaliste.org\/actualite\/societe\/apres-le-meurtre-de-nahel-penser-et-combattre-les-violences-des-forces-de-lordre\">Apr\u00e8s le meurtre de Nahel\u2009: penser et combattre les violences des forces de l\u2019ordre<\/a> (L\u2019Anticapitaliste)<\/p>\n\n\n\n<p><mark style=\"background-color:rgba(0, 0, 0, 0);color:#ee0505\" class=\"has-inline-color\"><strong>11 ao\u00fbt<\/strong><\/mark><\/p>\n\n\n\n<p><strong>France<\/strong><\/p>\n\n\n\n<p><a href=\"https:\/\/www.mediapart.fr\/journal\/france\/110823\/l-ancien-prefet-alain-gardere-renvoye-devant-le-tribunal-pour-corruption\" target=\"_blank\" rel=\"noreferrer noopener\">L\u2019ancien pr\u00e9fet Alain Gard\u00e8re renvoy\u00e9 devant le tribunal pour corruption<\/a> (M\u00e9diapart)<\/p>\n\n\n\n<p><strong><a href=\"https:\/\/www.liberation.fr\/societe\/police-justice\/mort-de-nahel-detention-provisoire-confirmee-pour-le-policier-auteur-du-tir-mortel-20230810_7NKI2T7UO5BUXKQ6IMYCBLCEAQ\/\">Mort de Nahel&nbsp;: d\u00e9tention provisoire confirm\u00e9e pour le policier auteur du tir mortel&nbsp;<\/a><\/strong> (Lib\u00e9ration)<\/p>\n\n\n\n<p><strong><a href=\"https:\/\/marsactu.fr\/mise-en-examen-de-trois-policiers-du-raid-le-contexte-de-la-mort-de-mohamed-b-se-precise\/\" target=\"_blank\" rel=\"noreferrer noopener\">Mise en examen de trois policiers du Raid : le contexte de la mort de Mohamed B. se pr\u00e9cise<\/a> <\/strong>(Marsactu)<\/p>\n\n\n\n<p><a href=\"https:\/\/www.humanite.fr\/social-et-economie\/concentration-des-medias\/rodolphe-saade-nouveau-magnat-des-medias-805739#xtor=RSS-1\" target=\"_blank\" rel=\"noreferrer noopener\">Rodolphe Saad\u00e9, nouveau magnat des m\u00e9dias<\/a> (L\u2019Humanit\u00e9)<\/p>\n\n\n\n<p><strong>Monde<\/strong><\/p>\n\n\n\n<p><a href=\"https:\/\/www.lemonde.fr\/international\/live\/2023\/08\/11\/guerre-en-ukraine-en-direct-voldymyr-zelensky-limoge-tous-les-chefs-regionaux-de-la-conscription-militaire_6185093_3210.html\">Volodymyr Zelensky limoge tous les chefs r\u00e9gionaux de la conscription militaire<\/a> (Live du Monde)<\/p>\n\n\n\n<p><a href=\"https:\/\/www.francetvinfo.fr\/monde\/afrique\/niger\/direct-coup-d-etat-au-niger-washington-plaide-pour-une-resolution-pacifique-de-la-crise_6001067.html\">Niger : des milliers de partisans du r\u00e9gime militaire se rassemblent aux abords de la base fran\u00e7aise \u00e0 Niamey<\/a> (France Info)<\/p>\n\n\n\n<p><a href=\"https:\/\/www.huffingtonpost.fr\/international\/article\/coup-d-etat-au-niger-ce-que-l-on-sait-des-conditions-de-detention-de-mohamed-bazoum-qui-inquietent-l-onu_221695.html\">Ce que l\u2019on sait des conditions de d\u00e9tention du pr\u00e9sident du Niger<\/a> (Huffpost)<\/p>\n\n\n\n<p><a href=\"https:\/\/www.lemediatv.fr\/emissions\/2023\/montee-des-tensions-au-niger-pourquoi-la-france-nest-plus-la-bienvenue-GSYYCLe9TkCGqjKztDmfZA\" target=\"_blank\" rel=\"noreferrer noopener\">Mont\u00e9e des tensions au Niger : Pourquoi la France n&rsquo;est plus la bienvenue<\/a> (Le M\u00e9dia)<\/p>\n\n\n\n<p><a href=\"https:\/\/courrierdeuropecentrale.fr\/au-belarus-contre-loukachenko-ma-revolution-a-lusine-grodno-azot\/\" target=\"_blank\" rel=\"noreferrer noopener\">Au B\u00e9larus, contre Loukachenko, ma r\u00e9volution \u00e0 l\u2019usine Grodno Azot<\/a> (Le Courrier d\u2019Europe centrale)<\/p>\n\n\n\n<p><a href=\"https:\/\/truthout.org\/articles\/far-right-attack-on-israels-supreme-court-is-about-occupation-not-democracy\/\" target=\"_blank\" rel=\"noreferrer noopener\">Far Right Attack on Israel\u2019s Supreme Court Is About Occupation, Not Democracy<\/a> (TruthOut)<\/p>\n\n\n\n<p><strong>Analyse<\/strong><\/p>\n\n\n\n<p><a href=\"https:\/\/dijoncter.info\/revoltes-et-reseaux-sociaux-le-retour-du-coupable-ideal-4871\" target=\"_blank\" rel=\"noreferrer noopener\">R\u00e9voltes et r\u00e9seaux sociaux : le retour du coupable id\u00e9al<\/a> (Dijoncter)<\/p>\n\n\n\n<p><a href=\"https:\/\/www.connaissancedesenergies.org\/afp\/cinq-choses-savoir-sur-lequateur-230810\">Cinq choses \u00e0 savoir sur l&rsquo;Equateur<\/a> (AFP)<\/p>\n\n\n\n<p><a href=\"https:\/\/www.mediapart.fr\/journal\/international\/110823\/peut-juger-tous-les-chefs-d-etat\" target=\"_blank\" rel=\"noreferrer noopener\">Peut-on juger (tous) les chefs d\u2019\u00c9tat ?<\/a> (M\u00e9diapart)<\/p>\n\n\n\n<p><a href=\"https:\/\/www.obsarm.info\/spip.php?article571\" target=\"_blank\" rel=\"noreferrer noopener\">\u00c0 bas l&rsquo;arm\u00e9e ! L&rsquo;antimilitarisme en France du XIXe si\u00e8cle \u00e0 nos jours<\/a> (Observatoire des armements)<\/p>\n\n\n\n<p><mark style=\"background-color:rgba(0, 0, 0, 0);color:#ee0505\" class=\"has-inline-color\"><strong>10 ao\u00fbt<\/strong><\/mark><\/p>\n\n\n\n<p><a><strong><mark style=\"background-color:rgba(0, 0, 0, 0)\" class=\"has-inline-color has-contrast-color\">France<\/mark><\/strong><\/a><\/p>\n\n\n\n<p><a href=\"https:\/\/www.lemediatv.fr\/emissions\/2023\/des-revelations-troublantes-bernard-arnault-le-vrai-patron-de-la-france-UXmL2licRTGUPIa7QyE6oQ\" target=\"_blank\" rel=\"noreferrer noopener\">Des r\u00e9v\u00e9lations troublantes&#8230; Bernard Arnault, le \u00ab vrai patron \u00bb de la France ?<\/a> (Le M\u00e9dia)<\/p>\n\n\n\n<p><a href=\"https:\/\/www.francetvinfo.fr\/politique\/nupes\/info-franceinfo-les-deputes-de-la-nupes-organisent-un-seminaire-pour-preparer-la-rentree-apres-les-tensions-internes-des-derniers-mois_5998184.html\">Les d\u00e9put\u00e9s de la Nupes organisent un s\u00e9minaire pour pr\u00e9parer la rentr\u00e9e<\/a> (France Info)<\/p>\n\n\n\n<p><a href=\"https:\/\/lareleveetlapeste.fr\/nuisibles-le-gouvernement-autorise-labattage-de-millions-danimaux-pendant-3-ans\/\" target=\"_blank\" rel=\"noreferrer noopener\"><strong>\u201cNuisibles\u201d : le gouvernement autorise l\u2019abattage de millions d\u2019animaux pendant 3 ans<\/strong><\/a> (La Rel\u00e8ve et La Peste)<\/p>\n\n\n\n<p><a href=\"https:\/\/www.bondyblog.fr\/societe\/banlieue-climat-on-sest-toujours-saisi-des-questions-ecologiques-on-les-a-juste-moins-revendiquees\/\" target=\"_blank\" rel=\"noreferrer noopener\">Banlieue Climat : \u2018On s\u2019est toujours saisi des questions \u00e9cologiques, on les a juste moins revendiqu\u00e9es\u2019<\/a> (Le Bondy Blog)<\/p>\n\n\n\n<p><strong>Monde<\/strong><\/p>\n\n\n\n<p><a href=\"https:\/\/www.humanite.fr\/monde\/joe-biden\/etats-unis-la-reelection-de-joe-biden-une-hypothese-de-plus-en-plus-credible-805610#xtor=RSS-1\" target=\"_blank\" rel=\"noreferrer noopener\">\u00c9tats-Unis : la r\u00e9\u00e9lection de Joe Biden, une hypoth\u00e8se de plus en plus cr\u00e9dible<\/a> (L\u2019Humanit\u00e9)<\/p>\n\n\n\n<p><a href=\"https:\/\/www.mediapart.fr\/journal\/international\/080823\/sarasota-la-guerre-contre-le-wokisme-vire-au-fascisme\">\u00c0 Sarasota, l\u2019anti-\u00ab&nbsp;wokisme&nbsp;\u00bb vire au \u00ab&nbsp;fascisme&nbsp;\u00bb<\/a> (M\u00e9diapart)<\/p>\n\n\n\n<p><a href=\"https:\/\/courrierdeuropecentrale.fr\/trois-ans-apres-sa-revolution-une-opposition-belarussienne-enlisee-mais-encore-empreinte-despoir\/\" target=\"_blank\" rel=\"noreferrer noopener\">Trois ans apr\u00e8s sa r\u00e9volution, une opposition b\u00e9larussienne enlis\u00e9e, mais empreinte d\u2019espoir<\/a> (Le Courrier d\u2019Europe centrale)<\/p>\n\n\n\n<p><a href=\"https:\/\/www.liberation.fr\/international\/amerique\/equateur-le-candidat-a-la-presidentielle-fernando-villavicencio-tue-par-balle-mais-la-date-du-scrutin-maintenue-20230810_ZENEZTV5GRHPBPADX6SLH6JLEM\/\">Equateur&nbsp;: le candidat \u00e0 la pr\u00e9sidentielle Villavicencio tu\u00e9 par balle, le scrutin maintenu<\/a> (Lib\u00e9ration, en clair)<\/p>\n\n\n\n<p><a href=\"https:\/\/www.boursorama.com\/actualite-economique\/actualites\/fernando-villavicencio-farouche-pourfendeur-de-la-corruption-ec93efd8f01987abd42b84d3afb64a9c\">Fernando Villavicencio, farouche pourfendeur de la corruption<\/a> (AFP) &nbsp;&nbsp;<\/p>\n\n\n\n<p><a href=\"https:\/\/www.huffingtonpost.fr\/international\/video\/apres-le-coup-d-etat-au-niger-les-putschistes-forment-un-gouvernement-avec-une-vingtaine-de-ministres_221644.html\">Au Niger, les putschistes annoncent avoir form\u00e9 un gouvernement<\/a> (Huffpost)<\/p>\n\n\n\n<p><a href=\"https:\/\/www.boursorama.com\/actualite-economique\/actualites\/pakistan-dissolution-du-parlement-avant-les-elections-sans-l-ex-premier-ministre-8ffe5a99807422b5a7b790bc0b724c27\">Pakistan : dissolution du parlement avant les \u00e9lections sans l&rsquo;ex-Premier ministre<\/a> (AFP) &nbsp;&nbsp;<\/p>\n\n\n\n<p><a href=\"https:\/\/www.hrw.org\/fr\/news\/2023\/08\/10\/afghanistan-la-repression-se-durcit-2-ans-apres-le-retour-au-pouvoir-des-talibans\" target=\"_blank\" rel=\"noreferrer noopener\">Afghanistan : La r\u00e9pression se durcit 2 ans apr\u00e8s le retour au pouvoir des talibans<\/a> (HRW)<\/p>\n\n\n\n<p><strong>Analyse<\/strong><\/p>\n\n\n\n<p><a href=\"https:\/\/www.socialter.fr\/article\/figure-de-style-prise-d-otage-metonymique\" target=\"_blank\" rel=\"noreferrer noopener\">La prise d&rsquo;otage m\u00e9tonymique : \u00e9touffer la nuance<\/a> (Socialter)<\/p>\n\n\n\n<p><a href=\"https:\/\/www.socialter.fr\/article\/figure-de-style-hyperbole-epouvantail\" target=\"_blank\" rel=\"noreferrer noopener\">L&rsquo;hyperbole \u00e9pouvantail : ouvrir la fen\u00eatre d&rsquo;Overton<\/a> (Socialter)<\/p>\n\n\n\n<p><a href=\"https:\/\/www.socialter.fr\/article\/bestiaire-mediatique-editocrate-plateau-debat\" target=\"_blank\" rel=\"noreferrer noopener\">6\/6 Bestiaire m\u00e9diatique : l&rsquo;\u00e9ditocrate<\/a> (Socialter)<\/p>\n\n\n\n<figure class=\"wp-block-image size-full is-resized\"><img data-recalc-dims=\"1\" loading=\"lazy\" decoding=\"async\" src=\"https:\/\/i0.wp.com\/www.rdpemancipation.org\/wp-content\/uploads\/2023\/08\/image-33.png?resize=478%2C280&#038;ssl=1\" alt=\"\" class=\"wp-image-118307\" style=\"width:478px;height:280px\" width=\"478\" height=\"280\" srcset=\"https:\/\/i0.wp.com\/www.rdpemancipation.org\/wp-content\/uploads\/2023\/08\/image-33.png?w=704&amp;ssl=1 704w, https:\/\/i0.wp.com\/www.rdpemancipation.org\/wp-content\/uploads\/2023\/08\/image-33.png?resize=300%2C176&amp;ssl=1 300w\" sizes=\"auto, (max-width: 478px) 100vw, 478px\" \/><\/figure>\n\n\n\n<p><a href=\"https:\/\/www.alternatives-economiques.fr\/louise-michel-chantre-de-revolution-sociale\/00107557\" target=\"_blank\" rel=\"noreferrer noopener\">Louise Michel, chantre de la r\u00e9volution sociale<\/a>&nbsp;(Alter \u00e9co)<\/p>\n\n\n\n<p><mark style=\"background-color:rgba(0, 0, 0, 0);color:#ee0505\" class=\"has-inline-color\"><strong>8 ao\u00fbt<\/strong><\/mark><\/p>\n\n\n\n<p><strong>France<\/strong><\/p>\n\n\n\n<p><strong><a href=\"https:\/\/www.huffingtonpost.fr\/france\/article\/a-marseille-cinq-policiers-du-raid-places-en-garde-a-vue-apres-la-mort-de-mohamed-b-durant-les-emeutes_221567.html\">\u00c0 Marseille, cinq policiers du Raid en garde \u00e0 vue apr\u00e8s la mort d\u2019un homme<\/a> <\/strong>(Huffpost)<\/p>\n\n\n\n<p><a href=\"https:\/\/www.huffingtonpost.fr\/justice\/article\/dissolution-des-soulevements-de-la-terre-le-conseil-d-etat-examine-une-demande-de-suspension-du-decret_221551.html\">Comment les Soul\u00e8vements de la Terre contestent leur dissolution devant la justice<\/a> (Huffpost)<\/p>\n\n\n\n<p><strong><a href=\"https:\/\/www.lemonde.fr\/politique\/article\/2023\/08\/08\/bernard-arnault-et-les-politiques-la-puissance-d-un-groupe-au-c-ur-de-la-republique_6184752_823448.html\">Bernard Arnault et les politiques, la puissance d\u2019un groupe au c\u0153ur de la R\u00e9publique<\/a> <\/strong>(Le Monde)<\/p>\n\n\n\n<p><a href=\"https:\/\/www.les-crises.fr\/cette-banlieue-parisienne-a-deja-brule-par-le-passe-les-choses-ont-elles-change-depuis\/\">Cette banlieue parisienne a d\u00e9j\u00e0 br\u00fbl\u00e9 par le pass\u00e9. Les choses ont-elles chang\u00e9 depuis ?<\/a> (Les crises)<\/p>\n\n\n\n<p><a href=\"https:\/\/www.saphirnews.com\/Pourquoi-la-dissolution-de-Civitas-est-annoncee-sur-la-table-de-Gerald-Darmanin_a29791.html\" target=\"_blank\" rel=\"noreferrer noopener\">Pourquoi la dissolution de Civitas est annonc\u00e9e sur la table de G\u00e9rald Darmanin<\/a> (SaphirNews.com)<\/p>\n\n\n\n<p><a href=\"https:\/\/afriquexxi.info\/Le-climat-de-tension-a-Mayotte-fait-l-affaire-de-l-Etat-francais\" target=\"_blank\" rel=\"noreferrer noopener\">\u00ab Le climat de tension \u00e0 Mayotte fait l&rsquo;affaire de l&rsquo;\u00c9tat fran\u00e7ais \u00bb<\/a> (Afrique XXI)<\/p>\n\n\n\n<p><a href=\"https:\/\/www.lemediatv.fr\/emissions\/2023\/jdd-pourquoi-les-macronistes-sengueulent-en-pleines-vacances-38oK6R4FT4eIiMzX31U4Eg\" target=\"_blank\" rel=\"noreferrer noopener\">JDD : Pourquoi les macronistes s\u2019engueulent en pleines vacances<\/a> (Le M\u00e9dia)<\/p>\n\n\n\n<p><strong>Monde<\/strong><\/p>\n\n\n\n<p><a href=\"https:\/\/www.les-crises.fr\/l-angle-mort-de-la-cia-sur-la-guerre-en-ukraine\/\">L\u2019angle mort de la CIA sur la guerre en Ukraine<\/a> (Les crises)<\/p>\n\n\n\n<p><a><\/a><a href=\"https:\/\/lvsl.fr\/niger-les-pieges-de-linterventionnisme\/\">Niger&nbsp;: Les pi\u00e8ges de l\u2019interventionnisme<\/a> (LVSL)<\/p>\n\n\n\n<p><a href=\"https:\/\/www.rfi.fr\/fr\/en-bref\/20230808-syrie-dix-membres-des-forces-du-r%C3%A9gime-tu%C3%A9s-dans-une-attaque-de-l-%C3%A9tat-islamique-ong\">Syrie : dix membres des forces du r\u00e9gime tu\u00e9s dans une attaque de l&rsquo;EI (ONG)<\/a> (RFI)<\/p>\n\n\n\n<p><a href=\"https:\/\/www.lemonde.fr\/international\/article\/2023\/08\/07\/pakistan-imran-khan-mis-hors-course-avant-les-elections_6184681_3210.html\">Pakistan&nbsp;: \u00e9crou\u00e9, Imran Khan voit s\u2019\u00e9loigner les chances d\u2019un retour en politique<\/a> (Le Monde)<\/p>\n\n\n\n<p><a href=\"https:\/\/www.lemonde.fr\/international\/article\/2023\/08\/07\/deux-femmes-en-premiere-ligne-pour-les-primaires-au-mexique_6184663_3210.html\">Deux femmes en premi\u00e8re ligne pour les primaires au Mexique <\/a>(Le Monde)<\/p>\n\n\n\n<p><strong>Analyse<\/strong><\/p>\n\n\n\n<p><a href=\"https:\/\/www.les-crises.fr\/de-la-republique-policiere-a-la-republique-fasciste-frederic-lordon\/\">De la r\u00e9publique polici\u00e8re \u00e0 la r\u00e9publique fasciste ? &#8211; Fr\u00e9d\u00e9ric Lordon<\/a> (Les crises)<\/p>\n\n\n\n<p><a href=\"https:\/\/www.youtube.com\/watch?v=-_4OxVFxj60\">La r\u00e9volte est en marche ? Juan Branco r\u00e9pond.<\/a> (Le Crayon)<\/p>\n\n\n\n<p><mark style=\"background-color:rgba(0, 0, 0, 0);color:#ee0505\" class=\"has-inline-color\"><strong>7 ao\u00fbt<\/strong><\/mark><\/p>\n\n\n\n<p><a><strong><mark style=\"background-color:rgba(0, 0, 0, 0)\" class=\"has-inline-color has-contrast-color\">France<\/mark><\/strong><\/a><\/p>\n\n\n\n<p><strong><a href=\"https:\/\/lessoulevementsdelaterre.org\/blog\/participer-au-recours-contre-la-dissolution--le-tutoriel\">J-1 pour participer au recours contre la dissolution<\/a> <\/strong>(SdT)<\/p>\n\n\n\n<p><a href=\"https:\/\/reporterre.net\/Resistantes-les-temps-forts-du-sommet-des-luttes-locales\" target=\"_blank\" rel=\"noreferrer noopener\">R\u00e9sistantes (Larzac)&nbsp;: nos temps forts du sommet des luttes locales<\/a> (Reporterre)<\/p>\n\n\n\n<p><a href=\"https:\/\/blogs.mediapart.fr\/association-gisti\/blog\/070823\/dissolution-des-soulevements-de-la-terre-des-organisations-leurs-cotes\">Dissolution des Soul\u00e8vements de la Terre&nbsp;: des organisations \u00e0 leurs c\u00f4t\u00e9s<\/a>&nbsp;(Blog de GISTI)<\/p>\n\n\n\n<p><a href=\"https:\/\/www.bondyblog.fr\/societe\/au-tribunal-de-bobigny-la-version-des-policiers-ne-convainc-pas\/\" target=\"_blank\" rel=\"noreferrer noopener\">Au tribunal de Bobigny, la version des policiers ne convainc pas<\/a> (Le Bondy Blog)<\/p>\n\n\n\n<p><a href=\"https:\/\/www.mediapart.fr\/journal\/fil-dactualites\/070823\/darmanin-annonce-engager-la-dissolution-de-l-organisation-civitas\">Darmanin annonce engager la dissolution de l\u2019organisation Civitas<\/a> (M\u00e9diapart)<\/p>\n\n\n\n<p><a href=\"https:\/\/www.mediapart.fr\/journal\/international\/060823\/beaucoup-en-france-semblent-ne-pas-mesurer-ce-qu-ete-la-colonisation-au-niger\">\u00ab&nbsp;<strong>Beaucoup en France semblent ne pas mesurer ce qu\u2019a \u00e9t\u00e9 la colonisation au Niger&nbsp;<\/strong>\u00bb<\/a> (M\u00e9diapart)<\/p>\n\n\n\n<p><a href=\"https:\/\/www.mediapart.fr\/journal\/international\/060823\/une-politique-africaine-zombie-sans-boussole-politique-et-ethique\">\u00ab&nbsp;Une \u201cpolitique africaine\u201d zombie, sans boussole politique et \u00e9thique&nbsp;\u00bb<\/a> (M\u00e9diapart)<\/p>\n\n\n\n<p><strong>Monde<\/strong><\/p>\n\n\n\n<p><a href=\"https:\/\/niger.direct.news\/news=9090401\"><strong>Niger&nbsp;: meeting de soutien au Conseil National pour la Sauvegarde de la Patrie (CNSP)<\/strong><\/a> (Le Sahel)<\/p>\n\n\n\n<p><a href=\"https:\/\/blogs.mediapart.fr\/geographies-en-mouvement\/blog\/050823\/les-africains-aux-francais-du-balai\"><strong>Les Africains aux Fran\u00e7ais&nbsp;: du balai&nbsp;!<\/strong><\/a>&nbsp;(G\u00e9ographies en mouvement)<\/p>\n\n\n\n<p><a href=\"https:\/\/www.boursorama.com\/actualite-economique\/actualites\/europe-le-parti-d-extreme-droite-allemand-afd-qualifie-l-ue-de-projet-en-faillite-e2eff0ef8c01fdc096e75056686ae6d0\">Europe : le parti d&rsquo;extr\u00eame-droite allemand AfD qualifie l&rsquo;UE de \u00ab\u00a0projet en faillite\u00a0\u00bb<\/a> (Boursorama)&nbsp;&nbsp;<\/p>\n\n\n\n<p><a href=\"https:\/\/www.boursorama.com\/actualite-economique\/actualites\/inde-le-principal-chef-de-l-opposition-rahul-gandhi-reintegre-au-parlement-e7858dce54750f92ca661805c9fe095d\">Inde : le principal chef de l&rsquo;opposition Rahul Gandhi r\u00e9int\u00e9gr\u00e9 au Parlement<\/a> (AFP) &nbsp;&nbsp;<\/p>\n\n\n\n<p><a href=\"https:\/\/www.boursorama.com\/actualite-economique\/actualites\/cambodge-le-roi-approuve-la-nomination-de-hun-manet-comme-premier-ministre-7602864dc5f87e6d6cf2147904512121\">Cambodge : Le roi approuve la nomination de Hun Manet comme Premier ministre<\/a> (Reuters) &nbsp;&nbsp;<\/p>\n\n\n\n<p><a href=\"https:\/\/www.mediapart.fr\/journal\/international\/070823\/en-iran-le-regime-echoue-imposer-le-voile-malgre-une-repression-sans-fin\">En Iran, le r\u00e9gime \u00e9choue \u00e0 imposer le voile malgr\u00e9 une r\u00e9pression sans fin<\/a> (M\u00e9diapart)<\/p>\n\n\n\n<p><strong>Analyse<\/strong><\/p>\n\n\n\n<p><a href=\"https:\/\/www.alternatives-economiques.fr\/gracchus-babeuf-premier-communiste\/00107267\" target=\"_blank\" rel=\"noreferrer noopener\">Gracchus Babeuf, le premier communiste<\/a> (Alter \u00e9co)<\/p>\n\n\n\n<p><a href=\"https:\/\/link.newsletter.franceculture.fr\/m\/ml\/7429\/816758\/qBGmnhen4szcW3ZRADkQnm9C5lXTLJmivm821gAfcU8=\/M1xpyzn1veNQMk3suAktaP7fndP0tYHY7ZHnodm7avs=\/\" target=\"_blank\" rel=\"noreferrer noopener\">Vincent Pons, \u00e9conomiste&nbsp;: \u201cLe porte-\u00e0-porte permet d\u2019augmenter la participation aux \u00e9lections\u201d<\/a> (France Culture)<\/p>\n\n\n\n<p><a href=\"https:\/\/www.mediapart.fr\/journal\/politique\/070823\/de-sollers-beigbeder-la-fabrique-des-nouveaux-reactionnaires-de-la-litterature-francaise\">La fabrique des nouveaux r\u00e9acs de la litt\u00e9rature fran\u00e7aise<\/a> (M\u00e9diapart)<\/p>\n\n\n\n<p><a href=\"https:\/\/blogs.mediapart.fr\/point-de-bascule\/blog\/070823\/ce-que-le-coup-d-etat-au-niger-dit-de-la-francafrique\">Ce que le coup d\u2019Etat au Niger dit de la Fran\u00e7afrique<\/a>&nbsp;(Blog \u2018Point de Bascule\u2019)<\/p>\n\n\n\n<p><a href=\"https:\/\/convergence.ric-france.fr\/numero-15\/\">La Gazette des amis du RIC \u2013 Num\u00e9ro 15<\/a> (CVRIC)<\/p>\n\n\n\n<p><mark style=\"background-color:rgba(0, 0, 0, 0);color:#ee0505\" class=\"has-inline-color\"><strong>6 ao\u00fbt<\/strong><\/mark><\/p>\n\n\n\n<p><a><strong><mark style=\"background-color:rgba(0, 0, 0, 0)\" class=\"has-inline-color has-contrast-color\">France<\/mark><\/strong><\/a><\/p>\n\n\n\n<p><a href=\"https:\/\/www.arretsurimages.net\/chroniques\/sur-le-grill\/jdd-lextreme-droite-remporte-une-bataille\" target=\"_blank\" rel=\"noreferrer noopener\"><strong>\u00ab\u00a0JDD\u00a0\u00bb : l&rsquo;extr\u00eame droite remporte une bataille<\/strong><\/a> (Arr\u00eat sur images)<\/p>\n\n\n\n<p><a href=\"https:\/\/www.arretsurimages.net\/articles\/europe-1-i-tele-le-jdd-on-ne-gagne-pas-contre-bollore\" target=\"_blank\" rel=\"noreferrer noopener\">\u00ab\u00a0Europe 1\u00a0\u00bb, \u00ab\u00a0i-T\u00e9l\u00e9\u00a0\u00bb, \u00ab\u00a0Le JDD\u00a0\u00bb: \u00ab\u00a0On ne gagne pas contre Bollor\u00e9\u00a0\u00bb<\/a> (Arr\u00eat sur images)<\/p>\n\n\n\n<p><a href=\"https:\/\/www.huffingtonpost.fr\/medias\/article\/pour-son-premier-numero-version-geoffroy-lejeune-le-jdd-confond-deux-affaires-enzo-et-se-trompe-de-photo_221498.html\">Le premier \u00ab&nbsp;JDD&nbsp;\u00bb de Geoffroy Lejeune confond deux affaires Enzo et se trompe de photo de Une<\/a> (Huffpost)<\/p>\n\n\n\n<p><a href=\"https:\/\/www.huffingtonpost.fr\/medias\/article\/jdd-rima-abdul-malak-brandit-le-en-meme-temps-pour-evoquer-l-avenir-de-l-hebdomadaire_221482.html\">Le \u00ab en m\u00eame temps&nbsp;\u00bb tr\u00e8s macronien de la ministre de la Culture sur l\u2019avenir du JDD<\/a> (Huffpost)<\/p>\n\n\n\n<p><a href=\"https:\/\/reporterre.net\/A-quelques-jours-de-l-audience-devant-le-Conseil-d-Etat-les-soutiens-aux-Soulevements-de\" target=\"_blank\" rel=\"noreferrer noopener\">Les Soul\u00e8vements de la Terre accumulent les soutiens avant le Conseil d&rsquo;\u00c9tat<\/a> (Reporterre)<\/p>\n\n\n\n<p><a href=\"https:\/\/www.lemediatv.fr\/emissions\/2023\/qui-veut-la-peau-des-anti-racistes-cet-auteur-attaque-les-laicistes-integristes-L78yzcYjSveCEF2P2d1yBQ\" target=\"_blank\" rel=\"noreferrer noopener\">Qui veut la peau des anti-racistes ? Cet auteur attaque les \u00ab\u00a0la\u00efcistes int\u00e9gristes\u00a0\u00bb<\/a> (Le M\u00e9dia)<\/p>\n\n\n\n<p><a href=\"https:\/\/www.lemediatv.fr\/emissions\/2023\/sainte-soline-reportage-au-coeur-de-la-lutte-contre-les-mega-bassines-zym0OsS8QNG2GoUT2a7cLw\" target=\"_blank\" rel=\"noreferrer noopener\">Sainte Soline : reportage au c\u0153ur de la lutte contre les m\u00e9ga-bassines<\/a> (Le M\u00e9dia)<\/p>\n\n\n\n<p><a href=\"https:\/\/www.mediapart.fr\/journal\/france\/060823\/agressions-et-ratonnades-en-toute-impunite-comment-la-jeunesse-d-extreme-droite-s-organise\" target=\"_blank\" rel=\"noreferrer noopener\">Agressions et ratonnades en toute impunit\u00e9 : comment la jeunesse d\u2019extr\u00eame droite s\u2019organise<\/a> (M\u00e9diapart)<\/p>\n\n\n\n<p><a href=\"https:\/\/www.liberation.fr\/idees-et-debats\/opinions\/lagonie-de-la-francafrique-par-serge-july-20230806_HZCD5RNOTFDJTGNBL5BEOCZXAQ\/\"><strong>L\u2019agonie de la Fran\u00e7afrique, par Serge July<\/strong> <\/a>&nbsp;(Lib\u00e9ration)<\/p>\n\n\n\n<figure class=\"wp-block-image size-full is-resized\"><img data-recalc-dims=\"1\" loading=\"lazy\" decoding=\"async\" src=\"https:\/\/i0.wp.com\/www.rdpemancipation.org\/wp-content\/uploads\/2023\/08\/image-19.png?resize=423%2C282&#038;ssl=1\" alt=\"\" class=\"wp-image-118089\" style=\"width:423px;height:282px\" width=\"423\" height=\"282\" srcset=\"https:\/\/i0.wp.com\/www.rdpemancipation.org\/wp-content\/uploads\/2023\/08\/image-19.png?w=652&amp;ssl=1 652w, https:\/\/i0.wp.com\/www.rdpemancipation.org\/wp-content\/uploads\/2023\/08\/image-19.png?resize=300%2C200&amp;ssl=1 300w\" sizes=\"auto, (max-width: 423px) 100vw, 423px\" \/><\/figure>\n\n\n\n<p><strong>Monde<\/strong><a href=\"https:\/\/www.liberation.fr\/international\/afrique\/au-niger-30-000-partisans-du-coup-detat-militaire-rassembles-dans-un-stade-de-niamey-20230806_3HUNS7F2ZBFDVKGAI6GZZJTOQE\/\" target=\"_blank\" rel=\"noreferrer noopener\"><\/a><\/p>\n\n\n\n<p><a href=\"https:\/\/www.liberation.fr\/international\/afrique\/au-niger-30-000-partisans-du-coup-detat-militaire-rassembles-dans-un-stade-de-niamey-20230806_3HUNS7F2ZBFDVKGAI6GZZJTOQE\/\" target=\"_blank\" rel=\"noreferrer noopener\">Au Niger, 30&nbsp;000 partisans du coup d\u2019Etat militaire rassembl\u00e9s dans un stade de Niamey<\/a> (Lib\u00e9ration)<\/p>\n\n\n\n<p><a href=\"https:\/\/www.lemonde.fr\/afrique\/article\/2023\/08\/06\/niger-fin-d-ultimatum-et-possible-intervention-militaire-de-la-cedeao_6184599_3212.html\">Niger&nbsp;: l\u2019ultimatum de la Cedeao touche \u00e0 sa fin avant une possible intervention militaire<\/a>&nbsp;(Le Monde)<\/p>\n\n\n\n<p><a href=\"https:\/\/www.lemonde.fr\/afrique\/article\/2023\/08\/06\/nigeria-des-voix-s-elevent-contre-une-intervention-militaire-au-niger_6184590_3212.html\">Nigeria&nbsp;: des voix s\u2019\u00e9l\u00e8vent contre une intervention militaire au Niger<\/a>&nbsp;(Le Monde)<\/p>\n\n\n\n<p><a href=\"https:\/\/www.mediapart.fr\/journal\/international\/dossier\/le-coup-d-etat-au-niger\">Le coup d\u2019\u00c9tat au Niger<\/a>&nbsp;(Dossier de M\u00e9diapart&nbsp;: tous les articles)<\/p>\n\n\n\n<p><a href=\"https:\/\/mondafrique.com\/a-la-une\/de-leffondrement-du-niger-a-lembrasement-de-lafrique-de-louest\/\"><strong>De l\u2019effondrement du Niger \u00e0 l\u2019embrasement de l\u2019Afrique de l\u2019Ouest<\/strong><\/a>&nbsp;(Mondafrique)<\/p>\n\n\n\n<p><a href=\"https:\/\/lvsl.fr\/trump-inculpe-lepreuve-du-feu-pour-les-institutions-americaines\/\" target=\"_blank\" rel=\"noreferrer noopener\">Trump inculp\u00e9 : l\u2019\u00e9preuve du feu pour les institutions am\u00e9ricaines<\/a> (Le Vent Se L\u00e8ve)<\/p>\n\n\n\n<p><strong>Analyse<\/strong><\/p>\n\n\n\n<p><a href=\"https:\/\/theconversation.com\/la-social-democratie-est-elle-de-retour-209417\" target=\"_blank\" rel=\"noreferrer noopener\">La social-d\u00e9mocratie est-elle de retour ?<\/a> (The Conversation)<\/p>\n\n\n\n<p><a href=\"https:\/\/lundi.am\/Dinoys-Mascolo-et-Robert-Antelme\" target=\"_blank\" rel=\"noreferrer noopener\">Dionys Mascolo et Robert Antelme<\/a> (Lundimatin)<\/p>\n\n\n\n<p><a><\/a><a href=\"https:\/\/link.newsletter.franceculture.fr\/m\/ml\/7429\/816206\/aQAmrna4oB_BTX9OweHRYG9C5lXTLJmivm821gAfcU8=\/fQHw0ZlgLVIgiQju62OW3iqHlVm1s4juPOA01GBIVUM=\/\" target=\"_blank\" rel=\"noreferrer noopener\">Putsch au Niger&nbsp;: la fin de l\u2019espoir d\u00e9mocratique&nbsp;?<\/a> (France Culture)<\/p>\n\n\n\n<p><mark style=\"background-color:rgba(0, 0, 0, 0);color:#ee0505\" class=\"has-inline-color\"><strong>4 ao\u00fbt<\/strong><\/mark><\/p>\n\n\n\n<figure class=\"wp-block-image size-full is-resized\"><img data-recalc-dims=\"1\" loading=\"lazy\" decoding=\"async\" src=\"https:\/\/i0.wp.com\/www.rdpemancipation.org\/wp-content\/uploads\/2023\/08\/image-14.png?resize=470%2C265&#038;ssl=1\" alt=\"\" class=\"wp-image-117950\" style=\"width:470px;height:265px\" width=\"470\" height=\"265\" srcset=\"https:\/\/i0.wp.com\/www.rdpemancipation.org\/wp-content\/uploads\/2023\/08\/image-14.png?w=680&amp;ssl=1 680w, https:\/\/i0.wp.com\/www.rdpemancipation.org\/wp-content\/uploads\/2023\/08\/image-14.png?resize=300%2C169&amp;ssl=1 300w\" sizes=\"auto, (max-width: 470px) 100vw, 470px\" \/><\/figure>\n\n\n\n<p><a><strong><mark style=\"background-color:rgba(0, 0, 0, 0)\" class=\"has-inline-color has-contrast-color\">France<\/mark><\/strong><\/a><\/p>\n\n\n\n<p><a href=\"https:\/\/www.infolibertaire.net\/le-projet-lyon-turin-va-t-il-finir-par-derailler\/#\/\">Le projet Lyon-Turin va-t-il finir par d\u00e9railler ?<\/a> (Info libertaire)<\/p>\n\n\n\n<p><strong><a href=\"https:\/\/www.bondyblog.fr\/opinions\/revoltes-urbaines-la-reponse-gouvernementale-confirme-la-fracture-entre-emmanuel-macron-et-les-quartiers-populaires\/\" target=\"_blank\" rel=\"noreferrer noopener\"><strong>&nbsp;\u00abLa r\u00e9ponse gouvernementale confirme la fracture entre Emmanuel Macron et les quartiers populaires\u00bb<\/strong><\/a><\/strong>&nbsp;(Le Bondy Blog)<\/p>\n\n\n\n<p><a href=\"https:\/\/www.boursorama.com\/actualite-economique\/actualites\/violences-sur-hedi-le-policier-reste-en-detention-provisoire-0b0249604f5dddca2660be275646ce9b\">Violences sur Hedi: le policier reste en d\u00e9tention provisoire<\/a><strong> <\/strong>(AFP)<\/p>\n\n\n\n<p><strong><a href=\"https:\/\/www.lemediatv.fr\/emissions\/2023\/immigration-49-3-jo-2024-borne-ce-qui-se-passe-dans-la-tete-de-macron-dLRWmirbQ7q4FTj4uP4V3Q\" target=\"_blank\" rel=\"noreferrer noopener\">Immigration, 49.3, JO 2024, Borne : ce qui se passe dans la t\u00eate de Macron !<\/a><\/strong> (Le M\u00e9dia)<a href=\"https:\/\/www.lemonde.fr\/les-decodeurs\/article\/2023\/07\/28\/marseille-du-jeune-homme-grievement-blesse-aux-propos-de-darmanin-chronologie-de-la-crise-dans-la-police_6183346_4355771.html\"><\/a><\/p>\n\n\n\n<p><a href=\"https:\/\/www.huffingtonpost.fr\/politique\/article\/les-cotes-de-popularite-de-macron-et-borne-font-jeu-egal-apres-le-remaniement-une-premiere-exclusif_221413.html\">Apr\u00e8s le remaniement, les cotes de popularit\u00e9 de Macron et Borne font jeu \u00e9gal pour la 1\u00e8re fois<\/a> (Huffpost)<a href=\"https:\/\/www.lemonde.fr\/les-decodeurs\/article\/2023\/07\/28\/marseille-du-jeune-homme-grievement-blesse-aux-propos-de-darmanin-chronologie-de-la-crise-dans-la-police_6183346_4355771.html\"><\/a><\/p>\n\n\n\n<p><a href=\"https:\/\/www.huffingtonpost.fr\/politique\/article\/pour-prisca-thevenot-rien-de-pire-qu-un-service-national-universel-force-pour-la-jeunesse_221436.html\">Il n\u2019y aurait \u00ab&nbsp;rien de pire&nbsp;\u00bb &nbsp;que de forcer les jeunes \u00e0 faire le SNU, selon la nouvelle secr\u00e9taire d\u2019\u00c9tat&nbsp;<\/a> (Huffpost)<\/p>\n\n\n\n<p><strong>Monde<\/strong><\/p>\n\n\n\n<p><strong><a href=\"https:\/\/www.boursorama.com\/videos\/actualites\/niger-rupture-d-accords-militaires-la-junte-denonce-les-accords-de-cooperation-militaire-avec-paris-d7c2d91524778ad028204fa5e2da5167\">Niger : la junte d\u00e9nonce les accords de coop\u00e9ration militaire avec Paris<\/a> <\/strong>(France 24)<\/p>\n\n\n\n<p><a href=\"https:\/\/www.boursorama.com\/actualite-economique\/actualites\/la-russie-double-ses-depenses-militaires-prevues-en-2023-18a9d1bd722b5543efffa48aa96fcce6\">La Russie double ses d\u00e9penses militaires pr\u00e9vues en 2023<\/a> (Reuters)<\/p>\n\n\n\n<p><a href=\"https:\/\/www.boursorama.com\/actualite-economique\/actualites\/l-organisation-etat-islamique-confirme-la-mort-de-son-chef-9f2116e0906e7e26ba115cdc2a4f0617\">L&rsquo;organisation Etat islamique confirme la mort de son chef<\/a> (Reuters)<\/p>\n\n\n\n<p><a href=\"https:\/\/www.boursorama.com\/videos\/actualites\/colombie-signature-du-cessez-le-feu-avec-l-armee-de-liberation-nationale-eln-511279b6e8f9fdb1e0fcbab4be9f9f73\">Colombie : signature du cessez-le-feu avec l&rsquo;Arm\u00e9e de lib\u00e9ration nationale (ELN)<\/a> (France 24)<\/p>\n\n\n\n<p><a href=\"https:\/\/www.mediapart.fr\/journal\/international\/040823\/en-italie-l-extreme-droite-fait-la-guerre-aux-pauvres\" target=\"_blank\" rel=\"noreferrer noopener\">En Italie, l\u2019extr\u00eame droite fait la guerre aux pauvres<\/a> (M\u00e9diapart)<\/p>\n\n\n\n<p><strong>Analyse<\/strong><\/p>\n\n\n\n<p><a href=\"https:\/\/www.alternatives-economiques.fr\/labolition-privileges-une-plongee-nuit-4-aout-1789\/00107414\" target=\"_blank\" rel=\"noreferrer noopener\">\u00ab L&rsquo;abolition des privil\u00e8ges \u00bb, une plong\u00e9e dans la nuit du 4 ao\u00fbt 1789<\/a> (Alter \u00e9co)<\/p>\n\n\n\n<p><a href=\"https:\/\/www.humanite.fr\/culture-et-savoir\/les-grands-echanges-epistolaires\/rosa-luxemburg-et-sonja-liebknecht-les-lettres-de-prison-805002#xtor=RSS-1\" target=\"_blank\" rel=\"noreferrer noopener\">Rosa Luxemburg et Sonja Liebknecht : les lettres de prison<\/a> (L\u2019Humanit\u00e9)<\/p>\n\n\n\n<p><mark style=\"background-color:rgba(0, 0, 0, 0);color:#ee0505\" class=\"has-inline-color\"><strong>3 ao\u00fbt<\/strong><\/mark><\/p>\n\n\n\n<p><a><strong><mark style=\"background-color:rgba(0, 0, 0, 0)\" class=\"has-inline-color has-contrast-color\">France<\/mark><\/strong><\/a><\/p>\n\n\n\n<p><strong><a href=\"https:\/\/www.huffingtonpost.fr\/justice\/article\/violences-contre-hedi-a-marseille-le-policier-incarcere-reconnait-finalement-un-tir-de-lbd_221383.html\">Le policier incarc\u00e9r\u00e9 pour les violences contre Hedi \u00e0 Marseille reconna\u00eet finalement un tir de LBD<\/a> <\/strong>&nbsp;(Huffpost)<\/p>\n\n\n\n<p><strong><a href=\"https:\/\/www.lemonde.fr\/les-decodeurs\/article\/2023\/07\/28\/Une%20chronologie%20de%20la%20crise%20dans%20la%20police\">Une chronologie de la crise dans la police<\/a><\/strong> (Le Monde)<\/p>\n\n\n\n<p><strong><a href=\"https:\/\/www.mediapart.fr\/journal\/france\/020823\/l-effroyable-bilan-provisoire-des-violences-policieres-apres-la-mort-de-nahel\" target=\"_blank\" rel=\"noreferrer noopener\"><strong>L\u2019effroyable bilan provisoire des violences polici\u00e8res apr\u00e8s la mort de Nahel<\/strong><\/a><\/strong> (M\u00e9diapart)<\/p>\n\n\n\n<p><a href=\"https:\/\/www.saphirnews.com\/Contre-les-violences-policieres-un-appel-a-reprendre-la-rue-lance_a29784.html\" target=\"_blank\" rel=\"noreferrer noopener\">Contre les violences polici\u00e8res, un appel \u00e0 \u00ab reprendre la rue \u00bb lanc\u00e9<\/a> (SaphirNews.com)<\/p>\n\n\n\n<p><a href=\"https:\/\/www.alternatives-economiques.fr\/a-mayotte-crise-de-leau-politique\/00107718\" target=\"_blank\" rel=\"noreferrer noopener\">A Mayotte, la crise de l&rsquo;eau est aussi politique<\/a> (Alter \u00e9co)<\/p>\n\n\n\n<p><a href=\"https:\/\/www.ouest-france.fr\/environnement\/ecologie\/le-conseil-detat-examinera-le-8-aout-le-refere-des-soulevements-de-la-terre-contre-leur-dissolution-83caa5d6-3146-11ee-895b-b99bc8a96af7\">Le Conseil d\u2019\u00c9tat examinera le 8 ao\u00fbt le r\u00e9f\u00e9r\u00e9 des Soul\u00e8vements de la terre contre leur dissolution<\/a>&nbsp;(Ouest France)<\/p>\n\n\n\n<p><strong>Monde<\/strong><\/p>\n\n\n\n<p><a href=\"https:\/\/blog.mondediplo.net\/la-fin-de-l-armee-d-afrique\">La fin de \u00ab l\u2019arm\u00e9e d\u2019Afrique \u00bb ?<\/a> (D\u00e9fense en ligne)<\/p>\n\n\n\n<p><a href=\"https:\/\/www.lemediatv.fr\/emissions\/2023\/coup-detat-au-niger-les-soldats-francais-bientot-chasses-FZnu8mbzTDOxod_Wth07ag\" target=\"_blank\" rel=\"noreferrer noopener\">Coup d&rsquo;Etat au Niger : Les soldats fran\u00e7ais bient\u00f4t chass\u00e9s ?<\/a> (Le M\u00e9dia)<\/p>\n\n\n\n<p><mark style=\"background-color:rgba(0, 0, 0, 0);color:#ee0505\" class=\"has-inline-color\"><strong>2 ao\u00fbt<\/strong><\/mark><\/p>\n\n\n\n<p><a><strong><mark style=\"background-color:rgba(0, 0, 0, 0)\" class=\"has-inline-color has-contrast-color\">France<\/mark><\/strong><\/a><\/p>\n\n\n\n<p><a href=\"https:\/\/marsactu.fr\/affaire-hedi-le-parquet-general-demande-le-maintien-en-detention-du-policier-mis-en-examen\/\" target=\"_blank\" rel=\"noreferrer noopener\">Affaire Hedi : le parquet g\u00e9n\u00e9ral demande le maintien en d\u00e9tention du policier mis en examen<\/a> &nbsp;(Marsactu)<\/p>\n\n\n\n<p><a href=\"https:\/\/www.lemediatv.fr\/emissions\/2023\/apres-laffaire-hedi-nouvelles-revelations-sur-limpunite-policiere-e4TJcU0QSQ6-sQwqkXbU-A\" target=\"_blank\" rel=\"noreferrer noopener\"><strong>Apr\u00e8s l&rsquo;affaire Hedi, nouvelles r\u00e9v\u00e9lations sur l&rsquo;impunit\u00e9 polici\u00e8re<\/strong><\/a>(Le M\u00e9dia)<\/p>\n\n\n\n<p><a href=\"https:\/\/lesjours.fr\/obsessions\/lagardere-heritier\/ep53-arrivee-lejeune\/\" target=\"_blank\" rel=\"noreferrer noopener\"><strong>1948-2023, ci-\u00ab JDD \u00bb<\/strong><\/a> (Les Jours)<\/p>\n\n\n\n<p><a><\/a><a href=\"https:\/\/www.mediapart.fr\/journal\/economie-et-social\/010823\/les-journalistes-du-jdd-mettent-fin-six-semaines-de-greve\">JDD&nbsp;: apr\u00e8s 40 jours de gr\u00e8ve, un protocole d\u2019accord et beaucoup d\u2019amertume <\/a>&nbsp;(M\u00e9diapart)<\/p>\n\n\n\n<p><a href=\"https:\/\/www.francetvinfo.fr\/politique\/ps\/il-y-a-besoin-de-gauche-a-un-an-des-elections-europeennes-le-parti-socialiste-engrange-de-nouveaux-et-jeunes-adherents_5977046.html\">\u00ab\u00a0Il y a besoin de gauche\u00a0\u00bb : \u00e0 un an des europ\u00e9ennes, le PS engrange de nouveaux jeunes adh\u00e9rents<\/a> (France Info)<\/p>\n\n\n\n<p><a href=\"https:\/\/www.alternatives-economiques.fr\/larzac-aux-zad-occuper-terrain\/00107365\" target=\"_blank\" rel=\"noreferrer noopener\">Du Larzac aux ZAD, occuper le terrain !<\/a> (Alter \u00e9co)<\/p>\n\n\n\n<p><a href=\"https:\/\/www.lemonde.fr\/societe\/article\/2023\/08\/01\/dans-la-police-des-interruptions-de-travail-comme-mode-de-contestation_6184104_3224.html\">Dans la police, des arr\u00eats maladie comme mode de contestation<\/a> (Le Monde)<\/p>\n\n\n\n<figure class=\"wp-block-image size-full is-resized\"><img data-recalc-dims=\"1\" loading=\"lazy\" decoding=\"async\" src=\"https:\/\/i0.wp.com\/www.rdpemancipation.org\/wp-content\/uploads\/2023\/08\/image-9.png?resize=408%2C271&#038;ssl=1\" alt=\"\" class=\"wp-image-117851\" style=\"width:408px;height:271px\" width=\"408\" height=\"271\"\/><\/figure>\n\n\n\n<p><a href=\"https:\/\/www.lemonde.fr\/societe\/article\/2023\/08\/01\/le-gouvernement-a-l-offensive-contre-les-arrets-de-travail-de-complaisance_6184043_3224.html\">Le gouvernement \u00e0 l\u2019offensive contre les arr\u00eats de travail \u00ab&nbsp;de complaisance&nbsp;\u00bb<\/a> (Le Monde)<\/p>\n\n\n\n<p><strong>Monde<\/strong><\/p>\n\n\n\n<p><a href=\"https:\/\/www.boursorama.com\/actualite-economique\/actualites\/niger-plus-de-350-francais-evacues-les-operations-se-poursuivent-747a8affd2b47eb4ec06fb9dde191f6f\">Niger : Plus de 350 Fran\u00e7ais \u00e9vacu\u00e9s, les op\u00e9rations se poursuivent<\/a> (Reuters)<\/p>\n\n\n\n<p><a href=\"https:\/\/www.fidh.org\/fr\/regions\/afrique\/senegal\/senegal-menace-sur-la-democratie-et-l-etat-de-droit-les-droits\" target=\"_blank\" rel=\"noreferrer noopener\">S\u00e9n\u00e9gal : menace sur la d\u00e9mocratie et l&rsquo;\u00c9tat de droit, les droits fondamentaux en p\u00e9ril<\/a> (FIDH)<\/p>\n\n\n\n<p><a href=\"https:\/\/www.causette.fr\/societe\/a-l-etranger\/iran-plus-dun-million-de-femmes-ont-recu-des-sms-davertissement-apres-avoir-ete-filmees-sans-voile-dans-leur-voiture\" target=\"_blank\" rel=\"noreferrer noopener\">Iran : plus d\u2019un million de femmes ont re\u00e7u des SMS d\u2019avertissement apr\u00e8s avoir \u00e9t\u00e9 film\u00e9es sans voile dans leur voiture<\/a> (Causette)<\/p>\n\n\n\n<p><a href=\"https:\/\/www.boursorama.com\/actualite-economique\/actualites\/trump-inculpe-pour-complot-post-electoral-lie-a-la-presidentielle-de-2020-82e43ea71ff0f64b348d0c28a145dd8e\">Trump inculp\u00e9 pour complot post-\u00e9lectoral li\u00e9 \u00e0 la pr\u00e9sidentielle de 2020<\/a> (Reuters)<\/p>\n\n\n\n<p><a href=\"https:\/\/www.ritimo.org\/Kosovo-comprendre-le-recent-dechainement-de-violence\" target=\"_blank\" rel=\"noreferrer noopener\">Kosovo : comprendre le r\u00e9cent d\u00e9cha\u00eenement de violence<\/a> (Ritimo)<\/p>\n\n\n\n<p><strong>Analyse<\/strong><\/p>\n\n\n\n<p><a href=\"https:\/\/www.socialter.fr\/article\/figure-de-style-oxymore\" target=\"_blank\" rel=\"noreferrer noopener\">L&rsquo;oxymore : faire tenir l&rsquo;intenable<\/a> (Socialter)<\/p>\n\n\n\n<p class=\"has-text-color\" style=\"color:#ed1717\"><strong>1er ao\u00fbt<\/strong><\/p>\n\n\n\n<p><strong>France<\/strong><\/p>\n\n\n\n<p><strong><a href=\"https:\/\/www.blast-info.fr\/articles\/2023\/larzac-2023-epicentre-des-luttes-J-SSN5-mTOi3Ry-MM_Vv5w\" target=\"_blank\" rel=\"noreferrer noopener\">Larzac 2023, \u00e9picentre des luttes<\/a><\/strong> (Blast)<\/p>\n\n\n\n<p><a href=\"https:\/\/www.huffingtonpost.fr\/politique\/article\/avec-le-putsch-au-niger-macron-vise-par-les-oppositions-sur-sa-politique-en-afrique_221305.html\">Avec le Niger, les oppositions questionnent la politique africaine de Macron<\/a> (Huffpost)<\/p>\n\n\n\n<p><strong><a href=\"https:\/\/www.lemediatv.fr\/emissions\/2023\/coup-detat-au-niger-macron-a-encore-mis-de-lhuile-sur-le-feu-gMU30iVnQASzqGimJUoH8A\" target=\"_blank\" rel=\"noreferrer noopener\">Coup d&rsquo;\u00c9tat au Niger : Macron a encore mis de l&rsquo;huile sur le feu<\/a><\/strong> (Le M\u00e9dia)<\/p>\n\n\n\n<p><a href=\"https:\/\/www.liberation.fr\/international\/afrique\/niger-la-france-prepare-une-operation-de-ses-ressortissants-20230801_MK7OBPFNVNFYBKAEQWJSRKTPNU\/\">Niger&nbsp;: la France va commencer \u00e0 \u00e9vacuer ses ressortissants d\u00e8s ce mardi<\/a> (Lib\u00e9ration, en clair)<\/p>\n\n\n\n<p><a href=\"https:\/\/blogs.mediapart.fr\/marugil\/blog\/010823\/niger-macron-macronne-comme-d-habitude\">Niger&nbsp;: Macron macronne, comme d\u2019habitude<\/a> (Blog de&nbsp;marugil)<\/p>\n\n\n\n<figure class=\"wp-block-image size-full is-resized\"><img data-recalc-dims=\"1\" loading=\"lazy\" decoding=\"async\" src=\"https:\/\/i0.wp.com\/www.rdpemancipation.org\/wp-content\/uploads\/2023\/08\/image-2.png?resize=451%2C328&#038;ssl=1\" alt=\"\" class=\"wp-image-117756\" style=\"width:451px;height:328px\" width=\"451\" height=\"328\" srcset=\"https:\/\/i0.wp.com\/www.rdpemancipation.org\/wp-content\/uploads\/2023\/08\/image-2.png?w=600&amp;ssl=1 600w, https:\/\/i0.wp.com\/www.rdpemancipation.org\/wp-content\/uploads\/2023\/08\/image-2.png?resize=300%2C218&amp;ssl=1 300w\" sizes=\"auto, (max-width: 451px) 100vw, 451px\" \/><\/figure>\n\n\n\n<p><a href=\"https:\/\/blogs.mediapart.fr\/les-ami-es-des-soulevements-de-la-terre\/blog\/290723\/depot-du-recours-contre-la-dissolution\">D\u00e9p\u00f4t du recours contre la dissolution des Soul\u00e8vements<\/a>&nbsp;(blogs.mediapart.fr)<\/p>\n\n\n\n<p><a href=\"https:\/\/www.liberation.fr\/economie\/medias\/fin-de-la-greve-au-jdd-les-journalistes-concluent-un-accord-avec-la-direction-20230801_OWFHFOPBKZF4NMD7YBLTV3BJNI\/\">Fin de la gr\u00e8ve au JDD, les journalistes concluent un accord avec la direction<\/a> (Lib\u00e9ration, en clair)<\/p>\n\n\n\n<p><strong><a href=\"https:\/\/www.mediapart.fr\/journal\/culture-et-idees\/270623\/face-bollore-le-blanc-seing-de-l-executif\">Face \u00e0 Bollor\u00e9, le blanc-seing de l\u2019ex\u00e9cutif<\/a><\/strong> (M\u00e9diapart)<\/p>\n\n\n\n<p><strong><a href=\"https:\/\/www.mediapart.fr\/journal\/france\/310723\/affaire-hedi-l-un-des-policiers-deja-inquiete-dans-une-enquete-sur-le-tabassage-d-une-jeune-fille\" target=\"_blank\" rel=\"noreferrer noopener\">Affaire Hedi : l\u2019un des policiers d\u00e9j\u00e0 inqui\u00e9t\u00e9 dans une enqu\u00eate sur le tabassage d\u2019une jeune fille<\/a> <\/strong>(M\u00e9diapart)<\/p>\n\n\n\n<p><a href=\"https:\/\/www.blast-info.fr\/articles\/2023\/au-proces-de-sainte-soline-des-lapins-un-moine-et-quatre-condamnations-cnato9w3SKK_9RtuAUWYPA\" target=\"_blank\" rel=\"noreferrer noopener\">Au proc\u00e8s de Sainte-Soline : des lapins, un moine et quatre condamnations<\/a> (Blast)<\/p>\n\n\n\n<p><a href=\"https:\/\/www.mediapart.fr\/journal\/politique\/310723\/apres-un-de-mandat-les-etats-d-ame-des-neo-deputes-insoumis\" target=\"_blank\" rel=\"noreferrer noopener\">Apr\u00e8s un an de mandat, les \u00e9tats d\u2019\u00e2me des n\u00e9o-d\u00e9put\u00e9s insoumis<\/a> (M\u00e9diapart)<\/p>\n\n\n\n<p><strong><a href=\"https:\/\/www.ldh-france.org\/dl-201-police-justice-quelle-violence-legitime\/\" target=\"_blank\" rel=\"noreferrer noopener\">Police, justice, quelle violence l\u00e9gitime ?<\/a> <\/strong>(LDH)<\/p>\n\n\n\n<p><strong>Monde<\/strong><\/p>\n\n\n\n<p><a href=\"https:\/\/common.indigo-net.com\/lib\/cookie_log\/redirector.asp?mail=n.chevillard@noos.fr&amp;ID=549434&amp;DOCIID=109703480&amp;ENAIID=823629&amp;RETOUR=SIMPLE&amp;link=https:\/\/www.africaintelligence.fr\/afrique-ouest\/2023\/08\/01\/coup-d-etat--l-ultime-mediation-de-la-cedeao,110009489-art?utm_source=AIF&amp;utm_medium=email&amp;utm_campaign=PROS_EDIT_ALE\" target=\"_blank\" rel=\"noreferrer noopener\">Coup d&rsquo;Etat au Niger : l&rsquo;ultime m\u00e9diation de la Cedeao<\/a> (Africa Intelligence)<\/p>\n\n\n\n<p><a href=\"https:\/\/redirection.b2b.infopro-digital.com\/lnk\/AU4AACAhyCIAAcXFDCwAAHnKuI0AAABZQUUAANzvAAwsSQBkx-gTPr0uqP5QQI6njtrMh5-Z3gAMCy8\/7\/qGV9s1U7KWAy0lnzrE5UJw\/aHR0cHM6Ly93d3cudXNpbmVub3V2ZWxsZS5jb20vYXJ0aWNsZS9hdS1uaWdlci1sZXMtYWN0aXZpdGVzLWQtb3Jhbm8tc2UtcG91cnN1aXZlbnQtbWFsZ3JlLWwtaW5zdGFiaWxpdGUtcG9saXRpcXVlLk4yMTU3ODMyI3h0b3I9RVBSLTE2OQ#xtor=EPR-169\" target=\"_blank\" rel=\"noreferrer noopener\">Au Niger, les activit\u00e9s d\u2019Orano se poursuivent malgr\u00e9 l&rsquo;instabilit\u00e9 politique<\/a> (Usine Nouvelle)<\/p>\n\n\n\n<p><a href=\"https:\/\/link.newsletter.franceculture.fr\/m\/ml\/7429\/814877\/f9rFN7I8V7loKn6D26r5im9C5lXTLJmivm821gAfcU8=\/EIbC+neWJoiL3n5HKiNEmHlbQp7qk2qdxTGYyrN-bj0=\/\" target=\"_blank\" rel=\"noreferrer noopener\">Coup d\u2019\u00c9tat au Niger&nbsp;: qui sont les forces en pr\u00e9sence&nbsp;?<\/a> (France Culture)<\/p>\n\n\n\n<p><a href=\"https:\/\/afriquexxi.info\/Dans-l-ouest-du-Niger-la-peur-au-ventre-des-eleveurs-peuls\" target=\"_blank\" rel=\"noreferrer noopener\"><strong>Dans l&rsquo;ouest du Niger, la peur au ventre des \u00e9leveurs peuls<\/strong><\/a> (Afrique XXI)<\/p>\n\n\n\n<p><a href=\"https:\/\/www.mediapart.fr\/journal\/fil-dactualites\/010823\/senegal-deux-morts-dans-des-manifestations-apres-le-placement-en-detention-de-l-opposant-sonko-mi\">S\u00e9n\u00e9gal&nbsp;:&nbsp;deux morts dans des manifestations apr\u00e8s le placement en d\u00e9tention de l\u2019opposant Sonko<\/a> (AFP)<\/p>\n\n\n\n<p><strong>Analyse<\/strong><\/p>\n\n\n\n<p><a href=\"https:\/\/link.newsletter.franceculture.fr\/m\/ml\/7429\/814679\/jsVA-fTfup0q1nke_rBoF29C5lXTLJmivm821gAfcU8=\/Ez64AFzaZXVATKUyO5qL+CGOqoNRRiXTJ0oH57JUaLc=\/\" target=\"_blank\" rel=\"noreferrer noopener\">1974, le manifeste de Ren\u00e9 Dumont pour une autre civilisation<\/a> (France Culture)<\/p>\n\n\n\n<p><a href=\"https:\/\/www.obsarm.info\/spip.php?article568\" target=\"_blank\" rel=\"noreferrer noopener\">Du service militaire au service national universel<\/a> (Observatoire des armements)<\/p>\n\n\n\n<p><\/p>\n\n\n\n<p><\/p>\n\n\n\n<p><\/p>\n","protected":false},"excerpt":{"rendered":"<p>Fran\u00e7afrique&nbsp;: apr\u00e8s le dossier Mali, \u00ab\u00a0Emancipation!\u00a0\u00bb ouvre un nouveau dossier : \u2018SAHEL\u2019. 31 ao\u00fbt France La LDH rend hommage \u00e0 Fran\u00e7ois G\u00e8ze (LDH) Politique\u00a0: l&rsquo;\u00e9cologie zapp\u00e9e lors de la r\u00e9union entre chefs de partis (Reporterre) Abaya interdite \u00e0 l&rsquo;\u00e9cole, ou l&rsquo;extension d&rsquo;une \u00ab&nbsp;la\u00efcit\u00e9&nbsp;\u00bb r\u00e9pressive (Orient XXI) Droit des \u00e9tranger\u00b7es : l\u2019engrenage des OQTF pour \u00abmenace &#8230; <a title=\"Ao\u00fbt &#8211; Politique\" class=\"read-more\" href=\"https:\/\/www.rdpemancipation.org\/?p=117721\" aria-label=\"En savoir plus sur Ao\u00fbt &#8211; Politique\">Lire la suite<\/a><\/p>\n","protected":false},"author":1,"featured_media":0,"comment_status":"closed","ping_status":"closed","sticky":false,"template":"","format":"standard","meta":{"_lmt_disableupdate":"","_lmt_disable":"","_jetpack_memberships_contains_paid_content":false,"footnotes":""},"categories":[6],"tags":[],"class_list":["post-117721","post","type-post","status-publish","format-standard","hentry","category-politique"],"modified_by":"nch","jetpack_featured_media_url":"","jetpack_sharing_enabled":true,"_links":{"self":[{"href":"https:\/\/www.rdpemancipation.org\/index.php?rest_route=\/wp\/v2\/posts\/117721","targetHints":{"allow":["GET"]}}],"collection":[{"href":"https:\/\/www.rdpemancipation.org\/index.php?rest_route=\/wp\/v2\/posts"}],"about":[{"href":"https:\/\/www.rdpemancipation.org\/index.php?rest_route=\/wp\/v2\/types\/post"}],"author":[{"embeddable":true,"href":"https:\/\/www.rdpemancipation.org\/index.php?rest_route=\/wp\/v2\/users\/1"}],"replies":[{"embeddable":true,"href":"https:\/\/www.rdpemancipation.org\/index.php?rest_route=%2Fwp%2Fv2%2Fcomments&post=117721"}],"version-history":[{"count":64,"href":"https:\/\/www.rdpemancipation.org\/index.php?rest_route=\/wp\/v2\/posts\/117721\/revisions"}],"predecessor-version":[{"id":119187,"href":"https:\/\/www.rdpemancipation.org\/index.php?rest_route=\/wp\/v2\/posts\/117721\/revisions\/119187"}],"wp:attachment":[{"href":"https:\/\/www.rdpemancipation.org\/index.php?rest_route=%2Fwp%2Fv2%2Fmedia&parent=117721"}],"wp:term":[{"taxonomy":"category","embeddable":true,"href":"https:\/\/www.rdpemancipation.org\/index.php?rest_route=%2Fwp%2Fv2%2Fcategories&post=117721"},{"taxonomy":"post_tag","embeddable":true,"href":"https:\/\/www.rdpemancipation.org\/index.php?rest_route=%2Fwp%2Fv2%2Ftags&post=117721"}],"curies":[{"name":"wp","href":"https:\/\/api.w.org\/{rel}","templated":true}]}}