{"id":117719,"date":"2023-08-01T01:35:00","date_gmt":"2023-07-31T23:35:00","guid":{"rendered":"https:\/\/www.rdpemancipation.org\/?p=117719"},"modified":"2023-08-31T18:59:46","modified_gmt":"2023-08-31T16:59:46","slug":"aout-economie-3","status":"publish","type":"post","link":"https:\/\/www.rdpemancipation.org\/?p=117719","title":{"rendered":"Ao\u00fbt &#8211; \u00c9conomie"},"content":{"rendered":"\n<p><\/p>\n\n\n\n<p><mark style=\"background-color:rgba(0, 0, 0, 0);color:#ee0505\" class=\"has-inline-color\"><strong>31 ao\u00fbt<\/strong><\/mark><\/p>\n\n\n\n<p><strong>France<a><\/a><\/strong><\/p>\n\n\n\n<p><a href=\"https:\/\/splann.org\/corcoue-enquete-methaniseur-geant\/\" target=\"_blank\" rel=\"noreferrer noopener\">\u00c0 Corcou\u00e9, les commissaires enqu\u00eateurs d\u00e9roulent le tapis rouge au m\u00e9thaniseur g\u00e9ant<\/a> (Splann&nbsp;!)<\/p>\n\n\n\n<p><a href=\"https:\/\/www.leprogres.fr\/faits-divers-justice\/2023\/08\/27\/Un%20\u00e9boulement%20coupe-la-circulation%20routi\u00e8re%20et%20le-trafic-ferroviaire%20entre-la-france-et-l-italie\">Un \u00e9boulement coupe la circulation routi\u00e8re et le trafic ferroviaire entre la France et l\u2019Italie<\/a> (Le Progr\u00e8s)<\/p>\n\n\n\n<p><a><\/a><a href=\"https:\/\/www.force-ouvriere.fr\/montant-net-social-d-un-coup-de-baguette-magique-le-gouvernement\" target=\"_blank\" rel=\"noreferrer noopener\">Montant net social&nbsp;: d&rsquo;un coup de baguette magique, le gouvernement restreint une nouvelle fois les droits des allocataires<\/a> (Force Ouvri\u00e8re)<\/p>\n\n\n\n<p><a href=\"https:\/\/www.alternatives-economiques.fr\/negociations-lassurance-chomage-pipes\/00107944?utm_source=emailing&amp;utm_medium=email&amp;utm_content=30082023&amp;utm_campaign=quotidienne\">N\u00e9gociations sur l\u2019assurance-ch\u00f4mage : les d\u00e9s sont-ils pip\u00e9s&nbsp;?<\/a> (Alter \u00e9co)<\/p>\n\n\n\n<p><a href=\"https:\/\/www.alternatives-economiques.fr\/faut-sattendre-a-un-mur-faillites\/00107732\" target=\"_blank\" rel=\"noreferrer noopener\">Faut-il s\u2019attendre \u00e0 un \u00ab mur des faillites \u00bb ?<\/a>&nbsp;(Alter \u00e9co)<\/p>\n\n\n\n<p><a href=\"https:\/\/www.xerficanal.com\/economie\/emission\/Olivier-Passet-France-vers-une-politique-de-rigueur-sans-croissance_3751920.html?utm_source=sendinblue&amp;utm_campaign=&amp;utm_medium=email\">France : vers une politique de rigueur sans croissance<\/a>&nbsp;(Xerfi Canal)<\/p>\n\n\n\n<p><a href=\"https:\/\/www.60millions-mag.com\/2023\/08\/31\/avec-l-inflation-les-aliments-essentiels-deviennent-inaccessibles-21972\" target=\"_blank\" rel=\"noreferrer noopener\"><strong>Avec l\u2019inflation, les aliments essentiels deviennent inaccessibles<\/strong><\/a> (60 Millions de Consommateurs)<\/p>\n\n\n\n<p><a href=\"https:\/\/www.economiematin.fr\/contrats-aides-suppression-2024-dussopt\">Contrats aid\u00e9s : 15.000 vont \u00eatre supprim\u00e9s en 2024<\/a>&nbsp;(Economie matin)<\/p>\n\n\n\n<p><a href=\"https:\/\/www.economiematin.fr\/inflation-carrefour-denonce-industriels-prix-controverse\">Inflation : Carrefour d\u00e9nonce les industriels<\/a>&nbsp;(Economie matin)<\/p>\n\n\n\n<p><a href=\"https:\/\/les7duquebec.net\/archives\/232149\">CICE:\u2002Quand on aime les patrons, on ne compte pas<\/a>&nbsp;(7 du Qu\u00e9bec)<\/p>\n\n\n\n<p><a href=\"https:\/\/www.altares.com\/2023\/08\/28\/observatoire-de-lemploi-des-entrepreneurs-2023\/\">Forte hausse des pertes d\u2019emploi au S1 2023 : 25 296 chefs d\u2019entreprise touch\u00e9s<\/a>&nbsp;(Altares)<\/p>\n\n\n\n<p><strong>Monde<a><\/a><\/strong><\/p>\n\n\n\n<p><a href=\"https:\/\/www.cadtm.org\/Eric-Toussaint-Il-n-y-a-pas-assez-de-dirigeants-pour-tenir-tete-aux-creanciers\" target=\"_blank\" rel=\"noreferrer noopener\">\u00c9ric Toussaint : \u00abIl n&rsquo;y a pas assez de dirigeants pour tenir t\u00eate aux cr\u00e9anciers de la dette\u00bb<\/a>&nbsp; (CADTM)<\/p>\n\n\n\n<p><a href=\"http:\/\/euro-synergies.hautetfort.com\/archive\/2023\/08\/28\/brics-un-nouveau-monde-etonnant.html\">BRICS. Un nouveau monde \u00e9tonnant<\/a>&nbsp;(Euro-synergies))<\/p>\n\n\n\n<p><a href=\"https:\/\/afriquemedia.tv\/2023\/08\/29\/petrodollar-attention-trois-puissances-energetiques-du-golfe-persique-viennent-de-rejoindre-les-brics\/\">P\u00e9trodollar attention ! Trois puissances \u00e9nerg\u00e9tiques du golfe Persique viennent de rejoindre les BRICS<\/a>&nbsp;(Afrique M\u00e9dia)<\/p>\n\n\n\n<p><a href=\"https:\/\/redirection.b2b.infopro-digital.com\/lnk\/AVIAACLtpmQAAcXFFF4AAHnKuI0AAABZQTkAANzxAAwsSQBk8DmKgt4TRqguTBmAGWm8d018rQAMCy8\/26\/H6td8ivugUGQIgoCcdUntQ\/aHR0cHM6Ly93d3cudXNpbmUtZGlnaXRhbGUuZnIvYXJ0aWNsZS9tYWxncmUtbGUtbWFyYXNtZS1kYW5zLWxlcy1zbWFydHBob25lcy1sZXMtYmVuZWZpY2VzLWRlLXhpYW9taS1ib25kaXNzZW50Lk4yMTY0Mjg3I3h0b3I9RVBSLTQ#xtor=EPR-4\" target=\"_blank\" rel=\"noreferrer noopener\">Malgr\u00e9 le marasme dans les smartphones, les b\u00e9n\u00e9fices de Xiaomi bondissent<\/a> (Usine Digitale)<\/p>\n\n\n\n<p><strong>Analyse<\/strong><\/p>\n\n\n\n<p><a><\/a><a href=\"https:\/\/www.infogm.org\/7854-brevet-sur-le-vivant-forteresses-abusives\" target=\"_blank\" rel=\"noreferrer noopener\">Brevet sur le vivant : des forteresses abusives<\/a> (Inf\u2019OGM)<\/p>\n\n\n\n<p><a href=\"https:\/\/www.youtube.com\/watch?v=L-9q8o9eBIA\"><strong>\u00ab\u00a0L<\/strong><\/a><a href=\"https:\/\/www.youtube.com\/watch?v=L-9q8o9eBIA\"><strong>a v\u00e9rit\u00e9 sur la d\u00e9croissance<\/strong><\/a><a href=\"https:\/\/www.youtube.com\/watch?v=L-9q8o9eBIA\"><strong>\u00a0\u00bb &#8211; Vincent Liegey \u00ab\u00a0<\/strong><\/a>(LIMIT)<\/p>\n\n\n\n<p><a href=\"https:\/\/www.xerficanal.com\/economie\/emission\/Olivier-Passet-Flambee-des-taux-d-interet-la-rentree-de-tous-les-dangers_3751944.html?utm_source=sendinblue&amp;utm_campaign=XC280823&amp;utm_medium=email\">Flamb\u00e9e des taux d&rsquo;int\u00e9r\u00eat : la rentr\u00e9e de tous les dangers<\/a>&nbsp;(Xerfi Canal)<\/p>\n\n\n\n<p><\/p>\n\n\n\n<figure class=\"wp-block-image size-full is-resized\"><img data-recalc-dims=\"1\" loading=\"lazy\" decoding=\"async\" src=\"https:\/\/i0.wp.com\/www.rdpemancipation.org\/wp-content\/uploads\/2023\/08\/image-54.png?resize=410%2C331&#038;ssl=1\" alt=\"\" class=\"wp-image-119177\" style=\"width:410px;height:331px\" width=\"410\" height=\"331\" srcset=\"https:\/\/i0.wp.com\/www.rdpemancipation.org\/wp-content\/uploads\/2023\/08\/image-54.png?w=720&amp;ssl=1 720w, https:\/\/i0.wp.com\/www.rdpemancipation.org\/wp-content\/uploads\/2023\/08\/image-54.png?resize=300%2C242&amp;ssl=1 300w\" sizes=\"auto, (max-width: 410px) 100vw, 410px\" \/><\/figure>\n\n\n\n<p><mark style=\"background-color:rgba(0, 0, 0, 0);color:#ee0505\" class=\"has-inline-color\"><strong>30 ao\u00fbt<\/strong><\/mark><\/p>\n\n\n\n<p><strong>France<a><\/a><\/strong><\/p>\n\n\n\n<p><a href=\"https:\/\/www.connaissancedesenergies.org\/afp\/competitivite-record-pour-les-energies-renouvelables-selon-un-rapport-de-lirena-230829\"><strong>Comp\u00e9titivit\u00e9 record pour les \u00e9nergies renouvelables, selon un rapport de l&rsquo;Irena<\/strong><\/a> (AFP)<\/p>\n\n\n\n<p><a href=\"https:\/\/redirection.b2b.infopro-digital.com\/lnk\/AV0AACIewewAAcXFFCAAAHnKuI0AAABZQUUAANzvAAwsSQBk721PiIyt3ODDRe6Vat42UZfyMAAMCy8\/11\/uIIpq9e2iqAIu4YxUKbL2Q\/aHR0cHM6Ly93d3cudXNpbmVub3V2ZWxsZS5jb20vYXJ0aWNsZS9lcmFtZXQtdG90YWxlbmVyZ2llcy1tYXVyZWwtcHJvbS1jb21tZW50LWxlLWNvdXAtZC1ldGF0LWF1LWdhYm9uLWFmZmVjdGUtbGVzLWluZHVzdHJpZWxzLXRyaWNvbG9yZXMuTjIxNjQyNzcjeHRvcj1FUFItMTY5#xtor=EPR-169\" target=\"_blank\" rel=\"noreferrer noopener\"><strong>Eramet, Total&#8230; Comment le coup d&rsquo;Etat au Gabon affecte les industriels tricolores<\/strong><\/a> (Usine Nouvelle)<\/p>\n\n\n\n<p><a><\/a><a href=\"https:\/\/www.rue89strasbourg.com\/greve-clestra-reprise-opaque-et-agressive-groupe-jestia-277012\" target=\"_blank\" rel=\"noreferrer noopener\">Aux origines de la gr\u00e8ve \u00e0 Clestra, une reprise opaque et agressive par le groupe Jestia<\/a> (Rue89 Strasbourg)<\/p>\n\n\n\n<p><a href=\"https:\/\/www.force-ouvriere.fr\/les-allegements-de-cotisations-sociales-en-constante-hausse\" target=\"_blank\" rel=\"noreferrer noopener\">Les all\u00e9gements de cotisations sociales en hausse menacent les comptes de la S\u00e9cu<\/a> (Force Ouvri\u00e8re)<\/p>\n\n\n\n<p><a href=\"https:\/\/reporterre.net\/Une-coalition-se-leve-contre-la-proliferation-des-entrepots-logistiques\" target=\"_blank\" rel=\"noreferrer noopener\">Une coalition se l\u00e8ve contre la prolif\u00e9ration des entrep\u00f4ts logistiques<\/a> (Reporterre)<\/p>\n\n\n\n<p><strong>Monde<a><\/a><\/strong><\/p>\n\n\n\n<p><a href=\"https:\/\/www.connaissancedesenergies.org\/afp\/la-part-delectricite-produite-par-les-energies-fossiles-dans-lue-au-plus-bas-au-premier-semestre-230830\">La part d&rsquo;\u00e9lectricit\u00e9 produite par les \u00e9nergies fossiles dans l&rsquo;UE au plus bas au premier semestre<\/a> (AFP)<\/p>\n\n\n\n<p><a href=\"https:\/\/redirection.b2b.infopro-digital.com\/lnk\/AWkAACT9wawAAcXFEwYAAHnKuI0AAABZQTkAANzxAAwsSQBk7Yzl2jcvnk4rREqquWtVfD4hFgAMCy8\/13\/8_FPPkpCOmXCfxj82SnJiw\/aHR0cHM6Ly93d3cudXNpbmUtZGlnaXRhbGUuZnIvYXJ0aWNsZS90LW1vYmlsZS1nZXRpci1zZWN1cmV3b3Jrcy10cmlwYWR2aXNvci1ub3RyZS1yZWNhcC1kZXMtbGljZW5jaWVtZW50cy1kYW5zLWxhLXRlY2guTjIxNjM1NjcjeHRvcj1FUFItNA#xtor=EPR-4\" target=\"_blank\" rel=\"noreferrer noopener\">T-Mobile, Getir, SecureWorks, Tripadvisor\u2026 Notre r\u00e9cap&rsquo; des licenciements dans la Tech<\/a> (Usine Digitale)<\/p>\n\n\n\n<p><a href=\"https:\/\/www.alternatives-economiques.fr\/eau-espagne-potager-de-leurope-saccroche-a-un-modele-intenable\/00107913\" target=\"_blank\" rel=\"noreferrer noopener\">Eau : en Espagne, le potager de l&rsquo;Europe s&rsquo;accroche \u00e0 un mod\u00e8le intenable<\/a> (Alter \u00e9co)<\/p>\n\n\n\n<p><a href=\"https:\/\/theconversation.com\/economie-mondiale-2024-annee-de-toutes-les-reconfigurations-212268\" target=\"_blank\" rel=\"noreferrer noopener\">\u00c9conomie mondiale : 2024, ann\u00e9e de toutes les reconfigurations ?<\/a> (The Conversation)<\/p>\n\n\n\n<p><a href=\"https:\/\/www.alternatives-economiques.fr\/leurope-a-renonce-a-strategie-industrielle\/00107854\" target=\"_blank\" rel=\"noreferrer noopener\">Comment l\u2019Europe a renonc\u00e9 \u00e0 sa strat\u00e9gie industrielle<\/a> (Alter \u00e9co)<\/p>\n\n\n\n<p><a href=\"http:\/\/alencontre.org\/europe\/allemagne\/allemagne-de-lieferando-a-streikerando-quand-les-livreurs-developpent-leur-organisation.html\">Allemagne. De Lieferando \u00e0 Streikerando : quand les livreurs d\u00e9veloppent leur organisation<\/a> (A l\u2019encontre)<\/p>\n\n\n\n<p><strong>Analyse<\/strong><\/p>\n\n\n\n<p><a href=\"https:\/\/www.mediapart.fr\/journal\/economie-et-social\/290823\/la-pensee-vive-du-vieux-marx\" target=\"_blank\" rel=\"noreferrer noopener\">La pens\u00e9e vive du vieux Marx<\/a> (M\u00e9diapart)<\/p>\n\n\n\n<p><a href=\"https:\/\/lvsl.fr\/inflation-tiree-par-les-profits-quand-les-rapports-de-force-sinvitent-dans-la-hausse-des-prix\/\" target=\"_blank\" rel=\"noreferrer noopener\">Inflation tir\u00e9e par les profits : quand les rapports de force s\u2019invitent dans la hausse des prix<\/a> (Le Vent Se L\u00e8ve)<\/p>\n\n\n\n<p><a href=\"https:\/\/lvsl.fr\/Les%20cryptomonaies%20cheval%20de%20troie%20de%20la%20pens\u00e9e%20r\u00e9actionnaire\">Les cryptomonnaies cheval de Troie de la pens\u00e9e r\u00e9actionnaire<\/a> (Le Vent Se L\u00e8ve)<\/p>\n\n\n\n<p><mark style=\"background-color:rgba(0, 0, 0, 0);color:#ee0505\" class=\"has-inline-color\"><strong>28 ao\u00fbt<\/strong><\/mark><\/p>\n\n\n\n<p><strong>France<a><\/a><\/strong><\/p>\n\n\n\n<p><a><\/a><a href=\"https:\/\/www.connaissancedesenergies.org\/afp\/le-nucleaire-seul-ne-suffira-pas-pour-decarboner-la-france-estime-le-patron-de-rte-xavier-piechaczyk-230826\">Le \u00ab nucl\u00e9aire seul ne suffira pas \u00bb pour d\u00e9carboner la France, estime le patron de RTE Xavier Piechaczyk<\/a> (AFP)<\/p>\n\n\n\n<p><a href=\"https:\/\/www.alternatives-economiques.fr\/linflation-baisse-a-prix\/00107933\" target=\"_blank\" rel=\"noreferrer noopener\">L\u2019inflation baisse, mais \u00e0 quel prix ?<\/a> (Alter \u00e9co)<\/p>\n\n\n\n<p><a href=\"https:\/\/www.alternatives-economiques.fr\/animaux-de-compagnie-paient-cher-cout-de-linflation\/00107918\" target=\"_blank\" rel=\"noreferrer noopener\">Les animaux de compagnie paient cher le co\u00fbt de l\u2019inflation<\/a> (Alter \u00e9co)<\/p>\n\n\n\n<p><a href=\"https:\/\/www.alternatives-economiques.fr\/christian-chavagneux\/charge-de-dette-publique-virtuel-reel\/00107927\" target=\"_blank\" rel=\"noreferrer noopener\">Charge de la dette publique : le virtuel et le r\u00e9el<\/a> (Alter \u00e9co)<\/p>\n\n\n\n<p><a href=\"https:\/\/basta.media\/payer-pour-percevoir-ses-aides-le-desengagement-de-l-etat-laisse-place-au-prive\" target=\"_blank\" rel=\"noreferrer noopener\"><strong>Payer pour percevoir ses aides : le d\u00e9sengagement de l&rsquo;\u00c9tat laisse place au priv\u00e9<\/strong><\/a> (Basta!)<\/p>\n\n\n\n<p><strong>Monde<a><\/a><\/strong><\/p>\n\n\n\n<p><a href=\"https:\/\/www.connaissancedesenergies.org\/afp\/liran-inaugure-la-derniere-phase-du-mega-gisement-gazier-south-pars-230828\">L&rsquo;Iran inaugure la derni\u00e8re phase du m\u00e9ga-gisement gazier South Pars<\/a> (AFP)<\/p>\n\n\n\n<p><a href=\"https:\/\/www.connaissancedesenergies.org\/afp\/eni-demarre-la-production-de-petrole-et-de-gaz-naturel-au-large-de-la-cote-divoire-230828\">Eni d\u00e9marre la production de p\u00e9trole et de gaz naturel au large de la C\u00f4te d&rsquo;Ivoire<\/a> (AFP)<\/p>\n\n\n\n<p><a href=\"https:\/\/www.connaissancedesenergies.org\/afp\/des-experts-de-lonu-interpellent-saudi-aramco-sur-les-consequences-de-son-activite-230827\">Des experts de l&rsquo;ONU interpellent Saudi Aramco sur les cons\u00e9quences de son activit\u00e9<\/a> (AFP)<\/p>\n\n\n\n<p><a href=\"https:\/\/www.alternatives-economiques.fr\/colombie-redistribuer-terres-faire-paix\/00107828\" target=\"_blank\" rel=\"noreferrer noopener\">En Colombie, redistribuer des terres pour faire la paix ?<\/a> (Alter \u00e9co)<\/p>\n\n\n\n<p><a href=\"https:\/\/orientxxi.info\/magazine\/petrole-entre-la-turquie-et-l-irak-les-kurdes-echec-et-mat,6669\" target=\"_blank\" rel=\"noreferrer noopener\">P\u00e9trole. Entre la Turquie et l&rsquo;Irak, les Kurdes \u00e9chec et mat<\/a> (Orient XXI)<\/p>\n\n\n\n<p><a href=\"https:\/\/redirection.b2b.infopro-digital.com\/lnk\/AVcAACJoRiAAAcXFEoAAAHnKuI0AAABZQTkAANzxAAwsSQBk7DtdDe_YXILMQx2-gmVzqNmaOgAMCy8\/13\/BpVZQHfESz3zBMOKV0NyiQ\/aHR0cHM6Ly93d3cudXNpbmUtZGlnaXRhbGUuZnIvYXJ0aWNsZS9jcnlwdG9tb25uYWllcy1tYXN0ZXJjYXJkLW1ldC1maW4tYS1zb24tcGFydGVuYXJpYXQtYXZlYy1iaW5hbmNlLk4yMTYzMzIyI3h0b3I9RVBSLTQ#xtor=EPR-4\" target=\"_blank\" rel=\"noreferrer noopener\">Cryptomonnaies : Mastercard met fin \u00e0 son partenariat avec Binance<\/a> (Usine Digitale)<\/p>\n\n\n\n<p><a href=\"https:\/\/redirection.b2b.infopro-digital.com\/lnk\/AVwAACLpIPYAAcXFEtIAAHnKuI0AAABZQUUAANzvAAwsSQBk7Mj5S89g591VQr6z8eD-P6qJjgAMCy8\/14\/NRh1Fgepwmn_O-CNx3JuEA\/aHR0cHM6Ly93d3cudXNpbmVub3V2ZWxsZS5jb20vYXJ0aWNsZS9zYW5zLXNhZnJhbi1ldC10aGFsZXMtY29tbWVudC1tb3Njb3UtZXN0LXBhcnZlbnUtYS1ydXNzaWZpZXItc29uLWF2aW9uLXJlZ2lvbmFsLk4yMTYzNTEyI3h0b3I9RVBSLTE2OQ#xtor=EPR-169\" target=\"_blank\" rel=\"noreferrer noopener\">Sans Safran et Thales, comment Moscou est parvenu \u00e0 \u00abrussifier\u00bb son avion r\u00e9gional<\/a> (Usine Nouvelle)<\/p>\n\n\n\n<p><strong>Analyse<\/strong><\/p>\n\n\n\n<p><a href=\"https:\/\/redirection.b2b.infopro-digital.com\/lnk\/AVwAACLpIPYAAcXFEtIAAHnKuI0AAABZQUUAANzvAAwsSQBk7Mj5S89g591VQr6z8eD-P6qJjgAMCy8\/4\/pTjx16z_7JuqVHnm2GGFeQ\/aHR0cHM6Ly93d3cudXNpbmVub3V2ZWxsZS5jb20vYXJ0aWNsZS9wb3VyLXNvcnRpci1kZXMtcGVzdGljaWRlcy1sZXMtYWN0ZXVycy1kdS1iaW9jb250cm9sZS12ZXVsZW50LWZhaXJlLXNhdXRlci1sZS1wbGFmb25kLWRlLXZlcnJlLk4yMTYzMzE3I3h0b3I9RVBSLTE2OQ#xtor=EPR-169\" target=\"_blank\" rel=\"noreferrer noopener\">Pour sortir des pesticides, les acteurs du biocontr\u00f4le veulent faire sauter le plafond de verre<\/a> (Usine Nouvelle)<\/p>\n\n\n\n<p><a href=\"https:\/\/www.contretemps.eu\/mario-tronti-operaisme-italie-marxisme-trajectoire-politique\/\" target=\"_blank\" rel=\"noreferrer noopener\">Mario Tronti, un intellectuel et sa conjoncture<\/a> (Contretemps)<\/p>\n\n\n\n<p><mark style=\"background-color:rgba(0, 0, 0, 0);color:#ee0505\" class=\"has-inline-color\"><strong>27 ao\u00fbt<\/strong><\/mark><\/p>\n\n\n\n<p><strong>France<a><\/a><\/strong><\/p>\n\n\n\n<p><a><\/a><a href=\"https:\/\/www.lemonde.fr\/politique\/article\/2023\/08\/22\/pourquoi-la-taxe-fonciere-va-s-envoler-cette-annee_6186139_823448.html\">Pourquoi la taxe fonci\u00e8re va s\u2019envoler cette ann\u00e9e<\/a> (Le Monde)<\/p>\n\n\n\n<p><a href=\"https:\/\/www.lemonde.fr\/politique\/article\/2023\/08\/22\/budget-2024-le-gouvernement-envisage-des-hausses-d-impots_6186137_823448.html\">Budget 2024&nbsp;: le gouvernement envisage des hausses d\u2019imp\u00f4ts<\/a> (Le Monde)<\/p>\n\n\n\n<p><a href=\"https:\/\/www.alternatives-economiques.fr\/danone-victime-de-linterventionnisme-economique-russe\/00107794\" target=\"_blank\" rel=\"noreferrer noopener\">Danone, victime de l&rsquo;interventionnisme \u00e9conomique russe<\/a><a> <\/a>(Alter \u00e9co)<\/p>\n\n\n\n<p><a href=\"https:\/\/www.alternatives-economiques.fr\/reforme-retraites-va-t-couter-plus-cher-prevu\/00107810?utm_source=emailing&amp;utm_medium=email&amp;utm_content=25082023&amp;utm_campaign=hebdo\">La r\u00e9forme des retraites va-t-elle couter plus cher que pr\u00e9vu&nbsp;?<\/a> (Alter \u00e9co)<\/p>\n\n\n\n<p><strong>Monde<a><\/a><\/strong><\/p>\n\n\n\n<p><a href=\"https:\/\/www.mediapart.fr\/journal\/ecologie\/260823\/les-pays-riches-n-ont-jamais-autant-finance-les-energies-fossiles\" target=\"_blank\" rel=\"noreferrer noopener\"><strong>Les pays riches n\u2019ont jamais autant financ\u00e9 les \u00e9nergies fossiles<\/strong><\/a> (M\u00e9diapart)<\/p>\n\n\n\n<p><a href=\"https:\/\/www.alternatives-economiques.fr\/transition-ecologique-actifs-echoues-un-risque-riches\/00107612\" target=\"_blank\" rel=\"noreferrer noopener\">Transition \u00e9cologique : les actifs \u00e9chou\u00e9s, un risque&#8230; pour les ultra riches<\/a>&nbsp;(Alter \u00e9co)<\/p>\n\n\n\n<p><a href=\"https:\/\/link.newsletter.franceculture.fr\/m\/ml\/7429\/820182\/G5QgixEQv20xS9hEf1_QBm9C5lXTLJmivm821gAfcU8=\/S3KcOdeEMFtXIfpCHUor9dKzmEUoF-XeiAY0Xrai2jA=\/\" target=\"_blank\" rel=\"noreferrer noopener\">BRICS + 6, vers un bouleversement de l&rsquo;ordre mondial&nbsp;?<\/a> (France Culture)<\/p>\n\n\n\n<p><a href=\"https:\/\/www.lemonde.fr\/idees\/article\/2023\/08\/26\/la-double-logique-de-l-elargissement-des-brics_6186636_3232.html\">La double logique de l\u2019\u00e9largissement des BRICS<\/a> (Le Monde)<\/p>\n\n\n\n<p><a href=\"https:\/\/www.lemonde.fr\/economie\/article\/2023\/08\/22\/les-brics-veulent-reduire-leur-dependance-au-dollar_6186135_3234.html\">Pourquoi les BRICS veulent r\u00e9duire leur d\u00e9pendance au dollar<\/a> (Le Monde)<\/p>\n\n\n\n<p><a href=\"https:\/\/www.lemonde.fr\/economie\/article\/2023\/08\/25\/la-deprime-economique-s-accroit-en-suede_6186528_3234.html\">La Su\u00e8de s\u2019enfonce dans la d\u00e9prime \u00e9conomique<\/a> (Le Monde)<\/p>\n\n\n\n<p><strong>Analyse<\/strong><\/p>\n\n\n\n<p><a href=\"https:\/\/www.lemonde.fr\/economie\/article\/2023\/08\/26\/politique-monetaire-des-taux-d-interet-plus-hauts-plus-longtemps_6186597_3234.html\">Politique mon\u00e9taire&nbsp;: pourquoi l\u2019\u00e8re des taux d\u2019int\u00e9r\u00eat \u00e9lev\u00e9s est appel\u00e9e \u00e0 durer<\/a> (Le Monde)<\/p>\n\n\n\n<p><a href=\"https:\/\/www.alternatives-economiques.fr\/sandrine-foulon\/territoires-zero-chomeur-mal-aimes\/00107906\" target=\"_blank\" rel=\"noreferrer noopener\">Les territoires z\u00e9ro ch\u00f4meur mal aim\u00e9s<\/a>&nbsp;(Alter \u00e9co)<\/p>\n\n\n\n<p><a href=\"https:\/\/elucid.media\/societe\/inegalites-france-pays-pauvres-avec-quelques-ultra-riches\/\">In\u00e9galit\u00e9s : la France, un pays de pauvres avec quelques ultra-riches ?<\/a>&nbsp;(Elucid)<\/p>\n\n\n\n<p><mark style=\"background-color:rgba(0, 0, 0, 0);color:#ee0505\" class=\"has-inline-color\"><strong>25 ao\u00fbt<\/strong><\/mark><\/p>\n\n\n\n<p><strong>France<a><\/a><\/strong><\/p>\n\n\n\n<p><a href=\"https:\/\/www.mediapart.fr\/journal\/politique\/250823\/argent-libyen-la-chronologie-d-une-affaire-d-etat\" target=\"_blank\" rel=\"noreferrer noopener\">Argent libyen: la chronologie d\u2019une affaire d\u2019\u00c9tat<\/a> (M\u00e9diapart)<\/p>\n\n\n\n<p><a href=\"https:\/\/www.mediapart.fr\/journal\/france\/250823\/affaire-libyenne-follow-money\" target=\"_blank\" rel=\"noreferrer noopener\">Affaire libyenne: follow the money!<\/a> (M\u00e9diapart)<\/p>\n\n\n\n<p><a href=\"https:\/\/www.alternatives-economiques.fr\/de-casino-a-altice-groupes-fondes-dette-vacillent\/00107789?utm_source=emailing&amp;utm_medium=email&amp;utm_content=24082023&amp;utm_campaign=quotidienne\">Casino, Altice\u2026 Quand les groupes fond\u00e9s sur la dette s\u2019effondrent<\/a> (Alter \u00e9co)<\/p>\n\n\n\n<p><a href=\"https:\/\/www.frustrationmagazine.fr\/coop-grande-distribution\/\">Coop ou pas coop de trouver une alternative \u00e0 la grande distribution ?<\/a> (Frustration)<\/p>\n\n\n\n<p><a><\/a><a href=\"https:\/\/www.mediapart.fr\/journal\/economie-et-social\/230823\/vente-d-atos-au-milliardaire-kretinsky-les-germes-d-un-scandale\"><strong>Vente d\u2019Atos au milliardaire Kretinsky: les germes d\u2019un scandale<\/strong><\/a> -Martine Orange (M\u00e9diapart)<\/p>\n\n\n\n<p><a href=\"https:\/\/www.placegrenet.fr\/2023\/08\/25\/les-societes-de-livraison-a-velo-independantes-se-retrouvent-a-grenoble-pour-lassemblee-generale-de-coopcycle\/611526\" target=\"_blank\" rel=\"noreferrer noopener\">Les soci\u00e9t\u00e9s de livraison \u00e0 v\u00e9lo ind\u00e9pendantes se retrouvent \u00e0 Grenoble pour l\u2019AG de Coopcycle<\/a> &nbsp;(Place Gre\u2019net)<\/p>\n\n\n\n<p><a href=\"https:\/\/redirection.b2b.infopro-digital.com\/lnk\/AMcAACJs5D8AAcXFEUIAAHnKuI0AAABZQUUAANzvAAwsSQBk5jovdQ-eqNu8SSirVX4KCpjrpAAMCy8\/11\/ZkNOLJJkOrEfwFZFqHT0mw\/aHR0cHM6Ly93d3cudXNpbmVub3V2ZWxsZS5jb20vYXJ0aWNsZS9lbi1mcmFuY2UtbC1hdXRvY29uc29tbWF0aW9uLXBob3Rvdm9sdGFpcXVlLWVuLW5ldHRlLWF1Z21lbnRhdGlvbi5OMjE2MjU5MiN4dG9yPUVQUi0xNjk#xtor=EPR-169\" target=\"_blank\" rel=\"noreferrer noopener\">En France, l\u2019autoconsommation photovolta\u00efque en nette augmentation<\/a>&nbsp;(Usine nouvelle)<\/p>\n\n\n\n<p><strong>Monde<a><\/a><\/strong><\/p>\n\n\n\n<p><a href=\"https:\/\/www.letemps.ch\/sciences\/environnement\/l-explosion-des-subventions-aux-energies-fossiles\"><strong>L\u2019explosion des subventions aux \u00e9nergies fossiles<\/strong><\/a> (Le Temps)<\/p>\n\n\n\n<p><a href=\"https:\/\/redirection.b2b.infopro-digital.com\/lnk\/AVUAACKVNYEAAcXFEcIAAHnKuI0AAABZQUUAANzvAAwsSQBk54n0vm7RoEg-QXKkaYeKcIJsQQAMCy8\/11\/AopSVQLZtS3CkBCZxC2csA\/aHR0cHM6Ly93d3cudXNpbmVub3V2ZWxsZS5jb20vYXJ0aWNsZS9ib2VpbmctY29uZnJvbnRlLWEtdW4tbmllbWUtcHJvYmxlbWUtc3VyLWxlLTczNy1tYXgtbGVzLWxpdnJhaXNvbnMtcGVydHVyYmVlcy5OMjE2Mjg4NyN4dG9yPUVQUi0xNjk#xtor=EPR-169\" target=\"_blank\" rel=\"noreferrer noopener\">Boeing confront\u00e9 \u00e0 un ni\u00e8me probl\u00e8me sur le 737 MAX, les livraisons perturb\u00e9es<\/a>&nbsp;(Usine Nouvelle)<\/p>\n\n\n\n<p><a href=\"https:\/\/alencontre.org\/ameriques\/americnord\/usa\/etats-unis-le-contrat-de-travail-dups-est-historique-mais-est-il-suffisant-certains-travailleurs-repondent-par-la-negative.html\">USA. \u00abLe nouveau contrat avec UPS est historique, mais est-il suffisant ? Certains travailleurs r\u00e9pondent par la n\u00e9gative\u00bb<\/a>&nbsp;(A l\u2019encontre)<\/p>\n\n\n\n<p><a href=\"https:\/\/theconversation.com\/premiere-historique-en-equateur-un-vote-stoppe-lexploitation-dun-gisement-petrolier-212126\">Premi\u00e8re historique : en \u00c9quateur, un vote stoppe l\u2019exploitation d\u2019un gisement p\u00e9trolier<\/a>&nbsp;(The Conversation)<\/p>\n\n\n\n<p><a href=\"https:\/\/redirection.b2b.infopro-digital.com\/lnk\/AV4AACG9_GIAAcXFED4AAHnKuI0AAABZQUUAANzvAAwsSQBk45cvczNRrJuiR12NdP5sMxSn7QAMCy8\/4\/xL2A4m7snUmOS0y5gN5byw\/aHR0cHM6Ly93d3cudXNpbmVub3V2ZWxsZS5jb20vYXJ0aWNsZS9hdXgtZXRhdHMtdW5pcy1sLW9tYnJlLWQtdW5lLWdyZXZlLW1hc3NpdmUtcGxhbmUtc3VyLWxhLWZpbGllcmUtYXV0b21vYmlsZS5OMjE2MTk2NyN4dG9yPUVQUi0xNjk#xtor=EPR-169\" target=\"_blank\" rel=\"noreferrer noopener\">Aux Etats-Unis, l&rsquo;ombre d&rsquo;une gr\u00e8ve massive plane sur la fili\u00e8re automobile<\/a> (Usine Nouvelle)<\/p>\n\n\n\n<p><strong>Analyse<\/strong><\/p>\n\n\n\n<p><a href=\"https:\/\/www.polytechnique-insights.com\/tribunes\/planete\/lagriculture-emissions-solutions-reflexions\/?utm_source=Polytechnique+Insights+%28fran%C3%A7ais%29&amp;utm_campaign=1d43c4defe-EMAIL_CAMPAIGN_2023_03_15_11_02_COPY_01&amp;utm_medium=email&amp;utm_term=0_-bf0bd5a865-%5BLIST_EMAIL_ID%5D\">L\u2019agriculture : \u00e9missions, solutions, r\u00e9flexions<\/a> (Polytechnique insights)<\/p>\n\n\n\n<p><a href=\"https:\/\/www.alternatives-economiques.fr\/robin-girard\/un-systeme-electrique-contrainte\/00107458\" target=\"_blank\" rel=\"noreferrer noopener\">Un syst\u00e8me \u00e9lectrique sous contrainte<\/a>&nbsp;(Alter \u00e9co)<\/p>\n\n\n\n<p><a href=\"https:\/\/www.greenpeace.fr\/espace-presse\/energie-selon-un-nouveau-rapport-de-greenpeace-les-grandes-compagnies-petrolieres-et-gazieres-ne-produisent-que-03-de-renouvelables\/\" target=\"_blank\" rel=\"noreferrer noopener\">Les grandes compagnies p\u00e9troli\u00e8res et gazi\u00e8res ne produisent que 0,3 % de renouvelables<\/a> &nbsp;(Greenpeace)<\/p>\n\n\n\n<p><a href=\"https:\/\/link.newsletter.franceculture.fr\/m\/ml\/7429\/819991\/Z3ygydculgPFRDUVG7nSvm9C5lXTLJmivm821gAfcU8=\/ZsjdH0B8cFxoCbCq+W6ycHjfrOgxEiHPRezI0r5xqk4=\/\" target=\"_blank\" rel=\"noreferrer noopener\">L&rsquo;homme&nbsp;: un animal \u00e9conomique&nbsp;? Pas selon Karl Polanyi<\/a> (France Culture)<\/p>\n\n\n\n<p><strong><a href=\"https:\/\/www.alternatives-economiques.fr\/isabelle-this-saint-jean\/dette-dette-dette\/00107523?utm_source=emailing&amp;utm_medium=email&amp;utm_content=21082023&amp;utm_campaign=quotidienne\">&nbsp;\u2018La Dette, la Dette, la Dette\u2019&nbsp;!<\/a> <\/strong>(Alter \u00e9co)<\/p>\n\n\n\n<p><mark style=\"background-color:rgba(0, 0, 0, 0);color:#ee0505\" class=\"has-inline-color\"><strong>24-22 ao\u00fbt<\/strong><\/mark><\/p>\n\n\n\n<p><strong>France<\/strong><\/p>\n\n\n\n<p><a href=\"https:\/\/www.boursorama.com\/actualite-economique\/actualites\/face-a-l-inflation-de-la-rentree-les-familles-jonglent-entre-les-enseignes-62a12368445faece570940ef174712e8\">Face \u00e0 l\u2019inflation de la rentr\u00e9e, les familles jonglent entre les enseignes<\/a> (AFP)<\/p>\n\n\n\n<p><a href=\"https:\/\/www.lesechos.fr\/economie-france\/conjoncture\/lactivite-economique-sest-nettement-essoufflee-en-aout-1972124\">L\u2019activit\u00e9 \u00e9conomique s\u2019est nettement essouffl\u00e9e en ao\u00fbt<\/a> (Les Echos)<\/p>\n\n\n\n<p><a href=\"https:\/\/www.lesechos.fr\/economie-france\/budget-fiscalite\/budget-le-nouveau-pic-des-taux-dinteret-maintient-la-pression-sur-bercy-1971683\">Budget : le nouveau pic des taux d\u2019int\u00e9r\u00eat maintient la pression sur Bercy<\/a> (Les Echos)<\/p>\n\n\n\n<p><a href=\"https:\/\/www.nouvelobs.com\/economie\/20211014.OBS49850\/non-la-suppression-l-isf-n-a-pas-stimule-l-investissement.html\"><strong>Non, la suppression de l\u2019ISF n\u2019a pas stimul\u00e9 l\u2019investissement<\/strong><\/a> (L\u2019Obs)<\/p>\n\n\n\n<p><a href=\"https:\/\/www.boursorama.com\/actualite-economique\/actualites\/taxer-davantage-les-societes-d-autoroutes-n-aura-aucun-impact-sur-les-peages-assure-beaune-0626bbc0900b0784728081f2a54c74ba\">Taxer davantage les soci\u00e9t\u00e9s d\u2019autoroutes n\u2019aura \u00ab&nbsp;aucun impact&nbsp;\u00bb sur les p\u00e9ages, assure Beaune<\/a> (AFP)<\/p>\n\n\n\n<p><strong>Monde<\/strong><\/p>\n\n\n\n<p><a href=\"https:\/\/www.boursorama.com\/actualite-economique\/actualites\/les-brics-vont-inviter-de-nouveaux-etats-a-les-rejoindre-79be36cb0d0bbcbd3c65f80659c5dc15\">Les BRICS vont inviter de nouveaux Etats \u00e0 les rejoindre<\/a> (Reuters)<\/p>\n\n\n\n<p><a href=\"https:\/\/www.lemonde.fr\/afrique\/article\/2023\/08\/21\/sommet-des-brics-l-afrique-du-sud-refuse-une-competition-entre-puissances-mondiales_6186049_3212.html\">Sommet des BRICS : l\u2019Afrique du Sud refuse \u00ab une comp\u00e9tition entre puissances mondiales \u00bb<\/a> (Le Monde)<\/p>\n\n\n\n<p><a href=\"https:\/\/www.laquadrature.net\/2023\/08\/09\/larrivee-de-meta-sur-le-fedivers-est-elle-une-bonne-nouvelle\/\">L\u2019arriv\u00e9e de Meta sur le Fedivers est-elle une bonne nouvelle?<\/a> (La Quadrature du Net)<\/p>\n\n\n\n<p><a href=\"https:\/\/www.boursorama.com\/bourse\/actualites\/le-trading-haute-frequence-profite-de-la-lenteur-des-dark-pools-4f6452507139d056e011a1d366ac0359\">Le trading haute fr\u00e9quence profite de la lenteur des dark pools<\/a> (Newsmanager)<\/p>\n\n\n\n<p><a href=\"https:\/\/fr.ifixit.com\/News\/78830\/lappariement-des-pieces-met-la-reparation-electronique-independante-en-danger\">L\u2019appariement des pi\u00e8ces met la r\u00e9paration \u00e9lectronique ind\u00e9pendante en danger<\/a>&nbsp;(fr.ifixit.com)<\/p>\n\n\n\n<p><strong>Analyse<\/strong><\/p>\n\n\n\n<p><a href=\"https:\/\/benoitborrits.fr\/2022\/12\/15\/acceptabilite-sociale-de-la-decroissance\/\"><strong>Acceptabilit\u00e9 sociale de la d\u00e9croissance<\/strong><\/a> (Blog B.Borrits)<\/p>\n\n\n\n<p><a href=\"https:\/\/www.monde-diplomatique.fr\/publications\/manuel_d_economie_critique\/a57215\">\u00ab Gr\u00e2ce aux BRICS, un monde multipolaire \u00bb<\/a> (Manuel d\u2019\u00e9conomie critique)<\/p>\n\n\n\n<p><mark style=\"background-color:rgba(0, 0, 0, 0);color:#ee0505\" class=\"has-inline-color\"><strong>21 ao\u00fbt<\/strong><\/mark><\/p>\n\n\n\n<p><strong>France<a><\/a><\/strong><\/p>\n\n\n\n<p><a href=\"https:\/\/www.alternatives-economiques.fr\/france-degrade-surete-nucleaire\/00107753\" target=\"_blank\" rel=\"noreferrer noopener\">La France d\u00e9grade sa s\u00fbret\u00e9 nucl\u00e9aire<\/a>&nbsp;(Alter \u00e9co)<\/p>\n\n\n\n<p><a href=\"http:\/\/www.eco-bretons.info\/portrait-des-salles-de-marches-a-londres-a-la-monnaie-locale-de-morlaix-litineraire-peu-commun-de-nicolas\/\" target=\"_blank\" rel=\"noreferrer noopener\">Des salles de march\u00e9s \u00e0 Londres \u00e0 la monnaie locale de Morlaix, l\u2019itin\u00e9raire peu commun de Nicolas<\/a>&nbsp;(Eco-bretons)<\/p>\n\n\n\n<p><a href=\"https:\/\/common.indigo-net.com\/lib\/cookie_log\/redirector.asp?mail=n.chevillard@noos.fr&amp;ID=550731&amp;DOCIID=109703480&amp;ENAIID=824856&amp;RETOUR=SIMPLE&amp;link=https:\/\/www.lalettrea.fr\/action-publique_executif\/2023\/08\/21\/bercy-a-recolte-plus-de-2-milliards-d-euros-de-transactions-fiscales,110009709-eve?cxt=PUB&amp;utm_source=LLA&amp;utm_medium=email&amp;utm_campaign=AUTO_EDIT_SOM\" target=\"_blank\" rel=\"noreferrer noopener\">Bercy a r\u00e9colt\u00e9 plus de 2 milliards d&rsquo;euros de transactions fiscales<\/a> (La Lettre A)<\/p>\n\n\n\n<p><a href=\"https:\/\/www.wathi.org\/laboratoire\/tribune\/laide-publique-au-developpement-les-implications-et-contradictions-francaises-en-afrique\/\">L\u2019aide publique au d\u00e9veloppement, les implications et contradictions fran\u00e7aises en Afrique<\/a>&nbsp;(Wathi)<\/p>\n\n\n\n<p><a><\/a><a href=\"https:\/\/elucid.media\/economie\/renault-symbole-desindustrialisation-france-automobile-production-delocalisations\"><strong>Renault, symbole de la d\u00e9sindustrialisation en France<\/strong><\/a> (Elucid)<\/p>\n\n\n\n<p><strong>Monde<a><\/a><\/strong><\/p>\n\n\n\n<p><a href=\"http:\/\/euro-synergies.hautetfort.com\/archive\/2023\/08\/18\/l-inde-et-la-russie-s-activent-pour-realiser-le-grand-chemin-de-fer-nord-su.html\">L&rsquo;Inde et la Russie s&rsquo;activent pour r\u00e9aliser le grand chemin de fer Nord-Sud<\/a>&nbsp;&#8211; Euro-synergies<\/p>\n\n\n\n<p><a href=\"https:\/\/mondafrique.com\/economie\/le-projet-dyne-monnaie-commune-des-brics-inquiete-oncle-sam\/\">Le projet d\u2019une monnaie commune des BRICS inqui\u00e8te Oncle Sam<\/a><a> (Mondafrique)<\/a><\/p>\n\n\n\n<p><a href=\"https:\/\/www.wakatsera.com\/plus-de-300-camions-de-transport-de-marchandises-convoyes-du-burkina-faso-au-niger\/\">Niger. Plus de 300 camions de transport de marchandises convoy\u00e9s du Burkina Faso au Niger<\/a>&nbsp;(Wakat S\u00e9ra)<\/p>\n\n\n\n<p><a href=\"https:\/\/arretsurinfo.ch\/le-paysage-changeant-de-lafrique-concurrence-sino-occidentale-et-modeles-contrastes\/\">Le paysage changeant de l\u2019Afrique : concurrence sino-occidentale et&nbsp;<\/a><a href=\"https:\/\/arretsurinfo.ch\/le-paysage-changeant-de-lafrique-concurrence-sino-occidentale-et-modeles-contrastes\/\">mod\u00e8les&nbsp;contrast\u00e9s&nbsp;<\/a> (Arr\u00eat sur info)<\/p>\n\n\n\n<p><a href=\"https:\/\/www.les-crises.fr\/la-croissance-de-l-economie-russe-au-2eme-semestre-2023-par-jacques-sapir-russeurope-en-exil\/\">La croissance de l\u2019\u00e9conomie russe au 2\u00e8me semestre 2023, par Jacques Sapir <\/a>&nbsp;(Les Crises)<\/p>\n\n\n\n<p><a href=\"https:\/\/www.lemonde.fr\/economie\/article\/2023\/08\/17\/argentine-apres-les-elections-primaires-une-devaluation-qui-fait-flamber-les-prix_6185676_3234.html\">Argentine : apr\u00e8s les \u00e9lections primaires, une d\u00e9valuation qui fait flamber les prix<\/a>&nbsp;(Le Monde)<\/p>\n\n\n\n<p><strong>Analyse<\/strong><\/p>\n\n\n\n<p><a href=\"https:\/\/link.newsletter.franceculture.fr\/m\/ml\/7429\/819407\/aFDKkM4fSE8Rl5-3Ufiumm9C5lXTLJmivm821gAfcU8=\/qbR75W+UNzJrjIMz6iHLlac6YSZxaHZ2EH0rYB27o20=\/\" target=\"_blank\" rel=\"noreferrer noopener\">Karl Polanyi, un \u00e9conomiste contre l&rsquo;\u00e9conomisme<\/a> (France Culture)<\/p>\n\n\n\n<p><a href=\"https:\/\/elucid.media\/economie\/henri-sterdyniak-deficit-baisse-impots-plus-riches-fragilise-finances-publiques-depenses-sociales\"><strong>\u00ab La baisse des imp\u00f4ts des plus riches fragilise nos finances \u00bb &#8211; H. Sterdyniak<\/strong><\/a> (Elucid)<\/p>\n\n\n\n<p><a href=\"https:\/\/redirection.b2b.infopro-digital.com\/lnk\/AVgAACGyqCEAAcXFD-QAAHnKuI0AAABZQTkAANzxAAwsSQBk4wE79M3N5sRiR5ySdJSi69yeXQAMCy8\/13\/TsahlBaAT9OUdZw7iUzJqQ\/aHR0cHM6Ly93d3cudXNpbmUtZGlnaXRhbGUuZnIvYXJ0aWNsZS9sZXMtdmVudGVzLWRlLXNtYXJ0cGhvbmVzLXZvbnQtZW5jb3JlLXJlY3VsZXItY2V0dGUtYW5uZWUuTjIxNjE1OTIjeHRvcj1FUFItNA#xtor=EPR-4\" target=\"_blank\" rel=\"noreferrer noopener\">Les ventes de smartphones continuent leur descente aux enfers<\/a> (Usine Digitale)<\/p>\n\n\n\n<figure class=\"wp-block-image size-full is-resized\"><img data-recalc-dims=\"1\" loading=\"lazy\" decoding=\"async\" src=\"https:\/\/i0.wp.com\/www.rdpemancipation.org\/wp-content\/uploads\/2023\/08\/image-44.png?resize=423%2C557&#038;ssl=1\" alt=\"\" class=\"wp-image-118763\" style=\"width:423px;height:557px\" width=\"423\" height=\"557\" srcset=\"https:\/\/i0.wp.com\/www.rdpemancipation.org\/wp-content\/uploads\/2023\/08\/image-44.png?w=450&amp;ssl=1 450w, https:\/\/i0.wp.com\/www.rdpemancipation.org\/wp-content\/uploads\/2023\/08\/image-44.png?resize=228%2C300&amp;ssl=1 228w\" sizes=\"auto, (max-width: 423px) 100vw, 423px\" \/><\/figure>\n\n\n\n<p><mark style=\"background-color:rgba(0, 0, 0, 0);color:#ee0505\" class=\"has-inline-color\"><strong>19 ao\u00fbt<\/strong><\/mark><\/p>\n\n\n\n<p><strong>France<a><\/a><\/strong><\/p>\n\n\n\n<p><a><\/a><a href=\"https:\/\/blogs.mediapart.fr\/collective-des-meres-isolees\/blog\/170823\/allocation-de-rentree-scolaires-et-meres-isolees-un-mode-de-calcul-injuste\"><strong>Allocation de rentr\u00e9e scolaires et m\u00e8res isol\u00e9es : un mode de calcul injuste<\/strong><\/a>&nbsp;(Collective des m\u00e8res isol\u00e9es)<\/p>\n\n\n\n<p><a href=\"https:\/\/www.rue89lyon.fr\/2023\/08\/19\/apple-store-lyon-part-dieu-greve-inedite\/\" target=\"_blank\" rel=\"noreferrer noopener\">Une gr\u00e8ve in\u00e9dite \u00e0 l\u2019Apple store de Lyon Part-Dieu<\/a>&nbsp; (Rue89Lyon)<\/p>\n\n\n\n<p><strong>Monde<a><\/a><\/strong><\/p>\n\n\n\n<p><a href=\"https:\/\/www.boursorama.com\/actualite-economique\/actualites\/la-fed-en-a-fini-avec-les-hausses-de-taux-pour-une-majorite-d-economistes-f014bf9d2e02a9335333a13e9fed2755\">La Fed en a fini avec les hausses de taux, pour une majorit\u00e9 d&rsquo;\u00e9conomistes<\/a> (Reuters) &nbsp;&nbsp;<\/p>\n\n\n\n<p><a href=\"https:\/\/www.boursorama.com\/actualite-economique\/actualites\/matieres-premieres-le-cuivre-et-l-or-ternissent-le-cafe-refroidit-1ead868d02b602e355366fc0b6c8c3cb\">Mati\u00e8res premi\u00e8res : le cuivre et l&rsquo;or ternissent, le caf\u00e9 refroidit<\/a> (AFP) &nbsp;&nbsp;<\/p>\n\n\n\n<p><a><\/a><a href=\"https:\/\/mondafrique.com\/a-la-une\/les-capitaux-algeriens-de-senvolent-vers-la-turquie\/\">Les capitaux alg\u00e9riens ill\u00e9gaux s\u2019envolent vers la Turquie<\/a> (Mondafrique)<\/p>\n\n\n\n<p><strong>Analyse<\/strong><\/p>\n\n\n\n<p><a href=\"https:\/\/www.alternatives-economiques.fr\/economistes-liberaux-ne-sinteressent-a-guerre\/00106553\" target=\"_blank\" rel=\"noreferrer noopener\">\u00ab Les \u00e9conomistes lib\u00e9raux ne s\u2019int\u00e9ressent pas \u00e0 la guerre \u00bb<\/a>&nbsp; (Alter \u00e9co)<\/p>\n\n\n\n<p><mark style=\"background-color:rgba(0, 0, 0, 0);color:#ee0505\" class=\"has-inline-color\"><strong>18 ao\u00fbt<\/strong><\/mark><\/p>\n\n\n\n<p><strong>France<a><\/a><\/strong><\/p>\n\n\n\n<p><a><\/a><a><\/a><a href=\"https:\/\/t.nl.france3.fr\/r\/?id=hdd681829,6bbddeba,5facb7b9&amp;p1=20230818&amp;p2=726375-1613287517-668363dc\">Deux \u00e9leveuses icaunaises finalistes du concours Graines d&rsquo;agriculteurs<\/a> (France 3)<\/p>\n\n\n\n<p><a href=\"https:\/\/link.newsletter.franceculture.fr\/m\/ml\/7429\/818851\/dcbKTbTzWQir9opm8WuM3G9C5lXTLJmivm821gAfcU8=\/WH-WqxgYVa8B90ZVJqXVNWU1yIhaY68zS9olUuFQQ-Y=\/\" target=\"_blank\" rel=\"noreferrer noopener\">Supercalculateurs&nbsp;: la souverainet\u00e9 strat\u00e9gique fran\u00e7aise en p\u00e9ril&nbsp;?<\/a> (France Culture)<\/p>\n\n\n\n<p><a href=\"https:\/\/link.newsletter.franceculture.fr\/m\/ml\/7429\/818851\/dcbKTbTzWQir9opm8WuM3G9C5lXTLJmivm821gAfcU8=\/WH-WqxgYVa8B90ZVJqXVNWU1yIhaY68zFPrh+WSj0W8=\/\" target=\"_blank\" rel=\"noreferrer noopener\">Pourquoi le CAC 40 enregistre-t-il des b\u00e9n\u00e9fices record en pleine inflation&nbsp;?<\/a> (France Culture)<\/p>\n\n\n\n<p><a href=\"https:\/\/www.lemonde.fr\/economie\/article\/2023\/08\/16\/le-cout-de-la-vie-etudiante-atteint-un-nouveau-record_6185505_3234.html\">Le co\u00fbt de la vie \u00e9tudiante atteint un nouveau record<\/a> (Le Monde)<\/p>\n\n\n\n<p><strong>Monde<a><\/a><\/strong><\/p>\n\n\n\n<p><a href=\"https:\/\/www.mediapart.fr\/journal\/international\/180823\/la-dollarisation-en-argentine-reves-libertariens-et-realites-economiques\">La dollarisation en Argentine&nbsp;: r\u00eaves libertariens et r\u00e9alit\u00e9s \u00e9conomiques<\/a> (M\u00e9diapart)<\/p>\n\n\n\n<p><a href=\"https:\/\/www.lemonde.fr\/economie\/article\/2023\/08\/18\/etats-unis-avec-des-taux-d-interet-au-plus-haut-depuis-2007-la-crainte-d-un-accident-financier_6185753_3234.html\">Etats-Unis&nbsp;: avec des taux d\u2019int\u00e9r\u00eat au plus haut depuis 2007, la crainte d\u2019un accident financier<\/a> (Le Monde)<\/p>\n\n\n\n<p><a href=\"https:\/\/www.lemonde.fr\/international\/article\/2023\/08\/18\/faillite-aux-etats-unis-du-geant-immobilier-chinois-evergrande_6185761_3210.html\">Faillite aux Etats-Unis du g\u00e9ant de l\u2019immobilier chinois Evergrande<\/a> (Le Monde)<\/p>\n\n\n\n<p><a href=\"https:\/\/www.lemonde.fr\/economie\/article\/2023\/08\/17\/country-garden-le-numero-1-de-l-immobilier-chinois-au-bord-de-la-faillite_6185692_3234.html\">Country Garden, le num\u00e9ro&nbsp;1&nbsp;de l\u2019immobilier chinois, au bord de la faillite<\/a> (Le Monde)<\/p>\n\n\n\n<p><strong>Analyse<\/strong><\/p>\n\n\n\n<p><a href=\"https:\/\/www.alternatives-economiques.fr\/ambroise-croizat-ministre-travailleurs\/00107270\" target=\"_blank\" rel=\"noreferrer noopener\">Ambroise Croizat, le ministre des travailleurs<\/a> (Alter \u00e9co)<\/p>\n\n\n\n<p><mark style=\"background-color:rgba(0, 0, 0, 0);color:#ee0505\" class=\"has-inline-color\"><strong>17 ao\u00fbt<\/strong><\/mark><\/p>\n\n\n\n<p><strong>France<a><\/a><\/strong><\/p>\n\n\n\n<p><a href=\"https:\/\/link.newsletter.franceculture.fr\/m\/ml\/7429\/818267\/mcU0_1_7e2F0GLqwWTEgA29C5lXTLJmivm821gAfcU8=\/xQhIcRqQwtDN69CusBZALCQTpOnF9bmR-VvoyWMHA6o=\/\" target=\"_blank\" rel=\"noreferrer noopener\">R\u00e9novation du RER B&nbsp;: quelles cons\u00e9quences pour les territoires desservis&nbsp;?<\/a> (France Culture)<\/p>\n\n\n\n<p><a href=\"https:\/\/redirection.b2b.infopro-digital.com\/lnk\/AVgAACFKLBMAAcXFD14AAHnKuI0AAABZQUUAANzvAAwsSQBk3P-_sWrC6K7lSB--NEx3Ag9b2gAMCy8\/11\/BQxYgSS77mYCgBckVkoRJQ\/aHR0cHM6Ly93d3cudXNpbmVub3V2ZWxsZS5jb20vYXJ0aWNsZS9sZS1kZWZpLWRlLWxhLXJlbG9jYWxpc2F0aW9uLWR1LXZlbG8tZW4tZnJhbmNlLWR1LWNhZHJlLWEtbGEtcm91ZS5OMjE0NDY5MiN4dG9yPUVQUi0xNjk#xtor=EPR-169\" target=\"_blank\" rel=\"noreferrer noopener\">Le d\u00e9fi de la relocalisation du v\u00e9lo en France, du cadre \u00e0 la roue<\/a> (Usine nouvelle)<\/p>\n\n\n\n<p><a href=\"http:\/\/www.rexecode.fr\/public\/Indicateurs-et-Graphiques\/La-conjoncture-en-10-graphiques\/La-conjoncture-economique-francaise-en-10-graphiques\">La conjoncture \u00e9conomique fran\u00e7aise en 10 graphiques<\/a> (Rexecode)<\/p>\n\n\n\n<p><strong><a href=\"https:\/\/elucid.media\/politique\/travailleurs-saisonniers-la-reforme-de-l-assurance-chomage-aggrave-la-penurie\/\">Travailleurs saisonniers : la r\u00e9forme de l&rsquo;assurance ch\u00f4mage aggrave la p\u00e9nurie<\/a><\/strong> (Elucid)<\/p>\n\n\n\n<p><strong>Monde<\/strong><\/p>\n\n\n\n<p><a href=\"https:\/\/www.mediapart.fr\/journal\/economie-et-social\/170823\/en-allemagne-la-rigueur-budgetaire-repond-la-crise-structurelle\">En Allemagne, la rigueur budg\u00e9taire r\u00e9pond \u00e0 la crise structurelle <\/a>&nbsp;(M\u00e9diapart)<\/p>\n\n\n\n<p><a href=\"https:\/\/www.liberation.fr\/international\/asie-pacifique\/en-chine-pour-cacher-le-taux-de-chomage-des-jeunes-qui-senvole-on-ne-publie-plus-les-chiffres-20230815_LWVBZ6DKUVHIHDDHEJXFZRJLQI\/\">Chine, pour cacher le taux de ch\u00f4mage des jeunes qui s\u2019envole, on ne publie plus les chiffres<\/a>&nbsp;(Lib\u00e9ration)<\/p>\n\n\n\n<p><a href=\"https:\/\/redirection.b2b.infopro-digital.com\/lnk\/AWkAACOrUu4AAcXFDy4AAHnKuI0AAABZQTkAANzxAAwsSQBk3Gm2EoH22ptRTtqe-AXBjDFPyQAMCy8\/13\/wpOmWJ0wOzhVcl43ZzBnuA\/aHR0cHM6Ly93d3cudXNpbmUtZGlnaXRhbGUuZnIvYXJ0aWNsZS9sZS12aXJlbWVudC1vcGVuLWJhbmtpbmctbGEtc29sdXRpb24tZGUtcGFpZW1lbnQtYS1zdWl2cmUtZGUtcHJlcy5OMjE2MDI5NyN4dG9yPUVQUi00#xtor=EPR-4\" target=\"_blank\" rel=\"noreferrer noopener\">Le virement open banking, la solution de paiement \u00e0 suivre de pr\u00e8s<\/a> (Usine Digitale)<\/p>\n\n\n\n<p><a href=\"https:\/\/www.financialafrik.com\/2023\/08\/15\/nigeria-linflation-bat-un-record-vieux-de-18-ans\/\">Nigeria : l\u2019inflation bat un record vieux de 18 ans<\/a> (Financial Afrik)<\/p>\n\n\n\n<p><a href=\"https:\/\/www.financialafrik.com\/2023\/08\/14\/crise-au-niger-quid-des-enjeux-strategiques-economiques-et-financiers\/\"><strong>Niger : quid des enjeux strat\u00e9giques, \u00e9conomiques et financiers<\/strong><\/a> (Financial Afrik)<\/p>\n\n\n\n<p><strong>Analyse<\/strong><\/p>\n\n\n\n<p><strong><a href=\"https:\/\/www.cadtm.org\/Comment-la-dette-permet-d-expliquer-l-economie-politique-des-politiques\" target=\"_blank\" rel=\"noreferrer noopener\">Comment la dette permet d&rsquo;expliquer l&rsquo;\u00e9conomie politique des politiques migratoires europ\u00e9ennes<\/a><\/strong> (CADTM)<\/p>\n\n\n\n<p><strong><a href=\"https:\/\/www.liberation.fr\/environnement\/face-au-climat-haineux-chercheurs-et-defenseurs-de-lenvironnement-quittent-twitter-en-masse-20230816_256BW73I5FEJ3DDMBCYIW3I2AE\/\">Face au climat haineux, chercheurs et d\u00e9fenseurs de l\u2019environnement quittent Twitter en masse<\/a><\/strong> (Lib\u00e9ration)<\/p>\n\n\n\n<p><mark style=\"background-color:rgba(0, 0, 0, 0);color:#ee0505\" class=\"has-inline-color\"><strong>16 ao\u00fbt<\/strong><\/mark><\/p>\n\n\n\n<p><strong>France<a><\/a><\/strong><\/p>\n\n\n\n<p><a href=\"https:\/\/www.alternatives-economiques.fr\/laisser-mer-monter-une-idee-chemin\/00107665\" target=\"_blank\" rel=\"noreferrer noopener\">Laisser la mer monter, une id\u00e9e qui fait son chemin<\/a> (Alter \u00e9co)<\/p>\n\n\n\n<p><a href=\"https:\/\/www.liberation.fr\/societe\/police-justice\/evasion-fiscale-une-enquete-ouverte-contre-fayat-quatrieme-groupe-francais-de-btp-20230816_ZV5Y6KQHQNCC7AFOZ6BDSIWED4\/\" target=\"_blank\" rel=\"noreferrer noopener\">Evasion fiscale&nbsp;: une enqu\u00eate ouverte contre Fayat, quatri\u00e8me groupe fran\u00e7ais de BTP<\/a> (Lib\u00e9ration)<\/p>\n\n\n\n<p><a href=\"https:\/\/www.alternatives-economiques.fr\/gustave-eiffel-a-plus-dune-tour-sac\/00107708\" target=\"_blank\" rel=\"noreferrer noopener\">Gustave Eiffel a eu plus d\u2019une tour dans son sac !<\/a> (Alter \u00e9co)<\/p>\n\n\n\n<p><a href=\"https:\/\/www.humanite.fr\/social-et-economie\/pauvrete\/3-millions-de-millionnaires-en-france-la-medaille-de-bronze-derriere-les-etats-unis-et-la-chine-806025#xtor=RSS-1\" target=\"_blank\" rel=\"noreferrer noopener\">3 millions de millionnaires en France, la m\u00e9daille de bronze derri\u00e8re les USA et la Chine<\/a> (L\u2019Humanit\u00e9)<\/p>\n\n\n\n<p><a href=\"https:\/\/www.mediapart.fr\/journal\/economie-et-social\/150823\/les-groupes-du-cac-40-profitent-de-l-inflation-pour-augmenter-leurs-prix-et-leurs-marges\" target=\"_blank\" rel=\"noreferrer noopener\"><strong>Les groupes du CAC 40 profitent de l\u2019inflation pour augmenter leurs prix et leurs marges<\/strong><\/a>&nbsp; -Martine Orange (M\u00e9diapart)<\/p>\n\n\n\n<p><a><strong><mark style=\"background-color:rgba(0, 0, 0, 0)\" class=\"has-inline-color has-contrast-color\">Monde<\/mark><\/strong><\/a><\/p>\n\n\n\n<p><a href=\"https:\/\/www.liberation.fr\/international\/amerique\/en-argentine-leconomie-chancelle-apres-la-percee-de-javier-milei-20230815_UVYU5ZMB4BFIHK6W4OELIVC6O4\/\" target=\"_blank\" rel=\"noreferrer noopener\">En Argentine, l\u2019\u00e9conomie \u00abchancelle\u00bb apr\u00e8s la perc\u00e9e de Javier Milei<\/a> (Lib\u00e9ration)<\/p>\n\n\n\n<p><a href=\"https:\/\/www.arabnews.fr\/node\/411631\/%C3%A9conomie\">La Chine entre en d\u00e9flation pour la premi\u00e8re fois depuis 2021<\/a>&nbsp;(Arab News)<\/p>\n\n\n\n<p><strong>Analyse<\/strong><\/p>\n\n\n\n<p><a href=\"https:\/\/www.liberation.fr\/idees-et-debats\/tribunes\/twitter-rebaptise-que-cache-le-x-de-elon-musk-20230815_GAHGBW76MND2XHEVWBWKWO7X5U\/\" target=\"_blank\" rel=\"noreferrer noopener\"><strong>Twitter&nbsp;rebaptis\u00e9 : que cache le \u00abX\u00bb de Elon Musk&nbsp;?<\/strong><\/a> (Lib\u00e9ration)<\/p>\n\n\n\n<p><a href=\"https:\/\/www.alternatives-economiques.fr\/reforme-retraites-va-t-couter-plus-cher-prevu\/00107749\" target=\"_blank\" rel=\"noreferrer noopener\">La r\u00e9forme des retraites va-t-elle co\u00fbter plus cher que pr\u00e9vu ? Et deux autres sujets \u00e0 trancher<\/a>&nbsp;(Alter \u00e9co)<\/p>\n\n\n\n<p><mark style=\"background-color:rgba(0, 0, 0, 0);color:#ee0505\" class=\"has-inline-color\"><strong>15 ao\u00fbt<\/strong><\/mark><\/p>\n\n\n\n<p><strong>France<\/strong><\/p>\n\n\n\n<p><a href=\"https:\/\/www.humanite.fr\/social-et-economie\/reforme-des-retraites\/retraites-six-nouveaux-decrets-805848#xtor=RSS-1\" target=\"_blank\" rel=\"noreferrer noopener\">Retraites : six nouveaux d\u00e9crets<\/a> (L\u2019Humanit\u00e9)<\/p>\n\n\n\n<p><a href=\"https:\/\/www.liberation.fr\/economie\/medias\/publicite-une-partie-des-annonceurs-menacent-de-deserter-le-journal-du-dimanche-de-vincent-bollore-20230812_FUYALYRFJ5BJTNYP425CNHOTBQ\/\">Publicit\u00e9&nbsp;: une partie des annonceurs menacent de d\u00e9serter le \u00abJournal du dimanche\u00bb de Vincent Bollor\u00e9<\/a> (Lib\u00e9ration)<\/p>\n\n\n\n<p><a href=\"https:\/\/redirection.b2b.infopro-digital.com\/lnk\/AWsAACNg9koAAcXFDvwAAHnKuI0AAABZQTkAANzxAAwsSQBk2cbZC4icu115Q2mlTpxKRV-T6QAMCy8\/13\/V78F0CUGHu1kJISgdGIrLw\/aHR0cHM6Ly93d3cudXNpbmUtZGlnaXRhbGUuZnIvYXJ0aWNsZS9hLXNhbi1mcmFuY2lzY28tb3JhbmdlLXNpbGljb24tdmFsbGV5LWZlcm1lLXNlcy1wb3J0ZXMtYXByZXMtMjAtYW5zLWQtZXhpc3RlbmNlLk4yMTYwNDQ3I3h0b3I9RVBSLTQ#xtor=EPR-4\" target=\"_blank\" rel=\"noreferrer noopener\">\u00c0 San Francisco, Orange Silicon Valley ferme ses portes apr\u00e8s 20 ans d&rsquo;existence<\/a> (Usine Digitale)<\/p>\n\n\n\n<p><a><strong><mark style=\"background-color:rgba(0, 0, 0, 0)\" class=\"has-inline-color has-contrast-color\">Monde<\/mark><\/strong><\/a><\/p>\n\n\n\n<p><a href=\"https:\/\/www.boursorama.com\/actualite-economique\/actualites\/la-russie-lance-son-rouble-numerique-esperant-echapper-aux-sanctions-6c513a95b1a9178f6d9129745866242b\">La Russie lance son rouble num\u00e9rique, esp\u00e9rant \u00e9chapper aux sanctions<\/a> (AFP) &nbsp;&nbsp;<\/p>\n\n\n\n<p><a href=\"https:\/\/www.boursorama.com\/actualite-economique\/actualites\/etats-unis-baisse-plus-forte-que-prevu-de-l-indice-d-activite-empire-state-en-aout-3aeec7c7361f2dc0457b472acdf5f990\">USA : Baisse plus forte que pr\u00e9vu de l&rsquo;indice d&rsquo;activit\u00e9 \u00ab\u00a0Empire State\u00a0\u00bb en ao\u00fbt<\/a> (Reuters) &nbsp;&nbsp;<\/p>\n\n\n\n<p><a href=\"https:\/\/www.boursorama.com\/actualite-economique\/actualites\/usa-les-ventes-au-detail-augmentent-plus-que-prevu-en-juillet-72f1b71f401862e1aded322abc90da8b\">USA : Les ventes au d\u00e9tail augmentent plus que pr\u00e9vu en juillet<\/a> (Reuters) &nbsp;&nbsp;<\/p>\n\n\n\n<p><a href=\"https:\/\/www.boursorama.com\/actualite-economique\/actualites\/japon-le-pib-trimestriel-au-plus-haut-depuis-fin-2020-01fe0b43deff792faba92e7d41ca0a65\">Japon: le PIB trimestriel au plus haut depuis fin 2020<\/a> (AFP) &nbsp;&nbsp;<\/p>\n\n\n\n<p><a href=\"https:\/\/www.boursorama.com\/actualite-economique\/actualites\/la-banque-centrale-chinoise-baisse-de-nouveau-ses-taux-en-soutien-a-son-economie-22be0a2a19cebd53501d1838bd2e1d01\"><strong>La banque centrale chinoise baisse de nouveau ses taux en soutien \u00e0 son \u00e9conomie<\/strong><\/a> (Reuters)<\/p>\n\n\n\n<p><a href=\"https:\/\/www.connaissancedesenergies.org\/afp\/le-petrole-en-baisse-la-chine-inquiete-toujours-230815\">Le p\u00e9trole en baisse, la Chine inqui\u00e8te toujours<\/a> (AFP)<\/p>\n\n\n\n<p><a href=\"https:\/\/www.connaissancedesenergies.org\/afp\/energie-propre-yellen-pointe-la-surconcentration-des-chaines-dapprovisionnement-230814-0\">Energie propre : Yellen pointe la \u00ab\u00a0surconcentration\u00a0\u00bb des cha\u00eenes d&rsquo;approvisionnement<\/a> (AFP)<\/p>\n\n\n\n<p><a href=\"https:\/\/www.alternatives-economiques.fr\/irak-lor-noir-contre-lor-bleu\/00107507\" target=\"_blank\" rel=\"noreferrer noopener\"><strong>En Irak, l\u2019or noir contre l\u2019or bleu<\/strong><\/a> (Alter \u00e9co)<\/p>\n\n\n\n<p><a href=\"https:\/\/www.mediapart.fr\/journal\/international\/130823\/l-energie-se-rappelle-au-souvenir-des-responsables-occidentaux\" target=\"_blank\" rel=\"noreferrer noopener\">L\u2019\u00e9nergie se rappelle au souvenir des responsables occidentaux<\/a> (M\u00e9diapart)<\/p>\n\n\n\n<p><a href=\"https:\/\/www.cadtm.org\/LA-NOUVELLE-CRISE-INTERNATIONALE-AU-SUD-GLOBAL\" target=\"_blank\" rel=\"noreferrer noopener\">Br\u00e9sil&nbsp;: la nouvelle crise internationale au Sud global<\/a>&nbsp;(CADTM)<\/p>\n\n\n\n<p><strong>Analyse<\/strong><\/p>\n\n\n\n<p><a href=\"https:\/\/www.mediapart.fr\/journal\/economie-et-social\/140823\/il-y-cent-ans-l-allemagne-plongeait-dans-l-hyperinflation\" target=\"_blank\" rel=\"noreferrer noopener\">Il y a cent ans, l\u2019Allemagne plongeait dans l\u2019hyperinflation<\/a>&nbsp; (M\u00e9diapart)<\/p>\n\n\n\n<p><mark style=\"background-color:rgba(0, 0, 0, 0);color:#ee0505\" class=\"has-inline-color\"><strong>14 ao\u00fbt<\/strong><\/mark><\/p>\n\n\n\n<p><strong>France<\/strong><\/p>\n\n\n\n<p><a href=\"https:\/\/reporterre.net\/Total-jamais-des-activistes-refusent-un-projet-du-petrolier-dans-le-Lot\" target=\"_blank\" rel=\"noreferrer noopener\">\u00ab&nbsp;Total jamais&nbsp;\u00bb&nbsp;: des activistes refusent un projet du p\u00e9trolier dans le Lot<\/a> (Reporterre)<\/p>\n\n\n\n<p><strong>Monde<\/strong><\/p>\n\n\n\n<p><a href=\"https:\/\/www.liberation.fr\/international\/europe\/litalie-annonce-taxer-les-surprofits-et-tempere-aussitot-apres-la-chute-de-ses-banques-en-bourse-20230809_HDYSCTBDS5HJNBW2XP32IXU434\/\">L\u2019Italie annonce taxer les \u00ab&nbsp;surprofits&nbsp;\u00bb et temp\u00e8re aussit\u00f4t apr\u00e8s la chute de ses banques en Bourse<\/a>&nbsp;(liberation.fr)<\/p>\n\n\n\n<figure class=\"wp-block-image size-full\"><img data-recalc-dims=\"1\" loading=\"lazy\" decoding=\"async\" width=\"488\" height=\"531\" src=\"https:\/\/i0.wp.com\/www.rdpemancipation.org\/wp-content\/uploads\/2023\/08\/image-41.png?resize=488%2C531&#038;ssl=1\" alt=\"\" class=\"wp-image-118463\" srcset=\"https:\/\/i0.wp.com\/www.rdpemancipation.org\/wp-content\/uploads\/2023\/08\/image-41.png?w=488&amp;ssl=1 488w, https:\/\/i0.wp.com\/www.rdpemancipation.org\/wp-content\/uploads\/2023\/08\/image-41.png?resize=276%2C300&amp;ssl=1 276w\" sizes=\"auto, (max-width: 488px) 100vw, 488px\" \/><\/figure>\n\n\n\n<p><mark style=\"background-color:rgba(0, 0, 0, 0);color:#ee0505\" class=\"has-inline-color\"><strong>12 ao\u00fbt<\/strong><\/mark><\/p>\n\n\n\n<p><strong>France<a><\/a><\/strong><\/p>\n\n\n\n<p><a><\/a><a href=\"https:\/\/www.lemonde.fr\/economie\/article\/2023\/08\/11\/l-arrivee-de-daniel-kretinsky-chez-atos-souleve-l-opposition-de-parlementaires-et-d-actionnaires_6185167_3234.html\">L\u2019arriv\u00e9e de Daniel Kretinsky chez Atos soul\u00e8ve l\u2019opposition de parlementaires et d\u2019actionnaires<\/a> (Le Monde)<\/p>\n\n\n\n<p><a href=\"https:\/\/www.lemonde.fr\/economie\/article\/2023\/08\/11\/transports-des-travaux-pharaoniques-affectent-le-quotidien-de-millions-d-usagers-d-ile-de-france-en-2023_6156664_3235.html\">Transports&nbsp;: des travaux pharaoniques affectent le quotidien de millions d\u2019usagers d\u2019Ile-de-France en 2023<\/a> (Le Monde)<\/p>\n\n\n\n<p><a href=\"https:\/\/www.lemonde.fr\/planete\/article\/2023\/08\/11\/a-calais-inquietude-autour-d-une-usine-classee-seveso-a-l-abandon_6185143_3244.html\">A Calais, inqui\u00e9tude autour d\u2019une usine class\u00e9e Seveso \u00e0 l\u2019abandon<\/a> (Le Monde)<\/p>\n\n\n\n<p><a href=\"https:\/\/t.nl.france3.fr\/r\/?id=hdb630561,6bb5f542,5faadcc7&amp;p1=20230810&amp;p2=726375-1613287517-668363dc\">Le syst\u00e8me fran\u00e7ais est \u00e0 bout\u00a0\u00bb : face \u00e0 la p\u00e9nurie de m\u00e9dicaments, une augmentation des prix in\u00e9vitable ?<\/a> (France 3)<\/p>\n\n\n\n<p><a href=\"https:\/\/redirection.b2b.infopro-digital.com\/lnk\/AVwAACE0rJoAAcXFDrYAAHnKuI0AAABZQTkAANzxAAwsSQBk1dM1DXBSVKnpS4yRy9ECTx3P_gAMCy8\/17\/6TfVbGaDsGi4Cor9_lC5Vg\/aHR0cHM6Ly93d3cudXNpbmUtZGlnaXRhbGUuZnIvYXJ0aWNsZS9saWNlbmNpZW1lbnRzLWNoZXoteWFob28tZnJhbmNlLXRvdWNoZS1wYXItbGEtcmVzdHJ1Y3R1cmF0aW9uLWR1LWdyb3VwZS5OMjE2MDA3MiN4dG9yPUVQUi00#xtor=EPR-4\" target=\"_blank\" rel=\"noreferrer noopener\">Licenciements chez Yahoo France, touch\u00e9 par la restructuration du groupe<\/a> (Usine Digitale)<\/p>\n\n\n\n<p><a href=\"https:\/\/www.mediapart.fr\/journal\/france\/120823\/evasion-fiscale-le-poids-lourd-du-btp-fayat-perquisitionne\">\u00c9vasion fiscale : le poids lourd du BTP Fayat perquisitionn\u00e9<\/a> (M\u00e9diapart)<\/p>\n\n\n\n<p><strong>Monde<a><\/a><\/strong><\/p>\n\n\n\n<p><a href=\"https:\/\/www.ritimo.org\/Entre-le-minerai-et-l-enclume-L-interdiction-d-exportations-du-minerai-non\" target=\"_blank\" rel=\"noreferrer noopener\">Entre le minerai et l&rsquo;enclume. L&rsquo;interdiction d&rsquo;exportations du minerai non transform\u00e9 en Indon\u00e9sie<\/a> (ritimo)<\/p>\n\n\n\n<p><a href=\"https:\/\/www.lemonde.fr\/pixels\/article\/2023\/08\/11\/sam-bankman-fried-ancien-pdg-de-la-plate-forme-de-cryptomonnaies-ftx-en-prison-apres-la-revocation-de-sa-liberte-conditionnelle_6185175_4408996.html\">Sam Bankman-Fried, ancien PDG de la plate-forme de cryptomonnaies FTX, envoy\u00e9 en prison <\/a>&nbsp;(Le Monde)<\/p>\n\n\n\n<p><a href=\"https:\/\/www.lemonde.fr\/economie\/article\/2023\/08\/12\/les-etats-unis-subventionnent-massivement-deux-usines-de-capture-de-carbone_6185223_3234.html\">Les Etats-Unis subventionnent massivement deux usines de capture de carbone<\/a> (Le Monde)<\/p>\n\n\n\n<p><a href=\"https:\/\/www.lemonde.fr\/economie\/article\/2023\/08\/11\/petrole-opep-et-russie-maintiennent-une-politique-restrictive_6185086_3234.html\">P\u00e9trole&nbsp;: OPEP et Russie maintiennent une politique restrictive qui fait monter les prix \u00e0 la pompe<\/a> (Le Monde)<\/p>\n\n\n\n<p><a href=\"https:\/\/www.les-crises.fr\/taiwan-renforce-sa-diplomatie-economique-malgre-les-pressions-de-la-chine\/\">Ta\u00efwan renforce sa diplomatie \u00e9conomique malgr\u00e9 les pressions de la Chine<\/a> (Les Crises)<\/p>\n\n\n\n<p><strong>Analyse<\/strong><\/p>\n\n\n\n<p><a><\/a><a href=\"https:\/\/www.lemediatv.fr\/emissions\/2023\/scandale-detats-il-etait-une-fois-elf-comment-la-france-a-pille-le-petrole-africain-pAuUfpMeR3GYY1PP98XZTQ\" target=\"_blank\" rel=\"noreferrer noopener\"><strong>Scandale d&rsquo;Etats : Il \u00e9tait une fois ELF, comment la France a pill\u00e9 le p\u00e9trole Africain<\/strong><\/a> (Le M\u00e9dia)<\/p>\n\n\n\n<p><mark style=\"background-color:rgba(0, 0, 0, 0);color:#ee0505\" class=\"has-inline-color\"><strong>11 ao\u00fbt<\/strong><\/mark><\/p>\n\n\n\n<p><strong>France<a><\/a><\/strong><\/p>\n\n\n\n<p><a><\/a><a href=\"https:\/\/www.boursorama.com\/actualite-economique\/actualites\/france-inflation-confirmee-a-4-3-sur-un-an-en-juillet-d21890bd0be77f68a5c0a6399e41e83d\">France : inflation confirm\u00e9e \u00e0 4,3% sur un an en juillet<\/a> (AFP) &nbsp;&nbsp;<\/p>\n\n\n\n<p><a href=\"https:\/\/www.boursorama.com\/actualite-economique\/actualites\/le-taux-de-chomage-quasi-stable-a-7-2-au-deuxieme-trimestre-selon-l-insee-1510bc76eafe544100a3c4b7c067fa91\">Le taux de ch\u00f4mage quasi stable \u00e0 7,2% au deuxi\u00e8me trimestre selon l&rsquo;Insee<\/a> (Reuters) &nbsp;&nbsp;<\/p>\n\n\n\n<p><a href=\"https:\/\/www.latribune.fr\/entreprises-finance\/banques-finance\/les-francais-continuent-a-piocher-dans-leurs-comptes-courants-pour-epargner-972783.html\">Les Fran\u00e7ais continuent \u00e0 piocher dans leurs comptes courants\u2026 Pour \u00e9pargner<\/a> (La Tribune)<\/p>\n\n\n\n<p><strong>Monde<a><\/a><\/strong><\/p>\n\n\n\n<p><a href=\"https:\/\/www.boursorama.com\/actualite-economique\/actualites\/liban-un-rapport-d-audit-releve-des-fautes-dans-la-gestion-de-la-banque-centrale-095177515ae92996406e2abab04af63f\">Liban&nbsp;: Un rapport d&rsquo;audit rel\u00e8ve des fautes dans la gestion de la banque centrale<\/a>(Reuters) &nbsp;&nbsp;<\/p>\n\n\n\n<p><a href=\"https:\/\/www.nextinpact.com\/lebrief\/1294\" target=\"_blank\" rel=\"noreferrer noopener\">11 banques condamn\u00e9es par la SEC, amende quotidienne pour Meta, NAS DS124 et DS224+<\/a>&nbsp; (Next INpact)<\/p>\n\n\n\n<p><a href=\"https:\/\/theconversation.com\/la-puissance-scientifique-et-technologique-chinoise-de-limitation-au-leadership-mondial-209768\" target=\"_blank\" rel=\"noreferrer noopener\">La puissance scientifique et technologique chinoise : de l\u2019imitation au leadership mondial<\/a> (The Conversation)<\/p>\n\n\n\n<p><a href=\"https:\/\/www.mediapart.fr\/journal\/economie-et-social\/100823\/les-etats-unis-intensifient-leur-guerre-technologique-contre-la-chine\" target=\"_blank\" rel=\"noreferrer noopener\">Les \u00c9tats-Unis intensifient leur guerre technologique contre la Chine<\/a> (M\u00e9diapart)<\/p>\n\n\n\n<p><strong>Analyse<\/strong><\/p>\n\n\n\n<p><a href=\"https:\/\/www.boursorama.com\/actualite-economique\/actualites\/petrole-la-demande-mondiale-va-atteindre-un-niveau-record-en-2023-selon-l-aie-9fb713f2d856423b96f3791641234d37\">P\u00e9trole : la demande mondiale va atteindre un niveau record en 2023, selon l&rsquo;AIE<\/a> (Boursorama)&nbsp;&nbsp;<\/p>\n\n\n\n<p><a href=\"https:\/\/www.lemonde.fr\/economie\/article\/2023\/08\/11\/canicules-le-prix-economique-eleve-de-l-inaction-climatique_6185138_3234.html\"><strong>Canicules&nbsp;: le prix \u00e9conomique \u00e9lev\u00e9 de l\u2019inaction climatique<\/strong><\/a> (Le Monde)<\/p>\n\n\n\n<p><mark style=\"background-color:rgba(0, 0, 0, 0);color:#ee0505\" class=\"has-inline-color\"><strong>10 ao\u00fbt<\/strong><\/mark><\/p>\n\n\n\n<p><strong>France<a><\/a><\/strong><\/p>\n\n\n\n<p><a href=\"https:\/\/www.liberation.fr\/checknews\/bruno-le-maire-se-trouve-t-il-aussi-en-conflit-dinterets-en-raison-de-lactivite-de-ses-freres-dans-la-finance-20230809_XZW34X4LTNAZLISFTIQSPTTOGY\/\"><strong>Bruno Le&nbsp;Maire en conflit d\u2019int\u00e9r\u00eats en raison de ses fr\u00e8res dans la finance&nbsp;?<\/strong><\/a><a> (Lib\u00e9ration<\/a>, en clair)<\/p>\n\n\n\n<p><a href=\"https:\/\/www.boursorama.com\/actualite-economique\/actualites\/armement-18-nouveaux-rafales-officiellement-commandes-avec-un-premier-paiement-effectue-par-l-indonesie-a2edb635d0700790e4ceb5a9b5bc1ee2\">Armement : 18 nouveaux rafales officiellement command\u00e9s<\/a> (Boursorama)&nbsp;&nbsp;<\/p>\n\n\n\n<p><a href=\"https:\/\/www.humanite.fr\/social-et-economie\/banques\/avec-la-hausse-des-taux-d-interet-les-banques-engrangent-sur-le-dos-des-menages-805607#xtor=RSS-1\" target=\"_blank\" rel=\"noreferrer noopener\">Avec la hausse des taux d\u2019int\u00e9r\u00eat, les banques engrangent sur le dos des m\u00e9nages<\/a> (L\u2019Humanit\u00e9)<\/p>\n\n\n\n<p><a href=\"https:\/\/lareleveetlapeste.fr\/a-saint-nazaire-un-projet-immobilier-de-8ha-va-remplacer-une-universite-et-inquiete-les-riverains\/\" target=\"_blank\" rel=\"noreferrer noopener\">\u00c0 Saint-Nazaire, un projet immobilier de 8ha va remplacer une universit\u00e9 et inqui\u00e8te les riverains<\/a> (La Rel\u00e8ve et La Peste)<\/p>\n\n\n\n<p><a href=\"https:\/\/www.60millions-mag.com\/2023\/08\/09\/prix-gonfles-faux-rabais-le-pire-des-soldes-d-ete-2023-21905\" target=\"_blank\" rel=\"noreferrer noopener\">Prix gonfl\u00e9s, faux rabais\u2026 le pire des soldes d\u2019\u00e9t\u00e9 2023<\/a> (60 Millions de Consommateurs)<\/p>\n\n\n\n<p><a href=\"https:\/\/www.mediapart.fr\/journal\/international\/080823\/le-numero-d-equilibriste-de-patrick-drahi-pour-seduire-le-monde-financier\">Le num\u00e9ro d\u2019\u00e9quilibriste de Patrick Drahi pour s\u00e9duire le monde financier<\/a> -Martine Orange (M\u00e9diapart)<\/p>\n\n\n\n<p><a href=\"https:\/\/redirection.b2b.infopro-digital.com\/lnk\/AWIAACBJs0UAAcXFDfAAAHnKuI0AAABZQTkAANzxAAwsSQBk0zDKQMgvG6MOQ7uxmsJWpW-c5gAMCy8\/9\/h7lLcN_5yGPAJIYo_yPBDQ\/aHR0cHM6Ly93d3cudXNpbmUtZGlnaXRhbGUuZnIvYXJ0aWNsZS9zZS1kZXNlbmRldHRlci1sYS1wcmlvcml0ZS1hYnNvbHVlLWRlLXBhdHJpY2stZHJhaGktcG91ci1hbHRpY2UtZnJhbmNlLWV0LXNmci5OMjE1OTY2MiN4dG9yPUVQUi00#xtor=EPR-4\" target=\"_blank\" rel=\"noreferrer noopener\">Se d\u00e9sendetter, la \u00ab\u00a0priorit\u00e9 absolue\u00a0\u00bb de Patrick Drahi pour Altice France et SFR<\/a> (Usine Digitale)<\/p>\n\n\n\n<p><a href=\"https:\/\/www.arretsurimages.net\/articles\/corruption-dans-le-groupe-altice-les-medias-drahi-trop-silencieux\" target=\"_blank\" rel=\"noreferrer noopener\">Corruption dans le groupe Altice, les m\u00e9dias Drahi trop silencieux ?<\/a> (Arr\u00eat sur images)<\/p>\n\n\n\n<p><a href=\"https:\/\/redirection.b2b.infopro-digital.com\/lnk\/AWoAACKYNNUAAcXFDewAAHnKuI0AAABZQUUAANzvAAwsSQBk0nSqbv30e4VPQXGTvNW_lKBU0QAMCy8\/7\/5IRunH5bTB67MAOt6qfe-A\/aHR0cHM6Ly93d3cudXNpbmVub3V2ZWxsZS5jb20vZWRpdG9yaWFsL2wtYWVyby1ldC1sZS1sdXhlLWNvbnRyaWJ1ZW50LWEtbGEtcmVkdWN0aW9uLWR1LWRlZmljaXQtZGUtbGEtYmFsYW5jZS1jb21tZXJjaWFsZS1hdS1wcmVtaWVyLXNlbWVzdHJlLTIwMjMuTjIxNTk1MjIjeHRvcj1FUFItMTY5#xtor=EPR-169\" target=\"_blank\" rel=\"noreferrer noopener\">L&rsquo;a\u00e9ro et le luxe contribuent \u00e0 la r\u00e9duction du d\u00e9ficit de la balance commerciale<\/a> (Usine Nouvelle)<\/p>\n\n\n\n<p><a href=\"https:\/\/www.lemonde.fr\/argent\/article\/2023\/08\/10\/prets-immobiliers-en-francs-suisses-apres-bnp-paribas-le-credit-mutuel-condamne_6184995_1657007.html\">Pr\u00eats immobiliers en francs suisses&nbsp;: apr\u00e8s BNP Paribas, le Cr\u00e9dit mutuel condamn\u00e9<\/a> (Le Monde)<a href=\"https:\/\/www.liberation.fr\/economie\/pourquoi-les-prix-du-carburant-repartent-a-la-hausse-20230809_2XS6MI6VVJARTHZ5HRIUBHG53U\/\"><\/a><\/p>\n\n\n\n<p><a href=\"https:\/\/www.liberation.fr\/economie\/pourquoi-les-prix-du-carburant-repartent-a-la-hausse-20230809_2XS6MI6VVJARTHZ5HRIUBHG53U\/\">Pourquoi les prix du carburant repartent \u00e0 la hausse<\/a> (Lib\u00e9ration)<\/p>\n\n\n\n<p><a href=\"https:\/\/www.alternatives-economiques.fr\/restaurants-boudent-bio\/00107725\" target=\"_blank\" rel=\"noreferrer noopener\">Pourquoi les restaurants boudent le bio<\/a> (Alter \u00e9co)<\/p>\n\n\n\n<p><strong>Monde<\/strong><\/p>\n\n\n\n<p><a href=\"https:\/\/www.boursorama.com\/actualite-economique\/actualites\/l-ue-va-examiner-les-restrictions-us-sur-les-investissements-technologiques-en-chine-5e85f6b88399f6eea4df91e15f32ba1b\">L&rsquo;UE va examiner les restrictions US sur les investissements technologiques en Chine<\/a> (Reuters) &nbsp;&nbsp;<\/p>\n\n\n\n<p><a href=\"https:\/\/www.boursorama.com\/actualite-economique\/actualites\/biden-signe-un-decret-limitant-les-investissements-technologiques-us-en-chine-063a728e263ea624303407c1e8691be0\">Biden signe un d\u00e9cret limitant les investissements technologiques US en Chine<\/a> (Reuters) &nbsp;&nbsp;<\/p>\n\n\n\n<p><a href=\"https:\/\/www.boursorama.com\/actualite-economique\/actualites\/la-bce-face-au-ralentissement-economique-de-l-allemagne-1c33680b6af29cf785c97f2c82662169\">La BCE face au ralentissement \u00e9conomique de l&rsquo;Allemagne<\/a> (Reuters) &nbsp;&nbsp;<\/p>\n\n\n\n<p><a href=\"https:\/\/www.boursorama.com\/actualite-economique\/actualites\/chute-du-rouble-la-banque-centrale-russe-suspend-ses-achats-de-devises-b0781d56615f465c07b2087d2dd26fc4\">Chute du rouble : la Banque centrale russe suspend ses achats de devises<\/a> (AFP) &nbsp;&nbsp;<\/p>\n\n\n\n<p><a href=\"https:\/\/www.boursorama.com\/actualite-economique\/actualites\/gaz-en-europe-les-prix-repassent-au-dessus-de-la-barre-des-40-euros-1925ef53b5aab8bc834f8f3555720ff9\">Gaz : en Europe, les prix repassent au-dessus de la barre des 40 euros<\/a> (Boursorama)&nbsp;&nbsp;<\/p>\n\n\n\n<p><a href=\"https:\/\/www.boursorama.com\/actualite-economique\/actualites\/petrole-les-cours-du-brent-et-du-wti-remontent-atteignent-leur-plus-haut-depuis-le-debut-de-l-annee-1437ed2995ff4fe1b396eed7a9e0f94d\">P\u00e9trole : les cours du Brent et du WTI remontent atteignent leur plus haut depuis le d\u00e9but de l&rsquo;ann\u00e9e<\/a> (Boursorama)&nbsp;&nbsp;<\/p>\n\n\n\n<p><a href=\"https:\/\/www.alternatives-economiques.fr\/mediterranee-guerre-fret-maritime-aiguise-appetits-ports\/00107492\" target=\"_blank\" rel=\"noreferrer noopener\">En M\u00e9diterran\u00e9e, la guerre du fret maritime aiguise les app\u00e9tits des ports<\/a>&nbsp;(Alter \u00e9co)<\/p>\n\n\n\n<p><a href=\"https:\/\/www.mediapart.fr\/journal\/international\/090823\/rome-fait-deja-marche-arriere-sur-la-taxe-bancaire\" target=\"_blank\" rel=\"noreferrer noopener\">Rome fait d\u00e9j\u00e0 marche arri\u00e8re sur la taxe bancaire<\/a> (M\u00e9diapart)<\/p>\n\n\n\n<p><a href=\"https:\/\/link.newsletter.franceculture.fr\/m\/ml\/7429\/816950\/Pk9XlPQ4X0PXYxOdajbUN29C5lXTLJmivm821gAfcU8=\/ompEECnweWzH8P5I3lPZqwzj2lo2EWusIKC2SegPkks=\/\" target=\"_blank\" rel=\"noreferrer noopener\">\u00c9tats-Unis : \u00ab\u00a0Bidenomics\u00a0\u00bb, un nouveau deal payant pour Joe Biden&nbsp;?<\/a> (France Culture)<\/p>\n\n\n\n<p><a href=\"https:\/\/redirection.b2b.infopro-digital.com\/lnk\/AW8AACJo7A4AAcXFDgQAAHnKuI0AAABZQUUAANz4AAwsSQBk02L64n6JcHtGQdCc1-iYkWCyoAAMCy8\/3\/sUzokqqfisOKFdi6O_4pqw\/aHR0cHM6Ly93d3cudXNpbmVub3V2ZWxsZS5jb20vYXJ0aWNsZS9sZS1wcmVtaWVyLXZvbC1kLWFyaWFuZS02LW4tYXVyYS1wYXMtbGlldS1hdmFudC0yMDI0LWFubm9uY2UtbC1lc2EuTjIxNTk3NTcjeHRvcj1FUFItNDY5#xtor=EPR-469\" target=\"_blank\" rel=\"noreferrer noopener\">Le premier vol d&rsquo;Ariane 6 n&rsquo;aura pas lieu avant 2024, annonce l&rsquo;ESA<\/a> (Usine Nouvelle)<\/p>\n\n\n\n<p><a href=\"https:\/\/redirection.b2b.infopro-digital.com\/lnk\/AWIAACBJs0UAAcXFDfAAAHnKuI0AAABZQTkAANzxAAwsSQBk0zDKQMgvG6MOQ7uxmsJWpW-c5gAMCy8\/17\/m5kTlC8ZhYZsGLy_qTSZHw\/aHR0cHM6Ly93d3cudXNpbmUtZGlnaXRhbGUuZnIvYXJ0aWNsZS96b29tLXV0aWxpc2FpdC1sZS1jb250ZW51LWRlcy12aXNpb2NvbmZlcmVuY2VzLXBvdXItZW50cmFpbmVyLXNlcy1tb2RlbGVzLWQtaWEtYS1sLWluc3UtZGUtc2VzLWNsaWVudHMuTjIxNTk2NjcjeHRvcj1FUFItNA#xtor=EPR-4\" target=\"_blank\" rel=\"noreferrer noopener\">Zoom utilisait le contenu des visioconf\u00e9rences pour entra\u00eener ses mod\u00e8les d&rsquo;IA \u00e0 l&rsquo;insu de ses clients<\/a> (Usine Digitale)<\/p>\n\n\n\n<p><a href=\"https:\/\/redirection.b2b.infopro-digital.com\/lnk\/AWIAACBJs0UAAcXFDfAAAHnKuI0AAABZQTkAANzxAAwsSQBk0zDKQMgvG6MOQ7uxmsJWpW-c5gAMCy8\/22\/2cGfPJpTWMGjcSM1ny7BJw\/aHR0cHM6Ly93d3cudXNpbmUtZGlnaXRhbGUuZnIvYXJ0aWNsZS9ibnAtcGFyaWJhcy1ldC1zb2NpZXRlLWdlbmVyYWxlLWVjb3BlbnQtZC1hbWVuZGVzLWRlLTExMC1taWxsaW9ucy1kZS1kb2xsYXJzLWRhbnMtbC1hZmZhaXJlLXdoYXRzYXBwLk4yMTU5NjkyI3h0b3I9RVBSLTQ#xtor=EPR-4\" target=\"_blank\" rel=\"noreferrer noopener\">L&rsquo;usage de Whatsapp vaut de lourdes amendes \u00e0 BNP et Soci\u00e9t\u00e9 G\u00e9n\u00e9rale aux USA<\/a> (Usine Digitale)<\/p>\n\n\n\n<p><a href=\"https:\/\/www.infogm.org\/7844-ogm-forcing-politique-de-industrie-biotech\" target=\"_blank\" rel=\"noreferrer noopener\">Industrie des biotech : le forcing politique<\/a> (Inf\u2019OGM)<\/p>\n\n\n\n<p><strong>Analyse<\/strong><\/p>\n\n\n\n<p><a href=\"https:\/\/www.lemonde.fr\/economie\/article\/2023\/08\/09\/les-groupes-du-cac-40-affichent-encore-une-sante-de-fer_6184876_3234.html\"><strong>Les groupes du CAC 40&nbsp;affichent encore une sant\u00e9 de fer<\/strong><\/a> (Le Monde)<\/p>\n\n\n\n<p><a href=\"https:\/\/elucid.media\/societe\/demographie-8-milliards-habitants-terre-espece-humaine\">8 milliards d&rsquo;habitants sur Terre : jusqu&rsquo;o\u00f9 ira l&rsquo;esp\u00e8ce humaine ?<\/a> (Elucid, acc\u00e8s libre)<\/p>\n\n\n\n<p><a href=\"https:\/\/blogs.mediapart.fr\/point-de-bascule\/blog\/090823\/la-preuve-par-bernard-arnault-et-l-irlande\"><strong>In\u00e9galit\u00e9s&nbsp;: la preuve par Bernard Arnault et l\u2019Irlande<\/strong><\/a>&nbsp;(Blog du \u2018Point de Bascule\u2019)<\/p>\n\n\n\n<p><a href=\"https:\/\/blogs.mediapart.fr\/mouais-le-journal-dubitatif\/blog\/080823\/hydrogene-le-nouveau-colonialisme-vert-en-afrique-du-nord\"><strong>Hydrog\u00e8ne : le nouveau colonialisme \u2018vert\u2019 en Afrique du Nord<\/strong><\/a>(Mouais, le journal dubitatif)<\/p>\n\n\n\n<p><a href=\"https:\/\/www.alternatives-economiques.fr\/slogan\/00107629\" target=\"_blank\" rel=\"noreferrer noopener\">Slogan<\/a>&nbsp;BD \u2018<em>Isadora au pays du management\u2019<\/em>&nbsp;par Fabrice Erre (Alter \u00e9co)<\/p>\n\n\n\n<p><a href=\"https:\/\/www.alternatives-economiques.fr\/louis-blanc-a-chacun-selon-besoins\/00107582\" target=\"_blank\" rel=\"noreferrer noopener\">Louis Blanc : \u00ab A chacun selon ses besoins\u2026 \u00bb<\/a>&nbsp; par Herv\u00e9 Nathan (Alter \u00e9co)<\/p>\n\n\n\n<p><mark style=\"background-color:rgba(0, 0, 0, 0);color:#ee0505\" class=\"has-inline-color\"><strong>8 ao\u00fbt<\/strong><\/mark><\/p>\n\n\n\n<p><strong>France<a><\/a><\/strong><\/p>\n\n\n\n<p><a href=\"https:\/\/www.boursorama.com\/actualite-economique\/actualites\/altice-france-drahi-se-donne-comme-seule-priorite-d-alleger-la-dette-92e7bdaea9c71f0836a591d58de5391a\">Altice France : Drahi se donne comme \u00ab\u00a0seule priorit\u00e9\u00a0\u00bb d&rsquo;all\u00e9ger la dette<\/a> (AFP) &nbsp;&nbsp;<\/p>\n\n\n\n<p><a href=\"https:\/\/www.lemonde.fr\/politique\/article\/2023\/08\/08\/bernard-arnault-et-les-politiques-la-puissance-d-un-groupe-au-c-ur-de-la-republique_6184752_823448.html\"><strong>Bernard Arnault et les politiques, la puissance d\u2019un groupe au c\u0153ur de la R\u00e9publique<\/strong><\/a> (Le Monde)<\/p>\n\n\n\n<p><a href=\"https:\/\/www.lemonde.fr\/politique\/article\/2023\/08\/07\/comment-bernard-arnault-l-homme-le-plus-riche-du-monde-etend-son-empire-au-dela-du-luxe_6184672_823448.html\">Comment Bernard Arnault, l\u2019homme le plus riche du monde, \u00e9tend son empire au-del\u00e0 du luxe<\/a> (Le Monde)<\/p>\n\n\n\n<p><a href=\"https:\/\/www.lemonde.fr\/economie\/article\/2023\/08\/07\/daniel-kretinsky-nouveau-poids-lourd-de-l-emploi-en-france_6184669_3234.html\">Daniel Kretinsky, nouveau poids lourd de l\u2019emploi en France<\/a> (Le Monde)<\/p>\n\n\n\n<p><a href=\"https:\/\/www.boursorama.com\/actualite-economique\/actualites\/france-le-deficit-commercial-sur-les-biens-se-reduit-a-54-milliards-d-euros-au-premier-semestre-06eb03e1b55594208544acf081b3fbc0\">France : le d\u00e9ficit commercial sur les biens se r\u00e9duit \u00e0 54 mds \u20ac au premier semestre<\/a> (AFP) &nbsp;&nbsp;<\/p>\n\n\n\n<p><a href=\"https:\/\/www.alternatives-economiques.fr\/dialogue-social-plateformes-uberises-ne-rien-venir\/00107563\" target=\"_blank\" rel=\"noreferrer noopener\">Dialogue social dans les plateformes : les ub\u00e9ris\u00e9s ne voient rien venir<\/a>&nbsp;(Alter \u00e9co)<\/p>\n\n\n\n<p><a href=\"https:\/\/r.info.newsletter-dgtresor.fr\/mk\/cl\/f\/sh\/6rqJfgq8dINmO7oIiP6yOxWKDCL\/IkzUrxGIrrdB\" target=\"_blank\" rel=\"noreferrer noopener\">Un objectif de d\u00e9ficit public tenu en 2022 malgr\u00e9 la crise \u00e9nerg\u00e9tique<\/a> (Tr\u00e9sor-\u00e9co)<\/p>\n\n\n\n<p><a><\/a><a href=\"https:\/\/common.indigo-net.com\/lib\/cookie_log\/redirector.asp?mail=n.chevillard@noos.fr&amp;ID=549853&amp;DOCIID=109703480&amp;ENAIID=824023&amp;RETOUR=SIMPLE&amp;link=https:\/\/www.africaintelligence.fr\/afrique-ouest\/2023\/04\/27\/de-niamey-a-lagos-sur-les-traces-des-millions-perdus-d-areva-dans-l-uranium-gate,109948903-eve?cxt=PUB&amp;utm_source=AIF&amp;utm_medium=email&amp;utm_campaign=AUTO_EDIT_SOM\" target=\"_blank\" rel=\"noreferrer noopener\">De Niamey \u00e0 Lagos, sur les traces des millions perdus d&rsquo;Areva dans \u00ab\u00a0l&rsquo;Uranium Gate\u00a0\u00bb<\/a> (Africa Intelligence)<\/p>\n\n\n\n<p><strong>Monde<a><\/a><\/strong><\/p>\n\n\n\n<p><a href=\"https:\/\/www.boursorama.com\/actualite-economique\/actualites\/plus-forte-degringolade-des-exportations-chinoises-depuis-2020-301e1fd369b3d59c6bbb49cc37d395f3\">Plus forte d\u00e9gringolade des exportations chinoises depuis 2020<\/a> (AFP) &nbsp;&nbsp;<\/p>\n\n\n\n<p><a href=\"https:\/\/redirection.b2b.infopro-digital.com\/lnk\/AUgAACDB6KoAAcXFDbIAAHnKuI0AAABZQTkAANzxAAwsSQBk0d_91yYm826XTPOBHCjZAGvpbQAMCy8\/34\/U6Ly8NGf5ZYKXHqMAhCzog\/aHR0cHM6Ly93d3cudXNpbmUtZGlnaXRhbGUuZnIvYXJ0aWNsZS90aWt0b2stYmllbnRvdC1zYW5jdGlvbm5lLWVuLWV1cm9wZS1wb3VyLXZpb2xhdGlvbi1kZS1sYS12aWUtcHJpdmVlLWRlcy1lbmZhbnRzLk4yMTU5MjkyI3h0b3I9RVBSLTQ#xtor=EPR-4\" target=\"_blank\" rel=\"noreferrer noopener\">TikTok bient\u00f4t sanctionn\u00e9 en Europe pour violation de la vie priv\u00e9e des enfants<\/a> (Usine Digitale)<\/p>\n\n\n\n<p><a href=\"https:\/\/www.rfi.fr\/fr\/europe\/20230808-l-italie-taxe-les-superprofits-des-banques-et-provoque-leur-d%C3%A9gringolade-en-bourse\">L&rsquo;Italie taxe les superprofits des banques et provoque leur d\u00e9gringolade en Bourse<\/a> (RFI)<\/p>\n\n\n\n<p><a href=\"https:\/\/www.boursorama.com\/actualite-economique\/actualites\/hausse-des-taux-d-interet-l-italie-annonce-une-taxe-a-40-des-surprofits-des-banques-66ad4ea696ba1a5e74634b30ae2e819c\">L\u2019Italie annonce une taxe \u00e0 40% des \u00ab\u00a0surprofits\u00a0\u00bb des banques<\/a> (Boursorama)&nbsp;&nbsp;<\/p>\n\n\n\n<p><a href=\"https:\/\/www.lemonde.fr\/international\/article\/2023\/08\/06\/la-flotte-fantome-enquete-sur-les-nouvelles-routes-du-petrole-russe_6184606_3210.html\">La flotte fant\u00f4me&nbsp;: enqu\u00eate sur les nouvelles routes du p\u00e9trole russe<\/a> (Le Monde)<\/p>\n\n\n\n<p><a href=\"https:\/\/www.nextinpact.com\/article\/72201\/ariane-6-deux-pas-en-avant-pas-en-arriere\" target=\"_blank\" rel=\"noreferrer noopener\">Ariane 6 : deux pas en avant, un pas en arri\u00e8re\u2026<\/a> (Next INpact)<\/p>\n\n\n\n<p><strong>Analyse<\/strong><\/p>\n\n\n\n<p><a href=\"https:\/\/www.cadtm.org\/Resister-au-Systeme-Dette\" target=\"_blank\" rel=\"noreferrer noopener\">R\u00e9sister au Syst\u00e8me Dette<\/a> (CADTM)<\/p>\n\n\n\n<p><a href=\"https:\/\/r.info.newsletter-dgtresor.fr\/mk\/cl\/f\/sh\/6rqJfgq8dINmO7oIiP6yOxWKDCL\/JH-Ut9-rf6IM\" target=\"_blank\" rel=\"noreferrer noopener\">Quels facteurs de reconfiguration des cha\u00eenes de valeur mondiales ?<\/a> (Tr\u00e9sor-\u00e9co)<\/p>\n\n\n\n<p><a href=\"https:\/\/www.lemonde.fr\/societe\/article\/2023\/08\/04\/le-taux-de-natalite-en-france-a-baisse-de-7-au-premier-semestre-2023_6184482_3224.html\">Le taux de natalit\u00e9 en France a baiss\u00e9 de 7&nbsp;% au premier semestre<\/a> (Le Monde)<\/p>\n\n\n\n<p><mark style=\"background-color:rgba(0, 0, 0, 0);color:#ee0505\" class=\"has-inline-color\"><strong>7 ao\u00fbt<\/strong><\/mark><\/p>\n\n\n\n<p><strong>France<a><\/a><\/strong><\/p>\n\n\n\n<p><a><\/a><a href=\"https:\/\/www.boursorama.com\/bourse\/actualites\/affaire-altice-drahi-s-estime-trahi-par-quelques-individus-2c4f8427759a437bd04f1caae8508315\">Affaire Altice : Drahi s&rsquo;estime \u00ab\u00a0trahi\u00a0\u00bb par quelques individus<\/a> (AFP) &nbsp;&nbsp;<\/p>\n\n\n\n<p><a href=\"https:\/\/reflets.info\/articles\/altice-le-conte-defait\" target=\"_blank\" rel=\"noreferrer noopener\">Altice, le conte d\u00e9fait<\/a> (Reflets.info)<\/p>\n\n\n\n<p><a href=\"https:\/\/redirection.b2b.infopro-digital.com\/lnk\/AU4AACDLqQgAAcXFDagAAHnKuI0AAABZQUUAANzvAAwsSQBk0SMNk2D_jX6tRc6rAF7nA7IskAAMCy8\/7\/P_xQJC86zgdN405hccMZsw\/aHR0cHM6Ly93d3cudXNpbmVub3V2ZWxsZS5jb20vYXJ0aWNsZS9kZS1sLWVuZXJnaWUtYS1sLWluZm9nZXJhbmNlLWNvbW1lbnQtZGFuaWVsLWtyZXRpbnNreS1kaXZlcnNpZmllLXNvbi1lbXBpcmUtaW5kdXN0cmllbC5OMjE1ODk0NyN4dG9yPUVQUi0xNjk#xtor=EPR-169\" target=\"_blank\" rel=\"noreferrer noopener\">De l&rsquo;\u00e9nergie \u00e0 l&rsquo;infog\u00e9rance, comment Daniel Kretinsky diversifie son empire industriel<\/a> (Usine Nouvelle)<\/p>\n\n\n\n<p><a href=\"https:\/\/redirection.b2b.infopro-digital.com\/lnk\/AU4AACDLqQgAAcXFDagAAHnKuI0AAABZQUUAANzvAAwsSQBk0SMNk2D_jX6tRc6rAF7nA7IskAAMCy8\/17\/uRzYGFwra08erslc3IjTUw\/aHR0cHM6Ly93d3cudXNpbmVub3V2ZWxsZS5jb20vYXJ0aWNsZS9wb3VyLWZpbmFuY2VyLWxlLWZlcnJvdmlhaXJlLWNsZW1lbnQtYmVhdW5lLWFubm9uY2UtdW4tcmVuZm9yY2VtZW50LWRlLWxhLXRheGUtc3VyLWxlcy1iaWxsZXRzLWQtYXZpb24tZW4tMjAyNC5OMjE1OTM0MiN4dG9yPUVQUi0xNjk#xtor=EPR-169\" target=\"_blank\" rel=\"noreferrer noopener\">Augmentation de la taxe sur les billets d\u2019avion en 2024<\/a> (Usine Nouvelle)<\/p>\n\n\n\n<p><a href=\"https:\/\/www.boursorama.com\/actualite-economique\/actualites\/conflits-d-interets-bruno-le-maire-ne-s-occupera-plus-des-sujets-lies-a-aeroports-de-paris-dda35470cfb24b9b4753acc89c94382d\">Conflits d&rsquo;int\u00e9r\u00eats : Bruno Le Maire ne s&rsquo;occupera plus des sujets li\u00e9s \u00e0 A\u00e9roports de Paris<\/a> (Boursorama)&nbsp;&nbsp;<\/p>\n\n\n\n<p><a href=\"https:\/\/www.alternatives-economiques.fr\/on-se-payer-piscines-municipales\/00107741\" target=\"_blank\" rel=\"noreferrer noopener\">Peut-on encore se payer des piscines municipales ?<\/a> (Alter \u00e9co)<\/p>\n\n\n\n<p><a href=\"https:\/\/www.boursorama.com\/actualite-economique\/actualites\/la-france-suspend-ses-aides-au-developpement-au-burkina-faso-quai-d-orsay-59590316b20a6ad4f532bc38e92ed37d\">La France suspend ses aides au d\u00e9veloppement au Burkina Faso<\/a> (Reuters) &nbsp;&nbsp;<\/p>\n\n\n\n<p><strong>Monde<a><\/a><\/strong><\/p>\n\n\n\n<p><a href=\"https:\/\/common.indigo-net.com\/lib\/cookie_log\/redirector.asp?mail=n.chevillard@noos.fr&amp;ID=549841&amp;DOCIID=109703480&amp;ENAIID=824012&amp;RETOUR=SIMPLE&amp;link=https:\/\/www.africaintelligence.fr\/afrique-ouest\/2023\/08\/07\/coup-d-etat--branle-bas-de-combat-chez-les-miniers,110010595-art?utm_source=AIF&amp;utm_medium=email&amp;utm_campaign=PROS_EDIT_ART\" target=\"_blank\" rel=\"noreferrer noopener\">Coup d&rsquo;Etat au Niger : branle-bas de combat chez les miniers<\/a> (Africa Intelligence)<\/p>\n\n\n\n<p><a href=\"https:\/\/www.boursorama.com\/actualite-economique\/actualites\/comme-londres-new-york-veut-un-peage-urbain-pour-reduire-les-embouteillages-et-la-pollution-65f2da8e6418be4db82a21d4252cfd16\">Comme Londres, New York veut un p\u00e9age urbain pour r\u00e9duire les embouteillages et la pollution<\/a> (AFP) &nbsp;&nbsp;<\/p>\n\n\n\n<p><a href=\"https:\/\/www.boursorama.com\/actualite-economique\/actualites\/debacle-dans-l-eolien-la-facture-s-alourdit-a-3-milliards-d-euros-pour-siemens-energy-66c030a1046a565dc3f7518b89f24f0a\">D\u00e9b\u00e2cle dans l&rsquo;\u00e9olien : la facture s&rsquo;alourdit \u00e0 3 milliards d&rsquo;euros pour Siemens Energy<\/a> (Boursorama)&nbsp;&nbsp;<\/p>\n\n\n\n<p><a href=\"https:\/\/www.boursorama.com\/actualite-economique\/actualites\/la-fed-pourrait-commencer-a-baisser-ses-taux-l-an-prochain-williams-33b3e46b90049f91132bb93247b47a66\">La Fed pourrait commencer \u00e0 baisser ses taux l&rsquo;an prochain-Williams<\/a> (Reuters) &nbsp;&nbsp;<\/p>\n\n\n\n<p><a href=\"https:\/\/www.boursorama.com\/actualite-economique\/actualites\/allemagne-la-production-industrielle-baisse-de-1-5-en-juin-2cfa2d6ef54eb6c7cadbceabf24449c0\">Allemagne : La production industrielle baisse de 1,5% en juin<\/a> (Reuters) &nbsp;&nbsp;<\/p>\n\n\n\n<p><a href=\"https:\/\/redirection.b2b.infopro-digital.com\/lnk\/AWcAACLr50UAAcXFDWgAAHnKuI0AAABZQTkAANzxAAwsSQBk0I1kvNWyyg3WTUilZEYdznPgMQAMCy8\/30\/BcXpxEUZxAqGd3QhGTAEKA\/aHR0cHM6Ly93d3cudXNpbmUtZGlnaXRhbGUuZnIvYXJ0aWNsZS9hcHJlcy1sZXMtcGxhbnMtc29jaWF1eC1sZXMtcHJvZml0cy1kLWFtYXpvbi1zLWVudm9sZW50Lk4yMTU4OTcyI3h0b3I9RVBSLTQ#xtor=EPR-4\" target=\"_blank\" rel=\"noreferrer noopener\">Apr\u00e8s les plans sociaux, les profits d&rsquo;Amazon s&rsquo;envolent<\/a> (Usine Digitale)<\/p>\n\n\n\n<p><strong>Analyse<\/strong><\/p>\n\n\n\n<p><a href=\"https:\/\/www.alternatives-economiques.fr\/leconomie-sociale-solidaire-na-gagne-bataille-idees\/00107481\" target=\"_blank\" rel=\"noreferrer noopener\">L&rsquo;\u00e9conomie sociale et solidaire n&rsquo;a pas gagn\u00e9 la bataille des id\u00e9es, mais son r\u00f4le a progress\u00e9<\/a>&nbsp;(Alter \u00e9co)<\/p>\n\n\n\n<p><a href=\"https:\/\/www.boursorama.com\/actualite-economique\/actualites\/analyse-l-ia-sera-t-elle-une-benediction-ou-une-malediction-economique-fe3df80d62219529b46a4f110167e9dc\">L&rsquo;IA sera-t-elle une b\u00e9n\u00e9diction ou une mal\u00e9diction \u00e9conomique ?<\/a> (Reuters) &nbsp;&nbsp;<\/p>\n\n\n\n<p><mark style=\"background-color:rgba(0, 0, 0, 0);color:#ee0505\" class=\"has-inline-color\"><strong>6 ao\u00fbt<\/strong><\/mark><\/p>\n\n\n\n<p><strong>France<a><\/a><\/strong><\/p>\n\n\n\n<p><a href=\"https:\/\/www.arretsurimages.net\/articles\/europe-1-i-tele-le-jdd-on-ne-gagne-pas-contre-bollore\" target=\"_blank\" rel=\"noreferrer noopener\">\u00ab\u00a0Europe 1\u00a0\u00bb, \u00ab\u00a0i-T\u00e9l\u00e9\u00a0\u00bb, \u00ab\u00a0Le JDD\u00a0\u00bb: \u00ab\u00a0On ne gagne pas contre Bollor\u00e9\u00a0\u00bb<\/a> (Arr\u00eat sur images)<\/p>\n\n\n\n<p><a href=\"https:\/\/www.alternatives-economiques.fr\/bas-salaires-prix-eleves-aides-publiques-entreprises-defende\/00107695?utm_source=emailing&amp;utm_medium=email&amp;utm_content=04082023&amp;utm_campaign=hebdo\"><strong>Bas salaires, prix \u00e9lev\u00e9s, aides publiques\u2026 Comment les entreprises d\u00e9fendent leurs profits<\/strong><\/a> (Alter \u00e9co)<\/p>\n\n\n\n<p><a href=\"https:\/\/www.humanite.fr\/social-et-economie\/amazon\/la-fuite-en-avant-d-amazon-805106#xtor=RSS-1\" target=\"_blank\" rel=\"noreferrer noopener\">La fuite en avant d\u2019Amazon&nbsp;<\/a> (L\u2019Humanit\u00e9)<\/p>\n\n\n\n<p><a href=\"https:\/\/www.alternatives-economiques.fr\/naussac-barrage-lozerien-convoite-un-pays-entier\/00107729\" target=\"_blank\" rel=\"noreferrer noopener\">Naussac, le barrage loz\u00e9rien convoit\u00e9 par un pays tout entier<\/a> (Alter \u00e9co)<\/p>\n\n\n\n<p><strong>Monde<a><\/a><\/strong><\/p>\n\n\n\n<p><a href=\"https:\/\/www.alternatives-economiques.fr\/pression-russe-dependance-africaine-nouvelle-geopolitique-cereale\/00107713?utm_source=emailing&amp;utm_medium=email&amp;utm_content=04082023&amp;utm_campaign=hebdo\">Pression russe, d\u00e9pendance africaine&nbsp;: la nouvelle g\u00e9opolitique des c\u00e9r\u00e9ales<\/a> (Alter \u00e9co)<\/p>\n\n\n\n<p><strong>Analyse<\/strong><\/p>\n\n\n\n<p><strong><a href=\"https:\/\/www.mediapart.fr\/journal\/economie-et-social\/050823\/henryk-grossman-replacer-la-lutte-de-classes-au-coeur-de-la-crise-capitaliste\" target=\"_blank\" rel=\"noreferrer noopener\">Henryk Grossman, replacer la lutte de classes au c\u0153ur de la crise capitaliste<\/a> <\/strong>(M\u00e9diapart)<\/p>\n\n\n\n<p><mark style=\"background-color:rgba(0, 0, 0, 0);color:#ee0505\" class=\"has-inline-color\"><strong>4 ao\u00fbt<\/strong><\/mark><\/p>\n\n\n\n<p><strong>France<\/strong><\/p>\n\n\n\n<p><a href=\"https:\/\/www.lesechos.fr\/economie-france\/social\/lemploi-prive-continue-de-croitre-en-france-mais-moins-vite-1968102\">La croissance de l&#8217;emploi priv\u00e9 marque le pas en France<\/a> (Les Echos)<\/p>\n\n\n\n<p><a href=\"https:\/\/www.60millions-mag.com\/2023\/07\/31\/la-course-aux-profits-premiere-cause-de-l-inflation-21854\">La course aux profits, premi\u00e8re cause de l\u2019inflation<\/a>&nbsp; (60 millions de conso)<\/p>\n\n\n\n<p><a href=\"https:\/\/www.boursorama.com\/actualite-economique\/actualites\/france-la-production-industrielle-recule-de-0-9-en-juin-insee-ff4845624f27175cda1e1ed0ae51a552\">France: la production industrielle recule de 0,9% en juin (Insee)<\/a> (AFP) &nbsp;&nbsp;<\/p>\n\n\n\n<p><strong><a href=\"https:\/\/www.humanite.fr\/politique\/lobbyng\/alliance-fnsea-total-uber-comment-les-lobbies-ont-pris-le-pouvoir-dans-les-ministeres-805082#xtor=RSS-1\" target=\"_blank\" rel=\"noreferrer noopener\"><strong>Alliance, FNSEA, Total, Uber : comment les lobbies ont pris le pouvoir dans les minist\u00e8res<\/strong><\/a><\/strong> &nbsp;(L\u2019Humanit\u00e9)<\/p>\n\n\n\n<p><strong><a href=\"https:\/\/reflets.info\/articles\/altice-patrick-drahi-est-il-lache-par-le-systeme\" target=\"_blank\" rel=\"noreferrer noopener\">Altice : Patrick Drahi est-il l\u00e2ch\u00e9 par le syst\u00e8me ?<\/a><\/strong> (Reflets.info)<\/p>\n\n\n\n<p><strong>Monde<a><\/a><\/strong><\/p>\n\n\n\n<p><a href=\"https:\/\/www.boursorama.com\/actualite-economique\/actualites\/zone-euro-les-ventes-au-detail-reculent-de-1-4-en-juin-2bb2d61b75b9f457f0aad89946492b84\">Zone euro: Les ventes au d\u00e9tail reculent de 1,4% en juin<\/a> (Reuters) &nbsp;&nbsp;<\/p>\n\n\n\n<p><a href=\"https:\/\/www.boursorama.com\/actualite-economique\/actualites\/la-bce-estime-que-l-inflation-sous-jacente-a-atteint-son-pic-aa2b9718a18bf0540a7dd4be7196f7db\">La BCE estime que l&rsquo;inflation sous-jacente a atteint son pic<\/a> (Reuters) &nbsp;&nbsp;<\/p>\n\n\n\n<p><a href=\"https:\/\/www.boursorama.com\/actualite-economique\/actualites\/leger-rebond-des-prix-alimentaires-mondiaux-tires-par-la-fin-de-l-accord-en-mer-noire-ed4009be8b748cafe4c01121bfed9d39\">L\u00e9ger rebond des prix alimentaires mondiaux, tir\u00e9s par la fin de l&rsquo;accord en mer Noire<\/a> (AFP) &nbsp;&nbsp;<\/p>\n\n\n\n<p><a href=\"https:\/\/www.boursorama.com\/actualite-economique\/actualites\/la-russie-double-ses-depenses-militaires-prevues-en-2023-18a9d1bd722b5543efffa48aa96fcce6\">La Russie double ses d\u00e9penses militaires pr\u00e9vues en 2023<\/a> (Reuters) &nbsp;&nbsp;<\/p>\n\n\n\n<p><a href=\"https:\/\/www.boursorama.com\/actualite-economique\/actualites\/allemagne-bond-inattendu-des-commandes-a-l-industrie-en-juin-5a566e166b665d4065e6cb0780b089cf\">Allemagne: Bond inattendu des commandes \u00e0 l&rsquo;industrie en juin<\/a> (Reuters) &nbsp;&nbsp;<\/p>\n\n\n\n<p><a href=\"https:\/\/www.mediapart.fr\/journal\/economie-et-social\/030823\/l-economie-mondiale-n-est-pas-sortie-de-l-orniere\" target=\"_blank\" rel=\"noreferrer noopener\"><strong>L\u2019\u00e9conomie mondiale n\u2019est pas sortie de l\u2019orni\u00e8re<\/strong><\/a> (M\u00e9diapart)<\/p>\n\n\n\n<p><a href=\"https:\/\/www.equaltimes.org\/en-guinee-le-long-combat-des\" target=\"_blank\" rel=\"noreferrer noopener\">En Guin\u00e9e, le long combat des ouvriers de la bauxite et de leurs familles pour toucher leur pension<\/a> (Equal Times)<\/p>\n\n\n\n<p><strong>Analyse<\/strong><\/p>\n\n\n\n<p><a href=\"https:\/\/theconversation.com\/industrialiser-lafrique-oui-mais-comment-210211\" target=\"_blank\" rel=\"noreferrer noopener\">Industrialiser l\u2019Afrique : oui mais comment ?<\/a> &nbsp;(The Conversation)<\/p>\n\n\n\n<p><mark style=\"background-color:rgba(0, 0, 0, 0);color:#ee0505\" class=\"has-inline-color\"><strong>2 ao\u00fbt<\/strong><\/mark><\/p>\n\n\n\n<p><strong>France<a><\/a><\/strong><\/p>\n\n\n\n<p><a href=\"https:\/\/www.alternatives-economiques.fr\/bretagne-lagroalimentaire-ferme-robinet\/00107719\" target=\"_blank\" rel=\"noreferrer noopener\">En Bretagne, l&rsquo;agroalimentaire ferme le robinet<\/a> (Alter \u00e9co)<\/p>\n\n\n\n<p><a href=\"https:\/\/www.alternatives-economiques.fr\/logement-intermediaire-priorite-tres-contestable-gouvernement\/00107475\" target=\"_blank\" rel=\"noreferrer noopener\">Le logement \u00ab interm\u00e9diaire \u00bb, priorit\u00e9 tr\u00e8s contestable du gouvernement<\/a> (Alter \u00e9co)<\/p>\n\n\n\n<p><a><\/a><a href=\"https:\/\/www.boursorama.com\/actualite-economique\/actualites\/autoroute-toulouse-castres-rejet-d-un-recours-demandant-la-suspension-des-travaux-4e8ac0e58dbda75fa54d906420bd7b53\">Autoroute Toulouse-Castres : rejet d&rsquo;un recours demandant la suspension des travaux<\/a> (AFP)<\/p>\n\n\n\n<p><a href=\"https:\/\/www.latribune.fr\/entreprises-finance\/industrie\/energie-environnement\/l-electricite-en-france-est-elle-parmi-les-moins-cheres-d-europe-971823.html\">L&rsquo;\u00e9lectricit\u00e9 en France est-elle parmi les moins ch\u00e8res d&rsquo;Europe&nbsp;?<\/a> (La Tribune)<\/p>\n\n\n\n<p><a href=\"https:\/\/objectifaquitaine.latribune.fr\/innovation\/2023-08-02\/des-panneaux-photolvoltaiques-innovants-bientot-industrialises-en-nouvelle-aquitaine-971890.html\">Nouvelle-Aquitaine. Des panneaux photovolta\u00efques innovants bient\u00f4t industrialis\u00e9s<\/a> (La Tribune)<a href=\"https:\/\/www.lemonde.fr\/economie\/article\/2023\/08\/02\/l-empire-de-patrick-drahi-fragilise-par-la-chute-de-son-associe_6184147_3234.html\"><\/a><\/p>\n\n\n\n<p><a href=\"https:\/\/www.lemonde.fr\/economie\/article\/2023\/08\/02\/l-empire-de-patrick-drahi-fragilise-par-la-chute-de-son-associe_6184147_3234.html\">L\u2019empire de Patrick Drahi fragilis\u00e9 par la chute de son associ\u00e9<\/a> (Le Monde)<\/p>\n\n\n\n<p><a href=\"https:\/\/redirection.b2b.infopro-digital.com\/lnk\/AXIAACH9aZMAAcXFDGwAAHnKuI0AAABZQTkAANzxAAwsSQBkyfZ4DaC8mh19SAqWAVD6_bqRkgAMCy8\/9\/tCX-vTAh61EbKmvV17aLfA\/aHR0cHM6Ly93d3cudXNpbmUtZGlnaXRhbGUuZnIvYXJ0aWNsZS9hdG9zLXZhLWNlZGVyLXNlcy1hY3Rpdml0ZXMtaGlzdG9yaXF1ZXMtYXUtbWlsbGlhcmRhaXJlLWRhbmllbC1rcmV0aW5za3kuTjIxNTc5MjcjeHRvcj1FUFItNA#xtor=EPR-4\" target=\"_blank\" rel=\"noreferrer noopener\">Atos va c\u00e9der ses activit\u00e9s historiques au milliardaire Daniel Kretinsky<\/a> (Usine Digitale)<\/p>\n\n\n\n<p><a href=\"https:\/\/redirection.b2b.infopro-digital.com\/lnk\/AVMAACBHvXAAAcXFDGYAAHnKuI0AAABZQUUAANzvAAwsSQBkyTipS42p7vr-QTKxOrZY0vNF2QAMCy8\/7\/Zk_jBNLUS5O7Tl1-Eu3QcA\/aHR0cHM6Ly93d3cudXNpbmVub3V2ZWxsZS5jb20vYXJ0aWNsZS9sZS1tYXJjaGUtYXV0b21vYmlsZS1mcmFuY2Fpcy1hLWZyb2xlLWxlcy0yMC1kZS1jcm9pc3NhbmNlLWVuLWp1aWxsZXQtMjAyMy5OMjE1Nzk5NyN4dG9yPUVQUi0xNjk#xtor=EPR-169\" target=\"_blank\" rel=\"noreferrer noopener\">Le march\u00e9 automobile fran\u00e7ais a fr\u00f4l\u00e9 les 20% de croissance en juillet 2023<\/a> (Usine Nouvelle)<\/p>\n\n\n\n<p><strong>Monde<a><\/a><\/strong><\/p>\n\n\n\n<p><a href=\"https:\/\/www.boursorama.com\/actualite-economique\/actualites\/les-etats-unis-perdent-leur-precieux-aaa-fitch-deplore-les-crises-du-plafond-de-la-dette-81b22109aee1bdcdd48759eaeaa49f18\">Les Etats-Unis perdent leur pr\u00e9cieux AAA, Fitch d\u00e9plore les crises du plafond de la dette<\/a> &nbsp;(AFP)<\/p>\n\n\n\n<p><a href=\"https:\/\/www.latribune.fr\/economie\/international\/les-changements-de-note-n-ont-aucun-impact-sur-la-dette-des-grandes-economies-sylvain-bersinger-economiste-971942.html\">\u00ab Les changements de note n&rsquo;ont aucun impact sur la dette des grandes \u00e9conomies (opinion)<\/a> &nbsp;(La Tribune)<\/p>\n\n\n\n<p><a href=\"https:\/\/www.latribune.fr\/entreprises-finance\/industrie\/energie-environnement\/pour-financer-ses-centrales-a-gaz-zero-emission-l-allemagne-decroche-un-accord-avec-bruxelles-971900.html\">Pour financer ses centrales \u00e0 gaz \u2018z\u00e9ro \u00e9mission\u2019, l\u2019Allemagne d\u00e9croche un accord avec Bruxelles<\/a> (La Tribune)<\/p>\n\n\n\n<p><a href=\"https:\/\/redirection.b2b.infopro-digital.com\/lnk\/AXIAACH9aZMAAcXFDGwAAHnKuI0AAABZQTkAANzxAAwsSQBkyfZ4DaC8mh19SAqWAVD6_bqRkgAMCy8\/13\/CfZYe3Y0itouX7DpaGM9rQ\/aHR0cHM6Ly93d3cudXNpbmUtZGlnaXRhbGUuZnIvYXJ0aWNsZS91YmVyLWFmZmljaGUtbGVzLXByZW1pZXJzLXByb2ZpdHMtZGUtc29uLWhpc3RvaXJlLk4yMTU4MTY3I3h0b3I9RVBSLTQ#xtor=EPR-4\" target=\"_blank\" rel=\"noreferrer noopener\">Uber affiche les premiers profits de son histoire<\/a> (Usine Digitale)<\/p>\n\n\n\n<p><a href=\"https:\/\/www.boursorama.com\/videos\/actualites\/quel-avenir-economique-et-politique-au-niger-apres-le-coup-d-etat-f841ba60b4b1aa252ebbe037d325f3f1\">Quel avenir \u00e9conomique et politique au Niger apr\u00e8s le coup d&rsquo;\u00c9tat ?<\/a> (France 24)<\/p>\n\n\n\n<p><a href=\"https:\/\/enass.ma\/2023\/08\/01\/extractivisme-et-resistance-en-afrique-du-nord\/\" target=\"_blank\" rel=\"noreferrer noopener\">Extractivisme et R\u00e9sistance en Afrique du Nord<\/a> (Enass)<\/p>\n\n\n\n<p><strong>Analyse<\/strong><\/p>\n\n\n\n<p><a href=\"https:\/\/theconversation.com\/emploi-pourquoi-les-politiques-publiques-a-destination-des-quartiers-prioritaires-nont-elles-pas-fonctionne-210493\" target=\"_blank\" rel=\"noreferrer noopener\">Pourquoi les politiques publiques \u00e0 destination des quartiers prioritaires n\u2019ont-elles pas fonctionn\u00e9 ?<\/a> (The Conversation)<\/p>\n\n\n\n<p><a href=\"https:\/\/www.alternatives-economiques.fr\/vacances-devenues-un-privilege-faire-un-droit\/00107680\" target=\"_blank\" rel=\"noreferrer noopener\">Les vacances sont devenues un privil\u00e8ge, comment en faire un droit ?<\/a> &nbsp;(Alter \u00e9co)<\/p>\n\n\n\n<p><a href=\"https:\/\/www.latribune.fr\/entreprises-finance\/banques-finance\/industrie-financiere\/un-revenu-universel-en-cryptomonnaies-cinq-questions-sur-ces-projets-utopiques-971360.html\">Un revenu universel en cryptomonnaies&nbsp;: cinq questions sur ces projets utopiques<\/a> (La Tribune)<\/p>\n\n\n\n<p><a href=\"https:\/\/lvsl.fr\/pourquoi-la-silicon-valley-defend-le-revenu-universel\/\" target=\"_blank\" rel=\"noreferrer noopener\">Pourquoi la Silicon Valley d\u00e9fend le revenu universel<\/a> (Le Vent Se L\u00e8ve)<\/p>\n\n\n\n<p><strong><a href=\"https:\/\/lvsl.fr\/misere-du-revenu-de-base-a-lere-post-industrielle\/\" target=\"_blank\" rel=\"noreferrer noopener\">Mis\u00e8re du revenu de base \u00e0 l\u2019\u00e8re \u00ab post-industrielle \u00bb<\/a><\/strong> (Le Vent Se L\u00e8ve)<\/p>\n\n\n\n<p><mark style=\"background-color:rgba(0, 0, 0, 0);color:#ee0505\" class=\"has-inline-color\"><strong>1er ao\u00fbt<\/strong><\/mark><\/p>\n\n\n\n<figure class=\"wp-block-image size-full is-resized\"><img data-recalc-dims=\"1\" loading=\"lazy\" decoding=\"async\" src=\"https:\/\/i0.wp.com\/www.rdpemancipation.org\/wp-content\/uploads\/2023\/08\/image-5.png?resize=421%2C341&#038;ssl=1\" alt=\"\" class=\"wp-image-117794\" style=\"width:421px;height:341px\" width=\"421\" height=\"341\" srcset=\"https:\/\/i0.wp.com\/www.rdpemancipation.org\/wp-content\/uploads\/2023\/08\/image-5.png?w=640&amp;ssl=1 640w, https:\/\/i0.wp.com\/www.rdpemancipation.org\/wp-content\/uploads\/2023\/08\/image-5.png?resize=300%2C243&amp;ssl=1 300w\" sizes=\"auto, (max-width: 421px) 100vw, 421px\" \/><\/figure>\n\n\n\n<p><strong>France<a><\/a><\/strong><\/p>\n\n\n\n<p><a href=\"https:\/\/www.frustrationmagazine.fr\/il-arrive-que-je-ne-puisse-rien-faire-contre-ces-truands-friques\/\" target=\"_blank\" rel=\"noreferrer noopener\"><strong>\u201cIl arrive que je ne puisse rien faire contre ces truands friqu\u00e9s\u201d<\/strong><\/a> (Frustration)<\/p>\n\n\n\n<p><a href=\"https:\/\/www.mediapart.fr\/journal\/economie-et-social\/310723\/doit-se-rejouir-du-rebond-de-la-croissance-francaise\">Doit-on se r\u00e9jouir du rebond de la croissance fran\u00e7aise&nbsp;?<\/a> (M\u00e9diapart)<\/p>\n\n\n\n<p><a href=\"https:\/\/www.alternatives-economiques.fr\/quelques-algorithmes-beaucoup-de-travaux-nevers-a-bouche-fuit\/00107714\" target=\"_blank\" rel=\"noreferrer noopener\">Quelques algorithmes et beaucoup de travaux : comment Nevers a bouch\u00e9 ses fuites d&rsquo;eau<\/a>&nbsp;(Alter \u00e9co)<\/p>\n\n\n\n<p><a><\/a><a href=\"https:\/\/www.alternatives-economiques.fr\/dit-appellation-dorigine-protegee-ne-dit-forcement-ecolo\/00107493\" target=\"_blank\" rel=\"noreferrer noopener\">Qui dit appellation d\u2019origine prot\u00e9g\u00e9e ne dit pas forc\u00e9ment \u00e9colo&nbsp;<\/a> (Alter \u00e9co)<\/p>\n\n\n\n<p><a href=\"https:\/\/common.indigo-net.com\/lib\/cookie_log\/redirector.asp?mail=n.chevillard@noos.fr&amp;ID=549175&amp;DOCIID=109703480&amp;ENAIID=823376&amp;RETOUR=SIMPLE&amp;link=https:\/\/www.lalettrea.fr\/entreprises\/2023\/07\/28\/lafarge-de-nouveau-poursuivi-aux-etats-unis-par-des-familles-de-victimes-du-groupe-etat-islamique,110008327-eve?cxt=PUB&amp;utm_source=LLA&amp;utm_medium=email&amp;utm_campaign=AUTO_EDIT_SOM\" target=\"_blank\" rel=\"noreferrer noopener\">Lafarge de nouveau poursuivi aux Etats-Unis par des familles de victimes de l\u2019EI<\/a> (La lettre A)<\/p>\n\n\n\n<p><a href=\"https:\/\/redirection.b2b.infopro-digital.com\/lnk\/AWgAACIo59sAAcXFC1gAAHnKuI0AAABZQUUAANzvAAwsSQBkwqJZfOclV6pqTt2D3-bTxnXGNgAMCy8\/4\/UH7KTdC-OIr8GG8lQi_UtQ\/aHR0cHM6Ly93d3cudXNpbmVub3V2ZWxsZS5jb20vYXJ0aWNsZS9lZGYtZW5yZWdpc3RyZS01LTgtbWlsbGlhcmRzLWRlLWJlbmVmaWNlLWF1LXByZW1pZXItc2VtZXN0cmUtbWFpcy1kZS1ub21icmV1eC1kZWZpcy1sLWF0dGVuZGVudC5OMjE1NjkwNyN4dG9yPUVQUi0xNjk#xtor=EPR-169\" target=\"_blank\" rel=\"noreferrer noopener\">EDF enregistre 5,8 milliards d&rsquo;euros de b\u00e9n\u00e9fice au premier semestre<\/a> (Usine Nouvelle)<\/p>\n\n\n\n<p><a href=\"https:\/\/redirection.b2b.infopro-digital.com\/lnk\/AWgAACIo59sAAcXFC1gAAHnKuI0AAABZQUUAANzvAAwsSQBkwqJZfOclV6pqTt2D3-bTxnXGNgAMCy8\/7\/4efYGlFjqREL61mruj17pg\/aHR0cHM6Ly93d3cudXNpbmVub3V2ZWxsZS5jb20vYXJ0aWNsZS9mb3J0LWQtdW5lLXJlbnRhYmlsaXRlLXJlY29yZC1hdS1wcmVtaWVyLXNlbWVzdHJlLXJlbmF1bHQtcmVsZXZlLXNlcy1wcmV2aXNpb25zLk4yMTU2OTk3I3h0b3I9RVBSLTE2OQ#xtor=EPR-169\" target=\"_blank\" rel=\"noreferrer noopener\">Des r\u00e9sultats record pour Renault au premier semestre<\/a> (Usine Nouvelle)<\/p>\n\n\n\n<p><a href=\"https:\/\/redirection.b2b.infopro-digital.com\/lnk\/AWgAACIo59sAAcXFC1gAAHnKuI0AAABZQUUAANzvAAwsSQBkwqJZfOclV6pqTt2D3-bTxnXGNgAMCy8\/17\/HcEPvfG_9Lt75h-wuQRU4A\/aHR0cHM6Ly93d3cudXNpbmVub3V2ZWxsZS5jb20vYXJ0aWNsZS9sYS1jaHV0ZS1kZXMtcHJpeC1kdS1nYXotbWluZS1sZXMtcmVzdWx0YXRzLWRlLXRvdGFsZW5lcmdpZXMuTjIxNTY5NzcjeHRvcj1FUFItMTY5#xtor=EPR-169\" target=\"_blank\" rel=\"noreferrer noopener\">La chute des prix du gaz mine les r\u00e9sultats de TotalEnergies<\/a> (Usine Nouvelle)<\/p>\n\n\n\n<p><a href=\"https:\/\/www.blast-info.fr\/articles\/2023\/drahileaks-chez-altice-et-drahi-la-peur-de-la-contagion-portugaise-VHG6Hp_ASQyubpY6kQ8ceA\" target=\"_blank\" rel=\"noreferrer noopener\">#DrahiLeaks : Chez Altice et Drahi, la peur de la contagion portugaise<\/a> (Blast)<\/p>\n\n\n\n<p><strong>Monde<a><\/a><\/strong><\/p>\n\n\n\n<p><a href=\"https:\/\/www.mediapart.fr\/journal\/international\/010823\/riad-salame-dit-adieu-la-banque-centrale-libanaise-mais-pas-ses-deboires-judiciaires\">Riad Salam\u00e9 dit adieu \u00e0 la Banque centrale libanaise, mais pas \u00e0 ses d\u00e9boires judiciaires<\/a> (M\u00e9diapart)<\/p>\n\n\n\n<p><a href=\"https:\/\/redirection.b2b.infopro-digital.com\/lnk\/AU4AACAhyCIAAcXFDCwAAHnKuI0AAABZQUUAANzvAAwsSQBkx-gTPr0uqP5QQI6njtrMh5-Z3gAMCy8\/4\/Ak57qI7CkoJnqX1h79vuwg\/aHR0cHM6Ly93d3cudXNpbmVub3V2ZWxsZS5jb20vYXJ0aWNsZS9sZS1yb3lhdW1lLXVuaS12YS1hY2NvcmRlci1kZXMtY2VudGFpbmVzLWRlLWxpY2VuY2VzLWQtZXhwbG9pdGF0aW9ucy1nYXppZXJlcy1ldC1wZXRyb2xpZXJlcy5OMjE1Nzg0NyN4dG9yPUVQUi0xNjk#xtor=EPR-169\" target=\"_blank\" rel=\"noreferrer noopener\">Le Royaume-Uni va accorder des centaines de licences d&rsquo;exploitations gazi\u00e8res et p\u00e9troli\u00e8res<\/a> (Usine Nouvelle)<\/p>\n\n\n\n<p><a><\/a><a href=\"https:\/\/redirection.b2b.infopro-digital.com\/lnk\/AU4AACAhyCIAAcXFDCwAAHnKuI0AAABZQUUAANzvAAwsSQBkx-gTPr0uqP5QQI6njtrMh5-Z3gAMCy8\/7\/qGV9s1U7KWAy0lnzrE5UJw\/aHR0cHM6Ly93d3cudXNpbmVub3V2ZWxsZS5jb20vYXJ0aWNsZS9hdS1uaWdlci1sZXMtYWN0aXZpdGVzLWQtb3Jhbm8tc2UtcG91cnN1aXZlbnQtbWFsZ3JlLWwtaW5zdGFiaWxpdGUtcG9saXRpcXVlLk4yMTU3ODMyI3h0b3I9RVBSLTE2OQ#xtor=EPR-169\" target=\"_blank\" rel=\"noreferrer noopener\">Au Niger, les activit\u00e9s d\u2019Orano se poursuivent malgr\u00e9 l&rsquo;instabilit\u00e9 politique<\/a> (Usine Nouvelle)<\/p>\n\n\n\n<p><a href=\"https:\/\/link.newsletter.franceculture.fr\/m\/ml\/7429\/814679\/jsVA-fTfup0q1nke_rBoF29C5lXTLJmivm821gAfcU8=\/Ez64AFzaZXVATKUyO5qL+CGOqoNRRiXTZUm39cjXK-E=\/\" target=\"_blank\" rel=\"noreferrer noopener\">\u00ab\u00a0X\u00a0\u00bb : comment comprendre les inconnues d&rsquo;Elon Musk&nbsp;?<\/a> (France Culture)<\/p>\n\n\n\n<p><a href=\"https:\/\/redirection.b2b.infopro-digital.com\/lnk\/AWkAACHMJ1UAAcXFC24AAHnKuI0AAABZQTkAANzxAAwsSQBkw19dOvsHVb-RRPmMJK5wytGEcwAMCy8\/22\/u_1RjH7m2u-Z9FDb7eA80A\/aHR0cHM6Ly93d3cudXNpbmUtZGlnaXRhbGUuZnIvYXJ0aWNsZS9hbWF6b24tbGljZW5jaWUtYS1ub3V2ZWF1LWRhbnMtc2VzLXN1cGVybWFyY2hlcy5OMjE1Njg5NyN4dG9yPUVQUi00#xtor=EPR-4\" target=\"_blank\" rel=\"noreferrer noopener\">Amazon licencie \u00e0 nouveau dans ses supermarch\u00e9s<\/a> (Usine Digitale)<\/p>\n\n\n\n<p><a href=\"https:\/\/redirection.b2b.infopro-digital.com\/lnk\/AWkAACHMJ1UAAcXFC24AAHnKuI0AAABZQTkAANzxAAwsSQBkw19dOvsHVb-RRPmMJK5wytGEcwAMCy8\/9\/ECJViryfkGqfpTkx90gcbg\/aHR0cHM6Ly93d3cudXNpbmUtZGlnaXRhbGUuZnIvYXJ0aWNsZS9icnV4ZWxsZXMtb3V2cmUtdW5lLXByb2NlZHVyZS1hbnRpdHJ1c3QtY29udHJlLW1pY3Jvc29mdC10ZWFtcy5OMjE1NzAzNyN4dG9yPUVQUi00#xtor=EPR-4\" target=\"_blank\" rel=\"noreferrer noopener\">Bruxelles ouvre une proc\u00e9dure antitrust contre Microsoft Teams<\/a> (Usine Digitale)<\/p>\n\n\n\n<p><a href=\"https:\/\/redirection.b2b.infopro-digital.com\/lnk\/AWYAACJE4_MAAcXFCsgAAHnKuI0AAABZQTkAANzxAAwsSQBkwg1IVBnXT9iyRaOLHLaQc-0E8gAMCy8\/13\/Te6lIEpCjCSXBp01MbdTnw\/aHR0cHM6Ly93d3cudXNpbmUtZGlnaXRhbGUuZnIvYXJ0aWNsZS9sZXMtZXRhdHMtdW5pcy1zZS1wcmVwYXJlcmFpZW50LWEtbGFuY2VyLWRlcy1wb3Vyc3VpdGVzLWFudGl0cnVzdC1kLWVudmVyZ3VyZS1jb250cmUtYW1hem9uLk4yMTU2NTE3I3h0b3I9RVBSLTQ#xtor=EPR-4\" target=\"_blank\" rel=\"noreferrer noopener\">Les USA se pr\u00e9pareraient \u00e0 des poursuites antitrust d&rsquo;envergure contre Amazon<\/a> (Usine Digitale)<\/p>\n\n\n\n<p><a href=\"https:\/\/reporterre.net\/Exploitation-des-fonds-marins-l-industrie-miniere-devra-attendre\" target=\"_blank\" rel=\"noreferrer noopener\"><strong>Exploitation des fonds marins&nbsp;: l&rsquo;industrie mini\u00e8re devra attendre<\/strong><\/a> (Reporterre)<\/p>\n\n\n\n<p><a href=\"https:\/\/www.greenpeace.fr\/espace-presse\/aifm-pas-de-feu-vert-a-lindustrie-miniere-en-eaux-profondes-mais-la-menace-persiste\/\" target=\"_blank\" rel=\"noreferrer noopener\">Pas de feu vert \u00e0 l\u2019industrie mini\u00e8re en eaux profondes mais la menace persiste<\/a> (Greenpeace France)<\/p>\n\n\n\n<p><a href=\"https:\/\/www.cadtm.org\/La-strategie-de-la-BAD-pour-agro-industrialiser-l-Afrique\" target=\"_blank\" rel=\"noreferrer noopener\">La strat\u00e9gie de la BAD pour agro-industrialiser l&rsquo;Afrique<\/a> (CADTM)<\/p>\n\n\n\n<p><strong>Analyse<\/strong><\/p>\n\n\n\n<p><a href=\"https:\/\/www.alternatives-economiques.fr\/marx-explique-lexploitation-salaries\/00103514\" target=\"_blank\" rel=\"noreferrer noopener\">Comment Marx explique l\u2019exploitation des salari\u00e9s<\/a> (Alter \u00e9co)<\/p>\n\n\n\n<p><a href=\"https:\/\/link.newsletter.franceculture.fr\/m\/ml\/7429\/814877\/f9rFN7I8V7loKn6D26r5im9C5lXTLJmivm821gAfcU8=\/EIbC+neWJoiL3n5HKiNEmAK4kne6YXWXIMxGhTY39cg=\/\" target=\"_blank\" rel=\"noreferrer noopener\">1996, la d\u00e9claration d\u2019ind\u00e9pendance du cyberespace<\/a> (France Culture)<\/p>\n\n\n\n<p><a href=\"https:\/\/www.ritimo.org\/Forcats-du-numerique-Comment-une-decision-de-justice-au-Kenya-fragilise-la-sous\" target=\"_blank\" rel=\"noreferrer noopener\">\u00ab For\u00e7ats du num\u00e9rique \u00bb : Comment une d\u00e9cision de justice au Kenya fragilise la sous-traitance des multinationales du web<\/a> (ritimo)<\/p>\n\n\n\n<p><\/p>\n\n\n\n<p><\/p>\n\n\n\n<p><\/p>\n","protected":false},"excerpt":{"rendered":"<p>31 ao\u00fbt France \u00c0 Corcou\u00e9, les commissaires enqu\u00eateurs d\u00e9roulent le tapis rouge au m\u00e9thaniseur g\u00e9ant (Splann&nbsp;!) Un \u00e9boulement coupe la circulation routi\u00e8re et le trafic ferroviaire entre la France et l\u2019Italie (Le Progr\u00e8s) Montant net social&nbsp;: d&rsquo;un coup de baguette magique, le gouvernement restreint une nouvelle fois les droits des allocataires (Force Ouvri\u00e8re) N\u00e9gociations sur &#8230; <a title=\"Ao\u00fbt &#8211; \u00c9conomie\" class=\"read-more\" href=\"https:\/\/www.rdpemancipation.org\/?p=117719\" aria-label=\"En savoir plus sur Ao\u00fbt &#8211; \u00c9conomie\">Lire la suite<\/a><\/p>\n","protected":false},"author":1,"featured_media":0,"comment_status":"closed","ping_status":"closed","sticky":false,"template":"","format":"standard","meta":{"_lmt_disableupdate":"","_lmt_disable":"","_jetpack_memberships_contains_paid_content":false,"footnotes":""},"categories":[11],"tags":[],"class_list":["post-117719","post","type-post","status-publish","format-standard","hentry","category-economie"],"modified_by":"nch","jetpack_featured_media_url":"","jetpack_sharing_enabled":true,"_links":{"self":[{"href":"https:\/\/www.rdpemancipation.org\/index.php?rest_route=\/wp\/v2\/posts\/117719","targetHints":{"allow":["GET"]}}],"collection":[{"href":"https:\/\/www.rdpemancipation.org\/index.php?rest_route=\/wp\/v2\/posts"}],"about":[{"href":"https:\/\/www.rdpemancipation.org\/index.php?rest_route=\/wp\/v2\/types\/post"}],"author":[{"embeddable":true,"href":"https:\/\/www.rdpemancipation.org\/index.php?rest_route=\/wp\/v2\/users\/1"}],"replies":[{"embeddable":true,"href":"https:\/\/www.rdpemancipation.org\/index.php?rest_route=%2Fwp%2Fv2%2Fcomments&post=117719"}],"version-history":[{"count":42,"href":"https:\/\/www.rdpemancipation.org\/index.php?rest_route=\/wp\/v2\/posts\/117719\/revisions"}],"predecessor-version":[{"id":119189,"href":"https:\/\/www.rdpemancipation.org\/index.php?rest_route=\/wp\/v2\/posts\/117719\/revisions\/119189"}],"wp:attachment":[{"href":"https:\/\/www.rdpemancipation.org\/index.php?rest_route=%2Fwp%2Fv2%2Fmedia&parent=117719"}],"wp:term":[{"taxonomy":"category","embeddable":true,"href":"https:\/\/www.rdpemancipation.org\/index.php?rest_route=%2Fwp%2Fv2%2Fcategories&post=117719"},{"taxonomy":"post_tag","embeddable":true,"href":"https:\/\/www.rdpemancipation.org\/index.php?rest_route=%2Fwp%2Fv2%2Ftags&post=117719"}],"curies":[{"name":"wp","href":"https:\/\/api.w.org\/{rel}","templated":true}]}}