{"id":117717,"date":"2023-08-01T01:32:00","date_gmt":"2023-07-31T23:32:00","guid":{"rendered":"https:\/\/www.rdpemancipation.org\/?p=117717"},"modified":"2023-08-31T19:54:00","modified_gmt":"2023-08-31T17:54:00","slug":"aout-leur-etat-3","status":"publish","type":"post","link":"https:\/\/www.rdpemancipation.org\/?p=117717","title":{"rendered":"Ao\u00fbt &#8211; Leur \u00c9tat"},"content":{"rendered":"\n<p><mark style=\"background-color:rgba(0, 0, 0, 0);color:#ee0505\" class=\"has-inline-color\"><strong>26 ao\u00fbt<\/strong><\/mark><\/p>\n\n\n\n<p><a href=\"https:\/\/dijoncter.info\/communique-de-presse-extinction-rebellion-dijon-4885\" target=\"_blank\" rel=\"noreferrer noopener\">Retour sur le proc\u00e8s des militant\u00b7es d&rsquo;Extinction Rebellion Dijon<\/a> (Mutu)<\/p>\n\n\n\n<p><mark style=\"background-color:rgba(0, 0, 0, 0);color:#ee0505\" class=\"has-inline-color\"><strong>14 ao\u00fbt<\/strong><\/mark><\/p>\n\n\n\n<p><a href=\"https:\/\/www.mediapart.fr\/journal\/france\/140823\/la-naissance-de-la-cinquieme-republique-l-ombre-de-la-sedition\" target=\"_blank\" rel=\"noreferrer noopener\">La naissance de la Cinqui\u00e8me R\u00e9publique, \u00e0 l\u2019ombre de la s\u00e9dition<\/a> (M\u00e9diapart)<\/p>\n\n\n\n<p><a href=\"https:\/\/www.socialter.fr\/article\/eco-terrorisme-soulevements-terre-gouvernement\" target=\"_blank\" rel=\"noreferrer noopener\">William Bourdon : \u00ab Parler d&rsquo;\u00e9co-terrorisme est d&rsquo;une monstruosit\u00e9 absolue \u00bb<\/a> (Socialter)<\/p>\n\n\n\n<p><a href=\"https:\/\/www.mediapart.fr\/journal\/france\/110823\/angers-la-justice-delivre-un-blanc-seing-une-milice-armee\" target=\"_blank\" rel=\"noreferrer noopener\">\u00c0 Angers, la justice d\u00e9livre un blanc-seing \u00e0 une milice \u00abarm\u00e9e\u00bb<\/a> (M\u00e9diapart)<\/p>\n\n\n\n<p><a href=\"https:\/\/www.liberation.fr\/politique\/les-nazies-colonies-de-vacances-20230813_DYIGZ7UP7FFWFA7WSKKVSUMWGE\/\">Camps d\u2019\u00e9t\u00e9 : des nationalistes aux antis\u00e9mites, l\u2019extr\u00eame droite ne prend pas de vacances<\/a> (Lib\u00e9ration)<\/p>\n\n\n\n<p><mark style=\"background-color:rgba(0, 0, 0, 0);color:#ee0505\" class=\"has-inline-color\"><strong>9 ao\u00fbt<\/strong><\/mark><\/p>\n\n\n\n<figure class=\"wp-block-image size-full\"><img data-recalc-dims=\"1\" loading=\"lazy\" decoding=\"async\" width=\"428\" height=\"680\" src=\"https:\/\/i0.wp.com\/www.rdpemancipation.org\/wp-content\/uploads\/2023\/08\/image-32.png?resize=428%2C680&#038;ssl=1\" alt=\"\" class=\"wp-image-118283\" srcset=\"https:\/\/i0.wp.com\/www.rdpemancipation.org\/wp-content\/uploads\/2023\/08\/image-32.png?w=428&amp;ssl=1 428w, https:\/\/i0.wp.com\/www.rdpemancipation.org\/wp-content\/uploads\/2023\/08\/image-32.png?resize=189%2C300&amp;ssl=1 189w\" sizes=\"auto, (max-width: 428px) 100vw, 428px\" \/><\/figure>\n\n\n\n<p><mark style=\"background-color:rgba(0, 0, 0, 0);color:#ee0505\" class=\"has-inline-color\"><strong>5 ao\u00fbt<\/strong><\/mark><\/p>\n\n\n\n<p><a href=\"https:\/\/reporterre.net\/A-quelques-jours-de-l-audience-devant-le-Conseil-d-Etat-les-soutiens-aux-Soulevements-de?utm_source=newsletter&amp;utm_medium=email&amp;utm_campaign=nl_quotidienne\">Les Soul\u00e8vements de la Terre accumulent les soutiens avant le Conseil d\u2019\u00c9tat<\/a> (Reporterre)<\/p>\n\n\n\n<p><mark style=\"background-color:rgba(0, 0, 0, 0);color:#ee0505\" class=\"has-inline-color\"><strong>3 ao\u00fbt<\/strong><\/mark><\/p>\n\n\n\n<p><a href=\"https:\/\/www.youtube.com\/watch?v=q75HxfkHZFQ\">La 6\u00b0 R\u00e9publique peut-elle vaincre l&rsquo;Elys\u00e9e?<\/a> (Blast)<\/p>\n\n\n\n<p><mark style=\"background-color:rgba(0, 0, 0, 0);color:#ee0505\" class=\"has-inline-color\"><strong>2 ao\u00fbt<\/strong><\/mark><\/p>\n\n\n\n<p><strong><a href=\"https:\/\/www.streetpress.com\/sujet\/1690814695-jalil-jeune-eborgne-police-revoltes-emeutes-justice-nahel-chilly-mazarin-police\" target=\"_blank\" rel=\"noreferrer noopener\">Jalil, 15 ans, \u00e9borgn\u00e9 par la police pendant les r\u00e9voltes \u00e0 Chilly-Mazarin<\/a><\/strong> (StreetPress)<\/p>\n\n\n\n<p><strong><a href=\"https:\/\/www.lemediatv.fr\/emissions\/2023\/apres-laffaire-hedi-nouvelles-revelations-sur-limpunite-policiere-e4TJcU0QSQ6-sQwqkXbU-A\" target=\"_blank\" rel=\"noreferrer noopener\">Apr\u00e8s l&rsquo;affaire Hedi, nouvelles r\u00e9v\u00e9lations sur l&rsquo;impunit\u00e9 polici\u00e8re<\/a><\/strong> (Le M\u00e9dia)<\/p>\n\n\n\n<p><mark style=\"background-color:rgba(0, 0, 0, 0);color:#ee0505\" class=\"has-inline-color\"><strong>1er ao\u00fbt<\/strong><\/mark><\/p>\n\n\n\n<p><a href=\"https:\/\/www.blast-info.fr\/articles\/2023\/au-proces-de-sainte-soline-des-lapins-un-moine-et-quatre-condamnations-cnato9w3SKK_9RtuAUWYPA\">Au proc\u00e8s de Sainte-Soline : des lapins, un moine et quatre condamnations<\/a>&nbsp;(Blast)<\/p>\n\n\n\n<p><a href=\"https:\/\/www.lemediatv.fr\/emissions\/2023\/impunite-policiere-macron-otage-des-forces-de-lordre-_NRoX_IpS7ydDez21-CXLA\" target=\"_blank\" rel=\"noreferrer noopener\">Impunit\u00e9 polici\u00e8re : Macron otage des \u00ab\u00a0forces de l&rsquo;ordre\u00a0\u00bb ?<\/a> (Le M\u00e9dia)<\/p>\n\n\n\n<p><strong><a href=\"https:\/\/www.ldh-france.org\/dl-201-police-justice-quelle-violence-legitime\/\">Police, justice, quelle violence l\u00e9gitime ?<\/a>&nbsp;<\/strong>(LDH)<\/p>\n\n\n\n<p><a href=\"https:\/\/aoc.media\/opinion\/2023\/07\/18\/un-rapport-sur-la-police-oublie\/\">Un rapport sur la police oubli\u00e9<\/a>&nbsp;(aoc.media)<\/p>\n\n\n\n<p><\/p>\n","protected":false},"excerpt":{"rendered":"<p>26 ao\u00fbt Retour sur le proc\u00e8s des militant\u00b7es d&rsquo;Extinction Rebellion Dijon (Mutu) 14 ao\u00fbt La naissance de la Cinqui\u00e8me R\u00e9publique, \u00e0 l\u2019ombre de la s\u00e9dition (M\u00e9diapart) William Bourdon : \u00ab Parler d&rsquo;\u00e9co-terrorisme est d&rsquo;une monstruosit\u00e9 absolue \u00bb (Socialter) \u00c0 Angers, la justice d\u00e9livre un blanc-seing \u00e0 une milice \u00abarm\u00e9e\u00bb (M\u00e9diapart) Camps d\u2019\u00e9t\u00e9 : des nationalistes &#8230; <a title=\"Ao\u00fbt &#8211; Leur \u00c9tat\" class=\"read-more\" href=\"https:\/\/www.rdpemancipation.org\/?p=117717\" aria-label=\"En savoir plus sur Ao\u00fbt &#8211; Leur \u00c9tat\">Lire la suite<\/a><\/p>\n","protected":false},"author":1,"featured_media":0,"comment_status":"closed","ping_status":"closed","sticky":false,"template":"","format":"standard","meta":{"_lmt_disableupdate":"","_lmt_disable":"","_jetpack_memberships_contains_paid_content":false,"footnotes":""},"categories":[5],"tags":[],"class_list":["post-117717","post","type-post","status-publish","format-standard","hentry","category-leur-etat"],"modified_by":"nch","jetpack_featured_media_url":"","jetpack_sharing_enabled":true,"_links":{"self":[{"href":"https:\/\/www.rdpemancipation.org\/index.php?rest_route=\/wp\/v2\/posts\/117717","targetHints":{"allow":["GET"]}}],"collection":[{"href":"https:\/\/www.rdpemancipation.org\/index.php?rest_route=\/wp\/v2\/posts"}],"about":[{"href":"https:\/\/www.rdpemancipation.org\/index.php?rest_route=\/wp\/v2\/types\/post"}],"author":[{"embeddable":true,"href":"https:\/\/www.rdpemancipation.org\/index.php?rest_route=\/wp\/v2\/users\/1"}],"replies":[{"embeddable":true,"href":"https:\/\/www.rdpemancipation.org\/index.php?rest_route=%2Fwp%2Fv2%2Fcomments&post=117717"}],"version-history":[{"count":10,"href":"https:\/\/www.rdpemancipation.org\/index.php?rest_route=\/wp\/v2\/posts\/117717\/revisions"}],"predecessor-version":[{"id":119193,"href":"https:\/\/www.rdpemancipation.org\/index.php?rest_route=\/wp\/v2\/posts\/117717\/revisions\/119193"}],"wp:attachment":[{"href":"https:\/\/www.rdpemancipation.org\/index.php?rest_route=%2Fwp%2Fv2%2Fmedia&parent=117717"}],"wp:term":[{"taxonomy":"category","embeddable":true,"href":"https:\/\/www.rdpemancipation.org\/index.php?rest_route=%2Fwp%2Fv2%2Fcategories&post=117717"},{"taxonomy":"post_tag","embeddable":true,"href":"https:\/\/www.rdpemancipation.org\/index.php?rest_route=%2Fwp%2Fv2%2Ftags&post=117717"}],"curies":[{"name":"wp","href":"https:\/\/api.w.org\/{rel}","templated":true}]}}