{"id":115663,"date":"2023-06-10T18:06:35","date_gmt":"2023-06-10T16:06:35","guid":{"rendered":"https:\/\/www.rdpemancipation.org\/?p=115663"},"modified":"2023-08-07T11:22:08","modified_gmt":"2023-08-07T09:22:08","slug":"retraites-2","status":"publish","type":"post","link":"https:\/\/www.rdpemancipation.org\/?p=115663","title":{"rendered":"Retraites"},"content":{"rendered":"\n<p class=\"has-text-color\" style=\"color:#eb0e0e\"><strong>7 Ao\u00fbt<\/strong><\/p>\n\n\n\n<p><a href=\"http:\/\/www.zones-subversives.com\/2023\/07\/la-defaite-en-chantant-edito-n-56.html?fbclid=IwAR33iNSYf5hN9iC-mbj2aLiVy3U1sClvScngUakRbOKmnfOEK31sCzgrJdU\">La d\u00e9faite en chantant : \u00e9dito n\u00b056<\/a>\u00a0(Chroniques critiques)<\/p>\n\n\n\n<p class=\"has-text-color\" style=\"color:#f60606\"><strong>10 juin<\/strong><\/p>\n\n\n\n<p><a href=\"https:\/\/www.mediapart.fr\/journal\/france\/100623\/retraites-ces-six-mois-qui-ont-tout-chamboule\" target=\"_blank\" rel=\"noreferrer noopener\">Retraites : ces six mois qui ont tout chamboul\u00e9<\/a>&nbsp;(M\u00e9diapart)<\/p>\n\n\n\n<p><a href=\"https:\/\/www.mediapart.fr\/journal\/economie-et-social\/100623\/est-ce-que-je-m-attendais-ce-que-ce-soit-si-difficile-avec-macron-non-laurent-berger-fait-le-b\">Laurent Berger : \u00abEst-ce que je m\u2019attendais \u00e0 ce que ce soit si difficile avec Macron&nbsp;? Non&nbsp;!\u00bb<\/a> (Vid\u00e9o M\u00e9diapart)<\/p>\n\n\n\n<p><a href=\"https:\/\/www.politis.fr\/articles\/2023\/06\/la-democratie-etouffee\/\" target=\"_blank\" rel=\"noreferrer noopener\"><strong>La d\u00e9mocratie \u00e9touff\u00e9e<\/strong><\/a> (Politis)<\/p>\n\n\n\n<p><a href=\"https:\/\/www.mediapart.fr\/journal\/france\/080623\/cinq-syndicalistes-cfdt-poursuivis-pour-des-pochoirs-au-sol-contre-la-reforme-des-retraites\" target=\"_blank\" rel=\"noreferrer noopener\">Cinq syndicalistes CFDT poursuivis pour des pochoirs au sol contre la r\u00e9forme des retraites<\/a>&nbsp;(M\u00e9diapart)<\/p>\n\n\n\n<p><a href=\"https:\/\/www.mediapart.fr\/journal\/politique\/080623\/l-assemblee-c-est-la-pire-journee-de-l-annee\" target=\"_blank\" rel=\"noreferrer noopener\">\u00c0 l\u2019Assembl\u00e9e, \u00ab&nbsp;c\u2019est la pire journ\u00e9e de l\u2019ann\u00e9e&nbsp;\u00bb<\/a>&nbsp;(M\u00e9diapart)<\/p>\n\n\n\n<p><strong><a href=\"https:\/\/www.youtube.com\/watch?v=W6fXLUM56Ws&amp;ab_channel=BLAST%2CLesouffledel%27info\">Retraites : le pouvoir pi\u00e9tine l\u2019assembl\u00e9e<\/a>&nbsp;<\/strong>(Blast)<\/p>\n\n\n\n<p><a href=\"https:\/\/lanticapitaliste.org\/actualite\/social\/retraites-les-vieux-travailleures-immigres-victimes-de-mesures-de-coercition\">Retraites : les vieux travailleurEs immigr\u00e9s, victimes de mesures de coercition&nbsp;<\/a>(l\u2019Anticapitaliste)<\/p>\n\n\n\n<p class=\"has-text-color\" style=\"color:#f20606\"><strong>8 juin<\/strong><\/p>\n\n\n\n<p><strong><a href=\"https:\/\/www.humanite.fr\/social-eco\/live\/2023068\/en-direct-abrogation-de-la-reforme-des-retraites-suivez-l-examen-de-la-loi-liot-l-assemblee-798052\">En direct. Abrogation de la r\u00e9forme des retraites : Suivez l\u2019examen de la loi Liot \u00e0 l\u2019Assembl\u00e9e.&nbsp;<\/a><\/strong>(l\u2019Humanit\u00e9)<\/p>\n\n\n\n<p><a href=\"https:\/\/reporterre.net\/Comment-continuer-la-mobilisation-Les-reponses-des-manifestants\">Retraites&nbsp;: les id\u00e9es des manifestants pour poursuivre la mobilisation<\/a>&nbsp;(Reporterre)<\/p>\n\n\n\n<p><strong><a href=\"https:\/\/www.youtube.com\/watch?v=cNnqGtngbao&amp;ab_channel=BLAST%2CLesouffledel%27info\">Retraites : la col\u00e8re l\u2019emportera-t-elle sur la fatigue ?<\/a>&nbsp;<\/strong>(Blast)<\/p>\n\n\n\n<p><a href=\"https:\/\/www.revolutionpermanente.fr\/Violences-policieres-interpellations-gazages-a-Toulouse-le-6-juin-sous-le-signe-de-la-repression\">Violences polici\u00e8res, interpellations, gazages&nbsp;: \u00e0 Toulouse, le 6 juin sous le signe de la r\u00e9pression<\/a>&nbsp;(RP)<\/p>\n\n\n\n<p><strong>7 juin<\/strong><\/p>\n\n\n\n<p><a href=\"https:\/\/www.francetvinfo.fr\/politique\/direct-reforme-des-retraites-la-presidente-de-l-assemblee-s-opposera-a-tout-amendement-entrainant-un-vote-pour-abroger-le-report-de-l-age-legal-de-depart-a-64-ans_5873270.html\">Retraites : \u00ab&nbsp;C\u2019est dans la justice que nous abrogerons cette r\u00e9forme&nbsp;\u00bb, promet le socialiste Boris Vallaud<\/a>&nbsp;(Le direct de France Info)<\/p>\n\n\n\n<p><a href=\"https:\/\/www.huffingtonpost.fr\/politique\/article\/apres-la-decision-de-braun-pivet-sur-la-ppl-liot-lfi-annonce-une-motion-de-censure_218871.html\">LFI annonce une motion de censure apr\u00e8s la d\u00e9cision de Braun-Pivet sur la PPL LIOT<\/a>&nbsp;(HuffPost)<\/p>\n\n\n\n<p><a href=\"https:\/\/www.mediapart.fr\/journal\/politique\/070623\/l-assemblee-le-double-jeu-de-yael-braun-pivet\"><strong>\u00c0 l\u2019Assembl\u00e9e, le double jeu de Ya\u00ebl Braun-Pivet<\/strong><\/a>&nbsp;(M\u00e9diapart)<\/p>\n\n\n\n<p><a href=\"https:\/\/www.liberation.fr\/politique\/retraites-la-presidente-de-lassemblee-bloquera-lexamen-de-la-mesure-dabrogation-de-la-reforme-jeudi-20230607_GEDTBMXJZVCXHBUMGZ2BV3KNQQ\/\">La pr\u00e9sidente de l\u2019Assembl\u00e9e bloquera l\u2019examen de la mesure d\u2019abrogation de la r\u00e9forme jeudi<\/a>&nbsp;(Lib\u00e9ration)<a href=\"https:\/\/www.huffingtonpost.fr\/politique\/article\/avec-sa-decision-sur-la-ppl-liot-braun-pivet-s-attire-les-foudres-des-oppositions_218856.html\"><\/a><\/p>\n\n\n\n<p><a href=\"https:\/\/www.huffingtonpost.fr\/politique\/article\/avec-sa-decision-sur-la-ppl-liot-braun-pivet-s-attire-les-foudres-des-oppositions_218856.html\">La d\u00e9cision de Braun-Pivet sur la PPL LIOT ulc\u00e8re sur le fond et sur la forme<\/a>&nbsp;(HuffPost)<\/p>\n\n\n\n<p><a href=\"https:\/\/www.boursorama.com\/actualite-economique\/actualites\/barrage-a-l-abrogation-de-la-retraite-a-64-ans-yael-braun-pivet-invoque-la-regle-et-denonce-les-pompiers-pyromanes-83d90336a91bf2a22e39507093fd73e9\">Barrage \u00e0 l\u2019abrogation de la retraite \u00e0 64 ans : YBP invoque \u00ab&nbsp;la r\u00e8gle&nbsp;\u00bb&nbsp;<\/a>(Media services)<\/p>\n\n\n\n<p><a href=\"https:\/\/www.publicsenat.fr\/actualites\/politique\/reforme-des-retraites-ce-que-prevoient-les-deux-premiers-decrets-dapplication\">R\u00e9forme des retraites : ce que pr\u00e9voient les deux premiers d\u00e9crets d\u2019application<\/a>&nbsp;(Public S\u00e9nat)<\/p>\n\n\n\n<p><a href=\"https:\/\/www.huffingtonpost.fr\/france\/article\/manifestations-a-rennes-un-drone-de-la-police-attaque-par-des-mouettes_218829.html\">\u00c0 Rennes, des mouettes attaquent un drone de la police, au grand bonheur des manifestants<\/a>&nbsp;(HuffPost)<\/p>\n\n\n\n<p><a href=\"https:\/\/redirection.b2b.infopro-digital.com\/lnk\/AVcAABljYigAAcXE7q4AAHnKuI0AAABZQUUAANzvAAwsSQBkf2peZzjczeL5QIWI6DwRWSw5EAAMCy8\/4\/AWGRObqZc9GzKXOpwV4ioQ\/aHR0cHM6Ly93d3cudXNpbmVub3V2ZWxsZS5jb20vYXJ0aWNsZS9zZWxvbi1sLWFzc3VyYW5jZS12aWVpbGxlc3NlLWxlLW5vbWJyZS1kZS1kZXBhcnRzLWEtbGEtcmV0cmFpdGUtcG91ci1jYXJyaWVyZS1sb25ndWUtdmEtZG91Ymxlci5OMjE0MDA0MiN4dG9yPUVQUi0xNjk#xtor=EPR-169\">Avec la r\u00e9forme, le nombre de d\u00e9parts anticip\u00e9s \u00e0 la retraite devrait doubler<\/a>&nbsp;(Usine nouvelle)<\/p>\n\n\n\n<p><a href=\"https:\/\/www.youtube.com\/watch?v=c1mQn_oMpns&amp;ab_channel=BLAST%2CLesouffledel%27info\">P\u00e9nibilit\u00e9s et retraites cass\u00e9es : parole aux ouvriers invisibles du BTP<\/a>&nbsp;(Blast<\/p>\n\n\n\n<p><a href=\"https:\/\/www.youtube.com\/watch?v=Ib705YowQmg&amp;ab_channel=PublicS%C3%A9nat\">Retraites: \u00ab&nbsp;Cette r\u00e9forme est violente, elle doit \u00eatre abrog\u00e9e&nbsp;\u00bb r\u00e9it\u00e8re Sophie Binet<\/a>&nbsp;(Public S\u00e9nat)<\/p>\n\n\n\n<p><a href=\"https:\/\/www.france24.com\/fr\/france\/20230606-pas-r%C3%A9sign%C3%A9s-%C3%A0-paris-les-manifestants-disent-toujours-non-%C3%A0-la-r%C3%A9forme-des-retraites\">\u00ab&nbsp;Pas r\u00e9sign\u00e9s&nbsp;\u00bb : \u00e0 Paris, les manifestants disent toujours non \u00e0 la r\u00e9forme des retraites<\/a>&nbsp;(France 24)<\/p>\n\n\n\n<p><a href=\"https:\/\/lepoing.net\/mobilisation-du-6-juin-a-montpellier-malgre-un-net-reflux-les-syndicats-ne-desarment-pas\/\">Mobilisation du 6 juin \u00e0 Montpellier : malgr\u00e9 un net reflux, les syndicats ne d\u00e9sarment pas<\/a>&nbsp;(Le Poing)<\/p>\n\n\n\n<p><a href=\"https:\/\/www.revolutionpermanente.fr\/C-est-la-derniere-manifestation-Laurent-Berger-pret-a-enterrer-la-bataille-des-retraites\">\u00ab&nbsp;C\u2019est la derni\u00e8re manifestation&nbsp;\u00bb&nbsp;: Laurent Berger pr\u00eat \u00e0 enterrer la bataille des retraites<\/a>&nbsp;(RP)<\/p>\n\n\n\n<p><a href=\"https:\/\/lvsl.fr\/retraites-comment-macron-pietine-le-parlement\/\">Retraites : comment Macron pi\u00e9tine le parlement&nbsp;<\/a>&nbsp;(LVSL)<\/p>\n\n\n\n<p><a href=\"https:\/\/rapportsdeforce.fr\/classes-en-lutte\/retraites-53-jours-apres-la-promulgation-de-la-loi-la-mobilisation-finit-par-decroitre-sans-sombrer-060618393\">Retraites&nbsp;: 53 jours apr\u00e8s la promulgation de la loi, la mobilisation finit par d\u00e9cro\u00eetre sans sombrer<\/a>&nbsp;(Rapports de force)<\/p>\n\n\n\n<p><a href=\"https:\/\/theconversation.com\/comment-le-travail-de-lassemblee-nationale-sest-invite-dans-le-quotidien-207071\">Comment le travail de l\u2019Assembl\u00e9e nationale s\u2019est invit\u00e9 dans le&nbsp;quotidien<\/a>&nbsp;(The conversation)<\/p>\n\n\n\n<p><a href=\"https:\/\/www.sudouest.fr\/economie\/social\/greve-du-6-juin-a-bordeaux-avec-ces-manifestants-qui-y-croient-toujours-15470480.php\">Gr\u00e8ve du 6&nbsp;juin&nbsp;: \u00e0 Bordeaux, avec ces manifestants qui y croient toujours<\/a>&nbsp;(Sud Ouest)<\/p>\n\n\n\n<p><a href=\"https:\/\/actu.fr\/auvergne-rhone-alpes\/lyon_69123\/direct-greve-du-6-juin-manifestation-blocages-perturbations-suivez-la-situation-a-lyon_59688473.html\">Gr\u00e8ve du 6 juin \u00e0 Lyon : violents affrontements entre police et syndicats, mobilisation en baisse<\/a>&nbsp;(actu)<\/p>\n\n\n\n<p><a href=\"https:\/\/www.20minutes.fr\/rennes\/4039983-20230606-manifestation-rennes-depot-bus-bloque-reseau-fortement-touche\">Gr\u00e8ve du 6 juin \u00e0 Rennes&nbsp;: Le d\u00e9p\u00f4t de bus bloqu\u00e9, le r\u00e9seau fortement perturb\u00e9<\/a>&nbsp;(20 Minutes)<\/p>\n\n\n\n<p><a href=\"https:\/\/www.activradio.com\/greve-du-6-juin-des-tensions-a-saint-etienne\">Entre 2 et 12000 personnes mobilis\u00e9es dans la Loire<\/a>&nbsp;(activ)<\/p>\n\n\n\n<p><strong>6 juin<\/strong><\/p>\n\n\n\n<p><a href=\"https:\/\/www.lemonde.fr\/politique\/live\/2023\/06\/06\/manifestations-du-6-juin-en-direct-pour-laurent-berger-le-match-est-en-train-de-se-terminer_6176350_823448.html\"><strong>Mobilisation en direct&nbsp;: \u00abOn est l\u00e0 contre le 49.3,&nbsp;on a peur pour la d\u00e9mocratie, \u00e7a va au-del\u00e0 de la r\u00e9forme des retraites\u00bb<\/strong><\/a>&nbsp;(Le Monde, Live en clair)<\/p>\n\n\n\n<p><a href=\"https:\/\/www.huffingtonpost.fr\/politique\/video\/ppl-liot-sur-les-retraites-les-oppositions-denoncent-une-democratie-inexistante_218818.html\">\u00ab D\u00e9mocratie inexistante&nbsp;\u00bb&nbsp;: avant l\u2019examen de la PPL Liot, les oppositions mettent la pression sur Macron&nbsp;<\/a>(HuffPost)<\/p>\n\n\n\n<p><a href=\"https:\/\/www.revolutionpermanente.fr\/Pas-de-retraites-pas-de-JO-des-grevistes-de-la-CGT-RATP-envahissent-le-siege-des-JO-2024\">\u00ab&nbsp;Pas de retraites, pas de JO&nbsp;\u00bb&nbsp;: des gr\u00e9vistes de la CGT RATP envahissent le si\u00e8ge des JO 2024<\/a>&nbsp;(RP)<\/p>\n\n\n\n<p><a href=\"https:\/\/www.mediapart.fr\/journal\/economie-et-social\/050623\/face-la-reforme-des-retraites-les-syndicats-ne-veulent-pas-s-avouer-vaincus\">Face \u00e0 la r\u00e9forme des retraites, les syndicats ne veulent pas s\u2019avouer vaincus<\/a>&nbsp;(M\u00e9diapart)<\/p>\n\n\n\n<p><strong><a href=\"https:\/\/www.huffingtonpost.fr\/politique\/article\/manifestation-du-6-juin-pour-sophie-binet-quatorze-journees-de-mobilisation-c-est-exceptionnel_218767.html\">Sophie Binet&nbsp;: \u00ab&nbsp;Quatorze journ\u00e9es de mobilisation, c\u2019est exceptionnel&nbsp;\u00bb<\/a><\/strong>&nbsp;(HuffPost)<\/p>\n\n\n\n<p><a href=\"https:\/\/www.mediapart.fr\/journal\/france\/050623\/manifestations-lyon-mais-pourquoi-ca-brule\">Manifestations \u00e0 Lyon&nbsp;: mais pourquoi \u00e7a br\u00fble&nbsp;?<\/a>&nbsp;(M\u00e9diapart)<\/p>\n\n\n\n<p><a href=\"https:\/\/www.alternatives-economiques.fr\/departs-retraite-anticipee-devra-revenir-boulot\/00107173?utm_source=emailing&amp;utm_medium=email&amp;utm_content=05062023&amp;utm_campaign=quotidienne\">Revenir ou pas au boulot, le sort incertain des pr\u00e9retrait\u00e9s<\/a>&nbsp;(Alter \u00e9co)<\/p>\n\n\n\n<figure class=\"wp-block-image\"><img loading=\"lazy\" decoding=\"async\" width=\"406\" height=\"350\" src=\"https:\/\/i0.wp.com\/www.rdpemancipation.org\/wp-content\/uploads\/2023\/06\/image-24.png?resize=406%2C350&amp;ssl=1\" alt=\"\" class=\"wp-image-115429\" srcset=\"https:\/\/i0.wp.com\/www.rdpemancipation.org\/wp-content\/uploads\/2023\/06\/image-24.png?w=406&amp;ssl=1 406w, https:\/\/i0.wp.com\/www.rdpemancipation.org\/wp-content\/uploads\/2023\/06\/image-24.png?resize=300%2C259&amp;ssl=1 300w\" sizes=\"auto, (max-width: 406px) 100vw, 406px\" \/><\/figure>\n\n\n\n<p><a href=\"https:\/\/www.rdpemancipation.org\/wp-admin\/post.php?post=107923&amp;action=edit\">Retraites. La CGT \u00c9nergie coupe le courant \u00e0 Issy-les-Moulineaux, de nombreuses entreprises \u00e0 l\u2019arr\u00eat<\/a>&nbsp;(l\u2019Humanit\u00e9)<\/p>\n\n\n\n<p><a href=\"https:\/\/www.youtube.com\/watch?v=icG160hJTmI&amp;ab_channel=AFP\">Retraites: quelques tensions lors de la manifestation \u00e0 Nantes | AFP Images<\/a>&nbsp;(AFP)<\/p>\n\n\n\n<p><strong><a href=\"https:\/\/www.politis.fr\/articles\/2023\/06\/reforme-retraites-manifestation-du-6-juin-poursuivre-le-combat-garder-lespoir-preparer-lapres\/\">Manifestation du 6 juin : poursuivre le combat, garder l\u2019espoir, pr\u00e9parer l\u2019apr\u00e8s<\/a>&nbsp;<\/strong>(Politis)<\/p>\n\n\n\n<p><a href=\"https:\/\/www.liberation.fr\/economie\/social\/en-direct-reforme-des-retraites-des-couloirs-de-lassemblee-aux-corteges-syndicaux-suivez-la-14e-journee-de-mobilisation-20230606_YMGLXS5PHBFDDAVLKPYAYL4EHU\/\">EN DIRECT \u2013 R\u00e9forme des retraites&nbsp;<\/a>&nbsp;(Lib\u00e9ration)<\/p>\n\n\n\n<p><a href=\"https:\/\/linsoumission.fr\/2023\/06\/05\/retraite-sondage-6-juin\/\">Retraites : 57% des Fran\u00e7ais soutiennent la mobilisation du 6 juin<\/a>&nbsp;(L\u2019insoumission)<\/p>\n\n\n\n<p><a href=\"https:\/\/www.bondyblog.fr\/opinions\/interview\/retraite-il-y-a-un-truc-qui-sest-passe-pendant-des-mois-et-ca-restera-quoi-quil-arrive\/\">Retraite : \u00ab Il y a un truc qui s\u2019est pass\u00e9 pendant des mois et \u00e7a restera quoi qu\u2019il arrive \u00bb<\/a>&nbsp;(Bondy Blog)<\/p>\n\n\n\n<p><a href=\"https:\/\/www.radiofrance.fr\/franceinter\/on-n-a-plus-les-moyens-de-faire-greve-l-accumulation-des-retenues-sur-salaire-decourage-les-professeurs-3057210\">\u00ab&nbsp;On n\u2019a plus les moyens de faire gr\u00e8ve&nbsp;\u00bb : l\u2019accumulation des retenues sur salaire d\u00e9courage les professeurs&nbsp;<\/a>(Radio France)<\/p>\n\n\n\n<p><strong>5 juin<\/strong><\/p>\n\n\n\n<p><a href=\"https:\/\/www.humanite.fr\/social-eco\/mobilisations-retraites\/retraites-les-premiers-decrets-d-application-de-la-reforme-publies-797439#xtor=RSS-1\">Retraites. Les premiers d\u00e9crets d\u2019application de la r\u00e9forme publi\u00e9s<\/a>&nbsp;(L\u2019Humanit\u00e9)<\/p>\n\n\n\n<p><a href=\"https:\/\/www.humanite.fr\/en-debat\/reforme-des-retraites\/nous-demandons-l-abrogation-de-la-reforme-des-retraites-797387#xtor=RSS-1\">Nous demandons l\u2019abrogation de la r\u00e9forme des retraites<\/a>&nbsp;(L\u2019Humanit\u00e9)<\/p>\n\n\n\n<p><a href=\"https:\/\/www.lemediatv.fr\/emissions\/2023\/reforme-des-retraites-la-guerre-du-8-juin-aura-t-elle-lieu-X7WNv1p6S6CLlkmxEXtvzw\">R\u00e9forme des retraites : la guerre du 8 juin aura-t-elle lieu ?<\/a>&nbsp;(Le M\u00e9dia)<\/p>\n\n\n\n<p><a href=\"https:\/\/common.indigo-net.com\/lib\/cookie_log\/redirector.asp?mail=n.chevillard@noos.fr&amp;ID=544690&amp;DOCIID=109703480&amp;ENAIID=809060&amp;RETOUR=SIMPLE&amp;link=https:\/\/www.lalettrea.fr\/action-publique_parlement\/2023\/05\/31\/retraites--christophe-rossignol-l-homme-qui-chante-aux-oreilles-des-deputes-liot,109978978-art?cxt=PUB&amp;utm_source=LLA&amp;utm_medium=email&amp;utm_campaign=AUTO_EDIT_SOM\">Retraites : Christophe Rossignol, l\u2019homme qui chante aux oreilles des d\u00e9put\u00e9s LIOT<\/a>&nbsp;(La Lettre A)<\/p>\n\n\n\n<p><mark><strong>4 juin<\/strong><\/mark><\/p>\n\n\n\n<p><a href=\"https:\/\/www.lindependant.fr\/2023\/06\/04\/reforme-des-retraites-le-decret-portant-sur-le-recul-de-lage-legal-de-depart-a-64-ans-publie-au-journal-officiel-11240075.php\">R\u00e9forme des retraites : le d\u00e9cret portant sur le recul de l\u2019\u00e2ge l\u00e9gal de d\u00e9part \u00e0 64 ans publi\u00e9 au \u00ab&nbsp;Journal officiel&nbsp;\u00bb<\/a>&nbsp;(L\u2019ind\u00e9pendant)<\/p>\n\n\n\n<p><a href=\"https:\/\/theconversation.com\/reforme-des-retraites-le-recours-au-distanciel-peut-il-freiner-les-mobilisations-etudiantes-205360\">R\u00e9forme des retraites : le recours au \u00ab distanciel \u00bb peut-il freiner les mobilisations \u00e9tudiantes ?<\/a>&nbsp;(The conversation)<\/p>\n\n\n\n<p><mark><strong>2 juin<\/strong><\/mark><\/p>\n\n\n\n<p><strong><a href=\"https:\/\/www.revolutionpermanente.fr\/Nouveau-coup-anti-democratique-la-macronie-et-LR-retoquent-l-abrogation-du-recul-de-l-age-legal-a\">Nouveau coup anti-d\u00e9mocratique&nbsp;: la macronie et LR retoquent l\u2019abrogation du recul de l\u2019\u00e2ge l\u00e9gal \u00e0 64 ans&nbsp;<\/a><\/strong>(RP)<\/p>\n\n\n\n<p><a href=\"https:\/\/www.force-ouvriere.fr\/retraites-au-service-informatique-de-l-insee-la-greve-resiste\">Retraites&nbsp;: au service informatique de l\u2019Insee, la gr\u00e8ve r\u00e9siste<\/a>&nbsp;(FO)<\/p>\n\n\n\n<p><a href=\"https:\/\/94.citoyens.com\/2023\/nouvelle-greve-contre-la-reforme-des-retraites-a-laeroport-dorly,02-06-2023.html\">Nouvelle gr\u00e8ve contre la r\u00e9forme des retraites \u00e0 l\u2019a\u00e9roport d\u2019Orly<\/a>&nbsp;(94 citoyens)<\/p>\n\n\n\n<p><mark><strong>1er juin<\/strong><\/mark><\/p>\n\n\n\n<p><strong><a href=\"https:\/\/www.huffingtonpost.fr\/politique\/video\/la-ppl-liot-contre-la-reforme-des-retraites-finalement-adoptee-a-l-assemblee-apres-une-folle-journee_218559.html\">Quand la Macronie doit finalement voter pour la PPL Liot, r\u00e9cit d\u2019une folle journ\u00e9e \u00e0 l\u2019Assembl\u00e9e<\/a><\/strong>&nbsp;(HuffPost)<\/p>\n\n\n\n<p><a><\/a><a href=\"https:\/\/www.huffingtonpost.fr\/politique\/article\/la-ppl-liot-contre-la-reforme-des-retraites-coute-t-elle-vraiment-15-milliards-d-euros_218544.html\">D\u2019o\u00f9 sort le chiffre de \u00ab&nbsp;15 milliards&nbsp;\u00bb brandi par la majorit\u00e9 contre la PPL LIOT&nbsp;?<\/a>&nbsp;(HuffPost)<\/p>\n\n\n\n<p><strong><a href=\"https:\/\/www.arretsurimages.net\/articles\/retraites-la-presse-menacee-dexpulsion-par-la-force-a-lassemblee\">Retraites : la presse menac\u00e9e d\u2019expulsion \u00ab&nbsp;par la force&nbsp;\u00bb \u00e0 l\u2019Assembl\u00e9e&nbsp;<\/a><\/strong>&nbsp;(Arr\u00eat sur images)<\/p>\n\n\n\n<p><a href=\"https:\/\/www.mediapart.fr\/journal\/france\/310523\/l-assemblee-la-majorite-torpille-la-proposition-de-loi-abrogeant-la-reforme-des-retraites\">\u00c0 l\u2019Assembl\u00e9e, la majorit\u00e9 torpille la proposition de loi abrogeant la r\u00e9forme des retraites<\/a>&nbsp;(M\u00e9diapart)<\/p>\n\n\n\n<figure class=\"wp-block-image\"><img loading=\"lazy\" decoding=\"async\" width=\"336\" height=\"321\" src=\"https:\/\/i0.wp.com\/www.rdpemancipation.org\/wp-content\/uploads\/2023\/06\/image-5.png?resize=336%2C321&amp;ssl=1\" alt=\"\" class=\"wp-image-115122\" srcset=\"https:\/\/i0.wp.com\/www.rdpemancipation.org\/wp-content\/uploads\/2023\/06\/image-5.png?w=336&amp;ssl=1 336w, https:\/\/i0.wp.com\/www.rdpemancipation.org\/wp-content\/uploads\/2023\/06\/image-5.png?resize=300%2C287&amp;ssl=1 300w\" sizes=\"auto, (max-width: 336px) 100vw, 336px\" \/><\/figure>\n\n\n\n<p><mark><strong>31 mai<\/strong><\/mark><\/p>\n\n\n\n<p><a href=\"https:\/\/www.francetvinfo.fr\/economie\/retraite\/reforme-des-retraites\/direct-reforme-des-retraites-suivez-l-examen-en-commission-de-la-proposition-de-loi-liot-pour-abroger-le-report-de-l-age-legal-a-64-ans_5856566.html\"><strong>DIRECT. La commission des affaires sociales vote contre l\u2019abrogation du recul de l\u2019\u00e2ge l\u00e9gal&nbsp;<\/strong><\/a>&nbsp;(France info)<\/p>\n\n\n\n<p><a href=\"https:\/\/www.francetvinfo.fr\/economie\/retraite\/reforme-des-retraites\/reforme-des-retraites-denoncant-un-braquage-democratique-l-opposition-ulceree-par-les-man-uvres-du-gouvernement-pour-saboter-la-proposition-de-loi-liot_5858444.html\">L\u2019opposition ulc\u00e9r\u00e9e par les man\u0153uvres du gouvernement pour saboter la proposition de loi Liot<\/a>&nbsp;(France info)<\/p>\n\n\n\n<p><a href=\"https:\/\/www.humanite.fr\/politique\/assemblee-nationale\/retraite-la-macronie-craint-le-vote-et-fait-tout-pour-l-empecher-796785#xtor=RSS-1\">Retraite. La Macronie craint le vote et fait tout pour l\u2019emp\u00eacher<\/a>&nbsp;(L\u2019Humanit\u00e9)<\/p>\n\n\n\n<p><a href=\"https:\/\/www.humanite.fr\/social-eco\/intersyndicale\/retraites-si-le-gouvernement-s-obstine-la-colere-n-en-sera-que-renforcee-previent-l-intersyndicale-796755#xtor=RSS-1\">Retraites. \u00ab Si le gouvernement s\u2019obstine, la col\u00e8re n\u2019en sera que renforc\u00e9e \u00bb, pr\u00e9vient l\u2019intersyndicale<\/a>&nbsp;(L\u2019Humanit\u00e9)<\/p>\n\n\n\n<p><a href=\"https:\/\/basta.media\/retraites-nouvelle-journee-de-greve-et-de-mobilisation-pour-le-retrait-de-la-reforme-6-juin-abrogation\">Retraites : nouvelle journ\u00e9e de gr\u00e8ve et de mobilisation pour le retrait de la r\u00e9forme le 6 juin<\/a>&nbsp;&nbsp;(Basta!)<\/p>\n\n\n\n<p><a href=\"https:\/\/www.politis.fr\/articles\/2023\/05\/derriere-les-retraites-une-bataille-constitutionnelle\/\">Derri\u00e8re les retraites, une bataille constitutionnelle<\/a>&nbsp;(Politis)<\/p>\n\n\n\n<p><strong><a href=\"https:\/\/www.alternatives-economiques.fr\/nicolas-da-silva\/contre-reforme-retraites-reconquerir-securite-sociale\/00106977\">Contre la r\u00e9forme des retraites, reconqu\u00e9rir la S\u00e9curit\u00e9 sociale<\/a>&nbsp;<\/strong>(Alter \u00e9co)<\/p>\n\n\n\n<p><a href=\"https:\/\/www.humanite.fr\/politique\/reforme-des-retraites-les-coups-de-force-du-gouvernement-en-5-dates-796699#xtor=RSS-1\">R\u00e9forme des retraites : les coups de force du gouvernement en 5 dates<\/a>&nbsp;(L\u2019Humanit\u00e9)<\/p>\n\n\n\n<p><mark><strong>30 mai<\/strong><\/mark><\/p>\n\n\n\n<p><a href=\"https:\/\/www.liberation.fr\/politique\/le-texte-abrogeant-la-reforme-des-retraites-declare-recevable-par-eric-coquerel-president-de-la-commission-des-finances-de-lassemblee-20230530_CRLBCENLYNBENBUPJRWFP7M2FQ\/\"><strong>R\u00e9forme des retraites : Coquerel d\u00e9clare recevable le texte d\u2019abrogation<\/strong><\/a>&nbsp;(Lib\u00e9ration)<\/p>\n\n\n\n<p><a href=\"https:\/\/www.lemonde.fr\/politique\/article\/2023\/05\/30\/reforme-des-retraites-les-republicains-encore-et-toujours-divises_6175432_823448.html\">R\u00e9forme des retraites&nbsp;: Les R\u00e9publicains encore et toujours divis\u00e9s<\/a>&nbsp;(Le Monde)<\/p>\n\n\n\n<p><a href=\"https:\/\/www.lemonde.fr\/politique\/article\/2023\/05\/30\/assemblee-nationale-le-groupe-liot-allie-potentiel-d-emmanuel-macron-devenu-opposant-en-chef_6175365_823448.html\">Comment le groupe LIOT, alli\u00e9 potentiel de Macron \u00e0 l\u2019Assembl\u00e9e, est devenu opposant en chef<\/a>&nbsp;(Le Monde)<\/p>\n\n\n\n<p><a href=\"https:\/\/www.liberation.fr\/politique\/assemblee-liot-le-petit-groupe-de-deputes-qui-gratte-tres-fort-la-macronie-20230519_LGSXRC5D3FGONE5TOMD2ZDNU2U\/\">Liot, le petit groupe de d\u00e9put\u00e9s qui gratte tr\u00e8s fort la macronie<\/a>&nbsp;(Lib\u00e9ration)<\/p>\n\n\n\n<p><mark><strong>29 mai<\/strong><\/mark><\/p>\n\n\n\n<p><a href=\"https:\/\/www.huffingtonpost.fr\/politique\/article\/face-aux-strategies-de-la-majorite-la-derniere-astuce-de-liot-pour-contre-attaquer-sur-les-retraites_218457.html\">Face aux strat\u00e9gies de la majorit\u00e9, la derni\u00e8re astuce de LIOT pour contre-attaquer sur les retraites<\/a>&nbsp;(HuffPost)<\/p>\n\n\n\n<p><a href=\"https:\/\/www.huffingtonpost.fr\/politique\/article\/retraites-coquerel-denonce-des-pressions-sur-lui-et-braun-pivet-venant-de-la-macronie_218441.html\">Coquerel d\u00e9nonce des pressions sur lui et Braun Pivet, venant de la Macronie sur la PPL Liot<\/a>&nbsp;(HuffPost)<\/p>\n\n\n\n<p><mark><strong>28 mai<\/strong><\/mark><\/p>\n\n\n\n<p><strong><a href=\"https:\/\/www.liberation.fr\/culture\/discours-de-justine-triet-a-cannes-la-palme-dor-dune-main-un-uppercut-a-la-reforme-des-retraites-de-lautre-20230527_525CTAFZCVAMPAH7N4HA5P37FY\/\">Justine Triet&nbsp;\u00e0 Cannes&nbsp;: la palme d\u2019or d\u2019une main, un uppercut \u00e0 la r\u00e9forme des retraites de l\u2019autre&nbsp;<\/a><\/strong>(Lib\u00e9ration)<\/p>\n\n\n\n<p><strong><a href=\"https:\/\/www.contretemps.eu\/reforme-retraites-femmes-minorites-genre\/\">Les femmes et les minorit\u00e9s de genre, en premi\u00e8re ligne de la lutte pour nos retraites<\/a><\/strong>&nbsp;(Contretemps)<\/p>\n\n\n\n<p><mark><strong>27 mai<\/strong><\/mark><\/p>\n\n\n\n<p><a href=\"https:\/\/blogs.mediapart.fr\/francois-malaussena\/blog\/270523\/le-plan-macron-contre-labrogation-des-64-ans-sa-faisabilite-et-la-veme-republique\">Le plan Macron contre l\u2019abrogation des 64 ans, sa faisabilit\u00e9 et la V\u00e8me R\u00e9publique<\/a>&nbsp;(Blog de Fran\u00e7ois Malaussena)<\/p>\n\n\n\n<p><a href=\"https:\/\/www.humanite.fr\/social-eco\/reforme-des-retraites\/retraites-le-gouvernement-finira-par-admettre-qu-il-s-est-trompe-796548#xtor=RSS-1\">Retraites. \u00ab Le gouvernement finira par admettre qu\u2019il s\u2019est tromp\u00e9 \u00bb<\/a>&nbsp; (L\u2019Humanit\u00e9)<\/p>\n\n\n\n<p><a href=\"https:\/\/rue89bordeaux.com\/2023\/05\/reforme-des-retraites-deux-syndicalistes-seront-juges-pour-des-coupures-delectricite-a-bordeaux\/\">R\u00e9forme des retraites : deux syndicalistes seront jug\u00e9s pour des coupures d\u2019\u00e9lectricit\u00e9 \u00e0 Bordeaux<\/a>&nbsp; (Rue89 Bordeaux)<\/p>\n\n\n\n<p><a href=\"https:\/\/www.rue89lyon.fr\/2023\/05\/26\/comite-lutte-lyon\/\">Des retraites \u00e0 la vie ch\u00e8re : le Comit\u00e9 de lutte Lyon sur tous les fronts<\/a>&nbsp;(Rue89Lyon)<\/p>\n\n\n\n<p><mark><strong>26 mai<\/strong><\/mark><\/p>\n\n\n\n<p><a href=\"https:\/\/t.nl.france3.fr\/r\/?id=hc2d15b3e,6b6a8b34,5f99d57e&amp;p1=20230526&amp;p2=726375-1613287517-668363dc\"><strong>Elisabeth Borne dans le Ch\u00e2tillonnais : une centaine de manifestants attendent la Premi\u00e8re ministre<\/strong><\/a><strong>&nbsp;(<\/strong>France 3)<\/p>\n\n\n\n<p><mark><strong>25 mai<\/strong><\/mark><\/p>\n\n\n\n<p><a href=\"https:\/\/www.liberation.fr\/idees-et-debats\/parler-de-decivilisation-pour-ne-plus-parler-de-retraites-20230525_3PLLGSFWVJC6LKCIA6443R3I44\/\">\u00abParler de \u201cd\u00e9civilisation\u201d pour ne plus parler de retraites\u00bb<\/a>&nbsp;(Lib\u00e9ration, tribune)<\/p>\n\n\n\n<p><a href=\"https:\/\/www.lemediatv.fr\/emissions\/2023\/liot-le-groupe-parlementaire-qui-fait-peur-a-macron-3X5BbArHSNi0Yj2oaZassA\">LIOT : Le groupe parlementaire qui fait peur \u00e0 Macron<\/a>&nbsp;(Le M\u00e9dia)<\/p>\n\n\n\n<p><a href=\"https:\/\/theconversation.com\/reforme-des-retraites-le-recours-au-distanciel-peut-il-freiner-les-mobilisations-etudiantes-205360\">Retraites : le recours au \u00abdistanciel\u00bb peut-il freiner les mobilisations \u00e9tudiantes ?<\/a>&nbsp;(The Conversation)<\/p>\n\n\n\n<p><a href=\"https:\/\/www.youtube.com\/watch?v=pqH5rjA3vnI\">Les femmes sauv\u00e9es par la reforme des retraites,<\/a>&nbsp;(Canard R\u00e9fractaire)<\/p>\n\n\n\n<p><a href=\"https:\/\/www.youtube.com\/watch?v=nmEdd3ShBbo\">Conf\u00e9rence de Bernard Friot \u2013 L\u2019enjeu des retraites<\/a>&nbsp;(Les Petites Universit\u00e9s de Chamonix)<\/p>\n\n\n\n<p><strong><a href=\"https:\/\/www.youtube.com\/watch?v=-OpxRP3b_I4\">Retraites : \u00ab&nbsp;Cette r\u00e9forme est toujours aussi inutile et brutale&nbsp;\u00bb<\/a>&nbsp;<\/strong>(Public S\u00e9nat)<\/p>\n\n\n\n<p><strong><a href=\"https:\/\/www.force-ouvriere.fr\/reforme-des-retraites-le-6-juin-les-retraites-repondront\">R\u00e9forme des retraites&nbsp;: Le 6&nbsp;juin, les retrait\u00e9s r\u00e9pondront pr\u00e9sents&nbsp;!<\/a>&nbsp;<\/strong>(FO)<\/p>\n\n\n\n<p><strong><a href=\"https:\/\/basta.media\/chez-edf-rte-enedis-la-reforme-des-retraites-fait-craindre-de-plus-en-plus-de\">Chez EDF, RTE&nbsp;, Enedis\u2026 la r\u00e9forme des retraites fait craindre de plus en plus de difficult\u00e9s \u00e0 recrute<\/a>r&nbsp;<\/strong>(Basta!)<\/p>\n\n\n\n<p><mark><strong>24 mai<\/strong><\/mark><\/p>\n\n\n\n<p><a href=\"https:\/\/www.mediapart.fr\/journal\/politique\/230523\/retraites-le-plan-secret-du-pouvoir-pour-eviter-l-abrogation\">Retraites&nbsp;: le plan secret du pouvoir pour \u00e9viter l\u2019abrogation&nbsp;<\/a>&nbsp;(M\u00e9diapart)<\/p>\n\n\n\n<p><mark><strong>23 mai<\/strong><\/mark><\/p>\n\n\n\n<p><a href=\"https:\/\/www.mediapart.fr\/journal\/international\/230523\/retraites-dorees-des-eurodeputes-apres-nos-revelations-le-parlement-decide-de-coupes-drastiques\">Retraites dor\u00e9es des eurod\u00e9put\u00e9s : apr\u00e8s nos r\u00e9v\u00e9lations, le Parlement d\u00e9cide de coupes drastiques<\/a>&nbsp;(M\u00e9diapart)<\/p>\n\n\n\n<p><a href=\"https:\/\/www.humanite.fr\/social-eco\/mobilisations-retraites\/francois-hommeril-de-la-cfe-cgc-la-majorite-presidentielle-est-en-panique-795818#xtor=RSS-1\">Fran\u00e7ois Hommeril de la CFE-CGC : \u00ab La majorit\u00e9 pr\u00e9sidentielle est en panique \u00bb<\/a>&nbsp;(L\u2019Humanit\u00e9)<\/p>\n\n\n\n<p><a href=\"https:\/\/www.huffingtonpost.fr\/festival-de-cannes\/article\/a-cannes-la-cgt-revendique-une-coupure-de-gaz-a-l-heure-du-dejeuner_218208.html\">\u00c0 Cannes, la CGT revendique une coupure de gaz \u00e0 l\u2019heure du d\u00e9jeuner<\/a>&nbsp;(HuffPost)<\/p>\n\n\n\n<p><strong><a href=\"https:\/\/www.huffingtonpost.fr\/politique\/article\/retraites-coquerel-officiellement-saisi-sur-la-ppl-de-liot_218223.html\">Coquerel officiellement saisi sur la PPL de LIOT contre la r\u00e9forme des retraites<\/a>&nbsp;<\/strong>(HuffPost)<\/p>\n\n\n\n<p><a href=\"https:\/\/www.huffingtonpost.fr\/politique\/article\/dans-la-marne-la-permanence-du-depute-charles-de-courson-vandalisee_218219.html\">La permanence du d\u00e9put\u00e9 Courson vandalis\u00e9e<\/a>&nbsp;(HuffPost)<\/p>\n\n\n\n<p><mark><strong>22 mai<\/strong><\/mark><\/p>\n\n\n\n<p><a href=\"https:\/\/www.alternatives-economiques.fr\/christian-chavagneux\/macron-ah\/00107002?utm_source=emailing&amp;utm_medium=email&amp;utm_content=22052023&amp;utm_campaign=quotidienne\">Macron, ah si seulement \u2026<\/a>&nbsp;-Christian Chavagneux (Alter \u00e9co)<\/p>\n\n\n\n<p><a href=\"https:\/\/www.youtube.com\/watch?v=BCCS_VfRIyg\">Retraites : branle-bas de combat dans la Macronie<\/a>&nbsp;(Marianne, vid\u00e9o)<\/p>\n\n\n\n<p><a href=\"https:\/\/www.lemediatv.fr\/emissions\/2023\/retraites-les-scandaleuses-magouilles-de-la-macronie-a-lassemblee-RIG25aP1SCeURa5Hn2qaXg\">Retraites : Les scandaleuses magouilles de la macronie \u00e0 l\u2019assembl\u00e9e<\/a>&nbsp;(Le M\u00e9dia)<\/p>\n\n\n\n<figure class=\"wp-block-image\"><img loading=\"lazy\" decoding=\"async\" width=\"768\" height=\"710\" src=\"https:\/\/i0.wp.com\/www.rdpemancipation.org\/wp-content\/uploads\/2023\/05\/image-63.png?resize=396%2C366&amp;ssl=1\" alt=\"\" class=\"wp-image-114667\" srcset=\"https:\/\/i0.wp.com\/www.rdpemancipation.org\/wp-content\/uploads\/2023\/05\/image-63.png?w=768&amp;ssl=1 768w, https:\/\/i0.wp.com\/www.rdpemancipation.org\/wp-content\/uploads\/2023\/05\/image-63.png?resize=300%2C277&amp;ssl=1 300w\" sizes=\"auto, (max-width: 768px) 100vw, 768px\" \/><\/figure>\n\n\n\n<p><a href=\"https:\/\/rebellyon.info\/Salopes-passer-en-force-et-virilisme-24916\">Quelques r\u00e9flexions de l\u2019AG&nbsp;Retraites f\u00e9ministes \u00e0 propos du mouvement en cours<\/a>&nbsp;(Rebellyon)<\/p>\n\n\n\n<p><a href=\"https:\/\/lundi.am\/La-manif-sanglante\">La manif sanglante (Le Zbeul est dans la rue) \u2013 chanson<\/a>&nbsp;(lundi matin)<\/p>\n\n\n\n<p><mark><strong>20 mai<\/strong><\/mark><\/p>\n\n\n\n<p><a href=\"https:\/\/www.france24.com\/fr\/culture\/20230519-la-bataille-contre-la-r%C3%A9forme-des-retraites-s-invite-au-festival-de-cannes\">La bataille contre la r\u00e9forme des retraites s\u2019invite au Festival de Cannes<\/a>&nbsp;(France 24)<\/p>\n\n\n\n<p><strong><a href=\"https:\/\/www.france24.com\/fr\/france\/20230519-mobilisation-contre-la-r%C3%A9forme-des-retraites-l-%C3%A9tat-condamn%C3%A9-pour-le-fichage-de-gard%C3%A9s-%C3%A0-vue\">Mobilisation contre la r\u00e9forme des retraites&nbsp;: l\u2019\u00c9tat condamn\u00e9 pour le fichage de gard\u00e9s \u00e0 vue<\/a>&nbsp;<\/strong>(France 24)<\/p>\n\n\n\n<p><a href=\"https:\/\/www.revolutionpermanente.fr\/Macron-et-les-classes-moyennes-une-offensive-anti-ouvriere-anti-precaires-et-anti-etrangers\">Macron et les \u00ab&nbsp;classes moyennes&nbsp;\u00bb&nbsp;: une offensive anti-ouvri\u00e8re, anti-pr\u00e9caires et anti-\u00e9trangers<\/a>&nbsp;(RP)<\/p>\n\n\n\n<p><a href=\"https:\/\/www.lemonde.fr\/emploi\/article\/2023\/05\/17\/reforme-des-retraites-les-drh-contraints-de-repenser-les-fins-de-carriere_6173662_1698637.html\">R\u00e9forme des retraites&nbsp;: les DRH contraints de repenser les fins de carri\u00e8re<\/a>&nbsp;(Le Monde)<\/p>\n\n\n\n<p><mark><strong>19 mai<\/strong><\/mark><\/p>\n\n\n\n<p><a href=\"https:\/\/www.francetvinfo.fr\/economie\/retraite\/reforme-des-retraites\/manifestations-contre-la-reforme-des-retraites-l-etat-condamne-pour-avoir-fiche-des-personnes-en-garde-a-vue-a-lille_5836682.html\">Manifestations : l\u2019Etat condamn\u00e9 pour avoir fich\u00e9 des personnes en garde \u00e0 vue \u00e0 Lille<\/a>&nbsp;(France Info)<\/p>\n\n\n\n<p><a href=\"https:\/\/www.lemediatv.fr\/emissions\/2023\/operation-passer-a-autre-chose-pourquoi-macron-sagite-81e8ScoxSnOIfpt8mHFTWA\">Op\u00e9ration \u00ab&nbsp;passer \u00e0 autre chose&nbsp;\u00bb : pourquoi Macron s\u2019agite<\/a>&nbsp;(Le M\u00e9dia)<\/p>\n\n\n\n<p><a href=\"https:\/\/www.huffingtonpost.fr\/politique\/article\/face-a-la-ppl-liot-sur-les-retraites-la-macronie-n-a-que-des-mauvaises-solutions_218023.html\"><strong>Face \u00e0 la PPL Liot sur les retraites, la Macronie n\u2019a que des mauvaises solutions<\/strong><\/a>&nbsp;(Huffpost)<\/p>\n\n\n\n<p><a href=\"https:\/\/www.blast-info.fr\/emissions\/2023\/de-courson-lhomme-qui-peut-faire-tomber-la-reforme-des-retraites-d0AV1cJrQPWZgNjJ9EW3EQ\">De Courson, l\u2019homme qui peut faire tomber la r\u00e9forme des retraites<\/a>&nbsp;(Blast)<\/p>\n\n\n\n<p><a href=\"https:\/\/www.francetvinfo.fr\/replay-radio\/l-edito-politique\/edito-quand-la-macronie-se-cache-derriere-la-technique-parlementaire-pour-eviter-un-debat-sur-les-retraites_5806313.html\">Quand la Macronie se cache derri\u00e8re la technique parlementaire pour \u00e9viter un d\u00e9bat sur les retraites<\/a>&nbsp;(France Info)<\/p>\n\n\n\n<p><a href=\"https:\/\/www.francetvinfo.fr\/economie\/retraite\/reforme-des-retraites\/proposition-de-loi-pour-abroger-la-reforme-des-retraites-ce-n-est-pas-la-premiere-ministre-qui-est-competente-en-termes-de-recevabilite-financiere-reagit-charles-de-courson_5829815.html\">Retraites : \u00ab&nbsp;Ce n\u2019est pas la Premi\u00e8re ministre qui est comp\u00e9tente en termes de recevabilit\u00e9 financi\u00e8re&nbsp;\u00bb, r\u00e9agit Charles de Courson<\/a>&nbsp;(France Info)<\/p>\n\n\n\n<p><a href=\"https:\/\/www.francetvinfo.fr\/economie\/retraite\/reforme-des-retraites\/la-cgt-refuse-une-proposition-de-reunion-multilaterale-avec-emmanuel-macron-sans-annonces-sur-les-retraites-ou-les-salaires_5829590.html\">La CGT refuse une proposition de r\u00e9union multilat\u00e9rale avec Macron sans annonce sur les retraites ou les salaires<\/a>&nbsp;(France Info)<\/p>\n\n\n\n<p><a href=\"https:\/\/lanticapitaliste.org\/actualite\/politique\/face-macron-et-son-monde-rester-mobilisees\">Face \u00e0 Macron et son monde, rester mobilis\u00e9Es\u2009!<\/a>&nbsp;(l\u2019Anticapitaliste)<\/p>\n\n\n\n<p><mark><strong>18 mai<\/strong><\/mark><\/p>\n\n\n\n<p><a href=\"https:\/\/www.liberation.fr\/economie\/social\/a-matignon-les-syndicats-gardent-les-retraites-en-travers-du-dialogue-20230517_MWEMXGLQEBGAREDMMYWQS26FDY\/\">A Matignon, les syndicats gardent les retraites en travers du dialogue<\/a>&nbsp;(Lib\u00e9ration)<\/p>\n\n\n\n<p><a href=\"https:\/\/www.lemonde.fr\/politique\/article\/2023\/05\/18\/retraites-qu-est-ce-que-l-article-40-de-la-constitution-arme-de-la-majorite-pour-bloquer-l-abrogation-de-la-reforme_6173900_823448.html\">Qu\u2019est-ce que l\u2019article&nbsp;40, arme de la majorit\u00e9 pour bloquer l\u2019abrogation de la r\u00e9forme&nbsp;?<\/a>&nbsp;(Le Monde)<\/p>\n\n\n\n<p><a href=\"https:\/\/www.lemonde.fr\/politique\/article\/2023\/05\/17\/elisabeth-borne-poursuit-ses-rencontres-avec-les-syndicats-toujours-avec-la-reforme-des-retraites-comme-toile-de-fond_6173739_823448.html\">Elisabeth Borne estime que la proposition de loi pour abroger la r\u00e9forme est \u00abinconstitutionnelle\u00bb<\/a>&nbsp;(Le Monde)<\/p>\n\n\n\n<p><a href=\"https:\/\/www.lemonde.fr\/politique\/article\/2023\/05\/17\/retraites-la-majorite-unie-pour-eviter-un-vote-sur-la-proposition-de-loi-d-abrogation-de-la-reforme_6173645_823448.html\">Retraites&nbsp;: la majorit\u00e9 unie pour \u00e9viter un vote sur l\u2019abrogation de la r\u00e9forme<\/a>&nbsp;(Le Monde, d\u00e9cryptage)<\/p>\n\n\n\n<p><strong><a href=\"https:\/\/www.huffingtonpost.fr\/politique\/article\/ces-propositions-de-lois-macronistes-qui-auraient-pu-etre-bloquees-par-l-article-40_218014.html\">Ces propositions de lois macronistes qui auraient pu \u00eatre bloqu\u00e9es par l\u2019article 40<\/a>&nbsp;<\/strong>(HuffPost)<\/p>\n\n\n\n<p><a href=\"https:\/\/www.politis.fr\/articles\/2023\/05\/assurance-retraite-le-derapage-financier-au-profit-de-cabinets-dexpertise\/\">Assurance retraite&nbsp;: le \u00ab&nbsp;d\u00e9rapage financier&nbsp;\u00bb au profit de cabinets d\u2019expertise&nbsp;<\/a>&nbsp;(Politis)<\/p>\n\n\n\n<p><mark><strong>17 mai<\/strong><\/mark><\/p>\n\n\n\n<p><a href=\"https:\/\/www.mediapart.fr\/journal\/politique\/170523\/sur-la-route-des-cent-jours-l-echeance-du-8-juin-affole-le-pouvoir\"><strong>L\u2019\u00e9ch\u00e9ance du 8 juin affole le pouvoir<\/strong><\/a>&nbsp;(M\u00e9diapart)<\/p>\n\n\n\n<p><a href=\"https:\/\/www.francetvinfo.fr\/politique\/direct-syndicats-recus-par-elisabeth-borne-si-cette-reforme-des-retraites-n-est-pas-retiree-le-pays-ne-reviendra-pas-a-la-normale-previent-sophie-binet_5828588.html\">Le d\u00e9put\u00e9 Liot Charles de Courson d\u00e9nonce la \u00ab&nbsp;d\u00e9rive autoritaire&nbsp;\u00bb d\u2019Emmanuel Macron<\/a>&nbsp;(France Info)<\/p>\n\n\n\n<p><a href=\"https:\/\/www.francetvinfo.fr\/politique\/direct-elisabeth-borne-recoit-les-syndicats-a-matignon-pour-tenter-de-renouer-un-dialogue-apaise-et-constructif_5827085.html\">Retraites : emp\u00eacher l\u2019examen du texte d\u2019abrogation \u00ab&nbsp;serait inacceptable&nbsp;\u00bb, selon Laurent Berger<\/a>&nbsp;(France Info)<\/p>\n\n\n\n<p><a href=\"https:\/\/www.politis.fr\/articles\/2023\/05\/reforme-des-retraites-la-goutte-de-trop-pour-lassurance-retraite\/\"><strong>R\u00e9forme des retraites : la goutte de trop pour l\u2019Assurance retraite<\/strong><\/a>&nbsp;(Politis)<\/p>\n\n\n\n<p><a href=\"https:\/\/www.politis.fr\/articles\/2023\/05\/manifester-la-peur-au-ventre\/\">Manifester la peur au ventre<\/a>&nbsp;(Politis)<\/p>\n\n\n\n<p><a href=\"https:\/\/www.francetvinfo.fr\/economie\/retraite\/reforme-des-retraites\/rencontre-des-syndicats-avec-elisabeth-borne-nous-sommes-fermes-sur-nos-revendications-indique-force-ouvriere_5828345.html\">Rencontre avec Elisabeth Borne : \u00ab&nbsp;Nous sommes fermes sur nos revendications&nbsp;\u00bb, indique FO<\/a>&nbsp;(France Info)<\/p>\n\n\n\n<p><strong><a href=\"https:\/\/www.huffingtonpost.fr\/politique\/article\/emmanuel-macron-une-hyperpresidence-syndrome-d-une-perte-de-creativite-politique_217951.html\">Comment l\u2019hyper-pr\u00e9sidence de Macron r\u00e9v\u00e8le sa \u00abperte de cr\u00e9ativit\u00e9 politique\u00bb<\/a>&nbsp;<\/strong>(HuffPost)<\/p>\n\n\n\n<p><mark><strong>16 mai<\/strong><\/mark><\/p>\n\n\n\n<p><a href=\"https:\/\/www.francetvinfo.fr\/economie\/retraite\/reforme-des-retraites\/proposition-de-loi-de-liot-pour-abroger-la-reforme-des-retraites-la-majorite-mise-sur-l-irrecevabilite-financiere-du-texte-pour-empecher-son-examen_5827607.html\">Proposition de loi de Liot sur les retraites : la majorit\u00e9 mise sur l\u2019irrecevabilit\u00e9 financi\u00e8re du texte<\/a>&nbsp;(France Info)<\/p>\n\n\n\n<p><a href=\"https:\/\/www.huffingtonpost.fr\/politique\/video\/reforme-des-retraites-qu-est-ce-que-l-article-40-qui-pourrait-faire-capoter-la-ppl-liot_217908.html\"><strong>Qu\u2019est-ce que l\u2019article 40, dont r\u00eave la majorit\u00e9 pour faire capoter le texte Liot sur les retraites<\/strong><\/a>&nbsp;(HuffPost)<\/p>\n\n\n\n<p><a href=\"https:\/\/www.liberation.fr\/politique\/retraites-les-cadres-renaissance-veulent-tuer-la-proposition-dabrogation-au-nom-de-son-irrecevabilite-20230516_TLVA36IE5ZAJDNJER5QMMHDLSQ\/\">Les cadres Renaissance veulent tuer la proposition d\u2019abrogation au nom de son \u00abirrecevabilit\u00e9\u00bb<\/a>&nbsp;(Lib\u00e9ration)<a href=\"https:\/\/www.huffingtonpost.fr\/politique\/article\/reforme-des-retraites-riester-juge-logique-d-empecher-le-texte-de-liot_217893.html\"><\/a><\/p>\n\n\n\n<p><a href=\"https:\/\/www.huffingtonpost.fr\/politique\/article\/reforme-des-retraites-riester-juge-logique-d-empecher-le-texte-de-liot_217893.html\">Riester juge \u00ablogique\u00bb d\u2019emp\u00eacher le vote sur l\u2019abrogation de la r\u00e9forme des retraites<\/a>&nbsp;(HuffPost)<\/p>\n\n\n\n<p><a href=\"https:\/\/www.huffingtonpost.fr\/politique\/article\/recus-par-elisabeth-borne-les-syndicats-font-monter-les-encheres_217852.html\">Les syndicats font monter les ench\u00e8res avant de reprendre le dialogue avec Borne<\/a>&nbsp;(HuffPost)<\/p>\n\n\n\n<p><a href=\"https:\/\/go.ldh-france.org\/lnk\/AWgAABf6ilgAAcuI4KwAAG8x62wAAVQQeZ0AHnIRAAi26gBkUoMo2CO4ljB4SnSzc_1O_UBkfgAIRKs\/1\/C7bLL0Y7rKNfsV5IzZMpMQ\/aHR0cHM6Ly93d3cubGRoLWZyYW5jZS5vcmcvbGEtbGRoLWRlcG9zZS1wbGFpbnRlLWNvbnRyZS11bi1lbHUtZGUtbGEtcmVwdWJsaXF1ZS1xdWktYXBwZWxsZS1hdS1tZXVydHJlLWRlcy1qZXVuZXMtY29tb3JpZW5zLWEtbWF5b3R0ZS8\"><strong>Retraites&nbsp;: Haro sur les Maghr\u00e9bins \u00e2g\u00e9s !<\/strong><\/a>&nbsp;(LDH)<\/p>\n\n\n\n<p><a href=\"https:\/\/www.humanite.fr\/politique\/versailles\/versailles-concert-de-casseroles-pour-accueillir-le-president-et-des-patrons-795104#xtor=RSS-1\">\u00c0 Versailles, concert de casseroles pour accueillir le pr\u00e9sident et des patrons<\/a>&nbsp;(L\u2019Humanit\u00e9)<\/p>\n\n\n\n<p><a href=\"https:\/\/www.politis.fr\/articles\/2023\/05\/la-casserolades-ou-la-resurgence-du-charivari-politique\/\">La casserolade, ou la r\u00e9surgence du charivari&nbsp;<\/a>&nbsp;(Politis)<\/p>\n\n\n\n<p><a href=\"https:\/\/www.force-ouvriere.fr\/ensemble-pour-obtenir-le-retrait-et-pour-la-justice-sociale\">Ensemble pour obtenir le retrait et pour la justice sociale&nbsp;!<\/a>&nbsp;(Force Ouvri\u00e8re)<\/p>\n\n\n\n<p><a href=\"https:\/\/www.ldh-france.org\/la-ldh-partenaire-du-jeu-on-lache-rien\/\">Contre les violences polici\u00e8res, d\u00e9couvrez le jeu de soci\u00e9t\u00e9 \u201cOn l\u00e2che rien !\u201d<\/a>(LDH)<\/p>\n\n\n\n<p><mark><strong>15 mai<\/strong><\/mark><\/p>\n\n\n\n<p><a href=\"https:\/\/www.huffingtonpost.fr\/politique\/article\/reforme-des-retraites-emmanuel-macron-a-trouve-un-bon-cote-a-la-proposition-de-loi-de-liot_217833.html\">Macron a trouv\u00e9 un bon c\u00f4t\u00e9 \u00e0 la proposition de loi pour abroger la r\u00e9forme des retraites<\/a>&nbsp;(HuffPost)<\/p>\n\n\n\n<p><a href=\"https:\/\/www.huffingtonpost.fr\/politique\/article\/dans-l-interview-de-macron-a-l-opinion-ces-phrases-ne-vont-pas-apaiser-les-syndicats_217831.html\">Phrases de Macron qui ne vont pas apaiser les syndicats avant leur rencontre avec Borne<\/a>&nbsp;(HuffPost)<\/p>\n\n\n\n<p><a href=\"https:\/\/www.huffingtonpost.fr\/politique\/article\/reforme-des-retraites-face-a-la-proposition-de-loi-liot-qui-veut-l-abroger-que-fera-la-majorite_217785.html\">Les 4 options de la majorit\u00e9 face \u00e0 la loi qui veut abroger la r\u00e9forme des retraites<\/a>&nbsp;(HuffPost)<\/p>\n\n\n\n<p><a href=\"https:\/\/www.mediapart.fr\/journal\/france\/140523\/serge-slama-le-gouvernement-aux-abois-est-dans-une-spirale-securitaire\">Serge Slama: \u00abLe gouvernement aux abois est dans une spirale s\u00e9curitaire\u00bb&nbsp;<\/a>&nbsp;(M\u00e9diapart)<\/p>\n\n\n\n<p><a href=\"https:\/\/www.francetvinfo.fr\/faits-divers\/police\/maintien-de-l-ordre-comment-associations-et-syndicats-repondent-a-un-emballement-et-un-engrenage-inquietant-de-l-etat_5807036.html\">Maintien de l\u2019ordre : associations et syndicats r\u00e9pondent \u00e0 un \u00abengrenage inqui\u00e9tant\u00bb de l\u2019Etat<\/a>&nbsp;(France t\u00e9l\u00e9vision)<\/p>\n\n\n\n<p><mark><strong>13 mai<\/strong><\/mark><\/p>\n\n\n\n<p><a href=\"https:\/\/www.placegrenet.fr\/2023\/05\/13\/grenoble-olivier-veran-venu-decorer-un-pharmacien-du-chu-a-ete-accueilli-par-une-casserolade\/602884\">Grenoble : Olivier V\u00e9ran, venu d\u00e9corer un pharmacien du CHU, a \u00e9t\u00e9 accueilli par une casserolade<\/a>&nbsp; (Place Gre\u2019net)<\/p>\n\n\n\n<p><strong><a href=\"https:\/\/www.revue-ballast.fr\/olivier-mateu-il-faut-partir-au-combat-lorganiser\/\">Olivier Mateu : \u00ab Il faut partir au combat, l\u2019organiser \u00bb<\/a>&nbsp;<\/strong>&nbsp;(Ballast)<\/p>\n\n\n\n<p><a href=\"https:\/\/rebellyon.info\/Non-a-la-reforme-des-retraites-Une-24890\">Non \u00e0 la r\u00e9forme des retraites \u2013 Une approche afrof\u00e9ministe par le collectif Mwasi<\/a>&nbsp;(Rebellyon)<\/p>\n\n\n\n<p><strong><a href=\"https:\/\/www.force-ouvriere.fr\/fonction-publique-sur-fond-de-colere-sur-les-retraites-l\">Fonction publique&nbsp;: sur fond de col\u00e8re sur les retraites, l\u2019exigence de parler aussi des salaires<\/a>&nbsp;<\/strong>(FO)<\/p>\n\n\n\n<p><a href=\"https:\/\/www.youtube.com\/watch?v=vQ7gm7DFLNY&amp;ab_channel=CLPRESS%2FAgencedepresse\">Carnaval surprise contre la r\u00e9forme des retraites (12 mai 2023, Paris, France) [4K]<\/a>&nbsp;(CL)<\/p>\n\n\n\n<p><strong><a href=\"https:\/\/lanticapitaliste.org\/actualite\/politique\/nantes-une-repression-violente-au-service-des-reformes\">Nantes : une r\u00e9pression violente au service des r\u00e9formes<\/a>&nbsp;<\/strong>(l\u2019Anticapitaliste)<\/p>\n\n\n\n<p><mark><strong>12 mai<\/strong><\/mark><\/p>\n\n\n\n<p><a href=\"https:\/\/www.francetvinfo.fr\/economie\/retraite\/reforme-des-retraites\/retraites-sophie-binet-appelle-les-parlementaires-a-prendre-leurs-responsabilites-le-8-juin-pour-voter-l-abrogation-de-la-reforme_5821676.html\">Retraites : Sophie Binet appelle les parlementaires \u00ab&nbsp;\u00e0 prendre leurs responsabilit\u00e9s&nbsp;\u00bb le 8 juin&nbsp;<\/a>&nbsp;(Entretien France Info)<\/p>\n\n\n\n<p><strong><a href=\"https:\/\/www.huffingtonpost.fr\/politique\/video\/emmanuel-macron-a-dunkerque-et-elisabeth-borne-a-la-reunion-rattrapes-par-la-reforme-des-retraites_217753.html\">De La R\u00e9union \u00e0 Dunkerque, la r\u00e9forme des retraites, v\u00e9ritable sparadrap du couple ex\u00e9cutif<\/a>&nbsp;<\/strong>(HuffPost)<\/p>\n\n\n\n<p>&nbsp;<a href=\"https:\/\/www.boursorama.com\/videos\/actualites\/a-la-reunion-borne-accueillie-par-des-manifestants-a-saint-pierre-92eeb3360eb21a07b3c53d0ca1e9eb7e\">A La R\u00e9union, Borne accueillie par des manifestants \u00e0 Saint-Pierre<\/a>&nbsp;(AFP Vid\u00e9o)<\/p>\n\n\n\n<p><a href=\"https:\/\/www.lemonde.fr\/societe\/article\/2023\/05\/12\/reforme-des-retraites-a-paris-une-manifestation-des-jeunes-qui-refusent-de-tourner-la-page_6173003_3224.html\">Retraites&nbsp;: \u00e0 Paris, une manifestation des jeunes qui refusent de \u00ab&nbsp;tourner la page&nbsp;\u00bb<\/a>&nbsp;(Le Monde)<\/p>\n\n\n\n<p><a href=\"https:\/\/www.lemonde.fr\/societe\/article\/2023\/05\/12\/manifestations-il-faut-remonter-a-la-guerre-d-algerie-pour-retrouver-de-telles-interdictions-systematiques_6173039_3224.html\">\u00ab&nbsp;En France, l\u2019interdiction d\u2019une manifestation ne peut pas \u00eatre impos\u00e9e a priori comme un ordre du ministre aux pr\u00e9fets&nbsp;\u00bb<\/a>&nbsp;(Le Monde)<\/p>\n\n\n\n<p><mark><strong>11 mai<\/strong><\/mark><\/p>\n\n\n\n<p><a href=\"https:\/\/www.mediapart.fr\/journal\/france\/090523\/sophie-binet-cgt-le-pouvoir-criminalise-les-activistes-et-les-militants\"><strong>Sophie Binet (CGT)&nbsp;: \u00ab&nbsp;Le pouvoir criminalise les activistes et les militants&nbsp;\u00bb<\/strong><\/a>(A l\u2019air libre)<\/p>\n\n\n\n<p><a href=\"https:\/\/www.liberation.fr\/economie\/social\/retraites-une-trentaine-de-decrets-sera-publiee-avant-le-1er-septembre-20230510_ZXAZVWZGZBF4BMT7MDS65GIRRY\/\">Retraites&nbsp;: une trentaine de d\u00e9crets sera publi\u00e9e avant le 1er&nbsp;septembre<\/a>&nbsp;(Lib\u00e9ration)<\/p>\n\n\n\n<p><a href=\"https:\/\/www.mediapart.fr\/journal\/france\/100523\/l-affaire-des-fichiers-sauvages-de-manifestants-gardes-vue-rebondit\">L\u2019affaire des fichiers sauvages de manifestants gard\u00e9s \u00e0 vue rebondit<\/a>&nbsp;(M\u00e9diapart)<\/p>\n\n\n\n<p><a href=\"https:\/\/www.liberation.fr\/politique\/la-macronie-mise-sur-le-pourrissement-pour-sauver-la-reforme-des-retraites-20230510_WBOZTFG6BZG5PPB3CSZ6RGV3AU\/\">La macronie mise sur le pourrissement pour sauver la r\u00e9forme des retraites<\/a>&nbsp;(Lib\u00e9ration)<\/p>\n\n\n\n<p><a href=\"https:\/\/www.politis.fr\/articles\/2023\/05\/13-14-mai-rassemblement-festif-et-determine-a-saclay\/\">13-14 mai : Rassemblement \u00ab festif et d\u00e9termin\u00e9 \u00bb \u00e0 Saclay<\/a>&nbsp;(Politis)<\/p>\n\n\n\n<p><a href=\"https:\/\/www.humanite.fr\/social-eco\/reforme-des-retraites\/reforme-des-retraites-une-application-marche-forcee-794526\">R\u00e9forme des retraites\u2009: une application \u00e0 marche forc\u00e9e<\/a>&nbsp;(l\u2019Humanit\u00e9)<\/p>\n\n\n\n<p><a href=\"https:\/\/www.journaldunet.com\/management\/vie-personnelle\/1519791-jour-de-greve-2023-nouvelle-journee-d-action-mardi-6-juin\/\">Jour de gr\u00e8ve 2023&nbsp;: nouvelle journ\u00e9e d\u2019action mardi 6&nbsp;juin&nbsp;<\/a>(JDN)<\/p>\n\n\n\n<p><mark><strong>10 mai<\/strong><\/mark><\/p>\n\n\n\n<p><a href=\"https:\/\/www.francetvinfo.fr\/economie\/retraite\/reforme-des-retraites\/reforme-des-retraites-j-appelle-l-ensemble-des-deputes-a-voter-la-proposition-de-loi-liot-declare-sophie-binet_5817212.html\">Retraites : \u00ab&nbsp;J\u2019appelle l\u2019ensemble des d\u00e9put\u00e9s \u00e0 voter la proposition de loi&nbsp;\u00bb du groupe Liot, d\u00e9clare Sophie Binet<\/a>&nbsp;(France Info)<\/p>\n\n\n\n<p><a href=\"https:\/\/www.boursorama.com\/actualite-economique\/actualites\/le-fmi-defend-sa-position-sur-la-reforme-des-retraites-on-ne-va-pas-intervenir-dans-le-debat-politique-9a5b44cb13163dab3dd70a91b1b75ad1\">Le FMI d\u00e9fend sa position sur la r\u00e9forme des retraites : \u00ab&nbsp;On ne va pas intervenir dans le d\u00e9bat politique!&nbsp;\u00bb<\/a>&nbsp;(Boursorama)&nbsp;&nbsp;<\/p>\n\n\n\n<p><a href=\"https:\/\/lundi.am\/Les-manifestants-contre-la-reforme-des-retraites-souhaitent-ils-tuer-des\">Les manifestants contre la r\u00e9forme des retraites souhaitent-ils tuer des policiers comme l\u2019affirme G\u00e9rald Darmin&nbsp;?<\/a>&nbsp;(Lundimatin)<\/p>\n\n\n\n<p><mark><strong>9 mai<\/strong><\/mark><\/p>\n\n\n\n<p><a href=\"https:\/\/blogs.mediapart.fr\/ivan-jurkovic\/blog\/090523\/retraites-retour-sur-levolution-de-la-situation-politique-et-sociale-en-france\">Retraites : retour sur l\u2019\u00e9volution de la situation politique et sociale en France<\/a>&nbsp;(Blog de Ivan Jurkovic)<\/p>\n\n\n\n<p><a href=\"https:\/\/www.arretsurimages.net\/articles\/garde-a-vue-racontee-facon-police-chez-le-parisien-et-match\">Garde \u00e0 vue racont\u00e9e fa\u00e7on police chez \u00ab&nbsp;Le Parisien&nbsp;\u00bb et \u00ab&nbsp;Match&nbsp;\u00bb<\/a>&nbsp;(Arr\u00eat sur images)<\/p>\n\n\n\n<p><a href=\"https:\/\/theconversation.com\/comment-une-crise-parlementaire-inedite-est-nee-avec-la-reforme-des-retraites-204596\"><strong>Comment une crise parlementaire in\u00e9dite est n\u00e9e avec la r\u00e9forme des retraites<\/strong><\/a>&nbsp;(The Conversation)<\/p>\n\n\n\n<p><a href=\"https:\/\/www.cadtm.org\/France-Que-se-passe-t-il-quand-Macron-a-deja-ete-vaincu-et-le-grand-mouvement\">Que se passe-t-il quand Macron a d\u00e9j\u00e0 \u00e9t\u00e9 vaincu et le grand mouvement populaire n\u2019a pas encore gagn\u00e9 ?<\/a>&nbsp; (CADTM)<\/p>\n\n\n\n<p><strong><a href=\"https:\/\/www.liberation.fr\/societe\/education\/reforme-des-retraites-la-jeunesse-appelee-a-se-mobiliser-le-11-mai-20230509_32HYZR47NNCGDFAHGLAF4L5RVE\/\">R\u00e9forme des retraites&nbsp;: la jeunesse appel\u00e9e \u00e0 se mobiliser le 11&nbsp;mai<\/a>&nbsp;<\/strong>(Lib\u00e9ration)<\/p>\n\n\n\n<p><a href=\"https:\/\/cqfd-journal.org\/Mars-aux-poubelles-avril-aux\">Mars aux poubelles, avril aux casseroles<\/a>&nbsp;(CQFD)<\/p>\n\n\n\n<p><mark><strong>8 mai<\/strong><\/mark><\/p>\n\n\n\n<p><strong><a href=\"https:\/\/www.huffingtonpost.fr\/politique\/article\/meme-le-8-mai-emmanuel-macron-rattrape-par-la-reforme-des-retraites_217570.html\">Des Champs-\u00c9lys\u00e9es vides aux casseroles de Lyon, Macron rattrap\u00e9 par les retraites le 8&nbsp;mai<\/a>&nbsp;<\/strong>(HuffPost)<\/p>\n\n\n\n<p><a href=\"https:\/\/www.huffingtonpost.fr\/politique\/video\/commemorations-du-8-mai-les-images-de-macron-sur-les-champs-elysees-sous-l-arc-de-triomphe_217564.html\">Les images de Macron lors des comm\u00e9morations du 8-Mai sur les Champs-\u00c9lys\u00e9es quasi vides<\/a>&nbsp;(HuffPost)<\/p>\n\n\n\n<p><a href=\"https:\/\/www.huffingtonpost.fr\/politique\/article\/commemorations-du-8-mai-a-lyon-ou-se-rend-macron-l-intediction-de-manifester-reste-en-vigueur_217563.html\">3000&nbsp;manifestants malgr\u00e9 l\u2019interdiction pr\u00e9fectorale \u00e0 Lyon, o\u00f9 se rend Macron pour le 8-Mai<\/a><a>&nbsp;<\/a>(HuffPost)<\/p>\n\n\n\n<p><a href=\"https:\/\/www.francetvinfo.fr\/economie\/retraite\/reforme-des-retraites\/au-bout-d-un-an-j-ai-l-impression-d-un-quinquennat-gache-ces-electeurs-d-emmanuel-macron-gagnes-par-le-doute-apres-la-reforme-des-retraites_5794733.html\">\u2019Au bout d\u2019un an, j\u2019ai l\u2019impression d\u2019un quinquennat g\u00e2ch\u00e9\u2019 : ces \u00e9lecteurs de Macron apr\u00e8s la r\u00e9forme des retraites<\/a>&nbsp;(France Info)<\/p>\n\n\n\n<p><a href=\"https:\/\/t.nl.france3.fr\/r\/?id=hbd563c1c,6b584cee,5f956f8b&amp;p1=20230506&amp;p2=726375-1613287517-668363dc\">Nicolas Pacquot, d\u00e9put\u00e9 Renaissance invit\u00e9 par les syndicats \u00e0 travailler un mois \u00e0 la cha\u00eene \u00e0 Stellantis Sochaux<\/a>&nbsp;(France 3)<\/p>\n\n\n\n<p><strong>6 mai<\/strong><\/p>\n\n\n\n<p><a href=\"https:\/\/www.lemonde.fr\/politique\/article\/2023\/05\/06\/invitation-d-elisabeth-borne-aux-syndicats-la-cgt-annonce-qu-elle-se-rendra-a-matignon_6172362_823448.html\">Invitation d\u2019Elisabeth Borne aux syndicats&nbsp;: la CGT annonce qu\u2019elle se rendra \u00e0 Matignon<\/a>&nbsp;(Le Monde)<\/p>\n\n\n\n<p><a href=\"https:\/\/www.huffingtonpost.fr\/politique\/article\/gerald-darmanin-accuse-d-avoir-menti-pour-eviter-une-casserolade_217534.html\">G\u00e9rald Darmanin accus\u00e9 d\u2019avoir menti pour \u00e9viter une casserolade<\/a>&nbsp;(HuffPost)<\/p>\n\n\n\n<p><a href=\"https:\/\/rebellyon.info\/1er-mai-contre-la-reforme-des-retraites-24870\">1er&nbsp;mai contre Macron et la r\u00e9forme des retraites. Retour sur les proc\u00e8s de manifestant-e-s arr\u00eat\u00e9-e-s<\/a>&nbsp; (Rebellyon)<\/p>\n\n\n\n<p><a href=\"https:\/\/www.lemediatv.fr\/emissions\/2023\/terres-de-luttes-pourquoi-la-france-se-souleve-XEaa7QT5RpW_mzSsGQYksg\">Terres de luttes : pourquoi la France se soul\u00e8ve<\/a>&nbsp;(Le M\u00e9dia)<\/p>\n\n\n\n<p><a href=\"https:\/\/www.lemonde.fr\/sciences\/article\/2023\/05\/04\/reforme-des-retraites-les-annees-blanches-des-postdoctorants-oubliees_6171996_1650684.html\">R\u00e9forme des retraites&nbsp;: les \u00ab&nbsp;ann\u00e9es blanches&nbsp;\u00bb des postdoctorants oubli\u00e9es<\/a>&nbsp;(Le Monde)<\/p>\n\n\n\n<p><strong><a href=\"https:\/\/www.youtube.com\/watch?v=lJozGvQT9Bo&amp;ab_channel=BLAST%2CLesouffledel%27info\">Retraites : Macron d\u00e9tourne des lois anti terroriste face \u00e0 la contestation<\/a>&nbsp;<\/strong>(Blast)<\/p>\n\n\n\n<p><a href=\"https:\/\/www.youtube.com\/watch?v=UPcm2MOIw7U&amp;ab_channel=BLAST%2CLesouffledel%27info\">Garde \u00e0 vue, d\u00e9lit de faci\u00e8s, intimidation : le r\u00e9cit hallucinant d\u2019un \u00e9tudiant<\/a>&nbsp;(Blast)<\/p>\n\n\n\n<p><a href=\"https:\/\/rebellyon.info\/La-Prefecture-du-Rhone-interdit-la-24872\">La Pr\u00e9fecture du Rh\u00f4ne interdit la manifestation r\u00e9gionale du 6&nbsp;mai, ne nous laissons pas faire&nbsp;!<\/a>&nbsp;(Rebellyon)<\/p>\n\n\n\n<p><a href=\"https:\/\/www.revolutionpermanente.fr\/Apres-4-jours-de-prison-un-etudiant-interpelle-le-1er-Mai-condamne-a-6-mois-de-sursis\">Apr\u00e8s 4 jours de prison, un \u00e9tudiant interpell\u00e9 le 1er Mai condamn\u00e9 \u00e0 6 mois de sursis<\/a>&nbsp;(RP)<\/p>\n\n\n\n<p><a href=\"https:\/\/www.humanite.fr\/social-eco\/reforme-des-retraites\/chantiers-navals-un-ocean-de-penibilite-793504\">Chantiers navals : un oc\u00e9an de p\u00e9nibilit\u00e9<\/a>&nbsp;(L\u2019humanit\u00e9)<\/p>\n\n\n\n<p><a href=\"https:\/\/www.force-ouvriere.fr\/une-feuille-de-route-sans-moyens-17638\">Une feuille de route sans moyens<\/a>&nbsp;(FO)<\/p>\n\n\n\n<p><strong><a href=\"https:\/\/rapportsdeforce.fr\/classes-en-lutte\/retraites-100-jours-dapaisement-sous-tension-050517924\">Retraites : \u00ab 100 jours d\u2019apaisement \u00bb sous tension<\/a>&nbsp;<\/strong>(Rapports de force)<\/p>\n\n\n\n<figure class=\"wp-block-image\"><img loading=\"lazy\" decoding=\"async\" width=\"714\" height=\"608\" src=\"https:\/\/i0.wp.com\/www.rdpemancipation.org\/wp-content\/uploads\/2023\/05\/image-12.png?resize=357%2C304&amp;ssl=1\" alt=\"\" class=\"wp-image-113902\" srcset=\"https:\/\/i0.wp.com\/www.rdpemancipation.org\/wp-content\/uploads\/2023\/05\/image-12.png?w=714&amp;ssl=1 714w, https:\/\/i0.wp.com\/www.rdpemancipation.org\/wp-content\/uploads\/2023\/05\/image-12.png?resize=300%2C255&amp;ssl=1 300w\" sizes=\"auto, (max-width: 714px) 100vw, 714px\" \/><\/figure>\n\n\n\n<p><strong>5 mai<\/strong><\/p>\n\n\n\n<p><a href=\"https:\/\/www.rue89lyon.fr\/2023\/05\/05\/comite-accueil-emmanuel-macron-lyon-8-mai\/\">Un comit\u00e9 d\u2019accueil sonore pour accueillir Emmanuel Macron \u00e0 Lyon le 8 mai<\/a>&nbsp;(Rue89Lyon)<\/p>\n\n\n\n<p><a href=\"https:\/\/link.newsletter.franceculture.fr\/m\/ml\/7429\/798017\/Is9Zht_pQG5goedZXO6-im9C5lXTLJmivm821gAfcU8=\/KlVnf8bAKTAXS6qzL+PkOFY+mvu4REqmF+EynUOIVj0=\/\">Retraites&nbsp;: comment la mobilisation ram\u00e8ne les salari\u00e9s vers le syndicalisme<\/a>&nbsp;(France Culture)<\/p>\n\n\n\n<p><a href=\"https:\/\/paris-luttes.info\/petites-precisions-sur-les-16977\">Petites pr\u00e9cisions sur les \u00ab&nbsp;d\u00e9gradations de mobilier urbain&nbsp;\u00bb<\/a>&nbsp;(paris-luttes.info)<\/p>\n\n\n\n<p><a href=\"https:\/\/aoc.media\/opinion\/2023\/04\/30\/violences-2\/\">Violences<\/a>&nbsp;(aoc.media)<\/p>\n\n\n\n<p><a href=\"https:\/\/www.huffingtonpost.fr\/faits-divers\/article\/dans-l-eure-le-retraite-interpelle-pour-sa-banderole-anti-macron-ironise-sur-sa-condamnation_217500.html\">\u00abOn va bien se marrer\u00bb, ironise le retrait\u00e9 interpell\u00e9 pour une banderole anti-Macron<\/a>&nbsp;(HuffPost)<\/p>\n\n\n\n<p><a href=\"https:\/\/www.politis.fr\/articles\/2023\/05\/condamne-a-un-stage-de-citoyennete-a-77-ans-pour-une-banderole-anti-macron\/\">Condamn\u00e9 \u00e0 un stage de citoyennet\u00e9 \u00e0 77 ans pour une banderole anti-Macron<\/a>&nbsp;(Politis)<\/p>\n\n\n\n<figure class=\"wp-block-image\"><img loading=\"lazy\" decoding=\"async\" width=\"768\" height=\"541\" src=\"https:\/\/i0.wp.com\/www.rdpemancipation.org\/wp-content\/uploads\/2023\/05\/image-13.png?resize=409%2C288&amp;ssl=1\" alt=\"\" class=\"wp-image-113903\" srcset=\"https:\/\/i0.wp.com\/www.rdpemancipation.org\/wp-content\/uploads\/2023\/05\/image-13.png?w=768&amp;ssl=1 768w, https:\/\/i0.wp.com\/www.rdpemancipation.org\/wp-content\/uploads\/2023\/05\/image-13.png?resize=300%2C211&amp;ssl=1 300w\" sizes=\"auto, (max-width: 768px) 100vw, 768px\" \/><\/figure>\n\n\n\n<p><a href=\"https:\/\/www.huffingtonpost.fr\/politique\/article\/darmanin-veut-s-inspirer-des-interdictions-de-stade-contre-les-manifestants-et-cela-fait-polemique_217463.html\">Darmanin aimerait s\u2019inspirer de l\u2019interdiction de stade pour les manifs, et \u00e7a ne passe pas aupr\u00e8s des supporters<\/a>&nbsp;(HuffPost)<\/p>\n\n\n\n<p><a href=\"http:\/\/alencontre.org\/europe\/france\/france-des-arrestations-preventives-avant-que-les-gens-naient-fait-quoi-que-ce-soit-de-reprehensible.html\">\u00abDes arrestations pr\u00e9ventives, avant que les gens n\u2019aient fait quoi que ce soit de r\u00e9pr\u00e9hensible\u00bb<\/a>&nbsp;(A l\u2019encontre)<\/p>\n\n\n\n<p><strong><a href=\"https:\/\/www.marianne.net\/politique\/proposition-de-loi-syndicats-conseil-detat-les-ultimes-recours-pour-empecher-la-reforme-des-retraites\">Proposition de loi, syndicats, Conseil d\u2019Etat : les ultimes recours&nbsp;pour emp\u00eacher la r\u00e9forme des retraites<\/a>&nbsp;(<\/strong>Marianne)<\/p>\n\n\n\n<p><a href=\"https:\/\/theconversation.com\/rip-un-nouveau-rejet-du-conseil-constitutionnel-interroge-les-limites-du-pouvoir-du-peuple-205045\">RIP : un&nbsp;nouveau rejet du Conseil constitutionnel interroge les limites du&nbsp;pouvoir du&nbsp;peuple<\/a>&nbsp;(The conversation)<\/p>\n\n\n\n<p><strong>4 mai<\/strong><\/p>\n\n\n\n<p><a href=\"http:\/\/www.regards.fr\/actu\/economie\/mad-marx\/article\/retraites-le-vrai-rendement-de-la-reforme-ou-l-enfumage-organise\">Retraites : le \u00abvrai rendement de la r\u00e9forme\u00bb ou l\u2019enfumage organis\u00e9<\/a>&nbsp;(Regards)<\/p>\n\n\n\n<p><strong><a href=\"https:\/\/www.francetvinfo.fr\/politique\/emmanuel-macron\/direct-emmanuel-macron-de-nouveau-sur-le-terrain-pour-presenter-la-reforme-du-lycee-professionnel_5806442.html\">Emmanuel Macron \u00e0 Saintes : la CGT coupe l\u2019\u00e9lectricit\u00e9 dans le lyc\u00e9e visit\u00e9<\/a>&nbsp;<\/strong>(Direct de France Info)<\/p>\n\n\n\n<p><strong><a href=\"https:\/\/www.boursorama.com\/actualite-economique\/actualites\/retraites-l-intersyndicale-veut-gagner-le-vote-du-8-juin-dit-binet-a-l-afp-9af26a605caa39659b98e45b5c6a9576\">Retraites : l\u2019intersyndicale veut \u00ab&nbsp;gagner le vote&nbsp;\u00bb du 8 juin, dit Binet \u00e0 l\u2019AFP<\/a>&nbsp;<\/strong>(AFP)<\/p>\n\n\n\n<p><a href=\"https:\/\/www.alternatives-economiques.fr\/christian-chavagneux\/lintersyndicale-organisait-un-rip-meme\/00106853\">Et si l\u2019intersyndicale organisait un RIP quand m\u00eame\u2026<\/a>&nbsp; -Christian Chavagneux (Alter \u00e9co)<\/p>\n\n\n\n<p><strong><a href=\"https:\/\/france.attac.org\/actus-et-medias\/salle-de-presse\/article\/rejet-du-rip-par-le-conseil-constitutionnel-un-nouveau-deni-de-democratie\">Rejet du RIP par le Conseil constitutionnel : un nouveau d\u00e9ni de d\u00e9mocratie<\/a>&nbsp;<\/strong>&nbsp;(Attac France)<\/p>\n\n\n\n<p><a href=\"https:\/\/www.humanite.fr\/politique\/referendum-retraites\/le-conseil-constitutionnel-tue-le-rip-une-deuxieme-fois-793746#xtor=RSS-1\">Le Conseil constitutionnel tue le RIP une deuxi\u00e8me fois<\/a>&nbsp;(L\u2019Humanit\u00e9)<\/p>\n\n\n\n<p><a href=\"https:\/\/www.boursorama.com\/videos\/actualites\/retraites-action-de-la-cgt-energie-a-la-defense-en-attendant-le-verdict-des-sages-e8c89151160d064716e59387484786ec\">Retraites: action de la CGT Energie \u00e0 La D\u00e9fense&nbsp;<\/a>(AFP Video)<\/p>\n\n\n\n<p><a href=\"https:\/\/www.france24.com\/fr\/france\/20230503-retraites-le-conseil-constitutionnel-se-prononce-sur-une-seconde-demande-de-r%C3%A9f%C3%A9rendum\">Retraites : le Conseil constitutionnel rejette une deuxi\u00e8me demande de r\u00e9f\u00e9rendum<\/a>&nbsp;(France 24)<\/p>\n\n\n\n<p><a href=\"https:\/\/www.youtube.com\/watch?v=-Xa1koj5FNM&amp;ab_channel=AFP\">Retraites : \u00ab&nbsp;casserolade&nbsp;\u00bb \u00e0 Paris apr\u00e8s le rejet du RIP par le Conseil constitutionnel | AFP Images<\/a>&nbsp;(AFP)<\/p>\n\n\n\n<p><a href=\"https:\/\/lanticapitaliste.org\/actualite\/politique\/pas-de-treve-pas-dapaisement-est-la-et-sera-la\">Pas de tr\u00eave, pas d\u2019apaisement : on est l\u00e0 et on sera l\u00e0\u2009!<\/a>&nbsp;(l\u2019Anticapitaliste)<\/p>\n\n\n\n<p><a href=\"https:\/\/www.msn.com\/fr-fr\/actualite\/france\/r%C3%A9forme-des-retraites-on-lui-fait-payer-le-fait-d-avoir-fait-gr%C3%A8ve-une-employ%C3%A9e-d-un-leclerc-licenci%C3%A9e-pr%C3%A8s-de-nice\/ar-AA1aHezX\">\u00ab On lui fait payer le fait d\u2019avoir fait gr\u00e8ve \u00bb, une employ\u00e9e d\u2019un Leclerc licenci\u00e9e pr\u00e8s de Nice<\/a>&nbsp;(20 minutes)<\/p>\n\n\n\n<p><strong>3 mai<\/strong><\/p>\n\n\n\n<p><a href=\"https:\/\/rapportsdeforce.fr\/breves\/retraites-lintersyndicale-appelle-a-une-nouvelle-de-greve-le-6-juin-050217884\">Retraites : l\u2019intersyndicale appelle \u00e0 une nouvelle journ\u00e9e de gr\u00e8ve le 6 juin<\/a>&nbsp;(Rapports de Force)<\/p>\n\n\n\n<p><a href=\"https:\/\/rapportsdeforce.fr\/classes-en-lutte\/1er-mai-regain-de-mobilisation-pour-un-mouvement-qui-refuse-de-seteindre-050117867\">1er mai : regain de mobilisation pour un mouvement qui refuse de s\u2019\u00e9teindre<\/a>&nbsp;(Rapports de Force)<\/p>\n\n\n\n<p><a href=\"https:\/\/www.revolutionpermanente.fr\/6-juin-l-intersyndicale-tente-d-enterrer-le-mouvement-sur-fond-de-reprise-du-dialogue-social\">6 juin&nbsp;: l\u2019intersyndicale tente d\u2019enterrer le mouvement sur fond de reprise du \u00ab&nbsp;dialogue social&nbsp;\u00bb<\/a>&nbsp;(RP)<\/p>\n\n\n\n<p><a href=\"https:\/\/www.force-ouvriere.fr\/toujours-unis-nombreux-et-determines-pour-le-retrait-et-pour-le\">Toujours unis, nombreux et d\u00e9termin\u00e9s pour le retrait et pour le progr\u00e8s social<\/a>&nbsp;(FO)<\/p>\n\n\n\n<p><a href=\"https:\/\/www.mediapart.fr\/journal\/fil-dactualites\/030523\/manifestations-en-france-des-atteintes-graves-aux-droits-en-garde-vue-selon-une-autorite-independ\">Manifestations : \u00abdes atteintes graves aux droits\u00bb en garde \u00e0 vue<\/a>&nbsp;(AFP)<\/p>\n\n\n\n<p><a href=\"https:\/\/www.liberation.fr\/societe\/police-justice\/gardes-a-vue-des-manifestants-ce-sont-des-sortes-darrestations-preventives-arbitraires-20230503_DG7IM6XPAVH57N26DG3GG3GXWA\/\">Gardes \u00e0 vue de manifestants&nbsp;: \u00abCe sont des sortes d\u2019arrestations pr\u00e9ventives, arbitraires\u00bb<\/a>&nbsp;(Lib\u00e9ration)<\/p>\n\n\n\n<p><strong><a href=\"https:\/\/www.lemonde.fr\/idees\/article\/2023\/05\/02\/reforme-des-retraites-les-syndicats-vainqueurs-malgre-tout_6171752_3232.html\">R\u00e9forme des retraites&nbsp;: les syndicats vainqueurs malgr\u00e9 tout<\/a>&nbsp;<\/strong>(Le Monde)<\/p>\n\n\n\n<p><a href=\"https:\/\/www.mediapart.fr\/journal\/france\/020523\/deux-blesses-graves-nantes-le-1er-mai-se-rapproche-d-un-contexte-de-guerre\">Deux bless\u00e9s graves \u00e0 Nantes le 1er Mai&nbsp;: \u00abOn se rapproche d\u2019un contexte de guerre\u00bb&nbsp;<\/a>&nbsp;(M\u00e9diapart)<\/p>\n\n\n\n<p><strong><a href=\"https:\/\/basta.media\/reforme-des-retraites-contestez-vos-verbalisations-abusives-pour-avoir-manifeste\">Retraites : comment contester les verbalisations abusives pour avoir manifest\u00e9 \u00e0 Paris<\/a>&nbsp;&nbsp;<\/strong>(Basta!)<\/p>\n\n\n\n<p><a href=\"https:\/\/www.politis.fr\/articles\/2023\/05\/la-recuperation-ratee-de-le-pen\/\">La r\u00e9cup\u00e9ration rat\u00e9e de Le Pen<\/a>&nbsp;&nbsp;(Politis)<\/p>\n\n\n\n<p><a href=\"https:\/\/www.mediapart.fr\/journal\/international\/030523\/la-retraite-doree-de-81-eurodeputes-francais-grace-un-fonds-de-pension-situe-au-luxembourg\">La retraite en or de 81 eurod\u00e9put\u00e9s fran\u00e7ais&nbsp;<\/a>&nbsp;(M\u00e9diapart)<\/p>\n\n\n\n<p><a href=\"https:\/\/www.mediapart.fr\/journal\/france\/020523\/fabius-50-ans-juppe-57-ans-des-membres-du-conseil-constitutionnel-ont-touche-une-retraite-precoce\">Fabius \u00e0 50 ans, Jupp\u00e9 \u00e0 57 ans&nbsp;: la retraite pr\u00e9coce des membres du Conseil constitutionnel&nbsp;<\/a>&nbsp;(M\u00e9diapart)<\/p>\n\n\n\n<p><strong><a href=\"https:\/\/reporterre.net\/Casserolades-On-va-continuer-a-faire-du-bruit\">Casserolades&nbsp;: \u00ab&nbsp;On va continuer \u00e0 faire du bruit&nbsp;!&nbsp;\u00bb<\/a>&nbsp;<\/strong>(Reporterre)<\/p>\n\n\n\n<p><strong>2 mai<\/strong><\/p>\n\n\n\n<p><a href=\"https:\/\/www.liberation.fr\/economie\/social\/abrogation-de-la-reforme-des-retraites-les-scenarios-de-lespoir-20230501_6DV7QOHXPJDXFIPHQZERPIES3M\/\">Abrogation de la r\u00e9forme des retraites\u200a: les sc\u00e9narios de l\u2019espoir&nbsp;<\/a>&nbsp;(Lib\u00e9ration)<\/p>\n\n\n\n<p><strong><a href=\"https:\/\/www.monde-diplomatique.fr\/2023\/04\/BEROUD\/65659\">Du dialogue social \u00e0 l\u2019\u00e9preuve de force<\/a><\/strong>&nbsp;(Le Monde Diplomatique)<\/p>\n\n\n\n<p><a href=\"https:\/\/www.marianne.net\/societe\/medias\/michael-zemmour-manes-nadel-ces-figures-qui-ont-emerge-avec-la-reforme-des-retraites\">Micha\u00ebl Zemmour, Man\u00e8s Nadel\u2026 Ces figures qui ont \u00e9merg\u00e9 avec la r\u00e9forme des retraites<\/a>&nbsp;(Marianne)<\/p>\n\n\n\n<p><mark><strong>29 avril<\/strong><\/mark><\/p>\n\n\n\n<p><strong><a href=\"https:\/\/www.huffingtonpost.fr\/france\/article\/nantes-toulouse-l-interdiction-du-rassemblement-syndical-aux-abords-du-stade-de-france-levee_217263.html\">L\u2019interdiction du happening syndical aux abords du Stade de France lev\u00e9e par la justice<\/a><\/strong>&nbsp;&nbsp;(HuffPost)<\/p>\n\n\n\n<p><a href=\"https:\/\/www.liberation.fr\/economie\/lagence-fitch-invoque-le-49-3-et-la-mobilisation-sociale-pour-baisser-la-notation-de-la-france-20230429_GQO3344JGJDEVFNPLL43ZT7VAA\/\">L\u2019agence Fitch invoque le 49.3 et la mobilisation sociale pour baisser la notation de la France<\/a>&nbsp;(Lib\u00e9ration)<\/p>\n\n\n\n<p><a href=\"https:\/\/blogs.mediapart.fr\/alain-refalo\/blog\/280423\/casserolades-l-humour-face-un-pouvoir-qui-en-est-incapable\">Casserolades&nbsp;: l\u2019humour face \u00e0 un pouvoir qui en est incapable&nbsp;<\/a>&nbsp;(Blog d\u2019Alain Refalo)<\/p>\n\n\n\n<p><a href=\"https:\/\/blogs.mediapart.fr\/unpalimpseste\/blog\/290423\/casserolades-lorchestre-recalcitrant\">Casserolades, l\u2019orchestre r\u00e9calcitrant&nbsp;<\/a>&nbsp;(Blog unpalimpseste)<\/p>\n\n\n\n<p><a href=\"https:\/\/www.lemonde.fr\/politique\/article\/2023\/04\/29\/face-aux-casseroles-des-manifestants-emmanuel-macron-au-piege-du-proces-en-mepris_6171468_823448.html\">Macron pris au pi\u00e8ge du \u00abproc\u00e8s en m\u00e9pris\u00bb face aux casseroles des manifestants&nbsp;<\/a>&nbsp;(Le Monde)<\/p>\n\n\n\n<p><strong><a href=\"https:\/\/www.youtube.com\/watch?v=bUiUO_doI78&amp;ab_channel=BLAST%2CLesouffledel%27info\">Garde \u00e0 vue : la nouvelle arme anti-manifestants&nbsp;<\/a><\/strong>(Blast)<\/p>\n\n\n\n<p><strong><a href=\"https:\/\/www.liberation.fr\/checknews\/operation-carton-rouge-pour-le-finale-de-la-coupe-de-france-les-sifflets-sont-ils-vraiment-prohibes-dans-les-stades-20230428_XAWJQHI42JE67JHJPL7UXUHFY4\/\">Coupe de France&nbsp;: les sifflets sont-ils vraiment prohib\u00e9s dans les stades&nbsp;?<\/a>&nbsp;<\/strong>(Lib\u00e9ration)<\/p>\n\n\n\n<p><a href=\"https:\/\/www.liberation.fr\/economie\/social\/finale-de-la-coupe-de-france-la-prefecture-de-police-de-paris-interdit-le-rassemblement-syndical-au-stade-de-france-20230428_XKENJU7LFVEPFPGRLS3CNT37TQ\/\">Finale de la Coupe de France : rassemblement syndical interdit, Macron reclus en tribunes<\/a>&nbsp;(Lib\u00e9ration)<\/p>\n\n\n\n<p><a href=\"https:\/\/www.marianne.net\/agora\/entretiens-et-debats\/bernard-friot-pour-les-retraites-il-faudrait-le-regime-le-plus-progressiste-pour-tous\">Bernard Friot&nbsp;: \u00ab&nbsp;Pour les retraites, il faudrait le r\u00e9gime le plus progressiste pour tous<\/a>&nbsp;\u00bb (Marianne)<\/p>\n\n\n\n<p><a href=\"https:\/\/rebellyon.info\/Charge-du-13-avril-a-Lyon-ils-visaient-24818\">Charge du 13&nbsp;avril \u00e0 Lyon&nbsp;: \u00ab&nbsp;ils visaient les cr\u00e2nes&nbsp;\u00bb<\/a>&nbsp;(Rebellyon)<\/p>\n\n\n\n<p><a href=\"https:\/\/www.revolutionpermanente.fr\/Logistique-80-des-salaries-du-transporteur-STEF-au-Mans-en-greve-reconductible-pour-les-salaires\">Logistique. 80% des salari\u00e9s du transporteur STEF au Mans en gr\u00e8ve reconductible pour les salaires<\/a>&nbsp;(RP)<\/p>\n\n\n\n<p><a href=\"https:\/\/www.revolutionpermanente.fr\/9-avril-a-Bordeaux-Meeting-de-lutte-organise-par-le-comite-d-action-pour-la-greve-generale\">29 avril \u00e0 Bordeaux&nbsp;: Meeting de lutte organis\u00e9 par le comit\u00e9 d\u2019action pour la gr\u00e8ve g\u00e9n\u00e9rale<\/a>&nbsp;(RP)<\/p>\n\n\n\n<p><a href=\"https:\/\/www.msn.com\/fr-fr\/finance\/other\/gr%C3%A8ve-contre-la-r%C3%A9forme-des-retraites-un-tiers-des-vols-annul%C3%A9s-%C3%A0-l-a%C3%A9roport-d-orly-le-2-mai\/ar-AA1auwuH\">Gr\u00e8ve contre la r\u00e9forme des retraites : un tiers des vols annul\u00e9s \u00e0 l\u2019a\u00e9roport d\u2019Orly le 2 mai<\/a>&nbsp;(franceinfo)<\/p>\n\n\n\n<p><mark><strong>28 avril<\/strong><\/mark><\/p>\n\n\n\n<p><a href=\"https:\/\/www.liberation.fr\/economie\/social\/finale-de-la-coupe-de-france-la-prefecture-de-police-de-paris-interdit-le-rassemblement-syndical-au-stade-de-france-20230428_XKENJU7LFVEPFPGRLS3CNT37TQ\/\">Coupe de France : la pr\u00e9fecture de police interdit le rassemblement syndical au Stade de France&nbsp;<\/a>&nbsp;(Lib\u00e9ration)<\/p>\n\n\n\n<p><a href=\"http:\/\/www.regards.fr\/actu\/article\/a-la-veille-de-la-finale-de-la-coupe-de-france-toute-la-macronie-est-deja-pls\"><strong>\u00c0 la veille de la finale de la coupe de France, toute la Macronie est d\u00e9j\u00e0 PLS<\/strong><\/a>&nbsp;(Regards)<\/p>\n\n\n\n<p><a href=\"https:\/\/www.huffingtonpost.fr\/sport\/article\/finale-de-la-coupe-de-france-macron-sera-present-mais-descendra-t-il-sur-la-pelouse_217203.html\">Emmanuel Macron sera bien \u00e0 la finale de la Coupe de France mais\u2026<\/a>&nbsp;(HuffPost)<\/p>\n\n\n\n<p><a href=\"https:\/\/www.mediapart.fr\/journal\/politique\/270423\/pourquoi-la-derision-est-une-redoutable-arme-politique\">Pourquoi la d\u00e9rision est historiquement une redoutable arme politique&nbsp;<\/a>&nbsp;(M\u00e9diapart)<\/p>\n\n\n\n<p><strong><a href=\"https:\/\/www.alternatives-economiques.fr\/remobilisation-reponse-mepris-de-quoi-casserolades-so\/00106814\">Remobilisation, r\u00e9ponse au m\u00e9pris&nbsp;: de quoi les casserolades sont-elles le son&nbsp;?&nbsp;<\/a>&nbsp;<\/strong>(Alter \u00e9co)<\/p>\n\n\n\n<p><a href=\"http:\/\/www.regards.fr\/la-midinale\/article\/de-quoi-les-casseroles-sont-elles-le-nom\">De quoi les casserolades sont-elles le nom ?<\/a>&nbsp;&nbsp;(Regards)<\/p>\n\n\n\n<p><a href=\"https:\/\/www.mediapart.fr\/journal\/politique\/270423\/est-la-et-pas-vaincus-ce-que-disent-les-casseroles-et-les-mobilisations-festives\">\u00ab&nbsp;On est l\u00e0 et pas vaincus&nbsp;\u00bb&nbsp;: ce que disent les casseroles et les mobilisations festives&nbsp;<\/a>&nbsp;(M\u00e9diapart)<\/p>\n\n\n\n<p><a href=\"https:\/\/www.huffingtonpost.fr\/politique\/article\/l-interdiction-des-casserolades-dans-le-viseur-du-ministere-de-l-interieur_217236.html\">M\u00eame le minist\u00e8re de l\u2019Int\u00e9rieur met en garde les pr\u00e9fets sur l\u2019interdiction des casserolades<\/a>&nbsp;(HuffPost)<\/p>\n\n\n\n<p><strong><a href=\"https:\/\/www.huffingtonpost.fr\/sport\/video\/en-pro-d2-agen-nevers-subit-une-coupure-d-electricite-de-la-cgt_217214.html\">La CGT a mis \u00e0 ex\u00e9cution ses menaces de coupures de courant lors du match de rugby<\/a><\/strong><a>&nbsp;(HuffPost)<\/a><\/p>\n\n\n\n<p><a href=\"https:\/\/www.liberation.fr\/checknews\/des-salaries-dorano-devront-ils-revenir-au-travail-ou-accepter-de-perdre-de-largent-a-cause-de-la-reforme-des-retraites-20230428_JD4TGEBJEJBRHAJXSURRJFEH2Q\/\">Des salari\u00e9s d\u2019Orano devront-ils revenir au travail ou accepter de perdre de l\u2019argent \u00e0 cause de la r\u00e9forme des retraites ?<\/a>&nbsp;(Lib\u00e9ration)<\/p>\n\n\n\n<p><strong><a href=\"https:\/\/www.marianne.net\/societe\/visite-de-macron-dans-le-doubs-letat-renonce-a-interdire-les-manifestations\">Visite d\u2019Emmanuel&nbsp;Macron dans le Doubs&nbsp;: l\u2019\u00c9tat renonce \u00e0 interdire les manifestations<\/a>&nbsp;<\/strong>(Marianne)<\/p>\n\n\n\n<p><a href=\"https:\/\/www.youtube.com\/watch?v=5vN20yUnzo0&amp;ab_channel=BLAST%2CLesouffledel%27info\">E. Macron : le doigt d\u2019honneur permanent<\/a>&nbsp;(Blast)<\/p>\n\n\n\n<p><strong><a href=\"https:\/\/lundi.am\/Quand-notre-coeur-fait-Boum\">Quand notre coeur fait boum \u2026 (en attendant le 1er mai<\/a>&nbsp;<\/strong>(Lundimatin)<\/p>\n\n\n\n<p><a href=\"https:\/\/www.humanite.fr\/videos\/retraites-quelques-jours-du-1er-mai-une-manifestation-au-coeur-du-terminal-1-de-roissy-793004\">Retraites. \u00c0 quelques jours du 1er mai, une manifestation au c\u0153ur du Terminal 1 de Roissy<\/a>&nbsp;(l\u2019Humanit\u00e9)<\/p>\n\n\n\n<p><a href=\"https:\/\/www.blast-info.fr\/articles\/2023\/emmanuel-macron-le-mensonge-et-le-deni-du-reel-aWrhmwjtQZmisayIZ-CLpA\">Emmanuel Macron, le mensonge, et le d\u00e9ni du r\u00e9el<\/a>&nbsp;(Blast)<\/p>\n\n\n\n<p><a href=\"https:\/\/lanticapitaliste.org\/actualite\/politique\/pour-nos-salaires-nos-retraites-et-les-services-publics-un-1er-mai-massif-et\">Pour nos salaires, nos retraites et les services publics : un 1er Mai massif et bruyant<\/a>&nbsp;(l\u2019Anticapitaliste)<\/p>\n\n\n\n<p><a href=\"https:\/\/cqfd-journal.org\/Il-y-a-des-grands-meres-qui\">\u00ab&nbsp;Il y a des grands-m\u00e8res qui luttent jusqu\u2019au bout&nbsp;<\/a>(CQFD)<\/p>\n\n\n\n<p><mark><strong>27 avril<\/strong><\/mark><\/p>\n\n\n\n<p><a href=\"https:\/\/www.liberation.fr\/economie\/social\/sophie-binet-numero-1-de-la-cgt-si-on-perd-par-la-porte-on-gagne-par-la-fenetre-20230427_V6X25CSD7NALFDKUXUXFZSDKS4\/\"><strong>Sophie Binet&nbsp;: \u00abSi on perd par la porte, on gagne par la fen\u00eatre\u00bb<\/strong><\/a><strong>&nbsp;<\/strong>(Lib\u00e9ration)<\/p>\n\n\n\n<p><a href=\"https:\/\/link.newsletter.franceculture.fr\/m\/ml\/7429\/796661\/MfoJJpwhM3VmclNOtA6Wd29C5lXTLJmivm821gAfcU8=\/U18Xo5JKFnf2qSoB7jHuHzGNasYUPQUjZhkXAUm5ov4=\/\">Patronat&nbsp;: la r\u00e9forme des retraites est-elle applicable&nbsp;?<\/a>&nbsp;(France Culture)<\/p>\n\n\n\n<p><a href=\"https:\/\/www.francetvinfo.fr\/politique\/gouvernement-d-elisabeth-borne\/direct-annonces-d-elisabeth-borne-la-premiere-ministre-est-l-invitee-jeudi-des-4-verites-sur-france-2-au-lendemain-de-sa-feuille-de-route_5793083.html\">Des manifestants, munis de casseroles et de sifflets, accueillent plusieurs ministres en d\u00e9placement&nbsp;<\/a>&nbsp;(France Info)<a href=\"https:\/\/www.francetvinfo.fr\/economie\/retraite\/reforme-des-retraites\/reforme-des-retraites-comment-la-casserole-est-devenue-un-ustensile-de-protestation-politique_5790710.html\"><\/a><\/p>\n\n\n\n<p><a href=\"https:\/\/www.francetvinfo.fr\/economie\/retraite\/reforme-des-retraites\/reforme-des-retraites-comment-la-casserole-est-devenue-un-ustensile-de-protestation-politique_5790710.html\">Retraites : comment la casserole est devenue un ustensile de protestation politique<\/a>&nbsp;(France Info)<\/p>\n\n\n\n<p><a href=\"http:\/\/www.regards.fr\/la-midinale\/article\/de-quoi-les-casseroles-sont-elles-le-nom\">De quoi les casseroles sont-elles le nom ?<\/a>&nbsp; (Regards)<\/p>\n\n\n\n<p><a href=\"https:\/\/www.politis.fr\/articles\/2023\/04\/la-macronie-un-monde-parallele-ou-les-casseroles-deviennent-armes-de-guerre\/\">La macronie, un monde parall\u00e8le o\u00f9 les casseroles deviennent des armes de guerre<\/a>&nbsp;(Politis)<\/p>\n\n\n\n<p><a href=\"https:\/\/www.francetvinfo.fr\/economie\/retraite\/reforme-des-retraites\/reforme-des-retraites-la-cgt-energie-annonce-100-jours-de-colere-et-menace-de-plonger-dans-le-noir-plusieurs-evenements-dont-le-festival-de-cannes_5786045.html\">Retraites : la CGT Energie annonce \u00ab&nbsp;100&nbsp;jours de col\u00e8re&nbsp;\u00bb et menace de plonger \u00ab&nbsp;dans le noir&nbsp;\u00bb plusieurs \u00e9v\u00e9nements, dont le Festival de Cannes<\/a>&nbsp;(France Info)<\/p>\n\n\n\n<p><a href=\"https:\/\/www.confederationpaysanne.fr\/rp_article.php?id=13410\">La Conf\u00e9d\u00e9ration paysanne sera mobilis\u00e9e dans les cort\u00e8ges du 1er mai<\/a>&nbsp;(Conf\u00e9d\u00e9ration Paysanne)<\/p>\n\n\n\n<p><a href=\"https:\/\/www.lemediatv.fr\/emissions\/2023\/la-mediocrite-et-la-provocation-cest-vous-ces-syndicalistes-repondent-aux-macronistes-vd6HZB4cRqOIQqGdAGVkjQ\">\u00ab&nbsp;La m\u00e9diocrit\u00e9 et la provocation, c\u2019est vous&nbsp;\u00bb : Ces syndicalistes r\u00e9pondent aux macronistes<\/a>&nbsp;(Le M\u00e9dia)<\/p>\n\n\n\n<p><strong>26 avril<\/strong><\/p>\n\n\n\n<p><a href=\"https:\/\/www.liberation.fr\/politique\/jo-2024-on-ne-va-pas-travailler-docilement-previennent-les-cheminots-20230426_POZWFQ4CVVCDDIOLJXYO52DZBE\/\"><strong>JO&nbsp;2024&nbsp;: \u00abOn ne va pas travailler docilement\u00bb, pr\u00e9viennent les cheminots<\/strong><\/a>(Lib\u00e9ration)<\/p>\n\n\n\n<p><a href=\"https:\/\/www.huffingtonpost.fr\/france\/video\/macron-a-vendome-l-arrete-prefectoral-interdisant-les-manifestations-suspendu_217094.html\">L\u2019arr\u00eat\u00e9 pr\u00e9fectoral interdisant les manifestations pendant la visite de Macron \u00e0 Vend\u00f4me a \u00e9t\u00e9 suspendu<\/a>&nbsp;(HuffPost)<\/p>\n\n\n\n<p><a href=\"https:\/\/blogs.mediapart.fr\/fred-sochard\/blog\/260423\/oh-gaby\">Oh Gaby<\/a>&nbsp;(Fred Sochard)<\/p>\n\n\n\n<figure class=\"wp-block-image\"><img loading=\"lazy\" decoding=\"async\" width=\"544\" height=\"474\" src=\"https:\/\/i0.wp.com\/www.rdpemancipation.org\/wp-content\/uploads\/2023\/04\/image-104.png?resize=447%2C389&amp;ssl=1\" alt=\"\" class=\"wp-image-113467\" srcset=\"https:\/\/i0.wp.com\/www.rdpemancipation.org\/wp-content\/uploads\/2023\/04\/image-104.png?w=544&amp;ssl=1 544w, https:\/\/i0.wp.com\/www.rdpemancipation.org\/wp-content\/uploads\/2023\/04\/image-104.png?resize=300%2C261&amp;ssl=1 300w\" sizes=\"auto, (max-width: 544px) 100vw, 544px\" \/><\/figure>\n\n\n\n<p><a href=\"https:\/\/www.mediapart.fr\/journal\/politique\/240423\/retraites-le-second-rip-aura-t-il-plus-de-chances-que-le-premier\">Retraites : le second RIP aura-t-il plus de chances que le premier ?<\/a>&nbsp;(M\u00e9diapart)<\/p>\n\n\n\n<p><a href=\"https:\/\/www.alternatives-economiques.fr\/deficit-retraites-critique-lexecutif-cor-change-rapport\/00106800\">D\u00e9ficit des retraites : critiqu\u00e9 par l\u2019ex\u00e9cutif, le COR change son rapport<\/a>&nbsp;(Alter \u00e9co)<\/p>\n\n\n\n<p><a href=\"http:\/\/www.regards.fr\/actu\/article\/retraites-le-cor-se-trompe-encore-de-scenario-demographique\">Retraites : le COR se trompe (encore) de sc\u00e9nario d\u00e9mographique<\/a>&nbsp;(Regards)<\/p>\n\n\n\n<p><strong><a href=\"https:\/\/blogs.mediapart.fr\/alain-bertho\/blog\/240423\/et-maintenant-quel-ordre-de-bataille\">Et maintenant, quel \u00ab ordre de bataille \u00bb ?<\/a>&nbsp;<\/strong>(Blog de Alain Bertho)<\/p>\n\n\n\n<p><a href=\"https:\/\/lepoing.net\/le-ministre-stanislas-guerini-annule-sa-visite-a-castelnau-le-lez-sous-la-pression-des-manifestant%c2%b7e%c2%b7s\/\">Le ministre Stanislas Guerini annule sa visite \u00e0 Castelnau-le-Lez sous la pression des manifestant\u00b7e\u00b7s<\/a>&nbsp;(Le Poing)<\/p>\n\n\n\n<p><a href=\"https:\/\/paris-luttes.info\/greve-generale-rendez-vous-de-la-17002\">100 jours du zbeul&nbsp;: rendez-vous de la semaine du 24&nbsp;avril au 30&nbsp;avril<\/a>&nbsp;(Paris-Luttes info)<\/p>\n\n\n\n<p><a href=\"https:\/\/www.publicsenat.fr\/actualites\/politique\/casserolades-la-rupture-est-elle-consommee-entre-lopinion-publique-et-emmanuel-macron\">\u00ab&nbsp;Casserolades&nbsp;\u00bb&nbsp;: la rupture est-elle consomm\u00e9e entre l\u2019opinion publique et Emmanuel Macron&nbsp;?<\/a>&nbsp;(Public S\u00e9nat)<\/p>\n\n\n\n<p><a href=\"https:\/\/www.revolutionpermanente.fr\/100-jours-de-colere-des-manifestants-font-annuler-la-visite-de-Guerini-et-Attal-a-Castelnau-le-Lez\">100 jours de col\u00e8re&nbsp;: des manifestants font annuler la visite de Guerini et Attal \u00e0 Castelnau-le-Lez<\/a>&nbsp;(RP)<\/p>\n\n\n\n<p><a href=\"http:\/\/www.regards.fr\/actu\/article\/100-jours-de-zbeul-un-intervilles-des-casserolades-pour-contrer-l-apaisement\">\u00ab&nbsp;100 jours de zbeul&nbsp;\u00bb&nbsp;: un Intervilles des casserolades pour contrer l\u2019apaisement macronien<\/a>&nbsp;(Regards)<\/p>\n\n\n\n<p><strong><a href=\"https:\/\/rapportsdeforce.fr\/classes-en-lutte\/1er-mai-les-manifestations-pres-de-chez-vous-042517827\">1er mai&nbsp;: les manifestations pr\u00e8s de chez vous<\/a>&nbsp;<\/strong>(Rapports de force)<\/p>\n\n\n\n<p><strong>25 avril<\/strong><\/p>\n\n\n\n<p><a href=\"https:\/\/www.liberation.fr\/politique\/emmanuel-macron-dans-le-loir-et-cher-la-sante-en-bandouliere-et-les-casserolades-dans-les-oreilles-20230425_NASPEG36RJAVRPA5YNRBDSAAIY\/\">Macron dans le Loir-et-Cher, la sant\u00e9 en bandouli\u00e8re et les casserolades dans les oreilles<\/a>&nbsp;(Lib\u00e9ration)<\/p>\n\n\n\n<p><a href=\"https:\/\/www.huffingtonpost.fr\/politique\/article\/pap-ndiaye-exfiltre-de-la-gare-de-lyon-envahie-par-des-manifestants_217047.html\">Pap Ndiaye exfiltr\u00e9 de la gare de Lyon, envahie par des manifestants<\/a>&nbsp;(HuffPost)<\/p>\n\n\n\n<p><a href=\"https:\/\/www.boursorama.com\/actualite-economique\/actualites\/la-visite-a-lyon-du-ministre-de-l-education-pap-ndiaye-fortement-perturbee-53a9b9c7872c9216a71b60861ba32346\">La visite \u00e0 Lyon du ministre de l\u2019Education Pap Ndiaye fortement perturb\u00e9e<\/a>&nbsp;(AFP)<\/p>\n\n\n\n<p><a href=\"https:\/\/www.huffingtonpost.fr\/culture\/video\/nuit-des-molieres-abdul-malak-reagit-en-pleine-ceremonie-au-tacle-de-deux-artistes_217048.html\">Tacl\u00e9e par deux artistes sur sc\u00e8ne, la ministre de la Culture r\u00e9agit en pleine c\u00e9r\u00e9monie des Moli\u00e8res<\/a>&nbsp;(HuffPost)<\/p>\n\n\n\n<p><a href=\"https:\/\/www.liberation.fr\/economie\/social\/casserolade-a-vienne-je-veux-juste-montrer-a-macron-quon-est-encore-la-20230424_TZFUD632PBBMRIKL6QCG25BA3U\/\">Casserolade \u00e0 Vienne&nbsp;: \u00abJe veux juste montrer \u00e0 Macron qu\u2019on est encore l\u00e0\u00bb<\/a>&nbsp;(Lib\u00e9ration)<\/p>\n\n\n\n<p><a href=\"https:\/\/www.youtube.com\/watch?v=wZ568Ay38LY&amp;ab_channel=OffInvestigation\">Macron hu\u00e9 \u00e0 S\u00e9lestat<\/a>&nbsp;(OFF Investigation)<\/p>\n\n\n\n<p><a href=\"https:\/\/www.contretemps.eu\/mouvement-retraites-auto-organisation-syndicats\/\">Une auto-organisation en jach\u00e8re. Note sur le mouvement<\/a>&nbsp;(Contretemps)<\/p>\n\n\n\n<p><strong><a href=\"https:\/\/www.publicsenat.fr\/actualites\/politique\/sondage-65-des-francais-jugent-emmanuel-macron-brutal-selon-notre-barometre-odoxa\">Sondage&nbsp;: 65% des Fran\u00e7ais jugent Macron \u00ab&nbsp;brutal&nbsp;\u00bb, selon notre barom\u00e8tre Odoxa<\/a>&nbsp;<\/strong>(Politis)<\/p>\n\n\n\n<p><a href=\"https:\/\/www.revolutionpermanente.fr\/100-jours-de-colere-des-manifestants-font-annuler-une-visite-de-Pap-Ndiaye-a-l-INSPE-la-police\">100 jours de col\u00e8re&nbsp;: des manifestants font annuler une visite de Pap Ndiaye \u00e0 l\u2019INSPE, la police matraque<\/a>&nbsp;(RP)<\/p>\n\n\n\n<p><strong>24 avril<\/strong><\/p>\n\n\n\n<p><a href=\"https:\/\/www.lemonde.fr\/politique\/article\/2023\/04\/24\/reforme-des-retraites-l-operation-catharsis-d-emmanuel-macron-se-heurte-au-temperament-presidentiel_6170792_823448.html\">Retraites&nbsp;: les limites de \u201cl\u2019op\u00e9ration catharsis\u201d d\u2019Emmanuel Macron<\/a>&nbsp;(Le Monde)<\/p>\n\n\n\n<p><a href=\"https:\/\/www.lemonde.fr\/politique\/article\/2023\/04\/23\/reforme-des-retraites-peut-etre-que-j-aurais-du-plus-me-mouiller-estime-emmanuel-macron-dans-un-entretien-au-parisien_6170716_823448.html\">&nbsp;\u00ab&nbsp;Peut-\u00eatre que j\u2019aurais d\u00fb plus me mouiller&nbsp;\u00bb, estime Macron dans le \u00ab&nbsp;Parisien&nbsp;\u00bb<\/a>&nbsp;(Le Monde)<\/p>\n\n\n\n<figure class=\"wp-block-image\"><img loading=\"lazy\" decoding=\"async\" width=\"679\" height=\"600\" src=\"https:\/\/i0.wp.com\/www.rdpemancipation.org\/wp-content\/uploads\/2023\/04\/image-100.png?resize=409%2C361&amp;ssl=1\" alt=\"\" class=\"wp-image-113386\" srcset=\"https:\/\/i0.wp.com\/www.rdpemancipation.org\/wp-content\/uploads\/2023\/04\/image-100.png?w=679&amp;ssl=1 679w, https:\/\/i0.wp.com\/www.rdpemancipation.org\/wp-content\/uploads\/2023\/04\/image-100.png?resize=300%2C265&amp;ssl=1 300w\" sizes=\"auto, (max-width: 679px) 100vw, 679px\" \/><\/figure>\n\n\n\n<p><a href=\"https:\/\/www.huffingtonpost.fr\/politique\/article\/reforme-des-retraites-macron-reconnait-des-rates_216998.html\">Macron reconna\u00eet des rat\u00e9s sur la r\u00e9forme des retraites<\/a>&nbsp;(HuffPost)<\/p>\n\n\n\n<p><strong><a href=\"http:\/\/alencontre.org\/laune\/france-retraites-la-mobilisation-ne-veut-pas-tourner-la-page.html\">France-retraites : \u00abla mobilisation ne veut pas tourner la page\u00bb<\/a><\/strong><a>&nbsp;<\/a>(A l\u2019encontre)<\/p>\n\n\n\n<p><a href=\"https:\/\/www.huffingtonpost.fr\/politique\/article\/des-casserolades-prevues-ce-24-avril-un-an-apres-la-reelection-d-emmanuel-macron_217022.html\">Des \u00ab&nbsp;casserolades&nbsp;\u00bb pr\u00e9vues partout en France, un an apr\u00e8s la r\u00e9\u00e9lection de Macron<\/a>&nbsp;(HuffPost)<\/p>\n\n\n\n<p><a href=\"https:\/\/www.huffingtonpost.fr\/culture\/article\/aux-molieres-2023-rima-abdul-malak-n-echappera-pas-a-son-concert-de-casseroles_217016.html\">La ministre de la Culture n\u2019\u00e9chappera pas non plus \u00e0 son concert de casseroles<\/a>&nbsp;(HuffPost)<\/p>\n\n\n\n<p><a href=\"https:\/\/dijoncter.info\/auxerre-rassemblement-de-soutien-aux-interpelles-du-23-mars-4608\">[Auxerre] Rassemblement de soutien aux interpell\u00e9s du 23&nbsp;mars<\/a>&nbsp;(Dijoncter.info)<\/p>\n\n\n\n<p><strong><a href=\"https:\/\/www.huffingtonpost.fr\/france\/article\/la-cgt-energie-promet-face-aux-100-jours-de-macron-des-actions-choc_216960.html\">La CGT \u00c9nergie promet, face aux \u00ab&nbsp;100&nbsp;jours&nbsp;\u00bb de Macron, des actions choc<\/a>&nbsp;<\/strong>(HuffPost)<\/p>\n\n\n\n<p><a href=\"https:\/\/www.liberation.fr\/economie\/social\/contre-les-casserolades-un-depute-renaissance-annonce-porter-plainte-20230424_TYHHIFLTX5FNNLBQV63CBCSKPU\/\">Contre les casserolades, un d\u00e9put\u00e9 Renaissance annonce porter plainte<\/a>&nbsp;(Lib\u00e9ration)<\/p>\n\n\n\n<p><strong><a href=\"https:\/\/www.marianne.net\/politique\/macron\/salaires-retraites-rsa-dans-le-parisien-macron-assume-tout-avec-des-contradictions-et-des-erreurs\">Salaires, retraites, RSA\u2026 Dans \u00ab&nbsp;le Parisien&nbsp;\u00bb, Macron assume tout<\/a>&nbsp;<\/strong>(Marianne)<\/p>\n\n\n\n<p><a href=\"https:\/\/paris-luttes.info\/greve-generale-rendez-vous-de-la-17002\">100 jours du zbeul&nbsp;: rendez-vous de la semaine du 24&nbsp;avril au 30&nbsp;avril<\/a>&nbsp;(Paris-Luttes info)<\/p>\n\n\n\n<p><a href=\"https:\/\/rebellyon.info\/Reveillon-des-luttes-de-Solidaires-Rhone-24798\">R\u00e9veillon des luttes de Solidaires Rh\u00f4ne dimanche 30&nbsp;avril<\/a>&nbsp;(Rebellyon)<\/p>\n\n\n\n<p><a href=\"https:\/\/www.force-ouvriere.fr\/marin-un-pompier-au-front-pour-defendre-les-retraites\">Marin&nbsp;: un pompier au front pour d\u00e9fendre les retraites&nbsp;<\/a>(FO)<\/p>\n\n\n\n<p><strong>22 avril<\/strong><\/p>\n\n\n\n<p><strong><a href=\"https:\/\/adherez.attac.org\/civicrm\/mailing\/url?u=24933&amp;qid=24146513\">Carte illustr\u00e9e des d\u00e9placements de Macron et de ses ministres<\/a><\/strong>&nbsp;&nbsp;(Attac)<\/p>\n\n\n\n<p><strong><a href=\"https:\/\/adherez.attac.org\/civicrm\/mailing\/url?u=24935&amp;qid=24146513\">Carte des casserolades g\u00e9n\u00e9rales du lundi 24 avril \u00e0 20h<\/a><\/strong>&nbsp;(Attac)<\/p>\n\n\n\n<figure class=\"wp-block-image\"><img loading=\"lazy\" decoding=\"async\" width=\"756\" height=\"397\" src=\"https:\/\/i0.wp.com\/www.rdpemancipation.org\/wp-content\/uploads\/2023\/04\/image-94.png?resize=479%2C252&amp;ssl=1\" alt=\"\" class=\"wp-image-113297\" srcset=\"https:\/\/i0.wp.com\/www.rdpemancipation.org\/wp-content\/uploads\/2023\/04\/image-94.png?w=756&amp;ssl=1 756w, https:\/\/i0.wp.com\/www.rdpemancipation.org\/wp-content\/uploads\/2023\/04\/image-94.png?resize=300%2C158&amp;ssl=1 300w\" sizes=\"auto, (max-width: 756px) 100vw, 756px\" \/><\/figure>\n\n\n\n<p><a href=\"https:\/\/www.francetvinfo.fr\/economie\/retraite\/reforme-des-retraites\/reforme-des-retraites-la-mesure-sur-l-age-de-depart-a-64-ans-peut-elle-etre-abrogee-par-une-autre-loi_5782127.html\">La mesure sur l\u2019\u00e2ge de d\u00e9part \u00e0 64 ans peut-elle \u00eatre abrog\u00e9e par une autre loi&nbsp;?<\/a>&nbsp;(France Info)<\/p>\n\n\n\n<p><a href=\"https:\/\/www.francetvinfo.fr\/politique\/emmanuel-macron\/emmanuel-macron-hue-en-alsace-trois-personnes-seront-jugees-pour-outrage-apres-avoir-adresse-des-insultes-et-des-doigts-d-honneur-au-president_5785784.html\">Alsace : trois personnes seront jug\u00e9es pour outrage apr\u00e8s insultes et des doigts d\u2019honneur \u00e0 Macron<\/a>&nbsp;(France Info)<\/p>\n\n\n\n<p><a href=\"https:\/\/www.lemediatv.fr\/emissions\/2023\/tourner-la-page-de-la-sequence-le-storytelling-pourri-de-macron-js0O772eQN6ZUO6XEzDWxw\">\u00ab&nbsp;Tourner la page de la s\u00e9quence\u2026&nbsp;\u00bb : le storytelling pourri de Macron<\/a>&nbsp;(Le M\u00e9dia)<\/p>\n\n\n\n<p><a href=\"https:\/\/www.mediapart.fr\/journal\/france\/220423\/j-ai-entendu-chopez-le-chopez-le\">\u00abJ\u2019ai entendu: \u201cChopez-le, chopez-le!\u201d\u00bb<\/a>&nbsp; (M\u00e9diapart)<\/p>\n\n\n\n<p><a href=\"https:\/\/www.alternatives-economiques.fr\/Dix%20graphiques%20pour%20comprendre%20l%E2%80%99ampleur%20de%20la%20crise%20du%20travail%20en%20France\">Dix graphiques pour comprendre l\u2019ampleur de la crise du travail en France<\/a>&nbsp;(Alter \u00e9co)<\/p>\n\n\n\n<p><a href=\"https:\/\/www.arretsurimages.net\/emissions\/arret-sur-images\/retraites-nous-assistons-a-un-reveil-democratique-face-a-une-derive-autoritaire\">Retraites : \u00ab&nbsp;Nous assistons \u00e0 un r\u00e9veil d\u00e9mocratique face \u00e0 une d\u00e9rive autoritaire&nbsp;\u00bb<\/a>&nbsp;(Arr\u00eat sur images)<\/p>\n\n\n\n<p><a href=\"https:\/\/www.bondyblog.fr\/reportages\/contre-la-reforme-des-retraites-le-rap-des-braves\/\">Contre la r\u00e9forme des retraites : le rap des \u00ab Braves \u00bb<\/a>&nbsp;(Le Bondy Blog)<\/p>\n\n\n\n<p><a href=\"https:\/\/www.causette.fr\/societe\/humeurs\/aucune-surprise-le-gouvernement-se-fait-une-idee-completement-grotesque-de-lapaisement#utm_source=rss&amp;utm_medium=rss\">Aucune surprise : le gouvernement se fait une id\u00e9e compl\u00e8tement grotesque de \u2018l\u2019apaisement\u2019<\/a>&nbsp; (Causette)<\/p>\n\n\n\n<p><a href=\"https:\/\/www.lemediatv.fr\/emissions\/2023\/macron-face-a-la-colere-du-peuple-les-casseroles-ennemies-de-la-republique-POSuCKfrQRGpDBhbx3NjQA\">Macron face \u00e0 la col\u00e8re du peuple : les casseroles, ennemies de la R\u00e9publique ?<\/a>&nbsp;(Le M\u00e9dia)<\/p>\n\n\n\n<p><a href=\"https:\/\/www.youtube.com\/watch?v=8LH1As27CK8&amp;ab_channel=franceinfo\">Banderoles et casseroles pour les \u00e9lus en d\u00e9placement<\/a>&nbsp;(France Info)<\/p>\n\n\n\n<p><a href=\"https:\/\/www.youtube.com\/watch?v=HWdJK2eB4vY&amp;ab_channel=CLPRESS%2FAgencedepresse\">Retraites : Des camions de la CGT devant le Palais de l\u2019\u00c9lys\u00e9e<\/a>&nbsp;(CL presse)<\/p>\n\n\n\n<p><a href=\"https:\/\/www.youtube.com\/watch?v=UMauUdl3NAg&amp;ab_channel=AFP\">Retraites: manifestation avec des casseroles au mus\u00e9e d\u2019Orsay<\/a>&nbsp;(AFP)<\/p>\n\n\n\n<p><strong><a href=\"https:\/\/mobile.agoravox.fr\/tribune-libre\/article\/reforme-des-retraites-un-poison-247967\">R\u00e9forme des retraites&nbsp;: un poison lent<\/a>&nbsp;<\/strong>(Agora Vox)<\/p>\n\n\n\n<p><a href=\"https:\/\/www.frustrationmagazine.fr\/arretes-pour-lexemple\/\">Arr\u00eat\u00e9s pour l\u2019exemple : r\u00e9cit d\u2019une soir\u00e9e marqu\u00e9e par l\u2019absurdit\u00e9 et l\u2019arbitraire<\/a>&nbsp;(Frustration)<\/p>\n\n\n\n<p><strong><a href=\"https:\/\/www.politis.fr\/articles\/2023\/04\/la-guerre-des-manifs-est-declaree\/\">La guerre des manifs est d\u00e9clar\u00e9e<\/a>&nbsp;<\/strong>(Politis)<\/p>\n\n\n\n<p><a href=\"https:\/\/www.force-ouvriere.fr\/retraites-emplois-salaires-les-travailleurs-demandent-une-reelle\">Retraites, emplois, salaires\u2026 Les travailleurs demandent une r\u00e9elle justice sociale, pas des mirages&nbsp;!<\/a>&nbsp;(FO)<\/p>\n\n\n\n<p><a href=\"https:\/\/www.aa.com.tr\/fr\/monde\/france-des-gr%C3%A9vistes-envahissent-le-b%C3%A2timent-d-euronext-dans-le-quartier-daffaires-de-la-d%C3%A9fense\/2878494\">Des gr\u00e9vistes envahissent le b\u00e2timent d\u2019Euronext dans le quartier d\u2019affaires de la D\u00e9fense<\/a>&nbsp;(AA)<\/p>\n\n\n\n<p><strong>21 avril<\/strong><\/p>\n\n\n\n<p><a href=\"https:\/\/www.huffingtonpost.fr\/politique\/video\/pour-macron-et-ses-ministres-une-semaine-bien-loin-de-l-apaisement_216945.html\"><strong>Pour Macron et ses ministres, une semaine bien loin de l\u2019apaisement<\/strong><\/a>&nbsp;(HuffPost)<\/p>\n\n\n\n<p><a href=\"https:\/\/www.huffingtonpost.fr\/politique\/article\/pas-de-manifestation-interdite-elisabeth-borne-dit-l-inverse-de-l-arrete-prefectoral_216939.html\">\u00ab&nbsp;Pas de manifestation interdite&nbsp;\u00bb&nbsp;: Borne dit parfaitement l\u2019inverse de l\u2019arr\u00eat\u00e9 pr\u00e9fectoral<\/a>&nbsp;(HuffPost)<\/p>\n\n\n\n<p><a href=\"https:\/\/www.boursorama.com\/actualite-economique\/actualites\/retraites-les-deplacements-de-ministres-de-nouveau-chahutes-8fe09a2e5ad000cc2a138bcd55238245\">Retraites : les d\u00e9placements de ministres de nouveau chahut\u00e9s<\/a>&nbsp;(AFP)<\/p>\n\n\n\n<p><a href=\"https:\/\/www.connaissancedesenergies.org\/afp\/la-cgt-coupe-le-courant-du-college-visite-par-emmanuel-macron-dans-lherault-230420\">La CGT coupe le courant du coll\u00e8ge visit\u00e9 par Emmanuel Macron dans l\u2019H\u00e9rault<\/a>&nbsp;(AFP)<\/p>\n\n\n\n<p><a href=\"https:\/\/blogs.mediapart.fr\/pride-des-banlieues\/blog\/210423\/des-quartiers-populaires-aux-manifestations-une-continuite-des-violences-policieres\">Des quartiers populaires aux manifestations, une continuit\u00e9 des violences polici\u00e8res<\/a>&nbsp;(Pride des Banlieues)<\/p>\n\n\n\n<p><a href=\"https:\/\/www.youtube.com\/watch?v=EAaDBCDoLls&amp;ab_channel=Journall%27Humanit%C3%A9\">Vous aussi, apprenez \u00e0 parler comme Macron<\/a>&nbsp;(l\u2019Humanit\u00e9)<\/p>\n\n\n\n<p><strong><a href=\"https:\/\/www.france24.com\/fr\/france\/20230421-l-apaisement-voulu-par-emmanuel-macron-mis-%C3%A0-mal-par-la-guerre-d-usure-de-ses-opposants\">L\u2019apaisement voulu par Emmanuel Macron mis \u00e0 mal par la guerre d\u2019usure de ses opposants<\/a>&nbsp;<\/strong>(France 24)<\/p>\n\n\n\n<p><strong><a href=\"https:\/\/www.frustrationmagazine.fr\/macron-hue\/\">Macron hu\u00e9, ses ministres chass\u00e9s : oui, on peut esp\u00e9rer la victoire<\/a>&nbsp;<\/strong>(Frustration)<\/p>\n\n\n\n<p><a href=\"https:\/\/lepoing.net\/apres-sa-visite-chaotique-a-ganges-macron-promet-quil-ne-demissionnera-pas\/\">Apr\u00e8s sa visite chaotique \u00e0 Ganges, Macron promet qu\u2019il ne \u00ab d\u00e9missionnera pas \u00bb<\/a>&nbsp;(Le Poing)<\/p>\n\n\n\n<p><a href=\"https:\/\/www.msn.com\/fr-fr\/actualite\/france\/france-nouvelles-manifestations-et-actions-coup-de-poing-contre-la-r%C3%A9forme-des-retraites\/ar-AA1a7Cmg\">France : nouvelles manifestations et actions coup de poing contre la r\u00e9forme des retraites<\/a>&nbsp;(France 24)<\/p>\n\n\n\n<p><strong>20 avril<\/strong><\/p>\n\n\n\n<p><strong><a href=\"https:\/\/www.mediapart.fr\/journal\/france\/200423\/notre-democratie-c-est-la-liberte-de-manifester\">\u00ab&nbsp;Notre d\u00e9mocratie, c\u2019est la libert\u00e9 de manifester&nbsp;\u00bb<\/a>&nbsp;<\/strong>(Claire H\u00e9don dans M\u00e9diapart en acc\u00e8s libre)<\/p>\n\n\n\n<p><a href=\"https:\/\/blogs.mediapart.fr\/fred-sochard\/blog\/200423\/apaisement-des-reformes-en-milieu-tempere\">Apaisement des r\u00e9formes en milieu temp\u00e9r\u00e9<\/a>&nbsp;(Fred Sochard)<\/p>\n\n\n\n<figure class=\"wp-block-image\"><img loading=\"lazy\" decoding=\"async\" width=\"581\" height=\"484\" src=\"https:\/\/i0.wp.com\/www.rdpemancipation.org\/wp-content\/uploads\/2023\/04\/image-88.png?resize=455%2C379&amp;ssl=1\" alt=\"\" class=\"wp-image-113229\" srcset=\"https:\/\/i0.wp.com\/www.rdpemancipation.org\/wp-content\/uploads\/2023\/04\/image-88.png?w=581&amp;ssl=1 581w, https:\/\/i0.wp.com\/www.rdpemancipation.org\/wp-content\/uploads\/2023\/04\/image-88.png?resize=300%2C250&amp;ssl=1 300w\" sizes=\"auto, (max-width: 581px) 100vw, 581px\" \/><\/figure>\n\n\n\n<p><a href=\"https:\/\/www.mediapart.fr\/journal\/politique\/200423\/retraites-ce-troisieme-rip-arrive-trop-tard\">Retraites : ce troisi\u00e8me RIP arriv\u00e9 trop tard<\/a>&nbsp; (M\u00e9diapart)<\/p>\n\n\n\n<p><a href=\"https:\/\/www.huffingtonpost.fr\/politique\/article\/Casseroles%20Interdites%20par%20le%20pr%C3%A9fet%20%C3%A0%20Ganges.%20Le%20z%C3%A8le%20du%20pr%C3%A9fet%20r%C3%A9volte%20ses%20opposants\"><strong>Casseroles interdites \u00e0 Ganges. Le z\u00e8le du pr\u00e9fet r\u00e9volte ses opposants<\/strong><\/a>&nbsp;(HuffPost)<\/p>\n\n\n\n<p><a href=\"https:\/\/www.latribune.fr\/economie\/france\/je-ne-vois-rien-de-rationnel-dans-ce-projet-de-reforme-des-retraites-esther-duflo-959257.html\"><strong>\u2018Je ne vois rien de rationnel dans ce projet de r\u00e9forme des retraites<\/strong><\/a><strong>\u2019<\/strong>&nbsp;(Esther Duflo, Nobel de l\u2019\u00e9conomie, dans La Tribune)<\/p>\n\n\n\n<figure class=\"wp-block-image\"><img loading=\"lazy\" decoding=\"async\" width=\"612\" height=\"306\" src=\"https:\/\/i0.wp.com\/www.rdpemancipation.org\/wp-content\/uploads\/2023\/04\/image-89.png?resize=421%2C211&amp;ssl=1\" alt=\"\" class=\"wp-image-113230\" srcset=\"https:\/\/i0.wp.com\/www.rdpemancipation.org\/wp-content\/uploads\/2023\/04\/image-89.png?w=612&amp;ssl=1 612w, https:\/\/i0.wp.com\/www.rdpemancipation.org\/wp-content\/uploads\/2023\/04\/image-89.png?resize=300%2C150&amp;ssl=1 300w\" sizes=\"auto, (max-width: 612px) 100vw, 612px\" \/><\/figure>\n\n\n\n<p><a href=\"https:\/\/www.francetvinfo.fr\/replay-radio\/8h30-fauvelle-dely\/emmanuel-macron-elections-europeennes-endometriose-secheresse-rsa-adrien-quatennens-ce-qu-il-faut-retenir-de-l-interview-de-sandrine-rousseau_5752691.html\">Emmanuel Macron, \u00e9lections, Retraites, RSA etc. L\u2019interview de Sandrine Rousseau<\/a>&nbsp;(France Info)<\/p>\n\n\n\n<p><strong><a href=\"https:\/\/www.francetvinfo.fr\/replay-radio\/19h20-politique\/emmanuel-macron-hue-lors-de-son-deplacement-en-alsace-ca-va-etre-comme-ca-pendant-des-mois-previent-le-depute-lfi-eric-coquerel_5752349.html\">Macron siffl\u00e9 et hu\u00e9 : \u2018\u00c7a va \u00eatre comme \u00e7a pendant des mois\u2019, pr\u00e9vient \u00c9ric Coquerel<\/a>&nbsp;<\/strong>(France Info)<\/p>\n\n\n\n<p><a href=\"https:\/\/www.frustrationmagazine.fr\/macron-hue\/\"><strong>Macron hu\u00e9, ses ministres chass\u00e9s : oui, on peut esp\u00e9rer la victoire<\/strong><\/a>&nbsp;(Frustration)<\/p>\n\n\n\n<p><a href=\"https:\/\/www.france24.com\/fr\/france\/20230419-jour-1-de-l-apaisement-bruno-le-maire-et-le-gouvernement-ciblent-les-fraudeurs-%C3%A9trangers\">Jour 1 de \u00ab&nbsp;l\u2019apaisement&nbsp;\u00bb : Bruno Le Maire et le gouvernement ciblent les fraudeurs \u00e9trangers<\/a>&nbsp;(France 24)<\/p>\n\n\n\n<p><a href=\"https:\/\/www.youtube.com\/watch?v=3v4wHQyam_E&amp;ab_channel=franceinfo\">Emmanuel Macron de retour \u00ab&nbsp;\u00e0 port\u00e9e d\u2019engueulade&nbsp;\u00bb<\/a>&nbsp;(Franceinfo)<\/p>\n\n\n\n<p><a href=\"https:\/\/www.youtube.com\/watch?v=_aajXeM3G6k&amp;ab_channel=LeHuffPost\">\u00c0 Saint-Denis, Emmanuel Macron accueilli par des manifestants combattant sa \u00ab&nbsp;surdit\u00e9&nbsp;\u00bb<\/a>&nbsp;(Le Huffpost)<\/p>\n\n\n\n<p><strong><a href=\"https:\/\/www.youtube.com\/watch?v=UckF6_NHBhM&amp;ab_channel=BLAST%2CLesouffledel%27info\">20H d\u2019E.Macron : le mensonge la brutalit\u00e9 et le n\u00e9ant<\/a>&nbsp;<\/strong>(Blast)<\/p>\n\n\n\n<p><strong><a href=\"https:\/\/www.politis.fr\/articles\/2023\/04\/macron-reforme-retraites-le-tricheur\/\">Le tricheur<\/a>&nbsp;<\/strong>(Politis)<\/p>\n\n\n\n<p><a href=\"https:\/\/www.wsws.org\/fr\/articles\/2023\/04\/19\/dffe-a19.html\">Apr\u00e8s l\u2019adoption de r\u00e9forme des retraites: Quelle voie pour les travailleurs en France?<\/a>&nbsp;(WSWS)<\/p>\n\n\n\n<p><a href=\"https:\/\/lanticapitaliste.org\/actualite\/politique\/contre-reforme-des-retraites-levidence-cest-toujours-non\">Contre-r\u00e9forme des retraites : \u00e0 l\u2019\u00e9vidence, c\u2019est toujours non\u2009!<\/a>&nbsp;(l\u2019Anticapitaliste)<\/p>\n\n\n\n<p><a href=\"https:\/\/www.streetpress.com\/sujet\/1681920997-eleves-lycee-racine-poursuivis-volonte-repression-jeunesse-paris-justice-blocus\">Des \u00e9l\u00e8ves du lyc\u00e9e Racine poursuivis, \u00ab&nbsp;il y a une volont\u00e9 de mettre la jeunesse au pas&nbsp;\u00bb<\/a>&nbsp;(Street Press)<\/p>\n\n\n\n<p><a href=\"https:\/\/www.bondyblog.fr\/societe\/a-saint-denis-un-comite-daccueil-organise-en-marge-de-la-visite-demmanuel-macron\/\">\u00c0 Saint-Denis, un comit\u00e9 d\u2019accueil organis\u00e9 en marge de la visite d\u2019Emmanuel Macron<\/a>&nbsp;(Bondy blog)<\/p>\n\n\n\n<p><strong><a href=\"https:\/\/www.socialter.fr\/article\/couper-le-courant-reforme-des-retraites\">Couper le courant contre la r\u00e9forme des retraites<\/a>&nbsp;<\/strong>(Socialter)<\/p>\n\n\n\n<p><strong>19 avril<\/strong><\/p>\n\n\n\n<p><a href=\"https:\/\/www.francetvinfo.fr\/politique\/emmanuel-macron\/video-emmanuel-macron-siffle-et-chahute-lors-de-sa-visite-a-selestat_5780111.html\"><strong>VIDEO. Emmanuel Macron siffl\u00e9 et chahut\u00e9 lors de sa visite \u00e0 S\u00e9lestat<\/strong><\/a>&nbsp;(France Info)<\/p>\n\n\n\n<figure class=\"wp-block-image\"><img loading=\"lazy\" decoding=\"async\" width=\"640\" height=\"360\" src=\"https:\/\/i0.wp.com\/www.rdpemancipation.org\/wp-content\/uploads\/2023\/04\/image-84.png?resize=414%2C233&amp;ssl=1\" alt=\"\" class=\"wp-image-113174\" srcset=\"https:\/\/i0.wp.com\/www.rdpemancipation.org\/wp-content\/uploads\/2023\/04\/image-84.png?w=640&amp;ssl=1 640w, https:\/\/i0.wp.com\/www.rdpemancipation.org\/wp-content\/uploads\/2023\/04\/image-84.png?resize=300%2C169&amp;ssl=1 300w\" sizes=\"auto, (max-width: 640px) 100vw, 640px\" \/><\/figure>\n\n\n\n<p><a href=\"https:\/\/www.huffingtonpost.fr\/politique\/article\/la-visite-de-macron-en-alsace-marquee-par-une-coupure-de-courant-revendiquee-par-la-cgt-a-l-usine-mathis_216830.html\"><strong>La CGT revendique la coupure de courant pendant la visite de Macron \u00e0 l\u2019usine Mathis<\/strong><\/a>&nbsp;(HuffPost)<\/p>\n\n\n\n<p><a href=\"https:\/\/www.bondyblog.fr\/societe\/a-saint-denis-un-comite-daccueil-organise-en-marge-de-la-visite-demmanuel-macron\/\"><strong>\u00c0 Saint-Denis, un comit\u00e9 d\u2019accueil organis\u00e9 en marge de la visite d\u2019Emmanuel Macron<\/strong><\/a>&nbsp;(Le Bondy Blog)<\/p>\n\n\n\n<p><a href=\"https:\/\/www.huffingtonpost.fr\/politique\/article\/reforme-des-retraites-les-deplacements-de-ministres-meme-les-moins-connus-perturbes_216811.html\">M\u00eame les ministres de second plan ne peuvent plus se d\u00e9placer sans manifestants<\/a>&nbsp;(HuffPost)<\/p>\n\n\n\n<p><a href=\"https:\/\/www.francetvinfo.fr\/economie\/retraite\/reforme-des-retraites\/retraites-le-groupe-ps-depose-a-son-tour-une-proposition-de-loi-pour-demander-l-abrogation-de-la-reforme_5779907.html\">Le groupe PS d\u00e9pose \u00e0 son tour une proposition de loi pour demander l\u2019abrogation de la r\u00e9forme<\/a>&nbsp;(France Info)<\/p>\n\n\n\n<p><a href=\"https:\/\/www.huffingtonpost.fr\/politique\/article\/contre-la-reforme-des-retraites-les-deputes-liot-ecrivent-une-loi-d-abrogation_216796.html\">La tentative des d\u00e9put\u00e9s LIOT pour annuler la r\u00e9forme des retraites au mois de juin<\/a>&nbsp;(HuffPost)<\/p>\n\n\n\n<p><a href=\"https:\/\/www.lemonde.fr\/politique\/live\/2023\/04\/18\/reforme-des-retraites-en-direct-emmanuel-macron-accueilli-par-des-manifestants-lors-d-une-visite-a-saint-denis_6169963_823448.html\">Revivez la journ\u00e9e de mardi, au lendemain de l\u2019allocution d\u2019Emmanuel Macron<\/a>&nbsp;(Live du Monde)<\/p>\n\n\n\n<p><a href=\"https:\/\/www.lemonde.fr\/emploi\/article\/2023\/04\/19\/plus-des-deux-tiers-des-actifs-de-plus-de-40-ans-ne-pensent-pas-pouvoir-travailler-jusqu-a-l-age-legal-de-depart-a-la-retraite_6170121_1698637.html\">Plus des 2\/3 des actifs de plus de 40 ans craignent de ne pas tenir jusqu\u2019\u00e0 la retraite<\/a>&nbsp;(Le Monde)<\/p>\n\n\n\n<p><a href=\"https:\/\/www.alternatives-economiques.fr\/sandrine-foulon\/syndicats-nont-perdu\/00106662\">Les syndicats n\u2019ont pas tout perdu<\/a>&nbsp;(Alter \u00e9co)<\/p>\n\n\n\n<p><a href=\"https:\/\/www.youtube.com\/watch?v=gWhQcT9GuzE&amp;ab_channel=FranceCulture\">Retraites : \u00ab&nbsp;Emmanuel Macron n\u2019a pas pris la mesure de la crise du travail<\/a>&nbsp; (France Culture)<\/p>\n\n\n\n<p><a href=\"https:\/\/www.leparisien.fr\/economie\/retraites\/contre-la-reforme-des-retraites-des-actions-syndicales-en-ordre-disperse-avant-le-rendez-vous-du-1er-mai-18-04-2023-2HELBHR6AZA2FKOW77ULX6ITSE.php\">Des actions syndicales en ordre dispers\u00e9 avant le rendez-vous du 1er&nbsp;mai&nbsp;<\/a>(Le Parisien)<\/p>\n\n\n\n<p><strong><a href=\"https:\/\/lepoing.net\/tous-a-ganges-ce-20-avril-pour-accueillir-macron-comme-il-se-doit\/\">Tous \u00e0 Ganges ce 20 avril pour accueillir Macron \u00ab comme il se doit \u00bb<\/a>&nbsp;(Le Poing)<\/strong><\/p>\n\n\n\n<p><a href=\"https:\/\/rebellyon.info\/Aider-une-personne-qui-fait-une-crise-d-24769\">Aider une personne qui fait une crise d\u2019angoisse ou un shutdown en manif<\/a>&nbsp;(Rebellyon)<\/p>\n\n\n\n<p><strong><a href=\"https:\/\/basta.media\/Isole-comme-jamais-Emmanuel-Macron-peut-il-eteindre-l-incendie-qu-il-a-propage-100-jours\">Isol\u00e9 comme jamais, Emmanuel Macron peut-il \u00e9teindre l\u2019incendie qu\u2019il a propag\u00e9&nbsp;?<\/a>&nbsp;(Basta)<\/strong><\/p>\n\n\n\n<p><strong>18 avril<\/strong><\/p>\n\n\n\n<p><a href=\"https:\/\/www.boursorama.com\/videos\/actualites\/france-concert-de-casseroles-pendant-l-allocution-d-emmanuel-macron-20bef1e1bdeb62c66976d41d8101a6e8\">France : concert de casseroles pendant l\u2019allocution d\u2019Emmanuel Macron<\/a>&nbsp;(France 24)<\/p>\n\n\n\n<p><a href=\"https:\/\/www.boursorama.com\/videos\/actualites\/francois-hommeril-president-de-la-cfe-cgc-emmanuel-macron-n-est-pas-tres-fort-pour-apaiser-1695ac59d9636993345d9bc8d80859f6\">Fran\u00e7ois Hommeril (CFE-CGC) : \u00ab&nbsp;Macron n\u2019est pas tr\u00e8s fort pour apaiser !&nbsp;\u00bb<\/a>&nbsp;(Ecorama)<\/p>\n\n\n\n<p><a href=\"https:\/\/www.huffingtonpost.fr\/politique\/article\/allocution-de-macron-pierre-rosanvallon-deplore-dans-quotidien-la-crise-democratique-francaise_216735.html\"><strong>\u00abUne crise qui peut \u00eatre gravissime\u00bb&nbsp;: la col\u00e8re froide de l\u2019historien Pierre Rosanvallon dans \u2018Quotidien\u2019<\/strong><\/a>&nbsp;(HuffPost)<\/p>\n\n\n\n<figure class=\"wp-block-image\"><img loading=\"lazy\" decoding=\"async\" width=\"544\" height=\"518\" src=\"https:\/\/i0.wp.com\/www.rdpemancipation.org\/wp-content\/uploads\/2023\/04\/image-76.png?resize=544%2C518&amp;ssl=1\" alt=\"\" class=\"wp-image-113107\" srcset=\"https:\/\/i0.wp.com\/www.rdpemancipation.org\/wp-content\/uploads\/2023\/04\/image-76.png?w=544&amp;ssl=1 544w, https:\/\/i0.wp.com\/www.rdpemancipation.org\/wp-content\/uploads\/2023\/04\/image-76.png?resize=300%2C286&amp;ssl=1 300w\" sizes=\"auto, (max-width: 544px) 100vw, 544px\" \/><\/figure>\n\n\n\n<p><a href=\"https:\/\/www.publicsenat.fr\/article\/politique\/retraites-pourquoi-la-deuxieme-version-du-referendum-d-initiative-partagee-n-a-que\">Pourquoi la deuxi\u00e8me version du R\u00e9f\u00e9rendum d\u2019initiative partag\u00e9e n\u2019a que peu de chances d\u2019aboutir<\/a>&nbsp;(Public S\u00e9nat)<\/p>\n\n\n\n<p><a href=\"https:\/\/france.attac.org\/actus-et-medias\/salle-de-presse\/article\/macron-ne-nous-ecoute-pas-nous-ne-l-ecouterons-pas-non-plus\">Macron ne nous \u00e9coute pas ? Nous ne l\u2019\u00e9couterons pas non plus !<\/a>&nbsp;(Attac France)<\/p>\n\n\n\n<p><a href=\"https:\/\/www.force-ouvriere.fr\/poursuivre-les-greves-et-les-mobilisations-pour-le-retrait-de-la\">Poursuivre les gr\u00e8ves et les mobilisations pour le retrait de la r\u00e9forme des retraites&nbsp;!<\/a>&nbsp;(Force Ouvri\u00e8re)<\/p>\n\n\n\n<p><a href=\"https:\/\/www.liberation.fr\/politique\/conditions-de-travail-salaires-emmanuel-macron-se-souvient-il-de-ce-quil-disait-il-y-a-trois-ans-20230418_GBEWVGX6BZHYHOQO6L6P2ILDFA\/\">Conditions de travail, salaires\u2026 Emmanuel Macron se souvient-il de ce qu\u2019il disait il y a trois&nbsp;ans&nbsp;?<\/a>&nbsp;(Lib\u00e9ration)<\/p>\n\n\n\n<p><strong><a href=\"https:\/\/www.mediapart.fr\/journal\/politique\/170423\/macron-sonne-creux-face-la-france-des-casseroles\">Macron sonne creux face \u00e0 la France des casseroles<\/a>&nbsp;<\/strong>(M\u00e9diapart)<\/p>\n\n\n\n<p><strong><a href=\"https:\/\/www.liberation.fr\/economie\/social\/malgre-la-porte-ouverte-les-syndicats-fermes-sur-leur-position-20230417_KTWBZC2BSFEXDDUVAILMNJLGKA\/\">Retraites : malgr\u00e9 la \u00abporte ouverte\u00bb de Macron, les syndicats fermes sur leur position&nbsp;<\/a>(Lib\u00e9ration)<\/strong><\/p>\n\n\n\n<p><a href=\"https:\/\/www.leparisien.fr\/politique\/retraites-des-concerts-de-casseroles-organises-pendant-lallocution-demmanuel-macron-17-04-2023-G33CHYRTEFDQXOXES2AZ4ASJYU.php\">Retraites&nbsp;: des concerts de casseroles organis\u00e9s pendant l\u2019allocution d\u2019Emmanuel Macron&nbsp;<\/a>(Le Parisien)<\/p>\n\n\n\n<p><a href=\"https:\/\/www.politis.fr\/articles\/2023\/04\/un-manifestant-puni-pour-refus-de-donner-le-code-dun-telephone-inexistant\/\">Un manifestant puni pour refus de donner le code d\u2019un t\u00e9l\u00e9phone\u2026 inexistant<\/a>&nbsp;(Politis)<\/p>\n\n\n\n<p><a href=\"https:\/\/www.publicsenat.fr\/article\/politique\/allocution-presidentielle-emmanuel-macron-n-a-toujours-pas-compris-la-colere-qui-s\">\u00ab&nbsp;Emmanuel Macron n\u2019a toujours pas compris la col\u00e8re qui s\u2019exprime dans le pays&nbsp;\u00bb<\/a>&nbsp;(Public S\u00e9nat)<\/p>\n\n\n\n<p><a href=\"https:\/\/www.revolutionpermanente.fr\/Juges-pour-avoir-bloque-leur-lycee-relaxe-pour-Justin-et-Clement-Tous-au-tribunal-ce-mardi-13h\">Jug\u00e9s pour avoir bloqu\u00e9 leur lyc\u00e9e&nbsp;: relaxe pour Justin et Cl\u00e9ment&nbsp;! Tous au tribunal ce mardi 13h&nbsp;!&nbsp;<\/a>(RP)<\/p>\n\n\n\n<p><strong><a href=\"https:\/\/www.revolutionpermanente.fr\/Repression-13-energeticiens-de-la-CGT-interpelles-pour-une-action-symbolique-a-Marseille\">R\u00e9pression&nbsp;: 13 \u00e9nerg\u00e9ticiens de la CGT interpell\u00e9s pour une action symbolique \u00e0 Marseille<\/a>&nbsp;(RP)<\/strong><\/p>\n\n\n\n<p><a href=\"https:\/\/www.force-ouvriere.fr\/un-1er-mai-unitaire-et-populaire-pour-le-retrait\">Un 1<sup>er<\/sup>&nbsp;Mai unitaire et populaire pour le retrait&nbsp;!<\/a>&nbsp;(FO)<\/p>\n\n\n\n<p><a href=\"https:\/\/lanticapitaliste.org\/actualite\/politique\/leur-democratie-nest-pas-la-notre-sorganiser-pour-imposer-le-retrait\">Leur \u00abd\u00e9mocratie\u00bb n\u2019est pas la n\u00f4tre: s\u2019organiser pour imposer le retrait<\/a>&nbsp;(l\u2019Anticapitaliste)<\/p>\n\n\n\n<p><a href=\"https:\/\/rapportsdeforce.fr\/classes-en-lutte\/retraites-lopposition-a-la-reforme-a-t-elle-encore-des-cartouches-pour-gagner-041717749\">Retraites&nbsp;: l\u2019opposition \u00e0 la r\u00e9forme a-t-elle encore des cartouches pour gagner&nbsp;?<\/a>&nbsp;(FO)<\/p>\n\n\n\n<p><a href=\"https:\/\/www.youtube.com\/watch?v=Fg17zXD5Pb4&amp;ab_channel=StreetPress\">La vraie vie de Foued, \u00e9boueur en gr\u00e8ve<\/a>&nbsp;(StreetPress)<\/p>\n\n\n\n<p><a href=\"https:\/\/confpeps.org\/et-maintenant-que-faire-vers-un-soulevement-des-vies\/\">Et maintenant, que faire&nbsp;? Vers un soul\u00e8vement des vies&nbsp;!<\/a>&nbsp;(PEPS)<\/p>\n\n\n\n<p><strong><a href=\"https:\/\/www.youtube.com\/watch?v=Nc-xTSatYh0&amp;t=9s&amp;ab_channel=BLAST%2CLesouffledel%27info\">Vers une convergence des col\u00e8res<\/a>&nbsp;(Blast)<\/strong><\/p>\n\n\n\n<p><strong>17 avril<\/strong><\/p>\n\n\n\n<p><a href=\"https:\/\/www.francetvinfo.fr\/economie\/retraite\/reforme-des-retraites\/reforme-des-retraites-on-n-est-pas-prets-a-tourner-la-page-previent-l-intersyndicale-avant-l-allocution-d-emmanuel-macron_5775752.html\">\u00ab&nbsp;On n\u2019est pas pr\u00eats \u00e0 tourner la page&nbsp;\u00bb, pr\u00e9vient l\u2019intersyndicale avant l\u2019allocution de Macron<\/a>&nbsp;(France Info)<\/p>\n\n\n\n<p><a href=\"https:\/\/www.huffingtonpost.fr\/politique\/video\/pour-sophie-binet-emmanuel-macron-ouvre-un-boulevard-au-rn_216645.html\">Binet et Berger au diapason sur la politique de Macron et le risque du RN<\/a>&nbsp;(HuffPost)<\/p>\n\n\n\n<p><a href=\"https:\/\/blogs.mediapart.fr\/etienne-balibar\/blog\/160423\/un-tournant-dans-le-mouvement\">Un tournant dans le mouvement<\/a>&nbsp;(Blog d\u2019Etienne Balibar)<\/p>\n\n\n\n<figure class=\"wp-block-image\"><img loading=\"lazy\" decoding=\"async\" width=\"745\" height=\"508\" src=\"https:\/\/i0.wp.com\/www.rdpemancipation.org\/wp-content\/uploads\/2023\/04\/image-69.png?resize=454%2C310&amp;ssl=1\" alt=\"\" class=\"wp-image-113046\" srcset=\"https:\/\/i0.wp.com\/www.rdpemancipation.org\/wp-content\/uploads\/2023\/04\/image-69.png?w=745&amp;ssl=1 745w, https:\/\/i0.wp.com\/www.rdpemancipation.org\/wp-content\/uploads\/2023\/04\/image-69.png?resize=300%2C205&amp;ssl=1 300w\" sizes=\"auto, (max-width: 745px) 100vw, 745px\" \/><\/figure>\n\n\n\n<p><a href=\"https:\/\/www.huffingtonpost.fr\/politique\/article\/reforme-des-retraites-apres-le-verdict-du-conseil-constitutionnel-des-rassemblements-partout-en-france_216616.html\">Des manifestations spontan\u00e9es partout en France apr\u00e8s la d\u00e9cision du Conseil constitutionnel<\/a>&nbsp;(HuffPost)<\/p>\n\n\n\n<p><a href=\"https:\/\/www.force-ouvriere.fr\/retraites-ce-n-est-pas-fini\">Retraites&nbsp;: Ce n\u2019est pas fini&nbsp;!<\/a>&nbsp;(Force Ouvri\u00e8re)<\/p>\n\n\n\n<p><a href=\"https:\/\/france.attac.org\/actus-et-medias\/salle-de-presse\/article\/apres-la-decision-du-conseil-constitutionnel-64-ans-c-est-toujours-non\">Apr\u00e8s la d\u00e9cision du Conseil constitutionnel : 64 ans c\u2019est toujours non !<\/a>&nbsp;(Attac France)<\/p>\n\n\n\n<p><a href=\"https:\/\/www.lemonde.fr\/idees\/article\/2023\/04\/16\/reforme-des-retraites-la-decision-du-conseil-constitutionnel-s-impose-mais-parce-qu-elle-est-mal-fondee-et-mal-motivee-en-droit-elle-ne-peut-pas-clore-le-contentieux-des-retraites_6169709_3232.html\">\u00abMal fond\u00e9e en droit, la d\u00e9cision du Conseil constitutionnel ne peut pas clore le contentieux des retraites\u00bb<\/a>&nbsp;(Tribune dans le Monde)<\/p>\n\n\n\n<p><a href=\"https:\/\/www.lemonde.fr\/idees\/article\/2023\/04\/15\/les-degats-d-un-conflit-interminable_6169651_3232.html\">Les d\u00e9g\u00e2ts d\u2019un conflit interminable<\/a>&nbsp;(Le Monde)<\/p>\n\n\n\n<p><a href=\"https:\/\/www.liberation.fr\/politique\/institutions-avec-macron-lage-derosion-20230416_4YJWPK6Z6FCT5CE3XTT4RDGDOE\/\">Institutions&nbsp;: avec Macron, l\u2019\u00e2ge d\u2019\u00e9rosion<\/a>&nbsp;(Lib\u00e9ration)<\/p>\n\n\n\n<p><strong><a href=\"https:\/\/paris-luttes.info\/greve-generale-rendez-vous-de-la-16967\">Gr\u00e8ve g\u00e9n\u00e9rale&nbsp;: rendez-vous de la semaine du 17&nbsp;avril au 23&nbsp;avril<\/a>&nbsp;<\/strong>(Paris-Luttes info)<\/p>\n\n\n\n<p><a href=\"https:\/\/www.revolutionpermanente.fr\/Onze-nuances-de-scepticisme-et-d-electoralisme-Reponse-a-Ugo-Palheta\">Onze nuances de scepticisme et d\u2019\u00e9lectoralisme. R\u00e9ponse \u00e0 Ugo Palheta<\/a>&nbsp;(RP)<\/p>\n\n\n\n<p><strong><a href=\"https:\/\/www.blast-info.fr\/emissions\/2023\/le-conseil-constitutionnel-donne-les-pleins-pouvoirs-a-lexecutif-jnyHSp6PQkGuvGRHhxSAqA\">le Conseil constitutionnel donne les pleins pouvoirs \u00e0 l\u2019ex\u00e9cutif<\/a>&nbsp;(<\/strong>Blast)<\/p>\n\n\n\n<p><strong><a href=\"https:\/\/www.huffingtonpost.fr\/france\/article\/a-la-sncf-une-journee-de-la-colere-cheminote-prevue-jeudi-20-avril_216635.html\">Qu\u2019est-ce que la journ\u00e9e de \u00ab&nbsp;la col\u00e8re cheminote&nbsp;\u00bb voulue par les syndicats&nbsp;?<\/a>&nbsp;<\/strong>(HuffPost)<\/p>\n\n\n\n<figure class=\"wp-block-image\"><img loading=\"lazy\" decoding=\"async\" width=\"681\" height=\"963\" src=\"https:\/\/i0.wp.com\/www.rdpemancipation.org\/wp-content\/uploads\/2023\/04\/image-61.png?resize=681%2C963&amp;ssl=1\" alt=\"\" class=\"wp-image-113000\" srcset=\"https:\/\/i0.wp.com\/www.rdpemancipation.org\/wp-content\/uploads\/2023\/04\/image-61.png?w=681&amp;ssl=1 681w, https:\/\/i0.wp.com\/www.rdpemancipation.org\/wp-content\/uploads\/2023\/04\/image-61.png?resize=212%2C300&amp;ssl=1 212w\" sizes=\"auto, (max-width: 681px) 100vw, 681px\" \/><\/figure>\n\n\n\n<p><mark><strong>15 avril<\/strong><\/mark><\/p>\n\n\n\n<p><a href=\"https:\/\/www.mediapart.fr\/journal\/france\/150423\/reforme-des-retraites-apres-la-promulgation-la-consternation\">Apr\u00e8s la promulgation, la consternation<\/a>&nbsp;(M\u00e9diapart)<\/p>\n\n\n\n<p><strong><a href=\"https:\/\/www.huffingtonpost.fr\/politique\/article\/emmanuel-macron-a-promulgue-la-reforme-des-retraites_216621.html\">Macron n\u2019a m\u00eame pas attendu une journ\u00e9e pour promulguer la r\u00e9forme des retraites<\/a><\/strong>&nbsp;(HuffPost)<\/p>\n\n\n\n<p><strong><a href=\"https:\/\/www.huffingtonpost.fr\/politique\/article\/la-reforme-des-retraites-a-ete-validee-par-le-conseil-constitutionnel-quelles-etapes-attendent-le-texte_216257.html\">Valid\u00e9e et promulgu\u00e9e, la r\u00e9forme des retraites&nbsp;a encore du chemin avant d\u2019\u00eatre appliqu\u00e9e<\/a><\/strong>&nbsp;(HuffPost)<\/p>\n\n\n\n<p><a href=\"https:\/\/www.placegrenet.fr\/2023\/04\/15\/reforme-des-retraites-des-centaines-de-manifestants-en-colere-contre-la-decision-du-conseil-constitutionnel-a-grenoble\/600341\">Des centaines de manifestants en col\u00e8re \u00e0 Grenoble contre la d\u00e9cision du Conseil constitutionnel<\/a>&nbsp; (Place Gre\u2019net)<\/p>\n\n\n\n<p><a href=\"https:\/\/www.rue89strasbourg.com\/apres-decision-conseil-constitutionnel-foutre-le-bordel-tout-bloquer-262717\">Apr\u00e8s la d\u00e9cision du Conseil constitutionnel : \u00abTout ce qui nous reste, c\u2019est foutre le bordel, tout bloquer\u00bb<\/a>&nbsp; (Rue89 Strasbourg)<\/p>\n\n\n\n<p><a href=\"https:\/\/www.mediapart.fr\/journal\/economie-et-social\/140423\/paris-colere-contre-la-decision-du-conseil-constitutionnel\">\u00c0 Paris, col\u00e8re contre la d\u00e9cision du Conseil constitutionnel&nbsp;<\/a>&nbsp;(M\u00e9diapart)<\/p>\n\n\n\n<p><a href=\"https:\/\/www.politis.fr\/articles\/2023\/04\/et-maintenant-la-greve-generale\/\">Et maintenant, la gr\u00e8ve g\u00e9n\u00e9rale !<\/a>&nbsp;(Politis)<\/p>\n\n\n\n<figure class=\"wp-block-image\"><img loading=\"lazy\" decoding=\"async\" width=\"658\" height=\"561\" src=\"https:\/\/i0.wp.com\/www.rdpemancipation.org\/wp-content\/uploads\/2023\/04\/image-68.png?resize=478%2C408&amp;ssl=1\" alt=\"\" class=\"wp-image-113042\" srcset=\"https:\/\/i0.wp.com\/www.rdpemancipation.org\/wp-content\/uploads\/2023\/04\/image-68.png?w=658&amp;ssl=1 658w, https:\/\/i0.wp.com\/www.rdpemancipation.org\/wp-content\/uploads\/2023\/04\/image-68.png?resize=300%2C256&amp;ssl=1 300w\" sizes=\"auto, (max-width: 658px) 100vw, 658px\" \/><\/figure>\n\n\n\n<p><a href=\"https:\/\/lesjours.fr\/obsessions\/reforme-retraites\/ep13-conseil-contitutionnel\/\">Un Conseil constitutionnel qui se tient sage<\/a>&nbsp; (Les Jours)<\/p>\n\n\n\n<p><a href=\"https:\/\/france.attac.org\/actus-et-medias\/salle-de-presse\/article\/apres-la-decision-du-conseil-constitutionnel-64-ans-c-est-toujours-non\">Apr\u00e8s la d\u00e9cision du Conseil constitutionnel : 64 ans c\u2019est toujours non !<\/a>&nbsp;(Attac France)<\/p>\n\n\n\n<p><strong><a href=\"https:\/\/www.contretemps.eu\/retraites-fn-rn-le-pen-bardella-capitalisme\/\">Retraites : le FN\/RN, l\u2019autre parti du capital [Podcast]<\/a>&nbsp;<\/strong>(Contretemps)<\/p>\n\n\n\n<p><a href=\"https:\/\/www.force-ouvriere.fr\/retraites-ce-n-est-pas-fini\">Retraites&nbsp;: Ce n\u2019est pas fini&nbsp;!<\/a>&nbsp;(Force Ouvri\u00e8re)<\/p>\n\n\n\n<p><a href=\"https:\/\/france.attac.org\/actus-et-medias\/salle-de-presse\/article\/apres-la-decision-du-conseil-constitutionnel-64-ans-c-est-toujours-non\">Apr\u00e8s la d\u00e9cision du Conseil constitutionnel : 64 ans c\u2019est toujours non !<\/a>&nbsp;(Attac France)<\/p>\n\n\n\n<p><a href=\"https:\/\/www.lemediatv.fr\/emissions\/2023\/conseil-constitutionnel-la-bombe-est-tombee-1O_LD9ndSFKCJlwv-Ja4Iw\">Conseil constitutionnel : la bombe est tomb\u00e9e<\/a>&nbsp;(Le M\u00e9dia)<\/p>\n\n\n\n<p><mark><strong>14 avril<\/strong><\/mark><\/p>\n\n\n\n<p><strong><a href=\"https:\/\/www.liberation.fr\/idees-et-debats\/editorial\/conseil-constitutionnel-le-choix-du-pire-20230414_4MX4KUROL5CRFMP7DUYSK65QIY\/\">Conseil constitutionnel&nbsp;: le choix du pire<\/a><\/strong>&nbsp;(Lib\u00e9ration, \u00e9ditorial)<\/p>\n\n\n\n<p><strong><a href=\"https:\/\/www.huffingtonpost.fr\/politique\/article\/reforme-des-retraites-l-intersyndicale-demande-a-macron-de-ne-pas-promulguer_216612.html\">\u00ab&nbsp;Ne promulguez pas la loi&nbsp;\u00bb exhortent les syndicats par la voix de Sophie Binet<\/a>&nbsp;<\/strong>(HuffPost)<\/p>\n\n\n\n<p><a href=\"https:\/\/www.liberation.fr\/politique\/en-direct-reforme-des-retraites-reactions-politiques-et-syndicales-rassemblements-suivez-la-journee-de-decision-du-conseil-constitutionnel-20230414_D24LCFYUSVFXZGFQHYAEUUEROI\/\">EN DIRECT&nbsp;: l\u2019intersyndicale refuse de rencontrer Emmanuel Macron \u00e0 l\u2019Elys\u00e9e mardi<\/a>&nbsp;(Lib\u00e9ration, en clair)<\/p>\n\n\n\n<p><a href=\"https:\/\/www.francetvinfo.fr\/economie\/retraite\/reforme-des-retraites\/direct-reforme-des-retraites-la-decision-du-conseil-constitutionnel-attendue-en-fin-de-journee_5770394.html#xtor=CS3-794\">Apr\u00e8s la d\u00e9cision du conseil constitutionnel, l\u2019intersyndicale appelle \u00e0 une mobilisation exceptionnelle le 1<sup>er<\/sup>&nbsp;mai<\/a>&nbsp;(France Info)<\/p>\n\n\n\n<p><strong><a href=\"https:\/\/blogs.mediapart.fr\/marugil\/blog\/140423\/et-le-conseil-constitutionnel-se-coucha-l-heure-prevue\">Et le Conseil Constitutionnel se coucha \u00e0 l\u2019heure pr\u00e9vue<\/a><\/strong>&nbsp;(Blog de marugil)<\/p>\n\n\n\n<p><a href=\"https:\/\/www.liberation.fr\/politique\/retraites-pour-les-gauches-le-combat-ne-sarrete-pas-apres-une-decision-qui-ne-passe-pas-20230414_BE6KLN7OSBGQPGDECRXU3NE6SY\/\">Retraites&nbsp;: pour les gauches, \u00able combat ne s\u2019arr\u00eate pas\u00bb apr\u00e8s une d\u00e9cision qui ne passe pas<\/a>&nbsp;(Lib\u00e9ration)<\/p>\n\n\n\n<p><strong><a href=\"https:\/\/www.conseil-constitutionnel.fr\/actualites\/communique\/decision-n-2023-849-dc-du-14-avril-2023-communique-de-presse\">Communiqu\u00e9 de presse du Conseil Constitutionnel<\/a><\/strong>&nbsp;(D\u00e9cision n\u00b0 2023-849 DC du 14 avril 2023)<\/p>\n\n\n\n<figure class=\"wp-block-image\"><img loading=\"lazy\" decoding=\"async\" width=\"609\" height=\"547\" src=\"https:\/\/i0.wp.com\/www.rdpemancipation.org\/wp-content\/uploads\/2023\/04\/image-55.png?resize=433%2C389&amp;ssl=1\" alt=\"\" class=\"wp-image-112929\" srcset=\"https:\/\/i0.wp.com\/www.rdpemancipation.org\/wp-content\/uploads\/2023\/04\/image-55.png?w=609&amp;ssl=1 609w, https:\/\/i0.wp.com\/www.rdpemancipation.org\/wp-content\/uploads\/2023\/04\/image-55.png?resize=300%2C269&amp;ssl=1 300w\" sizes=\"auto, (max-width: 609px) 100vw, 609px\" \/><\/figure>\n\n\n\n<p><strong><a href=\"https:\/\/www.youtube.com\/watch?v=xDVzTjUFhHI&amp;ab_channel=BLAST%2CLesouffledel%27info\">Macron, pr\u00e9sident populaire (en Chine)&nbsp;<\/a><\/strong>(Blast)<\/p>\n\n\n\n<p><a href=\"https:\/\/www.youtube.com\/watch?v=50kkG2mzpTA&amp;ab_channel=AFP\">Retraites : des manifestants devant le Conseil constitutionnel&nbsp;<\/a>(AFP)<\/p>\n\n\n\n<p><a href=\"https:\/\/www.liberation.fr\/economie\/social\/reforme-des-retraites-a-paris-les-manifestants-reformistes-ne-sont-pas-pres-de-se-defiler-20230413_WUT3MIJGD5FYFKUWWNNIZ3CJ4Q\/\">R\u00e9forme des retraites : \u00e0 Paris, les manifestants \u00abr\u00e9formistes\u00bb ne sont pas pr\u00e8s de se d\u00e9filer<\/a>&nbsp;(Lib\u00e9ration)<\/p>\n\n\n\n<p><strong><a href=\"https:\/\/www.liberation.fr\/politique\/le-conseil-constitutionnel-sous-haute-protection-symbole-dune-faillite-democratique-20230413_FM5Z6FBDOBE37HZSMMBRVWZEOM\/\">Le Conseil constitutionnel sous haute protection, symbole d\u2019une faillite d\u00e9mocratique&nbsp;<\/a><\/strong>(Lib\u00e9ration)<\/p>\n\n\n\n<p><a href=\"https:\/\/www.liberation.fr\/societe\/police-justice\/grievement-blesse-a-sainte-soline-mickael-est-sorti-de-lhopital-20230414_ZXQI7OPV2NENTE54HV2QHFLHJQ\/\">Gri\u00e8vement bless\u00e9 \u00e0 Sainte-Soline, Micka\u00ebl est sorti de l\u2019h\u00f4pital<\/a>&nbsp;(Lib\u00e9ration)<\/p>\n\n\n\n<p><a href=\"https:\/\/lepoing.net\/universite-paul-valery-coup-de-force-de-la-presidente-sur-le-passage-des-partiels\/\">Universit\u00e9 Paul-Val\u00e9ry : coup de force de la pr\u00e9sidente sur le passage des partiels<\/a>&nbsp;(Le Poing)<\/p>\n\n\n\n<p><strong><a href=\"https:\/\/www.publicsenat.fr\/article\/politique\/reforme-des-retraites-la-gauche-va-deposer-une-seconde-demande-de-rip-aupres-du\">La gauche va d\u00e9poser une seconde demande de RIP aupr\u00e8s du Conseil constitutionnel&nbsp;<\/a>(Public s\u00e9nat)<\/strong><\/p>\n\n\n\n<p><a href=\"https:\/\/rebellyon.info\/Vendredi-14-avril-17h-Terreaux-apres-la-24763\">Vendredi 14&nbsp;avril \u2013 17h Terreaux apr\u00e8s la d\u00e9cision du Conseil Constitutionnel&nbsp;<\/a>(Rebellyon)<\/p>\n\n\n\n<p><a href=\"https:\/\/www.revolutionpermanente.fr\/Darmanin-veut-interdire-les-mobilisations-autour-du-Conseil-constitutionnel-ce-vendredi\">Darmanin veut interdire les mobilisations autour du Conseil constitutionnel ce vendredi&nbsp;<\/a>(RP)<\/p>\n\n\n\n<p><strong><a href=\"https:\/\/www.revolutionpermanente.fr\/On-reprend-la-greve-2eme-round-contre-la-reforme-des-retraites-pour-les-eboueurs-de-Paris\">\u00ab&nbsp;On reprend la gr\u00e8ve&nbsp;\u00bb&nbsp;: 2\u00e8me round contre la r\u00e9forme des retraites pour les \u00e9boueurs de Paris<\/a>&nbsp;(RP)<\/strong><\/p>\n\n\n\n<p><a href=\"https:\/\/basta.media\/avec-le-conseil-constitutionnel-rip-la-reforme-des-retraites-censure-referendum-d-initiative-partagee\">Avec le Conseil constitutionnel, RIP la r\u00e9forme des retraites&nbsp;?<\/a>&nbsp;(Basta)<\/p>\n\n\n\n<p><a href=\"https:\/\/rapportsdeforce.fr\/classes-en-lutte\/la-colere-est-toujours-la-apres-12-journees-nationales-de-mobilisation-041317739\">La col\u00e8re est toujours l\u00e0, apr\u00e8s 12&nbsp;journ\u00e9es nationales de mobilisation<\/a>&nbsp;(Rapports de force)<\/p>\n\n\n\n<p><strong><a href=\"https:\/\/www.streetpress.com\/sujet\/1681404591-apres-violences-policieres-lyceens-conflans-blocus-reforme\">Apr\u00e8s les violences polici\u00e8res, les lyc\u00e9ens de Conflans plus d\u00e9termin\u00e9s encore<\/a>&nbsp;(Street Press)<\/strong><\/p>\n\n\n\n<p><a href=\"https:\/\/theconversation.com\/a-65-ans-la-v-republique-devrait-elle-partir-a-la-retraite-203431\">\u00c0 65 ans, la V\u1d49&nbsp;R\u00e9publique&nbsp;devrait-elle&nbsp;partir \u00e0&nbsp;la&nbsp;retraite&nbsp;?<\/a>&nbsp;(The Conversation)<\/p>\n\n\n\n<p><strong><a href=\"https:\/\/www.bondyblog.fr\/societe\/a-aubervilliers-la-greve-des-eboueurs-reprend-de-plus-belle\/\">\u00c0 Aubervilliers, la gr\u00e8ve des \u00e9boueurs reprend de plus belle<\/a>&nbsp;(Bondy Blog)<\/strong><\/p>\n\n\n\n<p><mark><strong>13 avril<\/strong><\/mark><\/p>\n\n\n\n<p><strong><a href=\"https:\/\/rapportsdeforce.fr\/classes-en-lutte\/apres-le-conseil-constitutionnel-quelles-options-pour-le-mouvement-social-041217734\">Apr\u00e8s le Conseil constitutionnel : quelles options pour le mouvement social ?<\/a>&nbsp;(Rapports de force)<\/strong><\/p>\n\n\n\n<p><a href=\"https:\/\/www.rfi.fr\/fr\/france\/20230413-r%C3%A9forme-des-retraites-12e-journ%C3%A9e-de-gr%C3%A8ve-%C3%A0-la-veille-de-la-d%C3%A9cision-du-conseil-constitutionnel\">R\u00e9forme des retraites: 12e journ\u00e9e de gr\u00e8ve \u00e0 la veille de la d\u00e9cision du Conseil constitutionnel<\/a>&nbsp;(RFI)<a href=\"https:\/\/www.facebook.com\/dialog\/share?app_id=113191652055439&amp;href=https%3A%2F%2Frfi.my%2F9Me9.F&amp;redirect_uri=https%3A%2F%2Fwww.rfi.fr%2Ffr%2Ffrance%2F20230413-r%25C3%25A9forme-des-retraites-12e-journ%25C3%25A9e-de-gr%25C3%25A8ve-%25C3%25A0-la-veille-de-la-d%25C3%25A9cision-du-conseil-constitutionnel&amp;locale=fr_FR\"><\/a><\/p>\n\n\n\n<p><a href=\"https:\/\/www.msn.com\/fr-fr\/actualite\/france\/direct-gr%C3%A8ve-du-13-avril-%C3%A0-rennes-le-d%C3%A9p%C3%B4t-de-bus-bloqu%C3%A9-avant-la-manifestation-ce-jeudi\/ar-AA19NHHR\">DIRECT. Gr\u00e8ve du 13 avril \u00e0 Rennes : le d\u00e9p\u00f4t de bus bloqu\u00e9 avant la manifestation ce jeudi&nbsp;<\/a>(Ouest France)<\/p>\n\n\n\n<p><strong><a href=\"https:\/\/www.liberation.fr\/economie\/social\/eboueurs-a-paris-la-cgt-appelle-a-la-greve-les-salaries-du-public-et-du-prive-a-partir-de-jeudi-20230412_PXKGLQ7KIZGGZOHFZMH4Q2CT3E\/\">Eboueurs \u00e0 Paris&nbsp;: la CGT appelle \u00e0 la gr\u00e8ve les salari\u00e9s du public et du priv\u00e9 \u00e0 partir de jeudi 13 avril<\/a>&nbsp;(Lib\u00e9ration)<\/strong><\/p>\n\n\n\n<p><a href=\"https:\/\/www.politis.fr\/articles\/2023\/04\/retraites-macron-apres-la-colere-sociale-le-risque-du-ressentiment\/\">Apr\u00e8s la col\u00e8re sociale, le risque du ressentiment<\/a>&nbsp;(Politis)<\/p>\n\n\n\n<p><a href=\"https:\/\/www.revolutionpermanente.fr\/Le-13-avril-ne-doit-pas-etre-un-baroud-d-honneur-il-nous-faut-une-strategie-alternative\">Le 13 avril ne doit pas \u00eatre un baroud d\u2019honneur&nbsp;: il nous faut une strat\u00e9gie alternative&nbsp;!<\/a>&nbsp;(RP)<\/p>\n\n\n\n<p><a href=\"https:\/\/www.revolutionpermanente.fr\/Toulouse-Des-centaines-d-etudiants-du-Mirail-debrayent-les-cours-et-bloquent-la-fac\">Toulouse. Des centaines d\u2019\u00e9tudiants du Mirail d\u00e9brayent les cours et bloquent la fac&nbsp;!<\/a>&nbsp;(RP)<\/p>\n\n\n\n<p><strong><a href=\"https:\/\/www.humanite.fr\/social-eco\/reforme-des-retraites\/retraites-risque-financier-l-argument-fait-pschitt-790756\">Retraites. \u00ab\u2009Risque financier\u2009\u00bb\u2009: l\u2019argument fait pschitt<\/a>&nbsp;(l\u2019Humanit\u00e9)<\/strong><\/p>\n\n\n\n<p><strong><a href=\"https:\/\/basta.media\/avec-le-conseil-constitutionnel-rip-la-reforme-des-retraites-censure-referendum-d-initiative-partagee\">Avec le Conseil constitutionnel, RIP la r\u00e9forme des retraites&nbsp;?<\/a>&nbsp;(Basta)<\/strong><\/p>\n\n\n\n<p><a href=\"https:\/\/cqfd-journal.org\/Une-jeunesse-qui-ne-se-tient-pas\">Une jeunesse qui ne se tient pas sage<\/a>&nbsp;(CQFD)<\/p>\n\n\n\n<p><a href=\"https:\/\/www.midilibre.fr\/2023\/04\/13\/greve-du-13-avril-contre-la-reforme-des-retraites-montpellier-nimes-sete-ou-et-quand-manifester-dans-la-region-11128770.php\">Gr\u00e8ve du 13 avril contre la r\u00e9forme des retraites : Montpellier, N\u00eemes, S\u00e8te\u2026 o\u00f9 et quand manifester dans la r\u00e9gion ?<\/a>&nbsp;(Midi libre)<\/p>\n\n\n\n<p><a href=\"https:\/\/www.francebleu.fr\/infos\/societe\/greve-du-13-avril-le-boulevard-peripherique-de-caen-bloque-par-les-opposants-a-la-reforme-des-retraites-1372673\">Gr\u00e8ve du 13 avril&nbsp;: le boulevard p\u00e9riph\u00e9rique de Caen bloqu\u00e9 par les opposants \u00e0 la r\u00e9forme des retraites&nbsp;<\/a>(ici)<\/p>\n\n\n\n<p><mark><strong>12 avril<\/strong><\/mark><\/p>\n\n\n\n<p><strong><a href=\"https:\/\/rapportsdeforce.fr\/classes-en-lutte\/apres-le-conseil-constitutionnel-quelles-options-pour-le-mouvement-social-041217734\">Apr\u00e8s le Conseil constitutionnel : quelles options pour le mouvement social ?<\/a>&nbsp;&nbsp;<\/strong>(Rapports de Force)<\/p>\n\n\n\n<p><a href=\"https:\/\/www.rue89lyon.fr\/2023\/04\/12\/reforme-retraites-manifestation-13-14-avril-lyon\/\">Avant l\u2019avis du Conseil constitutionnel, deux manifestations les 13 et 14 avril \u00e0 Lyon<\/a>&nbsp;&nbsp;(Rue89Lyon)<\/p>\n\n\n\n<p><strong><a href=\"https:\/\/www.contretemps.eu\/conseil-constitutionnel-illusion-democratique\/\">Le Conseil Constitutionnel, ou l\u2019illusion d\u00e9mocratique<\/a>&nbsp;<\/strong>(Contretemps)<\/p>\n\n\n\n<p><a href=\"https:\/\/www.politis.fr\/articles\/2023\/04\/le-plus-important-cest-la-duree-du-mouvement-retraites-reforme-larrere-tartakowsky\/\">Retraites : \u00ab Le plus important, c\u2019est la dur\u00e9e du mouvement \u00bb<\/a>&nbsp;(Politis)<\/p>\n\n\n\n<p><a href=\"https:\/\/www.lemonde.fr\/politique\/article\/2023\/04\/12\/reforme-des-retraites-a-nantes-la-circulation-perturbee-par-des-manifestants_6169174_823448.html\">Des manifestants contre la r\u00e9forme des retraites perturbent la circulation \u00e0 Nantes<\/a><a>&nbsp;(Le Monde)<\/a><\/p>\n\n\n\n<p><a href=\"https:\/\/www.lemonde.fr\/idees\/article\/2023\/04\/11\/macron-veut-etouffer-l-idee-selon-laquelle-sa-legitimite-se-serait-heurtee-a-celles-du-parlement-des-syndicats-et-du-peuple_6169085_3232.html\">\u00abMacron veut \u00e9touffer l\u2019id\u00e9e selon laquelle sa l\u00e9gitimit\u00e9 se serait heurt\u00e9e \u00e0 celles du Parlement, des syndicats et du peuple\u00bb<\/a>&nbsp;(Le Monde, chronique)<\/p>\n\n\n\n<p><a href=\"https:\/\/www.lemonde.fr\/politique\/article\/2023\/04\/11\/des-macronistes-divises-dans-une-assemblee-plus-fragmentee-que-jamais-apres-l-echec-parlementaire-de-la-reforme-des-retraites_6169020_823448.html\">Apr\u00e8s la r\u00e9forme des retraites, les macronistes \u00e0 la recherche d\u2019une majorit\u00e9 introuvable \u00e0 l\u2019Assembl\u00e9e<\/a>&nbsp;(Le Monde D\u00e9cryptage)<\/p>\n\n\n\n<p><mark><strong>11 avril<\/strong><\/mark><\/p>\n\n\n\n<p><a href=\"https:\/\/www.huffingtonpost.fr\/international\/video\/a-la-haye-macron-interrompu-par-des-manifestants_216436.html\"><strong>A la Haye, Macron interrompu par des manifestants<\/strong><\/a>&nbsp;(HuffPost, vid\u00e9o)<\/p>\n\n\n\n<p>&nbsp;<a href=\"https:\/\/www.boursorama.com\/videos\/actualites\/patrick-martin-medef-on-soutient-cette-reforme-des-retraites-mais-ce-n-est-pas-celle-du-medef-0c121a2f8942ea2e49daaab59922df88\">Patrick Martin : \u00ab&nbsp;On soutient cette r\u00e9forme, mais ce n\u2019est pas celle du MEDEF !&nbsp;\u00bb<\/a>&nbsp;(Ecorama)&nbsp;&nbsp;<\/p>\n\n\n\n<p><a href=\"https:\/\/www.capital.fr\/entreprises-marches\/reforme-des-retraites-plus-de-six-petits-patrons-sur-dix-sont-contre-le-texte-1465187\">R\u00e9forme des retraites&nbsp;: plus de six petits patrons sur dix sont contre le texte<\/a>&nbsp;(Capital)<\/p>\n\n\n\n<p><a href=\"https:\/\/www.boursorama.com\/actualite-economique\/actualites\/la-reforme-des-retraites-ne-fera-que-des-perdants-estime-berger-5c723a8be71d70b7b475017867953e14\">La r\u00e9forme des retraites ne fera \u00ab&nbsp;que des perdants&nbsp;\u00bb, estime Berger<\/a>&nbsp;(AFP)<\/p>\n\n\n\n<figure class=\"wp-block-image\"><img loading=\"lazy\" decoding=\"async\" width=\"600\" height=\"527\" src=\"https:\/\/i0.wp.com\/www.rdpemancipation.org\/wp-content\/uploads\/2023\/04\/image-44.png?resize=396%2C348&amp;ssl=1\" alt=\"\" class=\"wp-image-112814\" srcset=\"https:\/\/i0.wp.com\/www.rdpemancipation.org\/wp-content\/uploads\/2023\/04\/image-44.png?w=600&amp;ssl=1 600w, https:\/\/i0.wp.com\/www.rdpemancipation.org\/wp-content\/uploads\/2023\/04\/image-44.png?resize=300%2C264&amp;ssl=1 300w\" sizes=\"auto, (max-width: 600px) 100vw, 600px\" \/><\/figure>\n\n\n\n<p><a href=\"https:\/\/www.arretsurimages.net\/emissions\/classe-tele\/reforme-des-retraites-quelle-est-la-place-de-la-jeunesse\">R\u00e9forme des retraites : quelle est la place de la jeunesse ?<\/a>&nbsp;(Arr\u00eat sur images)<\/p>\n\n\n\n<p><a href=\"https:\/\/www.politis.fr\/articles\/2023\/04\/il-faut-construire-quelque-chose-avec-toute-cette-colere\/\">Syndicats \u00e9tudiants : \u00ab&nbsp;Il faut construire quelque chose avec toute cette col\u00e8re&nbsp;\u00bb<\/a>&nbsp;<mark>(Politis)<\/mark><\/p>\n\n\n\n<p><strong><a href=\"https:\/\/www.revue-ballast.fr\/deux-ou-trois-idees-pour-la-prochaine-revolution\/\">Deux ou trois id\u00e9es pour la prochaine r\u00e9volution<\/a>&nbsp;<\/strong>(Ballast)<\/p>\n\n\n\n<p><a href=\"https:\/\/www.force-ouvriere.fr\/6-avril-des-corteges-toujours-resolus-a-gagner-le-retrait-de-la\">6&nbsp;avril&nbsp;: des cort\u00e8ges toujours r\u00e9solus \u00e0 gagner le retrait de la r\u00e9forme<\/a>&nbsp;(FO)<\/p>\n\n\n\n<p><a href=\"https:\/\/france3-regions.francetvinfo.fr\/auvergne-rhone-alpes\/loire\/saint-etienne-les-eboueurs-determines-a-poursuivre-la-greve-2750802.html\">R\u00e9forme des retraites : les \u00e9boueurs de Saint-Etienne d\u00e9termin\u00e9s \u00e0 poursuivre la gr\u00e8ve<\/a>&nbsp;(franceinfo)<\/p>\n\n\n\n<p><a href=\"https:\/\/www.ladepeche.fr\/2023\/04\/11\/toulouse-les-etudiants-mobilises-contre-la-reforme-des-retraites-occupent-sciences-po-depuis-plus-dun-mois-11124690.php\">\u00c0 Toulouse, les \u00e9tudiants mobilis\u00e9s occupent Sciences Po depuis plus d\u2019un mois<\/a>&nbsp;(La D\u00e9p\u00eache)<\/p>\n\n\n\n<p><mark><strong>10 avril<\/strong><\/mark><\/p>\n\n\n\n<p><strong><a href=\"https:\/\/blogs.mediapart.fr\/jeanne-guien\/blog\/100423\/guerre-des-ordures-quand-blocages-et-greves-se-relaient\">\u00ab Guerre des ordures&nbsp;\u00bb : quand blocages et gr\u00e8ves se relaient<\/a>&nbsp;<\/strong>(Blog de&nbsp;Jeanne Guien)<\/p>\n\n\n\n<p><a href=\"https:\/\/blogs.mediapart.fr\/cyril-mouquet\/blog\/090423\/les-enseignants-ne-sont-pas-le-fer-de-lance-de-la-contestation-quelle-erreur\">\u00ab Les enseignants ne sont pas le fer de lance de la contestation&nbsp;\u00bb : quelle erreur&nbsp;!<\/a>&nbsp;(Blog de&nbsp;Cyril Mouquet)<\/p>\n\n\n\n<p><a href=\"https:\/\/www.huffingtonpost.fr\/politique\/video\/comment-la-reforme-des-retraites-a-vire-au-cauchemar-en-trois-mois-pour-l-executif_216286.html\"><strong>Comment la r\u00e9forme des retraites a vir\u00e9 au cauchemar de l\u2019ex\u00e9cutif en trois mois<\/strong><\/a>&nbsp;(HuffPost)<\/p>\n\n\n\n<p><strong>9 avril<\/strong><\/p>\n\n\n\n<p><a href=\"https:\/\/www.monde-diplomatique.fr\/2023\/04\/A\/65712\">Retraites, l\u2019onde de choc<\/a>&nbsp;(Le monde diplomatique)<\/p>\n\n\n\n<p><strong><a href=\"https:\/\/alencontre.org\/europe\/france\/france-bataille-pour-les-retraites-les-discordances-du-mouvement.html\">France. \u00abBataille pour les retraites: les discordances du mouvement\u00bb<\/a>&nbsp;<\/strong>(A l\u2019encontre)<\/p>\n\n\n\n<p><strong><a href=\"https:\/\/www.revue-ballast.fr\/on-a-pris-lusine-trois-semaines-de-blocage-en-lozere\/\">\u00ab On a pris l\u2019usine \u00bb : trois semaines de blocage en Loz\u00e8re<\/a>&nbsp;<\/strong>(Ballast)<\/p>\n\n\n\n<p><a href=\"https:\/\/paris-luttes.info\/greve-generale-rendez-vous-de-la-16922#Samedi-15-avril-23c2\">Gr\u00e8ve g\u00e9n\u00e9rale&nbsp;: rendez-vous de la semaine du 10&nbsp;avril au 16&nbsp;avril<\/a>&nbsp;(Paris-Luttes info)<\/p>\n\n\n\n<p><a href=\"https:\/\/www.revolutionpermanente.fr\/Face-a-la-radicalisation-autoritaire-pour-une-reponse-democratique-radicale-par-en-bas\">Face \u00e0 la radicalisation autoritaire, pour une r\u00e9ponse d\u00e9mocratique radicale par en bas<\/a>&nbsp;(RP)<\/p>\n\n\n\n<p><a href=\"https:\/\/www.revolutionpermanente.fr\/Les-eboueurs-du-SIVOM-reconduisent-la-greve-C-est-la-premiere-fois-qu-on-fait-greve-comme-ca\">Les \u00e9boueurs du SIVOM reconduisent la gr\u00e8ve&nbsp;: \u00ab&nbsp;C\u2019est la premi\u00e8re fois qu\u2019on fait gr\u00e8ve comme \u00e7a&nbsp;!&nbsp;\u00bb<\/a>&nbsp;(RP)<\/p>\n\n\n\n<p><strong><a href=\"https:\/\/france3-regions.francetvinfo.fr\/auvergne-rhone-alpes\/rhone\/lyon\/greve-contre-la-reforme-des-retraites-requisition-du-personnel-pour-une-reprise-de-la-navigation-sur-le-rhone-2749706.html\">R\u00e9quisition du personnel pour une reprise de la navigation sur le Rh\u00f4ne<\/a>&nbsp;<\/strong>(franceinfo)<\/p>\n\n\n\n<p><a href=\"https:\/\/confpeps.org\/ou-court-on\/\">O\u00f9 court-on&nbsp;?<\/a>&nbsp;(PEPS)<\/p>\n\n\n\n<p><strong>8 avril<\/strong><\/p>\n\n\n\n<p><a href=\"https:\/\/www.bondyblog.fr\/societe\/retraites-a-villetaneuse-la-colere-et-la-resignation\/\">Retraites : \u00e0 Villetaneuse, la col\u00e8re et la r\u00e9signation<\/a>&nbsp; (Le Bondy Blog)<\/p>\n\n\n\n<p><a href=\"https:\/\/www.humanite.fr\/societe\/reforme-des-retraites\/retraites-la-jeunesse-face-la-radicalisation-du-pouvoir-789731#xtor=RSS-1\">Retraites. La jeunesse face \u00e0 la radicalisation du pouvoir<\/a>&nbsp; (L\u2019Humanit\u00e9)<\/p>\n\n\n\n<p><a href=\"http:\/\/www.regards.fr\/dessins\/article\/la-reforme-des-retraites-resumee\">La r\u00e9forme des retraites, r\u00e9sum\u00e9e<\/a>&nbsp;(Regards)<\/p>\n\n\n\n<p><strong><a href=\"https:\/\/www.youtube.com\/watch?v=Jp1t7LTwVds&amp;ab_channel=BLAST%2CLesouffledel%27info\">Sophie Binet : \u00ab&nbsp;Si Macron ne retire pas la r\u00e9forme, il ne pourra plus gouverner&nbsp;\u00bb&nbsp;<\/a><\/strong>(Blast)<\/p>\n\n\n\n<p><a href=\"https:\/\/www.revolutionpermanente.fr\/La-mobilisation-tient-rien-a-attendre-des-sages-il-faut-une-strategie-pour-durcir-les-greves\">La mobilisation tient&nbsp;: rien \u00e0 attendre des \u00ab&nbsp;sages&nbsp;\u00bb, il faut une strat\u00e9gie pour durcir les gr\u00e8ves&nbsp;!<\/a>&nbsp;(RP)<\/p>\n\n\n\n<p><a href=\"https:\/\/rapportsdeforce.fr\/classes-en-lutte\/est-ce-quon-va-gagner-trois-mois-de-lutte-pour-les-retraites-dans-la-somme-040717667\">\u00ab Est-ce qu\u2019on va gagner ? \u00bb : trois mois de lutte pour les retraites dans la Somme<\/a>&nbsp;(Rapports de force)<\/p>\n\n\n\n<p><a href=\"https:\/\/www.francebleu.fr\/infos\/economie-social\/reforme-des-retraites-greve-reconduite-a-la-raffinerie-totalenergies-gonfreville-l-orcher-1106296\">R\u00e9forme des retraites : gr\u00e8ve reconduite \u00e0 la raffinerie TotalEnergies Gonfreville-l\u2019Orcher<\/a>&nbsp;(ici)<\/p>\n\n\n\n<p><a href=\"https:\/\/www.ouest-france.fr\/pays-de-la-loire\/donges-44480\/video-retraites-la-greve-suspendue-a-la-raffinerie-totalenergies-de-donges-9f76269f-63b8-3c0b-9794-6a7adf84304d\">VIDEO. Retraites&nbsp;: la gr\u00e8ve suspendue \u00e0 la raffinerie TotalEnergies de Donges<\/a>&nbsp;(Ouest France)<\/p>\n\n\n\n<p><strong>7 avril<\/strong><\/p>\n\n\n\n<p><strong><a href=\"https:\/\/www.huffingtonpost.fr\/politique\/article\/la-reforme-des-retraites-fait-devisser-la-popularite-de-macron-et-borne-exclusif_216303.html\">La r\u00e9forme des retraites fait d\u00e9visser la popularit\u00e9 de Macron et Borne<\/a>&nbsp;<\/strong>(HuffPost)<strong><a href=\"https:\/\/www.francetvinfo.fr\/economie\/retraite\/reforme-des-retraites\/direct-reforme-des-retraites-111-personnes-ont-ete-interpellees-en-france-lors-de-la-onzieme-journee-de-mobilisation_5757188.html\"><\/a><\/strong><\/p>\n\n\n\n<p><strong><a href=\"https:\/\/www.francetvinfo.fr\/economie\/retraite\/reforme-des-retraites\/direct-reforme-des-retraites-111-personnes-ont-ete-interpellees-en-france-lors-de-la-onzieme-journee-de-mobilisation_5757188.html\">DIRECT : 111 personnes ont \u00e9t\u00e9 interpell\u00e9es en France lors de la onzi\u00e8me journ\u00e9e de mobilisation&nbsp;<\/a><\/strong>&nbsp;(France Info)<\/p>\n\n\n\n<p><a href=\"https:\/\/www.liberation.fr\/politique\/prenant-ses-distances-avec-macron-borne-affirme-quil-faut-respecter-une-periode-de-convalescence-20230407_NSZV3ORUSFB2NP3KLW2XQZMTVE\/\">Prenant ses distances avec Macron, Borne affirme qu\u2019il faut \u00abrespecter une p\u00e9riode de convalescence\u00bb<\/a>&nbsp;(Lib\u00e9ration)<\/p>\n\n\n\n<p><a href=\"https:\/\/rapportsdeforce.fr\/classes-en-lutte\/6-avril-la-mobilisation-tient-bon-040617650\">6 avril : la mobilisation tient bon<\/a>&nbsp; (Rapports de Force)<\/p>\n\n\n\n<p><a href=\"http:\/\/alencontre.org\/europe\/france\/france-dossier-video-toujours-nombreuses-et-nombreux-determine%c2%b7e%c2%b7s-a-gagner-le-retrait.html\">France-dossier-vid\u00e9o.&nbsp;\u00abToujours nombreuses et nombreux, d\u00e9termin\u00e9\u00b7e\u00b7s \u00e0 gagner le retrait\u00bb<\/a>&nbsp;(A l\u2019encontre)<\/p>\n\n\n\n<p><a href=\"https:\/\/www.streetpress.com\/sujet\/1680801397-manifestants-reforme-retraite-peur-police\">Les manifestants ont peur de la police&nbsp;<\/a>&nbsp;(StreetPress)<\/p>\n\n\n\n<p><a href=\"https:\/\/rue89bordeaux.com\/2023\/04\/grievement-blesse-par-la-police-lors-dune-manifestation-a-bordeaux-un-homme-porte-plainte\/\">Un manifestant gri\u00e8vement bless\u00e9 par la police \u00e0 Bordeaux, l\u2019IGPN saisie<\/a>&nbsp;(Rue89 Bordeaux)<\/p>\n\n\n\n<p><a href=\"https:\/\/www.francetvinfo.fr\/politique\/politique-depuis-pekin-emmanuel-macron-repond-aux-syndicats_5754335.html\">Depuis P\u00e9kin, Macron r\u00e9pond aux syndicats<\/a>&nbsp;(Vid\u00e9o France 3)<\/p>\n\n\n\n<p><a href=\"https:\/\/lanticapitaliste.org\/videos\/olivier-besancenot-sur-bfm-tv-macron-perdu-mais-nous-navons-pas-encore-gagne\">Olivier Besancenot sur BFM-TV: \u00abMacron a perdu, mais nous n\u2019avons pas encore gagn\u00e9\u00bb<\/a>&nbsp;(L\u2019anticapitaliste)<\/p>\n\n\n\n<p><a href=\"https:\/\/www.youtube.com\/watch?v=5g-YIPKvv7Y&amp;ab_channel=R%C3%A9volutionPermanente\">Les cheminots de Chatillon envahissent la Gare Montparnasse<\/a>&nbsp;(RP)<\/p>\n\n\n\n<p><a href=\"https:\/\/www.youtube.com\/watch?v=11bAW4WQGLQ&amp;ab_channel=Journall%27Humanit%C3%A9\">Les salari\u00e9s de l\u2019incin\u00e9rateur d\u2019Ivry et les \u00e9boueurs de Paris se pr\u00e9parent pour la reconductible<\/a>&nbsp;(l\u2019Humanit\u00e9)<\/p>\n\n\n\n<p><a href=\"https:\/\/www.liberation.fr\/economie\/social\/en-direct-reforme-des-retraites-suivez-en-direct-la-onzieme-journee-nationale-de-greves-et-de-manifestations-20230406_27XK77EAI5AT5MZ32ZAFAT6DEY\/\">La prochaine journ\u00e9e de mobilisation annonc\u00e9e le jeudi 13 avril<\/a>&nbsp;(Lib\u00e9ration)<\/p>\n\n\n\n<p><strong><a href=\"https:\/\/www.revue-ballast.fr\/carnet-de-greve-iv-on-est-a-un-point-de-bascule\/\">Carnet de gr\u00e8ve [IV] : \u00ab On est \u00e0 un point de bascule \u00bb<\/a><\/strong>&nbsp;(Ballast)<\/p>\n\n\n\n<p><a href=\"https:\/\/www.politis.fr\/articles\/2023\/04\/a-rennes-operation-ville-morte-contre-la-reforme-des-retraites\/\">\u00c0 Rennes, op\u00e9ration \u00ab&nbsp;ville morte&nbsp;\u00bb contre la r\u00e9forme des retraites<\/a>&nbsp;(Politis)<\/p>\n\n\n\n<p><a href=\"https:\/\/www.revolutionpermanente.fr\/Il-ne-fallait-pas-m-elire-greve-faible-Macron-provoque-les-grevistes-depuis-la-Chine\">\u00ab&nbsp;Il ne fallait pas m\u2019\u00e9lire&nbsp;\u00bb, \u00ab&nbsp;gr\u00e8ve faible&nbsp;\u00bb&nbsp;: Macron provoque les gr\u00e9vistes depuis la Chine<\/a>&nbsp;(RP)<\/p>\n\n\n\n<p><a href=\"https:\/\/www.force-ouvriere.fr\/toujours-nombreuses-et-nombreux-determine-e-s-a-gagner-le\">Toujours nombreuses et nombreux, d\u00e9termin\u00e9.e.s \u00e0 gagner le retrait&nbsp;<\/a>(FO)<\/p>\n\n\n\n<p><a href=\"https:\/\/reporterre.net\/Pour-ne-pas-crever-au-boulot-ils-bloquent-un-depot-de-carburant\">Pour ne pas \u00ab&nbsp;crever au boulot&nbsp;\u00bb, ils bloquent un d\u00e9p\u00f4t de carburant<\/a>&nbsp;(Reporterre)<\/p>\n\n\n\n<p><a href=\"https:\/\/reporterre.net\/A-la-raffinerie-de-TotalEnergies-les-grevistes-tiennent-bon\">\u00ab&nbsp;Usure et col\u00e8re&nbsp;\u00bb&nbsp;: \u00e0 la raffinerie de Total\u00c9nergies, les gr\u00e9vistes tiennent bon<\/a>&nbsp;(Reporterre)<\/p>\n\n\n\n<p><a href=\"https:\/\/rapportsdeforce.fr\/classes-en-lutte\/est-ce-quon-va-gagner-trois-mois-de-lutte-pour-les-retraites-dans-la-somme-040717667\">\u00ab Est-ce qu\u2019on va gagner ? \u00bb : trois mois de lutte pour les retraites dans la Somme<\/a>&nbsp;(Rapports de force)<\/p>\n\n\n\n<p><strong><a href=\"https:\/\/theconversation.com\/reforme-des-retraites-les-citoyens-au-miroir-de-leurs-emotions-203182\">R\u00e9forme des retraites&nbsp;: les citoyens au miroir de leurs&nbsp;\u00e9motions<\/a>&nbsp;<\/strong>(The conversation)<\/p>\n\n\n\n<figure class=\"wp-block-image\"><img loading=\"lazy\" decoding=\"async\" width=\"859\" height=\"763\" src=\"https:\/\/i0.wp.com\/www.rdpemancipation.org\/wp-content\/uploads\/2023\/04\/image-30.png?resize=478%2C425&amp;ssl=1\" alt=\"\" class=\"wp-image-112596\" srcset=\"https:\/\/i0.wp.com\/www.rdpemancipation.org\/wp-content\/uploads\/2023\/04\/image-30.png?w=859&amp;ssl=1 859w, https:\/\/i0.wp.com\/www.rdpemancipation.org\/wp-content\/uploads\/2023\/04\/image-30.png?resize=300%2C266&amp;ssl=1 300w, https:\/\/i0.wp.com\/www.rdpemancipation.org\/wp-content\/uploads\/2023\/04\/image-30.png?resize=768%2C682&amp;ssl=1 768w\" sizes=\"auto, (max-width: 859px) 100vw, 859px\" \/><\/figure>\n\n\n\n<p><strong>6 avril<\/strong><\/p>\n\n\n\n<p><strong><a href=\"https:\/\/www.francetvinfo.fr\/economie\/retraite\/reforme-des-retraites\/direct-reforme-des-retraites-a-l-approche-de-la-decision-du-conseil-constitutionnel-les-syndicats-organisent-une-11e-journee-d-action_5755334.html\">L\u2019intersyndicale appelle \u00e0 une nouvelle journ\u00e9e de mobilisation jeudi 13 avril, veille de la d\u00e9cision du Conseil constitutionnel<\/a>&nbsp;<\/strong>(France Info)<\/p>\n\n\n\n<p><a href=\"https:\/\/www.francetvinfo.fr\/economie\/retraite\/reforme-des-retraites\/direct-reforme-des-retraites-a-l-approche-de-la-decision-du-conseil-constitutionnel-les-syndicats-organisent-une-11e-journee-d-action_5755334.html\"><strong>Retraites : pr\u00e8s de 400 000 manifestants \u00e0 Paris, selon la CGT<\/strong><\/a>(France Info)<\/p>\n\n\n\n<p><a href=\"https:\/\/www.mediapart.fr\/journal\/economie-et-social\/060423\/onzieme-mobilisation-contre-la-reforme-des-retraites-la-rue-persevere-le-pouvoir-s-enferme\">Onzi\u00e8me mobilisation contre la r\u00e9forme des retraites: la rue pers\u00e9v\u00e8re, le pouvoir s\u2019enferme<\/a>&nbsp; (M\u00e9diapart)<\/p>\n\n\n\n<p><a href=\"https:\/\/reporterre.net\/A-la-raffinerie-de-TotalEnergies-les-grevistes-tiennent-bon\">\u00ab&nbsp;Usure et col\u00e8re&nbsp;\u00bb&nbsp;: \u00e0 la raffinerie de Total\u00c9nergies, les gr\u00e9vistes tiennent bon<\/a>&nbsp;(Reporterre)<\/p>\n\n\n\n<p><a href=\"https:\/\/www.francetvinfo.fr\/economie\/retraite\/reforme-des-retraites\/mobilisation-contre-la-reforme-des-retraites-des-blocages-partout-en-france_5755862.html\">Mobilisation contre la r\u00e9forme des retraites :&nbsp;des blocages partout en France<\/a>&nbsp;(France Info)<\/p>\n\n\n\n<p><a href=\"https:\/\/www.francebleu.fr\/infos\/economie-social\/carburant-requisitions-suspendues-a-la-raffinerie-totalenergies-de-gonfreville-l-orcher-2582750\"><strong>La justice suspend les r\u00e9quisitions \u00e0 la raffinerie TotalEnergies de Gonfreville-l\u2019Orcher<\/strong><\/a>&nbsp;(Ici par France Bleu)<\/p>\n\n\n\n<p><a href=\"https:\/\/www.francebleu.fr\/infos\/economie-social\/carburants-greve-levee-a-la-raffinerie-esso-exxonmobil-de-port-jerome-sur-seine-1839468\">Carburants&nbsp;: gr\u00e8ve lev\u00e9e \u00e0 la raffinerie Esso-ExxonMobil de Port-J\u00e9r\u00f4me-sur-Seine<\/a>&nbsp;(Ici par France Bleu)<\/p>\n\n\n\n<p><a href=\"https:\/\/www.mediapart.fr\/journal\/economie-et-social\/060423\/forte-mobilisation-dans-l-aveyron-ca-reste-un-territoire-de-lutte-c-est-dans-les-genes\">Forte mobilisation dans l\u2019Aveyron : \u00ab\u00c7a reste un territoire de lutte, c\u2019est dans les g\u00e8nes!\u00bb<\/a>&nbsp; (M\u00e9diapart)<\/p>\n\n\n\n<p><a href=\"https:\/\/www.politis.fr\/articles\/2023\/04\/coups-insultes-brimades-les-victimes-temoignent\/\">Coups, insultes, brimades : les victimes t\u00e9moignent&nbsp;<\/a>&nbsp;(Politis)<\/p>\n\n\n\n<p><a href=\"https:\/\/theconversation.com\/les-etudiants-engages-contre-la-reforme-des-retraites-une-mobilisation-inedite-202674\">Les \u00e9tudiants engag\u00e9s contre la r\u00e9forme des retraites : une mobilisation in\u00e9dite ?<\/a>&nbsp; (The Conversation)<\/p>\n\n\n\n<p><a href=\"https:\/\/www.liberation.fr\/economie\/social\/opposes-a-la-reforme-des-retraites-les-francais-passent-a-la-caisse-de-greve-20230406_JPN2LALOFRBXDGS4565YNQDCVM\/\"><strong>Oppos\u00e9s \u00e0 la r\u00e9forme des retraites, les Fran\u00e7ais passent \u00e0 la caisse de gr\u00e8ve<\/strong><\/a>&nbsp;(Lib\u00e9ration)<\/p>\n\n\n\n<p><a href=\"https:\/\/www.liberation.fr\/economie\/manifs-du-6-avril-ils-ne-seront-pas-dans-la-rue-cette-fois-mais-restent-contre-la-reforme-des-retraites-20230406_Q4WHBRT36BCALJ63NA4IEIWICI\/\">Cette fois ils ne d\u00e9fileront pas&nbsp;: \u00abLes contraintes \u00e9conomiques sur les gr\u00e9vistes sont fortes\u00bb<\/a>&nbsp;(Lib\u00e9ration)<\/p>\n\n\n\n<p><a href=\"https:\/\/www.huffingtonpost.fr\/politique\/article\/contre-la-reforme-des-retraites-les-francais-soutiennent-le-mouvement-social-mais-ont-peur-de-manifester_216213.html\"><strong>Les Fran\u00e7ais soutiennent le mouvement social, mais ont peur de manifester<\/strong><\/a>(HuffPost)<strong><a href=\"https:\/\/www.huffingtonpost.fr\/politique\/article\/a-paris-devant-assas-bloquee-contre-la-reforme-des-retraites-deux-trottoirs-deux-ambiances_216244.html\"><\/a><\/strong><\/p>\n\n\n\n<p><a href=\"https:\/\/www.huffingtonpost.fr\/politique\/article\/a-paris-devant-assas-bloquee-contre-la-reforme-des-retraites-deux-trottoirs-deux-ambiances_216244.html\">Devant Assas bloqu\u00e9e contre la r\u00e9forme des retraites&nbsp;: deux trottoirs, deux ambiances<\/a>&nbsp;(HuffPost)<a href=\"https:\/\/www.francetvinfo.fr\/economie\/retraite\/reforme-des-retraites\/manifestations-maintien-de-l-ordre-trois-questions-sur-le-champ-d-action-de-la-defenseure-des-droits_5755421.html\"><\/a><\/p>\n\n\n\n<p><a href=\"https:\/\/www.francetvinfo.fr\/economie\/retraite\/reforme-des-retraites\/manifestations-maintien-de-l-ordre-trois-questions-sur-le-champ-d-action-de-la-defenseure-des-droits_5755421.html\">La D\u00e9fenseure des droits Claire H\u00e9don dans la salle de commandement de la pr\u00e9fecture de police s<\/a>&nbsp;(France Info)<\/p>\n\n\n\n<p><a href=\"https:\/\/www.huffingtonpost.fr\/politique\/video\/sophie-binet-s-adresse-a-emmanuel-macron-en-chanson_215987.html\"><strong>Pour \u00e9couter le chant de Sophie Binet adress\u00e9 \u00e0 Emmanuel Macron<\/strong><\/a><strong>\u2026<\/strong>&nbsp;(HuffPost en vid\u00e9o)<\/p>\n\n\n\n<p><a href=\"https:\/\/alencontre.org\/europe\/france\/france-avant-la-journee-de-mobilisation-du-6-avril-et-apres-une-rencontre-pre-jouee.html\">France. Avant la journ\u00e9e de mobilisation du 6&nbsp;avril et apr\u00e8s une rencontre \u00abpr\u00e9-jou\u00e9e\u00bb<\/a>&nbsp;(A l\u2019encontre)<\/p>\n\n\n\n<p><strong><a href=\"https:\/\/paris-luttes.info\/suivi-de-la-semaine-du-6-arvil-16902\">Enterrons la r\u00e9forme et demandons tout&nbsp;! Suivi de la journ\u00e9e du 6 avril<\/a>&nbsp;<\/strong>(Paris-Luttes info)<\/p>\n\n\n\n<p><a href=\"https:\/\/www.revolutionpermanente.fr\/Repression-La-direction-de-la-SNCF-envoie-300-demandes-d-explication-aux-grevistes-de-Chatillon\">R\u00e9pression. La direction de la SNCF envoie 300 demandes d\u2019explication aux gr\u00e9vistes de Ch\u00e2tillon<\/a>&nbsp;(RP)<\/p>\n\n\n\n<p><a href=\"https:\/\/www.revolutionpermanente.fr\/Raffinerie-de-Feyzin-La-police-reprime-le-blocage-du-site-pour-la-deuxieme-fois-en-deux-jours\">Raffinerie de Feyzin. La police r\u00e9prime le blocage du site pour la deuxi\u00e8me fois en deux jours<\/a>&nbsp;(RP)<\/p>\n\n\n\n<p><a href=\"https:\/\/www.force-ouvriere.fr\/des-secteurs-toujours-mobilises-malgre-les-requisitions-17539\">Des secteurs toujours mobilis\u00e9s malgr\u00e9 les r\u00e9quisitions<\/a>&nbsp;(FO)<\/p>\n\n\n\n<p><a href=\"https:\/\/theconversation.com\/les-etudiants-engages-contre-la-reforme-des-retraites-une-mobilisation-inedite-202674\">Les \u00e9tudiants engag\u00e9s contre la&nbsp;r\u00e9forme des retraites&nbsp;: une mobilisation in\u00e9dite&nbsp;?<\/a>&nbsp;(The conversation)<\/p>\n\n\n\n<p><a href=\"https:\/\/www.paris-normandie.fr\/id403107\/article\/2023-04-05\/greve-la-raffinerie-total-les-syndicats-demandent-la-suspension-des-arretes-de\">Gr\u00e8ve \u00e0 la raffinerie Total de Normandie : les syndicats demandent la suspension des arr\u00eat\u00e9s de r\u00e9quisition<\/a>&nbsp;(Paris Normandie)<\/p>\n\n\n\n<p><a href=\"https:\/\/www.lemonde.fr\/economie\/article\/2023\/04\/05\/la-navigation-sur-le-rhone-suspendue-a-la-reforme-des-retraites_6168356_3234.html\">La navigation sur le Rh\u00f4ne suspendue \u00e0 la r\u00e9forme des retraites<\/a>&nbsp;(Le Monde)<\/p>\n\n\n\n<p><a href=\"https:\/\/lvsl.fr\/retraites-une-reforme-necessaire\/?utm_source=sendinblue&amp;utm_campaign=Newsletter_Derniers_Articles&amp;utm_medium=email\">Derri\u00e8re la \u2018n\u00e9cessit\u00e9 des r\u00e9formes, une rh\u00e9torique d\u00e9politisante et antid\u00e9mocratique<\/a>&nbsp;(LVSL)<\/p>\n\n\n\n<p><strong>5 avril<\/strong><\/p>\n\n\n\n<p><a href=\"https:\/\/rapportsdeforce.fr\/breves\/269-manifestations-jeudi-6-avril-lag-040517642\">269 manifestations jeudi 6 avril [L\u2019AG]<\/a>&nbsp; (Rapports de Force)<\/p>\n\n\n\n<p><a href=\"https:\/\/www.mediapart.fr\/journal\/politique\/050423\/retraites-les-syndicats-claquent-la-porte-borne-cherche-toujours-la-cle\">Retraites : les syndicats claquent la porte, Borne cherche toujours la cl\u00e9<\/a>&nbsp; (M\u00e9diapart)<\/p>\n\n\n\n<p><a href=\"https:\/\/www.mediapart.fr\/journal\/france\/050423\/mouvement-social-et-violences-policieres-des-journalistes-s-indignent-des-consignes-de-leur-direction\">Mouvement social et violences polici\u00e8res: des journalistes s\u2019indignent des consignes de leur direction<\/a>&nbsp;(M\u00e9diapart)<\/p>\n\n\n\n<p><a href=\"https:\/\/www.alternatives-economiques.fr\/francais-partent-plus-tot-retraite-leurs-voisins-europeens\/00106520\">Les Fran\u00e7ais partent-ils plus t\u00f4t en retraite que leurs voisins europ\u00e9ens ?<\/a>&nbsp; (Alter \u00e9co)<\/p>\n\n\n\n<p><a href=\"https:\/\/www.liberation.fr\/economie\/social\/en-direct-reforme-des-retraites-lintersyndicale-a-matignon-et-preparatifs-de-la-11e-journee-de-mobilisation-suivez-lactualite-de-ce-mercredi-5-avril-20230405_WFNK7R3OXVCYRLHVSBRNJJWXHI\/\">Au fil de la journ\u00e9e \u2013 Retraites&nbsp;: 11&nbsp;500 policiers et gendarmes mobilis\u00e9s jeudi, dont 4&nbsp;200 \u00e0 Paris annonce Darmanin&nbsp;<\/a>(Lib\u00e9ration en clair)<\/p>\n\n\n\n<p><a href=\"https:\/\/www.liberation.fr\/checknews\/dissolution-de-la-brav-m-la-petition-signee-plus-de-260-000-fois-a-ete-classee-par-les-deputes-20230405_LKCLPBWXTZGS5OWE5SNTAWFT4I\/\">Dissolution de la Brav-M&nbsp;: la p\u00e9tition sign\u00e9e plus de 260&nbsp;000 fois a \u00e9t\u00e9 class\u00e9e par les d\u00e9put\u00e9s<\/a>&nbsp;(Lib\u00e9ration en clair)<\/p>\n\n\n\n<p><a href=\"https:\/\/blogs.mediapart.fr\/les-invites-de-mediapart\/blog\/050423\/repression-des-contestations-populaires-nous-soutenons-le-peuple-francais\">R\u00e9pression des contestations populaires&nbsp;: \u00ab&nbsp;Nous soutenons le peuple fran\u00e7ais&nbsp;\u00bb<\/a>&nbsp;(Les invit\u00e9s de Mediapart)<\/p>\n\n\n\n<p><a href=\"http:\/\/alencontre.org\/europe\/france\/france-avant-la-journee-de-mobilisation-du-6-avril-et-apres-une-rencontre-pre-jouee.html\">France. Avant la journ\u00e9e de mobilisation du 6&nbsp;avril et apr\u00e8s une rencontre \u00abpr\u00e9-jou\u00e9e\u00bb<\/a>&nbsp;(A l\u2019encontre)<\/p>\n\n\n\n<p><a href=\"https:\/\/www.politis.fr\/articles\/2023\/04\/continuons-le-combat-pour-le-retrait-de-la-reforme\/\">Tribune&nbsp;: continuons le combat pour le retrait de la r\u00e9forme !<\/a>&nbsp; (Politis)<\/p>\n\n\n\n<p><a href=\"https:\/\/rapportsdeforce.fr\/pas-de-cote\/de-linterdiction-des-rassemblements-a-la-nasse-cinq-leviers-de-repression-du-mouvement-social-040517590\">De l\u2019interdiction des rassemblements \u00e0 la nasse, cinq leviers de r\u00e9pression du mouvement social&nbsp;<\/a>&nbsp;(Rapports de Force)<\/p>\n\n\n\n<p><a href=\"https:\/\/paris-luttes.info\/dissolution-du-mouvement-defco-16897\">Dissolution du \u00ab&nbsp;mouvement DefCo&nbsp;\u00bb&nbsp;: communiqu\u00e9 de la d\u00e9fense collective&nbsp;<\/a>(Paris-Luttes info)<\/p>\n\n\n\n<p><strong><a href=\"https:\/\/www.revolutionpermanente.fr\/Rien-a-discuter-rien-a-negocier-l-intersyndicale-n-a-rien-a-faire-dans-les-salons-de-Matignon\">Rien \u00e0 discuter, rien \u00e0 n\u00e9gocier&nbsp;: l\u2019intersyndicale n\u2019a rien \u00e0 faire dans les salons de Matignon&nbsp;!&nbsp;<\/a><\/strong>(RP)<\/p>\n\n\n\n<p><a href=\"https:\/\/www.revolutionpermanente.fr\/Toulouse-Plus-de-350-personnes-reunies-en-AG-au-Mirail-determinees-a-amplifier-la-mobilisation\">Toulouse. Plus de 350 personnes r\u00e9unies en AG au Mirail d\u00e9termin\u00e9es \u00e0 amplifier la mobilisation<\/a>&nbsp;(RP)<\/p>\n\n\n\n<p><a href=\"https:\/\/www.revolutionpermanente.fr\/Ultra-gauche-terrorisme-Darmanin-prepare-le-terrain-a-une-nouvelle-offensive-autoritaire\">\u00ab&nbsp;Ultra-gauche&nbsp;\u00bb, \u00ab&nbsp;terrorisme&nbsp;\u00bb&nbsp;: Darmanin pr\u00e9pare le terrain \u00e0 une nouvelle offensive autoritaire<\/a>&nbsp;(RP)<\/p>\n\n\n\n<p><strong>4 avril<\/strong><\/p>\n\n\n\n<p><a href=\"https:\/\/www.acrimed.org\/Reforme-des-retraites-quand-la-critique-des?fbclid=IwAR3vZXpHVv2mCoJuOOOOlWHnftNXAnm1Wx5md17pjgBPEyE08ncI0asBx7E\">R\u00e9forme des retraites : quand la critique des m\u00e9dias vient des r\u00e9dactions<\/a>&nbsp;(Acrimed)<\/p>\n\n\n\n<p><a href=\"https:\/\/www.monde-diplomatique.fr\/2023\/04\/RIMBERT\/65718\">Horreur, stupeur, terreur\u2026 Bonheur<\/a>&nbsp;(Le monde diplomatique)<\/p>\n\n\n\n<p><a href=\"https:\/\/www.ldh-france.org\/le-tribunal-administratif-de-paris-enjoint-a-la-prefecture-de-police-de-communiquer-les-zones-des-rassemblements-interdits-a-lavance-sur-son-site-internet\/\">Le tribunal administratif de Paris enjoint \u00e0 la pr\u00e9fecture de police de communiquer les zones des rassemblements interdits \u00e0 l\u2019avance sur son site internet<\/a>&nbsp;&nbsp;(LDH)<\/p>\n\n\n\n<p><a href=\"https:\/\/www.ldh-france.org\/le-tribunal-suspend-larrete-de-la-prefecture-de-police-de-paris-interdisant-les-manifestations-non-declarees-une-victoire-pour-la-liberte-de-manifester\/\">Le tribunal suspend l\u2019arr\u00eat\u00e9 de la pr\u00e9fecture de police de Paris interdisant les manifestations non d\u00e9clar\u00e9es : une victoire pour la libert\u00e9 de manifester !<\/a>&nbsp;&nbsp;(LDH)<\/p>\n\n\n\n<p><a href=\"https:\/\/rapportsdeforce.fr\/classes-en-lutte\/des-blocages-pour-soutenir-les-eboueurs-de-paris-et-gagner-la-guerre-usure040417596\">Des blocages pour soutenir les \u00e9boueurs de Paris et gagner la guerre d\u2019usure<\/a>&nbsp;(Rapports de Force)<\/p>\n\n\n\n<p><a href=\"https:\/\/www.politis.fr\/articles\/2023\/04\/manifs-contre-la-reforme-des-retraites-19-millions-de-kilometres-a-pied-a-paris\/\">Manifs contre la r\u00e9forme des retraites : 19 millions de kilom\u00e8tres \u00e0 pied \u00e0 Paris<\/a>&nbsp;(Politis)<\/p>\n\n\n\n<p><a href=\"https:\/\/rapportsdeforce.fr\/breves\/le-gouvernement-nen-a-pas-fini-avec-la-mobilisation-lag-040417610\">Le gouvernement n\u2019en a pas fini avec la mobilisation&nbsp;<\/a>&nbsp;(Rapports de Force)<\/p>\n\n\n\n<p><a href=\"https:\/\/www.lemediatv.fr\/emissions\/2023\/contre-macron-quel-plan-pour-gagner-la-bataille-EVZ9P9P8S_6LW3_5O-nyag\">Contre Macron : quel plan pour gagner la bataille ?<\/a>&nbsp;(Le M\u00e9dia)<\/p>\n\n\n\n<p><a href=\"https:\/\/www.alternatives-economiques.fr\/travailler-plus-on-vit-plus-vieux-largument-ne-tient\/00106502?utm_source=emailing&amp;utm_medium=email&amp;utm_content=04042023&amp;utm_campaign=quotidienne\">\u2018Travailler plus car on vit plus vieux\u2019&nbsp;: l\u2019argument qui ne tient pas la route<\/a>&nbsp;(Alter \u00e9co)<\/p>\n\n\n\n<p><strong><a href=\"https:\/\/www.francetvinfo.fr\/replay-radio\/le-brief-politique\/recours-au-49-3-pour-la-reforme-des-retraites-c-etait-pour-eviter-de-se-faire-eteindre-avant-meme-le-vote-confie-une-source-parlementaire-a-franceinfo_5722820.html\">Recours au 49.3 : \u2018C\u2019\u00e9tait pour \u00e9viter de se faire \u00e9teindre avant m\u00eame le vote\u2019, confie une source parlementaire<\/a><\/strong>&nbsp;(France Info)<\/p>\n\n\n\n<figure class=\"wp-block-image\"><img loading=\"lazy\" decoding=\"async\" width=\"416\" height=\"293\" src=\"https:\/\/i0.wp.com\/www.rdpemancipation.org\/wp-content\/uploads\/2023\/04\/image-15.png?resize=471%2C332&amp;ssl=1\" alt=\"\" class=\"wp-image-112442\" srcset=\"https:\/\/i0.wp.com\/www.rdpemancipation.org\/wp-content\/uploads\/2023\/04\/image-15.png?w=416&amp;ssl=1 416w, https:\/\/i0.wp.com\/www.rdpemancipation.org\/wp-content\/uploads\/2023\/04\/image-15.png?resize=300%2C211&amp;ssl=1 300w\" sizes=\"auto, (max-width: 416px) 100vw, 416px\" \/><\/figure>\n\n\n\n<p><a href=\"https:\/\/www.liberation.fr\/politique\/retraites-les-deputes-nupes-et-liot-plaident-le-detournement-manifeste-de-procedure-devant-le-conseil-constitutionnel-20230404_XDN4F7GE2BAJND4XXZREHFL2RI\/\">Les d\u00e9put\u00e9s Nupes et Liot plaident le \u2018d\u00e9tournement manifeste de proc\u00e9dure\u2019 devant le Conseil constitutionnel<\/a>&nbsp;(Lib\u00e9ration)<\/p>\n\n\n\n<p><a href=\"https:\/\/www.liberation.fr\/societe\/police-justice\/collectif-defco-quel-est-ce-groupe-dont-gerald-darmanin-a-annonce-la-dissolution-20230402_YJ2RIAOAERCHHJHTMYXILE7LH4\/\">Collectif la Defco&nbsp;: quel est ce groupe dont G\u00e9rald Darmanin a annonc\u00e9 la dissolution&nbsp;?<\/a>&nbsp;(Lib\u00e9ration, en clair, mis \u00e0 jour)<\/p>\n\n\n\n<p><a href=\"https:\/\/www.politis.fr\/articles\/2023\/03\/les-arrestations-arbitraires-ont-vocation-a-empecher-les-manifestations\/\">\u00ab&nbsp;Les arrestations arbitraires ont vocation \u00e0 emp\u00eacher les manifestations&nbsp;\u00bb&nbsp;<\/a>&nbsp;&nbsp;(Politis)<\/p>\n\n\n\n<p><a href=\"https:\/\/www.youtube.com\/watch?v=HH6ttieMTSU&amp;ab_channel=Courrierinternational\">\u201cC\u2019est une guerre\u201d : le maintien de l\u2019ordre \u00e0 la fran\u00e7aise vu de l\u2019\u00e9tranger<\/a>&nbsp;(Courrier International)<\/p>\n\n\n\n<p><strong><a href=\"https:\/\/www.youtube.com\/watch?v=L6OW3C-Y3fU&amp;ab_channel=Mediapart\">Usul. Est-ce que vous condamnez les violences ?&nbsp;<\/a><\/strong>(Mediapart)<\/p>\n\n\n\n<p><a href=\"https:\/\/www.revue-ballast.fr\/planning-familial-les-grevistes-nous-racontent\/\">Planning Familial : les gr\u00e9vistes nous racontent&nbsp;<\/a>(Ballast)<\/p>\n\n\n\n<p><a href=\"https:\/\/www.contretemps.eu\/greve-eboueurs-retraites-dechet-lutte-guien\/\">Le d\u00e9chet comme arme et \u00ab&nbsp;technique de lutte&nbsp;\u00bb<\/a>&nbsp;(Contretemps)<\/p>\n\n\n\n<p><strong><a href=\"https:\/\/www.leparisien.fr\/paris-75\/greve-des-eboueurs-a-paris-un-nouveau-previs-depose-pour-le-13-avril-04-04-2023-H3QZ7NMWSRDSPP7HAAE42VT6CE.php$\">Gr\u00e8ve des \u00e9boueurs \u00e0 Paris : un nouveau pr\u00e9avis d\u00e9pos\u00e9 pour le 13 avril&nbsp;<\/a><\/strong>(Le Parisien)<\/p>\n\n\n\n<p><a href=\"https:\/\/lundi.am\/Un-gars-en-noir-une-militante-rincee-et-une-gamine-en-joie\">Un gars en noir, une militante rinc\u00e9e et une gamine en joie&nbsp;<\/a>(Lundi matin)<\/p>\n\n\n\n<p><a href=\"https:\/\/lundi.am\/La-protestation-en-cours-sur-les-retraites\">La protestation en cours sur les retraites<\/a>&nbsp;(Lundi matin)<\/p>\n\n\n\n<p><strong><a href=\"https:\/\/www.revolutionpermanente.fr\/Requisitions-a-Total-Normandie-le-gouvernement-brise-la-greve-des-raffineurs-que-fait-l\">R\u00e9quisitions \u00e0 Total Normandie&nbsp;: le gouvernement brise la gr\u00e8ve des raffineurs, que fait l\u2019intersyndicale&nbsp;?&nbsp;<\/a><\/strong>(RP)<\/p>\n\n\n\n<p><a href=\"https:\/\/www.revolutionpermanente.fr\/Les-eboueurs-du-SIVOM-reconduisent-la-greve-donnez-a-leur-caisse-de-solidarite\">Les \u00e9boueurs du SIVOM reconduisent la gr\u00e8ve&nbsp;: donnez \u00e0 leur caisse de solidarit\u00e9&nbsp;!<\/a>&nbsp;(RP)<\/p>\n\n\n\n<p><strong>3 avril<\/strong><\/p>\n\n\n\n<p><a href=\"https:\/\/www.radiofrance.fr\/franceinter\/podcasts\/l-invite-de-8h20-le-grand-entretien\/l-invite-de-8h20-le-grand-entretien-du-lundi-03-avril-2023-4661364\">Sophie Binet&nbsp;: \u2018Il n\u2019y a pas d\u2019autre sortie de crise que le retrait de cette r\u00e9forme<\/a>&nbsp;(France Inter&nbsp;: Le grand entretien)<\/p>\n\n\n\n<figure class=\"wp-block-image\"><img loading=\"lazy\" decoding=\"async\" width=\"319\" height=\"316\" src=\"https:\/\/i0.wp.com\/www.rdpemancipation.org\/wp-content\/uploads\/2023\/04\/image-12.png?resize=319%2C316&amp;ssl=1\" alt=\"\" class=\"wp-image-112431\" srcset=\"https:\/\/i0.wp.com\/www.rdpemancipation.org\/wp-content\/uploads\/2023\/04\/image-12.png?w=319&amp;ssl=1 319w, https:\/\/i0.wp.com\/www.rdpemancipation.org\/wp-content\/uploads\/2023\/04\/image-12.png?resize=300%2C297&amp;ssl=1 300w, https:\/\/i0.wp.com\/www.rdpemancipation.org\/wp-content\/uploads\/2023\/04\/image-12.png?resize=150%2C150&amp;ssl=1 150w\" sizes=\"auto, (max-width: 319px) 100vw, 319px\" \/><\/figure>\n\n\n\n<p><a href=\"https:\/\/www.acrimed.org\/Greve-a-Radio-France-entretien-avec-Lionel-6613\">Gr\u00e8ve \u00e0 Radio France : entretien avec Lionel Thompson (SNJ-CGT)<\/a>&nbsp;(Acrimed)<\/p>\n\n\n\n<p><a href=\"https:\/\/labogue.info\/spip.php?article1548\">Retraites&nbsp;: les rendez-vous de la semaine en Limousin<\/a>&nbsp;(La Bogue)<\/p>\n\n\n\n<p><a href=\"https:\/\/iaata.info\/La-meilleure-retraite-c-est-l-attaque-Suivi-de-la-semaine-du-3-avril-5835.html\">La meilleure retraite, c\u2019est l\u2019attaque&nbsp;! Suivi de la semaine du 3&nbsp;avril<\/a>&nbsp;(IAATA)<\/p>\n\n\n\n<p><a href=\"https:\/\/cric-grenoble.info\/infos-locales\/article\/contre-la-reforme-des-retraites-le-49-3-la-casse-du-service-public-operation-2931\">Op\u00e9ration Grenoble \u2013 Is\u00e8re morte le mardi 4&nbsp;avril&nbsp;!<\/a>&nbsp;(Le Cric)<\/p>\n\n\n\n<p><a href=\"https:\/\/www.humanite.fr\/societe\/reforme-des-retraites\/l-arme-des-arrestations-arbitraires-pour-casser-le-mouvement-social-789274#xtor=RSS-1\">L\u2019arme des arrestations arbitraires pour \u00ab casser le mouvement social \u00bb<\/a>&nbsp;(L\u2019Humanit\u00e9)<\/p>\n\n\n\n<p><a href=\"https:\/\/www.youtube.com\/watch?v=WvA7x9kxkOc\">Le r\u00e9cit de la s\u00e9curit\u00e9 sociale est faux ! Quelles responsabilit\u00e9s de la recherche ?<\/a>&nbsp;(B.Friot. Comprendre et agir)<\/p>\n\n\n\n<p><a href=\"https:\/\/www.agendamilitant.org\/Soiree-festive-de-solidarite-avec-les-salarie-es-des-dechets-et-de-soutien-aux.html\">Soir\u00e9e festive de solidarit\u00e9 avec les salari\u00e9.es des d\u00e9chets et de soutien aux gr\u00e9vistes de tous les secteurs<\/a>&nbsp;(Paris, 5 avril, r\u00e9seau \u00e9co-syndicaliste)<\/p>\n\n\n\n<p><strong><a href=\"https:\/\/www.liberation.fr\/societe\/police-justice\/collectif-defco-quel-est-ce-groupe-dont-gerald-darmanin-a-annonce-la-dissolution-20230402_YJ2RIAOAERCHHJHTMYXILE7LH4\/\">Collectif la Defco&nbsp;: quel est ce groupe dont G\u00e9rald Darmanin a annonc\u00e9 la dissolution&nbsp;?<\/a>&nbsp;<\/strong>(Lib\u00e9ration)<\/p>\n\n\n\n<p><strong><a href=\"https:\/\/www.liberation.fr\/checknews\/interdiction-dune-manif-nocturne-et-des-equipements-de-protection-la-prefecture-de-paris-contredite-par-la-justice-20230402_KI7NIO6SGBGZHBYLMXAMK736GA\/\">Interdiction d\u2019une manif nocturne et d\u2019\u00e9quipements : la pr\u00e9fecture de Paris contredite par la justice<\/a>&nbsp;<\/strong>(Lib\u00e9ration)<\/p>\n\n\n\n<p><a href=\"https:\/\/alencontre.org\/europe\/france\/france-un-pouvoir-isole-mais-un-mouvement-en-suspens.html\">France. \u00abUn pouvoir isol\u00e9 mais un mouvement en suspens\u00bb<\/a>&nbsp;(A l\u2019encontre)<\/p>\n\n\n\n<p><strong><a href=\"https:\/\/paris-luttes.info\/greve-generale-rendez-vous-de-la-16883\">Gr\u00e8ve g\u00e9n\u00e9rale&nbsp;: rendez-vous de la semaine du 3&nbsp;avril au 9&nbsp;avril<\/a>&nbsp;<\/strong>(Paris-Luttes info)<\/p>\n\n\n\n<p><a href=\"https:\/\/www.revolutionpermanente.fr\/Repression-et-violences-entretien-avec-Paul-Rocher\">R\u00e9pression et violences, entretien avec Paul Rocher<\/a>&nbsp;(RP)<\/p>\n\n\n\n<figure class=\"wp-block-image\"><img loading=\"lazy\" decoding=\"async\" width=\"367\" height=\"307\" src=\"https:\/\/i0.wp.com\/www.rdpemancipation.org\/wp-content\/uploads\/2023\/04\/image-13.png?resize=432%2C361&amp;ssl=1\" alt=\"\" class=\"wp-image-112432\" srcset=\"https:\/\/i0.wp.com\/www.rdpemancipation.org\/wp-content\/uploads\/2023\/04\/image-13.png?w=367&amp;ssl=1 367w, https:\/\/i0.wp.com\/www.rdpemancipation.org\/wp-content\/uploads\/2023\/04\/image-13.png?resize=300%2C251&amp;ssl=1 300w\" sizes=\"auto, (max-width: 367px) 100vw, 367px\" \/><\/figure>\n\n\n\n<p><a href=\"https:\/\/www.force-ouvriere.fr\/reforme-des-retraites-le-ccn-de-fo-determine-a-poursuivre-la\">R\u00e9forme des retraites&nbsp;: le CCN de FO d\u00e9termin\u00e9 \u00e0 poursuivre la mobilisation jusqu\u2019au retrait&nbsp;<\/a>(FO)<\/p>\n\n\n\n<p><a href=\"https:\/\/reporterre.net\/Rhone-bloque-les-eclusiers-font-barrage-a-la-reforme-des-retraites\">Rh\u00f4ne bloqu\u00e9&nbsp;: les \u00e9clusiers font barrage \u00e0 la r\u00e9forme des retraites<\/a>&nbsp;(Reporterre)<\/p>\n\n\n\n<p><strong>2 avril<\/strong><\/p>\n\n\n\n<p><a href=\"https:\/\/www.francetvinfo.fr\/economie\/retraite\/reforme-des-retraites\/direct-reforme-des-retraites-on-ne-va-pas-participer-a-ce-genre-d-illusion-politique-declare-le-depute-lfi-eric-coquerel-a-propos-des-consultations-a-matignon_5747645.html\">Retraites : apr\u00e8s LFI, le PCF et EELV, les socialistes annoncent qu\u2019ils ne se rendront pas \u00e0 Matignon&nbsp;<\/a>(France Info)<\/p>\n\n\n\n<p><a href=\"https:\/\/www.mediapart.fr\/journal\/france\/020423\/michel-eleveur-retraite-personne-ne-s-est-jamais-vraiment-battu-pour-les-retraites-agricoles\">Michel, \u00e9leveur retrait\u00e9: \u00abPersonne ne s\u2019est jamais vraiment battu pour les retraites agricoles\u00bb<\/a>&nbsp;(M\u00e9diapart)<\/p>\n\n\n\n<p><a href=\"https:\/\/lvsl.fr\/retraites-une-reforme-necessaire\/\">Retraites : une r\u00e9forme n\u00e9cessaire ?<\/a>&nbsp;(Le Vent Se L\u00e8ve)<\/p>\n\n\n\n<p><a href=\"https:\/\/reporterre.net\/Rhone-bloque-les-eclusiers-font-barrage-a-la-reforme-des-retraites\">Rh\u00f4ne bloqu\u00e9&nbsp;: les \u00e9clusiers font barrage \u00e0 la r\u00e9forme des retraites<\/a>&nbsp;(Reporterre)<\/p>\n\n\n\n<p><a href=\"https:\/\/adherez.attac.org\/civicrm\/mailing\/url?u=24516&amp;qid=23705969\">Le recul de l\u2019\u00e2ge de d\u00e9part \u00e0 la retraite aggraverait les in\u00e9galit\u00e9s territoriales<\/a>&nbsp;(Les Possibles)<\/p>\n\n\n\n<p><a href=\"https:\/\/adherez.attac.org\/civicrm\/mailing\/url?u=24518&amp;qid=23705969\">R\u00e9former les retraites pour soumettre le travail, Analyse et propositions<\/a>&nbsp;(Les Possibles)<\/p>\n\n\n\n<p><a href=\"https:\/\/www.contretemps.eu\/mouvement-janvier-mars-2023-theses-politiques\/\">11 th\u00e8ses politiques sur le mouvement de janvier-mars 2023<\/a>&nbsp;(Contretemps)<\/p>\n\n\n\n<p><strong>1er avril<\/strong><\/p>\n\n\n\n<p><a href=\"https:\/\/www.off-investigation.fr\/Violences%20polici%C3%A8res%C2%A0:%20comment%20l%E2%80%99Etat%20nous%20ment\"><strong>Violences polici\u00e8res&nbsp;: comment l\u2019Etat nous ment<\/strong><\/a>&nbsp;(Vid\u00e9o Off Investigation, en clair)<\/p>\n\n\n\n<p><a href=\"https:\/\/www.francetvinfo.fr\/economie\/retraite\/reforme-des-retraites\/reforme-des-retraites-lfi-et-communistes-boycottent-une-rencontre-avec-elisabeth-borne_5742404.html\">Retraites&nbsp;: LFI, le PCF et les Verts boycottent une rencontre avec Elisabeth Borne<\/a>&nbsp;(France Info)<\/p>\n\n\n\n<p><a href=\"https:\/\/www.francetvinfo.fr\/economie\/retraite\/reforme-des-retraites\/c-est-une-tres-mauvaise-nouvelle-pour-le-gouvernement-ce-que-change-l-election-de-sophie-binet-a-la-tete-de-la-cgt-dans-la-lutte-contre-la-reforme-des-retraites_5744021.html\">\u00ab&nbsp;C\u2019est une tr\u00e8s mauvaise nouvelle pour le gouvernement&nbsp;\u00bb : ce que change l\u2019\u00e9lection de Sophie Binet \u00e0 la t\u00eate de la CGT&nbsp;<\/a>&nbsp;(France Info)<\/p>\n\n\n\n<p><a href=\"https:\/\/alencontre.org\/europe\/france\/france-il-ny-aura-pas-dechappatoire-a-la-greve.html\">France. \u00abIl n\u2019y aura pas d\u2019\u00e9chappatoire \u00e0 la gr\u00e8ve\u00bb<\/a>&nbsp;(A l\u2019encontre)<\/p>\n\n\n\n<p><strong><a href=\"https:\/\/www.revue-ballast.fr\/simon-duteil-solidaires-ce-qui-destabilisera-cest-la-massification\/\">Simon Duteil (Solidaires) : \u00ab Ce qui d\u00e9stabilisera, c\u2019est la massification \u00bb<\/a>&nbsp;<\/strong>(Ballast)<\/p>\n\n\n\n<p><a href=\"https:\/\/www.revolutionpermanente.fr\/Ni-mediation-ni-pause-200-energeticiens-reunis-au-Havre-pour-soutenir-les-raffineurs-de-Total\">\u00ab&nbsp;Ni m\u00e9diation, ni pause&nbsp;\u00bb&nbsp;: 200 \u00e9nerg\u00e9ticiens r\u00e9unis au Havre pour soutenir les raffineurs de Tota<\/a>l (RP)<\/p>\n\n\n\n<p><a href=\"https:\/\/basta.media\/reforme-des-retraites-manifestations-greves-gardes-a-vue-tribunal-craintes-des-licenciements-la-repression-vise-aussi-les-syndicalistes\">Gardes \u00e0 vue, assignations, crainte de licenciements&nbsp;: la r\u00e9pression vise aussi les syndicalistes<\/a>&nbsp;(Basta)<\/p>\n\n\n\n<p><a href=\"https:\/\/linsoumission.fr\/2023\/03\/30\/extreme-droite-besancon\/\">R\u00c9CIT \u2013 \u00c0 Besan\u00e7on, l\u2019extr\u00eame droite en embuscade contre le mouvement social<\/a>&nbsp;(l\u2019Insoumission)<\/p>\n\n\n\n<p><a href=\"https:\/\/www.liberation.fr\/checknews\/gardes-a-vue-un-collectif-davocats-depose-une-centaine-de-plaintes-contre-les-detentions-arbitraires-20230331_I2RWCD2JPVHS3HLF5ZIZAJN7VQ\/\">Gardes \u00e0 vue&nbsp;: un collectif d\u2019avocats d\u00e9pose une centaine de plaintes contre les d\u00e9tentions arbitraires<\/a>&nbsp;(Lib\u00e9ration)<\/p>\n\n\n\n<p><strong><a href=\"https:\/\/www.politis.fr\/articles\/2023\/03\/intersyndicale-le-piege-du-consensus-mou-retraites\/\">Intersyndicale : le pi\u00e8ge du consensus mou<\/a>&nbsp;<\/strong>(Politis)<\/p>\n\n\n\n<p><a href=\"http:\/\/www.sudptt.org\/Agression-fasciste-a-Lorient-et-attaques-a-Perpignan-Soutien-a-nos-camarades-6573\">Agression fasciste \u00e0 Lorient et attaques \u00e0 Perpignan \u2013 Soutien \u00e0 nos camarades&nbsp;!<\/a>&nbsp;(Solidaires)<\/p>\n\n\n\n<p><strong><a href=\"https:\/\/www.revolutionpermanente.fr\/Service-minimum-preavis-la-droite-prepare-une-nouvelle-offensive-contre-le-droit-de-greve\">Service minimum, pr\u00e9avis, \u2026 la droite pr\u00e9pare une nouvelle offensive contre le droit de gr\u00e8ve<\/a>&nbsp;<\/strong>(RP)<\/p>\n\n\n\n<p><a href=\"https:\/\/www.bondyblog.fr\/societe\/retraites-les-jeunes-des-quartiers-populaires-sont-ils-absents-des-manifestations\/\">Retraites : les jeunes des quartiers populaires sont-ils absents des manifestations ?&nbsp;<\/a>(Bondy blog)<\/p>\n\n\n\n<p><a href=\"https:\/\/france3-regions.francetvinfo.fr\/pays-de-la-loire\/loire-atlantique\/saint-nazaire\/reforme-des-retraites-la-greve-a-la-raffinerie-de-donges-est-reconduite-pour-une-semaine-2744514.html\">R\u00e9forme des retraites. La gr\u00e8ve \u00e0 la raffinerie de Donges est reconduite pour une semaine<\/a>. (Franceinfo)<\/p>\n\n\n\n<p><a href=\"https:\/\/www.ouest-france.fr\/economie\/retraites\/greve-les-eboueurs-de-lagglomeration-de-saint-brieuc-ne-lachent-rien-01228aa0-cfc5-11ed-a10f-5958f611860a\">Gr\u00e8ve. Les \u00e9boueurs de l\u2019agglom\u00e9ration de Saint-Brieuc ne l\u00e2chent rien<\/a>&nbsp;(Ouest-France)<\/p>\n\n\n\n<p><a href=\"https:\/\/actu.fr\/bretagne\/guerledan_22158\/electriciens-et-gaziers-en-greve-il-ny-aura-pas-de-renfort-pour-la-tempete-bretonne_58577814.html\">\u00c9lectriciens et gaziers en gr\u00e8ve : il n\u2019y aura pas de renfort pour la temp\u00eate bretonne<\/a>&nbsp;(Le Courrier)<\/p>\n\n\n\n<p><strong><a href=\"https:\/\/www.paris-normandie.fr\/id401332\/article\/2023-03-31\/le-havre-greve-des-poubelles-edouard-philippe-annonce-lintervention-la-police\">VID\u00c9O. Gr\u00e8ve des poubelles au Havre : \u00c9douard Philippe justifie l\u2019intervention de la police<\/a>&nbsp;<\/strong>(Paris-Normandie)<\/p>\n\n\n\n<p><a href=\"https:\/\/www.alternatives-economiques.fr\/retraites-493-nuances-de-contestation\/00106468\">DOSSIER&nbsp;Retraites&nbsp;: 49.3 nuances de contestation<\/a>&nbsp;(Alternatives Economiques)<\/p>\n\n\n\n<p><a href=\"https:\/\/www.humanite.fr\/social-eco\/industrie\/ex-gms-des-tigres-dans-le-moteur-de-la-lutte-sociale-788782\">Ex-GM&amp;S. Des tigres dans le moteur de la lutte sociale<\/a>&nbsp;(l\u2019Humanit\u00e9)<\/p>\n\n\n\n<p><strong><mark><strong>31 mars<\/strong><\/mark><\/strong><\/p>\n\n\n\n<p><a href=\"https:\/\/www.liberation.fr\/politique\/elections\/reforme-des-retraites-au-rn-les-rois-du-silence-20230330_ADCLTYY7HNBTRG64N2SU42IGTY\/\">R\u00e9forme des retraites&nbsp;: au RN, les rois du silence<\/a>&nbsp;(Lib\u00e9ration)<\/p>\n\n\n\n<p><a href=\"https:\/\/www.liberation.fr\/politique\/lextreme-droite-a-commis-une-quinzaine-dagressions-contre-les-opposants-a-la-reforme-des-retraites-20230331_FOAZW42W2BEBJNFZ2XDDFZU2YE\/\">L\u2019extr\u00eame droite a commis une quinzaine d\u2019agressions contre les opposants \u00e0 la r\u00e9forme des retraites<\/a>&nbsp;(Lib\u00e9ration)<\/p>\n\n\n\n<p><a href=\"https:\/\/www.liberation.fr\/checknews\/retraites-trois-ans-apres-sa-promesse-macron-na-toujours-pas-mis-fin-au-regime-special-des-presidents-de-la-republique-20230331_3MJTIHDTIBBH7DANFFR6IE23UE\/\">Retraites&nbsp;: trois&nbsp;ans apr\u00e8s sa promesse, Macron n\u2019a toujours pas mis fin au r\u00e9gime sp\u00e9cial des pr\u00e9sidents de la R\u00e9publique<\/a>&nbsp;(Lib\u00e9ration)<\/p>\n\n\n\n<p><a href=\"https:\/\/www.politis.fr\/articles\/2023\/03\/retraites-cette-reforme-instrumentalise-la-cause-des-femmes\/\">\u2018Cette r\u00e9forme instrumentalise la cause des femmes\u2019. Sophie Binet<\/a>&nbsp;(Politis)<\/p>\n\n\n\n<p><strong><a href=\"https:\/\/www.liberation.fr\/economie\/social\/reforme-des-retraites-la-nouvelle-patronne-sophie-binet-confirme-que-la-cgt-participera-a-la-reunion-de-matignon-20230331_DB72OBWXUZCILALP5VDS5KBEKE\/\">Retraites&nbsp;: \u00abl\u2019intersyndicale unie\u00bb ira \u00e0 Matignon \u00abexiger le retrait\u00bb, affirme Sophie Binet de la CGT<\/a>&nbsp;<\/strong>(Lib\u00e9ration)<\/p>\n\n\n\n<p><a href=\"http:\/\/www.associations-citoyennes.net\/?p=16973\">APPEL du CAC contre la r\u00e9forme des retraites&nbsp;<\/a>&nbsp;(Collectif des Associations Citoyennes)<\/p>\n\n\n\n<p><a href=\"https:\/\/www.francetvinfo.fr\/economie\/retraite\/reforme-des-retraites\/manifestations-contre-la-reforme-des-retraites-plus-de-100-plaintes-deposees-pour-atteinte-arbitraire-a-la-liberte-et-entrave-a-la-liberte-de-manifester_5743847.html\">Plus de 100 plaintes d\u00e9pos\u00e9es pour atteinte arbitraire \u00e0 la libert\u00e9 et entrave \u00e0 la libert\u00e9 de manifester<\/a>&nbsp;(France Info)<\/p>\n\n\n\n<p><a href=\"https:\/\/www.huffingtonpost.fr\/politique\/article\/comment-la-reforme-des-retraites-eprouve-la-majorite_215881.html\">Comment la r\u00e9forme des retraites \u00e9prouve la majorit\u00e9<\/a>&nbsp;(HuffPost)<\/p>\n\n\n\n<p><a href=\"https:\/\/www.huffingtonpost.fr\/politique\/article\/reforme-des-retraites-cette-phrase-de-dussopt-ne-va-pas-plaire-a-ceux-qui-misent-sur-le-rip-pour-la-suspendre_215979.html\">Cette phrase de Dussopt ne va pas plaire \u00e0 ceux qui misent sur le RIP pour suspendre la r\u00e9forme des retraites<\/a>&nbsp;(HuffPost)<\/p>\n\n\n\n<p><strong><mark><strong>30 mars<\/strong><\/mark><\/strong><\/p>\n\n\n\n<p><a href=\"https:\/\/lareleveetlapeste.fr\/retraites-le-referendum-dinitiative-partagee-a-t-il-une-chance-de-tuer-la-reforme\/\">Retraites : le r\u00e9f\u00e9rendum d\u2019initiative partag\u00e9e a-t-il une chance de tuer la r\u00e9forme ?<\/a>&nbsp; (La Rel\u00e8ve et La Peste)<\/p>\n\n\n\n<p><a href=\"https:\/\/www.revue-ballast.fr\/simon-duteil-solidaires-ce-qui-destabilisera-cest-la-massification\/\"><strong>Simon Duteil (Solidaires) : \u00ab Ce qui d\u00e9stabilisera, c\u2019est la massification \u00bb<\/strong><\/a>&nbsp;(Ballast)<\/p>\n\n\n\n<p><a href=\"https:\/\/basta.media\/reforme-des-retraites-manifestations-greves-gardes-a-vue-tribunal-craintes-des-licenciements-la-repression-vise-aussi-les-syndicalistes\"><strong>Gardes \u00e0 vue, assignations, crainte de licenciements : la r\u00e9pression vise aussi les syndicalistes&nbsp;<\/strong><\/a>(Basta!)<\/p>\n\n\n\n<p><a href=\"https:\/\/www.lesnouvellesnews.fr\/les-rosies-dansent-leur-colere\/\">Les Rosies dansent leur col\u00e8re<\/a>&nbsp; (Les Nouvelles News)<\/p>\n\n\n\n<p><a href=\"https:\/\/www.politis.fr\/articles\/2023\/03\/la-fable-de-la-capitalisation\/\">Retraites : la fable de la capitalisation<\/a>&nbsp; (Politis)<\/p>\n\n\n\n<figure class=\"wp-block-image\"><img loading=\"lazy\" decoding=\"async\" width=\"680\" height=\"592\" src=\"https:\/\/i0.wp.com\/www.rdpemancipation.org\/wp-content\/uploads\/2023\/03\/image-121.png?resize=418%2C364&amp;ssl=1\" alt=\"\" class=\"wp-image-112102\" srcset=\"https:\/\/i0.wp.com\/www.rdpemancipation.org\/wp-content\/uploads\/2023\/03\/image-121.png?w=680&amp;ssl=1 680w, https:\/\/i0.wp.com\/www.rdpemancipation.org\/wp-content\/uploads\/2023\/03\/image-121.png?resize=300%2C261&amp;ssl=1 300w\" sizes=\"auto, (max-width: 680px) 100vw, 680px\" \/><\/figure>\n\n\n\n<p><strong><a href=\"https:\/\/www.contretemps.eu\/affronter-question-strategie-mouvement-retraites\/\">Affronter la question de la strat\u00e9gie pour entrer dans une troisi\u00e8me phase du mouvement<\/a>&nbsp;<\/strong>(Contretemps)<\/p>\n\n\n\n<p><a href=\"https:\/\/lepoing.net\/incendie-a-frontignan-un-drame-evite-de-justesse-la-version-prefectorale-contestee\/\">Incendie \u00e0 Frontignan : un drame \u00e9vit\u00e9 de justesse, la version pr\u00e9fectorale contest\u00e9e<\/a>&nbsp;(Le Poing)<\/p>\n\n\n\n<p><a href=\"https:\/\/www.wsws.org\/fr\/articles\/2023\/03\/30\/ljkz-m30.html\">Des \u00e9tudiants parisiens appellent \u00e0 faire chuter Macron&nbsp;<\/a>(WSWS)<\/p>\n\n\n\n<p><a href=\"https:\/\/www.wsws.org\/fr\/articles\/2023\/03\/30\/ykhc-m30.html\">Non \u00e0 la \u00abm\u00e9diation\u00bb syndicale ! Mobilisons les travailleurs pour faire tomber Macron!<\/a>&nbsp;(WSWS)<\/p>\n\n\n\n<p><a href=\"https:\/\/rmc.bfmtv.com\/actualites\/societe\/transports\/greve-des-controleurs-aeriens-des-compagnies-demandent-l-intervention-de-la-commission-europeenne_AV-202303300145.html\">Gr\u00e8ve des contr\u00f4leurs a\u00e9riens : des compagnies demandent l\u2019intervention de la commission europ\u00e9enne<\/a>&nbsp;(BFM TV)<\/p>\n\n\n\n<p><a href=\"https:\/\/france3-regions.francetvinfo.fr\/bretagne\/ille-et-vilaine\/rennes\/reforme-des-retraites-ils-tiennent-les-piquets-de-greve-des-centres-de-traitements-des-dechets-depuis-trois-semaines-2743066.html\">Ils tiennent les piquets de gr\u00e8ve des centres de traitements des d\u00e9chets depuis trois semaines<\/a>&nbsp;(franceinfo)<\/p>\n\n\n\n<p><a href=\"https:\/\/www.francebleu.fr\/infos\/economie-social\/un-appel-a-la-greve-de-tous-les-syndicats-en-fin-de-semaine-sur-le-reseau-tao-a-orleans-9334416\">Un appel \u00e0 la gr\u00e8ve de tous les syndicats en fin de semaine sur le r\u00e9seau TAO \u00e0 Orl\u00e9ans&nbsp;<\/a>(ici)<\/p>\n\n\n\n<p><a href=\"https:\/\/france3-regions.francetvinfo.fr\/auvergne-rhone-alpes\/isere\/grenoble\/grenoble-la-justice-ordonne-a-la-mairie-de-decrocher-sa-banderole-de-soutien-a-la-greve-contre-la-reforme-des-retraites-2742854.html\">Grenoble : la justice ordonne \u00e0 la mairie de d\u00e9crocher sa banderole de soutien \u00e0 la gr\u00e8ve&nbsp;<\/a>(franceinfo)<\/p>\n\n\n\n<p><a href=\"https:\/\/www.lemonde.fr\/economie\/article\/2023\/03\/30\/a-la-raffinerie-totalenergies-de-donges-on-entre-dans-notre-quatrieme-semaine-de-greve-fatigues-mais-determines_6167499_3234.html\">A la raffinerie TotalEnergies de Donges, \u00abon entre dans notre quatri\u00e8me semaine de gr\u00e8ve, fatigu\u00e9s mais d\u00e9termin\u00e9s\u00bb<\/a>&nbsp;(Le Monde)<\/p>\n\n\n\n<p><a href=\"https:\/\/www.letelegramme.fr\/cotes-darmor\/saint-brieuc\/greve-des-eboueurs-de-l-agglo-briochine-les-irreductibles-ne-lachent-pas-29-03-2023-13307431.php\">Gr\u00e8ve des \u00e9boueurs de l\u2019Agglo briochine&nbsp;: les irr\u00e9ductibles ne l\u00e2chent pas<\/a>&nbsp;(Le T\u00e9l\u00e9gramme)<\/p>\n\n\n\n<p><a href=\"https:\/\/www.leprogres.fr\/social\/2023\/03\/30\/a-lons-les-grevistes-d-enedis-grdf-dans-un-mouvement-historique\">\u00c0 Lons, les gr\u00e9vistes d\u2019Enedis-GRDF dans un \u00ab&nbsp;mouvement historique&nbsp;\u00bb&nbsp;<\/a>(Le Progr\u00e8s)<\/p>\n\n\n\n<figure class=\"wp-block-image\"><img loading=\"lazy\" decoding=\"async\" width=\"675\" height=\"468\" src=\"https:\/\/i0.wp.com\/www.rdpemancipation.org\/wp-content\/uploads\/2023\/03\/image-120.png?resize=480%2C333&amp;ssl=1\" alt=\"\" class=\"wp-image-112101\" srcset=\"https:\/\/i0.wp.com\/www.rdpemancipation.org\/wp-content\/uploads\/2023\/03\/image-120.png?w=675&amp;ssl=1 675w, https:\/\/i0.wp.com\/www.rdpemancipation.org\/wp-content\/uploads\/2023\/03\/image-120.png?resize=300%2C208&amp;ssl=1 300w\" sizes=\"auto, (max-width: 675px) 100vw, 675px\" \/><\/figure>\n\n\n\n<p><strong><mark><strong>29 mars<\/strong><\/mark><\/strong><\/p>\n\n\n\n<p><a href=\"http:\/\/alencontre.org\/divers\/france-dossier-a-marseille-on-ne-va-pas-lacher-maintenant-apres-tout-ce-quon-a-fait.html\">A Marseille, \u00abon ne va pas l\u00e2cher maintenant, apr\u00e8s tout ce qu\u2019on a fait\u00bb<\/a>&nbsp;(A l\u2019encontre)<\/p>\n\n\n\n<p><a href=\"https:\/\/www.politis.fr\/articles\/2023\/03\/manifs-les-prefets-repliquent\/\">Retraites : comment les pr\u00e9fets veulent museler la mobilisation&nbsp;<\/a>&nbsp;(Politis)<\/p>\n\n\n\n<p><a href=\"https:\/\/lesjours.fr\/obsessions\/reforme-retraites\/ep10-mobilisation-proteiforme\/\">&nbsp;<strong>Il faut aller partout o\u00f9 la gr\u00e8ve est attaqu\u00e9e&nbsp;\u00bb<\/strong><\/a>&nbsp; (Les Jours)<\/p>\n\n\n\n<p><strong><a href=\"https:\/\/www.politis.fr\/articles\/2023\/03\/la-guerre-aux-manifestants\/\">La guerre aux manifestants&nbsp;<\/a>&nbsp;<\/strong>(Politis)<\/p>\n\n\n\n<figure class=\"wp-block-image\"><img loading=\"lazy\" decoding=\"async\" width=\"746\" height=\"594\" src=\"https:\/\/i0.wp.com\/www.rdpemancipation.org\/wp-content\/uploads\/2023\/03\/image-122.png?resize=442%2C352&amp;ssl=1\" alt=\"\" class=\"wp-image-112106\" srcset=\"https:\/\/i0.wp.com\/www.rdpemancipation.org\/wp-content\/uploads\/2023\/03\/image-122.png?w=746&amp;ssl=1 746w, https:\/\/i0.wp.com\/www.rdpemancipation.org\/wp-content\/uploads\/2023\/03\/image-122.png?resize=300%2C239&amp;ssl=1 300w\" sizes=\"auto, (max-width: 746px) 100vw, 746px\" \/><\/figure>\n\n\n\n<p><a href=\"https:\/\/www.cadtm.org\/La-crise-des-retraites-France-Face-a-la-colere-sociale-Macron-remplace-la\">La crise des retraites : \u00ab Face \u00e0 la col\u00e8re sociale, Macron remplace la l\u00e9gitimit\u00e9 par la matraque \u00bb<\/a>&nbsp; (CADTM)<\/p>\n\n\n\n<p><a href=\"https:\/\/www.cadtm.org\/Mai-1968-Mars-2023\">Mai 1968 \u2013 Mars 2023 !<\/a>&nbsp;(CADTM)<\/p>\n\n\n\n<p><a href=\"https:\/\/www.force-ouvriere.fr\/reformes-des-retraites-toujours-mobilises-et-determines-rendez\">R\u00e9formes des retraites&nbsp;: toujours mobilis\u00e9s et d\u00e9termin\u00e9s, rendez-vous le 6&nbsp;avri<\/a>l (FO)<\/p>\n\n\n\n<p><strong><a href=\"https:\/\/www.contretemps.eu\/mouvement-janvier-mars-2023-theses-politiques\/\">11 th\u00e8ses politiques sur le mouvement de janvier-mars 2023<\/a>&nbsp;(<\/strong>Contretemps)<\/p>\n\n\n\n<p><a href=\"https:\/\/www.france24.com\/fr\/france\/20230328-retraites-%C3%A0-montargis-une-manifestation-un-peu-trop-calme-au-go%C3%BBt-de-certains\">Retraites : \u00e0 Montargis, une manifestation un peu trop calme au go\u00fbt de certains<\/a>&nbsp;(France 24)<\/p>\n\n\n\n<p><a href=\"https:\/\/www.frustrationmagazine.fr\/rassurer-marches-retraites\/\">R\u00e9former les retraites pour rassurer les march\u00e9s : d\u00e9cryptage d\u2019un mensonge.<\/a>&nbsp;(Frustration)<\/p>\n\n\n\n<p><strong><a href=\"https:\/\/www.monde-diplomatique.fr\/2023\/04\/A\/65712\">Retraites, l\u2019onde de choc<\/a>&nbsp;(<\/strong>le Monde Diplomatique)<\/p>\n\n\n\n<p><a href=\"https:\/\/www.marianne.net\/societe\/manifestations-spontanees-verbalisees-a-paris-les-arretes-en-catimini-de-la-prefecture-de-police\">Manifestations spontan\u00e9es verbalis\u00e9es : \u00e0 Paris, les arr\u00eat\u00e9s \u00ab&nbsp;en catimini&nbsp;\u00bb de la pr\u00e9fecture de police<\/a>&nbsp;(Marianne)<\/p>\n\n\n\n<p><strong><a href=\"https:\/\/www.politis.fr\/articles\/2023\/03\/retraites-ce-que-le-49-3-fait-a-la-jeunesse\/\">Ce que le 49.3 fait \u00e0 la jeunesse<\/a>&nbsp;<\/strong>(Politis)<\/p>\n\n\n\n<p><a href=\"https:\/\/www.publicsenat.fr\/article\/politique\/mobilisation-des-jeunes-contre-la-reforme-des-retraites-il-y-a-des-generations-d\">\u00ab&nbsp;Il y a des g\u00e9n\u00e9rations d\u2019activistes qui sont en train de se cr\u00e9er&nbsp;\u00bb, analyse Vincent Tiberj&nbsp;<\/a>(Public S\u00e9nat)<\/p>\n\n\n\n<p><a href=\"https:\/\/www.revolutionpermanente.fr\/Italie-les-travailleurs-du-SiCobas-debrayent-en-solidarite-avec-la-lutte-en-France\">Italie&nbsp;: les travailleurs du SiCobas d\u00e9brayent en solidarit\u00e9 avec la lutte en France<\/a>&nbsp;(RP)<\/p>\n\n\n\n<p><a href=\"https:\/\/www.revolutionpermanente.fr\/On-tiendra-pour-notre-camarade-eborgne-les-cheminots-envahissent-les-voies-a-Gare-de-Lyon\">\u00ab&nbsp;On tiendra pour notre camarade \u00e9borgn\u00e9&nbsp;\u00bb&nbsp;: les cheminots envahissent les voies \u00e0 Gare de Lyon<\/a>&nbsp;(RP)<\/p>\n\n\n\n<p><a href=\"https:\/\/www.wsws.org\/fr\/articles\/2023\/03\/29\/wita-m29.html\">Des millions de personnes d\u00e9filent contre Macron, les syndicats fran\u00e7ais appellent \u00e0 la \u00ab m\u00e9diation \u00bb<\/a>&nbsp;(WSWS)<\/p>\n\n\n\n<p><a href=\"https:\/\/rapportsdeforce.fr\/classes-en-lutte\/retraites-une-mobilisation-moins-haute-mais-encore-forte-ce-28-mars-032817491\">Retraites : une mobilisation moins haute, mais encore forte ce 28 mars<\/a>&nbsp;(Rapports de force)<\/p>\n\n\n\n<p><a href=\"https:\/\/www.letelegramme.fr\/finistere\/quimper\/greve-des-pecheurs-les-ports-cornouaillais-a-l-arret-28-03-2023-13306707.php\">Gr\u00e8ve des p\u00eacheurs&nbsp;: les ports cornouaillais \u00e0 l\u2019arr\u00eat<\/a>&nbsp; (Le T\u00e9l\u00e9gramme)<\/p>\n\n\n\n<p><strong><a href=\"https:\/\/france3-regions.francetvinfo.fr\/paris-ile-de-france\/paris\/suspension-de-la-greve-des-eboueurs-a-paris-2741930.html\">La gr\u00e8ve des \u00e9boueurs \u00e0 Paris suspendue, les poubelles bient\u00f4t ramass\u00e9es&nbsp;<\/a><\/strong>(Franceinfo)<\/p>\n\n\n\n<p><strong><mark><strong>28 mars<\/strong><\/mark><a href=\"https:\/\/www.francetvinfo.fr\/economie\/retraite\/reforme-des-retraites\/direct-greve-contre-la-reforme-des-retraites-les-opposants-au-texte-de-retour-dans-la-rue-pour-une-dixieme-journee-de-mobilisation_5737016.html\"><\/a><\/strong><\/p>\n\n\n\n<p><strong><a href=\"https:\/\/www.francetvinfo.fr\/economie\/retraite\/reforme-des-retraites\/direct-greve-contre-la-reforme-des-retraites-les-opposants-au-texte-de-retour-dans-la-rue-pour-une-dixieme-journee-de-mobilisation_5737016.html\">L\u2019intersyndicale appelle \u00e0 une 11e journ\u00e9e de mobilisation le jeudi 6 avril<\/a><\/strong>&nbsp;(France Info)<\/p>\n\n\n\n<p><a href=\"https:\/\/www.huffingtonpost.fr\/medias\/article\/retraites-ces-journalistes-de-france-3-denoncent-le-mauvais-traitement-de-la-reforme-dans-leurs-jt_215812.html\">Ces journalistes de France T\u00e9l\u00e9 d\u00e9noncent le \u00abmauvais traitement\u00bb de la r\u00e9forme dans leurs JT<\/a>&nbsp;(HuffPost)<\/p>\n\n\n\n<p><a href=\"https:\/\/www.francetvinfo.fr\/economie\/retraite\/reforme-des-retraites\/retraites-contestation-plus-violente-emmanuel-macron-humilie-comment-les-medias-etrangers-commentent-le-printemps-social-en-france_5737325.html\">Retraites : contestation \u00ab&nbsp;plus violente&nbsp;\u00bb, Emmanuel Macron \u00ab&nbsp;humili\u00e9&nbsp;\u00bb\u2026 Comment les m\u00e9dias \u00e9trangers commentent le printemps social en France<\/a>&nbsp;(France Info)<\/p>\n\n\n\n<p><a href=\"https:\/\/www.lemonde.fr\/politique\/live\/2023\/03\/28\/greve-du-28-mars-en-direct-le-point-sur-les-mobilisations-partout-en-france_6167232_823448.html\">Manifestations du 28&nbsp;mars, en direct&nbsp;<\/a>&nbsp;(Le Monde, en clair)<\/p>\n\n\n\n<p><a href=\"https:\/\/www.liberation.fr\/checknews\/collectif-stop-gav-des-dizaines-de-manifestants-interpelles-se-federent-contre-les-detentions-arbitraires-20230328_UD3HRGTLIRA47E5JU3H5WEZQZ4\/\">Collectif \u00abStop GAV\u00bb&nbsp;: des manifestants interpell\u00e9s se f\u00e9d\u00e8rent contre les d\u00e9tentions arbitraires<\/a>&nbsp;(Lib\u00e9ration)<\/p>\n\n\n\n<p><a href=\"https:\/\/www.alternatives-economiques.fr\/cette-jy-vais-ont-greve-premiere\/00106444\">\u00ab Cette fois j\u2019y vais ! \u00bb : ils ont fait gr\u00e8ve pour la premi\u00e8re fois<\/a>&nbsp;(Alter \u00e9co)<\/p>\n\n\n\n<p><strong><a href=\"https:\/\/www.liberation.fr\/economie\/social\/en-direct-reforme-des-retraites-suivez-en-direct-la-dixieme-journee-de-mobilisation-nationale-20230328_4Y4FPI732VC2VG7KB6K24S7OZA\/\">En direct&nbsp;: l\u2019intersyndicale va \u00e9crire de nouveau \u00e0 Macron et lui demander de \u00absuspendre\u00bb la r\u00e9forme, confirme Martinez<\/a>&nbsp;<\/strong>(Lib\u00e9ration)<\/p>\n\n\n\n<p><strong><a href=\"https:\/\/paris-luttes.info\/suivi-de-la-journee-du-28-mars-16850\">Suivi de la journ\u00e9e du 28&nbsp;mars<\/a>&nbsp;<\/strong>(Paris-Luttes info)<\/p>\n\n\n\n<p><a href=\"https:\/\/www.youtube.com\/watch?v=hflL1mfy8d4&amp;ab_channel=BLAST%2CLesouffledel%27info\">L\u2019ancien pr\u00e9fet de police face aux manifs et aux violences<\/a>&nbsp;(Blast)<\/p>\n\n\n\n<p><a href=\"https:\/\/web.facebook.com\/CNTsavoie\/videos\/161807666760253\/UzpfSTEwMDAyNDA2NDg2OTg2NToxMzkzOTc1MjMxNDE0NjI2OjEzOTM5NzUyMzE0MTQ2MjY\/?app=fbl&amp;_rdc=1&amp;_rdr\">Piquet de gr\u00e8ve de La Bathie : 20\u00e8me jour d\u2019occupation de l\u2019usine hydro\u00e9lectrique<\/a>. (CNT 73)<\/p>\n\n\n\n<p><a href=\"https:\/\/www.france24.com\/fr\/info-en-continu\/20230327-blocages-barrages-le-point-sur-la-mobilisation-contre-la-r%C3%A9forme-des-retraites\">P\u00e9nurie, blocage, gr\u00e8ve : le point sur la mobilisation contre la r\u00e9forme des retraites&nbsp;<\/a>(France 24)<\/p>\n\n\n\n<p><a href=\"https:\/\/lepoing.net\/reforme-des-retraites-le-mouvement-social-francais-genere-une-vague-de-solidarite-internationale\/\">Le mouvement social fran\u00e7ais g\u00e9n\u00e8re une vague de solidarit\u00e9 internationale<\/a>&nbsp;(Le Poing)<\/p>\n\n\n\n<p><strong><a href=\"https:\/\/lundi.am\/Quand-la-route-est-trop-sobre\">\u00ab&nbsp;Quand la route est trop sobre&nbsp;\u00bb<\/a>&nbsp;<\/strong>(lundi matin)<\/p>\n\n\n\n<p><a href=\"https:\/\/www.marianne.net\/agora\/humeurs\/henri-pena-ruiz-avec-son-ton-grand-seigneur-habituel-monsieur-macron-se-permet-dinsulter-le-peuple\">\u00ab&nbsp;Avec son ton grand seigneur habituel, monsieur Macron se permet d\u2019insulter le peuple&nbsp;\u00bb<\/a>&nbsp;(Marianne)<\/p>\n\n\n\n<p><strong><a href=\"https:\/\/www.publicsenat.fr\/article\/parlementaire\/il-y-a-la-volonte-de-mettre-face-a-face-l-ordre-et-le-chaos-accuse-olivier\">\u00ab&nbsp;Il y a la volont\u00e9 de mettre face \u00e0 face l\u2019ordre et le chaos&nbsp;\u00bb, accuse Olivier Faure<\/a>&nbsp;<\/strong>(Public S\u00e9nat)<\/p>\n\n\n\n<p><strong><a href=\"https:\/\/www.revolutionpermanente.fr\/Les-raffineurs-de-Normandie-reconduisent-la-greve-apres-les-requisitions-il-y-a-un-sentiment-de\">Les raffineurs de Normandie reconduisent la gr\u00e8ve apr\u00e8s les r\u00e9quisitions&nbsp;: \u00ab&nbsp;il y a un sentiment de rage&nbsp;\u00bb<\/a>&nbsp;<\/strong>(RP)<\/p>\n\n\n\n<p><strong><a href=\"https:\/\/www.revolutionpermanente.fr\/Malgre-les-requisitions-les-grevistes-et-leurs-soutiens-reprennent-l-incinerateur-d-Ivry\">Malgr\u00e9 les r\u00e9quisitions, les gr\u00e9vistes et leurs soutiens reprennent l\u2019incin\u00e9rateur d\u2019Ivry<\/a>&nbsp;<\/strong>(RP)<\/p>\n\n\n\n<p><a href=\"https:\/\/www.rue89strasbourg.com\/la-liste-des-caisses-de-greve-pour-soutenir-les-plus-precaires-dans-la-lutte-260795\">Des caisses de gr\u00e8ve pour soutenir les plus pr\u00e9caires dans la lutte&nbsp;<\/a>(Rue 89)<\/p>\n\n\n\n<p><a href=\"https:\/\/www.liberation.fr\/economie\/social\/greve-au-louvre-ce-mouvement-contre-les-retraites-est-en-train-decrire-lhistoire-20230327_L5XSJVJ2E5FIDKO7CTA7KV5YJU\/\">Gr\u00e8ve au Louvre&nbsp;: \u00abCe mouvement contre les retraites est en train d\u2019\u00e9crire l\u2019histoire\u00bb<\/a>&nbsp;(Lib\u00e9ration)<\/p>\n\n\n\n<p><mark><strong>27 mars<\/strong><\/mark><\/p>\n\n\n\n<p><strong><a href=\"https:\/\/www.liberation.fr\/checknews\/violences-policieres-les-videos-et-temoignages-qui-mettent-en-cause-les-brav-m-20230327_P6OPSQ44GJDYNOT5LG5DP2Q4GE\/\">Violences polici\u00e8res&nbsp;: les vid\u00e9os et t\u00e9moignages qui mettent en cause les Brav-M<\/a><\/strong>&nbsp;(Lib\u00e9ration)<\/p>\n\n\n\n<p><a href=\"https:\/\/www.liberation.fr\/societe\/police-justice\/enregistrements-sonores-accablants-les-policiers-de-la-brav-m-identifies-20230327_AHS6UWI2BNFILHL6DL4DRCKR6Y\/\">Enregistrements sonores accablants&nbsp;: les policiers de la Brav-M identifi\u00e9s<\/a>&nbsp;(Lib\u00e9ration)<\/p>\n\n\n\n<p><a href=\"https:\/\/www.liberation.fr\/economie\/social\/en-direct-reforme-des-retraites-consultations-politiques-et-preparatifs-syndicaux-suivez-toute-lactualite-de-ce-lundi-27-mars-20230327_5B7MJFLAWFGLNJRHOPX4RMODPY\/\">&nbsp;Live : \u00abMardi, soyez des millions, d\u00e9ferlez\u00bb, exhorte Jean-Luc M\u00e9lenchon<\/a>&nbsp;(Lib\u00e9ration)<a href=\"https:\/\/www.francetvinfo.fr\/economie\/retraite\/reforme-des-retraites\/direct-reforme-des-retraites-emmanuel-macron-recoit-elisabeth-borne-et-les-cadres-de-la-majorite-ce-midi_5735072.html\"><\/a><\/p>\n\n\n\n<p><a href=\"https:\/\/www.francetvinfo.fr\/economie\/retraite\/reforme-des-retraites\/direct-reforme-des-retraites-emmanuel-macron-recoit-elisabeth-borne-et-les-cadres-de-la-majorite-ce-midi_5735072.html\">G\u00e9rald Darmanin annonce un dispositif de s\u00e9curit\u00e9 \u2018in\u00e9dit\u2019 mardi, avec 13 000 policiers et gendarmes mobilis\u00e9s<\/a>&nbsp;(France Info)<\/p>\n\n\n\n<p><a href=\"https:\/\/www.liberation.fr\/economie\/social\/greve-au-louvre-ce-mouvement-contre-les-retraites-est-en-train-decrire-lhistoire-20230327_L5XSJVJ2E5FIDKO7CTA7KV5YJU\/\">Gr\u00e8ve au Louvre&nbsp;: \u00abCe mouvement contre les retraites est en train d\u2019\u00e9crire l\u2019histoire\u00bb<\/a>&nbsp;(Lib\u00e9ration)<\/p>\n\n\n\n<p><a href=\"https:\/\/www.force-ouvriere.fr\/pour-le-retrait-de-cette-reforme-fo-et-l-intersyndicale-toquent\">Pour le retrait de cette r\u00e9forme, FO et l\u2019intersyndicale toquent \u00e0 la porte du Conseil constitutionnel<\/a>&nbsp;(Force Ouvri\u00e8re)<\/p>\n\n\n\n<p><a href=\"https:\/\/lepoing.net\/reforme-des-retraites-le-mouvement-social-francais-genere-une-vague-de-solidarite-internationale\/\">Le mouvement social fran\u00e7ais g\u00e9n\u00e8re une vague de solidarit\u00e9 internationale<\/a>&nbsp;(Le Poing)<\/p>\n\n\n\n<p><a href=\"https:\/\/www.alternatives-economiques.fr\/patrick-viveret-referendum-contre-reforme-retraites\/00106378\">Patrick Viveret : \u00abLe r\u00e9f\u00e9rendum contre la r\u00e9forme des retraites peut \u00eatre une formidable aventure !\u00bb<\/a>&nbsp; (Alter \u00e9co)<\/p>\n\n\n\n<p><a href=\"https:\/\/www.cadtm.org\/Macron-meprise-le-peuple-les-jeunes-se-mobilisent\">Macron m\u00e9prise le peuple, les jeunes se mobilisent<\/a>&nbsp;(CADTM)<\/p>\n\n\n\n<p><strong><a href=\"https:\/\/www.ldh-france.org\/27-mars-2023-tribune-collective-tribune-davocats-contre-le-recours-aux-arrestations-preventives-et-arbitraires-publiee-dans-le-monde\/\">\u201cTribune d\u2019avocats contre le recours aux arrestations pr\u00e9ventives et arbitraires\u201d&nbsp;<\/a>&nbsp;<\/strong>&nbsp;(LDH)<\/p>\n\n\n\n<figure class=\"wp-block-image\"><img loading=\"lazy\" decoding=\"async\" width=\"523\" height=\"482\" src=\"https:\/\/i0.wp.com\/www.rdpemancipation.org\/wp-content\/uploads\/2023\/03\/image-108.png?resize=397%2C365&amp;ssl=1\" alt=\"\" class=\"wp-image-111965\" srcset=\"https:\/\/i0.wp.com\/www.rdpemancipation.org\/wp-content\/uploads\/2023\/03\/image-108.png?w=523&amp;ssl=1 523w, https:\/\/i0.wp.com\/www.rdpemancipation.org\/wp-content\/uploads\/2023\/03\/image-108.png?resize=300%2C276&amp;ssl=1 300w\" sizes=\"auto, (max-width: 523px) 100vw, 523px\" \/><figcaption class=\"wp-element-caption\"><sup>par&nbsp;Fred Sochard<\/sup><\/figcaption><\/figure>\n\n\n\n<p><strong><a href=\"https:\/\/www.lemonde.fr\/idees\/article\/2023\/03\/27\/reforme-des-retraites-crise-francaise-incomprehension-europeenne_6167125_3232.html\">R\u00e9forme des retraites&nbsp;: crise fran\u00e7aise, incompr\u00e9hension europ\u00e9enne<\/a><\/strong>&nbsp;(Editorial, Le Monde)<\/p>\n\n\n\n<p><a href=\"https:\/\/www.lemonde.fr\/idees\/article\/2023\/03\/26\/dominique-rousseau-constitutionnaliste-il-semble-difficile-que-le-conseil-constitutionnel-ne-censure-pas-la-loi-sur-la-reforme-des-retraites_6167056_3232.html\">Dominique Rousseau, constitutionnaliste&nbsp;: Il semble difficile que le Conseil constitutionnel ne censure pas la loi sur la r\u00e9forme des retraites<\/a>&nbsp;(Le Monde)<\/p>\n\n\n\n<p><a href=\"https:\/\/www.lemonde.fr\/politique\/article\/2023\/03\/25\/la-reforme-des-retraites-met-en-lumiere-les-profondes-fractures-chez-les-republicains_6166974_823448.html\">La r\u00e9forme des retraites met en lumi\u00e8re les profondes fractures chez Les&nbsp;R\u00e9publicains<\/a>&nbsp;(Le Monde)<\/p>\n\n\n\n<p><a href=\"https:\/\/www.lemonde.fr\/politique\/article\/2023\/03\/25\/emmanuel-macron-de-plus-en-plus-isole_6166930_823448.html\">L\u2019inflexibilit\u00e9 d\u2019Emmanuel Macron inqui\u00e8te ses propres troupes<\/a>&nbsp;(D\u00e9cryptage, Le Monde)<\/p>\n\n\n\n<p><a href=\"http:\/\/t.nl.france3.fr\/r\/?id=hb1a21465,6b2f0f64,5f8c46c9&amp;p1=20230326&amp;p2=726375-1613287517-668363dc\">Manifestation : malgr\u00e9 l\u2019interdiction, plusieurs centaines de manifestants d\u00e9filent \u00e0 Dijon<\/a>&nbsp;(France 3)<\/p>\n\n\n\n<p><a href=\"http:\/\/t.nl.france3.fr\/r\/?id=hb100bbb2,6b2cef68,5f8be795&amp;p1=20230324&amp;p2=726375-1613287517-668363dc\">\u00ab&nbsp;On est pr\u00eats \u00e0 tout&nbsp;\u00bb : comment les Black Blocs justifient la violence \u00e0 Dijon<\/a>&nbsp;(France 3)<\/p>\n\n\n\n<p><a href=\"http:\/\/t.nl.france3.fr\/r\/?id=hb0bf229c,6b2ba2b6,5f8ba6ca&amp;p1=20230323&amp;p2=726375-1613287517-668363dc\">Une \u00ab&nbsp;cha\u00eene humaine&nbsp;\u00bb \u00e0 Avallon contre la r\u00e9forme des retraites<\/a>(France 3)<\/p>\n\n\n\n<p><a href=\"http:\/\/t.nl.france3.fr\/r\/?id=hb0bf229c,6b2ba2b6,5f8ba6cd&amp;p1=20230323&amp;p2=726375-1613287517-668363dc\">R\u00e9forme des retraites : \u00e0 Besan\u00e7on, une fresque g\u00e9ante au nom de la \u00ab&nbsp;d\u00e9mocratie&nbsp;\u00bb<\/a>&nbsp;(France 3)<\/p>\n\n\n\n<p><strong><a href=\"https:\/\/www.rdpemancipation.org\/France.%20%C2%ABFace%20%C3%A0%20la%20col%C3%A8re%20sociale,%20Macron%20remplace%20la%20l%C3%A9gitimit%C3%A9%20par%20la%20matraque%C2%BB\">France. \u00abFace \u00e0 la col\u00e8re sociale, Macron remplace la l\u00e9gitimit\u00e9 par la matraque\u00bb<\/a>&nbsp;<\/strong>(A l\u2019encontre)<\/p>\n\n\n\n<p><strong><a href=\"https:\/\/www.politis.fr\/articles\/2023\/03\/reforme-des-retraites-un-manifestant-belge-place-en-centre-de-retention\/\">Manifestations&nbsp;: un Belge plac\u00e9 abusivement en centre de r\u00e9tention<\/a>&nbsp;<\/strong>(Politis)<\/p>\n\n\n\n<p><a href=\"https:\/\/www.revolutionpermanente.fr\/Comites-d-action-pour-la-greve-generale-les-masses-en-lutte-ont-besoin-de-s-organiser\">Comit\u00e9s d\u2019action pour la gr\u00e8ve g\u00e9n\u00e9rale&nbsp;: les masses en lutte ont besoin de s\u2019organiser&nbsp;!<\/a>&nbsp;(RP)<\/p>\n\n\n\n<p><a href=\"https:\/\/www.force-ouvriere.fr\/forte-de-sa-position-leader-a-air-france-fo-vers-les-nao-2023\">Forte de sa position leader \u00e0 Air&nbsp;France, FO vers les NAO 2023<\/a>&nbsp;(FO)<\/p>\n\n\n\n<p><a href=\"https:\/\/basta.media\/Ravitailler-les-piquets-de-greves-pour-renforcer-les-luttes-l-alliance-des-paysans-cantines-et-salaries-alimentation-prix-libre\">Pour ravitailler les gr\u00e9vistes&nbsp;: une alliance entre paysans, cantines collectives et salari\u00e9s en lutte&nbsp;<\/a>(Basta!)<\/p>\n\n\n\n<p><mark><strong>26 mars<\/strong><\/mark><\/p>\n\n\n\n<p><strong><a href=\"https:\/\/www.liberation.fr\/economie\/social\/en-direct-reforme-des-retraites-suivez-la-mobilisation-sociale-de-ce-samedi-25-mars-20230325_HFUOMDJ35RALNPIXYC24ILWQ34\/\">Live&nbsp;: Cinq nouveaux arrondissements parisiens bient\u00f4t touch\u00e9s par la gr\u00e8ve des \u00e9boueurs<\/a><\/strong>&nbsp;(Lib\u00e9ration, en clair)<\/p>\n\n\n\n<p><a href=\"https:\/\/www.huffingtonpost.fr\/politique\/article\/cette-phrase-de-borne-sur-les-retraites-au-congres-d-horizons-se-retourne-contre-elle_215734.html\">\u00abNous avons fait ce que les Fran\u00e7ais attendaient\u00bb&nbsp;: cette phrase de Borne se retourne contre elle<\/a>&nbsp;(HuffPost)<\/p>\n\n\n\n<p><a href=\"https:\/\/www.boursorama.com\/actualite-economique\/actualites\/retraites-roussel-pcf-accuse-macron-de-creer-un-climat-de-guerre-civile-1f19da64f06aee017d0e356b0fa6fe36\">Retraites : Roussel (PCF) accuse Macron de \u00ab&nbsp;cr\u00e9er un climat de guerre civile&nbsp;\u00bb<\/a>&nbsp;(AFP)<\/p>\n\n\n\n<p><a href=\"https:\/\/www.lemonde.fr\/politique\/article\/2023\/03\/25\/retraite-la-pause-plutot-que-la-fracture_6166954_823448.html\">Retraites : la pause plut\u00f4t que la fracture<\/a>&nbsp;(Edito, Le Monde)<\/p>\n\n\n\n<p><a href=\"https:\/\/www.youtube.com\/watch?v=2eU3UbaU9Vo\">Les classes dominantes \u00e0 l\u2019assaut du syst\u00e8me social: des d\u00e9cennies de combat<\/a>&nbsp;(Elucid, Nicolas Da Silva)<\/p>\n\n\n\n<p><a href=\"https:\/\/notrecondition.fr\/2023\/03\/24\/la-retraite-porte-dentree-vers-le-travail-libere\/?fbclid=IwAR0nh2pVHX4axknfLNrX4-gdxwEmKJpqk4bURtIbM-2PxyMKcKyG0k9iCtU\">La retraite, porte d\u2019entr\u00e9e vers le travail lib\u00e9r\u00e9<\/a>&nbsp;(Notre condition)<\/p>\n\n\n\n<figure class=\"wp-block-image\"><img loading=\"lazy\" decoding=\"async\" width=\"589\" height=\"387\" src=\"https:\/\/i0.wp.com\/www.rdpemancipation.org\/wp-content\/uploads\/2023\/03\/image-123.png?resize=435%2C286&amp;ssl=1\" alt=\"\" class=\"wp-image-112109\" srcset=\"https:\/\/i0.wp.com\/www.rdpemancipation.org\/wp-content\/uploads\/2023\/03\/image-123.png?w=589&amp;ssl=1 589w, https:\/\/i0.wp.com\/www.rdpemancipation.org\/wp-content\/uploads\/2023\/03\/image-123.png?resize=300%2C197&amp;ssl=1 300w\" sizes=\"auto, (max-width: 589px) 100vw, 589px\" \/><\/figure>\n\n\n\n<p><mark><strong>25 mars<\/strong><\/mark><\/p>\n\n\n\n<p><strong><a href=\"https:\/\/www.leparisien.fr\/faits-divers\/retraites-un-militant-de-sud-rail-a-perdu-son-oeil-en-manifestation-le-syndicat-demande-des-comptes-25-03-2023-S7I4L4NWN5EYRA5AOJACDQ3ERQ.php\">Un militant de SUD-Rail a perdu son \u0153il&nbsp;en manifestation, le syndicat demande des comptes<\/a>&nbsp;<\/strong>(Le Parisien)<\/p>\n\n\n\n<p><a href=\"https:\/\/www.revolutionpermanente.fr\/La-police-eborgne-un-cheminot-et-defonce-le-crane-d-un-mainteneur-RATP-le-mouvement-ouvrier-doit\">La police \u00e9borgne un cheminot et d\u00e9fonce le cr\u00e2ne d\u2019un mainteneur RATP&nbsp;: le mouvement ouvrier doit r\u00e9agir&nbsp;!<\/a>&nbsp;(RP)<\/p>\n\n\n\n<p><strong><a href=\"https:\/\/www.liberation.fr\/economie\/social\/en-direct-reforme-des-retraites-suivez-la-mobilisation-sociale-de-ce-samedi-25-mars-20230325_HFUOMDJ35RALNPIXYC24ILWQ34\/\">En direct&nbsp;: sur le front des d\u00e9chets, \u00abla situation n\u2019est pas pr\u00e8s de s\u2019am\u00e9liorer\u00bb \u00e0 Paris<\/a>&nbsp;<\/strong>(Le Live de Lib\u00e9ration, en clair)<\/p>\n\n\n\n<p><a><\/a><a href=\"https:\/\/www.liberation.fr\/societe\/police-justice\/traumatisme-cranien-et-main-fracturee-un-journaliste-frappe-par-la-brav-m-dans-la-manif-parisienne-temoigne-20230324_2M7K7TFTYBD27IEOD5LHYLTVCE\/\">Traumatisme cr\u00e2nien et main fractur\u00e9e : un journaliste frapp\u00e9 par un policier de la Brav-M t\u00e9moigne<\/a>&nbsp;(Lib\u00e9ration)<\/p>\n\n\n\n<p><a href=\"https:\/\/www.francetvinfo.fr\/economie\/retraite\/reforme-des-retraites\/temoignage-il-m-a-attrape-par-le-sexe-le-manifestant-insulte-et-violente-par-des-brav-m-a-paris-denonce-une-agression-sexuelle_5731967.html\">\u2018Il m\u2019a attrap\u00e9 par le sexe\u2019 : le manifestant insult\u00e9 et violent\u00e9 par des Brav-M \u00e0 Paris d\u00e9nonce une agression sexuelle<\/a>&nbsp;(France Info)<\/p>\n\n\n\n<p><a href=\"https:\/\/www.lemediatv.fr\/emissions\/2023\/macron-en-guerre-contre-la-democratie-qw8Y2ztSSEuKfsih5uu0gw\">Macron en guerre contre la d\u00e9mocratie<\/a>&nbsp;(Le M\u00e9dia)<\/p>\n\n\n\n<p><strong><a href=\"https:\/\/rapportsdeforce.fr\/classes-en-lutte\/face-a-la-greve-la-repression-sevit-dans-les-entreprises-032517442\">Face \u00e0 la gr\u00e8ve, la r\u00e9pression s\u00e9vit dans les entreprises<\/a><\/strong>&nbsp;(Rapports de Force)<\/p>\n\n\n\n<p><a href=\"https:\/\/www.lemediatv.fr\/emissions\/2023\/un-ancien-prefet-met-en-garde-macron-tout-ca-va-mal-finir-sV3APW4aSl-iqPrB0pu2Uw\">Un ancien pr\u00e9fet met en garde Macron :&nbsp;\u00bbtout \u00e7a va mal finir&nbsp;\u00bb<\/a>&nbsp;(Le M\u00e9dia)<\/p>\n\n\n\n<p><a href=\"https:\/\/www.mediapart.fr\/journal\/france\/240323\/la-repression-du-mouvement-social-cree-un-malaise-y-compris-chez-les-magistrats\">La r\u00e9pression du mouvement social cr\u00e9e un malaise y compris chez les magistrats<\/a>&nbsp;(M\u00e9diapart)<\/p>\n\n\n\n<p><a href=\"https:\/\/www.lemonde.fr\/societe\/article\/2023\/03\/24\/je-peux-te-dire-qu-on-en-a-casse-des-coudes-et-des-gueules-quand-la-brav-m-derape-au-cours-d-une-interpellation_6166857_3224.html\">Enregistrement des BRAV-M&nbsp;: \u00abJe peux te dire qu\u2019on en a cass\u00e9, des coudes et des gueules\u00bb<\/a>&nbsp;(Le Monde)<\/p>\n\n\n\n<p><strong><a href=\"https:\/\/www.youtube.com\/watch?v=u9siobb5LqA\">Vid\u00e9o&nbsp;: violences d\u2019Etat&nbsp;: Darmanin r\u00e9cidive<\/a>&nbsp;(<\/strong>Off Investigation, en clair)<\/p>\n\n\n\n<p><strong><a href=\"https:\/\/www.youtube.com\/watch?v=MA0jP_CWipI&amp;ab_channel=BLAST%2CLesouffledel%27info\">Retraites : l\u2019embrasement<\/a>&nbsp;<\/strong>(Blast)<\/p>\n\n\n\n<p><strong><a href=\"https:\/\/www.revue-ballast.fr\/philippe-poutou-tout-redevient-possible\/\">Philippe Poutou : \u00ab Tout redevient possible \u00bb<\/a>&nbsp;<\/strong>(Ballast)<\/p>\n\n\n\n<p><strong><a href=\"https:\/\/www.frustrationmagazine.fr\/confiance-de-classe\/\">Le jour o\u00f9 nous avons repris la confiance<\/a>&nbsp;<\/strong>(Frustration)<\/p>\n\n\n\n<p><a href=\"https:\/\/www.leparisien.fr\/faits-divers\/on-va-se-venger-sur-dautres-des-policiers-de-la-brav-m-enregistres-pendant-une-manifestation-ligpn-saisie-24-03-2023-3V4UE7MHUBE27OWQTUIXKJVIZA.php\">Des policiers de la Brav-M enregistr\u00e9s pendant une manifestation, l\u2019IGPN saisie<\/a>&nbsp;(Le Parisien)<\/p>\n\n\n\n<p><a href=\"https:\/\/www.politis.fr\/articles\/2023\/03\/retraites-la-rue-sembrase-contre-macron-le-pyromane\/\">Retraites&nbsp;: la rue s\u2019embrase contre Macron le pyromane<\/a>&nbsp;(Politis)<\/p>\n\n\n\n<p><a href=\"https:\/\/www.politis.fr\/articles\/2023\/03\/on-etait-terrifies-je-me-suis-pris-un-grand-coup-dans-le-ventre\/\">\u00ab On \u00e9tait terrifi\u00e9s. Je me suis pris un grand coup dans le ventre \u00bb<\/a>&nbsp;(Politis)<\/p>\n\n\n\n<p><a href=\"https:\/\/www.revolutionpermanente.fr\/Raffinerie-de-Normandie-enorme-demonstration-de-solidarite-face-aux-requisitions\">Raffinerie de Normandie&nbsp;: \u00e9norme d\u00e9monstration de solidarit\u00e9 face aux r\u00e9quisitions<\/a>&nbsp;(RP)<\/p>\n\n\n\n<p><strong><a href=\"https:\/\/rapportsdeforce.fr\/classes-en-lutte\/face-a-la-greve-la-repression-sevit-dans-les-entreprises-032517442\">Face \u00e0 la gr\u00e8ve, la r\u00e9pression s\u00e9vit dans les entreprises<\/a>&nbsp;<\/strong>(Rapports de force)<\/p>\n\n\n\n<p><a href=\"https:\/\/www.streetpress.com\/sujet\/1679665222-entretien-chercheur-maintien-ordre-etat-agressif-police-violences-manifestations-reforme-retraites-macron\">\u00ab L\u2019\u00c9tat a d\u00e9clench\u00e9 les outils les plus agressifs du maintien de l\u2019ordre \u00bb<\/a>&nbsp;(Street Press)<\/p>\n\n\n\n<p><a href=\"https:\/\/www.mediapart.fr\/journal\/economie-et-social\/240323\/droit-de-greve-la-cgt-alerte-sur-un-guide-pratique-pour-licencier-les-syndicalistes\">Droit de gr\u00e8ve&nbsp;: la CGT alerte sur \u00ab&nbsp;un guide pratique&nbsp;\u00bb pour licencier les syndicalistes<\/a>&nbsp;(Mediapart)<\/p>\n\n\n\n<p><mark><strong>24 mars<\/strong><\/mark><\/p>\n\n\n\n<p><a href=\"https:\/\/www.francetvinfo.fr\/economie\/retraite\/reforme-des-retraites\/direct-reforme-des-retraites-les-violences-et-degradations-dans-les-manifestations-sont-inacceptables-estime-elisabeth-borne_5729504.html\">Le Conseil de l\u2019Europe s\u2019inqui\u00e8te d\u2019un \u2018usage excessif de la force\u2019 en France<\/a>&nbsp;(France Info)<\/p>\n\n\n\n<p><strong><a href=\"https:\/\/www.fidh.org\/fr\/regions\/europe-asie-centrale\/france\/violences-policieres-en-france-la-fidh-et-la-ldh-s-alarment\">Violences polici\u00e8res en France : la FIDH et la LDH s\u2019alarment<\/a>&nbsp;<\/strong>(FIDH)<\/p>\n\n\n\n<p><a href=\"http:\/\/alencontre.org\/europe\/france\/france-dossier-hier-vous-netiez-quune-foule-vous-etes-un-peuple-aujourdhui.html\"><strong>France-dossier. \u00abHier, vous n\u2019\u00e9tiez qu\u2019une foule, vous \u00eates un peuple aujourd\u2019hui!\u00bb<\/strong><\/a>&nbsp;(A l\u2019encontre)<\/p>\n\n\n\n<p><a href=\"https:\/\/www.mediapart.fr\/journal\/politique\/230323\/partout-dans-les-rues-l-union-contre-macron\">\u00ab&nbsp;Pourquoi cherche-t-il \u00e0 ce point \u00e0 alimenter le feu&nbsp;?&nbsp;\u00bb<\/a>&nbsp;(M\u00e9diapart)<\/p>\n\n\n\n<p><a href=\"https:\/\/www.mediapart.fr\/journal\/france\/240323\/les-motos-m-ont-pris-en-chasse-et-percute-valentin-19-ans-blesse-dans-une-manif-paris\">\u2018Les motos m\u2019ont pris en chasse et percut\u00e9\u2019&nbsp;: Valentin, 19 ans, bless\u00e9 dans une manif \u00e0 Paris<\/a>&nbsp;(M\u00e9diapart)<\/p>\n\n\n\n<p><a href=\"https:\/\/blogs.mediapart.fr\/paul-report\/blog\/240323\/reforme-des-retraites-le-conseil-constitutionnel-n-pas-droit-l-erreur\">R\u00e9forme des retraites : le Conseil Constitutionnel n\u2019a pas droit \u00e0 l\u2019erreur !<\/a>&nbsp;(Blog de Paul report)<\/p>\n\n\n\n<p><a href=\"https:\/\/www.mediapart.fr\/journal\/politique\/240323\/charny-oree-de-puisaye-c-est-la-premiere-manifestation-du-xxie-siecle\">\u00c0 Charny-Or\u00e9e-de-Puisaye, \u00ab&nbsp;c\u2019est la premi\u00e8re manifestation du XXIe si\u00e8cle&nbsp;\u00bb<\/a>&nbsp;(M\u00e9diapart)<\/p>\n\n\n\n<p><a href=\"https:\/\/rapportsdeforce.fr\/classes-en-lutte\/face-a-macron-les-manifestations-font-le-plein-et-haussent-le-ton-032317414\">Face \u00e0 Macron, les manifestations font le plein et haussent le ton<\/a>&nbsp;(Rapports de Force)<\/p>\n\n\n\n<p><a href=\"https:\/\/www.alternatives-economiques.fr\/mobilisation-etudiante-enfle-apres-493\/00106338\">La mobilisation \u00e9tudiante enfle apr\u00e8s le 49.3<\/a>&nbsp;(Alter \u00e9co)<\/p>\n\n\n\n<p><a href=\"https:\/\/reporterre.net\/Comment-faire-plier-le-gouvernement-Les-reponses-des-manifestants\">Comment \u00ab&nbsp;faire plier le gouvernement&nbsp;\u00bb&nbsp;? Les r\u00e9ponses des manifestants<\/a>&nbsp;(Reporterre)<\/p>\n\n\n\n<p><strong><a href=\"https:\/\/www.liberation.fr\/economie\/social\/en-direct-reforme-des-retraites-suivez-toute-lactualite-politique-et-sociale-de-ce-vendredi-24-mars-20230324_MECVB3PXURG7FOXAG4UZHSHOLY\/\">Live&nbsp;: pour Darmanin, les violences polici\u00e8res, c\u2019est \u00abindividuellement sous le coup de la fatigue\u00bb<\/a>&nbsp;<\/strong>(Lib\u00e9ration, en clair)<\/p>\n\n\n\n<p><strong><a href=\"https:\/\/www.lemonde.fr\/politique\/article\/2023\/03\/24\/reforme-des-retraites-l-intersyndicale-appelle-a-une-dixieme-journee-de-mobilisation-le-28-mars_6166803_823448.html\">L\u2019intersyndicale appelle \u00e0 une dixi\u00e8me journ\u00e9e de mobilisation le 28&nbsp;mars<\/a>&nbsp;<\/strong>(Le Monde)<\/p>\n\n\n\n<p><a href=\"https:\/\/www.francetvinfo.fr\/economie\/retraite\/reforme-des-retraites\/direct-reforme-des-retraites-les-violences-et-degradations-dans-les-manifestations-sont-inacceptables-estime-elisabeth-borne_5729504.html\">L\u2019aviation civile demande d\u2019annuler 33% des vols dimanche \u00e0 Orly et 20% lundi<\/a>&nbsp;(France T\u00e9l\u00e9vision)<\/p>\n\n\n\n<figure class=\"wp-block-image\"><img loading=\"lazy\" decoding=\"async\" width=\"1200\" height=\"670\" src=\"https:\/\/i0.wp.com\/www.rdpemancipation.org\/wp-content\/uploads\/2023\/03\/image-118.png?resize=472%2C263&amp;ssl=1\" alt=\"\" class=\"wp-image-112097\" srcset=\"https:\/\/i0.wp.com\/www.rdpemancipation.org\/wp-content\/uploads\/2023\/03\/image-118.png?w=1200&amp;ssl=1 1200w, https:\/\/i0.wp.com\/www.rdpemancipation.org\/wp-content\/uploads\/2023\/03\/image-118.png?resize=300%2C168&amp;ssl=1 300w, https:\/\/i0.wp.com\/www.rdpemancipation.org\/wp-content\/uploads\/2023\/03\/image-118.png?resize=1024%2C572&amp;ssl=1 1024w, https:\/\/i0.wp.com\/www.rdpemancipation.org\/wp-content\/uploads\/2023\/03\/image-118.png?resize=768%2C429&amp;ssl=1 768w\" sizes=\"auto, (max-width: 1200px) 100vw, 1200px\" \/><\/figure>\n\n\n\n<p><a href=\"https:\/\/www.liberation.fr\/politique\/reforme-des-retraites-les-senateurs-de-gauche-deposent-un-recours-devant-le-conseil-constitutionnel-20230323_VVP5QLUZ6JG2VHDP7TSFC5KWL4\/\">Les s\u00e9nateurs de gauche d\u00e9posent un recours devant le conseil constitutionnel<\/a>&nbsp;(Lib\u00e9ration)<\/p>\n\n\n\n<p><a href=\"https:\/\/rue89bordeaux.com\/2023\/03\/des-casseurs-dextreme-droite-derriere-la-tentative-dincendie-de-la-mairie-de-bordeaux\/\">Des casseurs d\u2019extr\u00eame-droite derri\u00e8re la tentative d\u2019incendie de la mairie de Bordeaux ?<\/a>&nbsp;(Rue89 Bordeaux)<a href=\"https:\/\/www.huffingtonpost.fr\/france\/article\/la-manifestation-du-23-mars-est-celle-ou-la-jeunesse-s-est-le-plus-mobilisee_215659.html\"><\/a><\/p>\n\n\n\n<p><a href=\"https:\/\/www.huffingtonpost.fr\/france\/article\/la-manifestation-du-23-mars-est-celle-ou-la-jeunesse-s-est-le-plus-mobilisee_215659.html\">Le jour o\u00f9 les jeunes ont rejoint en masse la mobilisation contre la r\u00e9forme des retraites<\/a>&nbsp;(HuffPost)<\/p>\n\n\n\n<p><a href=\"https:\/\/www.huffingtonpost.fr\/france\/article\/rouen-apres-le-pouce-arrache-d-une-manifestante-une-enquete-ouverte_215668.html\">Apr\u00e8s le pouce arrach\u00e9 d\u2019une manifestante \u00e0 Rouen, une enqu\u00eate ouverte<\/a>&nbsp;(HuffPost)<\/p>\n\n\n\n<p><a href=\"https:\/\/www.lemonde.fr\/politique\/article\/2023\/03\/24\/cette-reforme-si-mal-ficelee-incarne-les-limites-d-un-macronisme-incapable-de-se-reformer-lui-meme_6166771_823448.html\">\u00abCette r\u00e9forme si mal ficel\u00e9e incarne les limites d\u2019un macronisme incapable de se r\u00e9former lui-m\u00eame\u00bb<\/a>&nbsp;(Le Monde)<\/p>\n\n\n\n<p><a href=\"https:\/\/www.force-ouvriere.fr\/la-mobilisation-sociale-s-accentue-c-est-l-heure-du-retrait\">La mobilisation sociale s\u2019accentue, c\u2019est l\u2019heure du retrait<\/a>&nbsp; (Force Ouvri\u00e8re)<\/p>\n\n\n\n<p><a href=\"https:\/\/www.ldh-france.org\/deni-de-democratie-dun-pouvoir-faisant-le-choix-dune-escalade-repressive-pour-briser-un-mouvement-social-legitime\/\">D\u00e9ni de d\u00e9mocratie d\u2019un pouvoir qui choisit l\u2019escalade r\u00e9pressive<\/a>&nbsp;(LDH)<\/p>\n\n\n\n<p><strong><a href=\"https:\/\/www.revolutionpermanente.fr\/Requisitions-des-raffineurs-de-Normandie-la-police-commence-a-aller-chercher-les-grevistes\">R\u00e9quisitions des raffineurs de Normandie&nbsp;: la police commence \u00e0 aller chercher les gr\u00e9vistes<\/a>&nbsp;<\/strong>(RP)<\/p>\n\n\n\n<p><a href=\"https:\/\/www.revolutionpermanente.fr\/23-mars-une-reponse-puissante-au-49-3-et-a-la-strategie-perdante-de-l-intersyndicale\">23 mars&nbsp;: une r\u00e9ponse puissante au 49-3 et \u00e0 la strat\u00e9gie perdante de l\u2019intersyndicale<\/a>&nbsp;(RP)<\/p>\n\n\n\n<p><strong><a href=\"https:\/\/www.liberation.fr\/idees-et-debats\/editorial\/manifestations-une-reussite-signee-macron-20230323_WKFEAFAO5NE3JGFBWFBIUBXY34\/\">Manifestations&nbsp;: une r\u00e9ussite sign\u00e9e Macron&nbsp;<\/a><\/strong>(Lib\u00e9ration)<\/p>\n\n\n\n<p><a href=\"https:\/\/www.revue-ballast.fr\/carnet-de-greve-iii-comment-ils-ont-ose\/\">Carnet de gr\u00e8ve [III] : \u00ab Comment ils ont os\u00e9 ? \u00bb<\/a>&nbsp;(Ballast)<\/p>\n\n\n\n<p><a href=\"https:\/\/www.france24.com\/fr\/france\/20230323-%F0%9F%94%B4-en-direct-9e-journ%C3%A9e-de-gr%C3%A8ves-et-de-manifestations-en-france-contre-la-r%C3%A9forme-des-retraites\">Retraites : regain de mobilisation et de tensions, nouvelle journ\u00e9e d\u2019actions mardi&nbsp;<\/a>(France 24)<\/p>\n\n\n\n<p><a href=\"https:\/\/lepoing.net\/greve-du-23-mars-a-montpellier-une-manifestation-de-tous-les-records\/\">Gr\u00e8ve du 23 mars \u00e0 Montpellier : une manifestation de tous les records<\/a>&nbsp;(Le poing)<\/p>\n\n\n\n<p><a href=\"https:\/\/www.marianne.net\/politique\/des-jeunes-de-la-colere-et-le-souvenir-du-cpe-quand-la-bretagne-senflamme-contre-la-reforme-des-retraites\">Des jeunes, de la col\u00e8re : quand&nbsp;la Bretagne s\u2019enflamme contre la r\u00e9forme des retraites<\/a>&nbsp;(Marianne)<\/p>\n\n\n\n<p><strong><a href=\"https:\/\/www.revolutionpermanente.fr\/79-des-ouvriers-et-62-des-Francais-pensent-que-le-mouvement-doit-se-durcir-generalisons-la-greve\">79% des ouvriers et 62% des Fran\u00e7ais pensent que le mouvement doit se durcir&nbsp;: g\u00e9n\u00e9ralisons la gr\u00e8ve&nbsp;!<\/a>&nbsp;<\/strong>(RP)<\/p>\n\n\n\n<p><a href=\"https:\/\/linsoumission.fr\/2023\/03\/22\/crs-macron-avertissement\/\">\u00abJ\u2019ai peur qu\u2019un de mes gars tue un manifestant\u00bb : un commandant CRS avertit Macron&nbsp;<\/a>(L\u2019insoumission)<\/p>\n\n\n\n<p><strong><a href=\"https:\/\/rapportsdeforce.fr\/classes-en-lutte\/nantes-victoire-des-postiers-grevistes-contre-la-repression-032417432\">Nantes : victoire des postiers gr\u00e9vistes contre la r\u00e9pression<\/a>&nbsp;<\/strong>(Rapports de force)<\/p>\n\n\n\n<p><a href=\"https:\/\/www.streetpress.com\/sujet\/1679573437-chants-musique-manifestation-syndicats-animation-politique-reforme-retraites-macron\">Les chanteurs de manifs<\/a>&nbsp;(Street Press)<\/p>\n\n\n\n<p><a href=\"https:\/\/www.francebleu.fr\/infos\/economie-social\/greve-surprise-a-la-sncf-plus-de-trains-entre-metz-et-luxembourg-3453246\">Gr\u00e8ve surprise \u00e0 la SNCF&nbsp;: plus de trains entre Metz et Luxembourg<\/a>&nbsp;(ici)<\/p>\n\n\n\n<p><strong><a href=\"https:\/\/www.francetvinfo.fr\/economie\/greve\/greve-contre-la-reforme-des-retraites-des-penuries-de-kerosene-redoutees-dans-les-aeroports_5728481.html\">Gr\u00e8ve contre la r\u00e9forme : des p\u00e9nuries de k\u00e9ros\u00e8ne redout\u00e9es dans les a\u00e9roports<\/a>&nbsp;<\/strong>(france Info)<\/p>\n\n\n\n<p><a href=\"https:\/\/www.liberation.fr\/economie\/social\/au-havre-une-vague-compacte-de-manifestants-accompagne-les-portuaires-en-greve-20230323_DJSI5YPICZBXNKPNHYHYBXMADE\/\">Au&nbsp;Havre, une vague compacte de manifestants accompagne les portuaires en gr\u00e8ve<\/a>&nbsp;(Lib\u00e9ration)<\/p>\n\n\n\n<p><a href=\"https:\/\/www.lyoncapitale.fr\/actualite\/les-syndicats-de-police-municipale-a-lyon-appellent-a-la-greve\">Les syndicats de police municipale \u00e0 Lyon appellent \u00e0 la gr\u00e8ve&nbsp;<\/a>(Lyon Capitale)<\/p>\n\n\n\n<p><mark><strong>23 mars<\/strong><\/mark><\/p>\n\n\n\n<p><a href=\"https:\/\/www.mediapart.fr\/journal\/france\/230323\/retraites-notre-recit-en-direct-de-la-journee-de-mobilisation-du-23-mars\"><strong>\u00ab&nbsp;Y a mon grand-p\u00e8re par terre&nbsp;!&nbsp;\u00bb \u00c0 Paris, la police charge violemment<\/strong><\/a>&nbsp;(Le Direct de M\u00e9diapart, acc\u00e8s libre)<\/p>\n\n\n\n<p><a href=\"https:\/\/www.francetvinfo.fr\/economie\/retraite\/reforme-des-retraites\/greve-contre-la-reforme-des-retraites-net-rebond-de-la-mobilisation-en-province-800-000-manifestants-a-paris-selon-la-cgt_5728319.html\">Net rebond de la mobilisation en province, 800 000 manifestants \u00e0 Paris selon la CGT<\/a>&nbsp;(France Info)<\/p>\n\n\n\n<p><a href=\"https:\/\/www.liberation.fr\/economie\/social\/en-direct-greve-du-23-mars-suivez-la-neuvieme-journee-de-mobilisation-contre-la-reforme-des-retraites-20230323_WQCWSFRRRRAARDNMUBDB4KAIBY\/\">En Direct&nbsp;: l\u2019interview de Macron a \u00e9t\u00e9 un \u00abun carburant de la col\u00e8re\u00bb<\/a>&nbsp;(Lib\u00e9 en clair)<\/p>\n\n\n\n<p><a href=\"https:\/\/www.francetvinfo.fr\/replay-radio\/le-choix-franceinfo\/reforme-des-retraites-ces-manifestations-nocturnes-a-l-arrache-qui-s-ajoutent-a-la-mobilisation-syndicale_5700782.html\">Retraites : ces manifestations nocturnes \u00ab&nbsp;\u00e0 l\u2019arrache&nbsp;\u00bb qui s\u2019ajoutent \u00e0 la mobilisation syndicale<\/a>&nbsp;(France Info)<\/p>\n\n\n\n<p><a href=\"https:\/\/www.ldh-france.org\/deni-de-democratie-dun-pouvoir-faisant-le-choix-dune-escalade-repressive-pour-briser-un-mouvement-social-legitime\/\">D\u00e9ni de d\u00e9mocratie d\u2019un pouvoir faisant le choix d\u2019une escalade r\u00e9pressive pour briser un mouvement social l\u00e9gitime<\/a>&nbsp;(LDH)<\/p>\n\n\n\n<p><a href=\"https:\/\/www.francetvinfo.fr\/economie\/retraite\/reforme-des-retraites\/reportage-reforme-des-retraites-boulangers-artistes-expatries-ils-lancent-des-caisses-de-greve-pour-rendre-visible-la-colere_5725976.html\"><strong>Boulangers, artistes, expatri\u00e9s\u2026 Ils lancent des caisses de gr\u00e8ve pour \u2018rendre visible la col\u00e8re\u2019<\/strong><\/a>&nbsp;(Radio France)<\/p>\n\n\n\n<p><a href=\"https:\/\/reporterre.net\/Retraites-quand-les-paysans-nourrissent-les-grevistes\">Retraites&nbsp;: quand les paysans nourrissent les gr\u00e9vistes<\/a>&nbsp;(Reporterre)<\/p>\n\n\n\n<p><a href=\"https:\/\/www.mediapart.fr\/journal\/france\/220323\/nasses-matraques-lacrymos-petit-rappel-du-droit-aux-policiers-qui-bafouent-la-loi\"><strong>Nasses, matraques, lacrymos&nbsp;:&nbsp;petit rappel du droit aux policiers qui bafouent la loi<\/strong><\/a>&nbsp;&nbsp;(M\u00e9diapart)<\/p>\n\n\n\n<p><a href=\"https:\/\/www.francetvinfo.fr\/economie\/retraite\/reforme-des-retraites\/manifestations-contre-la-reforme-des-retraites-dans-quel-cadre-un-policier-peut-il-faire-usage-de-la-force-physique_5725931.html\"><strong>Manifestations&nbsp;: dans quel cadre un policier peut-il faire usage de la force physique&nbsp;?<\/strong><\/a>&nbsp;&nbsp;(France T\u00e9l\u00e9vision)<\/p>\n\n\n\n<p><a href=\"https:\/\/www.mediapart.fr\/journal\/france\/220323\/retraite-secrete-des-senateurs-gerard-larcher-ne-lache-toujours-rien\">Retraite secr\u00e8te des s\u00e9nateurs : G\u00e9rard Larcher ne l\u00e2che toujours rien<\/a>&nbsp;(M\u00e9diapart)<\/p>\n\n\n\n<p><a href=\"https:\/\/www.mediapart.fr\/journal\/france\/230323\/lille-des-etudiants-en-furie-face-la-repression-administrative-et-policiere\">\u00c0 Lille, des \u00e9tudiants en furie face \u00e0 la \u00abr\u00e9pression administrative et polici\u00e8re\u00bb<\/a>&nbsp;(M\u00e9diapart)<\/p>\n\n\n\n<p><a href=\"https:\/\/www.liberation.fr\/checknews\/la-moto-me-roule-sur-la-jambe-valentin-19-ans-raconte-son-agression-par-des-policiers-en-marge-des-manifestations-a-paris-20230323_BIFNZ5PHOJDFHPM3YQMO47CNL4\/\">\u00abLa moto me roule sur la jambe\u00bb&nbsp;: Valentin, 19&nbsp;ans, raconte son agression par des policiers&nbsp;<\/a>&nbsp;(Lib\u00e9ration)<\/p>\n\n\n\n<p><a href=\"https:\/\/rapportsdeforce.fr\/classes-en-lutte\/greves-blocages-la-mobilisation-rebondit-ce-23-mars-032317420\">Gr\u00e8ves, blocages : la mobilisation rebondit ce 23 mars<\/a>&nbsp; (Rapports de Force)<\/p>\n\n\n\n<p><a href=\"https:\/\/www.revue-ballast.fr\/carnet-de-greve-iii-comment-ils-ont-ose\/\">Carnet de gr\u00e8ve [III] : \u00ab Comment ils ont os\u00e9 ? \u00bb<\/a>&nbsp; (Ballast)<\/p>\n\n\n\n<p><a href=\"https:\/\/www.youtube.com\/watch?v=vfV8YUIPyiM&amp;ab_channel=LeHuffPost\">Ces manifestants estiment que Macron \u2018se fout de notre gueule\u2019 en maintenant la r\u00e9forme<\/a>&nbsp;(Huff Post)<\/p>\n\n\n\n<p><strong><a href=\"https:\/\/www.youtube.com\/watch?v=88Kyjw6lbQM&amp;ab_channel=BLAST%2CLesouffledel%27info\">E. Macron : requiem pour la d\u00e9mocratie<\/a>&nbsp;<\/strong>(Blast)<\/p>\n\n\n\n<p><strong><a href=\"https:\/\/alencontre.org\/europe\/france\/france-debat-macron-un-homme-qui-sest-rendu-ivre-de-son-pouvoir.html\">France-d\u00e9bat. Macron, un homme \u00abqui s\u2019est rendu ivre de son pouvoir\u00bb<\/a>&nbsp;<\/strong>(A l\u2019encontre)<\/p>\n\n\n\n<p><a href=\"https:\/\/www.revue-ballast.fr\/notes-de-garde-a-vue-macron-doit-degager\/\">Notes de garde \u00e0 vue : Macron doit d\u00e9gager<\/a>&nbsp;(Ballast)<\/p>\n\n\n\n<p><a href=\"https:\/\/www.france24.com\/fr\/france\/20230323-retraites-en-plein-conflit-social-le-maintien-de-l-ordre-%C3%A0-la-fran%C3%A7aise-point%C3%A9-du-doigt\">En plein conflit social, le maintien de l\u2019ordre \u00e0 la fran\u00e7aise point\u00e9 du doigt<\/a>&nbsp;(France 24)<\/p>\n\n\n\n<p><a href=\"https:\/\/www.france24.com\/fr\/france\/20230322-%F0%9F%94%B4-en-direct-emmanuel-macron-s-adresse-aux-fran%C3%A7ais-dans-un-climat-social-tendu\">R\u00e9forme des retraites : apr\u00e8s l\u2019interview d\u2019Emmanuel Macron, la col\u00e8re ne faiblit pas<\/a>&nbsp;(France 24)<\/p>\n\n\n\n<p><a href=\"https:\/\/lepoing.net\/retraites-menaces-et-interpellations-pendant-une-manif-contre-la-reforme-et-le-49-3-a-montpellier\/\">Retraites : menaces et interpellations pendant une manif contre la r\u00e9forme et le 49.3 \u00e0 Montpellier<\/a>&nbsp;(le Poing)<\/p>\n\n\n\n<p><strong><a href=\"https:\/\/paris-luttes.info\/suivi-de-la-journee-du-23-mars-16830\">Suivi de la journ\u00e9e du 23&nbsp;mars.<\/a>&nbsp;<\/strong>(Paris-Luttes info)<\/p>\n\n\n\n<p><a href=\"https:\/\/www.politis.fr\/articles\/2023\/03\/macron-le-risque-de-lembrasement\/\">Macron, le risque de l\u2019embrasement<\/a>&nbsp;(Politis)<\/p>\n\n\n\n<p><a href=\"https:\/\/www.revolutionpermanente.fr\/Urgent-Requisitions-ordonnees-a-la-raffinerie-de-Normandie-c-est-la-guerre\">Urgent&nbsp;! R\u00e9quisitions ordonn\u00e9es \u00e0 la raffinerie de Normandie&nbsp;: \u00ab&nbsp;c\u2019est la guerre&nbsp;\u00bb<\/a>&nbsp;(RP)<\/p>\n\n\n\n<p><a href=\"https:\/\/www.revolutionpermanente.fr\/SNCF-Ce-23-mars-il-faut-reconduire-le-mouvement-et-s-organiser-a-la-base-pour-elargir-la-greve\">SNCF. Ce 23 mars, il faut reconduire le mouvement et s\u2019organiser \u00e0 la base pour \u00e9largir la gr\u00e8ve&nbsp;!<\/a>&nbsp;(RP)<\/p>\n\n\n\n<p><a href=\"https:\/\/www.revolutionpermanente.fr\/Repression-Des-policiers-a-moto-roulent-sur-un-manifestant-qu-ils-poursuivaient-a-Paris\">R\u00e9pression. Des policiers \u00e0 moto roulent sur un manifestant qu\u2019ils poursuivaient \u00e0 Paris&nbsp;<\/a>(RP)<\/p>\n\n\n\n<p><a href=\"https:\/\/www.force-ouvriere.fr\/des-reformes-juste-au-service-de-l-austerite-sur-la-depense\">Des r\u00e9formes, juste au service de l\u2019aust\u00e9rit\u00e9 sur la d\u00e9pense publique&nbsp;!<\/a>&nbsp;(FO)<\/p>\n\n\n\n<p><a href=\"https:\/\/basta.media\/Mobilisation-reprimee-dans-les-lycees-et-facs-Une-volonte-de-museler-la-jeunesse-par-la-violence\">Mobilisation r\u00e9prim\u00e9e dans les facs et lyc\u00e9es&nbsp;: \u00ab&nbsp;Une volont\u00e9 de museler la jeunesse par la violence&nbsp;\u00bb<\/a>&nbsp;(Basta!)<\/p>\n\n\n\n<p><strong><a href=\"https:\/\/www.blast-info.fr\/articles\/2023\/retraites-lassociation-de-defense-des-libertes-constitutionnelles-saisit-la-justice-pour-mettre-fin-aux-arrestations-preventives-pEV5S78-S8WYF7b2x_MhCw\">L\u2019Ass. de D\u00e9fense des Libert\u00e9s Constitutionnelles saisit la justice pour mettre fin aux arrestations pr\u00e9ventives<\/a>&nbsp;(<\/strong>Blast)<\/p>\n\n\n\n<p><a href=\"https:\/\/lanticapitaliste.org\/actualite\/politique\/degageons-borne-macron-et-leur-reforme-la-vraie-democratie-est-dans-la-rue\">D\u00e9gageons Borne, Macron et leur r\u00e9forme : la vraie d\u00e9mocratie est dans la rue\u2009<\/a>! (l\u2019Anticapitaliste)<\/p>\n\n\n\n<p><strong><a href=\"https:\/\/lvsl.fr\/nous-aurons-prochainement-loccasion-de-feter-une-victoire-historique-entretien-avec-olivier-mateu\/\">\u00ab&nbsp;Nous aurons prochainement l\u2019occasion de f\u00eater une victoire historique&nbsp;\u00bb -avec O. Mateu&nbsp;<\/a><\/strong>(LVSL)<\/p>\n\n\n\n<p><strong><a href=\"https:\/\/rapportsdeforce.fr\/pouvoir-et-contre-pouvoir\/etudiants-et-lyceens-mobilises-une-volonte-de-museler-cette-jeunesse-par-la-violence-032317402\">\u00c9tudiants et lyc\u00e9ens mobilis\u00e9s : \u00ab une volont\u00e9 de museler cette jeunesse par la violence \u00bb<\/a>&nbsp;<\/strong>(Rapports de force)<\/p>\n\n\n\n<p><a href=\"https:\/\/theconversation.com\/reforme-des-retraites-comment-se-construit-une-crise-politique-202284\">R\u00e9forme des retraites&nbsp;: comment se construit une&nbsp;crise politique&nbsp;?<\/a>&nbsp;(The Conversation)<\/p>\n\n\n\n<p><strong><a href=\"https:\/\/france3-regions.francetvinfo.fr\/bretagne\/ille-et-vilaine\/direct-reforme-des-retraites-les-blocages-ont-commence-sur-les-routes-et-dans-les-trains-des-ce-matin-du-23-mars-2738190.html\">DIRECT. R\u00e9forme des retraites et gr\u00e8ve du 23 mars.&nbsp;<\/a><\/strong>(France Info)<\/p>\n\n\n\n<p><mark><strong>22 mars<\/strong><\/mark><\/p>\n\n\n\n<p><strong><a href=\"https:\/\/www.francetvinfo.fr\/economie\/retraite\/reforme-des-retraites\/direct-reforme-des-retraites-emmanuel-macron-s-exprime-a-13-heures-apres-une-sixieme-soiree-de-manifestations_5725430.html#xtor=CS3-794\">En direct&nbsp;: de nouvelles actions de blocage<\/a><\/strong>&nbsp;(Le Live de France Info)<\/p>\n\n\n\n<p><a href=\"https:\/\/www.francetvinfo.fr\/economie\/retraite\/reforme-des-retraites\/vrai-ou-fake-reforme-des-retraites-participer-a-une-manifestation-non-declaree-est-il-un-delit-comme-l-affirme-gerald-darmanin_5725697.html\">Participer \u00e0 une manifestation non d\u00e9clar\u00e9e est-il \u00ab&nbsp;un d\u00e9lit&nbsp;\u00bb, comme l\u2019affirme G\u00e9rald Darmanin ?<\/a>&nbsp;(Vrai ou fake, France Info)<\/p>\n\n\n\n<p><a href=\"https:\/\/www.lemonde.fr\/politique\/live\/2023\/03\/22\/retraites-en-direct-apres-l-interview-d-emmanuel-macron-la-cgt-et-la-cfdt-denoncent-le-mepris-et-le-deni-du-chef-de-l-etat_6166477_823448.html\"><strong>Live du Monde&nbsp;: la CGT et la CFDT d\u00e9noncent le \u2018m\u00e9pris\u2019 et le \u2018d\u00e9ni\u2019 du chef de l\u2019Etat<\/strong>&nbsp;<\/a>&nbsp;(Le Monde)<\/p>\n\n\n\n<figure class=\"wp-block-image\"><img loading=\"lazy\" decoding=\"async\" width=\"436\" height=\"358\" src=\"https:\/\/i0.wp.com\/www.rdpemancipation.org\/wp-content\/uploads\/2023\/03\/image-93.png?resize=407%2C334&amp;ssl=1\" alt=\"\" class=\"wp-image-111686\" srcset=\"https:\/\/i0.wp.com\/www.rdpemancipation.org\/wp-content\/uploads\/2023\/03\/image-93.png?w=436&amp;ssl=1 436w, https:\/\/i0.wp.com\/www.rdpemancipation.org\/wp-content\/uploads\/2023\/03\/image-93.png?resize=300%2C246&amp;ssl=1 300w\" sizes=\"auto, (max-width: 436px) 100vw, 436px\" \/><\/figure>\n\n\n\n<p><a href=\"https:\/\/www.lemonde.fr\/politique\/article\/2023\/03\/22\/emmanuel-macron-vivement-critique-par-les-oppositions-apres-son-entretien-televise-sur-la-reforme-des-retraites_6166558_823448.html\">\u2018Hors sol\u2019, \u2018lunaire\u2019 : l\u2019entretien d\u2019Emmanuel Macron critiqu\u00e9 par les oppositions<\/a>&nbsp;(Le Monde)<\/p>\n\n\n\n<p><strong><a href=\"https:\/\/rapportsdeforce.fr\/pas-de-cote\/blocages-actions-apres-le-49-3-les-etudiants-affirment-leur-role-dans-le-mouvement-social-032117377\">Blocages, actions : apr\u00e8s le 49.3, les \u00e9tudiants ravivent le mouvement social<\/a><\/strong>&nbsp;(Rapports de Force)<\/p>\n\n\n\n<p><a href=\"https:\/\/www.mediapart.fr\/journal\/france\/220323\/tous-les-soirs-paris-les-manif-sauvages-c-est-une-forme-geniale-du-mouvement\">\u00ab&nbsp;Les manif\u2019 sauvages, c\u2019est une forme g\u00e9niale du mouvement&nbsp;\u00bb<\/a>&nbsp;(M\u00e9diapart)<\/p>\n\n\n\n<p><strong><a href=\"https:\/\/www.alternatives-economiques.fr\/trois-fautes-demmanuel-macron\/00106323\">Les trois fautes d\u2019Emmanuel Macron<\/a>&nbsp;<\/strong>&nbsp;-Sandrine Foulon, Christian Chavagneux, Herv\u00e9 Nathan (Alter \u00e9co)<\/p>\n\n\n\n<p><a href=\"https:\/\/lanticapitaliste.org\/actualite\/politique\/degageons-borne-macron-et-leur-reforme-la-vraie-democratie-est-dans-la-rue\">D\u00e9gageons Borne, Macron et leur r\u00e9forme : la vraie d\u00e9mocratie est dans la rue\u2009!<\/a>&nbsp;(L\u2019Anticapitaliste)<\/p>\n\n\n\n<figure class=\"wp-block-image\"><img loading=\"lazy\" decoding=\"async\" width=\"459\" height=\"276\" src=\"https:\/\/i0.wp.com\/www.rdpemancipation.org\/wp-content\/uploads\/2023\/03\/image-94.png?resize=553%2C333&amp;ssl=1\" alt=\"\" class=\"wp-image-111688\" srcset=\"https:\/\/i0.wp.com\/www.rdpemancipation.org\/wp-content\/uploads\/2023\/03\/image-94.png?w=459&amp;ssl=1 459w, https:\/\/i0.wp.com\/www.rdpemancipation.org\/wp-content\/uploads\/2023\/03\/image-94.png?resize=300%2C180&amp;ssl=1 300w\" sizes=\"auto, (max-width: 459px) 100vw, 459px\" \/><\/figure>\n\n\n\n<p><a href=\"https:\/\/www.mediacites.fr\/enquete\/nantes\/2023\/03\/21\/victimes-de-violences-sexuelles-lors-dune-fouille-de-la-police-des-etudiantes-nantaises-temoignent\/\">Violences sexuelles de la police : des \u00e9tudiantes t\u00e9moignent<\/a>&nbsp; (Mediacit\u00e9s)<\/p>\n\n\n\n<p><a href=\"https:\/\/marsactu.fr\/reforme-des-retraites-les-eboueurs-marseillais-entrent-en-scene\/\">Retraites : les \u00e9boueurs marseillais entrent en sc\u00e8ne<\/a>&nbsp;(Marsactu)<\/p>\n\n\n\n<p><a href=\"https:\/\/www.force-ouvriere.fr\/retraites-determines-pour-le-retrait\">Retraites&nbsp;: d\u00e9termin\u00e9s pour le retrait<\/a>&nbsp;(Force Ouvri\u00e8re)<\/p>\n\n\n\n<p><strong><a href=\"https:\/\/blogs.mediapart.fr\/mouais-le-journal-dubitatif\/blog\/220323\/cinq-jours-qui-ebranlerent-la-macronie\">Cinq jours qui \u00e9branl\u00e8rent la Macronie<\/a><\/strong>&nbsp;(Mouais, le journal dubitatif)<\/p>\n\n\n\n<p><a href=\"https:\/\/www.alternatives-economiques.fr\/referendum-dinitiative-partagee-rip-faire-tomber-reforme-d\/00106321\">Le r\u00e9f\u00e9rendum d\u2019initiative partag\u00e9e (RIP) peut-il faire tomber la r\u00e9forme des retraites ?&nbsp;<\/a>&nbsp;&nbsp;(Alter \u00e9co)<\/p>\n\n\n\n<p><a href=\"https:\/\/www.liberation.fr\/economie\/social\/reforme-des-retraites-les-trois-incinerateurs-parisiens-reconduisent-la-greve-jusqua-dimanche-20230321_TQD37KH4KFH2TMBOT3JRLXM65M\/\">Retraites&nbsp;: les trois incin\u00e9rateurs parisiens reconduisent la gr\u00e8ve jusqu\u2019\u00e0 dimanche<\/a>&nbsp;(Lib\u00e9ration)<\/p>\n\n\n\n<p><strong><a href=\"https:\/\/www.liberation.fr\/economie\/social\/en-direct-reforme-des-retraites-reunions-manifestations-requisitions-suivez-lactualite-politique-et-sociale-au-lendemain-du-rejet-des-motions-de-censure-20230321_AYVFYXUAWRCQVKZ5WMLUFFZAJU\/\">Retraites&nbsp;: pour Macron, \u00abl\u2019\u00e9meute ne l\u2019emporte pas sur les repr\u00e9sentants du peuple\u00bb<\/a>&nbsp;<\/strong>(Lib\u00e9ration)<\/p>\n\n\n\n<p><strong><a href=\"https:\/\/alencontre.org\/europe\/france\/greves-et-manifestations-en-france-3.html\">Gr\u00e8ves et manifestations en France (3)<\/a>&nbsp;<\/strong>(A l\u2019encontre)<\/p>\n\n\n\n<p><a href=\"https:\/\/www.france24.com\/fr\/france\/20230321-enseignants-contre-la-r%C3%A9forme-des-retraites-apr%C3%A8s-la-sid%C3%A9ration-du-49-3-la-col%C3%A8re-monte\">Enseignants contre la r\u00e9forme des retraites&nbsp;: \u00ab&nbsp;Apr\u00e8s la sid\u00e9ration du 49.3, la col\u00e8re monte&nbsp;\u00bb<\/a>&nbsp;(France 24)<\/p>\n\n\n\n<p><a href=\"https:\/\/lundi.am\/MediaManif-org-une-cartographie-collaborative-des-manifestations-et-blocages\">Mediamanif.org : une cartographie collaborative des manifestations et blocages<\/a>&nbsp;(Lundi matin)<\/p>\n\n\n\n<p><strong><a href=\"https:\/\/www.politis.fr\/articles\/2023\/03\/ils-passent-en-force-on-utilise-la-force-retraites-reforme-opposition-violences\/\">\u00ab&nbsp;Ils passent en force,&nbsp;on utilise la force&nbsp;\u00bb<\/a>&nbsp;&nbsp;<\/strong>(Politis)<\/p>\n\n\n\n<p><a href=\"https:\/\/www.revolutionpermanente.fr\/Posez-la-caisse-les-cheminots-de-Chatillon-reconduisent-apres-une-greve-sauvage-suite-au-49-3\">\u00ab&nbsp;Posez la caisse&nbsp;!&nbsp;\u00bb&nbsp;: les cheminots de Ch\u00e2tillon reconduisent apr\u00e8s une gr\u00e8ve sauvage suite au 49-3&nbsp;<\/a>(RP)<\/p>\n\n\n\n<p><a href=\"https:\/\/www.force-ouvriere.fr\/retraites-determines-pour-le-retrait\">Retraites&nbsp;: d\u00e9termin\u00e9s pour le retrait<\/a>&nbsp;(FO)<\/p>\n\n\n\n<p><a href=\"https:\/\/basta.media\/Reforme-retraite-49-3-Nous-assistons-a-l-acte-de-deces-de-la-democratie-sociale-intersyndicale\">\u00ab&nbsp;Nous assistons \u00e0 l\u2019acte de d\u00e9c\u00e8s de la d\u00e9mocratie sociale&nbsp;\u00bb<\/a>&nbsp;(Basta)<\/p>\n\n\n\n<p><a href=\"https:\/\/rapportsdeforce.fr\/pas-de-cote\/blocages-actions-apres-le-49-3-les-etudiants-affirment-leur-role-dans-le-mouvement-social-032117377\">Blocages, actions : apr\u00e8s le 49.3, les \u00e9tudiants ravivent le mouvement social<\/a>&nbsp;(Rapports de force)<\/p>\n\n\n\n<p><a href=\"https:\/\/linsoumission.fr\/2023\/03\/21\/macron-versailles-varennes\/\">D\u00eener de Macron \u00e0 Versailles avec le roi Charles III : bient\u00f4t la fuite \u00e0 Varennes ?&nbsp;<\/a>(L\u2019insoumission)<\/p>\n\n\n\n<p><a href=\"https:\/\/www.leparisien.fr\/seine-saint-denis-93\/greve-des-eboueurs-des-operations-de-blocage-ciblent-la-dechetterie-du-syctom-a-romainville-21-03-2023-C7JYUOMVDBFQNINQ7RZURZY6EY.php\">Gr\u00e8ve des \u00e9boueurs&nbsp;: des op\u00e9rations de blocage ciblent la d\u00e9chetterie du Syctom \u00e0 Romainville<\/a>&nbsp;(Le Parisien)<\/p>\n\n\n\n<p><a href=\"https:\/\/france3-regions.francetvinfo.fr\/provence-alpes-cote-d-azur\/bouches-du-rhone\/marseille\/reforme-des-retraites-pourquoi-les-eboueurs-marseillais-se-mettent-en-greve-2737086.html\">R\u00e9forme des retraites : pourquoi les \u00e9boueurs marseillais se mettent en gr\u00e8ve<\/a>&nbsp;(franceinfo)<\/p>\n\n\n\n<p><a href=\"https:\/\/www.pnc-contact.com\/2023\/03\/21\/ryanair-et-greve-en-france\">Les gr\u00e8ves fran\u00e7aises exasp\u00e8rent Ryanair et l\u2019ensemble de compagnies a\u00e9riennes d\u2019Europe<\/a>&nbsp;(PNC contact)<\/p>\n\n\n\n<p><mark><strong>21 mars<\/strong><\/mark><\/p>\n\n\n\n<p><a href=\"https:\/\/www.mediamanif.org\/\"><strong>Cartographie des manifestations et gr\u00e8ves en temps-r\u00e9el<\/strong><\/a>&nbsp;(Media manif)<\/p>\n\n\n\n<p><strong><a href=\"https:\/\/www.liberation.fr\/economie\/social\/en-direct-reforme-des-retraites-reunions-manifestations-requisitions-suivez-lactualite-politique-et-sociale-au-lendemain-du-rejet-des-motions-de-censure-20230321_AYVFYXUAWRCQVKZ5WMLUFFZAJU\/\">Live retraites&nbsp;: le trafic des m\u00e9tros et RER tr\u00e8s perturb\u00e9 jeudi, pr\u00e9vient la RATP<\/a><\/strong>&nbsp;(Lib\u00e9ration, live en clair)<\/p>\n\n\n\n<p><a href=\"https:\/\/www.lemonde.fr\/politique\/live\/2023\/03\/21\/reforme-des-retraites-en-direct-le-prefet-de-police-de-paris-justifie-le-recours-aux-nasses-lors-des-manifestations_6166338_823448.html\">Live du Monde&nbsp;: suivez les suites de la r\u00e9forme des retraites en direct<\/a>&nbsp;(Le Monde)<\/p>\n\n\n\n<figure class=\"wp-block-image\"><img loading=\"lazy\" decoding=\"async\" width=\"768\" height=\"470\" src=\"https:\/\/i0.wp.com\/www.rdpemancipation.org\/wp-content\/uploads\/2023\/03\/image-90.png?resize=422%2C258&amp;ssl=1\" alt=\"\" class=\"wp-image-111647\" srcset=\"https:\/\/i0.wp.com\/www.rdpemancipation.org\/wp-content\/uploads\/2023\/03\/image-90.png?w=768&amp;ssl=1 768w, https:\/\/i0.wp.com\/www.rdpemancipation.org\/wp-content\/uploads\/2023\/03\/image-90.png?resize=300%2C184&amp;ssl=1 300w\" sizes=\"auto, (max-width: 768px) 100vw, 768px\" \/><\/figure>\n\n\n\n<p><a href=\"https:\/\/www.ldh-france.org\/la-ldh-sonne-lalarme\/\">La LDH sonne l\u2019alarme !<\/a>&nbsp; (Ligue des droits de l\u2019Homme)<\/p>\n\n\n\n<p><a href=\"https:\/\/info.alternatives-economiques.fr\/optiext\/optiextension.dll?ID=mUVmRANJ1dN9eibatVuexuXzoYkrx53U1P8IRngv_m_oUymCfNLPm30ykuXu9B011fc8_Zdny0glLtmK8tz5HX1Jteg0Q\">Retraites : marre des mensonges pr\u00e9sidentiels !<\/a>&nbsp;(Alter \u00e9co)<\/p>\n\n\n\n<p><a href=\"http:\/\/www.regards.fr\/actu\/article\/la-peur-du-pouvoir-le-pouvoir-de-la-peur\">Retraites : la peur du pouvoir, le pouvoir de la peur<\/a>&nbsp; (Regards)<\/p>\n\n\n\n<p><a href=\"https:\/\/www.francetvinfo.fr\/economie\/retraite\/reforme-des-retraites\/reportage-reforme-des-retraites-sur-un-campus-parisien-bloque-les-etudiants-entendent-bien-aider-les-grevistes-et-les-travailleurs_5723924.html\">Sur un campus parisien bloqu\u00e9, les \u00e9tudiants entendent bien \u00ab&nbsp;aider les gr\u00e9vistes et les travailleurs&nbsp;\u00bb<\/a>&nbsp;(France T\u00e9l\u00e9vision)<\/p>\n\n\n\n<p><a href=\"https:\/\/www.francetvinfo.fr\/economie\/retraite\/reforme-des-retraites\/reforme-des-retraites-pour-quels-motifs-le-conseil-constitutionnel-pourrait-il-censurer-des-dispositions-du-texte_5723600.html\">Pour quels motifs le Conseil constitutionnel pourrait censurer des dispositions du texte ?<\/a>&nbsp;(France Info)<\/p>\n\n\n\n<p><a href=\"https:\/\/www.liberation.fr\/checknews\/une-video-montrant-un-policier-donner-un-violent-coup-de-poing-a-un-manifestant-declenche-louverture-dune-enquete-administrative-20230321_UUQ7ZXZZ3VAIJOS7C4UEAMKCOQ\/\">Enqu\u00eate ouverte apr\u00e8s la publication d\u2019une vid\u00e9o d\u2019un policier frappant un manifestant<\/a><a>&nbsp;<\/a>(Lib\u00e9ration)<\/p>\n\n\n\n<figure class=\"wp-block-image\"><img loading=\"lazy\" decoding=\"async\" width=\"598\" height=\"447\" src=\"https:\/\/i0.wp.com\/www.rdpemancipation.org\/wp-content\/uploads\/2023\/03\/image-87.png?resize=428%2C320&amp;ssl=1\" alt=\"\" class=\"wp-image-111632\" srcset=\"https:\/\/i0.wp.com\/www.rdpemancipation.org\/wp-content\/uploads\/2023\/03\/image-87.png?w=598&amp;ssl=1 598w, https:\/\/i0.wp.com\/www.rdpemancipation.org\/wp-content\/uploads\/2023\/03\/image-87.png?resize=300%2C224&amp;ssl=1 300w\" sizes=\"auto, (max-width: 598px) 100vw, 598px\" \/><figcaption class=\"wp-element-caption\"><sup>Lors d\u2019un rassemblement sur la place de la Concorde, \u00e0 Paris, le 17 mars.<\/sup><\/figcaption><\/figure>\n\n\n\n<p><a href=\"https:\/\/www.alternatives-economiques.fr\/lusage-493-devenu-banal-reste-brutal\/00106310\">\u00ab L\u2019usage du 49.3 est devenu banal mais reste brutal \u00bb&nbsp;<\/a>&nbsp;(Alter \u00e9co)<\/p>\n\n\n\n<p><a href=\"https:\/\/www.cadtm.org\/France-Retraites-et-49-3-ripostons-face-au-passage-en-force-du-gouvernement\">Retraites et 49.3 : ripostons face au passage en force du gouvernement !<\/a>&nbsp; (CADTM)<\/p>\n\n\n\n<p><a href=\"https:\/\/www.force-ouvriere.fr\/force-ouvriere-denonce-les-propos-de-l-ocde-sur-la-reforme-des\">FO d\u00e9nonce les propos de l\u2019OCDE : Non, il (ne) faut (pas) accepter de travailler un peu plus longtemps&nbsp;!<\/a>&nbsp; (Force Ouvri\u00e8re)<\/p>\n\n\n\n<p><a href=\"https:\/\/www.mediapart.fr\/journal\/france\/200323\/nous-ne-bloquons-pas-le-bac-c-est-le-gouvernement-qui-bloque-le-pays\">\u00abNous ne bloquons pas le bac, c\u2019est le gouvernement qui bloque le pays!\u00bb<\/a>&nbsp;(M\u00e9diapart)<\/p>\n\n\n\n<p><a href=\"https:\/\/www.liberation.fr\/economie\/social\/en-direct-reforme-des-retraites-la-mobilisation-continue-ce-lundi-20-mars-le-gouvernement-face-a-deux-motions-de-censure-20230320_CB5BZNGXYNFQBIDQXEONAMQ2CQ\/\">De l\u2019adoption apr\u00e8s le rejet des motions de censures, aux manifs \u00e9ruptives, revivez la journ\u00e9e du 20 mars<\/a>&nbsp;(Lib\u00e9ration)<\/p>\n\n\n\n<p><strong><a href=\"https:\/\/www.youtube.com\/shorts\/wJbPqoVtgeM\">L\u2019homme du Chaos, il est l\u00e0-haut&nbsp;<\/a><\/strong>(F. Ruffin)<\/p>\n\n\n\n<p><a href=\"https:\/\/bellaciao.org\/49-3-ou-non-la-lutte-continue\">49,3 ou non, la lutte continue<\/a>&nbsp;(Bellaciao)<\/p>\n\n\n\n<p><a href=\"https:\/\/www.contretemps.eu\/pour-insurrection-contre-macron-retraites\/\">Pour l\u2019insurrection&nbsp;<\/a>(Contretemps)<\/p>\n\n\n\n<p><strong><a href=\"https:\/\/www.france24.com\/fr\/france\/20230320-retraites-apr%C3%A8s-le-rejet-des-motions-de-censure-nuit-de-col%C3%A8re-en-france\">Retraites : apr\u00e8s le rejet des motions de censure, nuit de col\u00e8re en France<\/a>&nbsp;&nbsp;<\/strong>(France 24)<\/p>\n\n\n\n<p><a href=\"https:\/\/www.frustrationmagazine.fr\/faire-tomber-le-regime\/\">\u00ab&nbsp;Faisons tomber le r\u00e9gime&nbsp;\u00bb<\/a>&nbsp;(Frustration)<\/p>\n\n\n\n<p><strong><a href=\"https:\/\/lundi.am\/Appel-au-peuple\">Appel au peuple<\/a>&nbsp;<\/strong>(Lundi matin)<\/p>\n\n\n\n<p><strong><a href=\"https:\/\/www.politis.fr\/articles\/2023\/03\/frapper-cogner-frapper-encore-voyage-au-coeur-de-la-police-retraites-49-3\/\">Frapper, cogner, frapper&nbsp;encore&nbsp;: au c\u0153ur de la violence polici\u00e8re apr\u00e8s le 49.3<\/a>&nbsp;<\/strong>(Politis)<\/p>\n\n\n\n<p><a href=\"https:\/\/www.revolutionpermanente.fr\/Apres-le-49-3-le-plus-grand-stockage-de-gaz-d-Europe-mis-a-l-arret-par-les-grevistes-a-Chemery\">Apr\u00e8s le 49.3, le plus grand stockage de gaz d\u2019Europe mis \u00e0 l\u2019arr\u00eat par les gr\u00e9vistes \u00e0 Ch\u00e9mery<\/a>&nbsp;(RP)<\/p>\n\n\n\n<p><a href=\"https:\/\/reporterre.net\/Barricades-a-Rennes-Si-on-bloque-pas-on-n-arrivera-a-rien\">Barricades \u00e0 Rennes&nbsp;: \u00ab&nbsp;Si on bloque pas, on n\u2019arrivera \u00e0 rien&nbsp;\u00bb<\/a>&nbsp; (Reporterre)<\/p>\n\n\n\n<p><a href=\"https:\/\/rapportsdeforce.fr\/classes-en-lutte\/motion-de-censure-les-cartes-sont-dans-les-mains-du-mouvement-social-032017370\">Motion de censure : les cartes sont dans les mains du mouvement social<\/a>&nbsp;(Rapports de force)<\/p>\n\n\n\n<p><mark><strong>20 mars<\/strong><\/mark><\/p>\n\n\n\n<p><a><\/a><a href=\"https:\/\/www.revolutionpermanente.fr\/Education-apres-le-49-3-bloquer-le-bac-pour-durcir-le-mouvement\">\u00c9ducation&nbsp;: apr\u00e8s le 49.3, bloquer le bac pour durcir le mouvement<\/a>&nbsp;(RP)<\/p>\n\n\n\n<p><a href=\"https:\/\/www.mediapart.fr\/journal\/politique\/190323\/apres-le-49-3-des-etudiants-cherchent-de-nouvelles-formes-de-lutte\">Des \u00e9tudiants cherchent \u00ab&nbsp;de nouvelles formes de lutte&nbsp;\u00bb&nbsp;<\/a>&nbsp;(M\u00e9diapart)<\/p>\n\n\n\n<p><a href=\"https:\/\/www.revolutionpermanente.fr\/Dans-nos-facs-et-nos-lycees-49-3-ou-pas-jusqu-au-retrait-et-au-dela\"><strong>Dans nos facs et nos lyc\u00e9es&nbsp;: 49.3 ou pas, jusqu\u2019au retrait et au-del\u00e0&nbsp;!&nbsp;<\/strong><\/a><strong>&nbsp;<\/strong>(Le Poing lev\u00e9)<\/p>\n\n\n\n<p><a href=\"https:\/\/blogs.mediapart.fr\/petrus-borel\/blog\/190323\/il-ne-faut-pas-gener-le-bac-reponse-laurent-berger-et-quelques-autres\"><strong>\u2018Il ne faut pas g\u00eaner le bac\u2019&nbsp;: r\u00e9ponse \u00e0 Laurent Berger et quelques autres&nbsp;<\/strong><\/a><strong>&nbsp;<\/strong>(Blog de petrus borel)<\/p>\n\n\n\n<p><a href=\"https:\/\/www.humanite.fr\/societe\/mobilisations-retraites\/interventions-musclees-et-arrestations-en-nombre-la-donne-securitaire-change-787309#xtor=RSS-1\">Interventions muscl\u00e9es et arrestations en nombre : la donne s\u00e9curitaire change<\/a>&nbsp;(L\u2019Humanit\u00e9)<\/p>\n\n\n\n<p><a href=\"https:\/\/www.revolutionpermanente.fr\/Bataille-des-retraites-Du-moment-Berger-au-moment-pre-revolutionnaire\">Bataille des retraites. Du moment Berger au moment pr\u00e9-r\u00e9volutionnaire<\/a>&nbsp;(RP)<\/p>\n\n\n\n<p><a href=\"https:\/\/blogs.mediapart.fr\/les-invites-de-mediapart\/blog\/200323\/militantes-et-militants-ecologistes-en-soutien-aux-salaries-des-dechets-premiers-trava\">Militants \u00e9cologistes en soutien aux salari\u00e9s des d\u00e9chets, premiers travailleurs de l\u2019\u00e9cologie&nbsp;<\/a>&nbsp;(Les invit\u00e9s de Mediapart)<\/p>\n\n\n\n<figure class=\"wp-block-image\"><img loading=\"lazy\" decoding=\"async\" width=\"331\" height=\"278\" src=\"https:\/\/i0.wp.com\/www.rdpemancipation.org\/wp-content\/uploads\/2023\/03\/image-81.png?resize=374%2C314&amp;ssl=1\" alt=\"\" class=\"wp-image-111581\" srcset=\"https:\/\/i0.wp.com\/www.rdpemancipation.org\/wp-content\/uploads\/2023\/03\/image-81.png?w=331&amp;ssl=1 331w, https:\/\/i0.wp.com\/www.rdpemancipation.org\/wp-content\/uploads\/2023\/03\/image-81.png?resize=300%2C252&amp;ssl=1 300w\" sizes=\"auto, (max-width: 331px) 100vw, 331px\" \/><\/figure>\n\n\n\n<p><strong><a href=\"https:\/\/www.youtube.com\/watch?v=ANI5PRPbUPU&amp;ab_channel=BLAST%2CLesouffledel%27info\">Gr\u00e8ve des \u00e9boueurs : la gr\u00e8ve des ordures<\/a>&nbsp;<\/strong>(Blast)<\/p>\n\n\n\n<p><a href=\"https:\/\/www.revolutionpermanente.fr\/Le-president-le-49-3-et-la-Commune-de-Paris\">Le pr\u00e9sident, le 49.3 et la Commune de Paris<\/a>&nbsp;(RP)<\/p>\n\n\n\n<p><a href=\"https:\/\/france.attac.org\/actus-et-medias\/salle-de-presse\/article\/retraites-et-49-3-ripostons-face-au-passage-en-force-du-gouvernement?pk_campaign=Infolettre-3474&amp;pk_kwd=france-attac-org-actus-et-medias\">Ripostons face au passage en force du gouvernement&nbsp;<\/a>(Attac)<\/p>\n\n\n\n<p><a href=\"https:\/\/www.mediapart.fr\/journal\/politique\/190323\/du-49-3-la-motion-de-censure-le-recit-d-un-naufrage-presidentiel\"><strong>Le r\u00e9cit d\u2019un naufrage pr\u00e9sidentiel&nbsp;<\/strong><\/a><strong>&nbsp;<\/strong>(M\u00e9diapart)<\/p>\n\n\n\n<p><a href=\"https:\/\/reflets.info\/articles\/le-quinquennat-de-la-matraque\"><strong>Le quinquennat de la matraque<\/strong><\/a><strong>&nbsp;&nbsp;<\/strong>(Reflets.info)<\/p>\n\n\n\n<p><a href=\"https:\/\/www.francetvinfo.fr\/economie\/retraite\/reforme-des-retraites\/reforme-des-retraites-a-rodez-la-grande-colere-d-une-petite-ville_5720327.html\">R\u00e9forme des retraites : \u00e0 Rodez, la grande col\u00e8re d\u2019une petite ville<\/a>&nbsp;(France t\u00e9l\u00e9vision)<\/p>\n\n\n\n<p><a href=\"https:\/\/www.france24.com\/fr\/france\/20230319-retraites-climat-%C3%A9lectrique-en-france-avant-l-examen-des-motions-de-censure-lundi\">Retraites : climat \u00e9lectrique en France avant l\u2019examen des motions de censure lundi<\/a>&nbsp;(France 24)<\/p>\n\n\n\n<p><a href=\"https:\/\/paris-luttes.info\/greve-generale-rendez-vous-de-la-16806\">Gr\u00e8ve g\u00e9n\u00e9rale&nbsp;: rendez-vous de la semaine du 20 au 27&nbsp;mars&nbsp;<\/a>(Paris-Luttes info)<\/p>\n\n\n\n<p><a href=\"https:\/\/www.revolutionpermanente.fr\/Raffineurs-eboueurs-enseignants-Plusieurs-syndicats-appellent-a-la-mobilisation-des-le-lundi-20\">Raffineurs, \u00e9boueurs, enseignants\u2026 Plusieurs syndicats appellent \u00e0 la mobilisation d\u00e8s le lundi 20 mars<\/a>&nbsp;(RP)<\/p>\n\n\n\n<p><a href=\"https:\/\/www.revolutionpermanente.fr\/On-ne-veut-pas-du-49-3-greve-dans-plusieurs-sites-d-Amazon-pour-les-salaires-et-les-retraites\">\u00ab&nbsp;On ne veut pas du 49.3&nbsp;\u00bb&nbsp;: gr\u00e8ve dans plusieurs sites d\u2019Amazon pour les salaires et les retraites<\/a>&nbsp;(RP)<\/p>\n\n\n\n<p><strong><a href=\"https:\/\/lvsl.fr\/qui-sont-les-deputes-lr-qui-pourraient-faire-tomber-le-gouvernement\/\">Qui sont les d\u00e9put\u00e9s qui pourraient faire tomber le gouvernement ?<\/a>&nbsp;<\/strong>(LVSL)<\/p>\n\n\n\n<p><strong><a href=\"https:\/\/reporterre.net\/10-actions-brulantes-contre-la-reforme-des-retraites\">10 actions br\u00fblantes contre la r\u00e9forme des retraites<\/a>&nbsp;<\/strong>(Reporterre)<\/p>\n\n\n\n<p><a href=\"https:\/\/reporterre.net\/La-monarchie-presidentielle-doit-tomber\">La monarchie pr\u00e9sidentielle doit tomber<\/a>&nbsp;(Reporterre)<\/p>\n\n\n\n<p><a href=\"http:\/\/www.regards.fr\/actu\/article\/retraites-pour-la-premiere-fois-macron-dit-pourquoi-il-veut-faire-cette-reforme\">Retraites&nbsp;: pour la premi\u00e8re fois, Macron dit pourquoi il veut faire cette r\u00e9forme<\/a>&nbsp;(Regards)<\/p>\n\n\n\n<p><a href=\"https:\/\/theconversation.com\/le-systeme-de-retraite-sera-t-il-aussi-genereux-avec-les-generations-futures-quavec-les-retraites-actuels-202060\">Le syst\u00e8me de retraite&nbsp;sera-t-il aussi g\u00e9n\u00e9reux avec les g\u00e9n\u00e9rations futures qu\u2019avec les retrait\u00e9s&nbsp;actuels&nbsp;?<\/a>&nbsp;(The conversation)<\/p>\n\n\n\n<p><strong><a href=\"https:\/\/www.msn.com\/fr-fr\/finance\/economie\/r%C3%A9forme-des-retraites-la-gr%C3%A8ve-se-durcit-dans-les-raffineries-plusieurs-sites-%C3%A0-larr%C3%AAt\/ar-AA18OwZQ\">R\u00e9forme des retraites : la gr\u00e8ve se durcit dans les raffineries, plusieurs sites \u00e0 l\u2019arr\u00eat<\/a>&nbsp;<\/strong>(france info)<\/p>\n\n\n\n<p><a href=\"https:\/\/www.lyoncapitale.fr\/actualite\/rhone-la-cgt-sanofi-appelle-a-une-greve-reconductible\">Rh\u00f4ne : la CGT Sanofi appelle \u00e0 une gr\u00e8ve reconductible<\/a>&nbsp;(Lyon capitale)<\/p>\n\n\n\n<p><mark><strong>19 mars<\/strong><\/mark><\/p>\n\n\n\n<p><a href=\"https:\/\/universiteouverte.org\/2023\/03\/18\/pour-nos-retraites-contre-la-precarite-rendez-vous-le-22-mars\/\">ESR: Pour nos retraites, contre la pr\u00e9carit\u00e9 : rendez-vous le 22 mars<\/a>&nbsp;(Universit\u00e9 Ouverte)<\/p>\n\n\n\n<p><a href=\"https:\/\/www.liberation.fr\/economie\/social\/retraites-les-rassemblements-de-samedi-place-de-la-concorde-a-paris-interdits-par-la-prefecture-de-police-20230318_SKT56MMWNVFIRNKVMH2PEBI6WM\/\">Retraites&nbsp;: un samedi soir agit\u00e9 \u00e0 Paris, des rassemblements dans toute la France<\/a>&nbsp;(Lib\u00e9ration)<\/p>\n\n\n\n<p><a href=\"https:\/\/alencontre.org\/europe\/france\/france-macron-est-dos-au-mur-ne-laissons-pas-le-49-3-lui-sauver-la-mise.html\">France. \u00abMacron est dos au mur, ne laissons pas le 49.3 lui sauver la mise\u00bb&nbsp;<\/a>(A l\u2019encontre)<\/p>\n\n\n\n<p><a href=\"https:\/\/www.revolutionpermanente.fr\/Plusieurs-centaines-de-manifestants-envahissent-Chatelet-contre-le-49-3-et-le-gouvernement\">Plusieurs centaines de manifestants envahissent Ch\u00e2telet contre le 49-3 et le gouvernement<\/a>&nbsp;(RP)<\/p>\n\n\n\n<p><a href=\"https:\/\/www.revolutionpermanente.fr\/Notre-49-3-c-est-la-greve-sauvage-les-cheminots-du-technicentre-de-Chatillon-debrayent-dans-la-nuit\">\u00ab&nbsp;Notre 49.3, c\u2019est la gr\u00e8ve sauvage&nbsp;\u00bb&nbsp;: les cheminots du technicentre de Chatillon d\u00e9brayent dans la nuit<\/a>&nbsp;(RP)<\/p>\n\n\n\n<p><a href=\"https:\/\/www.revolutionpermanente.fr\/Raffineurs-eboueurs-enseignants-Plusieurs-syndicats-appellent-a-la-mobilisation-des-le-lundi-20\">Raffineurs, \u00e9boueurs, enseignants\u2026 Plusieurs syndicats appellent \u00e0 la mobilisation d\u00e8s le lundi 20 mars<\/a>&nbsp;(RP\u00b0<\/p>\n\n\n\n<p><a href=\"https:\/\/www.blast-info.fr\/articles\/2023\/ceux-qui-dominent-letat-organisent-la-violence-dTU6dWAMQb64tsdueKjJaQ\">Ceux qui dominent l\u2019\u00c9tat organisent la violence<\/a>&nbsp;(Blast)<\/p>\n\n\n\n<p><a href=\"https:\/\/www.youtube.com\/watch?v=3S0gD7fMFSQ&amp;t=504s&amp;ab_channel=BLAST%2CLesouffledel%27info\">L\u2019\u00e9tat veut \u00e0 nouveau terroriser les manifestants<\/a>&nbsp;(Blast)<\/p>\n\n\n\n<p><mark><strong>18 mars<\/strong><\/mark><\/p>\n\n\n\n<p><a href=\"https:\/\/www.francetvinfo.fr\/economie\/retraite\/reforme-des-retraites\/direct-retraites-on-avait-alerte-le-president-de-la-republique-de-risques-de-debordements-affirme-philippe-martinez_5718668.html\"><strong>DIRECT. \u00ab&nbsp;On avait alert\u00e9 le pr\u00e9sident de la R\u00e9publique&nbsp;\u00bb de risques de d\u00e9bordements, affirme P. Martinez<\/strong><\/a>&nbsp;(France Info)<\/p>\n\n\n\n<p><a href=\"http:\/\/alencontre.org\/europe\/france\/france-macron-est-dos-au-mur-ne-laissons-pas-le-49-3-lui-sauver-la-mise.html\"><strong>\u00abMacron est dos au mur, ne laissons pas le 49.3 lui sauver la mise\u00bb<\/strong><\/a>&nbsp;(A l\u2019encontre)<\/p>\n\n\n\n<p><a href=\"https:\/\/www.boursorama.com\/videos\/actualites\/retraites-blocage-du-port-de-calais-3a7d6dbb1fa2763e987d37612f4cf80d\">Retraites : blocage du port de Calais<\/a>&nbsp;(AFP vid\u00e9o)<\/p>\n\n\n\n<p><a href=\"https:\/\/www.boursorama.com\/actualite-economique\/actualites\/france-retraites-manifestations-et-motions-de-censure-apres-le-49-3-e38563ef2b924ed0f0be996f8ae15a84\">Manifestations et motions de censure apr\u00e8s le 49.3<\/a>&nbsp;(Reuters) &nbsp;&nbsp;<\/p>\n\n\n\n<p><a href=\"https:\/\/link.newsletter.franceculture.fr\/m\/ml\/7429\/788787\/8dA_1ZWt1QEHxwQ9f3HfvW9C5lXTLJmivm821gAfcU8=\/3JvCjts+r7-iKAkabnskowDbQoi0ib3rPlJ9XEnSj9g=\/\">Retraites au 49.3 : le gouvernement peut-il tenir&nbsp;?<\/a>&nbsp;(France Culture)<\/p>\n\n\n\n<p><a href=\"https:\/\/www.boursorama.com\/videos\/actualites\/retraites-en-france-parmi-les-images-de-violences-des-intox-41f35c85ac079cf4ecc07ec255c604df\">Retraites en France : parmi les images de violences, des intox.<\/a>&nbsp;(France 24)<\/p>\n\n\n\n<p><a href=\"https:\/\/www.francetvinfo.fr\/politique\/les-republicains\/les-republicains-la-reforme-des-retraites-revelatrice-de-fractures-profondes_5717708.html\">Les R\u00e9publicains : la r\u00e9forme des retraites r\u00e9v\u00e9latrice de fractures profondes<\/a>&nbsp;(France T\u00e9l\u00e9vision)<\/p>\n\n\n\n<p><a href=\"https:\/\/www.causette.fr\/societe\/en-france\/reforme-des-retraites-en-actionnant-le-49-3-emmanuel-macron-avance-sans-ecouter-le-grondement-de-la-rue#utm_source=rss&amp;utm_medium=rss\"><strong>En actionnant le 49.3, Macron avance sans \u00e9couter le grondement de la rue<\/strong><\/a>&nbsp;(Causette)<\/p>\n\n\n\n<p><a href=\"https:\/\/www.francetvinfo.fr\/economie\/retraite\/reforme-des-retraites\/reforme-des-retraites-la-fin-du-quinquennat-d-emmanuel-macron-s-annonce-complexe_5717666.html\"><strong>La fin du quinquennat d\u2019Emmanuel Macron s\u2019annonce complexe<\/strong><\/a>&nbsp;(France 3)<\/p>\n\n\n\n<p><a href=\"https:\/\/www.francetvinfo.fr\/economie\/retraite\/reforme-des-retraites\/l-avenir-de-la-premiere-ministre-s-ecrit-en-pointilles-le-maintien-d-elisabeth-borne-a-matignon-divise-la-majorite-apres-le-49-3-sur-les-retraites_5716895.html\">\u00ab&nbsp;L\u2019avenir de la Premi\u00e8re ministre s\u2019\u00e9crit en pointill\u00e9s&nbsp;\u00bb : le maintien d\u2019Elisabeth Borne \u00e0 Matignon divise la majorit\u00e9<\/a>&nbsp;(France t\u00e9l\u00e9vision)<\/p>\n\n\n\n<p><strong><a href=\"https:\/\/alencontre.org\/europe\/france\/france-dossier-le-mouvement-social-galvanise-par-le-mepris-gouvernemental.html\">France-dossier. \u00abLe mouvement social galvanis\u00e9 par le m\u00e9pris gouvernemental\u00bb<\/a>&nbsp;<\/strong>(A l\u2019encontre)<\/p>\n\n\n\n<p><a href=\"https:\/\/lepoing.net\/retraites-16-mars-a-montpellier-blocage-illimite-a-paul-valery-flambeaux-contre-49-3\/\">Retraites, 16 et 17 mars \u00e0 Montpellier : blocage illimit\u00e9 \u00e0 Paul Val\u00e9ry, flambeaux contre 49.3<\/a>&nbsp;(Le Poing)<\/p>\n\n\n\n<p><strong><a href=\"https:\/\/www.marianne.net\/agora\/retraites-un-referendum-pour-donner-la-parole-au-peuple-signez-lappel-de-marianne\">Retraites : un r\u00e9f\u00e9rendum pour donner la parole au peuple, signez l\u2019appel de \u00ab&nbsp;Marianne&nbsp;\u00bb<\/a>&nbsp;<\/strong>(Marianne)<\/p>\n\n\n\n<p><strong><a href=\"https:\/\/www.politis.fr\/articles\/2023\/03\/retraites-du-49-3-a-la-colere-de-la-concorde-retour-sur-24-heures-de-feu\/\">Du 49.3 \u00e0 la col\u00e8re de la Concorde : retour sur 24 heures de feu<\/a>&nbsp;<\/strong>(Politis)<\/p>\n\n\n\n<p><strong><a href=\"https:\/\/www.revolutionpermanente.fr\/Le-mouvement-se-durcit-les-raffineurs-de-Donges-reconduisent-la-greve-jusqu-au-24-mars\">\u00ab&nbsp;Le mouvement se durcit&nbsp;\u00bb&nbsp;: les raffineurs de Donges reconduisent la gr\u00e8ve jusqu\u2019au 24 mars<\/a>&nbsp;<\/strong>(RP)<\/p>\n\n\n\n<p><a href=\"https:\/\/www.humanite.fr\/social-eco\/reforme-des-retraites\/le-havre-pris-par-la-fievre-anti-reforme-786561\">Le Havre pris par la fi\u00e8vre anti-r\u00e9forme<\/a>&nbsp;(l\u2019Humanit\u00e9)<\/p>\n\n\n\n<p><strong><a href=\"https:\/\/reporterre.net\/Blocage-sur-le-Rhin-les-employes-d-EDF-prets-a-durcir-les-actions\">Blocage sur le Rhin&nbsp;: les employ\u00e9s d\u2019EDF&nbsp;pr\u00eats \u00ab&nbsp;\u00e0 durcir les actions&nbsp;\u00bb<\/a><\/strong>&nbsp;(Reporterre)<\/p>\n\n\n\n<p><a href=\"https:\/\/reporterre.net\/Apres-le-49-3-les-syndicats-prevoient-une-foule-de-greves-et-de-blocages\">Apr\u00e8s le 49.3, les syndicats pr\u00e9voient une foule de gr\u00e8ves et de blocages<\/a>&nbsp;(Reporterre)<\/p>\n\n\n\n<p><a href=\"https:\/\/www.msn.com\/fr-fr\/actualite\/france\/gr%C3%A8ve-des-%C3%A9boueurs-les-ordures-d%C3%A9bordent-mais-plus-dans-le-16e\/ar-AA18KQ4O\">Gr\u00e8ve des \u00e9boueurs : les ordures d\u00e9bordent\u2026 mais plus dans le 16e<\/a>&nbsp;(Paris Match)<\/p>\n\n\n\n<p><a href=\"https:\/\/www.francetvinfo.fr\/economie\/retraite\/reforme-des-retraites\/greve-des-eboueurs-a-paris-le-bras-de-fer-s-installe-entre-la-prefecture-de-police-et-la-mairie_5717669.html\">Gr\u00e8ve des \u00e9boueurs \u00e0 Paris : le bras de fer s\u2019installe entre la pr\u00e9fecture de police et la mairie<\/a>&nbsp;(franceinfo)<\/p>\n\n\n\n<p><strong><a href=\"https:\/\/france3-regions.francetvinfo.fr\/bretagne\/finistere\/reforme-des-retraites-menaces-de-greve-sur-les-epreuves-anticipees-du-baccalaureat-des-lundi-2734934.html\">R\u00e9forme des retraites. Menaces de gr\u00e8ve sur les \u00e9preuves anticip\u00e9es du baccalaur\u00e9at d\u00e8s lundi<\/a>&nbsp;<\/strong>(franceinfo)<\/p>\n\n\n\n<p><a href=\"https:\/\/actu.fr\/pays-de-la-loire\/donges_44052\/video-reforme-des-retraites-greve-reconduite-a-la-raffinerie-total-de-donges-plus-une-goutte-de-carburant-ne-sort_58192604.html\">Gr\u00e8ve reconduite \u00e0 la raffinerie Total de Donges, plus une goutte de carburant ne sort&nbsp;<\/a>(L\u2019\u00e9cho)<\/p>\n\n\n\n<p><mark><strong>17 mars<\/strong><\/mark><\/p>\n\n\n\n<p><strong><a href=\"https:\/\/www.liberation.fr\/economie\/social\/en-direct-reforme-des-retraites-suivez-toute-lactualite-sociale-et-politique-de-ce-vendredi-17-mars-apres-le-493-20230317_2DMPJ3TV4RHCZIEQRX2OO6Q2WE\/\">En direct&nbsp;: les premiers slogans anti-Macron retentissent place de la Concorde<\/a>&nbsp;<\/strong>(Lib\u00e9ration)<strong><a href=\"https:\/\/www.lemonde.fr\/politique\/live\/2023\/03\/17\/retraites-en-direct-quelles-consequences-politiques-apres-le-declenchement-du-49-3-par-le-gouvernement-retrouvez-les-reponses-de-notre-journaliste-a-vos-questions_6165833_823448.html\"><\/a><\/strong><\/p>\n\n\n\n<p><strong><a href=\"https:\/\/www.lemonde.fr\/politique\/live\/2023\/03\/17\/retraites-en-direct-quelles-consequences-politiques-apres-le-declenchement-du-49-3-par-le-gouvernement-retrouvez-les-reponses-de-notre-journaliste-a-vos-questions_6165833_823448.html\">Rassemblements partout en France&nbsp;: suivez en direct les cons\u00e9quences du recours au 49.3<\/a><\/strong>(Le Monde)<\/p>\n\n\n\n<p><strong><a href=\"http:\/\/alencontre.org\/europe\/france\/france-dossier-le-mouvement-social-galvanise-par-le-mepris-gouvernemental.html\">France-dossier. \u00abLe mouvement social galvanis\u00e9 par le m\u00e9pris gouvernemental\u00bb<\/a>&nbsp;<\/strong>(Al\u2019encontre)<\/p>\n\n\n\n<p><a href=\"https:\/\/rapportsdeforce.fr\/pas-de-cote\/un-49-3-pour-relancer-la-mobilisation-031617340\">Un 49-3 pour relancer la mobilisation ?&nbsp;<\/a>&nbsp;(Rapports de Force)<\/p>\n\n\n\n<p><a href=\"https:\/\/www.huffingtonpost.fr\/france\/video\/les-blocages-apres-le-49-3-se-multiplient-partout-en-france_215359.html\">Aux quatre coins de la France, des blocages pour protester contre le 49.3<\/a>&nbsp;(HuffPost)<a href=\"https:\/\/www.francetvinfo.fr\/economie\/retraite\/reforme-des-retraites\/une-greve-plus-ca-dure-plus-ca-se-durcit-comment-le-recours-au-49-3-pour-faire-passer-la-reforme-des-retraites-attise-la-colere-de-la-rue_5716961.html\"><\/a><\/p>\n\n\n\n<p><a href=\"https:\/\/www.francetvinfo.fr\/economie\/retraite\/reforme-des-retraites\/une-greve-plus-ca-dure-plus-ca-se-durcit-comment-le-recours-au-49-3-pour-faire-passer-la-reforme-des-retraites-attise-la-colere-de-la-rue_5716961.html\">\u00ab&nbsp;Une gr\u00e8ve, plus \u00e7a dure, plus \u00e7a se durcit&nbsp;\u00bb : comment le recours au 49.3 attise la col\u00e8re de la rue<\/a>&nbsp;(France Info)<\/p>\n\n\n\n<p><strong><a href=\"https:\/\/www.lavoixdunord.fr\/1303812\/article\/2023-03-16Lille%C2%A0:%20plusieurs%20milliers%20de%20personnes%20manifent,%20%E2%80%98pas%20de%2049,3%20contre%20la%20rue\">Lille&nbsp;: plusieurs milliers de personnes manifent, \u2018pas de 49,3 contre la rue<\/a>\u2019&nbsp;<\/strong>(La Voix du Nord)<\/p>\n\n\n\n<p><a href=\"https:\/\/www.lavoixdunord.fr\/1304345\/article\/2023-03-17\/lille-frappes-la-tete-lors-d-une-charge-de-police-lors-de-la-manifestation-de\">Lille : frapp\u00e9s \u00e0 la t\u00eate lors d\u2019une charge de police, lors de la manifestation de jeudi soir<\/a>&nbsp;(La Voix du Nord)<\/p>\n\n\n\n<p><a href=\"https:\/\/www.rue89strasbourg.com\/et-nous-aussi-on-va-passer-en-force-le-recours-au-49-3-provoque-une-manifestation-dun-millier-de-personnes-259738\">\u00ab&nbsp;Et nous aussi on va passer en force&nbsp;\u00bb&nbsp;: le recours au 49-3 provoque une manifestation de pr\u00e8s d\u2019un millier de personnes<\/a>&nbsp; (Rue89 Strasbourg)<\/p>\n\n\n\n<p><a href=\"https:\/\/www.rue89lyon.fr\/2023\/03\/17\/manifestation-sauvage-49-3-vendredi-soir-a-lyon\/\">Une manifestation sauvage contre le 49.3 ce vendredi soir \u00e0 Lyon<\/a>&nbsp;(Rue89Lyon)<\/p>\n\n\n\n<p><a href=\"https:\/\/www.mediapart.fr\/journal\/france\/170323\/chez-les-cheminots-de-la-gare-de-lyon-notre-seul-49-3-c-est-le-blocage\">Chez les cheminots de la gare de Lyon : \u00abNotre seul 49-3, c\u2019est le blocage\u00bb&nbsp;<\/a>&nbsp;(M\u00e9diapart)<\/p>\n\n\n\n<p><strong><a href=\"https:\/\/www.alternatives-economiques.fr\/herve-nathan\/493-marches\/00106293\">Le 49.3 des march\u00e9s<\/a>&nbsp; -Herv\u00e9 Nathan (Alter \u00e9co)<\/strong><\/p>\n\n\n\n<p><a href=\"https:\/\/www.lemediatv.fr\/emissions\/2023\/49-3-retraites-les-francais-netaient-pas-dupes-ApPsixvwQnyxAM01kDS9tg\">49.3 Retraites : Les Fran\u00e7ais n\u2019\u00e9taient pas dupes<\/a>&nbsp; (Le M\u00e9dia)<\/p>\n\n\n\n<p><strong><a href=\"https:\/\/paris-luttes.info\/suivi-17-mars-16797\">Suivi de la journ\u00e9e du 17&nbsp;mars<\/a>&nbsp;<\/strong>(Paris-Luttes info)<\/p>\n\n\n\n<p><strong><a href=\"https:\/\/www.liberation.fr\/economie\/social\/en-direct-reforme-des-retraites-suivez-toute-lactualite-sociale-et-politique-de-ce-vendredi-17-mars-apres-le-493-20230317_2DMPJ3TV4RHCZIEQRX2OO6Q2WE\/\">EN DIRECT \u2013 Retraites&nbsp;: les syndicats de la SNCF appellent \u00e0 \u00abmaintenir la gr\u00e8ve\u00bb<\/a>&nbsp;<\/strong>(Lib\u00e9ration)<\/p>\n\n\n\n<p><a href=\"https:\/\/confpeps.org\/communique-de-peps-contre-reforme-des-retraites-la-democratie-est-dans-la-rue\/\">Contre-r\u00e9forme des retraites, la d\u00e9mocratie est dans la rue !<\/a>&nbsp;(PEPS)<\/p>\n\n\n\n<p><a href=\"https:\/\/www.revolutionpermanente.fr\/EXCLU-Les-grevistes-votent-l-arret-de-la-plus-grande-raffinerie-de-France-suite-au-49-3\">Les gr\u00e9vistes votent l\u2019arr\u00eat de la plus grande raffinerie de France suite au 49.3<\/a>&nbsp;(RP)<\/p>\n\n\n\n<p><a href=\"https:\/\/www.monde-diplomatique.fr\/2023\/02\/HALIMI\/65501\">Un homme contre un peuple<\/a>&nbsp;(Le Monde Diplomatique)<\/p>\n\n\n\n<p><strong><a href=\"https:\/\/lepoing.net\/retraites-le-depot-de-petrole-de-frontignan-bloque\/\">Retraites : le d\u00e9p\u00f4t de p\u00e9trole de Frontignan bloqu\u00e9<\/a>&nbsp;<\/strong>(Le Poing)<\/p>\n\n\n\n<p><a href=\"https:\/\/www.politis.fr\/articles\/2023\/03\/49-3-le-bras-dhonneur-de-macron-retraites-reforme\/\">49.3 : le bras d\u2019honneur de Macron<\/a>&nbsp;(Politis)<\/p>\n\n\n\n<p><a href=\"https:\/\/www.revolutionpermanente.fr\/Plus-de-200-interpellations-a-Paris-la-police-reprime-la-colere-contre-le-49-3\">Plus de 200 interpellations \u00e0 Paris&nbsp;: la police r\u00e9prime la col\u00e8re contre le 49-3<\/a>&nbsp;(RP)<\/p>\n\n\n\n<p><strong><a href=\"https:\/\/basta.media\/mepris-social-abime-democratique-la-reforme-des-retraites-imposee-sans-meme-un-vote\">M\u00e9pris social, ab\u00eeme d\u00e9mocratique&nbsp;: la r\u00e9forme des retraites impos\u00e9e sans m\u00eame un vote<\/a>&nbsp;<\/strong>(Basta!)<\/p>\n\n\n\n<p><a href=\"https:\/\/lanticapitaliste.org\/actualite\/politique\/une-victoire-est-possible-contre-macron-sa-reforme-et-son-493\">Une victoire est possible contre Macron, sa r\u00e9forme et son 49.3 !&nbsp;<\/a>(l\u2019Anticapitaliste)<\/p>\n\n\n\n<p><strong><a href=\"https:\/\/reporterre.net\/Francois-Ruffin-Apres-le-49-3-il-va-falloir-que-Paris-deborde\">Fran\u00e7ois Ruffin&nbsp;: \u00ab&nbsp;Apr\u00e8s le 49.3, il va falloir que Paris d\u00e9borde&nbsp;\u00bb<\/a>&nbsp;<\/strong>(Reporterre)<\/p>\n\n\n\n<p><a href=\"https:\/\/theconversation.com\/la-reforme-des-retraites-va-t-elle-alimenter-un-conflit-de-generations-201983\">La r\u00e9forme des retraites&nbsp;va-t-elle alimenter un conflit de&nbsp;g\u00e9n\u00e9rations&nbsp;?<\/a>&nbsp;(The conversation)<\/p>\n\n\n\n<figure class=\"wp-block-image\"><img loading=\"lazy\" decoding=\"async\" width=\"500\" height=\"500\" src=\"https:\/\/i0.wp.com\/www.rdpemancipation.org\/wp-content\/uploads\/2023\/03\/image-63.png?resize=289%2C289&amp;ssl=1\" alt=\"\" class=\"wp-image-111348\" srcset=\"https:\/\/i0.wp.com\/www.rdpemancipation.org\/wp-content\/uploads\/2023\/03\/image-63.png?w=500&amp;ssl=1 500w, https:\/\/i0.wp.com\/www.rdpemancipation.org\/wp-content\/uploads\/2023\/03\/image-63.png?resize=300%2C300&amp;ssl=1 300w, https:\/\/i0.wp.com\/www.rdpemancipation.org\/wp-content\/uploads\/2023\/03\/image-63.png?resize=150%2C150&amp;ssl=1 150w\" sizes=\"auto, (max-width: 500px) 100vw, 500px\" \/><\/figure>\n\n\n\n<p><a href=\"https:\/\/www.youtube.com\/watch?v=xqPYe6CHsGI&amp;ab_channel=Journall%27Humanit%C3%A9\">Retraites : apr\u00e8s le 49.3, des milliers de manifestants se mobilisent face \u00e0 l\u2019Assembl\u00e9e nationale<\/a>&nbsp;(l\u2019Humanit\u00e9)<\/p>\n\n\n\n<p><strong><a href=\"https:\/\/www.youtube.com\/watch?v=zGFbmrotgcw&amp;ab_channel=BLAST%2CLesouffledel%27info\">E.Macron : le m\u00e9prisant de la r\u00e9publique<\/a><\/strong>&nbsp;(Blast)<\/p>\n\n\n\n<p><a href=\"https:\/\/www.youtube.com\/watch?v=t85j8IOyHns&amp;ab_channel=CanardR%C3%A9fractaire\">49.3 : occupons les places publiques&nbsp;<\/a>! (Canard r\u00e9fractaire)<\/p>\n\n\n\n<p><a href=\"https:\/\/www.youtube.com\/watch?v=yjsx_8K3C4c&amp;ab_channel=LaProvence\">Retraites : \u00ab&nbsp;Ca va rouler beaucoup moins vite dans les Bouches-du-Rh\u00f4ne&nbsp;\u00bb, pr\u00e9vient la CGT 13<\/a>&nbsp;(La Provence)<\/p>\n\n\n\n<p><strong><a href=\"https:\/\/www.youtube.com\/watch?v=n9dCEDo9rI0&amp;ab_channel=LeHuffPost\">R\u00e9forme des retraites : \u00c9lisabeth Borne enclenche le 49-3 sous les hu\u00e9es de la Nupes<\/a>&nbsp;<\/strong>(HuffPost)<\/p>\n\n\n\n<p><strong><a href=\"https:\/\/www.frustrationmagazine.fr\/49-3-retraites\/\">49-3 : Maintenant on peut passer aux choses s\u00e9rieuses ?<\/a>&nbsp;<\/strong>(Frustration)<\/p>\n\n\n\n<p><mark><strong>16 mars<\/strong><\/mark><\/p>\n\n\n\n<p><a href=\"https:\/\/www.youtube.com\/watch?v=p25GTTRQbXA\">Annecy, ultime manif contre la r\u00e9forme des retraites ?<\/a>&nbsp;(Vioce TV)<\/p>\n\n\n\n<p><strong><a href=\"https:\/\/www.francetvinfo.fr\/economie\/retraite\/reforme-des-retraites\/direct-reforme-des-retraites-le-senat-et-l-assemblee-appeles-a-se-prononcer-sur-la-version-finale-du-texte-l-incertitude-persiste-sur-le-vote-des-deputes-lr_5714228.html\">L\u2019intersyndicale appelle \u00e0 une nouvelle mobilisation 23 mars, apr\u00e8s des rassemblements \u00ab&nbsp;de proximit\u00e9&nbsp;\u00bb ce week-end<\/a>&nbsp;<\/strong>(France Info)<\/p>\n\n\n\n<p><a href=\"https:\/\/www.francetvinfo.fr\/economie\/retraite\/reforme-des-retraites\/recit-franceinfo-pas-le-choix-c-est-trop-risque-comment-l-executif-a-ete-contraint-de-degainer-le-49-3-pour-sa-reforme-des-retraites_5714906.html\">\u00ab&nbsp;Pas le choix, c\u2019est trop risqu\u00e9&nbsp;\u00bb : comment l\u2019ex\u00e9cutif a \u00e9t\u00e9 contraint de d\u00e9gainer le 49.3 pour sa r\u00e9forme des retraites<\/a>&nbsp;(France Info)<\/p>\n\n\n\n<p><a href=\"https:\/\/www.huffingtonpost.fr\/politique\/video\/reforme-des-retraitesApr%C3%A8s%20le%2049,3%20les%20syndicats%20ripostent%20d%C3%A9j%C3%A0%20sur%20le%20pav%C3%A9%20\"><strong>Apr\u00e8s le 49,3 les syndicats ripostent d\u00e9j\u00e0 sur le pav\u00e9<\/strong>&nbsp;<\/a>(HuffPost)<\/p>\n\n\n\n<p><a href=\"https:\/\/www.mediapart.fr\/journal\/politique\/160323\/retraites-emmanuel-macron-degaine-le-49-3\"><strong>Retraites&nbsp;: le gouvernement d\u00e9gaine le 49-3<\/strong><\/a>&nbsp;(M\u00e9diapart)<\/p>\n\n\n\n<p><strong><a href=\"https:\/\/www.politis.fr\/articles\/2023\/03\/49-3-le-bras-dhonneur-de-macron-retraites-reforme\/\">49.3 : le bras d\u2019honneur de Macron&nbsp;<\/a><\/strong>&nbsp;(Politis)<\/p>\n\n\n\n<p><strong><a href=\"https:\/\/www.lemonde.fr\/politique\/live\/2023\/03\/16\/reforme-des-retraites-en-direct-elisabeth-borne-s-exprime-a-la-tribune-de-l-assemblee-nationale-sous-les-huees-de-l-opposition_6165692_823448.html\">Live&nbsp;: les manifestants se rassemblent place de la Concorde, \u00e0 Paris<\/a><\/strong>&nbsp;(Le Monde)<\/p>\n\n\n\n<p><a href=\"https:\/\/www.alternatives-economiques.fr\/retraites-apres-493-comprendre-enjeux-de-reforme\/00106274\"><strong>Apr\u00e8s le 49.3, comprendre les enjeux de la r\u00e9forme<\/strong>&nbsp;<\/a>&nbsp;(Alter \u00e9co)<\/p>\n\n\n\n<p><strong><a href=\"https:\/\/www.francetvinfo.fr\/economie\/retraite\/reforme-des-retraites\/reforme-des-retraites-cette-loi-sera-defaite-lance-le-depute-lfi-francois-ruffin_5714438.html\">\u00ab&nbsp;Cette loi sera d\u00e9faite&nbsp;\u00bb, lance le d\u00e9put\u00e9 LFI Fran\u00e7ois Ruffin<\/a><\/strong>&nbsp;(France Info)<\/p>\n\n\n\n<p><a href=\"https:\/\/www.francetvinfo.fr\/economie\/retraite\/reforme-des-retraites\/direct-reforme-des-retraites-le-senat-et-l-assemblee-appeles-a-se-prononcer-sur-la-version-finale-du-texte-l-incertitude-persiste-sur-le-vote-des-deputes-lr_5714228.html\">Le S\u00e9nat adopte le texte n\u00e9goci\u00e9 en CMP par 193 voix \u00ab&nbsp;pour&nbsp;\u00bb et 114 voix \u00ab&nbsp;contre&nbsp;\u00bb<\/a>&nbsp;(France Info)<\/p>\n\n\n\n<p><a href=\"https:\/\/rapportsdeforce.fr\/classes-en-lutte\/le-depot-de-carburant-de-frontignan-bloque-par-une-intersyndicale-031617331\"><strong>Le d\u00e9p\u00f4t de carburant de Frontignan bloqu\u00e9 par une intersyndicale<\/strong>&nbsp;<\/a>&nbsp;(Rapport de force)<\/p>\n\n\n\n<p><a href=\"https:\/\/www.francetvinfo.fr\/societe\/nucleaire\/rejet-de-la-reforme-de-surete-nucleaire-c-est-un-camouflet-pour-le-gouvernement-estime-la-deputee-delphine-batho_5714147.html\">Rejet de la r\u00e9forme de s\u00fbret\u00e9 nucl\u00e9aire&nbsp;: \u00ab&nbsp;C\u2019est un camouflet pour le gouvernement&nbsp;\u00bb<\/a>&nbsp;(France Info)<\/p>\n\n\n\n<p><a href=\"https:\/\/www.alternatives-economiques.fr\/laurent-berger-cette-reforme-un-naufrage\/00106232\">Laurent Berger&nbsp;: cette r\u00e9forme est un naufrage<\/a>&nbsp;(Alter \u00e9co)<\/p>\n\n\n\n<p><a href=\"https:\/\/rapportsdeforce.fr\/classes-en-lutte\/greves-et-manifestations-du-15-mars-ou-en-est-la-mobilisation-031517313\">Gr\u00e8ves et manifestations du 15 mars : o\u00f9 en est la mobilisation ?<\/a>&nbsp;(Rapports de force)<\/p>\n\n\n\n<p><strong><a href=\"https:\/\/www.youtube.com\/watch?v=N9_031lS5s0&amp;ab_channel=R%C3%A9volutionPermanente\">\u00ab&nbsp;Une gr\u00e8ve reconductible causant un choc \u00e9conomique : Macron nous donne la m\u00e9thode!&nbsp;\u00bb F. Lordon<\/a>&nbsp;(<\/strong>RP)<\/p>\n\n\n\n<p><strong><a href=\"https:\/\/www.youtube.com\/watch?v=OUWjqQwzlGg&amp;ab_channel=Journall%27Humanit%C3%A9\">R\u00e9forme des retraites. Cheminots et paysans reprennent Versailles<\/a>&nbsp;<\/strong>(l\u2019Humanit\u00e9)<\/p>\n\n\n\n<p><strong><a href=\"https:\/\/www.youtube.com\/watch?v=tY0EWLqNmdc&amp;ab_channel=Mediapart\">[BESTOF] \u00ab Mettons la r\u00e9forme \u00e0 la retraite ! \u00bb<\/a>&nbsp;<\/strong>(Mediapart)<\/p>\n\n\n\n<p><a href=\"https:\/\/www.revue-ballast.fr\/carnet-de-greve-ii-vous-allez-achever-ma-mere-crevards-de-merde\/\">Carnet de gr\u00e8ve [II] : \u00ab Vous allez achever ma m\u00e8re, crevards de merde \u00bb<\/a>&nbsp;(Ballast)<\/p>\n\n\n\n<p><a href=\"https:\/\/www.france24.com\/fr\/france\/20230315-%F0%9F%94%B4-en-direct-8e-journ%C3%A9e-de-mobilisation-contre-la-r%C3%A9forme-des-retraites-cmp-%C3%A0-huis-clos\">Retraites : une 8e journ\u00e9e de mobilisation marqu\u00e9e par l\u2019accord parlementaire sur la r\u00e9forme<\/a>&nbsp;(France 24)<\/p>\n\n\n\n<p><strong><a href=\"https:\/\/www.frustrationmagazine.fr\/syndicats-rapport-de-force\/\">Syndicats : les dirigeants s\u2019excusent, les bases agissent<\/a>&nbsp;<\/strong>(Frustration)<\/p>\n\n\n\n<p><a href=\"https:\/\/www.leparisien.fr\/paris-75\/video-cest-clairement-la-mobilisation-la-plus-visible-a-paris-les-manifestants-a-fond-derriere-les-eboueurs-15-03-2023-J5WDV2SBLJG4TCQEPVA3GWNUMU.php\">\u00ab&nbsp;C\u2019est clairement la mobilisation la plus visible&nbsp;\u00bb&nbsp;: \u00e0 Paris, les manifestants \u00e0 fond derri\u00e8re les \u00e9boueurs<\/a>&nbsp;(Le Parisien)<\/p>\n\n\n\n<p><a href=\"https:\/\/lepoing.net\/retraites-le-depot-de-petrole-de-frontignan-bloque\/\">Retraites : le d\u00e9p\u00f4t de p\u00e9trole de Frontignan bloqu\u00e9<\/a>&nbsp;(Le Poing)<\/p>\n\n\n\n<p><strong><a href=\"https:\/\/www.inegalites.fr\/retraite-montant-global-des-pensions-par-categorie-social\">Retraites&nbsp;: les cadres touchent trois fois plus que les ouvriers au cours de leur vie<\/a>&nbsp;<\/strong>(Observatoire des in\u00e9galit\u00e9s)<\/p>\n\n\n\n<p><a href=\"https:\/\/www.politis.fr\/articles\/2023\/03\/au-port-du-havre-si-on-ne-se-bat-pas-aujourdhui-que-vont-faire-nos-gosses-demain\/\">Au port du Havre, \u00ab&nbsp;si on ne se bat pas aujourd\u2019hui, que vont faire nos gosses demain ?&nbsp;\u00bb<\/a>&nbsp;(Politis)<\/p>\n\n\n\n<p><a href=\"https:\/\/reporterre.net\/Retraites-pour-faire-bouger-l-Etat-ils-bloquent-un-chantier-des-JO\">Retraites&nbsp;: pour \u00ab&nbsp;faire bouger l\u2019\u00c9tat&nbsp;\u00bb, ils bloquent un chantier des&nbsp;JO<\/a>&nbsp;(Reporterre)<\/p>\n\n\n\n<p><a href=\"https:\/\/reporterre.net\/Rends-le-ble-a-Marseille-des-grevistes-s-attaquent-aux-superprofits\">\u00ab&nbsp;Rends le bl\u00e9&nbsp;\u00bb&nbsp;: \u00e0 Marseille, des gr\u00e9vistes s\u2019attaquent aux superprofits<\/a>&nbsp;(Reporterre)<\/p>\n\n\n\n<p><a href=\"http:\/\/www.regards.fr\/actu\/article\/retraites-apres-le-coup-de-force-democratique-quelles-resistances\">Retraites&nbsp;: apr\u00e8s le coup de force d\u00e9mocratique, quelles r\u00e9sistances&nbsp;?<\/a>&nbsp;(Regards)<\/p>\n\n\n\n<p><mark><strong>15 mars<\/strong><\/mark><\/p>\n\n\n\n<p><strong><a href=\"https:\/\/rapportsdeforce.fr\/classes-en-lutte\/greves-et-manifestations-du-15-mars-ou-en-est-la-mobilisation-031517313\">Gr\u00e8ves et manifestations du 15 mars : o\u00f9 en est la mobilisation ?<\/a><\/strong>&nbsp; (Rapports de Force)<\/p>\n\n\n\n<p><a href=\"https:\/\/www.cadtm.org\/Dupont-et-Dupond-vive-la-capitalisation-Je-dirais-meme-mieux-vive-la\">Dupont et Dupond : vive la capitalisation ! Je dirais m\u00eame mieux : vive la capitalisation !<\/a>&nbsp; (CADTM)<\/p>\n\n\n\n<figure class=\"wp-block-image\"><img loading=\"lazy\" decoding=\"async\" width=\"572\" height=\"338\" src=\"https:\/\/i0.wp.com\/www.rdpemancipation.org\/wp-content\/uploads\/2023\/03\/image-60.png?resize=412%2C243&amp;ssl=1\" alt=\"\" class=\"wp-image-111290\" srcset=\"https:\/\/i0.wp.com\/www.rdpemancipation.org\/wp-content\/uploads\/2023\/03\/image-60.png?w=572&amp;ssl=1 572w, https:\/\/i0.wp.com\/www.rdpemancipation.org\/wp-content\/uploads\/2023\/03\/image-60.png?resize=300%2C177&amp;ssl=1 300w\" sizes=\"auto, (max-width: 572px) 100vw, 572px\" \/><\/figure>\n\n\n\n<p><a href=\"https:\/\/www.latribune.fr\/economie\/france\/reforme-des-retraites-le-pari-perdant-perdant-d-emmanuel-macron-955343.html\">&nbsp;Retraites&nbsp;: le pari perdant-perdant d\u2019Emmanuel Macron<\/a>&nbsp;(La Tribune)<\/p>\n\n\n\n<p><a href=\"https:\/\/www.francetvinfo.fr\/economie\/retraite\/reforme-des-retraites\/direct-reforme-des-retraites-suivez-les-debats-de-la-commission-mixte-paritaire-les-greves-et-les-manifestations-du-15-mars_5712521.html\">Anne Hidalgo \u00ab&nbsp;ne donne pas suite&nbsp;\u00bb \u00e0 la demande de r\u00e9quisitions d\u2019\u00e9boueurs gr\u00e9vistes<\/a>&nbsp;(France Info)<\/p>\n\n\n\n<p><a href=\"https:\/\/www.mediapart.fr\/journal\/politique\/150323\/droite-face-la-reforme-c-est-chacun-pour-sa-peau\">\u00c0 droite, face \u00e0 la r\u00e9forme, c\u2019est chacun pour sa peau<\/a>&nbsp;(M\u00e9diapart)<\/p>\n\n\n\n<p><a href=\"https:\/\/vert.eco\/articles\/le-mouvement-climat-se-fait-une-place-dans-la-lutte-contre-la-reforme-des-retraites\">Le mouvement climat se fait une place dans la lutte contre la r\u00e9forme des retraites&nbsp;<\/a>&nbsp;(vert.eco)<\/p>\n\n\n\n<p><a href=\"http:\/\/www.regards.fr\/dessins\/article\/reforme-des-retraites-derniere-ligne-droite\">R\u00e9forme des retraites : derni\u00e8re ligne droite<\/a>&nbsp;(Regards)<\/p>\n\n\n\n<p><a href=\"https:\/\/www.rue89strasbourg.com\/direct-greve-generale-retraites-2-259420\">Blocage du port et de l\u2019universit\u00e9, op\u00e9ration escargot : le direct de la 8e journ\u00e9e de mobilisation<\/a>&nbsp;(Rue89 Strasbourg)<\/p>\n\n\n\n<p><a href=\"https:\/\/www.alternatives-economiques.fr\/travailleurs-immigres-victimes-oubliees-de-reforme-retraites\/00106264\">Les travailleurs immigr\u00e9s, victimes oubli\u00e9es de la r\u00e9forme des retraites&nbsp;<\/a>&nbsp;(Alter \u00e9co)<\/p>\n\n\n\n<p><a href=\"https:\/\/www.lemediatv.fr\/emissions\/2023\/reforme-des-retraites-ce-senateur-raconte-les-magouilles-de-la-droite-et-du-gouvernement-nCrjPrz-R2Wc4QURbs7iRg\">Retraites : ce s\u00e9nateur raconte les magouilles de la droite et du gouvernement<\/a>&nbsp; (Le M\u00e9dia)<\/p>\n\n\n\n<p><a href=\"https:\/\/theconversation.com\/retraites-pourquoi-de-nombreuses-pensions-resteront-inferieures-a-1-200-euros-malgre-la-reforme-201726\">Retraites : pourquoi de nombreuses pensions resteront inf\u00e9rieures \u00e0 1 200 \u20ac malgr\u00e9 la r\u00e9forme<\/a>&nbsp; (The Conversation)<\/p>\n\n\n\n<p><a href=\"http:\/\/www.regards.fr\/actu\/article\/retraites-apres-le-coup-de-force-democratique-quelles-resistances\">Retraites : apr\u00e8s le coup de force d\u00e9mocratique, quelles r\u00e9sistances ?<\/a>&nbsp; (Regards)<\/p>\n\n\n\n<p><a href=\"https:\/\/www.mediapart.fr\/journal\/politique\/140323\/retraites-macron-contredit-par-ses-sondages-de-campagne\">Retraites : Macron contredit par ses sondages de campagne<\/a>&nbsp; (M\u00e9diapart)<\/p>\n\n\n\n<p><a href=\"https:\/\/www.mediapart.fr\/journal\/economie-et-social\/140323\/blocage-clermont-ferrand-la-strategie-c-est-de-taper-michelin-au-porte-monnaie\">Blocage \u00e0 Clermont-Ferrand&nbsp;: \u00abLa strat\u00e9gie, c\u2019est de taper Michelin au porte-monnaie\u00bb<\/a>&nbsp; (M\u00e9diapart)<\/p>\n\n\n\n<p><a href=\"https:\/\/rapportsdeforce.fr\/classes-en-lutte\/dans-les-ports-des-dockers-aux-marins-la-greve-coordonnee-pour-tout-paralyser-031417238\">Dans les ports, des dockers aux marins, la gr\u00e8ve coordonn\u00e9e pour \u00abtout paralyser\u00bb<\/a>&nbsp; (Rapports de Force)<\/p>\n\n\n\n<p><a href=\"https:\/\/www.alternatives-economiques.fr\/reformes-de-lassurance-chomage-retraites-seniors-c\/00106231\">R\u00e9formes de l\u2019assurance ch\u00f4mage et des retraites : \u00ab Pour les seniors, c\u2019est la double peine \u00bb<\/a>&nbsp;(Alter \u00e9co)<\/p>\n\n\n\n<p><a href=\"https:\/\/www.revolutionpermanente.fr\/Meeting-pour-la-greve-generale-600-personnes-pour-defendre-une-strategie-alternative-a-l\">Meeting pour la gr\u00e8ve g\u00e9n\u00e9rale&nbsp;: 600 personnes pour d\u00e9fendre une strat\u00e9gie alternative \u00e0 l\u2019intersyndicale<\/a>&nbsp;(RP)<\/p>\n\n\n\n<p><a href=\"https:\/\/www.revolutionpermanente.fr\/200-cheminots-et-soutiens-tentent-d-envahir-le-siege-de-Renaissance-la-police-matraque-et-gaze\">200 cheminots et soutiens tentent d\u2019envahir le si\u00e8ge de Renaissance, la police matraque et gaze&nbsp;<\/a>(RP)<\/p>\n\n\n\n<p><a href=\"https:\/\/www.revolutionpermanente.fr\/Toulouse-En-greve-reconductible-cheminots-et-energeticiens-rassembles-sur-un-piquet-commun\">Toulouse. En gr\u00e8ve reconductible, cheminots et \u00e9nerg\u00e9ticiens rassembl\u00e9s sur un piquet commun<\/a>&nbsp;(RP)<\/p>\n\n\n\n<p><a href=\"https:\/\/www.humanite.fr\/social-eco\/reforme-des-retraites\/les-eboueurs-veulent-mettre-la-reforme-la-benne-786485\">Les \u00e9boueurs veulent mettre la r\u00e9forme \u00e0 la benne<\/a>&nbsp;(l\u2019Humanit\u00e9)<\/p>\n\n\n\n<p><a href=\"https:\/\/www.force-ouvriere.fr\/a-la-veille-du-15-mars-la-mobilisation-sans-relache-contre-la\">A la veille du 15&nbsp;mars&nbsp;: La mobilisation sans rel\u00e2che contre la r\u00e9forme des retraites<\/a>&nbsp;(FO)<\/p>\n\n\n\n<p><strong><a href=\"https:\/\/rapportsdeforce.fr\/classes-en-lutte\/tout-comprendre-a-la-greve-des-dechets-a-paris-031417276\">Tout comprendre \u00e0 la gr\u00e8ve des d\u00e9chets \u00e0 Paris<\/a>&nbsp;<\/strong>(Rapports de force)<\/p>\n\n\n\n<p><a href=\"https:\/\/rapportsdeforce.fr\/classes-en-lutte\/dans-les-ports-des-dockers-aux-marins-la-greve-coordonnee-pour-tout-paralyser-031417238\">Dans les ports, des dockers aux marins, la gr\u00e8ve coordonn\u00e9e pour \u00ab tout paralyser \u00bb<\/a>&nbsp;(Rapports de force)<\/p>\n\n\n\n<p><strong><a href=\"https:\/\/www.mediapart.fr\/journal\/politique\/100323\/mettons-la-reforme-la-retraite-notre-emission-speciale\">\u00ab&nbsp;Mettons la r\u00e9forme \u00e0 la retraite&nbsp;!&nbsp;\u00bb&nbsp;: notre \u00e9mission sp\u00e9ciale<\/a>&nbsp;<\/strong>(Mediapart)<\/p>\n\n\n\n<p><a href=\"https:\/\/www.liberation.fr\/economie\/social\/dans-les-bouches-du-rhone-la-cgt-annonce-une-montee-en-puissance-des-actions-20230313_WKIEXYHWMBH5ZK4IG5TT6WHKJU\/\">Dans les Bouches-du-Rh\u00f4ne, la CGT annonce une \u00abmont\u00e9e en puissance des actions\u00bb<\/a>&nbsp;(Lib\u00e9ration)<\/p>\n\n\n\n<p><mark><strong>14 mars<\/strong><\/mark><\/p>\n\n\n\n<p><a href=\"https:\/\/www.liberation.fr\/economie\/social\/mobilisation-du-mercredi-15-mars-les-parcours-et-horaires-des-principales-manifestations-en-france-20230314_ADDKU3THGNDKHPON3QIUZ6DC5U\/\"><strong>Mobilisation du 15&nbsp;mars&nbsp;: les parcours et horaires des principales manifestations<\/strong><\/a>&nbsp;(Lib\u00e9ration)<\/p>\n\n\n\n<figure class=\"wp-block-image\"><img loading=\"lazy\" decoding=\"async\" width=\"388\" height=\"388\" src=\"https:\/\/i0.wp.com\/www.rdpemancipation.org\/wp-content\/uploads\/2023\/03\/image-57.png?resize=306%2C306&amp;ssl=1\" alt=\"\" class=\"wp-image-111258\" srcset=\"https:\/\/i0.wp.com\/www.rdpemancipation.org\/wp-content\/uploads\/2023\/03\/image-57.png?w=388&amp;ssl=1 388w, https:\/\/i0.wp.com\/www.rdpemancipation.org\/wp-content\/uploads\/2023\/03\/image-57.png?resize=300%2C300&amp;ssl=1 300w, https:\/\/i0.wp.com\/www.rdpemancipation.org\/wp-content\/uploads\/2023\/03\/image-57.png?resize=150%2C150&amp;ssl=1 150w\" sizes=\"auto, (max-width: 388px) 100vw, 388px\" \/><\/figure>\n\n\n\n<p><a href=\"https:\/\/www.francetvinfo.fr\/economie\/retraite\/reforme-des-retraites\/direct-reforme-des-retraites-le-trafic-sncf-encore-perturbe-a-la-veille-d-une-nouvelle-journee-de-mobilisation_5710265.html\"><strong>DIRECT live. La gr\u00e8ve des \u00e9boueurs \u00e0 Paris est reconduite jusqu\u2019au 20 mars<\/strong><\/a>&nbsp;(France Info)<a href=\"https:\/\/www.francetvinfo.fr\/economie\/retraite\/reforme-des-retraites\/reforme-des-retraites-les-deputes-ecologistes-ont-depose-une-proposition-de-loi-pour-supprimer-l-article-49-3_5710928.html\"><\/a><\/p>\n\n\n\n<p><strong><a href=\"https:\/\/www.francetvinfo.fr\/economie\/retraite\/reforme-des-retraites\/reforme-des-retraites-les-deputes-ecologistes-ont-depose-une-proposition-de-loi-pour-supprimer-l-article-49-3_5710928.html\">Les d\u00e9put\u00e9s \u00e9cologistes ont d\u00e9pos\u00e9 une proposition de loi pour supprimer l\u2019article 49.3&nbsp;<\/a><\/strong>&nbsp;(France Info)<\/p>\n\n\n\n<p><a href=\"http:\/\/alencontre.org\/europe\/france\/greves-et-manifestations-en-france-2.html\"><strong>Gr\u00e8ves et manifestations en France (2)<\/strong><\/a>&nbsp;(A l\u2019encontre)<\/p>\n\n\n\n<p><a href=\"https:\/\/www.contretemps.eu\/retraites-mouvement-macron-tournant\/\"><strong>Retraites&nbsp;: le mouvement sur la ligne de cr\u00eate<\/strong><\/a>&nbsp;&nbsp;(Contretemps)<\/p>\n\n\n\n<p><a href=\"https:\/\/www.huffingtonpost.fr\/france\/video\/contre-la-reforme-des-retraites-les-syndicats-de-l-energie-pronent-desormais-des-actions-ciblees_215194.html\">\u00ab&nbsp;Il faut que \u00e7a p\u00e8se sur l\u2019\u00e9conomie \u00bb&nbsp;: les syndicats de l\u2019\u00e9nergie pr\u00f4nent d\u00e9sormais des actions cibl\u00e9es&nbsp;<\/a>&nbsp;(HuffPost)<\/p>\n\n\n\n<p><a href=\"https:\/\/www.francetvinfo.fr\/economie\/retraite\/reforme-des-retraites\/greve-contre-la-reforme-des-retraites-les-caisses-solidaires-l-arme-financiere-des-syndicats_5710556.html\">Gr\u00e8ve contre la r\u00e9forme des retraites : les caisses solidaires, l\u2019arme financi\u00e8re des syndicats<\/a>&nbsp;(France Info)<\/p>\n\n\n\n<p><a href=\"https:\/\/www.francetvinfo.fr\/economie\/retraite\/reforme-des-retraites\/info-franceinfo-reforme-des-retraites-la-commission-mixte-paritaire-ne-sera-pas-retransmise-en-direct-a-tranche-la-presidente-de-l-assemblee-nationale_5710502.html\">La commission mixte paritaire ne sera pas retransmise en direct, a tranch\u00e9 la pr\u00e9sidente de l\u2019Assembl\u00e9e&nbsp;<\/a>&nbsp;(France Info)<\/p>\n\n\n\n<p><a href=\"https:\/\/www.huffingtonpost.fr\/politique\/video\/reforme-des-retraites-les-insoumis-veulent-a-tout-prix-rendre-publics-les-debats-de-la-commission-mixte-paritaire_215221.html\">Comment les Insoumis veulent quand m\u00eame diffuser les d\u00e9bats de la CMP sur les retraites<\/a>&nbsp;(HuffPost)<\/p>\n\n\n\n<p><a href=\"https:\/\/www.liberation.fr\/politique\/reforme-des-retraites-comment-fonctionne-la-commission-mixte-paritaire-20230314_3R3D54P7UJD37IXZ3SRRPOPTQE\/\">Comment fonctionne la \u00abcommission mixte paritaire\u00bb&nbsp;?<\/a>&nbsp;(Lib\u00e9ration)<\/p>\n\n\n\n<p><a href=\"https:\/\/www.liberation.fr\/politique\/retraites-les-14-parlementaires-qui-vont-etablir-le-texte-final-20230314_LUAIRTX7BNDMJGTSXSK3RF3U3A\/\">Commission mixte paritaire : les 14 parlementaires qui vont \u00e9tablir le texte final<\/a>(Lib\u00e9ration)<\/p>\n\n\n\n<p><a href=\"https:\/\/www.huffingtonpost.fr\/politique\/article\/reforme-des-retraites-le-compte-est-encore-tres-loin-d-y-etre-pour-voter-la-loi_215218.html\"><strong>\u00c0 l\u2019Assembl\u00e9e, le compte est encore loin d\u2019y \u00eatre pour voter la r\u00e9forme des retraites<\/strong><\/a><strong>&nbsp;&nbsp;<\/strong>(HuffPost)<\/p>\n\n\n\n<p><strong><a href=\"https:\/\/www.liberation.fr\/economie\/social\/greve-des-eboueurs-je-ne-sais-pas-si-le-gouvernement-comprend-quon-meurt-avant-les-autres-les-poubelles-qui-sentassent-cest-la-faute-de-macron-20230313_CJ5YW3DQWJHBJAOGEJAATPY75Q\/\">Gr\u00e8ve des \u00e9boueurs&nbsp;: \u00abJe ne sais pas si le gouvernement comprend qu\u2019on meurt avant les autres\u00bb<\/a>&nbsp;<\/strong>(Lib\u00e9ration)<\/p>\n\n\n\n<p><a href=\"https:\/\/mobile.agoravox.fr\/actualites\/politique\/article\/le-bras-d-honneur-du-gouvernement-247301\">Le bras d\u2019honneur du gouvernement&nbsp;<\/a>(Agora Vox)<\/p>\n\n\n\n<p><a href=\"https:\/\/alencontre.org\/europe\/france\/greves-et-manifestations-en-france-2.html\">Gr\u00e8ves et manifestations en France (2)<\/a>&nbsp;(A l\u2019encontre)<\/p>\n\n\n\n<p><a href=\"https:\/\/www.contretemps.eu\/retraites-mouvement-macron-tournant\/\">Retraites&nbsp;: le mouvement sur la ligne de cr\u00eate<\/a>&nbsp;(Contretemps)<\/p>\n\n\n\n<p><strong><a href=\"https:\/\/www.frustrationmagazine.fr\/aider-greve\/\">Tout le monde ne peut pas faire gr\u00e8ve (mais peut aider quand m\u00eame)<\/a>&nbsp;<\/strong>(Frustration)<\/p>\n\n\n\n<p><a href=\"https:\/\/www.leparisien.fr\/seine-et-marne-77\/fontainebleau-77300\/reforme-des-retraites-en-signe-de-protestation-la-cgt-culture-a-offert-lentree-au-chateau-de-fontainebleau-13-03-2023-LEMK3KPDARGEDEJ3UBXPZVF4CA.php\">En signe de protestation, la CGT Culture a offert l\u2019entr\u00e9e au ch\u00e2teau de Fontainebleau<\/a>&nbsp;(Le Parisien)<\/p>\n\n\n\n<p><a href=\"https:\/\/paris-luttes.info\/greve-generale-rendez-vous-de-la-16774\">Gr\u00e8ve g\u00e9n\u00e9rale&nbsp;: rendez-vous de la semaine du du 13 au 20&nbsp;mars<\/a>&nbsp;(Paris-Luttes info)<\/p>\n\n\n\n<p><a href=\"https:\/\/www.revolutionpermanente.fr\/Reconductible-malgre-l-offensive-contre-les-eboueurs-la-greve-continue\">Reconductible&nbsp;: malgr\u00e9 l\u2019offensive contre les \u00e9boueurs, la gr\u00e8ve continue<\/a>&nbsp;(RP)<\/p>\n\n\n\n<p><a href=\"https:\/\/linsoumission.fr\/2023\/03\/13\/ronds-points-blocages-continuent\/\">Ronds-points, raffineries, \u00e9boueurs : les blocages se poursuivent dans tout le pays<\/a>&nbsp;(L\u2019insoumission)<\/p>\n\n\n\n<p><strong><a href=\"https:\/\/www.gaucherepublicaine.org\/editorial\/penser-pour-lapres-7-mars-2023-les-debats-indispensables-a-mener\/7433330\">Penser pour l\u2019apr\u00e8s 7 mars 2023, les d\u00e9bats indispensables \u00e0 mener !<\/a>&nbsp;<\/strong>(Respublica)<\/p>\n\n\n\n<p><mark><strong>13 mars<\/strong><\/mark><\/p>\n\n\n\n<p><a href=\"https:\/\/rapportsdeforce.fr\/breves\/actions-et-greves-se-multiplient-en-attendant-le-15-mars-lag-031317253\"><strong>Actions et gr\u00e8ves se multiplient en attendant le 15 mars [L\u2019AG]<\/strong><\/a>&nbsp;(Rapports de Force)<\/p>\n\n\n\n<p><a href=\"https:\/\/www.lemediatv.fr\/emissions\/2023\/macron-veut-mettre-la-france-a-genoux-848u4dQmRnGDyHSWgTmupA\">Macron veut mettre la France \u00e0 genoux<\/a>&nbsp;(Le M\u00e9dia)<\/p>\n\n\n\n<p><a href=\"https:\/\/reporterre.net\/Eboueurs-et-egoutiers-Quand-on-fait-greve-ca-se-sent-tout-de-suite\">\u00ab&nbsp;On va les mettre \u00e0 terre&nbsp;\u00bb&nbsp;: les \u00e9boueurs en gr\u00e8ve contre la r\u00e9forme des retraites<\/a>&nbsp;(Reporterre)<\/p>\n\n\n\n<p><a href=\"https:\/\/basta.media\/Soutenir-les-grevistes-contre-la-reforme-des-retraites-les-caisses-de-solidarite-mode-d-emploi\"><strong>Soutenir les gr\u00e9vistes contre la r\u00e9forme : les caisses de solidarit\u00e9, mode d\u2019emploi&nbsp;<\/strong><\/a>(Basta!)<\/p>\n\n\n\n<p><a href=\"https:\/\/www.francetvinfo.fr\/economie\/retraite\/reforme-des-retraites\/reforme-des-retraites-le-gouvernement-en-quete-de-voix-a-l-assemblee-assure-vouloir-eviter-le-recours-au-49-3_5708522.html\"><strong>Live #retraites : les d\u00e9put\u00e9s socialistes demandent que la commission mixte paritaire soit retransmise publiquement<\/strong><\/a>&nbsp;(France Info)<\/p>\n\n\n\n<p><a href=\"https:\/\/www.francetvinfo.fr\/economie\/retraite\/reforme-des-retraites\/ca-peut-bouger-jusqu-au-dernier-moment-les-deputes-des-republicains-vont-ils-voter-la-reforme-des-retraites_5707046.html\">\u00c7a peut bouger jusqu\u2019au dernier moment&nbsp;\u00bb : les d\u00e9put\u00e9s des R\u00e9publicains vont-ils voter la r\u00e9forme des retraites ?<\/a>(France Info)<\/p>\n\n\n\n<p><strong><a href=\"https:\/\/www.mediapart.fr\/journal\/economie-et-social\/100323\/lundi-19-heures-emission-speciale-mettons-la-reforme-la-retraite\">Lundi 19h, \u00e9mission sp\u00e9ciale&nbsp;: \u00ab Mettons la r\u00e9forme \u00e0 la retraite ! \u00bb<\/a><\/strong>&nbsp;(M\u00e9diapart, en clair)<\/p>\n\n\n\n<figure class=\"wp-block-image\"><img loading=\"lazy\" decoding=\"async\" width=\"316\" height=\"213\" src=\"https:\/\/i0.wp.com\/www.rdpemancipation.org\/wp-content\/uploads\/2023\/03\/image-45.png?resize=435%2C293&amp;ssl=1\" alt=\"\" class=\"wp-image-111153\" srcset=\"https:\/\/i0.wp.com\/www.rdpemancipation.org\/wp-content\/uploads\/2023\/03\/image-45.png?w=316&amp;ssl=1 316w, https:\/\/i0.wp.com\/www.rdpemancipation.org\/wp-content\/uploads\/2023\/03\/image-45.png?resize=300%2C202&amp;ssl=1 300w\" sizes=\"auto, (max-width: 316px) 100vw, 316px\" \/><\/figure>\n\n\n\n<p><a href=\"https:\/\/www.mediapart.fr\/journal\/economie-et-social\/110323\/la-colere-est-toujours-la-contre-la-reforme-des-retraites-les-manifestants-refusent-de-se-resi\">Les manifestants refusent de se r\u00e9signer&nbsp;<\/a>&nbsp;(M\u00e9diapart)<\/p>\n\n\n\n<p><a href=\"https:\/\/www.huffingtonpost.fr\/politique\/article\/reforme-des-retraites-49-3-motion-de-censure-la-semaine-de-tous-les-risques-pour-le-gouvernement_215140.html\">49-3, motion de censure\u2026 La semaine de tous les dangers pour le gouvernement&nbsp;<\/a>&nbsp;(HuffPost)<\/p>\n\n\n\n<p><a href=\"https:\/\/alencontre.org\/europe\/france\/france-reforme-des-retraites-il-y-aura-bien-des-perdant%c2%b7e%c2%b7s-et-beaucoup.html\">France. \u00abR\u00e9forme des retraites: il y aura bien des perdant\u00b7e\u00b7s, et beaucoup!\u00bb<\/a>&nbsp;(A l\u2019encontre)<\/p>\n\n\n\n<p><strong><a href=\"https:\/\/www.contretemps.eu\/mouvements-sociaux-victoires-histoire-france\/\">Retours sur quelques mouvements sociaux victorieux de l\u2019histoire r\u00e9cente en France<\/a>&nbsp;(<\/strong>Contretemps)<\/p>\n\n\n\n<p><a href=\"https:\/\/paris-luttes.info\/greve-generale-rendez-vous-de-la-16774\">Gr\u00e8ve g\u00e9n\u00e9rale&nbsp;: rendez-vous de la semaine du du 13 au 20&nbsp;mars<\/a>&nbsp;(Paris-Luttes info)<\/p>\n\n\n\n<p><a href=\"https:\/\/www.politis.fr\/articles\/2023\/03\/pour-les-jeunes-malgre-les-obstacles-il-faut-durcir-le-mouvement\/\">A relire : Pour les jeunes, \u00ab&nbsp;malgr\u00e9 les obstacles, il faut durcir le mouvement&nbsp;\u00bb<\/a>&nbsp;(Politis)<\/p>\n\n\n\n<p><a href=\"https:\/\/www.revolutionpermanente.fr\/Les-aiguilleurs-de-Paris-Nord-envahissent-le-siege-de-SNCF-Reseau\">Les aiguilleurs de Paris Nord envahissent le si\u00e8ge de SNCF R\u00e9seau<\/a>&nbsp;(RP)<\/p>\n\n\n\n<p><a href=\"https:\/\/www.humanite.fr\/social-eco\/manifestations\/la-population-fait-bloc-derriere-les-grevistes-786170\">La population fait bloc derri\u00e8re les gr\u00e9vistes<\/a>&nbsp;(l\u2019Humanit\u00e9)<\/p>\n\n\n\n<p><a href=\"https:\/\/www.force-ouvriere.fr\/francoise-aux-cotes-de-salaries-a-l-euro-pres-mais-mobilises\">Fran\u00e7oise, aux c\u00f4t\u00e9s de salari\u00e9s \u00e0 l\u2019euro pr\u00e8s, mais mobilis\u00e9s<\/a>&nbsp;(FO)<\/p>\n\n\n\n<p><a href=\"https:\/\/www.msn.com\/fr-fr\/actualite\/france\/retraites-en-france-les-syndicats-et-le-gouvernement-se-pr%C3%A9parent-%C3%A0-une-semaine-d%C3%A9cisive\/ar-AA18xtwJ\">Retraites : les syndicats et le gouvernement se pr\u00e9parent \u00e0 une semaine d\u00e9cisive&nbsp;<\/a>(RFI)<\/p>\n\n\n\n<p><mark><strong>12 mars<\/strong><\/mark><\/p>\n\n\n\n<p><a href=\"https:\/\/www.lemonde.fr\/idees\/article\/2023\/03\/10\/retraites-nous-deputes-nationaux-eurodeputes-et-leaders-politiques-de-gauche-europeens-apportons-un-soutien-sans-faille-au-mouvement-social-francais_6164977_3232.html\">Retraites&nbsp;: \u00ab&nbsp;Nous, d\u00e9put\u00e9s nationaux, eurod\u00e9put\u00e9s et leaders politiques de gauche europ\u00e9ens, apportons un soutien sans faille au mouvement social fran\u00e7ais&nbsp;\u00bb<\/a>&nbsp;(Tribune dans Le Monde)<\/p>\n\n\n\n<p><a href=\"https:\/\/mobile.agoravox.fr\/tribune-libre\/article\/une-autre-vision-de-la-question-247255\">Une autre vision de la question des retraites<\/a>&nbsp;(Agora Vox)<a href=\"https:\/\/www.francetvinfo.fr\/economie\/retraite\/reforme-des-retraites\/reforme-des-retraites-quel-est-le-programme-pour-le-projet-de-loi-apres-son-adoption-au-senat_5703779.html\"><\/a><a href=\"https:\/\/www.francetvinfo.fr\/economie\/retraite\/reforme-des-retraites\/reforme-des-retraites-quel-est-le-programme-pour-le-projet-de-loi-apres-son-adoption-au-senat_5703779.html\">Retraites : quel est le programme pour le projet de loi apr\u00e8s son adoption au S\u00e9nat ?<\/a>&nbsp;(France info)<\/p>\n\n\n\n<p><a href=\"https:\/\/www.francetvinfo.fr\/economie\/retraite\/reforme-des-retraites\/direct-reforme-des-retraites-la-commission-mixte-paritaire-n-est-pas-jouee-d-avance-previent-le-chef-des-senateurs-lr_5706914.html\">\u00ab&nbsp;La commission mixte paritaire n\u2019est pas jou\u00e9e d\u2019avance&nbsp;\u00bb, pr\u00e9vient le chef des s\u00e9nateurs LR<\/a>&nbsp;(France info)<mark><strong>11 mars<\/strong><\/mark><\/p>\n\n\n\n<p><strong><a href=\"https:\/\/www.liberation.fr\/economie\/social\/en-direct-manifs-du-11-mars-suivez-la-journee-de-mobilisation-nationale-contre-la-reforme-des-retraites-20230311_DO2JTNCJKVHLZM5LQVO2A3A3FY\/\">DIRECT \u2013 Manif du 11&nbsp;mars&nbsp;: des dizaines de milliers de personnes dans les rues de Paris<\/a><\/strong>&nbsp;(Lib\u00e9ration)<\/p>\n\n\n\n<p><a href=\"https:\/\/www.liberation.fr\/politique\/a-boulogne-sur-mer-ca-fait-combien-de-temps-quon-defile-cest-comme-si-on-nexistait-pas-20230311_Y2CG57TJ55EVBPLFWTQZ5555PQ\/\">A Boulogne-sur-Mer, \u00ab\u00e7a fait combien de temps qu\u2019on d\u00e9file&nbsp;? C\u2019est comme si on n\u2019existait pas\u00bb<\/a>&nbsp;(Lib\u00e9ration)<\/p>\n\n\n\n<p><a href=\"https:\/\/www.liberation.fr\/politique\/retraites-a-millau-on-est-prets-a-bordeliser-le-pays-20230311_FIQS2HLIAJFWTIWH4DKU5JDBMM\/\">Retraites&nbsp;: \u00e0 Millau, \u00abon est pr\u00eats \u00e0 bord\u00e9liser le pays\u00bb<\/a>&nbsp;(Lib\u00e9ration)<\/p>\n\n\n\n<p><a href=\"https:\/\/www.huffingtonpost.fr\/politique\/article\/reforme-des-retraites-macron-agace-frederic-souillot-fo-avec-sa-reponse-a-l-intersyndicale_215111.html\">\u00abOn se demande s\u2019il se fout pas de notre gueule\u00bb&nbsp;: le patron de FO n\u2019a pas appr\u00e9ci\u00e9 la r\u00e9ponse de Macron \u00e0 l\u2019intersyndicale<\/a>&nbsp;(HuffPost)<\/p>\n\n\n\n<p><a href=\"https:\/\/www.rue89strasbourg.com\/louise-feve-cgt-cheminots-seuls-nous-arriveront-pas-faire-reculer-gouvernement-259141\">Louise F\u00e8ve, de la CGT cheminots : \u00abSeuls, nous n\u2019arriverons pas \u00e0 faire reculer le gouvernement\u00bb<\/a>&nbsp; (Rue89 Strasbourg)<\/p>\n\n\n\n<p><a href=\"https:\/\/link.newsletter.franceculture.fr\/m\/ml\/7429\/787169\/QTonY5N-CNYbjS_YC5huEm9C5lXTLJmivm821gAfcU8=\/VMfBRJxX1HFSXV+yF5T-tSGC5cyIrPfla6kC4a-O3LA=\/\">Retraites, pouvoir d\u2019achat, inflation\u2026 Les femmes grandes perdantes<\/a>&nbsp;(France Culture)<\/p>\n\n\n\n<p><a href=\"http:\/\/alencontre.org\/europe\/france\/france-reportage-en-lorraine-ces-7-et-8-mars-quelque-chose-de-nouveau-sy-exprimait.html\">Reportage. \u00abEn Lorraine, ces 7 et 8&nbsp;mars, quelque chose de nouveau s\u2019y exprimait\u00bb<\/a>&nbsp;(A l\u2019encontre)<\/p>\n\n\n\n<p><a href=\"http:\/\/alencontre.org\/europe\/france\/france-depuis-notre-greve-on-a-une-force-enorme-reflexions-sur-une-lutte-dans-le-secteur-des-soins-a-la-personne.html\">Depuis notre gr\u00e8ve, on a une force \u00e9norme\u00bb. R\u00e9flexions sur une lutte dans le secteur des soins \u00e0 la personne<\/a>&nbsp;(A l\u2019encontre)<\/p>\n\n\n\n<p><a href=\"https:\/\/www.cadtm.org\/Les-dernieres-annees-c-est-les-meilleures-annees-pour-la-retraite-mais-c-est\">\u00ab Les derni\u00e8res ann\u00e9es c\u2019est les meilleures ann\u00e9es pour la retraite, mais c\u2019est les pires au boulot \u00bb<\/a>&nbsp; (CADTM)<\/p>\n\n\n\n<p><strong><a href=\"https:\/\/www.cadtm.org\/Retraite-Macron-Repartition-capitalisation-une-contradiction-classe-peuple\">Retraite Macron : R\u00e9partition, capitalisation : une contradiction classe-peuple<\/a>&nbsp;<\/strong>(CADTM)<\/p>\n\n\n\n<p><a href=\"https:\/\/www.lemonde.fr\/politique\/live\/2023\/03\/11\/manifestations-du-11-mars-en-direct-de-paris-a-amiens-plus-de-230-rassemblements-prevus-contre-la-reforme-des-retraites_6165053_823448.html\">Direct. Des manifestations partout, les syndicats appellent \u00e0 \u2018consulter le peuple\u2019&nbsp;<\/a>&nbsp;(Le Monde)<\/p>\n\n\n\n<figure class=\"wp-block-image\"><img loading=\"lazy\" decoding=\"async\" width=\"563\" height=\"321\" src=\"https:\/\/i0.wp.com\/www.rdpemancipation.org\/wp-content\/uploads\/2023\/03\/image-42.png?resize=428%2C244&amp;ssl=1\" alt=\"\" class=\"wp-image-111100\" srcset=\"https:\/\/i0.wp.com\/www.rdpemancipation.org\/wp-content\/uploads\/2023\/03\/image-42.png?w=563&amp;ssl=1 563w, https:\/\/i0.wp.com\/www.rdpemancipation.org\/wp-content\/uploads\/2023\/03\/image-42.png?resize=300%2C171&amp;ssl=1 300w\" sizes=\"auto, (max-width: 563px) 100vw, 563px\" \/><figcaption class=\"wp-element-caption\"><sup>Kanar, pour Alter \u00e9co<\/sup><\/figcaption><\/figure>\n\n\n\n<p><strong><a href=\"https:\/\/alencontre.org\/europe\/france\/france-retraites-le-mouvement-sur-la-ligne-de-crete.html\">France. \u00abRetraites: le mouvement sur la ligne de cr\u00eate\u00bb<\/a>&nbsp;<\/strong>(A l\u2019encontre)<\/p>\n\n\n\n<p><a href=\"https:\/\/www.france24.com\/fr\/france\/20230311-manifestation-septi%C3%A8me-mobilisation-des-opposants-%C3%A0-la-r%C3%A9forme-des-retraites\">Manifestation : septi\u00e8me mobilisation des opposants \u00e0 la r\u00e9forme des retraites<\/a>&nbsp;(France 24)<\/p>\n\n\n\n<p><strong><a href=\"https:\/\/www.revolutionpermanente.fr\/Greve-generale-Meeting-lundi-a-Paris-avec-F-Lordon-M-Sidibe-A-Kazib-et-de-nombreux-secteurs-en\">Gr\u00e8ve g\u00e9n\u00e9rale&nbsp;! Meeting lundi \u00e0 Paris avec F. Lordon, M.&nbsp;Sidib\u00e9, A. Kazib&nbsp;<\/a><\/strong>(RP)<\/p>\n\n\n\n<p><a href=\"https:\/\/www.force-ouvriere.fr\/projet-de-reforme-des-retraites-a-storengy-a-on-amplifie-le\">Projet de r\u00e9forme des retraites \u00e0 Storengy a on amplifie le message&nbsp;!<\/a>&nbsp;(FO)<\/p>\n\n\n\n<p><strong><a href=\"https:\/\/www.blast-info.fr\/articles\/2023\/retraites-derriere-la-reforme-la-capitalisation-guette-PPzGFNRLTruxcAeMAQARpw\">Retraites : derri\u00e8re la r\u00e9forme, la capitalisation guette<\/a>&nbsp;<\/strong>(Blast)<\/p>\n\n\n\n<p><a href=\"https:\/\/linsoumission.fr\/2023\/03\/10\/retraites-15-mensonges-macron\/\">Retraites : les 15 mensonges de Macron dans sa lettre aux syndicats<\/a>&nbsp;(L\u2019insoumission)<\/p>\n\n\n\n<p><strong>10 mars<\/strong><\/p>\n\n\n\n<p><a href=\"https:\/\/www.francetvinfo.fr\/economie\/retraite\/reforme-des-retraites\/direct-reforme-des-retraites-le-senat-adopte-l-article-8-sur-les-carrieres-longues-les-greves-se-poursuivent-pour-le-quatrieme-jour-d-affilee_5703134.html\"><strong>Le gouvernement d\u00e9cide d\u2019utiliser la proc\u00e9dure du \u00ab&nbsp;vote bloqu\u00e9&nbsp;\u00bb au S\u00e9nat pour aboutir \u00e0 un vote<\/strong><\/a>&nbsp;(France Info)<\/p>\n\n\n\n<p><a href=\"https:\/\/www.mediapart.fr\/journal\/politique\/090323\/retraites-les-sueurs-froides-du-pouvoir\">Retraites : les sueurs froides du pouvoir<\/a>&nbsp;(M\u00e9diapart)<\/p>\n\n\n\n<p><a href=\"https:\/\/www.off-investigation.fr\/bras-de-fer\/\">Bras de fer&nbsp;: comment les macronistes ont braqu\u00e9 les Fran\u00e7ais<\/a>&nbsp;(Off Investigation)<\/p>\n\n\n\n<p><a href=\"https:\/\/www.politis.fr\/articles\/2023\/03\/quand-olivier-marleix-lr-prevenait-on-ne-sera-pas-complice-dune-methode-trop-brutale\/\"><strong>Quand Olivier Marleix (LR) pr\u00e9venait : \u00abOn ne sera pas complice d\u2019une m\u00e9thode trop brutale\u00bb<\/strong><\/a>&nbsp;(Politis)<\/p>\n\n\n\n<p><a href=\"https:\/\/www.mediapart.fr\/journal\/economie-et-social\/100323\/le-renouveau-des-caisses-de-greve-repond-l-endurance-du-pouvoir\">Le renouveau des caisses de gr\u00e8ve \u00abr\u00e9pond \u00e0 l\u2019endurance\u00bb du pouvoir<\/a>&nbsp;(M\u00e9diapart)<\/p>\n\n\n\n<p><a href=\"https:\/\/rapportsdeforce.fr\/pouvoir-et-contre-pouvoir\/retraites-la-brute-et-le-truand-031017216\">Retraites : la brute et le truand<\/a>&nbsp;(Rapports de Force)<\/p>\n\n\n\n<p><a href=\"https:\/\/www.humanite.fr\/politique\/reforme-des-retraites\/reforme-des-retraites-nouveau-coup-de-force-du-gouvernement-au-senat-786053#xtor=RSS-1\">R\u00e9forme des retraites : nouveau coup de force du gouvernement au S\u00e9nat<\/a>&nbsp;(L\u2019Humanit\u00e9)<\/p>\n\n\n\n<p><a href=\"https:\/\/www.politis.fr\/articles\/2023\/03\/femmes-les-grandes-perdantes\/\">Femmes : les grandes perdantes<\/a>&nbsp;(Politis)<\/p>\n\n\n\n<p><a href=\"https:\/\/www.politis.fr\/articles\/2023\/03\/assemblee-nationale-larene-des-males-sexisme-comptage\/\">Notre comptage qui r\u00e9v\u00e8le le comportement sexiste des d\u00e9put\u00e9s dans l\u2019h\u00e9micycle&nbsp;<\/a>(Politis)<\/p>\n\n\n\n<p><a href=\"https:\/\/rapportsdeforce.fr\/classes-en-lutte\/pour-les-eboueurs-de-paris-la-greve-doit-durer-le-plus-longtemps-possible-030817167\"><strong>Pour les \u00e9boueurs de Paris, la gr\u00e8ve doit \u00ab durer le plus longtemps possible \u00bb<\/strong><\/a>&nbsp;(Rapports de Force)<\/p>\n\n\n\n<p><a href=\"https:\/\/basta.media\/reforme-des-retraites-64-ans-comme-nos-voisins-les-vrais-chiffres-derriere-les-arguments-du-gouvernement\"><strong>La retraite \u00e0 64 ans comme nos voisins ? Les vrais chiffres derri\u00e8re les arguments du gouvernement<\/strong><\/a>&nbsp;(Basta!)<\/p>\n\n\n\n<p><a href=\"https:\/\/www.liberation.fr\/societe\/education\/manif-etudiante-du-9-mars-a-paris-si-on-ne-bloque-pas-maintenant-personne-le-fera-a-notre-place-20230309_HMO5YKE2I5B2DL32BIGYFITMJU\/\">Manif \u00e9tudiante du 9 mars \u00e0 Paris : \u00abSi on ne bloque pas maintenant, personne le fera \u00e0 notre place\u00bb<\/a>&nbsp;(Lib\u00e9ration)<\/p>\n\n\n\n<p><a href=\"https:\/\/www.leparisien.fr\/economie\/greve-du-vendredi-10-mars-trains-avions-rer-raffineries-dechets-le-point-sur-la-mobilisation-jusquau-week-end-09-03-2023-ZTDT4E2OMJEP5M5H5E6UIU5K7Y.php\">10 mars : trains, avions, raffineries, d\u00e9chets\u2026 le point sur la mobilisation jusqu\u2019au week-end<\/a>&nbsp;(Le Parisien)<\/p>\n\n\n\n<p><a href=\"https:\/\/www.revolutionpermanente.fr\/Greves-et-penuries-dans-les-stations-services-les-salaries-pauvres-de-Total-entrent-dans-la\">Gr\u00e8ves et p\u00e9nuries dans les stations-services&nbsp;: les \u00ab&nbsp;salari\u00e9s pauvres&nbsp;\u00bb de Total entrent dans la bataille<\/a>&nbsp;(RP)<\/p>\n\n\n\n<p><strong><a href=\"https:\/\/www.revolutionpermanente.fr\/Le-Havre-Niort-Nimes-Limoges-Chalons-Poitiers-les-blocages-de-zones-industrielles-se-multiplient\">Le Havre, Niort, N\u00eemes, Limoges, Ch\u00e2lons, Poitiers&nbsp;: les blocages de zones industrielles&nbsp;se&nbsp;multiplient<\/a>&nbsp;<\/strong>(RP)<\/p>\n\n\n\n<p><strong><a href=\"https:\/\/www.blast-info.fr\/articles\/2023\/le-travail-cest-pas-la-sante-cest-le-ministere-du-travail-qui-le-dit-GYp5wRQ9QAOzryhUOHuJLg\">Le travail, c\u2019est pas la sant\u00e9 : c\u2019est le minist\u00e8re du travail qui le dit<\/a>&nbsp;<\/strong>(Blast)<\/p>\n\n\n\n<p><a href=\"https:\/\/lanticapitaliste.org\/arguments\/strategie\/mouvement-ouvrier-les-syndicats-et-la-greve-generale\">Mouvement ouvrier : les syndicats et la gr\u00e8ve g\u00e9n\u00e9rale<\/a>&nbsp;(l\u2019Anticapitaliste)<\/p>\n\n\n\n<p><a href=\"https:\/\/rapportsdeforce.fr\/classes-en-lutte\/a-paris-la-manifestation-pour-les-droits-des-femmes-prend-sa-place-dans-la-bataille-sociale-030917183\">A Paris, la manifestation pour les droits des femmes prend sa place dans la bataille sociale&nbsp;<\/a>(Rapports de force)<\/p>\n\n\n\n<p><a href=\"https:\/\/rapportsdeforce.fr\/classes-en-lutte\/marie-buisson-avant-de-ceder-un-gouvernement-ne-dis-jamais-quil-va-ceder-030917185\">Marie Buisson&nbsp;: \u00ab&nbsp;avant de c\u00e9der, un gouvernement ne dit jamais qu\u2019il va c\u00e9der&nbsp;\u00bb&nbsp;<\/a>(Rapports de force)<\/p>\n\n\n\n<p><a href=\"https:\/\/www.lemonde.fr\/politique\/article\/2023\/03\/09\/reforme-des-retraites-a-la-sncf-la-greve-reconduite_6164856_823448.html\">R\u00e9forme des retraites&nbsp;: \u00e0 la SNCF, la gr\u00e8ve reconduite<\/a>&nbsp;(Le Monde)<\/p>\n\n\n\n<p><a href=\"https:\/\/france3-regions.francetvinfo.fr\/occitanie\/herault\/montpellier\/greve-contre-la-reforme-des-retraites-blocage-pour-une-duree-indeterminee-de-l-universite-paul-valery-a-montpellier-2729178.html\">Blocage \u00ab&nbsp;pour une dur\u00e9e ind\u00e9termin\u00e9e&nbsp;\u00bb de l\u2019Universit\u00e9 Paul Val\u00e9ry \u00e0 Montpellier<\/a>&nbsp;(franceinfo)<\/p>\n\n\n\n<p><strong>9 mars<\/strong><\/p>\n\n\n\n<p><a href=\"https:\/\/www.liberation.fr\/checknews\/retraites-comment-les-contribuables-francais-financent-le-tres-avantageux-regime-des-senateurs-20230309_OMPHLQMH3JHLNM6E2A37ZA5M3Q\/\">Comment les contribuables fran\u00e7ais financent le tr\u00e8s avantageux r\u00e9gime des s\u00e9nateurs<\/a>&nbsp;&nbsp;(Lib\u00e9ration)<\/p>\n\n\n\n<p><a href=\"https:\/\/www.lemonde.fr\/campus\/article\/2023\/03\/09\/16-64-c-est-une-biere-pas-une-carriere-journee-d-action-de-la-jeunesse-contre-la-reforme-des-retraites_6164792_4401467.html\">\u00ab16-64, c\u2019est une bi\u00e8re, pas une carri\u00e8re\u00bb&nbsp;: \u00e9tudiants et lyc\u00e9ens manifestent contre la&nbsp;r\u00e9forme des retraites<\/a>&nbsp;(Le Monde)<\/p>\n\n\n\n<p><a href=\"https:\/\/www.lemonde.fr\/politique\/article\/2023\/03\/09\/reforme-des-retraites-le-dispositif-sur-les-carrieres-longues-ne-profite-pas-aux-travailleurs-les-plus-eprouves_6164771_823448.html\">Le dispositif sur les \u00ab&nbsp;carri\u00e8res longues&nbsp;\u00bb ne profite pas aux travailleurs les plus \u00e9prouv\u00e9s<\/a>&nbsp;(Le Monde)<\/p>\n\n\n\n<p><a href=\"https:\/\/www.humanite.fr\/societe\/reforme-des-retraites\/ils-prennent-le-relais-le-9-mars-les-jeunes-rejettent-le-projet-de-societe-que-macron-leur-propose-785845#xtor=RSS-1\"><strong>Ils prennent le relais le 9 mars : \u00abLes jeunes rejettent le projet de soci\u00e9t\u00e9 que Macron leur propose\u00bb<\/strong><\/a>&nbsp; (L\u2019Humanit\u00e9)<\/p>\n\n\n\n<p><a href=\"https:\/\/www.liberation.fr\/economie\/social\/en-direct-greve-du-9-mars-suivez-la-mobilisation-des-etudiants-contre-la-reforme-des-retraites-20230309_ANFX2E445FECTOLQ7KQOV4B7JM\/\"><strong>Au fil de la journ\u00e9e : \u00ables jeunes dans la gal\u00e8re, les vieux dans la mis\u00e8re\u00bb, \u00e0 Paris, \u00e9tudiants et lyc\u00e9ens mobilis\u00e9s<\/strong><\/a>&nbsp;(Lib\u00e9ration)<\/p>\n\n\n\n<p><a href=\"https:\/\/www.mediapart.fr\/journal\/economie-et-social\/090323\/dans-la-banlieue-industrielle-du-havre-le-blocage-de-l-economie-ne-tient-qu-un-fil\">Au Havre, le \u00ab&nbsp;blocage de l\u2019\u00e9conomie&nbsp;\u00bb ne tient qu\u2019\u00e0 un fil<\/a>&nbsp;(M\u00e9diapart)<\/p>\n\n\n\n<p><a href=\"https:\/\/www.revolutionpermanente.fr\/Greves-et-penuries-dans-les-stations-services-les-salaries-pauvres-de-Total-entrent-dans-la\">Gr\u00e8ves et p\u00e9nuries dans les stations-services&nbsp;: les \u00ab&nbsp;salari\u00e9s pauvres&nbsp;\u00bb de Total entrent dans la bataille<\/a>&nbsp;(RP)<\/p>\n\n\n\n<p><strong><a href=\"https:\/\/www.mediapart.fr\/journal\/fil-dactualites\/090323\/retraites-courant-coupe-au-stade-de-france-et-au-chantier-du-village-olympique-selon-la-cgt\">Retraites : courant coup\u00e9 au stade de France et au chantier du village olympique<\/a>&nbsp;<\/strong>(AFP)<\/p>\n\n\n\n<p><a href=\"https:\/\/www.liberation.fr\/societe\/education\/reforme-des-retraites-ou-en-est-le-mouvement-etudiant-20230309_FTVGHP7W7NF5NCWBP3JBKOVF6E\/\">R\u00e9forme des retraites&nbsp;: o\u00f9 en est le mouvement \u00e9tudiant&nbsp;?<\/a>&nbsp;(Lib\u00e9ration)<\/p>\n\n\n\n<p><strong><a href=\"https:\/\/www.youtube.com\/watch?v=UJtPi1NHwBY&amp;ab_channel=BLAST%2CLesouffledel%27info\">Gr\u00e8ve du 7 mars : le gouvernement \u00e0 la rue&nbsp;<\/a>(<\/strong>Blast)<\/p>\n\n\n\n<p><strong><a href=\"https:\/\/www.alternatives-economiques.fr\/inegalites-entre-hommes-femmes-a-retraite-restent-massives\/00106196\">\u00ab&nbsp;Les in\u00e9galit\u00e9s entre hommes et femmes \u00e0 la retraite restent massives&nbsp;\u00bb<\/a>&nbsp;<\/strong>(Alternatives Economiques)<\/p>\n\n\n\n<p><a href=\"https:\/\/www.revue-ballast.fr\/les-retraites-un-enjeu-feministe\/\">Les retraites : un enjeu f\u00e9ministe<\/a>&nbsp;(Ballast)<\/p>\n\n\n\n<p><a href=\"https:\/\/www.frustrationmagazine.fr\/caisse-greve\/\">Pour soutenir la gr\u00e8ve, comment fonctionne la caisse de solidarit\u00e9 ?<\/a>&nbsp;(Frustration)<\/p>\n\n\n\n<p><a href=\"https:\/\/lepoing.net\/retraites-le-site-nicollin-sete-bloque-les-grevistes-appellent-a-rejoindre\/\">Retraites : le site Nicollin S\u00e8te bloqu\u00e9, les gr\u00e9vistes appellent \u00e0 rejoindre&nbsp;<\/a>(Le Poing)<\/p>\n\n\n\n<p><strong><a href=\"https:\/\/www.revolutionpermanente.fr\/26-000-grevistes-chez-Enedis-et-GRDF-les-robins-de-bois-n-ont-pas-suffi-on-va-durcir-le-mouvement\">26 000 gr\u00e9vistes chez Enedis et GRDF&nbsp;: \u00ab&nbsp;les robins de bois n\u2019ont pas suffi, on va durcir le mouvement&nbsp;!&nbsp;\u00bb<\/a>&nbsp;<\/strong>(RP)<\/p>\n\n\n\n<p><a href=\"https:\/\/www.revolutionpermanente.fr\/Marseille-Le-Havre-Nantes-Les-principaux-ports-toujours-bloques-contre-la-reforme-des-retraites\">Marseille, Le Havre, Nantes\u2026 Les principaux ports toujours bloqu\u00e9s contre la r\u00e9forme des retraites<\/a>&nbsp;(RP)<\/p>\n\n\n\n<p><a href=\"https:\/\/reporterre.net\/C-est-quoi-bloquer-le-pays-les-reponses-des-manifestants\">C\u2019est quoi \u00ab&nbsp;bloquer le pays&nbsp;\u00bb&nbsp;? les r\u00e9ponses des manifestants<\/a>&nbsp;(Reporterre)<\/p>\n\n\n\n<p><a href=\"https:\/\/rapportsdeforce.fr\/classes-en-lutte\/pour-les-eboueurs-de-paris-la-greve-doit-durer-le-plus-longtemps-possible-030817167\">Pour les \u00e9boueurs de Paris, la gr\u00e8ve doit \u00ab durer le plus longtemps possible \u00bb<\/a>&nbsp;(Rapports de force)<\/p>\n\n\n\n<p><strong><a href=\"https:\/\/www.msn.com\/fr-fr\/actualite\/france\/totalenergies-la-gr%C3%A8ve-se-durcit-dans-les-raffineries-en-france-exp%C3%A9ditions-interrompues\/ar-AA18nsd4\">TotalEnergies : La gr\u00e8ve se durcit dans les raffineries en France, exp\u00e9ditions interrompues&nbsp;<\/a><\/strong>(Reuters)<\/p>\n\n\n\n<p><a href=\"https:\/\/www.youtube.com\/watch?v=KDjVBilIRK0&amp;ab_channel=Journall%27Humanit%C3%A9\">\u00c0 Paris-Gare-de-Lyon, les cheminots savourent la mobilisation du 7 mars et votent la gr\u00e8ve&nbsp;<\/a>(l\u2019Humanit\u00e9)<\/p>\n\n\n\n<p><strong>8 mars<\/strong><\/p>\n\n\n\n<p><a href=\"https:\/\/www.mediapart.fr\/journal\/politique\/080323\/retraites-la-mobilisation-s-amplifie-encore\">Retraites : la mobilisation s\u2019amplifie encore<\/a>&nbsp;(M\u00e9diapart)<\/p>\n\n\n\n<p><a href=\"https:\/\/www.boursorama.com\/actualite-economique\/actualites\/trains-annules-raffineries-bloquees-les-greves-continuent-aac3c5fdce4f89ddaa017f4cd4986ca2\">Trains annul\u00e9s, raffineries bloqu\u00e9es : les gr\u00e8ves continuent<\/a>&nbsp;(AFP)<\/p>\n\n\n\n<p><a href=\"https:\/\/www.boursorama.com\/actualite-economique\/actualites\/retraites-la-porte-de-macron-fermee-aux-syndicats-vote-attendu-sur-les-64-ans-au-senat-4e8ffde50fbefc4c1af16006dd0566f4\">La porte de Macron ferm\u00e9e aux syndicats, vote attendu sur les 64 ans au S\u00e9nat<\/a>&nbsp;(AFP)<\/p>\n\n\n\n<p><a href=\"https:\/\/www.boursorama.com\/videos\/actualites\/reforme-des-retraites-des-grevistes-bloquent-l-entree-du-port-du-havre-21b120893d5d27847a51df5cf5511ebb\">Retraites : des gr\u00e9vistes bloquent l\u2019entr\u00e9e du port du Havre<\/a>&nbsp;(AFP vid\u00e9o)<\/p>\n\n\n\n<p><a href=\"https:\/\/www.boursorama.com\/videos\/actualites\/reforme-des-retraites-il-y-a-un-soutien-tres-fort-8ac85c87541dfadeb76ca771dfd31243\">R\u00e9forme des retraites : \u00ab&nbsp;il y a un soutien tr\u00e8s fort&nbsp;\u00bb<\/a>&nbsp;(France 24)<\/p>\n\n\n\n<p><a><\/a><a href=\"https:\/\/www.boursorama.com\/actualite-economique\/actualites\/raffineries-le-gouvernement-fera-intervenir-les-forces-de-l-ordre-en-cas-de-blocages-reels-1de4e7cd70a993093659206b28728df1\">Raffineries : le gouvernement fera intervenir les forces de l\u2019ordre en cas de blocages r\u00e9els<\/a>&nbsp;(Boursorama)&nbsp;&nbsp;<\/p>\n\n\n\n<p><strong><a href=\"https:\/\/www.mediapart.fr\/journal\/economie-et-social\/070323\/tours-avec-les-cheminots-macron-seul-le-medef-peut-l-arreter\">\u00c0 Tours avec les cheminots&nbsp;: \u00ab&nbsp;Macron&nbsp;? Seul le Medef peut l\u2019arr\u00eater&nbsp;\u00bb<\/a><\/strong>&nbsp;(M\u00e9diapart)<\/p>\n\n\n\n<p><a href=\"https:\/\/www.lemonde.fr\/politique\/article\/2023\/03\/08\/retraites-offensifs-les-syndicats-mettent-la-pression-a-emmanuel-macron_6164611_823448.html\">Offensifs, les syndicats mettent la pression \u00e0 Emmanuel Macron<\/a>&nbsp;(Le Monde)<\/p>\n\n\n\n<p><a href=\"https:\/\/www.lemonde.fr\/idees\/article\/2023\/03\/08\/retraites-le-gouvernement-dans-la-nasse_6164597_3232.html\">Le gouvernement dans la nasse de la r\u00e9forme des retraites<\/a>&nbsp;(Le Monde)<\/p>\n\n\n\n<p><a href=\"https:\/\/www.lemonde.fr\/politique\/article\/2023\/03\/08\/energie-transports-dechets-la-greve-reconductible-fait-son-chemin_6164563_823448.html\">Raffineries, \u00e9lectricit\u00e9, SNCF&nbsp;: ces secteurs o\u00f9 la gr\u00e8ve reconductible s\u2019installe<\/a>&nbsp;(Le Monde. D\u00e9cryptage)<\/p>\n\n\n\n<p><a href=\"https:\/\/www.lemonde.fr\/les-decodeurs\/article\/2023\/03\/07\/lors-des-manifestations-du-7-mars-une-mobilisation-parmi-les-plus-importantes-depuis-1995_6158519_4355771.html\">La mobilisation du 7&nbsp;mars contre la r\u00e9forme des retraites, une des plus importantes depuis 1995<\/a>&nbsp;(Le Monde)<\/p>\n\n\n\n<p><a href=\"https:\/\/actu.fr\/societe\/greve-du-8-mars-ecoles-raffineries-manifestations-suivez-la-mobilisation-en-direct_57910647.html\">Direct.&nbsp;Gr\u00e8ve du 8 mars : \u00e9coles, raffineries, manifestations\u2026 suivez la mobilisation en direct&nbsp;<\/a>(actu)<\/p>\n\n\n\n<p><a href=\"https:\/\/www.france24.com\/fr\/%C3%A9missions\/c-est-en-france\/20230307-retraites-des-femmes-une-vie-d-in%C3%A9galit%C3%A9s\">Retraites des femmes : une vie d\u2019in\u00e9galit\u00e9s&nbsp;<\/a>(France 24)<\/p>\n\n\n\n<p><a href=\"https:\/\/linsoumission.fr\/2023\/03\/07\/7-mars-mobilisation-21eme-siecle\/\">7 mars : 3,5 millions de manifestants, la plus forte mobilisation du 21\u00e8me si\u00e8cle<\/a>&nbsp;(L\u2019insoumission)<\/p>\n\n\n\n<p><a href=\"https:\/\/www.france24.com\/fr\/france\/20230307-en-direct-suivez-la-nouvelle-journ%C3%A9e-de-mobilisation-en-france-contre-la-r%C3%A9forme-des-retraites\">Forte mobilisation contre la r\u00e9forme des retraites, l\u2019intersyndicale veut voir Macron en \u00ab&nbsp;urgence&nbsp;\u00bb<\/a>&nbsp;(France 24)<\/p>\n\n\n\n<p><a href=\"https:\/\/www.liberation.fr\/idees-et-debats\/editorial\/retraites-face-a-la-rue-tabler-sur-la-victoire-a-lusure-nest-pas-une-valeur-sure-20230307_NIH4O4NOCZCZPB35XTSYOAE7IM\/\">Retraites&nbsp;: face \u00e0 la rue, tabler sur la victoire \u00e0 l\u2019usure n\u2019est pas une valeur s\u00fbre<\/a>&nbsp;(Lib\u00e9ration)<\/p>\n\n\n\n<p><strong><a href=\"https:\/\/paris-luttes.info\/blocage-general-et-greve-totale-a-16743\">Blocage g\u00e9n\u00e9ral et gr\u00e8ve totale \u00e0 partir du 7&nbsp;mars&nbsp;: suivi<\/a>&nbsp;<\/strong>(Paris-Luttes info)<\/p>\n\n\n\n<p><strong><a href=\"https:\/\/www.revolutionpermanente.fr\/7-mars-une-mobilisation-historique-la-greve-reconduite-dans-plusieurs-secteurs-strategiques\">7 mars&nbsp;: une mobilisation historique, la gr\u00e8ve reconduite dans plusieurs secteurs strat\u00e9giques<\/a>&nbsp;<\/strong>(RP)<\/p>\n\n\n\n<p><a href=\"https:\/\/www.revolutionpermanente.fr\/Deux-lyceens-interpelles-a-Marseille-piquets-de-greve-gazes-la-police-reprime-la-mobilisation\">Deux lyc\u00e9ens interpell\u00e9s \u00e0 Marseille, piquets de gr\u00e8ve gaz\u00e9s\u2026&nbsp;: la police r\u00e9prime la mobilisation<\/a>&nbsp;(RP)<\/p>\n\n\n\n<p><strong><a href=\"https:\/\/rapportsdeforce.fr\/classes-en-lutte\/les-points-forts-du-mouvement-avant-la-manifestation-du-11-mars-et-la-greve-du-15-mars-030717142\">Les points forts du mouvement avant la manifestation du 11 mars et la gr\u00e8ve du 15 mars&nbsp;<\/a><\/strong>(Rapports de force)<\/p>\n\n\n\n<p><a href=\"https:\/\/www.republicain-lorrain.fr\/social\/2023\/03\/08\/piquet-de-greve-contre-la-reforme-des-retraites-arcelormittal-a-l-arret\">Piquet de gr\u00e8ve&nbsp;contre la r\u00e9forme des retraites : ArcelorMittal \u00e0 l\u2019arr\u00eat<\/a>&nbsp;(R\u00e9publicain Lorrain)<\/p>\n\n\n\n<p><a href=\"https:\/\/www.zonebourse.com\/cours\/action\/TOTALENERGIES-SE-4717\/actualite\/France-La-greve-reconduite-sur-l-ensemble-des-sites-de-TotalEnergies-CGT-43182591\/\">France-La gr\u00e8ve reconduite sur l\u2019ensemble des sites de TotalEnergies-CGT<\/a>&nbsp;(Zonebourse)<\/p>\n\n\n\n<p><a href=\"https:\/\/www.bondyblog.fr\/societe\/retraite-des-chibanis-ils-ont-occupe-les-emplois-les-plus-penibles-et-ne-sont-pas-reconnus\/\">Retraite des chibanis : \u00ab Ils ont occup\u00e9 les emplois les plus p\u00e9nibles et ne sont pas reconnus \u00bb<\/a>&nbsp;(Bondy Blog)<\/p>\n\n\n\n<p><a href=\"https:\/\/reporterre.net\/Notre-derniere-chance-la-France-defile-contre-la-reforme-des-retraites\">\u00ab&nbsp;Notre derni\u00e8re chance&nbsp;\u00bb&nbsp;: la France d\u00e9file contre la r\u00e9forme des retraites&nbsp;<\/a>(Reporterre)<\/p>\n\n\n\n<p><strong><a href=\"https:\/\/lundi.am\/Vers-le-7-mars-et-au-dela\">Vers le 7 mars et au-del\u00e0<\/a>&nbsp;<\/strong>(Lundi matin)<\/p>\n\n\n\n<p><strong>7 mars<\/strong><\/p>\n\n\n\n<p><a href=\"https:\/\/rapportsdeforce.fr\/classes-en-lutte\/greve-7-mars-en-direct-la-france-a-larret-030717110\"><strong>Gr\u00e8ve 7 mars en direct : \u00ab la France \u00e0 l\u2019arr\u00eat \u00bb<\/strong><\/a>&nbsp;(Rapports de force)<\/p>\n\n\n\n<p><a href=\"https:\/\/www.humanite.fr\/social-eco\/live\/2023037\/direct-7-mars-3-millions-de-francais-dans-les-rues-le-pari-reussi-des-syndicats-785235\">Direct 7 mars. 3 millions de Fran\u00e7ais dans les rues : le pari r\u00e9ussi des syndicats<\/a>&nbsp;(L\u2019Humanit\u00e9)<a href=\"https:\/\/www.liberation.fr\/economie\/social\/en-direct-greve-du-7-mars-suivez-la-sixieme-journee-de-mobilisation-contre-la-reforme-des-retraites-20230307_YLHDZU4EPZFJPPEAZLN6T634JI\/\"><\/a><\/p>\n\n\n\n<p><a href=\"https:\/\/www.liberation.fr\/economie\/social\/en-direct-greve-du-7-mars-suivez-la-sixieme-journee-de-mobilisation-contre-la-reforme-des-retraites-20230307_YLHDZU4EPZFJPPEAZLN6T634JI\/\">La&nbsp;CGT annonce 700&nbsp;000 manifestants \u00e0&nbsp;Paris<\/a>&nbsp;(Lib\u00e9ration)<a href=\"https:\/\/www.lemonde.fr\/politique\/live\/2023\/03\/07\/manifestations-du-7-mars-en-direct-je-ne-suis-pas-contre-une-reforme-encore-faut-il-qu-elle-soit-plus-juste-et-transparente_6164451_823448.html\"><\/a><\/p>\n\n\n\n<p><a href=\"https:\/\/www.lemonde.fr\/politique\/live\/2023\/03\/07\/manifestations-du-7-mars-en-direct-je-ne-suis-pas-contre-une-reforme-encore-faut-il-qu-elle-soit-plus-juste-et-transparente_6164451_823448.html\">La gr\u00e8ve reconduite sur tous les sites de TotalEnergies<\/a>&nbsp;(Le Monde)<\/p>\n\n\n\n<p><a href=\"https:\/\/www.francetvinfo.fr\/economie\/retraite\/reforme-des-retraites\/direct-reforme-des-retraites-les-senateurs-vont-examiner-le-recul-de-l-age-legal-a-64-ans-ce-mardi_5697398.html\">Les d\u00e9put\u00e9s Renaissance qui voteront contre la r\u00e9forme ou s\u2019abstiendront seront exclus du groupe parlementaire&nbsp;<\/a>&nbsp;(France Info)<\/p>\n\n\n\n<p><strong><a href=\"https:\/\/www.liberation.fr\/idees-et-debats\/tribunes\/retraites-stop-a-la-repression-des-lyceens-qui-exercent-leurs-droits-de-citoyens-20230307_5UXDXCCCXZHVJDM4ARWMJ5ALAE\/?utm_medium=Social&amp;xtor=CS7-51-&amp;utm_source=Twitter#Echobox=1678197694\">Tribune&nbsp;: Stop \u00e0 la r\u00e9pression des lyc\u00e9ens qui exercent leurs droits de citoyens<\/a><\/strong>&nbsp;(Collectif de parents, enseignants et lyc\u00e9ens)<\/p>\n\n\n\n<p><a href=\"https:\/\/www.lemonde.fr\/politique\/live\/2023\/03\/07\/greve-du-7-mars-en-direct-que-prevoit-la-reforme-des-retraites-quelles-sont-ses-zones-d-ombre-posez-vos-questions-a-nos-journalistes_6164451_823448.html\"><strong>Live&nbsp;: suivez les manifestations du 7&nbsp;mars en direct&nbsp;<\/strong><\/a>(Le Monde)<\/p>\n\n\n\n<p><a href=\"https:\/\/www.liberation.fr\/economie\/social\/en-direct-greve-du-7-mars-suivez-la-sixieme-journee-de-mobilisation-contre-la-reforme-des-retraites-20230307_YLHDZU4EPZFJPPEAZLN6T634JI\/\"><strong>EN DIRECT \u2013 Gr\u00e8ve du 7&nbsp;mars&nbsp;: au fil de la journ\u00e9e<\/strong><\/a>(Lib\u00e9ration)<\/p>\n\n\n\n<p><a href=\"https:\/\/www.mediapart.fr\/journal\/politique\/060323\/la-reforme-des-retraites-symbole-d-une-crise-de-regime\"><strong>Une r\u00e9forme symbole d\u2019une crise de r\u00e9gime<\/strong><\/a>(M\u00e9diapart en acc\u00e8s libre)<\/p>\n\n\n\n<p><a href=\"https:\/\/www.mediapart.fr\/journal\/economie-et-social\/060323\/retraites-contre-le-gouvernement-les-syndicats-tentent-le-bras-de-fer-ultime-avec-la-greve-du\"><strong>Contre le gouvernement, les syndicats tentent la gr\u00e8ve ultime<\/strong><\/a>(M\u00e9diapart en acc\u00e8s libre)<\/p>\n\n\n\n<p><a href=\"https:\/\/www.mediapart.fr\/journal\/politique\/010323\/retraites-1-200-euros-apres-l-aveu-de-dussopt-l-embarras-grandissant-du-pouvoir\">Retraites \u00e0 1&nbsp;200 euros&nbsp;: apr\u00e8s l\u2019aveu de Dussopt, l\u2019embarras grandissant du pouvoir<\/a>&nbsp;(M\u00e9diapart en acc\u00e8s libre)<\/p>\n\n\n\n<p><a href=\"https:\/\/www.rue89lyon.fr\/2023\/03\/07\/blocages-colere-lycees-lyon\/\">Blocages et col\u00e8re noire dans les lyc\u00e9es de Lyon<\/a>&nbsp;(Rue89Lyon)<\/p>\n\n\n\n<p><a href=\"https:\/\/lesjours.fr\/obsessions\/reforme-retraites\/ep5-femmes-40-pour-cent\/\">Retraites : les femmes, premi\u00e8res de corv\u00e9es<\/a>&nbsp;(Les Jours)<\/p>\n\n\n\n<p><strong><a href=\"https:\/\/lanticapitaliste.org\/videos\/olivier-besancenot-sur-bfm-tv-partir-du-7-mars-va-rentrer-dans-le-dur\">Olivier Besancenot sur BFM-TV: \u00ab\u00c0 partir du 7 mars, on va rentrer dans le dur\u00bb<\/a><\/strong>&nbsp;(L\u2019Anticapitaliste)<\/p>\n\n\n\n<p><a href=\"https:\/\/www.alternatives-economiques.fr\/reforme-retraites-a-t-vraiment-ete-imposee-bruxelles\/00106161\">La r\u00e9forme des retraites a-t-elle vraiment \u00e9t\u00e9 impos\u00e9e par Bruxelles ?<\/a>&nbsp; (Alter \u00e9co)<\/p>\n\n\n\n<p><a href=\"http:\/\/www.regards.fr\/actu\/article\/retraites-qui-sont-les-31-deputes-qui-vont-faire-basculer-le-vote-de-la-reforme\">Retraites : qui sont les 31 d\u00e9put\u00e9s qui vont faire basculer le vote de la r\u00e9forme ?<\/a>&nbsp; (Regards)<\/p>\n\n\n\n<p><a href=\"https:\/\/dijoncter.info\/suivi-de-la-journee-de-greve-du-7-mars-a-dijon-4430\">Suivi de la journ\u00e9e de gr\u00e8ve du 7&nbsp;mars \u00e0 Dijon<\/a>&nbsp;(Mutu)<\/p>\n\n\n\n<p><a href=\"https:\/\/www.humanite.fr\/social-eco\/mobilisations-retraites\/retraites-65-des-francais-pour-la-greve-reconductible-des-ce-7-mars-785214#xtor=RSS-1\">Retraites. 65% des Fran\u00e7ais pour la gr\u00e8ve reconductible d\u00e8s ce 7 mars<\/a>(L\u2019Humanit\u00e9)<\/p>\n\n\n\n<p><a href=\"https:\/\/www.lemediatv.fr\/emissions\/2023\/face-a-la-colere-generale-thomas-porcher-macron-a-tres-peur-du-blocage-ikoOvWMPTZ68NhSGn9WCRg\">Face \u00e0 la col\u00e8re g\u00e9n\u00e9rale \u2013 Thomas Porcher :&nbsp;\u00bb Macron a tr\u00e8s peur du blocage&nbsp;\u00bb<\/a>&nbsp; (Le M\u00e9dia)<\/p>\n\n\n\n<p><a href=\"https:\/\/paris-luttes.info\/suivi-de-la-journee-du-7-mars-16743\">Blocage g\u00e9n\u00e9ral et gr\u00e8ve totale \u00e0 partir du 7&nbsp;mars&nbsp;: suivi<\/a>&nbsp;(Paris-luttes info)<\/p>\n\n\n\n<p><a href=\"https:\/\/www.liberation.fr\/economie\/social\/en-direct-greve-du-7-mars-suivez-la-sixieme-journee-de-mobilisation-contre-la-reforme-des-retraites-20230307_YLHDZU4EPZFJPPEAZLN6T634JI\/\">EN DIRECT \u2013 Gr\u00e8ve du 7&nbsp;mars&nbsp;: les exp\u00e9ditions de carburants bloqu\u00e9es dans toutes les raffineries, selon la CGT<\/a>&nbsp;(Lib\u00e9ration)<\/p>\n\n\n\n<p><a href=\"https:\/\/alencontre.org\/europe\/france\/france-dossier-videos-a-partir-du-7-mars-on-entre-dans-une-nouvelle-phase.html\">France-dossier-vid\u00e9os. \u00abA partir du 7 mars, on entre dans une nouvelle phase\u00bb<\/a>&nbsp;(A l\u2019encontre)<\/p>\n\n\n\n<p><a href=\"https:\/\/www.monde-diplomatique.fr\/2023\/03\/RZEPSKI\/65594\">Capitalisation, l\u2019autre nom de la r\u00e9forme des retraites<\/a>&nbsp;(Le Monde Diplomatique)<\/p>\n\n\n\n<p><a href=\"https:\/\/www.marianne.net\/politique\/gouvernement\/reforme-des-retraites-de-gauche-et-sans-perdant-dussopt-prend-les-francais-pour-des-gogos\">R\u00e9forme des retraites \u00ab&nbsp;de gauche&nbsp;\u00bb&nbsp;et \u00ab&nbsp;sans perdant&nbsp;\u00bb&nbsp;: Dussopt prend les Fran\u00e7ais pour des gogos<\/a>&nbsp;(Marianne)<\/p>\n\n\n\n<p><a href=\"https:\/\/www.politis.fr\/articles\/2023\/03\/politis-solidaire-du-mouvement-social-en-ce-7-mars\/\">7 mars : Politis, plus que jamais solidaire du mouvement social<\/a>&nbsp;(Politis)<\/p>\n\n\n\n<p><a href=\"https:\/\/www.revolutionpermanente.fr\/En-reconductible-depuis-vendredi-les-grevistes-de-l-energie-promettent-une-semaine-noire\">En reconductible depuis vendredi, les gr\u00e9vistes de l\u2019\u00e9nergie promettent une \u00ab&nbsp;semaine noire&nbsp;\u00bb<\/a>&nbsp;(RP)<\/p>\n\n\n\n<p><a href=\"https:\/\/www.humanite.fr\/social-eco\/raffineries\/plus-aucune-sortie-de-carburant-la-petrochimie-de-l-etang-de-berre-entre-en-greve-reconductible-785315\">\u00ab\u2009Plus aucune sortie de carburant\u2009\u00bb\u2009: la p\u00e9trochimie de l\u2019\u00e9tang de Berre entre en gr\u00e8ve reconductible&nbsp;<\/a>(l\u2019Humanit\u00e9)<\/p>\n\n\n\n<p><a href=\"https:\/\/basta.media\/reportage-reforme-des-retraites-Si-on-bloque-tous-les-secteurs-ca-va-les-faire-bouger-sur-les-piquets-de-greve-l-espoir-de-la-victoire\">\u00ab&nbsp;Si on bloque tous les secteurs, \u00e7a va les faire bouger&nbsp;\u00bb&nbsp;: sur les piquets de gr\u00e8ve, l\u2019espoir de la victoire<\/a>&nbsp;(Basta)<\/p>\n\n\n\n<p><a href=\"https:\/\/rapportsdeforce.fr\/classes-en-lutte\/construire-la-reconductible-dans-le-medico-social-le-defi-de-reussir-a-sunir-030717078\">Construire la reconductible : dans le m\u00e9dico-social, le d\u00e9fi de \u00ab r\u00e9ussir \u00e0 s\u2019unir \u00bb<\/a>&nbsp;(Rapports de force)<\/p>\n\n\n\n<p><strong>6 mars<\/strong><\/p>\n\n\n\n<p><a href=\"https:\/\/www.francetvinfo.fr\/economie\/retraite\/reforme-des-retraites\/direct-reforme-des-retraites-le-senat-a-approuve-l-article-2-sur-l-index-seniors_5695517.html\"><strong>Mobilisation : trois des quatre terminaux m\u00e9thaniers en France arr\u00eat\u00e9s pour sept jours<\/strong><\/a><strong>&nbsp;<\/strong>(France Info)<\/p>\n\n\n\n<p><a href=\"https:\/\/www.liberation.fr\/economie\/social\/en-direct-reforme-des-retraites-suivez-le-tour-de-chauffe-avant-la-mobilisation-du-7-mars-20230306_KLQPYPVYYBHOJL2KNQ4BM4GALI\/\"><strong>EN DIRECT \u2013 R\u00e9forme des retraites&nbsp;au fil de la journ\u00e9e<\/strong><\/a>&nbsp;(Lib\u00e9ration)<\/p>\n\n\n\n<p><a href=\"https:\/\/www.cadtm.org\/France-Retraites-l-illusion-de-la-capitalisation\">France : Retraites, l\u2019illusion de la capitalisation<\/a>&nbsp;(CADTM)<\/p>\n\n\n\n<p><a href=\"https:\/\/www.force-ouvriere.fr\/fraudes-aux-cotisations-de-securite-sociale-de-l-argent-pour-nos\">Fraudes aux cotisations de s\u00e9curit\u00e9 sociale&nbsp;: de l\u2019argent pour nos retraites il y en a&nbsp;!<\/a>&nbsp;(Force Ouvri\u00e8re)<\/p>\n\n\n\n<p><a href=\"https:\/\/rapportsdeforce.fr\/classes-en-lutte\/7-mars-la-liste-des-secteurs-prets-pour-une-greve-reconductible-030617058\">7 mars : la liste des secteurs pr\u00eats pour une gr\u00e8ve reconductible<\/a>&nbsp;(Rapports de Force)<\/p>\n\n\n\n<p><a href=\"https:\/\/lareleveetlapeste.fr\/retraites-seuls-des-blocages-de-longue-duree-pourront-faire-plier-le-gouvernement\/\">Retraites : \u00ab seuls des blocages de longue dur\u00e9e pourront faire plier le gouvernement \u00bb<\/a>&nbsp;(La Rel\u00e8ve et La Peste)<\/p>\n\n\n\n<p><a href=\"https:\/\/www.contretemps.eu\/bordelisation-barbarie-reforme-retraites-macron\/\">Bord\u00e9lisation ou barbarie<\/a>&nbsp;(Contretemps)<\/p>\n\n\n\n<p><a href=\"https:\/\/www.humanite.fr\/social-eco\/manifestation-du-7-mars\/greve-du-7-mars-300-defiles-dans-le-pays-785217#xtor=RSS-1\">Gr\u00e8ve du 7 mars 300 d\u00e9fil\u00e9s dans le pays<\/a>&nbsp;(L\u2019Humanit\u00e9)<\/p>\n\n\n\n<p><a href=\"https:\/\/www.mediapart.fr\/journal\/economie-et-social\/060323\/retraites-contre-le-gouvernement-les-syndicats-tentent-le-bras-de-fer-ultime-avec-la-greve-du\">Contre le gouvernement, les syndicats tentent avec la gr\u00e8ve du 7 mars le bras de fer ultime<\/a>&nbsp;(M\u00e9diapart)<\/p>\n\n\n\n<p><a href=\"https:\/\/www.humanite.fr\/politique\/reforme-des-retraites\/retraites-un-ministre-du-travail-bout-d-arguments-785187#xtor=RSS-1\">Retraites. Un ministre du Travail \u00e0 bout d\u2019arguments<\/a>&nbsp;(L\u2019Humanit\u00e9)<\/p>\n\n\n\n<p><a href=\"https:\/\/www.alterpresse68.info\/2023\/03\/05\/7-mars-8-mars-9-mars-etc-ne-pas-laisser-triompher-linjustice-et-le-mensonge\/?utm_source=rss&amp;utm_medium=rss&amp;utm_campaign=7-mars-8-mars-9-mars-etc-ne-pas-laisser-triompher-linjustice-et-le-mensonge\">7 mars, 8 mars, 9 mars, etc\u2026 Ne pas laisser triompher l\u2019injustice et le mensonge<\/a>&nbsp; (L\u2019Alterpresse68)<\/p>\n\n\n\n<p><strong><a href=\"https:\/\/paris-luttes.info\/suivi-mouvement-contre-la-reforme-16736\">[Suivi] Infos et rendez-vous en r\u00e9gion parisienne \u00e0 partir du 7&nbsp;mars<\/a>&nbsp;<\/strong>(Paris-Luttes Info)<\/p>\n\n\n\n<p><a href=\"https:\/\/www.revolutionpermanente.fr\/La-France-a-la-veille-d-une-greve-de-masse-Entretien-avec-Juan-Chingo-et-Romaric-Godin\">La France \u00e0 la veille d\u2019une gr\u00e8ve de masse&nbsp;? Entretien avec Juan Chingo et Romaric Godin<\/a>&nbsp;(RP)<\/p>\n\n\n\n<p><a href=\"https:\/\/www.humanite.fr\/social-eco\/mobilisations-retraites\/retraites-65-des-francais-pour-la-greve-reconductible-785214\">Retraites. 65% des Fran\u00e7ais pour la gr\u00e8ve reconductible<\/a>&nbsp;(l\u2019Humanit\u00e9)<\/p>\n\n\n\n<p><strong><a href=\"https:\/\/lanticapitaliste.org\/actualite\/feminisme\/retraites-femmes-en-premieres-lignes-femmes-en-lutte\">Retraites\u202f: femmes en premi\u00e8res lignes, femmes en lutte\u202f!<\/a>&nbsp;<\/strong>(l\u2019Anticapitaliste)<\/p>\n\n\n\n<p><a href=\"https:\/\/www.frustrationmagazine.fr\/entretien-laura-varlet\/\">\u00ab&nbsp;Une gr\u00e8ve g\u00e9n\u00e9rale, \u00e7a se pr\u00e9pare&nbsp;\u00bb \u2013 Entretien avec Laura Varlet, cheminote<\/a>&nbsp; (Frustration)<\/p>\n\n\n\n<p><strong><a href=\"https:\/\/www.liberation.fr\/politique\/retraites-la-france-gronde-et-macron-regarde-ailleurs-20230305_DU2IBFB2IFCDRJKENNGOKEQDSQ\/\">Retraites: la France gronde et Macron regarde ailleurs<\/a>&nbsp;<\/strong>(Lib\u00e9ration)<\/p>\n\n\n\n<p><a href=\"https:\/\/bellaciao.org\/Retraites-vues-d-en-bas\">Retraites vues d\u2019en bas<\/a>&nbsp;(Bellaciao)<\/p>\n\n\n\n<p><strong>5 mars<\/strong><\/p>\n\n\n\n<p><strong><a href=\"https:\/\/www.liberation.fr\/idees-et-debats\/bernard-friot-la-reforme-des-retraites-est-une-contre-revolution-capitaliste-20230305_2ZPZEUEYVJFH7B2K6TAAHANLUQ\/\">Bernard Friot&nbsp;: \u00abLa r\u00e9forme des retraites est une&nbsp;contre-r\u00e9volution capitaliste\u00bb<\/a><\/strong>&nbsp;(Lib\u00e9ration)<\/p>\n\n\n\n<p><a href=\"https:\/\/www.mediapart.fr\/journal\/politique\/050323\/face-au-mouvement-social-le-gouvernement-hesite-entre-le-bras-de-fer-et-le-laisser-faire\">Face au mouvement social, le gouvernement h\u00e9site entre le bras de fer et le laisser-faire<\/a>&nbsp;(M\u00e9diapart)<\/p>\n\n\n\n<p><a href=\"https:\/\/www.mediapart.fr\/studio\/portfolios\/retraites-un-hiver-de-luttes\">Retraites : un hiver de luttes<\/a>&nbsp;(M\u00e9diapart)<\/p>\n\n\n\n<p><a href=\"https:\/\/www.francetvinfo.fr\/economie\/retraite\/reforme-des-retraites\/direct-reforme-des-retraites-le-senat-vote-la-fin-des-regimes-speciaux-pour-les-futurs-embauches-les-debats-se-poursuivent-dans-l-hemicycle_5693837.html\">Retraites : le trafic sera tr\u00e8s perturb\u00e9 \u00e0 la RATP et \u00e0 la SNCF mardi<\/a>&nbsp;(France Info)<\/p>\n\n\n\n<p><a href=\"https:\/\/www.francetvinfo.fr\/economie\/retraite\/reforme-des-retraites\/tribune-reforme-des-retraites-pour-le-climat-l-urgence-est-avant-tout-de-reduire-notre-temps-de-travail-estiment-des-ong-environnementales_5690669.html\">\u00ab&nbsp;Pour le climat, l\u2019urgence est avant tout de r\u00e9duire notre temps de travail&nbsp;\u00bb, estiment des ONG environnementales<\/a>&nbsp;(France Info)<a href=\"https:\/\/www.francetvinfo.fr\/economie\/retraite\/reforme-des-retraites\/retraites-laurent-berger-rencontrera-mercredi-a-l-assemblee-nationale-des-deputes-republicains-opposes-a-la-reforme_5694155.html\"><\/a><\/p>\n\n\n\n<p><a href=\"https:\/\/www.francetvinfo.fr\/economie\/retraite\/reforme-des-retraites\/retraites-laurent-berger-rencontrera-mercredi-a-l-assemblee-nationale-des-deputes-republicains-opposes-a-la-reforme_5694155.html\">Laurent Berger rencontrera mercredi des d\u00e9put\u00e9s R\u00e9publicains oppos\u00e9s \u00e0 la r\u00e9forme<\/a>&nbsp;(France Info)<\/p>\n\n\n\n<p><a href=\"https:\/\/www.lemonde.fr\/politique\/article\/2023\/03\/05\/reforme-des-retraites-le-senat-vote-la-fin-de-certains-regimes-speciaux-pour-les-futurs-embauches_6164182_823448.html\">&nbsp;Le S\u00e9nat vote la fin de certains r\u00e9gimes sp\u00e9ciaux pour les futurs embauch\u00e9s<\/a><a>&nbsp;(Le Monde)<\/a><\/p>\n\n\n\n<p><a href=\"https:\/\/www.lemonde.fr\/les-decodeurs\/article\/2023\/03\/03\/reforme-des-retraites-comment-le-gouvernement-a-laisse-penser-qu-il-creerait-une-pension-minimale-a-1-200-euros_6164059_4355770.html\">Retraites&nbsp;: comment le gouvernement a&nbsp;laiss\u00e9 penser qu\u2019il cr\u00e9erait une pension minimale \u00e0&nbsp;1&nbsp;200&nbsp;euros<\/a>&nbsp;(Le Monde, D\u00e9cryptage)<\/p>\n\n\n\n<p><a href=\"http:\/\/t.nl.france3.fr\/r\/?id=haa9ef4a2,6b165f3c,5f86ffd3&amp;p1=20230302&amp;p2=726375-1613287517-668363dc\">Retraites : le d\u00e9p\u00f4t p\u00e9trolier de Longvic bloqu\u00e9 par une centaine de manifestants<\/a>&nbsp;(France 3)<\/p>\n\n\n\n<p><strong><a href=\"https:\/\/www.lemonde.fr\/politique\/article\/2023\/03\/02\/reforme-des-retraites-comment-fonctionne-le-regime-special-des-senateurs_6163842_823448.html\">Retraites&nbsp;: comment fonctionne le r\u00e9gime sp\u00e9cial des s\u00e9nateurs&nbsp;?<\/a><\/strong>&nbsp;(Le Monde)<\/p>\n\n\n\n<p><a href=\"https:\/\/www.monde-diplomatique.fr\/2023\/03\/RZEPSKI\/65594\">Capitalisation, l\u2019autre nom de la r\u00e9forme des retraites<\/a>&nbsp;(Le monde diplomatique)<\/p>\n\n\n\n<p><a href=\"https:\/\/blogs.alternatives-economiques.fr\/zemmour\">Politiques de l\u2019\u00e9tat social<\/a>&nbsp;(Blog de Micha\u00ebl Zemmour)<\/p>\n\n\n\n<p><strong>4 mars<\/strong><\/p>\n\n\n\n<p><a href=\"https:\/\/rapportsdeforce.fr\/classes-en-lutte\/8-mars-la-greve-contre-la-reforme-des-retraites-et-la-greve-feministe-vont-se-renforcer-lune-lautre-030417047\">8 mars : \u00abla gr\u00e8ve contre la r\u00e9forme des retraites et la gr\u00e8ve f\u00e9ministe vont se renforcer\u00bb<\/a>&nbsp; (Rapports de Force)<\/p>\n\n\n\n<p><a href=\"https:\/\/www.humanite.fr\/politique\/reforme-des-retraites\/les-retraites-cette-grande-conquete-de-la-vie-sur-le-capital-784752#xtor=RSS-1\">Les retraites, cette grande conqu\u00eate de la vie sur le capital<\/a>&nbsp; (L\u2019Humanit\u00e9)<\/p>\n\n\n\n<p><a href=\"https:\/\/lesjours.fr\/obsessions\/alerte-secheresse-saison-3\/ep22-macron-agriculture\/\">Retraites : Macron au coin-coin<\/a>&nbsp;(Les Jours)<\/p>\n\n\n\n<figure class=\"wp-block-image\"><img loading=\"lazy\" decoding=\"async\" width=\"345\" height=\"327\" src=\"https:\/\/i0.wp.com\/www.rdpemancipation.org\/wp-content\/uploads\/2023\/03\/image-21.png?resize=345%2C327&amp;ssl=1\" alt=\"\" class=\"wp-image-110721\" srcset=\"https:\/\/i0.wp.com\/www.rdpemancipation.org\/wp-content\/uploads\/2023\/03\/image-21.png?w=345&amp;ssl=1 345w, https:\/\/i0.wp.com\/www.rdpemancipation.org\/wp-content\/uploads\/2023\/03\/image-21.png?resize=300%2C284&amp;ssl=1 300w\" sizes=\"auto, (max-width: 345px) 100vw, 345px\" \/><\/figure>\n\n\n\n<p><a href=\"https:\/\/rapportsdeforce.fr\/breves\/au-moins-260-manifestations-le-7-mars-lag-030317039\">Au moins 260 manifestations le 7 mars [L\u2019AG]<\/a>&nbsp;(Rapports de Force)<\/p>\n\n\n\n<p><a href=\"http:\/\/www.regards.fr\/la-midinale\/article\/reforme-des-retraites-la-seule-victoire-c-est-qu-elle-ne-soit-pas-adoptee\">R\u00e9forme des retraites : \u00abLa seule victoire, c\u2019est qu\u2019elle ne soit pas adopt\u00e9e\u00bb<\/a>&nbsp; (Regards)<\/p>\n\n\n\n<p><a href=\"https:\/\/www.alternatives-economiques.fr\/andreu-misse\/retraites-lespagne-prefere-augmenter-recettes-plutot-de-reduire-l\/00106151\">Retraites : l\u2019Espagne pr\u00e9f\u00e8re augmenter les recettes plut\u00f4t que de r\u00e9duire les d\u00e9penses<\/a>&nbsp;(Alter \u00e9co)<\/p>\n\n\n\n<p><a href=\"https:\/\/rapportsdeforce.fr\/classes-en-lutte\/cinq-federations-cgt-lancer-greve-reconductible-030217005\">Cinq f\u00e9d\u00e9rations CGT s\u2019allient pour lancer la gr\u00e8ve reconductible<\/a>&nbsp;(Rapports de Force)<\/p>\n\n\n\n<p><a href=\"https:\/\/www.alternatives-economiques.fr\/Le%20gouvernement%20refuse%20de%20chercher%20d%E2%80%99autres%20recettes%20pour%20financer%20les%20retraites\">Le gouvernement refuse de chercher d\u2019autres recettes pour financer les retraites<\/a>&nbsp;-Micha\u00ebl Zemmour&nbsp;(Entretien Alter \u00e9co)<\/p>\n\n\n\n<p><a href=\"https:\/\/www.youtube.com\/watch?v=Psl9KtMovWQ\">La veille du 7 mars. Syndicats lyc\u00e9ens et \u00e9tudiants<\/a>&nbsp;(YouTube JLM)<\/p>\n\n\n\n<p><a href=\"https:\/\/www.revolutionpermanente.fr\/Le-Havre-Les-salaries-de-la-zone-industrielle-s-unissent-pour-preparer-la-reconductible-a-partir-du\">Le Havre. Les salari\u00e9s de la zone industrielle s\u2019unissent pour pr\u00e9parer la reconductible \u00e0 partir du 7 mars<\/a>&nbsp;(RP)<\/p>\n\n\n\n<p><a href=\"https:\/\/www.revolutionpermanente.fr\/Roissy-SNCF-RATP-Safran-hopitaux-le-Reseau-pour-la-greve-generale-sur-le-terrain-pour-preparer-le-7\">Roissy, SNCF, RATP, Safran, h\u00f4pitaux\u2026 le R\u00e9seau pour la gr\u00e8ve g\u00e9n\u00e9rale sur le terrain&nbsp;<\/a>(RP)<\/p>\n\n\n\n<p><a href=\"https:\/\/lanticapitaliste.org\/actualite\/education\/education-mettre-les-ecoles-larret-le-7-mars-et-les-jours-suivants\">\u00c9ducation : mettre les \u00e9coles \u00e0 l\u2019arr\u00eat le 7 mars et les jours suivants<\/a>&nbsp;(l\u2019Anticapitaliste)<\/p>\n\n\n\n<p><strong><a href=\"https:\/\/www.rfi.fr\/fr\/en-bref\/20230303-retraites-d%C3%A9but-de-la-gr%C3%A8ve-reconductible-chez-les-%C3%A9lectriciens-et-les-gaziers\">Retraites: d\u00e9but de la gr\u00e8ve reconductible chez les \u00e9lectriciens et les gaziers<\/a>&nbsp;<\/strong>(RFI)<\/p>\n\n\n\n<p><strong>3 mars<\/strong><\/p>\n\n\n\n<p><strong><a href=\"https:\/\/www.liberation.fr\/economie\/social\/reforme-des-retraites-la-cgt-lance-le-debut-de-la-greve-dans-les-centrales-nucleaires-des-ce-vendredi-20230303_M3UB2V4VLJAOTKRVDO45XMUADA\/\">D\u00e9but de la gr\u00e8ve reconductible dans les centrales nucl\u00e9aires<\/a>&nbsp;<\/strong>(Lib\u00e9ration)<\/p>\n\n\n\n<p><a href=\"https:\/\/rapportsdeforce.fr\/classes-en-lutte\/en-attendant-le-7-mars-pour-la-reconductible-il-y-aura-une-part-dimprovisation-030216993\">En attendant le 7 mars : \u00ab pour la reconductible il y aura une part d\u2019improvisation \u00bb&nbsp;<\/a>&nbsp;(Rapports de Force)<\/p>\n\n\n\n<p><a href=\"https:\/\/www.contretemps.eu\/retraites-pouvoir-friot-harribey\/\">Les retrait\u00e9s au pouvoir selon Bernard Friot&nbsp;?<\/a>&nbsp;(Contretemps)<\/p>\n\n\n\n<p><a href=\"https:\/\/journal.lutte-ouvriere.org\/2023\/03\/01\/7-mars-amplifier-la-lutte-pour-faire-reculer-macron-et-le-medef_528241.html\">7 mars : amplifier la lutte pour faire reculer Macron et le Medef<\/a>&nbsp;(LO)<\/p>\n\n\n\n<p><a href=\"https:\/\/www.francetvinfo.fr\/economie\/retraite\/reforme-des-retraites\/direct-reforme-des-retraites-le-senat-va-examiner-une-motion-referendaire-soutenue-par-l-ensemble-des-groupes-de-gauche_5690168.html\">Retraites : le S\u00e9nat examine une motion r\u00e9f\u00e9rendaire soutenue par la gauche<\/a>&nbsp;(France Info)<a href=\"https:\/\/www.francetvinfo.fr\/economie\/retraite\/reforme-des-retraites\/reforme-des-retraites-pourquoi-l-article-38-du-reglement-du-senat-qui-permet-d-ecourter-les-debats-inquiete-la-gauche_5688398.html\"><\/a><\/p>\n\n\n\n<p><a href=\"https:\/\/www.francetvinfo.fr\/economie\/retraite\/reforme-des-retraites\/reforme-des-retraites-pourquoi-l-article-38-du-reglement-du-senat-qui-permet-d-ecourter-les-debats-inquiete-la-gauche_5688398.html\">Pourquoi l\u2019article 38 du r\u00e8glement du S\u00e9nat, qui permet d\u2019\u00e9courter les d\u00e9bats, inqui\u00e8te la gauche<\/a>&nbsp;(France Info)<a href=\"https:\/\/www.francetvinfo.fr\/economie\/retraite\/reforme-des-retraites\/reforme-des-retraites-pourquoi-l-article-38-du-reglement-du-senat-qui-permet-d-ecourter-les-debats-inquiete-la-gauche_5688398.html\"><\/a><\/p>\n\n\n\n<p><a href=\"https:\/\/www.liberation.fr\/economie\/social\/reforme-des-retraites-la-cgt-appelle-a-mettre-a-genoux-leconomie-francaise-20230302_VODS332H5VHZVP6NPXDFO5U35M\/\">R\u00e9forme des retraites&nbsp;: la CGT appelle \u00e0 \u00abmettre \u00e0 genoux l\u2019\u00e9conomie fran\u00e7aise\u00bb<\/a>&nbsp;(Lib\u00e9ration)<\/p>\n\n\n\n<p><a href=\"https:\/\/www.lemonde.fr\/economie\/article\/2023\/03\/02\/greve-dans-l-aerien-l-administration-demande-d-annuler-entre-20-et-30-des-vols-les-7-et-8-mars_6163935_3234.html\">Gr\u00e8ve dans l\u2019a\u00e9rien&nbsp;: l\u2019administration demande d\u2019annuler entre 20 et 30&nbsp;% des vols les 7 et 8&nbsp;mars<\/a>&nbsp;(Le Monde)<\/p>\n\n\n\n<p><strong><a href=\"https:\/\/www.revolutionpermanente.fr\/7-mars-pour-briser-la-greve-Total-menace-de-requisitions-et-fait-du-chantage-a-l-investissement\">7 mars&nbsp;: pour briser la gr\u00e8ve, Total menace de r\u00e9quisitions et fait du chantage \u00e0 l\u2019investissement&nbsp;<\/a><\/strong>(RP)<\/p>\n\n\n\n<p><a href=\"https:\/\/toulon.maville.com\/actu\/actudet_-avant-la-greve-du-7-mars-cinq-federations-de-la-cgt-reunies-pour-augmenter-le-rapport-de-force-_fil-5657315_actu.Htm\">Avant la gr\u00e8ve du 7 mars, cinq f\u00e9d\u00e9rations de la CGT r\u00e9unies pour \u00ab augmenter le rapport de force \u00bb<\/a>&nbsp;(Ouest France)<\/p>\n\n\n\n<p><a href=\"https:\/\/www.lanouvellerepublique.fr\/chinon\/reforme-des-retraites-greve-reconductible-a-la-centrale-nucleaire-de-chinon\">R\u00e9forme des retraites&nbsp;: gr\u00e8ve reconductible \u00e0 la centrale nucl\u00e9aire de Chinon<\/a>&nbsp;(La Nouvelle R\u00e9publique)<\/p>\n\n\n\n<p><a href=\"https:\/\/solidaires.org\/sinformer-et-agir\/actualites-et-mobilisations\/sectorielles\/appel-unitaire-en-greve-pour-gagner\/\">Appel unitaire : en gr\u00e8ve pour gagner !<\/a>&nbsp;(Solidaires)<\/p>\n\n\n\n<p><strong>2 mars<\/strong><\/p>\n\n\n\n<p><a href=\"https:\/\/link.newsletter.franceculture.fr\/m\/ml\/7429\/785655\/evUu_ULR53dIAv0VVxnbGG9C5lXTLJmivm821gAfcU8=\/Ka-FjUXYDcdD98jdgKXz-5DwRuUw7yN9u4uqC8urnbc=\/\">Bataille des retraites&nbsp;: la CGT peut-elle faire pencher la balance&nbsp;?<\/a>&nbsp;-Entretien avec Philippe Martinez (France Culture)<\/p>\n\n\n\n<p><a href=\"https:\/\/basta.media\/Avec-la-reforme-infirmieres-et-aides-soignantes-au-travail-jusqu-a-64-ans-Ca-me-rend-malade\">Avec la r\u00e9forme, infirmi\u00e8res et aides-soignantes au travail jusqu\u2019\u00e0 64 ans : \u2018\u00c7a me rend malade\u2019&nbsp;<\/a>&nbsp;(Basta!)<\/p>\n\n\n\n<p><a href=\"https:\/\/www.alternatives-economiques.fr\/reporter-lage-de-depart-a-retraite-augmenter-chomage-seniors\/00106119\">Reporter l\u2019\u00e2ge de la retraite fait augmenter le ch\u00f4mage des seniors et 4 autres infographies<\/a>&nbsp;(Alter \u00e9co)<\/p>\n\n\n\n<p><a href=\"https:\/\/www.alternatives-economiques.fr\/robert-boyer\/reforme-retraites-communiquer-improviser-negocier-planifier\/00106063\">Retraites : communiquer et improviser ou n\u00e9gocier et planifier ?<\/a>&nbsp;(Alter \u00e9co)<\/p>\n\n\n\n<p><a href=\"http:\/\/www.regards.fr\/tribunes\/article\/tribune-pour-une-critique-offensive-il-faut-une-contre-proposition-radicalement\">TRIBUNE. Pour une \u00ab retraite inconditionnelle \u00bb<\/a>&nbsp;(Regards)<\/p>\n\n\n\n<p><a href=\"https:\/\/www.humanite.fr\/politique\/reforme-des-retraites\/procedure-apres-le-senat-quel-avenir-pour-le-texte-784926#xtor=RSS-1\">Proc\u00e9dure. Apr\u00e8s le S\u00e9nat, quel avenir pour le texte ?<\/a>&nbsp; (L\u2019Humanit\u00e9)<\/p>\n\n\n\n<p><a href=\"https:\/\/www.francetvinfo.fr\/economie\/retraite\/reforme-des-retraites\/info-franceinfo-reforme-des-retraites-les-groupes-de-gauche-au-senat-comptent-deposer-entre-2-500-et-2-800-amendements_5686460.html\">Les groupes de gauche au S\u00e9nat comptent d\u00e9poser entre 2 500 et 2 800 amendements<\/a>&nbsp;(France Info)<\/p>\n\n\n\n<p><a href=\"https:\/\/www.liberation.fr\/politique\/reforme-des-retraites-divergence-entre-la-droite-senatoriale-et-olivier-dussopt-20230302_ZZGVGQEJE5BYJD2YVTUDDKZBNM\/\">Retraites&nbsp;: divergence entre la droite s\u00e9natoriale et Olivier Dussopt<\/a>&nbsp;(Lib\u00e9ration)<\/p>\n\n\n\n<p><a href=\"https:\/\/www.mediapart.fr\/journal\/politique\/020323\/retraites-la-droite-senatoriale-commence-l-examen-de-la-reforme-avec-bienveillance\">La droite s\u00e9natoriale commence l\u2019examen de la r\u00e9forme avec bienveillance<\/a>&nbsp;(M\u00e9diapart)<\/p>\n\n\n\n<p><a href=\"https:\/\/rebellyon.info\/AG-pour-tous-et-toutes-Covid-pour-24559\">AG&nbsp;pour tous et toutes, Covid pour personne&nbsp;<\/a>(Rebellyon)<\/p>\n\n\n\n<p><strong><a href=\"https:\/\/www.revolutionpermanente.fr\/AG-interpro-reconductible-salaires-entretien-avec-Christian-Porta-sur-la-preparation-du-7-mars\">AG interpro, reconductible, salaires&nbsp;: entretien avec Christian Porta sur la pr\u00e9paration du 7 mars<\/a>&nbsp;<\/strong>(RP)<\/p>\n\n\n\n<p><a href=\"https:\/\/reporterre.net\/Olivier-Veran-menace-les-appels-a-la-greve-reconductible-Retraites-pour-Olivier-Veran\">Retraites&nbsp;: pour Olivier V\u00e9ran, la gr\u00e8ve, c\u2019est le \u00ab&nbsp;risque d\u2019une catastrophe \u00e9cologique&nbsp;\u00bb<\/a>&nbsp;(Reporterre)<\/p>\n\n\n\n<p><strong>1er mars<\/strong><\/p>\n\n\n\n<figure class=\"wp-block-image\"><img loading=\"lazy\" decoding=\"async\" width=\"713\" height=\"402\" src=\"https:\/\/i0.wp.com\/www.rdpemancipation.org\/wp-content\/uploads\/2023\/03\/image-6.png?resize=490%2C276&amp;ssl=1\" alt=\"\" class=\"wp-image-110506\" srcset=\"https:\/\/i0.wp.com\/www.rdpemancipation.org\/wp-content\/uploads\/2023\/03\/image-6.png?w=713&amp;ssl=1 713w, https:\/\/i0.wp.com\/www.rdpemancipation.org\/wp-content\/uploads\/2023\/03\/image-6.png?resize=300%2C169&amp;ssl=1 300w\" sizes=\"auto, (max-width: 713px) 100vw, 713px\" \/><\/figure>\n\n\n\n<p><strong><a href=\"https:\/\/www.revolutionpermanente.fr\/Retraites-le-Senat-pret-a-durcir-la-reforme-faisons-reculer-Macron-et-la-droite-dans-la-rue\">Retraites&nbsp;: le S\u00e9nat pr\u00eat \u00e0 durcir la r\u00e9forme, faisons reculer Macron et la droite dans la rue&nbsp;!<\/a>&nbsp;<\/strong>(RP)<\/p>\n\n\n\n<p><a href=\"https:\/\/www.revolutionpermanente.fr\/Surcote-pour-les-meres-de-famille-une-reponse-de-la-droite-au-service-d-un-projet-nataliste\">Retraites. La droite d\u00e9fend une surcote pour les \u00ab&nbsp;m\u00e8res&nbsp;\u00bb&nbsp;: une mesure d\u00e9risoire, nataliste et r\u00e9ac&nbsp;<\/a>(RP)<\/p>\n\n\n\n<p><a href=\"https:\/\/www.force-ouvriere.fr\/etude-le-recul-de-l-age-de-depart-en-retraite-facteur-d\">Etude&nbsp;: le recul de l\u2019\u00e2ge de d\u00e9part en retraite, facteur d\u2019aggravation des probl\u00e8mes de sant\u00e9 chez les salari\u00e9s s\u00e9niors<\/a>&nbsp;(FO)<\/p>\n\n\n\n<p><strong><a href=\"https:\/\/basta.media\/le-blocage-c-est-le-seul-moyen-qu-on-a-de-se-faire-entendre-les-lyceens-dans-la\">Les lyc\u00e9ens dans la bataille des retraites<\/a>&nbsp;<\/strong>(Basta!)<\/p>\n\n\n\n<p><a href=\"https:\/\/rapportsdeforce.fr\/classes-en-lutte\/les-femmes-grandes-perdantes-de-la-reforme-des-retraites-030116920\">Pourquoi les femmes sont les grandes perdantes de la r\u00e9forme des retraites<\/a>&nbsp;(Rapports de force)<\/p>\n\n\n\n<p><a href=\"https:\/\/www.francetvinfo.fr\/economie\/retraite\/reforme-des-retraites\/reforme-des-retraites-comment-se-profile-la-greve-reconductible-du-7-mars_5685224.html\">R\u00e9forme des retraites : comment se profile la gr\u00e8ve reconductible du 7 mars ?<\/a>&nbsp;(France Info)<\/p>\n\n\n\n<p><strong><mark>28 f\u00e9vrier<\/mark><\/strong><\/p>\n\n\n\n<p><strong>La bataille des retraites<\/strong><\/p>\n\n\n\n<p><a href=\"https:\/\/basta.media\/reforme-des-retraites-mettre-la-france-a-l-arret-le-7-mars-pour-durcir-la\">Retraites : \u00ab Mettre la France \u00e0 l\u2019arr\u00eat \u00bb le 7 mars pour durcir la mobilisation<\/a>&nbsp;(Basta!)<\/p>\n\n\n\n<p><a href=\"https:\/\/basta.media\/le-blocage-c-est-le-seul-moyen-qu-on-a-de-se-faire-entendre-les-lyceens-dans-la\">\u2018Le blocage, c\u2019est le seul moyen qu\u2019on a de se faire entendre\u2019 : les lyc\u00e9ens dans la bataille des retraites<\/a>&nbsp; (Basta!)<\/p>\n\n\n\n<p><a href=\"https:\/\/www.mediapart.fr\/journal\/economie-et-social\/270223\/reforme-des-retraites-ces-entreprises-qui-se-debarrassent-de-leurs-vieux\">R\u00e9forme des retraites : ces entreprises qui se d\u00e9barrassent de leurs vieux<\/a>&nbsp; (M\u00e9diapart)<\/p>\n\n\n\n<p><a href=\"https:\/\/labogue.info\/spip.php?article1474\">Gr\u00e8ve g\u00e9n\u00e9rale pour les retraites<\/a>&nbsp;(Mutu)<\/p>\n\n\n\n<figure class=\"wp-block-image\"><img loading=\"lazy\" decoding=\"async\" width=\"636\" height=\"505\" src=\"https:\/\/i0.wp.com\/www.rdpemancipation.org\/wp-content\/uploads\/2023\/02\/image-117.png?resize=373%2C296&amp;ssl=1\" alt=\"\" class=\"wp-image-110390\" srcset=\"https:\/\/i0.wp.com\/www.rdpemancipation.org\/wp-content\/uploads\/2023\/02\/image-117.png?w=636&amp;ssl=1 636w, https:\/\/i0.wp.com\/www.rdpemancipation.org\/wp-content\/uploads\/2023\/02\/image-117.png?resize=300%2C238&amp;ssl=1 300w\" sizes=\"auto, (max-width: 636px) 100vw, 636px\" \/><\/figure>\n\n\n\n<p><a href=\"http:\/\/www.regards.fr\/actu\/article\/retraites-une-reforme-hypocrite-pas-juste-meme-macron-etait-contre\">Retraites : une r\u00e9forme \u00ab hypocrite \u00bb, \u00ab pas juste \u00bb\u2026 m\u00eame Macron \u00e9tait contre !<\/a>&nbsp;(Regards)<\/p>\n\n\n\n<p><strong><a href=\"https:\/\/www.liberation.fr\/economie\/transports\/sncf-lintersyndicale-au-complet-appelle-a-une-greve-reconductible-a-partir-du-7-mars-20230227_K37XZ3OYH5BCZNVXUBG4LC5FUA\/\">SNCF&nbsp;: l\u2019intersyndicale au complet appelle \u00e0 une gr\u00e8ve reconductible \u00e0 partir du 7&nbsp;mars<\/a>&nbsp;<\/strong>(Lib\u00e9ration)<\/p>\n\n\n\n<p><strong><a href=\"https:\/\/www.contretemps.eu\/mobilisation-reforme-retraites-macron-renouveau-politique-rural\/\">Mobilisation retraites : un renouveau fragile du politique en milieu rural<\/a>&nbsp;<\/strong>(Contretemps)<\/p>\n\n\n\n<p><a href=\"https:\/\/www.revolutionpermanente.fr\/Retraites-le-Senat-pret-a-durcir-la-reforme-faisons-reculer-Macron-et-la-droite-dans-la-rue\">Retraites&nbsp;: le S\u00e9nat pr\u00eat \u00e0 durcir la r\u00e9forme, faisons reculer Macron et la droite dans la rue&nbsp;!&nbsp;<\/a>(RP)<\/p>\n\n\n\n<p><a href=\"https:\/\/www.revolutionpermanente.fr\/Accelerer-les-discussions-Beaune-appelle-au-dialogue-social-pour-casser-la-greve-dans-les\">\u00ab&nbsp;Acc\u00e9l\u00e9rer les discussions&nbsp;\u00bb&nbsp;: Beaune appelle au dialogue social pour casser la gr\u00e8ve dans les transports<\/a>&nbsp;(RP)<\/p>\n\n\n\n<p><a href=\"https:\/\/www.youtube.com\/watch?v=7bJO-pA3GU0&amp;ab_channel=Journall%27Humanit%C3%A9\">R\u00e9forme des retraites : ceux que Macron prot\u00e8ge<\/a>&nbsp;(l\u2019Humanit\u00e9)<\/p>\n\n\n\n<p><a href=\"https:\/\/www.force-ouvriere.fr\/comme-leurs-aines-les-jeunes-sont-mobilises\">Comme leurs a\u00een\u00e9s, les jeunes sont mobilis\u00e9s<\/a>&nbsp;(FO)<\/p>\n\n\n\n<p><strong><a href=\"https:\/\/rapportsdeforce.fr\/classes-en-lutte\/retraites-ou-manifester-les-7-mars-et-8-mars-022716895\">Retraites : o\u00f9 manifester les 7 mars et 8 mars<\/a>&nbsp;<\/strong>(Rapports de force)<\/p>\n\n\n\n<p><strong><mark>27 f\u00e9vrier<\/mark><\/strong><\/p>\n\n\n\n<p><a><\/a><a href=\"https:\/\/www.francetvinfo.fr\/economie\/retraite\/reforme-des-retraites\/retraites-la-cfdt-appelle-a-son-tour-a-la-greve-reconductible-a-la-sncf-a-partir-du-7-mars_5682893.html\"><strong>Tous les syndicats repr\u00e9sentatifs de la SNCF appellent \u00e0 la gr\u00e8ve reconductible \u00e0 partir du 7 mars<\/strong><\/a>&nbsp;(France info)<\/p>\n\n\n\n<p><a href=\"https:\/\/www.politis.fr\/articles\/2023\/02\/retraites-ce-que-prone-vraiment-le-rassemblement-national\/\">Retraites&nbsp;: ce que pr\u00f4ne vraiment le Rassemblement national&nbsp;<\/a>&nbsp;(Politis)<\/p>\n\n\n\n<p><strong><a href=\"https:\/\/basta.media\/Retraites-Travailler-plus-longtemps-grace-aux-exosquelettes-Ils-sont-tellement-deconnectes-du-monde-ouvrier\">Travailler plus longtemps gr\u00e2ce aux exosquelettes ? : \u2018Ils sont tellement d\u00e9connect\u00e9s du monde ouvrier\u2019<\/a><\/strong>&nbsp; (Basta!)<\/p>\n\n\n\n<p><a href=\"https:\/\/www.humanite.fr\/politique\/reforme-des-retraites\/regime-de-retraite-universel-une-nouvelle-bombe-retardement-784193#xtor=RSS-1\">R\u00e9gime de retraite universel, une nouvelle bombe \u00e0 retardement\u2009?&nbsp;<\/a>&nbsp;(L\u2019Humanit\u00e9)<\/p>\n\n\n\n<p><a href=\"https:\/\/www.force-ouvriere.fr\/nous-exigeons-le-retrait-du-projet-de-reforme-des-retraites-qui\">Nous exigeons le retrait du projet de r\u00e9forme des retraites qui p\u00e9nalise particuli\u00e8rement les femmes<\/a>&nbsp; (Force Ouvri\u00e8re)<\/p>\n\n\n\n<p><a href=\"https:\/\/www.mediapart.fr\/journal\/politique\/260223\/retraites-derriere-le-fiasco-de-l-assemblee-des-strategies-politiques-deliberees\"><strong>Derri\u00e8re le fiasco de l\u2019Assembl\u00e9e, des strat\u00e9gies politiques d\u00e9lib\u00e9r\u00e9es<\/strong><\/a>&nbsp;(M\u00e9diapart, analyse)<\/p>\n\n\n\n<p><a href=\"https:\/\/www.mediapart.fr\/journal\/politique\/dossier\/retraites-le-coup-de-force-de-macron\">Dossier : le coup de force de Macron<\/a>&nbsp;(M\u00e9diapart)<\/p>\n\n\n\n<p><a href=\"https:\/\/www.lemonde.fr\/les-decodeurs\/article\/2023\/02\/27\/reforme-des-retraites-pourquoi-il-est-peu-pertinent-de-comparer-les-systemes-europeens_6163435_4355770.html\"><strong>Pourquoi il est peu pertinent de comparer les syst\u00e8mes europ\u00e9ens<\/strong><\/a>&nbsp;(Le Monde, d\u00e9cryptage)<\/p>\n\n\n\n<p><a href=\"https:\/\/www.lemonde.fr\/idees\/article\/2023\/02\/26\/le-climat-un-angle-mort-de-la-reforme-des-retraites_6163337_3232.html\">\u00ab&nbsp;Le climat, un angle mort de la r\u00e9forme des retraites&nbsp;\u00bb<\/a>&nbsp;(Le Monde, Chronique)<\/p>\n\n\n\n<p><a href=\"https:\/\/www.francetvinfo.fr\/economie\/retraite\/reforme-des-retraites\/video-retraites-si-le-gouvernement-va-au-bout-il-peut-fracturer-le-pays-estime-le-communiste-fabien-roussel_5682527.html\">\u00ab&nbsp;Si le gouvernement va au bout, il peut fracturer le pays&nbsp;\u00bb, estime Fabien Roussel<\/a>&nbsp;(France info)<\/p>\n\n\n\n<p><a href=\"https:\/\/www.francetvinfo.fr\/economie\/retraite\/reforme-des-retraites\/reforme-des-retraites-comment-la-droite-et-le-gouvernement-se-tendent-la-main-avant-l-examen-du-texte-au-senat_5682455.html\"><strong>Comment la droite et le gouvernement se tendent la main, avant l\u2019examen au S\u00e9nat<\/strong><\/a><a><strong>&nbsp;<\/strong><\/a>(France info)<\/p>\n\n\n\n<p><a href=\"https:\/\/www.lemonde.fr\/politique\/article\/2023\/02\/22\/reforme-des-retraites-les-mises-en-garde-du-conseil-d-etat_6162776_823448.html\">Les mises en garde du Conseil d\u2019Etat que le gouvernement a ignor\u00e9es<\/a>&nbsp;(Le Monde, d\u00e9cryptage)<\/p>\n\n\n\n<p><a href=\"https:\/\/www.force-ouvriere.fr\/retraites-d-autres-solutions\">Retraites&nbsp;: d\u2019autres solutions\u2026<\/a>&nbsp;(FO)<\/p>\n\n\n\n<p><a href=\"https:\/\/reporterre.net\/La-reforme-des-retraites-lese-aussi-les-agriculteurs\">La r\u00e9forme des retraites l\u00e8se aussi les agriculteurs<\/a>&nbsp;(Reporterre)<\/p>\n\n\n\n<p><a href=\"https:\/\/theconversation.com\/reforme-des-retraites-comment-amenager-au-mieux-les-fins-de-carriere-200598\">R\u00e9forme des retraites&nbsp;: comment am\u00e9nager au&nbsp;mieux les fins de&nbsp;carri\u00e8re&nbsp;?<\/a>&nbsp;(The conversation)<\/p>\n\n\n\n<p><strong><mark>26 f\u00e9vrier<\/mark><\/strong><\/p>\n\n\n\n<p><a href=\"https:\/\/www.lemonde.fr\/planete\/article\/2023\/02\/25\/retraites-inflation-ecologie-au-salon-de-l-agriculture-emmanuel-macron-veut-tenir-sa-position-de-fermete_6163323_3244.html\">Retraites, inflation, \u00e9cologie\u2026 Au Salon de l\u2019agriculture, Macron veut tenir sa position de fermet\u00e9<\/a>&nbsp;(Le Monde)<\/p>\n\n\n\n<p><a href=\"https:\/\/labogue.info\/spip.php?article1465\">La bataille des retraites&nbsp;: une lutte de classes\u2026<\/a>&nbsp; (La Bogue)<\/p>\n\n\n\n<p><a href=\"https:\/\/dijoncter.info\/pour-nos-retraites-7-mars-greve-generale-8-mars-on-continue-4394\">Pour nos retraites : 7&nbsp;Mars Gr\u00e8ve G\u00e9n\u00e9rale, 8&nbsp;Mars on continue !<\/a>&nbsp;(Dijon-cter.info)<\/p>\n\n\n\n<p><a href=\"https:\/\/renverse.co\/infos-locales\/article\/ce-7-mars-termin-autor-rex-manif-sauvage-et-feministe-3895\">Ce 7&nbsp;mars : Termin\u2019autor Rex, manif sauvage et f\u00e9ministe !<\/a>&nbsp;(Renvers\u00e9)<\/p>\n\n\n\n<p><a href=\"https:\/\/www.lemediatv.fr\/emissions\/2023\/retraites-salaires-attention-il-y-a-encore-un-loup-UCukc-TYRuCLvoJAK6ltvg\">Retraites, salaires : attention, il y a (encore) un loup<\/a>&nbsp;(Le M\u00e9dia)<\/p>\n\n\n\n<p><strong><a href=\"https:\/\/www.ledauphine.com\/social\/2023\/02\/25\/les-policiers-municipaux-en-greve-contre-la-reforme-des-retraites\">Les policiers municipaux en gr\u00e8ve contre la r\u00e9forme des retraites<\/a>&nbsp;<\/strong>(Le Dauphin\u00e9)<\/p>\n\n\n\n<p><a href=\"https:\/\/www.leprogres.fr\/social\/2023\/02\/25\/une-projection-de-film-pour-constituer-une-caisse-de-greve\">Une projection de film organis\u00e9 pour constituer une caisse de gr\u00e8ve<\/a>&nbsp;(Le Progr\u00e8s)<\/p>\n\n\n\n<p><a href=\"https:\/\/caen.maville.com\/actu\/actudet_-reforme-des-retraites.-un-cortege-entre-1000-et-1500-personnes-defile-ce-samedi-25-fevrier-a-caen-_fil-5650707_actu.Htm\">Un cort\u00e8ge entre 1000 et 1500 personnes d\u00e9file ce samedi 25&nbsp;f\u00e9vrier \u00e0 Caen<\/a>&nbsp; (Ouest France)<\/p>\n\n\n\n<p><strong><mark>25 f\u00e9vrier<\/mark><\/strong><\/p>\n\n\n\n<p><strong><a href=\"https:\/\/www.lemediatv.fr\/emissions\/2023\/financer-les-retraites-et-eliminer-les-milliardaires-faisons-dune-pierre-deux-coup-y9-JnvGWRPiqKBjCaz32EA\">Financer les retraites et \u00e9liminer les milliardaires : faisons d\u2019une pierre deux coup<\/a><\/strong>&nbsp;(Le M\u00e9dia)<\/p>\n\n\n\n<p><strong><a href=\"https:\/\/reporterre.net\/La-reforme-des-retraites-lese-aussi-les-agriculteurs\">La r\u00e9forme des retraites l\u00e8se aussi les agriculteurs<\/a><\/strong>&nbsp;(Reporterre)<\/p>\n\n\n\n<p><a href=\"https:\/\/www.sudouest.fr\/economie\/greve-du-7-mars-les-livreurs-des-plateformes-appeles-a-se-mobiliser-14186961.php\">Gr\u00e8ve du 7&nbsp;mars&nbsp;: les livreurs des plateformes appel\u00e9s \u00e0 se mobiliser<\/a>&nbsp;(Sud Ouest)<\/p>\n\n\n\n<p><a href=\"https:\/\/www.force-ouvriere.fr\/alain-eric-les-gens-partent-uses-par-une-vie-au-smic\">Alain-\u00c9ric&nbsp;:&nbsp;<em>\u201cLes gens partent us\u00e9s par une vie au Smic\u201d<\/em><\/a><em>&nbsp;(FO)<\/em><\/p>\n\n\n\n<p><strong><a href=\"https:\/\/basta.media\/Reforme-des-retraites-pourquoi-le-debat-devrait-il-porter-sur-le-contenu-et-la-finalite-du-travail-demissions-temps-libre\">R\u00e9forme des retraites&nbsp;: pourquoi le d\u00e9bat devrait-il porter sur le contenu et la finalit\u00e9 du travail&nbsp;?<\/a>&nbsp;<\/strong>(Basta!)<\/p>\n\n\n\n<p><strong><mark>24 f\u00e9vrier<\/mark><\/strong><\/p>\n\n\n\n<p><a href=\"https:\/\/www.mouvement-ser.org\/?fbclid=IwAR1DFlt2JIEdV8VxIMNF9GS8AqfsdiA426EazxAergoUvMDvDA-R4fZ5R-Q\">Engag\u00e9\u00b7es contre la r\u00e9forme des retraites !<\/a>&nbsp;(MSER)<\/p>\n\n\n\n<p><a href=\"https:\/\/theconversation.com\/manu-tu-nous-mets-64-on-te-mai-68-ce-que-les-slogans-disent-de-notre-histoire-sociale-200207\">\u00abManu, tu nous mets 64, on te Mai 68 !\u00bb : ce que les slogans disent de notre histoire sociale<\/a>&nbsp; (The Conversation)<\/p>\n\n\n\n<p><a href=\"https:\/\/www.humanite.fr\/politique\/reforme-des-retraites\/au-senat-la-bataille-des-retraites-approche-784121#xtor=RSS-1\">Au S\u00e9nat, la bataille des retraites approche<\/a>&nbsp;(L\u2019Humanit\u00e9)<\/p>\n\n\n\n<p><strong><a href=\"https:\/\/www.politis.fr\/articles\/2023\/02\/retraites-ce-que-prone-vraiment-le-rassemblement-national\/\">Retraites : ce que pr\u00f4ne vraiment le Rassemblement national<\/a>&nbsp;<\/strong>(Politis)<\/p>\n\n\n\n<p><a href=\"https:\/\/www.alternatives-economiques.fr\/retraites-gouvernement-elude-limpact-de-reforme-em\/00106108\">Retraites : le gouvernement \u00e9lude l\u2019impact de la r\u00e9forme sur les \u00abni en emploi ni en retraite\u00bb<\/a>&nbsp;(Alter \u00e9co)<\/p>\n\n\n\n<p><a href=\"https:\/\/www.marianne.net\/societe\/adhesions-massives-et-popularite-en-hausse-la-reforme-des-retraites-sauvera-t-elle-les-syndicats\">Adh\u00e9sions massives et popularit\u00e9 en hausse&nbsp;: la r\u00e9forme des retraites sauvera-t-elle les syndicats&nbsp;?<\/a>&nbsp;(Marianne)<\/p>\n\n\n\n<p><a href=\"https:\/\/www.revolutionpermanente.fr\/67-de-la-population-favorable-au-blocage-du-pays-le-7-mars-il-faut-construire-la-reconductible\">67&nbsp;% de la population favorable au blocage du pays le 7 mars&nbsp;: il faut construire la reconductible<\/a>&nbsp;&nbsp;(RP)<\/p>\n\n\n\n<p><a href=\"https:\/\/lanticapitaliste.org\/actualite\/politique\/retraites-cest-dans-la-rue-et-par-la-greve-quon-gagnera-0\">Retraites : c\u2019est dans la rue et par la gr\u00e8ve qu\u2019on gagnera<\/a>&nbsp;(L\u2019anticapitaliste)<\/p>\n\n\n\n<p><strong><a href=\"https:\/\/lanticapitaliste.org\/actualite\/ecologie\/retraites-lurgence-absolue-cest-de-sortir-du-productivisme\">Retraites : l\u2019urgence absolue, c\u2019est de sortir du productivisme<\/a><\/strong>&nbsp;(L\u2019anticapitaliste)<\/p>\n\n\n\n<figure class=\"wp-block-image\"><img loading=\"lazy\" decoding=\"async\" width=\"708\" height=\"533\" src=\"https:\/\/i0.wp.com\/www.rdpemancipation.org\/wp-content\/uploads\/2023\/02\/image-101.png?resize=417%2C314&amp;ssl=1\" alt=\"\" class=\"wp-image-110146\" srcset=\"https:\/\/i0.wp.com\/www.rdpemancipation.org\/wp-content\/uploads\/2023\/02\/image-101.png?w=708&amp;ssl=1 708w, https:\/\/i0.wp.com\/www.rdpemancipation.org\/wp-content\/uploads\/2023\/02\/image-101.png?resize=300%2C226&amp;ssl=1 300w\" sizes=\"auto, (max-width: 708px) 100vw, 708px\" \/><\/figure>\n\n\n\n<p><strong><a href=\"https:\/\/www.marianne.net\/agora\/humeurs\/henri-pena-ruiz-les-6-sophismes-de-la-reforme-des-retraites$\">Henri Pena-Ruiz&nbsp;: \u00ab&nbsp;Les 6 sophismes de la r\u00e9forme des retraites&nbsp;\u00bb<\/a>&nbsp;<\/strong>(Marianne)<\/p>\n\n\n\n<p><a href=\"https:\/\/rapportsdeforce.fr\/classes-en-lutte\/bataille-des-retraites-que-peuvent-les-syndicats-lyceens-022316852\">Bataille des retraites : que peuvent les syndicats lyc\u00e9ens ?<\/a>&nbsp;(Rapports de force)<\/p>\n\n\n\n<p><a href=\"https:\/\/rapportsdeforce.fr\/breves\/un-blocage-populaire-le-7-mars-lag-022316873\">Un blocage populaire le 7 mars [L\u2019AG]<\/a>&nbsp;(Rapports de force)<\/p>\n\n\n\n<p><strong><mark>23 f\u00e9vrier<\/mark><\/strong><\/p>\n\n\n\n<p><strong><a href=\"https:\/\/www.contretemps.eu\/macron-retraites-greve-reconductible\/\">Pour d\u00e9fendre les retraites face \u00e0 Macron, construire la gr\u00e8ve reconductible<\/a>&nbsp;(Contretemps)<\/strong><\/p>\n\n\n\n<p><a href=\"https:\/\/www.revolutionpermanente.fr\/7-mars-l-intersyndicale-reste-sur-24h-de-greve-il-faut-un-appel-clair-a-la-reconductible\">7 mars&nbsp;: l\u2019intersyndicale reste sur 24h de gr\u00e8ve, il faut un appel clair \u00e0 la reconductible&nbsp;!<\/a>&nbsp;(RP)<\/p>\n\n\n\n<figure class=\"wp-block-image\"><img loading=\"lazy\" decoding=\"async\" width=\"653\" height=\"436\" src=\"https:\/\/i0.wp.com\/www.rdpemancipation.org\/wp-content\/uploads\/2023\/02\/image-102.png?resize=412%2C275&amp;ssl=1\" alt=\"\" class=\"wp-image-110149\" srcset=\"https:\/\/i0.wp.com\/www.rdpemancipation.org\/wp-content\/uploads\/2023\/02\/image-102.png?w=653&amp;ssl=1 653w, https:\/\/i0.wp.com\/www.rdpemancipation.org\/wp-content\/uploads\/2023\/02\/image-102.png?resize=300%2C200&amp;ssl=1 300w\" sizes=\"auto, (max-width: 653px) 100vw, 653px\" \/><\/figure>\n\n\n\n<p><strong><mark>22 f\u00e9vrier<\/mark><\/strong><\/p>\n\n\n\n<p><a href=\"https:\/\/www.alternatives-economiques.fr\/retraites-francois-bayrou-fit-apparaitre-un-deficit-de-30-milliards-c\/00106090\"><strong>Retraites : et Fran\u00e7ois Bayrou fit appara\u00eetre un d\u00e9ficit de 30 milliards comme par magie<\/strong><\/a>&nbsp; (Alter \u00e9co)<\/p>\n\n\n\n<p><a href=\"http:\/\/www.regards.fr\/la-midinale\/article\/reforme-des-retraites-sandrine-rousseau-tire-le-bilan-de-l-acte-i-de-la\">Sandrine Rousseau tire le bilan de l\u2019acte I de la bataille<\/a>&nbsp;(Regards)<\/p>\n\n\n\n<p><a href=\"https:\/\/www.blast-info.fr\/emissions\/2023\/retraites-35h-etc-il-est-urgent-de-travailler-moins-UvfcqY7-QKe8F0wbXti-RQ\"><strong>Retraites, 35h etc : Il est urgent de travailler moins<\/strong><\/a>&nbsp;(Blast)<\/p>\n\n\n\n<p><a href=\"https:\/\/www.blast-info.fr\/emissions\/2023\/retraites-craque-democratique-a-lassemblee-ZBeTGUqyRmGqqWxY4ELKZQ\">Retraites : craque d\u00e9mocratique \u00e0 l\u2019Assembl\u00e9e<\/a>&nbsp;(Blast)<\/p>\n\n\n\n<p><a href=\"https:\/\/www.humanite.fr\/en-debat\/agriculture\/le-president-des-riches-en-visite-rungis-pour-sa-reforme-des-retraites-783853#xtor=RSS-1\">Le pr\u00e9sident des riches en visite \u00e0 Rungis pour sa r\u00e9forme des retraites&nbsp;<\/a>&nbsp;(L\u2019Humanit\u00e9)<\/p>\n\n\n\n<p><a href=\"https:\/\/rapportsdeforce.fr\/classes-en-lutte\/veillee-darmes-dans-leducation-nationale-contre-la-reforme-des-retraites-022216826\">En attendant le 7 mars : \u00ab veill\u00e9e d\u2019armes \u00bb dans l\u2019\u00c9ducation nationale<\/a>&nbsp;(Rapports de Force)<\/p>\n\n\n\n<p><a href=\"https:\/\/www.humanite.fr\/politique\/reforme-des-retraites\/retraites-le-gouvernement-fait-ce-qu-il-veut-du-texte-de-loi-783593#xtor=RSS-1\">Retraites. Le gouvernement fait ce qu\u2019il veut du texte de loi<\/a>&nbsp;(L\u2019Humanit\u00e9)<\/p>\n\n\n\n<p><a href=\"https:\/\/www.revolutionpermanente.fr\/Berger-veut-un-7-mars-calme-et-sans-reconduction-imposons-le-durcissement-de-la-greve\">Berger veut un 7 mars calme et sans reconduction&nbsp;: imposons le durcissement de la gr\u00e8ve&nbsp;!&nbsp;<\/a>(RP)<\/p>\n\n\n\n<p><a href=\"https:\/\/www.revolutionpermanente.fr\/Mobilisation-dans-les-lycees-la-reforme-des-retraites-peut-servir-de-catalyseur-a-une-profonde\">Mobilisation dans les lyc\u00e9es&nbsp;: la r\u00e9forme des retraites peut servir de catalyseur \u00e0 une profonde col\u00e8re<\/a>&nbsp;(RP)<\/p>\n\n\n\n<p><a href=\"https:\/\/rapportsdeforce.fr\/classes-en-lutte\/veillee-darmes-dans-leducation-nationale-contre-la-reforme-des-retraites-022216826\">En attendant le 7 mars : \u00ab veill\u00e9e d\u2019armes \u00bb dans l\u2019\u00c9ducation nationale<\/a>&nbsp;(Rapports de force)<\/p>\n\n\n\n<p><strong><a href=\"https:\/\/www.liberation.fr\/economie\/social\/lintersyndicale-appelle-a-mettre-la-france-a-larret-le-7-mars-20230221_BA7NWNW4Q5EWRAMFZFHLX2EMZY\/\">L\u2019intersyndicale appelle \u00e0 \u00abmettre la France \u00e0 l\u2019arr\u00eat le 7&nbsp;mars\u00bb<\/a>&nbsp;<\/strong>(Lib\u00e9ration)<\/p>\n\n\n\n<p><strong><mark>21 f\u00e9vrier<\/mark><\/strong><\/p>\n\n\n\n<p><a href=\"https:\/\/lundi.am\/Sens-dessus-dessous\"><strong>Sens dessus dessous<\/strong><\/a>&nbsp;(Lundimatin)<\/p>\n\n\n\n<p><strong><a href=\"https:\/\/www.alternatives-economiques.fr\/retraites-gouvernement-refuse-a-tort-daugmenter-cotisation\/00106051\">Pourquoi le gouvernement refuse (\u00e0 tort) d\u2019augmenter les cotisations<\/a><\/strong>&nbsp;(Alter \u00e9co)<\/p>\n\n\n\n<p><a href=\"http:\/\/www.regards.fr\/actu\/article\/la-retraite-a-72-ans-certains-y-pensent-serieusement\">La retraite \u00e0 72 ans ? Certains y pensent s\u00e9rieusement\u2026<\/a>&nbsp;(Regards)<\/p>\n\n\n\n<p><a href=\"http:\/\/www.regards.fr\/actu\/article\/le-gouvernement-et-lfi-a-la-peine-dans-l-opinion\">Retraites : le gouvernement et LFI \u00e0 la peine dans l\u2019opinion<\/a>&nbsp;(Regards)<\/p>\n\n\n\n<p><a href=\"https:\/\/www.boursorama.com\/actualite-economique\/actualites\/retraites-lfi-appelle-a-empecher-l-adoption-au-senat-les-senateurs-veulent-parler-d-age-legal-b914baa815463d63b2c269804f8e62fb\">LFI appelle \u00e0 \u00ab&nbsp;emp\u00eacher&nbsp;\u00bb l\u2019adoption au S\u00e9nat, les s\u00e9nateurs veulent parler d\u2019\u00e2ge l\u00e9gal<\/a>&nbsp;(AFP)<\/p>\n\n\n\n<p><a href=\"https:\/\/www.boursorama.com\/actualite-economique\/actualites\/la-bataille-des-retraites-lutte-finale-pour-philippe-martinez-patron-de-la-cgt-f55c74f56dcd859bdd520935068bb2f3\">La bataille des retraites, lutte finale pour Philippe Martinez, patron de la CGT<\/a>&nbsp;(AFP)<\/p>\n\n\n\n<p><a href=\"https:\/\/www.boursorama.com\/actualite-economique\/actualites\/mobilisation-du-7-mars-laurent-berger-prevoit-d-autres-formes-d-action-que-des-greves-b98d12f2fb18778e43e5bd9cea994723\">Mobilisation du 7 mars : Laurent Berger pr\u00e9voit \u00ab&nbsp;d\u2019autres formes d\u2019action&nbsp;\u00bb que des gr\u00e8ves<\/a>&nbsp;(Boursorama)<\/p>\n\n\n\n<p><strong><a href=\"https:\/\/www.boursorama.com\/actualite-economique\/actualites\/retraites-les-syndicats-ont-gagne-la-bataille-de-l-opinion-selon-muselier-856cc0a30ab035e37b4752f2a04cb8ec\">\u00ab&nbsp;Les syndicats ont gagn\u00e9 la bataille de l\u2019opinion&nbsp;\u00bb selon Muselier<\/a>&nbsp;&nbsp;<\/strong>(AFP)<\/p>\n\n\n\n<p><a href=\"https:\/\/www.boursorama.com\/actualite-economique\/actualites\/reforme-des-retraites-le-7-mars-ce-sera-dur-previent-clement-beaune-5dfdbd0a67ee79be2d52afea80a91e04\">R\u00e9forme des retraites : \u00ab&nbsp;Le 7 mars, ce sera dur&nbsp;\u00bb, pr\u00e9vient Cl\u00e9ment Beaune<\/a>&nbsp;(Boursorama)<\/p>\n\n\n\n<p><a href=\"https:\/\/www.lemediatv.fr\/emissions\/2023\/retraites-thomas-porcher-met-en-garde-si-le-gouvernement-passe-en-force-if44Bh4NR0uizH_bn8qIyQ\">Thomas Porcher met en garde : &nbsp;\u00bb Si le gouvernement passe en force\u2026 \u00ab&nbsp;<\/a>&nbsp;(Le M\u00e9dia)<\/p>\n\n\n\n<p><a href=\"https:\/\/www.capital.fr\/economie-politique\/retraites-macron-martele-la-necessite-de-travailler-un-peu-plus-longtemps-1460837\">Macron mart\u00e8le la n\u00e9cessit\u00e9 de \u00ab&nbsp;travailler un peu plus longtemps&nbsp;\u00bb<\/a>&nbsp;(Capital)<\/p>\n\n\n\n<p><a href=\"https:\/\/www.revolutionpermanente.fr\/Une-sequence-parlementaire-sous-le-signe-du-47-1-construisons-la-greve-reconductible\">Une s\u00e9quence parlementaire sous le signe du 47-1&nbsp;: construisons la gr\u00e8ve reconductible&nbsp;!<\/a>&nbsp;(RP)<\/p>\n\n\n\n<p><strong><a href=\"https:\/\/www.wsws.org\/fr\/articles\/2023\/02\/18\/mryl-f18.html\">Travailleurs et jeunes mobilis\u00e9s pour les retraites en France d\u00e9noncent l\u2019aust\u00e9rit\u00e9 et la guerre<\/a>&nbsp;<\/strong>(WSWS)<\/p>\n\n\n\n<p><a href=\"https:\/\/lanticapitaliste.org\/actualite\/social\/retraites-une-mobilisation-historique-qui-peut-gagner-et-ouvrir-une-crise\">Une mobilisation historique qui peut gagner et ouvrir une crise politique majeure<\/a>&nbsp;(l\u2019Anticapitaliste)<\/p>\n\n\n\n<figure class=\"wp-block-image\"><img loading=\"lazy\" decoding=\"async\" width=\"1000\" height=\"667\" src=\"https:\/\/i0.wp.com\/www.rdpemancipation.org\/wp-content\/uploads\/2023\/02\/image-103.png?resize=399%2C265&amp;ssl=1\" alt=\"\" class=\"wp-image-110153\" srcset=\"https:\/\/i0.wp.com\/www.rdpemancipation.org\/wp-content\/uploads\/2023\/02\/image-103.png?w=1000&amp;ssl=1 1000w, https:\/\/i0.wp.com\/www.rdpemancipation.org\/wp-content\/uploads\/2023\/02\/image-103.png?resize=300%2C200&amp;ssl=1 300w, https:\/\/i0.wp.com\/www.rdpemancipation.org\/wp-content\/uploads\/2023\/02\/image-103.png?resize=768%2C512&amp;ssl=1 768w\" sizes=\"auto, (max-width: 1000px) 100vw, 1000px\" \/><\/figure>\n\n\n\n<p><strong><a href=\"http:\/\/www.regards.fr\/actu\/article\/emploi-retraites-le-rn-lr-et-le-medef-veulent-mettre-les-femmes-en-cloque\">Emploi, retraites&nbsp;: le RN, LR et le Medef veulent mettre les femmes en cloque<\/a>&nbsp;<\/strong>(Regards)<\/p>\n\n\n\n<p><a href=\"https:\/\/www.rue89strasbourg.com\/alsace-syndicats-hausse-adhesions-grace-a-la-reforme-des-retraites-257402\">En Alsace, les syndicats enregistrent une hausse des adh\u00e9sions gr\u00e2ce \u00e0 la r\u00e9forme des retraites&nbsp;<\/a>(Rue89)<\/p>\n\n\n\n<p><strong><mark>20 f\u00e9vrier<\/mark><\/strong><\/p>\n\n\n\n<p><strong><a href=\"https:\/\/www.lemonde.fr\/idees\/article\/2023\/02\/20\/reforme-des-retraites-les-degats-d-un-projet-mal-ficele_6162545_3232.html\">R\u00e9forme des retraites&nbsp;: les d\u00e9g\u00e2ts d\u2019un projet mal ficel\u00e9<\/a><\/strong>&nbsp;(Le Monde)<\/p>\n\n\n\n<p><a href=\"https:\/\/www.lemediatv.fr\/emissions\/2023\/sauvons-le-climat-sauvons-nos-retraites-les-ecolos-dans-la-rue-contre-macron-pT1gsEqsSamsTw5mFBxduA\">\u00ab&nbsp;Sauvons le climat, sauvons nos retraites&nbsp;\u00bb : les \u00e9colos dans la rue contre Macron<\/a>&nbsp;(Le M\u00e9dia)<\/p>\n\n\n\n<p><a href=\"https:\/\/www.alterpresse68.info\/2023\/02\/19\/greves-les-syndicats-doivent-ils-durcir-le-mouvement-pour-peser\/?utm_source=rss&amp;utm_medium=rss&amp;utm_campaign=greves-les-syndicats-doivent-ils-durcir-le-mouvement-pour-peser\">Gr\u00e8ves : 60% des Fran\u00e7ais adh\u00e8rent \u00e0 l\u2019id\u00e9e d\u2019un blocage. Les syndicats doivent-ils durcir le mouvement pour peser ?<\/a>&nbsp; (L\u2019Alterpresse68)<\/p>\n\n\n\n<p><a href=\"https:\/\/journal.lutte-ouvriere.org\/2023\/02\/15\/un-seul-regime-special-supprimer-celui-de-bernard-arnault_504955.html\">Un seul r\u00e9gime sp\u00e9cial \u00e0 supprimer, celui de Bernard Arnault<\/a>&nbsp;(LO)<\/p>\n\n\n\n<p><a href=\"https:\/\/journal.lutte-ouvriere.org\/2023\/02\/15\/les-financiers-se-frottent-les-mains_504953.html\">Les financiers se frottent les mains<\/a>&nbsp;(LO)<\/p>\n\n\n\n<p><a href=\"https:\/\/www.lemonde.fr\/idees\/article\/2023\/02\/20\/retraites-une-vraie-reforme-de-gauche-est-possible_6162574_3232.html\">Retraites&nbsp;: \u00ab&nbsp;Une vraie r\u00e9forme de gauche est possible&nbsp;\u00bb<\/a>&nbsp;(Tribune dans Le Monde)<\/p>\n\n\n\n<p><strong><a href=\"https:\/\/lepoing.net\/le-sept-mars-on-arrete-le-pays-et-le-huit-on-reconduit-tour-dhorizon-des-strategies-de-lutte\/\">\u201cLe sept mars on arr\u00eate le pays et le huit, on reconduit\u201d | Tour d\u2019horizon des strat\u00e9gies de lutte&nbsp;<\/a><\/strong>(Le Poing)<\/p>\n\n\n\n<p><a href=\"https:\/\/paris-luttes.info\/suivi-mouvement-contre-la-reforme-16662\">Contre la r\u00e9forme des retraites \u2013 infos et rendez-vous en r\u00e9gion parisienne du 13&nbsp;f\u00e9vrier au 5&nbsp;mars<\/a>&nbsp;(Paris-Luttes info)<\/p>\n\n\n\n<p><a href=\"https:\/\/www.radiofrance.fr\/franceinter\/attendre-le-7-mars-pour-faire-greve-pas-une-mauvaise-idee-si-l-on-en-croit-l-histoire-2781187\">Attendre le 7 mars pour faire gr\u00e8ve&nbsp;: pas une mauvaise id\u00e9e, si l\u2019on en croit l\u2019Histoire<\/a>&nbsp;(France Inter)<\/p>\n\n\n\n<p><strong><a href=\"https:\/\/www.ladepeche.fr\/2023\/02\/20\/solidarite-projection-de-la-sociale-a-larrosoir-11011300.php\">Solidarit\u00e9 : projection de \u00ab&nbsp;La sociale !&nbsp;\u00bb \u00e0 l\u2019Arrosoir<\/a>&nbsp;<\/strong>(La D\u00e9p\u00eache)<\/p>\n\n\n\n<figure class=\"wp-block-image\"><img loading=\"lazy\" decoding=\"async\" width=\"885\" height=\"500\" src=\"https:\/\/i0.wp.com\/www.rdpemancipation.org\/wp-content\/uploads\/2023\/02\/image-104.png?resize=382%2C216&amp;ssl=1\" alt=\"\" class=\"wp-image-110155\" srcset=\"https:\/\/i0.wp.com\/www.rdpemancipation.org\/wp-content\/uploads\/2023\/02\/image-104.png?w=885&amp;ssl=1 885w, https:\/\/i0.wp.com\/www.rdpemancipation.org\/wp-content\/uploads\/2023\/02\/image-104.png?resize=300%2C169&amp;ssl=1 300w, https:\/\/i0.wp.com\/www.rdpemancipation.org\/wp-content\/uploads\/2023\/02\/image-104.png?resize=768%2C434&amp;ssl=1 768w\" sizes=\"auto, (max-width: 885px) 100vw, 885px\" \/><figcaption class=\"wp-element-caption\"><sup>Photo extraite du film de Gilles Perret<\/sup><\/figcaption><\/figure>\n\n\n\n<p><strong><mark>19 f\u00e9vrier<\/mark><\/strong><\/p>\n\n\n\n<p><a href=\"https:\/\/www.boursorama.com\/actualite-economique\/actualites\/retraites-fabien-roussel-appelle-la-gauche-a-s-inspirer-de-l-unite-intersyndicale-87a2dc92af4b671b290cb1398910c002\">Fabien Roussel appelle la gauche \u00e0 \u00ab&nbsp;s\u2019inspirer&nbsp;\u00bb de l\u2019unit\u00e9 intersyndicale<\/a>&nbsp;(AFP)<\/p>\n\n\n\n<p><a href=\"https:\/\/www.boursorama.com\/actualite-economique\/actualites\/france-retraites-martinez-cgt-fustige-le-gouvernement-et-certains-elus-lfi-e4044e7541dc3249959b5b47fbb650b1\">Martinez (CGT) fustige le gouvernement et certains \u00e9lus LFI<\/a>&nbsp;(Reuters)&nbsp;&nbsp;<\/p>\n\n\n\n<p><a href=\"https:\/\/ceet.cnam.fr\/publications\/connaissance-de-l-emploi\/age-legal-de-depart-en-retraite-et-absences-maladie-quels-effets-du-passage-a-62-ans-en-2010--1394102.kjsp\">\u00c2ge l\u00e9gal de d\u00e9part en retraite et absences maladie : quels effets du passage \u00e0 62 ans en 2010 ?<\/a>&nbsp;(CEET)<\/p>\n\n\n\n<p><a href=\"https:\/\/blog.mondediplo.net\/2010-09-08-A-partir-des-retraites-imaginer-un-salaire-a-vie\">A partir des retraites, imaginer un salaire \u00e0 vie<\/a>&nbsp;(B.Friot, blog diplo 2010)<\/p>\n\n\n\n<p><strong><mark>18 f\u00e9vrier<\/mark><\/strong><\/p>\n\n\n\n<p><a href=\"https:\/\/www.mediapart.fr\/journal\/politique\/180223\/bataille-des-retraites-durcir-le-ton-elargir-le-front\">Durcir le ton, \u00e9largir le front<\/a>&nbsp;(M\u00e9diapart)<\/p>\n\n\n\n<p><a href=\"https:\/\/blogs.mediapart.fr\/ensemble-npa-rejoignons-nous\/blog\/180223\/la-bataille-des-retraites-une-mobilisation-decisive-pour-construire-une-alternativ\">La bataille des retraites&nbsp;: une mobilisation d\u00e9cisive, pour construire une alternative radicale<\/a>&nbsp;(Tribune Ensemble ! \u2013 NPA \u2013 Rejoignons-nous)<\/p>\n\n\n\n<p><strong><a href=\"https:\/\/www.alternatives-economiques.fr\/retraites-reforme-quil-faudrait\/00106064\">Retraites : la r\u00e9forme qu\u2019il faudrait<\/a><\/strong>&nbsp;(Alter \u00e9co)<\/p>\n\n\n\n<p><a href=\"https:\/\/www.alternatives-economiques.fr\/une-contre-reforme-retraites-mode-demploi\/00106069\">Une contre-r\u00e9forme des retraites : mode d\u2019emploi<\/a>&nbsp;(Alter \u00e9co)<\/p>\n\n\n\n<p><strong><a href=\"https:\/\/www.liberation.fr\/politique\/reforme-des-retraites-bouquet-final-sous-haute-tensions-a-lassemblee-20230218_7VQQUT7CFBHXJNJ43I3MA3RC24\/\">Fin du calvaire&nbsp;: bouquet final sous hautes tensions \u00e0 l\u2019Assembl\u00e9e<\/a>&nbsp;<\/strong>(Lib\u00e9ration)<\/p>\n\n\n\n<p><a href=\"https:\/\/www.humanite.fr\/politique\/reforme-des-retraites\/retraites-sans-vote-la-reforme-quitte-l-assemblee-783281#xtor=RSS-1\">Retraites. Sans vote, la r\u00e9forme quitte l\u2019Assembl\u00e9e&nbsp;<\/a>&nbsp;(L\u2019Humanit\u00e9)<\/p>\n\n\n\n<p><a href=\"https:\/\/www.francetvinfo.fr\/economie\/retraite\/reforme-des-retraites\/reforme-des-retraites-pourquoi-les-critiques-fusent-entre-la-france-insoumise-et-les-autres-partis-de-la-nupes_5666048.html\">Pourquoi les critiques fusent entre La France insoumise et les autres partis de la Nupes<\/a>&nbsp;(France Info)<\/p>\n\n\n\n<p><a href=\"https:\/\/www.mediapart.fr\/journal\/politique\/180223\/reforme-des-retraites-l-assemblee-les-debats-laissent-un-gout-d-inacheve\">\u00c0 l\u2019Assembl\u00e9e, les d\u00e9bats laissent un go\u00fbt d\u2019inachev\u00e9<\/a><a>&nbsp;(M\u00e9diapart)<\/a><\/p>\n\n\n\n<p><a href=\"https:\/\/www.liberation.fr\/politique\/senat-commission-mixte-paritaire-ordonnances-493-quelle-suite-pour-la-reforme-des-retraites-20230218_VD7TKRVFONDQBN6JEYSQUST4ZA\/\">S\u00e9nat, commission mixte paritaire, ordonnances, 49.3\u2026 Quelle suite pour la r\u00e9forme des retraites&nbsp;?<\/a>&nbsp;(Lib\u00e9ration)<\/p>\n\n\n\n<p><strong><a href=\"https:\/\/www.causette.fr\/societe\/en-france\/reforme-des-retraites-pour-rachel-keke-deputee-nupes-pour-que-le-gouvernement-recule-il-faut-bloquer-le-pays#utm_source=rss&amp;utm_medium=rss\">Rachel Keke, d\u00e9put\u00e9e LFI&nbsp;: \u00abpour que le gouvernement recule, il faut bloquer le pays\u00bb<\/a><\/strong>&nbsp; (Causette)<\/p>\n\n\n\n<p><strong><a href=\"https:\/\/www.youtube.com\/watch?v=HPklERWPAgo&amp;ab_channel=BLAST%2CLesouffledel%27info\">Retraites : les macronistes toujours plus fort contre la d\u00e9mocratie&nbsp;<\/a>(<\/strong>Blast)<\/p>\n\n\n\n<p><strong><a href=\"https:\/\/alencontre.org\/europe\/france\/france-dossier-retraites-le-7-mars-en-ligne-de-mire.html\">France-dossier. \u00abRetraites: le 7&nbsp;mars en ligne de mire\u00bb&nbsp;<\/a><\/strong>(A l\u2019encontre)<\/p>\n\n\n\n<p><a href=\"https:\/\/www.leparisien.fr\/economie\/mobilisation-du-7-mars-quels-secteurs-sont-appeles-a-la-greve-reconductible-17-02-2023-BTKVAFANGZFGPDRFRHLRDMTTLQ.php\">Mobilisation du 7&nbsp;mars&nbsp;: quels secteurs sont appel\u00e9s \u00e0 la gr\u00e8ve reconductible&nbsp;?<\/a>&nbsp;(Le Parisien)&nbsp;<\/p>\n\n\n\n<p><strong><a href=\"https:\/\/www.humanite.fr\/retraites\">Elizabeth Borne a-t-elle pr\u00e9vu d\u2019aider les s\u00e9niors au ch\u00f4mage<\/a>&nbsp;(<\/strong>l\u2019Humanit\u00e9)<\/p>\n\n\n\n<p><a href=\"https:\/\/www.force-ouvriere.fr\/nouvel-article-no-17283\">David se bat pour d\u00e9fendre la retraite des \u00e9goutiers<\/a>&nbsp;(FO)<\/p>\n\n\n\n<p><strong><mark>17 f\u00e9vrier<\/mark><\/strong><\/p>\n\n\n\n<p><strong><a href=\"https:\/\/www.liberation.fr\/economie\/social\/reforme-des-retraites-la-cgt-acte-la-greve-reconductible-dans-les-raffineries-a-partir-du-6-mars-20230217_ZYTOWIVNS5FCJPF3DWPJPAMQIA\/\">La CGT acte la gr\u00e8ve reconductible dans les raffineries \u00e0 partir du 6&nbsp;mars<\/a>&nbsp;<\/strong>(Lib\u00e9ration)<\/p>\n\n\n\n<p><a href=\"https:\/\/www.liberation.fr\/politique\/en-direct-reforme-des-retraites-suivez-le-dernier-jour-de-debat-a-lassemblee-20230217_YUVH2ZX6AJGAHB7XU55OYMSV6A\/\">EN DIRECT : les d\u00e9bats ont repris \u00e0 l\u2019Assembl\u00e9e, les tensions aussi<\/a>&nbsp;(Lib\u00e9ration)<\/p>\n\n\n\n<p><strong><a href=\"https:\/\/www.politis.fr\/articles\/2023\/02\/que-la-greve-dure-et-tout-commencera\/\">Que la gr\u00e8ve dure et tout commencera<\/a>&nbsp;<\/strong>&nbsp;(Politis)<\/p>\n\n\n\n<p><a href=\"http:\/\/clic.bastamag.net\/f\/a\/x1OLwJPmXt3HA4lVw73r6g~~\/AACZIAA~\/RgRl0bkSP0SIaHR0cHM6Ly93d3cuaHVtYW5pdGUuZnIvc29jaWFsLWVjby9yZWZvcm1lLWRlcy1yZXRyYWl0ZXMvcmV0cmFpdGVzLWZhY2UtdW4tcG91dm9pci1pbmZsZXhpYmxlLXByb2NoYWluZS1ldGFwZS1sYS1ncmV2ZS03ODI0MjAjeHRvcj1SU1MtMVcDc3BjQgpj5RI072NExPYvUhRuLmNoZXZpbGxhcmRAbm9vcy5mclgEAAAAAA~~\">Face \u00e0 un pouvoir inflexible, prochaine \u00e9tape : la gr\u00e8ve&nbsp;<\/a>&nbsp;(L\u2019Humanit\u00e9)<\/p>\n\n\n\n<p><a href=\"https:\/\/rapportsdeforce.fr\/classes-en-lutte\/pension-minimum-a-1200-euros-comprendre-larnaque-en-5-minutes-021616759\">Pension minimum \u00e0 1200 euros&nbsp;: comprendre l\u2019arnaque en 5 minutes&nbsp;<\/a>&nbsp;(Rapports de Force)<\/p>\n\n\n\n<p><a href=\"http:\/\/www.regards.fr\/actu\/article\/reforme-des-retraites-que-valent-les-arguments-demographiques\">R\u00e9forme des retraites : que valent les arguments d\u00e9mographiques ?&nbsp;<\/a>&nbsp;(Regards)<\/p>\n\n\n\n<p><a href=\"https:\/\/www.mediapart.fr\/journal\/economie-et-social\/160223\/en-attendant-de-mettre-la-france-l-arret-les-syndicats-ont-enfievre-albi\">En attendant de mettre \u00abla France \u00e0 l\u2019arr\u00eat\u00bb, les syndicats ont enfi\u00e9vr\u00e9 Albi<\/a>&nbsp;&nbsp;(M\u00e9diapart)<\/p>\n\n\n\n<p><a href=\"https:\/\/www.politis.fr\/articles\/2023\/02\/retraites-le-7-mars-en-ligne-de-mire\/\">Retraites : le 7 mars en ligne de mire<\/a>&nbsp;&nbsp;(Politis)<\/p>\n\n\n\n<p><a href=\"https:\/\/www.lesnouvellesnews.fr\/un-front-eco-feministe-pour-legalite-des-retraites-du-travail-et-pour-la-planete\/\">Un front \u00e9co-f\u00e9ministe pour l\u2019\u00e9galit\u00e9 des retraites, du travail et pour la plan\u00e8te<\/a>&nbsp;(Les Nouvelles News)<\/p>\n\n\n\n<p><a href=\"https:\/\/info.alternatives-economiques.fr\/optiext\/optiextension.dll?ID=4AB4BmDXWYbUKkAaW3QuIArTqS8XZ2TYDJlZ8Jm%2BxErR9rxOXeh%2B8J_v78wwXUUpPXw_VgWO6BXS1PVwjw79PVGkvgLiU\">Retraites : une jeunesse mobilis\u00e9e contre la panne d\u2019avenir<\/a>&nbsp;(Alter \u00e9co)<\/p>\n\n\n\n<p><a href=\"https:\/\/rapportsdeforce.fr\/breves\/mardi-16-fevrier-encore-des-centaines-de-milliers-de-personnes-dans-la-rue-lag-021616774\">Jeudi 16 f\u00e9vrier : encore des centaines de milliers de personnes dans la rue&nbsp;<\/a>&nbsp;(Rapports de Force)<\/p>\n\n\n\n<p><a href=\"https:\/\/www.acrimed.org\/Retraites-les-debats-desequilibres-de-C-a-vous\">Retraites : les d\u00e9bats d\u00e9s\u00e9quilibr\u00e9s de \u00ab C \u00e0 vous \u00bb<\/a>&nbsp;&nbsp;(Acrimed)<\/p>\n\n\n\n<p><a href=\"https:\/\/www.revue-ballast.fr\/cest-la-greve\/\">C\u2019est la gr\u00e8ve !<\/a>&nbsp;&nbsp;(Ballast)<\/p>\n\n\n\n<p><a href=\"https:\/\/www.lemediatv.fr\/emissions\/2023\/apres-le-feuilleton-des-1200-euros-un-nouveau-mensonge-dolivier-dussopt-hsdbJV9mThqDVDNeT4cIpA\">Apr\u00e8s le feuilleton des 1200 euros : un nouveau mensonge d\u2019Olivier Dussopt ?<\/a>&nbsp;&nbsp;(Le M\u00e9dia)<\/p>\n\n\n\n<p><a href=\"https:\/\/lanticapitaliste.org\/actualite\/politique\/pension-minimale-1-200-euros-un-bobard-du-gouvernement\"><strong>Pension minimale \u00e0 1\u2009200 euros\u2009: un bobard du gouvernement\u2009!<\/strong><\/a>&nbsp;(L\u2019anticapitaliste)<\/p>\n\n\n\n<figure class=\"wp-block-image\"><img loading=\"lazy\" decoding=\"async\" width=\"224\" height=\"207\" src=\"https:\/\/i0.wp.com\/www.rdpemancipation.org\/wp-content\/uploads\/2023\/02\/image-75.png?resize=322%2C298&amp;ssl=1\" alt=\"\" class=\"wp-image-109709\"\/><\/figure>\n\n\n\n<p><a href=\"https:\/\/lepoing.net\/mouvement-des-retraites-des-lyceens-de-beziers-bloquent-leur-etablissement\/\">Mouvement des retraites : des lyc\u00e9ens de B\u00e9ziers bloquent leur \u00e9tablissement<\/a>&nbsp;(Le Poing)<\/p>\n\n\n\n<p><a href=\"https:\/\/www.marianne.net\/agora\/tribunes-libres\/reforme-des-retraites-lobjectif-de-letat-social-minimal-tend-a-saffirmer-plus-clairement\">R\u00e9forme des retraites : \u00ab&nbsp;L\u2019objectif de l\u2019\u00c9tat social minimal tend \u00e0 s\u2019affirmer plus clairement&nbsp;\u00bb<\/a>&nbsp;(Marianne)<\/p>\n\n\n\n<p><a href=\"https:\/\/www.youtube.com\/watch?v=U0AWrKCj7IU&amp;ab_channel=BLAST%2CLesouffledel%27info\">Retraites : bient\u00f4t la gr\u00e8ve g\u00e9n\u00e9rale ?<\/a>&nbsp;(Blast)<\/p>\n\n\n\n<p><a href=\"https:\/\/linsoumission.fr\/2023\/02\/17\/retraites-francais-favorables-blocage\/\">58% des Fran\u00e7ais favorables au blocage du pays<\/a>&nbsp;(L\u2019insoumission)<\/p>\n\n\n\n<p><a href=\"https:\/\/rapportsdeforce.fr\/classes-en-lutte\/dans-la-manifestation-16-fevrier-le-7-mars-mobilisation-021716781\">Dans la manifestation du 16 f\u00e9vrier : le 7 mars en ligne de mire&nbsp;<\/a>(Rapports de Force)<\/p>\n\n\n\n<p><a href=\"https:\/\/www.20minutes.fr\/societe\/reforme_des_retraites\/4024004-20230216-greve-16-fevrier-3-000-mw-baisses-production-electricite-nuit-contre-reforme-retraites\">Gr\u00e8ve du 16&nbsp;f\u00e9vrier&nbsp;: Baisse de production d\u2019\u00e9lectricit\u00e9 contre la r\u00e9forme des retraites dans la nuit<\/a>&nbsp;(20 minutes)<\/p>\n\n\n\n<p><a href=\"https:\/\/reporterre.net\/La-retraite-autogeree-par-les-travailleurs-a-existe\">La retraite autog\u00e9r\u00e9e par les travailleurs a exist\u00e9<\/a>&nbsp;(Reporterre)<\/p>\n\n\n\n<figure class=\"wp-block-image\"><img loading=\"lazy\" decoding=\"async\" width=\"720\" height=\"480\" src=\"https:\/\/i0.wp.com\/www.rdpemancipation.org\/wp-content\/uploads\/2023\/02\/image-76.png?resize=434%2C289&amp;ssl=1\" alt=\"\" class=\"wp-image-109710\" srcset=\"https:\/\/i0.wp.com\/www.rdpemancipation.org\/wp-content\/uploads\/2023\/02\/image-76.png?w=720&amp;ssl=1 720w, https:\/\/i0.wp.com\/www.rdpemancipation.org\/wp-content\/uploads\/2023\/02\/image-76.png?resize=300%2C200&amp;ssl=1 300w\" sizes=\"auto, (max-width: 720px) 100vw, 720px\" \/><figcaption class=\"wp-element-caption\"><sub>Sur Reporterre<\/sub><\/figcaption><\/figure>\n\n\n\n<p><strong><mark>16 f\u00e9vrier<\/mark><\/strong><\/p>\n\n\n\n<p><strong><a href=\"https:\/\/www.liberation.fr\/economie\/social\/en-direct-greve-du-16-fevrier-suivez-la-cinquieme-journee-de-mobilisation-contre-la-reforme-des-retraites-20230216_RNFCPLQEGVFVBCLXHFLSWAGZLU\/\">En direct&nbsp;: gr\u00e8ve et mobilisations du 16 f\u00e9vrier<\/a><\/strong>&nbsp; (Lib\u00e9ration)<a href=\"https:\/\/www.lemonde.fr\/politique\/live\/2023\/02\/16\/manifestations-du-16-fevrier-contre-la-reforme-des-retraites-en-direct-au-pays-de-jaures-ou-l-intersyndicale-defile-on-attend-entre-30-000-et-50-000-personnes_6162016_823448.html\"><\/a><\/p>\n\n\n\n<p><a href=\"https:\/\/www.lemonde.fr\/politique\/live\/2023\/02\/16\/manifestations-du-16-fevrier-contre-la-reforme-des-retraites-en-direct-au-pays-de-jaures-ou-l-intersyndicale-defile-on-attend-entre-30-000-et-50-000-personnes_6162016_823448.html\">Live&nbsp;: au \u00abpays de Jaur\u00e8s\u00bb, o\u00f9 l\u2019intersyndicale d\u00e9file contre la r\u00e9forme des retraites, entre 30 000 et 50 000 personnes attendues<\/a>&nbsp;&nbsp;(Le Monde)<\/p>\n\n\n\n<p><a href=\"https:\/\/blogs.mediapart.fr\/radio-sauvage\/blog\/140223\/toulouse-la-mobilisation-etudiante-sorganise-contre-la-reforme-des-retraites\">\u00c0 Toulouse, la mobilisation \u00e9tudiante s\u2019organise contre la r\u00e9forme des retraites&nbsp;<\/a>&nbsp;(Radio Sauvage)<\/p>\n\n\n\n<p><a href=\"https:\/\/www.mediapart.fr\/journal\/politique\/150223\/les-cinq-mensonges-du-gouvernement-sur-les-retraites\">Les cinq mensonges du gouvernement sur les retraites&nbsp;<\/a>&nbsp;(M\u00e9diapart)<\/p>\n\n\n\n<p><a href=\"https:\/\/www.mediapart.fr\/journal\/politique\/150223\/reforme-des-retraites-defaits-sur-l-article-2-les-macronistes-restent-optimistes\">D\u00e9faits sur l\u2019article 2, les macronistes restent optimistes&nbsp;<\/a>&nbsp;(M\u00e9diapart)<\/p>\n\n\n\n<p><a href=\"https:\/\/blogs.mediapart.fr\/paul-report\/blog\/150223\/reforme-des-retraites-le-parlement-est-il-victime-d-un-detournement-de-procedure\">R\u00e9forme des retraites : le Parlement est-il victime d\u2019un d\u00e9tournement de proc\u00e9dure ?&nbsp;<\/a>&nbsp;(Blog de paul report)<\/p>\n\n\n\n<p><a href=\"https:\/\/www.liberation.fr\/economie\/social\/reforme-des-retraites-comment-on-en-est-arrive-au-durcissement-inevitable-du-mouvement-social-20230216_K6Y7XJJ4ENBGTFQVBRDTL4BAAY\/\">Retraites : comment on en est arriv\u00e9 au durcissement in\u00e9vitable du mouvement social<\/a>&nbsp;(Lib\u00e9ration)<\/p>\n\n\n\n<p><a href=\"https:\/\/www.lemonde.fr\/politique\/article\/2023\/02\/16\/reforme-des-retraites-l-alliance-instable-entre-le-gouvernement-et-les-republicains_6162005_823448.html\">Retraites&nbsp;: l\u2019alliance instable entre le gouvernement et Les&nbsp;R\u00e9publicains<\/a>&nbsp;(Le Monde)<\/p>\n\n\n\n<p><a href=\"https:\/\/www.lemonde.fr\/idees\/article\/2023\/02\/16\/la-reforme-des-retraites-oublie-les-promesses-du-confinement_6161996_3232.html\">La r\u00e9forme des retraites oublie les promesses du confinement (Le Monde)<\/a><\/p>\n\n\n\n<p><strong><a href=\"https:\/\/info.alternatives-economiques.fr\/optiext\/optiextension.dll?ID=nVUnO9xXEvuYr4OMVi6XrP73TLYC3cuxYHl7ysNEr8Oy0Fr9euzny1YfjKWthjhKTFdrqaBwejFaR4vPr0gubWk5xxUTK\">Macron ne doit pas c\u00e9der&nbsp;? Mais bien s\u00fbr que si&nbsp;!<\/a><\/strong>&nbsp;-Herv\u00e9 Nathan (Alter \u00e9co)<\/p>\n\n\n\n<p id=\"block-a132a2e1-b03e-4b75-a2a7-2311f1245225\"><a href=\"https:\/\/www.liberation.fr\/economie\/social\/retraite-a-1-200-euros-quand-cest-flou-il-y-a-un-loup-20230215_VUDGEK72UBAV3K3RXIFMK2PLJU\/\">Retraite \u00e0 1&nbsp;200&nbsp;euros&nbsp;: quand c\u2019est flou, il y a un loup&nbsp;<\/a>(Lib\u00e9ration)<\/p>\n\n\n\n<p id=\"block-b09a148f-94f4-4f7c-9d6c-8aaafa5a5294\"><strong><a href=\"https:\/\/www.liberation.fr\/checknews\/retraites-olivier-dussopt-a-t-il-menti-en-evoquant-une-stabilite-des-accidents-mortels-au-travail-20230215_JT5LYDDTRZGUPGHNTOATCE4G5Q\/\">Olivier Dussopt a-t-il menti en \u00e9voquant une \u00abstabilit\u00e9\u00bb des accidents mortels au travail&nbsp;?<\/a>&nbsp;<\/strong>(Lib\u00e9ration)<\/p>\n\n\n\n<p id=\"block-1a742122-f1c4-4cd7-a40c-b2f2627e4b69\"><a href=\"https:\/\/mobile.agoravox.fr\/actualites\/politique\/article\/le-monde-merveilleux-de-la-reforme-246683\">Le monde merveilleux de la r\u00e9forme<\/a>&nbsp;(Agora Vox)<\/p>\n\n\n\n<p id=\"block-e8630811-f3da-48c5-9892-957b5d6878a7\"><strong><a href=\"https:\/\/bellaciao.org\/Financer-les-retraites-Quelques-pistes-pour-faire-des-economies-nos-elu-e-s\">Financer les retraites, quelques pistes pour faire des \u00e9conomies : nos \u00e9lu.e.s<\/a>&nbsp;<\/strong>(Bellaciao)<\/p>\n\n\n\n<p id=\"block-1f7a6230-e00c-4016-8c0c-c35ae601c280\"><a href=\"https:\/\/www.france24.com\/fr\/france\/20230216-nouvelle-mobilisation-contre-la-r%C3%A9forme-des-retraites-en-france\">Nouvelle mobilisation contre la r\u00e9forme des retraites en France<\/a>&nbsp;(France 24)<\/p>\n\n\n\n<p id=\"block-7a45577d-59e7-48b7-b664-2a732312cb63\"><a href=\"https:\/\/www.publicsenat.fr\/article\/parlementaire\/retraites-au-cours-d-une-audition-tendue-au-senat-les-syndicats-veulent-peser\">Au cours d\u2019une audition tendue au S\u00e9nat, les syndicats veulent peser sur la suite des d\u00e9bats&nbsp;<\/a>(Public S\u00e9nat)<\/p>\n\n\n\n<p id=\"block-34ee6834-5a05-4b4b-9dd6-600cf17ed3c3\"><a href=\"https:\/\/www.revolutionpermanente.fr\/16-fevrier-pour-mettre-la-France-a-l-arret-il-faut-preparer-la-greve-reconductible\">16 f\u00e9vrier&nbsp;: pour \u00ab&nbsp;mettre la France \u00e0 l\u2019arr\u00eat&nbsp;\u00bb, il faut pr\u00e9parer la gr\u00e8ve reconductible&nbsp;!<\/a>&nbsp;(RP)<\/p>\n\n\n\n<p id=\"block-628facb2-45bf-4468-8ed6-965e48e19f7e\"><a href=\"https:\/\/www.humanite.fr\/social-eco\/reforme-des-retraites\/pour-monter-d-un-cran-dans-la-contestation-les-syndicats-misent-sur-le-terrain-783010\">Pour monter d\u2019un cran dans la contestation, les syndicats misent sur le terrain<\/a>&nbsp;(l\u2019Humanit\u00e9)<\/p>\n\n\n\n<p><strong><mark>15 f\u00e9vrier<\/mark><\/strong><\/p>\n\n\n\n<p><a href=\"https:\/\/blogs.mediapart.fr\/collective-des-meres-isolees\/blog\/150223\/reforme-des-retraites-pour-les-meres-isolees-chronique-d-une-precarite-annoncee\">R\u00e9forme des retraites pour les m\u00e8res isol\u00e9es : chronique d\u2019une pr\u00e9carit\u00e9 annonc\u00e9e&nbsp;<\/a>&nbsp;(Collective des m\u00e8res isol\u00e9es)<\/p>\n\n\n\n<p><a href=\"https:\/\/www.liberation.fr\/politique\/retraites-rejet-de-lindex-senior-premiere-defaite-pour-le-gouvernement-20230214_4RCWAH3IBFAUHLNVF532XZJCHE\/\"><strong>Retraites&nbsp;: rejet de l\u2019index senior, premi\u00e8re d\u00e9faite pour le gouvernement<\/strong><\/a>&nbsp;(Lib\u00e9ration)<\/p>\n\n\n\n<p><a href=\"https:\/\/www.boursorama.com\/actualite-economique\/actualites\/france-l-article-2-du-projet-de-reforme-des-retraites-rejete-a-l-assemblee-121c3266ec8f1f4fde4716023f89f829\">L\u2019article 2 du projet de r\u00e9forme des retraites rejet\u00e9 \u00e0 l\u2019Assembl\u00e9e<\/a>&nbsp;(Reuters)<\/p>\n\n\n\n<p><a href=\"https:\/\/www.boursorama.com\/actualite-economique\/actualites\/retraites-combien-toucheront-le-minimum-a-1-200-euros-dussopt-ne-repond-toujours-pas-1f5bf7c4876c06ee352040cf813a0c30\">Combien toucheront le minimum \u00e0 1.200 euros ? Dussopt ne r\u00e9pond toujours pas<\/a>&nbsp;&nbsp;(Boursorama)<\/p>\n\n\n\n<p><a href=\"https:\/\/www.boursorama.com\/videos\/actualites\/reforme-des-retraites-les-republicains-voteront-le-texte-a-la-quasi-unanimite-1c2b876cb1a755c688e02583cc974273\">Retraites : les R\u00e9publicains voteront le texte \u00ab&nbsp;\u00e0 la quasi-unanimit\u00e9&nbsp;\u00bb<\/a>&nbsp;&nbsp;(AFP Video)<\/p>\n\n\n\n<p><a href=\"https:\/\/www.politis.fr\/articles\/2023\/02\/une-etude-revele-les-fins-de-carrieres-tres-difficiles-des-seniors-de-la-seconde-ligne-retraites\/\">Les fins de carri\u00e8res tr\u00e8s difficiles des s\u00e9niors de \u00ab&nbsp;la seconde ligne&nbsp;\u00bb&nbsp;<\/a>&nbsp;(Politis)<\/p>\n\n\n\n<p><a href=\"https:\/\/lvsl.fr\/prenons-le-pouvoir-sur-nos-retraites-friot-durand-zemmour\/\">Conf\u00e9rence : Prenons le pouvoir sur nos retraites (Bernard Friot, Micha\u00ebl Zemmour, Sylvie Durand)<\/a>&nbsp;(Le Vent Se L\u00e8ve)<\/p>\n\n\n\n<p><a href=\"https:\/\/www.lemediatv.fr\/emissions\/2023\/lea-salame-michael-zemmour-olivier-veran-la-com-de-macron-seffondre-wiHYpLB8Tm6r4zuZByCEWA\">L\u00e9a Salam\u00e9, Micha\u00ebl Zemmour, Olivier V\u00e9ran\u2026 La com de Macron s\u2019effondre<\/a>&nbsp;(Le M\u00e9dia)<\/p>\n\n\n\n<p><a href=\"https:\/\/rapportsdeforce.fr\/breves\/la-droite-prete-a-voter-la-reforme-des-retraites-lag-021416729\">La droite pr\u00eate \u00e0 voter la r\u00e9forme des retraites [L\u2019AG]<\/a>&nbsp;(Rapports de Force)<\/p>\n\n\n\n<p><a href=\"https:\/\/www.acrimed.org\/Contre-reforme-des-retraites-elements-de-langage\">Contre-r\u00e9forme des retraites, \u00e9l\u00e9ments de langage m\u00e9diatique<\/a>&nbsp;(Acrimed)<\/p>\n\n\n\n<p><a href=\"https:\/\/www.alternatives-economiques.fr\/retraites-une-jeunesse-mobilisee-contre-panne-davenir\/00106030\">Retraites : une jeunesse mobilis\u00e9e contre la panne d\u2019avenir<\/a>&nbsp;(Alter Eco)<\/p>\n\n\n\n<p><strong><a href=\"https:\/\/www.frustrationmagazine.fr\/morts-politiques\/\">Oui, les politiques font des morts<\/a><\/strong>&nbsp;(Frustration)<\/p>\n\n\n\n<p><a href=\"https:\/\/www.humanite.fr\/politique\/reforme-des-retraites\/retraites-florileges-des-plus-belles-sorties-macronistes-782569#xtor=RSS-1\">Retraites. Floril\u00e8ges des plus belles sorties macronistes<\/a>&nbsp;(L\u2019Humanit\u00e9)<\/p>\n\n\n\n<p><strong><a href=\"https:\/\/rapportsdeforce.fr\/classes-en-lutte\/retraites-les-15-milliards-par-an-dexonerations-de-cotisations-patronales-comblent-les-deficits-021416685\">Les 15&nbsp;milliards par an d\u2019exon\u00e9rations de cotisations patronales comblent les d\u00e9ficits<\/a>&nbsp;<\/strong>(Rapports de Force)<\/p>\n\n\n\n<p><a href=\"https:\/\/www.force-ouvriere.fr\/dans-le-groupe-cemoi-la-bataille-de-fo-pour-les-emplois-17280\">La p\u00e9nibilit\u00e9, grande absente de la r\u00e9forme des retraites&nbsp;<\/a>(FO)<\/p>\n\n\n\n<p><strong><a href=\"https:\/\/www.la-croix.com\/France\/Reforme-retraites-quartiers-greve-nest-pas-option-2023-02-15-1201255246\">R\u00e9forme des retraites\u2009: \u00ab Dans les quartiers, la gr\u00e8ve n\u2019est pas une option \u00bb<\/a>&nbsp;<\/strong>(La Croix)<\/p>\n\n\n\n<p><strong><mark>14 f\u00e9vrier<\/mark><\/strong><\/p>\n\n\n\n<p><a href=\"https:\/\/paris-luttes.info\/suivi-mouvement-contre-la-reforme-16662\">Infos et rendez-vous en r\u00e9gion parisienne du 13&nbsp;f\u00e9vrier au 5&nbsp;mars<\/a>&nbsp;(Paris-Luttes info)<\/p>\n\n\n\n<p><a href=\"https:\/\/www.politis.fr\/articles\/2023\/02\/serieux-syndical-cirque-parlementaire\/\">S\u00e9rieux syndical, cirque parlementaire<\/a>&nbsp;(Politis)<\/p>\n\n\n\n<p><strong><a href=\"https:\/\/www.francetvinfo.fr\/economie\/retraite\/reforme-des-retraites\/mobilisation-contre-la-reforme-des-retraites-solidaires-appelle-a-la-greve-reconductible-a-partir-du-7-mars_5657126.html\">Solidaires appelle \u00e0 la \u00ab&nbsp;gr\u00e8ve reconductible&nbsp;\u00bb \u00e0 partir du 7 mars<\/a><\/strong>&nbsp;(France Info)<\/p>\n\n\n\n<p><a href=\"https:\/\/www.revolutionpermanente.fr\/L-intersyndicale-appelle-t-elle-a-la-greve-reconductible-a-partir-du-7-mars\">L\u2019intersyndicale appelle-t-elle \u00e0 la gr\u00e8ve reconductible \u00e0 partir du 7 mars&nbsp;?<\/a>&nbsp;(RP)<\/p>\n\n\n\n<p><a href=\"https:\/\/www.francetvinfo.fr\/economie\/retraite\/reforme-des-retraites\/vrai-ou-fake-reforme-des-retraites-l-index-senior-est-il-inconstitutionnel_5647349.html\">R\u00e9forme des retraites : l\u2019index senior est-il inconstitutionnel ?<\/a>&nbsp;(France Info)<\/p>\n\n\n\n<p><a href=\"https:\/\/www.revolutionpermanente.fr\/Retraites-Pourquoi-Martinez-et-Berger-s-opposent-ils-a-l-obstruction-parlementaire\">Pourquoi Martinez et Berger s\u2019opposent-ils \u00e0 l\u2019obstruction parlementaire&nbsp;?<\/a>&nbsp;(RP)<\/p>\n\n\n\n<p><a href=\"https:\/\/www.lemonde.fr\/politique\/article\/2023\/02\/13\/reforme-des-retraites-le-gouvernement-hausse-le-ton-contre-lfi-et-reclame-le-retrait-de-ses-amendements_6161644_823448.html\">Assembl\u00e9e, la Nupes retire un millier d\u2019amendements pour acc\u00e9l\u00e9rer les d\u00e9bats<\/a>&nbsp;(Le Monde)<\/p>\n\n\n\n<p><a href=\"https:\/\/www.revolutionpermanente.fr\/Apres-la-CGT-Cheminots-SUD-Rail-appelle-a-son-tour-a-la-greve-reconductible-des-le-7-mars\">Apr\u00e8s la CGT Cheminots, SUD Rail appelle \u00e0 son tour \u00e0 la gr\u00e8ve reconductible&nbsp;d\u00e8s&nbsp;le&nbsp;7&nbsp;mars<\/a>&nbsp;(RP)<\/p>\n\n\n\n<p><a href=\"https:\/\/rapportsdeforce.fr\/breves\/ils-sont-sous-la-pression-dune-base-ils-nous-ont-menti-lag-021316680\"><strong>\u00ab Ils sont sous la pression d\u2019une base. Ils nous ont menti \u00bb<\/strong>&nbsp;[L\u2019AG<\/a>&nbsp;(Rapports de force)<\/p>\n\n\n\n<p><a href=\"https:\/\/www.revolutionpermanente.fr\/AG-interfacs-des-etudiants-de-dix-facs-franciliennes-appellent-a-bloquer-a-partir-du-7-mars\">AG interfacs&nbsp;: des \u00e9tudiants de dix facs franciliennes appellent \u00e0 bloquer \u00e0 partir du 7 mars<\/a>&nbsp;(RP)<\/p>\n\n\n\n<p><a href=\"https:\/\/basta.media\/reforme-des-retraites-Les-femmes-toujours-fortement-penalisees-poinurquoi-les-inegalites-ne-se-reduisent-pas\">Les femmes toujours fortement p\u00e9nalis\u00e9es&nbsp;: pourquoi les in\u00e9galit\u00e9s face \u00e0 la retraite ne se r\u00e9duisent pas<\/a>&nbsp;(Basta!)<\/p>\n\n\n\n<p><a href=\"http:\/\/www.regards.fr\/actu\/economie\/mad-marx\/article\/minimum-retraite-a-1200-euros-chronique-d-un-accident-industriel\">Minimum retraite \u00e0 1200 euros&nbsp;: chronique d\u2019un accident industrie<\/a>l (Regards)<\/p>\n\n\n\n<p><strong><mark>13 f\u00e9vrier<\/mark><\/strong><\/p>\n\n\n\n<p><a href=\"https:\/\/www.boursorama.com\/actualite-economique\/actualites\/reforme-des-retraites-greves-dans-les-transports-et-l-energie-pour-la-journee-du-16-fevrier-0b770ec34dc7c4d4c01cc58b6fb2ba7d\">R\u00e9forme des retraites : gr\u00e8ves dans les transports et l\u2019\u00e9nergie pour la journ\u00e9e du 16 f\u00e9vrier<\/a>&nbsp;&nbsp;(Boursorama)<\/p>\n\n\n\n<p><a href=\"https:\/\/www.lemediatv.fr\/emissions\/2023\/retraite-a-1200-euros-thomas-porcher-demonte-les-bobards-du-gouvernement-Rt7E4hgPRUOM3juMHLnpTQ\">Retraite \u00e0 1200 euros : Thomas Porcher d\u00e9monte les bobards du gouvernement<\/a>&nbsp;(Le M\u00e9dia)<\/p>\n\n\n\n<p><a href=\"https:\/\/www.francetvinfo.fr\/economie\/retraite\/reforme-des-retraites\/reforme-des-retraites-on-vous-explique-pourquoi-la-revalorisation-de-la-pension-minimale-n-atteindra-pas-1-200-euros-pour-tous_5646914.html\"><strong>Pourquoi la revalorisation de la pension minimale n\u2019atteindra pas 1&nbsp;200&nbsp;\u20ac pour tous<\/strong>&nbsp;<\/a>(France Info)<\/p>\n\n\n\n<p><a href=\"https:\/\/www.francetvinfo.fr\/economie\/retraite\/reforme-des-retraites\/reforme-des-retraites-ces-strategies-pour-mettre-la-france-a-l-arret-elaborees-par-les-syndicats-avant-le-7-mars_5656301.html\">Plusieurs strat\u00e9gies pour mettre \u00ab&nbsp;la France \u00e0 l\u2019arr\u00eat&nbsp;\u00bb \u00e9labor\u00e9es avant le 7 mars&nbsp;<\/a>&nbsp;(France Info)<\/p>\n\n\n\n<p><a href=\"https:\/\/rapportsdeforce.fr\/classes-en-lutte\/reforme-des-retraites-la-contestation-reste-puissante-avant-de-se-durcir-en-mars-021116641\">Retraites : la contestation reste puissante avant de se durcir en mars<\/a>&nbsp;&nbsp;(Rapports de Force)<\/p>\n\n\n\n<p><a href=\"https:\/\/www.politis.fr\/articles\/2023\/02\/la-retraite-des-femmes-toute-une-histoire\/\"><strong>La retraite des femmes, toute une histoire<\/strong><\/a>&nbsp;(Politis)<\/p>\n\n\n\n<p><strong><a href=\"https:\/\/www.mediapart.fr\/journal\/economie-et-social\/120223\/les-robin-des-bois-offrent-le-gaz-contre-la-reforme-des-retraites\">Les \u00ab&nbsp;Robin des bois&nbsp;\u00bb offrent le gaz contre la r\u00e9forme des retraites&nbsp;<\/a>&nbsp;<\/strong>(M\u00e9diapart)<\/p>\n\n\n\n<p><a href=\"https:\/\/blogs.mediapart.fr\/pierre-merle\/blog\/130223\/comment-financer-les-deficits-futurs-du-systeme-de-retraite\">Comment financer les d\u00e9ficits futurs du syst\u00e8me de retraite ?&nbsp;<\/a>&nbsp;(Blog de Pierre MERLE)<\/p>\n\n\n\n<p><a href=\"https:\/\/legrandcontinent.eu\/fr\/2023\/02\/07\/10%20points%20sur-les%20systemes-%20de%20retraitesen%20Europe-europe\/\">10 points sur les syst\u00e8mes de retraites en Europe<\/a>&nbsp;(Le grand continent)<\/p>\n\n\n\n<p><strong><a href=\"https:\/\/rapportsdeforce.fr\/ici-et-maintenant\/samedi-11-fevrier-en-23-photos-021216668\">Samedi 11&nbsp;f\u00e9vrier en 23 photos<\/a>&nbsp;<\/strong>(Rapports de force)<\/p>\n\n\n\n<figure class=\"wp-block-image\"><img loading=\"lazy\" decoding=\"async\" width=\"820\" height=\"547\" src=\"https:\/\/i0.wp.com\/www.rdpemancipation.org\/wp-content\/uploads\/2023\/02\/image-56.png?resize=387%2C258&amp;ssl=1\" alt=\"\" class=\"wp-image-109458\" srcset=\"https:\/\/i0.wp.com\/www.rdpemancipation.org\/wp-content\/uploads\/2023\/02\/image-56.png?w=820&amp;ssl=1 820w, https:\/\/i0.wp.com\/www.rdpemancipation.org\/wp-content\/uploads\/2023\/02\/image-56.png?resize=300%2C200&amp;ssl=1 300w, https:\/\/i0.wp.com\/www.rdpemancipation.org\/wp-content\/uploads\/2023\/02\/image-56.png?resize=768%2C512&amp;ssl=1 768w\" sizes=\"auto, (max-width: 820px) 100vw, 820px\" \/><\/figure>\n\n\n\n<p><a href=\"https:\/\/reporterre.net\/Bernard-Friot-Avec-une-retraite-a-50-ans-plus-besoin-de-quemander-son-salaire\">Bernard Friot&nbsp;: \u00ab&nbsp;Avec une retraite \u00e0 50 ans, plus besoin de qu\u00e9mander son salaire&nbsp;\u00bb<\/a>&nbsp;(Reporterre)<\/p>\n\n\n\n<p><a href=\"https:\/\/www.force-ouvriere.fr\/retraites-apres-ce-11-fevrier-massif-rendez-vous-le-16-fevrier\">Et si le gouvernement s\u2019ent\u00eate, un pays \u00ab&nbsp;\u00e0 l\u2019arr\u00eat&nbsp;\u00bb le 7&nbsp;mars<\/a>. (FO)<\/p>\n\n\n\n<p><a href=\"https:\/\/www.politis.fr\/articles\/2023\/02\/de-morlaix-a-marseille-la-rue-rejette-la-reforme-des-retraites\/\">De Morlaix \u00e0 Marseille, la rue rejette la r\u00e9forme des retraites&nbsp;<\/a>(Politis)<\/p>\n\n\n\n<p><a href=\"https:\/\/www.capital.fr\/votre-retraite\/reforme-des-retraites-les-seniors-sont-mis-a-lindex-la-chasse-au-vieux-est-ouverte-1459998\">R\u00e9forme des retraites : \u201cles seniors sont mis \u00e0 l\u2019index, la chasse au vieux est ouverte\u201d<\/a>&nbsp;(Capital)<\/p>\n\n\n\n<p><strong><a href=\"https:\/\/alencontre.org\/europe\/france\/france-dossier-pour-les-syndicats-ce-samedi-11-fevrier-est-deja-un-tournant.html\">France-dossier. Pour les syndicats, ce samedi 11&nbsp;f\u00e9vrier est d\u00e9j\u00e0 un tournant<\/a>&nbsp;(<\/strong>A l\u2019encontre)<\/p>\n\n\n\n<figure class=\"wp-block-image\"><img loading=\"lazy\" decoding=\"async\" width=\"300\" height=\"292\" src=\"https:\/\/i0.wp.com\/www.rdpemancipation.org\/wp-content\/uploads\/2023\/02\/image-57.png?resize=300%2C292&amp;ssl=1\" alt=\"\" class=\"wp-image-109460\"\/><\/figure>\n\n\n\n<p><strong><mark>11 f\u00e9vrier<\/mark><\/strong><\/p>\n\n\n\n<p><a href=\"https:\/\/www.francetvinfo.fr\/economie\/retraite\/reforme-des-retraites\/direct-reforme-des-retraites-les-syndicats-esperent-mobiliser-fortement-a-l-occasion-de-la-quatrieme-journee-d-action_5652917.html\">DIRECT. 963 000 manifestants en France selon le minist\u00e8re, \u00ab&nbsp;plus de 2,5 millions&nbsp;\u00bb d\u2019apr\u00e8s la CGT<\/a>&nbsp;(France Info)<\/p>\n\n\n\n<p><a href=\"https:\/\/www.lemonde.fr\/politique\/live\/2023\/02\/11\/manifestations-du-11-fevrier-en-direct-entre-963-000-et-2-5-millions-de-personnes-ont-manifeste-samedi-selon-le-ministere-de-l-interieur-et-la-cgt_6161405_823448.html\">En direct&nbsp;: 500&nbsp;000&nbsp;personnes ont d\u00e9fil\u00e9 \u00e0 Paris, selon la CGT<\/a>&nbsp;(Le Monde)<\/p>\n\n\n\n<p><a href=\"https:\/\/www.liberation.fr\/economie\/social\/les-corteges-entre-braves-gens-gentils-le-gouvernement-les-ignore-a-paris-lespoir-dune-greve-reconductible-20230211_B7ADVQSDL5E4JNXLG3P4SHF3DQ\/\">\u00abLes cort\u00e8ges entre braves gens gentils, le gouvernement les ignore\u00bb : \u00e0 Paris, l\u2019espoir d\u2019une gr\u00e8ve reconductible<\/a>&nbsp;(Lib\u00e9ration)<\/p>\n\n\n\n<p><a href=\"https:\/\/www.francetvinfo.fr\/economie\/retraite\/reforme-des-retraites\/reportage-reforme-des-retraites-a-annonay-l-enfant-du-pays-olivier-dussopt-desormais-taxe-de-traitre-dans-les-manifestations_5653256.html\">A Annonay, l\u2019enfant du pays Olivier Dussopt d\u00e9sormais tax\u00e9 de \u00ab&nbsp;tra\u00eetre&nbsp;\u00bb dans les manifestations<\/a>&nbsp;(France Info)<\/p>\n\n\n\n<p><a href=\"https:\/\/lanticapitaliste.org\/actualite\/politique\/retraites-opposant-de-facade-la-reforme-le-rn-na-rien-faire-dans-les-corteges\">Retraites : Opposant de fa\u00e7ade \u00e0 la r\u00e9forme, le&nbsp;RN n\u2019a rien \u00e0 faire dans les cort\u00e8ges<\/a>&nbsp;(L\u2019Anticapitaliste)<\/p>\n\n\n\n<figure class=\"wp-block-image\"><img loading=\"lazy\" decoding=\"async\" width=\"289\" height=\"246\" src=\"https:\/\/i0.wp.com\/www.rdpemancipation.org\/wp-content\/uploads\/2023\/02\/image-50.png?resize=289%2C246&amp;ssl=1\" alt=\"\" class=\"wp-image-109357\"\/><\/figure>\n\n\n\n<p><strong><a href=\"https:\/\/www.francetvinfo.fr\/economie\/retraite\/reforme-des-retraites\/mobilisations-contre-la-reforme-des-retraites-le-point-a-17-heures_5653496.html\">Mobilisation contre la r\u00e9forme des retraites : le point \u00e0 17 heures, r\u00e9gion par r\u00e9gion<\/a>&nbsp;<\/strong>(France Info)<\/p>\n\n\n\n<p><a href=\"https:\/\/www.lemonde.fr\/societe\/article\/2023\/02\/11\/un-vol-sur-deux-annules-a-orly-en-raison-d-une-greve-contre-la-reforme-des-retraites_6161458_3224.html\">Un vol sur deux annul\u00e9s \u00e0 Orly&nbsp;en raison d\u2019une gr\u00e8ve contre la r\u00e9forme des retraites<\/a>&nbsp;(Le Monde)<\/p>\n\n\n\n<p><strong><a href=\"https:\/\/www.francetvinfo.fr\/economie\/retraite\/reforme-des-retraites\/mobilisation-contre-la-reforme-des-retraites-l-intersyndicale-ratp-appelle-a-une-greve-reconductible-a-partir-du-7-mars_5653487.html\">Les syndicats de la RATP appellent \u00e0 une gr\u00e8ve reconductible \u00e0 partir du 7 mars<\/a>&nbsp;<\/strong>(France Info)<\/p>\n\n\n\n<p><a href=\"https:\/\/www.mediapart.fr\/journal\/france\/110223\/d-une-reforme-des-retraites-l-autre-les-errements-du-macronisme\">D\u2019une r\u00e9forme des retraites \u00e0 l\u2019autre : les errements du macronisme<\/a>&nbsp;(M\u00e9diapart)<\/p>\n\n\n\n<p><a href=\"https:\/\/www.lemediatv.fr\/emissions\/2023\/retraites-un-adversaire-innatendu-pour-macron-9zSRtIWZRHmB6TYaxX3JmA\">Retraites : un adversaire inattendu pour Macron ?<\/a>&nbsp;(Le M\u00e9dia)<\/p>\n\n\n\n<p><a href=\"https:\/\/www.mediapart.fr\/journal\/france\/110223\/contre-la-reforme-des-retraites-facs-et-lycees-entrent-peu-peu-dans-la-danse\">Facs et lyc\u00e9es entrent peu \u00e0 peu dans la danse<\/a>&nbsp;(M\u00e9diapart)<\/p>\n\n\n\n<p><a href=\"https:\/\/blogs.mediapart.fr\/edition\/reforme-des-retraites-grevistes-solidaires\/article\/100223\/agissons\">Agissons !<\/a>&nbsp;(collectif 352.55)<\/p>\n\n\n\n<p><a href=\"https:\/\/www.lemonde.fr\/politique\/article\/2023\/02\/11\/reforme-des-retraites-la-revolte-des-sous-prefectures_6161431_823448.html\">R\u00e9forme des retraites&nbsp;: la \u00ab&nbsp;r\u00e9volte&nbsp;\u00bb des sous-pr\u00e9fectures<\/a>&nbsp;(Le Monde)<\/p>\n\n\n\n<p><a href=\"https:\/\/www.francetvinfo.fr\/economie\/retraite\/reforme-des-retraites\/direct-reforme-des-retraites-les-syndicats-esperent-mobiliser-fortement-a-l-occasion-de-la-quatrieme-journee-d-action_5652917.html\"><strong>L\u2019intersyndicale appelle \u00e0 \u00ab&nbsp;mettre la France \u00e0 l\u2019arr\u00eat&nbsp;\u00bb le 7 mars<\/strong>&nbsp;<\/a>(France Info)<\/p>\n\n\n\n<p><a href=\"https:\/\/www.ldh-france.org\/defendre-vos-droits\/vos-droits\/en-manifestation\/\">Nos droits en manifestation \u2013 Fiche pratique<\/a>&nbsp;(ldh-france.org)<\/p>\n\n\n\n<p><a href=\"https:\/\/decroissances.ouvaton.org\/2023\/02\/05\/retraites-colmater-les-infiltrations-de-lindividualisme\/\">Retraites : colmater les infiltrations de l\u2019individualisme<\/a>&nbsp;(Blog M\u00e9diapart)<\/p>\n\n\n\n<p><a href=\"https:\/\/www.radiofrance.fr\/franceculture\/podcasts\/l-invite-e-des-matins\/derriere-la-reforme-des-retraites-le-cout-de-la-dette-et-le-poids-des-marches-7964360\">Derri\u00e8re la r\u00e9forme des retraites, le co\u00fbt de la dette et le poids des march\u00e9s ?<\/a>&nbsp;(France culture)<\/p>\n\n\n\n<p><a href=\"https:\/\/www.marianne.net\/agora\/les-signatures-de-marianne\/reforme-des-retraites-sous-le-projet-la-peur-des-marches?utm_source=nl_quotidienne&amp;utm_medium=email&amp;utm_campaign=20230210&amp;xtor=EPR-1&amp;_ope=eyJndWlkIjoiZDM5MDEwNDhmODE3ZWQwNzMxMjQzMzU3MjZhMDk4NzMifQ%3D%3D\">R\u00e9forme des retraites : sous le projet, la peur des march\u00e9s<\/a>&nbsp;(Marianne)<\/p>\n\n\n\n<p><a href=\"https:\/\/www.hors-serie.net\/Dans-le-Texte\/2023-02-11\/Retraites-prenons-le-pouvoir--id528\">Retraites : prenons le pouvoir !<\/a>&nbsp;( Bernard Friot, Hors s\u00e9rie, acc\u00e8s libre)<\/p>\n\n\n\n<figure class=\"wp-block-image\"><img loading=\"lazy\" decoding=\"async\" width=\"1192\" height=\"1500\" src=\"https:\/\/i0.wp.com\/www.rdpemancipation.org\/wp-content\/uploads\/2023\/02\/image-48.png?resize=304%2C382&amp;ssl=1\" alt=\"\" class=\"wp-image-109331\" srcset=\"https:\/\/i0.wp.com\/www.rdpemancipation.org\/wp-content\/uploads\/2023\/02\/image-48.png?w=1192&amp;ssl=1 1192w, https:\/\/i0.wp.com\/www.rdpemancipation.org\/wp-content\/uploads\/2023\/02\/image-48.png?resize=238%2C300&amp;ssl=1 238w, https:\/\/i0.wp.com\/www.rdpemancipation.org\/wp-content\/uploads\/2023\/02\/image-48.png?resize=814%2C1024&amp;ssl=1 814w, https:\/\/i0.wp.com\/www.rdpemancipation.org\/wp-content\/uploads\/2023\/02\/image-48.png?resize=768%2C966&amp;ssl=1 768w\" sizes=\"auto, (max-width: 1192px) 100vw, 1192px\" \/><\/figure>\n\n\n\n<p><a href=\"https:\/\/confpeps.org\/la-reforme-des-retraites-contre-lecologie\/\">La r\u00e9forme des retraites contre l\u2019\u00e9cologie<\/a>&nbsp;(PEPS)<\/p>\n\n\n\n<p><strong><a href=\"https:\/\/www.politis.fr\/articles\/2023\/02\/une-etude-revele-les-fins-de-carrieres-tres-difficiles-des-seniors-de-la-seconde-ligne-retraites\/\">Les fins de carri\u00e8res tr\u00e8s difficiles des s\u00e9niors de \u00ab&nbsp;la seconde ligne&nbsp;\u00bb<\/a>&nbsp;<\/strong>(Politis)<\/p>\n\n\n\n<p><strong><a href=\"https:\/\/www.inegalites.fr\/Retraites-qui-recoit-combien\">Retraites&nbsp;: qui re\u00e7oit combien&nbsp;?<\/a>&nbsp;<\/strong>(Observatoire des in\u00e9galit\u00e9s)<\/p>\n\n\n\n<p><a href=\"https:\/\/www.revolutionpermanente.fr\/11-fevrier-soyons-massivement-mobilises-defendons-une-greve-reconductible-large-pour-gagner\">11 f\u00e9vrier&nbsp;: soyons massivement mobilis\u00e9s, d\u00e9fendons une gr\u00e8ve reconductible large pour gagner&nbsp;!<\/a>&nbsp;(RP)<\/p>\n\n\n\n<p><a href=\"https:\/\/www.force-ouvriere.fr\/fonction-publique-le-refus-d-un-duo-infernal-a-l-assaut-des\">Fonction publique&nbsp;: le refus d\u2019un duo infernal \u00e0 l\u2019assaut des pensions<\/a>&nbsp;(FO)<\/p>\n\n\n\n<p><a href=\"https:\/\/www.force-ouvriere.fr\/cadres-menaces-eux-aussi-a-plus-d-un-titre\">Cadres&nbsp;: menac\u00e9s eux aussi \u00e0 plus d\u2019un titre<\/a>&nbsp;(FO)<\/p>\n\n\n\n<p><strong><mark>10 f\u00e9vrier<\/mark><\/strong><\/p>\n\n\n\n<p><a href=\"https:\/\/www.lemonde.fr\/politique\/article\/2023\/02\/10\/reforme-des-retraites-l-assemblee-vote-l-article-premier-portant-sur-la-fin-des-regimes-speciaux_6161296_823448.html\">L\u2019Assembl\u00e9e vote l\u2019article 1 de la r\u00e9forme des retraites sur la fin des r\u00e9gimes sp\u00e9ciaux<\/a>&nbsp;(Le Monde)<\/p>\n\n\n\n<p><a href=\"https:\/\/www.liberation.fr\/politique\/retraites-laurent-berger-et-philippe-martinez-repliquent-face-aux-remontrances-de-macron-et-font-appel-a-sa-propre-responsabilite-20230210_IN4NTTENKRAJVC2LSKU4VTL5AA\/\">Berger et Martinez r\u00e9pliquent aux remontrances de Macron et le renvoient \u00e0 sa propre \u00abresponsabilit\u00e9\u00bb<\/a>&nbsp;(Lib\u00e9ration)<\/p>\n\n\n\n<p><a href=\"https:\/\/www.francetvinfo.fr\/economie\/retraite\/reforme-des-retraites\/direct-reforme-des-retraites-la-cfdt-et-la-cgt-appellent-le-gouvernement-a-la-responsabilite_5651138.html\">La CGT-Cheminots envisage une gr\u00e8ve reconductible \u00e0 partir du 7 mars, apr\u00e8s les vacances scolaires<\/a>&nbsp;(France Info)<\/p>\n\n\n\n<p><a href=\"https:\/\/rapportsdeforce.fr\/breves\/greve-le-7-mars-le-plan-de-lintersyndicale-se-dessine-020916609\">Gr\u00e8ve le 7 mars : le plan de l\u2019intersyndicale se dessine&nbsp;<\/a>&nbsp;(Rapports de Force)<\/p>\n\n\n\n<p><a href=\"https:\/\/www.francetvinfo.fr\/economie\/retraite\/reforme-des-retraites\/greve-contre-la-reforme-des-retraites-vers-un-blocage-a-partir-du-7-mars_5651348.html\">Gr\u00e8ve contre la r\u00e9forme des retraites&nbsp;: vers un blocage \u00e0 partir du 7 mars&nbsp;?<\/a>&nbsp;(France Info)<\/p>\n\n\n\n<p><strong><a href=\"https:\/\/basta.media\/Reforme-des-retraites-les-chaines-d-info-continue-BFMTV-LCI-et-journaux-televises-TF1-France2-roulent-ils-pour-le-gouvernement\">Cha\u00eenes d\u2019info continue et journaux t\u00e9l\u00e9vis\u00e9s roulent-ils pour le gouvernement ?<\/a><\/strong>&nbsp; (Basta!)<\/p>\n\n\n\n<p><a href=\"https:\/\/www.frustrationmagazine.fr\/dividendes-retraites\/\">Faire cotiser les dividendes pour financer les retraites : une fausse bonne id\u00e9e&nbsp;<\/a>&nbsp;(Frustration)<\/p>\n\n\n\n<p><a href=\"https:\/\/paris-luttes.info\/suivi-mouvement-contre-la-reforme-16632\">Suivi] Mouvement contre la r\u00e9forme des retraites \u2013 gr\u00e8ves, rendez-vous, actions<\/a>&nbsp;(Paris-Luttes info)<\/p>\n\n\n\n<p><a href=\"https:\/\/www.politis.fr\/articles\/2023\/02\/pour-les-syndicats-samedi-est-deja-un-tournant\/\">Pour les syndicats, samedi est d\u00e9j\u00e0 un tournant<\/a>&nbsp;(Politis)<\/p>\n\n\n\n<p><a href=\"https:\/\/rebellyon.info\/En-attendant-la-manif-intersyndicale-de-24492\">En attendant la manif intersyndicale de samedi 11, un petit point sur la situation et prochains rdv<\/a>&nbsp;(Rebellyon)<\/p>\n\n\n\n<p><a href=\"https:\/\/www.radiofrance.fr\/franceinter\/monter-d-un-cran-quelles-sont-les-prochaines-mobilisations-prevues-contre-la-reforme-des-retraites-3293374\">\u00ab&nbsp;Monter d\u2019un cran&nbsp;\u00bb : quelles sont les prochaines mobilisations pr\u00e9vues &nbsp;?<\/a>&nbsp;(France Inter)<\/p>\n\n\n\n<p><a href=\"https:\/\/www.francebleu.fr\/infos\/economie-social\/retraites-les-syndicats-annoncent-une-nouvelle-journee-de-greve-et-de-manifestations-le-7-mars-8615280\">Retraites&nbsp;: les syndicats annoncent une sixi\u00e8me journ\u00e9e de gr\u00e8ve et de manifestations le 7 mars<\/a>&nbsp;(ici)<\/p>\n\n\n\n<p><strong><a href=\"https:\/\/mobile.agoravox.fr\/tribune-libre\/article\/reforme-des-retraites-une-etude-246549\">R\u00e9forme des retraites&nbsp;: une \u00e9tude explosive&nbsp;!<\/a>&nbsp;<\/strong>(Agora Vox)<\/p>\n\n\n\n<p><a href=\"https:\/\/www.revue-ballast.fr\/carnet-de-greve-il-faut-bloquer-le-pays-i\/\">Carnet de gr\u00e8ve [I] : \u00ab Il faut bloquer le pays \u00bb<\/a>&nbsp;(Ballast)<\/p>\n\n\n\n<p><a href=\"https:\/\/www.frustrationmagazine.fr\/dividendes-retraites\/\">Faire cotiser les dividendes pour financer les retraites : une fausse bonne id\u00e9e<\/a>&nbsp;(Frustration)<\/p>\n\n\n\n<p><a href=\"https:\/\/www.force-ouvriere.fr\/les-femmes-tres-penalisees\">Les femmes tr\u00e8s p\u00e9nalis\u00e9es<\/a>&nbsp;(FO)<\/p>\n\n\n\n<p><a href=\"https:\/\/linsoumission.fr\/2023\/02\/09\/retraite-angoisse-gazier-temoignage\/\">\u00ab Cette angoisse qui nous use chaque jour \u00bb : le bouleversant t\u00e9moignage de Bernard, gazier pendant 32 ans&nbsp;<\/a>(L\u2019insoumission)<\/p>\n\n\n\n<p><strong><mark>9 f\u00e9vrier<\/mark><\/strong><\/p>\n\n\n\n<p><a href=\"https:\/\/www.francetvinfo.fr\/vrai-ou-fake\/vrai-ou-fake-la-reforme-des-retraites-va-t-elle-vraiment-beneficier-a-la-mere-de-gerald-darmanin_5649521.html\">La r\u00e9forme des&nbsp;retraites va-t-elle vraiment b\u00e9n\u00e9ficier \u00e0 la m\u00e8re de G\u00e9rald&nbsp;Darmanin&nbsp;?<\/a>&nbsp;(France Info)<\/p>\n\n\n\n<p><a href=\"https:\/\/www.francetvinfo.fr\/economie\/retraite\/reforme-des-retraites\/reforme-des-retraites-je-n-ai-pas-de-pacte-avec-le-gouvernement-assure-aurelien-pradie_5649086.html\">Retraites : \u00ab&nbsp;Je n\u2019ai pas de pacte avec le gouvernement&nbsp;\u00bb, assure Aur\u00e9lien Pradi\u00e9<\/a>&nbsp;(France Info)<\/p>\n\n\n\n<p><a href=\"https:\/\/www.francetvinfo.fr\/replay-jt\/france-3\/19-20\/reforme-des-retraites-les-electeurs-republicains-ne-savent-plus-comment-se-positionner_5647856.html\">Retraites : les \u00e9lecteurs r\u00e9publicains ne savent plus comment se positionner<\/a>&nbsp;(France Info)<\/p>\n\n\n\n<p><a href=\"https:\/\/www.mediapart.fr\/journal\/economie-et-social\/090223\/avec-les-egoutiers-de-marseille-peut-pas-aller-sous-terre-plus-de-60-ans\">Avec les \u00e9goutiers de Marseille : \u00ab On peut pas aller sous terre \u00e0 plus de 60 ans \u00bb<\/a>&nbsp;(M\u00e9diapart)<\/p>\n\n\n\n<p><a href=\"https:\/\/www.mediapart.fr\/journal\/economie-et-social\/090223\/la-menace-de-la-faillite-un-epouvantail-pour-imposer-la-reforme-des-retraites\">La menace de la \u00ab&nbsp;faillite&nbsp;\u00bb, un \u00e9pouvantail pour imposer la r\u00e9forme des retraites<\/a>&nbsp;(M\u00e9diapart)<\/p>\n\n\n\n<p><a href=\"https:\/\/www.youtube.com\/watch?v=fTfapvfyxEQ&amp;ab_channel=FRAN%C3%87OISRUFFIN\">Vous faites piti\u00e9<\/a>&nbsp;(F.Ruffin)<\/p>\n\n\n\n<p><a href=\"https:\/\/alencontre.org\/europe\/france\/france-dossier-contre-la-reforme-des-retraites-lenvie-de-monter-en-puissance.html\">France-dossier. \u00abContre la r\u00e9forme des retraites, l\u2019envie de monter en puissance\u00bb<\/a>&nbsp;(A l\u2019encontre)<\/p>\n\n\n\n<p><a href=\"https:\/\/lanticapitaliste.org\/actualite\/politique\/le-11-fevrier-dans-la-rue-greves-blocages-jusquau-retrait-total\">Le 11 f\u00e9vrier dans la rue\u2009! Gr\u00e8ves, blocages, jusqu\u2019au retrait total\u2009!&nbsp;<\/a>(l\u2019Anticapitaliste)<\/p>\n\n\n\n<p><a href=\"https:\/\/www.marianne.net\/politique\/droite\/retraite-au-senat-gerard-larcher-traine-des-pieds-pour-changer-de-regime\">Retraite : au S\u00e9nat, G\u00e9rard Larcher tra\u00eene des pieds pour changer de r\u00e9gime&nbsp;<\/a>(Marianne)<\/p>\n\n\n\n<p><a href=\"https:\/\/www.force-ouvriere.fr\/projet-embarque-dans-un-plfrss-le-choix-conteste-d-un-bolide\">Projet embarqu\u00e9 dans un PLFRSS&nbsp;: le choix contest\u00e9 d\u2019un bolide l\u00e9gislatif&nbsp;<\/a>(FO)<\/p>\n\n\n\n<p><a href=\"https:\/\/www.force-ouvriere.fr\/retraites-la-mobilisation-massive-du-7-fevrier-confirme-l\">Retraites&nbsp;: la mobilisation massive du 7&nbsp;f\u00e9vrier confirme l\u2019ancrage du mouvement<\/a>&nbsp;(F0)<\/p>\n\n\n\n<p><a href=\"https:\/\/lvsl.fr\/la-retraite-une-vie-hors-du-marche-par-francois-ruffin\/\">La retraite, une vie hors du march\u00e9 \u2013 par F. Ruffin&nbsp;<\/a>(LVSL)<\/p>\n\n\n\n<p><a href=\"https:\/\/rapportsdeforce.fr\/boite-a-outils\/manifestations-du-11-fevrier-les-heures-et-lieux-des-defiles-de-samedi-020816588\">Manifestations du 11 f\u00e9vrier : les heures et lieux des d\u00e9fil\u00e9s de samedi&nbsp;<\/a>(Rapports de Force)<\/p>\n\n\n\n<p><a href=\"https:\/\/www.lemonde.fr\/politique\/article\/2023\/02\/08\/reforme-des-retraites-la-plupart-des-raffineries-de-totalenergies-en-greve-baisses-de-production-dans-des-centrales-d-edf_6160976_823448.html\">La plupart des raffineries de TotalEnergies en gr\u00e8ve, baisses de production dans des centrales d\u2019EDF<\/a>&nbsp;(Le Monde)<\/p>\n\n\n\n<p><a href=\"https:\/\/france3-regions.francetvinfo.fr\/hauts-de-france\/nord-0\/dunkerque\/greve-contre-la-reforme-des-retraites-plus-rien-ne-sort-depuis-lundi-soir-de-la-raffinerie-de-mardyck-2710114.html\">Plus rien ne sort depuis lundi soir de la raffinerie de Mardyck<\/a>&nbsp;(France Info)<\/p>\n\n\n\n<p><strong><mark>8 f\u00e9vrier<\/mark><\/strong><\/p>\n\n\n\n<p><a href=\"https:\/\/www.francetvinfo.fr\/economie\/retraite\/reforme-des-retraites\/direct-reforme-des-retraites-greve-reconduite-chez-totalenergies-dans-la-plupart-des-raffineries-selon-la-cgt_5646863.html\"><strong>La gr\u00e8ve est reconduite chez TotalEnergies dans la plupart des raffineries<\/strong>, selon la CGT<\/a>&nbsp;(France Info)<\/p>\n\n\n\n<p><a href=\"https:\/\/lesjours.fr\/obsessions\/reforme-retraites\/ep2-150-milliards\/\">Retraites&nbsp;: 150&nbsp;milliards, le grand m\u00e9chant trou<\/a>&nbsp; (Les Jours)<\/p>\n\n\n\n<p><a href=\"https:\/\/www.politis.fr\/articles\/2023\/02\/contre-la-reforme-des-retraites-lenvie-de-monter-en-puissance\/\"><strong>Contre la r\u00e9forme des retraites, l\u2019envie de monter en puissance<\/strong><\/a>(Politis)<\/p>\n\n\n\n<p><a href=\"https:\/\/www.mediapart.fr\/journal\/france\/070223\/retraites-dans-des-corteges-moins-fournis-l-envie-d-en-decoudre\">Retraites : dans des cort\u00e8ges moins fournis, l\u2019envie d\u2019en d\u00e9coudre<\/a>&nbsp;(M\u00e9diapart)<\/p>\n\n\n\n<p><a href=\"https:\/\/rapportsdeforce.fr\/breves\/une-mobilisation-moins-exceptionnelle-mais-toujours-de-haut-niveau-lag-020716560\"><strong>Une mobilisation moins exceptionnelle, mais toujours de haut niveau<\/strong>&nbsp;<\/a>&nbsp;(Rapports de Force)<\/p>\n\n\n\n<p><a href=\"https:\/\/www.humanite.fr\/social-eco\/rosies\/des-rosies-arretees-pour-avoir-manifeste-781712#xtor=RSS-1\">Des Rosies arr\u00eat\u00e9es pour avoir manifest\u00e9<\/a>&nbsp;(L\u2019Humanit\u00e9)<\/p>\n\n\n\n<p><a href=\"https:\/\/www.streetpress.com\/sujet\/1675799394-gilets-jaunes-manifestent-reforme-retraites-tomber-macron-greve-gouvernement-mouvement-social-temoignages\">Les Gilets jaunes manifestent contre la r\u00e9forme des retraites (et pour faire tomber Macron)&nbsp;<\/a>&nbsp;(StreetPress)<\/p>\n\n\n\n<p><a href=\"https:\/\/theconversation.com\/quand-sonne-lheure-de-la-retraite-democratique-199226\">Quand sonne l\u2019heure de la retraite d\u00e9mocratique ?<\/a>&nbsp;(The Conversation)<\/p>\n\n\n\n<p><a href=\"https:\/\/lvsl.fr\/la-retraite-une-vie-hors-du-marche-par-francois-ruffin\/\"><strong>La retraite, une vie hors du march\u00e9 \u2013 Par Fran\u00e7ois Ruffin<\/strong><\/a>(Le Vent Se L\u00e8ve)<\/p>\n\n\n\n<p><a href=\"https:\/\/www.humanite.fr\/social-eco\/reforme-des-retraites\/dans-les-raffineries-tous-prets-partir-en-reconductible-781831#xtor=RSS-1\"><strong>Dans les raffineries, tous \u00ab pr\u00eats \u00e0 partir en reconductible \u00bb<\/strong><\/a>(L\u2019Humanit\u00e9)<\/p>\n\n\n\n<p><a href=\"https:\/\/www.lemediatv.fr\/emissions\/2023\/greve-du-7-fevrier-cest-confirme-le-peuple-dit-non-nicolas-framont-contre-les-parasites-bourgeois-t26ZZBeKTqS12BgvaQHeHQ\">&nbsp;7 f\u00e9vrier : c\u2019est confirm\u00e9, le peuple dit non \u2013 Nicolas Framont contre les parasites bourgeois<\/a>&nbsp;(Le M\u00e9dia)<\/p>\n\n\n\n<p><a href=\"https:\/\/www.bondyblog.fr\/reportages\/les-lyceens-de-la-courneuve-vent-debout-contre-la-reforme-des-retraites\/\">Les lyc\u00e9ens de La Courneuve vent debout contre la r\u00e9forme des retraites&nbsp;<\/a>&nbsp;(Le Bondy Blog)<\/p>\n\n\n\n<p><a href=\"https:\/\/www.politis.fr\/articles\/2023\/02\/retraites-dans-les-facs-remettre-de-la-joie-dans-la-mobilisation\/\">Retraites : dans les facs, \u00ab remettre de la joie \u00bb dans la mobilisation<\/a>&nbsp;(Politis)<\/p>\n\n\n\n<p><a href=\"https:\/\/rapportsdeforce.fr\/classes-en-lutte\/greve-reconductible-le-8-mars-la-proposition-de-solidaires-020716540\">Gr\u00e8ve reconductible le 8 mars : la proposition de Solidaires&nbsp;<\/a>(Rapports de Force)<\/p>\n\n\n\n<p><a href=\"https:\/\/basta.media\/les-retraites-dorees-des-patrons-du-cac40-reforme-des-retraites\">Plus de cent fois la pension moyenne&nbsp;: pour les patrons du CAC40, des retraites dor\u00e9es et pas de r\u00e9forme&nbsp;<\/a>(Basta)<\/p>\n\n\n\n<p><a href=\"https:\/\/www.capital.fr\/economie-politique\/greve-du-7-fevrier-sncf-essence-avion-le-point-sur-les-perturbations-1459482\">Gr\u00e8ve du 7 f\u00e9vrier contre la r\u00e9forme des retraites : la CGT revendique pr\u00e8s de 2 millions de manifestants en France ! Le minist\u00e8re de l\u2019Int\u00e9rieur en annonce 757 000<\/a>&nbsp;(Capital)<\/p>\n\n\n\n<p><a href=\"https:\/\/elucid.media\/societe\/reforme-retraites-greve-manifestation-sauver-neoliberalisme\/\">\u00ab&nbsp;Sauver les retraites&nbsp;\u00bb ou sauver le n\u00e9olib\u00e9ralisme ?<\/a>&nbsp;(\u00c9lucid)<\/p>\n\n\n\n<p><a href=\"https:\/\/www.politis.fr\/articles\/2023\/02\/retraites-dans-les-facs-remettre-de-la-joie-dans-la-mobilisation\/\">Retraites&nbsp;: dans les facs, \u00ab&nbsp;remettre de la joie&nbsp;\u00bb dans la mobilisation<\/a>&nbsp;(Politis)<\/p>\n\n\n\n<p><a href=\"https:\/\/www.revolutionpermanente.fr\/Retraites-plus-d-un-millier-de-grevistes-bloquent-le-port-du-Havre-et-ses-zones-industrielles\">Retraites&nbsp;: plus d\u2019un millier de gr\u00e9vistes bloquent le port du Havre et ses zones industrielles&nbsp;<\/a>(RP)<\/p>\n\n\n\n<p><a href=\"https:\/\/www.revolutionpermanente.fr\/4500-MW-de-baisse-de-production-d-electricite-les-grevistes-d-EDF-durcissent-le-mouvement\">4500 MW de baisse de production d\u2019\u00e9lectricit\u00e9&nbsp;: les gr\u00e9vistes d\u2019EDF durcissent le mouvement<\/a>&nbsp;(RP)<\/p>\n\n\n\n<p><a href=\"https:\/\/www.revolutionpermanente.fr\/Paris-la-police-gaze-et-charge-violemment-les-manifestants-un-cortege-syndical-et-des-pompiers\">Paris&nbsp;: la police gaze et charge violemment les manifestants, un cort\u00e8ge syndical et des pompier<\/a>s (RP)<\/p>\n\n\n\n<p><strong><mark>7 f\u00e9vrier<\/mark><\/strong><\/p>\n\n\n\n<p><a href=\"https:\/\/www.boursorama.com\/actualite-economique\/actualites\/france-retraites-il-ne-faut-pas-lacher-disent-les-syndicats-a-nouveau-mobilises-be312316faa08877bd3b1748f178cf1c\">\u00ab&nbsp;Il ne faut pas l\u00e2cher&nbsp;\u00bb, disent les syndicats \u00e0 nouveau mobilis\u00e9s<\/a>&nbsp;(Reuters)<\/p>\n\n\n\n<p><a href=\"https:\/\/www.francetvinfo.fr\/economie\/retraite\/reforme-des-retraites\/direct-greve-contre-la-reforme-des-retraites-11-000-forces-de-l-ordre-mobilisees-partout-en-france-pour-encadrer-la-troisieme-journee-de-mobilisation_5644187.html\">La CGT revendique 400 000 manifestants \u00e0 Paris, une affluence en baisse mais \u00e9gale \u00e0 celle du 19 janvier&nbsp;<\/a>&nbsp;(France Info)<\/p>\n\n\n\n<p><a href=\"https:\/\/www.mediapart.fr\/journal\/france\/070223\/retraites-notre-recit-en-direct-de-la-journee-de-mobilisation-du-7-fevrier\">En direct&nbsp;: \u00ab&nbsp;La sant\u00e9 aux travailleuses, Dussopt \u00e0 la Sant\u00e9 !&nbsp;\u00bb<\/a>&nbsp;(M\u00e9diapart)<\/p>\n\n\n\n<p><a href=\"https:\/\/www.lemonde.fr\/politique\/live\/2023\/02\/07\/manifestation-du-7-fevrier-contre-la-reforme-des-retraites-en-direct-le-cortege-parisien-part-de-la-place-de-l-opera_6160804_823448.html\">LIVE du Monde sur les mobilisations<\/a>&nbsp;(Le Monde)<\/p>\n\n\n\n<p><a href=\"https:\/\/blogs.mediapart.fr\/cadtm\/blog\/070223\/ce-que-la-reforme-des-retraites-dit-du-sens-de-l-histoire\">Ce que la r\u00e9forme des retraites dit du sens de l\u2019Histoire<\/a>&nbsp;(CADTM)<\/p>\n\n\n\n<p><a href=\"https:\/\/basta.media\/reforme-des-retraites-pension-minimale-a-1200-euros-un-slogan-pas-une-realite-pour-la-majorite-entretien-Michael-Zemmour\">Pension minimale et fausse promesse&nbsp;: pourquoi 1 retrait\u00e9 sur 4 restera en dessous des 1200 \u20ac<\/a>&nbsp;(Basta!)<\/p>\n\n\n\n<p><a href=\"https:\/\/basta.media\/Plus%20de%20cent%20fois%20la%20pension%20moyenne%C2%A0:%20pour%20les%20patrons%20du%20CAC%2040%E2%80%A6les-retraites-dorees-des-patrons-du-cac40-reforme-des-retraites\">Plus de cent fois la pension moyenne&nbsp;: pour les patrons du CAC 40\u2026<\/a>&nbsp;(Basta!)<\/p>\n\n\n\n<p><a href=\"https:\/\/www.mediapart.fr\/journal\/economie-et-social\/060223\/retraite-des-femmes-macron-contredit-macron\">Retraite des femmes : Macron contredit Macron<\/a>&nbsp;(M\u00e9diapart)<\/p>\n\n\n\n<p><a href=\"https:\/\/www.mediapart.fr\/journal\/politique\/060223\/retraites-des-les-premiers-debats-un-hemicycle-au-bord-de-la-rupture\">Assembl\u00e9e : d\u00e8s les premiers d\u00e9bats, un h\u00e9micycle au bord de la rupture<\/a>&nbsp;(M\u00e9diapart)<\/p>\n\n\n\n<p><a href=\"https:\/\/www.mediapart.fr\/journal\/economie-et-social\/060223\/contre-la-reforme-des-retraites-la-france-en-colere\">Contre la r\u00e9forme des retraites, la France en col\u00e8re<\/a>&nbsp;(M\u00e9diapart)<\/p>\n\n\n\n<figure class=\"wp-block-image\"><img loading=\"lazy\" decoding=\"async\" width=\"704\" height=\"472\" src=\"https:\/\/i0.wp.com\/www.rdpemancipation.org\/wp-content\/uploads\/2023\/02\/image-36.png?resize=421%2C282&amp;ssl=1\" alt=\"\" class=\"wp-image-109110\" srcset=\"https:\/\/i0.wp.com\/www.rdpemancipation.org\/wp-content\/uploads\/2023\/02\/image-36.png?w=704&amp;ssl=1 704w, https:\/\/i0.wp.com\/www.rdpemancipation.org\/wp-content\/uploads\/2023\/02\/image-36.png?resize=300%2C201&amp;ssl=1 300w\" sizes=\"auto, (max-width: 704px) 100vw, 704px\" \/><\/figure>\n\n\n\n<p><strong><a href=\"https:\/\/www.youtube.com\/watch?v=Bm6uinnsVlo&amp;ab_channel=Mediapart\">Usul. R\u00e9forme des retraites : ab\u00e9c\u00e9daire pratique \u00e0 l\u2019usage du monde du travail<\/a>&nbsp;<\/strong>(M\u00e9diapart)<\/p>\n\n\n\n<p><a href=\"https:\/\/mobile.agoravox.fr\/tribune-libre\/article\/la-directrice-de-bva-france-inter-246487\">La directrice de BVA \u00ab&nbsp;Aujourd\u2019hui on dirait qu\u2019il (Macron) veut attacher un totem \u00e0 son CV&nbsp;\u00bb<\/a>&nbsp;(Agora Vox)<\/p>\n\n\n\n<p><a href=\"https:\/\/www.tf1info.fr\/justice-faits-divers\/greve-du-7-fevrier-2023-contre-la-reforme-des-retraites-11000-forces-de-l-ordre-mobilisees-partout-en-france-dont-4000-a-paris-2247317.html\">Gr\u00e8ve du 7 f\u00e9vrier : 11.000 forces de l\u2019ordre mobilis\u00e9es partout en France<\/a>&nbsp;(TF1)<\/p>\n\n\n\n<p><strong><a href=\"https:\/\/www.monde-diplomatique.fr\/2020\/01\/CASTEL\/61171\">Un statut nomm\u00e9 d\u00e9sir<\/a>&nbsp;<\/strong>(Le Monde Diplomatique)<\/p>\n\n\n\n<p><a href=\"https:\/\/www.leparisien.fr\/info-paris-ile-de-france-oise\/transports\/greve-du-7-fevrier-le-parcours-de-la-manifestation-parisienne-06-02-2023-CKJDBKHT3VCABDUO2JYICRQG4Y.php\">Gr\u00e8ve du mardi 7&nbsp;f\u00e9vrier&nbsp;: le parcours de la manifestation parisienne<\/a>&nbsp;(Le Parisien)<\/p>\n\n\n\n<p><a href=\"https:\/\/www.marianne.net\/politique\/gouvernement\/reforme-des-retraites-les-occasions-ratees-du-gouvernement-pour-convaincre-les-francais\">R\u00e9forme des retraites : les occasions rat\u00e9es du gouvernement pour convaincre les Fran\u00e7ais&nbsp;<\/a>(Marianne)<\/p>\n\n\n\n<p><a href=\"https:\/\/www.revolutionpermanente.fr\/Retraites-rien-a-attendre-du-Parlement-c-est-par-la-greve-qu-on-fera-reculer-Macron\">Retraites&nbsp;: rien \u00e0 attendre du Parlement, c\u2019est par la gr\u00e8ve qu\u2019on fera reculer Macron&nbsp;!<\/a>&nbsp;(RP)<\/p>\n\n\n\n<p><a href=\"https:\/\/qg.media\/emission\/lheure-de-faire-plier-macron-pas-de-quartier-avec-bernard-friot-laurent-brun-et-stathis-kouvelakis\/\">L\u2019heure de faire plier Macron \u2013 Pas de Quartier<\/a>&nbsp;(QG)<\/p>\n\n\n\n<p><strong><a href=\"https:\/\/linsoumission.fr\/2023\/02\/06\/retraites-magistrale-rachel-keke\/\">Retraites : l\u2019intervention magistrale de Rachel Keke (LFI) \u00e0 l\u2019Assembl\u00e9e<\/a>&nbsp;<\/strong>(l\u2019Insoumission)<\/p>\n\n\n\n<p><a href=\"http:\/\/www.regards.fr\/videos\/article\/l-argument-mauvais-de-la-dette-et-des-marches-financiers-pour-justifier-la\">L\u2019argument (mauvais) de la dette et des march\u00e9s financiers pour justifier la r\u00e9forme des retraites<\/a>&nbsp;(Regards)<\/p>\n\n\n\n<p><a href=\"https:\/\/www.gaucherepublicaine.org\/respublica-combats\/respublica-combat-social\/de-nouvelles-taches-pour-les-7-et-11-fevrier-et-au-dela\/7433067\">De nouvelles t\u00e2ches pour les 7 et 11 f\u00e9vrier et au-del\u00e0<\/a>&nbsp;(Respublica)<\/p>\n\n\n\n<p><a href=\"https:\/\/www.francetvinfo.fr\/economie\/retraite\/reforme-des-retraites\/reforme-des-retraites-pas-d-appel-a-la-greve-de-la-sncf-samedi-11-fevrier_5644235.html\">R\u00e9forme des retraites&nbsp;: pas d\u2019appel \u00e0 la gr\u00e8ve de la SNCF samedi 11 f\u00e9vrier<\/a>&nbsp;(France Info)<\/p>\n\n\n\n<p><strong><mark>6 f\u00e9vrier<\/mark><\/strong><\/p>\n\n\n\n<figure class=\"wp-block-image\"><img loading=\"lazy\" decoding=\"async\" width=\"2048\" height=\"1152\" src=\"https:\/\/i0.wp.com\/www.rdpemancipation.org\/wp-content\/uploads\/2023\/02\/image-30.png?resize=429%2C241&amp;ssl=1\" alt=\"\" class=\"wp-image-109041\" srcset=\"https:\/\/i0.wp.com\/www.rdpemancipation.org\/wp-content\/uploads\/2023\/02\/image-30.png?w=2048&amp;ssl=1 2048w, https:\/\/i0.wp.com\/www.rdpemancipation.org\/wp-content\/uploads\/2023\/02\/image-30.png?resize=300%2C169&amp;ssl=1 300w, https:\/\/i0.wp.com\/www.rdpemancipation.org\/wp-content\/uploads\/2023\/02\/image-30.png?resize=1024%2C576&amp;ssl=1 1024w, https:\/\/i0.wp.com\/www.rdpemancipation.org\/wp-content\/uploads\/2023\/02\/image-30.png?resize=768%2C432&amp;ssl=1 768w, https:\/\/i0.wp.com\/www.rdpemancipation.org\/wp-content\/uploads\/2023\/02\/image-30.png?resize=1536%2C864&amp;ssl=1 1536w\" sizes=\"auto, (max-width: 1200px) 100vw, 1200px\" \/><\/figure>\n\n\n\n<p><a href=\"https:\/\/www.liberation.fr\/economie\/social\/la-bataille-des-retraites-a-la-une-de-libe-20230204_Q2S4FF6NBFDMPFNMSZS3U4VCX4\/\">La bataille des retraites \u00e0 la une de \u00abLib\u00e9\u00bb<\/a><a>&nbsp;<\/a>(Lib\u00e9ration)<\/p>\n\n\n\n<p><a href=\"https:\/\/www.liberation.fr\/idees-et-debats\/opinions\/reforme-des-retraites-les-maladroits-20230206_FORJ2C7OYFCYVOSQEFGKVVHDBY\/\">R\u00e9forme des retraites&nbsp;: les maladroits, par Serge July<\/a>&nbsp;(Lib\u00e9ration)<\/p>\n\n\n\n<p><a href=\"https:\/\/www.liberation.fr\/politique\/retraites-quand-veran-et-schiappa-sopposaient-au-report-a-64-ans-20230206_2EUCLDI335BN3D2ZJJU4GRZGZI\/\">Retraites : quand V\u00e9ran et Schiappa s\u2019opposaient au report \u00e0 64 ans<\/a>&nbsp;(Lib\u00e9ration)<\/p>\n\n\n\n<p><a href=\"https:\/\/www.liberation.fr\/checknews\/reforme-des-retraites-pourquoi-certains-regimes-speciaux-sont-supprimes-et-dautres-preserves-20230202_425SMDPWUJGHRLOYVHVWJOCOA4\/\">Pourquoi certains r\u00e9gimes sp\u00e9ciaux sont-ils supprim\u00e9s, et d\u2019autres pr\u00e9serv\u00e9s&nbsp;?<\/a>&nbsp;(Lib\u00e9ration)<\/p>\n\n\n\n<p><a href=\"https:\/\/www.mediapart.fr\/journal\/politique\/050223\/retraites-pour-le-gouvernement-la-semaine-de-tous-les-dangers\">Retraites : pour le gouvernement, la semaine de tous les dangers<\/a>&nbsp;(M\u00e9diapart)<\/p>\n\n\n\n<p><a href=\"https:\/\/www.mediapart.fr\/journal\/politique\/050223\/olivier-dussopt-le-traitre-l-epreuve-des-retraites\">Olivier Dussopt, le \u00abtra\u00eetre\u00bb \u00e0 l\u2019\u00e9preuve des retraites<\/a>&nbsp;(M\u00e9diapart)<\/p>\n\n\n\n<p><a href=\"https:\/\/www.humanite.fr\/politique\/reforme-des-retraites\/une-troisieme-motion-referendaire-deposee-781436#xtor=RSS-1\">Une troisi\u00e8me motion r\u00e9f\u00e9rendaire d\u00e9pos\u00e9e ?<\/a>&nbsp;(L\u2019Humanit\u00e9)<\/p>\n\n\n\n<p><a href=\"https:\/\/pratiques.fr\/Non-a-la-nouvelle-reforme-des-retraites-Oui-a-la-solidarite-et-au-partage-des-richesses\">Non \u00e0 la nouvelle r\u00e9forme des retraites, Oui \u00e0 la solidarit\u00e9 et au partage des richesses<\/a>&nbsp;(Pratiques)<\/p>\n\n\n\n<p><a href=\"https:\/\/labogue.info\/spip.php?article1446\">Semaine 4&nbsp;: les dates pour les retraites<\/a>&nbsp;(Mutu)<\/p>\n\n\n\n<p><a href=\"https:\/\/www.arretsurimages.net\/chroniques\/plateau-tele\/retraites-bfmtv-et-cnews-au-chevet-des-milliardaires\">Retraites : BFMTV et CNews au chevet des milliardaires&nbsp;<\/a>&nbsp;(Arr\u00eat sur images)<\/p>\n\n\n\n<p><a href=\"https:\/\/lanticapitaliste.org\/actualite\/politique\/retraites-rien-attendre-du-parlement-construisons-une-greve-dure-et-qui-dure-0\">Rien \u00e0 attendre du&nbsp;Parlement, construisons une gr\u00e8ve dure et qui dure\u2009!<\/a><a>&nbsp;<\/a>(L\u2019Anticapitaliste)<\/p>\n\n\n\n<figure class=\"wp-block-image\"><img loading=\"lazy\" decoding=\"async\" width=\"768\" height=\"864\" src=\"https:\/\/i0.wp.com\/www.rdpemancipation.org\/wp-content\/uploads\/2023\/02\/image-31.png?resize=385%2C433&amp;ssl=1\" alt=\"\" class=\"wp-image-109045\" srcset=\"https:\/\/i0.wp.com\/www.rdpemancipation.org\/wp-content\/uploads\/2023\/02\/image-31.png?w=768&amp;ssl=1 768w, https:\/\/i0.wp.com\/www.rdpemancipation.org\/wp-content\/uploads\/2023\/02\/image-31.png?resize=267%2C300&amp;ssl=1 267w\" sizes=\"auto, (max-width: 768px) 100vw, 768px\" \/><\/figure>\n\n\n\n<p><a href=\"https:\/\/www.lemediatv.fr\/emissions\/2023\/manifs-contre-la-reforme-des-retraites-des-chiffres-truques-par-des-macronistes-YPTl2vZ_QtCiah4-USBgHg\">Manifs contre la r\u00e9forme des retraites : des chiffres truqu\u00e9s par des macronistes ?<\/a>&nbsp; (Le M\u00e9dia)<\/p>\n\n\n\n<p><a href=\"http:\/\/www.regards.fr\/la-midinale\/article\/reforme-des-retraites-a-qui-profite-la-mobilisation\">R\u00e9forme des retraites : \u00e0 qui profite la mobilisation ?<\/a>&nbsp; (Regards)<\/p>\n\n\n\n<p><a href=\"https:\/\/journal.lutte-ouvriere.org\/2023\/02\/01\/depuis-35-ans-les-retraites-depouilles_483989.html\">Depuis 35 ans, les retrait\u00e9s d\u00e9pouill\u00e9s<\/a>&nbsp;(LO)<\/p>\n\n\n\n<p><a href=\"https:\/\/www.liberation.fr\/economie\/social\/greve-la-sncf-et-la-ratp-anticipent-un-trafic-fortement-perturbe-mardi-20230205_ON6DV4RGGNDUPAFEZRWA63VKIM\/\">Transports, \u00e9ducation, \u00e9nergie\u2026 Le point sur les mobilisations du mardi 7&nbsp;f\u00e9vrier&nbsp;<\/a>(Lib\u00e9ration)<\/p>\n\n\n\n<p><a href=\"https:\/\/www.capital.fr\/economie-politique\/retraites-le-gouvernement-revoit-sa-position-pour-ceux-qui-ont-commence-a-travailler-entre-20-et-21-ans-1459361\">Retraites : le gouvernement revoit sa position pour ceux qui ont commenc\u00e9 \u00e0 travailler entre 20 et 21 ans<\/a>&nbsp;(Capital)<\/p>\n\n\n\n<p><a href=\"https:\/\/www.leparisien.fr\/economie\/retraites\/video-ne-copiez-pas-le-modele-suedois-stefan-menuisier-de-65-ans-pas-encore-a-la-retraite-05-02-2023-2KSBSH4PIBBBDM55EFMXVQV6QQ.php\">VID\u00c9O. \u00ab&nbsp;Ne copiez pas le mod\u00e8le su\u00e9dois&nbsp;\u00bb&nbsp;: Stefan, menuisier de 65 ans pas encore \u00e0 la retraite<\/a>&nbsp;(Le Parisien)<\/p>\n\n\n\n<p><a href=\"https:\/\/www.francebleu.fr\/infos\/economie-social\/reforme-des-retraites-pour-maintenir-la-mobilisation-les-caisses-de-greve-en-soutien-1302159\">R\u00e9forme des retraites&nbsp;: pour maintenir la mobilisation, les caisses de gr\u00e8ve en soutien<\/a>&nbsp;(ici)<\/p>\n\n\n\n<p><a href=\"https:\/\/www.francetvinfo.fr\/replay-jt\/france-3\/19-20\/reforme-des-retraites-les-previsions-de-la-sncf-et-la-ratp-pour-la-greve-du-mardi-7-fevrier_5642171.html\">R\u00e9forme des retraites : les pr\u00e9visions de la SNCF et la RATP pour la gr\u00e8ve du mardi 7 f\u00e9vrier<\/a>&nbsp;(France Info)<\/p>\n\n\n\n<p><strong><mark>4 f\u00e9vrier<\/mark><\/strong><\/p>\n\n\n\n<p><a href=\"https:\/\/lvsl.fr\/reforme-des-retraites-macron-face-au-pays\/\">R\u00e9forme des retraites : Macron face au pays<\/a>&nbsp; (Le Vent Se L\u00e8ve)<\/p>\n\n\n\n<p><a href=\"https:\/\/rapportsdeforce.fr\/breves\/retraites-en-france-salaires-au-royaume-uni-lag-020316455\">Retraites en France, salaires au Royaume-Uni&nbsp;<\/a>&nbsp;(Rapports de Force)<\/p>\n\n\n\n<p><a href=\"https:\/\/rebellyon.info\/A-l-appel-de-l-ensemble-des-organisations-24477\">Tous.tes en gr\u00e8ve et en manif le mardi 7 et le samedi 11&nbsp;f\u00e9vrier contre la r\u00e9forme des retraites&nbsp;<\/a>(Rebellyon)<\/p>\n\n\n\n<p><strong><a href=\"https:\/\/www.revolutionpermanente.fr\/60-de-la-population-favorable-au-blocage-du-pays-il-faut-durcir-le-mouvement\">60% de la population favorable au blocage du pays&nbsp;: il faut durcir le mouvement&nbsp;!<\/a>&nbsp;<\/strong>(RP)<\/p>\n\n\n\n<p><a href=\"https:\/\/www.revolutionpermanente.fr\/Sur-France-2-Borne-echoue-encore-a-faire-passer-la-pilule-d-une-reforme-favorable-aux-femmes\">Sur France 2, Borne \u00e9choue encore \u00e0 faire passer la pilule d\u2019une r\u00e9forme \u00ab&nbsp;favorable&nbsp;\u00bb aux femmes<\/a>&nbsp;(RP)<\/p>\n\n\n\n<p><a href=\"https:\/\/lanticapitaliste.org\/actualite\/jeunesse\/les-mobilisations-de-la-jeunesse-severement-reprimees-luniversite\">Les mobilisations de la&nbsp;jeunesse s\u00e9v\u00e8rement r\u00e9prim\u00e9es \u00e0 l\u2019universit\u00e9&nbsp;<\/a>(l\u2019Anticapitaliste)<\/p>\n\n\n\n<p><strong><a href=\"https:\/\/lvsl.fr\/evenement-bernard-friot-prenons-le-pouvoir-sur-nos-retraites\/\">(\u00c9v\u00e9nement) Bernard Friot : prenons le pouvoir sur nos retraites<\/a>&nbsp;(<\/strong>LVSL)<\/p>\n\n\n\n<p><a href=\"https:\/\/linsoumission.fr\/2023\/02\/03\/retraites-1200-euros-grossiere-arnaque\/\">La pension \u00e0 1200 euros brut minimum ne concerne que\u2026 0,002% des salari\u00e9s !<\/a>&nbsp;(L\u2019insoumission)<\/p>\n\n\n\n<p><a href=\"https:\/\/cqfd-journal.org\/Reforme-des-retraites-enfumage-et\">R\u00e9forme des retraites : enfumage et cruaut\u00e9<\/a>&nbsp;(CQFD)<\/p>\n\n\n\n<p>&nbsp;<a href=\"https:\/\/revueladeferlante.fr\/reforme-des-retraites-newsletter-la-deferlante\/\">\u00ab Les femmes de chambre cessent souvent le travail vers 45&nbsp;ans&nbsp;\u00bb<\/a>&nbsp;(La D\u00e9ferlante)<\/p>\n\n\n\n<p><a href=\"https:\/\/www.rue89strasbourg.com\/greves-manifestation-mardi-reforme-retraites-256439\">Troisi\u00e8me journ\u00e9e de gr\u00e8ves et de manifestation mardi contre la r\u00e9forme des retraites<\/a>&nbsp;(Rue 89)<\/p>\n\n\n\n<p><strong><mark>3 f\u00e9vrier<\/mark><\/strong><\/p>\n\n\n\n<figure class=\"wp-block-image\"><img loading=\"lazy\" decoding=\"async\" width=\"647\" height=\"558\" src=\"https:\/\/i0.wp.com\/www.rdpemancipation.org\/wp-content\/uploads\/2023\/02\/image-17.png?resize=382%2C329&amp;ssl=1\" alt=\"\" class=\"wp-image-108856\" srcset=\"https:\/\/i0.wp.com\/www.rdpemancipation.org\/wp-content\/uploads\/2023\/02\/image-17.png?w=647&amp;ssl=1 647w, https:\/\/i0.wp.com\/www.rdpemancipation.org\/wp-content\/uploads\/2023\/02\/image-17.png?resize=300%2C259&amp;ssl=1 300w\" sizes=\"auto, (max-width: 647px) 100vw, 647px\" \/><figcaption class=\"wp-element-caption\">Allan Barte<\/figcaption><\/figure>\n\n\n\n<p><a href=\"https:\/\/www.francetvinfo.fr\/economie\/retraite\/reforme-des-retraites\/reforme-des-retraites-on-vous-resume-les-principaux-amendements-deposes-par-les-deputes-avant-l-examen-du-texte-a-l-assemblee_5636471.html\">Les principaux amendements d\u00e9pos\u00e9s par les d\u00e9put\u00e9s avant l\u2019examen \u00e0 l\u2019Assembl\u00e9e&nbsp;<\/a>&nbsp;(France Info)<\/p>\n\n\n\n<p><a href=\"https:\/\/www.francetvinfo.fr\/economie\/retraite\/reforme-des-retraites\/reforme-des-retraites-quatre-questions-sur-la-creation-de-l-assurance-vieillesse-des-aidants_5636180.html\">Retraites : quatre questions sur la cr\u00e9ation de l&rsquo;&nbsp;\u00bbassurance vieillesse des aidants&nbsp;\u00bb<\/a>&nbsp;(France Info)<\/p>\n\n\n\n<p><a href=\"https:\/\/www.marianne.net\/economie\/protection-sociale\/retraites-pas-convaincu-par-elisabeth-borne-laurent-berger-appelle-a-amplifier-la-mobilisation\">Pas convaincu par \u00c9lisabeth Borne, Laurent Berger appelle \u00e0 \u00ab&nbsp;amplifier&nbsp;\u00bb la mobilisation<\/a>&nbsp;(Marianne)<\/p>\n\n\n\n<p><a href=\"https:\/\/www.mediapart.fr\/journal\/economie-et-social\/030223\/vieillir-au-travail-veronique-65-ans-complete-sa-maigre-retraite-avec-un-job-de-plongeuse\">Vieillir au travail : V\u00e9ronique, 65 ans, compl\u00e8te sa maigre retraite avec un job de plongeuse<\/a>&nbsp;(M\u00e9diapart)<\/p>\n\n\n\n<p><a href=\"https:\/\/blogs.mediapart.fr\/matthias-tavel\/blog\/020223\/retraites-une-reforme-par-effraction-democratique\">Retraites : une r\u00e9forme par effraction d\u00e9mocratique<\/a>&nbsp;(Blog de Matthias Tavel)<\/p>\n\n\n\n<p><a href=\"http:\/\/alencontre.org\/europe\/france\/france-lepreuve-de-force-pour-faire-ceder-macron.html\"><strong>France. \u00ab L\u2019\u00e9preuve de force pour faire c\u00e9der Macron \u00bb<\/strong><\/a>&nbsp;(A l\u2019encontre)<\/p>\n\n\n\n<p><strong><a href=\"https:\/\/www.liberation.fr\/politique\/elections\/reforme-des-retraites-environ-20-000-amendements-au-menu-de-lassemblee-nationale-20230202_QDM4PSIHJVDCHHRFBQ5YLKFJUY\/\">R\u00e9forme des retraites&nbsp;: environ 20&nbsp;000 amendements au menu de l\u2019Assembl\u00e9e&nbsp;<\/a>&nbsp;<\/strong>(Lib\u00e9ration)<\/p>\n\n\n\n<p><a href=\"https:\/\/alencontre.org\/europe\/france\/france-dossier-generaliser-la-greve-cest-lancrer-dans-tous-les-secteurs.html\">\u00abG\u00e9n\u00e9raliser la gr\u00e8ve, c\u2019est l\u2019ancrer dans tous les secteurs\u00bb<\/a>&nbsp;(A l\u2019encontre)<\/p>\n\n\n\n<p><a href=\"https:\/\/www.capital.fr\/economie-politique\/direct-elisabeth-borne-defend-sa-reforme-des-retraites-invitee-de-france-2-vers-20-h-45-ce-soir-1459215\">Emploi des seniors, retraites des femmes, 49.3\u2026&nbsp;Ce qu\u2019il faut retenir des explications d\u2019\u00c9lisabeth Borne<\/a>&nbsp;(Capital)<\/p>\n\n\n\n<p><a href=\"https:\/\/rebellyon.info\/Pose-ta-banderole-et-decors-ta-ville-24471\">Pose ta banderole et d\u00e9core ta ville contre la r\u00e9forme des retraites&nbsp;!<\/a>&nbsp;(Rebellyon)<\/p>\n\n\n\n<p><strong><a href=\"https:\/\/basta.media\/vendredi-debat-comment-gagner-la-bataille-des-retraites-et-faire-plier-le-gouvernement-greve-generale-reconductible-blocage-economie\">Comment gagner la bataille des retraites et faire plier le gouvernement&nbsp;?<\/a>&nbsp;(<\/strong>Basta!)<\/p>\n\n\n\n<p><a href=\"https:\/\/linsoumission.fr\/2023\/02\/02\/retraites-seniors-plus-en-emploi-a-62\/\">30% des seniors ne sont d\u00e9j\u00e0 plus en emploi \u00e0 62 ans, r\u00e9duisons et partageons le temps de travail<\/a>&nbsp;(L\u2019insoumission)<\/p>\n\n\n\n<p><a href=\"https:\/\/radioparleur.net\/2023\/02\/02\/manifestation-retraites-31-janvier-2023\/\">Retraites : \u201cFace au mal qu\u2019ils nous font, r\u00e9fl\u00e9chir au bien qu\u2019on peut se faire<\/a>\u2018&nbsp;(Radio parleur)<\/p>\n\n\n\n<p><strong><mark>2 f\u00e9vrier<\/mark><\/strong><\/p>\n\n\n\n<figure class=\"wp-block-image\"><img loading=\"lazy\" decoding=\"async\" width=\"635\" height=\"603\" src=\"https:\/\/i0.wp.com\/www.rdpemancipation.org\/wp-content\/uploads\/2023\/02\/image-12.png?resize=387%2C367&amp;ssl=1\" alt=\"\" class=\"wp-image-108788\" srcset=\"https:\/\/i0.wp.com\/www.rdpemancipation.org\/wp-content\/uploads\/2023\/02\/image-12.png?w=635&amp;ssl=1 635w, https:\/\/i0.wp.com\/www.rdpemancipation.org\/wp-content\/uploads\/2023\/02\/image-12.png?resize=300%2C285&amp;ssl=1 300w\" sizes=\"auto, (max-width: 635px) 100vw, 635px\" \/><figcaption class=\"wp-element-caption\"><strong>CQFD<\/strong><\/figcaption><\/figure>\n\n\n\n<p><a href=\"https:\/\/www.politis.fr\/articles\/2023\/02\/retraites-pas-de-revendication-offensive-sans-une-reforme-systemique\/\">Retraites : pas de revendication offensive sans une r\u00e9forme syst\u00e9mique<\/a>&nbsp;(Politis)<\/p>\n\n\n\n<p><a href=\"https:\/\/lagedefaire-lejournal.fr\/retraites-une-reforme-injuste\/\">Retraites : une r\u00e9forme injuste<\/a>&nbsp;(L\u2019\u00e2ge de faire)<\/p>\n\n\n\n<p><a href=\"https:\/\/www.frustrationmagazine.fr\/gilet-jaune-salarial\/\">Retraites : Pour un \u201cGilet Jaune salarial\u201d !<\/a>&nbsp;(Frustration)<\/p>\n\n\n\n<p><a href=\"https:\/\/basta.media\/Face-a-la-reforme-des-retraites-le-retour-de-la-joie-militante-pour-faire-des-manifestations-une-fete-reportage-photos\">Le retour de la \u00ab joie militante \u00bb pour faire des manifestations une f\u00eate&nbsp;<\/a>(Basta!)<\/p>\n\n\n\n<p><a href=\"https:\/\/www.alternatives-economiques.fr\/retraite-arguments-tordus-gouvernement-faire-passer-reculs-po\/00105935\">Les arguments tordus du gouvernement pour faire passer des reculs pour des avanc\u00e9es<\/a>&nbsp;(Alter Eco)<\/p>\n\n\n\n<p><a href=\"https:\/\/info.alternatives-economiques.fr\/optiext\/optiextension.dll?ID=ZrqZwsg0vGMrJ9QEv1VpzXU9TrG29I_dtuNQ0FocvqqzEiwJ6Nk3MXB6tYKptFr%2Bhxn5uhOLn%2BtkI7oNGv2q5L7fAuylE\">Retraites&nbsp;: 10 arguments pour d\u00e9gonfler la baudruche des d\u00e9ficits<\/a>&nbsp;(Alter Eco)<\/p>\n\n\n\n<p><a href=\"https:\/\/www.bondyblog.fr\/societe\/precarite-penibilite-les-travailleuses-de-la-proprete-remontees-contre-la-reforme-des-retraites\/\">Pr\u00e9carit\u00e9, p\u00e9nibilit\u00e9 : les travailleuses de la propret\u00e9 contre la r\u00e9forme des retraites<\/a>&nbsp;(Le Bondy Blog)<\/p>\n\n\n\n<p><a href=\"https:\/\/rapportsdeforce.fr\/classes-en-lutte\/mobilisation-retraites-le-7-et-11-fevrier-la-strategie-de-lintersyndicale-decryptee-013116324\">Mobilisation retraites le 7 et 11 f\u00e9vrier : la strat\u00e9gie de l\u2019intersyndicale d\u00e9crypt\u00e9e&nbsp;<\/a>&nbsp;(Rapports de Force)<\/p>\n\n\n\n<p><a href=\"https:\/\/www.streetpress.com\/sujet\/1675189481-reforme-retraites-greve-manifestation-gouvernement-macron-jeunes-jeunesse-reve-temoignages-mobilisation\">Et toi, c\u2019est quoi ta retraite de r\u00eave&nbsp;?<\/a>&nbsp; (StreetPress)<\/p>\n\n\n\n<p><a href=\"https:\/\/rapportsdeforce.fr\/classes-en-lutte\/chez-sanofi-la-chasse-aux-syndicalistes-est-ouverte-020216408\">Chez Sanofi, la chasse aux syndicalistes est ouverte<\/a>&nbsp;(Rapports de Force)<\/p>\n\n\n\n<p><a href=\"http:\/\/www.regards.fr\/la-midinale\/article\/reforme-des-retraites-c-est-la-double-peine-pour-les-lgbti\">R\u00e9forme des retraites : \u00ab C\u2019est la double peine pour les LGBTI \u00bb<\/a>&nbsp; (Regards)<\/p>\n\n\n\n<p><a href=\"https:\/\/multinationales.org\/fr\/actualites\/les-retraites-dorees-des-patrons-du-cac40\"><strong>Les retraites dor\u00e9es des patrons du CAC40<\/strong><\/a>&nbsp;(Observatoire des multinationales)<\/p>\n\n\n\n<figure class=\"wp-block-image\"><img loading=\"lazy\" decoding=\"async\" width=\"820\" height=\"578\" src=\"https:\/\/i0.wp.com\/www.rdpemancipation.org\/wp-content\/uploads\/2023\/02\/image-11.png?resize=564%2C398&amp;ssl=1\" alt=\"\" class=\"wp-image-108780\" srcset=\"https:\/\/i0.wp.com\/www.rdpemancipation.org\/wp-content\/uploads\/2023\/02\/image-11.png?w=820&amp;ssl=1 820w, https:\/\/i0.wp.com\/www.rdpemancipation.org\/wp-content\/uploads\/2023\/02\/image-11.png?resize=300%2C211&amp;ssl=1 300w, https:\/\/i0.wp.com\/www.rdpemancipation.org\/wp-content\/uploads\/2023\/02\/image-11.png?resize=768%2C541&amp;ssl=1 768w\" sizes=\"auto, (max-width: 820px) 100vw, 820px\" \/><\/figure>\n\n\n\n<p><a href=\"https:\/\/fajabce.r.bh.d.sendibt3.com\/tr\/cl\/8taJsRju3WeUDyCBYv8ItmbqzIqk0jb5gFU4OleNgdX7tlDnaQ9StKWeXhUgA_EZdI-mkoHHnO0bh_RcC0H6-9pYmgkUh1ffZV8cGCu_QxdXeKHoX-NeurZhJo3RHNPW-Vy8BILHfGGtLbAqDLPBRDWt2Wj_IukS_he9eK8PCIq0prBofVhWCfEQv6DDV9q8EMXwjTvu5pO7j6hBR0Y0SO4STfeS8xqXVQWS-OAM_s-mf30P4DIJ2jO_nF9c37fg7-Cs2vC-tSUNbs7kNKe6bHdV9a76icUfjIrFFO8cUtmY9v4qkmDJ5fvW7TXpLzlicH95DVY7rbbHYaDAqja0Zu_vktDOX6mb-aKKZn7Omz5W3-yxA4ZL7SYmm5oifnmXDOvn228jTfSMKUCwrzoM2azgjdVh2yaF6ZgtCoJt5610pL6-\">Le projet de r\u00e9forme des retraites confirme que l\u2019Etat-providence est mis au service du secteur priv\u00e9<\/a>&nbsp;(Tribune, Le Monde)<\/p>\n\n\n\n<p><a href=\"https:\/\/www.youtube.com\/watch?v=Uxr7Z8Tnxj8&amp;ab_channel=BLAST%2CLesouffledel%27info\">Retraites : la mobilisation ne cesse de monter&nbsp;<\/a>(Blast)<\/p>\n\n\n\n<p><strong><a href=\"https:\/\/www.leparisien.fr\/info-paris-ile-de-france-oise\/transports\/retraites-front-syndical-desuni-a-la-sncf-concernant-la-greve-des-7-8-et-11-fevrier-01-02-2023-NMB35NQYMBCGTLIYXF2CQQTYY4.php\">SNCF: CGT et Sud Rail poussent pour le mardi 7&nbsp;f\u00e9vrier, pas de d\u00e9cision pour le 11&nbsp;<\/a><\/strong>(Le Parisien)<\/p>\n\n\n\n<p><a href=\"https:\/\/www.marianne.net\/politique\/gouvernement\/desequilibre-du-systeme-femmes-et-syndicats-les-trois-bobards-dolivier-dussopt-sur-la-reforme-des-retraites\">D\u00e9s\u00e9quilibre du syst\u00e8me, femmes et syndicats\u2009: les trois bobards d\u2019Olivier Dussopt&nbsp;<\/a>(Marianne)<\/p>\n\n\n\n<p><a href=\"https:\/\/paris-luttes.info\/vers-la-greve-du-31-suivi-et-16582\">Suivi et rendez-vous du mouvement contre la r\u00e9forme en \u00cele-de-France<\/a>&nbsp;(Paris-Luttes info)<\/p>\n\n\n\n<p><strong><a href=\"https:\/\/www.politis.fr\/articles\/2023\/02\/la-mobilisation-du-31-janvier-un-uppercut-dans-la-tete-du-gouvernement-retraites-syndicats\/\">La mobilisation du 31&nbsp;janvier, \u00ab&nbsp;un uppercut dans la t\u00eate du gouvernement&nbsp;\u00bb&nbsp;<\/a><\/strong>(Politis)<\/p>\n\n\n\n<p><a href=\"https:\/\/theconversation.com\/travailler-plus-longtemps-mais-dans-quel-etat-le-cas-des-eboueurs-198888\">Travailler plus longtemps mais\u2026&nbsp;dans quel \u00e9tat&nbsp;? Le&nbsp;cas des&nbsp;\u00e9boueurs<\/a>&nbsp;(The Conversation)<\/p>\n\n\n\n<p><a href=\"https:\/\/www.bondyblog.fr\/societe\/retraites-on-construit-notre-avenir-dans-un-systeme-de-plus-en-plus-inegal\/\">Retraites : \u00ab On construit notre avenir dans un syst\u00e8me de plus en plus in\u00e9gal \u00bb<\/a>&nbsp;(Bondy Blog)<\/p>\n\n\n\n<p><strong><a href=\"https:\/\/www.francebleu.fr\/infos\/economie-social\/reforme-des-retraites-72-heures-de-greve-des-lundi-a-la-raffinerie-de-normandie-et-sur-les-ports-1162580\">R\u00e9forme des retraites&nbsp;: 72 heures de gr\u00e8ve d\u00e8s lundi \u00e0 la raffinerie de Normandie et sur les ports<\/a>&nbsp;(<\/strong>ici)<\/p>\n\n\n\n<p><strong><mark>1er f\u00e9vrier<\/mark><\/strong><\/p>\n\n\n\n<p><a href=\"https:\/\/www.francetvinfo.fr\/replay-radio\/l-edito-politique\/reforme-des-retraites-ce-que-cache-le-silence-de-marine-le-pen_5609039.html\">Retraites : ce que cache le silence de Marine Le Pen<\/a>&nbsp;(France Info)<\/p>\n\n\n\n<p><a href=\"https:\/\/www.boursorama.com\/actualite-economique\/actualites\/france-la-determination-des-grevistes-a-l-epreuve-du-cout-de-la-vie-9283e8dc3f919e56670b334c6a80e78a\">La d\u00e9termination des gr\u00e9vistes \u00e0 l\u2019\u00e9preuve du co\u00fbt de la vie<\/a>&nbsp;(Reuters) &nbsp;&nbsp;<\/p>\n\n\n\n<p><a href=\"https:\/\/www.lemonde.fr\/politique\/article\/2023\/02\/01\/la-reforme-des-retraites-symbole-d-un-pouvoir-en-mal-de-recit-politique_6160049_823448.html\"><strong>La r\u00e9forme des retraites, symbole d\u2019un pouvoir en mal de r\u00e9cit politique<\/strong><\/a>&nbsp;(Le Monde)<\/p>\n\n\n\n<p><a href=\"https:\/\/www.francetvinfo.fr\/economie\/retraite\/reforme-des-retraites\/infographie-reforme-des-retraites-visualisez-en-un-graphique-le-record-de-la-mobilisation-de-2023-par-rapport-aux-precedents-mouvements_5632952.html\">INFOGRAPHIE : visualisez le d\u00e9marrage record de la mobilisation par rapport aux pr\u00e9c\u00e9dents mouvements<\/a>&nbsp;(France Info)<\/p>\n\n\n\n<figure class=\"wp-block-image\"><img loading=\"lazy\" decoding=\"async\" width=\"944\" height=\"531\" src=\"https:\/\/i0.wp.com\/www.rdpemancipation.org\/wp-content\/uploads\/2023\/02\/image-3.png?resize=407%2C229&amp;ssl=1\" alt=\"\" class=\"wp-image-108702\" srcset=\"https:\/\/i0.wp.com\/www.rdpemancipation.org\/wp-content\/uploads\/2023\/02\/image-3.png?w=944&amp;ssl=1 944w, https:\/\/i0.wp.com\/www.rdpemancipation.org\/wp-content\/uploads\/2023\/02\/image-3.png?resize=300%2C169&amp;ssl=1 300w, https:\/\/i0.wp.com\/www.rdpemancipation.org\/wp-content\/uploads\/2023\/02\/image-3.png?resize=768%2C432&amp;ssl=1 768w\" sizes=\"auto, (max-width: 944px) 100vw, 944px\" \/><\/figure>\n\n\n\n<p><strong><a href=\"https:\/\/www.lemonde.fr\/les-decodeurs\/article\/2023\/01\/31\/reforme-des-retraites-la-carte-des-manifestations-du-31-janvier-en-france_6159964_4355770.html\">La carte des manifestations du 31&nbsp;janvier contre la r\u00e9forme des retraites<\/a>&nbsp;<\/strong>(Le Monde)<\/p>\n\n\n\n<p><a href=\"https:\/\/www.youtube.com\/watch?v=zeCdcWcgTZY&amp;ab_channel=Journall%27Humanit%C3%A9\">\u00ab&nbsp;Nous on veut vivre!&nbsp;\u00bb Les Rosies mettent le feu sur les manifs<\/a>&nbsp;(l\u2019Humanit\u00e9)<\/p>\n\n\n\n<p><a href=\"https:\/\/www.youtube.com\/watch?v=EjMD9p5ks14&amp;ab_channel=Journall%27Humanit%C3%A9\">Au c\u0153ur de la forte mobilisation du 31 janvier avec les enseignants<\/a>&nbsp;(l\u2019Humanit\u00e9)<\/p>\n\n\n\n<p><a href=\"https:\/\/www.capital.fr\/economie-politique\/greve-du-31-janvier-sncf-metro-ecole-les-perturbations-auxquelles-vous-pouvez-vous-attendre-1458343\">Gr\u00e8ve du 31 janvier contre la r\u00e9forme des retraites : 2 nouvelles mobilisations les 7 et 11 f\u00e9vrier 2023<\/a>&nbsp;(Capital)<\/p>\n\n\n\n<p><a href=\"https:\/\/lepoing.net\/toujours-plus-nombreux-dans-la-rue-a-montpellier-tu-nous-mets-64-on-te-re-mai-68\/\">Toujours plus nombreux dans la rue \u00e0 Montpellier : \u00ab Tu nous mets 64, on te re-Mai 68 \u00bb ?<\/a>&nbsp;(Le Poing)<\/p>\n\n\n\n<p><strong><a href=\"https:\/\/www.politis.fr\/articles\/2023\/01\/a-laon-macron-se-fout-des-ouvriers-qui-narretent-pas-de-faire-des-efforts\/\">\u00c0 Laon, \u00ab&nbsp;Macron se fout des ouvriers qui n\u2019arr\u00eatent pas de faire des efforts&nbsp;\u00bb<\/a>&nbsp;<\/strong>(Politis)<\/p>\n\n\n\n<p><a href=\"https:\/\/www.publicsenat.fr\/article\/politique\/manifestation-contre-la-reforme-des-retraites-on-attend-que-les-elus-du-peuple\">\u00ab&nbsp;On attend que les \u00e9lus du peuple \u00e9coutent le peuple&nbsp;\u00bb, lance Philippe Martinez<\/a>&nbsp;(Public S\u00e9nat)<\/p>\n\n\n\n<p><a href=\"https:\/\/www.revolutionpermanente.fr\/Des-milliers-d-etudiants-dans-les-corteges-inter-facs-la-jeunesse-entre-dans-la-bataille-partout-en\">Des milliers d\u2019\u00e9tudiants dans les cort\u00e8ges inter-facs&nbsp;: la jeunesse entre dans la bataille partout en France&nbsp;<\/a>(RP)<\/p>\n\n\n\n<figure class=\"wp-block-image\"><img loading=\"lazy\" decoding=\"async\" width=\"745\" height=\"441\" src=\"https:\/\/i0.wp.com\/www.rdpemancipation.org\/wp-content\/uploads\/2023\/02\/image-4.png?resize=413%2C245&amp;ssl=1\" alt=\"\" class=\"wp-image-108704\" srcset=\"https:\/\/i0.wp.com\/www.rdpemancipation.org\/wp-content\/uploads\/2023\/02\/image-4.png?w=745&amp;ssl=1 745w, https:\/\/i0.wp.com\/www.rdpemancipation.org\/wp-content\/uploads\/2023\/02\/image-4.png?resize=300%2C178&amp;ssl=1 300w\" sizes=\"auto, (max-width: 745px) 100vw, 745px\" \/><\/figure>\n\n\n\n<p><strong><a href=\"https:\/\/www.revolutionpermanente.fr\/Greve-reconductible-la-CGT-Total-prete-a-arreter-les-raffineries-la-semaine-prochaine\">Gr\u00e8ve reconductible&nbsp;: la CGT Total pr\u00eate \u00e0 arr\u00eater les raffineries la semaine prochaine<\/a>&nbsp;<\/strong>(RP)<\/p>\n\n\n\n<p><a href=\"https:\/\/www.force-ouvriere.fr\/une-pension-minimum-a-1-200-euros-de-la\">Une pension minimum \u00e0 1&nbsp;200 euros, de la&nbsp;<em>\u201cpoudre aux yeux\u201d<\/em>&nbsp;pour FO<\/a>&nbsp;(FO)<\/p>\n\n\n\n<p><a href=\"https:\/\/www.wsws.org\/fr\/articles\/2023\/01\/31\/hdfd-j31.html\">Rompre avec les appareils syndicaux pour lutter contre la guerre et les r\u00e9formes de Macron<\/a>&nbsp;(WSWS)<\/p>\n\n\n\n<p><strong><a href=\"https:\/\/reporterre.net\/Retraites-voici-pourquoi-les-petites-villes-se-mobilisent\">Retraites&nbsp;: voici pourquoi les petites villes se mobilisent<\/a>&nbsp;<\/strong>(Reporterre)<\/p>\n\n\n\n<p><strong><a href=\"https:\/\/rapportsdeforce.fr\/classes-en-lutte\/mobilisation-retraites-le-7-et-11-fevrier-la-strategie-de-lintersyndicale-decryptee-013116324\">Mobilisation le 7 et 11 f\u00e9vrier : la strat\u00e9gie de l\u2019intersyndicale d\u00e9crypt\u00e9e&nbsp;<\/a><\/strong>(Rapports de Force)<\/p>\n\n\n\n<p><a href=\"https:\/\/www.streetpress.com\/sujet\/1675189481-reforme-retraites-greve-manifestation-gouvernement-macron-jeunes-jeunesse-reve-temoignages-mobilisation\">Et toi, c\u2019est quoi ta retraite de r\u00eave&nbsp;?&nbsp;<\/a>(Street Press)<\/p>\n\n\n\n<p><a href=\"https:\/\/www.bondyblog.fr\/societe\/precarite-penibilite-les-travailleuses-de-la-proprete-remontees-contre-la-reforme-des-retraites\/\">Pr\u00e9carit\u00e9, p\u00e9nibilit\u00e9: les travailleuses de la propret\u00e9 remont\u00e9es contre la r\u00e9forme des retraites<\/a>&nbsp; (Bondy blog)<a href=\"https:\/\/www.francetvinfo.fr\/economie\/retraite\/reforme-des-retraites\/infographie-reforme-des-retraites-visualisez-en-un-graphique-le-record-de-la-mobilisation-de-2023-par-rapport-aux-precedents-mouvements_5632952.html\"><\/a><\/p>\n\n\n\n<p><a href=\"https:\/\/la-bas.org\/la-bas-magazine\/chroniques\/retraites-le-vent-tourne-merci-bfm\">Retraites&nbsp;: le vent tourne. Merci BFM<\/a>&nbsp;(La-bas-magazine)<\/p>\n\n\n\n<p><a href=\"https:\/\/t.nl.france3.fr\/r\/?id=h9e7cf3e1,6ad0913e,5f802728&amp;p1=20230130&amp;p2=726375-1613287517-668363dc\">Le d\u00e9put\u00e9 LR de Belfort Ian Boucard explique pourquoi il ne votera pas la r\u00e9forme des retraites&nbsp;<\/a>(France 3)<\/p>\n\n\n\n<p>\u2018<a href=\"https:\/\/t.nl.france3.fr\/r\/?id=h9ee454a9,6ad314b8,5f806145&amp;p1=20230131&amp;p2=726375-1613287517-668363dc\">Inadmissible et inacceptable\u2019 : les femmes l\u00e9s\u00e9es par la r\u00e9forme des retraites<\/a>&nbsp;(France 3)<\/p>\n\n\n\n<p><strong>31 janvier<\/strong><\/p>\n\n\n\n<p><strong><a href=\"https:\/\/www.mediapart.fr\/journal\/france\/310123\/reforme-des-retraites-notre-recit-en-direct-de-la-journee-de-mobilisation-du-31-janvier\">R\u00e9cit en direct de la journ\u00e9e de mobilisation<\/a><\/strong>&nbsp;(M\u00e9diapart, en acc\u00e8s libre)<\/p>\n\n\n\n<p><strong><a href=\"https:\/\/rapportsdeforce.fr\/classes-en-lutte\/combien-de-personnes-dans-la-rue-contre-la-reforme-des-retraites-ce-31-janvier-013016184\">Combien de personnes dans la rue contre la r\u00e9forme ce 31 janvier ?<\/a><\/strong>&nbsp; (Rapports de Force, en continu)<\/p>\n\n\n\n<p><strong><a href=\"https:\/\/www.liberation.fr\/economie\/social\/en-direct-greve-du-31-janvier-suivez-la-deuxieme-journee-de-mobilisation-contre-la-reforme-des-retraites-20230131_3JKPV6U6GZFX5PVVKPHIIGDRUE\/\">31&nbsp;janvier&nbsp;: \u00abAussi bien voire mieux que le 19 janvier\u00bb, selon Laurent Berger<\/a><\/strong>&nbsp;(Lib\u00e9ration, en direct)<\/p>\n\n\n\n<p><a href=\"https:\/\/www.lemonde.fr\/politique\/live\/2023\/01\/31\/manifestations-du-31-janvier-en-direct-a-quimper-les-gens-ne-manifestent-pas-que-contre-la-reforme-des-retraites-ils-en-ont-ras-le-bol_6159929_823448.html\">A Marseille, une mobilisation contre la r\u00e9forme des retraites bien sup\u00e9rieure \u00e0 celle du 19 janvier<\/a>&nbsp;(Le Monde, live en cours)<\/p>\n\n\n\n<figure class=\"wp-block-image\"><img loading=\"lazy\" decoding=\"async\" width=\"1600\" height=\"800\" src=\"https:\/\/i0.wp.com\/www.rdpemancipation.org\/wp-content\/uploads\/2023\/01\/image-128.png?resize=391%2C196&amp;ssl=1\" alt=\"\" class=\"wp-image-108558\" srcset=\"https:\/\/i0.wp.com\/www.rdpemancipation.org\/wp-content\/uploads\/2023\/01\/image-128.png?w=1600&amp;ssl=1 1600w, https:\/\/i0.wp.com\/www.rdpemancipation.org\/wp-content\/uploads\/2023\/01\/image-128.png?resize=300%2C150&amp;ssl=1 300w, https:\/\/i0.wp.com\/www.rdpemancipation.org\/wp-content\/uploads\/2023\/01\/image-128.png?resize=1024%2C512&amp;ssl=1 1024w, https:\/\/i0.wp.com\/www.rdpemancipation.org\/wp-content\/uploads\/2023\/01\/image-128.png?resize=768%2C384&amp;ssl=1 768w, https:\/\/i0.wp.com\/www.rdpemancipation.org\/wp-content\/uploads\/2023\/01\/image-128.png?resize=1536%2C768&amp;ssl=1 1536w\" sizes=\"auto, (max-width: 1200px) 100vw, 1200px\" \/><\/figure>\n\n\n\n<p><a href=\"https:\/\/www.humanite.fr\/social-eco\/live\/20230131\/des-premiers-corteges-plus-fournis-que-le-19-janvier-suivez-en-direct-l-acte-ii-de-la-mobilisation-contre-la-reforme-des-retraites-780472\">Des premiers cort\u00e8ges plus fournis que le 19 janvier : suivez en direct l\u2019acte II de la mobilisation&nbsp;<\/a>&nbsp;(L\u2019Humanit\u00e9, en continu)<\/p>\n\n\n\n<p><a href=\"https:\/\/www.francetvinfo.fr\/economie\/retraite\/reforme-des-retraites\/direct-greve-contre-la-reforme-des-retraites-une-mobilisation-de-36-5-a-la-sncf-selon-les-syndicats_5632526.html\">Direct&nbsp;: gr\u00e8ve contre la r\u00e9forme des retraites<\/a>&nbsp;(France Info)<\/p>\n\n\n\n<p><a href=\"https:\/\/www.humanite.fr\/social-eco\/reforme-des-retraites\/les-vautours-de-la-capitalisation-planent-sur-les-retraites-780541#xtor=RSS-1\">Les vautours de la capitalisation planent sur les retraites&nbsp;<\/a>&nbsp;&nbsp;(L\u2019Humanit\u00e9)<\/p>\n\n\n\n<p><a href=\"https:\/\/www.humanite.fr\/social-eco\/reforme-des-retraites\/banquiers-fonds-de-pension-voici-les-vrais-gagnants-de-la-reforme-des-retraites-780541#xtor=RSS-1\">Banquiers, fonds de pension\u2026 Voici les vrais gagnants de la r\u00e9forme des retraites<\/a>&nbsp; (L\u2019Humanit\u00e9)<\/p>\n\n\n\n<p><a href=\"https:\/\/www.lemonde.fr\/idees\/article\/2023\/01\/31\/le-projet-de-reforme-des-retraites-confirme-que-l-etat-providence-est-mis-au-service-du-secteur-prive_6159930_3232.html\">\u00ab&nbsp;Le projet de r\u00e9forme des retraites confirme que l\u2019Etat-providence est mis au service du secteur priv\u00e9&nbsp;\u00bb<\/a>&nbsp;(Le Monde)<\/p>\n\n\n\n<p><strong><a href=\"https:\/\/reporterre.net\/Retraites-voici-pourquoi-les-petites-villes-se-mobilisent\">Retraites&nbsp;: voici pourquoi les petites villes se mobilisent<\/a>&nbsp;&nbsp;<\/strong>(Reporterre)<\/p>\n\n\n\n<p><a href=\"https:\/\/www.alternatives-economiques.fr\/retraites-syndicats-lunite\/00105917\">Retraites : pour les syndicats, l\u2019unit\u00e9 fait la force<\/a>&nbsp; -Herv\u00e9 Nathan (Alter Eco)<\/p>\n\n\n\n<p><a href=\"https:\/\/www.politis.fr\/articles\/2023\/01\/prendre-deux-ans-de-plus\/\">Retraites : prendre deux ans de plus ?<\/a>&nbsp; (Politis)<\/p>\n\n\n\n<p><a href=\"https:\/\/www.mediapart.fr\/journal\/france\/310123\/retraites-l-assemblee-la-gauche-offensive-contre-une-monstruosite\">Retraites : \u00e0 l\u2019Assembl\u00e9e, la gauche offensive contre une \u00abmonstruosit\u00e9\u00bb<\/a>&nbsp; (M\u00e9diapart)<\/p>\n\n\n\n<p><a href=\"https:\/\/www.mediapart.fr\/journal\/france\/310123\/communique-nous-salarie-es-de-mediapart-en-greve-contre-la-retraite-64-ans\">Nous, salari\u00e9\u00b7es de Mediapart, en gr\u00e8ve contre la retraite \u00e0 64 ans<\/a>&nbsp;(Communiqu\u00e9)<\/p>\n\n\n\n<p><a href=\"https:\/\/www.liberation.fr\/economie\/social\/reforme-des-retraites-debrayages-en-serie-dans-les-raffineries-et-les-centrales-nucleaires-20230131_OD67CATOVZGFLE4TUZLFLO4CLI\/\">R\u00e9forme des retraites&nbsp;: d\u00e9brayages en s\u00e9rie dans les raffineries et les centrales nucl\u00e9aires<\/a>&nbsp;(Lib\u00e9ration)<\/p>\n\n\n\n<figure class=\"wp-block-image\"><img loading=\"lazy\" decoding=\"async\" width=\"600\" height=\"400\" src=\"https:\/\/i0.wp.com\/www.rdpemancipation.org\/wp-content\/uploads\/2023\/01\/image-129.png?resize=388%2C259&amp;ssl=1\" alt=\"\" class=\"wp-image-108560\" srcset=\"https:\/\/i0.wp.com\/www.rdpemancipation.org\/wp-content\/uploads\/2023\/01\/image-129.png?w=600&amp;ssl=1 600w, https:\/\/i0.wp.com\/www.rdpemancipation.org\/wp-content\/uploads\/2023\/01\/image-129.png?resize=300%2C200&amp;ssl=1 300w\" sizes=\"auto, (max-width: 600px) 100vw, 600px\" \/><\/figure>\n\n\n\n<p><a href=\"https:\/\/www.francetvinfo.fr\/economie\/retraite\/reforme-des-retraites\/mobilisation-contre-la-reforme-des-retraites-pourquoi-est-il-si-difficile-de-connaitre-le-nombre-precis-de-grevistes_5611799.html\">Mobilisation contre la r\u00e9forme des retraites : pourquoi est-il si difficile de conna\u00eetre le nombre pr\u00e9cis de gr\u00e9vistes ?<\/a>&nbsp;(France Info)<a href=\"https:\/\/www.francetvinfo.fr\/vrai-ou-fake\/desintox-non-il-n-y-a-pas-de-retraites-anticipees-pour-les-meres_5632511.html\"><\/a><\/p>\n\n\n\n<p><a href=\"https:\/\/www.francetvinfo.fr\/vrai-ou-fake\/desintox-non-il-n-y-a-pas-de-retraites-anticipees-pour-les-meres_5632511.html\">D\u00e9sintox. Non il n\u2019y a pas de retraites anticip\u00e9es pour les m\u00e8res.<\/a><a>&nbsp;(France Info)<\/a><\/p>\n\n\n\n<p><strong><a href=\"https:\/\/www.francetvinfo.fr\/replay-radio\/le-brief-politique\/reforme-des-retraites-face-a-la-polemique-sur-les-trimestres-pour-maternite-le-gouvernement-pret-a-ouvrir-le-debat-des-droits-familiaux_5606663.html\">\u2018Sur les femmes, on s\u2019est vautr\u00e9s tout seul\u2019<\/a><\/strong>&nbsp;(France Info)<\/p>\n\n\n\n<p><a href=\"https:\/\/www.francetvinfo.fr\/economie\/retraite\/reforme-des-retraites\/je-reste-sans-voix-l-inquietude-des-femmes-du-secteur-medico-social-qui-pourraient-devoir-travailler-plus-longtemps-que-les-hommes_5631380.html\">L\u2019inqui\u00e9tude des femmes du secteur m\u00e9dico-social, qui pourraient devoir travailler plus longtemps que les hommes<\/a>&nbsp;(France info)<\/p>\n\n\n\n<p><a href=\"http:\/\/www.regards.fr\/actu\/article\/reforme-des-retraites\">R\u00e9forme des retraites : d\u00e9savantager plus les femmes, c\u2019est notre projet !<\/a>&nbsp;(Regards)<\/p>\n\n\n\n<p><a href=\"https:\/\/blogs.mediapart.fr\/claire-vives\/blog\/310123\/reforme-de-lassurance-chomage-et-des-retraites-la-double-peine-pour-les-precaires\">R\u00e9forme de l\u2019assurance ch\u00f4mage et des retraites : la double peine pour les pr\u00e9caires<\/a>&nbsp;(Blog de Claire Viv\u00e8s)<\/p>\n\n\n\n<p><strong><a href=\"https:\/\/www.mediapart.fr\/journal\/economie-et-social\/300123\/retraites-comment-le-gouvernement-creuse-lui-meme-le-deficit\">Comment le gouvernement creuse lui-m\u00eame le d\u00e9ficit<\/a><\/strong>&nbsp;(Mediapart)<\/p>\n\n\n\n<p><a href=\"https:\/\/blogs.mediapart.fr\/les-invites-de-mediapart\/blog\/310123\/feministes-en-colere-64-ans-c-est-non-43-annuites-c-est-non\">F\u00e9ministes en col\u00e8re : 64 ans c\u2019est non ! 43 annuit\u00e9s c\u2019est non !<\/a>&nbsp;(Les invit\u00e9s de Mediapart)<\/p>\n\n\n\n<p><a href=\"https:\/\/www.alternatives-economiques.fr\/retraites-leaders-syndicaux-direct-front\/00105916?utm_campaign=alire&amp;utm_medium=email&amp;utm_source=emailing&amp;utm_content=230130\">Retraites&nbsp;: les leaders syndicaux en direct du front<\/a>&nbsp;(Alternatives \u00e9conomiques)<\/p>\n\n\n\n<p><a href=\"https:\/\/mobile.agoravox.fr\/tribune-libre\/article\/retraites-gagner-la-bataille-en-246333\">Gagner la bataille en faisant vivre l\u2019esprit d\u2019entraide&nbsp;!<\/a>&nbsp;(Agora Vox)<\/p>\n\n\n\n<p><a href=\"https:\/\/alencontre.org\/europe\/france\/france-dossier-pas-de-retraite-face-a-la-contre-reforme-des-retraites-de-macron.html\">Pas de retraite face \u00e0 la contre-r\u00e9forme des retraites de Macron<\/a>&nbsp;(A l\u2019encontre)<\/p>\n\n\n\n<p><a href=\"https:\/\/bellaciao.org\/Craquement-C-est-l-Heure-de-l-Mettre\">Craquement \u2013 C\u2019est l\u2019heure de l\u2019mettre !<\/a>&nbsp;(Bellaciao)<\/p>\n\n\n\n<p><a href=\"https:\/\/www.leparisien.fr\/politique\/retraites-avant-la-nouvelle-mobilisation-du-31-janvier-lexecutif-durcit-le-ton-30-01-2023-NJIRE2ZXOFBWBN6GAFZ36MW4O4.php\">Avant la nouvelle mobilisation du 31&nbsp;janvier, l\u2019ex\u00e9cutif durcit le ton<\/a>&nbsp;(Le Parisien)<\/p>\n\n\n\n<figure class=\"wp-block-image\"><img loading=\"lazy\" decoding=\"async\" width=\"619\" height=\"335\" src=\"https:\/\/i0.wp.com\/www.rdpemancipation.org\/wp-content\/uploads\/2023\/02\/image-5.png?resize=415%2C225&amp;ssl=1\" alt=\"\" class=\"wp-image-108706\" srcset=\"https:\/\/i0.wp.com\/www.rdpemancipation.org\/wp-content\/uploads\/2023\/02\/image-5.png?w=619&amp;ssl=1 619w, https:\/\/i0.wp.com\/www.rdpemancipation.org\/wp-content\/uploads\/2023\/02\/image-5.png?resize=300%2C162&amp;ssl=1 300w\" sizes=\"auto, (max-width: 619px) 100vw, 619px\" \/><\/figure>\n\n\n\n<p><a href=\"https:\/\/lundi.am\/La-retraite-a-13-ans\">La retraite \u00e0 13 ans \u2013 Cin\u00e9tract<\/a>&nbsp;(Lundi Matin)<\/p>\n\n\n\n<p><a href=\"https:\/\/tv.marianne.net\/focus\/-bordeliser-darmanin-la-strategie-du-gro\">\u00ab&nbsp;Bord\u00e9liser : Daramanin, la strat\u00e9gie du gros rouge qui t\u00e2che&nbsp;\u00bb<\/a>&nbsp;(Marianne)<\/p>\n\n\n\n<p><a href=\"https:\/\/paris-luttes.info\/vers-la-greve-du-31-suivi-et-16582\">Suivi et rendez-vous du mouvement contre la r\u00e9forme en \u00cele-de-France<\/a>&nbsp;(Paris-Luttes info)<\/p>\n\n\n\n<p><a href=\"https:\/\/www.revolutionpermanente.fr\/Apres-le-31-janvier-vers-une-prochaine-date-de-l-intersyndicale-un-samedi\">Apr\u00e8s le 31 janvier, vers une prochaine date de l\u2019intersyndicale un samedi&nbsp;?<\/a>&nbsp;(RP)<\/p>\n\n\n\n<p><a href=\"https:\/\/reporterre.net\/Retraites-la-vie-ne-se-reduit-pas-au-travail-affirme-la-pensee-ecologique\">Retraites&nbsp;: la vie ne se r\u00e9duit pas au travail, affirme la pens\u00e9e \u00e9cologique&nbsp;<\/a>(Reporterre)<\/p>\n\n\n\n<p><a href=\"http:\/\/www.regards.fr\/actu\/article\/reforme-des-retraites-borne-peut-perdre-la-bataille-a-l-assemblee-a-une-voix\">R\u00e9forme des retraites&nbsp;: Borne peut perdre la bataille \u00e0 l\u2019Assembl\u00e9e\u2026 \u00e0 2 voix pr\u00e8s&nbsp;!<\/a>&nbsp;(Regards)<\/p>\n\n\n\n<p><a href=\"https:\/\/www.streetpress.com\/sujet\/1675098497-vitry-lyceens-bloquent-etablissement-reforme-retraite-avenir-vitry-jeunesse\">\u00c0 Vitry, des lyc\u00e9ens bloquent leur \u00e9tablissement&nbsp;: \u00ab&nbsp;La retraite, c\u2019est notre avenir&nbsp;\u00bb<\/a>&nbsp;(Street Press)<\/p>\n\n\n\n<p><strong>30 janvier<\/strong><a href=\"https:\/\/www.liberation.fr\/politique\/reforme-des-retraites-suivez-en-direct-levolution-du-rapport-de-force-a-lassemblee-20230130_IJKYEYMPPREGJEYCCDOBR5XWKE\/\"><\/a><\/p>\n\n\n\n<p><a href=\"https:\/\/www.liberation.fr\/politique\/reforme-des-retraites-suivez-en-direct-levolution-du-rapport-de-force-a-lassemblee-20230130_IJKYEYMPPREGJEYCCDOBR5XWKE\/\"><strong>Retraites&nbsp;: suivez en direct l\u2019\u00e9volution du rapport de force \u00e0 l\u2019Assembl\u00e9e<\/strong><\/a>&nbsp;(Lib\u00e9ration)<a href=\"https:\/\/www.francetvinfo.fr\/economie\/retraite\/reforme-des-retraites\/reforme-des-retraites-l-executif-mis-en-difficulte_5630990.html\"><\/a><\/p>\n\n\n\n<p><a href=\"https:\/\/www.francetvinfo.fr\/economie\/retraite\/reforme-des-retraites\/reforme-des-retraites-l-executif-mis-en-difficulte_5630990.html\">R\u00e9forme des retraites :&nbsp;l\u2019ex\u00e9cutif mis en difficult\u00e9<\/a>&nbsp;(France Info)<a href=\"https:\/\/www.francetvinfo.fr\/economie\/retraite\/reforme-des-retraites\/reforme-des-retraites-s-il-n-y-a-pas-d-ecoute-de-la-part-du-gouvernement-il-y-aura-sans-doute-un-acte-3-estime-laurent-berger_5630636.html\"><\/a><\/p>\n\n\n\n<p><a href=\"https:\/\/www.francetvinfo.fr\/economie\/retraite\/reforme-des-retraites\/reforme-des-retraites-s-il-n-y-a-pas-d-ecoute-de-la-part-du-gouvernement-il-y-aura-sans-doute-un-acte-3-estime-laurent-berger_5630636.html\">\u00ab&nbsp;S\u2019il n\u2019y a pas d\u2019\u00e9coute de la part du gouvernement, il y aura sans doute un acte 3&nbsp;\u00bb, estime Laurent&nbsp;Berger<\/a>&nbsp;(France Info)<\/p>\n\n\n\n<p><a href=\"https:\/\/www.alternatives-economiques.fr\/risque-de-chute\/00105897\">Risque de chute<\/a>&nbsp;(Alter Eco)<\/p>\n\n\n\n<figure class=\"wp-block-image\"><img loading=\"lazy\" decoding=\"async\" width=\"3165\" height=\"1806\" src=\"https:\/\/i0.wp.com\/www.rdpemancipation.org\/wp-content\/uploads\/2023\/01\/image-122.png?resize=410%2C233&amp;ssl=1\" alt=\"\" class=\"wp-image-108483\" srcset=\"https:\/\/i0.wp.com\/www.rdpemancipation.org\/wp-content\/uploads\/2023\/01\/image-122.png?w=3165&amp;ssl=1 3165w, https:\/\/i0.wp.com\/www.rdpemancipation.org\/wp-content\/uploads\/2023\/01\/image-122.png?resize=300%2C171&amp;ssl=1 300w, https:\/\/i0.wp.com\/www.rdpemancipation.org\/wp-content\/uploads\/2023\/01\/image-122.png?resize=1024%2C584&amp;ssl=1 1024w, https:\/\/i0.wp.com\/www.rdpemancipation.org\/wp-content\/uploads\/2023\/01\/image-122.png?resize=768%2C438&amp;ssl=1 768w, https:\/\/i0.wp.com\/www.rdpemancipation.org\/wp-content\/uploads\/2023\/01\/image-122.png?resize=1536%2C876&amp;ssl=1 1536w, https:\/\/i0.wp.com\/www.rdpemancipation.org\/wp-content\/uploads\/2023\/01\/image-122.png?resize=2048%2C1169&amp;ssl=1 2048w, https:\/\/i0.wp.com\/www.rdpemancipation.org\/wp-content\/uploads\/2023\/01\/image-122.png?w=2400&amp;ssl=1 2400w\" sizes=\"auto, (max-width: 1200px) 100vw, 1200px\" \/><\/figure>\n\n\n\n<p><a href=\"https:\/\/www.lemonde.fr\/politique\/article\/2023\/01\/30\/retraites-les-reticences-de-la-majorite-un-risque-pour-l-adoption-de-la-reforme_6159812_823448.html\"><strong>Les r\u00e9ticences de la majorit\u00e9, un risque pour l\u2019adoption de la r\u00e9forme<\/strong><\/a>&nbsp;(Le Monde)<\/p>\n\n\n\n<p><a href=\"http:\/\/alencontre.org\/europe\/france\/france-dossier-pas-de-retraite-face-a-la-contre-reforme-des-retraites-de-macron.html\">Pas de retraite face \u00e0 la contre-r\u00e9forme des retraites de Macron<\/a>&nbsp;(A l\u2019encontre)<\/p>\n\n\n\n<p><a href=\"https:\/\/www.contretemps.eu\/greve-etincelles-tactiques-decembre-1995-reforme-retraites\/\">En gr\u00e8ve ! \u00c9tincelles et tactiques \u00e0 l\u2019aune de 1995<\/a>&nbsp;(Contretemps)<\/p>\n\n\n\n<p><a href=\"https:\/\/www.mediapart.fr\/journal\/france\/280123\/pour-l-outre-mer-la-reforme-des-retraites-s-annonce-cruelle\">Pour l\u2019outre-mer, la r\u00e9forme des retraites s\u2019annonce cruelle<\/a>&nbsp; (M\u00e9diapart)<\/p>\n\n\n\n<p><a href=\"https:\/\/www.humanite.fr\/politique\/reforme-des-retraites\/retraite-face-face-entre-eric-woerth-et-pierre-dharreville-780405#xtor=RSS-1\">Retraite. Face \u00e0 face entre \u00c9ric Woerth et Pierre Dharr\u00e9ville<\/a>&nbsp;(L\u2019Humanit\u00e9)<\/p>\n\n\n\n<p><a href=\"https:\/\/www.humanite.fr\/politique\/reforme-des-retraites\/retraite-au-parlement-la-guerre-eclair-en-guise-de-debat-780390#xtor=RSS-1\">Retraite. Au parlement, la guerre \u00e9clair en guise de d\u00e9bat<\/a>&nbsp;(L\u2019Humanit\u00e9)<\/p>\n\n\n\n<p><a href=\"http:\/\/dialectik-football.info\/lyon-un-tournoi-de-foot-pour-soutenir-la-greve-contre-la-reforme-des-retraites\/\">Lyon : un tournoi de foot en soutien \u00e0 la gr\u00e8ve contre la r\u00e9forme&nbsp;<\/a>&nbsp;(Dialectik Football)<\/p>\n\n\n\n<p><a href=\"https:\/\/labogue.info\/spip.php?article1435\">Semaine 3&nbsp;: les dates pour les retraites<\/a>&nbsp;(Mutu)<\/p>\n\n\n\n<p><a href=\"https:\/\/www.mediapart.fr\/journal\/politique\/280123\/retraites-l-executif-s-enfonce-la-majorite-panique\">L\u2019ex\u00e9cutif s\u2019enfonce, la majorit\u00e9 panique<\/a>&nbsp;(M\u00e9diapart)<\/p>\n\n\n\n<p><a href=\"https:\/\/www.mediapart.fr\/journal\/france\/280123\/reforme-des-retraites-le-gouvernement-tord-les-principes-de-la-constitution\">Le gouvernement \u00abtord les principes\u00bb de la Constitution<\/a>&nbsp;(M\u00e9diapart)<\/p>\n\n\n\n<p><a href=\"https:\/\/www.lemediatv.fr\/emissions\/2023\/reforme-des-retraites-meme-les-playmobils-macronistes-se-rebellent-jmAM06nURcO_exGvRbOrRg\">M\u00eame les playmobils macronistes \u00ab&nbsp;se rebellent&nbsp;\u00bb<\/a>&nbsp;(Le M\u00e9dia)<\/p>\n\n\n\n<p><a href=\"https:\/\/www.liberation.fr\/economie\/social\/energie-transports-commerce-le-point-sur-les-appels-a-la-greve-du-mardi-31-janvier-contre-la-reforme-des-retraites-20230130_VUVTP5EUYNGTBJYPIQLKZJRVKU\/\">Energie, transports, commerce\u2026 Le point sur les appels \u00e0 la gr\u00e8ve du mardi 31&nbsp;janvier<\/a>&nbsp;(Lib\u00e9ration)<\/p>\n\n\n\n<p><a href=\"https:\/\/www.liberation.fr\/politique\/arthur-delaporte-la-macronie-aura-du-mal-a-defendre-le-bien-fonde-de-sa-reforme-des-retraites-20230130_KJK7GQURWNFTPO466WNGZ4AITM\/\">Arthur Delaporte&nbsp;: \u00abLa macronie aura du mal \u00e0 d\u00e9fendre le bien-fond\u00e9 de sa r\u00e9forme des retraites\u00bb<\/a><\/p>\n\n\n\n<p><a href=\"https:\/\/rebellyon.info\/Barrage-filtrant-au-rond-point-de-la-24458\">Barrage filtrant au rond point de la Feyssine lundi 30&nbsp;janvier \u00e0 partir de 7h30<\/a>&nbsp;(Rebellyon)<\/p>\n\n\n\n<p><a href=\"https:\/\/www.revolutionpermanente.fr\/31-janvier-amplifier-la-mobilisation-et-l-ancrer-a-la-base-pour-construire-la-greve-reconductible\">31 janvier&nbsp;: amplifier la mobilisation et l\u2019ancrer \u00e0 la base pour construire la gr\u00e8ve reconductible<\/a>&nbsp;(RP)<\/p>\n\n\n\n<p><a href=\"https:\/\/www.revolutionpermanente.fr\/Retraites-300-syndicalistes-intellectuels-et-militants-defendent-la-greve-reconductible-pour-gagner\">Retraites&nbsp;: 300 syndicalistes, intellectuels et militants d\u00e9fendent la gr\u00e8ve reconductible pour gagner<\/a>&nbsp;(RP)<\/p>\n\n\n\n<p><a href=\"https:\/\/www.revolutionpermanente.fr\/Article-47-1-le-gouvernement-pourra-imposer-sa-reforme-des-retraites-par-ordonnance\">Article 47-1&nbsp;: le gouvernement&nbsp;pourra imposer sa r\u00e9forme des retraites par ordonnanc<\/a>e (RP)<\/p>\n\n\n\n<p><a href=\"https:\/\/reflets.info\/articles\/reforme-des-retraites-olivier-veran-promet-les-plaies-d-egypte\">R\u00e9forme des retraites : Olivier V\u00e9ran promet les plaies d\u2019\u00c9gypte<\/a>&nbsp;(Reflets)<\/p>\n\n\n\n<p><a href=\"https:\/\/theconversation.com\/reforme-des-retraites-des-craintes-pour-lemploi-des-seniors-a-nuancer-198540\">R\u00e9forme des retraites&nbsp;: des&nbsp;craintes pour l\u2019emploi des&nbsp;seniors \u00e0&nbsp;nuancer&nbsp;<\/a>(The conversation)<\/p>\n\n\n\n<p><a href=\"https:\/\/www.letelegramme.fr\/cotes-darmor\/guingamp\/la-deputee-de-guingamp-appelle-a-faire-greve-pour-nos-retraites-29-01-2023-13268423.php\">La d\u00e9put\u00e9e de Guingamp appelle \u00ab&nbsp;\u00e0 faire gr\u00e8ve pour nos retraites&nbsp;\u00bb<\/a>&nbsp;(Le T\u00e9l\u00e9gramme)<\/p>\n\n\n\n<p><strong>29 janvier<\/strong><\/p>\n\n\n\n<p><strong><a href=\"https:\/\/www.france24.com\/fr\/france\/20230129-retraites-l-%C3%A2ge-l%C3%A9gal-de-d%C3%A9part-%C3%A0-64-ans-n-est-plus-n%C3%A9gociable-selon-%C3%A9lisabeth-borne\">Retraites : l\u2019\u00e2ge l\u00e9gal de d\u00e9part \u00e0 64 ans \u00ab&nbsp;n\u2019est plus n\u00e9gociable&nbsp;\u00bb, selon \u00c9lisabeth Borne<\/a>&nbsp;<\/strong>(France 24)<\/p>\n\n\n\n<p><a href=\"https:\/\/rebellyon.info\/La-manifestation-interprofessionnelle-du-24457\">Contre la r\u00e9forme des retraites manifestation interprofessionnelle mardi 31&nbsp;janvier \u00e0 14h<\/a>&nbsp;(Rebellyon)<\/p>\n\n\n\n<p><strong><a href=\"https:\/\/www.humanite.fr\/videos\/retraites-toutes-les-vies-qu-sauvees-largement-servi-la-nation-yohan-pompier-780305\">Retraites. \u00abToutes les vies qu\u2019on a sauv\u00e9es, on a largement servi la nation\u00bb, Yohan, pompier&nbsp;<\/a><\/strong>(l\u2019Humanit\u00e9)<\/p>\n\n\n\n<p><a href=\"https:\/\/www.force-ouvriere.fr\/les-regimes-speciaux-pionniers-des-retraites\">Les r\u00e9gimes sp\u00e9ciaux, pionniers des retraites<\/a>&nbsp;(FO)<\/p>\n\n\n\n<p><a href=\"https:\/\/www.force-ouvriere.fr\/egalite-femmes-hommes-la-grande-cause-nationale-est-aussi-la\">\u00c9galit\u00e9 femmes-hommes&nbsp;: la grande oubli\u00e9e de la r\u00e9forme des retraites&nbsp;!<\/a>&nbsp;(FO)<\/p>\n\n\n\n<p><a href=\"https:\/\/www.sortiraparis.com\/actualites\/a-paris\/articles\/288815-greve-du-31-janvier-des-covoiturages-gratuits-a-paris-et-en-ile-de-france\">Gr\u00e8ve du 31 janvier : des covoiturages gratuits \u00e0 Paris et en \u00cele-de-France<\/a>&nbsp;(Sortir \u00e0 Paris)<\/p>\n\n\n\n<p><a href=\"https:\/\/www.ladepeche.fr\/2023\/01\/28\/jai-decide-que-les-heures-de-greve-ne-seraient-pas-decomptees-un-maire-sengage-a-payer-ses-employes-qui-iront-manifester-10957950.php\">Un maire s\u2019engage \u00e0 payer ses employ\u00e9s qui iront manifester<\/a>&nbsp;(La D\u00e9p\u00eache)<\/p>\n\n\n\n<p><a href=\"https:\/\/www.midilibre.fr\/2023\/01\/28\/reforme-des-retraites-le-maire-lfi-de-grabels-ouvre-une-caisse-de-greve-dans-sa-commune-10957683.php\">Le maire LFI de Grabels ouvre \u00ab&nbsp;une caisse de gr\u00e8ve&nbsp;\u00bb dans sa commune&nbsp;<\/a>(Midi Libre)<\/p>\n\n\n\n<p><strong><a href=\"https:\/\/www.francetvinfo.fr\/economie\/retraite\/reforme-des-retraites\/reforme-des-retraites-des-mairies-soutiendront-la-greve-du-31-janvier_5627771.html\">Des mairies soutiendront la gr\u00e8ve du 31 janvier<\/a>&nbsp;(<\/strong>France Info)<\/p>\n\n\n\n<p><a href=\"https:\/\/www.20minutes.fr\/societe\/4020964-20230128-reforme-retraites-tenir-compte-manifestations-faute-previent-laurent-berger\">Ne pas tenir compte des manifestations \u00ab&nbsp;serait une faute&nbsp;\u00bb, pr\u00e9vient Laurent Berger<\/a>&nbsp;(20 minutes)<\/p>\n\n\n\n<p><strong>28 janvier<\/strong><\/p>\n\n\n\n<p><a href=\"https:\/\/rapportsdeforce.fr\/breves\/entretenir-la-flamme-de-la-mobilisation-lag-012716144\">Entretenir la flamme de la mobilisation [L\u2019AG]&nbsp;<\/a>(Rapports de force)<\/p>\n\n\n\n<p><a href=\"https:\/\/www.blast-info.fr\/emissions\/2023\/macron-larnaqueur-nem6SoqSQpeaTQoRBFbErg\">Macron&nbsp;: l\u2019arnaqueur<\/a>&nbsp;(Blast)<\/p>\n\n\n\n<p><a href=\"https:\/\/basta.media\/Vieillissement-cout-du-travail-competitivite-les-anti-retraites-utilisent-les-memes-arguments-depuis-1945\">Vieillissement, co\u00fbt du travail, comp\u00e9titivit\u00e9&nbsp;: les anti-retraites utilisent les m\u00eames arguments depuis 1945<\/a>&nbsp;(Basta)<\/p>\n\n\n\n<p><a href=\"https:\/\/www.force-ouvriere.fr\/penibilite-la-reparation-toujours-minimisee\">P\u00e9nibilit\u00e9&nbsp;: la r\u00e9paration toujours minimis\u00e9e<\/a>&nbsp;(FO)<\/p>\n\n\n\n<p><a href=\"http:\/\/www.sudptt.org\/Retraite-des-femmes-Marre-d-etre-sacrifiees\">Retraite des femmes Marre d\u2019\u00eatre sacrifi\u00e9es&nbsp;!<\/a>&nbsp;(Sud)<\/p>\n\n\n\n<p><a href=\"https:\/\/paris-luttes.info\/vers-la-greve-du-31-suivi-et-16582\">31&nbsp;janvier. Suivi et rendez-vous du mouvement contre la r\u00e9forme en \u00cele-de-France<\/a>&nbsp;(Paris-Luttes info)<\/p>\n\n\n\n<p><a href=\"https:\/\/www.inegalites.fr\/Retraites-le-projet-de-reforme-est-il-injuste\">Retraites&nbsp;: le projet de r\u00e9forme est-il injuste&nbsp;?<\/a>&nbsp;(Observatoire des in\u00e9galit\u00e9s)<\/p>\n\n\n\n<p><a href=\"https:\/\/www.youtube.com\/watch?v=KwBDboy_Jn4&amp;ab_channel=Mediapart\">Usul. R\u00e9forme des retraites : la rue peut-elle gagner ?<\/a>&nbsp;(Mediapart)<\/p>\n\n\n\n<p><strong>26 janvier<\/strong><\/p>\n\n\n\n<p><a href=\"https:\/\/www.mediapart.fr\/journal\/fil-dactualites\/260123\/retraites-hidalgo-repond-l-appel-de-roussel-fermer-les-mairies-le-31-janvier\">Hidalgo r\u00e9pond \u00e0 l\u2019appel de Roussel \u00e0 fermer les mairies le 31 janvier<\/a>&nbsp;(AFP)<\/p>\n\n\n\n<p><a href=\"https:\/\/theconversation.com\/reforme-des-retraites-la-jeunesse-point-de-bascule-de-la-mobilisation-198524\">R\u00e9forme des retraites : la jeunesse, point de bascule de la mobilisation ?<\/a>&nbsp;(The Conversation)<\/p>\n\n\n\n<p><a href=\"https:\/\/journal.lutte-ouvriere.org\/2023\/01\/25\/retraites-et-salaires-faire-encore-monter-la-pression_475591.html\">Retraites et salaires, faire encore monter la pression !<\/a>&nbsp;(LO)<\/p>\n\n\n\n<figure class=\"wp-block-image\"><img loading=\"lazy\" decoding=\"async\" width=\"494\" height=\"377\" src=\"https:\/\/i0.wp.com\/www.rdpemancipation.org\/wp-content\/uploads\/2023\/01\/image-110.png?resize=384%2C293&amp;ssl=1\" alt=\"\" class=\"wp-image-108270\" srcset=\"https:\/\/i0.wp.com\/www.rdpemancipation.org\/wp-content\/uploads\/2023\/01\/image-110.png?w=494&amp;ssl=1 494w, https:\/\/i0.wp.com\/www.rdpemancipation.org\/wp-content\/uploads\/2023\/01\/image-110.png?resize=300%2C229&amp;ssl=1 300w\" sizes=\"auto, (max-width: 494px) 100vw, 494px\" \/><\/figure>\n\n\n\n<p><a href=\"https:\/\/journal.lutte-ouvriere.org\/2023\/01\/25\/la-clause-de-la-grande-perte_475552.html\">La clause de la grande perte<\/a>&nbsp;(LO)<\/p>\n\n\n\n<p><a href=\"https:\/\/blogs.mediapart.fr\/bastienparisot\/blog\/250123\/retraites-le-rassemblement-national-est-une-arnaque\">Retraites : le Rassemblement National est une arnaque !<\/a>&nbsp;(Blog bastienparisot)<\/p>\n\n\n\n<p><a href=\"https:\/\/www.boursorama.com\/actualite-economique\/actualites\/reforme-des-retraites-l-opposition-grandit-dans-l-opinion-la-defiance-envers-macron-et-borne-aussi-b492a9dfb26776ffd7f0b02e445cbb09\"><strong>Retraites : l\u2019opposition grandit dans l\u2019opinion, la d\u00e9fiance envers Macron et Borne aussi<\/strong><\/a>&nbsp;(Boursorama)<\/p>\n\n\n\n<p><a href=\"https:\/\/www.marianne.net\/politique\/macron\/reforme-des-retraites-pourquoi-emmanuel-macron-est-si-presse\">R\u00e9forme des retraites : pourquoi Emmanuel Macron est si press\u00e9<\/a>&nbsp;(Marianne)<\/p>\n\n\n\n<p><a href=\"https:\/\/alencontre.org\/europe\/france\/france-la-retraite-cest-ne-plus-regarder-sa-montre-en-permanence-la-penibilite-chronometree.html\">\u00abLa retraite, c\u2019est ne plus regarder sa montre en permanence.\u00bb&nbsp;La p\u00e9nibilit\u00e9 chronom\u00e9tr\u00e9e<\/a>&nbsp;(A l\u2019encontre)<\/p>\n\n\n\n<p><a href=\"https:\/\/www.frustrationmagazine.fr\/olivier-dussopt\/\">Que se passe-t-il dans la t\u00eate d\u2019Olivier Dussopt ?<\/a>&nbsp;(Frustration)<\/p>\n\n\n\n<p><a href=\"https:\/\/www.leparisien.fr\/economie\/retraites-une-greve-dans-les-raffineries-chez-les-dockers-et-les-electriciens-des-ce-jeudi-26-01-2023-7CZJJFIYHZDGZCLQRSOYXJFPOQ.php\">Retraites&nbsp;: une gr\u00e8ve dans les raffineries, chez les dockers et les \u00e9lectriciens d\u00e8s ce jeudi<\/a>&nbsp;(Le Parisien)<\/p>\n\n\n\n<p><a href=\"https:\/\/www.revolutionpermanente.fr\/26-janvier-La-greve-des-raffineurs-energeticiens-et-dockers-doit-servir-a-construire-la\">26 janvier. La gr\u00e8ve des raffineurs, \u00e9nerg\u00e9ticiens et dockers doit servir \u00e0 construire la reconductible&nbsp;!<\/a>&nbsp;(RP)<\/p>\n\n\n\n<p><a href=\"https:\/\/www.revolutionpermanente.fr\/Service-minimum-a-la-SNCF-Bertrand-veut-en-finir-avec-le-droit-de-greve-pendant-les-vacances\">Service minimum \u00e0 la SNCF&nbsp;: Bertrand veut en finir avec le droit de gr\u00e8ve pendant les vacances<\/a>&nbsp;(RP)<\/p>\n\n\n\n<p><a href=\"https:\/\/www.force-ouvriere.fr\/declaration-du-25-janvier-de-l-intersyndicale\">D\u00e9claration du 25&nbsp;janvier de l\u2019intersyndicale<\/a>&nbsp;(FO)<\/p>\n\n\n\n<p><a href=\"https:\/\/www.lemonde.fr\/politique\/article\/2023\/01\/26\/reforme-des-retraites-greves-dans-les-centrales-nucleaires-les-raffineries-et-les-ports_6159381_823448.html\">Des gr\u00e8ves signal\u00e9es dans les centrales nucl\u00e9aires, les raffineries et&nbsp;les ports<\/a>&nbsp;(Le Monde)<\/p>\n\n\n\n<p><a href=\"https:\/\/www.boursorama.com\/videos\/actualites\/retraites-rassemblement-a-la-raffinerie-de-lavera-a-martigues-a-l-appel-de-la-cgt-b11702ce305e67e216e2fe0fa212b0dd\">Retraites: rassemblement \u00e0 la raffinerie de Lav\u00e9ra \u00e0 Martigues \u00e0 l\u2019appel de la CGT<\/a>&nbsp;(AFP vid\u00e9o)<\/p>\n\n\n\n<p><a href=\"https:\/\/www.boursorama.com\/actualite-economique\/actualites\/raffineries-la-cgt-revendique-jusqu-a-100-de-grevistes-selon-les-sites-779b88a0de93e04987d45c6528b9030a\">Raffineries : la CGT revendique jusqu\u2019\u00e0 100% de gr\u00e9vistes selon les sites<\/a>&nbsp;(Boursorama)<\/p>\n\n\n\n<p><a href=\"https:\/\/lanticapitaliste.org\/actualite\/politique\/retraites-mardi-31-en-greve-et-en-manif-et-apres-continue-0\">Retraites : mardi 31 en gr\u00e8ve et en manif\u2026 et apr\u00e8s on continue\u2009!<\/a>&nbsp;(L\u2019Anticapitaliste)<\/p>\n\n\n\n<figure class=\"wp-block-image\"><img loading=\"lazy\" decoding=\"async\" width=\"581\" height=\"553\" src=\"https:\/\/i0.wp.com\/www.rdpemancipation.org\/wp-content\/uploads\/2023\/01\/image-109.png?resize=363%2C346&amp;ssl=1\" alt=\"\" class=\"wp-image-108267\" srcset=\"https:\/\/i0.wp.com\/www.rdpemancipation.org\/wp-content\/uploads\/2023\/01\/image-109.png?w=581&amp;ssl=1 581w, https:\/\/i0.wp.com\/www.rdpemancipation.org\/wp-content\/uploads\/2023\/01\/image-109.png?resize=300%2C286&amp;ssl=1 300w\" sizes=\"auto, (max-width: 581px) 100vw, 581px\" \/><\/figure>\n\n\n\n<p><a href=\"https:\/\/basta.media\/Vieillissement-cout-du-travail-competitivite-les-anti-retraites-utilisent-les-memes-arguments-depuis-1945\">Vieillissement, co\u00fbt du travail, comp\u00e9titivit\u00e9 : les anti-retraites utilisent les m\u00eames arguments depuis 1945&nbsp;<\/a>&nbsp;(Basta!)<\/p>\n\n\n\n<p><strong>25 janvier<\/strong><\/p>\n\n\n\n<p><a href=\"http:\/\/janinebd.fr\/retraites-dautres-solutions-existent\/\">BD retraites. D\u2019autres solutions existent<\/a>&nbsp;(Le Blog BD de Janine)<\/p>\n\n\n\n<figure class=\"wp-block-image\"><img loading=\"lazy\" decoding=\"async\" width=\"753\" height=\"553\" src=\"https:\/\/i0.wp.com\/www.rdpemancipation.org\/wp-content\/uploads\/2023\/01\/Capture-janine.png?resize=469%2C344&amp;ssl=1\" alt=\"\" class=\"wp-image-108257\" srcset=\"https:\/\/i0.wp.com\/www.rdpemancipation.org\/wp-content\/uploads\/2023\/01\/Capture-janine.png?w=753&amp;ssl=1 753w, https:\/\/i0.wp.com\/www.rdpemancipation.org\/wp-content\/uploads\/2023\/01\/Capture-janine.png?resize=300%2C220&amp;ssl=1 300w\" sizes=\"auto, (max-width: 753px) 100vw, 753px\" \/><figcaption class=\"wp-element-caption\"><sup><strong>Tr\u00e8s fouill\u00e9e et pleine d\u2019humour, la BD qui d\u00e9cortique les diverses solutions pour les retraites<\/strong><\/sup><\/figcaption><\/figure>\n\n\n\n<p><a href=\"https:\/\/www.mediapart.fr\/journal\/economie-et-social\/240123\/reforme-des-retraites-risque-d-avoir-une-explosion-des-inegalites\">R\u00e9forme des retraites&nbsp;: \u00ab&nbsp;On risque d\u2019avoir une explosion des in\u00e9galit\u00e9s&nbsp;\u00bb<\/a>&nbsp;(A l\u2019air libre)<\/p>\n\n\n\n<p><a href=\"https:\/\/lundi.am\/Entrer-en-resistance-pour-les-retraites-et-pour-le-reste-aussi\">Entrer en r\u00e9sistance pour les retraites (et pour le reste aussi)<\/a>&nbsp;(Lundimatin)<\/p>\n\n\n\n<p><a href=\"https:\/\/www.boursorama.com\/actualite-economique\/actualites\/retraites-les-deputes-nupes-et-rn-demandent-un-referendum-3003f65f5056dd3ee4653445cc355be3\">Retraites : les d\u00e9put\u00e9s Nupes et RN demandent un r\u00e9f\u00e9rendum<\/a>&nbsp;(AFP)<\/p>\n\n\n\n<p><a href=\"https:\/\/www.boursorama.com\/actualite-economique\/actualites\/referendum-sur-les-retraites-bayrou-n-a-aucune-envie-de-gener-le-gouvernement-074ea0d157fd6e3fb1f7b8cdcb6a246a\">R\u00e9f\u00e9rendum sur les retraites ? Bayrou n\u2019a \u00ab&nbsp;aucune envie de g\u00eaner le gouvernement&nbsp;\u00bb<\/a>&nbsp;(AFP)<\/p>\n\n\n\n<p><a href=\"https:\/\/www.blast-info.fr\/emissions\/2023\/retraites-il-y-a-dautres-solutions-a-la-reforme-brutale-de-macron-FvWrNdm6RdmmnxvbTpgOTg\">Retraites : il y a d\u2019autres solutions \u00e0 la r\u00e9forme brutale de Macron<\/a>&nbsp; (Blast)<\/p>\n\n\n\n<p><a href=\"https:\/\/www.liberation.fr\/economie\/social\/reforme-des-retraites-des-syndicats-de-la-sncf-appellent-a-une-greve-reconductible-des-la-mi-fevrier-20230124_WLGUQ7RSOZERDICGP57M47BOOI\/\">Des syndicats de la SNCF appellent \u00e0 une gr\u00e8ve reconductible \u00abd\u00e8s la mi-f\u00e9vrier\u00bb&nbsp;<\/a>(Lib\u00e9ration)<\/p>\n\n\n\n<p><strong><a href=\"https:\/\/rapportsdeforce.fr\/classes-en-lutte\/dans-les-campus-etudiants-informer-sur-les-retraites-pour-massifier-dans-la-rue-012516000\">Des AG pour \u00ab aller chercher les \u00e9tudiants un par un \u00bb avant le 31&nbsp;<\/a><\/strong>(Rapports de force)<\/p>\n\n\n\n<p><a href=\"https:\/\/www.zonebourse.com\/actualite-bourse\/Les-syndicats-francais-CGT-et-Sud-Rail-prevoient-trois-jours-de-greve-supplementaires-pour-la-reform--42801691\/\">CGT et Sud Rail pr\u00e9voient trois jours de gr\u00e8ve suppl\u00e9mentaires pour la r\u00e9forme des retraites<\/a>. (Zonebourse)<\/p>\n\n\n\n<p><strong><a href=\"https:\/\/www.francetvinfo.fr\/replay-radio\/8h30-fauvelle-dely\/greve-dans-les-transports-service-minimum-retraites-trottinettes-electriques-ce-qu-il-faut-retenir-de-l-interview-de-clement-beaune_5592891.html\">Ce qu\u2019il faut retenir de l\u2019interview de Cl\u00e9ment Beaune<\/a>&nbsp;<\/strong>(France Info)<\/p>\n\n\n\n<p><a href=\"https:\/\/www.msn.com\/fr-fr\/finance\/other\/gr%C3%A8ve-reconductible-des-cheminots-r%C3%A9ussissons-la-gr%C3%A8ve-de-mardi-et-on-verra-apr%C3%A8s-pour-construire-la-suite-r%C3%A9pond-la-cfdt-cheminots\/ar-AA16HuOs\">\u00ab&nbsp;R\u00e9ussissons la gr\u00e8ve de mardi et on verra apr\u00e8s pour construire la suite&nbsp;\u00bb, CFDT-cheminots<\/a>&nbsp;(France Info)<\/p>\n\n\n\n<p><a href=\"http:\/\/www.sudptt.org\/Retraites-On-continue-le-31-janvier-6496\">On continue le 31 janvier&nbsp;!<\/a>&nbsp;(Sud)<\/p>\n\n\n\n<p><strong>24 janvier<\/strong><\/p>\n\n\n\n<p><a href=\"https:\/\/www.lemediatv.fr\/emissions\/2023\/le-peuple-face-a-macron-thomas-porcher-pourquoi-il-ne-faut-rien-lacher-0bOF3GEAS0aABLFlCjiGxg\">Le peuple face \u00e0 Macron \u2013 Thomas Porcher : \u00ab Pourquoi il ne faut rien l\u00e2cher \u00bb<\/a>&nbsp; (Le M\u00e9dia)<\/p>\n\n\n\n<p><a href=\"https:\/\/rapportsdeforce.fr\/classes-en-lutte\/les-cheminots-preparent-leur-entree-en-greve-reconductible-par-etape-pour-mi-fevrier-012416039\">Les cheminots pr\u00e9parent leur entr\u00e9e en gr\u00e8ve reconductible par \u00e9tape pour mi-f\u00e9vrier<\/a>&nbsp;(Rapports de Force)<\/p>\n\n\n\n<p><a href=\"https:\/\/www.france24.com\/fr\/france\/20230124-r%C3%A9forme-des-retraites-le-47-1-l-arme-du-gouvernement-pour-%C3%A9viter-l-obstruction\">R\u00e9forme des retraites : le 47.1, l\u2019arme du gouvernement pour \u00e9viter l\u2019obstruction&nbsp;<\/a>(France 24)<\/p>\n\n\n\n<p><a href=\"https:\/\/elucid.media\/societe\/reforme-retraites-debunkons-debunkage-patrick-cohen-c-a-vous\/\">D\u00e9bunkons le d\u00e9bunkage de Cohen sur la r\u00e9forme des retraites<\/a>&nbsp;(Elucid)<\/p>\n\n\n\n<p><a href=\"https:\/\/www.publicsenat.fr\/article\/politique\/retraites-les-femmes-sont-un-peu-penalisees-par-le-report-de-l-age-legal-reconnait\">Retraites&nbsp;: \u00ab&nbsp;Les femmes sont p\u00e9nalis\u00e9es par le report de l\u2019\u00e2ge l\u00e9gal&nbsp;\u00bb, reconna\u00eet Franck Riester<\/a>&nbsp;(Public S\u00e9nat)<\/p>\n\n\n\n<p><a href=\"https:\/\/rebellyon.info\/Organisons-nous-contre-la-reforme-de-24444\">Organisons-nous contre la r\u00e9forme de retraites&nbsp;: discussion le 26&nbsp;janvier \u00e0 l\u2019Annexe de l\u2019ECG.<\/a>&nbsp;(Rebellyon)<\/p>\n\n\n\n<p><a href=\"https:\/\/www.revolutionpermanente.fr\/Des-deputes-macronistes-et-allies-prets-a-ne-pas-voter-la-reforme-premieres-fissures-en-macronie\">Des d\u00e9put\u00e9s macronistes et alli\u00e9s pr\u00eats \u00e0 ne pas voter la r\u00e9forme&nbsp;: premi\u00e8res fissures en macronie<\/a>&nbsp;(RP)<\/p>\n\n\n\n<p><a href=\"https:\/\/www.revolutionpermanente.fr\/A-66-ans-on-me-propose-une-retraite-a-83-euros-Mariama-aide-a-domicile\">\u00ab&nbsp;A 66 ans on me propose une retraite \u00e0 83 euros&nbsp;\u00bb, Mariama, aide \u00e0 domicile&nbsp;<\/a>(RP)<\/p>\n\n\n\n<p><a href=\"https:\/\/www.revolutionpermanente.fr\/Des-etudiant-e-s-mobilise-e-s-contre-la-reforme-des-retraites-interpelle-e-s-par-la-police-a1\">Des \u00e9tudiant\u00b7e\u00b7s mobilis\u00e9\u00b7e\u00b7s contre la r\u00e9forme des retraites interpell\u00e9\u00b7e\u00b7s par la police \u00e0 Aubervilliers<\/a>&nbsp;(RP)<\/p>\n\n\n\n<p><a href=\"https:\/\/www.force-ouvriere.fr\/le-31-janvier-tous-en-greve-et-encore-plus-nombreux-pour-le\">Le 31&nbsp;janvier, tous en gr\u00e8ve et encore plus nombreux pour le retrait de la r\u00e9forme des retraites&nbsp;!&nbsp;<\/a>(FO)<\/p>\n\n\n\n<p><a href=\"http:\/\/www.regards.fr\/actu\/article\/travailler-plus-pour-ne-pas-faire-payer-les-plus-riches-voila-pourquoi-macron\">Travailler plus pour ne pas faire payer les plus riches&nbsp;: voil\u00e0 pourquoi Macron veut r\u00e9former les retraites<\/a>&nbsp;(Regards)<\/p>\n\n\n\n<p><a href=\"https:\/\/rapportsdeforce.fr\/pouvoir-et-contre-pouvoir\/retraites-malgre-des-manifestations-record-le-gouvernement-amorce-le-passage-en-force-012315996\">Retraites : malgr\u00e9 des manifestations record, le gouvernement amorce le passage en force<\/a>&nbsp;(Rapports de force)<\/p>\n\n\n\n<p><a href=\"https:\/\/www.cnews.fr\/france\/2023-01-24\/greve-contre-la-reforme-des-retraites-jappelle-les-maires-fermer-symboliquement\">\u00ab&nbsp;J\u2019appelle les maires \u00e0 fermer symboliquement leur mairie le 31 janvier&nbsp;\u00bb d\u00e9clare Fabien Roussel<\/a>&nbsp;( CNews)<\/p>\n\n\n\n<p><a href=\"https:\/\/www.boursier.com\/actualites\/economie\/greves-retraites-vers-des-coupures-d-electricite-ciblees-les-milliardaires-vises-49041.html\">Gr\u00e8ves \/ retraites&nbsp;: vers des coupures d\u2019\u00e9lectricit\u00e9 \u00ab&nbsp;cibl\u00e9es&nbsp;\u00bb, les milliardaires vis\u00e9s<\/a>&nbsp;(Boursier com)<\/p>\n\n\n\n<p><strong>23 janvier<\/strong><\/p>\n\n\n\n<p><a href=\"https:\/\/rapportsdeforce.fr\/breves\/le-gouvernement-confirme-et-accelere-sa-reforme-des-retraites-lag-012316010\">Le gouvernement confirme et acc\u00e9l\u00e8re sa r\u00e9forme des retraites [L\u2019AG]<\/a>&nbsp;(Rapports de Force)<\/p>\n\n\n\n<p><a href=\"https:\/\/rapportsdeforce.fr\/pouvoir-et-contre-pouvoir\/retraites-malgre-des-manifestations-record-le-gouvernement-amorce-le-passage-en-force-012315996\">Malgr\u00e9 des manifestations record, le gouvernement amorce le passage en force<\/a>&nbsp;(Rapports de Force)<\/p>\n\n\n\n<p><a href=\"https:\/\/www.humanite.fr\/politique\/reforme-des-retraites\/retraites-olivier-dussopt-le-zele-du-parvenu-779494#xtor=RSS-1\">Retraites. Olivier Dussopt, le z\u00e8le du parvenu<\/a>&nbsp;(L\u2019Humanit\u00e9)<\/p>\n\n\n\n<p><a href=\"http:\/\/www.regards.fr\/actu\/article\/contre-reforme-des-retraites-artus-et-aghion-jouent-aux-apprentis-sorciers\">Contre-r\u00e9forme des retraites : Artus et Aghion jouent aux apprentis sorciers<\/a>&nbsp;(Regards)<\/p>\n\n\n\n<p><a href=\"http:\/\/www.regards.fr\/actu\/article\/travailler-plus-pour-ne-pas-faire-payer-les-plus-riches-voila-pourquoi-macron\">Travailler plus pour ne pas faire payer les plus riches : voil\u00e0 pourquoi Macron veut r\u00e9former les retraites<\/a>&nbsp;(Regards)<\/p>\n\n\n\n<figure class=\"wp-block-image\"><img loading=\"lazy\" decoding=\"async\" width=\"3288\" height=\"2362\" src=\"https:\/\/i0.wp.com\/www.rdpemancipation.org\/wp-content\/uploads\/2023\/01\/image-95.png?resize=334%2C240&amp;ssl=1\" alt=\"\" class=\"wp-image-108059\" srcset=\"https:\/\/i0.wp.com\/www.rdpemancipation.org\/wp-content\/uploads\/2023\/01\/image-95.png?w=3288&amp;ssl=1 3288w, https:\/\/i0.wp.com\/www.rdpemancipation.org\/wp-content\/uploads\/2023\/01\/image-95.png?resize=300%2C216&amp;ssl=1 300w, https:\/\/i0.wp.com\/www.rdpemancipation.org\/wp-content\/uploads\/2023\/01\/image-95.png?resize=1024%2C736&amp;ssl=1 1024w, https:\/\/i0.wp.com\/www.rdpemancipation.org\/wp-content\/uploads\/2023\/01\/image-95.png?resize=768%2C552&amp;ssl=1 768w, https:\/\/i0.wp.com\/www.rdpemancipation.org\/wp-content\/uploads\/2023\/01\/image-95.png?resize=1536%2C1103&amp;ssl=1 1536w, https:\/\/i0.wp.com\/www.rdpemancipation.org\/wp-content\/uploads\/2023\/01\/image-95.png?resize=2048%2C1471&amp;ssl=1 2048w, https:\/\/i0.wp.com\/www.rdpemancipation.org\/wp-content\/uploads\/2023\/01\/image-95.png?w=2400&amp;ssl=1 2400w\" sizes=\"auto, (max-width: 1200px) 100vw, 1200px\" \/><\/figure>\n\n\n\n<figure class=\"wp-block-image\"><img loading=\"lazy\" decoding=\"async\" width=\"1024\" height=\"682\" src=\"https:\/\/i0.wp.com\/www.rdpemancipation.org\/wp-content\/uploads\/2023\/01\/image-90.png?resize=285%2C190&amp;ssl=1\" alt=\"\" class=\"wp-image-107990\" srcset=\"https:\/\/i0.wp.com\/www.rdpemancipation.org\/wp-content\/uploads\/2023\/01\/image-90.png?w=1024&amp;ssl=1 1024w, https:\/\/i0.wp.com\/www.rdpemancipation.org\/wp-content\/uploads\/2023\/01\/image-90.png?resize=300%2C200&amp;ssl=1 300w, https:\/\/i0.wp.com\/www.rdpemancipation.org\/wp-content\/uploads\/2023\/01\/image-90.png?resize=768%2C512&amp;ssl=1 768w\" sizes=\"auto, (max-width: 1024px) 100vw, 1024px\" \/><\/figure>\n\n\n\n<p><a href=\"https:\/\/mobile.agoravox.fr\/tribune-libre\/article\/en-bref-des-propositions-pour-246198\">En bref&nbsp;: des propositions pour financer les retraites<\/a>&nbsp;(Agora Vox)<\/p>\n\n\n\n<p><a href=\"https:\/\/www.msn.com\/fr-fr\/actualite\/france\/r%C3%A9forme-des-retraites-retrouvez-le-calendrier-de-la-suite-des-%C3%A9v%C3%A9nements\/ar-AA16y5CD\">R\u00e9forme des retraites : retrouvez le calendrier de la suite des \u00e9v\u00e9nements<\/a>&nbsp;(Lib\u00e9ration)<\/p>\n\n\n\n<p><a href=\"https:\/\/www.msn.com\/fr-fr\/actualite\/culture\/retraites-%C3%A0-lappel-de-la-jeunesse-des-dizaines-de-milliers-de-manifestants-d%C3%A9filent-%C3%A0-paris\/ar-AA16B2hQ\">Retraites : \u00ab&nbsp;\u00e0 l\u2019appel de la jeunesse&nbsp;\u00bb, des dizaines de milliers de manifestants d\u00e9filent \u00e0 Paris<\/a>&nbsp;(France 24)<\/p>\n\n\n\n<p><mark><strong>22 janvier<\/strong><\/mark><\/p>\n\n\n\n<p><a href=\"https:\/\/www.boursorama.com\/actualite-economique\/actualites\/france-macron-juge-que-le-gouvernement-a-deja-preuve-d-ouverture-sur-les-retraites-c2a6ea54b20f14c13ee2c7ee091e79c2\">Macron juge que le gouvernement a d\u00e9j\u00e0 preuve \u2018d\u2019ouverture\u2019 sur les retraites<\/a>&nbsp;(Reuters)<\/p>\n\n\n\n<p><a href=\"https:\/\/www.francetvinfo.fr\/economie\/retraite\/reforme-des-retraites\/reforme-des-retraites-la-cgt-evoque-la-possibilite-de-greve-pendant-les-vacances-de-fevrier_5617028.html\">Retraites : la CGT \u00e9voque une \u00ab&nbsp;possibilit\u00e9&nbsp;\u00bb de gr\u00e8ve pendant les vacances de f\u00e9vrier<\/a>&nbsp;(France Info)<\/p>\n\n\n\n<p><a href=\"https:\/\/www.francetvinfo.fr\/politique\/la-france-insoumise\/dimanche-en-politique-le-but-c-est-que-ca-deborde-que-la-riviere-sorte-de-son-lit-le-mardi-31-janvier-martele-francois-ruffin_5617031.html\">\u00ab&nbsp;Le but c\u2019est que \u00e7a d\u00e9borde, que la rivi\u00e8re sorte de son lit le mardi 31 janvier&nbsp;\u00bb, mart\u00e8le Fran\u00e7ois Ruffin<\/a>&nbsp;(France Info)<\/p>\n\n\n\n<p><a href=\"https:\/\/www.liberation.fr\/politique\/retraites-le-gouvernement-promet-que-son-projet-ne-fait-pas-de-perdants-20230122_D4CFAVOZF5HQRC7QJXCSTOC7HA\/\">Le gouvernement ripoline son projet, Macron encourage le Parlement \u00e0 l\u2019am\u00e9nager<\/a>&nbsp;(Lib\u00e9ration)<\/p>\n\n\n\n<p><a href=\"https:\/\/www.francetvinfo.fr\/economie\/retraite\/reforme-des-retraites\/reportage-manifestation-contre-la-reforme-des-retraites-on-sera-la-et-on-continuera-ce-combat-assurent-les-jeunes-dans-le-cortege-parisien_5615753.html\">\u00ab&nbsp;On sera l\u00e0 et on continuera ce combat&nbsp;\u00bb, assurent les jeunes dans le cort\u00e8ge parisien<\/a>&nbsp;(France Info)<\/p>\n\n\n\n<p><a href=\"https:\/\/www.boursorama.com\/actualite-economique\/actualites\/retraites-dussopt-defend-un-projet-de-reforme-qui-retablira-un-maximum-d-egalite-dc7b621f3c72486bb05c582bf111e8b3\">Dussopt d\u00e9fend un projet de r\u00e9forme qui r\u00e9tablira \u2018un maximum d\u2019\u00e9galit\u00e9\u2019<\/a>&nbsp;(AFP)<\/p>\n\n\n\n<p><a href=\"https:\/\/www.lemediatv.fr\/emissions\/2023\/lincroyable-propagande-de-bfm-co-sur-les-retraites-suDH1UwISiKHC1AX7E120w\">L\u2019incroyable propagande de BFM &amp; Co sur les retraites<\/a>&nbsp;(Le M\u00e9dia)<\/p>\n\n\n\n<p><a href=\"https:\/\/www.arretsurimages.net\/chroniques\/plateau-tele\/retraites-bfmtv-et-cnews-se-mobilisent-contre-la-greve\">Retraites : BFMTV et CNews se mobilisent (contre la gr\u00e8ve)<\/a>&nbsp;(Arr\u00eat sur images)<\/p>\n\n\n\n<p><mark><strong>21 janvier<\/strong><\/mark><\/p>\n\n\n\n<p><a href=\"https:\/\/vert.eco\/articles\/retraites-et-planete-meme-combat\"><strong>Retraites et plan\u00e8te, m\u00eame combat ?<\/strong><\/a>&nbsp; (vert.eco)<\/p>\n\n\n\n<figure class=\"wp-block-image\"><img loading=\"lazy\" decoding=\"async\" width=\"544\" height=\"363\" src=\"https:\/\/i0.wp.com\/www.rdpemancipation.org\/wp-content\/uploads\/2023\/01\/image-100.png?resize=388%2C259&amp;ssl=1\" alt=\"\" class=\"wp-image-108229\" srcset=\"https:\/\/i0.wp.com\/www.rdpemancipation.org\/wp-content\/uploads\/2023\/01\/image-100.png?w=544&amp;ssl=1 544w, https:\/\/i0.wp.com\/www.rdpemancipation.org\/wp-content\/uploads\/2023\/01\/image-100.png?resize=300%2C200&amp;ssl=1 300w\" sizes=\"auto, (max-width: 544px) 100vw, 544px\" \/><\/figure>\n\n\n\n<p><a href=\"https:\/\/www.mediapart.fr\/journal\/politique\/200123\/retraites-macron-manque-de-soutiens-mais-pas-d-aplomb\">Macron manque de soutiens mais pas d\u2019aplomb<\/a>&nbsp;(M\u00e9diapart)<\/p>\n\n\n\n<p><a href=\"https:\/\/rapportsdeforce.fr\/classes-en-lutte\/la-greve-reconductible-se-prepare-dans-lenergie-leducation-le-rail-et-les-raffineries-012115971\">La gr\u00e8ve reconductible se pr\u00e9pare dans l\u2019\u00e9nergie, l\u2019\u00e9ducation, le rail et les raffineries<\/a>&nbsp; (Rapports de Force)<\/p>\n\n\n\n<p><a href=\"https:\/\/www.liberation.fr\/politique\/reforme-des-retraites-des-dizaines-de-milliers-de-manifestants-a-paris-20230121_EVMCKE6UGVGZTNJHX7K2HOAGK4\/\">Retraites&nbsp;: plusieurs milliers de manifestants ce samedi \u00e0 Paris<\/a>&nbsp;(Lib\u00e9ration)<\/p>\n\n\n\n<p><a href=\"https:\/\/www.lemonde.fr\/politique\/article\/2023\/01\/21\/reforme-des-retraites-les-organisations-de-jeunesse-soutenues-par-la-france-insoumise-manifestent-a-paris_6158798_823448.html\">Les organisations de jeunesse soutenues par LFI manifestent \u00e0 Paris&nbsp;<\/a>&nbsp;(Le Monde)<\/p>\n\n\n\n<figure class=\"wp-block-image\"><img loading=\"lazy\" decoding=\"async\" width=\"664\" height=\"443\" src=\"https:\/\/i0.wp.com\/www.rdpemancipation.org\/wp-content\/uploads\/2023\/01\/image-101.png?resize=392%2C262&amp;ssl=1\" alt=\"\" class=\"wp-image-108230\" srcset=\"https:\/\/i0.wp.com\/www.rdpemancipation.org\/wp-content\/uploads\/2023\/01\/image-101.png?w=664&amp;ssl=1 664w, https:\/\/i0.wp.com\/www.rdpemancipation.org\/wp-content\/uploads\/2023\/01\/image-101.png?resize=300%2C200&amp;ssl=1 300w\" sizes=\"auto, (max-width: 664px) 100vw, 664px\" \/><\/figure>\n\n\n\n<p><a href=\"https:\/\/dijoncter.info\/nouvel-appel-a-greve-autour-du-23-janvier-et-a-manifestation-le-31-janvier-4271\">L\u2019intersyndicale appelle \u00e0 gr\u00e8ves et autres actions autour du 23&nbsp;janvier et \u00e0 une manifestation le 31&nbsp;janvier<\/a>&nbsp;(Mutu)<\/p>\n\n\n\n<p><a href=\"https:\/\/rapportsdeforce.fr\/classes-en-lutte\/pourquoi-ny-a-t-il-pas-de-grande-greve-la-semaine-prochaine-ag-012015961\">Pourquoi n\u2019y a-t-il pas de grande gr\u00e8ve la semaine prochaine ?&nbsp;<\/a>&nbsp; (Rapports de Force)<\/p>\n\n\n\n<p><a href=\"https:\/\/www.frustrationmagazine.fr\/gagner-bataille-retraites\/\">Retraites : pour gagner, en finir avec la routine manif-merguez-n\u00e9go<\/a>&nbsp;(Frustration)<\/p>\n\n\n\n<p><a href=\"https:\/\/redirection.b2b.infopro-digital.com\/lnk\/AWAAAAkxenIAAcXEpGwAAHnKuI0AAABZQUUAANzvAAwsSQBjyY0A9KNxAPK7QIy9GFIGNi4W7AAMCy8\/4\/wQhgn73nMVE4Qiq5_t9jPg\/aHR0cHM6Ly93d3cudXNpbmVub3V2ZWxsZS5jb20vYXJ0aWNsZS9kYW5zLWxhLW1hbmlmZXN0YXRpb24tcGFyaXNpZW5uZS1kZXMtY2FkcmVzLWV1eC1hdXNzaS1jb25jZXJuZXMtcGFyLWxhLXJlZm9ybWUtZGVzLXJldHJhaXRlcy5OMjA5MDYxMSN4dG9yPUVQUi0xNjkmZW1haWw9bi5jaGV2aWxsYXJkQG5vb3MuZnI#xtor=EPR-169&amp;email=n.chevillard@noos.fr\">Dans le cort\u00e8ge parisien, les cadres se sentent eux aussi concern\u00e9s par la r\u00e9forme des retraites<\/a>&nbsp;(Usine Nouvelle)<\/p>\n\n\n\n<p><a href=\"https:\/\/redirection.b2b.infopro-digital.com\/lnk\/AWAAAAkxenIAAcXEpGwAAHnKuI0AAABZQUUAANzvAAwsSQBjyY0A9KNxAPK7QIy9GFIGNi4W7AAMCy8\/7\/f5o1HWDLzZm__aVkK2USFA\/aHR0cHM6Ly93d3cudXNpbmVub3V2ZWxsZS5jb20vZWRpdG9yaWFsL2xlcy10cmF2YWlsbGV1cnMtZGUtbGEtdGVjaC1zZS1tb2JpbGlzZW50LWNvbnRyZS1sYS1yZWZvcm1lLWRlcy1yZXRyYWl0ZXMuTjIwOTA0MDEjeHRvcj1FUFItMTY5JmVtYWlsPW4uY2hldmlsbGFyZEBub29zLmZy#xtor=EPR-169&amp;email=n.chevillard@noos.fr\">Les travailleurs de la tech se mobilisent contre la r\u00e9forme des retraites<\/a>&nbsp;(Usine Nouvelle)<\/p>\n\n\n\n<p><a href=\"https:\/\/www.lemediatv.fr\/emissions\/2023\/19-janvier-une-journee-historique-en-france-fkd2YttPRGGZzEawCkLXVA\">19 janvier, une journ\u00e9e historique en France<\/a>&nbsp;(Le M\u00e9dia)<\/p>\n\n\n\n<p><a href=\"https:\/\/www.liberation.fr\/idees-et-debats\/editorial\/reforme-des-retraites-de-quel-cote-est-lirresponsabilite-20230120_MLFOBMYH6VGLHJ7DGB2AASXYXI\/\">R\u00e9forme des retraites&nbsp;: de quel c\u00f4t\u00e9 est l\u2019irresponsabilit\u00e9&nbsp;?<\/a>&nbsp;(Lib\u00e9ration)<\/p>\n\n\n\n<p><a href=\"https:\/\/www.liberation.fr\/economie\/social\/evacue-du-discours-de-macron-a-cause-dun-tee-shirt-anti-reforme-des-retraites-ca-me-fait-craindre-par-rapport-a-nos-libertes-dexpression-et-dopinion-20230120_MPK5Q42GOFEHPMNDZHJ5636FRU\/\">Evacu\u00e9 du discours de Macron \u00e0 cause d\u2019un tee-shirt anti-r\u00e9forme des retraites<\/a>&nbsp;(Lib\u00e9ration)<\/p>\n\n\n\n<p><strong><a href=\"https:\/\/alencontre.org\/europe\/france\/france-retraites-apres-une-premiere-victoire-inscrire-le-mouvement-dans-la-duree.html\">France. Retraites : apr\u00e8s une \u00abpremi\u00e8re victoire\u00bb, inscrire le mouvement dans la dur\u00e9e<\/a>&nbsp;<\/strong>(A l\u2019encontre)<\/p>\n\n\n\n<p><a href=\"https:\/\/www.frustrationmagazine.fr\/gagner-bataille-retraites\/\">Retraites : pour gagner, en finir avec la routine manif-merguez-n\u00e9go<\/a>&nbsp;(Frustration)<\/p>\n\n\n\n<p><strong><a href=\"https:\/\/www.revolutionpermanente.fr\/48h-puis-72h-de-greves-et-d-actions-la-CGT-Energie-rejoint-les-dates-des-raffineurs\">48h puis 72h de gr\u00e8ves et d\u2019actions&nbsp;: la CGT \u00c9nergie rejoint les dates des raffineurs&nbsp;<\/a><\/strong>(RP)<\/p>\n\n\n\n<p><strong><a href=\"https:\/\/www.revolutionpermanente.fr\/Education-nationale-SUD-Educ-et-la-CGT-Educ-appellent-a-la-greve-reconductible-a-partir-du-31\">\u00c9ducation nationale. SUD \u00c9duc et la CGT \u00c9duc appellent \u00e0 la gr\u00e8ve reconductible \u00e0 partir du 31 janvier<\/a>&nbsp;<\/strong>(RP)<\/p>\n\n\n\n<p><a href=\"https:\/\/linsoumission.fr\/2023\/01\/20\/retraite-macron-recadre-cor\/\">Retraites : Macron recadr\u00e9 par le pr\u00e9sident du Conseil d\u2019orientation des retraites (COR)<\/a>&nbsp;(L\u2019insoumission)<\/p>\n\n\n\n<p><mark><strong>20 janvier<\/strong><\/mark><\/p>\n\n\n\n<p><a href=\"https:\/\/www.mediapart.fr\/journal\/politique\/190123\/plus-d-un-million-de-personnes-dans-la-rue-mais-macron-ne-recule-pas\">Les syndicats \u00e0 un niveau historique de mobilisation<\/a>&nbsp;(M\u00e9diapart)<\/p>\n\n\n\n<p><a href=\"https:\/\/www.mediapart.fr\/journal\/france\/190123\/reforme-des-retraites-notre-recit-en-direct-de-la-journee-de-mobilisation\"><strong>R\u00e9forme des retraites&nbsp;: notre r\u00e9cit en direct de la journ\u00e9e de mobilisation<\/strong><\/a>&nbsp;(M\u00e9diapart, en clair)<\/p>\n\n\n\n<p><a href=\"https:\/\/www.lemonde.fr\/politique\/article\/2023\/01\/20\/reforme-des-retraites-15-000-personnes-a-avignon-6-000-a-dunkerque-la-presse-regionale-se-fait-l-echo-du-succes-de-la-mobilisation-dans-les-villes-moyennes_6158653_823448.html\">Retraites&nbsp;: la presse r\u00e9gionale se fait l\u2019\u00e9cho du&nbsp;succ\u00e8s de&nbsp;la&nbsp;mobilisation dans les villes moyennes<\/a>&nbsp;(Le Monde)<\/p>\n\n\n\n<p><a href=\"https:\/\/www.liberation.fr\/economie\/social\/les-retraites-ont-deja-largement-contribue-a-lequilibre-du-regime-20230120_XP4E6NBTYFEYBLHABNN7SWLRDM\/\">Henri Sterdyniak : Les retrait\u00e9s ont d\u00e9j\u00e0 largement contribu\u00e9 \u00e0 l\u2019\u00e9quilibre du r\u00e9gime<\/a>&nbsp;(Lib\u00e9ration)<\/p>\n\n\n\n<p><a href=\"https:\/\/www.liberation.fr\/economie\/social\/reforme-des-retraites-la-danse-du-ventre-de-la-macronie-face-au-succes-de-la-mobilisation-20230120_5B2MG47LJNDYVD3CCBNMBTYTBE\/\">Retraites&nbsp;: la danse du ventre de la macronie face au succ\u00e8s de la mobilisation<\/a>&nbsp;(Lib\u00e9ration)<\/p>\n\n\n\n<p><a href=\"https:\/\/lanticapitaliste.org\/actualite\/politique\/par-les-greves-et-les-manifestations-faisons-battre-macron-en-retraite\">Par les gr\u00e8ves et les manifestations, faisons battre Macron en retraite\u2009!<\/a>&nbsp;(L\u2019Anticapitaliste)<\/p>\n\n\n\n<figure class=\"wp-block-image\"><img loading=\"lazy\" decoding=\"async\" width=\"648\" height=\"502\" src=\"https:\/\/i0.wp.com\/www.rdpemancipation.org\/wp-content\/uploads\/2023\/01\/image-102.png?resize=386%2C299&amp;ssl=1\" alt=\"\" class=\"wp-image-108232\" srcset=\"https:\/\/i0.wp.com\/www.rdpemancipation.org\/wp-content\/uploads\/2023\/01\/image-102.png?w=648&amp;ssl=1 648w, https:\/\/i0.wp.com\/www.rdpemancipation.org\/wp-content\/uploads\/2023\/01\/image-102.png?resize=300%2C232&amp;ssl=1 300w\" sizes=\"auto, (max-width: 648px) 100vw, 648px\" \/><\/figure>\n\n\n\n<p><a href=\"https:\/\/lanticapitaliste.org\/videos\/olivier-besancenot-sur-lci-une-mobilisation-generale-efficace-massive-rassemblee\">Olivier Besancenot sur LCI : \u2018Une mobilisation g\u00e9n\u00e9rale, efficace, massive, rassembl\u00e9e\u2019<\/a>&nbsp;(L\u2019Anticapitaliste)<\/p>\n\n\n\n<p><a href=\"https:\/\/www.revolutionpermanente.fr\/400-000-manifestants-a-Paris-mobilisation-historique-contre-la-reforme-des-retraites\">400 000 manifestants \u00e0 Paris&nbsp;: mobilisation historique contre la r\u00e9forme des retraites<\/a>&nbsp;(RP)<\/p>\n\n\n\n<p><a href=\"http:\/\/alencontre.org\/europe\/france\/france-retraites-apres-une-premiere-victoire-inscrire-le-mouvement-dans-la-duree.html\">Retraites : apr\u00e8s une premi\u00e8re victoire, inscrire le mouvement dans la dur\u00e9e<\/a>&nbsp;(A l\u2019encontre)<\/p>\n\n\n\n<p><a href=\"https:\/\/rapportsdeforce.fr\/classes-en-lutte\/a-paris-la-plus-grosse-manifestation-de-lere-macron-011915938\">\u00c0 Paris, la plus grosse manifestation de l\u2019\u00e8re Macron<\/a>&nbsp;(Rapports de Force)<\/p>\n\n\n\n<p><a href=\"https:\/\/www.rue89strasbourg.com\/reforme-des-retraites-je-nai-jamais-vu-une-manifestation-sociale-aussi-grande-a-strasbourg-255222\">Retraites&nbsp;: \u00ab&nbsp;Je n\u2019ai jamais vu une manifestation sociale aussi grande \u00e0 Strasbourg&nbsp;\u00bb<\/a>&nbsp;(Rue89 Strasbourg)<\/p>\n\n\n\n<p><a href=\"https:\/\/www.rue89lyon.fr\/2023\/01\/19\/retraites-lyon\/\">Contre la r\u00e9forme des retraites \u00e0 Lyon : \u2018nos m\u00e9tiers limitent nos esp\u00e9rances de vie\u2019<\/a>&nbsp;(Rue89 Lyon)<\/p>\n\n\n\n<p><strong><a href=\"https:\/\/www.alternatives-economiques.fr\/Sept%20contre-verites%20qui%20polluent%20le%20d%C3%A9bat%20sur%20les%20retraites\">Sept contre-v\u00e9rit\u00e9s qui polluent le d\u00e9bat sur les retraites<\/a><\/strong>&nbsp;(Alter \u00e9co)<\/p>\n\n\n\n<p>Taxer la fortune des milliardaires fran\u00e7ais \u00e0 hauteur de seulement 2% suffirait \u00e0 compenser le d\u00e9ficit attendu des retraites. Lire le&nbsp;<a href=\"https:\/\/fajabce.r.bh.d.sendibt3.com\/tr\/cl\/Uij1exuTdJDjy9XbJwYvvi-ewoLgY24-8zo8PRrm0aPe6v-ueaKzNH2_k2z348hIZybloSAfUekKAVXag4f_fMGn1cCILpeZgQjoj_jD5RefokmQy9hrDCc4xekFEYLtXjGSxwT7jjERoFq4YLFxBq9YQaNCI1lU2evOLQZzhd4ifJlWOOJv4CPiUJbiOWdpI-LPFcySGGwN_OEclL5hZI_fNiV5PwJ4coem_jXWXbElz5OzizbFrGeKyy-7won96SBBqh4yf0JEmLuxNiEYOE79qyBbTN-chX_zm9WqoRuu\">rapport<\/a>&nbsp;de Oxfam.<\/p>\n\n\n\n<figure class=\"wp-block-image\"><img loading=\"lazy\" decoding=\"async\" width=\"653\" height=\"436\" src=\"https:\/\/i0.wp.com\/www.rdpemancipation.org\/wp-content\/uploads\/2023\/01\/image-103.png?resize=392%2C262&amp;ssl=1\" alt=\"\" class=\"wp-image-108235\" srcset=\"https:\/\/i0.wp.com\/www.rdpemancipation.org\/wp-content\/uploads\/2023\/01\/image-103.png?w=653&amp;ssl=1 653w, https:\/\/i0.wp.com\/www.rdpemancipation.org\/wp-content\/uploads\/2023\/01\/image-103.png?resize=300%2C200&amp;ssl=1 300w\" sizes=\"auto, (max-width: 653px) 100vw, 653px\" \/><\/figure>\n\n\n\n<p><a href=\"https:\/\/www.politis.fr\/articles\/2023\/01\/cest-que-le-debut-forte-mobilisation-contre-la-reforme-des-retraites-ce-19-janvier\/\">\u00ab&nbsp;C\u2019est que le d\u00e9but&nbsp;\u00bb&nbsp;:&nbsp;forte mobilisation contre la r\u00e9forme des retraites ce 19 janvier<\/a>&nbsp;(Politis)<\/p>\n\n\n\n<p><strong><a href=\"https:\/\/rapportsdeforce.fr\/classes-en-lutte\/a-paris-la-plus-grosse-manifestation-de-lere-macron-011915938\">\u00c0 Paris, la plus grosse manifestation de l\u2019\u00e8re Macron&nbsp;<\/a><\/strong>(Rapports de Force)<\/p>\n\n\n\n<p><a href=\"https:\/\/www.leparisien.fr\/video\/video-vous-voyez-des-pompiers-a-64-ans-en-haut-dune-grande-echelle-paroles-de-manifestants-dans-le-cortege-parisien-19-01-2023-ZTCNV56ILJFSBKQ5762DE64PAY.php\">VID\u00c9O. \u00ab&nbsp;Vous voyez des pompiers \u00e0 64 ans en haut d\u2019une grande \u00e9chelle&nbsp;?&nbsp;\u00bb&nbsp;: paroles de manifestants dans le cort\u00e8ge parisien<\/a>&nbsp;(Le Parisien)<\/p>\n\n\n\n<p><a href=\"https:\/\/lepoing.net\/retraites-premier-round-massif-dans-lherault\/\">Retraites : premier round massif dans l\u2019H\u00e9rault<\/a>&nbsp;(Le poing)<\/p>\n\n\n\n<p><strong><a href=\"https:\/\/www.marianne.net\/economie\/economie-francaise\/retraites-les-livraisons-a-larret-dans-les-raffineries-de-totalenergies-70-a-100-de-grevistes\">Retraites\u2009: les livraisons \u00e0 l\u2019arr\u00eat dans les raffineries de TotalEnergies, 70 \u00e0 100&nbsp;% de gr\u00e9vistes<\/a>&nbsp;<\/strong>(Marianne)<\/p>\n\n\n\n<p><a href=\"https:\/\/www.publicsenat.fr\/article\/societe\/mobilisation-du-19-janvier-transports-ecoles-raffineries-les-premiers-chiffres-de-la\">Transports, \u00e9coles, raffineries\u2026 les premiers chiffres de la gr\u00e8ve contre la r\u00e9forme des retraites<\/a>&nbsp;(Public S\u00e9nat)<\/p>\n\n\n\n<p><a href=\"https:\/\/www.revolutionpermanente.fr\/Les-cheminots-de-la-gare-du-Nord-veulent-construire-la-reconductible-des-fevrier\">Les cheminots de gare du Nord veulent un plan pour partir en \u00ab&nbsp;gr\u00e8ve reconductible d\u00e8s f\u00e9vrier&nbsp;\u00bb<\/a>&nbsp;(RP)<\/p>\n\n\n\n<p><a href=\"https:\/\/www.bondyblog.fr\/societe\/retraites-je-ne-peux-pas-manifester-car-jai-besoin-de-travailler\/\">Retraites : \u00ab Je ne peux pas manifester car j\u2019ai besoin de travailler \u00bb<\/a>&nbsp;(Bondy Blog)<\/p>\n\n\n\n<p><strong><a href=\"https:\/\/www.streetpress.com\/sujet\/1674155894-manifestation-reforme-retraites-jeunes-etudiants-macron-gouvernement-portrait-interview\">Non, les jeunes ne se foutent pas de leurs retraites<\/a>&nbsp;<\/strong>(Street Press)<\/p>\n\n\n\n<p><a href=\"https:\/\/la1ere.francetvinfo.fr\/saintpierremiquelon\/greve-du-19-janvier-un-mouvement-tres-suivi-a-saint-pierre-et-miquelon-1358738.html\">Gr\u00e8ve du 19 janvier : Un mouvement tr\u00e8s suivi \u00e0 Saint-Pierre et Miquelon<\/a>&nbsp;(France Info)<\/p>\n\n\n\n<p><strong><a href=\"https:\/\/elucid.media\/elucid_custom_posts\/reforme-des-retraites-un-scandale-democratique\/\/\">R\u00e9forme des retraites : un scandale d\u00e9mocratique<\/a>&nbsp;<\/strong>(Elucid)<\/p>\n\n\n\n<p><a href=\"https:\/\/theconversation.com\/penibilite-usure-professionnelle-burn-out-quelles-avancees-dans-le-projet-de-reforme-des-retraites-197972\">P\u00e9nibilit\u00e9, usure professionnelle,&nbsp;burn-out&nbsp;: quelles avanc\u00e9es dans le projet de r\u00e9forme des&nbsp;retraites&nbsp;?<\/a>&nbsp;(The Conversation)<\/p>\n\n\n\n<p><strong><a href=\"https:\/\/lahorde.samizdat.net\/L-extreme-droite-et-la-reforme-des-retraites\">L\u2019extr\u00eame droite et la r\u00e9forme des retraites&nbsp;<\/a><\/strong>(La Horde)<\/p>\n\n\n\n<p><a href=\"https:\/\/radioparleur.net\/2023\/01\/18\/reforme-des-retraites-tutoriel\/\">Tuto : quels arguments face \u00e0 cette r\u00e9forme des retraites ?<\/a>&nbsp;(Radio Parleur)<\/p>\n\n\n\n<p><mark><strong>19 janvier<\/strong><\/mark><\/p>\n\n\n\n<p><strong><a href=\"https:\/\/www.francetvinfo.fr\/economie\/retraite\/reforme-des-retraites\/reforme-des-retraites-plus-de-1-1-million-de-personnes-ont-manifeste-en-france-selon-le-ministere-de-l-interieur-plus-de-2-millions-selon-la-cgt_5612201.html\">Plus de 1,1 million de personnes ont manifest\u00e9 selon le minist\u00e8re de l\u2019Int\u00e9rieur, plus de 2 millions selon la CGT<\/a>&nbsp;<\/strong>(France Info)<\/p>\n\n\n\n<p><a href=\"https:\/\/www.mediapart.fr\/journal\/france\/190123\/reforme-des-retraites-notre-recit-en-direct-de-la-journee-de-mobilisation\">En direct&nbsp;: dans le cort\u00e8ge parisien, \u00ab&nbsp;c\u2019est plus gros que ce qu\u2019on imaginait&nbsp;\u00bb<\/a>&nbsp;(M\u00e9diapart)<\/p>\n\n\n\n<p><a href=\"https:\/\/www.boursorama.com\/actualite-economique\/actualites\/retraites-des-centaines-de-milliers-de-manifestants-contre-la-reforme-38021cf6dd9f8daeeb1bfd1226e9e713\">Des centaines de milliers de manifestants contre la r\u00e9forme<\/a>&nbsp;(AFP)<\/p>\n\n\n\n<p><a href=\"https:\/\/www.boursorama.com\/videos\/actualites\/c-est-la-premiere-fois-que-j-ai-voyais-autant-de-monde-sur-place-de-la-republique-66646fb97b81e50c4ccaa9cb1e4a5efe\">\u00ab&nbsp;C\u2019est la premi\u00e8re fois que j\u2019ai voyais autant de monde sur place de la R\u00e9publique&nbsp;\u00bb<\/a>&nbsp;(France 24)<\/p>\n\n\n\n<p><a href=\"https:\/\/www.boursorama.com\/videos\/actualites\/retraites-les-cheminots-a-98-de-grevistes-14624b8929df92f6fc0e239bd3fc271b\">Retraites : les cheminots \u00ab&nbsp;\u00e0 98% de gr\u00e9vistes&nbsp;\u00bb<\/a>&nbsp;(AFP vid\u00e9o)<\/p>\n\n\n\n<p><a href=\"https:\/\/www.boursorama.com\/actualite-economique\/actualites\/chronologie-des-reformes-des-retraites-en-france-depuis-1993-3892a4679afa24be3e064017ad2ec589\">CHRONOLOGIE des r\u00e9formes des retraites en France depuis 1993<\/a>&nbsp;(Reuters) &nbsp;&nbsp;<\/p>\n\n\n\n<p><a href=\"https:\/\/lahorde.samizdat.net\/L-extreme-droite-et-la-reforme-des-retraites\">L\u2019extr\u00eame droite et la r\u00e9forme des retraites&nbsp;<\/a>&nbsp;(La Horde)<\/p>\n\n\n\n<p><a href=\"http:\/\/www.regards.fr\/la-midinale\/article\/la-reforme-des-retraites-revele-une-rupture-generationnelle-nous-les-jeunes-on\">\u2018La r\u00e9forme des retraites r\u00e9v\u00e8le une rupture g\u00e9n\u00e9rationnelle. Nous, les jeunes, on sera dans la rue\u2019&nbsp;<\/a>&nbsp;(Regards)<\/p>\n\n\n\n<p><a href=\"https:\/\/rapportsdeforce.fr\/classes-en-lutte\/apres-le-19-janvier-quelle-strategie-pour-gagner-le-retrait-de-la-reforme-des-retraites-011815887\">Apr\u00e8s le 19 janvier, quelle strat\u00e9gie pour gagner le retrait de la r\u00e9forme des retraites ?&nbsp;<\/a>&nbsp;(Rapports de Force)<\/p>\n\n\n\n<p><a href=\"https:\/\/blogs.mediapart.fr\/edition\/lhebdo-du-club\/article\/180123\/hebdo-136-epuisees-rejetees-malades-comment-tenir-jusqua-la-retraite#at_medium=custom7&amp;at_campaign=1047\">\u00c9puis\u00e9es, rejet\u00e9es, malades\u2026 Comment tenir jusqu\u2019\u00e0 la retraite ?&nbsp;<\/a>&nbsp;(Le Club de Mediapart)<\/p>\n\n\n\n<p><a href=\"https:\/\/www.lemediatv.fr\/emissions\/2023\/reforme-des-retraites-la-macronie-contre-les-femmes-ilceQV2VSz-nkUbiSF6M5w\">R\u00e9forme des retraites : la macronie contre les femmes<\/a>&nbsp;(Le M\u00e9dia)<\/p>\n\n\n\n<figure class=\"wp-block-image\"><img loading=\"lazy\" decoding=\"async\" width=\"527\" height=\"296\" src=\"https:\/\/i0.wp.com\/www.rdpemancipation.org\/wp-content\/uploads\/2023\/01\/image-104.png?resize=388%2C218&amp;ssl=1\" alt=\"\" class=\"wp-image-108238\" srcset=\"https:\/\/i0.wp.com\/www.rdpemancipation.org\/wp-content\/uploads\/2023\/01\/image-104.png?w=527&amp;ssl=1 527w, https:\/\/i0.wp.com\/www.rdpemancipation.org\/wp-content\/uploads\/2023\/01\/image-104.png?resize=300%2C169&amp;ssl=1 300w\" sizes=\"auto, (max-width: 527px) 100vw, 527px\" \/><\/figure>\n\n\n\n<p><a href=\"https:\/\/bellaciao.org\/La-retraite-pour-les-morts-C-est-l-Heure-de-l-Mettre\">La retraite pour les morts \u2013&nbsp; C\u2019est l\u2019heure de l\u2019mettre !<\/a>&nbsp;(Bellaciao)<\/p>\n\n\n\n<p><a href=\"https:\/\/www.france24.com\/fr\/france\/20230119-gr%C3%A8ve-contre-la-r%C3%A9forme-des-retraites-quel-va-%C3%AAtre-l-impact-sur-le-secteur-de-l-%C3%A9nergie\">Gr\u00e8ve contre la r\u00e9forme des retraites : quel va \u00eatre l\u2019impact sur le secteur de l\u2019\u00e9nergie ?<\/a>&nbsp;(France 24)<\/p>\n\n\n\n<p><strong><a href=\"https:\/\/www.politis.fr\/articles\/2023\/01\/lappel-de-politis-disons-non-a-la-reforme-des-retraites-que-veut-emmanuel-macron\/\">L\u2019appel de Politis&nbsp;:&nbsp;\u00ab&nbsp;Pourquoi nous combattons cette r\u00e9forme&nbsp;\u00bb&nbsp;<\/a><\/strong>(Politis)<\/p>\n\n\n\n<p><a href=\"http:\/\/www.sudptt.org\/Retraites-Mobilisation-Generale\">Retraites \u2013 Mobilisation G\u00e9n\u00e9rale&nbsp;!&nbsp;<\/a>(Sud)<\/p>\n\n\n\n<p><a href=\"https:\/\/rapportsdeforce.fr\/classes-en-lutte\/apres-le-19-janvier-quelle-strategie-pour-gagner-le-retrait-de-la-reforme-des-retraites-011815887\">Apr\u00e8s le 19 janvier, quelle strat\u00e9gie pour gagner le retrait de la r\u00e9forme des retraites ?<\/a>&nbsp;(Rapports de Force)<\/p>\n\n\n\n<p><a href=\"https:\/\/rapportsdeforce.fr\/classes-en-lutte\/travailleuses-de-deuxieme-ligne-difficile-de-lutter-contre-une-reforme-des-retraites-injuste-011815849\">Travailleuses de 2e ligne : difficile de lutter contre une r\u00e9forme des retraites \u00ab injuste \u00bb<\/a>&nbsp;(Rapports de Force)<\/p>\n\n\n\n<p><a href=\"https:\/\/blogs.mediapart.fr\/edition\/lhebdo-du-club\/article\/180123\/hebdo-136-epuisees-rejetees-malades-comment-tenir-jusqua-la-retraite#at_medium=custom7&amp;at_campaign=1047\">\u00c9puis\u00e9es, rejet\u00e9es, malades\u2026 Comment tenir jusqu\u2019\u00e0 la retraite ? \u2013 Sabrina Kassa<\/a>&nbsp;(Club de MDP)<\/p>\n\n\n\n<p><a href=\"https:\/\/theconversation.com\/retraites-comment-la-reforme-incarne-le-bras-de-fer-entre-le-pouvoir-et-la-rue-198083\">Retraites&nbsp;: comment la r\u00e9forme incarne le&nbsp;bras de&nbsp;fer entre le&nbsp;pouvoir et&nbsp;la&nbsp;rue&nbsp;<\/a>(The conversation)<\/p>\n\n\n\n<p><strong><a href=\"https:\/\/www.francetvinfo.fr\/replay-radio\/c-est-mon-boulot\/greve-contre-la-reforme-des-retraites-preavis-droit-de-greve-les-reponses-aux-questions-qui-peuvent-se-poser-en-entreprise_5580894.html\">Pr\u00e9avis, droit de gr\u00e8ve\u2026 Les r\u00e9ponses aux questions qui peuvent se poser en entreprise<\/a>&nbsp;<\/strong>(France Info)<\/p>\n\n\n\n<p><strong><a href=\"https:\/\/www.revolutionpermanente.fr\/Denoncer-les-tentatives-de-blocage-Macron-prepare-le-terrain-a-une-offensive-contre-le-droit-de\">\u00ab&nbsp;D\u00e9noncer les tentatives de blocage&nbsp;\u00bb&nbsp;: Macron pr\u00e9pare le terrain \u00e0 une offensive contre le droit de gr\u00e8ve<\/a>&nbsp;<\/strong>(RP)<\/p>\n\n\n\n<p><a href=\"https:\/\/www.revolutionpermanente.fr\/19-janvier-Darmanin-ressort-la-rhetorique-anti-casseur-et-se-prepare-a-matraquer\">19 janvier&nbsp;: Darmanin ressort la rh\u00e9torique \u00ab&nbsp;anti-casseurs&nbsp;\u00bb et se pr\u00e9pare \u00e0 matraquer&nbsp;<\/a>(RP)<\/p>\n\n\n\n<p><strong><a href=\"https:\/\/www.revolutionpermanente.fr\/19-janvier-Pres-de-200-manifestations-recensees-contre-la-reforme-des-retraites\">19 janvier. Pr\u00e8s de 200 manifestations recens\u00e9es contre la r\u00e9forme des retraites<\/a>&nbsp;(<\/strong>RP)<\/p>\n\n\n\n<p><mark><strong>18 janvier<\/strong><\/mark><\/p>\n\n\n\n<p><a href=\"https:\/\/rebellyon.info\/Blocage-des-lycees-contre-la-reforme-des-24433\">Blocage des lyc\u00e9es contre la r\u00e9forme des retraites &amp;&nbsp;LOMPI, jeudi 19&nbsp;janvier<\/a>&nbsp;(Rebellyon)<\/p>\n\n\n\n<p><a href=\"https:\/\/www.revolutionpermanente.fr\/Greve-reconductible-les-raffineurs-proposent-un-plan-de-bataille-l-intersyndicale-doit-suivre\">Gr\u00e8ve reconductible&nbsp;: les raffineurs proposent un plan de bataille, l\u2019intersyndicale doit suivre&nbsp;!&nbsp;<\/a>(RP)<\/p>\n\n\n\n<p><a href=\"https:\/\/www.revolutionpermanente.fr\/Toulouse-Au-Mirail-200-etudiants-et-personnels-reunis-en-AG-contre-la-reforme-des-retraites\">Toulouse. Au Mirail, 200 \u00e9tudiants et personnels r\u00e9unis en AG contre la r\u00e9forme des retraites<\/a>&nbsp;(RP)<\/p>\n\n\n\n<p><a href=\"https:\/\/www.force-ouvriere.fr\/des-salaries-de-solocal-ex-pages-jaunes-mobilises\">Des salari\u00e9s de Solocal (ex-Pages Jaunes) mobilis\u00e9s<\/a>&nbsp;(FO)<\/p>\n\n\n\n<p><a href=\"https:\/\/rapportsdeforce.fr\/classes-en-lutte\/19-janvier-la-greve-sera-historique-dans-les-ecoles-011715853\">19 janvier : la gr\u00e8ve sera historique dans les \u00e9coles&nbsp;<\/a>(Rapports de Force)<\/p>\n\n\n\n<p><strong><a href=\"https:\/\/info.alternatives-economiques.fr\/optiext\/optiextension.dll?ID=ZrqZt6iLnX1aMqOAmhlnwK2Gx410YwTGzKf_w0xfAxxp6Iyd7wyRFNCzq90dHpPVqP%2BPo6UWAOTwhOlbWQMqGmxsVZlt_\">Retraites : la violence d\u2019une r\u00e9forme<\/a><\/strong>&nbsp;-Christian Chavagneux (Alter \u00e9co)<\/p>\n\n\n\n<p><a href=\"https:\/\/www.liberation.fr\/politique\/retraites-ce-que-contient-le-texte-examine-par-le-conseil-detat-20230118_CKPOJ7UL4JDHLCGYGHO32GNHCI\/\">Retraites&nbsp;: ce que contient le texte examin\u00e9 par le Conseil d\u2019Etat<\/a>&nbsp;(Lib\u00e9ration)<\/p>\n\n\n\n<p><a href=\"https:\/\/rapportsdeforce.fr\/classes-en-lutte\/travailleuses-de-deuxieme-ligne-difficile-de-lutter-contre-une-reforme-des-retraites-injuste-011815849\">Travailleuses de deuxi\u00e8me ligne : difficile de lutter contre une r\u00e9forme des retraites \u2018injuste\u2019<\/a>&nbsp;(Rapports de Force)<\/p>\n\n\n\n<p><a href=\"https:\/\/www.alternatives-economiques.fr\/gouvernement-protege-t-carrieres-longues\/00105805\">Le gouvernement prot\u00e8ge-t-il les \u00ab&nbsp;carri\u00e8res longues&nbsp;\u00bb&nbsp;?&nbsp;<\/a>(Alter Eco)<\/p>\n\n\n\n<p><a href=\"https:\/\/www.youtube.com\/watch?v=wYJNFESAkV8&amp;ab_channel=Mediapart\">\u00c7a suffit ! Les col\u00e8res sociales de 2023<\/a>&nbsp;(Mediapart)<\/p>\n\n\n\n<p><strong><a href=\"https:\/\/www.youtube.com\/watch?v=S4nRrLO-1Jw&amp;ab_channel=BLAST%2CLesouffledel%27info\">Retraites : d\u00e9cryptage d\u2019une r\u00e9forme injuste&nbsp;<\/a><\/strong>(Blast)<\/p>\n\n\n\n<p><a href=\"https:\/\/mobile.agoravox.fr\/tribune-libre\/article\/la-retraite-redeviendra-t-elle-l-246096\">La retraite redeviendra-t-elle l\u2019antichambre de la mort&nbsp;?<\/a>&nbsp;(Agora Vox)<\/p>\n\n\n\n<p>Podcast&nbsp;<a href=\"https:\/\/www.reseau-salariat.info\/podcasts\/2023-01-17\/\">Conf\u00e9rence sur les Retraites de Nicolas Castel<\/a>&nbsp;(r\u00e9seau salariat)<\/p>\n\n\n\n<p><a href=\"https:\/\/www.capital.fr\/economie-politique\/on-ne-veut-pas-la-retraite-pour-les-morts-selon-jeff-vapillon-representant-fo-de-la-raffinerie-de-feyzin-rhone-1457569\">\u201cOn ne veut pas la retraite pour les morts\u201d, selon Jeff Vapillon<\/a>&nbsp;Capital)<\/p>\n\n\n\n<p><a href=\"https:\/\/www.contretemps.eu\/contre-reforme-macron-retraites-mobilisation-syndicats\/\">Contre-r\u00e9forme des retraites&nbsp;: face \u00e0 un projet massivement rejet\u00e9, c\u2019est l\u2019heure de mobiliser<\/a>&nbsp;(Contretemps)<\/p>\n\n\n\n<p><strong><a href=\"https:\/\/blog.mondediplo.net\/le-moment\">Le moment \u2013 Fr\u00e9d\u00e9ric LORDON<\/a>&nbsp;<\/strong>(Le Monde Diplomatique)<\/p>\n\n\n\n<p><a href=\"https:\/\/www.publicsenat.fr\/article\/politique\/retraite-quelles-sont-les-autres-reformes-possibles-232956\">Retraite&nbsp;: quelles sont les autres r\u00e9formes possibles&nbsp;?<\/a>&nbsp;(Public S\u00e9nat)<\/p>\n\n\n\n<p><strong><a href=\"https:\/\/www.humanite.fr\/retraites\">R\u00e9forme des retraites : tout comprendre pour mieux se d\u00e9fendre !<\/a>&nbsp;<\/strong>(l\u2019Humanit\u00e9)<\/p>\n\n\n\n<p><strong><a href=\"http:\/\/www.regards.fr\/la-midinale\/article\/n-insultons-pas-l-avenir-ensemble-nous-avons-les-moyens-de-bloquer-la-reforme\">\u00ab&nbsp;N\u2019insultons pas l\u2019avenir&nbsp;: ensemble, nous avons les moyens de bloquer la r\u00e9forme des retraites&nbsp;!&nbsp;\u00bb<\/a>&nbsp;<\/strong>(Regards)<\/p>\n\n\n\n<p><a href=\"https:\/\/theconversation.com\/reforme-des-retraites-par-quels-moyens-legislatifs-le-gouvernement-peut-il-la-faire-adopter-197929\">Par quels moyens l\u00e9gislatifs le gouvernement&nbsp;peut-il&nbsp;la faire adopter&nbsp;?<\/a>&nbsp;(The Conversation)<\/p>\n\n\n\n<p><a href=\"https:\/\/www.mediapart.fr\/journal\/economie-et-social\/170123\/retraites-chez-edf-ou-engie-les-syndicats-resolus-sauver-leur-regime-special\">Chez EDF ou Engie, les syndicats r\u00e9solus \u00e0 sauver leur r\u00e9gime sp\u00e9cial<\/a>&nbsp;-Martine Orange (M\u00e9diapart)<\/p>\n\n\n\n<p><mark><strong>17 janvier<\/strong><\/mark><\/p>\n\n\n\n<p><a href=\"http:\/\/www.regards.fr\/la-midinale\/article\/n-insultons-pas-l-avenir-ensemble-nous-avons-les-moyens-de-bloquer-la-reforme\">\u2018N\u2019insultons pas l\u2019avenir : ensemble, nous avons les moyens de bloquer la r\u00e9forme des retraites !\u2019&nbsp;<\/a>&nbsp;-Pablo Pillaud-Vivien (Regards)<\/p>\n\n\n\n<p><a href=\"https:\/\/reporterre.net\/Retraites-pourquoi-les-ecologistes-seront-dans-la-rue\">Retraites&nbsp;: pourquoi les \u00e9cologistes seront dans la rue<\/a>&nbsp;(Reporterre)<\/p>\n\n\n\n<p><a href=\"https:\/\/www.alternatives-economiques.fr\/combien-de-femmes-seront-lesees-reforme-retraites\/00105799\">Combien de femmes seront-elles l\u00e9s\u00e9es par la r\u00e9forme des retraites&nbsp;?&nbsp;<\/a>&nbsp;(Alter Eco)<\/p>\n\n\n\n<p><a href=\"https:\/\/www.francetvinfo.fr\/vrai-ou-fake\/desintox-non-le-deficit-des-retraites-ne-sera-pas-multiplie-par-24-d-ici-2050_5607620.html\"><strong>D\u00e9sintox. Non, le d\u00e9ficit des retraites ne sera pas multipli\u00e9 par 24 d\u2019ici 2050<\/strong>.<\/a>&nbsp;(France Info)<\/p>\n\n\n\n<p><a href=\"https:\/\/www.boursorama.com\/actualite-economique\/actualites\/retraites-fin-des-50-jours-de-debats-au-parlement-prevue-le-26-mars-9fd029344dd473e94b793650317d505f\">Retraites : fin des 50 jours de d\u00e9bats au Parlement pr\u00e9vue le 26 mars<\/a>&nbsp;(AFP)<\/p>\n\n\n\n<p><strong><a href=\"http:\/\/clic.bastamag.net\/f\/a\/wCo1rzaIqtcH9hjD38AHtA~~\/AACZIAA~\/RgRlqV-8P0RzaHR0cHM6Ly9iYXN0YS5tZWRpYS9MYS1yZXRyYWl0ZS1taW5pbXVtLWEtMTIwMC1ldXJvcy1wcm9ncmVzLXNvY2lhbC1vdS1hbm5vbmNlLXRyb21wZXVzZS1sLWV4ZW1wbGUtZGVzLWFncmljdWx0ZXVyc1cDc3BjQgpjtbzaxmPqbxsEUhRuLmNoZXZpbGxhcmRAbm9vcy5mclgEAAAAAA~~\">La retraite minimum \u00e0 1200 \u20ac, \u2018progr\u00e8s social\u2019&nbsp;ou&nbsp;\u2018annonce trompeuse\u2019&nbsp;: l\u2019exemple des agriculteurs<\/a>&nbsp;<\/strong>(Basta!)<\/p>\n\n\n\n<p><a href=\"https:\/\/www.francetvinfo.fr\/economie\/retraite\/reforme-des-retraites\/menace-de-coupures-de-courant-contre-les-elus-qui-soutiennent-la-reforme-des-retraites-inacceptable-pour-les-uns-un-signal-de-colere-pour-les-autres_5607953.html\">Menace de coupures de courant contre les \u00e9lus qui soutiennent la r\u00e9forme des retraites&nbsp;<\/a>&nbsp;(France Info)<\/p>\n\n\n\n<p><a href=\"https:\/\/www.francetvinfo.fr\/economie\/retraite\/reforme-des-retraites\/reformes-des-retraites-que-risquent-les-syndicalistes-de-la-cgt-qui-veulent-couper-l-electricite-a-des-elus_5607593.html\">Que risquent les syndicalistes de la CGT qui veulent couper l\u2019\u00e9lectricit\u00e9 \u00e0 des \u00e9lus ?<\/a>&nbsp;(France Info)<\/p>\n\n\n\n<p><a href=\"https:\/\/www.francetvinfo.fr\/economie\/emploi\/carriere\/vie-professionnelle\/retraite\/retraites-l-ancienne-ministre-de-la-transition-ecologique-barbara-pompili-s-oppose-a-ce-stade-a-la-reforme_5606408.html\">Retraites : la d\u00e9put\u00e9e Barbara Pompili ne pourrait pas voter le texte \u2018\u00e0 ce stade\u2019<\/a>&nbsp;(France Info)<\/p>\n\n\n\n<p><a href=\"https:\/\/www.lemonde.fr\/politique\/article\/2023\/01\/17\/dans-la-bataille-des-retraites-emmanuel-macron-se-retrouve-comme-un-chef-de-guerre-desarme_6158194_823448.html\">Dans la bataille des retraites, E. Macron se retrouve comme un \u201cchef de guerre\u201d d\u00e9sarm\u00e9<\/a>&nbsp;(Le Monde)<\/p>\n\n\n\n<p><a href=\"https:\/\/rapportsdeforce.fr\/classes-en-lutte\/19-janvier-ou-manifester-contre-la-reforme-des-retraites-011415794\">19&nbsp;janvier&nbsp;: o\u00f9 manifester contre la r\u00e9forme des retraites&nbsp;<\/a>&nbsp;(Rapports de Force)<\/p>\n\n\n\n<p><mark><strong>16 janvier<\/strong><\/mark><\/p>\n\n\n\n<p><strong><a href=\"https:\/\/rapportsdeforce.fr\/classes-en-lutte\/19-janvier-ou-manifester-contre-la-reforme-des-retraites-011415794\">19&nbsp;janvier&nbsp;: o\u00f9 manifester contre la r\u00e9forme des retraites<\/a>&nbsp;<\/strong>(Rapports de force)<\/p>\n\n\n\n<p><a href=\"https:\/\/paris-luttes.info\/greve-du-19-manifestations-rendez-16563\">Gr\u00e8ve du 19&nbsp;: manifestations, rendez-vous,&nbsp;AG&nbsp;et organisation du mouvemen<\/a>t (Paris-Luttes info)<\/p>\n\n\n\n<p><a href=\"https:\/\/rebellyon.info\/Manifestation-intersyndicale-contre-la-24427\">Manifestation intersyndicale contre la r\u00e9forme des retraites le 19&nbsp;janvier \u00e0 11h<\/a>&nbsp;(Rebellyon)<\/p>\n\n\n\n<p><a href=\"https:\/\/www.euractiv.fr\/section\/institutions\/news\/retraites-le-gouvernement-craint-un-blocage-dans-la-rue-et-au-parlement\/\">Retraites&nbsp;: le gouvernement craint un \u00ab&nbsp;blocage&nbsp;\u00bb dans la rue et au Parlement&nbsp;<\/a>(Euractiv)<\/p>\n\n\n\n<p><a href=\"https:\/\/www.francetvinfo.fr\/economie\/retraite\/reforme-des-retraites\/reforme-des-retraites-de-nombreux-secteurs-en-greve-le-jeudi-19-janvier_5604626.html\">R\u00e9forme des retraites : de nombreux secteurs en gr\u00e8ve le jeudi 19 janvier<\/a>&nbsp;(France Info)<\/p>\n\n\n\n<p><strong><a href=\"https:\/\/www.liberation.fr\/economie\/cecile-duflot-les-inegalites-sont-devenues-une-maladie-grave-en-france-20230116_M5B6A3TF25DBVDKQZUENABGCDI\/\">C\u00e9cile Duflot&nbsp;: \u00abLes in\u00e9galit\u00e9s sont devenues une maladie grave en France\u00bb<\/a>&nbsp;(Lib\u00e9ration)<\/strong><\/p>\n\n\n\n<p><a href=\"https:\/\/www.force-ouvriere.fr\/pour-fo-fonction-publique-le-refus-d-une-regression-sociale-et\">Pour FO-Fonction publique, le refus d\u2019une r\u00e9gression sociale et la crainte d\u2019une attaque statutaire<\/a>&nbsp;(FO)<\/p>\n\n\n\n<p><a href=\"https:\/\/bellaciao.org\/Lecon-de-volonte-C-est-l-heure-de-l-mettre\">Le\u00e7on de volont\u00e9 \u2013 C\u2019est l\u2019heure de l\u2019mettre !<\/a>&nbsp;(Bellaciao)<\/p>\n\n\n\n<p><mark><strong>14 janvier<\/strong><\/mark><\/p>\n\n\n\n<p><a href=\"https:\/\/www.rdpemancipation.org\/?cat=8\">Appels \u00e0 la gr\u00e8ve et aux manifestations&nbsp;: voir la rubrique sociale de ce jour<\/a><strong>&nbsp;&nbsp;(<\/strong>Emancipation)<\/p>\n\n\n\n<p><a href=\"https:\/\/www.arretsurimages.net\/emissions\/arret-sur-images\/retraites-largument-est-toujours-de-dire-quil-ny-a-pas-dalternative?utm_source=gazette%2B-%2Bnon%2Babonn%C3%A9s&amp;utm_campaign=d79e41d9d5-gazette_20230113&amp;utm_medium=email&amp;utm_term=0_d0a4fd27ca-d79e41d9d5-%5BLIST_EMAIL_ID%5D\">Retraites : \u00ab&nbsp;L\u2019argument est toujours de dire qu\u2019il n\u2019y a pas d\u2019alternative&nbsp;\u00bb&nbsp;<\/a>&nbsp;(Arr\u00eat sur Images)<\/p>\n\n\n\n<p><a href=\"https:\/\/www.mediapart.fr\/journal\/economie-et-social\/130123\/reforme-des-retraites-ce-bien-triste-avenir-economique-que-nous-promet-le-gouvernement\">Retraites : ce bien triste avenir \u00e9conomique que nous promet le gouvernement<\/a>&nbsp;(M\u00e9diapart)<\/p>\n\n\n\n<figure class=\"wp-block-image\"><img loading=\"lazy\" decoding=\"async\" width=\"738\" height=\"1024\" src=\"https:\/\/i0.wp.com\/www.rdpemancipation.org\/wp-content\/uploads\/2023\/01\/image-105.png?resize=485%2C673&amp;ssl=1\" alt=\"\" class=\"wp-image-108243\" srcset=\"https:\/\/i0.wp.com\/www.rdpemancipation.org\/wp-content\/uploads\/2023\/01\/image-105.png?w=738&amp;ssl=1 738w, https:\/\/i0.wp.com\/www.rdpemancipation.org\/wp-content\/uploads\/2023\/01\/image-105.png?resize=216%2C300&amp;ssl=1 216w\" sizes=\"auto, (max-width: 738px) 100vw, 738px\" \/><\/figure>\n\n\n\n<p><a href=\"https:\/\/www.monde-diplomatique.fr\/2007\/12\/REMOND\/15438\">Ultime \u00ab r\u00e9forme \u00bb des retraites\u2026 avant la prochaine<\/a>&nbsp;(Le Monde diplomatique, 2007)<\/p>\n\n\n\n<p><a href=\"https:\/\/www.larep.fr\/pithiviers-45300\/actualites\/a-l-hopital-de-pithiviers-la-cgt-prepare-une-greve-illimitee-a-compter-du-19-janvier_14245617\/\">\u00c0 l\u2019h\u00f4pital de Pithiviers, la CGT pr\u00e9pare une gr\u00e8ve illimit\u00e9e \u00e0 compter du 19 janvier<\/a>&nbsp;(La R\u00e9publique du Centre)<\/p>\n\n\n\n<p><a href=\"https:\/\/www.marianne.net\/economie\/protection-sociale\/retraites-la-petition-des-syndicats-contre-la-reforme-depasse-la-barre-des-200-000-signatures\">Retraites : la p\u00e9tition des syndicats contre la r\u00e9forme&nbsp;d\u00e9passe la barre des 200 000 signatures<\/a>&nbsp;(Marianne)<\/p>\n\n\n\n<p><a href=\"https:\/\/www.revolutionpermanente.fr\/Greve-des-raffineurs-le-gouvernement-n-a-pas-peur-des-journees-de-manifestations-isolees\">Gr\u00e8ve des raffineurs&nbsp;: \u00ab&nbsp;le gouvernement n\u2019a pas peur des journ\u00e9es de manifestations isol\u00e9es&nbsp;\u00bb<\/a>&nbsp;(RP)<\/p>\n\n\n\n<p><a href=\"https:\/\/france3-regions.francetvinfo.fr\/occitanie\/haute-garonne\/toulouse\/greve-contre-la-reforme-des-retraites-pour-la-cgt-petrole-les-blocages-pourraient-etre-pires-qu-en-2022-2693178.html\">Retraites : pour la CGT P\u00e9trole, \u00ab&nbsp;les blocages pourraient \u00eatre pires qu\u2019en 2022&nbsp;\u00bb<\/a>&nbsp;(France Info)<\/p>\n\n\n\n<p><strong><a href=\"https:\/\/www.revolutionpermanente.fr\/Retraites-Il-faut-que-l-on-bloque-l-aeroport-a-Roissy-les-syndicats-veulent-un-mouvement-dur\">Retraites. \u00ab&nbsp;Il faut que l\u2019on bloque l\u2019a\u00e9roport&nbsp;\u00bb&nbsp;: \u00e0 Roissy, les syndicats veulent un mouvement dur<\/a>&nbsp;<\/strong>(RP)<\/p>\n\n\n\n<p><a href=\"https:\/\/www.youtube.com\/watch?v=x07Enk8z6C0&amp;ab_channel=BLAST%2CLesouffledel%27info\">Les gros mensonges de Macron pour imposer sa r\u00e9forme&nbsp;<\/a>(Blast)<\/p>\n\n\n\n<p><a href=\"https:\/\/www.liberation.fr\/checknews\/peut-on-vraiment-dire-que-25-des-travailleurs-masculins-les-plus-modestes-meurent-avant-la-retraite-20230113_UB2B77BNEZCCNFUCC3ZHYNIWJA\/\">Peut-on vraiment dire que 25&nbsp;% des travailleurs masculins les plus modestes meurent avant la retraite&nbsp;?<\/a>&nbsp;(Lib\u00e9ration)<\/p>\n\n\n\n<p><strong><a href=\"https:\/\/alencontre.org\/europe\/france-reforme-macron-borne-du-regime-des-retraites-un-projet-massivement-rejete.html\">France. R\u00e9forme Macron-Borne du r\u00e9gime des retraites: un projet massivement rejet\u00e9&nbsp;<\/a>(A l\u2019encontre)<\/strong><\/p>\n\n\n\n<p><a href=\"https:\/\/www.capital.fr\/conso\/pourquoi-linflation-vous-parait-bien-plus-elevee-que-les-59-annoncee-1457314\">Pourquoi l\u2019inflation vous para\u00eet bien plus \u00e9lev\u00e9e que les 5,9 % annonc\u00e9s<\/a>&nbsp;(Capital)<\/p>\n\n\n\n<p><a href=\"https:\/\/www.nonfiction.fr\/article-11588-le-sens-au-travail-entretien-avec-t-coutrot-et-c-perez.htm\">Le sens au travail : entretien avec T. Coutrot et C. Perez<\/a>&nbsp;(Nonfiction)<\/p>\n\n\n\n<p><strong><a href=\"http:\/\/www.sudptt.org\/guidesd\/BrochureRetraites\/\">Brochure Retraites<\/a>&nbsp;(Sud)<\/strong><\/p>\n\n\n\n<p><a href=\"https:\/\/linsoumission.fr\/2023\/01\/13\/scandale-retraite-vs-cac40\/\">Scandale : 157 milliards d\u2019aides pour le CAC40 et pas 10 milliards pour financer nos retraites ?<\/a>&nbsp;(L\u2019insoumission)<\/p>\n\n\n\n<p><mark><strong>13 janvier<\/strong><\/mark><\/p>\n\n\n\n<p><a href=\"https:\/\/www.monde-diplomatique.fr\/dossier\/retraites-2023\">R\u00e9forme des retraites&nbsp;: et c\u2019est reparti&nbsp;!<\/a>&nbsp; \u2013 s\u00e9lection d\u2019archives \u2013 (Le Monde Diplomatique)<\/p>\n\n\n\n<p><a href=\"https:\/\/www.leparisien.fr\/economie\/retraites\/reforme-des-retraites-seuls-7-des-actifs-favorables-a-une-augmentation-de-lage-legal-de-depart-12-01-2023-CVKEUM2U6VGMDKE67J35FTV2OI.php\">R\u00e9forme des retraites&nbsp;: seuls 7% des actifs favorables \u00e0 une augmentation de l\u2019\u00e2ge l\u00e9gal de d\u00e9part<\/a>&nbsp;(Le Parisien)<\/p>\n\n\n\n<p><a href=\"https:\/\/www.humanite.fr\/politique\/reforme-des-retraites\/retraites-59-des-francais-prets-cotiser-davantage-pour-partir-plus-tot-778412#xtor=RSS-1\">Retraites. 59% des Fran\u00e7ais pr\u00eats \u00e0 cotiser davantage pour partir plus t\u00f4t<\/a>&nbsp;(L\u2019Humanit\u00e9)<\/p>\n\n\n\n<p><strong><a href=\"https:\/\/www.frustrationmagazine.fr\/palmares-bourgeois-retraite\/\">Palmar\u00e8s des bourgeois bien portants qui veulent nous faire travailler plus longtemps<\/a>&nbsp;<\/strong>&nbsp;(Frustration)<\/p>\n\n\n\n<figure class=\"wp-block-image\"><img loading=\"lazy\" decoding=\"async\" width=\"696\" height=\"363\" src=\"https:\/\/i0.wp.com\/www.rdpemancipation.org\/wp-content\/uploads\/2023\/01\/image-106.png?resize=448%2C234&amp;ssl=1\" alt=\"\" class=\"wp-image-108244\" srcset=\"https:\/\/i0.wp.com\/www.rdpemancipation.org\/wp-content\/uploads\/2023\/01\/image-106.png?w=696&amp;ssl=1 696w, https:\/\/i0.wp.com\/www.rdpemancipation.org\/wp-content\/uploads\/2023\/01\/image-106.png?resize=300%2C156&amp;ssl=1 300w\" sizes=\"auto, (max-width: 696px) 100vw, 696px\" \/><\/figure>\n\n\n\n<p><a href=\"https:\/\/rapportsdeforce.fr\/classes-en-lutte\/retraites-la-cgt-energie-pose-un-plan-de-bataille-pour-preparer-la-greve-reconductible-011315787\">Retraites : la CGT \u00e9nergie pose un plan de bataille pour pr\u00e9parer la gr\u00e8ve reconductible<\/a>&nbsp; (Rapports de Force)<\/p>\n\n\n\n<p><a href=\"https:\/\/www.acrimed.org\/Retraites-LCI-pulverise-le-pluralisme\"><strong>Retraites : LCI pulv\u00e9rise le pluralisme<\/strong><\/a>&nbsp;(Acrimed)<\/p>\n\n\n\n<p><a href=\"https:\/\/www.alternatives-economiques.fr\/utile-de-racheter-trimestres-report-de-lage-a-64\/00105786\">Est-il encore utile de racheter des trimestres avec le report de l\u2019\u00e2ge \u00e0 64 ans ?<\/a>&nbsp;(Alter Eco)<\/p>\n\n\n\n<p><a href=\"https:\/\/rapportsdeforce.fr\/analyse\/reforme-des-retraites-notre-decryptage-des-annonces-delisabeth-borne-011015754\">R\u00e9forme des retraites : notre d\u00e9cryptage des annonces d\u2019\u00c9lisabeth Borne<\/a>&nbsp;(Rapports de Force)<\/p>\n\n\n\n<p><a href=\"https:\/\/www.lemediatv.fr\/emissions\/2023\/bataille-des-retraites-comment-vaincre-macron-mathieu-slama-et-gael-quirante-91DqALspQwGHaFC2z7cm5w\">Bataille des retraites : comment vaincre Macron ? (Mathieu Slama et Ga\u00ebl Quirante)<\/a>&nbsp;(Le M\u00e9dia)<\/p>\n\n\n\n<p><a href=\"https:\/\/www.blast-info.fr\/articles\/2023\/bataille-des-retraites-acte-1-le-meeting-unitaire-de-la-gauche-FgizbmFJTuy01HMbTrA4sA\">Bataille des retraites, Acte 1 : Le meeting unitaire de la gauche<\/a>&nbsp;(Blast)<\/p>\n\n\n\n<p><strong><a href=\"https:\/\/www.leparisien.fr\/economie\/retraites\/reforme-des-retraites-seuls-7-des-actifs-favorables-a-une-augmentation-de-lage-legal-de-depart-12-01-2023-CVKEUM2U6VGMDKE67J35FTV2OI.php\">R\u00e9forme des retraites&nbsp;: seuls 7% des actifs favorables \u00e0 une augmentation de l\u2019\u00e2ge l\u00e9gal de d\u00e9part<\/a>&nbsp;<\/strong>(Le Parisien)<\/p>\n\n\n\n<p><a href=\"https:\/\/www.marianne.net\/economie\/protection-sociale\/marianne-vous-repond-tous-les-retraites-qui-touchent-moins-de-1-200-euros-par-mois-verront-ils-leur-pension-augmenter\">\u00ab&nbsp;Tous&nbsp;les retrait\u00e9s qui touchent moins de 1\u2009200&nbsp;euros par mois verront-ils leur pension augmenter\u2009?<\/a>&nbsp;(Marianne)<\/p>\n\n\n\n<p><a href=\"https:\/\/www.publicsenat.fr\/article\/parlementaire\/petites-retraites-a-1200-euros-elisabeth-borne-va-faire-une-saisine-du-conseil\">Petites retraites \u00e0 1200 euros&nbsp;: Elisabeth Borne va faire une \u00ab&nbsp;saisine du Conseil d\u2019Etat&nbsp;\u00bb pour int\u00e9grer la mesure au projet de loi&nbsp;<\/a>(Public S\u00e9nat)<\/p>\n\n\n\n<p><a href=\"https:\/\/rebellyon.info\/Manif-contre-la-reforme-des-retraites-et-24416\">Manif contre la r\u00e9forme des retraites et la vie ch\u00e8re, samedi 14&nbsp;janvier place Sathonay<\/a>&nbsp;(Rebellyon)<\/p>\n\n\n\n<p><a href=\"https:\/\/www.revolutionpermanente.fr\/VIDEO-Il-va-falloir-construire-la-greve-reconductible-Anasse-Kazib-sur-France-Info\">VIDEO. \u00ab&nbsp;Il va falloir construire la gr\u00e8ve reconductible&nbsp;\u00bb Anasse Kazib sur France Info&nbsp;<\/a>(RP)<\/p>\n\n\n\n<p><a href=\"https:\/\/www.revolutionpermanente.fr\/Ne-pas-penaliser-les-Francais-le-gouvernement-degaine-la-propagande-anti-greve-pour-diviser\">\u00ab&nbsp;Ne pas p\u00e9naliser les Fran\u00e7ais&nbsp;\u00bb&nbsp;: inquiet, le gouvernement d\u00e9gaine d\u00e9j\u00e0 la propagande anti-gr\u00e8ve<\/a>&nbsp;(RP)<\/p>\n\n\n\n<p><strong><a href=\"https:\/\/www.revolutionpermanente.fr\/Battons-nous-contre-la-reforme-des-retraites-Des-etudiants-de-l-EHESS-appellent-les-facs-a-se\">Retraites : Des \u00e9tudiants de l\u2019EHESS appellent les facs \u00e0 se mobiliser<\/a>&nbsp;<\/strong>(RP)<\/p>\n\n\n\n<p><strong><a href=\"https:\/\/www.lepoint.fr\/societe\/retraite-preavis-de-greve-d-une-tres-large-intersyndicale-du-quai-d-orsay-12-01-2023-2504577_23.php#11\">Retraite&nbsp;: pr\u00e9avis de gr\u00e8ve d\u2019une \u00ab&nbsp;tr\u00e8s large&nbsp;\u00bb intersyndicale du Quai d\u2019Orsay<\/a>&nbsp;<\/strong>(Le Point)<\/p>\n\n\n\n<p><mark><strong>12 janvier<\/strong><\/mark><\/p>\n\n\n\n<p><strong><a href=\"https:\/\/www.revolutionpermanente.fr\/24h-48h-72h-les-syndicats-CGT-du-petrole-appellent-a-des-journees-de-greve-reconductible\">24h, 48h, 72h&nbsp;: les syndicats CGT du p\u00e9trole appellent \u00e0 des journ\u00e9es de gr\u00e8ve reconductible&nbsp;<\/a>(<\/strong>RP)<\/p>\n\n\n\n<p><strong><a href=\"http:\/\/www.sudptt.org\/Communique-intersyndical-Retraites-premiere-journee-de-mobilisation-le-19\">Intersyndicale Retraites&nbsp;: premi\u00e8re journ\u00e9e de mobilisation le 19 janvier&nbsp;<\/a><\/strong>(Sud)<\/p>\n\n\n\n<p><a href=\"https:\/\/www.revolutionpermanente.fr\/Reforme-des-retraites-Les-policiers-pourront-partir-a-la-retraite-a-54-ans\">R\u00e9forme des retraites. Les policiers pourront partir \u00e0 la retraite \u00e0 54 ans&nbsp;!<\/a>&nbsp;(RP)<\/p>\n\n\n\n<p><strong><a href=\"https:\/\/www.frustrationmagazine.fr\/retraites-guerre-sociale\/\">Retraites : que r\u00e9pondre \u00e0 cette d\u00e9claration de guerre sociale ?<\/a>&nbsp;<\/strong>(Frustration)<\/p>\n\n\n\n<p><a href=\"https:\/\/www.politis.fr\/articles\/2023\/01\/reforme-des-retraites-le-bras-de-fer-commence\/\">R\u00e9forme des retraites : le bras de fer commence<\/a>&nbsp;(Politis)<\/p>\n\n\n\n<p><a href=\"https:\/\/www.revolutionpermanente.fr\/Decryptage-de-la-reforme-des-retraites-tout-comprendre-au-projet-annonce-par-le-gouvernement\">D\u00e9cryptage de la r\u00e9forme des retraites&nbsp;: tout comprendre au projet annonc\u00e9 par le gouvernement<\/a>&nbsp;(RP)<a href=\"https:\/\/www.francetvinfo.fr\/politique\/gouvernement-d-elisabeth-borne\/politique-le-gouvernement-cherche-a-faire-voter-la-reforme-des-retraites-rapidement_5598713.html\"><\/a><\/p>\n\n\n\n<p><a href=\"https:\/\/www.francetvinfo.fr\/politique\/gouvernement-d-elisabeth-borne\/politique-le-gouvernement-cherche-a-faire-voter-la-reforme-des-retraites-rapidement_5598713.html\">Le gouvernement cherche \u00e0 faire voter la r\u00e9forme des retraites rapidement<\/a>&nbsp;(France Info)<\/p>\n\n\n\n<p><a href=\"https:\/\/www.francetvinfo.fr\/economie\/retraite\/reforme-des-retraites\/reforme-des-retraites-ce-projet-doit-etre-retire-estime-le-depute-insoumis-alexis-corbiere_5598149.html\">Retraites :&nbsp;\u00ab&nbsp;Ce projet doit \u00eatre retir\u00e9&nbsp;\u00bb, estime le d\u00e9put\u00e9 insoumis Alexis&nbsp;Corbi\u00e8re<\/a>&nbsp;(France Info)<\/p>\n\n\n\n<p><a href=\"https:\/\/rapportsdeforce.fr\/analyse\/reforme-des-retraites-notre-decryptage-des-annonces-delisabeth-borne-011015754\">R\u00e9forme des retraites : notre d\u00e9cryptage des annonces d\u2019\u00c9lisabeth Borne<\/a>&nbsp; (Rapports de Force)<\/p>\n\n\n\n<p><a href=\"https:\/\/www.boursorama.com\/patrimoine\/actualites\/retraite-ces-regimes-speciaux-qui-devraient-echapper-a-la-reforme-bf1a6da45a63e4bee7b65831daaf156f\">Retraite : ces r\u00e9gimes sp\u00e9ciaux qui devraient \u00e9chapper \u00e0 la r\u00e9forme<\/a>&nbsp;(Boursorama)<\/p>\n\n\n\n<p><a href=\"https:\/\/www.boursorama.com\/actualite-economique\/actualites\/chez-les-egoutiers-de-paris-le-report-de-l-age-de-depart-a-la-retraite-ne-passe-pas-0cf35a2e7e2799c6d6cd5f2451cb7fb8\">Chez les \u00e9goutiers de Paris, le report de l\u2019\u00e2ge de d\u00e9part \u00e0 la retraite ne passe pas<\/a>&nbsp;(Reuters) &nbsp;&nbsp;<\/p>\n\n\n\n<p><a href=\"https:\/\/www.leparisien.fr\/economie\/retraites-les-syndicats-des-transports-veulent-une-greve-puissante-le-19-janvier-12-01-2023-HU3QR3L7XJG3XMYFPVHL6WU6U4.php\">Retraites : les syndicats des transports veulent une \u00abgr\u00e8ve puissante\u00bb le 19&nbsp;janvier<\/a>&nbsp;(Le Parisien)<\/p>\n\n\n\n<p><strong><a href=\"https:\/\/www.vousnousils.fr\/2023\/01\/11\/retraites-les-syndicats-enseignants-appellent-a-la-greve-le-19-janvier-667620\">Retraites : les syndicats enseignants appellent \u00e0 la gr\u00e8ve le 19 janvie<\/a>r&nbsp;<\/strong>(VNI)<\/p>\n\n\n\n<p><a href=\"https:\/\/link.newsletter.franceculture.fr\/m\/surl\/7429\/776242\/-c5i3WGpFpBmvtsiKCFo6W9C5lXTLJmivm821gAfcU8=\/link_8\/aDfvbGfj13RNnqMUqhWkz+8GJ3yACZXytUKpZbztvzD2DAyQFO5OaSPvCjax2bNhphEN+vqO33O9cWUW9hmbljNX+gWRhbOGMObIUYlIfkdw6+RMVq5rMgR5wNApmyb2mF9KA8kMIvb2JBaEmErMjXHkYfKFtk6NAfV4dF77-7EuP0gq-egjpA7O-oPSuu4ByL-kzaMFvoUf8HY1R+xOWenYGM9xzrlFSOAAyQK6FvxP3Xq1CzzqlbwgYrT5gB3D43SLuZyox-e7Ry0g+8SW-v4kGmrKeBjD7BbqDAf7SONzqYxVpfzNwkE7wcBtiQRVNAavygTGXvqYiYOn9A8UkrehdT+MC7TqlFIQVmiTUQ0=\">Retraite&nbsp;: le refus des Fran\u00e7ais de travailler plus longtemps<\/a>&nbsp;(France Culture)<\/p>\n\n\n\n<p><mark><strong>11 janvier<\/strong><\/mark><\/p>\n\n\n\n<p><a href=\"https:\/\/www.marianne.net\/politique\/gauche\/francois-ruffin-et-une-gauche-unie-lancent-la-bataille-des-retraites\"><strong>Fran\u00e7ois Ruffin et une gauche unie lancent la bataille des retraites<\/strong><\/a>&nbsp;(Marianne)<\/p>\n\n\n\n<figure class=\"wp-block-image\"><img loading=\"lazy\" decoding=\"async\" width=\"790\" height=\"527\" src=\"https:\/\/i0.wp.com\/www.rdpemancipation.org\/wp-content\/uploads\/2023\/01\/image-107.png?resize=384%2C256&amp;ssl=1\" alt=\"\" class=\"wp-image-108247\" srcset=\"https:\/\/i0.wp.com\/www.rdpemancipation.org\/wp-content\/uploads\/2023\/01\/image-107.png?w=790&amp;ssl=1 790w, https:\/\/i0.wp.com\/www.rdpemancipation.org\/wp-content\/uploads\/2023\/01\/image-107.png?resize=300%2C200&amp;ssl=1 300w, https:\/\/i0.wp.com\/www.rdpemancipation.org\/wp-content\/uploads\/2023\/01\/image-107.png?resize=768%2C512&amp;ssl=1 768w\" sizes=\"auto, (max-width: 790px) 100vw, 790px\" \/><\/figure>\n\n\n\n<p><a href=\"https:\/\/www.mediapart.fr\/journal\/politique\/110123\/face-la-reforme-des-retraites-l-union-de-la-gauche-n-est-pas-de-tout-repos\">R\u00e9forme des retraites&nbsp;: l\u2019union de la gauche n\u2019est pas de tout repos<\/a>&nbsp;(M\u00e9diapart)<\/p>\n\n\n\n<p><a href=\"https:\/\/www.boursorama.com\/videos\/actualites\/france-la-reforme-des-retraites-devoilee-les-syndicats-unanimes-se-preparent-a-protester-791dbe9ef231facefbd4e7606081ea56\">La r\u00e9forme des retraites d\u00e9voil\u00e9e, les syndicats unanimes se pr\u00e9parent \u00e0 protester<\/a>&nbsp;(France 24)<\/p>\n\n\n\n<p><a href=\"https:\/\/www.boursorama.com\/actualite-economique\/actualites\/la-majorite-des-francais-approuvent-la-mobilisation-contre-la-reforme-des-retraites-bee6da7b42cd2d41fab2febb8bf4549e\"><strong>La majorit\u00e9 des Fran\u00e7ais approuvent la mobilisation contre la r\u00e9forme des retraites<\/strong><\/a>&nbsp;(Boursorama)<\/p>\n\n\n\n<figure class=\"wp-block-image\"><img loading=\"lazy\" decoding=\"async\" width=\"760\" height=\"507\" src=\"https:\/\/i0.wp.com\/www.rdpemancipation.org\/wp-content\/uploads\/2023\/01\/image-108.png?resize=383%2C256&amp;ssl=1\" alt=\"\" class=\"wp-image-108249\" srcset=\"https:\/\/i0.wp.com\/www.rdpemancipation.org\/wp-content\/uploads\/2023\/01\/image-108.png?w=760&amp;ssl=1 760w, https:\/\/i0.wp.com\/www.rdpemancipation.org\/wp-content\/uploads\/2023\/01\/image-108.png?resize=300%2C200&amp;ssl=1 300w\" sizes=\"auto, (max-width: 760px) 100vw, 760px\" \/><\/figure>\n\n\n\n<p><a href=\"https:\/\/2tedo.r.ag.d.sendibm3.com\/mk\/mr\/y6nt7x73zldX8ANnrybh9_5ZvS7FG48BaJmio9VfpeuUUeXgiVy9YWhjfEKLRHItlQLl7lSd4inIKPyjgQfxFU-7lNMwgxa27I39Lo1ycMuxvrgFMZWUKY4OudAJSLgJxjE2MKGW4hrL\">Caisse de solidarit\u00e9 contre la r\u00e9forme des retraites<\/a><\/p>\n\n\n\n<p><strong><a href=\"https:\/\/rapportsdeforce.fr\/classes-en-lutte\/avant-les-retraites-les-hopitaux-deja-en-greve-011115755\">Avant les retraites, les h\u00f4pitaux d\u00e9j\u00e0 en gr\u00e8ve<\/a>&nbsp;(Rapports de force)<\/strong><\/p>\n\n\n\n<p><a href=\"https:\/\/www.liberation.fr\/economie\/social\/le-19-janvier-les-syndicats-appellent-a-lancer-une-puissante-mobilisation-sur-les-retraites-20230110_ZUJNCGFWN5ADNKIPHQYM5RDOZM\/\">Le 19&nbsp;janvier, les syndicats appellent \u00e0 lancer une puissante mobilisation sur les retraites&nbsp;<\/a>(Lib\u00e9ration)<\/p>\n\n\n\n<p><a href=\"https:\/\/www.lemonde.fr\/politique\/article\/2023\/01\/11\/reforme-des-retraites-le-systeme-francais-demultiplicateur-des-inegalites-du-marche-du-travail_6157462_823448.html\">Le syst\u00e8me fran\u00e7ais, \u2018d\u00e9multiplicateur des in\u00e9galit\u00e9s du march\u00e9 du travail\u2019<\/a>&nbsp;(Le Monde)<\/p>\n\n\n\n<p><a href=\"https:\/\/www.lemonde.fr\/les-decodeurs\/article\/2023\/01\/11\/reforme-des-retraites-les-questions-pour-comprendre-ses-contours-et-ses-enjeux_6156886_4355771.html\">Retraites&nbsp;: les questions pour comprendre ses contours et ses enjeux<\/a>&nbsp;(D\u00e9cryptage Le Monde)<\/p>\n\n\n\n<p><a href=\"https:\/\/www.monde-diplomatique.fr\/cartes\/retraites-systemes\">75 ans de syst\u00e8mes de retraite<\/a>&nbsp;(Le Monde Diplomatique)<\/p>\n\n\n\n<p><a href=\"https:\/\/www.liberation.fr\/economie\/social\/salaries-de-lenergie-il-ny-a-aucune-negociation-possible-sur-notre-regime-special-de-retraite-20230111_PTPVAXU3ZNATPGT7ZZGCI52TAA\/\">Salari\u00e9s de l\u2019\u00e9nergie&nbsp;: \u2018Il n\u2019y a aucune n\u00e9gociation possible sur notre r\u00e9gime sp\u00e9cial de retraite\u2019<\/a>&nbsp;(Lib\u00e9ration)<\/p>\n\n\n\n<p><a href=\"https:\/\/link.newsletter.franceculture.fr\/m\/surl\/7429\/775849\/J6Yq75wqViti4-cd-CZQ1G9C5lXTLJmivm821gAfcU8=\/link_25\/mHS7mhNhnqNy1yTR5lAu4p5wsj4tWlfpOpyLoGQcHNodhoFqFTZIaf0o+8ImtyxiWsbmBWXQt8EG40dBCz1TgoIFH+HhHCMey0Y-mXy+XWX6TWwUu-U3mye9qRwdHZOAk8zlb9QB5KaeuxXoA4hCcUye2-nQbm2bVD6XZtrXFeds8HxyRspPxHD8Apqy91Q75v2vjksP-KGTwlfPmPspgG6skKVi8d2vkjZR9Tk2s4ZrK3cmzZA76C1lI4nIFfYlf9OxiDl97oXC-JdP8T6CjfqmpZ5XGQjX3w9bqdMWN6Y6pLftbwq4AIuADwXhVkd6o8QFFakjJAa6yRj6lcSrkg==\">Retraites&nbsp;: en dehors de la r\u00e9forme, point de salut&nbsp;?<\/a>&nbsp;(France Culture)<\/p>\n\n\n\n<p><a href=\"http:\/\/t.nl.france3.fr\/r\/?id=h98c2a0de,6a99c7a8,5f7c36e0&amp;p1=20230111&amp;p2=726375-1613287517-668363dc\">M\u00eame avec un exosquelette, je ne me vois pas travailler jusqu\u2019\u00e0 64 ans dans le b\u00e2timent !<\/a>&nbsp;(France 3)<\/p>\n\n\n\n<p><a href=\"http:\/\/t.nl.france3.fr\/r\/?id=h98c2a0de,6a99c7a8,5f7c36ec&amp;p1=20230111&amp;p2=726375-1613287517-668363dc\">Retraites en Suisse&nbsp;: un \u00e2ge de d\u00e9part \u00e0 64 ans, mais travailler plus longtemps est financi\u00e8rement encourag\u00e9<\/a>&nbsp;(France 3)<\/p>\n\n\n\n<p><a href=\"https:\/\/www.lemonde.fr\/politique\/article\/2023\/01\/11\/reforme-des-retraites-la-droite-l-indispensable-alliee-du-gouvernement_6157370_823448.html\">R\u00e9forme des retraites&nbsp;: la droite, l\u2019indispensable alli\u00e9e du gouvernement<\/a><strong>&nbsp;<\/strong>(Le Monde)<\/p>\n\n\n\n<p><a href=\"https:\/\/www.alternatives-economiques.fr\/dix-bonnes-raisons-de-ne-faire-cette-reforme-retraites-chiffres-a-l\/00105748\">Dix bonnes raisons de ne pas faire cette r\u00e9forme des retraites, chiffres \u00e0 l\u2019appui&nbsp;<\/a>&nbsp;(Alter Eco)<\/p>\n","protected":false},"excerpt":{"rendered":"<p>7 Ao\u00fbt La d\u00e9faite en chantant : \u00e9dito n\u00b056\u00a0(Chroniques critiques) 10 juin Retraites : ces six mois qui ont tout chamboul\u00e9&nbsp;(M\u00e9diapart) Laurent Berger : \u00abEst-ce que je m\u2019attendais \u00e0 ce que ce soit si difficile avec Macron&nbsp;? Non&nbsp;!\u00bb (Vid\u00e9o M\u00e9diapart) La d\u00e9mocratie \u00e9touff\u00e9e (Politis) Cinq syndicalistes CFDT poursuivis pour des pochoirs au sol contre la &#8230; <a title=\"Retraites\" class=\"read-more\" href=\"https:\/\/www.rdpemancipation.org\/?p=115663\" aria-label=\"En savoir plus sur Retraites\">Lire la suite<\/a><\/p>\n","protected":false},"author":1,"featured_media":0,"comment_status":"closed","ping_status":"closed","sticky":false,"template":"","format":"standard","meta":{"_lmt_disableupdate":"","_lmt_disable":"","_jetpack_memberships_contains_paid_content":false,"footnotes":""},"categories":[43],"tags":[],"class_list":["post-115663","post","type-post","status-publish","format-standard","hentry","category-dossier-detail"],"modified_by":"rdpemancipation","jetpack_featured_media_url":"","jetpack_sharing_enabled":true,"_links":{"self":[{"href":"https:\/\/www.rdpemancipation.org\/index.php?rest_route=\/wp\/v2\/posts\/115663","targetHints":{"allow":["GET"]}}],"collection":[{"href":"https:\/\/www.rdpemancipation.org\/index.php?rest_route=\/wp\/v2\/posts"}],"about":[{"href":"https:\/\/www.rdpemancipation.org\/index.php?rest_route=\/wp\/v2\/types\/post"}],"author":[{"embeddable":true,"href":"https:\/\/www.rdpemancipation.org\/index.php?rest_route=\/wp\/v2\/users\/1"}],"replies":[{"embeddable":true,"href":"https:\/\/www.rdpemancipation.org\/index.php?rest_route=%2Fwp%2Fv2%2Fcomments&post=115663"}],"version-history":[{"count":4,"href":"https:\/\/www.rdpemancipation.org\/index.php?rest_route=\/wp\/v2\/posts\/115663\/revisions"}],"predecessor-version":[{"id":118118,"href":"https:\/\/www.rdpemancipation.org\/index.php?rest_route=\/wp\/v2\/posts\/115663\/revisions\/118118"}],"wp:attachment":[{"href":"https:\/\/www.rdpemancipation.org\/index.php?rest_route=%2Fwp%2Fv2%2Fmedia&parent=115663"}],"wp:term":[{"taxonomy":"category","embeddable":true,"href":"https:\/\/www.rdpemancipation.org\/index.php?rest_route=%2Fwp%2Fv2%2Fcategories&post=115663"},{"taxonomy":"post_tag","embeddable":true,"href":"https:\/\/www.rdpemancipation.org\/index.php?rest_route=%2Fwp%2Fv2%2Ftags&post=115663"}],"curies":[{"name":"wp","href":"https:\/\/api.w.org\/{rel}","templated":true}]}}