{"id":115068,"date":"2023-06-01T08:48:02","date_gmt":"2023-06-01T06:48:02","guid":{"rendered":"https:\/\/www.rdpemancipation.org\/?p=115068"},"modified":"2023-06-30T10:08:53","modified_gmt":"2023-06-30T08:08:53","slug":"juin-social-3","status":"publish","type":"post","link":"https:\/\/www.rdpemancipation.org\/?p=115068","title":{"rendered":"Juin &#8211; Social"},"content":{"rendered":"\n<p><a href=\"https:\/\/www.rdpemancipation.org\/?p=115663\" title=\"\"><strong><mark style=\"background-color:rgba(0, 0, 0, 0);color:#078827\" class=\"has-inline-color\">Cliquer ici pour voir notre dossier sur la bataille des retraites, mis \u00e0 jour quotidiennement.<\/mark><\/strong><\/a><\/p>\n\n\n\n<p class=\"has-text-color\" style=\"color:#f60505\"><strong>30 juin<\/strong><\/p>\n\n\n\n<p><strong>Mort de Nahel<\/strong><\/p>\n\n\n\n<p><a href=\"https:\/\/www.youtube.com\/watch?v=S_-PWS8YSX4&amp;ab_channel=BLAST%2CLesouffledel%27info\">\u00ab&nbsp;Pour l\u2019honneur de Nahel&nbsp;\u00bb : les t\u00e9moignages de la famille <\/a>(Blast)<\/p>\n\n\n\n<p><strong><a href=\"https:\/\/www.youtube.com\/watch?v=euw03owAwU8&amp;ab_channel=Mediapart\">Mort de Nahel M. : \u00ab Ils sont rattrap\u00e9s par le r\u00e9el \u00bb<\/a> (Mediapart)<\/strong><\/p>\n\n\n\n<p><a href=\"https:\/\/www.youtube.com\/watch?v=pFiSf16ff_w&amp;ab_channel=Journall%27Humanit%C3%A9\">Mort de Nahel \u00e0 Nanterre. \u00abIl faut entendre la col\u00e8re\u00bb.<\/a> (L\u2019Humanit\u00e9)<\/p>\n\n\n\n<p><strong><a href=\"https:\/\/alencontre.org\/europe\/france\/france-mort-de-nahel-etat-de-legitime-colere.html\">\u00abMort de Nahel: \u00e9tat de l\u00e9gitime col\u00e8re\u00bb<\/a> (A l\u2019encontre)<\/strong><\/p>\n\n\n\n<p><a href=\"https:\/\/www.frustrationmagazine.fr\/meurtre-de-nahel-la-police-tue\/\">Meurtre de Nahel : la police tue.<\/a> (Frustration)<\/p>\n\n\n\n<p><strong><a href=\"https:\/\/www.liberation.fr\/societe\/ville\/de-tiktok-a-snapchat-une-troisieme-nuit-de-revolte-vecue-virtuellement-et-des-videos-qui-alimentent-le-brasier-20230630_A72BQESNCZH5TCJAXEFORXMXYQ\/\">De TikTok \u00e0 Snapchat, une troisi\u00e8me nuit de r\u00e9volte v\u00e9cue virtuellement <\/a>(Lib\u00e9ration)<\/strong><\/p>\n\n\n\n<p><a href=\"https:\/\/www.liberation.fr\/societe\/en-direct-mort-de-nahel-violences-urbaines-interpellations-reunion-autour-demmanuel-macron-reactions-politiques-suivez-toute-lactualite-de-ce-vendredi-30-juin-20230630_MZHEX6LYAZAH7DKJ5D6HBNQHS4\/\">Au moins 249 policiers et gendarmes bless\u00e9s au cours de la troisi\u00e8me nuit de violences urbaines cons\u00e9cutives<\/a> (Lib\u00e9ration)<\/p>\n\n\n\n<p><a href=\"https:\/\/rebellyon.info\/Justice-pour-Nahel-et-soutien-aux-25044\">Justice pour Nahel et soutien aux revoltes urbaines<\/a> (Rebellyon)<\/p>\n\n\n\n<p><a href=\"https:\/\/basta.media\/trois-fois-plus-de-personnes-sont-decedees-suite-a-une-arrestation-depuis-2020\">Trois fois plus de personnes sont d\u00e9c\u00e9d\u00e9es suite \u00e0 une arrestation depuis 2020<\/a> (Basta)<\/p>\n\n\n\n<p><a href=\"https:\/\/www.bondyblog.fr\/reportages\/marche-blanche-pour-nahel-on-est-la-pour-soutenir-la-maman-pour-quil-y-ait-une-justice\/\">Marche blanche pour Nahel : \u00ab On est l\u00e0 pour soutenir la maman, pour qu\u2019il y ait une justice \u00bb<\/a> (Bondy Blog)<\/p>\n\n\n\n<p><strong>France<\/strong><\/p>\n\n\n\n<p><a href=\"https:\/\/lanticapitaliste.org\/actualite\/social\/ikea-le-social-en-kit\">Ikea, le \u00ab\u2009social\u2009\u00bb en kit<\/a> (l\u2019Anticapitaliste)<\/p>\n\n\n\n<p><a href=\"https:\/\/reporterre.net\/Pris-pour-un-autre-un-militant-EELV-fait-36-h-de-garde-a-vue\">Pris pour un autre, un militant&nbsp;EELV&nbsp;fait 36 h de garde \u00e0 vue<\/a> (Reporterre)<\/p>\n\n\n\n<p><a href=\"https:\/\/www.letelegramme.fr\/cotes-d-armor\/cotes-darmor-cinq-jours-de-greve-des-agents-du-departement-a-compter-de-ce-lundi-6383487.php\">C\u00f4tes-d\u2019Armor&nbsp;: cinq jours de gr\u00e8ve des agents du D\u00e9partement \u00e0 compter de ce lundi <\/a>(Le T\u00e9l\u00e9gramme)<\/p>\n\n\n\n<p><a href=\"https:\/\/alencon.maville.com\/actu\/actudet_-nomination-de-geoffroy-lejeune-au-jdd-la-redaction-prolonge-la-greve-_54135-5837968_actu.Htm\">Nomination de Geoffroy Lejeune au \u00ab&nbsp;JDD&nbsp;\u00bb&nbsp;: la r\u00e9daction prolonge la gr\u00e8ve<\/a>&nbsp;(Ouest France)<\/p>\n\n\n\n<p>Nelle Cal\u00e9donie : <a href=\"https:\/\/la1ere.francetvinfo.fr\/nouvellecaledonie\/avis-de-greve-generale-dans-la-fonction-publique-a-partir-du-3-juillet-explications-et-consequences-1410473.html\">Avis de gr\u00e8ve g\u00e9n\u00e9rale dans la fonction publique \u00e0 partir du 3 juillet <\/a>(franceinfo)<\/p>\n\n\n\n<p><a href=\"https:\/\/www.dna.fr\/sante\/2023\/06\/30\/greve-aux-hopitaux-civils-le-3-juillet-les-urgences-feront-le-tri\">Gr\u00e8ve aux h\u00f4pitaux civils&nbsp;: le 3&nbsp;juillet, les urgences feront le tri<\/a> (DNA)<\/p>\n\n\n\n<p><a href=\"https:\/\/france3-regions.francetvinfo.fr\/nouvelle-aquitaine\/gironde\/bordeaux\/greve-a-la-polyclinique-bordeaux-nord-ce-qui-est-deplorable-c-est-d-etre-obliges-d-en-arriver-la-pour-etre-entendus-2805002.html\">Gr\u00e8ve \u00e0 la Polyclinique Bordeaux Nord : \u00ab\u00a0ce qui est d\u00e9plorable, c&rsquo;est d&rsquo;\u00eatre oblig\u00e9s d&rsquo;en arriver l\u00e0 \u00ab\u00a0<\/a> (franceinfo)<\/p>\n\n\n\n<p><a href=\"https:\/\/tout-metz.com\/greve-bus-59-minutes-metz-30-juin-2023-485962.php\">Gr\u00e8ve sur le r\u00e9seau de bus \u00e0 Metz : 59 minutes d\u2019arr\u00eat ce vendredi<\/a> (Tout Metz)<\/p>\n\n\n\n<p><a href=\"https:\/\/www.sudouest.fr\/economie\/social\/greve-a-la-socat-en-dordogne-les-salaries-ont-obtenu-gain-de-cause-15750621.php\">Gr\u00e8ve \u00e0 la Socat en Dordogne&nbsp;: les salari\u00e9s ont obtenu gain de cause<\/a> (Sud Ouest)<\/p>\n\n\n\n<p><a href=\"https:\/\/france3-regions.francetvinfo.fr\/hauts-de-france\/pas-calais\/boulogne-mer\/greve-surprise-des-salaries-de-labeyrie-pour-protester-conte-la-vente-de-l-entreprise-2804888.html\">Gr\u00e8ve surprise des salari\u00e9s de Labeyrie pour protester contre la vente de l&rsquo;entreprise<\/a> (franceinfo)<\/p>\n\n\n\n<p><a href=\"https:\/\/www.clicanoo.re\/article\/economie\/2023\/06\/30\/chez-orange-lintersyndicale-menace-de-faire-greve-649e47136bab4\">Chez Orange, l&rsquo;intersyndicale menace de faire gr\u00e8ve<\/a> (Clicanoo)<\/p>\n\n\n\n<p><a href=\"https:\/\/www.cbnews.fr\/medias\/image-radio-fance-mouvement-greve-france-musique-france-culture-77680\">Mouvement de gr\u00e8ve \u00e0 France Musique et France Culture<\/a> (CBNews)<\/p>\n\n\n\n<p><a href=\"https:\/\/www.ladepeche.fr\/2023\/06\/30\/candelie-une-garden-party-et-un-preavis-de-greve-de-la-cgt-11311074.php\">Cand\u00e9lie : une garden-party, et un pr\u00e9avis de gr\u00e8ve de la CGT<\/a> (La D\u00e9p\u00eache)<\/p>\n\n\n\n<p><a href=\"https:\/\/actu.fr\/normandie\/boos_76116\/aeroport-rouen-vallee-de-seine-pourquoi-la-tour-de-controle-est-en-greve_59790699.html\">A\u00e9roport Rouen Vall\u00e9e de Seine&nbsp;: pourquoi la tour de contr\u00f4le est en gr\u00e8ve<\/a> (76 actu)<\/p>\n\n\n\n<p><a href=\"https:\/\/www.lejsl.com\/transport\/2023\/06\/29\/greve-a-la-tour-de-controle-de-l-aeroport-de-saint-yan\">Gr\u00e8ve \u00e0 la tour de contr\u00f4le de l&rsquo;a\u00e9roport de Saint-Yan <\/a>(Le Journal de Sa\u00f4ne et Loire)<\/p>\n\n\n\n<p><strong>Monde<\/strong><\/p>\n\n\n\n<p><a href=\"https:\/\/alencontre.org\/ameriques\/amelat\/hugo-blanco-1934-2023-partout-ou-il-est-passe-il-a-aide-ceux-qui-etaient-tombes-a-se-relever-et-ceux-qui-se-taisaient-a-parler.html\"><strong>Am\u00e9rique du Sud et Caraibes<\/strong>. Hugo Blanco (1934-2023)<\/a>\u00a0(A l\u2019encontre)<\/p>\n\n\n\n<p><a href=\"https:\/\/www.rtbf.be\/article\/mons-tensions-toujours-vives-au-delhaize-de-la-chaussee-du-roeulx-ou-le-personnel-sest-mis-en-greve-durant-deux-heures-ce-jeudi-matin-11220701\"><strong>Mons<\/strong>\u00a0: tensions toujours vives au Delhaize de la chauss\u00e9e du R\u0153ulx<\/a> (RTBF)<\/p>\n\n\n\n<p><a href=\"http:\/\/french.china.org.cn\/foreign\/txt\/2023-06\/30\/content_90148615.htm\"><strong>Etats-Unis<\/strong> : une gr\u00e8ve nationale des chauffeurs-livreurs UPS est \u00ab\u00a0imminente\u00a0\u00bb<\/a> (French China)<\/p>\n\n\n\n<p><strong>Analyse<\/strong><\/p>\n\n\n\n<p><strong><a href=\"https:\/\/www.youtube.com\/watch?v=VwP9Ikznkgw&amp;ab_channel=Thinkerview\">Les \u00e9meutes de la pauvret\u00e9 ? Olivier De Schutter<\/a> (Thinkerview)<\/strong><\/p>\n\n\n\n<p class=\"has-text-color\" style=\"color:#f70101\"><strong>29 juin<\/strong><\/p>\n\n\n\n<p><strong>Mort de Nahel<\/strong><\/p>\n\n\n\n<p><strong><a href=\"https:\/\/confpeps.org\/communique-de-peps-desarmons-les\/\">Pour Nahel: D\u00e9sarmons-les !<\/a> (PEPS)<\/strong><\/p>\n\n\n\n<p><a href=\"https:\/\/paris-luttes.info\/pour-nael-et-les-autres-17228\">Pour Nael et les autres<\/a> (Paris-Luttes info)<\/p>\n\n\n\n<p><a href=\"https:\/\/www.france24.com\/fr\/france\/20230628-mineur-tu%C3%A9-par-un-tir-policier-%C3%A0-nanterre-nouvelle-nuit-de-violences-dans-plusieurs-villes\">Mort de Nahel&nbsp;\u00e0 Nanterre : nouvelle nuit de violences dans plusieurs villes<\/a> (France 24)<\/p>\n\n\n\n<p><strong><a href=\"https:\/\/www.revolutionpermanente.fr\/Une-revolte-pour-mon-fils-la-mere-de-Nahel-appelle-a-une-marche-blanche-tous-a-Nanterre-ce-jeudi-a\">\u00ab&nbsp;Une r\u00e9volte pour mon fils&nbsp;\u00bb&nbsp;: la m\u00e8re de Nahel appelle \u00e0 une marche blanche&nbsp;: tous \u00e0 Nanterre ce jeudi \u00e0 14h&nbsp;! <\/a>(RP)<\/strong><\/p>\n\n\n\n<p><strong><a href=\"https:\/\/basta.media\/trois-fois-plus-de-personnes-sont-decedees-suite-a-une-arrestation-depuis-2020\">Trois fois plus de personnes sont d\u00e9c\u00e9d\u00e9es suite \u00e0 une arrestation depuis 2020 <\/a>(Basta)<\/strong><\/p>\n\n\n\n<p><a href=\"https:\/\/www.youtube.com\/watch?v=ooX8njTC4ew&amp;ab_channel=BLAST%2CLesouffledel%27info\">Mort de Nahel : les t\u00e9moignages qui accablent les policiers<\/a> (Blast)<\/p>\n\n\n\n<p><a href=\"https:\/\/www.youtube.com\/watch?v=cleDvKdGajQ&amp;ab_channel=PublicS%C3%A9nat\">Nanterre : l\u2019usage des armes en question<\/a> (Public S\u00e9nat)<\/p>\n\n\n\n<p><a href=\"https:\/\/reporterre.net\/A-Paris-Soulevements-de-la-Terre-et-antiracistes-unis-contre-les-crimes-de-la-police\">\u00c0 Paris, Soul\u00e8vements de la Terre et antiracistes unis contre les crimes de la police<\/a> (Reporterre)<\/p>\n\n\n\n<p><a href=\"https:\/\/theconversation.com\/pourquoi-les-jeunes-de-cite-defient-les-institutions-199117\">Pourquoi les \u00ab&nbsp;jeunes de cit\u00e9&nbsp;\u00bb d\u00e9fient les&nbsp;institutions<\/a> (The conversation)<\/p>\n\n\n\n<p><strong>France<\/strong><\/p>\n\n\n\n<p><a href=\"https:\/\/rebellyon.info\/UNISSONS-NOUS-CONTRE-LES-REFUS-DE-PRISE-25039\">Unissons-nous contre les refus de prise en charge de soins des personnes Trans par le&nbsp;CPAM<\/a> (Rebellyon)<\/p>\n\n\n\n<p><a href=\"https:\/\/www.sudouest.fr\/pyrenees-atlantiques\/pau\/greve-des-controleurs-aeriens-fortes-perturbations-en-bearn-et-en-bigorre-15743741.php\">Gr\u00e8ve des contr\u00f4leurs a\u00e9riens&nbsp;: fortes perturbations en B\u00e9arn et en Bigorre<\/a> (Sud Ouest)<\/p>\n\n\n\n<p><a href=\"https:\/\/www.tourmag.com\/Greve-aeroport-Beauvais-perturbations-en-vue-ce-29-juin_a119270.html\">Gr\u00e8ve a\u00e9roport Beauvais : perturbations en vue ce 29 juin<\/a> (Air Mag)<\/p>\n\n\n\n<p><a href=\"https:\/\/www.tahiti-infos.com\/Un-preavis-de-greve-depose-chez-Air-Tahiti-Nui_a217958.html\">Un pr\u00e9avis de gr\u00e8ve d\u00e9pos\u00e9 chez Air Tahiti Nui <\/a>(Tahiti infos)<\/p>\n\n\n\n<p><a href=\"https:\/\/www.midilibre.fr\/2023\/06\/29\/les-greffiers-de-beziers-seront-en-greve-ce-lundi-3-juillet-11309111.php\">Les greffiers de B\u00e9ziers seront en gr\u00e8ve ce lundi 3 juillet <\/a>(Midi libre)<\/p>\n\n\n\n<p><a href=\"https:\/\/www.lamontagne.fr\/aurillac-15000\/actualites\/pratiques-proches-du-harcelement-les-grevistes-du-cmc-aurillac-ont-signe-une-charte-avec-la-direction_14335134\/\">Les gr\u00e9vistes du CMC (Aurillac) ont sign\u00e9 une charte avec la direction<\/a> (La Montagne)<\/p>\n\n\n\n<p><a href=\"https:\/\/www.la-croix.com\/France\/greve-reconduite-JDD-contre-nomination-Geoffroy-Lejeune-2023-06-28-1201273352\">La gr\u00e8ve reconduite au \u00ab&nbsp;JDD&nbsp;\u00bb contre la nomination de Geoffroy Lejeune <\/a>(La Croix)<\/p>\n\n\n\n<p><a href=\"https:\/\/www.sudouest.fr\/economie\/social\/greve-a-la-socat-un-mouvement-largement-suivi-selon-les-syndicats-15736332.php\">Gr\u00e8ve \u00e0 la Socat&nbsp;en Dordogne&nbsp;: un mouvement largement suivi, selon les syndicats<\/a> (Sud Ouest)<\/p>\n\n\n\n<p><a href=\"https:\/\/la1ere.francetvinfo.fr\/guyane\/ouest-guyanais\/saint-laurent-du-maroni\/saint-laurent-les-employes-de-la-societe-protection-securite-en-greve-suite-a-des-retards-de-salaires-1410173.html\">Saint-Laurent : Les employ\u00e9s de la \u00ab\u00a0Soci\u00e9t\u00e9 Protection S\u00e9curit\u00e9\u00a0\u00bb en gr\u00e8ve suite \u00e0 des retards de salaires<\/a> (franceinfo)<\/p>\n\n\n\n<p><a href=\"https:\/\/www.paris-normandie.fr\/id427678\/article\/2023-06-28\/pres-de-rouen-greve-jeudi-la-tour-de-controle-de-boos-qui-ne-veut-pas-dependre\">Pr\u00e8s de Rouen. Gr\u00e8ve jeudi \u00e0 la tour de contr\u00f4le de Boos qui ne veut pas d\u00e9pendre de Lille<\/a> (Paris-Normandie)<\/p>\n\n\n\n<p><a href=\"https:\/\/actu.fr\/ile-de-france\/montesson_78418\/en-greve-les-salaries-d-un-ehpad-de-montesson-fustigent-la-direction_59790347.html\">En gr\u00e8ve, les salari\u00e9s d&rsquo;un Ehpad de Montesson critiquent la direction<\/a> (78 actu)<\/p>\n\n\n\n<p><a href=\"https:\/\/www.estrepublicain.fr\/societe\/2023\/06\/28\/en-greve-les-employes-de-smrc-reclament-une-hausse-des-primes\">En gr\u00e8ve, les employ\u00e9s de SMRC r\u00e9clament une hausse des primes<\/a> (L\u2019Est R\u00e9publicain)<\/p>\n\n\n\n<p><a href=\"https:\/\/la1ere.francetvinfo.fr\/reunion\/la-greve-se-poursuit-a-la-societe-derichebourg-la-direction-porte-plainte-pour-actes-de-vandalisme-1410038.html\">La gr\u00e8ve se poursuit \u00e0 la soci\u00e9t\u00e9 Derichebourg, la direction porte plainte pour actes de vandalisme<\/a> (franceinfo)<\/p>\n\n\n\n<p><a href=\"https:\/\/www.lettreaudiovisuel.com\/les-syndicats-de-france-tv-appellent-a-trois-jours-de-greve\/\">Les syndicats de France TV appellent \u00e0 trois jours de gr\u00e8ve<\/a> (La lettre de l\u2019audiovisuel)<\/p>\n\n\n\n<p><a href=\"https:\/\/www.lanouvellerepublique.fr\/romorantin\/crise-aux-urgences-de-romorantin-la-greve-malgre-les-propositions-de-la-direction\">Crise aux Urgences de Romorantin&nbsp;: la gr\u00e8ve malgr\u00e9 les propositions de la direction<\/a> (La Nouvelle R\u00e9publique)<\/p>\n\n\n\n<p><a href=\"https:\/\/vitre.maville.com\/actu\/actudet_-tinteniac.-un-quart-du-personnel-de-la-poste-en-greve-hier-matin-_dep-5837090_actu.Htm\">Tint\u00e9niac. Un quart du personnel de La Poste en gr\u00e8ve, hier matin<\/a>&nbsp; (Ouest France)<\/p>\n\n\n\n<p><a href=\"https:\/\/www.larep.fr\/pithiviers-45300\/actualites\/les-salaries-de-knauf-industries-a-pithiviers-reprendront-le-travail-ce-jeudi-apres-deux-jours-de-greve_14334383\/\">Les salari\u00e9s de Knauf industries \u00e0 Pithiviers reprendront le travail ce jeudi, apr\u00e8s deux jours de gr\u00e8ve<\/a> (La R\u00e9publique du Centre)<\/p>\n\n\n\n<p><strong>Monde<\/strong><\/p>\n\n\n\n<p><a href=\"https:\/\/alencontre.org\/europe\/espagne\/royaume-despagne-greves-et-elections.html\">Royaume d\u2019Espagne. Gr\u00e8ves et \u00e9lections<\/a> (A l\u2019encontre)<\/p>\n\n\n\n<p><strong><a href=\"https:\/\/alencontre.org\/suisse\/suisse-la-greve-feministe-et-apres.html\">Suisse. \u00abLa gr\u00e8ve f\u00e9ministe, et apr\u00e8s?\u00bb<\/a>&nbsp; (A l\u2019encontre)<\/strong><\/p>\n\n\n\n<p><a href=\"https:\/\/www.msn.com\/fr-ch\/actualite\/other\/gr%C3%A8ve-sur-le-tarmac-le-personnel-se-tient-pr%C3%AAt\/ar-AA1dc5xc\">Gen\u00e8ve : Gr\u00e8ve sur le tarmac: le personnel se tient pr\u00eat<\/a> (20 minutes)<\/p>\n\n\n\n<p><a href=\"https:\/\/www.zonebourse.com\/cours\/action\/HAMBURGER-HAFEN-UND-LOGIS-698551\/actualite\/Verdi-Greve-d-avertissement-de-plusieurs-jours-des-employes-de-Tuv-44228866\/\">Allemagne : Verdi : Gr\u00e8ve d&rsquo;avertissement de plusieurs jours des employ\u00e9s de T\u00fcv<\/a> (zonebourse)<\/p>\n\n\n\n<p><strong>Analyse<\/strong><\/p>\n\n\n\n<p><a href=\"https:\/\/www.monde-diplomatique.fr\/2020\/07\/BONELLI\/61976\">A relire : Les forces de l\u2019ordre social<\/a> (Le Monde Diplomatique)<\/p>\n\n\n\n<p><strong><a href=\"https:\/\/www.inegalites.fr\/depart-vacances\">Pr\u00e8s de la moiti\u00e9 des Fran\u00e7ais ne partent pas en vacances<\/a> (Observatoire des in\u00e9galit\u00e9s)<\/strong><\/p>\n\n\n\n<p><strong><a href=\"https:\/\/www.blast-info.fr\/articles\/2023\/habitants-fiches-armes-illegales-chef-policier-exhibitionniste-wissous-un-far-west-francilien-FNkDuLFGSlu_UtkWCX5LrQ\">Habitants fich\u00e9s, armes ill\u00e9gales, chef policier exhibitionniste : Wissous, un Far-West francilien<\/a> (Blast)<\/strong><\/p>\n\n\n\n<p><a href=\"https:\/\/www.revue-ballast.fr\/quand-le-poids-est-politique\/\">Quand le poids est politique<\/a> (Ballast)<\/p>\n\n\n\n<p class=\"has-text-color\" style=\"color:#f90808\"><strong>28 juin<\/strong><\/p>\n\n\n\n<p><a href=\"https:\/\/www.liberation.fr\/societe\/emeutes-a-nanterre-ca-ne-fait-que-commencer-20230628_NHYN3DYS3JD4HP2SRHDB6OYNTU\/\">Emeutes \u00e0 Nanterre apr\u00e8s la mort de Na\u00ebl&nbsp;: \u00ab\u00c7a ne fait que commencer\u00bb<\/a> (Lib\u00e9ration)<\/p>\n\n\n\n<p><a href=\"https:\/\/paris-luttes.info\/rassemblement-en-soutien-aux-17222\">Rassemblement en soutien aux Soul\u00e8vements de la Terre<\/a> (Paris-Luttes info)<\/p>\n\n\n\n<p><a href=\"https:\/\/rebellyon.info\/Rassemblement-contre-la-repression-des-25035\">Rassemblement contre la r\u00e9pression des mouvements sociaux et \u00e9cologiques&nbsp;: Mercredi 28&nbsp;Juin \u00e0 19h<\/a> (Rebellyon)<\/p>\n\n\n\n<p><a href=\"https:\/\/www.revolutionpermanente.fr\/AHG-Medical-liquide-son-usine-de-masque-les-salaries-sont-jetes-comme-des-mouchoir-usages\">AHG M\u00e9dical liquide son usine de masque&nbsp;: \u00ab&nbsp;les salari\u00e9s sont jet\u00e9s comme des mouchoir usag\u00e9s&nbsp;\u00bb<\/a> (RP)<\/p>\n\n\n\n<p><a href=\"https:\/\/www.revolutionpermanente.fr\/Les-travailleurs-du-technicentre-de-Landy-en-greve-sauvage-pour-les-salaires-et-contre-la\">Les travailleurs du technicentre du Landy en gr\u00e8ve sauvage pour les salaires et contre la r\u00e9pression <\/a>(RP)<\/p>\n\n\n\n<p><a href=\"https:\/\/lanticapitaliste.org\/actualite\/entreprises\/toulouse-les-tisseo-multiplient-les-journees-de-greve-pour-defendre-leurs\">Toulouse : les Tiss\u00e9o multiplient les journ\u00e9es de gr\u00e8ve pour d\u00e9fendre leurs salaires<\/a> (l\u2019Anticapitaliste)<\/p>\n\n\n\n<p><a href=\"https:\/\/rapportsdeforce.fr\/ici-et-maintenant\/commission-denquete-visant-attac-et-les-ecologistes-toutes-les-digues-tombent-062718563\">Commission d\u2019enqu\u00eate visant Attac et les \u00e9cologistes : toutes les digues tombent<\/a> (Rapports de force)<\/p>\n\n\n\n<p><a href=\"https:\/\/www.francebleu.fr\/infos\/economie-social\/greve-aux-thermes-de-vichy-des-curistes-soutiennent-le-mouvement-et-se-sentent-pris-en-otage-5026670\">Gr\u00e8ve aux thermes de Vichy&nbsp;: des curistes soutiennent le mouvement et se sentent \u00ab\u00a0pris en otage\u00a0\u00bb<\/a> (ici)<\/p>\n\n\n\n<p><a href=\"https:\/\/www.lunion.fr\/id498072\/article\/2023-06-27\/en-greve-les-facteurs-dhirson-ne-veulent-pas-dune-enieme-reorganisation\">En gr\u00e8ve, les facteurs d\u2019Hirson ne veulent pas d\u2019une \u00e9ni\u00e8me r\u00e9organisation<\/a> (l\u2019Union)<\/p>\n\n\n\n<p><a href=\"https:\/\/la1ere.francetvinfo.fr\/wallisfutuna\/greve-dans-le-primaire-risque-de-contagion-du-mouvement-1409945.html\">Gr\u00e8ve dans le primaire : risque de contagion du mouvement ?<\/a> (Franceinfo)<\/p>\n\n\n\n<p><a href=\"https:\/\/www.francetvinfo.fr\/replay-radio\/l-edito-politique\/edito-greve-au-jdd-certains-politiques-s-inquietent-de-l-arrivee-de-geoffroy-lejeune-a-la-tete-du-journal_5886509.html\">Gr\u00e8ve au \u00ab\u00a0JDD\u00a0\u00bb&nbsp;: certains politiques s&rsquo;inqui\u00e8tent de l&rsquo;arriv\u00e9e de Geoffroy Lejeune \u00e0 la t\u00eate du journal<\/a> (franceinfo)<\/p>\n\n\n\n<p><a href=\"https:\/\/www.francebleu.fr\/infos\/economie-social\/dordogne-la-socat-en-greve-pour-les-salaires-2530265\">Dordogne&nbsp;: la Socat en gr\u00e8ve pour les salaires<\/a> (ici)<\/p>\n\n\n\n<p><a href=\"https:\/\/www.lamontagne.fr\/aurillac-15000\/actualites\/pourquoi-le-personnel-de-chirurgie-du-cmc-d-aurillac-est-en-greve-ce-mercredi-28-juin_14333823\/\">Pourquoi le personnel de chirurgie du CMC d&rsquo;Aurillac est en gr\u00e8ve ce mercredi ?<\/a> (La Montagne)<\/p>\n\n\n\n<p><a href=\"https:\/\/www.midilibre.fr\/2023\/06\/28\/crise-dans-les-hopitaux-de-millau-et-saint-affrique-les-syndicats-menacent-de-faire-greve-11304604.php\">Crise dans les h\u00f4pitaux de Millau et Saint-Affrique : les syndicats menacent de faire gr\u00e8ve<\/a> (Midi libre)<\/p>\n\n\n\n<p><a href=\"https:\/\/actu.fr\/auvergne-rhone-alpes\/aurillac_15014\/aurillac-greve-reconductible-au-cmc-de-tronquieres_59785537.html\">Aurillac : gr\u00e8ve reconductible au CMC de Tronqui\u00e8res<\/a> (actu)<\/p>\n\n\n\n<p><a href=\"https:\/\/www.lejsl.com\/sante\/2023\/06\/27\/greve-a-l-hopital-ils-denoncent-la-fermeture-de-25-lits\">Gr\u00e8ve \u00e0 l\u2019hopital&nbsp;: ils d\u00e9noncent la fermeture de 25 lits<\/a> (Le Journal de Sa\u00f4ne et Loire)<\/p>\n\n\n\n<p><a href=\"https:\/\/www.sudouest.fr\/economie\/economie-en-dordogne-un-mouvement-de-greve-a-la-socat-de-terrasson-15724630.php\">\u00c9conomie en Dordogne&nbsp;: un mouvement de gr\u00e8ve \u00e0 la Socat de Terrasson<\/a> (Sud ouest)<\/p>\n\n\n\n<p><a href=\"https:\/\/www.miroirsocial.com\/participatif\/atteinte-au-droit-de-greve-dans-la-surete-aerienne-et-aeroportuaire-les-briseurs-de\">Atteinte au droit de gr\u00e8ve dans la s\u00fbret\u00e9 a\u00e9rienne et a\u00e9roportuaire&nbsp;: les briseurs de gr\u00e8ve condamn\u00e9s !<\/a> (Miroir Social)<\/p>\n\n\n\n<p><a href=\"https:\/\/www.lunion.fr\/id498110\/article\/2023-06-27\/mouvement-de-greve-annonce-jeudi-chez-moet-chandon-epernay\">Mouvement de gr\u00e8ve annonc\u00e9 jeudi chez Mo\u00ebt &amp; Chandon \u00e0 Epernay<\/a> (L\u2019union)<\/p>\n\n\n\n<p><a href=\"https:\/\/www.leprogres.fr\/sante\/2023\/06\/27\/hopital-de-la-croix-rousse-des-soignants-en-greve-ce-mercredi-contre-leurs-conditions-de-travail\">H\u00f4pital de la Croix-Rousse&nbsp;: des soignants en gr\u00e8ve ce mercredi contre leurs conditions de travail <\/a>(Le Progr\u00e8s)<\/p>\n\n\n\n<p><a href=\"https:\/\/www.laprovence.com\/article\/region\/4924638321387615\/arles-une-partie-du-personnel-du-ccas-en-greve-manifeste-sous-les-fenetres-du-maire\">Arles : une partie du personnel du CCAS en gr\u00e8ve manifeste sous les fen\u00eatres du maire<\/a> (La Provence)<\/p>\n\n\n\n<p><a href=\"https:\/\/www.laprovence.com\/article\/region\/4981869798510115\/arles-une-partie-des-agents-du-ccas-manifeste-devant-la-mairie\">Arles : Une partie des agents du CCAS manifeste devant la mairie.<\/a> (La Provence)<\/p>\n\n\n\n<p><a href=\"https:\/\/actu.fr\/societe\/manche-un-nouveau-mouvement-de-greve-au-credit-mutuel-la-fermeture-de-points-de-vente-a-prevoir_59782038.html\">Manche. Un nouveau mouvement de gr\u00e8ve au Cr\u00e9dit Mutuel, la fermeture de points de vente \u00e0 pr\u00e9voir<\/a> (La Provence)<\/p>\n\n\n\n<p><a href=\"https:\/\/www.larep.fr\/pithiviers-45300\/actualites\/knauf-industries-a-pithiviers-ce-matin-on-nous-a-dit-que-notre-site-allait-etre-ferme-ca-a-ete-un-choc_14333129\/\">Knauf industries \u00e0 Pithiviers : \u00ab\u00a0Ce matin, on nous a dit que notre site allait \u00eatre ferm\u00e9, \u00e7a a \u00e9t\u00e9 un choc\u00a0\u00bb<\/a> (La R\u00e9publique)<\/p>\n\n\n\n<p><strong>Monde<\/strong><\/p>\n\n\n\n<p><strong><a href=\"https:\/\/theconversation.com\/forcats-du-numerique-comment-une-decision-de-justice-au-kenya-fragilise-la-sous-traitance-des-multinationales-du-web-206896\">\u00ab&nbsp;For\u00e7ats du num\u00e9rique&nbsp;\u00bb&nbsp;: Comment une d\u00e9cision de justice au Kenya fragilise la&nbsp;sous-traitance&nbsp;des multinationales du&nbsp;web<\/a> (The conversation)<\/strong><\/p>\n\n\n\n<p><a href=\"https:\/\/www.wsws.org\/fr\/articles\/2023\/06\/28\/aapx-j28.html\">Des gr\u00e8ves \u00e9clatent dans toute l&rsquo;Espagne alors que commence la campagne des \u00e9lections anticip\u00e9es<\/a> (WSWS)<\/p>\n\n\n\n<p><a href=\"https:\/\/www.rts.ch\/info\/regions\/geneve\/14132950-la-menace-dune-greve-plane-sur-laeroport-de-geneve.html\">La menace d&rsquo;une gr\u00e8ve plane sur l&rsquo;a\u00e9roport de Gen\u00e8ve<\/a> (RTS)<\/p>\n\n\n\n<p><strong>Analyse<\/strong><\/p>\n\n\n\n<p><a href=\"https:\/\/lepoing.net\/la-meilleure-protection-ne-rien-declarer\/\">La meilleure protection&nbsp;: ne rien d\u00e9clarer<\/a> (Le Poing)<\/p>\n\n\n\n<p><strong><a href=\"https:\/\/www.inegalites.fr\/politiques-publiques-logement\">Comment r\u00e9duire les in\u00e9galit\u00e9s de logement&nbsp;?<\/a> (Observatoire des in\u00e9galit\u00e9s)<\/strong><\/p>\n\n\n\n<p><strong><a href=\"https:\/\/www.revolutionpermanente.fr\/Meurtre-policier-a-Nanterre-apres-le-choc-construire-la-riposte-pas-en-bas\">Meurtre policier \u00e0 Nanterre&nbsp;: apr\u00e8s le choc, construire la riposte pas en bas<\/a> (RP)<\/strong><\/p>\n\n\n\n<p><strong><a href=\"https:\/\/basta.media\/chronologie-60-ans-d-actions-violentes-faut-il-pour-autant-dissoudre-la-FNSEA\">60 ans d\u2019actions violentes&nbsp;: faut-il pour autant dissoudre la FNSEA&nbsp;?<\/a> (Basta)<\/strong><\/p>\n\n\n\n<p><strong><a href=\"https:\/\/www.youtube.com\/watch?v=t3SS6TtH61M&amp;ab_channel=BLAST%2CLesouffledel%27info\">Un rapporteur de l\u2019ONU alerte sur la r\u00e9pression des d\u00e9fenseurs de l\u2019environnement<\/a> ( Blast)<\/strong><\/p>\n\n\n\n<p class=\"has-text-color\" style=\"color:#f60606\"><strong>27 juin<\/strong><\/p>\n\n\n\n<p><a href=\"https:\/\/rebellyon.info\/Rassemblement-contre-la-repression-des-25035\">Rassemblement contre la r\u00e9pression des mouvements sociaux et \u00e9cologiques&nbsp;: Mercredi 28&nbsp;Juin \u00e0 19h<\/a> (Rebellyon)<\/p>\n\n\n\n<p><strong><a href=\"https:\/\/www.humanite.fr\/social-eco\/fret-ferroviaire\/fret-sncf-somain-le-triage-est-l-abandon-des-arbres-poussent-au-milieu-800607\">Fret SNCF : \u00c0 Somain, \u00ab\u2009le triage est \u00e0 l\u2019abandon, des arbres poussent au milieu\u2009\u00bb<\/a>\u2009 (l\u2019Humanit\u00e9)<\/strong><\/p>\n\n\n\n<p><a href=\"https:\/\/lanticapitaliste.org\/actualite\/sante\/soins-dentaires-baisse-des-remboursements-privatisation-et-renoncement-aux-soins\">Soins dentaires\u2026\u2002Baisse des remboursements, privatisation et renoncement aux soins\u2009! <\/a>(l\u2019Anticapitaliste)<\/p>\n\n\n\n<p><strong><a href=\"https:\/\/reporterre.net\/Au-nom-des-JO-l-aeroport-de-Beauvais-va-s-aggrandir\">Au nom des&nbsp;JO, l\u2019a\u00e9roport de Beauvais va s\u2019agrandir<\/a> (Reporterre)<\/strong><\/p>\n\n\n\n<p><a href=\"https:\/\/www.sudouest.fr\/economie\/social\/greve\/a-la-polyclinique-bordeaux-nord-un-mouvement-de-greve-de-soignants-pour-une-augmentation-des-salaires-15713235.php\">\u00c0 la Polyclinique Bordeaux Nord, un mouvement de gr\u00e8ve de soignants <\/a>(Sud Ouest)<\/p>\n\n\n\n<p><a href=\"https:\/\/www.ojim.fr\/greve-a-sud-ouest-sur-fond-de-crise-permanente\/?cn-reloaded=1\">Gr\u00e8ve \u00e0 Sud Ouest, sur fond de crise permanente<\/a> (Observatoire du journalisme)<\/p>\n\n\n\n<p><a href=\"https:\/\/la1ere.francetvinfo.fr\/guyane\/savanes\/kourou\/greve-au-chk-apres-deux-mediations-toujours-pas-d-entente-entre-grevistes-et-direction-1409567.html\">Gr\u00e8ve au CHK : apr\u00e8s deux m\u00e9diations, toujours pas d&rsquo;entente entre gr\u00e9vistes et direction<\/a> (Franceinfo)<\/p>\n\n\n\n<p><a href=\"https:\/\/www.francebleu.fr\/infos\/economie-social\/greve-au-credit-mutuel-en-mayenne-la-direction-prefere-le-bras-de-fer-permanent-denonce-l-intersyndicale-4154123\">Gr\u00e8ve au Cr\u00e9dit Mutuel en Mayenne&nbsp;: \u00ab\u00a0La direction pr\u00e9f\u00e8re le bras de fer permanent\u00a0\u00bb d\u00e9nonce l&rsquo;intersyndicale <\/a>(ici)<\/p>\n\n\n\n<p><a href=\"https:\/\/mlyon.fr\/news\/locales\/212307\/la-greve-des-taxis-reconduite-a-lyon-ce-mardi\">La gr\u00e8ve des taxis reconduite \u00e0 Lyon ce mardi<\/a> (Lyon m)<\/p>\n\n\n\n<p><a href=\"https:\/\/www.franceguyane.fr\/actualite\/economie-consommation\/greve-les-salaries-dair-france-guyane-declinent-une-proposition-de-reunion-en-visio-941808.php\">Gr\u00e8ve : Les salari\u00e9s d&rsquo;Air France Guyane d\u00e9clinent une proposition de r\u00e9union en \u00ab\u00a0visio\u00a0\u00bb<\/a> (France-Guyane)<\/p>\n\n\n\n<p><a href=\"https:\/\/www.ledauphine.com\/economie\/2023\/06\/26\/refresco-chronique-d-une-greve-historique-qui-laissera-des-traces\">Refresco&nbsp;: chronique d\u2019une gr\u00e8ve historique qui laissera des traces<\/a> (Le Dauphin\u00e9)<\/p>\n\n\n\n<p><a href=\"https:\/\/www.ville-rail-transports.com\/mobilite\/greve-a-tisseo-la-direction-deboutee\/\">Gr\u00e8ve \u00e0 Tiss\u00e9o : la dire action d\u00e9bout\u00e9e<\/a> (VRT)<\/p>\n\n\n\n<p><a href=\"https:\/\/www.lanouvellerepublique.fr\/blois\/loir-et-cher-le-secteur-medico-social-du-departement-en-greve\">Loir-et-Cher : le secteur m\u00e9dico-social du D\u00e9partement en gr\u00e8ve<\/a> (La Nouvelle R\u00e9publique)<\/p>\n\n\n\n<p><a href=\"https:\/\/www.leprogres.fr\/social\/2023\/06\/26\/creche-de-l-hopital-du-puy-en-velay-en-greve-la-couche-est-pleine\">Cr\u00e8che de l\u2019h\u00f4pital du Puy-en-Velay en gr\u00e8ve : \u00ab&nbsp;La couche est pleine&nbsp;\u00bb<\/a> (Le Progr\u00e8s)<\/p>\n\n\n\n<p><a href=\"https:\/\/www.courrier-picard.fr\/id427147\/article\/2023-06-26\/les-salaries-de-saint-gobain-de-nouveau-en-greve-contre-le-demenagement-de-leur\">Pr\u00e8s de Compi\u00e8gne, les salari\u00e9s de Saint-Gobain de nouveau en gr\u00e8ve<\/a> (Courrier Picard)<\/p>\n\n\n\n<p><a href=\"https:\/\/www.herault-tribune.com\/articles\/agde-les-salaries-de-keolis-mediterranee-en-greve-ce-mardi\/\">Agde : les salari\u00e9s de Keolis M\u00e9diterran\u00e9e en gr\u00e8ve ce mardi <\/a>(H\u00e9rault Tribune)<\/p>\n\n\n\n<p><a href=\"https:\/\/lessablesdolonne.maville.com\/actu\/actudet_-temoignages.-chez-webhelp-les-conditions-de-travail-se-sont-degradees-_fil-5833920_actu.Htm\">\u00ab Chez Webhelp, les conditions de travail se sont d\u00e9grad\u00e9es \u00bb<\/a>&nbsp;(Ouest France)<\/p>\n\n\n\n<p><a href=\"https:\/\/information.tv5monde.com\/economie\/jdd-de-rsf-khodorkovsky-afflux-de-soutiens-aux-grevistes-contre-lejeune-2650731\">JDD : de RSF \u00e0 Khodorkovsky, afflux de soutiens aux gr\u00e9vistes contre Lejeune <\/a>(TV5 Monde)<\/p>\n\n\n\n<p><strong>Monde<\/strong><\/p>\n\n\n\n<p><a href=\"https:\/\/www.revolutionpermanente.fr\/Mobilisation-a-Jujuy-On-assiste-a-un-reveil-de-la-lutte-des-classes-apres-8-ans-de-repression\"><strong>Argentine<\/strong> : Mobilisation \u00e0 Jujuy&nbsp;: \u00ab&nbsp;On assiste \u00e0 un r\u00e9veil de la lutte des classes apr\u00e8s 8 ans de r\u00e9pression&nbsp;\u00bb<\/a> (RP)<\/p>\n\n\n\n<p><a href=\"https:\/\/www.sudinfo.be\/id681220\/article\/2023-06-27\/mons-borinage-greve-des-ouvriers-mercredi-dans-les-ecoles-du-reseaude-la\"><strong>Mons-Borinage<\/strong>: gr\u00e8ve des ouvriers mercredi dans les \u00e9coles du r\u00e9seaude la f\u00e9d\u00e9ration Wallonie-Bruxelles <\/a>(Sudinfo)<\/p>\n\n\n\n<p><strong>Analyse<\/strong><\/p>\n\n\n\n<p><strong><a href=\"https:\/\/lundi.am\/Une-MALA-et-ca-repart\">Une MALA et \u00e7a repart<\/a> (lundi matin)<\/strong><\/p>\n\n\n\n<p><a href=\"https:\/\/lundi.am\/Dissolution-des-Soulevements-de-la-Terre-5566\">Dissolution des Soul\u00e8vements de la Terre &#8211; Que se passe-t-il maintenant&nbsp;?<\/a> (Lundi matin)<\/p>\n\n\n\n<p><strong><a href=\"https:\/\/www.politis.fr\/articles\/2023\/06\/plan-logement-dabord-2-des-miettes-selon-les-associations\/\">Plan \u00ab&nbsp;Logement d\u2019abord 2&nbsp;\u00bb : des \u00ab&nbsp;miettes&nbsp;\u00bb selon les associations<\/a> (Politis)<\/strong><\/p>\n\n\n\n<p><a href=\"https:\/\/www.publicsenat.fr\/actualites\/culture\/greve-au-jdd-devant-le-senat-vincent-bollore-se-defendait-de-tout-interet-ideologique-dans-le-rachat-de-medias\">Gr\u00e8ve au JDD&nbsp;: devant le S\u00e9nat, Vincent Bollor\u00e9 se d\u00e9fendait de tout int\u00e9r\u00eat id\u00e9ologique dans le rachat de m\u00e9dias<\/a> (Public S\u00e9nat)<\/p>\n\n\n\n<p><strong><a href=\"https:\/\/www.revolutionpermanente.fr\/Hausses-massives-de-salaires-pour-les-hauts-fonctionnaires-la-macronie-n-en-a-que-pour-les-riches\">Hausses massives de salaires pour les hauts-fonctionnaires&nbsp;: la macronie n\u2019en a que pour les riches<\/a> (RP)<\/strong><\/p>\n\n\n\n<p><a href=\"https:\/\/www.streetpress.com\/sujet\/1687785497-mayotte-ravages-chimik-addiction-vente-metropole-sante-trafic-drogue\">\u00c0 Mayotte, les ravages de la drogue \u00ab chimik \u00bb<\/a> (Street Press)<\/p>\n\n\n\n<p class=\"has-text-color\" style=\"color:#f60606\"><strong>26 juin<\/strong><\/p>\n\n\n\n<p><strong><a href=\"https:\/\/www.revolutionpermanente.fr\/Derniere-Renovation-XR-et-ATTAC-convoques-a-l-Assemblee-une-intimidation-au-service-de-la\">Derni\u00e8re R\u00e9novation, XR et ATTAC convoqu\u00e9s \u00e0 l\u2019Assembl\u00e9e&nbsp;: une intimidation au service de la r\u00e9pression<\/a> (RP)<\/strong><\/p>\n\n\n\n<p><a href=\"https:\/\/www.force-ouvriere.fr\/unedic-menace-d-une-ponction-pour-faire-vivre-france-travail\">Unedic&nbsp;: menac\u00e9 d\u2019une ponction pour faire vivre France Travail<\/a> (FO)<\/p>\n\n\n\n<p><a href=\"https:\/\/www.francetvinfo.fr\/replay-radio\/le-brief-politique\/greve-au-jdd-pourquoi-la-classe-politique-hesite-a-denoncer-la-reprise-en-main-du-journal-par-l-extreme-droite_5882204.html\">Gr\u00e8ve au \u00ab\u00a0JDD\u00a0\u00bb : pourquoi la classe politique h\u00e9site \u00e0 d\u00e9noncer la reprise en main du journal par l&rsquo;extr\u00eame droite<\/a> (franceinfo)<\/p>\n\n\n\n<p><a href=\"https:\/\/tours.maville.com\/actu\/actudet_-les-greffiers-en-greve-ce-lundi-une-mobilisation-historique-attendue-_fil-5832032_actu.Htm\">Les greffiers en gr\u00e8ve ce lundi, une mobilisation historique attendue<\/a>&nbsp;(Ouest France)<\/p>\n\n\n\n<p><a href=\"https:\/\/www.courrier-picard.fr\/id426781\/article\/2023-06-25\/un-preavis-de-greve-illimitee-des-ce-mercredi-sur-le-reseau-de-bus-ametis-amiens\">Amiens: un pr\u00e9avis de gr\u00e8ve illimit\u00e9e d\u00e8s ce mercredi sur le r\u00e9seau de bus Ametis<\/a> (Courrier Picard)<\/p>\n\n\n\n<p><a href=\"https:\/\/la1ere.francetvinfo.fr\/nouvellecaledonie\/province-nord\/ponerihouen\/la-mairie-de-ponerihouen-restera-fermee-ce-lundi-en-raison-d-une-greve-1409378.html\">La mairie de Pon\u00e9rihouen restera ferm\u00e9e ce lundi en raison d&rsquo;une gr\u00e8ve<\/a> (franceinfo)<\/p>\n\n\n\n<p><a href=\"https:\/\/www.ouest-france.fr\/bretagne\/cotes-d-armor\/cotes-darmor-la-greve-etendue-a-lensemble-des-services-de-la-protection-de-lenfance-mercredi-b3c9d1e2-11e0-11ee-a4e5-33c2589c0bc0\">C\u00f4tes-d\u2019Armor. La gr\u00e8ve \u00e9tendue \u00e0 l\u2019ensemble des services de la protection de l\u2019enfance mercredi<\/a> (Ouest France)<\/p>\n\n\n\n<p><strong>Analyse<\/strong><\/p>\n\n\n\n<p><a href=\"https:\/\/www.revolutionpermanente.fr\/Re-lire-Braverman-a-la-lumiere-de-la-bataille-des-retraites\">(Re)lire Braverman \u00e0 la lumi\u00e8re de la bataille des retraites<\/a> (RP)<\/p>\n\n\n\n<p><strong><a href=\"https:\/\/rebellyon.info\/Recit-de-la-garde-a-vue-du-05-06-a-Lyon-25028\">R\u00e9cit de la garde \u00e0 vue du 05\/06 \u00e0 Lyon dans le cadre d\u2019une enqu\u00eate sur le sabotage d\u2019une usine Lafarge <\/a>(Rebellyon)<\/strong><\/p>\n\n\n\n<p><a href=\"https:\/\/reporterre.net\/Tout-partager-terres-et-revenus-le-choix-d-un-village-taiwanais\">Tout partager, terres et revenus&nbsp;: le choix d\u2019un village ta\u00efwanais<\/a> (Reporterre)<\/p>\n\n\n\n<p><strong><a href=\"https:\/\/cqfd-journal.org\/Douarnenez-ni-volets-fermes-ni\">Douarnenez : ni volets ferm\u00e9s, ni ghettos dor\u00e9s<\/a> (CQFD)<\/strong><\/p>\n\n\n\n<p><strong><a href=\"https:\/\/www.bondyblog.fr\/opinions\/interview\/la-loi-separatisme-permet-la-systematisation-de-mesures-repressives-a-lencontre-des-associations\/\">\u00ab La \u201cloi s\u00e9paratisme\u201d permet la syst\u00e9matisation de mesures r\u00e9pressives \u00e0 l\u2019encontre des associations \u00bb<\/a> (Bondy Blog)<\/strong><\/p>\n\n\n\n<p class=\"has-text-color\" style=\"color:#f70606\"><strong>24 juin<\/strong><\/p>\n\n\n\n<p><a href=\"https:\/\/www.youtube.com\/watch?v=bO3KhFN62wo\">M\u00e9ga-bassines : julien le Guet, \u00ab&nbsp;l\u2019\u00e9co-terroriste&nbsp;\u00bb qui d\u00e9fie Darmanin et sa pol<\/a>ice (Le m\u00e9dia)<\/p>\n\n\n\n<p><strong><a href=\"https:\/\/www.youtube.com\/watch?v=m9U389D_A3s\">Gis\u00e8le Halimi : \u00e0 l\u2019intersection de toutes les luttes<\/a> (Blast)<\/strong><\/p>\n\n\n\n<p><a href=\"https:\/\/www.politis.fr\/articles\/2023\/06\/lettre-ouverte-a-emmanuel-macron-on-ne-dissout-pas-la-terre-qui-se-souleve\/\">Lettre ouverte \u00e0 Emmanuel Macron&nbsp;: \u00ab&nbsp;On ne dissout pas la Terre qui se soul\u00e8ve&nbsp;\u00bb<\/a> (Politis)<\/p>\n\n\n\n<p><strong><a href=\"https:\/\/www.politis.fr\/articles\/2023\/06\/anticor-soulevements-de-la-terre-sursaut-republicain\/\">Des Soul\u00e8vements au sursaut r\u00e9publicain<\/a> (Politis)<\/strong><\/p>\n\n\n\n<p><strong><a href=\"https:\/\/reporterre.net\/A-Paris-des-militants-ecolos-dont-Greta-Thunberg-interpellent-Etats-et-multinationales\">\u00c0 Paris, des militants \u00e9colos dont Greta Thunberg interpellent \u00c9tats et multinationales<\/a> (Reporterre)<\/strong><\/p>\n\n\n\n<p><a href=\"https:\/\/www.ouest-france.fr\/pays-de-la-loire\/cholet-49300\/cholet-la-greve-se-poursuit-a-glisseo-la-piscine-fermee-une-heure-343cec74-11e1-11ee-a958-484ef579d2df\">Cholet&nbsp;: la gr\u00e8ve se poursuit \u00e0 Gliss\u00e9o, la piscine ferm\u00e9e une heure<\/a> (Ouest France)<\/p>\n\n\n\n<p><a href=\"https:\/\/www.leprogres.fr\/social\/2023\/06\/24\/greve-annoncee-ce-samedi-au-grand-frais-de-mions\">Un mouvement de gr\u00e8ve annonc\u00e9 ce samedi au Grand Frais de Mions<\/a> (Le Progr\u00e8s)<\/p>\n\n\n\n<p><a href=\"https:\/\/www.liberation.fr\/economie\/medias\/greve-au-jdd-ils-ne-peuvent-pas-faire-ce-quils-veulent-de-ce-journal-20230623_C3B6CCOERZEGHBVKVS6OJ6UC3E\/\">Gr\u00e8ve au \u00abJDD\u00bb&nbsp;: \u00abIls ne peuvent pas faire ce qu\u2019ils veulent de ce journal&nbsp;!\u00bb<\/a> (Lib\u00e9ration)<\/p>\n\n\n\n<p><a href=\"https:\/\/www.revolutionpermanente.fr\/Greve-sauvage-victorieuse-au-technicentre-SNCF-de-Chatillon-une-experience-pour-les-luttes-a-venir\">Gr\u00e8ve sauvage victorieuse au technicentre SNCF de Ch\u00e2tillon&nbsp;: \u00ab&nbsp;une exp\u00e9rience pour les luttes \u00e0 venir&nbsp;\u00bb<\/a> (RP)<\/p>\n\n\n\n<p><a href=\"https:\/\/www.force-ouvriere.fr\/finances-publiques-concretisation-de-l-austerite-debut-de-l-acte\">Finances publiques&nbsp;: concr\u00e9tisation de l\u2019aust\u00e9rit\u00e9, d\u00e9but de l\u2019acte I<\/a> (FO)<\/p>\n\n\n\n<p><a href=\"https:\/\/www.ladepeche.fr\/2023\/06\/24\/mouvement-de-greve-dans-une-entreprise-de-nettoyage-a-limoux-11298649.php\">Mouvement de gr\u00e8ve dans une entreprise de nettoyage \u00e0 Limoux<\/a> (La D\u00e9p\u00eache)<\/p>\n\n\n\n<p><a href=\"https:\/\/www.lesechos.fr\/finance-marches\/marches-financiers\/au-mexique-un-vaste-mouvement-de-greve-met-une-mine-du-geant-newmont-a-larret-1955515\">Au Mexique, une gr\u00e8ve met une mine du g\u00e9ant Newmont \u00e0 l&rsquo;arr\u00eat<\/a>&nbsp;(Les \u00c9chos)<\/p>\n\n\n\n<p><a href=\"https:\/\/www.francebleu.fr\/infos\/economie-social\/la-greve-des-ordures-est-terminee-dans-le-metro-et-en-gare-de-marseille-8244378\">La gr\u00e8ve des ordures est termin\u00e9e dans le m\u00e9tro et en gare de Marseille<\/a> (ici)<\/p>\n\n\n\n<p><a href=\"https:\/\/la1ere.francetvinfo.fr\/guyane\/les-salaries-d-air-france-guyane-en-greve-1408856.html\">Les salari\u00e9s d&rsquo;Air France Guyane en gr\u00e8ve<\/a> (franceinfo)<\/p>\n\n\n\n<p><a href=\"https:\/\/www.lejsl.com\/social\/2023\/06\/23\/la-poste-la-greve-a-la-plateforme-de-preparation-et-distribution-du-courrier-se-poursuit\">La Poste&nbsp;: la gr\u00e8ve \u00e0 la plateforme de pr\u00e9paration et distribution du courrier se poursuit <\/a>(Le Journal de Sa\u00f4ne et Loire)<\/p>\n\n\n\n<p><a href=\"https:\/\/www.telerama.fr\/radio\/preavis-de-greve-a-radio-france-pour-defendre-les-journaux-de-france-musique-et-france-culture-7016131.php\">Pr\u00e9avis de gr\u00e8ve \u00e0 Radio France pour d\u00e9fendre les journaux de France Musique et France Culture<\/a> (T\u00e9l\u00e9rama)<\/p>\n\n\n\n<p><strong>Monde<\/strong><\/p>\n\n\n\n<p><a href=\"https:\/\/www.france24.com\/fr\/%C3%A9missions\/reporters\/20230623-qui-sont-les-%C3%A9vapor%C3%A9s-ces-disparus-volontaires-au-japon\">Qui sont les \u00ab\u00a0\u00e9vapor\u00e9s\u00a0\u00bb, ces disparus volontaires au <strong>Japon<\/strong> ?<\/a> (France 24)<\/p>\n\n\n\n<p><a href=\"https:\/\/www.leprogres.fr\/economie\/2023\/06\/24\/en-italie-un-appel-a-la-greve-fait-baisser-le-prix-des-pates\">En <strong>Italie<\/strong>, un appel \u00e0 la gr\u00e8ve fait baisser le prix des p\u00e2tes<\/a> (Le Progr\u00e8s)<\/p>\n\n\n\n<p><a href=\"https:\/\/www.alwihdainfo.com\/Cameroun-le-personnel-du-LABOGENIE-en-greve-des-le-26-juin-prochain_a124250.html\"><strong>Cameroun<\/strong> : le personnel du LABOGENIE en gr\u00e8ve d\u00e8s le 26 juin prochain<\/a> (Al Widha)<\/p>\n\n\n\n<p><strong><a href=\"https:\/\/www.lalibre.be\/international\/2023\/06\/23\/une-greve-chez-starbucks-en-raison-de-linterdiction-de-decorations-pride-PHPZVV53KZDAXMTSITR34AMPQI\/\">Belgique : Une gr\u00e8ve chez Starbucks en raison de l&rsquo;interdiction de d\u00e9corations \u00ab\u00a0Pride\u00a0\u00bb<\/a> (La Libre)<\/strong><\/p>\n\n\n\n<p><a href=\"https:\/\/www.lapresse.ca\/affaires\/2023-06-23\/casinos-du-quebec\/une-greve-generale-illimitee-declenchee-vendredi.php\"><strong>Canada<\/strong> : Une gr\u00e8ve g\u00e9n\u00e9rale illimit\u00e9e d\u00e9clench\u00e9e vendredi <\/a>(La Presse)<\/p>\n\n\n\n<p><a href=\"https:\/\/www.zonebourse.com\/cours\/action\/WALT-DISNEY-COMPANY-THE-4842\/actualite\/Les-realisateurs-d-Hollywood-ratifient-un-pacte-social-alors-que-les-scenaristes-poursuivent-leur-pi-44182043\/\">Les r\u00e9alisateurs <strong>d&rsquo;Hollywood<\/strong> ratifient un pacte social alors que les sc\u00e9naristes poursuivent leur piquet de gr\u00e8ve<\/a> (Zonebourse)<\/p>\n\n\n\n<p><strong>Analyse<\/strong><\/p>\n\n\n\n<p><a href=\"https:\/\/www.liberation.fr\/societe\/sante\/arrets-de-travail-ce-bon-vieux-mythe-dassures-feignants-usant-de-passe-droits-grace-a-des-medecins-complices-20230621_YYUOXKSRS5D7JPFFDFEPOWORPA\/\">Arr\u00eats de travail : ce bon vieux mythe d\u2019assur\u00e9s feignants usant de passe-droits<\/a> (Lib\u00e9ration)<\/p>\n\n\n\n<p><strong><a href=\"https:\/\/www.contretemps.eu\/mouvement-reforme-retraites-democratie-peuple\/\">On n\u2019est pas une foule, on est un peuple. Le mouvement social et l\u2019enjeu de la d\u00e9mocratie.<\/a> (Contretemps)<\/strong><\/p>\n\n\n\n<p><strong><a href=\"https:\/\/www.bondyblog.fr\/societe\/letat-multiplie-les-recours-pour-remettre-des-familles-a-la-rue\/\">L\u2019\u00c9tat multiplie les recours pour remettre des familles \u00e0 la rue<\/a> (Bondy Blog)<\/strong><\/p>\n\n\n\n<p class=\"has-text-color\" style=\"color:#f80808\"><strong>23 juin<\/strong><\/p>\n\n\n\n<p><strong><a href=\"https:\/\/www.frustrationmagazine.fr\/dissolution-des-soulevements-de-la-terre-en-route-vers-la-dictature\/\">Dissolution des Soul\u00e8vements de la terre : en route vers la dictature<\/a> (Frustration)<\/strong><\/p>\n\n\n\n<p><strong><a href=\"https:\/\/reporterre.net\/Apres-Sainte-Soline-Loic-poete-maraicher-risque-7-ans-de-prison\">Apr\u00e8s Sainte-Soline, Lo\u00efc, po\u00e8te mara\u00eecher, risque 7 ans de prison <\/a>(Reporterre)<\/strong><\/p>\n\n\n\n<p><strong><a href=\"https:\/\/rapportsdeforce.fr\/classes-en-lutte\/bataille-des-retraites-400-plaintes-et-deja-deux-proces-contre-des-militants-cgt-de-lenergie-062318540\">Bataille des retraites&nbsp;: 400 plaintes et d\u00e9j\u00e0 deux proc\u00e8s contre des militants CGT de l\u2019\u00e9nergie<\/a> (Rapports de force)<\/strong><\/p>\n\n\n\n<p><a href=\"https:\/\/paris-luttes.info\/darmanin-ne-fera-pas-sa-loi-le-17188\">Darmanin ne fera pas sa loi&nbsp;! Le fascisme non plus&nbsp;!<\/a> (Paris-Luttes info)<\/p>\n\n\n\n<p><a href=\"https:\/\/basta.media\/1-5-de-hausse-pour-les-fonctionnaires-est-ce-suffisant-vendredi-debat-Gaelle-Martinez-inflation-services-publics\">1,5&nbsp;% de hausse pour les fonctionnaires, est-ce suffisant&nbsp;? <\/a>(Basta)<\/p>\n\n\n\n<p><a href=\"https:\/\/www.20minutes.fr\/societe\/greve\/4042615-20230623-greve-marseille-martine-vassal-va-demander-requisition-agents-proprete-gare-metro\">Gr\u00e8ve \u00e0 Marseille&nbsp;: Martine Vassal va demander la r\u00e9quisition d&rsquo;agents de propret\u00e9 pour la gare et le m\u00e9tro <\/a>(20 Minutes)<\/p>\n\n\n\n<p><a href=\"https:\/\/www.francebleu.fr\/infos\/faits-divers-justice\/a-sens-yonne-les-greffiers-du-tribunal-judiciaire-en-greve-4876377\">A Sens (Yonne), les greffiers du tribunal judiciaire en gr\u00e8ve<\/a> (ici)<\/p>\n\n\n\n<p><a href=\"https:\/\/www.clicanoo.re\/article\/societe\/2023\/06\/23\/greve-des-personnels-de-la-securite-sociale-devant-la-cgss-6494fd92e909d\">Gr\u00e8ve des personnels de la s\u00e9curit\u00e9 sociale devant la CGSS <\/a>(clicanoo)<\/p>\n\n\n\n<p><a href=\"https:\/\/actu.fr\/bretagne\/guingamp_22070\/hopital-de-guingamp-les-equipes-de-nuit-des-urgences-en-greve-mardi-27-juin_59765530.html\">H\u00f4pital de Guingamp : les \u00e9quipes de nuit des urgences en gr\u00e8ve mardi 27 juin<\/a> (actu)<\/p>\n\n\n\n<p><a href=\"https:\/\/www.ladepeche.fr\/2023\/06\/23\/la-greve-continue-a-geo-bois-11296052.php\">La gr\u00e8ve continue \u00e0 G\u00e9o Bois<\/a> (La D\u00e9p\u00eache)<\/p>\n\n\n\n<p><a href=\"https:\/\/www.clicanoo.re\/article\/societe\/2023\/06\/23\/troisieme-jour-de-greve-pour-les-salaries-de-derichebourg-6494fd9573c08\">Troisi\u00e8me jour de gr\u00e8ve pour les salari\u00e9s de Derichebourg<\/a> (Clicanoo)<\/p>\n\n\n\n<p><a href=\"https:\/\/la1ere.francetvinfo.fr\/polynesie\/tahiti\/polynesie-francaise\/les-salaries-de-la-ccism-en-greve-1408676.html\">Les salari\u00e9s de la CCISM en gr\u00e8ve<\/a> (franceinfo)<\/p>\n\n\n\n<p><a href=\"https:\/\/www.lamarseillaise.fr\/social\/les-salaries-des-organismes-sociaux-en-greve-contre-leur-pauperisation-JO14389264\">Les salari\u00e9s des organismes sociaux en gr\u00e8ve contre leur paup\u00e9risation.<\/a> (La Marseillaise)<\/p>\n\n\n\n<p><a href=\"https:\/\/www.lavoixdunord.fr\/1343825\/article\/2023-06-23\/fourmies-des-distributeurs-de-prospectus-publicitaires-sont-en-greve-illimitee\">Fourmies : des distributeurs de prospectus publicitaires sont en gr\u00e8ve illimit\u00e9e<\/a> (La Voix du Nord)<\/p>\n\n\n\n<p><a href=\"https:\/\/www.lanouvellerepublique.fr\/poitiers\/vienne-les-agents-de-la-securite-sociale-en-greve-pour-un-meilleur-salaire\">Vienne&nbsp;: les agents de la S\u00e9curit\u00e9 sociale en gr\u00e8ve pour un meilleur salaire<\/a> (La Nouvelle r\u00e9publique)<\/p>\n\n\n\n<p><a href=\"https:\/\/www.rue89strasbourg.com\/salaries-auchan-saverne-greve-samedi-267535\">Les salari\u00e9s du Auchan de Saverne en gr\u00e8ve samedi contre la vente de leur magasin<\/a> (Rue 89)<\/p>\n\n\n\n<p><a href=\"https:\/\/www.lanouvellerepublique.fr\/niort\/niort-le-personnel-en-greve-la-fete-du-periscolaire-annulee\">Niort&nbsp;: le personnel en gr\u00e8ve, la f\u00eate du p\u00e9riscolaire annul\u00e9e<\/a> (La Nouvelle R\u00e9publique)<\/p>\n\n\n\n<p><a href=\"https:\/\/www.lamarseillaise.fr\/social\/entre-interpellations-et-coupures-de-courant-le-conflit-s-envenime-chez-laser-CO14389218\">Entre interpellations et coupures de courant, le conflit s\u2019envenime chez Laser<\/a> (La Marseillaise)<\/p>\n\n\n\n<p><a href=\"https:\/\/alencon.maville.com\/actu\/actudet_-a-alencon-les-employes-de-la-caf-et-de-la-cpam-en-greve-pour-de-meilleurs-salaires-_une-5826925_actu.Htm\">\u00c0 Alen\u00e7on, les employ\u00e9s de la CAF et de la CPAM en gr\u00e8ve pour de meilleurs salaires<\/a>&nbsp;(Ouest France)<\/p>\n\n\n\n<p><a href=\"https:\/\/www.lamontagne.fr\/clermont-ferrand-63000\/actualites\/le-personnel-du-smcau-et-les-kines-du-chu-de-clermont-ferrand-en-greve_14331025\/\">Le personnel du SMCAU et les kin\u00e9s du CHU de Clermont-Ferrand en gr\u00e8ve<\/a> (La Montagne)<\/p>\n\n\n\n<p><a href=\"https:\/\/www.sudouest.fr\/charente-maritime\/la-rochelle\/charente-maritime-le-personnel-de-la-cpam-en-greve-15666995.php\">Charente-Maritime&nbsp;: le personnel de la CPAM en gr\u00e8ve<\/a> (Sud Ouest)<\/p>\n\n\n\n<p><a href=\"https:\/\/www.revolutionpermanente.fr\/Repression-syndicale-contre-Christian-Porta-de-la-CGT-Neuhauser-90-de-ses-collegues-se-mettent-en\">Christian Porta, CGT Neuhauser, convoqu\u00e9 par sa direction&nbsp;: 90% de ses coll\u00e8gues en gr\u00e8ve en solidarit\u00e9<\/a> (RP)<\/p>\n\n\n\n<p><strong>Monde<\/strong><\/p>\n\n\n\n<p><a href=\"https:\/\/www.boursier.com\/actualites\/economie\/inflation-pourquoi-les-italiens-font-la-greve-des-pates-49555.html\">Inflation&nbsp;: pourquoi les <strong>Italiens<\/strong> font la gr\u00e8ve des p\u00e2tes<\/a> (boursier com)<\/p>\n\n\n\n<p><a href=\"https:\/\/www.msn.com\/fr-fr\/finance\/economie\/gr%C3%A8ve-chez-spirit-aerosystems-la-production-davions-airbus-et-boeing-menac%C3%A9e\/ar-AA1cTBpz\">&nbsp;<strong>US<\/strong> : Gr\u00e8ve chez Spirit Aerosystems: la production d&rsquo;avions Airbus et Boeing menac\u00e9e?<\/a> (BFM Business)<\/p>\n\n\n\n<p><a href=\"https:\/\/www.leconomistemaghrebin.com\/2023\/06\/22\/a-sfax-les-boulangeries-modernes-en-greve-les-26-27-et-26-juin\/\">A <strong>Sfax<\/strong>, les boulangeries modernes en gr\u00e8ve les 26, 27 et 26 juin.<\/a> ( (L\u2019\u00e9conomiste)<\/p>\n\n\n\n<p><a href=\"https:\/\/www.20min.ch\/fr\/story\/menace-de-greve-dure-a-laeroport-des-le-29-juin-825816517527\"><strong>Gen\u00e8ve<\/strong> : Menace de gr\u00e8ve dure \u00e0 l\u2019a\u00e9roport d\u00e8s le 29 juin<\/a> (20 minutes)<\/p>\n\n\n\n<p><a href=\"https:\/\/fr.investing.com\/news\/stock-market-news\/boeing-senfonce-apres-une-greve-surprise-chez-son-fournisseur-spirit-aerosystems-2186490\"><strong>Boeing<\/strong> s&rsquo;enfonce apr\u00e8s une gr\u00e8ve surprise chez son fournisseur Spirit AeroSystems<\/a> (investing)<\/p>\n\n\n\n<p><strong>Analyse<\/strong><\/p>\n\n\n\n<p><strong><a href=\"https:\/\/www.inegalites.fr\/Les-jeunes-adultes-peu-diplomes-marques-par-le-travail-precaire\">Les jeunes adultes peu dipl\u00f4m\u00e9s, marqu\u00e9s par le travail pr\u00e9caire<\/a> (Observatoire des in\u00e9galit\u00e9s)<\/strong><\/p>\n\n\n\n<p class=\"has-text-color\" style=\"color:#f70505\"><strong>22 juin<\/strong><\/p>\n\n\n\n<p><strong><a href=\"https:\/\/www.revolutionpermanente.fr\/Nous-sommes-tous-les-Soulevements-de-la-Terre-des-milliers-de-personnes-rassemblees-dans-toute-la\">\u00ab&nbsp;Nous sommes tous les Soul\u00e8vements de la Terre&nbsp;\u00bb&nbsp;: des milliers de personnes rassembl\u00e9es dans toute la France<\/a> (RP<\/strong><\/p>\n\n\n\n<p><a href=\"https:\/\/www.miroirsocial.com\/participatif\/le-coeur-syndical-de-casino-la-bataille-pour-lemploi\">Le coeur syndical de Casino \u00e0 la bataille pour l&#8217;emploi <\/a>(Miroir Social)<\/p>\n\n\n\n<p><a href=\"https:\/\/www.humanite.fr\/social-eco\/grande-distribution\/chez-grand-frais-un-modele-social-avarie-800159\">Chez Grand Frais, un mod\u00e8le social avari\u00e9<\/a> (l\u2019Humanit\u00e9)<\/p>\n\n\n\n<p><a href=\"https:\/\/rapportsdeforce.fr\/classes-en-lutte\/racisme-a-la-ratp-la-direction-a-laisse-faire-selon-solidaires-062218500\">Racisme \u00e0 la RATP : \u00ab la direction a laiss\u00e9 faire \u00bb selon Solidaires<\/a> (Rapports de force)<\/p>\n\n\n\n<p><a href=\"https:\/\/rapportsdeforce.fr\/classes-en-lutte\/la-greve-faiblit-a-disney-mais-la-colere-est-toujours-la-062118508\">La gr\u00e8ve faiblit \u00e0 Disney mais \u00ab la col\u00e8re est toujours l\u00e0 \u00bb<\/a> (Rapports de force)<\/p>\n\n\n\n<p><a href=\"https:\/\/www.francebleu.fr\/infos\/economie-social\/en-mayenne-des-salaries-de-gruau-debrayent-pour-demander-une-hausse-des-salaires-et-des-conges-menstruels-5502864\">En Mayenne, des salari\u00e9s de Gruau d\u00e9brayent <\/a>(ici)<\/p>\n\n\n\n<p><a href=\"https:\/\/www.lamontagne.fr\/clermont-ferrand-63000\/actualites\/des-revendications-toujours-d-actualite-pour-les-salaries-de-keolis-dans-le-puy-de-dome_14330330\/\">Des revendications toujours d&rsquo;actualit\u00e9 pour les salari\u00e9s de Keolis dans le Puy-de-D\u00f4me<\/a> (La Montagne)<\/p>\n\n\n\n<p><a href=\"https:\/\/guingamp.maville.com\/actu\/actudet_-hopital-de-guingamp-la-cgt-et-sud-sante-ont-depose-un-preavis-de-greve-a-compter-du-mardi-27-juin-_loc-5824571_actu.Htm\">H\u00f4pital de Guingamp : la CGT et Sud Sant\u00e9 ont d\u00e9pos\u00e9 un pr\u00e9avis de gr\u00e8ve<\/a>&nbsp;(Ouest France)<\/p>\n\n\n\n<p><a href=\"https:\/\/www.lanouvellerepublique.fr\/poitiers\/poitiers-nouvelle-greve-a-l-irts-poitou-charentes-toujours-dans-le-flou\">Poitiers&nbsp;: nouvelle gr\u00e8ve \u00e0 l\u2019IRTS Poitou-Charentes, toujours dans le flou <\/a>(La Nouvelle&nbsp; R\u00e9publique)<\/p>\n\n\n\n<p><a href=\"https:\/\/la1ere.francetvinfo.fr\/reunion\/saint-denis\/a-saint-denis-les-agents-de-la-securite-sociale-sont-en-greve-1408487.html\">A Saint-Denis, les agents de la s\u00e9curit\u00e9 sociale sont en gr\u00e8ve<\/a> (Franceinfo)<\/p>\n\n\n\n<p><a href=\"https:\/\/www.ouest-france.fr\/normandie\/caen-14000\/a-caen-la-greve-des-salaries-de-keolis-bus-verts-est-reconduite-pour-un-troisieme-jour-ce-mercredi-4316fbe6-100f-11ee-9870-ae0e299ef7d2\">A Caen, la gr\u00e8ve des salari\u00e9s de Keolis Bus verts est reconduite pour un troisi\u00e8me jour ce mercredi <\/a>(Ouest France)<\/p>\n\n\n\n<p><a href=\"https:\/\/www.francebleu.fr\/infos\/medias-people\/la-greve-est-terminee-au-journal-sud-ouest-pour-ne-pas-rajouter-de-la-crise-a-la-crise-6457292\">La gr\u00e8ve est termin\u00e9e au journal Sud Ouest pour \u00ab\u00a0ne pas rajouter de la crise \u00e0 la crise\u00a0\u00bb<\/a> (ici)<\/p>\n\n\n\n<p><a href=\"https:\/\/www.lamontagne.fr\/aurillac-15000\/actualites\/les-pompiers-de-l-aeroport-d-aurillac-de-nouveau-en-greve-les-avions-cloues-au-sol_14330376\/\">Les pompiers de l&rsquo;a\u00e9roport d&rsquo;Aurillac de nouveau en gr\u00e8ve, les avions clou\u00e9s au sol<\/a> (La Montagne)<\/p>\n\n\n\n<p><a href=\"https:\/\/www.lavoixdelest.ca\/actualites\/actualites-locales\/2023\/06\/21\/manifestations-et-mandat-de-greve-a-val-des-cerfs-UGCODKSZUJAJ7A6WMJTQCPDABY\/\">Manifestations et mandat de gr\u00e8ve \u00e0 Val-des-Cerfs<\/a> (La Voix de l\u2019Est)<\/p>\n\n\n\n<p><a href=\"https:\/\/www.letelegramme.fr\/cotes-d-armor\/saint-brieuc-22000\/cotes-darmor-un-preavis-de-greve-au-centre-departemental-de-lenfance-et-de-la-famille-6377458.php\">C\u00f4tes-d\u2019Armor&nbsp;: un pr\u00e9avis de gr\u00e8ve au Centre d\u00e9partemental de l\u2019enfance et de la famille<\/a> (Le T\u00e9l\u00e9gramme)<\/p>\n\n\n\n<p><a href=\"https:\/\/france3-regions.francetvinfo.fr\/corse\/corse-du-sud\/ajaccio\/collectivite-de-corse-le-stc-depose-un-preavis-de-greve-2800505.html\">Collectivit\u00e9 de Corse : le STC d\u00e9pose un pr\u00e9avis de gr\u00e8ve<\/a> (franceinfo)<\/p>\n\n\n\n<p><a href=\"https:\/\/www.courrier-picard.fr\/id425487\/article\/2023-06-21\/video-les-salaries-daesio-mutuellede-saint-quentin-en-greve-pour-refuser-daller\">Les salari\u00e9s d\u2019A\u00e9sio Mutuelle de Saint-Quentin en gr\u00e8ve <\/a> (Courrier Picard)<\/p>\n\n\n\n<p><a href=\"https:\/\/www.clicanoo.re\/article\/societe\/2023\/06\/22\/la-greve-de-derichebourg-marche-jusqua-la-regie-de-la-casud\">Les employ\u00e9s de Derichebourg continuent leur combat pour des conditions de travail plus s\u00fbres <\/a>(Clicanoo)<\/p>\n\n\n\n<p><a href=\"https:\/\/actu.fr\/bretagne\/rennes_35238\/greve-des-asem-a-rennes-la-ville-prete-a-suspendre-son-projet_59761233.html\">Gr\u00e8ve des ASEM \u00e0 Rennes : la Ville pr\u00eate \u00e0 suspendre son projet.<\/a> (Actu)<\/p>\n\n\n\n<p><a href=\"https:\/\/www.radiofrance.fr\/francemusique\/greve-a-l-opera-de-paris-une-representation-de-l-histoire-de-manon-annulee-4215332\">Gr\u00e8ve \u00e0 l&rsquo;Op\u00e9ra de Paris&nbsp;:&nbsp;une repr\u00e9sentation de \u00ab\u00a0L&rsquo;Histoire de Manon\u00a0\u00bb annul\u00e9e<\/a> (radiofrance)<\/p>\n\n\n\n<p><a href=\"https:\/\/www.clicanoo.re\/article\/societe\/2023\/06\/22\/greve-a-lusine-edena-treize-salaries-menaces-de-licenciement-6493a942a94f3\">Gr\u00e8ve \u00e0 l&rsquo;usine Edena : treize salari\u00e9s menac\u00e9s de licenciement<\/a> (clicanoo)<\/p>\n\n\n\n<p><strong>Monde<\/strong><\/p>\n\n\n\n<p><a href=\"https:\/\/www.lalibre.be\/dernieres-depeches\/2023\/06\/21\/interdiction-de-manifester-nouvel-appel-a-manifester-contre-le-projet-de-loi-anti-casseurs-FI6UT4VQAVAQHCSLZW5USX4S24\/\"><strong>Belgique<\/strong> &#8211; Interdiction de manifester &#8211; Nouvel appel \u00e0 manifester contre le projet de loi \u00ab\u00a0anti-casseurs\u00a0\u00bb<\/a> (La Libre)<\/p>\n\n\n\n<p><a href=\"https:\/\/www.wsws.org\/fr\/articles\/2023\/06\/22\/ofsm-j22.html\"><strong>Canada<\/strong>: Plus de 1400 travailleurs de National Steel Car votent \u00e0 95% en faveur de la gr\u00e8ve<\/a> (WSWS)<\/p>\n\n\n\n<p><a href=\"https:\/\/www.msn.com\/fr-fr\/finance\/other\/subreddits-en-gr%C3%A8ve-reddit-contre-attaque-et-suspend-des-mod%C3%A9rateurs\/ar-AA1cQ6nj\">Subreddits en gr\u00e8ve : Reddit contre-attaque et suspend des mod\u00e9rateurs<\/a> (Numerama)<\/p>\n\n\n\n<p><a href=\"https:\/\/www.sudinfo.be\/id679449\/article\/2023-06-21\/les-centres-de-distribution-de-bpost-en-greve-herstal-oupeye-et-vise-les\"><strong>Belgique<\/strong> Les centres de distribution de bpost en gr\u00e8ve \u00e0 Herstal, Oupeye et Vis\u00e9: les facteurs protestent contre la r\u00e9organisation de certains services<\/a> (Sudinfo)<\/p>\n\n\n\n<p><strong>Analyse<\/strong><\/p>\n\n\n\n<p><a href=\"https:\/\/www.force-ouvriere.fr\/geants-de-la-technologie-des-dizaines-de-milliers-de-17820\">G\u00e9ants de la technologie&nbsp;: des dizaines de milliers de licenciements<\/a> (FO)<\/p>\n\n\n\n<p><strong><a href=\"https:\/\/www.bondyblog.fr\/societe\/lutter-pour-la-cite-ce-nest-pas-que-des-batiments-quon-detruit-cest-nos-vies-entieres\/\">Lutter pour la cit\u00e9 : \u00ab Ce n\u2019est pas que des b\u00e2timents qu\u2019on d\u00e9truit, c\u2019est nos vies enti\u00e8res \u00bb<\/a>&nbsp; (Bondy Blog)<\/strong><\/p>\n\n\n\n<p class=\"has-text-color\" style=\"color:#f40505\"><strong>21 juin<\/strong><\/p>\n\n\n\n<p><a href=\"https:\/\/paris-luttes.info\/petit-point-sur-les-garde-a-vue-de-17174\">Petit point sur les garde \u00e0 vue de Montreuil dans l\u2019affaire de l\u2019usine Lafarge<\/a> (Paris-Luttes info)<\/p>\n\n\n\n<p><a href=\"https:\/\/www.revolutionpermanente.fr\/Veran-confirme-la-dissolution-des-Soulevements-de-la-Terre-faisons-front\">V\u00e9ran confirme la dissolution des Soul\u00e8vements de la Terre&nbsp;: faisons front&nbsp;!<\/a> (RP)<\/p>\n\n\n\n<p><a href=\"https:\/\/rapportsdeforce.fr\/classes-en-lutte\/la-greve-faiblit-a-disney-mais-la-colere-est-toujours-la-062118508\">La gr\u00e8ve faiblit \u00e0 Disney mais \u00ab la col\u00e8re est toujours l\u00e0 \u00bb<\/a> (Rapports de force)<\/p>\n\n\n\n<p><a href=\"https:\/\/www.clicanoo.re\/article\/societe\/2023\/06\/21\/les-employes-dedena-en-greve-illimitee\">Les employ\u00e9s d\u2019Edena en gr\u00e8ve illimit\u00e9e<\/a> (Clicanoo)<\/p>\n\n\n\n<p><a href=\"https:\/\/www.ouest-france.fr\/pays-de-la-loire\/allonnes-72700\/greve-a-ntn-allonnes-la-direction-napporte-que-des-clopinettes-pointe-la-cgt-674ff4ae-0f7e-11ee-82d9-1595e59c7296\">Gr\u00e8ve \u00e0 NTN Allonnes&nbsp;: la direction n\u2019apporte \u00ab&nbsp;que des clopinettes&nbsp;\u00bb, pointe la CGT<\/a> (Ouest France)<\/p>\n\n\n\n<p><a href=\"https:\/\/www.ladepeche.fr\/2023\/06\/20\/la-bastide-de-bousignac-en-greve-les-employes-de-geo-bois-luttent-pour-leurs-salaires-et-leurs-conditions-de-travail-11290001.php\">En gr\u00e8ve, les employ\u00e9s de G\u00e9o Bois luttent pour leurs salaires et leurs conditions de travail<\/a> (La D\u00e9p\u00eache)<\/p>\n\n\n\n<p><a href=\"https:\/\/www.francebleu.fr\/infos\/economie-social\/greve-chez-ikea-a-dijon-on-attend-de-meilleurs-salaires-1680777\">Gr\u00e8ve chez Ikea&nbsp;: \u00e0 Dijon, on attend de meilleurs salaires<\/a> (ici)<\/p>\n\n\n\n<p><a href=\"https:\/\/www.rue89strasbourg.com\/greve-aux-hopitaux-universitaires-de-strasbourg-on-a-limpression-que-la-direction-veut-la-mort-de-lhopital-public-267369\">Gr\u00e8ve&nbsp;aux H\u00f4pitaux universitaires de Strasbourg <\/a> (Rue 89 Strasbourg)<\/p>\n\n\n\n<p><a href=\"https:\/\/la1ere.francetvinfo.fr\/guyane\/reprise-du-mouvement-de-greve-a-la-societe-argos-1408091.html\">Reprise du mouvement de gr\u00e8ve \u00e0 la soci\u00e9t\u00e9 Argos<\/a> (franceinfo)<\/p>\n\n\n\n<p><a href=\"https:\/\/marsactu.fr\/bref\/neuvieme-jour-de-greve-des-salaries-de-laser-proprete-a-la-gare-et-sur-le-reseau-rtm\/\">Neuvi\u00e8me jour de gr\u00e8ve des salari\u00e9s de Laser Propret\u00e9 \u00e0 la gare et sur le r\u00e9seau RTM<\/a> (Mars Actu)<\/p>\n\n\n\n<p><a href=\"https:\/\/www.msn.com\/fr-fr\/finance\/other\/bordeaux-les-journalistes-du-quotidien-sud-ouest-en-gr%C3%A8ve-il-en-va-de-l-avenir-de-notre-journal\/ar-AA1cO96s\">Les journalistes du quotidien \u00ab Sud Ouest \u00bb en gr\u00e8ve, \u00ab il en va de l\u2019avenir de notre journal \u00bb<\/a> (20 Minutes)<\/p>\n\n\n\n<p><a href=\"https:\/\/www.lejsl.com\/economie\/2023\/06\/20\/greve-a-la-plateforme-de-preparation-et-distribution-du-courrier\">Gr\u00e8ve \u00e0 la plateforme de pr\u00e9paration et distribution du courrier<\/a> (Le Journal de S et L)<\/p>\n\n\n\n<p><strong>Monde<\/strong><\/p>\n\n\n\n<p><a href=\"https:\/\/www.liberation.fr\/culture\/cinema\/greve-a-hollywood-et-si-les-acteurs-sy-mettaient-20230620_7JT6XRXNPVED5LPDOQWGF53S5M\/\">Gr\u00e8ve \u00e0 <strong>Hollywood<\/strong>&nbsp;: et si les acteurs s\u2019y mettaient&nbsp;?<\/a> (Lib\u00e9ration)<\/p>\n\n\n\n<p><strong>Analyse<\/strong><\/p>\n\n\n\n<p><strong><a href=\"https:\/\/www.inegalites.fr\/La-lutte-contre-les-inegalites-est-avant-tout-une-question-de-valeurs-Entretien\">\u00ab&nbsp;La lutte contre les in\u00e9galit\u00e9s est avant tout une question de valeurs&nbsp;\u00bb. Entretien avec A. Brunner&nbsp; <\/a>(ODI)<\/strong><\/p>\n\n\n\n<p><a href=\"https:\/\/www.force-ouvriere.fr\/la-formation-professionnelle-continue-victime-des-politiques-d\">La formation professionnelle continue&nbsp;: victime des politiques d\u2019aust\u00e9rit\u00e9<\/a> (FO)<\/p>\n\n\n\n<p><strong><a href=\"https:\/\/reporterre.net\/Soulevements-de-la-Terre-une-dissolution-lourde-de-consequences\">Soul\u00e8vements de la Terre&nbsp;: une dissolution lourde de cons\u00e9quences<\/a> (Reporterre)<\/strong><\/p>\n\n\n\n<p><a href=\"https:\/\/www.bondyblog.fr\/culture\/lolita-bourdet-portrait-dune-artiste-montreuilloise-engagee\/\">Lolita Bourdet, portrait d\u2019une artiste montreuilloise engag\u00e9e<\/a> (Bondy blog)<\/p>\n\n\n\n<p class=\"has-text-color\" style=\"color:#f60202\"><strong>20 juin<\/strong><\/p>\n\n\n\n<p><a href=\"https:\/\/www.politis.fr\/articles\/2023\/06\/au-palais-de-la-porte-doree-les-guides-conferenciers-uberises\/\">Au Palais de la Porte Dor\u00e9e,&nbsp;les guides-conf\u00e9renciers ub\u00e9ris\u00e9s<\/a> (Politis)<\/p>\n\n\n\n<p><a href=\"https:\/\/lundi.am\/NO-TAV\">Retour sur la manifestation NO TAV du 17 juin <\/a>( lundi matin)<\/p>\n\n\n\n<p><a href=\"https:\/\/www.revolutionpermanente.fr\/20-juin-les-hospitaliers-en-greve-et-dans-la-rue-pour-exiger-des-hausses-de-salaires\">20 juin&nbsp;: les hospitaliers \u00ab&nbsp;en gr\u00e8ve et dans la rue&nbsp;\u00bb pour exiger des hausses de salaires <\/a>(RP)<\/p>\n\n\n\n<p><a href=\"https:\/\/www.humanite.fr\/social-eco\/courtepaille\/courtepaille-une-reprise-qui-coute-1-500-emplois-799663\">Courtepaille\u2009: une reprise qui co\u00fbte 1&nbsp;500 emplois <\/a>(l\u2019Humanit\u00e9)<\/p>\n\n\n\n<p><a href=\"https:\/\/www.bladi.net\/sete-bateau-greve-meridionale-maroc,102675.html\">Gr\u00e8ve au port de S\u00e8te<\/a> (bladi net)<\/p>\n\n\n\n<p><a href=\"https:\/\/www.francebleu.fr\/infos\/economie-social\/photos-les-poubelles-debordent-toujours-dans-la-gare-et-le-metro-a-marseille-4391346\">VID\u00c9O &#8211; Les poubelles d\u00e9bordent toujours dans la gare et le m\u00e9tro de Marseille<\/a> (ici)<\/p>\n\n\n\n<p><a href=\"https:\/\/www.corsematin.com\/articles\/greve-levee-a-la-meridionale-et-a-la-corsica-linea-la-cgt-marins-appelle-a-la-un-mouvement-national-mercredi-143665\">Gr\u00e8ve lev\u00e9e \u00e0 la M\u00e9ridionale et \u00e0 la Corsica Linea, la CGT Marins appelle \u00e0 la un mouvement national mercredi<\/a> (Corse matin)<\/p>\n\n\n\n<p><a href=\"https:\/\/www.francebleu.fr\/infos\/economie-social\/60-employes-de-refresco-dans-la-drome-sont-en-greve-depuis-une-semaine-pour-leurs-conditions-de-travail-6482660\">60 employ\u00e9s de Refresco, dans la Dr\u00f4me, sont en gr\u00e8ve depuis une semaine pour leurs conditions de travail<\/a> (ici)<\/p>\n\n\n\n<p><a href=\"https:\/\/www.msn.com\/fr-fr\/actualite\/france\/le-ton-se-durcit-%C3%A0-basse-goulaine-les-agents-techniques-municipaux-en-gr%C3%A8ve\/ar-AA1cL3in\">Le ton se durcit \u00e0 Basse-Goulaine : les agents techniques municipaux en gr\u00e8ve<\/a> (Ouest France)<\/p>\n\n\n\n<p><a href=\"https:\/\/www.courrier-picard.fr\/id424917\/article\/2023-06-19\/saint-gobain-ferme-ses-bureaux-dans-loise-les-salaries-en-greve\">Saint-Gobain ferme son service finances dans l\u2019Oise : les salari\u00e9s en gr\u00e8ve<\/a> (Le Courrier Picard)<\/p>\n\n\n\n<p><a href=\"Getir%20plac%C3%A9%20en%20redressement%20judiciaire%20:%20des%20salari%C3%A9s%20de%20Gorillas%20en%20gr%C3%A8ve\">Getir plac\u00e9 en redressement judiciaire : des salari\u00e9s de Gorillas en gr\u00e8ve<\/a> (msn)<\/p>\n\n\n\n<p><a href=\"https:\/\/www.if-saint-etienne.fr\/breves\/lancee-dans-la-loire-la-greve-a-grand-frais-pourrait-setendre-a-la-france\">Lanc\u00e9e dans la Loire, la gr\u00e8ve \u00e0 Grand Frais pourrait s\u2019\u00e9tendre \u00e0 la France<\/a> (if)<\/p>\n\n\n\n<p><a href=\"https:\/\/www.courrier-picard.fr\/id424903\/article\/2023-06-19\/parc-samara-le-preavis-de-greve-est-maintenu-pour-ce-mardi-20-juin\">Parc Samara: le pr\u00e9avis de gr\u00e8ve est maintenu pour ce mardi 20 juin<\/a> (Courrier Picard)<\/p>\n\n\n\n<p><a href=\"https:\/\/www.bienpublic.com\/social\/2023\/06\/20\/un-appel-a-la-greve-ce-mardi-chez-ikea-ce-que-veulent-les-syndicats\">Un appel \u00e0 la gr\u00e8ve ce mardi chez Ikea : ce que veulent les syndicats<\/a> (Le Bien public)<\/p>\n\n\n\n<p><a href=\"https:\/\/www.ladepeche.fr\/2023\/06\/19\/tisseo-le-conflit-se-transporte-au-tribunal-11287435.php\">Tiss\u00e9o : le conflit se transporte au tribunal<\/a> (La D\u00e9p\u00eache)<\/p>\n\n\n\n<p><a href=\"https:\/\/www.humanite.fr\/social-eco\/hopital-public\/greve-des-hospitaliers-ce-mardi-voici-la-realite-du-mal-etre-dans-l-hopital-public-799651\">Gr\u00e8ve des hospitaliers ce mardi&nbsp;: voici la r\u00e9alit\u00e9 du mal-\u00eatre dans l\u2019h\u00f4pital public<\/a> (l\u2019Humanit\u00e9)<\/p>\n\n\n\n<p><a href=\"https:\/\/www.ladepeche.fr\/2023\/06\/19\/greve-chez-disneyland-paris-sixieme-journee-de-mobilisation-que-reclament-les-salaries-du-parc-dattractions-11286905.php\">Disneyland Paris : sixi\u00e8me journ\u00e9e de mobilisation&#8230; que r\u00e9clament les salari\u00e9s du parc d&rsquo;attractions ?<\/a> (La D\u00e9p\u00eache)<\/p>\n\n\n\n<p><a href=\"https:\/\/www.midilibre.fr\/2023\/06\/19\/marins-en-greve-la-cgt-annonce-un-blocage-du-trafic-maritime-entre-sete-marseille-et-les-pays-du-maghreb-11286520.php\">Marins en gr\u00e8ve : la CGT annonce un blocage du trafic maritime entre S\u00e8te, Marseille et les pays du Maghreb<\/a> (Midi Libre)<\/p>\n\n\n\n<p><a href=\"https:\/\/www.ouest-france.fr\/normandie\/caen-14000\/la-greve-reconduite-ce-mardi-20-juin-chez-keolis-bus-verts-dans-le-calvados-10943dfc-0f40-11ee-82d9-1595e59c7296\">La gr\u00e8ve reconduite ce mardi 20 juin, chez Keolis Bus Verts, dans le Calvados<\/a> (Ouest France)<\/p>\n\n\n\n<p><strong>Monde<\/strong><\/p>\n\n\n\n<p><a href=\"https:\/\/www.contretemps.eu\/politique-conflit-mondes-entretien-ranciere\/\"><strong>Iran<\/strong> \u00ab&nbsp;Un conflit de mondes plut\u00f4t qu\u2019un conflit de forces&nbsp;\u00bb. Entretien avec Jacques Ranci\u00e8re<\/a> (Contretemps)<\/p>\n\n\n\n<p><a href=\"https:\/\/www.revolutionpermanente.fr\/Argentine-A-Jujuy-une-reforme-autoritaire-declenche-une-profonde-mobilisation-populaire\"><strong>Argentine<\/strong>. A Jujuy, une r\u00e9forme autoritaire d\u00e9clenche une profonde mobilisation populaire<\/a> (RP)<\/p>\n\n\n\n<p><a href=\"https:\/\/www.wsws.org\/fr\/articles\/2023\/06\/20\/whly-j20.html\"><strong>Allemagne<\/strong> : Le dirigeant du syndicat des cheminots transforme le syndicat en une agence de travail temporaire<\/a> (WSWS)<\/p>\n\n\n\n<p><a href=\"https:\/\/www.zonebourse.com\/cours\/action\/NEXI-S-P-A-57291674\/actualite\/Les-employes-de-Nexi-se-mettent-en-greve-et-s-affrontent-sur-les-salaires-et-les-primes-44140428\/\"><strong>Italie<\/strong> &#8211; Les employ\u00e9s de Nexi se mettent en gr\u00e8ve et s&rsquo;affrontent sur les salaires et les primes<\/a> (Zone bourse)<\/p>\n\n\n\n<p><a href=\"https:\/\/www.dhnet.be\/regions\/bruxelles\/2023\/06\/20\/tensions-lors-de-la-greve-au-delhaize-de-flagey-mais-qui-a-appele-la-police-W6TGR4ZSOJBSTAHLX27QZVL3QU\/\"><strong>Belgique<\/strong> : Tensions lors de la gr\u00e8ve au Delhaize de Flagey : mais qui a appel\u00e9 la police&nbsp;?<\/a> (DH)<\/p>\n\n\n\n<p><strong>Analyse<\/strong><\/p>\n\n\n\n<p><strong>&nbsp;<a href=\"https:\/\/alencontre.org\/europe\/france\/france-mobilisation-pour-les-retraites-des-perspectives-en-clair-obscur.html\">\u00abMobilisation pour les retraites: des perspectives en clair-obscur\u00bb<\/a> (A l\u2019encontre)<\/strong><\/p>\n\n\n\n<p><strong><a href=\"https:\/\/www.frustrationmagazine.fr\/burn-out\/\">Burn-out : comment le salariat nous crame<\/a> (Frustration)<\/strong><\/p>\n\n\n\n<p><a href=\"https:\/\/lundi.am\/Paris-le-lycee-Victor-Hugo-occupe\">Paris : occupation du lyc\u00e9e Victor-Hugo<\/a> (lundi matin)<\/p>\n\n\n\n<p><a href=\"https:\/\/lundi.am\/NE-FRANCE-TRAVAILLEZ-JAMAIS\">Ne France-travaillez jamais !<\/a> (Lundi matin)<\/p>\n\n\n\n<p><a href=\"https:\/\/www.marianne.net\/societe\/sante\/baisse-du-remboursement-des-soins-dentaires-on-individualise-la-protection-sociale\">Baisse du&nbsp;remboursement des soins dentaires&nbsp;: \u00ab\u00a0On individualise la protection sociale\u00a0\u00bb<\/a> (Marianne)<\/p>\n\n\n\n<p><strong><a href=\"https:\/\/www.politis.fr\/articles\/2023\/06\/611-morts-dans-la-rue-et-lindifference\/\">611 morts dans la rue et l\u2019indiff\u00e9rence <\/a>(Politis)<\/strong><\/p>\n\n\n\n<p><strong><a href=\"https:\/\/reporterre.net\/Agriculteurs-au-RSA-la-bequille-d-une-profession-en-crise\">Agriculteurs au&nbsp;RSA&nbsp;: la b\u00e9quille d\u2019une profession en crise<\/a> (Reporterre)<\/strong><\/p>\n\n\n\n<p class=\"has-text-color\" style=\"color:#f40404\"><strong>19 juin<\/strong><\/p>\n\n\n\n<p><a href=\"https:\/\/www.france24.com\/fr\/france\/20230617-les-opposants-%C3%A0-la-ligne-ferroviaire-lyon-turin-d%C3%A9termin%C3%A9s-%C3%A0-manifester-malgr%C3%A9-l-interdiction\">Ligne ferroviaire Lyon-Turin : plusieurs milliers d&rsquo;opposants mobilis\u00e9s, de br\u00e8ves \u00e9chauffour\u00e9es <\/a>(France 24)<\/p>\n\n\n\n<p><strong><a href=\"https:\/\/rebellyon.info\/article25009-25009\">Communiqu\u00e9 du S.<\/a> (Rebellyon)<\/strong><\/p>\n\n\n\n<p><a href=\"https:\/\/www.revolutionpermanente.fr\/RP-poursuivi-en-justice-syndicats-politiques-et-collectifs-appellent-a-se-mobiliser-le-20-juin\">RP poursuivi en justice&nbsp;: syndicats, politiques et collectifs appellent \u00e0 se mobiliser le 20 juin&nbsp;!<\/a> (RP)<\/p>\n\n\n\n<p><a href=\"https:\/\/www.force-ouvriere.fr\/orano-greves-repetees-pour-une-meilleure-retribution-du-rythme-17817\">Orano&nbsp;: gr\u00e8ves r\u00e9p\u00e9t\u00e9es pour une meilleure r\u00e9tribution du rythme en 5&#215;8<\/a> (FO)<\/p>\n\n\n\n<p><a href=\"https:\/\/www.blast-info.fr\/articles\/2023\/tereos-la-fuite-en-avant-apres-la-pollution-Lzz887K2SiaKQie8kvxmfQ\">Tereos : La fuite en avant (apr\u00e8s la pollution<\/a>) (Blast)<\/p>\n\n\n\n<p><a href=\"https:\/\/www.msn.com\/fr-fr\/voyage\/actualite\/disneyland-paris-nouvel-appel-%C3%A0-la-gr%C3%A8ve-ce-lundi\/ar-AA1cJgOa\">Disneyland Paris : nouvel appel \u00e0 la gr\u00e8ve ce lundi<\/a> (msn)<\/p>\n\n\n\n<p><a href=\"https:\/\/www.lamarseillaise.fr\/social\/preavis-de-greve-des-marins-contre-la-liberalisation-du-transport-maritime-EA14368963\">Pr\u00e9avis de gr\u00e8ve des marins contre la lib\u00e9ralisation du transport maritime<\/a> (La Marseillaise)<\/p>\n\n\n\n<p><a href=\"https:\/\/www.ouest-france.fr\/economie\/greve\/des-perturbations-prevues-lundi-sur-les-lignes-des-bus-nomad-et-twisto-en-raison-dune-greve-abd4781a-0dbd-11ee-891e-aa538ff341aa\">Gr\u00e8ve. Des perturbations pr\u00e9vues lundi dans le Calvados, sur les lignes des bus Nomad et Twisto<\/a> (Ouest France)<\/p>\n\n\n\n<p><a href=\"https:\/\/www.franceguyane.fr\/actualite\/education-sante-environnement\/saint-laurent-les-enseignants-de-lecole-maternelle-suzette-labadie-cambot-en-greve-ce-lundi-19-juin-940615.php\">Saint-Laurent : les enseignants de l&rsquo;\u00e9cole maternelle Suzette Labadie Cambot en gr\u00e8ve, ce lundi 19 juin <\/a>(France-Guyane)<\/p>\n\n\n\n<p><a href=\"https:\/\/www.lejdc.fr\/nevers-58000\/actualites\/le-point-sur-les-lignes-de-bus-a-nevers-perturbees-par-le-mouvement-de-greve_14328222\/\">Le point sur les lignes de bus \u00e0 Nevers perturb\u00e9es par le mouvement de gr\u00e8ve<\/a> (Journal du Centre)<\/p>\n\n\n\n<p><a href=\"https:\/\/www.msn.com\/fr-fr\/actualite\/france\/le-patron-de-total-anticipe-une-augmentation-de-2-pour-ses-salari%C3%A9s-afin-d-%C3%A9viter-une-nouvelle-gr%C3%A8ve\/ar-AA1cHUpq\">Le patron de Total anticipe une augmentation de 2 % pour ses salari\u00e9s afin d\u2019\u00e9viter une nouvelle gr\u00e8ve<\/a> (Lib\u00e9ration)<\/p>\n\n\n\n<p><a href=\"https:\/\/www.lanouvellerepublique.fr\/deux-sevres\/commune\/saint-maixent-l-ecole\/deux-sevres-force-ouvriere-lance-un-appel-a-la-greve-mardi-20-juin\">Deux-S\u00e8vres&nbsp;: Force Ouvri\u00e8re lance un appel \u00e0 la gr\u00e8ve mardi 20&nbsp;juin<\/a> (La Nouvelle R\u00e9publique)<\/p>\n\n\n\n<p><a href=\"https:\/\/www.sudouest.fr\/pyrenees-atlantiques\/bayonne\/bayonne-risque-de-fermeture-de-la-mvc-polo-beyris-des-salaries-disent-leur-colere-15617952.php\">Bayonne. Risque de fermeture de la MVC du Polo-Beyris&nbsp;: des salari\u00e9s disent leur \u00ab&nbsp;col\u00e8re&nbsp;\u00bb<\/a> (Sud Ouest)<\/p>\n\n\n\n<p><a href=\"https:\/\/www.msn.com\/fr-fr\/actualite\/france\/h%C3%B4pital-nouvelle-journ%C3%A9e-de-mobilisation-mardi\/ar-AA1cHHgp\">H\u00f4pital : nouvelle journ\u00e9e de mobilisation mardi <\/a>(msn)<\/p>\n\n\n\n<p><strong>Monde<\/strong><\/p>\n\n\n\n<p><a href=\"https:\/\/www.revolutionpermanente.fr\/Violente-repression-contre-les-mobilisations-a-Jujuy-liberez-Natalia-Lucho-et-tous-les-interpelles\"><strong>Argentine<\/strong> : Violente r\u00e9pression contre les mobilisations \u00e0 Jujuy&nbsp;: lib\u00e9rez Natalia, Lucho et tous les interpell\u00e9s&nbsp;! <\/a>(RP)<\/p>\n\n\n\n<p><a href=\"https:\/\/www.moustique.be\/actu\/consommation\/2023\/06\/18\/delhaize-bruxelles-wallonie-greve-reprise-magasins-franchises-264282\"><strong>Belgique<\/strong> : Reprise de la gr\u00e8ve devant certains Delhaize en Wallonie et \u00e0 Bruxelles<\/a> (moustique)<\/p>\n\n\n\n<p><strong>Analyse<\/strong><\/p>\n\n\n\n<p><strong><a href=\"https:\/\/afriquexxi.info\/Mayotte-une-ile-en-pleine-depression\">Mayotte, une \u00eele en pleine d\u00e9pression<\/a> (afrique XXI)<\/strong><\/p>\n\n\n\n<p><strong><a href=\"https:\/\/www.nonfiction.fr\/article-11736-du-logement-a-lecofeminisme-luttes-sociales-en-pratique.htm\">Du logement \u00e0 l&rsquo;\u00e9cof\u00e9minisme : luttes sociales en pratique<\/a> (Nonfiction)<\/strong><\/p>\n\n\n\n<p><strong><a href=\"https:\/\/basta.media\/Comment-l-industrie-agroalimentaire-tente-de-nous-servir-de-nouveaux-OGM-alimentation-agriculture\">Comment l\u2019industrie agroalimentaire tente de nous servir de nouveaux OGM<\/a> (Basta)<\/strong><\/p>\n\n\n\n<p><strong><a href=\"https:\/\/theconversation.com\/retraites-quatorze-manifestations-plus-tard-quels-scenarios-pour-laction-syndicale-207934\">Retraites : quatorze manifestations plus tard, quels sc\u00e9narios pour l\u2019action syndicale&nbsp;?<\/a> (The conversation)<\/strong><\/p>\n\n\n\n<p class=\"has-text-color\" style=\"color:#f60505\"><strong>17 juin<\/strong><\/p>\n\n\n\n<p><a href=\"https:\/\/www.force-ouvriere.fr\/les-retraites-manifestent-pour-la-revalorisation-des-pensions\">Les retrait\u00e9s manifestent pour la revalorisation des pensions<\/a> (FO)<\/p>\n\n\n\n<p><a href=\"https:\/\/la1ere.francetvinfo.fr\/reunion\/preavis-de-greve-chez-derichebourg-le-ramassage-des-dechets-pourrait-etre-impacte-a-saint-joseph-et-saint-philippe-1406998.html\">Pr\u00e9avis de gr\u00e8ve chez Derichebourg<\/a> (Franceinfo)<\/p>\n\n\n\n<p><a href=\"https:\/\/www.ladepeche.fr\/2023\/06\/17\/id-logistics-sante-des-salaries-en-greve-11283195.php\">ID Logistics Sant\u00e9 : des salari\u00e9s en gr\u00e8ve<\/a> (la D\u00e9p\u00eache)<\/p>\n\n\n\n<p><a href=\"https:\/\/www.francebleu.fr\/infos\/societe\/greve-tisseo-nouvelle-journee-de-mobilisation-mercredi-21-juin-3624605\">Gr\u00e8ve \u00e0 Tiss\u00e9o&nbsp;: nouvelle journ\u00e9e de mobilisation mercredi 21 juin<\/a> (ici)<\/p>\n\n\n\n<p><a href=\"https:\/\/www.ouest-france.fr\/economie\/transports\/greve-de-keolis-bus-verts-dans-le-calvados-on-va-perdre-beaucoup-davantages-sociaux-400700f0-0c49-11ee-8c50-0fd99fb8fbe3\">Gr\u00e8ve de Keolis Bus Verts dans le Calvados&nbsp;: \u00ab&nbsp;On va perdre beaucoup d\u2019avantages sociaux&nbsp;\u00bb<\/a> (Ouest France)<\/p>\n\n\n\n<p><a href=\"https:\/\/www.francebleu.fr\/infos\/economie-social\/fin-de-la-greve-chez-mademoiselle-desserts-en-dordogne-un-accord-trouve-avec-les-syndicats-2493624\">Fin de la gr\u00e8ve chez Mademoiselle Desserts en Dordogne, un accord trouv\u00e9 avec les syndicats<\/a> (ici)<\/p>\n\n\n\n<p><a href=\"https:\/\/france3-regions.francetvinfo.fr\/provence-alpes-cote-d-azur\/bouches-du-rhone\/marseille\/la-greve-des-agents-de-nettoyage-de-la-gare-saint-charles-a-marseille-continue-2796754.html\">La gr\u00e8ve des agents de nettoyage de la gare Saint-Charles \u00e0 Marseille continue<\/a> (franceinfo)<\/p>\n\n\n\n<p><a href=\"https:\/\/www.lejdc.fr\/nevers-58000\/actualites\/des-chauffeurs-de-bus-de-nevers-seront-en-greve-a-partir-de-lundi-19-juin_14327502\/\">Des chauffeurs de bus de Nevers seront en gr\u00e8ve \u00e0 partir de lundi 19 juin<\/a> (Le Journal du Centre)<\/p>\n\n\n\n<p><a href=\"https:\/\/www.lanouvellerepublique.fr\/deux-sevres\/deux-sevres-appel-a-la-greve-le-22-juin-dans-les-organismes-sociaux\">Deux-S\u00e8vres&nbsp;: appel \u00e0 la gr\u00e8ve le 22&nbsp;juin dans les organismes sociaux<\/a> (La Nouvelle R\u00e9publique)<\/p>\n\n\n\n<p><a href=\"https:\/\/brest.maville.com\/sport\/detail_-pole-de-readaptation-a-concarneau-la-colere-gronde-chez-les-equipes-medico-soignantes-_fil-5817586_actu.Htm\">P\u00f4le de r\u00e9adaptation \u00e0 Concarneau : la col\u00e8re gronde chez les \u00e9quipes m\u00e9dico-soignantes<\/a>&nbsp;(Ouest France)<\/p>\n\n\n\n<p><a href=\"https:\/\/www.lanouvellerepublique.fr\/indre-et-loire\/maisons-de-la-solidarite-en-indre-et-loire-les-syndicats-fsu-et-cgt-inquiets\">Maisons de la solidarit\u00e9 en Indre-et-Loire&nbsp;: les syndicats FSU et CGT inquiets<\/a> (La Nouvelle R\u00e9publique )<\/p>\n\n\n\n<p><a href=\"https:\/\/www.msn.com\/fr-fr\/actualite\/france\/a-france-bleu-les-travailleurs-de-l-ombre-des-matinales-obtiennent-gain-de-cause\/ar-AA1cE0WW\">A France Bleu, les travailleurs de l\u2019ombre des matinales obtiennent gain de cause<\/a> (Lib\u00e9ration)<\/p>\n\n\n\n<p><strong>Monde<\/strong><\/p>\n\n\n\n<p><a href=\"https:\/\/www.wsws.org\/fr\/articles\/2023\/06\/17\/wksd-j17.html\">US : La Maison-Blanche cherche \u00e0 imposer une entente de principe aux dockers de la c\u00f4te ouest<\/a> (WSWS)<\/p>\n\n\n\n<p><a href=\"https:\/\/www.zonebourse.com\/cours\/action\/AMAZON-COM-INC-12864605\/actualite\/UPS-face-a-la-menace-d-une-grande-greve-aux-Etats-Unis-44126423\/\">UPS face \u00e0 la menace d&rsquo;une grande gr\u00e8ve aux Etats-Unis<\/a> (Zonebourse)<\/p>\n\n\n\n<p><a href=\"https:\/\/www.lalibre.be\/belgique\/societe\/2023\/06\/16\/les-travailleuses-domestiques-en-greve-pour-revendiquer-leurs-droits-fondamentaux-Y3RBJOMIYJA2VMQOH3JXC5KNOM\/\">Belgique : Les travailleuses domestiques en gr\u00e8ve pour revendiquer leurs droits fondamentaux <\/a>(La Libre)<\/p>\n\n\n\n<p><strong>Analyse<\/strong><\/p>\n\n\n\n<p><strong><a href=\"https:\/\/www.inegalites.fr\/Mal-emploi\">Mal-emploi&nbsp;: pr\u00e8s de huit millions de personnes fragilis\u00e9es<\/a> (Observatoire des in\u00e9galit\u00e9s)<\/strong><\/p>\n\n\n\n<p><strong><a href=\"https:\/\/www.politis.fr\/articles\/2023\/06\/onu-etrille-la-france-pour-son-maintien-de-lordre\/\">L\u2019ONU \u00e9trille la France pour son maintien de l\u2019ordre<\/a> (Politis)<\/strong><\/p>\n\n\n\n<p><a href=\"https:\/\/www.politis.fr\/articles\/2023\/06\/les-services-de-renseignements-sinteressent-de-plus-en-plus-aux-militants\/\">Les services de renseignements s\u2019int\u00e9ressent de plus en plus aux militants<\/a> (Politis)<\/p>\n\n\n\n<p><a href=\"https:\/\/rebellyon.info\/Un-appel-a-dons-pour-financer-le-premier-25005\">Un appel \u00e0 dons pour financer le premier guide pour les victimes de violences polici\u00e8res<\/a> (Rebellyon)<\/p>\n\n\n\n<p class=\"has-text-color\" style=\"color:#f60707\"><strong>16 juin<\/strong><\/p>\n\n\n\n<p><strong>Retraites<\/strong><\/p>\n\n\n\n<p><a href=\"https:\/\/www.revolutionpermanente.fr\/Bataille-des-retraites-l-heure-des-bilans\">Bataille des retraites&nbsp;: l\u2019heure des bilans<\/a> (RP)<\/p>\n\n\n\n<p><strong>France<\/strong><\/p>\n\n\n\n<p><strong><a href=\"https:\/\/paris-luttes.info\/m-tue-par-les-flics-au-cra-de-17179\">Manifestation contre les&nbsp;CRA, les fronti\u00e8res et toutes les prisons&nbsp;!<\/a> (Paris-Luttes info)<\/strong><\/p>\n\n\n\n<p><a href=\"https:\/\/www.miroirsocial.com\/participatif\/conditions-de-travail-degradees-la-macif-la-cgt-alerte-une-nouvelle-fois-la-direction\">Conditions de travail d\u00e9grad\u00e9es \u00e0 la Macif : La CGT alerte une nouvelle fois la direction <\/a>(Miroir Social)<\/p>\n\n\n\n<p><a href=\"https:\/\/www.revolutionpermanente.fr\/Greve-massive-pour-les-salaires-a-NTN-Allonnes-Pratiquement-rien-ne-sort-de-l-usine\">Le Bourget&nbsp;: les aiguilleurs en gr\u00e8ve massive pour d\u00e9fendre le Fret aux c\u00f4t\u00e9s des militants \u00e9colos (RP)<\/a><\/p>\n\n\n\n<p><a href=\"https:\/\/www.revolutionpermanente.fr\/Greve-massive-pour-les-salaires-a-NTN-Allonnes-Pratiquement-rien-ne-sort-de-l-usine\">Gr\u00e8ve massive pour les salaires \u00e0 NTN Allonnes&nbsp;: \u00ab&nbsp;Pratiquement rien ne sort de l\u2019usine&nbsp;\u00bb<\/a> (RP)<\/p>\n\n\n\n<p><a href=\"https:\/\/www.force-ouvriere.fr\/wallis-et-futuna-les-enseignants-en-greve-pour-une-egalite-de\">Wallis et Futuna&nbsp;: les enseignants en gr\u00e8ve pour une \u00e9galit\u00e9 de traitement<\/a> (FO)<\/p>\n\n\n\n<p><a href=\"https:\/\/www.force-ouvriere.fr\/menaces-sur-le-front-de-l-emploi-dans-la-grande-distribution\">Menaces sur le front de l\u2019emploi dans la grande distribution<\/a> (FO)<\/p>\n\n\n\n<p><a href=\"https:\/\/www.ouest-france.fr\/bretagne\/rennes-35000\/a-rennes-les-agents-des-ecoles-en-greve-occupent-brievement-la-mairie-e8b6cf20-0b9d-11ee-b114-e17c9aa1db34\">\u00c0 Rennes, les agents des \u00e9coles en gr\u00e8ve occupent bri\u00e8vement la mairie<\/a> (Ouest France)<\/p>\n\n\n\n<p><a href=\"https:\/\/www.francebleu.fr\/infos\/economie-social\/l-irts-de-poitiers-en-greve-contre-la-mauvaise-gestion-et-la-baisse-des-effectifs-4459022\">L&rsquo;IRTS de Poitiers en gr\u00e8ve, contre la mauvaise gestion financi\u00e8re et la baisse des effectifs<\/a> (ici)<\/p>\n\n\n\n<p><a href=\"https:\/\/www.francebleu.fr\/infos\/economie-social\/un-mal-etre-au-travail-c-est-ce-que-denonce-des-agents-de-la-communaute-d-agglomeration-du-cotentin-en-greve-4571447\">Des agents de la communaut\u00e9 d&rsquo;agglom\u00e9ration du Cotentin en gr\u00e8ve<\/a> (ici)<\/p>\n\n\n\n<p><a href=\"https:\/\/www.lavoixdunord.fr\/videos\/economie\/mouvement-de-greve-a-lusine-labeyrie-de-boulognesurmer?param01=qqr3uz5&amp;param02=01499695&amp;param03=34\">Mouvement de gr\u00e8ve \u00e0 l&rsquo;usine Labeyrie de Boulogne-sur-Mer<\/a> (La Voix du Nord)<\/p>\n\n\n\n<p><a href=\"https:\/\/www.letelegramme.fr\/finistere\/landerneau-29800\/les-sages-femmes-en-greve-a-la-maternite-de-landerneau-6373078.php\">Les sages-femmes en gr\u00e8ve \u00e0 la maternit\u00e9 de Landerneau <\/a>(Le T\u00e9l\u00e9gramme)<\/p>\n\n\n\n<p><a href=\"https:\/\/www.leprogres.fr\/social\/2023\/06\/15\/apres-saint-priest-en-jarez-la-greve-s-installe-a-grand-frais-firminy\">Apr\u00e8s Saint-Priest-en-Jarez, la gr\u00e8ve s\u2019installe \u00e0 Grand Frais Firminy <\/a>(Le Progr\u00e8s)<\/p>\n\n\n\n<p><a href=\"https:\/\/www.franceguyane.fr\/actualite\/economie-consommation\/vers-une-suspension-de-greve-a-argos-940086.php\">Suspension de gr\u00e8ve \u00e0 Argos, seul producteur de ciment en Guyane<\/a> (France-Guyane)<\/p>\n\n\n\n<p><a href=\"https:\/\/www.lamontagne.fr\/aurillac-15000\/actualites\/greve-des-pompiers-de-l-aeroport-d-aurillac-les-avions-cloues-au-sol_14326661\/\">Gr\u00e8ve des pompiers de l&rsquo;a\u00e9roport d&rsquo;Aurillac : les avions clou\u00e9s au sol<\/a> (La Montagne)<\/p>\n\n\n\n<p><a href=\"https:\/\/lemans.maville.com\/actu\/actudet_-la-fleche.-negociations-salariales-un-accord-apres-plusieurs-jours-de-greve-chez-brodard-et-taupin-_dep-5815332_actu.Htm\">N\u00e9gociations salariales : un accord apr\u00e8s plusieurs jours de gr\u00e8ve chez Brodard et Taupin&nbsp;<\/a> (Ouest France)<\/p>\n\n\n\n<p><strong>Monde<\/strong><\/p>\n\n\n\n<p><strong><a href=\"https:\/\/lanticapitaliste.org\/actualite\/entreprises\/en-italie-avec-les-incitations-au-depart-la-retraite-ils-ont-deja-elimine\">\u00abEn Italie, avec les incitations au d\u00e9part \u00e0 la retraite, ils ont d\u00e9j\u00e0 \u00e9limin\u00e9 7000 travailleurEs\u00bb<\/a> (l\u2019Anticapitaliste)<\/strong><\/p>\n\n\n\n<p><a href=\"https:\/\/www.zonebourse.com\/cours\/action\/AMAZON-COM-INC-12864605\/actualite\/UPS-face-a-la-menace-d-une-grande-greve-aux-Etats-Unis-44126423\/\">UPS face \u00e0 la menace d&rsquo;une grande gr\u00e8ve aux <strong>Etats-Unis<\/strong><\/a> (Zonebourse)<\/p>\n\n\n\n<p><a href=\"https:\/\/www.lorientlejour.com\/article\/1340675\/les-employes-dedl-prolongent-leur-greve-jusqua-lundi.html\"><strong>Liban<\/strong> : Les employ\u00e9s d&rsquo;EDL prolongent leur gr\u00e8ve jusqu\u2019\u00e0 lundi <\/a>(L\u2019Orient-Le Jour)<\/p>\n\n\n\n<p><a href=\"https:\/\/www.newswire.ca\/fr\/news-releases\/les-casinos-de-montreal-mont-tremblant-charlevoix-et-lac-leamy-a-gatineau-declenchent-la-greve-851203182.html\">Les casinos de <strong>Montr\u00e9al<\/strong>, Mont-Tremblant, Charlevoix et Lac-Leamy \u00e0 Gatineau d\u00e9clenchent la gr\u00e8ve <\/a>(Cision)<\/p>\n\n\n\n<p><strong>Analyse<\/strong><\/p>\n\n\n\n<p><strong><a href=\"https:\/\/alencontre.org\/europe\/france\/france-six-mois-de-manifestations-et-de-greves-on-en-cause-ii.html\">France. \u00abSix mois de manifestations et de gr\u00e8ves. On en cause?\u00bb (II)<\/a> (A l\u2019encontre<\/strong><\/p>\n\n\n\n<p><strong><a href=\"https:\/\/www.frustrationmagazine.fr\/deserts-medicaux\/\">Les d\u00e9serts m\u00e9dicaux s\u2019\u00e9tendent \u00e0 cause des m\u00e9decins et du RN<\/a> (Frustration)<\/strong><\/p>\n\n\n\n<p><a href=\"https:\/\/lanticapitaliste.org\/actualite\/entreprises\/dans-le-secteur-du-batiment-cest-complique-de-mener-une-greve-de-blocage\">\u00ab\u2009Dans le secteur du b\u00e2timent, c\u2019est compliqu\u00e9 de mener une gr\u00e8ve de blocage\u2009\u00bb<\/a> (l\u2019Anticapitaliste)<\/p>\n\n\n\n<p><a href=\"https:\/\/actu.fr\/normandie\/saint-cyr-la-rosiere_61379\/saint-cyr-la-rosiere-le-realisateur-christophe-cordier-vient-presenter-son-film-en-greve_59727462.html\">Saint-Cyr-la-Rosi\u00e8re : le r\u00e9alisateur Christophe Cordier vient pr\u00e9senter son film \u00ab\u00a0En gr\u00e8ve\u00a0\u00bb<\/a> (Le Perche)<\/p>\n\n\n\n<p class=\"has-text-color\" style=\"color:#f60202\"><strong>15 juin<\/strong><\/p>\n\n\n\n<p><a href=\"https:\/\/rebellyon.info\/Communique-suite-a-l-expulsion-du-squat-24999\">Communiqu\u00e9 suite \u00e0 l\u2019expulsion du squat sans souci<\/a> (Rebellyon)<\/p>\n\n\n\n<p><strong><a href=\"https:\/\/www.revolutionpermanente.fr\/Macron-demande-la-dissolution-des-Soulevements-de-la-Terre-faisons-front\">Macron demande la dissolution des Soul\u00e8vements de la terre&nbsp;: faisons front&nbsp;!<\/a> (RP)<\/strong><\/p>\n\n\n\n<p><a href=\"https:\/\/www.revolutionpermanente.fr\/Licencie-sanctionne-convoque-pour-t-etre-mobilise-Temoigne-aupres-du-Collectif-d-action-judiciaire\">Licenci\u00e9, sanctionn\u00e9, convoqu\u00e9 pour t\u2019\u00eatre mobilis\u00e9&nbsp;? T\u00e9moigne aupr\u00e8s du Collectif d\u2019action judiciaire<\/a> (RP)<\/p>\n\n\n\n<p><strong><a href=\"https:\/\/www.force-ouvriere.fr\/menaces-sur-le-front-de-l-emploi-dans-la-grande-distribution\">Menaces sur le front de l\u2019emploi dans la grande distribution<\/a> (FO)<\/strong><\/p>\n\n\n\n<p><a href=\"https:\/\/lanticapitaliste.org\/actualite\/entreprises\/strasbourg-fin-de-bobine-pour-lana-la-robertsau\">\u00c0 Strasbourg, fin de bobine pour Lana \u00e0 la Robertsau<\/a> (l\u2019Anticapitaliste)<\/p>\n\n\n\n<p><a href=\"https:\/\/www.ledauphine.com\/economie\/2023\/06\/14\/en-greve-les-salaries-de-l-usine-refresco-reclament-une-hausse-des-salaires-et-des-primes\">En gr\u00e8ve, les salari\u00e9s de l&rsquo;usine Refresco r\u00e9clament une hausse des salaires et des primes<\/a> (Le Dauphin\u00e9)<\/p>\n\n\n\n<p><a href=\"https:\/\/www.francebleu.fr\/infos\/societe\/greve-chez-laser-proprete-a-marseille-les-poubelles-debordent-en-gare-saint-charles-et-dans-le-metro-5260399\">Gr\u00e8ve chez Laser Propret\u00e9 \u00e0 Marseille&nbsp;: les poubelles d\u00e9bordent en gare Saint-Charles et dans le m\u00e9tro<\/a> (ici)<\/p>\n\n\n\n<p><a href=\"https:\/\/www.msn.com\/fr-fr\/finance\/other\/sur-reddit-la-gr%C3%A8ve-des-mod%C3%A9rateurs-se-poursuit-au-del%C3%A0-des-quarante-huit-heures-annonc%C3%A9es\/ar-AA1cxvFc\">Sur Reddit, la \u00ab gr\u00e8ve \u00bb des mod\u00e9rateurs se poursuit au-del\u00e0 des quarante-huit heures annonc\u00e9es<\/a> (Le Monde)<\/p>\n\n\n\n<p><a href=\"https:\/\/www.nordlittoral.fr\/176861\/article\/2023-06-14\/nouvelle-greve-annoncee-au-buffalo-grill-de-calais-dimanche-18-juin\">Nouvelle gr\u00e8ve annonc\u00e9e au Buffalo Grill de Calais dimanche 18 juin<\/a> (Nord Littoral)<\/p>\n\n\n\n<p><a href=\"https:\/\/france3-regions.francetvinfo.fr\/paris-ile-de-france\/paris\/temoignage-une-parisienne-en-situation-de-handicap-en-greve-de-la-faim-pour-demander-un-relogement-en-urgence-2795378.html\">Une Parisienne en situation de handicap en gr\u00e8ve de la faim pour demander \u00ab\u00a0un relogement en urgence\u00a0\u00bb<\/a> (franceinfo)<\/p>\n\n\n\n<p><a href=\"https:\/\/actu.fr\/normandie\/cherbourg-en-cotentin_50129\/cotentin-des-agents-de-l-agglomeration-sont-en-greve_59733243.html\">Cotentin. Des agents de l&rsquo;Agglom\u00e9ration sont en gr\u00e8ve<\/a> (La Presse)<\/p>\n\n\n\n<p><a href=\"https:\/\/la1ere.francetvinfo.fr\/nouvellecaledonie\/mouvement-de-greve-sur-la-mine-bonini-a-poro-1406170.html\">Mouvement de gr\u00e8ve sur la mine Bonini \u00e0 Poro <\/a>(franceinfo)<\/p>\n\n\n\n<p><a href=\"https:\/\/www.ouest-france.fr\/economie\/social\/cholet-le-mouvement-de-greve-sancre-durablement-a-glisseo-53590280-0aa4-11ee-8e64-75fa9f3906ed\">Cholet. Le mouvement de gr\u00e8ve s\u2019ancre durablement \u00e0 Glisseo<\/a> (Ouest France)<\/p>\n\n\n\n<p><strong>Monde<\/strong><\/p>\n\n\n\n<p><a href=\"https:\/\/information.tv5monde.com\/terriennes\/greve-feministe-du-14-juin-en-suisse-du-respect-du-temps-de-largent-2647951\">Gr\u00e8ve f\u00e9ministe du 14 juin en <strong>Suisse<\/strong> : \u00ab\u00a0Du respect, du temps, de l&rsquo;argent !\u00a0\u00bb<\/a> (TV5 Monde)<\/p>\n\n\n\n<p><a href=\"https:\/\/www.wsws.org\/fr\/articles\/2023\/06\/15\/opwh-j15.html\">7200 dockers de <strong>Colombie-Britannique<\/strong> votent la gr\u00e8ve, tandis que les travailleurs am\u00e9ricains perturbent les ports de la c\u00f4te ouest<\/a> (WSWS)<\/p>\n\n\n\n<p><a href=\"https:\/\/www.wsws.org\/fr\/articles\/2023\/06\/15\/kqha-j15.html\">En <strong>Angleterre<\/strong>, les internes des h\u00f4pitaux font \u00e0 nouveau gr\u00e8ve alors que le gouvernement insiste sur une baisse de leur salaire r\u00e9el<\/a> (WSWS)<\/p>\n\n\n\n<p><strong><a href=\"https:\/\/www.lalibre.be\/dernieres-depeches\/2023\/06\/14\/delhaize-droit-de-greve-le-tribunal-de-gand-donne-raison-aux-syndicats-AKKU2M5NMJCGXHJS65CQZDIOCE\/\">Delhaize &#8211; Droit de gr\u00e8ve: le tribunal de Gand donne raison aux syndicats<\/a> (La Libre)<\/strong><\/p>\n\n\n\n<p><strong>Analyse<\/strong><\/p>\n\n\n\n<p><a href=\"https:\/\/www.wsws.org\/fr\/articles\/2023\/06\/15\/pers-j15.html\">L\u2019importance mondiale de la lutte des dockers nord-am\u00e9ricains<\/a> (WSWS)<\/p>\n\n\n\n<p><strong><a href=\"https:\/\/theconversation.com\/sens-au-travail-ce-que-revele-le-boom-des-neo-artisans-207523\">Sens au travail&nbsp;: ce que r\u00e9v\u00e8le le boom des&nbsp;n\u00e9o-artisans<\/a> (The conversation)<\/strong><\/p>\n\n\n\n<p class=\"has-text-color\" style=\"color:#f60505\"><strong>14 juin<\/strong><\/p>\n\n\n\n<p><a href=\"https:\/\/paris-luttes.info\/petit-point-sur-les-garde-a-vue-de-17174\">Petit point sur les garde \u00e0 vue de Montreuil dans l\u2019affaire de l\u2019usine Lafarge<\/a> (Paris-Luttes info)<\/p>\n\n\n\n<p><a href=\"https:\/\/www.politis.fr\/articles\/2023\/06\/aesh-on-est-trimballees-comme-des-bouche-trous\/\">AESH : \u00ab\u2009On est trimball\u00e9es comme des bouche-trous&nbsp;\u00bb<\/a> (Politis)<\/p>\n\n\n\n<p><a href=\"https:\/\/www.revolutionpermanente.fr\/Greve-de-Tisseo-Face-a-l-alliance-direction-Moudenc-il-faudra-durcir-la-greve-pour-gagner\">Gr\u00e8ve de Tiss\u00e9o. Face \u00e0 l\u2019alliance direction-Moudenc, il faudra durcir la gr\u00e8ve pour gagner&nbsp;!<\/a> (RP)<\/p>\n\n\n\n<p><a href=\"https:\/\/www.humanite.fr\/social-eco\/drome\/chassures-clergerie-160-salaries-fixes-sur-leur-sort-ce-mercredi-799027\">Chassures Clergerie\u2009: 160 salari\u00e9s fix\u00e9s sur leur sort ce mercredi<\/a> (l\u2019Humanit\u00e9)<\/p>\n\n\n\n<p><a href=\"https:\/\/www.bondyblog.fr\/societe\/greve-des-aesh-sans-nous-il-ny-a-pas-decole-inclusive\/\">Gr\u00e8ve des AESH : \u00ab Sans nous, il n\u2019y a pas d\u2019\u00e9cole inclusive \u00bb<\/a> (Bondy Blog)<\/p>\n\n\n\n<figure class=\"wp-block-image size-large is-resized\"><img data-recalc-dims=\"1\" loading=\"lazy\" decoding=\"async\" src=\"https:\/\/i0.wp.com\/www.rdpemancipation.org\/wp-content\/uploads\/2023\/06\/image-46.png?resize=416%2C170&#038;ssl=1\" alt=\"\" class=\"wp-image-115814\" width=\"416\" height=\"170\" srcset=\"https:\/\/i0.wp.com\/www.rdpemancipation.org\/wp-content\/uploads\/2023\/06\/image-46.png?resize=1024%2C420&amp;ssl=1 1024w, https:\/\/i0.wp.com\/www.rdpemancipation.org\/wp-content\/uploads\/2023\/06\/image-46.png?resize=300%2C123&amp;ssl=1 300w, https:\/\/i0.wp.com\/www.rdpemancipation.org\/wp-content\/uploads\/2023\/06\/image-46.png?resize=768%2C315&amp;ssl=1 768w, https:\/\/i0.wp.com\/www.rdpemancipation.org\/wp-content\/uploads\/2023\/06\/image-46.png?w=1170&amp;ssl=1 1170w\" sizes=\"auto, (max-width: 416px) 100vw, 416px\" \/><\/figure>\n\n\n\n<p><a href=\"https:\/\/www.ouest-france.fr\/pays-de-la-loire\/allonnes-72700\/a-allonnes-des-salaries-de-ntn-transmissions-en-greve-reclament-une-augmentation-des-salaires-30367772-0a83-11ee-8e64-75fa9f3906ed\">\u00c0 Allonnes, hausse des salaires r\u00e9clam\u00e9e chez NTN&nbsp;: \u00ab&nbsp;80 % des ouvriers en gr\u00e8ve&nbsp;\u00bb, selon la CGT<\/a> (Ouest France)<\/p>\n\n\n\n<p><a href=\"https:\/\/la1ere.francetvinfo.fr\/martinique\/greve-a-la-poste-en-martinique-vers-une-fin-de-conflit-1405682.html\">Gr\u00e8ve \u00e0 La Poste en Martinique : vers une fin de conflit ?<\/a> (France Info)<\/p>\n\n\n\n<p><a href=\"https:\/\/www.lavoixdunord.fr\/1340111\/article\/2023-06-14\/boulogne-le-mouvement-social-s-intensifie-chez-pescanova-les-negociations-n\">Boulogne: le mouvement social s\u2019intensifie chez Pescanova, les n\u00e9gociations n\u2019avancent pas<\/a> (La Voix du Nord)<\/p>\n\n\n\n<p><a href=\"https:\/\/la1ere.francetvinfo.fr\/guyane\/greve-a-la-cimenterie-argos-une-situation-qui-impacte-durement-le-btp-1405606.html\">Gr\u00e8ve \u00e0 la cimenterie Argos : Une situation qui impacte durement le BTP<\/a> (franceinfo)<\/p>\n\n\n\n<p><a href=\"https:\/\/www.ouest-france.fr\/bretagne\/baden-56870\/baden-apres-la-greve-a-la-mairie-vendredi-les-discussions-se-poursuivent-1959055c-0a1e-11ee-a81b-352829f68d4f\">Baden. Apr\u00e8s la gr\u00e8ve \u00e0 la mairie, vendredi, les discussions se poursuivent<\/a> (Ouest France)<\/p>\n\n\n\n<p><a href=\"https:\/\/www.francebleu.fr\/infos\/economie-social\/les-salaries-de-grand-frais-en-greve-a-saint-priest-en-jarez-5197520\">Les salari\u00e9s de Grand Frais en gr\u00e8ve \u00e0 Saint-Priest-en-Jarez <\/a>(ici)<\/p>\n\n\n\n<p><a href=\"https:\/\/www.newswire.ca\/fr\/news-releases\/greve-generale-illimitee-chez-olymel-a-drummondville-864405704.html\">Gr\u00e8ve g\u00e9n\u00e9rale illimit\u00e9e chez Olymel \u00e0 Drummondville<\/a> (Cision)<\/p>\n\n\n\n<p><strong>Monde<\/strong><\/p>\n\n\n\n<p><strong><a href=\"https:\/\/basta.media\/au-perou-les-femmes-andines-victimes-d-une-feroce-repression-destitution-Pedro-Castillo\">Au P\u00e9rou, les femmes andines victimes d\u2019une f\u00e9roce r\u00e9pression<\/a> (Basta)<\/strong><\/p>\n\n\n\n<p><a href=\"https:\/\/www.letemps.ch\/opinions\/debats\/sur-le-droit-de-greve-le-14-juin\">Sur le droit de gr\u00e8ve le 14&nbsp;juin<\/a> (Le Temps)<\/p>\n\n\n\n<p><a href=\"https:\/\/fr.finance.yahoo.com\/actualites\/angleterre-nouvelle-gr%C3%A8ve-m%C3%A9decins-hospitaliers-232909449.html?guccounter=1&amp;guce_referrer=aHR0cHM6Ly93d3cuYmluZy5jb20v&amp;guce_referrer_sig=AQAAAEOnppYD8kOPaajjV6NW6fiy91mwdtqvQFNWLvXPr7mnkVOvxnOazeSj_jUsOgU7Io9MVQHy4dYkCBSuH7ekIVe3D7Mu0b6UB7aC0GfBFKRTDadAQakUEsyx6m_WzP_IcAtTf8Cu9T3wV4vF7nUsCF-IIWFGXJSeKEtkrhTB4wd3\">Angleterre: nouvelle gr\u00e8ve des m\u00e9decins hospitaliers pour r\u00e9clamer de meilleurs salaires<\/a> (Yahoo Finance)<\/p>\n\n\n\n<p><strong>Analyse<\/strong><\/p>\n\n\n\n<p><a href=\"https:\/\/www.frustrationmagazine.fr\/gilets-jaunes-4-ans-apres-quelles-lecons\/\">Gilets Jaunes : 4 ans apr\u00e8s, quelles le\u00e7ons ?<\/a>&nbsp;(Frustration)<\/p>\n\n\n\n<p><strong><a href=\"https:\/\/rebellyon.info\/Les-chiffres-de-l-IGPN-un-iceberg-des-24984\">Les chiffres de l\u2019IGPN, un iceberg des violences polici\u00e8res<\/a>` (Rebellyon)<\/strong><\/p>\n\n\n\n<p><a href=\"https:\/\/www.revolutionpermanente.fr\/5-mois-de-combat-historique-et-maintenant-emission-speciale-en-direct-ce-mercredi-20h30\">\u00ab&nbsp;5 mois de combat historique, et maintenant&nbsp;?&nbsp;\u00bb&nbsp;: \u00e9mission sp\u00e9ciale en direct ce mercredi 20h30<\/a> (RP)<\/p>\n\n\n\n<p><strong><a href=\"https:\/\/www.revolutionpermanente.fr\/Liquidation-de-FRET-SNCF-un-desastre-social-et-ecologique-organise\">Liquidation de FRET SNCF&nbsp;: un d\u00e9sastre social et \u00e9cologique organis\u00e9 <\/a>(RP)<\/strong><\/p>\n\n\n\n<p><a href=\"https:\/\/rapportsdeforce.fr\/classes-en-lutte\/vers-la-fusion-des-aesh-et-des-aed-une-insulte-aux-enfants-que-lon-accompagne-061418451\">Vers la fusion des AESH et des AED : \u00ab une insulte aux enfants que l\u2019on accompagne \u00bb <\/a>(Rapports de. Force)<\/p>\n\n\n\n<p><strong><a href=\"https:\/\/www.youtube.com\/watch?v=qJukaLWn_hM&amp;ab_channel=BLAST%2CLesouffledel%27info\">Le mythe des fran\u00e7ais jaloux : une strat\u00e9gie de riches<\/a> (Blast)<\/strong><\/p>\n\n\n\n<p><strong><a href=\"https:\/\/www.youtube.com\/watch?v=BJg4Tv33Bic&amp;ab_channel=Mediapart\">Comment \u00e9viter le burn-out militant<\/a> (Mediapart)<\/strong><\/p>\n\n\n\n<p><a href=\"https:\/\/www.revue-ballast.fr\/gregory-ouvrier-cordiste-sorganiser-se-defendre-et-se-bagarrer\/\">Gr\u00e9gory, ouvrier-cordiste&nbsp;: s\u2019organiser, se d\u00e9fendre et se bagarrer<\/a> (Basta)<\/p>\n\n\n\n<p><mark style=\"background-color:rgba(0, 0, 0, 0);color:#ee0505\" class=\"has-inline-color\"><strong>13 juin<\/strong><\/mark><\/p>\n\n\n\n<p><a href=\"https:\/\/www.youtube.com\/watch?v=DO1yrChaah8\">Travail, le labeur de vivre <\/a>&nbsp;(Table ronde)<\/p>\n\n\n\n<p><strong><a href=\"https:\/\/actu.fr\/societe\/pourquoi-les-aesh-font-greve-dans-les-ecoles-colleges-et-lycees-ce-mardi_59722842.html\">Pourquoi les AESH font gr\u00e8ve dans les \u00e9coles, coll\u00e8ges et lyc\u00e9es ce mardi<\/a><\/strong> (Actu.fr)<\/p>\n\n\n\n<p><a href=\"https:\/\/www.nicematin.com\/greve-mouvements-sociaux\/-meprises-mais-pas-entendus-la-colere-des-aesh-en-greve-a-nice-854294\">\u00ab\u00a0M\u00e9pris\u00e9s mais pas entendus\u00a0\u00bb: la col\u00e8re des AESH en gr\u00e8ve \u00e0 Nice<\/a> (Nice matin)<\/p>\n\n\n\n<p><a href=\"https:\/\/france3-regions.francetvinfo.fr\/occitanie\/haute-garonne\/toulouse\/transports-a-toulouse-4-nouvelles-journees-de-greve-prevues-a-tisseo-2793606.html\">Transports \u00e0 Toulouse : 4 nouvelles journ\u00e9es de gr\u00e8ve pr\u00e9vues \u00e0 Tiss\u00e9o<\/a> (France 3)<\/p>\n\n\n\n<p><a href=\"https:\/\/www.revolutionpermanente.fr\/Tisseo-Les-grevistes-lancent-une-caisse-de-greve-pour-tenir-jusqu-a-la-victoire\">Tiss\u00e9o. Les gr\u00e9vistes lancent une caisse de gr\u00e8ve pour tenir jusqu&rsquo;\u00e0 la victoire<\/a> (RP)<a href=\"https:\/\/www.francebleu.fr\/infos\/transports\/nouvelles-greves-dans-les-transports-en-commun-de-toulouse-en-plein-bac-de-philo-et-festival-rio-loco-1535234\"><\/a><\/p>\n\n\n\n<p><a href=\"https:\/\/www.francebleu.fr\/infos\/transports\/nouvelles-greves-dans-les-transports-en-commun-de-toulouse-en-plein-bac-de-philo-et-festival-rio-loco-1535234\">Nouvelles gr\u00e8ves dans les transports en commun de Toulouse en plein bac de philo<\/a> (Ici)<\/p>\n\n\n\n<p><a href=\"https:\/\/www.francelive.fr\/teaser\/ouest-france\/facturation-au-chu-de-nantes-le-personnel-en-greve-8062536\/\">\u00ab On est sursollicit\u00e9 \u00bb : le service facturation du CHU de Nantes en gr\u00e8ve<\/a> &nbsp;(France Live)<a href=\"https:\/\/www.force-ouvriere.fr\/au-sein-des-transports-gauthier-la-mobilisation-pour-les\"><\/a><\/p>\n\n\n\n<p><a href=\"https:\/\/www.force-ouvriere.fr\/au-sein-des-transports-gauthier-la-mobilisation-pour-les\">Au sein des Transports Gautier, la mobilisation pour les salaires s&rsquo;inscrit dans la dur\u00e9e&nbsp;<\/a> (FO)<a href=\"https:\/\/www.revolutionpermanente.fr\/Disney-le-mouvement-parti-de-la-base-se-poursuit-il-faut-construire-la-greve-reconductible\"><\/a><\/p>\n\n\n\n<p><a href=\"https:\/\/www.revolutionpermanente.fr\/Disney-le-mouvement-parti-de-la-base-se-poursuit-il-faut-construire-la-greve-reconductible\">Disney : le mouvement parti de la base se poursuit, il faut construire la gr\u00e8ve reconductible !<\/a> (RP)<\/p>\n\n\n\n<p><a href=\"https:\/\/lundi.am\/Communique-intersyndical-no2\" target=\"_blank\" rel=\"noreferrer noopener\">A la mani\u00e8re de \u2026 Communiqu\u00e9 intersyndical n\u00b02<\/a> (Lundimatin)<\/p>\n\n\n\n<p><a href=\"https:\/\/www.boursorama.com\/actualite-economique\/actualites\/salaires-des-fonctionnaires-le-gouvernement-abat-ses-cartes-a28686ca465dc32641704a8475cfb7b8\">Salaires des fonctionnaires : le gouvernement abat ses cartes<\/a> (AFP)<\/p>\n\n\n\n<p><a href=\"https:\/\/link.newsletter.franceculture.fr\/m\/ml\/7429\/805842\/wICcZNI5g1J4ydYZVK-dPW9C5lXTLJmivm821gAfcU8=\/3HFvChc6Cn2x8MUHhgCjfpkTJlddgd6Hh1LeJ1OPS1s=\/\" target=\"_blank\" rel=\"noreferrer noopener\">Occupation, s\u00e9questration, auto-gestion&nbsp;: en 1973, la gr\u00e8ve des Lip c&rsquo;est d&rsquo;abord \u00ab\u00a0un boulot monumental\u00a0\u00bb<\/a>&nbsp; (France Culture)<\/p>\n\n\n\n<p><strong>Monde<\/strong><\/p>\n\n\n\n<p><a href=\"https:\/\/www.leparisien.fr\/economie\/londres-des-greves-pourraient-paralyser-laeroport-dheathrow-cet-ete-12-06-2023-BTCOB6KKHZFIVAN6YZOAWMLCRU.php\">Londres : des gr\u00e8ves pourraient paralyser l&rsquo;a\u00e9roport d&rsquo;Heathrow cet \u00e9t\u00e9<\/a> (Le Parisien)<\/p>\n\n\n\n<p><a href=\"https:\/\/link.newsletter.franceculture.fr\/m\/ml\/7429\/806047\/uzVbLoOWewzFip62e1ItKG9C5lXTLJmivm821gAfcU8=\/MOZAzr1HdYi4BfXFvAtwEqfNTEXdZ38dYRr99qogFmI=\/\" target=\"_blank\" rel=\"noreferrer noopener\">De Tel Aviv \u00e0 S\u00e9oul, les pionniers du num\u00e9rique sous pression<\/a> (France Culture)<\/p>\n\n\n\n<p><a href=\"https:\/\/www.les-crises.fr\/le-travail-precaire-est-partout-pas-uniquement-dans-l-uberisation\/\">Le travail pr\u00e9caire est partout, pas uniquement dans l\u2019ub\u00e9risation<\/a>&nbsp;(Jacobin)<\/p>\n\n\n\n<p><a href=\"https:\/\/www.boursorama.com\/actualite-economique\/actualites\/au-vietnam-l-ultime-combat-d-une-octogenaire-pour-les-victimes-de-l-agent-orange-5743352fe8d1aad4888b133e668b78e3\">Au Vietnam, l&rsquo;ultime combat d&rsquo;une octog\u00e9naire pour les victimes de l&rsquo;agent orange<\/a> (AFP)<\/p>\n\n\n\n<p><strong>Analyse<\/strong><\/p>\n\n\n\n<p><a href=\"https:\/\/lundi.am\/Sur-l-insurrection-de-Villeurbanne-Aout-1944\" target=\"_blank\" rel=\"noreferrer noopener\">Sur l\u2019insurrection de Villeurbanne (Ao\u00fbt 1944)<\/a> (Lundimatin)<\/p>\n\n\n\n<p><a href=\"https:\/\/link.newsletter.franceculture.fr\/m\/ml\/7429\/806047\/uzVbLoOWewzFip62e1ItKG9C5lXTLJmivm821gAfcU8=\/MOZAzr1HdYi4BfXFvAtwEqfNTEXdZ38d7oKaxXU9R5c=\/\" target=\"_blank\" rel=\"noreferrer noopener\">La gr\u00e8ve f\u00e9ministe racont\u00e9e par celles qui la font<\/a> (France Culture)<\/p>\n\n\n\n<p><a href=\"https:\/\/link.newsletter.franceculture.fr\/m\/ml\/7429\/806047\/uzVbLoOWewzFip62e1ItKG9C5lXTLJmivm821gAfcU8=\/MOZAzr1HdYi4BfXFvAtwEqfNTEXdZ38dQ+dL3u8Cdno=\/\" target=\"_blank\" rel=\"noreferrer noopener\">\u00c0 qui appartient la classe moyenne&nbsp;?<\/a> (France Culture)<\/p>\n\n\n\n<p class=\"has-text-color\" style=\"color:#f60404\"><strong>12 juin<\/strong><\/p>\n\n\n\n<p><a href=\"https:\/\/www.ouest-france.fr\/pays-de-la-loire\/la-fleche-72200\/a-la-fleche-les-accompagnants-deleves-en-situation-de-handicap-se-mettent-en-greve-mardi-13-juin-b5cbbe5e-06cf-11ee-8841-e89b1d29ab23\">\u00c0 La Fl\u00e8che, les accompagnants d\u2019\u00e9l\u00e8ves en situation de handicap se mettent en gr\u00e8ve mardi 13 juin<\/a> (Ouest France)<\/p>\n\n\n\n<p><a href=\"https:\/\/www.msn.com\/fr-fr\/actualite\/other\/h%C3%B4pital-public-vers-une-gr%C3%A8ve-g%C3%A9n%C3%A9rale-des-m%C3%A9decins-le-4-juillet\/ar-AA1cqDcd\">H\u00f4pital public : vers une gr\u00e8ve g\u00e9n\u00e9rale des m\u00e9decins le 4 juillet <\/a>(msn)<\/p>\n\n\n\n<p><a href=\"https:\/\/alpesdusud.alpes1.com\/news\/hautes-alpes\/99564\/hautes-alpes-les-infirmiers-anesthesistes-du-chicas-de-gap-en-greve-ce-lundi\">Hautes-Alpes : les infirmiers anesth\u00e9sistes du CHICAS de Gap en gr\u00e8ve ce lundi <\/a>(Alpes du Sud)<\/p>\n\n\n\n<p><a href=\"https:\/\/www.activradio.com\/loire-un-mouvement-de-greve-du-cote-de-grand-frais\">Loire : un mouvement\u00e9 gr\u00e8ve du c\u00f4t\u00e9 de Grand Frais<\/a> ( actif radio)<\/p>\n\n\n\n<p><strong><a href=\"https:\/\/www.youtube.com\/watch?v=RPE0FefKXsE&amp;ab_channel=LeM%C3%A9dia\">D\u00e9put\u00e9s musel\u00e9s, manifestants fich\u00e9s, policiers menteurs, bient\u00f4t l\u2019explosion ?<\/a> (Le M\u00e9dia)<\/strong><\/p>\n\n\n\n<p><a href=\"https:\/\/www.lavoixdunord.fr\/1338909\/article\/2023-06-11\/roubaix-ce-lundi-c-est-le-retour-de-la-greve-dans-le-pole-enfance\">Roubaix : ce lundi, c\u2019est le retour de la gr\u00e8ve dans le p\u00f4le enfance<\/a> (La voix du Nord)<\/p>\n\n\n\n<p><strong>Monde<\/strong><\/p>\n\n\n\n<p><strong><a href=\"https:\/\/www.revolutionpermanente.fr\/Senegal-De-nouvelles-manifestations-ce-weekend-pour-en-finir-avec-le-gouvernement-autoritaire-de\">S\u00e9n\u00e9gal. Malgr\u00e9 la r\u00e9pression brutale et les appels au calme, les manifestations continuent ce week-end<\/a> (RP)<\/strong><\/p>\n\n\n\n<p><a href=\"https:\/\/www.wsws.org\/fr\/articles\/2023\/06\/12\/shhb-j12.html\">Le SEP rejette l\u2019invitation du gouvernement <strong>sri-lankais<\/strong> \u00e0 discuter de la \u00abr\u00e9forme du droit du travail\u00bb<\/a> (WSWS)<\/p>\n\n\n\n<p><strong>Analyse<\/strong><\/p>\n\n\n\n<p><a href=\"https:\/\/www.monde-diplomatique.fr\/2023\/06\/EITEL\/65821\">Horlogerie, ordre et anarchisme <\/a>(Le Monde Diplomatique)<\/p>\n\n\n\n<p><strong><a href=\"https:\/\/france3-regions.francetvinfo.fr\/bourgogne-franche-comte\/doubs\/besancon\/greve-des-lip-il-y-a-50-ans-commencait-a-besancon-l-une-des-luttes-sociales-les-plus-marquantes-du-xxie-siecle-2788322.html\">Gr\u00e8ve des LIP : il y a 50 ans commen\u00e7ait \u00e0 Besan\u00e7on l&rsquo;une des luttes sociales les plus marquantes <\/a>(franceinfo)<\/strong><\/p>\n\n\n\n<p class=\"has-text-color\" style=\"color:#f60404\"><strong>10 juin<\/strong><\/p>\n\n\n\n<p><strong>Retraites<\/strong><\/p>\n\n\n\n<p><strong><a href=\"https:\/\/www.youtube.com\/watch?v=W6fXLUM56Ws&amp;ab_channel=BLAST%2CLesouffledel%27info\">Retraites : le pouvoir pi\u00e9tine l\u2019assembl\u00e9e<\/a> (Blast)<\/strong><\/p>\n\n\n\n<p><a href=\"https:\/\/lanticapitaliste.org\/actualite\/social\/retraites-les-vieux-travailleures-immigres-victimes-de-mesures-de-coercition\">Retraites : les vieux travailleurEs immigr\u00e9s, victimes de mesures de coercition <\/a>(l\u2019Anticapitaliste)<\/p>\n\n\n\n<p>France<\/p>\n\n\n\n<p><a href=\"https:\/\/www.revolutionpermanente.fr\/300-jeunes-au-premier-week-end-national-du-Poing-Leve-pour-s-organiser-contre-Macron-et-le\">300 jeunes au premier week-end national du Poing Lev\u00e9 pour s\u2019organiser contre Macron et le capitalisme&nbsp;! <\/a>(RP)<\/p>\n\n\n\n<p><a href=\"https:\/\/www.revolutionpermanente.fr\/Des-syndicalistes-de-Tisseo-convoques-a-la-gendarmerie-Solidarite-face-aux-intimidations\">Des syndicalistes de Tiss\u00e9o convoqu\u00e9s \u00e0 la gendarmerie. Solidarit\u00e9 face aux intimidations&nbsp;! <\/a>(RP)<\/p>\n\n\n\n<p><a href=\"https:\/\/www.force-ouvriere.fr\/casino-la-fgta-fo-denonce-le-silence-de-la-direction\">Casino\u202f&nbsp;: la FGTA-FO d\u00e9nonce le silence de la Direction<\/a> (FO)<\/p>\n\n\n\n<p><a href=\"https:\/\/www.ouest-france.fr\/sante\/greve-des-medecins-pour-le-president-des-internes-de-nantes-la-loi-ne-fonctionnera-pas-abc7dc20-061c-11ee-9614-b421ed93e9ac\">Gr\u00e8ve des m\u00e9decins&nbsp;: pour le pr\u00e9sident des internes de Nantes, la loi \u00ab&nbsp;ne fonctionnera pas&nbsp;\u00bb<\/a> (Ouest France)<\/p>\n\n\n\n<p><a href=\"https:\/\/actu.fr\/bretagne\/lannion_22113\/lannion-une-semaine-de-greve-chez-idea-optical_59713081.html\">Lannion. Une semaine de gr\u00e8ve chez Idea Optical <\/a>(Le Tr\u00e9gor)<\/p>\n\n\n\n<p><a href=\"https:\/\/www.francebleu.fr\/infos\/economie-social\/en-mayenne-les-employes-du-credit-mutuel-maine-anjou-appeles-a-la-greve-8845972\">En Mayenne, les employ\u00e9s du Cr\u00e9dit Mutuel Maine-Anjou appel\u00e9s \u00e0 la gr\u00e8ve<\/a> (ici)<\/p>\n\n\n\n<p><a href=\"https:\/\/www.francebleu.fr\/infos\/economie-social\/les-grevistes-de-la-laiterie-de-saint-denis-de-l-hotel-dans-la-rue-6517308\">Loiret&nbsp;: les gr\u00e9vistes de la Laiterie de Saint-Denis-de-l&rsquo;H\u00f4tel dans la rue<\/a> (ici)<\/p>\n\n\n\n<p><a href=\"https:\/\/www.estrepublicain.fr\/sante\/2023\/06\/09\/les-aesh-en-greve-le-13-juin-pour-un-vrai-statut\">Les AESH en gr\u00e8ve le 13&nbsp;juin pour \u00ab&nbsp;un vrai statut&nbsp;\u00bb<\/a> (L\u2019Est R\u00e9publicain)<\/p>\n\n\n\n<p><a href=\"https:\/\/www.ladepeche.fr\/2023\/06\/10\/les-soignants-en-greve-a-la-clinique-de-la-pinede-11253860.php\">Montauban. Les soignants en gr\u00e8ve \u00e0 la clinique de la Pin\u00e8de<\/a> (La D\u00e9p\u00eache)<\/p>\n\n\n\n<p><a href=\"https:\/\/www.publicsenat.fr\/actualites\/economie\/greve-des-controleurs-aeriens-une-proposition-de-loi-au-senat-pour-mettre-fin-aux-perturbations-imprevisibles\">Gr\u00e8ve des contr\u00f4leurs a\u00e9riens&nbsp;: une proposition de loi au S\u00e9nat pour mettre fin aux perturbations impr\u00e9visibles<\/a> (Public S\u00e9nat)<\/p>\n\n\n\n<p><strong>Monde<\/strong><\/p>\n\n\n\n<p><a href=\"https:\/\/www.revolutionpermanente.fr\/Senegal-De-nouvelles-manifestations-ce-weekend-pour-en-finir-avec-le-gouvernement-autoritaire-de\"><strong>S\u00e9n\u00e9gal<\/strong>. Malgr\u00e9 la r\u00e9pression brutale et les appels au calme, les manifestations continuent ce week-end<\/a> (RP)<\/p>\n\n\n\n<p><a href=\"https:\/\/www.wsws.org\/fr\/articles\/2023\/06\/10\/zznh-j10.html\"><strong>US<\/strong> : Les groupes de la pseudo-gauche maintiennent le black-out sur la gr\u00e8ve chez Clarios<\/a> (WSWS)<\/p>\n\n\n\n<p><strong><a href=\"https:\/\/lvsl.fr\/au-senegal-chronique-dune-insurrection-annoncee\/\">Au S\u00e9n\u00e9gal, chronique d\u2019une insurrection annonc\u00e9e <\/a>(LVSL)<\/strong><\/p>\n\n\n\n<p><a href=\"https:\/\/fr.euronews.com\/2023\/06\/09\/lutte-des-enseignants-roumains-salaires-et-conditions-de-travail-a-lordre-du-jour\">Lutte des enseignants <strong>roumains<\/strong> : salaires et conditions de travail \u00e0 l&rsquo;ordre du jour<\/a> (euronews)<\/p>\n\n\n\n<p><a href=\"Belgique%20:%20Delhaize%C2%A0:%20piquet%20de%20gr%C3%A8ve%20lev%C3%A9%20par%20un%20huissier%20%C3%A0%20Waterloo\"><strong>Belgique<\/strong> : Delhaize&nbsp;: piquet de gr\u00e8ve lev\u00e9 par un huissier \u00e0 Waterloo<\/a> (Le Soir)<\/p>\n\n\n\n<p><strong>Analyse<\/strong><\/p>\n\n\n\n<p><strong><a href=\"https:\/\/www.youtube.com\/watch?v=6XYYfAcqPos&amp;ab_channel=BLAST%2CLesouffledel%27info\">Prendre aux pauvres pour gaver les riches : la m\u00e9thode E. Macron <\/a>(Blast)<\/strong><\/p>\n\n\n\n<p><strong><a href=\"https:\/\/reporterre.net\/Les-bourses-du-travail-un-modele-pour-les-luttes-ecologistes\">Les bourses du travail, un mod\u00e8le pour les luttes \u00e9cologistes&nbsp;?<\/a> (Reporterre)<\/strong><\/p>\n\n\n\n<p class=\"has-text-color\" style=\"color:#fd0505\"><strong>9 juin<\/strong><\/p>\n\n\n\n<figure class=\"wp-block-image size-full is-resized\"><img data-recalc-dims=\"1\" loading=\"lazy\" decoding=\"async\" src=\"https:\/\/i0.wp.com\/www.rdpemancipation.org\/wp-content\/uploads\/2023\/06\/image-29.png?resize=240%2C163&#038;ssl=1\" alt=\"\" class=\"wp-image-115569\" width=\"240\" height=\"163\" srcset=\"https:\/\/i0.wp.com\/www.rdpemancipation.org\/wp-content\/uploads\/2023\/06\/image-29.png?w=530&amp;ssl=1 530w, https:\/\/i0.wp.com\/www.rdpemancipation.org\/wp-content\/uploads\/2023\/06\/image-29.png?resize=300%2C204&amp;ssl=1 300w\" sizes=\"auto, (max-width: 240px) 100vw, 240px\" \/><\/figure>\n\n\n\n<p><strong><a href=\"https:\/\/www.miroirsocial.com\/participatif\/4eme-semaine-de-greve-des-salaries-postes-la-hague-du-besoin-dattractivite-des-postes\">4\u00e8me semaine de gr\u00e8ve des salari\u00e9s post\u00e9s \u00e0 La Hague : du besoin d&rsquo;attractivit\u00e9 des postes p\u00e9nibles<\/a> (Miroir Social)<\/strong><\/p>\n\n\n\n<p><a href=\"https:\/\/www.humanite.fr\/social-eco\/credit-lyonnais\/souffrance-au-travail-notre-enquete-chez-lcl-le-grand-malaise-798425\">Souffrance au travail. Notre enqu\u00eate&nbsp;: chez LCL, le grand malaise<\/a> (l\u2019Humanit\u00e9)<\/p>\n\n\n\n<p><a href=\"https:\/\/www.tf1info.fr\/societe\/on-va-aggraver-le-probleme-de-l-acces-au-soin-nouvelle-greve-des-medecins-generalistes-ce-vendredi-9-juin-plusieurs-cabinets-fermes-contre-la-loi-valletoux-2259802.html\">\u00ab\u00a0On va aggraver le probl\u00e8me de l&rsquo;acc\u00e8s au soin\u00a0\u00bb : nouvelle gr\u00e8ve des m\u00e9decins g\u00e9n\u00e9ralistes ce vendredi<\/a> (TF1)<\/p>\n\n\n\n<p><a href=\"https:\/\/www.lalsace.fr\/social\/2023\/06\/08\/greve-d-agents-charges-de-la-securite-a-la-centrale-nucleaire\">Gr\u00e8ve d\u2019agents charg\u00e9s de la s\u00e9curit\u00e9 \u00e0 la centrale nucl\u00e9aire.<\/a> (L\u2019Alsace)<\/p>\n\n\n\n<p><strong><a href=\"https:\/\/www.batiactu.com\/edito\/fermeture-dune-usine-schneider-electric-salaries-jetes-66422.php\">Fermeture d&rsquo;une usine Schneider Electric&nbsp;: les salari\u00e9s en col\u00e8re, la direction r\u00e9agit<\/a> (batiactu)<\/strong><\/p>\n\n\n\n<p><a href=\"https:\/\/www.ladepeche.fr\/2023\/06\/09\/pas-de-greve-jeudi-a-tisseo-pour-les-epreuves-ecrites-du-bac-lintersyndicale-fait-une-pause-pour-que-lyceens-puissent-se-rendre-aux-epreuves-11251532.php\">Pas de gr\u00e8ve jeudi \u00e0 Tiss\u00e9o pour les \u00e9preuves \u00e9crites du bac<\/a> (La D\u00e9p\u00eache)<\/p>\n\n\n\n<p><a href=\"https:\/\/www.la-croix.com\/France\/Greve-medecins-liberaux-denoncent-atteinte-leur-profession-2023-06-09-1201270732\">Gr\u00e8ve des m\u00e9decins lib\u00e9raux : ils d\u00e9noncent une atteinte \u00e0 leur profession<\/a> (La Croix)<\/p>\n\n\n\n<p><a href=\"https:\/\/www.ouest-france.fr\/bretagne\/lannion-22300\/lannion-greve-a-idea-optical-un-regroupement-devant-lentreprise-ce-vendredi-midi-e9efd7e0-069a-11ee-8841-e89b1d29ab23\">Lannion. Gr\u00e8ve \u00e0 Idea Optical&nbsp;: un regroupement devant l\u2019entreprise, ce vendredi midi<\/a> (Ouest France)<\/p>\n\n\n\n<p><a href=\"https:\/\/actu.fr\/societe\/manche-un-mouvement-de-greve-au-credit-mutuel-plusieurs-points-de-vente-fermes_59708971.html\">Manche. Un mouvement de gr\u00e8ve au Cr\u00e9dit Mutuel, plusieurs points de vente ferm\u00e9s<\/a> (La Presse)<\/p>\n\n\n\n<p><a href=\"https:\/\/www.francebleu.fr\/infos\/economie-social\/deuxieme-jour-de-greve-des-agents-du-departement-dans-les-colleges-de-moselle-ce-vendredi-9425867\">Deuxi\u00e8me jour de gr\u00e8ve des agents du D\u00e9partement dans les coll\u00e8ges de Moselle ce vendredi<\/a> (ici)<\/p>\n\n\n\n<p><strong>Monde<\/strong><\/p>\n\n\n\n<p><a href=\"https:\/\/www.revolutionpermanente.fr\/Senegal-une-semaine-apres-les-premieres-revoltes-au-moins-23-morts-et-350-blesses-de-la-repression\"><strong>S\u00e9n\u00e9gal<\/strong>&nbsp;: une semaine apr\u00e8s les premi\u00e8res r\u00e9voltes, au moins 23 morts et 350 bless\u00e9s de la r\u00e9pression<\/a> (RP)<\/p>\n\n\n\n<p><a href=\"https:\/\/www.equaltimes.org\/a-ramallah-l-emergence-du-stand-up\">\u00c0 <strong>Ramallah<\/strong>, l\u2019\u00e9mergence du stand-up palestinien entre divertissement et exutoire face \u00e0 l\u2019occupation isra\u00e9lienne<\/a> (Equal Times)<\/p>\n\n\n\n<p><a href=\"https:\/\/gabonactu.com\/durcissement-de-greve-des-magistrats-les-precisions-du-gouvernement-gabonais\/\">Durcissement de la gr\u00e8ve des magistrats&nbsp;: les pr\u00e9cisions du gouvernement <strong>gabonais<\/strong><\/a> (Gabon actu)<\/p>\n\n\n\n<p><a href=\"https:\/\/www.lalibre.be\/economie\/entreprises-startup\/2023\/06\/08\/interdiction-des-piquets-de-greve-par-delhaize-le-tribunal-de-premiere-instance-du-brabant-wallon-donne-raison-au-setca-AJSS2CDXA5A4HEVBKATD2RTRAU\/\">Interdiction des piquets de gr\u00e8ve par <strong>Delhaize<\/strong> : le tribunal de premi\u00e8re instance du Brabant wallon donne raison au Setca<\/a> (La Libre)<\/p>\n\n\n\n<p><a href=\"https:\/\/geeko.lesoir.be\/2023\/06\/09\/pourquoi-reddit-est-sur-le-point-dentrer-en-greve-generale\/\">Pourquoi <strong>Reddit<\/strong> est sur le point d\u2019entrer en gr\u00e8ve g\u00e9n\u00e9rale<\/a> (Geeko)<\/p>\n\n\n\n<p><a href=\"https:\/\/www.telemb.be\/article\/enseignement-le-personnel-ouvrier-en-greve\"><strong>Belgique<\/strong> : Enseignement &#8211; Le personnel ouvrier en gr\u00e8ve<\/a> (T\u00e9l\u00e9 mb)<\/p>\n\n\n\n<p><strong>Analyse<\/strong><\/p>\n\n\n\n<p><a href=\"https:\/\/www.cairn.info\/revue-du-mauss1-2023-1-page-291.htm?tap=k7pqm82u8iik6&amp;wt.mc_id=crn-tap-a-116777\">Entre march\u00e9 et \u00c9tat, la S\u00e9curit\u00e9 sociale, un commun inachev\u00e9<\/a> (Revue Mauss)<\/p>\n\n\n\n<p><a href=\"https:\/\/www.contretemps.eu\/rakovsky-revolution-russe-trotsky-staline\/\">Christian Rakovsky&nbsp;: vie et mort d\u2019un r\u00e9volutionnaire<\/a> (Contretemps)<\/p>\n\n\n\n<p><a href=\"https:\/\/www.frustrationmagazine.fr\/anorexie\/\">Comment les injonctions \u00e0 la r\u00e9ussite sociale favorisent l\u2019anorexie<\/a> (Frustration)<\/p>\n\n\n\n<p><strong><a href=\"Rapport%20sur%20les%20in%C3%A9galit%C3%A9s%20en%20France%20:%20fracture%20sociale,%20le%20retour\">Rapport sur les in\u00e9galit\u00e9s en France&nbsp;: fracture sociale, le retour<\/a> (Observatoire des in\u00e9galit\u00e9s)<\/strong><\/p>\n\n\n\n<p><a href=\"https:\/\/www.force-ouvriere.fr\/menaces-sur-le-logement-social\">Menaces sur le logement social <\/a>(FO)<\/p>\n\n\n\n<p><strong><a href=\"https:\/\/reporterre.net\/Ecologistes-interpelles-Ils-ont-juste-employe-une-cle-a-molette\">\u00c9cologistes interpell\u00e9s&nbsp;: \u00ab&nbsp;Le syst\u00e8me se sent en danger&nbsp;\u00bb<\/a> (Reporterre)<\/strong><\/p>\n\n\n\n<p><a href=\"https:\/\/rapportsdeforce.fr\/classes-en-lutte\/recomposition-ou-en-est-le-syndicalisme-etudiant-060918344\">Recomposition : o\u00f9 en est le syndicalisme \u00e9tudiant ?<\/a> (Rapports de force)<\/p>\n\n\n\n<p class=\"has-text-color\" style=\"color:#f40505\"><strong>8 juin<\/strong><\/p>\n\n\n\n<p><strong>Retraites<\/strong><\/p>\n\n\n\n<p><strong><a href=\"https:\/\/www.humanite.fr\/social-eco\/live\/2023068\/en-direct-abrogation-de-la-reforme-des-retraites-suivez-l-examen-de-la-loi-liot-l-assemblee-798052\">En direct. Abrogation de la r\u00e9forme des retraites : Suivez l&rsquo;examen de la loi Liot \u00e0 l&rsquo;Assembl\u00e9e. <\/a>(l\u2019Humanit\u00e9)<\/strong><\/p>\n\n\n\n<p><a href=\"https:\/\/reporterre.net\/Comment-continuer-la-mobilisation-Les-reponses-des-manifestants\">Retraites&nbsp;: les id\u00e9es des manifestants pour poursuivre la mobilisation<\/a> (Reporterre)<\/p>\n\n\n\n<p><strong><a href=\"https:\/\/www.youtube.com\/watch?v=cNnqGtngbao&amp;ab_channel=BLAST%2CLesouffledel%27info\">Retraites : la col\u00e8re l\u2019emportera-t-elle sur la fatigue ?<\/a> (Blast)<\/strong><\/p>\n\n\n\n<p><a href=\"https:\/\/www.revolutionpermanente.fr\/Violences-policieres-interpellations-gazages-a-Toulouse-le-6-juin-sous-le-signe-de-la-repression\">Violences polici\u00e8res, interpellations, gazages&nbsp;: \u00e0 Toulouse, le 6 juin sous le signe de la r\u00e9pression<\/a> (RP)<\/p>\n\n\n\n<p><strong>France<\/strong><\/p>\n\n\n\n<p><a href=\"https:\/\/www.revolutionpermanente.fr\/Tisseo-Deux-nouvelles-journees-de-greve-il-faut-construire-la-reconductible-pour-gagner\">Tiss\u00e9o. Deux nouvelles journ\u00e9es de gr\u00e8ve&nbsp;: il faut construire la reconductible pour gagner&nbsp;!<\/a> (RP)<\/p>\n\n\n\n<p><a href=\"https:\/\/basta.media\/Malaise-chez-le-personnel-soignant-des-cliniques-Vivalto-Ils-s-agrandissent-mais-n-ont-pas-d-argent-pour-nous\">Malaise chez le personnel soignant des cliniques Vivalto&nbsp;<\/a>(Basta)<\/p>\n\n\n\n<p><a href=\"https:\/\/www.ladepeche.fr\/2023\/06\/08\/greve-au-centre-de-courrier-de-villefranche-la-mobilisation-samplifie-11248770.php\">Gr\u00e8ve au centre de courrier de Villefranche : la mobilisation s\u2019amplifie<\/a> (Le Villefranchois)<\/p>\n\n\n\n<p><a href=\"https:\/\/www.estrepublicain.fr\/sante\/2023\/06\/08\/appel-a-la-greve-des-medecins-liberaux-ce-vendredi\">Appel \u00e0 la gr\u00e8ve des m\u00e9decins lib\u00e9raux ce vendredi<\/a> (L\u2019Est R\u00e9publicain)<\/p>\n\n\n\n<p><a href=\"https:\/\/www.deltafm.fr\/info-locale\/region\/pas-de-calais\/boulonnais\/boulogne-sur-mer\/face-a-la-greve-des-salaries-la-direction-de-pescanova-reagit\/\">Face \u00e0 la gr\u00e8ve des salari\u00e9s, la direction de Pescanova r\u00e9agit<\/a> (delta FM)<\/p>\n\n\n\n<p><a href=\"https:\/\/france3-regions.francetvinfo.fr\/paris-ile-de-france\/val-d-oise\/video-soignants-en-greve-a-l-ephad-de-montmorency-ils-denoncent-leurs-conditions-de-travail-2789806.html$\">VIDEO. Soignants en gr\u00e8ve \u00e0 l&rsquo;Ephad de Montmorency : ils d\u00e9noncent leurs conditions de travail <\/a>(franceinfo)<\/p>\n\n\n\n<p><a href=\"https:\/\/www.deltafm.fr\/info-locale\/region\/nord\/dunkerquois\/dunkerquois-greve-en-cours-chez-dillinger\/\">Dunkerquois : Gr\u00e8ve en cours chez Dillinger<\/a> (delta FM)<\/p>\n\n\n\n<p><a href=\"https:\/\/www.ouest-france.fr\/normandie\/gace-61230\/a-gace-les-salaries-de-lentreprise-snop-en-greve-pour-une-meilleure-revalorisation-des-salaires-7eac3eae-053e-11ee-ba1e-f829400390d5\">\u00c0 Gac\u00e9, les salari\u00e9s de l\u2019entreprise Snop en gr\u00e8ve pour une meilleure revalorisation des salaires<\/a> (Ouest France)<\/p>\n\n\n\n<p><a href=\"https:\/\/www.lavoixdunord.fr\/1337168\/article\/2023-06-07\/dunkerque-des-salaries-de-dillinger-france-en-greve-depuis-mardi-soir\">Dunkerque: des salari\u00e9s de Dillinger France en gr\u00e8ve depuis mardi soir<\/a> (La Voix du Nord)<\/p>\n\n\n\n<p><a href=\"https:\/\/www.msn.com\/fr-fr\/actualite\/france\/loiret-deux-semaines-de-bras-de-fer-%C3%A0-la-laiterie-de-saint-denis-de-l-h%C3%B4tel\/ar-AA1cfcbv\">Loiret : deux semaines de bras de fer \u00e0 la Laiterie de Saint-Denis-de-l\u2019H\u00f4tel<\/a> (Le Parisien)<\/p>\n\n\n\n<p><strong>Monde<\/strong><\/p>\n\n\n\n<p><a href=\"https:\/\/www.dhnet.be\/regions\/bruxelles\/2023\/06\/08\/greve-de-24-heures-a-la-prison-de-haren-apres-une-agression-de-plusieurs-agents-la-ligne-rouge-a-ete-depassee-2SMMR3HK5VFWVEFQYMJMKK2A2E\/\"><strong>Belgique<\/strong> Gr\u00e8ve de 24&nbsp;heures \u00e0 la prison de Haren apr\u00e8s une agression de plusieurs agents <\/a>(DH)<\/p>\n\n\n\n<p><a href=\"https:\/\/www.lebledparle.com\/inedit-374-mairies-entrent-en-greve-le-21-juin\/\"><strong>Cameroun<\/strong> : In\u00e9dit : 374 mairies entrent en gr\u00e8ve le 21 juin<\/a> (Le Bled parle)<\/p>\n\n\n\n<p><a href=\"https:\/\/www.lefigaro.fr\/social\/trafic-aerien-le-syndicat-britannique-unite-annonce-31-jours-de-greve-a-londres-20230607\">Trafic a\u00e9rien&nbsp;: le syndicat britannique Unite annonce 31 jours de gr\u00e8ve \u00e0 <strong>Londres<\/strong><\/a> (Le Figaro)<\/p>\n\n\n\n<p><a href=\"https:\/\/www.lalibre.be\/economie\/entreprises-startup\/2023\/06\/07\/delhaize-les-syndicats-defendent-le-droit-de-greve-devant-le-tribunal-de-gand-VXBC62SJWJDZTB3L2V5ET23BY4\/\">Delhaize: les syndicats d\u00e9fendent le droit de gr\u00e8ve devant le tribunal de <strong>Gand<\/strong><\/a> (La Libre)<\/p>\n\n\n\n<p><strong><a href=\"https:\/\/www.zonebourse.com\/cours\/action\/FERROVIAL-S-A-70599\/actualite\/Bras-de-fer-a-Heathrow-le-syndicat-Unite-annonce-31-jours-de-greve-44061983\/\">Bras de fer \u00e0 Heathrow: le syndicat Unite annonce 31 jours de gr\u00e8ve<\/a> (Zonebourse)<\/strong><\/p>\n\n\n\n<p><strong>Analyse<\/strong><\/p>\n\n\n\n<p><strong><a href=\"https:\/\/www.youtube.com\/watch?v=KSeynD4GA1Q&amp;ab_channel=Mediapart\">Lyc\u00e9e pro, la r\u00e9forme de trop ?<\/a> (Mediapart)<\/strong><\/p>\n\n\n\n<p><strong><a href=\"https:\/\/www.humanite.fr\/social-eco\/cac-40\/revelation-humanite-le-long-scandale-des-morts-au-travail-chez-arcelormittal-798163\">R\u00e9v\u00e9lation Humanit\u00e9. Le long scandale des morts au travail chez ArcelorMittal<\/a> (l\u2019Humanit\u00e9)<\/strong><\/p>\n\n\n\n<p><a href=\"https:\/\/rapportsdeforce.fr\/classes-en-lutte\/les-syndicats-connaissent-un-regain-dadhesion-malgre-labsence-de-victoire-sur-les-retraites-060818232\">Les syndicats connaissent un regain d\u2019adh\u00e9sion malgr\u00e9 l\u2019absence de victoire sur les retraites<\/a> (Rapports de force)<\/p>\n\n\n\n<p class=\"has-text-color\" style=\"color:#f70101\"><strong>7 juin<\/strong><\/p>\n\n\n\n<p><strong>Retraites<\/strong><\/p>\n\n\n\n<p><a href=\"https:\/\/confpeps.org\/communique-contre-le-maltravail-et-la-retraite-a-64-ans-pour-le-droit-a-la-paresse\/\">Contre le maltravail et la retraite \u00e0 64 ans, Pour le droit \u00e0 la paresse<\/a> (PEPS)<\/p>\n\n\n\n<p><a href=\"https:\/\/reporterre.net\/Comment-continuer-la-mobilisation-Les-reponses-des-manifestants?utm_source=newsletter&amp;utm_medium=email&amp;utm_campaign=nl_quotidienne\">Comment continuer la mobilisation ? Les r\u00e9ponses des manifestants<\/a> (Reporterre)<\/p>\n\n\n\n<p><a href=\"https:\/\/www.youtube.com\/watch?v=c1mQn_oMpns&amp;ab_channel=BLAST%2CLesouffledel%27info\">P\u00e9nibilit\u00e9s et retraites cass\u00e9es : parole aux ouvriers invisibles du BTP<\/a> (Blast<\/p>\n\n\n\n<p><a href=\"https:\/\/www.youtube.com\/watch?v=Ib705YowQmg&amp;ab_channel=PublicS%C3%A9nat\">Retraites: \u00ab\u00a0Cette r\u00e9forme est violente, elle doit \u00eatre abrog\u00e9e\u00a0\u00bb r\u00e9it\u00e8re Sophie Binet<\/a> (Public S\u00e9nat)<\/p>\n\n\n\n<p><a href=\"https:\/\/www.france24.com\/fr\/france\/20230606-pas-r%C3%A9sign%C3%A9s-%C3%A0-paris-les-manifestants-disent-toujours-non-%C3%A0-la-r%C3%A9forme-des-retraites\">\u00ab\u00a0Pas r\u00e9sign\u00e9s\u00a0\u00bb : \u00e0 Paris, les manifestants disent toujours non \u00e0 la r\u00e9forme des retraites<\/a> (France 24)<\/p>\n\n\n\n<p><a href=\"https:\/\/lepoing.net\/mobilisation-du-6-juin-a-montpellier-malgre-un-net-reflux-les-syndicats-ne-desarment-pas\/\">Mobilisation du 6 juin \u00e0 Montpellier : malgr\u00e9 un net reflux, les syndicats ne d\u00e9sarment pas<\/a> (Le Poing)<\/p>\n\n\n\n<p><a href=\"https:\/\/www.revolutionpermanente.fr\/C-est-la-derniere-manifestation-Laurent-Berger-pret-a-enterrer-la-bataille-des-retraites\">\u00ab&nbsp;C\u2019est la derni\u00e8re manifestation&nbsp;\u00bb&nbsp;: Laurent Berger pr\u00eat \u00e0 enterrer la bataille des retraites<\/a> (RP)<\/p>\n\n\n\n<p><a href=\"https:\/\/lvsl.fr\/retraites-comment-macron-pietine-le-parlement\/\">Retraites : comment Macron pi\u00e9tine le parlement&nbsp;<\/a> (LVSL)<\/p>\n\n\n\n<p><a href=\"https:\/\/rapportsdeforce.fr\/classes-en-lutte\/retraites-53-jours-apres-la-promulgation-de-la-loi-la-mobilisation-finit-par-decroitre-sans-sombrer-060618393\">Retraites&nbsp;: 53 jours apr\u00e8s la promulgation de la loi, la mobilisation finit par d\u00e9cro\u00eetre sans sombrer<\/a> (Rapports de force)<\/p>\n\n\n\n<p><a href=\"https:\/\/theconversation.com\/comment-le-travail-de-lassemblee-nationale-sest-invite-dans-le-quotidien-207071\">Comment le travail de l\u2019Assembl\u00e9e nationale s\u2019est invit\u00e9 dans le&nbsp;quotidien<\/a> (The conversation)<\/p>\n\n\n\n<p><a href=\"https:\/\/www.sudouest.fr\/economie\/social\/greve-du-6-juin-a-bordeaux-avec-ces-manifestants-qui-y-croient-toujours-15470480.php\">Gr\u00e8ve du 6&nbsp;juin&nbsp;: \u00e0 Bordeaux, avec ces manifestants qui y croient toujours<\/a> (Sud Ouest)<\/p>\n\n\n\n<p><a href=\"https:\/\/actu.fr\/auvergne-rhone-alpes\/lyon_69123\/direct-greve-du-6-juin-manifestation-blocages-perturbations-suivez-la-situation-a-lyon_59688473.html\">Gr\u00e8ve du 6 juin \u00e0 Lyon : violents affrontements entre police et syndicats, mobilisation en baisse<\/a> (actu)<\/p>\n\n\n\n<p><a href=\"https:\/\/www.20minutes.fr\/rennes\/4039983-20230606-manifestation-rennes-depot-bus-bloque-reseau-fortement-touche\">Gr\u00e8ve du 6 juin \u00e0 Rennes&nbsp;: Le d\u00e9p\u00f4t de bus bloqu\u00e9, le r\u00e9seau fortement perturb\u00e9<\/a> (20 Minutes)<\/p>\n\n\n\n<p><a href=\"https:\/\/www.activradio.com\/greve-du-6-juin-des-tensions-a-saint-etienne\">Entre 2 et 12000 personnes mobilis\u00e9es dans la Loire<\/a> (activ)<\/p>\n\n\n\n<p><strong>France<\/strong><\/p>\n\n\n\n<p><strong><a href=\"https:\/\/www.politis.fr\/articles\/2023\/06\/a-bordeaux-douze-organisations-portent-plainte-pour-entrave-au-droit-de-manifester\/\">\u00c0 Bordeaux, douze organisations portent plainte pour entrave au droit de manifester<\/a> (Public S\u00e9nat)<\/strong><\/p>\n\n\n\n<p><a href=\"https:\/\/basta.media\/Malaise-chez-le-personnel-soignant-des-cliniques-Vivalto-Ils-s-agrandissent-mais-n-ont-pas-d-argent-pour-nous\">Malaise chez le personnel soignant des cliniques Vivalto&nbsp;: \u00ab&nbsp;Ils s\u2019agrandissent mais n\u2019ont pas d\u2019argent pour nous&nbsp;\u00bb<\/a> (Basta)<\/p>\n\n\n\n<p><a href=\"https:\/\/reporterre.net\/En-Normandie-ils-s-opposent-a-un-mega-projet-de-parc-sur-le-Debarquemen\">En Normandie, ils s\u2019opposent \u00e0 un m\u00e9gaprojet de parc sur le d\u00e9barquement<\/a> (Reporterre)<\/p>\n\n\n\n<p><a href=\"https:\/\/france3-regions.francetvinfo.fr\/occitanie\/haute-garonne\/toulouse\/greve-pour-les-salaires-le-conflit-chez-tisseo-s-enlise-le-trafic-est-perturbe-et-cela-risque-de-durer-2789374.html\">Gr\u00e8ve pour les salaires, le conflit chez Tiss\u00e9o s&rsquo;enlise, le trafic est perturb\u00e9 et cela risque de durer <\/a>(franceinfo)<\/p>\n\n\n\n<p><a href=\"https:\/\/www.lemonde.fr\/m-le-mag\/article\/2023\/06\/07\/la-greve-nouvelle-attraction-de-disneyland-paris_6176513_4500055.html\">La gr\u00e8ve, nouvelle attraction de Disneyland Paris<\/a> (Le Monde)<\/p>\n\n\n\n<p><a href=\"https:\/\/www.msn.com\/fr-ca\/actualites\/other\/gr%C3%A8ve-au-cimeti%C3%A8re-notre-dame-des-neiges-les-syndicats-refusent-une-offre-insultante\/ar-AA1ccNu3\">Gr\u00e8ve au cimeti\u00e8re Notre-Dame-des-Neiges: les syndicats refusent une offre \u00abinsultante\u00bb<\/a> (msn)<\/p>\n\n\n\n<p><a href=\"https:\/\/www.centrepresseaveyron.fr\/2023\/06\/07\/la-poste-le-mouvement-prend-de-lampleur-en-ouest-aveyron-de-nouveaux-centres-entrent-en-greve-11245274.php\">La Poste : le mouvement prend de l&rsquo;ampleur en Ouest-Aveyron, de nouveaux centres entrent en gr\u00e8ve<\/a> (Centre Presse Aveyron)<\/p>\n\n\n\n<p><a href=\"https:\/\/www.estrepublicain.fr\/education\/2023\/06\/06\/besancon-piquet-de-greve-devant-le-lycee-professionnel-tristan-bernard\">Besan\u00e7on&nbsp;: piquet de gr\u00e8ve devant le lyc\u00e9e professionnel Tristan-Bernard<\/a> (L\u2019Est R\u00e9publicain)<\/p>\n\n\n\n<p><strong>Monde<\/strong><\/p>\n\n\n\n<p><a href=\"https:\/\/www.wsws.org\/fr\/articles\/2023\/06\/07\/zsya-j07.html\">Les travailleurs <strong>russes<\/strong> de l&rsquo;automobile protestent contre les bas salaires<\/a> (WSWS)<\/p>\n\n\n\n<p><a href=\"https:\/\/www.msn.com\/fr-be\/actualite\/other\/avec-la-r%C3%A9forme-du-1733-les-g%C3%A9n%C3%A9ralistes-wallons-en-gr%C3%A8ve-ce-mercredi\/ar-AA1cdSlV\">Avec la r\u00e9forme du 1733, les g\u00e9n\u00e9ralistes <strong>wallons<\/strong> en gr\u00e8ve ce mercredi <\/a>(Le Soir)<\/p>\n\n\n\n<p><a href=\"https:\/\/www.koaci.com\/article\/2023\/06\/06\/afrique\/societe\/cameroun-greve-des-personnels-de-sante-le-gouvernement-durcit-le-ton-interpellation-dune-vingtaine-de-grevistes_169829.html\"><strong>Cameroun<\/strong> : Gr\u00e8ve du personnel de sant\u00e9, arrestation d\u2019une vingtaine de gr\u00e9vistes<\/a> (KOACI)<\/p>\n\n\n\n<p><a href=\"https:\/\/lactualite.com\/actualites\/fort-mandat-de-greve-a-lusine-daffinage-de-metaux-ccr-a-montreal-est\/\">Fort mandat de gr\u00e8ve \u00e0 l\u2019usine d\u2019affinage de m\u00e9taux CCR \u00e0&nbsp;<strong>Montr\u00e9al<\/strong>-Est<\/a> (L\u2019actualit\u00e9)<\/p>\n\n\n\n<p><strong>Analyse<\/strong><\/p>\n\n\n\n<p><strong><a href=\"https:\/\/www.blast-info.fr\/articles\/2023\/a-marseille-larnaque-du-relogement-Ao7iw0QpQZuN-dhQZhuasQ\">A Marseille, l&rsquo;arnaque du relogement<\/a> (Blast)<\/strong><\/p>\n\n\n\n<p><a href=\"https:\/\/rapportsdeforce.fr\/linternationale\/lactu-des-oublie-es-penser-loin-luttes-dans-lenseignement-partie-2-060718359\">L\u2019actu des Oubli\u00e9.es : penser loin, luttes dans l\u2019enseignement (partie 2)<\/a> (Rapports de force)<\/p>\n\n\n\n<p><a href=\"https:\/\/www.streetpress.com\/sujet\/1685970734-dernieres-gardiennes-immeuble-femmes-hlm-seine-saint-denis-penibilite-travail\">Les derni\u00e8res gardiennes de HLM de Seine-Saint-Denis<\/a> (Street Press<\/p>\n\n\n\n<p><strong><a href=\"https:\/\/www.youtube.com\/watch?v=G04qBkvsBVU&amp;ab_channel=Mediapart\">Manifester est-il devenu un crime ? -A l\u2019air libre<\/a> (Mediapart)<\/strong><\/p>\n\n\n\n<p><strong><a href=\"https:\/\/www.youtube.com\/watch?v=C86W8lv3XIE&amp;ab_channel=LeM%C3%A9dia\">Baisse du ch\u00f4mage : les preuves qui d\u00e9masquent la propagande de la macronie &#8211; O. Beruyer <\/a>(Le M\u00e9dia)<\/strong><\/p>\n\n\n\n<p class=\"has-text-color\" style=\"color:#f70101\"><strong>6 juin<\/strong><\/p>\n\n\n\n<p><strong>Retraites<\/strong><\/p>\n\n\n\n<p><a href=\"https:\/\/www.rdpemancipation.org\/wp-admin\/post.php?post=107923&amp;action=edit\">Retraites.La CGT \u00c9nergie coupe le courant \u00e0 Issy-les-Moulineaux, de nombreuses entreprises \u00e0 l&rsquo;arr\u00eat<\/a> (l\u2019Humanit\u00e9)<\/p>\n\n\n\n<p><a href=\"https:\/\/www.youtube.com\/watch?v=icG160hJTmI&amp;ab_channel=AFP\">Retraites: quelques tensions lors de la manifestation \u00e0 Nantes | AFP Images<\/a> (AFP)<\/p>\n\n\n\n<p><strong><a href=\"https:\/\/www.politis.fr\/articles\/2023\/06\/reforme-retraites-manifestation-du-6-juin-poursuivre-le-combat-garder-lespoir-preparer-lapres\/\">Manifestation du 6 juin : poursuivre le combat, garder l\u2019espoir, pr\u00e9parer l\u2019apr\u00e8s<\/a> (Politis)<\/strong><\/p>\n\n\n\n<p><a href=\"https:\/\/www.liberation.fr\/economie\/social\/en-direct-reforme-des-retraites-des-couloirs-de-lassemblee-aux-corteges-syndicaux-suivez-la-14e-journee-de-mobilisation-20230606_YMGLXS5PHBFDDAVLKPYAYL4EHU\/\">EN DIRECT &#8211; R\u00e9forme des retraites&nbsp;<\/a> (Lib\u00e9ration)<\/p>\n\n\n\n<p><a href=\"https:\/\/linsoumission.fr\/2023\/06\/05\/retraite-sondage-6-juin\/\">Retraites : 57% des Fran\u00e7ais soutiennent la mobilisation du 6 juin<\/a> (L\u2019insoumission)<\/p>\n\n\n\n<p><a href=\"https:\/\/www.bondyblog.fr\/opinions\/interview\/retraite-il-y-a-un-truc-qui-sest-passe-pendant-des-mois-et-ca-restera-quoi-quil-arrive\/\">Retraite : \u00ab Il y a un truc qui s\u2019est pass\u00e9 pendant des mois et \u00e7a restera quoi qu\u2019il arrive \u00bb<\/a> (Bondy Blog)<\/p>\n\n\n\n<p><a href=\"https:\/\/www.radiofrance.fr\/franceinter\/on-n-a-plus-les-moyens-de-faire-greve-l-accumulation-des-retenues-sur-salaire-decourage-les-professeurs-3057210\">\u00ab\u00a0On n&rsquo;a plus les moyens de faire gr\u00e8ve\u00a0\u00bb : l&rsquo;accumulation des retenues sur salaire d\u00e9courage les professeurs <\/a>(Radio France)<\/p>\n\n\n\n<p><strong>France<\/strong><\/p>\n\n\n\n<p><strong><a href=\"https:\/\/reporterre.net\/En-France-une-vague-d-arrestations-contre-le-mouvement-ecologiste-radical\">En France, une vague d\u2019arrestations contre le mouvement \u00e9cologiste radical<\/a> (Reporterre)<\/strong><\/p>\n\n\n\n<p><a href=\"https:\/\/la1ere.francetvinfo.fr\/nouvellecaledonie\/province-nord\/kone\/une-trentaine-d-ouvriers-de-l-usine-du-nickel-du-nord-en-greve-1403070.html\">Mouvement de gr\u00e8ve \u00e0 l&rsquo;usine de nickel du Nord : un protocole d&rsquo;accord a \u00e9t\u00e9 sign\u00e9<\/a> (franceinfo)<\/p>\n\n\n\n<p><a href=\"https:\/\/www.ladepeche.fr\/2023\/06\/06\/apres-villefranche-les-postiers-danglars-de-najac-et-daubin-rejoignent-la-greve-11243878.php\">Apr\u00e8s Villefranche, les postiers d\u2019Anglars, de Najac et d\u2019Aubin rejoignent la gr\u00e8ve<\/a> (La D\u00e9p\u00eache)<\/p>\n\n\n\n<p><a href=\"https:\/\/rebellyon.info\/Vague-de-perquis-en-ce-moment-comment-on-24970\">Vague de perquis\u2019 en ce moment&nbsp;: comment on s\u2019y pr\u00e9pare&nbsp;?<\/a> (Rebellyon)<\/p>\n\n\n\n<p><strong>Monde<\/strong><\/p>\n\n\n\n<p><a href=\"https:\/\/www.contretemps.eu\/muerte-cruzada-equateur-crises-neoliberalisme-autoritaire\/\">La \u00ab&nbsp;muerte cruzada&nbsp;\u00bb en <strong>Equateur<\/strong>&nbsp;: vers une nouvelle phase du n\u00e9olib\u00e9ralisme autoritaire ?<\/a> (Contretemps)<\/p>\n\n\n\n<p><strong>Analyse<\/strong><\/p>\n\n\n\n<p><strong><a href=\"https:\/\/www.frustrationmagazine.fr\/fraude-patrons-medecins\/\">Pourquoi les patrons et m\u00e9decins sont ceux qui fraudent le plus<\/a> (Frustration)<\/strong><\/p>\n\n\n\n<p><a href=\"https:\/\/www.revolutionpermanente.fr\/De-l-ANPE-a-France-Travail-des-decennies-de-transformations-au-service-d-offensives-contre-les\">De l\u2019ANPE \u00e0 France Travail&nbsp;: des d\u00e9cennies de transformations au service d\u2019offensives contre les ch\u00f4meurs <\/a>(RP)<\/p>\n\n\n\n<p><a href=\"https:\/\/lanticapitaliste.org\/actualite\/politique\/sur-le-developpement-des-luttes-des-classes-en-france\">Sur le d\u00e9veloppement des luttes des classes en France <\/a>(l\u2019Anticapitaliste)<\/p>\n\n\n\n<p><a href=\"https:\/\/lvsl.fr\/valeur-travail-sortir-des-pieges\/\">\u00ab&nbsp;Valeur travail&nbsp;\u00bb : sortir des pi\u00e8ges<\/a> (LVSL)<\/p>\n\n\n\n<p><strong><a href=\"https:\/\/reporterre.net\/Locataires-jetes-a-la-rue-a-l-approche-de-l-ete-la-crise-du-logement-s-accentue\">Locataires jet\u00e9s \u00e0 la rue&nbsp;: \u00e0 l\u2019approche de l\u2019\u00e9t\u00e9, la crise du logement s\u2019accentue<\/a> (Reporterre)<\/strong><\/p>\n\n\n\n<p><a href=\"https:\/\/rapportsdeforce.fr\/ici-et-maintenant\/clement-meric-lantifascisme-et-le-mouvement-social-notre-responsabilite-est-immense-060618358\">Cl\u00e9ment M\u00e9ric, l\u2019antifascisme et le mouvement social : \u00ab notre responsabilit\u00e9 est immense \u00bb <\/a>(Rapports de Force)<\/p>\n\n\n\n<p><a href=\"https:\/\/lundi.am\/Casserolade-et-ecoute\">Casserole et \u00e9coute <\/a>(Lundimatin)<\/p>\n\n\n\n<p><a href=\"https:\/\/basta.media\/face-au-tout-numerique-comment-emmaus-connect-accompagne-les-exclus-de-la-dematerialisation-CAF\">Face au tout num\u00e9rique, comment Emma\u00fcs Connect accompagne les exclus de la d\u00e9mat\u00e9rialisation <\/a>(Basta)<\/p>\n\n\n\n<p class=\"has-text-color\" style=\"color:#f40505\"><strong>5 juin<\/strong><\/p>\n\n\n\n<p><strong>Retraites<\/strong><\/p>\n\n\n\n<p><a href=\"https:\/\/www.revolutionpermanente.fr\/6-juin-Tirer-les-bilans-pour-preparer-la-suite-il-nous-faut-un-plan-de-bataille-pour-vaincre-Macron\">6 juin. Tirer les bilans pour pr\u00e9parer la suite&nbsp;: il nous faut un plan de bataille pour vaincre Macron&nbsp;!<\/a> (RP)<\/p>\n\n\n\n<p><a href=\"https:\/\/www.force-ouvriere.fr\/retraites-et-autres-preoccupations\">Retraites&#8230; et autres pr\u00e9occupations&nbsp;!<\/a> (FO)<\/p>\n\n\n\n<p><strong><a href=\"https:\/\/lanticapitaliste.org\/actualite\/politique\/pas-de-justice-sociale-pas-de-paix\">Pas de justice sociale, pas de paix\u202f!<\/a> (l\u2019Anticapitaliste)<\/strong><\/p>\n\n\n\n<p><strong>France<\/strong><\/p>\n\n\n\n<p><a href=\"https:\/\/basta.media\/Vivre-dans-une-cabane-sans-eau-sans-fenetre-sans-electricite-l-envers-du-metier-de-berger\">Vivre dans une cabane sans eau, sans fen\u00eatre, sans \u00e9lectricit\u00e9&nbsp;: l\u2019envers du m\u00e9tier de berg\u00e8re et berger<\/a> (Basta)<\/p>\n\n\n\n<p><strong>Monde<\/strong><\/p>\n\n\n\n<p><a href=\"https:\/\/www.liberation.fr\/international\/europe\/en-pologne-une-maree-humaine-contre-la-derive-liberticide-du-gouvernement-20230604_PHVW7XTNCZBQDGZYLAGJYKLJ6I\/\">En Pologne, une mar\u00e9e humaine contre la d\u00e9rive liberticide du gouvernement<\/a> (Lib\u00e9ration)<\/p>\n\n\n\n<p><a href=\"https:\/\/www.france24.com\/fr\/europe\/20230604-bizutage-mortel-en-belgique-des-milliers-de-manifestants-d%C3%A9noncent-le-jugement\">Bizutage mortel en Belgique : des milliers de manifestants d\u00e9noncent le jugement<\/a> (France 24)<\/p>\n\n\n\n<p><a href=\"https:\/\/www.wsws.org\/fr\/articles\/2023\/06\/05\/onpu-j05.html\">Gr\u00e8ves dans toute l\u2019Italie pour s\u2019opposer aux coupes sociales et \u00e0 la politique de guerre de Meloni<\/a> (WSWS)<\/p>\n\n\n\n<p><a href=\"https:\/\/afriquexxi.info\/Au-Senegal-chronique-d-une-insurrection-annoncee\">Au S\u00e9n\u00e9gal, chronique d\u2019une insurrection annonc\u00e9e<\/a> (Afrique XXI)<\/p>\n\n\n\n<p><a href=\"https:\/\/www.msn.com\/fr-fr\/actualite\/monde\/maroc-nouvelle-manifestation-contre-la-vie-ch%C3%A8re-%C3%A0-casablanca\/ar-AA1c78FC\">Maroc: nouvelle manifestation contre la vie ch\u00e8re \u00e0 Casablanca<\/a> (RFI)<\/p>\n\n\n\n<p><strong>Analyse<\/strong><\/p>\n\n\n\n<p><strong><a href=\"https:\/\/www.revue-ballast.fr\/tiananmen-1989-promesses-et-limites-dun-mouvement-democratique\/\">Tian\u2019anmen, 1989&nbsp;: promesses et limites d\u2019un mouvement d\u00e9mocratique<\/a> (Ballast)<\/strong><\/p>\n\n\n\n<p><a href=\"https:\/\/www.nonfiction.fr\/article-11731-de-la-solidarite-a-lattachement-social-peut-on-vivre-sans-lien.htm\">De la solidarit\u00e9 \u00e0 l&rsquo;attachement social : peut-on vivre sans lien ?<\/a> (Nonfiction)<\/p>\n\n\n\n<p><strong><a href=\"https:\/\/rebellyon.info\/Depuis-Macron-la-police-n-exclut-plus-les-24949\">Depuis Macron, la police n\u2019exclut plus les fonctionnaires violents<\/a> (Rebellyon)<\/strong><\/p>\n\n\n\n<p class=\"has-text-color\" style=\"color:#fa0505\"><strong>3 juin<\/strong><\/p>\n\n\n\n<p><a href=\"https:\/\/www.politis.fr\/articles\/2023\/06\/casserolade-verbalisations-sans-controle-a-dijon-le-procureur-botte-en-touche\/\">Verbalisations sans contr\u00f4le \u00e0 Dijon&nbsp;: le procureur botte en touche<\/a> (Politis)<\/p>\n\n\n\n<p><a href=\"https:\/\/www.revolutionpermanente.fr\/10-ans-apres-la-mort-de-Clement-Meric-manifestons-dimanche-contre-l-extreme-droite-et-le\">10 ans apr\u00e8s la mort de Cl\u00e9ment M\u00e9ric&nbsp;: manifestons dimanche contre l\u2019extr\u00eame droite et le gouvernement&nbsp;!<\/a> (RP)<\/p>\n\n\n\n<p><strong><a href=\"https:\/\/www.revolutionpermanente.fr\/Vertbaudet-les-grevistes-arrachent-des-augmentations-de-salaires-et-l-embauche-de-30-interimaires\">Vertbaudet&nbsp;: les gr\u00e9vistes arrachent des augmentations de salaires et l\u2019embauche de 30 int\u00e9rimaires&nbsp;!<\/a> (RP)<\/strong><\/p>\n\n\n\n<p><a href=\"https:\/\/www.revolutionpermanente.fr\/A-Paris-300-cheminots-rassembles-contre-la-liquidation-du-FRET-SNCF-et-la-suppression-de-450\">A Paris, 300 cheminots rassembl\u00e9s contre la liquidation du FRET SNCF et la suppression de 450 emplois <\/a>(RP)<\/p>\n\n\n\n<p><strong><a href=\"https:\/\/www.wsws.org\/fr\/articles\/2023\/06\/03\/curg-j03.html\">La lutte contre Macron se poursuit: des gr\u00e8ves \u00e9clatent dans plusieurs secteurs en France <\/a>(WSWS)<\/strong><\/p>\n\n\n\n<p><a href=\"https:\/\/rapportsdeforce.fr\/classes-en-lutte\/tisseo-malgre-une-greve-de-quatre-jours-le-silence-de-la-direction-060318327\">Tiss\u00e9o : malgr\u00e9 une gr\u00e8ve de quatre jours, le silence de la direction<\/a> (Rapports de force)<\/p>\n\n\n\n<p><a href=\"https:\/\/www.larep.fr\/saint-denis-de-l-hotel-45550\/actualites\/la-greve-continue-a-la-laiterie-de-saint-denis-de-l-hotel-avant-une-assemblee-generale-lundi-5-juin_14319336\/\">La gr\u00e8ve continue \u00e0 la Laiterie de Saint-Denis-de-l&rsquo;H\u00f4tel, avant une assembl\u00e9e g\u00e9n\u00e9rale, lundi 5 juin<\/a> (La R\u00e9publique du Centre)<\/p>\n\n\n\n<p><a href=\"https:\/\/actu.fr\/normandie\/grand-bourgtheroulde_27105\/a-grand-bourgtheroulde-les-%e2%80%89blouses-bleues%e2%80%89-de-maison-berger-paris-font-greve_59679453.html\">\u00c0 Grand Bourgtheroulde, les \u00ab\u2009blouses bleues\u2009\u00bb de Maison Berger Paris font gr\u00e8ve<\/a> (Le Courrier de l\u2019Eure)<\/p>\n\n\n\n<p><a href=\"https:\/\/www.lequotidien.com\/affaires\/2023\/06\/02\/declenchement-dune-greve-generale-illimitee-chez-acier-leroux-Q6LQRPEPSFH5BHAHOFJR6DN2VM\/\">D\u00e9clenchement d\u2019une gr\u00e8ve g\u00e9n\u00e9rale illimit\u00e9e chez Acier Leroux <\/a>(le Quotidien)<\/p>\n\n\n\n<p><a href=\"https:\/\/www.lavoixdunord.fr\/1335453\/article\/2023-06-02\/libercourt-pas-d-avancees-chez-gln-transport-la-greve-pourrait-etre-reconduite\">Libercourt : \u00ab pas d\u2019avanc\u00e9es \u00bb chez GLN Transport, la gr\u00e8ve pourrait \u00eatre reconduite<\/a> (La Voix du Nord)<\/p>\n\n\n\n<p><a href=\"https:\/\/www.ledauphine.com\/social\/2023\/06\/02\/les-ouvriers-de-dynastar-en-greve-pour-de-meilleurs-salaires\">Les ouvriers de Dynastar en gr\u00e8ve pour de meilleurs salaires <\/a>(Dynastar)<\/p>\n\n\n\n<p><strong>Monde<\/strong><\/p>\n\n\n\n<p><a href=\"https:\/\/bellaciao.org\/Emirats-arabes-unis-derriere-l-image-bling-bling-les-fossoyeurs-de-la-liberte\">\u00c9mirats Arabes Unis : derri\u00e8re l\u2019image bling-bling, les fossoyeurs de la libert\u00e9 dans le golfe<\/a> (Bellaciao)<\/p>\n\n\n\n<p><a href=\"https:\/\/www.wsws.org\/fr\/articles\/2023\/06\/03\/itpu-j03.html\">La vague de gr\u00e8ves s\u2019amplifie au Portugal malgr\u00e9 la tentative des syndicats de l\u2019\u00e9touffer<\/a> (WSWS)<\/p>\n\n\n\n<p><a href=\"https:\/\/www.rtn.ch\/rtn\/Actualite\/Region\/20230602-La-vague-violette-s-apprete-a-deferler.html\">Suisse : La vague violette s\u2019appr\u00eate \u00e0 d\u00e9ferler<\/a> (RTN)<\/p>\n\n\n\n<p><strong>Analyse<\/strong><\/p>\n\n\n\n<p><strong><a href=\"https:\/\/www.youtube.com\/watch?v=tATeG_G2xf8&amp;ab_channel=BLAST%2CLesouffledel%27info\">Logement et handicap : une urgence ignor\u00e9e <\/a>(Blast)<\/strong><\/p>\n\n\n\n<p><a href=\"https:\/\/reporterre.net\/Reprises-de-savoirs-ces-chantiers-ou-l-on-apprend-la-menuiserie-et-la-sociologie\">Ces chantiers participatifs o\u00f9 l\u2019on apprend la ma\u00e7onnerie et la sociologie<\/a> (Reporterre)<\/p>\n\n\n\n<p><a href=\"https:\/\/www.youtube.com\/watch?v=g1p8wn54FO0&amp;ab_channel=BLAST%2CLesouffledel%27info\">\u00ab&nbsp;Le probl\u00e8me de l\u2019\u00c9ducation Nationale, c\u2019est Macron&nbsp;\u00bb<\/a> (Blast)<\/p>\n\n\n\n<p class=\"has-text-color\" style=\"color:#f70505\"><strong>2 juin<\/strong><\/p>\n\n\n\n<p><strong>Retraites<\/strong><\/p>\n\n\n\n<p><strong><a href=\"https:\/\/www.revolutionpermanente.fr\/Nouveau-coup-anti-democratique-la-macronie-et-LR-retoquent-l-abrogation-du-recul-de-l-age-legal-a\">Nouveau coup anti-d\u00e9mocratique&nbsp;: la macronie et LR retoquent l\u2019abrogation du recul de l\u2019\u00e2ge l\u00e9gal \u00e0 64 ans <\/a>(RP)<\/strong><\/p>\n\n\n\n<p><a href=\"https:\/\/www.force-ouvriere.fr\/retraites-au-service-informatique-de-l-insee-la-greve-resiste\">Retraites&nbsp;: au service informatique de l\u2019Insee, la gr\u00e8ve r\u00e9siste<\/a> (FO)<\/p>\n\n\n\n<p><a href=\"https:\/\/94.citoyens.com\/2023\/nouvelle-greve-contre-la-reforme-des-retraites-a-laeroport-dorly,02-06-2023.html\">Nouvelle gr\u00e8ve contre la r\u00e9forme des retraites \u00e0 l\u2019a\u00e9roport d\u2019Orly<\/a> (94 citoyens)<\/p>\n\n\n\n<p><strong>France<\/strong><\/p>\n\n\n\n<p><a href=\"https:\/\/www.liberation.fr\/economie\/medias\/greve-aux-echos-face-a-bernard-arnault-lindependance-nest-decidement-pas-un-luxe-20230601_W35LGNCNSNDT7JIGMZWQ2OBVIQ\/\">Gr\u00e8ve aux \u00abEchos\u00bb&nbsp;: face \u00e0 Bernard Arnault, l\u2019ind\u00e9pendance n\u2019est d\u00e9cid\u00e9ment pas \u00abun luxe\u00bb<\/a> (Lib\u00e9ration)<\/p>\n\n\n\n<p><a href=\"https:\/\/rebellyon.info\/Fete-des-luttes-le-2-juin-au-Planning-24952\">F\u00eate des luttes le 2&nbsp;juin au Planning Familial<\/a> (Rebellyon)<\/p>\n\n\n\n<p><strong><a href=\"https:\/\/rapportsdeforce.fr\/classes-en-lutte\/greve-spontanee-et-massive-que-se-passe-t-il-a-disneyland-paris-060118304\">Gr\u00e8ve spontan\u00e9e et massive : que se passe-t-il \u00e0 Disneyland Paris ?<\/a> (Rapports de force)<\/strong><\/p>\n\n\n\n<p><a href=\"https:\/\/actu.fr\/occitanie\/toulouse_31555\/toulouse-un-autre-depot-bloque-des-bus-scolaires-et-de-nouvelles-lignes-a-l-arret_59677663.html\">Gr\u00e8ve Tiss\u00e9o \u00e0 Toulouse. Un autre d\u00e9p\u00f4t bloqu\u00e9, de nouvelles lignes \u00e0 l&rsquo;arr\u00eat<\/a> (actu)<\/p>\n\n\n\n<p><a href=\"https:\/\/www.larep.fr\/saint-denis-de-l-hotel-45550\/actualites\/le-mouvement-de-greve-continue-a-la-laiterie-de-saint-denis-de-l-hotel_14318652\/\">Le mouvement de gr\u00e8ve, lanc\u00e9 le 23 mai, continue \u00e0 la Laiterie de Saint-Denis-de-l&rsquo;H\u00f4tel <\/a>(La R\u00e9publique du centre)<\/p>\n\n\n\n<p><a href=\"https:\/\/www.lanouvellerepublique.fr\/deux-sevres\/commune\/aiffres\/apres-38-jours-la-greve-continue-a-l-ehpad-des-jardins-d-aiffres\">Apr\u00e8s 38 jours, la gr\u00e8ve continue \u00e0 l\u2019Ehpad des jardins d\u2019Aiffres<\/a> (La Nouvelle R\u00e9publique)<\/p>\n\n\n\n<p><a href=\"https:\/\/www.msn.com\/fr-fr\/actualite\/other\/des-agents-des-%C3%A9coles-maternelles-de-rennes-en-gr%C3%A8ve-contre-la-r%C3%A9organisation-de-leur-service\/ar-AA1bZojT\">Des agents des \u00e9coles maternelles de Rennes en gr\u00e8ve contre la r\u00e9organisation de leur service<\/a> (Ouest France)<\/p>\n\n\n\n<p><a href=\"https:\/\/www.larep.fr\/orleans-45000\/actualites\/les-conditions-de-travail-ne-sont-pas-acceptables-les-employes-de-la-maison-de-l-enfance-du-loiret-en-greve_14318711\/\">Les employ\u00e9s de la Maison de l&rsquo;Enfance du Loiret en gr\u00e8ve<\/a> (La R\u00e9publique du Centre)<\/p>\n\n\n\n<p><a href=\"https:\/\/www.ouest-france.fr\/nouvelle-aquitaine\/aiffres-79230\/dans-cette-maison-de-retraite-des-deux-sevres-six-salariees-sont-en-greve-depuis-38-jours-a2a0ba58-0082-11ee-9c72-8895ed7c2106\">Dans cette maison de retraite des Deux-S\u00e8vres, six salari\u00e9es sont en gr\u00e8ve depuis 38 jours<\/a> (Ouest France)<\/p>\n\n\n\n<p><a href=\"https:\/\/www.lunion.fr\/videos\/a_la_une\/des-enseignants-en-greve-pour-la-voie-professionnelle?param01=qkx8zsr&amp;param02=01342685&amp;param03=1\">Dans les Ardennes, des enseignants en gr\u00e8ve pour la voie professionnelle<\/a> (L\u2019Union)<\/p>\n\n\n\n<p><a href=\"https:\/\/www.francebleu.fr\/infos\/societe\/fermeture-de-schneider-electric-a-bourguebus-le-bras-de-fer-entre-les-salaries-et-la-direction-continue-2803780\">Fermeture de Schneider Electric \u00e0 Bourgu\u00e9bus&nbsp;: le bras de fer entre les salari\u00e9s et la direction continue<\/a> (ici)<\/p>\n\n\n\n<p><a href=\"https:\/\/www.lejsl.com\/social\/2023\/06\/01\/la-cgt-manifeste-aux-grilles-de-la-prefecture-contre-les-repressions-syndicales\">La CGT manifeste aux grilles de la pr\u00e9fecture contre les r\u00e9pressions syndicales<\/a> (Le Journal de Sa\u00f4ne et Loire)<\/p>\n\n\n\n<p><strong>Monde<\/strong><\/p>\n\n\n\n<p><a href=\"https:\/\/alencontre.org\/ameriques\/amelat\/perou\/perou-les-manifestations-reprennent.html\">P\u00e9rou. Les manifestations reprennent<\/a>&nbsp; (A l\u2019encontre)<\/p>\n\n\n\n<p><a href=\"https:\/\/www.equaltimes.org\/alondra-carrillo-au-chili-nous\">Alondra Carrillo&nbsp;: \u00ab&nbsp;Au <strong>Chili<\/strong>, nous vivons une p\u00e9riode de renforcement acc\u00e9l\u00e9r\u00e9 de l\u2019autoritarisme et de privation des droits fondamentaux&nbsp;\u00bb<\/a> (Equal Times)<\/p>\n\n\n\n<p><a href=\"https:\/\/theconversation.com\/kosovo-comprendre-le-recent-dechainement-de-violence-206817\"><strong>Kosovo<\/strong> : comprendre le r\u00e9cent d\u00e9cha\u00eenement de&nbsp;violence<\/a> (The conversation)<\/p>\n\n\n\n<p><a href=\"https:\/\/www.lhebdojournal.com\/actualites\/greve-illimitee-a-la-kruger-wayagamack\/\"><strong>Canada<\/strong> &#8211; Gr\u00e8ve illimit\u00e9e \u00e0 l\u2019usine Kruger Wayagamack <\/a>(L\u2019Hebdo Journal)<\/p>\n\n\n\n<p><strong>Analyse<\/strong><\/p>\n\n\n\n<p><a href=\"https:\/\/www.contretemps.eu\/face-a-macron-forces-et-limites-des-strategies-syndicales\/\">Face \u00e0 Macron, forces et limites des strat\u00e9gies syndicales<\/a> (Contretemps)<\/p>\n\n\n\n<p><strong><a href=\"https:\/\/www.inegalites.fr\/etat-precarite-emploi\">L\u2019emploi pr\u00e9caire en France<\/a> (Observatoire des in\u00e9galit\u00e9s)<\/strong><\/p>\n\n\n\n<p><strong><a href=\"https:\/\/basta.media\/vendredi-debat-parcoursup-detruit-il-l-universite-publique\">\u00ab&nbsp;Parcoursup op\u00e8re un tri social pour mettre des individus sur le march\u00e9 du travail&nbsp;\u00bb<\/a> (Basta)<\/strong><\/p>\n\n\n\n<p class=\"has-text-color\" style=\"color:#f80202\"><strong>1er juin<\/strong><\/p>\n\n\n\n<p><strong><a href=\"https:\/\/www.youtube.com\/watch?v=8Zent93oWko&amp;ab_channel=LeM%C3%A9dia\">Alain krivine : le Trotskisme permanent<\/a> (Blast)<\/strong><\/p>\n\n\n\n<p><strong><a href=\"https:\/\/www.sudinfo.be\/id671244\/article\/2023-05-31\/greve-des-controleurs-aeriens-francais-ryanair-remet-une-petition-la-commission\">Gr\u00e8ve des contr\u00f4leurs a\u00e9riens fran\u00e7ais: Ryanair remet une p\u00e9tition \u00e0 la Commission europ\u00e9enne<\/a> (Sudinfo)<\/strong><\/p>\n\n\n\n<p><a href=\"https:\/\/www.revolutionpermanente.fr\/Tisseo-Plus-de-50-de-grevistes-pour-le-2eme-jour-de-greve-il-est-possible-de-gagner\">Tiss\u00e9o. Plus de 50% de gr\u00e9vistes pour le 2\u00e8me jour de gr\u00e8ve&nbsp;: il est possible de gagner&nbsp;!<\/a> (RP)<\/p>\n\n\n\n<p><a href=\"https:\/\/www.revolutionpermanente.fr\/Transports-publics-a-Toulouse-Comme-Macron-Moudenc-attaque-aussi-les-retraites\">Transports publics \u00e0 Toulouse. Comme Macron, Moudenc attaque les retraites<\/a> (RP)<\/p>\n\n\n\n<p><a href=\"https:\/\/rebellyon.info\/Bas-resille-Barricades-un-guide-fem-pour-24946\">Bas r\u00e9sille &amp; Barricades &#8211; un guide fem pour la mode \u00e9meuti\u00e8re <\/a>(Rebellyon)<\/p>\n\n\n\n<p><a href=\"https:\/\/www.ladepeche.fr\/2023\/06\/01\/greve-au-depot-sncf-de-capdenac-gare-lintersyndicale-veut-des-garanties-sur-lemploi-local-des-cheminots-11232692.php\">Gr\u00e8ve au d\u00e9p\u00f4t SNCF de Capdenac-Gare : l&rsquo;intersyndicale veut des garanties sur l\u2019emploi local des cheminots<\/a> (La D\u00e9p\u00eache)<\/p>\n\n\n\n<p><a href=\"https:\/\/www.lardennais.fr\/videos\/actualite-dans-les-ardennes\/dans-les-ardennes-des-enseignants-en-greve-pour-la-voie-professionnelle?param01=qkx8zsr&amp;param02=01252572&amp;param03=29\">Dans les Ardennes, des enseignants en gr\u00e8ve pour la voie professionnelle<\/a> (L\u2019Ardennais)<\/p>\n\n\n\n<p><a href=\"https:\/\/www.francebleu.fr\/emissions\/la-nouvelle-eco\/la-nouvelle-eco-les-agents-de-la-maison-de-l-enfance-a-orleans-sont-en-greve-ce-jeudi-5686918\">La nouvelle \u00e9co&nbsp;: les agents de la Maison de l&rsquo;enfance \u00e0 Orl\u00e9ans sont en gr\u00e8ve ce jeudi <\/a>(ici)<\/p>\n\n\n\n<p><a href=\"https:\/\/www.ouest-france.fr\/pays-de-la-loire\/le-mans-72000\/une-greve-des-syndicats-du-mans-metropole-habitat-contre-le-parachute-dore-de-lancien-directeur-b2c9d710-ff98-11ed-a110-11a954a625a9\">Une gr\u00e8ve des syndicats du Mans m\u00e9tropole habitat contre le parachute dor\u00e9 de l\u2019ancien directeur <\/a>(Ouest France)<\/p>\n\n\n\n<p><a href=\"https:\/\/www.lanouvellerepublique.fr\/niort\/niort-le-personnel-des-ecoles-en-greve-pour-les-salaires-et-contre-la-precarite\">Niort&nbsp;: le personnel des \u00e9coles en gr\u00e8ve pour les salaires et contre la pr\u00e9carit\u00e9<\/a> (La Nouvelle R\u00e9publique)<\/p>\n\n\n\n<p><a href=\"https:\/\/saint-nazaire.maville.com\/actu\/actudet_-une-greve-pour-les-salaires-chez-man-a-saint-nazaire-_loc-5791096_actu.Htm\">Une gr\u00e8ve pour les salaires chez Man \u00e0 Saint-Nazaire&nbsp;<\/a>(Ouest France)<\/p>\n\n\n\n<p><a href=\"https:\/\/mlyon.fr\/news\/locales\/211809\/une-manifestation-pour-defendre-les-libertes-syndicales-a-lyon\">Une manifestation pour d\u00e9fendre les libert\u00e9s syndicales \u00e0 Lyon<\/a> (mlyon)<\/p>\n\n\n\n<p><a href=\"https:\/\/www.radiofrance.fr\/francemusique\/il-y-a-un-ras-le-bol-les-intermittents-de-l-opera-de-bordeaux-en-colere-contre-leur-salaire-9778099\">\u00ab\u00a0Il y a un ras-le-bol\u00a0\u00bb&nbsp;:&nbsp;les intermittents de l&rsquo;Op\u00e9ra de Bordeaux en col\u00e8re contre leur salaire<\/a> (radiofrance)<\/p>\n\n\n\n<p><a href=\"https:\/\/france3-regions.francetvinfo.fr\/centre-val-de-loire\/loiret\/conflit-social-a-la-laiterie-de-saint-denis-de-l-hotel-la-tension-monte-entre-la-direction-et-les-grevistes-2784634.html\">Conflit social \u00e0 la laiterie de Saint Denis-de-l\u2019H\u00f4tel : la tension monte entre la direction et les gr\u00e9vistes<\/a> (franceinfo)<\/p>\n\n\n\n<p><a href=\"https:\/\/www.lanouvellerepublique.fr\/a-la-une\/la-cgt-accuse-grdf-de-licenciements-discriminatoires-en-ile-de-france\">La CGT accuse GRDF de licenciements discriminatoires en \u00cele-de-France<\/a> (La Nouvelle R\u00e9publique)<\/p>\n\n\n\n<p><strong>Monde<\/strong><\/p>\n\n\n\n<p><a href=\"https:\/\/www.wsws.org\/fr\/articles\/2023\/06\/01\/zupo-j01.html\">La classe dirigeante <strong>am\u00e9ricaine<\/strong> affronte leur plus puissant antagoniste au pays : la classe ouvri\u00e8re<\/a> (WSWS)<\/p>\n\n\n\n<p><a href=\"https:\/\/www.msn.com\/fr-fr\/actualite\/other\/inde-le-combat-des-lutteuses-continue-face-au-pr%C3%A9sident-de-la-f%C3%A9d%C3%A9ration-accus%C3%A9-de-viols\/ar-AA1bWyNy\">Inde: le combat des lutteuses continue face au pr\u00e9sident de la F\u00e9d\u00e9ration accus\u00e9 de viols<\/a> (RFI)<\/p>\n\n\n\n<p>Analyse<\/p>\n\n\n\n<p><a href=\"https:\/\/www.politis.fr\/articles\/2023\/05\/entre-lintersyndicale-et-la-nupes-loccasion-manquee\/\">Entre l\u2019intersyndicale et la Nupes, l\u2019occasion manqu\u00e9e<\/a> (Politis)<\/p>\n\n\n\n<p><a href=\"https:\/\/www.revue-ballast.fr\/gerard-lemaire-les-deux-vies-dun-poete-ouvrier\/\">G\u00e9rard Lemaire&nbsp;: les deux vies d\u2019un po\u00e8te ouvrier<\/a> (Ballast)<\/p>\n","protected":false},"excerpt":{"rendered":"<p>Cliquer ici pour voir notre dossier sur la bataille des retraites, mis \u00e0 jour quotidiennement. 30 juin Mort de Nahel \u00ab&nbsp;Pour l\u2019honneur de Nahel&nbsp;\u00bb : les t\u00e9moignages de la famille (Blast) Mort de Nahel M. : \u00ab Ils sont rattrap\u00e9s par le r\u00e9el \u00bb (Mediapart) Mort de Nahel \u00e0 Nanterre. \u00abIl faut entendre la col\u00e8re\u00bb. &#8230; <a title=\"Juin &#8211; Social\" class=\"read-more\" href=\"https:\/\/www.rdpemancipation.org\/?p=115068\" aria-label=\"En savoir plus sur Juin &#8211; Social\">Lire la suite<\/a><\/p>\n","protected":false},"author":1,"featured_media":0,"comment_status":"closed","ping_status":"closed","sticky":false,"template":"","format":"standard","meta":{"_lmt_disableupdate":"","_lmt_disable":"","_jetpack_memberships_contains_paid_content":false,"footnotes":""},"categories":[8],"tags":[],"class_list":["post-115068","post","type-post","status-publish","format-standard","hentry","category-social"],"modified_by":"man","jetpack_featured_media_url":"","jetpack_sharing_enabled":true,"_links":{"self":[{"href":"https:\/\/www.rdpemancipation.org\/index.php?rest_route=\/wp\/v2\/posts\/115068","targetHints":{"allow":["GET"]}}],"collection":[{"href":"https:\/\/www.rdpemancipation.org\/index.php?rest_route=\/wp\/v2\/posts"}],"about":[{"href":"https:\/\/www.rdpemancipation.org\/index.php?rest_route=\/wp\/v2\/types\/post"}],"author":[{"embeddable":true,"href":"https:\/\/www.rdpemancipation.org\/index.php?rest_route=\/wp\/v2\/users\/1"}],"replies":[{"embeddable":true,"href":"https:\/\/www.rdpemancipation.org\/index.php?rest_route=%2Fwp%2Fv2%2Fcomments&post=115068"}],"version-history":[{"count":64,"href":"https:\/\/www.rdpemancipation.org\/index.php?rest_route=\/wp\/v2\/posts\/115068\/revisions"}],"predecessor-version":[{"id":116465,"href":"https:\/\/www.rdpemancipation.org\/index.php?rest_route=\/wp\/v2\/posts\/115068\/revisions\/116465"}],"wp:attachment":[{"href":"https:\/\/www.rdpemancipation.org\/index.php?rest_route=%2Fwp%2Fv2%2Fmedia&parent=115068"}],"wp:term":[{"taxonomy":"category","embeddable":true,"href":"https:\/\/www.rdpemancipation.org\/index.php?rest_route=%2Fwp%2Fv2%2Fcategories&post=115068"},{"taxonomy":"post_tag","embeddable":true,"href":"https:\/\/www.rdpemancipation.org\/index.php?rest_route=%2Fwp%2Fv2%2Ftags&post=115068"}],"curies":[{"name":"wp","href":"https:\/\/api.w.org\/{rel}","templated":true}]}}