{"id":115066,"date":"2023-06-01T08:47:43","date_gmt":"2023-06-01T06:47:43","guid":{"rendered":"https:\/\/www.rdpemancipation.org\/?p=115066"},"modified":"2023-06-30T16:39:28","modified_gmt":"2023-06-30T14:39:28","slug":"juin-politique-3","status":"publish","type":"post","link":"https:\/\/www.rdpemancipation.org\/?p=115066","title":{"rendered":"Juin &#8211; Politique"},"content":{"rendered":"\n<p><a href=\"https:\/\/www.rdpemancipation.org\/?p=115663\" title=\"\"><strong><mark style=\"background-color:rgba(0, 0, 0, 0);color:#078827\" class=\"has-inline-color\">Cliquer ici pour voir notre dossier sur la bataille des retraites, mis \u00e0 jour quotidiennement.<\/mark><\/strong><\/a><\/p>\n\n\n\n<p><mark style=\"background-color:rgba(0, 0, 0, 0);color:#ee0505\" class=\"has-inline-color\"><strong>30 juin<\/strong><\/mark><\/p>\n\n\n\n<p><strong>La bataille des retraites<a><\/a><\/strong><\/p>\n\n\n\n<p><a href=\"https:\/\/www.francetvinfo.fr\/economie\/retraite\/reforme-des-retraites\/reforme-des-retraites-la-confederation-syndicale-internationale-accuse-la-france-de-brutalites-policieres-et-d-arrestations-aveugles_5921567.html\"><strong>Retraites : la CSI accuse la France de brutalit\u00e9s polici\u00e8res et d&rsquo;arrestations aveugles<\/strong><\/a> (France Info)<\/p>\n\n\n\n<p><strong>\u00c9galement en France<\/strong><\/p>\n\n\n\n<p><a href=\"https:\/\/www.huffingtonpost.fr\/international\/article\/apres-la-mort-de-nahel-la-france-doit-s-attaquer-aux-profonds-problemes-de-racisme-dans-la-police-pour-cette-instance-de-l-onu_219986.html\"><strong>La France doit\u00a0s\u2019attaquer aux profonds probl\u00e8mes de racisme dans la police, selon instance de l\u2019ONU<\/strong><\/a> (HuffPost)<\/p>\n\n\n\n<p><a href=\"https:\/\/www.politis.fr\/articles\/2023\/06\/mort-nahel-a-nanterre-ca-fait-des-annees-quils-nous-ont-abandonnes\/\" target=\"_blank\" rel=\"noreferrer noopener\">\u00c0 Nanterre, \u00ab \u00e7a fait des ann\u00e9es qu\u2019ils nous ont abandonn\u00e9s \u00bb<\/a>&nbsp; (Politis)<\/p>\n\n\n\n<p><a href=\"https:\/\/www.contretemps.eu\/mort-nahel-nanterre-police-racisme-quartiers-repression\/\" target=\"_blank\" rel=\"noreferrer noopener\"><strong>Derri\u00e8re la mort de Nahel, l\u2019institution polici\u00e8re<\/strong><\/a> (Contretemps)<\/p>\n\n\n\n<p><a href=\"https:\/\/www.lemediatv.fr\/emissions\/2023\/justice-pour-nahel-la-revolte-se-confirme-le-pouvoir-brandit-sa-police-dcKAFSYtR-OOb0JyhyztSQ\" target=\"_blank\" rel=\"noreferrer noopener\">Justice pour Nahel : La r\u00e9volte se confirme, le pouvoir brandit sa police<\/a> (Le M\u00e9dia)<\/p>\n\n\n\n<p><a href=\"https:\/\/www.humanite.fr\/societe\/police\/mort-de-nahel-incendies-875-interpellations-revendications-des-maires-bilan-d-une-troisieme-nuit-de-colere-801434#xtor=RSS-1\" target=\"_blank\" rel=\"noreferrer noopener\">Nahel : incendies, 875 interpellations\u2026 Une troisi\u00e8me nuit de col\u00e8re<\/a> (L\u2019Humanit\u00e9)<\/p>\n\n\n\n<p><a href=\"https:\/\/www.rdpemancipation.org\/?cat=8\">Voir aussi la sous-rubrique \u00ab&nbsp;<strong>Mort de Nahel&nbsp;<\/strong>\u00bb dans la rubrique \u00ab&nbsp;Social&nbsp;\u00bb d\u2019Emancipation<\/a><\/p>\n\n\n\n<p><a href=\"https:\/\/reporterre.net\/Pesticides-la-justice-condamne-l-Etat-pour-carence-fautive\" target=\"_blank\" rel=\"noreferrer noopener\">Pesticides&nbsp;: l&rsquo;\u00c9tat condamn\u00e9 pour \u00ab&nbsp;carence fautive&nbsp;\u00bb<\/a> (Reporterre)<\/p>\n\n\n\n<p><a href=\"https:\/\/www.alternatives-economiques.fr\/soulevements-de-terre-ont-renouvele-lecologie-politique\/00107450\" target=\"_blank\" rel=\"noreferrer noopener\">Comment les Soul\u00e8vements de la Terre ont renouvel\u00e9 l\u2019\u00e9cologie politique<\/a> (Alter \u00e9co)<\/p>\n\n\n\n<p><strong>Monde<\/strong><\/p>\n\n\n\n<p><a href=\"https:\/\/www.politis.fr\/articles\/2023\/06\/comment-la-france-continue-darmer-la-repression-au-senegal\/\" target=\"_blank\" rel=\"noreferrer noopener\">Comment la France continue d\u2019armer la r\u00e9pression au S\u00e9n\u00e9gal<\/a> (Politis)<\/p>\n\n\n\n<p><a href=\"http:\/\/alencontre.org\/europe\/le-funeste-pacte-europeen-sur-lasile-et-lenthousiasme-helvetique.html\">Le funeste pacte europ\u00e9en sur l\u2019asile \u2013 et l\u2019enthousiasme helv\u00e9tique<\/a> (A l\u2019encontre)<\/p>\n\n\n\n<p><a href=\"https:\/\/lanticapitaliste.org\/actualite\/international\/russie-evgueni-prigojine-le-monstre-dun-poutine-frankenstein\">Russie\u2002: Evgueni Prigojine, le monstre d\u2019un Poutine Frankenstein<\/a> (L\u2019Anticapitaliste)<\/p>\n\n\n\n<p><a href=\"https:\/\/www.humanite.fr\/en-debat\/amerique-latine\/colombie-liberte-pour-les-activistes-de-la-mobilisation-de-2021-801240#xtor=RSS-1\" target=\"_blank\" rel=\"noreferrer noopener\">Colombie : Libert\u00e9 pour les activistes de la mobilisation de 2021<\/a> (L\u2019Humanit\u00e9)<\/p>\n\n\n\n<p><a href=\"https:\/\/www.mediapart.fr\/journal\/international\/280623\/les-neonazis-font-leur-retour-au-parlement-grec\" target=\"_blank\" rel=\"noreferrer noopener\">Les n\u00e9onazis font leur retour au Parlement grec<\/a> (M\u00e9diapart)<\/p>\n\n\n\n<p><strong>Analyse<\/strong><\/p>\n\n\n\n<p><a href=\"https:\/\/lvsl.fr\/le-neoliberalisme-comme-reformatage-du-pouvoir-de-letat-amy-kapczynksi\/\" target=\"_blank\" rel=\"noreferrer noopener\">Le n\u00e9olib\u00e9ralisme comme reformatage du pouvoir de l\u2019\u00c9tat \u2013Amy Kapczynski<\/a> (Le Vent Se L\u00e8ve)<\/p>\n\n\n\n<p><strong><a href=\"https:\/\/revueladeferlante.fr\/virginie-despentes-et-philippe-poutou\/\" target=\"_blank\" rel=\"noreferrer noopener\">Virginie Despentes &amp; Philippe Poutou : Ping-pong th\u00e9ories&nbsp;<\/a> <\/strong>(La D\u00e9ferlante)<\/p>\n\n\n\n<p><a href=\"https:\/\/multinationales.org\/fr\/enquetes\/les-portes-tournantes\/page\/l-horizontalite-donne-le-sommeil\" target=\"_blank\" rel=\"noreferrer noopener\">De quoi la Macronie est-elle le nom ?<\/a> (Observatoire des multinationales)<\/p>\n\n\n\n<figure class=\"wp-block-image size-full\"><img data-recalc-dims=\"1\" loading=\"lazy\" decoding=\"async\" width=\"520\" height=\"277\" src=\"https:\/\/i0.wp.com\/www.rdpemancipation.org\/wp-content\/uploads\/2023\/06\/image-83.png?resize=520%2C277&#038;ssl=1\" alt=\"\" class=\"wp-image-116478\" srcset=\"https:\/\/i0.wp.com\/www.rdpemancipation.org\/wp-content\/uploads\/2023\/06\/image-83.png?w=520&amp;ssl=1 520w, https:\/\/i0.wp.com\/www.rdpemancipation.org\/wp-content\/uploads\/2023\/06\/image-83.png?resize=300%2C160&amp;ssl=1 300w\" sizes=\"auto, (max-width: 520px) 100vw, 520px\" \/><\/figure>\n\n\n\n<p><a href=\"https:\/\/multinationales.org\/fr\/enquetes\/les-portes-tournantes\/page\/de-l-ascension-verticale-au-ruisselement-en-periode-de-secheresse\" target=\"_blank\" rel=\"noreferrer noopener\">Au-del\u00e0 des scandales, un enjeu d\u00e9mocratique<\/a> (Observatoire des multinationales)<\/p>\n\n\n\n<p><a href=\"https:\/\/basta.media\/chronologie-60-ans-d-actions-violentes-faut-il-pour-autant-dissoudre-la-FNSEA\" target=\"_blank\" rel=\"noreferrer noopener\">60 ans d&rsquo;actions violentes : faut-il pour autant dissoudre la FNSEA ?<\/a> (Basta!)<\/p>\n\n\n\n<p><mark style=\"background-color:rgba(0, 0, 0, 0);color:#ee0505\" class=\"has-inline-color\"><strong>29 juin<\/strong><\/mark><\/p>\n\n\n\n<p><strong>La bataille des retraites<\/strong><a><\/a><\/p>\n\n\n\n<p><a href=\"https:\/\/adherez.attac.org\/civicrm\/mailing\/url?u=25661&amp;qid=25202503\" target=\"_blank\" rel=\"noreferrer noopener\">R\u00e9formes des retraites&nbsp;: la d\u00e9mocratie bafou\u00e9e<\/a> (Les Possibles)<\/p>\n\n\n\n<p><a href=\"https:\/\/adherez.attac.org\/civicrm\/mailing\/url?u=25662&amp;qid=25202503\" target=\"_blank\" rel=\"noreferrer noopener\">Loi retraites, une analyse constitutionnelle critique<\/a> (Les Possibles)<\/p>\n\n\n\n<p><a href=\"https:\/\/adherez.attac.org\/civicrm\/mailing\/url?u=25664&amp;qid=25202503\" target=\"_blank\" rel=\"noreferrer noopener\">L<strong>\u2019enjeu de la retraite pour les femmes, une contribution majeure de Christiane Marty<\/strong><\/a> (Les Possibles)<\/p>\n\n\n\n<p><strong>\u00c9galement en France<\/strong><\/p>\n\n\n\n<p><a href=\"https:\/\/www.francetvinfo.fr\/faits-divers\/adolescent-tue-par-un-policier-a-nanterre\/mort-de-nahel-comment-les-images-diffusees-sur-les-reseaux-sociaux-ont-change-le-traitement-judiciaire-des-violences-policieres_5919980.html\"><strong>Nahel : les images des r\u00e9seaux sociaux ont chang\u00e9 le traitement judiciaire des violences polici\u00e8res<\/strong><\/a> (France Info)<\/p>\n\n\n\n<p><a href=\"https:\/\/www.mediapart.fr\/journal\/france\/290623\/apres-la-mort-de-nahel-une-nuit-de-revoltes-partout-en-france\" target=\"_blank\" rel=\"noreferrer noopener\">Apr\u00e8s la mort de Nahel, une nuit de r\u00e9voltes partout en France<\/a> (M\u00e9diapart)<\/p>\n\n\n\n<p><a href=\"https:\/\/www.bondyblog.fr\/societe\/mort-de-nahel-rappeurs-et-celebrites-montent-au-creneau\/\" target=\"_blank\" rel=\"noreferrer noopener\">Mort de Nahel : rappeurs et c\u00e9l\u00e9brit\u00e9s montent au cr\u00e9neau<\/a> (Le Bondy Blog)<\/p>\n\n\n\n<p><a href=\"https:\/\/www.ldh-france.org\/un-refus-dobtemperer-noctroie-pas-le-droit-de-tuer\/\" target=\"_blank\" rel=\"noreferrer noopener\">Un refus d\u2019obtemp\u00e9rer n\u2019octroie pas le droit de tuer<\/a> (LDH)<\/p>\n\n\n\n<p><a href=\"https:\/\/basta.media\/Refus-d-obtemperer-le-nombre-de-personnes-tuees-par-un-tir-des-forces-de-l-ordre-a-double-depuis-2017-Darmanin\" target=\"_blank\" rel=\"noreferrer noopener\">Le nombre de personnes tu\u00e9es par un tir des forces de l\u2019ordre a doubl\u00e9 depuis 2020<\/a> (Basta!)<\/p>\n\n\n\n<p><a href=\"https:\/\/basta.media\/trois-fois-plus-de-personnes-sont-decedees-suite-a-une-arrestation-depuis-2020\" target=\"_blank\" rel=\"noreferrer noopener\"><strong>Trois fois plus de personnes sont d\u00e9c\u00e9d\u00e9es suite \u00e0 une arrestation depuis 2020<\/strong><\/a> (Basta!)<\/p>\n\n\n\n<p><a href=\"https:\/\/www.bondyblog.fr\/reportages\/2005-na-servi-a-rien-a-clichy-sous-bois-la-colere-en-echos\/\" target=\"_blank\" rel=\"noreferrer noopener\">\u00ab 2005 n\u2019a servi \u00e0 rien \u00bb \u00c0 Clichy-sous-Bois, la col\u00e8re en \u00e9chos<\/a> (Le Bondy Blog)<\/p>\n\n\n\n<p><a href=\"https:\/\/www.streetpress.com\/sujet\/1687965898-action-francaise-ecole-cadres-reactionnaires-darmanin-ministres\" target=\"_blank\" rel=\"noreferrer noopener\">L\u2019Action fran\u00e7aise, \u00e9cole des cadres r\u00e9actionnaires<\/a>&nbsp;(StreetPress)<\/p>\n\n\n\n<p><a href=\"https:\/\/www.streetpress.com\/sujet\/1687971197-telegram-militants-parlementaires-menaces-doxxing-harcelement\" target=\"_blank\" rel=\"noreferrer noopener\">Sur Telegram, des dizaines de militants et parlementaires menac\u00e9s et dox\u00e9s&nbsp;<\/a> (StreetPress)<\/p>\n\n\n\n<p><a href=\"https:\/\/www.streetpress.com\/sujet\/1687961182-municipales-2026-machiavelique-extreme-droite-civitas\" target=\"_blank\" rel=\"noreferrer noopener\">Municipales 2026 : Le plan machiav\u00e9lique de l\u2019extr\u00eame extr\u00eame droite pour conqu\u00e9rir des villes<\/a> (StreetPress)<\/p>\n\n\n\n<p><a href=\"https:\/\/marsactu.fr\/macron-a-marseille-un-acte-2-poudre-aux-yeux\/\" target=\"_blank\" rel=\"noreferrer noopener\">Macron \u00e0 Marseille : un acte 2 poudre aux yeux<\/a> (Marsactu)<\/p>\n\n\n\n<p><a href=\"https:\/\/www.politis.fr\/articles\/2023\/06\/la-confederation-paysanne-nouvelle-cible-de-la-repression-des-ecologistes\/\" target=\"_blank\" rel=\"noreferrer noopener\">La Conf\u00e9d\u00e9ration paysanne, nouvelle cible de la r\u00e9pression des \u00e9cologistes<\/a> (Politis)<\/p>\n\n\n\n<p><strong>Monde<\/strong><\/p>\n\n\n\n<p><a href=\"https:\/\/journal-labreche.fr\/la-france-partie-prenante-de-la-guerre-au-yemen\/\" target=\"_blank\" rel=\"noreferrer noopener\">La France, partie prenante de la guerre au Y\u00e9men<\/a> (La Br\u00e8che)<\/p>\n\n\n\n<p><a href=\"https:\/\/orientxxi.info\/magazine\/turquie-grece-l-echange-de-populations-ou-la-construction-forcee-d-une-identite,6589\" target=\"_blank\" rel=\"noreferrer noopener\">Turquie \u2013 Gr\u00e8ce. L&rsquo;\u00e9change de populations ou la construction forc\u00e9e d&rsquo;une identit\u00e9 nationale<\/a> (Orient XXI)<\/p>\n\n\n\n<p><a href=\"https:\/\/adherez.attac.org\/civicrm\/mailing\/url?u=25676&amp;qid=25202503\" target=\"_blank\" rel=\"noreferrer noopener\">Serbie\/Kosovo&nbsp;: Instabilit\u00e9 locale et internationale<\/a> (Les Possibles)<\/p>\n\n\n\n<p><a href=\"http:\/\/alencontre.org\/europe\/espagne\/royaume-despagne-greves-et-elections.html\">Royaume d\u2019Espagne. Gr\u00e8ves et \u00e9lections<\/a> (A l\u2019encontre)<\/p>\n\n\n\n<p><a href=\"http:\/\/alencontre.org\/europe\/russie\/la-marche-de-prigojine-de-quoi-sagit-il.html\">La \u00abMarche de Prigojine\u00bb: de quoi s\u2019agit-il ?<\/a> (A l\u2019encontre)<\/p>\n\n\n\n<p><a href=\"https:\/\/common.indigo-net.com\/lib\/cookie_log\/redirector.asp?mail=n.chevillard@noos.fr&amp;ID=546774&amp;DOCIID=109703480&amp;ENAIID=821064&amp;RETOUR=SIMPLE&amp;link=https:\/\/www.intelligenceonline.fr\/renseignement-d-etat\/2023\/06\/26\/rebellion--ce-reseau-clandestin-d-officiers-qui-a-prete-main-forte-a-wagner,109997762-art?utm_source=LMR&amp;utm_medium=email&amp;utm_campaign=PROS_EDIT_ALE\" target=\"_blank\" rel=\"noreferrer noopener\">Russie : ce r\u00e9seau clandestin d&rsquo;officiers qui a pr\u00eat\u00e9 main-forte \u00e0 Wagner<\/a> (Intelligence Online)<\/p>\n\n\n\n<p><strong>Analyse<\/strong><\/p>\n\n\n\n<p><a href=\"https:\/\/www.alternatives-economiques.fr\/anticor-dessous-juridiques-dune-crise-democratique\/00107454\" target=\"_blank\" rel=\"noreferrer noopener\">Anticor : les dessous juridiques d\u2019une crise d\u00e9mocratique<\/a> (Alter \u00e9co)<\/p>\n\n\n\n<p><a href=\"https:\/\/www.ldh-france.org\/27-juin-2023-tribune-naufrage-en-grece-la-commission-europeenne-doit-adopter-des-mesures-pour-mettre-fin-aux-morts-insensees-aux-frontieres-de-lue-publiee-dans-le-monde\/\" target=\"_blank\" rel=\"noreferrer noopener\"><strong>\u00abLa Commission europ\u00e9enne doit adopter des mesures pour mettre fin aux morts insens\u00e9es aux fronti\u00e8res de l\u2019UE\u00bb<\/strong><\/a><strong> (<\/strong>LDH)<\/p>\n\n\n\n<p><a href=\"https:\/\/adherez.attac.org\/civicrm\/mailing\/url?u=25663&amp;qid=25202503\" target=\"_blank\" rel=\"noreferrer noopener\">Un mouvement social, \u00e9cologique et d\u00e9mocratique<\/a> (Les Possibles)<\/p>\n\n\n\n<p><a href=\"https:\/\/www.obsarm.info\/spip.php?article561\" target=\"_blank\" rel=\"noreferrer noopener\">Chronologie des trait\u00e9s de d\u00e9sarmement<\/a> (Observatoire des armements)<\/p>\n\n\n\n<p><mark style=\"background-color:rgba(0, 0, 0, 0);color:#ee0505\" class=\"has-inline-color\"><strong>28 juin<\/strong><\/mark><\/p>\n\n\n\n<p><strong>Monde<\/strong><\/p>\n\n\n\n<p><a href=\"https:\/\/www.monde-diplomatique.fr\/2023\/07\/BREVILLE\/65909\">Le mod\u00e8le Meloni<\/a> (Le monde diplomatique)<\/p>\n\n\n\n<p><mark style=\"background-color:rgba(0, 0, 0, 0);color:#ee0505\" class=\"has-inline-color\"><strong>27 juin<\/strong><\/mark><\/p>\n\n\n\n<p><strong>La bataille des retraites<\/strong><a><\/a><\/p>\n\n\n\n<p><a href=\"https:\/\/www.lemediatv.fr\/emissions\/2023\/reforme-des-retraites-et-si-elle-navait-servi-a-rien-1McdyBpBR6WoFHF7UU-Vbw\" target=\"_blank\" rel=\"noreferrer noopener\">R\u00e9forme des retraites : et si elle n&rsquo;avait servi \u00e0 rien ?<\/a> &nbsp;(Le M\u00e9dia)<\/p>\n\n\n\n<p><strong>\u00c9galement en France<\/strong><\/p>\n\n\n\n<p><a href=\"https:\/\/www.huffingtonpost.fr\/politique\/article\/les-vacances-d-ete-sont-elles-trop-longues-emmanuel-macron-relance-le-debat-mais-oublie-certains-chiffres_219815.html\">Macron veut-il raccourcir les vacances d\u2019\u00e9t\u00e9&nbsp;? Ce qu\u2019il a dit (et oubli\u00e9 de dire) \u00e0 Marseille<\/a>&nbsp;(HuffPost)<\/p>\n\n\n\n<p><a href=\"https:\/\/www.huffingtonpost.fr\/politique\/article\/l-inflation-causee-par-les-benefices-des-entreprises-ce-tweet-du-fmi-fait-le-bonheur-de-la-nupes_219817.html\">Ce tweet du FMI sur l\u2019inflation fait le bonheur de la NUPES<\/a> (HuffPost)<\/p>\n\n\n\n<p><a href=\"https:\/\/lundi.am\/Dissolution-des-Soulevements-de-la-Terre-5566\" target=\"_blank\" rel=\"noreferrer noopener\">Dissolution des Soul\u00e8vements de la Terre<\/a> (Lundimatin)<\/p>\n\n\n\n<p><a href=\"https:\/\/lundi.am\/Appel-international-de-soutien-aux-Soulevements-de-la-Terre\" target=\"_blank\" rel=\"noreferrer noopener\">Appel international de soutien aux Soul\u00e8vements de la Terre<\/a>&nbsp;(Lundimatin)<\/p>\n\n\n\n<p><strong>Monde<\/strong><\/p>\n\n\n\n<p><a href=\"https:\/\/alencontre.org\/moyenorient\/palestine\/israel-palestine-pourquoi-les-pogroms-des-colons-deferlent-ils-sur-la-cisjordanie.html\">Isra\u00ebl-Palestine. \u00abPourquoi les pogroms des colons d\u00e9ferlent-ils sur la Cisjordanie ?\u00bb<\/a>&nbsp;(A l\u2019encontre)<\/p>\n\n\n\n<p><a href=\"https:\/\/alencontre.org\/europe\/allemagne\/allemagne-lafd-a-obtenu-une-victoire-symbolique-en-thuringe-elle-peut-en-faire-un-levier-politique.html\">Allemagne. L\u2019AfD a obtenu une victoire symbolique en Thuringe. Elle peut en faire un levier politique<\/a>&nbsp;(A l\u2019encontre)<\/p>\n\n\n\n<p><a href=\"https:\/\/www.youtube.com\/watch?v=5Pwpce5x7kw\" target=\"_blank\" rel=\"noreferrer noopener\">Emmanuel Todd : Wagner et Prigojine, le d\u00e9but de la guerre en Russie ?<\/a> (Sud Radio)<\/p>\n\n\n\n<p><a href=\"https:\/\/www.mediapart.fr\/journal\/international\/270623\/la-tragedie-et-la-farce-l-hypotheque-trump-sur-les-etats-unis-et-le-monde\" target=\"_blank\" rel=\"noreferrer noopener\">La trag\u00e9die et la farce: l\u2019hypoth\u00e8que Trump sur les \u00c9tats-Unis et le monde<\/a> &nbsp;(M\u00e9diapart)<\/p>\n\n\n\n<p><a href=\"https:\/\/www.mediapart.fr\/journal\/international\/260623\/apres-son-putsch-rate-le-sort-incertain-du-groupe-wagner\" target=\"_blank\" rel=\"noreferrer noopener\">Apr\u00e8s son putsch rat\u00e9, le sort incertain du groupe Wagner<\/a> &nbsp;(M\u00e9diapart)<\/p>\n\n\n\n<p><a href=\"https:\/\/www.mediapart.fr\/journal\/international\/260623\/depuis-moscou-tout-le-monde-vu-que-le-roi-est-nu\" target=\"_blank\" rel=\"noreferrer noopener\">Depuis Moscou: \u00abTout le monde a vu que le roi est nu\u00bb<\/a> &nbsp;(M\u00e9diapart)<\/p>\n\n\n\n<p><a href=\"https:\/\/www.courrierdesbalkans.fr\/Macedoine-du-Nord-le-secteur-des-prets-rapides-aux-mains-des-fils-et-parents-d\" target=\"_blank\" rel=\"noreferrer noopener\">Mac\u00e9doine du Nord : les politiciens et leurs proches s&rsquo;enrichissent sur le dos des pauvres<\/a> (Le Courrier des Balkans)<\/p>\n\n\n\n<p><strong>Analyse<\/strong><\/p>\n\n\n\n<p><strong><a href=\"https:\/\/www.frustrationmagazine.fr\/comprendre-lessentiel-de-marx-en-10-minutes\/\" target=\"_blank\" rel=\"noreferrer noopener\">Comprendre l\u2019essentiel de Marx en 10 minutes<\/a><\/strong> (Frustration)<\/p>\n\n\n\n<p><mark style=\"background-color:rgba(0, 0, 0, 0);color:#ee0505\" class=\"has-inline-color\"><strong>26 et 25 juin<\/strong><\/mark><\/p>\n\n\n\n<figure class=\"wp-block-image size-full is-resized\"><img data-recalc-dims=\"1\" loading=\"lazy\" decoding=\"async\" src=\"https:\/\/i0.wp.com\/www.rdpemancipation.org\/wp-content\/uploads\/2023\/06\/image-79.png?resize=478%2C326&#038;ssl=1\" alt=\"\" class=\"wp-image-116349\" width=\"478\" height=\"326\" srcset=\"https:\/\/i0.wp.com\/www.rdpemancipation.org\/wp-content\/uploads\/2023\/06\/image-79.png?w=640&amp;ssl=1 640w, https:\/\/i0.wp.com\/www.rdpemancipation.org\/wp-content\/uploads\/2023\/06\/image-79.png?resize=300%2C204&amp;ssl=1 300w\" sizes=\"auto, (max-width: 478px) 100vw, 478px\" \/><\/figure>\n\n\n\n<p><strong>La bataille des retraites<a><\/a><\/strong><\/p>\n\n\n\n<p><a href=\"https:\/\/www.alternatives-economiques.fr\/Le%20rappot%20du%20COR%20enfonce%20le%20clou&nbsp;:%20la%20r\u00e9forme%20des%20retraites%20ne%20r\u00e8gle%20rienreforme-retraites-ne-regle-rien-montre-rapport-cor\/00107409?utm_source=emailing&amp;utm_medium=email&amp;utm_content=26062023&amp;utm_campaign=quotidienne\"><strong>Le rapport du COR enfonce le clou&nbsp;: la r\u00e9forme des retraites ne r\u00e8gle rien<\/strong><\/a> (Alter \u00e9co)<\/p>\n\n\n\n<p><a href=\"https:\/\/www.mediapart.fr\/journal\/economie-et-social\/220623\/retraites-le-piege-de-la-froide-analyse-comptable\">Retraites&nbsp;: le pi\u00e8ge de la froide analyse comptable<\/a>&nbsp;(M\u00e9diapart)<\/p>\n\n\n\n<p><strong>\u00c9galement en France<\/strong><\/p>\n\n\n\n<p><a href=\"https:\/\/www.youtube.com\/watch?v=OfhyuRrl8Vk\">Remaniement: personne ne veut sauver Macron<\/a> (Pure Politique)<\/p>\n\n\n\n<p><a href=\"https:\/\/www.arretsurimages.net\/chroniques\/sur-le-grill\/anticor-contre-pouvoir-bientot-disparu\" target=\"_blank\" rel=\"noreferrer noopener\">Anticor, contre-pouvoir bient\u00f4t disparu ? <\/a>&nbsp;(Arr\u00eat sur images)<\/p>\n\n\n\n<p><a href=\"https:\/\/www.anticor.org\/2023\/06\/23\/lassociation-anticor-denonce-lannulation-de-son-agrement\/\"><strong>L\u2019association Anticor d\u00e9nonce l\u2019annulation de son agr\u00e9ment<\/strong><\/a> (Anticor)<\/p>\n\n\n\n<p><a href=\"https:\/\/www.youtube.com\/watch?v=BqynkkqQG5E\"><strong>Macron, Kohler: r\u00e9v\u00e9lations sur le scandale des autoroutes<\/strong><\/a>&nbsp;(Blast)<\/p>\n\n\n\n<p><a href=\"https:\/\/cqfd-journal.org\/A-Perpignan-l-extreme-droite\" target=\"_blank\" rel=\"noreferrer noopener\">\u00c0 Perpignan, l\u2019extr\u00eame droite rayonnante <\/a>&nbsp;(CQFD)<\/p>\n\n\n\n<p><a href=\"https:\/\/www.youtube.com\/watch?v=LoMO0P8P-zg\"><strong>Le gouvernement du peuple par une caste pour cette caste : la \u00ab Repr\u00e9sentatie \u00bb<\/strong><\/a> (Elucid)<\/p>\n\n\n\n<p><a href=\"https:\/\/www.youtube.com\/watch?v=Ab8ZrYspz5c\">Imaginez l&rsquo;espoir que soul\u00e8verait une victoire de la NUPES<\/a>&nbsp;(Blast)<\/p>\n\n\n\n<p><a href=\"https:\/\/www.francetvinfo.fr\/economie\/crise-a-mayotte\/reportage-operation-wuambushu-on-dort-sur-des-tapis-etendus-sur-des-cailloux-confie-une-femme-expulsee-de-chez-elle-a-mayotte_5911877.html\">Mayotte : \u00ab\u00a0On dort sur des tapis \u00e9tendus sur des cailloux\u00a0\u00bb, raconte l\u2019expuls\u00e9e d&rsquo;un banga<\/a>&nbsp;(France Info)<\/p>\n\n\n\n<p><a href=\"https:\/\/www.francetvinfo.fr\/elections\/europeennes\/elections-europeennes-le-rn-la-majorite-presidentielle-et-la-nupes-unie-a-touche-touche-dans-les-intentions-de-vote-selon-un-sondage_5910611.html\">UE : le RN, la majorit\u00e9 pr\u00e9sidentielle et la Nupes dans les intentions de vote<\/a> (France Info)<\/p>\n\n\n\n<p><a href=\"https:\/\/reporterre.net\/Alain-Damasio-Debout-debout-debout\" target=\"_blank\" rel=\"noreferrer noopener\">Alain Damasio&nbsp;: \u00ab&nbsp;Debout, debout, debout&nbsp;!&nbsp;(pour les SDT)\u00bb<\/a> (Reporterre)<\/p>\n\n\n\n<p><a href=\"https:\/\/www.francetvinfo.fr\/replay-radio\/entre-les-lignes\/chronique-soulevement-de-la-terre-vers-une-criminalisation-des-luttes-politiques_5880608.html\">Soul\u00e8vement de la terre&nbsp;: vers une criminalisation des luttes politiques&nbsp;?<\/a> (France Info)<\/p>\n\n\n\n<p><a href=\"https:\/\/www.mediapart.fr\/journal\/politique\/190623\/usul-ruffin-et-si-c-etait-lui\">Usul. Ruffin&nbsp;: et si c\u2019\u00e9tait lui&nbsp;? <\/a>&nbsp;(M\u00e9diapart)<\/p>\n\n\n\n<p><a href=\"https:\/\/lepoing.net\/un-an-de-nupes-ou-va-la-gauche-parlementaire\/\" target=\"_blank\" rel=\"noreferrer noopener\">Un an de Nupes : o\u00f9 va la gauche parlementaire ?<\/a> (Le Poing)<\/p>\n\n\n\n<p><a href=\"https:\/\/www.youtube.com\/watch?v=h66_v_BjrNk\">E. Macron&nbsp;: ami des dictateurs, ennemi de la d\u00e9mocratie<\/a><strong>&nbsp;<\/strong>(Blast)<\/p>\n\n\n\n<p><strong>Monde<\/strong><\/p>\n\n\n\n<p><a href=\"https:\/\/www.ritimo.org\/Cambodge-Le-pouvoir-sa-mainmise-et-son-controle-sur-la-societe-et-ceux-d-en-bas\" target=\"_blank\" rel=\"noreferrer noopener\">Cambodge. Le pouvoir, sa mainmise et son contr\u00f4le sur la soci\u00e9t\u00e9 et \u00ab ceux d&rsquo;en bas \u00bb<\/a>&nbsp;(Ritimo)<\/p>\n\n\n\n<p><a href=\"https:\/\/afriquexxi.info\/Au-Mali-la-Minusma-pouvait-gener-les-Fama-et-Wagner\" target=\"_blank\" rel=\"noreferrer noopener\">Au Mali, \u00ab la Minusma pouvait g\u00eaner les Fama et Wagner \u00bb<\/a> &nbsp;(Afrique XXI)<\/p>\n\n\n\n<p><a href=\"https:\/\/orientxxi.info\/magazine\/pour-garder-ses-frontieres-l-europe-se-precipite-au-chevet-de-la-tunisie,6585\" target=\"_blank\" rel=\"noreferrer noopener\">Pour garder ses fronti\u00e8res, l&rsquo;Europe se pr\u00e9cipite au chevet de la Tunisie<\/a> (Orient XXI)<\/p>\n\n\n\n<p><a href=\"https:\/\/www.youtube.com\/watch?v=GZQWgGvM9_8\">Russie un coup d&rsquo;Etat contre Poutine ?<\/a> (Canard R\u00e9fractaire<strong>)<\/strong><\/p>\n\n\n\n<p><a href=\"https:\/\/www.huffingtonpost.fr\/international\/article\/guerre-en-ukraine-prigojine-et-wagner-se-rebellent-en-russie-que-sait-on-de-la-situation-militaire_219689.html\">Prigojine annonce le retrait de ses troupes, que sait-on de la situation sur le terrain en Russie<\/a> (HuffPost)<\/p>\n\n\n\n<p><a href=\"https:\/\/www.huffingtonpost.fr\/international\/video\/guerre-en-ukraine-apres-la-rebellion-avortee-de-wagner-prigojine-quitte-la-russie-en-rock-star_219701.html\">\u00c0 Rostov, Evgu\u00e9ni Prigojine c\u00e9l\u00e9br\u00e9 en rock star apr\u00e8s sa r\u00e9bellion avort\u00e9e<\/a> (HuffPost)<\/p>\n\n\n\n<p><a href=\"https:\/\/www.contretemps.eu\/inde-modi-bjp-rss-ultranationalistes-hindous-extreme-droite-fascisme\/\" target=\"_blank\" rel=\"noreferrer noopener\">Que veulent Modi et les ultranationalistes hindous ?<\/a> (Contretemps)<\/p>\n\n\n\n<p><a href=\"https:\/\/alencontre.org\/moyenorient\/palestine\/israel-palestine-ordre-permanent-pour-des-pogroms-contre-les-palestiniens.html\">Isra\u00ebl-Palestine. \u00abOrdre permanent pour des pogroms contre les Palestiniens\u00bb <\/a>&nbsp;(A l\u2019encontre)<\/p>\n\n\n\n<p><strong>Analyse<\/strong><\/p>\n\n\n\n<p><strong><a href=\"https:\/\/www.contretemps.eu\/linterpretation-monde-transformation-marx-lowy\/\" target=\"_blank\" rel=\"noreferrer noopener\"><strong>Marx est indispensable, mais quel Marx ? Entretien avec Michael L\u00f6wy<\/strong><\/a><\/strong><strong> (<\/strong>Contretemps)<\/p>\n\n\n\n<p><a href=\"https:\/\/www.bondyblog.fr\/opinions\/interview\/la-loi-separatisme-permet-la-systematisation-de-mesures-repressives-a-lencontre-des-associations\/\" target=\"_blank\" rel=\"noreferrer noopener\">\u00abLa &lsquo;loi s\u00e9paratisme&rsquo; permet la syst\u00e9matisation de mesures r\u00e9pressives \u00e0 l\u2019encontre des associations\u00bb<\/a> (Le Bondy Blog)<\/p>\n\n\n\n<p><a href=\"https:\/\/www.blast-info.fr\/articles\/2023\/yvonne-agnes-germaine-oddon-humbert-tillion-musee-de-lhomme-ITSvjRhqQsScCKiGHSaHkw\" target=\"_blank\" rel=\"noreferrer noopener\">Yvonne, Agn\u00e8s, Germaine ; Oddon, Humbert, Tillion : Mus\u00e9e de l\u2019Homme<\/a> (Blast)<\/p>\n\n\n\n<p><a href=\"https:\/\/www.afrique-asie.fr\/limminente-extradition-de-julian-assange-et-la-mort-du-journalisme\/\">L\u2019imminente extradition de Julian Assange et la mort du journalisme<\/a> (Afrique-Asie)<\/p>\n\n\n\n<p><mark style=\"background-color:rgba(0, 0, 0, 0);color:#ee0505\" class=\"has-inline-color\"><strong>24 juin<\/strong><\/mark><\/p>\n\n\n\n<p><strong>France<\/strong><\/p>\n\n\n\n<p><a href=\"https:\/\/www.huffingtonpost.fr\/politique\/article\/anticor-s-interroge-sur-les-erreurs-de-matignon-apres-la-suppression-de-leur-agrement_219681.html\">\u00abIncomp\u00e9tence\u00bb ou \u00abmalveillance\u00bb&nbsp;: Anticor s\u2019interroge sur les &lsquo;erreurs&rsquo; de Matignon apr\u00e8s la suppression de leur agr\u00e9ment<\/a> (HuffPost)<\/p>\n\n\n\n<p><strong><a href=\"https:\/\/www.blast-info.fr\/articles\/2023\/corruption-anticor-perd-la-bataille-de-lagrement-l13eTxx2Rk-lbczQ8lr5UQ\" target=\"_blank\" rel=\"noreferrer noopener\">Corruption : Anticor perd la bataille de l\u2019agr\u00e9ment<\/a><\/strong> (Blast)<\/p>\n\n\n\n<p><a href=\"https:\/\/www.lemediatv.fr\/emissions\/2023\/fermez-tous-vos-g-la-macronie-en-guerre-contre-les-contre-pouvoirs-knwsrz-CR5Cqu5tsdveGQA\" target=\"_blank\" rel=\"noreferrer noopener\">\u00ab\u00a0Fermez tous vos g****** !\u00a0\u00bb : La macronie en guerre contre les contre-pouvoirs<\/a> (Le M\u00e9dia)<\/p>\n\n\n\n<p><a href=\"https:\/\/reporterre.net\/Annie-Ernaux-Les-Soulevements-de-la-Terre-sont-un-mouvement-pour-la-vie\" target=\"_blank\" rel=\"noreferrer noopener\">Annie Ernaux&nbsp;: \u00ab&nbsp;Les Soul\u00e8vements de la Terre sont un mouvement pour la vie&nbsp;\u00bb<\/a> &nbsp;(Reporterre)<\/p>\n\n\n\n<p><a href=\"https:\/\/www.politis.fr\/articles\/2023\/06\/nupes-mais-a-quoi-jouent-les-communistes\/\" target=\"_blank\" rel=\"noreferrer noopener\">Nupes : mais \u00e0 quoi jouent les communistes ?<\/a> &nbsp;(Politis)<\/p>\n\n\n\n<p><a href=\"https:\/\/www.politis.fr\/articles\/2023\/06\/loic-militant-place-en-detention-provisoire-pour-avoir-manifeste-a-sainte-soline\/\" target=\"_blank\" rel=\"noreferrer noopener\">Lo\u00efc, militant plac\u00e9 en d\u00e9tention provisoire pour avoir manifest\u00e9 \u00e0 Sainte-Soline<\/a> (Politis)<\/p>\n\n\n\n<p><strong><a href=\"https:\/\/www.mediapart.fr\/journal\/france\/230623\/apres-les-soulevements-de-la-terre-la-fnsea-cible-la-confederation-paysanne\" target=\"_blank\" rel=\"noreferrer noopener\">Apr\u00e8s les Soul\u00e8vements de la Terre, la FNSEA cible la Conf\u00e9d\u00e9ration paysanne<\/a><\/strong> (M\u00e9diapart)<\/p>\n\n\n\n<p><strong>Monde<\/strong><\/p>\n\n\n\n<p><a href=\"https:\/\/theconversation.com\/guerre-en-ukraine-prigojine-en-rebellion-ouverte-apres-lechec-du-kremlin-de-placer-le-groupe-wagner-sous-controle-208427\" target=\"_blank\" rel=\"noreferrer noopener\">Prigojine en r\u00e9bellion ouverte apr\u00e8s l\u2019\u00e9chec du Kremlin de placer le groupe Wagner sous contr\u00f4le<\/a> &nbsp;(The Conversation)<\/p>\n\n\n\n<p><a href=\"https:\/\/www.mediapart.fr\/journal\/international\/240623\/prigojine-le-protege-de-poutine-devenu-felon-putschiste\" target=\"_blank\" rel=\"noreferrer noopener\">Prigojine, le prot\u00e9g\u00e9 de Poutine devenu f\u00e9lon putschiste<\/a> (M\u00e9diapart)<\/p>\n\n\n\n<p><a href=\"https:\/\/www.huffingtonpost.fr\/international\/video\/guerre-en-ukraine-la-rebellion-de-prigojine-patron-de-wagner-a-deja-des-consequences-en-russie_219677.html\">Troupes d\u00e9ploy\u00e9es, r\u00e9gime antiterroriste\u2026 <strong>En Russie, la r\u00e9bellion de Prigojine a d\u00e9j\u00e0 des cons\u00e9quences<\/strong><\/a> (HuffPost)<\/p>\n\n\n\n<p><a href=\"https:\/\/www.monde-diplomatique.fr\/2018\/05\/KOZHANOV\/58657\" target=\"_blank\" rel=\"noreferrer noopener\">Que cherche la Russie au Proche-Orient ?<\/a> (Le Monde diplomatique)<\/p>\n\n\n\n<p><a href=\"https:\/\/www.ldh-france.org\/lettre-aux-gouvernements-de-lue-sur-la-reforme-du-systeme-des-preferences-generalisees-spg\/\" target=\"_blank\" rel=\"noreferrer noopener\">Lettre aux gouvernements de l\u2019UE sur la r\u00e9forme du syst\u00e8me des pr\u00e9f\u00e9rences g\u00e9n\u00e9ralis\u00e9es<\/a><strong><a href=\"https:\/\/www.ldh-france.org\/lettre-aux-gouvernements-de-lue-sur-la-reforme-du-systeme-des-preferences-generalisees-spg\/\" target=\"_blank\" rel=\"noreferrer noopener\"> <\/a><\/strong>&nbsp;(LDH)<\/p>\n\n\n\n<p><strong>Analyse<\/strong><\/p>\n\n\n\n<p><a href=\"https:\/\/www.contretemps.eu\/contre-pinkwashing-fierte-pride-lgbtqi-lutte\/\" target=\"_blank\" rel=\"noreferrer noopener\">Contre le pinkwashing, le gouvernement et tous les r\u00e9actionnaires : notre fiert\u00e9, c\u2019est la lutte<\/a> &nbsp;(Contretemps)<\/p>\n\n\n\n<p><a href=\"https:\/\/orientxxi.info\/lu-vu-entendu\/les-multiples-facettes-de-l-engagement-djihadiste,6540\" target=\"_blank\" rel=\"noreferrer noopener\">Les multiples facettes de l&rsquo;engagement djihadiste<\/a> &nbsp;(Orient XXI)<\/p>\n\n\n\n<p><mark style=\"background-color:rgba(0, 0, 0, 0);color:#ee0505\" class=\"has-inline-color\"><strong>23 juin<\/strong><\/mark><\/p>\n\n\n\n<p><strong>La bataille des retraites<a><\/a><\/strong><\/p>\n\n\n\n<p><strong><a href=\"https:\/\/rapportsdeforce.fr\/classes-en-lutte\/bataille-des-retraites-400-plaintes-et-deja-deux-proces-contre-des-militants-cgt-de-lenergie-062318540\" target=\"_blank\" rel=\"noreferrer noopener\">400 plaintes et d\u00e9j\u00e0 deux proc\u00e8s contre des militants CGT de l\u2019\u00e9nergie<\/a> <\/strong>&nbsp;(Rapports de Force)<\/p>\n\n\n\n<p><strong>\u00c9galement en France<\/strong><\/p>\n\n\n\n<p><a href=\"https:\/\/reporterre.net\/Les-arguments-douteux-de-l-Etat-pour-dissoudre-Les-Soulevements-de-la-Terre\" target=\"_blank\" rel=\"noreferrer noopener\">Les arguments douteux de l&rsquo;\u00c9tat pour dissoudre Les Soul\u00e8vements de la Terre<\/a> (Reporterre)<\/p>\n\n\n\n<p><a href=\"https:\/\/www.politis.fr\/articles\/2023\/06\/lettre-ouverte-a-emmanuel-macron-on-ne-dissout-pas-la-terre-qui-se-souleve\/\" target=\"_blank\" rel=\"noreferrer noopener\">Lettre ouverte \u00e0 Emmanuel Macron : \u00ab On ne dissout pas la Terre qui se soul\u00e8ve \u00bb<\/a> &nbsp;(Politis)<\/p>\n\n\n\n<p><a href=\"https:\/\/www.mediapart.fr\/journal\/france\/230623\/apres-les-soulevements-de-la-terre-la-fnsea-cible-la-confederation-paysanne\" target=\"_blank\" rel=\"noreferrer noopener\">Apr\u00e8s les Soul\u00e8vements de la Terre, la FNSEA cible la Conf\u00e9d\u00e9ration paysanne<\/a> (M\u00e9diapart)<\/p>\n\n\n\n<p><a href=\"https:\/\/www.mediapart.fr\/journal\/france\/230623\/anticor-perd-son-agrement-la-lutte-contre-la-corruption-en-peril\" target=\"_blank\" rel=\"noreferrer noopener\">Anticor perd son agr\u00e9ment: la lutte contre la corruption en p\u00e9ril<\/a> (M\u00e9diapart)<\/p>\n\n\n\n<p><a href=\"https:\/\/www.off-investigation.fr\/bfmtv-la-boite-a-flics-les-violences-policieres-censurees-sur-bfmtv\/\" target=\"_blank\" rel=\"noreferrer noopener\">BFMTV, la \u00ab boite \u00e0 flics \u00bb ? Les \u00ab violences polici\u00e8res \u00bb censur\u00e9es sur BFMTV<\/a> (Off Investigation)<\/p>\n\n\n\n<p><strong>Analyse<\/strong><\/p>\n\n\n\n<p><strong><a href=\"https:\/\/www.contretemps.eu\/mouvement-reforme-retraites-democratie-peuple\/\" target=\"_blank\" rel=\"noreferrer noopener\">On n\u2019est pas une foule, on est un peuple. Le mouvement social et l\u2019enjeu de la d\u00e9mocratie<\/a><\/strong> &nbsp;(Contretemps)<\/p>\n\n\n\n<p><a href=\"https:\/\/www.alternatives-economiques.fr\/idees-liberales-se-imposees-debat-public\/00107310\" target=\"_blank\" rel=\"noreferrer noopener\">Comment les id\u00e9es lib\u00e9rales se sont impos\u00e9es dans le d\u00e9bat public<\/a> (Alter \u00e9co)<\/p>\n\n\n\n<p><mark style=\"background-color:rgba(0, 0, 0, 0);color:#ee0505\" class=\"has-inline-color\"><strong>22 juin<\/strong><\/mark><\/p>\n\n\n\n<figure class=\"wp-block-image size-full is-resized\"><img data-recalc-dims=\"1\" loading=\"lazy\" decoding=\"async\" src=\"https:\/\/i0.wp.com\/www.rdpemancipation.org\/wp-content\/uploads\/2023\/06\/image-74.png?resize=495%2C286&#038;ssl=1\" alt=\"\" class=\"wp-image-116245\" width=\"495\" height=\"286\" srcset=\"https:\/\/i0.wp.com\/www.rdpemancipation.org\/wp-content\/uploads\/2023\/06\/image-74.png?w=646&amp;ssl=1 646w, https:\/\/i0.wp.com\/www.rdpemancipation.org\/wp-content\/uploads\/2023\/06\/image-74.png?resize=300%2C173&amp;ssl=1 300w\" sizes=\"auto, (max-width: 495px) 100vw, 495px\" \/><\/figure>\n\n\n\n<p><strong>France<\/strong><\/p>\n\n\n\n<p><a href=\"https:\/\/confpeps.org\/la-lutte-des-lip-cinquante-ans-apres-un-exemple-de-construction-du-pouvoir-populaire\/\">La lutte des LIP cinquante ans apr\u00e8s : un exemple de construction du pouvoir populaire<\/a> (PEPS)<\/p>\n\n\n\n<p><a href=\"https:\/\/www.ldh-france.org\/mbs-a-paris-le-prix-des-compromissions\/\" target=\"_blank\" rel=\"noreferrer noopener\"><strong>MBS \u00e0 Paris, le prix des compromissions ?<\/strong><\/a>&nbsp; (LDH)<\/p>\n\n\n\n<p><a href=\"https:\/\/www.fidh.org\/fr\/regions\/afrique\/rwanda\/complicites-francaises-dans-le-genocide-des-tutsis-une-lueur-dans-le\" target=\"_blank\" rel=\"noreferrer noopener\"><strong>Complicit\u00e9s fran\u00e7aises dans le g\u00e9nocide des Tutsis : une lueur dans le dossier Bisesero<\/strong><\/a>&nbsp; (FIDH)<\/p>\n\n\n\n<p><a href=\"https:\/\/www.liberation.fr\/societe\/police-justice\/soulevements-de-la-terre-on-ne-peut-pas-comparer-la-violence-fasciste-le-terrorisme-et-celle-qui-sinscrit-dans-la-desobeissance-civile-20230622_XT5PVVYLTVENPAMMUDAZDYFUA4\/\">Soul\u00e8vements de la Terre&nbsp;: \u00abOn ne peut pas comparer la violence fasciste, le terrorisme et la d\u00e9sob\u00e9issance civile\u00bb<\/a> (Lib\u00e9ration)<\/p>\n\n\n\n<p><a href=\"https:\/\/www.alternatives-economiques.fr\/antoine-de-ravignan\/soulevements-de-terre-dissolution-ne-dissoudra-rien\/00107318\" target=\"_blank\" rel=\"noreferrer noopener\">Soul\u00e8vements de la Terre : la dissolution ne dissoudra rien<\/a>&nbsp; (Alter \u00e9co)<\/p>\n\n\n\n<p><a href=\"https:\/\/www.lemediatv.fr\/emissions\/2023\/soulevements-de-la-terre-la-crise-dautorite-de-darmanin-_MTSEDmRQMKB7cLZ0KqVnQ\" target=\"_blank\" rel=\"noreferrer noopener\">Soul\u00e8vements de la Terre : la crise d&rsquo;autorit\u00e9 de Darmanin<\/a> (Le M\u00e9dia)<\/p>\n\n\n\n<p><a href=\"https:\/\/www.ldh-france.org\/la-dissolution-des-soulevements-de-la-terre-vise-a-faire-taire-la-contestation-politique\/\" target=\"_blank\" rel=\"noreferrer noopener\">La dissolution des Soul\u00e8vements de la Terre vise \u00e0 faire taire la contestation politique<\/a>&nbsp; (LDH)<\/p>\n\n\n\n<p><a href=\"https:\/\/www.huffingtonpost.fr\/politique\/article\/des-insultes-antisemites-contre-zemmour-proferees-par-un-cadre-de-la-cgt-binet-a-une-autre-version_219591.html\">Des insultes antis\u00e9mites contre Zemmour prof\u00e9r\u00e9es par un cadre de la CGT&nbsp;? Binet a une autre version<\/a> (HuffPost)<a href=\"https:\/\/www.huffingtonpost.fr\/politique\/video\/pour-le-rassemblement-national-a-l-assemblee-nationale-un-an-entre-silence-et-scandales_219340.html\"><\/a><\/p>\n\n\n\n<p><a href=\"https:\/\/www.huffingtonpost.fr\/politique\/video\/pour-le-rassemblement-national-a-l-assemblee-nationale-un-an-entre-silence-et-scandales_219340.html\">Silence et scandales, ce que l\u2019on retient de la premi\u00e8re ann\u00e9e du groupe RN \u00e0 l\u2019Assembl\u00e9e<\/a><a> <\/a>(HuffPost)<a href=\"https:\/\/www.huffingtonpost.fr\/politique\/video\/pour-le-rassemblement-national-a-l-assemblee-nationale-un-an-entre-silence-et-scandales_219340.html\"><\/a><\/p>\n\n\n\n<p><a href=\"https:\/\/www.huffingtonpost.fr\/politique\/video\/pour-le-rassemblement-national-a-l-assemblee-nationale-un-an-entre-silence-et-scandales_219340.html\">\u00abProjet WaffenKraft\u00bb: \u00abLa France n\u2019est pas \u00e0 l\u2019abri\u00bb du terrorisme d\u2019ultra-droite&nbsp;&nbsp;<\/a> (M\u00e9diapart)<\/p>\n\n\n\n<p><a href=\"https:\/\/www.huffingtonpost.fr\/politique\/video\/pour-le-rassemblement-national-a-l-assemblee-nationale-un-an-entre-silence-et-scandales_219340.html\"><\/a><strong><a href=\"https:\/\/www.politis.fr\/articles\/2023\/06\/snu-quand-la-logistique-deraille-les-jeunes-trinquent\/\" target=\"_blank\" rel=\"noreferrer noopener\">SNU&nbsp;: la logistique d\u00e9raille, les jeunes trinquent&nbsp;<\/a><\/strong> (Politis)<\/p>\n\n\n\n<p><a href=\"https:\/\/www.politis.fr\/articles\/2023\/06\/immigration-la-gauche-cherche-sa-voix\/\" target=\"_blank\" rel=\"noreferrer noopener\">Immigration :&nbsp;la gauche&nbsp;cherche sa voix<\/a>&nbsp; (Politis)<\/p>\n\n\n\n<p><a href=\"https:\/\/www.politis.fr\/articles\/2023\/06\/fonds-marianne-une-affaire-detat\/\" target=\"_blank\" rel=\"noreferrer noopener\">Fonds Marianne : une affaire d\u2019\u00c9tat<\/a>&nbsp; (Politis)<\/p>\n\n\n\n<p><strong><a href=\"https:\/\/www.mediapart.fr\/journal\/ecologie\/210623\/une-etude-montre-les-limites-des-megabassines-elle-est-torpillee-par-le-prefet\" target=\"_blank\" rel=\"noreferrer noopener\">Une \u00e9tude montre les limites des m\u00e9gabassines, elle est torpill\u00e9e par le pr\u00e9fet<\/a>&nbsp;<\/strong> (M\u00e9diapart)<\/p>\n\n\n\n<p><strong>Monde<\/strong><\/p>\n\n\n\n<p><a href=\"https:\/\/www.cadtm.org\/Degout-et-ecoeurement-21723\" target=\"_blank\" rel=\"noreferrer noopener\"><strong>D\u00e9go\u00fbt et \u00e9coeurement : Deux poids deux mesures pour des vies humaines<\/strong><\/a> (CADTM)<\/p>\n\n\n\n<p><a href=\"https:\/\/www.hrw.org\/fr\/news\/2023\/06\/21\/espagne\/maroc-absence-de-justice-pour-les-morts-la-frontiere-de-melilla\" target=\"_blank\" rel=\"noreferrer noopener\">Espagne\/Maroc : Absence de justice pour les morts \u00e0 la fronti\u00e8re de Melilla<\/a>&nbsp; (HRW)<\/p>\n\n\n\n<p><a href=\"https:\/\/www.lesnouvellesnews.fr\/mia-mottley-veut-transformer-les-institutions-pour-financer-laction-climatique\/\" target=\"_blank\" rel=\"noreferrer noopener\">Mia Mottley veut transformer les institutions pour financer l\u2019action climatique<\/a>&nbsp; (Les Nouvelles News)<\/p>\n\n\n\n<p><a href=\"https:\/\/www.huffingtonpost.fr\/politique\/article\/lula-redevenu-president-du-bresil-la-gauche-francaise-lui-a-t-elle-tourne-le-dos_219496.html\">La gauche est-elle toujours en phase avec Lula redevenu pr\u00e9sident&nbsp;du Br\u00e9sil ?<\/a> (HuffPost)<\/p>\n\n\n\n<p><a href=\"https:\/\/theconversation.com\/en-russie-lelite-politique-gagnee-par-la-nervosite-face-aux-critiques-du-camp-ultra-nationaliste-208173\" target=\"_blank\" rel=\"noreferrer noopener\">En Russie, l\u2019\u00e9lite politique gagn\u00e9e par la nervosit\u00e9 face aux critiques du camp ultra-nationaliste<\/a> (The Conversation)<\/p>\n\n\n\n<p><strong>Analyse<\/strong><\/p>\n\n\n\n<p><a href=\"http:\/\/emanciper.org\/le-consensus-un-angle-mort-de-la-democratie\/\">Le consensus, un angle mort de la d\u00e9mocratie<\/a> (Emanciper)<\/p>\n\n\n\n<p><a href=\"https:\/\/www.contretemps.eu\/operation-barbarossa-hitler-allemagne-urss-guerre-aneantissement-racial\/\" target=\"_blank\" rel=\"noreferrer noopener\">L\u2019op\u00e9ration Barbarossa \u00e9tait une guerre d\u2019an\u00e9antissement racial<\/a> (Contretemps)<\/p>\n\n\n\n<p><a href=\"https:\/\/www.politis.fr\/articles\/2023\/06\/benoit-hamon-lhistoire-de-lhumanite-cest-lhistoire-des-migrations\/\" target=\"_blank\" rel=\"noreferrer noopener\">Beno\u00eet Hamon : \u00ab L\u2019histoire de l\u2019humanit\u00e9, c\u2019est l\u2019histoire des migrations \u00bb<\/a>&nbsp; (Politis)<\/p>\n\n\n\n<p><mark style=\"background-color:rgba(0, 0, 0, 0);color:#ee0505\" class=\"has-inline-color\"><strong>21 juin<\/strong><\/mark><\/p>\n\n\n\n<p><strong>La bataille des retraites<\/strong><\/p>\n\n\n\n<p><a href=\"https:\/\/www.publicsenat.fr\/actualites\/institutions\/retraites-les-parlementaires-regrettent-les-fuites-du-rapport-du-cor-dans-la-presse\">Retraites&nbsp;: les parlementaires regrettent les fuites du rapport du COR dans la presse<\/a> (Public S\u00e9nat)<\/p>\n\n\n\n<p><strong>Egalement en<\/strong> <strong>France<\/strong><\/p>\n\n\n\n<p><a href=\"https:\/\/www.francetvinfo.fr\/politique\/politique-les-differentes-pistes-envisagees-pour-un-eventuel-remaniement-du-gouvernement_5901839.html\">Les diff\u00e9rentes pistes envisag\u00e9es pour un \u00e9ventuel remaniement du gouvernement<\/a> (France Info)<\/p>\n\n\n\n<figure class=\"wp-block-image size-full is-resized\"><img data-recalc-dims=\"1\" loading=\"lazy\" decoding=\"async\" src=\"https:\/\/i0.wp.com\/www.rdpemancipation.org\/wp-content\/uploads\/2023\/06\/image-71.png?resize=468%2C240&#038;ssl=1\" alt=\"\" class=\"wp-image-116146\" width=\"468\" height=\"240\" srcset=\"https:\/\/i0.wp.com\/www.rdpemancipation.org\/wp-content\/uploads\/2023\/06\/image-71.png?w=545&amp;ssl=1 545w, https:\/\/i0.wp.com\/www.rdpemancipation.org\/wp-content\/uploads\/2023\/06\/image-71.png?resize=300%2C154&amp;ssl=1 300w\" sizes=\"auto, (max-width: 468px) 100vw, 468px\" \/><\/figure>\n\n\n\n<p><a href=\"https:\/\/www.youtube.com\/watch?v=sw5HNcTgt58\">Lyon-Turin: la derni\u00e8re bataille des soul\u00e8vements de la terre?<\/a> (Partager c\u2019est sympa)<\/p>\n\n\n\n<p><strong><a href=\"https:\/\/www.politis.fr\/articles\/2023\/06\/le-gouvernement-tire-a-larme-de-guerre-sur-notre-etat-social\/\" target=\"_blank\" rel=\"noreferrer noopener\">\u00ab Le gouvernement tire \u00e0 l\u2019arme de guerre sur notre contrat social \u00bb<\/a><\/strong> (Politis)<\/p>\n\n\n\n<p><a href=\"https:\/\/www.publicsenat.fr\/actualites\/politique\/soulevements-de-la-terre-nous-nous-opposerons-a-cette-dissolution-par-tous-les-moyens-legaux-avertit-marine-tondelier\">Soul\u00e8vements de la Terre&nbsp;: \u00ab&nbsp;Nous nous opposerons \u00e0 cette dissolution par tous les moyens l\u00e9gaux \u00bb, avertit Marine Tondelier<\/a> (Public S\u00e9nat)<\/p>\n\n\n\n<p><a href=\"https:\/\/www.monde-diplomatique.fr\/2021\/03\/PINSOLLE\/62867\"><strong>Dissoudre pour mieux r\u00e9gner<\/strong><\/a> (Monde diplomatique, 2021)<\/p>\n\n\n\n<p><a href=\"https:\/\/lessoulevementsdelaterre.org\/blog\/plus-de-15-personnes-arretees-ce-matin-les-soulevements-de-la-terre-denoncent-une-nouvelle-operation-de-communication-pour-tenter-de-faire-taire-un-mouvement-populaire\"><strong>Rassemblement en soutien aux soul\u00e8vements de la terre devant les pr\u00e9fectures le 21 juin \u00e0 19h<\/strong><\/a> (SDT)<\/p>\n\n\n\n<p><a href=\"https:\/\/www.publicsenat.fr\/actualites\/economie\/industrie-verte-le-senat-multiplie-par-cinq-lamende-pour-les-grandes-entreprises-qui-ne-publient-pas-leur-bilan-carbone\">Le S\u00e9nat multiplie par cinq l\u2019amende pour les grandes entreprises qui ne publient pas leur bilan carbone<\/a> (Public S\u00e9nat)<\/p>\n\n\n\n<p><a href=\"https:\/\/www.huffingtonpost.fr\/politique\/video\/migrants-morts-en-mer-caron-demande-une-minute-de-silence-a-l-assemblee-braun-pivet-refuse_219498.html\">Migrants morts en mer&nbsp;: Aymeric Caron demande une minute de silence \u00e0 l\u2019Assembl\u00e9e, la pr\u00e9sidente refuse<\/a> (HuffPost)<\/p>\n\n\n\n<p><a href=\"https:\/\/www.huffingtonpost.fr\/politique\/article\/titanic-plus-que-du-sous-marin-disparu-laurent-berger-aimerait-qu-on-parle-des-migrants-morts-en-mediterranee_219538.html\">Laurent Berger aimerait qu\u2019on parle autant des migrants morts en M\u00e9diterran\u00e9e que du sous-marin du Titanic<\/a> (HuffPost)<\/p>\n\n\n\n<p><a href=\"https:\/\/orientxxi.info\/magazine\/mohamed-sifaoui-vingt-ans-de-complicite-mediatique,6547\" target=\"_blank\" rel=\"noreferrer noopener\">Mohamed Sifaoui, vingt ans de complicit\u00e9 m\u00e9diatique<\/a> (Orient XXI)<\/p>\n\n\n\n<p><a href=\"https:\/\/www.rfi.fr\/fr\/en-bref\/20230621-g%C3%A9nocide-au-rwanda-la-cour-d-appel-de-paris-annule-le-non-lieu-dans-l-enqu%C3%AAte-fran%C3%A7aise-sur-le-massacre-de-bisesero\">G\u00e9nocide au Rwanda : la cour d&rsquo;appel de Paris annule le non-lieu dans l&rsquo;enqu\u00eate fran\u00e7aise sur le massacre de Bisesero<\/a> (RFI)<\/p>\n\n\n\n<p><strong>Monde<\/strong><\/p>\n\n\n\n<p><a href=\"https:\/\/www.contretemps.eu\/crimes-frontex-europe-exil-migrations-morts-grece-naufrages\/\" target=\"_blank\" rel=\"noreferrer noopener\"><strong>Crimes sans ch\u00e2timent&nbsp;: comment l\u2019UE transforme la M\u00e9diterran\u00e9e en charnier liquide<\/strong><\/a> (Contretemps)<\/p>\n\n\n\n<p><a href=\"https:\/\/www.rfi.fr\/fr\/en-bref\/20230621-la-russie-interdit-les-activit%C3%A9s-de-l-ong-environnementale-wwf\">La Russie interdit les activit\u00e9s de l&rsquo;ONG environnementale WWF<\/a><a> (RFI)<\/a><\/p>\n\n\n\n<p><a><\/a><a href=\"https:\/\/www.rfi.fr\/fr\/afrique\/20230620-en-afrique-de-plus-en-plus-de-d%C3%A9plac%C3%A9s-internes-en-raison-des-conflits-et-du-climat\">En Afrique, de plus en plus de d\u00e9plac\u00e9s internes en raison des conflits et du climat<\/a> (RFI)<\/p>\n\n\n\n<p><a href=\"https:\/\/www.rfi.fr\/fr\/europe\/20230618-ukraine-quel-bilan-deux-semaines-apr%C3%A8s-le-d%C3%A9but-de-sa-contre-offensive\">Ukraine: quel bilan deux semaines apr\u00e8s le d\u00e9but de sa contre-offensive?<\/a> (RFI)<\/p>\n\n\n\n<p><strong>Analyse<\/strong><\/p>\n\n\n\n<p><a href=\"https:\/\/basta.media\/dissolution-soulevements-de-la-terre-des-citoyens-engages-ce-n-est-pas-possible-de-les-dissoudre\" target=\"_blank\" rel=\"noreferrer noopener\"><strong>Soul\u00e8vements de la Terre : \u00abDes citoyens engag\u00e9s, ce n&rsquo;est pas possible de les dissoudre<\/strong>\u00bb<\/a>&nbsp; (Basta!)<\/p>\n\n\n\n<p><a href=\"https:\/\/www.mediapart.fr\/journal\/ecologie\/200623\/soulevements-de-la-terre-la-dissolution-est-un-contresens-historique\" target=\"_blank\" rel=\"noreferrer noopener\">Soul\u00e8vements de la Terre : la dissolution est un contresens historique<\/a> (M\u00e9diapart)<\/p>\n\n\n\n<p><a href=\"https:\/\/www.politis.fr\/articles\/2023\/06\/lyon-turin-les-interdictions-administratives-de-territoire-nouvelle-arme-contre-les-militants\/\" target=\"_blank\" rel=\"noreferrer noopener\">Les interdictions administratives de territoire, nouvelle arme contre les militants<\/a> (Politis)<\/p>\n\n\n\n<p><mark style=\"background-color:rgba(0, 0, 0, 0);color:#ee0505\" class=\"has-inline-color\"><strong>20 juin<\/strong><\/mark><\/p>\n\n\n\n<p><strong>France<\/strong><\/p>\n\n\n\n<p><strong><a href=\"https:\/\/www.humanite.fr\/planete\/ecologie\/apres-une-nouvelle-vague-d-arrestations-les-soulevements-de-la-terre-dissous-demain-799681#xtor=RSS-1\" target=\"_blank\" rel=\"noreferrer noopener\">Apr\u00e8s une nouvelle vague d&rsquo;arrestations, les Soul\u00e8vements de la Terre dissous demain<\/a> <\/strong>(L\u2019Humanit\u00e9)<\/p>\n\n\n\n<p><a href=\"https:\/\/www.mediapart.fr\/journal\/france\/200623\/nouvelle-vague-d-interpellations-chez-les-militants-ecologistes\" target=\"_blank\" rel=\"noreferrer noopener\">Nouvelle vague d\u2019interpellations chez les militants \u00e9cologistes<\/a> (Mediapart)<\/p>\n\n\n\n<p><a href=\"https:\/\/www.alternatives-economiques.fr\/fonctionnaires-coup-de-pouce-nefface-30-ans-dappauvrissement\/00107289\" target=\"_blank\" rel=\"noreferrer noopener\">Fonctionnaires : le coup de pouce n&rsquo;efface pas 30 ans d&rsquo;appauvrissement<\/a> (Alter \u00e9co)<\/p>\n\n\n\n<p><a href=\"https:\/\/www.politis.fr\/articles\/2023\/06\/quand-ferrand-reve-de-regression-democratique\/\" target=\"_blank\" rel=\"noreferrer noopener\">Quand Ferrand r\u00eave de r\u00e9gression d\u00e9mocratique<\/a> (Politis)<\/p>\n\n\n\n<p><a href=\"https:\/\/www.alternatives-economiques.fr\/bilan-accablant-de-liberalisation-services-publics\/00107297\" target=\"_blank\" rel=\"noreferrer noopener\">Le bilan accablant de la lib\u00e9ralisation des services publics<\/a>&nbsp;(Alter \u00e9co)<\/p>\n\n\n\n<p><a href=\"https:\/\/www.liberation.fr\/economie\/cinq-choses-a-savoir-sur-marylise-leon-la-nouvelle-secretaire-generale-de-la-cfdt-20230620_R7Y76GJ3LRBFHEPBR3NP2ULPQU\/\">Cinq choses \u00e0 savoir sur Marylise L\u00e9on, la nouvelle secr\u00e9taire g\u00e9n\u00e9rale de la CFDT<\/a> (Lib\u00e9ration)<\/p>\n\n\n\n<p><a href=\"https:\/\/www.lemediatv.fr\/emissions\/2023\/fonds-marianne-tout-savoir-sur-sifaoui-lhomme-qui-pourrait-faire-tomber-schiappa-Lkcnt1O1QyqnKYxphY4Kdw\" target=\"_blank\" rel=\"noreferrer noopener\">Fonds Marianne : Tout savoir sur Sifaoui, l&rsquo;homme qui pourrait faire tomber Schiappa<\/a> (Le M\u00e9dia)<\/p>\n\n\n\n<p><strong>Monde<\/strong><\/p>\n\n\n\n<p><a href=\"https:\/\/www.politis.fr\/articles\/2023\/06\/europe-lespionnage-des-journalistes-bientot-autorise\/\" target=\"_blank\" rel=\"noreferrer noopener\">Europe : l\u2019espionnage des journalistes bient\u00f4t autoris\u00e9<\/a> (Politis)<\/p>\n\n\n\n<p><a href=\"https:\/\/orientxxi.info\/magazine\/syrie-dans-le-reduit-d-idlib-territoire-rebelle-et-islamiste,6544\" target=\"_blank\" rel=\"noreferrer noopener\">Syrie. Dans le r\u00e9duit d&rsquo;Idlib, territoire rebelle et islamiste<\/a> (Orient XXI)<\/p>\n\n\n\n<p><a href=\"https:\/\/www.blast-info.fr\/articles\/2023\/silvio-berlusconi-une-peine-capitale-JbI5D4dYQNiLXggphOcF_Q\" target=\"_blank\" rel=\"noreferrer noopener\">Silvio Berlusconi. Une peine capitale<\/a> (Blast)<\/p>\n\n\n\n<p><a href=\"https:\/\/www.humanite.fr\/monde\/algerie\/en-algerie-le-journaliste-ihsane-el-kadi-lourdement-condamne-en-appel-799540#xtor=RSS-1\" target=\"_blank\" rel=\"noreferrer noopener\">En Alg\u00e9rie, le journaliste Ihsane El-Kadi lourdement condamn\u00e9 en appel<\/a> (L\u2019Humanit\u00e9)<\/p>\n\n\n\n<p><a href=\"https:\/\/common.indigo-net.com\/lib\/cookie_log\/redirector.asp?mail=n.chevillard@noos.fr&amp;ID=546161&amp;DOCIID=109703480&amp;ENAIID=820479&amp;RETOUR=SIMPLE&amp;link=https:\/\/www.intelligenceonline.fr\/renseignement-d-etat\/2023\/06\/19\/luttes-intra-elites--les-tensions-s-exacerbent-autour-des-ressources-allouees-aux-milices,109994651-art?cxt=PUB&amp;utm_source=LMR&amp;utm_medium=email&amp;utm_campaign=AUTO_EDIT_SOM\" target=\"_blank\" rel=\"noreferrer noopener\">Russie : les tensions s&rsquo;exacerbent autour des ressources allou\u00e9es aux milices<\/a> (Intelligence Online)<\/p>\n\n\n\n<p><strong>Analyse<\/strong><\/p>\n\n\n\n<p><a href=\"https:\/\/www.contretemps.eu\/jeune-nation-oeuvre-francaise-sidos-extreme-droite-fascisme\/\" target=\"_blank\" rel=\"noreferrer noopener\">De Jeune Nation \u00e0 L\u2019\u0152uvre fran\u00e7aise : Pierre Sidos, le F\u00fchrer au petit pied<\/a>&nbsp; (Contretemps)<\/p>\n\n\n\n<figure class=\"wp-block-image size-full is-resized\"><img data-recalc-dims=\"1\" loading=\"lazy\" decoding=\"async\" src=\"https:\/\/i0.wp.com\/www.rdpemancipation.org\/wp-content\/uploads\/2023\/06\/image-69.png?resize=415%2C249&#038;ssl=1\" alt=\"\" class=\"wp-image-116112\" width=\"415\" height=\"249\" srcset=\"https:\/\/i0.wp.com\/www.rdpemancipation.org\/wp-content\/uploads\/2023\/06\/image-69.png?w=888&amp;ssl=1 888w, https:\/\/i0.wp.com\/www.rdpemancipation.org\/wp-content\/uploads\/2023\/06\/image-69.png?resize=300%2C180&amp;ssl=1 300w, https:\/\/i0.wp.com\/www.rdpemancipation.org\/wp-content\/uploads\/2023\/06\/image-69.png?resize=768%2C460&amp;ssl=1 768w\" sizes=\"auto, (max-width: 415px) 100vw, 415px\" \/><\/figure>\n\n\n\n<p><a href=\"https:\/\/link.newsletter.franceculture.fr\/m\/ml\/7429\/807248\/1LiqDYXt-XDNmpMQhnjJDm9C5lXTLJmivm821gAfcU8=\/KTgchqKSl7mt2KNU5tHQ3sFsYmS6+rYmNh8FDdl8Lqg=\/\" target=\"_blank\" rel=\"noreferrer noopener\">Golda Meir (1898-1978), de l\u2019id\u00e9al socialiste \u00e0 la realpolitik isra\u00e9lienne <\/a>&nbsp;(France Culture)<\/p>\n\n\n\n<p><mark style=\"background-color:rgba(0, 0, 0, 0);color:#ee0505\" class=\"has-inline-color\"><strong>19 juin<\/strong><\/mark><\/p>\n\n\n\n<p><strong>La bataille des retraites<\/strong><\/p>\n\n\n\n<p><a href=\"https:\/\/alencontre.org\/europe\/france\/france-mobilisation-pour-les-retraites-des-perspectives-en-clair-obscur.html\">France. \u00abMobilisation pour les retraites: des perspectives en clair-obscur\u00bb <\/a>&nbsp;(A l\u2019encontre)<\/p>\n\n\n\n<p><a href=\"https:\/\/theconversation.com\/retraites-quatorze-manifestations-plus-tard-quels-scenarios-pour-laction-syndicale-207934\" target=\"_blank\" rel=\"noreferrer noopener\">Retraites : quatorze manifestations plus tard, quels sc\u00e9narios pour l\u2019action syndicale ?<\/a> (The Conversation)<\/p>\n\n\n\n<p><strong>\u00c9galement en France<\/strong><\/p>\n\n\n\n<p><strong><a href=\"https:\/\/www.huffingtonpost.fr\/politique\/article\/richard-ferrand-appelle-a-modifier-la-constitution-pour-autoriser-un-3e-mandat-presidentiel_219394.html\">Ferrand appelle \u00e0 modifier la Constitution pour autoriser un 3e mandat pr\u00e9sidentiel<\/a> &nbsp;<\/strong>(HuffPost)<\/p>\n\n\n\n<p><a href=\"https:\/\/www.humanite.fr\/politique\/reforme-des-retraites\/richard-ferrand-veut-un-troisieme-mandat-pour-macron-799522#xtor=RSS-1\" target=\"_blank\" rel=\"noreferrer noopener\">Richard Ferrand veut un troisi\u00e8me mandat pour Macron<\/a> (L\u2019Humanit\u00e9)<\/p>\n\n\n\n<p><a href=\"https:\/\/www.huffingtonpost.fr\/politique\/article\/a-saint-brevin-la-nouvelle-maire-dorothee-pacaud-va-deja-deposer-sa-4e-plainte_219436.html\">La nouvelle maire de Saint-Brevin va d\u00e9j\u00e0 d\u00e9poser&#8230; sa 4e plainte<\/a> (HuffPost)<\/p>\n\n\n\n<p><a href=\"https:\/\/www.mediapart.fr\/journal\/politique\/180623\/gauche-l-ecosocialisme-s-impose-comme-trait-d-union\" target=\"_blank\" rel=\"noreferrer noopener\">\u00c0 gauche, l\u2019\u00e9cosocialisme s\u2019impose comme trait d\u2019union<\/a> (M\u00e9diapart)<\/p>\n\n\n\n<p><a href=\"https:\/\/afriquexxi.info\/Mayotte-une-ile-en-pleine-depression\" target=\"_blank\" rel=\"noreferrer noopener\"><strong>Mayotte, une \u00eele en pleine d\u00e9pression<\/strong><\/a> (Afrique XXI)<\/p>\n\n\n\n<p><a href=\"https:\/\/www.humanite.fr\/societe\/immigration\/gerald-darmanin-en-tunisie-pour-durcir-le-controle-de-l-immigration-799524#xtor=RSS-1\" target=\"_blank\" rel=\"noreferrer noopener\">G\u00e9rald Darmanin en Tunisie pour durcir le contr\u00f4le de l\u2019immigration<\/a> (L\u2019Humanit\u00e9)<\/p>\n\n\n\n<p><a href=\"https:\/\/lepoing.net\/ligne-lyon-turin-plus-de-4000-manifestant-e-s-pour-une-mobilisation-neutralisee-par-la-police\/\" target=\"_blank\" rel=\"noreferrer noopener\">Lyon-Turin : plus de 4000 manifestant.e.s pour une mobilisation neutralis\u00e9e par la police<\/a> (Le Poing)<\/p>\n\n\n\n<p><strong><a href=\"https:\/\/www.ldh-france.org\/pour-lonu-notre-maintien-de-lordre-fait-desordre\/\" target=\"_blank\" rel=\"noreferrer noopener\">Pour l\u2019ONU, notre maintien de l\u2019ordre fait d\u00e9sordre<\/a> <\/strong>(LDH)<\/p>\n\n\n\n<p><strong>Monde<\/strong><\/p>\n\n\n\n<p><a href=\"https:\/\/www.boursorama.com\/actualite-economique\/actualites\/cisjordanie-violente-bataille-lors-d-un-raid-israelien-a-jenine-4-palestiniens-tues-bc71d732d6cbb7ccb575ee842c84001f\">Cisjordanie : violente bataille lors d&rsquo;un raid isra\u00e9lien \u00e0 J\u00e9nine, 4 Palestiniens tu\u00e9s<\/a> (AFP)<\/p>\n\n\n\n<p><a href=\"https:\/\/www.courrierdesbalkans.fr\/Serbie-en-Voivodine-l-argent-de-la-Hongrie-coule-a-flots\" target=\"_blank\" rel=\"noreferrer noopener\">Serbie : en Vo\u00efvodine, l&rsquo;argent de la Hongrie coule \u00e0 flots<\/a> (Le Courrier des Balkans)<\/p>\n\n\n\n<p><a href=\"https:\/\/www.mediapart.fr\/journal\/international\/190623\/defaite-l-extreme-droite-bresilienne-reste-en-embuscade\" target=\"_blank\" rel=\"noreferrer noopener\">D\u00e9faite, l\u2019extr\u00eame droite br\u00e9silienne reste en embuscade<\/a> (M\u00e9diapart)<\/p>\n\n\n\n<p><a href=\"https:\/\/www.boursorama.com\/actualite-economique\/actualites\/russie-l-opposant-navalny-risque-une-lourde-peine-dans-un-nouveau-proces-27adda104ee2a2db32c5107ce75cb7b5\">Russie : l&rsquo;opposant Navalny risque une lourde peine dans un nouveau proc\u00e8s<\/a> (AFP)<\/p>\n\n\n\n<p><strong><a href=\"https:\/\/theconversation.com\/au-dela-des-liens-entre-le-rn-et-la-russie-le-grand-projet-illiberal-europeen-207570\" target=\"_blank\" rel=\"noreferrer noopener\">Au-del\u00e0 des liens entre le RN et la Russie : le grand projet illib\u00e9ral europ\u00e9en<\/a><\/strong> (The Conversation)<\/p>\n\n\n\n<p><a href=\"https:\/\/www.mediapart.fr\/journal\/international\/170623\/apres-le-naufrage-des-survivants-denoncent-les-gardes-cotes-grecs-et-frontex\" target=\"_blank\" rel=\"noreferrer noopener\">Apr\u00e8s le naufrage, des survivants d\u00e9noncent les gardes-c\u00f4tes grecs et Frontex<\/a> (M\u00e9diapart)<\/p>\n\n\n\n<p><strong>Analyse<\/strong><\/p>\n\n\n\n<p><a href=\"https:\/\/www.contretemps.eu\/politique-conflit-mondes-entretien-ranciere\/\">\u00ab&nbsp;Un conflit de mondes plut\u00f4t qu\u2019un conflit de forces&nbsp;\u00bb. Jacques Ranci\u00e8re<\/a> (Contretemps)<\/p>\n\n\n\n<p><a href=\"https:\/\/www.cadtm.org\/La-Commune-de-Paris-il-y-a-150-ans-Quelles-relectures-aujourd-hui-Avec-Eric\" target=\"_blank\" rel=\"noreferrer noopener\"><strong>\u00abLa Commune de Paris, il y a 150 ans. Quelles relectures aujourd&rsquo;hui ?<\/strong>\u00bb Avec \u00c9ric Toussaint<\/a> (CADTM)<\/p>\n\n\n\n<p><a href=\"https:\/\/www.alternatives-economiques.fr\/herve-nathan\/L\u2019immigration%20pour%20renforcer%20le%20mod\u00e8le%20social\">L\u2019immigration pour renforcer le mod\u00e8le social<\/a> -Herv\u00e9 Nathan (Alter \u00e9co)<\/p>\n\n\n\n<p><a href=\"https:\/\/lvsl.fr\/pourquoi-silvio-berlusconi-est-la-figure-politique-emblematique-de-notre-epoque\/\" target=\"_blank\" rel=\"noreferrer noopener\">Pourquoi Silvio Berlusconi est la figure politique embl\u00e9matique de notre \u00e9poque<\/a> (Le Vent Se L\u00e8ve)<\/p>\n\n\n\n<p><a href=\"https:\/\/www.lemediatv.fr\/emissions\/2023\/le-capitalisme-ou-lhumanite-qui-va-disparaitre-UfBgViy_RByR7JE31XXrvQ\" target=\"_blank\" rel=\"noreferrer noopener\">Le capitalisme ou l&rsquo;humanit\u00e9 : qui va dispara\u00eetre ?<\/a>&nbsp; (Le M\u00e9dia)<\/p>\n\n\n\n<p><mark style=\"background-color:rgba(0, 0, 0, 0);color:#ee0505\" class=\"has-inline-color\"><strong>17 juin<\/strong><\/mark><\/p>\n\n\n\n<p><strong>France<\/strong><\/p>\n\n\n\n<p><a href=\"https:\/\/www.lemonde.fr\/idees\/article\/2023\/06\/16\/sophie-binet-apres-la-reforme-des-retraites-emmanuel-macron-devra-affronter-durablement-une-defiance-record_6177856_3232.html\"><strong>Sophie Binet&nbsp;: \u00abApr\u00e8s la r\u00e9forme des retraites, Emmanuel Macron devra affronter durablement une d\u00e9fiance record\u00bb<\/strong> <\/a>&nbsp;(Le Monde)<\/p>\n\n\n\n<p><a href=\"https:\/\/www.lemediatv.fr\/emissions\/2023\/fonds-marianne-mohamed-sifaoui-commission-denquete-elle-demissionne-quand-marlene-schiappa-VEJV7GFSRBGugYkE1APy1g\" target=\"_blank\" rel=\"noreferrer noopener\">Fonds Marianne, Mohamed Sifaoui, commission d&rsquo;enqu\u00eate&#8230; Elle d\u00e9missionne quand Marl\u00e8ne Schiappa ?<\/a> (Le M\u00e9dia)<\/p>\n\n\n\n<p><a href=\"https:\/\/www.lemediatv.fr\/emissions\/2023\/chouchou-des-gros-medias-idiot-utile-de-la-macronie-le-systeme-a-trouve-votre-prochain-president-9W1-aNgjQhCpWWLBs_0JJg\" target=\"_blank\" rel=\"noreferrer noopener\"><strong>Chouchou des gros M\u00e9dias, idiot utile de la macronie : le syst\u00e8me a trouv\u00e9 votre prochain Pr\u00e9sident<\/strong><\/a> (Le M\u00e9dia)<\/p>\n\n\n\n<p><a href=\"https:\/\/www.politis.fr\/articles\/2023\/06\/les-soulevements-de-la-terre-proches-de-la-dissolution\/\" target=\"_blank\" rel=\"noreferrer noopener\"><strong>Les Soul\u00e8vements de la Terre, proches de la dissolution ?<\/strong><\/a> (Politis)<\/p>\n\n\n\n<p><a href=\"https:\/\/orientxxi.info\/magazine\/france-islamophobie-et-guerre-des-cultures-l-affaire-bergeaud-blacker,6518\" target=\"_blank\" rel=\"noreferrer noopener\">Islamophobie et guerre des cultures, \u00ab&nbsp;l\u2019affaire&nbsp;\u00bb Bergeaud-Blacker<\/a> (Orient XXI)<\/p>\n\n\n\n<p><strong>Monde<\/strong><\/p>\n\n\n\n<p><a href=\"https:\/\/www.investigate-europe.eu\/en\/2023\/en-europe-les-gouvernements-sappretent-a-autoriser-lespionnage-de-journalistes\/\" target=\"_blank\" rel=\"noreferrer noopener\">En Europe, les gouvernements s\u2019appr\u00eatent \u00e0 autoriser l\u2019espionnage de journalistes<\/a> (Investigate Europe)<\/p>\n\n\n\n<p><a href=\"https:\/\/lvsl.fr\/face-a-erdogan-une-opposition-neoliberale-et-incoherente\/\" target=\"_blank\" rel=\"noreferrer noopener\">Face \u00e0 Erdo\u011fan, une opposition n\u00e9olib\u00e9rale et incoh\u00e9rente<\/a>&nbsp;(Le Vent Se L\u00e8ve)<\/p>\n\n\n\n<p><strong>Analyse<\/strong><\/p>\n\n\n\n<p><a href=\"https:\/\/www.humanite.fr\/social-eco\/reforme-des-retraites\/pour-barbara-stiegler-la-phase-terminale-du-neoliberalisme-est-necessairement-violente-798930#xtor=RSS-1\" target=\"_blank\" rel=\"noreferrer noopener\">Pour Barbara Stiegler, \u00abLa phase terminale du n\u00e9olib\u00e9ralisme est n\u00e9cessairement violente\u00bb<\/a> (L\u2019Humanit\u00e9)<\/p>\n\n\n\n<p><strong><a href=\"https:\/\/www.alternatives-economiques.fr\/lausterite-cruciale-soumettre-majorite-proteger-cap\/00107262\" target=\"_blank\" rel=\"noreferrer noopener\">\u00abL\u2019aust\u00e9rit\u00e9 est cruciale pour soumettre la majorit\u00e9 et prot\u00e9ger le capital\u00bb<\/a> <\/strong>(Alter \u00e9co)<\/p>\n\n\n\n<p><a href=\"https:\/\/www.alternatives-economiques.fr\/petit-manuel-de-socialisme-illustre\/00107274\" target=\"_blank\" rel=\"noreferrer noopener\">Petit manuel de socialisme illustr\u00e9<\/a> (Alter \u00e9co)<\/p>\n\n\n\n<p><mark style=\"background-color:rgba(0, 0, 0, 0);color:#ee0505\" class=\"has-inline-color\"><strong>16 juin<\/strong><\/mark><\/p>\n\n\n\n<p><strong>La bataille des retraites<a><\/a><\/strong><\/p>\n\n\n\n<p><a href=\"https:\/\/www.francetvinfo.fr\/economie\/retraite\/reforme-des-retraites\/reforme-des-retraites-l-intersyndicale-se-mobilisera-dans-les-mois-qui-viennent_5890660.html\"><strong>Retraites : l&rsquo;intersyndicale se mobilisera \u00ab\u00a0dans les mois qui viennent\u00a0\u00bb<\/strong><\/a> (France Inter)<\/p>\n\n\n\n<p><a href=\"https:\/\/www.huffingtonpost.fr\/politique\/article\/reforme-des-retraites-l-intersyndicale-acte-un-echec-face-au-gouvernement-mais-n-arrete-pas-le-combat_219313.html\">L\u2019intersyndicale acte un \u00e9chec sur les retraites mais n\u2019arr\u00eate pas le combat<\/a> (HuffPost)<\/p>\n\n\n\n<p><a href=\"https:\/\/www.huffingtonpost.fr\/economie\/article\/combien-gagnent-les-retraites-en-france-une-etude-evalue-le-montant-de-la-pension-en-2021_219320.html\">On connait le montant moyen d\u2019une retraite (et de la diff\u00e9rence colossale entre hommes et femmes)<\/a> (HuffPost)<\/p>\n\n\n\n<p><a href=\"https:\/\/alencontre.org\/europe\/france\/france-six-mois-de-manifestations-et-de-greves-on-en-cause-ii.html\"><strong>France. \u00abSix mois de manifestations et de gr\u00e8ves. On en cause?\u00bb<\/strong> (II)<\/a> (A l\u2019encontre)<\/p>\n\n\n\n<p><strong>France<\/strong><\/p>\n\n\n\n<figure class=\"wp-block-image size-full is-resized\"><img data-recalc-dims=\"1\" loading=\"lazy\" decoding=\"async\" src=\"https:\/\/i0.wp.com\/www.rdpemancipation.org\/wp-content\/uploads\/2023\/06\/image-56.png?resize=396%2C331&#038;ssl=1\" alt=\"\" class=\"wp-image-115946\" width=\"396\" height=\"331\" srcset=\"https:\/\/i0.wp.com\/www.rdpemancipation.org\/wp-content\/uploads\/2023\/06\/image-56.png?w=467&amp;ssl=1 467w, https:\/\/i0.wp.com\/www.rdpemancipation.org\/wp-content\/uploads\/2023\/06\/image-56.png?resize=300%2C251&amp;ssl=1 300w\" sizes=\"auto, (max-width: 396px) 100vw, 396px\" \/><\/figure>\n\n\n\n<p><a href=\"https:\/\/www.francetvinfo.fr\/replay-radio\/8h30-fauvelle-dely\/affaire-schiappa-avenir-de-la-nupes-immigration-environnement-ce-qu-il-faut-retenir-de-l-interview-de-sandrine-rousseau_5861924.html\">Affaire Schiappa, Nupes, immigration, environnement&#8230; interview de Sandrine Rousseau<\/a> (France Info)<\/p>\n\n\n\n<p><a href=\"https:\/\/www.huffingtonpost.fr\/politique\/article\/vers-un-remaniement-les-trois-scenarios-qui-s-offrent-a-emmanuel-macron-pour-le-poste-de-premier-ministre_219223.html\">Vers un remaniement&nbsp;? Les trois sc\u00e9narios qui s\u2019offrent \u00e0 Macron pour Matignon<\/a> (HuffPost)<\/p>\n\n\n\n<p><a href=\"https:\/\/www.mediapart.fr\/journal\/france\/160623\/pret-russe-un-rapport-de-deux-inspections-demonte-l-argumentaire-du-rn\">Pr\u00eat russe&nbsp;: un rapport de deux inspections d\u00e9monte l\u2019argumentaire du RN<\/a> (M\u00e9diapart)<\/p>\n\n\n\n<p><a href=\"https:\/\/www.mediapart.fr\/journal\/france\/150623\/fonds-marianne-mohamed-sifaoui-etait-doublement-remunere-par-l-etat\">Mohamed Sifaoui \u00e9tait doublement r\u00e9mun\u00e9r\u00e9 par l\u2019\u00c9tat<\/a> (M\u00e9diapart)<\/p>\n\n\n\n<p><strong><a href=\"https:\/\/www.politis.fr\/articles\/2023\/06\/les-services-de-renseignements-sinteressent-de-plus-en-plus-aux-militants\/\" target=\"_blank\" rel=\"noreferrer noopener\">Les services de renseignements s\u2019int\u00e9ressent de plus en plus aux militants<\/a>&nbsp;<\/strong>(Politis)<\/p>\n\n\n\n<p><a href=\"https:\/\/www.lemediatv.fr\/emissions\/2023\/marlene-schiappa-face-a-la-commission-denquete-bernard-cazeneuve-le-porte-etendard-des-anti-nupes-5K-T51RyQYm6cybj--8quw\" target=\"_blank\" rel=\"noreferrer noopener\">Marl\u00e8ne Schiappa : face \u00e0 la commission d&rsquo;enqu\u00eate &#8211; Bernard Cazeneuve : le porte-\u00e9tendard des anti-Nupes<\/a> (Le M\u00e9dia)<\/p>\n\n\n\n<p><strong>Monde<\/strong><\/p>\n\n\n\n<p><a href=\"https:\/\/www.francetvinfo.fr\/replay-magazine\/france-2\/complement-d-enquete\/video-quand-evgueni-prigojine-le-boucher-de-poutine-repond-a-complement-d-enquete_5888338.html\">\u00ab\u00a0Allez vous faire foutre\u00a0\u00bb : quand Evgu\u00e9ni Prigojine r\u00e9pond aux questions de \u00ab\u00a0Compl\u00e9ment d&rsquo;enqu\u00eate\u00a0\u00bb<\/a> (France 2)<\/p>\n\n\n\n<p><a href=\"https:\/\/www.mediapart.fr\/journal\/international\/160623\/saluts-nazis-violences-complotisme-en-australie-aussi-l-extreme-droite-prospere\" target=\"_blank\" rel=\"noreferrer noopener\">Saluts nazis, violences, complotisme\u2026 En Australie aussi, l\u2019extr\u00eame droite prosp\u00e8re<\/a> (M\u00e9diapart)<\/p>\n\n\n\n<p><a href=\"https:\/\/lvsl.fr\/taiwan-a-lombre-des-empires\/\" target=\"_blank\" rel=\"noreferrer noopener\">Ta\u00efwan, \u00e0 l\u2019ombre des empires<\/a> (Le Vent Se L\u00e8ve)<\/p>\n\n\n\n<p><a href=\"https:\/\/www.mediapart.fr\/journal\/international\/150623\/la-droite-europeenne-prete-tuer-la-biodiversite\" target=\"_blank\" rel=\"noreferrer noopener\">La droite europ\u00e9enne pr\u00eate \u00e0 tuer la biodiversit\u00e9<\/a> (M\u00e9diapart)<\/p>\n\n\n\n<p><a href=\"https:\/\/www.fidh.org\/fr\/com\/on-en-parle-sur-le-web\/instagram\/la-fidh-est-mobilisee-face-aux-derives-autoritaires-en-europe\" target=\"_blank\" rel=\"noreferrer noopener\">La FIDH est mobilis\u00e9e face aux d\u00e9rives autoritaires en Europe<\/a>&nbsp;(FIDH)<\/p>\n\n\n\n<p><strong>Analyse<\/strong><\/p>\n\n\n\n<p><a href=\"https:\/\/www.mediapart.fr\/journal\/international\/150623\/comment-le-berlusconisme-ete-possible\">Comment le berlusconisme a \u00e9t\u00e9 possible<\/a> (M\u00e9diapart)<\/p>\n\n\n\n<p><a href=\"https:\/\/www.contretemps.eu\/experience-coloniale-decoloniale-amerique-latine-quijano\/\" target=\"_blank\" rel=\"noreferrer noopener\">L\u2019exp\u00e9rience coloniale et d\u00e9coloniale latino-am\u00e9ricaine<\/a> (Contretemps)<\/p>\n\n\n\n<p><strong><a href=\"https:\/\/theconversation.com\/ce-que-le-neoliberalisme-provoque-dans-notre-democratie-207643\" target=\"_blank\" rel=\"noreferrer noopener\">Ce que le n\u00e9olib\u00e9ralisme provoque dans notre d\u00e9mocratie<\/a> <\/strong>(The Conversation)<\/p>\n\n\n\n<p><mark style=\"background-color:rgba(0, 0, 0, 0);color:#ee0505\" class=\"has-inline-color\"><strong>15 juin<\/strong><\/mark><\/p>\n\n\n\n<p><strong>La bataille des retraites<a><\/a><\/strong><\/p>\n\n\n\n<p><a href=\"https:\/\/www.francetvinfo.fr\/monde\/europe\/l-article-49-3-souleve-des-interrogations-au-regard-de-la-separation-des-pouvoirs-estime-le-conseil-de-l-europe_5887815.html\"><strong>L&rsquo;article 49.3 soul\u00e8ve des interrogations au regard de la s\u00e9paration des pouvoirs, estime le Conseil de l&rsquo;Europe<\/strong><\/a> (France Info)<\/p>\n\n\n\n<p><strong>Egalement en France<\/strong><\/p>\n\n\n\n<p><a href=\"https:\/\/lanticapitaliste.org\/actualite\/antiracisme\/deferlante-raciste-et-islamophobe-restons-mobilisees\">D\u00e9ferlante raciste et islamophobe : restons mobilis\u00e9Es\u2009!<\/a> (L\u2019anticapitaliste)<\/p>\n\n\n\n<figure class=\"wp-block-image size-full is-resized\"><img data-recalc-dims=\"1\" loading=\"lazy\" decoding=\"async\" src=\"https:\/\/i0.wp.com\/www.rdpemancipation.org\/wp-content\/uploads\/2023\/06\/image-53.png?resize=430%2C259&#038;ssl=1\" alt=\"\" class=\"wp-image-115894\" width=\"430\" height=\"259\" srcset=\"https:\/\/i0.wp.com\/www.rdpemancipation.org\/wp-content\/uploads\/2023\/06\/image-53.png?w=484&amp;ssl=1 484w, https:\/\/i0.wp.com\/www.rdpemancipation.org\/wp-content\/uploads\/2023\/06\/image-53.png?resize=300%2C180&amp;ssl=1 300w\" sizes=\"auto, (max-width: 430px) 100vw, 430px\" \/><\/figure>\n\n\n\n<p><a href=\"https:\/\/www.francetvinfo.fr\/monde\/moyen-orient\/visite-de-mohamed-ben-salmane-en-france-levee-de-boucliers-du-cote-des-ong_5889691.html\">Visite de Mohamed ben Salmane en France : lev\u00e9e de boucliers du c\u00f4t\u00e9 des ONG<\/a> (France Info)<\/p>\n\n\n\n<p><a href=\"https:\/\/www.liberation.fr\/environnement\/les-ong-relancent-laffaire-du-siecle-et-demandent-1-milliard-deuros-dastreinte-a-letat-20230614_FXULO3ROR5HMXEKRMKKJNAJIOM\/\">Les ONG relancent l\u2019\u00abAffaire du si\u00e8cle\u00bb et demandent 1&nbsp;milliard d\u2019euros d\u2019astreinte \u00e0 l\u2019Etat<\/a> (Lib\u00e9ration, en clair)<\/p>\n\n\n\n<p><a href=\"https:\/\/www.liberation.fr\/politique\/elections\/e-politic-marine-le-pen-confirme-que-le-rn-va-continuer-a-travailler-avec-la-sulfureuse-societe-de-communication-20230615_3SWU7DXMWJAKPJ3EADJB4AXRXM\/\">E-Politic&nbsp;: Marine Le Pen confirme que le&nbsp;RN va continuer \u00e0 travailler avec elle<\/a> (Lib\u00e9ration, en clair)<\/p>\n\n\n\n<p><a href=\"https:\/\/rapportsdeforce.fr\/pouvoir-et-contre-pouvoir\/immigration-la-restriction-des-droits-met-les-tribunaux-administratifs-sous-leau-061518475\" target=\"_blank\" rel=\"noreferrer noopener\">Immigration : la restriction des droits met les tribunaux administratifs sous l\u2019eau<\/a> (Rapports de Force)<\/p>\n\n\n\n<p><a href=\"https:\/\/vert.eco\/articles\/laffaire-du-siecle-reclame-une-astreinte-dun-milliard-deuros-a-letat-pour-lobliger-a-agir\" target=\"_blank\" rel=\"noreferrer noopener\">L\u2019Affaire du si\u00e8cle r\u00e9clame une astreinte d\u2019un milliard \u20ac \u00e0 l\u2019\u00c9tat pour \u00abl\u2019obliger \u00e0 agir\u00bb<\/a> (vert.eco)<\/p>\n\n\n\n<p><a href=\"https:\/\/www.lemediatv.fr\/emissions\/2023\/surveillance-de-masse-tout-sur-la-loi-votee-au-senat-J9qpUhhRRCadrBs_LfU7dA\" target=\"_blank\" rel=\"noreferrer noopener\">Surveillance de masse : tout sur la loi vot\u00e9e au S\u00e9nat<\/a> (Le M\u00e9dia)<\/p>\n\n\n\n<p><strong>Monde<\/strong><\/p>\n\n\n\n<p><a href=\"https:\/\/www.monde-diplomatique.fr\/2018\/04\/CUNNINGHAM\/58535\" target=\"_blank\" rel=\"noreferrer noopener\">Effets pervers de la lutte anticorruption en Europe centrale<\/a> (Le Monde diplomatique)<\/p>\n\n\n\n<p><a href=\"https:\/\/www.liberation.fr\/international\/europe\/la-russie-annonce-de-elections-en-septembre-dans-les-territoires-ukrainiens-occupes-20230615_O72WDJLRLRDWZDPUM7FD4KYUVY\/\">La Russie annonce des \u00ab\u00e9lections\u00bb en septembre dans les territoires ukrainiens occup\u00e9s<\/a> (Lib\u00e9ration, en clair)<a href=\"https:\/\/www.francetvinfo.fr\/monde\/royaume-uni\/royaume-uni-boris-johnson-a-deliberement-trompe-le-parlement-britannique-dans-l-affaire-du-partygate-conclut-l-enquete-parlementaire_5889835.html\"><\/a><\/p>\n\n\n\n<p><a href=\"https:\/\/www.francetvinfo.fr\/monde\/royaume-uni\/royaume-uni-boris-johnson-a-deliberement-trompe-le-parlement-britannique-dans-l-affaire-du-partygate-conclut-l-enquete-parlementaire_5889835.html\">RU : Boris Johnson a \u00ab\u00a0d\u00e9lib\u00e9r\u00e9ment tromp\u00e9\u00a0\u00bb le Parlement britannique dans l&rsquo;affaire du \u00ab\u00a0partygate\u00a0\u00bb<\/a> (France Info)<\/p>\n\n\n\n<p><strong>Analyse<\/strong><\/p>\n\n\n\n<p><a href=\"https:\/\/www.lemediatv.fr\/emissions\/2023\/retraites-loi-immigration-attaques-anti-trans-les-luttes-lgbti-doivent-etre-revolutionnaires-isZRuk_pQ4GUclY3-7ZmFg\" target=\"_blank\" rel=\"noreferrer noopener\">Retraites, loi immigration, attaques anti-trans&#8230; Les luttes LGBTI doivent \u00eatre r\u00e9volutionnaires<\/a> (Le M\u00e9dia)<\/p>\n\n\n\n<p><mark style=\"background-color:rgba(0, 0, 0, 0);color:#ee0505\" class=\"has-inline-color\"><strong>14 juin<\/strong><\/mark><\/p>\n\n\n\n<p><strong>La bataille des retraites<a><\/a><\/strong><\/p>\n\n\n\n<p><a href=\"https:\/\/www.francetvinfo.fr\/economie\/retraite\/reforme-des-retraites\/pour-l-insoumis-manuel-bompard-les-macronistes-ont-un-grave-probleme-avec-les-contrepouvoirs_5885501.html\">Pour l&rsquo;Insoumis Manuel Bompard, \u00ab\u00a0les macronistes ont un grave probl\u00e8me avec les contrepouvoirs\u00a0\u00bb<\/a> (France Info)<\/p>\n\n\n\n<p><a href=\"https:\/\/www.politis.fr\/articles\/2023\/06\/retraites-construire-sur-la-defaite\/\" target=\"_blank\" rel=\"noreferrer noopener\">Retraites : construire sur la d\u00e9faite<\/a>&nbsp; (Politis)<\/p>\n\n\n\n<p><a href=\"https:\/\/www.off-investigation.fr\/__trashed-4\/\" target=\"_blank\" rel=\"noreferrer noopener\">Des syndicalistes fich\u00e9s \u00e0 Dijon ? La police les a identifi\u00e9s dans la rue via des \u00ab proc\u00e8s verbaux \u00e9lectroniques \u00bb<\/a>&nbsp; (Off Investigation)<\/p>\n\n\n\n<p><a href=\"https:\/\/www.lemediatv.fr\/emissions\/2023\/motion-de-censure-et-la-droite-sauva-la-macronie-TvRbEuh8S7WfmzZSNSU_dg\" target=\"_blank\" rel=\"noreferrer noopener\">Motion de censure : Et la droite sauva la macronie<\/a>&nbsp;(Le M\u00e9dia)<\/p>\n\n\n\n<p><strong>France <\/strong><\/p>\n\n\n\n<figure class=\"wp-block-image size-full is-resized\"><img data-recalc-dims=\"1\" loading=\"lazy\" decoding=\"async\" src=\"https:\/\/i0.wp.com\/www.rdpemancipation.org\/wp-content\/uploads\/2023\/06\/image-52.png?resize=370%2C370&#038;ssl=1\" alt=\"\" class=\"wp-image-115882\" width=\"370\" height=\"370\" srcset=\"https:\/\/i0.wp.com\/www.rdpemancipation.org\/wp-content\/uploads\/2023\/06\/image-52.png?w=680&amp;ssl=1 680w, https:\/\/i0.wp.com\/www.rdpemancipation.org\/wp-content\/uploads\/2023\/06\/image-52.png?resize=300%2C300&amp;ssl=1 300w, https:\/\/i0.wp.com\/www.rdpemancipation.org\/wp-content\/uploads\/2023\/06\/image-52.png?resize=150%2C150&amp;ssl=1 150w\" sizes=\"auto, (max-width: 370px) 100vw, 370px\" \/><\/figure>\n\n\n\n<p><a href=\"https:\/\/www.francetvinfo.fr\/politique\/emmanuel-macron\/agression-d-un-manifestant-par-un-collaborateur-de-l-elysee\/violences-du-1er-mai-2018-18-mois-de-prison-avec-sursis-requis-contre-alexandre-benalla_5888188.html\"><\/a><a href=\"https:\/\/www.francetvinfo.fr\/politique\/emmanuel-macron\/agression-d-un-manifestant-par-un-collaborateur-de-l-elysee\/violences-du-1er-mai-2018-18-mois-de-prison-avec-sursis-requis-contre-alexandre-benalla_5888188.html\">Violences du 1er-Mai 2018 : 18 mois de prison avec sursis requis contre Alexandre Benalla<\/a> (France Info)<\/p>\n\n\n\n<p><a href=\"https:\/\/www.lemediatv.fr\/emissions\/2023\/et-si-borne-degageait-lombre-du-remaniement-plane-sur-matignon-D5zzvoaoSYmcz9MgkdPHhg\" target=\"_blank\" rel=\"noreferrer noopener\">Et si Borne d\u00e9gageait ? L&rsquo;ombre du remaniement plane sur Matignon<\/a>&nbsp; (Le M\u00e9dia)<\/p>\n\n\n\n<p><strong><a href=\"http:\/\/cqfd-journal.org\/Le-danger-central-c-est-la\" target=\"_blank\" rel=\"noreferrer noopener\">\u00ab&nbsp;Le danger central, c&rsquo;est la fascisation de l&rsquo;\u00c9tat&nbsp;\u00bb<\/a>&nbsp;<\/strong>(CQFD)<\/p>\n\n\n\n<p><a href=\"https:\/\/www.mediapart.fr\/journal\/international\/140623\/l-assemblee-le-traite-ue-mercosur-expose-les-desaccords-strategiques-de-la-nupes-sur-le-libre-echan\" target=\"_blank\" rel=\"noreferrer noopener\">\u00c0 l\u2019Assembl\u00e9e, le trait\u00e9 UE-Mercosur expose les d\u00e9saccords de la Nupes sur le libre-\u00e9change<\/a>&nbsp; (M\u00e9diapart)<\/p>\n\n\n\n<p><a href=\"https:\/\/www.lemediatv.fr\/emissions\/2023\/derriere-le-plan-de-com-ce-que-contient-vraiment-linquietante-loi-dupond-moretti-9cSTpqjTQOCiwB5Kgbdz_A\" target=\"_blank\" rel=\"noreferrer noopener\">Ce que contient vraiment l&rsquo;inqui\u00e9tante loi Dupond-Moretti<\/a>&nbsp;(Le M\u00e9dia)<\/p>\n\n\n\n<p><a href=\"https:\/\/www.francetvinfo.fr\/politique\/loire-atlantique-a-peine-elue-la-nouvelle-maire-de-saint-brevin-dorothee-pacaud-porte-plainte-contre-le-collectif-anti-cada_5886169.html\">La nouvelle maire de Saint-Br\u00e9vin Doroth\u00e9e Pacaud porte plainte contre les anti-Cada<\/a> (France Info)<\/p>\n\n\n\n<figure class=\"wp-block-image size-full is-resized\"><img data-recalc-dims=\"1\" loading=\"lazy\" decoding=\"async\" src=\"https:\/\/i0.wp.com\/www.rdpemancipation.org\/wp-content\/uploads\/2023\/06\/image-50.png?resize=430%2C274&#038;ssl=1\" alt=\"\" class=\"wp-image-115845\" width=\"430\" height=\"274\" srcset=\"https:\/\/i0.wp.com\/www.rdpemancipation.org\/wp-content\/uploads\/2023\/06\/image-50.png?w=397&amp;ssl=1 397w, https:\/\/i0.wp.com\/www.rdpemancipation.org\/wp-content\/uploads\/2023\/06\/image-50.png?resize=300%2C191&amp;ssl=1 300w\" sizes=\"auto, (max-width: 430px) 100vw, 430px\" \/><\/figure>\n\n\n\n<p><strong>Monde<\/strong><\/p>\n\n\n\n<p><a href=\"https:\/\/link.newsletter.franceculture.fr\/m\/ml\/7429\/806270\/ZGb2HijwtQwh6DoVpN0S2W9C5lXTLJmivm821gAfcU8=\/71EcAJ9KsbjNRQ9-vPLROFy4GCZLmrwKfwArDgX2Dx4=\/\" target=\"_blank\" rel=\"noreferrer noopener\">En Palestine, des murs, des barbel\u00e9s, des colons et une occupation<\/a> (France Culture)<\/p>\n\n\n\n<p><a href=\"http:\/\/alencontre.org\/europe\/italie\/italie-pas-une-larme-pour-lentrepreneur-qui-a-casse-les-droits-sociaux.html\">Italie. \u00abPas une larme pour l\u2019entrepreneur qui a cass\u00e9 les droits sociaux\u00bb&nbsp;<\/a> (A l\u2019encontre)<\/p>\n\n\n\n<p><a href=\"https:\/\/www.monde-diplomatique.fr\/2009\/09\/GALLI\/18154\" target=\"_blank\" rel=\"noreferrer noopener\">Silvio Berlusconi, th\u00e9oricien de la \u00ab d\u00e9brouille \u00bb<\/a>&nbsp; (Le Monde diplomatique)<\/p>\n\n\n\n<p><a href=\"http:\/\/alencontre.org\/suisse\/suisse-inegalites-salariales-rien-ne-bouge.html\">Suisse. In\u00e9galit\u00e9s salariales, rien ne bouge&nbsp;<\/a> (A l\u2019encontre)<\/p>\n\n\n\n<p><a href=\"https:\/\/www.alternatives-economiques.fr\/discrete-active-opposition-russe-a-poutine\/00107226\" target=\"_blank\" rel=\"noreferrer noopener\">La discr\u00e8te mais active opposition russe \u00e0 Poutine<\/a>&nbsp; (Alter \u00e9co)<\/p>\n\n\n\n<p><a href=\"https:\/\/www.mediapart.fr\/journal\/international\/140623\/une-nouvelle-inculpation-pour-donald-trump-qui-crie-au-complot-politique\" target=\"_blank\" rel=\"noreferrer noopener\">Une nouvelle inculpation pour Donald Trump, qui crie au complot politique<\/a>&nbsp; (M\u00e9diapart)<\/p>\n\n\n\n<p><a href=\"https:\/\/www.alternatives-economiques.fr\/perou-continue-de-persecuter-populations-indigenes\/00107207\" target=\"_blank\" rel=\"noreferrer noopener\">Le P\u00e9rou continue de pers\u00e9cuter ses populations indig\u00e8nes<\/a>&nbsp; (Alter \u00e9co)<\/p>\n\n\n\n<p><a href=\"https:\/\/theconversation.com\/contre-offensive-ukrainienne-pourquoi-et-pour-quoi-207557\" target=\"_blank\" rel=\"noreferrer noopener\">Contre-offensive ukrainienne : pourquoi ? et pour quoi ?<\/a>&nbsp; (The Conversation)<\/p>\n\n\n\n<p><strong>Analyse<\/strong><\/p>\n\n\n\n<p><a href=\"https:\/\/www.contretemps.eu\/redecouvrir-isaac-deutscher-staline-trotsky-communisme\/\" target=\"_blank\" rel=\"noreferrer noopener\">Il faut red\u00e9couvrir Isaac Deutscher<\/a>&nbsp;(Contretemps)<\/p>\n\n\n\n<p><a href=\"https:\/\/lvsl.fr\/la-crise-du-bonapartisme-post-sovietique-et-le-conflit-ukrainien\/\" target=\"_blank\" rel=\"noreferrer noopener\">La crise du bonapartisme post-sovi\u00e9tique et le conflit ukrainien<\/a>&nbsp;(Le Vent Se L\u00e8ve)<\/p>\n\n\n\n<p><a href=\"https:\/\/www.contretemps.eu\/italie-berlusconi-est-mort\/\" target=\"_blank\" rel=\"noreferrer noopener\">B<strong>erlusconi est mort, mais nous vivons toujours dans son monde<\/strong><\/a>&nbsp;(Contretemps)<\/p>\n\n\n\n<p><a href=\"https:\/\/www.equaltimes.org\/nous-avons-face-a-nous-une\" target=\"_blank\" rel=\"noreferrer noopener\">\u00ab Nous avons face \u00e0 nous une internationale antidroits, sexiste, misogyne et conservatrice tr\u00e8s organis\u00e9e \u00bb<\/a>&nbsp; (Equal Times)<\/p>\n\n\n\n<p><a href=\"https:\/\/www.frustrationmagazine.fr\/gilets-jaunes-4-ans-apres-quelles-lecons\/\" target=\"_blank\" rel=\"noreferrer noopener\">Gilets Jaunes : 4 ans apr\u00e8s, quelles le\u00e7ons ?&nbsp;&nbsp;<\/a> (Frustration)<\/p>\n\n\n\n<p><mark style=\"background-color:rgba(0, 0, 0, 0);color:#ee0505\" class=\"has-inline-color\"><strong>13 juin<\/strong><\/mark><\/p>\n\n\n\n<p><strong>France<\/strong><\/p>\n\n\n\n<p><a href=\"https:\/\/www.youtube.com\/watch?v=r4JJdwHUS5A\">Fonds Marianne : Marl\u00e8ne Schiappa en difficult\u00e9 sur l\u2019arbitrage qui a exclu SOS Racisme<\/a> (Public s\u00e9nat)<\/p>\n\n\n\n<p><a href=\"https:\/\/www.mediapart.fr\/journal\/france\/130623\/fonds-marianne-le-mensonge-de-marlene-schiappa-abime-la-republique\">Avant l\u2019audition de la ministre, les enjeux de l\u2019affaire du fonds Marianne<\/a> (M\u00e9diapart)<\/p>\n\n\n\n<p><a href=\"https:\/\/www.mediapart.fr\/journal\/france\/120623\/le-lourd-cv-de-mohamed-sifaoui-la-caution-scientifique-du-fonds-marianne\"><strong>Fonds Marianne&nbsp;: le lourd CV de Mohamed Sifaoui, la \u00ab&nbsp;caution scientifique&nbsp;\u00bb<\/strong><\/a> (M\u00e9diapart)<\/p>\n\n\n\n<p><a href=\"https:\/\/www.liberation.fr\/politique\/apres-un-derapage-sexiste-a-lencontre-de-mathilde-panot-un-depute-rn-sanctionne-par-lassemblee-nationale-20230613_TQUIEMMULRB4HFT3CZ2XPNO7SA\/\">Apr\u00e8s un d\u00e9rapage sexiste \u00e0 l\u2019encontre de Mathilde Panot, un d\u00e9put\u00e9 RN sanctionn\u00e9 par l\u2019Assembl\u00e9e<\/a>&nbsp;(Lib\u00e9ration)<\/p>\n\n\n\n<p><a href=\"https:\/\/www.mediapart.fr\/journal\/politique\/130623\/pourquoi-le-boulevard-de-bernard-cazeneuve-est-une-voie-sans-issue\">Pourquoi le \u00ab&nbsp;boulevard&nbsp;\u00bb de Bernard Cazeneuve est une voie sans issue<\/a> (M\u00e9diapart)<\/p>\n\n\n\n<p><strong>Monde<\/strong><\/p>\n\n\n\n<p><a href=\"https:\/\/www.monde-diplomatique.fr\/2009\/09\/GALLI\/18154\">M. Berlusconi, th\u00e9oricien de la \u00ab d\u00e9brouille \u00bb<\/a> (Le monde diplomatique, 2009)<\/p>\n\n\n\n<p><a href=\"https:\/\/www.huffingtonpost.fr\/international\/article\/guerre-en-ukraine-poutine-reconnait-que-la-russie-aurait-pu-etre-mieux-preparee-face-a-la-contre-offensive_219188.html\">Poutine reconna\u00eet que la Russie aurait pu \u00eatre \u00ab&nbsp;mieux pr\u00e9par\u00e9e&nbsp;\u00bb face \u00e0 la contre-offensive<\/a> (HuffPost)<a href=\"https:\/\/www.liberation.fr\/international\/amerique\/archives-de-la-maison-blanche-trump-vise-par-37-chefs-dinculpation-dont-la-conservation-de-secrets-nucleaires-20230609_QCD6X6XT7ZHA5PJNCUPN4P6BPI\/\"><\/a><\/p>\n\n\n\n<p><a href=\"https:\/\/www.liberation.fr\/international\/amerique\/archives-de-la-maison-blanche-trump-vise-par-37-chefs-dinculpation-dont-la-conservation-de-secrets-nucleaires-20230609_QCD6X6XT7ZHA5PJNCUPN4P6BPI\/\">Donald Trump compara\u00eet devant la justice dans un Miami sous haute tension<\/a> (Lib\u00e9ration)<\/p>\n\n\n\n<p><a href=\"https:\/\/lecourrier.ch\/2023\/05\/22\/en-colombie-un-repenti-fait-trembler-letat-profond\/\" target=\"_blank\" rel=\"noreferrer noopener\">En Colombie, un repenti fait trembler l\u2019Etat profond<\/a> -Laurence Mazure (Le Courrier)<\/p>\n\n\n\n<p><strong>Analyse<\/strong><\/p>\n\n\n\n<p><a href=\"https:\/\/lundi.am\/A-propos-d-un-usage-actuel-du-mot-terrorisme\" target=\"_blank\" rel=\"noreferrer noopener\">\u00c0 propos d\u2019un usage actuel du mot \u00ab&nbsp;terrorisme&nbsp;\u00bb<\/a> (Lundimatin)<\/p>\n\n\n\n<p><a href=\"https:\/\/lundi.am\/Sur-l-insurrection-de-Villeurbanne-Aout-1944\" target=\"_blank\" rel=\"noreferrer noopener\">Sur l\u2019insurrection de Villeurbanne (Ao\u00fbt 1944)<\/a> (Lundimatin)<\/p>\n\n\n\n<p><mark style=\"background-color:rgba(0, 0, 0, 0);color:#ee0505\" class=\"has-inline-color\"><strong>12 juin<\/strong><\/mark><\/p>\n\n\n\n<p><strong>La bataille des retraites<a><\/a><\/strong><\/p>\n\n\n\n<p><a href=\"https:\/\/www.francetvinfo.fr\/economie\/retraite\/reforme-des-retraites\/reforme-des-retraites-quand-la-nupes-arrivera-au-pouvoir-nous-abrogeront-cette-loi-affirme-clementine-autain-lfi_5883389.html\"><strong>Retraites : \u00ab\u00a0Quand la Nupes arrivera au pouvoir, nous abrogeront cette loi\u00a0\u00bb, affirme Cl\u00e9mentine Autain <\/strong><\/a><strong>&nbsp;<\/strong>(France Info)<\/p>\n\n\n\n<p><a href=\"https:\/\/www.liberation.fr\/politique\/motion-de-censure-les-deputes-lr-vont-encore-sauver-elisabeth-borne-20230612_K5SUNBFQEZAMZC4KMJS2UEMAJY\/\" target=\"_blank\" rel=\"noreferrer noopener\">Motion de censure&nbsp;: les d\u00e9put\u00e9s LR vont encore sauver Elisabeth Borne<\/a> (Lib\u00e9ration)<\/p>\n\n\n\n<p><a href=\"https:\/\/www.huffingtonpost.fr\/politique\/article\/pourquoi-la-motion-de-censure-de-la-nupes-contre-elisabeth-borne-sera-moins-bien-votee-que-celle-de-mars_219069.html\">Pourquoi la motion de censure de la NUPES sera moins bien vot\u00e9e que celle de mars<\/a><a> (HuffPost)<\/a><\/p>\n\n\n\n<p><a href=\"https:\/\/www.revolutionpermanente.fr\/5-mois-de-combat-historique-et-maintenant-emission-speciale-en-direct-ce-mercredi-20h30\"><strong>\u00ab5 mois de combat historique, et maintenant&nbsp;?\u00bb&nbsp;: \u00e9mission sp\u00e9ciale en direct ce mercredi 20h30<\/strong><\/a>(RP)<\/p>\n\n\n\n<p><strong>\u00c9galement en France<\/strong><\/p>\n\n\n\n<p><a href=\"https:\/\/www.francetvinfo.fr\/politique\/ump\/primaire-de-l-ump\/primaire-de-la-droite-en-2016-le-parquet-de-paris-ouvre-une-enquete-sur-le-financement-du-microparti-de-bruno-le-maire_5883521.html\">Primaire de la droite en 2016 : le parquet de Paris ouvre une enqu\u00eate sur le financement du microparti de Bruno Le Maire<\/a> (France Info)<\/p>\n\n\n\n<p><a href=\"https:\/\/www.liberation.fr\/politique\/les-cadres-renaissance-invites-a-reflechir-a-une-alliance-avec-lr-20230612_GQ6H3OSJ4RBLXD7EK7DKFPKBVE\/\" target=\"_blank\" rel=\"noreferrer noopener\">Les cadres Renaissance invit\u00e9s \u00e0 r\u00e9fl\u00e9chir \u00e0 une alliance avec LR<\/a> (Lib\u00e9ration)<\/p>\n\n\n\n<p><a href=\"https:\/\/www.huffingtonpost.fr\/politique\/article\/bernard-cazeneuve-accuse-de-vomir-son-mepris-sur-le-parti-socialiste_219093.html\">De retour en politique, Cazeneuve accus\u00e9 de \u00abvomir son m\u00e9pris\u00bb sur le Parti socialiste<\/a> (HuffPost)<\/p>\n\n\n\n<p><a href=\"https:\/\/www.francetvinfo.fr\/replay-radio\/l-edito-politique\/edito-y-a-t-il-une-vie-a-gauche-apres-la-nupes-le-defi-de-bernard-cazeneuve_5853482.html\">Y a-t-il une vie \u00e0 gauche apr\u00e8s la Nupes ? Le d\u00e9fi de Bernard Cazeneuve<\/a> (France Info)<\/p>\n\n\n\n<p><a href=\"https:\/\/www.francetvinfo.fr\/politique\/loire-atlantique-la-nouvelle-maire-de-saint-brevin-n-a-aucune-raison-de-ceder-sur-le-projet-de-cada_5883281.html\">La nouvelle maire de Saint-Brevin \u00ab\u00a0n&rsquo;a aucune raison de c\u00e9der\u00a0\u00bb sur le projet de Cada<\/a> (France Info)<\/p>\n\n\n\n<p><a href=\"https:\/\/www.mediapart.fr\/journal\/france\/110623\/l-affaire-du-fonds-marianne-illustre-les-errements-du-macronisme\">L\u2019affaire du fonds Marianne illustre les errements du macronisme<\/a> (M\u00e9diapart)<\/p>\n\n\n\n<p><strong><a href=\"https:\/\/www.mediapart.fr\/journal\/politique\/100623\/francois-ruffin-met-au-debat-son-idee-d-economie-de-guerre-climatique\">Ruffin met au d\u00e9bat son id\u00e9e d\u2019\u00ab&nbsp;\u00e9conomie de guerre climatique&nbsp;\u00bb<\/a> <\/strong>(M\u00e9diapart)<\/p>\n\n\n\n<p><strong>Monde<\/strong><\/p>\n\n\n\n<p><a href=\"https:\/\/www.contretemps.eu\/espagne-elections-defaite-sanchez-gauche-podemos-droite-extreme-vox\/\">Cycle \u00e9lectoral en Espagne&nbsp;: vague droiti\u00e8re et d\u00e9clin du \u00ab&nbsp;progressisme&nbsp;\u00bb gouvernemental<\/a> (Contretemps)<\/p>\n\n\n\n<p><a href=\"https:\/\/www.huffingtonpost.fr\/international\/video\/avec-la-mort-de-silvio-berlusconi-la-disparition-d-un-precurseur-du-populisme-en-europe_216292.html\">Avec la mort de Silvio Berlusconi, la disparition d\u2019un pr\u00e9curseur du populisme en Europe<\/a><a> (HuffPost)<\/a><\/p>\n\n\n\n<p><a href=\"https:\/\/theconversation.com\/inculpations-scandales-comment-expliquer-la-popularite-de-donald-trump-aupres-des-electeurs-republicains-207054\" target=\"_blank\" rel=\"noreferrer noopener\">Inculpations, scandales\u2026 Comment expliquer la popularit\u00e9 de Donald Trump aupr\u00e8s des \u00e9lecteurs r\u00e9publicains ?<\/a>&nbsp; (The Conversation)<\/p>\n\n\n\n<p><strong>Analyse<\/strong><\/p>\n\n\n\n<p><strong><a href=\"https:\/\/basta.media\/Nous-avons-face-a-nous-une-internationale-antidroits-sexiste-misogyne-et-conservatrice-backlash\" target=\"_blank\" rel=\"noreferrer noopener\">\u00ab Nous avons face \u00e0 nous une internationale antidroits, sexiste, misogyne et conservatrice tr\u00e8s organis\u00e9e \u00bb&nbsp;<\/a><\/strong> (Basta!)<\/p>\n\n\n\n<p><strong><a href=\"https:\/\/basta.media\/de-l-acces-aux-etudes-jusqu-a-la-retraite-la-facture-sociale-francaise-s-accentue-inegalites-classes-rapport\" target=\"_blank\" rel=\"noreferrer noopener\">De l&rsquo;acc\u00e8s aux \u00e9tudes jusqu&rsquo;\u00e0 la retraite, la fracture sociale fran\u00e7aise s&rsquo;accentue<\/a>&nbsp;<\/strong>(Basta!)<\/p>\n\n\n\n<p><a href=\"https:\/\/lvsl.fr\/existe-t-il-un-style-reactionnaire-entretien-avec-vincent-berthelier\/\" target=\"_blank\" rel=\"noreferrer noopener\">Existe-t-il un style r\u00e9actionnaire ? Entretien avec Vincent Berthelier<\/a>&nbsp; (Le Vent Se L\u00e8ve)<\/p>\n\n\n\n<p><a href=\"https:\/\/www.youtube.com\/watch?v=RPE0FefKXsE&amp;ab_channel=LeM%C3%A9dia\"><strong>D\u00e9put\u00e9s musel\u00e9s, manifestants fich\u00e9s, policiers menteurs, bient\u00f4t l\u2019explosion ?<\/strong><\/a>&nbsp;(Le M\u00e9dia)<\/p>\n\n\n\n<p><mark style=\"background-color:rgba(0, 0, 0, 0);color:#ee0505\" class=\"has-inline-color\"><strong>10 juin<\/strong><\/mark><\/p>\n\n\n\n<p><strong>La bataille des retraites<\/strong><\/p>\n\n\n\n<p><a href=\"https:\/\/www.mediapart.fr\/journal\/france\/100623\/retraites-ces-six-mois-qui-ont-tout-chamboule\" target=\"_blank\" rel=\"noreferrer noopener\">Retraites : ces six mois qui ont tout chamboul\u00e9<\/a>&nbsp;(M\u00e9diapart)<\/p>\n\n\n\n<p><a href=\"https:\/\/www.mediapart.fr\/journal\/economie-et-social\/100623\/est-ce-que-je-m-attendais-ce-que-ce-soit-si-difficile-avec-macron-non-laurent-berger-fait-le-b\">Laurent Berger : \u00abEst-ce que je m\u2019attendais \u00e0 ce que ce soit si difficile avec Macron&nbsp;? Non&nbsp;!\u00bb<\/a> (Vid\u00e9o M\u00e9diapart)<\/p>\n\n\n\n<p><strong><a href=\"https:\/\/www.politis.fr\/articles\/2023\/06\/la-democratie-etouffee\/\" target=\"_blank\" rel=\"noreferrer noopener\">La d\u00e9mocratie \u00e9touff\u00e9e<\/a>&nbsp;<\/strong>(Politis)<\/p>\n\n\n\n<p><a href=\"https:\/\/www.mediapart.fr\/journal\/france\/080623\/cinq-syndicalistes-cfdt-poursuivis-pour-des-pochoirs-au-sol-contre-la-reforme-des-retraites\" target=\"_blank\" rel=\"noreferrer noopener\">Cinq syndicalistes CFDT poursuivis pour des pochoirs au sol contre la r\u00e9forme des retraites<\/a>&nbsp;(M\u00e9diapart)<\/p>\n\n\n\n<p><a href=\"https:\/\/www.mediapart.fr\/journal\/politique\/080623\/l-assemblee-c-est-la-pire-journee-de-l-annee\" target=\"_blank\" rel=\"noreferrer noopener\">\u00c0 l\u2019Assembl\u00e9e, \u00ab&nbsp;c\u2019est la pire journ\u00e9e de l\u2019ann\u00e9e&nbsp;\u00bb<\/a>&nbsp;(M\u00e9diapart)<\/p>\n\n\n\n<p><strong>\u00c9galement en France<\/strong><\/p>\n\n\n\n<p><a href=\"https:\/\/www.alternatives-economiques.fr\/sophie-binet-patronat-gouvernement-devoir-compter-syndic\/00107225\" target=\"_blank\" rel=\"noreferrer noopener\">Sophie Binet : \u00ab Patronat et gouvernement vont devoir compter avec des syndicats beaucoup plus combatifs \u00bb<\/a>&nbsp; (Alter \u00e9co)<\/p>\n\n\n\n<p><a href=\"https:\/\/www.lemediatv.fr\/emissions\/2023\/democratie-francaise-a-la-fin-le-president-gagne-toujours-3_MsCrFcTkGOS9aTHFugAA\" target=\"_blank\" rel=\"noreferrer noopener\">\u00ab\u00a0D\u00e9mocratie\u00a0\u00bb fran\u00e7aise : \u00e0 la fin le Pr\u00e9sident gagne toujours<\/a>&nbsp; (Le M\u00e9dia)<\/p>\n\n\n\n<p><a href=\"http:\/\/www.regards.fr\/la-midinale\/article\/raquel-garrido-il-y-a-49-3-raisons-de-passer-a-la-6eme-republique\" target=\"_blank\" rel=\"noreferrer noopener\">Raquel Garrido : \u00ab Il y a 49.3 raisons de passer \u00e0 la 6\u00e8me R\u00e9publique \u00bb<\/a>&nbsp; (Regards)<\/p>\n\n\n\n<p><a href=\"https:\/\/www.mediapart.fr\/journal\/france\/080623\/militants-ecologistes-arretes-tous-relaches-et-apres\" target=\"_blank\" rel=\"noreferrer noopener\">Militants \u00e9cologistes arr\u00eat\u00e9s : tous rel\u00e2ch\u00e9s, et apr\u00e8s?<\/a>&nbsp; (M\u00e9diapart)<\/p>\n\n\n\n<p><a href=\"https:\/\/www.boursorama.com\/actualite-economique\/actualites\/benalla-as-de-la-debrouille-devenu-roi-de-l-embrouille-eeb1248fd2a77951f5e673a69e1f90a0\">Benalla, as de la d\u00e9brouille devenu roi de l&#8217;embrouille<\/a> (AFP)<\/p>\n\n\n\n<p><strong><a href=\"https:\/\/www.lemediatv.fr\/emissions\/2023\/la-france-nest-plus-loin-dun-rupture-radicale-EehAh6EXScqNdyLk_m2qXQ\" target=\"_blank\" rel=\"noreferrer noopener\">La France n&rsquo;est plus loin d&rsquo;une rupture radicale<\/a><\/strong>&nbsp;(Le M\u00e9dia)<\/p>\n\n\n\n<p><strong>Monde<\/strong><\/p>\n\n\n\n<p><a href=\"https:\/\/www.mediapart.fr\/journal\/international\/100623\/en-espagne-yolanda-diaz-reussit-l-unite-la-gauche-des-socialistes\" target=\"_blank\" rel=\"noreferrer noopener\">En Espagne, Yolanda D\u00edaz r\u00e9ussit l\u2019unit\u00e9 \u00e0 la gauche des socialistes<\/a>&nbsp;(M\u00e9diapart)<\/p>\n\n\n\n<p><a href=\"https:\/\/www.contretemps.eu\/grece-elections-restauration-conservatrice-deroute-syriza-mitsotakis-tsipras\/\" target=\"_blank\" rel=\"noreferrer noopener\">Gr\u00e8ce : restauration conservatrice, d\u00e9route de Syriza<\/a>&nbsp;(Contretemps)<\/p>\n\n\n\n<p><a href=\"https:\/\/www.boursorama.com\/actualite-economique\/actualites\/rattrape-par-le-partygate-boris-johnson-claque-la-porte-du-parlement-1c77caa9d300e7dea693244aad5c83ae\">Rattrap\u00e9 par le \u00ab\u00a0partygate\u00a0\u00bb, Boris Johnson claque la porte du Parlement<\/a> (AFP)<\/p>\n\n\n\n<p><a href=\"https:\/\/www.boursorama.com\/actualite-economique\/actualites\/trump-poursuivi-par-la-justice-federale-pourquoi-comment-et-apres-0c41b388cdeea51aeb7d4dc9613c3e3e\">Trump poursuivi par la justice f\u00e9d\u00e9rale: pourquoi, comment et apr\u00e8s?<\/a> (AFP)<\/p>\n\n\n\n<p><a href=\"https:\/\/www.revue-ballast.fr\/kurdistan-nord-effacer-la-memoire-des-morts\/\" target=\"_blank\" rel=\"noreferrer noopener\">Kurdistan Nord : effacer la m\u00e9moire des morts<\/a>&nbsp;(Ballast)<\/p>\n\n\n\n<p><a href=\"https:\/\/www.fidh.org\/fr\/regions\/europe-asie-centrale\/russie\/loi-apres-loi-la-destruction-de-la-societe-civile-russe-documentee\" target=\"_blank\" rel=\"noreferrer noopener\"><strong>Loi apr\u00e8s loi, la destruction de la soci\u00e9t\u00e9 civile russe <\/strong><\/a>(FIDH)<\/p>\n\n\n\n<p><a href=\"https:\/\/www.hrw.org\/fr\/news\/2023\/06\/08\/myanmar-des-avocats-sont-harceles-et-arretes\" target=\"_blank\" rel=\"noreferrer noopener\"><strong>Myanmar : Des avocats sont harcel\u00e9s et arr\u00eat\u00e9s<\/strong><\/a> (Human Rights Watch)<\/p>\n\n\n\n<p><strong>Analyse<\/strong><\/p>\n\n\n\n<p><strong><a href=\"https:\/\/www.revue-ballast.fr\/demain-le-communisme\/\" target=\"_blank\" rel=\"noreferrer noopener\">Demain, le communisme ?<\/a>&nbsp; <\/strong>(Ballast)<\/p>\n\n\n\n<p><mark style=\"background-color:rgba(0, 0, 0, 0);color:#ee0505\" class=\"has-inline-color\"><strong>8 juin<\/strong><\/mark><\/p>\n\n\n\n<p><strong>La bataille des retraites<\/strong><\/p>\n\n\n\n<p><a href=\"https:\/\/www.humanite.fr\/politique\/reforme-des-retraites\/retraites-quand-la-minorite-fait-la-loi-798203\" target=\"_blank\" rel=\"noreferrer noopener\">Retraites. Quand la minorit\u00e9 fait la loi<\/a> (L\u2019Humanit\u00e9)<\/p>\n\n\n\n<p><a href=\"https:\/\/www.huffingtonpost.fr\/politique\/video\/yael-braun-pivet-reveille-le-spectre-de-la-commission-benalla-avec-sa-decision-sur-la-ppl-liot_218862.html\"><strong>Comment Ya\u00ebl Braun-Pivet a r\u00e9veill\u00e9 le spectre de la commission Benalla avec la PPL Liot<\/strong><\/a> (HuffPost)<\/p>\n\n\n\n<p><a href=\"https:\/\/www.alternatives-economiques.fr\/reforme-retraites-a-ravive-rejet-de-democratie-representati\/00107198\" target=\"_blank\" rel=\"noreferrer noopener\">\u00ab La r\u00e9forme des retraites a raviv\u00e9 le rejet de la d\u00e9mocratie repr\u00e9sentative \u00bb<\/a>&nbsp; (Alter \u00e9co)<\/p>\n\n\n\n<p><a href=\"https:\/\/www.mediapart.fr\/journal\/economie-et-social\/060623\/tout-ce-qui-s-est-passe-n-est-pas-vain-les-opposants-la-reforme-des-retraites-sont-fiers-mais\" target=\"_blank\" rel=\"noreferrer noopener\">\u00ab\u00c7a se paiera plus tard&#8230;\u00bb: les opposants \u00e0 la r\u00e9forme des retraites fiers, mais inquiets<\/a>&nbsp; (M\u00e9diapart)<\/p>\n\n\n\n<p><a href=\"https:\/\/www.rue89lyon.fr\/2023\/06\/06\/le-service-dordre-des-syndicats-matraque-a-la-manifestation-du-6-juin-a-lyon\/\" target=\"_blank\" rel=\"noreferrer noopener\">Le service d&rsquo;ordre des syndicats matraqu\u00e9 \u00e0 la manifestation du 6 juin \u00e0 Lyon<\/a>&nbsp;(Rue89Lyon)<\/p>\n\n\n\n<p><strong>\u00c9galement en France<\/strong><\/p>\n\n\n\n<p><strong><a href=\"https:\/\/www.mediapart.fr\/journal\/france\/070623\/fonds-marianne-schiappa-personnellement-sucre-100-000-euros-de-subvention-sos-racisme\" target=\"_blank\" rel=\"noreferrer noopener\">Fonds Marianne: Schiappa a personnellement sucr\u00e9 100 000 \u20ac de subvention \u00e0 SOS Racisme<\/a>&nbsp; <\/strong>(M\u00e9diapart)<\/p>\n\n\n\n<p><a href=\"https:\/\/reporterre.net\/Militants-ecologistes-arretes-des-rassemblements-prevus-partout-en-France\" target=\"_blank\" rel=\"noreferrer noopener\">Militants \u00e9cologistes arr\u00eat\u00e9s&nbsp;: des rassemblements pr\u00e9vus partout en France<\/a>&nbsp;(Reporterre)<\/p>\n\n\n\n<p><a href=\"https:\/\/www.humanite.fr\/politique\/politique-culturelle\/que-revelent-les-attaques-gouvernementales-contre-justine-triet-798037#xtor=RSS-1\" target=\"_blank\" rel=\"noreferrer noopener\">Que r\u00e9v\u00e8lent les attaques gouvernementales contre Justine Triet ?<\/a>&nbsp; (L\u2019Humanit\u00e9)<\/p>\n\n\n\n<p><a href=\"https:\/\/rapportsdeforce.fr\/classes-en-lutte\/200-000-places-en-creches-lannonce-totalement-irrealiste-delisabeth-borne-060718389\" target=\"_blank\" rel=\"noreferrer noopener\">200 000 places en cr\u00e8ches : l\u2019annonce \u00ab totalement irr\u00e9aliste \u00bb d\u2019\u00c9lisabeth Borne<\/a>&nbsp;(Rapports de Force)<\/p>\n\n\n\n<p><strong>Monde<\/strong><\/p>\n\n\n\n<p><a href=\"https:\/\/www.humanite.fr\/en-debat\/elections-en-espagne\/quelles-perspectives-pour-la-gauche-en-espagne-798050#xtor=RSS-1\" target=\"_blank\" rel=\"noreferrer noopener\">Quelles perspectives pour la gauche en Espagne ?<\/a>&nbsp; (L\u2019Humanit\u00e9)<\/p>\n\n\n\n<p><a href=\"https:\/\/www.revuesilence.net\/numeros\/523-REPAS-pratiquer-l-utopie-au-travail\/europe-bresil-combattre-la-deforestation-importee\" target=\"_blank\" rel=\"noreferrer noopener\">Europe-Br\u00e9sil&nbsp;: combattre la \u00ab&nbsp;d\u00e9forestation import\u00e9e&nbsp;\u00bb<\/a>&nbsp; (Silence)<\/p>\n\n\n\n<p><a href=\"https:\/\/www.equaltimes.org\/alondra-carrillo-au-chili-nous\" target=\"_blank\" rel=\"noreferrer noopener\">Alondra Carrillo : \u00ab Au Chili, nous vivons une p\u00e9riode de renforcement acc\u00e9l\u00e9r\u00e9 de l&rsquo;autoritarisme et de privation des droits fondamentaux \u00bb<\/a>&nbsp; (Equal Times)<\/p>\n\n\n\n<p><a href=\"https:\/\/www.equaltimes.org\/la-californie-entrouvre-la-porte?lang=fr\" target=\"_blank\" rel=\"noreferrer noopener\">La Californie entrouvre la porte aux r\u00e9parations pour les descendants d\u2019esclaves&nbsp;<\/a> (Equal Times)<\/p>\n\n\n\n<p><strong>Analyse<\/strong><\/p>\n\n\n\n<p><a href=\"https:\/\/www.revuesilence.net\/numeros\/523-REPAS-pratiquer-l-utopie-au-travail\/2004-la-decroissance-par-la-non-violence\" target=\"_blank\" rel=\"noreferrer noopener\">2004 La d\u00e9croissance par la non-violence<\/a>&nbsp; (Silence)<\/p>\n\n\n\n<p><mark style=\"background-color:rgba(0, 0, 0, 0);color:#ee0505\" class=\"has-inline-color\"><strong>7 juin<\/strong><\/mark><\/p>\n\n\n\n<p><strong>La bataille des retraites<\/strong><\/p>\n\n\n\n<p><a href=\"https:\/\/www.francetvinfo.fr\/politique\/direct-reforme-des-retraites-la-presidente-de-l-assemblee-s-opposera-a-tout-amendement-entrainant-un-vote-pour-abroger-le-report-de-l-age-legal-de-depart-a-64-ans_5873270.html\">Retraites : \u00ab\u00a0C&rsquo;est dans la justice que nous abrogerons cette r\u00e9forme\u00a0\u00bb, promet le socialiste Boris Vallaud<\/a> (Le direct de France Info)<\/p>\n\n\n\n<p><strong><a href=\"https:\/\/lvsl.fr\/Comment%20Macron%20pi\u00e9tinne%20le%20parlement\">Comment Macron pi\u00e9tine le parlement<\/a> <\/strong>(LVSL)<\/p>\n\n\n\n<p><a href=\"https:\/\/www.huffingtonpost.fr\/politique\/article\/apres-la-decision-de-braun-pivet-sur-la-ppl-liot-lfi-annonce-une-motion-de-censure_218871.html\">LFI annonce une motion de censure apr\u00e8s la d\u00e9cision de Braun-Pivet sur la PPL LIOT<\/a> (HuffPost)<\/p>\n\n\n\n<p><a href=\"https:\/\/www.mediapart.fr\/journal\/politique\/070623\/l-assemblee-le-double-jeu-de-yael-braun-pivet\"><strong>\u00c0 l\u2019Assembl\u00e9e, le double jeu de Ya\u00ebl Braun-Pivet<\/strong><\/a> (M\u00e9diapart)<\/p>\n\n\n\n<p><a href=\"https:\/\/www.liberation.fr\/politique\/retraites-la-presidente-de-lassemblee-bloquera-lexamen-de-la-mesure-dabrogation-de-la-reforme-jeudi-20230607_GEDTBMXJZVCXHBUMGZ2BV3KNQQ\/\">La pr\u00e9sidente de l\u2019Assembl\u00e9e bloquera l\u2019examen de la mesure d\u2019abrogation de la r\u00e9forme jeudi<\/a> (Lib\u00e9ration)<a href=\"https:\/\/www.huffingtonpost.fr\/politique\/article\/avec-sa-decision-sur-la-ppl-liot-braun-pivet-s-attire-les-foudres-des-oppositions_218856.html\"><\/a><\/p>\n\n\n\n<p><a href=\"https:\/\/www.huffingtonpost.fr\/politique\/article\/avec-sa-decision-sur-la-ppl-liot-braun-pivet-s-attire-les-foudres-des-oppositions_218856.html\">La d\u00e9cision de Braun-Pivet sur la PPL LIOT ulc\u00e8re sur le fond et sur la forme<\/a> (HuffPost)<\/p>\n\n\n\n<p><a href=\"https:\/\/www.boursorama.com\/actualite-economique\/actualites\/barrage-a-l-abrogation-de-la-retraite-a-64-ans-yael-braun-pivet-invoque-la-regle-et-denonce-les-pompiers-pyromanes-83d90336a91bf2a22e39507093fd73e9\">Barrage \u00e0 l&rsquo;abrogation de la retraite \u00e0 64 ans : YBP invoque \u00ab\u00a0la r\u00e8gle\u00a0\u00bb <\/a>(Media services)<\/p>\n\n\n\n<p><a href=\"https:\/\/www.publicsenat.fr\/actualites\/politique\/reforme-des-retraites-ce-que-prevoient-les-deux-premiers-decrets-dapplication\">R\u00e9forme des retraites : ce que pr\u00e9voient les deux premiers d\u00e9crets d\u2019application<\/a> (Public S\u00e9nat)<\/p>\n\n\n\n<p><a href=\"https:\/\/www.huffingtonpost.fr\/france\/article\/manifestations-a-rennes-un-drone-de-la-police-attaque-par-des-mouettes_218829.html\">\u00c0 Rennes, des mouettes attaquent un drone de la police, au grand bonheur des manifestants<\/a> (HuffPost)<\/p>\n\n\n\n<p><a href=\"https:\/\/redirection.b2b.infopro-digital.com\/lnk\/AVcAABljYigAAcXE7q4AAHnKuI0AAABZQUUAANzvAAwsSQBkf2peZzjczeL5QIWI6DwRWSw5EAAMCy8\/4\/AWGRObqZc9GzKXOpwV4ioQ\/aHR0cHM6Ly93d3cudXNpbmVub3V2ZWxsZS5jb20vYXJ0aWNsZS9zZWxvbi1sLWFzc3VyYW5jZS12aWVpbGxlc3NlLWxlLW5vbWJyZS1kZS1kZXBhcnRzLWEtbGEtcmV0cmFpdGUtcG91ci1jYXJyaWVyZS1sb25ndWUtdmEtZG91Ymxlci5OMjE0MDA0MiN4dG9yPUVQUi0xNjk#xtor=EPR-169\" target=\"_blank\" rel=\"noreferrer noopener\">Avec la r\u00e9forme, le nombre de d\u00e9parts anticip\u00e9s \u00e0 la retraite devrait doubler<\/a> (Usine nouvelle)<\/p>\n\n\n\n<p><strong>\u00c9galement en France<\/strong><\/p>\n\n\n\n<figure class=\"wp-block-image size-full\"><img data-recalc-dims=\"1\" loading=\"lazy\" decoding=\"async\" width=\"439\" height=\"358\" src=\"https:\/\/i0.wp.com\/www.rdpemancipation.org\/wp-content\/uploads\/2023\/06\/image-26.png?resize=439%2C358&#038;ssl=1\" alt=\"\" class=\"wp-image-115484\" srcset=\"https:\/\/i0.wp.com\/www.rdpemancipation.org\/wp-content\/uploads\/2023\/06\/image-26.png?w=439&amp;ssl=1 439w, https:\/\/i0.wp.com\/www.rdpemancipation.org\/wp-content\/uploads\/2023\/06\/image-26.png?resize=300%2C245&amp;ssl=1 300w\" sizes=\"auto, (max-width: 439px) 100vw, 439px\" \/><\/figure>\n\n\n\n<p><strong><a href=\"https:\/\/www.liberation.fr\/politique\/raquel-garrido-si-elle-souhaite-se-perenniser-la-france-insoumise-doit-adapter-son-fonctionnement-20230606_5GWY2KBZBJH4HDQD2EZZHAL3BE\/\"><\/a><\/strong><\/p>\n\n\n\n<p><a href=\"https:\/\/www.liberation.fr\/politique\/raquel-garrido-si-elle-souhaite-se-perenniser-la-france-insoumise-doit-adapter-son-fonctionnement-20230606_5GWY2KBZBJH4HDQD2EZZHAL3BE\/\">Raquel Garrido&nbsp;: \u00abSi elle souhaite se p\u00e9renniser, La France insoumise doit adapter son fonctionnement\u00bb<\/a> (Lib\u00e9ration)<\/p>\n\n\n\n<p><a href=\"https:\/\/www.francetvinfo.fr\/politique\/l-assemblee-nationale-rejette-les-comptes-de-la-securite-sociale-pour-2022_5873135.html\">L\u2019Assembl\u00e9e nationale rejette les comptes de la S\u00e9curit\u00e9 sociale pour 2022<\/a> (France Info)<a href=\"https:\/\/www.huffingtonpost.fr\/politique\/article\/avec-sa-decision-sur-la-ppl-liot-braun-pivet-s-attire-les-foudres-des-oppositions_218856.html\"><\/a><\/p>\n\n\n\n<p><a href=\"https:\/\/blogs.mediapart.fr\/action-antifasciste-paris-banlieue\/blog\/070623\/propos-de-camarades-antifascistes-italien-nes-envoye-es-en-cra\">\u00c0 propos de camarades antifascistes italien\u00b7nes envoy\u00e9\u00b7es en&nbsp;CRA<\/a>&nbsp;(Action Antifasciste Paris Banlieue)<\/p>\n\n\n\n<p><strong>Monde<\/strong><\/p>\n\n\n\n<p><a href=\"https:\/\/www.rfi.fr\/fr\/en-bref\/20230607-la-russie-accuse-les-ukrainiens-d-avoir-fait-exploser-le-pipeline-d-ammoniac-togliatti-odessa\">La Russie accuse les Ukrainiens d&rsquo;avoir fait exploser le pipeline d&rsquo;ammoniac Togliatti-Odessa<\/a> (RFI)<\/p>\n\n\n\n<p><a href=\"https:\/\/www.rfi.fr\/fr\/europe\/20230606-l-ukraine-et-la-russie-s-accusent-mutuellement-d-avoir-d%C3%A9truit-le-barrage-de-kakhovka\">L&rsquo;Ukraine et la Russie s&rsquo;accusent mutuellement d&rsquo;avoir d\u00e9truit le barrage de Kakhovka<\/a> (RFI)<\/p>\n\n\n\n<p><a href=\"https:\/\/www.rfi.fr\/fr\/europe\/20230607-le-gouvernement-allemand-en-visite-au-br%C3%A9sil-pour-recruter-des-personnels-soignants\">Le gouvernement allemand en visite au Br\u00e9sil pour recruter des personnels soignants<\/a> (RFI)<\/p>\n\n\n\n<p><a href=\"https:\/\/www.connaissancedesenergies.org\/afp\/legislatives-au-koweit-lopposition-renforcee-une-seule-femme-au-parlement-230607-0\">L\u00e9gislatives au Kowe\u00eft : l&rsquo;opposition renforc\u00e9e, une seule femme au Parlement<\/a> (AFP)<\/p>\n\n\n\n<p><a href=\"https:\/\/lundi.am\/Sur-le-front-de-Bakhmout-avec-des-partisans-bielorusses\" target=\"_blank\" rel=\"noreferrer noopener\">Sur le front de Bakhmout avec des partisans bi\u00e9lorusses<\/a> (Lundimatin)<\/p>\n\n\n\n<p><a href=\"https:\/\/lundi.am\/Un-nouveau-mandat-pour-Erdogan-la-lutte-des-Kurdes-continue\" target=\"_blank\" rel=\"noreferrer noopener\">Un nouveau mandat pour Erdogan &#8211; la lutte des Kurdes continue<\/a> (Lundimatin)<\/p>\n\n\n\n<p><strong>Analyse<\/strong><\/p>\n\n\n\n<p><a href=\"https:\/\/blogs.mediapart.fr\/histoire-coloniale-et-postcoloniale\/blog\/070623\/le-rn-heritier-de-petain-et-des-ultras-de-l-oas\">Le RN h\u00e9ritier de P\u00e9tain\u2026 et des ultras de l\u2019OAS<\/a>&nbsp;(Histoire coloniale et postcoloniale)<\/p>\n\n\n\n<p><a href=\"https:\/\/lundi.am\/Macron-tyran-ou-fasciste\" target=\"_blank\" rel=\"noreferrer noopener\">Macron&nbsp;: tyran ou fasciste&nbsp;?<\/a> (Lundimatin)<\/p>\n\n\n\n<p><a href=\"https:\/\/lundi.am\/L-imaginaire-du-capitalisme-comme-civilisation-5530\" target=\"_blank\" rel=\"noreferrer noopener\">L\u2019imaginaire du capitalisme comme civilisation<\/a> (Lundimatin)<\/p>\n\n\n\n<p><mark style=\"background-color:rgba(0, 0, 0, 0);color:#ee0505\" class=\"has-inline-color\"><strong>6 juin<\/strong><\/mark><\/p>\n\n\n\n<p><strong>La bataille des retraites<a><\/a><\/strong><\/p>\n\n\n\n<p><a href=\"https:\/\/www.politis.fr\/articles\/2023\/06\/reforme-retraites-manifestation-du-6-juin-poursuivre-le-combat-garder-lespoir-preparer-lapres\/\" target=\"_blank\" rel=\"noreferrer noopener\">Manifestation du 6 juin : poursuivre le combat, garder l&rsquo;espoir, pr\u00e9parer l&rsquo;apr\u00e8s<\/a>&nbsp;(Politis)<\/p>\n\n\n\n<p><a href=\"https:\/\/www.lemonde.fr\/politique\/live\/2023\/06\/06\/manifestations-du-6-juin-en-direct-pour-laurent-berger-le-match-est-en-train-de-se-terminer_6176350_823448.html\"><strong>Mobilisation en direct&nbsp;: \u00abOn est l\u00e0 contre le 49.3,&nbsp;on a peur pour la d\u00e9mocratie, \u00e7a va au-del\u00e0 de la r\u00e9forme des retraites\u00bb<\/strong><\/a> (Le Monde, Live en clair)<\/p>\n\n\n\n<p><a href=\"https:\/\/www.huffingtonpost.fr\/politique\/video\/ppl-liot-sur-les-retraites-les-oppositions-denoncent-une-democratie-inexistante_218818.html\">\u00ab D\u00e9mocratie inexistante&nbsp;\u00bb&nbsp;: avant l\u2019examen de la PPL Liot, les oppositions mettent la pression sur Macron <\/a>(HuffPost)<\/p>\n\n\n\n<p><a href=\"https:\/\/www.revolutionpermanente.fr\/Pas-de-retraites-pas-de-JO-des-grevistes-de-la-CGT-RATP-envahissent-le-siege-des-JO-2024\">\u00ab&nbsp;Pas de retraites, pas de JO&nbsp;\u00bb&nbsp;: des gr\u00e9vistes de la CGT RATP envahissent le si\u00e8ge des JO 2024<\/a> (RP)<\/p>\n\n\n\n<p><a href=\"https:\/\/www.mediapart.fr\/journal\/economie-et-social\/050623\/face-la-reforme-des-retraites-les-syndicats-ne-veulent-pas-s-avouer-vaincus\">Face \u00e0 la r\u00e9forme des retraites, les syndicats ne veulent pas s\u2019avouer vaincus<\/a> (M\u00e9diapart)<\/p>\n\n\n\n<p><strong><a href=\"https:\/\/www.huffingtonpost.fr\/politique\/article\/manifestation-du-6-juin-pour-sophie-binet-quatorze-journees-de-mobilisation-c-est-exceptionnel_218767.html\">Sophie Binet&nbsp;: \u00ab&nbsp;Quatorze journ\u00e9es de mobilisation, c\u2019est exceptionnel&nbsp;\u00bb<\/a><\/strong> (HuffPost)<\/p>\n\n\n\n<p><a href=\"https:\/\/www.mediapart.fr\/journal\/france\/050623\/manifestations-lyon-mais-pourquoi-ca-brule\">Manifestations \u00e0 Lyon&nbsp;: mais pourquoi \u00e7a br\u00fble&nbsp;?<\/a> (M\u00e9diapart)<\/p>\n\n\n\n<p><a href=\"https:\/\/www.alternatives-economiques.fr\/departs-retraite-anticipee-devra-revenir-boulot\/00107173?utm_source=emailing&amp;utm_medium=email&amp;utm_content=05062023&amp;utm_campaign=quotidienne\">Revenir ou pas au boulot, le sort incertain des pr\u00e9retrait\u00e9s<\/a> (Alter \u00e9co)<\/p>\n\n\n\n<figure class=\"wp-block-image size-full\"><img data-recalc-dims=\"1\" loading=\"lazy\" decoding=\"async\" width=\"406\" height=\"350\" src=\"https:\/\/i0.wp.com\/www.rdpemancipation.org\/wp-content\/uploads\/2023\/06\/image-23.png?resize=406%2C350&#038;ssl=1\" alt=\"\" class=\"wp-image-115422\" srcset=\"https:\/\/i0.wp.com\/www.rdpemancipation.org\/wp-content\/uploads\/2023\/06\/image-23.png?w=406&amp;ssl=1 406w, https:\/\/i0.wp.com\/www.rdpemancipation.org\/wp-content\/uploads\/2023\/06\/image-23.png?resize=300%2C259&amp;ssl=1 300w\" sizes=\"auto, (max-width: 406px) 100vw, 406px\" \/><\/figure>\n\n\n\n<p><strong>\u00c9galement en France<\/strong><\/p>\n\n\n\n<p><a href=\"https:\/\/www.contretemps.eu\/nazis-rn-fascisme-extreme-droite-antifascisme\/\">Nazis dans la rue, RN \u00e0 l\u2019Assembl\u00e9e&nbsp;: c\u2019est toute l\u2019extr\u00eame droite qu\u2019il faut combattre<\/a> (Contretemps)<\/p>\n\n\n\n<p><a href=\"https:\/\/reporterre.net\/En-France-une-vague-d-arrestations-contre-le-mouvement-ecologiste-radical\" target=\"_blank\" rel=\"noreferrer noopener\">Une vague d&rsquo;arrestations contre le mouvement \u00e9cologiste radical<\/a>&nbsp;(Reporterre)<\/p>\n\n\n\n<p><a href=\"https:\/\/www.huffingtonpost.fr\/politique\/article\/immigration-edouard-philippe-remet-en-cause-l-accord-de-1968-avec-l-algerie_218789.html\">Quel est cet accord avec l\u2019Alg\u00e9rie sur l\u2019immigration que E. Philippe veut remettre en cause&nbsp;?<\/a> (HuffPost)<\/p>\n\n\n\n<p><a href=\"https:\/\/www.liberation.fr\/economie\/en-france-des-impots-au-rabais-pour-les-giga-riches-20230606_4FCZTEW6IJE7DI3H2CYDKYB5LE\/\">En France, les milliardaires sont moins tax\u00e9s que les millionnaires<\/a> (Lib\u00e9ration)<\/p>\n\n\n\n<p><a href=\"https:\/\/www.streetpress.com\/sujet\/1685464152-millionnaires-angevins-sponsors-extreme-droite-violente\" target=\"_blank\" rel=\"noreferrer noopener\">Ces millionnaires angevins sponsors de l\u2019extr\u00eame droite violente<\/a>&nbsp;(StreetPress)<\/p>\n\n\n\n<p><a href=\"https:\/\/lanticapitaliste.org\/actualite\/politique\/la-france-insoumise-un-courant-politique-aux-pieds-dargile-qui-domine-la-gauche\">La France insoumise, un courant politique aux pieds d\u2019argile qui domine la gauche<\/a> (L\u2019Anticapitaliste)<\/p>\n\n\n\n<p><a href=\"https:\/\/www.huffingtonpost.fr\/politique\/article\/jean-luc-melenchon-fait-tanguer-la-nupes-avec-cette-interview_218778.html\">Cette interview de Jean-Luc M\u00e9lenchon fait tanguer la Nupes<\/a> (HuffPost)<\/p>\n\n\n\n<p><a href=\"https:\/\/link.newsletter.franceculture.fr\/m\/ml\/7429\/804563\/ZLkCWcziZ0kwHqgxSVuqw29C5lXTLJmivm821gAfcU8=\/3qHzvPxM6rnQuWWBZ5I7FHE2FKfMPzSbQ8RstCcLuEQ=\/\" target=\"_blank\" rel=\"noreferrer noopener\">Ing\u00e9rences \u00e9trang\u00e8res&nbsp;: le monde politique fran\u00e7ais est-il sous influence&nbsp;?<\/a> (France Culture)<\/p>\n\n\n\n<p><a href=\"https:\/\/blogs.mediapart.fr\/les-invites-de-mediapart\/blog\/060623\/mayotte-l-etat-combat-la-mise-re-par-la-violence\">Mayotte : l\u2019Etat combat la mis\u00e8re par la violence<\/a>&nbsp;(Les invit\u00e9s de Mediapart)<\/p>\n\n\n\n<p><strong>Monde<\/strong><\/p>\n\n\n\n<p><strong><a href=\"https:\/\/lanticapitaliste.org\/actualite\/politique\/sur-le-developpement-des-luttes-des-classes-en-france\">Sur le d\u00e9veloppement des luttes des classes en France<\/a><a href=\"https:\/\/lanticapitaliste.org\/actualite\/politique\/le-6-juin-et-apres-la-lutte-contre-macron-et-son-monde-continue\"><\/a> (L\u2019Anticapitaliste)<\/strong><\/p>\n\n\n\n<p><a href=\"https:\/\/www.force-ouvriere.fr\/le-gouvernement-du-qatar-ne-merite-pas-de-presider-la-conference\" target=\"_blank\" rel=\"noreferrer noopener\">Le gouvernement du Qatar ne m\u00e9rite pas de pr\u00e9sider la conf\u00e9rence de l&rsquo;OIT<\/a>&nbsp;(Force Ouvri\u00e8re)<\/p>\n\n\n\n<p><a href=\"http:\/\/alencontre.org\/ameriques\/amelat\/chili\/chili-pour-recuperer-la-memoire-historique-v.html\">Chili. \u00abPour r\u00e9cup\u00e9rer la m\u00e9moire historique\u00bb (V)<\/a> (A l\u2019encontre)<\/p>\n\n\n\n<p><a href=\"https:\/\/www.hrw.org\/fr\/news\/2023\/06\/05\/senegal-violente-repression-de-lopposition-et-de-la-dissidence\" target=\"_blank\" rel=\"noreferrer noopener\">S\u00e9n\u00e9gal : Violente r\u00e9pression de l\u2019opposition et de la dissidence<\/a>&nbsp;(HRW)<\/p>\n\n\n\n<p><a href=\"https:\/\/www.hrw.org\/fr\/news\/2023\/06\/05\/vietnam-liberer-un-militant-anti-corruption-emprisonne\" target=\"_blank\" rel=\"noreferrer noopener\">Vietnam : Lib\u00e9rer un militant anti-corruption emprisonn\u00e9<\/a>&nbsp;(HRW)<\/p>\n\n\n\n<p><a href=\"http:\/\/alencontre.org\/europe\/espagne\/etat-espagnol-du-28m-au-23j-maree-droitiere-contre-progressisme-en-declin.html\">Etat espagnol. \u00abDu 28M au 23J. Mar\u00e9e droiti\u00e8re contre progressisme en d\u00e9clin\u00bb<\/a> (A l\u2019encontre)<\/p>\n\n\n\n<p><a href=\"https:\/\/lanticapitaliste.org\/actualite\/international\/grece-de-nombreuses-questions-apres-la-defaite-de-la-gauche\">Gr\u00e8ce : de nombreuses questions apr\u00e8s la d\u00e9faite de la gauche<\/a> (L\u2019Anticapitaliste)<\/p>\n\n\n\n<p><a href=\"http:\/\/alencontre.org\/ameriques\/amelat\/perou\/perou-les-manifestations-reprennent.html\">P\u00e9rou. Les manifestations reprennent<\/a> (A l\u2019encontre)<\/p>\n\n\n\n<p><strong>Analyse<\/strong><\/p>\n\n\n\n<p><a href=\"https:\/\/link.newsletter.franceculture.fr\/m\/ml\/7429\/804563\/ZLkCWcziZ0kwHqgxSVuqw29C5lXTLJmivm821gAfcU8=\/3qHzvPxM6rnQuWWBZ5I7FFyV14+D+hdFKoNsKv0tJjc=\/\" target=\"_blank\" rel=\"noreferrer noopener\">Dix ans apr\u00e8s Cl\u00e9ment M\u00e9ric, la menace de l&rsquo;ultra-droite<\/a> (France Culture)<\/p>\n\n\n\n<p><a href=\"https:\/\/rapportsdeforce.fr\/ici-et-maintenant\/clement-meric-lantifascisme-et-le-mouvement-social-notre-responsabilite-est-immense-060618358\" target=\"_blank\" rel=\"noreferrer noopener\">Cl\u00e9ment M\u00e9ric, l&rsquo;antifascisme et le mouvement social : \u00abnotre responsabilit\u00e9 est immense\u00bb&nbsp;<\/a> (Rapports de Force)<\/p>\n\n\n\n<p><a href=\"https:\/\/lanticapitaliste.org\/actualite\/politique\/pour-une-democratie-insurrectionnelle\">Pour une d\u00e9mocratie insurrectionnelle<\/a> (L\u2019Anticapitaliste)<\/p>\n\n\n\n<p><a href=\"https:\/\/www.alternatives-economiques.fr\/nicolas-da-silva\/conflit-moteur-de-transformation-institutions\/00107148\" target=\"_blank\" rel=\"noreferrer noopener\">Le conflit comme moteur de la transformation des institutions<\/a>&nbsp;(Alter \u00e9co)<\/p>\n\n\n\n<p><mark style=\"background-color:rgba(0, 0, 0, 0);color:#ee0505\" class=\"has-inline-color\"><strong>5 juin<\/strong><\/mark><\/p>\n\n\n\n<p><strong>La bataille des retraites<a><\/a><\/strong><\/p>\n\n\n\n<p><a href=\"https:\/\/www.humanite.fr\/social-eco\/mobilisations-retraites\/retraites-les-premiers-decrets-d-application-de-la-reforme-publies-797439#xtor=RSS-1\" target=\"_blank\" rel=\"noreferrer noopener\">Retraites. Les premiers d\u00e9crets d\u2019application de la r\u00e9forme publi\u00e9s<\/a>&nbsp;(L\u2019Humanit\u00e9)<\/p>\n\n\n\n<p><a href=\"https:\/\/www.humanite.fr\/en-debat\/reforme-des-retraites\/nous-demandons-l-abrogation-de-la-reforme-des-retraites-797387#xtor=RSS-1\" target=\"_blank\" rel=\"noreferrer noopener\">Nous demandons l\u2019abrogation de la r\u00e9forme des retraites<\/a>&nbsp;(L\u2019Humanit\u00e9)<\/p>\n\n\n\n<p><a href=\"https:\/\/www.lemediatv.fr\/emissions\/2023\/reforme-des-retraites-la-guerre-du-8-juin-aura-t-elle-lieu-X7WNv1p6S6CLlkmxEXtvzw\" target=\"_blank\" rel=\"noreferrer noopener\">R\u00e9forme des retraites : la guerre du 8 juin aura-t-elle lieu ?<\/a>&nbsp;(Le M\u00e9dia)<\/p>\n\n\n\n<p><a href=\"https:\/\/common.indigo-net.com\/lib\/cookie_log\/redirector.asp?mail=n.chevillard@noos.fr&amp;ID=544690&amp;DOCIID=109703480&amp;ENAIID=809060&amp;RETOUR=SIMPLE&amp;link=https:\/\/www.lalettrea.fr\/action-publique_parlement\/2023\/05\/31\/retraites--christophe-rossignol-l-homme-qui-chante-aux-oreilles-des-deputes-liot,109978978-art?cxt=PUB&amp;utm_source=LLA&amp;utm_medium=email&amp;utm_campaign=AUTO_EDIT_SOM\" target=\"_blank\" rel=\"noreferrer noopener\">Retraites : Christophe Rossignol, l&rsquo;homme qui chante aux oreilles des d\u00e9put\u00e9s LIOT<\/a> (La Lettre A)<\/p>\n\n\n\n<p><strong>\u00c9galement en France<\/strong><\/p>\n\n\n\n<p><a href=\"https:\/\/www.mediapart.fr\/journal\/france\/050623\/affaire-mckinsey-les-juges-enquetent-sur-le-recyclage-d-un-rapport-dans-le-programme-macron-2022\"><strong>Les juges enqu\u00eatent sur l\u2019influence de McKinsey sur le programme Macron 2022<\/strong><\/a> (M\u00e9diapart)<\/p>\n\n\n\n<p><a href=\"https:\/\/www.lemonde.fr\/societe\/article\/2023\/06\/01\/alexis-kohler-entre-msc-et-l-elysee-la-confusion-des-ambitions_6175652_3224.html\"><strong>Alexis Kohler&nbsp;: entre MSC et l\u2019Elys\u00e9e, la confusion des ambitions<\/strong><\/a> (Le Monde)<\/p>\n\n\n\n<p><a href=\"https:\/\/reporterre.net\/A-Saint-Denis-l-ecologie-enrichit-et-bouscule-la-gauche\" target=\"_blank\" rel=\"noreferrer noopener\">\u00c0 Saint-Denis, \u00ab&nbsp;l&rsquo;\u00e9cologie enrichit et bouscule la gauche&nbsp;\u00bb<\/a>&nbsp;(Reporterre)<\/p>\n\n\n\n<p><a href=\"https:\/\/orientxxi.info\/magazine\/france-contre-l-islamophobie-le-bouclier-religieux-des-familles-musulmanes-et,6491\" target=\"_blank\" rel=\"noreferrer noopener\">Contre l&rsquo;islamophobie, le \u00ab&nbsp;bouclier religieux&nbsp;\u00bb des familles musulmanes<\/a>&nbsp;(Orient XXI)<\/p>\n\n\n\n<p><a href=\"https:\/\/www.humanite.fr\/politique\/extreme-droite\/dix-ans-apres-la-mort-de-clement-meric-la-menace-fasciste-plane-797466#xtor=RSS-1\" target=\"_blank\" rel=\"noreferrer noopener\">Dix ans apr\u00e8s la mort de Cl\u00e9ment M\u00e9ric, la menace fasciste plane<\/a>&nbsp;(L\u2019Humanit\u00e9)<\/p>\n\n\n\n<p><a href=\"https:\/\/www.lemediatv.fr\/emissions\/2023\/emmanuel-macron-est-il-vraiment-sadique-bCAcqQD-TtK1JWr1_Jr_Jg\" target=\"_blank\" rel=\"noreferrer noopener\">Emmanuel Macron est-il vraiment sadique ?<\/a>&nbsp;(Le M\u00e9dia)<\/p>\n\n\n\n<p><a href=\"https:\/\/common.indigo-net.com\/lib\/cookie_log\/redirector.asp?mail=n.chevillard@noos.fr&amp;ID=544876&amp;DOCIID=109703480&amp;ENAIID=809238&amp;RETOUR=SIMPLE&amp;link=https:\/\/www.lalettrea.fr\/action-publique_elysee-matignon\/2023\/06\/02\/elisabeth-borne-et-gerald-darmanin-s-opposent-sur-l-espionnage-des-activistes-ecologistes,109979730-eve?cxt=PUB&amp;utm_source=LLA&amp;utm_medium=email&amp;utm_campaign=AUTO_EDIT_SOM\" target=\"_blank\" rel=\"noreferrer noopener\">Borne et Darmanin s&rsquo;opposent sur l&rsquo;espionnage des activistes \u00e9cologistes<\/a> (La Lettre A)<\/p>\n\n\n\n<p><a href=\"https:\/\/www.mediapart.fr\/journal\/politique\/040623\/montpellier-la-gauche-sociale-democrate-et-anti-nupes-croit-son-retour\" target=\"_blank\" rel=\"noreferrer noopener\">\u00c0 Montpellier, la gauche sociale-d\u00e9mocrate et anti-Nupes croit \u00e0 son retour<\/a>&nbsp;(M\u00e9diapart)<\/p>\n\n\n\n<p><a href=\"https:\/\/www.blast-info.fr\/articles\/2023\/info-blast-gerard-larcher-tete-de-gondole-pour-matignon-sryFDvSHREWwWFzSCuVYAg\" target=\"_blank\" rel=\"noreferrer noopener\">G\u00e9rard Larcher, t\u00eate de gondole pour Matignon<\/a>&nbsp;(Blast)<\/p>\n\n\n\n<p><a href=\"https:\/\/www.humanite.fr\/politique\/olivier-dussopt\/le-ministre-olivier-dussopt-sera-juge-l-automne-pour-delit-de-favoritisme-797371#xtor=RSS-1\" target=\"_blank\" rel=\"noreferrer noopener\">Le ministre Olivier Dussopt sera jug\u00e9 \u00e0 l\u2019automne pour d\u00e9lit de favoritisme<\/a>&nbsp;(L\u2019Humanit\u00e9)<\/p>\n\n\n\n<p><strong>Monde<\/strong><\/p>\n\n\n\n<p><strong><a href=\"https:\/\/www.contretemps.eu\/muerte-cruzada-equateur-crises-neoliberalisme-autoritaire\/\" target=\"_blank\" rel=\"noreferrer noopener\">La \u00abmuerte cruzada\u00bb en Equateur : vers une nouvelle phase du n\u00e9olib\u00e9ralisme autoritaire ?<\/a>&nbsp;<\/strong> (Contretemps)<\/p>\n\n\n\n<p><a href=\"https:\/\/reporterre.net\/Reparer-les-ecosysteme-La-droite-europeenne-dit-non\" target=\"_blank\" rel=\"noreferrer noopener\">R\u00e9parer les \u00e9cosyst\u00e8mes&nbsp;? La droite europ\u00e9enne dit non<\/a>&nbsp;(Reporterre)<\/p>\n\n\n\n<p><a href=\"https:\/\/www.equaltimes.org\/l-intendance-autochtone-de-la\" target=\"_blank\" rel=\"noreferrer noopener\">L&rsquo;intendance autochtone de la terre favorise la r\u00e9conciliation et ouvre une nouvelle \u00e8re au Canada<\/a>&nbsp;(Equal Times)<\/p>\n\n\n\n<p><a href=\"https:\/\/www.revue-ballast.fr\/tiananmen-1989-promesses-et-limites-dun-mouvement-democratique\/\" target=\"_blank\" rel=\"noreferrer noopener\">Tian\u2019anmen, 1989 : promesses et limites d\u2019un mouvement d\u00e9mocratique<\/a>&nbsp;(Ballast)<\/p>\n\n\n\n<p><a href=\"https:\/\/www.mediapart.fr\/journal\/international\/040623\/1967-1989-2019-les-memoires-enfouies-de-hong-kong\" target=\"_blank\" rel=\"noreferrer noopener\">1967, 1989, 2019&#8230; Les m\u00e9moires enfouies de Hong Kong<\/a>&nbsp;(M\u00e9diapart)<\/p>\n\n\n\n<p><a href=\"https:\/\/www.revue-ballast.fr\/marisa-revolutionnaire-italienne-on-avait-des-reves-on-savait-ou-on-voulait-aller\/\" target=\"_blank\" rel=\"noreferrer noopener\">Marisa, r\u00e9volutionnaire italienne : \u00abOn avait des r\u00eaves, on savait o\u00f9 on voulait aller\u00bb<\/a>&nbsp;(Ballast)<\/p>\n\n\n\n<p><strong>Analyse<\/strong><\/p>\n\n\n\n<p><a href=\"https:\/\/www.alternatives-economiques.fr\/loire-bientot-de-droit\/00107145\" target=\"_blank\" rel=\"noreferrer noopener\">La Loire, bient\u00f4t sujet de droit&nbsp;?<\/a>&nbsp; (Alter \u00e9co)<\/p>\n\n\n\n<p><strong><a href=\"https:\/\/www.alterpresse68.info\/2023\/06\/04\/la-malfacon-constitutionnelle-francaise-lexemple-de-larticle-16\/?utm_source=rss&amp;utm_medium=rss&amp;utm_campaign=la-malfacon-constitutionnelle-francaise-lexemple-de-larticle-16\" target=\"_blank\" rel=\"noreferrer noopener\">La malfa\u00e7on constitutionnelle fran\u00e7aise : l\u2019exemple de l\u2019article 16<\/a>&nbsp;<\/strong>(L\u2019Alterpresse68)<\/p>\n\n\n\n<p><a href=\"https:\/\/www.mediapart.fr\/journal\/politique\/040623\/1973-les-premiers-craquements-de-la-cinquieme-republique\" target=\"_blank\" rel=\"noreferrer noopener\">1973 : les premiers craquements de la Cinqui\u00e8me R\u00e9publique<\/a>&nbsp;(M\u00e9diapart)<\/p>\n\n\n\n<p><a href=\"https:\/\/www.alterpresse68.info\/2023\/06\/03\/la-resistance-alsacienne-au-fascisme-1943-annee-sanglante\/?utm_source=rss&amp;utm_medium=rss&amp;utm_campaign=la-resistance-alsacienne-au-fascisme-1943-annee-sanglante\" target=\"_blank\" rel=\"noreferrer noopener\">La r\u00e9sistance alsacienne au fascisme : 1943, ann\u00e9e sanglante<\/a>&nbsp;(L\u2019Alterpresse68)<\/p>\n\n\n\n<p><a href=\"https:\/\/lvsl.fr\/nous-voulons-depasser-l-etat-nation-entretien-avec-marine-tondelier\/\" target=\"_blank\" rel=\"noreferrer noopener\">Marine Tondelier : \u00ab Nous voulons d\u00e9passer l\u2019\u00c9tat-nation \u00bb<\/a>&nbsp;(Le Vent Se L\u00e8ve)<\/p>\n\n\n\n<p><a href=\"https:\/\/histoirecoloniale.net\/Le-syst\u00eame%20colonial%20comme%20matrice%20de%20l\u2019extr\u00eame%20droite...\">Le syst\u00e8me colonial comme matrice de l\u2019extr\u00eame droite<\/a> (histoirecoloniale.net)<\/p>\n\n\n\n<p><mark style=\"background-color:rgba(0, 0, 0, 0);color:#ee0505\" class=\"has-inline-color\"><strong>3 juin<\/strong><\/mark><\/p>\n\n\n\n<p><strong>France<\/strong><\/p>\n\n\n\n<figure class=\"wp-block-image size-large is-resized\"><img data-recalc-dims=\"1\" loading=\"lazy\" decoding=\"async\" src=\"https:\/\/i0.wp.com\/www.rdpemancipation.org\/wp-content\/uploads\/2023\/06\/image-21.png?resize=470%2C264&#038;ssl=1\" alt=\"\" class=\"wp-image-115345\" width=\"470\" height=\"264\" srcset=\"https:\/\/i0.wp.com\/www.rdpemancipation.org\/wp-content\/uploads\/2023\/06\/image-21.png?resize=1024%2C576&amp;ssl=1 1024w, https:\/\/i0.wp.com\/www.rdpemancipation.org\/wp-content\/uploads\/2023\/06\/image-21.png?resize=300%2C169&amp;ssl=1 300w, https:\/\/i0.wp.com\/www.rdpemancipation.org\/wp-content\/uploads\/2023\/06\/image-21.png?resize=768%2C432&amp;ssl=1 768w, https:\/\/i0.wp.com\/www.rdpemancipation.org\/wp-content\/uploads\/2023\/06\/image-21.png?resize=1536%2C864&amp;ssl=1 1536w, https:\/\/i0.wp.com\/www.rdpemancipation.org\/wp-content\/uploads\/2023\/06\/image-21.png?w=1920&amp;ssl=1 1920w\" sizes=\"auto, (max-width: 470px) 100vw, 470px\" \/><\/figure>\n\n\n\n<p><a href=\"https:\/\/institutlaboetie.fr\/chaire-michael-lowy-1\/\">Qu\u2019est-ce que l\u2019\u00e9cosocialisme ?<\/a> (ILB,&nbsp; (Michael L\u00f6wy)<\/p>\n\n\n\n<p><a href=\"https:\/\/www.terrestres.org\/2023\/05\/16\/ecofascisme-notion-eclairante-ou-piege-ideologique\/\">\u00c9cofascisme : notion \u00e9clairante ou pi\u00e8ge id\u00e9ologique ?<\/a>&nbsp;(Terrestres)<\/p>\n\n\n\n<p><a href=\"https:\/\/confpeps.org\/notre-constituante-la-seconde-commune-ecologique-sociale\/\">Notre Constituante : la seconde Commune \u00e9cologique &amp; sociale<\/a> (PEPS)<\/p>\n\n\n\n<p><a href=\"https:\/\/www.youtube.com\/watch?v=s_Tl09zUg4U\">Barbara Stiegler et le populisme<\/a> (Cnews, F.Tadd\u00ebi)<\/p>\n\n\n\n<p><a href=\"https:\/\/www.francetvinfo.fr\/politique\/affaire\/uber-files\/uber-files-moins-de-1-de-lobbyistes-controles-malgre-une-loi-sur-la-transparence_5847035.html\">Uber Files&nbsp;: moins de 1&nbsp;% de lobbyistes contr\u00f4l\u00e9s malgr\u00e9 une loi sur la transparence<\/a>&nbsp;(francetvinfo.fr)<\/p>\n\n\n\n<p><strong>Monde<\/strong><\/p>\n\n\n\n<p><a href=\"https:\/\/www.boursorama.com\/actualite-economique\/actualites\/la-russie-fait-etat-de-frappes-ukrainiennes-a-sa-frontiere-4-morts-83763fa95805f5d68493823b1673669d\">La Russie fait \u00e9tat de frappes ukrainiennes \u00e0 sa fronti\u00e8re, 4 morts<\/a> (Reuters)<\/p>\n\n\n\n<p><mark style=\"background-color:rgba(0, 0, 0, 0);color:#ee0505\" class=\"has-inline-color\"><strong>1er juin<\/strong><\/mark><\/p>\n\n\n\n<p><strong>La bataille des retraites<\/strong><\/p>\n\n\n\n<p><strong><a href=\"https:\/\/www.huffingtonpost.fr\/politique\/video\/la-ppl-liot-contre-la-reforme-des-retraites-finalement-adoptee-a-l-assemblee-apres-une-folle-journee_218559.html\">Quand la Macronie doit finalement voter pour la PPL Liot, r\u00e9cit d\u2019une folle journ\u00e9e \u00e0 l\u2019Assembl\u00e9e<\/a><\/strong> (HuffPost)<\/p>\n\n\n\n<p><a><\/a><a href=\"https:\/\/www.huffingtonpost.fr\/politique\/article\/la-ppl-liot-contre-la-reforme-des-retraites-coute-t-elle-vraiment-15-milliards-d-euros_218544.html\">D\u2019o\u00f9 sort le chiffre de \u00ab&nbsp;15 milliards&nbsp;\u00bb brandi par la majorit\u00e9 contre la PPL LIOT&nbsp;?<\/a> (HuffPost)<\/p>\n\n\n\n<p><strong><a href=\"https:\/\/www.arretsurimages.net\/articles\/retraites-la-presse-menacee-dexpulsion-par-la-force-a-lassemblee\" target=\"_blank\" rel=\"noreferrer noopener\">Retraites : la presse menac\u00e9e d&rsquo;expulsion \u00ab\u00a0par la force\u00a0\u00bb \u00e0 l&rsquo;Assembl\u00e9e <\/a><\/strong>&nbsp;(Arr\u00eat sur images)<\/p>\n\n\n\n<p><a href=\"https:\/\/www.mediapart.fr\/journal\/france\/310523\/l-assemblee-la-majorite-torpille-la-proposition-de-loi-abrogeant-la-reforme-des-retraites\" target=\"_blank\" rel=\"noreferrer noopener\">\u00c0 l\u2019Assembl\u00e9e, la majorit\u00e9 torpille la proposition de loi abrogeant la r\u00e9forme des retraites<\/a>&nbsp;(M\u00e9diapart)<\/p>\n\n\n\n<figure class=\"wp-block-image size-full is-resized\"><img data-recalc-dims=\"1\" loading=\"lazy\" decoding=\"async\" src=\"https:\/\/i0.wp.com\/www.rdpemancipation.org\/wp-content\/uploads\/2023\/06\/image-1.png?resize=336%2C321&#038;ssl=1\" alt=\"\" class=\"wp-image-115083\" width=\"336\" height=\"321\"\/><\/figure>\n\n\n\n<p><strong>\u00c9galement en France<\/strong><\/p>\n\n\n\n<p><a href=\"https:\/\/www.liberation.fr\/politique\/universite-libe-a-la-sorbonne-parmi-les-leaders-de-la-nupes-la-table-gronde-20230531_4KZFNN42I5H7RF2M5NVLFFLKPE\/\">Universit\u00e9 Lib\u00e9 \u00e0 la Sorbonne : entre les leaders de la Nupes, la&nbsp;table gronde<\/a> (Lib\u00e9ration)<a href=\"https:\/\/www.huffingtonpost.fr\/politique\/article\/emmanuel-macron-a-promis-l-apaisement-mais-8-francais-sur-10-ne-le-voient-pas-sondage-exclusif_218565.html\"><\/a><\/p>\n\n\n\n<p><a href=\"https:\/\/www.huffingtonpost.fr\/politique\/article\/emmanuel-macron-a-promis-l-apaisement-mais-8-francais-sur-10-ne-le-voient-pas-sondage-exclusif_218565.html\">EXCLUSIF &#8211; 8&nbsp;Fran\u00e7ais sur 10&nbsp;ne voient pas l\u2019apaisement promis par Macron<\/a> (HuffPost)<\/p>\n\n\n\n<p><a href=\"https:\/\/www.mediapart.fr\/journal\/france\/310523\/fonds-marianne-les-responsables-associatifs-accablent-schiappa-et-le-prefet-gravel\">Fonds Marianne : les responsables associatifs accablent Schiappa et le pr\u00e9fet Gravel<\/a> (M\u00e9diapart)<\/p>\n\n\n\n<p><strong>Monde<\/strong><\/p>\n\n\n\n<p><a href=\"https:\/\/www.liberation.fr\/sports\/tennis\/beaucoup-de-gens-ne-sont-pas-daccord-mais-moi-cest-ce-que-je-pense-novak-djokovic-campe-en-fond-de-court-sur-le-kosovo-20230601_DH2K23ARIFHVJOB26B6GI5NMJY\/\">Tensions Serbie-Kosovo : Djokovic campe en fond de court<\/a> (Lib\u00e9ration)<\/p>\n\n\n\n<p><a href=\"https:\/\/alencontre.org\/ameriques\/amelat\/chili\/chili-pour-recuperer-la-memoire-historique-i.html\">Chili. \u00abPour r\u00e9cup\u00e9rer la m\u00e9moire historique\u00bb (I) <\/a>&nbsp;(A l\u2019encontre)<\/p>\n\n\n\n<p><a href=\"https:\/\/alencontre.org\/moyenorient\/egypte\/bachar-al-assad-au-sommet-de-la-ligue-arabe-anatomie-dun-crime.html\">Bachar Al-Assad au Sommet de la Ligue arabe: \u00abanatomie d\u2019un crime\u00bb <\/a>&nbsp;(A l\u2019encontre)<\/p>\n\n\n\n<p><a href=\"https:\/\/www.hrw.org\/fr\/news\/2023\/06\/01\/ethiopie-le-nettoyage-ethnique-perdure-au-tigre-apres-la-treve\" target=\"_blank\" rel=\"noreferrer noopener\">\u00c9thiopie : Le nettoyage ethnique perdure au Tigr\u00e9 apr\u00e8s la tr\u00eave<\/a> (Human Rights Watch)<\/p>\n\n\n\n<p><strong>Analyse<\/strong><\/p>\n\n\n\n<p><a href=\"https:\/\/www.contretemps.eu\/clara-zetkin-fascisme-antifascisme-communisme-internationale\/\">Clara Zetkin et la lutte contre le fascisme<\/a> (Contretemps)<\/p>\n\n\n\n<p><a href=\"https:\/\/alencontre.org\/economie\/le-mepris-de-classe-pour-ceux-qui-ne-valent-rien-le-dernier-livre-de-michel-husson.html\">Le m\u00e9pris de classe pour ceux qui ne valent rien: le dernier livre de Michel Husson <\/a>&nbsp;(A l\u2019encontre)<\/p>\n\n\n\n<p><a href=\"https:\/\/lvsl.fr\/1871-Les%20tendances%20de%20la%20r\u00e9volution%20communaliste%20entre%20Blanqui,%20Proudhon%20et%20Marx\">Les tendances de la r\u00e9volution communaliste entre Blanqui, Proudhon et Marx<\/a> (LVSL)<\/p>\n\n\n\n<p><a href=\"https:\/\/lvsl.fr\/colere-plebeienne-contre-lecologie-des-classes-superieures-le-cas-hollandais\/?utm_source=sendinblue&amp;utm_campaign=Newsletter_Derniers_Articles&amp;utm_medium=email\">Col\u00e8re pl\u00e9b\u00e9ienne contre l\u2019\u00e9cologie des classes sup\u00e9rieures&nbsp;: le cas hollandais&nbsp;?<\/a> (LVSL)<\/p>\n\n\n\n<p><\/p>\n\n\n\n<p><\/p>\n\n\n\n<p><\/p>\n","protected":false},"excerpt":{"rendered":"<p>Cliquer ici pour voir notre dossier sur la bataille des retraites, mis \u00e0 jour quotidiennement. 30 juin La bataille des retraites Retraites : la CSI accuse la France de brutalit\u00e9s polici\u00e8res et d&rsquo;arrestations aveugles (France Info) \u00c9galement en France La France doit\u00a0s\u2019attaquer aux profonds probl\u00e8mes de racisme dans la police, selon instance de l\u2019ONU (HuffPost) &#8230; <a title=\"Juin &#8211; Politique\" class=\"read-more\" href=\"https:\/\/www.rdpemancipation.org\/?p=115066\" aria-label=\"En savoir plus sur Juin &#8211; Politique\">Lire la suite<\/a><\/p>\n","protected":false},"author":1,"featured_media":0,"comment_status":"closed","ping_status":"closed","sticky":false,"template":"","format":"standard","meta":{"_lmt_disableupdate":"","_lmt_disable":"","_jetpack_memberships_contains_paid_content":false,"footnotes":""},"categories":[6],"tags":[],"class_list":["post-115066","post","type-post","status-publish","format-standard","hentry","category-politique"],"modified_by":"nch","jetpack_featured_media_url":"","jetpack_sharing_enabled":true,"_links":{"self":[{"href":"https:\/\/www.rdpemancipation.org\/index.php?rest_route=\/wp\/v2\/posts\/115066","targetHints":{"allow":["GET"]}}],"collection":[{"href":"https:\/\/www.rdpemancipation.org\/index.php?rest_route=\/wp\/v2\/posts"}],"about":[{"href":"https:\/\/www.rdpemancipation.org\/index.php?rest_route=\/wp\/v2\/types\/post"}],"author":[{"embeddable":true,"href":"https:\/\/www.rdpemancipation.org\/index.php?rest_route=\/wp\/v2\/users\/1"}],"replies":[{"embeddable":true,"href":"https:\/\/www.rdpemancipation.org\/index.php?rest_route=%2Fwp%2Fv2%2Fcomments&post=115066"}],"version-history":[{"count":77,"href":"https:\/\/www.rdpemancipation.org\/index.php?rest_route=\/wp\/v2\/posts\/115066\/revisions"}],"predecessor-version":[{"id":116479,"href":"https:\/\/www.rdpemancipation.org\/index.php?rest_route=\/wp\/v2\/posts\/115066\/revisions\/116479"}],"wp:attachment":[{"href":"https:\/\/www.rdpemancipation.org\/index.php?rest_route=%2Fwp%2Fv2%2Fmedia&parent=115066"}],"wp:term":[{"taxonomy":"category","embeddable":true,"href":"https:\/\/www.rdpemancipation.org\/index.php?rest_route=%2Fwp%2Fv2%2Fcategories&post=115066"},{"taxonomy":"post_tag","embeddable":true,"href":"https:\/\/www.rdpemancipation.org\/index.php?rest_route=%2Fwp%2Fv2%2Ftags&post=115066"}],"curies":[{"name":"wp","href":"https:\/\/api.w.org\/{rel}","templated":true}]}}