{"id":115064,"date":"2023-06-01T08:47:22","date_gmt":"2023-06-01T06:47:22","guid":{"rendered":"https:\/\/www.rdpemancipation.org\/?p=115064"},"modified":"2023-06-29T22:30:01","modified_gmt":"2023-06-29T20:30:01","slug":"juin-economie-3","status":"publish","type":"post","link":"https:\/\/www.rdpemancipation.org\/?p=115064","title":{"rendered":"Juin &#8211; \u00c9conomie"},"content":{"rendered":"\n<p><a href=\"https:\/\/www.rdpemancipation.org\/?p=115663\" title=\"\"><strong><mark style=\"background-color:rgba(0, 0, 0, 0);color:#078827\" class=\"has-inline-color\">Cliquer ici pour voir notre dossier sur la bataille des retraites, mis \u00e0 jour quotidiennement.<\/mark><\/strong><\/a><\/p>\n\n\n\n<p><mark style=\"background-color:rgba(0, 0, 0, 0);color:#ee0505\" class=\"has-inline-color\"><strong>29 juin<\/strong><\/mark><\/p>\n\n\n\n<p><strong>France<a><\/a><\/strong><\/p>\n\n\n\n<p><a href=\"https:\/\/multinationales.org\/fr\/enquetes\/les-portes-tournantes\/\" target=\"_blank\" rel=\"noreferrer noopener\"><strong>Les portes tournantes<\/strong>&nbsp;<\/a> (Observatoire des multinationales)<\/p>\n\n\n\n<p><a href=\"https:\/\/multinationales.org\/fr\/enquetes\/les-portes-tournantes\/societes-de-conseil-le-tres-discret-business-des-anciens-ministres-d-emmanuel\" target=\"_blank\" rel=\"noreferrer noopener\"><strong>Soci\u00e9t\u00e9s de \u00abconseil\u00bb : le tr\u00e8s discret business des anciens ministres d&rsquo;Emmanuel Macron<\/strong><\/a><a> -Olivier Petitjean <\/a>(OdM)<\/p>\n\n\n\n<p><a href=\"https:\/\/www.greenpeace.fr\/M\u00e9thanier%20du%20Havre&nbsp;:%20symbole%20d\u2019une%20politique%20absurde%20et%20mensong\u00e8re\">M\u00e9thanier du Havre&nbsp;: symbole d\u2019une politique absurde et mensong\u00e8re<\/a> (Greenpeace)<\/p>\n\n\n\n<p><a href=\"https:\/\/www.connaissancedesenergies.org\/afp\/nouveau-nucleaire-edf-depose-les-demandes-dautorisations-pour-les-futurs-epr-de-penly-230629\">Nouveau nucl\u00e9aire : EDF d\u00e9pose les demandes d&rsquo;autorisations pour les futurs EPR de Penly<\/a> (AFP)<\/p>\n\n\n\n<p><a href=\"https:\/\/www.connaissancedesenergies.org\/afp\/nucleaire-edf-face-au-defi-dadapter-ses-centrales-au-changement-climatique-230629\">Nucl\u00e9aire : EDF face au d\u00e9fi d&rsquo;adapter ses centrales au changement climatique<\/a> (AFP)<\/p>\n\n\n\n<p><a href=\"https:\/\/www.connaissancedesenergies.org\/afp\/emmanuel-macron-envisage-linstallation-de-reacteurs-nucleaires-epr-sur-le-bassin-de-marseille-fos-230628\">Macron envisage l&rsquo;installation de r\u00e9acteurs nucl\u00e9aires EPR sur le bassin de Marseille-Fos<\/a> (AFP)<\/p>\n\n\n\n<p><a href=\"https:\/\/common.indigo-net.com\/lib\/cookie_log\/redirector.asp?mail=n.chevillard@noos.fr&amp;ID=547019&amp;DOCIID=109703480&amp;ENAIID=821303&amp;RETOUR=SIMPLE&amp;link=https:\/\/www.lalettrea.fr\/entreprises_grande-distribution-et-services\/2023\/06\/29\/casino--les-creanciers-s-appretent-a-prendre-le-bouillon,109998527-eve?utm_source=LLA&amp;utm_medium=email&amp;utm_campaign=PROS_EDIT_ART\" target=\"_blank\" rel=\"noreferrer noopener\">Casino : les cr\u00e9anciers s&rsquo;appr\u00eatent \u00e0 prendre le bouillon<\/a> (La lettre A)<\/p>\n\n\n\n<p><a href=\"https:\/\/www.force-ouvriere.fr\/fo-denonce-la-faible-revalorisation-de-l-indemnisation-chomage\" target=\"_blank\" rel=\"noreferrer noopener\">FO d\u00e9nonce la faible revalorisation de l&rsquo;indemnisation ch\u00f4mage&nbsp;!<\/a>&nbsp; (Force Ouvri\u00e8re)<\/p>\n\n\n\n<p><a href=\"https:\/\/redirection.b2b.infopro-digital.com\/lnk\/AWoAAB5F7CwAAcXE_G4AAHnKuI0AAABZQUUAANzvAAwsSQBknHHG1DTX7BXQRYSkJz5FOWQKEQAMCy8\/23\/LYX-ooo4sBmruuwa3g7tww\/aHR0cHM6Ly93d3cudXNpbmVub3V2ZWxsZS5jb20vYXJ0aWNsZS9sZS1wbGFzdHVyZ2lzdGUta25hdWYtaW5kdXN0cmllcy1wcmV0LWEtZmVybWVyLXF1YXRyZS1kZS1zZXMtc2l0ZXMtZW4tZnJhbmNlLk4yMTQ3NjkyI3h0b3I9RVBSLTE2OQ#xtor=EPR-169\" target=\"_blank\" rel=\"noreferrer noopener\">Le plasturgiste Knauf Industries pr\u00eat \u00e0 fermer quatre sites en France<\/a> (Usine Nouvelle)<\/p>\n\n\n\n<p><strong>Monde<a><\/a><\/strong><\/p>\n\n\n\n<p><a href=\"https:\/\/www.alternatives-economiques.fr\/retour-programme-de-lausterite-europe-3-autres-infographies-a-ne-p\/00107447\" target=\"_blank\" rel=\"noreferrer noopener\">Le retour programm\u00e9 de l&rsquo;aust\u00e9rit\u00e9 en Europe et 3 autres infographies \u00e0 ne pas rater<\/a> (Alter \u00e9co)<\/p>\n\n\n\n<p><a href=\"https:\/\/www.cadtm.org\/Ajay-Banga-la-Banque-mondiale-et-the-India-story\" target=\"_blank\" rel=\"noreferrer noopener\">Ajay Banga, la Banque mondiale et the India story&#8230;<\/a> (CADTM)<\/p>\n\n\n\n<p><a href=\"https:\/\/www.fidh.org\/fr\/plaidoyer-international\/union-europeenne\/l-union-europeenne-doit-s-opposer-a-la-conditionnalite-migratoire\" target=\"_blank\" rel=\"noreferrer noopener\">L&rsquo;UE doit s&rsquo;opposer \u00e0 la conditionnalit\u00e9 migratoire dans le Syst\u00e8me des pr\u00e9f\u00e9rences g\u00e9n\u00e9ralis\u00e9es<\/a>&nbsp; (FIDH)<\/p>\n\n\n\n<p><a href=\"https:\/\/adherez.attac.org\/civicrm\/mailing\/url?u=25671&amp;qid=25202503\" target=\"_blank\" rel=\"noreferrer noopener\">La politique des mod\u00e8les de croissance et le populisme en Europe centrale et orientale<\/a> (Les Possibles)<\/p>\n\n\n\n<p><strong>Analyse<\/strong><\/p>\n\n\n\n<p><a href=\"https:\/\/www.cadtm.org\/Le-desastre-de-la-dette-qui-vient\" target=\"_blank\" rel=\"noreferrer noopener\">Le d\u00e9sastre de la dette qui vient<\/a> (CADTM)<\/p>\n\n\n\n<p><a href=\"https:\/\/www.ritimo.org\/Dettes-coloniales-et-reparations\" target=\"_blank\" rel=\"noreferrer noopener\">Dettes coloniales et r\u00e9parations<\/a> (Ritimo)<\/p>\n\n\n\n<p><a href=\"https:\/\/adherez.attac.org\/civicrm\/mailing\/url?u=25669&amp;qid=25202503\" target=\"_blank\" rel=\"noreferrer noopener\">Dettes&nbsp;: des \u00c9tats \u00abotages\u00bb de la notation financi\u00e8re. Changeons&nbsp;de paradigme&nbsp;!<\/a> (Les Possibles)<\/p>\n\n\n\n<p><a href=\"https:\/\/adherez.attac.org\/civicrm\/mailing\/url?u=25670&amp;qid=25202503\" target=\"_blank\" rel=\"noreferrer noopener\">L\u2019interventionnisme n\u00e9cessaire au capitalisme n\u00e9olib\u00e9ral d\u00e9clinant<\/a> (Les Possibles)<\/p>\n\n\n\n<p><a href=\"https:\/\/www.connaissancedesenergies.org\/precarite-energetique-dete-la-fondation-abbe-pierre-alerte-sur-les-bouilloires-energetiques-230626\">Pr\u00e9carit\u00e9 \u00e9nerg\u00e9tique d&rsquo;\u00e9t\u00e9 : la Fondation Abb\u00e9 Pierre alerte sur les \u00abbouilloires \u00e9nerg\u00e9tiques\u00bb<\/a> (Connaissance des \u00e9nergies)&nbsp;<\/p>\n\n\n\n<p><mark style=\"background-color:rgba(0, 0, 0, 0);color:#ee0505\" class=\"has-inline-color\"><strong>27 juin<\/strong><\/mark><\/p>\n\n\n\n<p><strong>France<\/strong><\/p>\n\n\n\n<p><a href=\"https:\/\/common.indigo-net.com\/lib\/cookie_log\/redirector.asp?mail=n.chevillard@noos.fr&amp;ID=546706&amp;DOCIID=109703480&amp;ENAIID=821000&amp;RETOUR=SIMPLE&amp;link=https:\/\/www.lalettrea.fr\/action-publique_operateurs-de-l-etat\/2023\/06\/26\/le-trou-financier-a-42-millions-d-euros-de-la-caisse-des-francais-de-l-etranger,109997442-art?cxt=PUB&amp;utm_source=LLA&amp;utm_medium=email&amp;utm_campaign=AUTO_EDIT_SOM\" target=\"_blank\" rel=\"noreferrer noopener\">Le trou financier \u00e0 42 millions \u20ac de la caisse des Fran\u00e7ais de l&rsquo;\u00e9tranger<\/a> (La Lettre A)<\/p>\n\n\n\n<p><a href=\"https:\/\/www.huffingtonpost.fr\/politique\/article\/l-inflation-causee-par-les-benefices-des-entreprises-ce-tweet-du-fmi-fait-le-bonheur-de-la-nupes_219817.html\">Ce tweet du FMI sur l\u2019inflation fait le bonheur de la NUPES<\/a> (HuffPost)<\/p>\n\n\n\n<p><a href=\"https:\/\/www.politis.fr\/articles\/2023\/06\/contre-total-des-ougandais-saisissent-la-justice-francaise\/\" target=\"_blank\" rel=\"noreferrer noopener\">Contre Total, des Ougandais saisissent la justice fran\u00e7aise<\/a>&nbsp;(Politis)<\/p>\n\n\n\n<p><a href=\"https:\/\/vert.eco\/articles\/proces-eacop-totalenergies-rappele-au-tribunal-pour-son-mega-projet-petrolier\" target=\"_blank\" rel=\"noreferrer noopener\">Proc\u00e8s Eacop : TotalEnergies rappel\u00e9 au tribunal pour son m\u00e9ga-projet p\u00e9trolier<\/a>&nbsp;(vert.eco)<\/p>\n\n\n\n<p><a href=\"https:\/\/www.politis.fr\/articles\/2023\/06\/censure-totale-face-aux-procedures-baillons-on-ne-se-taira-pas\/\" target=\"_blank\" rel=\"noreferrer noopener\">Censure Total(e) : face aux proc\u00e9dures-b\u00e2illons, on ne se taira pas !<\/a> (Politis)<\/p>\n\n\n\n<p><a href=\"https:\/\/www.alternatives-economiques.fr\/rachel-silvera\/vertbaudet-lutte-feministe-paie\/00107314\" target=\"_blank\" rel=\"noreferrer noopener\">Vertbaudet : la lutte f\u00e9ministe paie !<\/a>&nbsp;(Alter \u00e9co)<\/p>\n\n\n\n<p><a href=\"https:\/\/www.politis.fr\/articles\/2023\/06\/megabassines-le-prefet-met-une-etude-sous-le-tapis\/\" target=\"_blank\" rel=\"noreferrer noopener\">M\u00e9gabassines : le pr\u00e9fet met une \u00e9tude sous le tapis<\/a> (Politis)<\/p>\n\n\n\n<p><a href=\"https:\/\/www.streetpress.com\/sujet\/1687789862-leclerc-fnac-biocoop-commerces-videosurveillance-intelligence-artificielle-illegal\" target=\"_blank\" rel=\"noreferrer noopener\">Leclerc, Fnac, Biocoop et de nombreux commerces surveillent ill\u00e9galement leurs clients<\/a>\u00a0(StreetPress)<\/p>\n\n\n\n<p><a href=\"https:\/\/www.mediacites.fr\/entreprise\/toulouse\/2023\/06\/26\/menacee-railcoop-tente-un-dernier-coup-de-des\/\" target=\"_blank\" rel=\"noreferrer noopener\">Menac\u00e9e, Railcoop tente un dernier coup de d\u00e9s<\/a> (Mediacit\u00e9s)<\/p>\n\n\n\n<figure class=\"wp-block-image size-full is-resized\"><img data-recalc-dims=\"1\" loading=\"lazy\" decoding=\"async\" src=\"https:\/\/i0.wp.com\/www.rdpemancipation.org\/wp-content\/uploads\/2023\/06\/image-80.png?resize=472%2C321&#038;ssl=1\" alt=\"\" class=\"wp-image-116367\" width=\"472\" height=\"321\" srcset=\"https:\/\/i0.wp.com\/www.rdpemancipation.org\/wp-content\/uploads\/2023\/06\/image-80.png?w=640&amp;ssl=1 640w, https:\/\/i0.wp.com\/www.rdpemancipation.org\/wp-content\/uploads\/2023\/06\/image-80.png?resize=300%2C204&amp;ssl=1 300w\" sizes=\"auto, (max-width: 472px) 100vw, 472px\" \/><\/figure>\n\n\n\n<p><strong>Analyse<\/strong><\/p>\n\n\n\n<p><a href=\"https:\/\/www.youtube.com\/watch?v=TIVeYkCMHgA\">Opposer \u00e9conomie et nature est une aberration<\/a> (Blast)<\/p>\n\n\n\n<p><a href=\"https:\/\/www.politis.fr\/articles\/2023\/06\/linflation-des-dividendes-entre-2011-et-2021\/\" target=\"_blank\" rel=\"noreferrer noopener\">L\u2019inflation des dividendes entre 2011 et 2021<\/a> &nbsp;(Politis)<\/p>\n\n\n\n<p><strong><a href=\"https:\/\/www.contretemps.eu\/retour-etat-neo-industriel-durand\/\" target=\"_blank\" rel=\"noreferrer noopener\"><strong>Le retour de l\u2019\u00c9tat n\u00e9o-industriel ?<\/strong><\/a><\/strong><strong> &nbsp;<\/strong>(Contretemps)<\/p>\n\n\n\n<p><mark style=\"background-color:rgba(0, 0, 0, 0);color:#ee0505\" class=\"has-inline-color\"><strong>26 juin<\/strong><\/mark><\/p>\n\n\n\n<p><strong>France<a><\/a><\/strong><\/p>\n\n\n\n<p><a href=\"https:\/\/www.alternatives-economiques.fr\/Le%20rappot%20du%20COR%20enfonce%20le%20clou&nbsp;:%20la%20r\u00e9forme%20des%20retraites%20ne%20r\u00e8gle%20rienreforme-retraites-ne-regle-rien-montre-rapport-cor\/00107409?utm_source=emailing&amp;utm_medium=email&amp;utm_content=26062023&amp;utm_campaign=quotidienne\"><strong>Le rapport du COR enfonce le clou&nbsp;: la r\u00e9forme des retraites ne r\u00e8gle rien<\/strong><\/a> (Alter \u00e9co)<\/p>\n\n\n\n<p><a href=\"https:\/\/basta.media\/nicolas-legendre-en-bretagne-il-y-a-des-collusions-entre-les-maires-l-agro-industrie-et-les-partis-politiques-entretien-agriculture-FNSEA\" target=\"_blank\" rel=\"noreferrer noopener\"><strong>Nicolas Legendre : \u2018En Bretagne, il y a des collusions entre maires, agro-industrie et partis politiques\u2019<\/strong><\/a><strong>&nbsp;<\/strong>(Basta!)<\/p>\n\n\n\n<p><a href=\"https:\/\/journal-labreche.fr\/lassurance-recolte-plutot-que-les-pesticides\/\" target=\"_blank\" rel=\"noreferrer noopener\">L\u2019assurance r\u00e9colte plut\u00f4t que les pesticides<\/a> (La Br\u00e8che)<\/p>\n\n\n\n<p><a href=\"https:\/\/www.alternatives-economiques.fr\/christian-chavagneux\/depenses-publiques-liberaux-ne-prets-monde-de-demain\/00107410\" target=\"_blank\" rel=\"noreferrer noopener\"><strong>D\u00e9penses publiques : les lib\u00e9raux ne sont pas pr\u00eats pour le monde de demain<\/strong><\/a> -Christian Chavagneux (Alter \u00e9co)<\/p>\n\n\n\n<p><a href=\"https:\/\/www.francetvinfo.fr\/economie\/disparites-salariales\/partage-de-la-valeur-oxfam-denonce-un-desequilibre-croissant-en-faveur-des-actionnaires-dans-les-100-plus-grandes-entreprises-francaises_5910350.html\"><strong>Partage de la valeur : Oxfam d\u00e9nonce un d\u00e9s\u00e9quilibre croissant en faveur des actionnaires\u2026 <\/strong><\/a>&nbsp;(France Info)<\/p>\n\n\n\n<p><a href=\"https:\/\/www.francetvinfo.fr\/economie\/entreprises\/carrefour-prevoit-jusqu-a-979-departs-volontaires-dans-ses-sieges-en-france_5912006.html\">Carrefour pr\u00e9voit jusqu&rsquo;\u00e0 979 d\u00e9parts volontaires dans ses si\u00e8ges en France<\/a> (France Info)<\/p>\n\n\n\n<p><a href=\"https:\/\/www.francetvinfo.fr\/replay-radio\/le-brief-politique\/budget-2024-bras-de-fer-a-matignon-entre-gabriel-attal-et-olivier-dussopt_5876405.html\">Budget 2024 : bras de fer \u00e0 Matignon entre Gabriel Attal et Olivier Dussopt<\/a> (France Info)<\/p>\n\n\n\n<p><strong><a href=\"https:\/\/www.youtube.com\/watch?v=BqynkkqQG5E\">Macron, Kohler: r\u00e9v\u00e9lations sur le scandale des autoroutes<\/a>&nbsp;<\/strong>(Blast)<\/p>\n\n\n\n<p><a href=\"https:\/\/www.ouest-france.fr\/economie\/budget\/pourquoi-l-etat-a-12-de-ses-dettes-indexees-sur-l-inflation-aa83af82-3a71-11ed-b21b-a9a4fa94aa00\">Pourquoi l\u2019\u00c9tat a 12 % de ses dettes index\u00e9es sur l\u2019inflation<\/a>&nbsp;(Ouest France)<\/p>\n\n\n\n<p><a href=\"http:\/\/euro-synergies.hautetfort.com\/archive\/2023\/06\/22\/les-entreprises-francaises-strategiques-passent-elles-aussi-en-des-mains-et.html?utm_source=substack&amp;utm_medium=email\">Les entreprises fran\u00e7aises \u2018strat\u00e9giques\u2019 passent, elles aussi, en des mains \u00e9trang\u00e8res<\/a> (Euro-synergies)<\/p>\n\n\n\n<p><a href=\"https:\/\/reporterre.net\/Railcoop-au-bord-de-la-cessation-de-paiement?utm_source=newsletter&amp;utm_medium=email&amp;utm_campaign=nl_quotidienne\">Railcoop au bord de la cessation de paiement<\/a> (Reporterre)<\/p>\n\n\n\n<p><a href=\"https:\/\/www.economiematin.fr\/cyberattaques-cout-facture-entreprises-francaises\">Cyberattaques : la facture des entreprises fran\u00e7aises<\/a> (Economie matin)<\/p>\n\n\n\n<p><a href=\"https:\/\/www.economiematin.fr\/ifi-isf-montant-impot-2022-caisses-etat-riches-recettes\">L\u2019IFI rapporte toujours beaucoup moins que l\u2019ISF<\/a> (Economie matin)<\/p>\n\n\n\n<p><strong>Monde<a><\/a><\/strong><\/p>\n\n\n\n<p><a href=\"https:\/\/www.les-crises.fr\/un-doigt-d-honneur-aux-plus-pauvres-l-accord-sur-le-plafond-de-la-dette-americaine\/\">USA. Un \u00ab doigt d\u2019honneur \u00bb aux plus pauvres : L\u2019accord sur le plafond de la dette am\u00e9ricaine<\/a> (Jacobin)<\/p>\n\n\n\n<p><a href=\"https:\/\/www.ecoreseau.fr\/actualites\/cac-40-dax-sp-500-des-indices-boursiers-hors-sol-2023-06-22-95878?utm_campaign=Matinale%20Vendredi%20-%2020230616&amp;utm_medium=email&amp;utm_source=brevo\">CAC 40, DAX, S&amp;P 500\u2026 des indices boursiers hors-sol&nbsp;?<\/a> (Ecor\u00e9seau)<\/p>\n\n\n\n<p><a href=\"https:\/\/or.fr\/actualites\/entreprises-americaines-face-mur-dette-3127\">USA. <\/a><a href=\"https:\/\/or.fr\/actualites\/entreprises-americaines-face-mur-dette-3127\">Les entreprises am\u00e9ricaines face au mur de la dette<\/a> (Or.fr)<\/p>\n\n\n\n<p><a href=\"https:\/\/www.20minutes.fr\/economie\/4042127-20230620-revenu-universel-teste-angleterre-1-900-euros-mois-verses-chaque-volontaire?utm_source=pocket-newtab-bff\">Royaume Uni. Le revenu universel test\u00e9 pour 1.900 \u20ac par mois<\/a> (20minutes)<\/p>\n\n\n\n<p><a href=\"https:\/\/www.investir.ch\/2023\/06\/le-cauchemar-chinois\/\">Chine. Le cauchemar chinois<\/a> (Investir.ch)<\/p>\n\n\n\n<p><strong>Analyse<\/strong><\/p>\n\n\n\n<p><a href=\"https:\/\/www.off-investigation.fr\/le-plastique-chasse-gardee-des-lobbies\/\" target=\"_blank\" rel=\"noreferrer noopener\">Le plastique, chasse gard\u00e9e des lobbies<\/a> (Off Investigation)<\/p>\n\n\n\n<p><a href=\"https:\/\/www.humanite.fr\/social-eco\/oxfam\/pourquoi-le-cac-40-prefere-verser-801-milliards-d-euros-aux-actionnaires-plutot-que-d-investir-dans-la-transition-800422#xtor=RSS-1\" target=\"_blank\" rel=\"noreferrer noopener\">Pourquoi le CAC 40 pr\u00e9f\u00e8re verser 80,1 mds \u20ac aux actionnaires plut\u00f4t que d\u2019investir dans la transition<\/a> (L\u2019Humanit\u00e9)<\/p>\n\n\n\n<p><a href=\"https:\/\/lvsl.fr\/actualite-des-marxismes-chinois\/\" target=\"_blank\" rel=\"noreferrer noopener\">L\u2019actualit\u00e9 des marxismes chinois<\/a> (Le Vent Se L\u00e8ve)<\/p>\n\n\n\n<p><mark style=\"background-color:rgba(0, 0, 0, 0);color:#ee0505\" class=\"has-inline-color\"><strong>24 et 25 juin<\/strong><\/mark><\/p>\n\n\n\n<p><strong>France<\/strong><\/p>\n\n\n\n<p><a href=\"https:\/\/www.latribune.fr\/economie\/france\/sncf-l-etat-promet-des-ristournes-sur-les-trains-cet-ete-et-un-passe-unique-pour-les-intercites-et-les-ter-967331.html\">SNCF&nbsp;: l&rsquo;Etat promet des ristournes sur les trains cet \u00e9t\u00e9<\/a> (La Tribune)<\/p>\n\n\n\n<p><a href=\"https:\/\/www.lemonde.fr\/argent\/article\/2023\/06\/25\/reforme-des-retraites-quels-impacts-sur-le-per_6179131_1657007.html\">R\u00e9forme des retraites&nbsp;: quels impacts sur le PER&nbsp;?<\/a> (Le Monde)<\/p>\n\n\n\n<p><a href=\"https:\/\/www.alternatives-economiques.fr\/limpasse-liberale\/00107265\" target=\"_blank\" rel=\"noreferrer noopener\">L&rsquo;impasse lib\u00e9rale<\/a> (Alter \u00e9co)<\/p>\n\n\n\n<p><a href=\"https:\/\/www.mediapart.fr\/journal\/international\/250623\/saint-gobain-au-centre-d-un-scandale-sanitaire-aux-etats-unis\">Saint-Gobain au centre d\u2019un scandale sanitaire aux \u00c9tats-Unis <\/a>&nbsp;(M\u00e9diapart)<\/p>\n\n\n\n<p><a href=\"https:\/\/basta.media\/1-5-de-hausse-pour-les-fonctionnaires-est-ce-suffisant-vendredi-debat-Gaelle-Martinez-inflation-services-publics\" target=\"_blank\" rel=\"noreferrer noopener\">1,5 % de hausse pour les fonctionnaires, est-ce suffisant ?<\/a> &nbsp;(Basta!)<\/p>\n\n\n\n<p><a href=\"https:\/\/www.arretsurimages.net\/articles\/casino-reclame-13-7-millions-deuros-a-la-lettre-a\" target=\"_blank\" rel=\"noreferrer noopener\">Casino r\u00e9clame 13,7 millions d&rsquo;euros \u00e0 \u00ab\u00a0La Lettre A\u00a0\u00bb<\/a> &nbsp;(Arr\u00eat sur images)<\/p>\n\n\n\n<p><strong>Monde<\/strong><\/p>\n\n\n\n<p><a href=\"https:\/\/www.mediapart.fr\/journal\/international\/240623\/traite-ue-mercosur-pourquoi-le-discours-de-lula-change-la-donne\" target=\"_blank\" rel=\"noreferrer noopener\">Trait\u00e9 UE-Mercosur : pourquoi le discours de Lula change la donne<\/a> (M\u00e9diapart)<\/p>\n\n\n\n<p><a href=\"https:\/\/www.latribune.fr\/entreprises-finance\/industrie\/energie-environnement\/totalenergies-et-aramco-investissent-dans-un-projet-petrochimique-saoudien-a-11-milliards-de-dollars-967312.html\">TotalEnergies et Aramco investissent dans un projet p\u00e9trochimique saoudien \u00e0 11 milliards $<\/a> (La Tribune)<\/p>\n\n\n\n<p><a href=\"https:\/\/www.huffingtonpost.fr\/environnement\/article\/a-paris-billie-eillish-et-lenny-kravitz-decus-par-le-sommet-pour-un-nouveau-pacte-financier-mondial_219674.html\">Billie Eillish et Lenny Kravitz d\u00e9plorent les \u00abpromesses non tenues\u00bb du Sommet pour un nouveau pacte financier mondial<\/a> (HuffPost)<\/p>\n\n\n\n<p><a href=\"https:\/\/www.greenpeace.fr\/espace-presse\/cloture-du-sommet-nouveau-pacte-financier-mondial-la-montagne-a-accouche-dune-souris\/\" target=\"_blank\" rel=\"noreferrer noopener\">Cl\u00f4ture du sommet nouveau pacte financier mondial : la montagne a accouch\u00e9 d\u2019une souris<\/a> &nbsp;(Greenpeace France)<\/p>\n\n\n\n<p><a href=\"https:\/\/vert.eco\/articles\/que-peut-on-attendre-du-sommet-pour-un-nouveau-pacte-financier-mondial\" target=\"_blank\" rel=\"noreferrer noopener\">Que peut-on attendre du Sommet pour un nouveau pacte financier mondial ?<\/a> (vert.eco)<\/p>\n\n\n\n<p><a href=\"https:\/\/www.lemonde.fr\/economie\/article\/2023\/06\/23\/hafize-gaye-erkan-une-banquiere-orthodoxe-a-ankara_6178863_3234.html\">Hafize Gaye Erkan, une banqui\u00e8re orthodoxe \u00e0 Ankara<\/a> (Le Monde)<\/p>\n\n\n\n<p><strong>Analyse<\/strong><a href=\"https:\/\/www.lemonde.fr\/idees\/article\/2023\/06\/23\/l-economie-politique-explore-un-au-dela-de-la-croissance_6178841_3232.html\"><\/a><\/p>\n\n\n\n<p><a href=\"https:\/\/www.latribune.fr\/economie\/france\/lutte-contre-l-inflation-la-phase-la-plus-difficile-arrive-d-apres-la-bri-967321.html\">Lutte contre l&rsquo;inflation&nbsp;: la phase \u00ab la plus difficile \u00bb arrive<\/a> (La Tribune)<\/p>\n\n\n\n<p><a href=\"https:\/\/www.lemonde.fr\/idees\/article\/2023\/06\/23\/l-economie-politique-explore-un-au-dela-de-la-croissance_6178841_3232.html\">\u00ab&nbsp;L\u2019Economie politique&nbsp;\u00bb explore un au-del\u00e0 de la croissance<\/a> (Le Monde)<\/p>\n\n\n\n<p><a href=\"https:\/\/www.lemonde.fr\/idees\/article\/2023\/06\/23\/politiques-de-sobriete-un-apprentissage-du-renoncement_6178849_3232.html\">\u00ab&nbsp;Politiques de sobri\u00e9t\u00e9&nbsp;\u00bb, un apprentissage du renoncement<\/a> (Le Monde)<\/p>\n\n\n\n<figure class=\"wp-block-image size-full is-resized\"><img data-recalc-dims=\"1\" loading=\"lazy\" decoding=\"async\" src=\"https:\/\/i0.wp.com\/www.rdpemancipation.org\/wp-content\/uploads\/2023\/06\/image-75.png?resize=208%2C313&#038;ssl=1\" alt=\"\" class=\"wp-image-116280\" width=\"208\" height=\"313\" srcset=\"https:\/\/i0.wp.com\/www.rdpemancipation.org\/wp-content\/uploads\/2023\/06\/image-75.png?w=664&amp;ssl=1 664w, https:\/\/i0.wp.com\/www.rdpemancipation.org\/wp-content\/uploads\/2023\/06\/image-75.png?resize=200%2C300&amp;ssl=1 200w\" sizes=\"auto, (max-width: 208px) 100vw, 208px\" \/><\/figure>\n\n\n\n<p><a href=\"https:\/\/www.alternatives-economiques.fr\/christophe-ramaux-neoliberalisme-a-bout-de-souffle\/00107396\" target=\"_blank\" rel=\"noreferrer noopener\">Christophe Ramaux : \u00ab Le n\u00e9olib\u00e9ralisme est \u00e0 bout de souffle \u00bb<\/a> &nbsp;(Alter \u00e9co)<\/p>\n\n\n\n<p><a href=\"https:\/\/www.alternatives-economiques.fr\/on-taxer-transactions-financieres-soutenir-transition-ecologi\/00107385\" target=\"_blank\" rel=\"noreferrer noopener\">Peut-on taxer les transactions financi\u00e8res pour soutenir la transition \u00e9cologique ?<\/a> (Alter \u00e9co)<\/p>\n\n\n\n<p><a href=\"https:\/\/www.lemonde.fr\/comprendre-en-3-minutes\/article\/2023\/06\/23\/l-aviation-peut-elle-vraiment-devenir-propre-comprendre-en-trois-minutes_6178838_6176282.html\">L\u2019aviation peut-elle vraiment devenir propre&nbsp;? Comprendre en trois minutes<\/a> (Vid\u00e9o, Le Monde)<\/p>\n\n\n\n<p><mark style=\"background-color:rgba(0, 0, 0, 0);color:#ee0505\" class=\"has-inline-color\"><strong>23 juin<\/strong><\/mark><\/p>\n\n\n\n<p><strong>France<a><\/a><\/strong><\/p>\n\n\n\n<p><a href=\"https:\/\/www.alternatives-economiques.fr\/investissement-public-letat-ne-prepare-plus-lavenir\/00107308\" target=\"_blank\" rel=\"noreferrer noopener\">Investissement public : l&rsquo;Etat ne pr\u00e9pare plus l&rsquo;avenir<\/a> (Alter \u00e9co)<\/p>\n\n\n\n<p><a href=\"https:\/\/www.alternatives-economiques.fr\/tunnel-lyon-turin-un-serpent-de-terre-date-deja-dune-epoqu\/00107393\" target=\"_blank\" rel=\"noreferrer noopener\">Tunnel Lyon \u2013 Turin : un serpent de terre qui date d\u00e9j\u00e0 d&rsquo;une autre \u00e9poque<\/a> (Alter \u00e9co)<\/p>\n\n\n\n<p><a href=\"https:\/\/www.alternatives-economiques.fr\/pari-rate-baisses-dimpot-entreprises-3-autres-infographies\/00107313\" target=\"_blank\" rel=\"noreferrer noopener\">Le pari rat\u00e9 des baisses d&rsquo;imp\u00f4t pour les entreprises et 3 autres infographies \u00e0 ne pas rater<\/a> (Alter \u00e9co)<\/p>\n\n\n\n<p><a href=\"http:\/\/basta.media\/a-rebours-de-l-agro-industrie-une-ferme-developpe-les-semences-paysannes-de-demain\" target=\"_blank\" rel=\"noreferrer noopener\">\u00c0 rebours de l\u2019agro-industrie, une ferme d\u00e9veloppe les semences paysannes de demain&nbsp;<\/a> (Basta!)<\/p>\n\n\n\n<p><a href=\"https:\/\/www.politis.fr\/articles\/2023\/06\/pourquoi-la-france-garde-sa-note-aa\/\" target=\"_blank\" rel=\"noreferrer noopener\">Pourquoi la France garde sa note AA<\/a> (Politis)<\/p>\n\n\n\n<p><strong>Monde<a><\/a><\/strong><\/p>\n\n\n\n<p><a href=\"https:\/\/www.equaltimes.org\/ue-mercosur-un-accord-de\" target=\"_blank\" rel=\"noreferrer noopener\">UE-Mercosur : un accord de lib\u00e9ralisation du commerce obsol\u00e8te, n\u00e9ocolonial et d\u00e9s\u00e9quilibr\u00e9<\/a> (Equal Times)<\/p>\n\n\n\n<p><a href=\"https:\/\/courrierdeuropecentrale.fr\/voiture-electrique-un-mega-investissement-chinois-de-plus-en-hongrie\/\" target=\"_blank\" rel=\"noreferrer noopener\">Voiture \u00e9lectrique : Un m\u00e9ga-investissement chinois de plus en Hongrie<\/a> (Le Courrier d\u2019Europe centrale)<\/p>\n\n\n\n<p><a href=\"https:\/\/orientxxi.info\/magazine\/l-organisation-de-cooperation-de-shanghai-etend-son-influence-dans-le-golfe,6528\" target=\"_blank\" rel=\"noreferrer noopener\">L&rsquo;Organisation de coop\u00e9ration de Shangha\u00ef \u00e9tend son influence dans le Golfe<\/a> (Orient XXI)<\/p>\n\n\n\n<p><a href=\"https:\/\/www.cadtm.org\/RDC-projets-inutiles-port-de-Hambantota-trois-exemples-pour-comprendre-la\" target=\"_blank\" rel=\"noreferrer noopener\">RDC, Burundi, Angola, Sri Lanka : quatre exemples pour comprendre la pr\u00e9sence chinoise en Afrique et en Asie<\/a> (CADTM)<\/p>\n\n\n\n<p><strong>Analyse<\/strong><\/p>\n\n\n\n<p><a href=\"https:\/\/www.greenpeace.fr\/espace-presse\/sommet-pacte-financier-pour-une-taxation-des-super-pollueurs\/\" target=\"_blank\" rel=\"noreferrer noopener\">Sommet pacte financier : pour une taxation des super-pollueurs<\/a> (Greenpeace France)<\/p>\n\n\n\n<p><a href=\"https:\/\/www.alternatives-economiques.fr\/un-marche-travail-service-entreprises\/00107305\" target=\"_blank\" rel=\"noreferrer noopener\">Un march\u00e9 du travail au service des entreprises<\/a>&nbsp;(Alter \u00e9co)<\/p>\n\n\n\n<p><mark style=\"background-color:rgba(0, 0, 0, 0);color:#ee0505\" class=\"has-inline-color\"><strong>22 juin<\/strong><\/mark><\/p>\n\n\n\n<p><strong>France<a><\/a><\/strong><\/p>\n\n\n\n<p><a href=\"https:\/\/common.indigo-net.com\/lib\/cookie_log\/redirector.asp?mail=n.chevillard@noos.fr&amp;ID=546409&amp;DOCIID=109703480&amp;ENAIID=820711&amp;RETOUR=SIMPLE&amp;link=https:\/\/www.lalettrea.fr\/entreprises_grande-distribution-et-services\/2023\/06\/21\/le-ciri-s-active-aupres-de-casino-pour-geler-plus-de-300-millions-de-dettes-fiscales-et-sociales,109996621-gra?utm_source=LLA&amp;utm_medium=email&amp;utm_campaign=PROS_EDIT_ALE\" target=\"_blank\" rel=\"noreferrer noopener\">Le CIRI s&rsquo;active aupr\u00e8s de Casino pour geler plus de 300 mns de dettes fiscales et sociales<\/a> (La Lettre A)<\/p>\n\n\n\n<p><a href=\"https:\/\/www.connaissancedesenergies.org\/afp\/plus-de-500-scientifiques-de-france-signent-un-appel-contre-tout-nouveau-programme-nucleaire-230621\"><strong>Plus de 500 scientifiques de France signent un appel contre \u00abtout nouveau programme nucl\u00e9aire\u00bb<\/strong><\/a>(AFP)<\/p>\n\n\n\n<p><a href=\"https:\/\/www.connaissancedesenergies.org\/afp\/fin-des-tarifs-reglementes-du-gaz-engie-publie-les-prix-de-son-offre-relais-applicable-en-juillet-230621\">Fin des tarifs r\u00e9glement\u00e9s du gaz : Engie publie les prix de son offre relais<\/a> (AFP)<\/p>\n\n\n\n<p><a href=\"https:\/\/redirection.b2b.infopro-digital.com\/lnk\/AVQAABunq0AAAcXE95wAAHnKuI0AAABZQTkAANzxAAwsSQBkkpi-fPeiGeKjRZSwG5KHkC4r3gAMCy8\/9\/Ejl-CVHDq7jqNt2oT0eCEg\/aHR0cHM6Ly93d3cudXNpbmUtZGlnaXRhbGUuZnIvYXJ0aWNsZS9sZXMtY3liZXJhdHRhcXVlcy1vbnQtY291dGUtZGV1eC1taWxsaWFyZHMtZC1ldXJvcy1hdXgtb3JnYW5pc2F0aW9ucy1mcmFuY2Fpc2VzLWVuLTIwMjIuTjIxNDQ2MTIjeHRvcj1FUFItNA#xtor=EPR-4\" target=\"_blank\" rel=\"noreferrer noopener\">Les cyberattaques ont co\u00fbt\u00e9 deux milliards \u20ac aux organisations fran\u00e7aises en 2022<\/a> (Usine Digitale)<\/p>\n\n\n\n<p><a href=\"https:\/\/objectifaquitaine.latribune.fr\/business\/2023-06-22\/gpso-l-europe-met-60-millions-d-euros-pour-les-lgv-vers-toulouse-et-dax-966725.html\">L\u2019Europe met 60 millions \u20ac pour les LGV vers Toulouse et Dax<\/a> (La Tribune)<\/p>\n\n\n\n<p><strong><a href=\"https:\/\/www.alternatives-economiques.fr\/fonctionnaires-coup-de-pouce-nefface-30-ans-dappauvrissement\/00107289\" target=\"_blank\" rel=\"noreferrer noopener\">Fonctionnaires : le coup de pouce n&rsquo;efface pas 30 ans d&rsquo;appauvrissement<\/a> <\/strong>(Alter \u00e9co)<\/p>\n\n\n\n<p><a href=\"https:\/\/www.alternatives-economiques.fr\/lucie-castets\/de-quoi-impots-nom\/00107258\" target=\"_blank\" rel=\"noreferrer noopener\">De quoi \u00ab en avoir pour mes imp\u00f4ts \u00bb est-il le nom ?<\/a>&nbsp;(Alter \u00e9co)<\/p>\n\n\n\n<p><a href=\"https:\/\/www.francetvinfo.fr\/economie\/l-enseigne-courtepaille-reprise-partiellement-par-le-groupe-la-boucherie-pres-de-1-500-salaries-licencies_5902643.html\" target=\"_blank\" rel=\"noreferrer noopener\">Courtepaille reprise par le groupe La Boucherie, 1 500 salari\u00e9s licenci\u00e9s<\/a> (France Info)<\/p>\n\n\n\n<p><a href=\"https:\/\/theconversation.com\/casino-comment-lempire-de-la-distribution-sest-effondre-208035\" target=\"_blank\" rel=\"noreferrer noopener\">Casino : comment l\u2019empire de la distribution s\u2019est effondr\u00e9<\/a> (The Conversation)<\/p>\n\n\n\n<p><a href=\"https:\/\/www.publicsenat.fr\/actualites\/economie\/industrie-verte-le-senat-multiplie-par-cinq-lamende-pour-les-grandes-entreprises-qui-ne-publient-pas-leur-bilan-carbone\">Le S\u00e9nat multiplie par cinq l\u2019amende pour les grandes entreprises qui ne publient pas leur bilan carbone<\/a> (Public S\u00e9nat)<\/p>\n\n\n\n<p><a href=\"https:\/\/redirection.b2b.infopro-digital.com\/lnk\/AV4AABtMBJ0AAcXE-CwAAHnKuI0AAABZQUUAANzvAAwsSQBkkzZq3a8Fu3iZRMiIqB9mcNpLUgAMCy8\/14\/n0vtj5TSGBy9O3VlCqXinQ\/aHR0cHM6Ly93d3cudXNpbmVub3V2ZWxsZS5jb20vYXJ0aWNsZS9sYS1mcmFuY2UtZXQtcXVhdHJlLWF1dHJlcy1wYXlzLWV1cm9wZWVucy1jb21tYW5kZW50LWF1LW1vaW5zLTEtMDAwLW1pc3NpbGVzLW1pc3RyYWwtYS1tYmRhLk4yMTQ1MTA3I3h0b3I9RVBSLTE2OQ#xtor=EPR-169\" target=\"_blank\" rel=\"noreferrer noopener\">La France et quatre autres pays europ\u00e9ens commandent 1000 missiles Mistral \u00e0 MBDA<\/a> (Usine Nouvelle)<\/p>\n\n\n\n<p><strong>Monde<\/strong><\/p>\n\n\n\n<p><strong><a href=\"https:\/\/disclose.ngo\/fr\/article\/perenco-au-gabon-revelations-sur-les-pollutions-cachees-du-numero-2-du-petrole-en-france\">Perenco au Gabon : r\u00e9v\u00e9lations sur les pollutions cach\u00e9es du num\u00e9ro 2 du p\u00e9trole en France<\/a><\/strong>&nbsp;(Disclose)<\/p>\n\n\n\n<p><a href=\"https:\/\/redirection.b2b.infopro-digital.com\/lnk\/AXIAAB2LTjIAAcXE-EQAAHnKuI0AAABZQTkAANzxAAwsSQBkk--4YwqyHANMROOoRH1qdxFgPwAMCy8\/26\/ERub6nDvb15bMl-S0uicew\/aHR0cHM6Ly93d3cudXNpbmUtZGlnaXRhbGUuZnIvYXJ0aWNsZS9vcmFjbGUtYmluYW5jZS1zcG90aWZ5LWdydWJodWItbm90cmUtcmVjYXAtZGVzLWxpY2VuY2llbWVudHMtZGFucy1sYS10ZWNoLk4yMTQ1MTEyI3h0b3I9RVBSLTQ#xtor=EPR-4\" target=\"_blank\" rel=\"noreferrer noopener\">Oracle, Binance, Spotify, Grubhub\u2026 Notre r\u00e9cap&rsquo; des licenciements dans la Tech<\/a> (Usine Digitale)<\/p>\n\n\n\n<p><a href=\"https:\/\/www.connaissancedesenergies.org\/afp\/la-dette-publique-du-royaume-uni-depasse-100-du-pib-une-premiere-depuis-1961-230621\">La dette publique du Royaume-Uni d\u00e9passe 100% du PIB, une premi\u00e8re depuis 1961<\/a> (AFP)<\/p>\n\n\n\n<p><a href=\"https:\/\/www.alternatives-economiques.fr\/incendies-canada-ravagent-leconomie\/00107293\" target=\"_blank\" rel=\"noreferrer noopener\">Les incendies au Canada ravagent aussi l&rsquo;\u00e9conomie<\/a> (Alter \u00e9co)<\/p>\n\n\n\n<p><a href=\"https:\/\/basta.media\/brevets-sur-le-vivant-ces-six-multinationales-qui-controlent-l-acces-a-l-alimentation-OGM\" target=\"_blank\" rel=\"noreferrer noopener\">Brevets sur le vivant : ces six multinationales qui contr\u00f4lent l&rsquo;acc\u00e8s \u00e0 l&rsquo;alimentation<\/a> (Basta!)<\/p>\n\n\n\n<p><a href=\"https:\/\/u7061146.ct.sendgrid.net\/ls\/click?upn=TeZUXWpUv-2B6TCY38pVLo9o2lieay36fK91FiDRy-2F9UAhDZ92ZDDJjs1p0JD0ijxMsi3SBNhMQtL2H0Z306m3YSJ72X8JemfN1tZEfL2L-2BU4-3DKLU1_9lJWQoRg-2BKaa3KSkJQTCZvagMEBZxhyko68STv2neD2gYTx8FoTkEltdchO0XuhCN1oOkxe4jWgCw4hLhfRrWyuXw3iUix-2FUA302CepC3qb7Hn-2Fd4P4JZE4PpJPW6PAMsfaj2o3QNxNoxK1l9KLOiPNhekUtdzmdmQcOGIM6J5mN41YSlvEil5xIYT-2BNDHwpoNIhE969jMgjiaSDP8BuS5HaEc1eSTwz6OIYbxhT589l5-2FbLzJZUZUrKsdEeahyjH3He5mKC370-2F-2FOhtyx7SF4j-2FZAlLojKLeMJieIaU4lw78z-2FcjuebuAVc-2FsAP2UQ-2BSHhgLv5JYOHcbEwfPIkRWZIKs9xAa8onPd-2B1vJLbkU0-3D\" target=\"_blank\" rel=\"noreferrer noopener\">Rapport sur les \u00e9carts salariaux entre les femmes et les hommes dans les pays de l&rsquo;OCDE<\/a> (disponible en anglais)<\/p>\n\n\n\n<p><a href=\"https:\/\/algeria-watch.org\/?p=86845\">Le rapport mensuel de l\u2019Opep le confirme : La production de p\u00e9trole en nette baisse<\/a> (El Watan)<\/p>\n\n\n\n<p><strong>Analyse<\/strong><\/p>\n\n\n\n<p><a href=\"https:\/\/basta.media\/ce-que-produit-l-agro-industrie-c-est-de-la-souffrance-l-urgence-d-enqueter\" target=\"_blank\" rel=\"noreferrer noopener\">\u00abCe que produit l&rsquo;agro-industrie, c&rsquo;est de la souffrance\u00bb : l&rsquo;urgence d&rsquo;enqu\u00eater pour d\u00e9noncer ces pratiques mortif\u00e8res<\/a> (Basta!)<\/p>\n\n\n\n<p><a href=\"https:\/\/www.alternatives-economiques.fr\/couts-caches-de-liberalisation-financiere\/00107303\" target=\"_blank\" rel=\"noreferrer noopener\">Les co\u00fbts cach\u00e9s de la lib\u00e9ralisation financi\u00e8re<\/a> (Alter \u00e9co)<\/p>\n\n\n\n<p><strong><a href=\"https:\/\/www.alternatives-economiques.fr\/speculation-financiere-une-cause-de-linflation-alimentaire\/00107296\" target=\"_blank\" rel=\"noreferrer noopener\">La sp\u00e9culation financi\u00e8re est-elle une cause de l\u2019inflation alimentaire ?<\/a> <\/strong>(Alter \u00e9co)<\/p>\n\n\n\n<p><a href=\"https:\/\/www.connaissancedesenergies.org\/un-changement-de-braquet-attendu-par-la-filiere-de-la-chaleur-solaire-230621\">Un \u00abchangement de braquet\u00bb attendu par la fili\u00e8re de la chaleur solaire<\/a> (Connaissance des \u00e9nergies)&nbsp;<\/p>\n\n\n\n<p><mark style=\"background-color:rgba(0, 0, 0, 0);color:#ee0505\" class=\"has-inline-color\"><strong>20 juin<\/strong><\/mark><\/p>\n\n\n\n<p><strong>France<a><\/a><\/strong><\/p>\n\n\n\n<p><a href=\"https:\/\/www.alternatives-economiques.fr\/christian-chavagneux\/risques-dune-politique-economique-recessive\/00107288\" target=\"_blank\" rel=\"noreferrer noopener\">Les risques d\u2019une politique \u00e9conomique r\u00e9cessive<\/a>&nbsp; -Christian Chavagneux (Alter eco)<\/p>\n\n\n\n<p><a href=\"https:\/\/www.huffingtonpost.fr\/economie\/article\/arrets-maladies-medicaments-cpf-comment-l-etat-veut-economiser-10-milliards-d-euros_219424.html\"><strong>Arr\u00eats maladies, m\u00e9dicaments, CPF&#8230; Comment l\u2019\u00c9tat veut \u00e9conomiser 10 milliards<\/strong><\/a>(HuffPost)<\/p>\n\n\n\n<p><a href=\"https:\/\/www.humanite.fr\/social-eco\/finances-publiques\/depenses-publiques-10-milliards-d-economies-ou-l-austerite-qui-ne-dit-pas-son-nom-799531#xtor=RSS-1\" target=\"_blank\" rel=\"noreferrer noopener\">D\u00e9penses publiques : 10 milliards d\u2019\u00e9conomies, ou l\u2019aust\u00e9rit\u00e9 qui ne dit pas son nom<\/a> &nbsp;(L\u2019Humanit\u00e9)<\/p>\n\n\n\n<p><a href=\"https:\/\/www.boursorama.com\/actualite-economique\/actualites\/liaisons-tgv-l-espagnol-renfe-va-debarquer-en-france-mi-juillet-4a291e64c7d088c601231ef61b43466c\">Liaisons TGV: l&rsquo;espagnol Renfe va d\u00e9barquer en France mi-juillet<\/a> (AFP)<\/p>\n\n\n\n<p><a href=\"https:\/\/www.rue89lyon.fr\/2023\/06\/19\/ligne-ter-lyon-grenoble-pourquoi-nest-elle-pas-fiable\/\" target=\"_blank\" rel=\"noreferrer noopener\">Ligne TER Lyon-Grenoble : pourquoi n\u2019est-elle pas fiable ?<\/a> (Rue89Lyon)<\/p>\n\n\n\n<p><a href=\"https:\/\/www.latribune.fr\/entreprises-finance\/industrie\/aeronautique-defense\/la-low-cost-indienne-indigo-signe-une-commande-pharaonique-de-500-airbus-a320-neo-pour-atteindre-une-flotte-de-plus-de-1-200-avions-966531.html\">Airbus engrange la plus commande de l&rsquo;histoire de l&rsquo;aviation<\/a> (La Tribune)<\/p>\n\n\n\n<p><a href=\"https:\/\/www.obsarm.info\/spip.php?article560\" target=\"_blank\" rel=\"noreferrer noopener\">Ukraine : comment la France contourne l&#8217;embargo sur la Russie<\/a> (Observatoire des armements)<\/p>\n\n\n\n<p><a href=\"https:\/\/www.economiematin.fr\/defaillances-entreprises-hausse-avril-mai-2023\">Les d\u00e9faillances d\u2019entreprises en nette hausse en avril-mai 2023<\/a> (Economie matin)<\/p>\n\n\n\n<p><a href=\"https:\/\/www.zonebourse.com\/actualite-bourse\/France-L-Autorite-de-la-concurrence-evoque-des-profits-excessifs--44135792\/\">L&rsquo;Autorit\u00e9 de la concurrence \u00e9voque des \u00ab\u00a0profits excessifs\u00a0\u00bb<\/a> (Zone bourse)<\/p>\n\n\n\n<p><a href=\"https:\/\/reporterre.net\/Plan-ruralites-Le-gouvernement-a-une-vision-miserabiliste-des-campagnes?utm_source=newsletter&amp;utm_medium=email&amp;utm_campaign=nl_quotidienne\">Plan ruralit\u00e9s&nbsp;: \u00ab&nbsp;<\/a><a href=\"https:\/\/reporterre.net\/Plan-ruralites-Le-gouvernement-a-une-vision-miserabiliste-des-campagnes?utm_source=newsletter&amp;utm_medium=email&amp;utm_campaign=nl_quotidienne\"><em>Le gouvernement a une vision mis\u00e9rabiliste des campagnes<\/em><\/a><a href=\"https:\/\/reporterre.net\/Plan-ruralites-Le-gouvernement-a-une-vision-miserabiliste-des-campagnes?utm_source=newsletter&amp;utm_medium=email&amp;utm_campaign=nl_quotidienne\">&nbsp;\u00bb<\/a> (Reporterre)<\/p>\n\n\n\n<p><strong>Monde<\/strong><\/p>\n\n\n\n<p><a href=\"https:\/\/www.latribune.fr\/economie\/international\/chine-la-banque-centrale-abaisse-ses-taux-pour-stimuler-une-economie-en-berne-966620.html\">Chine&nbsp;: la Banque centrale abaisse ses taux pour stimuler une \u00e9conomie en berne<\/a> (La Tribune)<\/p>\n\n\n\n<p><a href=\"https:\/\/redirection.b2b.infopro-digital.com\/lnk\/AV0AABpkafEAAcXE9m4AAHnKuI0AAABZQUUAANzvAAwsSQBkkI8IYMiF7nxBR0OYZoWHfiLjPAAMCy8\/4\/qj88G8n1LXmT2l5Uh6qkPA\/aHR0cHM6Ly93d3cudXNpbmVub3V2ZWxsZS5jb20vZWRpdG9yaWFsL2wtZWZmZXQtc3BlY3RhY3VsYWlyZS1kZS1sLWlyYS1zdXItbGEtcmVpbmR1c3RyaWFsaXNhdGlvbi1hdXgtZXRhdHMtdW5pcy5OMjE0NDAwMiN4dG9yPUVQUi0xNjk#xtor=EPR-169\" target=\"_blank\" rel=\"noreferrer noopener\">L&rsquo;effet spectaculaire de l&rsquo;IRA sur la r\u00e9industrialisation aux Etats-Unis<\/a> (Usine Nouvelle)<\/p>\n\n\n\n<p><a href=\"https:\/\/www.cadtm.org\/La-gauche-bresilienne-sur-les-braises-du-credit\" target=\"_blank\" rel=\"noreferrer noopener\"><strong>La gauche br\u00e9silienne sur les braises du cr\u00e9dit<\/strong><\/a> (CADTM)<\/p>\n\n\n\n<p><a href=\"https:\/\/www.boursorama.com\/actualite-economique\/actualites\/lula-veut-discuter-avec-macron-de-la-position-dure-de-la-france-sur-l-accord-ue-mercosur-46025741f8ea54abdcc344cc6ecad8d2\">Lula veut discuter avec Macron de la position \u2018dure\u2019 de la France sur l&rsquo;accord UE-Mercosur<\/a>&nbsp;(Reuters)<\/p>\n\n\n\n<p><a href=\"https:\/\/www.lemonde.fr\/economie\/article\/2023\/06\/19\/selon-la-cour-des-comptes-europeenne-l-europe-pourrait-perdre-la-course-aux-batteries_6178317_3234.html\">Selon la Cour des comptes europ\u00e9enne, \u00abl\u2019Europe pourrait perdre la course aux batteries\u00bb<\/a> (Le Monde)<\/p>\n\n\n\n<p><a href=\"https:\/\/www.letemps.ch\/economie\/adoube-par-blackrock-le-bitcoin-commence-une-nouvelle-vie?utm_source=Newsletters&amp;utm_campaign=16e629039d-EMAIL_CAMPAIGN_2023_06_17_04_00&amp;utm_medium=email&amp;utm_term=0_56c41a402e-16e629039d-%5BLIST_EMAIL_ID%5D\">Adoub\u00e9 par BlackRock, le bitcoin commence une nouvelle vie<\/a> (Le Temps)<\/p>\n\n\n\n<p><strong>Analyse<\/strong><\/p>\n\n\n\n<p><a href=\"https:\/\/www.alternatives-economiques.fr\/privatisations-ont-accelere-desindustrialisation\/00107290\" target=\"_blank\" rel=\"noreferrer noopener\"><strong>Comment les privatisations ont acc\u00e9l\u00e9r\u00e9 la d\u00e9sindustrialisation<\/strong><\/a> (Alter Eco)<\/p>\n\n\n\n<p><a href=\"https:\/\/theconversation.com\/decryptage-comment-les-speculateurs-tirent-profit-des-turbulences-bancaires-207548\" target=\"_blank\" rel=\"noreferrer noopener\">D\u00e9cryptage : comment les sp\u00e9culateurs tirent profit des turbulences bancaires<\/a> (The Conversation)<\/p>\n\n\n\n<p><a href=\"https:\/\/basta.media\/Comment-l-industrie-agroalimentaire-tente-de-nous-servir-de-nouveaux-OGM-alimentation-agriculture\" target=\"_blank\" rel=\"noreferrer noopener\">Comment l&rsquo;industrie agroalimentaire tente de nous servir de nouveaux OGM<\/a> (Basta!)<\/p>\n\n\n\n<p><a href=\"https:\/\/www.connaissancedesenergies.org\/petrole-un-pic-de-la-demande-mondiale-dici-la-fin-de-la-decennie-230615\">P\u00e9trole : un pic de la demande mondiale d&rsquo;ici la fin de la d\u00e9cennie ?<\/a> (Connaissance des \u00e9nergies)&nbsp;<\/p>\n\n\n\n<p><a href=\"https:\/\/www.connaissancedesenergies.org\/decarboner-les-transports-et-les-mobilites-quelles-reponses-efficaces-face-aux-urgences-230614\"><strong>D\u00e9carboner les transports : quelles r\u00e9ponses efficaces face aux urgences ?<\/strong><\/a> (Connaissance des \u00e9nergies)<strong>&nbsp;<\/strong><\/p>\n\n\n\n<p><mark style=\"background-color:rgba(0, 0, 0, 0);color:#ee0505\" class=\"has-inline-color\"><strong>16 juin<\/strong><\/mark><\/p>\n\n\n\n<p><strong>France<a href=\"https:\/\/elucid.media\/economie\/derriere-baisse-chomage-emploi-magouilles-statistiques-propagande\/\">&nbsp;<\/a><\/strong><\/p>\n\n\n\n<p><strong><a href=\"https:\/\/elucid.media\/economie\/derriere-baisse-chomage-emploi-magouilles-statistiques-propagande\/\">Derri\u00e8re la baisse du ch\u00f4mage, magouilles statistiques et propagande<\/a> <\/strong>(Elucid)<\/p>\n\n\n\n<figure class=\"wp-block-image size-full is-resized\"><img data-recalc-dims=\"1\" loading=\"lazy\" decoding=\"async\" src=\"https:\/\/i0.wp.com\/www.rdpemancipation.org\/wp-content\/uploads\/2023\/06\/image-57.png?resize=424%2C237&#038;ssl=1\" alt=\"\" class=\"wp-image-115950\" width=\"424\" height=\"237\" srcset=\"https:\/\/i0.wp.com\/www.rdpemancipation.org\/wp-content\/uploads\/2023\/06\/image-57.png?w=938&amp;ssl=1 938w, https:\/\/i0.wp.com\/www.rdpemancipation.org\/wp-content\/uploads\/2023\/06\/image-57.png?resize=300%2C168&amp;ssl=1 300w, https:\/\/i0.wp.com\/www.rdpemancipation.org\/wp-content\/uploads\/2023\/06\/image-57.png?resize=768%2C430&amp;ssl=1 768w\" sizes=\"auto, (max-width: 424px) 100vw, 424px\" \/><\/figure>\n\n\n\n<p><a href=\"https:\/\/www.revolutionpermanente.fr\/Le-Bourget-les-aiguilleurs-en-greve-massive-pour-defendre-le-Fret-aux-cotes-des-militants-ecolos\"><strong>Fret SNCF : Le Bourget&nbsp;: les aiguilleurs en gr\u00e8ve aux c\u00f4t\u00e9s des militants \u00e9colos<\/strong><\/a> (RP)<\/p>\n\n\n\n<p><a href=\"https:\/\/www.alternatives-economiques.fr\/7-peches-capitaux-de-france-liberale\/00107264\" target=\"_blank\" rel=\"noreferrer noopener\"><strong>Les 7 p\u00e9ch\u00e9s capitaux de la France lib\u00e9rale<\/strong><\/a> -Christian Chavagneux (Alter \u00e9co)<\/p>\n\n\n\n<p><a href=\"https:\/\/common.indigo-net.com\/lib\/cookie_log\/redirector.asp?mail=n.chevillard@noos.fr&amp;ID=546014&amp;DOCIID=109703480&amp;ENAIID=820346&amp;RETOUR=SIMPLE&amp;link=https:\/\/www.lalettrea.fr\/action-publique_lobbying\/2023\/06\/16\/ey-wavestone-sia-partners--les-consultants-derriere-le-projet-de-jean-marc-jancovici,109994760-ar2?utm_source=LLA&amp;utm_medium=email&amp;utm_campaign=PROS_EDIT_ENT\" target=\"_blank\" rel=\"noreferrer noopener\">EY, Wavestone, Sia Partners : les consultants derri\u00e8re le projet de Jean-Marc Jancovici<\/a> (La Lettre A)<\/p>\n\n\n\n<p><a href=\"https:\/\/www.mediapart.fr\/journal\/politique\/150623\/au-parlement-les-combines-de-la-droite-pour-imposer-une-autoroute-en-haute-savoie\" target=\"_blank\" rel=\"noreferrer noopener\">Au Parlement, les combines de la droite pour imposer une autoroute en Haute-Savoie<\/a> (M\u00e9diapart)<\/p>\n\n\n\n<p><a href=\"https:\/\/redirection.b2b.infopro-digital.com\/lnk\/AVEAABr12L4AAcXE9LYAAHnKuI0AAABZQUUAANzvAAwsSQBki0hx2JMqokXfThSXqsNlSMPN1wAMCy8\/14\/IhSMMiS33S078zDxgVOfUg\/aHR0cHM6Ly93d3cudXNpbmVub3V2ZWxsZS5jb20vYXJ0aWNsZS9sYS1yZW5mZS1hcnJpdmUtY2V0LWV0ZS1kYW5zLWxlLXN1ZC1kZS1sYS1mcmFuY2UtYS1ncmFuZGUtdml0ZXNzZS5OMjE0MzQzMiN4dG9yPUVQUi0xNjk#xtor=EPR-169\" target=\"_blank\" rel=\"noreferrer noopener\">L&rsquo;espagnol Renfe vient concurrencer la SNCF sur le march\u00e9 fran\u00e7ais<\/a> (Usine Nouvelle)<\/p>\n\n\n\n<p><a href=\"https:\/\/reporterre.net\/Nucleaire-pas-sur-que-les-centrales-puissent-fonctionner-60-ans\" target=\"_blank\" rel=\"noreferrer noopener\">Nucl\u00e9aire&nbsp;: pas s\u00fbr que les centrales puissent fonctionner 60 ans<\/a> (Reporterre)<\/p>\n\n\n\n<p><a><strong><mark style=\"background-color:rgba(0, 0, 0, 0)\" class=\"has-inline-color has-contrast-color\">Monde<\/mark><\/strong><\/a><\/p>\n\n\n\n<p><a href=\"https:\/\/www.mediapart.fr\/journal\/economie-et-social\/150623\/la-bce-face-l-impense-de-la-boucle-prix-profits\" target=\"_blank\" rel=\"noreferrer noopener\">La BCE face \u00e0 l\u2019impens\u00e9 de la boucle prix-profits<\/a> -Martine Orange (M\u00e9diapart)<\/p>\n\n\n\n<p><a href=\"https:\/\/redirection.b2b.infopro-digital.com\/lnk\/AUcAABskp4QAAcXE9OAAAHnKuI0AAABZQTkAANzxAAwsSQBkjAM0Zj8V6HxESwWh2ihg0Y6utAAMCy8\/21\/Ev7vPGSUeo7_k8RO2BAs1A\/aHR0cHM6Ly93d3cudXNpbmUtZGlnaXRhbGUuZnIvYXJ0aWNsZS9sZS1wYXJsZW1lbnQtZXVyb3BlZW4tYWRvcHRlLXVuLXByb2pldC1kZS1yZWdsZW1lbnRhdGlvbi1kZS1sLWludGVsbGlnZW5jZS1hcnRpZmljaWVsbGUuTjIxNDMzMzcjeHRvcj1FUFItNA#xtor=EPR-4\" target=\"_blank\" rel=\"noreferrer noopener\">Le Parlement europ\u00e9en adopte un projet de r\u00e9glementation de l&rsquo;intelligence artificielle<\/a> (Usine Digitale)<\/p>\n\n\n\n<p><a href=\"https:\/\/redirection.b2b.infopro-digital.com\/lnk\/AVEAABr12L4AAcXE9LYAAHnKuI0AAABZQUUAANzvAAwsSQBki0hx2JMqokXfThSXqsNlSMPN1wAMCy8\/17\/sNpcctHMmEabErU8HONWjw\/aHR0cHM6Ly93d3cudXNpbmVub3V2ZWxsZS5jb20vYXJ0aWNsZS9sZS1wcm9jaGFpbi1jaGFwaXRyZS1kZS1sLWluZHVzdHJpZS1zZXJhLWNlbHVpLWRlcy1lbmVyZ2llcy1wcm9wcmVzLXNlbG9uLWZhdGloLWJpcm9sLWRpcmVjdGV1ci1kZS1sLWFnZW5jZS1pbnRlcm5hdGlvbmFsZS1kZS1sLWVuZXJnaWUuTjIxMzkyNzcjeHRvcj1FUFItMTY5#xtor=EPR-169\" target=\"_blank\" rel=\"noreferrer noopener\">\u00abL&rsquo;Europe doit signer des contrats GNL de court terme et flexibles\u00bb, selon Fatih Birol, de l&rsquo;AIE<\/a>&nbsp;(Usine Nouvelle)<\/p>\n\n\n\n<p><a href=\"https:\/\/r.info.newsletter-dgtresor.fr\/mk\/cl\/f\/8ID0b5Y9dQafuODDcgnyXpg4htIWSefvPmaBdRuy1-UltGWAdJbAsEQGUz083IHj10DommmMXU1v3ZdZdP0Y--PZvtEz4fZ--2fU5d6h-MXh-U_TAzErd4aJuEK6ZG-nKjfmEILtitAgwNH_9GwHuNsBkjqC9jVAICzUExWTBhuGKPVHpH9U9I8e6eOFF7tAh6a22AqalDk3_EtpNF0EvwRIAV6AtUw62Jn20FZk8IoUNFAC_croiEH_qyjMKWpwdZHVS3Gj-zSBGYrbG3AfHfpyYUDk0WKQZeTC8RZuZn_JrInH7EPgxEfkcAD0g7GLuxu_tj9Z4K0LDTSi3A\" target=\"_blank\" rel=\"noreferrer noopener\">Les \u00e9conomies \u00e9mergentes face au d\u00e9r\u00e8glement climatique<\/a> (Tr\u00e9sor-\u00e9co)<\/p>\n\n\n\n<p><strong>Analyse<\/strong><\/p>\n\n\n\n<p><a href=\"https:\/\/theconversation.com\/ce-que-le-neoliberalisme-provoque-dans-notre-democratie-207643\" target=\"_blank\" rel=\"noreferrer noopener\">Ce que le n\u00e9olib\u00e9ralisme provoque dans notre d\u00e9mocratie<\/a> (The Conversation)<\/p>\n\n\n\n<p><a href=\"https:\/\/www.cadtm.org\/FMI-BM-Appel-pour-un-contre-sommet-a-Marrakech\" target=\"_blank\" rel=\"noreferrer noopener\">FMI-BM : Appel pour un contre-sommet \u00e0 Marrakech<\/a> (CADTM)<\/p>\n\n\n\n<p><a href=\"https:\/\/www.cadtm.org\/Plus-profonde-que-jamais-la-crise-du-capitalisme-a-bout-de-souffle\" target=\"_blank\" rel=\"noreferrer noopener\"><strong>Plus profonde que jamais, la crise du capitalisme \u00e0 bout de souffle<\/strong><\/a> (CADTM)<\/p>\n\n\n\n<p><mark style=\"background-color:rgba(0, 0, 0, 0);color:#ee0505\" class=\"has-inline-color\"><strong>15 juin<\/strong><\/mark><\/p>\n\n\n\n<p><strong>France<\/strong><\/p>\n\n\n\n<p><a href=\"https:\/\/www.lemonde.fr\/economie\/article\/2023\/06\/15\/la-croissance-francaise-sur-le-fil-du-rasoir-a-0-6-en-2023-selon-l-insee_6177797_3234.html\">La croissance fran\u00e7aise sur le fil du rasoir, \u00e0 0,6&nbsp;% en&nbsp;2023, selon pr\u00e9visions Insee<\/a> (Le Monde)<\/p>\n\n\n\n<p><a href=\"https:\/\/www.francetvinfo.fr\/politique\/parlement-francais\/logement-le-parlement-durcit-les-peines-contre-les-squatteurs_5889499.html\">Logement : le Parlement durcit les peines contre les squatteurs<\/a> (France Info)<\/p>\n\n\n\n<p><a href=\"https:\/\/www.huffingtonpost.fr\/life\/article\/la-loi-anti-squat-adoptee-par-le-parlement-aura-des-consequences-humaines-dramatiques-clx1_216293.html\"><strong>La loi \u00ab&nbsp;anti-squat&nbsp;\u00bb aura \u00ab&nbsp;des cons\u00e9quences humaines dramatiques&nbsp;\u00bb<\/strong><\/a> (HuffPost)<\/p>\n\n\n\n<p><a href=\"https:\/\/www.huffingtonpost.fr\/economie\/article\/un-debat-sur-l-isf-climatique-pierre-moscovici-dit-oui-alors-que-le-gouvernement-a-ferme-la-porte_219053.html\">Pourquoi enterrer le d\u00e9bat sur l\u2019ISF climatique&nbsp;? Moscovici tacle l\u2019ex\u00e9cutif<\/a> (HuffPost)<\/p>\n\n\n\n<p><a href=\"https:\/\/www.off-investigation.fr\/avec-des-galerese-groupe-de-bernard-bensaid-senfonce-dans-la-crise\/\" target=\"_blank\" rel=\"noreferrer noopener\">AVEC\u2026 des gal\u00e8res ? Le groupe de Bernard Bensaid s\u2019enfonce dans la crise<\/a> (Off Investigation)<\/p>\n\n\n\n<p><a href=\"https:\/\/www.connaissancedesenergies.org\/afp\/france-ralentissement-de-linflation-confirme-en-mai-51-sur-un-230615\">Ralentissement de l&rsquo;inflation confirm\u00e9 en mai (+5,1% sur un an)<\/a> (AFP)<\/p>\n\n\n\n<p><a href=\"https:\/\/www.connaissancedesenergies.org\/afp\/lasn-demande-edf-detayer-rapidement-la-prolongation-des-centrales-nucleaires-60-ans-et-au-dela-230614\">L&rsquo;ASN demande \u00e0 EDF d&rsquo;\u00e9tayer rapidement la prolongation des centrales nucl\u00e9aires \u00e0 60 ans et au-del\u00e0<\/a> (AFP)<\/p>\n\n\n\n<p><a href=\"https:\/\/www.connaissancedesenergies.org\/afp\/totalenergies-investit-dans-une-usine-de-liquefaction-de-gaz-naturel-au-texas-230614\">TotalEnergies investit dans une usine de liqu\u00e9faction de gaz naturel au Texas<\/a> (AFP)<\/p>\n\n\n\n<p><a href=\"https:\/\/common.indigo-net.com\/lib\/cookie_log\/redirector.asp?mail=n.chevillard@noos.fr&amp;ID=545871&amp;DOCIID=109703480&amp;ENAIID=820197&amp;RETOUR=SIMPLE&amp;link=https:\/\/www.glitz.paris\/fr\/maisons\/2023\/06\/15\/comment-lacoste-continue-de-vendre-en-russie-sans-enfreindre-les-sanctions,109994194-art?cxt=PUB\" target=\"_blank\" rel=\"noreferrer noopener\">Comment Lacoste continue de vendre en Russie sans enfreindre les sanctions<\/a> (Glitz)<\/p>\n\n\n\n<p><strong>Monde<\/strong><\/p>\n\n\n\n<p><a href=\"https:\/\/www.contretemps.eu\/ukraine-dette-resister-creanciers-imperialisme\/\" target=\"_blank\" rel=\"noreferrer noopener\">Ukraine : r\u00e9sister aux cr\u00e9anciers<\/a> (Contretemps)<\/p>\n\n\n\n<p><a href=\"https:\/\/www.lemonde.fr\/economie\/article\/2023\/06\/15\/la-bce-remonte-ses-taux-a-leur-niveau-le-plus-haut-depuis-22-ans-pour-faire-face-a-l-inflation_6177789_3234.html\">La BCE remonte ses taux \u00e0&nbsp;leur niveau le&nbsp;plus haut depuis 22&nbsp;ans face \u00e0&nbsp;l\u2019inflation<\/a> (Le Monde)<\/p>\n\n\n\n<p><a href=\"https:\/\/www.connaissancedesenergies.org\/petrole-un-pic-de-la-demande-mondiale-dici-la-fin-de-la-decennie-230615\">P\u00e9trole : un pic de la demande mondiale d&rsquo;ici la fin de la d\u00e9cennie ?<\/a> (Connaissance des \u00e9nergies)&nbsp;<\/p>\n\n\n\n<p><a href=\"https:\/\/redirection.b2b.infopro-digital.com\/lnk\/AWMAABoUpqoAAcXE89AAAHnKuI0AAABZQUUAANzvAAwsSQBkifm6JOD1DCDDToSR-VZ3isXViAAMCy8\/4\/5thk0PWy41s-9yJeLlcc8Q\/aHR0cHM6Ly93d3cudXNpbmVub3V2ZWxsZS5jb20vYXJ0aWNsZS9tYWxncmUtbC1lc3Nvci1kZS1sYS1wZXRyb2NoaW1pZS1ldC1kZS1sLWF2aWF0aW9uLWxlLXBpYy1wZXRyb2xpZXItZXN0LWEtbC1ob3Jpem9uLWp1Z2UtbC1hZ2VuY2UtaW50ZXJuYXRpb25hbGUtZGUtbC1lbmVyZ2llLk4yMTQyNTkyI3h0b3I9RVBSLTE2OQ#xtor=EPR-169\" target=\"_blank\" rel=\"noreferrer noopener\">Le pic p\u00e9trolier est \u00aben vue\u00bb&#8230; mais pas pour tout de suite, juge l\u2019AIE<\/a> (Usine Nouvelle)<\/p>\n\n\n\n<p><a href=\"https:\/\/redirection.b2b.infopro-digital.com\/lnk\/AUoAABrt9CEAAcXE9AYAAHnKuI0AAABZQTkAANzxAAwsSQBkiq_UJdNZU-h7Rg2N9Dzp2X5FEAAMCy8\/13\/ZOmhSLG7xzKg4xGMquQXog\/aHR0cHM6Ly93d3cudXNpbmUtZGlnaXRhbGUuZnIvYXJ0aWNsZS9icnV4ZWxsZXMtcmVjb21tYW5kZS1kZS1kZW1hbnRlbGVyLWxhLW1hY2hpbmUtcHVibGljaXRhaXJlLWRlLWdvb2dsZS5OMjE0MjkyNyN4dG9yPUVQUi00#xtor=EPR-4\" target=\"_blank\" rel=\"noreferrer noopener\">Bruxelles recommande de d\u00e9manteler la machine publicitaire de Google<\/a> (Usine Digitale)<\/p>\n\n\n\n<p><a href=\"https:\/\/redirection.b2b.infopro-digital.com\/lnk\/AUoAABrt9CEAAcXE9AYAAHnKuI0AAABZQTkAANzxAAwsSQBkiq_UJdNZU-h7Rg2N9Dzp2X5FEAAMCy8\/17\/rNNi7UD1PGVXrfK6UgoN6w\/aHR0cHM6Ly93d3cudXNpbmUtZGlnaXRhbGUuZnIvYXJ0aWNsZS9iYW5uaS1vdS1wYXMtYmFubmktaHVhd2VpLXBhcnRpY2lwZS1hLWRlcy1wcm9qZXRzLWRlLXJlY2hlcmNoZS1ldXJvcGVlbnMtZGFucy1kZXMtc2VjdGV1cnMtc2Vuc2libGVzLk4yMTQzMDE3I3h0b3I9RVBSLTQ#xtor=EPR-4\" target=\"_blank\" rel=\"noreferrer noopener\">Banni ou pas, Huawei participe \u00e0 des projets de recherche europ\u00e9ens dans des secteurs sensibles<\/a> (Usine Digitale)<\/p>\n\n\n\n<p><a href=\"https:\/\/redirection.b2b.infopro-digital.com\/lnk\/AUoAABrt9CEAAcXE9AYAAHnKuI0AAABZQTkAANzxAAwsSQBkiq_UJdNZU-h7Rg2N9Dzp2X5FEAAMCy8\/46\/JURoMcskdmBwNfLI_D1GUQ\/aHR0cHM6Ly93d3cudXNpbmUtZGlnaXRhbGUuZnIvYXJ0aWNsZS9iaW5hbmNlLWF1LWJvcmQtZHUtZ291ZmZyZS1hdXgtZXRhdHMtdW5pcy5OMjE0Mjc5MiN4dG9yPUVQUi00#xtor=EPR-4\" target=\"_blank\" rel=\"noreferrer noopener\">Binance au bord du gouffre aux \u00c9tats-Unis<\/a> (Usine Digitale)<\/p>\n\n\n\n<p><strong>Analyse<\/strong><\/p>\n\n\n\n<p><a href=\"https:\/\/theconversation.com\/le-dessalement-des-eaux-quand-lutiliser-et-a-quel-prix-207232\" target=\"_blank\" rel=\"noreferrer noopener\">Le dessalement des eaux, quand l\u2019utiliser et \u00e0 quel prix ?<\/a> (The Conversation)<\/p>\n\n\n\n<p><a href=\"https:\/\/www.alternatives-economiques.fr\/zero-artificialisation-sols-guerre-beton-rage\/00107247\" target=\"_blank\" rel=\"noreferrer noopener\">Z\u00e9ro artificialisation des sols : la guerre du b\u00e9ton fait rage<\/a> (Alter \u00e9co)<\/p>\n\n\n\n<p><a href=\"https:\/\/www.alternatives-economiques.fr\/linflation-alimentaire-gonflee-marges-industriels-3-autres-info\/00107249\" target=\"_blank\" rel=\"noreferrer noopener\">L&rsquo;inflation alimentaire gonfl\u00e9e par les marges des industriels et 3 autres infographies \u00e0 ne pas rater<\/a> (Alter \u00e9co)<\/p>\n\n\n\n<p><a href=\"https:\/\/www.60millions-mag.com\/2023\/06\/15\/fissures-plus-d-une-maison-sur-deux-est-menacee-par-la-secheresse-21626\" target=\"_blank\" rel=\"noreferrer noopener\">Fissures : plus d\u2019une maison sur deux est menac\u00e9e par la s\u00e9cheresse<\/a> (60 Millions de Consommateurs)<\/p>\n\n\n\n<p><mark style=\"background-color:rgba(0, 0, 0, 0);color:#ee0505\" class=\"has-inline-color\"><strong>14 juin<\/strong><\/mark><\/p>\n\n\n\n<p><strong>France<a><\/a><\/strong><\/p>\n\n\n\n<p><a href=\"https:\/\/common.indigo-net.com\/lib\/cookie_log\/redirector.asp?mail=n.chevillard@noos.fr&amp;ID=545838&amp;DOCIID=109703480&amp;ENAIID=820166&amp;RETOUR=SIMPLE&amp;link=https:\/\/www.lalettrea.fr\/entreprises_grande-distribution-et-services\/2023\/06\/14\/kretinsky-se-prepare-a-faire-tapis-pour-tenter-d-emporter-casino,109993947-eve?utm_source=LLA&amp;utm_medium=email&amp;utm_campaign=PROS_EDIT_FEU\" target=\"_blank\" rel=\"noreferrer noopener\">Kretinsky se pr\u00e9pare \u00e0 faire tapis pour tenter d&#8217;emporter Casino<\/a> (La Lettre A)<\/p>\n\n\n\n<p><a href=\"https:\/\/common.indigo-net.com\/lib\/cookie_log\/redirector.asp?mail=n.chevillard@noos.fr&amp;ID=545838&amp;DOCIID=109703480&amp;ENAIID=820166&amp;RETOUR=SIMPLE&amp;link=https:\/\/www.lalettrea.fr\/entreprises_grande-distribution-et-services\/2023\/06\/12\/morgan-stanley-suit-de-tres-pres-le-dossier-casino-pour-son-client-carrefour,109993114-art?utm_source=LLA&amp;utm_medium=email&amp;utm_campaign=PROS_EDIT_FEU\" target=\"_blank\" rel=\"noreferrer noopener\">Morgan Stanley suit de tr\u00e8s pr\u00e8s le dossier Casino pour son client Carrefour<\/a> (La Lettre A)<\/p>\n\n\n\n<p><a href=\"https:\/\/www.humanite.fr\/social-eco\/casino\/casino-face-la-cession-de-57-magasins-le-personnel-sonne-l-alerte-798789#xtor=RSS-1\" target=\"_blank\" rel=\"noreferrer noopener\">Casino : face \u00e0 la cession de 57 magasins, le personnel sonne l\u2019alerte&nbsp;<\/a> (L\u2019Humanit\u00e9)<\/p>\n\n\n\n<p><a href=\"https:\/\/www.alternatives-economiques.fr\/blanche-segrestin\/faire-payer-riches-climat-bases\/00107209\" target=\"_blank\" rel=\"noreferrer noopener\">Faire payer les riches pour le climat : sur quelles bases ?<\/a>&nbsp; (Alter \u00e9co)<\/p>\n\n\n\n<p><a href=\"https:\/\/www.alternatives-economiques.fr\/fermes-usines-lintenable-ruee-vers-louest\/00107256\" target=\"_blank\" rel=\"noreferrer noopener\">Fermes-usines : l&rsquo;intenable ru\u00e9e vers l&rsquo;Ouest<\/a>&nbsp;(Alter \u00e9co)<\/p>\n\n\n\n<p><a href=\"https:\/\/www.mediapart.fr\/journal\/economie-et-social\/140623\/les-requins-du-recouvrement-de-credit-l-assaut-des-emprunteurs-francais\" target=\"_blank\" rel=\"noreferrer noopener\">Les requins du recouvrement de cr\u00e9dit \u00e0 l\u2019assaut des emprunteurs fran\u00e7ais<\/a> (M\u00e9diapart)<\/p>\n\n\n\n<p><a href=\"https:\/\/www.lemediatv.fr\/emissions\/2023\/casse-de-la-sncf-leurope-decide-la-macronie-obeit-dWrj_JVHRdKIE89QO19Tgg\" target=\"_blank\" rel=\"noreferrer noopener\">Casse de la SNCF : L&rsquo;Europe d\u00e9cide, la macronie ob\u00e9it<\/a> (Le M\u00e9dia)<\/p>\n\n\n\n<p><a href=\"https:\/\/www.alternatives-economiques.fr\/timothee-duverger\/de-quoi-lentreprise-a-impact-nom\/00107239\" target=\"_blank\" rel=\"noreferrer noopener\">De quoi \u00ab l&rsquo;entreprise \u00e0 impact \u00bb est-elle le nom ?<\/a> (Alter \u00e9co)<\/p>\n\n\n\n<p><a href=\"https:\/\/basta.media\/Debat-le-19-juin-a-la-REcyclerie-L-urgence-d-enqueter-sur-le-systeme-agro-industriel-nitrites-lobbying-accident-travail-luttes-loi-orientation-agricole\" target=\"_blank\" rel=\"noreferrer noopener\">D\u00e9bat le 19 juin \u00e0 Paris : L&rsquo;urgence d&rsquo;enqu\u00eater sur le syst\u00e8me agro-industriel<\/a> (Basta!)<\/p>\n\n\n\n<p><a href=\"https:\/\/www.alternatives-economiques.fr\/submergee-grippe-aviaire-filiere-avicole-plein-doute\/00107230\" target=\"_blank\" rel=\"noreferrer noopener\">Submerg\u00e9e par la grippe aviaire, la fili\u00e8re avicole en plein doute<\/a> (Alter \u00e9co)<\/p>\n\n\n\n<p><a><strong><mark style=\"background-color:rgba(0, 0, 0, 0)\" class=\"has-inline-color has-contrast-color\">Monde<\/mark><\/strong><\/a><\/p>\n\n\n\n<p><a href=\"http:\/\/alencontre.org\/ameriques\/amelat\/argentine\/argentine-faim-et-malnutrition-dans-un-grenier-du-monde-agro-exportateur.html\">Argentine. Faim et malnutrition dans un grenier du monde agro-exportateur<\/a> (A l\u2019encontre)<\/p>\n\n\n\n<p><a href=\"https:\/\/reporterre.net\/Le-Mercosur-est-un-accord-de-commerce-neocolonial\" target=\"_blank\" rel=\"noreferrer noopener\">Le Mercosur est un accord de commerce n\u00e9ocolonial<\/a> (Reporterre)<\/p>\n\n\n\n<p><a href=\"https:\/\/reporterre.net\/En-Europe-les-trains-de-nuits-pourraient-couter-20-moins-cher\" target=\"_blank\" rel=\"noreferrer noopener\">En Europe, les trains de nuits pourraient co\u00fbter 20&nbsp;% moins cher<\/a> (Reporterre)<\/p>\n\n\n\n<p><strong>Analyse<\/strong><\/p>\n\n\n\n<p><a href=\"https:\/\/www.alternatives-economiques.fr\/speculation-une-cause-de-linflation-alimentaire\/00107244\" target=\"_blank\" rel=\"noreferrer noopener\">Est-ce que la sp\u00e9culation est une cause de l&rsquo;inflation alimentaire ? Et deux autres sujets \u00e0 trancher !<\/a>&nbsp;(Alter \u00e9co)<\/p>\n\n\n\n<p><a href=\"https:\/\/vert.eco\/articles\/en-2022-totalenergies-a-produit-165-fois-plus-dhydrocarbures-que-denergies-renouvelables\" target=\"_blank\" rel=\"noreferrer noopener\">En 2022, TotalEnergies a produit 165 fois plus d\u2019hydrocarbures que d\u2019\u00e9nergies renouvelables<\/a>(vert.eco)<\/p>\n\n\n\n<p><strong><a href=\"https:\/\/disclose.ngo\/fr\/investigations\/le-climat-sous-emprise-des-lobbies\">Les forcen\u00e9s des \u00e9nergies fossiles<\/a><\/strong> (Disclose)<\/p>\n\n\n\n<p><mark style=\"background-color:rgba(0, 0, 0, 0);color:#ee0505\" class=\"has-inline-color\"><strong>13 juin<\/strong><\/mark><\/p>\n\n\n\n<p><strong>France<a><\/a><\/strong><\/p>\n\n\n\n<p><a href=\"https:\/\/www.mediapart.fr\/journal\/economie-et-social\/120623\/fret-sncf-operation-liquidation\">Fret SNCF&nbsp;: op\u00e9ration liquidation<\/a> -Martine Orange (M\u00e9diapart)<\/p>\n\n\n\n<p><a href=\"https:\/\/www.connaissancedesenergies.org\/un-nouvel-appel-favoriser-le-report-modal-vers-le-transport-ferroviaire-230609\">Un nouvel appel \u00e0 favoriser le report modal vers le transport ferroviaire<\/a> (Connaissance des \u00e9nergies)&nbsp;<a href=\"https:\/\/www.liberation.fr\/economie\/taxation-des-riches-chez-vincent-bollore-des-lingots-dorment-20230613_P6CWIKMV3BHSDG4X2NAOZX7ODA\/\"><\/a><\/p>\n\n\n\n<p><a href=\"https:\/\/www.liberation.fr\/economie\/taxation-des-riches-chez-vincent-bollore-des-lingots-dorment-20230613_P6CWIKMV3BHSDG4X2NAOZX7ODA\/\">Taxation des riches : dans les holdings de Bollor\u00e9, des r\u00e9serves bien au chaud<\/a> (Lib\u00e9ration)<\/p>\n\n\n\n<p><a href=\"https:\/\/redirection.b2b.infopro-digital.com\/lnk\/AWkAAByuTcwAAcXE8wQAAHnKuI0AAABZQUUAANzvAAwsSQBkiKWz9kWd049VQXWjFsWr0xlr6gAMCy8\/4\/3UZAGfOhsNo21s6ogUXwmQ\/aHR0cHM6Ly93d3cudXNpbmVub3V2ZWxsZS5jb20vYXJ0aWNsZS80NTAtbWVkaWNhbWVudHMtZXNzZW50aWVscy01MC1wcmlvcml0YWlyZXMtYS1yZWxvY2FsaXNlci1kb250LTI1LWVuLXVyZ2VuY2UtZW4tZnJhbmNlLWFubm9uY2UtZW1tYW51ZWwtbWFjcm9uLk4yMTQyNDU3I3h0b3I9RVBSLTE2OQ#xtor=EPR-169\" target=\"_blank\" rel=\"noreferrer noopener\">Le plan du gouvernement pour relocaliser la production de 50 m\u00e9dicaments<\/a> (Usine Nouvelle)<\/p>\n\n\n\n<p><a href=\"https:\/\/redirection.b2b.infopro-digital.com\/lnk\/AWkAAByuTcwAAcXE8wQAAHnKuI0AAABZQUUAANzvAAwsSQBkiKWz9kWd049VQXWjFsWr0xlr6gAMCy8\/23\/rUc2earBsiEnaI0GUxUYQQ\/aHR0cHM6Ly93d3cudXNpbmVub3V2ZWxsZS5jb20vYXJ0aWNsZS9kZXMtaW5kdXN0cmllbHMtZW5nYWdlcy1kYW5zLWxhLWRlY2FyYm9uYXRpb24tZXQtbGEtdHJhbnNpdGlvbi1lbmVyZ2V0aXF1ZS1tYWlzLW1hbC1lcXVpcGVzLk4yMTM5NTU3I3h0b3I9RVBSLTE2OQ#xtor=EPR-169\" target=\"_blank\" rel=\"noreferrer noopener\">Des industriels engag\u00e9s dans la d\u00e9carbonation et la transition \u00e9nerg\u00e9tique&#8230; mais mal \u00e9quip\u00e9s<\/a> (Usine Nouvelle)<\/p>\n\n\n\n<p><a><strong><mark style=\"background-color:rgba(0, 0, 0, 0)\" class=\"has-inline-color has-contrast-color\">Monde<\/mark><\/strong><\/a><\/p>\n\n\n\n<p><a href=\"https:\/\/www.connaissancedesenergies.org\/afp\/climat-les-engagements-de-neutralite-carbone-des-entreprises-manquent-de-credibilite-juge-le-consortium-net-zero-tracker-230612\">Les engagements de \u00ab neutralit\u00e9 carbone \u00bb des entreprises manquent de cr\u00e9dibilit\u00e9, juge le consortium Net Zero Tracker<\/a> (AFP)<\/p>\n\n\n\n<p><a href=\"https:\/\/www.connaissancedesenergies.org\/afp\/irak-le-parlement-approuve-le-budget-et-donne-bagdad-la-haute-main-sur-le-petrole-kurde-230612-0\">Irak : le Parlement approuve le budget et donne \u00e0 Bagdad la haute main sur le p\u00e9trole kurde<\/a> (AFP)<\/p>\n\n\n\n<p><a href=\"https:\/\/www.connaissancedesenergies.org\/afp\/le-geant-suisse-glencore-fait-une-autre-offre-teck-resources-pour-son-charbon-230612\">Le g\u00e9ant suisse Glencore fait une autre offre \u00e0 Teck Resources pour son charbon<\/a> (AFP)<\/p>\n\n\n\n<p><a href=\"https:\/\/www.connaissancedesenergies.org\/le-gaz-naturel-progresse-encore-dans-le-mix-electrique-americain-230613\">Le gaz naturel progresse encore dans le mix \u00e9lectrique am\u00e9ricain<\/a> (Connaissance des \u00e9nergies)&nbsp;<\/p>\n\n\n\n<p><a><\/a><a href=\"https:\/\/redirection.b2b.infopro-digital.com\/lnk\/AUUAABqwZ1gAAcXE8YoAAHnKuI0AAABZQTkAANzxAAwsSQBkhrkzhE3fKdIuRLWuRsgFzw35wgAMCy8\/22\/s6yNK7LJBEBuE3lQlD0liQ\/aHR0cHM6Ly93d3cudXNpbmUtZGlnaXRhbGUuZnIvYXJ0aWNsZS9tZXRhLXMtYXBwcmV0ZS1hLWxhbmNlci11bi1yaXZhbC1kZWNlbnRyYWxpc2UtZGUtdHdpdHRlci5OMjE0MTMzNyN4dG9yPUVQUi00#xtor=EPR-4\" target=\"_blank\" rel=\"noreferrer noopener\">Meta s&rsquo;appr\u00eate \u00e0 lancer un rival d\u00e9centralis\u00e9 de Twitter<\/a> (Usine Digitale)<\/p>\n\n\n\n<p><strong>Analyse<\/strong><\/p>\n\n\n\n<p><a href=\"https:\/\/link.newsletter.franceculture.fr\/m\/ml\/7429\/806047\/uzVbLoOWewzFip62e1ItKG9C5lXTLJmivm821gAfcU8=\/MOZAzr1HdYi4BfXFvAtwEqfNTEXdZ38d9dR-IcbiQNI=\/\" target=\"_blank\" rel=\"noreferrer noopener\">Quand la Ford T mettait les ouvriers \u00e0 la cha\u00eene<\/a> (France Culture)<\/p>\n\n\n\n<p><a href=\"https:\/\/link.newsletter.franceculture.fr\/m\/ml\/7429\/805842\/wICcZNI5g1J4ydYZVK-dPW9C5lXTLJmivm821gAfcU8=\/3HFvChc6Cn2x8MUHhgCjfpkTJlddgd6HxGVTKRh7gnY=\/\" target=\"_blank\" rel=\"noreferrer noopener\">\u201cLes Buddenbrook\u201d de Thomas Mann&nbsp;: la chute d\u2019une maison marchande<\/a> (France Culture)<\/p>\n\n\n\n<p><mark style=\"background-color:rgba(0, 0, 0, 0);color:#ee0505\" class=\"has-inline-color\"><strong>12 juin<\/strong><\/mark><\/p>\n\n\n\n<p><strong>France<a><\/a><\/strong><\/p>\n\n\n\n<p><a href=\"https:\/\/www.boursorama.com\/actualite-economique\/actualites\/pourquoi-une-enquete-vise-t-elle-le-microparti-de-bruno-le-maire-0ffd2f1bb97dd1500f9c9f59a06ef322\">Pourquoi une enqu\u00eate vise-t-elle le microparti de Bruno Le Maire ?<\/a>&nbsp; (Boursorama)&nbsp;&nbsp;<\/p>\n\n\n\n<p><a href=\"https:\/\/www.boursorama.com\/actualite-economique\/actualites\/paris-lycamobile-juge-pour-blanchiment-et-escroquerie-a-la-tva-d77247fc6548e750ba9388ed9f2d7a0a\">Paris : Lycamobile jug\u00e9 pour blanchiment et escroquerie \u00e0 la TVA<\/a>&nbsp; (Boursorama)&nbsp;&nbsp;<\/p>\n\n\n\n<p><a href=\"https:\/\/www.liberation.fr\/economie\/impots-des-giga-riches-libe-a-trouve-les-33-milliards-deuros-quil-faut-pour-financer-la-transition-climatique-20230612_2HCWOCAPLZEFJEW5CPST3NWGGU\/\">Imp\u00f4ts des giga-riches : \u00abLib\u00e9\u00bb a trouv\u00e9 les 33&nbsp;mds \u20ac qu\u2019il faut pour financer la transition climatique<\/a> (Lib\u00e9ration)<a href=\"https:\/\/www.huffingtonpost.fr\/france\/article\/la-sncf-propose-la-carte-avantage-jeune-a-1-euro-via-une-loterie-comment-en-beneficier_219085.html\"><\/a><\/p>\n\n\n\n<p><a href=\"https:\/\/www.huffingtonpost.fr\/france\/article\/la-sncf-propose-la-carte-avantage-jeune-a-1-euro-via-une-loterie-comment-en-beneficier_219085.html\">La SNCF lance une nouvelle op\u00e9ration promo, voici comment y participer<\/a> (HuffPost)<\/p>\n\n\n\n<p><a href=\"https:\/\/www.mediapart.fr\/journal\/economie-et-social\/100623\/quand-lvmh-se-paye-une-campagne-de-pub-genante-dans-la-presse-ecrite\">Quand LVMH se paye une campagne de pub g\u00eanante dans la presse \u00e9crite&nbsp;<\/a> (M\u00e9diapart)<\/p>\n\n\n\n<p><a href=\"https:\/\/www.latribune.fr\/economie\/france\/reindustrialisation-derriere-les-projets-des-milliards-de-subventions-964821.html\">R\u00e9industrialisation&nbsp;: derri\u00e8re les projets, des milliards de subventions<\/a>&nbsp;(La Tribune)<\/p>\n\n\n\n<p><a href=\"https:\/\/brigittebouzonnie.substack.com\/p\/forte-inflation-baisse-du-pouvoir?utm_source=post-email-title&amp;publication_id=372862&amp;post_id=126838117&amp;isFreemail=true&amp;utm_medium=email\">Forte inflation, baisse du pouvoir d\u2019achat&nbsp;: 2023 ne sera pas une bonne ann\u00e9e<\/a>&nbsp;(Elucid)<\/p>\n\n\n\n<p><a href=\"https:\/\/www.zonebourse.com\/cours\/action\/VIVENDI-SE-4727\/actualite\/Vivendi-quitte-l-indice-CAC-40-remplace-par-Edenred-44074205\/?countview=0\">Vivendi quitte l&rsquo;indice CAC 40, remplac\u00e9 par Edenred<\/a>&nbsp;(Zone bourse)<\/p>\n\n\n\n<p><a href=\"https:\/\/www.novethic.fr\/actualite\/economie\/isr-rse\/comptoir-des-cotonniers-princesse-tam-tam-la-crise-de-l-habillement-s-aggrave-et-s-etend-au-dela-du-milieu-de-gamme-151556.html?utm_source=Abonn%C3%A9s+Novethic&amp;utm_campaign=421e4ff83b-EMAIL_CAMPAIGN_2023_06_08_02_17&amp;utm_medium=email&amp;utm_term=0_-421e4ff83b-%5BLIST_EMAIL_ID%5D\">Fermeture de&nbsp;<\/a><a href=\"https:\/\/www.novethic.fr\/actualite\/economie\/isr-rse\/comptoir-des-cotonniers-princesse-tam-tam-la-crise-de-l-habillement-s-aggrave-et-s-etend-au-dela-du-milieu-de-gamme-151556.html?utm_source=Abonn%C3%A9s+Novethic&amp;utm_campaign=421e4ff83b-EMAIL_CAMPAIGN_2023_06_08_02_17&amp;utm_medium=email&amp;utm_term=0_-421e4ff83b-%5BLIST_EMAIL_ID%5D\"><em>Comptoir des Cotonniers<\/em><\/a><a href=\"https:\/\/www.novethic.fr\/actualite\/economie\/isr-rse\/comptoir-des-cotonniers-princesse-tam-tam-la-crise-de-l-habillement-s-aggrave-et-s-etend-au-dela-du-milieu-de-gamme-151556.html?utm_source=Abonn%C3%A9s+Novethic&amp;utm_campaign=421e4ff83b-EMAIL_CAMPAIGN_2023_06_08_02_17&amp;utm_medium=email&amp;utm_term=0_-421e4ff83b-%5BLIST_EMAIL_ID%5D\">&nbsp;et&nbsp;<\/a><a href=\"https:\/\/www.novethic.fr\/actualite\/economie\/isr-rse\/comptoir-des-cotonniers-princesse-tam-tam-la-crise-de-l-habillement-s-aggrave-et-s-etend-au-dela-du-milieu-de-gamme-151556.html?utm_source=Abonn%C3%A9s+Novethic&amp;utm_campaign=421e4ff83b-EMAIL_CAMPAIGN_2023_06_08_02_17&amp;utm_medium=email&amp;utm_term=0_-421e4ff83b-%5BLIST_EMAIL_ID%5D\"><em>Princesse Tam Tam<\/em><\/a><a href=\"https:\/\/www.novethic.fr\/actualite\/economie\/isr-rse\/comptoir-des-cotonniers-princesse-tam-tam-la-crise-de-l-habillement-s-aggrave-et-s-etend-au-dela-du-milieu-de-gamme-151556.html?utm_source=Abonn%C3%A9s+Novethic&amp;utm_campaign=421e4ff83b-EMAIL_CAMPAIGN_2023_06_08_02_17&amp;utm_medium=email&amp;utm_term=0_-421e4ff83b-%5BLIST_EMAIL_ID%5D\">&nbsp;: la crise de l&rsquo;habillement s&rsquo;enlise<\/a>&nbsp;(Novethic)<\/p>\n\n\n\n<p><a><strong>Monde<\/strong><\/a><a><\/a><\/p>\n\n\n\n<p><a href=\"https:\/\/www.boursorama.com\/actualite-economique\/actualites\/les-etats-unis-vont-reintegrer-l-unesco-a-partir-de-juillet-81b35d8ac6f2f2e6c76e85d7e33c51fb\">Les \u00c9tats-Unis vont r\u00e9int\u00e9grer l&rsquo;Unesco \u00e0 partir de juillet<\/a> (Reuters) &nbsp;&nbsp;<\/p>\n\n\n\n<p><a href=\"https:\/\/www.boursorama.com\/actualite-economique\/actualites\/le-rachat-finalise-ubs-peut-commencer-pour-de-bon-l-integration-de-credit-suisse-58ac1667e3253c5904250ce60c8fc039\">Le rachat finalis\u00e9, UBS peut commencer pour de bon l&rsquo;int\u00e9gration de Credit Suisse<\/a> (Reuters) &nbsp;&nbsp;<\/p>\n\n\n\n<p><a href=\"https:\/\/blogs.mediapart.fr\/cadtm\/blog\/120623\/face-la-crise-bancaire-les-etats-unis-et-leurope-vulnerables\">Face \u00e0 la crise bancaire, les \u00c9tats-Unis et l&rsquo;Europe vuln\u00e9rables<\/a> (CADTM)<\/p>\n\n\n\n<p><a href=\"https:\/\/www.economiematin.fr\/recession-zone-euro-pib-eurostat-croissance\">Europe. La zone euro entre officiellement en r\u00e9cession<\/a>&nbsp;(Economie matin)<\/p>\n\n\n\n<p><a href=\"https:\/\/www.zonebourse.com\/actualite-bourse\/Contraction-de-0-1-du-PIB-de-la-zone-euro-au-premier-trimestre--44068746\/?countview=0\">Europe.&nbsp;<\/a><a href=\"https:\/\/www.zonebourse.com\/actualite-bourse\/Contraction-de-0-1-du-PIB-de-la-zone-euro-au-premier-trimestre--44068746\/?countview=0\">Contraction de 0,1% du PIB de la zone euro au premier trimestre<\/a>&nbsp;(Zone bourse)<\/p>\n\n\n\n<p><a href=\"https:\/\/www.xerficanal.com\/economie\/emission\/Alexandre-Mirlicourtois-Espagne-le-faux-rebond-de-l-economie_3751784.html?utm_source=brevo&amp;utm_campaign=XC080623&amp;utm_medium=email\">Espagne : le faux rebond de l&rsquo;\u00e9conomie<\/a>&nbsp;(Xerfi Canal)<\/p>\n\n\n\n<p><a href=\"https:\/\/www.courrierinternational.com\/article\/economie-dans-l-impasse-la-tunisie-cherche-des-alternatives-au-fmi?xtor=EREC-20-20230608-4-nl_quotidienne\">Dans l\u2019impasse, la Tunisie cherche des alternatives au FMI<\/a>&nbsp;(Courrier international)<\/p>\n\n\n\n<p><strong>Analyse<\/strong><\/p>\n\n\n\n<p><a href=\"http:\/\/www.zones-subversives.com\/2022\/04\/cornelius-castoriadis-et-la-lutte-contre-le-capitalisme.html?utm_source=_ob_email&amp;utm_medium=_ob_notification&amp;utm_campaign=_ob_pushmail\">Corn\u00e9lius Castoriadis contre le capitalisme<\/a>&nbsp;(Chroniques critiques)<\/p>\n\n\n\n<p><a href=\"https:\/\/la-chronique-agora.com\/richesse-reelle-gains-artificiels\/?bsft_aaid=bb3f7176-82dd-463a-865c-36185f45823b&amp;bsft_eid=b67fc108-0ffe-04dd-d4f3-b364342c291b&amp;utm_medium=email&amp;utm_source=blueshift&amp;bsft_clkid=b0fa1e79-a8c4-432c-a884-7a21b88f389c&amp;bsft_uid=563d856b-b5cb-41c1-9925-b3c0abf7f440&amp;bsft_mid=2e60df61-1e68-4072-b722-859ae3269007&amp;bsft_utid=563d856b-b5cb-41c1-9925-b3c0abf7f440-LCA&amp;bsft_mime_type=html&amp;bsft_ek=2023-06-09T10%3A00%3A43Z&amp;bsft_lx=3&amp;bsft_tv=3&amp;pk=cf75766a5bdd6fc70f3b473878b257e8&amp;utm_campaign=%5BEDT%5D_230609_-_LCA_NEWSLETTER&amp;vid2=7241a8a553ec992fb1979a863d14aee55c9113825cb909266e5f5823979d4095a23f0bd0d2f0b1000cd8d3c03275c9a2\">Richesse r\u00e9elle et gains artificiels<\/a>&nbsp;(Chronique agora)<\/p>\n\n\n\n<p><a href=\"https:\/\/www.boursorama.com\/actualite-economique\/actualites\/dette-publique-decarboner-pour-garder-le-aa-25257d4dd20813cfbaed646b752387cd\">Dette publique : d\u00e9carboner pour garder le AA ?<\/a> (Le cercle des \u00e9conomistes)<\/p>\n\n\n\n<p><mark style=\"background-color:rgba(0, 0, 0, 0);color:#ee0505\" class=\"has-inline-color\"><strong>10 juin<\/strong><\/mark><\/p>\n\n\n\n<p><a href=\"https:\/\/lesjours.fr\/obsessions\/alerte-secheresse-saison-3\/ep34-gabriel-attal-dette\/\" target=\"_blank\" rel=\"noreferrer noopener\">Gabriel Attal, dette look up !<\/a>&nbsp;(Les Jours)<\/p>\n\n\n\n<p><a href=\"https:\/\/vert.eco\/articles\/francois-ruffin-il-nous-faut-une-economie-de-guerre-climatique\" target=\"_blank\" rel=\"noreferrer noopener\"><strong>Fran\u00e7ois Ruffin&nbsp;: \u00abIl nous faut une \u00e9conomie de guerre climatique\u00bb<\/strong>&nbsp;<\/a> (vert.eco)<\/p>\n\n\n\n<p><strong><a href=\"https:\/\/www.frustrationmagazine.fr\/penuries-de-medicaments-lindustrie-pharmaceutique-est-coupable\/\" target=\"_blank\" rel=\"noreferrer noopener\">P\u00e9nuries de m\u00e9dicaments : l\u2019industrie pharmaceutique est coupable<\/a>&nbsp;<\/strong>(Frustration)<\/p>\n\n\n\n<p><a href=\"https:\/\/www.humanite.fr\/politique\/prix-du-gaz\/la-liberalisation-des-tarifs-du-gaz-n-est-pas-une-formalite-797948#xtor=RSS-1\" target=\"_blank\" rel=\"noreferrer noopener\">La lib\u00e9ralisation des tarifs du gaz n\u2019est pas une formalit\u00e9<\/a>&nbsp;(L\u2019Humanit\u00e9)<\/p>\n\n\n\n<p><a href=\"https:\/\/lesjours.fr\/obsessions\/lagardere-heritier\/ep45-opa-valide-bollore\/\" target=\"_blank\" rel=\"noreferrer noopener\">L\u2019OPA de Vivendi-Bollor\u00e9 est valid\u00e9e : Lagard\u00e8re ira \u00e0 toi !<\/a>&nbsp; (Les Jours)<\/p>\n\n\n\n<p><a href=\"https:\/\/www.humanite.fr\/social-eco\/commerce\/la-grande-recre-joueclub-designe-comme-repreneur-la-majorite-des-emplois-sauves-798465#xtor=RSS-1\" target=\"_blank\" rel=\"noreferrer noopener\">La Grande R\u00e9cr\u00e9 : Jou\u00e9Club d\u00e9sign\u00e9 comme repreneur, la majorit\u00e9 des emplois sauv\u00e9s<\/a>&nbsp; (L\u2019Humanit\u00e9)<\/p>\n\n\n\n<p><a href=\"https:\/\/www.humanite.fr\/social-eco\/cac-40\/superprofits-l-observatoire-des-multinationales-propose-de-demanteler-les-grands-groupes-798462#xtor=RSS-1\" target=\"_blank\" rel=\"noreferrer noopener\">Superprofits. L\u2019Observatoire des multinationales propose de d\u00e9manteler les grands groupes<\/a>&nbsp; (L\u2019Humanit\u00e9)<\/p>\n\n\n\n<p><strong><a href=\"https:\/\/www.alternatives-economiques.fr\/anne-laure-delatte\/surtaxees-entreprises-francaises-vraiment\/00106987?utm_source=emailing&amp;utm_medium=email&amp;utm_content=08062023&amp;utm_campaign=quotidienne\">Surtax\u00e9es les entreprises fran\u00e7aises&nbsp;? Vraiment&nbsp;?<\/a> &nbsp;<\/strong>(Alter \u00e9co)<\/p>\n\n\n\n<p><a href=\"https:\/\/www.natura-sciences.com\/s-adapter\/laides-panneaux-solaires-augmentent-2023.html\" target=\"_blank\" rel=\"noreferrer noopener\">Les aides \u00e0 l\u2019installation de panneaux solaires augmentent en 2023<\/a>&nbsp;(Natura Sciences)<\/p>\n\n\n\n<p><a href=\"https:\/\/www.boursorama.com\/conso\/actualites\/inflation-peages-d-autoroutes-piscines-non-declarees-les-infos-de-la-semaine-83951df95981934176abdfb9c066d733\">Inflation, p\u00e9ages d&rsquo;autoroutes, piscines non d\u00e9clar\u00e9es : les infos de la semaine<\/a> (Boursorama)&nbsp;&nbsp;<\/p>\n\n\n\n<p><a href=\"https:\/\/www.force-ouvriere.fr\/un-impot-sur-le-revenu-degressif-pour-les-plus-fortunes\" target=\"_blank\" rel=\"noreferrer noopener\">Un imp\u00f4t sur le revenu d\u00e9gressif pour les plus fortun\u00e9s&nbsp;!<\/a>&nbsp; (Force Ouvri\u00e8re)<\/p>\n\n\n\n<p><a href=\"https:\/\/www.alternatives-economiques.fr\/faut-sinquieter-de-dette-publique-francaise\/00107192\" target=\"_blank\" rel=\"noreferrer noopener\">Faut-il s\u2019inqui\u00e9ter de la dette publique fran\u00e7aise ?<\/a>&nbsp; -Christian Chavagneux <a>(Alter \u00e9co)<\/a><\/p>\n\n\n\n<p><a href=\"https:\/\/www.alternatives-economiques.fr\/coliving-un-juteux-business-exacerbe-crise-logement\/00107165\" target=\"_blank\" rel=\"noreferrer noopener\">Le coliving, un juteux business qui exacerbe la crise du logement<\/a>&nbsp; (Alter \u00e9co)<\/p>\n\n\n\n<p><a href=\"https:\/\/redirection.b2b.infopro-digital.com\/lnk\/AWgAABx_Z6IAAcXE8GIAAHnKuI0AAABZQUUAANzvAAwsSQBkghHVdcsfaichTJ6HKDly17NimAAMCy8\/7\/piLWzNkvQsm83iMbc0fubQ\/aHR0cHM6Ly93d3cudXNpbmVub3V2ZWxsZS5jb20vYXJ0aWNsZS9lZGYtcXVpdHRlLWxhLWJvdXJzZS1sLWV0YXQtcmVkZXZpZW50LXNvbi11bmlxdWUtYWN0aW9ubmFpcmUuTjIxNDA4MTIjeHRvcj1FUFItMTY5#xtor=EPR-169\" target=\"_blank\" rel=\"noreferrer noopener\">EDF quitte la Bourse, l\u2019Etat redevient son unique actionnaire<\/a> (Usine Nouvelle)<\/p>\n\n\n\n<p><strong>Monde<\/strong><\/p>\n\n\n\n<p><a href=\"https:\/\/www.connaissancedesenergies.org\/afp\/energie-lue-reduit-ses-emissions-de-co2-en-2022-avec-la-crise-du-gaz-230609\">Energie : l&rsquo;UE a r\u00e9duit ses \u00e9missions de CO2 en 2022 avec la crise du gaz<\/a> (AFP)<\/p>\n\n\n\n<p><a href=\"https:\/\/redirection.b2b.infopro-digital.com\/lnk\/AXIAABwQboMAAcXE8W4AAHnKuI0AAABZQTkAANzrAAwsSQBkhCE_Of8IPn66RimkLsOGq0odTAAMCy8\/26\/BMlmv8sQpgshcmc0JgrzfA\/aHR0cHM6Ly93d3cudXNpbmUtZGlnaXRhbGUuZnIvYXJ0aWNsZS9sZXMtc3RhcnQtdXAtZXVyb3BlZW5uZXMtZGV2cmFpZW50LWxldmVyLTUxLW1pbGxpYXJkLWRlLWRvbGxhcnMtY2V0dGUtYW5uZWUtc29pdC0zOS1kZS1tb2lucy1xdS1lbi0yMDIyLk4yMTQxNTUyI3h0b3I9RVBSLTY#xtor=EPR-6\" target=\"_blank\" rel=\"noreferrer noopener\">Les start-up europ\u00e9ennes devraient lever 51 mds $ cette ann\u00e9e, 39% de moins qu&rsquo;en 2022<\/a> (Usine Digitale)<\/p>\n\n\n\n<p><a href=\"https:\/\/www.cadtm.org\/3-questions-a-Sushovan-Dhar-sur-la-catastrophe-ferroviaire-en-Inde\" target=\"_blank\" rel=\"noreferrer noopener\">3 questions \u00e0 Sushovan Dhar sur la catastrophe ferroviaire en Inde<\/a>&nbsp;(CADTM)<\/p>\n\n\n\n<p><a href=\"https:\/\/www.cadtm.org\/L-etreinte-de-la-dette\" target=\"_blank\" rel=\"noreferrer noopener\">L&rsquo;\u00e9treinte de la dette au Br\u00e9sil<\/a>&nbsp;(CADTM)<\/p>\n\n\n\n<p><a href=\"https:\/\/www.alternatives-economiques.fr\/petroliers-a-manoeuvre-contre-futur-traite-pollution-plastiq\/00107227?utm_source=emailing&amp;utm_medium=email&amp;utm_content=09062023&amp;utm_campaign=quotidienne\" target=\"_blank\" rel=\"noreferrer noopener\">Les p\u00e9troliers \u00e0 la man\u0153uvre contre le futur trait\u00e9 sur la pollution plastique<\/a>&nbsp; (Alter \u00e9co)<\/p>\n\n\n\n<p><a href=\"https:\/\/www.boursorama.com\/actualite-economique\/actualites\/l-argentine-realise-une-importante-operation-de-conversion-de-dette-en-pesos-351bec85701c3f8066f8beffb1abbed8\">L&rsquo;Argentine r\u00e9alise une importante op\u00e9ration de conversion de dette en pesos<\/a> (AFP)<\/p>\n\n\n\n<p><a href=\"https:\/\/www.boursorama.com\/actualite-economique\/actualites\/la-france-souhaite-s-associer-au-chili-dans-l-extraction-de-lithium-5e1fca2964704da47ac1db304b9de2d2\">La France souhaite s&rsquo;associer au Chili dans l&rsquo;extraction de lithium<\/a> (AFP)<\/p>\n\n\n\n<p><a href=\"https:\/\/lvsl.fr\/integration-regionale-libre-echange-et-non-alignement-cecilia-nicolini\/\" target=\"_blank\" rel=\"noreferrer noopener\">Int\u00e9gration r\u00e9gionale, libre-\u00e9change et \u00abnon-alignement\u00bb : entretien avec Cecilia Nicolini<\/a>&nbsp; (Le Vent Se L\u00e8ve)<\/p>\n\n\n\n<p><strong>Analyse<\/strong><\/p>\n\n\n\n<p><strong><a href=\"https:\/\/www.alternatives-economiques.fr\/coulisses-de-lutte-contre-paradis-fiscaux\/00107077\" target=\"_blank\" rel=\"noreferrer noopener\">Dans les coulisses de la lutte contre les paradis fiscaux<\/a>&nbsp; <\/strong>(Alter \u00e9co)<\/p>\n\n\n\n<p><a href=\"https:\/\/www.alternatives-economiques.fr\/milliardaires-paient-dimpots-autres\/00107212\" target=\"_blank\" rel=\"noreferrer noopener\">Pourquoi les milliardaires paient moins d&rsquo;imp\u00f4ts que les autres<\/a>&nbsp; (Alter \u00e9co)<\/p>\n\n\n\n<p><a href=\"https:\/\/www.connaissancedesenergies.org\/un-nouvel-appel-favoriser-le-report-modal-vers-le-transport-ferroviaire-230609\">Un nouvel appel \u00e0 favoriser le report modal vers le transport ferroviaire<\/a> (Connaissance des \u00e9nergies)&nbsp;<\/p>\n\n\n\n<p><a href=\"https:\/\/www.connaissancedesenergies.org\/tribune-actualite-energies\/rapport-pisani-ferry-mahfouz-que-faut-il-en-retenir\">Rapport Pisani-Ferry &amp; Mahfouz : que faut-il en retenir ?<\/a> (Connaissance des \u00e9nergies)&nbsp;<\/p>\n\n\n\n<p><a href=\"https:\/\/www.alternatives-economiques.fr\/guillaume-allegre\/rsa-attention-a-ne-enfermer-davantage-pauvres-pauvrete\/00107178\" target=\"_blank\" rel=\"noreferrer noopener\">RSA : attention \u00e0 ne pas enfermer davantage les pauvres dans la pauvret\u00e9<\/a>&nbsp; (Alter \u00e9co)<\/p>\n\n\n\n<p><mark style=\"background-color:rgba(0, 0, 0, 0);color:#ee0505\" class=\"has-inline-color\"><strong>9 juin<\/strong><\/mark><\/p>\n\n\n\n<p><mark style=\"background-color:rgba(0, 0, 0, 0);color:#ee0505\" class=\"has-inline-color\"><strong>7 juin<\/strong><\/mark><\/p>\n\n\n\n<p><strong>France<\/strong><\/p>\n\n\n\n<p><a href=\"https:\/\/www.boursorama.com\/actualite-economique\/actualites\/budget-des-armees-les-deputes-valident-une-enveloppe-de-413-milliards-sur-sept-ans-1a4f755ded8e37cb3a071e6e7db9a274\">Budget des arm\u00e9es: les d\u00e9put\u00e9s valident une enveloppe de 413 milliards sur sept ans<\/a> (AFP)<\/p>\n\n\n\n<p><a href=\"https:\/\/www.mediapart.fr\/journal\/economie-et-social\/060623\/la-france-eldorado-fiscal-pour-les-milliardaires\">La France, eldorado fiscal pour les milliardaires<\/a> (M\u00e9diapart)<\/p>\n\n\n\n<p><a href=\"https:\/\/common.indigo-net.com\/lib\/cookie_log\/redirector.asp?mail=n.chevillard@noos.fr&amp;ID=545236&amp;DOCIID=109703480&amp;ENAIID=819585&amp;RETOUR=SIMPLE&amp;link=https:\/\/www.lalettrea.fr\/action-publique_executif\/2023\/06\/07\/a-bercy-le-blues-des-fins-limiers-du-fisc-malgre-les-annonces-de-gabriel-attal,109991598-eve?cxt=PUB&amp;utm_source=LLA&amp;utm_medium=email&amp;utm_campaign=AUTO_EDIT_SOM\" target=\"_blank\" rel=\"noreferrer noopener\">A Bercy, le blues des fins limiers du fisc malgr\u00e9 les annonces de Gabriel Attal<\/a> (La Lettre A)<\/p>\n\n\n\n<p><a href=\"https:\/\/common.indigo-net.com\/lib\/cookie_log\/redirector.asp?mail=n.chevillard@noos.fr&amp;ID=545236&amp;DOCIID=109703480&amp;ENAIID=819585&amp;RETOUR=SIMPLE&amp;link=https:\/\/www.lalettrea.fr\/entreprises_tech-et-telecoms\/2023\/06\/07\/orange-bank--le-risque-d-un-effet-boomerang-pour-groupama,109991558-art?cxt=PUB&amp;utm_source=LLA&amp;utm_medium=email&amp;utm_campaign=AUTO_EDIT_SOM\" target=\"_blank\" rel=\"noreferrer noopener\">Orange Bank : le risque d&rsquo;un effet \u00ab\u00a0boomerang\u00a0\u00bb pour Groupama<\/a> (La Lettre A)<\/p>\n\n\n\n<p><a href=\"https:\/\/www.huffingtonpost.fr\/environnement\/article\/electricite-le-nucleaire-ne-sera-pas-suffisant-d-ici-a-2035_218875.html\">Pour avoir assez d\u2019\u00e9lectricit\u00e9 jusqu\u2019en 2035, la France ne peut pas miser que sur le nucl\u00e9aire<\/a> (HuffPost)<\/p>\n\n\n\n<p><a href=\"https:\/\/www.francetvinfo.fr\/politique\/l-assemblee-nationale-rejette-les-comptes-de-la-securite-sociale-pour-2022_5873135.html\">L\u2019Assembl\u00e9e nationale rejette les comptes de la S\u00e9curit\u00e9 sociale pour 2022<\/a> (France Info)<a href=\"https:\/\/www.huffingtonpost.fr\/politique\/article\/avec-sa-decision-sur-la-ppl-liot-braun-pivet-s-attire-les-foudres-des-oppositions_218856.html\"><\/a><\/p>\n\n\n\n<p><a href=\"https:\/\/redirection.b2b.infopro-digital.com\/lnk\/AWEAABlMzjUAAcXE7tYAAHnKuI0AAABZQTkAANzxAAwsSQBkgCOfj4boaZfZRJKczmrD5t5vMwAMCy8\/46\/xItcQSeHFjvoGUgh9okSHg\/aHR0cHM6Ly93d3cudXNpbmUtZGlnaXRhbGUuZnIvYXJ0aWNsZS9mbGluay1lc3QtcGxhY2UtZW4tcmVkcmVzc2VtZW50LWp1ZGljaWFpcmUtZW4tZnJhbmNlLWV0LWFiYW5kb25uZS1sZS1tYXJjaGUuTjIxMzk5MzIjeHRvcj1FUFItNA#xtor=EPR-4\" target=\"_blank\" rel=\"noreferrer noopener\">Flink est plac\u00e9 en redressement judiciaire en France et abandonne le march\u00e9<\/a> (Usine Digitale)<\/p>\n\n\n\n<p><strong>Monde<\/strong><\/p>\n\n\n\n<p><a href=\"https:\/\/www.rfi.fr\/fr\/environnement\/20230607-finance-climatique-qui-est-mia-amor-mottley-chantre-d-un-nouvel-ordre-financier-mondial\">Finance climatique : qui est Mia Amor Mottley, chantre d\u2019un nouvel ordre financier mondial?<\/a> (RFI)<\/p>\n\n\n\n<p><a href=\"https:\/\/blogs.mediapart.fr\/cadtm\/blog\/070623\/l-arnaque-de-l-echange-dette-contre-nature-de-l-equateur-surendette\">L\u2019arnaque de l\u2019\u00e9change \u00ab dette contre nature \u00bb de l\u2019\u00c9quateur surendett\u00e9<\/a>&nbsp;(CADTM)<\/p>\n\n\n\n<p><a href=\"https:\/\/redirection.b2b.infopro-digital.com\/lnk\/AWEAABlMzjUAAcXE7tYAAHnKuI0AAABZQTkAANzxAAwsSQBkgCOfj4boaZfZRJKczmrD5t5vMwAMCy8\/9\/5ZhC7anyK_3ki6DDwZ3e0A\/aHR0cHM6Ly93d3cudXNpbmUtZGlnaXRhbGUuZnIvYXJ0aWNsZS9iaW5hbmNlLWV0LXNvbi1wYXRyb24tcG91cnN1aXZpcy1lbi1qdXN0aWNlLXBhci1sZS1yZWd1bGF0ZXVyLWFtZXJpY2Fpbi5OMjEzOTgzNyN4dG9yPUVQUi00#xtor=EPR-4\" target=\"_blank\" rel=\"noreferrer noopener\">Binance et son patron poursuivis en justice par le r\u00e9gulateur am\u00e9ricain<\/a> (Usine Digitale)<\/p>\n\n\n\n<p><a href=\"https:\/\/redirection.b2b.infopro-digital.com\/lnk\/AWEAABlMzjUAAcXE7tYAAHnKuI0AAABZQTkAANzxAAwsSQBkgCOfj4boaZfZRJKczmrD5t5vMwAMCy8\/30\/N4VzqNfJexUwwtBtHyrN8g\/aHR0cHM6Ly93d3cudXNpbmUtZGlnaXRhbGUuZnIvYXJ0aWNsZS9sZXMtcmVjZXR0ZXMtcHVibGljaXRhaXJlcy1kZS10d2l0dGVyLWNvbnRpbnVlbnQtZGUtcGxvbmdlci5OMjEzOTk4NyN4dG9yPUVQUi00#xtor=EPR-4\" target=\"_blank\" rel=\"noreferrer noopener\">Les recettes publicitaires de Twitter continuent de plonger<\/a> (Usine Digitale)<\/p>\n\n\n\n<p><a href=\"https:\/\/www.connaissancedesenergies.org\/afp\/la-compagnie-petroliere-adnoc-pu-lire-des-courriels-de-la-cop28-selon-guardian-230607\">La compagnie p\u00e9troli\u00e8re Adnoc a pu lire des courriels de la COP28, selon The Guardian<\/a> (AFP)<\/p>\n\n\n\n<p><a href=\"https:\/\/www.connaissancedesenergies.org\/afp\/le-barrage-hydroelectrique-de-kakhovka-ouvrage-cle-dans-le-sud-de-lukraine-230606\">Le barrage hydro\u00e9lectrique de Kakhovka, ouvrage cl\u00e9 dans le Sud de l&rsquo;Ukraine<\/a> (AFP)<\/p>\n\n\n\n<p><a href=\"https:\/\/redirection.b2b.infopro-digital.com\/lnk\/AVcAABljYigAAcXE7q4AAHnKuI0AAABZQUUAANzvAAwsSQBkf2peZzjczeL5QIWI6DwRWSw5EAAMCy8\/7\/lcPY8QWu0k7xM_v6v1e9bA\/aHR0cHM6Ly93d3cudXNpbmVub3V2ZWxsZS5jb20vYXJ0aWNsZS9sLWFsbGVtYWduZS1sYW5jZS1kZXMtY29udHJhdHMtY2FyYm9uZS1wb3VyLWxhLWRpZmZlcmVuY2UtY2NmZC1wb3VyLWRlY2FyYm9uZXItc29uLWluZHVzdHJpZS5OMjE0MDE3MiN4dG9yPUVQUi0xNjk#xtor=EPR-169\" target=\"_blank\" rel=\"noreferrer noopener\">L&rsquo;Allemagne d\u00e9voile son instrument financier pour d\u00e9carboner son industrie<\/a> (Usine nouvelle)<\/p>\n\n\n\n<p><a href=\"https:\/\/www.connaissancedesenergies.org\/pres-de-675-millions-de-personnes-toujours-depourvues-delectricite-dans-le-monde-230607\">Pr\u00e8s&nbsp;de&nbsp;675 millions de personnes toujours d\u00e9pourvues&nbsp;d&rsquo;\u00e9lectricit\u00e9 dans le monde<\/a> (Connaissance des \u00e9nergies)&nbsp;<\/p>\n\n\n\n<p><a href=\"https:\/\/u7061146.ct.sendgrid.net\/ls\/click?upn=4tNED-2FM8iDZJQyQ53jATUVGBt0Oh6SFOnunqD87JepjLjZQd9YpHNMkllsGKOlWr65T5jww0p4g5SaD-2FTD7CJw-3D-3DQfGO_9lJWQoRg-2BKaa3KSkJQTCZvagMEBZxhyko68STv2neD2gYTx8FoTkEltdchO0XuhCN1oOkxe4jWgCw4hLhfRrWyuXw3iUix-2FUA302CepC3qb7Hn-2Fd4P4JZE4PpJPW6PAMUdYiT0L4XUhjqmSoOH7hoiDe7bJyCL7js38W-2Fn5hSMppA-2BaNXl7wHEH8UD48s1QXz2BPK7rVoehgUo3RvYeYnw5CPgXwmZAN8F91zvlDGoTki21QnZvnGWUCKgvlJXCnKsY6Y-2B8q2fFmBu-2Fcn95bde7NSzKQegAmiVwL-2FSe-2BP669si-2FKaRr1QDcYOzQzmJyiSdFZ7yIckfHhi3uzFCE8P6v1DtJdzdQg2ewKJswmcgo-3D\" target=\"_blank\" rel=\"noreferrer noopener\">Perspectives \u00e9conomiques de l\u2019OCDE<\/a> (Rapport, OCDE)<\/p>\n\n\n\n<p><strong>Analyse<\/strong><\/p>\n\n\n\n<p><a href=\"https:\/\/www.connaissancedesenergies.org\/factures-denergie-apres-le-bouclier-tarifaire-le-filet-solidaire-230606\">Factures d\u2019\u00e9nergie : apr\u00e8s le bouclier tarifaire, le filet solidaire<\/a> (Connaissance des \u00e9nergies)&nbsp;<\/p>\n\n\n\n<p><a href=\"https:\/\/lvsl.fr\/valeur-travail-sortir-des-pieges\/?utm_source=sendinblue&amp;utm_campaign=Newsletter_Derniers_Articles&amp;utm_medium=email\">Valeur travail&nbsp;: sortir des pi\u00e8ges<\/a> (LVSL)<\/p>\n\n\n\n<p><mark style=\"background-color:rgba(0, 0, 0, 0);color:#ee0505\" class=\"has-inline-color\"><strong>6 juin<\/strong><\/mark><\/p>\n\n\n\n<p><strong>France<a><\/a><\/strong><\/p>\n\n\n\n<p><a href=\"https:\/\/www.liberation.fr\/economie\/en-france-des-impots-au-rabais-pour-les-giga-riches-20230606_4FCZTEW6IJE7DI3H2CYDKYB5LE\/\">En France, les milliardaires sont moins tax\u00e9s que les millionnaires<\/a> (Lib\u00e9ration)<\/p>\n\n\n\n<p><a href=\"https:\/\/www.alternatives-economiques.fr\/plan-de-valorisation-entreprise-une-nouvelle-prime-gadget\/00107177\" target=\"_blank\" rel=\"noreferrer noopener\">Plan de valorisation en entreprise : une nouvelle prime gadget<\/a>&nbsp;(Alter \u00e9co)<\/p>\n\n\n\n<p><a href=\"https:\/\/www.mediapart.fr\/journal\/france\/040623\/macron-et-le-logement-un-si-long-aveuglement\">Macron et le logement&nbsp;: un si long aveuglement<\/a> (M\u00e9diapart)<\/p>\n\n\n\n<p><a href=\"https:\/\/redirection.b2b.infopro-digital.com\/lnk\/AWIAABkbuo0AAcXE7oYAAHnKuI0AAABZQUUAIBNRAAwsSQBkf0GjTD5zJqdWQDmkq1ufyC2udQAMCy8\/9\/yFC7VKIeVEHY3Nks8Ia-Ug\/aHR0cHM6Ly93d3cudXNpbmVub3V2ZWxsZS5jb20vYXJ0aWNsZS9wbGFzdGljbGVhbi1pbmF1Z3VyZS1sZS1wcmVtaWVyLWNlbnRyZS1mcmFuY2Fpcy1kZS1yZWN5Y2xhZ2UtZGUtZmlsbXMtcGxhc3RpcXVlcy1tYXJhaWNoZXJzLXByZXMtZGUtbW9udHBlbGxpZXIuTjIxMzc1MDc\" target=\"_blank\" rel=\"noreferrer noopener\">Une premi\u00e8re unit\u00e9 de&nbsp;recyclage des films plastiques de paillage&nbsp;de France<\/a> (Usine Nouvelle)<\/p>\n\n\n\n<p><a href=\"https:\/\/redirection.b2b.infopro-digital.com\/lnk\/AV8AABkkVjcAAcXE7dgAAHnKuI0AAABZQUUAANzvAAwsSQBkfhmR83pmokfESdeLsU3qVxdfrwAMCy8\/4\/3DMUE7IemxQAmBkZnyU1tw\/aHR0cHM6Ly93d3cudXNpbmVub3V2ZWxsZS5jb20vYXJ0aWNsZS9sLWV0YXQtYWNjb3JkZS11bmUtYWlkZS1kZS0yLTktbWlsbGlhcmRzLWQtZXVyb3MtYS1sYS1tZWdhZmFiLWRlLWRlLXN0bWljcm9lbGVjdHJvbmljcy1ldC1nbG9iYWxmb3VuZHJpZXMuTjIxMzk2OTcjeHRvcj1FUFItMTY5#xtor=EPR-169\" target=\"_blank\" rel=\"noreferrer noopener\">L\u2019Etat accorde une aide de 2,9 milliards \u20ac \u00e0 la m\u00e9gafab de STMicro et GlobalFoundries<\/a> (Usine Nouvelle)<\/p>\n\n\n\n<p><a href=\"https:\/\/redirection.b2b.infopro-digital.com\/lnk\/AV8AABkkVjcAAcXE7dgAAHnKuI0AAABZQUUAANzvAAwsSQBkfhmR83pmokfESdeLsU3qVxdfrwAMCy8\/20\/i5pWWOdvlkw3nJhT_s1AZQ\/aHR0cHM6Ly93d3cudXNpbmVub3V2ZWxsZS5jb20vYXJ0aWNsZS9zdGVsbGFudGlzLXMtYWxsaWUtYXUtYmVsZ2UtZ2FsbG9vLWRhbnMtbGUtcmVjeWNsYWdlLWRlcy12b2l0dXJlcy5OMjEzOTYyNyN4dG9yPUVQUi0xNjk#xtor=EPR-169\" target=\"_blank\" rel=\"noreferrer noopener\">Stellantis s&rsquo;allie au belge Galloo dans le recyclage des voitures<\/a> (Usine Nouvelle)<\/p>\n\n\n\n<p><a href=\"https:\/\/rapportsdeforce.fr\/classes-en-lutte\/tisseo-malgre-une-greve-de-quatre-jours-le-silence-de-la-direction-060318327\" target=\"_blank\" rel=\"noreferrer noopener\">Tiss\u00e9o : malgr\u00e9 une gr\u00e8ve de quatre jours, le silence de la direction<\/a>&nbsp;(Rapports de Force)<\/p>\n\n\n\n<p><strong>Monde<\/strong><\/p>\n\n\n\n<p><a href=\"https:\/\/www.mediapart.fr\/journal\/international\/060623\/cryptoactifs-binance-dans-la-ligne-de-mire-des-regulateurs-americains\">Cryptoactifs&nbsp;: Binance dans la ligne de mire des r\u00e9gulateurs am\u00e9ricains<\/a>&nbsp;-Martine Orange&nbsp; (M\u00e9diapart)<\/p>\n\n\n\n<p><a href=\"https:\/\/www.mediapart.fr\/journal\/fil-dactualites\/060623\/le-cout-de-la-vie-preoccupation-centrale-des-europeens-un-des-elections\">Le co\u00fbt de la vie, pr\u00e9occupation centrale des Europ\u00e9ens \u00e0 un an des \u00e9lections<\/a> (AFP)<\/p>\n\n\n\n<p><a href=\"https:\/\/www.lemonde.fr\/economie\/article\/2023\/06\/06\/la-menace-d-une-crise-financiere-plane-sur-les-pays-en-developpement-selon-la-banque-mondiale_6176435_3234.html\">La menace d\u2019une crise financi\u00e8re plane sur les pays en&nbsp;d\u00e9veloppement, selon la Banque mondiale<\/a> (Le Monde)<\/p>\n\n\n\n<p><a href=\"https:\/\/www.connaissancedesenergies.org\/afp\/ferroviaire-caf-lance-les-essais-de-son-train-hydrogene-230606\">Ferroviaire : l\u2019espagnol CAF lance les essais de son train \u00e0 hydrog\u00e8ne<\/a> (AFP)<\/p>\n\n\n\n<p><a href=\"https:\/\/mondafrique.com\/iran-et-indonesie-renoncent-au-dollar-pour-leurs-echanges\/\">Iran et Indon\u00e9sie renoncent au dollar pour leurs \u00e9changes<\/a>&nbsp; (Mondafrique)<\/p>\n\n\n\n<p><a href=\"https:\/\/www.zonebourse.com\/cours\/action\/JPMORGAN-CHASE-CO-37468997\/actualite\/JPMorgan-va-fermer-21-succursales-de-First-Republic-Bank-44018668\/?countview=0\">JPMorgan va fermer 21 succursales de First Republic Bank<\/a>&nbsp; (zone bourse)<\/p>\n\n\n\n<p><strong>Analyse<\/strong><\/p>\n\n\n\n<p><a href=\"https:\/\/www.alternatives-economiques.fr\/simon-duteil-lintersyndicale-passe-dun-mode-defensif-a-un-mode-of\/00107189\" target=\"_blank\" rel=\"noreferrer noopener\">\u00ab&nbsp;L\u2019intersyndicale passe en mode offensif&nbsp;\u00bb&nbsp;<\/a> (Alter \u00e9co)<\/p>\n\n\n\n<p><a href=\"https:\/\/www.youtube.com\/watch?v=Pouwzdp7pG8\">Mouvements massifs en Cours. Que font les Milliardaires ?<\/a>&nbsp;(MoneyRadar, vid\u00e9o)<\/p>\n\n\n\n<p><a href=\"https:\/\/brigittebouzonnie.substack.com\/p\/la-mondialisation-neoliberale-va?utm_source=post-email-title&amp;publication_id=372862&amp;post_id=125890571&amp;isFreemail=true&amp;utm_medium=email\">\u00ab&nbsp;<\/a><a href=\"https:\/\/brigittebouzonnie.substack.com\/p\/la-mondialisation-neoliberale-va?utm_source=post-email-title&amp;publication_id=372862&amp;post_id=125890571&amp;isFreemail=true&amp;utm_medium=email\"><em>L<\/em><\/a><a href=\"https:\/\/brigittebouzonnie.substack.com\/p\/la-mondialisation-neoliberale-va?utm_source=post-email-title&amp;publication_id=372862&amp;post_id=125890571&amp;isFreemail=true&amp;utm_medium=email\"><em>a mondialisation n\u00e9o-lib\u00e9rale va probablement dispra\u00eetre&nbsp;<\/em><\/a><a href=\"https:\/\/brigittebouzonnie.substack.com\/p\/la-mondialisation-neoliberale-va?utm_source=post-email-title&amp;publication_id=372862&amp;post_id=125890571&amp;isFreemail=true&amp;utm_medium=email\">\u00bb<\/a>&nbsp;(Elucid)<\/p>\n\n\n\n<p><mark style=\"background-color:rgba(0, 0, 0, 0);color:#ee0505\" class=\"has-inline-color\"><strong>5 juin<\/strong><\/mark><\/p>\n\n\n\n<p><strong>France<a><\/a><\/strong><\/p>\n\n\n\n<p><a><\/a><a href=\"https:\/\/www.humanite.fr\/en-debat\/parlement-europeen\/premiere-victoire-contre-l-impunite-des-multinationales-797418#xtor=RSS-1\" target=\"_blank\" rel=\"noreferrer noopener\">Premi\u00e8re victoire contre l\u2019impunit\u00e9 des multinationales<\/a>&nbsp;(L\u2019Humanit\u00e9)<\/p>\n\n\n\n<p><a href=\"https:\/\/www.mediapart.fr\/journal\/politique\/040623\/macron-et-le-logement-un-si-long-aveuglement\" target=\"_blank\" rel=\"noreferrer noopener\">Macron et le logement : un si long aveuglement<\/a>&nbsp;(M\u00e9diapart)<\/p>\n\n\n\n<p><a href=\"https:\/\/theconversation.com\/secheresse-crise-energetique-et-nucleaire-en-france-quels-liens-204970\" target=\"_blank\" rel=\"noreferrer noopener\">S\u00e9cheresse, crise \u00e9nerg\u00e9tique et nucl\u00e9aire en France, quels liens ?<\/a>&nbsp;(The Conversation)<\/p>\n\n\n\n<p><a href=\"https:\/\/lagedefaire-lejournal.fr\/tsarap-comptables-militants\/\" target=\"_blank\" rel=\"noreferrer noopener\">Tsarap, comptables militants<\/a>&nbsp;(L\u2019\u00e2ge de faire)<\/p>\n\n\n\n<p><a href=\"https:\/\/www.off-investigation.fr\/les-nouvelles-guerres-du-luxelvmh-kering-et-richemont-bouscules-par-des-fonds-speculatifs\/\" target=\"_blank\" rel=\"noreferrer noopener\">LVMH, Kering et Richemont bouscul\u00e9s par des fonds sp\u00e9culatifs<\/a>&nbsp;(Off Investigation)<\/p>\n\n\n\n<p><a href=\"https:\/\/www.humanite.fr\/social-eco\/agences-de-notation\/notation-de-la-france-par-standard-poor-s-une-aubaine-pour-bercy-797221#xtor=RSS-1\" target=\"_blank\" rel=\"noreferrer noopener\">Notation de la France par Standard &amp; Poor\u2019s : une aubaine pour Bercy ?<\/a>&nbsp; (L\u2019Humanit\u00e9)<\/p>\n\n\n\n<p><a href=\"https:\/\/www.lemediatv.fr\/emissions\/2023\/fraude-fiscale-fraude-sociale-gabriel-attal-nos-prend-encore-pour-des-idiots-MEOqD3WyQwO9LMEZh_2FmQ\" target=\"_blank\" rel=\"noreferrer noopener\">Fraude fiscale, fraude sociale : Gabriel Attal nos prend encore pour des idiots<\/a>&nbsp;(Le M\u00e9dia)<\/p>\n\n\n\n<p><a href=\"https:\/\/redirection.b2b.infopro-digital.com\/lnk\/AXEAABtGFM4AAcXE7OIAAHnKuI0AAABZQUUAANzvAAwsSQBkeiIcsW56MvjyQ5WL4OB2GO95LAAMCy8\/17\/PIrcsiWeVxYPlA_l7aM1yg\/aHR0cHM6Ly93d3cudXNpbmVub3V2ZWxsZS5jb20vYXJ0aWNsZS9hbHN0b20tdmEtZm91cm5pci0xMzAtdHJhbXdheXMtYS1waGlsYWRlbHBoaWUtcG91ci02NjctbWlsbGlvbnMtZC1ldXJvcy5OMjEzODE1NyN4dG9yPUVQUi0xNjk#xtor=EPR-169\" target=\"_blank\" rel=\"noreferrer noopener\">Alstom va fournir 130 tramways \u00e0 Philadelphie pour 667 millions d&rsquo;euros<\/a> (Usine Nouvelle)<\/p>\n\n\n\n<p><a href=\"https:\/\/common.indigo-net.com\/lib\/cookie_log\/redirector.asp?mail=n.chevillard@noos.fr&amp;ID=544858&amp;DOCIID=109703480&amp;ENAIID=809217&amp;RETOUR=SIMPLE&amp;link=https:\/\/www.intelligenceonline.fr\/renseignement-d-etat\/2023\/06\/01\/la-cellule-de-renseignement-fiscal-de-gabriel-attal-fait-face-a-des-vents-contraires,109978184-art?utm_source=LMR&amp;utm_medium=email&amp;utm_campaign=PROS_EDIT_FOC\" target=\"_blank\" rel=\"noreferrer noopener\">La cellule de renseignement fiscal de Gabriel Attal face \u00e0 des vents contraires<\/a> (Intelligence Online)<\/p>\n\n\n\n<p><strong>Monde<a><\/a><\/strong><\/p>\n\n\n\n<p><a href=\"https:\/\/fr.myeurop.info\/2023\/06\/04\/lue-devra-aider-les-pays-frappes-par-la-secheresse\/\" target=\"_blank\" rel=\"noreferrer noopener\">L\u2019UE devra aider les pays frapp\u00e9s par la s\u00e9cheresse<\/a>&nbsp;(Myeurop.info)<\/p>\n\n\n\n<p><a href=\"https:\/\/lvsl.fr\/yanis-varoufakis-letat-grec-et-la-bce-soutiennent-les-interets-des-fonds-vautours\/\" target=\"_blank\" rel=\"noreferrer noopener\"><strong>Yanis Varoufakis : \u00abL\u2019\u00c9tat grec et la BCE soutiennent les int\u00e9r\u00eats des fonds vautours\u00bb<\/strong><\/a> (Le Vent Se L\u00e8ve)<\/p>\n\n\n\n<p><a href=\"https:\/\/www.alternatives-economiques.fr\/parlement-europeen-vote-un-vrai-devoir-de-vigilance-entreprises\/00107174\" target=\"_blank\" rel=\"noreferrer noopener\">Le Parlement europ\u00e9en vote pour un vrai devoir de vigilance des entreprises<\/a> (Alter \u00e9co)<\/p>\n\n\n\n<p><a href=\"https:\/\/redirection.b2b.infopro-digital.com\/lnk\/AXEAABtGFM4AAcXE7OIAAHnKuI0AAABZQUUAANzvAAwsSQBkeiIcsW56MvjyQ5WL4OB2GO95LAAMCy8\/4\/kh1yP6sByTAbpZdhrgML_g\/aHR0cHM6Ly93d3cudXNpbmVub3V2ZWxsZS5jb20vZWRpdG9yaWFsL2xlLXBhcmxlbWVudC1ldXJvcGVlbi1hZG9wdGUtbGEtZGlyZWN0aXZlLWltcG9zYW50LXVuLWRldm9pci1kZS12aWdpbGFuY2UtYXV4LWVudHJlcHJpc2VzLk4yMTM4MTAyI3h0b3I9RVBSLTE2OQ#xtor=EPR-169\" target=\"_blank\" rel=\"noreferrer noopener\">Le devoir de vigilance adopt\u00e9 au niveau europ\u00e9en<\/a> (Usine nouvelle)<\/p>\n\n\n\n<p><a href=\"https:\/\/courrierdeuropecentrale.fr\/la-famille-orban-pesera-bientot-100-milliards-de-forints\/\" target=\"_blank\" rel=\"noreferrer noopener\">La famille Orb\u00e1n p\u00e8sera bient\u00f4t 100 milliards de forints<\/a>&nbsp;(Le Courrier d\u2019Europe centrale)<\/p>\n\n\n\n<p><strong>Analyse<\/strong><\/p>\n\n\n\n<p><a href=\"https:\/\/basta.media\/Les-dessous-du-systeme-agro-industriel-face-a-l-hecatombe-l-urgence-d-informer\"><strong>Les dessous du syst\u00e8me agro-industriel&nbsp;: face \u00e0 l\u2019h\u00e9catombe, l\u2019urgence d\u2019informer<\/strong><\/a> (Basta!)<\/p>\n\n\n\n<p><a href=\"https:\/\/www.alternatives-economiques.fr\/crise-de-lenergie-faute-marche\/00106999?utm_source=emailing&amp;utm_medium=email&amp;utm_content=03062023&amp;utm_campaign=quotidienne\">Crise de l\u2019\u00e9nergie : est-ce la faute au march\u00e9<\/a> (Alter \u00e9co)<\/p>\n\n\n\n<p><strong><a href=\"https:\/\/www.mediapart.fr\/journal\/economie-et-social\/040623\/le-capitalisme-traverse-une-longue-depression\" target=\"_blank\" rel=\"noreferrer noopener\">\u00abLe capitalisme traverse une longue d\u00e9pression\u00bb<\/a>&nbsp;<\/strong>(M\u00e9diapart)<\/p>\n\n\n\n<p><strong><a href=\"https:\/\/www.alternatives-economiques.fr\/aux-origines-nazies-de-lindustrie-francaise\/00107172\" target=\"_blank\" rel=\"noreferrer noopener\">Aux origines nazies de l&rsquo;industrie fran\u00e7aise<\/a>&nbsp; <\/strong>-Christian Chavagneux (Alter \u00e9co)<\/p>\n\n\n\n<p><a href=\"https:\/\/www.humanite.fr\/politique\/fret-sncf\/l-union-europeenne-organise-une-catastrophe-ferroviaire-796969#xtor=RSS-1\" target=\"_blank\" rel=\"noreferrer noopener\">L\u2019Union europ\u00e9enne organise une catastrophe ferroviaire<\/a>&nbsp;(L\u2019Humanit\u00e9)<\/p>\n\n\n\n<p><a href=\"https:\/\/www.alternatives-economiques.fr\/faut-renforcer-lencadrement-lobbying-a-bruxelles\/00107147\" target=\"_blank\" rel=\"noreferrer noopener\">\u00ab Il faut renforcer l\u2019encadrement du lobbying \u00e0 Bruxelles \u00bb<\/a>&nbsp; (Alter \u00e9co)<\/p>\n\n\n\n<p><mark style=\"background-color:rgba(0, 0, 0, 0);color:#ee0505\" class=\"has-inline-color\"><strong>3 juin<\/strong><\/mark><\/p>\n\n\n\n<p><strong>France<\/strong><\/p>\n\n\n\n<p><a href=\"https:\/\/www.lemonde.fr\/en\/france\/article\/2023\/06\/02\/standard-poor-maintains-france-s-credit-rating-at-aa_6028909_7.html\">Standard &amp; Poor&rsquo;s maintient la note de cr\u00e9dit de la France \u00e0 \u00ab\u00a0AA\u00a0\u00bb<\/a> (Le Monde)<\/p>\n\n\n\n<p><strong>Monde<\/strong><\/p>\n\n\n\n<p><a href=\"https:\/\/www.pourleco.com\/entreprise\/salaires-indexes-sur-linflation-la-belgique-persiste-et-signe\">Salaires index\u00e9s sur l\u2019inflation : la Belgique persiste et signe<\/a> (Pour l\u2019Eco)<\/p>\n\n\n\n<p><a href=\"https:\/\/www.lerevenu.com\/placements\/economie\/allemagne-la-menace-du-declin\">Allemagne, la menace du d\u00e9clin <\/a>&nbsp;(Le revenu)<\/p>\n\n\n\n<p><a href=\"https:\/\/www.boursorama.com\/actualite-economique\/actualites\/le-nouveau-president-de-la-banque-mondiale-prend-ses-fonctions-679df813f918a4fbc41f127e8d7e26e1\">Le nouveau pr\u00e9sident de la Banque mondiale prend ses fonctions<\/a> (AFP)<\/p>\n\n\n\n<p><a href=\"https:\/\/www.usinenouvelle.com\/article\/pourquoi-le-premier-vol-du-c919-chinois-inquiete-davantage-airbus-que-boeing.N2137522?fbclid=IwAR2mWcRP2BvRxoNmC0w06Wz2vKPyQHd_dzqNuCB-1-S-ctoE8G-kuajKJ0E\">Pourquoi le premier vol du C919 chinois inqui\u00e8te davantage Airbus que Boeing<\/a> (Usine nouvelle)<\/p>\n\n\n\n<p><a href=\"https:\/\/www.boursorama.com\/bourse\/actualites\/l-accord-ue-mercosur-encore-a-un-horizon-lointain-source-diplomatique-francaise-eb876e285672e8ca5c936aef0b69c6b2\">L&rsquo;accord UE-Mercosur encore \u00e0 un horizon lointain (source diplomatique fran\u00e7aise)<\/a> (AFP)<\/p>\n\n\n\n<p><mark style=\"background-color:rgba(0, 0, 0, 0);color:#ee0505\" class=\"has-inline-color\"><strong>1er juin<\/strong><\/mark><\/p>\n\n\n\n<p><strong>France<a><\/a><\/strong><\/p>\n\n\n\n<p><a href=\"https:\/\/www.alternatives-economiques.fr\/cout-cache-de-dissuasion-nucleaire\/00107159\" target=\"_blank\" rel=\"noreferrer noopener\">Le co\u00fbt cach\u00e9 de la dissuasion nucl\u00e9aire<\/a> (Alter \u00e9co)<\/p>\n\n\n\n<p><a href=\"https:\/\/www.huffingtonpost.fr\/politique\/article\/la-ppl-liot-contre-la-reforme-des-retraites-coute-t-elle-vraiment-15-milliards-d-euros_218544.html\">D\u2019o\u00f9 sort le chiffre de \u00ab&nbsp;15 milliards&nbsp;\u00bb brandi par la majorit\u00e9 contre la PPL LIOT&nbsp;?<\/a> (HuffPost)<\/p>\n\n\n\n<p><a href=\"https:\/\/www.liberation.fr\/societe\/resiliation-des-contrats-bouclier-loyer-cheque-bois-ce-qui-change-jeudi-1er-juin-20230531_ZKKLFTOYPBFM3K7HSYI2GXAQSY\/\">R\u00e9siliation des contrats, bouclier loyer, ch\u00e8que bois\u2026 Ce qui change jeudi 1er&nbsp;juin<\/a> (Lib\u00e9ration)<\/p>\n\n\n\n<p><a href=\"https:\/\/www.mediapart.fr\/journal\/economie-et-social\/310523\/l-economie-francaise-entre-inflation-et-recession\">L\u2019\u00e9conomie fran\u00e7aise entre inflation et r\u00e9cession <\/a>&nbsp;(M\u00e9diapart)<\/p>\n\n\n\n<p><strong>Monde<\/strong><\/p>\n\n\n\n<p><a href=\"https:\/\/www.connaissancedesenergies.org\/afp\/energie-les-renouvelables-accelerent-leur-progression-tiree-par-le-solaire-230601\">\u00c9nergie : les renouvelables acc\u00e9l\u00e8rent leur progression, tir\u00e9e par le solaire<\/a> (AFP)<\/p>\n\n\n\n<figure class=\"wp-block-image size-full is-resized\"><img data-recalc-dims=\"1\" loading=\"lazy\" decoding=\"async\" src=\"https:\/\/i0.wp.com\/www.rdpemancipation.org\/wp-content\/uploads\/2023\/06\/image-2.png?resize=554%2C290&#038;ssl=1\" alt=\"\" class=\"wp-image-115085\" width=\"554\" height=\"290\" srcset=\"https:\/\/i0.wp.com\/www.rdpemancipation.org\/wp-content\/uploads\/2023\/06\/image-2.png?w=445&amp;ssl=1 445w, https:\/\/i0.wp.com\/www.rdpemancipation.org\/wp-content\/uploads\/2023\/06\/image-2.png?resize=300%2C157&amp;ssl=1 300w\" sizes=\"auto, (max-width: 554px) 100vw, 554px\" \/><\/figure>\n\n\n\n<p><a href=\"https:\/\/www.connaissancedesenergies.org\/afp\/la-consommation-mondiale-de-gaz-enregistre-une-baisse-historique-de-16-en-2022-230531-0\">La consommation mondiale de gaz enregistre une baisse historique de 1,6% en 2022<\/a> (AFP)<\/p>\n\n\n\n<p><a href=\"https:\/\/www.cadtm.org\/Le-Bresil-resiste-Non-a-l-accord-UE-Mercosur-communique-collectif\" target=\"_blank\" rel=\"noreferrer noopener\">Le Br\u00e9sil r\u00e9siste : Non \u00e0 l&rsquo;accord UE-Mercosur (communiqu\u00e9 collectif)<\/a> (CADTM)<\/p>\n\n\n\n<p><a href=\"https:\/\/www.cadtm.org\/Etats-Unis-L-accord-sur-la-dette-est-une-tragedie\" target=\"_blank\" rel=\"noreferrer noopener\">\u00c9tats-Unis : L&rsquo;accord sur la dette est une trag\u00e9die<\/a> &nbsp;(CADTM)<\/p>\n\n\n\n<p><a href=\"https:\/\/www.liberation.fr\/international\/crise-economique-en-turquie-on-sous-estime-toujours-le-pragmatisme-naturel-et-la-flexibilite-tactique-derdogan-20230601_FNYDWJICMBET3OBZPI4MPSLVF4\/\">Crise \u00e9conomique en Turquie : \u00abOn sous-estime le pragmatisme naturel et la flexibilit\u00e9 tactique d\u2019Erdogan\u00bb<\/a> (Lib\u00e9ration)<\/p>\n\n\n\n<p><strong>Analyse<\/strong><\/p>\n\n\n\n<p><a href=\"https:\/\/www.connaissancedesenergies.org\/les-investissements-mondiaux-dans-lenergie-en-3-infographies-230531\">Les investissements mondiaux dans l&rsquo;\u00e9nergie en 3 infographies<\/a> (Connaissance des \u00e9nergies)&nbsp;<\/p>\n\n\n\n<p><a href=\"https:\/\/lvsl.fr\/Gestionnaires%20d\u2019actifs%20:%20propri\u00e9taires%20invisibles&nbsp;?\">Gestionnaires d\u2019actifs : propri\u00e9taires invisibles&nbsp;?<\/a> (LVSL)<\/p>\n\n\n\n<p><a href=\"https:\/\/link.newsletter.franceculture.fr\/m\/ml\/7429\/803495\/YMhFH00yCukqLOIVj9ZL9G9C5lXTLJmivm821gAfcU8=\/xdLjfRgQ54vna7q4eNO6mo-RJByYilkC07pP1n4w-9c=\/\" target=\"_blank\" rel=\"noreferrer noopener\">Pourquoi le capitalisme n&rsquo;est-il pas n\u00e9 en Chine&nbsp;?<\/a> (France Culture)<\/p>\n\n\n\n<p><\/p>\n\n\n\n<p><\/p>\n\n\n\n<p><\/p>\n","protected":false},"excerpt":{"rendered":"<p>Cliquer ici pour voir notre dossier sur la bataille des retraites, mis \u00e0 jour quotidiennement. 29 juin France Les portes tournantes&nbsp; (Observatoire des multinationales) Soci\u00e9t\u00e9s de \u00abconseil\u00bb : le tr\u00e8s discret business des anciens ministres d&rsquo;Emmanuel Macron -Olivier Petitjean (OdM) M\u00e9thanier du Havre&nbsp;: symbole d\u2019une politique absurde et mensong\u00e8re (Greenpeace) Nouveau nucl\u00e9aire : EDF d\u00e9pose &#8230; <a title=\"Juin &#8211; \u00c9conomie\" class=\"read-more\" href=\"https:\/\/www.rdpemancipation.org\/?p=115064\" aria-label=\"En savoir plus sur Juin &#8211; \u00c9conomie\">Lire la suite<\/a><\/p>\n","protected":false},"author":1,"featured_media":0,"comment_status":"closed","ping_status":"closed","sticky":false,"template":"","format":"standard","meta":{"_lmt_disableupdate":"","_lmt_disable":"","_jetpack_memberships_contains_paid_content":false,"footnotes":""},"categories":[11],"tags":[],"class_list":["post-115064","post","type-post","status-publish","format-standard","hentry","category-economie"],"modified_by":"nch","jetpack_featured_media_url":"","jetpack_sharing_enabled":true,"_links":{"self":[{"href":"https:\/\/www.rdpemancipation.org\/index.php?rest_route=\/wp\/v2\/posts\/115064","targetHints":{"allow":["GET"]}}],"collection":[{"href":"https:\/\/www.rdpemancipation.org\/index.php?rest_route=\/wp\/v2\/posts"}],"about":[{"href":"https:\/\/www.rdpemancipation.org\/index.php?rest_route=\/wp\/v2\/types\/post"}],"author":[{"embeddable":true,"href":"https:\/\/www.rdpemancipation.org\/index.php?rest_route=\/wp\/v2\/users\/1"}],"replies":[{"embeddable":true,"href":"https:\/\/www.rdpemancipation.org\/index.php?rest_route=%2Fwp%2Fv2%2Fcomments&post=115064"}],"version-history":[{"count":50,"href":"https:\/\/www.rdpemancipation.org\/index.php?rest_route=\/wp\/v2\/posts\/115064\/revisions"}],"predecessor-version":[{"id":116438,"href":"https:\/\/www.rdpemancipation.org\/index.php?rest_route=\/wp\/v2\/posts\/115064\/revisions\/116438"}],"wp:attachment":[{"href":"https:\/\/www.rdpemancipation.org\/index.php?rest_route=%2Fwp%2Fv2%2Fmedia&parent=115064"}],"wp:term":[{"taxonomy":"category","embeddable":true,"href":"https:\/\/www.rdpemancipation.org\/index.php?rest_route=%2Fwp%2Fv2%2Fcategories&post=115064"},{"taxonomy":"post_tag","embeddable":true,"href":"https:\/\/www.rdpemancipation.org\/index.php?rest_route=%2Fwp%2Fv2%2Ftags&post=115064"}],"curies":[{"name":"wp","href":"https:\/\/api.w.org\/{rel}","templated":true}]}}