{"id":115062,"date":"2023-06-01T08:46:54","date_gmt":"2023-06-01T06:46:54","guid":{"rendered":"https:\/\/www.rdpemancipation.org\/?p=115062"},"modified":"2023-06-29T22:33:20","modified_gmt":"2023-06-29T20:33:20","slug":"juin-leur-etat-3","status":"publish","type":"post","link":"https:\/\/www.rdpemancipation.org\/?p=115062","title":{"rendered":"Juin &#8211; Leur \u00c9tat"},"content":{"rendered":"\n<p><mark style=\"background-color:rgba(0, 0, 0, 0);color:#ee0505\" class=\"has-inline-color\"><strong>29 juin<\/strong><\/mark><\/p>\n\n\n\n<p><a href=\"https:\/\/basta.media\/Refus-d-obtemperer-le-nombre-de-personnes-tuees-par-un-tir-des-forces-de-l-ordre-a-double-depuis-2017-Darmanin\" target=\"_blank\" rel=\"noreferrer noopener\">Le nombre de personnes tu\u00e9es par un tir des forces de l\u2019ordre a doubl\u00e9 depuis 2020&nbsp;<\/a> (Basta!)<\/p>\n\n\n\n<p><a href=\"https:\/\/basta.media\/trois-fois-plus-de-personnes-sont-decedees-suite-a-une-arrestation-depuis-2020\" target=\"_blank\" rel=\"noreferrer noopener\">Trois fois plus de personnes sont d\u00e9c\u00e9d\u00e9es suite \u00e0 une arrestation depuis 2020 <\/a>&nbsp;(Basta!)<\/p>\n\n\n\n<p><a href=\"https:\/\/www.index.ngo\/enquetes\/tir-de-lbd-sur-jean-francois-martin-le-policier-identifie-par-modelisation-3d\/?utm_source=brevo&amp;utm_campaign=260623+-%20Lancement%20JFM&amp;utm_medium=email\" target=\"_blank\" rel=\"noreferrer noopener\">Tir de LBD sur Jean-Fran\u00e7ois Martin : le policier identifi\u00e9 par mod\u00e9lisation 3D&nbsp;<\/a> (Index)<\/p>\n\n\n\n<p><a href=\"https:\/\/adherez.attac.org\/civicrm\/mailing\/url?u=25665&amp;qid=25202503\" target=\"_blank\" rel=\"noreferrer noopener\">Comment l\u2019\u00c9tat distribue le sentiment de s\u00e9curit\u00e9, et d\u2019ins\u00e9curit\u00e9 sociale<\/a> (Les Possibles)<\/p>\n\n\n\n<p><a href=\"https:\/\/adherez.attac.org\/civicrm\/mailing\/url?u=25666&amp;qid=25202503\" target=\"_blank\" rel=\"noreferrer noopener\">Un maintien de l\u2019ordre \u00e0 la d\u00e9rive. Brutalisation et ill\u00e9galismes dans la gestion des manifestations fran\u00e7aises<\/a> (Les Possibles)<\/p>\n\n\n\n<p><a href=\"https:\/\/adherez.attac.org\/civicrm\/mailing\/url?u=25667&amp;qid=25202503\" target=\"_blank\" rel=\"noreferrer noopener\">L\u2019usage des LBD n\u2019est pas compatible avec la d\u00e9mocratie<\/a> (Les Possibles)<\/p>\n\n\n\n<p><a href=\"https:\/\/www.youtube.com\/watch?v=QL7m7uwTdrI\">En marche vers un r\u00e9gime autoritaire<\/a> (Blast)<\/p>\n\n\n\n<p><mark style=\"background-color:rgba(0, 0, 0, 0);color:#ee0505\" class=\"has-inline-color\"><strong>28 juin<\/strong><\/mark><\/p>\n\n\n\n<p><a href=\"https:\/\/www.youtube.com\/watch?v=ooX8njTC4ew\">Mort de Nahel : les t\u00e9moignages qui accablent les policiers<\/a> (Blast)<\/p>\n\n\n\n<p><mark style=\"background-color:rgba(0, 0, 0, 0);color:#ee0505\" class=\"has-inline-color\"><strong>27 juin<\/strong><\/mark><\/p>\n\n\n\n<p><a href=\"https:\/\/www.youtube.com\/watch?v=ng5joiNn9ag\">Nanterre : le cime policier de trop<\/a> (le M\u00e9dia)<\/p>\n\n\n\n<p><mark style=\"background-color:rgba(0, 0, 0, 0);color:#ee0505\" class=\"has-inline-color\"><strong>26 juin<\/strong><\/mark><\/p>\n\n\n\n<p><a href=\"https:\/\/www.youtube.com\/watch?v=t3SS6TtH61M\">Un rapporteur de l&rsquo;ONU alerte sur la r\u00e9pression des d\u00e9fenseurs de l&rsquo;environnement<\/a> (Blast)<\/p>\n\n\n\n<p><a href=\"https:\/\/www.youtube.com\/watch?v=GA8RK0QAAog\">Fermez tous vos g.!: la macronie en guerre contre les contre-pouvoirs<\/a> (Le Media)<\/p>\n\n\n\n<p><mark style=\"background-color:rgba(0, 0, 0, 0);color:#ee0505\" class=\"has-inline-color\"><strong>20 juin<\/strong><\/mark><\/p>\n\n\n\n<p><a href=\"https:\/\/www.monde-diplomatique.fr\/2014\/12\/QUADRUPPANI\/51054\">R\u00e9sistance dans la vall\u00e9e<\/a> (Le monde diplomatique 2014)<\/p>\n\n\n\n<p><a href=\"https:\/\/www.mediapart.fr\/journal\/france\/180623\/viry-chatillon-foued-detenu-tort-face-l-indecence-de-l-etat\" target=\"_blank\" rel=\"noreferrer noopener\">Viry-Ch\u00e2tillon: Foued, d\u00e9tenu \u00e0 tort, face \u00e0 \u00abl\u2019ind\u00e9cence\u00bb de l\u2019\u00c9tat<\/a> (M\u00e9diapart)<\/p>\n\n\n\n<p><a href=\"https:\/\/lepoing.net\/ligne-lyon-turin-plus-de-4000-manifestant-e-s-pour-une-mobilisation-neutralisee-par-la-police\/\" target=\"_blank\" rel=\"noreferrer noopener\">Ligne Lyon-Turin : plus de 4000 manifestant.e.s pour une mobilisation neutralis\u00e9e par la police<\/a> (Le Poing)<\/p>\n\n\n\n<p><a href=\"https:\/\/www.ldh-france.org\/pour-lonu-notre-maintien-de-lordre-fait-desordre\/\" target=\"_blank\" rel=\"noreferrer noopener\">Pour l\u2019ONU, notre maintien de l\u2019ordre fait d\u00e9sordre<\/a> (LDH)<\/p>\n\n\n\n<p><mark style=\"background-color:rgba(0, 0, 0, 0);color:#ee0505\" class=\"has-inline-color\"><strong>17 juin<\/strong><\/mark><\/p>\n\n\n\n<p><a href=\"https:\/\/www.lemediatv.fr\/emissions\/2023\/surveillance-de-masse-tout-sur-la-loi-votee-au-senat-J9qpUhhRRCadrBs_LfU7dA\" target=\"_blank\" rel=\"noreferrer noopener\">Surveillance de masse : tout sur la loi vot\u00e9e au S\u00e9nat<\/a> (Le M\u00e9dia)<\/p>\n\n\n\n<p><mark style=\"background-color:rgba(0, 0, 0, 0);color:#ee0505\" class=\"has-inline-color\"><strong>14 juin<\/strong><\/mark><\/p>\n\n\n\n<p><a href=\"https:\/\/www.youtube.com\/watch?v=r4JJdwHUS5A\">Fonds Marianne : Marl\u00e8ne Schiappa en difficult\u00e9 sur l\u2019arbitrage qui a exclu SOS Racisme<\/a> (Public s\u00e9nat)<\/p>\n\n\n\n<p><a href=\"https:\/\/www.index.ngo\/Enqu%C3%AAtes\/eborgnement-de-jerome-rodrigues-ce-que-revelent-les-cameras-pietons-des-policiers\/\">\u00c9borgnement de J\u00e9r\u00f4me Rodrigues&nbsp;: ce que r\u00e9v\u00e8lent les cam\u00e9ras-pi\u00e9tons des policiers<\/a>&nbsp;(index.ngo)<\/p>\n\n\n\n<p><a href=\"https:\/\/www.rue89strasbourg.com\/jeux-olympiques-sans-abris-deplacements-266056\">\u00c0 l\u2019approche des Jeux olympiques, des sans-abris continuent d\u2019\u00eatre d\u00e9plac\u00e9s de Paris vers le Grand Est<\/a>&nbsp;(rue89strasbourg.com)<\/p>\n\n\n\n<figure class=\"wp-block-image size-full is-resized\"><img data-recalc-dims=\"1\" loading=\"lazy\" decoding=\"async\" src=\"https:\/\/i0.wp.com\/www.rdpemancipation.org\/wp-content\/uploads\/2023\/06\/image-42.png?resize=383%2C383&#038;ssl=1\" alt=\"\" class=\"wp-image-115783\" width=\"383\" height=\"383\" srcset=\"https:\/\/i0.wp.com\/www.rdpemancipation.org\/wp-content\/uploads\/2023\/06\/image-42.png?w=680&amp;ssl=1 680w, https:\/\/i0.wp.com\/www.rdpemancipation.org\/wp-content\/uploads\/2023\/06\/image-42.png?resize=300%2C300&amp;ssl=1 300w, https:\/\/i0.wp.com\/www.rdpemancipation.org\/wp-content\/uploads\/2023\/06\/image-42.png?resize=150%2C150&amp;ssl=1 150w\" sizes=\"auto, (max-width: 383px) 100vw, 383px\" \/><\/figure>\n\n\n\n<p><a href=\"https:\/\/www.off-investigation.fr\/__trashed-4\/\" target=\"_blank\" rel=\"noreferrer noopener\">Des syndicalistes fich\u00e9s \u00e0 Dijon ? La police les a identifi\u00e9s dans la rue via des \u00ab proc\u00e8s verbaux \u00e9lectroniques \u00bb<\/a>&nbsp; (Off Investigation)<\/p>\n\n\n\n<p><a href=\"https:\/\/www.equaltimes.org\/au-nom-de-la-securite-des-jo-de\" target=\"_blank\" rel=\"noreferrer noopener\">Au nom de la s\u00e9curit\u00e9 des JO de Paris, la France veut surveiller la foule en s&rsquo;appuyant sur l&rsquo;IA et les algorithmes<\/a> (Equal Times)<\/p>\n\n\n\n<p><mark style=\"background-color:rgba(0, 0, 0, 0);color:#ee0505\" class=\"has-inline-color\"><strong>9 juin<\/strong><\/mark><\/p>\n\n\n\n<p><a href=\"https:\/\/www.youtube.com\/watch?v=xorUnUl3zQ4\">Comment la police vous a (peut-\u00eatre) d\u00e9j\u00e0 fich\u00e9s<\/a> (le M\u00e9dia)<\/p>\n\n\n\n<p><mark style=\"background-color:rgba(0, 0, 0, 0);color:#ee0505\" class=\"has-inline-color\"><strong>8 juin<\/strong><\/mark><\/p>\n\n\n\n<p><a href=\"https:\/\/www.youtube.com\/watch?v=6XYYfAcqPos\">Prendre aux pauvres pour gaver les riches: la m\u00e9thode Macron<\/a> (Blast)<\/p>\n\n\n\n<p><a href=\"https:\/\/www.youtube.com\/watch?v=QKNxDahpb4M\">Comment la police a \u00e9borgn\u00e9 Rodrigues<\/a> (Le Media)<\/p>\n\n\n\n<p><a href=\"https:\/\/fsu.fr\/des-violences-inacceptables-de-la-police-contre-les-corteges-syndicaux\/\" target=\"_blank\" rel=\"noreferrer noopener\">Des violences inacceptables de la police contre les cort\u00e8ges syndicaux<\/a>,&nbsp;(FSU, 07\/06\/2023)<\/p>\n\n\n\n<p><a href=\"https:\/\/www.politis.fr\/articles\/2023\/05\/la-lutte-par-le-droit\/\" target=\"_blank\" rel=\"noreferrer noopener\">La lutte par le droit<\/a> (Politis, 24\/05\/2023)<\/p>\n\n\n\n<p><mark style=\"background-color:rgba(0, 0, 0, 0);color:#ee0505\" class=\"has-inline-color\"><strong>6 juin<\/strong><\/mark><\/p>\n\n\n\n<p><a href=\"https:\/\/reporterre.net\/Sante-identite-L-Europe-veut-numeriser-toute-notre-vie?utm_source=newsletter&amp;utm_medium=email&amp;utm_campaign=nl_quotidienne\">Sant\u00e9, identit\u00e9&#8230; L\u2019Europe veut num\u00e9riser toute notre vie<\/a> (Reporterre)<\/p>\n\n\n\n<p><a href=\"https:\/\/blogs.mediapart.fr\/les-invites-de-mediapart\/blog\/060623\/mayotte-l-etat-combat-la-mise-re-par-la-violence\">Mayotte : l\u2019Etat combat la mis\u00e8re par la violence<\/a>&nbsp;(Les invit\u00e9s de Mediapart)<\/p>\n\n\n\n<p><a href=\"https:\/\/www.mediapart.fr\/journal\/france\/060623\/angelina-parle-cinq-ans-apres-s-etre-fait-fracasser-le-crane-par-des-policiers\">Angelina parle, cinq ans apr\u00e8s s\u2019\u00eatre fait fracasser le cr\u00e2ne par des policiers<\/a> (M\u00e9diapart)<\/p>\n\n\n\n<p><a href=\"https:\/\/www.mediapart.fr\/journal\/france\/050623\/vague-d-interpellations-coup-de-poing-dans-la-mouvance-ecologiste\">Vague d\u2019interpellations coup-de-poing dans la mouvance \u00e9cologiste<\/a> (M\u00e9diapart)<\/p>\n\n\n\n<p><mark style=\"background-color:rgba(0, 0, 0, 0);color:#ee0505\" class=\"has-inline-color\"><strong>5 juin<\/strong><\/mark><\/p>\n\n\n\n<p><a href=\"https:\/\/blogs.mediapart.fr\/la-quadrature-du-net\/blog\/050623\/affaire-du-8-decembre-le-chiffrement-assimile-un-comportement-terroriste\">Affaire du 8 d\u00e9cembre : le chiffrement assimil\u00e9 \u00e0 un comportement terroriste<\/a>&nbsp;(La Quadrature Du Net)<\/p>\n\n\n\n<p><a href=\"https:\/\/www.mediapart.fr\/journal\/france\/030623\/pantin-jusqu-six-mois-de-prison-ferme-requis-contre-des-policiers-en-roue-libre\" target=\"_blank\" rel=\"noreferrer noopener\">Pantin : jusqu\u2019\u00e0 six mois de prison ferme requis contre des policiers en roue libre<\/a>&nbsp;(M\u00e9diapart)<\/p>\n\n\n\n<p><a href=\"https:\/\/www.mediapart.fr\/journal\/france\/020623\/face-aux-luttes-ecologistes-le-retour-de-l-etat-barbouze\" target=\"_blank\" rel=\"noreferrer noopener\">Face aux luttes \u00e9cologistes, le retour de l\u2019\u00c9tat barbouze<\/a>&nbsp;(M\u00e9diapart)<\/p>\n\n\n\n<p><mark style=\"background-color:rgba(0, 0, 0, 0);color:#ee0505\" class=\"has-inline-color\"><strong>4 juin<\/strong><\/mark><\/p>\n\n\n\n<figure class=\"wp-block-image size-full is-resized\"><img data-recalc-dims=\"1\" loading=\"lazy\" decoding=\"async\" src=\"https:\/\/i0.wp.com\/www.rdpemancipation.org\/wp-content\/uploads\/2023\/06\/image-18.png?resize=453%2C320&#038;ssl=1\" alt=\"\" class=\"wp-image-115331\" width=\"453\" height=\"320\" srcset=\"https:\/\/i0.wp.com\/www.rdpemancipation.org\/wp-content\/uploads\/2023\/06\/image-18.png?w=800&amp;ssl=1 800w, https:\/\/i0.wp.com\/www.rdpemancipation.org\/wp-content\/uploads\/2023\/06\/image-18.png?resize=300%2C212&amp;ssl=1 300w, https:\/\/i0.wp.com\/www.rdpemancipation.org\/wp-content\/uploads\/2023\/06\/image-18.png?resize=768%2C543&amp;ssl=1 768w\" sizes=\"auto, (max-width: 453px) 100vw, 453px\" \/><\/figure>\n\n\n\n<p><mark style=\"background-color:rgba(0, 0, 0, 0);color:#ee0505\" class=\"has-inline-color\"><strong>2 juin<\/strong><\/mark><\/p>\n\n\n\n<p><a href=\"https:\/\/www.lessurligneurs.eu\/laurent-wauquiez-veut-supprimer-les-autorites-independantes-comme-larcom-et-la-cnil-pour-que-la-volonte-politique-sapplique\/\">Laurent Wauquiez veut supprimer les autorit\u00e9s ind\u00e9pendantes comme l\u2019Arcom et la CNIL, pour que la \u201cvolont\u00e9 politique s\u2019applique\u201d<\/a>&nbsp;(les surligneurs).<\/p>\n\n\n\n<p><a href=\"https:\/\/www.liberation.fr\/international\/europe\/la-police-ecossaise-institutionnellement-raciste-et-discriminatoire-admet-son-propre-chef-20230525_FMQR3VEPJVHLJOJLXG5N4CII4I\/\">La police \u00e9cossaise \u00ab&nbsp;institutionnellement raciste&nbsp;\u00bb et \u00ab&nbsp;discriminatoire&nbsp;\u00bb, admet son propre chef<\/a>&nbsp;(liberation.fr)<\/p>\n\n\n\n<p><a href=\"https:\/\/www.youtube.com\/watch?v=lH7GHDDR7Cg\">Explosion des budgets militaires: Macron perp\u00e9tue le chaos mondial<\/a> (Le M\u00e9dia)<\/p>\n\n\n\n<figure class=\"wp-block-image size-large is-resized\"><img data-recalc-dims=\"1\" loading=\"lazy\" decoding=\"async\" src=\"https:\/\/i0.wp.com\/www.rdpemancipation.org\/wp-content\/uploads\/2023\/06\/image-16.png?resize=365%2C344&#038;ssl=1\" alt=\"\" class=\"wp-image-115292\" width=\"365\" height=\"344\" srcset=\"https:\/\/i0.wp.com\/www.rdpemancipation.org\/wp-content\/uploads\/2023\/06\/image-16.png?resize=1024%2C968&amp;ssl=1 1024w, https:\/\/i0.wp.com\/www.rdpemancipation.org\/wp-content\/uploads\/2023\/06\/image-16.png?resize=300%2C284&amp;ssl=1 300w, https:\/\/i0.wp.com\/www.rdpemancipation.org\/wp-content\/uploads\/2023\/06\/image-16.png?resize=768%2C726&amp;ssl=1 768w, https:\/\/i0.wp.com\/www.rdpemancipation.org\/wp-content\/uploads\/2023\/06\/image-16.png?w=1080&amp;ssl=1 1080w\" sizes=\"auto, (max-width: 365px) 100vw, 365px\" \/><\/figure>\n\n\n\n<p><mark style=\"background-color:rgba(0, 0, 0, 0);color:#ee0505\" class=\"has-inline-color\"><strong>1er juin<\/strong><\/mark><\/p>\n\n\n\n<p><a href=\"https:\/\/www.youtube.com\/watch?v=iNpAIEf0U3E\">Macron\/Borne: la fabrique du mensonge et de l&rsquo;autoritarisme<\/a> (Blast)<\/p>\n\n\n\n<p><a href=\"https:\/\/www.youtube.com\/watch?v=hB-3gRw7yPc\">Ils br\u00fblent la constitution: coup de force macroniste \u00e0 l&rsquo;assembl\u00e9e<\/a> (le M\u00e9dia)<\/p>\n\n\n\n<p><a href=\"https:\/\/www.youtube.com\/watch?v=g-8-7dXRUMs\">La France est-elle encore une d\u00e9mocratie?<\/a> (Pure Politique)<\/p>\n\n\n\n<p><a href=\"https:\/\/lesjours.fr\/obsessions\/pantin-police-violences\/ep2-intouchables\/\" target=\"_blank\" rel=\"noreferrer noopener\">Les \u00abIntouchables\u00bb, des policiers de Pantin en roue libre<\/a> &nbsp;(Les Jours)<\/p>\n\n\n\n<p><a href=\"https:\/\/www.politis.fr\/articles\/2023\/05\/blocage-de-lag-de-total-deux-militantes-alternatiba-deposent-plainte-igpn-pour-violence-policiere\/\" target=\"_blank\" rel=\"noreferrer noopener\">Blocage de l\u2019AG de Total&nbsp;: deux militantes d\u00e9posent plainte pour violence polici\u00e8re<\/a> &nbsp;(Politis)<\/p>\n\n\n\n<p><a href=\"https:\/\/www.off-investigation.fr\/devenir-flic-non-merci-la-repression-a-abime-limage-des-forces-de-lordre\/\" target=\"_blank\" rel=\"noreferrer noopener\">Forces de l\u2019ordre : l\u2019h\u00e9morragie. La r\u00e9pression a entach\u00e9 leur image<\/a> &nbsp;(Off Investigation)<\/p>\n\n\n\n<p><a href=\"https:\/\/www.blast-info.fr\/emissions\/2023\/linquietante-escalade-repressive-et-autoritaire-de-letat-contre-les-militants-ecologistes-HNAwvWHDSSGjARZIityd3A\" target=\"_blank\" rel=\"noreferrer noopener\">L\u2019inqui\u00e9tante escalade r\u00e9pressive et autoritaire de l&rsquo;Etat contre les militants \u00e9cologistes<\/a> &nbsp;(Blast)<\/p>\n\n\n\n<p><a href=\"https:\/\/www.politis.fr\/articles\/2023\/05\/a-dijon-des-amendes-pour-casserolades-qui-interrogent-et-inquietent\/\" target=\"_blank\" rel=\"noreferrer noopener\">\u00c0 Dijon, des amendes pour casserolades qui interrogent et inqui\u00e8tent<\/a> &nbsp;(Politis)<\/p>\n\n\n\n<p><a href=\"https:\/\/www.blast-info.fr\/articles\/2023\/code-pin-sil-vous-plait-MegqwsSMS9CMv1-A_vCrpQ\" target=\"_blank\" rel=\"noreferrer noopener\">Code pin s&rsquo;il vous pla\u00eet<\/a> (Blast)<\/p>\n\n\n\n<p><a href=\"https:\/\/basta.media\/odile-maurin-il-y-a-un-acharnement-du-parquet-de-toulouse-a-mon-egard-gilets-jaunes-repression-handicap-lutte\" target=\"_blank\" rel=\"noreferrer noopener\"><strong>Odile Maurin : \u00ab Il y a un acharnement du parquet de Toulouse \u00e0 mon \u00e9gard \u00bb<\/strong><\/a>(Basta!)<\/p>\n\n\n\n<p><a href=\"https:\/\/www.off-investigation.fr\/Un%20Etat%20d\u00e9shumanis\u00e9&nbsp;:%20La%20d\u00e9fenseure%20des%20droits%20tire%20le%20signal%20d\u2019alarme\">Un Etat d\u00e9shumanis\u00e9&nbsp;: La d\u00e9fenseure des droits tire le signal d\u2019alarme<\/a> (Off Investigation)<\/p>\n\n\n\n<p><\/p>\n\n\n\n<p><\/p>\n","protected":false},"excerpt":{"rendered":"<p>29 juin Le nombre de personnes tu\u00e9es par un tir des forces de l\u2019ordre a doubl\u00e9 depuis 2020&nbsp; (Basta!) Trois fois plus de personnes sont d\u00e9c\u00e9d\u00e9es suite \u00e0 une arrestation depuis 2020 &nbsp;(Basta!) Tir de LBD sur Jean-Fran\u00e7ois Martin : le policier identifi\u00e9 par mod\u00e9lisation 3D&nbsp; (Index) Comment l\u2019\u00c9tat distribue le sentiment de s\u00e9curit\u00e9, et &#8230; <a title=\"Juin &#8211; Leur \u00c9tat\" class=\"read-more\" href=\"https:\/\/www.rdpemancipation.org\/?p=115062\" aria-label=\"En savoir plus sur Juin &#8211; Leur \u00c9tat\">Lire la suite<\/a><\/p>\n","protected":false},"author":1,"featured_media":0,"comment_status":"closed","ping_status":"closed","sticky":false,"template":"","format":"standard","meta":{"_lmt_disableupdate":"","_lmt_disable":"","_jetpack_memberships_contains_paid_content":false,"footnotes":""},"categories":[5],"tags":[],"class_list":["post-115062","post","type-post","status-publish","format-standard","hentry","category-leur-etat"],"modified_by":"nch","jetpack_featured_media_url":"","jetpack_sharing_enabled":true,"_links":{"self":[{"href":"https:\/\/www.rdpemancipation.org\/index.php?rest_route=\/wp\/v2\/posts\/115062","targetHints":{"allow":["GET"]}}],"collection":[{"href":"https:\/\/www.rdpemancipation.org\/index.php?rest_route=\/wp\/v2\/posts"}],"about":[{"href":"https:\/\/www.rdpemancipation.org\/index.php?rest_route=\/wp\/v2\/types\/post"}],"author":[{"embeddable":true,"href":"https:\/\/www.rdpemancipation.org\/index.php?rest_route=\/wp\/v2\/users\/1"}],"replies":[{"embeddable":true,"href":"https:\/\/www.rdpemancipation.org\/index.php?rest_route=%2Fwp%2Fv2%2Fcomments&post=115062"}],"version-history":[{"count":34,"href":"https:\/\/www.rdpemancipation.org\/index.php?rest_route=\/wp\/v2\/posts\/115062\/revisions"}],"predecessor-version":[{"id":116440,"href":"https:\/\/www.rdpemancipation.org\/index.php?rest_route=\/wp\/v2\/posts\/115062\/revisions\/116440"}],"wp:attachment":[{"href":"https:\/\/www.rdpemancipation.org\/index.php?rest_route=%2Fwp%2Fv2%2Fmedia&parent=115062"}],"wp:term":[{"taxonomy":"category","embeddable":true,"href":"https:\/\/www.rdpemancipation.org\/index.php?rest_route=%2Fwp%2Fv2%2Fcategories&post=115062"},{"taxonomy":"post_tag","embeddable":true,"href":"https:\/\/www.rdpemancipation.org\/index.php?rest_route=%2Fwp%2Fv2%2Ftags&post=115062"}],"curies":[{"name":"wp","href":"https:\/\/api.w.org\/{rel}","templated":true}]}}