{"id":106653,"date":"2023-01-01T11:45:44","date_gmt":"2023-01-01T10:45:44","guid":{"rendered":"https:\/\/www.rdpemancipation.org\/?p=106653"},"modified":"2023-01-31T06:59:00","modified_gmt":"2023-01-31T05:59:00","slug":"janvier-cultures-3","status":"publish","type":"post","link":"https:\/\/www.rdpemancipation.org\/?p=106653","title":{"rendered":"Janvier &#8211; Cultures"},"content":{"rendered":"\n<p class=\"has-text-color\" style=\"color:#c30000\"><strong>31 janvier<\/strong><\/p>\n\n\n\n<p><a href=\"https:\/\/lanticapitaliste.org\/opinions\/culture\/adolfo-kaminsky-un-faussaire-contre-les-oppressions\" title=\"\">Adolfo Kaminsky, un\u00a0faussaire contre les\u00a0oppressions<\/a> (L&rsquo;Anticapitaliste).<\/p>\n\n\n\n<p><a href=\"https:\/\/lejournal.cnrs.fr\/articles\/un-monde-de-villes\" title=\"\">Un monde de villes<\/a> (CNRS Le journal).<\/p>\n\n\n\n<p><a href=\"https:\/\/link.newsletter.franceculture.fr\/m\/surl\/7429\/779759\/L50OxsTvJTA8zEkGc2dj229C5lXTLJmivm821gAfcU8=\/link_38\/17yeF4qr39zgGuSQm-HbW-k9CpcHnoslbQLwL0w2H3Hx8uMw4EzQL5yIkGE0skte3IBppnfCJclzVXIrJQIfLo94p4NsLmih1x8eBS1GdYVMYX334M3J-SE-yiaCotF3MDYlhoc+ZzGoor0keltMiwXTOv1h7XQ622Dsk-SDcL752lw1n-2N7REqfu6idCs2VGyq0IpseCXuEpafCJkftWx7whMr2IcNzP5Xh41U0f1isE2-OH9+4mbz71IMj87-i+OtiBZ9YeDNJGLtfjmyQgZARH2pWgeAtDzQHzBsdvJ1c5nJD1doBmS8SePmyy4hNKhf9TjwlNsL0dYoetk9GEqiqMGP2RKjK2oguslitJU=\" target=\"_blank\" rel=\"noreferrer noopener\"> Les immigr\u00e9s face \u00e0 la nation fran\u00e7aise<\/a> (France culture).<\/p>\n\n\n\n<p><a href=\"https:\/\/www.lemonde.fr\/culture\/article\/2023\/01\/30\/edlinger-la-liberte-au-bout-des-doigts-sur-france-tv-l-escalade-en-art-de-vivre_6159872_3246.html\" title=\"\">\u00ab&nbsp;Edlinger, la libert\u00e9 au bout des doigts&nbsp;\u00bb<\/a> (Le Monde).<\/p>\n\n\n\n<div class=\"wp-block-columns is-layout-flex wp-container-core-columns-is-layout-9d6595d7 wp-block-columns-is-layout-flex\">\n<div class=\"wp-block-column is-layout-flow wp-block-column-is-layout-flow\" style=\"flex-basis:100%\"><div class=\"wp-block-image\">\n<figure class=\"alignleft size-large is-resized\"><img data-recalc-dims=\"1\" loading=\"lazy\" decoding=\"async\" src=\"https:\/\/i0.wp.com\/www.rdpemancipation.org\/wp-content\/uploads\/2023\/01\/image-127.png?resize=269%2C399&#038;ssl=1\" alt=\"\" class=\"wp-image-108539\" width=\"269\" height=\"399\" srcset=\"https:\/\/i0.wp.com\/www.rdpemancipation.org\/wp-content\/uploads\/2023\/01\/image-127.png?resize=690%2C1024&amp;ssl=1 690w, https:\/\/i0.wp.com\/www.rdpemancipation.org\/wp-content\/uploads\/2023\/01\/image-127.png?resize=202%2C300&amp;ssl=1 202w, https:\/\/i0.wp.com\/www.rdpemancipation.org\/wp-content\/uploads\/2023\/01\/image-127.png?resize=768%2C1140&amp;ssl=1 768w, https:\/\/i0.wp.com\/www.rdpemancipation.org\/wp-content\/uploads\/2023\/01\/image-127.png?resize=1035%2C1536&amp;ssl=1 1035w, https:\/\/i0.wp.com\/www.rdpemancipation.org\/wp-content\/uploads\/2023\/01\/image-127.png?w=1328&amp;ssl=1 1328w\" sizes=\"auto, (max-width: 269px) 100vw, 269px\" \/><figcaption class=\"wp-element-caption\"><sup>Patrick Edlinger (\u00e0 gauche) escalade les gorges du Verdon \u00e0 mains nues, en 1984. BARTHELEMY ANTOINE\/SIPA<\/sup><\/figcaption><\/figure>\n<\/div><\/div>\n<\/div>\n\n\n\n<p class=\"has-text-color\" style=\"color:#c00000\"><strong>30 janvier<\/strong><\/p>\n\n\n\n<p><a href=\"https:\/\/www.en-attendant-nadeau.fr\/2023\/01\/30\/bassorah-revee-ez-eldin\/\">Bassorah r\u00eav\u00e9e<\/a> (En attendant Nadeau).<\/p>\n\n\n\n<p><a href=\"https:\/\/www.lemonde.fr\/disparitions\/article\/2023\/01\/29\/mort-de-tom-verlaine-heros-rimbaldien-du-punk-new-yorkais_6159785_3382.html\" title=\"\">Mort de Tom Verlaine, h\u00e9ros rimbaldien du punk new-yorkais<\/a> (Le Monde).<\/p>\n\n\n\n<p><a href=\"https:\/\/www.telerama.fr\/ecrans\/shrinking-the-patient-les-comiques-passent-sur-le-divan-7014072.php\" title=\"\">\u201cShrinking\u201d, \u201cThe Patient\u201d&#8230; Les comiques passent sur le divan<\/a> (T\u00e9l\u00e9rama).<\/p>\n\n\n\n<p><a href=\"https:\/\/www.causette.fr\/societe\/humeurs\/150-ans-de-la-naissance-de-colette-une-balade-dans-le-paradis-absolu-de-lecrivaine\" title=\"\"> Colette&nbsp;: une balade dans le \u00ab&nbsp;paradis absolu&nbsp;\u00bb de l&rsquo;\u00e9crivaine<\/a> (Causette).<\/p>\n\n\n\n<div class=\"wp-block-columns is-layout-flex wp-container-core-columns-is-layout-9d6595d7 wp-block-columns-is-layout-flex\">\n<div class=\"wp-block-column is-layout-flow wp-block-column-is-layout-flow\" style=\"flex-basis:100%\"><div class=\"wp-block-image\">\n<figure class=\"alignleft size-full is-resized\"><img data-recalc-dims=\"1\" loading=\"lazy\" decoding=\"async\" src=\"https:\/\/i0.wp.com\/www.rdpemancipation.org\/wp-content\/uploads\/2023\/01\/image-120.png?resize=266%2C177&#038;ssl=1\" alt=\"\" class=\"wp-image-108460\" width=\"266\" height=\"177\" srcset=\"https:\/\/i0.wp.com\/www.rdpemancipation.org\/wp-content\/uploads\/2023\/01\/image-120.png?w=500&amp;ssl=1 500w, https:\/\/i0.wp.com\/www.rdpemancipation.org\/wp-content\/uploads\/2023\/01\/image-120.png?resize=300%2C200&amp;ssl=1 300w\" sizes=\"auto, (max-width: 266px) 100vw, 266px\" \/><figcaption class=\"wp-element-caption\"><sup>La maison natale de Colette vue du jardin d&rsquo;en face. \u00a9Clier.<\/sup><\/figcaption><\/figure>\n<\/div><\/div>\n<\/div>\n\n\n\n<p class=\"has-text-color\" style=\"color:#bd0000\"><strong>29 janvier<\/strong><\/p>\n\n\n\n<p><a href=\"https:\/\/www.en-attendant-nadeau.fr\/2023\/01\/25\/probo-koala-tanella-boni\/\">Habiter un monde qui pue<\/a> (En attendant Nadeau).<\/p>\n\n\n\n<p><a href=\"https:\/\/www.revue-ballast.fr\/david-bosc-montrer-ce-que-serait-une-vie-juste\/\">David Bosc&nbsp;: \u00ab&nbsp;Montrer ce que serait une vie&nbsp;juste&nbsp;\u00bb<\/a> (Ballast).<\/p>\n\n\n\n<p><a href=\"https:\/\/www.contretemps.eu\/monarchie-angleterre-elizabeth-tom-nairn\/\" title=\"\">Nation(s) et monarchie au Royaume-Uni. \u00c0 propos de Tom Nairn<\/a> (Contretemps).<\/p>\n\n\n\n<p><a href=\"https:\/\/www.telerama.fr\/livre\/palmares-du-festival-d-angouleme-2023-le-fauve-d-or-pour-martin-panchaud-7014059.php\" title=\"\">Palmar\u00e8s du Festival d\u2019Angoul\u00eame 2023<\/a>&nbsp;(T\u00e9l\u00e9rama).<\/p>\n\n\n\n<div class=\"wp-block-columns is-layout-flex wp-container-core-columns-is-layout-9d6595d7 wp-block-columns-is-layout-flex\">\n<div class=\"wp-block-column is-layout-flow wp-block-column-is-layout-flow\" style=\"flex-basis:100%\"><div class=\"wp-block-image\">\n<figure class=\"alignleft size-large is-resized\"><img data-recalc-dims=\"1\" loading=\"lazy\" decoding=\"async\" src=\"https:\/\/i0.wp.com\/www.rdpemancipation.org\/wp-content\/uploads\/2023\/01\/image-117.png?resize=268%2C268&#038;ssl=1\" alt=\"\" class=\"wp-image-108382\" width=\"268\" height=\"268\" srcset=\"https:\/\/i0.wp.com\/www.rdpemancipation.org\/wp-content\/uploads\/2023\/01\/image-117.png?resize=1024%2C1024&amp;ssl=1 1024w, https:\/\/i0.wp.com\/www.rdpemancipation.org\/wp-content\/uploads\/2023\/01\/image-117.png?resize=300%2C300&amp;ssl=1 300w, https:\/\/i0.wp.com\/www.rdpemancipation.org\/wp-content\/uploads\/2023\/01\/image-117.png?resize=150%2C150&amp;ssl=1 150w, https:\/\/i0.wp.com\/www.rdpemancipation.org\/wp-content\/uploads\/2023\/01\/image-117.png?resize=768%2C768&amp;ssl=1 768w, https:\/\/i0.wp.com\/www.rdpemancipation.org\/wp-content\/uploads\/2023\/01\/image-117.png?w=1200&amp;ssl=1 1200w\" sizes=\"auto, (max-width: 268px) 100vw, 268px\" \/><figcaption class=\"wp-element-caption\"><sup>Martin Panchaud a re\u00e7u le Fauve d\u2019Or du Festival d\u2019Angoul\u00eame 2023 pour \u00ab&nbsp;La Couleur des choses&nbsp;\u00bb. Photo Catherine Panchaud<\/sup><\/figcaption><\/figure>\n<\/div><\/div>\n<\/div>\n\n\n\n<p class=\"has-text-color\" style=\"color:#bc0000\"><strong>28 janvier<\/strong><\/p>\n\n\n\n<p><a href=\"https:\/\/link.newsletter.franceculture.fr\/m\/surl\/7429\/779194\/4iknvLXwvL-rzAnf_Oz4zm9C5lXTLJmivm821gAfcU8=\/link_20\/wgfULBwMpTDgb25eDXMK4UGLW08oUMIV50h3bxamVrw7lvFoCEJxikoXfkhhIdOuDgVFPDi1hjXC2-WJ1cDUi9OUpdp+5ztMwiD86fidRqeKmvaESYSYXKKFR0KXE3xO8lLiPVyYP4pbEfATXkHA-lCKHw3HXtwItC+AG1PE2T+WuCNcVhz2dUEZWshEOjLqsZtXzUeKp5eyz57-7FPaW3sdOkJdDWyYDQO0ucMuCr9gTfd6DiSJvX0w0rYheUw5nJHHpM1nfac3TkoPlm4f4AM2zBSb0SQ541fJQjKo+p8I9q7sQwwPZvwWNAoa-Zzh\" target=\"_blank\" rel=\"noreferrer noopener\">Mais qu&rsquo;est-ce que la d\u00e9construction&nbsp;?<\/a> (France culture).<\/p>\n\n\n\n<p><a href=\"https:\/\/www.en-attendant-nadeau.fr\/2023\/01\/28\/histoire-sociale-bd-kohn\/\">La BD hors de la niche<\/a> (En attendant Nadeau).<\/p>\n\n\n\n<p><a href=\"https:\/\/www.politis.fr\/articles\/2023\/01\/50-idees-nouvelles-pour-la-gauche\/\" title=\"\">Les pistes pour r\u00e9g\u00e9n\u00e9rer la gauche<\/a> (Politis).<\/p>\n\n\n\n<p><a href=\"https:\/\/www.nonfiction.fr\/article-11598-discordance-des-temps-entretien-avec-christophe-charle.htm\" title=\"\">Discordance des temps : entretien avec Christophe Charle<\/a> (Nonfiction).<\/p>\n\n\n\n<p><a href=\"https:\/\/www.lemonde.fr\/livres\/article\/2023\/01\/27\/crepuscule-philippe-claudel-embrasse-la-noirceur-metaphysique_6159604_3260.html\" title=\"\">\u00ab&nbsp;Cr\u00e9puscule&nbsp;\u00bb&nbsp;: Philippe Claudel embrasse la noirceur m\u00e9taphysique<\/a> (Le Monde).<\/p>\n\n\n\n<div class=\"wp-block-columns is-layout-flex wp-container-core-columns-is-layout-9d6595d7 wp-block-columns-is-layout-flex\">\n<div class=\"wp-block-column is-layout-flow wp-block-column-is-layout-flow\" style=\"flex-basis:100%\"><div class=\"wp-block-image\">\n<figure class=\"alignleft size-large is-resized\"><img data-recalc-dims=\"1\" loading=\"lazy\" decoding=\"async\" src=\"https:\/\/i0.wp.com\/www.rdpemancipation.org\/wp-content\/uploads\/2023\/01\/image-114.png?resize=271%2C202&#038;ssl=1\" alt=\"\" class=\"wp-image-108333\" width=\"271\" height=\"202\" srcset=\"https:\/\/i0.wp.com\/www.rdpemancipation.org\/wp-content\/uploads\/2023\/01\/image-114.png?resize=1024%2C768&amp;ssl=1 1024w, https:\/\/i0.wp.com\/www.rdpemancipation.org\/wp-content\/uploads\/2023\/01\/image-114.png?resize=300%2C225&amp;ssl=1 300w, https:\/\/i0.wp.com\/www.rdpemancipation.org\/wp-content\/uploads\/2023\/01\/image-114.png?resize=768%2C576&amp;ssl=1 768w, https:\/\/i0.wp.com\/www.rdpemancipation.org\/wp-content\/uploads\/2023\/01\/image-114.png?w=1328&amp;ssl=1 1328w\" sizes=\"auto, (max-width: 271px) 100vw, 271px\" \/><figcaption class=\"wp-element-caption\"><sup>L\u2019\u00e9crivain Philippe Claudel, \u00e0 Anvers, en 2021. STOCK<\/sup><\/figcaption><\/figure>\n<\/div><\/div>\n<\/div>\n\n\n\n<p class=\"has-text-color\" style=\"color:#b90000\"><strong>27 janvier<\/strong><\/p>\n\n\n\n<p><a href=\"https:\/\/www.nonfiction.fr\/article-11589-legalite-nest-pas-utile-cest-un-imperatif-moral.htm\" title=\"\">L\u2019\u00e9galit\u00e9 n\u2019est pas utile, c\u2019est un imp\u00e9ratif moral<\/a> (Nonfiction).<\/p>\n\n\n\n<p><a href=\"https:\/\/www.revue-ballast.fr\/labecedaire-de-michel-foucault\/\">L\u2019ab\u00e9c\u00e9daire de Michel Foucault<\/a> (Ballast).<\/p>\n\n\n\n<p><a href=\"https:\/\/www.lemonde.fr\/culture\/article\/2023\/01\/25\/cesars-2023-des-nominations-en-reflet-des-succes-publics-du-cinema-francais_6159312_3246.html\" title=\"\">C\u00e9sars 2023&nbsp;: des nominations qui refl\u00e8tent les succ\u00e8s publics <\/a>(Le Monde).<\/p>\n\n\n\n<p><a href=\"https:\/\/www.en-attendant-nadeau.fr\/2023\/01\/26\/exotisme-predation-loti-segalen\/\">Exotisme, colonialisme, pr\u00e9dation<\/a> (En attendant Nadeau).<\/p>\n\n\n\n<p><a href=\"https:\/\/link.newsletter.franceculture.fr\/m\/surl\/7429\/774969\/MEUOdBGeT8PA99SuGzP8VW9C5lXTLJmivm821gAfcU8=\/link_18\/VYozx80SPHsL+FgkSvjv4Ah2sTIb+8ticjScQSN6GGt8fwJgSVhN3DBWt9kKMW64KWv0Hnr8zw6YHc7Bax6RExSgvuKldGXNTJ9xFfBf6xoQROS089EPOZQcz+1yQwHWAavS3lLKN8vC+0hd6Yr+TF3+XtuOburROVNwWaLTTQ0Jw-SngobmwcQuWky85MR5n0ZjCAJRk6BQd6OJCcHAOtMsuIEws1LQ1GUHEKvT6qkZuG7MeVFO0RfHKlKndaJ1b89SRgSSsfokoGjvDV1L-h0QYMrHSsCWqwmJhTxb-6oQ+zGDRgfHNa8Wnjb3cB9nqdKCKGc0HmwWqN1VZO7pe9xIhKw96WlKQREmdHeiC8jOYCEat2PsZE5wO0nBMVNF-N7ExulMWcy9QaeRn9ItQDV-+2Y7hJgLPlOaV1kYUH+Luq8VgAesrXp7AfY79H0y\" title=\"\">Ad\u00e8le Blanc-Sec, bouquet final&nbsp;!<\/a> (France culture).<\/p>\n\n\n\n<div class=\"wp-block-columns is-layout-flex wp-container-core-columns-is-layout-9d6595d7 wp-block-columns-is-layout-flex\">\n<div class=\"wp-block-column is-layout-flow wp-block-column-is-layout-flow\" style=\"flex-basis:100%\"><div class=\"wp-block-image\">\n<figure class=\"alignleft size-full is-resized\"><img data-recalc-dims=\"1\" loading=\"lazy\" decoding=\"async\" src=\"https:\/\/i0.wp.com\/www.rdpemancipation.org\/wp-content\/uploads\/2023\/01\/image-113.png?resize=269%2C152&#038;ssl=1\" alt=\"\" class=\"wp-image-108307\" width=\"269\" height=\"152\" srcset=\"https:\/\/i0.wp.com\/www.rdpemancipation.org\/wp-content\/uploads\/2023\/01\/image-113.png?w=560&amp;ssl=1 560w, https:\/\/i0.wp.com\/www.rdpemancipation.org\/wp-content\/uploads\/2023\/01\/image-113.png?resize=300%2C169&amp;ssl=1 300w\" sizes=\"auto, (max-width: 269px) 100vw, 269px\" \/><figcaption class=\"wp-element-caption\"><sup>Octobre 2022 &#8211; Jacques Tardi chez lui \u00e0 Paris &#8211; Laurent Paulr\u00e9<\/sup><\/figcaption><\/figure>\n<\/div><\/div>\n<\/div>\n\n\n\n<p class=\"has-text-color\" style=\"color:#b90000\"><strong>26 janvier<\/strong><\/p>\n\n\n\n<p><a href=\"https:\/\/link.newsletter.franceculture.fr\/m\/surl\/7429\/778792\/ujN5sZUv9RkkBocyY3QtTm9C5lXTLJmivm821gAfcU8=\/link_20\/urt2yUov+VXEIjF6ytS1SwXFPwfkb6ORr50V9Z7k9w8b9oUOqMg1PIoelfIUX4afhuNJzKezcwS-vl9YSDNYEg5hCUJAzNSRDzk-zsyMBBv4Km-HMu7IZ0+jQ+wTh2A0uE8I2-EULTUk0-CfQ50cO7NzrBixcBdL+Z6sk7ruGAtkjMHcyivYazObkSk-epPwYOKbIsOs9FsQDyk2xpOkwF80MQiBLF-Z5CTLkcb+r8UTYFQqTIG9eHTLfXlQQyRCfRQeXh5OPiMSZjeGtl8Km2wIj05phmseBRtmmOQH0Hg703yzpq8ZxNIZA6QlkL5U\" target=\"_blank\" rel=\"noreferrer noopener\">Retour \u00e0 S\u00e9oul, au cin\u00e9ma le 25 janvier<\/a> (France culture).<\/p>\n\n\n\n<p><a href=\"https:\/\/billetterie.centrepompidou.fr\/api\/1\/samp\/registerVisit?tracker=GioXwy%2BDy0osah7ikrAd&amp;organization=16261&amp;contactHash=q5aD1U7a9DSAvIGRBFqmglJxyu4%3D&amp;shipmentId=102005201103&amp;seasonId=101846614219&amp;posId=101055209832&amp;utm_source=INFORMATION&amp;utm_medium=EMAIL&amp;utm_campaign=2301+-+CI+-+HP+-+danielle+arbid+-+28-29+jan+REVU+SDN&amp;redirectTo=https%3A%2F%2Fwww.centrepompidou.fr%2Ffr%2Fmagazine%2Farticle%2Fentre-paris-et-beyrouth-avec-danielle-arbid-la-guerre-en-face%3Futm_source%3DINFORMATION%26utm_medium%3DEMAIL%26utm_campaign%3D2301%2B-%2BCI%2B-%2BHP%2B-%2Bdanielle%2Barbid%2B-%2B28-29%2Bjan%2BREVU%2BSDN\" title=\"\">Danielle Arbid, la guerre en face<\/a> (Centre Pompidou).<\/p>\n\n\n\n<p><a href=\"https:\/\/www.nonfiction.fr\/article-11587-la-guerre-revolutionnaire-penser-la-lutte-contre-linsurrection.htm\" title=\"\">La \u00ab guerre r\u00e9volutionnaire \u00bb : penser la lutte contre l\u2019insurrection<\/a> (Nonfiction).<\/p>\n\n\n\n<p><a href=\"https:\/\/blog.mondediplo.net\/le-frolement-de-la-folie\" title=\"\">Le fr\u00f4lement de la folie<\/a> (Les blogs du \u00ab\u00a0Monde diplomatique\u00a0\u00bb).<\/p>\n\n\n\n<p><a href=\"https:\/\/www.en-attendant-nadeau.fr\/2023\/01\/25\/marias-nevinson-legende\/\">Mar\u00edas n\u2019\u00e9chappe pas \u00e0 sa l\u00e9gende<\/a> (En attendant Nadeau).<\/p>\n\n\n\n<p class=\"has-base-3-color has-text-color\">.<\/p>\n\n\n\n<p class=\"has-text-color\" style=\"color:#b90000\"><strong>25 janvier<\/strong><\/p>\n\n\n\n<p><a href=\"https:\/\/link.newsletter.franceculture.fr\/m\/surl\/7429\/778598\/0MdRyAnk53Nf4Pwf_WgvSG9C5lXTLJmivm821gAfcU8=\/link_49\/VPkMvs-Lr--MkZUpgByr0H+7-pDnwMBE3jkgLEOPdoW54kzFbEk1AjuafTaw7vUm82QTmUnCA4X9hXccHMyfCGLuMV3azhnCYc3hJRiMfAXxzTkGwv1Q5Jllrpcww77JX9efq0E04z5QAAWz49U6veTH7eBTPaKgpC5Bhutf0AWrT8fp7jRYFYnWQREyFBp86nr9URliBKLPJvHEQAZ3jfsRBzTjY35+3gy+0cB7boMVGae5WMWC3aFwZSzye3jtjPUxR1asz7+Drg2KZD646CzAuhl1FAPZ7ibAe-11CThljr7pQ7i+Z2lV4L9vDd2nart8d-Q9WxEXNPjFsFeRXA==\" target=\"_blank\" rel=\"noreferrer noopener\">Vivre ou survivre&nbsp;dans la rue&nbsp;? Une histoire de la pauvret\u00e9<\/a> (France culture).<\/p>\n\n\n\n<p><a href=\"https:\/\/www.lemonde.fr\/culture\/article\/2023\/01\/24\/la-berlinale-devoile-les-18-films-en-competition_6159097_3246.html\" title=\"\">La Berlinale d\u00e9voile les 18&nbsp;films en&nbsp;comp\u00e9tition<\/a> (Le Monde).<\/p>\n\n\n\n<p><a href=\"https:\/\/www.politika.io\/fr\/article\/figure-du-chef-france-allemagne-union-sovietique-aux-etatsunis-1890-a-1940\" title=\"\">La figure du chef  de 1890 \u00e0 1940<\/a> (Politika).<\/p>\n\n\n\n<p><a href=\"https:\/\/www.liberation.fr\/culture\/cinema\/interdit-aux-chiens-et-aux-italiens-en-pate-douce-20230125_I2BKXICKBBC2VDGBAEP5H2RCLE\/\" title=\"\">\u00abInterdit aux chiens et aux Italiens\u00bb, en p\u00e2te douce<\/a> (Lib\u00e9ration).<\/p>\n\n\n\n<p><a href=\"https:\/\/www.en-attendant-nadeau.fr\/2023\/01\/25\/serres-merveilleux-conteur\/\">Serres, un merveilleux conteur<\/a> (En attendant Nadeau).<\/p>\n\n\n\n<div class=\"wp-block-columns is-layout-flex wp-container-core-columns-is-layout-9d6595d7 wp-block-columns-is-layout-flex\">\n<div class=\"wp-block-column is-layout-flow wp-block-column-is-layout-flow\" style=\"flex-basis:100%\"><div class=\"wp-block-image\">\n<figure class=\"alignleft size-full is-resized\"><img data-recalc-dims=\"1\" loading=\"lazy\" decoding=\"async\" src=\"https:\/\/i0.wp.com\/www.rdpemancipation.org\/wp-content\/uploads\/2023\/01\/image-99.png?resize=269%2C202&#038;ssl=1\" alt=\"\" class=\"wp-image-108167\" width=\"269\" height=\"202\" srcset=\"https:\/\/i0.wp.com\/www.rdpemancipation.org\/wp-content\/uploads\/2023\/01\/image-99.png?w=600&amp;ssl=1 600w, https:\/\/i0.wp.com\/www.rdpemancipation.org\/wp-content\/uploads\/2023\/01\/image-99.png?resize=300%2C225&amp;ssl=1 300w\" sizes=\"auto, (max-width: 269px) 100vw, 269px\" \/><figcaption class=\"wp-element-caption\"><sup>Michel Serres \u00a9 Basso Cannarsa\/Opale.photo\/\u00c9ditions Le Pommier<\/sup><\/figcaption><\/figure>\n<\/div><\/div>\n<\/div>\n\n\n\n<p class=\"has-text-color\" style=\"color:#b90000\"><strong>24 janvier<\/strong><\/p>\n\n\n\n<p><a href=\"https:\/\/link.newsletter.franceculture.fr\/m\/surl\/7429\/778390\/9xdJiYVBA1X8lMrd5APISW9C5lXTLJmivm821gAfcU8=\/link_4\/G93655Tm0zWFSF+qUU1y1pIlzZXohRaZIPGtyceP2QqFtm+O5x2yiPg0sfsT8PTWopHqaJKrhZmQPmIP8WaE9XoY+plgSxmkL92xtBhsC80B9sXgjorDA8MfeYcDzDtfB5zvVHUp85pYzO2rHWKx6GfoBBnmXpuJ+5qjGPOWuWzaNiHzDkmagYwj-17Yno1ePVo8hX7OC-Unhec0-1UFYOCgMmFijHiu2huXf6F1D4SEAXE1trNouIDO4RXoiOMqkDsoJ01xypxovOkdFTosdURdL3yam9LwauRi53u6KMfGZ1W7Y6ivZLFubcNDNiI2nul58-mEityZQjfryzQVUrzV9VcMncuM3hJ2xaGsf+liGapvAUxytXmP8Oev8UxA\" target=\"_blank\" rel=\"noreferrer noopener\"> Boulevard et impasse, l&rsquo;histoire politique s&rsquo;\u00e9crit-elle dans la rue&nbsp;?<\/a> (France culture).<\/p>\n\n\n\n<p><a href=\"https:\/\/www.en-attendant-nadeau.fr\/2023\/01\/23\/pope-swift-loufoque-scriblerus\/\">Pope, Swift &amp; Cie \u00e0 la mode loufoque<\/a> (En attendant Nadeau).<\/p>\n\n\n\n<p><a href=\"https:\/\/www.contretemps.eu\/capital-marx-actualite-entretien-david-harvey\/\" title=\"\">Pourquoi Le Capital de Marx est-il toujours d\u2019actualit\u00e9?<\/a> (Contretemps).<\/p>\n\n\n\n<p><a href=\"https:\/\/www.lemonde.fr\/culture\/article\/2023\/01\/20\/a-la-comedie-francaise-la-mort-de-danton-depeint-la-beaute-d-une-revolution-au-crepuscule_6158713_3246.html\" title=\"\">A la Com\u00e9die-Fran\u00e7aise, \u00ab&nbsp;La Mort de Danton&nbsp;\u00bb<\/a> (Le Monde).<\/p>\n\n\n\n<p><a href=\"https:\/\/www.liberation.fr\/culture\/musique\/le-violoncelliste-abel-selaocoe-monsieur-tous-les-mondes-20230123_EQPTHRMZZ5G3ZOBM3YD6GCM33Q\/\" title=\"\">Le violoncelliste Abel Selaocoe, monsieur tous les mondes<\/a> (Lib\u00e9ration).<\/p>\n\n\n\n<div class=\"wp-block-columns is-layout-flex wp-container-core-columns-is-layout-9d6595d7 wp-block-columns-is-layout-flex\">\n<div class=\"wp-block-column is-layout-flow wp-block-column-is-layout-flow\" style=\"flex-basis:100%\"><div class=\"wp-block-image\">\n<figure class=\"alignleft size-large is-resized\"><img data-recalc-dims=\"1\" loading=\"lazy\" decoding=\"async\" src=\"https:\/\/i0.wp.com\/www.rdpemancipation.org\/wp-content\/uploads\/2023\/01\/image-96.png?resize=269%2C403&#038;ssl=1\" alt=\"\" class=\"wp-image-108110\" width=\"269\" height=\"403\" srcset=\"https:\/\/i0.wp.com\/www.rdpemancipation.org\/wp-content\/uploads\/2023\/01\/image-96.png?resize=683%2C1024&amp;ssl=1 683w, https:\/\/i0.wp.com\/www.rdpemancipation.org\/wp-content\/uploads\/2023\/01\/image-96.png?resize=200%2C300&amp;ssl=1 200w, https:\/\/i0.wp.com\/www.rdpemancipation.org\/wp-content\/uploads\/2023\/01\/image-96.png?resize=768%2C1152&amp;ssl=1 768w, https:\/\/i0.wp.com\/www.rdpemancipation.org\/wp-content\/uploads\/2023\/01\/image-96.png?w=1024&amp;ssl=1 1024w\" sizes=\"auto, (max-width: 269px) 100vw, 269px\" \/><figcaption class=\"wp-element-caption\"><sup>Abel Selaocoe. (Christina Ebenezer\/Christina Ebenezer)<\/sup><\/figcaption><\/figure>\n<\/div><\/div>\n<\/div>\n\n\n\n<p class=\"has-text-color\" style=\"color:#bc0000\"><strong>23 janvier<\/strong><\/p>\n\n\n\n<p><a href=\"https:\/\/public-api.wordpress.com\/bar\/?stat=groovemails-events&amp;bin=wpcom_email_click&amp;redirect_to=https%3A%2F%2Fentreleslignesentrelesmots.wordpress.com%2F2023%2F01%2F22%2Fdes-enregistrements-en-2021-4%2F&amp;sr=0&amp;signature=ff1f916b6d12a3fb1b12067fa1fec0bc&amp;blog_id=12785448&amp;user=0ff88261f2c135c936be37d66e379a6f&amp;_e=eyJlcnJvciI6bnVsbCwiYmxvZ19pZCI6MTI3ODU0NDgsImJsb2dfbGFuZyI6ImZyLUZSIiwic2l0ZV9pZF9sYWJlbCI6IndwY29tIiwiaGFzX2ZlYXR1cmVkX2ltYWdlIjoiMCIsIl91aSI6IjBmZjg4MjYxZjJjMTM1YzkzNmJlMzdkNjZlMzc5YTZmIiwiX3V0IjoiYW5vbiIsImVtYWlsX2RvbWFpbiI6InlhaG9vLmNvbSIsInBvc3RfaWQiOjY2MjY4LCJkYXRlX3NlbnQiOiIyMDIzLTAxLTIyIiwiZW1haWxfaWQiOiI3MTA2NDY1M2EyNGE5MmQ4M2Q3OWJhMDM5YjQxN2YzOCIsImVtYWlsX25hbWUiOiJuZXctcG9zdCIsInRlbXBsYXRlIjoibmV3LXBvc3QiLCJsaW5rX2Rlc2MiOiJwb3N0LXVybCIsImFuY2hvcl90ZXh0IjoiRGVzIGVucmVnaXN0cmVtZW50cyBlbiAyMDIxXHUwMGEwKDQpIiwiX2RyIjpudWxsLCJfZGwiOiJcL3dwLWNyb24ucGhwP2RvaW5nX3dwX2Nyb249MTY3NDQwNTAwNi43NDIzNDE5OTUyMzkyNTc4MTI1MDAwIiwiX2VuIjoid3Bjb21fZW1haWxfY2xpY2siLCJfdHMiOjE2NzQ0MDUxMDE5MTAsImJyb3dzZXJfdHlwZSI6InBocC1hZ2VudCIsIl9hdWEiOiJ3cGNvbS10cmFja3MtY2xpZW50LXYwLjMiLCJfdWwiOm51bGwsImJsb2dfdHoiOiIwIiwidXNlcl9sYW5nIjpudWxsfQ=&amp;_z=z\" target=\"_blank\" rel=\"noreferrer noopener\">Des enregistrements en 2021<\/a> (Entre les lignes entre les mots).<\/p>\n\n\n\n<p><a href=\"https:\/\/www.en-attendant-nadeau.fr\/2023\/01\/19\/boltanski-nuit-tervuren\/\">Dans la nuit de Tervuren<\/a> (En attendant Nadeau).<\/p>\n\n\n\n<p><a href=\"https:\/\/www.politika.io\/fr\/article\/technologies-coloniales-autocoloniales-a-peripherie-leurope-images-imaginaire-tradition\" title=\"\">Technologies coloniales et auto-coloniales \u00e0 la p\u00e9riph\u00e9rie de l\u2019Europe<\/a> (Politika).<\/p>\n\n\n\n<p><a href=\"https:\/\/www.lemonde.fr\/culture\/article\/2023\/01\/22\/xavier-dolan-j-ai-l-impression-d-avoir-dit-tout-ce-que-j-avais-a-dire_6158888_3246.html\" title=\"\">Xavier Dolan&nbsp;: \u00ab&nbsp;J\u2019ai l\u2019impression d\u2019avoir dit tout ce que j\u2019avais \u00e0 dire&nbsp;\u00bb<\/a> (Le Monde).<\/p>\n\n\n\n<div class=\"wp-block-columns is-layout-flex wp-container-core-columns-is-layout-9d6595d7 wp-block-columns-is-layout-flex\">\n<div class=\"wp-block-column is-layout-flow wp-block-column-is-layout-flow\" style=\"flex-basis:100%\"><div class=\"wp-block-image\">\n<figure class=\"alignleft size-large is-resized\"><img data-recalc-dims=\"1\" loading=\"lazy\" decoding=\"async\" src=\"https:\/\/i0.wp.com\/www.rdpemancipation.org\/wp-content\/uploads\/2023\/01\/image-94.png?resize=266%2C175&#038;ssl=1\" alt=\"\" class=\"wp-image-108054\" width=\"266\" height=\"175\" srcset=\"https:\/\/i0.wp.com\/www.rdpemancipation.org\/wp-content\/uploads\/2023\/01\/image-94.png?resize=1024%2C679&amp;ssl=1 1024w, https:\/\/i0.wp.com\/www.rdpemancipation.org\/wp-content\/uploads\/2023\/01\/image-94.png?resize=300%2C199&amp;ssl=1 300w, https:\/\/i0.wp.com\/www.rdpemancipation.org\/wp-content\/uploads\/2023\/01\/image-94.png?resize=768%2C509&amp;ssl=1 768w, https:\/\/i0.wp.com\/www.rdpemancipation.org\/wp-content\/uploads\/2023\/01\/image-94.png?w=1328&amp;ssl=1 1328w\" sizes=\"auto, (max-width: 266px) 100vw, 266px\" \/><figcaption class=\"wp-element-caption\"><sub>Xavier Dolan. FRED GERVAIS \/ CANAL+<\/sub><\/figcaption><\/figure>\n<\/div><\/div>\n<\/div>\n\n\n\n<p class=\"has-text-color\" style=\"color:#bc0000\"><strong>22 janvier<\/strong><\/p>\n\n\n\n<p><a href=\"https:\/\/www.telerama.fr\/ecrans\/fipadoc-2023-nos-six-coups-de-c-ur-dans-les-documentaires-francais-7013933.php\" title=\"\">Six coups de c\u0153ur dans les documentaires fran\u00e7ais<\/a> (T\u00e9l\u00e9rama).<\/p>\n\n\n\n<p><a href=\"https:\/\/www.liberation.fr\/culture\/arts\/voir-la-guerre-et-faire-la-paix-hors-champ-de-batailles-a-beaubourg-20230121_PVYTQCR3MBCR5MQ4IPZVCXF2Z4\/\" title=\"\">\u00abVoir la guerre et faire la paix\u00bb, \u00e0 Beaubourg<\/a> (Lib\u00e9ration).<\/p>\n\n\n\n<p><a href=\"https:\/\/www.nonfiction.fr\/article-11583-beauvoir-lecoin-merleau-ponty-lamitie-sans-limite.htm\">Beauvoir, Lecoin, Merleau-Ponty : l&rsquo;amiti\u00e9 sans limite<\/a> (Nonfiction).<\/p>\n\n\n\n<p><a href=\"https:\/\/www.lemonde.fr\/culture\/article\/2023\/01\/21\/citizen-kane-sur-tcm-cinema-l-eblouissant-kaleidoscope-d-orson-welles_6158813_3246.html\" title=\"\">\u00ab&nbsp;Citizen Kane&nbsp;\u00bb, sur TCM&nbsp;Cin\u00e9ma<\/a> (Le Monde).<\/p>\n\n\n\n<p><a href=\"https:\/\/www.en-attendant-nadeau.fr\/2023\/01\/21\/entretien-joyce-carol-oates\/\">Entretien avec Joyce Carol Oates<\/a> (En attendant Nadeau).<\/p>\n\n\n\n<div class=\"wp-block-columns is-layout-flex wp-container-core-columns-is-layout-9d6595d7 wp-block-columns-is-layout-flex\">\n<div class=\"wp-block-column is-layout-flow wp-block-column-is-layout-flow\" style=\"flex-basis:100%\"><div class=\"wp-block-image\">\n<figure class=\"alignleft size-full is-resized\"><img data-recalc-dims=\"1\" loading=\"lazy\" decoding=\"async\" src=\"https:\/\/i0.wp.com\/www.rdpemancipation.org\/wp-content\/uploads\/2023\/01\/image-88.png?resize=273%2C273&#038;ssl=1\" alt=\"\" class=\"wp-image-107973\" width=\"273\" height=\"273\" srcset=\"https:\/\/i0.wp.com\/www.rdpemancipation.org\/wp-content\/uploads\/2023\/01\/image-88.png?w=650&amp;ssl=1 650w, https:\/\/i0.wp.com\/www.rdpemancipation.org\/wp-content\/uploads\/2023\/01\/image-88.png?resize=300%2C300&amp;ssl=1 300w, https:\/\/i0.wp.com\/www.rdpemancipation.org\/wp-content\/uploads\/2023\/01\/image-88.png?resize=150%2C150&amp;ssl=1 150w\" sizes=\"auto, (max-width: 273px) 100vw, 273px\" \/><figcaption class=\"wp-element-caption\"><sup>Joyce Carol Oates (2020) \u00a9 Jean-Luc Bertini<\/sup><\/figcaption><\/figure>\n<\/div><\/div>\n<\/div>\n\n\n\n<p class=\"has-text-color\" style=\"color:#b90000\"><strong>21 janvier<\/strong><\/p>\n\n\n\n<p><a href=\"https:\/\/link.newsletter.franceculture.fr\/m\/surl\/7429\/777833\/_nDDVQEtV78ftdcKja8nPG9C5lXTLJmivm821gAfcU8=\/link_4\/NzFH0C0DweStuRtKCoA5YI-dtVjvT+KzwBLxOIYDaEvUMRvkzyku4rntqGoJxEK6SkYq0H-8WUUUHvTNV6K-48ohMXFQ+WKf5YpK4lPEELkLZn0cz6cbHl9rUe5QifmbtYR5buWZieQS0lwWYKh0X7tKguvroUux3E2SRPP+h9LrxxHvixFNbFETEphxO-B0I04ahIMlBEP6bteFXX38+cPkWbNDSZaLhmlu2HIXH7aCrgOqwvHKadOD8PsFWY1bagvQFS5DIg23y5pr+eI7tbbrthoYViOY-8PfIjSbZW8PYpOYVF-EdXdJP2e3D8i3lJ4ySII+A03LgIS7LcpLbWLBUzijuOuqzMOXkNX1rTU=\" target=\"_blank\" rel=\"noreferrer noopener\">Des photos in\u00e9dites du soul\u00e8vement du ghetto de Varsovie retrouv\u00e9es <\/a>(France culture).<\/p>\n\n\n\n<p><a href=\"https:\/\/www.en-attendant-nadeau.fr\/2023\/01\/20\/lire-admirer-bourg\/\">En lisant en admirant<\/a> (En attendant Nadeau).<\/p>\n\n\n\n<p><a href=\"https:\/\/www.lemonde.fr\/disparitions\/article\/2023\/01\/21\/david-crosby-une-vie-brulee-par-les-deux-bouts_6158737_3382.html\" title=\"\">David Crosby, une vie br\u00fbl\u00e9e par les deux bouts<\/a> (Le Monde).<\/p>\n\n\n\n<p><a href=\"https:\/\/www.contretemps.eu\/comprendre-la-sociale-pour-la-continuer\/\" title=\"\">Comprendre la \u00ab&nbsp;Sociale&nbsp;\u00bb pour la continuer<\/a> (Contretemps).<\/p>\n\n\n\n<p><a href=\"https:\/\/www.telerama.fr\/cinema\/brad-pitt-acteur-quatre-fois-genial-0146-766.php\" title=\"\">Brad Pitt, acteur quatre fois g\u00e9nial<\/a> (T\u00e9l\u00e9rama).<\/p>\n\n\n\n<div class=\"wp-block-columns is-layout-flex wp-container-core-columns-is-layout-9d6595d7 wp-block-columns-is-layout-flex\">\n<div class=\"wp-block-column is-layout-flow wp-block-column-is-layout-flow\" style=\"flex-basis:100%\"><div class=\"wp-block-image\">\n<figure class=\"alignleft size-large is-resized\"><img data-recalc-dims=\"1\" loading=\"lazy\" decoding=\"async\" src=\"https:\/\/i0.wp.com\/www.rdpemancipation.org\/wp-content\/uploads\/2023\/01\/image-77.png?resize=265%2C176&#038;ssl=1\" alt=\"\" class=\"wp-image-107904\" width=\"265\" height=\"176\" srcset=\"https:\/\/i0.wp.com\/www.rdpemancipation.org\/wp-content\/uploads\/2023\/01\/image-77.png?resize=1024%2C683&amp;ssl=1 1024w, https:\/\/i0.wp.com\/www.rdpemancipation.org\/wp-content\/uploads\/2023\/01\/image-77.png?resize=300%2C200&amp;ssl=1 300w, https:\/\/i0.wp.com\/www.rdpemancipation.org\/wp-content\/uploads\/2023\/01\/image-77.png?resize=768%2C512&amp;ssl=1 768w, https:\/\/i0.wp.com\/www.rdpemancipation.org\/wp-content\/uploads\/2023\/01\/image-77.png?w=1200&amp;ssl=1 1200w\" sizes=\"auto, (max-width: 265px) 100vw, 265px\" \/><figcaption class=\"wp-element-caption\"><sup>Brad Pitt (Jack Conrad), dans \u00ab&nbsp;Babylon&nbsp;\u00bb.<br>Photo Scott Garfield &#8211; Paramount<\/sup><\/figcaption><\/figure>\n<\/div><\/div>\n<\/div>\n\n\n\n<p class=\"has-text-color\" style=\"color:#b90000\"><strong>20 janvier<\/strong><\/p>\n\n\n\n<p><a href=\"https:\/\/link.newsletter.franceculture.fr\/m\/surl\/7429\/777631\/zJtBs_BMZgastQX5qswqU29C5lXTLJmivm821gAfcU8=\/link_8\/82pvpPS0VcIqqJz8Q-M+hRIyVNco8Fk+H2R4uVyAE7ouv-7qo1BP+9truYHkc98ddprY93YSFearIBS6H0CaIWGQCt7sE4paiqwvA+bGa1ho6QvZ0fcAyPNLfCEh9-r0UoNgbsF1Zn9oA0ywImk85SO4xQITGhJpxqLtxGPovrLnfjOU2h05BOU+EAprZeJhxJi8Ut8w8QWJaDOkkltd9CmRAZuXhMc8n9rf7YQmD+Idas2LZ0KhDTdA0rRR3WXnIf9na5YeBvC+JGn8MWBfGiv0p9UzlMgDBEslC-XsFvMENbV9GburwSYYRFxwensAlPbJHwr-p-rKj6tw70oTNg==\" title=\"\">5\u00e8me \u00e9dition du Festival international du documentaire <\/a>(France culture).<\/p>\n\n\n\n<p><a href=\"https:\/\/www.en-attendant-nadeau.fr\/2023\/01\/19\/boltanski-nuit-tervuren\/\">Dans la nuit de Tervuren<\/a> (En attendant Nadeau).<\/p>\n\n\n\n<p><a href=\"https:\/\/www.telerama.fr\/livre\/belleville-n-a-jamais-change-c-est-chez-moi-daniel-pennac-raconte-son-quartier-de-toujours-7013866.php\" title=\"\">\u201cBelleville n\u2019a jamais chang\u00e9, c\u2019est chez moi\u201d&nbsp;: Daniel Pennac raconte<\/a> (T\u00e9l\u00e9rama). <\/p>\n\n\n\n<p><a href=\"https:\/\/www.nonfiction.fr\/article-11578-pourquoi-les-expulsions-locatives-sont-elles-souvent-pacifiques.htm\" title=\"\">Pourquoi les expulsions locatives sont-elles souvent pacifiques ?<\/a> (Nonfiction).<\/p>\n\n\n\n<p><a href=\"https:\/\/www.lemonde.fr\/livres\/article\/2023\/01\/19\/michelle-perrot-je-ne-suis-pas-mecontente-de-ma-vie_6158564_3260.html\" title=\"\">Michelle Perrot&nbsp;: \u00ab&nbsp;Je ne suis pas m\u00e9contente de ma vie&nbsp;\u00bb<\/a> (Le Monde).<\/p>\n\n\n\n<div class=\"wp-block-columns is-layout-flex wp-container-core-columns-is-layout-9d6595d7 wp-block-columns-is-layout-flex\">\n<div class=\"wp-block-column is-layout-flow wp-block-column-is-layout-flow\" style=\"flex-basis:100%\"><div class=\"wp-block-image\">\n<figure class=\"alignleft size-large is-resized\"><img data-recalc-dims=\"1\" loading=\"lazy\" decoding=\"async\" src=\"https:\/\/i0.wp.com\/www.rdpemancipation.org\/wp-content\/uploads\/2023\/01\/image-72.png?resize=270%2C179&#038;ssl=1\" alt=\"\" class=\"wp-image-107847\" width=\"270\" height=\"179\" srcset=\"https:\/\/i0.wp.com\/www.rdpemancipation.org\/wp-content\/uploads\/2023\/01\/image-72.png?resize=1024%2C683&amp;ssl=1 1024w, https:\/\/i0.wp.com\/www.rdpemancipation.org\/wp-content\/uploads\/2023\/01\/image-72.png?resize=300%2C200&amp;ssl=1 300w, https:\/\/i0.wp.com\/www.rdpemancipation.org\/wp-content\/uploads\/2023\/01\/image-72.png?resize=768%2C512&amp;ssl=1 768w, https:\/\/i0.wp.com\/www.rdpemancipation.org\/wp-content\/uploads\/2023\/01\/image-72.png?w=1328&amp;ssl=1 1328w\" sizes=\"auto, (max-width: 270px) 100vw, 270px\" \/><figcaption class=\"wp-element-caption\"><sup>L\u2019historienne Michelle Perrot, chez elle, \u00e0 Paris, en 2021. JEAN-LUC BERTINI\/PASCO<\/sup><\/figcaption><\/figure>\n<\/div><\/div>\n<\/div>\n\n\n\n<p class=\"has-text-color\" style=\"color:#ba0000\"><strong>19 janvier<\/strong><\/p>\n\n\n\n<p><a href=\"https:\/\/public-api.wordpress.com\/bar\/?stat=groovemails-events&amp;bin=wpcom_email_click&amp;redirect_to=https%3A%2F%2Fentreleslignesentrelesmots.wordpress.com%2F2023%2F01%2F18%2Ftrio-sans-piano-21%2F&amp;sr=0&amp;signature=8af97da9b70d2b3971fdb512e33272d4&amp;blog_id=12785448&amp;user=0ff88261f2c135c936be37d66e379a6f&amp;_e=eyJlcnJvciI6bnVsbCwiYmxvZ19pZCI6MTI3ODU0NDgsImJsb2dfbGFuZyI6ImZyLUZSIiwic2l0ZV9pZF9sYWJlbCI6IndwY29tIiwiaGFzX2ZlYXR1cmVkX2ltYWdlIjoiMCIsIl91aSI6IjBmZjg4MjYxZjJjMTM1YzkzNmJlMzdkNjZlMzc5YTZmIiwiX3V0IjoiYW5vbiIsImVtYWlsX2RvbWFpbiI6InlhaG9vLmNvbSIsInBvc3RfaWQiOjY2MTE4LCJkYXRlX3NlbnQiOiIyMDIzLTAxLTE4IiwiZW1haWxfaWQiOiI4ZmE4NTgwY2E0ZjM5OGIzYjQzZjBhOWZiNTM4MDQxZCIsImVtYWlsX25hbWUiOiJuZXctcG9zdCIsInRlbXBsYXRlIjoibmV3LXBvc3QiLCJsaW5rX2Rlc2MiOiJwb3N0LXVybCIsImFuY2hvcl90ZXh0IjoiVHJpb1x1MDBhMDogc2FucyBwaWFub1x1MDBhMCgyMSkiLCJfZHIiOm51bGwsIl9kbCI6Ilwvd3AtY3Jvbi5waHA\/ZG9pbmdfd3BfY3Jvbj0xNjc0MDU5NDIzLjk2NDQ4NTg4MzcxMjc2ODU1NDY4NzUiLCJfZW4iOiJ3cGNvbV9lbWFpbF9jbGljayIsIl90cyI6MTY3NDA1OTU3NjQ1MiwiYnJvd3Nlcl90eXBlIjoicGhwLWFnZW50IiwiX2F1YSI6IndwY29tLXRyYWNrcy1jbGllbnQtdjAuMyIsIl91bCI6bnVsbCwiYmxvZ190eiI6IjAiLCJ1c2VyX2xhbmciOm51bGx9&amp;_z=z\" target=\"_blank\" rel=\"noreferrer noopener\">Trio&nbsp;: sans piano<\/a> (Entre les lignes entre les mots).<\/p>\n\n\n\n<p><a href=\"https:\/\/www.telerama.fr\/cinema\/les-cinq-amours-de-paul-vecchiali-cineaste-de-l-extreme-7010355.php\" title=\"\">Paul Vecchiali, cin\u00e9aste de l\u2019extr\u00eame, est mort<\/a> (T\u00e9l\u00e9rama).<\/p>\n\n\n\n<p><a href=\"https:\/\/www.liberation.fr\/culture\/livres\/evelyne-heyer-donne-un-coup-de-gene-a-la-science-20230118_NOT5ZECJ2BB6PBGW66WOYROINQ\/\">ADN Evelyne Heyer donne un coup de g\u00e8ne \u00e0 la science<\/a> (Lib\u00e9ration).<\/p>\n\n\n\n<p><a href=\"https:\/\/www.en-attendant-nadeau.fr\/2023\/01\/18\/blanc-pastoureau-tesson\/\">La nuance contre la puret\u00e9<\/a> (En attendat Nadeau).<\/p>\n\n\n\n<p><a href=\"https:\/\/link.newsletter.franceculture.fr\/m\/surl\/7429\/777424\/RAaB0ZZr0ORDsL41pSIevW9C5lXTLJmivm821gAfcU8=\/link_37\/AMNZZ4EPtcZUV0hqtXdhwpA5EXGNlScVm13k8fzPz6tHaFQxg6jZZnMjJartPKIpBv+Aij6d8ir5ytiXa++e9PRT+ThbtNRdV8ALza4PBHYY21AdC5GqK2aDa-vUqz4iXyI+8EjJRVwdqwfF19FzsClIC-xyehHpLc3A8WxefxtBFs5SEQzSf9Kn9rK03hoiOwW-FcpDkho5OaCdxrRZHlPt9k-Zrv48axduP0YzWO720Fn0XFf3seBVPN5rUobFConPm5RIpcoNH1Omm+6CZ95pLb7ixvG+Jmq3iJFjizsHSUuC3IXtlzY4y2lrB-xO\" target=\"_blank\" rel=\"noreferrer noopener\">Les images sont-elles politiques&nbsp;? Entretien avec Jacques Ranci\u00e8re<\/a> (France culture).<\/p>\n\n\n\n<div class=\"wp-block-columns is-layout-flex wp-container-core-columns-is-layout-9d6595d7 wp-block-columns-is-layout-flex\">\n<div class=\"wp-block-column is-layout-flow wp-block-column-is-layout-flow\" style=\"flex-basis:100%\"><div class=\"wp-block-image\">\n<figure class=\"alignleft size-full is-resized\"><img data-recalc-dims=\"1\" loading=\"lazy\" decoding=\"async\" src=\"https:\/\/i0.wp.com\/www.rdpemancipation.org\/wp-content\/uploads\/2023\/01\/image-66.png?resize=269%2C151&#038;ssl=1\" alt=\"\" class=\"wp-image-107788\" width=\"269\" height=\"151\" srcset=\"https:\/\/i0.wp.com\/www.rdpemancipation.org\/wp-content\/uploads\/2023\/01\/image-66.png?w=560&amp;ssl=1 560w, https:\/\/i0.wp.com\/www.rdpemancipation.org\/wp-content\/uploads\/2023\/01\/image-66.png?resize=300%2C169&amp;ssl=1 300w\" sizes=\"auto, (max-width: 269px) 100vw, 269px\" \/><figcaption class=\"wp-element-caption\"><sup>Le philosophe Jacques Ranci\u00e8re &#8211; Ivan Put<\/sup><\/figcaption><\/figure>\n<\/div><\/div>\n<\/div>\n\n\n\n<p class=\"has-text-color\" style=\"color:#b90000\"><strong>18 janvier<\/strong><\/p>\n\n\n\n<p><a href=\"https:\/\/www.en-attendant-nadeau.fr\/2023\/01\/18\/houellebecq-entretien-berthelier\/\">Les antiprogressistes<\/a> (En attendant Nadeau).<\/p>\n\n\n\n<p><a href=\"https:\/\/lejournal.cnrs.fr\/articles\/quand-les-femmes-etaient-exclues-de-la-philosophie\" title=\"\">Quand les femmes \u00e9taient exclues de la philosophie<\/a> (CNRS Le journal).<\/p>\n\n\n\n<p><a href=\"https:\/\/www.politis.fr\/articles\/2023\/01\/lappel-de-politis-disons-non-a-la-reforme-des-retraites-que-veut-emmanuel-macron\/\" title=\"\">L\u2019appel de Politis&nbsp;:&nbsp;\u00ab&nbsp;Non&nbsp;\u00bb \u00e0&nbsp;la r\u00e9forme des retraites<\/a> (Politis).<\/p>\n\n\n\n<p><a href=\"https:\/\/www.telerama.fr\/cinema\/festival-cinema-telerama-2023-au-programme-6-avant-premieres-et-16-tres-bons-films-7013139.php\" title=\"\">Seize films \u00e0 (re)voir &nbsp;:  programme du Festival cin\u00e9ma T\u00e9l\u00e9rama 2023<\/a> (T\u00e9l\u00e9rama).<\/p>\n\n\n\n<p><a href=\"https:\/\/link.newsletter.franceculture.fr\/m\/surl\/7429\/777230\/re9t65-8FTgVqs4Ca19NPm9C5lXTLJmivm821gAfcU8=\/link_20\/qmSYbIpdXwWSJyII94BKRIDttUgvHkiQpg7eOKInyPUIp6ifSfwnmQOztqR-ELmDL3LSWr39vLs0diTgDBPRDl07VcclZBrWGzer8JgG37s9J-E5HxEy9YjRwmusO7CKYIJtHPYIsOh06KcPCgzFT2BDgesl4-xquQrLKQYnsU4eeL56Qlqxb4CUzjMuqblbxiOYwzJQL3d0rOd2-I18B7vnkN4QOC+imfaIcDxDndyIiOXlRiZrnAknDwYfwfU7I9gnwhfMND1l55jKKzwaExTiXCi59yphaSp0Fw3dkt9fWYhywXy10YJdAl+okk5CfxrHDs0AnQS+0Fdck4X5hbSLS-p4Mh3fD-vkHvQoVx+6-mbAM1rNBBzOS8FGhJnU\" target=\"_blank\" rel=\"noreferrer noopener\">SENS DESSUS DESSOUS, spectacle d\u2019Andr\u00e9 Dussollier<strong> <\/strong><\/a>(France culture).<\/p>\n\n\n\n<div class=\"wp-block-columns is-layout-flex wp-container-core-columns-is-layout-9d6595d7 wp-block-columns-is-layout-flex\">\n<div class=\"wp-block-column is-layout-flow wp-block-column-is-layout-flow\" style=\"flex-basis:100%\"><div class=\"wp-block-image\">\n<figure class=\"alignleft size-full is-resized\"><img data-recalc-dims=\"1\" loading=\"lazy\" decoding=\"async\" src=\"https:\/\/i0.wp.com\/www.rdpemancipation.org\/wp-content\/uploads\/2023\/01\/image-63.png?resize=264%2C147&#038;ssl=1\" alt=\"\" class=\"wp-image-107720\" width=\"264\" height=\"147\"\/><figcaption class=\"wp-element-caption\"><sup>SENS DESSUS DESSOUS par\u2019Andr\u00e9 Dussollier au Th\u00e9\u00e2tre des Bouffes Parisiens \u00a9 Radio France<\/sup><\/figcaption><\/figure>\n<\/div><\/div>\n<\/div>\n\n\n\n<p class=\"has-text-color\" style=\"color:#bb0000\"><strong>17 janvier<\/strong><\/p>\n\n\n\n<p><a href=\"https:\/\/lundi.am\/Maurice-Nadeau-le-journaliste-litteraire-et-politique\" target=\"_blank\" rel=\"noreferrer noopener\">Maurice Nadeau, le journaliste litt\u00e9raire et politique<\/a> (Lundimatin).&nbsp;<\/p>\n\n\n\n<p><a href=\"https:\/\/link.newsletter.franceculture.fr\/m\/surl\/7429\/777015\/_YjBouwVqK_D0RdU2SZM1m9C5lXTLJmivm821gAfcU8=\/link_14\/n19Trki1a-CETJ9ox0qBGuOUa2A2b8tGSgAfK+Z95cihmNo++KRMoDGH+EaVhrOdaEgUKY-ZsTFqhDDDlJNhdOWH89S0C5IDdqWO85eIDsdTD6rNnquRRCN--+0apsg08nb4fsAeK+vKubovvbn5lhSk9KS+BFcncM9eCEPGizonf5mrdeQzNAPn1oPIluU+nfZmkabMMCD8SNzgeku6hK6K3gdahiAUq-ngJ-orgODRjE+sfO4T-alD0LnjCovQSiXpgTZWsX+tR+-SgJrHLaYH0D5oywJpsUY5+7XtZ46ar+hfHE6DwdSTN6jyE3ed\" target=\"_blank\" rel=\"noreferrer noopener\">Jacques Ranci\u00e8re et Etienne Balibar&nbsp;: retour sur le moment marxiste<\/a> (France culture).<\/p>\n\n\n\n<p><a href=\"https:\/\/www.en-attendant-nadeau.fr\/2023\/01\/16\/ghetto-mort-smolar-edelman\/\">\u00ab Le ghetto signifie la mort ! \u00bb<\/a> (En attendant Nadeau).<\/p>\n\n\n\n<p><a href=\"https:\/\/www.liberation.fr\/culture\/livres\/lundi-poesie-fernando-assis-pacheco-bison-fute-20230116_GHLXNPDAANER7BH5LPXORTWMP4\/\" title=\"\">Lundi po\u00e9sie&nbsp;: Fernando Assis Pacheco, bison fut\u00e9<\/a> (Lib\u00e9ration).<\/p>\n\n\n\n<p><a href=\"https:\/\/www.lemonde.fr\/disparitions\/article\/2023\/01\/16\/l-actrice-italienne-gina-lollobrigida-est-morte_6158069_3382.html\" title=\"\">L\u2019actrice italienne Gina Lollobrigida est morte<\/a> (Le Monde).<\/p>\n\n\n\n<div class=\"wp-block-columns is-layout-flex wp-container-core-columns-is-layout-9d6595d7 wp-block-columns-is-layout-flex\">\n<div class=\"wp-block-column is-layout-flow wp-block-column-is-layout-flow\" style=\"flex-basis:100%\"><div class=\"wp-block-image\">\n<figure class=\"alignleft size-large is-resized\"><img data-recalc-dims=\"1\" loading=\"lazy\" decoding=\"async\" src=\"https:\/\/i0.wp.com\/www.rdpemancipation.org\/wp-content\/uploads\/2023\/01\/image-62.png?resize=273%2C268&#038;ssl=1\" alt=\"\" class=\"wp-image-107677\" width=\"273\" height=\"268\" srcset=\"https:\/\/i0.wp.com\/www.rdpemancipation.org\/wp-content\/uploads\/2023\/01\/image-62.png?resize=1024%2C1004&amp;ssl=1 1024w, https:\/\/i0.wp.com\/www.rdpemancipation.org\/wp-content\/uploads\/2023\/01\/image-62.png?resize=300%2C294&amp;ssl=1 300w, https:\/\/i0.wp.com\/www.rdpemancipation.org\/wp-content\/uploads\/2023\/01\/image-62.png?resize=768%2C753&amp;ssl=1 768w, https:\/\/i0.wp.com\/www.rdpemancipation.org\/wp-content\/uploads\/2023\/01\/image-62.png?w=1328&amp;ssl=1 1328w\" sizes=\"auto, (max-width: 273px) 100vw, 273px\" \/><figcaption class=\"wp-element-caption\"><sup>Gina Lollobrigida dans une chambre d\u2019h\u00f4tel \u00e0 Munich (Allemagne), en 1954. HERBERT LIST \/ MAGNUM PHOTOS<\/sup><\/figcaption><\/figure>\n<\/div><\/div>\n<\/div>\n\n\n\n<p class=\"has-text-color\" style=\"color:#b90000\"><strong>16 janvier<\/strong><\/p>\n\n\n\n<p><a href=\"https:\/\/public-api.wordpress.com\/bar\/?stat=groovemails-events&amp;bin=wpcom_email_click&amp;redirect_to=https%3A%2F%2Fentreleslignesentrelesmots.wordpress.com%2F2023%2F01%2F15%2Fconcerts-26%2F&amp;sr=0&amp;signature=174cc25f24fc109c1e213efba7c95f8a&amp;blog_id=12785448&amp;user=0ff88261f2c135c936be37d66e379a6f&amp;_e=eyJlcnJvciI6bnVsbCwiYmxvZ19pZCI6MTI3ODU0NDgsImJsb2dfbGFuZyI6ImZyLUZSIiwic2l0ZV9pZF9sYWJlbCI6IndwY29tIiwiaGFzX2ZlYXR1cmVkX2ltYWdlIjoiMCIsIl91aSI6IjBmZjg4MjYxZjJjMTM1YzkzNmJlMzdkNjZlMzc5YTZmIiwiX3V0IjoiYW5vbiIsImVtYWlsX2RvbWFpbiI6InlhaG9vLmNvbSIsInBvc3RfaWQiOjY2MDY4LCJkYXRlX3NlbnQiOiIyMDIzLTAxLTE1IiwiZW1haWxfaWQiOiI2ZDk1ZTFjNmJkZjVkMjQ1MjIyNWRhMmRlZTdkNjJjNCIsImVtYWlsX25hbWUiOiJuZXctcG9zdCIsInRlbXBsYXRlIjoibmV3LXBvc3QiLCJsaW5rX2Rlc2MiOiJwb3N0LXVybCIsImFuY2hvcl90ZXh0IjoiQ29uY2VydHMgKDI2KSIsIl9kciI6bnVsbCwiX2RsIjoiXC93cC1jcm9uLnBocD9kb2luZ193cF9jcm9uPTE2NzM3OTg0MTkuMjU5NDQ5MDA1MTI2OTUzMTI1MDAwMCIsIl9lbiI6IndwY29tX2VtYWlsX2NsaWNrIiwiX3RzIjoxNjczNzk4NTMwMjEzLCJicm93c2VyX3R5cGUiOiJwaHAtYWdlbnQiLCJfYXVhIjoid3Bjb20tdHJhY2tzLWNsaWVudC12MC4zIiwiX3VsIjpudWxsLCJibG9nX3R6IjoiMCIsInVzZXJfbGFuZyI6bnVsbH0&amp;_z=z\" target=\"_blank\" rel=\"noreferrer noopener\">Concerts<\/a> (Entre les lignes entre les mots).<\/p>\n\n\n\n<p><a href=\"https:\/\/www.nonfiction.fr\/article-11569-comment-la-litterature-aide-a-penser-le-present.htm\">Comment la litt\u00e9rature aide \u00e0 penser le pr\u00e9sent<\/a> (Nonfiction).<\/p>\n\n\n\n<p><a href=\"https:\/\/www.humanite.fr\/culture-et-savoirs\/theatre\/et-au-milieu-coule-la-volga-778531\" title=\"\">Et au milieu coule la Volga<\/a> (L&rsquo;Humanit\u00e9).<\/p>\n\n\n\n<p><a href=\"https:\/\/doublemarge.com\/la-traversee-de-florence-miailhe\/\">La Travers\u00e9e de Florence Miailhe<\/a> (Double marge).<\/p>\n\n\n\n<p><a href=\"https:\/\/www.en-attendant-nadeau.fr\/2023\/01\/13\/reclus-liberte\/\">Reclus en libert\u00e9<\/a> (En attendant Nadeau).<\/p>\n\n\n\n<div class=\"wp-block-columns is-layout-flex wp-container-core-columns-is-layout-9d6595d7 wp-block-columns-is-layout-flex\">\n<div class=\"wp-block-column is-layout-flow wp-block-column-is-layout-flow\" style=\"flex-basis:100%\"><div class=\"wp-block-image\">\n<figure class=\"alignleft size-full is-resized\"><img data-recalc-dims=\"1\" loading=\"lazy\" decoding=\"async\" src=\"https:\/\/i0.wp.com\/www.rdpemancipation.org\/wp-content\/uploads\/2023\/01\/image-59.png?resize=272%2C197&#038;ssl=1\" alt=\"\" class=\"wp-image-107622\" width=\"272\" height=\"197\" srcset=\"https:\/\/i0.wp.com\/www.rdpemancipation.org\/wp-content\/uploads\/2023\/01\/image-59.png?w=600&amp;ssl=1 600w, https:\/\/i0.wp.com\/www.rdpemancipation.org\/wp-content\/uploads\/2023\/01\/image-59.png?resize=300%2C217&amp;ssl=1 300w\" sizes=\"auto, (max-width: 272px) 100vw, 272px\" \/><figcaption class=\"wp-element-caption\"><sup>\u00c9lis\u00e9e Reclus par l\u2019Atelier Nadar (1900) \u00a9 Gallica\/BnF<\/sup><\/figcaption><\/figure>\n<\/div><\/div>\n<\/div>\n\n\n\n<p class=\"has-text-color\" style=\"color:#bd0000\"><strong>15 janvier<\/strong><\/p>\n\n\n\n<p><a href=\"https:\/\/link.newsletter.franceculture.fr\/m\/surl\/7429\/776450\/9fwP19JZkdeLcaqcU21CmG9C5lXTLJmivm821gAfcU8=\/link_31\/QDbFpVfDkbLAo9GHifMEYi4AB+eER1MPo624GGFpLnyaSVLeqySiEaFpDHJwCOLAHJldSN7wG6qXJCVGIDUtLsb6dSwnMschMjhB+Naof+U0ZYjq4GFxB6osSsz-BzxQyDfCzsSw2dzZ9PIGzF6xPWrju480zobJ1xta+Jev-6KEMF1ASn6RAmu85dtj23R23XSvTVM-Ly8cPb47628nYRGIsVxhUmRVL-FEeWVi1HS7uohN7WLcgYNb8uBHq+2pTZvo1yPEWebaiXjMxua6xtup+mbEBJBQnzbi39G89iOkMb4jC1jG1C8RUwr1d--B\" target=\"_blank\" rel=\"noreferrer noopener\">L&rsquo;\u00e9conomie selon les surr\u00e9alistes<\/a> (France culture).<\/p>\n\n\n\n<p><a href=\"https:\/\/laviedesidees.fr\/Alexandra-Kollontai-revolutionnaire-et-feministe.html\" target=\"_blank\" rel=\"noreferrer noopener\">Alexandra Kollonta\u00ef, r\u00e9volutionnaire et f\u00e9ministe<\/a> (La vie des id\u00e9es).<\/p>\n\n\n\n<p><a href=\"https:\/\/public-api.wordpress.com\/bar\/?stat=groovemails-events&amp;bin=wpcom_email_click&amp;redirect_to=https%3A%2F%2Fentreleslignesentrelesmots.wordpress.com%2F2023%2F01%2F08%2Fhier-pour-aujourdhui-les-annees-90-8%2F&amp;sr=0&amp;signature=6d0e16b0cd0628265e74e14bf4396835&amp;blog_id=12785448&amp;user=0ff88261f2c135c936be37d66e379a6f&amp;_e=eyJlcnJvciI6bnVsbCwiYmxvZ19pZCI6MTI3ODU0NDgsImJsb2dfbGFuZyI6ImZyLUZSIiwic2l0ZV9pZF9sYWJlbCI6IndwY29tIiwiaGFzX2ZlYXR1cmVkX2ltYWdlIjoiMCIsIl91aSI6IjBmZjg4MjYxZjJjMTM1YzkzNmJlMzdkNjZlMzc5YTZmIiwiX3V0IjoiYW5vbiIsImVtYWlsX2RvbWFpbiI6InlhaG9vLmNvbSIsInBvc3RfaWQiOjY1OTk2LCJkYXRlX3NlbnQiOiIyMDIzLTAxLTA4IiwiZW1haWxfaWQiOiJlZDVhOTZiMmIxODlmYTcwNTEyMGExM2M5MzdjZjQ0ZiIsImVtYWlsX25hbWUiOiJuZXctcG9zdCIsInRlbXBsYXRlIjoibmV3LXBvc3QiLCJsaW5rX2Rlc2MiOiJwb3N0LXVybCIsImFuY2hvcl90ZXh0IjoiSGllciBwb3VyIGF1am91cmRcdTIwMTlodWksIGxlcyBhbm5cdTAwZTllcyA5MCBcdTIwMTNcdTAwYTA4IiwiX2RyIjpudWxsLCJfZGwiOiJcL3dwLWNyb24ucGhwP2RvaW5nX3dwX2Nyb249MTY3MzE5MzY0Ny4xNzU0NjEwNTM4NDgyNjY2MDE1NjI1IiwiX2VuIjoid3Bjb21fZW1haWxfY2xpY2siLCJfdHMiOjE2NzMxOTM3NTc1MTYsImJyb3dzZXJfdHlwZSI6InBocC1hZ2VudCIsIl9hdWEiOiJ3cGNvbS10cmFja3MtY2xpZW50LXYwLjMiLCJfdWwiOm51bGwsImJsb2dfdHoiOiIwIiwidXNlcl9sYW5nIjpudWxsfQ=&amp;_z=z\" target=\"_blank\" rel=\"noreferrer noopener\">Hier pour aujourd\u2019hui, les ann\u00e9es 90 \u2013&nbsp;8<\/a> (Entre les lignes entre les mots).<\/p>\n\n\n\n<p><a href=\"https:\/\/www.nonfiction.fr\/article-11580-la-solidarite-des-eprouves-entretien-avec-guillaume-le-blanc.htm\">La solidarit\u00e9 des \u00e9prouv\u00e9s : entretien avec Guillaume Le Blanc<\/a> (Nonfiction).<\/p>\n\n\n\n<p><a href=\"https:\/\/www.en-attendant-nadeau.fr\/2023\/01\/11\/hommage-russell-banks\/\">Russell Banks (1940-2023)<\/a> (En attendant Nadeau).<\/p>\n\n\n\n<div class=\"wp-block-columns is-layout-flex wp-container-core-columns-is-layout-9d6595d7 wp-block-columns-is-layout-flex\">\n<div class=\"wp-block-column is-layout-flow wp-block-column-is-layout-flow\" style=\"flex-basis:100%\"><div class=\"wp-block-image\">\n<figure class=\"alignleft size-full is-resized\"><img data-recalc-dims=\"1\" loading=\"lazy\" decoding=\"async\" src=\"https:\/\/i0.wp.com\/www.rdpemancipation.org\/wp-content\/uploads\/2023\/01\/image-50.png?resize=274%2C206&#038;ssl=1\" alt=\"\" class=\"wp-image-107544\" width=\"274\" height=\"206\" srcset=\"https:\/\/i0.wp.com\/www.rdpemancipation.org\/wp-content\/uploads\/2023\/01\/image-50.png?w=600&amp;ssl=1 600w, https:\/\/i0.wp.com\/www.rdpemancipation.org\/wp-content\/uploads\/2023\/01\/image-50.png?resize=300%2C225&amp;ssl=1 300w\" sizes=\"auto, (max-width: 274px) 100vw, 274px\" \/><figcaption class=\"wp-element-caption\"><sup>Russell Banks \u00a9 Jean-Luc Bertini<\/sup><\/figcaption><\/figure>\n<\/div><\/div>\n<\/div>\n\n\n\n<p class=\"has-text-color\" style=\"color:#b50000\"><strong><mark style=\"background-color:rgba(0, 0, 0, 0);color:#ee0606\" class=\"has-inline-color\">10 janvier<\/mark><\/strong><\/p>\n\n\n\n<p><a href=\"https:\/\/www.saphirnews.com\/Affaire-Houellebecq-le-ministre-de-la-Justice-denonce-les-propos-antimusulmans-de-l-ecrivain_a29374.html\" target=\"_blank\" rel=\"noreferrer noopener\">Affaire Houellebecq : le ministre de la Justice d\u00e9nonce les propos antimusulmans de l&rsquo;\u00e9crivain<\/a>&nbsp;(SaphirNews.com).<\/p>\n\n\n\n<p><a href=\"https:\/\/www.arretsurimages.net\/articles\/la-presse-de-droite-a-la-rescousse-de-michel-houellebecq\" target=\"_blank\" rel=\"noreferrer noopener\">La presse de droite \u00e0 la rescousse de Michel Houellebecq<\/a>&nbsp;(Arr\u00eat sur images).<\/p>\n\n\n\n<p class=\"has-base-3-color has-text-color\">.<\/p>\n\n\n\n<p class=\"has-text-color\" style=\"color:#c10000\"><strong><mark style=\"background-color:rgba(0, 0, 0, 0);color:#ee0606\" class=\"has-inline-color\">7 janvier<\/mark><\/strong><\/p>\n\n\n\n<p><a href=\"https:\/\/www.en-attendant-nadeau.fr\/2023\/01\/06\/jeunes-hegeliens-savoir-absolu\/\">Et apr\u00e8s le \u00ab&nbsp;Savoir absolu&nbsp;\u00bb&nbsp;?<\/a> (En attendant Nadeau).<\/p>\n\n\n\n<p><a href=\"https:\/\/www.nonfiction.fr\/article-11567-jean-francois-billeter-comment-voir-et-dire-le-monde.htm\">Jean Fran\u00e7ois Billeter : comment voir et dire le monde ?<\/a> (Nonfiction).<\/p>\n\n\n\n<p><a href=\"https:\/\/www.lemonde.fr\/livres\/article\/2023\/01\/06\/les-derniers-jours-de-staline-de-joshua-rubenstein-onde-de-choc_6156933_3260.html\" title=\"\">\u00ab&nbsp;Les Derniers Jours de Staline&nbsp;\u00bb, de Joshua Rubenstein<\/a> (Le Monde).<\/p>\n\n\n\n<p><a href=\"https:\/\/www.terrestres.org\/2023\/01\/06\/la-conservation-de-la-biodiversite-est-une-lutte-politique\/\" title=\"\">La conservation de la biodiversit\u00e9 est une lutte politique<\/a> (Terrestres).<\/p>\n\n\n\n<p><a href=\"https:\/\/link.newsletter.franceculture.fr\/m\/surl\/7429\/775071\/7hzwjbP_nJ2CzBXiY-nn_m9C5lXTLJmivm821gAfcU8=\/link_8\/CKQMtvnivPsD+ltFFnI-443CERUk1T-qF06zv9NWl1+12XO9gUxT6CKocsU-J3nYt5mW8OTOEKHyV9CfOqRK0hjURcpaBRPPaRvKkzqa24rlUZ2Qn8pFqylg5Ut3gta7neZ1y2VYFrhl9B-v3AgcZOIQ+sJR45XXY7y3ivLlVanoxlIMGgESyCkmSLJaHjIUPc8GZv8b9gSd7xBaZ7f+xmf+yjz4Eq82bsKK1bS9Ss8795+ayuoox5+T91OItFZbfigYDBtIJvIs26JJu+mEdVpBwrrAL23lEyDAkwv4ohFvAHjl020978CTiyG+yHQIuOS9ESDpyggyB-AcCL6Mgw==\" target=\"_blank\" rel=\"noreferrer noopener\">Daniel Pennac&nbsp;: Benjamin Malauss\u00e8ne, un h\u00e9ros et sa tribu<\/a> (France culture).<\/p>\n\n\n\n<div class=\"wp-block-columns is-layout-flex wp-container-core-columns-is-layout-9d6595d7 wp-block-columns-is-layout-flex\">\n<div class=\"wp-block-column is-layout-flow wp-block-column-is-layout-flow\" style=\"flex-basis:100%\"><div class=\"wp-block-image\">\n<figure class=\"alignleft size-full is-resized\"><img data-recalc-dims=\"1\" loading=\"lazy\" decoding=\"async\" src=\"https:\/\/i0.wp.com\/www.rdpemancipation.org\/wp-content\/uploads\/2023\/01\/image-22.png?resize=262%2C147&#038;ssl=1\" alt=\"\" class=\"wp-image-107063\" width=\"262\" height=\"147\" srcset=\"https:\/\/i0.wp.com\/www.rdpemancipation.org\/wp-content\/uploads\/2023\/01\/image-22.png?w=560&amp;ssl=1 560w, https:\/\/i0.wp.com\/www.rdpemancipation.org\/wp-content\/uploads\/2023\/01\/image-22.png?resize=300%2C169&amp;ssl=1 300w\" sizes=\"auto, (max-width: 262px) 100vw, 262px\" \/><figcaption class=\"wp-element-caption\"><sup>Daniel Pennac, 17e Festival du film de Rome, 16 octobre 2022. \u00a9Getty &#8211; Franco Origlia \/ Contributeur<\/sup><\/figcaption><\/figure>\n<\/div><\/div>\n<\/div>\n\n\n\n<p class=\"has-text-color\" style=\"color:#b90000\"><strong>6 janvier<\/strong><\/p>\n\n\n\n<p><a href=\"https:\/\/www.lemonde.fr\/international\/article\/2023\/01\/05\/des-frises-du-parthenon-bientot-restituees-a-la-grece-par-le-british-museum_6156777_3210.html\">Des frises du Parth\u00e9non bient\u00f4t restitu\u00e9es \u00e0 la Gr\u00e8ce par&nbsp;le British Museum&nbsp;?<\/a> (Le Monde)<\/p>\n\n\n\n<p><a href=\"https:\/\/link.newsletter.franceculture.fr\/m\/surl\/7429\/774864\/Qhr0KY1VIeFV9yU8YUBiQm9C5lXTLJmivm821gAfcU8=\/link_4\/319tcsVJn2W4PS-jaOCXh3aOg-ci1RNMs9odFWZUmrNPUUK8n8YCa5-JlkuYFBXvQI0pCOS8m3FzcyASoAsi5d9m9xrXyXCKn-4Q7aDejvJ2vV5ZUgpkQvmv984eP9535zuG7Oqy24Btf-iVDaqcjd1mabCQWYinRn2r+lNn7iTYfCZifzY27Oy+bGplldhbEQy7B-VZk1AvZsg1UBl45LC-L8p7EQAaLTcdpHrPyx3LnT+czeWRVG3JKaNUUcsc0sX3dyRtDoeVVV5IDKSjMes64NAi00rb2hv71IJC3F7RbD3z8ILpAik+laxgJMSPW7v5kPwg6HMlEG4v6eF7DWvX9QG2-swiI6Ctg2fGIHDCdVXGuNEsUrbUbOiN58u6kvvw-GPxebfSnWMTrls9Q1eIpqMo7fIPFW3Z0HSvD1A=\" target=\"_blank\" rel=\"noreferrer noopener\">Invader&nbsp;: \u00ab\u00a0Chaque mosa\u00efque est une \u0153uvre&#8230; \u00ab\u00a0<\/a> (France culture).<\/p>\n\n\n\n<p><a href=\"https:\/\/www.nonfiction.fr\/article-11559-les-humains-et-les-animaux-une-approche-geographique.htm\">Les humains et les animaux, une approche g\u00e9ographique<\/a> (Nonfiction).<\/p>\n\n\n\n<p><a href=\"https:\/\/www.telerama.fr\/musique\/c-est-le-moment-de-redecouvrir-de-la-soul-tous-leurs-tubes-bientot-disponibles-en-streaming-7013717.php\" title=\"\">C\u2019est le moment de red\u00e9couvrir De La Soul<\/a> (T\u00e9l\u00e9rama).<\/p>\n\n\n\n<p><a href=\"https:\/\/www.liberation.fr\/culture\/retrospective-fritz-lang-tourments-decisifs-20230105_OQZGPHST2BAORORLYZHRWR74QE\/\" title=\"\">R\u00e9trospective : Fritz Lang, tourments d\u00e9cisifs<\/a> (Lib\u00e9ration).<\/p>\n\n\n\n<p><a href=\"https:\/\/www.en-attendant-nadeau.fr\/2023\/01\/04\/reussir-sa-vie-salvayre\/\">R\u00e9ussir sa vie !<\/a> (En attendant Nadeau).<\/p>\n\n\n\n<div class=\"wp-block-columns is-layout-flex wp-container-core-columns-is-layout-9d6595d7 wp-block-columns-is-layout-flex\">\n<div class=\"wp-block-column is-layout-flow wp-block-column-is-layout-flow\" style=\"flex-basis:100%\"><div class=\"wp-block-image\">\n<figure class=\"alignleft size-full is-resized\"><img data-recalc-dims=\"1\" loading=\"lazy\" decoding=\"async\" src=\"https:\/\/i0.wp.com\/www.rdpemancipation.org\/wp-content\/uploads\/2023\/01\/image-19.png?resize=266%2C200&#038;ssl=1\" alt=\"\" class=\"wp-image-107001\" width=\"266\" height=\"200\" srcset=\"https:\/\/i0.wp.com\/www.rdpemancipation.org\/wp-content\/uploads\/2023\/01\/image-19.png?w=600&amp;ssl=1 600w, https:\/\/i0.wp.com\/www.rdpemancipation.org\/wp-content\/uploads\/2023\/01\/image-19.png?resize=300%2C225&amp;ssl=1 300w\" sizes=\"auto, (max-width: 266px) 100vw, 266px\" \/><figcaption class=\"wp-element-caption\"><sup>Lydie Salvayre \u00a9 Jean-Luc Bertini<\/sup><\/figcaption><\/figure>\n<\/div><\/div>\n<\/div>\n\n\n\n<p class=\"has-text-color\" style=\"color:#bd0000\"><strong>5 janvier<\/strong><\/p>\n\n\n\n<p><a href=\"https:\/\/link.newsletter.franceculture.fr\/m\/surl\/7429\/774674\/N-BSRm2IabQ6sHVoAjhR_29C5lXTLJmivm821gAfcU8=\/link_14\/lhSMOg+3ldfwvDrXDG3i70XGAGWo2Z1rcYX4eMi910pPVObF0SyS-FLKOm25F6Ic3jr8UFLNbUayHGc9-XOH1v9WeXY8r7wc7fNYpyCBkVElz-yDVUfjiKfk3aIvvbEw0LLsPldPou4jyLoiti0+z4QV8DXlnwUK1dkCHMT51xLJ-PIBD+kUzVAz5UrjQToirnZHJXrEho4HdhwikSHuZAMk-j4fUug36KDZ7u0gigVmf6XBIsPSe9WHBAEL7QBQU-GRA9D4Wt-laD+vcFYVWEUWRm6r0iZc1A1wtZQ8LZKdRqjKrWdAHr+FnTg87EuG2lk+O0Rmc1bY0tWhltI9Qg==\" target=\"_blank\" rel=\"noreferrer noopener\">Race, genre, classe&nbsp;: la domination \u00e0 la racine<\/a> (France culture).<\/p>\n\n\n\n<p><a href=\"https:\/\/www.nonfiction.fr\/article-11561-eve-et-adam-entretien-avec-laurent-quintreau.htm\">Eve et Adam : entretien avec Laurent Quintreau<\/a> (Nonfiction).<\/p>\n\n\n\n<p><a href=\"https:\/\/doublemarge.com\/leau-du-lac-nest-jamais-douce-de-giulia-caminito\/\" title=\"\">L\u2019eau du lac n\u2019est jamais douce de Giulia Caminito<\/a> (Double marge).<\/p>\n\n\n\n<p><a href=\"https:\/\/www.en-attendant-nadeau.fr\/2023\/01\/04\/emotions-democratie-coloniale-illouz\/\">Les \u00e9motions d\u2019une d\u00e9mocratie coloniale<\/a> (En attendant Nadeau).<\/p>\n\n\n\n<div class=\"wp-block-columns is-layout-flex wp-container-core-columns-is-layout-9d6595d7 wp-block-columns-is-layout-flex\">\n<div class=\"wp-block-column is-layout-flow wp-block-column-is-layout-flow\" style=\"flex-basis:100%\"><div class=\"wp-block-image\">\n<figure class=\"alignleft size-full is-resized\"><img data-recalc-dims=\"1\" loading=\"lazy\" decoding=\"async\" src=\"https:\/\/i0.wp.com\/www.rdpemancipation.org\/wp-content\/uploads\/2023\/01\/image-14.png?resize=273%2C182&#038;ssl=1\" alt=\"\" class=\"wp-image-106928\" width=\"273\" height=\"182\" srcset=\"https:\/\/i0.wp.com\/www.rdpemancipation.org\/wp-content\/uploads\/2023\/01\/image-14.png?w=650&amp;ssl=1 650w, https:\/\/i0.wp.com\/www.rdpemancipation.org\/wp-content\/uploads\/2023\/01\/image-14.png?resize=300%2C200&amp;ssl=1 300w\" sizes=\"auto, (max-width: 273px) 100vw, 273px\" \/><figcaption class=\"wp-element-caption\"><sup>Des officiers de la police aux fronti\u00e8res isra\u00e9lienne \u00e0 H\u00e9bron, pr\u00e8s du Tombeau des Patriarches \u00a9 CC4.0\/Sharon Azran\/B\u2019Tselem<\/sup><\/figcaption><\/figure>\n<\/div><\/div>\n<\/div>\n\n\n\n<p><mark style=\"background-color:rgba(0, 0, 0, 0);color:#f60404\" class=\"has-inline-color\"><strong>4 janvier<\/strong><\/mark><\/p>\n\n\n\n<p><a href=\"https:\/\/www.nonfiction.fr\/article-11557-urbex-decryptage-du-phenomene-avec-nicolas-offenstadt.htm\">Urbex : d\u00e9cryptage du ph\u00e9nom\u00e8ne avec Nicolas Offenstadt<\/a> (Nonfiction)<\/p>\n\n\n\n<p><a href=\"https:\/\/link.newsletter.franceculture.fr\/m\/surl\/7429\/774482\/fU1isNJj_rcHGvOwKKgH-G9C5lXTLJmivm821gAfcU8=\/link_26\/yCmSPJsJ0p6OahwG+3Ejce50GoYLCETxY9DffkWQ9+2yyGZh21aqUbyhs8SEuN3NQcp4mijlj8l12BCZCYhxKDprfUvMa2cVnIeMYIIKGtgVPCiPu9ZmYp2Tv6D6o6eNqT8QNpNH4Z4Jo9BCygm8ayYtkWOIGdV3QX5LgehQfjO+I6g17a6HZq0vg+XIC+JLMaMkAfrXfr9Zikzg78Cl4c4uAEL8uzIYzdiXVzR7DSfxTWFVgnVD48wv2NnOJSh+oy-g4Y5eGoEWzd1FA9ls5jRD8q0NEAIjxcYX4B6gtbaDQPyWiGWj06HlGWfX7KjLF-xXWV3MBCTXpZ23lYLHsUvQO4u9KwYnmcS8iOhRWRM=\" target=\"_blank\" rel=\"noreferrer noopener\">Br\u00e9sil&nbsp;: les r\u00e9voltes d&rsquo;esclaves face \u00e0 l&rsquo;ordre colonial<\/a> (France culture).<\/p>\n\n\n\n<p><a href=\"https:\/\/www.en-attendant-nadeau.fr\/2023\/01\/04\/ferrarini-labba-autochtonie\/\">En Autochtonie<\/a> (En attendant Nadeau).<\/p>\n\n\n\n<p><a href=\"https:\/\/www.contretemps.eu\/spinoza-penseur-liberte-bourgeoise-ernest-mandel\/\" title=\"\">Spinoza, penseur de la libert\u00e9 bourgeoise<\/a> (Contretemps).<\/p>\n\n\n\n<p><a href=\"https:\/\/www.telerama.fr\/cinema\/les-sorties-cine-de-la-semaine-nostalgia-venez-voir-radio-metronom-7013693.php\" title=\"\">Les sorties cin\u00e9 de la semaine&nbsp;: \u201cNostalgia\u201d, \u201cVenez voir\u201d, \u201cRadio Metronom\u201d&#8230;<\/a> (T\u00e9l\u00e9rama).<\/p>\n\n\n\n<p class=\"has-base-3-color has-text-color\">.<\/p>\n\n\n\n<p class=\"has-text-color\" style=\"color:#b50000\"><mark style=\"background-color:rgba(0, 0, 0, 0);color:#f60404\" class=\"has-inline-color\"><strong>3 janvier<\/strong><\/mark><\/p>\n\n\n\n<p><a href=\"https:\/\/link.newsletter.franceculture.fr\/m\/surl\/7429\/774286\/jUgQCVcFD5FHWhbbcMocxG9C5lXTLJmivm821gAfcU8=\/link_4\/g9xRBlxmTeevfq-rkipzaewOn5Bef-ZcTpDkzr-iSy0PJpNcr2iN4eB147vauv4BXfqMHoFcWz0JsTnnA+L2mtYEVJgcW7lbMXneAUOSOhsu80inYRt32Pe65+H2YR4f7UFwcXHAP1TDGiCtXXpxu4coO9+ZajtKc+eu4rMYU6JDrie9xBfde62ryST5S33kE0tLKp4f-4GGkHpFQFFAA8d5R8V4KzbG4RWRqezYI0zfpWVDXArqC+YIn+JG1Ub7jzSa336Vf4zEsO4aKJzXhXHoNkEbd7JxZH3BF7-2Zt85DiuRywNO84ag9m1WXVriryKGyhlqJIqCj8qGze1uBamCWdFqVTqTYkHZCnj9EHtfvVXjfEGYLU7AiTe4N1E9\" target=\"_blank\" rel=\"noreferrer noopener\">\u201cLe Petit Prince\u201d a 80 ans&nbsp;: pourquoi autant d\u2019\u00e9loges<strong>&nbsp;<\/strong>?<\/a> (France culture).<\/p>\n\n\n\n<p><a href=\"https:\/\/blogs.mediapart.fr\/pascale-fautrier\/blog\/010123\/2022-annee-ernaux-les-femmes-gardiennes-de-la-lecture\">2022&nbsp;: Ann\u00e9e Ernaux. Les femmes, gardiennes de la lecture<\/a> (Club Mediapart).<\/p>\n\n\n\n<p><a href=\"https:\/\/doublemarge.com\/lenfant-de-fevrier-dalan-parks\/\" title=\"\">L\u2019enfant de f\u00e9vrier d\u2019Alan Parks<\/a> (Double marge).<\/p>\n\n\n\n<p><a href=\"https:\/\/www.revue-ballast.fr\/vie-de-brendan-behan-ecrivain-et-republicain-irlandais\/\" title=\"\">Vie de Brendan Behan, \u00e9crivain et r\u00e9publicain irlandais<\/a> (Ballast).<\/p>\n\n\n\n<p><a href=\"https:\/\/www.liberation.fr\/culture\/livres\/lundi-poesie-un-claro-pur-sang-20230102_FFIJXKQPE5FNDFXP5D6LX7IQWA\/\" title=\"\">Lundi po\u00e9sie : un Claro pur sang<\/a> (Lib\u00e9ration).<\/p>\n\n\n\n<div class=\"wp-block-columns is-layout-flex wp-container-core-columns-is-layout-9d6595d7 wp-block-columns-is-layout-flex\">\n<div class=\"wp-block-column is-layout-flow wp-block-column-is-layout-flow\" style=\"flex-basis:100%\"><div class=\"wp-block-image\">\n<figure class=\"alignleft size-full is-resized\"><img data-recalc-dims=\"1\" loading=\"lazy\" decoding=\"async\" src=\"https:\/\/i0.wp.com\/www.rdpemancipation.org\/wp-content\/uploads\/2023\/01\/image-5.png?resize=271%2C180&#038;ssl=1\" alt=\"\" class=\"wp-image-106800\" width=\"271\" height=\"180\" srcset=\"https:\/\/i0.wp.com\/www.rdpemancipation.org\/wp-content\/uploads\/2023\/01\/image-5.png?w=1024&amp;ssl=1 1024w, https:\/\/i0.wp.com\/www.rdpemancipation.org\/wp-content\/uploads\/2023\/01\/image-5.png?resize=300%2C200&amp;ssl=1 300w, https:\/\/i0.wp.com\/www.rdpemancipation.org\/wp-content\/uploads\/2023\/01\/image-5.png?resize=768%2C512&amp;ssl=1 768w\" sizes=\"auto, (max-width: 271px) 100vw, 271px\" \/><figcaption class=\"wp-element-caption\"><sup>L&rsquo;\u00e9crivain et traducteur Claro. (Georges Seguin\/Flammarion)<\/sup><\/figcaption><\/figure>\n<\/div><\/div>\n<\/div>\n\n\n\n<p class=\"has-text-color\" style=\"color:#c30000\"><strong>2 janvier<\/strong><\/p>\n\n\n\n<p><a href=\"https:\/\/public-api.wordpress.com\/bar\/?stat=groovemails-events&amp;bin=wpcom_email_click&amp;redirect_to=https%3A%2F%2Fentreleslignesentrelesmots.wordpress.com%2F2023%2F01%2F01%2Ftrio-batterie-contrebasse-et-piano-21%2F&amp;sr=0&amp;signature=214cc6620e673c7d1e6c4b15b74437b7&amp;blog_id=12785448&amp;user=0ff88261f2c135c936be37d66e379a6f&amp;_e=eyJlcnJvciI6bnVsbCwiYmxvZ19pZCI6MTI3ODU0NDgsImJsb2dfbGFuZyI6ImZyLUZSIiwic2l0ZV9pZF9sYWJlbCI6IndwY29tIiwiaGFzX2ZlYXR1cmVkX2ltYWdlIjoiMCIsIl91aSI6IjBmZjg4MjYxZjJjMTM1YzkzNmJlMzdkNjZlMzc5YTZmIiwiX3V0IjoiYW5vbiIsImVtYWlsX2RvbWFpbiI6InlhaG9vLmNvbSIsInBvc3RfaWQiOjY1OTM3LCJkYXRlX3NlbnQiOiIyMDIzLTAxLTAxIiwiZW1haWxfaWQiOiJmZmJlY2UwNDJmNWRhMDFkZWE2ZTkxNGNiOWFmMzM4ZiIsImVtYWlsX25hbWUiOiJuZXctcG9zdCIsInRlbXBsYXRlIjoibmV3LXBvc3QiLCJsaW5rX2Rlc2MiOiJwb3N0LXVybCIsImFuY2hvcl90ZXh0IjoiVHJpb1x1MDBhMDogYmF0dGVyaWUsIGNvbnRyZWJhc3NlIGV0IHBpYW5vXHUwMGEwKDIxKSIsIl9kciI6bnVsbCwiX2RsIjoiXC93cC1jcm9uLnBocD9kb2luZ193cF9jcm9uPTE2NzI1OTA2NjcuODEyNzQ4OTA4OTk2NTgyMDMxMjUwMCIsIl9lbiI6IndwY29tX2VtYWlsX2NsaWNrIiwiX3RzIjoxNjcyNTkwNzY2NTcyLCJicm93c2VyX3R5cGUiOiJwaHAtYWdlbnQiLCJfYXVhIjoid3Bjb20tdHJhY2tzLWNsaWVudC12MC4zIiwiX3VsIjpudWxsLCJibG9nX3R6IjoiMCIsInVzZXJfbGFuZyI6bnVsbH0&amp;_z=z\" target=\"_blank\" rel=\"noreferrer noopener\">Trio&nbsp;: batterie, contrebasse et piano<\/a> (Entre les lignes entre les mots).<\/p>\n\n\n\n<p><a href=\"https:\/\/www.monde-diplomatique.fr\/2023\/01\/GANDINI\/65419\" title=\"\">Au carrefour des m\u00e9moires<\/a> (Le Monde diplomatique).<\/p>\n\n\n\n<p><a href=\"https:\/\/billetterie.centrepompidou.fr\/api\/1\/samp\/registerVisit?tracker=h%2BIfw4kOxgrUnDKFH%2BL0&amp;organization=16261&amp;contactHash=q5aD1U7a9DSAvIGRBFqmglJxyu4%3D&amp;shipmentId=101993617562&amp;seasonId=101846614219&amp;posId=101055209832&amp;utm_source=INFORMATION&amp;utm_medium=EMAIL&amp;utm_campaign=2301+-+SDN+-+NEWSLETTER+GENERALE+JANVIER&amp;redirectTo=https%3A%2F%2Fwww.youtube.com%2Fwatch%3Fv%3DUEyNTzyins0%26utm_source%3DINFORMATION%26utm_medium%3DEMAIL%26utm_campaign%3D2301%2B-%2BSDN%2B-%2BNEWSLETTER%2BGENERALE%2BJANVIER\" title=\"\">Visite exclusive de l&rsquo;exposition \u00ab G\u00e9rard Garouste \u00bb<\/a> (Vid\u00e9o Centre Pompidou).<\/p>\n","protected":false},"excerpt":{"rendered":"<p>31 janvier Adolfo Kaminsky, un\u00a0faussaire contre les\u00a0oppressions (L&rsquo;Anticapitaliste). Un monde de villes (CNRS Le journal). Les immigr\u00e9s face \u00e0 la nation fran\u00e7aise (France culture). \u00ab&nbsp;Edlinger, la libert\u00e9 au bout des doigts&nbsp;\u00bb (Le Monde). 30 janvier Bassorah r\u00eav\u00e9e (En attendant Nadeau). Mort de Tom Verlaine, h\u00e9ros rimbaldien du punk new-yorkais (Le Monde). \u201cShrinking\u201d, \u201cThe Patient\u201d&#8230; Les &#8230; <a title=\"Janvier &#8211; Cultures\" class=\"read-more\" href=\"https:\/\/www.rdpemancipation.org\/?p=106653\" aria-label=\"En savoir plus sur Janvier &#8211; Cultures\">Lire la suite<\/a><\/p>\n","protected":false},"author":1,"featured_media":0,"comment_status":"closed","ping_status":"closed","sticky":false,"template":"","format":"standard","meta":{"_lmt_disableupdate":"","_lmt_disable":"","_jetpack_memberships_contains_paid_content":false,"footnotes":""},"categories":[25],"tags":[],"class_list":["post-106653","post","type-post","status-publish","format-standard","hentry","category-cultures"],"modified_by":"cpr","jetpack_featured_media_url":"","jetpack_sharing_enabled":true,"_links":{"self":[{"href":"https:\/\/www.rdpemancipation.org\/index.php?rest_route=\/wp\/v2\/posts\/106653","targetHints":{"allow":["GET"]}}],"collection":[{"href":"https:\/\/www.rdpemancipation.org\/index.php?rest_route=\/wp\/v2\/posts"}],"about":[{"href":"https:\/\/www.rdpemancipation.org\/index.php?rest_route=\/wp\/v2\/types\/post"}],"author":[{"embeddable":true,"href":"https:\/\/www.rdpemancipation.org\/index.php?rest_route=\/wp\/v2\/users\/1"}],"replies":[{"embeddable":true,"href":"https:\/\/www.rdpemancipation.org\/index.php?rest_route=%2Fwp%2Fv2%2Fcomments&post=106653"}],"version-history":[{"count":129,"href":"https:\/\/www.rdpemancipation.org\/index.php?rest_route=\/wp\/v2\/posts\/106653\/revisions"}],"predecessor-version":[{"id":108548,"href":"https:\/\/www.rdpemancipation.org\/index.php?rest_route=\/wp\/v2\/posts\/106653\/revisions\/108548"}],"wp:attachment":[{"href":"https:\/\/www.rdpemancipation.org\/index.php?rest_route=%2Fwp%2Fv2%2Fmedia&parent=106653"}],"wp:term":[{"taxonomy":"category","embeddable":true,"href":"https:\/\/www.rdpemancipation.org\/index.php?rest_route=%2Fwp%2Fv2%2Fcategories&post=106653"},{"taxonomy":"post_tag","embeddable":true,"href":"https:\/\/www.rdpemancipation.org\/index.php?rest_route=%2Fwp%2Fv2%2Ftags&post=106653"}],"curies":[{"name":"wp","href":"https:\/\/api.w.org\/{rel}","templated":true}]}}