{"id":106651,"date":"2023-01-01T11:45:20","date_gmt":"2023-01-01T10:45:20","guid":{"rendered":"https:\/\/www.rdpemancipation.org\/?p=106651"},"modified":"2023-01-31T19:59:47","modified_gmt":"2023-01-31T18:59:47","slug":"janvier-medias-3","status":"publish","type":"post","link":"https:\/\/www.rdpemancipation.org\/?p=106651","title":{"rendered":"Janvier &#8211; M\u00e9dias"},"content":{"rendered":"\n<p><mark style=\"background-color:rgba(0, 0, 0, 0);color:#f60404\" class=\"has-inline-color\"><strong>30 janvier<\/strong><\/mark><\/p>\n\n\n\n<p><a href=\"https:\/\/www.ritimo.org\/Implant-files-une-premiere-victoire-pour-la-liberte-d-informer\" target=\"_blank\" rel=\"noreferrer noopener\">Implant files : une premi\u00e8re victoire pour la libert\u00e9 d&rsquo;informer<\/a>&nbsp; (ritimo)<\/p>\n\n\n\n<p><a href=\"https:\/\/www.acrimed.org\/Jeu-de-massacre-sur-Europe-1\" target=\"_blank\" rel=\"noreferrer noopener\">Jeu de massacre sur Europe 1<\/a>&nbsp;(Acrimed)<\/p>\n\n\n\n<p><a href=\"https:\/\/www.arretsurimages.net\/articles\/retraites-ouest-france-du-cote-du-gouvernement\" target=\"_blank\" rel=\"noreferrer noopener\">Retraites : \u00ab\u00a0Ouest-France\u00a0\u00bb du c\u00f4t\u00e9 du gouvernement ?<\/a>&nbsp; (Arr\u00eat sur images))<\/p>\n\n\n\n<p><a href=\"https:\/\/www.lemediatv.fr\/emissions\/2023\/macron-et-ses-editocrates-comment-ils-manipulent-lopinion-M0EcgvHnRrmKG47X0rih_g\" target=\"_blank\" rel=\"noreferrer noopener\">Macron et \u00ab\u00a0ses\u00a0\u00bb \u00e9ditocrates : comment ils manipulent l&rsquo;opinion<\/a>&nbsp; (Le M\u00e9dia)<\/p>\n\n\n\n<p><a href=\"https:\/\/www.lemediatv.fr\/emissions\/2023\/dejeuner-secret-a-lelysee-quand-10-editorialistes-font-les-perroquets-de-macron-q_sshji3RCif4BPPJr-7Rg\" target=\"_blank\" rel=\"noreferrer noopener\">D\u00e9jeuner secret \u00e0 l&rsquo;Elys\u00e9e : quand 10 \u00e9ditorialistes font les perroquets de Macron<\/a>&nbsp;(Le M\u00e9dia)<\/p>\n\n\n\n<p><mark style=\"background-color:rgba(0, 0, 0, 0);color:#f60404\" class=\"has-inline-color\"><strong>26 janvier<\/strong><\/mark><\/p>\n\n\n\n<p><a href=\"https:\/\/www.lemonde.fr\/societe\/article\/2023\/01\/25\/scandale-orpea-dans-sa-reedition-des-fossoyeurs-victor-castanet-revele-les-pressions-et-les-manipulations-subies-lors-de-son-enquete_6159201_3224.html\">Intelligence \u00e9conomique, sondage de diversion et pseudo-journaliste&nbsp;: les pressions subies par Victor Castanet pour avoir enqu\u00eat\u00e9 sur Orpea <\/a>&nbsp;(Le Monde)<\/p>\n\n\n\n<p><mark style=\"background-color:rgba(0, 0, 0, 0);color:#f60404\" class=\"has-inline-color\"><strong>22 janvier<\/strong><\/mark><\/p>\n\n\n\n<p><a href=\"https:\/\/www.boursorama.com\/actualite-economique\/actualites\/licenciements-en-serie-dans-les-medias-americains-sur-fond-de-morosite-economique-e2b89f3ed7a8cfe3b79002299a8fe355\">Licenciements en s\u00e9rie dans les m\u00e9dias am\u00e9ricains, sur fond de morosit\u00e9 \u00e9conomique<\/a> (AFP)<\/p>\n\n\n\n<p><a><\/a><a href=\"https:\/\/www.lemonde.fr\/economie\/article\/2023\/01\/22\/don-le-soutien-a-la-presse-en-ligne-ne-se-dement-pas_6158882_3234.html\">Don&nbsp;: le soutien \u00e0 la presse en ligne ne se d\u00e9ment pas<\/a> (Le Monde)<\/p>\n\n\n\n<p><a href=\"https:\/\/www.lemediatv.fr\/emissions\/2023\/television-publique-comment-votre-argent-finance-hanouna-bollore-et-les-riches-amis-de-macron-tQsIBbAjT7qxKDZ4KUoleg\" target=\"_blank\" rel=\"noreferrer noopener\">T\u00e9l\u00e9vision publique : comment votre argent finance Hanouna, Bollor\u00e9 et les riches amis de Macron<\/a>&nbsp;(Le M\u00e9dia)<\/p>\n\n\n\n<p><a href=\"https:\/\/www.arretsurimages.net\/chroniques\/plateau-tele\/retraites-bfmtv-et-cnews-se-mobilisent-contre-la-greve\" target=\"_blank\" rel=\"noreferrer noopener\">Retraites : BFMTV et CNews se mobilisent (contre la gr\u00e8ve)<\/a>&nbsp;(Arr\u00eat sur images)<\/p>\n\n\n\n<p><a href=\"https:\/\/www.lemediatv.fr\/emissions\/2023\/lincroyable-propagande-de-bfm-co-sur-les-retraites-suDH1UwISiKHC1AX7E120w\">L\u2019incroyable propagande de BFM &amp; Co sur les retraites<\/a>(Le M\u00e9dia)<\/p>\n\n\n\n<p><a href=\"https:\/\/common.indigo-net.com\/lib\/cookie_log\/redirector.asp?mail=n.chevillard@noos.fr&amp;ID=518489&amp;DOCIID=109703480&amp;ENAIID=783162&amp;RETOUR=SIMPLE&amp;link=https:\/\/www.lalettrea.fr\/medias_presse-ecrite\/2023\/01\/19\/jeune-afrique--l-ombre-du-pouvoir-ivoirien-derriere-l-arrivee-de-nouveaux-actionnaires,109903957-art?cxt=PUB&amp;utm_source=LLA&amp;utm_medium=email&amp;utm_campaign=AUTO_EDIT_SOM\" target=\"_blank\" rel=\"noreferrer noopener\">Jeune Afrique : l&rsquo;ombre du pouvoir ivoirien derri\u00e8re l&rsquo;arriv\u00e9e de nouveaux actionnaires<\/a> (La lettre A)<\/p>\n\n\n\n<p><a href=\"https:\/\/www.acrimed.org\/Retraites-La-Voix-du-Nord-Hanouna-et-compagnie\" target=\"_blank\" rel=\"noreferrer noopener\">Retraites, La Voix du Nord, Hanouna et compagnie : revue de presse de la semaine<\/a>&nbsp; (Acrimed)<\/p>\n\n\n\n<p><a href=\"https:\/\/reflets.info\/articles\/justice-et-drahileaks-une-victoire-pour-le-journalisme-d-investigation\" target=\"_blank\" rel=\"noreferrer noopener\">Justice et #DrahiLeaks, une victoire pour le journalisme d\u2019investigation<\/a>&nbsp;(Reflets.info)<\/p>\n\n\n\n<p><a href=\"https:\/\/www.politis.fr\/articles\/2023\/01\/liberte-de-la-presse-victoire-de-reflets-contre-altice-drahi\/\" target=\"_blank\" rel=\"noreferrer noopener\">Libert\u00e9 de la presse : victoire de \u00ab Reflets \u00bb contre Altice et Patrick Drahi<\/a>&nbsp;(Politis)<\/p>\n\n\n\n<p><a href=\"https:\/\/www.blast-info.fr\/articles\/2023\/medias-loperation-sauvetage-de-michel-houellebecq-FXp2LdQySGKYjJedXNhhvA\" target=\"_blank\" rel=\"noreferrer noopener\">Medias : l&rsquo;op\u00e9ration sauvetage de Michel Houellebecq<\/a>&nbsp;(Blast)<\/p>\n\n\n\n<p><mark style=\"background-color:rgba(0, 0, 0, 0);color:#f60404\" class=\"has-inline-color\"><strong>18 janvier<\/strong><\/mark><\/p>\n\n\n\n<p><a href=\"https:\/\/www.humanite.fr\/medias\/la-voix-du-nord\/la-redaction-de-la-voix-du-nord-vent-debout-contre-sa-direction-778742#xtor=RSS-1\" target=\"_blank\" rel=\"noreferrer noopener\">La r\u00e9daction de la Voix du Nord, vent debout contre sa direction<\/a>&nbsp;(L\u2019Humanit\u00e9)<\/p>\n\n\n\n<p><a href=\"https:\/\/www.mediapart.fr\/journal\/economie-et-social\/170123\/avec-bollore-le-pole-tv-de-prisma-bascule-dans-un-climat-de-peur-et-d-ingerences\" target=\"_blank\" rel=\"noreferrer noopener\">Avec Bollor\u00e9, le p\u00f4le TV de Prisma a bascul\u00e9 dans un climat de peur et d\u2019ing\u00e9rences<\/a>&nbsp;(M\u00e9diapart)<\/p>\n\n\n\n<p><a href=\"https:\/\/www.arretsurimages.net\/articles\/de-petits-createurs-pilles-par-france-televisions\" target=\"_blank\" rel=\"noreferrer noopener\">De petits cr\u00e9ateurs pill\u00e9s par France T\u00e9l\u00e9visions ?<\/a>&nbsp;(Arr\u00eat sur images)<\/p>\n\n\n\n<p><strong><a href=\"https:\/\/www.lemediatv.fr\/emissions\/2023\/lincroyable-propagande-de-bfm-co-sur-les-retraites-suDH1UwISiKHC1AX7E120w\" target=\"_blank\" rel=\"noreferrer noopener\">L&rsquo;incroyable propagande de BFM &amp; Co sur les retraites<\/a>&nbsp;<\/strong>(Le M\u00e9dia)<\/p>\n\n\n\n<p><a href=\"https:\/\/lundi.am\/Maurice-Nadeau-le-journaliste-litteraire-et-politique\" target=\"_blank\" rel=\"noreferrer noopener\">Maurice Nadeau, le journaliste litt\u00e9raire et politique<\/a> (Lundimatin)<\/p>\n\n\n\n<p><mark style=\"background-color:rgba(0, 0, 0, 0);color:#f60404\" class=\"has-inline-color\"><strong>15 janvier<\/strong><\/mark><\/p>\n\n\n\n<p><a href=\"https:\/\/rsf.org\/fr\/1-668-journalistes-tu%C3%A9s-en-20-ans-soit-80-par-en-moyenne-2003-2022\">1 668 journalistes tu\u00e9s en 20 ans, soit 80 par an en moyenne (2003-2022)<\/a> (RSF)<\/p>\n\n\n\n<p><a href=\"https:\/\/www.acrimed.org\/Bresil-retraites-Houellebecq-et-compagnie-revue\">Br\u00e9sil, retraites, Houellebecq et compagnie : revue de presse de la semaine<\/a> (Acrimed)<\/p>\n\n\n\n<figure class=\"wp-block-image size-full is-resized\"><img data-recalc-dims=\"1\" loading=\"lazy\" decoding=\"async\" src=\"https:\/\/i0.wp.com\/www.rdpemancipation.org\/wp-content\/uploads\/2023\/01\/image-53.png?resize=314%2C401&#038;ssl=1\" alt=\"\" class=\"wp-image-107573\" width=\"314\" height=\"401\" srcset=\"https:\/\/i0.wp.com\/www.rdpemancipation.org\/wp-content\/uploads\/2023\/01\/image-53.png?w=500&amp;ssl=1 500w, https:\/\/i0.wp.com\/www.rdpemancipation.org\/wp-content\/uploads\/2023\/01\/image-53.png?resize=235%2C300&amp;ssl=1 235w\" sizes=\"auto, (max-width: 314px) 100vw, 314px\" \/><\/figure>\n\n\n\n<p><mark style=\"background-color:rgba(0, 0, 0, 0);color:#f60404\" class=\"has-inline-color\"><strong>14 janvier<\/strong><\/mark><\/p>\n\n\n\n<p><a href=\"https:\/\/www.lemonde.fr\/m-le-mag\/article\/2023\/01\/14\/en-france-la-contre-offensive-des-medias-prorusses_6157840_4500055.html\">La contre-offensive des m\u00e9dias prorusses en France <\/a>(Le Monde)<\/p>\n\n\n\n<p><a href=\"https:\/\/www.linforme.com\/medias-culture\/article\/temps-de-parole-non-cnews-n-avait-pas-le-droit-de-releguer-a-la-nuit-la-gauche-et-le-gouvernement_279.html\">Temps de parole&nbsp;: non, CNews n\u2019avait pas le droit de rel\u00e9guer la gauche et le gouvernement au milieu de la nuit<\/a> (l\u2019Inform\u00e9)<\/p>\n\n\n\n<p><a href=\"https:\/\/www.acrimed.org\/Berenice-Levet-dernier-avatar-de-l-editocratie\">B\u00e9r\u00e9nice Levet, dernier avatar de l\u2019\u00e9ditocratie<\/a> (Acrimed)<\/p>\n\n\n\n<p><mark style=\"background-color:rgba(0, 0, 0, 0);color:#f60404\" class=\"has-inline-color\"><strong>13 janvier<\/strong><\/mark><\/p>\n\n\n\n<p><a href=\"https:\/\/www.off-investigation.fr\/bollore-contre-lucetpremier-duel-dans-les-coulisses-de-la-francafrique\/\" target=\"_blank\" rel=\"noreferrer noopener\"><strong>Bollor\u00e9 contre Lucet. Premier duel dans les coulisses de la Fran\u00e7afrique<\/strong> <\/a>&nbsp;(Off Investigation)<\/p>\n\n\n\n<p><strong><a href=\"https:\/\/www.acrimed.org\/Retraites-LCI-pulverise-le-pluralisme\" target=\"_blank\" rel=\"noreferrer noopener\">Retraites : LCI pulv\u00e9rise le pluralisme<\/a>&nbsp;<\/strong>(Acrimed)<\/p>\n\n\n\n<p><a href=\"https:\/\/basta.media\/vendredi-debat-pourquoi-les-medias-s-interessent-ils-a-la-guerre-en-ukraine-mais-pas-aux-guerres-au-Yemen-et-en-Ethiopie\" target=\"_blank\" rel=\"noreferrer noopener\">Pourquoi les m\u00e9dias s&rsquo;int\u00e9ressent-ils \u00e0 la guerre en Ukraine mais pas aux conflits au Y\u00e9men et en \u00c9thiopie ?<\/a>&nbsp;(Basta!)<\/p>\n\n\n\n<p><a><\/a><a href=\"https:\/\/common.indigo-net.com\/lib\/cookie_log\/redirector.asp?mail=n.chevillard@noos.fr&amp;ID=516668&amp;DOCIID=109703480&amp;ENAIID=781364&amp;RETOUR=SIMPLE&amp;link=https:\/\/www.lalettrea.fr\/medias\/2023\/01\/10\/bruxelles-declenche-une-serie-de-controles-chez-lagardere-et-vivendi,109880933-eve?cxt=PUB&amp;utm_source=LLA&amp;utm_medium=email&amp;utm_campaign=AUTO_EDIT_SOM\" target=\"_blank\" rel=\"noreferrer noopener\">Bruxelles d\u00e9clenche une s\u00e9rie de contr\u00f4les chez Lagard\u00e8re et Vivendi<\/a> (La Lettre A)<\/p>\n\n\n\n<p><a href=\"https:\/\/www.monde-diplomatique.fr\/2017\/11\/FERNANDEZ\/58065\" target=\"_blank\" rel=\"noreferrer noopener\">Au Mexique, la presse au service d&rsquo;une tyrannie invisible<\/a>&nbsp;(Le Monde diplomatique)<\/p>\n\n\n\n<p><mark style=\"background-color:rgba(0, 0, 0, 0);color:#f60404\" class=\"has-inline-color\"><strong>10 janvier<\/strong><\/mark><\/p>\n\n\n\n<p><a href=\"https:\/\/www.arretsurimages.net\/articles\/la-presse-de-droite-a-la-rescousse-de-michel-houellebecq\" target=\"_blank\" rel=\"noreferrer noopener\">La presse de droite \u00e0 la rescousse de Michel Houellebecq<\/a>&nbsp;(Arr\u00eat sur images)<\/p>\n\n\n\n<p><a href=\"https:\/\/courrierdeuropecentrale.fr\/entre-journalisme-et-patriotisme-les-dilemmes-de-la-television-ukrainienne-en-temps-de-guerre%ef%bf%bc\/\" target=\"_blank\" rel=\"noreferrer noopener\">Entre journalisme et patriotisme, les dilemmes de la t\u00e9l\u00e9vision ukrainienne en temps de guerre<\/a>&nbsp;(Le Courrier d\u2019Europe centrale)<\/p>\n\n\n\n<p><a href=\"https:\/\/www.liberation.fr\/checknews\/qui-se-cache-derriere-la-manifestation-contre-les-medias-collabos-prevue-devant-les-locaux-du-monde-20230106_NQR5JXPEOVF45DYXMNQ6PVK22I\/\">Qui se cache derri\u00e8re la manifestation contre les \u2018m\u00e9dias collabos\u2019?<\/a>&nbsp;(Lib\u00e9ration)<\/p>\n\n\n\n<p><mark style=\"background-color:rgba(0, 0, 0, 0);color:#f60404\" class=\"has-inline-color\"><strong>9 janvier<\/strong><\/mark><\/p>\n\n\n\n<p><a href=\"https:\/\/www.acrimed.org\/Medias-francais-qui-possede-quoi\">M\u00e9dias fran\u00e7ais&nbsp;: qui poss\u00e8de quoi&nbsp;?<\/a> (Acrimed)<\/p>\n\n\n\n<p><a href=\"https:\/\/www.acrimed.org\/Reforme-des-retraites-l-editocratie-en-ordre-de\">R\u00e9forme des retraites&nbsp;: l\u2019\u00e9ditocratie en ordre de bataille<\/a> (Acrimed)<\/p>\n\n\n\n<p><mark style=\"background-color:rgba(0, 0, 0, 0);color:#f60404\" class=\"has-inline-color\"><strong>7 janvier<\/strong><\/mark><\/p>\n\n\n\n<p><a href=\"https:\/\/www.arretsurimages.net\/articles\/arte-met-fin-a-tracks-11-personnes-licenciees\">Arte met fin \u00e0 \u201cTracks\u201d, 11 personnes licenci\u00e9es<\/a>&nbsp;(arretsurimages.net)<\/p>\n\n\n\n<figure class=\"wp-block-image size-full is-resized\"><img data-recalc-dims=\"1\" loading=\"lazy\" decoding=\"async\" src=\"https:\/\/i0.wp.com\/www.rdpemancipation.org\/wp-content\/uploads\/2023\/01\/image-25.png?resize=550%2C159&#038;ssl=1\" alt=\"\" class=\"wp-image-107114\" width=\"550\" height=\"159\" srcset=\"https:\/\/i0.wp.com\/www.rdpemancipation.org\/wp-content\/uploads\/2023\/01\/image-25.png?w=839&amp;ssl=1 839w, https:\/\/i0.wp.com\/www.rdpemancipation.org\/wp-content\/uploads\/2023\/01\/image-25.png?resize=300%2C87&amp;ssl=1 300w, https:\/\/i0.wp.com\/www.rdpemancipation.org\/wp-content\/uploads\/2023\/01\/image-25.png?resize=768%2C222&amp;ssl=1 768w\" sizes=\"auto, (max-width: 550px) 100vw, 550px\" \/><\/figure>\n\n\n\n<p><a href=\"https:\/\/siecledigital.fr\/2023\/01\/05\/entretien-bilan-arcom-premiere-annee\/\">Quel bilan l\u2019Arcom dresse-t-elle de sa premi\u00e8re ann\u00e9e ?<\/a> (Siecle digital)<\/p>\n\n\n\n<p><a href=\"https:\/\/www.acrimed.org\/Reforme-des-retraites-Jean-Claude-Dassier-La\">R\u00e9forme des retraites, Jean-Claude Dassier, La D\u00e9p\u00eache du Midi et compagnie<\/a> (Acrimed)<\/p>\n\n\n\n<p><mark style=\"background-color:rgba(0, 0, 0, 0);color:#f60404\" class=\"has-inline-color\"><strong>6 janvier<\/strong><\/mark><\/p>\n\n\n\n<p><a href=\"https:\/\/podcastine.fr\/podcast\/droits-des-medias-tres-chere-justice\/\" target=\"_blank\" rel=\"noreferrer noopener\">Droits des m\u00e9dias : tr\u00e8s ch\u00e8re justice<\/a>&nbsp; (Podcastine)<\/p>\n\n\n\n<p><a href=\"https:\/\/common.indigo-net.com\/lib\/cookie_log\/redirector.asp?mail=n.chevillard@noos.fr&amp;ID=515294&amp;DOCIID=109703480&amp;ENAIID=780003&amp;RETOUR=SIMPLE&amp;link=https:\/\/www.lalettrea.fr\/medias_presse-ecrite\/2023\/01\/05\/la-croix-part-en-quete-de-nouveaux-mecenes,109878822-gra?cxt=PUB&amp;utm_source=LLA&amp;utm_medium=email&amp;utm_campaign=AUTO_EDIT_SOM\" target=\"_blank\" rel=\"noreferrer noopener\">La Croix part en qu\u00eate de nouveaux m\u00e9c\u00e8nes<\/a> (La Lettre A)<a href=\"https:\/\/www.lemonde.fr\/societe\/article\/2023\/01\/05\/charlie-hebdo-le-site-internet-de-l-hebdomadaire-a-ete-pirate-une-enquete-est-ouverte_6156785_3224.html\"><\/a><\/p>\n\n\n\n<p><a href=\"https:\/\/www.lemonde.fr\/societe\/article\/2023\/01\/05\/charlie-hebdo-le-site-internet-de-l-hebdomadaire-a-ete-pirate-une-enquete-est-ouverte_6156785_3224.html\">\u00ab&nbsp;Charlie Hebdo&nbsp;\u00bb&nbsp;: le site Internet de l\u2019hebdomadaire a \u00e9t\u00e9 pirat\u00e9, une enqu\u00eate est ouverte<\/a> (Le Monde)<\/p>\n\n\n\n<figure class=\"wp-block-image size-full is-resized\"><img data-recalc-dims=\"1\" loading=\"lazy\" decoding=\"async\" src=\"https:\/\/i0.wp.com\/www.rdpemancipation.org\/wp-content\/uploads\/2023\/01\/image-21.png?resize=552%2C354&#038;ssl=1\" alt=\"\" class=\"wp-image-107057\" width=\"552\" height=\"354\" srcset=\"https:\/\/i0.wp.com\/www.rdpemancipation.org\/wp-content\/uploads\/2023\/01\/image-21.png?w=628&amp;ssl=1 628w, https:\/\/i0.wp.com\/www.rdpemancipation.org\/wp-content\/uploads\/2023\/01\/image-21.png?resize=300%2C193&amp;ssl=1 300w\" sizes=\"auto, (max-width: 552px) 100vw, 552px\" \/><figcaption class=\"wp-element-caption\">Pour son num\u00e9ro sp\u00e9cial \u00ab&nbsp;7&nbsp;janvier&nbsp;\u00bb, date anniversaire de l\u2019attentat de&nbsp;<em>Charlie Hebdo<\/em>&nbsp;en&nbsp;2015, <br>l\u2019hebdomadaire satirique a choisi de soutenir les Iraniennes et les Iraniens et d\u2019infliger une&nbsp;<em>\u00ab&nbsp;racl\u00e9e aux mollahs&nbsp;\u00bb<\/em><br>Caricature de James, dessinateur bas\u00e9 au Royaume-Uni.&nbsp;JAMES<\/figcaption><\/figure>\n\n\n\n<p><mark style=\"background-color:rgba(0, 0, 0, 0);color:#f60404\" class=\"has-inline-color\"><strong>5 janvier<\/strong><\/mark><\/p>\n\n\n\n<p><a href=\"https:\/\/www.arretsurimages.net\/articles\/enqueter-sur-hanouna-enfant-roi-ou-janus-impitoyable\" target=\"_blank\" rel=\"noreferrer noopener\">Enqu\u00eater sur Hanouna : enfant-roi ou Janus impitoyable ?&nbsp;<\/a> (Arr\u00eat sur images)<\/p>\n\n\n\n<p><mark style=\"background-color:rgba(0, 0, 0, 0);color:#f60404\" class=\"has-inline-color\"><strong>2 janvier<\/strong><\/mark><\/p>\n\n\n\n<p><a href=\"https:\/\/blogs.mediapart.fr\/cecile-duflot\/blog\/291222\/la-chaine-de-la-haine-jusqu-quand\">La cha\u00eene de la haine, jusqu\u2019\u00e0 quand&nbsp;?<\/a> (Blog de Cecile Duflot)<\/p>\n","protected":false},"excerpt":{"rendered":"<p>30 janvier Implant files : une premi\u00e8re victoire pour la libert\u00e9 d&rsquo;informer&nbsp; (ritimo) Jeu de massacre sur Europe 1&nbsp;(Acrimed) Retraites : \u00ab\u00a0Ouest-France\u00a0\u00bb du c\u00f4t\u00e9 du gouvernement ?&nbsp; (Arr\u00eat sur images)) Macron et \u00ab\u00a0ses\u00a0\u00bb \u00e9ditocrates : comment ils manipulent l&rsquo;opinion&nbsp; (Le M\u00e9dia) D\u00e9jeuner secret \u00e0 l&rsquo;Elys\u00e9e : quand 10 \u00e9ditorialistes font les perroquets de Macron&nbsp;(Le M\u00e9dia) &#8230; <a title=\"Janvier &#8211; M\u00e9dias\" class=\"read-more\" href=\"https:\/\/www.rdpemancipation.org\/?p=106651\" aria-label=\"En savoir plus sur Janvier &#8211; M\u00e9dias\">Lire la suite<\/a><\/p>\n","protected":false},"author":1,"featured_media":0,"comment_status":"closed","ping_status":"closed","sticky":false,"template":"","format":"standard","meta":{"_lmt_disableupdate":"","_lmt_disable":"","_jetpack_memberships_contains_paid_content":false,"footnotes":""},"categories":[26],"tags":[],"class_list":["post-106651","post","type-post","status-publish","format-standard","hentry","category-medias"],"modified_by":"nch","jetpack_featured_media_url":"","jetpack_sharing_enabled":true,"_links":{"self":[{"href":"https:\/\/www.rdpemancipation.org\/index.php?rest_route=\/wp\/v2\/posts\/106651","targetHints":{"allow":["GET"]}}],"collection":[{"href":"https:\/\/www.rdpemancipation.org\/index.php?rest_route=\/wp\/v2\/posts"}],"about":[{"href":"https:\/\/www.rdpemancipation.org\/index.php?rest_route=\/wp\/v2\/types\/post"}],"author":[{"embeddable":true,"href":"https:\/\/www.rdpemancipation.org\/index.php?rest_route=\/wp\/v2\/users\/1"}],"replies":[{"embeddable":true,"href":"https:\/\/www.rdpemancipation.org\/index.php?rest_route=%2Fwp%2Fv2%2Fcomments&post=106651"}],"version-history":[{"count":24,"href":"https:\/\/www.rdpemancipation.org\/index.php?rest_route=\/wp\/v2\/posts\/106651\/revisions"}],"predecessor-version":[{"id":108595,"href":"https:\/\/www.rdpemancipation.org\/index.php?rest_route=\/wp\/v2\/posts\/106651\/revisions\/108595"}],"wp:attachment":[{"href":"https:\/\/www.rdpemancipation.org\/index.php?rest_route=%2Fwp%2Fv2%2Fmedia&parent=106651"}],"wp:term":[{"taxonomy":"category","embeddable":true,"href":"https:\/\/www.rdpemancipation.org\/index.php?rest_route=%2Fwp%2Fv2%2Fcategories&post=106651"},{"taxonomy":"post_tag","embeddable":true,"href":"https:\/\/www.rdpemancipation.org\/index.php?rest_route=%2Fwp%2Fv2%2Ftags&post=106651"}],"curies":[{"name":"wp","href":"https:\/\/api.w.org\/{rel}","templated":true}]}}