{"id":106649,"date":"2023-01-01T11:44:55","date_gmt":"2023-01-01T10:44:55","guid":{"rendered":"https:\/\/www.rdpemancipation.org\/?p=106649"},"modified":"2023-01-11T11:50:23","modified_gmt":"2023-01-11T10:50:23","slug":"janvier-europe-3","status":"publish","type":"post","link":"https:\/\/www.rdpemancipation.org\/?p=106649","title":{"rendered":"Janvier &#8211; Europe"},"content":{"rendered":"\n<p><mark style=\"background-color:rgba(0, 0, 0, 0);color:#f60404\" class=\"has-inline-color\"><strong>11 &#8211; 5 janvier<\/strong><\/mark><\/p>\n\n\n\n<p><strong><a href=\"https:\/\/www.youtube.com\/watch?v=ju5XWmDg5EQ&amp;ab_channel=BLAST%2CLesouffledel%27info\">Europe : la dangereuse perc\u00e9e de l\u2019extr\u00eame droite avec B\u00e9atrice Giblin<\/a>\u00a0<\/strong>(Blast)<\/p>\n\n\n\n<p><strong>Royaume-Uni<\/strong><a href=\"https:\/\/www.revolutionpermanente.fr\/Royaume-Uni-Apres-les-menaces-contre-le-droit-de-greve-Sunak-joue-le-dialogue-social\">. Apr\u00e8s les menaces contre le droit de gr\u00e8ve, Sunak joue le \u00ab\u00a0dialogue social\u00a0\u00bb<\/a>\u00a0(RP)<\/p>\n\n\n\n<p><a href=\"https:\/\/www.humanite.fr\/monde\/royaume-uni\/royaume-uni-un-soutien-inedit-aux-grevistes-777690#xtor=RSS-1\">Royaume-Uni. Un soutien in\u00e9dit aux gr\u00e9vistes\u00a0<\/a>\u00a0(L\u2019Humanit\u00e9)<\/p>\n\n\n\n<p><a href=\"https:\/\/www.msn.com\/fr-be\/actualite\/other\/les-syndicats-britanniques-maintiennent-la-gr%C3%A8ve-des-travailleurs-de-la-sant%C3%A9-apr%C3%A8s-la-position-insultante-du-gouvernement\/ar-AA16900s\">Les syndicats\u00a0<\/a><strong>britanniques<\/strong><a href=\"https:\/\/www.msn.com\/fr-be\/actualite\/other\/les-syndicats-britanniques-maintiennent-la-gr%C3%A8ve-des-travailleurs-de-la-sant%C3%A9-apr%C3%A8s-la-position-insultante-du-gouvernement\/ar-AA16900s\">\u00a0maintiennent la gr\u00e8ve des travailleurs de la sant\u00e9 apr\u00e8s la position \u00abinsultante\u00bb du gouvernement\u00a0<\/a>(msn)<\/p>\n\n\n\n<p><a href=\"https:\/\/www.wsws.org\/fr\/articles\/2023\/01\/09\/brit-j09.html\">Les syndicats du rail\u00a0<\/a><strong>britanniques<\/strong><a href=\"https:\/\/www.wsws.org\/fr\/articles\/2023\/01\/09\/brit-j09.html\">\u00a0RMT et ASLEF ne combattront pas les lois anti-gr\u00e8ves<\/a>\u00a0(WSWS)<\/p>\n\n\n\n<p><strong><a href=\"https:\/\/www.revolutionpermanente.fr\/Le-gouvernement-britannique-annonce-une-loi-anti-greve-historique-face-aux-mobilisations\">Le gouvernement\u00a0<\/a>britannique<a href=\"https:\/\/www.revolutionpermanente.fr\/Le-gouvernement-britannique-annonce-une-loi-anti-greve-historique-face-aux-mobilisations\">\u00a0annonce une loi anti-gr\u00e8ve historique face aux mobilisations<\/a>\u00a0<\/strong>(RP)<\/p>\n\n\n\n<p><a href=\"http:\/\/tracking.connaissancedesenergies.org\/tracking\/click?d=MbQP8oPUFEYTCi8gmLjgfEc1YOPCEB312v5-i94L-huQ7IiWdzlE-BmZwwy5-mOku3S94ibYqlyqIyswggGHcIK3oEs_MzoxxyVfuhKQ8plOcIdEC2RYMVRKgsxQyw3A0NkEB0Zt2ZNsMHnOxXhP_XgKnsFqG26NYuzig3gGia-Aj_W_teGcQY63J_tLRrtwHULQmPwaQ-iYRRrsamfa8nolCXyE2F43BjgjB3S0DGslIruHwh947EttvaZIvotO98l2XMNuiimOApq1D76fCXm0rxMMEVJMp_hVvy0rnUWPt6hoj8VsVsNJU1s9qJVVVwSpZTGok9NhoPVf-UZ0mDE6rib1qpsnwX5JB8LhdpenGD_psnFfa1cN_nbtKgQAAA2\">L\u2019\u00e9olien \u00e0 la f\u00eate en Grande-Bretagne en 2022, le gaz aussi\u2026<\/a>\u00a0(Connaissance des \u00e9nergies)\u00a0<\/p>\n\n\n\n<p><a href=\"https:\/\/www.francetvinfo.fr\/monde\/royaume-uni\/eurozapping-la-greve-dans-les-transports-se-poursuit-en-grande-bretagne_5580057.html\">Eurozapping : la gr\u00e8ve dans les transports se poursuit en\u00a0<\/a><strong>Grande-Bretagne<\/strong>\u00a0(France Info)<\/p>\n\n\n\n<p><a href=\"https:\/\/www.mediapart.fr\/journal\/international\/040123\/greves-au-royaume-uni-ces-syndicalistes-qui-eclipsent-le-parti-travailliste\">RU\u00a0: Ces syndicalistes qui \u00e9clipsent le parti travailliste<\/a>\u00a0(M\u00e9diapart)<\/p>\n\n\n\n<p><a href=\"https:\/\/www.mediapart.fr\/journal\/economie-et-social\/040123\/au-royaume-uni-une-crise-structurelle-plus-qu-un-effet-du-brexit\">Economie britannique\u00a0: une situation structurelle plus qu\u2019un effet du Brexit<\/a>\u00a0(M\u00e9diapart)<\/p>\n\n\n\n<p><strong>Belgique<\/strong>\u00a0: <a href=\"https:\/\/ici.radio-canada.ca\/nouvelle\/1947093\/votes-greve-fonctionnaires-federaux-negociations-teletravail?isAutoPlay=1\">\u00ab\u00a0On voulait une part du g\u00e2teau\u00a0\u00bb: les agents p\u00e9nitenciers sont en gr\u00e8ve ce mercredi<\/a>\u00a0(msn)<\/p>\n\n\n\n<p><a href=\"https:\/\/www.rtl.be\/info\/regions\/liege\/-pas-de-bus-tec-a-liege-un-mouvement-de-greve-sauvage-en-cours-deux-depots-bloques-a-liege-1425774.aspx\">\u00ab\u00a0Pas de bus TEC \u00e0\u00a0<\/a><strong>Li\u00e8ge<\/strong><a href=\"https:\/\/www.rtl.be\/info\/regions\/liege\/-pas-de-bus-tec-a-liege-un-mouvement-de-greve-sauvage-en-cours-deux-depots-bloques-a-liege-1425774.aspx\">\u00ab\u00a0: un mouvement de gr\u00e8ve spontan\u00e9 en cours, deux d\u00e9p\u00f4ts bloqu\u00e9s \u00e0 Li\u00e8ge<\/a>\u00a0(RTL)<\/p>\n\n\n\n<p><strong>Belgique<\/strong><a href=\"https:\/\/www.lalibre.be\/economie\/entreprises-startup\/2023\/01\/06\/ryanair-15-avions-cloues-au-sol-ce-week-end-sur-fond-de-grogne-sociale-4JNEVOO3W5HDXGL76TJDLYZGQI\/\">\u00a0: 152 vols annul\u00e9s ce week-end, sur fond de grogne sociale<\/a>\u00a0(La Libre)<\/p>\n\n\n\n<p><strong>Belgique<\/strong><a href=\"https:\/\/www.lalibre.be\/economie\/entreprises-startup\/2023\/01\/07\/vers-de-nouvelles-actions-chez-ryanair-le-personnel-menace-de-faire-greve-deux-week-ends-par-mois-VGNVMK2V35BP3ONXNFJ34QYBPM\/\">\u00a0: Ryanair\u00a0: Le personnel menace de faire gr\u00e8ve deux week-ends par mois<\/a>\u00a0(La Libre)<\/p>\n\n\n\n<p><a href=\"https:\/\/www.capital.fr\/economie-politique\/jackpot-a-vie-pourquoi-le-salaire-de-hauts-fonctionnaires-fait-scandale-en-belgique-1456717\">\u00ab\u00a0Jackpot\u00a0\u00bb \u00e0 vie : pourquoi le salaire de hauts fonctionnaires fait scandale en\u00a0<\/a><strong>Belgique<\/strong>\u00a0(Capital)<\/p>\n\n\n\n<p><a href=\"https:\/\/www.rtbf.be\/article\/une-greve-paralysera-toutes-les-prisons-belges-les-10-et-11-janvier-11131911\">Une gr\u00e8ve paralysera toutes les prisons&nbsp;<\/a><strong>belges<\/strong><a href=\"https:\/\/www.rtbf.be\/article\/une-greve-paralysera-toutes-les-prisons-belges-les-10-et-11-janvier-11131911\">&nbsp;les 10 et 11 janvier<\/a>&nbsp;(RTBF)<\/p>\n\n\n\n<p><strong>Belgique<\/strong>\u00a0: <a href=\"https:\/\/www.lesoir.be\/486988\/article\/2023-01-05\/greve-chez-ryanair-plus-de-100-vols-annules-ce-week-end-20000-voyageurs-impactes\">Gr\u00e8ve chez Ryanair: plus de 100 vols annul\u00e9s ce week-end, 20.000 voyageurs impact\u00e9s<\/a>\u00a0(Le Soir)<\/p>\n\n\n\n<p><a href=\"https:\/\/siecledigital.fr\/2023\/01\/02\/italie-le-parlement-approuve-une-taxe-sur-les-cryptomonnaies\/\"><strong><mark style=\"background-color:rgba(0, 0, 0, 0)\" class=\"has-inline-color has-contrast-color\">Italie<\/mark><\/strong> : le Parlement approuve une taxe sur les cryptomonnaies<\/a>\u00a0(Si\u00e8cle digital)<\/p>\n\n\n\n<p><a href=\"https:\/\/www.equaltimes.org\/une-valeur-elevee-a-prix-casse-le#.Y70DiuzMJts\">Une valeur \u00e9lev\u00e9e, \u00e0 prix cass\u00e9\u00a0: le secteur des soins en\u00a0<\/a><strong>Espagne<\/strong>\u00a0(Equal Times)<\/p>\n\n\n\n<p><strong>Portugal<\/strong><a href=\"https:\/\/www.lefigaro.fr\/flash-eco\/portugal-preavis-de-greve-d-une-semaine-a-la-fin-janvier-chez-la-compagnie-aerienne-tap-20230109\">\u00a0: pr\u00e9avis de gr\u00e8ve d\u2019une semaine \u00e0 la fin janvier chez la compagnie a\u00e9rienne TAP<\/a>\u00a0(Le Figaro)<\/p>\n\n\n\n<p><strong>Portugal<\/strong>\u00a0:\u00a0<a href=\"https:\/\/www.lessentiel.lu\/fr\/story\/une-centaine-de-trains-supprimes-en-raison-d-une-greve-851416283728\">Une centaine de trains supprim\u00e9s en raison d\u2019une gr\u00e8ve\u00a0<\/a>(L\u2019essentiel)<\/p>\n\n\n\n<p><a href=\"https:\/\/www.msn.com\/fr-ca\/actualites\/other\/les-syndicats-du-secteur-public-allemand-pr%c3%a9viennent-de-limminence-de-gr%c3%a8ves-nationales\/ar-AA164rry\">Les syndicats du secteur public\u00a0<\/a><strong>allemand<\/strong><a href=\"https:\/\/www.msn.com\/fr-ca\/actualites\/other\/les-syndicats-du-secteur-public-allemand-pr%c3%a9viennent-de-limminence-de-gr%c3%a8ves-nationales\/ar-AA164rry\">\u00a0pr\u00e9viennent de l\u2019imminence de gr\u00e8ves nationales<\/a>\u00a0(msn)<\/p>\n\n\n\n<p><a href=\"https:\/\/www.connaissancedesenergies.org\/afp\/la-consommation-allemande-de-gaz-recule-de-14-en-2022-230106\">La consommation allemande de gaz a recul\u00e9 de 14% en 2022<\/a>&nbsp;(AFP)<\/p>\n\n\n\n<p><a href=\"https:\/\/www.lemonde.fr\/economie\/article\/2023\/01\/05\/l-annee-2022-a-accelere-la-transition-de-l-industrie-allemande_6156745_3234.html\">L\u2019ann\u00e9e 2022 a acc\u00e9l\u00e9r\u00e9 la transition de l\u2019industrie en Allemagne<\/a>&nbsp;(Le Monde)<\/p>\n\n\n\n<p><a href=\"https:\/\/www.francetvinfo.fr\/monde\/europe\/manifestations-en-ukraine\/direct-guerre-en-ukraine-la-communaute-internationale-sceptique-apres-l-annonce-par-la-russie-d-un-cessez-le-feu-de-36-heures_5584272.html\"><strong><mark style=\"background-color:rgba(0, 0, 0, 0)\" class=\"has-inline-color has-contrast-color\">Ukraine<\/mark><\/strong> : des bombardements constat\u00e9s dans les deux camps, malgr\u00e9 la tr\u00eave annonc\u00e9e par la Russie<\/a>\u00a0(France Info)<\/p>\n\n\n\n<p><a href=\"https:\/\/www.liberation.fr\/international\/europe\/guerre-en-ukraine-vladimir-poutine-ordonne-un-cessez-le-feu-les-6-et-7-janvier-20230105_UQFIF4PRYJFMFLA64VA6WNM2CE\/\">Ukraine\u00a0: Vladimir Poutine ordonne un cessez-le-feu les 6 et 7\u00a0janvier<\/a>\u00a0(Lib\u00e9ration)<\/p>\n\n\n\n<p><a href=\"https:\/\/blogs.mediapart.fr\/michel-broue\/blog\/030123\/arrestation-de-mikhail-lobanov-les-methodes-fascistes-de-poutine-en-russie\"><strong>Arrestation de Mikhail Lobanov : les m\u00e9thodes fascistes de Poutine en Russie<\/strong><\/a>\u00a0(Blog de Michel Brou\u00e9)<\/p>\n\n\n\n<p><\/p>\n\n\n\n<p class=\"has-text-color\" style=\"color:#f60202\"><\/p>\n","protected":false},"excerpt":{"rendered":"<p>11 &#8211; 5 janvier Europe : la dangereuse perc\u00e9e de l\u2019extr\u00eame droite avec B\u00e9atrice Giblin\u00a0(Blast) Royaume-Uni. Apr\u00e8s les menaces contre le droit de gr\u00e8ve, Sunak joue le \u00ab\u00a0dialogue social\u00a0\u00bb\u00a0(RP) Royaume-Uni. Un soutien in\u00e9dit aux gr\u00e9vistes\u00a0\u00a0(L\u2019Humanit\u00e9) Les syndicats\u00a0britanniques\u00a0maintiennent la gr\u00e8ve des travailleurs de la sant\u00e9 apr\u00e8s la position \u00abinsultante\u00bb du gouvernement\u00a0(msn) Les syndicats du rail\u00a0britanniques\u00a0RMT et &#8230; <a title=\"Janvier &#8211; Europe\" class=\"read-more\" href=\"https:\/\/www.rdpemancipation.org\/?p=106649\" aria-label=\"En savoir plus sur Janvier &#8211; Europe\">Lire la suite<\/a><\/p>\n","protected":false},"author":1,"featured_media":0,"comment_status":"closed","ping_status":"closed","sticky":false,"template":"","format":"standard","meta":{"_lmt_disableupdate":"","_lmt_disable":"","_jetpack_memberships_contains_paid_content":false,"footnotes":""},"categories":[16],"tags":[],"class_list":["post-106649","post","type-post","status-publish","format-standard","hentry","category-europe"],"modified_by":"nch","jetpack_featured_media_url":"","jetpack_sharing_enabled":true,"_links":{"self":[{"href":"https:\/\/www.rdpemancipation.org\/index.php?rest_route=\/wp\/v2\/posts\/106649","targetHints":{"allow":["GET"]}}],"collection":[{"href":"https:\/\/www.rdpemancipation.org\/index.php?rest_route=\/wp\/v2\/posts"}],"about":[{"href":"https:\/\/www.rdpemancipation.org\/index.php?rest_route=\/wp\/v2\/types\/post"}],"author":[{"embeddable":true,"href":"https:\/\/www.rdpemancipation.org\/index.php?rest_route=\/wp\/v2\/users\/1"}],"replies":[{"embeddable":true,"href":"https:\/\/www.rdpemancipation.org\/index.php?rest_route=%2Fwp%2Fv2%2Fcomments&post=106649"}],"version-history":[{"count":7,"href":"https:\/\/www.rdpemancipation.org\/index.php?rest_route=\/wp\/v2\/posts\/106649\/revisions"}],"predecessor-version":[{"id":107329,"href":"https:\/\/www.rdpemancipation.org\/index.php?rest_route=\/wp\/v2\/posts\/106649\/revisions\/107329"}],"wp:attachment":[{"href":"https:\/\/www.rdpemancipation.org\/index.php?rest_route=%2Fwp%2Fv2%2Fmedia&parent=106649"}],"wp:term":[{"taxonomy":"category","embeddable":true,"href":"https:\/\/www.rdpemancipation.org\/index.php?rest_route=%2Fwp%2Fv2%2Fcategories&post=106649"},{"taxonomy":"post_tag","embeddable":true,"href":"https:\/\/www.rdpemancipation.org\/index.php?rest_route=%2Fwp%2Fv2%2Ftags&post=106649"}],"curies":[{"name":"wp","href":"https:\/\/api.w.org\/{rel}","templated":true}]}}