{"id":106647,"date":"2023-01-01T11:44:18","date_gmt":"2023-01-01T10:44:18","guid":{"rendered":"https:\/\/www.rdpemancipation.org\/?p=106647"},"modified":"2023-01-30T19:37:20","modified_gmt":"2023-01-30T18:37:20","slug":"janvier-maghreb-3","status":"publish","type":"post","link":"https:\/\/www.rdpemancipation.org\/?p=106647","title":{"rendered":"Janvier &#8211; Maghreb"},"content":{"rendered":"\n<p><mark style=\"background-color:rgba(0, 0, 0, 0);color:#f60404\" class=\"has-inline-color\"><strong>30-27 janvier<\/strong><\/mark><\/p>\n\n\n\n<p><a href=\"https:\/\/orientxxi.info\/magazine\/algerie-la-guerre-d-independance-a-hauteur-d-enfant,6171\" target=\"_blank\" rel=\"noreferrer noopener\"><strong>Alg\u00e9rie &#8211;<\/strong> La guerre d\u2019ind\u00e9pendance \u00e0 hauteur d\u2019enfant<\/a> (Orient XXI)<\/p>\n\n\n\n<p><a href=\"https:\/\/www.monde-diplomatique.fr\/mav\/187\/BELKAID\/65476\">Quand les fellahs prennent les armes<\/a>&nbsp;(Le Monde Diplomatique)<\/p>\n\n\n\n<p><a href=\"https:\/\/algeria-watch.org\/?p=85209\"><strong>Torture et exaction au temps du Hirak&nbsp;: le cas de Ayoub Chahetou<\/strong><\/a> (Algeria-Watch)<\/p>\n\n\n\n<p><a href=\"https:\/\/algeria-watch.org\/?p=85237\"><strong>Urgence Alg\u00e9rie : contre la r\u00e9pression, solidarit\u00e9 internationale<\/strong><\/a> (Communiqu\u00e9 commun LDH, FIDH et OMCT)<\/p>\n\n\n\n<p><a href=\"https:\/\/algeria-watch.org\/?p=85241\">Communiqu\u00e9 de presse : L\u2019\u00e8re du Parti unique est de retour en Alg\u00e9rie<\/a> (Algeria-Watch)<\/p>\n\n\n\n<p><a href=\"https:\/\/algeria-watch.org\/?p=85239\">Solidarit\u00e9 et soutien \u00e0 la LADDH \u00e0 la suite de sa dissolution par les autorit\u00e9s alg\u00e9riennes<\/a> (R\u00e9seau Euromed France)<\/p>\n\n\n\n<p><a href=\"https:\/\/www.tsa-algerie.com\/libertes-syndicales-en-algerie-la-colere-des-syndicats-monte\/\">Libert\u00e9s syndicales en Alg\u00e9rie : la col\u00e8re des syndicats monte<\/a> (TSA)<\/p>\n\n\n\n<p><a href=\"https:\/\/www.connaissancedesenergies.org\/afp\/libyeitalie-accord-historique-entre-eni-et-la-noc-dans-le-secteur-gazier-230128\"><strong>Libye &#8211; <\/strong>Avec Italie : accord \u00ab\u00a0historique\u00a0\u00bb entre ENI et la NOC dans le secteur gazier<\/a> (AFP)<\/p>\n\n\n\n<p><a href=\"https:\/\/www.lemonde.fr\/afrique\/article\/2023\/01\/27\/pas-de-crise-avec-rabat-assure-paris_6159530_3212.html\"><strong>Maroc \u2013<\/strong> \u2018Pas de crise avec Rabat\u2019, assure Paris<\/a><a> (Le Monde)<\/a><\/p>\n\n\n\n<p><a href=\"https:\/\/www.off-investigation.fr\/aux-origines-du-marocgate\/\" target=\"_blank\" rel=\"noreferrer noopener\">Aux origines du \u00ab Marocgate \u00bb<\/a>&nbsp; (Off Investigation)<\/p>\n\n\n\n<p><a href=\"https:\/\/www.lemonde.fr\/afrique\/article\/2023\/01\/29\/en-tunisie-le-second-tour-des-elections-legislatives-ne-mobilise-toujours-pas_6159789_3212.html\"><strong>Tunisie &#8211; <\/strong>Le second tour des \u00e9lections l\u00e9gislatives ne mobilise toujours pas<\/a> (Le Monde)<\/p>\n\n\n\n<p><a href=\"https:\/\/www.lemonde.fr\/les-decodeurs\/article\/2023\/01\/20\/douze-ans-apres-la-chute-du-president-tunisien-la-justice-francaise-est-toujours-sur-les-traces-de-la-fortune-du-clan-ben-ali_6158592_4355770.html\">En Tunisie, Ka\u00efs Sa\u00efed tient sa nouvelle Assembl\u00e9e, mais a perdu ses \u00e9lecteurs<\/a><\/p>\n\n\n\n<p><a href=\"https:\/\/www.lemonde.fr\/les-decodeurs\/article\/2023\/01\/20\/douze-ans-apres-la-chute-du-president-tunisien-la-justice-francaise-est-toujours-sur-les-traces-de-la-fortune-du-clan-ben-ali_6158592_4355770.html\">Douze ans apr\u00e8s la chute du pr\u00e9sident tunisien, la justice fran\u00e7aise est toujours sur les traces de la fortune du clan Ben Ali<\/a><a href=\"https:\/\/www.lemonde.fr\/les-decodeurs\/article\/2023\/01\/20\/douze-ans-apres-la-chute-du-president-tunisien-la-justice-francaise-est-toujours-sur-les-traces-de-la-fortune-du-clan-ben-ali_6158592_4355770.html\"> &nbsp;(Le Monde)<\/a><\/p>\n\n\n\n<p><mark style=\"background-color:rgba(0, 0, 0, 0);color:#f60404\" class=\"has-inline-color\"><strong>26 janvier<\/strong><\/mark><\/p>\n\n\n\n<p><a href=\"https:\/\/www.contretemps.eu\/transition-energetique-afrique-nord-neocolonialisme\/\">La transition \u00e9nerg\u00e9tique en <strong>Afrique du Nord<\/strong> aux prises avec le n\u00e9ocolonialisme<\/a> (Contretemps)<\/p>\n\n\n\n<p><a href=\"https:\/\/www.mediapart.fr\/journal\/international\/250123\/en-algerie-la-repression-s-abat-sur-l-ong-phare-de-defense-des-droits-humains\"><strong>Alg\u00e9rie &#8211; L<\/strong>a r\u00e9pression s\u2019abat sur l\u2019ONG phare de d\u00e9fense des droits humains<\/a> (M\u00e9diapart)<\/p>\n\n\n\n<p><a><\/a><a href=\"https:\/\/mondafrique.com\/le-patron-de-larmee-algerienne-en-visite-en-france\/\">Le patron de l\u2019arm\u00e9e alg\u00e9rienne en visite en France<\/a> (Mondafrique)<\/p>\n\n\n\n<p><a href=\"https:\/\/mondafrique.com\/le-regime-marocain-vent-debout-contre-emmanuel-macron\/\"><strong>Maroc &#8211;<\/strong> Le r\u00e9gime marocain vent debout contre Emmanuel Macron<\/a> (Mondafrique)<\/p>\n\n\n\n<p><a href=\"https:\/\/www.boursorama.com\/videos\/actualites\/mauritanie-un-proces-exceptionnel-s-ouvre-contre-l-ex-president-mohamed-ould-abdel-aziz-8446aa004f3ece557c7f659412283b89\"><strong>Mauritanie<\/strong> &#8211; Un proc\u00e8s exceptionnel s&rsquo;ouvre contre l&rsquo;ex-pr\u00e9sident Mohamed Ould Abdel Aziz<\/a> (France 24)<\/p>\n\n\n\n<p><a href=\"https:\/\/www.lemonde.fr\/afrique\/article\/2023\/01\/17\/en-tunisie-les-subsahariens-victimes-d-un-racisme-croissant_6158240_3212.html\"><strong>Tunisie &#8211;<\/strong> Les Subsahariens victimes d\u2019un racisme croissant<\/a> (Le Monde)<\/p>\n\n\n\n<p><a href=\"https:\/\/orientxxi.info\/magazine\/tunisie-et-amerique-latine-quelques-lecons-de-la-transition-democratique,6151\" target=\"_blank\" rel=\"noreferrer noopener\">La Tunisie au miroir de la transition d\u00e9mocratique en Am\u00e9rique latine<\/a> (Orient XXI)<\/p>\n\n\n\n<p><a href=\"https:\/\/www.politis.fr\/articles\/2023\/01\/ashkal-lenquete-de-tunis-feu-glacant\/\" target=\"_blank\" rel=\"noreferrer noopener\">\u00ab Ashkal, l\u2019enqu\u00eate de Tunis \u00bb : feu gla\u00e7ant<\/a>&nbsp;(Politis)<\/p>\n\n\n\n<p><mark style=\"background-color:rgba(0, 0, 0, 0);color:#f60404\" class=\"has-inline-color\"><strong>24 janvier<\/strong><\/mark><\/p>\n\n\n\n<p><strong><a href=\"https:\/\/www.off-investigation.fr\/francalgeriemacron-adoube-la-dictature-militaire\/\" target=\"_blank\" rel=\"noreferrer noopener\">Fran\u00e7alg\u00e9rie&nbsp;: Macron adoube la dictature militaire<\/a>&nbsp;<\/strong>(Off Investigation)<\/p>\n\n\n\n<p><a href=\"https:\/\/maghrebemergent.net\/veille-presse-du-jour-3\/\"><strong>Alg\u00e9rie&nbsp;&#8211; <\/strong>Veille presse du jour<\/a><a> <\/a>(Maghreb \u00e9mergent)<\/p>\n\n\n\n<p><a href=\"https:\/\/maghrebemergent.net\/dissolution-de-la-laddh-le-rcd-denonce\/\">Dissolution de la LADDH : le RCD d\u00e9nonce<\/a> (Maghreb \u00e9mergent)<\/p>\n\n\n\n<p><a href=\"https:\/\/www.tsa-algerie.com\/le-ffs-denonce-une-strategie-de-mise-au-pas-de-la-societe\/\">Le FFS d\u00e9nonce une \u00ab strat\u00e9gie de mise au pas de la soci\u00e9t\u00e9 \u00bb<\/a> (TSA)<\/p>\n\n\n\n<p><a href=\"https:\/\/www.tsa-algerie.com\/blocage-de-radio-m-et-maghreb-emergent-les-journalistes-denoncent\/\">Blocage de Radio M et Maghreb Emergent : les journalistes d\u00e9noncent<\/a> (TSA)<\/p>\n\n\n\n<p><a href=\"https:\/\/algeria-watch.org\/?p=85198\">Le projet de loi sur l\u2019exercice du droit syndical \u00e0 l\u2019APN : Les syndicats n\u2019en veulent pas<\/a> (El Watan)<\/p>\n\n\n\n<p><a href=\"https:\/\/maghrebemergent.net\/automobile-lusine-renault-algerie-paralysee-par-la-rupture-des-echanges-avec-lespagne\/\">L\u2019usine Renault Alg\u00e9rie paralys\u00e9e par la rupture des \u00e9changes avec l\u2019Espagne<\/a> (Maghreb \u00e9mergent)<\/p>\n\n\n\n<figure class=\"wp-block-image size-full is-resized\"><img data-recalc-dims=\"1\" loading=\"lazy\" decoding=\"async\" src=\"https:\/\/i0.wp.com\/www.rdpemancipation.org\/wp-content\/uploads\/2023\/01\/image-98.png?resize=391%2C213&#038;ssl=1\" alt=\"\" class=\"wp-image-108142\" width=\"391\" height=\"213\" srcset=\"https:\/\/i0.wp.com\/www.rdpemancipation.org\/wp-content\/uploads\/2023\/01\/image-98.png?w=630&amp;ssl=1 630w, https:\/\/i0.wp.com\/www.rdpemancipation.org\/wp-content\/uploads\/2023\/01\/image-98.png?resize=300%2C164&amp;ssl=1 300w\" sizes=\"auto, (max-width: 391px) 100vw, 391px\" \/><\/figure>\n\n\n\n<p><a href=\"https:\/\/maghrebemergent.net\/automobile-la-marque-italienne-fiat-commercialisera-des-vehicules-electriques-en-algerie\/\">La marque italienne \u201cFiat\u201d commercialisera des v\u00e9hicules \u00e9lectriques en Alg\u00e9rie<\/a> (Maghreb \u00e9mergent)<\/p>\n\n\n\n<p><a href=\"https:\/\/algeria-watch.org\/?p=85196\">Visite de Georgia Meloni \u00e0 Alger : consolider le partenariat strat\u00e9gique avec l\u2019Italie<\/a> (El Watan)<\/p>\n\n\n\n<p><a href=\"https:\/\/maghrebemergent.net\/algerie-italie-le-nouveau-gazoduc-transportera-le-gaz-lelectricite-lhydrogene-et-lammoniac\/\">Alg\u00e9rie-Italie : le nouveau gazoduc transportera le gaz, l\u2019\u00e9lectricit\u00e9, l\u2019hydrog\u00e8ne et l\u2019ammoniac<\/a> (Maghreb \u00e9mergent)<\/p>\n\n\n\n<p><a href=\"https:\/\/algeria-watch.org\/?p=85190\">Une premi\u00e8re en 17 ans : le chef d\u2019\u00e9tat-major Chanegriha entame une visite en France<\/a> (TSA)<\/p>\n\n\n\n<p><a href=\"https:\/\/www.tsa-algerie.com\/maroc-vives-critiques-contre-la-france-et-lalgerie\/\"><strong>Maroc &#8211; V<\/strong>ives critiques contre la France et l\u2019Alg\u00e9rie<\/a> (TSA)<\/p>\n\n\n\n<p><a href=\"https:\/\/enass.ma\/2023\/01\/23\/la-samir-gloire-privatisation-et-liquidation\/\" target=\"_blank\" rel=\"noreferrer noopener\"><strong>La Samir : Gloire, privatisation et liquidation<\/strong>&nbsp;<\/a> (Enass)<\/p>\n\n\n\n<p><a href=\"https:\/\/nawaat.org\/2023\/01\/24\/le-peuple-introuvable-de-kais-saied-analyse-dune-desaffection\/\" target=\"_blank\" rel=\"noreferrer noopener\"><strong>Tunisie &#8211; <\/strong>Le peuple introuvable de Kais Saied : analyse d\u2019une d\u00e9saffection<\/a>&nbsp;(Nawaat)<\/p>\n\n\n\n<p><mark style=\"background-color:rgba(0, 0, 0, 0);color:#f60404\" class=\"has-inline-color\"><strong>23 janvier<\/strong><\/mark><\/p>\n\n\n\n<p><strong>Alerte Alg\u00e9rie LADDH<\/strong><\/p>\n\n\n\n<p><a href=\"https:\/\/algeria-watch.org\/?p=85202\"><strong>La Ligue Alg\u00e9rienne de D\u00e9fense des Droits de l\u2019Homme dissoute, coupable de faire dans les droits humains<\/strong><\/a> (Communiqu\u00e9)<\/p>\n\n\n\n<p><a href=\"https:\/\/blogs.mediapart.fr\/riposte2018\/blog\/230123\/declaration-condamnant-la-dissolution-de-la-laddh\"><strong>D\u00e9claration condamnant la dissolution de la LADDH<\/strong> <\/a>&nbsp;(Blog riposte2018)<\/p>\n\n\n\n<p><a href=\"https:\/\/blogs.mediapart.fr\/les-invites-de-mediapart\/blog\/220123\/ou-va-la-nouvelle-algerie\">O\u00f9 va la \u00ab&nbsp;nouvelle Alg\u00e9rie&nbsp;\u00bb&nbsp;? <\/a>&nbsp;(Les invit\u00e9s de Mediapart)<\/p>\n\n\n\n<p><a href=\"https:\/\/www.rfi.fr\/fr\/afrique\/20230123-alg%C3%A9rie-la-ligue-de-d%C3%A9fense-des-droits-de-l-homme-apprend-sa-dissolution-via-les-r%C3%A9seaux-sociaux\">La Ligue de d\u00e9fense des droits de l&rsquo;homme apprend sa dissolution via les r\u00e9seaux sociaux<\/a> (RFI)<\/p>\n\n\n\n<p><mark style=\"background-color:rgba(0, 0, 0, 0);color:#f60404\" class=\"has-inline-color\"><strong>22-19 janvier<\/strong><\/mark><\/p>\n\n\n\n<p><a href=\"https:\/\/common.indigo-net.com\/lib\/cookie_log\/redirector.asp?mail=n.chevillard@noos.fr&amp;ID=518498&amp;DOCIID=109703480&amp;ENAIID=783171&amp;RETOUR=SIMPLE&amp;link=https:\/\/www.africaintelligence.fr\/afrique-du-nord\/2023\/01\/19\/union-africaine--alger-et-rabat-s-affrontent-pour-la-presidence-2024,109903219-eve?cxt=PUB&amp;utm_source=AIF&amp;utm_medium=email&amp;utm_campaign=AUTO_EDIT_SOM\" target=\"_blank\" rel=\"noreferrer noopener\">Union africaine : Alger et Rabat s&rsquo;affrontent pour la pr\u00e9sidence 2024<\/a> (Africa Intelligence)<\/p>\n\n\n\n<p><a href=\"https:\/\/common.indigo-net.com\/lib\/cookie_log\/redirector.asp?mail=n.chevillard@noos.fr&amp;ID=517809&amp;DOCIID=109703480&amp;ENAIID=782493&amp;RETOUR=SIMPLE&amp;link=https:\/\/www.africaintelligence.fr\/afrique-du-nord\/2023\/01\/16\/l-impot-sur-la-fortune-dans-les-limbes,109881264-art?cxt=PUB&amp;utm_source=AIF&amp;utm_medium=email&amp;utm_campaign=AUTO_EDIT_SOM\" target=\"_blank\" rel=\"noreferrer noopener\"><strong>Alg\u00e9rie &#8211; <\/strong>l&rsquo;imp\u00f4t sur la fortune dans les limbes<\/a> (Africa Intelligence)<\/p>\n\n\n\n<p><a href=\"https:\/\/algeria-watch.org\/?p=85174\">Qui finance qui ?<\/a> (Blog par Ali Bensaad , Radio M)<\/p>\n\n\n\n<p><a href=\"https:\/\/algeria-watch.org\/?p=85164\">Confusion autour de la dissolution de la LADDH<\/a> (TSA)<\/p>\n\n\n\n<p><a href=\"https:\/\/algeria-watch.org\/?p=85162\">Lib\u00e9ration de l\u2019activiste Rachid Nekkaz<\/a> (TSA)<\/p>\n\n\n\n<p><a href=\"https:\/\/algeria-watch.org\/?p=85158\">Communiqu\u00e9 du collectif de d\u00e9fense du journaliste Ihsane El Kadi<\/a> (Maghreb \u00c9mergent)<\/p>\n\n\n\n<p><a href=\"https:\/\/fr.africanews.com\/2023\/01\/19\/le-patron-de-larmee-algerienne-sera-en-france-fin-janvier\/\">Le patron de l&rsquo;arm\u00e9e alg\u00e9rienne sera en France fin janvier<\/a> (Africanews)<\/p>\n\n\n\n<p><a href=\"https:\/\/common.indigo-net.com\/lib\/cookie_log\/redirector.asp?mail=n.chevillard@noos.fr&amp;ID=517809&amp;DOCIID=109703480&amp;ENAIID=782493&amp;RETOUR=SIMPLE&amp;link=https:\/\/www.africaintelligence.fr\/afrique-du-nord\/2023\/01\/16\/abdelhamid-dabaiba-raccroche-les-wagons-avec-abou-dhabi,109881299-art?cxt=PUB&amp;utm_source=AIF&amp;utm_medium=email&amp;utm_campaign=AUTO_EDIT_SOM\" target=\"_blank\" rel=\"noreferrer noopener\"><strong>Libye &#8211; <\/strong>Abdelhamid Dabaiba raccroche les wagons avec Abou Dhabi<\/a> (Africa Intelligence)<\/p>\n\n\n\n<p><a href=\"https:\/\/fr.africanews.com\/2023\/01\/18\/la-libye-fait-don-de-produits-de-base-a-la-tunisie\/\">La Libye fait don de produits de base \u00e0 la Tunisie<\/a> (Africanews)<\/p>\n\n\n\n<p><a href=\"https:\/\/fr.africanews.com\/2023\/01\/18\/maroc-israel-cooperation-elargie-dans-la-guerre-electronique\/\"><strong>Maroc \u2013 <\/strong>Avec<strong> <\/strong>Isra\u00ebl, coop\u00e9ration \u00e9largie dans la \u00ab\u00a0guerre \u00e9lectronique\u00a0\u00bb<\/a> (Africanews)<\/p>\n\n\n\n<p><a href=\"https:\/\/fr.africanews.com\/2023\/01\/19\/le-parlement-europeen-critique-le-maroc-sur-la-liberte-de-la-presse\/\">Le Parlement europ\u00e9en critique le Maroc sur la libert\u00e9 de la presse<\/a> (Africanews)<\/p>\n\n\n\n<p><a href=\"https:\/\/www.lemonde.fr\/afrique\/article\/2023\/01\/23\/sahara-occidental-au-front-polisario-la-pression-monte-pour-intensifier-la-guerre-contre-le-maroc_6158994_3212.html\"><strong>Sahara occidental&nbsp;&#8211;<\/strong> Au Polisario, la pression monte pour intensifier la guerre contre le Maroc<\/a> (Le Monde)<\/p>\n\n\n\n<figure class=\"wp-block-image size-full is-resized\"><img data-recalc-dims=\"1\" loading=\"lazy\" decoding=\"async\" src=\"https:\/\/i0.wp.com\/www.rdpemancipation.org\/wp-content\/uploads\/2023\/01\/image-97.png?resize=408%2C272&#038;ssl=1\" alt=\"\" class=\"wp-image-108135\" width=\"408\" height=\"272\" srcset=\"https:\/\/i0.wp.com\/www.rdpemancipation.org\/wp-content\/uploads\/2023\/01\/image-97.png?w=553&amp;ssl=1 553w, https:\/\/i0.wp.com\/www.rdpemancipation.org\/wp-content\/uploads\/2023\/01\/image-97.png?resize=300%2C200&amp;ssl=1 300w\" sizes=\"auto, (max-width: 408px) 100vw, 408px\" \/><figcaption class=\"wp-element-caption\"><sup>Brahim Ghali, pr\u00e9sident de la RASD, lors de l\u2019ouverture du seizi\u00e8me congr\u00e8s du Polisario le 13&nbsp;janvier <\/sup><\/figcaption><\/figure>\n\n\n\n<p><a href=\"https:\/\/mondafrique.com\/la-posture-guerriere-du-polisario\/\">La posture guerri\u00e8re du Polisario<\/a> (Mondafrique)<\/p>\n\n\n\n<p><a href=\"https:\/\/mondafrique.com\/la-terrible-algerianisation-de-la-tunisie\/\">\u00ab&nbsp;L\u2019alg\u00e9rianisation&nbsp;\u00bb de la<strong> Tunisie<\/strong><\/a> (Mondafrique)<\/p>\n\n\n\n<p><mark style=\"background-color:rgba(0, 0, 0, 0);color:#f60404\" class=\"has-inline-color\"><strong>18-16 janvier<\/strong><\/mark><\/p>\n\n\n\n<p><strong><a href=\"https:\/\/www.middleeasteye.net\/fr\/topics\/algerie\">Alg\u00e9rie<\/a><\/strong> &#8211; <a href=\"https:\/\/www.middleeasteye.net\/fr\/actu-et-enquetes\/algerie-amnesty-appelle-liberation-patron-presse-el-kadi-ihsane-media\">Amnesty appelle \u00e0 la lib\u00e9ration d\u2019un patron de presse alg\u00e9rien<\/a> (MEE)<\/p>\n\n\n\n<figure class=\"wp-block-image size-large is-resized\"><img data-recalc-dims=\"1\" loading=\"lazy\" decoding=\"async\" src=\"https:\/\/i0.wp.com\/www.rdpemancipation.org\/wp-content\/uploads\/2023\/01\/image-65.png?resize=425%2C302&#038;ssl=1\" alt=\"\" class=\"wp-image-107767\" width=\"425\" height=\"302\" srcset=\"https:\/\/i0.wp.com\/www.rdpemancipation.org\/wp-content\/uploads\/2023\/01\/image-65.png?resize=1024%2C730&amp;ssl=1 1024w, https:\/\/i0.wp.com\/www.rdpemancipation.org\/wp-content\/uploads\/2023\/01\/image-65.png?resize=300%2C214&amp;ssl=1 300w, https:\/\/i0.wp.com\/www.rdpemancipation.org\/wp-content\/uploads\/2023\/01\/image-65.png?resize=768%2C547&amp;ssl=1 768w, https:\/\/i0.wp.com\/www.rdpemancipation.org\/wp-content\/uploads\/2023\/01\/image-65.png?w=1400&amp;ssl=1 1400w\" sizes=\"auto, (max-width: 425px) 100vw, 425px\" \/><figcaption class=\"wp-element-caption\"><strong><sup>El Kadi Ihsane est le fondateur de l\u2019agence Interface M\u00e9dias, qui \u00e9dite Radio M et Maghreb Emergent&nbsp;<\/sup><\/strong><\/figcaption><\/figure>\n\n\n\n<p><a href=\"https:\/\/orientxxi.info\/magazine\/ce-cancer-financier-qui-mine-l-algerie,6130\" target=\"_blank\" rel=\"noreferrer noopener\">Ce cancer financier qui mine l&rsquo;Alg\u00e9rie<\/a>&nbsp;(Orient XXI)<\/p>\n\n\n\n<p><a href=\"http:\/\/www.lequotidien-oran.com\/index.php?news=5318139&amp;archive_date=2023-01-16\">Exercice syndical et droit de gr\u00e8ve: La CSA demande le retrait du projet de loi<\/a> (Le quotidien d\u2019Oran)<\/p>\n\n\n\n<p><a href=\"http:\/\/www.lequotidien-oran.com\/index.php?news=5318141&amp;archive_date=2023-01-16\">Il a re\u00e7u un appel t\u00e9l\u00e9phonique hier de Macron: Tebboune en visite en France en mai<\/a> (Le quotidien d\u2019Oran)<\/p>\n\n\n\n<p><a href=\"http:\/\/www.lequotidien-oran.com\/index.php?news=5318145&amp;archive_date=2023-01-16\">Alg\u00e9rie-Qatar: Un mod\u00e8le de l&rsquo;int\u00e9gration interarabe<\/a> (Le quotidien d\u2019Oran)<\/p>\n\n\n\n<p><a href=\"http:\/\/www.lequotidien-oran.com\/index.php?news=5318115&amp;archive_date=2023-01-15\">Alg\u00e9rie-Italie: Meloni attendue \u00e0 Alger les 22 et 23 janvier<\/a> (Le quotidien d\u2019Oran)<\/p>\n\n\n\n<p><strong><a href=\"https:\/\/www.tsa-algerie.com\/le-maroc-a-nouveau-dans-le-viseur-du-parlement-europeen\/\">Maroc &#8211; <\/a><\/strong><a href=\"https:\/\/www.tsa-algerie.com\/le-maroc-a-nouveau-dans-le-viseur-du-parlement-europeen\/\">A nouveau dans le viseur du Parlement europ\u00e9en<\/a> (TSA)<\/p>\n\n\n\n<p><strong><a href=\"https:\/\/www.marianne.net\/monde\/afrique\/un-roi-riche-mais-un-peuple-pauvre-le-paradoxe-mohammed-vi-au-maroc\">Un roi riche mais un peuple pauvre\u2009: le paradoxe Mohammed VI au Maroc<\/a><\/strong> &nbsp;(Marianne)<\/p>\n\n\n\n<p><a href=\"https:\/\/enass.ma\/2023\/01\/17\/tragedie-de-nador-melilla-lappel-damnesty-international\/\" target=\"_blank\" rel=\"noreferrer noopener\">Trag\u00e9die de Nador-Melilla : L\u2019appel d\u2019Amnesty International&nbsp;<\/a> (Enass)<\/p>\n\n\n\n<p><a href=\"https:\/\/www.challenge.ma\/la-societe-starlink-delon-musk-veut-lancer-ses-services-au-maroc-en-2023-254035\/\">La soci\u00e9t\u00e9 Starlink d\u2019Elon Musk veut lancer ses services au Maroc en 2023<\/a> (Challenge.ma)<\/p>\n\n\n\n<p><mark style=\"background-color:rgba(0, 0, 0, 0);color:#f60404\" class=\"has-inline-color\"><strong>15-13 janvier<\/strong><\/mark><\/p>\n\n\n\n<p><a href=\"https:\/\/afriquexxi.us20.list-manage.com\/track\/click?u=f9f8627cbcbbdcb07c28f3cdf&amp;id=24323b405b&amp;e=58ff83d693\" target=\"_blank\" rel=\"noreferrer noopener\">Dans le r\u00e9tro<\/a><em><a href=\"https:\/\/afriquexxi.us20.list-manage.com\/track\/click?u=f9f8627cbcbbdcb07c28f3cdf&amp;id=24323b405b&amp;e=58ff83d693\" target=\"_blank\" rel=\"noreferrer noopener\">&nbsp;: \u00ab\u00a0Les Black Panthers \u00e0 Alger\u00a0\u00bb<\/a><\/em> (Affaires sensibles, France Inter)<\/p>\n\n\n\n<p><a href=\"http:\/\/www.lequotidien-oran.com\/index.php?news=5318095&amp;archive_date=2023-01-14\"><strong>Alg\u00e9rie-France &#8211; <\/strong>Macron esp\u00e8re une visite de Tebboune en 2023<\/a> (Le Quotidien d\u2019Oran)<\/p>\n\n\n\n<p><a href=\"http:\/\/www.lequotidien-oran.com\/index.php?news=5318085&amp;archive_date=2023-01-12\"><strong>Alg\u00e9rie &#8211; <\/strong>La d\u00e9cision politique tarde pour relancer le projet \u00abSolar 1000\u00bb<\/a> (Le Quotidien d\u2019Oran)<\/p>\n\n\n\n<p><a href=\"https:\/\/orientxxi.info\/magazine\/l-imbroglio-libyen-angle-mort-de-la-politique-regionale,6134\" target=\"_blank\" rel=\"noreferrer noopener\"><strong>Libye &#8211;<\/strong> L\u2019imbroglio libyen, angle mort de la politique r\u00e9gionale<\/a> (Orient XXI)<\/p>\n\n\n\n<figure class=\"wp-block-image size-large is-resized\"><img data-recalc-dims=\"1\" loading=\"lazy\" decoding=\"async\" src=\"https:\/\/i0.wp.com\/www.rdpemancipation.org\/wp-content\/uploads\/2023\/01\/image-56.png?resize=439%2C247&#038;ssl=1\" alt=\"\" class=\"wp-image-107604\" width=\"439\" height=\"247\" srcset=\"https:\/\/i0.wp.com\/www.rdpemancipation.org\/wp-content\/uploads\/2023\/01\/image-56.png?resize=1024%2C576&amp;ssl=1 1024w, https:\/\/i0.wp.com\/www.rdpemancipation.org\/wp-content\/uploads\/2023\/01\/image-56.png?resize=300%2C169&amp;ssl=1 300w, https:\/\/i0.wp.com\/www.rdpemancipation.org\/wp-content\/uploads\/2023\/01\/image-56.png?resize=768%2C432&amp;ssl=1 768w, https:\/\/i0.wp.com\/www.rdpemancipation.org\/wp-content\/uploads\/2023\/01\/image-56.png?w=1090&amp;ssl=1 1090w\" sizes=\"auto, (max-width: 439px) 100vw, 439px\" \/><figcaption class=\"wp-element-caption\"><strong><sup>Tripoli, 17&nbsp;mai 2022. Un membre des forces loyales au premier ministre Abdulhamid Dbeibah, quelques heures apr\u00e8s le retrait des forces du mar\u00e9chal Haftar<\/sup><\/strong><\/figcaption><\/figure>\n\n\n\n<p><a href=\"https:\/\/www.lemonde.fr\/afrique\/article\/2023\/01\/13\/au-maroc-le-capitalisme-de-rente-joue-contre-l-emergence_6157791_3212.html\"><strong>Maroc &#8211; <\/strong>\u00ab&nbsp;Le capitalisme de rente joue contre l\u2019\u00e9mergence&nbsp;\u00bb<\/a> (Le Monde)<\/p>\n\n\n\n<p><a href=\"https:\/\/common.indigo-net.com\/lib\/cookie_log\/redirector.asp?mail=n.chevillard@noos.fr&amp;ID=516980&amp;DOCIID=109703480&amp;ENAIID=781674&amp;RETOUR=SIMPLE&amp;link=https:\/\/www.africaintelligence.fr\/afrique-du-nord\/2023\/01\/11\/le-conseil-d-etat-confirme-l-extradition-du-marocain-rachid-rafaa-accuse-de-liens-avec-aqmi,109879279-art?utm_source=AIF&amp;utm_medium=email&amp;utm_campaign=PROS_EDIT_RUB\" target=\"_blank\" rel=\"noreferrer noopener\">Le Conseil d&rsquo;Etat fran\u00e7ais confirme l&rsquo;extradition du Marocain Rachid Rafaa, accus\u00e9 de liens avec AQMI<\/a> (Africa Intelligence)<\/p>\n\n\n\n<p><a href=\"https:\/\/www.lemonde.fr\/societe\/article\/2023\/01\/14\/l-imam-iquioussen-expulse-vers-le-maroc-apres-plusieurs-rebondissements-judiciaires_6157822_3224.html\">L\u2019imam Iquioussen expuls\u00e9 vers le Maroc apr\u00e8s plusieurs rebondissements judiciaires<\/a> (Le Monde)<\/p>\n\n\n\n<p><a href=\"https:\/\/enass.ma\/2023\/01\/12\/immigration-la-fabrique-des-sans-papiers-au-maroc\/\" target=\"_blank\" rel=\"noreferrer noopener\">Immigration, la fabrique des sans-papiers au Maroc<\/a>&nbsp; (Enass)<\/p>\n\n\n\n<p><a href=\"https:\/\/fr.africanews.com\/2023\/01\/10\/drame-de-melilla-13-migrants-condamnes-a-3-ans-de-prison-au-maroc\/\">Drame de Melilla : 13 migrants condamn\u00e9s \u00e0 3 ans de prison au Maroc<\/a> (Africanews)<\/p>\n\n\n\n<p><a href=\"https:\/\/fr.africanews.com\/2023\/01\/11\/reunion-au-sommet-maroc-espagne-a-rabat-les-1er-et-2-fevrier\/\">R\u00e9union au sommet Maroc-Espagne \u00e0 Rabat les 1er et 2 f\u00e9vrier<\/a> (Africanews)<\/p>\n\n\n\n<p><a href=\"https:\/\/fr.africanews.com\/2023\/01\/15\/sahara-occidental-le-chef-du-front-polisario-appelle-a-lunite-face-au-maroc\/\"><strong>Sahara Occidental<\/strong> &#8211; Le chef du Front Polisario appelle \u00ab\u00a0\u00e0 l&rsquo;unit\u00e9\u00a0\u00bb face au Maroc<\/a> (Africanews)<\/p>\n\n\n\n<p><a href=\"https:\/\/fr.africanews.com\/2023\/01\/14\/sahara-occidental-premier-congres-du-front-polisario-depuis-la-reprise-de-la-lutte-armee\/\">Sahara occidental : Premier congr\u00e8s du Front Polisario depuis la reprise de la lutte arm\u00e9e<\/a> (Africanews)<\/p>\n\n\n\n<p><a href=\"https:\/\/fr.africanews.com\/2023\/01\/15\/tunisie-dans-la-rue-les-tunisiens-demandent-des-comptes-au-president-saied\/\"><strong>Tunisie &#8211;<\/strong> Dans la rue, les Tunisiens demandent des comptes au pr\u00e9sident Saied<\/a> (Africanews)<\/p>\n\n\n\n<p><a href=\"https:\/\/mondafrique.com\/tunisie-le-peuple-dans-la-rue-et-un-president-totalement-isole\/\">Tunisie, le peuple dans la rue et un Pr\u00e9sident totalement isol\u00e9<\/a> (Mondafrique)<\/p>\n\n\n\n<p><a href=\"https:\/\/www.middleeasteye.net\/fr\/actu-et-enquetes\/tunisie-manifestation-kais-saied-colere-pouvoir-tunis-revolution\">Des milliers de personnes demandent la destitution du pr\u00e9sident \u00e0 l\u2019occasion de l\u2019anniversaire de la r\u00e9volution<\/a> (MEE)<\/p>\n\n\n\n<figure class=\"wp-block-image size-full is-resized\"><img data-recalc-dims=\"1\" loading=\"lazy\" decoding=\"async\" src=\"https:\/\/i0.wp.com\/www.rdpemancipation.org\/wp-content\/uploads\/2023\/01\/image-57.png?resize=432%2C250&#038;ssl=1\" alt=\"\" class=\"wp-image-107607\" width=\"432\" height=\"250\" srcset=\"https:\/\/i0.wp.com\/www.rdpemancipation.org\/wp-content\/uploads\/2023\/01\/image-57.png?w=669&amp;ssl=1 669w, https:\/\/i0.wp.com\/www.rdpemancipation.org\/wp-content\/uploads\/2023\/01\/image-57.png?resize=300%2C174&amp;ssl=1 300w\" sizes=\"auto, (max-width: 432px) 100vw, 432px\" \/><\/figure>\n\n\n\n<p><a href=\"https:\/\/fr.africanews.com\/2023\/01\/12\/tunisie-9-femmes-condamnees-pour-des-actes-terroristes\/\">Tunisie : 9 femmes condamn\u00e9es pour des \u00ab\u00a0actes terroristes\u00a0\u00bb<\/a> (Africanews)<\/p>\n\n\n\n<p><a href=\"https:\/\/www.lemonde.fr\/afrique\/article\/2023\/01\/14\/en-tunisie-douze-ans-apres-la-revolution-la-jeunesse-desabusee-se-detourne-a-nouveau-du-vote_6157878_3212.html\">En Tunisie, douze ans apr\u00e8s la r\u00e9volution, la jeunesse d\u00e9sabus\u00e9e se d\u00e9tourne \u00e0 nouveau du vote<\/a> (Le Monde)<\/p>\n\n\n\n<p><a href=\"https:\/\/nawaat.org\/2023\/01\/13\/don-dorganes-en-tunisie-des-reins-pas-si-solides\/\" target=\"_blank\" rel=\"noreferrer noopener\">Don d\u2019organes en Tunisie : Des reins pas si solides<\/a>&nbsp;(Nawaat)<\/p>\n\n\n\n<p><a href=\"https:\/\/nawaat.org\/2023\/01\/12\/la-revolution-selon-kais-saied-bonnes-feuilles-du-nouvel-ouvrage-de-h-nafti\/\" target=\"_blank\" rel=\"noreferrer noopener\">La r\u00e9volution selon Ka\u00efs Sa\u00efed : Bonnes feuilles du nouvel ouvrage de H. Nafti<\/a>&nbsp;(Nawaat)<\/p>\n\n\n\n<p><mark style=\"background-color:rgba(0, 0, 0, 0);color:#f60404\" class=\"has-inline-color\"><strong>12-11 janvier<\/strong><\/mark><\/p>\n\n\n\n<p><strong>Alg\u00e9rie dans le r\u00e9tro&nbsp;: le coup d\u2019Etat du 11 janvier 1992<\/strong><\/p>\n\n\n\n<p><a href=\"https:\/\/algeria-watch.org\/?p=85033\">31 ans apr\u00e8s le coup d\u2019Etat militaire \u2013 L\u2019Alg\u00e9rie entre crise interne et crises externes (Vid\u00e9o)<\/a> &nbsp;-Omar Benderra (Algeria-Watch)<\/p>\n\n\n\n<p><a href=\"https:\/\/algeria-watch.org\/?p=85027\">31\u00e8me anniversaire du coup d\u2019\u00c9tat de 1992&nbsp;: les enseignements d\u2019un \u00e9trange d\u00e9jeuner au sommet<\/a> -Fran\u00e7ois G\u00e8ze (Algeria-Watch)<\/p>\n\n\n\n<figure class=\"wp-block-image size-full is-resized\"><img data-recalc-dims=\"1\" loading=\"lazy\" decoding=\"async\" src=\"https:\/\/i0.wp.com\/www.rdpemancipation.org\/wp-content\/uploads\/2023\/01\/image-40.png?resize=446%2C297&#038;ssl=1\" alt=\"\" class=\"wp-image-107387\" width=\"446\" height=\"297\" srcset=\"https:\/\/i0.wp.com\/www.rdpemancipation.org\/wp-content\/uploads\/2023\/01\/image-40.png?w=720&amp;ssl=1 720w, https:\/\/i0.wp.com\/www.rdpemancipation.org\/wp-content\/uploads\/2023\/01\/image-40.png?resize=300%2C200&amp;ssl=1 300w\" sizes=\"auto, (max-width: 446px) 100vw, 446px\" \/><\/figure>\n\n\n\n<p><strong>Alg\u00e9rie-France<\/strong><\/p>\n\n\n\n<p><a href=\"https:\/\/www.tsa-algerie.com\/emmanuel-macron-explique-pourquoi-il-ne-demandera-pas-pardon-a-lalgerie\/\">Emmanuel Macron explique pourquoi il ne demandera pas pardon \u00e0 l\u2019Alg\u00e9rie<\/a> (TSA)<\/p>\n\n\n\n<p><a href=\"https:\/\/www.tsa-algerie.com\/algerie-france-xavier-driencourt-declenche-la-polemique\/\">Alg\u00e9rie \u2013 France : Xavier Driencourt d\u00e9clenche la pol\u00e9mique<\/a> (TSA)<\/p>\n\n\n\n<p><a href=\"https:\/\/algeria-watch.org\/?p=85059\">Xavier Driencourt : l\u2019ancien diplomate recrache son fiel sur l\u2019Alg\u00e9rie<\/a> (El Watan)<\/p>\n\n\n\n<p><strong>\u00c9galement en Alg\u00e9rie<\/strong><a href=\"https:\/\/radio-m.net\/istn-une-mesure-arbitraire-qui-touche-de-plus-en-plus-de-citoyens\/\"><\/a><\/p>\n\n\n\n<p><a href=\"https:\/\/radio-m.net\/istn-une-mesure-arbitraire-qui-touche-de-plus-en-plus-de-citoyens\/\">ISTN : Une mesure arbitraire qui touche de plus en plus de citoyens<\/a> (Radio M)<\/p>\n\n\n\n<p><a href=\"https:\/\/radio-m.net\/louisa-hanoune-la-fermeture-des-espaces-mediatiques-est-etouffant\/\">Louisa Hanoune : la fermeture des espaces m\u00e9diatiques est \u2018\u00e9touffant\u2019<\/a> (Radio M)<\/p>\n\n\n\n<p><a href=\"https:\/\/radio-m.net\/veille-presse-jour\/\">Veille presse du jour sur Ihsane el Kadi<\/a> (Radio M)<\/p>\n\n\n\n<p><mark style=\"background-color:rgba(0, 0, 0, 0);color:#f60404\" class=\"has-inline-color\"><strong>10-9 janvier<\/strong><\/mark><\/p>\n\n\n\n<p><a href=\"https:\/\/www.monde-diplomatique.fr\/2017\/11\/ALAOUI\/58084\" target=\"_blank\" rel=\"noreferrer noopener\">L&rsquo;esp\u00e9rance toujours vivante d&rsquo;une unit\u00e9 arabe<\/a>&nbsp;(Le Monde diplomatique)<\/p>\n\n\n\n<p><strong><a href=\"https:\/\/www.tsa-algerie.com\/algerie-espagne-la-pression-monte-sur-pedro-sanchez\/\">Alg\u00e9rie-Espagne &#8211; <\/a><\/strong><a href=\"https:\/\/www.tsa-algerie.com\/algerie-espagne-la-pression-monte-sur-pedro-sanchez\/\">La pression monte sur Pedro Sanchez<\/a> &nbsp;(TSA)<\/p>\n\n\n\n<p><a href=\"https:\/\/algeria-watch.org\/?p=85055\"><strong>Alg\u00e9rie &#8211; <\/strong>Ihsane El Kadi : la chambre d\u2019accusation se prononcera le 18 janvier<\/a> (Maghreb \u00c9mergent)<\/p>\n\n\n\n<p><a href=\"https:\/\/www.liberation.fr\/international\/europe\/locean-viking-a-secouru-37-migrants-au-large-de-la-libye-20230107_EKKNULT3VVEMJBIGBG3BSFJRME\/\"><strong>Libye &#8211;<\/strong> L\u2019Ocean Viking a secouru 37 migrants au large de la Libye<\/a> (Lib\u00e9ration)<\/p>\n\n\n\n<p><a href=\"https:\/\/enass.ma\/2023\/01\/09\/profil-migratoire-du-maroc-5-chiffres-pour-comprendre\/\" target=\"_blank\" rel=\"noreferrer noopener\"><strong>Maroc &#8211;<\/strong> Profil migratoire : 5 chiffres pour comprendre&nbsp;<\/a> (Enass)<\/p>\n\n\n\n<p><a href=\"https:\/\/www.middleeasteye.net\/fr\/actu-et-enquetes\/maroc-phosphate-diplomatie-ocp-engrais-agriculture-guerre-ukraine-energie-sahara-occidental\">Gr\u00e2ce au phosphate, le Maroc esp\u00e8re se faire des alli\u00e9s sur le dossier du Sahara occidental<\/a> (MEE)<\/p>\n\n\n\n<p><strong><a href=\"https:\/\/www.tsa-algerie.com\/sahara-occidental-ce-que-le-maroc-chercher-a-obtenir-disrael\/\">Sahara occidental &#8211; <\/a><\/strong><a href=\"https:\/\/www.tsa-algerie.com\/sahara-occidental-ce-que-le-maroc-chercher-a-obtenir-disrael\/\">Ce que le Maroc cherche \u00e0 obtenir d\u2019Isra\u00ebl<\/a> &nbsp;(TSA)<\/p>\n\n\n\n<p><strong><a href=\"https:\/\/www.middleeasteye.net\/fr\/topics\/tunisie\">Tunisie<\/a><\/strong> &#8211; <a href=\"https:\/\/www.middleeasteye.net\/fr\/reportages\/tunisie-exiles-migrants-afrique-asile-expulsion-protection\">\u2018Pas un pays s\u00fbr\u2019&nbsp;: la d\u00e9tresse des exil\u00e9s aux fronti\u00e8res de l\u2019Europe<\/a> (MEE)<\/p>\n\n\n\n<p><mark style=\"background-color:rgba(0, 0, 0, 0);color:#f60404\" class=\"has-inline-color\"><strong>8-6 janvier<\/strong><\/mark><\/p>\n\n\n\n<p><a href=\"https:\/\/www.lemonde.fr\/afrique\/article\/2023\/01\/06\/le-delicat-jeu-d-equilibre-de-la-france-au-maghreb_6156868_3212.html\">Le d\u00e9licat jeu d\u2019\u00e9quilibre de la <strong>France<\/strong> au <strong>Maghreb<\/strong><\/a> (Le Monde)<\/p>\n\n\n\n<p><a href=\"https:\/\/algeria-watch.org\/?p=85021\"><strong>Alg\u00e9rie &#8211;<\/strong> Les v\u00e9ritables raisons de l\u2019arrestation d\u2019Ihsane El Kadi<\/a> (Maghreb \u00c9mergent)<\/p>\n\n\n\n<p><a href=\"https:\/\/algeria-watch.org\/?p=85017\">Fonction publique : La hausse des salaires co\u00fbte 350 milliards de dinars<\/a> (Le Quotidien d\u2019Oran)<\/p>\n\n\n\n<p><a href=\"https:\/\/algeria-watch.org\/?p=85015\">Hadj Nacer : l\u2019Alg\u00e9rie est \u00ab incontournable \u00bb pour les Brics<\/a> (TSA)<\/p>\n\n\n\n<p><a href=\"https:\/\/algeria-watch.org\/?p=85011\">Hadj Nacer : \u00ab Le hirak n\u2019a pas \u00e9chou\u00e9 \u00bb<\/a> (TSA)<\/p>\n\n\n\n<p><a href=\"https:\/\/common.indigo-net.com\/lib\/cookie_log\/redirector.asp?mail=n.chevillard@noos.fr&amp;ID=515294&amp;DOCIID=109703480&amp;ENAIID=780003&amp;RETOUR=SIMPLE&amp;link=https:\/\/www.lalettrea.fr\/entreprises_finance\/2023\/01\/05\/la-societe-generale-prise-dans-les-tourments-judiciaires-du-fonds-souverain-libyen,109878962-art?cxt=PUB&amp;utm_source=LLA&amp;utm_medium=email&amp;utm_campaign=AUTO_EDIT_SOM\" target=\"_blank\" rel=\"noreferrer noopener\"><strong>Libye &#8211;<\/strong> La Soci\u00e9t\u00e9 g\u00e9n\u00e9rale prise dans les tourments judiciaires du fonds souverain libyen<\/a> (La Lettre A)<\/p>\n\n\n\n<p><a href=\"https:\/\/www.msn.com\/fr-xl\/actualite\/other\/loi-sur-le-droit-de-gr%C3%A8ve-toujours-pas-daccord-gouvernement-syndicats\/ar-AA164CXH\"><strong>Maroc &#8211; <\/strong>Loi sur le droit de gr\u00e8ve : Toujours pas d\u2019accord gouvernement-syndicats<\/a>&nbsp;(msn)<\/p>\n\n\n\n<figure class=\"wp-block-image size-full is-resized\"><img data-recalc-dims=\"1\" loading=\"lazy\" decoding=\"async\" src=\"https:\/\/i0.wp.com\/www.rdpemancipation.org\/wp-content\/uploads\/2023\/01\/image-30.png?resize=415%2C277&#038;ssl=1\" alt=\"\" class=\"wp-image-107188\" width=\"415\" height=\"277\" srcset=\"https:\/\/i0.wp.com\/www.rdpemancipation.org\/wp-content\/uploads\/2023\/01\/image-30.png?w=534&amp;ssl=1 534w, https:\/\/i0.wp.com\/www.rdpemancipation.org\/wp-content\/uploads\/2023\/01\/image-30.png?resize=300%2C200&amp;ssl=1 300w\" sizes=\"auto, (max-width: 415px) 100vw, 415px\" \/><\/figure>\n\n\n\n<p><a href=\"https:\/\/www.lemonde.fr\/international\/article\/2023\/01\/07\/l-ue-tente-de-relancer-son-partenariat-avec-le-maroc-dans-un-contexte-politique-delicat_6156952_3210.html\">L\u2019UE tente de relancer son partenariat avec le Maroc dans un contexte politique d\u00e9licat<\/a> (Le Monde)<\/p>\n\n\n\n<p><a href=\"https:\/\/algeria-watch.org\/?p=85023\">Moroccogate : jusqu\u2019o\u00f9 ira l\u2019Union europ\u00e9enne avec le Maroc ?<\/a> (TSA)<\/p>\n\n\n\n<p><a href=\"https:\/\/www.boursorama.com\/actualite-economique\/actualites\/tunisie-cinq-morts-et-dix-disparus-apres-le-naufrage-d-un-bateau-de-migrants-885ccffb434db7a182ce0e2edabd144d\"><strong>Tunisie &#8211;<\/strong> Cinq morts et dix disparus apr\u00e8s le naufrage d&rsquo;un bateau de migrants<\/a> (Reuters) &nbsp;&nbsp;<\/p>\n\n\n\n<p><a href=\"https:\/\/www.msn.com\/fr-xl\/afrique-du-nord\/other\/pr%C3%A9avis-de-gr%C3%A8ve-tension-sociale-blocage-avec-le-gouvernement-et-crise-%C3%A9conomique-l-ugtt-opte-pour-l-escalade\/ar-AA164h08\">Pr\u00e9avis de gr\u00e8ve, tension sociale, blocage avec le gouvernement : L\u2019Ugtt opte pour l\u2019escalade<\/a>&nbsp;(msn)<\/p>\n\n\n\n<p><mark style=\"background-color:rgba(0, 0, 0, 0);color:#f60404\" class=\"has-inline-color\"><strong>5-3 janvier<\/strong><\/mark><\/p>\n\n\n\n<p><a href=\"https:\/\/www.rfi.fr\/fr\/afrique\/20230103-la-contrebande-alimentaire-entre-l-alg%C3%A9rie-et-la-tunisie-un-ph%C3%A9nom%C3%A8ne-qui-s-aggrave\">La contrebande alimentaire entre l&rsquo;<strong>Alg\u00e9rie<\/strong> et la <strong>Tunisie<\/strong>, un ph\u00e9nom\u00e8ne qui s&rsquo;aggrave<\/a> (RFI)<\/p>\n\n\n\n<p><a href=\"https:\/\/histoirecoloniale.net\/Archives%20de%20la%20guerre%20d\u2019Alg\u00e9rie%20et%20traces%20psychologiques\u2026\">Archives de la guerre d\u2019<strong>Alg\u00e9rie<\/strong> et traces psychologiques\u2026<\/a> -Jacques Inrep (histoirecoloniale.net)<\/p>\n\n\n\n<p><a href=\"https:\/\/www.tsa-algerie.com\/discrimination-en-france-le-temoignage-de-morad-attik\/\">Discrimination en France : le t\u00e9moignage de Morad Attik<\/a> (TSA)<\/p>\n\n\n\n<p><a href=\"https:\/\/www.tsa-algerie.com\/algerie-france-linattendu-jose-gonzalez\/\"><strong>Alg\u00e9rie &#8211; France<\/strong> : l\u2019inattendu Jos\u00e9 Gonzalez<\/a> (TSA)<\/p>\n\n\n\n<p><a href=\"https:\/\/maghrebemergent.net\/veille-presse-du-mercredi-04-01-2023-rsf-saisit-lonu-apres-lincarceration-del-kadi-ihsane\/\"><strong>Alg\u00e9rie &#8211;<\/strong> \u00ab&nbsp;RSF saisit l\u2019ONU apr\u00e8s l\u2019incarc\u00e9ration d\u2019EL-KADI Ihsane&nbsp;\u00bb<\/a> (Maghreb \u00e9mergent)<\/p>\n\n\n\n<p><a href=\"https:\/\/maghrebemergent.net\/solidarite-avec-ihsane-el-kadi-et-radio-m-un-rassemblement-de-la-communaute-algerienne-prevu-a-paris\/\">Solidarit\u00e9 avec Ihsane El kadi et Radio M : un rassemblement de la communaut\u00e9 alg\u00e9rienne&#8230;<\/a> (Maghreb \u00e9mergent)<\/p>\n\n\n\n<p><a href=\"https:\/\/maghrebemergent.net\/cour-dalger-six-mois-de-prison-ferme-requis-contre-le-journaliste-zoheir-aberkane\/\">Cour d\u2019Alger&nbsp;: six mois de prison ferme requis contre le journaliste, Zoheir Aberkane<\/a> (Maghreb \u00e9mergent)<\/p>\n\n\n\n<p><a href=\"https:\/\/maghrebemergent.net\/petition-pour-liberer-ihsane-el-kadi-et-rouvrir-les-locaux-des-medias-le-nombre-de-signataires-atteint-les-2000\/\">P\u00e9tition pour lib\u00e9rer Ihsane El Kadi&nbsp;et rouvrir les locaux des m\u00e9dias<\/a> (Maghreb \u00e9mergent)<\/p>\n\n\n\n<figure class=\"wp-block-image size-full is-resized\"><img data-recalc-dims=\"1\" loading=\"lazy\" decoding=\"async\" src=\"https:\/\/i0.wp.com\/www.rdpemancipation.org\/wp-content\/uploads\/2023\/01\/image-17.png?resize=374%2C265&#038;ssl=1\" alt=\"\" class=\"wp-image-106984\" width=\"374\" height=\"265\"\/><\/figure>\n\n\n\n<p><a href=\"https:\/\/www.tsa-algerie.com\/algerie-bons-points-et-mise-en-garde-de-la-banque-mondiale\/\">Alg\u00e9rie : bons points et mise en garde de la Banque mondiale<\/a> (TSA)<\/p>\n\n\n\n<p><a href=\"https:\/\/www.tsa-algerie.com\/rachid-nekkaz-annonce-quil-arrete-la-politique\/\">Rachid Nekkaz annonce qu\u2019il \u00ab arr\u00eate la politique \u00bb<\/a> (TSA)<\/p>\n\n\n\n<p><a href=\"https:\/\/www.rfi.fr\/fr\/podcasts\/archives-d-afrique\/20221118-libye-la-prise-de-pouvoir-de-mouammar-kadhafi-1-2\"><strong>Libye <\/strong>(archives) : la prise de pouvoir de Mouammar Kadhafi (1&amp;2)<\/a> (RFI)<\/p>\n\n\n\n<p><a href=\"https:\/\/histoirecoloniale.net\/Les-gueules-noires-venus-du-Maroc-leurs-luttes-et-leurs-enfants.html\" target=\"_blank\" rel=\"noreferrer noopener\"><strong>Maroc \u2013<\/strong> Histoire&nbsp;: Les \u2018geules noires, leurs luttes et leurs enfants&#8230;<\/a> (histoirecoloniale.net)<\/p>\n\n\n\n<p><a href=\"https:\/\/histoirecoloniale.net\/Casablanca-1952-une-etape-vers-l-independance-du-Maroc.html\" target=\"_blank\" rel=\"noreferrer noopener\">Casablanca 1952, une \u00e9tape vers l\u2019ind\u00e9pendance du Maroc<\/a> (histoirecoloniale.net)<\/p>\n\n\n\n<p><a href=\"https:\/\/www.humanite.fr\/monde\/maroc\/enquete-marocgate-des-eurodeputes-sous-influence-du-royaume-cherifien-777193#xtor=RSS-1\" target=\"_blank\" rel=\"noreferrer noopener\">Enqu\u00eate. Marocgate : des eurod\u00e9put\u00e9s sous influence du royaume ch\u00e9rifien<\/a>&nbsp;(L\u2019Humanit\u00e9)<\/p>\n\n\n\n<p><a href=\"https:\/\/www.zonebourse.com\/actualite-bourse\/Une-greve-des-salaires-paralyse-les-transports-dans-la-capitale-tunisienne--42644594\/\"><strong>Tunisie&nbsp;&#8211; <\/strong>Une gr\u00e8ve des salaires paralyse les transports dans la capitale&nbsp;<\/a>(Zonebourse)<\/p>\n\n\n\n<p><a href=\"https:\/\/common.indigo-net.com\/lib\/cookie_log\/redirector.asp?mail=n.chevillard@noos.fr&amp;ID=515068&amp;DOCIID=109703480&amp;ENAIID=779786&amp;RETOUR=SIMPLE&amp;link=https:\/\/www.africaintelligence.fr\/afrique-du-nord\/2023\/01\/04\/l-opposition-divisee-face-a-kais-saied,109875992-art?cxt=PUB&amp;utm_source=AIF&amp;utm_medium=email&amp;utm_campaign=AUTO_EDIT_SOM\" target=\"_blank\" rel=\"noreferrer noopener\">L&rsquo;opposition divis\u00e9e face \u00e0 Ka\u00efs Sa\u00efed<\/a> (Africa Intelligence)<\/p>\n\n\n\n<figure class=\"wp-block-image size-full is-resized\"><img data-recalc-dims=\"1\" loading=\"lazy\" decoding=\"async\" src=\"https:\/\/i0.wp.com\/www.rdpemancipation.org\/wp-content\/uploads\/2023\/01\/image-18.png?resize=388%2C259&#038;ssl=1\" alt=\"\" class=\"wp-image-106989\" width=\"388\" height=\"259\" srcset=\"https:\/\/i0.wp.com\/www.rdpemancipation.org\/wp-content\/uploads\/2023\/01\/image-18.png?w=800&amp;ssl=1 800w, https:\/\/i0.wp.com\/www.rdpemancipation.org\/wp-content\/uploads\/2023\/01\/image-18.png?resize=300%2C200&amp;ssl=1 300w, https:\/\/i0.wp.com\/www.rdpemancipation.org\/wp-content\/uploads\/2023\/01\/image-18.png?resize=768%2C512&amp;ssl=1 768w\" sizes=\"auto, (max-width: 388px) 100vw, 388px\" \/><figcaption class=\"wp-element-caption\"><sup>Le pr\u00e9sident tunisien face aux m\u00e9dias<\/sup><\/figcaption><\/figure>\n\n\n\n<p><a href=\"https:\/\/fr.africanews.com\/2023\/01\/04\/tunisie-un-ex-ministre-condamne-dans-le-scandale-des-dechets\/\">Tunisie : un ex-ministre condamn\u00e9 dans le scandale des d\u00e9chets<\/a> (Africanews)<\/p>\n\n\n\n<p><a href=\"https:\/\/www.rfi.fr\/fr\/podcasts\/invit%C3%A9-afrique\/20230104-hamza-meddeb-l-accaparement-de-tous-les-pouvoirs-et-la-d%C3%A9gradation-socio%C3%A9conomique-sid%C3%A8rent-les-tunisiens\">Hamza Meddeb : \u2018L&rsquo;accaparement de tous les pouvoirs et la d\u00e9gradation socio\u00e9conomique\u00bb sid\u00e8rent les Tunisiens\u2019<\/a><a> (RFI)<\/a><\/p>\n\n\n\n<p><mark style=\"background-color:rgba(0, 0, 0, 0);color:#f60404\" class=\"has-inline-color\"><strong>2 janvier<\/strong><\/mark><\/p>\n\n\n\n<p><a href=\"https:\/\/www.mediapart.fr\/journal\/culture-et-idees\/010123\/dans-un-centre-de-torture-de-l-armee-francaise-alger-la-ferme-perrin\" target=\"_blank\" rel=\"noreferrer noopener\">Dans un centre de torture de l\u2019<strong>arm\u00e9e fran\u00e7aise \u00e0 Alger<\/strong> : la ferme Perrin<\/a> -Malika Rahal, Fabrice Riceputi (M\u00e9diapart)<\/p>\n\n\n\n<p><a href=\"https:\/\/mondafrique.com\/un-nostalgique-de-loas-vice-president-du-groupe-damitie-france-algerie\/\">Un nostalgique de l\u2019OAS vice pr\u00e9sident du groupe d\u2019amiti\u00e9 <strong>France-Alg\u00e9rie<\/strong><\/a> (Mondafrique)<\/p>\n\n\n\n<p><a href=\"https:\/\/fr.africanews.com\/2023\/01\/02\/tunisie-transports-perturbes-en-raison-dune-protestation-des-agents\/\"><strong>Tunisie &#8211;<\/strong> transports perturb\u00e9s en raison d&rsquo;une protestation des agents<\/a> (Africanews)<\/p>\n\n\n\n<p class=\"has-text-color\" style=\"color:#f60202\"><strong>1er janvier<\/strong><\/p>\n\n\n\n<p><a href=\"https:\/\/algeria-watch.org\/?p=84975\"><strong>Alg\u00e9rie \u2013 El Kadi Ihsane : chronique d\u2019une incarc\u00e9ration in\u00e9luctable<\/strong><\/a> -Makhlouf Mehenni (Algeria-Watch)<\/p>\n","protected":false},"excerpt":{"rendered":"<p>30-27 janvier Alg\u00e9rie &#8211; La guerre d\u2019ind\u00e9pendance \u00e0 hauteur d\u2019enfant (Orient XXI) Quand les fellahs prennent les armes&nbsp;(Le Monde Diplomatique) Torture et exaction au temps du Hirak&nbsp;: le cas de Ayoub Chahetou (Algeria-Watch) Urgence Alg\u00e9rie : contre la r\u00e9pression, solidarit\u00e9 internationale (Communiqu\u00e9 commun LDH, FIDH et OMCT) Communiqu\u00e9 de presse : L\u2019\u00e8re du Parti unique &#8230; <a title=\"Janvier &#8211; Maghreb\" class=\"read-more\" href=\"https:\/\/www.rdpemancipation.org\/?p=106647\" aria-label=\"En savoir plus sur Janvier &#8211; Maghreb\">Lire la suite<\/a><\/p>\n","protected":false},"author":1,"featured_media":0,"comment_status":"closed","ping_status":"closed","sticky":false,"template":"","format":"standard","meta":{"_lmt_disableupdate":"","_lmt_disable":"","_jetpack_memberships_contains_paid_content":false,"footnotes":""},"categories":[17],"tags":[],"class_list":["post-106647","post","type-post","status-publish","format-standard","hentry","category-maghreb"],"modified_by":"nch","jetpack_featured_media_url":"","jetpack_sharing_enabled":true,"_links":{"self":[{"href":"https:\/\/www.rdpemancipation.org\/index.php?rest_route=\/wp\/v2\/posts\/106647","targetHints":{"allow":["GET"]}}],"collection":[{"href":"https:\/\/www.rdpemancipation.org\/index.php?rest_route=\/wp\/v2\/posts"}],"about":[{"href":"https:\/\/www.rdpemancipation.org\/index.php?rest_route=\/wp\/v2\/types\/post"}],"author":[{"embeddable":true,"href":"https:\/\/www.rdpemancipation.org\/index.php?rest_route=\/wp\/v2\/users\/1"}],"replies":[{"embeddable":true,"href":"https:\/\/www.rdpemancipation.org\/index.php?rest_route=%2Fwp%2Fv2%2Fcomments&post=106647"}],"version-history":[{"count":38,"href":"https:\/\/www.rdpemancipation.org\/index.php?rest_route=\/wp\/v2\/posts\/106647\/revisions"}],"predecessor-version":[{"id":108524,"href":"https:\/\/www.rdpemancipation.org\/index.php?rest_route=\/wp\/v2\/posts\/106647\/revisions\/108524"}],"wp:attachment":[{"href":"https:\/\/www.rdpemancipation.org\/index.php?rest_route=%2Fwp%2Fv2%2Fmedia&parent=106647"}],"wp:term":[{"taxonomy":"category","embeddable":true,"href":"https:\/\/www.rdpemancipation.org\/index.php?rest_route=%2Fwp%2Fv2%2Fcategories&post=106647"},{"taxonomy":"post_tag","embeddable":true,"href":"https:\/\/www.rdpemancipation.org\/index.php?rest_route=%2Fwp%2Fv2%2Ftags&post=106647"}],"curies":[{"name":"wp","href":"https:\/\/api.w.org\/{rel}","templated":true}]}}