{"id":106643,"date":"2023-01-01T11:43:00","date_gmt":"2023-01-01T10:43:00","guid":{"rendered":"https:\/\/www.rdpemancipation.org\/?p=106643"},"modified":"2023-01-30T07:04:26","modified_gmt":"2023-01-30T06:04:26","slug":"janvier-proche-moyen-orient-3","status":"publish","type":"post","link":"https:\/\/www.rdpemancipation.org\/?p=106643","title":{"rendered":"Janvier &#8211; Proche &#038; Moyen-Orient"},"content":{"rendered":"\n<p><mark style=\"background-color:rgba(0, 0, 0, 0);color:#f71717\" class=\"has-inline-color\"><strong>30 janvier <\/strong><\/mark><\/p>\n\n\n\n<p><a href=\"https:\/\/www.mediapart.fr\/journal\/international\/290123\/jerusalem-le-temps-du-deuil-et-la-crainte-d-un-embrasement-0\" title=\"J\u00e9rusalem : le temps du deuil et la crainte d\u2019un embrasement\">J\u00e9rusalem : le temps du deuil et la crainte d\u2019un embrasement<\/a> (Mediapart)<\/p>\n\n\n\n<p><a href=\"https:\/\/www.rfi.fr\/fr\/moyen-orient\/20230130-le-secr%C3%A9taire-d-%C3%A9tat-am%C3%A9ricain-au-proche-orient-en-pleine-flamb%C3%A9e-des-violences\" title=\"Le secr\u00e9taire d'\u00c9tat am\u00e9ricain au Proche-Orient en pleine flamb\u00e9e des violences\">Le secr\u00e9taire d&rsquo;\u00c9tat am\u00e9ricain au Proche-Orient en pleine flamb\u00e9e des violences<\/a>(RFI)<\/p>\n\n\n\n<p><a href=\"https:\/\/www.middleeasteye.net\/topics\/occupation\" title=\"Netanyahou  jure &quot;d'armer des milliers et de s'en prendre aux familles palestiniennes des attaquants&quot;\">Netanyahou  jure \u00ab\u00a0d&rsquo;armer des milliers et de s&rsquo;en prendre aux familles palestiniennes des attaquants\u00a0\u00bb<\/a>(MEE)<\/p>\n\n\n\n<p><a href=\"https:\/\/assawra.blogspot.com\/2023\/01\/israel-des-journalistes-lancent-lalerte.html\">Isra\u00ebl: des journalistes lancent l&rsquo;alerte sur les projets du gouvernement<\/a> (RFI via ASSAWRA)<\/p>\n\n\n\n<p><a href=\"https:\/\/www.haaretz.com\/israel-news\/2023-01-29\/ty-article\/.premium\/cars-property-torched-in-palestinian-villages-in-suspected-hate-crimes-by-israelis\/00000185-fc62-d4a2-adb5-fc6af9b20000\" title=\"Incendies de maison, voitures br\u00fbl\u00e9es.. Isra\u00ebl se venge au lieu de chercher la justice\">Incendies de maison, voitures br\u00fbl\u00e9es.. Isra\u00ebl se venge au lieu de chercher la justice<\/a> (Haaretz)<\/p>\n\n\n\n<figure class=\"wp-block-image size-large is-resized\"><img data-recalc-dims=\"1\" loading=\"lazy\" decoding=\"async\" src=\"https:\/\/i0.wp.com\/www.rdpemancipation.org\/wp-content\/uploads\/2023\/01\/image-121.png?resize=850%2C493&#038;ssl=1\" alt=\"\" class=\"wp-image-108470\" width=\"850\" height=\"493\" srcset=\"https:\/\/i0.wp.com\/www.rdpemancipation.org\/wp-content\/uploads\/2023\/01\/image-121.png?resize=1024%2C595&amp;ssl=1 1024w, https:\/\/i0.wp.com\/www.rdpemancipation.org\/wp-content\/uploads\/2023\/01\/image-121.png?resize=300%2C174&amp;ssl=1 300w, https:\/\/i0.wp.com\/www.rdpemancipation.org\/wp-content\/uploads\/2023\/01\/image-121.png?resize=768%2C446&amp;ssl=1 768w, https:\/\/i0.wp.com\/www.rdpemancipation.org\/wp-content\/uploads\/2023\/01\/image-121.png?w=1280&amp;ssl=1 1280w\" sizes=\"auto, (max-width: 850px) 100vw, 850px\" \/><figcaption class=\"wp-element-caption\">Burnt property in the West Bank village of Turmussya that was allegedly damaged in a hate crime by Israelis, on Sunday<\/figcaption><\/figure>\n\n\n\n<p><mark style=\"background-color:rgba(0, 0, 0, 0);color:#df1919\" class=\"has-inline-color\"><strong>28  janvie<\/strong>r<\/mark><\/p>\n\n\n\n<p><a href=\"https:\/\/www.francetvinfo.fr\/monde\/proche-orient\/israel-palestine\/israel-palestine-attaques-a-jerusalem-massacre-en-cisjordanie-comment-la-tension-est-remontee-depuis-le-retour-de-benyamin-netanyahou-au-pouvoir_5627708.html\" title=\"\">Isra\u00ebl-Palestine: J\u00e9rusalem,Cisjordanie; Comment la tension est remont\u00e9e<\/a>(France Info)<\/p>\n\n\n\n<p><a href=\"https:\/\/www.middleeasteye.net\/fr\/actu-et-enquetes\/israel-palestine-jerusalem-est-attaques-palestiniens-tensions-colonies\" title=\"\">Sept Isra\u00e9liens tu\u00e9s dans une fusillade \u00e0 J\u00e9rusalem-Est hier, nouvelle attaque aujourd\u2019hui<\/a> (MEE)<\/p>\n\n\n\n<p><mark style=\"background-color:rgba(0, 0, 0, 0);color:#f60404\" class=\"has-inline-color\"><strong>4 janvier<\/strong><\/mark><\/p>\n\n\n\n<h6 class=\"wp-block-heading\"><a href=\"https:\/\/orientxxi.info\/magazine\/israel-toujours-plus-a-droite-une-course-a-l-abime,6132\" title=\"Extr\u00eame droite :Isra\u00ebl. Toujours plus \u00e0 droite, une course \u00e0 l\u2019ab\u00eeme\">Extr\u00eame droite :Isra\u00ebl. Toujours plus \u00e0 droite, une course \u00e0 l\u2019ab\u00eeme<\/a> (S. Cypel)<\/h6>\n\n\n\n<p><a href=\"https:\/\/fr.timesofisrael.com\/yariv-levin-annonce-une-refonte-radicale-du-systeme-judiciaire-en-israel\/\" title=\"Isra\u00ebl: r\u00e9forme de la justice: &quot;ce n'est pas une r\u00e9forme, c'est un coup d'\u00e9tat politique\">Isra\u00ebl: r\u00e9forme de la justice: \u00ab\u00a0ce n&rsquo;est pas une r\u00e9forme, c&rsquo;est un coup d&rsquo;\u00e9tat politique<\/a>(TimesofIsrael)<\/p>\n\n\n\n<p><a href=\"https:\/\/www.mediapart.fr\/journal\/fil-dactualites\/050123\/esplanade-des-mosquees-les-pays-musulmans-exigent-une-action-du-conseil-de-securite-de-l-onu\" title=\"Esplanade des Mosqu\u00e9es: les pays musulmans exigent une action du Conseil de s\u00e9curit\u00e9 de l\u2019ONU\">Esplanade des Mosqu\u00e9es: les pays musulmans exigent une action du Conseil de s\u00e9curit\u00e9 de l\u2019ONU<\/a>(AFP)<\/p>\n\n\n\n<p><a href=\"https:\/\/assawra.blogspot.com\/2023\/01\/pourquoi-lesplanade-des-mosquees-est.html\">Pourquoi l\u2019esplanade des Mosqu\u00e9es est-elle un lieu ultrasensible ?<\/a> (Assawra)<\/p>\n\n\n\n<p><a href=\"https:\/\/www.mediapart.fr\/journal\/fil-dactualites\/040123\/l-iran-met-en-garde-paris-contre-des-caricatures-insultantes-de-khamenei-1\" title=\"L\u2019Iran met en garde Paris contre des caricatures \u00ab&nbsp;insultantes&nbsp;\u00bb de Khamenei\">L\u2019Iran met en garde Paris contre des caricatures \u00ab&nbsp;insultantes&nbsp;\u00bb de Khamenei<\/a> (AFP)<\/p>\n\n\n\n<p><a href=\"https:\/\/www.middleeasteye.net\/fr\/actu-et-enquetes\/israel-inde-projet-greenwashing-cachemire-occupation-agriculture-colonisation\" title=\"L\u2019Inde, Isra\u00ebl et le projet de \u00ab greenwashing \u00bb au Cachemire\">L\u2019Inde, Isra\u00ebl et le projet de \u00ab greenwashing \u00bb au Cachemire<\/a> (MEE)<\/p>\n\n\n\n<p><a href=\"https:\/\/www.middleeasteye.net\/fr\/actu-et-enquetes\/pegasus-cauchemar-numerique-dissidents-arabes-piratage-espionnage\" title=\"Cauchemar num\u00e9rique&nbsp;: ces dissidents arabes an\u00e9antis par le piratage de leur t\u00e9l\u00e9phone\">Cauchemar num\u00e9rique&nbsp;: ces dissidents arabes an\u00e9antis par le piratage de leur t\u00e9l\u00e9phone<\/a> (MEE)<\/p>\n\n\n\n<p><a href=\"https:\/\/www.middleeasteye.net\/fr\/actu-et-enquetes\/israel-palestine-2022-annee-la-plus-meurtriere-depuis-seconde-intifada\" title=\"2022, l\u2019ann\u00e9e la plus meurtri\u00e8re pour les Palestiniens de Cisjordanie depuis la seconde Intifada\">2022, l\u2019ann\u00e9e la plus meurtri\u00e8re pour les Palestiniens de Cisjordanie depuis la seconde Intifada<\/a> (MEE)<\/p>\n\n\n\n<p><mark style=\"background-color:rgba(0, 0, 0, 0);color:#f60404\" class=\"has-inline-color\"><strong>3 janvier<\/strong><\/mark><\/p>\n\n\n\n<p><a href=\"https:\/\/redirection.b2b.infopro-digital.com\/lnk\/AUoAAAf2v9IAAcXEm0wAAHnKuI0AAABZQUUAANzvAAwsSQBjtHKTNKPeaYO6SRWwybp9fGlz_wAMCy8\/3\/ujxfYCt-RPrziIAqn2q9ng\/aHR0cHM6Ly93d3cudXNpbmVub3V2ZWxsZS5jb20vYXJ0aWNsZS9sYS1kZWNydWUtZGVzLXByaXgtZHUtZ2F6LWVzdC1lbGxlLXVuZS10ZW5kYW5jZS1kZS1mb25kLW91LXVuLWVmZmV0LWNvbmpvbmN0dXJlbC5OMjA4MTk1NiN4dG9yPUVQUi0xNjkmZW1haWw9bi5jaGV2aWxsYXJkQG5vb3MuZnI#xtor=EPR-169&amp;email=n.chevillard@noos.fr\" target=\"_blank\" rel=\"noreferrer noopener\">La d\u00e9crue des prix du gaz peut-elle s\u2019installer dans le temps ?<\/a> (Usine Nouvelle)<\/p>\n\n\n\n<p><a href=\"https:\/\/www.connaissancedesenergies.org\/afp\/les-recettes-petrolieres-de-lirak-ont-depasse-les-115-milliards-de-dollars-en-2022-230103\">Les recettes p\u00e9troli\u00e8res de l&rsquo;Irak ont d\u00e9pass\u00e9 les 115 milliards $ en 2022<\/a> (AFP)<\/p>\n\n\n\n<p><a href=\"https:\/\/orientxxi.info\/magazine\/irak-syrie-turquie-la-banalisation-de-l-usage-des-armes-chimiques,6119\" target=\"_blank\" rel=\"noreferrer noopener\">Irak, Syrie, Turquie&#8230; La banalisation de l&rsquo;usage des armes chimiques<\/a>&nbsp;(Orient XXI)<\/p>\n\n\n\n<p><a href=\"https:\/\/orientxxi.info\/magazine\/egypte-les-divisions-s-approfondissent-chez-les-freres-musulmans,6092\" target=\"_blank\" rel=\"noreferrer noopener\">\u00c9gypte. Les divisions s&rsquo;approfondissent parmi les Fr\u00e8res musulmans<\/a> (Orient XXI)<\/p>\n\n\n\n<p class=\"has-text-color\" style=\"color:#f60202\"><strong>1er Janvier<\/strong><\/p>\n\n\n\n<p><a href=\"https:\/\/www.arabnews.fr\/node\/230716\/%C3%A9conomie\">L\u2019Arabie saoudite mise sur l\u2019IA pour d\u00e9velopper l\u2019expertise locale et bouleverser l&rsquo;\u00e9conomie<\/a> (Arabnews)<\/p>\n","protected":false},"excerpt":{"rendered":"<p>30 janvier J\u00e9rusalem : le temps du deuil et la crainte d\u2019un embrasement (Mediapart) Le secr\u00e9taire d&rsquo;\u00c9tat am\u00e9ricain au Proche-Orient en pleine flamb\u00e9e des violences(RFI) Netanyahou jure \u00ab\u00a0d&rsquo;armer des milliers et de s&rsquo;en prendre aux familles palestiniennes des attaquants\u00a0\u00bb(MEE) Isra\u00ebl: des journalistes lancent l&rsquo;alerte sur les projets du gouvernement (RFI via ASSAWRA) Incendies de maison, &#8230; <a title=\"Janvier &#8211; Proche &#038; Moyen-Orient\" class=\"read-more\" href=\"https:\/\/www.rdpemancipation.org\/?p=106643\" aria-label=\"En savoir plus sur Janvier &#8211; Proche &#038; Moyen-Orient\">Lire la suite<\/a><\/p>\n","protected":false},"author":1,"featured_media":0,"comment_status":"closed","ping_status":"closed","sticky":false,"template":"","format":"standard","meta":{"_lmt_disableupdate":"","_lmt_disable":"","_jetpack_memberships_contains_paid_content":false,"footnotes":""},"categories":[18],"tags":[],"class_list":["post-106643","post","type-post","status-publish","format-standard","hentry","category-proche-moyen-orient"],"modified_by":"mri","jetpack_featured_media_url":"","jetpack_sharing_enabled":true,"_links":{"self":[{"href":"https:\/\/www.rdpemancipation.org\/index.php?rest_route=\/wp\/v2\/posts\/106643","targetHints":{"allow":["GET"]}}],"collection":[{"href":"https:\/\/www.rdpemancipation.org\/index.php?rest_route=\/wp\/v2\/posts"}],"about":[{"href":"https:\/\/www.rdpemancipation.org\/index.php?rest_route=\/wp\/v2\/types\/post"}],"author":[{"embeddable":true,"href":"https:\/\/www.rdpemancipation.org\/index.php?rest_route=\/wp\/v2\/users\/1"}],"replies":[{"embeddable":true,"href":"https:\/\/www.rdpemancipation.org\/index.php?rest_route=%2Fwp%2Fv2%2Fcomments&post=106643"}],"version-history":[{"count":8,"href":"https:\/\/www.rdpemancipation.org\/index.php?rest_route=\/wp\/v2\/posts\/106643\/revisions"}],"predecessor-version":[{"id":108471,"href":"https:\/\/www.rdpemancipation.org\/index.php?rest_route=\/wp\/v2\/posts\/106643\/revisions\/108471"}],"wp:attachment":[{"href":"https:\/\/www.rdpemancipation.org\/index.php?rest_route=%2Fwp%2Fv2%2Fmedia&parent=106643"}],"wp:term":[{"taxonomy":"category","embeddable":true,"href":"https:\/\/www.rdpemancipation.org\/index.php?rest_route=%2Fwp%2Fv2%2Fcategories&post=106643"},{"taxonomy":"post_tag","embeddable":true,"href":"https:\/\/www.rdpemancipation.org\/index.php?rest_route=%2Fwp%2Fv2%2Ftags&post=106643"}],"curies":[{"name":"wp","href":"https:\/\/api.w.org\/{rel}","templated":true}]}}