{"id":106639,"date":"2023-01-01T11:41:34","date_gmt":"2023-01-01T10:41:34","guid":{"rendered":"https:\/\/www.rdpemancipation.org\/?p=106639"},"modified":"2023-01-29T11:26:13","modified_gmt":"2023-01-29T10:26:13","slug":"janvier-amerique-latine-caraibes-3","status":"publish","type":"post","link":"https:\/\/www.rdpemancipation.org\/?p=106639","title":{"rendered":"Janvier &#8211; Am\u00e9rique latine &#038; Cara\u00efbes"},"content":{"rendered":"\n<p class=\"has-text-color\" style=\"color:#f40707\"><strong>29 janvier<\/strong><\/p>\n\n\n\n<p><a href=\"https:\/\/alencontre.org\/ameriques\/amelat\/venezuela\/venezuela-huit-jours-qui-ont-secoue-lechiquier-politique.html\">Venezuela. Huit jours qui ont secou\u00e9 l\u2019\u00e9chiquier politique<\/a>\u00a0(A l\u2019encontre)<\/p>\n\n\n\n<p><a href=\"https:\/\/venezuelainfos.wordpress.com\/2023\/01\/26\/lancien-et-le-nouveau-comment-passe-et-present-dialoguent-dans-les-communes-populaires-au-venezuela\/\">L&rsquo;ancien et le nouveau.&nbsp; Comment-pass\u00e9 et pr\u00e9sent dialoguent dans les communes populaires au Venezuela<\/a> (Venezuela info)<\/p>\n\n\n\n<p><mark style=\"background-color:rgba(0, 0, 0, 0);color:#f60404\" class=\"has-inline-color\"><strong>14 janvier<\/strong><\/mark><a href=\"https:\/\/www.lemonde.fr\/international\/article\/2023\/01\/14\/bresil-une-enquete-pourrait-etre-ouverte-contre-jair-bolsonaro-apres-la-tentative-d-insurrection-de-l-extreme-droite-a-brasilia_6157821_3210.html\"><\/a><\/p>\n\n\n\n<p><a href=\"https:\/\/www.lemonde.fr\/international\/article\/2023\/01\/14\/bresil-une-enquete-pourrait-etre-ouverte-contre-jair-bolsonaro-apres-la-tentative-d-insurrection-de-l-extreme-droite-a-brasilia_6157821_3210.html\">Br\u00e9sil&nbsp;: Jair Bolsonaro d\u00e9sormais inclus dans l\u2019enqu\u00eate sur la&nbsp;tentative d\u2019insurrection de&nbsp;l\u2019extr\u00eame droite \u00e0&nbsp;Brasilia<\/a> (Le Monde)<\/p>\n\n\n\n<p><a href=\"https:\/\/www.equaltimes.org\/un-bresil-fracture-quelles\" target=\"_blank\" rel=\"noreferrer noopener\">Un Br\u00e9sil fractur\u00e9 : quelles cons\u00e9quences sur le mandat de Lula ?<\/a>&nbsp;(Equal Times)<\/p>\n\n\n\n<p><a href=\"http:\/\/clic.bastamag.net\/f\/a\/9ND5xs9U1O0zdi9ua6P0ew~~\/AACZIAA~\/RgRlo5TDP0RQaHR0cHM6Ly93d3cucG9saXRpcy5mci9hcnRpY2xlcy8yMDIzLzAxL2JyZXNpbC1sZS1sZWdzLXZlbmVuZXV4LWR1LWJvbHNvbmFyaXNtZS9XA3NwY0IKY7XDD8FjpLCt7lIUbi5jaGV2aWxsYXJkQG5vb3MuZnJYBAAAAAA~\" target=\"_blank\" rel=\"noreferrer noopener\">Br\u00e9sil : le legs v\u00e9n\u00e9neux du bolsonarisme<\/a> (Politis)<\/p>\n\n\n\n<p><a href=\"http:\/\/clic.bastamag.net\/f\/a\/pVy1OiC3mbbLlyYZ3yIIog~~\/AACZIAA~\/RgRlo5TDP0RqaHR0cHM6Ly93d3cubW90aGVyam9uZXMuY29tL3BvbGl0aWNzLzIwMjMvMDEvYnJhemlsLWp1c3QtaGFkLWl0cy1qYW51YXJ5LTYtaXQtd2FzbnQtaGFyZC10by1zZWUtaXQtY29taW5nL1cDc3BjQgpjtcMPwWOksK3uUhRuLmNoZXZpbGxhcmRAbm9vcy5mclgEAAAAAA~~\" target=\"_blank\" rel=\"noreferrer noopener\">Brazil Just Had Its January 6. It Wasn\u2019t Hard to See It Coming.<\/a> (Mother Jones)<\/p>\n\n\n\n<p><a href=\"http:\/\/clic.bastamag.net\/f\/a\/C_nFGIFoX4cKq6pT3B22xg~~\/AACZIAA~\/RgRlo5TDP0SEaHR0cHM6Ly93d3cuYmxhc3QtaW5mby5mci9lbWlzc2lvbnMvMjAyMy90ZW50YXRpdmUtZGUtY291cC1kZXRhdC1hdS1icmVzaWwtbGV4dHJlbWUtZHJvaXRlLXJhdmFnZS1sYS1jYXBpdGFsZS1BMU5VTzNyUVFQMmZXTFdqQjBTZjVnVwNzcGNCCmO1ww_BY6Swre5SFG4uY2hldmlsbGFyZEBub29zLmZyWAQAAAAA\" target=\"_blank\" rel=\"noreferrer noopener\">Tentative de coup d&rsquo;\u00e9tat au Br\u00e9sil : l&rsquo;extr\u00eame droite ravage la capitale<\/a> (Blast)<\/p>\n\n\n\n<p><a href=\"http:\/\/clic.bastamag.net\/f\/a\/eKPNDmv32mVcBgYIgPgeRw~~\/AACZIAA~\/RgRlo5TDP0SbaHR0cHM6Ly93d3cuaHVtYW5pdGUuZnIvbW9uZGUvYnJlc2lsL3RydW1waXN0ZXMtZXQtYm9sc29uYXJpc3Rlcy1kdS1jYXBpdG9sZS1sYS1wbGFjZS1kZXMtdHJvaXMtcG91dm9pcnMtbGEtZGlhZ29uYWxlLWRlLWwtZXh0cmVtZS1kcm9pdGUtNzc3NjMzI3h0b3I9UlNTLTFXA3NwY0IKY7XDD8FjpLCt7lIUbi5jaGV2aWxsYXJkQG5vb3MuZnJYBAAAAAA~\" target=\"_blank\" rel=\"noreferrer noopener\">Trumpistes et bolsonaristes : du Capitole \u00e0 la place des Trois-Pouvoirs, la diagonale de l\u2019extr\u00eame droite<\/a> (L\u2019Humanit\u00e9)<\/p>\n\n\n\n<p><a href=\"http:\/\/clic.bastamag.net\/f\/a\/Y17Y7s8SkZ0P74PnjMpfWQ~~\/AACZIAA~\/RgRlo5TDP0RwaHR0cHM6Ly93d3cuaHVtYW5pdGUuZnIvbW9uZGUvYnJlc2lsL2JyZXNpbC1sLWVjaGVjLWR1LXB1dHNjaC1uZS1zaWduZS1wYXMtbGEtZmluLWRlLWxhLW1lbmFjZS03Nzc2MTUjeHRvcj1SU1MtMVcDc3BjQgpjtcMPwWOksK3uUhRuLmNoZXZpbGxhcmRAbm9vcy5mclgEAAAAAA~~\" target=\"_blank\" rel=\"noreferrer noopener\">Br\u00e9sil. L\u2019\u00e9chec du putsch ne signe pas la fin de la menace<\/a> (L\u2019Humanit\u00e9)<\/p>\n\n\n\n<p class=\"has-text-color\" style=\"color:#f60202\"><\/p>\n","protected":false},"excerpt":{"rendered":"<p>29 janvier Venezuela. Huit jours qui ont secou\u00e9 l\u2019\u00e9chiquier politique\u00a0(A l\u2019encontre) L&rsquo;ancien et le nouveau.&nbsp; Comment-pass\u00e9 et pr\u00e9sent dialoguent dans les communes populaires au Venezuela (Venezuela info) 14 janvier Br\u00e9sil&nbsp;: Jair Bolsonaro d\u00e9sormais inclus dans l\u2019enqu\u00eate sur la&nbsp;tentative d\u2019insurrection de&nbsp;l\u2019extr\u00eame droite \u00e0&nbsp;Brasilia (Le Monde) Un Br\u00e9sil fractur\u00e9 : quelles cons\u00e9quences sur le mandat de Lula &#8230; <a title=\"Janvier &#8211; Am\u00e9rique latine &#038; Cara\u00efbes\" class=\"read-more\" href=\"https:\/\/www.rdpemancipation.org\/?p=106639\" aria-label=\"En savoir plus sur Janvier &#8211; Am\u00e9rique latine &#038; Cara\u00efbes\">Lire la suite<\/a><\/p>\n","protected":false},"author":1,"featured_media":0,"comment_status":"closed","ping_status":"closed","sticky":false,"template":"","format":"standard","meta":{"_lmt_disableupdate":"","_lmt_disable":"","_jetpack_memberships_contains_paid_content":false,"footnotes":""},"categories":[21],"tags":[],"class_list":["post-106639","post","type-post","status-publish","format-standard","hentry","category-amerique-latine-caraibes"],"modified_by":"rdpemancipation","jetpack_featured_media_url":"","jetpack_sharing_enabled":true,"_links":{"self":[{"href":"https:\/\/www.rdpemancipation.org\/index.php?rest_route=\/wp\/v2\/posts\/106639","targetHints":{"allow":["GET"]}}],"collection":[{"href":"https:\/\/www.rdpemancipation.org\/index.php?rest_route=\/wp\/v2\/posts"}],"about":[{"href":"https:\/\/www.rdpemancipation.org\/index.php?rest_route=\/wp\/v2\/types\/post"}],"author":[{"embeddable":true,"href":"https:\/\/www.rdpemancipation.org\/index.php?rest_route=\/wp\/v2\/users\/1"}],"replies":[{"embeddable":true,"href":"https:\/\/www.rdpemancipation.org\/index.php?rest_route=%2Fwp%2Fv2%2Fcomments&post=106639"}],"version-history":[{"count":4,"href":"https:\/\/www.rdpemancipation.org\/index.php?rest_route=\/wp\/v2\/posts\/106639\/revisions"}],"predecessor-version":[{"id":108424,"href":"https:\/\/www.rdpemancipation.org\/index.php?rest_route=\/wp\/v2\/posts\/106639\/revisions\/108424"}],"wp:attachment":[{"href":"https:\/\/www.rdpemancipation.org\/index.php?rest_route=%2Fwp%2Fv2%2Fmedia&parent=106639"}],"wp:term":[{"taxonomy":"category","embeddable":true,"href":"https:\/\/www.rdpemancipation.org\/index.php?rest_route=%2Fwp%2Fv2%2Fcategories&post=106639"},{"taxonomy":"post_tag","embeddable":true,"href":"https:\/\/www.rdpemancipation.org\/index.php?rest_route=%2Fwp%2Fv2%2Ftags&post=106639"}],"curies":[{"name":"wp","href":"https:\/\/api.w.org\/{rel}","templated":true}]}}