{"id":10596,"date":"2021-01-09T19:29:33","date_gmt":"2021-01-09T18:29:33","guid":{"rendered":"https:\/\/www.rdpemancipation.org\/?p=10596"},"modified":"2021-07-07T18:31:53","modified_gmt":"2021-07-07T16:31:53","slug":"dossier-la-commune","status":"publish","type":"post","link":"https:\/\/www.rdpemancipation.org\/?p=10596","title":{"rendered":"Dossier La Commune"},"content":{"rendered":"\n<h2 class=\"wp-block-heading\"><strong>Dossier La Commune<\/strong><\/h2>\n\n\n\n<figure class=\"wp-block-image is-resized is-style-default\"><img data-recalc-dims=\"1\" loading=\"lazy\" decoding=\"async\" src=\"https:\/\/i0.wp.com\/www.sous-les-paves.com\/wp-content\/uploads\/2020\/08\/vignette-la-commune.jpg?resize=454%2C363&#038;ssl=1\" alt=\"La Commune de Paris - visite de Montmartre au c\u0153ur de l'Histoire -  Sous-Les-Paves.com\" width=\"454\" height=\"363\"\/><\/figure>\n\n\n\n<p><span class=\"has-inline-color has-vivid-red-color\">N\u2019h\u00e9sitez pas \u00e0 recommander d\u2019autres sources au<\/span>&nbsp;<a href=\"https:\/\/www.rdpemancipation.org\/rdpemancipation@protonmail.com\">Collectif<\/a><\/p>\n\n\n\n<p><span class=\"has-inline-color has-vivid-cyan-blue-color\"><strong>Sommaire:<\/strong><\/span><\/p>\n\n\n\n<ul class=\"wp-block-list\"><li><span class=\"has-inline-color has-vivid-cyan-blue-color\"><strong>Articles et ouvrages<\/strong><\/span><\/li><\/ul>\n\n\n\n<ul class=\"wp-block-list\"><li><span class=\"has-inline-color has-vivid-cyan-blue-color\"><strong>Audiovisuel<\/strong><\/span><\/li><\/ul>\n\n\n\n<ul class=\"wp-block-list\"><li><span class=\"has-inline-color has-vivid-cyan-blue-color\"><strong>C\u00e9l\u00e9brations ant\u00e9rieures<\/strong><\/span><\/li><\/ul>\n\n\n\n<p><\/p>\n\n\n\n<p><span class=\"has-inline-color has-vivid-red-color\"><strong>Articles et ouvrages<\/strong><\/span><\/p>\n\n\n\n<figure class=\"wp-block-image is-resized is-style-default\"><img data-recalc-dims=\"1\" loading=\"lazy\" decoding=\"async\" src=\"https:\/\/i0.wp.com\/mamot.fr\/system\/media_attachments\/files\/106\/324\/240\/450\/881\/314\/original\/9892cbfa3d4c7cee.jpg?resize=518%2C690&#038;ssl=1\" alt=\"\" width=\"518\" height=\"690\"\/><\/figure>\n\n\n\n<p><strong><a href=\"\">Les Reclusiennes 2021<\/a>(Communardes Communards)<\/strong><\/p>\n\n\n\n<p><a href=\"https:\/\/faisonsvivrelacommune.org\/\">Un week-end tr\u00e8s Saison Communarde<\/a> (Faisons vivre la commune)<\/p>\n\n\n\n<p><a href=\"https:\/\/www.revolutionpermanente.fr\/Van-Gogh-Commune-et-drapeaux-rouges\">Van Gogh, Commune et drapeaux rouges<\/a> (R\u00e9volution permanente)<\/p>\n\n\n\n<p><a href=\"https:\/\/macommunedeparis.com\/category\/il-y-a-cent-cinquante-ans\/\">les femmes, c\u2019est encore leur faire subir une violence<\/a> (le blog de mich\u00e8le audin)<\/p>\n\n\n\n<figure class=\"wp-block-image is-resized\"><img data-recalc-dims=\"1\" loading=\"lazy\" decoding=\"async\" src=\"https:\/\/macommunedeparis.files.wordpress.com\/2020\/12\/federeesgrandesecuries.png?w=816&#038;h=9999&#038;fit=816%2C9999&#038;resize=500%2C306\" alt=\"\" width=\"500\" height=\"306\" title=\"Omettre les femmes, c\u2019est encore leur faire subir une\u00a0violence\"\/><figcaption>Grandes Ecuries Versailles. Les F\u00e9d\u00e9r\u00e9es.(Courbet).                                                                                          <\/figcaption><\/figure>\n\n\n\n<p>Regards <a href=\"https:\/\/faisonsvivrelacommune.org\/evenement\/regards-croises-sur-la-commune-a-la-fleche-dor\/\">crois\u00e9s sur la Commune \u00e0 La Fl\u00e8che d\u2019Or5 juin \u2013 14:00 &#8211; 19:00<\/a> (Faisons vivre la Commune)<\/p>\n\n\n\n<figure class=\"wp-block-image is-resized\"><img data-recalc-dims=\"1\" loading=\"lazy\" decoding=\"async\" src=\"https:\/\/i0.wp.com\/faisonsvivrelacommune.org\/wp-content\/uploads\/2021\/05\/regards_croises-event-web.jpg?resize=517%2C270&#038;ssl=1\" alt=\"\" width=\"517\" height=\"270\"\/><\/figure>\n\n\n\n<p><a href=\"https:\/\/reporterre.net\/La-Commune-de-Paris-fut-la-matrice-d-une-ecologie-revolutionnaire\">La Commune de Paris fut la matrice d\u2019une \u00e9cologie r\u00e9volutionnaire<\/a> (Reporterre)<\/p>\n\n\n\n<p><a href=\"https:\/\/macommunedeparis.com\/category\/il-y-a-cent-cinquante-ans\/\">1er juin 1871, Edmond Trappler, 17 ans, vengeur de Flourens, et les siens<\/a> (le blog de mich\u00e8le audin)<\/p>\n\n\n\n<figure class=\"wp-block-image is-resized\"><img data-recalc-dims=\"1\" loading=\"lazy\" decoding=\"async\" src=\"https:\/\/macommunedeparis.files.wordpress.com\/2021\/06\/image_braquehais_auguste_bruno_la_commune_de_paris_1871._groupe_devant_les_debris_de_la_colonne_vendome_ab_476198.jpg?w=440&#038;resize=279%2C416\" alt=\"\" width=\"279\" height=\"416\"\/><figcaption>D\u00e9tail d&rsquo;une photographie de Bruno Braquehais (mus\u00e9e Carnavalet)                                                                                                                                                     <\/figcaption><\/figure>\n\n\n\n<p><a href=\"https:\/\/www.commune1871.org\/component\/icagenda\/121-150-ans-de-la-commune-a-noisy-le-sec?Itemid=101\">150 ans de la Commune \u00e0 Noisy-le-Sec<\/a><br>(les Amies et Amis de la Commune)<\/p>\n\n\n\n<p><a href=\"https:\/\/macommunedeparis.com\/category\/il-y-a-cent-cinquante-ans\/\">Il y a cent cinquante ans31 mai 1871, encore des nouvelles des cimeti\u00e8res, Goncourt se prom\u00e8ne<\/a> (le blog de michele audin)<\/p>\n\n\n\n<figure class=\"wp-block-image is-resized\"><img data-recalc-dims=\"1\" loading=\"lazy\" decoding=\"async\" src=\"https:\/\/macommunedeparis.files.wordpress.com\/2020\/12\/bastille28mai.png?w=816&#038;resize=490%2C352\" alt=\"\" width=\"490\" height=\"352\"\/><\/figure>\n\n\n\n<p><a href=\"https:\/\/macommunedeparis.com\/2021\/05\/30\/30-mai-1871-la-route-de-paris-a-versailles\/\">30 mai 1871, la route de Paris \u00e0 Versailles<\/a> ( le blog de michele audin)<\/p>\n\n\n\n<p><a href=\"https:\/\/macommunedeparis.com\/category\/il-y-a-cent-cinquante-ans\/\">29 mai 1871, aujourd\u2019hui les pompes fun\u00e8bres apportent huit cent douze cadavres d\u2019inconnus aux cimeti\u00e8res<\/a> (le blog de michele audin)<\/p>\n\n\n\n<p><a href=\"https:\/\/macommunedeparis.com\/2021\/05\/28\/28-mai-1871-a-une-heure-tout-etait-fini\/\">28 mai 1871, \u00e0 une heure tout \u00e9tait fini<\/a> (le blog de michele audin)<\/p>\n\n\n\n<figure class=\"wp-block-image is-resized\"><img data-recalc-dims=\"1\" loading=\"lazy\" decoding=\"async\" src=\"https:\/\/macommunedeparis.files.wordpress.com\/2020\/12\/dernierebarricade.png?w=809&#038;resize=489%2C363\" alt=\"\" width=\"489\" height=\"363\"\/><\/figure>\n\n\n\n<p><a href=\"https:\/\/www.commune1871.org\/la-commune-de-paris\/histoire-de-la-commune\/commune-1871-ephemeride\">Commune 1871 : \u00e9ph\u00e9m\u00e9ride 30 mai \u2013 Pamiers, fin mai 1871 : La Commune soul\u00e8ve la ville<\/a> (Les Amies et Amis de la Commune)<\/p>\n\n\n\n<p><a href=\"https:\/\/www.commune1871.org\/la-commune-de-paris\/histoire-de-la-commune\/commune-1871-ephemeride\">Commune 1871 : \u00e9ph\u00e9m\u00e9ride 29 mai &#8211; La reddition du fort de Vincennes<\/a> (les Amies et Amis de la Commune)<\/p>\n\n\n\n<p><a href=\"https:\/\/www.commune1871.org\/la-commune-de-paris\/histoire-de-la-commune\/commune-1871-ephemeride\">Commune 1871 : \u00e9ph\u00e9m\u00e9ride 28 mai &#8211; Brest : Les 11 pontons<\/a> (Les Amies et Amies de la Commune)<\/p>\n\n\n\n<p><a href=\"http:\/\/www.atheneelibertaire.net\/index.php\/icalrepeat.detail\/2021\/05\/28\/336\/-\/saluons-les-150-ans-de-la-commune\">\u00ab Saluons les cent cinquante ans de la Commune \u00e0 Bordeaux \u00ab\u00a0<\/a> ( les Amies et Amis de la Commune, le collectif libertaire)<\/p>\n\n\n\n<p><a href=\"https:\/\/macommunedeparis.com\/2021\/05\/26\/sacree-chorale-la-semaine-sanglante-au-sacre-coeur\/\" rel=\"ugc\">Sacr\u00e9e chorale! la Semaine sanglante au Sacr\u00e9-C\u0153ur<\/a> (le blog de mich\u00e8le audin)<\/p>\n\n\n\n<p><a href=\"https:\/\/www.commune1871.org\/la-commune-de-paris\/histoire-de-la-commune\/commune-1871-ephemeride\">Erreurs sur le Mur des F\u00e9d\u00e9r\u00e9s<\/a> (les Amies et Amis de la commune)<\/p>\n\n\n\n<figure class=\"wp-block-image is-resized\"><img data-recalc-dims=\"1\" loading=\"lazy\" decoding=\"async\" src=\"https:\/\/i0.wp.com\/www.commune1871.org\/images\/PhotothequeAmis\/jpg\/Faux%20Mur%20des%20Federes%20ephemeride.jpg?resize=462%2C347&#038;ssl=1\" alt=\"Le &quot;faux&quot; mur des F\u00e9d\u00e9r\u00e9s de Paul Moreau-Vauthier, rue Gambetta, \u00e0 l'ext\u00e9rieur du cimeti\u00e8re du P\u00e8re Lachaise \" width=\"462\" height=\"347\" title=\"Le &quot;faux&quot; mur des F\u00e9d\u00e9r\u00e9s de Paul Moreau-Vauthier, rue Gambetta, \u00e0 l'ext\u00e9rieur du cimeti\u00e8re du P\u00e8re Lachaise \"\/><\/figure>\n\n\n\n<p><a href=\"https:\/\/www.commune1871.org\/la-commune-de-paris\/histoire-de-la-commune\/commune-1871-ephemeride\">Commune 1871 : \u00e9ph\u00e9m\u00e9ride 26 mai \u2013 La chute du faubourg Saint-Antoine &#8211; Les otages de la rue Haxo <\/a>( LesAmies et amis de la Commune)<\/p>\n\n\n\n<p><a href=\"https:\/\/www.commune1871.org\/la-commune-de-paris\/histoire-de-la-commune\/commune-1871-ephemeride\">Commune 1871 : \u00e9ph\u00e9m\u00e9ride 26 mai \u2013 La chute du faubourg Saint-Antoine &#8211; Les otages de la rue Haxo <\/a>( Les Amies et Amis de la Commune)<\/p>\n\n\n\n<p><a href=\"https:\/\/journals.openedition.org\/chrhc\/15521\">La Commune est vivante !<\/a> (cahiers d\u2019histoire)<\/p>\n\n\n\n<p><a href=\"https:\/\/faisonsvivrelacommune.org\/evenement\/la-commune-paris-1871-liege-1886\/\">La Commune. Paris 1871. Li\u00e8ge 18861 mai \u2013 10:00 &#8211; 26 juillet \u2013 17:00<\/a> (Faisons vivre la Commune)<\/p>\n\n\n\n<p><a href=\"https:\/\/www.commune1871.org\/nos-actualites\/actualites\/1205-1871-2021-elle-est-vivante-vive-la-commune\">Faisons du 29 mai 2021, une grande journ\u00e9e populaire pour c\u00e9l\u00e9brer la Commune de Paris 1871<\/a> (Les Amies et Amis de la Commune)<\/p>\n\n\n\n<p><a href=\"https:\/\/www.commune1871.org\/la-commune-de-paris\/histoire-de-la-commune\/commune-1871-ephemeride\/1268-commune-1871-ephemeride-25-mai-la-mort-de-delescluze-un-nouveau-baudin\">Commune 1871 : \u00e9ph\u00e9m\u00e9ride 25 mai &#8211; La mort de Delescluze : \u00ab un nouveau Baudin \u00bb<\/a> (Les Amies et Amis de la commune de Paris)<\/p>\n\n\n\n<p><a href=\"https:\/\/macommunedeparis.com\/2021\/05\/25\/25-mai-1871-des-milliers-de-morts-et-un-mariage\/\">25 mai 1871, des milliers de morts et un mariage<\/a> (le blog de mich\u00e8le audin)<br><\/p>\n\n\n\n<p><a href=\"https:\/\/macommunedeparis.com\/2021\/05\/24\/24-mai-1871-on-tire-aussi-sur-les-ambulances-on-y-massacre-meme\/\">24 mai 1871, on tire aussi sur les ambulances \u2013 on y massacre, m\u00eame\u2026<\/a> (le blog de mich\u00e8le audin)<\/p>\n\n\n\n<p><a href=\"https:\/\/www.commune1871.org\/la-commune-de-paris\/histoire-de-la-commune\/commune-1871-ephemeride\/1267-commune-1871-ephemeride-24-mai-relations-de-l-eglise-et-de-la-commune-de-paris-darboy\">Commune 1871 : \u00e9ph\u00e9m\u00e9ride 24 mai &#8211; Relations de l&rsquo;\u00c9glise et de la Commune de Paris &#8211; Darboy<\/a> (Les Amies et Amis de la Commune)<\/p>\n\n\n\n<p><a href=\"https:\/\/www.commune1871.org\/la-commune-de-paris\/histoire-de-la-commune\/commune-1871-ephemeride\">Commune 1871 : \u00e9ph\u00e9m\u00e9ride 23 mai \u2013 La barricade des femmes de la place Blanche &#8211; La mort de Dombrowski &#8211; Incendie du Palais des Tuileries<\/a> (les Amies et Amis de la Commune)<\/p>\n\n\n\n<figure class=\"wp-block-image is-resized\"><img data-recalc-dims=\"1\" loading=\"lazy\" decoding=\"async\" src=\"https:\/\/i0.wp.com\/www.commune1871.org\/images\/PhotothequeAmis\/jpg\/barricade_de_la_place_blanche_defendue_par_des_femmes.jpg?resize=613%2C456&#038;ssl=1\" alt=\"La barricade de la place blanche d\u00e9fendue par des femmes - Lithographie (CC0 Paris Mus\u00e9es \/ Mus\u00e9e Carnavalet - Histoire de Paris)\" width=\"613\" height=\"456\" title=\"La barricade de la place blanche d\u00e9fendue par des femmes - Lithographie (CC0 Paris Mus\u00e9es \/ Mus\u00e9e Carnavalet - Histoire de Paris)\"\/><\/figure>\n\n\n\n<p><a href=\"https:\/\/macommunedeparis.com\/category\/il-y-a-cent-cinquante-ans\/\">23 mai 1871, au bout de quelques instants, Dombrowski est mort<\/a> (le blog de mich\u00e8le audin)<\/p>\n\n\n\n<p><a href=\"https:\/\/macommunedeparis.com\/2021\/05\/22\/la-semaine-sanglante-en-video-josee-meunier-sur-france-culture-et-les-deux-a-la-grande-librairie\/\">La semaine sanglante en vid\u00e9o, Jos\u00e9e Meunier sur France-Culture, et les deux \u00e0 La Grande Librairie<\/a> (le blog de mich\u00e8le audin)<\/p>\n\n\n\n<p>21<a href=\"https:\/\/macommunedeparis.com\/2021\/05\/21\/21-mai-1871-m-thiers-avait-promis-dentrer-hier-dans-paris\/\">mai 1871, M. Thiers avait promis d\u2019entrer hier dans Paris<\/a> (le blog de mich\u00e8le audin)<\/p>\n\n\n\n<figure class=\"wp-block-image is-resized\"><img data-recalc-dims=\"1\" loading=\"lazy\" decoding=\"async\" src=\"https:\/\/macommunedeparis.files.wordpress.com\/2020\/12\/entreedestroupes.png?w=816&#038;resize=533%2C393\" alt=\"\" width=\"533\" height=\"393\"\/><\/figure>\n\n\n\n<p><a href=\"https:\/\/www.commune1871.org\/la-commune-de-paris\/histoire-de-la-commune\/commune-1871-ephemeride\">Commune 1871 : \u00e9ph\u00e9m\u00e9ride 22 mai \u2013 Les enfants combattants de la Commune<\/a> (Les Amies et Amis de la Commune)<\/p>\n\n\n\n<figure class=\"wp-block-image\"><img data-recalc-dims=\"1\" decoding=\"async\" src=\"https:\/\/i0.wp.com\/www.commune1871.org\/images\/PhotothequeAmis\/jpg\/anonyme_enfants%20construction%20barricade_a_lentree_du_faubourg_du_temple_sur_le_canal_st-martin_18_mars_1871carnavalet_d%C3%A9tail_petit.jpg?w=1200&#038;ssl=1\" alt=\"\"\/><\/figure>\n\n\n\n<p><a href=\"https:\/\/www.commune1871.org\/la-commune-de-paris\/histoire-de-la-commune\/commune-1871-ephemeride\">Commune 1871 : \u00e9ph\u00e9m\u00e9ride 21 mai &#8211; Avant l\u2019offensive finale &#8211; Le retour de la minorit\u00e9<\/a> (les Amies et Amis de la Commune)<\/p>\n\n\n\n<p><a href=\"https:\/\/www.humanite.fr\/portraits-de-communards-jules-valles-journaliste-revolutionnaire-et-fondateur-du-cri-du-peuple\">Portraits de communards. Jules Vall\u00e8s, journaliste r\u00e9volutionnaire et fondateur du \u00ab Cri du peuple \u00bb<\/a> (L\u2019Humanit\u00e9)<\/p>\n\n\n\n<figure class=\"wp-block-image is-resized\"><img data-recalc-dims=\"1\" loading=\"lazy\" decoding=\"async\" src=\"https:\/\/i0.wp.com\/www.humanite.fr\/sites\/default\/files\/styles\/wysiwyg_libre\/public\/images\/85728.HR.jpg?resize=364%2C515&#038;ssl=1\" alt=\"Jules Vall\u00e8s (1832-1885). \u00a9 Dugudus\" width=\"364\" height=\"515\"\/><\/figure>\n\n\n\n<p><a href=\"https:\/\/macommunedeparis.com\/category\/il-y-a-cent-cinquante-ans\/\">20 mai 1871, une r\u00e9union \u00e0 la Corderie, et une cerise sur le g\u00e2teau communard<\/a> ( le blog de mich\u00e8le audin)<br><a href=\"https:\/\/www.commune1871.org\/la-commune-de-paris\/histoire-de-la-commune\/commune-1871-ephemeride\/1263-commune-1871-ephemeride-20-mai-bruno-braquehais-photographe-de-la-commune\">  <\/a><\/p>\n\n\n\n<figure class=\"wp-block-image is-resized\"><img data-recalc-dims=\"1\" loading=\"lazy\" decoding=\"async\" src=\"https:\/\/macommunedeparis.files.wordpress.com\/2021\/05\/prisedunebarricade.png?w=816&#038;resize=468%2C378\" alt=\"\" width=\"468\" height=\"378\"\/><figcaption>Prise d&rsquo;une barricade, estampe d&rsquo;apr\u00e8s un dessin de Daniel  Vierge                                                                                            <\/figcaption><\/figure>\n\n\n\n<p><a href=\"https:\/\/www.commune1871.org\/la-commune-de-paris\/histoire-de-la-commune\/commune-1871-ephemeride\/1263-commune-1871-ephemeride-20-mai-bruno-braquehais-photographe-de-la-commune\">\u00e9ph\u00e9m\u00e9ride 20 mai &#8211; Bruno Braquehais, photographe de la Commune<\/a>  (Les Amies et Amis de la commune<\/p>\n\n\n\n<p><a href=\"https:\/\/www.commune1871.org\/la-commune-de-paris\/histoire-de-la-commune\/commune-1871-ephemeride\">Commune 1871 : \u00e9ph\u00e9m\u00e9ride 19 mai &#8211; L&rsquo;attitude de la Commune vis-\u00e0-vis du th\u00e9\u00e2tre<\/a> (les Amies et Amis de la  Commune)<\/p>\n\n\n\n<p> <\/p>\n\n\n\n<figure class=\"wp-block-image is-resized\"><img data-recalc-dims=\"1\" loading=\"lazy\" decoding=\"async\" src=\"https:\/\/i0.wp.com\/www.commune1871.org\/images\/PhotothequeAmis\/jpg\/Europe%2019%20mai%20theatre%20sous%20la%20commune_page-0002.jpg?resize=409%2C561&#038;ssl=1\" alt=\"Affiche du concert du 6 mai (reproduite page 520) - La Commune de Paris 1871\u00a0ouvrage coordonn\u00e9 par Michel Cordillot, chapitre La Commune et les arts par Jean-Louis Robert (P 517-521)\" width=\"409\" height=\"561\" title=\"Affiche du concert du 6 mai (reproduite page 520) - La Commune de Paris 1871\u00a0ouvrage coordonn\u00e9 par Michel Cordillot, chapitre La Commune et les arts par Jean-Louis Robert (P 517-521)\"\/><\/figure>\n\n\n\n<p>19 <a href=\"https:\/\/macommunedeparis.com\/2021\/05\/19\/19-mai-1871-avec-le-colonel-monteret-a-la-porte-maillot\/\">mai 1871, avec le colonel Monteret \u00e0 la porte Maillot<\/a> (le blog de mich\u00e8le audin)<\/p>\n\n\n\n<figure class=\"wp-block-image is-resized\"><img data-recalc-dims=\"1\" loading=\"lazy\" decoding=\"async\" src=\"https:\/\/macommunedeparis.files.wordpress.com\/2021\/05\/portemaillot.png?w=816&#038;resize=501%2C256\" alt=\"\" width=\"501\" height=\"256\"\/><\/figure>\n\n\n\n<p><a href=\"https:\/\/www.commune1871.org\/component\/icagenda\/115-arenes-de-montmartre-theatre-le-rendez-vous-du-18-mars?Itemid=101&amp;date=2021-05-20-18-00\">Ar\u00e8nes de Montmartre &#8211; Th\u00e9\u00e2tre : \u00ab\u00a0Le rendez-vous du 18 mars\u00a0\u00bb<\/a> (Amies et Amis de la Commune)<\/p>\n\n\n\n<p><a href=\"http:\/\/acer-aver.com\/1955-2\">Les rendez-vous m\u00e9moriels Commune de Paris du mois de mai 2021<\/a> (acer-aver)<\/p>\n\n\n\n<p><a href=\"https:\/\/www.nouslacommune.fr\/\">Nous la Commune, d\u00e9couvrir le livre, le projet, l&rsquo;exposition, les actualit\u00e9s<\/a> (nous la commune)<\/p>\n\n\n\n<figure class=\"wp-block-image is-resized\"><img data-recalc-dims=\"1\" loading=\"lazy\" decoding=\"async\" src=\"https:\/\/i0.wp.com\/www.nouslacommune.fr\/wp-content\/themes\/nouslacommune\/assets\/img\/livre.png?resize=309%2C466&#038;ssl=1\" alt=\"\" width=\"309\" height=\"466\"\/><\/figure>\n\n\n\n<p>18 <a href=\"https:\/\/macommunedeparis.com\/2021\/05\/18\/18-mai-1871-un-enterrement-une-explosion-un-viol-et-une-statue\/\">mai 1871, un enterrement, une explosion, un viol et une statue<\/a> (le blog de mich\u00e8le audin)<\/p>\n\n\n\n<figure class=\"wp-block-image\"><img data-recalc-dims=\"1\" decoding=\"async\" src=\"https:\/\/macommunedeparis.files.wordpress.com\/2020\/12\/auxgrandesvilles.png?w=1200\" alt=\"\"\/><\/figure>\n\n\n\n<p><a href=\"https:\/\/www.google.com\/search?client=firefox-b-d&amp;q=%C3%A9ph%C3%A9m%C3%A9ride+les+Amies+et+Amis+de+la+Commune\">Commune 1871 : \u00e9ph\u00e9m\u00e9ride 18 mai &#8211; La Commune et la justice. Eug\u00e8ne Protot<\/a> (Les Amies et Amis de la Commune)<\/p>\n\n\n\n<figure class=\"wp-block-image is-resized\"><img data-recalc-dims=\"1\" loading=\"lazy\" decoding=\"async\" src=\"https:\/\/i0.wp.com\/www.commune1871.org\/images\/PhotothequeAmis\/jpg\/Protot%20la%20justice.jpg?resize=293%2C464&#038;ssl=1\" alt=\"Eug\u00e8ne Protot (1839-1921) - Photographie E. Appert\" width=\"293\" height=\"464\" title=\"Eug\u00e8ne Protot (1839-1921) - Photographie E. Appert\"\/><\/figure>\n\n\n\n<p><a href=\"https:\/\/www.rtbf.be\/info\/dossier\/les-grenades\/detail_la-commune-de-paris-a-150-ans-qui-sont-les-communardes?id=10761806\"> Commune de Paris a 150 ans : qui sont les communardes ? (exposition \u00e0 Li\u00e8ge)<\/a> (rtbf les grenades)<\/p>\n\n\n\n<p><a href=\"https:\/\/www.google.com\/search?client=firefox-b-d&amp;q=%C3%A9ph%C3%A9m%C3%A9ride+les+Amies+et+Amis+de+la+Commune\">Commune 1871 : \u00e9ph\u00e9m\u00e9ride 17 mai &#8211; Les barricades &#8211; Napol\u00e9on Gaillard<\/a> (les Amies et amis de la Commune)<\/p>\n\n\n\n<p><a href=\"https:\/\/macommunedeparis.com\/2021\/05\/17\/17-mai-1871-le-journal-officiel-publie-la-suite-de-larticle-sur-les-creches\/\">17 mai le journal officiel publie la suite de l&rsquo;article sur les cr\u00e8ches<\/a> (le blog de mich\u00e8le audin)<\/p>\n\n\n\n<figure class=\"wp-block-image is-resized\"><img data-recalc-dims=\"1\" loading=\"lazy\" decoding=\"async\" src=\"https:\/\/macommunedeparis.files.wordpress.com\/2020\/12\/crechelaqueueenbrie.png?w=816&#038;resize=388%2C250\" alt=\"\" width=\"388\" height=\"250\"\/><\/figure>\n\n\n\n<p><a href=\"https:\/\/www.commune1871.org\/la-commune-de-paris\/histoire-de-la-commune\/commune-1871-ephemeride\">Commune 1871 : \u00e9ph\u00e9m\u00e9ride 16 mai &#8211; La Colonne Vend\u00f4me, symbole du militarisme imp\u00e9rial<\/a> (Les Amies et Amis de la Commune)<br><br><a href=\"https:\/\/macommunedeparis.com\/2021\/05\/16\/16-mai-1871-saint-honore-napoleon-premier-s-abime-dans-le-fumier\/\">16 mai 1871, Saint-Honor\u00e9, Napol\u00e9on premier s\u2019ab\u00eeme dans le fumier<\/a> (le blog de mich\u00e8le audin)<\/p>\n\n\n\n<figure class=\"wp-block-image is-resized\"><img data-recalc-dims=\"1\" loading=\"lazy\" decoding=\"async\" src=\"https:\/\/macommunedeparis.files.wordpress.com\/2020\/11\/colonnevaendome.png?w=816&#038;resize=415%2C424\" alt=\"\" width=\"415\" height=\"424\"\/><\/figure>\n\n\n\n<p><a href=\"https:\/\/macommunedeparis.com\/2021\/05\/15\/15-mai-1871-que-se-passe-t-il-dans-le-onzieme-arrondissement\/\">15 mai 1871, que se passe-t-il dans le onzi\u00e8me arrondissement?<\/a> (le blog de mich\u00e8le audin)<\/p>\n\n\n\n<p><a href=\"https:\/\/www.commune1871.org\/la-commune-de-paris\/histoire-de-la-commune\/commune-1871-ephemeride\">Commune 1871 : \u00e9ph\u00e9m\u00e9ride 15 mai &#8211; Appel aux grandes villes &#8211; Congr\u00e8s \u00ab priv\u00e9 \u00bb des \u00e9lus de la vall\u00e9e du Rh\u00f4ne &#8211; Paschal Grousset<\/a> (Les Amies et Amis de la Commune)<\/p>\n\n\n\n<figure class=\"wp-block-image is-resized\"><img data-recalc-dims=\"1\" loading=\"lazy\" decoding=\"async\" src=\"https:\/\/i0.wp.com\/www.commune1871.org\/images\/PhotothequeAmis\/jpg\/323_15_mai_aux_grandes_villes.jpg?resize=349%2C545&#038;ssl=1\" alt=\"Affiche de la Commune N\u00b0 323 du 15 mai 1871 - Appel aux grandes villes\" width=\"349\" height=\"545\" title=\"Affiche de la Commune N\u00b0 323 du 15 mai 1871 - Appel aux grandes villes\"\/><\/figure>\n\n\n\n<p><a href=\"https:\/\/lanticapitaliste.org\/evenement\/paris-ballade-sur-les-traces-de-la-commune\">Paris &#8211; Balade sur les traces de la Commune Dimanche 16 mai 2021 &#8211; 14h00<\/a> (L\u2019Anticapitaliste)<\/p>\n\n\n\n<figure class=\"wp-block-image is-resized\"><img data-recalc-dims=\"1\" loading=\"lazy\" decoding=\"async\" src=\"https:\/\/i0.wp.com\/lanticapitaliste.org\/sites\/default\/files\/181810096_116627810536089_1068341760560959901_n.jpg?resize=409%2C595&#038;ssl=1\" alt=\"\" width=\"409\" height=\"595\"\/><\/figure>\n\n\n\n<p><a href=\"https:\/\/faisonsvivrelacommune.org\/wp-content\/uploads\/2020\/12\/Actualites-de-la-Commune-7-hiver-2020.pdf?x86170\">La Commune de Paris est vivante (Actualit\u00e9s de la Commune num\u00e9ro 7)<\/a> (Faisons vivre la commune)<\/p>\n\n\n\n<p><a href=\"https:\/\/macommunedeparis.com\/2021\/05\/14\/14-mai-1871-alix-victorine-maria-et-les-creches\/\">14 mai 1871, Alix, Victorine, Maria et les cr\u00e8ches<\/a> (le blog de mich\u00e8le audin)<\/p>\n\n\n\n<figure class=\"wp-block-image is-resized\"><img data-recalc-dims=\"1\" loading=\"lazy\" decoding=\"async\" src=\"https:\/\/macommunedeparis.files.wordpress.com\/2021\/04\/image_vierge_daniel_femme_a_lhotel_de_ville_2eme_jour_de_la_commune_1871_d.5793_457711.jpg?w=816&#038;resize=302%2C456\" alt=\"\" width=\"302\" height=\"456\"\/><\/figure>\n\n\n\n<p><a href=\"https:\/\/www.commune1871.org\/la-commune-de-paris\/histoire-de-la-commune\/commune-1871-ephemeride\">Commune 1871 : \u00e9ph\u00e9m\u00e9ride 14 mai &#8211; Th\u00e9ophile Ferr\u00e9 \u00e0 la S\u00fbret\u00e9 G\u00e9n\u00e9rale &#8211; La Police et la Commune<\/a> (Les Amies et Amis de la Commune)<\/p>\n\n\n\n<figure class=\"wp-block-image is-resized\"><img data-recalc-dims=\"1\" loading=\"lazy\" decoding=\"async\" src=\"https:\/\/i0.wp.com\/www.commune1871.org\/images\/PhotothequeAmis\/jpg\/lettre%20de%20Ferre%20a%20sa%20soeur.jpg?resize=345%2C544&#038;ssl=1\" alt=\"Lettre de Ferr\u00e9 \u00e0 sa s\u0153ur, le matin de son ex\u00e9cution le 28 novembre 1871  - Maison d'arr\u00eat cellulaire de Versailles (Mus\u00e9e Carnavalet - Histoire de Paris)\" width=\"345\" height=\"544\" title=\"Lettre de Ferr\u00e9 \u00e0 sa s\u0153ur, le matin de son ex\u00e9cution le 28 novembre 1871  - Maison d'arr\u00eat cellulaire de Versailles (Mus\u00e9e Carnavalet - Histoire de Paris)\"\/><\/figure>\n\n\n\n<p><a href=\"https:\/\/faisonsvivrelacommune.org\/celebrons-la-commune-a-montreuil-les-29-et-30-mai\/\">C\u00e9l\u00e9brons la Commune \u00e0 Montreuil les 29 et 30 mai<\/a> (Faisons vivre la Commune)<\/p>\n\n\n\n<p><a href=\"https:\/\/faisonsvivrelacommune.org\/exposition-de-la-bnf-sur-la-commune-a-travers-la-presse-depoque\/\">Exposition de RetroNews BNF sur la Commune \u00e0 travers la presse d\u2019\u00e9poque en acc\u00e8s public<\/a> (Faisons vivre la Commune)<\/p>\n\n\n\n<p><a href=\"https:\/\/macommunedeparis.com\/2021\/05\/13\/13-mai-1871-lettres-a-et-de-karl-marx\/\">13 mai 1871, lettres \u00e0 \u2013 et de \u2013 Karl Marx<\/a> (le blog de mich\u00e8le audin)<\/p>\n\n\n\n<figure class=\"wp-block-image is-resized\"><img data-recalc-dims=\"1\" loading=\"lazy\" decoding=\"async\" src=\"https:\/\/macommunedeparis.files.wordpress.com\/2020\/12\/letrrefrankelmarx.png?w=816&#038;resize=547%2C228\" alt=\"\" width=\"547\" height=\"228\"\/><\/figure>\n\n\n\n<p><a href=\"https:\/\/www.commune1871.org\/la-commune-de-paris\/histoire-de-la-commune\/commune-1871-ephemeride\">Commune 1871 : \u00e9ph\u00e9m\u00e9ride 13 mai &#8211; R\u00e9vision des march\u00e9s publics<\/a> (les Amies et Amis de la Commune)<\/p>\n\n\n\n<figure class=\"wp-block-image is-resized\"><img data-recalc-dims=\"1\" loading=\"lazy\" decoding=\"async\" src=\"https:\/\/i0.wp.com\/www.commune1871.org\/images\/PhotothequeAmis\/jpg\/316_13_mai_Revision%20des%20marches.jpg?resize=353%2C444&#038;ssl=1\" alt=\"https:\/\/www.commune1871.org\/images\/PhotothequeAmis\/jpg\/316_13_mai_Revision%20des%20marches.jpg\" width=\"353\" height=\"444\"\/><\/figure>\n\n\n\n<p><a href=\"https:\/\/www.contretemps.eu\/journal-commune-12-mai-1871\/\">La Commune au jour le jour. Vendredi 12 mai 1871<\/a> (Contretemps)<\/p>\n\n\n\n<p><a href=\"https:\/\/macommunedeparis.com\/2021\/05\/12\/12-mai-1871-elles-prennent-la-parole-certes-mais-que-disent-elles\/\">12 mai 1871, elles prennent la parole \u2013 certes, mais que disent-elles?<\/a> (le blog de michele audin)<\/p>\n\n\n\n<figure class=\"wp-block-image is-resized\"><img data-recalc-dims=\"1\" loading=\"lazy\" decoding=\"async\" src=\"https:\/\/macommunedeparis.files.wordpress.com\/2021\/05\/clubloisurledivorce.png?w=621&#038;resize=354%2C510\" alt=\"\" width=\"354\" height=\"510\"\/><\/figure>\n\n\n\n<p><a href=\"https:\/\/www.commune1871.org\/la-commune-de-paris\/histoire-de-la-commune\/commune-1871-ephemeride\/1240-commune-1871-ephemeride-12-mai-la-presse-muselee-les-cadavres-de-l-eglise-saint-laurent\">Commune 1871 : \u00e9ph\u00e9m\u00e9ride 12 mai &#8211; La presse musel\u00e9e ? &#8211; Ouverture de l\u2019\u00e9cole de la rue Dupuytren &#8211; Les cadavres de l\u2019\u00e9glise Saint-Laurent<\/a>2 <a href=\"https:\/\/macommunedeparis.com\/2021\/05\/12\/12-mai-1871-elles-prennent-la-parole-certes-mais-que-disent-elles\/\">mai 1871, elles prennent la parole \u2013 certes, mais que disent-elles?<\/a> (le blog de michele audin)<\/p>\n\n\n\n<p><a href=\"https:\/\/www.commune1871.org\/la-commune-de-paris\/histoire-de-la-commune\/commune-1871-ephemeride\">Commune 1871 : \u00e9ph\u00e9m\u00e9ride 11 mai &#8211; Le Cri du Peuple &#8211; Parution au JO du d\u00e9cret sur la maison d\u2019Adolphe Thiers<\/a> (les Amies et Amis de la Commune)<br><\/p>\n\n\n\n<figure class=\"wp-block-image is-resized\"><img data-recalc-dims=\"1\" loading=\"lazy\" decoding=\"async\" src=\"https:\/\/i0.wp.com\/www.commune1871.org\/images\/PhotothequeAmis\/jpg\/Jules_Valles_-_photo_atelier_Nadar.jpg?resize=323%2C430&#038;ssl=1\" alt=\"Jules Valles (1832-1885) - photo atelier Nadar\" width=\"323\" height=\"430\" title=\"Jules Valles (1832-1885) - photo atelier Nadar\"\/><figcaption>Jules Vall\u00e8s                                                                                                                              <\/figcaption><\/figure>\n\n\n\n<p><a href=\"https:\/\/macommunedeparis.com\/2021\/05\/11\/11-mai-1871-marius-aux-tuileries\/\">11 mai 1871, Marius aux Tuileries<\/a> (le blog de michele audin)<\/p>\n\n\n\n<p><a href=\"https:\/\/www.google.com\/search?client=firefox-b-d&amp;q=contretemps+la+commune+au+jour+le+jour\">La Commune au jour le jour. 9 mai 1871<\/a> (Contretemps)<\/p>\n\n\n\n<p><a href=\"https:\/\/macommunedeparis.com\/2021\/05\/10\/10-mai-1871-des-nouvelles-des-parisiens\/\">10 mai 1871, des nouvelles des Parisiens<\/a> (le blog de mich\u00e8le audin)<\/p>\n\n\n\n<p><a href=\"https:\/\/www.commune1871.org\/la-commune-de-paris\/histoire-de-la-commune\/commune-1871-ephemeride\">Commune 1871 : \u00e9ph\u00e9m\u00e9ride 10 mai &#8211; Le cas Rossel<\/a> (Les Amies et Amis de la Commune)<\/p>\n\n\n\n<p><a href=\"https:\/\/www.commune1871.org\/la-commune-de-paris\/histoire-de-la-commune\/commune-1871-ephemeride\/1238-commune-1871-ephemeride-9-mai-louis-nathanael-rossel\">Commune 1871 : \u00e9ph\u00e9m\u00e9ride 9 mai &#8211; Louis Nathana\u00ebl ROSSEL<\/a> (les Amies et Amis de la Commune)<\/p>\n\n\n\n<p><a href=\"https:\/\/macommunedeparis.com\/2021\/05\/09\/9-mai-1871-le-drapeau-tricolore-flotte-sur-le-fort-dissy\/\">9 mai 1871, le drapeau tricolore flotte sur le fort d\u2019Issy<\/a>(le blog de michele audin)<\/p>\n\n\n\n<p><a href=\"https:\/\/macommunedeparis.com\/2021\/05\/08\/8-mai-1871-lenterrement-de-felix-theisz\/\">8 mai 1871, l\u2019enterrement de F\u00e9lix Theisz<\/a> (le blog de michele audin)<\/p>\n\n\n\n<p><a href=\"https:\/\/macommunedeparis.com\/category\/il-y-a-cent-cinquante-ans\/\">7 mai 1871, la R\u00e9volution sans la femme?<\/a> (le blog de mich\u00e8le audin)<\/p>\n\n\n\n<p><a href=\"https:\/\/www.commune1871.org\/la-commune-de-paris\/histoire-de-la-commune\/commune-1871-ephemeride\">Commune 1871 : \u00e9ph\u00e9m\u00e9ride 7 mai &#8211; Retour au fonctionnement ant\u00e9rieur du mont-de-pi\u00e9t\u00e9 &#8211; Augustin Avrial<\/a> (\u00e9ph\u00e9m\u00e9ride Les Amies et amis de la Commune)<\/p>\n\n\n\n<p>6 <a href=\"https:\/\/macommunedeparis.com\/category\/il-y-a-cent-cinquante-ans\/\">mai 1871, nouvelles d\u2019Issy, d\u2019ailleurs et\u2026 du travail<\/a> (le blog de mich\u00e8le audin)<\/p>\n\n\n\n<figure class=\"wp-block-image is-resized\"><img data-recalc-dims=\"1\" loading=\"lazy\" decoding=\"async\" src=\"https:\/\/macommunedeparis.files.wordpress.com\/2021\/05\/viergecavalier.png?w=684&#038;resize=318%2C417\" alt=\"\" width=\"318\" height=\"417\"\/><figcaption>Officier de la Commune, par Daniel Vierge (mus\u00e9e Carnavalet)                                                                                                                          <\/figcaption><\/figure>\n\n\n\n<p><a href=\"https:\/\/blogs.mediapart.fr\/max-angel\/blog\/150321\/flaubert-et-la-commune-de-paris\">Flaubert et la Commune de Paris<\/a> (blog M\u00e9diapart)<\/p>\n\n\n\n<p><a href=\"https:\/\/blogs.mediapart.fr\/faisons-vivre-la-commune\/blog\/210321\/la-commune-de-1871-le-printemps-parisien\">La Commune de 1871 \u2013 Le printemps parisien<\/a> (Faisons vivre la commune)<\/p>\n\n\n\n<p>La <a href=\"https:\/\/www.contretemps.eu\/journal-commune-5-mai-1871\/\">Commune au jour le jour. Vendredi 5 mai 1871<\/a> (Contretemps)<\/p>\n\n\n\n<figure class=\"wp-block-image is-resized\"><img data-recalc-dims=\"1\" loading=\"lazy\" decoding=\"async\" src=\"https:\/\/i0.wp.com\/www.contretemps.eu\/wp-content\/uploads\/5maiCommune-2.jpg?resize=540%2C248&#038;ssl=1\" alt=\"\" width=\"540\" height=\"248\"\/><\/figure>\n\n\n\n<p><a href=\"https:\/\/www.contretemps.eu\/journal-commune-4-mai-1871\/\">La Commune au jour le jour. Jeudi 4 mai 1871<\/a> (Contretemps)<\/p>\n\n\n\n<p><a href=\"https:\/\/macommunedeparis.com\/2021\/05\/05\/5-mai-1871-union-des-femmes-ambulancieres-delegue-a-la-guerre-marechal\/\">5 mai 1871, Union des femmes, ambulanci\u00e8res, d\u00e9l\u00e9gu\u00e9 \u00e0 la Guerre, mar\u00e9chal\u2026<\/a> (le blog de mich\u00e8le audin)<\/p>\n\n\n\n<figure class=\"wp-block-image is-resized\"><img data-recalc-dims=\"1\" loading=\"lazy\" decoding=\"async\" src=\"https:\/\/macommunedeparis.files.wordpress.com\/2020\/11\/manifesteuniondesfemmes.png?w=475&#038;resize=369%2C597\" alt=\"\" width=\"369\" height=\"597\"\/><\/figure>\n\n\n\n<p><a href=\"https:\/\/www.commune1871.org\/la-commune-de-paris\/histoire-de-la-commune\/commune-1871-ephemeride\">Commune 1871 : \u00e9ph\u00e9m\u00e9ride 5 mai &#8211; L\u2019appel du 5 mai des Francs-Ma\u00e7ons ralli\u00e9s \u00e0 la Commune<\/a> (\u00e9ph\u00e9m\u00e9ride Les Amies et Amis de la Commune)<\/p>\n\n\n\n<figure class=\"wp-block-image is-resized\"><img data-recalc-dims=\"1\" loading=\"lazy\" decoding=\"async\" src=\"https:\/\/i0.wp.com\/www.commune1871.org\/images\/PhotothequeAmis\/jpg\/Cri%20du%20Peuple%20du%202%20mai%201871%20article%20de%20Pierre%20Denis.jpg?resize=437%2C413&#038;ssl=1\" alt=\"Cri du Peuple du 2 mai 1871 article de Pierre Denis\" width=\"437\" height=\"413\" title=\"Cri du Peuple du 2 mai 1871 article de Pierre Denis\"\/><\/figure>\n\n\n\n<p><a href=\"https:\/\/macommunedeparis.com\/2021\/05\/04\/4-mai-1871-au-club-de-la-revolution-sociale\/\">4 mai 1871, au club de la r\u00e9volution sociale<\/a> (le blog de mich\u00e8le audin)<\/p>\n\n\n\n<figure class=\"wp-block-image is-resized\"><img data-recalc-dims=\"1\" loading=\"lazy\" decoding=\"async\" src=\"https:\/\/macommunedeparis.files.wordpress.com\/2020\/11\/clubsouvenircommune.png?w=654&#038;resize=389%2C511\" alt=\"\" width=\"389\" height=\"511\"\/><figcaption>Dessin de L. Scherer (Mus\u00e9e Carnavalet)                                                                                                                <\/figcaption><\/figure>\n\n\n\n<p><a href=\"https:\/\/www.commune1871.org\/la-commune-de-paris\/histoire-de-la-commune\/commune-1871(-ephemeride\">Commune 1871 : \u00e9ph\u00e9m\u00e9ride 4 mai &#8211; La Commune vue de la l\u00e9gation Belge \u00e0 Paris<\/a> (les Amies et Amis de la Commune)<\/p>\n\n\n\n<p><a href=\"https:\/\/www.mediapart.fr\/journal\/culture-idees\/240121\/1871-2021-la-commune-de-paris-une-memoire-capitale?page_article=3\">1871-2021: la Commune de Paris, une m\u00e9moire capitale<\/a> (M\u00e9diapart)<\/p>\n\n\n\n<p><a href=\"https:\/\/macommunedeparis.com\/2021\/05\/03\/jeudi-6-mai-a-18-h-eugene-varlin-relieur-internationaliste-et-communard-conference-pour-tous\/\">Jeudi 6 mai \u00e0 18 h, Eug\u00e8ne Varlin, relieur, internationaliste et communard, conf\u00e9rence pour tous<\/a> (le blog de mich\u00e8le audin)<\/p>\n\n\n\n<figure class=\"wp-block-image is-resized\"><img data-recalc-dims=\"1\" loading=\"lazy\" decoding=\"async\" src=\"https:\/\/macommunedeparis.files.wordpress.com\/2019\/04\/varlin.jpg?w=800&#038;resize=320%2C320\" alt=\"\" width=\"320\" height=\"320\"\/><figcaption>Portrait de Varlin par Fred Sochard                                                                                                                                  <\/figcaption><\/figure>\n\n\n\n<p><a href=\"https:\/\/www.monde-diplomatique.fr\/2015\/05\/ROSS\/52944\">L\u2019internationalisme au temps de la Commune (Kristin Ross)<\/a> (Le Monde diplomatique)<\/p>\n\n\n\n<p><a href=\"https:\/\/www.commune1871.org\/la-commune-de-paris\/histoire-de-la-commune\/commune-1871-ephemeride\">Commune 1871 : \u00e9ph\u00e9m\u00e9ride 3 mai &#8211; La Redoute du Moulin de Saquet &#8211; Paul Lafargue<\/a><br>(Les Amies et Amis de la Commune)<\/p>\n\n\n\n<figure class=\"wp-block-image is-resized\"><img data-recalc-dims=\"1\" loading=\"lazy\" decoding=\"async\" src=\"https:\/\/i0.wp.com\/www.commune1871.org\/images\/PhotothequeAmis\/jpg\/Paul_Lafargue%2C_Le_Droit_%C3%A0_la_paresse_%28Maitrier%29.jpg?resize=253%2C433&#038;ssl=1\" alt=\"Paul Lafargue - Le droit \u00e0 la paresse\" width=\"253\" height=\"433\" title=\"Paul Lafargue - Le droit \u00e0 la paresse\"\/><\/figure>\n\n\n\n<p><a href=\"https:\/\/www.contretemps.eu\/journal-commune-3-mai-1871\/\">La Commune au jour le jour. Mercredi 3 mai 1871<\/a> (Contretemps)<\/p>\n\n\n\n<figure class=\"wp-block-image is-resized\"><img data-recalc-dims=\"1\" loading=\"lazy\" decoding=\"async\" src=\"https:\/\/i0.wp.com\/www.contretemps.eu\/wp-content\/uploads\/3-mai-1871.jpg?resize=446%2C283&#038;ssl=1\" alt=\"\" width=\"446\" height=\"283\"\/><\/figure>\n\n\n\n<p><a href=\"https:\/\/www.contretemps.eu\/journal-commune-2-mai-1871\/\">La Commune au jour le jour. Mardi 2 mai 1871<\/a> (Contretemps)<\/p>\n\n\n\n<p><a href=\"https:\/\/www.monde-diplomatique.fr\/2021\/03\/LARRERE\/62866\">La Commune prend les murs (Mathilde Larr\u00e8re)<\/a> (le Monde diplomatique)<\/p>\n\n\n\n<p><a href=\"https:\/\/blogs.mediapart.fr\/vingtras\/blog\/260319\/louises-les-femmes-de-la-commune-par-eloi-valat\">\u00ab\u00a0Louises, les femmes de la Commune\u00a0\u00bb par Eloi Valat<\/a> (blog m\u00e9diapart)<\/p>\n\n\n\n<p><a href=\"https:\/\/blogs.mediapart.fr\/faisons-vivre-la-commune\/blog\/100421\/josee-meunier-19-rue-des-juifs-par-michele-audin\">Jos\u00e9e Meunier 19, rue des Juifs, par Mich\u00e8le Audin<\/a> ( Faisons vivre la Commune)<\/p>\n\n\n\n<p><a href=\"https:\/\/www.commune1871.org\/la-commune-de-paris\/histoire-de-la-commune\/commune-1871-ephemeride\">Commune 1871 : \u00e9ph\u00e9m\u00e9ride 2 mai &#8211; Les services publics sous la Commune &#8211; Varilhes (Ari\u00e8ge)<\/a> (Les Amies et Amis de la Commune)<\/p>\n\n\n\n<p><a href=\"https:\/\/macommunedeparis.com\/2021\/05\/02\/2-mai-1871-dans-le-journal-officiel-c-p-remercie-les-academiciens-des-sciences\/\">2 mai 1871, dans le Journal officiel, C.P. remercie les acad\u00e9miciens des sciences<\/a> (le blog de mich\u00e8le audin)<\/p>\n\n\n\n<p><a href=\"https:\/\/faisonsvivrelacommune.org\/evenement\/la-commune-de-paris-il-y-a-150-ans-quelles-relectures-aujourdhui-colloque-a-bruxelles\/2021-05-03\/\">La Commune de Paris, il y a 150 ans. Quelles relectures aujourd\u2019hui ? Colloque \u00e0 Bruxelles.3 mai \u2013 17:00 &#8211; 18:30|\u00e9v\u00e8nement r\u00e9current (Voir toutes les dates)<\/a> (Faisons vivre la commune)<\/p>\n\n\n\n<figure class=\"wp-block-image is-resized\"><img data-recalc-dims=\"1\" loading=\"lazy\" decoding=\"async\" src=\"https:\/\/i0.wp.com\/faisonsvivrelacommune.org\/wp-content\/uploads\/2021\/04\/Commune-3-724x1024-1.jpg?resize=409%2C276&#038;ssl=1\" alt=\"\" width=\"409\" height=\"276\"\/><\/figure>\n\n\n\n<p><a href=\"https:\/\/www.commune1871.org\/la-commune-de-paris\/histoire-de-la-commune\/commune-1871-ephemeride\">Commune 1871 : \u00e9ph\u00e9m\u00e9ride 1er mai 1871 &#8211; Formation du Comit\u00e9 de Salut public<\/a> (les Amies et Amis de la Commune)<\/p>\n\n\n\n<p><a href=\"https:\/\/macommunedeparis.com\/2021\/05\/01\/exposition-sur-la-commune-aux-archives-de-paris\/\">\u00ab Exposition \u00bb sur la Commune aux archives de Paris<\/a> (le blog de mich\u00e8le audin)<br><\/p>\n\n\n\n<figure class=\"wp-block-image is-resized\"><img data-recalc-dims=\"1\" loading=\"lazy\" decoding=\"async\" src=\"https:\/\/macommunedeparis.files.wordpress.com\/2021\/05\/cravatedrapeau.png?w=419&#038;resize=237%2C364\" alt=\"\" width=\"237\" height=\"364\"\/><\/figure>\n\n\n\n<p><a href=\"https:\/\/macommunedeparis.com\/2021\/05\/01\/1er-mai-1871-rossel-est-nomme-delegue-a-la-guerre-72-morts-a-issy-dans-le-bataillon-de-victorine\/(le\">1er mai 1871, Rossel est nomm\u00e9 d\u00e9l\u00e9gu\u00e9 \u00e0 la Guerre, 72 morts \u00e0 Issy dans le bataillon de Victorine<\/a> <a href=\"https:\/\/macommunedeparis.com\/2021\/05\/01\/exposition-sur-la-commune-aux-archives-de-paris\/\">\u00ab Exposition \u00bb sur la Commune aux archives de Paris<\/a> (le blog de mich\u00e8le audin)<br><\/p>\n\n\n\n<figure class=\"wp-block-image is-resized\"><img data-recalc-dims=\"1\" loading=\"lazy\" decoding=\"async\" src=\"https:\/\/macommunedeparis.files.wordpress.com\/2021\/05\/ambulancepassi1ermai.png?w=816&#038;resize=454%2C340\" alt=\"\" width=\"454\" height=\"340\"\/><figcaption>L&rsquo;ambulance de Passy, le premier mai, dessin d&rsquo;Edouard Detaille (Mus\u00e9e Carnavalet)                                                                                                                 <\/figcaption><\/figure>\n\n\n\n<p><a href=\"https:\/\/outlook.live.com\/mail\/0\/inbox\/id\/AQQkADAwATY0MDABLTkzMjUtYzgzYi0wMAItMDAKABAAm8BRs46LckeKDAQ9wbkGvg%3D%3D\">Le 1er MAI avec Faisons vivre la Commune !&#8230; Et gare \u00e0 la revanche, quand tous les pauvres s&rsquo;y mettront! !<\/a> (Faisons vivre la Commune)<\/p>\n\n\n\n<p><a href=\"https:\/\/www.contretemps.eu\/tag\/journal-de-la-commune\/\">La Commune au jour le jour. Dimanche 30 avril 1871<\/a> (Contretemps)<\/p>\n\n\n\n<p><a href=\"https:\/\/www.sudouest.fr\/charente-maritime\/la-rochelle\/en-charente-maritime-la-libre-pensee-toujours-fidele-a-la-commune-de-paris-1692404.php\">En Charente-Maritime, la Libre pens\u00e9e toujours fid\u00e8le \u00e0 la Commune de Paris<\/a> (Sud-Ouest)<\/p>\n\n\n\n<figure class=\"wp-block-image is-resized\"><img data-recalc-dims=\"1\" loading=\"lazy\" decoding=\"async\" src=\"https:\/\/i0.wp.com\/media.sudouest.fr\/1692404\/1000x500\/sudouest-photo-1-8451582.jpg?resize=588%2C294&#038;ssl=1\" alt=\"En Charente-Maritime, la Libre pens\u00e9e toujours fid\u00e8le \u00e0 la Commune de Paris\" width=\"588\" height=\"294\"\/><figcaption>Le puits des F\u00e9d\u00e9r\u00e9s sur l&rsquo;\u00eele Madame, construit par les Communards en 1871 et 1872 en attendant leur convoi vers le bagne.                                    <\/figcaption><\/figure>\n\n\n\n<p><a href=\"https:\/\/rue89bordeaux.com\/2021\/03\/herve-le-corre-la-commune-de-paris-une-utopie-necessaire\/\">Herv\u00e9 Le Corre : \u00ab La Commune de Paris, une utopie n\u00e9cessaire \u00bb<\/a> (Rue 89 Bordeaux)<\/p>\n\n\n\n<p><a href=\"https:\/\/macommunedeparis.com\/2021\/04\/30\/30-avril-1871-et-aussi-lalliance-republicaine-des-departements\/\">30 avril 1871, et aussi l\u2019Alliance r\u00e9publicaine des d\u00e9partements<\/a> (le blog de mich\u00e8le audin)<\/p>\n\n\n\n<figure class=\"wp-block-image is-resized\"><img data-recalc-dims=\"1\" loading=\"lazy\" decoding=\"async\" src=\"https:\/\/macommunedeparis.files.wordpress.com\/2021\/04\/alliancerepublicainedesdepartements.png?w=816&#038;resize=466%2C340\" alt=\"\" width=\"466\" height=\"340\"\/><\/figure>\n\n\n\n<p><a href=\"https:\/\/www.commune1871.org\/la-commune-de-paris\/histoire-de-la-commune\/commune-1871-ephemeride\">Commune 1871 : \u00e9ph\u00e9m\u00e9ride 30 avril &#8211; La deuxi\u00e8me Commune de Lyon &#8211; L\u2019Affaire de Thiers !<\/a> (les Amies et Amis de la Commune)<\/p>\n\n\n\n<figure class=\"wp-block-image\"><img data-recalc-dims=\"1\" decoding=\"async\" src=\"https:\/\/i0.wp.com\/www.commune1871.org\/images\/PhotothequeAmis\/jpg\/lyon5.jpg?w=1200&#038;ssl=1\" alt=\"\"\/><\/figure>\n\n\n\n<p><a href=\"https:\/\/www.petitbleu.fr\/2021\/03\/19\/petite-toponymie-communarde-et-agenaise-9437031.php\">Petite toponymie communarde et agenaise<\/a> (petitbleu.fr)<\/p>\n\n\n\n<figure class=\"wp-block-image is-resized\"><img data-recalc-dims=\"1\" loading=\"lazy\" decoding=\"async\" src=\"https:\/\/i0.wp.com\/images.petitbleu.fr\/api\/v1\/images\/view\/605424dc3e45466ea11c582e\/large\/image.jpg?resize=434%2C245&#038;ssl=1\" alt=\"La rue Commune-de-Paris, baptis\u00e9e ainsi en 1971 par la nouvelle municipalit\u00e9 Esquirol. Photos S.Bo.\" width=\"434\" height=\"245\"\/><\/figure>\n\n\n\n<p><a href=\"https:\/\/www.eloivalat.com\/la-commune\/\">La Semaine Sanglante de la Commune de Paris, Eloi Valat<\/a> (eloivalat.com)<\/p>\n\n\n\n<figure class=\"wp-block-image\"><img data-recalc-dims=\"1\" decoding=\"async\" src=\"https:\/\/i0.wp.com\/image.jimcdn.com\/app\/cms\/image\/transf\/dimension%3D382x10000%3Aformat%3Djpg\/path\/s7ff6435b5a6f22a7\/image\/i2f7a9da058f4150a\/version\/1449235903\/eloi-valat-la-commune-de-paris-la-semaine-sanglante.jpg?w=1200&#038;ssl=1\" alt=\"Eloi Valat. La Commune de Paris. La Semaine sanglante.\"\/><\/figure>\n\n\n\n<p>Il <a href=\"https:\/\/archives.dordogne.fr\/r\/327\/il-y-a-150-ans-la-commune-de-paris\/\">y a 150 ans&#8230; la Commune de Paris<\/a> (archives.dordogne)<\/p>\n\n\n\n<p><a href=\"https:\/\/macommunedeparis.com\/2021\/04\/29\/on-reparle-des-otages\/\">On reparle des otages<\/a> (le blog de michel audin)<\/p>\n\n\n\n<p><a href=\"https:\/\/www.commune1871.org\/la-commune-de-paris\/histoire-de-la-commune\/commune-1871-ephemeride\">Commune 1871 : \u00e9ph\u00e9m\u00e9ride 29 avril &#8211; Nathalie Le Mel<\/a> (les Amies et Amis de la Commune)<\/p>\n\n\n\n<figure class=\"wp-block-image is-resized\"><img data-recalc-dims=\"1\" loading=\"lazy\" decoding=\"async\" src=\"https:\/\/i0.wp.com\/www.commune1871.org\/images\/PhotothequeAmis\/jpg\/Nathalie%20Le%20Mel%201826-1921.jpg?resize=309%2C394&#038;ssl=1\" alt=\"Nathalie Le Mel (1826-1921)\" width=\"309\" height=\"394\" title=\"Nathalie Le Mel (1826-1921)\"\/><\/figure>\n\n\n\n<p><a href=\"http:\/\/archivesautonomies.org\/IMG\/pdf\/commune\/communedeparis\/cridupeuple\/cridupeuple-n59.pdf\">Le Cri du Peuple 29 avril<\/a> (archivesautonomies)<\/p>\n\n\n\n<p><a href=\"https:\/\/www.commune1871.org\/la-commune-de-paris\/histoire-de-la-commune\/commune-1871-ephemeride\">Commune 1871 : \u00e9ph\u00e9m\u00e9ride 28 avril &#8211; La proposition Miot d\u2019un Comit\u00e9 de salut public &#8211; L\u2019appel \u201cau peuple des campagnes\u201d<\/a> (les Amies et Amis de la Commune)<br><br><a href=\"https:\/\/www.contretemps.eu\/journal-commune-28-avril-1871\/\">La Commune au jour le jour. 28 avril 1871<\/a> (Contretemps)<\/p>\n\n\n\n<figure class=\"wp-block-image is-resized\"><img data-recalc-dims=\"1\" loading=\"lazy\" decoding=\"async\" src=\"https:\/\/i0.wp.com\/www.contretemps.eu\/wp-content\/uploads\/28-avril.jpg?resize=470%2C264&#038;ssl=1\" alt=\"\" width=\"470\" height=\"264\"\/><\/figure>\n\n\n\n<p><a href=\"https:\/\/macommunedeparis.com\/2021\/04\/28\/28-avril-1871-felix-theisz-va-mieux\/\">28 avril 1871, F\u00e9lix Theisz va mieux<\/a> (le blog de michel audin)<\/p>\n\n\n\n<p><a href=\"https:\/\/www.humanite.fr\/table-ronde-quelle-histoire-de-la-commune-de-paris-pour-aujourdhui-701704\">Table ronde Quelle histoire de la Commune de Paris pour aujourd\u2019hui\u2009?<\/a> (L\u2019Humanit\u00e9.fr)<\/p>\n\n\n\n<p><a href=\"https:\/\/www.eloivalat.com\/lire-la-suite\/\">Regards crois\u00e9s, livres et \u00e9mission\u00a0\u00bbla philanthropie de l&rsquo;ouvrier charpentier\u00a0\u00bb (Eloi Valat)<\/a> (eloivalat.com)<\/p>\n\n\n\n<p><a href=\"https:\/\/www.contretemps.eu\/journal-commune-jeudi-27-avril-1871\/\">La Commune au jour le jour. Jeudi 27 avril 1871<\/a> (Contretemps)<\/p>\n\n\n\n<figure class=\"wp-block-image is-resized\"><img data-recalc-dims=\"1\" loading=\"lazy\" decoding=\"async\" src=\"https:\/\/i0.wp.com\/www.contretemps.eu\/wp-content\/uploads\/27avrilCommune.png?resize=534%2C298&#038;ssl=1\" alt=\"\" width=\"534\" height=\"298\"\/><figcaption>                                                     <\/figcaption><\/figure>\n\n\n\n<p><a href=\"https:\/\/www.commune1871.org\/la-commune-de-paris\/histoire-de-la-commune\/commune-1871-ephemeride\">Commune 1871 : \u00e9ph\u00e9m\u00e9ride 27 avril &#8211; D\u00e9cret interdisant dans les ateliers le syst\u00e8me des amendes et des retenues sur salaires &#8211; Maxime Lisbonne<\/a> (les Amies et Amis de la Commune)<\/p>\n\n\n\n<figure class=\"wp-block-image is-resized\"><img data-recalc-dims=\"1\" loading=\"lazy\" decoding=\"async\" src=\"https:\/\/i0.wp.com\/www.commune1871.org\/images\/PhotothequeAmis\/jpg\/Frankel-Malon-Theisz.JPG?resize=398%2C165&#038;ssl=1\" alt=\"\" width=\"398\" height=\"165\"\/><\/figure>\n\n\n\n<p><a href=\"https:\/\/macommunedeparis.com\/2021\/04\/27\/27-avril-1871-au-fort-dissy-une-capote-en-drap-bleu-clair-huit-corbillards-et-des-orphelins\/\">27 avril 1871, au fort d\u2019Issy, une capote en drap bleu clair, huit corbillards et des orphelins<\/a> (le blog de mich\u00e8le audin)<\/p>\n\n\n\n<p><a href=\"http:\/\/www.cadtm.org\/La-Commune-de-Paris-la-banque-et-la-dette\">La Commune de Paris, la banque et la dette<\/a> (CADTM)<\/p>\n\n\n\n<p><a href=\"https:\/\/www.contretemps.eu\/?s=tag+journal+de+la+commune++26+avril\">De la Commune de Paris aux communes v\u00e9n\u00e9zu\u00e9liennes. Socialisme et souverainet\u00e9 en archipel<\/a> (Contretemps)<\/p>\n\n\n\n<figure class=\"wp-block-image is-resized\"><img data-recalc-dims=\"1\" loading=\"lazy\" decoding=\"async\" src=\"https:\/\/i0.wp.com\/www.contretemps.eu\/wp-content\/uploads\/commune-venezuela.jpg?resize=527%2C293&#038;ssl=1\" alt=\"\" width=\"527\" height=\"293\"\/><\/figure>\n\n\n\n<p><a href=\"https:\/\/faisonsvivrelacommune.org\/evenement\/vive-la-commune-exposition-a-lulb-bruxelles\/\">Vive la Commune ! exposition \u00e0 L\u2019ULB Bruxelles26 avril \u2013 10:00 &#8211; 16 mai \u2013 19:00<\/a> (collectif Krasnyi, comit\u00e9 belge des Amies et Amis de la Commune)<\/p>\n\n\n\n<p><a href=\"https:\/\/faisonsvivrelacommune.org\/evenement\/vive-la-commune\/\">Vive la Commune ! \u00e0 Herstal 20 avril \u2013 10:00 &#8211; 20 mai \u2013 18:30<\/a> (collectif Krasnyi, comit\u00e9 belge des Amies et Amis de la Commune)<\/p>\n\n\n\n<p><a href=\"https:\/\/faisonsvivrelacommune.org\/evenement\/commune-comme-une\/\">Commune comme une1 avril \u2013 10:00 &#8211; 30 avril \u2013 17:00 (Echirolles)<\/a> (faisons vivre la Commune)<\/p>\n\n\n\n<p><a href=\"https:\/\/faisonsvivrelacommune.org\/evenement\/balade-gustave-flourens\/2021-04-28\/\">La balade Gustave Flourens28 avril \u2013 15:00 &#8211; 17:00|\u00e9v\u00e8nement r\u00e9current (Voir toutes les dates)<\/a>(faisons vivre la Commune)<\/p>\n\n\n\n<p><a href=\"https:\/\/macommunedeparis.com\/category\/il-y-a-cent-cinquante-ans\/\">26 avril 1871, et ces paroles seront entendues\u2026<\/a> (le blog de mich\u00e8le audin)<\/p>\n\n\n\n<p><a href=\"https:\/\/www.commune1871.org\/la-commune-de-paris\/histoire-de-la-commune\/commune-1871-ephemeride\">Commune 1871 : \u00e9ph\u00e9m\u00e9ride 26 avril &#8211; L\u00e9o Frankel<\/a> ((Les Amies et Amis de la Commune de Paris)<\/p>\n\n\n\n<figure class=\"wp-block-image is-resized\"><img data-recalc-dims=\"1\" loading=\"lazy\" decoding=\"async\" src=\"https:\/\/i0.wp.com\/www.commune1871.org\/images\/PhotothequeAmis\/jpg\/52_avril_Malon_Frankel.jpg?resize=314%2C482&#038;ssl=1\" alt=\"Affiche de la Commune N\u00b0 52 d'avril 1871 - La commission de Travail et d'\u00c9change\" width=\"314\" height=\"482\" title=\"Affiche de la Commune N\u00b0 52 d'avril 1871 - La commission de Travail et d'\u00c9change\"\/><\/figure>\n\n\n\n<p><a href=\"https:\/\/gallica.bnf.fr\/ark:\/12148\/cb32752488q\/date\">Le Cri du Peuple: journal politique quotidien parution par date<\/a> (gallica bnf)<\/p>\n\n\n\n<figure class=\"wp-block-image is-resized\"><img loading=\"lazy\" decoding=\"async\" src=\"https:\/\/gallica.bnf.fr\/ark:\/12148\/bpt6k4681305v\/f1.highres\" alt=\"\" width=\"469\" height=\"648\"\/><figcaption>Le Cri du Peuple: le num\u00e9ro du 21 mars 1871                                                                                     <\/figcaption><\/figure>\n\n\n\n<p><a href=\"https:\/\/macommunedeparis.com\/category\/il-y-a-cent-cinquante-ans\/\">Mais si, \u00ab on \u00bb a fait le manifeste aux paysans!<\/a>(le blog de mich\u00e8le audin)<\/p>\n\n\n\n<figure class=\"wp-block-image is-resized\"><img data-recalc-dims=\"1\" loading=\"lazy\" decoding=\"async\" src=\"https:\/\/macommunedeparis.files.wordpress.com\/2017\/01\/menegozfrereontetrompe.png?w=816&#038;resize=516%2C375\" alt=\"\" width=\"516\" height=\"375\"\/><figcaption>   \u00ab\u00a0Au travailleur des campagnes\u00a0\u00bb, envoy\u00e9 par ballon                                                                                    <\/figcaption><\/figure>\n\n\n\n<p><a href=\"https:\/\/www.contretemps.eu\/journal-commune-24-avril-1871\/\">La Commune au jour le jour. Lundi 24 avril 1871<\/a> (Contretemps)<\/p>\n\n\n\n<p><a href=\"https:\/\/www.commune1871.org\/la-commune-de-paris\/histoire-de-la-commune\/commune-1871-ephemeride\">Commune 1871 : \u00e9ph\u00e9m\u00e9ride 25 avril &#8211; La \u00ab suspension d\u2019armes \u00bb de Neuilly<\/a> ( Les Amies et Amis de la Commune de Paris)<\/p>\n\n\n\n<p><a href=\"https:\/\/faisonsvivrelacommune.org\/louise-michel-memoires-1886\/\">Louise Michel M\u00e9moires 1886<\/a> (Faisons vivre la commune)<\/p>\n\n\n\n<figure class=\"wp-block-image is-resized\"><img data-recalc-dims=\"1\" loading=\"lazy\" decoding=\"async\" src=\"https:\/\/i0.wp.com\/faisonsvivrelacommune.org\/wp-content\/uploads\/2021\/04\/louise-michel-memoires-scaled-e1619013366912.jpg?resize=249%2C410&#038;ssl=1\" alt=\"\" class=\"wp-image-6919\" width=\"249\" height=\"410\"\/><\/figure>\n\n\n\n<p><a href=\"https:\/\/faisonsvivrelacommune.org\/la-commune-en-aveyron\/\">La Commune en Aveyron<\/a> (Faisons vivre la commune)<\/p>\n\n\n\n<figure class=\"wp-block-image is-resized\"><img data-recalc-dims=\"1\" loading=\"lazy\" decoding=\"async\" src=\"https:\/\/i0.wp.com\/faisonsvivrelacommune.org\/wp-content\/uploads\/2021\/04\/Aniv-Com-1-1024x704.jpg?resize=487%2C334&#038;ssl=1\" alt=\"\" class=\"wp-image-6889\" width=\"487\" height=\"334\"\/><\/figure>\n\n\n\n<p><a href=\"https:\/\/macommunedeparis.com\/2021\/04\/24\/24-avril-1871-elisabeth-dmitrieff-ecrit-a-hermann-jung\/\">24 avril 1871, Elisabeth Dmitrieff \u00e9crit \u00e0 Hermann Jung<\/a> (le blog de mich\u00e8le audin)<\/p>\n\n\n\n<p><a href=\"https:\/\/www.contretemps.eu\/journal-commune-23-avril-1871\/\">La Commune au jour le jour. Dimanche 23 avril 1871<\/a> (Contretemps)<\/p>\n\n\n\n<p><a href=\"https:\/\/www.commune1871.org\/la-commune-de-paris\/histoire-de-la-commune\/commune-1871-ephemeride\/1212-commune-1871-ephemeride-24-avril-rouen-et-dieppe\">Commune 1871 : \u00e9ph\u00e9m\u00e9ride 24 avril &#8211; Rouen et Dieppe<\/a> (Les Amies et Amis de la Commune de Paris)<\/p>\n\n\n\n<p><a href=\"https:\/\/www.commune1871.org\/la-commune-de-paris\/histoire-de-la-commune\/commune-1871-ephemeride\/1214-commune-1871-ephemeride-23-avril-les-decrets-de-l-enseignement-sous-la-commune-edouard-vaillant\">Commune 1871 : \u00e9ph\u00e9m\u00e9ride 23 avril &#8211; Les d\u00e9crets de l\u2019enseignement sous la Commune &#8211; \u00c9douard Vaillant<\/a> ( Les Amies et Amis de la Commune de Paris)<\/p>\n\n\n\n<p><a href=\"https:\/\/www.contretemps.eu\/journal-commune-23-avril-1871\/\">La Commune au jour le jour. Dimanche 23 avril 1871<\/a> (Contretemps)<\/p>\n\n\n\n<p><a href=\"https:\/\/macommunedeparis.com\/2021\/04\/23\/23-avril-1871-henri-not-a-dresse-des-listes\/\">23 avril 1871, Henri Not a dress\u00e9 des listes<\/a> (le blog de mich\u00e8le audin)<\/p>\n\n\n\n<figure class=\"wp-block-image is-resized\"><img data-recalc-dims=\"1\" loading=\"lazy\" decoding=\"async\" src=\"https:\/\/macommunedeparis.files.wordpress.com\/2020\/11\/listedesblesses.png?w=816&#038;h=9999&#038;fit=816%2C9999&#038;resize=672%2C335\" alt=\"\" width=\"672\" height=\"335\" title=\"23 avril 1871, Henri Not a dress\u00e9 des\u00a0listes\"\/><\/figure>\n\n\n\n<p><a href=\"https:\/\/macommunedeparis.com\/2021\/04\/22\/22-avril-1871-il-reste-a-trouver-un-titre\/\">22 avril 1871, il reste \u00e0 trouver un titre<\/a> (le blog de mich\u00e8le audin)<\/p>\n\n\n\n<figure class=\"wp-block-image is-resized\"><img data-recalc-dims=\"1\" loading=\"lazy\" decoding=\"async\" src=\"https:\/\/macommunedeparis.files.wordpress.com\/2016\/12\/hdvlacommune.png?w=544&#038;resize=516%2C362\" alt=\"\" width=\"516\" height=\"362\"\/><figcaption>     Une s\u00e9ance de la Commune dans la salle des maires \u00e0 l&rsquo;H\u00f4tel de Ville (le Monde Illustr\u00e9 15 avril)                                                                                                                                                <\/figcaption><\/figure>\n\n\n\n<p><a href=\"https:\/\/www.commune1871.org\/la-commune-de-paris\/histoire-de-la-commune\/commune-1871-ephemeride\/1211-commune-1871-ephemeride-22-avril-demission-de-felix-pyat-et-proposition-parisel\">Commune 1871 : \u00e9ph\u00e9m\u00e9ride 22 avril &#8211; D\u00e9mission de F\u00e9lix Pyat et Proposition Parisel<\/a> (Les Amies et Amis de la Commune de Paris)<br><br><a href=\"https:\/\/www.contretemps.eu\/journal-commune-vendredi-21-avril-1871\/\">La Commune au jour le jour. Vendredi 21 avril 1871<\/a> (Contretemps)<\/p>\n\n\n\n<p><a href=\"https:\/\/macommunedeparis.com\/2021\/04\/20\/dessiner-la-commune-deloi-valat\/\">Dessiner la Commune, d\u2019\u00c9loi Valat<\/a> (le blog de mich\u00e8le audin)<\/p>\n\n\n\n<figure class=\"wp-block-image is-resized\"><img data-recalc-dims=\"1\" loading=\"lazy\" decoding=\"async\" src=\"https:\/\/macommunedeparis.files.wordpress.com\/2021\/04\/valat-dessiner-comm-couv.jpg?w=816&#038;resize=240%2C314\" alt=\"\" width=\"240\" height=\"314\"\/><\/figure>\n\n\n\n<p><a href=\"https:\/\/www.eloivalat.com\/\">Louises, les femmes de la Commune<\/a> (eloivalat.com)<\/p>\n\n\n\n<figure class=\"wp-block-image is-resized\"><img data-recalc-dims=\"1\" loading=\"lazy\" decoding=\"async\" src=\"https:\/\/i0.wp.com\/image.jimcdn.com\/app\/cms\/image\/transf\/dimension%3D1070x10000%3Aformat%3Djpg\/path\/s7ff6435b5a6f22a7\/image\/i8b3a0e76a871612c\/version\/1561969801\/image.jpg?resize=641%2C478&#038;ssl=1\" alt=\"L'atelier - Eloi Valat\" width=\"641\" height=\"478\"\/><\/figure>\n\n\n\n<p><a href=\"https:\/\/archives.dordogne.fr\/r\/328\/la-commune-de-paris-en-bandes-dessinees\">La Commune de Paris en bandes dessin\u00e9es<\/a> (archives.dordogne)<br><a href=\"https:\/\/macommunedeparis.com\/2021\/04\/20\/dessiner-la-commune-deloi-valat\/\">Dessiner<\/a><\/p>\n\n\n\n<p><a href=\"https:\/\/faisonsvivrelacommune.org\/lalphabet-communard-deloi-valat\/\">L\u2019alphabet communard d\u2019\u00c9loi Valat<\/a> (Faisons vivre la Commune)<\/p>\n\n\n\n<figure class=\"wp-block-image is-resized\"><img data-recalc-dims=\"1\" loading=\"lazy\" decoding=\"async\" src=\"https:\/\/i0.wp.com\/faisonsvivrelacommune.org\/wp-content\/uploads\/2020\/06\/alphabet_communard-1024x762.jpg?resize=522%2C388&#038;ssl=1\" alt=\"\" class=\"wp-image-4351\" width=\"522\" height=\"388\"\/><\/figure>\n\n\n\n<p><a href=\"https:\/\/www.commune1871.org\/la-commune-de-paris\/histoire-de-la-commune\/commune-1871-ephemeride\">Commune 1871 : \u00e9ph\u00e9m\u00e9ride 21 avril &#8211; La derni\u00e8re tentative de conciliation des Francs-ma\u00e7ons &#8211; Tulle<\/a> (Les Amies et Amis de la Commune de Paris)<br><br><a href=\"https:\/\/macommunedeparis.com\/2021\/04\/21\/21-avril-1871-mais-que-se-passe-t-il-a-la-bibliotheque-nationale\/\">21 avril 1871, mais que se passe-t-il \u00e0 la Biblioth\u00e8que nationale?<\/a> (le blog de mich\u00e8le audin)<\/p>\n\n\n\n<p><a href=\"https:\/\/www.commune1871.org\/la-commune-de-paris\/histoire-de-la-commune\/commune-1871-ephemeride\">Commune 1871 : \u00e9ph\u00e9m\u00e9ride 20 avril &#8211; D\u00e9cret sur le travail de nuit des ouvriers-boulangers &#8211; Bordeaux et la Commune<\/a> (Les Amies et Amis de la Commune de Paris)<\/p>\n\n\n\n<figure class=\"wp-block-image is-resized\"><img data-recalc-dims=\"1\" loading=\"lazy\" decoding=\"async\" src=\"https:\/\/i0.wp.com\/www.commune1871.org\/images\/PhotothequeAmis\/jpg\/176_20_avril_suppression_travail_nuit.jpg?resize=392%2C495&#038;ssl=1\" alt=\"https:\/\/www.commune1871.org\/images\/PhotothequeAmis\/jpg\/176_20_avril_suppression_travail_nuit.jpg\" width=\"392\" height=\"495\"\/><\/figure>\n\n\n\n<p><a href=\"https:\/\/macommunedeparis.com\/2021\/04\/20\/20-avril-1871-ce-qui-manque-a-la-commune-cest-que-nous-ne-sommes-pas-tous-responsables-et-autres-nouvelles\/\">avril 1871, ce qui manque \u00e0 la Commune, c\u2019est que nous ne sommes pas tous responsables \u2013 et autres nouvelles<\/a> (le blog de mich\u00e8le audin)<\/p>\n\n\n\n<figure class=\"wp-block-image is-resized\"><img data-recalc-dims=\"1\" loading=\"lazy\" decoding=\"async\" src=\"https:\/\/macommunedeparis.files.wordpress.com\/2020\/11\/aupeuplefrancais.png?w=461&#038;resize=558%2C756\" alt=\"\" width=\"558\" height=\"756\"\/><\/figure>\n\n\n\n<p><a href=\"https:\/\/www.humanite.fr\/depuis-1880-personne-navait-compte-les-victimes-de-la-semaine-sanglante-703381\">Depuis 1880, personne n&rsquo;avait compt\u00e9 les victimes de la Semaine sanglante<\/a> (L\u2019Humanit\u00e9)<\/p>\n\n\n\n<figure class=\"wp-block-image is-resized\"><img data-recalc-dims=\"1\" loading=\"lazy\" decoding=\"async\" src=\"https:\/\/i0.wp.com\/www.humanite.fr\/sites\/default\/files\/styles\/1048x350\/public\/images\/84458.HR.jpg?resize=649%2C278&#038;ssl=1\" alt=\"Mich\u00e8le Audin. \u00a9 F. Montavani Gallimard\/Opale\/leemage \" width=\"649\" height=\"278\" title=\"\"\/><figcaption>Mich\u00e8le Audin<\/figcaption><\/figure>\n\n\n\n<p><a href=\"https:\/\/www.humanite.fr\/essai-la-revolution-avec-le-peuple-selon-bernard-noel-703753\">Essai. La r\u00e9volution avec le peuple, selon Bernard No\u00ebl<\/a> (L\u2019Humanit\u00e9)<\/p>\n\n\n\n<p><a href=\"https:\/\/www.contretemps.eu\/tag\/journal-de-la-commune\/\">La Commune au jour le jour. Jeudi 20 avril 1871<\/a> (Contretemps)<\/p>\n\n\n\n<p><a href=\"https:\/\/www.humanite.fr\/portraits-de-communardes-anna-jaclard-laristocrate-rebelle-704071\">Portraits de communardes. Anna Jaclard, l\u2019aristocrate rebelle<\/a> (L\u2019Humanit\u00e9)<\/p>\n\n\n\n<figure class=\"wp-block-image is-resized\"><img data-recalc-dims=\"1\" loading=\"lazy\" decoding=\"async\" src=\"https:\/\/i0.wp.com\/www.humanite.fr\/sites\/default\/files\/images\/84659.HR.jpg?resize=710%2C253&#038;ssl=1\" alt=\"Portraits de communardes et de communards r\u00e9alis\u00e9s par Dugudus. \" width=\"710\" height=\"253\" title=\"\"\/><figcaption>Portraits de Communardes et de Communards par Dugudus<\/figcaption><\/figure>\n\n\n\n<p><a href=\"https:\/\/faisonsvivrelacommune.org\/evenement\/conference-cycle-histoire-de-la-commune-les-origines-de-la-commune\/2021-04-28\/\">Cycle de conf\u00e9rences \u00ab Histoire de la Commune \u00bb \u00e0 Grenoble28 avril \u2013 18:30 &#8211; 20:30|\u00e9v\u00e8nement r\u00e9current (Voir toutes les dates)<\/a> (Faisons vivre la Commune)<\/p>\n\n\n\n<p><a href=\"https:\/\/faisonsvivrelacommune.org\/evenement\/balade-gustave-flourens\/2021-04-28\/\">La balade Gustave Flourens (25 et 28 avril 15h-17h)<\/a> (Faisons vivre la Commune)<\/p>\n\n\n\n<p><a href=\"https:\/\/www.commune1871.org\/la-commune-de-paris\/histoire-de-la-commune\/commune-1871-ephemeride\/1209-commune-1871-ephemeride-19-avril-la-declaration-au-peuple-francais\">Commune 1871 : \u00e9ph\u00e9m\u00e9ride 19 avril &#8211; La D\u00e9claration au Peuple fran\u00e7ais<\/a> (Les Amies et Amis de la Commune de Paris)<\/p>\n\n\n\n<figure class=\"wp-block-image is-resized\"><img data-recalc-dims=\"1\" loading=\"lazy\" decoding=\"async\" src=\"https:\/\/i0.wp.com\/www.commune1871.org\/images\/PhotothequeAmis\/jpg\/je_veux_etre_libre.jpg?resize=346%2C453&#038;ssl=1\" alt=\"https:\/\/www.commune1871.org\/images\/PhotothequeAmis\/jpg\/je_veux_etre_libre.jpg\" width=\"346\" height=\"453\"\/><\/figure>\n\n\n\n<p><a href=\"https:\/\/macommunedeparis.com\/2021\/04\/19\/19-avril-1871-une-institutrice-une-fleuriste-un-postier-une-fillette-et-un-journaliste\/\">19 avril 1871, une institutrice, une fleuriste, un postier, une fillette et un journaliste<\/a> (le blog de mich\u00e8le audin)<\/p>\n\n\n\n<p><a href=\"https:\/\/www.acrimed.org\/La-responsabilite-de-la-presse-dans-la-repression\">La responsabilit\u00e9 de la presse dans la r\u00e9pression de la Commune de Paris<\/a> (Acrimed)<\/p>\n\n\n\n<p><a href=\"https:\/\/www.commune1871.org\/la-commune-de-paris\/histoire-de-la-commune\/commune-1871-ephemeride\">Commune 1871 : \u00e9ph\u00e9m\u00e9ride 18 avril &#8211; La Commune et la Banque de France &#8211; Z\u00e9phirin Cam\u00e9linat<\/a> (Amies et Amis de la Commune de Paris)<\/p>\n\n\n\n<figure class=\"wp-block-image is-resized\"><img data-recalc-dims=\"1\" loading=\"lazy\" decoding=\"async\" src=\"https:\/\/i0.wp.com\/www.commune1871.org\/images\/PhotothequeAmis\/jpg\/Camelinat-CineArchives.jpg?resize=495%2C327&#038;ssl=1\" alt=\"Cam\u00e9linat tir\u00e9 du film d'Armand Guerra &quot;La Commune&quot; de 1914 (source Cin\u00e9-Archives)\" width=\"495\" height=\"327\" title=\"Cam\u00e9linat tir\u00e9 du film d'Armand Guerra &quot;La Commune&quot; de 1914 (source Cin\u00e9-Archives)\"\/><\/figure>\n\n\n\n<p><a href=\"https:\/\/www.google.com\/search?client=firefox-b-d&amp;q=Contretemps+la+commune+au+jour+le+jour\">La Commune au jour le jour. Mardi 18 avril 1871<\/a> (Contretemps)<\/p>\n\n\n\n<figure class=\"wp-block-image is-resized\"><img data-recalc-dims=\"1\" loading=\"lazy\" decoding=\"async\" src=\"https:\/\/i0.wp.com\/www.contretemps.eu\/wp-content\/uploads\/18avril-1-e1618756801606.png?resize=588%2C426&#038;ssl=1\" alt=\"\" class=\"wp-image-28032\" width=\"588\" height=\"426\"\/><figcaption><code>Etat du pont d'Asni\u00e8res apr\u00e8s les derniers combats<\/code>      <\/figcaption><\/figure>\n\n\n\n<p><a href=\"https:\/\/macommunedeparis.com\/2021\/04\/18\/18-avril-1871-est-il-possible-quil-ny-ait-rien-de-nouveau-sur-la-guerre\/\">18 avril 1871, est-il possible qu\u2019il n\u2019y ait rien de nouveau sur la guerre?<\/a> (le blog de mich\u00e8le audin)<\/p>\n\n\n\n<p><a href=\"https:\/\/www.commune1871.org\/la-commune-de-paris\/histoire-de-la-commune\/commune-1871-ephemeride\">Commune 1871 : \u00e9ph\u00e9m\u00e9ride 17 avril &#8211; Vote de la loi sur les \u00e9ch\u00e9ances &#8211; Napol\u00e9on la Cecilia et Marie David<\/a> (Amies et Amis de la Commune de Paris)<\/p>\n\n\n\n<figure class=\"wp-block-image is-resized\"><img data-recalc-dims=\"1\" loading=\"lazy\" decoding=\"async\" src=\"https:\/\/i0.wp.com\/www.commune1871.org\/images\/PhotothequeAmis\/jpg\/Banque%20de%20France%20en%201871.jpg?resize=598%2C384&#038;ssl=1\" alt=\"La banque de France en 1871 (L'Illustration ann\u00e9e 1872)\" width=\"598\" height=\"384\" title=\"La banque de France en 1871 (L'Illustration ann\u00e9e 1872)\"\/><\/figure>\n\n\n\n<p><a href=\"https:\/\/www.mediapart.fr\/journal\/culture-idees\/110421\/la-commune-une-experience-feministe\">La Commune, une exp\u00e9rience f\u00e9ministe<\/a> (M\u00e9diapart)<\/p>\n\n\n\n<p><a href=\"https:\/\/www.mediapart.fr\/journal\/culture-idees\/090421\/d-icone-sovietique-figure-queer-les-metamorphoses-de-louise-michel\">D\u2019ic\u00f4ne sovi\u00e9tique \u00e0 figure queer: les m\u00e9tamorphoses de Louise Michel<\/a> (M\u00e9diapart)<\/p>\n\n\n\n<p><a href=\"https:\/\/www.contretemps.eu\/tag\/journal-de-la-commune\/\">La Commune au jour le jour. Lundi 17 avril 1871<\/a> (Contretemps)<\/p>\n\n\n\n<figure class=\"wp-block-image is-resized\"><img data-recalc-dims=\"1\" loading=\"lazy\" decoding=\"async\" src=\"https:\/\/i0.wp.com\/www.contretemps.eu\/wp-content\/uploads\/LM17avril.jpg?resize=512%2C384&#038;ssl=1\" alt=\"\" width=\"512\" height=\"384\"\/><\/figure>\n\n\n\n<p><a href=\"https:\/\/macommunedeparis.com\/2021\/04\/17\/17-avril-1871-dans-cette-odeur-de-poudre-et-cette-tempete-de-canons\/\">17 avril 1871, dans cette odeur de poudre et cette temp\u00eate de canons<\/a> (le blog de mich\u00e8le audin)<\/p>\n\n\n\n<p><a href=\"https:\/\/berlemon.net\/archives\/archives_maijuin2014.html\">La Commune de Paris (livres, expos, films, commentaires)<\/a> (berlemon.archives)<\/p>\n\n\n\n<p><a href=\"https:\/\/www.contretemps.eu\/tag\/journal-de-la-commune\/\">La Commune au jour le jour. Dimanche 16 avril 1871<\/a> (Contretemps)<\/p>\n\n\n\n<figure class=\"wp-block-image is-resized\"><img data-recalc-dims=\"1\" loading=\"lazy\" decoding=\"async\" src=\"https:\/\/i0.wp.com\/www.contretemps.eu\/wp-content\/uploads\/ouvrierscommune.jpg?resize=616%2C350&#038;ssl=1\" alt=\"\" width=\"616\" height=\"350\"\/><\/figure>\n\n\n\n<p><a href=\"https:\/\/www.commune1871.org\/la-commune-de-paris\/histoire-de-la-commune\/commune-1871-ephemeride\/1207-commune-1871-ephemeride-16-avril-la-requisition-des-ateliers-abandonnes\">Commune 1871 : \u00e9ph\u00e9m\u00e9ride 16 avril &#8211; La r\u00e9quisition des ateliers abandonn\u00e9s<\/a> (Les Amies et Amis de la Commune)<\/p>\n\n\n\n<p><a href=\"https:\/\/macommunedeparis.com\/2021\/04\/16\/16-avril-1871-quelques-expressions-de-la-democratie\/\">16 avril 1871, quelques expressions de la d\u00e9mocratie<\/a> ((le blog de mich\u00e8le audin)<\/p>\n\n\n\n<p><a href=\"https:\/\/www.commune1871.org\/la-commune-de-paris\/histoire-de-la-commune\/commune-1871-ephemeride\/1204-commune-1871-ephemeride-15-avril-le-louvre-reouvert-vive-la-commune-a-cosne-sur-loire\">Commune 1871 : \u00e9ph\u00e9m\u00e9ride 15 avril &#8211; Le Louvre r\u00e9ouvert &#8211; Vive la Commune \u00e0 Cosne-sur-Loire !<\/a> (Les Amies et Amis de la Commune)<\/p>\n\n\n\n<p><a href=\"https:\/\/www.commune1871.org\/la-commune-de-paris\/histoire-de-la-commune\/commune-1871-ephemeride\/1202-commune-1871-ephemeride-14-avril-quand-versailles-prevoit-de-museler-la-capitale-par-la-loi\">Commune 1871 : \u00e9ph\u00e9m\u00e9ride 14 avril &#8211; Quand Versailles pr\u00e9voit de museler la capitale par la loi\u2026<\/a> (Les Amies et Amis de la Commune)<\/p>\n\n\n\n<p><a href=\"https:\/\/www.contretemps.eu\/tag\/journal-de-la-commune\/\">La Commune au jour le jour. Samedi 15 avril 1871<\/a> (Contretemps)<\/p>\n\n\n\n<p><a href=\"https:\/\/macommunedeparis.com\/2021\/04\/14\/bernard-noel-est-mort-lisons-son-dictionnaire-de-la-commune\/\">Bernard No\u00ebl est mort \u2013 lisons son Dictionnaire de la Commune<\/a> (le blog de mich\u00e8le audin)<\/p>\n\n\n\n<figure class=\"wp-block-image is-resized\"><img data-recalc-dims=\"1\" loading=\"lazy\" decoding=\"async\" src=\"https:\/\/macommunedeparis.files.wordpress.com\/2021\/04\/couv-oka-dictionnaire-1000px.jpg?w=816&#038;resize=450%2C622\" alt=\"\" width=\"450\" height=\"622\"\/><\/figure>\n\n\n\n<p><a href=\"https:\/\/macommunedeparis.com\/2021\/04\/15\/15-avril-1871-au-louvre-au-museum-a-la-chapelle-et-ailleurs\/\">15 avril 1871, au Louvre, au Mus\u00e9um, \u00e0 La Chapelle, et ailleurs<\/a> (le blog de mich\u00e8le audin)<\/p>\n\n\n\n<p><a href=\"https:\/\/macommunedeparis.com\/2021\/04\/14\/14-avril-1871-vous-obligez-paris-a-vaincre-ou-a-mourir\/\">14 avril 1871, vous obligez Paris \u00e0 vaincre \u2013 ou \u00e0 mourir<\/a> (le blog de mich\u00e8le audin)<\/p>\n\n\n\n<p><a href=\"https:\/\/www.contretemps.eu\/tag\/journal-de-la-commune\/\">La Commune au jour le jour. Jeudi 13 avril 187<\/a> (Contretemps)<\/p>\n\n\n\n<p><a href=\"https:\/\/www.commune1871.org\/la-commune-de-paris\/histoire-de-la-commune\/commune-1871-ephemeride\">Commune 1871 : \u00e9ph\u00e9m\u00e9ride 13 avril &#8211; R\u00e9union de la F\u00e9d\u00e9ration des artistes<\/a> (Les Amies et Amis de la Commune)<\/p>\n\n\n\n<figure class=\"wp-block-image\"><img data-recalc-dims=\"1\" decoding=\"async\" src=\"https:\/\/i0.wp.com\/www.commune1871.org\/images\/PhotothequeAmis\/jpg\/courbet-petit2.jpg?w=1200&#038;ssl=1\" alt=\"\"\/><\/figure>\n\n\n\n<p><a href=\"https:\/\/macommunedeparis.com\/2021\/04\/13\/13-avril-1871-la-guerre-continue-la-vie-aussi\/\">13 avril 1871, la guerre continue, la vie aussi<\/a> (le blog de mich\u00e8le audin)<\/p>\n\n\n\n<figure class=\"wp-block-image is-resized\"><img data-recalc-dims=\"1\" loading=\"lazy\" decoding=\"async\" src=\"https:\/\/macommunedeparis.files.wordpress.com\/2020\/11\/guerreaexecutive.png?w=717&#038;resize=418%2C520\" alt=\"\" width=\"418\" height=\"520\"\/><\/figure>\n\n\n\n<p><a href=\"https:\/\/www.contretemps.eu\/journal-commune-12-avril-1871\/\">La Commune au jour le jour. Mercredi 12 avril 1871<\/a> (Contretemps)<\/p>\n\n\n\n<figure class=\"wp-block-image\"><img data-recalc-dims=\"1\" decoding=\"async\" src=\"https:\/\/i0.wp.com\/www.contretemps.eu\/wp-content\/uploads\/colonne-V-1.jpg?w=1200&#038;ssl=1\" alt=\"\"\/><\/figure>\n\n\n\n<p><a href=\"https:\/\/www.commune1871.org\/la-commune-de-paris\/histoire-de-la-commune\/commune-1871-ephemeride\">Commune 1871 : \u00e9ph\u00e9m\u00e9ride 12 avril &#8211; D\u00e9cret sur la d\u00e9molition de la colonne Vend\u00f4me<\/a> (les Amies et Amis de la commune de Paris)<\/p>\n\n\n\n<div class=\"wp-block-image\"><figure class=\"aligncenter is-resized\"><img data-recalc-dims=\"1\" decoding=\"async\" src=\"https:\/\/i0.wp.com\/www.contretemps.eu\/wp-content\/uploads\/12-avril.2.png?w=1200&#038;ssl=1\" alt=\"\" class=\"wp-image-27632\"  \/><\/figure><\/div>\n\n\n\n<p><a href=\"https:\/\/macommunedeparis.com\/2021\/04\/12\/12-avril-1871-des-femmes-encore-un-etranger-un-renegat-et-une-lettre-de-londres\/\">12 avril 1871, des femmes, encore un \u00e9tranger, un ren\u00e9gat et une lettre de Londres<\/a> (le blog-de mich\u00e8le audin)<\/p>\n\n\n\n<figure class=\"wp-block-image\"><img data-recalc-dims=\"1\" decoding=\"async\" src=\"https:\/\/macommunedeparis.files.wordpress.com\/2016\/06\/margueritelachaise.png?w=1200\" alt=\"\"\/><figcaption>Marguerite Lachaise, cantini\u00e8re au 6i\u00e8me bataillon de la garde nationale                                                                                          <\/figcaption><\/figure>\n\n\n\n<p><a href=\"https:\/\/www.contretemps.eu\/journal-commune-11-avril-1871\/\">La Commune au jour le jour. Mardi 11 avril 1871<\/a> (Contretemps)<\/p>\n\n\n\n<figure class=\"wp-block-image is-resized\"><img data-recalc-dims=\"1\" loading=\"lazy\" decoding=\"async\" src=\"https:\/\/i0.wp.com\/www.contretemps.eu\/wp-content\/uploads\/1_0-2.jpg?resize=581%2C369&#038;ssl=1\" alt=\"\" width=\"581\" height=\"369\"\/><\/figure>\n\n\n\n<p><a href=\"https:\/\/macommunedeparis.com\/category\/il-y-a-cent-cinquante-ans\/\">11 avril 1871, c\u2019est bien inutile, mais un adversaire d\u00e9clar\u00e9 du mariage en c\u00e9l\u00e8bre deux<\/a> (le blog-de mich\u00e8le audin)<\/p>\n\n\n\n<p><a href=\"https:\/\/www.commune1871.org\/la-commune-de-paris\/histoire-de-la-commune\/commune-1871-ephemeride\/1199-commune-1871-ephemeride-11-avril-union-des-femmes-pour-la-defense-de-paris-et-les-soins-aux-blesses\">Commune 1871 : \u00e9ph\u00e9m\u00e9ride 11 avril &#8211; Union des femmes pour la d\u00e9fense de Paris et les soins aux bless\u00e9s &#8211; Manifestations \u00e0 P\u00e9rigueux<\/a> (les Amies et Amis de la Commune)<\/p>\n\n\n\n<p>Commune 1871 : \u00e9ph\u00e9m\u00e9ride 11 avril &#8211; Union des femmes pour la d\u00e9fense de Paris et les soins aux bless\u00e9s &#8211; Manifestations \u00e0 P\u00e9rigueux<\/p>\n\n\n\n<figure class=\"wp-block-image is-resized\"><img data-recalc-dims=\"1\" loading=\"lazy\" decoding=\"async\" src=\"https:\/\/i0.wp.com\/www.commune1871.org\/images\/PhotothequeAmis\/jpg\/statut_union_femmes_a.jpg?resize=549%2C700&#038;ssl=1\" alt=\"\" width=\"549\" height=\"700\"\/><\/figure>\n\n\n\n<p><a href=\"https:\/\/faisonsvivrelacommune.org\/evenement\/la-commune-de-paris-et-lengagement-des-femmes-conference-virtuelle\/\">La Commune de Paris et l\u2019engagement des femmes conf\u00e9rence virtuelle11 avril \u2013 14:30 &#8211; 16:30<\/a> (faisons vivre la Commune)<\/p>\n\n\n\n<p><a href=\"https:\/\/solidaires.org\/1871-2021-Elle-est-vivante-vive-la-Commune\">Faisons du 29 mai 2021, une grande journ\u00e9e populaire pour c\u00e9l\u00e9brer la Commune de Paris 1871 !<\/a> (Appel unitaire))<\/p>\n\n\n\n<p><a href=\"https:\/\/paris-luttes.info\/la-commune-n-est-pas-morte-14769\">La Commune n\u2019est pas morte !Appel multilingue pour une manifestation<\/a> (Paris-luttes-info)<\/p>\n\n\n\n<p><a href=\"https:\/\/www.commune1871.org\/la-commune-de-paris\/histoire-de-la-commune\/commune-1871-ephemeride\/1196-commune-1871-ephemeride-10-avril-decret-legitimant-de-fait-l-union-libre-la-charite-sur-loire(Les\">Commune 1871 : \u00e9ph\u00e9m\u00e9ride 10 avril &#8211; D\u00e9cret l\u00e9gitimant de fait l&rsquo;union libre &#8211; La Charit\u00e9-sur-Loire<\/a> ( Les Amies et Amis de la Commune de Paris)<\/p>\n\n\n\n<figure class=\"wp-block-image is-resized\"><img data-recalc-dims=\"1\" loading=\"lazy\" decoding=\"async\" src=\"https:\/\/i0.wp.com\/www.commune1871.org\/images\/PhotothequeAmis\/jpg\/112_10_avril_decrets.JPEG?resize=435%2C668&#038;ssl=1\" alt=\"Affiche de la Commune n\u00b0 112 du 10 avril 1871 \u2013 D\u00e9cret sur les pensions\" width=\"435\" height=\"668\" title=\"Affiche de la Commune n\u00b0 112 du 10 avril 1871 \u2013 D\u00e9cret sur les pensions\"\/><\/figure>\n\n\n\n<p><a href=\"https:\/\/www.contretemps.eu\/journal-commune-10-avril-1871\/\">La Commune au jour le jour. Lundi 10 avril 1871<\/a> (Contretemps)<\/p>\n\n\n\n<figure class=\"wp-block-image is-resized\"><img data-recalc-dims=\"1\" loading=\"lazy\" decoding=\"async\" src=\"https:\/\/i0.wp.com\/www.contretemps.eu\/wp-content\/uploads\/uniformes.jpg?resize=556%2C309&#038;ssl=1\" alt=\"\" width=\"556\" height=\"309\"\/><figcaption>Commandant et ing\u00e9nieur des barricades               F\u00e9d\u00e9r\u00e9 Charonne M\u00e9nilmontand                                                                                                                                                      <\/figcaption><\/figure>\n\n\n\n<p><a href=\"https:\/\/macommunedeparis.com\/2021\/04\/10\/10-avril-1871-le-peuple-la-commune-et-limoges-par-casimir-bouis\/\">10 avril 1871, le peuple, la Commune (et Limoges) par Casimir Bouis<\/a> (le blog-de mich\u00e8le audin)<\/p>\n\n\n\n<p><a href=\"https:\/\/www.contretemps.eu\/tag\/journal-de-la-commune\/\">La Commune au jour le jour. Dimanche 9 avril 1871<\/a> (Contretemps)<\/p>\n\n\n\n<p><a href=\"https:\/\/www.revue-ballast.fr\/michele-audin-raconte-eugene-varlin\/\">Mich\u00e8le Audin raconte Eug\u00e8ne Varlin<\/a> (revue Ballast)<\/p>\n\n\n\n<p><a href=\"https:\/\/www.commune1871.org\/\">Commune 1871 : \u00e9ph\u00e9m\u00e9ride 9 avril &#8211; La presse communarde: Le P\u00e8re Duch\u00eane<\/a> (Les Amies et Amis de la Commune)<\/p>\n\n\n\n<figure class=\"wp-block-image is-resized\"><img data-recalc-dims=\"1\" loading=\"lazy\" decoding=\"async\" src=\"https:\/\/i0.wp.com\/www.commune1871.org\/images\/PhotothequeAmis\/jpg\/vuillaumevermerschhumbert_petit.jpg?resize=267%2C346&#038;ssl=1\" alt=\"\" width=\"267\" height=\"346\"\/><\/figure>\n\n\n\n<p><a href=\"https:\/\/macommunedeparis.com\/2021\/04\/09\/9-avril-1871-photographier-les-morts\/\">9 avril 1871, photographier les morts<\/a> (le blog-de mich\u00e8le audin)<\/p>\n\n\n\n<figure class=\"wp-block-image is-resized\"><img data-recalc-dims=\"1\" loading=\"lazy\" decoding=\"async\" src=\"https:\/\/macommunedeparis.files.wordpress.com\/2020\/11\/photo234.png?w=430&#038;resize=295%2C463\" alt=\"\" width=\"295\" height=\"463\"\/><\/figure>\n\n\n\n<p><a href=\"https:\/\/macommunedeparis.com\/2021\/04\/07\/mercredi-14-avril-sur-radio-fpp-et-quelques-autres-informations\/\">Mercredi 14 avril sur radio FPP et quelques autres informations<\/a> (le blog-de mich\u00e8le audin)<\/p>\n\n\n\n<figure class=\"wp-block-image is-resized\"><img data-recalc-dims=\"1\" loading=\"lazy\" decoding=\"async\" src=\"https:\/\/macommunedeparis.files.wordpress.com\/2021\/04\/p1000857.jpg?w=816&#038;resize=471%2C370\" alt=\"\" width=\"471\" height=\"370\"\/><\/figure>\n\n\n\n<p><a href=\"https:\/\/www.revue-ballast.fr\/commune-caste-gustave-lefrancais\/\">La Commune ou la caste \u2014 par Gustave Lefran\u00e7ais<\/a> (revue Ballast)<\/p>\n\n\n\n<p><a href=\"http:\/\/www.contretemps.eu\/journal-commune-8-avril-1871\/\">La<\/a> <a href=\"http:\/\/www.contretemps.eu\/journal-commune-8-avril-1871\/\">Commune au jour le jour. Samedi 8 avril 1871<\/a>(Contretemps)<\/p>\n\n\n\n<p><a href=\"https:\/\/www.commune1871.org\/la-commune-de-paris\/histoire-de-la-commune\/commune-1871-ephemeride\">Commune 1871 : \u00e9ph\u00e9m\u00e9ride 8 avril \u2013 Les Prussiens et la Commune &#8211; Les surnoms de Thiers<\/a> (\u00e9ph\u00e9m\u00e9ride Les Amies et Amies de la Commune)<\/p>\n\n\n\n<p><a href=\"https:\/\/macommunedeparis.com\/2021\/04\/08\/8-avril-1871-victorine-une-plieuse-une-autre-cantiniere-etc\/\">8 avril 1871, Victorine, une plieuse, une autre cantini\u00e8re, etc.<\/a> (le blog-de mich\u00e8le audin)<\/p>\n\n\n\n<p><a href=\"https:\/\/www.revue-ballast.fr\/elisee-reclus-vivre-entre-egaux\/\">\u00c9lis\u00e9e Reclus, vivre entre \u00e9gaux<\/a> (revue Ballast)<\/p>\n\n\n\n<p><a href=\"https:\/\/www.revue-ballast.fr\/labecedaire-de-louise-michel\/\">L\u2019ab\u00e9c\u00e9daire de Louise Michel<\/a> (revue Ballast)<\/p>\n\n\n\n<figure class=\"wp-block-image\"><img data-recalc-dims=\"1\" decoding=\"async\" src=\"https:\/\/i0.wp.com\/www.revue-ballast.fr\/wp-content\/uploads\/2017\/03\/louisem2.jpg?w=1200&#038;ssl=1\" alt=\"\"\/><\/figure>\n\n\n\n<p><a href=\"https:\/\/macommunedeparis.com\/2021\/04\/07\/7-avril-1871-les-generaux-de-la-commune-par-gustave-maroteau\/\">7 avril 1871, les g\u00e9n\u00e9raux de la Commune, par Gustave Maroteau<\/a> (le blog- de mich\u00e8le audin)<\/p>\n\n\n\n<figure class=\"wp-block-image is-resized\"><img data-recalc-dims=\"1\" loading=\"lazy\" decoding=\"async\" src=\"https:\/\/macommunedeparis.files.wordpress.com\/2020\/11\/soldatcommunardvierge.png?w=555&#038;resize=416%2C673\" alt=\"\" width=\"416\" height=\"673\"\/><\/figure>\n\n\n\n<p><a href=\"https:\/\/faisonsvivrelacommune.org\/evenement\/parcours-des-communards\/\">Parcours des communards10 avril \u2013 08:00 &#8211; 17:00<\/a><br>(Faisons vivre la Commune)<\/p>\n\n\n\n<p><a href=\"https:\/\/faisonsvivrelacommune.org\/evenement\/balade-au-pere-lachaise-1-2-2021-04-07\/2021-04-07\/\">Balade au P\u00e8re-Lachaise 17 avril \u2013 15:00 &#8211; 17:00|\u00e9v\u00e8nement r\u00e9current (Voir toutes les dates)<\/a> (Faisons vivre la Commune)<\/p>\n\n\n\n<p><a href=\"https:\/\/faisonsvivrelacommune.org\/evenement\/hommage-des-artistes-de-menilmontant-a-la-commune\/\">Hommage des artistes de M\u00e9nilmontant \u00e0 la Commune6 avril \u2013 14:00 &#8211; 18 avril \u2013 17:00<\/a> (Faisons vivre la Commune)<\/p>\n\n\n\n<p><a href=\"https:\/\/www.revue-ballast.fr\/zola-contre-la-commune\/\">Zola contre la Commune<\/a> (revue Ballast)<\/p>\n\n\n\n<p><a href=\"https:\/\/www.commune1871.org\/la-commune-de-paris\/guide-des-sources\/2-uncategorised\/1193-commune-1871-ephemeride-7-avril-geoges-sand-la-commune-de-paris-vue-de-nohant-indre\">Commune 1871 : \u00e9ph\u00e9m\u00e9ride 7 avril &#8211; Geoges Sand, la Commune de Paris vue de Nohant (Indre) &#8211; La Commune de Paris aux d\u00e9partements <\/a>(\u00e9ph\u00e9m\u00e9ride les Amies et amis de la Commune)<\/p>\n\n\n\n<p><a href=\"https:\/\/www.revue-ballast.fr\/anna-jaclard-legalite-enfin\/\">Anna Jaclard, l\u2019\u00e9galit\u00e9 enfin<\/a> (revue Ballast)<\/p>\n\n\n\n<p><a href=\"https:\/\/faisonsvivrelacommune.org\/evenement\/manifestation-des-femmes-deambulation\/\">Manifestation des femmes \u2013 D\u00e9ambulation Faire vivre la m\u00e9moire des communardes connues et inconnues<\/a> (Site mairie 20i\u00e8me)<\/p>\n\n\n\n<p><a href=\"https:\/\/faisonsvivrelacommune.org\/wp-content\/uploads\/2021\/04\/Actualites-de-la-Commune-la-commune-en-chantant.pdf\">La Commune en chantant !<\/a> (Faisons vivre la commune !)<\/p>\n\n\n\n<p><a href=\"https:\/\/www.revue-ballast.fr\/louise-michel-colonise\/\">Louise Michel : tenir la lutte en pays colonis\u00e9<\/a> (revue-Ballast)<\/p>\n\n\n\n<p><a href=\"https:\/\/www.revue-ballast.fr\/rosa-luxemburg-la-commune\/\">Rosa Luxemburg et l\u2019ombre de la Commune<\/a> (revue-Ballast)<\/p>\n\n\n\n<p><a href=\"https:\/\/www.revue-ballast.fr\/gaston-da-costa-se-defier-des-endormeurs\/\">Gaston Da Costa : se d\u00e9fier des endormeurs<\/a> (revue Ballast)<\/p>\n\n\n\n<p><a href=\"https:\/\/macommunedeparis.com\/\">6 avril 1871, mairie du onzi\u00e8me arrondissement \u2013 des morts de la guerre<\/a> (Le blog -de mich\u00e8le audin)<\/p>\n\n\n\n<figure class=\"wp-block-image is-resized\"><img data-recalc-dims=\"1\" loading=\"lazy\" decoding=\"async\" src=\"https:\/\/macommunedeparis.files.wordpress.com\/2021\/04\/guillotine.png?w=782&#038;resize=584%2C416\" alt=\"\" width=\"584\" height=\"416\"\/><figcaption>Incin\u00e9ration de la guillotine (Illustrated London News)<\/figcaption><\/figure>\n\n\n\n<p><a href=\"https:\/\/www.commune1871.org\/la-commune-de-paris\/histoire-de-la-commune\/dossier-thematique\/2-uncategorised\/1189-commune-1871-ephemeride-5-avril-le-decret-des-otages-gustave-flourens\">Commune 1871 : \u00e9ph\u00e9m\u00e9ride 5 avril &#8211; Le d\u00e9cret des otages &#8211; Gustave Flourens<\/a> (\u00e9ph\u00e9m\u00e9ride Les Amies et Amis de la Commune de Paris)<\/p>\n\n\n\n<p><a href=\"https:\/\/www.commune1871.org\/la-commune-de-paris\/histoire-de-la-commune\/dossier-thematique\/2-uncategorised\/1192-commune-1871-ephemeride-4-avril-ecrasement-de-la-commune-de-marseille-la-breve-commune-de-limoges\">Commune 1871 : \u00e9ph\u00e9m\u00e9ride 4 avril &#8211; \u00c9crasement de la Commune de Marseille &#8211; La br\u00e8ve Commune de Limoges<\/a> (\u00e9ph\u00e9m\u00e9ride Les Amies et Amis de la Commune)<\/p>\n\n\n\n<p><a href=\"https:\/\/macommunedeparis.com\/2021\/04\/05\/5-avril-1871-il-faut-choisir-et-autres-nouvelles\/\">5 avril 1871, Il faut choisir, et autres nouvelles<\/a> (le blog-de mich\u00e8le audin)<\/p>\n\n\n\n<p><a href=\"https:\/\/macommunedeparis.com\/2021\/04\/04\/4-avril-1871-assassinat-ou-pire-des-prisonniers\/\">4 avril 1871, assassinat \u2013 ou pire \u2013 des prisonniers<\/a> ( (le blog-de mich\u00e8le audin)<\/p>\n\n\n\n<figure class=\"wp-block-image is-resized\"><img data-recalc-dims=\"1\" loading=\"lazy\" decoding=\"async\" src=\"https:\/\/macommunedeparis.files.wordpress.com\/2020\/10\/gautierbravefusillelache.jpg?w=816&#038;resize=648%2C399\" alt=\"\" width=\"648\" height=\"399\"\/><figcaption>Andr\u00e9-D\u00e9sir\u00e9 Gautier: Hommage \u00e0 Duval (mus\u00e9e Carnavalet)<\/figcaption><\/figure>\n\n\n\n<p><a href=\"https:\/\/macommunedeparis.com\/2021\/04\/03\/3-avril-1871-depart-de-la-sortie-torrentielle-vers-versailles\/\">3 avril 1871, d\u00e9part de la sortie torrentielle vers Versailles<\/a> (le blog-de mich\u00e8le audin)<\/p>\n\n\n\n<p><a href=\"https:\/\/www.commune1871.org\/la-commune-de-paris\/histoire-de-la-commune\/commune-1871-ephemeride\/1191-commune-1871-ephemeride-2-avril-marche-des-femmes-sur-versailles-emile-duval\">Commune 1871 : \u00e9ph\u00e9m\u00e9ride 3 avril &#8211; Marche des femmes sur Versailles &#8211; \u00c9mile Duval <\/a>(\u00e9ph\u00e9m\u00e9ride les Amies et Amis de la Commune)<\/p>\n\n\n\n<p><a href=\"https:\/\/faisonsvivrelacommune.org\/evenement\/balade-au-pere-lachaise-1-2\/2021-04-04\/\">Balade au P\u00e8re-Lachaise 4 avril \u2013 15:00 &#8211; 17:00|\u00e9v\u00e8nement r\u00e9current (Voir toutes les dates)<\/a> (Faisons vivre la Commune)<\/p>\n\n\n\n<p><a href=\"https:\/\/macommunedeparis.com\/2021\/04\/02\/2-avril-1871-la-guerre-commence-la-montagne-parait\/\">2 avril 1871, la guerre commence, La Montagne para\u00eet<\/a> (le blog-de mich\u00e8le audin)<\/p>\n\n\n\n<figure class=\"wp-block-image is-resized\"><img data-recalc-dims=\"1\" loading=\"lazy\" decoding=\"async\" src=\"https:\/\/macommunedeparis.files.wordpress.com\/2021\/04\/2avrilpontdeneuilly.png?w=816&#038;resize=712%2C470\" alt=\"\" width=\"712\" height=\"470\"\/><\/figure>\n\n\n\n<p><a href=\"https:\/\/www.commune1871.org\/la-commune-de-paris\/histoire-de-la-commune\/dossier-thematique\/2-uncategorised\/1190-commune-1871-ephemeride-2-avril-separation-de-l-eglise-et-de-l-etat-et-separation-de-l-eglise-et-de-l-etat\">L&rsquo;offensive des Versaillais<\/a> (\u00e9ph\u00e9m\u00e9ride les Amies et Amis de la Commune de Paris)<\/p>\n\n\n\n<p><a href=\"https:\/\/macommunedeparis.com\/2021\/04\/01\/1er-avril-1871-nouvelles-du-jour\/\">1er avril 1871, nouvelles du jour<\/a> (le blog-de mich\u00e8le audin)<\/p>\n\n\n\n<figure class=\"wp-block-image is-resized\"><img data-recalc-dims=\"1\" loading=\"lazy\" decoding=\"async\" src=\"https:\/\/macommunedeparis.files.wordpress.com\/2020\/10\/truitecourbet.png?w=816&#038;resize=675%2C445\" alt=\"\" width=\"675\" height=\"445\"\/><figcaption>Gustave Courbet La Truite<\/figcaption><\/figure>\n\n\n\n<p><a href=\"https:\/\/www.commune1871.org\/la-commune-de-paris\/histoire-de-la-commune\/commune-1871-ephemeride\">Commune 1871 : \u00e9ph\u00e9m\u00e9ride &#8211; 1 avril La province en avril-mai 1871<\/a> (\u00e9ph\u00e9m\u00e9ride Amies et Amis de la Commune de Paris)<\/p>\n\n\n\n<p><a href=\"https:\/\/faisonsvivrelacommune.org\/evenement\/les-damnes-de-la-commune-sur-les-traces-dune-revolution-par-raphael-meyssan\/\">Les Damn\u00e9s de la Commune, sur les traces d\u2019une r\u00e9volution, par Raphael Meyssan<\/a> ( exposition Faisons vivre la Commune)<\/p>\n\n\n\n<p><a href=\"https:\/\/www.facebook.com\/media\/set\/?vanity=fred.sochard&amp;set=a.10159330753847072\">72 jours Fanzine communeux<\/a> (Fred Sochard, FB)<\/p>\n\n\n\n<p><a href=\"https:\/\/faisonsvivrelacommune.org\/communardes-communards-un-album-4-titres-par-dubamix\/\">Communardes Communards un album 4 titres par Dubamix<\/a> (Faisons vivre la Commune)<\/p>\n\n\n\n<p><a href=\"https:\/\/faisonsvivrelacommune.org\/dessiner-la-commune-par-eloi-valat\/\">Dessiner la Commune par \u00c9loi Valat<\/a> (Faisons vivre la Commune)<\/p>\n\n\n\n<p><a href=\"https:\/\/faisonsvivrelacommune.org\/la-commune-de-paris-quelle-commemoration\/\">La Commune de Paris. Quelle comm\u00e9moration ?<\/a> (Faisons vivre la Commune, Mich\u00e8le Riot-Sarcey)<\/p>\n\n\n\n<p><a href=\"https:\/\/www.commune1871.org\/la-commune-de-paris\/histoire-de-la-commune\/dossier-thematique\/2-uncategorised\/1187-commune-1871-ephemeride-31-mars-la-presse-pendant-la-commune\">Commune 1871 : \u00e9ph\u00e9m\u00e9ride &#8211; 31 mars La presse pendant la Commune<\/a> (\u00e9ph\u00e9m\u00e9ride les Amies et Amis de la Commune)<br><br><\/p>\n\n\n\n<figure class=\"wp-block-image is-resized\"><img data-recalc-dims=\"1\" loading=\"lazy\" decoding=\"async\" src=\"https:\/\/i0.wp.com\/www.commune1871.org\/images\/PhotothequeAmis\/jpg\/journaux_de_la_Commune_Moloch.jpg?resize=468%2C625&#038;ssl=1\" alt=\"Journaux de la Commune par Moloch (Mus\u00e9e Carnavalet - Histoire de Paris)\" width=\"468\" height=\"625\" title=\"Journaux de la Commune par Moloch (Mus\u00e9e Carnavalet - Histoire de Paris)\"\/><\/figure>\n\n\n\n<p><a href=\"https:\/\/macommunedeparis.com\/2021\/03\/31\/31-mars-1871-albert-theisz-a-lhotel-des-postes\/\">31 mars 1871, Albert Theisz \u00e0 l\u2019H\u00f4tel des postes<\/a> (le blog-de mich\u00e8le audin)<\/p>\n\n\n\n<figure class=\"wp-block-image is-resized\"><img data-recalc-dims=\"1\" loading=\"lazy\" decoding=\"async\" src=\"https:\/\/macommunedeparis.files.wordpress.com\/2020\/10\/unfaitinoui.png?w=501&#038;resize=459%2C703\" alt=\"\" width=\"459\" height=\"703\"\/><\/figure>\n\n\n\n<p><a href=\"http:\/\/www.contretemps.eu\/journal-commune-29-mars-1871\/\">La Commune au jour le jour. Mercredi 29 mars 1871<\/a>&nbsp;(Contretemps )<\/p>\n\n\n\n<figure class=\"wp-block-image is-style-default\"><img loading=\"lazy\" decoding=\"async\" width=\"324\" height=\"487\" src=\"https:\/\/i2.wp.com\/www.rdpemancipation.org\/wp-content\/uploads\/2021\/03\/Capture-decran-2021-03-29-a-11.23.32.png?resize=344%2C517&amp;ssl=1\" alt=\"\" class=\"wp-image-22819\" srcset=\"https:\/\/i0.wp.com\/www.rdpemancipation.org\/wp-content\/uploads\/2021\/03\/Capture-decran-2021-03-29-a-11.23.32.png?w=324&amp;ssl=1 324w, https:\/\/i0.wp.com\/www.rdpemancipation.org\/wp-content\/uploads\/2021\/03\/Capture-decran-2021-03-29-a-11.23.32.png?resize=200%2C300&amp;ssl=1 200w\" sizes=\"auto, (max-width: 324px) 100vw, 324px\" \/><\/figure>\n\n\n\n<p><a href=\"http:\/\/alencontre.org\/europe\/france\/la-commune-de-paris-et-la-democratie-en-armes.html\">La Commune de Paris et la d\u00e9mocratie en armes&nbsp;<\/a>&nbsp;-Patrick Le Tr\u00e9hondat<\/p>\n\n\n\n<figure class=\"wp-block-image is-style-default\"><img loading=\"lazy\" decoding=\"async\" width=\"326\" height=\"245\" src=\"https:\/\/i2.wp.com\/www.rdpemancipation.org\/wp-content\/uploads\/2021\/03\/image-152.png?resize=326%2C245&amp;ssl=1\" alt=\"\" class=\"wp-image-22651\" srcset=\"https:\/\/i0.wp.com\/www.rdpemancipation.org\/wp-content\/uploads\/2021\/03\/image-152.png?w=326&amp;ssl=1 326w, https:\/\/i0.wp.com\/www.rdpemancipation.org\/wp-content\/uploads\/2021\/03\/image-152.png?resize=300%2C225&amp;ssl=1 300w\" sizes=\"auto, (max-width: 326px) 100vw, 326px\" \/><\/figure>\n\n\n\n<p><a href=\"https:\/\/www.mediapart.fr\/journal\/france\/270321\/pourquoi-la-commune-de-paris-s-est-arretee-aux-portes-de-la-banque-de-france\">Pourquoi la Commune de Paris s\u2019est arr\u00eat\u00e9e aux portes de la Banque de France<\/a>&nbsp;(M\u00e9diapart)<\/p>\n\n\n\n<p><a href=\"http:\/\/www.contretemps.eu\/journal-commune-28-mars-1871\/\">La Commune au jour le jour. Mardi 28 mars 1871<\/a>&nbsp;(Contretemps)<\/p>\n\n\n\n<figure class=\"wp-block-image is-style-default\"><img decoding=\"async\" src=\"https:\/\/scontent.fhex4-2.fna.fbcdn.net\/v\/t1.0-9\/165309866_1172645846491215_6970986500394022000_o.jpg?_nc_cat=107&amp;ccb=1-3&amp;_nc_sid=730e14&amp;_nc_ohc=ieB0gL1y3jEAX8ftozh&amp;_nc_ht=scontent.fhex4-2.fna&amp;oh=ab926a3d2f6cc33d401ed94c838ba118&amp;oe=6086EEA3\" alt=\"Peut \u00eatre une image de texte qui dit \u201916 Arrt RUE THIERS 1797 1877 CRIMINEL ASSASSIN DE LA COMMUNE DE PARIS\u2019\"\/><\/figure>\n\n\n\n<p><a href=\"https:\/\/www.revue-ballast.fr\/partout-on-chante-pendant-la-commune\/\">Partout on chante, pendant la Commune<\/a>&nbsp;(Ballast)<\/p>\n\n\n\n<p><a href=\"http:\/\/www.contretemps.eu\/journal-commune-26-mars\/\">La Commune au jour le jour. Dimanche 26 mars<\/a>&nbsp;par Contretemps<\/p>\n\n\n\n<p><a href=\"http:\/\/www.contretemps.eu\/journal-commune-25-mars-1871\/\">La Commune au jour le jour. Samedi 25 mars 1871<\/a>&nbsp;par Contretemps<\/p>\n\n\n\n<p><a href=\"https:\/\/www.humanite.fr\/portraits-de-communardes-alix-payen-infirmiere-et-brancadiere-au-153e-bataillon-de-la-garde-701963#xtor=RSS-1\">Portraits de communardes. Alix Payen, infirmi\u00e8re et brancadi\u00e8re au 153e bataillon de la Garde nationale<\/a>&nbsp;(L\u2019Humanit\u00e9)&nbsp;<\/p>\n\n\n\n<p><a href=\"https:\/\/www.bastamag.net\/Commune-150-ans-biographie-Libertalia-Leo-Frankel-communard-sans-frontieres\">\u00ab La r\u00e9volution est pour l\u2019heure ma\u00eetre de la situation \u00bb : L\u00e9o Frankel, communard sans fronti\u00e8res<\/a>&nbsp;(Basta&nbsp;!)<\/p>\n\n\n\n<p><a href=\"https:\/\/info.mediapart.fr\/optiext\/optiextension.dll?ID=x10x0d1mKsrHv86iFOKTC%2BgH9rTmtFajvmwg2CJMfTkw8j7NExxuFzOi19YRLuyRss45%2B48YBsnyp5TjPfaUhlnSxAxV1\">Ludivine Bantigny: la Commune de Paris \u00abvoulait changer la vie\u00bb<\/a>&nbsp;-vid\u00e9o MDP<\/p>\n\n\n\n<p><a href=\"http:\/\/www.contretemps.eu\/journal-commune-24-mars-1871\/\">La Commune au jour le jour. Vendredi 24 mars 1871<\/a>&nbsp;(Contretemps)<\/p>\n\n\n\n<p><a href=\"http:\/\/www.contretemps.eu\/journal-commune-23-mars-1871\/\">La Commune au jour le jour. Jeudi 23 mars 1871<\/a>&nbsp;(Contretemps)<\/p>\n\n\n\n<p><a href=\"http:\/\/www.contretemps.eu\/journal-commune-22-mars-1871\/\">La commune au jour le jour. Mercredi 22 mars 1871<\/a>&nbsp;(Contretemps)<\/p>\n\n\n\n<p><a href=\"http:\/\/www.questionsdeclasses.org\/?La-Commune-de-Paris-racontee-aux-enfants\">La Commune de Paris racont\u00e9e aux enfants\u2026<\/a>&nbsp;\u2013&nbsp;<a href=\"https:\/\/www.questionsdeclasses.org\/?_greg_\">Collectif Q2C<\/a><\/p>\n\n\n\n<p><a href=\"http:\/\/www.contretemps.eu\/journal-commune-22-mars-1871\/\">La commune au jour le jour. Mercredi 22 mars 1871<\/a>&nbsp;(Contretemps)<\/p>\n\n\n\n<p><a href=\"https:\/\/info.mediapart.fr\/optiext\/optiextension.dll?ID=x10xZME%2B0i2Wa4SK_11w6k1j_slWXIx%2BtHRfrh5E1__%2BEgrNEOXFKnAfFQN9FTFHsLRkOuh8f3TqEHD_MUv%2B0zoCu0A%2B6\">La Commune et les Gilets Jaunes<\/a>&nbsp;\u2013 blog&nbsp;<a href=\"https:\/\/info.mediapart.fr\/optiext\/optiextension.dll?ID=x10xZXdnhzbnSZpMWBLyeaO4CyvgD5ow2BNrGQ6T1sixOccNF0OxGaUIxsvoowibb2ZMgpuZwJgyEC3%2Bh%2B1uJY5u1M9hM\">prc<\/a><\/p>\n\n\n\n<p><a href=\"http:\/\/www.contretemps.eu\/journal-commune-21-mars-1871\/\">La Commune au jour le jour. Mardi 21 mars 1871<\/a>&nbsp;(Contretemps)&nbsp;<\/p>\n\n\n\n<p><img loading=\"lazy\" decoding=\"async\" src=\"https:\/\/i2.wp.com\/www.monde-diplomatique.fr\/local\/cache-vignettes\/L890xH704\/albert-peters-desteract890-c5510.jpg?resize=375%2C296&amp;ssl=1\" alt=\"JPEG - 237.7&nbsp;ko\" width=\"375\" height=\"296\"><sub>Albert Peters Desteract. \u2014 \u00abLes obs\u00e8ques de Louise Michel\u00bb, 1905.<\/sub><\/p>\n\n\n\n<p><a href=\"https:\/\/aplutsoc.org\/2021\/03\/18\/vive-la-commune\/\">Vive la Commune !<\/a>&nbsp;(Arguments pour la lutte sociale)<\/p>\n\n\n\n<p><a href=\"http:\/\/www.contretemps.eu\/journal-commune-20-mars-1871\/\">La Commune au jour le jour. Lundi 20 mars 1871<\/a>&nbsp;par Contretemps<\/p>\n\n\n\n<p><a href=\"https:\/\/www.humanite.fr\/fulgurante-commune-de-paris-par-roger-martelli-701524#xtor=RSS-1\">\u00ab&nbsp;Fulgurante Commune de Paris !&nbsp;\u00bb par Roger Martelli<\/a>&nbsp;(L\u2019Humanit\u00e9)<\/p>\n\n\n\n<p><a href=\"https:\/\/www.revue-ballast.fr\/marx-au-vif-de-la-commune\/\">Marx au vif de la Commune<\/a>&nbsp;(Ballast)<\/p>\n\n\n\n<p><a href=\"https:\/\/www.humanite.fr\/les-damnes-de-la-commune-de-raphael-meyssan-revivent-sur-arte-701590#xtor=RSS-1\">\u00ab Les Damn\u00e9s de la Commune \u00bb de Rapha\u00ebl Meyssan revivent sur Arte<\/a>&nbsp;(L\u2019Humanit\u00e9)&nbsp;<\/p>\n\n\n\n<p><a href=\"https:\/\/www.humanite.fr\/20-mars-1871-lexecution-des-generaux-dans-les-journaux-hier-et-aujourdhui-701715#xtor=RSS-1\">20 mars 1871, l\u2019ex\u00e9cution des g\u00e9n\u00e9raux dans les journaux, hier et aujourd\u2019hui<\/a>&nbsp;(L\u2019Humanit\u00e9)<\/p>\n\n\n\n<p><a href=\"https:\/\/info.mediapart.fr\/optiext\/optiextension.dll?ID=RjiRj3UzRz2w5oPXAEKoJriI8jaHk9e2RtA2SssYU_Q1z6z7JrMQl3G9cbPcCIdNgi7iZ1tmRbKMXLUbuXKMAcVFXm6lE\">Sur les traces de \u00abLa Commune de Paris 1871\u00bb<\/a>&nbsp;\u2013 film docu<\/p>\n\n\n\n<p><a>150 ans de la Commune de Paris : des le\u00e7ons pour la r\u00e9volution !&nbsp;<\/a>(A&amp;R)<\/p>\n\n\n\n<p><a href=\"https:\/\/lvsl.fr\/celebrons-la-commune-de-paris-par-alexis-corbiere\/\">\u00ab C\u00e9l\u00e9brons la Commune de Paris \u00bb \u2013 par Alexis Corbi\u00e8re<\/a>&nbsp;(Le Vent Se L\u00e8ve)<\/p>\n\n\n\n<p><a href=\"https:\/\/macommunedeparis.com\/2019\/01\/22\/emile-zola-et-la-commune\/\">\u00c9mile Zola contre la Commune&nbsp;<\/a>&nbsp;(La Commune de Paris \u2013 Blog de Mich\u00e8le Audin)<\/p>\n\n\n\n<p><a href=\"https:\/\/www.mediapart.fr\/journal\/culture-idees\/111020\/pourquoi-la-commune-traverse-le-temps\">Pourquoi la Commune a travers\u00e9 le temps<\/a>&nbsp;(Mediapart)<\/p>\n\n\n\n<p><a href=\"https:\/\/info.mediapart.fr\/optiext\/optiextension.dll?ID=ZrqZvU1gVj3LzU2rqjSoEuTSOm_CzMBNYBlZ71SvHICDfuhJ6fpQuunsns4bsxXL_QHJMRSpWKXPJhLh8thnTXBEMuYlz\">La Clef: une zad culturelle dans Paris<\/a>&nbsp;\u2013 Faisons vivre la Commune!<\/p>\n\n\n\n<figure class=\"wp-block-image is-style-default\"><img decoding=\"async\" src=\"https:\/\/scontent.fhex4-1.fna.fbcdn.net\/v\/t1.0-9\/162814855_1167583520330781_5200687839434374134_n.png?_nc_cat=101&amp;ccb=1-3&amp;_nc_sid=730e14&amp;_nc_ohc=IfmEZx2UCvMAX9IElp9&amp;_nc_ht=scontent.fhex4-1.fna&amp;oh=24ef9b0c6fccc4ec5e1223be982e38a8&amp;oe=607A9499\" alt=\"Peut \u00eatre une image de 1 personne et texte qui dit \u2019F\u00eater les 200 ans de la mort de Napol\u00e9on F\u00eater les 150 ans de la Commune\u2019\"\/><\/figure>\n\n\n\n<p><a href=\"http:\/\/www.contretemps.eu\/journal-commune-19-mars-1871\/\">La Commune au jour le jour. Dimanche 19 mars 1871<\/a>&nbsp;(Contretemps)&nbsp;<\/p>\n\n\n\n<p><a href=\"https:\/\/www.mediapart.fr\/journal\/culture-idees\/111020\/pourquoi-la-commune-traverse-le-temps\">Pourquoi la Commune a travers\u00e9 le temps<\/a>&nbsp;(Mediapart)&nbsp;<\/p>\n\n\n\n<p><a href=\"https:\/\/www.revue-ballast.fr\/la-commune-et-ses-usages-libertaires\/\">La Commune et ses usages libertaires<\/a>&nbsp;(Ballast)<\/p>\n\n\n\n<p><a>Mathilde Larr\u00e8re: La Commune n\u2019est pas morte mais h\u00e9las, Versailles non plus ! -vid\u00e9o<\/a><\/p>\n\n\n\n<p><a href=\"https:\/\/www.alternatives-economiques.fr\/commune-de-paris-une-alternative-economique-sociale\/00098173\">La Commune de Paris, pour une alternative \u00e9conomique et sociale<\/a>&nbsp;(Alter\u00e9co)<\/p>\n\n\n\n<p><a href=\"https:\/\/lesjours.fr\/obsessions\/commune-paris\/ep5-18-mars-commune\/\">La Commune : 18 mars 1871, l\u2019insurrection est venue<\/a>&nbsp;(Les Jours)<\/p>\n\n\n\n<p><a>Et la Commune inventa l\u2019\u00e9cole du peuple&nbsp;<\/a>-Collectif Q2C<\/p>\n\n\n\n<p><a href=\"https:\/\/www.revue-ballast.fr\/la-commune-ou-le-regne-de-la-justice\/\">La Commune, ou \u00ab le r\u00e8gne de la justice \u00bb<\/a>&nbsp;(Ballast)<\/p>\n\n\n\n<p><a>La Commune \u2013 partie 1: le d\u00e9clenchement \u2013 Minutes Rouges<\/a><\/p>\n\n\n\n<p><a href=\"https:\/\/www.franceculture.fr\/emissions\/series\/la-commune-de-paris-derniere-revolution-avant-la-republique\">S\u00e9rie en 4 \u00e9pisodes sur la Commune de Paris<\/a>&nbsp;France-Culture<\/p>\n\n\n\n<p><a href=\"http:\/\/www.contretemps.eu\/journal-commune-18-mars-1871\/\">La Commune au jour le jour. Samedi 18 mars 1871<\/a>&nbsp;par Contretemps<\/p>\n\n\n\n<p><a href=\"https:\/\/www.humanite.fr\/150-ans-de-la-commune-notre-bibliographie-pour-tout-savoir-de-la-revolution-de-1871-701649#xtor=RSS-1\">150 ans de la Commune : notre bibliographie pour tout savoir de la r\u00e9volution de 1871<\/a>&nbsp;( L\u2019Humanit\u00e9)<\/p>\n\n\n\n<p><a href=\"https:\/\/www.humanite.fr\/de-jaures-lenine-que-faire-de-la-commune-701651#xtor=RSS-1\">De Jaur\u00e8s \u00e0 L\u00e9nine, que faire de la Commune ?<\/a>&nbsp;(L\u2019Humanit\u00e9)<\/p>\n\n\n\n<p><a href=\"https:\/\/www.bondyblog.fr\/culture\/histoire\/lheritage-de-la-commune-vit-encore-chez-les-jeunes-engages\/\">L\u2019h\u00e9ritage de la Commune vit encore chez les jeunes engag\u00e9s<\/a>&nbsp;(Le Bondy Blog)<\/p>\n\n\n\n<p><a href=\"https:\/\/www.humanite.fr\/la-commune-une-oeuvre-politique-et-sociale-qui-marque-et-inspire-lhistoire-701643#xtor=RSS-1\">La Commune, une \u0153uvre politique et sociale qui a marqu\u00e9 et inspir\u00e9 l\u2019histoire<\/a>&nbsp;par J\u00e9r\u00f4me Skalski, Pierre Chaillan (L\u2019Humanit\u00e9)<\/p>\n\n\n\n<p><a href=\"https:\/\/www.placegrenet.fr\/2021\/03\/17\/150-ans-la-commune-de-paris-grenoble\/457767\">Un collectif grenoblois va comm\u00e9morer durant trois mois les 150 ans de la Commune de Paris<\/a>&nbsp;(Place Gre\u2019net )<\/p>\n\n\n\n<p><a href=\"https:\/\/www.humanite.fr\/150-ans-de-la-commune-toutes-descendantes-de-petroleuses-par-mathilde-larrere-701602#xtor=RSS-1\">150 ans de la Commune. Toutes \u00abdescendantes de p\u00e9troleuses\u00bb, par Mathilde Larr\u00e8re<\/a>(L\u2019Humanit\u00e9)&nbsp;<\/p>\n\n\n\n<p><a href=\"http:\/\/www.contretemps.eu\/journal-commune-17-mars-1871\/\">La Commune au jour le jour. Vendredi 17 mars 1871<\/a>&nbsp;(Contretemps)&nbsp;<\/p>\n\n\n\n<figure class=\"wp-block-image is-style-default\"><img decoding=\"async\" src=\"https:\/\/i1.wp.com\/www.contretemps.eu\/wp-content\/uploads\/gardenationale2-2.jpg?resize=455%2C256\" alt=\"\"\/><\/figure>\n\n\n\n<p><a href=\"http:\/\/www.contretemps.eu\/journal-commune-15-mars-1871\/\">La Commune au jour le jour. Mercredi 15 mars 1871<\/a>&nbsp;(Contretemps)<\/p>\n\n\n\n<p><a href=\"https:\/\/www.facebook.com\/lemedialive\/videos\/187303962886967\">Manifestation comm\u00e9morative a Nancy des 150 ans de La Commune<\/a><\/p>\n\n\n\n<p><a href=\"https:\/\/alt-rev.com\/2021\/03\/14\/de-la-commune-de-paris-a-la-commune-de-shanghai\/\">De la Commune de Paris \u00e0 la Commune de Shanghai<\/a>&nbsp;(Nouveaux cahiers du socialisme)<\/p>\n\n\n\n<p><a>Les horizons d\u2019\u00e9mancipation de La Commune- Dossier Cerises<\/a><\/p>\n\n\n\n<p><img loading=\"lazy\" decoding=\"async\" src=\"https:\/\/i2.wp.com\/ceriseslacooperative.info\/wp-content\/uploads\/2021\/03\/5-2-Culture-LouiseMichel-1210x642.jpg?resize=375%2C198&amp;ssl=1\" alt=\"\" width=\"375\" height=\"198\"><sub><em>\u00a9Tardi<\/em>&nbsp;pour les illustrations extraites du Cri du Peuple de Jacques Tardi<\/sub><\/p>\n\n\n\n<p><a href=\"https:\/\/www.facebook.com\/events\/3660292810732495\/?sfnsn=scwspmo\">La Commune de Paris hier et aujourd\u2019hui<\/a>&nbsp;(Rencontre FB, M.Audin, L Bantigny.S.Kouv\u00e9lakis)<\/p>\n\n\n\n<p><a href=\"https:\/\/solidaires.org\/150-ans-de-la-commune\">150 ans de la commune<\/a>&nbsp;(Solidaires)<\/p>\n\n\n\n<p><a href=\"https:\/\/link.newsletter.franceculture.fr\/m\/surl\/7429\/643964\/Z-aKe_Jq0eBxGP8ryvFR829C5lXTLJmivm821gAfcU8=\/link_20\/CpeGccsSiS8-xH8qnGU6lmTy02c6ELzxe6G4F+Q04B3GzEQkPB7nS8FYTgV6nrcfEllCOzspytc0Khm056Jx7fv7wrUgqkvTVk0biUG7lU1fl26+iRadLDiUCFJAUoDori4DpmG2gsqx8+EiVXH1Cbu8rOWUU02oBTrLYb3O5gkk036psyHFGePtKJVyg61wv5+A2u-8UczZbwW8I6-lhYgBQeFmJEabSw0OJ2hi+dDsjnDIwsuXT8jUZz+DG9lkv8ubv+CkN5L3Zkl6lPHHe5-xAV3GEBpMfHeHVDA0xFkJm44pHFCtM-stnAFozEmxPiCvQqseyrBxyB9e0EdPfBJnzdXEHo9pHeVlRaIxHPqw0gTpmTWSowQw-GysSBqq\">&nbsp;Film documentaire anim\u00e9 \u00ab&nbsp;Les damn\u00e9s de la Commune&nbsp;\u00bb sur Arte<\/a>&nbsp;(France Culture)<\/p>\n\n\n\n<figure class=\"wp-block-image is-style-default\"><img decoding=\"async\" src=\"https:\/\/i2.wp.com\/cdn.radiofrance.fr\/s3\/cruiser-production\/2021\/03\/89898217-ed01-4ee0-a7d5-09d24a4ded28\/838_thumbnail_image001.jpg?resize=389%2C369&amp;ssl=1\" alt=\"Les damn\u00e9s de la Commune\"\/><\/figure>\n\n\n\n<p><a href=\"https:\/\/www.humanite.fr\/la-commune-de-paris-au-jour-le-jour-la-federation-republicaine-de-la-garde-nationale-et-ses-statuts#xtor=RSS-1\">La Commune de Paris au jour le jour. La f\u00e9d\u00e9ration r\u00e9publicaine de la garde nationale et ses statuts<\/a>&nbsp;(L\u2019Humanit\u00e9)<\/p>\n\n\n\n<p><a>La Commune de Paris : l\u2019Histoire et le Mythe&nbsp;<\/a>-vid\u00e9o Michel Winock et Ludivine Bantigny<\/p>\n\n\n\n<p><a href=\"http:\/\/cqfd-journal.org\/Allons-z-enfants-de-la-Commune\">Allons z\u2019enfants de la Commune\u2026<\/a>&nbsp;(CQFD)&nbsp;<\/p>\n\n\n\n<p><a href=\"https:\/\/www.revolutionpermanente.fr\/Decouvrir-la-Commune-en-librairie\">\u00ab&nbsp;D\u00e9couvrir la Commune&nbsp;\u00bb, en librairie&nbsp;!<\/a>&nbsp;(RP)<\/p>\n\n\n\n<figure class=\"wp-block-image is-style-default\"><img decoding=\"async\" src=\"https:\/\/i2.wp.com\/www.revolutionpermanente.fr\/local\/cache-vignettes\/L410xH652\/decouvrirlacommune-couv1-410x652-80fec.jpg?resize=354%2C563&amp;ssl=1\" alt=\"\"\/><\/figure>\n\n\n\n<p><a href=\"https:\/\/lundi.am\/150eme-anniversaire-de-la-Commune\">150eme anniversaire de la Commune<\/a>&nbsp;(Lundi matin)<\/p>\n\n\n\n<p><strong><span class=\"has-inline-color has-vivid-red-color\"><\/span><\/strong><\/p>\n\n\n\n<p><a href=\"https:\/\/faisonsvivrelacommune.org\/evenement\/la-balade-edouard-vaillant\/2021-03-31\/\">La balade \u00c9douard Vaillant31 mars \u2013 15:00 &#8211; 17:00|\u00e9v\u00e8nement r\u00e9current (Voir toutes les dates)<\/a> (Faisons vivre la Commune)<\/p>\n\n\n\n<figure class=\"wp-block-image\"><img data-recalc-dims=\"1\" decoding=\"async\" src=\"https:\/\/i0.wp.com\/faisonsvivrelacommune.org\/wp-content\/uploads\/2021\/03\/vaillant_au_pere_lachaise_24_mai-1908-agence_rol_btv1b6910320x_1.jpeg?w=1200&#038;ssl=1\" alt=\"\"\/><\/figure>\n\n\n\n<p><a href=\"https:\/\/faisonsvivrelacommune.org\/evenement\/la-plume-et-le-fusil\/2021-03-31\/\">La Plume et le fusil31 mars \u2013 14:00 &#8211; 15:00|\u00e9v\u00e8nement r\u00e9current (Voir toutes les dates)<\/a> ( Louise Michel compagnie le Toc)<\/p>\n\n\n\n<p><a href=\"https:\/\/www.commune1871.org\/la-commune-de-paris\/histoire-de-la-commune\/commune-1871-ephemeride\/1186-les-inconnu-e-s-de-la-commune-roze-tuboeuf-l-espoir-du-bonheur-au-gout-amer-2\">Commune 1871 : \u00e9ph\u00e9m\u00e9ride &#8211; 30 mars Les inconnu-e-s de la Commune<\/a> ( les Amies et Amis de la Commune de Paris)<\/p>\n\n\n\n<p><a href=\"https:\/\/macommunedeparis.com\/2021\/03\/30\/30-mars-1871-un-etranger-a-la-commune-et-leducation-nouvelle\/\">30 mars 1871, un \u00e9tranger \u00e0 la Commune, et l\u2019\u00c9ducation nouvelle<\/a> (le blog-de mich\u00e8le audin)<\/p>\n\n\n\n<p><a href=\"https:\/\/www.mediapart.fr\/journal\/france\/270321\/pourquoi-la-commune-de-paris-s-est-arretee-aux-portes-de-la-banque-de-france?utm_source=20210327&amp;utm_medium=email&amp;utm_campaign=QUOTIDIENNE&amp;utm_content=&amp;utm_term=&amp;xtor=EREC-83-[QUOTIDIENNE]-20210327&amp;M_BT=1234469061543\">Pourquoi la Commune de Paris s\u2019est arr\u00eat\u00e9e aux portes de la Banque de France<\/a> (M\u00e9diapart article important \u00e0 se faire \u00ab&nbsp;offrir&nbsp;\u00bb si non-abonn\u00e9(e))<\/p>\n\n\n\n<p><a href=\"https:\/\/actu.fr\/ile-de-france\/paris_75056\/expos-fresques-balades-le-programme-complet-des-150-ans-de-la-commune-de-paris_40316484.html\">Expos, fresques, balades : le programme complet des 150 ans de la Commune de Paris<\/a> (actu.fr)<\/p>\n\n\n\n<p><a href=\"https:\/\/www.commune1871.org\/la-commune-de-paris\/histoire-de-la-commune\/commune-1871-ephemeride\/1174-commune-1871-ephemeride-29-mars-les-premiers-decrets\">Commune 1871 : \u00e9ph\u00e9m\u00e9ride &#8211; 29 mars la Commune se met en place<\/a> (\u00e9ph\u00e9m\u00e9ride Amies et Amis de la Commune de Paris)<\/p>\n\n\n\n<p><a href=\"https:\/\/macommunedeparis.com\/2021\/03\/29\/29-mars-1871-les-premiers-decrets-de-la-commune\/\">29 mars 1871, les premiers d\u00e9crets de la Commune<\/a> (le blog- de mich\u00e8le audin)<\/p>\n\n\n\n<figure class=\"wp-block-image is-resized\"><img data-recalc-dims=\"1\" loading=\"lazy\" decoding=\"async\" src=\"https:\/\/macommunedeparis.files.wordpress.com\/2020\/10\/votrecommuneestconstituee.png?w=405&#038;resize=367%2C563\" alt=\"\" width=\"367\" height=\"563\"\/><\/figure>\n\n\n\n<p><a href=\"https:\/\/www.commune1871.org\/la-commune-de-paris\/histoire-de-la-commune\/commune-1871-ephemeride\/1185-essai-comparatif-comment-la-province-a-soutenu-la-commune-de-paris-2\">Commune 1871 : \u00e9ph\u00e9m\u00e9ride &#8211; 27 mars essai comparatif : comment la province a soutenu la Commune de Paris<\/a> (\u00e9ph\u00e9m\u00e9ride Amies et Amis de la Commune)<\/p>\n\n\n\n<p><a href=\"https:\/\/macommunedeparis.com\/2021\/03\/29\/un-film-une-rencontre-dans-une-librairie-des-emissions-de-radio\/\">Un film, une rencontre dans une librairie, des \u00e9missions de radio\u2026<\/a> (le blog- de mich\u00e8le audin)<\/p>\n\n\n\n<p><a href=\"https:\/\/www.commune1871.org\/nos-actualites\/2-uncategorised\/1184-commune-1871-ephemeride-28-mars-proclamation-de-la-commune\">Commune 1871 : \u00e9ph\u00e9m\u00e9ride &#8211; 28 mars : Proclamation de la Commune &#8211; Gabriel Ranvier<\/a> (\u00e9ph\u00e9m\u00e9ride les Amies et Amis de la Commune)<br><br><a href=\"https:\/\/macommunedeparis.com\/2021\/03\/28\/28-mars-1871-la-commune-est-proclamee\/\">28 mars 1871, la Commune est proclam\u00e9e<\/a> (le blog- de mich\u00e8le audin)<\/p>\n\n\n\n<figure class=\"wp-block-image is-resized\"><img data-recalc-dims=\"1\" loading=\"lazy\" decoding=\"async\" src=\"https:\/\/macommunedeparis.files.wordpress.com\/2020\/08\/proclamationcommune.png?w=816&#038;resize=522%2C519\" alt=\"\" width=\"522\" height=\"519\"\/><figcaption>Illustrated London news<\/figcaption><\/figure>\n\n\n\n<p><a href=\"https:\/\/rue89bordeaux.com\/2021\/03\/herve-le-corre-la-commune-de-paris-une-utopie-necessaire\/\">Herv\u00e9 Le Corre : \u00ab La Commune de Paris, une utopie n\u00e9cessaire \u00bb<\/a> (rue89bordeaux.com)<\/p>\n\n\n\n<p><a href=\"https:\/\/macommunedeparis.com\/2021\/03\/27\/27-mars-1871-quatre-vingts-conseillers-parmi-eux-soixante-inconnus\/\">27 mars 1871, quatre-vingts conseillers, parmi eux soixante inconnus\u2026<\/a> (le blog- de mich\u00e8le audin)<\/p>\n\n\n\n<p><a href=\"https:\/\/www.commune1871.org\/nos-actualites\/2-uncategorised\/1182-commune-1871-ephemeride-25-mars-la-commune-de-toulouse-25-au-27-mars\">Commune 1871 : \u00e9ph\u00e9m\u00e9ride &#8211; 25 mars la Commune de Toulouse (25 au 27 mars)<\/a> (\u00e9ph\u00e9m\u00e9ride les Amies et Amis de la Commune de Paris)<\/p>\n\n\n\n<figure class=\"wp-block-image is-resized\"><img data-recalc-dims=\"1\" loading=\"lazy\" decoding=\"async\" src=\"https:\/\/i0.wp.com\/www.commune1871.org\/images\/PhotothequeAmis\/jpg\/commune_Toulouse_affiche.jpg?resize=401%2C570&#038;ssl=1\" alt=\"Proclamation de la Commune de Toulouse par la Garde nationale le 25 mars 1871\" width=\"401\" height=\"570\" title=\"Proclamation de la Commune de Toulouse par la Garde nationale le 25 mars 1871\"\/><\/figure>\n\n\n\n<p><a href=\"https:\/\/www.elwatan.com\/pages-hebdo\/france-actu\/quentin-deluermoz-historien-1871-la-plus-grande-insurrection-de-lhistoire-de-lalgerie-coloniale-16-03-2021\">Quentin Deluermoz. Historien : \u00ab1871 : la plus grande insurrection de l\u2019histoire de l\u2019Alg\u00e9rie coloniale\u00bb<\/a> (El Watan)<\/p>\n\n\n\n<p><a href=\"https:\/\/macommunedeparis.com\/2016\/05\/15\/quelles-journees-deux-editoriaux-du-cri-du-peuple\/\">\u00ab Quelle(s) journ\u00e9e(s) ! \u00bb Deux \u00e9ditoriaux du Cri du peuple<\/a> (le blog- de mich\u00e8le audin)<\/p>\n\n\n\n<p><a href=\"https:\/\/macommunedeparis.com\/2021\/03\/26\/26-mars-1871-lelection-de-la-commune-enfin-le-bulletin-a-remplace-le-chassepot\/\">26 mars 1871, l\u2019\u00e9lection de la Commune, enfin\u2026 le bulletin a remplac\u00e9 le chassepot<\/a> (le blog- de mich\u00e8le audin)<\/p>\n\n\n\n<figure class=\"wp-block-image is-resized\"><img data-recalc-dims=\"1\" loading=\"lazy\" decoding=\"async\" src=\"https:\/\/i0.wp.com\/placard.ficedl.info\/local\/cache-vignettes\/L400xH580\/arton8705-1ad41.jpg?resize=385%2C558&#038;ssl=1\" alt=\"\" width=\"385\" height=\"558\"\/><\/figure>\n\n\n\n<p><a href=\"https:\/\/www.humanite.fr\/tribunes\/zephyrin-camelinat-1840-1932-un-long-chemin-%3Fde-la-commune-au-communisme-45-478953\">Z\u00e9phyrin Cam\u00e9linat (1840-1932) Un long chemin, de la commune au communisme<\/a> (L\u2019Humanit\u00e9)<\/p>\n\n\n\n<p><a href=\"https:\/\/www.humanite.fr\/tribunes\/emile-digeon-1822-1894-chef-revolutionnaire-%3Fde-la-commune-de-narbonne-44-478874\">\u00c9mile Digeon (1822-1894) Chef r\u00e9volutionnaire de la Commune de Narbonne (44)<\/a> (L\u2019Humanit\u00e9)<\/p>\n\n\n\n<p><a href=\"https:\/\/www.commune1871.org\/nos-actualites\/2-uncategorised\/1183-commune-1871-ephemeride-26-mars-les-elections\">Commune 1871 : \u00e9ph\u00e9m\u00e9ride &#8211; 26 mars les \u00e9lections<\/a> (\u00e9ph\u00e9m\u00e9ride Les Amies et Amis de la Commune)<\/p>\n\n\n\n<p><a href=\"https:\/\/www.commune1871.org\/la-commune-de-paris\/histoire-de-la-commune\/dossier-thematique\/les-artistes-et-la-commune\/1153-questions-a-ernest-pignon-ernest\">Questions \u00e0 Ernest Pignon-Ernest<\/a> (Les Amies et Amis de la Commune de Paris)<\/p>\n\n\n\n<figure class=\"wp-block-image is-resized\"><img data-recalc-dims=\"1\" loading=\"lazy\" decoding=\"async\" src=\"https:\/\/i0.wp.com\/www.commune1871.org\/images\/PhotothequeAmis\/jpg\/Affiche_Ernest_150eme_anniversaire.jpg?resize=361%2C575&#038;ssl=1\" alt=\"Affiche d'Ernest Pignon-Ernest pour le 150\u00e8me anniversaire de la Commune de Paris 1871\" width=\"361\" height=\"575\" title=\"images\/PhotothequeAmis\/jpg\/Affiche_Ernest_150eme_anniversaire.jpg\"\/><\/figure>\n\n\n\n<p><a href=\"https:\/\/macommunedeparis.com\/2021\/03\/25\/25-mars-1871-victorine-nourrit-les-defenseurs-de-la-republique-demain-les-elections\/\">25 mars 1871, Victorine nourrit les D\u00e9fenseurs de la R\u00e9publique, demain les \u00e9lections<\/a> (le blog- de mich\u00e8le audin)<\/p>\n\n\n\n<figure class=\"wp-block-image is-resized\"><img data-recalc-dims=\"1\" loading=\"lazy\" decoding=\"async\" src=\"https:\/\/macommunedeparis.files.wordpress.com\/2020\/10\/electionsmaires25mars.png?w=681&#038;resize=438%2C577\" alt=\"\" width=\"438\" height=\"577\"\/><\/figure>\n\n\n\n<p><a href=\"https:\/\/www.commune1871.org\/la-commune-de-paris\/histoire-de-la-commune\/2-uncategorised\/1171-commune-1871-ephemeride-25-mars-la-commune-de-saint-etienne\">Commune 1871 : \u00e9ph\u00e9m\u00e9ride &#8211; 24 mars la Commune de Saint-Etienne<\/a> (\u00e9ph\u00e9m\u00e9ride les Amies et Amis de la Commune)<\/p>\n\n\n\n<p><a href=\"https:\/\/macommunedeparis.com\/2021\/03\/24\/24-mars-1871-pierre-denis-un-amiral-un-elephant-et-elisee-reclus\/\">24 mars 1871, Pierre Denis, un amiral, un \u00e9l\u00e9phant et \u00c9lis\u00e9e Reclus<\/a> (le blog- de mich\u00e8le audin)<\/p>\n\n\n\n<figure class=\"wp-block-image is-resized\"><img data-recalc-dims=\"1\" loading=\"lazy\" decoding=\"async\" src=\"https:\/\/macommunedeparis.files.wordpress.com\/2020\/10\/saisset23mars.png?w=477&#038;resize=337%2C521\" alt=\"\" width=\"337\" height=\"521\"\/><\/figure>\n\n\n\n<p>J<a href=\"https:\/\/www.humanite.fr\/jaroslaw-dombrowski-1836-1871-de-l-anti-tsarisme-la-commune-un-general-avec-les-rouges-699239\">aroslaw Dombrowski (1836-1871) De l\u2019 anti-tsarisme \u00e0 la Commune, un g\u00e9n\u00e9ral avec les rouges<\/a> (L\u2019Humanit\u00e9)<\/p>\n\n\n\n<p><a href=\"https:\/\/www.humanite.fr\/portraits-de-communards-galdric-verdaguer-employe-des-chemins-de-fer-et-sergent-du-88e-regiment\">Portraits de communards. Galdric Verdaguer, employ\u00e9 des chemins de fer et sergent du 88e r\u00e9giment d\u2019infanterie<\/a> (L\u2019Humanit\u00e9)<\/p>\n\n\n\n<p><a href=\"https:\/\/www.humanite.fr\/mot-cle\/portraits-de-communards\">Portraits de communards<\/a>(L\u2019Humanit\u00e9)<\/p>\n\n\n\n<figure class=\"wp-block-image is-resized\"><img data-recalc-dims=\"1\" loading=\"lazy\" decoding=\"async\" src=\"https:\/\/i0.wp.com\/www.humanite.fr\/sites\/default\/files\/styles\/16_9_410x230_liste\/public\/images\/83713.HR.jpg?resize=573%2C322&#038;ssl=1\" alt=\"Portraits de communardes et de communards r\u00e9alis\u00e9s par Dugudus.\" width=\"573\" height=\"322\"\/><\/figure>\n\n\n\n<p><a href=\"https:\/\/www.humanite.fr\/television-les-damnes-de-la-commune-la-voix-du-peuple-en-armes-701771\">T\u00e9l\u00e9vision. \u00ab Les Damn\u00e9s de la Commune \u00bb : la voix du peuple en armes<\/a> (L\u2019Humanit\u00e9)<\/p>\n\n\n\n<p><a href=\"http:\/\/www.contretemps.eu\/journal-commune-23-mars-1871\/\">23 mars A Versailles, l\u2019Assembl\u00e9e nationale insulte les maires et pr\u00e9pare la guerre contre Paris<\/a> (Contretemps)<\/p>\n\n\n\n<p><a href=\"https:\/\/www.commune1871.org\/2-uncategorised\/1181-le-23-mars-1871-debut-de-la-commune-de-marseille\">Commune 1871 : \u00e9ph\u00e9m\u00e9ride &#8211; 23 mars d\u00e9but de la Commune de Marseille<\/a> (\u00e9ph\u00e9m\u00e9ride Amies et Amis de la Commune)<\/p>\n\n\n\n<p><a href=\"https:\/\/macommunedeparis.com\/2021\/03\/23\/jetes-aux-tenebres-de-sandrine-berthet\/\">jet\u00e9s aux t\u00e9n\u00e8bres, Sandrine Berthet<\/a> (le blog-de mich\u00e8le audin)<\/p>\n\n\n\n<figure class=\"wp-block-image is-resized\"><img data-recalc-dims=\"1\" loading=\"lazy\" decoding=\"async\" src=\"https:\/\/macommunedeparis.files.wordpress.com\/2021\/03\/jetesauxtenebrescouv.jpg?w=816&#038;resize=334%2C505\" alt=\"\" width=\"334\" height=\"505\"\/><\/figure>\n\n\n\n<p><a href=\"https:\/\/macommunedeparis.com\/category\/il-y-a-cent-cinquante-ans\/\">23 mars 1871, l\u2019Association internationale des travailleurs pr\u00e9pare les \u00e9lections \u00e0 la Commune<\/a> (le blog-de mich\u00e8le audin)<\/p>\n\n\n\n<figure class=\"wp-block-image is-resized\"><img data-recalc-dims=\"1\" loading=\"lazy\" decoding=\"async\" src=\"https:\/\/macommunedeparis.files.wordpress.com\/2020\/10\/aitelectionscommune.png?w=550&#038;resize=391%2C549\" alt=\"\" width=\"391\" height=\"549\"\/><\/figure>\n\n\n\n<p><a href=\"http:\/\/www.contretemps.eu\/journal-commune-22-mars-1871\/\">La manifestation r\u00e9actionnaire de la place Vend\u00f4me<\/a> (Contretemps)<\/p>\n\n\n\n<p><a href=\"https:\/\/lundi.am\/Commune-de-Bordeaux\">Commune de Bordeaux<\/a> (Lundimatin)<\/p>\n\n\n\n<p><a href=\"https:\/\/www.commune1871.org\/la-commune-de-paris\/histoire-de-la-commune\/commune-1871-ephemeride\/1180-le-22-mars-l-impossible-conciliation\">l<\/a><\/p>\n\n\n\n<figure class=\"wp-block-image\"><img data-recalc-dims=\"1\" decoding=\"async\" src=\"https:\/\/i0.wp.com\/lundi.am\/IMG\/arton3902-resp320.png?w=1200&#038;ssl=1\" alt=\"\"\/><\/figure>\n\n\n\n<p>L<a href=\"https:\/\/www.commune1871.org\/la-commune-de-paris\/histoire-de-la-commune\/commune-1871-ephemeride\/1180-le-22-mars-l-impossible-conciliation\">e 22 mars, l&rsquo;impossible conciliation<\/a> (\u00e9ph\u00e9m\u00e9ride Amies et Amis de la Commune)<\/p>\n\n\n\n<p><a href=\"https:\/\/macommunedeparis.com\/2021\/03\/22\/22-mars-1871-temoignages-sur-la-manifestation-de-lordre\/\">22 mars 1871, t\u00e9moignages sur la manifestation \u00ab de l\u2019ordre \u00bb<\/a> (le blog-de mich\u00e8le audin)<\/p>\n\n\n\n<figure class=\"wp-block-image is-resized\"><img data-recalc-dims=\"1\" loading=\"lazy\" decoding=\"async\" src=\"https:\/\/macommunedeparis.files.wordpress.com\/2016\/05\/ruedelapaix22mars.png?w=800&#038;resize=582%2C432\" alt=\"\" width=\"582\" height=\"432\"\/><figcaption>Rue de la Paix 22 mars Auguste Lan\u00e7on (L&rsquo;Illustration)<\/figcaption><\/figure>\n\n\n\n<p><a href=\"https:\/\/www.franceculture.fr\/emissions\/affaire-en-cours\/affaires-en-cours-du-vendredi-19-mars-2021\">Eug\u00e8ne Varlin ou comment la Commune de Paris peut influencer les acteurs culturels d\u2019aujourd\u2019hui<\/a> (France Culture)<br><br><\/p>\n\n\n\n<figure class=\"wp-block-image is-resized\"><img data-recalc-dims=\"1\" loading=\"lazy\" decoding=\"async\" src=\"https:\/\/i0.wp.com\/cdn.radiofrance.fr\/s3\/cruiser-production\/2021\/03\/170a9509-97f1-4252-b2cb-597bbf8dbecb\/838_image_0553569_20160528_ob_37c8a3_e-varlin.jpg?resize=386%2C550&#038;ssl=1\" alt=\"Couverture du num\u00e9ro 11 de la revue &quot;L'Itin\u00e9raire&quot;\" width=\"386\" height=\"550\"\/><\/figure>\n\n\n\n<p><a href=\"http:\/\/www.contretemps.eu\/commune-oaxaca-mexique-greve-classe-democratie\/\">Il y a 15 ans : la commune d\u2019Oaxaca<\/a> (Contretemps)<\/p>\n\n\n\n<p><a href=\"http:\/\/www.contretemps.eu\/journal-commune-21-mars-1871\/\">La Commune au jour le jour. Mardi 21 mars 1871<\/a> (Contretemps, la Commune au jour le jour)<\/p>\n\n\n\n<p><a href=\"https:\/\/www.commune1871.org\/component\/icagenda\/71-exposition-les-artistes-dans-la-commune?Itemid=101\">Exposition : Les artistes dans la Commune<\/a> (\u00e9ph\u00e9m\u00e9ride les Amies et Amis de la Commune de Paris)<\/p>\n\n\n\n<p><a href=\"https:\/\/macommunedeparis.com\/2021\/03\/21\/la-commune-de-1871-expliquee-en-images-de-laure-godineau\/\">La Commune de 1871 expliqu\u00e9e en images, de Laure Godineau<\/a> (Le blog-de mich\u00e8le audin)<\/p>\n\n\n\n<p><a href=\"https:\/\/macommunedeparis.com\/2021\/03\/21\/21-mars-1871-les-barricades-joyeuses-de-mars\/\">21 mars 1871, les barricades joyeuses de mars<\/a> (Le blog-de mich\u00e8le audin)<\/p>\n\n\n\n<figure class=\"wp-block-image is-resized\"><img data-recalc-dims=\"1\" loading=\"lazy\" decoding=\"async\" src=\"https:\/\/macommunedeparis.files.wordpress.com\/2021\/03\/barricadesaintsebastien.png?w=816&#038;h=9999&#038;fit=816%2C9999&#038;resize=625%2C499\" alt=\"\" width=\"625\" height=\"499\" title=\"21 mars 1871, les barricades joyeuses de\u00a0mars\"\/><\/figure>\n\n\n\n<p><a href=\"https:\/\/www.monde-diplomatique.fr\/2015\/05\/ROSS\/52944\">L\u2019internationalisme au temps de la Commune<\/a> (Monde diplomatique)<\/p>\n\n\n\n<p><a href=\"http:\/\/www.contretemps.eu\/journal-commune-20-mars-1871\/\">La Commune au jour le jour. Lundi 20 mars 1871<\/a>&nbsp;par Contretemps<\/p>\n\n\n\n<p><a href=\"https:\/\/www.humanite.fr\/fulgurante-commune-de-paris-par-roger-martelli-701524#xtor=RSS-1\">\u00ab&nbsp;Fulgurante Commune de Paris !&nbsp;\u00bb par Roger Martelli<\/a>&nbsp;(L\u2019Humanit\u00e9)<\/p>\n\n\n\n<p><a href=\"https:\/\/www.revue-ballast.fr\/marx-au-vif-de-la-commune\/\">Marx au vif de la Commune<\/a>&nbsp;(Ballast)<\/p>\n\n\n\n<p><a href=\"https:\/\/www.humanite.fr\/les-damnes-de-la-commune-de-raphael-meyssan-revivent-sur-arte-701590#xtor=RSS-1\">\u00ab Les Damn\u00e9s de la Commune \u00bb de Rapha\u00ebl Meyssan revivent sur Arte<\/a>&nbsp;(L\u2019Humanit\u00e9)&nbsp;<\/p>\n\n\n\n<p><a href=\"https:\/\/www.humanite.fr\/20-mars-1871-lexecution-des-generaux-dans-les-journaux-hier-et-aujourdhui-701715#xtor=RSS-1\">20 mars 1871, l\u2019ex\u00e9cution des g\u00e9n\u00e9raux dans les journaux, hier et aujourd\u2019hui<\/a>&nbsp;(L\u2019Humanit\u00e9)<\/p>\n\n\n\n<p><a href=\"https:\/\/info.mediapart.fr\/optiext\/optiextension.dll?ID=RjiRj3UzRz2w5oPXAEKoJriI8jaHk9e2RtA2SssYU_Q1z6z7JrMQl3G9cbPcCIdNgi7iZ1tmRbKMXLUbuXKMAcVFXm6lE\">Sur les traces de \u00abLa Commune de Paris 1871\u00bb<\/a>&nbsp;\u2013 film docu<\/p>\n\n\n\n<p><a href=\"https:\/\/faisonsvivrelacommune.org\/rosa-luxemburg-et-la-commune\/\">Rosa Luxemburg et la Commune<\/a> (Faisons vivre la Commune et blog Mediapart)<\/p>\n\n\n\n<p><a href=\"http:\/\/www.contretemps.eu\/journal-commune-20-mars-1871\/\">La Commune au jour le jour. Lundi 20 mars 1871<\/a> (Contretemps)<\/p>\n\n\n\n<figure class=\"wp-block-image is-resized\"><img data-recalc-dims=\"1\" loading=\"lazy\" decoding=\"async\" src=\"https:\/\/i0.wp.com\/www.commune1871.org\/images\/PhotothequeAmis\/jpg\/LaCommune_carte_de_Paris_allemande.jpg?resize=720%2C770&#038;ssl=1\" alt=\"Carte de Paris et alentours prussienne de 1871\" width=\"720\" height=\"770\" title=\"Carte de Paris et alentours prussienne de 1871\"\/><\/figure>\n\n\n\n<p><a href=\"http:\/\/www.contretemps.eu\/journal-commune-19-mars-1871\/\">La Commune au jour le jour. Dimanche 19 mars 1871<\/a> (Contretemps)<\/p>\n\n\n\n<p><a href=\"http:\/\/www.contretemps.eu\/journal-commune-18-mars-1871\/\">La Commune au jour le jour. Samedi 18 mars 1871Patrick Le Moal 18 mars 2021<\/a> (Contretemps)<\/p>\n\n\n\n<p><a href=\"https:\/\/www.commune1871.org\/la-commune-de-paris\/histoire-de-la-commune\/commune-1871-ephemeride\/1169-commune-1871-ephemeride-20-et-21-mars-et-pendant-ce-temps-la-a-versailles\">Commune 1871 : \u00e9ph\u00e9m\u00e9ride &#8211; 20 et 21 mars \u00ab Et pendant ce temps l\u00e0 \u00e0 Versailles \u00bb<\/a> (Eph\u00e9m\u00e9ride les Amies et Amis de la Commune)<\/p>\n\n\n\n<p><a href=\"https:\/\/macommunedeparis.com\/2021\/03\/20\/20-mars-1871-lexecution-des-generaux-dans-les-journaux-hier-et-aujourdhui\/\">20 mars 1871, l\u2019ex\u00e9cution des g\u00e9n\u00e9raux dans les journaux, hier et aujourd\u2019hui<\/a> (Le blog- de michele audin)<\/p>\n\n\n\n<p><a href=\"https:\/\/www.franceinter.fr\/emissions\/c-est-bientot-demain\/c-est-bientot-demain-19-mars-2021\">Vive est la Commune !<\/a> (France Inter, C\u2019est bient\u00f4t demain)<\/p>\n\n\n\n<figure class=\"wp-block-image is-resized\"><img data-recalc-dims=\"1\" loading=\"lazy\" decoding=\"async\" src=\"https:\/\/i0.wp.com\/cdn.radiofrance.fr\/s3\/cruiser-production\/2021\/03\/7556a74b-339e-4ebd-adca-3f4d6b82f4b2\/1136_j_aimerais_tout_le_temps_des_cerises.jpg?resize=822%2C617&#038;ssl=1\" alt=\"J'aimerai toujours le Temps des Cerises.\" width=\"822\" height=\"617\"\/><\/figure>\n\n\n\n<p><a href=\"https:\/\/blogs.mediapart.fr\/jean-marc-b\/blog\/190321\/150-ans-de-la-commune-de-paris-des-lecons-pour-la-revolution\">150 ans de la Commune de Paris : des le\u00e7ons pour la r\u00e9volution !&nbsp;<\/a>(A&amp;R)<\/p>\n\n\n\n<p><a href=\"https:\/\/lvsl.fr\/celebrons-la-commune-de-paris-par-alexis-corbiere\/\">\u00ab C\u00e9l\u00e9brons la Commune de Paris \u00bb \u2013 par Alexis Corbi\u00e8re<\/a>&nbsp;(Le Vent Se L\u00e8ve)<\/p>\n\n\n\n<p><a href=\"https:\/\/macommunedeparis.com\/2019\/01\/22\/emile-zola-et-la-commune\/\">\u00c9mile Zola contre la Commune&nbsp;<\/a>&nbsp;(La Commune de Paris \u2013 Blog de Mich\u00e8le Audin)<\/p>\n\n\n\n<p><a href=\"https:\/\/www.mediapart.fr\/journal\/culture-idees\/111020\/pourquoi-la-commune-traverse-le-temps\">Pourquoi la Commune a travers\u00e9 le temps<\/a>&nbsp;(Mediapart)<\/p>\n\n\n\n<p id=\"block-faa20c18-065a-42ab-9f5d-31b2469c63ca\"><a href=\"https:\/\/blogs.mediapart.fr\/jean-marc-b\/blog\/190321\/la-commune-est-toujours-vivante-elle-lieu-aujourdhui-en-inde-j-chastaing\">La Commune est toujours vivante, elle a lieu aujourd&rsquo;hui en Inde -J. Chastaing<\/a><\/p>\n\n\n\n<figure class=\"wp-block-image is-style-default\" id=\"block-24478b56-9d88-4c09-94ff-5e5f69079360\"><img decoding=\"async\" src=\"https:\/\/scontent.fhex4-1.fna.fbcdn.net\/v\/t1.0-0\/p320x320\/162947283_3803851123069737_3490739694462111240_o.jpg?_nc_cat=106&amp;ccb=1-3&amp;_nc_sid=730e14&amp;_nc_ohc=cXO2j_t4VrsAX8k5NA4&amp;_nc_ht=scontent.fhex4-1.fna&amp;tp=6&amp;oh=86bfd446dd22e52e16dbe0f836932005&amp;oe=60791D58\" alt=\"L\u2019attribut alt de cette image est vide, son nom de fichier est 162947283_3803851123069737_3490739694462111240_o.jpg.\"\/><\/figure>\n\n\n\n<p><a href=\"https:\/\/macommunedeparis.com\/2021\/03\/19\/la-commune-a-cent-cinquante-ans-quelques-annonces-du-jour\/\">La Commune a cent cinquante ans \u2014 quelques annonces du jour<\/a> (le blog-de mich\u00e8le audin)<\/p>\n\n\n\n<figure class=\"wp-block-image is-resized\"><img data-recalc-dims=\"1\" loading=\"lazy\" decoding=\"async\" src=\"https:\/\/macommunedeparis.files.wordpress.com\/2021\/03\/a7303064-2.jpg?w=816&#038;resize=579%2C380\" alt=\"\" width=\"579\" height=\"380\"\/><\/figure>\n\n\n\n<p><a href=\"https:\/\/macommunedeparis.com\/2021\/03\/19\/19-mars-1871-rude-journee-pour-eugene-varlin-et-francis-jourde\/\">19 mars 1871, rude journ\u00e9e pour Eug\u00e8ne Varlin et Francis Jourde<\/a> (Le blog-de mich\u00e8le audin)<\/p>\n\n\n\n<p><a href=\"https:\/\/raspou.team\/1871\/carte\/\">Carte des \u00e9v\u00e9nements Paris<\/a> (raspouteam)<\/p>\n\n\n\n<p><a href=\"https:\/\/www.commune1871.org\/la-commune-de-paris\/histoire-de-la-commune\/commune-1871-ephemeride\">Commune 1871 : \u00e9ph\u00e9m\u00e9ride &#8211; 19 mars : le Comit\u00e9 central aux commandes (documents)<\/a> (les Amies et Amis de la Commune de Paris)<\/p>\n\n\n\n<p><a href=\"https:\/\/blogs.mediapart.fr\/jean-marc-b\/blog\/180321\/mathilde-larrere-la-commune-nest-pas-morte-mais-helas-versailles-non-plus-video\">Mathilde Larr\u00e8re: La Commune n&rsquo;est pas morte mais h\u00e9las, Versailles non plus ! &#8211;<\/a>vid\u00e9o<\/p>\n\n\n\n<figure class=\"wp-block-embed is-type-video is-provider-youtube wp-block-embed-youtube wp-embed-aspect-16-9 wp-has-aspect-ratio\"><div class=\"wp-block-embed__wrapper\">\n<iframe loading=\"lazy\" title=\"Mathilde Larr\u00e8re : \u00ab La Commune n&#039;est pas morte mais h\u00e9las, Versailles non plus ! \u00bb\" width=\"1200\" height=\"675\" src=\"https:\/\/www.youtube.com\/embed\/hbeiqKMnJpQ?start=5&#038;feature=oembed\" frameborder=\"0\" allow=\"accelerometer; autoplay; clipboard-write; encrypted-media; gyroscope; picture-in-picture\" allowfullscreen><\/iframe>\n<\/div><\/figure>\n\n\n\n<p><a href=\"https:\/\/www.alternatives-economiques.fr\/commune-de-paris-une-alternative-economique-sociale\/00098173\">La Commune de Paris, pour une alternative \u00e9conomique et sociale<\/a> (Alter\u00e9co)<\/p>\n\n\n\n<p><a href=\"https:\/\/lesjours.fr\/obsessions\/commune-paris\/ep5-18-mars-commune\/\">La Commune : 18 mars 1871, l\u2019insurrection est venue<\/a> (Les Jours)<\/p>\n\n\n\n<p><a href=\"https:\/\/blogs.mediapart.fr\/jean-marc-b\/blog\/180321\/et-la-commune-inventa-l-ecole-du-peuple\">Et la Commune inventa l\u2019\u00e9cole du peuple <\/a>-Collectif Q2C<\/p>\n\n\n\n<p><a href=\"https:\/\/www.revue-ballast.fr\/la-commune-ou-le-regne-de-la-justice\/\">La Commune, ou \u00ab le r\u00e8gne de la justice \u00bb<\/a> (Ballast)<\/p>\n\n\n\n<p><a href=\"https:\/\/blogs.mediapart.fr\/jean-marc-b\/blog\/190321\/la-commune-partie-1-le-declenchement-minutes-rouges\">La Commune &#8211; partie 1: le d\u00e9clenchement &#8211; Minutes Rouges<\/a><\/p>\n\n\n\n<figure class=\"wp-block-embed is-type-video is-provider-youtube wp-block-embed-youtube wp-embed-aspect-16-9 wp-has-aspect-ratio\"><div class=\"wp-block-embed__wrapper\">\n<iframe loading=\"lazy\" title=\"LA COMMUNE - Partie 1: le d\u00e9clenchement\" width=\"1200\" height=\"675\" src=\"https:\/\/www.youtube.com\/embed\/Kk-FfdV2Rd4?start=52&#038;feature=oembed\" frameborder=\"0\" allow=\"accelerometer; autoplay; clipboard-write; encrypted-media; gyroscope; picture-in-picture\" allowfullscreen><\/iframe>\n<\/div><\/figure>\n\n\n\n<p><a href=\"http:\/\/www.contretemps.eu\/journal-commune-18-mars-1871\/\">La Commune au jour le jour. Samedi 18 mars 1871<\/a>&nbsp;par Contretemps<\/p>\n\n\n\n<p><a href=\"https:\/\/www.humanite.fr\/150-ans-de-la-commune-notre-bibliographie-pour-tout-savoir-de-la-revolution-de-1871-701649#xtor=RSS-1\">150 ans de la Commune : notre bibliographie pour tout savoir de la r\u00e9volution de 1871<\/a>&nbsp;( L\u2019Humanit\u00e9)<\/p>\n\n\n\n<p><a href=\"https:\/\/www.humanite.fr\/de-jaures-lenine-que-faire-de-la-commune-701651#xtor=RSS-1\">De Jaur\u00e8s \u00e0 L\u00e9nine, que faire de la Commune ?<\/a>&nbsp;(L\u2019Humanit\u00e9)<\/p>\n\n\n\n<p><a href=\"https:\/\/www.bondyblog.fr\/culture\/histoire\/lheritage-de-la-commune-vit-encore-chez-les-jeunes-engages\/\">L\u2019h\u00e9ritage de la Commune vit encore chez les jeunes engag\u00e9s<\/a>&nbsp;(Le Bondy Blog)<\/p>\n\n\n\n<p><a href=\"https:\/\/www.humanite.fr\/la-commune-une-oeuvre-politique-et-sociale-qui-marque-et-inspire-lhistoire-701643#xtor=RSS-1\">La Commune, une \u0153uvre politique et sociale qui a marqu\u00e9 et inspir\u00e9 l\u2019histoire<\/a>&nbsp;par J\u00e9r\u00f4me Skalski, Pierre Chaillan (L\u2019Humanit\u00e9)<\/p>\n\n\n\n<p><a href=\"https:\/\/www.commune1871.org\/la-commune-de-paris\/histoire-de-la-commune\/commune-1871-ephemeride\/1167-commune-1871-ephemeride-18-mars-le-parcours-communard-en-video-le-18-mars-vue-de-province\">Commune 1871 : \u00e9ph\u00e9m\u00e9ride &#8211; 18 mars le parcours communard en vid\u00e9o &#8211; le 18 mars vue de province<\/a> (Association les Amies et les Amis de la Commune de Paris 1871)<\/p>\n\n\n\n<p><a href=\"https:\/\/macommunedeparis.com\/2021\/03\/18\/18-mars-1871-a-montmartre-a-belleville-et-ailleurs-des-parisiens-racontent\/\">18 mars 1871, \u00e0 Montmartre, \u00e0 Belleville et ailleurs, des Parisiens racontent<\/a> (Le blog-de mich\u00e8le audin)<\/p>\n\n\n\n<figure class=\"wp-block-image is-resized\"><img data-recalc-dims=\"1\" loading=\"lazy\" decoding=\"async\" src=\"https:\/\/macommunedeparis.files.wordpress.com\/2021\/03\/barricadepuebla.png?w=816&#038;resize=557%2C381\" alt=\"\" width=\"557\" height=\"381\"\/><figcaption>Une joyeuse barricade du 18 mars boulevard Puebla (mus\u00e9e Carnavalet)<\/figcaption><\/figure>\n\n\n\n<p><a href=\"https:\/\/www.en-attendant-nadeau.fr\/2021\/03\/17\/commune-bantigny-dupeyron\/\">La Commune n\u2019est pas morte<\/a> (En attendant Nadeau)<\/p>\n\n\n\n<p><a href=\"https:\/\/www.commune1871.org\/la-commune-de-paris\/histoire-de-la-commune\/commune-1871-ephemeride\">Commune 1871 : \u00e9ph\u00e9m\u00e9ride &#8211; 17 mars Les canons de la Commune<\/a> (Association les Amies et Amis de la Commune de Paris 1871)<\/p>\n\n\n\n<p><a href=\"https:\/\/faisonsvivrelacommune.org\/actualites-de-la-commune-printemps-2021\/\">Petits et grands \u00e9cran de la Commune<\/a> (Faisons vivre la Commune, actualit\u00e9s num\u00e9ro 8)<\/p>\n\n\n\n<p><a href=\"https:\/\/macommunedeparis.com\/2021\/03\/17\/17-mars-1871-thiers-fait-arreter-blanqui\/\">17 mars 1871, Thiers fait arr\u00eater Blanqui<\/a> (Le blog de-mich\u00e8le audin)<\/p>\n\n\n\n<figure class=\"wp-block-image is-resized\"><img data-recalc-dims=\"1\" loading=\"lazy\" decoding=\"async\" src=\"https:\/\/macommunedeparis.files.wordpress.com\/2020\/09\/affichethiers.png?w=816&#038;h=9999&#038;fit=816%2C9999&#038;resize=412%2C582\" alt=\"\" width=\"412\" height=\"582\" title=\"17 mars 1871, Thiers fait arr\u00eater\u00a0Blanqui\"\/><\/figure>\n\n\n\n<p><a href=\"https:\/\/www.commune1871.org\/nos-actualites\/actualites\/1142-commemoration-du-debut-de-la-commune-parcours-de-la-bastille-a-l-hotel-de-ville\">Comm\u00e9moration du d\u00e9but de la Commune &#8211; Parcours de la Bastille \u00e0 l&rsquo;H\u00f4tel de Ville<\/a> (Association les Amies et Amis de la Commune de Paris 1871)<\/p>\n\n\n\n<p><a href=\"https:\/\/www.commune1871.org\/la-commune-de-paris\/histoire-de-la-commune\/commune-1871-ephemeride\/1165-commune-1871-ephemeride-16-mars-la-revolte-kabyle\">Commune 1871 : \u00e9ph\u00e9m\u00e9ride &#8211; 16 mars La r\u00e9volte alg\u00e9rienne<\/a> ((Association les Amies et Amis de la Commune de Paris 1871)<br><br><a href=\"https:\/\/macommunedeparis.com\/2021\/03\/16\/16-mars-1871-deux-cents-bataillons-ont-adhere-a-la-federation-de-la-garde-nationale\/\">16 mars 1871, deux cents bataillons ont adh\u00e9r\u00e9 \u00e0 la f\u00e9d\u00e9ration de la garde nationale<\/a> (le blog-de mich\u00e8le audin)<\/p>\n\n\n\n<p><a href=\"https:\/\/faisonsvivrelacommune.org\/actualites-de-la-commune-printemps-2021\/\">Actualit\u00e9s de la Commune num\u00e9ro 8 est paru<\/a> (Faisons vivre la Commune)<\/p>\n\n\n\n<p><a href=\"https:\/\/faisonsvivrelacommune.org\/la-saison-communarde-le-calendrier-des-evenements\/\">Le calendrier des \u00e9v\u00e9nements<\/a> ( Faisons vivre la Commune, tout sur la Saison communarde)<\/p>\n\n\n\n<p><a href=\"https:\/\/faisonsvivrelacommune.org\/evenements\/\">Faisons vivre la Commune : Prochains \u00e9v\u00e9nements<\/a> (Faisons vivre la Commune)<\/p>\n\n\n\n<p><a href=\"https:\/\/macommunedeparis.com\/2021\/03\/15\/15-mars-1871-protestations-de-blanqui-et-de-flourens-sur-les-murs-de-montmartre\/\">15 mars 1871, protestations de Blanqui et de Flourens sur les murs de Montmartre<\/a> (Le blog-de mich\u00e8le audin)<\/p>\n\n\n\n<figure class=\"wp-block-image is-resized\"><img data-recalc-dims=\"1\" loading=\"lazy\" decoding=\"async\" src=\"https:\/\/macommunedeparis.files.wordpress.com\/2020\/09\/canonsdeontmartre.png?w=816&#038;resize=490%2C353\" alt=\"\" width=\"490\" height=\"353\"\/><figcaption>Mus\u00e9e Carnavalet<\/figcaption><\/figure>\n\n\n\n<p><a href=\"https:\/\/macommunedeparis.com\/2021\/03\/14\/la-commune-des-ecrivains\/\">La Commune des \u00e9crivains Paris 1871: vivre et \u00e9crire l&rsquo;insurrection<\/a> (Le blog-de mich\u00e8le audin)<\/p>\n\n\n\n<p><a href=\"https:\/\/lundi.am\/Des-images-communes\">Des images communes<\/a> (Lundi matin)<\/p>\n\n\n\n<figure class=\"wp-block-image is-resized\"><img data-recalc-dims=\"1\" loading=\"lazy\" decoding=\"async\" src=\"https:\/\/i0.wp.com\/lundi.am\/local\/cache-vignettes\/L700xH767\/photo_8.png-0a3cf.jpg?resize=507%2C555&#038;ssl=1\" alt=\"\" width=\"507\" height=\"555\"\/><figcaption>Devant la colonne Vend\u00f4me avant sa chute photo Bruno Braquehais<\/figcaption><\/figure>\n\n\n\n<p><a href=\"https:\/\/www.humanite.fr\/roman-graphique-rouges-estampes-une-enquete-policiere-au-coeur-de-la-commune-de-paris-701155\">Roman graphique. \u00ab\u00a0Rouges Estampes\u00a0\u00bb, une enqu\u00eate polici\u00e8re au c\u0153ur de la Commune de Paris<\/a> (L\u2019humanit\u00e9.fr)<\/p>\n\n\n\n<figure class=\"wp-block-image\"><img data-recalc-dims=\"1\" decoding=\"async\" src=\"https:\/\/i0.wp.com\/www.humanite.fr\/sites\/default\/files\/styles\/1048x350\/public\/images\/83355.HR.jpg?w=1200&#038;ssl=1\" alt=\"-\" title=\"\"\/><\/figure>\n\n\n\n<p><a href=\"https:\/\/macommunedeparis.com\/2021\/03\/14\/les-canons-de-montmartre-a-la-veille-du-18-mars\/\">Les canons de Montmartre \u2013 \u00e0 la veille du 18 mars<\/a>  ( Le blog- de mich\u00e8le audin)<\/p>\n\n\n\n<p><a href=\"https:\/\/www.humanite.fr\/gerard-mordillat-vive-la-sociale-608135\">G\u00e9rard Mordillat\u2009: \u00ab\u2009Vive la Sociale\u2009!\u2009\u00bb<\/a> (L\u2019humanit\u00e9.fr)<\/p>\n\n\n\n<p><a href=\"https:\/\/www.editionsladecouverte.fr\/la_commune_au_present-9782348066696\">La Commune au pr\u00e9sent, une correspondance par del\u00e0 le temps<\/a> (L.Bantigny, ed La d\u00e9courverte)<\/p>\n\n\n\n<figure class=\"wp-block-image is-resized\"><img data-recalc-dims=\"1\" loading=\"lazy\" decoding=\"async\" src=\"https:\/\/i0.wp.com\/extranet.editis.com\/it-yonixweb\/IMAGES\/DEC\/P3\/9782348066696.JPG?resize=334%2C544&#038;ssl=1\" alt=\"La Commune au pr\u00e9sent - Ludivine BANTIGNY\" width=\"334\" height=\"544\"\/><\/figure>\n\n\n\n<p><a href=\"https:\/\/blogs.mediapart.fr\/jean-marc-b\/blog\/140321\/les-horizons-demancipation-de-la-commune-dossier-cerises\">Les horizons d&rsquo;\u00e9mancipation de La Commune- <\/a>Dossier Cerises<\/p>\n\n\n\n<p><a href=\"https:\/\/www.facebook.com\/lemedialive\/videos\/187303962886967\">Manifestation comm\u00e9morative a Nancy des 150 ans de La Commune<\/a> -vid\u00e9o<\/p>\n\n\n\n<p><a href=\"https:\/\/macommunedeparis.com\/2021\/03\/13\/13-mars-1871-mort-du-bebe-de-victorine\/(Le\">13 mars 1871, mort du b\u00e9b\u00e9 de Victorine<\/a> (Le blog- de mich\u00e8le audin)<\/p>\n\n\n\n<figure class=\"wp-block-image\"><img data-recalc-dims=\"1\" decoding=\"async\" src=\"https:\/\/macommunedeparis.files.wordpress.com\/2020\/09\/decesgabrielrouchy.png?w=1200&#038;h=9999&#038;fit=816%2C9999\" alt=\"\" title=\"13 mars 1871, mort du b\u00e9b\u00e9 de\u00a0Victorine\"\/><\/figure>\n\n\n\n<p><a href=\"https:\/\/macommunedeparis.com\/2021\/03\/12\/12-mars-1871-avant-hier-lassemblee-de-bordeaux-a-vote-la-loi-sur-les-echeances\/\">12 mars 1871, l\u2019assembl\u00e9e de Bordeaux a vot\u00e9 la loi sur les \u00e9ch\u00e9ances<\/a> (Le blog-de mich\u00e8le audin)<\/p>\n\n\n\n<p><a href=\"https:\/\/www.commune1871.org\/la-commune-de-paris\/mediatheque\/videotheque\">Universit\u00e9 populaire du 14e : Cycle \u00a0\u00bb La Commune de Paris 1871 : Ville libre, ville autog\u00e9r\u00e9e ? \u00ab\u00a0<\/a> association des Amies et Amis de la Commune de Paris 1871)<\/p>\n\n\n\n<p><a href=\"https:\/\/www.commune1871.org\/la-commune-de-paris\/parimoine\/des-lieux-de-la-commune\">Le Fort D\u2019Issy-Les-Moulineaux<\/a> ((association des Amies et Amis de la Commune de Paris 1871)<\/p>\n\n\n\n<p><a href=\"https:\/\/www.commune1871.org\/la-commune-de-paris\/histoire-de-la-commune\/illustres-communards\/1156-les-inconnu-e-s-de-la-commune-roze-tuboeuf-l-espoir-du-bonheur-au-gout-amer\">Les inconnu-e-s de la Commune &#8211; Roze Tuboeuf : L&rsquo;espoir du bonheur au go\u00fbt amer<\/a> (association des Amies et Amis de la Commune de Paris 1871)<\/p>\n\n\n\n<p><a href=\"https:\/\/www.commune1871.org\/la-commune-de-paris\/histoire-de-la-commune\/chronologie-au-jour-le-jour\/1157-les-greves-des-ouvrieres-et-ouvriers-relieurs-parisiens-1864-1865\">Les gr\u00e8ves des ouvri\u00e8res et ouvriers relieurs parisiens 1864 \u2013 1865<\/a> (association des Amies et Amis de la Commune de Paris 1871)<\/p>\n\n\n\n<p><a href=\"https:\/\/www.franceculture.fr\/emissions\/le-cours-de-lhistoire\">La Commune,150 ans<\/a> (France Culture, Le cours de l\u2019histoire)<\/p>\n\n\n\n<p><a href=\"https:\/\/macommunedeparis.com\/2021\/03\/11\/josee-meunier-19-rue-des-juifs\/\">Jos\u00e9e Meunier 19 rue des Juifs<\/a> (Le blog-de mich\u00e8le audin)<\/p>\n\n\n\n<p><a href=\"https:\/\/macommunedeparis.com\/2021\/03\/11\/11-mars-1871-vinoy-interdit-six-journaux\/\">11 mars 1871, Vinoy interdit six journaux<\/a> (Le blog-de mich\u00e8le audin)<\/p>\n\n\n\n<figure class=\"wp-block-image is-resized\"><img data-recalc-dims=\"1\" loading=\"lazy\" decoding=\"async\" src=\"https:\/\/macommunedeparis.files.wordpress.com\/2021\/03\/vinoyinterdit6journaux.png?w=695&#038;resize=422%2C532\" alt=\"\" width=\"422\" height=\"532\"\/><\/figure>\n\n\n\n<p><a href=\"https:\/\/macommunedeparis.com\/2021\/03\/10\/10-mars-1871-condamnes\/\">10 mars 1871, condamn\u00e9s!<\/a> (Le blog-de mich\u00e8le audin)<\/p>\n\n\n\n<p><a href=\"https:\/\/link.newsletter.franceculture.fr\/m\/surl\/7429\/643964\/Z-aKe_Jq0eBxGP8ryvFR829C5lXTLJmivm821gAfcU8=\/link_20\/CpeGccsSiS8-xH8qnGU6lmTy02c6ELzxe6G4F+Q04B3GzEQkPB7nS8FYTgV6nrcfEllCOzspytc0Khm056Jx7fv7wrUgqkvTVk0biUG7lU1fl26+iRadLDiUCFJAUoDori4DpmG2gsqx8+EiVXH1Cbu8rOWUU02oBTrLYb3O5gkk036psyHFGePtKJVyg61wv5+A2u-8UczZbwW8I6-lhYgBQeFmJEabSw0OJ2hi+dDsjnDIwsuXT8jUZz+DG9lkv8ubv+CkN5L3Zkl6lPHHe5-xAV3GEBpMfHeHVDA0xFkJm44pHFCtM-stnAFozEmxPiCvQqseyrBxyB9e0EdPfBJnzdXEHo9pHeVlRaIxHPqw0gTpmTWSowQw-GysSBqq\">Film documentaire anim\u00e9 \u00ab\u00a0Les damn\u00e9s de la Commune\u00a0\u00bb sur Arte<\/a> (France Culture)<\/p>\n\n\n\n<p><a href=\"https:\/\/www.humanite.fr\/essai-la-commune-republicaine-et-revolutionnaire-700920\">Essai. La Commune r\u00e9publicaine et r\u00e9volutionnaire : \u00ab\u00a0Commune de 1871. La R\u00e9volution Impromptue\u00a0\u00bb de Roger Martelli<\/a> (L\u2019Humanit\u00e9)<\/p>\n\n\n\n<p><a href=\"https:\/\/www.humanite.fr\/la-commune-marx-engels-et-le-sphinx-700957\">La Commune, Marx, Engels et \u00ab\u2009le sphinx\u2009\u00bb<\/a> (L\u2019Humanit\u00e9)<\/p>\n\n\n\n<p><a href=\"https:\/\/macommunedeparis.com\/2021\/03\/09\/actualite-des-livres-recus-des-journaux-et-un-debat\/\">Actualit\u00e9: des livres re\u00e7us, des journaux et un d\u00e9bat<\/a> ( Le blog de mich\u00e8le audin)<\/p>\n\n\n\n<div class=\"wp-block-image\"><figure class=\"aligncenter\"><img data-recalc-dims=\"1\" decoding=\"async\" src=\"https:\/\/macommunedeparis.files.wordpress.com\/2021\/03\/capture-decran-2021-03-09-a-15.55.26.png?w=1200&#038;h=436&#038;fit=370%2C436\" alt=\"\" class=\"wp-image-13966\"\/><\/figure><\/div>\n\n\n\n<p><a href=\"https:\/\/macommunedeparis.com\/2021\/03\/09\/9-mars-1871-bordeaux-versailles-ou-meme-carpentras-mais-surtout-pas-paris\/\">9 mars 1871, Bordeaux, Versailles \u2013 ou m\u00eame Carpentras? \u2013 mais surtout pas Paris!<\/a> (Le blog- de mich\u00e8le audin)<\/p>\n\n\n\n<p><a href=\"https:\/\/macommunedeparis.com\/2021\/03\/08\/la-federation-republicaine-de-la-garde-nationale-et-ses-statuts\/\">8 mars 1871, la-f\u00e9d\u00e9ration r\u00e9publicaine de la garde nationale et ses statuts<\/a> (Le blog-de mich\u00e8le audin)<\/p>\n\n\n\n<p><a href=\"https:\/\/faisonsvivrelacommune.org\/les-petroleuses\/\">Les \u00ab P\u00e9troleuses \u00bb<\/a> (Dossiers FVLC,, Mich\u00e8le Audin)<\/p>\n\n\n\n<p><a href=\"https:\/\/faisonsvivrelacommune.org\/quel-heritage-des-communardes-en-2019\/(Dossiers\">Quel h\u00e9ritage des communardes en 2019 ?<\/a> FVLC, H\u00e9l\u00e8ne Hernandez, Radio libertaire)<\/p>\n\n\n\n<p><a href=\"https:\/\/faisonsvivrelacommune.org\/de-la-tricoteuse-a-la-petroleuse-ou-les-figures-repulsives-de-la-femme-publique\/\">De la \u00ab tricoteuse \u00bb \u00e0 la \u00ab p\u00e9troleuse \u00bb ou les figures r\u00e9pulsives de la \u00ab femme publique \u00bb<\/a> (les Dossiers FVLC, Mich\u00e8le Riot-sarcey, La revue du mus\u00e9e d\u2019Orsay)<\/p>\n\n\n\n<figure class=\"wp-block-image\"><img data-recalc-dims=\"1\" decoding=\"async\" src=\"https:\/\/i0.wp.com\/faisonsvivrelacommune.org\/wp-content\/uploads\/2020\/04\/Commune_de_Paris_barricade_Place_Blanche.jpg?w=1200&#038;ssl=1\" alt=\"\" class=\"wp-image-4077\"\/><\/figure>\n\n\n\n<p><a href=\"https:\/\/faisonsvivrelacommune.org\/les-femmes-du-18-mars-la-maman-ou-la-putain\/\">Les femmes du 18 mars, la maman ou la putain ?<\/a> (Les dossiers Faisons vivre la Commune, Mich\u00e8le Audin)<\/p>\n\n\n\n<figure class=\"wp-block-image\"><img data-recalc-dims=\"1\" decoding=\"async\" src=\"https:\/\/i0.wp.com\/faisonsvivrelacommune.org\/wp-content\/uploads\/2020\/04\/ils-n-emporteront-pas-les-canons%C2%A9Eloi-Valat.jpg?w=1200&#038;ssl=1\" alt=\"\" class=\"wp-image-4082\"\/><figcaption>Ils n&#8217;emporteront pas les canons, Eloi Valat<\/figcaption><\/figure>\n\n\n\n<p><a href=\"https:\/\/macommunedeparis.com\/2021\/03\/07\/7-mars-1871-a-bordeaux-hugo-va-demissionner-a-paris-on-continue-de-juger-le-31-octobre\/\">7 mars 1871, \u00e0 Bordeaux, Hugo va d\u00e9missionner, \u00e0 Paris on continue de juger le 31 octobre<\/a> (Le blog-de mich\u00e8le audin)<\/p>\n\n\n\n<p><a href=\"https:\/\/macommunedeparis.com\/2021\/03\/06\/6-mars-1871-une-locataire-ecrit-au-cri-du-peuple\/\">6 mars 1871, une locataire \u00e9crit au Cri du Peuple<\/a> (Le blog-de mich\u00e8le audin)<\/p>\n\n\n\n<p><a href=\"https:\/\/macommunedeparis.com\/2021\/03\/05\/encore-des-livres-et-ce-nest-pas-fini\/\">Encore des livres! et ce n\u2019est pas fini\u2026<\/a> (le blog &#8211; de mich\u00e8le audin)<\/p>\n\n\n\n<p><a href=\"https:\/\/macommunedeparis.com\/2021\/03\/05\/violences-faites-aux-femmes\/\">5 mars 1871, violences faites aux femmes<\/a> (Le blog-de mich\u00e8le audin)<\/p>\n\n\n\n<p><a href=\"http:\/\/cqfd-journal.org\/Allons-z-enfants-de-la-Commune\">Allons z&rsquo;enfants de la Commune\u2026<\/a> (CQFD)&nbsp;<\/p>\n\n\n\n<p><a href=\"https:\/\/www.commune1871.org\/la-commune-de-paris\/histoire-de-la-commune\/illustres-communards\/la-commune-de-paris\/histoire-de-la-commune\/illustres-communards\/711-courbet-dans-la-commune-2#nb1\">Courbet dans la Commune<\/a> (Les Amies et Amis de la Commune de Paris 1871)<\/p>\n\n\n\n<p><a href=\"https:\/\/www.commune1871.org\/la-commune-de-paris\/histoire-de-la-commune\/illustres-communards\/la-commune-de-paris\/histoire-de-la-commune\/dossier-thematique\/les-artistes-et-la-commune\/1122-artistes-et-ecrivains-face-a-la-commune\">Artistes et \u00e9crivains face \u00e0 la Commune<\/a> (Les Amies et Amis de la Commune de Paris 1871)<\/p>\n\n\n\n<p><a href=\"https:\/\/www.commune1871.org\/index.php\/la-commune-de-paris\/histoire-de-la-commune\/illustres-communards\/531-elysee-reclus-communard-et-ecolo\">\u00c9lys\u00e9e Reclus Communard et \u00e9colo<\/a> (les Amies et Amis de la Commune de Paris 1871)<\/p>\n\n\n\n<p><a href=\"https:\/\/macommunedeparis.com\/2021\/03\/04\/4-mars-1871-le-comite-central-de-la-garde-nationale-elu-saffiche\/\">4 mars 1871, le comit\u00e9 central de la garde nationale, \u00e9lu, s\u2019affiche<\/a> (Le blog-de mich\u00e8le audin)<\/p>\n\n\n\n<figure class=\"wp-block-image is-resized\"><img data-recalc-dims=\"1\" loading=\"lazy\" decoding=\"async\" src=\"https:\/\/macommunedeparis.files.wordpress.com\/2020\/08\/comitecentral4mars.png?w=499&#038;resize=359%2C532\" alt=\"\" width=\"359\" height=\"532\"\/><\/figure>\n\n\n\n<p><a href=\"https:\/\/macommunedeparis.com\/2021\/03\/03\/3-mars-1871-la-paix-est-signee-dans-le-cri-du-peuple\/\">3 mars 1871, la paix est sign\u00e9e \u2013 dans Le Cri du peuple<\/a> (Le blog-de mich\u00e8le audin)<\/p>\n\n\n\n<figure class=\"wp-block-image is-resized\"><img data-recalc-dims=\"1\" loading=\"lazy\" decoding=\"async\" src=\"https:\/\/macommunedeparis.files.wordpress.com\/2020\/09\/lempirecestlapaixdaumier.png?w=705&#038;resize=434%2C547\" alt=\"\" width=\"434\" height=\"547\"\/><figcaption>Estampe de Daumier Mus\u00e9e Carnavalet<\/figcaption><\/figure>\n\n\n\n<p><a href=\"https:\/\/macommunedeparis.com\/2021\/03\/02\/2-mars-1870-la-nuit-derniere-emile-kuss-est-mort-de-chagrin\/\">2 mars 1870, la nuit derni\u00e8re, \u00c9mile K\u00fcss est mort de chagrin<\/a> (le blog- de mich\u00e8le audin)<\/p>\n\n\n\n<p><a href=\"https:\/\/www.herodote.net\/La_Vierge_rouge_de_la_Commune-synthese-2387-508.php\">Louise Michel (1830 &#8211; 1905)La \u00ab Vierge rouge \u00bb de la Commune<\/a> (Revue H\u00e9rodote)<\/p>\n\n\n\n<figure class=\"wp-block-image is-resized\"><img data-recalc-dims=\"1\" loading=\"lazy\" decoding=\"async\" src=\"https:\/\/i0.wp.com\/www.herodote.net\/_images\/louise-michel.png?resize=430%2C533&#038;ssl=1\" alt=\"Arrestation de Louise Michel le 24 mai 1871 (Jules Girardet, 1871, mus\u00e9e d'Art et d'Histoire de Saint-Denis)\" width=\"430\" height=\"533\" title=\"\"\/><\/figure>\n\n\n\n<p><a href=\"https:\/\/www.herodote.net\/histoire\/evenement.php?jour=18700919&amp;ID_dossier=508\">19 septembre 1870 &#8211; 28 janvier 1871 Si\u00e8ge de Paris<\/a> (Revue H\u00e9rodote)<\/p>\n\n\n\n<p><a href=\"https:\/\/macommunedeparis.com\/2021\/03\/01\/lentree-des-prussiens-par-maxime-vuillaume\/\">1 mars, l&rsquo;entr\u00e9e des Prussiens.<\/a> (Le blog- de mich\u00e8le audin)<\/p>\n\n\n\n<figure class=\"wp-block-image\"><img data-recalc-dims=\"1\" decoding=\"async\" src=\"https:\/\/macommunedeparis.files.wordpress.com\/2021\/03\/illustrationoccupationprussienne.png?w=1200\" alt=\"\"\/><figcaption>Le boulevard Montmartre pendant l&rsquo;occupation<\/figcaption><\/figure>\n\n\n\n<p><a href=\"https:\/\/macommunedeparis.com\/2021\/02\/28\/28-fevrier-1871-compte-rendu-des-seances-des-trois-comites-a-la-corderie\/\">28 f\u00e9vrier 1871, compte rendu des s\u00e9ances des trois comit\u00e9s \u00e0 la Corderie<\/a> (le blog de mich\u00e8le audin)<\/p>\n\n\n\n<p><a href=\"https:\/\/macommunedeparis.com\/2021\/02\/28\/deux-articles-deux-messages-et-des-livres-a-venir\/\">Deux articles, deux messages, et des livres\u2026 \u00e0 venir<\/a> (Le blog-de mich\u00e8le  audin)<\/p>\n\n\n\n<figure class=\"wp-block-image\"><img data-recalc-dims=\"1\" decoding=\"async\" src=\"https:\/\/macommunedeparis.files.wordpress.com\/2021\/02\/lasemainesanglante-canard-rs-copie.jpg?w=1200&#038;h=200&#038;crop=1&#038;resize=400%2C200\" alt=\"\"\/><\/figure>\n\n\n\n<p><a href=\"https:\/\/macommunedeparis.com\/2021\/02\/27\/27-fevrier-1871-ne-tire-pas\/\">27 f\u00e9vrier 1871, Ne tire pas !<\/a> ( blog-de mich\u00e8le audin)<\/p>\n\n\n\n<p><a href=\"https:\/\/www.youtube.com\/watch?v=4jLXXEdMvDA\">Chansons:les Femmes dans la Commune de Paris ( Pauline Floury S\u00e9verin Vali\u00e8re)<\/a> (youtube)<\/p>\n\n\n\n<figure class=\"wp-block-image is-resized\"><img data-recalc-dims=\"1\" loading=\"lazy\" decoding=\"async\" src=\"https:\/\/i0.wp.com\/i.ytimg.com\/vi\/4jLXXEdMvDA\/hqdefault.jpg?resize=346%2C194&#038;ssl=1\" alt=\"\" width=\"346\" height=\"194\"\/><\/figure>\n\n\n\n<p><a href=\"https:\/\/macommunedeparis.com\/2021\/02\/26\/26-fevrier-1871-a-la-bastille-avec-victorine\/\">26 f\u00e9vrier 1871, \u00e0 la Bastille avec Victorine et Florent<\/a> (blog-de mich\u00e8le audin)<\/p>\n\n\n\n<p><a href=\"https:\/\/blogs.mediapart.fr\/jean-marc-b\/blog\/260221\/appel-des-gj-de-montreuil-2021-150-ans-commune-de-paris-video\">Appel des GJ de Montreuil 2021: 150 ans Commune de Paris &#8211;<\/a>vid\u00e9o<\/p>\n\n\n\n<p><a href=\"https:\/\/alt-rev.com\/2021\/02\/26\/la-commune-de-paris-une-revolution-proletarienne-et-radicale-idee-recue-n2\/\">La Commune de Paris, une r\u00e9volution prol\u00e9tarienne et radicale ? Id\u00e9e re\u00e7ue n\u00b02<\/a> (France culture)<br><\/p>\n\n\n\n<p><a href=\"https:\/\/alt-rev.com\/2021\/02\/26\/la-commune-de-paris-explosion-anarchique-idee-recue-n1\/\">La Commune de Paris, explosion anarchique ? Id\u00e9e re\u00e7ue n\u00b01<\/a><br>(France culture)<\/p>\n\n\n\n<p><a href=\"https:\/\/macommunedeparis.com\/2021\/02\/25\/25-fevrier-1871-passion-politique-dans-le-cri-du-peuple\/\">25 f\u00e9vrier 1871, Passion politique dans Le Cri du peuple<\/a> (blog- de mich\u00e8le audin)<\/p>\n\n\n\n<figure class=\"wp-block-image is-resized\"><img data-recalc-dims=\"1\" loading=\"lazy\" decoding=\"async\" src=\"https:\/\/macommunedeparis.files.wordpress.com\/2020\/07\/daumierprusseassemblee.png?w=613&#038;resize=473%2C598\" alt=\"\" width=\"473\" height=\"598\"\/><figcaption>Honor\u00e9 Daumier: la Prusse pr\u00e9sente l&rsquo;Assembl\u00e9e \u00e0 la France<\/figcaption><\/figure>\n\n\n\n<p><a href=\"https:\/\/macommunedeparis.com\/2021\/02\/24\/24-fevrier-1871-acquittes\/\">24 f\u00e9vrier 1871, acquitt\u00e9s!<\/a> (blog- de mich\u00e8le audin)<\/p>\n\n\n\n<p><a href=\"https:\/\/macommunedeparis.com\/2021\/02\/23\/23-fevrier-1871-le-conseil-de-guerre-juge-le-31-octobre\/\">23 f\u00e9vrier 1871, le conseil de guerre juge \u00ab le 31 octobre \u00bb<\/a> (blog-de mich\u00e8le audin)<\/p>\n\n\n\n<p><a href=\"https:\/\/macommunedeparis.com\/category\/il-y-a-cent-cinquante-ans\/\">22 f\u00e9vrier 1871, demain, les R\u00e9publicains devant les conseils de guerre<\/a> (Le blog-de mich\u00e8le audin)<\/p>\n\n\n\n<p><a href=\"https:\/\/bataillesocialiste.wordpress.com\/documents-historiques\/1932-la-commune-et-la-laicite\/\">La Commune et la la\u00efcit\u00e9 [Pivert]<\/a> (La Bataille socialiste)<\/p>\n\n\n\n<p><a href=\"http:\/\/www2.culture.gouv.fr\/culture\/actualites\/celebrations2005\/lmichel.htm\">C\u00e9l\u00e9brations nationales 2005 Louise Michel (Xavi\u00e8re Gautier)<\/a> (culture.gouv.c\u00e9l\u00e9brations 2005)<\/p>\n\n\n\n<p><a href=\"https:\/\/lesjours.fr\/obsessions\/commune-paris\/ep1-cri-du-peuple\/\">\u00ab Vive la Commune ! Pas d\u2019armistice ! \u00bb<\/a> (Les Jours)<\/p>\n\n\n\n<figure class=\"wp-block-image is-resized is-style-default\"><img data-recalc-dims=\"1\" loading=\"lazy\" decoding=\"async\" src=\"https:\/\/i0.wp.com\/lesjours.fr\/ressources\/image\/ep1-cridupeuple-img-header.jpeg?resize=387%2C257&#038;ssl=1\" alt=\"La Commune\" width=\"387\" height=\"257\"\/><\/figure>\n\n\n\n<p><a href=\"https:\/\/www.syllepse.net\/la-commune-au-jour-le-jour-_r_65_i_836.html\">Le Journal officiel publi\u00e9 \u00e0 Paris pendant la Commune de&nbsp;1871<\/a> (Syllepse)<\/p>\n\n\n\n<figure class=\"wp-block-image is-resized is-style-default\"><img data-recalc-dims=\"1\" loading=\"lazy\" decoding=\"async\" src=\"https:\/\/i0.wp.com\/www.syllepse.net\/syllepse_images\/produits\/commune-au-jour-le-jour.jpg?resize=360%2C360&#038;ssl=1\" alt=\"La Commune au jour le jour Histoire : enjeux et d\u00e9bats\" width=\"360\" height=\"360\"\/><\/figure>\n\n\n\n<p><a href=\"https:\/\/macommunedeparis.com\/2021\/02\/21\/21-fevrier-1871-le-cri-du-peuple-enfin\/\">21 f\u00e9vrier 1871, le Cri du Peuple, enfin!<\/a> (Le blog-de mich\u00e8le audin)<\/p>\n\n\n\n<figure class=\"wp-block-image is-resized\"><img data-recalc-dims=\"1\" loading=\"lazy\" decoding=\"async\" src=\"https:\/\/macommunedeparis.files.wordpress.com\/2020\/08\/cri22fevrier.png?w=816&#038;resize=558%2C309\" alt=\"\" width=\"558\" height=\"309\"\/><\/figure>\n\n\n\n<p><a href=\"https:\/\/macommunedeparis.com\/2021\/02\/20\/20-fevrier-1871-george-guillaume-cite-la-carmagnole-et-favre-en-prend-pour-son-grade\/\">20 f\u00e9vrier 1871, George Guillaume cite La Carmagnole et Favre en prend pour son grade<\/a> (blog- de mich\u00e8le audin)<\/p>\n\n\n\n<figure class=\"wp-block-image is-resized\"><img data-recalc-dims=\"1\" loading=\"lazy\" decoding=\"async\" src=\"https:\/\/macommunedeparis.files.wordpress.com\/2020\/09\/lacarmagnole.png?w=631&#038;resize=440%2C618\" alt=\"\" width=\"440\" height=\"618\"\/><figcaption>Mus\u00e9e Carnavalet<\/figcaption><\/figure>\n\n\n\n<p><a href=\"https:\/\/helene.morgane.org\/louisemichel.html\">Po\u00e9sies de Louise Michel (1830 &#8211; 1905)<\/a> (Biblioth\u00e8que ouvri\u00e8re cosmopolite, 1887)<\/p>\n\n\n\n<p><a href=\"http:\/\/classiques.uqac.ca\/classiques\/michel_louise\/la_commune\/la_commune.html\">La Commune(1898), Louise Michel<\/a> (Les classiques des sciences sociales, jean-marie-tremblay)<\/p>\n\n\n\n<p><a href=\"https:\/\/bataillesocialiste.wordpress.com\/2012\/04\/21\/deux-affiches-de-la-i-t-a-paris-1871\/\">Deux affiches de l\u2019A.I.T. \u00e0 Paris (1871)<\/a> (la Bataille socialiste)<\/p>\n\n\n\n<figure class=\"wp-block-image is-resized\"><img data-recalc-dims=\"1\" loading=\"lazy\" decoding=\"async\" src=\"https:\/\/bataillesocialiste.files.wordpress.com\/2012\/04\/candidats_ait-bordscoupes.jpg?resize=388%2C637\" alt=\"https:\/\/bataillesocialiste.files.wordpress.com\/2012\/04\/candidats_ait-bordscoupes.jpg\" width=\"388\" height=\"637\"\/><\/figure>\n\n\n\n<figure class=\"wp-block-image is-resized\"><img data-recalc-dims=\"1\" loading=\"lazy\" decoding=\"async\" src=\"https:\/\/bataillesocialiste.files.wordpress.com\/2012\/04\/au-peuple-allemand.jpg?w=450&#038;h=616&#038;fit=450%2C616&#038;resize=428%2C586\" alt=\"Cliquer sur l'image pour l'agrandir\" class=\"wp-image-30257\" width=\"428\" height=\"586\" title=\"au-peuple-allemand\"\/><\/figure>\n\n\n\n<p><a href=\"https:\/\/macommunedeparis.com\/2021\/02\/19\/19-fevrier-1871-meme-blanqui-vient-a-bordeaux-mais-il-ny-reste-pas\/\">19 f\u00e9vrier 1871, m\u00eame Blanqui vient \u00e0 Bordeaux, mais il n\u2019y reste pas<\/a> (blog-de mich\u00e8le audin)<\/p>\n\n\n\n<figure class=\"wp-block-image is-resized\"><img data-recalc-dims=\"1\" loading=\"lazy\" decoding=\"async\" src=\"https:\/\/macommunedeparis.files.wordpress.com\/2020\/08\/theatrebordeaux.png?w=816&#038;resize=481%2C344\" alt=\"\" width=\"481\" height=\"344\"\/><figcaption>L&rsquo;Assembl\u00e9e au Grand-Th\u00e9\u00e2tre (Le Monde illustr\u00e9)<\/figcaption><\/figure>\n\n\n\n<p><a href=\"https:\/\/bataillesocialiste.wordpress.com\/la-commune-de-1871\/\">La Commune de 1871<\/a> (La Bataille socialiste)<\/p>\n\n\n\n<p><a href=\"http:\/\/classiques.uqac.ca\/classiques\/commune_de_paris\/Journal_officiel_Commune_de_Paris\/Journal_officiel_Commune_de_Paris.html\">Journal officiel de la Commune de Parisdu 20 mars au 24 mai 1871. (1871)<\/a> (Les classiques des sciences sociales, jean-marie tremblay)<\/p>\n\n\n\n<p><a href=\"https:\/\/macommunedeparis.com\/liste-de-livres\/\">Liste de livres<\/a> (blog-de mich\u00e8le audin)<\/p>\n\n\n\n<p><a href=\"https:\/\/macommunedeparis.com\/2021\/02\/18\/18-fevrier-1871-des-grands-hommes-a-bordeaux\/\">18 f\u00e9vrier 1871, des grands hommes \u00e0 Bordeaux<\/a> (blog-de mich\u00e8le audin)<\/p>\n\n\n\n<figure class=\"wp-block-image is-resized\"><img data-recalc-dims=\"1\" loading=\"lazy\" decoding=\"async\" src=\"https:\/\/macommunedeparis.files.wordpress.com\/2020\/08\/gastoncremieux.png?w=571&#038;resize=420%2C564\" alt=\"\" width=\"420\" height=\"564\"\/><figcaption>Gaston Cr\u00e9mieux (Appert photographe)<\/figcaption><\/figure>\n\n\n\n<p><a href=\"https:\/\/macommunedeparis.com\/2021\/02\/17\/17-fevrier-1871-comment-on-distribue-les-dons-anglais\/\">17 f\u00e9vrier 1871, comment on distribue les dons anglais<\/a> (blog-de mich\u00e8le audin)<\/p>\n\n\n\n<p><a href=\"https:\/\/macommunedeparis.com\/2021\/02\/16\/16-fevrier-1871-il-y-a-trois-jours-garibaldi-a-demissionne-et-gaston-cremieux-a-invente-le-mot-ruraux\/\">16 f\u00e9vrier 1871, il y a trois jours, Garibaldi a d\u00e9missionn\u00e9 et Gaston Cr\u00e9mieux a invent\u00e9 le mot \u00ab ruraux \u00bb<\/a> (blog-de mich\u00e8le audin)<\/p>\n\n\n\n<p><a href=\"https:\/\/macommunedeparis.com\/2021\/02\/15\/15-fevrier-1871-deux-reunions-rue-de-la-douane-rue-de-la-corderie\/\">15 f\u00e9vrier 1871, deux r\u00e9unions, rue de la Douane, rue de la Corderie<\/a> (blog-de mich\u00e8le audin)<\/p>\n\n\n\n<p><a href=\"https:\/\/macommunedeparis.com\/2021\/02\/14\/14-fevrier-1871-demain-les-resultats-des-elections-seront-definitifs\/\">14 f\u00e9vrier 1871, demain les r\u00e9sultats des \u00e9lections seront d\u00e9finitifs<\/a> (blog-de mich\u00e8le audin)<\/p>\n\n\n\n<p><a href=\"https:\/\/macommunedeparis.com\/2021\/02\/13\/13-fevrier-1871-le-depouillement-continue-a-paris\/\">13 f\u00e9vrier 1871, le d\u00e9pouillement continue \u00e0 Paris<\/a> (blog- de mich\u00e8le audin)<\/p>\n\n\n\n<p><a href=\"https:\/\/macommunedeparis.com\/2021\/02\/12\/la-semaine-sanglante-legendes-et-comptes\/\">La Semaine sanglante \u2013 l\u00e9gendes et comptes<\/a> (blog- de mich\u00e8le audin)<\/p>\n\n\n\n<p><a href=\"https:\/\/macommunedeparis.com\/2021\/02\/12\/12-fevrier-1871-un-dernier-mot-de-blanqui\/\">12 f\u00e9vrier 1871, un dernier mot \u2013 de Blanqui<\/a> (blog-de mich\u00e8le audin)<\/p>\n\n\n\n<figure class=\"wp-block-image\"><img data-recalc-dims=\"1\" decoding=\"async\" src=\"https:\/\/macommunedeparis.files.wordpress.com\/2020\/07\/underniermot.png?w=1200\" alt=\"\"\/><\/figure>\n\n\n\n<p><a href=\"https:\/\/www.commune1871.org\/la-commune-de-paris\/histoire-de-la-commune\/chronologie-au-jour-le-jour\/481-les-enfants-combattants-de-la-commune\">Les enfants combattants de la Commune<\/a> (Amies et Amis de la Commune de Paris 1871)<\/p>\n\n\n\n<figure class=\"wp-block-image is-resized\"><img data-recalc-dims=\"1\" loading=\"lazy\" decoding=\"async\" src=\"https:\/\/i0.wp.com\/www.commune1871.org\/images\/PhotothequeAmis\/jpg\/apprentis_colonne_vendome.jpg?resize=476%2C326&#038;ssl=1\" alt=\"Apprentis colonne Vend\u00f4me\" width=\"476\" height=\"326\" title=\"Apprentis au milieu de f\u00e9d\u00e9r\u00e9s posant devant la Colonne Vend\u00f4me d\u00e9molie.\"\/><\/figure>\n\n\n\n<p><a href=\"https:\/\/macommunedeparis.com\/2021\/02\/11\/11-fevrier-1871-comment-on-depouille-le-scrutin\/\">11 f\u00e9vrier 1871, comment on d\u00e9pouille le scrutin<\/a> (blog-de mich\u00e8le audin)<\/p>\n\n\n\n<p><a href=\"https:\/\/macommunedeparis.com\/2021\/02\/10\/10-fevrier-1871-des-nouvelles-de-strasbourg\/\">10 f\u00e9vrier 1871, des nouvelles de Strasbourg<\/a> (blog -de mich\u00e8le audin)<\/p>\n\n\n\n<figure class=\"wp-block-image is-style-default\"><img decoding=\"async\" src=\"https:\/\/scontent.fhex4-2.fna.fbcdn.net\/v\/t1.0-9\/148763921_1144538909301909_3943238444262082171_n.png?_nc_cat=103&amp;ccb=3&amp;_nc_sid=730e14&amp;_nc_ohc=UXK5b5bBGpoAX_2tgm0&amp;_nc_ht=scontent.fhex4-2.fna&amp;oh=ca6a24513a400d05b972c763dfc86ad6&amp;oe=6048B006\" alt=\"Peut \u00eatre une image de 1 personne et texte qui dit \u2019< Si y a des mis\u00e9reux dans la societ\u00e9, v\u00eatements des gens sans asile, sans Jans pain, c'est que la societe dans laquelle nous vvons est mal onganis\u00e9e. On ne peut pas admettre qu'it y ait encore des gens 2.t des millions \u00e0 depenser en cr\u00e8vent la faim quand d'autres turpitudes. C'est cette pens\u00e9e qui me revolte! Rouise Michel\u2019\"\/><\/figure>\n\n\n\n<figure class=\"wp-block-image is-resized is-style-default\"><img data-recalc-dims=\"1\" loading=\"lazy\" decoding=\"async\" src=\"https:\/\/i0.wp.com\/acta.zone\/wp-content\/uploads\/2020\/02\/Barricade_Voltaire_Lenoir_Commune_Paris_1871-1024x695.jpg?resize=450%2C305&#038;ssl=1\" alt=\"O\u00f9 en est-on de la question du pouvoir ?\" class=\"wp-image-2500\" width=\"450\" height=\"305\"\/><\/figure>\n\n\n\n<p><a href=\"https:\/\/www.youtube.com\/watch?v=GMGpk_0Choo\">Le Sire de Fisch-Ton-Kan, chanson de 1870, moqueuse envers Napol\u00e9on III d\u00e9chu.<\/a> (youtube)<\/p>\n\n\n\n<p><a href=\"https:\/\/macommunedeparis.com\/2021\/02\/09\/londres-septembre-1865-eugene-varlin-avec-tolain-fribourg-limousin-et-un-photographe\/\">Londres, septembre 1865 \u2013 Eug\u00e8ne Varlin, avec Tolain, Fribourg, Limousin\u2026 et un photographe<\/a> (blog- de mich\u00e8le audin)<\/p>\n\n\n\n<figure class=\"wp-block-image is-resized\"><img data-recalc-dims=\"1\" loading=\"lazy\" decoding=\"async\" src=\"https:\/\/macommunedeparis.files.wordpress.com\/2021\/02\/p1000666.jpeg?w=313&#038;h=484&#038;fit=313%2C484&#038;resize=319%2C494\" alt=\"\" class=\"wp-image-13534\" width=\"319\" height=\"494\"\/><\/figure>\n\n\n\n<p><a href=\"https:\/\/faisonsvivrelacommune.org\/paris-1871-lhistoire-en-marche-21-circuits-pedestres-sur-les-traces-de-la-commune\/\">Paris 1871, l\u2019Histoire en marche. 21 circuits p\u00e9destres sur les traces de la Commune<\/a> (Faisons vivre la Commune)<\/p>\n\n\n\n<figure class=\"wp-block-image is-resized\"><img data-recalc-dims=\"1\" loading=\"lazy\" decoding=\"async\" src=\"https:\/\/i0.wp.com\/faisonsvivrelacommune.org\/wp-content\/uploads\/2021\/01\/1871-en-marche.jpg?resize=379%2C466&#038;ssl=1\" alt=\"\" class=\"wp-image-4821\" width=\"379\" height=\"466\"\/><\/figure>\n\n\n\n<p><a href=\"https:\/\/faisonsvivrelacommune.org\/la-commune-de-paris-memoires-horizons-au-sommaire-de-les-utopiques\/\">La Commune de Paris, m\u00e9moires, horizons au sommaire de Les utopiques<\/a> (Faisons vivre la Commune)<\/p>\n\n\n\n<p><a href=\"https:\/\/macommunedeparis.com\/2021\/02\/08\/8-fevrier-1871-elections-fin-du-rationnement-et-une-demission\/\">8 f\u00e9vrier 1871, \u00e9lections, fin du rationnement, et une d\u00e9mission<\/a> (blog- de mich\u00e8le audin)<br><br><a href=\"https:\/\/macommunedeparis.com\/2021\/02\/08\/la-commune-de-1871-une-relecture\/\">Livres: La Commune de 1871, une relecture<\/a> (blog-de mich\u00e8le audin)<\/p>\n\n\n\n<figure class=\"wp-block-image is-resized\"><img data-recalc-dims=\"1\" loading=\"lazy\" decoding=\"async\" src=\"https:\/\/macommunedeparis.files.wordpress.com\/2021\/02\/livrecreaphis.png?w=566&#038;resize=321%2C409\" alt=\"\" width=\"321\" height=\"409\"\/><\/figure>\n\n\n\n<p><a href=\"https:\/\/info.mediapart.fr\/optiext\/optiextension.dll?ID=F98F8xKq9VSqD10l2hzfsEbIPoO19g1jR4M+phT6WJOQs0nVxZziO4gOl4Tn3mPV8NWALONoiDTKpVaKJSbO4FN8gnXFo\">Trouver la juste fa\u00e7on de raconter une ville qui se soul\u00e8ve &#8211; et qu\u2019on \u00e9crase<\/a> -blog Faisons vivre la Commune !<\/p>\n\n\n\n<p><a href=\"https:\/\/macommunedeparis.com\/2021\/02\/07\/7-fevrier-1871-les-on-dit-du-rempart\/\">7 f\u00e9vrier 1871, les on-dit du rempart<\/a> (blog-de mich\u00e8le audin)<\/p>\n\n\n\n<figure class=\"wp-block-image is-resized\"><img data-recalc-dims=\"1\" loading=\"lazy\" decoding=\"async\" src=\"https:\/\/macommunedeparis.files.wordpress.com\/2021\/02\/findurationnement.png?w=714&#038;resize=404%2C507\" alt=\"\" width=\"404\" height=\"507\"\/><figcaption>Affiche Mus\u00e9e Carnavalet<\/figcaption><\/figure>\n\n\n\n<p><a href=\"https:\/\/macommunedeparis.com\/2021\/02\/06\/6-fevrier-1871-reunion-salle-moliere\/\">6 f\u00e9vrier 1871, r\u00e9union salle Moli\u00e8re<\/a> (blog-de mich\u00e8le audin)<\/p>\n\n\n\n<p><a href=\"https:\/\/macommunedeparis.com\/a-supposer-que-vous-ne-sachiez-rien\/\">\u00c0 supposer que vous ne sachiez rien\u2026<\/a> (blog- de mich\u00e8le audin)<\/p>\n\n\n\n<p><a href=\"https:\/\/macommunedeparis.com\/chronologie-paris-1870-1871\/\">Commune de Paris chronologie Paris 1870-1871<\/a> (blog-de mich\u00e8le audin)<\/p>\n\n\n\n<p><a href=\"https:\/\/macommunedeparis.com\/2021\/02\/05\/5-fevrier-1871-peaux-de-chiens-et-tetes-de-chats\/\">5 f\u00e9vrier 1871, peaux de chiens et t\u00eates de chats<\/a> (blog-de mich\u00e8le audin)<\/p>\n\n\n\n<p><a href=\"https:\/\/macommunedeparis.com\/2021\/02\/04\/4-fevrier-1871-lassociation-internationale-prepare-les-elections\/\">4 f\u00e9vrier 1871, l\u2019Association internationale pr\u00e9pare les \u00e9lections<\/a> (blog-de mich\u00e8le audin)<\/p>\n\n\n\n<figure class=\"wp-block-image is-resized\"><img data-recalc-dims=\"1\" loading=\"lazy\" decoding=\"async\" src=\"https:\/\/macommunedeparis.files.wordpress.com\/2020\/08\/lanconboulevardmontrouge.png?w=400&#038;h=200&#038;crop=1&#038;resize=439%2C220\" alt=\"\" width=\"439\" height=\"220\"\/><figcaption>Estampe d&rsquo;Auguste Lan\u00e7on (mus\u00e9e Carnavalet)<\/figcaption><\/figure>\n\n\n\n<p><a href=\"https:\/\/macommunedeparis.com\/2021\/02\/03\/3-fevrier-1871-maintenant-il-faut-elire-une-assemblee\/\">3 f\u00e9vrier 1871, maintenant il faut \u00e9lire une assembl\u00e9e<\/a> (blog-de mich\u00e8le audin)<\/p>\n\n\n\n<p><a href=\"https:\/\/macommunedeparis.com\/2021\/02\/03\/le-journal-officiel-au-jour-le-jour-les-femmes-de-la-commune-en-chansons\/\">3 f\u00e9vrier, Le Journal officiel au jour le jour &amp; Les femmes de la Commune en chansons<\/a> (blog-de mich\u00e8le audin)<\/p>\n\n\n\n<p id=\"block-366f66a9-4a36-4c91-b566-6d7f0262ce31\"><a href=\"https:\/\/archivesautonomies.org\/spip.php?rubrique13\">Commune de Paris (1871)<\/a> (archivesautonomies)<\/p>\n\n\n\n<p id=\"block-366f66a9-4a36-4c91-b566-6d7f0262ce31\"><a href=\"https:\/\/macommunedeparis.com\/2021\/02\/02\/2-fevrier-1871-victorine-retrouve-son-franc-tireur-de-mari-a-orleans\/\">2 f\u00e9vrier 1871, Victorine retrouve son franc-tireur de mari \u00e0 Orl\u00e9ans<\/a> (blog-de mich\u00e8le audin)<\/p>\n\n\n\n<p id=\"block-366f66a9-4a36-4c91-b566-6d7f0262ce31\"><a href=\"https:\/\/macommunedeparis.com\/2021\/02\/01\/1er-fevrier-1871-la-vie-du-rail\/\">1er f\u00e9vrier 1871, la vie du rail<\/a> (blog-de mich\u00e8le audin)<\/p>\n\n\n\n<p id=\"block-366f66a9-4a36-4c91-b566-6d7f0262ce31\"><a href=\"https:\/\/macommunedeparis.com\/2021\/01\/31\/quelques-mots-de-la-surmortalite-du-siege\/\">31 janvier, quelques mots de la surmortalit\u00e9 du si\u00e8ge<\/a> (blog-de mich\u00e8le audin)<\/p>\n\n\n\n<p id=\"block-366f66a9-4a36-4c91-b566-6d7f0262ce31\"><a href=\"https:\/\/www.en-attendant-nadeau.fr\/2017\/10\/22\/seine-rouge-audin\/\">La Seine \u00e9tait rouge,\u00e0 propos de \u00ab\u00a0Comme une rivi\u00e8re bleue\u00a0\u00bb (Mich\u00e8le Audin)<\/a> (En attendant Nadeau)<\/p>\n\n\n\n<div class=\"wp-block-image\"><figure class=\"aligncenter is-resized\"><img data-recalc-dims=\"1\" loading=\"lazy\" decoding=\"async\" src=\"https:\/\/i0.wp.com\/enattendantnadeau-11dcb.kxcdn.com\/wp-content\/uploads\/2017\/10\/audin_rue_de_flandres_article.jpg?resize=435%2C281&#038;ssl=1\" alt=\"Mich\u00e8le Audin, Comme une rivi\u00e8re bleue\" class=\"wp-image-16904\" width=\"435\" height=\"281\"\/><\/figure><\/div>\n\n\n\n<p id=\"block-366f66a9-4a36-4c91-b566-6d7f0262ce31\"><a href=\"http:\/\/jeanpaulachard.com\/Commune1871\/\">La Commune de 1871, photos, films, livres, portraits, lettres, blogs.<\/a> (jeanpaulachard)<\/p>\n\n\n\n<p id=\"block-366f66a9-4a36-4c91-b566-6d7f0262ce31\"><a href=\"https:\/\/macommunedeparis.com\/2021\/01\/30\/30-janvier-1871-george-guillaume-raconte-paris-apres-la-capitulation\/\">30 janvier 1871, George Guillaume raconte Paris apr\u00e8s la capitulation<\/a> (blog- de mich\u00e8le audin)<\/p>\n\n\n\n<p id=\"block-366f66a9-4a36-4c91-b566-6d7f0262ce31\"><a href=\"https:\/\/macommunedeparis.com\/2021\/01\/30\/leo-frankel-communard-sans-frontieres-de-julien-chuzeville\/\">L\u00e9o Frankel, communard sans fronti\u00e8res, de Julien Chuzeville<\/a> (blog-de mich\u00e8le audin)<\/p>\n\n\n\n<p id=\"block-366f66a9-4a36-4c91-b566-6d7f0262ce31\"><a href=\"https:\/\/www.meyssan.com\/spip.php?page=article&amp;id_article=109\">Hors S\u00e9rie : Ludivine Bantigny invite Mich\u00e8le Audin et Rapha\u00ebl Meyssan<\/a> (Hors-S\u00e9rie.com)<\/p>\n\n\n\n<p id=\"block-366f66a9-4a36-4c91-b566-6d7f0262ce31\"><a href=\"https:\/\/macommunedeparis.com\/2021\/01\/29\/29-janvier-1871-hier-victorine-a-recu-des-nouvelles-dorleans\/\">29 janvier 1871, hier Victorine a re\u00e7u des nouvelles d\u2019Orl\u00e9ans<\/a> (blog-de mich\u00e8le audin)<\/p>\n\n\n\n<figure class=\"wp-block-image is-resized\"><img data-recalc-dims=\"1\" loading=\"lazy\" decoding=\"async\" src=\"https:\/\/macommunedeparis.files.wordpress.com\/2021\/01\/garedorleansvierge.png?w=816&#038;resize=483%2C356\" alt=\"\" width=\"483\" height=\"356\"\/><\/figure>\n\n\n\n<p id=\"block-366f66a9-4a36-4c91-b566-6d7f0262ce31\"><a href=\"https:\/\/lanticapitaliste.org\/opinions\/culture\/communes-de-quentin-deluermoz\">Commune(s), de Quentin Deluermoz<\/a> (L\u2019Anticapitaliste)<\/p>\n\n\n\n<figure class=\"wp-block-image is-style-default\" id=\"block-2cdcfdd1-c6f0-4889-a8c3-fc5cf44866e9\"><img data-recalc-dims=\"1\" decoding=\"async\" src=\"https:\/\/i0.wp.com\/lanticapitaliste.org\/sites\/default\/files\/styles\/journal_grande_taille\/public\/communes.png?w=1200&#038;ssl=1\" alt=\"L\u2019attribut alt de cette image est vide, son nom de fichier est communes.png.\"\/><\/figure>\n\n\n\n<p><a href=\"https:\/\/macommunedeparis.com\/2021\/01\/28\/28-janvier-1871-paris-livre\/\">28 janvier 1871, Paris livr\u00e9<\/a> (blog-de mich\u00e8le audin)<\/p>\n\n\n\n<figure class=\"wp-block-image is-resized\"><img data-recalc-dims=\"1\" loading=\"lazy\" decoding=\"async\" src=\"https:\/\/macommunedeparis.files.wordpress.com\/2020\/08\/armisticedaumier.png?w=581&#038;resize=389%2C506\" alt=\"\" width=\"389\" height=\"506\"\/><figcaption>L&rsquo;armistice, par Daumier<\/figcaption><\/figure>\n\n\n\n<p><a href=\"https:\/\/macommunedeparis.com\/2021\/01\/27\/nouveaux-livres-dont-une-lettre-damour\/\">Nouveaux livres\u2026 dont une lettre d\u2019amour<\/a> (blog-de mich\u00e8le audin)<\/p>\n\n\n\n<p><a href=\"https:\/\/macommunedeparis.com\/2021\/01\/27\/27-janvier-1871-paris-vient-de-capituler\/\">27janvier 1871, Paris vient de capituler<\/a> (blog-de mich\u00e8le audin)<\/p>\n\n\n\n<p><a href=\"https:\/\/macommunedeparis.com\/2020\/05\/03\/operations-judiciaires-concernant-les-femmes\/\">Op\u00e9rations judiciaires concernant les femmes<\/a> (point d\u2019histoire, blog- de michele audin)<\/p>\n\n\n\n<figure class=\"wp-block-image is-resized\"><img data-recalc-dims=\"1\" loading=\"lazy\" decoding=\"async\" src=\"https:\/\/macommunedeparis.files.wordpress.com\/2018\/01\/nathalielemel2.png?w=816&#038;resize=549%2C302\" alt=\"\" width=\"549\" height=\"302\"\/><figcaption>Nathalie Lemel vue par Laetitia Rouxel <\/figcaption><\/figure>\n\n\n\n<p><a href=\"https:\/\/macommunedeparis.com\/2021\/01\/26\/26-janvier-1871-au-conseil-federal-de-lassociation-internationale\/\">26 janvier 1871, au conseil f\u00e9d\u00e9ral de l\u2019Association internationale<\/a> (blog-de michele audin)<\/p>\n\n\n\n<p><a href=\"https:\/\/www.mediapart.fr\/journal\/culture-idees\/240121\/1871-2021-la-commune-de-paris-une-memoire-capitale?utm_source=20210124&amp;utm_medium=email&amp;utm_campaign=QUOTIDIENNE&amp;utm_content=&amp;utm_term=&amp;xtor=EREC-83-[QUOTIDIENNE]-20210124&amp;M_BT=1234469061543\">1871-2021: la Commune de Paris, une m\u00e9moire capitale<\/a> (M\u00e9diapart)<\/p>\n\n\n\n<p><a href=\"https:\/\/macommunedeparis.com\/2021\/01\/25\/25-janvier-1871-la-repression-continue\/\">25 janvier 1871, la r\u00e9pression continue<\/a> (blog-de michele audin)<\/p>\n\n\n\n<figure class=\"wp-block-image is-resized\"><img data-recalc-dims=\"1\" loading=\"lazy\" decoding=\"async\" src=\"https:\/\/macommunedeparis.files.wordpress.com\/2020\/07\/uncrimeodieux.png?w=641&#038;resize=390%2C540\" alt=\"\" width=\"390\" height=\"540\"\/><\/figure>\n\n\n\n<p><a href=\"https:\/\/aplutsoc.org\/2021\/01\/24\/macron-insulte-la-memoire-ouvriere-de-la-commune-par-robert-duguet\/\">Macron insulte la m\u00e9moire ouvri\u00e8re de la Commune, par Robert Duguet<\/a> (Arguments pour la lutte sociale)<\/p>\n\n\n\n<figure class=\"wp-block-image is-resized is-style-default\"><img data-recalc-dims=\"1\" loading=\"lazy\" decoding=\"async\" src=\"https:\/\/aplutsoc.files.wordpress.com\/2021\/01\/ernest-pignon-ernest-la-commune-1971.jpg?w=650&#038;resize=380%2C561\" alt=\"\" width=\"380\" height=\"561\"\/><\/figure>\n\n\n\n<p><a href=\"https:\/\/info.mediapart.fr\/optiext\/optiextension.dll?ID=JbaJamJtwYts8IuAiE4r47F2A4BJWbVmEFvu6SvINUzeVvtZRcs1DdgmSb3IsExzNipw7Ouah2plPH_U6tmarXnkDFyt4\">1871-2021: la Commune de Paris, une m\u00e9moire capitale<\/a> (MDP)<strong><span class=\"has-inline-color has-vivid-red-color\"><\/span><\/strong><\/p>\n\n\n\n<p><a href=\"https:\/\/macommunedeparis.com\/2021\/01\/24\/24-janvier-il-se-dit-quon-a-pille-deux-mille-rations-de-pain\/\">24 janvier, il se dit qu\u2019on a pill\u00e9 deux mille rations de pain\u2026<\/a> (blog-de mich\u00e8le audin)<\/p>\n\n\n\n<figure class=\"wp-block-image\"><img data-recalc-dims=\"1\" decoding=\"async\" src=\"https:\/\/macommunedeparis.files.wordpress.com\/2020\/06\/prisonniersprussiens.png?w=1200&#038;h=200&#038;crop=1&#038;resize=400%2C200\" alt=\"\"\/><\/figure>\n\n\n\n<p><a href=\"https:\/\/www.seuil.com\/ouvrage\/commune-s-1870-1871-quentin-deluermoz\/9782021393729\">Commune(s), 1870-1871Une travers\u00e9e des mondes au XIXe si\u00e8cle<\/a> (le Seuil)<\/p>\n\n\n\n<figure class=\"wp-block-image size-large is-resized is-style-default\"><img data-recalc-dims=\"1\" loading=\"lazy\" decoding=\"async\" src=\"https:\/\/i0.wp.com\/www.rdpemancipation.org\/wp-content\/uploads\/2021\/01\/008497508.jpg?resize=361%2C517&#038;ssl=1\" alt=\"\" class=\"wp-image-12920\" width=\"361\" height=\"517\" srcset=\"https:\/\/i0.wp.com\/www.rdpemancipation.org\/wp-content\/uploads\/2021\/01\/008497508.jpg?w=661&amp;ssl=1 661w, https:\/\/i0.wp.com\/www.rdpemancipation.org\/wp-content\/uploads\/2021\/01\/008497508.jpg?resize=210%2C300&amp;ssl=1 210w\" sizes=\"auto, (max-width: 361px) 100vw, 361px\" \/><\/figure>\n\n\n\n<p>23 janvier <a href=\"https:\/\/macommunedeparis.com\/2021\/01\/23\/on-peut-encore-parler-du-22-janvier\/\">On peut encore parler du 22 janvier\u2026<\/a> (blog-de mich\u00e8le audin)<\/p>\n\n\n\n<figure class=\"wp-block-image is-resized\"><img data-recalc-dims=\"1\" loading=\"lazy\" decoding=\"async\" src=\"https:\/\/macommunedeparis.files.wordpress.com\/2021\/01\/damnes_commune_t1_47.jpg?w=816&#038;resize=565%2C372\" alt=\"\" width=\"565\" height=\"372\"\/><figcaption>Les Damn\u00e9s de la Commune Raphael Meyssan<\/figcaption><\/figure>\n\n\n\n<p>22 janvier <a href=\"https:\/\/macommunedeparis.com\/2021\/01\/22\/deux-magazines-et-autour-de-valles\/\">Deux magazines et \u00ab Autour de Vall\u00e8s<\/a> (blog-de mich\u00e8le audin)<\/p>\n\n\n\n<p>21 janvier <a href=\"https:\/\/macommunedeparis.com\/2021\/01\/21\/21-janvier-1871-apres-buzenval-et-avant-le-22-janvier\/\">apr\u00e8s Buzenval et avant\u2026 le 22 janvier<\/a> (blog-de mich\u00e8le audin)<\/p>\n\n\n\n<p><a href=\"http:\/\/www.gallimard.fr\/Catalogue\/GALLIMARD\/Blanche\/Le-Banquet-des-Affames\">Le Banquet des Affam\u00e9s<\/a> (gallimard\/catalogue)<\/p>\n\n\n\n<figure class=\"wp-block-image\"><img decoding=\"async\" src=\"https:\/\/encrypted-tbn1.gstatic.com\/shopping?q=tbn:ANd9GcTZ_daTVKQnr3IntAJ7e3LH3BrLBSK589kDaMtrEoT6ylu9zIWJ5kAv8DcwOA&amp;usqp=CAc\" alt=\"Le banquet des affam\u00e9s - Didier Daeninckx - Livres d'occasion\"\/><\/figure>\n\n\n\n<p><a href=\"https:\/\/www.humanite.fr\/essai-regards-sur-un-laboratoire-du-politique-684228\">Essai. Regards sur un laboratoire du politique<\/a> (L\u2019Humanit\u00e9)<\/p>\n\n\n\n<p><a href=\"https:\/\/www.humanite.fr\/bande-dessinee-lorsque-le-peuple-de-paris-reprend-ses-droits-677587\">Bande dessin\u00e9e. Lorsque le peuple de Paris reprend ses droits Les damn\u00e9s de la Commune<\/a> (L\u2019Humanit\u00e9)<\/p>\n\n\n\n<figure class=\"wp-block-image\"><img data-recalc-dims=\"1\" decoding=\"async\" src=\"https:\/\/i0.wp.com\/images.fr.shopping.rakuten.com\/photo\/les-damnes-de-la-commune-t3-les-orphelins-de-l-histoire-1571026484_ML.jpg?w=1200&#038;ssl=1\" alt=\"Les Damn\u00e9s De La Commune Tome 3 - Les Orphelins De L'histoire   de Meyssan Rapha\u00ebl  Format Album \" title=\"Les Damn\u00e9s De La Commune Tome 3 - Les Orphelins De L'histoire   de Meyssan Rapha\u00ebl  Format Album \"\/><\/figure>\n\n\n\n<p><a href=\"https:\/\/www.la-breche.com\/catalog\/index.php?cPath=19&amp;osCsid=6ffa3f472aa54fd8d7db616643f93e10\">40 ouvrages disponibles sur La Commune<\/a> (Libraire La Br\u00e8che)<\/p>\n\n\n\n<p><a href=\"https:\/\/lanticapitaliste.org\/opinions\/histoire\/la-revue-ndeg122-les-150-de-la-commune\">La revue n\u00b0122 &#8211; \u201cLes 150 de la Commune\u201d<\/a> (L\u2019Anticapitaliste)<\/p>\n\n\n\n<p><a href=\"https:\/\/lanticapitaliste.org\/opinions\/histoire\/chronologie-sommaire-de-la-commune\">Chronologie sommaire de la Commune<\/a> (Radar)<\/p>\n\n\n\n<p><a href=\"https:\/\/lanticapitaliste.org\/opinions\/histoire\/les-premices-de-la-commune\">Les pr\u00e9mices de la Commune<\/a> (Radar)<\/p>\n\n\n\n<p><a href=\"https:\/\/lanticapitaliste.org\/opinions\/histoire\/premiers-jours-de-la-commune-les-mesures-la-vie-paris\">Premiers jours de la Commune \u2014 Les mesures La vie \u00e0 Paris<\/a> -Louise Michel<\/p>\n\n\n\n<figure class=\"wp-block-image is-resized is-style-default\"><img data-recalc-dims=\"1\" loading=\"lazy\" decoding=\"async\" src=\"https:\/\/i0.wp.com\/lanticapitaliste.org\/sites\/default\/files\/styles\/largeur_content_hauteur_complet\/public\/boulangerie-1.jpg?resize=452%2C371&#038;ssl=1\" alt=\"\" width=\"452\" height=\"371\"\/><figcaption><sub>Une boulangerie familiale. \u00abOn voulait abolir comme trop p\u00e9nible <br>le travail de nuit dans les boulangeries\u2026\u00bb<\/sub><\/figcaption><\/figure>\n\n\n\n<p><a href=\"https:\/\/lanticapitaliste.org\/opinions\/histoire\/le-18-mars-1871\">Le 18 mars 1871<\/a> &#8211;<a href=\"https:\/\/lanticapitaliste.org\/auteurs\/louise-michel\">L<\/a>ouise Michel<\/p>\n\n\n\n<p><a href=\"https:\/\/lanticapitaliste.org\/opinions\/histoire\/proclamation-de-la-commune\">Proclamation de la Commune<\/a> (L\u2019Anticapitaliste)<\/p>\n\n\n\n<p><a href=\"https:\/\/lanticapitaliste.org\/opinions\/histoire\/declaration-au-peuple-francais\">D\u00e9claration au peuple fran\u00e7ais<\/a>  (Commune de Paris)<\/p>\n\n\n\n<p><a href=\"https:\/\/lanticapitaliste.org\/opinions\/histoire\/les-premiers-assauts-de-versailles\">Les premiers assauts de Versailles<\/a> -(L\u2019Anticapitaliste)<\/p>\n\n\n\n<p><a href=\"https:\/\/lanticapitaliste.org\/opinions\/histoire\/la-semaine-sanglante\">La semaine sanglante<\/a> -Louise Michel<\/p>\n\n\n\n<p><a href=\"https:\/\/lanticapitaliste.org\/opinions\/histoire\/elles-etaient-dautant-plus-monstrueuses-quelles-etaient-femmes-quelles\">\u00ab&nbsp;Elles \u00e9taient d\u2019autant plus monstrueuses qu\u2019elles \u00e9taient femmes, qu\u2019elles transgressaient tout&nbsp;\u00bb&nbsp;<\/a>-Mathilde Larr\u00e8re<\/p>\n\n\n\n<p><a href=\"https:\/\/lanticapitaliste.org\/opinions\/histoire\/reactionnaires-dhier-et-daujourdhui\">R\u00e9actionnaires d\u2019hier et d\u2019aujourd\u2019hui<\/a> -Henri Wilno<\/p>\n\n\n\n<p><a href=\"https:\/\/lanticapitaliste.org\/opinions\/histoire\/les-lecons-de-la-commune\">Les le\u00e7ons de la Commune<\/a> -L\u00e9on Trotsky<\/p>\n\n\n\n<p><a href=\"https:\/\/alt-rev.com\/2021\/01\/22\/degager-la-commune-de-paris-de-tous-les-mythes\/\">\u201cD\u00e9gager la Commune de Paris de tous les mythes\u201d<\/a> (Lib\u00e9ration)<\/p>\n\n\n\n<p><a href=\"https:\/\/blogs.mediapart.fr\/jean-marc-b\/blog\/200121\/l-aventure-de-faisons-vivre-la-commune-pour-son-150e-anniversaire\">L\u2019aventure de \u00ab&nbsp;Faisons vivre la Commune&nbsp;!&nbsp;\u00bb pour son 150e anniversaire <\/a>-Marc Plocki (L\u2019Anticapitaliste)<\/p>\n\n\n\n<figure class=\"wp-block-image size-large is-resized is-style-default\"><img data-recalc-dims=\"1\" loading=\"lazy\" decoding=\"async\" src=\"https:\/\/i0.wp.com\/www.rdpemancipation.org\/wp-content\/uploads\/2021\/01\/affiche-programmation-fvlc-2021.jpg?resize=388%2C549&#038;ssl=1\" alt=\"\" class=\"wp-image-12414\" width=\"388\" height=\"549\" srcset=\"https:\/\/i0.wp.com\/www.rdpemancipation.org\/wp-content\/uploads\/2021\/01\/affiche-programmation-fvlc-2021.jpg?resize=724%2C1024&amp;ssl=1 724w, https:\/\/i0.wp.com\/www.rdpemancipation.org\/wp-content\/uploads\/2021\/01\/affiche-programmation-fvlc-2021.jpg?resize=212%2C300&amp;ssl=1 212w, https:\/\/i0.wp.com\/www.rdpemancipation.org\/wp-content\/uploads\/2021\/01\/affiche-programmation-fvlc-2021.jpg?resize=768%2C1086&amp;ssl=1 768w, https:\/\/i0.wp.com\/www.rdpemancipation.org\/wp-content\/uploads\/2021\/01\/affiche-programmation-fvlc-2021.jpg?w=780&amp;ssl=1 780w\" sizes=\"auto, (max-width: 388px) 100vw, 388px\" \/><\/figure>\n\n\n\n<p><a href=\"https:\/\/maitron.fr\/spip.php?page=recherche_avanc&amp;swishe_type1=phrase1&amp;swishe_from1=full1&amp;swishe_exp1=&amp;multi1=et1&amp;swishe_type2=phrase2&amp;swishe_from2=full2&amp;swishe_exp2=&amp;multi2=et2&amp;swishe_type3=phrase3&amp;swishe_from3=full3&amp;swishe_exp3=&amp;swishe_option=tout&amp;typetri=triP&amp;swishe_mot_op_periode=or&amp;swishe_mot_op_dico=or&amp;swishe_mot%5B0%5D=dico.750&amp;swishe_mot_op_pro=or&amp;swishe_mot_op_dep=or&amp;swishe_mot_op_int=or&amp;OK=Envoyer&amp;swishe_depart=135&amp;swishe_nbParPage=15\">Vous saurez ici quel(le) de vos anc\u00eatres \u00e9tait communard(e)\u2026<\/a> (Le Maitron)<\/p>\n\n\n\n<p><a href=\"https:\/\/www.lanouvellerepublique.fr\/issoudun\/150e-anniversaire-de-la-commune\">&nbsp;Issoudin: 150e anniversaire de la Commune <\/a>(La Nouvelle R\u00e9publique)<\/p>\n\n\n\n<p><a href=\"https:\/\/blogs.mediapart.fr\/jean-marc-b\/blog\/200121\/l-aventure-de-faisons-vivre-la-commune-pour-son-150e-anniversaire\">L\u2019aventure de \u00ab&nbsp;Faisons vivre la Commune&nbsp;!&nbsp;\u00bb pour son 150e anniversaire <\/a>-Marc Plocki (L\u2019Anticapitaliste)<\/p>\n\n\n\n<p><a href=\"https:\/\/maitron.fr\/spip.php?page=recherche_avanc&amp;swishe_type1=phrase1&amp;swishe_from1=full1&amp;swishe_exp1=&amp;multi1=et1&amp;swishe_type2=phrase2&amp;swishe_from2=full2&amp;swishe_exp2=&amp;multi2=et2&amp;swishe_type3=phrase3&amp;swishe_from3=full3&amp;swishe_exp3=&amp;swishe_option=tout&amp;typetri=triP&amp;swishe_mot_op_periode=or&amp;swishe_mot_op_dico=or&amp;swishe_mot%5B0%5D=dico.750&amp;swishe_mot_op_pro=or&amp;swishe_mot_op_dep=or&amp;swishe_mot_op_int=or&amp;OK=Envoyer&amp;swishe_depart=135&amp;swishe_nbParPage=15\">Vous saurez ici quel(le) de vos anc\u00eatres \u00e9tait communard(e)\u2026<\/a> (Le Maitron)<\/p>\n\n\n\n<p><a href=\"https:\/\/www.lanouvellerepublique.fr\/issoudun\/150e-anniversaire-de-la-commune\">&nbsp;Issoudin: 150e anniversaire de la Commune <\/a>(La Nouvelle R\u00e9publique)<\/p>\n\n\n\n<p><a href=\"https:\/\/editions-libertaires.org\/?p=1663\">Sur une id\u00e9e de Claire Auzias, Un Paris r\u00e9volutionnaire<\/a> (\u00e9ditions-libertaires)<\/p>\n\n\n\n<p><a href=\"https:\/\/macommunedeparis.com\/2021\/01\/19\/19-janvier-1871-bataille-de-buzenval\/\">19 janvier 1871, bataille de Buzenval<\/a> (blog-de mich\u00e8le audin)<\/p>\n\n\n\n<p><a href=\"https:\/\/macommunedeparis.com\/images\/\">Images, des hommes et des femmes<\/a> (blog-de mich\u00e8le audin)<\/p>\n\n\n\n<p><a href=\"https:\/\/faisonsvivrelacommune.org\/actualites-de-la-commune-n7-hiver-2020\/\">Actualit\u00e9(s) de la Commune n\u00b07 hiver 2020<\/a> (Faisons vivre la Commune!)<\/p>\n\n\n\n<p><a href=\"https:\/\/macommunedeparis.com\/2021\/01\/18\/18-janvier-1871-versailles-proclamation-de-lempire-allemand\/\">18 janvier 1871, Versailles, proclamation de l\u2019empire allemand<\/a> (blog-de mich\u00e8le audin)<\/p>\n\n\n\n<p><a href=\"https:\/\/macommunedeparis.com\/2021\/01\/17\/germain-merigot-lhomme-qui-retrouva-le-feu-gregeois\/\">Germain M\u00e9rigot, l\u2019homme qui retrouva le feu gr\u00e9geois<\/a> (17 janvier blog-de mich\u00e8le audin)<\/p>\n\n\n\n<p><a href=\"http:\/\/musee-saint-denis.com\/portfolio\/le-siege-et-la-commune-de-paris\/\">Si\u00e8ge et Commune de Paris 1871<\/a> (mus\u00e9e Paul Eluard)<\/p>\n\n\n\n<p><a href=\"https:\/\/www.google.com\/search?client=firefox-b-d&amp;q=+Mus%C3%A9e+paul+Eluard+une+barricade+de+femmes+au+faubourg+Rochechouard\">Une barricade de femmes au faubourg Rochechouard<\/a> (mus\u00e9e Paul Eluard)<\/p>\n\n\n\n<p><a href=\"https:\/\/www.google.com\/search?client=firefox-b-d&amp;q=mus%C3%A9e+Paul+Eluard+Louise+Michel+%22Une+lumi%C3%A8re+pour+nous+tous%22\">Louise Michel \u00ab\u00a0Une lumi\u00e8re pour nous tous\u00a0\u00bb<\/a> (mus\u00e9e Paul Eluard)<\/p>\n\n\n\n<p><a href=\"http:\/\/musee-saint-denis.com\/portfolio\/un-jour-une-oeuvre-colonne-vendome\/\">La Colonne Vend\u00f4me renvers\u00e9e<\/a> (mus\u00e9e Paul Eluard)<\/p>\n\n\n\n<p><a href=\"https:\/\/macommunedeparis.com\/2016\/10\/13\/gustave-courbet-place-vendome\/\">Gustave Courbet place Vend\u00f4me<\/a> (blog-de mich\u00e8le audin)<\/p>\n\n\n\n<p><a href=\"https:\/\/macommunedeparis.com\/2021\/01\/16\/16-janvier-1871-le-feu-gregeois-faut-il-faire-a-ces-sauvages-une-guerre-de-sauvages\/\">16 janvier 1871, le feu gr\u00e9geois, faut-il faire \u00e0 ces sauvages une guerre de sauvages?<\/a> (blog-mich\u00e8le audin)<\/p>\n\n\n\n<p><a href=\"https:\/\/gallica.bnf.fr\/ark:\/12148\/bpt6k36518g.texteImage\">Histoire de la commune de 1871 de Lissagaray<\/a> (gallica.bnf)<\/p>\n\n\n\n<p><a href=\"https:\/\/macommunedeparis.com\/2021\/01\/15\/il-y-a-quarante-ans-par-maxime-vuillaume\/\">15 janvier 1871, il y a quarante ans, par Maxime Vuillaume<\/a> (blog-mich\u00e8le audin)<\/p>\n\n\n\n<p><a href=\"https:\/\/macommunedeparis.com\/2021\/01\/14\/14-janvier-1871-ceci-nest-pas-une-barricade\/\">14 janvier 1871, ceci n\u2019est pas une barricade!<\/a> (blog-mich\u00e8le audin)<\/p>\n\n\n\n<p><a href=\"https:\/\/macommunedeparis.com\/2021\/01\/13\/13-janvier-1871-representants-et-consuls-ecrivent-a-bismarck\/\">13 janvier 1871, repr\u00e9sentants et consuls \u00e9crivent \u00e0 Bismarck<\/a> (blog-mich\u00e8le audin)<\/p>\n\n\n\n<p><a href=\"https:\/\/www.youtube.com\/watch?v=6n_R9pZ_LgI\">Elis\u00e9e Reclus, l&rsquo;anarchiste<\/a> (les R\u00e9clusiennes, vid\u00e9o)<\/p>\n\n\n\n<p><a href=\"http:\/\/www.pikez.space\/la-commune-nest-pas-morte\/\">La Commune n\u2019est pas morte!<\/a> (radio pikez)<\/p>\n\n\n\n<p><a href=\"https:\/\/www.dailymotion.com\/video\/x3xzb1v\">la Nouvelle Babylone, la Commune de Paris vue par l&rsquo;URSS<\/a> (Dailymotion.com)<\/p>\n\n\n\n<p><a href=\"https:\/\/www.editions-delcourt.fr\/videos\/les-damnes-de-la-commune-entretien-avec-raphael-meyssan-interview\">Les Damn\u00e9s de la Commune &#8211; Entretien avec Rapha\u00ebl Meyssan &#8211; Interview<\/a> (\u00e9ditions-delcourt)<\/p>\n\n\n\n<figure class=\"wp-block-image size-large\"><img data-recalc-dims=\"1\" loading=\"lazy\" decoding=\"async\" width=\"584\" height=\"442\" src=\"https:\/\/i0.wp.com\/www.rdpemancipation.org\/wp-content\/uploads\/2021\/01\/image-16.png?resize=584%2C442&#038;ssl=1\" alt=\"\" class=\"wp-image-11141\" srcset=\"https:\/\/i0.wp.com\/www.rdpemancipation.org\/wp-content\/uploads\/2021\/01\/image-16.png?w=584&amp;ssl=1 584w, https:\/\/i0.wp.com\/www.rdpemancipation.org\/wp-content\/uploads\/2021\/01\/image-16.png?resize=300%2C227&amp;ssl=1 300w\" sizes=\"auto, (max-width: 584px) 100vw, 584px\" \/><\/figure>\n\n\n\n<p><a href=\"https:\/\/www.matierevolution.fr\/spip.php?article5380\">Les gilets jaunes rendent hommage aux communards au P\u00e8re-Lachaise<\/a> (mati\u00e8rerevolution)<\/p>\n\n\n\n<p><a href=\"https:\/\/blogs.mediapart.fr\/guillaume-lasserre\/blog\/050420\/la-prise-du-palais-par-nicolas-daubanes\">La prise du Palais par Nicolas Daubanes<\/a> (blog de M\u00e9diapart)<\/p>\n\n\n\n<figure class=\"wp-block-image is-resized is-style-default\"><img data-recalc-dims=\"1\" loading=\"lazy\" decoding=\"async\" src=\"https:\/\/i0.wp.com\/www.commune1871.org\/images\/PhotothequeAmis\/Proclamation_HDV_Montreuil_petit.jpg?resize=433%2C289&#038;ssl=1\" alt=\"Proclamation de la Commune \u00e0 l'H\u00f4tel de Ville de Paris 28 mars 1871\" width=\"433\" height=\"289\"\/><\/figure>\n\n\n\n<p><a href=\"https:\/\/lewebpedagogique.com\/hdadorval\/files\/2015\/04\/Pignon-Ernest-La-Commune-1971-fiche-HDA.pdf\">Ernest Pignon Ernest, La Commune ou Les Gisants, 1971, Paris,Interventions in situ<\/a> (le webp\u00e9dagogique)<\/p>\n\n\n\n<p><a href=\"https:\/\/charliehebdo.fr\/2019\/05\/politique\/un-%E2%80%89gilet-jaune%E2%80%89-de-la-commune\/\">Un \u00ab \u2009gilet jaune\u2009 \u00bb de la commune<\/a> (Charlie Hebdo)<\/p>\n\n\n\n<p><a href=\"https:\/\/www.revolutionpermanente.fr\/Commune-heritage-et-Gilets-Jaunes\">Commune, h\u00e9ritage et Gilets Jaunes<\/a> (R\u00e9volution permanente)<\/p>\n\n\n\n<p><a href=\"https:\/\/www.liberation.fr\/debats\/2019\/03\/22\/mathilde-larrere-les-feministes-actuelles-devraient-se-revendiquer-de-la-commune_1716310\">Mathilde Larr\u00e8re : \u00abLes f\u00e9ministes actuelles devraient se revendiquer de la Commune\u00bb<\/a> (Lib\u00e9ration)<\/p>\n\n\n\n<figure class=\"wp-block-image is-resized is-style-default\"><img data-recalc-dims=\"1\" loading=\"lazy\" decoding=\"async\" src=\"https:\/\/i0.wp.com\/static.fnac-static.com\/multimedia\/Images\/FR\/NR\/b4\/10\/17\/1511604\/1540-1\/tsp20191114094340\/Memoires.jpg?resize=494%2C494&#038;ssl=1\" alt=\"M\u00e9moires - Poche - Louise Michel - Achat Livre | fnac\" width=\"494\" height=\"494\"\/><\/figure>\n\n\n\n<p><a href=\"https:\/\/www.mediapart.fr\/journal\/culture-idees\/130418\/la-commune-toujours-recommencer-selon-jean-cherasse-alias-vingtras?onglet=full\">La Commune toujours \u00e0 recommencer selon Jean Ch\u00e9rasse alias Vingtras<\/a> (M\u00e9diapart)<\/p>\n\n\n\n<p><a href=\"https:\/\/www.franceculture.fr\/histoire\/quand-rimbaud-ecrivait-aux-communards-cette-facette-ignoree-du-poete\">Quand Rimbaud \u00e9crivait aux Communards : cette facette ignor\u00e9e du po\u00e8te<\/a> (FranceCulture)<\/p>\n\n\n\n<p><a href=\"https:\/\/blogs.mediapart.fr\/les-invites-de-mediapart\/blog\/050320\/la-republique-versaillaise-en-marche\">La R\u00e9publique versaillaise en marche<\/a> (Blog les Invit\u00e9s de M\u00e9diapart)<\/p>\n\n\n\n<p><a href=\"https:\/\/www.commune1871.org\/nos-actualites\/actualites\/\">Les amies et les amis de la Commune de Paris 1871<\/a> (Commune 1871)<\/p>\n\n\n\n<figure class=\"wp-block-image is-resized is-style-default\"><img data-recalc-dims=\"1\" loading=\"lazy\" decoding=\"async\" src=\"https:\/\/i0.wp.com\/www.commune1871.org\/images\/PhotothequeAmis\/jpg\/logo_Amies_et_Amis.jpg?resize=455%2C269&#038;ssl=1\" alt=\"\" width=\"455\" height=\"269\"\/><\/figure>\n\n\n\n<p><a href=\"https:\/\/linactuelle.fr\/2019\/05\/15\/commune-paris-1871-jean-cherasse\/\">Entretien: Jean Ch\u00e9rasse \u201cLa Commune de Paris (1871)\u201d<\/a> -L\u2019Inactuelle<\/p>\n\n\n\n<figure class=\"wp-block-image size-large\"><img data-recalc-dims=\"1\" loading=\"lazy\" decoding=\"async\" width=\"309\" height=\"401\" src=\"https:\/\/i0.wp.com\/www.rdpemancipation.org\/wp-content\/uploads\/2021\/01\/commune1.jpg?resize=309%2C401&#038;ssl=1\" alt=\"\" class=\"wp-image-10705\" srcset=\"https:\/\/i0.wp.com\/www.rdpemancipation.org\/wp-content\/uploads\/2021\/01\/commune1.jpg?w=309&amp;ssl=1 309w, https:\/\/i0.wp.com\/www.rdpemancipation.org\/wp-content\/uploads\/2021\/01\/commune1.jpg?resize=231%2C300&amp;ssl=1 231w\" sizes=\"auto, (max-width: 309px) 100vw, 309px\" \/><\/figure>\n\n\n\n<p><\/p>\n\n\n\n<p><span class=\"has-inline-color has-vivid-red-color\"><strong><strong>Audiovisuel<\/strong><\/strong><\/span><\/p>\n\n\n\n<p><a href=\"https:\/\/www.lacledesondes.fr\/article\/la-vieille-chechette-de-louise-michel\">La vieille Ch\u00e9chette de Louise Michel<\/a> (La clef des ondes)<\/p>\n\n\n\n<p><a href=\"http:\/\/www.rfpp.net\/spip.php?article898\">Jeu  mai 16h La Commune de Paris au jour le jour Du chien dans le ventre \u00c9pisode 9<\/a> (fr\u00e9quence Paris Plurielle 106.3)<\/p>\n\n\n\n<p><a href=\"http:\/\/www.rfpp.net\/spip.php?article899\">Merc 19 mai 16h : Christhian Mahieux pour le sp\u00e9cial Commune de Paris de LES UTOPIQUES<\/a> (Fr\u00e9quence Paris Plurielle 106.3)<\/p>\n\n\n\n<p><a href=\"https:\/\/faisonsvivrelacommune.org\/evenement\/chansons-par-les-brigades-louise-michel-choeur-sauvage-de-la-commune-de-paris-2\/\">Chansons par Les Brigades Louise Michel \u2013 Ch\u0153ur Sauvage de la Commune de Paris15 mai \u2013 11:00<\/a><\/p>\n\n\n\n<p><a href=\"https:\/\/faisonsvivrelacommune.org\/pas-de-revolution-sans-les-femmes-la-commune-a-150-ans-par-les-eleves-de-voltaire-paris-11e\/\">Pas de r\u00e9volution sans les femmes \u2013 La Commune a 150 ans par les \u00e9l\u00e8ves de Voltaire (Paris 11e)<\/a> (Faisons vivre la Commune)<\/p>\n\n\n\n<figure class=\"wp-block-image is-resized\"><img data-recalc-dims=\"1\" loading=\"lazy\" decoding=\"async\" src=\"https:\/\/i0.wp.com\/faisonsvivrelacommune.org\/wp-content\/uploads\/2021\/05\/PAS-DE-REVOLUTION-SANS-LES-FEMMES-La-Commune-a-150-ans-.jpg?resize=273%2C386&#038;ssl=1\" alt=\"\" class=\"wp-image-7068\" width=\"273\" height=\"386\"\/><\/figure>\n\n\n\n<p><a href=\"https:\/\/blogs.mediapart.fr\/jean-jacques-birge\/blog\/260321\/odeia-chante-la-commune\">Odeia chante la Commune<\/a> (M\u00e9diapart)<\/p>\n\n\n\n<p><a href=\"http:\/\/www.rfpp.net\/spip.php?rubrique242\">Podcasts, journ\u00e9e du 29 mai, journ\u00e9e du 5 juin&#8230;<\/a> (Fr\u00e9quence Paris Plurielle)<\/p>\n\n\n\n<figure class=\"wp-block-image\"><img data-recalc-dims=\"1\" decoding=\"async\" src=\"https:\/\/i0.wp.com\/www.rfpp.net\/local\/cache-vignettes\/L100xH150\/rubon242-a35c7.png?w=1200\" alt=\"\"\/><\/figure>\n\n\n\n<p><a href=\"https:\/\/faisonsvivrelacommune.org\/1871-la-commune-portraits-dune-revolution\/\">1871, la Commune \u2013 Portraits d\u2019une r\u00e9volution<\/a> ( vid\u00e9o-Faisons vivre la Commune)<\/p>\n\n\n\n<p><a href=\"https:\/\/www.google.com\/search?client=firefox-b-d&amp;q=Union+syndicale+solidaires+la+commune+est+toujours+vivante\">(Vid\u00e9o) La Commune est toujours vivante<\/a> (union syndicale solidaires)<\/p>\n\n\n\n<p><a href=\"https:\/\/www.placegrenet.fr\/2021\/04\/26\/collages-quinton-echirolles-commune-de-paris\/478286\">Luc Quinton expose ses collages sur la Commune de Paris (Echirolles)<\/a> (Faisons vivre la Commune)<\/p>\n\n\n\n<figure class=\"wp-block-image\"><img data-recalc-dims=\"1\" height=\"380\" width=\"268\" decoding=\"async\" src=\"https:\/\/i0.wp.com\/www.placegrenet.fr\/wp-content\/uploads\/2021\/04\/affiche-268x380.jpg?resize=268%2C380&#038;ssl=1\" alt=\"Affiche exposition Commune, comme une !\" class=\"wp-image-478289\"\/><\/figure>\n\n\n\n<p>Ch<a href=\"http:\/\/rfpp.net\/spip.php?article864\">ronologie de la Commune (Ariane Ascaride) et la Semaine Sanglante (Jacques Rougerie)<\/a> (Fr\u00e9quence Paris plurielle)<\/p>\n\n\n\n<p><a href=\"http:\/\/rfpp.net\/spip.php?article890\">16h La Commune de Paris au jour le jour Du chien dans le ventre &#8211; \u00c9pisode 7<\/a> (Fr\u00e9quence Paris plurielle, 6 mai et podcast)<\/p>\n\n\n\n<p><a href=\"https:\/\/soundcloud.com\/user-501676714\">Eloi Valat la Commune de Paris<\/a> (radio libertaire)<\/p>\n\n\n\n<p><a href=\"https:\/\/www.google.com\/search?client=firefox-b-d&amp;q=la+Clef+des+Ondes+mercredi+5+mai+Louise+Michel+en+cal%C3%A9donie\">la Clef des Ondes 90.10 Louise Michel en Cal\u00e9donie le 5 mai \u00e0 14h<\/a> (la Clef des ondes et Bordeaux colonial)<\/p>\n\n\n\n<p><a href=\"https:\/\/faisonsvivrelacommune.org\/category\/cinema\/\">La Commune \u00e0 l&rsquo;\u00e9cran<\/a> (Faisons vivre la commune)<\/p>\n\n\n\n<p><a href=\"https:\/\/faisonsvivrelacommune.org\/evenement\/representer-la-commune-aujourdhui\/\">Repr\u00e9senter la Commune aujourd\u2019hui (table ronde Raphael Meyssan, Eloi Valat)<\/a> (Faisons vivre la commune)<\/p>\n\n\n\n<p><a href=\"http:\/\/www.rfpp.net\/spip.php?article888\">29 avril 16h Du chien dans le ventre \u00c9pisode 6 La Commune de Paris au jour le jour<\/a> (Fr\u00e9quence Paris Plurielle)<\/p>\n\n\n\n<p><a href=\"https:\/\/www.youtube.com\/watch?reload=9&amp;v=cPIRsuUKVEg\">la Commune de Paris, de l&rsquo;Utopie \u00e0 la m\u00e9moire<\/a> (L\u2019Humanit\u00e9.fr)<\/p>\n\n\n\n<p><a href=\"https:\/\/www.humanite.fr\/videos\/il-y-149-ans-commencait-la-commune-de-paris-686526\">Il y a 150 ans commen\u00e7ait la Commune de Paris<\/a> (L\u2019Humanit\u00e9.fr)<\/p>\n\n\n\n<p><a href=\"https:\/\/la-bas.org\/la-bas-magazine\/entretiens\/Olivier-Besancenot-remettre-la-Commune-en-commun\">Olivier Besancenot : remettre la Commune en commun, et le Comit\u00e9 d&rsquo;histoire de la Ville de Paris<\/a> (L\u00e0 bas si j\u2019y suis)<\/p>\n\n\n\n<p><a href=\"http:\/\/www.rfpp.net\/spip.php?article880\">Livres sur la Commune part. 2, avec un approfondissement sur les livres \u00e9crits par ceux qui ont v\u00e9cu la Commune, Louise Michel, Prosper Olivier Lissagaray, etc<\/a> (Fr\u00e9quence Paris Plurielle)<\/p>\n\n\n\n<p><a href=\"http:\/\/www.rfpp.net\/spip.php?article886\">Du chien dans le ventre \u00c9pisode 5 (podcast) &#8211; La Commune de Paris au jour le jour Une s\u00e9rie en 10 \u00e9pisodes &#8211; Un r\u00e9cit de Patrick Le Moal<\/a><br>(Fr\u00e9quence Paris Plurielle)<\/p>\n\n\n\n<p><a href=\"https:\/\/faisonsvivrelacommune.org\/evenement\/la-commune-a-150-ans-sur-frequence-paris-pluriel\/2021-04-22\/\">La Commune \u00e0 150 ans sur Fr\u00e9quence Paris Plurielle<\/a> 22 avril Midi30 13h30 (fr\u00e9quence paris plurielle)<\/p>\n\n\n\n<p><a href=\"https:\/\/faisonsvivrelacommune.org\/evenement\/la-commune-1871-projection-debat-a-limoges\/\">La Commune (1871) projection-d\u00e9bat \u00e0 Limoges24 avril \u2013 14:00 &#8211; 18:00<\/a> (fr\u00e9quence paris plurielle)<\/p>\n\n\n\n<p><a href=\"https:\/\/www.mediapart.fr\/journal\/culture-idees\/170421\/les-noces-manquees-entre-la-television-et-la-commune?utm_source=20210417&amp;utm_medium=email&amp;utm_campaign=QUOTIDIENNE&amp;utm_content=&amp;utm_term=&amp;xtor=EREC-83-[QUOTIDIENNE]-20210417&amp;M_BT=1234469061543\">Les noces manqu\u00e9es entre la t\u00e9l\u00e9vision et la Commune<\/a> ( M\u00e9diapart)<\/p>\n\n\n\n<p><a href=\"http:\/\/www.rfpp.net\/spip.php?article881\"> <\/a><a href=\"https:\/\/www.mediapart.fr\/studio\/podcasts\/entretien\/pourquoi-la-commune-traverse-le-temps\">Pourquoi la Commune a travers\u00e9 le temps (Entretien avec l&rsquo;historien Quentin Deluermoz)<\/a>(M\u00e9diapart)<\/p>\n\n\n\n<p><a href=\"http:\/\/www.rfpp.net\/spip.php?article881\">Quentin Deluermoz, historien invit\u00e9 par la Carmagnole pour parler de la Commune (podcast)<\/a> (Faisons vivre la Commune fr\u00e9quence Paris Plurielle)<\/p>\n\n\n\n<p><a href=\"http:\/\/www.rfpp.net\/spip.php?article882\">Vendredi 16 avril Mathilde Larr\u00e8re sur les femmes dans La Commune (podcast)<\/a> (Faisons vivre la Commune fr\u00e9quence Paris Plurielle)<\/p>\n\n\n\n<p><a href=\"http:\/\/www.rfpp.net\/spip.php?article883\"> Marc Ternant sur les origines de La Commune (podcast)<\/a> (Faisons vivre la Commune fr\u00e9quence Paris Plurielle)<\/p>\n\n\n\n<p><a href=\"https:\/\/blogs.mediapart.fr\/faisons-vivre-la-commune\/blog\/110421\/die-tage-der-kommune-le-150e-anniversaire-en-allemagne-aussi?utm_source=20210411&amp;utm_medium=email&amp;utm_campaign=QUOTIDIENNE&amp;utm_content=&amp;utm_term=&amp;xtor=EREC-83-[QUOTIDIENNE]-20210411&amp;M_BT=107141677066\">Die Tage der Kommune. Le 150e anniversaire en Allemagne aussi 72 vid\u00e9os, chansons ou po\u00e8mes des Communards<\/a>  (blog m\u00e9diapart Faisons vivre la commune)<\/p>\n\n\n\n<figure class=\"wp-block-image is-resized\"><img data-recalc-dims=\"1\" loading=\"lazy\" decoding=\"async\" src=\"https:\/\/i0.wp.com\/static.mediapart.fr\/etmagine\/default\/files\/2021\/04\/11\/die-tage-der-commune.gif?resize=633%2C235&#038;ssl=1\" alt=\"die-tage-der-commune\" width=\"633\" height=\"235\"\/><\/figure>\n\n\n\n<p><a href=\"https:\/\/faisonsvivrelacommune.org\/evenement\/la-commune-a-150-ans-sur-frequence-paris-pluriel\/2021-04-15\/\">La Commune \u00e0 150 ans sur Fr\u00e9quence Paris Plurielle15 avril \u2013 12:30 &#8211; 13:30|\u00e9v\u00e8nement r\u00e9current (Voir toutes les dates)<\/a> (Faisons vivre la commune)<br><br><a href=\"https:\/\/faisonsvivrelacommune.org\/evenement\/la-plume-et-le-fusil\/2021-04-12\/\">La Plume et le fusil12 avril \u2013 14:00 &#8211; 15:00|\u00e9v\u00e8nement r\u00e9current (Voir toutes les dates)<\/a> (Faisons vivre la commune)<\/p>\n\n\n\n<p><a href=\"https:\/\/www.google.com\/search?client=firefox-b-d&amp;q=Formation+la+commune+vid%C3%A9o+Stathis+Kouv%C3%A9lakis\">Formation la Commune de Paris (vid\u00e9o avec Stathis Kouv\u00e9lakis)<\/a><br><br><a href=\"https:\/\/macommunedeparis.com\/2021\/04\/09\/9-avril-1871-photographier-les-morts\/\"><\/a><a href=\"https:\/\/macommunedeparis.com\/2021\/04\/02\/la-boite-noire-un-court-metrage\/\">La bo\u00eete noire, un court m\u00e9trage\u2026<\/a> (le blog-de mich\u00e8le audin)<\/p>\n\n\n\n<figure class=\"wp-block-image is-resized\"><img data-recalc-dims=\"1\" loading=\"lazy\" decoding=\"async\" src=\"https:\/\/macommunedeparis.files.wordpress.com\/2021\/04\/capture-decran-2021-04-02-a-20.49.53.png?w=816&#038;resize=598%2C325\" alt=\"\" width=\"598\" height=\"325\"\/><\/figure>\n\n\n\n<p><a href=\"https:\/\/faisonsvivrelacommune.org\/evenement\/la-commune-a-150-ans-sur-frequence-paris-pluriel\/2021-04-08\/\">La Commune \u00e0 150 ans sur Fr\u00e9quence Paris Pluriel8 avril \u2013 12:30 &#8211; 13:30|\u00e9v\u00e8nement r\u00e9current (Voir toutes les dates)<\/a> (Faisons vivre la Commune)<\/p>\n\n\n\n<p><a href=\"https:\/\/faisonsvivrelacommune.org\/evenement\/rives-dexil-court-metrage-sur-jules-valles-projection-et-debat\/\">\u201cRives d\u2019exil\u201d, court-m\u00e9trage sur Jules Vall\u00e8s, projection et d\u00e9bat10 avril \u2013 16:30 &#8211; 18:00<\/a> (Faisons vivre la Commune)<\/p>\n\n\n\n<figure class=\"wp-block-image is-resized\"><img data-recalc-dims=\"1\" loading=\"lazy\" decoding=\"async\" src=\"https:\/\/i0.wp.com\/faisonsvivrelacommune.org\/wp-content\/uploads\/2020\/11\/large_5cbb65fb-a717-4663-80e7-5be228a9121d.png?resize=576%2C349&#038;ssl=1\" alt=\"\" width=\"576\" height=\"349\"\/><\/figure>\n\n\n\n<p><a href=\"https:\/\/podcasts.apple.com\/au\/podcast\/jamais-sans-musique-le-si%C3%A8ge-et-la-commune-de-paris-1-5\/id1037705295?i=1000514855541\">Jamais sans musique : le Si\u00e8ge et la Commune de Paris (5 \u00e9pisodes)\u202a\u202c<\/a><br>(France Musique)<\/p>\n\n\n\n<p><a href=\"https:\/\/faisonsvivrelacommune.org\/evenement\/la-commune-de-paris-et-lengagement-des-femmes-conference-virtuelle\/\">La Commune de Paris et l\u2019engagement des femmes conf\u00e9rence virtuelle<\/a> (Rue de la Commune 11 avril)<\/p>\n\n\n\n<p><a href=\"https:\/\/faisonsvivrelacommune.org\/il-faut-sauver-gervaise-le-conte-musical-en-feuilleton\/\">Il faut venger Gervaise, le conte musical en feuilleton<\/a> (Site mairie 20i\u00e8me)<\/p>\n\n\n\n<p><a href=\"https:\/\/faisonsvivrelacommune.org\/la-table-ronde-avec-eloi-valat-et-raphael-meyssan-representer-la-commune-aujourdhui-est-en-ligne\/\">La table-ronde avec \u00c9loi Valat et Rapha\u00ebl Meyssan \u201cRepr\u00e9senter la Commune aujourd\u2019hui\u201d est en ligne<\/a> (Site mairie du 20 i\u00e8me)<\/p>\n\n\n\n<p><a href=\"https:\/\/faisonsvivrelacommune.org\/la-conference-les-femmes-et-la-commune-de-paris-est-disponible-en-video\/\">La conf\u00e9rence Les femmes et la Commune de Paris est disponible en vid\u00e9o<\/a> (Site mairie 20 i\u00e8me)<\/p>\n\n\n\n<p><a href=\"https:\/\/faisonsvivrelacommune.org\/la-conference-sur-les-origines-de-la-commune-disponible-en-video\/\">La conf\u00e9rence sur les origines de la Commune disponible en vid\u00e9o<\/a> (Site mairie du 20 i\u00e8me Faisons vivre la Commune!)<\/p>\n\n\n\n<p><a href=\"https:\/\/faisonsvivrelacommune.org\/evenement\/la-commune-a-150-ans-sur-frequence-paris-pluriel\/2021-04-01\/\">La Commune \u00e0 150 ans sur Fr\u00e9quence Paris Pluriel1 avril \u2013 12:30 &#8211; 13:30|\u00e9v\u00e8nement r\u00e9current (Voir toutes les dates)<\/a> (Faisons vivre la Commune)<\/p>\n\n\n\n<p><a href=\"https:\/\/faisonsvivrelacommune.org\/evenement\/la-boite-noire-un-court-metrage-sur-la-commune\/\">La Bo\u00eete noire un court-m\u00e9trage sur la Commune2 avril \u2013 00:40 &#8211; 3 avril \u2013 01:00<\/a> (Faisons vivre la Commune)<\/p>\n\n\n\n<p><a href=\"https:\/\/www.arte.tv\/fr\/videos\/094482-000-A\/les-damnes-de-la-commune\/\">Les damn\u00e9s de la Commune<\/a> (Arte.tv)<\/p>\n\n\n\n<p><a href=\"https:\/\/la-bas.org\/la-bas-magazine\/reportages\/comprendre-la-commune-de-paris-01-la-revolution-francaise\">TOUTE LA COMMUNE. (re)d\u00e9couvrez les c\u00e9l\u00e8bres \u00e9missions d\u2019Henri Guillemin. Une s\u00e9rie en 13 \u00e9pisodes vid\u00e9o de 30\u2019 chaque jeudi !Comprendre la Commune de Paris : #01 La R\u00e9volution fran\u00e7aise<\/a> (la-bas.org)<br><br><a href=\"https:\/\/www.humanite.fr\/videos\/commune-de-paris-la-croisee-des-chemins-entre-communards-et-insurges-algeriens-701240\">Commune de Paris &#8211; \u00c0 la crois\u00e9e des chemins entre communards et insurg\u00e9s alg\u00e9riens<\/a> (L\u2019Humanit\u00e9 vid\u00e9o)<\/p>\n\n\n\n<p><a href=\"https:\/\/www.humanite.fr\/videos\/commune-de-paris-la-mairie-de-paris-expose-son-heritage-aux-parisiens-701298\">Commune de Paris: La Mairie de Paris expose son h\u00e9ritage aux parisiens<\/a> (L\u2019Humanit\u00e9 vid\u00e9o)<\/p>\n\n\n\n<p><a href=\"https:\/\/www.youtube.com\/watch?v=Qa7yt794ebQ\">C\u00e9r\u00e9monie d&rsquo;ouverture des 150 ans de la Commune de Paris<\/a> (youtube)<\/p>\n\n\n\n<p><a href=\"https:\/\/www.youtube.com\/watch?v=hbeiqKMnJpQ\">Mathilde Larr\u00e8re : \u00ab La Commune n&rsquo;est pas morte mais h\u00e9las, Versailles non plus ! \u00bb<\/a> (youtube)<\/p>\n\n\n\n<p><a href=\"https:\/\/www.monde-diplomatique.fr\/ecouter\/2019-07-Les_Louises_en_insurrection.mp3\">Les Louises en insurrection<\/a> (Podcast, Monde diplomatique)<\/p>\n\n\n\n<p><a href=\"https:\/\/www.commune1871.org\/la-commune-de-paris\/histoire-de-la-commune\/commune-1871-ephemeride\/1167-commune-1871-ephemeride-18-mars-le-parcours-communard-en-video-le-18-mars-vue-de-province\">Commune 1871 : \u00e9ph\u00e9m\u00e9ride &#8211; 18 mars le parcours communard en vid\u00e9o &#8211; le 18 mars vue de province<\/a> (Association les Amies et les Amis de la Commune de Paris 1871)<\/p>\n\n\n\n<p id=\"block-9414f620-e111-407a-aa95-842e16d9d525\"><a href=\"https:\/\/www.facebook.com\/events\/3660292810732495\/?sfnsn=scwspmo\">La Commune de Paris hier et aujourd&rsquo;hui<\/a> (Rencontre FB, M.Audin, L Bantigny.S.Kouv\u00e9lakis)<\/p>\n\n\n\n<p><a href=\"https:\/\/www.commune1871.org\/la-commune-de-paris\/mediatheque\/bibliographie-cinematographie\/777-dossier-cinema\">Dossier Cin\u00e9ma : Les journ\u00e9es de 1871 \u00e0 l\u2019\u00e9cran<\/a> (Association Les Amies et Amis de la Commune de Paris 1871)<\/p>\n\n\n\n<p><a href=\"https:\/\/www.youtube.com\/watch?v=MIi6Dx7JcM0\">\u0422\u0440\u0443\u0431\u043a\u0430 \u043a\u043e\u043c\u043c\u0443\u043d\u0430\u0440\u0430 \/ La pipe du communard (1929)<\/a> (youtube)<\/p>\n\n\n\n<p><a href=\"https:\/\/www.google.com\/search?q=La+Commune,+Watkins&amp;client=firefox-b-d&amp;sxsrf=ALeKk020d1UC29DZs_B19A6aeXjhxQ-\">La Commune,Paris 1871 (Peter Watkins)<\/a> (Google.com)<\/p>\n\n\n\n<p><a href=\"https:\/\/www.youtube.com\/watch?v=PVyn3fic2bc\">M\u00e9moire des lieux- 1er \u00c9pisode 14 rue de la Corderie<\/a> (association des Amies et Amis de la Commune de Paris 1871)<\/p>\n\n\n\n<p><a href=\"https:\/\/www.commune1871.org\/la-commune-de-paris\/histoire-de-la-commune\/chronologie-au-jour-le-jour\/1158-les-graces-aggravantes-la-repression-judiciaire-des-communards\">Sur les traces de&#8230; Maxime Lisbonne : le d&rsquo;Artagnan de la Commune \/ Jacqueline Margueritte, r\u00e9al. ; Claudine Cerf, sc\u00e9nario ; Georges Vilain, <\/a>( BnF Gallica)<\/p>\n\n\n\n<p><a href=\"https:\/\/www.youtube.com\/watch?v=0KmrfWErFZc\">\u00ab\u00a0L&rsquo;\u00e9meute sur la barricade\u00a0\u00bb 1906 Alice Guy<\/a> (association des Amies et Amis de la Commune de Paris 1871)<\/p>\n\n\n\n<p><a href=\"https:\/\/www.youtube.com\/watch?v=zqAXaw0-5wY\">Al gran sole carico d&rsquo;amore-Luigi Nono- (\u00ab\u00a0Au grand soleil d&rsquo;amour charg\u00e9\u00a0\u00bb vers extrait de\u00a0\u00bbLes Mains de Jeanne-Marie\u00a0\u00bb, Arthur Rimbaud<\/a>) (youtube)<\/p>\n\n\n\n<p><a href=\"http:\/\/theatrespolitiques.fr\/2013\/03\/la-venir-de-la-commune-dansal-gran-sole-carico-damorede-luigi-nono\/\">L\u2019\u00c0-venir de la Commune dans Al gran sole carico d\u2019amore de Luigi Nono (1975)<\/a><br>(theatrespolitiques.fr)<\/p>\n\n\n\n<p id=\"block-9414f620-e111-407a-aa95-842e16d9d525\"><a href=\"https:\/\/www.cinearchives.org\/Films-COMMUNE-DE-PARIS-_LA_-447-179-0-1.html\">Commune de Paris( la) de Robert M\u00e9n\u00e9goz (supervis\u00e9 par Andr\u00e9 Marty) 1951<\/a>(cinearchives.org)<\/p>\n\n\n\n<p id=\"block-9414f620-e111-407a-aa95-842e16d9d525\"><a href=\"https:\/\/blogs.mediapart.fr\/faisons-vivre-la-commune\/blog\/030321\/les-damnes-de-la-commune-un-film-documentaire-danimation-de-raphael-meyssan\">Les damn\u00e9s de la Commune, un film documentaire d&rsquo;animation de Rapha\u00ebl Meyssan<\/a> (blog mediapart faisons-vivre-la-commune)<\/p>\n\n\n\n<p id=\"block-9414f620-e111-407a-aa95-842e16d9d525\"><a href=\"https:\/\/lanticapitaliste.org\/evenement\/reunion-en-ligne-1871-2021-la-commune-de-paris-et-nous\">R\u00e9union en ligne \u00ab\u00a01871-2021 : La Commune de Paris et nous\u00a0\u00bb<\/a> (L&rsquo;Anticapitaliste)<\/p>\n\n\n\n<p id=\"block-f19019ab-bafe-4125-bfd2-2e79bebd25b5\"><a href=\"https:\/\/blogs.mediapart.fr\/jean-marc-b\/blog\/270221\/alain-decaux-redonne-vie-louise-michel-la-vierge-rouge-de-la-commune\">Alain Decaux redonne vie \u00e0 Louise Michel, la vierge rouge de la Commune <\/a>-vid\u00e9o<\/p>\n\n\n\n<figure class=\"wp-block-embed is-type-video is-provider-youtube wp-block-embed-youtube wp-embed-aspect-16-9 wp-has-aspect-ratio\"><div class=\"wp-block-embed__wrapper\">\n<iframe loading=\"lazy\" title=\"Alain Decaux : Louise Michel, la vierge rouge de la Commune | Archive INA\" width=\"1200\" height=\"675\" src=\"https:\/\/www.youtube.com\/embed\/11APc3t1e_k?feature=oembed\" frameborder=\"0\" allow=\"accelerometer; autoplay; clipboard-write; encrypted-media; gyroscope; picture-in-picture\" allowfullscreen><\/iframe>\n<\/div><\/figure>\n\n\n\n<p><a href=\"https:\/\/blogs.mediapart.fr\/jean-marc-b\/blog\/270221\/le-cri-du-peuple-chansons-de-la-commune\">Le Cri du Peuple &#8211; Chansons de la Commune <\/a>&#8211; Audio<\/p>\n\n\n\n<figure class=\"wp-block-embed is-type-video is-provider-youtube wp-block-embed-youtube wp-embed-aspect-16-9 wp-has-aspect-ratio\"><div class=\"wp-block-embed__wrapper\">\n<iframe loading=\"lazy\" title=\"Le Cri du Peuple - Chansons de la Commune\" width=\"1200\" height=\"675\" src=\"https:\/\/www.youtube.com\/embed\/x-wvz4Xi-nE?feature=oembed\" frameborder=\"0\" allow=\"accelerometer; autoplay; clipboard-write; encrypted-media; gyroscope; picture-in-picture\" allowfullscreen><\/iframe>\n<\/div><\/figure>\n\n\n\n<p><a href=\"https:\/\/www.youtube.com\/watch?v=4jLXXEdMvDA\">Chansons:les Femmes dans la Commune de Paris ( Pauline Floury S\u00e9verin Vali\u00e8re)<\/a> (youtube)<\/p>\n\n\n\n<figure class=\"wp-block-embed is-type-video is-provider-youtube wp-block-embed-youtube wp-embed-aspect-4-3 wp-has-aspect-ratio\"><div class=\"wp-block-embed__wrapper\">\n<iframe loading=\"lazy\" title=\"Filles d&#039;ouvriers\" width=\"1200\" height=\"900\" src=\"https:\/\/www.youtube.com\/embed\/4jLXXEdMvDA?feature=oembed\" frameborder=\"0\" allow=\"accelerometer; autoplay; clipboard-write; encrypted-media; gyroscope; picture-in-picture\" allowfullscreen><\/iframe>\n<\/div><\/figure>\n\n\n\n<p><a href=\"https:\/\/www.youtube.com\/watch?v=0C3wZ9i7ohA\">S\u00f3lveig Anspach &#8211; Louise Michel, La Rebelle (2010)<\/a> (you tube)<\/p>\n\n\n\n<p id=\"block-2ba1abc9-f418-41f5-81e1-9b39ef7c99aa\"><a href=\"https:\/\/lanticapitaliste.org\/opinions\/culture\/la-commune-en-dubbant\">La Commune en dubbant<\/a> (L\u2019Anticapitaliste)<\/p>\n\n\n\n<figure class=\"wp-block-image is-resized is-style-default\" id=\"block-a0b41542-0f88-4f94-be5e-b8a27e5343f4\"><img data-recalc-dims=\"1\" loading=\"lazy\" decoding=\"async\" src=\"https:\/\/i0.wp.com\/lanticapitaliste.org\/sites\/default\/files\/styles\/largeur_content_hauteur_complet\/public\/dubamix_0.jpg?resize=382%2C382&#038;ssl=1\" alt=\"L\u2019attribut alt de cette image est vide, son nom de fichier est dubamix_0.jpg.\" width=\"382\" height=\"382\"\/><\/figure>\n\n\n\n<p><a href=\"https:\/\/www.forumdesimages.fr\/app_beta.php\/les-rencontres\/toutes-les-rencontres\/la-commune-paris-1871-de-peter-watkins\">\u00ab\u00a0La Commune (Paris, 1871)\u00a0\u00bb de Peter Watkins<\/a> (rencontres forum des images)<\/p>\n\n\n\n<p><a href=\"https:\/\/www.forumdesimages.fr\/les-programmes\/toutes-les-rencontres\/la-nouvelle-babylone-de-gregori-kozintsev-et-leonid-trauberg\">\u00ab\u00a0La Nouvelle Babylone\u00a0\u00bb de Gregori Kozintsev et Leonid Trauberg<\/a> (rencontres forum des images)<\/p>\n\n\n\n<p><a href=\"http:\/\/www.cnt-f.org\/video\/videos\/46-histoire\/210-la-commune-film-darmand-guerra-1914-\">La Commune &#8211; Film d\u2019Armand Guerra &#8211; 1914<\/a> (cnt.f;org\/video) (plan final avec quelques survivant.es dont Nathalie Lemel)<\/p>\n\n\n\n<figure class=\"wp-block-image is-resized\"><img data-recalc-dims=\"1\" loading=\"lazy\" decoding=\"async\" src=\"https:\/\/i0.wp.com\/www.cnt-f.org\/video\/images\/stories\/images\/dessins\/la-commune2.jpg?resize=175%2C131\" alt=\"\" width=\"175\" height=\"131\"\/><\/figure>\n\n\n\n<p><a href=\"https:\/\/www.youtube.com\/watch?v=suvtILLjM6o\">La Commune de Paris &#8211; Karambolage<\/a> (animation ARTE) <sub>Pas trop mal en 5 mn\u2026Un probl\u00e8me toutefois, la citation de Marx parlant de la dictature du prol\u00e9tariat induit en erreur. En effet, il utilise le mot dictature qui avait <a href=\"https:\/\/www.youtube.com\/watch?v=DDAZblBiVXw&amp;feature=emb_logo\">un sens tr\u00e8s diff\u00e9rent de celui qu\u2019il a pris au 20 \u00e8me si\u00e8cle.<\/a><\/sub><\/p>\n\n\n\n<p><a href=\"https:\/\/madelen.ina.fr\/programme\/paris-1871-la-semaine-sanglante\/player\/cpc76051375\/paris-1871-la-semaine-sanglante\">Paris 1871 la semaine sanglante<\/a> (film docu Jean Pierre Gallo, avec abonnement INA) <sub>28 mai 1871 : depuis une semaine, les insurg\u00e9s de Paris se battent contre l\u2019arm\u00e9e de Versailles\u2026.Avec des reconstitutions et des interventions d&rsquo;historiens.<\/sub><\/p>\n\n\n\n<p><a href=\"https:\/\/www.youtube.com\/watch?v=PwXwDp3Ze7Q\">La commune de Paris &#8211; Henri Guillemin<\/a> (You Tube) &#8211; <sub>A savourer !<\/sub><\/p>\n\n\n\n<figure class=\"wp-block-embed is-type-video is-provider-youtube wp-block-embed-youtube wp-embed-aspect-4-3 wp-has-aspect-ratio\"><div class=\"wp-block-embed__wrapper\">\n<iframe loading=\"lazy\" title=\"La commune de Paris  - Henri Guillemin\" width=\"1200\" height=\"900\" src=\"https:\/\/www.youtube.com\/embed\/PwXwDp3Ze7Q?start=16&#038;feature=oembed\" frameborder=\"0\" allow=\"accelerometer; autoplay; clipboard-write; encrypted-media; gyroscope; picture-in-picture\" allowfullscreen><\/iframe>\n<\/div><\/figure>\n\n\n\n<p><a href=\"https:\/\/www.youtube.com\/watch?v=i0CktM5-JD0\">La commune de Paris 1871 <\/a>(Lundi Histoire- La 5)<\/p>\n\n\n\n<p><a href=\"https:\/\/www.lepoint.fr\/musique\/nous-avons-beaucoup-a-apprendre-de-la-commune-de-paris-29-04-2017-2123706_38.php\">Nous avons beaucoup \u00e0 apprendre de la Commune de Paris<\/a> (le point.fr\/musique)<\/p>\n\n\n\n<p><a href=\"https:\/\/www.youtube.com\/watch?reload=9&amp;v=ZDPk3_l42gE\">Jean Ferrat &#8211; la commune<\/a> (You Tube)<\/p>\n\n\n\n<p><strong><span class=\"has-inline-color has-vivid-red-color\">C\u00e9l\u00e9brations ant\u00e9rieures<\/span><\/strong><\/p>\n\n\n\n<p><a href=\"https:\/\/blogs.mediapart.fr\/jean-marc-b\/blog\/290321\/la-memoire-de-la-commune-par-lenine\">\u00c0 la m\u00e9moire de la Commune, par L\u00e9nine (40e anniversaire de la Commune, dans la revue Rabochaya Gazeta)<\/a> (M\u00e9diapart)<\/p>\n\n\n\n<p><a href=\"http:\/\/commune.140.free.fr\/\">La Commune a 140 ans ! par les f\u00e9d\u00e9r\u00e9s de Libourne (site encore actif, livre \u00e0 t\u00e9l\u00e9charger)<\/a> (La Cause du Poulailler)<\/p>\n\n\n\n<figure class=\"wp-block-image is-resized\"><img data-recalc-dims=\"1\" loading=\"lazy\" decoding=\"async\" src=\"https:\/\/i0.wp.com\/commune.140.free.fr\/louise.jpg?resize=158%2C320\" alt=\"louise\" width=\"158\" height=\"320\"\/><figcaption>Louise Michel harangue les Communards Jules Girardet                                                                                                                                        <\/figcaption><\/figure>\n\n\n\n<p><a href=\"https:\/\/raspou.team\/1871\/\">les 140 ans de la Commune<\/a> (raspouteam)<\/p>\n\n\n\n<p><a href=\"https:\/\/www.vie-publique.fr\/discours\/202692-declaration-de-m-raymond-forni-president-de-lassemblee-nationale-sur\">D\u00e9claration de M. Raymond Forni, pr\u00e9sident de l&rsquo;Assembl\u00e9e nationale, sur la comm\u00e9moration de la Commune de Paris, derni\u00e8re guerre civile de l&rsquo;histoire de la France, \u00e0 Paris le 21 novembre 2001.<\/a> (Vie-publique.fr)<\/p>\n\n\n\n<p><a href=\"https:\/\/www.cinearchives.org\/Liste-des-films-100%C3%88ME-ANNIVERSAIRE-DE-LA-COMMUNE-669-480-0-1.html\">100\u00c8ME anniversaire de la Commune<\/a> (cinearchives)<\/p>\n\n\n\n<p><a href=\"https:\/\/www.commune1871.org\/la-commune-de-paris\/histoire-de-la-commune\/a-l-heure-du-bilan\/1097-la-commune-de-paris-a-130-ans-20-artistes-aujourd-hui\">La Commune de Paris a 130 ans &#8211; 20 artistes aujourd\u2019hui<\/a> (exposition les Amies et Amis de la Commune de Paris)<\/p>\n\n\n\n<figure class=\"wp-block-image is-resized\"><img data-recalc-dims=\"1\" loading=\"lazy\" decoding=\"async\" src=\"https:\/\/i0.wp.com\/www.commune1871.org\/images\/PhotothequeAmis\/jpg\/128_12_avril_Courbet_ouverture_musee.jpg?resize=408%2C510&#038;ssl=1\" alt=\"Affiche de la Commune de Paris n\u00b0 128 du 12 avril 1871 sur l'ouverture des mus\u00e9es.\" width=\"408\" height=\"510\" title=\"Affiche de la Commune de Paris n\u00b0 128 du 12 avril 1871 sur l'ouverture des mus\u00e9es.\"\/><\/figure>\n\n\n\n<p><a href=\"http:\/\/lamidu20eme.free.fr\/index.php?page=articles&amp;id=MjIxMDAwMDAwMDAwMA\">Il y a 140 ans La Commune :Le terrible mois de mai de Belleville<\/a> (l\u2019ami du20eme)<\/p>\n\n\n\n<p><a href=\"https:\/\/www.cinearchives.org\/Catalogue-d-exploitation-MANIFESTATION-AU-MUR-DES-FEDERES-494-542-0-1.html?ref=d215d2ef0156549c4f62dc49fc089f73\">Manifestation au mur des F\u00e9d\u00e9r\u00e9s en 1946<\/a> (film docu) <sub>En mai 1946, \u00e0 l\u2019initiative du PCF, en t\u00eate de cort\u00e8ge, Maurice Thorez, Marcel Cachin, Jacques Duclos, Beno\u00eet Frachon et Louis Aragon marchent c\u00f4e \u00e0 c\u00f4te. A la fin , des personnalit\u00e9s, parmi lesquelles les dirigeants du Parti communiste fran\u00e7ais, entrent dans un bistrot. Attabl\u00e9s, Marcel Cachin et Maurice Thorez discutent.&nbsp;<\/sub> <\/p>\n\n\n\n<p><a href=\"https:\/\/www.google.com\/url?sa=t&amp;rct=j&amp;q=&amp;esrc=s&amp;source=web&amp;cd=&amp;ved=2ahUKEwjHh4es9I_uAhUEzlkKHeX0BTkQtwIwAHoECAQQAg&amp;url=https:\/\/www.cinearchives.org\/Liste-des-films-100%C3%88ME-ANNIVERSAIRE-DE-LA-COMMUNE-669-480-0-1.html?&amp;usg=AOvVaw179oS_-o20HxrhzWDb-M_f\">&nbsp;Le PCF f\u00eate le 100\u00e8me anniversaire de La Commune&nbsp;<\/a> &#8211; (film docu) <sub>Le 24 mai 1971, Roger Vuillemenot post\u00e9&nbsp; l\u2019entr\u00e9e du P\u00e8re-Lachaise filme le d\u00e9fil\u00e9 organis\u00e9 par le PCF, les Pionniers de France, Les Amis de la Commune, la CGT, une d\u00e9l\u00e9gation d&rsquo;immigr\u00e9s italiens, le Mouvement de la Jeunesse Communiste, l&rsquo;UEC, le Parti communiste anglais. Des portraits de L\u00e9nine ou de communards comme Louise Michel, Eug\u00e8ne Varlin, Julles Vall\u00e8s, Elisabeth Dmitrieff.<\/sub><\/p>\n\n\n\n<p><a href=\"https:\/\/www.lemonde.fr\/archives\/article\/1971\/05\/18\/quelque-trente-mille-jeunes-gens-ont-celebre-a-paris-le-centenaire-de-la-commune_2477639_1819218.html\">Quelque trente mille jeunes gens ont c\u00e9l\u00e9br\u00e9 \u00e0 Paris le centenaire de La Commune<\/a> (Le Monde) <sub>Dans la vid\u00e9o amateur suivante -malheureusement sans son, une partie du parcours de la manifestation de plus de 30 000 personnes organis\u00e9e par la Ligue Communiste, de nombreuses autres sections de la IV\u00e8me internationale, et Lutte Ouvri\u00e8re, qui descend dans Belleville vers le mur des F\u00e9d\u00e9r\u00e9s au cimeti\u00e8re du P\u00e8re Lachaise.<\/sub><\/p>\n\n\n\n<figure class=\"wp-block-embed is-type-video is-provider-youtube wp-block-embed-youtube wp-embed-aspect-4-3 wp-has-aspect-ratio\"><div class=\"wp-block-embed__wrapper\">\n<iframe loading=\"lazy\" title=\"Manifestation pour l\u2019anniversaire de la Commune en 1971\" width=\"1200\" height=\"900\" src=\"https:\/\/www.youtube.com\/embed\/LBJRPIrghKE?feature=oembed\" frameborder=\"0\" allow=\"accelerometer; autoplay; clipboard-write; encrypted-media; gyroscope; picture-in-picture\" allowfullscreen><\/iframe>\n<\/div><\/figure>\n\n\n\n<p><a href=\"http:\/\/www.association-radar.org\/?Les-chants-de-la-Commune\" title=\"http:\/\/www.association-radar.org\/?Les-chants-de-la-Commune\">Les chants de la Commune<\/a> (Brochure LC pour 100\u00e8me anniversaire)<\/p>\n","protected":false},"excerpt":{"rendered":"<p>Dossier La Commune N\u2019h\u00e9sitez pas \u00e0 recommander d\u2019autres sources au&nbsp;Collectif Sommaire: Articles et ouvrages Audiovisuel C\u00e9l\u00e9brations ant\u00e9rieures Articles et ouvrages Les Reclusiennes 2021(Communardes Communards) Un week-end tr\u00e8s Saison Communarde (Faisons vivre la commune) Van Gogh, Commune et drapeaux rouges (R\u00e9volution permanente) les femmes, c\u2019est encore leur faire subir une violence (le blog de mich\u00e8le audin) &#8230; <a title=\"Dossier La Commune\" class=\"read-more\" href=\"https:\/\/www.rdpemancipation.org\/?p=10596\" aria-label=\"En savoir plus sur Dossier La Commune\">Lire la suite<\/a><\/p>\n","protected":false},"author":2,"featured_media":0,"comment_status":"closed","ping_status":"closed","sticky":false,"template":"","format":"standard","meta":{"_lmt_disableupdate":"no","_lmt_disable":"no","_jetpack_memberships_contains_paid_content":false,"footnotes":""},"categories":[43],"tags":[],"class_list":["post-10596","post","type-post","status-publish","format-standard","hentry","category-dossier-detail"],"modified_by":"fmo","jetpack_featured_media_url":"","jetpack_sharing_enabled":true,"_links":{"self":[{"href":"https:\/\/www.rdpemancipation.org\/index.php?rest_route=\/wp\/v2\/posts\/10596","targetHints":{"allow":["GET"]}}],"collection":[{"href":"https:\/\/www.rdpemancipation.org\/index.php?rest_route=\/wp\/v2\/posts"}],"about":[{"href":"https:\/\/www.rdpemancipation.org\/index.php?rest_route=\/wp\/v2\/types\/post"}],"author":[{"embeddable":true,"href":"https:\/\/www.rdpemancipation.org\/index.php?rest_route=\/wp\/v2\/users\/2"}],"replies":[{"embeddable":true,"href":"https:\/\/www.rdpemancipation.org\/index.php?rest_route=%2Fwp%2Fv2%2Fcomments&post=10596"}],"version-history":[{"count":757,"href":"https:\/\/www.rdpemancipation.org\/index.php?rest_route=\/wp\/v2\/posts\/10596\/revisions"}],"predecessor-version":[{"id":78056,"href":"https:\/\/www.rdpemancipation.org\/index.php?rest_route=\/wp\/v2\/posts\/10596\/revisions\/78056"}],"wp:attachment":[{"href":"https:\/\/www.rdpemancipation.org\/index.php?rest_route=%2Fwp%2Fv2%2Fmedia&parent=10596"}],"wp:term":[{"taxonomy":"category","embeddable":true,"href":"https:\/\/www.rdpemancipation.org\/index.php?rest_route=%2Fwp%2Fv2%2Fcategories&post=10596"},{"taxonomy":"post_tag","embeddable":true,"href":"https:\/\/www.rdpemancipation.org\/index.php?rest_route=%2Fwp%2Fv2%2Ftags&post=10596"}],"curies":[{"name":"wp","href":"https:\/\/api.w.org\/{rel}","templated":true}]}}